{"id":18597,"date":"2019-04-23T12:30:11","date_gmt":"2019-04-23T10:30:11","guid":{"rendered":"https:\/\/le-clairon-nouveau.fr\/wordpress\/?p=18597"},"modified":"2024-02-12T14:20:26","modified_gmt":"2024-02-12T13:20:26","slug":"nucleaire-chimie-en-savoir-plus-sur-les-polluants-et-leur-impact-sanitaire","status":"publish","type":"post","link":"https:\/\/le-clairon-nouveau.fr\/wordpress\/blog\/2019\/04\/23\/nucleaire-chimie-en-savoir-plus-sur-les-polluants-et-leur-impact-sanitaire\/","title":{"rendered":"Nucl\u00e9aire \/ Chimie : en savoir plus sur les polluants et leur impact sanitaire"},"content":{"rendered":"<p style=\"text-align: justify\"><em>Lorsque l&rsquo;on constate \u00e0 quel point la mise en avant du respect des normes permet \u00e0 la puissance publique et aux entreprises de promouvoir de nombreux projets passablement inqui\u00e9tants en mati\u00e8re d&rsquo;environnement et de sant\u00e9 publique [en particulier, pr\u00e8s de Narbonne, le projet THOR de destruction par combustion des d\u00e9chets nitrat\u00e9s de l&rsquo;usine d&rsquo;enrichissement d&rsquo;uranium de Malv\u00e9si], on est fond\u00e9 \u00e0 se poser au moins trois questions. <\/em><\/p>\n<p style=\"text-align: justify\"><em><strong>La premi\u00e8re<\/strong> question porte sur la sinc\u00e9rit\u00e9 de l&rsquo;affirmation selon laquelle les normes sanitaires et environnementales sont respect\u00e9es : sinc\u00e9rit\u00e9 de l&rsquo;exploitant qui soumet son projet aux pouvoirs publics, mais aussi, et peut-\u00eatre surtout, sinc\u00e9rit\u00e9 des pouvoirs publics eux-m\u00eames, souvent tent\u00e9s de fermer les yeux sur des risques majeurs, pour des raisons dites \u00ab\u00a0politiques\u00a0\u00bb. Ou quand\u00a0 le pouvoir se fait juge et partie.<\/em><\/p>\n<p style=\"text-align: justify\"><em><strong>La deuxi\u00e8me question<\/strong> est celle de la pertinence \u00e0 terme de cette affirmation\u00a0: en effet, si un projet respecte les normes \u00ab\u00a0sur le papier\u00a0\u00bb, qu&rsquo;en sera-t-il lorsque ce projet sera en exploitation\u00a0? Un contr\u00f4le sera-t-il effectu\u00e9 pour en v\u00e9rifier l&rsquo;innocuit\u00e9 pour l&rsquo;environnement et la sant\u00e9 publique\u00a0? Quelle sera la sinc\u00e9rit\u00e9 de la restitution des <span class='tooltipsall tooltip_post_id_29829 classtoolTips180'>ces<\/span> contr\u00f4les aupr\u00e8s du public\u00a0? Des proc\u00e9dures seront-elles mises en place pour suspendre ou arr\u00eater d\u00e9finitivement une exploitation qui s&rsquo;av\u00e8rerait dangereuse\u00a0? Etc.<\/em><\/p>\n<p style=\"text-align: justify\"><em><strong>La derni\u00e8re question<\/strong>, que l&rsquo;on se pose peut-\u00eatre moins, est celle de l&rsquo;ad\u00e9quation de ces normes, d\u00e9finies par la puissance publique au travers du l\u00e9gislateur, \u00e0 la r\u00e9alit\u00e9 du terrain. Sur ce\u00a0 point, il est hautement probable que la majorit\u00e9 des citoyens que nous sommes, n&rsquo;est pas en mesure de seulement questionner cette pertinence. Et c&rsquo;est la raison pour laquelle il est tellement facile aux autorit\u00e9s de se retrancher derri\u00e8re l&rsquo;affirmation d&rsquo;une conformit\u00e9 aux normes pour \u00e9teindre toute contestation. <\/em><\/p>\n<p style=\"text-align: justify\"><em>C&rsquo;est aussi la raison pour laquelle il nous a sembl\u00e9 important de demander au Dr Mariette Gerber <sup><a href=\"#footnote_1_18597\" id=\"identifier_1_18597\" class=\"footnote-link footnote-identifier-link\" title=\"m&eacute;decin &eacute;pid&eacute;miologiste, experte &agrave; l&rsquo;ANSES et ancien chercheur &agrave; l&rsquo;Institut du Cancer de Montpellier\">(1)<\/a><\/sup> de bien vouloir nous \u00e9clairer \u00e0 la fois sur la nature et les impacts des polluants, mais aussi sur la difficult\u00e9 \u00e0 analyser pr\u00e9cis\u00e9ment ces impacts, en particulier lorsque les effets des polluants se combinent entre eux. A cet \u00e9gard, il suffit d&rsquo;imaginer un endroit o\u00f9 plusieurs installations seraient successivement implant\u00e9es, chacune respectant rigoureusement les normes. Aura-t-on seulement pr\u00e9vu d&rsquo;analyser les effets de la combinaison des effluents de ces installations sur la sant\u00e9 publique et sur l&rsquo;environnement. <u>Quand cet endroit constitue un bassin d&#8217;emploi de plusieurs milliers ou dizaines de milliers d&#8217;emplois, quelles questions les pouvoirs publics vont-ils d&rsquo;abord se poser\u00a0?<\/u><\/em><\/p>\n<p style=\"text-align: justify\"><strong><em>L&rsquo;article du Dr Gerber nous rappelle utilement que, plut\u00f4t que de se rassurer avec des normes affirm\u00e9es comme respect\u00e9es, il conviendrait de donner la priorit\u00e9 aux alertes \u00e9mises par des scientifiques impartiaux, qui travaillent r\u00e9guli\u00e8rement sur ces questions et savent mettre en avant une notion qui semble \u00e9chapper de plus en plus aux pouvoirs, qu&rsquo;ils soient d&rsquo;argent ou d&rsquo;\u00e9lection: le doute.<\/em><\/strong><\/p>\n<p style=\"text-align: right\"><em>La r\u00e9daction du Clairon de l&rsquo;Atax<\/em><\/p>\n<p>&nbsp;<\/p>\n<p style=\"text-align: center\"><span style=\"font-size: 24pt\"><strong>Les polluants et leur impact sanitaire<\/strong><\/span><\/p>\n<p style=\"text-align: center\"><span style=\"font-size: 18pt\"><em><strong>Infographie supprim\u00e9e suite au harc\u00e8lement d&rsquo;une officine suisse<\/strong><\/em><\/span><\/p>\n<p style=\"text-align: justify\"><span style=\"font-size: 14pt;color: #000080\"><strong>Polluants chimiques et radiations ionisantes\u00a0: deux grandes familles de polluants qui menacent notre sant\u00e9<\/strong><\/span><\/p>\n<p style=\"text-align: justify\">Dans l\u2019air que nous respirons, l\u2019eau que nous buvons, les aliments que nous consommons, se trouvent des substances \u00e9trang\u00e8res \u00e0 notre organisme. Certaines sont des mol\u00e9cules toxiques, <strong>les polluants chimiques<\/strong>, d\u2019autres des atomes capables de se d\u00e9sint\u00e9grer en produisant de l\u2019\u00e9nergie, les <strong>radiations ionisantes<\/strong>.<\/p>\n<p style=\"text-align: justify\"><strong><em>La plupart des mol\u00e9cules chimiques<\/em><\/strong> sont \u00e9limin\u00e9es par des m\u00e9canismes au niveau du foie, dans la circulation sanguine, puis \u00e9limin\u00e9es dans les selles ou l\u2019urine, sans dommage \u00e9vident pour l\u2019organisme. On dit qu\u2019elles sont \u00ab toxiques \u00bb quand elles d\u00e9truisent les cellules ou alt\u00e8rent leur fonction par leurs propri\u00e9t\u00e9 chimiques : ce peut-\u00eatre des effets aigus \u00e0 court terme\u00a0 (irritation de la peau, des yeux, des bronches, etc.), ou \u00e0 moyen terme (handicap mental, caus\u00e9 par des \u00ab\u00a0m\u00e9taux lourds\u00a0\u00bb tels que le plomb ou le mercure,\u00a0 ou les maladies respiratoires caus\u00e9es par la pollution atmosph\u00e9rique, li\u00e9es aux\u00a0 dioxydes d\u2019azote, aux particules fines et \u00e0 l\u2019ozone). A plus long terme, apr\u00e8s un temps de latence, les constituants de la pollution atmosph\u00e9rique provoquent des cancers ; ils sont dits \u00ab<strong>canc\u00e9rig\u00e8nes<\/strong>\u00bb. Autre exemple, le benz\u00e8ne, qui induit une modification g\u00e9n\u00e9tique des globules blancs du sang entra\u00eenant une prolif\u00e9ration cellulaire : ce sont les leuc\u00e9mies. Parfois la mutation g\u00e9n\u00e9tique porte plut\u00f4t sur la fonction d\u2019un organe ou son d\u00e9veloppement ; on dit alors que le polluant est \u00ab mutag\u00e8ne \u00bb. Ou bien il s\u2019attaque sp\u00e9cifiquement \u00e0 l\u2019appareil reproductif, c\u2019est le cas des perturbateurs endocriniens, dits \u00ab<strong><span class='tooltipsall tooltip_post_id_18727 classtoolTips16'>reprotoxiques<\/span><\/strong>\u00bb, entra\u00eenant des malformations des organes sexuels. Ces perturbateurs endocriniens (dioxines, PCB, phtalates..) peuvent \u00eatre canc\u00e9rig\u00e8nes ou reprotoxiques selon l\u2019\u00e2ge ou l\u2019\u00e9tat physiologique de l\u2019individu. On les trouve dans de nombreux plastiques, des pesticides, et dans les effluents de combustion.<\/p>\n<p style=\"text-align: justify\"><strong><em>Pour les radiations ionisantes,<\/em><\/strong> l\u2019intensit\u00e9 de l\u2019\u00e9nergie d\u00e9livr\u00e9e aux cellules est un facteur important de l\u2019impact sanitaire\u00a0: les \u00e9l\u00e9ments radioactifs induiront la <strong>mort cellulaire,<\/strong> quand l\u2019\u00e9nergie atteignant l\u2019organisme est tr\u00e8s \u00e9lev\u00e9e, ou une mutation g\u00e9n\u00e9tique susceptible d\u2019induire un cancer, quand elle est plus faible. L\u2019intensit\u00e9 de l\u2019\u00e9nergie d\u00e9livr\u00e9e d\u00e9pend de la richesse de la source en atomes radioactifs. Les radiations ionisantes sont canc\u00e9rig\u00e8nes mais peuvent aussi induire des l\u00e9sions du syst\u00e8me cardio-vasculaire. <u>L\u2019impact sanitaire de l\u2019uranium qui \u00e9met des radiations ionisantes est aussi d\u00fb \u00e0 sa toxicit\u00e9 chimique pour le rein et le cerveau.<\/u><\/p>\n<p style=\"text-align: justify\">On consid\u00e8re g\u00e9n\u00e9ralement qu\u2019il existe un <em>\u00ab\u00a0<\/em><strong>seuil<em>\u00a0<\/em>de dose<\/strong> \u00bb n\u00e9cessaire pour observer des effets aigus des toxiques chimiques ou des effets imm\u00e9diats de la radioactivit\u00e9, mort (pour des doses sup\u00e9rieures \u00e0 50 Gray <sup><a href=\"#footnote_2_18597\" id=\"identifier_2_18597\" class=\"footnote-link footnote-identifier-link\" title=\"le gray (symbole Gy) est l&rsquo;unit&eacute; d&eacute;riv&eacute;e de dose absorb&eacute;e du Syst&egrave;me International d&rsquo;unit&eacute;s\">(2)<\/a><\/sup>, br\u00fblures g\u00e9n\u00e9ralis\u00e9es, aplasie m\u00e9dullaire <sup><a href=\"#footnote_3_18597\" id=\"identifier_3_18597\" class=\"footnote-link footnote-identifier-link\" title=\"maladie du sang caract&eacute;ris&eacute;e par la rar&eacute;faction de la mo&euml;lle osseuse, entra&icirc;nant une diminution de la production des cellules sanguines (globules rouges et blancs, plaquettes) &ndash; source Vulgaris M&eacute;dical\">(3)<\/a><\/sup> (20 \u00e0 30 <strong>Gy<\/strong>) observ\u00e9s quand les radiations ionisantes produisent une \u00e9nergie tr\u00e8s \u00e9lev\u00e9e (exposition d\u2019une population \u00e0 l\u2019explosion d\u2019une bombe nucl\u00e9aire ou des liquidateurs lors d\u2019un accident de r\u00e9acteur).<\/p>\n<p style=\"text-align: justify\"><strong><em>Pour les effets canc\u00e9rig\u00e8nes, mutag\u00e8nes ou reprotoxiques<\/em> (CMR), <em>d\u2019autres facteurs que la quantit\u00e9 \u00e9mise doivent \u00eatre consid\u00e9r\u00e9s pour \u00e9valuer la dose d\u2019un polluant, chimique ou radioactif, susceptible d\u2019entra\u00eener un effet sanitaire\u00a0: dur\u00e9e de l\u2019exposition, \u00e9tat physiologique de l\u2019individu (son \u00e2ge notamment), cible dans l\u2019organisme et type de rayonnement (pour les radiations ionisantes)<\/em>. <em>De plus, on a de bonnes raisons de penser que la pr\u00e9sence \u00e9ventuelle de plusieurs polluants entra\u00eenera une augmentation de risque sanitaire, appel\u00e9<\/em><\/strong><em> \u00ab\u00a0<\/em><strong>effet cocktail\u00a0\u00bb<\/strong><em>.<\/em><\/p>\n<p><span style=\"color: #000080\"><strong><span style=\"font-size: 14pt\">Les effets des pollutions sur notre organisme\u00a0:<\/span> <\/strong><\/span><\/p>\n<p style=\"text-align: justify\">Pour beaucoup de<em> <strong>toxiques<\/strong><\/em><strong> <em>chimiques<\/em><\/strong> comme <em>le benz\u00e8ne<\/em>, la <strong>relation dose-effet<\/strong> est une droite, ce qui veut dire que plus la quantit\u00e9 de polluant chimique est importante plus on comptera d\u2019effets sant\u00e9 dans la population expos\u00e9e, mais surtout que, d\u00e8s la premi\u00e8re mol\u00e9cule, il y a un risque, m\u00eame s\u2019il est tr\u00e8s faible (il atteindra de l\u2019ordre d\u20191 personne sur 1 million, donc non identifiable). Et plus l\u2019exposition durera, plus le risque canc\u00e9rig\u00e8ne augmentera.<\/p>\n<p style=\"text-align: justify\">Pour les <strong><em>perturbateurs endocriniens<\/em><\/strong><em>,<\/em> il en va diff\u00e9remment: la relation dose-effet est en U renvers\u00e9, ce qui veut dire que les doses interm\u00e9diaires sont celles qui sont les plus \u00e0 risque. Ainsi, parmi les femmes vivant autour de <span class='tooltipsall tooltip_post_id_19989 classtoolTips59'>Seveso<\/span>, lors du grave accident li\u00e9 \u00e0 une lib\u00e9ration accidentelle de <strong>dioxine<\/strong>, celles chez qui l\u2019on a observ\u00e9 le plus de cancers du sein n\u2019\u00e9taient pas celles ayant un taux de dioxine dans le sang le plus \u00e9lev\u00e9, mais celles qui avaient un taux moyen. Pour les effets reprotoxiques, les conditions d\u2019exposition sont encore plus contraignantes\u00a0: c\u2019est le moment de l\u2019exposition qui est le plus important\u00a0: le f\u0153tus (donc les femmes enceintes), les enfants en bas-\u00e2ge et les adolescents sont le plus sensibles. <strong>Il est donc tr\u00e8s difficile de proposer une norme, il faut tendre vers 0.<\/strong><\/p>\n<p style=\"text-align: justify\">Pour les <strong><em>radiations ionisantes,<\/em><\/strong> la relation dose-effet est aussi une droite : plus l\u2019intensit\u00e9 de l\u2019\u00e9nergie des radiations ionisantes est importante, plus on comptera d\u2019effets sant\u00e9 dans la population expos\u00e9e, d\u2019o\u00f9 la n\u00e9cessit\u00e9 de prendre en compte les faibles doses. Comme pour le benz\u00e8ne, la dur\u00e9e de l\u2019exposition est un facteur de gravit\u00e9, la dose absorb\u00e9e par l\u2019organise augmente avec le temps. Tout cela a \u00e9t\u00e9 bien d\u00e9montr\u00e9 dans une grande \u00e9tude internationale sur les travailleurs du nucl\u00e9aire, l\u2019\u00e9tude INWORKS (2015).<\/p>\n<p><em><strong>Infographie supprim\u00e9e suite au harc\u00e8lement d&rsquo;une officine suisse<\/strong><\/em><\/p>\n<p style=\"text-align: justify\">Mais il y a encore deux facteurs \u00e0 consid\u00e9rer : l\u2019un est le type de rayonnement consid\u00e9r\u00e9, l\u2019autre l\u2019organe cible. En effet certains radionucl\u00e9ides <sup><a href=\"#footnote_4_18597\" id=\"identifier_4_18597\" class=\"footnote-link footnote-identifier-link\" title=\"un radionucl&eacute;ide est un atome radioactif pouvant muter, se transformer en un autre atome\">(4)<\/a><\/sup> \u00e9mettent un <strong>rayonnement dit <span style=\"font-size: 14pt\">\u03b1<\/span><\/strong>\u00a0(\u00ab\u00a0alpha\u00a0\u00bb), tr\u00e8s peu p\u00e9n\u00e9trant : il d\u00e9pose toute son \u00e9nergie sur les premi\u00e8res cellules qu\u2019il rencontre, induisant des dommages importants aux cellules atteintes que l\u2019on dit contamin\u00e9es : le poumon si le radionucl\u00e9ide est inhal\u00e9. Si le radionucl\u00e9ide est absorb\u00e9 \u00e0 partir d\u2019aliments contamin\u00e9s, le tube digestif peut \u00eatre atteint, mais plus souvent, le radionucl\u00e9ide passe dans la circulation et atteint un organe cible (par exemple le plutonium va atteindre les os). Dans le cas de contamination, compar\u00e9 \u00e0 une irradiation externe avec des <strong>rayons <span style=\"font-size: 14pt\">\u03b3<\/span><\/strong> (\u00ab\u00a0gamma\u00a0\u00bb) tr\u00e8s p\u00e9n\u00e9trants, la dose re\u00e7ue est multipli\u00e9e par un facteur de pond\u00e9ration \u00e9lev\u00e9 lorsque l\u2019on \u00e9value la\u00a0 dose re\u00e7ue effectivement par l\u2019organisme. <strong>Les organes de notre corps ont des sensibilit\u00e9s diff\u00e9rentes aux radiations ionisantes<\/strong>, donc on va leur adjoindre un coefficient pour \u00e9valuer la dose \u00e0 laquelle ils sont expos\u00e9s\u00a0: la moelle osseuse, le poumon, le sein sont parmi les organes les plus sensibles.<\/p>\n<p style=\"text-align: justify\">Ainsi, lorsque l\u2019on \u00e9value la dose \u00e0 laquelle a pu \u00eatre expos\u00e9e une personne, on doit prendre tous ces facteurs en consid\u00e9ration. La dose est alors mesur\u00e9e en <strong>Sievert<\/strong>. On peut utiliser le <strong>Gy<\/strong> (dose absorb\u00e9e simple, sans coefficients de pond\u00e9ration) quand il d\u2019agit des rayons \u03b3 dont la cible est essentiellement la moelle osseuse.<\/p>\n<p style=\"text-align: justify\"><strong><em>On comprend que dans un tel contexte il soit particuli\u00e8rement difficile d\u2019\u00e9tablir des normes !<\/em><\/strong><\/p>\n<p><span style=\"font-size: 14pt;color: #000080\"><strong>L\u2019effet cocktail\u00a0? Un facteur m\u00e9connu \u2026<\/strong><\/span><\/p>\n<p style=\"text-align: justify\">Il existe encore un facteur \u00e0 prendre en compte, qui est scientifiquement moins bien connu, mais recherch\u00e9 activement actuellement, aussi bien pour les toxiques chimiques que pour les radiations ionisantes.<\/p>\n<p style=\"text-align: justify\">La recherche est plus avanc\u00e9e pour les toxiques chimiques, notamment pour les perturbateurs endocriniens\u00a0: un chercheur de l\u2019Institut du Cancer de Montpellier, Patrick Balaguer, a montr\u00e9 qu\u2019i<strong>l fallait la fixation de deux mol\u00e9cules diff\u00e9rentes pour stimuler anormalement un r\u00e9cepteur endocrinien<\/strong>, pouvant ainsi induire un effet <span class='tooltipsall tooltip_post_id_18727 classtoolTips16'>reprotoxique<\/span> ou canc\u00e9rig\u00e8ne.<\/p>\n<p style=\"text-align: justify\">Les\u00a0 recherches sont en cours pour les radionucl\u00e9ides. <strong>Des chercheurs \u00e0 l\u2019<span class='tooltipsall tooltip_post_id_3613 classtoolTips105'>IRSN<\/span> ont montr\u00e9 que l\u2019on pouvait observer des alt\u00e9rations tr\u00e8s faibles du g\u00e9nome avec de faibles expositions, sans autres signes de mutation ou de prolif\u00e9ration. Il faut rechercher si un autre facteur est capable de les faire \u00e9voluer vers un effet canc\u00e9rig\u00e8ne<\/strong>. On sait par exemple que, chez les adolescentes en p\u00e9riode de pubert\u00e9 \u00e0 Hiroshima et Nagasaki, l\u2019incidence des cancers du sein \u00e9tait plus \u00e9lev\u00e9e pour une m\u00eame exposition que celle des femmes adultes. On peut penser que chez ces jeunes filles l\u2019augmentation de la synth\u00e8se d\u2019\u0153strog\u00e8ne li\u00e9e \u00e0 la pubert\u00e9 a favoris\u00e9 la prolif\u00e9ration de cellules faiblement modifi\u00e9es par la radioactivit\u00e9, d\u2019o\u00f9 l\u2019apparition d\u2019un risque augment\u00e9 de cancers du sein.<\/p>\n<p style=\"text-align: justify\"><strong>Tous ces exemples illustrent la complexit\u00e9 de l\u2019\u00e9tude et de l\u2019analyse de l\u2019impact sanitaire des\u00a0 polluants li\u00e9s \u00e0 l\u2019industrie chimique et nucl\u00e9aire. A cette difficult\u00e9 s\u2019ajoute celle de la mesure sp\u00e9cifique de chacun des polluants\u00a0: par exemple quand on mesure en bloc les <span class='tooltipsall tooltip_post_id_21204 classtoolTips199'>COV<\/span> dans des effluents qui contiennent \u00e0 la fois des polluants r\u00e9pondant \u00e0 une relation dose-effet lin\u00e9aire et d\u2019autres r\u00e9pondant \u00e0 une relation dose-effet en U renvers\u00e9, comme cela est indiqu\u00e9 dans l\u2019arr\u00eat\u00e9 pr\u00e9fectoral autorisant l\u2019exploitation du proc\u00e9d\u00e9 <span class='tooltipsall tooltip_post_id_3610 classtoolTips37'>THOR<\/span> \u00e0 Malvesi, on comprend que les r\u00e9sultats d\u2019une telle analyse n\u2019ont aucun sens pour \u00e9valuer un impact sanitaire. Donner une autorisation d\u2019exploiter avec de telles lacunes est une erreur significative au regard de la sant\u00e9 publique.<\/strong><\/p>\n<p><strong>\u00a0<\/strong><\/p>\n<p style=\"text-align: right\"><em>Mariette Gerber M.D., Ph.D., pour le Clairon de l\u2019Atax le 09\/04\/2019<\/em><\/p>\n<p>&nbsp;<\/p>\n<script type=\"text\/javascript\"> var tt_store_content = \"\\<p\\>La <span class='tooltipsall tooltip_post_id_18727 classtoolTips16'>reprotoxicit\u00e9<\/span> est tout ph\u00e9nom\u00e8ne de toxicit\u00e9 \\(en particulier par substances chimiques ou rayonnements\\) pouvant alt\u00e9rer la fertilit\u00e9 de l\u2019homme ou de la femme, ou alt\u00e9rer le d\u00e9veloppement de l\u2019enfant \u00e0 na\u00eetre \\(avortement spontan\u00e9, malformation\u2026\\) \\- Source Wikipedia\\<\\\/p\\>\"; toolTips('.classtoolTips16',tt_store_content,'18727'); <\/script><script type=\"text\/javascript\"> var tt_store_content = \"\\<p\\>La reprotoxicit\u00e9 est tout ph\u00e9nom\u00e8ne de toxicit\u00e9 \\(en particulier par substances chimiques ou rayonnements\\) pouvant alt\u00e9rer la fertilit\u00e9 de l\u2019homme ou de la femme, ou alt\u00e9rer le d\u00e9veloppement de l\u2019enfant \u00e0 na\u00eetre \\(avortement spontan\u00e9, malformation\u2026\\) \\- Source Wikipedia\\<\\\/p\\>\"; toolTips('.classtoolTips16',tt_store_content,'18727'); <\/script><script type=\"text\/javascript\"> var tt_store_content = \"\\<p style\\='text\\-align\\: center;'\\>\\<span style\\='font\\-size\\: 14pt;'\\>\\<strong\\>T\\<\\\/strong\\>raitement\\<strong\\> D\\<\\\/strong\\>es\\<strong\\> N\\<\\\/strong\\>itrates\\<strong\\> \\(<span class='tooltipsall tooltip_post_id_3610 classtoolTips37'>TDN<\/span>\\)<br\/>TH\\<\\\/strong\\>ermal\\<strong\\> O\\<\\\/strong\\>rganic\\<strong\\> R\\<\\\/strong\\>eduction\\<strong\\> \\(THOR\\)\\<\\\/strong\\>\\<\\\/span\\>\\<\\\/p\\><br\/>\\<p style\\='text\\-align\\: justify;'\\>Proc\u00e9d\u00e9 envisag\u00e9 par la soci\u00e9t\u00e9 AREVA pour retraiter les d\u00e9chets nitrat\u00e9s et radio\\-actifs issus de son activit\u00e9 d'enrichissement de l'uranium, phase I de la pr\u00e9paration du combustible des centrales nucl\u00e9aires\\.\\<\\\/p\\><br\/>\\<p style\\='text\\-align\\: justify;'\\>Cette activit\u00e9 est mise en \u0153uvre dans l'usine de Malv\u00e9si \u00e0 quelques kilom\u00e8tres de Narbonne\\.\\<\\\/p\\><br\/>\\<p style\\='text\\-align\\: justify;'\\>Ce proc\u00e9d\u00e9, potentiellement tr\u00e8s toxique pour la sant\u00e9 et l'environnement, est au centre d'une vive opposition de la part des riverains et \u00e0 laquelle le Clairon s'associe \\(\\<a href\\='https\\:\\\/\\\/le\\-clairon\\-nouveau\\.fr\\\/wordpress\\\/dossiers\\\/dossier\\-malvesi\\-areva\\\/' target\\='_blank' rel\\='noopener'\\>voir notre dossier\\<\\\/a\\> sur le sujet\\)\\.\\<\\\/p\\>\"; toolTips('.classtoolTips37',tt_store_content,'3610'); <\/script><script type=\"text\/javascript\"> var tt_store_content = \"\\<p\\>Seveso \\: suite \u00e0 une directive europ\u00e9enne qui impose \u00e0 ses \u00e9tats membres d'identifier les sites industriels pr\u00e9sentant des risque majeurs sous la d\u00e9nomination 'sites seveso', les \u00e9tablissements industriels civils sont class\u00e9s selon leurs risques d'al\u00e9as 'seveso bas' , 'seveso moyen' et 'seveso haut'\\. Cette directive ne concerne pas les rayons ionisants\\.\\<\\\/p\\>\"; toolTips('.classtoolTips59',tt_store_content,'19989'); <\/script><script type=\"text\/javascript\"> var tt_store_content = \"\\<p\\>Seveso \\: suite \u00e0 une directive europ\u00e9enne qui impose \u00e0 ses \u00e9tats membres d'identifier les sites industriels pr\u00e9sentant des risque majeurs sous la d\u00e9nomination 'sites seveso', les \u00e9tablissements industriels civils sont class\u00e9s selon leurs risques d'al\u00e9as 'seveso bas' , 'seveso moyen' et 'seveso haut'\\. Cette directive ne concerne pas les rayons ionisants\\.\\<\\\/p\\>\"; toolTips('.classtoolTips59',tt_store_content,'19989'); <\/script><script type=\"text\/javascript\"> var tt_store_content = \"\\<p style\\='text\\-align\\: center;'\\>\\<span style\\='font\\-size\\: 14pt;'\\>\\<strong\\>A\\<\\\/strong\\>gence \\<strong\\>N\\<\\\/strong\\>ationale de \\<strong\\>SE\\<\\\/strong\\>curit\u00e9 \\<strong\\>S\\<\\\/strong\\>anitaire de l\u2019alimentation, de l\u2019environnement et du travail\\<\\\/span\\>\\<\\\/p\\>\"; toolTips('.classtoolTips95',tt_store_content,'6881'); <\/script><script type=\"text\/javascript\"> var tt_store_content = \"\\<p style\\='text\\-align\\: center;'\\>\\<span style\\='font\\-size\\: 14pt;'\\>\\<strong\\>I\\<\\\/strong\\>nstitut \\<strong\\>N\\<\\\/strong\\>ational de \\<strong\\>R\\<\\\/strong\\>adioprotection\\<\\\/span\\><br\/>\\<span style\\='font\\-size\\: 14pt;'\\> et de \\<strong\\>S\\<\\\/strong\\>\u00fbret\u00e9 \\<strong\\>N\\<\\\/strong\\>ucl\u00e9aire\\<\\\/span\\>\\<\\\/p\\>\"; toolTips('.classtoolTips105',tt_store_content,'3613'); <\/script><script type=\"text\/javascript\"> var tt_store_content = \"Le <span class='tooltipsall tooltip_post_id_3743 classtoolTips128'>CIRC<\/span> est le&nbsp; \\<a href\\='https\\:\\\/\\\/fr\\.wikipedia\\.org\\\/wiki\\\/Centre_international_de_recherche_sur_le_cancer' target\\='_blank' rel\\='noopener'\\>Centre international de Recherche sur le Cancer\\<\\\/a\\>, cr\u00e9\u00e9 en 1965 par l\u2019\\<a href\\='https\\:\\\/\\\/fr\\.wikipedia\\.org\\\/wiki\\\/Organisation_mondiale_de_la_sant%C3%A9' target\\='_blank' rel\\='noopener'\\>Organisation Mondiale de la Sant\u00e9\\<\\\/a\\> \\(OMS\\) des \\<a href\\='https\\:\\\/\\\/fr\\.wikipedia\\.org\\\/wiki\\\/Organisation_des_Nations_unies' target\\='_blank' rel\\='noopener'\\>Nations Unies\\<\\\/a\\>\\.\"; toolTips('.classtoolTips128',tt_store_content,'3743'); <\/script><script type=\"text\/javascript\"> var tt_store_content = \"\\<p style\\='text\\-align\\: center;'\\>\\<strong\\>\\<span style\\='font\\-size\\: 14pt;'\\>S\\<\\\/span\\>\\<\\\/strong\\>\\<span style\\='font\\-size\\: 14pt;'\\>oci\u00e9t\u00e9 d'\\<strong\\>\u00c9\\<\\\/strong\\>conomie \\<strong\\>M\\<\\\/strong\\>ixte\\<\\\/span\\>\\<\\\/p\\><br\/>\\<p style\\='text\\-align\\: justify;'\\>En France, une soci\u00e9t\u00e9 d'\u00e9conomie mixte est une soci\u00e9t\u00e9 anonyme dont le capital est majoritairement d\u00e9tenu par une ou plusieurs personnes publiques \\(\u00e0 savoir l'\u00c9tat, une Collectivit\u00e9 territoriale, ou tout autre \u00c9tablissement public\\)\\. Cette participation majoritaire publique est plafonn\u00e9e \u00e0 85&nbsp;% du capital depuis la Loi du 2 janvier 2002\\. Au moins une personne priv\u00e9e doit participer au capital de la <span class='tooltipsall tooltip_post_id_7168 classtoolTips142'>SEM<\/span>, sachant qu'il peut s'agir d'une autre SEM\\.\\<\\\/p\\><br\/>\\<p style\\='text\\-align\\: justify;'\\>\\<strong\\>Le recours \u00e0 la SEM garantit\\<\\\/strong\\> \u00e0 la collectivit\u00e9 publique actionnaire et cocontractante \\<strong\\>la prise en compte effective de l'int\u00e9r\u00eat g\u00e9n\u00e9ral\\<\\\/strong\\> dans les objectifs de l'entreprise \\<strong\\>et la souplesse de la soci\u00e9t\u00e9 de droit priv\u00e9\\<\\\/strong\\>\\.\\<\\\/p\\><br\/>\\<em\\>\\<a href\\='https\\:\\\/\\\/fr\\.wikipedia\\.org\\\/wiki\\\/Soci%C3%A9t%C3%A9_d%27%C3%A9conomie_mixte' target\\='_blank' rel\\='noopener'\\>Voir ici la page Wikipedia consacr\u00e9e aux SEM\\<\\\/a\\> \\<\\\/em\\><br\/><br\/>&nbsp;\"; toolTips('.classtoolTips142',tt_store_content,'7168'); <\/script><script type=\"text\/javascript\"> var tt_store_content = \"\\<p style\\='text\\-align\\: center;'\\>\\<strong\\>Aide Personnalis\u00e9e au Logement\\<\\\/strong\\>\\<\\\/p\\>\"; toolTips('.classtoolTips147',tt_store_content,'3595'); <\/script><script type=\"text\/javascript\"> var tt_store_content = \"\\<p style\\='text\\-align\\: center;'\\>\\<span style\\='font\\-size\\: 14pt;'\\>\\<strong\\>I\\<\\\/strong\\>mp\u00f4t sur la \\<strong\\>F\\<\\\/strong\\>ortune \\<strong\\>I\\<\\\/strong\\>mmobili\u00e8re\\<\\\/span\\>\\<\\\/p\\>\"; toolTips('.classtoolTips148',tt_store_content,'5643'); <\/script><script type=\"text\/javascript\"> var tt_store_content = \"\\<p style\\='text\\-align\\: center;'\\>\\<span style\\='font\\-size\\: 14pt;'\\>\\<strong\\>R\\<\\\/strong\\>\u00e9pertoire \\<strong\\>N\\<\\\/strong\\>ational des \\<strong\\>A\\<\\\/strong\\>ssociations\\<\\\/span\\>\\<\\\/p\\>\"; toolTips('.classtoolTips159',tt_store_content,'24374'); <\/script><script type=\"text\/javascript\"> var tt_store_content = \"\\<p style\\='text\\-align\\: center;'\\>\\<strong\\>\\<span style\\='font\\-size\\: 14pt;'\\>G\\<\\\/span\\>\\<\\\/strong\\>\\<span style\\='font\\-size\\: 14pt;'\\>az \u00e0 \\<strong\\>E\\<\\\/strong\\>ffet de \\<strong\\>S\\<\\\/strong\\>erre\\<\\\/span\\>\\<\\\/p\\><br\/>\\<p style\\='text\\-align\\: justify;'\\>Les gaz \u00e0 effet de serre \\(<span class='tooltipsall tooltip_post_id_7232 classtoolTips161'>GES<\/span>\\) sont des composants gazeux qui absorbent le rayonnement infrarouge \u00e9mis par la surface terrestre et contribuent \u00e0 l'effet de serre\\. L'augmentation de leur concentration dans l'atmosph\u00e8re terrestre est l'un des facteurs \u00e0 l'origine du r\u00e9chauffement climatique\\.\\<\\\/p\\><br\/>\\<a href\\='https\\:\\\/\\\/fr\\.wikipedia\\.org\\\/wiki\\\/Gaz_%C3%A0_effet_de_serre' target\\='_blank' rel\\='noopener'\\>\\<em\\>Voir ici la fiche Wikipedia sur les gaz \u00e0 effet de serre\\<\\\/em\\>\\<\\\/a\\>\"; toolTips('.classtoolTips161',tt_store_content,'7232'); <\/script><script type=\"text\/javascript\"> var tt_store_content = \"\\<p style\\='text\\-align\\: justify'\\>La \u00ab\u00a0\\<b\\>programmation pluriannuelle de l'\u00e9nergie\\<\\\/b\\>\u00a0\u00bb \\(<span class='tooltipsall tooltip_post_id_7750 classtoolTips164'>PPE<\/span>\\) est, en France, un document strat\u00e9gique de pilotage de la transition \u00e9nerg\u00e9tique\\. Institu\u00e9e par l'article 176 de la \\<a title\\='Loi relative \u00e0 la transition \u00e9nerg\u00e9tique pour la croissance verte' href\\='https\\:\\\/\\\/fr\\.wikipedia\\.org\\\/wiki\\\/Loi_relative_%C3%A0_la_transition_%C3%A9nerg%C3%A9tique_pour_la_croissance_verte'\\>loi de transition \u00e9nerg\u00e9tique\\<\\\/a\\> \\(TECV\\), elle fixe une trajectoire pour le \\<a title\\='Mix \u00e9nerg\u00e9tique' href\\='https\\:\\\/\\\/fr\\.wikipedia\\.org\\\/wiki\\\/Mix_%C3%A9nerg%C3%A9tique'\\>mix \u00e9nerg\u00e9tique\\<\\\/a\\>, ainsi que \\<span class\\='citation'\\>\u00ab\u00a0les priorit\u00e9s d'action pour la gestion de l\u2019ensemble des formes d'\u00e9nergie sur le territoire m\u00e9tropolitain continental, afin d\u2019atteindre les objectifs nationaux fix\u00e9s par la loi\u00a0\u00bb\\<\\\/span\\>\\. \\(Wikip\u00e9dia\\)\\<\\\/p\\>\"; toolTips('.classtoolTips164',tt_store_content,'7750'); <\/script><script type=\"text\/javascript\"> var tt_store_content = \"\\<p style\\='text\\-align\\: justify'\\>La \u00ab\u00a0\\<b\\>programmation pluriannuelle de l'\u00e9nergie\\<\\\/b\\>\u00a0\u00bb \\(PPE\\) est, en France, un document strat\u00e9gique de pilotage de la transition \u00e9nerg\u00e9tique\\. Institu\u00e9e par l'article 176 de la \\<a title\\='Loi relative \u00e0 la transition \u00e9nerg\u00e9tique pour la croissance verte' href\\='https\\:\\\/\\\/fr\\.wikipedia\\.org\\\/wiki\\\/Loi_relative_%C3%A0_la_transition_%C3%A9nerg%C3%A9tique_pour_la_croissance_verte'\\>loi de transition \u00e9nerg\u00e9tique\\<\\\/a\\> \\(TECV\\), elle fixe une trajectoire pour le \\<a title\\='Mix \u00e9nerg\u00e9tique' href\\='https\\:\\\/\\\/fr\\.wikipedia\\.org\\\/wiki\\\/Mix_%C3%A9nerg%C3%A9tique'\\>mix \u00e9nerg\u00e9tique\\<\\\/a\\>, ainsi que \\<span class\\='citation'\\>\u00ab\u00a0les priorit\u00e9s d'action pour la gestion de l\u2019ensemble des formes d'\u00e9nergie sur le territoire m\u00e9tropolitain continental, afin d\u2019atteindre les objectifs nationaux fix\u00e9s par la loi\u00a0\u00bb\\<\\\/span\\>\\. \\(Wikip\u00e9dia\\)\\<\\\/p\\>\"; toolTips('.classtoolTips164',tt_store_content,'7750'); <\/script><script type=\"text\/javascript\"> var tt_store_content = \"\\<p style\\='text\\-align\\: justify;'\\>Le Conseil d'Orientation des Retraites est une instance qui r\u00e9unit &nbsp;\\<span class\\='st'\\>les principaux acteurs du champ des retraites\\<\\\/span\\> et effectue un travail d'\u00e9tudes et de concertation\\. Compos\u00e9 de parlementaires, de repr\u00e9sentants des organisations professionnelles et syndicales, des retrait\u00e9s et des familles, de membres de l'administration et d'experts, le Conseil d'orientation des retraites \\(<span class='tooltipsall tooltip_post_id_7751 classtoolTips165'>COR<\/span>\\) est plac\u00e9 aupr\u00e8s du Premier ministre\\.\\<\\\/p\\>\"; toolTips('.classtoolTips165',tt_store_content,'7751'); <\/script><script type=\"text\/javascript\"> var tt_store_content = \"Energies Renouvelables\"; toolTips('.classtoolTips167',tt_store_content,'7758'); <\/script><script type=\"text\/javascript\"> var tt_store_content = \"Energies Renouvelables\"; toolTips('.classtoolTips167',tt_store_content,'7758'); <\/script><script type=\"text\/javascript\"> var tt_store_content = \"\\<p style\\='text\\-align\\: center;'\\>\\<span style\\='font\\-size\\: 14pt;'\\>\\<strong\\>O\\<\\\/strong\\>rganisation \\<strong\\>M\\<\\\/strong\\>\u00e9t\u00e9orologique \\<strong\\>M\\<\\\/strong\\>ondiale<br\/>\\<strong\\>W\\<\\\/strong\\>orld \\<strong\\>M\\<\\\/strong\\>eteorological \\<strong\\>O\\<\\\/strong\\>rganization\\<\\\/span\\>\\<\\\/p\\><br\/>&nbsp;<br\/><br\/>\\<a href\\='https\\:\\\/\\\/public\\.wmo\\.int\\\/fr' target\\='_blank' rel\\='noopener'\\>\\<em\\>Acc\u00e9der ici au site de l'organisation\\<\\\/em\\>\\<\\\/a\\>\"; toolTips('.classtoolTips168',tt_store_content,'7763'); <\/script><script type=\"text\/javascript\"> var tt_store_content = \"\\<p style\\='text\\-align\\: center;'\\>\\<span style\\='font\\-size\\: 14pt;'\\>\\<strong\\>\u00c9\\<\\\/strong\\>cole \\<strong\\>N\\<\\\/strong\\>ationale d'\\<strong\\>A\\<\\\/strong\\>dministration\\<\\\/span\\>\\<\\\/p\\>\"; toolTips('.classtoolTips170',tt_store_content,'5213'); <\/script><script type=\"text\/javascript\"> var tt_store_content = \"\\<p style\\='text\\-align\\: justify'\\>\\<span class\\='ILfuVd'\\>La politique agricole commune \\(\\<b\\><span class='tooltipsall tooltip_post_id_11364 classtoolTips174'>PAC<\/span>\\<\\\/b\\>\\) est une politique mise en place \u00e0 l'\u00e9chelle de l'Union europ\u00e9enne\\. \u00c0 l'origine, elle est fond\u00e9e principalement sur des mesures de contr\u00f4le des prix et de subventionnement, visant \u00e0 moderniser et d\u00e9velopper l'agriculture\\.\\<\\\/span\\> \\(source Wikipedia\\)\\<\\\/p\\>\"; toolTips('.classtoolTips174',tt_store_content,'11364'); <\/script><script type=\"text\/javascript\"> var tt_store_content = \"\\<p style\\='text\\-align\\: center;'\\>\\<span style\\='font\\-size\\: 14pt;'\\>\\<strong\\>P\\<\\\/strong\\>\\<\\\/span\\>\\<span style\\='font\\-size\\: 14pt;'\\>lan \\<strong\\>L\\<\\\/strong\\>\\<\\\/span\\>\\<span style\\='font\\-size\\: 14pt;'\\>ocal d'\\<strong\\>U\\<\\\/strong\\>\\<\\\/span\\>\\<span style\\='font\\-size\\: 14pt;'\\>rbanisme\\<\\\/span\\>\\<\\\/p\\><br\/>&nbsp;\"; toolTips('.classtoolTips176',tt_store_content,'4979'); <\/script><script type=\"text\/javascript\"> var tt_store_content = \"\\<p\\>Conseil \u00c9conomique et Social\\<\\\/p\\>\"; toolTips('.classtoolTips180',tt_store_content,'29829'); <\/script><script type=\"text\/javascript\"> var tt_store_content = \"\\<p style\\='text\\-align\\: center;'\\>\\<span style\\='font\\-size\\: 14pt;'\\>\\<strong\\>H\\<\\\/strong\\>ydrocarbure \\<strong\\>A\\<\\\/strong\\>romatique \\<strong\\>P\\<\\\/strong\\>olycyclique\\<\\\/span\\>\\<\\\/p\\><br\/>\\<p style\\='text\\-align\\: justify;'\\>Depuis de nombreuses ann\u00e9es, les <span class='tooltipsall tooltip_post_id_20397 classtoolTips184'>HAP<\/span> sont tr\u00e8s \u00e9tudi\u00e9s car ce sont des compos\u00e9s pr\u00e9sents dans tous les milieux environnementaux et qui montrent une forte toxicit\u00e9\\. On a pu \u00e9tablir la canc\u00e9rog\u00e9n\u00e8se de certains HPA, tels que le Benzo\\[a\\]anthrac\u00e8ne, le Chrys\u00e8ne et d'autres\\.\\<\\\/p\\><br\/>\\<p style\\='text\\-align\\: justify;'\\>Les HAP proviennent principalement de la combustion \u00e0 haute temp\u00e9rature \\(500\u00b0 C et plus\\) de mati\u00e8res fossiles telles que le bois, le charbon et le p\u00e9trole\\. Dans l'environnement, la production de HAP provient donc&nbsp; du chauffage domestique, de la circulation automobile, des centrales \u00e9lectriques fonctionnant au charbon ou au p\u00e9trole \\('fioul'\\), ainsi que des incin\u00e9rateurs\\.\\<\\\/p\\><br\/>\\<p\\>\\<a href\\='https\\:\\\/\\\/fr\\.wikipedia\\.org\\\/wiki\\\/Hydrocarbure_aromatique_polycyclique' target\\='_blank' rel\\='noopener noreferrer'\\>\\<em\\>Voir ici l'article Wikipedia consacr\u00e9 aux HAP\\<\\\/em\\>\\<\\\/a\\>\\<\\\/p\\>\"; toolTips('.classtoolTips184',tt_store_content,'20397'); <\/script><script type=\"text\/javascript\"> var tt_store_content = \"\\<p style\\='text\\-align\\: center;'\\>\\<span style\\='font\\-size\\: 14pt;'\\>\\<strong\\>G\\<\\\/strong\\>roupement \\<strong\\>H\\<\\\/strong\\>ospitalier de \\<strong\\>T\\<\\\/strong\\>erritoire\\<\\\/span\\>\\<\\\/p\\><br\/>\\<p style\\='text\\-align\\: justify;'\\>Les groupements hospitaliers de territoires, dispositif pr\u00e9vu par la loi de sant\u00e9 2016, sont un nouveau mode de coop\u00e9ration entre les \u00e9tablissements publics de sant\u00e9 \u00e0 l\u2019\u00e9chelle d\u2019un territoire\\<\\\/p\\>\"; toolTips('.classtoolTips189',tt_store_content,'18358'); <\/script><script type=\"text\/javascript\"> var tt_store_content = \"\\<p style\\='text\\-align\\: center;'\\>\\<span style\\='font\\-size\\: 14pt;'\\>\\<strong\\>C\\<\\\/strong\\>omit\u00e9 \\<strong\\>T\\<\\\/strong\\>echnique d'\\<strong\\>\u00c9\\<\\\/strong\\>tablissement\\<\\\/span\\>\\<\\\/p\\>\"; toolTips('.classtoolTips191',tt_store_content,'18359'); <\/script><script type=\"text\/javascript\"> var tt_store_content = \"\\<p style\\='text\\-align\\: center;'\\>\\<strong\\>\\<span style\\='font\\-size\\: 14pt;'\\>P\\<\\\/span\\>\\<\\\/strong\\>\\<span style\\='font\\-size\\: 14pt;'\\>rogrammation \\<strong\\>P\\<\\\/strong\\>luri\\-annuelle de l'\\<strong\\>\u00c9\\<\\\/strong\\>nergie\\<\\\/span\\>\\<\\\/p\\><br\/>La PPE est est en France un document strat\u00e9gique de pilotage de la transition \u00e9nerg\u00e9tique\\. Institu\u00e9e par l'article 176 de la loi transition \u00e9nerg\u00e9tique \\(TECV\\)\\. Elle fixe \\(par \u00e9nergie\\) une trajectoire pour le mix \u00e9nerg\u00e9tique, ainsi que \u00ab&nbsp;\\<em\\>les priorit\u00e9s d'action pour la gestion de l\u2019ensemble des formes d'\u00e9nergie sur le territoire m\u00e9tropolitain continental, afin d\u2019atteindre les objectifs nationaux fix\u00e9s par la loi\\<\\\/em\\>&nbsp;\u00bb\\.<br\/><br\/>Initi\u00e9e en 2016, elle est r\u00e9vis\u00e9e en 2018 puis ensuite tous les 5 ans\\.<br\/><br\/>\\<a href\\='https\\:\\\/\\\/fr\\.wikipedia\\.org\\\/wiki\\\/Programmation_pluriannuelle_de_l'\u00e9nergi' target\\='_blank' rel\\='noopener'\\>\\<em\\>Voir ici la page Wikipedia consacr\u00e9e \u00e0 la PPE\\<\\\/em\\>\\<\\\/a\\><br\/>\\<a href\\='https\\:\\\/\\\/ppe\\.debatpublic\\.fr\\\/' target\\='_blank' rel\\='noopener'\\>\\<em\\>Voir ici la page du site 'Commission du D\u00e9bat Public' consacr\u00e9e \u00e0 la PPE\\<\\\/em\\>\\<\\\/a\\>\"; toolTips('.classtoolTips193',tt_store_content,'7102'); <\/script><script type=\"text\/javascript\"> var tt_store_content = \"\\<p style\\='text\\-align\\: center;'\\>\\<span style\\='font\\-size\\: 14pt;'\\>\\<strong\\>E\\<\\\/strong\\>volutionary \\<strong\\>P\\<\\\/strong\\>ower \\<strong\\>R\\<\\\/strong\\>eactor\\<\\\/span\\>\\<\\\/p\\><br\/>\\<p style\\='text\\-align\\: justify;'\\>R\u00e9acteur nucl\u00e9aire de troisi\u00e8me g\u00e9n\u00e9ration \\(classification internationale\\), con\u00e7u et d\u00e9velopp\u00e9 par <span class='tooltipsall tooltip_post_id_5121 classtoolTips35'>Areva NP<\/span>&nbsp; au cours des ann\u00e9es 1990 et 2000\\. Il fait partie de la fili\u00e8re des r\u00e9acteurs \u00e0 eau pressuris\u00e9e\\.\\<\\\/p\\><br\/>\\<a href\\='https\\:\\\/\\\/fr\\.wikipedia\\.org\\\/wiki\\\/R%C3%A9acteur_pressuris%C3%A9_europ%C3%A9en' target\\='_blank' rel\\='noopener'\\>\\<em\\>Voir ici la fiche Wikipedia <span class='tooltipsall tooltip_post_id_5579 classtoolTips196'>EPR<\/span>\\<\\\/em\\>\\<\\\/a\\>\"; toolTips('.classtoolTips196',tt_store_content,'5579'); <\/script><script type=\"text\/javascript\"> var tt_store_content = \"\\<p\\>COV \\= Compos\u00e9 Organique Volatile\\<\\\/p\\>\"; toolTips('.classtoolTips199',tt_store_content,'21204'); <\/script><script type=\"text\/javascript\"> var tt_store_content = \"\\<p style\\='text\\-align\\: center;'\\>\\<strong\\>R\\<\\\/strong\\>\u00e9seau \\<strong\\>A\\<\\\/strong\\>ction \\<strong\\>C\\<\\\/strong\\>limat\\<\\\/p\\><br\/>Le r\u00e9seau Action Climat '\\<em\\>f\u00e9d\u00e8re les associations impliqu\u00e9es dans la lutte contre les changements climatiques et pour une transition \u00e9cologique, solidaire et \u00e9quitable\\<\\\/em\\>'\\.<br\/><br\/>\\<a href\\='https\\:\\\/\\\/reseauactionclimat\\.org\\\/' target\\='_blank' rel\\='noopener'\\>Voir le site du <span class='tooltipsall tooltip_post_id_4309 classtoolTips200'>RAC<\/span>\\<\\\/a\\>\"; toolTips('.classtoolTips200',tt_store_content,'4309'); <\/script><script type=\"text\/javascript\"> var tt_store_content = \"\\<p style\\='text\\-align\\: center;'\\>\\<strong\\>\\<span style\\='font\\-size\\: 14pt;'\\>R\\<\\\/span\\>\\<\\\/strong\\>\\<span style\\='font\\-size\\: 14pt;'\\>eferendum d'\\<strong\\>I\\<\\\/strong\\>nitiative \\<strong\\>C\\<\\\/strong\\>itoyenne\\<\\\/span\\>\\<\\\/p\\>\"; toolTips('.classtoolTips205',tt_store_content,'12268'); <\/script><script type=\"text\/javascript\"> var tt_store_content = \"\\<p\\><span class='tooltipsall tooltip_post_id_25844 classtoolTips208'>RTE<\/span> \\= R\u00e9seau de Transport d'Electricit\u00e9 est une filiale d'<span class='tooltipsall tooltip_post_id_7035 classtoolTips178'>EDF<\/span> qui est l'actionnaire majoritaire avec 50,1% des parts le reste \u00e9tant partag\u00e9 par la CDC et la CNP\\<\\\/p\\>\"; toolTips('.classtoolTips208',tt_store_content,'25844'); <\/script><script type=\"text\/javascript\"> var tt_store_content = \"\\<p style\\='text\\-align\\: center;'\\>\\<span style\\='font\\-size\\: 14pt;'\\>\\<strong\\>O\\<\\\/strong\\>rganisation\\<strong\\> N\\<\\\/strong\\>on\\<strong\\> G\\<\\\/strong\\>ouvernementale\\<\\\/span\\>\\<\\\/p\\><br\/>Une organisation non gouvernementale \\(<span class='tooltipsall tooltip_post_id_3579 classtoolTips210'>ONG<\/span>\\) est une \\<a title\\='Association \u00e0 but non lucratif' href\\='https\\:\\\/\\\/fr\\.wikipedia\\.org\\\/wiki\\\/Association_%C3%A0_but_non_lucratif' target\\='_blank' rel\\='noopener'\\>association \u00e0 but non lucratif\\<\\\/a\\>, d'int\u00e9r\u00eat public, qui ne rel\u00e8ve ni de l'\u00c9tat, ni d'institutions internationales\\<sup id\\='cite_ref\\-novethic_1\\-0' class\\='reference'\\>\\<\\\/sup\\>\\. Les ONG n'ont pas le statut de sujet de \\<a title\\='Droit international public' href\\='https\\:\\\/\\\/fr\\.wikipedia\\.org\\\/wiki\\\/Droit_international_public' target\\='_blank' rel\\='noopener'\\>droit international\\<\\\/a\\>\\.\"; toolTips('.classtoolTips210',tt_store_content,'3579'); <\/script><script type=\"text\/javascript\"> var tt_store_content = \"\\<p style\\='text\\-align\\: center;'\\>\\<span style\\='font\\-size\\: 14pt;'\\>\\<strong\\>O\\<\\\/strong\\>rganisation\\<strong\\> N\\<\\\/strong\\>on\\<strong\\> G\\<\\\/strong\\>ouvernementale\\<\\\/span\\>\\<\\\/p\\><br\/>Une organisation non gouvernementale \\(ONG\\) est une \\<a title\\='Association \u00e0 but non lucratif' href\\='https\\:\\\/\\\/fr\\.wikipedia\\.org\\\/wiki\\\/Association_%C3%A0_but_non_lucratif' target\\='_blank' rel\\='noopener'\\>association \u00e0 but non lucratif\\<\\\/a\\>, d'int\u00e9r\u00eat public, qui ne rel\u00e8ve ni de l'\u00c9tat, ni d'institutions internationales\\<sup id\\='cite_ref\\-novethic_1\\-0' class\\='reference'\\>\\<\\\/sup\\>\\. Les ONG n'ont pas le statut de sujet de \\<a title\\='Droit international public' href\\='https\\:\\\/\\\/fr\\.wikipedia\\.org\\\/wiki\\\/Droit_international_public' target\\='_blank' rel\\='noopener'\\>droit international\\<\\\/a\\>\\.\"; toolTips('.classtoolTips210',tt_store_content,'3579'); <\/script><script type=\"text\/javascript\"> var tt_store_content = \"\\<p\\><span class='tooltipsall tooltip_post_id_24572 classtoolTips211'>MIT<\/span> \\= Massachussets Institute of Technology, prestigieuse universit\u00e9 am\u00e9ricaine de la c\u00f4te est\\<\\\/p\\>\"; toolTips('.classtoolTips211',tt_store_content,'24572'); <\/script><script type=\"text\/javascript\"> var tt_store_content = \"\\<p style\\='text\\-align\\: center;'\\>\\<strong\\>J\\<\\\/strong\\>eux \\<strong\\>O\\<\\\/strong\\>lympiques<br\/>ou<br\/>\\<strong\\>J\\<\\\/strong\\>ournal \\<strong\\>O\\<\\\/strong\\>fficiel de la R\u00e9publique Fran\u00e7aise\\<\\\/p\\>\"; toolTips('.classtoolTips213',tt_store_content,'4451'); <\/script><script type=\"text\/javascript\"> var tt_store_content = \"\\<p\\><span class='tooltipsall tooltip_post_id_30593 classtoolTips214'>RN<\/span> \\= Rassemble National, c'est le parti d'extr\u00eame droite de Marine Le Pen qui succ\u00e8de au FN \\= Front National fond\u00e9 par son p\u00e8re Jean Marie Le Pen\\<\\\/p\\>\"; toolTips('.classtoolTips214',tt_store_content,'30593'); <\/script><script type=\"text\/javascript\"> var tt_store_content = \"\\<p style\\='text\\-align\\: center;'\\>\\<span style\\='font\\-size\\: 14pt;'\\>\\<strong\\>C\\<\\\/strong\\>entre \\<strong\\>H\\<\\\/strong\\>ospitalier\\<\\\/span\\>\\<\\\/p\\>\"; toolTips('.classtoolTips220',tt_store_content,'18357'); <\/script><script type=\"text\/javascript\"> var tt_store_content = \"\\<p\\>D\u00e9chets radioactifs \u00e0 Haute Activit\u00e9 \\(classement <span class='tooltipsall tooltip_post_id_3612 classtoolTips79'>ANDRA<\/span>\\)\\<\\\/p\\>\"; toolTips('.classtoolTips223',tt_store_content,'19196'); <\/script>_______________________<br>Notes<ol class=\"footnotes\"><li id=\"footnote_1_18597\" class=\"footnote\">m\u00e9decin \u00e9pid\u00e9miologiste, experte \u00e0 l&rsquo;ANSES et ancien chercheur \u00e0 l&rsquo;Institut du Cancer de Montpellier<span class=\"footnote-back-link-wrapper\">[<a href=\"#identifier_1_18597\" class=\"footnote-link footnote-back-link\">&#8617;<\/a>]<\/span><\/li><li id=\"footnote_2_18597\" class=\"footnote\">le <strong>gray<\/strong> (symbole <strong>Gy<\/strong>) est l&rsquo;<a href=\"https:\/\/fr.wikipedia.org\/wiki\/Unit\u00e9s_d\u00e9riv\u00e9es_du_Syst\u00e8me_international\" target=\"_blank\" rel=\"noopener noreferrer\">unit\u00e9 d\u00e9riv\u00e9e<\/a> de <a href=\"https:\/\/fr.wikipedia.org\/wiki\/Dose_absorb\u00e9e\" target=\"_blank\" rel=\"noopener noreferrer\">dose absorb\u00e9e<\/a> du <a href=\"https:\/\/fr.wikipedia.org\/wiki\/Syst\u00e8me_international_d'unit\u00e9s\" target=\"_blank\" rel=\"noopener noreferrer\">Syst\u00e8me International<\/a> d&rsquo;unit\u00e9s<span class=\"footnote-back-link-wrapper\">[<a href=\"#identifier_2_18597\" class=\"footnote-link footnote-back-link\">&#8617;<\/a>]<\/span><\/li><li id=\"footnote_3_18597\" class=\"footnote\">maladie du sang caract\u00e9ris\u00e9e par la rar\u00e9faction de la mo\u00eblle osseuse, entra\u00eenant une diminution de la production des cellules sanguines (globules rouges et blancs, plaquettes) &#8211; source Vulgaris M\u00e9dical<span class=\"footnote-back-link-wrapper\">[<a href=\"#identifier_3_18597\" class=\"footnote-link footnote-back-link\">&#8617;<\/a>]<\/span><\/li><li id=\"footnote_4_18597\" class=\"footnote\">un <strong>radionucl\u00e9ide<\/strong> est un atome radioactif pouvant muter, se transformer en un autre atome<span class=\"footnote-back-link-wrapper\">[<a href=\"#identifier_4_18597\" class=\"footnote-link footnote-back-link\">&#8617;<\/a>]<\/span><\/li><\/ol>_______________________","protected":false},"excerpt":{"rendered":"<p>Cet article, que le Dr Gerber a bien voulu r\u00e9diger pour le Clairon de l&rsquo;Atax, fait le point sur les deux grandes cat\u00e9gories de polluants, ainsi que sur leur impact pour la sant\u00e9. Il nous rappelle utilement que, plut\u00f4t que de se rassurer avec des normes affirm\u00e9es comme respect\u00e9es, il conviendrait de donner la priorit\u00e9 aux alertes \u00e9mises par des scientifiques impartiaux, qui travaillent r\u00e9guli\u00e8rement sur <span class='tooltipsall tooltip_post_id_29829 classtoolTips180'>ces<\/span> questions et savent mettre en avant une notion qui semble \u00e9chapper de plus en plus aux pouvoirs, qu&rsquo;ils soient d&rsquo;argent ou d&rsquo;\u00e9lection: le doute.<script type=\"text\/javascript\"> var tt_store_content = \"\\<p\\>La <span class='tooltipsall tooltip_post_id_18727 classtoolTips16'>reprotoxicit\u00e9<\/span> est tout ph\u00e9nom\u00e8ne de toxicit\u00e9 \\(en particulier par substances chimiques ou rayonnements\\) pouvant alt\u00e9rer la fertilit\u00e9 de l\u2019homme ou de la femme, ou alt\u00e9rer le d\u00e9veloppement de l\u2019enfant \u00e0 na\u00eetre \\(avortement spontan\u00e9, malformation\u2026\\) \\- Source Wikipedia\\<\\\/p\\>\"; toolTips('.classtoolTips16',tt_store_content,'18727'); <\/script><script type=\"text\/javascript\"> var tt_store_content = \"\\<p\\>La reprotoxicit\u00e9 est tout ph\u00e9nom\u00e8ne de toxicit\u00e9 \\(en particulier par substances chimiques ou rayonnements\\) pouvant alt\u00e9rer la fertilit\u00e9 de l\u2019homme ou de la femme, ou alt\u00e9rer le d\u00e9veloppement de l\u2019enfant \u00e0 na\u00eetre \\(avortement spontan\u00e9, malformation\u2026\\) \\- Source Wikipedia\\<\\\/p\\>\"; toolTips('.classtoolTips16',tt_store_content,'18727'); <\/script><script type=\"text\/javascript\"> var tt_store_content = \"\\<\/p>\n<p style\\='text\\-align\\: center;'\\>\\<span style\\='font\\-size\\: 14pt;'\\>\\<strong\\>T\\<\\\/strong\\>raitement\\<strong\\> D\\<\\\/strong\\>es\\<strong\\> N\\<\\\/strong\\>itrates\\<strong\\> \\(<span class='tooltipsall tooltip_post_id_3610 classtoolTips37'>TDN<\/span>\\)<br \/>TH\\<\\\/strong\\>ermal\\<strong\\> O\\<\\\/strong\\>rganic\\<strong\\> R\\<\\\/strong\\>eduction\\<strong\\> \\(<span class='tooltipsall tooltip_post_id_3610 classtoolTips37'>THOR<\/span>\\)\\<\\\/strong\\>\\<\\\/span\\>\\<\\\/p\\><br \/>\\<\/p>\n<p style\\='text\\-align\\: justify;'\\>Proc\u00e9d\u00e9 envisag\u00e9 par la soci\u00e9t\u00e9 AREVA pour retraiter les d\u00e9chets nitrat\u00e9s et radio\\-actifs issus de son activit\u00e9 d'enrichissement de l'uranium, phase I de la pr\u00e9paration du combustible des centrales nucl\u00e9aires\\.\\<\\\/p\\><br \/>\\<\/p>\n<p style\\='text\\-align\\: justify;'\\>Cette activit\u00e9 est mise en \u0153uvre dans l'usine de Malv\u00e9si \u00e0 quelques kilom\u00e8tres de Narbonne\\.\\<\\\/p\\><br \/>\\<\/p>\n<p style\\='text\\-align\\: justify;'\\>Ce proc\u00e9d\u00e9, potentiellement tr\u00e8s toxique pour la sant\u00e9 et l'environnement, est au centre d'une vive opposition de la part des riverains et \u00e0 laquelle le Clairon s'associe \\(\\<a href\\='https\\:\\\/\\\/le\\-clairon\\-nouveau\\.fr\\\/wordpress\\\/dossiers\\\/dossier\\-malvesi\\-areva\\\/' target\\='_blank' rel\\='noopener'\\>voir notre dossier\\<\\\/a\\> sur le sujet\\)\\.\\<\\\/p\\>\"; toolTips('.classtoolTips37',tt_store_content,'3610'); <\/script><script type=\"text\/javascript\"> var tt_store_content = \"\\<p\\><span class='tooltipsall tooltip_post_id_19989 classtoolTips59'>Seveso<\/span> \\: suite \u00e0 une directive europ\u00e9enne qui impose \u00e0 ses \u00e9tats membres d'identifier les sites industriels pr\u00e9sentant des risque majeurs sous la d\u00e9nomination 'sites seveso', les \u00e9tablissements industriels civils sont class\u00e9s selon leurs risques d'al\u00e9as 'seveso bas' , 'seveso moyen' et 'seveso haut'\\. Cette directive ne concerne pas les rayons ionisants\\.\\<\\\/p\\>\"; toolTips('.classtoolTips59',tt_store_content,'19989'); <\/script><script type=\"text\/javascript\"> var tt_store_content = \"\\<p\\>Seveso \\: suite \u00e0 une directive europ\u00e9enne qui impose \u00e0 ses \u00e9tats membres d'identifier les sites industriels pr\u00e9sentant des risque majeurs sous la d\u00e9nomination 'sites seveso', les \u00e9tablissements industriels civils sont class\u00e9s selon leurs risques d'al\u00e9as 'seveso bas' , 'seveso moyen' et 'seveso haut'\\. Cette directive ne concerne pas les rayons ionisants\\.\\<\\\/p\\>\"; toolTips('.classtoolTips59',tt_store_content,'19989'); <\/script><script type=\"text\/javascript\"> var tt_store_content = \"\\<\/p>\n<p style\\='text\\-align\\: center;'\\>\\<span style\\='font\\-size\\: 14pt;'\\>\\<strong\\>A\\<\\\/strong\\>gence \\<strong\\>N\\<\\\/strong\\>ationale de \\<strong\\>SE\\<\\\/strong\\>curit\u00e9 \\<strong\\>S\\<\\\/strong\\>anitaire de l\u2019alimentation, de l\u2019environnement et du travail\\<\\\/span\\>\\<\\\/p\\>\"; toolTips('.classtoolTips95',tt_store_content,'6881'); <\/script><script type=\"text\/javascript\"> var tt_store_content = \"\\<\/p>\n<p style\\='text\\-align\\: center;'\\>\\<span style\\='font\\-size\\: 14pt;'\\>\\<strong\\>I\\<\\\/strong\\>nstitut \\<strong\\>N\\<\\\/strong\\>ational de \\<strong\\>R\\<\\\/strong\\>adioprotection\\<\\\/span\\><br \/>\\<span style\\='font\\-size\\: 14pt;'\\> et de \\<strong\\>S\\<\\\/strong\\>\u00fbret\u00e9 \\<strong\\>N\\<\\\/strong\\>ucl\u00e9aire\\<\\\/span\\>\\<\\\/p\\>\"; toolTips('.classtoolTips105',tt_store_content,'3613'); <\/script><script type=\"text\/javascript\"> var tt_store_content = \"Le <span class='tooltipsall tooltip_post_id_3743 classtoolTips128'>CIRC<\/span> est le&nbsp; \\<a href\\='https\\:\\\/\\\/fr\\.wikipedia\\.org\\\/wiki\\\/Centre_international_de_recherche_sur_le_cancer' target\\='_blank' rel\\='noopener'\\>Centre international de Recherche sur le Cancer\\<\\\/a\\>, cr\u00e9\u00e9 en 1965 par l\u2019\\<a href\\='https\\:\\\/\\\/fr\\.wikipedia\\.org\\\/wiki\\\/Organisation_mondiale_de_la_sant%C3%A9' target\\='_blank' rel\\='noopener'\\>Organisation Mondiale de la Sant\u00e9\\<\\\/a\\> \\(OMS\\) des \\<a href\\='https\\:\\\/\\\/fr\\.wikipedia\\.org\\\/wiki\\\/Organisation_des_Nations_unies' target\\='_blank' rel\\='noopener'\\>Nations Unies\\<\\\/a\\>\\.\"; toolTips('.classtoolTips128',tt_store_content,'3743'); <\/script><script type=\"text\/javascript\"> var tt_store_content = \"\\<\/p>\n<p style\\='text\\-align\\: center;'\\>\\<strong\\>\\<span style\\='font\\-size\\: 14pt;'\\>S\\<\\\/span\\>\\<\\\/strong\\>\\<span style\\='font\\-size\\: 14pt;'\\>oci\u00e9t\u00e9 d'\\<strong\\>\u00c9\\<\\\/strong\\>conomie \\<strong\\>M\\<\\\/strong\\>ixte\\<\\\/span\\>\\<\\\/p\\><br \/>\\<\/p>\n<p style\\='text\\-align\\: justify;'\\>En France, une soci\u00e9t\u00e9 d'\u00e9conomie mixte est une soci\u00e9t\u00e9 anonyme dont le capital est majoritairement d\u00e9tenu par une ou plusieurs personnes publiques \\(\u00e0 savoir l'\u00c9tat, une Collectivit\u00e9 territoriale, ou tout autre \u00c9tablissement public\\)\\. Cette participation majoritaire publique est plafonn\u00e9e \u00e0 85&nbsp;% du capital depuis la Loi du 2 janvier 2002\\. Au moins une personne priv\u00e9e doit participer au capital de la <span class='tooltipsall tooltip_post_id_7168 classtoolTips142'>SEM<\/span>, sachant qu'il peut s'agir d'une autre SEM\\.\\<\\\/p\\><br \/>\\<\/p>\n<p style\\='text\\-align\\: justify;'\\>\\<strong\\>Le recours \u00e0 la SEM garantit\\<\\\/strong\\> \u00e0 la collectivit\u00e9 publique actionnaire et cocontractante \\<strong\\>la prise en compte effective de l'int\u00e9r\u00eat g\u00e9n\u00e9ral\\<\\\/strong\\> dans les objectifs de l'entreprise \\<strong\\>et la souplesse de la soci\u00e9t\u00e9 de droit priv\u00e9\\<\\\/strong\\>\\.\\<\\\/p\\><br \/>\\<em\\>\\<a href\\='https\\:\\\/\\\/fr\\.wikipedia\\.org\\\/wiki\\\/Soci%C3%A9t%C3%A9_d%27%C3%A9conomie_mixte' target\\='_blank' rel\\='noopener'\\>Voir ici la page Wikipedia consacr\u00e9e aux SEM\\<\\\/a\\> \\<\\\/em\\><\/p>\n<p>&nbsp;\"; toolTips('.classtoolTips142',tt_store_content,'7168'); <\/script><script type=\"text\/javascript\"> var tt_store_content = \"\\<\/p>\n<p style\\='text\\-align\\: center;'\\>\\<strong\\>Aide Personnalis\u00e9e au Logement\\<\\\/strong\\>\\<\\\/p\\>\"; toolTips('.classtoolTips147',tt_store_content,'3595'); <\/script><script type=\"text\/javascript\"> var tt_store_content = \"\\<\/p>\n<p style\\='text\\-align\\: center;'\\>\\<span style\\='font\\-size\\: 14pt;'\\>\\<strong\\>I\\<\\\/strong\\>mp\u00f4t sur la \\<strong\\>F\\<\\\/strong\\>ortune \\<strong\\>I\\<\\\/strong\\>mmobili\u00e8re\\<\\\/span\\>\\<\\\/p\\>\"; toolTips('.classtoolTips148',tt_store_content,'5643'); <\/script><script type=\"text\/javascript\"> var tt_store_content = \"\\<\/p>\n<p style\\='text\\-align\\: center;'\\>\\<span style\\='font\\-size\\: 14pt;'\\>\\<strong\\>R\\<\\\/strong\\>\u00e9pertoire \\<strong\\>N\\<\\\/strong\\>ational des \\<strong\\>A\\<\\\/strong\\>ssociations\\<\\\/span\\>\\<\\\/p\\>\"; toolTips('.classtoolTips159',tt_store_content,'24374'); <\/script><script type=\"text\/javascript\"> var tt_store_content = \"\\<\/p>\n<p style\\='text\\-align\\: center;'\\>\\<strong\\>\\<span style\\='font\\-size\\: 14pt;'\\>G\\<\\\/span\\>\\<\\\/strong\\>\\<span style\\='font\\-size\\: 14pt;'\\>az \u00e0 \\<strong\\>E\\<\\\/strong\\>ffet de \\<strong\\>S\\<\\\/strong\\>erre\\<\\\/span\\>\\<\\\/p\\><br \/>\\<\/p>\n<p style\\='text\\-align\\: justify;'\\>Les gaz \u00e0 effet de serre \\(<span class='tooltipsall tooltip_post_id_7232 classtoolTips161'>GES<\/span>\\) sont des composants gazeux qui absorbent le rayonnement infrarouge \u00e9mis par la surface terrestre et contribuent \u00e0 l'effet de serre\\. L'augmentation de leur concentration dans l'atmosph\u00e8re terrestre est l'un des facteurs \u00e0 l'origine du r\u00e9chauffement climatique\\.\\<\\\/p\\><br \/>\\<a href\\='https\\:\\\/\\\/fr\\.wikipedia\\.org\\\/wiki\\\/Gaz_%C3%A0_effet_de_serre' target\\='_blank' rel\\='noopener'\\>\\<em\\>Voir ici la fiche Wikipedia sur les gaz \u00e0 effet de serre\\<\\\/em\\>\\<\\\/a\\>\"; toolTips('.classtoolTips161',tt_store_content,'7232'); <\/script><script type=\"text\/javascript\"> var tt_store_content = \"\\<\/p>\n<p style\\='text\\-align\\: justify'\\>La \u00ab\u00a0\\<b\\>programmation pluriannuelle de l'\u00e9nergie\\<\\\/b\\>\u00a0\u00bb \\(<span class='tooltipsall tooltip_post_id_7750 classtoolTips164'>PPE<\/span>\\) est, en France, un document strat\u00e9gique de pilotage de la transition \u00e9nerg\u00e9tique\\. Institu\u00e9e par l'article 176 de la \\<a title\\='Loi relative \u00e0 la transition \u00e9nerg\u00e9tique pour la croissance verte' href\\='https\\:\\\/\\\/fr\\.wikipedia\\.org\\\/wiki\\\/Loi_relative_%C3%A0_la_transition_%C3%A9nerg%C3%A9tique_pour_la_croissance_verte'\\>loi de transition \u00e9nerg\u00e9tique\\<\\\/a\\> \\(TECV\\), elle fixe une trajectoire pour le \\<a title\\='Mix \u00e9nerg\u00e9tique' href\\='https\\:\\\/\\\/fr\\.wikipedia\\.org\\\/wiki\\\/Mix_%C3%A9nerg%C3%A9tique'\\>mix \u00e9nerg\u00e9tique\\<\\\/a\\>, ainsi que \\<span class\\='citation'\\>\u00ab\u00a0les priorit\u00e9s d'action pour la gestion de l\u2019ensemble des formes d'\u00e9nergie sur le territoire m\u00e9tropolitain continental, afin d\u2019atteindre les objectifs nationaux fix\u00e9s par la loi\u00a0\u00bb\\<\\\/span\\>\\. \\(Wikip\u00e9dia\\)\\<\\\/p\\>\"; toolTips('.classtoolTips164',tt_store_content,'7750'); <\/script><script type=\"text\/javascript\"> var tt_store_content = \"\\<\/p>\n<p style\\='text\\-align\\: justify'\\>La \u00ab\u00a0\\<b\\>programmation pluriannuelle de l'\u00e9nergie\\<\\\/b\\>\u00a0\u00bb \\(PPE\\) est, en France, un document strat\u00e9gique de pilotage de la transition \u00e9nerg\u00e9tique\\. Institu\u00e9e par l'article 176 de la \\<a title\\='Loi relative \u00e0 la transition \u00e9nerg\u00e9tique pour la croissance verte' href\\='https\\:\\\/\\\/fr\\.wikipedia\\.org\\\/wiki\\\/Loi_relative_%C3%A0_la_transition_%C3%A9nerg%C3%A9tique_pour_la_croissance_verte'\\>loi de transition \u00e9nerg\u00e9tique\\<\\\/a\\> \\(TECV\\), elle fixe une trajectoire pour le \\<a title\\='Mix \u00e9nerg\u00e9tique' href\\='https\\:\\\/\\\/fr\\.wikipedia\\.org\\\/wiki\\\/Mix_%C3%A9nerg%C3%A9tique'\\>mix \u00e9nerg\u00e9tique\\<\\\/a\\>, ainsi que \\<span class\\='citation'\\>\u00ab\u00a0les priorit\u00e9s d'action pour la gestion de l\u2019ensemble des formes d'\u00e9nergie sur le territoire m\u00e9tropolitain continental, afin d\u2019atteindre les objectifs nationaux fix\u00e9s par la loi\u00a0\u00bb\\<\\\/span\\>\\. \\(Wikip\u00e9dia\\)\\<\\\/p\\>\"; toolTips('.classtoolTips164',tt_store_content,'7750'); <\/script><script type=\"text\/javascript\"> var tt_store_content = \"\\<\/p>\n<p style\\='text\\-align\\: justify;'\\>Le Conseil d'Orientation des Retraites est une instance qui r\u00e9unit &nbsp;\\<span class\\='st'\\>les principaux acteurs du champ des retraites\\<\\\/span\\> et effectue un travail d'\u00e9tudes et de concertation\\. Compos\u00e9 de parlementaires, de repr\u00e9sentants des organisations professionnelles et syndicales, des retrait\u00e9s et des familles, de membres de l'administration et d'experts, le Conseil d'orientation des retraites \\(<span class='tooltipsall tooltip_post_id_7751 classtoolTips165'>COR<\/span>\\) est plac\u00e9 aupr\u00e8s du Premier ministre\\.\\<\\\/p\\>\"; toolTips('.classtoolTips165',tt_store_content,'7751'); <\/script><script type=\"text\/javascript\"> var tt_store_content = \"Energies Renouvelables\"; toolTips('.classtoolTips167',tt_store_content,'7758'); <\/script><script type=\"text\/javascript\"> var tt_store_content = \"Energies Renouvelables\"; toolTips('.classtoolTips167',tt_store_content,'7758'); <\/script><script type=\"text\/javascript\"> var tt_store_content = \"\\<\/p>\n<p style\\='text\\-align\\: center;'\\>\\<span style\\='font\\-size\\: 14pt;'\\>\\<strong\\>O\\<\\\/strong\\>rganisation \\<strong\\>M\\<\\\/strong\\>\u00e9t\u00e9orologique \\<strong\\>M\\<\\\/strong\\>ondiale<br \/>\\<strong\\>W\\<\\\/strong\\>orld \\<strong\\>M\\<\\\/strong\\>eteorological \\<strong\\>O\\<\\\/strong\\>rganization\\<\\\/span\\>\\<\\\/p\\><br \/>&nbsp;<\/p>\n<p>\\<a href\\='https\\:\\\/\\\/public\\.wmo\\.int\\\/fr' target\\='_blank' rel\\='noopener'\\>\\<em\\>Acc\u00e9der ici au site de l'organisation\\<\\\/em\\>\\<\\\/a\\>\"; toolTips('.classtoolTips168',tt_store_content,'7763'); <\/script><script type=\"text\/javascript\"> var tt_store_content = \"\\<\/p>\n<p style\\='text\\-align\\: center;'\\>\\<span style\\='font\\-size\\: 14pt;'\\>\\<strong\\>\u00c9\\<\\\/strong\\>cole \\<strong\\>N\\<\\\/strong\\>ationale d'\\<strong\\>A\\<\\\/strong\\>dministration\\<\\\/span\\>\\<\\\/p\\>\"; toolTips('.classtoolTips170',tt_store_content,'5213'); <\/script><script type=\"text\/javascript\"> var tt_store_content = \"\\<\/p>\n<p style\\='text\\-align\\: justify'\\>\\<span class\\='ILfuVd'\\>La politique agricole commune \\(\\<b\\><span class='tooltipsall tooltip_post_id_11364 classtoolTips174'>PAC<\/span>\\<\\\/b\\>\\) est une politique mise en place \u00e0 l'\u00e9chelle de l'Union europ\u00e9enne\\. \u00c0 l'origine, elle est fond\u00e9e principalement sur des mesures de contr\u00f4le des prix et de subventionnement, visant \u00e0 moderniser et d\u00e9velopper l'agriculture\\.\\<\\\/span\\> \\(source Wikipedia\\)\\<\\\/p\\>\"; toolTips('.classtoolTips174',tt_store_content,'11364'); <\/script><script type=\"text\/javascript\"> var tt_store_content = \"\\<\/p>\n<p style\\='text\\-align\\: center;'\\>\\<span style\\='font\\-size\\: 14pt;'\\>\\<strong\\>P\\<\\\/strong\\>\\<\\\/span\\>\\<span style\\='font\\-size\\: 14pt;'\\>lan \\<strong\\>L\\<\\\/strong\\>\\<\\\/span\\>\\<span style\\='font\\-size\\: 14pt;'\\>ocal d'\\<strong\\>U\\<\\\/strong\\>\\<\\\/span\\>\\<span style\\='font\\-size\\: 14pt;'\\>rbanisme\\<\\\/span\\>\\<\\\/p\\><br \/>&nbsp;\"; toolTips('.classtoolTips176',tt_store_content,'4979'); <\/script><script type=\"text\/javascript\"> var tt_store_content = \"\\<p\\>Conseil \u00c9conomique et Social\\<\\\/p\\>\"; toolTips('.classtoolTips180',tt_store_content,'29829'); <\/script><script type=\"text\/javascript\"> var tt_store_content = \"\\<\/p>\n<p style\\='text\\-align\\: center;'\\>\\<span style\\='font\\-size\\: 14pt;'\\>\\<strong\\>H\\<\\\/strong\\>ydrocarbure \\<strong\\>A\\<\\\/strong\\>romatique \\<strong\\>P\\<\\\/strong\\>olycyclique\\<\\\/span\\>\\<\\\/p\\><br \/>\\<\/p>\n<p style\\='text\\-align\\: justify;'\\>Depuis de nombreuses ann\u00e9es, les <span class='tooltipsall tooltip_post_id_20397 classtoolTips184'>HAP<\/span> sont tr\u00e8s \u00e9tudi\u00e9s car ce sont des compos\u00e9s pr\u00e9sents dans tous les milieux environnementaux et qui montrent une forte toxicit\u00e9\\. On a pu \u00e9tablir la canc\u00e9rog\u00e9n\u00e8se de certains HPA, tels que le Benzo\\[a\\]anthrac\u00e8ne, le Chrys\u00e8ne et d'autres\\.\\<\\\/p\\><br \/>\\<\/p>\n<p style\\='text\\-align\\: justify;'\\>Les HAP proviennent principalement de la combustion \u00e0 haute temp\u00e9rature \\(500\u00b0 C et plus\\) de mati\u00e8res fossiles telles que le bois, le charbon et le p\u00e9trole\\. Dans l'environnement, la production de HAP provient donc&nbsp; du chauffage domestique, de la circulation automobile, des centrales \u00e9lectriques fonctionnant au charbon ou au p\u00e9trole \\('fioul'\\), ainsi que des incin\u00e9rateurs\\.\\<\\\/p\\><br \/>\\<p\\>\\<a href\\='https\\:\\\/\\\/fr\\.wikipedia\\.org\\\/wiki\\\/Hydrocarbure_aromatique_polycyclique' target\\='_blank' rel\\='noopener noreferrer'\\>\\<em\\>Voir ici l'article Wikipedia consacr\u00e9 aux HAP\\<\\\/em\\>\\<\\\/a\\>\\<\\\/p\\>\"; toolTips('.classtoolTips184',tt_store_content,'20397'); <\/script><script type=\"text\/javascript\"> var tt_store_content = \"\\<\/p>\n<p style\\='text\\-align\\: center;'\\>\\<span style\\='font\\-size\\: 14pt;'\\>\\<strong\\>G\\<\\\/strong\\>roupement \\<strong\\>H\\<\\\/strong\\>ospitalier de \\<strong\\>T\\<\\\/strong\\>erritoire\\<\\\/span\\>\\<\\\/p\\><br \/>\\<\/p>\n<p style\\='text\\-align\\: justify;'\\>Les groupements hospitaliers de territoires, dispositif pr\u00e9vu par la loi de sant\u00e9 2016, sont un nouveau mode de coop\u00e9ration entre les \u00e9tablissements publics de sant\u00e9 \u00e0 l\u2019\u00e9chelle d\u2019un territoire\\<\\\/p\\>\"; toolTips('.classtoolTips189',tt_store_content,'18358'); <\/script><script type=\"text\/javascript\"> var tt_store_content = \"\\<\/p>\n<p style\\='text\\-align\\: center;'\\>\\<span style\\='font\\-size\\: 14pt;'\\>\\<strong\\>C\\<\\\/strong\\>omit\u00e9 \\<strong\\>T\\<\\\/strong\\>echnique d'\\<strong\\>\u00c9\\<\\\/strong\\>tablissement\\<\\\/span\\>\\<\\\/p\\>\"; toolTips('.classtoolTips191',tt_store_content,'18359'); <\/script><script type=\"text\/javascript\"> var tt_store_content = \"\\<\/p>\n<p style\\='text\\-align\\: center;'\\>\\<strong\\>\\<span style\\='font\\-size\\: 14pt;'\\>P\\<\\\/span\\>\\<\\\/strong\\>\\<span style\\='font\\-size\\: 14pt;'\\>rogrammation \\<strong\\>P\\<\\\/strong\\>luri\\-annuelle de l'\\<strong\\>\u00c9\\<\\\/strong\\>nergie\\<\\\/span\\>\\<\\\/p\\><br \/>La PPE est est en France un document strat\u00e9gique de pilotage de la transition \u00e9nerg\u00e9tique\\. Institu\u00e9e par l'article 176 de la loi transition \u00e9nerg\u00e9tique \\(TECV\\)\\. Elle fixe \\(par \u00e9nergie\\) une trajectoire pour le mix \u00e9nerg\u00e9tique, ainsi que \u00ab&nbsp;\\<em\\>les priorit\u00e9s d'action pour la gestion de l\u2019ensemble des formes d'\u00e9nergie sur le territoire m\u00e9tropolitain continental, afin d\u2019atteindre les objectifs nationaux fix\u00e9s par la loi\\<\\\/em\\>&nbsp;\u00bb\\.<\/p>\n<p>Initi\u00e9e en 2016, elle est r\u00e9vis\u00e9e en 2018 puis ensuite tous les 5 ans\\.<\/p>\n<p>\\<a href\\='https\\:\\\/\\\/fr\\.wikipedia\\.org\\\/wiki\\\/Programmation_pluriannuelle_de_l'\u00e9nergi' target\\='_blank' rel\\='noopener'\\>\\<em\\>Voir ici la page Wikipedia consacr\u00e9e \u00e0 la PPE\\<\\\/em\\>\\<\\\/a\\><br \/>\\<a href\\='https\\:\\\/\\\/ppe\\.debatpublic\\.fr\\\/' target\\='_blank' rel\\='noopener'\\>\\<em\\>Voir ici la page du site 'Commission du D\u00e9bat Public' consacr\u00e9e \u00e0 la PPE\\<\\\/em\\>\\<\\\/a\\>\"; toolTips('.classtoolTips193',tt_store_content,'7102'); <\/script><script type=\"text\/javascript\"> var tt_store_content = \"\\<\/p>\n<p style\\='text\\-align\\: center;'\\>\\<span style\\='font\\-size\\: 14pt;'\\>\\<strong\\>E\\<\\\/strong\\>volutionary \\<strong\\>P\\<\\\/strong\\>ower \\<strong\\>R\\<\\\/strong\\>eactor\\<\\\/span\\>\\<\\\/p\\><br \/>\\<\/p>\n<p style\\='text\\-align\\: justify;'\\>R\u00e9acteur nucl\u00e9aire de troisi\u00e8me g\u00e9n\u00e9ration \\(classification internationale\\), con\u00e7u et d\u00e9velopp\u00e9 par <span class='tooltipsall tooltip_post_id_5121 classtoolTips35'>Areva NP<\/span>&nbsp; au cours des ann\u00e9es 1990 et 2000\\. Il fait partie de la fili\u00e8re des r\u00e9acteurs \u00e0 eau pressuris\u00e9e\\.\\<\\\/p\\><br \/>\\<a href\\='https\\:\\\/\\\/fr\\.wikipedia\\.org\\\/wiki\\\/R%C3%A9acteur_pressuris%C3%A9_europ%C3%A9en' target\\='_blank' rel\\='noopener'\\>\\<em\\>Voir ici la fiche Wikipedia <span class='tooltipsall tooltip_post_id_5579 classtoolTips196'>EPR<\/span>\\<\\\/em\\>\\<\\\/a\\>\"; toolTips('.classtoolTips196',tt_store_content,'5579'); <\/script><script type=\"text\/javascript\"> var tt_store_content = \"\\<p\\><span class='tooltipsall tooltip_post_id_21204 classtoolTips199'>COV<\/span> \\= Compos\u00e9 Organique Volatile\\<\\\/p\\>\"; toolTips('.classtoolTips199',tt_store_content,'21204'); <\/script><script type=\"text\/javascript\"> var tt_store_content = \"\\<\/p>\n<p style\\='text\\-align\\: center;'\\>\\<strong\\>R\\<\\\/strong\\>\u00e9seau \\<strong\\>A\\<\\\/strong\\>ction \\<strong\\>C\\<\\\/strong\\>limat\\<\\\/p\\><br \/>Le r\u00e9seau Action Climat '\\<em\\>f\u00e9d\u00e8re les associations impliqu\u00e9es dans la lutte contre les changements climatiques et pour une transition \u00e9cologique, solidaire et \u00e9quitable\\<\\\/em\\>'\\.<\/p>\n<p>\\<a href\\='https\\:\\\/\\\/reseauactionclimat\\.org\\\/' target\\='_blank' rel\\='noopener'\\>Voir le site du <span class='tooltipsall tooltip_post_id_4309 classtoolTips200'>RAC<\/span>\\<\\\/a\\>\"; toolTips('.classtoolTips200',tt_store_content,'4309'); <\/script><script type=\"text\/javascript\"> var tt_store_content = \"\\<\/p>\n<p style\\='text\\-align\\: center;'\\>\\<strong\\>\\<span style\\='font\\-size\\: 14pt;'\\>R\\<\\\/span\\>\\<\\\/strong\\>\\<span style\\='font\\-size\\: 14pt;'\\>eferendum d'\\<strong\\>I\\<\\\/strong\\>nitiative \\<strong\\>C\\<\\\/strong\\>itoyenne\\<\\\/span\\>\\<\\\/p\\>\"; toolTips('.classtoolTips205',tt_store_content,'12268'); <\/script><script type=\"text\/javascript\"> var tt_store_content = \"\\<p\\><span class='tooltipsall tooltip_post_id_25844 classtoolTips208'>RTE<\/span> \\= R\u00e9seau de Transport d'Electricit\u00e9 est une filiale d'<span class='tooltipsall tooltip_post_id_7035 classtoolTips178'>EDF<\/span> qui est l'actionnaire majoritaire avec 50,1% des parts le reste \u00e9tant partag\u00e9 par la CDC et la CNP\\<\\\/p\\>\"; toolTips('.classtoolTips208',tt_store_content,'25844'); <\/script><script type=\"text\/javascript\"> var tt_store_content = \"\\<\/p>\n<p style\\='text\\-align\\: center;'\\>\\<span style\\='font\\-size\\: 14pt;'\\>\\<strong\\>O\\<\\\/strong\\>rganisation\\<strong\\> N\\<\\\/strong\\>on\\<strong\\> G\\<\\\/strong\\>ouvernementale\\<\\\/span\\>\\<\\\/p\\><br \/>Une organisation non gouvernementale \\(<span class='tooltipsall tooltip_post_id_3579 classtoolTips210'>ONG<\/span>\\) est une \\<a title\\='Association \u00e0 but non lucratif' href\\='https\\:\\\/\\\/fr\\.wikipedia\\.org\\\/wiki\\\/Association_%C3%A0_but_non_lucratif' target\\='_blank' rel\\='noopener'\\>association \u00e0 but non lucratif\\<\\\/a\\>, d'int\u00e9r\u00eat public, qui ne rel\u00e8ve ni de l'\u00c9tat, ni d'institutions internationales\\<sup id\\='cite_ref\\-novethic_1\\-0' class\\='reference'\\>\\<\\\/sup\\>\\. Les ONG n'ont pas le statut de sujet de \\<a title\\='Droit international public' href\\='https\\:\\\/\\\/fr\\.wikipedia\\.org\\\/wiki\\\/Droit_international_public' target\\='_blank' rel\\='noopener'\\>droit international\\<\\\/a\\>\\.\"; toolTips('.classtoolTips210',tt_store_content,'3579'); <\/script><script type=\"text\/javascript\"> var tt_store_content = \"\\<\/p>\n<p style\\='text\\-align\\: center;'\\>\\<span style\\='font\\-size\\: 14pt;'\\>\\<strong\\>O\\<\\\/strong\\>rganisation\\<strong\\> N\\<\\\/strong\\>on\\<strong\\> G\\<\\\/strong\\>ouvernementale\\<\\\/span\\>\\<\\\/p\\><br \/>Une organisation non gouvernementale \\(ONG\\) est une \\<a title\\='Association \u00e0 but non lucratif' href\\='https\\:\\\/\\\/fr\\.wikipedia\\.org\\\/wiki\\\/Association_%C3%A0_but_non_lucratif' target\\='_blank' rel\\='noopener'\\>association \u00e0 but non lucratif\\<\\\/a\\>, d'int\u00e9r\u00eat public, qui ne rel\u00e8ve ni de l'\u00c9tat, ni d'institutions internationales\\<sup id\\='cite_ref\\-novethic_1\\-0' class\\='reference'\\>\\<\\\/sup\\>\\. Les ONG n'ont pas le statut de sujet de \\<a title\\='Droit international public' href\\='https\\:\\\/\\\/fr\\.wikipedia\\.org\\\/wiki\\\/Droit_international_public' target\\='_blank' rel\\='noopener'\\>droit international\\<\\\/a\\>\\.\"; toolTips('.classtoolTips210',tt_store_content,'3579'); <\/script><script type=\"text\/javascript\"> var tt_store_content = \"\\<p\\><span class='tooltipsall tooltip_post_id_24572 classtoolTips211'>MIT<\/span> \\= Massachussets Institute of Technology, prestigieuse universit\u00e9 am\u00e9ricaine de la c\u00f4te est\\<\\\/p\\>\"; toolTips('.classtoolTips211',tt_store_content,'24572'); <\/script><script type=\"text\/javascript\"> var tt_store_content = \"\\<\/p>\n<p style\\='text\\-align\\: center;'\\>\\<strong\\>J\\<\\\/strong\\>eux \\<strong\\>O\\<\\\/strong\\>lympiques<br \/>ou<br \/>\\<strong\\>J\\<\\\/strong\\>ournal \\<strong\\>O\\<\\\/strong\\>fficiel de la R\u00e9publique Fran\u00e7aise\\<\\\/p\\>\"; toolTips('.classtoolTips213',tt_store_content,'4451'); <\/script><script type=\"text\/javascript\"> var tt_store_content = \"\\<p\\><span class='tooltipsall tooltip_post_id_30593 classtoolTips214'>RN<\/span> \\= Rassemble National, c'est le parti d'extr\u00eame droite de Marine Le Pen qui succ\u00e8de au FN \\= Front National fond\u00e9 par son p\u00e8re Jean Marie Le Pen\\<\\\/p\\>\"; toolTips('.classtoolTips214',tt_store_content,'30593'); <\/script><script type=\"text\/javascript\"> var tt_store_content = \"\\<\/p>\n<p style\\='text\\-align\\: center;'\\>\\<span style\\='font\\-size\\: 14pt;'\\>\\<strong\\>C\\<\\\/strong\\>entre \\<strong\\>H\\<\\\/strong\\>ospitalier\\<\\\/span\\>\\<\\\/p\\>\"; toolTips('.classtoolTips220',tt_store_content,'18357'); <\/script><script type=\"text\/javascript\"> var tt_store_content = \"\\<p\\>D\u00e9chets radioactifs \u00e0 Haute Activit\u00e9 \\(classement <span class='tooltipsall tooltip_post_id_3612 classtoolTips79'>ANDRA<\/span>\\)\\<\\\/p\\>\"; toolTips('.classtoolTips223',tt_store_content,'19196'); <\/script><\/p>\n","protected":false},"author":21,"featured_media":0,"comment_status":"open","ping_status":"open","sticky":true,"template":"","format":"standard","meta":{"_acf_changed":false,"ngg_post_thumbnail":0,"_jetpack_memberships_contains_paid_content":false,"footnotes":""},"categories":[6,9,28,19,27],"tags":[],"coauthors":[76],"class_list":["post-18597","post","type-post","status-publish","format-standard","hentry","category-actu","category-actu_gen","category-rub_env","category-rub_env_nucl","category-rub","edition-edi_00053","type_art-type_art_article","dossier-dossiers_areva_malvesi","no-thumb"],"acf":[],"jetpack_featured_media_url":"","jetpack_sharing_enabled":true,"jetpack_shortlink":"https:\/\/wp.me\/p9B5TM-4PX","_links":{"self":[{"href":"https:\/\/le-clairon-nouveau.fr\/wordpress\/wp-json\/wp\/v2\/posts\/18597","targetHints":{"allow":["GET"]}}],"collection":[{"href":"https:\/\/le-clairon-nouveau.fr\/wordpress\/wp-json\/wp\/v2\/posts"}],"about":[{"href":"https:\/\/le-clairon-nouveau.fr\/wordpress\/wp-json\/wp\/v2\/types\/post"}],"author":[{"embeddable":true,"href":"https:\/\/le-clairon-nouveau.fr\/wordpress\/wp-json\/wp\/v2\/users\/21"}],"replies":[{"embeddable":true,"href":"https:\/\/le-clairon-nouveau.fr\/wordpress\/wp-json\/wp\/v2\/comments?post=18597"}],"version-history":[{"count":0,"href":"https:\/\/le-clairon-nouveau.fr\/wordpress\/wp-json\/wp\/v2\/posts\/18597\/revisions"}],"wp:attachment":[{"href":"https:\/\/le-clairon-nouveau.fr\/wordpress\/wp-json\/wp\/v2\/media?parent=18597"}],"wp:term":[{"taxonomy":"category","embeddable":true,"href":"https:\/\/le-clairon-nouveau.fr\/wordpress\/wp-json\/wp\/v2\/categories?post=18597"},{"taxonomy":"post_tag","embeddable":true,"href":"https:\/\/le-clairon-nouveau.fr\/wordpress\/wp-json\/wp\/v2\/tags?post=18597"},{"taxonomy":"author","embeddable":true,"href":"https:\/\/le-clairon-nouveau.fr\/wordpress\/wp-json\/wp\/v2\/coauthors?post=18597"}],"curies":[{"name":"wp","href":"https:\/\/api.w.org\/{rel}","templated":true}]}}