{"id":19202,"date":"2019-06-23T12:30:40","date_gmt":"2019-06-23T10:30:40","guid":{"rendered":"https:\/\/le-clairon-nouveau.fr\/wordpress\/?p=19202"},"modified":"2024-02-12T14:08:23","modified_gmt":"2024-02-12T13:08:23","slug":"dechets-nucleaires-de-quoi-est-il-question","status":"publish","type":"post","link":"https:\/\/le-clairon-nouveau.fr\/wordpress\/blog\/2019\/06\/23\/dechets-nucleaires-de-quoi-est-il-question\/","title":{"rendered":"D\u00e9chets nucl\u00e9aires : de quoi est-il question ?"},"content":{"rendered":"<p style=\"text-align: center\"><span style=\"color: #ff0000;font-size: 18pt\"><strong>Nucl\u00e9aire, chronique d\u2019un d\u00e9sastre annonc\u00e9\u00a0(suite)<\/strong><\/span><\/p>\n<p style=\"text-align: justify\"><strong>La France d\u00e9veloppe une industrie nucl\u00e9aire depuis pr\u00e8s de 70 ans \u00e0 des fins civiles ou militaires. Cot\u00e9 civil les gouvernements successifs ont pari\u00e9 sur l\u2019\u00e9lectricit\u00e9 nucl\u00e9aire, ce qui fait que la France poss\u00e8de actuellement le 2<sup>\u00e8me<\/sup> parc de centrales nucl\u00e9aires apr\u00e8s les USA. La part du nucl\u00e9aire repr\u00e9sente actuellement pr\u00e8s de 75% de l\u2019\u00e9lectricit\u00e9 produite en France, ce qui constitue un avantage selon les uns et une faiblesse selon les autres.<br \/>\nL\u2019impact de <span class='tooltipsall tooltip_post_id_29829 classtoolTips180'>ces<\/span> d\u00e9chets sur l\u2019environnement varie selon leurs caract\u00e9ristiques\u00a0: principalement leur intensit\u00e9 de rayonnement et leur dur\u00e9e de vie. Leur importance exerce une pression de plus en plus forte au point que, depuis 2006 une proc\u00e9dure appel\u00e9e <span class='tooltipsall tooltip_post_id_21205 classtoolTips69'>PNGMDR<\/span><\/strong> (Plan National de Gestion des Mati\u00e8res et D\u00e9chets Radioactifs) <strong>est mise en place pour organiser leur gestion.<\/strong><\/p>\n<p><span style=\"font-size: 14pt\"><strong>D\u2019o\u00f9 proviennent les d\u00e9chets radioactifs\u00a0?<\/strong><\/span><\/p>\n<p style=\"text-align: justify\">Les d\u00e9chets issus de l\u2019\u00e9lectronucl\u00e9aire repr\u00e9sentent pr\u00e8s de 87 % . Car les 28 % pr\u00e9sent\u00e9s comme la part de la recherche, sont essentiellement destin\u00e9s \u00e0 la recherche exp\u00e9rimentale de nouveaux r\u00e9acteurs plus performants.<\/p>\n<p style=\"text-align: center\"><em><strong><span style=\"font-size: 18pt\">Infographie supprim\u00e9e suite au harc\u00e8lement d&rsquo;une officine suisse<\/span><\/strong><\/em><\/p>\n<p>&nbsp;<\/p>\n<p style=\"text-align: justify\">Les autres types de d\u00e9chets radioactifs qui ne sont pas li\u00e9s \u00e0 la fabrication et \u00e0 l\u2019utilisation du combustible n\u00e9cessaire aux centrales \u00e9lectronucl\u00e9aires sont le fait d\u2019activit\u00e9s militaires, d\u2019activit\u00e9s industrielles diverses (hors production d\u2019\u00e9lectricit\u00e9) et d\u2019utilisations m\u00e9dicales.<\/p>\n<p><span style=\"font-size: 14pt\"><strong>Quelles sont leurs caract\u00e9ristiques\u00a0?<\/strong><\/span><\/p>\n<p style=\"text-align: justify\">On distingue les d\u00e9chets selon leur niveau de radioactivit\u00e9 et leur dur\u00e9e de vie appel\u00e9e p\u00e9riode radioactive qui corresponde au temps qu\u2019il faut pour que l\u2019activit\u00e9 du d\u00e9chet soit diminu\u00e9e de moiti\u00e9. Ils sont r\u00e9partis selon 6 cat\u00e9gories\u00a0: <span class='tooltipsall tooltip_post_id_19196 classtoolTips223'>HA<\/span>\u00a0; <span class='tooltipsall tooltip_post_id_19197 classtoolTips99'>MA-VL<\/span>\u00a0; <span class='tooltipsall tooltip_post_id_19198 classtoolTips100'>FA-VL<\/span>\u00a0; <span class='tooltipsall tooltip_post_id_19199 classtoolTips74'>FMA-VC<\/span>\u00a0; <span class='tooltipsall tooltip_post_id_19200 classtoolTips143'>TFA<\/span>\u00a0; <span class='tooltipsall tooltip_post_id_19201 classtoolTips212'>VC<\/span>.<\/p>\n<p style=\"text-align: justify\"><u>Les <span class='tooltipsall tooltip_post_id_19196 classtoolTips223'>d\u00e9chets HA<\/span> sont 1 milliard de fois plus radioactifs que les <span class='tooltipsall tooltip_post_id_19200 classtoolTips143'>d\u00e9chets TFA<\/span> et la p\u00e9riode radioactive peut aller de plusiers millions d\u2019ann\u00e9es pour le HA-VL \u00e0 quelques ann\u00e9es pour les VC<\/u><\/p>\n<p><strong><em><span style=\"color: #339966\">Pour plus d\u2019informations sur les cat\u00e9gories de d\u00e9chets radioactifs\u00a0:<\/span><br \/>\n<\/em><\/strong><a href=\"https:\/\/www.andra.fr\/les-dechets-radioactifs\/tout-comprendre-sur-la-radioactivite\/classification\">https:\/\/www.<span class='tooltipsall tooltip_post_id_3612 classtoolTips79'>andra<\/span>.fr\/les-dechets-radioactifs\/tout-comprendre-sur-la-radioactivite\/classification<\/a><\/p>\n<p><span style=\"font-size: 14pt\"><strong>Comment les d\u00e9chets radioactifs sont-ils trait\u00e9s\u00a0?<\/strong><\/span><\/p>\n<p style=\"text-align: center\"><span style=\"font-size: 18pt\"><em><strong>Infographie supprim\u00e9e suite au harc\u00e8lement d&rsquo;une officine suisse<\/strong><\/em><\/span><\/p>\n<p style=\"text-align: justify\">Les d\u00e9chets faiblement radioactifs proviennent de la d\u00e9construction des centrales nucl\u00e9aires (gravats divers), ainsi que des activit\u00e9s industrielles qui emploient des mat\u00e9riaux radioactifs. Ils sont stock\u00e9s dans une installation sp\u00e9cifique le Cires (Centre Industriel de Regroupement d\u2019Entreposage et de Stockage) situ\u00e9 dans l\u2019Aube.<\/p>\n<p style=\"text-align: justify\">A l\u2019oppos\u00e9 les <span class='tooltipsall tooltip_post_id_19197 classtoolTips99'>d\u00e9chets MA-VL<\/span> et HA\u00a0 proviennent essentiellement de l\u2019activit\u00e9 \u00e9lectronucl\u00e9aire et posent de gros probl\u00e8mes de stockage. C\u2019est pour eux que l\u2019ANDRA \u00e9tudie une solution de stockage en profondeur (<span class='tooltipsall tooltip_post_id_4298 classtoolTips91'>Cigeo<\/span> \/ Bure) alors que d\u2019autre pays, notamment les USA, on abandonn\u00e9 cette solution qui ne leur parait pas assez fiable dans la dur\u00e9e.<\/p>\n<p><span style=\"font-size: 14pt\"><strong>O\u00f9 trouve-t-on des d\u00e9chets radioactifs\u00a0?<\/strong><\/span><\/p>\n<p style=\"text-align: justify\">Il faut ici expliquer quelques subtilit\u00e9s de langage :<\/p>\n<ul>\n<li style=\"text-align: justify\">il faut d\u2019abord distinguer les <strong><em>mati\u00e8res radioactives<\/em><\/strong> <strong><em>des d\u00e9chets radioactifs<\/em><\/strong>. Les <strong><em>mati\u00e8res<\/em><\/strong> sont des substances radioactives dont on consid\u00e8re qu\u2019elles pourront servir ult\u00e9rieurement. Les <strong><em>d\u00e9chets <\/em><\/strong>sont des substances radioactives pour lesquelles aucun emploi n\u2019est plus possible ou pr\u00e9vu\u2026<\/li>\n<li style=\"text-align: justify\">il faut ensuite distinguer la notion d\u2019<strong><em>entreposage<\/em><\/strong> et celle de<strong><em> stockage<\/em><\/strong>. L\u2019<strong><em>entreposage<\/em><\/strong> est une solution provisoire d\u2019h\u00e9bergement de mati\u00e8res ou d\u00e9chets radioactifs en attendant soit leur emploi pour les <strong><em>mati\u00e8res, <\/em><\/strong>soit leur stockage qui correspond \u00e0 un h\u00e9bergement de longue ou tr\u00e8s longue dur\u00e9e.<\/li>\n<\/ul>\n<p style=\"text-align: justify\"><strong>On trouve des d\u00e9chets radioactifs aux quatre coins de la France. Ces d\u00e9chets, issus de l\u2019histoire industrielle du nucl\u00e9aire, sont plus ou moins prot\u00e9g\u00e9s et plus ou moins contr\u00f4l\u00e9s.\u00a0 Les combustibles li\u00e9s \u00e0 l\u2019activit\u00e9 \u00e9lectronucl\u00e9aire ont une fili\u00e8re de traitement particuli\u00e8re, mais il y aussi tous les d\u00e9chets qui n\u2019ont pas toujours ou suffisamment fait l\u2019objet d\u2019un suivi organis\u00e9.<\/strong><\/p>\n<p style=\"text-align: justify\">Ceux-ci sont issus de d\u00e9p\u00f4ts de d\u00e9chets \u00e0 radioactivit\u00e9 naturelle \u00e9lev\u00e9e, de l\u2019activit\u00e9 mini\u00e8re\u00a0(pr\u00e8s de 250 gisements d\u2019uranium ont \u00e9t\u00e9 exploit\u00e9s en France), de l\u2019usine de raffinage du minerai d\u2019uranium (<span class='tooltipsall tooltip_post_id_7214 classtoolTips0'><span class='tooltipsall tooltip_post_id_5129 classtoolTips77'>Orano<\/span> \/ Malv\u00e9si<\/span>).<br \/>\nCes d\u00e9chets on \u00e9t\u00e9 stock\u00e9s dans les conditions les plus diverses : certains ont \u00e9t\u00e9 d\u00e9vers\u00e9s dans la nature, d\u2019autres servent de remblais, d\u2019autres sont enfouis en sub-surface et recouverts de mat\u00e9riaux divers dans une enceinte grillag\u00e9e sans gardiennage particulier, d\u2019autres, comme \u00e0 Orano \/ Malv\u00e9si, sont stock\u00e9s dans des bassins plus ou moins \u00e9tanches, etc.<\/p>\n<p>&nbsp;<\/p>\n<p style=\"text-align: center\"><span style=\"font-size: 18pt\"><em><strong>Infographie supprim\u00e9e suite au harc\u00e8lement d&rsquo;une officine suisse<\/strong><\/em><\/span><\/p>\n<p style=\"text-align: justify\"><strong>Les estimations sur la quantit\u00e9 de d\u00e9chets ainsi d\u00e9pos\u00e9s varient\u00a0: <\/strong>dans le dossier de synth\u00e8se du dossier du ma\u00eetre d\u2019ouvrage pour le d\u00e9bat public du PNGMRD ces d\u00e9chets repr\u00e9senteraient 1,6 millions de m3, chiffre contest\u00e9 par la <span class='tooltipsall tooltip_post_id_7025 classtoolTips55'>CRIIRAD<\/span> qui les estime \u00e0 200 millions de m3, en int\u00e9grant les r\u00e9sidus des activit\u00e9s mini\u00e8res, les d\u00e9chets \u00e0 radioactivit\u00e9 naturelle \u00e9lev\u00e9e, les r\u00e9sidus de l\u2019activit\u00e9 de raffinage du minerai d\u2019Uranium \u00e0 Orano \/ Malv\u00e9si. Au final les 1,6 millions de m3 seraient ceux g\u00e9r\u00e9s par l\u2019Andra. Une partie du reste, notamment les d\u00e9chets cr\u00e9\u00e9s par le traitement du minerai\u00a0 d\u2019uranium est g\u00e9r\u00e9e par Orano, qui assure aussi une mission de surveillance sur certains sites de d\u00e9blais uranif\u00e8res.<\/p>\n<p><span style=\"font-size: 14pt\"><strong>En conclusion<\/strong><\/span><\/p>\n<p style=\"text-align: justify\">La situation des d\u00e9chets radioactifs est, en l\u2019\u00e9tat actuel, insuffisamment ma\u00eetris\u00e9e. Cela r\u00e9sulte d\u2019une longue histoire o\u00f9 : <br \/>\n&#8211; soit la question des d\u00e9chets \u00e9tait minimis\u00e9e dans l\u2019espoir de trouver une solution technique pour r\u00e9duire leur radioactivit\u00e9 <br \/>\n&#8211; soit parce que la dangerosit\u00e9 d\u2019une partie d\u2019entre eux \u00e9tait sous-estim\u00e9e. <br \/>\nL\u2019\u00e9volution de l\u2019opinion, mais aussi l\u2019importance de cette quantit\u00e9 de d\u00e9chets, a cr\u00e9\u00e9 un probl\u00e8me qui ne peut plus \u00eatre trait\u00e9 \u00e0 la l\u00e9g\u00e8re. Il semble que la situation a \u00e9t\u00e9 consid\u00e9r\u00e9e comme suffisamment d\u00e9licate par nos gouvernants pour qu&rsquo;ils estiment qu&rsquo;il ne fallait\u00a0 plus laisser le public \u00e0 l\u2019\u00e9cart des d\u00e9cisions \u00e0 prendre. Dans cette perspective du 17 avril au 25 septembre 2019, une commission particuli\u00e8re du d\u00e9bat public, initi\u00e9e par la <span class='tooltipsall tooltip_post_id_4067 classtoolTips139'>CNDP<\/span>, \u00ab <em>viendra \u00e0 la rencontre des citoyens, des associations, des repr\u00e9sentants du secteur de l\u2019\u00e9nergie, des \u00e9lus ou toute autre personne\u00a0\u00bb <\/em>pour conna\u00eetre leur avis avant de d\u00e9finir un nouveau PNGMDR pour la p\u00e9riode 2019 -2021 ( ?). Pourtant les jeux semblent d\u00e9j\u00e0 faits et les grands options de gestion arr\u00eat\u00e9es. Ainsi le gouvernement a confirm\u00e9 que la strat\u00e9gie de retraitement-recyclage du combustible nucl\u00e9aire serait maintenue jusqu\u2019en 2040, ainsi le projet Cigeo n\u2019est pas remis en cause, etc. Alors consulter le public ou le conditionner \u00e0 de futurs \u00ab\u00a0sacrifices\u00a0\u00bb ? C\u2019est l\u00e0 toute la question !<\/p>\n<p style=\"text-align: right\"><em>Curly Mac Toole pour le Clairon de l\u2019Atax, \u00a0le 19 \/ 06 \/ 2019<\/em><\/p>\n<p>&nbsp;<\/p>\n<p><strong>Sources\u00a0: <\/strong><\/p>\n<p>D\u00e9bat public plan national de gestion des mati\u00e8res et d\u00e9chets radioactifs <br \/>\n<a href=\"https:\/\/pngmdr.debatpublic.fr\/\">https:\/\/pngmdr.debatpublic.fr\/<\/a><\/p>\n<p>Andra, \u00a0inventaire des sites de stockage\u00a0:<br \/>\n<a href=\"https:\/\/inventaire.andra.fr\/sites\/default\/files\/documents\/pdf\/fr\/inventaire_national-essentiels-2019.pdf\">https:\/\/inventaire.andra.fr\/sites\/default\/files\/documents\/pdf\/fr\/inventaire_national-essentiels-2019.pdf<\/a><\/p>\n<script type=\"text\/javascript\"> var tt_store_content = \"\\<p style\\='text\\-align\\: justify'\\>\\<strong\\>Situ\u00e9e \u00e0 moins de 3 kilom\u00e8tres du centre ancien de Narbonne, l\u2019usine nucl\u00e9aire de Malv\u00e9si traite depuis plus de 50 ans du minerai d\u2019uranium \u00e0 usage civil ou militaire\\.\\<\\\/strong\\>\\<\\\/p\\><br\/>\\<p style\\='text\\-align\\: justify'\\>\\<strong\\>\u00a0\u00bc du minerai nucl\u00e9aire mondial passe par cet \u00e9tablissement qui raffine le minerai entrant sous forme de \u00ab\u00a0yellowcake\u00a0\u00bb en t\u00e9trafluorure d\u2019uranium \\(UF4\\) avant de le r\u00e9exp\u00e9dier \u00e0 l\u2019usine de Pierrelatte\\.\\<\\\/strong\\>\\<\\\/p\\><br\/>\\<p style\\='text\\-align\\: justify'\\>\\<strong\\>On estime a pr\u00e8s d\u20191 million de m3 les effluents nitrat\u00e9s et radioactifs qui sont issus de ce raffinage et actuellement stock\u00e9s\u00a0 dans des bassins d\u2019\u00e9vaporation et de d\u00e9cantation qui jouxtent l\u2019usine\\.\\<\\\/strong\\>\\<\\\/p\\><br\/>\\<p style\\='text\\-align\\: justify'\\>\\<strong\\>Depuis sa mise en service de nombreux incidents et accidents ont \u00e9maill\u00e9 le fonctionnement de cette installation class\u00e9e en partie <span class='tooltipsall tooltip_post_id_3616 classtoolTips158'>INB<\/span> \\(\\<em\\>Installation Nucl\u00e9aire de Base\\<\\\/em\\>\\), ICPE \\(\\<em\\>Installation Class\u00e9e pour la Protection de l\u2019Environnement\\<\\\/em\\>\\), <span class='tooltipsall tooltip_post_id_19989 classtoolTips59'>SEVESO<\/span> \\(seuil haut\\) tandis qu\u2019en mai 2016 le minist\u00e8re de la D\u00e9fense a class\u00e9 le site en ZNAR \\(Zone Nucl\u00e9aire \u00e0 Acc\u00e8s R\u00e9glement\u00e9\\)\\. Les communes les plus proches du site Narbonne et Moussan sont class\u00e9es comme comportant \u00ab\u00a0un risque technologique industriel de seuil haut\u00a0\u00bb\\<\\\/strong\\>\\<\\\/p\\>\"; toolTips('.classtoolTips0',tt_store_content,'7214'); <\/script><script type=\"text\/javascript\"> var tt_store_content = \"\\<p style\\='text\\-align\\: justify'\\>La \\<strong\\>C\\<\\\/strong\\>ommission de \\<strong\\>R\\<\\\/strong\\>echerche et d'\\<strong\\>I\\<\\\/strong\\>nformations \\<strong\\>I\\<\\\/strong\\>nd\u00e9pendantes sur la \\<strong\\>Rad\\<\\\/strong\\>ioactivit\u00e9 est une association fran\u00e7aise 'loi 1901'\\. Elle emploie une \u00e9quipe d'une douzaine de scientifiques\u00a0 et dispose d'un laboratoire d'analyse agr\u00e9e par le minist\u00e8re de la sant\u00e9 dans le cadre de la protection de l'environnement\\. Son domaine d'intervention est le d\u00e9pistage et \u00e0 l'identification des pollutions radioactives en France comme \u00e0 l'\u00e9tranger\\. Elle se finance par les cotisations de ses membres et la r\u00e9mun\u00e9ration de ses nombreux travaux \\(plus d'un millier depuis sa cr\u00e9ation\\)\\.\\<\\\/p\\>\"; toolTips('.classtoolTips55',tt_store_content,'7025'); <\/script><script type=\"text\/javascript\"> var tt_store_content = \"\\<p style\\='text\\-align\\: justify'\\>La \\<strong\\>C\\<\\\/strong\\>ommission de \\<strong\\>R\\<\\\/strong\\>echerche et d'\\<strong\\>I\\<\\\/strong\\>nformations \\<strong\\>I\\<\\\/strong\\>nd\u00e9pendantes sur la \\<strong\\>Rad\\<\\\/strong\\>ioactivit\u00e9 est une association fran\u00e7aise 'loi 1901'\\. Elle emploie une \u00e9quipe d'une douzaine de scientifiques\u00a0 et dispose d'un laboratoire d'analyse agr\u00e9e par le minist\u00e8re de la sant\u00e9 dans le cadre de la protection de l'environnement\\. Son domaine d'intervention est le d\u00e9pistage et \u00e0 l'identification des pollutions radioactives en France comme \u00e0 l'\u00e9tranger\\. Elle se finance par les cotisations de ses membres et la r\u00e9mun\u00e9ration de ses nombreux travaux \\(plus d'un millier depuis sa cr\u00e9ation\\)\\.\\<\\\/p\\>\"; toolTips('.classtoolTips55',tt_store_content,'7025'); <\/script><script type=\"text\/javascript\"> var tt_store_content = \"\\<p\\>PNGMDR \\= \\<span class\\='st'\\>Plan national de gestion des mati\u00e8res et d\u00e9chets radioactifs\\<\\\/span\\>\\<\\\/p\\>\"; toolTips('.classtoolTips69',tt_store_content,'21205'); <\/script><script type=\"text\/javascript\"> var tt_store_content = \"\\<p\\>PNGMDR \\= \\<span class\\='st'\\>Plan national de gestion des mati\u00e8res et d\u00e9chets radioactifs\\<\\\/span\\>\\<\\\/p\\>\"; toolTips('.classtoolTips69',tt_store_content,'21205'); <\/script><script type=\"text\/javascript\"> var tt_store_content = \"\\<p\\>d\u00e9chets de Faible et Moyenne Activit\u00e9 \u00e0 vie courte\\<\\\/p\\>\"; toolTips('.classtoolTips74',tt_store_content,'19199'); <\/script><script type=\"text\/javascript\"> var tt_store_content = \"Nouveau nom que s'est donn\u00e9, en 2018, l'entreprise AREVA\"; toolTips('.classtoolTips77',tt_store_content,'5129'); <\/script><script type=\"text\/javascript\"> var tt_store_content = \"\\<p style\\='text\\-align\\: center;'\\>\\<strong\\>Agence Nationale pour la gestion des D\u00e9chets RAdioactifs\\<\\\/strong\\>\\<\\\/p\\><br\/>\\<a href\\='https\\:\\\/\\\/fr\\.wikipedia\\.org\\\/wiki\\\/Agence_nationale_pour_la_gestion_des_d%C3%A9chets_radioactifs' target\\='_blank' rel\\='noopener'\\>Voir la fiche Wikipedia de l'ANDRA\\<\\\/a\\><br\/>\\<a href\\='http\\:\\\/\\\/www\\.andra\\.fr\\\/' target\\='_blank' rel\\='noopener'\\>Voir le site de l'agence\\<\\\/a\\>\"; toolTips('.classtoolTips79',tt_store_content,'3612'); <\/script><script type=\"text\/javascript\"> var tt_store_content = \"\\<p style\\='text\\-align\\: center;'\\>\\<strong\\>Centre Industriel de stockage GEOlogique\\<\\\/strong\\>\\<\\\/p\\><br\/>Projet fran\u00e7ais de centre de \\<strong\\>stockage\\<\\\/strong\\> des \\<strong\\>d\u00e9chets radioactifs\\<\\\/strong\\> en couche g\u00e9ologique profonde<br\/><br\/>\\<a href\\='https\\:\\\/\\\/fr\\.wikipedia\\.org\\\/wiki\\\/Cig%C3%A9o' target\\='_blank' rel\\='noopener'\\>Voir la fiche Wikipedia\\<\\\/a\\><br\/>\\<a href\\='http\\:\\\/\\\/cigeo\\.com\\\/' target\\='_blank' rel\\='noopener'\\>Voir le site du projet\\<\\\/a\\>\"; toolTips('.classtoolTips91',tt_store_content,'4298'); <\/script><script type=\"text\/javascript\"> var tt_store_content = \"\\<p\\>D\u00e9chets radioactifs de moyenne activit\u00e9 \u00e0 vie longue \\(classement ANDRA\\)\\<\\\/p\\>\"; toolTips('.classtoolTips99',tt_store_content,'19197'); <\/script><script type=\"text\/javascript\"> var tt_store_content = \"\\<p\\>D\u00e9chets radioactifs de moyenne activit\u00e9 \u00e0 vie longue \\(classement ANDRA\\)\\<\\\/p\\>\"; toolTips('.classtoolTips99',tt_store_content,'19197'); <\/script><script type=\"text\/javascript\"> var tt_store_content = \"\\<p\\>d\u00e9chets \u00e0 Faible Activit\u00e9 et Vie Longue \\(classement ANDRA\\)\\<\\\/p\\>\"; toolTips('.classtoolTips100',tt_store_content,'19198'); <\/script><script type=\"text\/javascript\"> var tt_store_content = \"\\<p style\\='text\\-align\\: center;'\\>\\<span style\\='font\\-size\\: 14pt;'\\>\\<strong\\>C\\<\\\/strong\\>onseil \\<strong\\>R\\<\\\/strong\\><span class='tooltipsall tooltip_post_id_5579 classtoolTips196'>epr<\/span>\u00e9sentatif des \\<strong\\>I\\<\\\/strong\\>nstitutions Juives de \\<strong\\>F\\<\\\/strong\\>rance\\<\\\/span\\>\\<\\\/p\\>\"; toolTips('.classtoolTips121',tt_store_content,'5749'); <\/script><script type=\"text\/javascript\"> var tt_store_content = \"\\<p\\><span class='tooltipsall tooltip_post_id_19394 classtoolTips134'>SAGE<\/span> \\= \\<span class\\='st'\\> sch\u00e9ma d'am\u00e9nagement et de gestion de l'eau\\<\\\/span\\> , c'est un outil de planification qui concerne l'ensemble des eaux situ\u00e9es dans un bassin versant\\<\\\/p\\>\"; toolTips('.classtoolTips134',tt_store_content,'19394'); <\/script><script type=\"text\/javascript\"> var tt_store_content = \"\\<p style\\='text\\-align\\: center;'\\>\\<span style\\='font\\-size\\: 14pt;'\\>\\<strong\\>C\\<\\\/strong\\>ommission\\<strong\\> N\\<\\\/strong\\>ationale du \\<strong\\>D\\<\\\/strong\\>\u00e9bat\\<strong\\> P\\<\\\/strong\\>ublic\\<\\\/span\\>\\<\\\/p\\><br\/>\\<p style\\='text\\-align\\: center;'\\>La Commission nationale du d\u00e9bat public est une autorit\u00e9 administrative ind\u00e9pendante dont la mission est d\u2019informer les citoyens et de faire en sorte que leur point de vue soit pris en compte dans le processus de d\u00e9cision \\: \\<br\\><br\/>\u00ab Vous donner la parole et la faire entendre \u00bb\\.'\\<\\\/p\\><br\/>\\<p\\>Voir \\<a href\\='https\\:\\\/\\\/www\\.debatpublic\\.fr\\\/son\\-role' target\\='_blank' rel\\='noopener'\\>ici la d\u00e9finition compl\u00e8te du r\u00f4le de la CNDP\\<\\\/a\\>\\<br\\><br\/>Aller sur le \\<a href\\='https\\:\\\/\\\/www\\.debatpublic\\.fr\\\/' target\\='_blank' rel\\='noopener'\\>site de la CNDP\\<\\\/a\\>\\<\\\/p\\>\"; toolTips('.classtoolTips139',tt_store_content,'4067'); <\/script><script type=\"text\/javascript\"> var tt_store_content = \"\\<p style\\='text\\-align\\: center;'\\>\\<strong\\>\\<span style\\='font\\-size\\: 14pt;'\\>S\\<\\\/span\\>\\<\\\/strong\\>\\<span style\\='font\\-size\\: 14pt;'\\>oci\u00e9t\u00e9 d'\\<strong\\>\u00c9\\<\\\/strong\\>conomie \\<strong\\>M\\<\\\/strong\\>ixte\\<\\\/span\\>\\<\\\/p\\><br\/>\\<p style\\='text\\-align\\: justify;'\\>En France, une soci\u00e9t\u00e9 d'\u00e9conomie mixte est une soci\u00e9t\u00e9 anonyme dont le capital est majoritairement d\u00e9tenu par une ou plusieurs personnes publiques \\(\u00e0 savoir l'\u00c9tat, une Collectivit\u00e9 territoriale, ou tout autre \u00c9tablissement public\\)\\. Cette participation majoritaire publique est plafonn\u00e9e \u00e0 85&nbsp;% du capital depuis la Loi du 2 janvier 2002\\. Au moins une personne priv\u00e9e doit participer au capital de la <span class='tooltipsall tooltip_post_id_7168 classtoolTips142'>SEM<\/span>, sachant qu'il peut s'agir d'une autre SEM\\.\\<\\\/p\\><br\/>\\<p style\\='text\\-align\\: justify;'\\>\\<strong\\>Le recours \u00e0 la SEM garantit\\<\\\/strong\\> \u00e0 la collectivit\u00e9 publique actionnaire et cocontractante \\<strong\\>la prise en compte effective de l'int\u00e9r\u00eat g\u00e9n\u00e9ral\\<\\\/strong\\> dans les objectifs de l'entreprise \\<strong\\>et la souplesse de la soci\u00e9t\u00e9 de droit priv\u00e9\\<\\\/strong\\>\\.\\<\\\/p\\><br\/>\\<em\\>\\<a href\\='https\\:\\\/\\\/fr\\.wikipedia\\.org\\\/wiki\\\/Soci%C3%A9t%C3%A9_d%27%C3%A9conomie_mixte' target\\='_blank' rel\\='noopener'\\>Voir ici la page Wikipedia consacr\u00e9e aux SEM\\<\\\/a\\> \\<\\\/em\\><br\/><br\/>&nbsp;\"; toolTips('.classtoolTips142',tt_store_content,'7168'); <\/script><script type=\"text\/javascript\"> var tt_store_content = \"\\<p\\>d\u00e9chets \u00e0 Tr\u00e8s Faible Activit\u00e9 \\(classement Andra\\)\\<\\\/p\\>\"; toolTips('.classtoolTips143',tt_store_content,'19200'); <\/script><script type=\"text\/javascript\"> var tt_store_content = \"\\<p\\>d\u00e9chets \u00e0 Tr\u00e8s Faible Activit\u00e9 \\(classement Andra\\)\\<\\\/p\\>\"; toolTips('.classtoolTips143',tt_store_content,'19200'); <\/script><script type=\"text\/javascript\"> var tt_store_content = \"\\<p style\\='text\\-align\\: center;'\\>\\<span style\\='font\\-size\\: 14pt;'\\>\\<strong\\>I\\<\\\/strong\\>mp\u00f4t sur la \\<strong\\>F\\<\\\/strong\\>ortune \\<strong\\>I\\<\\\/strong\\>mmobili\u00e8re\\<\\\/span\\>\\<\\\/p\\>\"; toolTips('.classtoolTips148',tt_store_content,'5643'); <\/script><script type=\"text\/javascript\"> var tt_store_content = \"\\<p style\\='text\\-align\\: center;'\\>\\<span style\\='font\\-size\\: 14pt;'\\>\\<strong\\>R\\<\\\/strong\\>\u00e9pertoire \\<strong\\>N\\<\\\/strong\\>ational des \\<strong\\>A\\<\\\/strong\\>ssociations\\<\\\/span\\>\\<\\\/p\\>\"; toolTips('.classtoolTips159',tt_store_content,'24374'); <\/script><script type=\"text\/javascript\"> var tt_store_content = \"\\<p style\\='text\\-align\\: center;'\\>\\<strong\\>\\<span style\\='font\\-size\\: 14pt;'\\>G\\<\\\/span\\>\\<\\\/strong\\>\\<span style\\='font\\-size\\: 14pt;'\\>az \u00e0 \\<strong\\>E\\<\\\/strong\\>ffet de \\<strong\\>S\\<\\\/strong\\>erre\\<\\\/span\\>\\<\\\/p\\><br\/>\\<p style\\='text\\-align\\: justify;'\\>Les gaz \u00e0 effet de serre \\(<span class='tooltipsall tooltip_post_id_7232 classtoolTips161'>GES<\/span>\\) sont des composants gazeux qui absorbent le rayonnement infrarouge \u00e9mis par la surface terrestre et contribuent \u00e0 l'effet de serre\\. L'augmentation de leur concentration dans l'atmosph\u00e8re terrestre est l'un des facteurs \u00e0 l'origine du r\u00e9chauffement climatique\\.\\<\\\/p\\><br\/>\\<a href\\='https\\:\\\/\\\/fr\\.wikipedia\\.org\\\/wiki\\\/Gaz_%C3%A0_effet_de_serre' target\\='_blank' rel\\='noopener'\\>\\<em\\>Voir ici la fiche Wikipedia sur les gaz \u00e0 effet de serre\\<\\\/em\\>\\<\\\/a\\>\"; toolTips('.classtoolTips161',tt_store_content,'7232'); <\/script><script type=\"text\/javascript\"> var tt_store_content = \"\\<p style\\='text\\-align\\: justify'\\>La \u00ab\u00a0\\<b\\>programmation pluriannuelle de l'\u00e9nergie\\<\\\/b\\>\u00a0\u00bb \\(<span class='tooltipsall tooltip_post_id_7750 classtoolTips164'>PPE<\/span>\\) est, en France, un document strat\u00e9gique de pilotage de la transition \u00e9nerg\u00e9tique\\. Institu\u00e9e par l'article 176 de la \\<a title\\='Loi relative \u00e0 la transition \u00e9nerg\u00e9tique pour la croissance verte' href\\='https\\:\\\/\\\/fr\\.wikipedia\\.org\\\/wiki\\\/Loi_relative_%C3%A0_la_transition_%C3%A9nerg%C3%A9tique_pour_la_croissance_verte'\\>loi de transition \u00e9nerg\u00e9tique\\<\\\/a\\> \\(TECV\\), elle fixe une trajectoire pour le \\<a title\\='Mix \u00e9nerg\u00e9tique' href\\='https\\:\\\/\\\/fr\\.wikipedia\\.org\\\/wiki\\\/Mix_%C3%A9nerg%C3%A9tique'\\>mix \u00e9nerg\u00e9tique\\<\\\/a\\>, ainsi que \\<span class\\='citation'\\>\u00ab\u00a0les priorit\u00e9s d'action pour la gestion de l\u2019ensemble des formes d'\u00e9nergie sur le territoire m\u00e9tropolitain continental, afin d\u2019atteindre les objectifs nationaux fix\u00e9s par la loi\u00a0\u00bb\\<\\\/span\\>\\. \\(Wikip\u00e9dia\\)\\<\\\/p\\>\"; toolTips('.classtoolTips164',tt_store_content,'7750'); <\/script><script type=\"text\/javascript\"> var tt_store_content = \"\\<p style\\='text\\-align\\: justify'\\>La \u00ab\u00a0\\<b\\>programmation pluriannuelle de l'\u00e9nergie\\<\\\/b\\>\u00a0\u00bb \\(PPE\\) est, en France, un document strat\u00e9gique de pilotage de la transition \u00e9nerg\u00e9tique\\. Institu\u00e9e par l'article 176 de la \\<a title\\='Loi relative \u00e0 la transition \u00e9nerg\u00e9tique pour la croissance verte' href\\='https\\:\\\/\\\/fr\\.wikipedia\\.org\\\/wiki\\\/Loi_relative_%C3%A0_la_transition_%C3%A9nerg%C3%A9tique_pour_la_croissance_verte'\\>loi de transition \u00e9nerg\u00e9tique\\<\\\/a\\> \\(TECV\\), elle fixe une trajectoire pour le \\<a title\\='Mix \u00e9nerg\u00e9tique' href\\='https\\:\\\/\\\/fr\\.wikipedia\\.org\\\/wiki\\\/Mix_%C3%A9nerg%C3%A9tique'\\>mix \u00e9nerg\u00e9tique\\<\\\/a\\>, ainsi que \\<span class\\='citation'\\>\u00ab\u00a0les priorit\u00e9s d'action pour la gestion de l\u2019ensemble des formes d'\u00e9nergie sur le territoire m\u00e9tropolitain continental, afin d\u2019atteindre les objectifs nationaux fix\u00e9s par la loi\u00a0\u00bb\\<\\\/span\\>\\. \\(Wikip\u00e9dia\\)\\<\\\/p\\>\"; toolTips('.classtoolTips164',tt_store_content,'7750'); <\/script><script type=\"text\/javascript\"> var tt_store_content = \"\\<p style\\='text\\-align\\: justify;'\\>Le Conseil d'Orientation des Retraites est une instance qui r\u00e9unit &nbsp;\\<span class\\='st'\\>les principaux acteurs du champ des retraites\\<\\\/span\\> et effectue un travail d'\u00e9tudes et de concertation\\. Compos\u00e9 de parlementaires, de repr\u00e9sentants des organisations professionnelles et syndicales, des retrait\u00e9s et des familles, de membres de l'administration et d'experts, le Conseil d'orientation des retraites \\(<span class='tooltipsall tooltip_post_id_7751 classtoolTips165'>COR<\/span>\\) est plac\u00e9 aupr\u00e8s du Premier ministre\\.\\<\\\/p\\>\"; toolTips('.classtoolTips165',tt_store_content,'7751'); <\/script><script type=\"text\/javascript\"> var tt_store_content = \"\\<p style\\='text\\-align\\: center;'\\>\\<span style\\='font\\-size\\: 14pt;'\\>\\<strong\\>O\\<\\\/strong\\>rganisation \\<strong\\>M\\<\\\/strong\\>\u00e9t\u00e9orologique \\<strong\\>M\\<\\\/strong\\>ondiale<br\/>\\<strong\\>W\\<\\\/strong\\>orld \\<strong\\>M\\<\\\/strong\\>eteorological \\<strong\\>O\\<\\\/strong\\>rganization\\<\\\/span\\>\\<\\\/p\\><br\/>&nbsp;<br\/><br\/>\\<a href\\='https\\:\\\/\\\/public\\.wmo\\.int\\\/fr' target\\='_blank' rel\\='noopener'\\>\\<em\\>Acc\u00e9der ici au site de l'organisation\\<\\\/em\\>\\<\\\/a\\>\"; toolTips('.classtoolTips168',tt_store_content,'7763'); <\/script><script type=\"text\/javascript\"> var tt_store_content = \"\\<p style\\='text\\-align\\: justify'\\>\\<span class\\='ILfuVd'\\>La politique agricole commune \\(\\<b\\><span class='tooltipsall tooltip_post_id_11364 classtoolTips174'>PAC<\/span>\\<\\\/b\\>\\) est une politique mise en place \u00e0 l'\u00e9chelle de l'Union europ\u00e9enne\\. \u00c0 l'origine, elle est fond\u00e9e principalement sur des mesures de contr\u00f4le des prix et de subventionnement, visant \u00e0 moderniser et d\u00e9velopper l'agriculture\\.\\<\\\/span\\> \\(source Wikipedia\\)\\<\\\/p\\>\"; toolTips('.classtoolTips174',tt_store_content,'11364'); <\/script><script type=\"text\/javascript\"> var tt_store_content = \"\\<p style\\='text\\-align\\: center;'\\>\\<span style\\='font\\-size\\: 14pt;'\\>\\<strong\\>P\\<\\\/strong\\>\\<\\\/span\\>\\<span style\\='font\\-size\\: 14pt;'\\>lan \\<strong\\>L\\<\\\/strong\\>\\<\\\/span\\>\\<span style\\='font\\-size\\: 14pt;'\\>ocal d'\\<strong\\>U\\<\\\/strong\\>\\<\\\/span\\>\\<span style\\='font\\-size\\: 14pt;'\\>rbanisme\\<\\\/span\\>\\<\\\/p\\><br\/>&nbsp;\"; toolTips('.classtoolTips176',tt_store_content,'4979'); <\/script><script type=\"text\/javascript\"> var tt_store_content = \"\\<p\\>Conseil \u00c9conomique et Social\\<\\\/p\\>\"; toolTips('.classtoolTips180',tt_store_content,'29829'); <\/script><script type=\"text\/javascript\"> var tt_store_content = \"\\<p style\\='text\\-align\\: center;'\\>\\<span style\\='font\\-size\\: 14pt;'\\>\\<strong\\>G\\<\\\/strong\\>roupement \\<strong\\>H\\<\\\/strong\\>ospitalier de \\<strong\\>T\\<\\\/strong\\>erritoire\\<\\\/span\\>\\<\\\/p\\><br\/>\\<p style\\='text\\-align\\: justify;'\\>Les groupements hospitaliers de territoires, dispositif pr\u00e9vu par la loi de sant\u00e9 2016, sont un nouveau mode de coop\u00e9ration entre les \u00e9tablissements publics de sant\u00e9 \u00e0 l\u2019\u00e9chelle d\u2019un territoire\\<\\\/p\\>\"; toolTips('.classtoolTips189',tt_store_content,'18358'); <\/script><script type=\"text\/javascript\"> var tt_store_content = \"\\<p style\\='text\\-align\\: center;'\\>\\<span style\\='font\\-size\\: 14pt;'\\>\\<strong\\>C\\<\\\/strong\\>omit\u00e9 \\<strong\\>T\\<\\\/strong\\>echnique d'\\<strong\\>\u00c9\\<\\\/strong\\>tablissement\\<\\\/span\\>\\<\\\/p\\>\"; toolTips('.classtoolTips191',tt_store_content,'18359'); <\/script><script type=\"text\/javascript\"> var tt_store_content = \"\\<p style\\='text\\-align\\: center;'\\>\\<strong\\>\\<span style\\='font\\-size\\: 14pt;'\\>P\\<\\\/span\\>\\<\\\/strong\\>\\<span style\\='font\\-size\\: 14pt;'\\>rogrammation \\<strong\\>P\\<\\\/strong\\>luri\\-annuelle de l'\\<strong\\>\u00c9\\<\\\/strong\\>nergie\\<\\\/span\\>\\<\\\/p\\><br\/>La PPE est est en France un document strat\u00e9gique de pilotage de la transition \u00e9nerg\u00e9tique\\. Institu\u00e9e par l'article 176 de la loi transition \u00e9nerg\u00e9tique \\(TECV\\)\\. Elle fixe \\(par \u00e9nergie\\) une trajectoire pour le mix \u00e9nerg\u00e9tique, ainsi que \u00ab&nbsp;\\<em\\>les priorit\u00e9s d'action pour la gestion de l\u2019ensemble des formes d'\u00e9nergie sur le territoire m\u00e9tropolitain continental, afin d\u2019atteindre les objectifs nationaux fix\u00e9s par la loi\\<\\\/em\\>&nbsp;\u00bb\\.<br\/><br\/>Initi\u00e9e en 2016, elle est r\u00e9vis\u00e9e en 2018 puis ensuite tous les 5 ans\\.<br\/><br\/>\\<a href\\='https\\:\\\/\\\/fr\\.wikipedia\\.org\\\/wiki\\\/Programmation_pluriannuelle_de_l'\u00e9nergi' target\\='_blank' rel\\='noopener'\\>\\<em\\>Voir ici la page Wikipedia consacr\u00e9e \u00e0 la PPE\\<\\\/em\\>\\<\\\/a\\><br\/>\\<a href\\='https\\:\\\/\\\/ppe\\.debatpublic\\.fr\\\/' target\\='_blank' rel\\='noopener'\\>\\<em\\>Voir ici la page du site 'Commission du D\u00e9bat Public' consacr\u00e9e \u00e0 la PPE\\<\\\/em\\>\\<\\\/a\\>\"; toolTips('.classtoolTips193',tt_store_content,'7102'); <\/script><script type=\"text\/javascript\"> var tt_store_content = \"\\<p style\\='text\\-align\\: center;'\\>\\<span style\\='font\\-size\\: 14pt;'\\>\\<strong\\>E\\<\\\/strong\\>volutionary \\<strong\\>P\\<\\\/strong\\>ower \\<strong\\>R\\<\\\/strong\\>eactor\\<\\\/span\\>\\<\\\/p\\><br\/>\\<p style\\='text\\-align\\: justify;'\\>R\u00e9acteur nucl\u00e9aire de troisi\u00e8me g\u00e9n\u00e9ration \\(classification internationale\\), con\u00e7u et d\u00e9velopp\u00e9 par <span class='tooltipsall tooltip_post_id_5121 classtoolTips35'>Areva NP<\/span>&nbsp; au cours des ann\u00e9es 1990 et 2000\\. Il fait partie de la fili\u00e8re des r\u00e9acteurs \u00e0 eau pressuris\u00e9e\\.\\<\\\/p\\><br\/>\\<a href\\='https\\:\\\/\\\/fr\\.wikipedia\\.org\\\/wiki\\\/R%C3%A9acteur_pressuris%C3%A9_europ%C3%A9en' target\\='_blank' rel\\='noopener'\\>\\<em\\>Voir ici la fiche Wikipedia EPR\\<\\\/em\\>\\<\\\/a\\>\"; toolTips('.classtoolTips196',tt_store_content,'5579'); <\/script><script type=\"text\/javascript\"> var tt_store_content = \"\\<p style\\='text\\-align\\: center;'\\>\\<strong\\>R\\<\\\/strong\\>\u00e9seau \\<strong\\>A\\<\\\/strong\\>ction \\<strong\\>C\\<\\\/strong\\>limat\\<\\\/p\\><br\/>Le r\u00e9seau Action Climat '\\<em\\>f\u00e9d\u00e8re les associations impliqu\u00e9es dans la lutte contre les changements climatiques et pour une transition \u00e9cologique, solidaire et \u00e9quitable\\<\\\/em\\>'\\.<br\/><br\/>\\<a href\\='https\\:\\\/\\\/reseauactionclimat\\.org\\\/' target\\='_blank' rel\\='noopener'\\>Voir le site du <span class='tooltipsall tooltip_post_id_4309 classtoolTips200'>RAC<\/span>\\<\\\/a\\>\"; toolTips('.classtoolTips200',tt_store_content,'4309'); <\/script><script type=\"text\/javascript\"> var tt_store_content = \"\\<p style\\='text\\-align\\: center;'\\>\\<strong\\>\\<span style\\='font\\-size\\: 14pt;'\\>R\\<\\\/span\\>\\<\\\/strong\\>\\<span style\\='font\\-size\\: 14pt;'\\>eferendum d'\\<strong\\>I\\<\\\/strong\\>nitiative \\<strong\\>C\\<\\\/strong\\>itoyenne\\<\\\/span\\>\\<\\\/p\\>\"; toolTips('.classtoolTips205',tt_store_content,'12268'); <\/script><script type=\"text\/javascript\"> var tt_store_content = \"\\<p\\><span class='tooltipsall tooltip_post_id_25844 classtoolTips208'>RTE<\/span> \\= R\u00e9seau de Transport d'Electricit\u00e9 est une filiale d'<span class='tooltipsall tooltip_post_id_7035 classtoolTips178'>EDF<\/span> qui est l'actionnaire majoritaire avec 50,1% des parts le reste \u00e9tant partag\u00e9 par la CDC et la CNP\\<\\\/p\\>\"; toolTips('.classtoolTips208',tt_store_content,'25844'); <\/script><script type=\"text\/javascript\"> var tt_store_content = \"\\<p style\\='text\\-align\\: center;'\\>\\<span style\\='font\\-size\\: 14pt;'\\>\\<strong\\>O\\<\\\/strong\\>rganisation\\<strong\\> N\\<\\\/strong\\>on\\<strong\\> G\\<\\\/strong\\>ouvernementale\\<\\\/span\\>\\<\\\/p\\><br\/>Une organisation non gouvernementale \\(<span class='tooltipsall tooltip_post_id_3579 classtoolTips210'>ONG<\/span>\\) est une \\<a title\\='Association \u00e0 but non lucratif' href\\='https\\:\\\/\\\/fr\\.wikipedia\\.org\\\/wiki\\\/Association_%C3%A0_but_non_lucratif' target\\='_blank' rel\\='noopener'\\>association \u00e0 but non lucratif\\<\\\/a\\>, d'int\u00e9r\u00eat public, qui ne rel\u00e8ve ni de l'\u00c9tat, ni d'institutions internationales\\<sup id\\='cite_ref\\-novethic_1\\-0' class\\='reference'\\>\\<\\\/sup\\>\\. Les ONG n'ont pas le statut de sujet de \\<a title\\='Droit international public' href\\='https\\:\\\/\\\/fr\\.wikipedia\\.org\\\/wiki\\\/Droit_international_public' target\\='_blank' rel\\='noopener'\\>droit international\\<\\\/a\\>\\.\"; toolTips('.classtoolTips210',tt_store_content,'3579'); <\/script><script type=\"text\/javascript\"> var tt_store_content = \"\\<p style\\='text\\-align\\: center;'\\>\\<span style\\='font\\-size\\: 14pt;'\\>\\<strong\\>O\\<\\\/strong\\>rganisation\\<strong\\> N\\<\\\/strong\\>on\\<strong\\> G\\<\\\/strong\\>ouvernementale\\<\\\/span\\>\\<\\\/p\\><br\/>Une organisation non gouvernementale \\(ONG\\) est une \\<a title\\='Association \u00e0 but non lucratif' href\\='https\\:\\\/\\\/fr\\.wikipedia\\.org\\\/wiki\\\/Association_%C3%A0_but_non_lucratif' target\\='_blank' rel\\='noopener'\\>association \u00e0 but non lucratif\\<\\\/a\\>, d'int\u00e9r\u00eat public, qui ne rel\u00e8ve ni de l'\u00c9tat, ni d'institutions internationales\\<sup id\\='cite_ref\\-novethic_1\\-0' class\\='reference'\\>\\<\\\/sup\\>\\. Les ONG n'ont pas le statut de sujet de \\<a title\\='Droit international public' href\\='https\\:\\\/\\\/fr\\.wikipedia\\.org\\\/wiki\\\/Droit_international_public' target\\='_blank' rel\\='noopener'\\>droit international\\<\\\/a\\>\\.\"; toolTips('.classtoolTips210',tt_store_content,'3579'); <\/script><script type=\"text\/javascript\"> var tt_store_content = \"\\<p\\>d\u00e9chets \u00e0 Vie Courte \\(classement ANDRA\\)\\<\\\/p\\>\"; toolTips('.classtoolTips212',tt_store_content,'19201'); <\/script><script type=\"text\/javascript\"> var tt_store_content = \"\\<p style\\='text\\-align\\: center;'\\>\\<strong\\>J\\<\\\/strong\\>eux \\<strong\\>O\\<\\\/strong\\>lympiques<br\/>ou<br\/>\\<strong\\>J\\<\\\/strong\\>ournal \\<strong\\>O\\<\\\/strong\\>fficiel de la R\u00e9publique Fran\u00e7aise\\<\\\/p\\>\"; toolTips('.classtoolTips213',tt_store_content,'4451'); <\/script><script type=\"text\/javascript\"> var tt_store_content = \"\\<p\\><span class='tooltipsall tooltip_post_id_30593 classtoolTips214'>RN<\/span> \\= Rassemble National, c'est le parti d'extr\u00eame droite de Marine Le Pen qui succ\u00e8de au FN \\= Front National fond\u00e9 par son p\u00e8re Jean Marie Le Pen\\<\\\/p\\>\"; toolTips('.classtoolTips214',tt_store_content,'30593'); <\/script><script type=\"text\/javascript\"> var tt_store_content = \"\\<p style\\='text\\-align\\: center;'\\>\\<span style\\='font\\-size\\: 14pt;'\\>\\<strong\\>C\\<\\\/strong\\>entre \\<strong\\>H\\<\\\/strong\\>ospitalier\\<\\\/span\\>\\<\\\/p\\>\"; toolTips('.classtoolTips220',tt_store_content,'18357'); <\/script><script type=\"text\/javascript\"> var tt_store_content = \"\\<p\\>D\u00e9chets radioactifs \u00e0 Haute Activit\u00e9 \\(classement ANDRA\\)\\<\\\/p\\>\"; toolTips('.classtoolTips223',tt_store_content,'19196'); <\/script><script type=\"text\/javascript\"> var tt_store_content = \"\\<p\\>D\u00e9chets radioactifs \u00e0 Haute Activit\u00e9 \\(classement ANDRA\\)\\<\\\/p\\>\"; toolTips('.classtoolTips223',tt_store_content,'19196'); <\/script>","protected":false},"excerpt":{"rendered":"<p>La situation des d\u00e9chets radioactifs est en l\u2019\u00e9tat actuel insuffisamment ma\u00eetris\u00e9e. Cela r\u00e9sulte d\u2019une longue histoire o\u00f9 soit la question des d\u00e9chets \u00e9tait minimis\u00e9e dans l\u2019espoir de trouver une solution technique pour r\u00e9duire leur radioactivit\u00e9 soit parce que la dangerosit\u00e9 d\u2019une partie d\u2019entre eux \u00e9tait sous-estim\u00e9e. L\u2019\u00e9volution de l\u2019opinion, mais aussi l\u2019importance prise par <span class='tooltipsall tooltip_post_id_29829 classtoolTips180'>ces<\/span> d\u00e9chets a cr\u00e9\u00e9 un probl\u00e8me qui ne peut plus \u00eatre trait\u00e9 \u00e0 la l\u00e9g\u00e8re. <script type=\"text\/javascript\"> var tt_store_content = \"\\<\/p>\n<p style\\='text\\-align\\: justify'\\>\\<strong\\>Situ\u00e9e \u00e0 moins de 3 kilom\u00e8tres du centre ancien de Narbonne, l\u2019usine nucl\u00e9aire de Malv\u00e9si traite depuis plus de 50 ans du minerai d\u2019uranium \u00e0 usage civil ou militaire\\.\\<\\\/strong\\>\\<\\\/p\\><br \/>\\<\/p>\n<p style\\='text\\-align\\: justify'\\>\\<strong\\>\u00a0\u00bc du minerai nucl\u00e9aire mondial passe par cet \u00e9tablissement qui raffine le minerai entrant sous forme de \u00ab\u00a0yellowcake\u00a0\u00bb en t\u00e9trafluorure d\u2019uranium \\(UF4\\) avant de le r\u00e9exp\u00e9dier \u00e0 l\u2019usine de Pierrelatte\\.\\<\\\/strong\\>\\<\\\/p\\><br \/>\\<\/p>\n<p style\\='text\\-align\\: justify'\\>\\<strong\\>On estime a pr\u00e8s d\u20191 million de m3 les effluents nitrat\u00e9s et radioactifs qui sont issus de ce raffinage et actuellement stock\u00e9s\u00a0 dans des bassins d\u2019\u00e9vaporation et de d\u00e9cantation qui jouxtent l\u2019usine\\.\\<\\\/strong\\>\\<\\\/p\\><br \/>\\<\/p>\n<p style\\='text\\-align\\: justify'\\>\\<strong\\>Depuis sa mise en service de nombreux incidents et accidents ont \u00e9maill\u00e9 le fonctionnement de cette installation class\u00e9e en partie <span class='tooltipsall tooltip_post_id_3616 classtoolTips158'>INB<\/span> \\(\\<em\\>Installation Nucl\u00e9aire de Base\\<\\\/em\\>\\), ICPE \\(\\<em\\>Installation Class\u00e9e pour la Protection de l\u2019Environnement\\<\\\/em\\>\\), <span class='tooltipsall tooltip_post_id_19989 classtoolTips59'>SEVESO<\/span> \\(seuil haut\\) tandis qu\u2019en mai 2016 le minist\u00e8re de la D\u00e9fense a class\u00e9 le site en ZNAR \\(Zone Nucl\u00e9aire \u00e0 Acc\u00e8s R\u00e9glement\u00e9\\)\\. Les communes les plus proches du site Narbonne et Moussan sont class\u00e9es comme comportant \u00ab\u00a0un risque technologique industriel de seuil haut\u00a0\u00bb\\<\\\/strong\\>\\<\\\/p\\>\"; toolTips('.classtoolTips0',tt_store_content,'7214'); <\/script><script type=\"text\/javascript\"> var tt_store_content = \"\\<\/p>\n<p style\\='text\\-align\\: justify'\\>La \\<strong\\>C\\<\\\/strong\\>ommission de \\<strong\\>R\\<\\\/strong\\>echerche et d'\\<strong\\>I\\<\\\/strong\\>nformations \\<strong\\>I\\<\\\/strong\\>nd\u00e9pendantes sur la \\<strong\\>Rad\\<\\\/strong\\>ioactivit\u00e9 est une association fran\u00e7aise 'loi 1901'\\. Elle emploie une \u00e9quipe d'une douzaine de scientifiques\u00a0 et dispose d'un laboratoire d'analyse agr\u00e9e par le minist\u00e8re de la sant\u00e9 dans le cadre de la protection de l'environnement\\. Son domaine d'intervention est le d\u00e9pistage et \u00e0 l'identification des pollutions radioactives en France comme \u00e0 l'\u00e9tranger\\. Elle se finance par les cotisations de ses membres et la r\u00e9mun\u00e9ration de ses nombreux travaux \\(plus d'un millier depuis sa cr\u00e9ation\\)\\.\\<\\\/p\\>\"; toolTips('.classtoolTips55',tt_store_content,'7025'); <\/script><script type=\"text\/javascript\"> var tt_store_content = \"\\<\/p>\n<p style\\='text\\-align\\: justify'\\>La \\<strong\\>C\\<\\\/strong\\>ommission de \\<strong\\>R\\<\\\/strong\\>echerche et d'\\<strong\\>I\\<\\\/strong\\>nformations \\<strong\\>I\\<\\\/strong\\>nd\u00e9pendantes sur la \\<strong\\>Rad\\<\\\/strong\\>ioactivit\u00e9 est une association fran\u00e7aise 'loi 1901'\\. Elle emploie une \u00e9quipe d'une douzaine de scientifiques\u00a0 et dispose d'un laboratoire d'analyse agr\u00e9e par le minist\u00e8re de la sant\u00e9 dans le cadre de la protection de l'environnement\\. Son domaine d'intervention est le d\u00e9pistage et \u00e0 l'identification des pollutions radioactives en France comme \u00e0 l'\u00e9tranger\\. Elle se finance par les cotisations de ses membres et la r\u00e9mun\u00e9ration de ses nombreux travaux \\(plus d'un millier depuis sa cr\u00e9ation\\)\\.\\<\\\/p\\>\"; toolTips('.classtoolTips55',tt_store_content,'7025'); <\/script><script type=\"text\/javascript\"> var tt_store_content = \"\\<p\\><span class='tooltipsall tooltip_post_id_21205 classtoolTips69'>PNGMDR<\/span> \\= \\<span class\\='st'\\>Plan national de gestion des mati\u00e8res et d\u00e9chets radioactifs\\<\\\/span\\>\\<\\\/p\\>\"; toolTips('.classtoolTips69',tt_store_content,'21205'); <\/script><script type=\"text\/javascript\"> var tt_store_content = \"\\<p\\>PNGMDR \\= \\<span class\\='st'\\>Plan national de gestion des mati\u00e8res et d\u00e9chets radioactifs\\<\\\/span\\>\\<\\\/p\\>\"; toolTips('.classtoolTips69',tt_store_content,'21205'); <\/script><script type=\"text\/javascript\"> var tt_store_content = \"\\<p\\>d\u00e9chets de Faible et Moyenne Activit\u00e9 \u00e0 vie courte\\<\\\/p\\>\"; toolTips('.classtoolTips74',tt_store_content,'19199'); <\/script><script type=\"text\/javascript\"> var tt_store_content = \"Nouveau nom que s'est donn\u00e9, en 2018, l'entreprise AREVA\"; toolTips('.classtoolTips77',tt_store_content,'5129'); <\/script><script type=\"text\/javascript\"> var tt_store_content = \"\\<\/p>\n<p style\\='text\\-align\\: center;'\\>\\<strong\\>Agence Nationale pour la gestion des D\u00e9chets RAdioactifs\\<\\\/strong\\>\\<\\\/p\\><br \/>\\<a href\\='https\\:\\\/\\\/fr\\.wikipedia\\.org\\\/wiki\\\/Agence_nationale_pour_la_gestion_des_d%C3%A9chets_radioactifs' target\\='_blank' rel\\='noopener'\\>Voir la fiche Wikipedia de l'<span class='tooltipsall tooltip_post_id_3612 classtoolTips79'>ANDRA<\/span>\\<\\\/a\\><br \/>\\<a href\\='http\\:\\\/\\\/www\\.andra\\.fr\\\/' target\\='_blank' rel\\='noopener'\\>Voir le site de l'agence\\<\\\/a\\>\"; toolTips('.classtoolTips79',tt_store_content,'3612'); <\/script><script type=\"text\/javascript\"> var tt_store_content = \"\\<\/p>\n<p style\\='text\\-align\\: center;'\\>\\<strong\\>Centre Industriel de stockage GEOlogique\\<\\\/strong\\>\\<\\\/p\\><br \/>Projet fran\u00e7ais de centre de \\<strong\\>stockage\\<\\\/strong\\> des \\<strong\\>d\u00e9chets radioactifs\\<\\\/strong\\> en couche g\u00e9ologique profonde<\/p>\n<p>\\<a href\\='https\\:\\\/\\\/fr\\.wikipedia\\.org\\\/wiki\\\/Cig%C3%A9o' target\\='_blank' rel\\='noopener'\\>Voir la fiche Wikipedia\\<\\\/a\\><br \/>\\<a href\\='http\\:\\\/\\\/cigeo\\.com\\\/' target\\='_blank' rel\\='noopener'\\>Voir le site du projet\\<\\\/a\\>\"; toolTips('.classtoolTips91',tt_store_content,'4298'); <\/script><script type=\"text\/javascript\"> var tt_store_content = \"\\<p\\>D\u00e9chets radioactifs de moyenne activit\u00e9 \u00e0 vie longue \\(classement ANDRA\\)\\<\\\/p\\>\"; toolTips('.classtoolTips99',tt_store_content,'19197'); <\/script><script type=\"text\/javascript\"> var tt_store_content = \"\\<p\\>D\u00e9chets radioactifs de moyenne activit\u00e9 \u00e0 vie longue \\(classement ANDRA\\)\\<\\\/p\\>\"; toolTips('.classtoolTips99',tt_store_content,'19197'); <\/script><script type=\"text\/javascript\"> var tt_store_content = \"\\<p\\>d\u00e9chets \u00e0 Faible Activit\u00e9 et Vie Longue \\(classement ANDRA\\)\\<\\\/p\\>\"; toolTips('.classtoolTips100',tt_store_content,'19198'); <\/script><script type=\"text\/javascript\"> var tt_store_content = \"\\<\/p>\n<p style\\='text\\-align\\: center;'\\>\\<span style\\='font\\-size\\: 14pt;'\\>\\<strong\\>C\\<\\\/strong\\>onseil \\<strong\\>R\\<\\\/strong\\><span class='tooltipsall tooltip_post_id_5579 classtoolTips196'>epr<\/span>\u00e9sentatif des \\<strong\\>I\\<\\\/strong\\>nstitutions Juives de \\<strong\\>F\\<\\\/strong\\>rance\\<\\\/span\\>\\<\\\/p\\>\"; toolTips('.classtoolTips121',tt_store_content,'5749'); <\/script><script type=\"text\/javascript\"> var tt_store_content = \"\\<p\\><span class='tooltipsall tooltip_post_id_19394 classtoolTips134'>SAGE<\/span> \\= \\<span class\\='st'\\> sch\u00e9ma d'am\u00e9nagement et de gestion de l'eau\\<\\\/span\\> , c'est un outil de planification qui concerne l'ensemble des eaux situ\u00e9es dans un bassin versant\\<\\\/p\\>\"; toolTips('.classtoolTips134',tt_store_content,'19394'); <\/script><script type=\"text\/javascript\"> var tt_store_content = \"\\<\/p>\n<p style\\='text\\-align\\: center;'\\>\\<span style\\='font\\-size\\: 14pt;'\\>\\<strong\\>C\\<\\\/strong\\>ommission\\<strong\\> N\\<\\\/strong\\>ationale du \\<strong\\>D\\<\\\/strong\\>\u00e9bat\\<strong\\> P\\<\\\/strong\\>ublic\\<\\\/span\\>\\<\\\/p\\><br \/>\\<\/p>\n<p style\\='text\\-align\\: center;'\\>La Commission nationale du d\u00e9bat public est une autorit\u00e9 administrative ind\u00e9pendante dont la mission est d\u2019informer les citoyens et de faire en sorte que leur point de vue soit pris en compte dans le processus de d\u00e9cision \\: \\<br\\><br \/>\u00ab Vous donner la parole et la faire entendre \u00bb\\.'\\<\\\/p\\><br \/>\\<p\\>Voir \\<a href\\='https\\:\\\/\\\/www\\.debatpublic\\.fr\\\/son\\-role' target\\='_blank' rel\\='noopener'\\>ici la d\u00e9finition compl\u00e8te du r\u00f4le de la <span class='tooltipsall tooltip_post_id_4067 classtoolTips139'>CNDP<\/span>\\<\\\/a\\>\\<br\\><br \/>Aller sur le \\<a href\\='https\\:\\\/\\\/www\\.debatpublic\\.fr\\\/' target\\='_blank' rel\\='noopener'\\>site de la CNDP\\<\\\/a\\>\\<\\\/p\\>\"; toolTips('.classtoolTips139',tt_store_content,'4067'); <\/script><script type=\"text\/javascript\"> var tt_store_content = \"\\<\/p>\n<p style\\='text\\-align\\: center;'\\>\\<strong\\>\\<span style\\='font\\-size\\: 14pt;'\\>S\\<\\\/span\\>\\<\\\/strong\\>\\<span style\\='font\\-size\\: 14pt;'\\>oci\u00e9t\u00e9 d'\\<strong\\>\u00c9\\<\\\/strong\\>conomie \\<strong\\>M\\<\\\/strong\\>ixte\\<\\\/span\\>\\<\\\/p\\><br \/>\\<\/p>\n<p style\\='text\\-align\\: justify;'\\>En France, une soci\u00e9t\u00e9 d'\u00e9conomie mixte est une soci\u00e9t\u00e9 anonyme dont le capital est majoritairement d\u00e9tenu par une ou plusieurs personnes publiques \\(\u00e0 savoir l'\u00c9tat, une Collectivit\u00e9 territoriale, ou tout autre \u00c9tablissement public\\)\\. Cette participation majoritaire publique est plafonn\u00e9e \u00e0 85&nbsp;% du capital depuis la Loi du 2 janvier 2002\\. Au moins une personne priv\u00e9e doit participer au capital de la <span class='tooltipsall tooltip_post_id_7168 classtoolTips142'>SEM<\/span>, sachant qu'il peut s'agir d'une autre SEM\\.\\<\\\/p\\><br \/>\\<\/p>\n<p style\\='text\\-align\\: justify;'\\>\\<strong\\>Le recours \u00e0 la SEM garantit\\<\\\/strong\\> \u00e0 la collectivit\u00e9 publique actionnaire et cocontractante \\<strong\\>la prise en compte effective de l'int\u00e9r\u00eat g\u00e9n\u00e9ral\\<\\\/strong\\> dans les objectifs de l'entreprise \\<strong\\>et la souplesse de la soci\u00e9t\u00e9 de droit priv\u00e9\\<\\\/strong\\>\\.\\<\\\/p\\><br \/>\\<em\\>\\<a href\\='https\\:\\\/\\\/fr\\.wikipedia\\.org\\\/wiki\\\/Soci%C3%A9t%C3%A9_d%27%C3%A9conomie_mixte' target\\='_blank' rel\\='noopener'\\>Voir ici la page Wikipedia consacr\u00e9e aux SEM\\<\\\/a\\> \\<\\\/em\\><\/p>\n<p>&nbsp;\"; toolTips('.classtoolTips142',tt_store_content,'7168'); <\/script><script type=\"text\/javascript\"> var tt_store_content = \"\\<p\\>d\u00e9chets \u00e0 Tr\u00e8s Faible Activit\u00e9 \\(classement Andra\\)\\<\\\/p\\>\"; toolTips('.classtoolTips143',tt_store_content,'19200'); <\/script><script type=\"text\/javascript\"> var tt_store_content = \"\\<p\\>d\u00e9chets \u00e0 Tr\u00e8s Faible Activit\u00e9 \\(classement Andra\\)\\<\\\/p\\>\"; toolTips('.classtoolTips143',tt_store_content,'19200'); <\/script><script type=\"text\/javascript\"> var tt_store_content = \"\\<\/p>\n<p style\\='text\\-align\\: center;'\\>\\<span style\\='font\\-size\\: 14pt;'\\>\\<strong\\>I\\<\\\/strong\\>mp\u00f4t sur la \\<strong\\>F\\<\\\/strong\\>ortune \\<strong\\>I\\<\\\/strong\\>mmobili\u00e8re\\<\\\/span\\>\\<\\\/p\\>\"; toolTips('.classtoolTips148',tt_store_content,'5643'); <\/script><script type=\"text\/javascript\"> var tt_store_content = \"\\<\/p>\n<p style\\='text\\-align\\: center;'\\>\\<span style\\='font\\-size\\: 14pt;'\\>\\<strong\\>R\\<\\\/strong\\>\u00e9pertoire \\<strong\\>N\\<\\\/strong\\>ational des \\<strong\\>A\\<\\\/strong\\>ssociations\\<\\\/span\\>\\<\\\/p\\>\"; toolTips('.classtoolTips159',tt_store_content,'24374'); <\/script><script type=\"text\/javascript\"> var tt_store_content = \"\\<\/p>\n<p style\\='text\\-align\\: center;'\\>\\<strong\\>\\<span style\\='font\\-size\\: 14pt;'\\>G\\<\\\/span\\>\\<\\\/strong\\>\\<span style\\='font\\-size\\: 14pt;'\\>az \u00e0 \\<strong\\>E\\<\\\/strong\\>ffet de \\<strong\\>S\\<\\\/strong\\>erre\\<\\\/span\\>\\<\\\/p\\><br \/>\\<\/p>\n<p style\\='text\\-align\\: justify;'\\>Les gaz \u00e0 effet de serre \\(<span class='tooltipsall tooltip_post_id_7232 classtoolTips161'>GES<\/span>\\) sont des composants gazeux qui absorbent le rayonnement infrarouge \u00e9mis par la surface terrestre et contribuent \u00e0 l'effet de serre\\. L'augmentation de leur concentration dans l'atmosph\u00e8re terrestre est l'un des facteurs \u00e0 l'origine du r\u00e9chauffement climatique\\.\\<\\\/p\\><br \/>\\<a href\\='https\\:\\\/\\\/fr\\.wikipedia\\.org\\\/wiki\\\/Gaz_%C3%A0_effet_de_serre' target\\='_blank' rel\\='noopener'\\>\\<em\\>Voir ici la fiche Wikipedia sur les gaz \u00e0 effet de serre\\<\\\/em\\>\\<\\\/a\\>\"; toolTips('.classtoolTips161',tt_store_content,'7232'); <\/script><script type=\"text\/javascript\"> var tt_store_content = \"\\<\/p>\n<p style\\='text\\-align\\: justify'\\>La \u00ab\u00a0\\<b\\>programmation pluriannuelle de l'\u00e9nergie\\<\\\/b\\>\u00a0\u00bb \\(<span class='tooltipsall tooltip_post_id_7750 classtoolTips164'>PPE<\/span>\\) est, en France, un document strat\u00e9gique de pilotage de la transition \u00e9nerg\u00e9tique\\. Institu\u00e9e par l'article 176 de la \\<a title\\='Loi relative \u00e0 la transition \u00e9nerg\u00e9tique pour la croissance verte' href\\='https\\:\\\/\\\/fr\\.wikipedia\\.org\\\/wiki\\\/Loi_relative_%C3%A0_la_transition_%C3%A9nerg%C3%A9tique_pour_la_croissance_verte'\\>loi de transition \u00e9nerg\u00e9tique\\<\\\/a\\> \\(TECV\\), elle fixe une trajectoire pour le \\<a title\\='Mix \u00e9nerg\u00e9tique' href\\='https\\:\\\/\\\/fr\\.wikipedia\\.org\\\/wiki\\\/Mix_%C3%A9nerg%C3%A9tique'\\>mix \u00e9nerg\u00e9tique\\<\\\/a\\>, ainsi que \\<span class\\='citation'\\>\u00ab\u00a0les priorit\u00e9s d'action pour la gestion de l\u2019ensemble des formes d'\u00e9nergie sur le territoire m\u00e9tropolitain continental, afin d\u2019atteindre les objectifs nationaux fix\u00e9s par la loi\u00a0\u00bb\\<\\\/span\\>\\. \\(Wikip\u00e9dia\\)\\<\\\/p\\>\"; toolTips('.classtoolTips164',tt_store_content,'7750'); <\/script><script type=\"text\/javascript\"> var tt_store_content = \"\\<\/p>\n<p style\\='text\\-align\\: justify'\\>La \u00ab\u00a0\\<b\\>programmation pluriannuelle de l'\u00e9nergie\\<\\\/b\\>\u00a0\u00bb \\(PPE\\) est, en France, un document strat\u00e9gique de pilotage de la transition \u00e9nerg\u00e9tique\\. Institu\u00e9e par l'article 176 de la \\<a title\\='Loi relative \u00e0 la transition \u00e9nerg\u00e9tique pour la croissance verte' href\\='https\\:\\\/\\\/fr\\.wikipedia\\.org\\\/wiki\\\/Loi_relative_%C3%A0_la_transition_%C3%A9nerg%C3%A9tique_pour_la_croissance_verte'\\>loi de transition \u00e9nerg\u00e9tique\\<\\\/a\\> \\(TECV\\), elle fixe une trajectoire pour le \\<a title\\='Mix \u00e9nerg\u00e9tique' href\\='https\\:\\\/\\\/fr\\.wikipedia\\.org\\\/wiki\\\/Mix_%C3%A9nerg%C3%A9tique'\\>mix \u00e9nerg\u00e9tique\\<\\\/a\\>, ainsi que \\<span class\\='citation'\\>\u00ab\u00a0les priorit\u00e9s d'action pour la gestion de l\u2019ensemble des formes d'\u00e9nergie sur le territoire m\u00e9tropolitain continental, afin d\u2019atteindre les objectifs nationaux fix\u00e9s par la loi\u00a0\u00bb\\<\\\/span\\>\\. \\(Wikip\u00e9dia\\)\\<\\\/p\\>\"; toolTips('.classtoolTips164',tt_store_content,'7750'); <\/script><script type=\"text\/javascript\"> var tt_store_content = \"\\<\/p>\n<p style\\='text\\-align\\: justify;'\\>Le Conseil d'Orientation des Retraites est une instance qui r\u00e9unit &nbsp;\\<span class\\='st'\\>les principaux acteurs du champ des retraites\\<\\\/span\\> et effectue un travail d'\u00e9tudes et de concertation\\. Compos\u00e9 de parlementaires, de repr\u00e9sentants des organisations professionnelles et syndicales, des retrait\u00e9s et des familles, de membres de l'administration et d'experts, le Conseil d'orientation des retraites \\(<span class='tooltipsall tooltip_post_id_7751 classtoolTips165'>COR<\/span>\\) est plac\u00e9 aupr\u00e8s du Premier ministre\\.\\<\\\/p\\>\"; toolTips('.classtoolTips165',tt_store_content,'7751'); <\/script><script type=\"text\/javascript\"> var tt_store_content = \"\\<\/p>\n<p style\\='text\\-align\\: center;'\\>\\<span style\\='font\\-size\\: 14pt;'\\>\\<strong\\>O\\<\\\/strong\\>rganisation \\<strong\\>M\\<\\\/strong\\>\u00e9t\u00e9orologique \\<strong\\>M\\<\\\/strong\\>ondiale<br \/>\\<strong\\>W\\<\\\/strong\\>orld \\<strong\\>M\\<\\\/strong\\>eteorological \\<strong\\>O\\<\\\/strong\\>rganization\\<\\\/span\\>\\<\\\/p\\><br \/>&nbsp;<\/p>\n<p>\\<a href\\='https\\:\\\/\\\/public\\.wmo\\.int\\\/fr' target\\='_blank' rel\\='noopener'\\>\\<em\\>Acc\u00e9der ici au site de l'organisation\\<\\\/em\\>\\<\\\/a\\>\"; toolTips('.classtoolTips168',tt_store_content,'7763'); <\/script><script type=\"text\/javascript\"> var tt_store_content = \"\\<\/p>\n<p style\\='text\\-align\\: justify'\\>\\<span class\\='ILfuVd'\\>La politique agricole commune \\(\\<b\\><span class='tooltipsall tooltip_post_id_11364 classtoolTips174'>PAC<\/span>\\<\\\/b\\>\\) est une politique mise en place \u00e0 l'\u00e9chelle de l'Union europ\u00e9enne\\. \u00c0 l'origine, elle est fond\u00e9e principalement sur des mesures de contr\u00f4le des prix et de subventionnement, visant \u00e0 moderniser et d\u00e9velopper l'agriculture\\.\\<\\\/span\\> \\(source Wikipedia\\)\\<\\\/p\\>\"; toolTips('.classtoolTips174',tt_store_content,'11364'); <\/script><script type=\"text\/javascript\"> var tt_store_content = \"\\<\/p>\n<p style\\='text\\-align\\: center;'\\>\\<span style\\='font\\-size\\: 14pt;'\\>\\<strong\\>P\\<\\\/strong\\>\\<\\\/span\\>\\<span style\\='font\\-size\\: 14pt;'\\>lan \\<strong\\>L\\<\\\/strong\\>\\<\\\/span\\>\\<span style\\='font\\-size\\: 14pt;'\\>ocal d'\\<strong\\>U\\<\\\/strong\\>\\<\\\/span\\>\\<span style\\='font\\-size\\: 14pt;'\\>rbanisme\\<\\\/span\\>\\<\\\/p\\><br \/>&nbsp;\"; toolTips('.classtoolTips176',tt_store_content,'4979'); <\/script><script type=\"text\/javascript\"> var tt_store_content = \"\\<p\\>Conseil \u00c9conomique et Social\\<\\\/p\\>\"; toolTips('.classtoolTips180',tt_store_content,'29829'); <\/script><script type=\"text\/javascript\"> var tt_store_content = \"\\<\/p>\n<p style\\='text\\-align\\: center;'\\>\\<span style\\='font\\-size\\: 14pt;'\\>\\<strong\\>G\\<\\\/strong\\>roupement \\<strong\\>H\\<\\\/strong\\>ospitalier de \\<strong\\>T\\<\\\/strong\\>erritoire\\<\\\/span\\>\\<\\\/p\\><br \/>\\<\/p>\n<p style\\='text\\-align\\: justify;'\\>Les groupements hospitaliers de territoires, dispositif pr\u00e9vu par la loi de sant\u00e9 2016, sont un nouveau mode de coop\u00e9ration entre les \u00e9tablissements publics de sant\u00e9 \u00e0 l\u2019\u00e9chelle d\u2019un territoire\\<\\\/p\\>\"; toolTips('.classtoolTips189',tt_store_content,'18358'); <\/script><script type=\"text\/javascript\"> var tt_store_content = \"\\<\/p>\n<p style\\='text\\-align\\: center;'\\>\\<span style\\='font\\-size\\: 14pt;'\\>\\<strong\\>C\\<\\\/strong\\>omit\u00e9 \\<strong\\>T\\<\\\/strong\\>echnique d'\\<strong\\>\u00c9\\<\\\/strong\\>tablissement\\<\\\/span\\>\\<\\\/p\\>\"; toolTips('.classtoolTips191',tt_store_content,'18359'); <\/script><script type=\"text\/javascript\"> var tt_store_content = \"\\<\/p>\n<p style\\='text\\-align\\: center;'\\>\\<strong\\>\\<span style\\='font\\-size\\: 14pt;'\\>P\\<\\\/span\\>\\<\\\/strong\\>\\<span style\\='font\\-size\\: 14pt;'\\>rogrammation \\<strong\\>P\\<\\\/strong\\>luri\\-annuelle de l'\\<strong\\>\u00c9\\<\\\/strong\\>nergie\\<\\\/span\\>\\<\\\/p\\><br \/>La PPE est est en France un document strat\u00e9gique de pilotage de la transition \u00e9nerg\u00e9tique\\. Institu\u00e9e par l'article 176 de la loi transition \u00e9nerg\u00e9tique \\(TECV\\)\\. Elle fixe \\(par \u00e9nergie\\) une trajectoire pour le mix \u00e9nerg\u00e9tique, ainsi que \u00ab&nbsp;\\<em\\>les priorit\u00e9s d'action pour la gestion de l\u2019ensemble des formes d'\u00e9nergie sur le territoire m\u00e9tropolitain continental, afin d\u2019atteindre les objectifs nationaux fix\u00e9s par la loi\\<\\\/em\\>&nbsp;\u00bb\\.<\/p>\n<p>Initi\u00e9e en 2016, elle est r\u00e9vis\u00e9e en 2018 puis ensuite tous les 5 ans\\.<\/p>\n<p>\\<a href\\='https\\:\\\/\\\/fr\\.wikipedia\\.org\\\/wiki\\\/Programmation_pluriannuelle_de_l'\u00e9nergi' target\\='_blank' rel\\='noopener'\\>\\<em\\>Voir ici la page Wikipedia consacr\u00e9e \u00e0 la PPE\\<\\\/em\\>\\<\\\/a\\><br \/>\\<a href\\='https\\:\\\/\\\/ppe\\.debatpublic\\.fr\\\/' target\\='_blank' rel\\='noopener'\\>\\<em\\>Voir ici la page du site 'Commission du D\u00e9bat Public' consacr\u00e9e \u00e0 la PPE\\<\\\/em\\>\\<\\\/a\\>\"; toolTips('.classtoolTips193',tt_store_content,'7102'); <\/script><script type=\"text\/javascript\"> var tt_store_content = \"\\<\/p>\n<p style\\='text\\-align\\: center;'\\>\\<span style\\='font\\-size\\: 14pt;'\\>\\<strong\\>E\\<\\\/strong\\>volutionary \\<strong\\>P\\<\\\/strong\\>ower \\<strong\\>R\\<\\\/strong\\>eactor\\<\\\/span\\>\\<\\\/p\\><br \/>\\<\/p>\n<p style\\='text\\-align\\: justify;'\\>R\u00e9acteur nucl\u00e9aire de troisi\u00e8me g\u00e9n\u00e9ration \\(classification internationale\\), con\u00e7u et d\u00e9velopp\u00e9 par <span class='tooltipsall tooltip_post_id_5121 classtoolTips35'>Areva NP<\/span>&nbsp; au cours des ann\u00e9es 1990 et 2000\\. Il fait partie de la fili\u00e8re des r\u00e9acteurs \u00e0 eau pressuris\u00e9e\\.\\<\\\/p\\><br \/>\\<a href\\='https\\:\\\/\\\/fr\\.wikipedia\\.org\\\/wiki\\\/R%C3%A9acteur_pressuris%C3%A9_europ%C3%A9en' target\\='_blank' rel\\='noopener'\\>\\<em\\>Voir ici la fiche Wikipedia EPR\\<\\\/em\\>\\<\\\/a\\>\"; toolTips('.classtoolTips196',tt_store_content,'5579'); <\/script><script type=\"text\/javascript\"> var tt_store_content = \"\\<\/p>\n<p style\\='text\\-align\\: center;'\\>\\<strong\\>R\\<\\\/strong\\>\u00e9seau \\<strong\\>A\\<\\\/strong\\>ction \\<strong\\>C\\<\\\/strong\\>limat\\<\\\/p\\><br \/>Le r\u00e9seau Action Climat '\\<em\\>f\u00e9d\u00e8re les associations impliqu\u00e9es dans la lutte contre les changements climatiques et pour une transition \u00e9cologique, solidaire et \u00e9quitable\\<\\\/em\\>'\\.<\/p>\n<p>\\<a href\\='https\\:\\\/\\\/reseauactionclimat\\.org\\\/' target\\='_blank' rel\\='noopener'\\>Voir le site du <span class='tooltipsall tooltip_post_id_4309 classtoolTips200'>RAC<\/span>\\<\\\/a\\>\"; toolTips('.classtoolTips200',tt_store_content,'4309'); <\/script><script type=\"text\/javascript\"> var tt_store_content = \"\\<\/p>\n<p style\\='text\\-align\\: center;'\\>\\<strong\\>\\<span style\\='font\\-size\\: 14pt;'\\>R\\<\\\/span\\>\\<\\\/strong\\>\\<span style\\='font\\-size\\: 14pt;'\\>eferendum d'\\<strong\\>I\\<\\\/strong\\>nitiative \\<strong\\>C\\<\\\/strong\\>itoyenne\\<\\\/span\\>\\<\\\/p\\>\"; toolTips('.classtoolTips205',tt_store_content,'12268'); <\/script><script type=\"text\/javascript\"> var tt_store_content = \"\\<p\\><span class='tooltipsall tooltip_post_id_25844 classtoolTips208'>RTE<\/span> \\= R\u00e9seau de Transport d'Electricit\u00e9 est une filiale d'<span class='tooltipsall tooltip_post_id_7035 classtoolTips178'>EDF<\/span> qui est l'actionnaire majoritaire avec 50,1% des parts le reste \u00e9tant partag\u00e9 par la CDC et la CNP\\<\\\/p\\>\"; toolTips('.classtoolTips208',tt_store_content,'25844'); <\/script><script type=\"text\/javascript\"> var tt_store_content = \"\\<\/p>\n<p style\\='text\\-align\\: center;'\\>\\<span style\\='font\\-size\\: 14pt;'\\>\\<strong\\>O\\<\\\/strong\\>rganisation\\<strong\\> N\\<\\\/strong\\>on\\<strong\\> G\\<\\\/strong\\>ouvernementale\\<\\\/span\\>\\<\\\/p\\><br \/>Une organisation non gouvernementale \\(<span class='tooltipsall tooltip_post_id_3579 classtoolTips210'>ONG<\/span>\\) est une \\<a title\\='Association \u00e0 but non lucratif' href\\='https\\:\\\/\\\/fr\\.wikipedia\\.org\\\/wiki\\\/Association_%C3%A0_but_non_lucratif' target\\='_blank' rel\\='noopener'\\>association \u00e0 but non lucratif\\<\\\/a\\>, d'int\u00e9r\u00eat public, qui ne rel\u00e8ve ni de l'\u00c9tat, ni d'institutions internationales\\<sup id\\='cite_ref\\-novethic_1\\-0' class\\='reference'\\>\\<\\\/sup\\>\\. Les ONG n'ont pas le statut de sujet de \\<a title\\='Droit international public' href\\='https\\:\\\/\\\/fr\\.wikipedia\\.org\\\/wiki\\\/Droit_international_public' target\\='_blank' rel\\='noopener'\\>droit international\\<\\\/a\\>\\.\"; toolTips('.classtoolTips210',tt_store_content,'3579'); <\/script><script type=\"text\/javascript\"> var tt_store_content = \"\\<\/p>\n<p style\\='text\\-align\\: center;'\\>\\<span style\\='font\\-size\\: 14pt;'\\>\\<strong\\>O\\<\\\/strong\\>rganisation\\<strong\\> N\\<\\\/strong\\>on\\<strong\\> G\\<\\\/strong\\>ouvernementale\\<\\\/span\\>\\<\\\/p\\><br \/>Une organisation non gouvernementale \\(ONG\\) est une \\<a title\\='Association \u00e0 but non lucratif' href\\='https\\:\\\/\\\/fr\\.wikipedia\\.org\\\/wiki\\\/Association_%C3%A0_but_non_lucratif' target\\='_blank' rel\\='noopener'\\>association \u00e0 but non lucratif\\<\\\/a\\>, d'int\u00e9r\u00eat public, qui ne rel\u00e8ve ni de l'\u00c9tat, ni d'institutions internationales\\<sup id\\='cite_ref\\-novethic_1\\-0' class\\='reference'\\>\\<\\\/sup\\>\\. Les ONG n'ont pas le statut de sujet de \\<a title\\='Droit international public' href\\='https\\:\\\/\\\/fr\\.wikipedia\\.org\\\/wiki\\\/Droit_international_public' target\\='_blank' rel\\='noopener'\\>droit international\\<\\\/a\\>\\.\"; toolTips('.classtoolTips210',tt_store_content,'3579'); <\/script><script type=\"text\/javascript\"> var tt_store_content = \"\\<p\\>d\u00e9chets \u00e0 Vie Courte \\(classement ANDRA\\)\\<\\\/p\\>\"; toolTips('.classtoolTips212',tt_store_content,'19201'); <\/script><script type=\"text\/javascript\"> var tt_store_content = \"\\<\/p>\n<p style\\='text\\-align\\: center;'\\>\\<strong\\>J\\<\\\/strong\\>eux \\<strong\\>O\\<\\\/strong\\>lympiques<br \/>ou<br \/>\\<strong\\>J\\<\\\/strong\\>ournal \\<strong\\>O\\<\\\/strong\\>fficiel de la R\u00e9publique Fran\u00e7aise\\<\\\/p\\>\"; toolTips('.classtoolTips213',tt_store_content,'4451'); <\/script><script type=\"text\/javascript\"> var tt_store_content = \"\\<p\\><span class='tooltipsall tooltip_post_id_30593 classtoolTips214'>RN<\/span> \\= Rassemble National, c'est le parti d'extr\u00eame droite de Marine Le Pen qui succ\u00e8de au FN \\= Front National fond\u00e9 par son p\u00e8re Jean Marie Le Pen\\<\\\/p\\>\"; toolTips('.classtoolTips214',tt_store_content,'30593'); <\/script><script type=\"text\/javascript\"> var tt_store_content = \"\\<\/p>\n<p style\\='text\\-align\\: center;'\\>\\<span style\\='font\\-size\\: 14pt;'\\>\\<strong\\>C\\<\\\/strong\\>entre \\<strong\\>H\\<\\\/strong\\>ospitalier\\<\\\/span\\>\\<\\\/p\\>\"; toolTips('.classtoolTips220',tt_store_content,'18357'); <\/script><script type=\"text\/javascript\"> var tt_store_content = \"\\<p\\>D\u00e9chets radioactifs \u00e0 Haute Activit\u00e9 \\(classement ANDRA\\)\\<\\\/p\\>\"; toolTips('.classtoolTips223',tt_store_content,'19196'); <\/script><script type=\"text\/javascript\"> var tt_store_content = \"\\<p\\>D\u00e9chets radioactifs \u00e0 Haute Activit\u00e9 \\(classement ANDRA\\)\\<\\\/p\\>\"; toolTips('.classtoolTips223',tt_store_content,'19196'); <\/script><\/p>\n","protected":false},"author":5,"featured_media":0,"comment_status":"open","ping_status":"open","sticky":true,"template":"","format":"standard","meta":{"_acf_changed":false,"ngg_post_thumbnail":0,"_jetpack_memberships_contains_paid_content":false,"footnotes":""},"categories":[6,9,28,19,27],"tags":[],"coauthors":[18],"class_list":["post-19202","post","type-post","status-publish","format-standard","hentry","category-actu","category-actu_gen","category-rub_env","category-rub_env_nucl","category-rub","edition-edi_00055","type_art-type_art_article","dossier-dossiers_nucleaire_desastre","no-thumb"],"acf":[],"jetpack_featured_media_url":"","jetpack_sharing_enabled":true,"jetpack_shortlink":"https:\/\/wp.me\/p9B5TM-4ZI","_links":{"self":[{"href":"https:\/\/le-clairon-nouveau.fr\/wordpress\/wp-json\/wp\/v2\/posts\/19202","targetHints":{"allow":["GET"]}}],"collection":[{"href":"https:\/\/le-clairon-nouveau.fr\/wordpress\/wp-json\/wp\/v2\/posts"}],"about":[{"href":"https:\/\/le-clairon-nouveau.fr\/wordpress\/wp-json\/wp\/v2\/types\/post"}],"author":[{"embeddable":true,"href":"https:\/\/le-clairon-nouveau.fr\/wordpress\/wp-json\/wp\/v2\/users\/5"}],"replies":[{"embeddable":true,"href":"https:\/\/le-clairon-nouveau.fr\/wordpress\/wp-json\/wp\/v2\/comments?post=19202"}],"version-history":[{"count":0,"href":"https:\/\/le-clairon-nouveau.fr\/wordpress\/wp-json\/wp\/v2\/posts\/19202\/revisions"}],"wp:attachment":[{"href":"https:\/\/le-clairon-nouveau.fr\/wordpress\/wp-json\/wp\/v2\/media?parent=19202"}],"wp:term":[{"taxonomy":"category","embeddable":true,"href":"https:\/\/le-clairon-nouveau.fr\/wordpress\/wp-json\/wp\/v2\/categories?post=19202"},{"taxonomy":"post_tag","embeddable":true,"href":"https:\/\/le-clairon-nouveau.fr\/wordpress\/wp-json\/wp\/v2\/tags?post=19202"},{"taxonomy":"author","embeddable":true,"href":"https:\/\/le-clairon-nouveau.fr\/wordpress\/wp-json\/wp\/v2\/coauthors?post=19202"}],"curies":[{"name":"wp","href":"https:\/\/api.w.org\/{rel}","templated":true}]}}