{"id":19914,"date":"2019-10-23T12:30:29","date_gmt":"2019-10-23T10:30:29","guid":{"rendered":"https:\/\/le-clairon-nouveau.fr\/wordpress\/?p=19914"},"modified":"2022-04-08T16:49:15","modified_gmt":"2022-04-08T14:49:15","slug":"privatisation-des-aeroports-de-paris-echec-annonce-du-rip-ou-occasion-dune-mobilisation-inedite","status":"publish","type":"post","link":"https:\/\/le-clairon-nouveau.fr\/wordpress\/blog\/2019\/10\/23\/privatisation-des-aeroports-de-paris-echec-annonce-du-rip-ou-occasion-dune-mobilisation-inedite\/","title":{"rendered":"Privatisation des A\u00e9roports de Paris &#8211; \u00c9chec annonc\u00e9 du RIP ou occasion d&rsquo;une mobilisation in\u00e9dite ?"},"content":{"rendered":"<h3><a href=\"https:\/\/i0.wp.com\/le-clairon-nouveau.fr\/wordpress\/wp-content\/uploads\/2019\/09\/ADP-Il-serait-temps.jpg?ssl=1\"><img data-recalc-dims=\"1\" loading=\"lazy\" decoding=\"async\" class=\"aligncenter  wp-image-19775\" src=\"https:\/\/i0.wp.com\/le-clairon-nouveau.fr\/wordpress\/wp-content\/uploads\/2019\/09\/ADP-Il-serait-temps.jpg?resize=533%2C279&#038;ssl=1\" alt=\"\" width=\"533\" height=\"279\" srcset=\"https:\/\/i0.wp.com\/le-clairon-nouveau.fr\/wordpress\/wp-content\/uploads\/2019\/09\/ADP-Il-serait-temps.jpg?resize=300%2C157&amp;ssl=1 300w, https:\/\/i0.wp.com\/le-clairon-nouveau.fr\/wordpress\/wp-content\/uploads\/2019\/09\/ADP-Il-serait-temps.jpg?resize=768%2C402&amp;ssl=1 768w, https:\/\/i0.wp.com\/le-clairon-nouveau.fr\/wordpress\/wp-content\/uploads\/2019\/09\/ADP-Il-serait-temps.jpg?w=940&amp;ssl=1 940w\" sizes=\"auto, (max-width: 533px) 100vw, 533px\" \/><\/a><\/h3>\n<h3 style=\"text-align: justify;\"><strong><em><span style=\"color: #808080;\">\u00c0 mi-parcours, le RIP contre la privatisation d&rsquo;ADP semble bien mal parti.<\/span><br \/>\n<\/em><\/strong><\/h3>\n<p style=\"text-align: justify;\">Au 21 octobre, nous sommes \u00e0 131 jours de collecte des soutiens \u00e0 cette initiative et il en reste encore 143 avant la cl\u00f4ture, le 12 mars prochain. Tout n&rsquo;est donc pas encore perdu, mais les chiffres montrent qu&rsquo;il y a de quoi s&rsquo;inqui\u00e9ter s\u00e9rieusement de la destin\u00e9e de ce processus, premier du genre depuis sa cr\u00e9ation en 2008 et son adoption d\u00e9finitive en 2015.<\/p>\n<p style=\"text-align: justify;\"><em>Pour celles et ceux de nos lecteurs qui ne sont pas au fait de cette question, on trouvera, en fin d&rsquo;article, quelques rappels sur le&nbsp; groupe A\u00e9roports de Paris, les privatisations et le RIP.<\/em><\/p>\n<p style=\"text-align: justify;\">Les graphiques qui suivent ont \u00e9t\u00e9 \u00e9labor\u00e9s \u00e0 partir des chiffres de collecte fournis par le site <a href=\"https:\/\/adprip.fr\" target=\"_blank\" rel=\"noopener noreferrer\">adprip.fr<\/a>, lequel, fort heureusement, fournit quotidiennement les chiffres et graphiques mat\u00e9rialisant l&rsquo;\u00e9volution de la campagne de soutiens au RIP. Nous avons choisi de leur donner une place importante dans cet article, car ils permettent de comprendre pourquoi, alors qu&rsquo;il reste encore plus de 20 semaines, il va falloir un effort particuli\u00e8rement intense et soutenu jusqu&rsquo;au dernier moment pour obtenir le soutien de 10&nbsp;% de l&rsquo;\u00e9lectorat \u00e0 cette <span class='tooltipsall tooltip_post_id_6375 classtoolTips9'>proposition de loi<\/span> r\u00e9f\u00e9rendaire.<\/p>\n<p style=\"text-align: justify;\"><a href=\"https:\/\/i0.wp.com\/le-clairon-nouveau.fr\/wordpress\/wp-content\/uploads\/2019\/10\/ADPRIP-Evol-Proj-2019-10-21-Calc.png?ssl=1\"><img data-recalc-dims=\"1\" loading=\"lazy\" decoding=\"async\" class=\"alignright wp-image-19923\" src=\"https:\/\/i0.wp.com\/le-clairon-nouveau.fr\/wordpress\/wp-content\/uploads\/2019\/10\/ADPRIP-Evol-Proj-2019-10-21-Calc.png?resize=579%2C436&#038;ssl=1\" alt=\"\" width=\"579\" height=\"436\" srcset=\"https:\/\/i0.wp.com\/le-clairon-nouveau.fr\/wordpress\/wp-content\/uploads\/2019\/10\/ADPRIP-Evol-Proj-2019-10-21-Calc.png?resize=300%2C226&amp;ssl=1 300w, https:\/\/i0.wp.com\/le-clairon-nouveau.fr\/wordpress\/wp-content\/uploads\/2019\/10\/ADPRIP-Evol-Proj-2019-10-21-Calc.png?resize=768%2C579&amp;ssl=1 768w, https:\/\/i0.wp.com\/le-clairon-nouveau.fr\/wordpress\/wp-content\/uploads\/2019\/10\/ADPRIP-Evol-Proj-2019-10-21-Calc.png?w=815&amp;ssl=1 815w\" sizes=\"auto, (max-width: 579px) 100vw, 579px\" \/><\/a><em><span style=\"font-size: 10pt;\">Au 21 octobre 2019, apr\u00e8s 131 jours, seuls 846&nbsp;924 soutiens ont \u00e9t\u00e9 collect\u00e9s (courbe bleue des soutiens effectifs), alors qu&rsquo;il en faudrait au minimum 2&nbsp;255&nbsp;427, soit 2,66 fois plus. A cette date, il manque donc 1&nbsp;408&nbsp;503 soutiens pour se maintenir sur la courbe minimale de soutiens (droite rouge) permettant de d\u00e9clencher un referendum. Pire, si l&rsquo;on ne fait rien pour modifier rapidement cette tendance, au 12 mars, date de la fin de la collecte des soutiens, le nombre de soutiens obtenus sera compris entre moins de 1,2 millions et moins de 1,8 millions, soit entre 3 et 4 fois moins que les 4,7 millions n\u00e9cessaires (10&nbsp;% de l&rsquo;\u00e9lectorat) pour d\u00e9clencher le referendum (les courbes en pointill\u00e9s repr\u00e9sentent des projections effectu\u00e9es \u00e0 partir de la r\u00e9alit\u00e9 observ\u00e9e dans la p\u00e9riode pass\u00e9e).<br \/>\n<\/span><\/em><\/p>\n<p style=\"text-align: justify;\"><a href=\"https:\/\/i0.wp.com\/le-clairon-nouveau.fr\/wordpress\/wp-content\/uploads\/2019\/10\/ADPRIP-Moyquot-2019-10-21-Calc.png?ssl=1\"><img data-recalc-dims=\"1\" loading=\"lazy\" decoding=\"async\" class=\"alignleft wp-image-19918\" src=\"https:\/\/i0.wp.com\/le-clairon-nouveau.fr\/wordpress\/wp-content\/uploads\/2019\/10\/ADPRIP-Moyquot-2019-10-21-Calc.png?resize=579%2C411&#038;ssl=1\" alt=\"\" width=\"579\" height=\"411\" srcset=\"https:\/\/i0.wp.com\/le-clairon-nouveau.fr\/wordpress\/wp-content\/uploads\/2019\/10\/ADPRIP-Moyquot-2019-10-21-Calc.png?resize=300%2C213&amp;ssl=1 300w, https:\/\/i0.wp.com\/le-clairon-nouveau.fr\/wordpress\/wp-content\/uploads\/2019\/10\/ADPRIP-Moyquot-2019-10-21-Calc.png?resize=768%2C546&amp;ssl=1 768w, https:\/\/i0.wp.com\/le-clairon-nouveau.fr\/wordpress\/wp-content\/uploads\/2019\/10\/ADPRIP-Moyquot-2019-10-21-Calc.png?w=839&amp;ssl=1 839w\" sizes=\"auto, (max-width: 579px) 100vw, 579px\" \/><\/a><\/p>\n<p style=\"text-align: justify;\">&nbsp;<\/p>\n<p style=\"text-align: justify;\"><em><span style=\"font-size: 10pt;\"><span style=\"font-size: 12pt;\"><span style=\"font-size: 10pt;\">Au fil du temps, le nombre de soutiens restant \u00e0 collecter chaque jour \u00e9volue en fonction du nombre de soutiens d\u00e9j\u00e0 collect\u00e9s.<\/span> <\/span><\/span><\/em><\/p>\n<p style=\"text-align: justify;\"><em><span style=\"font-size: 10pt;\">Au premier jour de la collecte, ce nombre \u00e9tait de 17&nbsp;217 (soit 4&nbsp;717&nbsp;396 \u00e9lecteurs divis\u00e9 par 274 jours de collecte). Cette moyenne th\u00e9orique est mat\u00e9rialis\u00e9e par la ligne horizontale verte.<br \/>\n<\/span><\/em><\/p>\n<p style=\"text-align: justify;\"><em><span style=\"font-size: 10pt;\">La courbe moyenne des soutiens quotidiens (tirets bleus) arrive \u00e0 un pic de pr\u00e8s de 32&nbsp;000 soutiens le 21 juin. Depuis, elle ne cesse de d\u00e9cro\u00eetre pour croiser la moyenne th\u00e9orique le 11 juillet et atteindre la valeur de 6&nbsp;465 au 21 octobre. <br \/>\n<\/span><\/em><\/p>\n<p style=\"text-align: justify;\"><em><span style=\"font-size: 10pt;\">La \u00ab\u00a0moyenne minimale\u00a0\u00bb repr\u00e9sente le nombre minimum de soutiens \u00e0 collecter<span style=\"text-decoration: underline;\"> chaque jour jusqu&rsquo;au 12 mars 2020<\/span> pour atteindre les 10&nbsp;%. Sa courbe (tirets rouges) \u00e9volue \u00e0 l&rsquo;inverse de la courbe moyenne des soutiens obtenus: elle augmente lorsque la moyenne des soutiens diminue. Au 21 octobre, il faudra collecter non plus 17 217 soutiens, mais 27 066 (pr\u00e8s de mille de plus), <span style=\"text-decoration: underline;\">chaque jour,<\/span> pour esp\u00e9rer atteindre la cible.<\/span><\/em><\/p>\n<p style=\"text-align: justify;\"><em><span style=\"font-size: 10pt;\"><strong>Plus pr\u00e9occupant que le bas niveau de cette collecte, c&rsquo;est sa tendance<\/strong> qui semble, pour l&rsquo;instant, \u00eatre <strong>r\u00e9solument \u00e0 la baisse<\/strong>, \u00e0 l&rsquo;exception de deux pics visibles, l&rsquo;un au 13 ao\u00fbt (plus de 9 000 soutiens) et l&rsquo;autre les 18 et 19 septembre (pr\u00e8s de 7 500 soutiens par jour). Mais m\u00eame <span class='tooltipsall tooltip_post_id_29829 classtoolTips180'>ces<\/span> pics sont inf\u00e9rieurs aussi bien \u00e0 la moyenne th\u00e9orique qu&rsquo;\u00e0 la moyenne dite \u00ab\u00a0minimale\u00a0\u00bb du moment.<\/span><\/em><\/p>\n<p style=\"text-align: justify;\">Au vu de ces chiffres, m\u00eame s&rsquo;il reste plus de la moiti\u00e9 du temps pr\u00e9vu pour terminer la collecte des soutiens, on peut consid\u00e9rer que la situation est grave. Il est vital d&rsquo;inverser rapidement et durablement cette tendance si l&rsquo;on veut \u00ab\u00a0sauver le RIP\u00a0\u00bb. Ce n&rsquo;est pas encore hors d&rsquo;atteinte : si 15&nbsp;000 personnes arrivent chacune \u00e0 collecter 2 soutiens par jour (14 par semaine), on arriverait \u00e0 pr\u00e8s de 30 000 soutiens par jour. Encore faut-il \u00eatre, d\u00e8s maintenant, 15&nbsp;000 sur tout le territoire et pendant un peu plus de 20 semaines sans discontinuer. Un v\u00e9ritable d\u00e9fi.<\/p>\n<h3 style=\"text-align: justify;\"><span style=\"color: #808080;\"><em><strong>Quelles sont les causes d&rsquo;une aussi faible participation&nbsp;?<\/strong><\/em><\/span><\/h3>\n<p style=\"text-align: justify;\">Lors du premier tour de l&rsquo;\u00e9lection pr\u00e9sidentielle en France en 2017, pr\u00e8s de 10 millions de voix se sont exprim\u00e9es en faveur de candidats \u00ab\u00a0de gauche\u00a0\u00bb (9&nbsp;978&nbsp;128 exactement \u2013 JL M\u00e9lenchon, B. Hamon, P. Poutou et N. Arthaud). De plus, 10&nbsp;478&nbsp;455 \u00e9lecteurs s&rsquo;\u00e9taient abstenus et, parmi eux, se trouvait un grand nombre ayant refus\u00e9 de participer au motif que les r\u00e8gles de la d\u00e9mocratie ne leur permettait pas de participer \u00e0 la vie politique de leur pays <sup><a href=\"#footnote_1_19914\" id=\"identifier_1_19914\" class=\"footnote-link footnote-identifier-link\" title=\"source Wikipedia pour les chiffres\">(1)<\/a><\/sup>. Sur cette base de plus de 20 millions d&rsquo;\u00e9lecteurs, difficile d&rsquo;imaginer qu&rsquo;il ne s&rsquo;en trouvera pas au moins un quart (5 millions) pour se positionner contre la privatisation d&rsquo;entreprises publiques et engag\u00e9s dans la promotion du Referendum d\u2019Initiative Partag\u00e9e.<\/p>\n<p style=\"text-align: justify;\">Et pourtant, les chiffres le montrent cruellement, la tendance actuelle nous emm\u00e8ne tout droit \u00e0 l&rsquo;\u00e9chec. Pour quelles raisons ?<\/p>\n<p style=\"text-align: justify;\"><em><strong>Une campagne de soutiens quasi absente de la majorit\u00e9 des media<\/strong><\/em><\/p>\n<p style=\"text-align: justify;\">Sur ce sujet, l&rsquo;ensemble des media sont \u00e9tonnamment silencieux. A l&rsquo;exception de \u00ab\u00a0flash\u00a0\u00bb d&rsquo;information au d\u00e9but de la collecte, nous n&rsquo;avons vu aucun media audiovisuel nous rappeler l&rsquo;importance de cette campagne de soutiens, nous informer pr\u00e9cis\u00e9ment sur les modalit\u00e9s d&rsquo;enregistrement des soutiens et nous alerter sur les chiffres particuli\u00e8rement alarmants. Les rares irruptions sur ce sujet sont plus le fait de certains organes de la presse \u00e9crite, qui rappellent r\u00e9guli\u00e8rement le nombre de soutiens obtenus \u00e0 telle ou telle date. Pas de quoi, toutefois, attirer l&rsquo;attention du lecteur distrait, encore moins d\u00e9ranger la nonchalante somnolence des auditeurs et des t\u00e9l\u00e9spectateurs. Seuls les citoyens d\u00e9j\u00e0 convaincus de l&rsquo;urgence semblent sensibles \u00e0 ces tr\u00e8s indolores piq\u00fbres de rappel.<\/p>\n<p>\u00c9tonnamment, les media du service public de l&rsquo;audiovisuel restent plut\u00f4t discrets sur le sujet, alors m\u00eame que leur avenir est compromis <sup><a href=\"#footnote_2_19914\" id=\"identifier_2_19914\" class=\"footnote-link footnote-identifier-link\" title=\"voir les r&eacute;centes coupes dans le budget de Radio France\">(2)<\/a><\/sup> et que, comme on le verra en fin d&rsquo;article, privatiser \u00ab\u00a0A\u00e9roport de Paris\u00a0\u00bb c&rsquo;est privatiser un service public et un bien public.<\/p>\n<p style=\"text-align: justify;\">Cerise (am\u00e8re) sur le g\u00e2teau, le Conseil Constitutionnel vient de d\u00e9clarer que \u00ab\u00a0<em>le principe de pluralisme des courants d&rsquo;id\u00e9es et d&rsquo;opinions n&rsquo;implique pas, par lui-m\u00eame, que des mesures soient n\u00e9cessairement prises, notamment par le gouvernement, pour assurer l&rsquo;information des \u00e9lecteurs sur les modalit\u00e9s et l&rsquo;enjeu<\/em> [du RIP]\u00a0\u00bb <sup><a href=\"#footnote_3_19914\" id=\"identifier_3_19914\" class=\"footnote-link footnote-identifier-link\" title=\"article paru dans Les Echos, le 16 octobre 2019\">(3)<\/a><\/sup>. Comment se fait-il, alors, que les cha\u00eenes publiques de radio et de t\u00e9l\u00e9vision soient tenues de faire la publicit\u00e9 des campagnes \u00e9lectorales&nbsp;?<\/p>\n<p style=\"text-align: justify;\">Du fait de cette absence de p\u00e9dagogie autour du RIP, comment s&rsquo;\u00e9tonner que certains citoyens s&rsquo;imaginent que le referendum aura lieu par le simple fait que la proposition loi sur le RIP a \u00e9t\u00e9 d\u00e9pos\u00e9e, et n&rsquo;ont pas compris que, faute d&rsquo;un nombre suffisant de soutiens, cette proposition de loi ne sera m\u00eame pas examin\u00e9e ?<\/p>\n<p style=\"text-align: justify;\"><em><strong>Un processus laborieux de collecte des soutiens&nbsp;?<\/strong><\/em><\/p>\n<p style=\"text-align: justify;\">Beaucoup l&rsquo;ont affirm\u00e9, le site internet mis en place pour collecter les soutiens n&rsquo;est pas des plus faciles \u00e0 utiliser. Certes, on n&rsquo;est pas l\u00e0 sur un site marchand qui ne vous l\u00e2chera pas tant que vous n&rsquo;aurez rien achet\u00e9. Pas de fen\u00eatres \u00ab\u00a0pop-up\u00a0\u00bb, de paillettes, de publicit\u00e9 ou autre affichage racoleur. Mais la proc\u00e9dure y est clairement expliqu\u00e9e et l&rsquo;auteur de ces lignes a r\u00e9ussi du premier coup \u00e0 enregistrer son soutien et celui de certains proches. Et il n&rsquo;est certainement pas le seul.<\/p>\n<p style=\"text-align: justify;\">Toutefois, il est \u00e9tonnant de constater que les m\u00eames media qui ne nous parlent plus du RIP depuis des mois, ont \u00e9t\u00e9 nombreux \u00e0 affirmer, dans les premi\u00e8res semaines, que le site de collecte \u00e9tait \u00ab\u00a0opaque\u00a0\u00bb, \u00ab\u00a0pas bien fait\u00a0\u00bb, voire qu&rsquo;il pr\u00e9sentait des bugs. Comme s&rsquo;il s&rsquo;agissait de d\u00e9courager le citoyen plut\u00f4t que de l&rsquo;encourager \u00e0 ne rien l\u00e2cher.<\/p>\n<p style=\"text-align: justify;\"><em><strong>\u00ab\u00a0On a le temps\u00a0\u00bb\u2026<\/strong><\/em><\/p>\n<p style=\"text-align: justify;\">Neuf mois pour recueillir les soutiens, cela peut sembler beaucoup et certains seront tent\u00e9s de se dire \u00ab\u00a0j&rsquo;ai le temps\u00a0\u00bb, \u00ab\u00a0y a pas le feu\u00a0\u00bb\u2026 Sauf que, lorsque l&rsquo;on voit les chiffres et les tendances, il y a de quoi remettre en question ces apparentes certitudes. D&rsquo;autant plus que la pression du quotidien et la volatilit\u00e9 de l&rsquo;information font souvent passer \u00e0 l&rsquo;arri\u00e8re-plan ce qui, de prime abord, est per\u00e7u comme important <sup><a href=\"#footnote_4_19914\" id=\"identifier_4_19914\" class=\"footnote-link footnote-identifier-link\" title=\"un peu comme le r&eacute;chauffement climatique, qui ne s&rsquo;impose &agrave; l&rsquo;esprit de certains que lorsque la chaleur est devenue insoutenable\">(4)<\/a><\/sup>. Donc non, nous n&rsquo;avons pas le temps. Car, si enregistrer son soutien ne prend au final pas beaucoup de temps, il faut penser \u00e0 tous ceux qui ne l&rsquo;ont pas fait et prendre le temps d&rsquo;en parler autour de soi. A condition, bien s\u00fbr, de se sentir concern\u00e9 par la chose.<\/p>\n<p style=\"text-align: justify;\"><em><strong>Un manque cruel de coordination et de communication autour des actions de soutien au RIP<\/strong><\/em><\/p>\n<p style=\"text-align: justify;\">Partout en France, des gens se mobilisent pour informer leurs concitoyens, pour aider certains \u00e0 enregistrer leur soutien au RIP. Et cela est plut\u00f4t rassurant. Mais il y a un \u00e9cueil de taille, car ces actions manquent souvent de coordination, voire de publicit\u00e9.<\/p>\n<p style=\"text-align: justify;\">Un exemple parmi d&rsquo;autres : le site \u00ab\u00a0signons.fr\u00a0\u00bb , qui s&rsquo;est ouvert tr\u00e8s rapidement apr\u00e8s le d\u00e9but de la collecte des soutiens, permet \u00e0 tout membre inscrit de d\u00e9clarer une action \u00e0 venir. Si l&rsquo;adresse de l&rsquo;action est suffisamment pr\u00e9cise, elle sera affich\u00e9e sur une carte de France et les d\u00e9tails seront facilement accessibles. Seulement voil\u00e0, tr\u00e8s peu d&rsquo;actions sont d\u00e9clar\u00e9es : les bonnes volont\u00e9s, trop concentr\u00e9es sur leur action, ne pensent pas \u00e0 en faire la publicit\u00e9. Personnellement, j&rsquo;ai constat\u00e9 plusieurs actions dans ma r\u00e9gion le mois dernier (Mivervois, Narbonne et environs), alors m\u00eame que la carte du site \u00e9tait d\u00e9sesp\u00e9r\u00e9ment vide entre Montpellier, Perpignan et Carcassonne.<\/p>\n<p style=\"text-align: justify;\">De plus, ce site ne permet pas actuellement d&rsquo;identifier les membres inscrits et il est, du coup, impossible de contacter qui que ce soit pour organiser et coordonner des actions d&rsquo;ampleur <sup><a href=\"#footnote_5_19914\" id=\"identifier_5_19914\" class=\"footnote-link footnote-identifier-link\" title=\"contact&eacute; r&eacute;cemment, un des administrateurs du site a pris en compte mes remarques et des &eacute;volutions devraient se faire jour tr&egrave;s prochainement\">(5)<\/a><\/sup>. Du coup, la petite arm\u00e9e de fourmis qui s&rsquo;\u00e9puise \u00e0 informer et \u00e0 collecter des soutiens ne trouve pas les moyens de faire v\u00e9ritablement t\u00e2che d&rsquo;huile.<\/p>\n<p style=\"text-align: justify;\"><em><strong>Voudrait-on mettre des b\u00e2tons dans les roues des \u00ab\u00a0activistes\u00a0\u00bb du RIP&nbsp;?<\/strong><\/em><\/p>\n<p style=\"text-align: justify;\">C&rsquo;est une information \u00e0 confirmer, mais il semblerait que des personnes tractant pour le RIP ADP se sont vues infliger des amendes, au motif qu&rsquo;elles n&rsquo;appartenaient pas \u00e0 un groupe d\u00e9clar\u00e9 (association ou parti politique).<\/p>\n<h3 style=\"text-align: justify;\"><span style=\"color: #808080;\"><em><strong>Comment agir en citoyen conscient des enjeux ?<br \/>\n<\/strong><\/em><\/span><\/h3>\n<p style=\"text-align: justify;\">Qu&rsquo;il s&rsquo;agisse de frein \u00e0 l&rsquo;information par les media ou de r\u00e9pression (\u00e0 confirmer) des actions de citoyens en faveur de ce RIP, tout indique que nous sommes en pr\u00e9sence d&rsquo;un pouvoir qui craint de se voir imposer la volont\u00e9 des citoyens. Difficile, pour un gouvernement particuli\u00e8rement gonfl\u00e9 de sa propre importance, d&rsquo;accepter de se voir imposer un referendum sur un sujet qui lui tient particuli\u00e8rement \u00e0 c\u0153ur, \u00e0 savoir une nouvelle privatisation d&rsquo;entreprise publique, avant de s&rsquo;attaquer \u00e0 plus gros (SNCF, puis le service public lui-m\u00eame &#8211; sant\u00e9, \u00e9ducation, etc.). Pire encore, et supr\u00eame humiliation, le r\u00e9sultat d&rsquo;un tel referendum pourrait l&rsquo;obliger \u00e0 renoncer \u00e0 son projet de privatisation et cela pourrait entra\u00eener de nombreuses autres initiatives de m\u00eame nature \u00e0 l&rsquo;avenir <sup><a href=\"#footnote_6_19914\" id=\"identifier_6_19914\" class=\"footnote-link footnote-identifier-link\" title=\"c&rsquo;est peut-&ecirc;tre pour cela qu&rsquo;Emmanuel Macron envisage de modifier le dispositif&nbsp; du RIP en limitant le nombre de soutiens &agrave; 1 million et non plus 10 % du corps &eacute;lectoral (je donne d&rsquo;une main) mais en r&eacute;duisant sa port&eacute;e aux lois en vigueur depuis au moins quatre ans (.. et je reprends de l&rsquo;autre). Il faut imaginer ce que repr&eacute;senterait le fait d&rsquo;annuler la privatisation du Groupe A&eacute;roports de Paris apr&egrave;s quatre ans&hellip;\">(6)<\/a><\/sup>.<\/p>\n<p style=\"text-align: justify;\"><strong>Il est donc crucial de ne pas rester inactifs<\/strong>. Si vous vous sentez concern\u00e9.e.s par cette question et si vous disposez d&rsquo;un peu de temps, vous pouvez :<\/p>\n<ul>\n<li style=\"text-align: justify;\">informer vos proches et, le cas \u00e9<span class='tooltipsall tooltip_post_id_18357 classtoolTips220'>ch<\/span>\u00e9ant, les aider \u00e0 enregistrer leur soutien,<\/li>\n<li style=\"text-align: justify;\">rejoindre des groupes existants qui informent leurs concitoyens et les aident \u00e0 enregistrer leur soutien au RIP. A l&rsquo;heure actuelle, il existe des groupes sur Facebook (voir en fin d&rsquo;article), mais vous pouvez aussi rechercher sur les march\u00e9s ou pendant des \u00e9v\u00e8nements&nbsp; citoyens&nbsp;: il peut s&rsquo;y trouver des gens qui tractent, informent ou font de l&rsquo;aide \u00e0 l&rsquo;enregistrement des soutiens,<\/li>\n<li style=\"text-align: justify;\">former avec des proches des groupes d&rsquo;aide et d&rsquo;information,<\/li>\n<li>organiser des r\u00e9unions d&rsquo;information suivies d&rsquo;enregistrement de soutiens.<\/li>\n<\/ul>\n<p style=\"text-align: justify;\">Dans tous les cas, vous pouvez vous inscrire sur la plateforme \u00ab\u00a0signons.fr\u00a0\u00bb. Certes elle n\u00e9cessite des am\u00e9liorations, mais celles-ci devraient intervenir prochainement. Le Clairon ne manquera pas de vous en informer.<\/p>\n<p style=\"text-align: justify;\">Au-del\u00e0 de la question des privatisations et de celle de la r\u00e9ussite de la premi\u00e8re \u00e9dition d&rsquo;un referendum d&rsquo;initiative partag\u00e9e, une autre motivation \u00e0 l&rsquo;action est aussi de r\u00e9sister, de tenir t\u00eate, pacifiquement mais r\u00e9solument, \u00e0 un pouvoir qui, depuis bient\u00f4t un an, a fait la preuve de sa pr\u00e9f\u00e9rence pour une r\u00e9pression brutale, et dont les actes contredisent d\u00e9cid\u00e9ment trop les paroles.<\/p>\n<p style=\"text-align: right;\"><em>Jean Cordier, pour le Clairon de l&rsquo;Atax, le 21 Octobre 2019<\/em><\/p>\n<div class=\"su-spoiler su-spoiler-style-fancy su-spoiler-icon-chevron-circle su-spoiler-closed\" data-scroll-offset=\"0\" data-anchor-in-url=\"no\"><div class=\"su-spoiler-title\" tabindex=\"0\" role=\"button\"><span class=\"su-spoiler-icon\"><\/span>S'informer et Agir - Quelques r\u00e9f\u00e9rences<\/div><div class=\"su-spoiler-content su-u-clearfix su-u-trim\">\n<ul>\n<li>Enregistrer son soutien et suivre l&rsquo;\u00e9volution\n<ul>\n<li><a href=\"https:\/\/www.referendum.interieur.gouv.fr\/soutien\/etape-1\" target=\"_blank\" rel=\"noopener noreferrer\">le site officiel du Minist\u00e8re de l&rsquo;Int\u00e9rieur<\/a> pour enregistrer son soutien<\/li>\n<li><a href=\"https:\/\/adprip.fr\" target=\"_blank\" rel=\"noopener noreferrer\">le site de comptage des soutiens<\/a> &#8211; <a href=\"https:\/\/www.adprip.fr\/chart.html\" target=\"_blank\" rel=\"noopener noreferrer\">\u00e9volution des soutiens (actualis\u00e9e en continu)<\/a><\/li>\n<\/ul>\n<\/li>\n<li>Sites d&rsquo;information et de partage d&rsquo;action\n<ul>\n<li><a href=\"https:\/\/signons.fr\" target=\"_blank\" rel=\"noopener noreferrer\">\u00ab\u00a0signons.fr\u00a0\u00bb<\/a><\/li>\n<li><a href=\"https:\/\/referendum-adp.fr\/\" target=\"_blank\" rel=\"noopener noreferrer\">Tout savoir sur le referendum<\/a><\/li>\n<\/ul>\n<\/li>\n<li>Quelques pages et groupes Facebook\n<ul>\n<li><a href=\"https:\/\/www.facebook.com\/groups\/RIPADP\/\" target=\"_blank\" rel=\"noopener noreferrer\">RIP ADP<\/a><\/li>\n<li><a href=\"https:\/\/www.facebook.com\/groups\/contrelaprivatisationdadp\/\" target=\"_blank\" rel=\"noopener noreferrer\">R\u00e9f\u00e9rendum ! Contre la privatisation d&rsquo;ADP !<\/a><\/li>\n<li><a href=\"https:\/\/www.facebook.com\/groups\/423416801753916\/?ref=br_rs\" target=\"_blank\" rel=\"noopener noreferrer\">Non \u00e0 la privatisation des ADP et pour la signature du RIP<\/a><\/li>\n<li><a href=\"https:\/\/www.facebook.com\/groups\/RIP.ADP.LES.ACTIONS\/learning_content\/\" target=\"_blank\" rel=\"noopener noreferrer\">RIP ADP Les Actions<\/a> &#8211; Ce groupe est d\u00e9compos\u00e9 en \u00ab\u00a0modules\u00a0\u00bb, num\u00e9rot\u00e9s selon les n\u00b0 de d\u00e9partement. Pratique, cela permet d&rsquo;informer sur des actions par d\u00e9partement.<\/li>\n<\/ul>\n<\/li>\n<li>Pr\u00e9c\u00e9dents articles du Clairon sur le&nbsp; sujet:\n<ul>\n<li><a href=\"https:\/\/le-clairon-nouveau.fr\/wordpress\/blog\/2019\/06\/23\/privatisation-dadp-un-rip-en-cacherait-il-un-autre\/\" target=\"_blank\" rel=\"noopener noreferrer\">Pr\u00e9sentation et comment enregistrer son soutien<\/a> (juin 2019)<\/li>\n<li><a href=\"https:\/\/le-clairon-nouveau.fr\/wordpress\/blog\/2019\/09\/23\/privatisation-daeroports-de-paris-des-nouvelles-tres-tres-fraiches\/\" target=\"_blank\" rel=\"noopener noreferrer\">Billet d&rsquo;humeur<\/a> (Septembre 2019)<\/li>\n<\/ul>\n<\/li>\n<\/ul>\n<\/div><\/div>\n<p><em>Afin de compl\u00e9ter l&rsquo;information sur les enjeux de ce RIP, vous trouverez ci-dessous trois \u00ab\u00a0encadr\u00e9s\u00a0\u00bb visant \u00e0 pr\u00e9ciser l&rsquo;information sur les tenants et aboutissants du RIP contre la privatisation du groupe A\u00e9roports de Paris.<\/em><\/p>\n<div class=\"su-spoiler su-spoiler-style-fancy su-spoiler-icon-chevron-circle su-spoiler-closed\" data-scroll-offset=\"0\" data-anchor-in-url=\"no\"><div class=\"su-spoiler-title\" tabindex=\"0\" role=\"button\"><span class=\"su-spoiler-icon\"><\/span>A\u00e9roport de Paris - Un bien public, assurant des missions de services public, groupe public tr\u00e8s important et bien portant <\/div><div class=\"su-spoiler-content su-u-clearfix su-u-trim\">\n<p style=\"text-align: justify;\">A\u00e9roport de Paris (ADP) est une entreprise fran\u00e7aise, fond\u00e9e par l\u2019\u00c9tat fran\u00e7ais en 1945. Elle restera un \u00e9tablissement public <sup><a href=\"#footnote_7_19914\" id=\"identifier_7_19914\" class=\"footnote-link footnote-identifier-link\" title=\"d&eacute;tenu &agrave; 100 % par l&rsquo;Etat Fran&ccedil;ais\">(7)<\/a><\/sup> jusqu&rsquo;en 2005, date \u00e0 laquelle sera d\u00e9cid\u00e9e son introduction en bourse, qui interviendra l&rsquo;ann\u00e9e suivante, l&rsquo;Etat restant&nbsp; jusqu&rsquo;\u00e0 aujourd&rsquo;hui l&rsquo;actionnaire majoritaire <sup><a href=\"#footnote_8_19914\" id=\"identifier_8_19914\" class=\"footnote-link footnote-identifier-link\" title=\"50,6 % du capital, soit plus de 50 millions d&rsquo;actions sur les 99 millions qui composent ce capital (chiffres au 31\/12\/2018) &ndash; source https:\/\/www.parisaeroport.fr\/groupe\/finance\/actions-aeroports-de-paris\/actionnariat\">(8)<\/a><\/sup>.<\/p>\n<p style=\"text-align: justify;\">Cela signifie clairement que, <span style=\"text-decoration: underline;\">durant 60 ans<\/span>, les <span style=\"text-decoration: underline;\">imposants travaux<\/span> men\u00e9s par cette entreprise ont \u00e9t\u00e9 <span style=\"text-decoration: underline;\">soutenus avec de l&rsquo;argent public<\/span>, en particulier:<\/p>\n<ul>\n<li style=\"text-align: justify;\">la construction et les extensions de l&rsquo;a\u00e9roport d&rsquo;Orly,<\/li>\n<li style=\"text-align: justify;\">la reconstruction de l&rsquo;a\u00e9roport du Bourget,<\/li>\n<li style=\"text-align: justify;\">la construction et les extensions de l&rsquo;a\u00e9roport Roissy-Charles de Gaulle,<\/li>\n<li style=\"text-align: justify;\">etc.<\/li>\n<\/ul>\n<p style=\"text-align: justify;\">Loin de se limiter \u00e0 la construction, l&rsquo;am\u00e9nagement et l&rsquo;exploitation des trois grands a\u00e9roports d\u00e9j\u00e0 mentionn\u00e9s, le groupe ADP g\u00e8re onze autres a\u00e9roports ouverts \u00e0 la circulation a\u00e9rienne civile en \u00cele de France. Il est de plus tr\u00e8s pr\u00e9sent \u00e0 l&rsquo;international, o\u00f9 il g\u00e8re une vingtaine d&rsquo;a\u00e9roports r\u00e9partis dans 8 pays et d\u00e9tient des parts allant de 10 % \u00e0 45&nbsp;% dans des entreprises de gestion a\u00e9roportuaires de 9 pays.<\/p>\n<p style=\"text-align: justify;\">On le voit, ADP n&rsquo;est pas exactement ce que l&rsquo;on pourrait appeler un groupe anecdotique. C&rsquo;est, de plus, un groupe qui se porte bien, comme en attestent les chiffres de ses r\u00e9sultats sur les onze derni\u00e8res ann\u00e9es : entre 2008 et 2018, son chiffre d&rsquo;affaires a progress\u00e9 de 177 % et son r\u00e9sultat net de 223 %.<\/p>\n<div id=\"attachment_19939\" style=\"width: 847px\" class=\"wp-caption aligncenter\"><a href=\"https:\/\/i0.wp.com\/le-clairon-nouveau.fr\/wordpress\/wp-content\/uploads\/2019\/10\/ADP-R%C3%A9sultats-Wikipedia.png?ssl=1\"><img data-recalc-dims=\"1\" loading=\"lazy\" decoding=\"async\" aria-describedby=\"caption-attachment-19939\" class=\"wp-image-19939 size-full\" src=\"https:\/\/i0.wp.com\/le-clairon-nouveau.fr\/wordpress\/wp-content\/uploads\/2019\/10\/ADP-R%C3%A9sultats-Wikipedia.png?resize=837%2C175&#038;ssl=1\" alt=\"\" width=\"837\" height=\"175\" srcset=\"https:\/\/i0.wp.com\/le-clairon-nouveau.fr\/wordpress\/wp-content\/uploads\/2019\/10\/ADP-R%C3%A9sultats-Wikipedia.png?w=837&amp;ssl=1 837w, https:\/\/i0.wp.com\/le-clairon-nouveau.fr\/wordpress\/wp-content\/uploads\/2019\/10\/ADP-R%C3%A9sultats-Wikipedia.png?resize=300%2C63&amp;ssl=1 300w, https:\/\/i0.wp.com\/le-clairon-nouveau.fr\/wordpress\/wp-content\/uploads\/2019\/10\/ADP-R%C3%A9sultats-Wikipedia.png?resize=768%2C161&amp;ssl=1 768w\" sizes=\"auto, (max-width: 837px) 100vw, 837px\" \/><\/a><p id=\"caption-attachment-19939\" class=\"wp-caption-text\"><center>(<a href=\"https:\/\/fr.wikipedia.org\/wiki\/Groupe_ADP#Donn%C3%A9es_financi%C3%A8res\" target=\"_blank\" rel=\"noopener noreferrer\">source Wikipedia<\/a>)<\/center><\/p><\/div>\n<p style=\"text-align: justify;\">Dans la m\u00eame p\u00e9riode, le cours en bourse de l&rsquo;action a plus que tripl\u00e9 <sup><a href=\"#footnote_9_19914\" id=\"identifier_9_19914\" class=\"footnote-link footnote-identifier-link\" title=\"plus pr&eacute;cis&eacute;ment, il a &eacute;t&eacute; multipli&eacute; par 3,4\">(9)<\/a><\/sup>, passant de 48,39&nbsp;\u20ac au 31\/12\/2008 \u00e0 165&nbsp;\u20ac au 31\/12\/2018. Ainsi, au titre de l&rsquo;exercice 2018 d&rsquo;ADP, l\u2019\u00c9tat a per\u00e7u un dividende d&rsquo;environ 173&nbsp;millions&nbsp;\u20ac (3,46&nbsp;\u20ac par action) <sup><a href=\"#footnote_10_19914\" id=\"identifier_10_19914\" class=\"footnote-link footnote-identifier-link\" title=\"source A&eacute;roports de Paris\">(10)<\/a><\/sup> et, au 31\/12\/2018, les parts de l\u2019\u00c9tat dans le groupe repr\u00e9sentent une valeur sup\u00e9rieure \u00e0 8&nbsp;milliards&nbsp;\u20ac.<\/p>\n<p style=\"text-align: justify;\"><em>Au passage, il n&rsquo;est peut-\u00eatre pas tr\u00e8s rassurant de constater que, sur une m\u00eame p\u00e9riode, le dividende d&rsquo;une entreprise augmente plus que le r\u00e9sultat net et que ce dernier augmente plus que le chiffre d&rsquo;affaires. Peut-on y voir r\u00e9ellement le signe d&rsquo;une bonne sant\u00e9 de l&rsquo;entreprise, ou celui d&rsquo;une spoliation consciencieuse (voire compulsive) des fameux \u00ab\u00a0fruits de la croissance\u00a0\u00bb au profit des seuls actionnaires ? Il est en effet douteux que l&rsquo;investissement ou les salaires aient progress\u00e9 dans la m\u00eame proportion sur la m\u00eame p\u00e9riode.<br \/>\n<\/em><\/p>\n<p style=\"text-align: justify;\"><\/div><\/div>\n<div class=\"su-spoiler su-spoiler-style-fancy su-spoiler-icon-chevron-circle su-spoiler-closed\" data-scroll-offset=\"0\" data-anchor-in-url=\"no\"><div class=\"su-spoiler-title\" tabindex=\"0\" role=\"button\"><span class=\"su-spoiler-icon\"><\/span>Les privatisations ont un sens, mais lequel ?<\/div><div class=\"su-spoiler-content su-u-clearfix su-u-trim\">\n<p style=\"text-align: justify;\">On sait, depuis le vote de la loi PACTE <sup><a href=\"#footnote_11_19914\" id=\"identifier_11_19914\" class=\"footnote-link footnote-identifier-link\" title=\"Plan d&rsquo;Action pour la Croissance et la Transformation des Entreprises &ndash; Cette loi, parfois qualifi&eacute;e de loi &laquo;&nbsp;fourre-tout&nbsp;&raquo; contient entre autres mesures la privatisation du groupe A&eacute;roports de Paris et celle de la Fran&ccedil;aise des Jeux. Le S&eacute;nat a vot&eacute; contre ces deux privatisations\">(11)<\/a><\/sup> en mai 2019, que l\u2019\u00c9tat veut privatiser ADP, c&rsquo;est-\u00e0-dire vendre les actions qu&rsquo;il d\u00e9tient dans le groupe.<\/p>\n<p style=\"text-align: justify;\">Mais quel actionnaire envisagerait de c\u00e9der ses parts d&rsquo;un groupe qui affiche une aussi bonne sant\u00e9 sur une p\u00e9riode aussi longue&nbsp;? Serait-ce par crainte d&rsquo;une chute brutale entra\u00een\u00e9e par une fiscalisation, encore hypoth\u00e9tique, du k\u00e9ros\u00e8ne, ce carburant qui permet aux a\u00e9roplanes de se mouvoir dans les airs, au grand dam de notre environnement&nbsp;et de la couche d&rsquo;ozone <sup><a href=\"#footnote_12_19914\" id=\"identifier_12_19914\" class=\"footnote-link footnote-identifier-link\" title=\"cette couche, qui entoure notre plan&egrave;te, nous prot&egrave;ge de l&rsquo;action n&eacute;faste des rayonnements ultra violets d&rsquo;origine solaire\">(12)<\/a><\/sup> ?<\/p>\n<p style=\"text-align: justify;\">Bien entendu, la cause profonde de cette d\u00e9cision est plus ancienne et plus pr\u00e9occupante. Elle tient au fait que l\u2019\u00c9tat a engag\u00e9 depuis plusieurs d\u00e9cennies une politique de privatisation syst\u00e9matique des entreprises publiques, autrement appel\u00e9e \u00ab\u00a0vente des bijoux de famille\u00a0\u00bb. Certains se souviendront avec \u00e9motion des plus r\u00e9centes, \u00e0 savoir la privatisation des autoroutes en 2006, juste au moment ou leur exploitation devenait rentable et celle d&rsquo;a\u00e9roport de Toulouse, vendue \u00e0 un groupe men\u00e9 par escroc chinois, vente pourtant valid\u00e9e r\u00e9cemment par la justice.<\/p>\n<p style=\"text-align: justify;\">On voudra bien noter cependant, qu&rsquo;\u00e0 la diff\u00e9rence des bijoux de famille, ces entreprises publiques sont tout sauf de l&rsquo;argent qui roupille. Elles fournissent des emplois et produisent chaque ann\u00e9e de la richesse pour le pays (la fameuse \u00ab\u00a0valeur ajout\u00e9e\u00a0\u00bb). Sans oublier que, comme pour la SNCF, Orange <sup><a href=\"#footnote_13_19914\" id=\"identifier_13_19914\" class=\"footnote-link footnote-identifier-link\" title=\"anciennement France Telecom\">(13)<\/a><\/sup> ou le r\u00e9seau autoroutier fran\u00e7ais, leurs co\u00fbteuses infrastructures n&rsquo;ont pu \u00eatre r\u00e9alis\u00e9es et entretenues que gr\u00e2ce \u00e0 de l&rsquo;argent public.<\/p>\n<p style=\"text-align: justify;\">Effectu\u00e9es au nom du d\u00e9sendettement de la France, ces privatisations semblent surtout servir une id\u00e9ologie qui consiste \u00e0 d\u00e9sengager l\u2019\u00c9tat de tout service public \u00e0 l&rsquo;exception de l&rsquo;arm\u00e9e, de la police et de la justice <sup><a href=\"#footnote_14_19914\" id=\"identifier_14_19914\" class=\"footnote-link footnote-identifier-link\" title=\"ce que l&rsquo;on appelle les &laquo;&nbsp;fonctions r&eacute;galiennes de l&rsquo;&Eacute;tat&nbsp;&raquo;\">(14)<\/a><\/sup>. Selon cette id\u00e9ologie, tous les autres services publics doivent pouvoir \u00eatre vendus au priv\u00e9 et, de ce fait, transform\u00e9s en simples services marchands que seuls les moins d\u00e9munis d&rsquo;entre nous pourront \u00e0 terme se payer. Pour le plus grand bonheur des grands groupes priv\u00e9s.<\/p>\n<p style=\"text-align: justify;\">Ce n&rsquo;est peut-\u00eatre pas un hasard si :<\/p>\n<ul>\n<li style=\"text-align: justify;\">des services publics comme l&rsquo;\u00e9ducation (\u00e9coles, coll\u00e8<span class='tooltipsall tooltip_post_id_7232 classtoolTips161'>ges<\/span>, lyc\u00e9es, universit\u00e9s) ou la sant\u00e9 (notamment l&rsquo;h\u00f4pital public et la s\u00e9curit\u00e9 sociale) voient leurs moyens progressivement r\u00e9duits, les conditions de travail durcies et leur gouvernance progressivement calqu\u00e9e sur le \u00ab\u00a0management\u00a0\u00bb des entreprises priv\u00e9es, privil\u00e9giant une \u00ab\u00a0politique du chiffre\u00a0\u00bb sur la qualit\u00e9 du service rendu,<\/li>\n<li style=\"text-align: justify;\">une politique de baisse de l&rsquo;imp\u00f4t <sup><a href=\"#footnote_15_19914\" id=\"identifier_15_19914\" class=\"footnote-link footnote-identifier-link\" title=\"remplacement de l&rsquo;ISF en IFI, &laquo;&nbsp;flat tax&nbsp;&raquo;, transformation du CICE en baisse permanente des charges, baisse &agrave; venir de l&rsquo;imp&ocirc;t sur les soci&eacute;t&eacute;s, suppression progressive de la taxe d&rsquo;habitation, baisse annonc&eacute;e de l&rsquo;imp&ocirc;t sur le revenu, etc.\">(15)<\/a><\/sup> vient opportun\u00e9ment priver l\u2019\u00c9tat et les collectivit\u00e9s territoriales de ressources destin\u00e9es \u00e0 faire fonctionner les services publics. Ce manque \u00e0 gagner a logiquement entra\u00een\u00e9 la baisse des <span class='tooltipsall tooltip_post_id_3595 classtoolTips147'>APL<\/span>, la fin de nombreux emplois aid\u00e9s et permettra, au fil du temps, de justifier la restriction des moyens allou\u00e9s aux diff\u00e9rents services publics.<\/li>\n<\/ul>\n<p style=\"text-align: justify;\">Un exemple tout \u00e0 fait parlant de l&rsquo;avenir radieux trac\u00e9 par les privatisations peut \u00eatre trouv\u00e9 dans la d\u00e9gradation continue et maintes fois d\u00e9nonc\u00e9e des conditions de vie des pensionnaires et de travail des employ\u00e9s dans les EHPAD, ces structures qui, v\u00e9ritables machines \u00e0 remonter le temps social, s&rsquo;apparentent de plus en plus \u00e0 des mouroirs, mais rapportent beaucoup d&rsquo;argent \u00e0 leurs actionnaires.<\/p>\n<p style=\"text-align: justify;\"><\/div><\/div>\n<div class=\"su-spoiler su-spoiler-style-fancy su-spoiler-icon-chevron-circle su-spoiler-closed\" data-scroll-offset=\"0\" data-anchor-in-url=\"no\"><div class=\"su-spoiler-title\" tabindex=\"0\" role=\"button\"><span class=\"su-spoiler-icon\"><\/span>Le RIP, un outil d\u00e9mocratique unissant parlementaires et citoyens<\/div><div class=\"su-spoiler-content su-u-clearfix su-u-trim\">\n<p style=\"text-align: justify;\">L&rsquo;annonce de la privatisation prochaine d&rsquo;ADP a certes lev\u00e9 des nombreuses oppositions, mais comment faire pour traduire cette opposition dans les faits et obliger le pouvoir \u00e0 reculer&nbsp;?<\/p>\n<p style=\"text-align: justify;\">Jusqu&rsquo;en 2015, il n&rsquo;\u00e9tait pas possible pour la population de s&rsquo;opposer \u00e0 une loi vot\u00e9e par le Parlement, sauf \u00e0 introduire des recours devant des instances telles que le Conseil d\u2019\u00c9tat ou le Conseil Constitutionnel. En particulier, il n&rsquo;\u00e9tait pas possible d&rsquo;imposer au gouvernement l&rsquo;organisation d&rsquo;un referendum, pour demander l&rsquo;avis du peuple sur le bien-fond\u00e9 d&rsquo;une loi.<\/p>\n<p style=\"text-align: justify;\">Depuis 2015, le RIP <sup><a href=\"#footnote_16_19914\" id=\"identifier_16_19914\" class=\"footnote-link footnote-identifier-link\" title=\"Refrendum d&rsquo;Initiative Partag&eacute;e\">(16)<\/a><\/sup>, introduit en 2008 sous la pr\u00e9sidence Sarkozy <sup><a href=\"#footnote_17_19914\" id=\"identifier_17_19914\" class=\"footnote-link footnote-identifier-link\" title=\"par une modification de la Constitution\">(17)<\/a><\/sup>, entre en application. Ce dispositif permet au peuple d&rsquo;imposer la tenue d&rsquo;un r\u00e9f\u00e9rendum. Mais cela ne se fait pas sur un claquement de doigts. En effet, il faut r\u00e9unir plusieurs conditions, dont deux qui s&rsquo;av\u00e8rent particuli\u00e8rement contraignantes :<\/p>\n<ul>\n<li style=\"text-align: justify;\">en premier, une proposition de loi r\u00e9f\u00e9rendaire doit \u00eatre d\u00e9pos\u00e9e par 1\/5<sup>\u00e8me<\/sup> des repr\u00e9sentants du peuple au Parlement (S\u00e9nat et Assembl\u00e9e Nationale). Actuellement, cela repr\u00e9sente 185 parlementaires,<\/li>\n<li style=\"text-align: justify;\">ensuite, si la proposition de loi d\u00e9pos\u00e9e est conforme, elle doit recueillir, sur une p\u00e9riode de 9 mois, le soutien de 10&nbsp;% du corps \u00e9lectoral <sup><a href=\"#footnote_18_19914\" id=\"identifier_18_19914\" class=\"footnote-link footnote-identifier-link\" title=\"les personnes inscrites sur les listes &eacute;lectorales\">(18)<\/a><\/sup>. En 2019, le corps \u00e9lectoral repr\u00e9sente 47&nbsp;173&nbsp;960 \u00e9lecteurs. Il faut donc recueillir 4&nbsp;717&nbsp;960 soutiens.<\/li>\n<\/ul>\n<p style=\"text-align: justify;\">Si un RIP recueille le soutien de 10&nbsp;% au moins du corps \u00e9lectoral, le gouvernement devra soit accepter la proposition de loi, soit la soumettre au referendum de l&rsquo;ensemble du corps \u00e9lectoral.<\/p>\n<h3 style=\"text-align: justify;\"><span style=\"color: #808080;\"><em><strong>Un R\u00e9f\u00e9rendum d&rsquo;Initiative Partag\u00e9e pour s&rsquo;opposer \u00e0 la privatisation d&rsquo;ADP<\/strong><\/em><\/span><\/h3>\n<p style=\"text-align: justify;\">Fait unique \u00e0 ce jour dans la vie politique de notre pays, au printemps 2019, il s&rsquo;est trouv\u00e9 248 parlementaires pour d\u00e9poser une proposition de loi r\u00e9f\u00e9rendaire <sup><a href=\"#footnote_19_19914\" id=\"identifier_19_19914\" class=\"footnote-link footnote-identifier-link\" title=\"exactement &laquo;&nbsp;Proposition de loi pr&eacute;sent&eacute;e en application de l&rsquo;article 11 de la Consitution et visant &agrave; affirmer le caract&egrave;re de service public national de l&rsquo;exploitation des a&eacute;rodromes de Paris&nbsp;&raquo;\">(19)<\/a><\/sup>, et enclencher la m\u00e9canique du RIP. Apr\u00e8s validation par le conseil constitutionnel, le gouvernement a du mettre en place la collecte des soutiens sur un site internet d\u00e9di\u00e9, g\u00e9r\u00e9 par le minist\u00e8re de l&rsquo;Int\u00e9rieur.<\/p>\n<p style=\"text-align: justify;\">La p\u00e9riode de 9 mois de collecte des soutiens a d\u00e9but\u00e9 le 13 juin 2019 et s&rsquo;ach\u00e8vera le 12 mars 2020. A priori, cela donne du temps pour engranger les soutiens. Cependant, les chiffres analys\u00e9s en d\u00e9but d&rsquo;article montrent que ce temps ne sera peut \u00eatre pas suffisant.<\/p>\n<p style=\"text-align: justify;\">Si ces toutes les conditions sont r\u00e9unies, un referendum pourra \u00eatre organis\u00e9 et d\u00e9boucher sur une remise en cause de la privatisation d&rsquo;ADP, si toutefois une majorit\u00e9 d&rsquo;\u00e9lecteurs se prononcent alors contre cette privatisation.<\/p>\n<p style=\"text-align: justify;\">On le voit, rien n&rsquo;est gagn\u00e9 d&rsquo;avance.<\/p>\n<p style=\"text-align: justify;\">En fait, on peut consid\u00e9rer que l&rsquo;enjeu de ce RIP est double&nbsp;:<\/p>\n<ul>\n<li style=\"text-align: justify;\">d&rsquo;une part, il s&rsquo;agit bien s\u00fbr d&rsquo;\u00e9viter la privatisation d&rsquo;un service public,<\/li>\n<li style=\"text-align: justify;\">mais il s&rsquo;agit aussi de se saisir d&rsquo;un outil d\u00e9mocratique, con\u00e7u pour qu&rsquo;une partie m\u00eame minoritaire de la population puisse obliger le pouvoir \u00e0 organiser un referendum sur un sujet donn\u00e9.<\/li>\n<\/ul>\n<p>En ces temps de revendication de plus de participation \u00e0 la vie d\u00e9mocratique du pays et de d\u00e9nonciation des privatisations, il serait \u00e9trange de ne pas s&rsquo;en saisir.<\/p>\n<\/div><\/div>\n<script type=\"text\/javascript\"> var tt_store_content = \"En France, il existe deux moyens principaux pour cr\u00e9er ou modifier une loi\\:<br\/>\\<ul\\><br\/> \t\\<li\\>le \\<strong\\><span class='tooltipsall tooltip_post_id_6375 classtoolTips9'>projet de loi<\/span>\\<\\\/strong\\>, qui \u00e9mane du gouvernement,\\<\\\/li\\><br\/> \t\\<li\\>la \\<strong\\>proposition de loi\\<\\\/strong\\>, qui \u00e9mane d'un ou plusieurs parlementaires\\. &nbsp;\\<\\\/li\\><br\/>\\<\\\/ul\\>\"; toolTips('.classtoolTips9',tt_store_content,'6375'); <\/script><script type=\"text\/javascript\"> var tt_store_content = \"\\<p style\\='text\\-align\\: justify;'\\>La '<span class='tooltipsall tooltip_post_id_8255 classtoolTips41'>flat tax<\/span>' est un imp\u00f4t forfaitaire proportionnel qui applique un taux unique d'imposition \u00e0 tous les revenus de l'\u00e9pargne\\: \\: dividendes, assurance\\-vie, int\u00e9r\u00eats, plus\\-values, revenus fonciers\\.\\.\\. Auparavant, ces revenus se voyaient appliquer des r\u00e9gimes fiscaux diff\u00e9rents\\.&nbsp;\\<\\\/p\\><br\/>\\<p style\\='text\\-align\\: justify;'\\>Mise en place dans la loi de finances pour 2018, cette mesure amputera le budget de l'\u00c9tat d'environ 1,5 milliards \u20ac par an, selon le minist\u00e8re des Finances\\.\\<\\\/p\\><br\/>\\<p style\\='text\\-align\\: justify;'\\>Or, selon l'\u00e9conomiste Gabriel Zucman, cette amputation pourrait se situer \u00e0 un niveau 10 fois sup\u00e9rieur \\(15 milliards\\)\\. En effet, les cadres sup\u00e9rieurs d'une entreprise auront int\u00e9r\u00eat \u00e0 se faire r\u00e9mun\u00e9rer en actions plut\u00f4t qu'en salaire, car le capital est, en France moins impos\u00e9 que le travail\\. L'estimation de Bercy porte sur la d\u00e9tention actuelle de valeurs mobili\u00e8res et ne tient pas compte de cette nouvelle forme d'\u00e9vasion fiscale \\(pardon, 'optimisation fiscale'\\)\\.\\<\\\/p\\>\"; toolTips('.classtoolTips41',tt_store_content,'8255'); <\/script><script type=\"text\/javascript\"> var tt_store_content = \"\\<p style\\='text\\-align\\: center;'\\>\\<span style\\='font\\-size\\: 14pt;'\\>\\<strong\\>C\\<\\\/strong\\>r\u00e9dit d'Imp\u00f4t pour la \\<strong\\>C\\<\\\/strong\\>omp\u00e9titivit\u00e9 et l'\\<strong\\>E\\<\\\/strong\\>mploi\\<\\\/span\\>\\<\\\/p\\><br\/>\\<p style\\='text\\-align\\: justify;'\\>Mesure mise en place par le gouvernement de Jean\\-Marc Ayrault, en 2012 et entr\u00e9e en vigueur le 1\\<sup\\>er\\<\\\/sup\\> Janvier 2013, sous la pr\u00e9sidence de Fran\u00e7ois Hollande, visant \u00e0 soutenir les entreprises fran\u00e7aises par un all\u00e8gement des charges li\u00e9es aux salaires inf\u00e9rieurs \u00e0 2,5 SMIC\\. Le but de cette mesure, tr\u00e8s co\u00fbteuse pour la collectivit\u00e9 \\(13 mds \u20ac en 2013 et 20 mds&nbsp; \u20ac en 2014\\), \u00e9tait de dynamiser les embauches par les entreprises\\.<br\/>Dans les faits, elle aurait surtout servi aux entreprises \u00e0 reconstituer leurs marges et cela d'autant plus facilement qu'elle n'\u00e9tait assortie d'aucun contr\u00f4le du respect, par les entreprises, des conditions d'\u00e9ligibilit\u00e9\\.\\<\\\/p\\><br\/>\\<a href\\='https\\:\\\/\\\/fr\\.wikipedia\\.org\\\/wiki\\\/Cr%C3%A9dit_d%27imp%C3%B4t_pour_la_comp%C3%A9titivit%C3%A9_et_l%27emploi' target\\='_blank' rel\\='noopener'\\>Acc\u00e9der ici \u00e0 la fiche Wikipedia sur le <span class='tooltipsall tooltip_post_id_5648 classtoolTips102'>CICE<\/span>\\<\\\/a\\>\"; toolTips('.classtoolTips102',tt_store_content,'5648'); <\/script><script type=\"text\/javascript\"> var tt_store_content = \"Le <span class='tooltipsall tooltip_post_id_3743 classtoolTips128'>CIRC<\/span> est le&nbsp; \\<a href\\='https\\:\\\/\\\/fr\\.wikipedia\\.org\\\/wiki\\\/Centre_international_de_recherche_sur_le_cancer' target\\='_blank' rel\\='noopener'\\>Centre international de Recherche sur le Cancer\\<\\\/a\\>, cr\u00e9\u00e9 en 1965 par l\u2019\\<a href\\='https\\:\\\/\\\/fr\\.wikipedia\\.org\\\/wiki\\\/Organisation_mondiale_de_la_sant%C3%A9' target\\='_blank' rel\\='noopener'\\>Organisation Mondiale de la Sant\u00e9\\<\\\/a\\> \\(OMS\\) des \\<a href\\='https\\:\\\/\\\/fr\\.wikipedia\\.org\\\/wiki\\\/Organisation_des_Nations_unies' target\\='_blank' rel\\='noopener'\\>Nations Unies\\<\\\/a\\>\\.\"; toolTips('.classtoolTips128',tt_store_content,'3743'); <\/script><script type=\"text\/javascript\"> var tt_store_content = \"\\<p\\><span class='tooltipsall tooltip_post_id_19394 classtoolTips134'>SAGE<\/span> \\= \\<span class\\='st'\\> sch\u00e9ma d'am\u00e9nagement et de gestion de l'eau\\<\\\/span\\> , c'est un outil de planification qui concerne l'ensemble des eaux situ\u00e9es dans un bassin versant\\<\\\/p\\>\"; toolTips('.classtoolTips134',tt_store_content,'19394'); <\/script><script type=\"text\/javascript\"> var tt_store_content = \"\\<p style\\='text\\-align\\: center;'\\>\\<strong\\>\\<span style\\='font\\-size\\: 14pt;'\\>S\\<\\\/span\\>\\<\\\/strong\\>\\<span style\\='font\\-size\\: 14pt;'\\>oci\u00e9t\u00e9 d'\\<strong\\>\u00c9\\<\\\/strong\\>conomie \\<strong\\>M\\<\\\/strong\\>ixte\\<\\\/span\\>\\<\\\/p\\><br\/>\\<p style\\='text\\-align\\: justify;'\\>En France, une soci\u00e9t\u00e9 d'\u00e9conomie mixte est une soci\u00e9t\u00e9 anonyme dont le capital est majoritairement d\u00e9tenu par une ou plusieurs personnes publiques \\(\u00e0 savoir l'\u00c9tat, une Collectivit\u00e9 territoriale, ou tout autre \u00c9tablissement public\\)\\. Cette participation majoritaire publique est plafonn\u00e9e \u00e0 85&nbsp;% du capital depuis la Loi du 2 janvier 2002\\. Au moins une personne priv\u00e9e doit participer au capital de la <span class='tooltipsall tooltip_post_id_7168 classtoolTips142'>SEM<\/span>, sachant qu'il peut s'agir d'une autre SEM\\.\\<\\\/p\\><br\/>\\<p style\\='text\\-align\\: justify;'\\>\\<strong\\>Le recours \u00e0 la SEM garantit\\<\\\/strong\\> \u00e0 la collectivit\u00e9 publique actionnaire et cocontractante \\<strong\\>la prise en compte effective de l'int\u00e9r\u00eat g\u00e9n\u00e9ral\\<\\\/strong\\> dans les objectifs de l'entreprise \\<strong\\>et la souplesse de la soci\u00e9t\u00e9 de droit priv\u00e9\\<\\\/strong\\>\\.\\<\\\/p\\><br\/>\\<em\\>\\<a href\\='https\\:\\\/\\\/fr\\.wikipedia\\.org\\\/wiki\\\/Soci%C3%A9t%C3%A9_d%27%C3%A9conomie_mixte' target\\='_blank' rel\\='noopener'\\>Voir ici la page Wikipedia consacr\u00e9e aux SEM\\<\\\/a\\> \\<\\\/em\\><br\/><br\/>&nbsp;\"; toolTips('.classtoolTips142',tt_store_content,'7168'); <\/script><script type=\"text\/javascript\"> var tt_store_content = \"\\<p style\\='text\\-align\\: center;'\\>\\<strong\\>Aide Personnalis\u00e9e au Logement\\<\\\/strong\\>\\<\\\/p\\>\"; toolTips('.classtoolTips147',tt_store_content,'3595'); <\/script><script type=\"text\/javascript\"> var tt_store_content = \"\\<p style\\='text\\-align\\: center;'\\>\\<span style\\='font\\-size\\: 14pt;'\\>\\<strong\\>I\\<\\\/strong\\>mp\u00f4t sur la \\<strong\\>F\\<\\\/strong\\>ortune \\<strong\\>I\\<\\\/strong\\>mmobili\u00e8re\\<\\\/span\\>\\<\\\/p\\>\"; toolTips('.classtoolTips148',tt_store_content,'5643'); <\/script><script type=\"text\/javascript\"> var tt_store_content = \"\\<p style\\='text\\-align\\: center;'\\>\\<strong\\>Imp\u00f4t de Solidarit\u00e9 sur la Fortune\\<\\\/strong\\>\\<\\\/p\\>\"; toolTips('.classtoolTips149',tt_store_content,'3596'); <\/script><script type=\"text\/javascript\"> var tt_store_content = \"\\<p style\\='text\\-align\\: center;'\\>\\<span style\\='font\\-size\\: 14pt;'\\>\\<strong\\>R\\<\\\/strong\\>\u00e9pertoire \\<strong\\>N\\<\\\/strong\\>ational des \\<strong\\>A\\<\\\/strong\\>ssociations\\<\\\/span\\>\\<\\\/p\\>\"; toolTips('.classtoolTips159',tt_store_content,'24374'); <\/script><script type=\"text\/javascript\"> var tt_store_content = \"\\<p style\\='text\\-align\\: center;'\\>\\<strong\\>\\<span style\\='font\\-size\\: 14pt;'\\>G\\<\\\/span\\>\\<\\\/strong\\>\\<span style\\='font\\-size\\: 14pt;'\\>az \u00e0 \\<strong\\>E\\<\\\/strong\\>ffet de \\<strong\\>S\\<\\\/strong\\>erre\\<\\\/span\\>\\<\\\/p\\><br\/>\\<p style\\='text\\-align\\: justify;'\\>Les gaz \u00e0 effet de serre \\(GES\\) sont des composants gazeux qui absorbent le rayonnement infrarouge \u00e9mis par la surface terrestre et contribuent \u00e0 l'effet de serre\\. L'augmentation de leur concentration dans l'atmosph\u00e8re terrestre est l'un des facteurs \u00e0 l'origine du r\u00e9chauffement climatique\\.\\<\\\/p\\><br\/>\\<a href\\='https\\:\\\/\\\/fr\\.wikipedia\\.org\\\/wiki\\\/Gaz_%C3%A0_effet_de_serre' target\\='_blank' rel\\='noopener'\\>\\<em\\>Voir ici la fiche Wikipedia sur les gaz \u00e0 effet de serre\\<\\\/em\\>\\<\\\/a\\>\"; toolTips('.classtoolTips161',tt_store_content,'7232'); <\/script><script type=\"text\/javascript\"> var tt_store_content = \"\\<p style\\='text\\-align\\: justify'\\>La \u00ab\u00a0\\<b\\>programmation pluriannuelle de l'\u00e9nergie\\<\\\/b\\>\u00a0\u00bb \\(<span class='tooltipsall tooltip_post_id_7750 classtoolTips164'>PPE<\/span>\\) est, en France, un document strat\u00e9gique de pilotage de la transition \u00e9nerg\u00e9tique\\. Institu\u00e9e par l'article 176 de la \\<a title\\='Loi relative \u00e0 la transition \u00e9nerg\u00e9tique pour la croissance verte' href\\='https\\:\\\/\\\/fr\\.wikipedia\\.org\\\/wiki\\\/Loi_relative_%C3%A0_la_transition_%C3%A9nerg%C3%A9tique_pour_la_croissance_verte'\\>loi de transition \u00e9nerg\u00e9tique\\<\\\/a\\> \\(TECV\\), elle fixe une trajectoire pour le \\<a title\\='Mix \u00e9nerg\u00e9tique' href\\='https\\:\\\/\\\/fr\\.wikipedia\\.org\\\/wiki\\\/Mix_%C3%A9nerg%C3%A9tique'\\>mix \u00e9nerg\u00e9tique\\<\\\/a\\>, ainsi que \\<span class\\='citation'\\>\u00ab\u00a0les priorit\u00e9s d'action pour la gestion de l\u2019ensemble des formes d'\u00e9nergie sur le territoire m\u00e9tropolitain continental, afin d\u2019atteindre les objectifs nationaux fix\u00e9s par la loi\u00a0\u00bb\\<\\\/span\\>\\. \\(Wikip\u00e9dia\\)\\<\\\/p\\>\"; toolTips('.classtoolTips164',tt_store_content,'7750'); <\/script><script type=\"text\/javascript\"> var tt_store_content = \"\\<p style\\='text\\-align\\: justify'\\>La \u00ab\u00a0\\<b\\>programmation pluriannuelle de l'\u00e9nergie\\<\\\/b\\>\u00a0\u00bb \\(PPE\\) est, en France, un document strat\u00e9gique de pilotage de la transition \u00e9nerg\u00e9tique\\. Institu\u00e9e par l'article 176 de la \\<a title\\='Loi relative \u00e0 la transition \u00e9nerg\u00e9tique pour la croissance verte' href\\='https\\:\\\/\\\/fr\\.wikipedia\\.org\\\/wiki\\\/Loi_relative_%C3%A0_la_transition_%C3%A9nerg%C3%A9tique_pour_la_croissance_verte'\\>loi de transition \u00e9nerg\u00e9tique\\<\\\/a\\> \\(TECV\\), elle fixe une trajectoire pour le \\<a title\\='Mix \u00e9nerg\u00e9tique' href\\='https\\:\\\/\\\/fr\\.wikipedia\\.org\\\/wiki\\\/Mix_%C3%A9nerg%C3%A9tique'\\>mix \u00e9nerg\u00e9tique\\<\\\/a\\>, ainsi que \\<span class\\='citation'\\>\u00ab\u00a0les priorit\u00e9s d'action pour la gestion de l\u2019ensemble des formes d'\u00e9nergie sur le territoire m\u00e9tropolitain continental, afin d\u2019atteindre les objectifs nationaux fix\u00e9s par la loi\u00a0\u00bb\\<\\\/span\\>\\. \\(Wikip\u00e9dia\\)\\<\\\/p\\>\"; toolTips('.classtoolTips164',tt_store_content,'7750'); <\/script><script type=\"text\/javascript\"> var tt_store_content = \"\\<p style\\='text\\-align\\: justify;'\\>Le Conseil d'Orientation des Retraites est une instance qui r\u00e9unit &nbsp;\\<span class\\='st'\\>les principaux acteurs du champ des retraites\\<\\\/span\\> et effectue un travail d'\u00e9tudes et de concertation\\. Compos\u00e9 de parlementaires, de repr\u00e9sentants des organisations professionnelles et syndicales, des retrait\u00e9s et des familles, de membres de l'administration et d'experts, le Conseil d'orientation des retraites \\(<span class='tooltipsall tooltip_post_id_7751 classtoolTips165'>COR<\/span>\\) est plac\u00e9 aupr\u00e8s du Premier ministre\\.\\<\\\/p\\>\"; toolTips('.classtoolTips165',tt_store_content,'7751'); <\/script><script type=\"text\/javascript\"> var tt_store_content = \"Energies Renouvelables\"; toolTips('.classtoolTips167',tt_store_content,'7758'); <\/script><script type=\"text\/javascript\"> var tt_store_content = \"Energies Renouvelables\"; toolTips('.classtoolTips167',tt_store_content,'7758'); <\/script><script type=\"text\/javascript\"> var tt_store_content = \"\\<p style\\='text\\-align\\: center;'\\>\\<span style\\='font\\-size\\: 14pt;'\\>\\<strong\\>O\\<\\\/strong\\>rganisation \\<strong\\>M\\<\\\/strong\\>\u00e9t\u00e9orologique \\<strong\\>M\\<\\\/strong\\>ondiale<br\/>\\<strong\\>W\\<\\\/strong\\>orld \\<strong\\>M\\<\\\/strong\\>eteorological \\<strong\\>O\\<\\\/strong\\>rganization\\<\\\/span\\>\\<\\\/p\\><br\/>&nbsp;<br\/><br\/>\\<a href\\='https\\:\\\/\\\/public\\.wmo\\.int\\\/fr' target\\='_blank' rel\\='noopener'\\>\\<em\\>Acc\u00e9der ici au site de l'organisation\\<\\\/em\\>\\<\\\/a\\>\"; toolTips('.classtoolTips168',tt_store_content,'7763'); <\/script><script type=\"text\/javascript\"> var tt_store_content = \"\\<p style\\='text\\-align\\: center;'\\>\\<span style\\='font\\-size\\: 14pt;'\\>\\<strong\\>\u00c9\\<\\\/strong\\>cole \\<strong\\>N\\<\\\/strong\\>ationale d'\\<strong\\>A\\<\\\/strong\\>dministration\\<\\\/span\\>\\<\\\/p\\>\"; toolTips('.classtoolTips170',tt_store_content,'5213'); <\/script><script type=\"text\/javascript\"> var tt_store_content = \"\\<p style\\='text\\-align\\: center;'\\>\\<span style\\='font\\-size\\: 14pt;'\\>\u00c9cole des<br\/>\\<strong\\>H\\<\\\/strong\\>autes \\<strong\\>\u00c9\\<\\\/strong\\>tudes \\<strong\\>C\\<\\\/strong\\>ommerciales\\<\\\/span\\>\\<\\\/p\\>\"; toolTips('.classtoolTips171',tt_store_content,'5214'); <\/script><script type=\"text\/javascript\"> var tt_store_content = \"\\<p style\\='text\\-align\\: justify'\\>\\<span class\\='ILfuVd'\\>La politique agricole commune \\(\\<b\\><span class='tooltipsall tooltip_post_id_11364 classtoolTips174'>PAC<\/span>\\<\\\/b\\>\\) est une politique mise en place \u00e0 l'\u00e9chelle de l'Union europ\u00e9enne\\. \u00c0 l'origine, elle est fond\u00e9e principalement sur des mesures de contr\u00f4le des prix et de subventionnement, visant \u00e0 moderniser et d\u00e9velopper l'agriculture\\.\\<\\\/span\\> \\(source Wikipedia\\)\\<\\\/p\\>\"; toolTips('.classtoolTips174',tt_store_content,'11364'); <\/script><script type=\"text\/javascript\"> var tt_store_content = \"\\<p style\\='text\\-align\\: center;'\\>\\<span style\\='font\\-size\\: 14pt;'\\>\\<strong\\>P\\<\\\/strong\\>\\<\\\/span\\>\\<span style\\='font\\-size\\: 14pt;'\\>lan \\<strong\\>L\\<\\\/strong\\>\\<\\\/span\\>\\<span style\\='font\\-size\\: 14pt;'\\>ocal d'\\<strong\\>U\\<\\\/strong\\>\\<\\\/span\\>\\<span style\\='font\\-size\\: 14pt;'\\>rbanisme\\<\\\/span\\>\\<\\\/p\\><br\/>&nbsp;\"; toolTips('.classtoolTips176',tt_store_content,'4979'); <\/script><script type=\"text\/javascript\"> var tt_store_content = \"\\<p\\>Conseil \u00c9conomique et Social\\<\\\/p\\>\"; toolTips('.classtoolTips180',tt_store_content,'29829'); <\/script><script type=\"text\/javascript\"> var tt_store_content = \"\\<p style\\='text\\-align\\: center;'\\>\\<span style\\='font\\-size\\: 14pt;'\\>\\<strong\\>A\\<\\\/strong\\>gence \\<strong\\>R\\<\\\/strong\\>\u00e9gionale de \\<strong\\>S\\<\\\/strong\\>ant\u00e9\\<\\\/span\\>\\<\\\/p\\>\"; toolTips('.classtoolTips188',tt_store_content,'18356'); <\/script><script type=\"text\/javascript\"> var tt_store_content = \"\\<p style\\='text\\-align\\: center;'\\>\\<span style\\='font\\-size\\: 14pt;'\\>\\<strong\\>G\\<\\\/strong\\>roupement \\<strong\\>H\\<\\\/strong\\>ospitalier de \\<strong\\>T\\<\\\/strong\\>erritoire\\<\\\/span\\>\\<\\\/p\\><br\/>\\<p style\\='text\\-align\\: justify;'\\>Les groupements hospitaliers de territoires, dispositif pr\u00e9vu par la loi de sant\u00e9 2016, sont un nouveau mode de coop\u00e9ration entre les \u00e9tablissements publics de sant\u00e9 \u00e0 l\u2019\u00e9chelle d\u2019un territoire\\<\\\/p\\>\"; toolTips('.classtoolTips189',tt_store_content,'18358'); <\/script><script type=\"text\/javascript\"> var tt_store_content = \"\\<p style\\='text\\-align\\: center;'\\>\\<span style\\='font\\-size\\: 14pt;'\\>\\<strong\\>C\\<\\\/strong\\>omit\u00e9 \\<strong\\>T\\<\\\/strong\\>echnique d'\\<strong\\>\u00c9\\<\\\/strong\\>tablissement\\<\\\/span\\>\\<\\\/p\\>\"; toolTips('.classtoolTips191',tt_store_content,'18359'); <\/script><script type=\"text\/javascript\"> var tt_store_content = \"\\<p style\\='text\\-align\\: center;'\\>\\<strong\\>\\<span style\\='font\\-size\\: 14pt;'\\>P\\<\\\/span\\>\\<\\\/strong\\>\\<span style\\='font\\-size\\: 14pt;'\\>rogrammation \\<strong\\>P\\<\\\/strong\\>luri\\-annuelle de l'\\<strong\\>\u00c9\\<\\\/strong\\>nergie\\<\\\/span\\>\\<\\\/p\\><br\/>La PPE est est en France un document strat\u00e9gique de pilotage de la transition \u00e9nerg\u00e9tique\\. Institu\u00e9e par l'article 176 de la loi transition \u00e9nerg\u00e9tique \\(TECV\\)\\. Elle fixe \\(par \u00e9nergie\\) une trajectoire pour le mix \u00e9nerg\u00e9tique, ainsi que \u00ab&nbsp;\\<em\\>les priorit\u00e9s d'action pour la gestion de l\u2019ensemble des formes d'\u00e9nergie sur le territoire m\u00e9tropolitain continental, afin d\u2019atteindre les objectifs nationaux fix\u00e9s par la loi\\<\\\/em\\>&nbsp;\u00bb\\.<br\/><br\/>Initi\u00e9e en 2016, elle est r\u00e9vis\u00e9e en 2018 puis ensuite tous les 5 ans\\.<br\/><br\/>\\<a href\\='https\\:\\\/\\\/fr\\.wikipedia\\.org\\\/wiki\\\/Programmation_pluriannuelle_de_l'\u00e9nergi' target\\='_blank' rel\\='noopener'\\>\\<em\\>Voir ici la page Wikipedia consacr\u00e9e \u00e0 la PPE\\<\\\/em\\>\\<\\\/a\\><br\/>\\<a href\\='https\\:\\\/\\\/ppe\\.debatpublic\\.fr\\\/' target\\='_blank' rel\\='noopener'\\>\\<em\\>Voir ici la page du site 'Commission du D\u00e9bat Public' consacr\u00e9e \u00e0 la PPE\\<\\\/em\\>\\<\\\/a\\>\"; toolTips('.classtoolTips193',tt_store_content,'7102'); <\/script><script type=\"text\/javascript\"> var tt_store_content = \"\\<p style\\='text\\-align\\: center;'\\>\\<span style\\='font\\-size\\: 14pt;'\\>\\<strong\\>E\\<\\\/strong\\>volutionary \\<strong\\>P\\<\\\/strong\\>ower \\<strong\\>R\\<\\\/strong\\>eactor\\<\\\/span\\>\\<\\\/p\\><br\/>\\<p style\\='text\\-align\\: justify;'\\>R\u00e9acteur nucl\u00e9aire de troisi\u00e8me g\u00e9n\u00e9ration \\(classification internationale\\), con\u00e7u et d\u00e9velopp\u00e9 par <span class='tooltipsall tooltip_post_id_5121 classtoolTips35'>Areva NP<\/span>&nbsp; au cours des ann\u00e9es 1990 et 2000\\. Il fait partie de la fili\u00e8re des r\u00e9acteurs \u00e0 eau pressuris\u00e9e\\.\\<\\\/p\\><br\/>\\<a href\\='https\\:\\\/\\\/fr\\.wikipedia\\.org\\\/wiki\\\/R%C3%A9acteur_pressuris%C3%A9_europ%C3%A9en' target\\='_blank' rel\\='noopener'\\>\\<em\\>Voir ici la fiche Wikipedia <span class='tooltipsall tooltip_post_id_5579 classtoolTips196'>EPR<\/span>\\<\\\/em\\>\\<\\\/a\\>\"; toolTips('.classtoolTips196',tt_store_content,'5579'); <\/script><script type=\"text\/javascript\"> var tt_store_content = \"\\<p style\\='text\\-align\\: center;'\\>\\<strong\\>R\\<\\\/strong\\>\u00e9seau \\<strong\\>A\\<\\\/strong\\>ction \\<strong\\>C\\<\\\/strong\\>limat\\<\\\/p\\><br\/>Le r\u00e9seau Action Climat '\\<em\\>f\u00e9d\u00e8re les associations impliqu\u00e9es dans la lutte contre les changements climatiques et pour une transition \u00e9cologique, solidaire et \u00e9quitable\\<\\\/em\\>'\\.<br\/><br\/>\\<a href\\='https\\:\\\/\\\/reseauactionclimat\\.org\\\/' target\\='_blank' rel\\='noopener'\\>Voir le site du <span class='tooltipsall tooltip_post_id_4309 classtoolTips200'>RAC<\/span>\\<\\\/a\\>\"; toolTips('.classtoolTips200',tt_store_content,'4309'); <\/script><script type=\"text\/javascript\"> var tt_store_content = \"\\<p style\\='text\\-align\\: center;'\\>\\<strong\\>\\<span style\\='font\\-size\\: 14pt;'\\>R\\<\\\/span\\>\\<\\\/strong\\>\\<span style\\='font\\-size\\: 14pt;'\\>eferendum d'\\<strong\\>I\\<\\\/strong\\>nitiative \\<strong\\>C\\<\\\/strong\\>itoyenne\\<\\\/span\\>\\<\\\/p\\>\"; toolTips('.classtoolTips205',tt_store_content,'12268'); <\/script><script type=\"text\/javascript\"> var tt_store_content = \"\\<p\\><span class='tooltipsall tooltip_post_id_25844 classtoolTips208'>RTE<\/span> \\= R\u00e9seau de Transport d'Electricit\u00e9 est une filiale d'<span class='tooltipsall tooltip_post_id_7035 classtoolTips178'>EDF<\/span> qui est l'actionnaire majoritaire avec 50,1% des parts le reste \u00e9tant partag\u00e9 par la CDC et la CNP\\<\\\/p\\>\"; toolTips('.classtoolTips208',tt_store_content,'25844'); <\/script><script type=\"text\/javascript\"> var tt_store_content = \"\\<p style\\='text\\-align\\: center;'\\>\\<span style\\='font\\-size\\: 14pt;'\\>\\<strong\\>O\\<\\\/strong\\>rganisation\\<strong\\> N\\<\\\/strong\\>on\\<strong\\> G\\<\\\/strong\\>ouvernementale\\<\\\/span\\>\\<\\\/p\\><br\/>Une organisation non gouvernementale \\(<span class='tooltipsall tooltip_post_id_3579 classtoolTips210'>ONG<\/span>\\) est une \\<a title\\='Association \u00e0 but non lucratif' href\\='https\\:\\\/\\\/fr\\.wikipedia\\.org\\\/wiki\\\/Association_%C3%A0_but_non_lucratif' target\\='_blank' rel\\='noopener'\\>association \u00e0 but non lucratif\\<\\\/a\\>, d'int\u00e9r\u00eat public, qui ne rel\u00e8ve ni de l'\u00c9tat, ni d'institutions internationales\\<sup id\\='cite_ref\\-novethic_1\\-0' class\\='reference'\\>\\<\\\/sup\\>\\. Les ONG n'ont pas le statut de sujet de \\<a title\\='Droit international public' href\\='https\\:\\\/\\\/fr\\.wikipedia\\.org\\\/wiki\\\/Droit_international_public' target\\='_blank' rel\\='noopener'\\>droit international\\<\\\/a\\>\\.\"; toolTips('.classtoolTips210',tt_store_content,'3579'); <\/script><script type=\"text\/javascript\"> var tt_store_content = \"\\<p style\\='text\\-align\\: center;'\\>\\<span style\\='font\\-size\\: 14pt;'\\>\\<strong\\>O\\<\\\/strong\\>rganisation\\<strong\\> N\\<\\\/strong\\>on\\<strong\\> G\\<\\\/strong\\>ouvernementale\\<\\\/span\\>\\<\\\/p\\><br\/>Une organisation non gouvernementale \\(ONG\\) est une \\<a title\\='Association \u00e0 but non lucratif' href\\='https\\:\\\/\\\/fr\\.wikipedia\\.org\\\/wiki\\\/Association_%C3%A0_but_non_lucratif' target\\='_blank' rel\\='noopener'\\>association \u00e0 but non lucratif\\<\\\/a\\>, d'int\u00e9r\u00eat public, qui ne rel\u00e8ve ni de l'\u00c9tat, ni d'institutions internationales\\<sup id\\='cite_ref\\-novethic_1\\-0' class\\='reference'\\>\\<\\\/sup\\>\\. Les ONG n'ont pas le statut de sujet de \\<a title\\='Droit international public' href\\='https\\:\\\/\\\/fr\\.wikipedia\\.org\\\/wiki\\\/Droit_international_public' target\\='_blank' rel\\='noopener'\\>droit international\\<\\\/a\\>\\.\"; toolTips('.classtoolTips210',tt_store_content,'3579'); <\/script><script type=\"text\/javascript\"> var tt_store_content = \"\\<p\\><span class='tooltipsall tooltip_post_id_24572 classtoolTips211'>MIT<\/span> \\= Massachussets Institute of Technology, prestigieuse universit\u00e9 am\u00e9ricaine de la c\u00f4te est\\<\\\/p\\>\"; toolTips('.classtoolTips211',tt_store_content,'24572'); <\/script><script type=\"text\/javascript\"> var tt_store_content = \"\\<p style\\='text\\-align\\: center;'\\>\\<strong\\>J\\<\\\/strong\\>eux \\<strong\\>O\\<\\\/strong\\>lympiques<br\/>ou<br\/>\\<strong\\>J\\<\\\/strong\\>ournal \\<strong\\>O\\<\\\/strong\\>fficiel de la R\u00e9publique Fran\u00e7aise\\<\\\/p\\>\"; toolTips('.classtoolTips213',tt_store_content,'4451'); <\/script><script type=\"text\/javascript\"> var tt_store_content = \"\\<p\\><span class='tooltipsall tooltip_post_id_30593 classtoolTips214'>RN<\/span> \\= Rassemble National, c'est le parti d'extr\u00eame droite de Marine Le Pen qui succ\u00e8de au FN \\= Front National fond\u00e9 par son p\u00e8re Jean Marie Le Pen\\<\\\/p\\>\"; toolTips('.classtoolTips214',tt_store_content,'30593'); <\/script><script type=\"text\/javascript\"> var tt_store_content = \"\\<p style\\='text\\-align\\: center;'\\>\\<span style\\='font\\-size\\: 14pt;'\\>\\<strong\\>C\\<\\\/strong\\>entre \\<strong\\>H\\<\\\/strong\\>ospitalier\\<\\\/span\\>\\<\\\/p\\>\"; toolTips('.classtoolTips220',tt_store_content,'18357'); <\/script><script type=\"text\/javascript\"> var tt_store_content = \"\\<p\\>D\u00e9chets radioactifs \u00e0 Haute Activit\u00e9 \\(classement <span class='tooltipsall tooltip_post_id_3612 classtoolTips79'>ANDRA<\/span>\\)\\<\\\/p\\>\"; toolTips('.classtoolTips223',tt_store_content,'19196'); <\/script>_______________________<br>Notes<ol class=\"footnotes\"><li id=\"footnote_1_19914\" class=\"footnote\"><a href=\"https:\/\/fr.wikipedia.org\/wiki\/%C3%89lection_pr%C3%A9sidentielle_fran%C3%A7aise_de_2017#R%C3%A9sultats\" target=\"_blank\" rel=\"noopener noreferrer\">source Wikipedia pour les chiffres<\/a><span class=\"footnote-back-link-wrapper\">[<a href=\"#identifier_1_19914\" class=\"footnote-link footnote-back-link\">&#8617;<\/a>]<\/span><\/li><li id=\"footnote_2_19914\" class=\"footnote\">voir les r\u00e9centes coupes dans le budget de Radio France<span class=\"footnote-back-link-wrapper\">[<a href=\"#identifier_2_19914\" class=\"footnote-link footnote-back-link\">&#8617;<\/a>]<\/span><\/li><li id=\"footnote_3_19914\" class=\"footnote\">article paru dans Les Echos, le 16 octobre 2019<span class=\"footnote-back-link-wrapper\">[<a href=\"#identifier_3_19914\" class=\"footnote-link footnote-back-link\">&#8617;<\/a>]<\/span><\/li><li id=\"footnote_4_19914\" class=\"footnote\">un peu comme le r\u00e9chauffement climatique, qui ne s&rsquo;impose \u00e0 l&rsquo;esprit de certains que lorsque la chaleur est devenue insoutenable<span class=\"footnote-back-link-wrapper\">[<a href=\"#identifier_4_19914\" class=\"footnote-link footnote-back-link\">&#8617;<\/a>]<\/span><\/li><li id=\"footnote_5_19914\" class=\"footnote\">contact\u00e9 r\u00e9cemment, un des administrateurs du site a pris en compte mes remarques et des \u00e9volutions devraient se faire jour tr\u00e8s prochainement<span class=\"footnote-back-link-wrapper\">[<a href=\"#identifier_5_19914\" class=\"footnote-link footnote-back-link\">&#8617;<\/a>]<\/span><\/li><li id=\"footnote_6_19914\" class=\"footnote\">c&rsquo;est peut-\u00eatre pour cela qu&rsquo;Emmanuel Macron envisage de modifier le dispositif&nbsp; du RIP en limitant le nombre de soutiens \u00e0 1 million et non plus 10 % du corps \u00e9lectoral (je donne d&rsquo;une main) mais en r\u00e9duisant sa port\u00e9e aux lois en vigueur depuis au moins quatre ans (.. et je reprends de l&rsquo;autre). Il faut imaginer ce que repr\u00e9senterait le fait d&rsquo;annuler la privatisation du Groupe A\u00e9roports de Paris apr\u00e8s quatre ans&#8230;<span class=\"footnote-back-link-wrapper\">[<a href=\"#identifier_6_19914\" class=\"footnote-link footnote-back-link\">&#8617;<\/a>]<\/span><\/li><li id=\"footnote_7_19914\" class=\"footnote\">d\u00e9tenu \u00e0 100 % par l&rsquo;Etat Fran\u00e7ais<span class=\"footnote-back-link-wrapper\">[<a href=\"#identifier_7_19914\" class=\"footnote-link footnote-back-link\">&#8617;<\/a>]<\/span><\/li><li id=\"footnote_8_19914\" class=\"footnote\">50,6 % du capital, soit plus de 50 millions d&rsquo;actions sur les 99 millions qui composent ce capital (chiffres au 31\/12\/2018) \u2013 source https:\/\/www.parisaeroport.fr\/groupe\/finance\/actions-aeroports-de-paris\/actionnariat<span class=\"footnote-back-link-wrapper\">[<a href=\"#identifier_8_19914\" class=\"footnote-link footnote-back-link\">&#8617;<\/a>]<\/span><\/li><li id=\"footnote_9_19914\" class=\"footnote\">plus pr\u00e9cis\u00e9ment, il a \u00e9t\u00e9 multipli\u00e9 par 3,4<span class=\"footnote-back-link-wrapper\">[<a href=\"#identifier_9_19914\" class=\"footnote-link footnote-back-link\">&#8617;<\/a>]<\/span><\/li><li id=\"footnote_10_19914\" class=\"footnote\">source A\u00e9roports de Paris<span class=\"footnote-back-link-wrapper\">[<a href=\"#identifier_10_19914\" class=\"footnote-link footnote-back-link\">&#8617;<\/a>]<\/span><\/li><li id=\"footnote_11_19914\" class=\"footnote\">Plan d&rsquo;Action pour la Croissance et la Transformation des Entreprises &#8211; Cette loi, parfois qualifi\u00e9e de loi \u00ab\u00a0fourre-tout\u00a0\u00bb contient entre autres mesures la privatisation du groupe A\u00e9roports de Paris et celle de la Fran\u00e7aise des Jeux. Le S\u00e9nat a vot\u00e9 contre ces deux privatisations<span class=\"footnote-back-link-wrapper\">[<a href=\"#identifier_11_19914\" class=\"footnote-link footnote-back-link\">&#8617;<\/a>]<\/span><\/li><li id=\"footnote_12_19914\" class=\"footnote\">cette couche, qui entoure notre plan\u00e8te, nous prot\u00e8ge de l&rsquo;action n\u00e9faste des rayonnements ultra violets d\u2019origine solaire<span class=\"footnote-back-link-wrapper\">[<a href=\"#identifier_12_19914\" class=\"footnote-link footnote-back-link\">&#8617;<\/a>]<\/span><\/li><li id=\"footnote_13_19914\" class=\"footnote\">anciennement France Telecom<span class=\"footnote-back-link-wrapper\">[<a href=\"#identifier_13_19914\" class=\"footnote-link footnote-back-link\">&#8617;<\/a>]<\/span><\/li><li id=\"footnote_14_19914\" class=\"footnote\">ce que l&rsquo;on appelle les \u00ab\u00a0fonctions r\u00e9galiennes de l\u2019\u00c9tat\u00a0\u00bb<span class=\"footnote-back-link-wrapper\">[<a href=\"#identifier_14_19914\" class=\"footnote-link footnote-back-link\">&#8617;<\/a>]<\/span><\/li><li id=\"footnote_15_19914\" class=\"footnote\">remplacement de l&rsquo;ISF en IFI, \u00ab\u00a0flat tax\u00a0\u00bb, transformation du CICE en baisse permanente des charges, baisse \u00e0 venir de l&rsquo;imp\u00f4t sur les soci\u00e9t\u00e9s, suppression progressive de la taxe d&rsquo;habitation, baisse annonc\u00e9e de l&rsquo;imp\u00f4t sur le revenu, etc.<span class=\"footnote-back-link-wrapper\">[<a href=\"#identifier_15_19914\" class=\"footnote-link footnote-back-link\">&#8617;<\/a>]<\/span><\/li><li id=\"footnote_16_19914\" class=\"footnote\">Refrendum d&rsquo;Initiative Partag\u00e9e<span class=\"footnote-back-link-wrapper\">[<a href=\"#identifier_16_19914\" class=\"footnote-link footnote-back-link\">&#8617;<\/a>]<\/span><\/li><li id=\"footnote_17_19914\" class=\"footnote\">par une modification de la Constitution<span class=\"footnote-back-link-wrapper\">[<a href=\"#identifier_17_19914\" class=\"footnote-link footnote-back-link\">&#8617;<\/a>]<\/span><\/li><li id=\"footnote_18_19914\" class=\"footnote\">les personnes inscrites sur les listes \u00e9lectorales<span class=\"footnote-back-link-wrapper\">[<a href=\"#identifier_18_19914\" class=\"footnote-link footnote-back-link\">&#8617;<\/a>]<\/span><\/li><li id=\"footnote_19_19914\" class=\"footnote\">exactement \u00ab\u00a0Proposition de loi pr\u00e9sent\u00e9e en application de l&rsquo;article 11 de la Consitution et visant \u00e0 affirmer le caract\u00e8re de service public national de l\u2019exploitation des a\u00e9rodromes de Paris\u00a0\u00bb<span class=\"footnote-back-link-wrapper\">[<a href=\"#identifier_19_19914\" class=\"footnote-link footnote-back-link\">&#8617;<\/a>]<\/span><\/li><\/ol>_______________________","protected":false},"excerpt":{"rendered":"<p>Apr\u00e8s des d\u00e9buts prometteurs qui, malheureusement, n&rsquo;ont pas dur\u00e9 plus d&rsquo;une vingtaine de jours, le nombre de soutiens au Referendum d&rsquo;Initiative Partag\u00e9e, visant \u00e0 \u00e9viter la privatisation du groupe A\u00e9roports de Paris, est aujourd&rsquo;hui tr\u00e8s nettement inf\u00e9rieur \u00e0 ce qu&rsquo;il devrait \u00eatre. La moyenne quotidienne des soutiens obtenus d\u00e9cro\u00eet de fa\u00e7on d\u00e9sesp\u00e9rante depuis maintenant trois mois, laissant augurer d&rsquo;un \u00e9chec. Quelles sont les causes de cette situation, quels sont les moyens pour inverser la tendance et qu&rsquo;est-ce qui est en jeu ?<br \/>\n<script type=\"text\/javascript\"> var tt_store_content = \"En France, il existe deux moyens principaux pour cr\u00e9er ou modifier une loi\\:<br \/>\\<ul\\> \t\\<li\\>le \\<strong\\><span class='tooltipsall tooltip_post_id_6375 classtoolTips9'>projet de loi<\/span>\\<\\\/strong\\>, qui \u00e9mane du gouvernement,\\<\\\/li\\><br \/> \t\\<li\\>la \\<strong\\><span class='tooltipsall tooltip_post_id_6375 classtoolTips9'>proposition de loi<\/span>\\<\\\/strong\\>, qui \u00e9mane d'un ou plusieurs parlementaires\\. &nbsp;\\<\\\/li\\><br \/>\\<\\\/ul\\>\"; toolTips('.classtoolTips9',tt_store_content,'6375'); <\/script><script type=\"text\/javascript\"> var tt_store_content = \"\\<\/p>\n<p style\\='text\\-align\\: justify;'\\>La '<span class='tooltipsall tooltip_post_id_8255 classtoolTips41'>flat tax<\/span>' est un imp\u00f4t forfaitaire proportionnel qui applique un taux unique d'imposition \u00e0 tous les revenus de l'\u00e9pargne\\: \\: dividendes, assurance\\-vie, int\u00e9r\u00eats, plus\\-values, revenus fonciers\\.\\.\\. Auparavant, <span class='tooltipsall tooltip_post_id_29829 classtoolTips180'>ces<\/span> revenus se voyaient appliquer des r\u00e9gimes fiscaux diff\u00e9rents\\.&nbsp;\\<\\\/p\\><br \/>\\<\/p>\n<p style\\='text\\-align\\: justify;'\\>Mise en place dans la loi de finances pour 2018, cette mesure amputera le budget de l'\u00c9tat d'environ 1,5 milliards \u20ac par an, selon le minist\u00e8re des Finances\\.\\<\\\/p\\><br \/>\\<\/p>\n<p style\\='text\\-align\\: justify;'\\>Or, selon l'\u00e9conomiste Gabriel Zucman, cette amputation pourrait se situer \u00e0 un niveau 10 fois sup\u00e9rieur \\(15 milliards\\)\\. En effet, les cadres sup\u00e9rieurs d'une entreprise auront int\u00e9r\u00eat \u00e0 se faire r\u00e9mun\u00e9rer en actions plut\u00f4t qu'en salaire, car le capital est, en France moins impos\u00e9 que le travail\\. L'estimation de Bercy porte sur la d\u00e9tention actuelle de valeurs mobili\u00e8res et ne tient pas compte de cette nouvelle forme d'\u00e9vasion fiscale \\(pardon, 'optimisation fiscale'\\)\\.\\<\\\/p\\>\"; toolTips('.classtoolTips41',tt_store_content,'8255'); <\/script><script type=\"text\/javascript\"> var tt_store_content = \"\\<\/p>\n<p style\\='text\\-align\\: center;'\\>\\<span style\\='font\\-size\\: 14pt;'\\>\\<strong\\>C\\<\\\/strong\\>r\u00e9dit d'Imp\u00f4t pour la \\<strong\\>C\\<\\\/strong\\>omp\u00e9titivit\u00e9 et l'\\<strong\\>E\\<\\\/strong\\>mploi\\<\\\/span\\>\\<\\\/p\\><br \/>\\<\/p>\n<p style\\='text\\-align\\: justify;'\\>Mesure mise en place par le gouvernement de Jean\\-Marc Ayrault, en 2012 et entr\u00e9e en vigueur le 1\\<sup\\>er\\<\\\/sup\\> Janvier 2013, sous la pr\u00e9sidence de Fran\u00e7ois Hollande, visant \u00e0 soutenir les entreprises fran\u00e7aises par un all\u00e8gement des charges li\u00e9es aux salaires inf\u00e9rieurs \u00e0 2,5 SMIC\\. Le but de cette mesure, tr\u00e8s co\u00fbteuse pour la collectivit\u00e9 \\(13 mds \u20ac en 2013 et 20 mds&nbsp; \u20ac en 2014\\), \u00e9tait de dynamiser les embauches par les entreprises\\.<br \/>Dans les faits, elle aurait surtout servi aux entreprises \u00e0 reconstituer leurs marges et cela d'autant plus facilement qu'elle n'\u00e9tait assortie d'aucun contr\u00f4le du respect, par les entreprises, des conditions d'\u00e9ligibilit\u00e9\\.\\<\\\/p\\><br \/>\\<a href\\='https\\:\\\/\\\/fr\\.wikipedia\\.org\\\/wiki\\\/Cr%C3%A9dit_d%27imp%C3%B4t_pour_la_comp%C3%A9titivit%C3%A9_et_l%27emploi' target\\='_blank' rel\\='noopener'\\>Acc\u00e9der ici \u00e0 la fiche Wikipedia sur le <span class='tooltipsall tooltip_post_id_5648 classtoolTips102'>CICE<\/span>\\<\\\/a\\>\"; toolTips('.classtoolTips102',tt_store_content,'5648'); <\/script><script type=\"text\/javascript\"> var tt_store_content = \"Le <span class='tooltipsall tooltip_post_id_3743 classtoolTips128'>CIRC<\/span> est le&nbsp; \\<a href\\='https\\:\\\/\\\/fr\\.wikipedia\\.org\\\/wiki\\\/Centre_international_de_recherche_sur_le_cancer' target\\='_blank' rel\\='noopener'\\>Centre international de Recherche sur le Cancer\\<\\\/a\\>, cr\u00e9\u00e9 en 1965 par l\u2019\\<a href\\='https\\:\\\/\\\/fr\\.wikipedia\\.org\\\/wiki\\\/Organisation_mondiale_de_la_sant%C3%A9' target\\='_blank' rel\\='noopener'\\>Organisation Mondiale de la Sant\u00e9\\<\\\/a\\> \\(OMS\\) des \\<a href\\='https\\:\\\/\\\/fr\\.wikipedia\\.org\\\/wiki\\\/Organisation_des_Nations_unies' target\\='_blank' rel\\='noopener'\\>Nations Unies\\<\\\/a\\>\\.\"; toolTips('.classtoolTips128',tt_store_content,'3743'); <\/script><script type=\"text\/javascript\"> var tt_store_content = \"\\<p\\><span class='tooltipsall tooltip_post_id_19394 classtoolTips134'>SAGE<\/span> \\= \\<span class\\='st'\\> sch\u00e9ma d'am\u00e9nagement et de gestion de l'eau\\<\\\/span\\> , c'est un outil de planification qui concerne l'ensemble des eaux situ\u00e9es dans un bassin versant\\<\\\/p\\>\"; toolTips('.classtoolTips134',tt_store_content,'19394'); <\/script><script type=\"text\/javascript\"> var tt_store_content = \"\\<\/p>\n<p style\\='text\\-align\\: center;'\\>\\<strong\\>\\<span style\\='font\\-size\\: 14pt;'\\>S\\<\\\/span\\>\\<\\\/strong\\>\\<span style\\='font\\-size\\: 14pt;'\\>oci\u00e9t\u00e9 d'\\<strong\\>\u00c9\\<\\\/strong\\>conomie \\<strong\\>M\\<\\\/strong\\>ixte\\<\\\/span\\>\\<\\\/p\\><br \/>\\<\/p>\n<p style\\='text\\-align\\: justify;'\\>En France, une soci\u00e9t\u00e9 d'\u00e9conomie mixte est une soci\u00e9t\u00e9 anonyme dont le capital est majoritairement d\u00e9tenu par une ou plusieurs personnes publiques \\(\u00e0 savoir l'\u00c9tat, une Collectivit\u00e9 territoriale, ou tout autre \u00c9tablissement public\\)\\. Cette participation majoritaire publique est plafonn\u00e9e \u00e0 85&nbsp;% du capital depuis la Loi du 2 janvier 2002\\. Au moins une personne priv\u00e9e doit participer au capital de la <span class='tooltipsall tooltip_post_id_7168 classtoolTips142'>SEM<\/span>, sachant qu'il peut s'agir d'une autre SEM\\.\\<\\\/p\\><br \/>\\<\/p>\n<p style\\='text\\-align\\: justify;'\\>\\<strong\\>Le recours \u00e0 la SEM garantit\\<\\\/strong\\> \u00e0 la collectivit\u00e9 publique actionnaire et cocontractante \\<strong\\>la prise en compte effective de l'int\u00e9r\u00eat g\u00e9n\u00e9ral\\<\\\/strong\\> dans les objectifs de l'entreprise \\<strong\\>et la souplesse de la soci\u00e9t\u00e9 de droit priv\u00e9\\<\\\/strong\\>\\.\\<\\\/p\\><br \/>\\<em\\>\\<a href\\='https\\:\\\/\\\/fr\\.wikipedia\\.org\\\/wiki\\\/Soci%C3%A9t%C3%A9_d%27%C3%A9conomie_mixte' target\\='_blank' rel\\='noopener'\\>Voir ici la page Wikipedia consacr\u00e9e aux SEM\\<\\\/a\\> \\<\\\/em\\><\/p>\n<p>&nbsp;\"; toolTips('.classtoolTips142',tt_store_content,'7168'); <\/script><script type=\"text\/javascript\"> var tt_store_content = \"\\<\/p>\n<p style\\='text\\-align\\: center;'\\>\\<strong\\>Aide Personnalis\u00e9e au Logement\\<\\\/strong\\>\\<\\\/p\\>\"; toolTips('.classtoolTips147',tt_store_content,'3595'); <\/script><script type=\"text\/javascript\"> var tt_store_content = \"\\<\/p>\n<p style\\='text\\-align\\: center;'\\>\\<span style\\='font\\-size\\: 14pt;'\\>\\<strong\\>I\\<\\\/strong\\>mp\u00f4t sur la \\<strong\\>F\\<\\\/strong\\>ortune \\<strong\\>I\\<\\\/strong\\>mmobili\u00e8re\\<\\\/span\\>\\<\\\/p\\>\"; toolTips('.classtoolTips148',tt_store_content,'5643'); <\/script><script type=\"text\/javascript\"> var tt_store_content = \"\\<\/p>\n<p style\\='text\\-align\\: center;'\\>\\<strong\\>Imp\u00f4t de Solidarit\u00e9 sur la Fortune\\<\\\/strong\\>\\<\\\/p\\>\"; toolTips('.classtoolTips149',tt_store_content,'3596'); <\/script><script type=\"text\/javascript\"> var tt_store_content = \"\\<\/p>\n<p style\\='text\\-align\\: center;'\\>\\<span style\\='font\\-size\\: 14pt;'\\>\\<strong\\>R\\<\\\/strong\\>\u00e9pertoire \\<strong\\>N\\<\\\/strong\\>ational des \\<strong\\>A\\<\\\/strong\\>ssociations\\<\\\/span\\>\\<\\\/p\\>\"; toolTips('.classtoolTips159',tt_store_content,'24374'); <\/script><script type=\"text\/javascript\"> var tt_store_content = \"\\<\/p>\n<p style\\='text\\-align\\: center;'\\>\\<strong\\>\\<span style\\='font\\-size\\: 14pt;'\\>G\\<\\\/span\\>\\<\\\/strong\\>\\<span style\\='font\\-size\\: 14pt;'\\>az \u00e0 \\<strong\\>E\\<\\\/strong\\>ffet de \\<strong\\>S\\<\\\/strong\\>erre\\<\\\/span\\>\\<\\\/p\\><br \/>\\<\/p>\n<p style\\='text\\-align\\: justify;'\\>Les gaz \u00e0 effet de serre \\(<span class='tooltipsall tooltip_post_id_7232 classtoolTips161'>GES<\/span>\\) sont des composants gazeux qui absorbent le rayonnement infrarouge \u00e9mis par la surface terrestre et contribuent \u00e0 l'effet de serre\\. L'augmentation de leur concentration dans l'atmosph\u00e8re terrestre est l'un des facteurs \u00e0 l'origine du r\u00e9chauffement climatique\\.\\<\\\/p\\><br \/>\\<a href\\='https\\:\\\/\\\/fr\\.wikipedia\\.org\\\/wiki\\\/Gaz_%C3%A0_effet_de_serre' target\\='_blank' rel\\='noopener'\\>\\<em\\>Voir ici la fiche Wikipedia sur les gaz \u00e0 effet de serre\\<\\\/em\\>\\<\\\/a\\>\"; toolTips('.classtoolTips161',tt_store_content,'7232'); <\/script><script type=\"text\/javascript\"> var tt_store_content = \"\\<\/p>\n<p style\\='text\\-align\\: justify'\\>La \u00ab\u00a0\\<b\\>programmation pluriannuelle de l'\u00e9nergie\\<\\\/b\\>\u00a0\u00bb \\(<span class='tooltipsall tooltip_post_id_7750 classtoolTips164'>PPE<\/span>\\) est, en France, un document strat\u00e9gique de pilotage de la transition \u00e9nerg\u00e9tique\\. Institu\u00e9e par l'article 176 de la \\<a title\\='Loi relative \u00e0 la transition \u00e9nerg\u00e9tique pour la croissance verte' href\\='https\\:\\\/\\\/fr\\.wikipedia\\.org\\\/wiki\\\/Loi_relative_%C3%A0_la_transition_%C3%A9nerg%C3%A9tique_pour_la_croissance_verte'\\>loi de transition \u00e9nerg\u00e9tique\\<\\\/a\\> \\(TECV\\), elle fixe une trajectoire pour le \\<a title\\='Mix \u00e9nerg\u00e9tique' href\\='https\\:\\\/\\\/fr\\.wikipedia\\.org\\\/wiki\\\/Mix_%C3%A9nerg%C3%A9tique'\\>mix \u00e9nerg\u00e9tique\\<\\\/a\\>, ainsi que \\<span class\\='citation'\\>\u00ab\u00a0les priorit\u00e9s d'action pour la gestion de l\u2019ensemble des formes d'\u00e9nergie sur le territoire m\u00e9tropolitain continental, afin d\u2019atteindre les objectifs nationaux fix\u00e9s par la loi\u00a0\u00bb\\<\\\/span\\>\\. \\(Wikip\u00e9dia\\)\\<\\\/p\\>\"; toolTips('.classtoolTips164',tt_store_content,'7750'); <\/script><script type=\"text\/javascript\"> var tt_store_content = \"\\<\/p>\n<p style\\='text\\-align\\: justify'\\>La \u00ab\u00a0\\<b\\>programmation pluriannuelle de l'\u00e9nergie\\<\\\/b\\>\u00a0\u00bb \\(PPE\\) est, en France, un document strat\u00e9gique de pilotage de la transition \u00e9nerg\u00e9tique\\. Institu\u00e9e par l'article 176 de la \\<a title\\='Loi relative \u00e0 la transition \u00e9nerg\u00e9tique pour la croissance verte' href\\='https\\:\\\/\\\/fr\\.wikipedia\\.org\\\/wiki\\\/Loi_relative_%C3%A0_la_transition_%C3%A9nerg%C3%A9tique_pour_la_croissance_verte'\\>loi de transition \u00e9nerg\u00e9tique\\<\\\/a\\> \\(TECV\\), elle fixe une trajectoire pour le \\<a title\\='Mix \u00e9nerg\u00e9tique' href\\='https\\:\\\/\\\/fr\\.wikipedia\\.org\\\/wiki\\\/Mix_%C3%A9nerg%C3%A9tique'\\>mix \u00e9nerg\u00e9tique\\<\\\/a\\>, ainsi que \\<span class\\='citation'\\>\u00ab\u00a0les priorit\u00e9s d'action pour la gestion de l\u2019ensemble des formes d'\u00e9nergie sur le territoire m\u00e9tropolitain continental, afin d\u2019atteindre les objectifs nationaux fix\u00e9s par la loi\u00a0\u00bb\\<\\\/span\\>\\. \\(Wikip\u00e9dia\\)\\<\\\/p\\>\"; toolTips('.classtoolTips164',tt_store_content,'7750'); <\/script><script type=\"text\/javascript\"> var tt_store_content = \"\\<\/p>\n<p style\\='text\\-align\\: justify;'\\>Le Conseil d'Orientation des Retraites est une instance qui r\u00e9unit &nbsp;\\<span class\\='st'\\>les principaux acteurs du champ des retraites\\<\\\/span\\> et effectue un travail d'\u00e9tudes et de concertation\\. Compos\u00e9 de parlementaires, de repr\u00e9sentants des organisations professionnelles et syndicales, des retrait\u00e9s et des familles, de membres de l'administration et d'experts, le Conseil d'orientation des retraites \\(<span class='tooltipsall tooltip_post_id_7751 classtoolTips165'>COR<\/span>\\) est plac\u00e9 aupr\u00e8s du Premier ministre\\.\\<\\\/p\\>\"; toolTips('.classtoolTips165',tt_store_content,'7751'); <\/script><script type=\"text\/javascript\"> var tt_store_content = \"Energies Renouvelables\"; toolTips('.classtoolTips167',tt_store_content,'7758'); <\/script><script type=\"text\/javascript\"> var tt_store_content = \"Energies Renouvelables\"; toolTips('.classtoolTips167',tt_store_content,'7758'); <\/script><script type=\"text\/javascript\"> var tt_store_content = \"\\<\/p>\n<p style\\='text\\-align\\: center;'\\>\\<span style\\='font\\-size\\: 14pt;'\\>\\<strong\\>O\\<\\\/strong\\>rganisation \\<strong\\>M\\<\\\/strong\\>\u00e9t\u00e9orologique \\<strong\\>M\\<\\\/strong\\>ondiale<br \/>\\<strong\\>W\\<\\\/strong\\>orld \\<strong\\>M\\<\\\/strong\\>eteorological \\<strong\\>O\\<\\\/strong\\>rganization\\<\\\/span\\>\\<\\\/p\\><br \/>&nbsp;<\/p>\n<p>\\<a href\\='https\\:\\\/\\\/public\\.wmo\\.int\\\/fr' target\\='_blank' rel\\='noopener'\\>\\<em\\>Acc\u00e9der ici au site de l'organisation\\<\\\/em\\>\\<\\\/a\\>\"; toolTips('.classtoolTips168',tt_store_content,'7763'); <\/script><script type=\"text\/javascript\"> var tt_store_content = \"\\<\/p>\n<p style\\='text\\-align\\: center;'\\>\\<span style\\='font\\-size\\: 14pt;'\\>\\<strong\\>\u00c9\\<\\\/strong\\>cole \\<strong\\>N\\<\\\/strong\\>ationale d'\\<strong\\>A\\<\\\/strong\\>dministration\\<\\\/span\\>\\<\\\/p\\>\"; toolTips('.classtoolTips170',tt_store_content,'5213'); <\/script><script type=\"text\/javascript\"> var tt_store_content = \"\\<\/p>\n<p style\\='text\\-align\\: center;'\\>\\<span style\\='font\\-size\\: 14pt;'\\>\u00c9cole des<br \/>\\<strong\\>H\\<\\\/strong\\>autes \\<strong\\>\u00c9\\<\\\/strong\\>tudes \\<strong\\>C\\<\\\/strong\\>ommerciales\\<\\\/span\\>\\<\\\/p\\>\"; toolTips('.classtoolTips171',tt_store_content,'5214'); <\/script><script type=\"text\/javascript\"> var tt_store_content = \"\\<\/p>\n<p style\\='text\\-align\\: justify'\\>\\<span class\\='ILfuVd'\\>La politique agricole commune \\(\\<b\\><span class='tooltipsall tooltip_post_id_11364 classtoolTips174'>PAC<\/span>\\<\\\/b\\>\\) est une politique mise en place \u00e0 l'\u00e9chelle de l'Union europ\u00e9enne\\. \u00c0 l'origine, elle est fond\u00e9e principalement sur des mesures de contr\u00f4le des prix et de subventionnement, visant \u00e0 moderniser et d\u00e9velopper l'agriculture\\.\\<\\\/span\\> \\(source Wikipedia\\)\\<\\\/p\\>\"; toolTips('.classtoolTips174',tt_store_content,'11364'); <\/script><script type=\"text\/javascript\"> var tt_store_content = \"\\<\/p>\n<p style\\='text\\-align\\: center;'\\>\\<span style\\='font\\-size\\: 14pt;'\\>\\<strong\\>P\\<\\\/strong\\>\\<\\\/span\\>\\<span style\\='font\\-size\\: 14pt;'\\>lan \\<strong\\>L\\<\\\/strong\\>\\<\\\/span\\>\\<span style\\='font\\-size\\: 14pt;'\\>ocal d'\\<strong\\>U\\<\\\/strong\\>\\<\\\/span\\>\\<span style\\='font\\-size\\: 14pt;'\\>rbanisme\\<\\\/span\\>\\<\\\/p\\><br \/>&nbsp;\"; toolTips('.classtoolTips176',tt_store_content,'4979'); <\/script><script type=\"text\/javascript\"> var tt_store_content = \"\\<p\\>Conseil \u00c9conomique et Social\\<\\\/p\\>\"; toolTips('.classtoolTips180',tt_store_content,'29829'); <\/script><script type=\"text\/javascript\"> var tt_store_content = \"\\<\/p>\n<p style\\='text\\-align\\: center;'\\>\\<span style\\='font\\-size\\: 14pt;'\\>\\<strong\\>A\\<\\\/strong\\>gence \\<strong\\>R\\<\\\/strong\\>\u00e9gionale de \\<strong\\>S\\<\\\/strong\\>ant\u00e9\\<\\\/span\\>\\<\\\/p\\>\"; toolTips('.classtoolTips188',tt_store_content,'18356'); <\/script><script type=\"text\/javascript\"> var tt_store_content = \"\\<\/p>\n<p style\\='text\\-align\\: center;'\\>\\<span style\\='font\\-size\\: 14pt;'\\>\\<strong\\>G\\<\\\/strong\\>roupement \\<strong\\>H\\<\\\/strong\\>ospitalier de \\<strong\\>T\\<\\\/strong\\>erritoire\\<\\\/span\\>\\<\\\/p\\><br \/>\\<\/p>\n<p style\\='text\\-align\\: justify;'\\>Les groupements hospitaliers de territoires, dispositif pr\u00e9vu par la loi de sant\u00e9 2016, sont un nouveau mode de coop\u00e9ration entre les \u00e9tablissements publics de sant\u00e9 \u00e0 l\u2019\u00e9chelle d\u2019un territoire\\<\\\/p\\>\"; toolTips('.classtoolTips189',tt_store_content,'18358'); <\/script><script type=\"text\/javascript\"> var tt_store_content = \"\\<\/p>\n<p style\\='text\\-align\\: center;'\\>\\<span style\\='font\\-size\\: 14pt;'\\>\\<strong\\>C\\<\\\/strong\\>omit\u00e9 \\<strong\\>T\\<\\\/strong\\>echnique d'\\<strong\\>\u00c9\\<\\\/strong\\>tablissement\\<\\\/span\\>\\<\\\/p\\>\"; toolTips('.classtoolTips191',tt_store_content,'18359'); <\/script><script type=\"text\/javascript\"> var tt_store_content = \"\\<\/p>\n<p style\\='text\\-align\\: center;'\\>\\<strong\\>\\<span style\\='font\\-size\\: 14pt;'\\>P\\<\\\/span\\>\\<\\\/strong\\>\\<span style\\='font\\-size\\: 14pt;'\\>rogrammation \\<strong\\>P\\<\\\/strong\\>luri\\-annuelle de l'\\<strong\\>\u00c9\\<\\\/strong\\>nergie\\<\\\/span\\>\\<\\\/p\\><br \/>La PPE est est en France un document strat\u00e9gique de pilotage de la transition \u00e9nerg\u00e9tique\\. Institu\u00e9e par l'article 176 de la loi transition \u00e9nerg\u00e9tique \\(TECV\\)\\. Elle fixe \\(par \u00e9nergie\\) une trajectoire pour le mix \u00e9nerg\u00e9tique, ainsi que \u00ab&nbsp;\\<em\\>les priorit\u00e9s d'action pour la gestion de l\u2019ensemble des formes d'\u00e9nergie sur le territoire m\u00e9tropolitain continental, afin d\u2019atteindre les objectifs nationaux fix\u00e9s par la loi\\<\\\/em\\>&nbsp;\u00bb\\.<\/p>\n<p>Initi\u00e9e en 2016, elle est r\u00e9vis\u00e9e en 2018 puis ensuite tous les 5 ans\\.<\/p>\n<p>\\<a href\\='https\\:\\\/\\\/fr\\.wikipedia\\.org\\\/wiki\\\/Programmation_pluriannuelle_de_l'\u00e9nergi' target\\='_blank' rel\\='noopener'\\>\\<em\\>Voir ici la page Wikipedia consacr\u00e9e \u00e0 la PPE\\<\\\/em\\>\\<\\\/a\\><br \/>\\<a href\\='https\\:\\\/\\\/ppe\\.debatpublic\\.fr\\\/' target\\='_blank' rel\\='noopener'\\>\\<em\\>Voir ici la page du site 'Commission du D\u00e9bat Public' consacr\u00e9e \u00e0 la PPE\\<\\\/em\\>\\<\\\/a\\>\"; toolTips('.classtoolTips193',tt_store_content,'7102'); <\/script><script type=\"text\/javascript\"> var tt_store_content = \"\\<\/p>\n<p style\\='text\\-align\\: center;'\\>\\<span style\\='font\\-size\\: 14pt;'\\>\\<strong\\>E\\<\\\/strong\\>volutionary \\<strong\\>P\\<\\\/strong\\>ower \\<strong\\>R\\<\\\/strong\\>eactor\\<\\\/span\\>\\<\\\/p\\><br \/>\\<\/p>\n<p style\\='text\\-align\\: justify;'\\>R\u00e9acteur nucl\u00e9aire de troisi\u00e8me g\u00e9n\u00e9ration \\(classification internationale\\), con\u00e7u et d\u00e9velopp\u00e9 par <span class='tooltipsall tooltip_post_id_5121 classtoolTips35'>Areva NP<\/span>&nbsp; au cours des ann\u00e9es 1990 et 2000\\. Il fait partie de la fili\u00e8re des r\u00e9acteurs \u00e0 eau pressuris\u00e9e\\.\\<\\\/p\\><br \/>\\<a href\\='https\\:\\\/\\\/fr\\.wikipedia\\.org\\\/wiki\\\/R%C3%A9acteur_pressuris%C3%A9_europ%C3%A9en' target\\='_blank' rel\\='noopener'\\>\\<em\\>Voir ici la fiche Wikipedia <span class='tooltipsall tooltip_post_id_5579 classtoolTips196'>EPR<\/span>\\<\\\/em\\>\\<\\\/a\\>\"; toolTips('.classtoolTips196',tt_store_content,'5579'); <\/script><script type=\"text\/javascript\"> var tt_store_content = \"\\<\/p>\n<p style\\='text\\-align\\: center;'\\>\\<strong\\>R\\<\\\/strong\\>\u00e9seau \\<strong\\>A\\<\\\/strong\\>ction \\<strong\\>C\\<\\\/strong\\>limat\\<\\\/p\\><br \/>Le r\u00e9seau Action Climat '\\<em\\>f\u00e9d\u00e8re les associations impliqu\u00e9es dans la lutte contre les changements climatiques et pour une transition \u00e9cologique, solidaire et \u00e9quitable\\<\\\/em\\>'\\.<\/p>\n<p>\\<a href\\='https\\:\\\/\\\/reseauactionclimat\\.org\\\/' target\\='_blank' rel\\='noopener'\\>Voir le site du <span class='tooltipsall tooltip_post_id_4309 classtoolTips200'>RAC<\/span>\\<\\\/a\\>\"; toolTips('.classtoolTips200',tt_store_content,'4309'); <\/script><script type=\"text\/javascript\"> var tt_store_content = \"\\<\/p>\n<p style\\='text\\-align\\: center;'\\>\\<strong\\>\\<span style\\='font\\-size\\: 14pt;'\\>R\\<\\\/span\\>\\<\\\/strong\\>\\<span style\\='font\\-size\\: 14pt;'\\>eferendum d'\\<strong\\>I\\<\\\/strong\\>nitiative \\<strong\\>C\\<\\\/strong\\>itoyenne\\<\\\/span\\>\\<\\\/p\\>\"; toolTips('.classtoolTips205',tt_store_content,'12268'); <\/script><script type=\"text\/javascript\"> var tt_store_content = \"\\<p\\><span class='tooltipsall tooltip_post_id_25844 classtoolTips208'>RTE<\/span> \\= R\u00e9seau de Transport d'Electricit\u00e9 est une filiale d'<span class='tooltipsall tooltip_post_id_7035 classtoolTips178'>EDF<\/span> qui est l'actionnaire majoritaire avec 50,1% des parts le reste \u00e9tant partag\u00e9 par la CDC et la CNP\\<\\\/p\\>\"; toolTips('.classtoolTips208',tt_store_content,'25844'); <\/script><script type=\"text\/javascript\"> var tt_store_content = \"\\<\/p>\n<p style\\='text\\-align\\: center;'\\>\\<span style\\='font\\-size\\: 14pt;'\\>\\<strong\\>O\\<\\\/strong\\>rganisation\\<strong\\> N\\<\\\/strong\\>on\\<strong\\> G\\<\\\/strong\\>ouvernementale\\<\\\/span\\>\\<\\\/p\\><br \/>Une organisation non gouvernementale \\(<span class='tooltipsall tooltip_post_id_3579 classtoolTips210'>ONG<\/span>\\) est une \\<a title\\='Association \u00e0 but non lucratif' href\\='https\\:\\\/\\\/fr\\.wikipedia\\.org\\\/wiki\\\/Association_%C3%A0_but_non_lucratif' target\\='_blank' rel\\='noopener'\\>association \u00e0 but non lucratif\\<\\\/a\\>, d'int\u00e9r\u00eat public, qui ne rel\u00e8ve ni de l'\u00c9tat, ni d'institutions internationales\\<sup id\\='cite_ref\\-novethic_1\\-0' class\\='reference'\\>\\<\\\/sup\\>\\. Les ONG n'ont pas le statut de sujet de \\<a title\\='Droit international public' href\\='https\\:\\\/\\\/fr\\.wikipedia\\.org\\\/wiki\\\/Droit_international_public' target\\='_blank' rel\\='noopener'\\>droit international\\<\\\/a\\>\\.\"; toolTips('.classtoolTips210',tt_store_content,'3579'); <\/script><script type=\"text\/javascript\"> var tt_store_content = \"\\<\/p>\n<p style\\='text\\-align\\: center;'\\>\\<span style\\='font\\-size\\: 14pt;'\\>\\<strong\\>O\\<\\\/strong\\>rganisation\\<strong\\> N\\<\\\/strong\\>on\\<strong\\> G\\<\\\/strong\\>ouvernementale\\<\\\/span\\>\\<\\\/p\\><br \/>Une organisation non gouvernementale \\(ONG\\) est une \\<a title\\='Association \u00e0 but non lucratif' href\\='https\\:\\\/\\\/fr\\.wikipedia\\.org\\\/wiki\\\/Association_%C3%A0_but_non_lucratif' target\\='_blank' rel\\='noopener'\\>association \u00e0 but non lucratif\\<\\\/a\\>, d'int\u00e9r\u00eat public, qui ne rel\u00e8ve ni de l'\u00c9tat, ni d'institutions internationales\\<sup id\\='cite_ref\\-novethic_1\\-0' class\\='reference'\\>\\<\\\/sup\\>\\. Les ONG n'ont pas le statut de sujet de \\<a title\\='Droit international public' href\\='https\\:\\\/\\\/fr\\.wikipedia\\.org\\\/wiki\\\/Droit_international_public' target\\='_blank' rel\\='noopener'\\>droit international\\<\\\/a\\>\\.\"; toolTips('.classtoolTips210',tt_store_content,'3579'); <\/script><script type=\"text\/javascript\"> var tt_store_content = \"\\<p\\><span class='tooltipsall tooltip_post_id_24572 classtoolTips211'>MIT<\/span> \\= Massachussets Institute of Technology, prestigieuse universit\u00e9 am\u00e9ricaine de la c\u00f4te est\\<\\\/p\\>\"; toolTips('.classtoolTips211',tt_store_content,'24572'); <\/script><script type=\"text\/javascript\"> var tt_store_content = \"\\<\/p>\n<p style\\='text\\-align\\: center;'\\>\\<strong\\>J\\<\\\/strong\\>eux \\<strong\\>O\\<\\\/strong\\>lympiques<br \/>ou<br \/>\\<strong\\>J\\<\\\/strong\\>ournal \\<strong\\>O\\<\\\/strong\\>fficiel de la R\u00e9publique Fran\u00e7aise\\<\\\/p\\>\"; toolTips('.classtoolTips213',tt_store_content,'4451'); <\/script><script type=\"text\/javascript\"> var tt_store_content = \"\\<p\\><span class='tooltipsall tooltip_post_id_30593 classtoolTips214'>RN<\/span> \\= Rassemble National, c'est le parti d'extr\u00eame droite de Marine Le Pen qui succ\u00e8de au FN \\= Front National fond\u00e9 par son p\u00e8re Jean Marie Le Pen\\<\\\/p\\>\"; toolTips('.classtoolTips214',tt_store_content,'30593'); <\/script><script type=\"text\/javascript\"> var tt_store_content = \"\\<\/p>\n<p style\\='text\\-align\\: center;'\\>\\<span style\\='font\\-size\\: 14pt;'\\>\\<strong\\>C\\<\\\/strong\\>entre \\<strong\\>H\\<\\\/strong\\>ospitalier\\<\\\/span\\>\\<\\\/p\\>\"; toolTips('.classtoolTips220',tt_store_content,'18357'); <\/script><script type=\"text\/javascript\"> var tt_store_content = \"\\<p\\>D\u00e9chets radioactifs \u00e0 Haute Activit\u00e9 \\(classement <span class='tooltipsall tooltip_post_id_3612 classtoolTips79'>ANDRA<\/span>\\)\\<\\\/p\\>\"; toolTips('.classtoolTips223',tt_store_content,'19196'); <\/script><\/p>\n","protected":false},"author":41,"featured_media":0,"comment_status":"open","ping_status":"open","sticky":true,"template":"","format":"standard","meta":{"_acf_changed":false,"ngg_post_thumbnail":0,"_jetpack_memberships_contains_paid_content":false,"footnotes":""},"categories":[9,98],"tags":[],"coauthors":[48],"class_list":["post-19914","post","type-post","status-publish","format-standard","hentry","category-actu_gen","category-rub_pol_economie","edition-edi_00058","type_art-type_art_article","dossier-dossiers_rip_adp","no-thumb"],"acf":[],"jetpack_featured_media_url":"","jetpack_sharing_enabled":true,"jetpack_shortlink":"https:\/\/wp.me\/p9B5TM-5bc","_links":{"self":[{"href":"https:\/\/le-clairon-nouveau.fr\/wordpress\/wp-json\/wp\/v2\/posts\/19914","targetHints":{"allow":["GET"]}}],"collection":[{"href":"https:\/\/le-clairon-nouveau.fr\/wordpress\/wp-json\/wp\/v2\/posts"}],"about":[{"href":"https:\/\/le-clairon-nouveau.fr\/wordpress\/wp-json\/wp\/v2\/types\/post"}],"author":[{"embeddable":true,"href":"https:\/\/le-clairon-nouveau.fr\/wordpress\/wp-json\/wp\/v2\/users\/41"}],"replies":[{"embeddable":true,"href":"https:\/\/le-clairon-nouveau.fr\/wordpress\/wp-json\/wp\/v2\/comments?post=19914"}],"version-history":[{"count":0,"href":"https:\/\/le-clairon-nouveau.fr\/wordpress\/wp-json\/wp\/v2\/posts\/19914\/revisions"}],"wp:attachment":[{"href":"https:\/\/le-clairon-nouveau.fr\/wordpress\/wp-json\/wp\/v2\/media?parent=19914"}],"wp:term":[{"taxonomy":"category","embeddable":true,"href":"https:\/\/le-clairon-nouveau.fr\/wordpress\/wp-json\/wp\/v2\/categories?post=19914"},{"taxonomy":"post_tag","embeddable":true,"href":"https:\/\/le-clairon-nouveau.fr\/wordpress\/wp-json\/wp\/v2\/tags?post=19914"},{"taxonomy":"author","embeddable":true,"href":"https:\/\/le-clairon-nouveau.fr\/wordpress\/wp-json\/wp\/v2\/coauthors?post=19914"}],"curies":[{"name":"wp","href":"https:\/\/api.w.org\/{rel}","templated":true}]}}