{"id":20531,"date":"2019-12-23T12:30:28","date_gmt":"2019-12-23T11:30:28","guid":{"rendered":"https:\/\/le-clairon-nouveau.fr\/wordpress\/?p=20531"},"modified":"2019-12-23T10:00:05","modified_gmt":"2019-12-23T09:00:05","slug":"bataille-pour-le-nucleaire-letat-macron-et-orano-aux-avant-postes","status":"publish","type":"post","link":"https:\/\/le-clairon-nouveau.fr\/wordpress\/blog\/2019\/12\/23\/bataille-pour-le-nucleaire-letat-macron-et-orano-aux-avant-postes\/","title":{"rendered":"Bataille pour le nucl\u00e9aire, l\u2019Etat Macron et Orano aux avant-postes\u2026"},"content":{"rendered":"<p style=\"text-align: justify\"><strong>A Bruxelles<\/strong><strong>\u00a0:<\/strong> Mercredi 11 d\u00e9cembre 2019 la nouvelle pr\u00e9sidente de la commission europ\u00e9enne, Ursula von der Leyen, a pr\u00e9sent\u00e9 son <strong>\u00ab\u00a0Pacte vert\u00a0\u00bb<\/strong> dans lequel il est pr\u00e9vu d\u2019atteindre la \u00ab\u00a0neutralit\u00e9 carbone\u00a0\u00bb en 2050.<sup><a href=\"#footnote_1_20531\" id=\"identifier_1_20531\" class=\"footnote-link footnote-identifier-link\" title=\"NDLR : cette notion de &laquo;&nbsp;neutralit&eacute; carbone&nbsp;&raquo; dans les m&eacute;dias, colloques et n&eacute;gociations sur le changement climatique sans que soit toujours bien d&eacute;fini ce qu&rsquo;elle recouvre. La d&eacute;finition qui semble la plus claire est celle de l&rsquo;Iddri (Institut du D&eacute;veloppement Durable et des Relations Internationales IDDRI) d&eacute;finit comme &nbsp;&raquo;point d&rsquo;&eacute;quilibre, &agrave; un instant donn&eacute;, entre les &eacute;missions in&eacute;vitables de gaz &agrave; effet de serre provenant principalement de secteurs comme l&rsquo;agriculture et l&rsquo;industrie lourde et la quantit&eacute; de carbone que peuvent capter soit les puits de carbone naturels (for&ecirc;ts, sols, oc&eacute;ans), contraints par des limites biophysiques, soit, dans un avenir encore hypoth&eacute;tique, des technologies de capture et stockage de carbone. &nbsp;&raquo;\">(1)<\/a><\/sup> Pour ce faire et ainsi lutter contre le changement climatique, il s\u2019agit de d\u00e9finir une liste appel\u00e9e \u00ab bouquet \u00e9nerg\u00e9tique \u00bb qui s\u00e9lectionnerait les \u00e9nergies renouvelables \u00e0 \u00e9missions de CO<sub>2<\/sub> nulles ou faibles permettant d\u2019atteindre cet objectif.<br \/>\nA son arriv\u00e9e \u00e0 Bruxelles le 12 d\u00e9cembre 2019, le pr\u00e9sident fran\u00e7ais E. Macron\u00a0 d\u00e9clarait\u00a0:\u00a0\u00ab <em>Chacun doit pouvoir b\u00e2tir sa transition \u00e0 sa main [\u2026] Ce sont des solutions qui sont nationales et \u00a0le nucl\u00e9aire peut faire partie du bouquet \u00e9nerg\u00e9tique des pays, <\/em>[\u2026]<em> Le <span class='tooltipsall tooltip_post_id_20538 classtoolTips113'>GIEC<\/span> l\u2019a reconnu : le nucl\u00e9aire fait partie de la transition\u2026<\/em>\u00a0\u00bb.\u00a0 Le GIEC dont la comp\u00e9tence, l\u2019expertise et l\u2019objectivit\u00e9 sont universellement reconnues \u00e9tait utilis\u00e9 par E Macron pour donner plus de poids \u00e0 son affirmation, alors que d\u2019autres dirigeants europ\u00e9ens comme le Luxembourg, l\u2019Autriche ou l\u2019Allemagne, ne veulent pas du nucl\u00e9aire dans ce \u00ab\u00a0bouquet\u00a0\u00bb vertueux.<\/p>\n<p style=\"text-align: justify\"><strong>En France<\/strong> <strong>\u00ab\u00a0<\/strong><strong>dans le m\u00eame temps<\/strong><strong>\u00ab\u00a0<\/strong>\u00a0: l\u2019industriel du nucl\u00e9aire <span class='tooltipsall tooltip_post_id_5129 classtoolTips77'>ORANO<\/span> (ex AREVA)\u00a0\u00a0 d\u00e9veloppait dans les m\u00e9dias une campagne de communication au pr\u00e9texte de rectifier les \u00ab\u00a0id\u00e9es re\u00e7ues\u00a0\u00bb des Fran\u00e7ais sur le nucl\u00e9aire. L\u2019argument premier de cette campagne est de s\u2019appuyer sur les d\u00e9clarations du GIEC pour convaincre l\u2019opinion publique que le nucl\u00e9aire est une \u00e9nergie \u00ab\u00a0bas carbone\u00a0\u00bb<\/p>\n<p><img data-recalc-dims=\"1\" loading=\"lazy\" decoding=\"async\" class=\" wp-image-20532 aligncenter\" src=\"https:\/\/i0.wp.com\/le-clairon-nouveau.fr\/wordpress\/wp-content\/uploads\/2019\/12\/id%C3%A9es-re%C3%A7ues-Orano.jpg?resize=531%2C372&#038;ssl=1\" alt=\"\" width=\"531\" height=\"372\" srcset=\"https:\/\/i0.wp.com\/le-clairon-nouveau.fr\/wordpress\/wp-content\/uploads\/2019\/12\/id%C3%A9es-re%C3%A7ues-Orano.jpg?resize=300%2C210&amp;ssl=1 300w, https:\/\/i0.wp.com\/le-clairon-nouveau.fr\/wordpress\/wp-content\/uploads\/2019\/12\/id%C3%A9es-re%C3%A7ues-Orano.jpg?resize=768%2C536&amp;ssl=1 768w, https:\/\/i0.wp.com\/le-clairon-nouveau.fr\/wordpress\/wp-content\/uploads\/2019\/12\/id%C3%A9es-re%C3%A7ues-Orano.jpg?w=862&amp;ssl=1 862w\" sizes=\"auto, (max-width: 531px) 100vw, 531px\" \/><\/p>\n<p style=\"text-align: center\"><img data-recalc-dims=\"1\" loading=\"lazy\" decoding=\"async\" class=\" wp-image-20533 aligncenter\" src=\"https:\/\/i0.wp.com\/le-clairon-nouveau.fr\/wordpress\/wp-content\/uploads\/2019\/12\/Id%C3%A9es-recues-Orano-2.jpg?resize=532%2C273&#038;ssl=1\" alt=\"\" width=\"532\" height=\"273\" srcset=\"https:\/\/i0.wp.com\/le-clairon-nouveau.fr\/wordpress\/wp-content\/uploads\/2019\/12\/Id%C3%A9es-recues-Orano-2.jpg?resize=300%2C154&amp;ssl=1 300w, https:\/\/i0.wp.com\/le-clairon-nouveau.fr\/wordpress\/wp-content\/uploads\/2019\/12\/Id%C3%A9es-recues-Orano-2.jpg?resize=1024%2C524&amp;ssl=1 1024w, https:\/\/i0.wp.com\/le-clairon-nouveau.fr\/wordpress\/wp-content\/uploads\/2019\/12\/Id%C3%A9es-recues-Orano-2.jpg?resize=768%2C393&amp;ssl=1 768w, https:\/\/i0.wp.com\/le-clairon-nouveau.fr\/wordpress\/wp-content\/uploads\/2019\/12\/Id%C3%A9es-recues-Orano-2.jpg?w=1061&amp;ssl=1 1061w\" sizes=\"auto, (max-width: 532px) 100vw, 532px\" \/><span style=\"font-size: 10pt\"><strong><em>(Captures d\u2019\u00e9cran dossier ORANO \u00ab les id\u00e9es re\u00e7ues \u00bb)<\/em><\/strong><\/span><\/p>\n<p style=\"text-align: justify\"><strong>Que dit le GIEC ?<\/strong> La phrase exacte est \u00ab\u00a0<em>L\u2019\u00e9nergie nucl\u00e9aire est une technologie \u00e0 faible \u00e9mission de CO<sub>2<\/sub><\/em> <em>et peut contribuer \u00e0 la lutte contre le changement climatique<\/em>\u00ab\u00a0. Elle figure dans son rapport 2018 sur les cons\u00e9quences d\u2019un r\u00e9chauffement climatique de 1,5\u00b0.<br \/>\n<strong>Mais<\/strong> dans un rapport pr\u00e9c\u00e9dent, paru en 2014, le GIEC mentionne un certain nombre de risques et d\u2019obstacles au d\u00e9veloppement du nucl\u00e9aire\u00a0\u00e0 savoir : <u>des risques op\u00e9rationnels, miniers, financiers, la question non r\u00e9solue de la gestion des d\u00e9chets, mais aussi <\/u><u>\u00ab\u00a0<\/u><u>l\u2019acceptabilit\u00e9<\/u><u>\u00ab\u00a0<\/u><u> du nucl\u00e9aire par l\u2019opinion.<\/u><\/p>\n<p style=\"text-align: justify\"><strong>La communication d\u2019E. Macron et d\u2019ORANO utilise ainsi la vieille ficelle qui consiste \u00e0 fabriquer une \u00ab\u00a0preuve\u00a0\u00bb en isolant un argument du contexte g\u00e9n\u00e9ral dans lequel il est produit. L\u2019id\u00e9e, pour faire la promotion du nucl\u00e9aire aupr\u00e8s de l\u2019opinion, c\u2019est d\u2019utiliser l\u2019argument de la faible \u00e9mission de CO<sub>2<\/sub> en paravent pour masquer <u>tout<\/u> le reste. C\u2019est l\u2019arbre qui cache la for\u00eat et la for\u00eat ce sont tous les risques et probl\u00e8mes \u00e9voqu\u00e9s par le GIEC, plus ou moins connus de l\u2019opinion publique\u00a0<sup><a href=\"#footnote_2_20531\" id=\"identifier_2_20531\" class=\"footnote-link footnote-identifier-link\" title=\"les probl&egrave;mes de s&ucirc;ret&eacute; li&eacute;s aux rayonnements ionisants, les probl&egrave;mes de s&eacute;curit&eacute; li&eacute;s &agrave; la faible protection des installations, les dysfonctionnements et malfa&ccedil;ons dans la chaine de production, les probl&egrave;mes d&rsquo;entretien des r&eacute;acteurs, de stockage des d&eacute;chets, les d&eacute;rapages financiers, etc.\">(2)<\/a><\/sup><\/strong><\/p>\n<p style=\"text-align: justify\"><strong><span style=\"color: #ff0000\">Cette campagne de communication arrive \u00e0 un moment o\u00f9 l\u2019opinion est de plus en plus sensibilis\u00e9e aux probl\u00e8mes pos\u00e9s par l\u2019industrie nucl\u00e9aire, alors que l\u2019\u00e9tat Macron<\/span>, <sup><a href=\"#footnote_3_20531\" id=\"identifier_3_20531\" class=\"footnote-link footnote-identifier-link\" title=\"pouss&eacute; par l&rsquo;&eacute;lectricien nucl&eacute;aire EDF et divers lobbies\">(3)<\/a><\/sup>, <span style=\"color: #ff0000\">envisage au contraire d\u2019en poursuivre le d\u00e9veloppement en construisant de nouveaux <span class='tooltipsall tooltip_post_id_5579 classtoolTips196'>EPR<\/span>.<\/span><\/strong><\/p>\n<p style=\"text-align: justify\"><strong>De plus l\u2019argument du nucl\u00e9aire comme \u00e9metteur faible de CO<sub>2<\/sub> reste \u00e0 relativiser si l\u2019on consid\u00e8re l\u2019ensemble des <span class='tooltipsall tooltip_post_id_7232 classtoolTips161'>GES<\/span> produits tout au long de la fili\u00e8re, depuis le traitement du minerai d\u2019uranium jusqu\u2019au stockage des d\u00e9chets. <br \/>\n<\/strong><strong>Ainsi, en amont de la fili\u00e8re nucl\u00e9aire, l\u2019exemple de l\u2019usine <span class='tooltipsall tooltip_post_id_7214 classtoolTips0'>ORANO \/ Malv\u00e9si<\/span>, situ\u00e9e dans l\u2019Aude \u00e0 moins de 3 km du centre de la ville de Narbonne est \u00e9difiant.<\/strong> Cette usine transforme le minerai concentr\u00e9 d\u2019uranium, appel\u00e9 \u00ab\u00a0<span class='tooltipsall tooltip_post_id_6889 classtoolTips22'>yellow cake<\/span>\u00a0\u00bb, en tetrafluorure d\u2019uranium (UF<sub>4<\/sub>) ce qui constitue la premi\u00e8re \u00e9tape dans la fabrication du combustible nucl\u00e9aire. <sup><a href=\"#footnote_4_20531\" id=\"identifier_4_20531\" class=\"footnote-link footnote-identifier-link\" title=\"Pour plus d&rsquo;informations consulter le dossier du &laquo;&nbsp;Clairon&nbsp;&raquo; sur Orano\/Areva\/ Malv&eacute;si&nbsp;: https:\/\/le-clairon-nouveau.fr\/wordpress\/pages-visibles\/dossiers\/dossier-malvesi-areva\/\">(4)<\/a><\/sup>\n<p><span style=\"font-size: 14pt\"><strong>Les \u00e9missions de CO<sub>2<\/sub><\/strong> <\/span><strong><span style=\"font-size: 14pt\">et d\u2019autres GES de l\u2019usine Orano \/ Malv\u00e9si<\/span> <sup><a href=\"#footnote_5_20531\" id=\"identifier_5_20531\" class=\"footnote-link footnote-identifier-link\" title=\"sources&nbsp;: dossier ORANO \/ enqu&ecirc;te publique pour cr&eacute;ation d&rsquo;une installation de traitement thermique (TDN) des d&eacute;chets nitrat&eacute;s\">(5)<\/a><\/sup>\n<p style=\"text-align: justify\">L\u2019usine Orano Malv\u00e9si est r\u00e9put\u00e9e traiter entre 1\/4 et 1\/5 du minerai d\u2019uranium mondial. Apr\u00e8s plus de 50 ann\u00e9es de fonctionnement cette usine a accumul\u00e9 pr\u00e8s de 500.000 m<sup>3<\/sup> d\u2019effluents nitrat\u00e9s et de boues r\u00e9siduelles contenant entre autres de l\u2019uranium naturel. Une partie de <span class='tooltipsall tooltip_post_id_29829 classtoolTips180'>ces<\/span> d\u00e9chets devrait \u00eatre r\u00e9duite par un proc\u00e9d\u00e9 thermique appel\u00e9 <span class='tooltipsall tooltip_post_id_3610 classtoolTips37'>TDN<\/span>. Les sources d\u2019\u00e9nergie n\u00e9cessaires au fonctionnement de l\u2019usine sont le charbon, le fioul\u00a0 (remplac\u00e9 actuellement par le gaz naturel) et l\u2019\u00e9lectricit\u00e9.<\/p>\n<p><em><strong><u>Emissions de CO\u00b2 avant TDN<\/u><\/strong><\/em><\/p>\n<p style=\"text-align: justify\"><strong>En 2005<\/strong> la Comurhex, anc\u00eatre d\u2019ORANO \/ Malv\u00e9si,\u00a0 rejette <strong>634.000 tonnes de CO<sub>2<\/sub>\/ an<\/strong> (cette production annuelle peut \u00eatre consid\u00e9r\u00e9e comme valable pour une quarantaine d\u2019ann\u00e9es pr\u00e9c\u00e9dentes de production d\u2019uranium soit un total de <strong>25.360.000 tonnes d\u2019\u00e9quivalent CO<sub>2<\/sub><\/strong>)<\/p>\n<p style=\"text-align: justify\"><strong>En 2015<\/strong> AREVA Malv\u00e9si rejette encore <strong>188.661 tonnes de CO<sub>2<\/sub>\/ an, <\/strong>suite \u00e0 une am\u00e9lioration des techniques de traitement (chaudi\u00e8res, \u2026), mais aussi en raison d\u2019une baisse de la demande <strong>nationale et internationale\u2026<\/strong><\/p>\n<p><span style=\"text-decoration: underline\"><em><strong>Emissions de CO<sub>2<\/sub><\/strong> <strong>suppl\u00e9mentaires suite \u00e0 mise en route du proc\u00e9d\u00e9 TDN<\/strong><\/em><\/span><\/p>\n<p style=\"text-align: justify\">Rappelons que ce proc\u00e9d\u00e9 consommera, selon l\u2019expertise faite par l\u2019association <span class='tooltipsall tooltip_post_id_7255 classtoolTips44'>RUBRESUS<\/span>, 5700 tonnes de charbon \/ an, ainsi qu\u2019une quantit\u00e9 non n\u00e9gligeable de gaz naturel (2\u00a0000 t\/an). Seront ainsi produites <strong>29.180 tonnes suppl\u00e9mentaires de CO<sub>2<\/sub>\/ an<\/strong> <strong>(<\/strong>mais le proc\u00e9d\u00e9 d\u00e9gage aussi de l\u2019oxyde nitreux ou protoxyde d\u2019azote <strong>N<sub>2<\/sub>O<\/strong>, gaz\u00a0 \u00e0 effet de serre 300 fois plus puissant que le CO<sub>\u00b2<\/sub>\u00a0!)<\/p>\n<p style=\"text-align: justify\"><strong>On voit que sur une p\u00e9riode de pr\u00e8s de 60 ans le site de Malv\u00e9si et son environnement ont accumul\u00e9 une production importante de GES et particuli\u00e8rement de ce CO<sub>2<\/sub> dont l\u2019industrie nucl\u00e9aire fran\u00e7aise serait particuli\u00e8rement \u00e9conome selon la communication d\u2019ORANO et du gouvernement<\/strong>. <strong>Mais l\u2019arbre CO<sub>2<\/sub> cache aussi une autre for\u00eat celle des autres gaz rejet\u00e9s par le proc\u00e9d\u00e9 TDN<\/strong>. Selon RUBRESUS et de nombreux experts les gaz rejet\u00e9s seraient charg\u00e9s, \u00e0 des teneurs vari\u00e9es en oxydes d\u2019azote, protoxyde d\u2019azote, dioxyde de soufre, monoxyde de carbone, Compos\u00e9s Organiques Volatils (<span class='tooltipsall tooltip_post_id_21204 classtoolTips199'>COV<\/span> dont phtalate DHEP), acide chlorhydrique, acide fluorhydrique, ammoniac, m\u00e9taux lourds, mercure, uranium et radio\u00e9l\u00e9ments et particules diverses\u2026<\/p>\n<p style=\"text-align: justify\"><strong>Pour conna\u00eetre le total des GES (dont le CO<sub>2<\/sub>) produits par la fili\u00e8re nucl\u00e9aire, il faudrait\u00a0 examiner ce qui se d\u00e9gage lors de la construction et du fonctionnent des centrales, ce qui est \u00e9mis lors du transport des mati\u00e8res premi\u00e8res et des d\u00e9chets, ce qui est \u00e9mis lors de la d\u00e9molition des centrales arr\u00eat\u00e9es, ce qui est produit par les activit\u00e9s de stockage des d\u00e9chets. Mais comment obtenir un bilan carbone consolid\u00e9\u00a0 lorsqu\u2019on ne ma\u00eetrise pas les d\u00e9lais de fabrication des r\u00e9acteurs ou qu\u2019on ne sait pas comment et quand se termine la derni\u00e8re phase de la fili\u00e8re\u00a0: le traitement d\u00e9finitif des d\u00e9chets \u00e0 haute activit\u00e9 et vie longue (HAVL)\u00a0? <sup><a href=\"#footnote_6_20531\" id=\"identifier_6_20531\" class=\"footnote-link footnote-identifier-link\" title=\"Pour plus d&rsquo;informations consulter le dossier du &laquo;&nbsp;Clairon&nbsp;&raquo; https:\/\/le-clairon-nouveau.fr\/wordpress\/pages-visibles\/dossiers\/nucleaire-desastre-annonce\/\">(6)<\/a><\/sup><\/strong><\/p>\n<p style=\"text-align: justify\"><strong>Faut-il d\u00e9sormais s\u2019habituer \u00e0 des campagnes de communication qui rel\u00e8vent de la malhonn\u00eatet\u00e9 intellectuelle\u00a0? En quel m\u00e9pris tient-on le peuple pour le traiter ainsi\u00a0?<\/strong><\/p>\n<p><strong>\u00a0<\/strong><\/p>\n<p style=\"text-align: right\"><em>Hubert Reys pour le Clairon de l\u2019Atax le 20\/12\/2019<\/em><\/p>\n<p><em>\u00a0<\/em><\/p>\n<p><em>* Merci \u00e0 Andr\u00e9 Bories pour ses informations et conseils<\/em><\/p>\n<p>&nbsp;<\/p>\n<script type=\"text\/javascript\"> var tt_store_content = \"\\<p style\\='text\\-align\\: justify'\\>\\<strong\\>Situ\u00e9e \u00e0 moins de 3 kilom\u00e8tres du centre ancien de Narbonne, l\u2019usine nucl\u00e9aire de Malv\u00e9si traite depuis plus de 50 ans du minerai d\u2019uranium \u00e0 usage civil ou militaire\\.\\<\\\/strong\\>\\<\\\/p\\><br\/>\\<p style\\='text\\-align\\: justify'\\>\\<strong\\>\u00a0\u00bc du minerai nucl\u00e9aire mondial passe par cet \u00e9tablissement qui raffine le minerai entrant sous forme de \u00ab\u00a0yellowcake\u00a0\u00bb en t\u00e9trafluorure d\u2019uranium \\(UF4\\) avant de le r\u00e9exp\u00e9dier \u00e0 l\u2019usine de Pierrelatte\\.\\<\\\/strong\\>\\<\\\/p\\><br\/>\\<p style\\='text\\-align\\: justify'\\>\\<strong\\>On estime a pr\u00e8s d\u20191 million de m3 les effluents nitrat\u00e9s et radioactifs qui sont issus de ce raffinage et actuellement stock\u00e9s\u00a0 dans des bassins d\u2019\u00e9vaporation et de d\u00e9cantation qui jouxtent l\u2019usine\\.\\<\\\/strong\\>\\<\\\/p\\><br\/>\\<p style\\='text\\-align\\: justify'\\>\\<strong\\>Depuis sa mise en service de nombreux incidents et accidents ont \u00e9maill\u00e9 le fonctionnement de cette installation class\u00e9e en partie <span class='tooltipsall tooltip_post_id_3616 classtoolTips158'>INB<\/span> \\(\\<em\\>Installation Nucl\u00e9aire de Base\\<\\\/em\\>\\), ICPE \\(\\<em\\>Installation Class\u00e9e pour la Protection de l\u2019Environnement\\<\\\/em\\>\\), <span class='tooltipsall tooltip_post_id_19989 classtoolTips59'>SEVESO<\/span> \\(seuil haut\\) tandis qu\u2019en mai 2016 le minist\u00e8re de la D\u00e9fense a class\u00e9 le site en ZNAR \\(Zone Nucl\u00e9aire \u00e0 Acc\u00e8s R\u00e9glement\u00e9\\)\\. Les communes les plus proches du site Narbonne et Moussan sont class\u00e9es comme comportant \u00ab\u00a0un risque technologique industriel de seuil haut\u00a0\u00bb\\<\\\/strong\\>\\<\\\/p\\>\"; toolTips('.classtoolTips0',tt_store_content,'7214'); <\/script><script type=\"text\/javascript\"> var tt_store_content = \"Minerai d'uranium concentr\u00e9\"; toolTips('.classtoolTips22',tt_store_content,'6889'); <\/script><script type=\"text\/javascript\"> var tt_store_content = \"Minerai d'uranium concentr\u00e9\"; toolTips('.classtoolTips22',tt_store_content,'6889'); <\/script><script type=\"text\/javascript\"> var tt_store_content = \"\\<p style\\='text\\-align\\: center;'\\>\\<span style\\='font\\-size\\: 14pt;'\\>\\<strong\\>T\\<\\\/strong\\>raitement\\<strong\\> D\\<\\\/strong\\>es\\<strong\\> N\\<\\\/strong\\>itrates\\<strong\\> \\(TDN\\)<br\/>TH\\<\\\/strong\\>ermal\\<strong\\> O\\<\\\/strong\\>rganic\\<strong\\> R\\<\\\/strong\\>eduction\\<strong\\> \\(<span class='tooltipsall tooltip_post_id_3610 classtoolTips37'>THOR<\/span>\\)\\<\\\/strong\\>\\<\\\/span\\>\\<\\\/p\\><br\/>\\<p style\\='text\\-align\\: justify;'\\>Proc\u00e9d\u00e9 envisag\u00e9 par la soci\u00e9t\u00e9 AREVA pour retraiter les d\u00e9chets nitrat\u00e9s et radio\\-actifs issus de son activit\u00e9 d'enrichissement de l'uranium, phase I de la pr\u00e9paration du combustible des centrales nucl\u00e9aires\\.\\<\\\/p\\><br\/>\\<p style\\='text\\-align\\: justify;'\\>Cette activit\u00e9 est mise en \u0153uvre dans l'usine de Malv\u00e9si \u00e0 quelques kilom\u00e8tres de Narbonne\\.\\<\\\/p\\><br\/>\\<p style\\='text\\-align\\: justify;'\\>Ce proc\u00e9d\u00e9, potentiellement tr\u00e8s toxique pour la sant\u00e9 et l'environnement, est au centre d'une vive opposition de la part des riverains et \u00e0 laquelle le Clairon s'associe \\(\\<a href\\='https\\:\\\/\\\/le\\-clairon\\-nouveau\\.fr\\\/wordpress\\\/dossiers\\\/dossier\\-malvesi\\-areva\\\/' target\\='_blank' rel\\='noopener'\\>voir notre dossier\\<\\\/a\\> sur le sujet\\)\\.\\<\\\/p\\>\"; toolTips('.classtoolTips37',tt_store_content,'3610'); <\/script><script type=\"text\/javascript\"> var tt_store_content = \"\\<p\\>Association de protection et sauvegarde de l\u2019environnement des Basses Plaines de l\u2019Aude\\<\\\/p\\>\"; toolTips('.classtoolTips44',tt_store_content,'7255'); <\/script><script type=\"text\/javascript\"> var tt_store_content = \"\\<p\\>Association de protection et sauvegarde de l\u2019environnement des Basses Plaines de l\u2019Aude\\<\\\/p\\>\"; toolTips('.classtoolTips44',tt_store_content,'7255'); <\/script><script type=\"text\/javascript\"> var tt_store_content = \"Nouveau nom que s'est donn\u00e9, en 2018, l'entreprise AREVA\"; toolTips('.classtoolTips77',tt_store_content,'5129'); <\/script><script type=\"text\/javascript\"> var tt_store_content = \"\\<p style\\='text\\-align\\: justify'\\>GIEC \\=\\<strong\\> G\\<\\\/strong\\>roupe \u00add'experts \\<strong\\>I\\<\\\/strong\\>ntergouvernemental sur l'\\<strong\\>E\\<\\\/strong\\>volution du \\<strong\\>C\\<\\\/strong\\>limat \\(en anglais IPCC pour Intergovernmental Panel on Climate Change \\)\\. c'est un organisme ind\u00e9pendant cr\u00e9\u00e9 conjointement en 1988 par l'Organisation M\u00e9t\u00e9orologique Mondiale et le Programme des Nations Unies pour l'environnement\\. Sa mission est \\: '\\<em\\>d\u2019expertiser l\u2019information scientifique, technique et socio\\-\u00e9conomique qui concerne le risque de changement climatique provoqu\u00e9 par l\u2019homme\\<\\\/em\\>\u201d\\.\\<\\\/p\\>\"; toolTips('.classtoolTips113',tt_store_content,'20538'); <\/script><script type=\"text\/javascript\"> var tt_store_content = \"\\<p\\><span class='tooltipsall tooltip_post_id_19394 classtoolTips134'>SAGE<\/span> \\= \\<span class\\='st'\\> sch\u00e9ma d'am\u00e9nagement et de gestion de l'eau\\<\\\/span\\> , c'est un outil de planification qui concerne l'ensemble des eaux situ\u00e9es dans un bassin versant\\<\\\/p\\>\"; toolTips('.classtoolTips134',tt_store_content,'19394'); <\/script><script type=\"text\/javascript\"> var tt_store_content = \"\\<p style\\='text\\-align\\: center;'\\>\\<strong\\>\\<span style\\='font\\-size\\: 14pt;'\\>S\\<\\\/span\\>\\<\\\/strong\\>\\<span style\\='font\\-size\\: 14pt;'\\>oci\u00e9t\u00e9 d'\\<strong\\>\u00c9\\<\\\/strong\\>conomie \\<strong\\>M\\<\\\/strong\\>ixte\\<\\\/span\\>\\<\\\/p\\><br\/>\\<p style\\='text\\-align\\: justify;'\\>En France, une soci\u00e9t\u00e9 d'\u00e9conomie mixte est une soci\u00e9t\u00e9 anonyme dont le capital est majoritairement d\u00e9tenu par une ou plusieurs personnes publiques \\(\u00e0 savoir l'\u00c9tat, une Collectivit\u00e9 territoriale, ou tout autre \u00c9tablissement public\\)\\. Cette participation majoritaire publique est plafonn\u00e9e \u00e0 85&nbsp;% du capital depuis la Loi du 2 janvier 2002\\. Au moins une personne priv\u00e9e doit participer au capital de la <span class='tooltipsall tooltip_post_id_7168 classtoolTips142'>SEM<\/span>, sachant qu'il peut s'agir d'une autre SEM\\.\\<\\\/p\\><br\/>\\<p style\\='text\\-align\\: justify;'\\>\\<strong\\>Le recours \u00e0 la SEM garantit\\<\\\/strong\\> \u00e0 la collectivit\u00e9 publique actionnaire et cocontractante \\<strong\\>la prise en compte effective de l'int\u00e9r\u00eat g\u00e9n\u00e9ral\\<\\\/strong\\> dans les objectifs de l'entreprise \\<strong\\>et la souplesse de la soci\u00e9t\u00e9 de droit priv\u00e9\\<\\\/strong\\>\\.\\<\\\/p\\><br\/>\\<em\\>\\<a href\\='https\\:\\\/\\\/fr\\.wikipedia\\.org\\\/wiki\\\/Soci%C3%A9t%C3%A9_d%27%C3%A9conomie_mixte' target\\='_blank' rel\\='noopener'\\>Voir ici la page Wikipedia consacr\u00e9e aux SEM\\<\\\/a\\> \\<\\\/em\\><br\/><br\/>&nbsp;\"; toolTips('.classtoolTips142',tt_store_content,'7168'); <\/script><script type=\"text\/javascript\"> var tt_store_content = \"L'appellation '<span class='tooltipsall tooltip_post_id_5383 classtoolTips146'>NOx<\/span>' regroupe diff\u00e9rents oxydes d'azote, contribuant tous, \u00e0 des degr\u00e9s divers, \u00e0 la pollution atmosph\u00e9rique, \u00e0 l'effet de serre, aux pluies acides et \u00e0 l'acidification de l'eau\\.<br\/><br\/>Les NOx les plus fr\u00e9quemment cit\u00e9s sont le monoxyde d'azote \\(NO\\), le dioxyde d'azote \\(NO\\<sub\\>2\\<\\\/sub\\>\\) et le protoxyde d'azote \\(N\\<sub\\>2\\<\\\/sub\\>O\\)\\.<br\/><br\/>Voir la \\<a href\\='https\\:\\\/\\\/fr\\.wikipedia\\.org\\\/wiki\\\/Oxyde_d%27azote\\#Les_oxydes_d'azote_et_la_pollution_atmosph%C3%A9rique' target\\='_blank' rel\\='noopener'\\>page Wikipedia consacr\u00e9e aux NOx\\<\\\/a\\><br\/><br\/>&nbsp;<br\/><br\/>&nbsp;\"; toolTips('.classtoolTips146',tt_store_content,'5383'); <\/script><script type=\"text\/javascript\"> var tt_store_content = \"\\<p style\\='text\\-align\\: center;'\\>\\<span style\\='font\\-size\\: 14pt;'\\>\\<strong\\>I\\<\\\/strong\\>mp\u00f4t sur la \\<strong\\>F\\<\\\/strong\\>ortune \\<strong\\>I\\<\\\/strong\\>mmobili\u00e8re\\<\\\/span\\>\\<\\\/p\\>\"; toolTips('.classtoolTips148',tt_store_content,'5643'); <\/script><script type=\"text\/javascript\"> var tt_store_content = \"\\<p style\\='text\\-align\\: center;'\\>\\<span style\\='font\\-size\\: 14pt;'\\>\\<strong\\>R\\<\\\/strong\\>\u00e9pertoire \\<strong\\>N\\<\\\/strong\\>ational des \\<strong\\>A\\<\\\/strong\\>ssociations\\<\\\/span\\>\\<\\\/p\\>\"; toolTips('.classtoolTips159',tt_store_content,'24374'); <\/script><script type=\"text\/javascript\"> var tt_store_content = \"\\<p style\\='text\\-align\\: center;'\\>\\<strong\\>\\<span style\\='font\\-size\\: 14pt;'\\>G\\<\\\/span\\>\\<\\\/strong\\>\\<span style\\='font\\-size\\: 14pt;'\\>az \u00e0 \\<strong\\>E\\<\\\/strong\\>ffet de \\<strong\\>S\\<\\\/strong\\>erre\\<\\\/span\\>\\<\\\/p\\><br\/>\\<p style\\='text\\-align\\: justify;'\\>Les gaz \u00e0 effet de serre \\(GES\\) sont des composants gazeux qui absorbent le rayonnement infrarouge \u00e9mis par la surface terrestre et contribuent \u00e0 l'effet de serre\\. L'augmentation de leur concentration dans l'atmosph\u00e8re terrestre est l'un des facteurs \u00e0 l'origine du r\u00e9chauffement climatique\\.\\<\\\/p\\><br\/>\\<a href\\='https\\:\\\/\\\/fr\\.wikipedia\\.org\\\/wiki\\\/Gaz_%C3%A0_effet_de_serre' target\\='_blank' rel\\='noopener'\\>\\<em\\>Voir ici la fiche Wikipedia sur les gaz \u00e0 effet de serre\\<\\\/em\\>\\<\\\/a\\>\"; toolTips('.classtoolTips161',tt_store_content,'7232'); <\/script><script type=\"text\/javascript\"> var tt_store_content = \"\\<p style\\='text\\-align\\: justify'\\>La \u00ab\u00a0\\<b\\>programmation pluriannuelle de l'\u00e9nergie\\<\\\/b\\>\u00a0\u00bb \\(<span class='tooltipsall tooltip_post_id_7750 classtoolTips164'>PPE<\/span>\\) est, en France, un document strat\u00e9gique de pilotage de la transition \u00e9nerg\u00e9tique\\. Institu\u00e9e par l'article 176 de la \\<a title\\='Loi relative \u00e0 la transition \u00e9nerg\u00e9tique pour la croissance verte' href\\='https\\:\\\/\\\/fr\\.wikipedia\\.org\\\/wiki\\\/Loi_relative_%C3%A0_la_transition_%C3%A9nerg%C3%A9tique_pour_la_croissance_verte'\\>loi de transition \u00e9nerg\u00e9tique\\<\\\/a\\> \\(TECV\\), elle fixe une trajectoire pour le \\<a title\\='Mix \u00e9nerg\u00e9tique' href\\='https\\:\\\/\\\/fr\\.wikipedia\\.org\\\/wiki\\\/Mix_%C3%A9nerg%C3%A9tique'\\>mix \u00e9nerg\u00e9tique\\<\\\/a\\>, ainsi que \\<span class\\='citation'\\>\u00ab\u00a0les priorit\u00e9s d'action pour la gestion de l\u2019ensemble des formes d'\u00e9nergie sur le territoire m\u00e9tropolitain continental, afin d\u2019atteindre les objectifs nationaux fix\u00e9s par la loi\u00a0\u00bb\\<\\\/span\\>\\. \\(Wikip\u00e9dia\\)\\<\\\/p\\>\"; toolTips('.classtoolTips164',tt_store_content,'7750'); <\/script><script type=\"text\/javascript\"> var tt_store_content = \"\\<p style\\='text\\-align\\: justify'\\>La \u00ab\u00a0\\<b\\>programmation pluriannuelle de l'\u00e9nergie\\<\\\/b\\>\u00a0\u00bb \\(PPE\\) est, en France, un document strat\u00e9gique de pilotage de la transition \u00e9nerg\u00e9tique\\. Institu\u00e9e par l'article 176 de la \\<a title\\='Loi relative \u00e0 la transition \u00e9nerg\u00e9tique pour la croissance verte' href\\='https\\:\\\/\\\/fr\\.wikipedia\\.org\\\/wiki\\\/Loi_relative_%C3%A0_la_transition_%C3%A9nerg%C3%A9tique_pour_la_croissance_verte'\\>loi de transition \u00e9nerg\u00e9tique\\<\\\/a\\> \\(TECV\\), elle fixe une trajectoire pour le \\<a title\\='Mix \u00e9nerg\u00e9tique' href\\='https\\:\\\/\\\/fr\\.wikipedia\\.org\\\/wiki\\\/Mix_%C3%A9nerg%C3%A9tique'\\>mix \u00e9nerg\u00e9tique\\<\\\/a\\>, ainsi que \\<span class\\='citation'\\>\u00ab\u00a0les priorit\u00e9s d'action pour la gestion de l\u2019ensemble des formes d'\u00e9nergie sur le territoire m\u00e9tropolitain continental, afin d\u2019atteindre les objectifs nationaux fix\u00e9s par la loi\u00a0\u00bb\\<\\\/span\\>\\. \\(Wikip\u00e9dia\\)\\<\\\/p\\>\"; toolTips('.classtoolTips164',tt_store_content,'7750'); <\/script><script type=\"text\/javascript\"> var tt_store_content = \"\\<p style\\='text\\-align\\: justify;'\\>Le Conseil d'Orientation des Retraites est une instance qui r\u00e9unit &nbsp;\\<span class\\='st'\\>les principaux acteurs du champ des retraites\\<\\\/span\\> et effectue un travail d'\u00e9tudes et de concertation\\. Compos\u00e9 de parlementaires, de repr\u00e9sentants des organisations professionnelles et syndicales, des retrait\u00e9s et des familles, de membres de l'administration et d'experts, le Conseil d'orientation des retraites \\(<span class='tooltipsall tooltip_post_id_7751 classtoolTips165'>COR<\/span>\\) est plac\u00e9 aupr\u00e8s du Premier ministre\\.\\<\\\/p\\>\"; toolTips('.classtoolTips165',tt_store_content,'7751'); <\/script><script type=\"text\/javascript\"> var tt_store_content = \"\\<p style\\='text\\-align\\: center;'\\>\\<span style\\='font\\-size\\: 14pt;'\\>\\<strong\\>O\\<\\\/strong\\>rganisation \\<strong\\>M\\<\\\/strong\\>\u00e9t\u00e9orologique \\<strong\\>M\\<\\\/strong\\>ondiale<br\/>\\<strong\\>W\\<\\\/strong\\>orld \\<strong\\>M\\<\\\/strong\\>eteorological \\<strong\\>O\\<\\\/strong\\>rganization\\<\\\/span\\>\\<\\\/p\\><br\/>&nbsp;<br\/><br\/>\\<a href\\='https\\:\\\/\\\/public\\.wmo\\.int\\\/fr' target\\='_blank' rel\\='noopener'\\>\\<em\\>Acc\u00e9der ici au site de l'organisation\\<\\\/em\\>\\<\\\/a\\>\"; toolTips('.classtoolTips168',tt_store_content,'7763'); <\/script><script type=\"text\/javascript\"> var tt_store_content = \"\\<p style\\='text\\-align\\: center;'\\>\\<span style\\='font\\-size\\: 14pt;'\\>\\<strong\\>\u00c9\\<\\\/strong\\>cole \\<strong\\>N\\<\\\/strong\\>ationale d'\\<strong\\>A\\<\\\/strong\\>dministration\\<\\\/span\\>\\<\\\/p\\>\"; toolTips('.classtoolTips170',tt_store_content,'5213'); <\/script><script type=\"text\/javascript\"> var tt_store_content = \"\\<p style\\='text\\-align\\: justify'\\>\\<span class\\='ILfuVd'\\>La politique agricole commune \\(\\<b\\><span class='tooltipsall tooltip_post_id_11364 classtoolTips174'>PAC<\/span>\\<\\\/b\\>\\) est une politique mise en place \u00e0 l'\u00e9chelle de l'Union europ\u00e9enne\\. \u00c0 l'origine, elle est fond\u00e9e principalement sur des mesures de contr\u00f4le des prix et de subventionnement, visant \u00e0 moderniser et d\u00e9velopper l'agriculture\\.\\<\\\/span\\> \\(source Wikipedia\\)\\<\\\/p\\>\"; toolTips('.classtoolTips174',tt_store_content,'11364'); <\/script><script type=\"text\/javascript\"> var tt_store_content = \"\\<p style\\='text\\-align\\: center;'\\>\\<span style\\='font\\-size\\: 14pt;'\\>\\<strong\\>P\\<\\\/strong\\>\\<\\\/span\\>\\<span style\\='font\\-size\\: 14pt;'\\>lan \\<strong\\>L\\<\\\/strong\\>\\<\\\/span\\>\\<span style\\='font\\-size\\: 14pt;'\\>ocal d'\\<strong\\>U\\<\\\/strong\\>\\<\\\/span\\>\\<span style\\='font\\-size\\: 14pt;'\\>rbanisme\\<\\\/span\\>\\<\\\/p\\><br\/>&nbsp;\"; toolTips('.classtoolTips176',tt_store_content,'4979'); <\/script><script type=\"text\/javascript\"> var tt_store_content = \"\\<p style\\='text\\-align\\: center;'\\>\\<strong\\>\\<span style\\='font\\-size\\: 14pt;'\\>E\\<\\\/span\\>\\<\\\/strong\\>\\<span style\\='font\\-size\\: 14pt;'\\>lectricit\u00e9 \\<strong\\>d\\<\\\/strong\\>e \\<strong\\>F\\<\\\/strong\\>rance\\<\\\/span\\>\\<\\\/p\\>\"; toolTips('.classtoolTips178',tt_store_content,'7035'); <\/script><script type=\"text\/javascript\"> var tt_store_content = \"\\<p style\\='text\\-align\\: center;'\\>\\<strong\\>\\<span style\\='font\\-size\\: 14pt;'\\>E\\<\\\/span\\>\\<\\\/strong\\>\\<span style\\='font\\-size\\: 14pt;'\\>lectricit\u00e9 \\<strong\\>d\\<\\\/strong\\>e \\<strong\\>F\\<\\\/strong\\>rance\\<\\\/span\\>\\<\\\/p\\>\"; toolTips('.classtoolTips178',tt_store_content,'7035'); <\/script><script type=\"text\/javascript\"> var tt_store_content = \"\\<p\\>Conseil \u00c9conomique et Social\\<\\\/p\\>\"; toolTips('.classtoolTips180',tt_store_content,'29829'); <\/script><script type=\"text\/javascript\"> var tt_store_content = \"\\<p style\\='text\\-align\\: center;'\\>\\<span style\\='font\\-size\\: 14pt;'\\>\\<strong\\>G\\<\\\/strong\\>roupement \\<strong\\>H\\<\\\/strong\\>ospitalier de \\<strong\\>T\\<\\\/strong\\>erritoire\\<\\\/span\\>\\<\\\/p\\><br\/>\\<p style\\='text\\-align\\: justify;'\\>Les groupements hospitaliers de territoires, dispositif pr\u00e9vu par la loi de sant\u00e9 2016, sont un nouveau mode de coop\u00e9ration entre les \u00e9tablissements publics de sant\u00e9 \u00e0 l\u2019\u00e9chelle d\u2019un territoire\\<\\\/p\\>\"; toolTips('.classtoolTips189',tt_store_content,'18358'); <\/script><script type=\"text\/javascript\"> var tt_store_content = \"\\<p style\\='text\\-align\\: center;'\\>\\<span style\\='font\\-size\\: 14pt;'\\>\\<strong\\>C\\<\\\/strong\\>omit\u00e9 \\<strong\\>T\\<\\\/strong\\>echnique d'\\<strong\\>\u00c9\\<\\\/strong\\>tablissement\\<\\\/span\\>\\<\\\/p\\>\"; toolTips('.classtoolTips191',tt_store_content,'18359'); <\/script><script type=\"text\/javascript\"> var tt_store_content = \"\\<p style\\='text\\-align\\: center;'\\>\\<strong\\>\\<span style\\='font\\-size\\: 14pt;'\\>P\\<\\\/span\\>\\<\\\/strong\\>\\<span style\\='font\\-size\\: 14pt;'\\>rogrammation \\<strong\\>P\\<\\\/strong\\>luri\\-annuelle de l'\\<strong\\>\u00c9\\<\\\/strong\\>nergie\\<\\\/span\\>\\<\\\/p\\><br\/>La PPE est est en France un document strat\u00e9gique de pilotage de la transition \u00e9nerg\u00e9tique\\. Institu\u00e9e par l'article 176 de la loi transition \u00e9nerg\u00e9tique \\(TECV\\)\\. Elle fixe \\(par \u00e9nergie\\) une trajectoire pour le mix \u00e9nerg\u00e9tique, ainsi que \u00ab&nbsp;\\<em\\>les priorit\u00e9s d'action pour la gestion de l\u2019ensemble des formes d'\u00e9nergie sur le territoire m\u00e9tropolitain continental, afin d\u2019atteindre les objectifs nationaux fix\u00e9s par la loi\\<\\\/em\\>&nbsp;\u00bb\\.<br\/><br\/>Initi\u00e9e en 2016, elle est r\u00e9vis\u00e9e en 2018 puis ensuite tous les 5 ans\\.<br\/><br\/>\\<a href\\='https\\:\\\/\\\/fr\\.wikipedia\\.org\\\/wiki\\\/Programmation_pluriannuelle_de_l'\u00e9nergi' target\\='_blank' rel\\='noopener'\\>\\<em\\>Voir ici la page Wikipedia consacr\u00e9e \u00e0 la PPE\\<\\\/em\\>\\<\\\/a\\><br\/>\\<a href\\='https\\:\\\/\\\/ppe\\.debatpublic\\.fr\\\/' target\\='_blank' rel\\='noopener'\\>\\<em\\>Voir ici la page du site 'Commission du D\u00e9bat Public' consacr\u00e9e \u00e0 la PPE\\<\\\/em\\>\\<\\\/a\\>\"; toolTips('.classtoolTips193',tt_store_content,'7102'); <\/script><script type=\"text\/javascript\"> var tt_store_content = \"\\<p style\\='text\\-align\\: center;'\\>\\<span style\\='font\\-size\\: 14pt;'\\>\\<strong\\>E\\<\\\/strong\\>volutionary \\<strong\\>P\\<\\\/strong\\>ower \\<strong\\>R\\<\\\/strong\\>eactor\\<\\\/span\\>\\<\\\/p\\><br\/>\\<p style\\='text\\-align\\: justify;'\\>R\u00e9acteur nucl\u00e9aire de troisi\u00e8me g\u00e9n\u00e9ration \\(classification internationale\\), con\u00e7u et d\u00e9velopp\u00e9 par <span class='tooltipsall tooltip_post_id_5121 classtoolTips35'>Areva NP<\/span>&nbsp; au cours des ann\u00e9es 1990 et 2000\\. Il fait partie de la fili\u00e8re des r\u00e9acteurs \u00e0 eau pressuris\u00e9e\\.\\<\\\/p\\><br\/>\\<a href\\='https\\:\\\/\\\/fr\\.wikipedia\\.org\\\/wiki\\\/R%C3%A9acteur_pressuris%C3%A9_europ%C3%A9en' target\\='_blank' rel\\='noopener'\\>\\<em\\>Voir ici la fiche Wikipedia EPR\\<\\\/em\\>\\<\\\/a\\>\"; toolTips('.classtoolTips196',tt_store_content,'5579'); <\/script><script type=\"text\/javascript\"> var tt_store_content = \"\\<p\\>COV \\= Compos\u00e9 Organique Volatile\\<\\\/p\\>\"; toolTips('.classtoolTips199',tt_store_content,'21204'); <\/script><script type=\"text\/javascript\"> var tt_store_content = \"\\<p style\\='text\\-align\\: center;'\\>\\<strong\\>\\<span style\\='font\\-size\\: 14pt;'\\>R\\<\\\/span\\>\\<\\\/strong\\>\\<span style\\='font\\-size\\: 14pt;'\\>eferendum d'\\<strong\\>I\\<\\\/strong\\>nitiative \\<strong\\>C\\<\\\/strong\\>itoyenne\\<\\\/span\\>\\<\\\/p\\>\"; toolTips('.classtoolTips205',tt_store_content,'12268'); <\/script><script type=\"text\/javascript\"> var tt_store_content = \"\\<p style\\='text\\-align\\: center;'\\>\\<span style\\='font\\-size\\: 14pt;'\\>\\<strong\\>O\\<\\\/strong\\>rganisation\\<strong\\> N\\<\\\/strong\\>on\\<strong\\> G\\<\\\/strong\\>ouvernementale\\<\\\/span\\>\\<\\\/p\\><br\/>Une organisation non gouvernementale \\(<span class='tooltipsall tooltip_post_id_3579 classtoolTips210'>ONG<\/span>\\) est une \\<a title\\='Association \u00e0 but non lucratif' href\\='https\\:\\\/\\\/fr\\.wikipedia\\.org\\\/wiki\\\/Association_%C3%A0_but_non_lucratif' target\\='_blank' rel\\='noopener'\\>association \u00e0 but non lucratif\\<\\\/a\\>, d'int\u00e9r\u00eat public, qui ne rel\u00e8ve ni de l'\u00c9tat, ni d'institutions internationales\\<sup id\\='cite_ref\\-novethic_1\\-0' class\\='reference'\\>\\<\\\/sup\\>\\. Les ONG n'ont pas le statut de sujet de \\<a title\\='Droit international public' href\\='https\\:\\\/\\\/fr\\.wikipedia\\.org\\\/wiki\\\/Droit_international_public' target\\='_blank' rel\\='noopener'\\>droit international\\<\\\/a\\>\\.\"; toolTips('.classtoolTips210',tt_store_content,'3579'); <\/script><script type=\"text\/javascript\"> var tt_store_content = \"\\<p style\\='text\\-align\\: center;'\\>\\<span style\\='font\\-size\\: 14pt;'\\>\\<strong\\>O\\<\\\/strong\\>rganisation\\<strong\\> N\\<\\\/strong\\>on\\<strong\\> G\\<\\\/strong\\>ouvernementale\\<\\\/span\\>\\<\\\/p\\><br\/>Une organisation non gouvernementale \\(ONG\\) est une \\<a title\\='Association \u00e0 but non lucratif' href\\='https\\:\\\/\\\/fr\\.wikipedia\\.org\\\/wiki\\\/Association_%C3%A0_but_non_lucratif' target\\='_blank' rel\\='noopener'\\>association \u00e0 but non lucratif\\<\\\/a\\>, d'int\u00e9r\u00eat public, qui ne rel\u00e8ve ni de l'\u00c9tat, ni d'institutions internationales\\<sup id\\='cite_ref\\-novethic_1\\-0' class\\='reference'\\>\\<\\\/sup\\>\\. Les ONG n'ont pas le statut de sujet de \\<a title\\='Droit international public' href\\='https\\:\\\/\\\/fr\\.wikipedia\\.org\\\/wiki\\\/Droit_international_public' target\\='_blank' rel\\='noopener'\\>droit international\\<\\\/a\\>\\.\"; toolTips('.classtoolTips210',tt_store_content,'3579'); <\/script><script type=\"text\/javascript\"> var tt_store_content = \"\\<p\\><span class='tooltipsall tooltip_post_id_24572 classtoolTips211'>MIT<\/span> \\= Massachussets Institute of Technology, prestigieuse universit\u00e9 am\u00e9ricaine de la c\u00f4te est\\<\\\/p\\>\"; toolTips('.classtoolTips211',tt_store_content,'24572'); <\/script><script type=\"text\/javascript\"> var tt_store_content = \"\\<p style\\='text\\-align\\: center;'\\>\\<strong\\>J\\<\\\/strong\\>eux \\<strong\\>O\\<\\\/strong\\>lympiques<br\/>ou<br\/>\\<strong\\>J\\<\\\/strong\\>ournal \\<strong\\>O\\<\\\/strong\\>fficiel de la R\u00e9publique Fran\u00e7aise\\<\\\/p\\>\"; toolTips('.classtoolTips213',tt_store_content,'4451'); <\/script><script type=\"text\/javascript\"> var tt_store_content = \"\\<p\\><span class='tooltipsall tooltip_post_id_30593 classtoolTips214'>RN<\/span> \\= Rassemble National, c'est le parti d'extr\u00eame droite de Marine Le Pen qui succ\u00e8de au FN \\= Front National fond\u00e9 par son p\u00e8re Jean Marie Le Pen\\<\\\/p\\>\"; toolTips('.classtoolTips214',tt_store_content,'30593'); <\/script><script type=\"text\/javascript\"> var tt_store_content = \"\\<p\\><span class='tooltipsall tooltip_post_id_30594 classtoolTips215'>LR<\/span> \\= Les R\u00e9publicains, parti politique de droite fond\u00e9 par N; Sakozy qui succ\u00e8de en 2015 \u00e0 l'UMP, Union pour une Mouvement Populaire, fond\u00e9 en 2002 compos\u00e9 de conservateurs et de gaulistes\\.\\.\\.\\.\\<\\\/p\\>\"; toolTips('.classtoolTips215',tt_store_content,'30594'); <\/script><script type=\"text\/javascript\"> var tt_store_content = \"\\<p style\\='text\\-align\\: center;'\\>\\<span style\\='font\\-size\\: 14pt;'\\>\\<strong\\>C\\<\\\/strong\\>entre \\<strong\\>H\\<\\\/strong\\>ospitalier\\<\\\/span\\>\\<\\\/p\\>\"; toolTips('.classtoolTips220',tt_store_content,'18357'); <\/script><script type=\"text\/javascript\"> var tt_store_content = \"\\<p\\>D\u00e9chets radioactifs \u00e0 Haute Activit\u00e9 \\(classement <span class='tooltipsall tooltip_post_id_3612 classtoolTips79'>ANDRA<\/span>\\)\\<\\\/p\\>\"; toolTips('.classtoolTips223',tt_store_content,'19196'); <\/script>_______________________<br>Notes<ol class=\"footnotes\"><li id=\"footnote_1_20531\" class=\"footnote\">NDLR : cette notion de \u00ab\u00a0neutralit\u00e9 carbone\u00a0\u00bb dans les m\u00e9dias, colloques et n\u00e9gociations sur le changement climatique sans que soit toujours bien d\u00e9fini ce qu\u2019elle recouvre. La d\u00e9finition qui semble la plus claire est celle de l&rsquo;Iddri (Institut du D\u00e9veloppement Durable et des Relations Internationales IDDRI) d\u00e9finit comme \u00a0\u00bb<em>point d&rsquo;\u00e9quilibre, \u00e0 un instant donn\u00e9, entre les \u00e9missions in\u00e9vitables de gaz \u00e0 effet de serre provenant principalement de secteurs comme l&rsquo;agriculture et l&rsquo;industrie lourde et la quantit\u00e9 de carbone que peuvent capter soit les puits de carbone naturels (for\u00eats, sols, oc\u00e9ans), contraints par des limites biophysiques, soit, dans un avenir encore hypoth\u00e9tique, des technologies de capture et stockage de carbone. <\/em>\u00a0\u00bb<span class=\"footnote-back-link-wrapper\">[<a href=\"#identifier_1_20531\" class=\"footnote-link footnote-back-link\">&#8617;<\/a>]<\/span><\/li><li id=\"footnote_2_20531\" class=\"footnote\"><\/strong>les probl\u00e8mes de s\u00fbret\u00e9 li\u00e9s aux rayonnements ionisants, les probl\u00e8mes de s\u00e9curit\u00e9 li\u00e9s \u00e0 la faible protection des installations, les dysfonctionnements et malfa\u00e7ons dans la chaine de production, les probl\u00e8mes d\u2019entretien des r\u00e9acteurs, de stockage des d\u00e9chets, les d\u00e9rapages financiers, etc.<strong><span class=\"footnote-back-link-wrapper\">[<a href=\"#identifier_2_20531\" class=\"footnote-link footnote-back-link\">&#8617;<\/a>]<\/span><\/li><li id=\"footnote_3_20531\" class=\"footnote\"><\/strong>pouss\u00e9 par l\u2019\u00e9lectricien nucl\u00e9aire <span class='tooltipsall tooltip_post_id_7035 classtoolTips178'>EDF<\/span> et divers lobbies<strong><span class=\"footnote-back-link-wrapper\">[<a href=\"#identifier_3_20531\" class=\"footnote-link footnote-back-link\">&#8617;<\/a>]<\/span><\/li><li id=\"footnote_4_20531\" class=\"footnote\">Pour plus d\u2019informations consulter le dossier du \u00ab\u00a0Clairon\u00a0\u00bb sur Orano\/Areva\/ Malv\u00e9si\u00a0: <a href=\"https:\/\/le-clairon-nouveau.fr\/wordpress\/pages-visibles\/dossiers\/dossier-malvesi-areva\/\">https:\/\/le-clairon-nouveau.fr\/wordpress\/pages-visibles\/dossiers\/dossier-malvesi-areva\/<\/a> <span class=\"footnote-back-link-wrapper\">[<a href=\"#identifier_4_20531\" class=\"footnote-link footnote-back-link\">&#8617;<\/a>]<\/span><\/li><li id=\"footnote_5_20531\" class=\"footnote\"><\/strong>sources\u00a0: dossier ORANO \/ enqu\u00eate publique pour cr\u00e9ation d\u2019une installation de traitement thermique (TDN) des d\u00e9chets nitrat\u00e9s<span class=\"footnote-back-link-wrapper\">[<a href=\"#identifier_5_20531\" class=\"footnote-link footnote-back-link\">&#8617;<\/a>]<\/span><\/li><li id=\"footnote_6_20531\" class=\"footnote\">Pour plus d\u2019informations consulter le dossier du \u00ab\u00a0Clairon\u00a0\u00bb <a href=\"https:\/\/le-clairon-nouveau.fr\/wordpress\/pages-visibles\/dossiers\/nucleaire-desastre-annonce\/\">https:\/\/le-clairon-nouveau.fr\/wordpress\/pages-visibles\/dossiers\/nucleaire-desastre-annonce\/<\/a> <span class=\"footnote-back-link-wrapper\">[<a href=\"#identifier_6_20531\" class=\"footnote-link footnote-back-link\">&#8617;<\/a>]<\/span><\/li><\/ol>_______________________","protected":false},"excerpt":{"rendered":"<p>La communication d\u2019E. Macron et d\u2019<span class='tooltipsall tooltip_post_id_5129 classtoolTips77'>ORANO<\/span> utilise ainsi la vieille ficelle qui consiste \u00e0 fabriquer une \u00ab preuve \u00bb en isolant un argument du contexte g\u00e9n\u00e9ral dans lequel il est produit. L\u2019id\u00e9e, pour faire la promotion du nucl\u00e9aire aupr\u00e8s de l\u2019opinion, c\u2019est d\u2019utiliser l\u2019argument de la faible \u00e9mission de CO\u00b2 en paravent pour masquer tout le reste. <script type=\"text\/javascript\"> var tt_store_content = \"\\<\/p>\n<p style\\='text\\-align\\: justify'\\>\\<strong\\>Situ\u00e9e \u00e0 moins de 3 kilom\u00e8tres du centre ancien de Narbonne, l\u2019usine nucl\u00e9aire de Malv\u00e9si traite depuis plus de 50 ans du minerai d\u2019uranium \u00e0 usage civil ou militaire\\.\\<\\\/strong\\>\\<\\\/p\\><br \/>\\<\/p>\n<p style\\='text\\-align\\: justify'\\>\\<strong\\>\u00a0\u00bc du minerai nucl\u00e9aire mondial passe par cet \u00e9tablissement qui raffine le minerai entrant sous forme de \u00ab\u00a0yellowcake\u00a0\u00bb en t\u00e9trafluorure d\u2019uranium \\(UF4\\) avant de le r\u00e9exp\u00e9dier \u00e0 l\u2019usine de Pierrelatte\\.\\<\\\/strong\\>\\<\\\/p\\><br \/>\\<\/p>\n<p style\\='text\\-align\\: justify'\\>\\<strong\\>On estime a pr\u00e8s d\u20191 million de m3 les effluents nitrat\u00e9s et radioactifs qui sont issus de ce raffinage et actuellement stock\u00e9s\u00a0 dans des bassins d\u2019\u00e9vaporation et de d\u00e9cantation qui jouxtent l\u2019usine\\.\\<\\\/strong\\>\\<\\\/p\\><br \/>\\<\/p>\n<p style\\='text\\-align\\: justify'\\>\\<strong\\>Depuis sa mise en service de nombreux incidents et accidents ont \u00e9maill\u00e9 le fonctionnement de cette installation class\u00e9e en partie <span class='tooltipsall tooltip_post_id_3616 classtoolTips158'>INB<\/span> \\(\\<em\\>Installation Nucl\u00e9aire de Base\\<\\\/em\\>\\), ICPE \\(\\<em\\>Installation Class\u00e9e pour la Protection de l\u2019Environnement\\<\\\/em\\>\\), <span class='tooltipsall tooltip_post_id_19989 classtoolTips59'>SEVESO<\/span> \\(seuil haut\\) tandis qu\u2019en mai 2016 le minist\u00e8re de la D\u00e9fense a class\u00e9 le site en ZNAR \\(Zone Nucl\u00e9aire \u00e0 Acc\u00e8s R\u00e9glement\u00e9\\)\\. Les communes les plus proches du site Narbonne et Moussan sont class\u00e9es comme comportant \u00ab\u00a0un risque technologique industriel de seuil haut\u00a0\u00bb\\<\\\/strong\\>\\<\\\/p\\>\"; toolTips('.classtoolTips0',tt_store_content,'7214'); <\/script><script type=\"text\/javascript\"> var tt_store_content = \"Minerai d'uranium concentr\u00e9\"; toolTips('.classtoolTips22',tt_store_content,'6889'); <\/script><script type=\"text\/javascript\"> var tt_store_content = \"Minerai d'uranium concentr\u00e9\"; toolTips('.classtoolTips22',tt_store_content,'6889'); <\/script><script type=\"text\/javascript\"> var tt_store_content = \"\\<\/p>\n<p style\\='text\\-align\\: center;'\\>\\<span style\\='font\\-size\\: 14pt;'\\>\\<strong\\>T\\<\\\/strong\\>raitement\\<strong\\> D\\<\\\/strong\\>es\\<strong\\> N\\<\\\/strong\\>itrates\\<strong\\> \\(<span class='tooltipsall tooltip_post_id_3610 classtoolTips37'>TDN<\/span>\\)<br \/>TH\\<\\\/strong\\>ermal\\<strong\\> O\\<\\\/strong\\>rganic\\<strong\\> R\\<\\\/strong\\>eduction\\<strong\\> \\(<span class='tooltipsall tooltip_post_id_3610 classtoolTips37'>THOR<\/span>\\)\\<\\\/strong\\>\\<\\\/span\\>\\<\\\/p\\><br \/>\\<\/p>\n<p style\\='text\\-align\\: justify;'\\>Proc\u00e9d\u00e9 envisag\u00e9 par la soci\u00e9t\u00e9 AREVA pour retraiter les d\u00e9chets nitrat\u00e9s et radio\\-actifs issus de son activit\u00e9 d'enrichissement de l'uranium, phase I de la pr\u00e9paration du combustible des centrales nucl\u00e9aires\\.\\<\\\/p\\><br \/>\\<\/p>\n<p style\\='text\\-align\\: justify;'\\>Cette activit\u00e9 est mise en \u0153uvre dans l'usine de Malv\u00e9si \u00e0 quelques kilom\u00e8tres de Narbonne\\.\\<\\\/p\\><br \/>\\<\/p>\n<p style\\='text\\-align\\: justify;'\\>Ce proc\u00e9d\u00e9, potentiellement tr\u00e8s toxique pour la sant\u00e9 et l'environnement, est au centre d'une vive opposition de la part des riverains et \u00e0 laquelle le Clairon s'associe \\(\\<a href\\='https\\:\\\/\\\/le\\-clairon\\-nouveau\\.fr\\\/wordpress\\\/dossiers\\\/dossier\\-malvesi\\-areva\\\/' target\\='_blank' rel\\='noopener'\\>voir notre dossier\\<\\\/a\\> sur le sujet\\)\\.\\<\\\/p\\>\"; toolTips('.classtoolTips37',tt_store_content,'3610'); <\/script><script type=\"text\/javascript\"> var tt_store_content = \"\\<p\\>Association de protection et sauvegarde de l\u2019environnement des Basses Plaines de l\u2019Aude\\<\\\/p\\>\"; toolTips('.classtoolTips44',tt_store_content,'7255'); <\/script><script type=\"text\/javascript\"> var tt_store_content = \"\\<p\\>Association de protection et sauvegarde de l\u2019environnement des Basses Plaines de l\u2019Aude\\<\\\/p\\>\"; toolTips('.classtoolTips44',tt_store_content,'7255'); <\/script><script type=\"text\/javascript\"> var tt_store_content = \"Nouveau nom que s'est donn\u00e9, en 2018, l'entreprise AREVA\"; toolTips('.classtoolTips77',tt_store_content,'5129'); <\/script><script type=\"text\/javascript\"> var tt_store_content = \"\\<\/p>\n<p style\\='text\\-align\\: justify'\\><span class='tooltipsall tooltip_post_id_20538 classtoolTips113'>GIEC<\/span> \\=\\<strong\\> G\\<\\\/strong\\>roupe \u00add'experts \\<strong\\>I\\<\\\/strong\\>ntergouvernemental sur l'\\<strong\\>E\\<\\\/strong\\>volution du \\<strong\\>C\\<\\\/strong\\>limat \\(en anglais IPCC pour Intergovernmental Panel on Climate Change \\)\\. c'est un organisme ind\u00e9pendant cr\u00e9\u00e9 conjointement en 1988 par l'Organisation M\u00e9t\u00e9orologique Mondiale et le Programme des Nations Unies pour l'environnement\\. Sa mission est \\: '\\<em\\>d\u2019expertiser l\u2019information scientifique, technique et socio\\-\u00e9conomique qui concerne le risque de changement climatique provoqu\u00e9 par l\u2019homme\\<\\\/em\\>\u201d\\.\\<\\\/p\\>\"; toolTips('.classtoolTips113',tt_store_content,'20538'); <\/script><script type=\"text\/javascript\"> var tt_store_content = \"\\<p\\><span class='tooltipsall tooltip_post_id_19394 classtoolTips134'>SAGE<\/span> \\= \\<span class\\='st'\\> sch\u00e9ma d'am\u00e9nagement et de gestion de l'eau\\<\\\/span\\> , c'est un outil de planification qui concerne l'ensemble des eaux situ\u00e9es dans un bassin versant\\<\\\/p\\>\"; toolTips('.classtoolTips134',tt_store_content,'19394'); <\/script><script type=\"text\/javascript\"> var tt_store_content = \"\\<\/p>\n<p style\\='text\\-align\\: center;'\\>\\<strong\\>\\<span style\\='font\\-size\\: 14pt;'\\>S\\<\\\/span\\>\\<\\\/strong\\>\\<span style\\='font\\-size\\: 14pt;'\\>oci\u00e9t\u00e9 d'\\<strong\\>\u00c9\\<\\\/strong\\>conomie \\<strong\\>M\\<\\\/strong\\>ixte\\<\\\/span\\>\\<\\\/p\\><br \/>\\<\/p>\n<p style\\='text\\-align\\: justify;'\\>En France, une soci\u00e9t\u00e9 d'\u00e9conomie mixte est une soci\u00e9t\u00e9 anonyme dont le capital est majoritairement d\u00e9tenu par une ou plusieurs personnes publiques \\(\u00e0 savoir l'\u00c9tat, une Collectivit\u00e9 territoriale, ou tout autre \u00c9tablissement public\\)\\. Cette participation majoritaire publique est plafonn\u00e9e \u00e0 85&nbsp;% du capital depuis la Loi du 2 janvier 2002\\. Au moins une personne priv\u00e9e doit participer au capital de la <span class='tooltipsall tooltip_post_id_7168 classtoolTips142'>SEM<\/span>, sachant qu'il peut s'agir d'une autre SEM\\.\\<\\\/p\\><br \/>\\<\/p>\n<p style\\='text\\-align\\: justify;'\\>\\<strong\\>Le recours \u00e0 la SEM garantit\\<\\\/strong\\> \u00e0 la collectivit\u00e9 publique actionnaire et cocontractante \\<strong\\>la prise en compte effective de l'int\u00e9r\u00eat g\u00e9n\u00e9ral\\<\\\/strong\\> dans les objectifs de l'entreprise \\<strong\\>et la souplesse de la soci\u00e9t\u00e9 de droit priv\u00e9\\<\\\/strong\\>\\.\\<\\\/p\\><br \/>\\<em\\>\\<a href\\='https\\:\\\/\\\/fr\\.wikipedia\\.org\\\/wiki\\\/Soci%C3%A9t%C3%A9_d%27%C3%A9conomie_mixte' target\\='_blank' rel\\='noopener'\\>Voir ici la page Wikipedia consacr\u00e9e aux SEM\\<\\\/a\\> \\<\\\/em\\><\/p>\n<p>&nbsp;\"; toolTips('.classtoolTips142',tt_store_content,'7168'); <\/script><script type=\"text\/javascript\"> var tt_store_content = \"L'appellation '<span class='tooltipsall tooltip_post_id_5383 classtoolTips146'>NOx<\/span>' regroupe diff\u00e9rents oxydes d'azote, contribuant tous, \u00e0 des degr\u00e9s divers, \u00e0 la pollution atmosph\u00e9rique, \u00e0 l'effet de serre, aux pluies acides et \u00e0 l'acidification de l'eau\\.<\/p>\n<p>Les NOx les plus fr\u00e9quemment cit\u00e9s sont le monoxyde d'azote \\(NO\\), le dioxyde d'azote \\(NO\\<sub\\>2\\<\\\/sub\\>\\) et le protoxyde d'azote \\(N\\<sub\\>2\\<\\\/sub\\>O\\)\\.<\/p>\n<p>Voir la \\<a href\\='https\\:\\\/\\\/fr\\.wikipedia\\.org\\\/wiki\\\/Oxyde_d%27azote\\#Les_oxydes_d'azote_et_la_pollution_atmosph%C3%A9rique' target\\='_blank' rel\\='noopener'\\>page Wikipedia consacr\u00e9e aux NOx\\<\\\/a\\><\/p>\n<p>&nbsp;<\/p>\n<p>&nbsp;\"; toolTips('.classtoolTips146',tt_store_content,'5383'); <\/script><script type=\"text\/javascript\"> var tt_store_content = \"\\<\/p>\n<p style\\='text\\-align\\: center;'\\>\\<span style\\='font\\-size\\: 14pt;'\\>\\<strong\\>I\\<\\\/strong\\>mp\u00f4t sur la \\<strong\\>F\\<\\\/strong\\>ortune \\<strong\\>I\\<\\\/strong\\>mmobili\u00e8re\\<\\\/span\\>\\<\\\/p\\>\"; toolTips('.classtoolTips148',tt_store_content,'5643'); <\/script><script type=\"text\/javascript\"> var tt_store_content = \"\\<\/p>\n<p style\\='text\\-align\\: center;'\\>\\<span style\\='font\\-size\\: 14pt;'\\>\\<strong\\>R\\<\\\/strong\\>\u00e9pertoire \\<strong\\>N\\<\\\/strong\\>ational des \\<strong\\>A\\<\\\/strong\\>ssociations\\<\\\/span\\>\\<\\\/p\\>\"; toolTips('.classtoolTips159',tt_store_content,'24374'); <\/script><script type=\"text\/javascript\"> var tt_store_content = \"\\<\/p>\n<p style\\='text\\-align\\: center;'\\>\\<strong\\>\\<span style\\='font\\-size\\: 14pt;'\\>G\\<\\\/span\\>\\<\\\/strong\\>\\<span style\\='font\\-size\\: 14pt;'\\>az \u00e0 \\<strong\\>E\\<\\\/strong\\>ffet de \\<strong\\>S\\<\\\/strong\\>erre\\<\\\/span\\>\\<\\\/p\\><br \/>\\<\/p>\n<p style\\='text\\-align\\: justify;'\\>Les gaz \u00e0 effet de serre \\(<span class='tooltipsall tooltip_post_id_7232 classtoolTips161'>GES<\/span>\\) sont des composants gazeux qui absorbent le rayonnement infrarouge \u00e9mis par la surface terrestre et contribuent \u00e0 l'effet de serre\\. L'augmentation de leur concentration dans l'atmosph\u00e8re terrestre est l'un des facteurs \u00e0 l'origine du r\u00e9chauffement climatique\\.\\<\\\/p\\><br \/>\\<a href\\='https\\:\\\/\\\/fr\\.wikipedia\\.org\\\/wiki\\\/Gaz_%C3%A0_effet_de_serre' target\\='_blank' rel\\='noopener'\\>\\<em\\>Voir ici la fiche Wikipedia sur les gaz \u00e0 effet de serre\\<\\\/em\\>\\<\\\/a\\>\"; toolTips('.classtoolTips161',tt_store_content,'7232'); <\/script><script type=\"text\/javascript\"> var tt_store_content = \"\\<\/p>\n<p style\\='text\\-align\\: justify'\\>La \u00ab\u00a0\\<b\\>programmation pluriannuelle de l'\u00e9nergie\\<\\\/b\\>\u00a0\u00bb \\(<span class='tooltipsall tooltip_post_id_7750 classtoolTips164'>PPE<\/span>\\) est, en France, un document strat\u00e9gique de pilotage de la transition \u00e9nerg\u00e9tique\\. Institu\u00e9e par l'article 176 de la \\<a title\\='Loi relative \u00e0 la transition \u00e9nerg\u00e9tique pour la croissance verte' href\\='https\\:\\\/\\\/fr\\.wikipedia\\.org\\\/wiki\\\/Loi_relative_%C3%A0_la_transition_%C3%A9nerg%C3%A9tique_pour_la_croissance_verte'\\>loi de transition \u00e9nerg\u00e9tique\\<\\\/a\\> \\(TECV\\), elle fixe une trajectoire pour le \\<a title\\='Mix \u00e9nerg\u00e9tique' href\\='https\\:\\\/\\\/fr\\.wikipedia\\.org\\\/wiki\\\/Mix_%C3%A9nerg%C3%A9tique'\\>mix \u00e9nerg\u00e9tique\\<\\\/a\\>, ainsi que \\<span class\\='citation'\\>\u00ab\u00a0les priorit\u00e9s d'action pour la gestion de l\u2019ensemble des formes d'\u00e9nergie sur le territoire m\u00e9tropolitain continental, afin d\u2019atteindre les objectifs nationaux fix\u00e9s par la loi\u00a0\u00bb\\<\\\/span\\>\\. \\(Wikip\u00e9dia\\)\\<\\\/p\\>\"; toolTips('.classtoolTips164',tt_store_content,'7750'); <\/script><script type=\"text\/javascript\"> var tt_store_content = \"\\<\/p>\n<p style\\='text\\-align\\: justify'\\>La \u00ab\u00a0\\<b\\>programmation pluriannuelle de l'\u00e9nergie\\<\\\/b\\>\u00a0\u00bb \\(PPE\\) est, en France, un document strat\u00e9gique de pilotage de la transition \u00e9nerg\u00e9tique\\. Institu\u00e9e par l'article 176 de la \\<a title\\='Loi relative \u00e0 la transition \u00e9nerg\u00e9tique pour la croissance verte' href\\='https\\:\\\/\\\/fr\\.wikipedia\\.org\\\/wiki\\\/Loi_relative_%C3%A0_la_transition_%C3%A9nerg%C3%A9tique_pour_la_croissance_verte'\\>loi de transition \u00e9nerg\u00e9tique\\<\\\/a\\> \\(TECV\\), elle fixe une trajectoire pour le \\<a title\\='Mix \u00e9nerg\u00e9tique' href\\='https\\:\\\/\\\/fr\\.wikipedia\\.org\\\/wiki\\\/Mix_%C3%A9nerg%C3%A9tique'\\>mix \u00e9nerg\u00e9tique\\<\\\/a\\>, ainsi que \\<span class\\='citation'\\>\u00ab\u00a0les priorit\u00e9s d'action pour la gestion de l\u2019ensemble des formes d'\u00e9nergie sur le territoire m\u00e9tropolitain continental, afin d\u2019atteindre les objectifs nationaux fix\u00e9s par la loi\u00a0\u00bb\\<\\\/span\\>\\. \\(Wikip\u00e9dia\\)\\<\\\/p\\>\"; toolTips('.classtoolTips164',tt_store_content,'7750'); <\/script><script type=\"text\/javascript\"> var tt_store_content = \"\\<\/p>\n<p style\\='text\\-align\\: justify;'\\>Le Conseil d'Orientation des Retraites est une instance qui r\u00e9unit &nbsp;\\<span class\\='st'\\>les principaux acteurs du champ des retraites\\<\\\/span\\> et effectue un travail d'\u00e9tudes et de concertation\\. Compos\u00e9 de parlementaires, de repr\u00e9sentants des organisations professionnelles et syndicales, des retrait\u00e9s et des familles, de membres de l'administration et d'experts, le Conseil d'orientation des retraites \\(<span class='tooltipsall tooltip_post_id_7751 classtoolTips165'>COR<\/span>\\) est plac\u00e9 aupr\u00e8s du Premier ministre\\.\\<\\\/p\\>\"; toolTips('.classtoolTips165',tt_store_content,'7751'); <\/script><script type=\"text\/javascript\"> var tt_store_content = \"\\<\/p>\n<p style\\='text\\-align\\: center;'\\>\\<span style\\='font\\-size\\: 14pt;'\\>\\<strong\\>O\\<\\\/strong\\>rganisation \\<strong\\>M\\<\\\/strong\\>\u00e9t\u00e9orologique \\<strong\\>M\\<\\\/strong\\>ondiale<br \/>\\<strong\\>W\\<\\\/strong\\>orld \\<strong\\>M\\<\\\/strong\\>eteorological \\<strong\\>O\\<\\\/strong\\>rganization\\<\\\/span\\>\\<\\\/p\\><br \/>&nbsp;<\/p>\n<p>\\<a href\\='https\\:\\\/\\\/public\\.wmo\\.int\\\/fr' target\\='_blank' rel\\='noopener'\\>\\<em\\>Acc\u00e9der ici au site de l'organisation\\<\\\/em\\>\\<\\\/a\\>\"; toolTips('.classtoolTips168',tt_store_content,'7763'); <\/script><script type=\"text\/javascript\"> var tt_store_content = \"\\<\/p>\n<p style\\='text\\-align\\: center;'\\>\\<span style\\='font\\-size\\: 14pt;'\\>\\<strong\\>\u00c9\\<\\\/strong\\>cole \\<strong\\>N\\<\\\/strong\\>ationale d'\\<strong\\>A\\<\\\/strong\\>dministration\\<\\\/span\\>\\<\\\/p\\>\"; toolTips('.classtoolTips170',tt_store_content,'5213'); <\/script><script type=\"text\/javascript\"> var tt_store_content = \"\\<\/p>\n<p style\\='text\\-align\\: justify'\\>\\<span class\\='ILfuVd'\\>La politique agricole commune \\(\\<b\\><span class='tooltipsall tooltip_post_id_11364 classtoolTips174'>PAC<\/span>\\<\\\/b\\>\\) est une politique mise en place \u00e0 l'\u00e9chelle de l'Union europ\u00e9enne\\. \u00c0 l'origine, elle est fond\u00e9e principalement sur des mesures de contr\u00f4le des prix et de subventionnement, visant \u00e0 moderniser et d\u00e9velopper l'agriculture\\.\\<\\\/span\\> \\(source Wikipedia\\)\\<\\\/p\\>\"; toolTips('.classtoolTips174',tt_store_content,'11364'); <\/script><script type=\"text\/javascript\"> var tt_store_content = \"\\<\/p>\n<p style\\='text\\-align\\: center;'\\>\\<span style\\='font\\-size\\: 14pt;'\\>\\<strong\\>P\\<\\\/strong\\>\\<\\\/span\\>\\<span style\\='font\\-size\\: 14pt;'\\>lan \\<strong\\>L\\<\\\/strong\\>\\<\\\/span\\>\\<span style\\='font\\-size\\: 14pt;'\\>ocal d'\\<strong\\>U\\<\\\/strong\\>\\<\\\/span\\>\\<span style\\='font\\-size\\: 14pt;'\\>rbanisme\\<\\\/span\\>\\<\\\/p\\><br \/>&nbsp;\"; toolTips('.classtoolTips176',tt_store_content,'4979'); <\/script><script type=\"text\/javascript\"> var tt_store_content = \"\\<\/p>\n<p style\\='text\\-align\\: center;'\\>\\<strong\\>\\<span style\\='font\\-size\\: 14pt;'\\>E\\<\\\/span\\>\\<\\\/strong\\>\\<span style\\='font\\-size\\: 14pt;'\\>lectricit\u00e9 \\<strong\\>d\\<\\\/strong\\>e \\<strong\\>F\\<\\\/strong\\>rance\\<\\\/span\\>\\<\\\/p\\>\"; toolTips('.classtoolTips178',tt_store_content,'7035'); <\/script><script type=\"text\/javascript\"> var tt_store_content = \"\\<\/p>\n<p style\\='text\\-align\\: center;'\\>\\<strong\\>\\<span style\\='font\\-size\\: 14pt;'\\>E\\<\\\/span\\>\\<\\\/strong\\>\\<span style\\='font\\-size\\: 14pt;'\\>lectricit\u00e9 \\<strong\\>d\\<\\\/strong\\>e \\<strong\\>F\\<\\\/strong\\>rance\\<\\\/span\\>\\<\\\/p\\>\"; toolTips('.classtoolTips178',tt_store_content,'7035'); <\/script><script type=\"text\/javascript\"> var tt_store_content = \"\\<p\\>Conseil \u00c9conomique et Social\\<\\\/p\\>\"; toolTips('.classtoolTips180',tt_store_content,'29829'); <\/script><script type=\"text\/javascript\"> var tt_store_content = \"\\<\/p>\n<p style\\='text\\-align\\: center;'\\>\\<span style\\='font\\-size\\: 14pt;'\\>\\<strong\\>G\\<\\\/strong\\>roupement \\<strong\\>H\\<\\\/strong\\>ospitalier de \\<strong\\>T\\<\\\/strong\\>erritoire\\<\\\/span\\>\\<\\\/p\\><br \/>\\<\/p>\n<p style\\='text\\-align\\: justify;'\\>Les groupements hospitaliers de territoires, dispositif pr\u00e9vu par la loi de sant\u00e9 2016, sont un nouveau mode de coop\u00e9ration entre les \u00e9tablissements publics de sant\u00e9 \u00e0 l\u2019\u00e9chelle d\u2019un territoire\\<\\\/p\\>\"; toolTips('.classtoolTips189',tt_store_content,'18358'); <\/script><script type=\"text\/javascript\"> var tt_store_content = \"\\<\/p>\n<p style\\='text\\-align\\: center;'\\>\\<span style\\='font\\-size\\: 14pt;'\\>\\<strong\\>C\\<\\\/strong\\>omit\u00e9 \\<strong\\>T\\<\\\/strong\\>echnique d'\\<strong\\>\u00c9\\<\\\/strong\\>tablissement\\<\\\/span\\>\\<\\\/p\\>\"; toolTips('.classtoolTips191',tt_store_content,'18359'); <\/script><script type=\"text\/javascript\"> var tt_store_content = \"\\<\/p>\n<p style\\='text\\-align\\: center;'\\>\\<strong\\>\\<span style\\='font\\-size\\: 14pt;'\\>P\\<\\\/span\\>\\<\\\/strong\\>\\<span style\\='font\\-size\\: 14pt;'\\>rogrammation \\<strong\\>P\\<\\\/strong\\>luri\\-annuelle de l'\\<strong\\>\u00c9\\<\\\/strong\\>nergie\\<\\\/span\\>\\<\\\/p\\><br \/>La PPE est est en France un document strat\u00e9gique de pilotage de la transition \u00e9nerg\u00e9tique\\. Institu\u00e9e par l'article 176 de la loi transition \u00e9nerg\u00e9tique \\(TECV\\)\\. Elle fixe \\(par \u00e9nergie\\) une trajectoire pour le mix \u00e9nerg\u00e9tique, ainsi que \u00ab&nbsp;\\<em\\>les priorit\u00e9s d'action pour la gestion de l\u2019ensemble des formes d'\u00e9nergie sur le territoire m\u00e9tropolitain continental, afin d\u2019atteindre les objectifs nationaux fix\u00e9s par la loi\\<\\\/em\\>&nbsp;\u00bb\\.<\/p>\n<p>Initi\u00e9e en 2016, elle est r\u00e9vis\u00e9e en 2018 puis ensuite tous les 5 ans\\.<\/p>\n<p>\\<a href\\='https\\:\\\/\\\/fr\\.wikipedia\\.org\\\/wiki\\\/Programmation_pluriannuelle_de_l'\u00e9nergi' target\\='_blank' rel\\='noopener'\\>\\<em\\>Voir ici la page Wikipedia consacr\u00e9e \u00e0 la PPE\\<\\\/em\\>\\<\\\/a\\><br \/>\\<a href\\='https\\:\\\/\\\/ppe\\.debatpublic\\.fr\\\/' target\\='_blank' rel\\='noopener'\\>\\<em\\>Voir ici la page du site 'Commission du D\u00e9bat Public' consacr\u00e9e \u00e0 la PPE\\<\\\/em\\>\\<\\\/a\\>\"; toolTips('.classtoolTips193',tt_store_content,'7102'); <\/script><script type=\"text\/javascript\"> var tt_store_content = \"\\<\/p>\n<p style\\='text\\-align\\: center;'\\>\\<span style\\='font\\-size\\: 14pt;'\\>\\<strong\\>E\\<\\\/strong\\>volutionary \\<strong\\>P\\<\\\/strong\\>ower \\<strong\\>R\\<\\\/strong\\>eactor\\<\\\/span\\>\\<\\\/p\\><br \/>\\<\/p>\n<p style\\='text\\-align\\: justify;'\\>R\u00e9acteur nucl\u00e9aire de troisi\u00e8me g\u00e9n\u00e9ration \\(classification internationale\\), con\u00e7u et d\u00e9velopp\u00e9 par <span class='tooltipsall tooltip_post_id_5121 classtoolTips35'>Areva NP<\/span>&nbsp; au cours des ann\u00e9es 1990 et 2000\\. Il fait partie de la fili\u00e8re des r\u00e9acteurs \u00e0 eau pressuris\u00e9e\\.\\<\\\/p\\><br \/>\\<a href\\='https\\:\\\/\\\/fr\\.wikipedia\\.org\\\/wiki\\\/R%C3%A9acteur_pressuris%C3%A9_europ%C3%A9en' target\\='_blank' rel\\='noopener'\\>\\<em\\>Voir ici la fiche Wikipedia <span class='tooltipsall tooltip_post_id_5579 classtoolTips196'>EPR<\/span>\\<\\\/em\\>\\<\\\/a\\>\"; toolTips('.classtoolTips196',tt_store_content,'5579'); <\/script><script type=\"text\/javascript\"> var tt_store_content = \"\\<p\\><span class='tooltipsall tooltip_post_id_21204 classtoolTips199'>COV<\/span> \\= Compos\u00e9 Organique Volatile\\<\\\/p\\>\"; toolTips('.classtoolTips199',tt_store_content,'21204'); <\/script><script type=\"text\/javascript\"> var tt_store_content = \"\\<\/p>\n<p style\\='text\\-align\\: center;'\\>\\<strong\\>\\<span style\\='font\\-size\\: 14pt;'\\>R\\<\\\/span\\>\\<\\\/strong\\>\\<span style\\='font\\-size\\: 14pt;'\\>eferendum d'\\<strong\\>I\\<\\\/strong\\>nitiative \\<strong\\>C\\<\\\/strong\\>itoyenne\\<\\\/span\\>\\<\\\/p\\>\"; toolTips('.classtoolTips205',tt_store_content,'12268'); <\/script><script type=\"text\/javascript\"> var tt_store_content = \"\\<\/p>\n<p style\\='text\\-align\\: center;'\\>\\<span style\\='font\\-size\\: 14pt;'\\>\\<strong\\>O\\<\\\/strong\\>rganisation\\<strong\\> N\\<\\\/strong\\>on\\<strong\\> G\\<\\\/strong\\>ouvernementale\\<\\\/span\\>\\<\\\/p\\><br \/>Une organisation non gouvernementale \\(<span class='tooltipsall tooltip_post_id_3579 classtoolTips210'>ONG<\/span>\\) est une \\<a title\\='Association \u00e0 but non lucratif' href\\='https\\:\\\/\\\/fr\\.wikipedia\\.org\\\/wiki\\\/Association_%C3%A0_but_non_lucratif' target\\='_blank' rel\\='noopener'\\>association \u00e0 but non lucratif\\<\\\/a\\>, d'int\u00e9r\u00eat public, qui ne rel\u00e8ve ni de l'\u00c9tat, ni d'institutions internationales\\<sup id\\='cite_ref\\-novethic_1\\-0' class\\='reference'\\>\\<\\\/sup\\>\\. Les ONG n'ont pas le statut de sujet de \\<a title\\='Droit international public' href\\='https\\:\\\/\\\/fr\\.wikipedia\\.org\\\/wiki\\\/Droit_international_public' target\\='_blank' rel\\='noopener'\\>droit international\\<\\\/a\\>\\.\"; toolTips('.classtoolTips210',tt_store_content,'3579'); <\/script><script type=\"text\/javascript\"> var tt_store_content = \"\\<\/p>\n<p style\\='text\\-align\\: center;'\\>\\<span style\\='font\\-size\\: 14pt;'\\>\\<strong\\>O\\<\\\/strong\\>rganisation\\<strong\\> N\\<\\\/strong\\>on\\<strong\\> G\\<\\\/strong\\>ouvernementale\\<\\\/span\\>\\<\\\/p\\><br \/>Une organisation non gouvernementale \\(ONG\\) est une \\<a title\\='Association \u00e0 but non lucratif' href\\='https\\:\\\/\\\/fr\\.wikipedia\\.org\\\/wiki\\\/Association_%C3%A0_but_non_lucratif' target\\='_blank' rel\\='noopener'\\>association \u00e0 but non lucratif\\<\\\/a\\>, d'int\u00e9r\u00eat public, qui ne rel\u00e8ve ni de l'\u00c9tat, ni d'institutions internationales\\<sup id\\='cite_ref\\-novethic_1\\-0' class\\='reference'\\>\\<\\\/sup\\>\\. Les ONG n'ont pas le statut de sujet de \\<a title\\='Droit international public' href\\='https\\:\\\/\\\/fr\\.wikipedia\\.org\\\/wiki\\\/Droit_international_public' target\\='_blank' rel\\='noopener'\\>droit international\\<\\\/a\\>\\.\"; toolTips('.classtoolTips210',tt_store_content,'3579'); <\/script><script type=\"text\/javascript\"> var tt_store_content = \"\\<p\\><span class='tooltipsall tooltip_post_id_24572 classtoolTips211'>MIT<\/span> \\= Massachussets Institute of Technology, prestigieuse universit\u00e9 am\u00e9ricaine de la c\u00f4te est\\<\\\/p\\>\"; toolTips('.classtoolTips211',tt_store_content,'24572'); <\/script><script type=\"text\/javascript\"> var tt_store_content = \"\\<\/p>\n<p style\\='text\\-align\\: center;'\\>\\<strong\\>J\\<\\\/strong\\>eux \\<strong\\>O\\<\\\/strong\\>lympiques<br \/>ou<br \/>\\<strong\\>J\\<\\\/strong\\>ournal \\<strong\\>O\\<\\\/strong\\>fficiel de la R\u00e9publique Fran\u00e7aise\\<\\\/p\\>\"; toolTips('.classtoolTips213',tt_store_content,'4451'); <\/script><script type=\"text\/javascript\"> var tt_store_content = \"\\<p\\><span class='tooltipsall tooltip_post_id_30593 classtoolTips214'>RN<\/span> \\= Rassemble National, c'est le parti d'extr\u00eame droite de Marine Le Pen qui succ\u00e8de au FN \\= Front National fond\u00e9 par son p\u00e8re Jean Marie Le Pen\\<\\\/p\\>\"; toolTips('.classtoolTips214',tt_store_content,'30593'); <\/script><script type=\"text\/javascript\"> var tt_store_content = \"\\<p\\><span class='tooltipsall tooltip_post_id_30594 classtoolTips215'>LR<\/span> \\= Les R\u00e9publicains, parti politique de droite fond\u00e9 par N; Sakozy qui succ\u00e8de en 2015 \u00e0 l'UMP, Union pour une Mouvement Populaire, fond\u00e9 en 2002 compos\u00e9 de conservateurs et de gaulistes\\.\\.\\.\\.\\<\\\/p\\>\"; toolTips('.classtoolTips215',tt_store_content,'30594'); <\/script><script type=\"text\/javascript\"> var tt_store_content = \"\\<\/p>\n<p style\\='text\\-align\\: center;'\\>\\<span style\\='font\\-size\\: 14pt;'\\>\\<strong\\>C\\<\\\/strong\\>entre \\<strong\\>H\\<\\\/strong\\>ospitalier\\<\\\/span\\>\\<\\\/p\\>\"; toolTips('.classtoolTips220',tt_store_content,'18357'); <\/script><script type=\"text\/javascript\"> var tt_store_content = \"\\<p\\>D\u00e9chets radioactifs \u00e0 Haute Activit\u00e9 \\(classement <span class='tooltipsall tooltip_post_id_3612 classtoolTips79'>ANDRA<\/span>\\)\\<\\\/p\\>\"; toolTips('.classtoolTips223',tt_store_content,'19196'); <\/script><\/p>\n","protected":false},"author":2,"featured_media":0,"comment_status":"open","ping_status":"open","sticky":false,"template":"","format":"standard","meta":{"_acf_changed":false,"ngg_post_thumbnail":0,"_jetpack_memberships_contains_paid_content":false,"footnotes":""},"categories":[6,9,28,19,27],"tags":[],"coauthors":[4],"class_list":["post-20531","post","type-post","status-publish","format-standard","hentry","category-actu","category-actu_gen","category-rub_env","category-rub_env_nucl","category-rub","edition-edi_00060","type_art-type_art_article","dossier-dossiers_nucleaire_desastre","no-thumb"],"acf":[],"jetpack_featured_media_url":"","jetpack_sharing_enabled":true,"jetpack_shortlink":"https:\/\/wp.me\/p9B5TM-5l9","_links":{"self":[{"href":"https:\/\/le-clairon-nouveau.fr\/wordpress\/wp-json\/wp\/v2\/posts\/20531","targetHints":{"allow":["GET"]}}],"collection":[{"href":"https:\/\/le-clairon-nouveau.fr\/wordpress\/wp-json\/wp\/v2\/posts"}],"about":[{"href":"https:\/\/le-clairon-nouveau.fr\/wordpress\/wp-json\/wp\/v2\/types\/post"}],"author":[{"embeddable":true,"href":"https:\/\/le-clairon-nouveau.fr\/wordpress\/wp-json\/wp\/v2\/users\/2"}],"replies":[{"embeddable":true,"href":"https:\/\/le-clairon-nouveau.fr\/wordpress\/wp-json\/wp\/v2\/comments?post=20531"}],"version-history":[{"count":0,"href":"https:\/\/le-clairon-nouveau.fr\/wordpress\/wp-json\/wp\/v2\/posts\/20531\/revisions"}],"wp:attachment":[{"href":"https:\/\/le-clairon-nouveau.fr\/wordpress\/wp-json\/wp\/v2\/media?parent=20531"}],"wp:term":[{"taxonomy":"category","embeddable":true,"href":"https:\/\/le-clairon-nouveau.fr\/wordpress\/wp-json\/wp\/v2\/categories?post=20531"},{"taxonomy":"post_tag","embeddable":true,"href":"https:\/\/le-clairon-nouveau.fr\/wordpress\/wp-json\/wp\/v2\/tags?post=20531"},{"taxonomy":"author","embeddable":true,"href":"https:\/\/le-clairon-nouveau.fr\/wordpress\/wp-json\/wp\/v2\/coauthors?post=20531"}],"curies":[{"name":"wp","href":"https:\/\/api.w.org\/{rel}","templated":true}]}}