{"id":20639,"date":"2019-12-23T14:40:18","date_gmt":"2019-12-23T13:40:18","guid":{"rendered":"https:\/\/le-clairon-nouveau.fr\/wordpress\/?p=20639"},"modified":"2019-12-23T15:02:56","modified_gmt":"2019-12-23T14:02:56","slug":"chienne-de-retraite","status":"publish","type":"post","link":"https:\/\/le-clairon-nouveau.fr\/wordpress\/blog\/2019\/12\/23\/chienne-de-retraite\/","title":{"rendered":"Chienne de retraite !"},"content":{"rendered":"<div id=\"attachment_20648\" style=\"width: 810px\" class=\"wp-caption aligncenter\"><img data-recalc-dims=\"1\" loading=\"lazy\" decoding=\"async\" aria-describedby=\"caption-attachment-20648\" class=\"wp-image-20648 size-full\" src=\"https:\/\/i0.wp.com\/le-clairon-nouveau.fr\/wordpress\/wp-content\/uploads\/2019\/12\/Chienne-de-Retraite.png?resize=800%2C440&#038;ssl=1\" alt=\"\" width=\"800\" height=\"440\" srcset=\"https:\/\/i0.wp.com\/le-clairon-nouveau.fr\/wordpress\/wp-content\/uploads\/2019\/12\/Chienne-de-Retraite.png?w=800&amp;ssl=1 800w, https:\/\/i0.wp.com\/le-clairon-nouveau.fr\/wordpress\/wp-content\/uploads\/2019\/12\/Chienne-de-Retraite.png?resize=300%2C165&amp;ssl=1 300w, https:\/\/i0.wp.com\/le-clairon-nouveau.fr\/wordpress\/wp-content\/uploads\/2019\/12\/Chienne-de-Retraite.png?resize=768%2C422&amp;ssl=1 768w\" sizes=\"auto, (max-width: 800px) 100vw, 800px\" \/><p id=\"caption-attachment-20648\" class=\"wp-caption-text\"><center><span style=\"font-size: 8pt;\">Montage effectu\u00e9 \u00e0 partir d&rsquo;images obtenues sur Pixabay<\/span><\/center><\/p><\/div>\n<p style=\"text-align: justify;\">Le syst\u00e8me fran\u00e7ais des retraites est chose complexe, et la compr\u00e9hension de son m\u00e9canisme, de son financement et de son adaptation aux transformations \u00e9conomiques et sociales n\u00e9cessite un effort important de documentation et de r\u00e9flexion. Cette complexit\u00e9 en fait, pour la majorit\u00e9 d&rsquo;entre nous, une affaire de sp\u00e9cialistes et pousse le plus grand nombre \u00e0 se ranger \u00e0 la p\u00e9dagogie simpliste d\u00e9ploy\u00e9e par le gouvernement pour \u00ab\u00a0faire passer la pilule\u00a0\u00bb. Comme trop souvent, cette p\u00e9dagogie de pacotille est reprise sans filtre par de nombreux m\u00e9dias, notamment audio-visuels <sup><a href=\"#footnote_1_20639\" id=\"identifier_1_20639\" class=\"footnote-link footnote-identifier-link\" title=\"c&rsquo;est un fait bien &eacute;tabli que le message t&eacute;l&eacute;visuel est celui qui &laquo;&nbsp;passe&nbsp;&raquo; le plus facilement, suivi par le message radiophonique. A l&rsquo;inverse, lire demande plus d&rsquo;effort et de concentration\">(1)<\/a><\/sup>, dont la complaisance est un v\u00e9ritable poison pour l&rsquo;esprit critique de nos concitoyens.<\/p>\n<p style=\"text-align: justify;\">Au Clairon, nous ne saurions pr\u00e9tendre ma\u00eetriser la complexit\u00e9 de notre syst\u00e8me de retraites. En revanche, nous tentons de rester vigilants face aux simplismes pr\u00e9sent\u00e9s comme des \u00e9vidences par le gouvernement. Ainsi, la lecture de plusieurs articles de presse r\u00e9cents sur le sujet nous a donn\u00e9 l&rsquo;id\u00e9e de revenir sur certaines fausses \u00e9vidences assen\u00e9es par le \u00ab\u00a0retraiticide\u00a0\u00bb pour justifier ses choix et sonner l&rsquo;hallali de la retraite par r\u00e9partition.<\/p>\n<h3 style=\"text-align: justify;\"><span style=\"color: #808080;\"><em>Le financement de nos retraites est-il menac\u00e9 \u00e0 l&rsquo;horizon 2030 ?<\/em><\/span><\/h3>\n<p style=\"text-align: justify;\">Non.<\/p>\n<p style=\"text-align: justify;\">Selon un r\u00e9cent rapport du <span class='tooltipsall tooltip_post_id_7751 classtoolTips165'>COR<\/span>, cit\u00e9 par le magazine \u00ab\u00a0Alternatives \u00c9conomiques\u00a0\u00bb, si \u00e0 l&rsquo;heure actuelle le financement est \u00e0 l&rsquo;\u00e9quilibre, occupant une part de 13,8 % du <span class='tooltipsall tooltip_post_id_4470 classtoolTips177'>PIB<\/span>, sa part dans le PIB devrait passer \u00e0 une fourchette comprise entre 13,6 % (-0,2%) et 13,9 % (+0,1%) selon les pr\u00e9visions de croissance <sup><a href=\"#footnote_2_20639\" id=\"identifier_2_20639\" class=\"footnote-link footnote-identifier-link\" title=\"au passage, on notera que cette part &eacute;tait de 14,1 % du PIB en 2014\">(2)<\/a><\/sup>. Le besoin de financement du syst\u00e8me des retraites, apr\u00e8s avoir connu un maximum de 6 % en 2011, n&rsquo;est plus que de 1 % en 2018.<\/p>\n<p style=\"text-align: justify;\">Rien d&rsquo;affolant donc, surtout lorsque l&rsquo;on apprend \u00ab\u00a0en m\u00eame temps\u00a0\u00bb que <strong>le patrimoine net du syst\u00e8me de retraite<\/strong>, toujours selon le COR, <strong>est de 127,6 milliards&nbsp;\u20ac,<\/strong> ce qui repr\u00e9sente pas moins de <strong>cinq fois le d\u00e9ficit cumul\u00e9 projet\u00e9 \u00e0 2030<\/strong>. Il n&rsquo;y a donc pas p\u00e9ril en la demeure.<\/p>\n<p style=\"text-align: justify;\"><strong>La question du financement de nos retraites ne peut donc pas, en l&rsquo;\u00e9tat, repr\u00e9senter un motif s\u00e9rieux pour justifier la r\u00e9forme de ce syst\u00e8me.<\/strong><\/p>\n<p style=\"text-align: justify;\"><em>En revanche, des \u00e9l\u00e9ments objectifs vont certainement compliquer ce financement. Parmi eux&nbsp;:<\/em><\/p>\n<ul>\n<li style=\"text-align: justify;\"><em>la baisse g\u00e9n\u00e9ralis\u00e9e des niveaux de salaire, qui risque de s&rsquo;accentuer \u00e0 la suite de la refonte du code du travail, engendrera une baisse des cotisations,<\/em><\/li>\n<li style=\"text-align: justify;\"><em>la r\u00e9duction des emplois dans la fonction publique, voulue par le gouvernement, engendrera elle aussi une baisse des cotisations,<\/em><\/li>\n<li style=\"text-align: justify;\"><em>la baisse des cotisations sociales des entreprises <sup><a href=\"#footnote_3_20639\" id=\"identifier_3_20639\" class=\"footnote-link footnote-identifier-link\" title=\"notamment la transformation du CICE en abaissement des charges sociales\">(3)<\/a><\/sup> repr\u00e9sente un manque \u00e0 gagner important pour les dispositifs sociaux de redistribution.<\/em><\/li>\n<\/ul>\n<h3><span style=\"color: #808080;\"><em>Les retrait\u00e9s partent-ils trop t\u00f4t&nbsp;?<\/em><\/span><\/h3>\n<p style=\"text-align: justify;\">C&rsquo;est l&rsquo;un des arguments du gouvernement pour justifier l&rsquo;allongement de la dur\u00e9e de cotisation afin de toucher une retraite \u00e0 taux plein.<\/p>\n<p style=\"text-align: justify;\"><strong>L\u00e0 encore, c&rsquo;est faux<\/strong> car, depuis 2008, on peut constater que l&rsquo;\u00e2ge de d\u00e9part \u00e0 la retraite augmente r\u00e9guli\u00e8rement. C&rsquo;est la cons\u00e9quence des mesures prises depuis 1990.<\/p>\n<h3 style=\"text-align: justify;\"><span style=\"color: #808080;\"><em>Les retrait\u00e9s ont-ils un niveau de vie trop \u00e9lev\u00e9&nbsp;?<\/em><\/span><\/h3>\n<p style=\"text-align: justify;\">Cet argument du gouvernement justifierait \u00e0 la fois une hausse des cotisations et une baisse des pensions. Au passage, il a le v\u00e9n\u00e9neux avantage d&rsquo;opposer les actifs et les retrait\u00e9s et de justifier, pour les premiers, le recours \u00e0 une retraite par capitalisation, destructrice du principe de solidarit\u00e9 inter-g\u00e9n\u00e9rationnelle qui anime encore actuellement notre syst\u00e8me de retraites par r\u00e9partition.<\/p>\n<p style=\"text-align: justify;\">De fait, le niveau de vie moyen des retrait\u00e9s est \u00e9quivalent \u00e0 celui des actifs. Mais dans les actifs, il y a \u00e0 la fois ceux qui ont en emploi et les <span class='tooltipsall tooltip_post_id_18357 classtoolTips220'>ch<\/span>\u00f4meurs. En r\u00e9alit\u00e9, le niveau de vie moyen des retrait\u00e9s est inf\u00e9rieur \u00e0 celui des actifs ayant un emploi, mais il est sup\u00e9rieur \u00e0 celui des ch\u00f4meurs, ce qui ne constitue pas une surprise. Cela dit, il faut rappeler qu&rsquo;on trouvera toujours des retrait\u00e9s plus riches que des actifs ayant un emploi, ne serait-ce que parce que la retraite est calcul\u00e9e sur la base d&rsquo;un salaire moyen.<\/p>\n<p style=\"text-align: justify;\">Plus important, il faut aussi garder \u00e0 l&rsquo;esprit que les retrait\u00e9s les plus \u00e2g\u00e9s ont b\u00e9n\u00e9fici\u00e9 de conditions plus g\u00e9n\u00e9reuses que les plus jeunes. C&rsquo;est ainsi que l&rsquo;on peut constater que le montant moyen des retraites diminue r\u00e9guli\u00e8rement depuis 2013.<\/p>\n<p style=\"text-align: justify;\"><strong>En r\u00e9sum\u00e9, sauf \u00e0 consid\u00e9rer qu&rsquo;un retrait\u00e9 devrait vivre plus mal qu&rsquo;un actif, non, les retrait\u00e9s n&rsquo;ont pas un niveau de vie trop \u00e9lev\u00e9.<\/strong><\/p>\n<h3 style=\"text-align: justify;\"><span style=\"color: #808080;\"><em>La France d\u00e9pense-t-elle trop pour ses retrait\u00e9s&nbsp;?<\/em><\/span><\/h3>\n<p style=\"text-align: justify;\">En 2016, notre pays d\u00e9pensait 12 % de son PIB pour les retraites, ce qui la pla\u00e7ait au troisi\u00e8me rang des pays de l&rsquo;UE, derri\u00e8re la Gr\u00e8ce (12,9%) et l&rsquo;Italie (12,7%). Pour autant, d\u00e9penser beaucoup ne saurait signifier d\u00e9penser trop ou d\u00e9penser mal. Car, face \u00e0 cette d\u00e9pense, on peut constater que <strong>le taux de pauvret\u00e9 des plus de 65 ans en France est \u00e0 7,8&nbsp;%, soit le plus bas de l&rsquo;UE<\/strong>. En Gr\u00e8ce, ce taux est \u00e0 12,4&nbsp;% et en Italie il est \u00e0 15,6&nbsp;%.<\/p>\n<p style=\"text-align: justify;\"><em>Par comparaison, la vertueuse Allemagne consacrait en 2016 7,8&nbsp;% de son PIB \u00e0 ses retrait\u00e9s et cartonnait avec un taux de pauvret\u00e9 des plus de 65 ans \u00e0 17&nbsp;%, soit le plus \u00e9lev\u00e9 de l&rsquo;UE&nbsp;! Un grand bravo \u00e0 l&rsquo;ordo-lib\u00e9ralisme&nbsp;allemand pour cette remarquable performance !<\/em><\/p>\n<p style=\"text-align: justify;\">Plus fort que tout, les projections de la Commission Europ\u00e9enne, pour la p\u00e9riode 2016-2070, montrent que la d\u00e9pense fran\u00e7aise pour les retraites diminuera de 2 points de PIB alors que celle de l&rsquo;Allemagne devrait augmenter de 3 points de PIB, pour se rapprocher du mod\u00e8le fran\u00e7ais <sup><a href=\"#footnote_4_20639\" id=\"identifier_4_20639\" class=\"footnote-link footnote-identifier-link\" title=\"nous insistons sur le fait que ces projections ont &eacute;t&eacute; r&eacute;alis&eacute;es en 2016, donc bien avant le projet actuel de r&eacute;forme des retraites\">(4)<\/a><\/sup>.<\/p>\n<h3 style=\"text-align: justify;\"><span style=\"color: #808080;\"><em>Le poids relatif des retrait\u00e9s par rapport aux actifs menace-t-il l&rsquo;\u00e9quilibre du syst\u00e8me&nbsp;?<\/em><\/span><\/h3>\n<p style=\"text-align: justify;\">Voil\u00e0 bien la question \u00e0 100 balles pour laquelle une r\u00e9ponse compl\u00e8te et sinc\u00e8re sera tr\u00e8s difficile \u00e0 trouver. Pourquoi&nbsp;?<\/p>\n<p style=\"text-align: justify;\">Le fait habituellement rappel\u00e9 est que si, en 1960, le syst\u00e8me des retraites \u00e9tait assis sur un rapport de 4 actifs cotisants pour un retrait\u00e9, en 2010, ce rapport s&rsquo;\u00e9tait abaiss\u00e9 pour passer \u00e0 1,8 cotisant pour un retrait\u00e9. En toute logique, n&rsquo;importe qui entend cette affirmation se dit que, si ce taux continue \u00e0 baisser, le syst\u00e8me court \u00e0 la faillite. Cependant, nous ne savons pas si, dans les ann\u00e9es 1960, la totalit\u00e9 des cotisations avait \u00e9t\u00e9 n\u00e9cessaire pour payer les pensions de l&rsquo;\u00e9poque ou s&rsquo;il restait de quoi financer les pensions des ann\u00e9es suivantes. Qui donc est en mesure de r\u00e9pondre aux questions suivantes :<\/p>\n<ul>\n<li style=\"text-align: justify;\">de combien, dans les ann\u00e9es 1960, le r\u00e9gime des retraites \u00e9tait-il b\u00e9n\u00e9ficiaire ?<\/li>\n<li style=\"text-align: justify;\">\u00e0 partir de quelle ann\u00e9e a-t-il commenc\u00e9 \u00e0 devenir d\u00e9ficitaire en recettes annuelles et de quel montant \u00e9taient ses r\u00e9serves \u00e0 cette date ?<\/li>\n<li style=\"text-align: justify;\">comment a-t-il constitu\u00e9 son patrimoine qui se monte \u00e0 ce jour \u00e0 127 milliards \u20ac ?<\/li>\n<li style=\"text-align: justify;\">combien l\u2019\u00c9tat a-t-il pris, ann\u00e9e apr\u00e8s ann\u00e9e, dans les r\u00e9serves de ce syst\u00e8me pour financer son budget ?<\/li>\n<\/ul>\n<p style=\"text-align: justify;\"><strong>Faute de telles informations, l&rsquo;abaissement du rapport cotisants \/ retrait\u00e9s fait juste figure de chiffon rouge<\/strong> que l&rsquo;on agite sous le nez du peuple pour lui faire peur et lui faire croire qu&rsquo;il a tout compris au probl\u00e8me des retraites. Cela fera son effet dans les discussions de comptoir.<\/p>\n<p style=\"text-align: justify;\"><em>On l&rsquo;a d\u00e9j\u00e0 remarqu\u00e9 \u00e0 propos du poids des cotisations sociales, on met toujours en avant les d\u00e9penses, jamais le manque \u00e0 gagner. Cela s&rsquo;appelle juste fausser le d\u00e9bat.<\/em><\/p>\n<h3 style=\"text-align: justify;\"><span style=\"color: #808080;\"><em>Le vieillissement de la population repr\u00e9sente-t-il un risque pour notre syst\u00e8me de retraites&nbsp;?<\/em><\/span><\/h3>\n<p style=\"text-align: justify;\">Plus un retrait\u00e9 vit longtemps, plus il co\u00fbte au syst\u00e8me de retraites. C&rsquo;est m\u00eame l&rsquo;argument qui avait \u00e9t\u00e9 fort cyniquement d\u00e9velopp\u00e9 par le lobby du tabac pour influencer le gouvernement et les parlementaires&nbsp;<sup><a href=\"#footnote_5_20639\" id=\"identifier_5_20639\" class=\"footnote-link footnote-identifier-link\" title=\"prouv&eacute; et d&eacute;nonc&eacute; dans une &eacute;dition de l&rsquo;&eacute;mission &laquo;&nbsp;Cash Investigation&nbsp;&raquo; de France 2\">(5)<\/a><\/sup>: \u00ab\u00a0<em>les fumeurs vivant moins longtemps, n&rsquo;alourdissez pas les contraintes sur la vente du tabac et cela co\u00fbtera moins cher en retraites<\/em>\u00ab\u00a0.<\/p>\n<p style=\"text-align: justify;\">Si l&rsquo;esp\u00e9rance de vie augmente r\u00e9guli\u00e8rement, cette augmentation est cependant moins rapide que les projections de l&rsquo;<span class='tooltipsall tooltip_post_id_6978 classtoolTips82'>INSEE<\/span> ne le laissaient envisager. Pour la p\u00e9riode 2015-2018, l&rsquo;esp\u00e9rance de vie observ\u00e9e se situe \u00e0 peine au niveau des projections les plus basses. Cela tend \u00e0 montrer que, \u00e0 moyen terme, le nombre de retrait\u00e9s n&rsquo;augmentera pas significativement du fait de l&rsquo;allongement de la dur\u00e9e de vie.<\/p>\n<p style=\"text-align: justify;\">L\u00e0 encore, cet argument, souvent distill\u00e9 par certains m\u00e9dias, n\u00e9cessiterait a minima d&rsquo;\u00eatre pr\u00e9sent\u00e9 dans toute sa complexit\u00e9 et avec les r\u00e9serves d&rsquo;usage, particuli\u00e8rement lorsque l&rsquo;on \u00e9voque des projections dans le futur. La pr\u00e9vision, que ce soit dans le domaine des retraites, de la m\u00e9t\u00e9o ou tout autre domaine, ne saurait \u00eatre consid\u00e9r\u00e9e comme une science exacte.<\/p>\n<h3 style=\"text-align: justify;\"><span style=\"color: #808080;\"><em>La r\u00e9forme des retraites version Macron sera-t-elle juste et universelle ?<\/em><\/span><\/h3>\n<p style=\"text-align: justify;\">D\u00e9j\u00e0, il faudrait s&rsquo;entendre sur ce que l&rsquo;on pourrait appeler une retraite juste et universelle et nous n&rsquo;avons pas entendu une telle d\u00e9finition de la part du gouvernement. Quand les \u00e9l\u00e9ments de langage remplacent l&rsquo;incitation \u00e0 la r\u00e9flexion, toutes les approximations sont permises.<\/p>\n<p style=\"text-align: justify;\"><strong>Si l&rsquo;on parle d&rsquo;\u00e9galit\u00e9 de niveau de vie<\/strong>, comment la justice pourrait-elle \u00eatre au rendez-vous ? La r\u00e9forme envisag\u00e9e ne pr\u00e9voit tout au plus que de r\u00e9duire \u00e0 la marge l&rsquo;alignement du niveau des pensions sur celui des salaires. Ceux dont les salaires seront les plus \u00e9lev\u00e9s auront, comme actuellement, une meilleure pension que les autres. Et si l&rsquo;on ajoute que le syst\u00e8me envisag\u00e9 renforcera in\u00e9vitablement la souscription \u00e0 des produits d&rsquo;\u00e9pargne-retraite pour ceux qui en auront les moyens, cela ne fera que creuser l&rsquo;\u00e9cart.<\/p>\n<p style=\"text-align: justify;\">Le d\u00e9sormais ex-commissaire aux retraites Jean-Paul Delevoye, cit\u00e9 par Mediapart, l&rsquo;affirmait&nbsp;: \u00ab\u00a0<em>celui qui aura fait une belle carri\u00e8re aura une belle retraite, celui qui aura une moins bonne carri\u00e8re aura une moins bonne retraite<\/em>\u00ab\u00a0. Peut-on sonner plus explicitement la mort du principe de solidarit\u00e9 consubstantiel au syst\u00e8me actuel des retraites ?<\/p>\n<p style=\"text-align: justify;\"><strong>Bien loin d&rsquo;une pension \u00e9gale pour tous les retrait\u00e9s<\/strong>, qui ne serait pas scandaleuse d\u00e8s lors qu&rsquo;elle assurerait \u00e0 chacun les moyens de vivre dignement, <strong>nous allons vers un syst\u00e8me qui confirmera<\/strong>, <strong>dans la p\u00e9riode de retraite, les in\u00e9galit\u00e9s v\u00e9cues pendant la vie active<\/strong>, quand il ne les accentuera pas.<\/p>\n<p style=\"text-align: justify;\"><em>Et nous ne parlons pas ici des questions de p\u00e9nibilit\u00e9 ou d&rsquo;in\u00e9galit\u00e9 des chances au d\u00e9part de la vie, qui n\u00e9cessiteraient elles aussi de longs d\u00e9veloppements.<\/em><\/p>\n<p style=\"text-align: justify;\"><strong>Quant \u00e0 l&rsquo;universalit\u00e9<\/strong>, que le gouvernement mat\u00e9rialise par la suppression des r\u00e9gimes dits sp\u00e9ciaux, on ne peut pas dire que c&rsquo;est gagn\u00e9 quand on apprend, il y a peu, qu&rsquo;il a suffi que les policiers montrent un peu les dents pour que le ministre Castaner d\u00e9cide le maintien de leur r\u00e9gime actuel de retraite. Du c\u00f4t\u00e9 des s\u00e9nateurs, m\u00eame son de cloche : pas question qu&rsquo;ils renoncent au fonds sp\u00e9cifique qu&rsquo;ils ont constitu\u00e9 de longue date. Traduction : quand on a le pouvoir de s&rsquo;opposer \u00e0 la volont\u00e9 pr\u00e9sidentielle, on l&rsquo;exerce et, pour l&rsquo;heure, cela donne des r\u00e9sultats. \u00c9tonnez-vous, apr\u00e8s cela, que de nombreuses professions se retrouvent dans la rue, au sein d&rsquo;un mouvement puissant et durable, pour contester cette r\u00e9forme.<\/p>\n<p style=\"text-align: justify;\"><strong>Donc, non, la r\u00e9forme des retraites ne sera ni juste ni universelle.<\/strong><\/p>\n<h3 style=\"text-align: justify;\"><span style=\"color: #808080;\"><em>Mais alors, qu&rsquo;est-ce qui peut bien expliquer cette r\u00e9forme&nbsp;des retraites ?<\/em><\/span><\/h3>\n<p style=\"text-align: justify;\">Nous venons de voir, au fil des quelques questions ci-dessus, qu&rsquo;il faudrait d&rsquo;autres arguments pour justifier la pr\u00e9tendue rage du chien \u00ab\u00a0Retraite\u00a0\u00bb. Or, les arguments existent certainement, mais ils ne sont pas forc\u00e9ment pr\u00e9sentables et surtout ils ne portent pas sur la maladie suppos\u00e9e du \u00ab\u00a0iench\u00a0\u00bb <sup><a href=\"#footnote_6_20639\" id=\"identifier_6_20639\" class=\"footnote-link footnote-identifier-link\" title=\"&laquo;&nbsp;chien&nbsp;&raquo; en verlan\">(6)<\/a><\/sup>.<\/p>\n<p style=\"text-align: justify;\">Dans son article de Mediapart, Romaric Godin \u00e9voque la n\u00e9cessit\u00e9, pour Macron, non d&rsquo;\u00e9quilibrer les finances de l\u2019\u00c9tat, mais plut\u00f4t de retrouver des marges de man\u0153uvre visant \u00e0 financer des baisses d&rsquo;imp\u00f4t, en vue de favoriser la comp\u00e9titivit\u00e9 des entreprises (ou du capital?) fran\u00e7aises.<\/p>\n<p style=\"text-align: justify;\">Pour cela, le syst\u00e8me dit \u00ab\u00a0\u00e0 points\u00a0\u00bb, s&rsquo;il vise \u00e0 garantir le nombre de points obtenus par cotisation, <strong>est construit pour ne pas garantir la valeur de ce point :<\/strong> la valeur du point de retraite ne sera pas automatiquement index\u00e9e sur l&rsquo;indice du co\u00fbt de la vie et surtout, les gouvernements auront toute latitude pour geler la valeur de ce point, comme ils le font r\u00e9guli\u00e8rement pour les revenus de la fonction publique. D\u00e8s lors,<\/p>\n<ul>\n<li style=\"text-align: justify;\">ils auront les mains encore plus libres pour disposer des moyens n\u00e9cessaires \u00e0 leurs politiques,<\/li>\n<li style=\"text-align: justify;\">ils n&rsquo;auront plus besoin de faire d&rsquo;autres r\u00e9formes de retraite pour retrouver des marges de man\u0153uvre financi\u00e8res. Il suffira de geler le point retraite, et tant pis pour ceux que cela plongera dans la pr\u00e9carit\u00e9, voire la mis\u00e8re.<\/li>\n<\/ul>\n<p style=\"text-align: justify;\">C&rsquo;est tr\u00e8s probablement la raison pour laquelle Emmanuel Macron avait nomm\u00e9 cette r\u00e9forme des retraite \u00ab\u00a0la m\u00e8re de tous les r\u00e9formes\u00a0\u00bb. Et c&rsquo;est pr\u00e9occupant, car cela ne pr\u00e9<span class='tooltipsall tooltip_post_id_19394 classtoolTips134'>sage<\/span> rien de bon pour les r\u00e9formes \u00e0 venir.<\/p>\n<p style=\"text-align: justify;\">Au-del\u00e0, ce dispositif est si peu s\u00e9curisant pour les futurs retrait\u00e9s, que ceux-ci seront pouss\u00e9s \u00e0 souscrire \u00e0 des produits d&rsquo;\u00e9pargne-retraite. Et \u00e7\u00e0, c&rsquo;est encore tout bon pour les milieux financiers qui, dit-on, estiment que le bas de laine des fran\u00e7ais n&rsquo;est pas assez pr\u00e9sent dans leurs actifs. C&rsquo;est probablement la raison pour laquelle le financier \u00ab\u00a0BlackRock\u00a0\u00bb <sup><a href=\"#footnote_7_20639\" id=\"identifier_7_20639\" class=\"footnote-link footnote-identifier-link\" title=\"le plus important gestionnaire d&rsquo;actifs financiers de la plan&egrave;te\">(7)<\/a><\/sup> est, selon certains sources, tr\u00e8s pr\u00e9sent aux c\u00f4t\u00e9s de not&rsquo; pr\u00e9sident \u00e0 l&rsquo;Elys\u00e9e.<\/p>\n<p style=\"text-align: justify;\">Voil\u00e0 des raisons autrement plus plausibles pour lesquelles le larbin malfaisant de la haute finance, qui occupe actuellement le fauteuil de pr\u00e9sident de la r\u00e9publique, veut tuer le chien \u00ab\u00a0Retraite\u00a0\u00bb. Et pour exhorter le peuple \u00e0 justifier son forfait, il fait diffuser par ses laquais des justifications qui n&rsquo;en sont pas.<\/p>\n<p style=\"text-align: justify;\">Pour terminer, ne trouvez-vous pas \u00e9trange l&rsquo;\u00e9nergie consacr\u00e9e par le gouvernement \u00e0 s&rsquo;acharner sur la retraite, quand on la compare avec l&rsquo;apathie dont il fait preuve pour agir efficacement contre le changement climatique&nbsp;?<\/p>\n<p style=\"text-align: right;\"><em>Jean Cordier, pour le Clairon de l&rsquo;Atax, le 23 d\u00e9cembre 2019<\/em><\/p>\n<script type=\"text\/javascript\"> var tt_store_content = \"\\<span class\\='st'\\>L'Institut National de la Statistique et des Etudes Economiques collecte, produit, analyse et diffuse des informations sur l'\u00e9conomie et la soci\u00e9t\u00e9 fran\u00e7aises\\.\\<\\\/span\\>\"; toolTips('.classtoolTips82',tt_store_content,'6978'); <\/script><script type=\"text\/javascript\"> var tt_store_content = \"\\<span class\\='st'\\>L'Institut National de la Statistique et des Etudes Economiques collecte, produit, analyse et diffuse des informations sur l'\u00e9conomie et la soci\u00e9t\u00e9 fran\u00e7aises\\.\\<\\\/span\\>\"; toolTips('.classtoolTips82',tt_store_content,'6978'); <\/script><script type=\"text\/javascript\"> var tt_store_content = \"\\<p style\\='text\\-align\\: center;'\\>\\<span style\\='font\\-size\\: 14pt;'\\>\\<strong\\>C\\<\\\/strong\\>r\u00e9dit d'Imp\u00f4t pour la \\<strong\\>C\\<\\\/strong\\>omp\u00e9titivit\u00e9 et l'\\<strong\\>E\\<\\\/strong\\>mploi\\<\\\/span\\>\\<\\\/p\\><br\/>\\<p style\\='text\\-align\\: justify;'\\>Mesure mise en place par le gouvernement de Jean\\-Marc Ayrault, en 2012 et entr\u00e9e en vigueur le 1\\<sup\\>er\\<\\\/sup\\> Janvier 2013, sous la pr\u00e9sidence de Fran\u00e7ois Hollande, visant \u00e0 soutenir les entreprises fran\u00e7aises par un all\u00e8gement des charges li\u00e9es aux salaires inf\u00e9rieurs \u00e0 2,5 SMIC\\. Le but de cette mesure, tr\u00e8s co\u00fbteuse pour la collectivit\u00e9 \\(13 mds \u20ac en 2013 et 20 mds&nbsp; \u20ac en 2014\\), \u00e9tait de dynamiser les embauches par les entreprises\\.<br\/>Dans les faits, elle aurait surtout servi aux entreprises \u00e0 reconstituer leurs marges et cela d'autant plus facilement qu'elle n'\u00e9tait assortie d'aucun contr\u00f4le du respect, par les entreprises, des conditions d'\u00e9ligibilit\u00e9\\.\\<\\\/p\\><br\/>\\<a href\\='https\\:\\\/\\\/fr\\.wikipedia\\.org\\\/wiki\\\/Cr%C3%A9dit_d%27imp%C3%B4t_pour_la_comp%C3%A9titivit%C3%A9_et_l%27emploi' target\\='_blank' rel\\='noopener'\\>Acc\u00e9der ici \u00e0 la fiche Wikipedia sur le <span class='tooltipsall tooltip_post_id_5648 classtoolTips102'>CICE<\/span>\\<\\\/a\\>\"; toolTips('.classtoolTips102',tt_store_content,'5648'); <\/script><script type=\"text\/javascript\"> var tt_store_content = \"\\<p\\>SAGE \\= \\<span class\\='st'\\> sch\u00e9ma d'am\u00e9nagement et de gestion de l'eau\\<\\\/span\\> , c'est un outil de planification qui concerne l'ensemble des eaux situ\u00e9es dans un bassin versant\\<\\\/p\\>\"; toolTips('.classtoolTips134',tt_store_content,'19394'); <\/script><script type=\"text\/javascript\"> var tt_store_content = \"\\<p style\\='text\\-align\\: center;'\\>\\<strong\\>\\<span style\\='font\\-size\\: 14pt;'\\>S\\<\\\/span\\>\\<\\\/strong\\>\\<span style\\='font\\-size\\: 14pt;'\\>oci\u00e9t\u00e9 d'\\<strong\\>\u00c9\\<\\\/strong\\>conomie \\<strong\\>M\\<\\\/strong\\>ixte\\<\\\/span\\>\\<\\\/p\\><br\/>\\<p style\\='text\\-align\\: justify;'\\>En France, une soci\u00e9t\u00e9 d'\u00e9conomie mixte est une soci\u00e9t\u00e9 anonyme dont le capital est majoritairement d\u00e9tenu par une ou plusieurs personnes publiques \\(\u00e0 savoir l'\u00c9tat, une Collectivit\u00e9 territoriale, ou tout autre \u00c9tablissement public\\)\\. Cette participation majoritaire publique est plafonn\u00e9e \u00e0 85&nbsp;% du capital depuis la Loi du 2 janvier 2002\\. Au moins une personne priv\u00e9e doit participer au capital de la <span class='tooltipsall tooltip_post_id_7168 classtoolTips142'>SEM<\/span>, sachant qu'il peut s'agir d'une autre SEM\\.\\<\\\/p\\><br\/>\\<p style\\='text\\-align\\: justify;'\\>\\<strong\\>Le recours \u00e0 la SEM garantit\\<\\\/strong\\> \u00e0 la collectivit\u00e9 publique actionnaire et cocontractante \\<strong\\>la prise en compte effective de l'int\u00e9r\u00eat g\u00e9n\u00e9ral\\<\\\/strong\\> dans les objectifs de l'entreprise \\<strong\\>et la souplesse de la soci\u00e9t\u00e9 de droit priv\u00e9\\<\\\/strong\\>\\.\\<\\\/p\\><br\/>\\<em\\>\\<a href\\='https\\:\\\/\\\/fr\\.wikipedia\\.org\\\/wiki\\\/Soci%C3%A9t%C3%A9_d%27%C3%A9conomie_mixte' target\\='_blank' rel\\='noopener'\\>Voir ici la page Wikipedia consacr\u00e9e aux SEM\\<\\\/a\\> \\<\\\/em\\><br\/><br\/>&nbsp;\"; toolTips('.classtoolTips142',tt_store_content,'7168'); <\/script><script type=\"text\/javascript\"> var tt_store_content = \"\\<p style\\='text\\-align\\: center;'\\>\\<span style\\='font\\-size\\: 14pt;'\\>\\<strong\\>I\\<\\\/strong\\>mp\u00f4t sur la \\<strong\\>F\\<\\\/strong\\>ortune \\<strong\\>I\\<\\\/strong\\>mmobili\u00e8re\\<\\\/span\\>\\<\\\/p\\>\"; toolTips('.classtoolTips148',tt_store_content,'5643'); <\/script><script type=\"text\/javascript\"> var tt_store_content = \"\\<p style\\='text\\-align\\: center;'\\>\\<span style\\='font\\-size\\: 14pt;'\\>\\<strong\\>R\\<\\\/strong\\>evenu de \\<strong\\>S\\<\\\/strong\\>olidarit\u00e9 \\<strong\\>A\\<\\\/strong\\>ctive\\<\\\/span\\>\\<\\\/p\\><br\/>\\<p style\\='text\\-align\\: justify;'\\>Le revenu de solidarit\u00e9 active est une prestation sociale fran\u00e7aise, g\u00e9r\u00e9e par les conseils d\u00e9partementaux, vers\u00e9e par les <span class='tooltipsall tooltip_post_id_5652 classtoolTips155'>CAF<\/span> et les MSA et destin\u00e9e \u00e0 garantir \u00e0 ses b\u00e9n\u00e9ficiaires, qu'ils aient ou non la capacit\u00e9 de travailler, un revenu minimum, avec en contrepartie une obligation de chercher un emploi ou de d\u00e9finir et suivre un projet professionnel visant \u00e0 am\u00e9liorer sa situation financi\u00e8re\\.\\<\\\/p\\><br\/>\\<p style\\='text\\-align\\: justify;'\\>Cette prestation sociale a \u00e9t\u00e9 mise en place en 2009, en remplacement du RMI \\(revenu minimum d'insertion\\), mis en place en 1988\\.\\<\\\/p\\><br\/>\\<p style\\='text\\-align\\: justify;'\\>En 2016, 2,5 millions de personnes \u00e9taient b\u00e9n\u00e9ficiaires du <span class='tooltipsall tooltip_post_id_5651 classtoolTips154'>RSA<\/span>\\.\\<\\\/p\\><br\/>\\<em\\>\\<a href\\='https\\:\\\/\\\/fr\\.wikipedia\\.org\\\/wiki\\\/Revenu_de_solidarit%C3%A9_active' target\\='_blank' rel\\='noopener'\\>Acc\u00e9der ici \u00e0 la fiche Wikipedia traitant du RSA\\<\\\/a\\><br\/>\\<a href\\='https\\:\\\/\\\/www\\.insee\\.fr\\\/fr\\\/metadonnees\\\/definition\\\/c1718' target\\='_blank' rel\\='noopener'\\>Acc\u00e9der ici \u00e0 la d\u00e9finition du RSA fournie par l'INSEE\\<\\\/a\\>\\<\\\/em\\>\"; toolTips('.classtoolTips154',tt_store_content,'5651'); <\/script><script type=\"text\/javascript\"> var tt_store_content = \"\\<p style\\='text\\-align\\: center;'\\>\\<span style\\='font\\-size\\: 14pt;'\\>\\<strong\\>R\\<\\\/strong\\>\u00e9pertoire \\<strong\\>N\\<\\\/strong\\>ational des \\<strong\\>A\\<\\\/strong\\>ssociations\\<\\\/span\\>\\<\\\/p\\>\"; toolTips('.classtoolTips159',tt_store_content,'24374'); <\/script><script type=\"text\/javascript\"> var tt_store_content = \"\\<p style\\='text\\-align\\: center;'\\>\\<strong\\>\\<span style\\='font\\-size\\: 14pt;'\\>G\\<\\\/span\\>\\<\\\/strong\\>\\<span style\\='font\\-size\\: 14pt;'\\>az \u00e0 \\<strong\\>E\\<\\\/strong\\>ffet de \\<strong\\>S\\<\\\/strong\\>erre\\<\\\/span\\>\\<\\\/p\\><br\/>\\<p style\\='text\\-align\\: justify;'\\>Les gaz \u00e0 effet de serre \\(<span class='tooltipsall tooltip_post_id_7232 classtoolTips161'>GES<\/span>\\) sont des composants gazeux qui absorbent le rayonnement infrarouge \u00e9mis par la surface terrestre et contribuent \u00e0 l'effet de serre\\. L'augmentation de leur concentration dans l'atmosph\u00e8re terrestre est l'un des facteurs \u00e0 l'origine du r\u00e9chauffement climatique\\.\\<\\\/p\\><br\/>\\<a href\\='https\\:\\\/\\\/fr\\.wikipedia\\.org\\\/wiki\\\/Gaz_%C3%A0_effet_de_serre' target\\='_blank' rel\\='noopener'\\>\\<em\\>Voir ici la fiche Wikipedia sur les gaz \u00e0 effet de serre\\<\\\/em\\>\\<\\\/a\\>\"; toolTips('.classtoolTips161',tt_store_content,'7232'); <\/script><script type=\"text\/javascript\"> var tt_store_content = \"\\<p style\\='text\\-align\\: justify'\\>La \u00ab\u00a0\\<b\\>programmation pluriannuelle de l'\u00e9nergie\\<\\\/b\\>\u00a0\u00bb \\(<span class='tooltipsall tooltip_post_id_7750 classtoolTips164'>PPE<\/span>\\) est, en France, un document strat\u00e9gique de pilotage de la transition \u00e9nerg\u00e9tique\\. Institu\u00e9e par l'article 176 de la \\<a title\\='Loi relative \u00e0 la transition \u00e9nerg\u00e9tique pour la croissance verte' href\\='https\\:\\\/\\\/fr\\.wikipedia\\.org\\\/wiki\\\/Loi_relative_%C3%A0_la_transition_%C3%A9nerg%C3%A9tique_pour_la_croissance_verte'\\>loi de transition \u00e9nerg\u00e9tique\\<\\\/a\\> \\(TECV\\), elle fixe une trajectoire pour le \\<a title\\='Mix \u00e9nerg\u00e9tique' href\\='https\\:\\\/\\\/fr\\.wikipedia\\.org\\\/wiki\\\/Mix_%C3%A9nerg%C3%A9tique'\\>mix \u00e9nerg\u00e9tique\\<\\\/a\\>, ainsi que \\<span class\\='citation'\\>\u00ab\u00a0les priorit\u00e9s d'action pour la gestion de l\u2019ensemble des formes d'\u00e9nergie sur le territoire m\u00e9tropolitain continental, afin d\u2019atteindre les objectifs nationaux fix\u00e9s par la loi\u00a0\u00bb\\<\\\/span\\>\\. \\(Wikip\u00e9dia\\)\\<\\\/p\\>\"; toolTips('.classtoolTips164',tt_store_content,'7750'); <\/script><script type=\"text\/javascript\"> var tt_store_content = \"\\<p style\\='text\\-align\\: justify'\\>La \u00ab\u00a0\\<b\\>programmation pluriannuelle de l'\u00e9nergie\\<\\\/b\\>\u00a0\u00bb \\(PPE\\) est, en France, un document strat\u00e9gique de pilotage de la transition \u00e9nerg\u00e9tique\\. Institu\u00e9e par l'article 176 de la \\<a title\\='Loi relative \u00e0 la transition \u00e9nerg\u00e9tique pour la croissance verte' href\\='https\\:\\\/\\\/fr\\.wikipedia\\.org\\\/wiki\\\/Loi_relative_%C3%A0_la_transition_%C3%A9nerg%C3%A9tique_pour_la_croissance_verte'\\>loi de transition \u00e9nerg\u00e9tique\\<\\\/a\\> \\(TECV\\), elle fixe une trajectoire pour le \\<a title\\='Mix \u00e9nerg\u00e9tique' href\\='https\\:\\\/\\\/fr\\.wikipedia\\.org\\\/wiki\\\/Mix_%C3%A9nerg%C3%A9tique'\\>mix \u00e9nerg\u00e9tique\\<\\\/a\\>, ainsi que \\<span class\\='citation'\\>\u00ab\u00a0les priorit\u00e9s d'action pour la gestion de l\u2019ensemble des formes d'\u00e9nergie sur le territoire m\u00e9tropolitain continental, afin d\u2019atteindre les objectifs nationaux fix\u00e9s par la loi\u00a0\u00bb\\<\\\/span\\>\\. \\(Wikip\u00e9dia\\)\\<\\\/p\\>\"; toolTips('.classtoolTips164',tt_store_content,'7750'); <\/script><script type=\"text\/javascript\"> var tt_store_content = \"\\<p style\\='text\\-align\\: justify;'\\>Le Conseil d'Orientation des Retraites est une instance qui r\u00e9unit &nbsp;\\<span class\\='st'\\>les principaux acteurs du champ des retraites\\<\\\/span\\> et effectue un travail d'\u00e9tudes et de concertation\\. Compos\u00e9 de parlementaires, de repr\u00e9sentants des organisations professionnelles et syndicales, des retrait\u00e9s et des familles, de membres de l'administration et d'experts, le Conseil d'orientation des retraites \\(COR\\) est plac\u00e9 aupr\u00e8s du Premier ministre\\.\\<\\\/p\\>\"; toolTips('.classtoolTips165',tt_store_content,'7751'); <\/script><script type=\"text\/javascript\"> var tt_store_content = \"\\<p style\\='text\\-align\\: center;'\\>\\<span style\\='font\\-size\\: 14pt;'\\>\\<strong\\>O\\<\\\/strong\\>rganisation \\<strong\\>M\\<\\\/strong\\>\u00e9t\u00e9orologique \\<strong\\>M\\<\\\/strong\\>ondiale<br\/>\\<strong\\>W\\<\\\/strong\\>orld \\<strong\\>M\\<\\\/strong\\>eteorological \\<strong\\>O\\<\\\/strong\\>rganization\\<\\\/span\\>\\<\\\/p\\><br\/>&nbsp;<br\/><br\/>\\<a href\\='https\\:\\\/\\\/public\\.wmo\\.int\\\/fr' target\\='_blank' rel\\='noopener'\\>\\<em\\>Acc\u00e9der ici au site de l'organisation\\<\\\/em\\>\\<\\\/a\\>\"; toolTips('.classtoolTips168',tt_store_content,'7763'); <\/script><script type=\"text\/javascript\"> var tt_store_content = \"\\<p style\\='text\\-align\\: center;'\\>\\<span style\\='font\\-size\\: 14pt;'\\>\\<strong\\>\u00c9\\<\\\/strong\\>cole \\<strong\\>N\\<\\\/strong\\>ationale d'\\<strong\\>A\\<\\\/strong\\>dministration\\<\\\/span\\>\\<\\\/p\\>\"; toolTips('.classtoolTips170',tt_store_content,'5213'); <\/script><script type=\"text\/javascript\"> var tt_store_content = \"\\<p style\\='text\\-align\\: justify'\\>\\<span class\\='ILfuVd'\\>La politique agricole commune \\(\\<b\\><span class='tooltipsall tooltip_post_id_11364 classtoolTips174'>PAC<\/span>\\<\\\/b\\>\\) est une politique mise en place \u00e0 l'\u00e9chelle de l'Union europ\u00e9enne\\. \u00c0 l'origine, elle est fond\u00e9e principalement sur des mesures de contr\u00f4le des prix et de subventionnement, visant \u00e0 moderniser et d\u00e9velopper l'agriculture\\.\\<\\\/span\\> \\(source Wikipedia\\)\\<\\\/p\\>\"; toolTips('.classtoolTips174',tt_store_content,'11364'); <\/script><script type=\"text\/javascript\"> var tt_store_content = \"\\<p style\\='text\\-align\\: center;'\\>\\<span style\\='font\\-size\\: 14pt;'\\>\\<strong\\>P\\<\\\/strong\\>\\<\\\/span\\>\\<span style\\='font\\-size\\: 14pt;'\\>lan \\<strong\\>L\\<\\\/strong\\>\\<\\\/span\\>\\<span style\\='font\\-size\\: 14pt;'\\>ocal d'\\<strong\\>U\\<\\\/strong\\>\\<\\\/span\\>\\<span style\\='font\\-size\\: 14pt;'\\>rbanisme\\<\\\/span\\>\\<\\\/p\\><br\/>&nbsp;\"; toolTips('.classtoolTips176',tt_store_content,'4979'); <\/script><script type=\"text\/javascript\"> var tt_store_content = \"\\<p style\\='text\\-align\\: center;'\\>\\<strong\\>P\\<\\\/strong\\>roduit \\<strong\\>I\\<\\\/strong\\>nt\u00e9rieur \\<strong\\>B\\<\\\/strong\\>rut\\<\\\/p\\><br\/>Indicateur \u00e9conomique, le PIB repr\u00e9sente la valeur de la richesse \\('valeur ajout\u00e9e\\)' cr\u00e9\u00e9e par un territoire donn\u00e9, pendant une p\u00e9riode donn\u00e9e, par les activit\u00e9s \u00e9conomiques situ\u00e9es sur ce territoire\\. En g\u00e9n\u00e9ral, on parle de PIB pour une ann\u00e9e donn\u00e9e\\.<br\/><br\/>\\<a href\\='https\\:\\\/\\\/fr\\.wikipedia\\.org\\\/wiki\\\/Produit_int%C3%A9rieur_brut' target\\='_blank' rel\\='noopener'\\>Voir ici la fiche Wikipedia sur le sujet\\<\\\/a\\><br\/><br\/>&nbsp;\"; toolTips('.classtoolTips177',tt_store_content,'4470'); <\/script><script type=\"text\/javascript\"> var tt_store_content = \"\\<p\\>Conseil \u00c9conomique et Social\\<\\\/p\\>\"; toolTips('.classtoolTips180',tt_store_content,'29829'); <\/script><script type=\"text\/javascript\"> var tt_store_content = \"\\<p style\\='text\\-align\\: center;'\\>\\<span style\\='font\\-size\\: 14pt;'\\>\\<strong\\>G\\<\\\/strong\\>roupement \\<strong\\>H\\<\\\/strong\\>ospitalier de \\<strong\\>T\\<\\\/strong\\>erritoire\\<\\\/span\\>\\<\\\/p\\><br\/>\\<p style\\='text\\-align\\: justify;'\\>Les groupements hospitaliers de territoires, dispositif pr\u00e9vu par la loi de sant\u00e9 2016, sont un nouveau mode de coop\u00e9ration entre les \u00e9tablissements publics de sant\u00e9 \u00e0 l\u2019\u00e9chelle d\u2019un territoire\\<\\\/p\\>\"; toolTips('.classtoolTips189',tt_store_content,'18358'); <\/script><script type=\"text\/javascript\"> var tt_store_content = \"\\<p style\\='text\\-align\\: center;'\\>\\<span style\\='font\\-size\\: 14pt;'\\>\\<strong\\>C\\<\\\/strong\\>omit\u00e9 \\<strong\\>T\\<\\\/strong\\>echnique d'\\<strong\\>\u00c9\\<\\\/strong\\>tablissement\\<\\\/span\\>\\<\\\/p\\>\"; toolTips('.classtoolTips191',tt_store_content,'18359'); <\/script><script type=\"text\/javascript\"> var tt_store_content = \"\\<p style\\='text\\-align\\: center;'\\>\\<strong\\>\\<span style\\='font\\-size\\: 14pt;'\\>P\\<\\\/span\\>\\<\\\/strong\\>\\<span style\\='font\\-size\\: 14pt;'\\>rogrammation \\<strong\\>P\\<\\\/strong\\>luri\\-annuelle de l'\\<strong\\>\u00c9\\<\\\/strong\\>nergie\\<\\\/span\\>\\<\\\/p\\><br\/>La PPE est est en France un document strat\u00e9gique de pilotage de la transition \u00e9nerg\u00e9tique\\. Institu\u00e9e par l'article 176 de la loi transition \u00e9nerg\u00e9tique \\(TECV\\)\\. Elle fixe \\(par \u00e9nergie\\) une trajectoire pour le mix \u00e9nerg\u00e9tique, ainsi que \u00ab&nbsp;\\<em\\>les priorit\u00e9s d'action pour la gestion de l\u2019ensemble des formes d'\u00e9nergie sur le territoire m\u00e9tropolitain continental, afin d\u2019atteindre les objectifs nationaux fix\u00e9s par la loi\\<\\\/em\\>&nbsp;\u00bb\\.<br\/><br\/>Initi\u00e9e en 2016, elle est r\u00e9vis\u00e9e en 2018 puis ensuite tous les 5 ans\\.<br\/><br\/>\\<a href\\='https\\:\\\/\\\/fr\\.wikipedia\\.org\\\/wiki\\\/Programmation_pluriannuelle_de_l'\u00e9nergi' target\\='_blank' rel\\='noopener'\\>\\<em\\>Voir ici la page Wikipedia consacr\u00e9e \u00e0 la PPE\\<\\\/em\\>\\<\\\/a\\><br\/>\\<a href\\='https\\:\\\/\\\/ppe\\.debatpublic\\.fr\\\/' target\\='_blank' rel\\='noopener'\\>\\<em\\>Voir ici la page du site 'Commission du D\u00e9bat Public' consacr\u00e9e \u00e0 la PPE\\<\\\/em\\>\\<\\\/a\\>\"; toolTips('.classtoolTips193',tt_store_content,'7102'); <\/script><script type=\"text\/javascript\"> var tt_store_content = \"\\<p style\\='text\\-align\\: center;'\\>\\<span style\\='font\\-size\\: 14pt;'\\>\\<strong\\>E\\<\\\/strong\\>volutionary \\<strong\\>P\\<\\\/strong\\>ower \\<strong\\>R\\<\\\/strong\\>eactor\\<\\\/span\\>\\<\\\/p\\><br\/>\\<p style\\='text\\-align\\: justify;'\\>R\u00e9acteur nucl\u00e9aire de troisi\u00e8me g\u00e9n\u00e9ration \\(classification internationale\\), con\u00e7u et d\u00e9velopp\u00e9 par <span class='tooltipsall tooltip_post_id_5121 classtoolTips35'>Areva NP<\/span>&nbsp; au cours des ann\u00e9es 1990 et 2000\\. Il fait partie de la fili\u00e8re des r\u00e9acteurs \u00e0 eau pressuris\u00e9e\\.\\<\\\/p\\><br\/>\\<a href\\='https\\:\\\/\\\/fr\\.wikipedia\\.org\\\/wiki\\\/R%C3%A9acteur_pressuris%C3%A9_europ%C3%A9en' target\\='_blank' rel\\='noopener'\\>\\<em\\>Voir ici la fiche Wikipedia <span class='tooltipsall tooltip_post_id_5579 classtoolTips196'>EPR<\/span>\\<\\\/em\\>\\<\\\/a\\>\"; toolTips('.classtoolTips196',tt_store_content,'5579'); <\/script><script type=\"text\/javascript\"> var tt_store_content = \"\\<p style\\='text\\-align\\: center;'\\>\\<strong\\>\\<span style\\='font\\-size\\: 14pt;'\\>R\\<\\\/span\\>\\<\\\/strong\\>\\<span style\\='font\\-size\\: 14pt;'\\>eferendum d'\\<strong\\>I\\<\\\/strong\\>nitiative \\<strong\\>C\\<\\\/strong\\>itoyenne\\<\\\/span\\>\\<\\\/p\\>\"; toolTips('.classtoolTips205',tt_store_content,'12268'); <\/script><script type=\"text\/javascript\"> var tt_store_content = \"\\<p\\><span class='tooltipsall tooltip_post_id_25844 classtoolTips208'>RTE<\/span> \\= R\u00e9seau de Transport d'Electricit\u00e9 est une filiale d'<span class='tooltipsall tooltip_post_id_7035 classtoolTips178'>EDF<\/span> qui est l'actionnaire majoritaire avec 50,1% des parts le reste \u00e9tant partag\u00e9 par la CDC et la CNP\\<\\\/p\\>\"; toolTips('.classtoolTips208',tt_store_content,'25844'); <\/script><script type=\"text\/javascript\"> var tt_store_content = \"\\<p style\\='text\\-align\\: center;'\\>\\<span style\\='font\\-size\\: 14pt;'\\>\\<strong\\>O\\<\\\/strong\\>rganisation\\<strong\\> N\\<\\\/strong\\>on\\<strong\\> G\\<\\\/strong\\>ouvernementale\\<\\\/span\\>\\<\\\/p\\><br\/>Une organisation non gouvernementale \\(<span class='tooltipsall tooltip_post_id_3579 classtoolTips210'>ONG<\/span>\\) est une \\<a title\\='Association \u00e0 but non lucratif' href\\='https\\:\\\/\\\/fr\\.wikipedia\\.org\\\/wiki\\\/Association_%C3%A0_but_non_lucratif' target\\='_blank' rel\\='noopener'\\>association \u00e0 but non lucratif\\<\\\/a\\>, d'int\u00e9r\u00eat public, qui ne rel\u00e8ve ni de l'\u00c9tat, ni d'institutions internationales\\<sup id\\='cite_ref\\-novethic_1\\-0' class\\='reference'\\>\\<\\\/sup\\>\\. Les ONG n'ont pas le statut de sujet de \\<a title\\='Droit international public' href\\='https\\:\\\/\\\/fr\\.wikipedia\\.org\\\/wiki\\\/Droit_international_public' target\\='_blank' rel\\='noopener'\\>droit international\\<\\\/a\\>\\.\"; toolTips('.classtoolTips210',tt_store_content,'3579'); <\/script><script type=\"text\/javascript\"> var tt_store_content = \"\\<p style\\='text\\-align\\: center;'\\>\\<span style\\='font\\-size\\: 14pt;'\\>\\<strong\\>O\\<\\\/strong\\>rganisation\\<strong\\> N\\<\\\/strong\\>on\\<strong\\> G\\<\\\/strong\\>ouvernementale\\<\\\/span\\>\\<\\\/p\\><br\/>Une organisation non gouvernementale \\(ONG\\) est une \\<a title\\='Association \u00e0 but non lucratif' href\\='https\\:\\\/\\\/fr\\.wikipedia\\.org\\\/wiki\\\/Association_%C3%A0_but_non_lucratif' target\\='_blank' rel\\='noopener'\\>association \u00e0 but non lucratif\\<\\\/a\\>, d'int\u00e9r\u00eat public, qui ne rel\u00e8ve ni de l'\u00c9tat, ni d'institutions internationales\\<sup id\\='cite_ref\\-novethic_1\\-0' class\\='reference'\\>\\<\\\/sup\\>\\. Les ONG n'ont pas le statut de sujet de \\<a title\\='Droit international public' href\\='https\\:\\\/\\\/fr\\.wikipedia\\.org\\\/wiki\\\/Droit_international_public' target\\='_blank' rel\\='noopener'\\>droit international\\<\\\/a\\>\\.\"; toolTips('.classtoolTips210',tt_store_content,'3579'); <\/script><script type=\"text\/javascript\"> var tt_store_content = \"\\<p style\\='text\\-align\\: center;'\\>\\<strong\\>J\\<\\\/strong\\>eux \\<strong\\>O\\<\\\/strong\\>lympiques<br\/>ou<br\/>\\<strong\\>J\\<\\\/strong\\>ournal \\<strong\\>O\\<\\\/strong\\>fficiel de la R\u00e9publique Fran\u00e7aise\\<\\\/p\\>\"; toolTips('.classtoolTips213',tt_store_content,'4451'); <\/script><script type=\"text\/javascript\"> var tt_store_content = \"\\<p\\><span class='tooltipsall tooltip_post_id_30593 classtoolTips214'>RN<\/span> \\= Rassemble National, c'est le parti d'extr\u00eame droite de Marine Le Pen qui succ\u00e8de au FN \\= Front National fond\u00e9 par son p\u00e8re Jean Marie Le Pen\\<\\\/p\\>\"; toolTips('.classtoolTips214',tt_store_content,'30593'); <\/script><script type=\"text\/javascript\"> var tt_store_content = \"\\<p style\\='text\\-align\\: center;'\\>\\<span style\\='font\\-size\\: 14pt;'\\>\\<strong\\>C\\<\\\/strong\\>entre \\<strong\\>H\\<\\\/strong\\>ospitalier\\<\\\/span\\>\\<\\\/p\\>\"; toolTips('.classtoolTips220',tt_store_content,'18357'); <\/script><script type=\"text\/javascript\"> var tt_store_content = \"\\<p\\>D\u00e9chets radioactifs \u00e0 Haute Activit\u00e9 \\(classement <span class='tooltipsall tooltip_post_id_3612 classtoolTips79'>ANDRA<\/span>\\)\\<\\\/p\\>\"; toolTips('.classtoolTips223',tt_store_content,'19196'); <\/script>_______________________<br>Notes<ol class=\"footnotes\"><li id=\"footnote_1_20639\" class=\"footnote\">c&rsquo;est un fait bien \u00e9tabli que le message t\u00e9l\u00e9visuel est celui qui \u00ab\u00a0passe\u00a0\u00bb le plus facilement, suivi par le message radiophonique. A l&rsquo;inverse, lire demande plus d&rsquo;effort et de concentration<span class=\"footnote-back-link-wrapper\">[<a href=\"#identifier_1_20639\" class=\"footnote-link footnote-back-link\">&#8617;<\/a>]<\/span><\/li><li id=\"footnote_2_20639\" class=\"footnote\">au passage, on notera que cette part \u00e9tait de 14,1 % du PIB en 2014<span class=\"footnote-back-link-wrapper\">[<a href=\"#identifier_2_20639\" class=\"footnote-link footnote-back-link\">&#8617;<\/a>]<\/span><\/li><li id=\"footnote_3_20639\" class=\"footnote\">notamment la transformation du CICE en abaissement des charges sociales<span class=\"footnote-back-link-wrapper\">[<a href=\"#identifier_3_20639\" class=\"footnote-link footnote-back-link\">&#8617;<\/a>]<\/span><\/li><li id=\"footnote_4_20639\" class=\"footnote\">nous insistons sur le fait que ces projections ont \u00e9t\u00e9 r\u00e9alis\u00e9es en 2016, donc bien avant le projet actuel de r\u00e9forme des retraites<span class=\"footnote-back-link-wrapper\">[<a href=\"#identifier_4_20639\" class=\"footnote-link footnote-back-link\">&#8617;<\/a>]<\/span><\/li><li id=\"footnote_5_20639\" class=\"footnote\">prouv\u00e9 et d\u00e9nonc\u00e9 dans une \u00e9dition de l&rsquo;\u00e9mission \u00ab\u00a0Cash Investigation\u00a0\u00bb de France 2<span class=\"footnote-back-link-wrapper\">[<a href=\"#identifier_5_20639\" class=\"footnote-link footnote-back-link\">&#8617;<\/a>]<\/span><\/li><li id=\"footnote_6_20639\" class=\"footnote\">\u00ab\u00a0chien\u00a0\u00bb en verlan<span class=\"footnote-back-link-wrapper\">[<a href=\"#identifier_6_20639\" class=\"footnote-link footnote-back-link\">&#8617;<\/a>]<\/span><\/li><li id=\"footnote_7_20639\" class=\"footnote\">le plus important gestionnaire d&rsquo;actifs financiers de la plan\u00e8te<span class=\"footnote-back-link-wrapper\">[<a href=\"#identifier_7_20639\" class=\"footnote-link footnote-back-link\">&#8617;<\/a>]<\/span><\/li><\/ol>_______________________","protected":false},"excerpt":{"rendered":"<p>Quand on veut tuer son chien, on l&rsquo;accuse d&rsquo;avoir la rage. Tout le monde conna\u00eet ce c\u00e9l\u00e8bre dicton. Mais pourquoi diable vouloir tuer son chien, s&rsquo;il n&rsquo;a pas r\u00e9ellement la rage\u00a0? Quelles sont les raisons profondes tout autant que cach\u00e9es de cette ardeur canicide\u00a0? Et d&rsquo;ailleurs, le canicide putatif envisage-t-il de tuer lui-m\u00eame le chien ou de le faire tuer par d&rsquo;autres, en excitant leur peur de la fatale et d\u00e9vastatrice maladie ? En <span class='tooltipsall tooltip_post_id_29829 classtoolTips180'>ces<\/span> temps agit\u00e9s, le chien c&rsquo;est la retraite, dont le projet gouvernemental de r\u00e9forme peut au moins se targuer d&rsquo;une r\u00e9ussite\u00a0: avoir mis pr\u00e8s de deux millions de personnes dans la rue au cours de trois manifestations successives sur une p\u00e9riode de 12 jours. Sans parler de l&rsquo;inconnue de la p\u00e9riode des f\u00eates qui s&rsquo;annonce et du d\u00e9but de l&rsquo;ann\u00e9e prochaine.<script type=\"text\/javascript\"> var tt_store_content = \"\\<span class\\='st'\\>L'Institut National de la Statistique et des Etudes Economiques collecte, produit, analyse et diffuse des informations sur l'\u00e9conomie et la soci\u00e9t\u00e9 fran\u00e7aises\\.\\<\\\/span\\>\"; toolTips('.classtoolTips82',tt_store_content,'6978'); <\/script><script type=\"text\/javascript\"> var tt_store_content = \"\\<span class\\='st'\\>L'Institut National de la Statistique et des Etudes Economiques collecte, produit, analyse et diffuse des informations sur l'\u00e9conomie et la soci\u00e9t\u00e9 fran\u00e7aises\\.\\<\\\/span\\>\"; toolTips('.classtoolTips82',tt_store_content,'6978'); <\/script><script type=\"text\/javascript\"> var tt_store_content = \"\\<\/p>\n<p style\\='text\\-align\\: center;'\\>\\<span style\\='font\\-size\\: 14pt;'\\>\\<strong\\>C\\<\\\/strong\\>r\u00e9dit d'Imp\u00f4t pour la \\<strong\\>C\\<\\\/strong\\>omp\u00e9titivit\u00e9 et l'\\<strong\\>E\\<\\\/strong\\>mploi\\<\\\/span\\>\\<\\\/p\\><br \/>\\<\/p>\n<p style\\='text\\-align\\: justify;'\\>Mesure mise en place par le gouvernement de Jean\\-Marc Ayrault, en 2012 et entr\u00e9e en vigueur le 1\\<sup\\>er\\<\\\/sup\\> Janvier 2013, sous la pr\u00e9sidence de Fran\u00e7ois Hollande, visant \u00e0 soutenir les entreprises fran\u00e7aises par un all\u00e8gement des charges li\u00e9es aux salaires inf\u00e9rieurs \u00e0 2,5 SMIC\\. Le but de cette mesure, tr\u00e8s co\u00fbteuse pour la collectivit\u00e9 \\(13 mds \u20ac en 2013 et 20 mds&nbsp; \u20ac en 2014\\), \u00e9tait de dynamiser les embauches par les entreprises\\.<br \/>Dans les faits, elle aurait surtout servi aux entreprises \u00e0 reconstituer leurs marges et cela d'autant plus facilement qu'elle n'\u00e9tait assortie d'aucun contr\u00f4le du respect, par les entreprises, des conditions d'\u00e9ligibilit\u00e9\\.\\<\\\/p\\><br \/>\\<a href\\='https\\:\\\/\\\/fr\\.wikipedia\\.org\\\/wiki\\\/Cr%C3%A9dit_d%27imp%C3%B4t_pour_la_comp%C3%A9titivit%C3%A9_et_l%27emploi' target\\='_blank' rel\\='noopener'\\>Acc\u00e9der ici \u00e0 la fiche Wikipedia sur le <span class='tooltipsall tooltip_post_id_5648 classtoolTips102'>CICE<\/span>\\<\\\/a\\>\"; toolTips('.classtoolTips102',tt_store_content,'5648'); <\/script><script type=\"text\/javascript\"> var tt_store_content = \"\\<p\\><span class='tooltipsall tooltip_post_id_19394 classtoolTips134'>SAGE<\/span> \\= \\<span class\\='st'\\> sch\u00e9ma d'am\u00e9nagement et de gestion de l'eau\\<\\\/span\\> , c'est un outil de planification qui concerne l'ensemble des eaux situ\u00e9es dans un bassin versant\\<\\\/p\\>\"; toolTips('.classtoolTips134',tt_store_content,'19394'); <\/script><script type=\"text\/javascript\"> var tt_store_content = \"\\<\/p>\n<p style\\='text\\-align\\: center;'\\>\\<strong\\>\\<span style\\='font\\-size\\: 14pt;'\\>S\\<\\\/span\\>\\<\\\/strong\\>\\<span style\\='font\\-size\\: 14pt;'\\>oci\u00e9t\u00e9 d'\\<strong\\>\u00c9\\<\\\/strong\\>conomie \\<strong\\>M\\<\\\/strong\\>ixte\\<\\\/span\\>\\<\\\/p\\><br \/>\\<\/p>\n<p style\\='text\\-align\\: justify;'\\>En France, une soci\u00e9t\u00e9 d'\u00e9conomie mixte est une soci\u00e9t\u00e9 anonyme dont le capital est majoritairement d\u00e9tenu par une ou plusieurs personnes publiques \\(\u00e0 savoir l'\u00c9tat, une Collectivit\u00e9 territoriale, ou tout autre \u00c9tablissement public\\)\\. Cette participation majoritaire publique est plafonn\u00e9e \u00e0 85&nbsp;% du capital depuis la Loi du 2 janvier 2002\\. Au moins une personne priv\u00e9e doit participer au capital de la <span class='tooltipsall tooltip_post_id_7168 classtoolTips142'>SEM<\/span>, sachant qu'il peut s'agir d'une autre SEM\\.\\<\\\/p\\><br \/>\\<\/p>\n<p style\\='text\\-align\\: justify;'\\>\\<strong\\>Le recours \u00e0 la SEM garantit\\<\\\/strong\\> \u00e0 la collectivit\u00e9 publique actionnaire et cocontractante \\<strong\\>la prise en compte effective de l'int\u00e9r\u00eat g\u00e9n\u00e9ral\\<\\\/strong\\> dans les objectifs de l'entreprise \\<strong\\>et la souplesse de la soci\u00e9t\u00e9 de droit priv\u00e9\\<\\\/strong\\>\\.\\<\\\/p\\><br \/>\\<em\\>\\<a href\\='https\\:\\\/\\\/fr\\.wikipedia\\.org\\\/wiki\\\/Soci%C3%A9t%C3%A9_d%27%C3%A9conomie_mixte' target\\='_blank' rel\\='noopener'\\>Voir ici la page Wikipedia consacr\u00e9e aux SEM\\<\\\/a\\> \\<\\\/em\\><\/p>\n<p>&nbsp;\"; toolTips('.classtoolTips142',tt_store_content,'7168'); <\/script><script type=\"text\/javascript\"> var tt_store_content = \"\\<\/p>\n<p style\\='text\\-align\\: center;'\\>\\<span style\\='font\\-size\\: 14pt;'\\>\\<strong\\>I\\<\\\/strong\\>mp\u00f4t sur la \\<strong\\>F\\<\\\/strong\\>ortune \\<strong\\>I\\<\\\/strong\\>mmobili\u00e8re\\<\\\/span\\>\\<\\\/p\\>\"; toolTips('.classtoolTips148',tt_store_content,'5643'); <\/script><script type=\"text\/javascript\"> var tt_store_content = \"\\<\/p>\n<p style\\='text\\-align\\: center;'\\>\\<span style\\='font\\-size\\: 14pt;'\\>\\<strong\\>R\\<\\\/strong\\>evenu de \\<strong\\>S\\<\\\/strong\\>olidarit\u00e9 \\<strong\\>A\\<\\\/strong\\>ctive\\<\\\/span\\>\\<\\\/p\\><br \/>\\<\/p>\n<p style\\='text\\-align\\: justify;'\\>Le revenu de solidarit\u00e9 active est une prestation sociale fran\u00e7aise, g\u00e9r\u00e9e par les conseils d\u00e9partementaux, vers\u00e9e par les <span class='tooltipsall tooltip_post_id_5652 classtoolTips155'>CAF<\/span> et les MSA et destin\u00e9e \u00e0 garantir \u00e0 ses b\u00e9n\u00e9ficiaires, qu'ils aient ou non la capacit\u00e9 de travailler, un revenu minimum, avec en contrepartie une obligation de chercher un emploi ou de d\u00e9finir et suivre un projet professionnel visant \u00e0 am\u00e9liorer sa situation financi\u00e8re\\.\\<\\\/p\\><br \/>\\<\/p>\n<p style\\='text\\-align\\: justify;'\\>Cette prestation sociale a \u00e9t\u00e9 mise en place en 2009, en remplacement du RMI \\(revenu minimum d'insertion\\), mis en place en 1988\\.\\<\\\/p\\><br \/>\\<\/p>\n<p style\\='text\\-align\\: justify;'\\>En 2016, 2,5 millions de personnes \u00e9taient b\u00e9n\u00e9ficiaires du <span class='tooltipsall tooltip_post_id_5651 classtoolTips154'>RSA<\/span>\\.\\<\\\/p\\><br \/>\\<em\\>\\<a href\\='https\\:\\\/\\\/fr\\.wikipedia\\.org\\\/wiki\\\/Revenu_de_solidarit%C3%A9_active' target\\='_blank' rel\\='noopener'\\>Acc\u00e9der ici \u00e0 la fiche Wikipedia traitant du RSA\\<\\\/a\\><br \/>\\<a href\\='https\\:\\\/\\\/www\\.insee\\.fr\\\/fr\\\/metadonnees\\\/definition\\\/c1718' target\\='_blank' rel\\='noopener'\\>Acc\u00e9der ici \u00e0 la d\u00e9finition du RSA fournie par l'<span class='tooltipsall tooltip_post_id_6978 classtoolTips82'>INSEE<\/span>\\<\\\/a\\>\\<\\\/em\\>\"; toolTips('.classtoolTips154',tt_store_content,'5651'); <\/script><script type=\"text\/javascript\"> var tt_store_content = \"\\<\/p>\n<p style\\='text\\-align\\: center;'\\>\\<span style\\='font\\-size\\: 14pt;'\\>\\<strong\\>R\\<\\\/strong\\>\u00e9pertoire \\<strong\\>N\\<\\\/strong\\>ational des \\<strong\\>A\\<\\\/strong\\>ssociations\\<\\\/span\\>\\<\\\/p\\>\"; toolTips('.classtoolTips159',tt_store_content,'24374'); <\/script><script type=\"text\/javascript\"> var tt_store_content = \"\\<\/p>\n<p style\\='text\\-align\\: center;'\\>\\<strong\\>\\<span style\\='font\\-size\\: 14pt;'\\>G\\<\\\/span\\>\\<\\\/strong\\>\\<span style\\='font\\-size\\: 14pt;'\\>az \u00e0 \\<strong\\>E\\<\\\/strong\\>ffet de \\<strong\\>S\\<\\\/strong\\>erre\\<\\\/span\\>\\<\\\/p\\><br \/>\\<\/p>\n<p style\\='text\\-align\\: justify;'\\>Les gaz \u00e0 effet de serre \\(<span class='tooltipsall tooltip_post_id_7232 classtoolTips161'>GES<\/span>\\) sont des composants gazeux qui absorbent le rayonnement infrarouge \u00e9mis par la surface terrestre et contribuent \u00e0 l'effet de serre\\. L'augmentation de leur concentration dans l'atmosph\u00e8re terrestre est l'un des facteurs \u00e0 l'origine du r\u00e9chauffement climatique\\.\\<\\\/p\\><br \/>\\<a href\\='https\\:\\\/\\\/fr\\.wikipedia\\.org\\\/wiki\\\/Gaz_%C3%A0_effet_de_serre' target\\='_blank' rel\\='noopener'\\>\\<em\\>Voir ici la fiche Wikipedia sur les gaz \u00e0 effet de serre\\<\\\/em\\>\\<\\\/a\\>\"; toolTips('.classtoolTips161',tt_store_content,'7232'); <\/script><script type=\"text\/javascript\"> var tt_store_content = \"\\<\/p>\n<p style\\='text\\-align\\: justify'\\>La \u00ab\u00a0\\<b\\>programmation pluriannuelle de l'\u00e9nergie\\<\\\/b\\>\u00a0\u00bb \\(<span class='tooltipsall tooltip_post_id_7750 classtoolTips164'>PPE<\/span>\\) est, en France, un document strat\u00e9gique de pilotage de la transition \u00e9nerg\u00e9tique\\. Institu\u00e9e par l'article 176 de la \\<a title\\='Loi relative \u00e0 la transition \u00e9nerg\u00e9tique pour la croissance verte' href\\='https\\:\\\/\\\/fr\\.wikipedia\\.org\\\/wiki\\\/Loi_relative_%C3%A0_la_transition_%C3%A9nerg%C3%A9tique_pour_la_croissance_verte'\\>loi de transition \u00e9nerg\u00e9tique\\<\\\/a\\> \\(TECV\\), elle fixe une trajectoire pour le \\<a title\\='Mix \u00e9nerg\u00e9tique' href\\='https\\:\\\/\\\/fr\\.wikipedia\\.org\\\/wiki\\\/Mix_%C3%A9nerg%C3%A9tique'\\>mix \u00e9nerg\u00e9tique\\<\\\/a\\>, ainsi que \\<span class\\='citation'\\>\u00ab\u00a0les priorit\u00e9s d'action pour la gestion de l\u2019ensemble des formes d'\u00e9nergie sur le territoire m\u00e9tropolitain continental, afin d\u2019atteindre les objectifs nationaux fix\u00e9s par la loi\u00a0\u00bb\\<\\\/span\\>\\. \\(Wikip\u00e9dia\\)\\<\\\/p\\>\"; toolTips('.classtoolTips164',tt_store_content,'7750'); <\/script><script type=\"text\/javascript\"> var tt_store_content = \"\\<\/p>\n<p style\\='text\\-align\\: justify'\\>La \u00ab\u00a0\\<b\\>programmation pluriannuelle de l'\u00e9nergie\\<\\\/b\\>\u00a0\u00bb \\(PPE\\) est, en France, un document strat\u00e9gique de pilotage de la transition \u00e9nerg\u00e9tique\\. Institu\u00e9e par l'article 176 de la \\<a title\\='Loi relative \u00e0 la transition \u00e9nerg\u00e9tique pour la croissance verte' href\\='https\\:\\\/\\\/fr\\.wikipedia\\.org\\\/wiki\\\/Loi_relative_%C3%A0_la_transition_%C3%A9nerg%C3%A9tique_pour_la_croissance_verte'\\>loi de transition \u00e9nerg\u00e9tique\\<\\\/a\\> \\(TECV\\), elle fixe une trajectoire pour le \\<a title\\='Mix \u00e9nerg\u00e9tique' href\\='https\\:\\\/\\\/fr\\.wikipedia\\.org\\\/wiki\\\/Mix_%C3%A9nerg%C3%A9tique'\\>mix \u00e9nerg\u00e9tique\\<\\\/a\\>, ainsi que \\<span class\\='citation'\\>\u00ab\u00a0les priorit\u00e9s d'action pour la gestion de l\u2019ensemble des formes d'\u00e9nergie sur le territoire m\u00e9tropolitain continental, afin d\u2019atteindre les objectifs nationaux fix\u00e9s par la loi\u00a0\u00bb\\<\\\/span\\>\\. \\(Wikip\u00e9dia\\)\\<\\\/p\\>\"; toolTips('.classtoolTips164',tt_store_content,'7750'); <\/script><script type=\"text\/javascript\"> var tt_store_content = \"\\<\/p>\n<p style\\='text\\-align\\: justify;'\\>Le Conseil d'Orientation des Retraites est une instance qui r\u00e9unit &nbsp;\\<span class\\='st'\\>les principaux acteurs du champ des retraites\\<\\\/span\\> et effectue un travail d'\u00e9tudes et de concertation\\. Compos\u00e9 de parlementaires, de repr\u00e9sentants des organisations professionnelles et syndicales, des retrait\u00e9s et des familles, de membres de l'administration et d'experts, le Conseil d'orientation des retraites \\(<span class='tooltipsall tooltip_post_id_7751 classtoolTips165'>COR<\/span>\\) est plac\u00e9 aupr\u00e8s du Premier ministre\\.\\<\\\/p\\>\"; toolTips('.classtoolTips165',tt_store_content,'7751'); <\/script><script type=\"text\/javascript\"> var tt_store_content = \"\\<\/p>\n<p style\\='text\\-align\\: center;'\\>\\<span style\\='font\\-size\\: 14pt;'\\>\\<strong\\>O\\<\\\/strong\\>rganisation \\<strong\\>M\\<\\\/strong\\>\u00e9t\u00e9orologique \\<strong\\>M\\<\\\/strong\\>ondiale<br \/>\\<strong\\>W\\<\\\/strong\\>orld \\<strong\\>M\\<\\\/strong\\>eteorological \\<strong\\>O\\<\\\/strong\\>rganization\\<\\\/span\\>\\<\\\/p\\><br \/>&nbsp;<\/p>\n<p>\\<a href\\='https\\:\\\/\\\/public\\.wmo\\.int\\\/fr' target\\='_blank' rel\\='noopener'\\>\\<em\\>Acc\u00e9der ici au site de l'organisation\\<\\\/em\\>\\<\\\/a\\>\"; toolTips('.classtoolTips168',tt_store_content,'7763'); <\/script><script type=\"text\/javascript\"> var tt_store_content = \"\\<\/p>\n<p style\\='text\\-align\\: center;'\\>\\<span style\\='font\\-size\\: 14pt;'\\>\\<strong\\>\u00c9\\<\\\/strong\\>cole \\<strong\\>N\\<\\\/strong\\>ationale d'\\<strong\\>A\\<\\\/strong\\>dministration\\<\\\/span\\>\\<\\\/p\\>\"; toolTips('.classtoolTips170',tt_store_content,'5213'); <\/script><script type=\"text\/javascript\"> var tt_store_content = \"\\<\/p>\n<p style\\='text\\-align\\: justify'\\>\\<span class\\='ILfuVd'\\>La politique agricole commune \\(\\<b\\><span class='tooltipsall tooltip_post_id_11364 classtoolTips174'>PAC<\/span>\\<\\\/b\\>\\) est une politique mise en place \u00e0 l'\u00e9chelle de l'Union europ\u00e9enne\\. \u00c0 l'origine, elle est fond\u00e9e principalement sur des mesures de contr\u00f4le des prix et de subventionnement, visant \u00e0 moderniser et d\u00e9velopper l'agriculture\\.\\<\\\/span\\> \\(source Wikipedia\\)\\<\\\/p\\>\"; toolTips('.classtoolTips174',tt_store_content,'11364'); <\/script><script type=\"text\/javascript\"> var tt_store_content = \"\\<\/p>\n<p style\\='text\\-align\\: center;'\\>\\<span style\\='font\\-size\\: 14pt;'\\>\\<strong\\>P\\<\\\/strong\\>\\<\\\/span\\>\\<span style\\='font\\-size\\: 14pt;'\\>lan \\<strong\\>L\\<\\\/strong\\>\\<\\\/span\\>\\<span style\\='font\\-size\\: 14pt;'\\>ocal d'\\<strong\\>U\\<\\\/strong\\>\\<\\\/span\\>\\<span style\\='font\\-size\\: 14pt;'\\>rbanisme\\<\\\/span\\>\\<\\\/p\\><br \/>&nbsp;\"; toolTips('.classtoolTips176',tt_store_content,'4979'); <\/script><script type=\"text\/javascript\"> var tt_store_content = \"\\<\/p>\n<p style\\='text\\-align\\: center;'\\>\\<strong\\>P\\<\\\/strong\\>roduit \\<strong\\>I\\<\\\/strong\\>nt\u00e9rieur \\<strong\\>B\\<\\\/strong\\>rut\\<\\\/p\\><br \/>Indicateur \u00e9conomique, le <span class='tooltipsall tooltip_post_id_4470 classtoolTips177'>PIB<\/span> repr\u00e9sente la valeur de la richesse \\('valeur ajout\u00e9e\\)' cr\u00e9\u00e9e par un territoire donn\u00e9, pendant une p\u00e9riode donn\u00e9e, par les activit\u00e9s \u00e9conomiques situ\u00e9es sur ce territoire\\. En g\u00e9n\u00e9ral, on parle de PIB pour une ann\u00e9e donn\u00e9e\\.<\/p>\n<p>\\<a href\\='https\\:\\\/\\\/fr\\.wikipedia\\.org\\\/wiki\\\/Produit_int%C3%A9rieur_brut' target\\='_blank' rel\\='noopener'\\>Voir ici la fiche Wikipedia sur le sujet\\<\\\/a\\><\/p>\n<p>&nbsp;\"; toolTips('.classtoolTips177',tt_store_content,'4470'); <\/script><script type=\"text\/javascript\"> var tt_store_content = \"\\<p\\>Conseil \u00c9conomique et Social\\<\\\/p\\>\"; toolTips('.classtoolTips180',tt_store_content,'29829'); <\/script><script type=\"text\/javascript\"> var tt_store_content = \"\\<\/p>\n<p style\\='text\\-align\\: center;'\\>\\<span style\\='font\\-size\\: 14pt;'\\>\\<strong\\>G\\<\\\/strong\\>roupement \\<strong\\>H\\<\\\/strong\\>ospitalier de \\<strong\\>T\\<\\\/strong\\>erritoire\\<\\\/span\\>\\<\\\/p\\><br \/>\\<\/p>\n<p style\\='text\\-align\\: justify;'\\>Les groupements hospitaliers de territoires, dispositif pr\u00e9vu par la loi de sant\u00e9 2016, sont un nouveau mode de coop\u00e9ration entre les \u00e9tablissements publics de sant\u00e9 \u00e0 l\u2019\u00e9chelle d\u2019un territoire\\<\\\/p\\>\"; toolTips('.classtoolTips189',tt_store_content,'18358'); <\/script><script type=\"text\/javascript\"> var tt_store_content = \"\\<\/p>\n<p style\\='text\\-align\\: center;'\\>\\<span style\\='font\\-size\\: 14pt;'\\>\\<strong\\>C\\<\\\/strong\\>omit\u00e9 \\<strong\\>T\\<\\\/strong\\>echnique d'\\<strong\\>\u00c9\\<\\\/strong\\>tablissement\\<\\\/span\\>\\<\\\/p\\>\"; toolTips('.classtoolTips191',tt_store_content,'18359'); <\/script><script type=\"text\/javascript\"> var tt_store_content = \"\\<\/p>\n<p style\\='text\\-align\\: center;'\\>\\<strong\\>\\<span style\\='font\\-size\\: 14pt;'\\>P\\<\\\/span\\>\\<\\\/strong\\>\\<span style\\='font\\-size\\: 14pt;'\\>rogrammation \\<strong\\>P\\<\\\/strong\\>luri\\-annuelle de l'\\<strong\\>\u00c9\\<\\\/strong\\>nergie\\<\\\/span\\>\\<\\\/p\\><br \/>La PPE est est en France un document strat\u00e9gique de pilotage de la transition \u00e9nerg\u00e9tique\\. Institu\u00e9e par l'article 176 de la loi transition \u00e9nerg\u00e9tique \\(TECV\\)\\. Elle fixe \\(par \u00e9nergie\\) une trajectoire pour le mix \u00e9nerg\u00e9tique, ainsi que \u00ab&nbsp;\\<em\\>les priorit\u00e9s d'action pour la gestion de l\u2019ensemble des formes d'\u00e9nergie sur le territoire m\u00e9tropolitain continental, afin d\u2019atteindre les objectifs nationaux fix\u00e9s par la loi\\<\\\/em\\>&nbsp;\u00bb\\.<\/p>\n<p>Initi\u00e9e en 2016, elle est r\u00e9vis\u00e9e en 2018 puis ensuite tous les 5 ans\\.<\/p>\n<p>\\<a href\\='https\\:\\\/\\\/fr\\.wikipedia\\.org\\\/wiki\\\/Programmation_pluriannuelle_de_l'\u00e9nergi' target\\='_blank' rel\\='noopener'\\>\\<em\\>Voir ici la page Wikipedia consacr\u00e9e \u00e0 la PPE\\<\\\/em\\>\\<\\\/a\\><br \/>\\<a href\\='https\\:\\\/\\\/ppe\\.debatpublic\\.fr\\\/' target\\='_blank' rel\\='noopener'\\>\\<em\\>Voir ici la page du site 'Commission du D\u00e9bat Public' consacr\u00e9e \u00e0 la PPE\\<\\\/em\\>\\<\\\/a\\>\"; toolTips('.classtoolTips193',tt_store_content,'7102'); <\/script><script type=\"text\/javascript\"> var tt_store_content = \"\\<\/p>\n<p style\\='text\\-align\\: center;'\\>\\<span style\\='font\\-size\\: 14pt;'\\>\\<strong\\>E\\<\\\/strong\\>volutionary \\<strong\\>P\\<\\\/strong\\>ower \\<strong\\>R\\<\\\/strong\\>eactor\\<\\\/span\\>\\<\\\/p\\><br \/>\\<\/p>\n<p style\\='text\\-align\\: justify;'\\>R\u00e9acteur nucl\u00e9aire de troisi\u00e8me g\u00e9n\u00e9ration \\(classification internationale\\), con\u00e7u et d\u00e9velopp\u00e9 par <span class='tooltipsall tooltip_post_id_5121 classtoolTips35'>Areva NP<\/span>&nbsp; au cours des ann\u00e9es 1990 et 2000\\. Il fait partie de la fili\u00e8re des r\u00e9acteurs \u00e0 eau pressuris\u00e9e\\.\\<\\\/p\\><br \/>\\<a href\\='https\\:\\\/\\\/fr\\.wikipedia\\.org\\\/wiki\\\/R%C3%A9acteur_pressuris%C3%A9_europ%C3%A9en' target\\='_blank' rel\\='noopener'\\>\\<em\\>Voir ici la fiche Wikipedia <span class='tooltipsall tooltip_post_id_5579 classtoolTips196'>EPR<\/span>\\<\\\/em\\>\\<\\\/a\\>\"; toolTips('.classtoolTips196',tt_store_content,'5579'); <\/script><script type=\"text\/javascript\"> var tt_store_content = \"\\<\/p>\n<p style\\='text\\-align\\: center;'\\>\\<strong\\>\\<span style\\='font\\-size\\: 14pt;'\\>R\\<\\\/span\\>\\<\\\/strong\\>\\<span style\\='font\\-size\\: 14pt;'\\>eferendum d'\\<strong\\>I\\<\\\/strong\\>nitiative \\<strong\\>C\\<\\\/strong\\>itoyenne\\<\\\/span\\>\\<\\\/p\\>\"; toolTips('.classtoolTips205',tt_store_content,'12268'); <\/script><script type=\"text\/javascript\"> var tt_store_content = \"\\<p\\><span class='tooltipsall tooltip_post_id_25844 classtoolTips208'>RTE<\/span> \\= R\u00e9seau de Transport d'Electricit\u00e9 est une filiale d'<span class='tooltipsall tooltip_post_id_7035 classtoolTips178'>EDF<\/span> qui est l'actionnaire majoritaire avec 50,1% des parts le reste \u00e9tant partag\u00e9 par la CDC et la CNP\\<\\\/p\\>\"; toolTips('.classtoolTips208',tt_store_content,'25844'); <\/script><script type=\"text\/javascript\"> var tt_store_content = \"\\<\/p>\n<p style\\='text\\-align\\: center;'\\>\\<span style\\='font\\-size\\: 14pt;'\\>\\<strong\\>O\\<\\\/strong\\>rganisation\\<strong\\> N\\<\\\/strong\\>on\\<strong\\> G\\<\\\/strong\\>ouvernementale\\<\\\/span\\>\\<\\\/p\\><br \/>Une organisation non gouvernementale \\(<span class='tooltipsall tooltip_post_id_3579 classtoolTips210'>ONG<\/span>\\) est une \\<a title\\='Association \u00e0 but non lucratif' href\\='https\\:\\\/\\\/fr\\.wikipedia\\.org\\\/wiki\\\/Association_%C3%A0_but_non_lucratif' target\\='_blank' rel\\='noopener'\\>association \u00e0 but non lucratif\\<\\\/a\\>, d'int\u00e9r\u00eat public, qui ne rel\u00e8ve ni de l'\u00c9tat, ni d'institutions internationales\\<sup id\\='cite_ref\\-novethic_1\\-0' class\\='reference'\\>\\<\\\/sup\\>\\. Les ONG n'ont pas le statut de sujet de \\<a title\\='Droit international public' href\\='https\\:\\\/\\\/fr\\.wikipedia\\.org\\\/wiki\\\/Droit_international_public' target\\='_blank' rel\\='noopener'\\>droit international\\<\\\/a\\>\\.\"; toolTips('.classtoolTips210',tt_store_content,'3579'); <\/script><script type=\"text\/javascript\"> var tt_store_content = \"\\<\/p>\n<p style\\='text\\-align\\: center;'\\>\\<span style\\='font\\-size\\: 14pt;'\\>\\<strong\\>O\\<\\\/strong\\>rganisation\\<strong\\> N\\<\\\/strong\\>on\\<strong\\> G\\<\\\/strong\\>ouvernementale\\<\\\/span\\>\\<\\\/p\\><br \/>Une organisation non gouvernementale \\(ONG\\) est une \\<a title\\='Association \u00e0 but non lucratif' href\\='https\\:\\\/\\\/fr\\.wikipedia\\.org\\\/wiki\\\/Association_%C3%A0_but_non_lucratif' target\\='_blank' rel\\='noopener'\\>association \u00e0 but non lucratif\\<\\\/a\\>, d'int\u00e9r\u00eat public, qui ne rel\u00e8ve ni de l'\u00c9tat, ni d'institutions internationales\\<sup id\\='cite_ref\\-novethic_1\\-0' class\\='reference'\\>\\<\\\/sup\\>\\. Les ONG n'ont pas le statut de sujet de \\<a title\\='Droit international public' href\\='https\\:\\\/\\\/fr\\.wikipedia\\.org\\\/wiki\\\/Droit_international_public' target\\='_blank' rel\\='noopener'\\>droit international\\<\\\/a\\>\\.\"; toolTips('.classtoolTips210',tt_store_content,'3579'); <\/script><script type=\"text\/javascript\"> var tt_store_content = \"\\<\/p>\n<p style\\='text\\-align\\: center;'\\>\\<strong\\>J\\<\\\/strong\\>eux \\<strong\\>O\\<\\\/strong\\>lympiques<br \/>ou<br \/>\\<strong\\>J\\<\\\/strong\\>ournal \\<strong\\>O\\<\\\/strong\\>fficiel de la R\u00e9publique Fran\u00e7aise\\<\\\/p\\>\"; toolTips('.classtoolTips213',tt_store_content,'4451'); <\/script><script type=\"text\/javascript\"> var tt_store_content = \"\\<p\\><span class='tooltipsall tooltip_post_id_30593 classtoolTips214'>RN<\/span> \\= Rassemble National, c'est le parti d'extr\u00eame droite de Marine Le Pen qui succ\u00e8de au FN \\= Front National fond\u00e9 par son p\u00e8re Jean Marie Le Pen\\<\\\/p\\>\"; toolTips('.classtoolTips214',tt_store_content,'30593'); <\/script><script type=\"text\/javascript\"> var tt_store_content = \"\\<\/p>\n<p style\\='text\\-align\\: center;'\\>\\<span style\\='font\\-size\\: 14pt;'\\>\\<strong\\>C\\<\\\/strong\\>entre \\<strong\\>H\\<\\\/strong\\>ospitalier\\<\\\/span\\>\\<\\\/p\\>\"; toolTips('.classtoolTips220',tt_store_content,'18357'); <\/script><script type=\"text\/javascript\"> var tt_store_content = \"\\<p\\>D\u00e9chets radioactifs \u00e0 Haute Activit\u00e9 \\(classement <span class='tooltipsall tooltip_post_id_3612 classtoolTips79'>ANDRA<\/span>\\)\\<\\\/p\\>\"; toolTips('.classtoolTips223',tt_store_content,'19196'); <\/script><\/p>\n","protected":false},"author":41,"featured_media":0,"comment_status":"open","ping_status":"open","sticky":false,"template":"","format":"standard","meta":{"_acf_changed":false,"ngg_post_thumbnail":0,"_jetpack_memberships_contains_paid_content":false,"footnotes":""},"categories":[9,98,5],"tags":[],"coauthors":[48],"class_list":["post-20639","post","type-post","status-publish","format-standard","hentry","category-actu_gen","category-rub_pol_economie","category-rub_pol","edition-edi_00060","type_art-type_art_article","no-thumb"],"acf":[],"jetpack_featured_media_url":"","jetpack_sharing_enabled":true,"jetpack_shortlink":"https:\/\/wp.me\/p9B5TM-5mT","_links":{"self":[{"href":"https:\/\/le-clairon-nouveau.fr\/wordpress\/wp-json\/wp\/v2\/posts\/20639","targetHints":{"allow":["GET"]}}],"collection":[{"href":"https:\/\/le-clairon-nouveau.fr\/wordpress\/wp-json\/wp\/v2\/posts"}],"about":[{"href":"https:\/\/le-clairon-nouveau.fr\/wordpress\/wp-json\/wp\/v2\/types\/post"}],"author":[{"embeddable":true,"href":"https:\/\/le-clairon-nouveau.fr\/wordpress\/wp-json\/wp\/v2\/users\/41"}],"replies":[{"embeddable":true,"href":"https:\/\/le-clairon-nouveau.fr\/wordpress\/wp-json\/wp\/v2\/comments?post=20639"}],"version-history":[{"count":0,"href":"https:\/\/le-clairon-nouveau.fr\/wordpress\/wp-json\/wp\/v2\/posts\/20639\/revisions"}],"wp:attachment":[{"href":"https:\/\/le-clairon-nouveau.fr\/wordpress\/wp-json\/wp\/v2\/media?parent=20639"}],"wp:term":[{"taxonomy":"category","embeddable":true,"href":"https:\/\/le-clairon-nouveau.fr\/wordpress\/wp-json\/wp\/v2\/categories?post=20639"},{"taxonomy":"post_tag","embeddable":true,"href":"https:\/\/le-clairon-nouveau.fr\/wordpress\/wp-json\/wp\/v2\/tags?post=20639"},{"taxonomy":"author","embeddable":true,"href":"https:\/\/le-clairon-nouveau.fr\/wordpress\/wp-json\/wp\/v2\/coauthors?post=20639"}],"curies":[{"name":"wp","href":"https:\/\/api.w.org\/{rel}","templated":true}]}}