{"id":20960,"date":"2020-02-23T12:30:45","date_gmt":"2020-02-23T11:30:45","guid":{"rendered":"https:\/\/le-clairon-nouveau.fr\/wordpress\/?p=20960"},"modified":"2020-02-16T17:04:11","modified_gmt":"2020-02-16T16:04:11","slug":"au-fait-cest-bien-les-eoliennes-en-mer","status":"publish","type":"post","link":"https:\/\/le-clairon-nouveau.fr\/wordpress\/blog\/2020\/02\/23\/au-fait-cest-bien-les-eoliennes-en-mer\/","title":{"rendered":"Au fait, c\u2019est bien les \u00e9oliennes en mer ?"},"content":{"rendered":"<p style=\"text-align: center\"><img data-recalc-dims=\"1\" loading=\"lazy\" decoding=\"async\" class=\" wp-image-20961 aligncenter\" src=\"https:\/\/i0.wp.com\/le-clairon-nouveau.fr\/wordpress\/wp-content\/uploads\/2020\/02\/image-par-Florian-Pircher-de-Pixabay.jpg?resize=601%2C222&#038;ssl=1\" alt=\"\" width=\"601\" height=\"222\" srcset=\"https:\/\/i0.wp.com\/le-clairon-nouveau.fr\/wordpress\/wp-content\/uploads\/2020\/02\/image-par-Florian-Pircher-de-Pixabay.jpg?resize=300%2C111&amp;ssl=1 300w, https:\/\/i0.wp.com\/le-clairon-nouveau.fr\/wordpress\/wp-content\/uploads\/2020\/02\/image-par-Florian-Pircher-de-Pixabay.jpg?resize=1024%2C378&amp;ssl=1 1024w, https:\/\/i0.wp.com\/le-clairon-nouveau.fr\/wordpress\/wp-content\/uploads\/2020\/02\/image-par-Florian-Pircher-de-Pixabay.jpg?resize=768%2C283&amp;ssl=1 768w, https:\/\/i0.wp.com\/le-clairon-nouveau.fr\/wordpress\/wp-content\/uploads\/2020\/02\/image-par-Florian-Pircher-de-Pixabay.jpg?w=1280&amp;ssl=1 1280w\" sizes=\"auto, (max-width: 601px) 100vw, 601px\" \/><span style=\"font-size: 8pt\"><em><strong>Ferme d\u2019\u00e9oliennes (image par Florian Pircher de Pixabay)<\/strong><\/em><\/span><\/p>\n<p style=\"text-align: justify\"><strong>La France n\u2019a pas jusqu\u2019\u00e0 pr\u00e9sent fait preuve d\u2019un tr\u00e8s grand dynamisme dans le d\u00e9ploiement des \u00e9oliennes en mer. Alors que le Royaume uni dispose en 2019 de 2000 \u00e9oliennes en mer, l\u2019Allemagne de 1500 et le petit Danemark de 510, la France n\u2019a mis en service en septembre 2018 qu\u2019une seule \u00e9olienne de d\u00e9monstration d\u2019une capacit\u00e9 de 2 <span class='tooltipsall tooltip_post_id_30103 classtoolTips217'>MW<\/span> au large du Croisic. <br \/>\nPourquoi ce retard fran\u00e7ais alors que des projets d\u2019\u00e9oliennes en mer avaient \u00e9t\u00e9 pr\u00e9sent\u00e9s d\u00e8s le milieu des ann\u00e9es 1990 ? <\/strong><\/p>\n<p style=\"text-align: justify\"><span style=\"font-size: 14pt\"><strong>Pourquoi des \u00e9oliennes en mer\u00a0?<br \/>\n<\/strong><\/span><strong><em>Avantages Techniques<\/em><\/strong> : Plus on s\u2019\u00e9loigne des c\u00f4tes et plus on va b\u00e9n\u00e9ficier d\u2019un vent plus fort : les \u00e9tudes\u00a0 men\u00e9es par les climatologues sur les vents marins\u00a0 montrent que l\u2019\u00e9nergie \u00e9olienne disponible en mer est en moyenne 3 fois plus \u00e9lev\u00e9e qu\u2019\u00e0 terre. Plus on s\u2019\u00e9loigne des c\u00f4tes et plus les vents seront r\u00e9guliers. De plus les \u00e9oliennes en mer situ\u00e9es loin des habitations n\u2019ont pas d\u2019impact sur la sant\u00e9 des populations riveraines.<\/p>\n<p style=\"text-align: justify\"><strong><em>Inconv\u00e9nients techniques\u00a0<\/em><\/strong><strong>:<\/strong> L\u2019implantation des \u00e9oliennes sur les fonds marins implique qu\u2019il faut rester assez pr\u00e8s des c\u00f4tes, \u00e0 des profondeurs relativement faibles, pour enraciner les \u00e9oliennes et donc de disposer d\u2019une ressource en vent moins puissante et r\u00e9guli\u00e8re.<\/p>\n<p style=\"text-align: justify\"><strong><em>Autres inconv\u00e9nients\u00a0<\/em><\/strong><strong>: <\/strong>Selon la nature et la profondeur des fonds marins les syst\u00e8mes d\u2019implantation sont plus ou moins complexes et co\u00fbteux. Les \u00e9oliennes en mer suscitent parfois des r\u00e9actions d\u00e9favorables dans le public (impact touristique\u00a0?) ou chez les professionnels de la mer.<\/p>\n<p><span style=\"font-size: 14pt\"><strong>Les 2 principaux types d\u2019\u00e9oliennes\u00a0en mer :<\/strong><\/span><\/p>\n<p style=\"text-align: justify\">La quasi-totalit\u00e9 des parcs d\u2019\u00e9oliennes en mer est constitu\u00e9e actuellement par les <strong>\u00e9oliennes pos\u00e9es<\/strong>, implant\u00e9es sur des hauts fonds \u00e0 une distance maximales d\u2019une dizaine de kilom\u00e8tres. Les <strong>\u00e9oliennes flottantes <\/strong>sont fix\u00e9es aux fonds marins par un syst\u00e8me d\u2019ancrage ce qui leur permet d\u2019\u00eatre \u00e9tablies plus au large, \u00e0 des profondeurs plus importantes. A l\u2019heure actuelle une seule ferme de 5 \u00e9oliennes flottantes est exploit\u00e9e commercialement en \u00c9cosse depuis 2017.<\/p>\n<p><strong>Les projets fran\u00e7ais\u00a0:<\/strong><\/p>\n<p><strong><em>\u00c9oliennes pos\u00e9es<\/em><\/strong><\/p>\n<p style=\"text-align: center\"><img data-recalc-dims=\"1\" loading=\"lazy\" decoding=\"async\" class=\" wp-image-20962 aligncenter\" src=\"https:\/\/i0.wp.com\/le-clairon-nouveau.fr\/wordpress\/wp-content\/uploads\/2020\/02\/eolien-pos%C3%A9-fondations.jpg?resize=598%2C299&#038;ssl=1\" alt=\"\" width=\"598\" height=\"299\" srcset=\"https:\/\/i0.wp.com\/le-clairon-nouveau.fr\/wordpress\/wp-content\/uploads\/2020\/02\/eolien-pos%C3%A9-fondations.jpg?resize=300%2C150&amp;ssl=1 300w, https:\/\/i0.wp.com\/le-clairon-nouveau.fr\/wordpress\/wp-content\/uploads\/2020\/02\/eolien-pos%C3%A9-fondations.jpg?w=650&amp;ssl=1 650w\" sizes=\"auto, (max-width: 598px) 100vw, 598px\" \/><span style=\"font-size: 8pt\"><strong><em>Les diff\u00e9rents types de fondation (image fers \u00e9ducation, E.ON)<\/em><\/strong><\/span><\/p>\n<p style=\"text-align: justify\">Un premier parc de 80 \u00e9oliennes en mer, d\u2019une puissance totale de 480 MW, devrait \u00eatre op\u00e9rationnel en 2022, apr\u00e8s diverses vicissitudes et recours juridiques. Il sera \u00e9tabli sur une surface de 78 km\u00b2\u00a0 \u00e0 une distance variant de 12 km \u00e0 20 km des c\u00f4tes pour des profondeurs 12 \u00e0 25 m. Sa production devrait couvrir l\u2019\u00e9quivalent de 20% des besoins en \u00e9lectricit\u00e9 du d\u00e9partement de Loire-Atlantique.<br \/>\nUn autre parc de 45 Eoliennes pos\u00e9es d\u2019une puissance totale de 600 MW, install\u00e9 au large de Dunkerque, devrait \u00eatre op\u00e9rationnel en 2026. Il permettrait\u00a0 d\u2019alimenter en \u00e9lectricit\u00e9 500.000 foyers.<\/p>\n<p><strong><em>\u00c9oliennes flottantes<\/em><\/strong><\/p>\n<p style=\"text-align: center\"><img data-recalc-dims=\"1\" loading=\"lazy\" decoding=\"async\" class=\" wp-image-20963 aligncenter\" src=\"https:\/\/i0.wp.com\/le-clairon-nouveau.fr\/wordpress\/wp-content\/uploads\/2020\/02\/eolienne-offshore-floatgen-0473-BD.jpg?resize=507%2C381&#038;ssl=1\" alt=\"\" width=\"507\" height=\"381\" \/><span style=\"font-size: 8pt\"><strong>\u00c9olienne sur flotteur b\u00e9ton (image Ideol offshore)<\/strong><\/span><\/p>\n<p><strong><em>Avantages Techniques<\/em><\/strong>\u00a0<strong><em>et autres <\/em>:<\/strong><\/p>\n<p style=\"text-align: justify\">Elles peuvent \u00eatre install\u00e9es plus loin des c\u00f4tes et donc disposer d\u2019une ressource en vent plus forte et plus stable <sup><a href=\"#footnote_1_20960\" id=\"identifier_1_20960\" class=\"footnote-link footnote-identifier-link\" title=\"le parc pilote fran&ccedil;ais de Groix &ndash;Belle Ile sera install&eacute; &agrave; 22 km des c&ocirc;tes\">(1)<\/a><\/sup>, tout en diminuant les co\u00fbts de construction et d\u2019exploitation (elles peuvent \u00eatre assembl\u00e9es \u00e0 terre et \u00e0 quai et remorqu\u00e9es au large ou r\u00e9par\u00e9es \u00e0 terre). Plus lointaines elles n\u2019ont pas d\u2019impacts sur la sant\u00e9 des riverains et sont moins ou pas du tout visibles depuis les c\u00f4tes.<\/p>\n<p><strong><em>De premiers r\u00e9sultats encourageants\u00a0<\/em><\/strong><strong>:<\/strong><\/p>\n<p style=\"text-align: justify\">L\u2019\u00e9olienne de d\u00e9monstration \u00ab Floatgen \u00bb install\u00e9e au large du Croisic a fourni des r\u00e9sultats conformes voire sup\u00e9rieurs aux attentes tant en termes de production que de r\u00e9gularit\u00e9 de fonctionnement <sup><a href=\"#footnote_2_20960\" id=\"identifier_2_20960\" class=\"footnote-link footnote-identifier-link\" title=\"Sa production annuelle en 2019 &agrave; atteint 6 GWh pour une disponibilit&eacute; de 94,6%. Elle a fait face &agrave; des houles de plus de 6,2 m&egrave;tres de hauteur significative (soit des vagues allant jusqu&rsquo;&agrave; 11,7 m&egrave;tres (source Ideol)\">(2)<\/a><\/sup>.<\/p>\n<p><strong><em>Les projets en cours<\/em><\/strong>\u00a0<strong>:<\/strong><\/p>\n<p style=\"text-align: justify\"><strong>4 fermes pilotes d\u2019\u00e9oliennes flottantes devraient \u00eatre install\u00e9es en France\u00a0: <\/strong>1 en Bretagne (<span style=\"color: #0000ff\"><strong>Groix-Belle Ille Morbihan<\/strong><\/span>\u00a0: 4 \u00e9oliennes de 6MW \u00e0 22 km des c\u00f4tes et \u00e0 une profondeur de 70m) et 3 en M\u00e9diterran\u00e9e\u00a0: (<span style=\"color: #0000ff\"><strong>Gruissan<\/strong><\/span>\u00a0: 4 \u00e9oliennes de 6,2 MW \u00e0 18 km des c\u00f4tes\u00a0 par 55 m de fond\u00a0; <strong><span style=\"color: #0000ff\">Leucate<\/span>\u00a0<\/strong>: 3 \u00e9oliennes de 6,33 MW \u00e0 16 km des c\u00f4tes par 70 m de fond\u00a0; <span style=\"color: #0000ff\"><strong>Saint Louis du Rh\u00f4ne <span style=\"color: #000000\">: <\/span><\/strong><\/span>3 \u00e9oliennes de 8,4 MW \u00e0 17 hm des c\u00f4tes par 100 m de fond.)<br \/>\n<strong>Suite au feu vert de Bruxelles <span class='tooltipsall tooltip_post_id_29829 classtoolTips180'>ces<\/span> projets b\u00e9n\u00e9ficieront d\u2019une aide financi\u00e8re publique. Ils serviront de tests pour d\u00e9finir la politique fran\u00e7aise en mati\u00e8re d\u2019\u00e9oliennes flottantes<br \/>\n<\/strong><\/p>\n<p><span style=\"font-size: 14pt\"><strong><em>Caract\u00e9ristiques techniques des \u00e9oliennes flottantes<\/em><\/strong><\/span><\/p>\n<p>On distingue 2 grands types\u00a0:<\/p>\n<ul>\n<li style=\"text-align: justify\"><strong>Les \u00e9oliennes pos\u00e9es sur un flotteur en b\u00e9ton<\/strong> (\u00e9olienne du<span style=\"color: #0000ff\"> Croisic<\/span> en service et projet de <span style=\"color: #0000ff\">Gruissan<\/span>)<\/li>\n<li style=\"text-align: justify\"><strong>Les \u00e9oliennes pos\u00e9es sur un flotteur m\u00e9tallique<\/strong> semi submersible (projet de <span style=\"color: #0000ff\">Leucate<\/span> et de<span style=\"color: #0000ff\"> Saint Louis du Rh\u00f4ne<\/span>)<\/li>\n<\/ul>\n<p style=\"text-align: justify\">Les flotteurs en b\u00e9ton pr\u00e9sentent l\u2019avantage d\u2019\u00eatre construits localement \u00e0 proximit\u00e9 du site d\u2019installation en faisant appel \u00e0 des entreprises et \u00e0 une main d\u2019\u0153uvre locale. Leur technique est \u00e9prouv\u00e9e puisqu\u2019utilis\u00e9e pour des usages marins depuis le milieu du 20<sup>\u00e8me<\/sup> si\u00e8cle. Les flotteurs m\u00e9talliques semi submersibles n\u00e9cessitent une fabrication en chaudronnerie sp\u00e9cialis\u00e9e, donc un transport plus ou moins long et d\u00e9licat jusqu\u2019au site d\u2019assemblage.<br \/>\n<span style=\"font-size: 14pt\"><strong>\u21d2<\/strong><\/span><em>\u00a0Les \u00e9oliennes des projets Gruissan et Leucate utiliseront les installations de Port la Nouvelle pour la construction, l\u2019assemblage et l\u2019entretien des \u00e9oliennes.<\/em><\/p>\n<p style=\"text-align: center\"><img data-recalc-dims=\"1\" loading=\"lazy\" decoding=\"async\" class=\" wp-image-20964 aligncenter\" src=\"https:\/\/i0.wp.com\/le-clairon-nouveau.fr\/wordpress\/wp-content\/uploads\/2020\/02\/sche%CC%81mas-eolienne-300x300.jpg?resize=504%2C504&#038;ssl=1\" alt=\"\" width=\"504\" height=\"504\" srcset=\"https:\/\/i0.wp.com\/le-clairon-nouveau.fr\/wordpress\/wp-content\/uploads\/2020\/02\/sche%CC%81mas-eolienne.jpg?resize=300%2C300&amp;ssl=1 300w, https:\/\/i0.wp.com\/le-clairon-nouveau.fr\/wordpress\/wp-content\/uploads\/2020\/02\/sche%CC%81mas-eolienne.jpg?resize=150%2C150&amp;ssl=1 150w, https:\/\/i0.wp.com\/le-clairon-nouveau.fr\/wordpress\/wp-content\/uploads\/2020\/02\/sche%CC%81mas-eolienne.jpg?resize=768%2C767&amp;ssl=1 768w, https:\/\/i0.wp.com\/le-clairon-nouveau.fr\/wordpress\/wp-content\/uploads\/2020\/02\/sche%CC%81mas-eolienne.jpg?w=1000&amp;ssl=1 1000w\" sizes=\"auto, (max-width: 504px) 100vw, 504px\" \/><strong><span style=\"font-size: 8pt\"><em>\u00c9olienne \u00e0 flotteur m\u00e9tallique semi submersible\u00a0 (Image \u00e9olienne MHI Vestas)<\/em><\/span><\/strong><\/p>\n<p><strong><em>Impact environnemental et social<\/em><\/strong><\/p>\n<p style=\"text-align: justify\">Selon un rapport de l\u2019<span class='tooltipsall tooltip_post_id_20969 classtoolTips140'>IFRI<\/span>\u00a0 publi\u00e9 en juillet 2019 <sup><a href=\"#footnote_3_20960\" id=\"identifier_3_20960\" class=\"footnote-link footnote-identifier-link\" title=\"Rapport de l&rsquo;IFRI :&nbsp;https:\/\/www.ifri.org\/sites\/default\/files\/atoms\/files\/cruciani_eolien_flottant_2019.pdf,\">(3)<\/a><\/sup>, l\u2019impact sur les oiseaux ne diff\u00e8re pas entre les \u00e9oliennes pos\u00e9es ou les \u00e9oliennes flottantes, par contre les \u00e9oliennes flottantes sont moins nuisibles aux animaux marins car elles ne n\u00e9cessitent pas de travaux lourds de fondations sur les fonds oc\u00e9aniques. Par contre les syst\u00e8mes d\u2019ancrage impliquent des restrictions plus \u00e9tendues \u00e0 la p\u00eache. (Pas d\u2019approche \u00e0 moins de 200 m pour les petits navires. Mais cette restriction peut devenir un avantage dans la mesure o\u00f9 elle favorise la conservation animale : ainsi les parois de flotteurs sont tr\u00e8s rapidement colonis\u00e9es. La possibilit\u00e9 d\u2019implanter les sites d\u2019\u00e9oliennes flottantes plus loin des c\u00f4tes sans trop de contraintes li\u00e9es a la qualit\u00e9 du plancher oc\u00e9anique, dans des sites peu attrayants permet de r\u00e9duire les impacts visuels ou autres\u00a0 notamment dans les zones touristiques.<\/p>\n<p><span style=\"font-size: 14pt\"><strong><em>Les co\u00fbts de l\u2019\u00e9lectricit\u00e9 produite par l\u2019\u00e9olien en mer et particuli\u00e8rement\u00a0 de l&rsquo;\u00e9olien flottant deviennent de plus en plus concurrentiels<\/em><\/strong><\/span><\/p>\n<p style=\"text-align: justify\">Selon une \u00e9tude de l\u2019<span class='tooltipsall tooltip_post_id_4303 classtoolTips92'>ADEME<\/span> r\u00e9actualis\u00e9e d\u00e9but 2020, le co\u00fbt de production de l\u2019\u00e9olien terrestre se situe dans une fourchette entre 50 et 71 \u20ac\/<span class='tooltipsall tooltip_post_id_21007 classtoolTips152'>MWh<\/span> tandis que l\u2019\u00e9olien en mer ouvre des perspectives de co\u00fbts encore plus bas : 44 \u20ac\/MWh pour le parc de Dunkerque attribu\u00e9 en 2019, avec des estimations entre 24 et 54 \u20ac\/MWh \u00e0 l&rsquo;horizon 2050 pour l&rsquo;\u00e9olien pos\u00e9 et entre 58 \u00e0 71 \u20ac\/MWh pour l\u2019\u00e9olien flottant. A titre de comparaison le <strong>co\u00fbt moyen du nucl\u00e9aire<\/strong> pour les centrales d\u00e9j\u00e0 construites est de 49,50\u20ac le MWh en 2020.<\/p>\n<p><span style=\"font-size: 14pt\"><strong><em>L\u2019avenir de la ressource \u00e9olienne<\/em><\/strong><\/span><\/p>\n<p style=\"text-align: justify\">La tendance globale est \u00e0 une augmentation de la force du vent. Le laboratoire des sciences du climat et de l\u2019environnement (<strong>LSCE<\/strong>) qui d\u00e9pend du <strong><span class='tooltipsall tooltip_post_id_19888 classtoolTips186'>CEA<\/span><\/strong> (Commissariat \u00e0 l\u2019\u00e9nergie atomique et aux \u00e9nergies alternatives)\u00a0 a rendu publics en janvier 2020 les r\u00e9sultats d\u2019une \u00e9tude internationale \u00e0 laquelle il a particip\u00e9. Apr\u00e8s une avoir \u00e9t\u00e9 p\u00e9nalis\u00e9 depuis les ann\u00e9es 1980 par une r\u00e9duction de la vitesse moyenne des vents, la production \u00e9olienne semble amorcer un retournement de tendance : le potentiel \u00e9olien a progress\u00e9 de 17% dans le monde et selon le LSCE \u00ab <em>si la tendance actuelle persiste \u00e0 moyen terme la production \u00e9olienne augmentera m\u00e9caniquement de 3% par d\u00e9cennie<\/em> \u00bb<\/p>\n<p style=\"text-align: right\"><em>La r\u00e9daction du Clairon de l\u2019Atax le 15\/02\/2020<\/em><\/p>\n<p>&nbsp;<\/p>\n<p><strong>Pour en savoir plus\u00a0:<\/strong><\/p>\n<p><span style=\"font-size: 10pt\"><strong><em>Eolienne de d\u00e9monstration Floatgen\u00a0du Croisic <br \/>\n<\/em><\/strong><strong><a href=\"https:\/\/www.ideol-offshore.com\/fr\/demonstrateur-floatgen\">https:\/\/www.ideol-offshore.com\/fr\/demonstrateur-floatgen<\/a><\/strong><\/span><\/p>\n<p><span style=\"font-size: 10pt\"><strong><em>Projet \u00e9oliennes Gruissan<br \/>\n<\/em><\/strong><strong><a href=\"https:\/\/www.eolmed.fr\/innovation-eolmed\/\">https:\/\/www.eolmed.fr\/innovation-eolmed\/<\/a><\/strong><\/span><\/p>\n<p><span style=\"font-size: 10pt\"><strong><em>Projet \u00e9oliennes Leucate<br \/>\n<\/em><\/strong><strong><a href=\"https:\/\/info-efgl.fr\/le-projet\/\">https:\/\/info-efgl.fr\/le-projet\/<\/a><\/strong><\/span><\/p>\n<p>&nbsp;<\/p>\n<script type=\"text\/javascript\"> var tt_store_content = \"\\<p style\\='text\\-align\\: center;'\\>\\<strong\\>A\\<\\\/strong\\>gence\\<strong\\> D\\<\\\/strong\\>e l'\\<strong\\>E\\<\\\/strong\\>nvironnement et de la \\<strong\\>M\\<\\\/strong\\>a\u00eetrise de l'\\<strong\\>E\\<\\\/strong\\>nergie\\<\\\/p\\><br\/>La mission de l'ADEME est de susciter, animer, coordonner, faciliter ou r\u00e9aliser des op\u00e9rations ayant pour objet la protection de l'environnement et la ma\u00eetrise de l'\u00e9nergie\\.<br\/><br\/>\\<a href\\='http\\:\\\/\\\/www\\.ademe\\.fr\\\/' target\\='_blank' rel\\='noopener'\\>Voir le site de l'Agence\\<\\\/a\\><br\/>\\<a href\\='https\\:\\\/\\\/fr\\.wikipedia\\.org\\\/wiki\\\/Agence_de_l%27environnement_et_de_la_ma%C3%AEtrise_de_l%27%C3%A9nergie' target\\='_blank' rel\\='noopener'\\>Voir la fiche Wikipedia de l'Agence\\<\\\/a\\>\"; toolTips('.classtoolTips92',tt_store_content,'4303'); <\/script><script type=\"text\/javascript\"> var tt_store_content = \"\\<p\\><span class='tooltipsall tooltip_post_id_19394 classtoolTips134'>SAGE<\/span> \\= \\<span class\\='st'\\> sch\u00e9ma d'am\u00e9nagement et de gestion de l'eau\\<\\\/span\\> , c'est un outil de planification qui concerne l'ensemble des eaux situ\u00e9es dans un bassin versant\\<\\\/p\\>\"; toolTips('.classtoolTips134',tt_store_content,'19394'); <\/script><script type=\"text\/javascript\"> var tt_store_content = \"\\<p style\\='text\\-align\\: justify'\\>IFRI \\= L\u2019\\<b\\>Institut fran\u00e7ais des relations internationales\\<\\\/b\\> est en France un centre de recherche et de d\u00e9bat ind\u00e9pendant consacr\u00e9 \u00e0 l\u2019analyse des questions internationales\\.\\<\\\/p\\>\"; toolTips('.classtoolTips140',tt_store_content,'20969'); <\/script><script type=\"text\/javascript\"> var tt_store_content = \"\\<p style\\='text\\-align\\: justify'\\>IFRI \\= L\u2019\\<b\\>Institut fran\u00e7ais des relations internationales\\<\\\/b\\> est en France un centre de recherche et de d\u00e9bat ind\u00e9pendant consacr\u00e9 \u00e0 l\u2019analyse des questions internationales\\.\\<\\\/p\\>\"; toolTips('.classtoolTips140',tt_store_content,'20969'); <\/script><script type=\"text\/javascript\"> var tt_store_content = \"\\<p style\\='text\\-align\\: center;'\\>\\<strong\\>\\<span style\\='font\\-size\\: 14pt;'\\>S\\<\\\/span\\>\\<\\\/strong\\>\\<span style\\='font\\-size\\: 14pt;'\\>oci\u00e9t\u00e9 d'\\<strong\\>\u00c9\\<\\\/strong\\>conomie \\<strong\\>M\\<\\\/strong\\>ixte\\<\\\/span\\>\\<\\\/p\\><br\/>\\<p style\\='text\\-align\\: justify;'\\>En France, une soci\u00e9t\u00e9 d'\u00e9conomie mixte est une soci\u00e9t\u00e9 anonyme dont le capital est majoritairement d\u00e9tenu par une ou plusieurs personnes publiques \\(\u00e0 savoir l'\u00c9tat, une Collectivit\u00e9 territoriale, ou tout autre \u00c9tablissement public\\)\\. Cette participation majoritaire publique est plafonn\u00e9e \u00e0 85&nbsp;% du capital depuis la Loi du 2 janvier 2002\\. Au moins une personne priv\u00e9e doit participer au capital de la <span class='tooltipsall tooltip_post_id_7168 classtoolTips142'>SEM<\/span>, sachant qu'il peut s'agir d'une autre SEM\\.\\<\\\/p\\><br\/>\\<p style\\='text\\-align\\: justify;'\\>\\<strong\\>Le recours \u00e0 la SEM garantit\\<\\\/strong\\> \u00e0 la collectivit\u00e9 publique actionnaire et cocontractante \\<strong\\>la prise en compte effective de l'int\u00e9r\u00eat g\u00e9n\u00e9ral\\<\\\/strong\\> dans les objectifs de l'entreprise \\<strong\\>et la souplesse de la soci\u00e9t\u00e9 de droit priv\u00e9\\<\\\/strong\\>\\.\\<\\\/p\\><br\/>\\<em\\>\\<a href\\='https\\:\\\/\\\/fr\\.wikipedia\\.org\\\/wiki\\\/Soci%C3%A9t%C3%A9_d%27%C3%A9conomie_mixte' target\\='_blank' rel\\='noopener'\\>Voir ici la page Wikipedia consacr\u00e9e aux SEM\\<\\\/a\\> \\<\\\/em\\><br\/><br\/>&nbsp;\"; toolTips('.classtoolTips142',tt_store_content,'7168'); <\/script><script type=\"text\/javascript\"> var tt_store_content = \"\\<p style\\='text\\-align\\: center;'\\>\\<span style\\='font\\-size\\: 14pt;'\\>\\<strong\\>I\\<\\\/strong\\>mp\u00f4t sur la \\<strong\\>F\\<\\\/strong\\>ortune \\<strong\\>I\\<\\\/strong\\>mmobili\u00e8re\\<\\\/span\\>\\<\\\/p\\>\"; toolTips('.classtoolTips148',tt_store_content,'5643'); <\/script><script type=\"text\/javascript\"> var tt_store_content = \"\\<p\\>MWh \\= \\<span class\\='ILfuVd'\\>\\<span class\\='e24Kjd'\\>unit\u00e9 de mesure de l'\u00e9nergie, qui correspond \u00e0 la puissance d'un <span class='tooltipsall tooltip_post_id_30103 classtoolTips217'>m\u00e9gawatt<\/span> actif pendant une heure\\. Exemple \\: 1 \\<b\\>MWh\\<\\\/b\\> \u00e9quivaut \u00e0 1000 kWh\\<\\\/span\\>\\<\\\/span\\>\\<\\\/p\\>\"; toolTips('.classtoolTips152',tt_store_content,'21007'); <\/script><script type=\"text\/javascript\"> var tt_store_content = \"\\<p\\>MWh \\= \\<span class\\='ILfuVd'\\>\\<span class\\='e24Kjd'\\>unit\u00e9 de mesure de l'\u00e9nergie, qui correspond \u00e0 la puissance d'un m\u00e9gawatt actif pendant une heure\\. Exemple \\: 1 \\<b\\>MWh\\<\\\/b\\> \u00e9quivaut \u00e0 1000 kWh\\<\\\/span\\>\\<\\\/span\\>\\<\\\/p\\>\"; toolTips('.classtoolTips152',tt_store_content,'21007'); <\/script><script type=\"text\/javascript\"> var tt_store_content = \"\\<p style\\='text\\-align\\: center;'\\>\\<span style\\='font\\-size\\: 14pt;'\\>\\<strong\\>R\\<\\\/strong\\>\u00e9pertoire \\<strong\\>N\\<\\\/strong\\>ational des \\<strong\\>A\\<\\\/strong\\>ssociations\\<\\\/span\\>\\<\\\/p\\>\"; toolTips('.classtoolTips159',tt_store_content,'24374'); <\/script><script type=\"text\/javascript\"> var tt_store_content = \"\\<p style\\='text\\-align\\: center;'\\>\\<strong\\>\\<span style\\='font\\-size\\: 14pt;'\\>G\\<\\\/span\\>\\<\\\/strong\\>\\<span style\\='font\\-size\\: 14pt;'\\>az \u00e0 \\<strong\\>E\\<\\\/strong\\>ffet de \\<strong\\>S\\<\\\/strong\\>erre\\<\\\/span\\>\\<\\\/p\\><br\/>\\<p style\\='text\\-align\\: justify;'\\>Les gaz \u00e0 effet de serre \\(<span class='tooltipsall tooltip_post_id_7232 classtoolTips161'>GES<\/span>\\) sont des composants gazeux qui absorbent le rayonnement infrarouge \u00e9mis par la surface terrestre et contribuent \u00e0 l'effet de serre\\. L'augmentation de leur concentration dans l'atmosph\u00e8re terrestre est l'un des facteurs \u00e0 l'origine du r\u00e9chauffement climatique\\.\\<\\\/p\\><br\/>\\<a href\\='https\\:\\\/\\\/fr\\.wikipedia\\.org\\\/wiki\\\/Gaz_%C3%A0_effet_de_serre' target\\='_blank' rel\\='noopener'\\>\\<em\\>Voir ici la fiche Wikipedia sur les gaz \u00e0 effet de serre\\<\\\/em\\>\\<\\\/a\\>\"; toolTips('.classtoolTips161',tt_store_content,'7232'); <\/script><script type=\"text\/javascript\"> var tt_store_content = \"\\<p style\\='text\\-align\\: justify'\\>La \u00ab\u00a0\\<b\\>programmation pluriannuelle de l'\u00e9nergie\\<\\\/b\\>\u00a0\u00bb \\(<span class='tooltipsall tooltip_post_id_7750 classtoolTips164'>PPE<\/span>\\) est, en France, un document strat\u00e9gique de pilotage de la transition \u00e9nerg\u00e9tique\\. Institu\u00e9e par l'article 176 de la \\<a title\\='Loi relative \u00e0 la transition \u00e9nerg\u00e9tique pour la croissance verte' href\\='https\\:\\\/\\\/fr\\.wikipedia\\.org\\\/wiki\\\/Loi_relative_%C3%A0_la_transition_%C3%A9nerg%C3%A9tique_pour_la_croissance_verte'\\>loi de transition \u00e9nerg\u00e9tique\\<\\\/a\\> \\(TECV\\), elle fixe une trajectoire pour le \\<a title\\='Mix \u00e9nerg\u00e9tique' href\\='https\\:\\\/\\\/fr\\.wikipedia\\.org\\\/wiki\\\/Mix_%C3%A9nerg%C3%A9tique'\\>mix \u00e9nerg\u00e9tique\\<\\\/a\\>, ainsi que \\<span class\\='citation'\\>\u00ab\u00a0les priorit\u00e9s d'action pour la gestion de l\u2019ensemble des formes d'\u00e9nergie sur le territoire m\u00e9tropolitain continental, afin d\u2019atteindre les objectifs nationaux fix\u00e9s par la loi\u00a0\u00bb\\<\\\/span\\>\\. \\(Wikip\u00e9dia\\)\\<\\\/p\\>\"; toolTips('.classtoolTips164',tt_store_content,'7750'); <\/script><script type=\"text\/javascript\"> var tt_store_content = \"\\<p style\\='text\\-align\\: justify'\\>La \u00ab\u00a0\\<b\\>programmation pluriannuelle de l'\u00e9nergie\\<\\\/b\\>\u00a0\u00bb \\(PPE\\) est, en France, un document strat\u00e9gique de pilotage de la transition \u00e9nerg\u00e9tique\\. Institu\u00e9e par l'article 176 de la \\<a title\\='Loi relative \u00e0 la transition \u00e9nerg\u00e9tique pour la croissance verte' href\\='https\\:\\\/\\\/fr\\.wikipedia\\.org\\\/wiki\\\/Loi_relative_%C3%A0_la_transition_%C3%A9nerg%C3%A9tique_pour_la_croissance_verte'\\>loi de transition \u00e9nerg\u00e9tique\\<\\\/a\\> \\(TECV\\), elle fixe une trajectoire pour le \\<a title\\='Mix \u00e9nerg\u00e9tique' href\\='https\\:\\\/\\\/fr\\.wikipedia\\.org\\\/wiki\\\/Mix_%C3%A9nerg%C3%A9tique'\\>mix \u00e9nerg\u00e9tique\\<\\\/a\\>, ainsi que \\<span class\\='citation'\\>\u00ab\u00a0les priorit\u00e9s d'action pour la gestion de l\u2019ensemble des formes d'\u00e9nergie sur le territoire m\u00e9tropolitain continental, afin d\u2019atteindre les objectifs nationaux fix\u00e9s par la loi\u00a0\u00bb\\<\\\/span\\>\\. \\(Wikip\u00e9dia\\)\\<\\\/p\\>\"; toolTips('.classtoolTips164',tt_store_content,'7750'); <\/script><script type=\"text\/javascript\"> var tt_store_content = \"\\<p style\\='text\\-align\\: justify;'\\>Le Conseil d'Orientation des Retraites est une instance qui r\u00e9unit &nbsp;\\<span class\\='st'\\>les principaux acteurs du champ des retraites\\<\\\/span\\> et effectue un travail d'\u00e9tudes et de concertation\\. Compos\u00e9 de parlementaires, de repr\u00e9sentants des organisations professionnelles et syndicales, des retrait\u00e9s et des familles, de membres de l'administration et d'experts, le Conseil d'orientation des retraites \\(<span class='tooltipsall tooltip_post_id_7751 classtoolTips165'>COR<\/span>\\) est plac\u00e9 aupr\u00e8s du Premier ministre\\.\\<\\\/p\\>\"; toolTips('.classtoolTips165',tt_store_content,'7751'); <\/script><script type=\"text\/javascript\"> var tt_store_content = \"Energies Renouvelables\"; toolTips('.classtoolTips167',tt_store_content,'7758'); <\/script><script type=\"text\/javascript\"> var tt_store_content = \"Energies Renouvelables\"; toolTips('.classtoolTips167',tt_store_content,'7758'); <\/script><script type=\"text\/javascript\"> var tt_store_content = \"\\<p style\\='text\\-align\\: center;'\\>\\<span style\\='font\\-size\\: 14pt;'\\>\\<strong\\>O\\<\\\/strong\\>rganisation \\<strong\\>M\\<\\\/strong\\>\u00e9t\u00e9orologique \\<strong\\>M\\<\\\/strong\\>ondiale<br\/>\\<strong\\>W\\<\\\/strong\\>orld \\<strong\\>M\\<\\\/strong\\>eteorological \\<strong\\>O\\<\\\/strong\\>rganization\\<\\\/span\\>\\<\\\/p\\><br\/>&nbsp;<br\/><br\/>\\<a href\\='https\\:\\\/\\\/public\\.wmo\\.int\\\/fr' target\\='_blank' rel\\='noopener'\\>\\<em\\>Acc\u00e9der ici au site de l'organisation\\<\\\/em\\>\\<\\\/a\\>\"; toolTips('.classtoolTips168',tt_store_content,'7763'); <\/script><script type=\"text\/javascript\"> var tt_store_content = \"\\<p style\\='text\\-align\\: justify'\\>\\<span class\\='ILfuVd'\\>La politique agricole commune \\(\\<b\\><span class='tooltipsall tooltip_post_id_11364 classtoolTips174'>PAC<\/span>\\<\\\/b\\>\\) est une politique mise en place \u00e0 l'\u00e9chelle de l'Union europ\u00e9enne\\. \u00c0 l'origine, elle est fond\u00e9e principalement sur des mesures de contr\u00f4le des prix et de subventionnement, visant \u00e0 moderniser et d\u00e9velopper l'agriculture\\.\\<\\\/span\\> \\(source Wikipedia\\)\\<\\\/p\\>\"; toolTips('.classtoolTips174',tt_store_content,'11364'); <\/script><script type=\"text\/javascript\"> var tt_store_content = \"\\<p style\\='text\\-align\\: center;'\\>\\<span style\\='font\\-size\\: 14pt;'\\>\\<strong\\>P\\<\\\/strong\\>\\<\\\/span\\>\\<span style\\='font\\-size\\: 14pt;'\\>lan \\<strong\\>L\\<\\\/strong\\>\\<\\\/span\\>\\<span style\\='font\\-size\\: 14pt;'\\>ocal d'\\<strong\\>U\\<\\\/strong\\>\\<\\\/span\\>\\<span style\\='font\\-size\\: 14pt;'\\>rbanisme\\<\\\/span\\>\\<\\\/p\\><br\/>&nbsp;\"; toolTips('.classtoolTips176',tt_store_content,'4979'); <\/script><script type=\"text\/javascript\"> var tt_store_content = \"\\<p\\>Conseil \u00c9conomique et Social\\<\\\/p\\>\"; toolTips('.classtoolTips180',tt_store_content,'29829'); <\/script><script type=\"text\/javascript\"> var tt_store_content = \"\\<p\\>CEA \\= Commissariat \u00e0 l'Energie Atomique et aux Energies Alternatives\\. C' est un organisme administratif\u00a0 fran\u00e7ais de recherche scientifique dans les domaines de l'\u00e9nergie , la d\u00e9fense, les technologies de l'information et de la communication, des sciences de la mati\u00e8re, de la vie, de la sant\u00e9\\.\\.\\.\\<\\\/p\\><br\/>\\<p\\>&nbsp;\\<\\\/p\\>\"; toolTips('.classtoolTips186',tt_store_content,'19888'); <\/script><script type=\"text\/javascript\"> var tt_store_content = \"\\<p style\\='text\\-align\\: center;'\\>\\<span style\\='font\\-size\\: 14pt;'\\>\\<strong\\>G\\<\\\/strong\\>roupement \\<strong\\>H\\<\\\/strong\\>ospitalier de \\<strong\\>T\\<\\\/strong\\>erritoire\\<\\\/span\\>\\<\\\/p\\><br\/>\\<p style\\='text\\-align\\: justify;'\\>Les groupements hospitaliers de territoires, dispositif pr\u00e9vu par la loi de sant\u00e9 2016, sont un nouveau mode de coop\u00e9ration entre les \u00e9tablissements publics de sant\u00e9 \u00e0 l\u2019\u00e9chelle d\u2019un territoire\\<\\\/p\\>\"; toolTips('.classtoolTips189',tt_store_content,'18358'); <\/script><script type=\"text\/javascript\"> var tt_store_content = \"\\<p style\\='text\\-align\\: center;'\\>\\<strong\\>\\<span style\\='font\\-size\\: 14pt;'\\>P\\<\\\/span\\>\\<\\\/strong\\>\\<span style\\='font\\-size\\: 14pt;'\\>rogrammation \\<strong\\>P\\<\\\/strong\\>luri\\-annuelle de l'\\<strong\\>\u00c9\\<\\\/strong\\>nergie\\<\\\/span\\>\\<\\\/p\\><br\/>La PPE est est en France un document strat\u00e9gique de pilotage de la transition \u00e9nerg\u00e9tique\\. Institu\u00e9e par l'article 176 de la loi transition \u00e9nerg\u00e9tique \\(TECV\\)\\. Elle fixe \\(par \u00e9nergie\\) une trajectoire pour le mix \u00e9nerg\u00e9tique, ainsi que \u00ab&nbsp;\\<em\\>les priorit\u00e9s d'action pour la gestion de l\u2019ensemble des formes d'\u00e9nergie sur le territoire m\u00e9tropolitain continental, afin d\u2019atteindre les objectifs nationaux fix\u00e9s par la loi\\<\\\/em\\>&nbsp;\u00bb\\.<br\/><br\/>Initi\u00e9e en 2016, elle est r\u00e9vis\u00e9e en 2018 puis ensuite tous les 5 ans\\.<br\/><br\/>\\<a href\\='https\\:\\\/\\\/fr\\.wikipedia\\.org\\\/wiki\\\/Programmation_pluriannuelle_de_l'\u00e9nergi' target\\='_blank' rel\\='noopener'\\>\\<em\\>Voir ici la page Wikipedia consacr\u00e9e \u00e0 la PPE\\<\\\/em\\>\\<\\\/a\\><br\/>\\<a href\\='https\\:\\\/\\\/ppe\\.debatpublic\\.fr\\\/' target\\='_blank' rel\\='noopener'\\>\\<em\\>Voir ici la page du site 'Commission du D\u00e9bat Public' consacr\u00e9e \u00e0 la PPE\\<\\\/em\\>\\<\\\/a\\>\"; toolTips('.classtoolTips193',tt_store_content,'7102'); <\/script><script type=\"text\/javascript\"> var tt_store_content = \"\\<p style\\='text\\-align\\: center;'\\>\\<span style\\='font\\-size\\: 14pt;'\\>\\<strong\\>E\\<\\\/strong\\>volutionary \\<strong\\>P\\<\\\/strong\\>ower \\<strong\\>R\\<\\\/strong\\>eactor\\<\\\/span\\>\\<\\\/p\\><br\/>\\<p style\\='text\\-align\\: justify;'\\>R\u00e9acteur nucl\u00e9aire de troisi\u00e8me g\u00e9n\u00e9ration \\(classification internationale\\), con\u00e7u et d\u00e9velopp\u00e9 par <span class='tooltipsall tooltip_post_id_5121 classtoolTips35'>Areva NP<\/span>&nbsp; au cours des ann\u00e9es 1990 et 2000\\. Il fait partie de la fili\u00e8re des r\u00e9acteurs \u00e0 eau pressuris\u00e9e\\.\\<\\\/p\\><br\/>\\<a href\\='https\\:\\\/\\\/fr\\.wikipedia\\.org\\\/wiki\\\/R%C3%A9acteur_pressuris%C3%A9_europ%C3%A9en' target\\='_blank' rel\\='noopener'\\>\\<em\\>Voir ici la fiche Wikipedia <span class='tooltipsall tooltip_post_id_5579 classtoolTips196'>EPR<\/span>\\<\\\/em\\>\\<\\\/a\\>\"; toolTips('.classtoolTips196',tt_store_content,'5579'); <\/script><script type=\"text\/javascript\"> var tt_store_content = \"\\<p style\\='text\\-align\\: center;'\\>\\<strong\\>R\\<\\\/strong\\>\u00e9seau \\<strong\\>A\\<\\\/strong\\>ction \\<strong\\>C\\<\\\/strong\\>limat\\<\\\/p\\><br\/>Le r\u00e9seau Action Climat '\\<em\\>f\u00e9d\u00e8re les associations impliqu\u00e9es dans la lutte contre les changements climatiques et pour une transition \u00e9cologique, solidaire et \u00e9quitable\\<\\\/em\\>'\\.<br\/><br\/>\\<a href\\='https\\:\\\/\\\/reseauactionclimat\\.org\\\/' target\\='_blank' rel\\='noopener'\\>Voir le site du <span class='tooltipsall tooltip_post_id_4309 classtoolTips200'>RAC<\/span>\\<\\\/a\\>\"; toolTips('.classtoolTips200',tt_store_content,'4309'); <\/script><script type=\"text\/javascript\"> var tt_store_content = \"\\<p style\\='text\\-align\\: center;'\\>\\<strong\\>\\<span style\\='font\\-size\\: 14pt;'\\>R\\<\\\/span\\>\\<\\\/strong\\>\\<span style\\='font\\-size\\: 14pt;'\\>eferendum d'\\<strong\\>I\\<\\\/strong\\>nitiative \\<strong\\>C\\<\\\/strong\\>itoyenne\\<\\\/span\\>\\<\\\/p\\>\"; toolTips('.classtoolTips205',tt_store_content,'12268'); <\/script><script type=\"text\/javascript\"> var tt_store_content = \"\\<p\\><span class='tooltipsall tooltip_post_id_25837 classtoolTips206'>GWh<\/span> \\: 1 <span class='tooltipsall tooltip_post_id_30104 classtoolTips218'>Gigawatt<\/span>\\-heure \\= 1 000 M\u00e9gawatt\\-heure \\[MWh\\]\\<\\\/p\\>\"; toolTips('.classtoolTips206',tt_store_content,'25837'); <\/script><script type=\"text\/javascript\"> var tt_store_content = \"\\<p\\>GWh \\: 1 Gigawatt\\-heure \\= 1 000 M\u00e9gawatt\\-heure \\[MWh\\]\\<\\\/p\\>\"; toolTips('.classtoolTips206',tt_store_content,'25837'); <\/script><script type=\"text\/javascript\"> var tt_store_content = \"\\<p\\><span class='tooltipsall tooltip_post_id_25844 classtoolTips208'>RTE<\/span> \\= R\u00e9seau de Transport d'Electricit\u00e9 est une filiale d'<span class='tooltipsall tooltip_post_id_7035 classtoolTips178'>EDF<\/span> qui est l'actionnaire majoritaire avec 50,1% des parts le reste \u00e9tant partag\u00e9 par la CDC et la CNP\\<\\\/p\\>\"; toolTips('.classtoolTips208',tt_store_content,'25844'); <\/script><script type=\"text\/javascript\"> var tt_store_content = \"\\<p style\\='text\\-align\\: center;'\\>\\<span style\\='font\\-size\\: 14pt;'\\>\\<strong\\>O\\<\\\/strong\\>rganisation\\<strong\\> N\\<\\\/strong\\>on\\<strong\\> G\\<\\\/strong\\>ouvernementale\\<\\\/span\\>\\<\\\/p\\><br\/>Une organisation non gouvernementale \\(<span class='tooltipsall tooltip_post_id_3579 classtoolTips210'>ONG<\/span>\\) est une \\<a title\\='Association \u00e0 but non lucratif' href\\='https\\:\\\/\\\/fr\\.wikipedia\\.org\\\/wiki\\\/Association_%C3%A0_but_non_lucratif' target\\='_blank' rel\\='noopener'\\>association \u00e0 but non lucratif\\<\\\/a\\>, d'int\u00e9r\u00eat public, qui ne rel\u00e8ve ni de l'\u00c9tat, ni d'institutions internationales\\<sup id\\='cite_ref\\-novethic_1\\-0' class\\='reference'\\>\\<\\\/sup\\>\\. Les ONG n'ont pas le statut de sujet de \\<a title\\='Droit international public' href\\='https\\:\\\/\\\/fr\\.wikipedia\\.org\\\/wiki\\\/Droit_international_public' target\\='_blank' rel\\='noopener'\\>droit international\\<\\\/a\\>\\.\"; toolTips('.classtoolTips210',tt_store_content,'3579'); <\/script><script type=\"text\/javascript\"> var tt_store_content = \"\\<p style\\='text\\-align\\: center;'\\>\\<span style\\='font\\-size\\: 14pt;'\\>\\<strong\\>O\\<\\\/strong\\>rganisation\\<strong\\> N\\<\\\/strong\\>on\\<strong\\> G\\<\\\/strong\\>ouvernementale\\<\\\/span\\>\\<\\\/p\\><br\/>Une organisation non gouvernementale \\(ONG\\) est une \\<a title\\='Association \u00e0 but non lucratif' href\\='https\\:\\\/\\\/fr\\.wikipedia\\.org\\\/wiki\\\/Association_%C3%A0_but_non_lucratif' target\\='_blank' rel\\='noopener'\\>association \u00e0 but non lucratif\\<\\\/a\\>, d'int\u00e9r\u00eat public, qui ne rel\u00e8ve ni de l'\u00c9tat, ni d'institutions internationales\\<sup id\\='cite_ref\\-novethic_1\\-0' class\\='reference'\\>\\<\\\/sup\\>\\. Les ONG n'ont pas le statut de sujet de \\<a title\\='Droit international public' href\\='https\\:\\\/\\\/fr\\.wikipedia\\.org\\\/wiki\\\/Droit_international_public' target\\='_blank' rel\\='noopener'\\>droit international\\<\\\/a\\>\\.\"; toolTips('.classtoolTips210',tt_store_content,'3579'); <\/script><script type=\"text\/javascript\"> var tt_store_content = \"\\<p\\><span class='tooltipsall tooltip_post_id_24572 classtoolTips211'>MIT<\/span> \\= Massachussets Institute of Technology, prestigieuse universit\u00e9 am\u00e9ricaine de la c\u00f4te est\\<\\\/p\\>\"; toolTips('.classtoolTips211',tt_store_content,'24572'); <\/script><script type=\"text\/javascript\"> var tt_store_content = \"\\<p\\><span class='tooltipsall tooltip_post_id_30593 classtoolTips214'>RN<\/span> \\= Rassemble National, c'est le parti d'extr\u00eame droite de Marine Le Pen qui succ\u00e8de au FN \\= Front National fond\u00e9 par son p\u00e8re Jean Marie Le Pen\\<\\\/p\\>\"; toolTips('.classtoolTips214',tt_store_content,'30593'); <\/script><script type=\"text\/javascript\"> var tt_store_content = \"<div class='tooltips_youtube_class' ><iframe width='100%' height='100%' src='http:\/\/www.youtube.com\/embed\/m\u00e9gawatt?rel=0&autoplay=1' frameborder='0' allowfullscreen><\/iframe><\/div>\\<p\\>\\<strong\\>MEGAWATT \\(MW\\) \\= 1\\.000\\.000 watts\\<\\\/strong\\>\\<\\\/p\\>\"; toolTips('.classtoolTips217',tt_store_content,'30103'); <\/script><script type=\"text\/javascript\"> var tt_store_content = \"\\<p\\>\\<strong\\>GIGAWATT \\(<span class='tooltipsall tooltip_post_id_30104 classtoolTips218'>GW<\/span>\\) \\= 1000 000 <span class='tooltipsall tooltip_post_id_30101 classtoolTips216'>KW<\/span>\\<\\\/strong\\>\\<\\\/p\\>\"; toolTips('.classtoolTips218',tt_store_content,'30104'); <\/script><script type=\"text\/javascript\"> var tt_store_content = \"\\<p style\\='text\\-align\\: center;'\\>\\<span style\\='font\\-size\\: 14pt;'\\>\\<strong\\>C\\<\\\/strong\\>entre \\<strong\\>H\\<\\\/strong\\>ospitalier\\<\\\/span\\>\\<\\\/p\\>\"; toolTips('.classtoolTips220',tt_store_content,'18357'); <\/script><script type=\"text\/javascript\"> var tt_store_content = \"\\<p\\>D\u00e9chets radioactifs \u00e0 Haute Activit\u00e9 \\(classement <span class='tooltipsall tooltip_post_id_3612 classtoolTips79'>ANDRA<\/span>\\)\\<\\\/p\\>\"; toolTips('.classtoolTips223',tt_store_content,'19196'); <\/script>_______________________<br>Notes<ol class=\"footnotes\"><li id=\"footnote_1_20960\" class=\"footnote\">le parc pilote fran\u00e7ais de Groix \u2013Belle Ile sera install\u00e9 \u00e0 22 km des c\u00f4tes<span class=\"footnote-back-link-wrapper\">[<a href=\"#identifier_1_20960\" class=\"footnote-link footnote-back-link\">&#8617;<\/a>]<\/span><\/li><li id=\"footnote_2_20960\" class=\"footnote\">Sa production annuelle en 2019 \u00e0 atteint 6 GWh pour une disponibilit\u00e9 de 94,6%. Elle a fait face \u00e0 des houles de plus de 6,2 m\u00e8tres de hauteur significative (soit des vagues allant jusqu\u2019\u00e0 11,7 m\u00e8tres (source Ideol)<span class=\"footnote-back-link-wrapper\">[<a href=\"#identifier_2_20960\" class=\"footnote-link footnote-back-link\">&#8617;<\/a>]<\/span><\/li><li id=\"footnote_3_20960\" class=\"footnote\"><span style=\"font-size: 10pt\"><strong>Rapport de l\u2019IFRI :<\/strong><strong>\u00a0<a href=\"https:\/\/www.ifri.org\/sites\/default\/files\/atoms\/files\/cruciani_eolien_flottant_2019.pdf\">https:\/\/www.ifri.org\/sites\/default\/files\/atoms\/files\/cruciani_eolien_flottant_2019.pdf<\/a><\/strong>,<\/span><span class=\"footnote-back-link-wrapper\">[<a href=\"#identifier_3_20960\" class=\"footnote-link footnote-back-link\">&#8617;<\/a>]<\/span><\/li><\/ol>_______________________","protected":false},"excerpt":{"rendered":"<p>Contrairement \u00e0 d&rsquo;autres pays europ\u00e9ens la France  qui dispose du 2\u00e8me domaine maritime du monde n\u2019a pas, jusqu\u2019\u00e0 pr\u00e9sent, fait preuve d\u2019un tr\u00e8s grand dynamisme dans le d\u00e9ploiement des \u00e9oliennes en mer. Pourtant cette technologie semble prometteuse puisqu&rsquo;elle permet un production \u00e9lectrique relativement continue et \u00e0 moindre co\u00fbt.<script type=\"text\/javascript\"> var tt_store_content = \"\\<\/p>\n<p style\\='text\\-align\\: center;'\\>\\<strong\\>A\\<\\\/strong\\>gence\\<strong\\> D\\<\\\/strong\\>e l'\\<strong\\>E\\<\\\/strong\\>nvironnement et de la \\<strong\\>M\\<\\\/strong\\>a\u00eetrise de l'\\<strong\\>E\\<\\\/strong\\>nergie\\<\\\/p\\><br \/>La mission de l'<span class='tooltipsall tooltip_post_id_4303 classtoolTips92'>ADEME<\/span> est de susciter, animer, coordonner, faciliter ou r\u00e9aliser des op\u00e9rations ayant pour objet la protection de l'environnement et la ma\u00eetrise de l'\u00e9nergie\\.<\/p>\n<p>\\<a href\\='http\\:\\\/\\\/www\\.ademe\\.fr\\\/' target\\='_blank' rel\\='noopener'\\>Voir le site de l'Agence\\<\\\/a\\><br \/>\\<a href\\='https\\:\\\/\\\/fr\\.wikipedia\\.org\\\/wiki\\\/Agence_de_l%27environnement_et_de_la_ma%C3%AEtrise_de_l%27%C3%A9nergie' target\\='_blank' rel\\='noopener'\\>Voir la fiche Wikipedia de l'Agence\\<\\\/a\\>\"; toolTips('.classtoolTips92',tt_store_content,'4303'); <\/script><script type=\"text\/javascript\"> var tt_store_content = \"\\<p\\><span class='tooltipsall tooltip_post_id_19394 classtoolTips134'>SAGE<\/span> \\= \\<span class\\='st'\\> sch\u00e9ma d'am\u00e9nagement et de gestion de l'eau\\<\\\/span\\> , c'est un outil de planification qui concerne l'ensemble des eaux situ\u00e9es dans un bassin versant\\<\\\/p\\>\"; toolTips('.classtoolTips134',tt_store_content,'19394'); <\/script><script type=\"text\/javascript\"> var tt_store_content = \"\\<\/p>\n<p style\\='text\\-align\\: justify'\\><span class='tooltipsall tooltip_post_id_20969 classtoolTips140'>IFRI<\/span> \\= L\u2019\\<b\\>Institut fran\u00e7ais des relations internationales\\<\\\/b\\> est en France un centre de recherche et de d\u00e9bat ind\u00e9pendant consacr\u00e9 \u00e0 l\u2019analyse des questions internationales\\.\\<\\\/p\\>\"; toolTips('.classtoolTips140',tt_store_content,'20969'); <\/script><script type=\"text\/javascript\"> var tt_store_content = \"\\<\/p>\n<p style\\='text\\-align\\: justify'\\>IFRI \\= L\u2019\\<b\\>Institut fran\u00e7ais des relations internationales\\<\\\/b\\> est en France un centre de recherche et de d\u00e9bat ind\u00e9pendant consacr\u00e9 \u00e0 l\u2019analyse des questions internationales\\.\\<\\\/p\\>\"; toolTips('.classtoolTips140',tt_store_content,'20969'); <\/script><script type=\"text\/javascript\"> var tt_store_content = \"\\<\/p>\n<p style\\='text\\-align\\: center;'\\>\\<strong\\>\\<span style\\='font\\-size\\: 14pt;'\\>S\\<\\\/span\\>\\<\\\/strong\\>\\<span style\\='font\\-size\\: 14pt;'\\>oci\u00e9t\u00e9 d'\\<strong\\>\u00c9\\<\\\/strong\\>conomie \\<strong\\>M\\<\\\/strong\\>ixte\\<\\\/span\\>\\<\\\/p\\><br \/>\\<\/p>\n<p style\\='text\\-align\\: justify;'\\>En France, une soci\u00e9t\u00e9 d'\u00e9conomie mixte est une soci\u00e9t\u00e9 anonyme dont le capital est majoritairement d\u00e9tenu par une ou plusieurs personnes publiques \\(\u00e0 savoir l'\u00c9tat, une Collectivit\u00e9 territoriale, ou tout autre \u00c9tablissement public\\)\\. Cette participation majoritaire publique est plafonn\u00e9e \u00e0 85&nbsp;% du capital depuis la Loi du 2 janvier 2002\\. Au moins une personne priv\u00e9e doit participer au capital de la <span class='tooltipsall tooltip_post_id_7168 classtoolTips142'>SEM<\/span>, sachant qu'il peut s'agir d'une autre SEM\\.\\<\\\/p\\><br \/>\\<\/p>\n<p style\\='text\\-align\\: justify;'\\>\\<strong\\>Le recours \u00e0 la SEM garantit\\<\\\/strong\\> \u00e0 la collectivit\u00e9 publique actionnaire et cocontractante \\<strong\\>la prise en compte effective de l'int\u00e9r\u00eat g\u00e9n\u00e9ral\\<\\\/strong\\> dans les objectifs de l'entreprise \\<strong\\>et la souplesse de la soci\u00e9t\u00e9 de droit priv\u00e9\\<\\\/strong\\>\\.\\<\\\/p\\><br \/>\\<em\\>\\<a href\\='https\\:\\\/\\\/fr\\.wikipedia\\.org\\\/wiki\\\/Soci%C3%A9t%C3%A9_d%27%C3%A9conomie_mixte' target\\='_blank' rel\\='noopener'\\>Voir ici la page Wikipedia consacr\u00e9e aux SEM\\<\\\/a\\> \\<\\\/em\\><\/p>\n<p>&nbsp;\"; toolTips('.classtoolTips142',tt_store_content,'7168'); <\/script><script type=\"text\/javascript\"> var tt_store_content = \"\\<\/p>\n<p style\\='text\\-align\\: center;'\\>\\<span style\\='font\\-size\\: 14pt;'\\>\\<strong\\>I\\<\\\/strong\\>mp\u00f4t sur la \\<strong\\>F\\<\\\/strong\\>ortune \\<strong\\>I\\<\\\/strong\\>mmobili\u00e8re\\<\\\/span\\>\\<\\\/p\\>\"; toolTips('.classtoolTips148',tt_store_content,'5643'); <\/script><script type=\"text\/javascript\"> var tt_store_content = \"\\<p\\><span class='tooltipsall tooltip_post_id_21007 classtoolTips152'>MWh<\/span> \\= \\<span class\\='ILfuVd'\\>\\<span class\\='e24Kjd'\\>unit\u00e9 de mesure de l'\u00e9nergie, qui correspond \u00e0 la puissance d'un <span class='tooltipsall tooltip_post_id_30103 classtoolTips217'>m\u00e9gawatt<\/span> actif pendant une heure\\. Exemple \\: 1 \\<b\\>MWh\\<\\\/b\\> \u00e9quivaut \u00e0 1000 kWh\\<\\\/span\\>\\<\\\/span\\>\\<\\\/p\\>\"; toolTips('.classtoolTips152',tt_store_content,'21007'); <\/script><script type=\"text\/javascript\"> var tt_store_content = \"\\<p\\>MWh \\= \\<span class\\='ILfuVd'\\>\\<span class\\='e24Kjd'\\>unit\u00e9 de mesure de l'\u00e9nergie, qui correspond \u00e0 la puissance d'un m\u00e9gawatt actif pendant une heure\\. Exemple \\: 1 \\<b\\>MWh\\<\\\/b\\> \u00e9quivaut \u00e0 1000 kWh\\<\\\/span\\>\\<\\\/span\\>\\<\\\/p\\>\"; toolTips('.classtoolTips152',tt_store_content,'21007'); <\/script><script type=\"text\/javascript\"> var tt_store_content = \"\\<\/p>\n<p style\\='text\\-align\\: center;'\\>\\<span style\\='font\\-size\\: 14pt;'\\>\\<strong\\>R\\<\\\/strong\\>\u00e9pertoire \\<strong\\>N\\<\\\/strong\\>ational des \\<strong\\>A\\<\\\/strong\\>ssociations\\<\\\/span\\>\\<\\\/p\\>\"; toolTips('.classtoolTips159',tt_store_content,'24374'); <\/script><script type=\"text\/javascript\"> var tt_store_content = \"\\<\/p>\n<p style\\='text\\-align\\: center;'\\>\\<strong\\>\\<span style\\='font\\-size\\: 14pt;'\\>G\\<\\\/span\\>\\<\\\/strong\\>\\<span style\\='font\\-size\\: 14pt;'\\>az \u00e0 \\<strong\\>E\\<\\\/strong\\>ffet de \\<strong\\>S\\<\\\/strong\\>erre\\<\\\/span\\>\\<\\\/p\\><br \/>\\<\/p>\n<p style\\='text\\-align\\: justify;'\\>Les gaz \u00e0 effet de serre \\(<span class='tooltipsall tooltip_post_id_7232 classtoolTips161'>GES<\/span>\\) sont des composants gazeux qui absorbent le rayonnement infrarouge \u00e9mis par la surface terrestre et contribuent \u00e0 l'effet de serre\\. L'augmentation de leur concentration dans l'atmosph\u00e8re terrestre est l'un des facteurs \u00e0 l'origine du r\u00e9chauffement climatique\\.\\<\\\/p\\><br \/>\\<a href\\='https\\:\\\/\\\/fr\\.wikipedia\\.org\\\/wiki\\\/Gaz_%C3%A0_effet_de_serre' target\\='_blank' rel\\='noopener'\\>\\<em\\>Voir ici la fiche Wikipedia sur les gaz \u00e0 effet de serre\\<\\\/em\\>\\<\\\/a\\>\"; toolTips('.classtoolTips161',tt_store_content,'7232'); <\/script><script type=\"text\/javascript\"> var tt_store_content = \"\\<\/p>\n<p style\\='text\\-align\\: justify'\\>La \u00ab\u00a0\\<b\\>programmation pluriannuelle de l'\u00e9nergie\\<\\\/b\\>\u00a0\u00bb \\(<span class='tooltipsall tooltip_post_id_7750 classtoolTips164'>PPE<\/span>\\) est, en France, un document strat\u00e9gique de pilotage de la transition \u00e9nerg\u00e9tique\\. Institu\u00e9e par l'article 176 de la \\<a title\\='Loi relative \u00e0 la transition \u00e9nerg\u00e9tique pour la croissance verte' href\\='https\\:\\\/\\\/fr\\.wikipedia\\.org\\\/wiki\\\/Loi_relative_%C3%A0_la_transition_%C3%A9nerg%C3%A9tique_pour_la_croissance_verte'\\>loi de transition \u00e9nerg\u00e9tique\\<\\\/a\\> \\(TECV\\), elle fixe une trajectoire pour le \\<a title\\='Mix \u00e9nerg\u00e9tique' href\\='https\\:\\\/\\\/fr\\.wikipedia\\.org\\\/wiki\\\/Mix_%C3%A9nerg%C3%A9tique'\\>mix \u00e9nerg\u00e9tique\\<\\\/a\\>, ainsi que \\<span class\\='citation'\\>\u00ab\u00a0les priorit\u00e9s d'action pour la gestion de l\u2019ensemble des formes d'\u00e9nergie sur le territoire m\u00e9tropolitain continental, afin d\u2019atteindre les objectifs nationaux fix\u00e9s par la loi\u00a0\u00bb\\<\\\/span\\>\\. \\(Wikip\u00e9dia\\)\\<\\\/p\\>\"; toolTips('.classtoolTips164',tt_store_content,'7750'); <\/script><script type=\"text\/javascript\"> var tt_store_content = \"\\<\/p>\n<p style\\='text\\-align\\: justify'\\>La \u00ab\u00a0\\<b\\>programmation pluriannuelle de l'\u00e9nergie\\<\\\/b\\>\u00a0\u00bb \\(PPE\\) est, en France, un document strat\u00e9gique de pilotage de la transition \u00e9nerg\u00e9tique\\. Institu\u00e9e par l'article 176 de la \\<a title\\='Loi relative \u00e0 la transition \u00e9nerg\u00e9tique pour la croissance verte' href\\='https\\:\\\/\\\/fr\\.wikipedia\\.org\\\/wiki\\\/Loi_relative_%C3%A0_la_transition_%C3%A9nerg%C3%A9tique_pour_la_croissance_verte'\\>loi de transition \u00e9nerg\u00e9tique\\<\\\/a\\> \\(TECV\\), elle fixe une trajectoire pour le \\<a title\\='Mix \u00e9nerg\u00e9tique' href\\='https\\:\\\/\\\/fr\\.wikipedia\\.org\\\/wiki\\\/Mix_%C3%A9nerg%C3%A9tique'\\>mix \u00e9nerg\u00e9tique\\<\\\/a\\>, ainsi que \\<span class\\='citation'\\>\u00ab\u00a0les priorit\u00e9s d'action pour la gestion de l\u2019ensemble des formes d'\u00e9nergie sur le territoire m\u00e9tropolitain continental, afin d\u2019atteindre les objectifs nationaux fix\u00e9s par la loi\u00a0\u00bb\\<\\\/span\\>\\. \\(Wikip\u00e9dia\\)\\<\\\/p\\>\"; toolTips('.classtoolTips164',tt_store_content,'7750'); <\/script><script type=\"text\/javascript\"> var tt_store_content = \"\\<\/p>\n<p style\\='text\\-align\\: justify;'\\>Le Conseil d'Orientation des Retraites est une instance qui r\u00e9unit &nbsp;\\<span class\\='st'\\>les principaux acteurs du champ des retraites\\<\\\/span\\> et effectue un travail d'\u00e9tudes et de concertation\\. Compos\u00e9 de parlementaires, de repr\u00e9sentants des organisations professionnelles et syndicales, des retrait\u00e9s et des familles, de membres de l'administration et d'experts, le Conseil d'orientation des retraites \\(<span class='tooltipsall tooltip_post_id_7751 classtoolTips165'>COR<\/span>\\) est plac\u00e9 aupr\u00e8s du Premier ministre\\.\\<\\\/p\\>\"; toolTips('.classtoolTips165',tt_store_content,'7751'); <\/script><script type=\"text\/javascript\"> var tt_store_content = \"Energies Renouvelables\"; toolTips('.classtoolTips167',tt_store_content,'7758'); <\/script><script type=\"text\/javascript\"> var tt_store_content = \"Energies Renouvelables\"; toolTips('.classtoolTips167',tt_store_content,'7758'); <\/script><script type=\"text\/javascript\"> var tt_store_content = \"\\<\/p>\n<p style\\='text\\-align\\: center;'\\>\\<span style\\='font\\-size\\: 14pt;'\\>\\<strong\\>O\\<\\\/strong\\>rganisation \\<strong\\>M\\<\\\/strong\\>\u00e9t\u00e9orologique \\<strong\\>M\\<\\\/strong\\>ondiale<br \/>\\<strong\\>W\\<\\\/strong\\>orld \\<strong\\>M\\<\\\/strong\\>eteorological \\<strong\\>O\\<\\\/strong\\>rganization\\<\\\/span\\>\\<\\\/p\\><br \/>&nbsp;<\/p>\n<p>\\<a href\\='https\\:\\\/\\\/public\\.wmo\\.int\\\/fr' target\\='_blank' rel\\='noopener'\\>\\<em\\>Acc\u00e9der ici au site de l'organisation\\<\\\/em\\>\\<\\\/a\\>\"; toolTips('.classtoolTips168',tt_store_content,'7763'); <\/script><script type=\"text\/javascript\"> var tt_store_content = \"\\<\/p>\n<p style\\='text\\-align\\: justify'\\>\\<span class\\='ILfuVd'\\>La politique agricole commune \\(\\<b\\><span class='tooltipsall tooltip_post_id_11364 classtoolTips174'>PAC<\/span>\\<\\\/b\\>\\) est une politique mise en place \u00e0 l'\u00e9chelle de l'Union europ\u00e9enne\\. \u00c0 l'origine, elle est fond\u00e9e principalement sur des mesures de contr\u00f4le des prix et de subventionnement, visant \u00e0 moderniser et d\u00e9velopper l'agriculture\\.\\<\\\/span\\> \\(source Wikipedia\\)\\<\\\/p\\>\"; toolTips('.classtoolTips174',tt_store_content,'11364'); <\/script><script type=\"text\/javascript\"> var tt_store_content = \"\\<\/p>\n<p style\\='text\\-align\\: center;'\\>\\<span style\\='font\\-size\\: 14pt;'\\>\\<strong\\>P\\<\\\/strong\\>\\<\\\/span\\>\\<span style\\='font\\-size\\: 14pt;'\\>lan \\<strong\\>L\\<\\\/strong\\>\\<\\\/span\\>\\<span style\\='font\\-size\\: 14pt;'\\>ocal d'\\<strong\\>U\\<\\\/strong\\>\\<\\\/span\\>\\<span style\\='font\\-size\\: 14pt;'\\>rbanisme\\<\\\/span\\>\\<\\\/p\\><br \/>&nbsp;\"; toolTips('.classtoolTips176',tt_store_content,'4979'); <\/script><script type=\"text\/javascript\"> var tt_store_content = \"\\<p\\>Conseil \u00c9conomique et Social\\<\\\/p\\>\"; toolTips('.classtoolTips180',tt_store_content,'29829'); <\/script><script type=\"text\/javascript\"> var tt_store_content = \"\\<p\\><span class='tooltipsall tooltip_post_id_19888 classtoolTips186'>CEA<\/span> \\= Commissariat \u00e0 l'Energie Atomique et aux Energies Alternatives\\. C' est un organisme administratif\u00a0 fran\u00e7ais de recherche scientifique dans les domaines de l'\u00e9nergie , la d\u00e9fense, les technologies de l'information et de la communication, des sciences de la mati\u00e8re, de la vie, de la sant\u00e9\\.\\.\\.\\<\\\/p\\><br \/>\\<p\\>&nbsp;\\<\\\/p\\>\"; toolTips('.classtoolTips186',tt_store_content,'19888'); <\/script><script type=\"text\/javascript\"> var tt_store_content = \"\\<\/p>\n<p style\\='text\\-align\\: center;'\\>\\<span style\\='font\\-size\\: 14pt;'\\>\\<strong\\>G\\<\\\/strong\\>roupement \\<strong\\>H\\<\\\/strong\\>ospitalier de \\<strong\\>T\\<\\\/strong\\>erritoire\\<\\\/span\\>\\<\\\/p\\><br \/>\\<\/p>\n<p style\\='text\\-align\\: justify;'\\>Les groupements hospitaliers de territoires, dispositif pr\u00e9vu par la loi de sant\u00e9 2016, sont un nouveau mode de coop\u00e9ration entre les \u00e9tablissements publics de sant\u00e9 \u00e0 l\u2019\u00e9chelle d\u2019un territoire\\<\\\/p\\>\"; toolTips('.classtoolTips189',tt_store_content,'18358'); <\/script><script type=\"text\/javascript\"> var tt_store_content = \"\\<\/p>\n<p style\\='text\\-align\\: center;'\\>\\<strong\\>\\<span style\\='font\\-size\\: 14pt;'\\>P\\<\\\/span\\>\\<\\\/strong\\>\\<span style\\='font\\-size\\: 14pt;'\\>rogrammation \\<strong\\>P\\<\\\/strong\\>luri\\-annuelle de l'\\<strong\\>\u00c9\\<\\\/strong\\>nergie\\<\\\/span\\>\\<\\\/p\\><br \/>La PPE est est en France un document strat\u00e9gique de pilotage de la transition \u00e9nerg\u00e9tique\\. Institu\u00e9e par l'article 176 de la loi transition \u00e9nerg\u00e9tique \\(TECV\\)\\. Elle fixe \\(par \u00e9nergie\\) une trajectoire pour le mix \u00e9nerg\u00e9tique, ainsi que \u00ab&nbsp;\\<em\\>les priorit\u00e9s d'action pour la gestion de l\u2019ensemble des formes d'\u00e9nergie sur le territoire m\u00e9tropolitain continental, afin d\u2019atteindre les objectifs nationaux fix\u00e9s par la loi\\<\\\/em\\>&nbsp;\u00bb\\.<\/p>\n<p>Initi\u00e9e en 2016, elle est r\u00e9vis\u00e9e en 2018 puis ensuite tous les 5 ans\\.<\/p>\n<p>\\<a href\\='https\\:\\\/\\\/fr\\.wikipedia\\.org\\\/wiki\\\/Programmation_pluriannuelle_de_l'\u00e9nergi' target\\='_blank' rel\\='noopener'\\>\\<em\\>Voir ici la page Wikipedia consacr\u00e9e \u00e0 la PPE\\<\\\/em\\>\\<\\\/a\\><br \/>\\<a href\\='https\\:\\\/\\\/ppe\\.debatpublic\\.fr\\\/' target\\='_blank' rel\\='noopener'\\>\\<em\\>Voir ici la page du site 'Commission du D\u00e9bat Public' consacr\u00e9e \u00e0 la PPE\\<\\\/em\\>\\<\\\/a\\>\"; toolTips('.classtoolTips193',tt_store_content,'7102'); <\/script><script type=\"text\/javascript\"> var tt_store_content = \"\\<\/p>\n<p style\\='text\\-align\\: center;'\\>\\<span style\\='font\\-size\\: 14pt;'\\>\\<strong\\>E\\<\\\/strong\\>volutionary \\<strong\\>P\\<\\\/strong\\>ower \\<strong\\>R\\<\\\/strong\\>eactor\\<\\\/span\\>\\<\\\/p\\><br \/>\\<\/p>\n<p style\\='text\\-align\\: justify;'\\>R\u00e9acteur nucl\u00e9aire de troisi\u00e8me g\u00e9n\u00e9ration \\(classification internationale\\), con\u00e7u et d\u00e9velopp\u00e9 par <span class='tooltipsall tooltip_post_id_5121 classtoolTips35'>Areva NP<\/span>&nbsp; au cours des ann\u00e9es 1990 et 2000\\. Il fait partie de la fili\u00e8re des r\u00e9acteurs \u00e0 eau pressuris\u00e9e\\.\\<\\\/p\\><br \/>\\<a href\\='https\\:\\\/\\\/fr\\.wikipedia\\.org\\\/wiki\\\/R%C3%A9acteur_pressuris%C3%A9_europ%C3%A9en' target\\='_blank' rel\\='noopener'\\>\\<em\\>Voir ici la fiche Wikipedia <span class='tooltipsall tooltip_post_id_5579 classtoolTips196'>EPR<\/span>\\<\\\/em\\>\\<\\\/a\\>\"; toolTips('.classtoolTips196',tt_store_content,'5579'); <\/script><script type=\"text\/javascript\"> var tt_store_content = \"\\<\/p>\n<p style\\='text\\-align\\: center;'\\>\\<strong\\>R\\<\\\/strong\\>\u00e9seau \\<strong\\>A\\<\\\/strong\\>ction \\<strong\\>C\\<\\\/strong\\>limat\\<\\\/p\\><br \/>Le r\u00e9seau Action Climat '\\<em\\>f\u00e9d\u00e8re les associations impliqu\u00e9es dans la lutte contre les changements climatiques et pour une transition \u00e9cologique, solidaire et \u00e9quitable\\<\\\/em\\>'\\.<\/p>\n<p>\\<a href\\='https\\:\\\/\\\/reseauactionclimat\\.org\\\/' target\\='_blank' rel\\='noopener'\\>Voir le site du <span class='tooltipsall tooltip_post_id_4309 classtoolTips200'>RAC<\/span>\\<\\\/a\\>\"; toolTips('.classtoolTips200',tt_store_content,'4309'); <\/script><script type=\"text\/javascript\"> var tt_store_content = \"\\<\/p>\n<p style\\='text\\-align\\: center;'\\>\\<strong\\>\\<span style\\='font\\-size\\: 14pt;'\\>R\\<\\\/span\\>\\<\\\/strong\\>\\<span style\\='font\\-size\\: 14pt;'\\>eferendum d'\\<strong\\>I\\<\\\/strong\\>nitiative \\<strong\\>C\\<\\\/strong\\>itoyenne\\<\\\/span\\>\\<\\\/p\\>\"; toolTips('.classtoolTips205',tt_store_content,'12268'); <\/script><script type=\"text\/javascript\"> var tt_store_content = \"\\<p\\><span class='tooltipsall tooltip_post_id_25837 classtoolTips206'>GWh<\/span> \\: 1 <span class='tooltipsall tooltip_post_id_30104 classtoolTips218'>Gigawatt<\/span>\\-heure \\= 1 000 M\u00e9gawatt\\-heure \\[MWh\\]\\<\\\/p\\>\"; toolTips('.classtoolTips206',tt_store_content,'25837'); <\/script><script type=\"text\/javascript\"> var tt_store_content = \"\\<p\\>GWh \\: 1 Gigawatt\\-heure \\= 1 000 M\u00e9gawatt\\-heure \\[MWh\\]\\<\\\/p\\>\"; toolTips('.classtoolTips206',tt_store_content,'25837'); <\/script><script type=\"text\/javascript\"> var tt_store_content = \"\\<p\\><span class='tooltipsall tooltip_post_id_25844 classtoolTips208'>RTE<\/span> \\= R\u00e9seau de Transport d'Electricit\u00e9 est une filiale d'<span class='tooltipsall tooltip_post_id_7035 classtoolTips178'>EDF<\/span> qui est l'actionnaire majoritaire avec 50,1% des parts le reste \u00e9tant partag\u00e9 par la CDC et la CNP\\<\\\/p\\>\"; toolTips('.classtoolTips208',tt_store_content,'25844'); <\/script><script type=\"text\/javascript\"> var tt_store_content = \"\\<\/p>\n<p style\\='text\\-align\\: center;'\\>\\<span style\\='font\\-size\\: 14pt;'\\>\\<strong\\>O\\<\\\/strong\\>rganisation\\<strong\\> N\\<\\\/strong\\>on\\<strong\\> G\\<\\\/strong\\>ouvernementale\\<\\\/span\\>\\<\\\/p\\><br \/>Une organisation non gouvernementale \\(<span class='tooltipsall tooltip_post_id_3579 classtoolTips210'>ONG<\/span>\\) est une \\<a title\\='Association \u00e0 but non lucratif' href\\='https\\:\\\/\\\/fr\\.wikipedia\\.org\\\/wiki\\\/Association_%C3%A0_but_non_lucratif' target\\='_blank' rel\\='noopener'\\>association \u00e0 but non lucratif\\<\\\/a\\>, d'int\u00e9r\u00eat public, qui ne rel\u00e8ve ni de l'\u00c9tat, ni d'institutions internationales\\<sup id\\='cite_ref\\-novethic_1\\-0' class\\='reference'\\>\\<\\\/sup\\>\\. Les ONG n'ont pas le statut de sujet de \\<a title\\='Droit international public' href\\='https\\:\\\/\\\/fr\\.wikipedia\\.org\\\/wiki\\\/Droit_international_public' target\\='_blank' rel\\='noopener'\\>droit international\\<\\\/a\\>\\.\"; toolTips('.classtoolTips210',tt_store_content,'3579'); <\/script><script type=\"text\/javascript\"> var tt_store_content = \"\\<\/p>\n<p style\\='text\\-align\\: center;'\\>\\<span style\\='font\\-size\\: 14pt;'\\>\\<strong\\>O\\<\\\/strong\\>rganisation\\<strong\\> N\\<\\\/strong\\>on\\<strong\\> G\\<\\\/strong\\>ouvernementale\\<\\\/span\\>\\<\\\/p\\><br \/>Une organisation non gouvernementale \\(ONG\\) est une \\<a title\\='Association \u00e0 but non lucratif' href\\='https\\:\\\/\\\/fr\\.wikipedia\\.org\\\/wiki\\\/Association_%C3%A0_but_non_lucratif' target\\='_blank' rel\\='noopener'\\>association \u00e0 but non lucratif\\<\\\/a\\>, d'int\u00e9r\u00eat public, qui ne rel\u00e8ve ni de l'\u00c9tat, ni d'institutions internationales\\<sup id\\='cite_ref\\-novethic_1\\-0' class\\='reference'\\>\\<\\\/sup\\>\\. Les ONG n'ont pas le statut de sujet de \\<a title\\='Droit international public' href\\='https\\:\\\/\\\/fr\\.wikipedia\\.org\\\/wiki\\\/Droit_international_public' target\\='_blank' rel\\='noopener'\\>droit international\\<\\\/a\\>\\.\"; toolTips('.classtoolTips210',tt_store_content,'3579'); <\/script><script type=\"text\/javascript\"> var tt_store_content = \"\\<p\\><span class='tooltipsall tooltip_post_id_24572 classtoolTips211'>MIT<\/span> \\= Massachussets Institute of Technology, prestigieuse universit\u00e9 am\u00e9ricaine de la c\u00f4te est\\<\\\/p\\>\"; toolTips('.classtoolTips211',tt_store_content,'24572'); <\/script><script type=\"text\/javascript\"> var tt_store_content = \"\\<p\\><span class='tooltipsall tooltip_post_id_30593 classtoolTips214'>RN<\/span> \\= Rassemble National, c'est le parti d'extr\u00eame droite de Marine Le Pen qui succ\u00e8de au FN \\= Front National fond\u00e9 par son p\u00e8re Jean Marie Le Pen\\<\\\/p\\>\"; toolTips('.classtoolTips214',tt_store_content,'30593'); <\/script><script type=\"text\/javascript\"> var tt_store_content = \"<\/p>\n<div class='tooltips_youtube_class' ><iframe width='100%' height='100%' src='http:\/\/www.youtube.com\/embed\/m\u00e9gawatt?rel=0&autoplay=1' frameborder='0' allowfullscreen><\/iframe><\/div>\n<p>\\<p\\>\\<strong\\>MEGAWATT \\(<span class='tooltipsall tooltip_post_id_30103 classtoolTips217'>MW<\/span>\\) \\= 1\\.000\\.000 watts\\<\\\/strong\\>\\<\\\/p\\>\"; toolTips('.classtoolTips217',tt_store_content,'30103'); <\/script><script type=\"text\/javascript\"> var tt_store_content = \"\\<p\\>\\<strong\\>GIGAWATT \\(<span class='tooltipsall tooltip_post_id_30104 classtoolTips218'>GW<\/span>\\) \\= 1000 000 <span class='tooltipsall tooltip_post_id_30101 classtoolTips216'>KW<\/span>\\<\\\/strong\\>\\<\\\/p\\>\"; toolTips('.classtoolTips218',tt_store_content,'30104'); <\/script><script type=\"text\/javascript\"> var tt_store_content = \"\\<\/p>\n<p style\\='text\\-align\\: center;'\\>\\<span style\\='font\\-size\\: 14pt;'\\>\\<strong\\>C\\<\\\/strong\\>entre \\<strong\\>H\\<\\\/strong\\>ospitalier\\<\\\/span\\>\\<\\\/p\\>\"; toolTips('.classtoolTips220',tt_store_content,'18357'); <\/script><script type=\"text\/javascript\"> var tt_store_content = \"\\<p\\>D\u00e9chets radioactifs \u00e0 Haute Activit\u00e9 \\(classement <span class='tooltipsall tooltip_post_id_3612 classtoolTips79'>ANDRA<\/span>\\)\\<\\\/p\\>\"; toolTips('.classtoolTips223',tt_store_content,'19196'); <\/script><\/p>\n","protected":false},"author":21,"featured_media":0,"comment_status":"open","ping_status":"open","sticky":false,"template":"","format":"standard","meta":{"_acf_changed":false,"ngg_post_thumbnail":0,"_jetpack_memberships_contains_paid_content":false,"footnotes":""},"categories":[6,9,98,28,100,5,27],"tags":[],"coauthors":[76],"class_list":["post-20960","post","type-post","status-publish","format-standard","hentry","category-actu","category-actu_gen","category-rub_pol_economie","category-rub_env","category-rub_env_eolien","category-rub_pol","category-rub","edition-edi_00062","type_art-type_art_article","no-thumb"],"acf":[],"jetpack_featured_media_url":"","jetpack_sharing_enabled":true,"jetpack_shortlink":"https:\/\/wp.me\/p9B5TM-5s4","_links":{"self":[{"href":"https:\/\/le-clairon-nouveau.fr\/wordpress\/wp-json\/wp\/v2\/posts\/20960","targetHints":{"allow":["GET"]}}],"collection":[{"href":"https:\/\/le-clairon-nouveau.fr\/wordpress\/wp-json\/wp\/v2\/posts"}],"about":[{"href":"https:\/\/le-clairon-nouveau.fr\/wordpress\/wp-json\/wp\/v2\/types\/post"}],"author":[{"embeddable":true,"href":"https:\/\/le-clairon-nouveau.fr\/wordpress\/wp-json\/wp\/v2\/users\/21"}],"replies":[{"embeddable":true,"href":"https:\/\/le-clairon-nouveau.fr\/wordpress\/wp-json\/wp\/v2\/comments?post=20960"}],"version-history":[{"count":0,"href":"https:\/\/le-clairon-nouveau.fr\/wordpress\/wp-json\/wp\/v2\/posts\/20960\/revisions"}],"wp:attachment":[{"href":"https:\/\/le-clairon-nouveau.fr\/wordpress\/wp-json\/wp\/v2\/media?parent=20960"}],"wp:term":[{"taxonomy":"category","embeddable":true,"href":"https:\/\/le-clairon-nouveau.fr\/wordpress\/wp-json\/wp\/v2\/categories?post=20960"},{"taxonomy":"post_tag","embeddable":true,"href":"https:\/\/le-clairon-nouveau.fr\/wordpress\/wp-json\/wp\/v2\/tags?post=20960"},{"taxonomy":"author","embeddable":true,"href":"https:\/\/le-clairon-nouveau.fr\/wordpress\/wp-json\/wp\/v2\/coauthors?post=20960"}],"curies":[{"name":"wp","href":"https:\/\/api.w.org\/{rel}","templated":true}]}}