{"id":21221,"date":"2020-03-23T12:30:46","date_gmt":"2020-03-23T11:30:46","guid":{"rendered":"https:\/\/le-clairon-nouveau.fr\/wordpress\/?p=21221"},"modified":"2020-04-04T19:40:14","modified_gmt":"2020-04-04T17:40:14","slug":"le-systeme-ou-le-chaos","status":"publish","type":"post","link":"https:\/\/le-clairon-nouveau.fr\/wordpress\/blog\/2020\/03\/23\/le-systeme-ou-le-chaos\/","title":{"rendered":"\u00ab Le Syst\u00e8me \u00bb ou le chaos !"},"content":{"rendered":"<p style=\"text-align: center;\"><img data-recalc-dims=\"1\" loading=\"lazy\" decoding=\"async\" class=\" wp-image-21222 aligncenter\" src=\"https:\/\/i0.wp.com\/le-clairon-nouveau.fr\/wordpress\/wp-content\/uploads\/2020\/03\/72488905_2546051862341330_4121214503344841972_n.jpg?resize=399%2C225&#038;ssl=1\" alt=\"\" width=\"399\" height=\"225\" srcset=\"https:\/\/i0.wp.com\/le-clairon-nouveau.fr\/wordpress\/wp-content\/uploads\/2020\/03\/72488905_2546051862341330_4121214503344841972_n.jpg?resize=300%2C169&amp;ssl=1 300w, https:\/\/i0.wp.com\/le-clairon-nouveau.fr\/wordpress\/wp-content\/uploads\/2020\/03\/72488905_2546051862341330_4121214503344841972_n.jpg?resize=1024%2C576&amp;ssl=1 1024w, https:\/\/i0.wp.com\/le-clairon-nouveau.fr\/wordpress\/wp-content\/uploads\/2020\/03\/72488905_2546051862341330_4121214503344841972_n.jpg?resize=768%2C432&amp;ssl=1 768w, https:\/\/i0.wp.com\/le-clairon-nouveau.fr\/wordpress\/wp-content\/uploads\/2020\/03\/72488905_2546051862341330_4121214503344841972_n.jpg?w=1080&amp;ssl=1 1080w\" sizes=\"auto, (max-width: 399px) 100vw, 399px\" \/><span style=\"font-size: 8pt;\"><em><strong>(image Colin Reys)<\/strong><\/em><\/span><\/p>\n<p style=\"text-align: justify;\"><strong><em>Il nous faut absolument changer nos rapports au monde et changer de rapport avec le vivant, ce qui revient \u00e0 tout changer, politiquement, socialement, \u00e9conomiquement et culturellement. <br \/>\nPour ce faire il nous faut nous sortir du jeu <u>insens\u00e9<\/u> que le \u00ab&nbsp;Syst\u00e8me&nbsp;\u00bb (nomm\u00e9 \u00ab&nbsp;mondialisation&nbsp;\u00bb) nous fait jouer.<br \/>\n<\/em><\/strong><strong><em>Il nous faut porter sur la place publique que nous ne sommes plus dupes du jeu de ce syst\u00e8me et que nous arr\u00eatons de lui servir de jouets<br \/>\n<\/em><\/strong><strong><em>Nous nous lib\u00e9rons de la croyance dans cette id\u00e9ologie qui proclame \u00ab&nbsp;il n\u2019y a pas d\u2019alternative&nbsp;\u00bb et de la peur qu\u2019on nous fait sous la forme du chantage \u00ab&nbsp;le Syst\u00e8me&nbsp;ou le chaos&nbsp;\u00bb&nbsp;! <br \/>\n<\/em><\/strong><span style=\"color: #ff0000;\"><strong><em>Sauf que nous voyons et savons que \u00ab&nbsp;Le Syst\u00e8me&nbsp;\u00bb, c\u2019est le chaos&nbsp;!<\/em><\/strong><\/span><\/p>\n<p><strong><span style=\"font-size: 14pt;\">Qu\u2019est-ce qui nous arrive&nbsp;?<\/span> <\/strong><\/p>\n<p style=\"text-align: justify;\">On court\u2026.On court\u2026On n\u2019en finit pas de courir,&nbsp; apr\u00e8s le temps, le sommeil, l\u2019argent, \u00e0 en perdre le corps, \u00e0 en perdre l\u2019esprit, \u00e0 en perdre le sens\u2026<br \/>\nNous nous sommes automatis\u00e9s avec la vie du monde qui s\u2019est automatis\u00e9e.<br \/>\nEt donc, c\u2019est automatique, on court, on court,&nbsp; alors que la question de ce qui nous fait courir et vers o\u00f9 nous courons ne se pose m\u00eame pas.<\/p>\n<p style=\"text-align: justify;\">Malgr\u00e9 cela on se rend bien compte que le monde court au chaos politique, social, \u00e9conomique, climatique et que les cultures des soci\u00e9t\u00e9s humaines se d\u00e9composent.&nbsp;Nous sommes dans un vide, sans vision, sans horizon, sans esp\u00e9rance, sans univers de r\u00eave. Le tissu social se d\u00e9fait et l\u2019on ne pense qu\u2019\u00ab&nbsp;individus&nbsp;\u00bb, nous tenant seulement c\u00f4te \u00e0 c\u00f4te, isol\u00e9s les uns des autres, quand nous ne nous heurtons pas les uns contre les autres&nbsp;; <strong><u>vivre ensemble, ce n\u2019est pas mener une vie en commun.<\/u><\/strong><\/p>\n<p><span style=\"font-size: 14pt;\"><strong>Qu\u2019est-ce qui&nbsp;nous a pris&nbsp;et quel est le sens de tout cela&nbsp;?<\/strong><\/span><\/p>\n<p style=\"text-align: justify;\">Est-ce que \u00e7a a du sens, ce monde que \u00ab&nbsp;nous&nbsp;\u00bb faisons, cette vie que \u00ab&nbsp;nous&nbsp;\u00bb menons et plus g\u00e9n\u00e9ralement ce que devient la vie des humains sur la Terre&nbsp;?<br \/>\n\u00ab&nbsp;Nous&nbsp;\u00bb devons cela \u00e0 qui et \u00e0 quoi&nbsp;? Pour quelles raisons et dans quels buts faisons-nous ce que nous faisons&nbsp;? <strong>Sous l\u2019emprise de qui, de quoi, sommes \u00ab&nbsp;nous&nbsp;\u00bb tomb\u00e9s&nbsp;?<\/strong><\/p>\n<p style=\"text-align: justify;\"><strong><em>Sommes-nous encore des \u00ab&nbsp;<u>nous<\/u>&nbsp;\u00bb, sujets b\u00e2tisseurs de nos soci\u00e9t\u00e9s et du monde&nbsp;?<br \/>\n<\/em><\/strong>Et qui est ce \u00ab&nbsp;<strong>nous<\/strong>&nbsp;\u00bb, si nous ne sommes plus que des individus, des entit\u00e9s les unes \u00e0 c\u00f4t\u00e9 des autres&nbsp;? Est-ce bien nous, en tant que nous sommes les \u00eatres humains qui vivons en soci\u00e9t\u00e9, qui constituons le \u00ab&nbsp;nous&nbsp;\u00bb collectif des semblables et qui nous repr\u00e9sentons notre humanit\u00e9 commune dans notre imaginaire de sujet humain&nbsp;?<\/p>\n<p style=\"text-align: justify;\"><strong><em>Ou sommes-nous d\u00e9poss\u00e9d\u00e9s par le \u00ab&nbsp;syst\u00e8me-monde&nbsp;\u00bb ?<br \/>\n<\/em><\/strong>Le \u00ab&nbsp;syst\u00e8me-monde&nbsp;\u00bb, op\u00e9rant, op\u00e9ratoire, op\u00e9rationnel&nbsp;est une forme d\u00e9sincarn\u00e9e, une abstraction, un ensemble d\u2019algorithmes, qui nous <strong><em>num\u00e9rise<\/em><\/strong><em>.<\/em> Et \u00ab\u00a0<strong>\u00e7a<\/strong><strong>\u00ab\u00a0<\/strong> <em>num\u00e9rise<\/em> <em>intelligemment<\/em> <em>artificiellement<\/em> <em>tout<\/em>, pour nous, en lieu et place de notre pens\u00e9e, \u00e0 notre insu et avec notre adh\u00e9sion tacite, \u00ab\u00a0<strong>\u00e7a<\/strong><strong>\u00ab\u00a0<\/strong> nous pense.<br \/>\nAinsi, un <u>artefact<\/u> <sup><a href=\"#footnote_1_21221\" id=\"identifier_1_21221\" class=\"footnote-link footnote-identifier-link\" title=\"objet fabriqu&eacute; par l&rsquo;homme\">(1)<\/a><\/sup> algorithmique s\u2019est substitu\u00e9 \u00e0 notre esprit. Un artefact c\u2019est fait pour faire du chiffre, uniquement du chiffre, \u00e7a chiffre tout et \u00e7a calcule m\u00eame \u00e9lectroniquement les transactions sp\u00e9culatives sur les march\u00e9s mondiaux (boursiers, bancaires, mon\u00e9taires et financiers), afin que tout s\u2019\u00e9change instantan\u00e9ment partout dans le monde par la sp\u00e9culation des \u00ab&nbsp;investisseurs&nbsp;\u00bb, qui jouent la maximisation de leurs seuls profits&nbsp; dans l\u2019illusion de leur seul bien \u00eatre.<\/p>\n<p style=\"text-align: justify;\"><strong><em>Le \u00ab&nbsp;syst\u00e8me-monde&nbsp;\u00bb nous <u>d\u00e9r\u00e9alise<\/u>, le syst\u00e8me est insens\u00e9, il fait de \u00ab&nbsp;nous&nbsp;\u00bb des Insens\u00e9s.<br \/>\n<\/em><\/strong>L\u2019univers du chiffre a pris la place de l\u2019humain dans l\u2019univers Politique&nbsp;: la place de la pens\u00e9e du sens de l\u2019existence de l\u2019humain, de notre \u00ab\u00a0\u00eatre au monde\u00a0\u00bb.<br \/>\nLe \u00ab&nbsp;syst\u00e8me-monde&nbsp;\u00bb a investi l\u2019imaginaire humain, il d\u00e9r\u00e9alise l\u2019esprit humain d\u2019avec notre condition d\u2019humain (ou <em>variante&nbsp;explicative: il emp\u00eache notre esprit de saisir la r\u00e9alit\u00e9 de notre condition d\u2019humain.<\/em>)<\/p>\n<p><span style=\"font-size: 14pt;\"><strong>Alors&nbsp;que faisons-nous&nbsp;?<\/strong><\/span><\/p>\n<p style=\"text-align: justify;\">Contre ce monde insens\u00e9, entre \u00ab&nbsp;nous&nbsp;\u00bb, nous nous entraidons, nous nous d\u00e9sali\u00e9nons du syst\u00e8me&nbsp;: ensemble, conjointement, mutuellement, solidairement, nous nous donnons \u00e0 penser le sens des choses, la vie en commun, nous pensons notre lot commun, notre sort commun.<\/p>\n<p style=\"text-align: justify;\"><strong><em>Comme nous voulons toujours nous \u00e9merveiller de notre <\/em><\/strong><strong><em>\u00ab\u00a0\u00eatre au monde<\/em><\/strong><strong><em>\u00ab\u00a0, nous pensons le sens de notre existence&nbsp;; c\u2019est une vie vraie que nous voulons mener et nous voulons vivre dans un monde vraiment humain.<br \/>\n<\/em><\/strong><strong><em>Et alors, le \u00ab&nbsp;syst\u00e8me-monde&nbsp;\u00bb, on s\u2019en d\u00e9gage, on le d\u00e9gage de notre existence, il n\u2019en fait plus partie&nbsp;!&nbsp;&nbsp; <br \/>\n<\/em><\/strong>On a tous les m\u00eames interrogations au sujet du monde dans lequel nous vivons, de l\u2019\u00e9tat de la plan\u00e8te o\u00f9 nous habitons, de l\u2019\u00e0-venir humain et aucun d\u2019entre nous n\u2019imagine pouvoir y changer quelque chose.<br \/>\nEt bien s\u00fbr, je suis comme tout un chacun, sauf que je questionne la fa\u00e7on que nous avons de voir et de prendre les choses&nbsp;: qu\u2019est-ce qui fait que nous pensons et agissons comme nous le faisons, cela ne nous tombe quand m\u00eame pas du ciel&nbsp;!<\/p>\n<p><span style=\"font-size: 14pt;\"><strong>Mon mode de raisonnement&nbsp;: <\/strong><\/span><\/p>\n<p style=\"text-align: justify;\"><strong><em>Tout \u00e7a ne marche de la fa\u00e7on dont cela marche que parce que nous le faisons marcher ainsi, et nous marchons comme on nous fait marcher<\/em><\/strong>, en adoptant le comportement que nous croyons devoir adopter avec les autres pour nous conformer \u00e0 ce que nous croyons \u00eatre attendu de nous.&nbsp;<br \/>\nNous croyons ce qu\u2019on nous fait croire, nous regardons o\u00f9 l\u2019on nous fait regarder, nous voyons comme l\u2019on veut nous faire voir. (C\u2019est le th\u00e9\u00e2tre de la soci\u00e9t\u00e9 humaine et nous sommes dans les r\u00f4les que nous essayons de faire n\u00f4tres, comme nous le pouvons)<\/p>\n<p style=\"text-align: justify;\"><strong><em>Face \u00e0 la montagne<br \/>\n<\/em><\/strong>Et ainsi, l\u00e0 o\u00f9 nous en sommes aujourd\u2019hui dans notre relation au monde et avec ce que nous nous sommes mis en t\u00eate et tels que nous voyons, pensons et agissons&nbsp;: imaginer changer de sch\u00e9ma et changer de mod\u00e8le, cela nous para\u00eet bien s\u00fbr impensable et insurmontable, c\u2019est une <strong>montagne<\/strong> qu\u2019il nous faut d\u00e9placer.<br \/>\nEt comme on le dit, \u00ab&nbsp;<strong><em>s\u2019en faire une montagne<\/em><\/strong>&nbsp;\u00bb, cela dit bien comment on <strong><em>prend<\/em> <\/strong>la chose et non pas ce qu\u2019<strong><em>est<\/em><\/strong> la chose. Ce qui s\u2019exprime l\u00e0, se passe au plus profond de nous, corps, \u00e2me et esprit et r\u00e9sulte de notre histoire de vie, c\u2019est une <strong><em>construction sociale<\/em><\/strong> de nous-m\u00eames&nbsp;: il faut donc pouvoir, les uns avec les autres, ensemble (socialement) la d\u00e9construire si nous voulons changer notre \u00e9tat d\u2019\u00eatre.<br \/>\n<strong><em>Car nous sommes des \u00eatres socialement construits par ce que nous faisons dans l\u2019existence<\/em><\/strong>, la vie que nous menons, l\u00e0 o\u00f9 nous habitons, comment nous habitons, avec qui nous habitons, etc&#8230; Mais en plus des conditions de vie que nous avons en commun avec d\u2019autres, nous avons \u00e9galement des histoires et des exp\u00e9riences de vie singuli\u00e8res, propres \u00e0 chacun.<sup><a href=\"#footnote_2_21221\" id=\"identifier_2_21221\" class=\"footnote-link footnote-identifier-link\" title=\"cf.&nbsp;: &laquo;&nbsp;La Construction Sociale de la r&eacute;alit&eacute;&nbsp;&raquo; de Peter Berger et Thomas Luckmann&nbsp;; &eacute;d. Armand Colin\">(2)<\/a><\/sup>\n<strong><em>Finalement cette montagne peut s\u2019av\u00e9rer factice,<\/em><\/strong> <strong><em>lorsque nous arrivons \u00e0 comprendre les mystifications qu\u2019on nous fait et que nous nous faisons<\/em><\/strong>\u2026<\/p>\n<p style=\"text-align: justify;\"><strong><em>A la base des mystifications qui nous font construire des montagnes imagin\u00e9es infranchissables\u2026<br \/>\n<\/em><\/strong>Il y a la monnaie qui d\u00e9cide de tout pour nous tous, c\u2019est <strong><u>La<\/u><\/strong> mystification de notre \u00ab&nbsp;civilisation&nbsp;\u00bb marchande d\u00e9l\u00e9t\u00e8re).<br \/>\nOn a fait de l\u2019argent une fin en soi, l\u2019argent pour l\u2019argent et l\u2019argent s\u2019auto-valorise, l\u2019argent fait de l\u2019argent&nbsp;; tout doit pouvoir s\u2019\u00e9changer <strong><em>par<\/em><\/strong> l\u2019argent, valeur d\u2019\u00e9change abstraite universelle, et finalement <strong><em>pour<\/em><\/strong> l\u2019argent dans une accumulation sp\u00e9culative sans limite, jusqu\u2019\u00e0 \u00e9clatement de la bulle\u2026<br \/>\nMais tout cela ne tombe pas du ciel&nbsp;: cela proc\u00e8de de l\u2019humain. C\u2019est donc \u00e0 l\u2019humain de changer d\u2019optique, de reconsid\u00e9rer d\u2019un autre \u0153il et d\u2019un autre point de vue, avec un autre \u00e9tat d\u2019esprit, ce qui l\u2019a fait tel qu\u2019il est\u2026<br \/>\nOr le syst\u00e8me tel qu\u2019il fonctionne ne peut fonctionner que parce que nous sommes partie prenante de son fonctionnement&nbsp;: il nous fabrique <sup><a href=\"#footnote_3_21221\" id=\"identifier_3_21221\" class=\"footnote-link footnote-identifier-link\" title=\"Cf.&nbsp;:&nbsp;&laquo;&nbsp;La fabrication du consentement&nbsp;&raquo;, N. Chomsky &eacute;d. Agone et &laquo;&nbsp;Discours de la servitude volontaire&nbsp;&raquo;, La Bo&eacute;tie&nbsp;; &eacute;d. Flammarion\">(3)<\/a><\/sup>. Donc si nous n\u2019imaginons pas d\u2019alternative possible \u00e0 ce qui est, c\u2019est que le syst\u00e8me nous fait voir, croire et penser ainsi&nbsp;(\u00e0 notre insu).<br \/>\nC\u2019est encore la construction sociale de la r\u00e9alit\u00e9 qui est \u00e0 l\u2019\u0153uvre dans tout cela.<\/p>\n<p><strong><span style=\"font-size: 14pt;\">On se pose, on r\u00e9fl\u00e9chit, on met \u00e0 la question et en question<\/span> <\/strong><\/p>\n<p style=\"text-align: justify;\"><strong><em>Questionner le sens de tout cela, c\u2019est d\u00e9j\u00e0 nous mettre \u00e0 distance et nous d\u00e9prendre de l\u2019emprise sur nous<\/em><\/strong>&nbsp;! Mettre en mots, dans des <strong><u>mots \u00e0 nous<\/u><\/strong>, c\u2019est porter un regard ext\u00e9rieur, rompre l\u2019assujettissement et commencer \u00e0&nbsp; nous d\u00e9faire de l\u2019ali\u00e9nation.<br \/>\nIl nous suffit d\u2019ouvrir les yeux pour voir ce que le syst\u00e8me fait de nous, comment les d\u00e9s sont pip\u00e9s, comment il \u00ab&nbsp;joue&nbsp;\u00bb avec nous et se joue de nous.<br \/>\nIl nous suffit de savoir que nous ne voulons plus du syst\u00e8me.<br \/>\nIl nous suffit de dire sur la place publique que nous sommes d\u00e9cid\u00e9s, que nous rejetons le syst\u00e8me, que nous arr\u00eatons d\u2019\u00eatre l\u2019instrument de la logique des jeux du syst\u00e8me.<\/p>\n<p style=\"text-align: justify;\"><strong><em>C\u2019est exactement ce que fait actuellement le peuple alg\u00e9rien qui a d\u00e9cid\u00e9 de \u00ab&nbsp;lib\u00e9rer l\u2019Alg\u00e9rie&nbsp;\u00bb.<br \/>\n<\/em><\/strong>Le peuple fait \u00ab&nbsp;La R\u00e9volution du sourire&nbsp;\u00bb, il veut \u00ab&nbsp;l\u2019Alg\u00e9rie libre et d\u00e9mocratique&nbsp;\u00bb et tous les vendredis il est dans la rue et crie d\u2019une voix unie, puissante, l\u00e9gitime, souveraine : \u00ab&nbsp;Syst\u00e8me d\u00e9gage&nbsp;\u00bb&nbsp;! Le peuple fait ainsi savoir aux oligarques qu\u2019il a d\u00e9masqu\u00e9 le syst\u00e8me avec lequel ils ont fait main basse sur le pays, vol\u00e9 les richesses, les biens publics et vol\u00e9 au peuple la d\u00e9mocratie et la libert\u00e9.<\/p>\n<p style=\"text-align: justify;\"><strong><em>Nous aussi, nous devons rendre public que nous savons ce que le \u00ab&nbsp;syst\u00e8me-monde&nbsp;\u00bb fait de nous et que nous rompons avec ce syst\u00e8me, avant qu\u2019il ait fini de tout d\u00e9truire, de nous d\u00e9truire.<br \/>\n<\/em><\/strong>De m\u00eame pour le mouvement \u00ab&nbsp;<em>Occupy Wall Street<\/em>&nbsp;\u00bb&nbsp;: les occupants savaient clairement qui d\u00e9cide de tout ici, maintenant et sans limites. Car les \u00ab&nbsp;investisseurs&nbsp;\u00bb, jouent avec nos vies et jouent la vie du monde sur les \u00ab&nbsp;march\u00e9s&nbsp;\u00bb des places financi\u00e8res et dans les paradis fiscaux&nbsp;: alors ce ne sont pas les Etats et encore moins les citoyens qui d\u00e9cident de ce qui doit advenir.<\/p>\n<p style=\"text-align: justify;\"><strong>Le choix de vie et de monde est un choix<\/strong> <strong><u>Politique<\/u><\/strong>, il engage la vie de la <strong>Cit\u00e9<\/strong>. Ce n\u2019est en aucun cas \u00e0 une \u00e9conomie-monde de d\u00e9cider de notre vie et de s\u2019emparer de ce qui est <strong>Politique<\/strong>. Il nous revient imp\u00e9rativement de prendre le <strong>Politique<\/strong> en notre pouvoir et sous notre contr\u00f4le.<\/p>\n<p style=\"text-align: justify;\"><strong><em>Maintenant on agit&nbsp;:<br \/>\n<\/em><\/strong><strong><em><span style=\"color: #339966;\">On ouvre les yeux, on se donne le courage de regarder en face, on l\u00e8ve le voile, on met \u00e0 nu et au grand jour le \u00ab&nbsp;syst\u00e8me-monde&nbsp;\u00bb.<\/span> <br \/>\n<\/em><\/strong><strong><em>Maintenant on d\u00e9sob\u00e9it&nbsp;:<br \/>\n<\/em><\/strong><span style=\"color: #339966;\"><strong><em>Nous d\u00e9cidons de nous mettre hors jeu, tous en connaissance de cause et de cons\u00e9quence, nous n\u2019attendons plus d\u2019\u00eatre \u00e9limin\u00e9s du jeu, nous l\u2019avons bien compris&nbsp;: les d\u00e8s sont pip\u00e9s\u2026<\/em><\/strong><\/span><\/p>\n<p><strong><span style=\"font-size: 14pt;\">La Rupture<\/span> <\/strong><\/p>\n<p style=\"text-align: justify;\"><strong><em>C\u2019est \u00e0 nous de nous autogouverner et pas au syst\u00e8me de nous gouverner.<br \/>\n<\/em><\/strong><strong><em>C\u2019est nous qui d\u00e9cidons quelle est la vie d\u2019habitants de la Terre que nous voulons vivre et comment nous allons nous organiser en commun politiquement pour la vivre.<br \/>\n<\/em><\/strong>Nous cr\u00e9ons un monde politique du <strong><u>commun<\/u><\/strong> pour faire vivre la <strong><u>Vie<\/u><\/strong> et vivre notre vie d\u2019humains en soci\u00e9t\u00e9, sur la Terre en r\u00e9sonance avec le vivant.<br \/>\nPolitiquement nous cr\u00e9ons un monde beau, libre, juste, paisible, confiant, solidaire, \u00e9conome, intelligent, un monde d\u2019humanit\u00e9, un monde de la r\u00e9sonance<strong> <br \/>\n<\/strong><\/p>\n<p><strong><em>La m\u00e9tamorphose de l\u2019imaginaire, de la normativit\u00e9 soci\u00e9tale<\/em><\/strong><\/p>\n<ul>\n<li style=\"text-align: justify;\">Nous rompons le leurre qui nous fait consentir \u00e0 ce que nous faisons contre nous en tant que personne, contre les humains de la Terre et contre le vivant qui nous relie \u00e0 tout et entre tous.<\/li>\n<li style=\"text-align: justify;\">Nous rompons avec le syst\u00e8me qui pervertit la vie, pervertit et atrophie l\u2019humain, corrompt l\u2019essence m\u00eame de l\u2019humain, d\u00e9truit l\u2019humanit\u00e9, d\u00e9truit la Terre. Nous cessons de contribuer \u00e0 faire cela, qui se fait avec nous, que nous faisons contre nous-m\u00eames et que cependant nous le faisons.<\/li>\n<li style=\"text-align: justify;\">Nous cr\u00e9ons notre imaginaire commun, notre \u00ab\u00a0<strong>commun<\/strong>\u00a0\u00bb d\u2019humains sur la Terre, de l\u2019 \u00ab&nbsp;\u00eatre-en-commun&nbsp;\u00bb et de l\u2019\u00ab&nbsp;agir-commun&nbsp;\u00bb.&nbsp; <strong>Tous<\/strong> nous sommes les habitants d\u2019une <strong>Terre<\/strong>, une, indivisible, inali\u00e9nable (inappropriable), qui nous fait <strong>tous<\/strong> vivre. Elle est sous notre sauvegarde solidaire, <strong>tous<\/strong> nous en sommes coresponsables.<\/li>\n<li style=\"text-align: justify;\">Nous en avons fini avec le renoncement, la crainte, nous sortons de notre isolement : nous nous d\u00e9livrons mutuellement de l\u2019impuissance de l\u2019inaction. Ensemble on ne ferme plus les yeux, on arr\u00eate de se taire, on sort de l\u2019ignorance, on ne se r\u00e9signe plus \u00e0 subir.<\/li>\n<\/ul>\n<p style=\"text-align: justify;\">Nous n\u2019avons d\u2019existence humaine que sur la Terre, parmi et avec les autres humains, &#8211;<em>dans la vie en soci\u00e9t\u00e9, condition de l\u2019humain<\/em>-, et en accord avec la <strong>nature<\/strong>. La nature ne nous est pas ext\u00e9rieure, n\u2019est pas un d\u00e9<span class='tooltipsall tooltip_post_id_7751 classtoolTips165'>cor<\/span>&nbsp;: la nature est la vie, elle nous constitue, nous en vivons. La nature est agie par des lois naturelles qui r\u00e9gissent toute mati\u00e8re et toute vie et pas sur les lois des humains<\/p>\n<p style=\"text-align: justify;\"><span style=\"font-size: 14pt;\"><strong>Que faut-il pour devenir humain \u00e0 part enti\u00e8re et agir en \u00e9tant partie prenante de la vie en soci\u00e9t\u00e9&nbsp;?<br \/>\n<\/strong><\/span><strong>Selon un proverbe africain, \u00ab&nbsp;il faut tout un village pour \u00e9duquer un enfant&nbsp;\u00bb, si l\u2019on tient \u00e0 ce qu\u2019il prenne toute sa place et sa part au sein de la vie commune dans la communaut\u00e9 villageoise. <br \/>\n<\/strong><strong>Que de pr\u00e9sence humaine, d\u2019attention aimante, de soin, de temps, de jeu, de d\u00e9couverte \u00e0 partir de conditions mat\u00e9rielles et sociales de vie, ne faut-il r\u00e9unir et conjuguer pour assurer la sant\u00e9 tant physique que mentale d\u2019un sujet ! Mais un sujet peut s\u2019\u00e9duquer et apprendre tout au long de sa vie ! <\/strong><sup><a href=\"#footnote_4_21221\" id=\"identifier_4_21221\" class=\"footnote-link footnote-identifier-link\" title=\"(cf. &laquo;&nbsp;l&rsquo;enfant sauvage&nbsp;&raquo; le film de Fran&ccedil;ois Truffaut ou le livre &laquo;&nbsp;l&rsquo;ensorcellement du monde&nbsp;&raquo; de Boris Cyrulnik)\">(4)<\/a><\/sup>\n<p style=\"text-align: right;\"><em>Bernard Immel pour le Clairon de l\u2019Atax le 09\/02\/2020<\/em><\/p>\n<script type=\"text\/javascript\"> var tt_store_content = \"\\<p style\\='text\\-align\\: center;'\\>\\<strong\\>\\<span style\\='font\\-size\\: 14pt;'\\>S\\<\\\/span\\>\\<\\\/strong\\>\\<span style\\='font\\-size\\: 14pt;'\\>oci\u00e9t\u00e9 d'\\<strong\\>\u00c9\\<\\\/strong\\>conomie \\<strong\\>M\\<\\\/strong\\>ixte\\<\\\/span\\>\\<\\\/p\\><br\/>\\<p style\\='text\\-align\\: justify;'\\>En France, une soci\u00e9t\u00e9 d'\u00e9conomie mixte est une soci\u00e9t\u00e9 anonyme dont le capital est majoritairement d\u00e9tenu par une ou plusieurs personnes publiques \\(\u00e0 savoir l'\u00c9tat, une Collectivit\u00e9 territoriale, ou tout autre \u00c9tablissement public\\)\\. Cette participation majoritaire publique est plafonn\u00e9e \u00e0 85&nbsp;% du capital depuis la Loi du 2 janvier 2002\\. Au moins une personne priv\u00e9e doit participer au capital de la <span class='tooltipsall tooltip_post_id_7168 classtoolTips142'>SEM<\/span>, sachant qu'il peut s'agir d'une autre SEM\\.\\<\\\/p\\><br\/>\\<p style\\='text\\-align\\: justify;'\\>\\<strong\\>Le recours \u00e0 la SEM garantit\\<\\\/strong\\> \u00e0 la collectivit\u00e9 publique actionnaire et cocontractante \\<strong\\>la prise en compte effective de l'int\u00e9r\u00eat g\u00e9n\u00e9ral\\<\\\/strong\\> dans les objectifs de l'entreprise \\<strong\\>et la souplesse de la soci\u00e9t\u00e9 de droit priv\u00e9\\<\\\/strong\\>\\.\\<\\\/p\\><br\/>\\<em\\>\\<a href\\='https\\:\\\/\\\/fr\\.wikipedia\\.org\\\/wiki\\\/Soci%C3%A9t%C3%A9_d%27%C3%A9conomie_mixte' target\\='_blank' rel\\='noopener'\\>Voir ici la page Wikipedia consacr\u00e9e aux SEM\\<\\\/a\\> \\<\\\/em\\><br\/><br\/>&nbsp;\"; toolTips('.classtoolTips142',tt_store_content,'7168'); <\/script><script type=\"text\/javascript\"> var tt_store_content = \"\\<p style\\='text\\-align\\: center;'\\>\\<span style\\='font\\-size\\: 14pt;'\\>\\<strong\\>I\\<\\\/strong\\>mp\u00f4t sur la \\<strong\\>F\\<\\\/strong\\>ortune \\<strong\\>I\\<\\\/strong\\>mmobili\u00e8re\\<\\\/span\\>\\<\\\/p\\>\"; toolTips('.classtoolTips148',tt_store_content,'5643'); <\/script><script type=\"text\/javascript\"> var tt_store_content = \"\\<p style\\='text\\-align\\: center;'\\>\\<span style\\='font\\-size\\: 14pt;'\\>\\<strong\\>R\\<\\\/strong\\>\u00e9pertoire \\<strong\\>N\\<\\\/strong\\>ational des \\<strong\\>A\\<\\\/strong\\>ssociations\\<\\\/span\\>\\<\\\/p\\>\"; toolTips('.classtoolTips159',tt_store_content,'24374'); <\/script><script type=\"text\/javascript\"> var tt_store_content = \"\\<p style\\='text\\-align\\: justify;'\\>Le Conseil d'Orientation des Retraites est une instance qui r\u00e9unit &nbsp;\\<span class\\='st'\\>les principaux acteurs du champ des retraites\\<\\\/span\\> et effectue un travail d'\u00e9tudes et de concertation\\. Compos\u00e9 de parlementaires, de repr\u00e9sentants des organisations professionnelles et syndicales, des retrait\u00e9s et des familles, de membres de l'administration et d'experts, le Conseil d'orientation des retraites \\(COR\\) est plac\u00e9 aupr\u00e8s du Premier ministre\\.\\<\\\/p\\>\"; toolTips('.classtoolTips165',tt_store_content,'7751'); <\/script><script type=\"text\/javascript\"> var tt_store_content = \"\\<p style\\='text\\-align\\: center;'\\>\\<span style\\='font\\-size\\: 14pt;'\\>\\<strong\\>O\\<\\\/strong\\>rganisation \\<strong\\>M\\<\\\/strong\\>\u00e9t\u00e9orologique \\<strong\\>M\\<\\\/strong\\>ondiale<br\/>\\<strong\\>W\\<\\\/strong\\>orld \\<strong\\>M\\<\\\/strong\\>eteorological \\<strong\\>O\\<\\\/strong\\>rganization\\<\\\/span\\>\\<\\\/p\\><br\/>&nbsp;<br\/><br\/>\\<a href\\='https\\:\\\/\\\/public\\.wmo\\.int\\\/fr' target\\='_blank' rel\\='noopener'\\>\\<em\\>Acc\u00e9der ici au site de l'organisation\\<\\\/em\\>\\<\\\/a\\>\"; toolTips('.classtoolTips168',tt_store_content,'7763'); <\/script><script type=\"text\/javascript\"> var tt_store_content = \"\\<p style\\='text\\-align\\: center;'\\>\\<span style\\='font\\-size\\: 14pt;'\\>\\<strong\\>\u00c9\\<\\\/strong\\>cole \\<strong\\>N\\<\\\/strong\\>ationale d'\\<strong\\>A\\<\\\/strong\\>dministration\\<\\\/span\\>\\<\\\/p\\>\"; toolTips('.classtoolTips170',tt_store_content,'5213'); <\/script><script type=\"text\/javascript\"> var tt_store_content = \"\\<p style\\='text\\-align\\: center;'\\>\\<span style\\='font\\-size\\: 14pt;'\\>\\<strong\\>P\\<\\\/strong\\>\\<\\\/span\\>\\<span style\\='font\\-size\\: 14pt;'\\>lan \\<strong\\>L\\<\\\/strong\\>\\<\\\/span\\>\\<span style\\='font\\-size\\: 14pt;'\\>ocal d'\\<strong\\>U\\<\\\/strong\\>\\<\\\/span\\>\\<span style\\='font\\-size\\: 14pt;'\\>rbanisme\\<\\\/span\\>\\<\\\/p\\><br\/>&nbsp;\"; toolTips('.classtoolTips176',tt_store_content,'4979'); <\/script><script type=\"text\/javascript\"> var tt_store_content = \"\\<p\\>Conseil \u00c9conomique et Social\\<\\\/p\\>\"; toolTips('.classtoolTips180',tt_store_content,'29829'); <\/script><script type=\"text\/javascript\"> var tt_store_content = \"\\<p style\\='text\\-align\\: center;'\\>\\<span style\\='font\\-size\\: 14pt;'\\>\\<strong\\>G\\<\\\/strong\\>roupement \\<strong\\>H\\<\\\/strong\\>ospitalier de \\<strong\\>T\\<\\\/strong\\>erritoire\\<\\\/span\\>\\<\\\/p\\><br\/>\\<p style\\='text\\-align\\: justify;'\\>Les groupements hospitaliers de territoires, dispositif pr\u00e9vu par la loi de sant\u00e9 2016, sont un nouveau mode de coop\u00e9ration entre les \u00e9tablissements publics de sant\u00e9 \u00e0 l\u2019\u00e9chelle d\u2019un territoire\\<\\\/p\\>\"; toolTips('.classtoolTips189',tt_store_content,'18358'); <\/script><script type=\"text\/javascript\"> var tt_store_content = \"\\<p style\\='text\\-align\\: center;'\\>\\<span style\\='font\\-size\\: 14pt;'\\>\\<strong\\>C\\<\\\/strong\\>omit\u00e9 \\<strong\\>T\\<\\\/strong\\>echnique d'\\<strong\\>\u00c9\\<\\\/strong\\>tablissement\\<\\\/span\\>\\<\\\/p\\>\"; toolTips('.classtoolTips191',tt_store_content,'18359'); <\/script><script type=\"text\/javascript\"> var tt_store_content = \"\\<p style\\='text\\-align\\: center;'\\>\\<span style\\='font\\-size\\: 14pt;'\\>\\<strong\\>E\\<\\\/strong\\>volutionary \\<strong\\>P\\<\\\/strong\\>ower \\<strong\\>R\\<\\\/strong\\>eactor\\<\\\/span\\>\\<\\\/p\\><br\/>\\<p style\\='text\\-align\\: justify;'\\>R\u00e9acteur nucl\u00e9aire de troisi\u00e8me g\u00e9n\u00e9ration \\(classification internationale\\), con\u00e7u et d\u00e9velopp\u00e9 par <span class='tooltipsall tooltip_post_id_5121 classtoolTips35'>Areva NP<\/span>&nbsp; au cours des ann\u00e9es 1990 et 2000\\. Il fait partie de la fili\u00e8re des r\u00e9acteurs \u00e0 eau pressuris\u00e9e\\.\\<\\\/p\\><br\/>\\<a href\\='https\\:\\\/\\\/fr\\.wikipedia\\.org\\\/wiki\\\/R%C3%A9acteur_pressuris%C3%A9_europ%C3%A9en' target\\='_blank' rel\\='noopener'\\>\\<em\\>Voir ici la fiche Wikipedia <span class='tooltipsall tooltip_post_id_5579 classtoolTips196'>EPR<\/span>\\<\\\/em\\>\\<\\\/a\\>\"; toolTips('.classtoolTips196',tt_store_content,'5579'); <\/script><script type=\"text\/javascript\"> var tt_store_content = \"\\<p style\\='text\\-align\\: center;'\\>\\<strong\\>R\\<\\\/strong\\>\u00e9seau \\<strong\\>A\\<\\\/strong\\>ction \\<strong\\>C\\<\\\/strong\\>limat\\<\\\/p\\><br\/>Le r\u00e9seau Action Climat '\\<em\\>f\u00e9d\u00e8re les associations impliqu\u00e9es dans la lutte contre les changements climatiques et pour une transition \u00e9cologique, solidaire et \u00e9quitable\\<\\\/em\\>'\\.<br\/><br\/>\\<a href\\='https\\:\\\/\\\/reseauactionclimat\\.org\\\/' target\\='_blank' rel\\='noopener'\\>Voir le site du <span class='tooltipsall tooltip_post_id_4309 classtoolTips200'>RAC<\/span>\\<\\\/a\\>\"; toolTips('.classtoolTips200',tt_store_content,'4309'); <\/script><script type=\"text\/javascript\"> var tt_store_content = \"\\<p style\\='text\\-align\\: center;'\\>\\<strong\\>\\<span style\\='font\\-size\\: 14pt;'\\>R\\<\\\/span\\>\\<\\\/strong\\>\\<span style\\='font\\-size\\: 14pt;'\\>eferendum d'\\<strong\\>I\\<\\\/strong\\>nitiative \\<strong\\>C\\<\\\/strong\\>itoyenne\\<\\\/span\\>\\<\\\/p\\>\"; toolTips('.classtoolTips205',tt_store_content,'12268'); <\/script><script type=\"text\/javascript\"> var tt_store_content = \"\\<p\\><span class='tooltipsall tooltip_post_id_25844 classtoolTips208'>RTE<\/span> \\= R\u00e9seau de Transport d'Electricit\u00e9 est une filiale d'<span class='tooltipsall tooltip_post_id_7035 classtoolTips178'>EDF<\/span> qui est l'actionnaire majoritaire avec 50,1% des parts le reste \u00e9tant partag\u00e9 par la CDC et la CNP\\<\\\/p\\>\"; toolTips('.classtoolTips208',tt_store_content,'25844'); <\/script><script type=\"text\/javascript\"> var tt_store_content = \"\\<p style\\='text\\-align\\: center;'\\>\\<span style\\='font\\-size\\: 14pt;'\\>\\<strong\\>O\\<\\\/strong\\>rganisation\\<strong\\> N\\<\\\/strong\\>on\\<strong\\> G\\<\\\/strong\\>ouvernementale\\<\\\/span\\>\\<\\\/p\\><br\/>Une organisation non gouvernementale \\(<span class='tooltipsall tooltip_post_id_3579 classtoolTips210'>ONG<\/span>\\) est une \\<a title\\='Association \u00e0 but non lucratif' href\\='https\\:\\\/\\\/fr\\.wikipedia\\.org\\\/wiki\\\/Association_%C3%A0_but_non_lucratif' target\\='_blank' rel\\='noopener'\\>association \u00e0 but non lucratif\\<\\\/a\\>, d'int\u00e9r\u00eat public, qui ne rel\u00e8ve ni de l'\u00c9tat, ni d'institutions internationales\\<sup id\\='cite_ref\\-novethic_1\\-0' class\\='reference'\\>\\<\\\/sup\\>\\. Les ONG n'ont pas le statut de sujet de \\<a title\\='Droit international public' href\\='https\\:\\\/\\\/fr\\.wikipedia\\.org\\\/wiki\\\/Droit_international_public' target\\='_blank' rel\\='noopener'\\>droit international\\<\\\/a\\>\\.\"; toolTips('.classtoolTips210',tt_store_content,'3579'); <\/script><script type=\"text\/javascript\"> var tt_store_content = \"\\<p style\\='text\\-align\\: center;'\\>\\<span style\\='font\\-size\\: 14pt;'\\>\\<strong\\>O\\<\\\/strong\\>rganisation\\<strong\\> N\\<\\\/strong\\>on\\<strong\\> G\\<\\\/strong\\>ouvernementale\\<\\\/span\\>\\<\\\/p\\><br\/>Une organisation non gouvernementale \\(ONG\\) est une \\<a title\\='Association \u00e0 but non lucratif' href\\='https\\:\\\/\\\/fr\\.wikipedia\\.org\\\/wiki\\\/Association_%C3%A0_but_non_lucratif' target\\='_blank' rel\\='noopener'\\>association \u00e0 but non lucratif\\<\\\/a\\>, d'int\u00e9r\u00eat public, qui ne rel\u00e8ve ni de l'\u00c9tat, ni d'institutions internationales\\<sup id\\='cite_ref\\-novethic_1\\-0' class\\='reference'\\>\\<\\\/sup\\>\\. Les ONG n'ont pas le statut de sujet de \\<a title\\='Droit international public' href\\='https\\:\\\/\\\/fr\\.wikipedia\\.org\\\/wiki\\\/Droit_international_public' target\\='_blank' rel\\='noopener'\\>droit international\\<\\\/a\\>\\.\"; toolTips('.classtoolTips210',tt_store_content,'3579'); <\/script><script type=\"text\/javascript\"> var tt_store_content = \"\\<p\\><span class='tooltipsall tooltip_post_id_24572 classtoolTips211'>MIT<\/span> \\= Massachussets Institute of Technology, prestigieuse universit\u00e9 am\u00e9ricaine de la c\u00f4te est\\<\\\/p\\>\"; toolTips('.classtoolTips211',tt_store_content,'24572'); <\/script><script type=\"text\/javascript\"> var tt_store_content = \"\\<p style\\='text\\-align\\: center;'\\>\\<strong\\>J\\<\\\/strong\\>eux \\<strong\\>O\\<\\\/strong\\>lympiques<br\/>ou<br\/>\\<strong\\>J\\<\\\/strong\\>ournal \\<strong\\>O\\<\\\/strong\\>fficiel de la R\u00e9publique Fran\u00e7aise\\<\\\/p\\>\"; toolTips('.classtoolTips213',tt_store_content,'4451'); <\/script><script type=\"text\/javascript\"> var tt_store_content = \"\\<p\\><span class='tooltipsall tooltip_post_id_30593 classtoolTips214'>RN<\/span> \\= Rassemble National, c'est le parti d'extr\u00eame droite de Marine Le Pen qui succ\u00e8de au FN \\= Front National fond\u00e9 par son p\u00e8re Jean Marie Le Pen\\<\\\/p\\>\"; toolTips('.classtoolTips214',tt_store_content,'30593'); <\/script><script type=\"text\/javascript\"> var tt_store_content = \"\\<p style\\='text\\-align\\: center;'\\>\\<span style\\='font\\-size\\: 14pt;'\\>\\<strong\\>C\\<\\\/strong\\>entre \\<strong\\>H\\<\\\/strong\\>ospitalier\\<\\\/span\\>\\<\\\/p\\>\"; toolTips('.classtoolTips220',tt_store_content,'18357'); <\/script><script type=\"text\/javascript\"> var tt_store_content = \"\\<p\\>D\u00e9chets radioactifs \u00e0 Haute Activit\u00e9 \\(classement <span class='tooltipsall tooltip_post_id_3612 classtoolTips79'>ANDRA<\/span>\\)\\<\\\/p\\>\"; toolTips('.classtoolTips223',tt_store_content,'19196'); <\/script>_______________________<br>Notes<ol class=\"footnotes\"><li id=\"footnote_1_21221\" class=\"footnote\">objet fabriqu\u00e9 par l\u2019homme<span class=\"footnote-back-link-wrapper\">[<a href=\"#identifier_1_21221\" class=\"footnote-link footnote-back-link\">&#8617;<\/a>]<\/span><\/li><li id=\"footnote_2_21221\" class=\"footnote\">cf.&nbsp;: \u00ab&nbsp;<em>La Construction Sociale de la r\u00e9alit\u00e9<\/em>&nbsp;\u00bb de Peter Berger et Thomas Luckmann&nbsp;; \u00e9d. Armand Colin<span class=\"footnote-back-link-wrapper\">[<a href=\"#identifier_2_21221\" class=\"footnote-link footnote-back-link\">&#8617;<\/a>]<\/span><\/li><li id=\"footnote_3_21221\" class=\"footnote\">Cf.&nbsp;:&nbsp;\u00ab&nbsp;<em>La fabrication du consentement&nbsp;<\/em>\u00bb<em>, <\/em>N. Chomsky \u00e9d. Agone et \u00ab&nbsp;<em>Discours de la servitude volontaire&nbsp;<\/em>\u00bb, La Bo\u00e9tie&nbsp;; \u00e9d. Flammarion<span class=\"footnote-back-link-wrapper\">[<a href=\"#identifier_3_21221\" class=\"footnote-link footnote-back-link\">&#8617;<\/a>]<\/span><\/li><li id=\"footnote_4_21221\" class=\"footnote\">(cf. \u00ab&nbsp;<em>l\u2019enfant sauvage&nbsp;\u00bb<\/em> le film de Fran\u00e7ois Truffaut ou le livre \u00ab&nbsp;<em>l\u2019ensorcellement<\/em> <em>du monde&nbsp;\u00bb<\/em> de Boris Cyrulnik)<span class=\"footnote-back-link-wrapper\">[<a href=\"#identifier_4_21221\" class=\"footnote-link footnote-back-link\">&#8617;<\/a>]<\/span><\/li><\/ol>_______________________","protected":false},"excerpt":{"rendered":"<p>(image Colin Reys) Il nous faut absolument changer nos rapports au monde et changer de rapport avec le vivant, ce qui revient \u00e0 tout changer, politiquement, socialement, \u00e9conomiquement et culturellement. Pour ce faire il nous faut nous sortir du jeu insens\u00e9 que le \u00ab&nbsp;Syst\u00e8me&nbsp;\u00bb (nomm\u00e9 \u00ab&nbsp;mondialisation&nbsp;\u00bb) nous fait jouer. Il nous faut porter sur laLire la suite &rarr;<script type=\"text\/javascript\"> var tt_store_content = \"\\<\/p>\n<p style\\='text\\-align\\: center;'\\>\\<strong\\>\\<span style\\='font\\-size\\: 14pt;'\\>S\\<\\\/span\\>\\<\\\/strong\\>\\<span style\\='font\\-size\\: 14pt;'\\>oci\u00e9t\u00e9 d'\\<strong\\>\u00c9\\<\\\/strong\\>conomie \\<strong\\>M\\<\\\/strong\\>ixte\\<\\\/span\\>\\<\\\/p\\><br \/>\\<\/p>\n<p style\\='text\\-align\\: justify;'\\>En France, une soci\u00e9t\u00e9 d'\u00e9conomie mixte est une soci\u00e9t\u00e9 anonyme dont le capital est majoritairement d\u00e9tenu par une ou plusieurs personnes publiques \\(\u00e0 savoir l'\u00c9tat, une Collectivit\u00e9 territoriale, ou tout autre \u00c9tablissement public\\)\\. Cette participation majoritaire publique est plafonn\u00e9e \u00e0 85&nbsp;% du capital depuis la Loi du 2 janvier 2002\\. Au moins une personne priv\u00e9e doit participer au capital de la <span class='tooltipsall tooltip_post_id_7168 classtoolTips142'>SEM<\/span>, sachant qu'il peut s'agir d'une autre SEM\\.\\<\\\/p\\><br \/>\\<\/p>\n<p style\\='text\\-align\\: justify;'\\>\\<strong\\>Le recours \u00e0 la SEM garantit\\<\\\/strong\\> \u00e0 la collectivit\u00e9 publique actionnaire et cocontractante \\<strong\\>la prise en compte effective de l'int\u00e9r\u00eat g\u00e9n\u00e9ral\\<\\\/strong\\> dans les objectifs de l'entreprise \\<strong\\>et la souplesse de la soci\u00e9t\u00e9 de droit priv\u00e9\\<\\\/strong\\>\\.\\<\\\/p\\><br \/>\\<em\\>\\<a href\\='https\\:\\\/\\\/fr\\.wikipedia\\.org\\\/wiki\\\/Soci%C3%A9t%C3%A9_d%27%C3%A9conomie_mixte' target\\='_blank' rel\\='noopener'\\>Voir ici la page Wikipedia consacr\u00e9e aux SEM\\<\\\/a\\> \\<\\\/em\\><\/p>\n<p>&nbsp;\"; toolTips('.classtoolTips142',tt_store_content,'7168'); <\/script><script type=\"text\/javascript\"> var tt_store_content = \"\\<\/p>\n<p style\\='text\\-align\\: center;'\\>\\<span style\\='font\\-size\\: 14pt;'\\>\\<strong\\>I\\<\\\/strong\\>mp\u00f4t sur la \\<strong\\>F\\<\\\/strong\\>ortune \\<strong\\>I\\<\\\/strong\\>mmobili\u00e8re\\<\\\/span\\>\\<\\\/p\\>\"; toolTips('.classtoolTips148',tt_store_content,'5643'); <\/script><script type=\"text\/javascript\"> var tt_store_content = \"\\<\/p>\n<p style\\='text\\-align\\: center;'\\>\\<span style\\='font\\-size\\: 14pt;'\\>\\<strong\\>R\\<\\\/strong\\>\u00e9pertoire \\<strong\\>N\\<\\\/strong\\>ational des \\<strong\\>A\\<\\\/strong\\>ssociations\\<\\\/span\\>\\<\\\/p\\>\"; toolTips('.classtoolTips159',tt_store_content,'24374'); <\/script><script type=\"text\/javascript\"> var tt_store_content = \"\\<\/p>\n<p style\\='text\\-align\\: justify;'\\>Le Conseil d'Orientation des Retraites est une instance qui r\u00e9unit &nbsp;\\<span class\\='st'\\>les principaux acteurs du champ des retraites\\<\\\/span\\> et effectue un travail d'\u00e9tudes et de concertation\\. Compos\u00e9 de parlementaires, de repr\u00e9sentants des organisations professionnelles et syndicales, des retrait\u00e9s et des familles, de membres de l'administration et d'experts, le Conseil d'orientation des retraites \\(<span class='tooltipsall tooltip_post_id_7751 classtoolTips165'>COR<\/span>\\) est plac\u00e9 aupr\u00e8s du Premier ministre\\.\\<\\\/p\\>\"; toolTips('.classtoolTips165',tt_store_content,'7751'); <\/script><script type=\"text\/javascript\"> var tt_store_content = \"\\<\/p>\n<p style\\='text\\-align\\: center;'\\>\\<span style\\='font\\-size\\: 14pt;'\\>\\<strong\\>O\\<\\\/strong\\>rganisation \\<strong\\>M\\<\\\/strong\\>\u00e9t\u00e9orologique \\<strong\\>M\\<\\\/strong\\>ondiale<br \/>\\<strong\\>W\\<\\\/strong\\>orld \\<strong\\>M\\<\\\/strong\\>eteorological \\<strong\\>O\\<\\\/strong\\>rganization\\<\\\/span\\>\\<\\\/p\\><br \/>&nbsp;<\/p>\n<p>\\<a href\\='https\\:\\\/\\\/public\\.wmo\\.int\\\/fr' target\\='_blank' rel\\='noopener'\\>\\<em\\>Acc\u00e9der ici au site de l'organisation\\<\\\/em\\>\\<\\\/a\\>\"; toolTips('.classtoolTips168',tt_store_content,'7763'); <\/script><script type=\"text\/javascript\"> var tt_store_content = \"\\<\/p>\n<p style\\='text\\-align\\: center;'\\>\\<span style\\='font\\-size\\: 14pt;'\\>\\<strong\\>\u00c9\\<\\\/strong\\>cole \\<strong\\>N\\<\\\/strong\\>ationale d'\\<strong\\>A\\<\\\/strong\\>dministration\\<\\\/span\\>\\<\\\/p\\>\"; toolTips('.classtoolTips170',tt_store_content,'5213'); <\/script><script type=\"text\/javascript\"> var tt_store_content = \"\\<\/p>\n<p style\\='text\\-align\\: center;'\\>\\<span style\\='font\\-size\\: 14pt;'\\>\\<strong\\>P\\<\\\/strong\\>\\<\\\/span\\>\\<span style\\='font\\-size\\: 14pt;'\\>lan \\<strong\\>L\\<\\\/strong\\>\\<\\\/span\\>\\<span style\\='font\\-size\\: 14pt;'\\>ocal d'\\<strong\\>U\\<\\\/strong\\>\\<\\\/span\\>\\<span style\\='font\\-size\\: 14pt;'\\>rbanisme\\<\\\/span\\>\\<\\\/p\\><br \/>&nbsp;\"; toolTips('.classtoolTips176',tt_store_content,'4979'); <\/script><script type=\"text\/javascript\"> var tt_store_content = \"\\<p\\>Conseil \u00c9conomique et Social\\<\\\/p\\>\"; toolTips('.classtoolTips180',tt_store_content,'29829'); <\/script><script type=\"text\/javascript\"> var tt_store_content = \"\\<\/p>\n<p style\\='text\\-align\\: center;'\\>\\<span style\\='font\\-size\\: 14pt;'\\>\\<strong\\>G\\<\\\/strong\\>roupement \\<strong\\>H\\<\\\/strong\\>ospitalier de \\<strong\\>T\\<\\\/strong\\>erritoire\\<\\\/span\\>\\<\\\/p\\><br \/>\\<\/p>\n<p style\\='text\\-align\\: justify;'\\>Les groupements hospitaliers de territoires, dispositif pr\u00e9vu par la loi de sant\u00e9 2016, sont un nouveau mode de coop\u00e9ration entre les \u00e9tablissements publics de sant\u00e9 \u00e0 l\u2019\u00e9chelle d\u2019un territoire\\<\\\/p\\>\"; toolTips('.classtoolTips189',tt_store_content,'18358'); <\/script><script type=\"text\/javascript\"> var tt_store_content = \"\\<\/p>\n<p style\\='text\\-align\\: center;'\\>\\<span style\\='font\\-size\\: 14pt;'\\>\\<strong\\>C\\<\\\/strong\\>omit\u00e9 \\<strong\\>T\\<\\\/strong\\>echnique d'\\<strong\\>\u00c9\\<\\\/strong\\>tablissement\\<\\\/span\\>\\<\\\/p\\>\"; toolTips('.classtoolTips191',tt_store_content,'18359'); <\/script><script type=\"text\/javascript\"> var tt_store_content = \"\\<\/p>\n<p style\\='text\\-align\\: center;'\\>\\<span style\\='font\\-size\\: 14pt;'\\>\\<strong\\>E\\<\\\/strong\\>volutionary \\<strong\\>P\\<\\\/strong\\>ower \\<strong\\>R\\<\\\/strong\\>eactor\\<\\\/span\\>\\<\\\/p\\><br \/>\\<\/p>\n<p style\\='text\\-align\\: justify;'\\>R\u00e9acteur nucl\u00e9aire de troisi\u00e8me g\u00e9n\u00e9ration \\(classification internationale\\), con\u00e7u et d\u00e9velopp\u00e9 par <span class='tooltipsall tooltip_post_id_5121 classtoolTips35'>Areva NP<\/span>&nbsp; au cours des ann\u00e9es 1990 et 2000\\. Il fait partie de la fili\u00e8re des r\u00e9acteurs \u00e0 eau pressuris\u00e9e\\.\\<\\\/p\\><br \/>\\<a href\\='https\\:\\\/\\\/fr\\.wikipedia\\.org\\\/wiki\\\/R%C3%A9acteur_pressuris%C3%A9_europ%C3%A9en' target\\='_blank' rel\\='noopener'\\>\\<em\\>Voir ici la fiche Wikipedia <span class='tooltipsall tooltip_post_id_5579 classtoolTips196'>EPR<\/span>\\<\\\/em\\>\\<\\\/a\\>\"; toolTips('.classtoolTips196',tt_store_content,'5579'); <\/script><script type=\"text\/javascript\"> var tt_store_content = \"\\<\/p>\n<p style\\='text\\-align\\: center;'\\>\\<strong\\>R\\<\\\/strong\\>\u00e9seau \\<strong\\>A\\<\\\/strong\\>ction \\<strong\\>C\\<\\\/strong\\>limat\\<\\\/p\\><br \/>Le r\u00e9seau Action Climat '\\<em\\>f\u00e9d\u00e8re les associations impliqu\u00e9es dans la lutte contre les changements climatiques et pour une transition \u00e9cologique, solidaire et \u00e9quitable\\<\\\/em\\>'\\.<\/p>\n<p>\\<a href\\='https\\:\\\/\\\/reseauactionclimat\\.org\\\/' target\\='_blank' rel\\='noopener'\\>Voir le site du <span class='tooltipsall tooltip_post_id_4309 classtoolTips200'>RAC<\/span>\\<\\\/a\\>\"; toolTips('.classtoolTips200',tt_store_content,'4309'); <\/script><script type=\"text\/javascript\"> var tt_store_content = \"\\<\/p>\n<p style\\='text\\-align\\: center;'\\>\\<strong\\>\\<span style\\='font\\-size\\: 14pt;'\\>R\\<\\\/span\\>\\<\\\/strong\\>\\<span style\\='font\\-size\\: 14pt;'\\>eferendum d'\\<strong\\>I\\<\\\/strong\\>nitiative \\<strong\\>C\\<\\\/strong\\>itoyenne\\<\\\/span\\>\\<\\\/p\\>\"; toolTips('.classtoolTips205',tt_store_content,'12268'); <\/script><script type=\"text\/javascript\"> var tt_store_content = \"\\<p\\><span class='tooltipsall tooltip_post_id_25844 classtoolTips208'>RTE<\/span> \\= R\u00e9seau de Transport d'Electricit\u00e9 est une filiale d'<span class='tooltipsall tooltip_post_id_7035 classtoolTips178'>EDF<\/span> qui est l'actionnaire majoritaire avec 50,1% des parts le reste \u00e9tant partag\u00e9 par la CDC et la CNP\\<\\\/p\\>\"; toolTips('.classtoolTips208',tt_store_content,'25844'); <\/script><script type=\"text\/javascript\"> var tt_store_content = \"\\<\/p>\n<p style\\='text\\-align\\: center;'\\>\\<span style\\='font\\-size\\: 14pt;'\\>\\<strong\\>O\\<\\\/strong\\>rganisation\\<strong\\> N\\<\\\/strong\\>on\\<strong\\> G\\<\\\/strong\\>ouvernementale\\<\\\/span\\>\\<\\\/p\\><br \/>Une organisation non gouvernementale \\(<span class='tooltipsall tooltip_post_id_3579 classtoolTips210'>ONG<\/span>\\) est une \\<a title\\='Association \u00e0 but non lucratif' href\\='https\\:\\\/\\\/fr\\.wikipedia\\.org\\\/wiki\\\/Association_%C3%A0_but_non_lucratif' target\\='_blank' rel\\='noopener'\\>association \u00e0 but non lucratif\\<\\\/a\\>, d'int\u00e9r\u00eat public, qui ne rel\u00e8ve ni de l'\u00c9tat, ni d'institutions internationales\\<sup id\\='cite_ref\\-novethic_1\\-0' class\\='reference'\\>\\<\\\/sup\\>\\. Les ONG n'ont pas le statut de sujet de \\<a title\\='Droit international public' href\\='https\\:\\\/\\\/fr\\.wikipedia\\.org\\\/wiki\\\/Droit_international_public' target\\='_blank' rel\\='noopener'\\>droit international\\<\\\/a\\>\\.\"; toolTips('.classtoolTips210',tt_store_content,'3579'); <\/script><script type=\"text\/javascript\"> var tt_store_content = \"\\<\/p>\n<p style\\='text\\-align\\: center;'\\>\\<span style\\='font\\-size\\: 14pt;'\\>\\<strong\\>O\\<\\\/strong\\>rganisation\\<strong\\> N\\<\\\/strong\\>on\\<strong\\> G\\<\\\/strong\\>ouvernementale\\<\\\/span\\>\\<\\\/p\\><br \/>Une organisation non gouvernementale \\(ONG\\) est une \\<a title\\='Association \u00e0 but non lucratif' href\\='https\\:\\\/\\\/fr\\.wikipedia\\.org\\\/wiki\\\/Association_%C3%A0_but_non_lucratif' target\\='_blank' rel\\='noopener'\\>association \u00e0 but non lucratif\\<\\\/a\\>, d'int\u00e9r\u00eat public, qui ne rel\u00e8ve ni de l'\u00c9tat, ni d'institutions internationales\\<sup id\\='cite_ref\\-novethic_1\\-0' class\\='reference'\\>\\<\\\/sup\\>\\. Les ONG n'ont pas le statut de sujet de \\<a title\\='Droit international public' href\\='https\\:\\\/\\\/fr\\.wikipedia\\.org\\\/wiki\\\/Droit_international_public' target\\='_blank' rel\\='noopener'\\>droit international\\<\\\/a\\>\\.\"; toolTips('.classtoolTips210',tt_store_content,'3579'); <\/script><script type=\"text\/javascript\"> var tt_store_content = \"\\<p\\><span class='tooltipsall tooltip_post_id_24572 classtoolTips211'>MIT<\/span> \\= Massachussets Institute of Technology, prestigieuse universit\u00e9 am\u00e9ricaine de la c\u00f4te est\\<\\\/p\\>\"; toolTips('.classtoolTips211',tt_store_content,'24572'); <\/script><script type=\"text\/javascript\"> var tt_store_content = \"\\<\/p>\n<p style\\='text\\-align\\: center;'\\>\\<strong\\>J\\<\\\/strong\\>eux \\<strong\\>O\\<\\\/strong\\>lympiques<br \/>ou<br \/>\\<strong\\>J\\<\\\/strong\\>ournal \\<strong\\>O\\<\\\/strong\\>fficiel de la R\u00e9publique Fran\u00e7aise\\<\\\/p\\>\"; toolTips('.classtoolTips213',tt_store_content,'4451'); <\/script><script type=\"text\/javascript\"> var tt_store_content = \"\\<p\\><span class='tooltipsall tooltip_post_id_30593 classtoolTips214'>RN<\/span> \\= Rassemble National, c'est le parti d'extr\u00eame droite de Marine Le Pen qui succ\u00e8de au FN \\= Front National fond\u00e9 par son p\u00e8re Jean Marie Le Pen\\<\\\/p\\>\"; toolTips('.classtoolTips214',tt_store_content,'30593'); <\/script><script type=\"text\/javascript\"> var tt_store_content = \"\\<\/p>\n<p style\\='text\\-align\\: center;'\\>\\<span style\\='font\\-size\\: 14pt;'\\>\\<strong\\>C\\<\\\/strong\\>entre \\<strong\\>H\\<\\\/strong\\>ospitalier\\<\\\/span\\>\\<\\\/p\\>\"; toolTips('.classtoolTips220',tt_store_content,'18357'); <\/script><script type=\"text\/javascript\"> var tt_store_content = \"\\<p\\>D\u00e9chets radioactifs \u00e0 Haute Activit\u00e9 \\(classement <span class='tooltipsall tooltip_post_id_3612 classtoolTips79'>ANDRA<\/span>\\)\\<\\\/p\\>\"; toolTips('.classtoolTips223',tt_store_content,'19196'); <\/script><\/p>\n","protected":false},"author":21,"featured_media":0,"comment_status":"open","ping_status":"open","sticky":false,"template":"","format":"standard","meta":{"_acf_changed":false,"ngg_post_thumbnail":0,"_jetpack_memberships_contains_paid_content":false,"footnotes":""},"categories":[6,9,170,5,27,23],"tags":[],"coauthors":[76],"class_list":["post-21221","post","type-post","status-publish","format-standard","hentry","category-actu","category-actu_gen","category-rub_pol_citoyennete","category-rub_pol","category-rub","category-rub_soc","edition-edi_00063","type_art-type_art_article","no-thumb"],"acf":[],"jetpack_featured_media_url":"","jetpack_sharing_enabled":true,"jetpack_shortlink":"https:\/\/wp.me\/p9B5TM-5wh","_links":{"self":[{"href":"https:\/\/le-clairon-nouveau.fr\/wordpress\/wp-json\/wp\/v2\/posts\/21221","targetHints":{"allow":["GET"]}}],"collection":[{"href":"https:\/\/le-clairon-nouveau.fr\/wordpress\/wp-json\/wp\/v2\/posts"}],"about":[{"href":"https:\/\/le-clairon-nouveau.fr\/wordpress\/wp-json\/wp\/v2\/types\/post"}],"author":[{"embeddable":true,"href":"https:\/\/le-clairon-nouveau.fr\/wordpress\/wp-json\/wp\/v2\/users\/21"}],"replies":[{"embeddable":true,"href":"https:\/\/le-clairon-nouveau.fr\/wordpress\/wp-json\/wp\/v2\/comments?post=21221"}],"version-history":[{"count":0,"href":"https:\/\/le-clairon-nouveau.fr\/wordpress\/wp-json\/wp\/v2\/posts\/21221\/revisions"}],"wp:attachment":[{"href":"https:\/\/le-clairon-nouveau.fr\/wordpress\/wp-json\/wp\/v2\/media?parent=21221"}],"wp:term":[{"taxonomy":"category","embeddable":true,"href":"https:\/\/le-clairon-nouveau.fr\/wordpress\/wp-json\/wp\/v2\/categories?post=21221"},{"taxonomy":"post_tag","embeddable":true,"href":"https:\/\/le-clairon-nouveau.fr\/wordpress\/wp-json\/wp\/v2\/tags?post=21221"},{"taxonomy":"author","embeddable":true,"href":"https:\/\/le-clairon-nouveau.fr\/wordpress\/wp-json\/wp\/v2\/coauthors?post=21221"}],"curies":[{"name":"wp","href":"https:\/\/api.w.org\/{rel}","templated":true}]}}