{"id":21364,"date":"2020-04-23T12:30:36","date_gmt":"2020-04-23T10:30:36","guid":{"rendered":"https:\/\/le-clairon-nouveau.fr\/wordpress\/?p=21364"},"modified":"2020-04-18T22:02:18","modified_gmt":"2020-04-18T20:02:18","slug":"comparaison-nest-pas-raison-mais-quand-meme","status":"publish","type":"post","link":"https:\/\/le-clairon-nouveau.fr\/wordpress\/blog\/2020\/04\/23\/comparaison-nest-pas-raison-mais-quand-meme\/","title":{"rendered":"Comparaison n\u2019est pas raison ! Mais quand m\u00eame\u2026"},"content":{"rendered":"<p><img data-recalc-dims=\"1\" loading=\"lazy\" decoding=\"async\" class=\" wp-image-19114 aligncenter\" src=\"https:\/\/i0.wp.com\/le-clairon-nouveau.fr\/wordpress\/wp-content\/uploads\/2019\/06\/La-Chronique-d%E2%80%99oncle-JEF.jpg?resize=228%2C51&#038;ssl=1\" alt=\"\" width=\"228\" height=\"51\" srcset=\"https:\/\/i0.wp.com\/le-clairon-nouveau.fr\/wordpress\/wp-content\/uploads\/2019\/06\/La-Chronique-d%E2%80%99oncle-JEF.jpg?resize=300%2C67&amp;ssl=1 300w, https:\/\/i0.wp.com\/le-clairon-nouveau.fr\/wordpress\/wp-content\/uploads\/2019\/06\/La-Chronique-d%E2%80%99oncle-JEF.jpg?resize=768%2C172&amp;ssl=1 768w, https:\/\/i0.wp.com\/le-clairon-nouveau.fr\/wordpress\/wp-content\/uploads\/2019\/06\/La-Chronique-d%E2%80%99oncle-JEF.jpg?w=912&amp;ssl=1 912w\" sizes=\"auto, (max-width: 228px) 100vw, 228px\" \/><\/p>\n<p style=\"text-align: center\"><img data-recalc-dims=\"1\" loading=\"lazy\" decoding=\"async\" class=\" wp-image-21365 aligncenter\" src=\"https:\/\/i0.wp.com\/le-clairon-nouveau.fr\/wordpress\/wp-content\/uploads\/2020\/04\/Image-par-Gisela-Merkuur-de-Pixabay.jpg?resize=359%2C239&#038;ssl=1\" alt=\"\" width=\"359\" height=\"239\" srcset=\"https:\/\/i0.wp.com\/le-clairon-nouveau.fr\/wordpress\/wp-content\/uploads\/2020\/04\/Image-par-Gisela-Merkuur-de-Pixabay.jpg?resize=300%2C200&amp;ssl=1 300w, https:\/\/i0.wp.com\/le-clairon-nouveau.fr\/wordpress\/wp-content\/uploads\/2020\/04\/Image-par-Gisela-Merkuur-de-Pixabay.jpg?resize=1024%2C682&amp;ssl=1 1024w, https:\/\/i0.wp.com\/le-clairon-nouveau.fr\/wordpress\/wp-content\/uploads\/2020\/04\/Image-par-Gisela-Merkuur-de-Pixabay.jpg?resize=768%2C512&amp;ssl=1 768w, https:\/\/i0.wp.com\/le-clairon-nouveau.fr\/wordpress\/wp-content\/uploads\/2020\/04\/Image-par-Gisela-Merkuur-de-Pixabay.jpg?resize=600%2C400&amp;ssl=1 600w, https:\/\/i0.wp.com\/le-clairon-nouveau.fr\/wordpress\/wp-content\/uploads\/2020\/04\/Image-par-Gisela-Merkuur-de-Pixabay.jpg?resize=272%2C182&amp;ssl=1 272w, https:\/\/i0.wp.com\/le-clairon-nouveau.fr\/wordpress\/wp-content\/uploads\/2020\/04\/Image-par-Gisela-Merkuur-de-Pixabay.jpg?w=1280&amp;ssl=1 1280w\" sizes=\"auto, (max-width: 359px) 100vw, 359px\" \/><strong><em><span style=\"font-size: 8pt\">Guerre ( Image par <a href=\"https:\/\/pixabay.com\/fr\/users\/GiselaFotografie-2364908\/?utm_source=link-attribution&amp;utm_medium=referral&amp;utm_campaign=image&amp;utm_content=1371810\">Gisela Merkuur<\/a> de <\/span><a href=\"https:\/\/pixabay.com\/fr\/?utm_source=link-attribution&amp;utm_medium=referral&amp;utm_campaign=image&amp;utm_content=1371810\"><span style=\"font-size: 8pt\">Pixabay)<\/span><\/a><\/em><\/strong><\/p>\n<p>&nbsp;<\/p>\n<p style=\"text-align: justify\">\u00a0\u00a0\u00a0\u00a0\u00a0\u00a0\u00a0\u00a0\u00a0\u00a0\u00a0 Quand j\u2019ai entendu MACRON parler de guerre, comme beaucoup, je me suis demand\u00e9\u2026 De quelle guerre parle-t-il\u00a0?<br \/>\nDe la \u00ab dr\u00f4le de guerre \u00bb entre le 3 septembre 1939 et le 10 mai 1940\u2026 qui s\u2019est poursuivie par la bataille de France jusqu\u2019au 22 juin 1940\u2026 o\u00f9 92 000 soldats ont \u00e9t\u00e9 tu\u00e9s, du fait d\u2019un mauvais choix strat\u00e9gique reposant sur la ligne Maginot. \u00c0 Dunkerque, l\u2019arm\u00e9e est d\u00e9sint\u00e9gr\u00e9e, une gigantesque panique saisit la population\u2026 dix millions de personnes sur les routes\u2026 C\u2019est une <strong>v\u00e9ritable d\u00e9b\u00e2cle<\/strong> que l\u2019on appellera \u00ab\u00a0l\u2019exode\u00a0\u00bb, puis l\u2019armistice \u00e0 Rethondes, la France occup\u00e9e, P\u00c9TAIN \u00e0 Vichy, l\u2019Alsace Lorraine rattach\u00e9e \u00e0 l\u2019Allemagne, la France divis\u00e9e g\u00e9ographiquement en deux.<br \/>\nEn \u00e9voquant cette p\u00e9riode beaucoup de t\u00e9moins et d\u2019historiens parlent d\u2019impr\u00e9paration<strong> ou\/et de mauvaise strat\u00e9gie.<\/strong> Peut-\u00eatre les deux ensembles\u00a0! Je sais l\u2019histoire dit-on ne se reproduit jamais, mais certaines analogies me paraissent troublantes.<\/p>\n<p style=\"text-align: justify\"><strong>L&rsquo;impr\u00e9paration ! <\/strong>En 1939, la nation n\u2019\u00e9tait pas pr\u00e9par\u00e9e\u00a0?<br \/>\nEn 2020, nous n\u2019\u00e9tions non seulement pas pr\u00e9par\u00e9s, face \u00e0 la pand\u00e9mie du Covid-19, mais en plus nous avons \u00e9t\u00e9 affaiblis, depuis 30 ans, par des politiques antisociales, anti\u00e9tatiques, amorc\u00e9es par le virage social lib\u00e9ral des socialistes en 1983, devenu \u00ab\u00a0la deuxi\u00e8me gauche\u00a0\u00bb, puis \u00ab\u00a0gauche lib\u00e9rale\u00a0\u00bb avec HOLLANDE, et enfin \u00ab\u00a0mouvement n\u00e9olib\u00e9ral\u00a0\u00bb avec MACRON, lequel se r\u00e9f\u00e9rait, il n\u2019y a pas si longtemps, \u00e0 THATCHER et sa formule <strong>\u00ab\u00a0TINA : il n\u2019y a pas d\u2019autres alternatives\u00a0\u00bb. <\/strong>Comment avons-nous pu accepter cette incroyable formulation\u00a0? \u00c0 la r\u00e9flexion, cela proc\u00e8de d\u2019un positionnement totalitaire, presque fasciste\u00a0! Un syst\u00e8me organis\u00e9 par, et pour, les puissants, bas\u00e9 sur la recherche \u00e9perdue de profits, et soutenu par des techniques de communication permettant de \u00ab\u00a0fabriquer le consentement\u00a0\u00bb. Les gouvernements successifs ont appliqu\u00e9 plus ou moins la m\u00eame politique qui accompagnait des r\u00e8gles europ\u00e9istes d\u2019aust\u00e9rit\u00e9 budg\u00e9taires qui ont eu pour effet de provoquer de la pauvret\u00e9 en m\u00eame temps que l\u2019augmentation des dettes \u00e9tait utilis\u00e9e comme argument justificatif dans un chantage continuel\u2026<br \/>\nC\u2019est ainsi que nous avons \u00e9t\u00e9 affaiblis\u2026<\/p>\n<p style=\"text-align: justify\"><strong>Pas pr\u00e9par\u00e9s\u00a0? Pourquoi, pour qui ?<\/strong> Tout cela au profit de la globalisation n\u00e9olib\u00e9rale, marchande dont on voit actuellement les limites.<br \/>\nPrenons l\u2019exemple du domaine de <strong>la recherche <\/strong>et de<strong> la sant\u00e9.<br \/>\n<\/strong><strong>La recherche <\/strong>depuis une quinzaine d\u2019ann\u00e9es la science fran\u00e7aise s\u2019enfonce dans une spirale inqui\u00e9tante de d\u00e9cadence. Le budget de l\u2019enseignement sup\u00e9rieur et de la recherche stagne, ce qui le place en constant recul par rapport \u00e0 d\u2019autres pays qui augmentent le leur\u00a0! Et cela tandis qu\u2019\u00a0\u00bben m\u00eame temps\u00a0\u00bb le Cr\u00e9dit Imp\u00f4t Recherche, destin\u00e9 aux entreprises, est pass\u00e9<strong> de 1.5 milliard \u00e0 6 milliards annuels (soit deux fois le budget du <span class='tooltipsall tooltip_post_id_5636 classtoolTips101'>CNRS<\/span>).<\/strong> Initi\u00e9 sous la pr\u00e9sidence Sarkozy, conserv\u00e9 par Hollande, puis Macron, cette mesure constitue <strong>un vrai hold-up ! <\/strong>Alors que des enjeux importants nous attendent, il ne faudrait pas que la recherche soit laiss\u00e9e au service exclusif des int\u00e9r\u00eats priv\u00e9s, particuli\u00e8rement dans le domaine de la m\u00e9decine, de l\u2019intelligence artificielle, quasi monopolis\u00e9e par les fameux GAFAM, qui ont la capacit\u00e9 d\u2019engager des sommes comparables, voire sup\u00e9rieures, \u00e0 celles des plus grandes nations scientifiques. Selon Yves GAUDIN, directeur de recherche CNRS, en 2018, le <strong>budget recherche du CNRS \u00e9tait sept fois inf\u00e9rieur \u00e0 celui d&rsquo;Amazon.<br \/>\n<\/strong>Justement, parlons-en\u00a0! Les recherches au CNRS sur les coronavirus sont un exemple \u00e9difiant du manque de vision de nos gouvernants successifs\u00a0: entam\u00e9es au d\u00e9but des ann\u00e9es\u00a02000, elles ont \u00e9t\u00e9 mises en cale s\u00e8che en 2006 par manque d\u2019int\u00e9r\u00eat des politiques\u00a0! Les recherches ont continu\u00e9 sur leur lanc\u00e9e, mais avec des<strong> financements <\/strong>de plus en plus maigres et des conditions de travail qui, peu \u00e0 peu, se sont d\u00e9grad\u00e9es. En mati\u00e8re de recherche, par d\u00e9finition, on ne sait jamais quoi d\u00e9bouche, ni quand ni comment, mais on se dit tout de m\u00eame qu\u2019<strong>avec quinze ans de continuit\u00e9 dans l\u2019effort on aurait pu en savoir un peu plus sur le coronavirus.<br \/>\n<\/strong><strong>Quant \u00e0 l\u2019h\u00f4pital,<\/strong> la situation n\u2019est pas meilleure. La capacit\u00e9 de nos h\u00f4pitaux s\u2019est d\u00e9grad\u00e9e de mani\u00e8re tr\u00e8s importante au cours de la d\u00e9cennie \u00e9coul\u00e9e, avec pour cons\u00e9quence la situation actuelle\u00a0: le manque de lits, de places en soins intensifs, de mat\u00e9riel de r\u00e9animation et de protection (masques, gels hydro alcooliques, combinaisons, etc.). Comme le souligne avec consternation le Pr Philippe JUVIN, chef des urgences de l\u2019h\u00f4pital Pompidou \u00ab <em>La France est aujourd&rsquo;hui un pays sous-d\u00e9velopp\u00e9 en mati\u00e8re de sant\u00e9 : sinon, comment appelez-vous un pays qui n&rsquo;est pas capable de fournir un masque \u00e0 ses concitoyens ?!\u00a0\u00bb <\/em><strong>\u00a0\u00a0\u00a0\u00a0\u00a0\u00a0 <\/strong><\/p>\n<p><strong>Pour reprendre la m\u00e9taphore guerri\u00e8re, notre pays a \u00e9t\u00e9 d\u00e9sarm\u00e9. <br \/>\n<\/strong><strong>Par mauvaise strat\u00e9gie ? <br \/>\n<\/strong>Si en 1939, la strat\u00e9gie n\u2019avait pas \u00e9t\u00e9 bonne ; en 2020, la strat\u00e9gie, la communication, la gestion de la crise sanitaire provoqu\u00e9e par ce coronavirus ont \u00e9t\u00e9 calamiteuses. <br \/>\nPour le moins <strong>A. BUZYN,<\/strong> m\u00e9decin &amp; ministre de a Sant\u00e9, savait ce qui allait se produire. Elle affirme maintenant : \u00ab Je pense que j\u2019ai vu pour la premi\u00e8re fois, ce qui se passait en Chine \u00bb en <strong>d\u00e9cembre 2019.<\/strong> Le 30 d\u00e9cembre, l\u2019institut Pasteur est alert\u00e9. Le 10 janvier, l\u2019<strong>OMS<\/strong> a rapidement confirm\u00e9 l\u2019exposition de l\u2019Europe au virus en d\u00e9clarant le continent comme nouvel \u00ab\u00a0\u00e9picentre\u00a0\u00bb de la pand\u00e9mie. A. BUZYN dit avoir alert\u00e9 le directeur g\u00e9n\u00e9ral de la sant\u00e9 et envoy\u00e9 le <strong>11 janvier 2020, <\/strong>un message au Pr\u00e9sident sur la situation et le risque qu\u2019elle faisait courir \u00e0 la France.\u00a0Elle avait compris avant tout le monde que le pire allait advenir.<\/p>\n<p style=\"text-align: justify\"><strong>En janvier,<\/strong> le gouvernement communique\u00a0en r\u00e9sum\u00e9 que c\u2019est une <strong>grosse grippe qui tue les vieux chinois. <\/strong>Pas grave\u2026 Alors que la Chine compte ses morts et met 40 millions de personnes en quarantaine, construit deux h\u00f4pitaux en 15 jours\u2026<br \/>\nLe <strong>13 janvier 2020<\/strong>, A. BUZYN classe la Chloroquine (le fameux rem\u00e8de actuellement test\u00e9 \u00e0 Marseille) dans les substances v\u00e9n\u00e9neuses (disponible seulement sur ordonnance), alors que cela fait 50 ans qu\u2019elle est en vente libre.<br \/>\nLe<strong> 24 janvier 2020<\/strong>, pendant que tout le monde en Chine commence \u00e0 porter des masques, que la ville de WUHAN est boucl\u00e9e, la ministre dit \u00ab\u00a0Le risque de propagation du coronavirus dans la population est tr\u00e8s faible.\u00a0\u00bb Peu de chances pour que le virus atteigne la France\u00a0! \u00a0<br \/>\nLe <strong>30 janvier 2020<\/strong>, elle dit avoir averti \u00c9douard PHILIPPE que les \u00e9lections ne pourraient sans doute pas se tenir. Il est clair que tout le microcosme autour du pouvoir savait \u00e0 quoi il fallait s\u2019attendre, y compris bien s\u00fbr Macron \u2026 Et aucune mesure ne fut prise \u00e0 l\u2019\u00e9poque pour essayer d\u2019affronter la catastrophe et d\u2019\u00e9viter une h\u00e9catombe. C\u2019est assez terrifiant !<br \/>\n<strong>En f\u00e9vrier<\/strong> le discours l\u00e9nifiant continue\u00a0: on est les plus forts, le virus n\u2019arrivera pas ici, ce n\u2019est pas grave\u00a0!<br \/>\nBUZYN quitte son minist\u00e8re, en sanglots, le<strong> 17 f\u00e9vrier 2020,<\/strong>et d\u00e9clare aujourd\u2019hui, \u00e0 post\u00e9riori : \u00ab\u00a0On aurait d\u00fb tout arr\u00eater, c\u2019\u00e9tait une mascarade\u00a0\u00bb. \u00ab\u00a0Quand j\u2019ai quitt\u00e9 le minist\u00e8re, assure-t-elle, je pleurais parce que je savais que la <strong>vague du tsunami \u00e9tait devant nous.<\/strong> Je suis partie en sachant que les \u00e9lections n\u2019auraient pas lieu.\u00a0\u00bb Mais pourquoi n\u2019a-t-elle pas appliqu\u00e9 la \u00ab\u00a0jurisprudence Chev\u00e8nement\u00a0\u00bb qui permet \u00e0 un ministre de d\u00e9missionner et, le jour dit, de convoquer la presse en expliquant les raisons de son d\u00e9part du gouvernement, en l\u2019occurrence qu\u2019elle ne pouvait cautionner la politique suicidaire de MACRON en mati\u00e8re de s\u00e9curit\u00e9 sanitaire. La morale y aurait trouv\u00e9 son compte et la politique une certaine noblesse. Mais voil\u00e0, par son silence complice et ses mensonges <strong>des gens sont morts.<\/strong> Comment expliquer qu\u2019elle se soit laiss\u00e9e entra\u00eener dans cette histoire foireuse des \u00e9lections municipales \u00e0 Paris pour remplacer ce GRIVEAUX, tout aussi foireux, si ce n\u2019est pour soutenir encore cette macronie coupable\u00a0?<br \/>\nPendant ce temps, le coronavirus frappe fort en Italie ? C\u2019est parce que les Italiens sont cons, pas grave ! Mais on laissera tout de m\u00eame se tenir une rencontre sportive entre Italiens et Fran\u00e7ais.<br \/>\n<strong>Fin f\u00e9vrier 2020<\/strong>\u00a0: la situation n\u2019est toujours pas grave. On va continuer \u00e0 vivre normalement.<br \/>\n<strong>Le 7 mars 2020,<\/strong> alors que le virus se r\u00e9pand \u00e0 travers la France et le Monde, le pr\u00e9sident de la R\u00e9publique parade dans les rues de Paris pour inciter les parisiens \u00e0 continuer \u00e0 aller au th\u00e9\u00e2tre ! On est au stade 2, tout va bien\u00a0! Pendant que l\u2019Italie se confine le <strong>8 mars\u00a0!<br \/>\n<\/strong>Se saisir du probl\u00e8me, informer, anticiper ? <strong>Non, non, il ne faudrait pas ralentir l\u2019\u00e9conomie<\/strong>\u2026 Tous ceux, professeurs de m\u00e9decine, sp\u00e9cialistes, chercheurs qui sonnent l\u2019alarme (traitement \u00e0 la chloroquine, porter des masques, d\u00e9pistage de masse, fermer les fronti\u00e8res) se font insulter par les <strong>serviteurs du pouvoir<\/strong>, de Jean-Michel APATHIE \u00e0 Christophe BARBIER en passant par l\u2019ineffable Michel CYMES et bien s\u00fbr l\u2019in\u00e9vitable porte parole du gouvernement Sibeth NDIAYE.<br \/>\n<strong>15 mars 2020 <\/strong>: Pas grave\u2026 48 millions d\u2019\u00e9lecteurs sont invit\u00e9s \u00e0 aller voter dans 35 000 communes\u2026 comme si le virus ignorait les fronti\u00e8res et respectait les municipales\u2026 Mais cela accompli, nos gouvernants adjurent aussit\u00f4t la population \u00e0 ne pas sortir de chez elle.<br \/>\nLe <strong>16 mars 2020<\/strong>\u00a0: \u00e7a y est. Macron claironne\u00a0: \u00ab\u00a0On est en guerre ! On est en guerre !! On est en guerre !!!\u00a0\u00bb. Le voici qui prononce un discours en faveur de cet \u00c9tat providence tant d\u00e9cri\u00e9 encore quelques jours auparavant par lui et ses sbires\u2026 Le voil\u00e0 qui voudrait mobiliser une <strong>arm\u00e9e<\/strong> qu\u2019il a contribu\u00e9, dans la suite de SARKOZY et HOLLANDE, \u00e0 <strong>d\u00e9sarmer<\/strong>\u00a0!<br \/>\nComparaison n\u2019est pas raison, mais enfin&#8230;<br \/>\nSi le manque de r\u00e9activit\u00e9 est le fruit d\u2019une <strong>grossi\u00e8re erreur strat\u00e9gique<\/strong>, si le pays se montre d\u00e9sarm\u00e9, comment, dans <span class='tooltipsall tooltip_post_id_29829 classtoolTips180'>ces<\/span> conditions, oser vouloir appara\u00eetre en \u00ab\u00a0p\u00e8re de la nation\u00a0\u00bb prot\u00e9geant son peuple\u00a0?<br \/>\nMACRON n\u2019a rien compris sur les causes de cette situation\u2026 Fondamentalement s\u2019il y a une guerre, c\u2019est celle contre les revenus du travail, contre une meilleure d\u00e9mocratie. Cette guerre a \u00e9t\u00e9 jusque l\u00e0 gagn\u00e9e par ce syst\u00e8me n\u00e9olib\u00e9ral globalis\u00e9, qui a pouss\u00e9 la production de n\u2019importe quoi, n\u2019importe o\u00f9, n\u2019importe comment, \u00e0 partir du moment que cela co\u00fbte <strong>\u00ab\u00a0moins cher que moins cher\u00a0\u00bb,<\/strong> afin de d\u00e9cupler les profits financiers. <strong>C\u2019est ainsi qu\u2019a \u00e9t\u00e9 r\u00e9alis\u00e9 le \u00ab\u00a0casse du si\u00e8cle\u00a0\u00bb\u00a0!<\/strong> Cela <strong>nous co\u00fbte tr\u00e8s cher aujourd\u2019hui<\/strong> et nous emp\u00eache de disposer de moyens de lutte contre les d\u00e9fis qui nous pr\u00e9occupent tous\u00a0: r\u00e9chauffement climatique, biodiversit\u00e9, risque d\u2019effondrement, etc.<br \/>\nMACRON se serait-il tromp\u00e9 de guerre\u00a0? Pourtant les messages d\u2019alerte n\u2019ont pas manqu\u00e9\u00a0: opposition \u00e0 la modification du code du travail, manifestations des gilets jaunes, mouvements pour la protection de l\u2019environnement, mouvements contre le projet de r\u00e9forme de la retraite, manifestations dans les milieux hospitaliers, dans les EHPAD, etc. \u2026 Les r\u00e9ponses ont \u00e9t\u00e9 minables, lamentables. Entre autres on se souviendra du \u00ab\u00a0Je garde le cap\u00a0\u00bb \u2026 Ou pire \u00ab\u00a0Qu\u2019ils viennent me chercher\u00a0\u00bb \u2026 Un d\u00e9sastre\u00a0!<\/p>\n<p style=\"text-align: justify\">Nous disions <strong>mauvaise strat\u00e9gie\u00a0? Impr\u00e9paration\u00a0? \u00a0<br \/>\n<\/strong>Si gouverner, c\u2019est pr\u00e9voir, comment le faire quand <strong>le syst\u00e8me de gouvernance est devenu le probl\u00e8me\u00a0? <\/strong>Pourtant, nous avons tous conscience que nous allons \u00eatre dans l\u2019obligation de changer, de prendre en main le changement du mod\u00e8le de d\u00e9veloppement de notre soci\u00e9t\u00e9, de transformer notre fa\u00e7on de vivre, de consommer\u2026<br \/>\nBoris Cyrulnick pense qu\u2019apr\u00e8s chaque crise il y a un changement de culture, la vie ne reprend pas comme avant.<br \/>\nQuels changements, dans quels domaines ? La culture ? Les valeurs ? Etc.<br \/>\nVa-t-on comprendre que l\u2019individualisme nous a cout\u00e9 tr\u00e8s cher collectivement\u00a0?<br \/>\nVa-t-on ralentir, se poser la question du temps, de la fa\u00e7on dont nous le traitons.\u00a0?<br \/>\nVa-t-on se concentrer sur nos vrais besoins, pour cesser le gaspillage ?<br \/>\nQuelle place pour l\u2019argent ?Cela nous pose beaucoup de questions\u2026 particuli\u00e8rement dans ce moment o\u00f9 l\u2019ensemble de notre syst\u00e8me politique est actuellement bloqu\u00e9 \u00e0 tous les niveaux, du mondial au national, de l\u2019ONU o\u00f9 la repr\u00e9sentation des pays n\u2019est pas d\u00e9mocratique, en passant par l\u2019UE devenue une vraie prison juridique d\u2019orientation n\u00e9olib\u00e9rale, mais aussi en France coinc\u00e9e dans cette V\u00b0 R\u00e9publique monarchiste et si peu d\u00e9mocratique, avec son empilement de collectivit\u00e9s locales auxquelles les citoyens ne comprennent pas grand-chose\u2026<\/p>\n<p style=\"text-align: justify\"><strong>Comment sortir de ce blocage\u00a0?<\/strong><br \/>\nLe risque d\u2019un retour au monde d\u2019avant crise viendra des n\u00e9olib\u00e9raux, partisans du profit sans limite : ils vont essayer de reprendre l\u2019initiative, de conserver le pouvoir\u2026 Ils seront suivis en cela par des gens de tous milieux qui effray\u00e9s par l\u2019inconnu d\u2019un futur \u00e0 construire, voudront reconstituer \u00e0 l\u2019identique les conditions de vie qu\u2019ils ont connues.<br \/>\nUn changement profond du fonctionnement de nos soci\u00e9t\u00e9s ne pourra que passer par une catharsis collective pour chasser le d\u00e9mon du n\u00e9olib\u00e9ralisme qui nous a poss\u00e9d\u00e9s.<br \/>\nNous, citoyens-es, devrons d\u2019abord penser et choisir le monde \u00e0 construire demain ce qui passe par une r\u00e9vision radicale de nos priorit\u00e9s. Ensuite il faudra r\u00e9fl\u00e9chir aux institutions les plus ad\u00e9quates pour traiter au del\u00e0 de la seule pand\u00e9mie la crise environnementale que nous avons provoqu\u00e9e et qui menace notre existence.<\/p>\n<p style=\"text-align: justify\"><strong>Cela passera donc par une action politique.<br \/>\n<\/strong>Si notre pays a \u00e9t\u00e9 d\u00e9sarm\u00e9 depuis des ann\u00e9es. L\u2019\u00e9quipe d\u2019incomp\u00e9tents qui est arriv\u00e9e au pouvoir suite \u00e0 la faiblesse d\u00e9mocratique de nos institutions, n\u2019a pas \u00e9t\u00e9 \u00e0 la hauteur, il faut la chasser, mais cela ne suffira pas si les conditions institutionnelles qui ont permis leur prise de pouvoir sont maintenues. Dans l\u2019imm\u00e9diat et pour assurer la continuit\u00e9 de la R\u00e9publique, il faut provoquer de nouvelles \u00e9lections l\u00e9gislatives, mais aussi reprendre cet exercice manqu\u00e9 des \u00e9lections municipales. Mais simultan\u00e9ment, le pays a besoin de construire un autre projet, de conduire une autre politique et de cela, le peuple doit pouvoir en d\u00e9battre et l\u00e9gif\u00e9rer au sein d\u2019une <strong>Assembl\u00e9e constituante<\/strong> r\u00e9ellement repr\u00e9sentative.<br \/>\nLes moyens de d\u00e9poser nos gouvernants actuels existent\u00a0:<br \/>\n<strong>Politiquement,<\/strong> il est possible d\u2019organiser un r\u00e9f\u00e9rendum r\u00e9vocatoire contre Macron, trop prot\u00e9g\u00e9 par son immunit\u00e9 constitutionnelle et un parlement \u00e0 sa botte.<br \/>\nLa constitution de la V\u00b0 R\u00e9publique, nous le permet\u00a0: \u00a0<br \/>\nARTICLE 3. La souverainet\u00e9 nationale appartient au peuple qui l&rsquo;exerce par ses repr\u00e9sentants et par la voie du r\u00e9f\u00e9rendum.<br \/>\nARTICLE 68. Le Pr\u00e9sident de la R\u00e9publique ne peut \u00eatre destitu\u00e9 qu&rsquo;en cas de manquement \u00e0 ses devoirs manifestement incompatible avec l&rsquo;exercice de son mandat. La destitution est prononc\u00e9e par le Parlement constitu\u00e9 en Haute Cour.<br \/>\n<strong>Juridiquement,<\/strong> si tous les manquements, imp\u00e9rities et mensonges sont \u00e9tablis sont \u00e9tablis par des actions en justice, nous allons vers le jugement d\u2019un des plus grands scandales d\u2019\u00c9tat que la France ait connu. Ainsi, si Madame Buzyn a dit la v\u00e9rit\u00e9 sur la connaissance par le gouvernement de l\u2019imminence de la pand\u00e9mie, la responsabilit\u00e9 p\u00e9nale de tous ces d\u00e9cideurs publics sera engag\u00e9e. Les textes existent dans le code p\u00e9nal, ceux l\u00e0 m\u00eame qui furent utilis\u00e9s dans l\u2019affaire du sang contamin\u00e9. La Cour de Justice de la R\u00e9publique devra \u00eatre saisie d\u2019une proc\u00e9dure dirig\u00e9e contre les ministres pour dire si leur d\u00e9faillance est \u00e9tablie, et prononcer, si n\u00e9cessaire \u00e0 leur encontre les sanctions \u00e0 la mesure du dommage subi.<\/p>\n<p style=\"text-align: justify\">\u00a0\u00a0\u00a0\u00a0\u00a0\u00a0\u00a0\u00a0\u00a0\u00a0\u00a0 <strong>Pour continuer la comparaison avec la guerre\u2026 Inspirons nous des r\u00e9sistants de la 2\u00b0 guerre mondiale, consid\u00e9r\u00e9s par le r\u00e9gime de Vichy comme des ennemis et aujourd\u2019hui comme des h\u00e9ros. Souvenons-nous que se sont eux qui ont \u00e9tabli, \u00e0 la fin de la guerre, <\/strong><strong><em>(il fallait y penser et oser\u00a0!)<\/em> le programme d\u2019action du <span class='tooltipsall tooltip_post_id_3761 classtoolTips187'>CNR<\/span> (Conseil National de la R\u00e9sistance)<\/strong> <sup><a href=\"#footnote_1_21364\" id=\"identifier_1_21364\" class=\"footnote-link footnote-identifier-link\" title=\"Voir appel de J.F LAMBERT sur ce num&eacute;ro du Clairon\">(1)<\/a><\/sup> <strong>nomm\u00e9 \u00ab Les Jours Heureux \u00bb avec au c\u0153ur une formule qui devrait nous inspirer aujourd\u2019hui \u00ab Chacun selon ses moyens et chacun selon ses besoins \u00bb. Programme bas\u00e9 sur la prise en consid\u00e9ration des biens communs, particuli\u00e8rement la mise en place de la s\u00e9curit\u00e9 sociale, soit la couverture maladie et retraite. C\u2019\u00e9tait alors la fondation d\u2019un Etat Providence d\u00e9truit peu \u00e0 peu par une succession de gouvernants, d\u00e9voues \u00e0 l\u2019id\u00e9ologie n\u00e9o lib\u00e9rale, aujourd\u2019hui nous en payons <span class='tooltipsall tooltip_post_id_18357 classtoolTips220'>ch<\/span>\u00e8rement les cons\u00e9quences.<\/strong><\/p>\n<p style=\"text-align: right\"><em>Oncle JEF pour le Clairon de l\u2019Atax le 10\/04\/2020<\/em><\/p>\n<script type=\"text\/javascript\"> var tt_store_content = \"\\<p style\\='text\\-align\\: center;'\\>\\<span style\\='font\\-size\\: 14pt;'\\>\\<strong\\>C\\<\\\/strong\\>entre \\<strong\\>N\\<\\\/strong\\>ational de la \\<strong\\>R\\<\\\/strong\\>echerche \\<strong\\>S\\<\\\/strong\\>cientifique\\<\\\/span\\>\\<\\\/p\\><br\/>&nbsp;<br\/><br\/>\\<a href\\='https\\:\\\/\\\/fr\\.wikipedia\\.org\\\/wiki\\\/Centre_national_de_la_recherche_scientifique' target\\='_blank' rel\\='noopener'\\>Acc\u00e9der ici \u00e0 la fiche Wikipedia du CNRS\\<\\\/a\\><br\/>\\<a href\\='http\\:\\\/\\\/www\\.cnrs\\.fr\\\/' target\\='_blank' rel\\='noopener'\\>Acc\u00e9der ici au site du CNRS\\<\\\/a\\>\"; toolTips('.classtoolTips101',tt_store_content,'5636'); <\/script><script type=\"text\/javascript\"> var tt_store_content = \"\\<p style\\='text\\-align\\: center;'\\>\\<span style\\='font\\-size\\: 14pt;'\\>\\<strong\\>C\\<\\\/strong\\>r\u00e9dit d'Imp\u00f4t pour la \\<strong\\>C\\<\\\/strong\\>omp\u00e9titivit\u00e9 et l'\\<strong\\>E\\<\\\/strong\\>mploi\\<\\\/span\\>\\<\\\/p\\><br\/>\\<p style\\='text\\-align\\: justify;'\\>Mesure mise en place par le gouvernement de Jean\\-Marc Ayrault, en 2012 et entr\u00e9e en vigueur le 1\\<sup\\>er\\<\\\/sup\\> Janvier 2013, sous la pr\u00e9sidence de Fran\u00e7ois Hollande, visant \u00e0 soutenir les entreprises fran\u00e7aises par un all\u00e8gement des charges li\u00e9es aux salaires inf\u00e9rieurs \u00e0 2,5 SMIC\\. Le but de cette mesure, tr\u00e8s co\u00fbteuse pour la collectivit\u00e9 \\(13 mds \u20ac en 2013 et 20 mds&nbsp; \u20ac en 2014\\), \u00e9tait de dynamiser les embauches par les entreprises\\.<br\/>Dans les faits, elle aurait surtout servi aux entreprises \u00e0 reconstituer leurs marges et cela d'autant plus facilement qu'elle n'\u00e9tait assortie d'aucun contr\u00f4le du respect, par les entreprises, des conditions d'\u00e9ligibilit\u00e9\\.\\<\\\/p\\><br\/>\\<a href\\='https\\:\\\/\\\/fr\\.wikipedia\\.org\\\/wiki\\\/Cr%C3%A9dit_d%27imp%C3%B4t_pour_la_comp%C3%A9titivit%C3%A9_et_l%27emploi' target\\='_blank' rel\\='noopener'\\>Acc\u00e9der ici \u00e0 la fiche Wikipedia sur le <span class='tooltipsall tooltip_post_id_5648 classtoolTips102'>CICE<\/span>\\<\\\/a\\>\"; toolTips('.classtoolTips102',tt_store_content,'5648'); <\/script><script type=\"text\/javascript\"> var tt_store_content = \"\\<p\\><span class='tooltipsall tooltip_post_id_23586 classtoolTips107'>NTIC<\/span> \\= Nouvelles technologies de l'information et de la communication\\<\\\/p\\>\"; toolTips('.classtoolTips107',tt_store_content,'23586'); <\/script><script type=\"text\/javascript\"> var tt_store_content = \"\\<p\\>NTIC \\= Nouvelles technologies de l'information et de la communication\\<\\\/p\\>\"; toolTips('.classtoolTips107',tt_store_content,'23586'); <\/script><script type=\"text\/javascript\"> var tt_store_content = \"\\<p\\>NTIC \\= Nouvelles technologies de l'Information et de la Communication\\<\\\/p\\>\"; toolTips('.classtoolTips112',tt_store_content,'30265'); <\/script><script type=\"text\/javascript\"> var tt_store_content = \"\\<p\\><span class='tooltipsall tooltip_post_id_19394 classtoolTips134'>SAGE<\/span> \\= \\<span class\\='st'\\> sch\u00e9ma d'am\u00e9nagement et de gestion de l'eau\\<\\\/span\\> , c'est un outil de planification qui concerne l'ensemble des eaux situ\u00e9es dans un bassin versant\\<\\\/p\\>\"; toolTips('.classtoolTips134',tt_store_content,'19394'); <\/script><script type=\"text\/javascript\"> var tt_store_content = \"\\<p style\\='text\\-align\\: center;'\\>\\<strong\\>\\<span style\\='font\\-size\\: 14pt;'\\>S\\<\\\/span\\>\\<\\\/strong\\>\\<span style\\='font\\-size\\: 14pt;'\\>oci\u00e9t\u00e9 d'\\<strong\\>\u00c9\\<\\\/strong\\>conomie \\<strong\\>M\\<\\\/strong\\>ixte\\<\\\/span\\>\\<\\\/p\\><br\/>\\<p style\\='text\\-align\\: justify;'\\>En France, une soci\u00e9t\u00e9 d'\u00e9conomie mixte est une soci\u00e9t\u00e9 anonyme dont le capital est majoritairement d\u00e9tenu par une ou plusieurs personnes publiques \\(\u00e0 savoir l'\u00c9tat, une Collectivit\u00e9 territoriale, ou tout autre \u00c9tablissement public\\)\\. Cette participation majoritaire publique est plafonn\u00e9e \u00e0 85&nbsp;% du capital depuis la Loi du 2 janvier 2002\\. Au moins une personne priv\u00e9e doit participer au capital de la <span class='tooltipsall tooltip_post_id_7168 classtoolTips142'>SEM<\/span>, sachant qu'il peut s'agir d'une autre SEM\\.\\<\\\/p\\><br\/>\\<p style\\='text\\-align\\: justify;'\\>\\<strong\\>Le recours \u00e0 la SEM garantit\\<\\\/strong\\> \u00e0 la collectivit\u00e9 publique actionnaire et cocontractante \\<strong\\>la prise en compte effective de l'int\u00e9r\u00eat g\u00e9n\u00e9ral\\<\\\/strong\\> dans les objectifs de l'entreprise \\<strong\\>et la souplesse de la soci\u00e9t\u00e9 de droit priv\u00e9\\<\\\/strong\\>\\.\\<\\\/p\\><br\/>\\<em\\>\\<a href\\='https\\:\\\/\\\/fr\\.wikipedia\\.org\\\/wiki\\\/Soci%C3%A9t%C3%A9_d%27%C3%A9conomie_mixte' target\\='_blank' rel\\='noopener'\\>Voir ici la page Wikipedia consacr\u00e9e aux SEM\\<\\\/a\\> \\<\\\/em\\><br\/><br\/>&nbsp;\"; toolTips('.classtoolTips142',tt_store_content,'7168'); <\/script><script type=\"text\/javascript\"> var tt_store_content = \"\\<p style\\='text\\-align\\: center;'\\>\\<span style\\='font\\-size\\: 14pt;'\\>\\<strong\\>I\\<\\\/strong\\>mp\u00f4t sur la \\<strong\\>F\\<\\\/strong\\>ortune \\<strong\\>I\\<\\\/strong\\>mmobili\u00e8re\\<\\\/span\\>\\<\\\/p\\>\"; toolTips('.classtoolTips148',tt_store_content,'5643'); <\/script><script type=\"text\/javascript\"> var tt_store_content = \"\\<p style\\='text\\-align\\: center;'\\>\\<span style\\='font\\-size\\: 14pt;'\\>\\<strong\\>R\\<\\\/strong\\>\u00e9pertoire \\<strong\\>N\\<\\\/strong\\>ational des \\<strong\\>A\\<\\\/strong\\>ssociations\\<\\\/span\\>\\<\\\/p\\>\"; toolTips('.classtoolTips159',tt_store_content,'24374'); <\/script><script type=\"text\/javascript\"> var tt_store_content = \"\\<p style\\='text\\-align\\: center;'\\>\\<strong\\>\\<span style\\='font\\-size\\: 14pt;'\\>G\\<\\\/span\\>\\<\\\/strong\\>\\<span style\\='font\\-size\\: 14pt;'\\>az \u00e0 \\<strong\\>E\\<\\\/strong\\>ffet de \\<strong\\>S\\<\\\/strong\\>erre\\<\\\/span\\>\\<\\\/p\\><br\/>\\<p style\\='text\\-align\\: justify;'\\>Les gaz \u00e0 effet de serre \\(<span class='tooltipsall tooltip_post_id_7232 classtoolTips161'>GES<\/span>\\) sont des composants gazeux qui absorbent le rayonnement infrarouge \u00e9mis par la surface terrestre et contribuent \u00e0 l'effet de serre\\. L'augmentation de leur concentration dans l'atmosph\u00e8re terrestre est l'un des facteurs \u00e0 l'origine du r\u00e9chauffement climatique\\.\\<\\\/p\\><br\/>\\<a href\\='https\\:\\\/\\\/fr\\.wikipedia\\.org\\\/wiki\\\/Gaz_%C3%A0_effet_de_serre' target\\='_blank' rel\\='noopener'\\>\\<em\\>Voir ici la fiche Wikipedia sur les gaz \u00e0 effet de serre\\<\\\/em\\>\\<\\\/a\\>\"; toolTips('.classtoolTips161',tt_store_content,'7232'); <\/script><script type=\"text\/javascript\"> var tt_store_content = \"\\<p style\\='text\\-align\\: justify'\\>La \u00ab\u00a0\\<b\\>programmation pluriannuelle de l'\u00e9nergie\\<\\\/b\\>\u00a0\u00bb \\(<span class='tooltipsall tooltip_post_id_7750 classtoolTips164'>PPE<\/span>\\) est, en France, un document strat\u00e9gique de pilotage de la transition \u00e9nerg\u00e9tique\\. Institu\u00e9e par l'article 176 de la \\<a title\\='Loi relative \u00e0 la transition \u00e9nerg\u00e9tique pour la croissance verte' href\\='https\\:\\\/\\\/fr\\.wikipedia\\.org\\\/wiki\\\/Loi_relative_%C3%A0_la_transition_%C3%A9nerg%C3%A9tique_pour_la_croissance_verte'\\>loi de transition \u00e9nerg\u00e9tique\\<\\\/a\\> \\(TECV\\), elle fixe une trajectoire pour le \\<a title\\='Mix \u00e9nerg\u00e9tique' href\\='https\\:\\\/\\\/fr\\.wikipedia\\.org\\\/wiki\\\/Mix_%C3%A9nerg%C3%A9tique'\\>mix \u00e9nerg\u00e9tique\\<\\\/a\\>, ainsi que \\<span class\\='citation'\\>\u00ab\u00a0les priorit\u00e9s d'action pour la gestion de l\u2019ensemble des formes d'\u00e9nergie sur le territoire m\u00e9tropolitain continental, afin d\u2019atteindre les objectifs nationaux fix\u00e9s par la loi\u00a0\u00bb\\<\\\/span\\>\\. \\(Wikip\u00e9dia\\)\\<\\\/p\\>\"; toolTips('.classtoolTips164',tt_store_content,'7750'); <\/script><script type=\"text\/javascript\"> var tt_store_content = \"\\<p style\\='text\\-align\\: justify'\\>La \u00ab\u00a0\\<b\\>programmation pluriannuelle de l'\u00e9nergie\\<\\\/b\\>\u00a0\u00bb \\(PPE\\) est, en France, un document strat\u00e9gique de pilotage de la transition \u00e9nerg\u00e9tique\\. Institu\u00e9e par l'article 176 de la \\<a title\\='Loi relative \u00e0 la transition \u00e9nerg\u00e9tique pour la croissance verte' href\\='https\\:\\\/\\\/fr\\.wikipedia\\.org\\\/wiki\\\/Loi_relative_%C3%A0_la_transition_%C3%A9nerg%C3%A9tique_pour_la_croissance_verte'\\>loi de transition \u00e9nerg\u00e9tique\\<\\\/a\\> \\(TECV\\), elle fixe une trajectoire pour le \\<a title\\='Mix \u00e9nerg\u00e9tique' href\\='https\\:\\\/\\\/fr\\.wikipedia\\.org\\\/wiki\\\/Mix_%C3%A9nerg%C3%A9tique'\\>mix \u00e9nerg\u00e9tique\\<\\\/a\\>, ainsi que \\<span class\\='citation'\\>\u00ab\u00a0les priorit\u00e9s d'action pour la gestion de l\u2019ensemble des formes d'\u00e9nergie sur le territoire m\u00e9tropolitain continental, afin d\u2019atteindre les objectifs nationaux fix\u00e9s par la loi\u00a0\u00bb\\<\\\/span\\>\\. \\(Wikip\u00e9dia\\)\\<\\\/p\\>\"; toolTips('.classtoolTips164',tt_store_content,'7750'); <\/script><script type=\"text\/javascript\"> var tt_store_content = \"\\<p style\\='text\\-align\\: justify;'\\>Le Conseil d'Orientation des Retraites est une instance qui r\u00e9unit &nbsp;\\<span class\\='st'\\>les principaux acteurs du champ des retraites\\<\\\/span\\> et effectue un travail d'\u00e9tudes et de concertation\\. Compos\u00e9 de parlementaires, de repr\u00e9sentants des organisations professionnelles et syndicales, des retrait\u00e9s et des familles, de membres de l'administration et d'experts, le Conseil d'orientation des retraites \\(<span class='tooltipsall tooltip_post_id_7751 classtoolTips165'>COR<\/span>\\) est plac\u00e9 aupr\u00e8s du Premier ministre\\.\\<\\\/p\\>\"; toolTips('.classtoolTips165',tt_store_content,'7751'); <\/script><script type=\"text\/javascript\"> var tt_store_content = \"\\<p style\\='text\\-align\\: center;'\\>\\<span style\\='font\\-size\\: 14pt;'\\>\\<strong\\>O\\<\\\/strong\\>rganisation \\<strong\\>M\\<\\\/strong\\>\u00e9t\u00e9orologique \\<strong\\>M\\<\\\/strong\\>ondiale<br\/>\\<strong\\>W\\<\\\/strong\\>orld \\<strong\\>M\\<\\\/strong\\>eteorological \\<strong\\>O\\<\\\/strong\\>rganization\\<\\\/span\\>\\<\\\/p\\><br\/>&nbsp;<br\/><br\/>\\<a href\\='https\\:\\\/\\\/public\\.wmo\\.int\\\/fr' target\\='_blank' rel\\='noopener'\\>\\<em\\>Acc\u00e9der ici au site de l'organisation\\<\\\/em\\>\\<\\\/a\\>\"; toolTips('.classtoolTips168',tt_store_content,'7763'); <\/script><script type=\"text\/javascript\"> var tt_store_content = \"\\<p style\\='text\\-align\\: center;'\\>\\<span style\\='font\\-size\\: 14pt;'\\>\\<strong\\>\u00c9\\<\\\/strong\\>cole \\<strong\\>N\\<\\\/strong\\>ationale d'\\<strong\\>A\\<\\\/strong\\>dministration\\<\\\/span\\>\\<\\\/p\\>\"; toolTips('.classtoolTips170',tt_store_content,'5213'); <\/script><script type=\"text\/javascript\"> var tt_store_content = \"\\<p style\\='text\\-align\\: justify'\\>\\<span class\\='ILfuVd'\\>La politique agricole commune \\(\\<b\\><span class='tooltipsall tooltip_post_id_11364 classtoolTips174'>PAC<\/span>\\<\\\/b\\>\\) est une politique mise en place \u00e0 l'\u00e9chelle de l'Union europ\u00e9enne\\. \u00c0 l'origine, elle est fond\u00e9e principalement sur des mesures de contr\u00f4le des prix et de subventionnement, visant \u00e0 moderniser et d\u00e9velopper l'agriculture\\.\\<\\\/span\\> \\(source Wikipedia\\)\\<\\\/p\\>\"; toolTips('.classtoolTips174',tt_store_content,'11364'); <\/script><script type=\"text\/javascript\"> var tt_store_content = \"\\<p style\\='text\\-align\\: center;'\\>\\<span style\\='font\\-size\\: 14pt;'\\>\\<strong\\>P\\<\\\/strong\\>\\<\\\/span\\>\\<span style\\='font\\-size\\: 14pt;'\\>lan \\<strong\\>L\\<\\\/strong\\>\\<\\\/span\\>\\<span style\\='font\\-size\\: 14pt;'\\>ocal d'\\<strong\\>U\\<\\\/strong\\>\\<\\\/span\\>\\<span style\\='font\\-size\\: 14pt;'\\>rbanisme\\<\\\/span\\>\\<\\\/p\\><br\/>&nbsp;\"; toolTips('.classtoolTips176',tt_store_content,'4979'); <\/script><script type=\"text\/javascript\"> var tt_store_content = \"\\<p\\>Conseil \u00c9conomique et Social\\<\\\/p\\>\"; toolTips('.classtoolTips180',tt_store_content,'29829'); <\/script><script type=\"text\/javascript\"> var tt_store_content = \"\\<p style\\='text\\-align\\: center;'\\>\\<strong\\>Conseil National de la R\u00e9sistance\\<\\\/strong\\>\\<\\\/p\\><br\/>\\<p style\\='text\\-align\\: center;'\\>\\<a href\\='https\\:\\\/\\\/fr\\.wikipedia\\.org\\\/wiki\\\/Conseil_national_de_la_R%C3%A9sistance' target\\='_blank' rel\\='noopener'\\>\\(voir ici la fiche Wikip\u00e9dia du CNR\\)\\<\\\/a\\>\\<\\\/p\\>\"; toolTips('.classtoolTips187',tt_store_content,'3761'); <\/script><script type=\"text\/javascript\"> var tt_store_content = \"\\<p style\\='text\\-align\\: center;'\\>\\<span style\\='font\\-size\\: 14pt;'\\>\\<strong\\>A\\<\\\/strong\\>gence \\<strong\\>R\\<\\\/strong\\>\u00e9gionale de \\<strong\\>S\\<\\\/strong\\>ant\u00e9\\<\\\/span\\>\\<\\\/p\\>\"; toolTips('.classtoolTips188',tt_store_content,'18356'); <\/script><script type=\"text\/javascript\"> var tt_store_content = \"\\<p style\\='text\\-align\\: center;'\\>\\<span style\\='font\\-size\\: 14pt;'\\>\\<strong\\>G\\<\\\/strong\\>roupement \\<strong\\>H\\<\\\/strong\\>ospitalier de \\<strong\\>T\\<\\\/strong\\>erritoire\\<\\\/span\\>\\<\\\/p\\><br\/>\\<p style\\='text\\-align\\: justify;'\\>Les groupements hospitaliers de territoires, dispositif pr\u00e9vu par la loi de sant\u00e9 2016, sont un nouveau mode de coop\u00e9ration entre les \u00e9tablissements publics de sant\u00e9 \u00e0 l\u2019\u00e9chelle d\u2019un territoire\\<\\\/p\\>\"; toolTips('.classtoolTips189',tt_store_content,'18358'); <\/script><script type=\"text\/javascript\"> var tt_store_content = \"\\<p style\\='text\\-align\\: center;'\\>\\<span style\\='font\\-size\\: 14pt;'\\>\\<strong\\>C\\<\\\/strong\\>omit\u00e9 \\<strong\\>T\\<\\\/strong\\>echnique d'\\<strong\\>\u00c9\\<\\\/strong\\>tablissement\\<\\\/span\\>\\<\\\/p\\>\"; toolTips('.classtoolTips191',tt_store_content,'18359'); <\/script><script type=\"text\/javascript\"> var tt_store_content = \"\\<p style\\='text\\-align\\: center;'\\>\\<strong\\>\\<span style\\='font\\-size\\: 14pt;'\\>P\\<\\\/span\\>\\<\\\/strong\\>\\<span style\\='font\\-size\\: 14pt;'\\>rogrammation \\<strong\\>P\\<\\\/strong\\>luri\\-annuelle de l'\\<strong\\>\u00c9\\<\\\/strong\\>nergie\\<\\\/span\\>\\<\\\/p\\><br\/>La PPE est est en France un document strat\u00e9gique de pilotage de la transition \u00e9nerg\u00e9tique\\. Institu\u00e9e par l'article 176 de la loi transition \u00e9nerg\u00e9tique \\(TECV\\)\\. Elle fixe \\(par \u00e9nergie\\) une trajectoire pour le mix \u00e9nerg\u00e9tique, ainsi que \u00ab&nbsp;\\<em\\>les priorit\u00e9s d'action pour la gestion de l\u2019ensemble des formes d'\u00e9nergie sur le territoire m\u00e9tropolitain continental, afin d\u2019atteindre les objectifs nationaux fix\u00e9s par la loi\\<\\\/em\\>&nbsp;\u00bb\\.<br\/><br\/>Initi\u00e9e en 2016, elle est r\u00e9vis\u00e9e en 2018 puis ensuite tous les 5 ans\\.<br\/><br\/>\\<a href\\='https\\:\\\/\\\/fr\\.wikipedia\\.org\\\/wiki\\\/Programmation_pluriannuelle_de_l'\u00e9nergi' target\\='_blank' rel\\='noopener'\\>\\<em\\>Voir ici la page Wikipedia consacr\u00e9e \u00e0 la PPE\\<\\\/em\\>\\<\\\/a\\><br\/>\\<a href\\='https\\:\\\/\\\/ppe\\.debatpublic\\.fr\\\/' target\\='_blank' rel\\='noopener'\\>\\<em\\>Voir ici la page du site 'Commission du D\u00e9bat Public' consacr\u00e9e \u00e0 la PPE\\<\\\/em\\>\\<\\\/a\\>\"; toolTips('.classtoolTips193',tt_store_content,'7102'); <\/script><script type=\"text\/javascript\"> var tt_store_content = \"\\<p style\\='text\\-align\\: center;'\\>\\<span style\\='font\\-size\\: 14pt;'\\>\\<strong\\>E\\<\\\/strong\\>volutionary \\<strong\\>P\\<\\\/strong\\>ower \\<strong\\>R\\<\\\/strong\\>eactor\\<\\\/span\\>\\<\\\/p\\><br\/>\\<p style\\='text\\-align\\: justify;'\\>R\u00e9acteur nucl\u00e9aire de troisi\u00e8me g\u00e9n\u00e9ration \\(classification internationale\\), con\u00e7u et d\u00e9velopp\u00e9 par <span class='tooltipsall tooltip_post_id_5121 classtoolTips35'>Areva NP<\/span>&nbsp; au cours des ann\u00e9es 1990 et 2000\\. Il fait partie de la fili\u00e8re des r\u00e9acteurs \u00e0 eau pressuris\u00e9e\\.\\<\\\/p\\><br\/>\\<a href\\='https\\:\\\/\\\/fr\\.wikipedia\\.org\\\/wiki\\\/R%C3%A9acteur_pressuris%C3%A9_europ%C3%A9en' target\\='_blank' rel\\='noopener'\\>\\<em\\>Voir ici la fiche Wikipedia <span class='tooltipsall tooltip_post_id_5579 classtoolTips196'>EPR<\/span>\\<\\\/em\\>\\<\\\/a\\>\"; toolTips('.classtoolTips196',tt_store_content,'5579'); <\/script><script type=\"text\/javascript\"> var tt_store_content = \"\\<p\\><span class='tooltipsall tooltip_post_id_21204 classtoolTips199'>COV<\/span> \\= Compos\u00e9 Organique Volatile\\<\\\/p\\>\"; toolTips('.classtoolTips199',tt_store_content,'21204'); <\/script><script type=\"text\/javascript\"> var tt_store_content = \"\\<p\\><span class='tooltipsall tooltip_post_id_25844 classtoolTips208'>RTE<\/span> \\= R\u00e9seau de Transport d'Electricit\u00e9 est une filiale d'<span class='tooltipsall tooltip_post_id_7035 classtoolTips178'>EDF<\/span> qui est l'actionnaire majoritaire avec 50,1% des parts le reste \u00e9tant partag\u00e9 par la CDC et la CNP\\<\\\/p\\>\"; toolTips('.classtoolTips208',tt_store_content,'25844'); <\/script><script type=\"text\/javascript\"> var tt_store_content = \"\\<p style\\='text\\-align\\: center;'\\>\\<span style\\='font\\-size\\: 14pt;'\\>\\<strong\\>O\\<\\\/strong\\>rganisation\\<strong\\> N\\<\\\/strong\\>on\\<strong\\> G\\<\\\/strong\\>ouvernementale\\<\\\/span\\>\\<\\\/p\\><br\/>Une organisation non gouvernementale \\(<span class='tooltipsall tooltip_post_id_3579 classtoolTips210'>ONG<\/span>\\) est une \\<a title\\='Association \u00e0 but non lucratif' href\\='https\\:\\\/\\\/fr\\.wikipedia\\.org\\\/wiki\\\/Association_%C3%A0_but_non_lucratif' target\\='_blank' rel\\='noopener'\\>association \u00e0 but non lucratif\\<\\\/a\\>, d'int\u00e9r\u00eat public, qui ne rel\u00e8ve ni de l'\u00c9tat, ni d'institutions internationales\\<sup id\\='cite_ref\\-novethic_1\\-0' class\\='reference'\\>\\<\\\/sup\\>\\. Les ONG n'ont pas le statut de sujet de \\<a title\\='Droit international public' href\\='https\\:\\\/\\\/fr\\.wikipedia\\.org\\\/wiki\\\/Droit_international_public' target\\='_blank' rel\\='noopener'\\>droit international\\<\\\/a\\>\\.\"; toolTips('.classtoolTips210',tt_store_content,'3579'); <\/script><script type=\"text\/javascript\"> var tt_store_content = \"\\<p style\\='text\\-align\\: center;'\\>\\<span style\\='font\\-size\\: 14pt;'\\>\\<strong\\>O\\<\\\/strong\\>rganisation\\<strong\\> N\\<\\\/strong\\>on\\<strong\\> G\\<\\\/strong\\>ouvernementale\\<\\\/span\\>\\<\\\/p\\><br\/>Une organisation non gouvernementale \\(ONG\\) est une \\<a title\\='Association \u00e0 but non lucratif' href\\='https\\:\\\/\\\/fr\\.wikipedia\\.org\\\/wiki\\\/Association_%C3%A0_but_non_lucratif' target\\='_blank' rel\\='noopener'\\>association \u00e0 but non lucratif\\<\\\/a\\>, d'int\u00e9r\u00eat public, qui ne rel\u00e8ve ni de l'\u00c9tat, ni d'institutions internationales\\<sup id\\='cite_ref\\-novethic_1\\-0' class\\='reference'\\>\\<\\\/sup\\>\\. Les ONG n'ont pas le statut de sujet de \\<a title\\='Droit international public' href\\='https\\:\\\/\\\/fr\\.wikipedia\\.org\\\/wiki\\\/Droit_international_public' target\\='_blank' rel\\='noopener'\\>droit international\\<\\\/a\\>\\.\"; toolTips('.classtoolTips210',tt_store_content,'3579'); <\/script><script type=\"text\/javascript\"> var tt_store_content = \"\\<p\\><span class='tooltipsall tooltip_post_id_24572 classtoolTips211'>MIT<\/span> \\= Massachussets Institute of Technology, prestigieuse universit\u00e9 am\u00e9ricaine de la c\u00f4te est\\<\\\/p\\>\"; toolTips('.classtoolTips211',tt_store_content,'24572'); <\/script><script type=\"text\/javascript\"> var tt_store_content = \"\\<p style\\='text\\-align\\: center;'\\>\\<strong\\>J\\<\\\/strong\\>eux \\<strong\\>O\\<\\\/strong\\>lympiques<br\/>ou<br\/>\\<strong\\>J\\<\\\/strong\\>ournal \\<strong\\>O\\<\\\/strong\\>fficiel de la R\u00e9publique Fran\u00e7aise\\<\\\/p\\>\"; toolTips('.classtoolTips213',tt_store_content,'4451'); <\/script><script type=\"text\/javascript\"> var tt_store_content = \"\\<p\\><span class='tooltipsall tooltip_post_id_30593 classtoolTips214'>RN<\/span> \\= Rassemble National, c'est le parti d'extr\u00eame droite de Marine Le Pen qui succ\u00e8de au FN \\= Front National fond\u00e9 par son p\u00e8re Jean Marie Le Pen\\<\\\/p\\>\"; toolTips('.classtoolTips214',tt_store_content,'30593'); <\/script><script type=\"text\/javascript\"> var tt_store_content = \"\\<p style\\='text\\-align\\: center;'\\>\\<span style\\='font\\-size\\: 14pt;'\\>\\<strong\\>C\\<\\\/strong\\>entre \\<strong\\>H\\<\\\/strong\\>ospitalier\\<\\\/span\\>\\<\\\/p\\>\"; toolTips('.classtoolTips220',tt_store_content,'18357'); <\/script><script type=\"text\/javascript\"> var tt_store_content = \"\\<p\\>D\u00e9chets radioactifs \u00e0 Haute Activit\u00e9 \\(classement <span class='tooltipsall tooltip_post_id_3612 classtoolTips79'>ANDRA<\/span>\\)\\<\\\/p\\>\"; toolTips('.classtoolTips223',tt_store_content,'19196'); <\/script>_______________________<br>Notes<ol class=\"footnotes\"><li id=\"footnote_1_21364\" class=\"footnote\"><em>Voir appel de J.F LAMBERT sur ce num\u00e9ro du Clairon<\/em><span class=\"footnote-back-link-wrapper\">[<a href=\"#identifier_1_21364\" class=\"footnote-link footnote-back-link\">&#8617;<\/a>]<\/span><\/li><\/ol>_______________________","protected":false},"excerpt":{"rendered":"<p>Notre ineffable pr\u00e9sident Macron aurait entrepris une \u00ab\u00a0guerre\u00a0\u00bb contre la pand\u00e9mie actuelle. On peut effectivement comparer certains aspects de l&rsquo;action de son gouvernement \u00e0 ce qui s&rsquo;est pass\u00e9 en 1939 :  impr\u00e9paration, ind\u00e9cision, contre-v\u00e9rit\u00e9s, manipulations diverses&#8230; Mais souvenons nous comment la guerre de 1939\/45 s&rsquo;est termin\u00e9e : par la cr\u00e9ation de l\u2019\u00c9tat providence, juste le contraire de ce que Macron essaye de r\u00e9aliser !<script type=\"text\/javascript\"> var tt_store_content = \"\\<\/p>\n<p style\\='text\\-align\\: center;'\\>\\<span style\\='font\\-size\\: 14pt;'\\>\\<strong\\>C\\<\\\/strong\\>entre \\<strong\\>N\\<\\\/strong\\>ational de la \\<strong\\>R\\<\\\/strong\\>echerche \\<strong\\>S\\<\\\/strong\\>cientifique\\<\\\/span\\>\\<\\\/p\\><br \/>&nbsp;<\/p>\n<p>\\<a href\\='https\\:\\\/\\\/fr\\.wikipedia\\.org\\\/wiki\\\/Centre_national_de_la_recherche_scientifique' target\\='_blank' rel\\='noopener'\\>Acc\u00e9der ici \u00e0 la fiche Wikipedia du <span class='tooltipsall tooltip_post_id_5636 classtoolTips101'>CNRS<\/span>\\<\\\/a\\><br \/>\\<a href\\='http\\:\\\/\\\/www\\.cnrs\\.fr\\\/' target\\='_blank' rel\\='noopener'\\>Acc\u00e9der ici au site du CNRS\\<\\\/a\\>\"; toolTips('.classtoolTips101',tt_store_content,'5636'); <\/script><script type=\"text\/javascript\"> var tt_store_content = \"\\<\/p>\n<p style\\='text\\-align\\: center;'\\>\\<span style\\='font\\-size\\: 14pt;'\\>\\<strong\\>C\\<\\\/strong\\>r\u00e9dit d'Imp\u00f4t pour la \\<strong\\>C\\<\\\/strong\\>omp\u00e9titivit\u00e9 et l'\\<strong\\>E\\<\\\/strong\\>mploi\\<\\\/span\\>\\<\\\/p\\><br \/>\\<\/p>\n<p style\\='text\\-align\\: justify;'\\>Mesure mise en place par le gouvernement de Jean\\-Marc Ayrault, en 2012 et entr\u00e9e en vigueur le 1\\<sup\\>er\\<\\\/sup\\> Janvier 2013, sous la pr\u00e9sidence de Fran\u00e7ois Hollande, visant \u00e0 soutenir les entreprises fran\u00e7aises par un all\u00e8gement des charges li\u00e9es aux salaires inf\u00e9rieurs \u00e0 2,5 SMIC\\. Le but de cette mesure, tr\u00e8s co\u00fbteuse pour la collectivit\u00e9 \\(13 mds \u20ac en 2013 et 20 mds&nbsp; \u20ac en 2014\\), \u00e9tait de dynamiser les embauches par les entreprises\\.<br \/>Dans les faits, elle aurait surtout servi aux entreprises \u00e0 reconstituer leurs marges et cela d'autant plus facilement qu'elle n'\u00e9tait assortie d'aucun contr\u00f4le du respect, par les entreprises, des conditions d'\u00e9ligibilit\u00e9\\.\\<\\\/p\\><br \/>\\<a href\\='https\\:\\\/\\\/fr\\.wikipedia\\.org\\\/wiki\\\/Cr%C3%A9dit_d%27imp%C3%B4t_pour_la_comp%C3%A9titivit%C3%A9_et_l%27emploi' target\\='_blank' rel\\='noopener'\\>Acc\u00e9der ici \u00e0 la fiche Wikipedia sur le <span class='tooltipsall tooltip_post_id_5648 classtoolTips102'>CICE<\/span>\\<\\\/a\\>\"; toolTips('.classtoolTips102',tt_store_content,'5648'); <\/script><script type=\"text\/javascript\"> var tt_store_content = \"\\<p\\><span class='tooltipsall tooltip_post_id_23586 classtoolTips107'>NTIC<\/span> \\= Nouvelles technologies de l'information et de la communication\\<\\\/p\\>\"; toolTips('.classtoolTips107',tt_store_content,'23586'); <\/script><script type=\"text\/javascript\"> var tt_store_content = \"\\<p\\>NTIC \\= Nouvelles technologies de l'information et de la communication\\<\\\/p\\>\"; toolTips('.classtoolTips107',tt_store_content,'23586'); <\/script><script type=\"text\/javascript\"> var tt_store_content = \"\\<p\\>NTIC \\= Nouvelles technologies de l'Information et de la Communication\\<\\\/p\\>\"; toolTips('.classtoolTips112',tt_store_content,'30265'); <\/script><script type=\"text\/javascript\"> var tt_store_content = \"\\<p\\><span class='tooltipsall tooltip_post_id_19394 classtoolTips134'>SAGE<\/span> \\= \\<span class\\='st'\\> sch\u00e9ma d'am\u00e9nagement et de gestion de l'eau\\<\\\/span\\> , c'est un outil de planification qui concerne l'ensemble des eaux situ\u00e9es dans un bassin versant\\<\\\/p\\>\"; toolTips('.classtoolTips134',tt_store_content,'19394'); <\/script><script type=\"text\/javascript\"> var tt_store_content = \"\\<\/p>\n<p style\\='text\\-align\\: center;'\\>\\<strong\\>\\<span style\\='font\\-size\\: 14pt;'\\>S\\<\\\/span\\>\\<\\\/strong\\>\\<span style\\='font\\-size\\: 14pt;'\\>oci\u00e9t\u00e9 d'\\<strong\\>\u00c9\\<\\\/strong\\>conomie \\<strong\\>M\\<\\\/strong\\>ixte\\<\\\/span\\>\\<\\\/p\\><br \/>\\<\/p>\n<p style\\='text\\-align\\: justify;'\\>En France, une soci\u00e9t\u00e9 d'\u00e9conomie mixte est une soci\u00e9t\u00e9 anonyme dont le capital est majoritairement d\u00e9tenu par une ou plusieurs personnes publiques \\(\u00e0 savoir l'\u00c9tat, une Collectivit\u00e9 territoriale, ou tout autre \u00c9tablissement public\\)\\. Cette participation majoritaire publique est plafonn\u00e9e \u00e0 85&nbsp;% du capital depuis la Loi du 2 janvier 2002\\. Au moins une personne priv\u00e9e doit participer au capital de la <span class='tooltipsall tooltip_post_id_7168 classtoolTips142'>SEM<\/span>, sachant qu'il peut s'agir d'une autre SEM\\.\\<\\\/p\\><br \/>\\<\/p>\n<p style\\='text\\-align\\: justify;'\\>\\<strong\\>Le recours \u00e0 la SEM garantit\\<\\\/strong\\> \u00e0 la collectivit\u00e9 publique actionnaire et cocontractante \\<strong\\>la prise en compte effective de l'int\u00e9r\u00eat g\u00e9n\u00e9ral\\<\\\/strong\\> dans les objectifs de l'entreprise \\<strong\\>et la souplesse de la soci\u00e9t\u00e9 de droit priv\u00e9\\<\\\/strong\\>\\.\\<\\\/p\\><br \/>\\<em\\>\\<a href\\='https\\:\\\/\\\/fr\\.wikipedia\\.org\\\/wiki\\\/Soci%C3%A9t%C3%A9_d%27%C3%A9conomie_mixte' target\\='_blank' rel\\='noopener'\\>Voir ici la page Wikipedia consacr\u00e9e aux SEM\\<\\\/a\\> \\<\\\/em\\><\/p>\n<p>&nbsp;\"; toolTips('.classtoolTips142',tt_store_content,'7168'); <\/script><script type=\"text\/javascript\"> var tt_store_content = \"\\<\/p>\n<p style\\='text\\-align\\: center;'\\>\\<span style\\='font\\-size\\: 14pt;'\\>\\<strong\\>I\\<\\\/strong\\>mp\u00f4t sur la \\<strong\\>F\\<\\\/strong\\>ortune \\<strong\\>I\\<\\\/strong\\>mmobili\u00e8re\\<\\\/span\\>\\<\\\/p\\>\"; toolTips('.classtoolTips148',tt_store_content,'5643'); <\/script><script type=\"text\/javascript\"> var tt_store_content = \"\\<\/p>\n<p style\\='text\\-align\\: center;'\\>\\<span style\\='font\\-size\\: 14pt;'\\>\\<strong\\>R\\<\\\/strong\\>\u00e9pertoire \\<strong\\>N\\<\\\/strong\\>ational des \\<strong\\>A\\<\\\/strong\\>ssociations\\<\\\/span\\>\\<\\\/p\\>\"; toolTips('.classtoolTips159',tt_store_content,'24374'); <\/script><script type=\"text\/javascript\"> var tt_store_content = \"\\<\/p>\n<p style\\='text\\-align\\: center;'\\>\\<strong\\>\\<span style\\='font\\-size\\: 14pt;'\\>G\\<\\\/span\\>\\<\\\/strong\\>\\<span style\\='font\\-size\\: 14pt;'\\>az \u00e0 \\<strong\\>E\\<\\\/strong\\>ffet de \\<strong\\>S\\<\\\/strong\\>erre\\<\\\/span\\>\\<\\\/p\\><br \/>\\<\/p>\n<p style\\='text\\-align\\: justify;'\\>Les gaz \u00e0 effet de serre \\(<span class='tooltipsall tooltip_post_id_7232 classtoolTips161'>GES<\/span>\\) sont des composants gazeux qui absorbent le rayonnement infrarouge \u00e9mis par la surface terrestre et contribuent \u00e0 l'effet de serre\\. L'augmentation de leur concentration dans l'atmosph\u00e8re terrestre est l'un des facteurs \u00e0 l'origine du r\u00e9chauffement climatique\\.\\<\\\/p\\><br \/>\\<a href\\='https\\:\\\/\\\/fr\\.wikipedia\\.org\\\/wiki\\\/Gaz_%C3%A0_effet_de_serre' target\\='_blank' rel\\='noopener'\\>\\<em\\>Voir ici la fiche Wikipedia sur les gaz \u00e0 effet de serre\\<\\\/em\\>\\<\\\/a\\>\"; toolTips('.classtoolTips161',tt_store_content,'7232'); <\/script><script type=\"text\/javascript\"> var tt_store_content = \"\\<\/p>\n<p style\\='text\\-align\\: justify'\\>La \u00ab\u00a0\\<b\\>programmation pluriannuelle de l'\u00e9nergie\\<\\\/b\\>\u00a0\u00bb \\(<span class='tooltipsall tooltip_post_id_7750 classtoolTips164'>PPE<\/span>\\) est, en France, un document strat\u00e9gique de pilotage de la transition \u00e9nerg\u00e9tique\\. Institu\u00e9e par l'article 176 de la \\<a title\\='Loi relative \u00e0 la transition \u00e9nerg\u00e9tique pour la croissance verte' href\\='https\\:\\\/\\\/fr\\.wikipedia\\.org\\\/wiki\\\/Loi_relative_%C3%A0_la_transition_%C3%A9nerg%C3%A9tique_pour_la_croissance_verte'\\>loi de transition \u00e9nerg\u00e9tique\\<\\\/a\\> \\(TECV\\), elle fixe une trajectoire pour le \\<a title\\='Mix \u00e9nerg\u00e9tique' href\\='https\\:\\\/\\\/fr\\.wikipedia\\.org\\\/wiki\\\/Mix_%C3%A9nerg%C3%A9tique'\\>mix \u00e9nerg\u00e9tique\\<\\\/a\\>, ainsi que \\<span class\\='citation'\\>\u00ab\u00a0les priorit\u00e9s d'action pour la gestion de l\u2019ensemble des formes d'\u00e9nergie sur le territoire m\u00e9tropolitain continental, afin d\u2019atteindre les objectifs nationaux fix\u00e9s par la loi\u00a0\u00bb\\<\\\/span\\>\\. \\(Wikip\u00e9dia\\)\\<\\\/p\\>\"; toolTips('.classtoolTips164',tt_store_content,'7750'); <\/script><script type=\"text\/javascript\"> var tt_store_content = \"\\<\/p>\n<p style\\='text\\-align\\: justify'\\>La \u00ab\u00a0\\<b\\>programmation pluriannuelle de l'\u00e9nergie\\<\\\/b\\>\u00a0\u00bb \\(PPE\\) est, en France, un document strat\u00e9gique de pilotage de la transition \u00e9nerg\u00e9tique\\. Institu\u00e9e par l'article 176 de la \\<a title\\='Loi relative \u00e0 la transition \u00e9nerg\u00e9tique pour la croissance verte' href\\='https\\:\\\/\\\/fr\\.wikipedia\\.org\\\/wiki\\\/Loi_relative_%C3%A0_la_transition_%C3%A9nerg%C3%A9tique_pour_la_croissance_verte'\\>loi de transition \u00e9nerg\u00e9tique\\<\\\/a\\> \\(TECV\\), elle fixe une trajectoire pour le \\<a title\\='Mix \u00e9nerg\u00e9tique' href\\='https\\:\\\/\\\/fr\\.wikipedia\\.org\\\/wiki\\\/Mix_%C3%A9nerg%C3%A9tique'\\>mix \u00e9nerg\u00e9tique\\<\\\/a\\>, ainsi que \\<span class\\='citation'\\>\u00ab\u00a0les priorit\u00e9s d'action pour la gestion de l\u2019ensemble des formes d'\u00e9nergie sur le territoire m\u00e9tropolitain continental, afin d\u2019atteindre les objectifs nationaux fix\u00e9s par la loi\u00a0\u00bb\\<\\\/span\\>\\. \\(Wikip\u00e9dia\\)\\<\\\/p\\>\"; toolTips('.classtoolTips164',tt_store_content,'7750'); <\/script><script type=\"text\/javascript\"> var tt_store_content = \"\\<\/p>\n<p style\\='text\\-align\\: justify;'\\>Le Conseil d'Orientation des Retraites est une instance qui r\u00e9unit &nbsp;\\<span class\\='st'\\>les principaux acteurs du champ des retraites\\<\\\/span\\> et effectue un travail d'\u00e9tudes et de concertation\\. Compos\u00e9 de parlementaires, de repr\u00e9sentants des organisations professionnelles et syndicales, des retrait\u00e9s et des familles, de membres de l'administration et d'experts, le Conseil d'orientation des retraites \\(<span class='tooltipsall tooltip_post_id_7751 classtoolTips165'>COR<\/span>\\) est plac\u00e9 aupr\u00e8s du Premier ministre\\.\\<\\\/p\\>\"; toolTips('.classtoolTips165',tt_store_content,'7751'); <\/script><script type=\"text\/javascript\"> var tt_store_content = \"\\<\/p>\n<p style\\='text\\-align\\: center;'\\>\\<span style\\='font\\-size\\: 14pt;'\\>\\<strong\\>O\\<\\\/strong\\>rganisation \\<strong\\>M\\<\\\/strong\\>\u00e9t\u00e9orologique \\<strong\\>M\\<\\\/strong\\>ondiale<br \/>\\<strong\\>W\\<\\\/strong\\>orld \\<strong\\>M\\<\\\/strong\\>eteorological \\<strong\\>O\\<\\\/strong\\>rganization\\<\\\/span\\>\\<\\\/p\\><br \/>&nbsp;<\/p>\n<p>\\<a href\\='https\\:\\\/\\\/public\\.wmo\\.int\\\/fr' target\\='_blank' rel\\='noopener'\\>\\<em\\>Acc\u00e9der ici au site de l'organisation\\<\\\/em\\>\\<\\\/a\\>\"; toolTips('.classtoolTips168',tt_store_content,'7763'); <\/script><script type=\"text\/javascript\"> var tt_store_content = \"\\<\/p>\n<p style\\='text\\-align\\: center;'\\>\\<span style\\='font\\-size\\: 14pt;'\\>\\<strong\\>\u00c9\\<\\\/strong\\>cole \\<strong\\>N\\<\\\/strong\\>ationale d'\\<strong\\>A\\<\\\/strong\\>dministration\\<\\\/span\\>\\<\\\/p\\>\"; toolTips('.classtoolTips170',tt_store_content,'5213'); <\/script><script type=\"text\/javascript\"> var tt_store_content = \"\\<\/p>\n<p style\\='text\\-align\\: justify'\\>\\<span class\\='ILfuVd'\\>La politique agricole commune \\(\\<b\\><span class='tooltipsall tooltip_post_id_11364 classtoolTips174'>PAC<\/span>\\<\\\/b\\>\\) est une politique mise en place \u00e0 l'\u00e9chelle de l'Union europ\u00e9enne\\. \u00c0 l'origine, elle est fond\u00e9e principalement sur des mesures de contr\u00f4le des prix et de subventionnement, visant \u00e0 moderniser et d\u00e9velopper l'agriculture\\.\\<\\\/span\\> \\(source Wikipedia\\)\\<\\\/p\\>\"; toolTips('.classtoolTips174',tt_store_content,'11364'); <\/script><script type=\"text\/javascript\"> var tt_store_content = \"\\<\/p>\n<p style\\='text\\-align\\: center;'\\>\\<span style\\='font\\-size\\: 14pt;'\\>\\<strong\\>P\\<\\\/strong\\>\\<\\\/span\\>\\<span style\\='font\\-size\\: 14pt;'\\>lan \\<strong\\>L\\<\\\/strong\\>\\<\\\/span\\>\\<span style\\='font\\-size\\: 14pt;'\\>ocal d'\\<strong\\>U\\<\\\/strong\\>\\<\\\/span\\>\\<span style\\='font\\-size\\: 14pt;'\\>rbanisme\\<\\\/span\\>\\<\\\/p\\><br \/>&nbsp;\"; toolTips('.classtoolTips176',tt_store_content,'4979'); <\/script><script type=\"text\/javascript\"> var tt_store_content = \"\\<p\\>Conseil \u00c9conomique et Social\\<\\\/p\\>\"; toolTips('.classtoolTips180',tt_store_content,'29829'); <\/script><script type=\"text\/javascript\"> var tt_store_content = \"\\<\/p>\n<p style\\='text\\-align\\: center;'\\>\\<strong\\>Conseil National de la R\u00e9sistance\\<\\\/strong\\>\\<\\\/p\\><br \/>\\<\/p>\n<p style\\='text\\-align\\: center;'\\>\\<a href\\='https\\:\\\/\\\/fr\\.wikipedia\\.org\\\/wiki\\\/Conseil_national_de_la_R%C3%A9sistance' target\\='_blank' rel\\='noopener'\\>\\(voir ici la fiche Wikip\u00e9dia du <span class='tooltipsall tooltip_post_id_3761 classtoolTips187'>CNR<\/span>\\)\\<\\\/a\\>\\<\\\/p\\>\"; toolTips('.classtoolTips187',tt_store_content,'3761'); <\/script><script type=\"text\/javascript\"> var tt_store_content = \"\\<\/p>\n<p style\\='text\\-align\\: center;'\\>\\<span style\\='font\\-size\\: 14pt;'\\>\\<strong\\>A\\<\\\/strong\\>gence \\<strong\\>R\\<\\\/strong\\>\u00e9gionale de \\<strong\\>S\\<\\\/strong\\>ant\u00e9\\<\\\/span\\>\\<\\\/p\\>\"; toolTips('.classtoolTips188',tt_store_content,'18356'); <\/script><script type=\"text\/javascript\"> var tt_store_content = \"\\<\/p>\n<p style\\='text\\-align\\: center;'\\>\\<span style\\='font\\-size\\: 14pt;'\\>\\<strong\\>G\\<\\\/strong\\>roupement \\<strong\\>H\\<\\\/strong\\>ospitalier de \\<strong\\>T\\<\\\/strong\\>erritoire\\<\\\/span\\>\\<\\\/p\\><br \/>\\<\/p>\n<p style\\='text\\-align\\: justify;'\\>Les groupements hospitaliers de territoires, dispositif pr\u00e9vu par la loi de sant\u00e9 2016, sont un nouveau mode de coop\u00e9ration entre les \u00e9tablissements publics de sant\u00e9 \u00e0 l\u2019\u00e9chelle d\u2019un territoire\\<\\\/p\\>\"; toolTips('.classtoolTips189',tt_store_content,'18358'); <\/script><script type=\"text\/javascript\"> var tt_store_content = \"\\<\/p>\n<p style\\='text\\-align\\: center;'\\>\\<span style\\='font\\-size\\: 14pt;'\\>\\<strong\\>C\\<\\\/strong\\>omit\u00e9 \\<strong\\>T\\<\\\/strong\\>echnique d'\\<strong\\>\u00c9\\<\\\/strong\\>tablissement\\<\\\/span\\>\\<\\\/p\\>\"; toolTips('.classtoolTips191',tt_store_content,'18359'); <\/script><script type=\"text\/javascript\"> var tt_store_content = \"\\<\/p>\n<p style\\='text\\-align\\: center;'\\>\\<strong\\>\\<span style\\='font\\-size\\: 14pt;'\\>P\\<\\\/span\\>\\<\\\/strong\\>\\<span style\\='font\\-size\\: 14pt;'\\>rogrammation \\<strong\\>P\\<\\\/strong\\>luri\\-annuelle de l'\\<strong\\>\u00c9\\<\\\/strong\\>nergie\\<\\\/span\\>\\<\\\/p\\><br \/>La PPE est est en France un document strat\u00e9gique de pilotage de la transition \u00e9nerg\u00e9tique\\. Institu\u00e9e par l'article 176 de la loi transition \u00e9nerg\u00e9tique \\(TECV\\)\\. Elle fixe \\(par \u00e9nergie\\) une trajectoire pour le mix \u00e9nerg\u00e9tique, ainsi que \u00ab&nbsp;\\<em\\>les priorit\u00e9s d'action pour la gestion de l\u2019ensemble des formes d'\u00e9nergie sur le territoire m\u00e9tropolitain continental, afin d\u2019atteindre les objectifs nationaux fix\u00e9s par la loi\\<\\\/em\\>&nbsp;\u00bb\\.<\/p>\n<p>Initi\u00e9e en 2016, elle est r\u00e9vis\u00e9e en 2018 puis ensuite tous les 5 ans\\.<\/p>\n<p>\\<a href\\='https\\:\\\/\\\/fr\\.wikipedia\\.org\\\/wiki\\\/Programmation_pluriannuelle_de_l'\u00e9nergi' target\\='_blank' rel\\='noopener'\\>\\<em\\>Voir ici la page Wikipedia consacr\u00e9e \u00e0 la PPE\\<\\\/em\\>\\<\\\/a\\><br \/>\\<a href\\='https\\:\\\/\\\/ppe\\.debatpublic\\.fr\\\/' target\\='_blank' rel\\='noopener'\\>\\<em\\>Voir ici la page du site 'Commission du D\u00e9bat Public' consacr\u00e9e \u00e0 la PPE\\<\\\/em\\>\\<\\\/a\\>\"; toolTips('.classtoolTips193',tt_store_content,'7102'); <\/script><script type=\"text\/javascript\"> var tt_store_content = \"\\<\/p>\n<p style\\='text\\-align\\: center;'\\>\\<span style\\='font\\-size\\: 14pt;'\\>\\<strong\\>E\\<\\\/strong\\>volutionary \\<strong\\>P\\<\\\/strong\\>ower \\<strong\\>R\\<\\\/strong\\>eactor\\<\\\/span\\>\\<\\\/p\\><br \/>\\<\/p>\n<p style\\='text\\-align\\: justify;'\\>R\u00e9acteur nucl\u00e9aire de troisi\u00e8me g\u00e9n\u00e9ration \\(classification internationale\\), con\u00e7u et d\u00e9velopp\u00e9 par <span class='tooltipsall tooltip_post_id_5121 classtoolTips35'>Areva NP<\/span>&nbsp; au cours des ann\u00e9es 1990 et 2000\\. Il fait partie de la fili\u00e8re des r\u00e9acteurs \u00e0 eau pressuris\u00e9e\\.\\<\\\/p\\><br \/>\\<a href\\='https\\:\\\/\\\/fr\\.wikipedia\\.org\\\/wiki\\\/R%C3%A9acteur_pressuris%C3%A9_europ%C3%A9en' target\\='_blank' rel\\='noopener'\\>\\<em\\>Voir ici la fiche Wikipedia <span class='tooltipsall tooltip_post_id_5579 classtoolTips196'>EPR<\/span>\\<\\\/em\\>\\<\\\/a\\>\"; toolTips('.classtoolTips196',tt_store_content,'5579'); <\/script><script type=\"text\/javascript\"> var tt_store_content = \"\\<p\\><span class='tooltipsall tooltip_post_id_21204 classtoolTips199'>COV<\/span> \\= Compos\u00e9 Organique Volatile\\<\\\/p\\>\"; toolTips('.classtoolTips199',tt_store_content,'21204'); <\/script><script type=\"text\/javascript\"> var tt_store_content = \"\\<p\\><span class='tooltipsall tooltip_post_id_25844 classtoolTips208'>RTE<\/span> \\= R\u00e9seau de Transport d'Electricit\u00e9 est une filiale d'<span class='tooltipsall tooltip_post_id_7035 classtoolTips178'>EDF<\/span> qui est l'actionnaire majoritaire avec 50,1% des parts le reste \u00e9tant partag\u00e9 par la CDC et la CNP\\<\\\/p\\>\"; toolTips('.classtoolTips208',tt_store_content,'25844'); <\/script><script type=\"text\/javascript\"> var tt_store_content = \"\\<\/p>\n<p style\\='text\\-align\\: center;'\\>\\<span style\\='font\\-size\\: 14pt;'\\>\\<strong\\>O\\<\\\/strong\\>rganisation\\<strong\\> N\\<\\\/strong\\>on\\<strong\\> G\\<\\\/strong\\>ouvernementale\\<\\\/span\\>\\<\\\/p\\><br \/>Une organisation non gouvernementale \\(<span class='tooltipsall tooltip_post_id_3579 classtoolTips210'>ONG<\/span>\\) est une \\<a title\\='Association \u00e0 but non lucratif' href\\='https\\:\\\/\\\/fr\\.wikipedia\\.org\\\/wiki\\\/Association_%C3%A0_but_non_lucratif' target\\='_blank' rel\\='noopener'\\>association \u00e0 but non lucratif\\<\\\/a\\>, d'int\u00e9r\u00eat public, qui ne rel\u00e8ve ni de l'\u00c9tat, ni d'institutions internationales\\<sup id\\='cite_ref\\-novethic_1\\-0' class\\='reference'\\>\\<\\\/sup\\>\\. Les ONG n'ont pas le statut de sujet de \\<a title\\='Droit international public' href\\='https\\:\\\/\\\/fr\\.wikipedia\\.org\\\/wiki\\\/Droit_international_public' target\\='_blank' rel\\='noopener'\\>droit international\\<\\\/a\\>\\.\"; toolTips('.classtoolTips210',tt_store_content,'3579'); <\/script><script type=\"text\/javascript\"> var tt_store_content = \"\\<\/p>\n<p style\\='text\\-align\\: center;'\\>\\<span style\\='font\\-size\\: 14pt;'\\>\\<strong\\>O\\<\\\/strong\\>rganisation\\<strong\\> N\\<\\\/strong\\>on\\<strong\\> G\\<\\\/strong\\>ouvernementale\\<\\\/span\\>\\<\\\/p\\><br \/>Une organisation non gouvernementale \\(ONG\\) est une \\<a title\\='Association \u00e0 but non lucratif' href\\='https\\:\\\/\\\/fr\\.wikipedia\\.org\\\/wiki\\\/Association_%C3%A0_but_non_lucratif' target\\='_blank' rel\\='noopener'\\>association \u00e0 but non lucratif\\<\\\/a\\>, d'int\u00e9r\u00eat public, qui ne rel\u00e8ve ni de l'\u00c9tat, ni d'institutions internationales\\<sup id\\='cite_ref\\-novethic_1\\-0' class\\='reference'\\>\\<\\\/sup\\>\\. Les ONG n'ont pas le statut de sujet de \\<a title\\='Droit international public' href\\='https\\:\\\/\\\/fr\\.wikipedia\\.org\\\/wiki\\\/Droit_international_public' target\\='_blank' rel\\='noopener'\\>droit international\\<\\\/a\\>\\.\"; toolTips('.classtoolTips210',tt_store_content,'3579'); <\/script><script type=\"text\/javascript\"> var tt_store_content = \"\\<p\\><span class='tooltipsall tooltip_post_id_24572 classtoolTips211'>MIT<\/span> \\= Massachussets Institute of Technology, prestigieuse universit\u00e9 am\u00e9ricaine de la c\u00f4te est\\<\\\/p\\>\"; toolTips('.classtoolTips211',tt_store_content,'24572'); <\/script><script type=\"text\/javascript\"> var tt_store_content = \"\\<\/p>\n<p style\\='text\\-align\\: center;'\\>\\<strong\\>J\\<\\\/strong\\>eux \\<strong\\>O\\<\\\/strong\\>lympiques<br \/>ou<br \/>\\<strong\\>J\\<\\\/strong\\>ournal \\<strong\\>O\\<\\\/strong\\>fficiel de la R\u00e9publique Fran\u00e7aise\\<\\\/p\\>\"; toolTips('.classtoolTips213',tt_store_content,'4451'); <\/script><script type=\"text\/javascript\"> var tt_store_content = \"\\<p\\><span class='tooltipsall tooltip_post_id_30593 classtoolTips214'>RN<\/span> \\= Rassemble National, c'est le parti d'extr\u00eame droite de Marine Le Pen qui succ\u00e8de au FN \\= Front National fond\u00e9 par son p\u00e8re Jean Marie Le Pen\\<\\\/p\\>\"; toolTips('.classtoolTips214',tt_store_content,'30593'); <\/script><script type=\"text\/javascript\"> var tt_store_content = \"\\<\/p>\n<p style\\='text\\-align\\: center;'\\>\\<span style\\='font\\-size\\: 14pt;'\\>\\<strong\\>C\\<\\\/strong\\>entre \\<strong\\>H\\<\\\/strong\\>ospitalier\\<\\\/span\\>\\<\\\/p\\>\"; toolTips('.classtoolTips220',tt_store_content,'18357'); <\/script><script type=\"text\/javascript\"> var tt_store_content = \"\\<p\\>D\u00e9chets radioactifs \u00e0 Haute Activit\u00e9 \\(classement <span class='tooltipsall tooltip_post_id_3612 classtoolTips79'>ANDRA<\/span>\\)\\<\\\/p\\>\"; toolTips('.classtoolTips223',tt_store_content,'19196'); <\/script><\/p>\n","protected":false},"author":23,"featured_media":0,"comment_status":"open","ping_status":"open","sticky":false,"template":"","format":"standard","meta":{"_acf_changed":false,"ngg_post_thumbnail":0,"_jetpack_memberships_contains_paid_content":false,"footnotes":""},"categories":[170,5,27],"tags":[],"coauthors":[96],"class_list":["post-21364","post","type-post","status-publish","format-standard","hentry","category-rub_pol_citoyennete","category-rub_pol","category-rub","edition-edi_00064","type_art-type_art_onclejef","no-thumb"],"acf":[],"jetpack_featured_media_url":"","jetpack_sharing_enabled":true,"jetpack_shortlink":"https:\/\/wp.me\/p9B5TM-5yA","_links":{"self":[{"href":"https:\/\/le-clairon-nouveau.fr\/wordpress\/wp-json\/wp\/v2\/posts\/21364","targetHints":{"allow":["GET"]}}],"collection":[{"href":"https:\/\/le-clairon-nouveau.fr\/wordpress\/wp-json\/wp\/v2\/posts"}],"about":[{"href":"https:\/\/le-clairon-nouveau.fr\/wordpress\/wp-json\/wp\/v2\/types\/post"}],"author":[{"embeddable":true,"href":"https:\/\/le-clairon-nouveau.fr\/wordpress\/wp-json\/wp\/v2\/users\/23"}],"replies":[{"embeddable":true,"href":"https:\/\/le-clairon-nouveau.fr\/wordpress\/wp-json\/wp\/v2\/comments?post=21364"}],"version-history":[{"count":0,"href":"https:\/\/le-clairon-nouveau.fr\/wordpress\/wp-json\/wp\/v2\/posts\/21364\/revisions"}],"wp:attachment":[{"href":"https:\/\/le-clairon-nouveau.fr\/wordpress\/wp-json\/wp\/v2\/media?parent=21364"}],"wp:term":[{"taxonomy":"category","embeddable":true,"href":"https:\/\/le-clairon-nouveau.fr\/wordpress\/wp-json\/wp\/v2\/categories?post=21364"},{"taxonomy":"post_tag","embeddable":true,"href":"https:\/\/le-clairon-nouveau.fr\/wordpress\/wp-json\/wp\/v2\/tags?post=21364"},{"taxonomy":"author","embeddable":true,"href":"https:\/\/le-clairon-nouveau.fr\/wordpress\/wp-json\/wp\/v2\/coauthors?post=21364"}],"curies":[{"name":"wp","href":"https:\/\/api.w.org\/{rel}","templated":true}]}}