{"id":21720,"date":"2020-05-23T12:30:14","date_gmt":"2020-05-23T10:30:14","guid":{"rendered":"https:\/\/le-clairon-nouveau.fr\/wordpress\/?p=21720"},"modified":"2020-05-23T01:43:25","modified_gmt":"2020-05-22T23:43:25","slug":"de-la-faillite-des-experts-officiels","status":"publish","type":"post","link":"https:\/\/le-clairon-nouveau.fr\/wordpress\/blog\/2020\/05\/23\/de-la-faillite-des-experts-officiels\/","title":{"rendered":"De la faillite des experts officiels"},"content":{"rendered":"<p><img data-recalc-dims=\"1\" loading=\"lazy\" decoding=\"async\" class=\" wp-image-21721 aligncenter\" src=\"https:\/\/i0.wp.com\/le-clairon-nouveau.fr\/wordpress\/wp-content\/uploads\/2020\/05\/Logo-Rubresus.jpg?resize=390%2C65&#038;ssl=1\" alt=\"\" width=\"390\" height=\"65\" srcset=\"https:\/\/i0.wp.com\/le-clairon-nouveau.fr\/wordpress\/wp-content\/uploads\/2020\/05\/Logo-Rubresus.jpg?resize=300%2C50&amp;ssl=1 300w, https:\/\/i0.wp.com\/le-clairon-nouveau.fr\/wordpress\/wp-content\/uploads\/2020\/05\/Logo-Rubresus.jpg?resize=768%2C127&amp;ssl=1 768w, https:\/\/i0.wp.com\/le-clairon-nouveau.fr\/wordpress\/wp-content\/uploads\/2020\/05\/Logo-Rubresus.jpg?w=921&amp;ssl=1 921w\" sizes=\"auto, (max-width: 390px) 100vw, 390px\" \/><\/p>\n<p>&nbsp;<\/p>\n<p style=\"text-align: justify;\"><em><strong>La r\u00e9daction du \u00ab\u00a0Clairon\u00a0\u00bb relaye cet \u00e9ditorial d&rsquo;Andr\u00e9 Bories, de l&rsquo;association <span class='tooltipsall tooltip_post_id_7255 classtoolTips44'>RUBRESUS<\/span>, inspir\u00e9 par la crise actuelle du Covid-19<\/strong><\/em><\/p>\n<p style=\"text-align: justify;\">L\u2019expertise d\u2019une grande partie des sp\u00e9cialistes commandit\u00e9s par les autorit\u00e9s, avec la crise sanitaire Covid-19, est tr\u00e8s \u00e9quivoque. D\u2019\u00e9minents professeurs en m\u00e9decine, consult\u00e9s par nos dirigeants, ont \u00e9t\u00e9 amen\u00e9s \u00e0 faire des d\u00e9clarations scientifiquement insens\u00e9es : inutilit\u00e9 des masques pour la population ou des tests de d\u00e9pistage, \u2026, afin de masquer les criantes p\u00e9nuries en <span class='tooltipsall tooltip_post_id_29829 classtoolTips180'>ces<\/span> dispositifs. Des liens d\u2019int\u00e9r\u00eats entre des experts et l\u2019industrie pharmaceutique transpirent \u00e9galement.<\/p>\n<p style=\"text-align: justify;\">Mais cette consternante r\u00e9alit\u00e9 n\u2019a rien de nouveau. Par le pass\u00e9, diff\u00e9rentes affaires ont montr\u00e9 les faiblesses des experts officiels : le d\u00e9pistage et les proc\u00e9dures de traitement du sang contamin\u00e9 trop tardifs (Docteur M. Garretta, 1985), le nuage radioactif de Tchernobyl \u00ab stopp\u00e9 \u00e0 la fronti\u00e8re \u00bb (Professeur A.J.-C. Pellerin, 1986), la n\u00e9gligence estivale des autorit\u00e9s lors de la canicule 2003 (professeur J-F. Mattei), les tergiversations avec le M\u00e9diator, et- cetera.<\/p>\n<p style=\"text-align: justify;\">Plus proches de nous, dans l\u2019Aude, les expertises officielles sur les cons\u00e9quences sanitaires des d\u00e9chets de la mine d\u2019or de Salsigne, dans la vall\u00e9e de l\u2019Orbiel, n\u2019ont pas su voir la r\u00e9alit\u00e9 des probl\u00e8mes durant des d\u00e9cennies !<\/p>\n<p style=\"text-align: justify;\">Dans ce contexte, la question des expertises commandit\u00e9es unilat\u00e9ralement par le pr\u00e9fet \u00e0 propos du projet <span class='tooltipsall tooltip_post_id_5129 classtoolTips77'>Orano<\/span> de traitement de d\u00e9chets radioactifs nitrat\u00e9s <span class='tooltipsall tooltip_post_id_3610 classtoolTips37'>TDN<\/span> ressurgit.<\/p>\n<ul>\n<li style=\"text-align: justify;\">d\u2019une part, l\u2019\u00e9valuation du proc\u00e9d\u00e9 TDN a \u00e9t\u00e9 confi\u00e9e \u00e0 un professeur de chimie retrait\u00e9, qui a notamment travaill\u00e9 avec le Commissariat \u00e0 l\u2019Energie Atomique : contrats, conseil, pr\u00e9sident du comit\u00e9 de suivi de recherche <span class='tooltipsall tooltip_post_id_19888 classtoolTips186'>CEA<\/span>-<span class='tooltipsall tooltip_post_id_5636 classtoolTips101'>CNRS<\/span> et qui aurait c\u00f4toy\u00e9 Areva\/Orano au sein de la Soci\u00e9t\u00e9 Fran\u00e7aise de Chimie. Les liens pass\u00e9s pouvaient-ils interf\u00e9rer avec l\u2019ind\u00e9pendance souhaitable ?<br \/>\nLe rapport d\u2019expertise a reproduit les \u00e9l\u00e9ments de communication d\u2019Orano et du promoteur du proc\u00e9d\u00e9 <span class='tooltipsall tooltip_post_id_3610 classtoolTips37'>THOR<\/span>. Des erreurs flagrantes y sont relev\u00e9es. Par exemple, l\u2019expert \u00e9crit : \u00ab <em>au cours des deux essais, 62 tonnes d\u2019effluents ont \u00e9t\u00e9 trait\u00e9s<\/em> \u00bb. Or les deux essais pilotes ont \u00e9t\u00e9 faits avec une solution nitrat\u00e9e mod\u00e8le, sans le moindre radio\u00e9l\u00e9ment tel le techn\u00e9tium et non avec un effluent r\u00e9el. L\u2019expert persiste dans l\u2019erreur : \u00ab <em>aucune trace de techn\u00e9tium ni de rh\u00e9nium ne sont retrouv\u00e9es dans les gaz issus de la chemin\u00e9e<\/em> \u00bb. \u00c9videmment qu\u2019aucune trace de techn\u00e9tium n\u2019a \u00e9t\u00e9 retrouv\u00e9e, puisque la solution nitrat\u00e9e utilis\u00e9e n\u2019en contenait pas.<br \/>\nDans le m\u00eame sens, et afin d\u2019attester la fiabilit\u00e9 du proc\u00e9d\u00e9 THOR \/ TDN, l\u2019expert cite les installations d\u2019 Erwin et d\u2019Idaho Falls, aux \u00c9tats-Unis. Or, la seconde ne fonctionne toujours pas apr\u00e8s 8 ann\u00e9es et quelques centaines de millions de dollars des d\u00e9penses suppl\u00e9mentaires. Et l\u2019expert d\u2019\u00e9crire : \u00ab <em>En conclusion, je pense que le proc\u00e9d\u00e9 THOR est un proc\u00e9d\u00e9 robuste et fiable<\/em> \u00bb.<\/li>\n<li style=\"text-align: justify;\">d&rsquo;autre part, le second expert nominativement choisi par le pr\u00e9fet pour examiner les impacts sanitaires, appartient \u00e0 l\u2019Institut de Radioprotection et de S\u00fbret\u00e9 Nucl\u00e9aire (<span class='tooltipsall tooltip_post_id_3613 classtoolTips105'>IRSN<\/span>), organisme sous la tutelle de plusieurs minist\u00e8res, dont ceux charg\u00e9s de la D\u00e9fense ou encore de l\u2019\u00c9nergie. Le rapport d\u2019expertise n\u2019a pas \u00e9t\u00e9 sign\u00e9 personnellement par l\u2019expert, mais par sa Direction. Totale ind\u00e9pendance&nbsp;?<\/li>\n<\/ul>\n<p style=\"text-align: justify;\">Errements, contradictions, liens d\u2019int\u00e9r\u00eats, les expertises officielles du projet TDN ressemblent parfois aux histoires des masques et tests Covid-19 ! \u00c0 contre-temps, le d\u00e9put\u00e9 A. P\u00e9r\u00e9a (LREM) exhortait encore fin 2019 \u00e0 ce que \u00ab <em>la parole de l\u2019expert reprenne toute sa place<\/em> \u00bb (cf.: l\u2019Energeek).<\/p>\n<p style=\"text-align: justify;\">La d\u00e9faillance des experts peut se r\u00e9percuter dans de nombreux domaines, jusque sur des d\u00e9cisions de justice. Le Tribunal Administratif de Montpellier a rejet\u00e9 le recours en annulation de l\u2019arr\u00eat\u00e9 pr\u00e9fectoral TDN, notamment sur la foi de l\u2019expertise officielle controvers\u00e9e du proc\u00e9d\u00e9. Aucune contre-expertise officielle n\u2019a \u00e9t\u00e9 men\u00e9e.<\/p>\n<p style=\"text-align: justify;\">Avec leurs erreurs, approximations, des expertises tronqu\u00e9es deviennent, via les autorit\u00e9s qui les utilisent et les imposent, des paroles officielles propageant fausses v\u00e9rit\u00e9s ou \u00ab\u00a0fake news\u00a0\u00bb.<\/p>\n<p style=\"text-align: justify;\">Le \u00ab monde d\u2019avant \u00bb des experts officiels sera-t-il emport\u00e9 par la crise actuelle, au profit d\u2019une la soci\u00e9t\u00e9 plus juste, plus d\u00e9mocratique ou bien le \u00ab monde d\u2019apr\u00e8s \u00bb perp\u00e9tuera-t-il ce syst\u00e8me inique ?<\/p>\n<p style=\"text-align: right;\"><em>Andr\u00e9 Bories<\/em><\/p>\n<p>&nbsp;<\/p>\n<p>&nbsp;<\/p>\n<script type=\"text\/javascript\"> var tt_store_content = \"\\<p style\\='text\\-align\\: center;'\\>\\<span style\\='font\\-size\\: 14pt;'\\>\\<strong\\>T\\<\\\/strong\\>raitement\\<strong\\> D\\<\\\/strong\\>es\\<strong\\> N\\<\\\/strong\\>itrates\\<strong\\> \\(TDN\\)<br\/>TH\\<\\\/strong\\>ermal\\<strong\\> O\\<\\\/strong\\>rganic\\<strong\\> R\\<\\\/strong\\>eduction\\<strong\\> \\(THOR\\)\\<\\\/strong\\>\\<\\\/span\\>\\<\\\/p\\><br\/>\\<p style\\='text\\-align\\: justify;'\\>Proc\u00e9d\u00e9 envisag\u00e9 par la soci\u00e9t\u00e9 AREVA pour retraiter les d\u00e9chets nitrat\u00e9s et radio\\-actifs issus de son activit\u00e9 d'enrichissement de l'uranium, phase I de la pr\u00e9paration du combustible des centrales nucl\u00e9aires\\.\\<\\\/p\\><br\/>\\<p style\\='text\\-align\\: justify;'\\>Cette activit\u00e9 est mise en \u0153uvre dans l'usine de Malv\u00e9si \u00e0 quelques kilom\u00e8tres de Narbonne\\.\\<\\\/p\\><br\/>\\<p style\\='text\\-align\\: justify;'\\>Ce proc\u00e9d\u00e9, potentiellement tr\u00e8s toxique pour la sant\u00e9 et l'environnement, est au centre d'une vive opposition de la part des riverains et \u00e0 laquelle le Clairon s'associe \\(\\<a href\\='https\\:\\\/\\\/le\\-clairon\\-nouveau\\.fr\\\/wordpress\\\/dossiers\\\/dossier\\-malvesi\\-areva\\\/' target\\='_blank' rel\\='noopener'\\>voir notre dossier\\<\\\/a\\> sur le sujet\\)\\.\\<\\\/p\\>\"; toolTips('.classtoolTips37',tt_store_content,'3610'); <\/script><script type=\"text\/javascript\"> var tt_store_content = \"\\<p style\\='text\\-align\\: center;'\\>\\<span style\\='font\\-size\\: 14pt;'\\>\\<strong\\>T\\<\\\/strong\\>raitement\\<strong\\> D\\<\\\/strong\\>es\\<strong\\> N\\<\\\/strong\\>itrates\\<strong\\> \\(TDN\\)<br\/>TH\\<\\\/strong\\>ermal\\<strong\\> O\\<\\\/strong\\>rganic\\<strong\\> R\\<\\\/strong\\>eduction\\<strong\\> \\(THOR\\)\\<\\\/strong\\>\\<\\\/span\\>\\<\\\/p\\><br\/>\\<p style\\='text\\-align\\: justify;'\\>Proc\u00e9d\u00e9 envisag\u00e9 par la soci\u00e9t\u00e9 AREVA pour retraiter les d\u00e9chets nitrat\u00e9s et radio\\-actifs issus de son activit\u00e9 d'enrichissement de l'uranium, phase I de la pr\u00e9paration du combustible des centrales nucl\u00e9aires\\.\\<\\\/p\\><br\/>\\<p style\\='text\\-align\\: justify;'\\>Cette activit\u00e9 est mise en \u0153uvre dans l'usine de Malv\u00e9si \u00e0 quelques kilom\u00e8tres de Narbonne\\.\\<\\\/p\\><br\/>\\<p style\\='text\\-align\\: justify;'\\>Ce proc\u00e9d\u00e9, potentiellement tr\u00e8s toxique pour la sant\u00e9 et l'environnement, est au centre d'une vive opposition de la part des riverains et \u00e0 laquelle le Clairon s'associe \\(\\<a href\\='https\\:\\\/\\\/le\\-clairon\\-nouveau\\.fr\\\/wordpress\\\/dossiers\\\/dossier\\-malvesi\\-areva\\\/' target\\='_blank' rel\\='noopener'\\>voir notre dossier\\<\\\/a\\> sur le sujet\\)\\.\\<\\\/p\\>\"; toolTips('.classtoolTips37',tt_store_content,'3610'); <\/script><script type=\"text\/javascript\"> var tt_store_content = \"\\<p\\>Association de protection et sauvegarde de l\u2019environnement des Basses Plaines de l\u2019Aude\\<\\\/p\\>\"; toolTips('.classtoolTips44',tt_store_content,'7255'); <\/script><script type=\"text\/javascript\"> var tt_store_content = \"\\<p\\>Association de protection et sauvegarde de l\u2019environnement des Basses Plaines de l\u2019Aude\\<\\\/p\\>\"; toolTips('.classtoolTips44',tt_store_content,'7255'); <\/script><script type=\"text\/javascript\"> var tt_store_content = \"Nouveau nom que s'est donn\u00e9, en 2018, l'entreprise AREVA\"; toolTips('.classtoolTips77',tt_store_content,'5129'); <\/script><script type=\"text\/javascript\"> var tt_store_content = \"\\<p style\\='text\\-align\\: center;'\\>\\<span style\\='font\\-size\\: 14pt;'\\>\\<strong\\>C\\<\\\/strong\\>entre \\<strong\\>N\\<\\\/strong\\>ational de la \\<strong\\>R\\<\\\/strong\\>echerche \\<strong\\>S\\<\\\/strong\\>cientifique\\<\\\/span\\>\\<\\\/p\\><br\/>&nbsp;<br\/><br\/>\\<a href\\='https\\:\\\/\\\/fr\\.wikipedia\\.org\\\/wiki\\\/Centre_national_de_la_recherche_scientifique' target\\='_blank' rel\\='noopener'\\>Acc\u00e9der ici \u00e0 la fiche Wikipedia du CNRS\\<\\\/a\\><br\/>\\<a href\\='http\\:\\\/\\\/www\\.cnrs\\.fr\\\/' target\\='_blank' rel\\='noopener'\\>Acc\u00e9der ici au site du CNRS\\<\\\/a\\>\"; toolTips('.classtoolTips101',tt_store_content,'5636'); <\/script><script type=\"text\/javascript\"> var tt_store_content = \"\\<p style\\='text\\-align\\: center;'\\>\\<span style\\='font\\-size\\: 14pt;'\\>\\<strong\\>I\\<\\\/strong\\>nstitut \\<strong\\>N\\<\\\/strong\\>ational de \\<strong\\>R\\<\\\/strong\\>adioprotection\\<\\\/span\\><br\/>\\<span style\\='font\\-size\\: 14pt;'\\> et de \\<strong\\>S\\<\\\/strong\\>\u00fbret\u00e9 \\<strong\\>N\\<\\\/strong\\>ucl\u00e9aire\\<\\\/span\\>\\<\\\/p\\>\"; toolTips('.classtoolTips105',tt_store_content,'3613'); <\/script><script type=\"text\/javascript\"> var tt_store_content = \"\\<p style\\='text\\-align\\: center;'\\>\\<strong\\>\\<span style\\='font\\-size\\: 14pt;'\\>S\\<\\\/span\\>\\<\\\/strong\\>\\<span style\\='font\\-size\\: 14pt;'\\>oci\u00e9t\u00e9 d'\\<strong\\>\u00c9\\<\\\/strong\\>conomie \\<strong\\>M\\<\\\/strong\\>ixte\\<\\\/span\\>\\<\\\/p\\><br\/>\\<p style\\='text\\-align\\: justify;'\\>En France, une soci\u00e9t\u00e9 d'\u00e9conomie mixte est une soci\u00e9t\u00e9 anonyme dont le capital est majoritairement d\u00e9tenu par une ou plusieurs personnes publiques \\(\u00e0 savoir l'\u00c9tat, une Collectivit\u00e9 territoriale, ou tout autre \u00c9tablissement public\\)\\. Cette participation majoritaire publique est plafonn\u00e9e \u00e0 85&nbsp;% du capital depuis la Loi du 2 janvier 2002\\. Au moins une personne priv\u00e9e doit participer au capital de la <span class='tooltipsall tooltip_post_id_7168 classtoolTips142'>SEM<\/span>, sachant qu'il peut s'agir d'une autre SEM\\.\\<\\\/p\\><br\/>\\<p style\\='text\\-align\\: justify;'\\>\\<strong\\>Le recours \u00e0 la SEM garantit\\<\\\/strong\\> \u00e0 la collectivit\u00e9 publique actionnaire et cocontractante \\<strong\\>la prise en compte effective de l'int\u00e9r\u00eat g\u00e9n\u00e9ral\\<\\\/strong\\> dans les objectifs de l'entreprise \\<strong\\>et la souplesse de la soci\u00e9t\u00e9 de droit priv\u00e9\\<\\\/strong\\>\\.\\<\\\/p\\><br\/>\\<em\\>\\<a href\\='https\\:\\\/\\\/fr\\.wikipedia\\.org\\\/wiki\\\/Soci%C3%A9t%C3%A9_d%27%C3%A9conomie_mixte' target\\='_blank' rel\\='noopener'\\>Voir ici la page Wikipedia consacr\u00e9e aux SEM\\<\\\/a\\> \\<\\\/em\\><br\/><br\/>&nbsp;\"; toolTips('.classtoolTips142',tt_store_content,'7168'); <\/script><script type=\"text\/javascript\"> var tt_store_content = \"\\<p style\\='text\\-align\\: center;'\\>\\<span style\\='font\\-size\\: 14pt;'\\>\\<strong\\>I\\<\\\/strong\\>mp\u00f4t sur la \\<strong\\>F\\<\\\/strong\\>ortune \\<strong\\>I\\<\\\/strong\\>mmobili\u00e8re\\<\\\/span\\>\\<\\\/p\\>\"; toolTips('.classtoolTips148',tt_store_content,'5643'); <\/script><script type=\"text\/javascript\"> var tt_store_content = \"\\<p style\\='text\\-align\\: center;'\\>\\<span style\\='font\\-size\\: 14pt;'\\>\\<strong\\>R\\<\\\/strong\\>evenu de \\<strong\\>S\\<\\\/strong\\>olidarit\u00e9 \\<strong\\>A\\<\\\/strong\\>ctive\\<\\\/span\\>\\<\\\/p\\><br\/>\\<p style\\='text\\-align\\: justify;'\\>Le revenu de solidarit\u00e9 active est une prestation sociale fran\u00e7aise, g\u00e9r\u00e9e par les conseils d\u00e9partementaux, vers\u00e9e par les <span class='tooltipsall tooltip_post_id_5652 classtoolTips155'>CAF<\/span> et les MSA et destin\u00e9e \u00e0 garantir \u00e0 ses b\u00e9n\u00e9ficiaires, qu'ils aient ou non la capacit\u00e9 de travailler, un revenu minimum, avec en contrepartie une obligation de chercher un emploi ou de d\u00e9finir et suivre un projet professionnel visant \u00e0 am\u00e9liorer sa situation financi\u00e8re\\.\\<\\\/p\\><br\/>\\<p style\\='text\\-align\\: justify;'\\>Cette prestation sociale a \u00e9t\u00e9 mise en place en 2009, en remplacement du RMI \\(revenu minimum d'insertion\\), mis en place en 1988\\.\\<\\\/p\\><br\/>\\<p style\\='text\\-align\\: justify;'\\>En 2016, 2,5 millions de personnes \u00e9taient b\u00e9n\u00e9ficiaires du <span class='tooltipsall tooltip_post_id_5651 classtoolTips154'>RSA<\/span>\\.\\<\\\/p\\><br\/>\\<em\\>\\<a href\\='https\\:\\\/\\\/fr\\.wikipedia\\.org\\\/wiki\\\/Revenu_de_solidarit%C3%A9_active' target\\='_blank' rel\\='noopener'\\>Acc\u00e9der ici \u00e0 la fiche Wikipedia traitant du RSA\\<\\\/a\\><br\/>\\<a href\\='https\\:\\\/\\\/www\\.insee\\.fr\\\/fr\\\/metadonnees\\\/definition\\\/c1718' target\\='_blank' rel\\='noopener'\\>Acc\u00e9der ici \u00e0 la d\u00e9finition du RSA fournie par l'<span class='tooltipsall tooltip_post_id_6978 classtoolTips82'>INSEE<\/span>\\<\\\/a\\>\\<\\\/em\\>\"; toolTips('.classtoolTips154',tt_store_content,'5651'); <\/script><script type=\"text\/javascript\"> var tt_store_content = \"\\<p style\\='text\\-align\\: center;'\\>\\<span style\\='font\\-size\\: 14pt;'\\>\\<strong\\>R\\<\\\/strong\\>\u00e9pertoire \\<strong\\>N\\<\\\/strong\\>ational des \\<strong\\>A\\<\\\/strong\\>ssociations\\<\\\/span\\>\\<\\\/p\\>\"; toolTips('.classtoolTips159',tt_store_content,'24374'); <\/script><script type=\"text\/javascript\"> var tt_store_content = \"\\<p style\\='text\\-align\\: justify;'\\>Le Conseil d'Orientation des Retraites est une instance qui r\u00e9unit &nbsp;\\<span class\\='st'\\>les principaux acteurs du champ des retraites\\<\\\/span\\> et effectue un travail d'\u00e9tudes et de concertation\\. Compos\u00e9 de parlementaires, de repr\u00e9sentants des organisations professionnelles et syndicales, des retrait\u00e9s et des familles, de membres de l'administration et d'experts, le Conseil d'orientation des retraites \\(<span class='tooltipsall tooltip_post_id_7751 classtoolTips165'>COR<\/span>\\) est plac\u00e9 aupr\u00e8s du Premier ministre\\.\\<\\\/p\\>\"; toolTips('.classtoolTips165',tt_store_content,'7751'); <\/script><script type=\"text\/javascript\"> var tt_store_content = \"\\<p style\\='text\\-align\\: center;'\\>\\<span style\\='font\\-size\\: 14pt;'\\>\\<strong\\>O\\<\\\/strong\\>rganisation \\<strong\\>M\\<\\\/strong\\>\u00e9t\u00e9orologique \\<strong\\>M\\<\\\/strong\\>ondiale<br\/>\\<strong\\>W\\<\\\/strong\\>orld \\<strong\\>M\\<\\\/strong\\>eteorological \\<strong\\>O\\<\\\/strong\\>rganization\\<\\\/span\\>\\<\\\/p\\><br\/>&nbsp;<br\/><br\/>\\<a href\\='https\\:\\\/\\\/public\\.wmo\\.int\\\/fr' target\\='_blank' rel\\='noopener'\\>\\<em\\>Acc\u00e9der ici au site de l'organisation\\<\\\/em\\>\\<\\\/a\\>\"; toolTips('.classtoolTips168',tt_store_content,'7763'); <\/script><script type=\"text\/javascript\"> var tt_store_content = \"\\<p style\\='text\\-align\\: center;'\\>\\<span style\\='font\\-size\\: 14pt;'\\>\\<strong\\>\u00c9\\<\\\/strong\\>cole \\<strong\\>N\\<\\\/strong\\>ationale d'\\<strong\\>A\\<\\\/strong\\>dministration\\<\\\/span\\>\\<\\\/p\\>\"; toolTips('.classtoolTips170',tt_store_content,'5213'); <\/script><script type=\"text\/javascript\"> var tt_store_content = \"\\<p style\\='text\\-align\\: justify'\\>\\<span class\\='ILfuVd'\\>La politique agricole commune \\(\\<b\\><span class='tooltipsall tooltip_post_id_11364 classtoolTips174'>PAC<\/span>\\<\\\/b\\>\\) est une politique mise en place \u00e0 l'\u00e9chelle de l'Union europ\u00e9enne\\. \u00c0 l'origine, elle est fond\u00e9e principalement sur des mesures de contr\u00f4le des prix et de subventionnement, visant \u00e0 moderniser et d\u00e9velopper l'agriculture\\.\\<\\\/span\\> \\(source Wikipedia\\)\\<\\\/p\\>\"; toolTips('.classtoolTips174',tt_store_content,'11364'); <\/script><script type=\"text\/javascript\"> var tt_store_content = \"\\<p style\\='text\\-align\\: center;'\\>\\<span style\\='font\\-size\\: 14pt;'\\>\\<strong\\>P\\<\\\/strong\\>\\<\\\/span\\>\\<span style\\='font\\-size\\: 14pt;'\\>lan \\<strong\\>L\\<\\\/strong\\>\\<\\\/span\\>\\<span style\\='font\\-size\\: 14pt;'\\>ocal d'\\<strong\\>U\\<\\\/strong\\>\\<\\\/span\\>\\<span style\\='font\\-size\\: 14pt;'\\>rbanisme\\<\\\/span\\>\\<\\\/p\\><br\/>&nbsp;\"; toolTips('.classtoolTips176',tt_store_content,'4979'); <\/script><script type=\"text\/javascript\"> var tt_store_content = \"\\<p\\>Conseil \u00c9conomique et Social\\<\\\/p\\>\"; toolTips('.classtoolTips180',tt_store_content,'29829'); <\/script><script type=\"text\/javascript\"> var tt_store_content = \"\\<p\\>CEA \\= Commissariat \u00e0 l'Energie Atomique et aux Energies Alternatives\\. C' est un organisme administratif\u00a0 fran\u00e7ais de recherche scientifique dans les domaines de l'\u00e9nergie , la d\u00e9fense, les technologies de l'information et de la communication, des sciences de la mati\u00e8re, de la vie, de la sant\u00e9\\.\\.\\.\\<\\\/p\\><br\/>\\<p\\>&nbsp;\\<\\\/p\\>\"; toolTips('.classtoolTips186',tt_store_content,'19888'); <\/script><script type=\"text\/javascript\"> var tt_store_content = \"\\<p style\\='text\\-align\\: center;'\\>\\<strong\\>Conseil National de la R\u00e9sistance\\<\\\/strong\\>\\<\\\/p\\><br\/>\\<p style\\='text\\-align\\: center;'\\>\\<a href\\='https\\:\\\/\\\/fr\\.wikipedia\\.org\\\/wiki\\\/Conseil_national_de_la_R%C3%A9sistance' target\\='_blank' rel\\='noopener'\\>\\(voir ici la fiche Wikip\u00e9dia du <span class='tooltipsall tooltip_post_id_3761 classtoolTips187'>CNR<\/span>\\)\\<\\\/a\\>\\<\\\/p\\>\"; toolTips('.classtoolTips187',tt_store_content,'3761'); <\/script><script type=\"text\/javascript\"> var tt_store_content = \"\\<p style\\='text\\-align\\: center;'\\>\\<span style\\='font\\-size\\: 14pt;'\\>\\<strong\\>A\\<\\\/strong\\>gence \\<strong\\>R\\<\\\/strong\\>\u00e9gionale de \\<strong\\>S\\<\\\/strong\\>ant\u00e9\\<\\\/span\\>\\<\\\/p\\>\"; toolTips('.classtoolTips188',tt_store_content,'18356'); <\/script><script type=\"text\/javascript\"> var tt_store_content = \"\\<p style\\='text\\-align\\: center;'\\>\\<span style\\='font\\-size\\: 14pt;'\\>\\<strong\\>G\\<\\\/strong\\>roupement \\<strong\\>H\\<\\\/strong\\>ospitalier de \\<strong\\>T\\<\\\/strong\\>erritoire\\<\\\/span\\>\\<\\\/p\\><br\/>\\<p style\\='text\\-align\\: justify;'\\>Les groupements hospitaliers de territoires, dispositif pr\u00e9vu par la loi de sant\u00e9 2016, sont un nouveau mode de coop\u00e9ration entre les \u00e9tablissements publics de sant\u00e9 \u00e0 l\u2019\u00e9chelle d\u2019un territoire\\<\\\/p\\>\"; toolTips('.classtoolTips189',tt_store_content,'18358'); <\/script><script type=\"text\/javascript\"> var tt_store_content = \"\\<p style\\='text\\-align\\: center;'\\>\\<span style\\='font\\-size\\: 14pt;'\\>\\<strong\\>C\\<\\\/strong\\>omit\u00e9 \\<strong\\>T\\<\\\/strong\\>echnique d'\\<strong\\>\u00c9\\<\\\/strong\\>tablissement\\<\\\/span\\>\\<\\\/p\\>\"; toolTips('.classtoolTips191',tt_store_content,'18359'); <\/script><script type=\"text\/javascript\"> var tt_store_content = \"\\<p style\\='text\\-align\\: center;'\\>\\<span style\\='font\\-size\\: 14pt;'\\>\\<strong\\>E\\<\\\/strong\\>volutionary \\<strong\\>P\\<\\\/strong\\>ower \\<strong\\>R\\<\\\/strong\\>eactor\\<\\\/span\\>\\<\\\/p\\><br\/>\\<p style\\='text\\-align\\: justify;'\\>R\u00e9acteur nucl\u00e9aire de troisi\u00e8me g\u00e9n\u00e9ration \\(classification internationale\\), con\u00e7u et d\u00e9velopp\u00e9 par <span class='tooltipsall tooltip_post_id_5121 classtoolTips35'>Areva NP<\/span>&nbsp; au cours des ann\u00e9es 1990 et 2000\\. Il fait partie de la fili\u00e8re des r\u00e9acteurs \u00e0 eau pressuris\u00e9e\\.\\<\\\/p\\><br\/>\\<a href\\='https\\:\\\/\\\/fr\\.wikipedia\\.org\\\/wiki\\\/R%C3%A9acteur_pressuris%C3%A9_europ%C3%A9en' target\\='_blank' rel\\='noopener'\\>\\<em\\>Voir ici la fiche Wikipedia <span class='tooltipsall tooltip_post_id_5579 classtoolTips196'>EPR<\/span>\\<\\\/em\\>\\<\\\/a\\>\"; toolTips('.classtoolTips196',tt_store_content,'5579'); <\/script><script type=\"text\/javascript\"> var tt_store_content = \"\\<p\\><span class='tooltipsall tooltip_post_id_21204 classtoolTips199'>COV<\/span> \\= Compos\u00e9 Organique Volatile\\<\\\/p\\>\"; toolTips('.classtoolTips199',tt_store_content,'21204'); <\/script><script type=\"text\/javascript\"> var tt_store_content = \"\\<p style\\='text\\-align\\: center;'\\>\\<strong\\>R\\<\\\/strong\\>\u00e9seau \\<strong\\>A\\<\\\/strong\\>ction \\<strong\\>C\\<\\\/strong\\>limat\\<\\\/p\\><br\/>Le r\u00e9seau Action Climat '\\<em\\>f\u00e9d\u00e8re les associations impliqu\u00e9es dans la lutte contre les changements climatiques et pour une transition \u00e9cologique, solidaire et \u00e9quitable\\<\\\/em\\>'\\.<br\/><br\/>\\<a href\\='https\\:\\\/\\\/reseauactionclimat\\.org\\\/' target\\='_blank' rel\\='noopener'\\>Voir le site du <span class='tooltipsall tooltip_post_id_4309 classtoolTips200'>RAC<\/span>\\<\\\/a\\>\"; toolTips('.classtoolTips200',tt_store_content,'4309'); <\/script><script type=\"text\/javascript\"> var tt_store_content = \"\\<p style\\='text\\-align\\: center;'\\>\\<span style\\='font\\-size\\: 14pt;'\\>\\<strong\\>O\\<\\\/strong\\>rganisation\\<strong\\> N\\<\\\/strong\\>on\\<strong\\> G\\<\\\/strong\\>ouvernementale\\<\\\/span\\>\\<\\\/p\\><br\/>Une organisation non gouvernementale \\(<span class='tooltipsall tooltip_post_id_3579 classtoolTips210'>ONG<\/span>\\) est une \\<a title\\='Association \u00e0 but non lucratif' href\\='https\\:\\\/\\\/fr\\.wikipedia\\.org\\\/wiki\\\/Association_%C3%A0_but_non_lucratif' target\\='_blank' rel\\='noopener'\\>association \u00e0 but non lucratif\\<\\\/a\\>, d'int\u00e9r\u00eat public, qui ne rel\u00e8ve ni de l'\u00c9tat, ni d'institutions internationales\\<sup id\\='cite_ref\\-novethic_1\\-0' class\\='reference'\\>\\<\\\/sup\\>\\. Les ONG n'ont pas le statut de sujet de \\<a title\\='Droit international public' href\\='https\\:\\\/\\\/fr\\.wikipedia\\.org\\\/wiki\\\/Droit_international_public' target\\='_blank' rel\\='noopener'\\>droit international\\<\\\/a\\>\\.\"; toolTips('.classtoolTips210',tt_store_content,'3579'); <\/script><script type=\"text\/javascript\"> var tt_store_content = \"\\<p style\\='text\\-align\\: center;'\\>\\<span style\\='font\\-size\\: 14pt;'\\>\\<strong\\>O\\<\\\/strong\\>rganisation\\<strong\\> N\\<\\\/strong\\>on\\<strong\\> G\\<\\\/strong\\>ouvernementale\\<\\\/span\\>\\<\\\/p\\><br\/>Une organisation non gouvernementale \\(ONG\\) est une \\<a title\\='Association \u00e0 but non lucratif' href\\='https\\:\\\/\\\/fr\\.wikipedia\\.org\\\/wiki\\\/Association_%C3%A0_but_non_lucratif' target\\='_blank' rel\\='noopener'\\>association \u00e0 but non lucratif\\<\\\/a\\>, d'int\u00e9r\u00eat public, qui ne rel\u00e8ve ni de l'\u00c9tat, ni d'institutions internationales\\<sup id\\='cite_ref\\-novethic_1\\-0' class\\='reference'\\>\\<\\\/sup\\>\\. Les ONG n'ont pas le statut de sujet de \\<a title\\='Droit international public' href\\='https\\:\\\/\\\/fr\\.wikipedia\\.org\\\/wiki\\\/Droit_international_public' target\\='_blank' rel\\='noopener'\\>droit international\\<\\\/a\\>\\.\"; toolTips('.classtoolTips210',tt_store_content,'3579'); <\/script><script type=\"text\/javascript\"> var tt_store_content = \"\\<p\\><span class='tooltipsall tooltip_post_id_24572 classtoolTips211'>MIT<\/span> \\= Massachussets Institute of Technology, prestigieuse universit\u00e9 am\u00e9ricaine de la c\u00f4te est\\<\\\/p\\>\"; toolTips('.classtoolTips211',tt_store_content,'24572'); <\/script><script type=\"text\/javascript\"> var tt_store_content = \"\\<p style\\='text\\-align\\: center;'\\>\\<strong\\>J\\<\\\/strong\\>eux \\<strong\\>O\\<\\\/strong\\>lympiques<br\/>ou<br\/>\\<strong\\>J\\<\\\/strong\\>ournal \\<strong\\>O\\<\\\/strong\\>fficiel de la R\u00e9publique Fran\u00e7aise\\<\\\/p\\>\"; toolTips('.classtoolTips213',tt_store_content,'4451'); <\/script><script type=\"text\/javascript\"> var tt_store_content = \"\\<p\\><span class='tooltipsall tooltip_post_id_30593 classtoolTips214'>RN<\/span> \\= Rassemble National, c'est le parti d'extr\u00eame droite de Marine Le Pen qui succ\u00e8de au FN \\= Front National fond\u00e9 par son p\u00e8re Jean Marie Le Pen\\<\\\/p\\>\"; toolTips('.classtoolTips214',tt_store_content,'30593'); <\/script><script type=\"text\/javascript\"> var tt_store_content = \"\\<p\\><span class='tooltipsall tooltip_post_id_30594 classtoolTips215'>LR<\/span> \\= Les R\u00e9publicains, parti politique de droite fond\u00e9 par N; Sakozy qui succ\u00e8de en 2015 \u00e0 l'UMP, Union pour une Mouvement Populaire, fond\u00e9 en 2002 compos\u00e9 de conservateurs et de gaulistes\\.\\.\\.\\.\\<\\\/p\\>\"; toolTips('.classtoolTips215',tt_store_content,'30594'); <\/script><script type=\"text\/javascript\"> var tt_store_content = \"\\<p style\\='text\\-align\\: center;'\\>\\<span style\\='font\\-size\\: 14pt;'\\>\\<strong\\>C\\<\\\/strong\\>entre \\<strong\\>H\\<\\\/strong\\>ospitalier\\<\\\/span\\>\\<\\\/p\\>\"; toolTips('.classtoolTips220',tt_store_content,'18357'); <\/script><script type=\"text\/javascript\"> var tt_store_content = \"\\<p\\>D\u00e9chets radioactifs \u00e0 Haute Activit\u00e9 \\(classement <span class='tooltipsall tooltip_post_id_3612 classtoolTips79'>ANDRA<\/span>\\)\\<\\\/p\\>\"; toolTips('.classtoolTips223',tt_store_content,'19196'); <\/script>","protected":false},"excerpt":{"rendered":"<p>&nbsp; La r\u00e9daction du \u00ab\u00a0Clairon\u00a0\u00bb relaye cet \u00e9ditorial d&rsquo;Andr\u00e9 Bories, de l&rsquo;association <span class='tooltipsall tooltip_post_id_7255 classtoolTips44'>RUBRESUS<\/span>, inspir\u00e9 par la crise actuelle du Covid-19 L\u2019expertise d\u2019une grande partie des sp\u00e9cialistes commandit\u00e9s par les autorit\u00e9s, avec la crise sanitaire Covid-19, est tr\u00e8s \u00e9quivoque. D\u2019\u00e9minents professeurs en m\u00e9decine, consult\u00e9s par nos dirigeants, ont \u00e9t\u00e9 amen\u00e9s \u00e0 faire des d\u00e9clarations scientifiquement insens\u00e9esLire la suite &rarr;<script type=\"text\/javascript\"> var tt_store_content = \"\\<\/p>\n<p style\\='text\\-align\\: center;'\\>\\<span style\\='font\\-size\\: 14pt;'\\>\\<strong\\>T\\<\\\/strong\\>raitement\\<strong\\> D\\<\\\/strong\\>es\\<strong\\> N\\<\\\/strong\\>itrates\\<strong\\> \\(<span class='tooltipsall tooltip_post_id_3610 classtoolTips37'>TDN<\/span>\\)<br \/>TH\\<\\\/strong\\>ermal\\<strong\\> O\\<\\\/strong\\>rganic\\<strong\\> R\\<\\\/strong\\>eduction\\<strong\\> \\(<span class='tooltipsall tooltip_post_id_3610 classtoolTips37'>THOR<\/span>\\)\\<\\\/strong\\>\\<\\\/span\\>\\<\\\/p\\><br \/>\\<\/p>\n<p style\\='text\\-align\\: justify;'\\>Proc\u00e9d\u00e9 envisag\u00e9 par la soci\u00e9t\u00e9 AREVA pour retraiter les d\u00e9chets nitrat\u00e9s et radio\\-actifs issus de son activit\u00e9 d'enrichissement de l'uranium, phase I de la pr\u00e9paration du combustible des centrales nucl\u00e9aires\\.\\<\\\/p\\><br \/>\\<\/p>\n<p style\\='text\\-align\\: justify;'\\>Cette activit\u00e9 est mise en \u0153uvre dans l'usine de Malv\u00e9si \u00e0 quelques kilom\u00e8tres de Narbonne\\.\\<\\\/p\\><br \/>\\<\/p>\n<p style\\='text\\-align\\: justify;'\\>Ce proc\u00e9d\u00e9, potentiellement tr\u00e8s toxique pour la sant\u00e9 et l'environnement, est au centre d'une vive opposition de la part des riverains et \u00e0 laquelle le Clairon s'associe \\(\\<a href\\='https\\:\\\/\\\/le\\-clairon\\-nouveau\\.fr\\\/wordpress\\\/dossiers\\\/dossier\\-malvesi\\-areva\\\/' target\\='_blank' rel\\='noopener'\\>voir notre dossier\\<\\\/a\\> sur le sujet\\)\\.\\<\\\/p\\>\"; toolTips('.classtoolTips37',tt_store_content,'3610'); <\/script><script type=\"text\/javascript\"> var tt_store_content = \"\\<\/p>\n<p style\\='text\\-align\\: center;'\\>\\<span style\\='font\\-size\\: 14pt;'\\>\\<strong\\>T\\<\\\/strong\\>raitement\\<strong\\> D\\<\\\/strong\\>es\\<strong\\> N\\<\\\/strong\\>itrates\\<strong\\> \\(TDN\\)<br \/>TH\\<\\\/strong\\>ermal\\<strong\\> O\\<\\\/strong\\>rganic\\<strong\\> R\\<\\\/strong\\>eduction\\<strong\\> \\(THOR\\)\\<\\\/strong\\>\\<\\\/span\\>\\<\\\/p\\><br \/>\\<\/p>\n<p style\\='text\\-align\\: justify;'\\>Proc\u00e9d\u00e9 envisag\u00e9 par la soci\u00e9t\u00e9 AREVA pour retraiter les d\u00e9chets nitrat\u00e9s et radio\\-actifs issus de son activit\u00e9 d'enrichissement de l'uranium, phase I de la pr\u00e9paration du combustible des centrales nucl\u00e9aires\\.\\<\\\/p\\><br \/>\\<\/p>\n<p style\\='text\\-align\\: justify;'\\>Cette activit\u00e9 est mise en \u0153uvre dans l'usine de Malv\u00e9si \u00e0 quelques kilom\u00e8tres de Narbonne\\.\\<\\\/p\\><br \/>\\<\/p>\n<p style\\='text\\-align\\: justify;'\\>Ce proc\u00e9d\u00e9, potentiellement tr\u00e8s toxique pour la sant\u00e9 et l'environnement, est au centre d'une vive opposition de la part des riverains et \u00e0 laquelle le Clairon s'associe \\(\\<a href\\='https\\:\\\/\\\/le\\-clairon\\-nouveau\\.fr\\\/wordpress\\\/dossiers\\\/dossier\\-malvesi\\-areva\\\/' target\\='_blank' rel\\='noopener'\\>voir notre dossier\\<\\\/a\\> sur le sujet\\)\\.\\<\\\/p\\>\"; toolTips('.classtoolTips37',tt_store_content,'3610'); <\/script><script type=\"text\/javascript\"> var tt_store_content = \"\\<p\\>Association de protection et sauvegarde de l\u2019environnement des Basses Plaines de l\u2019Aude\\<\\\/p\\>\"; toolTips('.classtoolTips44',tt_store_content,'7255'); <\/script><script type=\"text\/javascript\"> var tt_store_content = \"\\<p\\>Association de protection et sauvegarde de l\u2019environnement des Basses Plaines de l\u2019Aude\\<\\\/p\\>\"; toolTips('.classtoolTips44',tt_store_content,'7255'); <\/script><script type=\"text\/javascript\"> var tt_store_content = \"Nouveau nom que s'est donn\u00e9, en 2018, l'entreprise AREVA\"; toolTips('.classtoolTips77',tt_store_content,'5129'); <\/script><script type=\"text\/javascript\"> var tt_store_content = \"\\<\/p>\n<p style\\='text\\-align\\: center;'\\>\\<span style\\='font\\-size\\: 14pt;'\\>\\<strong\\>C\\<\\\/strong\\>entre \\<strong\\>N\\<\\\/strong\\>ational de la \\<strong\\>R\\<\\\/strong\\>echerche \\<strong\\>S\\<\\\/strong\\>cientifique\\<\\\/span\\>\\<\\\/p\\><br \/>&nbsp;<\/p>\n<p>\\<a href\\='https\\:\\\/\\\/fr\\.wikipedia\\.org\\\/wiki\\\/Centre_national_de_la_recherche_scientifique' target\\='_blank' rel\\='noopener'\\>Acc\u00e9der ici \u00e0 la fiche Wikipedia du <span class='tooltipsall tooltip_post_id_5636 classtoolTips101'>CNRS<\/span>\\<\\\/a\\><br \/>\\<a href\\='http\\:\\\/\\\/www\\.cnrs\\.fr\\\/' target\\='_blank' rel\\='noopener'\\>Acc\u00e9der ici au site du CNRS\\<\\\/a\\>\"; toolTips('.classtoolTips101',tt_store_content,'5636'); <\/script><script type=\"text\/javascript\"> var tt_store_content = \"\\<\/p>\n<p style\\='text\\-align\\: center;'\\>\\<span style\\='font\\-size\\: 14pt;'\\>\\<strong\\>I\\<\\\/strong\\>nstitut \\<strong\\>N\\<\\\/strong\\>ational de \\<strong\\>R\\<\\\/strong\\>adioprotection\\<\\\/span\\><br \/>\\<span style\\='font\\-size\\: 14pt;'\\> et de \\<strong\\>S\\<\\\/strong\\>\u00fbret\u00e9 \\<strong\\>N\\<\\\/strong\\>ucl\u00e9aire\\<\\\/span\\>\\<\\\/p\\>\"; toolTips('.classtoolTips105',tt_store_content,'3613'); <\/script><script type=\"text\/javascript\"> var tt_store_content = \"\\<\/p>\n<p style\\='text\\-align\\: center;'\\>\\<strong\\>\\<span style\\='font\\-size\\: 14pt;'\\>S\\<\\\/span\\>\\<\\\/strong\\>\\<span style\\='font\\-size\\: 14pt;'\\>oci\u00e9t\u00e9 d'\\<strong\\>\u00c9\\<\\\/strong\\>conomie \\<strong\\>M\\<\\\/strong\\>ixte\\<\\\/span\\>\\<\\\/p\\><br \/>\\<\/p>\n<p style\\='text\\-align\\: justify;'\\>En France, une soci\u00e9t\u00e9 d'\u00e9conomie mixte est une soci\u00e9t\u00e9 anonyme dont le capital est majoritairement d\u00e9tenu par une ou plusieurs personnes publiques \\(\u00e0 savoir l'\u00c9tat, une Collectivit\u00e9 territoriale, ou tout autre \u00c9tablissement public\\)\\. Cette participation majoritaire publique est plafonn\u00e9e \u00e0 85&nbsp;% du capital depuis la Loi du 2 janvier 2002\\. Au moins une personne priv\u00e9e doit participer au capital de la <span class='tooltipsall tooltip_post_id_7168 classtoolTips142'>SEM<\/span>, sachant qu'il peut s'agir d'une autre SEM\\.\\<\\\/p\\><br \/>\\<\/p>\n<p style\\='text\\-align\\: justify;'\\>\\<strong\\>Le recours \u00e0 la SEM garantit\\<\\\/strong\\> \u00e0 la collectivit\u00e9 publique actionnaire et cocontractante \\<strong\\>la prise en compte effective de l'int\u00e9r\u00eat g\u00e9n\u00e9ral\\<\\\/strong\\> dans les objectifs de l'entreprise \\<strong\\>et la souplesse de la soci\u00e9t\u00e9 de droit priv\u00e9\\<\\\/strong\\>\\.\\<\\\/p\\><br \/>\\<em\\>\\<a href\\='https\\:\\\/\\\/fr\\.wikipedia\\.org\\\/wiki\\\/Soci%C3%A9t%C3%A9_d%27%C3%A9conomie_mixte' target\\='_blank' rel\\='noopener'\\>Voir ici la page Wikipedia consacr\u00e9e aux SEM\\<\\\/a\\> \\<\\\/em\\><\/p>\n<p>&nbsp;\"; toolTips('.classtoolTips142',tt_store_content,'7168'); <\/script><script type=\"text\/javascript\"> var tt_store_content = \"\\<\/p>\n<p style\\='text\\-align\\: center;'\\>\\<span style\\='font\\-size\\: 14pt;'\\>\\<strong\\>I\\<\\\/strong\\>mp\u00f4t sur la \\<strong\\>F\\<\\\/strong\\>ortune \\<strong\\>I\\<\\\/strong\\>mmobili\u00e8re\\<\\\/span\\>\\<\\\/p\\>\"; toolTips('.classtoolTips148',tt_store_content,'5643'); <\/script><script type=\"text\/javascript\"> var tt_store_content = \"\\<\/p>\n<p style\\='text\\-align\\: center;'\\>\\<span style\\='font\\-size\\: 14pt;'\\>\\<strong\\>R\\<\\\/strong\\>evenu de \\<strong\\>S\\<\\\/strong\\>olidarit\u00e9 \\<strong\\>A\\<\\\/strong\\>ctive\\<\\\/span\\>\\<\\\/p\\><br \/>\\<\/p>\n<p style\\='text\\-align\\: justify;'\\>Le revenu de solidarit\u00e9 active est une prestation sociale fran\u00e7aise, g\u00e9r\u00e9e par les conseils d\u00e9partementaux, vers\u00e9e par les <span class='tooltipsall tooltip_post_id_5652 classtoolTips155'>CAF<\/span> et les MSA et destin\u00e9e \u00e0 garantir \u00e0 ses b\u00e9n\u00e9ficiaires, qu'ils aient ou non la capacit\u00e9 de travailler, un revenu minimum, avec en contrepartie une obligation de chercher un emploi ou de d\u00e9finir et suivre un projet professionnel visant \u00e0 am\u00e9liorer sa situation financi\u00e8re\\.\\<\\\/p\\><br \/>\\<\/p>\n<p style\\='text\\-align\\: justify;'\\>Cette prestation sociale a \u00e9t\u00e9 mise en place en 2009, en remplacement du RMI \\(revenu minimum d'insertion\\), mis en place en 1988\\.\\<\\\/p\\><br \/>\\<\/p>\n<p style\\='text\\-align\\: justify;'\\>En 2016, 2,5 millions de personnes \u00e9taient b\u00e9n\u00e9ficiaires du <span class='tooltipsall tooltip_post_id_5651 classtoolTips154'>RSA<\/span>\\.\\<\\\/p\\><br \/>\\<em\\>\\<a href\\='https\\:\\\/\\\/fr\\.wikipedia\\.org\\\/wiki\\\/Revenu_de_solidarit%C3%A9_active' target\\='_blank' rel\\='noopener'\\>Acc\u00e9der ici \u00e0 la fiche Wikipedia traitant du RSA\\<\\\/a\\><br \/>\\<a href\\='https\\:\\\/\\\/www\\.insee\\.fr\\\/fr\\\/metadonnees\\\/definition\\\/c1718' target\\='_blank' rel\\='noopener'\\>Acc\u00e9der ici \u00e0 la d\u00e9finition du RSA fournie par l'<span class='tooltipsall tooltip_post_id_6978 classtoolTips82'>INSEE<\/span>\\<\\\/a\\>\\<\\\/em\\>\"; toolTips('.classtoolTips154',tt_store_content,'5651'); <\/script><script type=\"text\/javascript\"> var tt_store_content = \"\\<\/p>\n<p style\\='text\\-align\\: center;'\\>\\<span style\\='font\\-size\\: 14pt;'\\>\\<strong\\>R\\<\\\/strong\\>\u00e9pertoire \\<strong\\>N\\<\\\/strong\\>ational des \\<strong\\>A\\<\\\/strong\\>ssociations\\<\\\/span\\>\\<\\\/p\\>\"; toolTips('.classtoolTips159',tt_store_content,'24374'); <\/script><script type=\"text\/javascript\"> var tt_store_content = \"\\<\/p>\n<p style\\='text\\-align\\: justify;'\\>Le Conseil d'Orientation des Retraites est une instance qui r\u00e9unit &nbsp;\\<span class\\='st'\\>les principaux acteurs du champ des retraites\\<\\\/span\\> et effectue un travail d'\u00e9tudes et de concertation\\. Compos\u00e9 de parlementaires, de repr\u00e9sentants des organisations professionnelles et syndicales, des retrait\u00e9s et des familles, de membres de l'administration et d'experts, le Conseil d'orientation des retraites \\(<span class='tooltipsall tooltip_post_id_7751 classtoolTips165'>COR<\/span>\\) est plac\u00e9 aupr\u00e8s du Premier ministre\\.\\<\\\/p\\>\"; toolTips('.classtoolTips165',tt_store_content,'7751'); <\/script><script type=\"text\/javascript\"> var tt_store_content = \"\\<\/p>\n<p style\\='text\\-align\\: center;'\\>\\<span style\\='font\\-size\\: 14pt;'\\>\\<strong\\>O\\<\\\/strong\\>rganisation \\<strong\\>M\\<\\\/strong\\>\u00e9t\u00e9orologique \\<strong\\>M\\<\\\/strong\\>ondiale<br \/>\\<strong\\>W\\<\\\/strong\\>orld \\<strong\\>M\\<\\\/strong\\>eteorological \\<strong\\>O\\<\\\/strong\\>rganization\\<\\\/span\\>\\<\\\/p\\><br \/>&nbsp;<\/p>\n<p>\\<a href\\='https\\:\\\/\\\/public\\.wmo\\.int\\\/fr' target\\='_blank' rel\\='noopener'\\>\\<em\\>Acc\u00e9der ici au site de l'organisation\\<\\\/em\\>\\<\\\/a\\>\"; toolTips('.classtoolTips168',tt_store_content,'7763'); <\/script><script type=\"text\/javascript\"> var tt_store_content = \"\\<\/p>\n<p style\\='text\\-align\\: center;'\\>\\<span style\\='font\\-size\\: 14pt;'\\>\\<strong\\>\u00c9\\<\\\/strong\\>cole \\<strong\\>N\\<\\\/strong\\>ationale d'\\<strong\\>A\\<\\\/strong\\>dministration\\<\\\/span\\>\\<\\\/p\\>\"; toolTips('.classtoolTips170',tt_store_content,'5213'); <\/script><script type=\"text\/javascript\"> var tt_store_content = \"\\<\/p>\n<p style\\='text\\-align\\: justify'\\>\\<span class\\='ILfuVd'\\>La politique agricole commune \\(\\<b\\><span class='tooltipsall tooltip_post_id_11364 classtoolTips174'>PAC<\/span>\\<\\\/b\\>\\) est une politique mise en place \u00e0 l'\u00e9chelle de l'Union europ\u00e9enne\\. \u00c0 l'origine, elle est fond\u00e9e principalement sur des mesures de contr\u00f4le des prix et de subventionnement, visant \u00e0 moderniser et d\u00e9velopper l'agriculture\\.\\<\\\/span\\> \\(source Wikipedia\\)\\<\\\/p\\>\"; toolTips('.classtoolTips174',tt_store_content,'11364'); <\/script><script type=\"text\/javascript\"> var tt_store_content = \"\\<\/p>\n<p style\\='text\\-align\\: center;'\\>\\<span style\\='font\\-size\\: 14pt;'\\>\\<strong\\>P\\<\\\/strong\\>\\<\\\/span\\>\\<span style\\='font\\-size\\: 14pt;'\\>lan \\<strong\\>L\\<\\\/strong\\>\\<\\\/span\\>\\<span style\\='font\\-size\\: 14pt;'\\>ocal d'\\<strong\\>U\\<\\\/strong\\>\\<\\\/span\\>\\<span style\\='font\\-size\\: 14pt;'\\>rbanisme\\<\\\/span\\>\\<\\\/p\\><br \/>&nbsp;\"; toolTips('.classtoolTips176',tt_store_content,'4979'); <\/script><script type=\"text\/javascript\"> var tt_store_content = \"\\<p\\>Conseil \u00c9conomique et Social\\<\\\/p\\>\"; toolTips('.classtoolTips180',tt_store_content,'29829'); <\/script><script type=\"text\/javascript\"> var tt_store_content = \"\\<p\\><span class='tooltipsall tooltip_post_id_19888 classtoolTips186'>CEA<\/span> \\= Commissariat \u00e0 l'Energie Atomique et aux Energies Alternatives\\. C' est un organisme administratif\u00a0 fran\u00e7ais de recherche scientifique dans les domaines de l'\u00e9nergie , la d\u00e9fense, les technologies de l'information et de la communication, des sciences de la mati\u00e8re, de la vie, de la sant\u00e9\\.\\.\\.\\<\\\/p\\><br \/>\\<p\\>&nbsp;\\<\\\/p\\>\"; toolTips('.classtoolTips186',tt_store_content,'19888'); <\/script><script type=\"text\/javascript\"> var tt_store_content = \"\\<\/p>\n<p style\\='text\\-align\\: center;'\\>\\<strong\\>Conseil National de la R\u00e9sistance\\<\\\/strong\\>\\<\\\/p\\><br \/>\\<\/p>\n<p style\\='text\\-align\\: center;'\\>\\<a href\\='https\\:\\\/\\\/fr\\.wikipedia\\.org\\\/wiki\\\/Conseil_national_de_la_R%C3%A9sistance' target\\='_blank' rel\\='noopener'\\>\\(voir ici la fiche Wikip\u00e9dia du <span class='tooltipsall tooltip_post_id_3761 classtoolTips187'>CNR<\/span>\\)\\<\\\/a\\>\\<\\\/p\\>\"; toolTips('.classtoolTips187',tt_store_content,'3761'); <\/script><script type=\"text\/javascript\"> var tt_store_content = \"\\<\/p>\n<p style\\='text\\-align\\: center;'\\>\\<span style\\='font\\-size\\: 14pt;'\\>\\<strong\\>A\\<\\\/strong\\>gence \\<strong\\>R\\<\\\/strong\\>\u00e9gionale de \\<strong\\>S\\<\\\/strong\\>ant\u00e9\\<\\\/span\\>\\<\\\/p\\>\"; toolTips('.classtoolTips188',tt_store_content,'18356'); <\/script><script type=\"text\/javascript\"> var tt_store_content = \"\\<\/p>\n<p style\\='text\\-align\\: center;'\\>\\<span style\\='font\\-size\\: 14pt;'\\>\\<strong\\>G\\<\\\/strong\\>roupement \\<strong\\>H\\<\\\/strong\\>ospitalier de \\<strong\\>T\\<\\\/strong\\>erritoire\\<\\\/span\\>\\<\\\/p\\><br \/>\\<\/p>\n<p style\\='text\\-align\\: justify;'\\>Les groupements hospitaliers de territoires, dispositif pr\u00e9vu par la loi de sant\u00e9 2016, sont un nouveau mode de coop\u00e9ration entre les \u00e9tablissements publics de sant\u00e9 \u00e0 l\u2019\u00e9chelle d\u2019un territoire\\<\\\/p\\>\"; toolTips('.classtoolTips189',tt_store_content,'18358'); <\/script><script type=\"text\/javascript\"> var tt_store_content = \"\\<\/p>\n<p style\\='text\\-align\\: center;'\\>\\<span style\\='font\\-size\\: 14pt;'\\>\\<strong\\>C\\<\\\/strong\\>omit\u00e9 \\<strong\\>T\\<\\\/strong\\>echnique d'\\<strong\\>\u00c9\\<\\\/strong\\>tablissement\\<\\\/span\\>\\<\\\/p\\>\"; toolTips('.classtoolTips191',tt_store_content,'18359'); <\/script><script type=\"text\/javascript\"> var tt_store_content = \"\\<\/p>\n<p style\\='text\\-align\\: center;'\\>\\<span style\\='font\\-size\\: 14pt;'\\>\\<strong\\>E\\<\\\/strong\\>volutionary \\<strong\\>P\\<\\\/strong\\>ower \\<strong\\>R\\<\\\/strong\\>eactor\\<\\\/span\\>\\<\\\/p\\><br \/>\\<\/p>\n<p style\\='text\\-align\\: justify;'\\>R\u00e9acteur nucl\u00e9aire de troisi\u00e8me g\u00e9n\u00e9ration \\(classification internationale\\), con\u00e7u et d\u00e9velopp\u00e9 par <span class='tooltipsall tooltip_post_id_5121 classtoolTips35'>Areva NP<\/span>&nbsp; au cours des ann\u00e9es 1990 et 2000\\. Il fait partie de la fili\u00e8re des r\u00e9acteurs \u00e0 eau pressuris\u00e9e\\.\\<\\\/p\\><br \/>\\<a href\\='https\\:\\\/\\\/fr\\.wikipedia\\.org\\\/wiki\\\/R%C3%A9acteur_pressuris%C3%A9_europ%C3%A9en' target\\='_blank' rel\\='noopener'\\>\\<em\\>Voir ici la fiche Wikipedia <span class='tooltipsall tooltip_post_id_5579 classtoolTips196'>EPR<\/span>\\<\\\/em\\>\\<\\\/a\\>\"; toolTips('.classtoolTips196',tt_store_content,'5579'); <\/script><script type=\"text\/javascript\"> var tt_store_content = \"\\<p\\><span class='tooltipsall tooltip_post_id_21204 classtoolTips199'>COV<\/span> \\= Compos\u00e9 Organique Volatile\\<\\\/p\\>\"; toolTips('.classtoolTips199',tt_store_content,'21204'); <\/script><script type=\"text\/javascript\"> var tt_store_content = \"\\<\/p>\n<p style\\='text\\-align\\: center;'\\>\\<strong\\>R\\<\\\/strong\\>\u00e9seau \\<strong\\>A\\<\\\/strong\\>ction \\<strong\\>C\\<\\\/strong\\>limat\\<\\\/p\\><br \/>Le r\u00e9seau Action Climat '\\<em\\>f\u00e9d\u00e8re les associations impliqu\u00e9es dans la lutte contre les changements climatiques et pour une transition \u00e9cologique, solidaire et \u00e9quitable\\<\\\/em\\>'\\.<\/p>\n<p>\\<a href\\='https\\:\\\/\\\/reseauactionclimat\\.org\\\/' target\\='_blank' rel\\='noopener'\\>Voir le site du <span class='tooltipsall tooltip_post_id_4309 classtoolTips200'>RAC<\/span>\\<\\\/a\\>\"; toolTips('.classtoolTips200',tt_store_content,'4309'); <\/script><script type=\"text\/javascript\"> var tt_store_content = \"\\<\/p>\n<p style\\='text\\-align\\: center;'\\>\\<span style\\='font\\-size\\: 14pt;'\\>\\<strong\\>O\\<\\\/strong\\>rganisation\\<strong\\> N\\<\\\/strong\\>on\\<strong\\> G\\<\\\/strong\\>ouvernementale\\<\\\/span\\>\\<\\\/p\\><br \/>Une organisation non gouvernementale \\(<span class='tooltipsall tooltip_post_id_3579 classtoolTips210'>ONG<\/span>\\) est une \\<a title\\='Association \u00e0 but non lucratif' href\\='https\\:\\\/\\\/fr\\.wikipedia\\.org\\\/wiki\\\/Association_%C3%A0_but_non_lucratif' target\\='_blank' rel\\='noopener'\\>association \u00e0 but non lucratif\\<\\\/a\\>, d'int\u00e9r\u00eat public, qui ne rel\u00e8ve ni de l'\u00c9tat, ni d'institutions internationales\\<sup id\\='cite_ref\\-novethic_1\\-0' class\\='reference'\\>\\<\\\/sup\\>\\. Les ONG n'ont pas le statut de sujet de \\<a title\\='Droit international public' href\\='https\\:\\\/\\\/fr\\.wikipedia\\.org\\\/wiki\\\/Droit_international_public' target\\='_blank' rel\\='noopener'\\>droit international\\<\\\/a\\>\\.\"; toolTips('.classtoolTips210',tt_store_content,'3579'); <\/script><script type=\"text\/javascript\"> var tt_store_content = \"\\<\/p>\n<p style\\='text\\-align\\: center;'\\>\\<span style\\='font\\-size\\: 14pt;'\\>\\<strong\\>O\\<\\\/strong\\>rganisation\\<strong\\> N\\<\\\/strong\\>on\\<strong\\> G\\<\\\/strong\\>ouvernementale\\<\\\/span\\>\\<\\\/p\\><br \/>Une organisation non gouvernementale \\(ONG\\) est une \\<a title\\='Association \u00e0 but non lucratif' href\\='https\\:\\\/\\\/fr\\.wikipedia\\.org\\\/wiki\\\/Association_%C3%A0_but_non_lucratif' target\\='_blank' rel\\='noopener'\\>association \u00e0 but non lucratif\\<\\\/a\\>, d'int\u00e9r\u00eat public, qui ne rel\u00e8ve ni de l'\u00c9tat, ni d'institutions internationales\\<sup id\\='cite_ref\\-novethic_1\\-0' class\\='reference'\\>\\<\\\/sup\\>\\. Les ONG n'ont pas le statut de sujet de \\<a title\\='Droit international public' href\\='https\\:\\\/\\\/fr\\.wikipedia\\.org\\\/wiki\\\/Droit_international_public' target\\='_blank' rel\\='noopener'\\>droit international\\<\\\/a\\>\\.\"; toolTips('.classtoolTips210',tt_store_content,'3579'); <\/script><script type=\"text\/javascript\"> var tt_store_content = \"\\<p\\><span class='tooltipsall tooltip_post_id_24572 classtoolTips211'>MIT<\/span> \\= Massachussets Institute of Technology, prestigieuse universit\u00e9 am\u00e9ricaine de la c\u00f4te est\\<\\\/p\\>\"; toolTips('.classtoolTips211',tt_store_content,'24572'); <\/script><script type=\"text\/javascript\"> var tt_store_content = \"\\<\/p>\n<p style\\='text\\-align\\: center;'\\>\\<strong\\>J\\<\\\/strong\\>eux \\<strong\\>O\\<\\\/strong\\>lympiques<br \/>ou<br \/>\\<strong\\>J\\<\\\/strong\\>ournal \\<strong\\>O\\<\\\/strong\\>fficiel de la R\u00e9publique Fran\u00e7aise\\<\\\/p\\>\"; toolTips('.classtoolTips213',tt_store_content,'4451'); <\/script><script type=\"text\/javascript\"> var tt_store_content = \"\\<p\\><span class='tooltipsall tooltip_post_id_30593 classtoolTips214'>RN<\/span> \\= Rassemble National, c'est le parti d'extr\u00eame droite de Marine Le Pen qui succ\u00e8de au FN \\= Front National fond\u00e9 par son p\u00e8re Jean Marie Le Pen\\<\\\/p\\>\"; toolTips('.classtoolTips214',tt_store_content,'30593'); <\/script><script type=\"text\/javascript\"> var tt_store_content = \"\\<p\\><span class='tooltipsall tooltip_post_id_30594 classtoolTips215'>LR<\/span> \\= Les R\u00e9publicains, parti politique de droite fond\u00e9 par N; Sakozy qui succ\u00e8de en 2015 \u00e0 l'UMP, Union pour une Mouvement Populaire, fond\u00e9 en 2002 compos\u00e9 de conservateurs et de gaulistes\\.\\.\\.\\.\\<\\\/p\\>\"; toolTips('.classtoolTips215',tt_store_content,'30594'); <\/script><script type=\"text\/javascript\"> var tt_store_content = \"\\<\/p>\n<p style\\='text\\-align\\: center;'\\>\\<span style\\='font\\-size\\: 14pt;'\\>\\<strong\\>C\\<\\\/strong\\>entre \\<strong\\>H\\<\\\/strong\\>ospitalier\\<\\\/span\\>\\<\\\/p\\>\"; toolTips('.classtoolTips220',tt_store_content,'18357'); <\/script><script type=\"text\/javascript\"> var tt_store_content = \"\\<p\\>D\u00e9chets radioactifs \u00e0 Haute Activit\u00e9 \\(classement <span class='tooltipsall tooltip_post_id_3612 classtoolTips79'>ANDRA<\/span>\\)\\<\\\/p\\>\"; toolTips('.classtoolTips223',tt_store_content,'19196'); <\/script><\/p>\n","protected":false},"author":21,"featured_media":0,"comment_status":"open","ping_status":"open","sticky":false,"template":"","format":"standard","meta":{"_acf_changed":false,"ngg_post_thumbnail":0,"_jetpack_memberships_contains_paid_content":false,"footnotes":""},"categories":[9,28,19,5],"tags":[],"coauthors":[76],"class_list":["post-21720","post","type-post","status-publish","format-standard","hentry","category-actu_gen","category-rub_env","category-rub_env_nucl","category-rub_pol","edition-edi_00065","type_art-type_art_article","no-thumb"],"acf":[],"jetpack_featured_media_url":"","jetpack_sharing_enabled":true,"jetpack_shortlink":"https:\/\/wp.me\/p9B5TM-5Ek","_links":{"self":[{"href":"https:\/\/le-clairon-nouveau.fr\/wordpress\/wp-json\/wp\/v2\/posts\/21720","targetHints":{"allow":["GET"]}}],"collection":[{"href":"https:\/\/le-clairon-nouveau.fr\/wordpress\/wp-json\/wp\/v2\/posts"}],"about":[{"href":"https:\/\/le-clairon-nouveau.fr\/wordpress\/wp-json\/wp\/v2\/types\/post"}],"author":[{"embeddable":true,"href":"https:\/\/le-clairon-nouveau.fr\/wordpress\/wp-json\/wp\/v2\/users\/21"}],"replies":[{"embeddable":true,"href":"https:\/\/le-clairon-nouveau.fr\/wordpress\/wp-json\/wp\/v2\/comments?post=21720"}],"version-history":[{"count":0,"href":"https:\/\/le-clairon-nouveau.fr\/wordpress\/wp-json\/wp\/v2\/posts\/21720\/revisions"}],"wp:attachment":[{"href":"https:\/\/le-clairon-nouveau.fr\/wordpress\/wp-json\/wp\/v2\/media?parent=21720"}],"wp:term":[{"taxonomy":"category","embeddable":true,"href":"https:\/\/le-clairon-nouveau.fr\/wordpress\/wp-json\/wp\/v2\/categories?post=21720"},{"taxonomy":"post_tag","embeddable":true,"href":"https:\/\/le-clairon-nouveau.fr\/wordpress\/wp-json\/wp\/v2\/tags?post=21720"},{"taxonomy":"author","embeddable":true,"href":"https:\/\/le-clairon-nouveau.fr\/wordpress\/wp-json\/wp\/v2\/coauthors?post=21720"}],"curies":[{"name":"wp","href":"https:\/\/api.w.org\/{rel}","templated":true}]}}