{"id":21882,"date":"2020-06-23T12:30:26","date_gmt":"2020-06-23T10:30:26","guid":{"rendered":"https:\/\/le-clairon-nouveau.fr\/wordpress\/?p=21882"},"modified":"2020-06-26T16:33:15","modified_gmt":"2020-06-26T14:33:15","slug":"sortir-du-confinement","status":"publish","type":"post","link":"https:\/\/le-clairon-nouveau.fr\/wordpress\/blog\/2020\/06\/23\/sortir-du-confinement\/","title":{"rendered":"Sortir du confinement ! ?"},"content":{"rendered":"<p><img data-recalc-dims=\"1\" loading=\"lazy\" decoding=\"async\" class=\" wp-image-19114 aligncenter\" src=\"https:\/\/i0.wp.com\/le-clairon-nouveau.fr\/wordpress\/wp-content\/uploads\/2019\/06\/La-Chronique-d%E2%80%99oncle-JEF.jpg?resize=224%2C50&#038;ssl=1\" alt=\"\" width=\"224\" height=\"50\" srcset=\"https:\/\/i0.wp.com\/le-clairon-nouveau.fr\/wordpress\/wp-content\/uploads\/2019\/06\/La-Chronique-d%E2%80%99oncle-JEF.jpg?resize=300%2C67&amp;ssl=1 300w, https:\/\/i0.wp.com\/le-clairon-nouveau.fr\/wordpress\/wp-content\/uploads\/2019\/06\/La-Chronique-d%E2%80%99oncle-JEF.jpg?resize=768%2C172&amp;ssl=1 768w, https:\/\/i0.wp.com\/le-clairon-nouveau.fr\/wordpress\/wp-content\/uploads\/2019\/06\/La-Chronique-d%E2%80%99oncle-JEF.jpg?w=912&amp;ssl=1 912w\" sizes=\"auto, (max-width: 224px) 100vw, 224px\" \/><\/p>\n<p style=\"text-align: center\"><span style=\"font-size: 14pt\"><strong><em>R\u00e9flexions sur la relance \u00e9conomique et le travail <\/em><\/strong><\/span><\/p>\n<p style=\"text-align: center\"><img data-recalc-dims=\"1\" loading=\"lazy\" decoding=\"async\" class=\" wp-image-21883 aligncenter\" src=\"https:\/\/i0.wp.com\/le-clairon-nouveau.fr\/wordpress\/wp-content\/uploads\/2020\/06\/Image-par-J-Plenio-de-Pixabay.jpg?resize=512%2C288&#038;ssl=1\" alt=\"\" width=\"512\" height=\"288\" srcset=\"https:\/\/i0.wp.com\/le-clairon-nouveau.fr\/wordpress\/wp-content\/uploads\/2020\/06\/Image-par-J-Plenio-de-Pixabay.jpg?resize=300%2C169&amp;ssl=1 300w, https:\/\/i0.wp.com\/le-clairon-nouveau.fr\/wordpress\/wp-content\/uploads\/2020\/06\/Image-par-J-Plenio-de-Pixabay.jpg?resize=1024%2C576&amp;ssl=1 1024w, https:\/\/i0.wp.com\/le-clairon-nouveau.fr\/wordpress\/wp-content\/uploads\/2020\/06\/Image-par-J-Plenio-de-Pixabay.jpg?resize=768%2C432&amp;ssl=1 768w, https:\/\/i0.wp.com\/le-clairon-nouveau.fr\/wordpress\/wp-content\/uploads\/2020\/06\/Image-par-J-Plenio-de-Pixabay.jpg?w=1280&amp;ssl=1 1280w\" sizes=\"auto, (max-width: 512px) 100vw, 512px\" \/><span style=\"font-size: 8pt\"><strong><em>Vers un cr\u00e9puscule ou une aurore nouvelle\u00a0? (Image J Plenio de Pixabay)<\/em><\/strong><\/span><\/p>\n<p style=\"text-align: justify\">Cette <strong>crise <\/strong>du COVID pourrait nous permettre un<strong> changement<\/strong>. Comme le dit Naomi KLEIN <strong>\u00ab\u00a0<em>Je pense que la crise du coronavirus est l\u2019occasion d\u2019\u00e9laborer un autre mod\u00e8le \u00e9conomique. Tout est possible<\/em>.\u00a0\u00bb <\/strong><\/p>\n<p style=\"text-align: justify\">Depuis 40 ans, notre syst\u00e8me de production industrielle et de protection sociale a \u00e9t\u00e9 attaqu\u00e9 d\u2019abord par les <strong>d\u00e9localisations,<\/strong> ensuite par l\u2019essor de l<strong>\u2019industrie num\u00e9rique<\/strong> qui a bouscul\u00e9, secteur apr\u00e8s secteur, toutes les activit\u00e9s \u00e9conomiques traditionnelles. Enfin gr\u00e2ce aux algorithmes qui ont favoris\u00e9 le \u00ab trading haute fr\u00e9quence \u00bb <sup><a href=\"#footnote_1_21882\" id=\"identifier_1_21882\" class=\"footnote-link footnote-identifier-link\" title=\"qui permet de passer un ordre boursier toutes le 40 micro secondes\">(1)<\/a><\/sup>, la sp\u00e9culation financi\u00e8re a pris le pas sur l\u2019\u00e9conomie r\u00e9elle, permettant de \u00ab faire de l\u2019argent avec de l\u2019argent \u00bb : de \u00ab\u00a0sp\u00e9culer\u00a0\u00bb !<br \/>\n<strong>On pourrait penser que le capital n\u2019a plus besoin de travailleur-es\u00a0! <\/strong>Plus besoin de sites industriels, plus besoin de discuter avec les salari\u00e9s, quelques fois syndiqu\u00e9s, qui ne sont que des \u00ab\u00a0emp\u00eacheurs\u00a0\u00bb de prendre les b\u00e9n\u00e9fices\u00a0!<br \/>\nD\u2019une fa\u00e7on plus large, comment par le monde traiter la diminution des besoins de main-d\u2019\u0153uvre productive, face au nombre croissant d\u2019\u00eatres humains sur la plan\u00e8te\u00a0? Il s\u2019agit l\u00e0 d\u2019un \u00e9cart grandissant qui pourra justifier toutes les d\u00e9rives\u2026<\/p>\n<p style=\"text-align: justify\">C\u2019est dans ce contexte g\u00e9n\u00e9ral qu\u2019arrive, la <strong>crise sanitaire <\/strong>du COVID 19 qui provoque un court-circuit plan\u00e9taire de toute l\u2019activit\u00e9 \u00e9conomique\u00a0!<br \/>\n<strong>Pendant le confinement, <\/strong>le syst\u00e8me a disjonct\u00e9\u00a0<strong>:<\/strong> 1\/3 des travailleurs du secteur priv\u00e9 sont en <span class='tooltipsall tooltip_post_id_18357 classtoolTips220'>ch<\/span>\u00f4mage partiel, les cha\u00eenes de production et de transport sont rompues\u2026 Cela entra\u00eene des faillites d\u2019entreprises, des licenciements \u00e9conomiques, etc. L\u2019<strong>offre<\/strong> \u00e9conomique a baiss\u00e9 de 36 %. L\u2019activit\u00e9 de l\u2019industrie a baiss\u00e9 de 43 %, la construction de 88%, la restauration de 90 %. L\u2019activit\u00e9 diminuant, c\u2019est plus de ch\u00f4mage\u2026 donc on a tendance \u00e0 moins d\u00e9penser\u2026 Et la <strong>demande<\/strong> chute\u00a0! L\u2019activit\u00e9 \u00e9conomique diminue\u00a0! Les prix auront tendance \u00e0 augmenter tandis que la demande baissera\u00a0!<br \/>\n<strong><em>On entre dans une spirale r\u00e9cessionniste in\u00e9dite<\/em>.<\/strong><\/p>\n<p style=\"text-align: justify\">Conscients de cette situation, les divers gouvernements et institutions ont annonc\u00e9 qu&rsquo;ils d\u00e9bloquaient des montants d\u2019aides importants : europ\u00e9ens (<span class='tooltipsall tooltip_post_id_4170 classtoolTips166'>BCE<\/span> 550 milliards, France 500 milliards, Allemagne 1000 milliards d\u2019euros) et am\u00e9ricains (USA 2000 milliards de dollars), etc. Ce qui laisse interrogateur le citoyen de base, conditionn\u00e9 depuis des ann\u00e9es par le d\u00e9ficit budg\u00e9taire et l\u2019endettement des \u00c9tats, admonest\u00e9 sur la n\u00e9cessit\u00e9 de plans d\u2019aust\u00e9rit\u00e9. Tous annonc\u00e9s comme <strong>n\u00e9cessaires, imp\u00e9ratifs.<\/strong><\/p>\n<p style=\"text-align: justify\">Que se passe-t-il\u00a0en ce moment de crise mondiale impr\u00e9vue ?<br \/>\nC\u2019est la <strong>\u00ab\u00a0planche \u00e0 billets\u00a0\u00bb <\/strong>qui fonctionne\u00a0!\u00a0<br \/>\nRessurgit alors le <strong>concept de \u00ab\u00a0monnaie h\u00e9licopt\u00e8re\u00a0\u00bb\u00a0:<\/strong> imprimer des billets et les jeter depuis un h\u00e9licopt\u00e8re dans les rues pour inciter les m\u00e9nages \u00e0 d\u00e9penser de mani\u00e8re \u00e0 faire repartir l&rsquo;activit\u00e9 \u00e9conomique, image utilis\u00e9e par le gourou du n\u00e9olib\u00e9ralisme Milton FRIEDMANN, d\u00e8s 1969. Ce concept, longtemps consid\u00e9r\u00e9 comme inenvisageable et purement th\u00e9orique, revient aujourd&rsquo;hui sur le devant de la sc\u00e8ne, alors que les plus grandes \u00e9conomies de la plan\u00e8te s&rsquo;attendent \u00e0 une r\u00e9cession hors-norme.<br \/>\n<strong><em>Utiliser ce concept peut s\u2019av\u00e9rer momentan\u00e9ment int\u00e9ressant, afin de sortir du confinement,<\/em><\/strong><em> <strong>sans trop d\u00e9truire l\u2019\u00e9conomie, voire pour pr\u00e9parer celle-ci aux enjeux \u00e0 venir. <\/strong><\/em><\/p>\n<p style=\"text-align: justify\"><strong>Pour casser la spirale r\u00e9cessionniste, il faut jouer sur l\u2019<span style=\"text-decoration: underline\">offre<\/span> comme sur la <span style=\"text-decoration: underline\">demande<\/span>, afin qu\u2019elles s\u2019\u00e9quilibrent.<\/strong><\/p>\n<p style=\"text-align: justify\"><strong>Commen\u00e7ons par l\u2019offre. <br \/>\n<\/strong>Tout d\u2019abord, la BCE devrait donner directement l\u2019argent aux \u00c9tats. Ce qui n\u2019est pas gagn\u00e9\u00a0!<strong> Il s\u2019agit de veiller \u00e0<\/strong> <em><strong>ne plus alimenter les march\u00e9s financiers<\/strong><\/em> aupr\u00e8s desquels les \u00c9tats continueraient \u00e0 emprunter\u2026 Sinon, nous repartirions dans le cycle diabolique\u00a0: endettement public, sp\u00e9culation sur les dettes, plans d\u2019aust\u00e9rit\u00e9, \u00e9conomies sur les \u00e9quipements et organismes du bien commun, ch\u00f4mage, etc.<br \/>\nOn pourrait dire, c\u2019est absurde\u00a0: on a d\u00e9j\u00e0 donn\u00e9\u00a0! Si on accepte, on sera encore plus les esclaves de la finance\u00a0!<br \/>\nEnsuite pour les entreprises, il serait judicieux de ne pas se limiter \u00e0 proposer des <strong>plans de relance MAIS des<\/strong> <strong>plans de reconversion<\/strong> avec deux axes principaux\u00a0:<\/p>\n<ul>\n<li style=\"text-align: justify\">R\u00e9pondre aux enjeux de r\u00e9orientation des productions face aux enjeux de la n\u00e9cessaire transition \u00e9cologique\u00a0;<\/li>\n<li style=\"text-align: justify\">Renoncer \u00e0 toute fuite de capitaux vers les march\u00e9s sp\u00e9culatifs, comme \u00e0 toute r\u00e9mun\u00e9ration excessive des actionnaires.<\/li>\n<\/ul>\n<p style=\"text-align: justify\">Profitant de cette situation exceptionnelle, <em><strong>l\u2019\u00c9tat devra<\/strong> <strong>reprendre la main dans les entreprises strat\u00e9giques<\/strong> <strong>qui sont en difficult\u00e9<\/strong>\u2026<br \/>\n<\/em>Je pense \u00e0 Renault. Alors que 17% des voitures achet\u00e9es en France sont de fabrication fran\u00e7aise et que les stocks sont importants\u2026 La question \u00e0 se poser serait\u00a0: est-ce que les gens ont prioritairement besoin de voitures au point de relancer la production comme avant\u00a0?<br \/>\nIdem pour Air France, Airbus. Tout le monde comprend que ce secteur va au-devant de grandes difficult\u00e9s\u2026<br \/>\nVu la technicit\u00e9 de <span class='tooltipsall tooltip_post_id_29829 classtoolTips180'>ces<\/span> entreprises, il serait peut-\u00eatre mieux de r\u00e9fl\u00e9chir \u00e0 une r\u00e9orientation des productions\u00a0?<\/p>\n<p style=\"text-align: justify\">On pourrait se poser ces m\u00eames questions dans les domaines du luxe, du tourisme, de l\u2019alimentation o\u00f9 la France s\u2019est sp\u00e9cialis\u00e9e\u2026 Mais cela ne se fera pas sans une planification qui fera hurler les n\u00e9olib\u00e9raux orthodoxes ! \u00a0<br \/>\nEnfin, il faudra injecter de la monnaie pour soutenir les <strong><span style=\"color: #0000ff\">besoins en biens communs<\/span>, <\/strong>comme la sant\u00e9, la recherche, l\u2019\u00e9ducation\u2026<br \/>\nIl s\u2019agira ensuite de profiter de l\u2019allocation de ces financements publics pour faire vivre, et m\u00eame refaire vivre la d\u00e9mocratie sociale que l\u2019\u00c9tat et le grand capital ont progressivement confisqu\u00e9e. En imposant une part et un r\u00f4le plus important des salari\u00e9s dans les conseils d\u2019administration des entreprises aid\u00e9es, mais aussi dans les organismes paritaires, comme la S\u00e9cu, P\u00f4le emploi, l\u2019H\u00f4pital, etc.<br \/>\nSi nous ne faisons pas cela, nous avons de bonnes chances de nous retrouver dans un \u00ab\u00a0<strong>jour d\u2019apr\u00e8s<\/strong><strong>\u00a0\u00bb <\/strong>pire que le jour d\u2019avant\u2026<\/p>\n<p style=\"text-align: justify\"><strong><em>Cette<\/em><\/strong><em> <strong>nouvelle politique prendra du temps et sera<\/strong> <strong>d\u00e9licate \u00e0 mettre en place, mais le temps est court face aux \u00e9ch\u00e9ances climatiques\u00a0!<br \/>\n<\/strong><\/em><strong>L\u2019urgence<\/strong> serait, me semble-t-il, d\u2019utiliser cet \u00ab\u00a0argent\u00a0h\u00e9licopt\u00e8re\u00a0\u00bb pour <strong>maintenir en vie les petites et moyennes entreprises et les commerces.<\/strong> Pour ces acteurs \u00e9conomiques essentiels le d\u00e9confinement sera certainement progressif et la reprise d\u2019activit\u00e9 plus lente que pr\u00e9vue. Beaucoup risquent de dispara\u00eetre. L\u2019\u00c9tat qui dispose d\u2019outils tels que la <span class='tooltipsall tooltip_post_id_5634 classtoolTips144'>BPI<\/span> ou la CDC pourrait les aider directement afin, d\u2019une part de parer au plus press\u00e9, d\u2019autres part de leur permettre de d\u00e9velopper d\u2019autres activit\u00e9s plus en phase avec les nouveaux besoins qui se font jour.\u00a0<\/p>\n<p style=\"text-align: justify\"><strong>Une deuxi\u00e8me action consisterait \u00e0 agir sur la demande. <br \/>\n<\/strong><strong>Ce qui concerne une bonne partie <\/strong>de nos concitoyens, d\u00e9j\u00e0 impact\u00e9s par cette p\u00e9riode ubuesque. Dans nos quartiers, les soupes populaires voient arriver davantage de personnes. Nous avons \u00e9voqu\u00e9 la baisse pr\u00e9visible des emplois : le nombre des demandeurs d\u2019emploi pourrait atteindre, d\u2019ici la fin de l\u2019ann\u00e9e, plus de 6 millions, toutes cat\u00e9gories confondues dans un contexte de r\u00e9cession de 9 \u00e0 10 % du <span class='tooltipsall tooltip_post_id_4470 classtoolTips177'>PIB<\/span>\u2026<br \/>\n<strong><em>C\u2019est bien ici que <\/em><\/strong><strong><em>prioritairement cet \u00ab\u00a0argent h\u00e9licopt\u00e8re\u00a0\u00bb devrait soutenir directement, et urgemment, les personnes les plus touch\u00e9es<\/em><\/strong>. C\u2019est aussi une question de dignit\u00e9, mais pas seulement. Tout d\u2019abord parce que des r\u00e9voltes sont pr\u00e9visibles. La rentr\u00e9e risque d\u2019\u00eatre chaude\u00a0! De plus, en maintenant la demande \u00e9conomique, celle-ci pourrait \u00eatre orient\u00e9e diff\u00e9remment et repartir autrement\u00a0!\u00a0\u00a0\u00a0\u00a0\u00a0\u00a0<\/p>\n<p><strong><em>Alors comment faire\u00a0?<\/em><\/strong> <strong><em>Consid\u00e9rer l\u2019\u00c9tat employeur de dernier recours\u00a0!<\/em> <\/strong><\/p>\n<p style=\"text-align: justify\">L\u00e0, je suis bien conscient que nous <strong>passons dans un autre monde\u2026<\/strong> En tous cas pas celui des n\u00e9olib\u00e9raux\u2026Bref, pour argumenter cela, on pourrait \u00e9voquer les nombreux textes relatifs aux droits du travail proclam\u00e9s dans la d\u00e9claration universelle des droits de l\u2019Homme de 1848 <strong>: \u00ab Toute personne a droit au travail, au libre choix de son travail, a\u0300 des conditions \u00e9quitables et satisfaisantes de travail et a\u0300 la protection contre le ch\u00f4mage \u00bb<\/strong> (Article 23). Ou encore le Pacte international relatif aux droits \u00e9conomiques sociaux et culturels de 1966 (art. 6), Charte sociale europ\u00e9enne de 1961 (art. 1) ou encore le pr\u00e9ambule de la Constitution de 1946, article 5 qui affirme : <strong>\u00ab Chacun a le devoir de travailler et le droit d\u2019obtenir un emploi<\/strong> \u00bb. Ce droit est repris dans la Constitution de 1958 qui fonde les bases de la Ve R\u00e9publique.<\/p>\n<p style=\"text-align: justify\">L\u2019id\u00e9e de l\u2019\u00c9tat comme employeur de dernier recours n\u2019est pas nouvelle ! De nombreux chercheurs et universitaires, \u00e0 travers le monde (Australie, Grande Bretagne, USA), ont d\u00e9j\u00e0 travaill\u00e9 sur cette id\u00e9e comme outil de lutte contre le ch\u00f4mage. Les plus connus : l\u2019\u00e9conomiste Hyman MINSKY en 2007 lors de la crise financi\u00e8re, ou plus r\u00e9cemment les \u00e9conomistes C\u00e9dric DURAND et Dany LANG, Universit\u00e9 Paris-XIII\u2026 Tous ont pour caract\u00e9ristique d\u2019\u00eatre des <strong>n\u00e9o-keyn\u00e9siens<\/strong>. Le principe essentiel du programme EDR\u00a0(<em>Employeur Dernier Recours<\/em>) est le suivant\u00a0: \u00ab\u00a0Tous ceux qui sont pr\u00eats \u00e0 travailler au salaire de base du secteur public, environ le salaire minimum actuel, auraient l\u2019assurance d\u2019obtenir un emploi\u00a0\u00bb Quand on consid\u00e8re tous les besoins essentiels non satisfaits dans notre soci\u00e9t\u00e9, on voit bien \u00e0 quoi employer les gens.<br \/>\nEn France, la <strong>chronologie pour mettre en place <\/strong>cette option pourrait \u00eatre la suivante\u00a0:<\/p>\n<p style=\"text-align: justify\">&#8211; Prolonger le ch\u00f4mage partiel\u00a0et reporter sine die la r\u00e9forme de P\u00f4le emploi\u00a0; \u00a0<\/p>\n<p style=\"text-align: justify\">&#8211; B\u00e9n\u00e9ficier du <strong><span class='tooltipsall tooltip_post_id_5651 classtoolTips154'>RSA<\/span> \u00e0 partir de 18 ans, <\/strong>particuli\u00e8rement pour aider les \u00e9tudiants ;\u00a0<\/p>\n<p style=\"text-align: justify\">&#8211; Instituer un <strong>revenu universel provisoire <\/strong>au niveau du\u00a0<strong>seuil de pauvret\u00e9<\/strong>, qui correspond \u00e0 60 % du niveau de vie m\u00e9dian de la population, s&rsquo;\u00e9tablit \u00e0 1 041 euros par mois pour une personne seule en 2017, pour toutes les personnes sans emploi. \u00a0<br \/>\nEnsuite, toutes les personnes b\u00e9n\u00e9ficiant d\u2019un revenu universel se verraient proposer un contrat, d\u2019une dur\u00e9e de 12 \u00e0 18 mois, dit de \u00ab <strong>revenu contributif\u00a0\u00bb<\/strong>,<strong> correspondant \u00e0 un travail ou une activit\u00e9\u00a0d\u2019utilit\u00e9 sociale, environnementale ou culturelle<\/strong>. Un peu sur le mod\u00e8le des intermittents du spectacle. Ce contrat comprendrait<strong> obligatoirement<\/strong> une <strong>formation-reconversion,<\/strong> en phase avec la transition n\u00e9cessaire de notre soci\u00e9t\u00e9. En cas de refus, la personne retournerait au RSA\u2026\u00a0<br \/>\nAvec le revenu contributif, nous pourrions d\u00e9velopper des activit\u00e9s n\u00e9cessaires \u00e0 la transition\u2026 lesquelles int\u00e9ressent peu les soci\u00e9t\u00e9s globalis\u00e9es. Je veux dire d\u2019utilit\u00e9 sociale ou d\u2019innovation, de participation \u00e0 une <strong>\u00e9conomie contributive,<\/strong> permettant d\u2019autres formes de d\u00e9veloppement comme la r\u00e9silience territoriale. (<em>J\u2019ai trait\u00e9 ces aspects dans ma chronique du mois dernier<\/em>). <strong>\u00c9tonnamment, aucune annonce gouvernementale n\u2019a \u00e9t\u00e9 faite dans ces domaines\u00a0! <\/strong>(\u00c9conomie sociale et solidaire, vie associative, etc.). Bref\u00a0!<br \/>\n\u00c0 terme, les personnes pourraient b\u00e9n\u00e9ficier d\u2019un emploi public, cr\u00e9\u00e9 par l\u2019\u00c9tat ou les collectivit\u00e9s locales, ou trouver un emploi dans le secteur priv\u00e9 (esp\u00e9rons sorti de la crise sanitaire), soit encore que la personne d\u00e9cide de cr\u00e9er son activit\u00e9, voire son entreprise.<\/p>\n<p style=\"text-align: justify\">L\u2019utopie est, dit-on parfois, la r\u00e9alit\u00e9 de demain. En tous cas, elle donne un axe de r\u00e9flexion, voire d\u2019action. Une tribune sur le <strong>travail, sign\u00e9e par <\/strong>3000 chercheurs, sociologues, du monde entier, d\u00e9nomm\u00e9e<strong> \u00ab\u00a0d\u00e9mocratiser, d\u00e9marchandiser et d\u00e9polluer\u00a0\u00bb<\/strong>, soutient la th\u00e8se que c\u2019est en d\u00e9mocratisant l\u2019entreprise et en \u00ab\u00a0d\u00e9marchandisant\u00a0\u00bb le travail que nous pourrons \u00eatre en mesure de d\u00e9polluer la plan\u00e8te.<br \/>\n<strong>D\u00e9mocratiser l\u2019entreprise\u00a0<em>! <\/em><\/strong><strong><em>Le capitalisme a toujours cherch\u00e9 \u00e0 rendre invisibles les travailleurs, et \u00e0 les transformer en \u00ab\u00a0ressources\u00a0\u00bb. Or, il n\u2019y a ni production ni service sans \u00ab\u00a0investisseurs en travail\u00a0\u00bb\u00a0!<\/em> On a vu dans cette crise du COVID que les docteur.e.s, les infirmi\u00e8r.e.s, les pharmacien.nes, les livreur.e.s, les caissi\u00e8r.e.s, et toutes celles et ceux qui nous ont permis de continuer \u00e0 vivre dans cette p\u00e9riode de confinement,<\/strong> <strong>ne peuvent \u00eatre r\u00e9duits \u00e0 des \u00ab\u00a0ressources\u00a0\u00bb.<\/strong> On pourrait rajouter, bien s\u00fbr, toutes les personnes de l\u2019\u00e9ducation ou de la recherche fondamentale. Tous ces travailleurs ne peuvent pas \u00eatre soumis \u00e0 la logique de rentabilit\u00e9 du \u00ab\u00a0march\u00e9 du travail\u00a0\u00bb. Ils d\u00e9montrent chaque jour qu\u2019ils ne sont pas une simple \u00ab\u00a0partie prenante\u00a0\u00bb de l\u2019entreprise parmi d\u2019autres, mais <strong>une partie <\/strong><strong>constituante incontournable<\/strong>, toujours pratiquement exclue du droit de participer au gouvernement de l\u2019entreprise, monopolis\u00e9 par les \u00ab\u00a0investisseurs en capital\u00a0\u00bb qui nomment les administrateurs, lesquels choisissent l\u2019\u00e9quipe de direction, etc. Ainsi, les \u00ab\u00a0<span style=\"color: #228f0a\"><strong>investisseurs en travail<\/strong><\/span>\u00a0\u00bb n\u2019auraient rien \u00e0 dire pour valider les d\u00e9cisions, la strat\u00e9gie d\u2019entreprise, ou la r\u00e9partition des profits\u00a0? Ces enjeux seraient trop importants pour les laisser aux seuls repr\u00e9sentants des actionnaires\u00a0?<br \/>\nOn peut d\u00e9j\u00e0 penser que la voix des \u00ab<span style=\"color: #34b019\">\u00a0<strong><span style=\"color: #228f0a\">investisseurs en travail<\/span><\/strong><\/span>\u00a0\u00bb, partie prenante de la conduite des entreprises, n\u2019aurait pas permis certaines d\u00e9localisations, les \u00e9carts de r\u00e9mun\u00e9rations importants, la r\u00e9mun\u00e9ration excessive des actionnaires, etc. De m\u00eame, le travail investi n\u2019aurait pas \u00e9t\u00e9 trait\u00e9 comme une marchandise<strong>\u2026<br \/>\n<\/strong><strong>D\u00e9mocratiser<\/strong> l\u2019entreprise, <strong>d\u00e9marchandiser <\/strong>le travail, permettrait aussi de <strong>d\u00e9polluer <\/strong>la plan\u00e8te. La voix des \u00ab\u00a0<span style=\"color: #228f0a\"><strong>investisseurs en travail<\/strong><\/span>\u00a0\u00bb, dans les Conseils d\u2019Administration, aurait bloqu\u00e9e cette dynamique folle du capital qui accumule pour lui-m\u00eame en d\u00e9truisant la plan\u00e8te. Abandonn\u00e9s \u00e0 eux-m\u00eames et sans contrepouvoirs, la plupart des \u00ab\u00a0<span style=\"color: #ff0000\"><strong>investisseurs en capitaux<\/strong><\/span>\u00a0\u00bb ne veillent ni \u00e0 la dignit\u00e9 des \u00ab\u00a0<span style=\"color: #228f0a\"><strong>investisseurs en travail<\/strong><\/span>\u00a0\u00bb, ni \u00e0 la lutte contre l\u2019effondrement climatique.<br \/>\nCette approche repr\u00e9sente un <strong>choc culturel important pour tous<\/strong>, mais tellement indispensable\u00a0: sortir de l\u2019autoritarisme des \u00ab<span style=\"color: #ff0000\">\u00a0<strong>investisseurs en capital<\/strong><\/span>\u00a0\u00bb qui nous disent tout \u00e0 fait arbitrairement\u00a0\u00ab\u00a0nous nous savons comme il faut vous traiter, vous g\u00e9rer. Vous devez ob\u00e9ir, vous soumettre parce que c\u2019est la direction qui d\u00e9tient les savoirs, les connaissances\u00a0\u00bb. Ce lien de subordination, officialis\u00e9 dans les contrats de travail, oblige les salari\u00e9s \u00e0 faire des choses qu\u2019ils n\u2019accepteraient pas de faire en tant que citoyens, tout en d\u00e9veloppant un climat extr\u00eamement anxiog\u00e8ne de concurrence et de menaces latentes pour qu\u2019ensuite, les salari\u00e9s soient ob\u00e9issants\u2026<\/p>\n<p style=\"text-align: justify\"><strong>Certaines entreprises sociales ou coop\u00e9ratives,<\/strong> en poursuivant des objectifs hybrides \u00e0 la fois financiers, sociaux, et environnementaux et en d\u00e9veloppant un gouvernement interne d\u00e9mocratique, ont d\u2019ores et d\u00e9j\u00e0 d\u00e9montr\u00e9 la cr\u00e9dibilit\u00e9 d\u2019une participation des \u00ab\u00a0<strong><span style=\"color: #228f0a\">investisseurs en travail<\/span><\/strong>\u00a0\u00bb au gouvernement des entreprises . \u00a0\u00a0<\/p>\n<p style=\"text-align: justify\"><strong>Pour conclure. Si le capital pense qu\u2019il n\u2019a plus besoin de nous, cr\u00e9ons notre syst\u00e8me. Il faut se r\u00e9inventer. Il s\u2019agit de partager au mieux les revenus du travail, de changer notre rapport au travail et d\u2019avoir les moyens de r\u00e9orienter nos activit\u00e9s vers les besoins r\u00e9els de notre soci\u00e9t\u00e9, \u00e0 savoir les besoins sociaux, \u00e9cologiques et culturels. C\u2019est une ambition \u00e9norme\u2026 Mais c\u2019est en allant dans cette direction que nous sortirons de l\u2019engluement dans lequel le n\u00e9olib\u00e9ralisme nous a pi\u00e9g\u00e9s. <\/strong><\/p>\n<p style=\"text-align: right\"><em>Oncle JEF pour le Clairon de l\u2019Atax le 10\/06\/2020 <\/em><\/p>\n<p><em>\u00a0<\/em><\/p>\n<p>&nbsp;<\/p>\n<script type=\"text\/javascript\"> var tt_store_content = \"Le <span class='tooltipsall tooltip_post_id_3743 classtoolTips128'>CIRC<\/span> est le&nbsp; \\<a href\\='https\\:\\\/\\\/fr\\.wikipedia\\.org\\\/wiki\\\/Centre_international_de_recherche_sur_le_cancer' target\\='_blank' rel\\='noopener'\\>Centre international de Recherche sur le Cancer\\<\\\/a\\>, cr\u00e9\u00e9 en 1965 par l\u2019\\<a href\\='https\\:\\\/\\\/fr\\.wikipedia\\.org\\\/wiki\\\/Organisation_mondiale_de_la_sant%C3%A9' target\\='_blank' rel\\='noopener'\\>Organisation Mondiale de la Sant\u00e9\\<\\\/a\\> \\(OMS\\) des \\<a href\\='https\\:\\\/\\\/fr\\.wikipedia\\.org\\\/wiki\\\/Organisation_des_Nations_unies' target\\='_blank' rel\\='noopener'\\>Nations Unies\\<\\\/a\\>\\.\"; toolTips('.classtoolTips128',tt_store_content,'3743'); <\/script><script type=\"text\/javascript\"> var tt_store_content = \"\\<p style\\='text\\-align\\: center;'\\>\\<span style\\='font\\-size\\: 14pt;'\\>\\<strong\\>C\\<\\\/strong\\>entre \\<strong\\>C\\<\\\/strong\\>ommunal d'\\<strong\\>A\\<\\\/strong\\>ction \\<strong\\>S\\<\\\/strong\\>ociale\\<\\\/span\\>\\<\\\/p\\><br\/>\\<p style\\='text\\-align\\: justify;'\\>Un centre communal d'action sociale \\(<span class='tooltipsall tooltip_post_id_18100 classtoolTips132'>CCAS<\/span>\\) est, en France, un \u00e9tablissement public administr\u00e9 par un conseil d'administration pr\u00e9sid\u00e9 par le maire de la commune\\. Il a pour mission d'animer une action g\u00e9n\u00e9rale de pr\u00e9vention et de d\u00e9veloppement social au sein de la commune en liaison \u00e9troite avec les institutions publiques et priv\u00e9es\\<\\\/p\\>\"; toolTips('.classtoolTips132',tt_store_content,'18100'); <\/script><script type=\"text\/javascript\"> var tt_store_content = \"\\<p\\><span class='tooltipsall tooltip_post_id_19394 classtoolTips134'>SAGE<\/span> \\= \\<span class\\='st'\\> sch\u00e9ma d'am\u00e9nagement et de gestion de l'eau\\<\\\/span\\> , c'est un outil de planification qui concerne l'ensemble des eaux situ\u00e9es dans un bassin versant\\<\\\/p\\>\"; toolTips('.classtoolTips134',tt_store_content,'19394'); <\/script><script type=\"text\/javascript\"> var tt_store_content = \"\\<p style\\='text\\-align\\: center;'\\>\\<strong\\>\\<span style\\='font\\-size\\: 14pt;'\\>S\\<\\\/span\\>\\<\\\/strong\\>\\<span style\\='font\\-size\\: 14pt;'\\>oci\u00e9t\u00e9 d'\\<strong\\>\u00c9\\<\\\/strong\\>conomie \\<strong\\>M\\<\\\/strong\\>ixte\\<\\\/span\\>\\<\\\/p\\><br\/>\\<p style\\='text\\-align\\: justify;'\\>En France, une soci\u00e9t\u00e9 d'\u00e9conomie mixte est une soci\u00e9t\u00e9 anonyme dont le capital est majoritairement d\u00e9tenu par une ou plusieurs personnes publiques \\(\u00e0 savoir l'\u00c9tat, une Collectivit\u00e9 territoriale, ou tout autre \u00c9tablissement public\\)\\. Cette participation majoritaire publique est plafonn\u00e9e \u00e0 85&nbsp;% du capital depuis la Loi du 2 janvier 2002\\. Au moins une personne priv\u00e9e doit participer au capital de la <span class='tooltipsall tooltip_post_id_7168 classtoolTips142'>SEM<\/span>, sachant qu'il peut s'agir d'une autre SEM\\.\\<\\\/p\\><br\/>\\<p style\\='text\\-align\\: justify;'\\>\\<strong\\>Le recours \u00e0 la SEM garantit\\<\\\/strong\\> \u00e0 la collectivit\u00e9 publique actionnaire et cocontractante \\<strong\\>la prise en compte effective de l'int\u00e9r\u00eat g\u00e9n\u00e9ral\\<\\\/strong\\> dans les objectifs de l'entreprise \\<strong\\>et la souplesse de la soci\u00e9t\u00e9 de droit priv\u00e9\\<\\\/strong\\>\\.\\<\\\/p\\><br\/>\\<em\\>\\<a href\\='https\\:\\\/\\\/fr\\.wikipedia\\.org\\\/wiki\\\/Soci%C3%A9t%C3%A9_d%27%C3%A9conomie_mixte' target\\='_blank' rel\\='noopener'\\>Voir ici la page Wikipedia consacr\u00e9e aux SEM\\<\\\/a\\> \\<\\\/em\\><br\/><br\/>&nbsp;\"; toolTips('.classtoolTips142',tt_store_content,'7168'); <\/script><script type=\"text\/javascript\"> var tt_store_content = \"\\<p style\\='text\\-align\\: center;'\\>\\<span style\\='font\\-size\\: 14pt;'\\>\\<strong\\>B\\<\\\/strong\\>anque \\<strong\\>P\\<\\\/strong\\>ublique d\u2019\\<strong\\>I\\<\\\/strong\\>nvestissement\\<\\\/span\\>\\<\\\/p\\><br\/>Organisme fran\u00e7ais de financement et de d\u00e9veloppement des entreprises\\.<br\/>BPIFrance est pr\u00e9sid\u00e9e par la Caisse des D\u00e9p\u00f4ts, repr\u00e9sent\u00e9e par son directeur g\u00e9n\u00e9ral\\.<br\/><br\/>\\<a href\\='https\\:\\\/\\\/fr\\.wikipedia\\.org\\\/wiki\\\/Bpifrance' target\\='_blank' rel\\='noopener'\\>Acc\u00e9der ici \u00e0 la fiche Wikipedia de la BPI\\<\\\/a\\><br\/>\\<a href\\='http\\:\\\/\\\/www\\.bpifrance\\.fr\\\/' target\\='_blank' rel\\='noopener'\\>Acc\u00e9der ici au site de BPIFrance\\<\\\/a\\>\"; toolTips('.classtoolTips144',tt_store_content,'5634'); <\/script><script type=\"text\/javascript\"> var tt_store_content = \"\\<p style\\='text\\-align\\: center;'\\>\\<span style\\='font\\-size\\: 14pt;'\\>\\<strong\\>I\\<\\\/strong\\>mp\u00f4t sur la \\<strong\\>F\\<\\\/strong\\>ortune \\<strong\\>I\\<\\\/strong\\>mmobili\u00e8re\\<\\\/span\\>\\<\\\/p\\>\"; toolTips('.classtoolTips148',tt_store_content,'5643'); <\/script><script type=\"text\/javascript\"> var tt_store_content = \"\\<p style\\='text\\-align\\: center;'\\>\\<strong\\>Imp\u00f4t de Solidarit\u00e9 sur la Fortune\\<\\\/strong\\>\\<\\\/p\\>\"; toolTips('.classtoolTips149',tt_store_content,'3596'); <\/script><script type=\"text\/javascript\"> var tt_store_content = \"\\<p style\\='text\\-align\\: center;'\\>\\<span style\\='font\\-size\\: 14pt;'\\>\\<strong\\>R\\<\\\/strong\\>evenu de \\<strong\\>S\\<\\\/strong\\>olidarit\u00e9 \\<strong\\>A\\<\\\/strong\\>ctive\\<\\\/span\\>\\<\\\/p\\><br\/>\\<p style\\='text\\-align\\: justify;'\\>Le revenu de solidarit\u00e9 active est une prestation sociale fran\u00e7aise, g\u00e9r\u00e9e par les conseils d\u00e9partementaux, vers\u00e9e par les <span class='tooltipsall tooltip_post_id_5652 classtoolTips155'>CAF<\/span> et les MSA et destin\u00e9e \u00e0 garantir \u00e0 ses b\u00e9n\u00e9ficiaires, qu'ils aient ou non la capacit\u00e9 de travailler, un revenu minimum, avec en contrepartie une obligation de chercher un emploi ou de d\u00e9finir et suivre un projet professionnel visant \u00e0 am\u00e9liorer sa situation financi\u00e8re\\.\\<\\\/p\\><br\/>\\<p style\\='text\\-align\\: justify;'\\>Cette prestation sociale a \u00e9t\u00e9 mise en place en 2009, en remplacement du RMI \\(revenu minimum d'insertion\\), mis en place en 1988\\.\\<\\\/p\\><br\/>\\<p style\\='text\\-align\\: justify;'\\>En 2016, 2,5 millions de personnes \u00e9taient b\u00e9n\u00e9ficiaires du RSA\\.\\<\\\/p\\><br\/>\\<em\\>\\<a href\\='https\\:\\\/\\\/fr\\.wikipedia\\.org\\\/wiki\\\/Revenu_de_solidarit%C3%A9_active' target\\='_blank' rel\\='noopener'\\>Acc\u00e9der ici \u00e0 la fiche Wikipedia traitant du RSA\\<\\\/a\\><br\/>\\<a href\\='https\\:\\\/\\\/www\\.insee\\.fr\\\/fr\\\/metadonnees\\\/definition\\\/c1718' target\\='_blank' rel\\='noopener'\\>Acc\u00e9der ici \u00e0 la d\u00e9finition du RSA fournie par l'<span class='tooltipsall tooltip_post_id_6978 classtoolTips82'>INSEE<\/span>\\<\\\/a\\>\\<\\\/em\\>\"; toolTips('.classtoolTips154',tt_store_content,'5651'); <\/script><script type=\"text\/javascript\"> var tt_store_content = \"\\<p style\\='text\\-align\\: center;'\\>\\<span style\\='font\\-size\\: 14pt;'\\>\\<strong\\>R\\<\\\/strong\\>\u00e9pertoire \\<strong\\>N\\<\\\/strong\\>ational des \\<strong\\>A\\<\\\/strong\\>ssociations\\<\\\/span\\>\\<\\\/p\\>\"; toolTips('.classtoolTips159',tt_store_content,'24374'); <\/script><script type=\"text\/javascript\"> var tt_store_content = \"\\<p style\\='text\\-align\\: center;'\\>\\<strong\\>\\<span style\\='font\\-size\\: 14pt;'\\>G\\<\\\/span\\>\\<\\\/strong\\>\\<span style\\='font\\-size\\: 14pt;'\\>az \u00e0 \\<strong\\>E\\<\\\/strong\\>ffet de \\<strong\\>S\\<\\\/strong\\>erre\\<\\\/span\\>\\<\\\/p\\><br\/>\\<p style\\='text\\-align\\: justify;'\\>Les gaz \u00e0 effet de serre \\(<span class='tooltipsall tooltip_post_id_7232 classtoolTips161'>GES<\/span>\\) sont des composants gazeux qui absorbent le rayonnement infrarouge \u00e9mis par la surface terrestre et contribuent \u00e0 l'effet de serre\\. L'augmentation de leur concentration dans l'atmosph\u00e8re terrestre est l'un des facteurs \u00e0 l'origine du r\u00e9chauffement climatique\\.\\<\\\/p\\><br\/>\\<a href\\='https\\:\\\/\\\/fr\\.wikipedia\\.org\\\/wiki\\\/Gaz_%C3%A0_effet_de_serre' target\\='_blank' rel\\='noopener'\\>\\<em\\>Voir ici la fiche Wikipedia sur les gaz \u00e0 effet de serre\\<\\\/em\\>\\<\\\/a\\>\"; toolTips('.classtoolTips161',tt_store_content,'7232'); <\/script><script type=\"text\/javascript\"> var tt_store_content = \"\\<p style\\='text\\-align\\: justify'\\>La \u00ab\u00a0\\<b\\>programmation pluriannuelle de l'\u00e9nergie\\<\\\/b\\>\u00a0\u00bb \\(<span class='tooltipsall tooltip_post_id_7750 classtoolTips164'>PPE<\/span>\\) est, en France, un document strat\u00e9gique de pilotage de la transition \u00e9nerg\u00e9tique\\. Institu\u00e9e par l'article 176 de la \\<a title\\='Loi relative \u00e0 la transition \u00e9nerg\u00e9tique pour la croissance verte' href\\='https\\:\\\/\\\/fr\\.wikipedia\\.org\\\/wiki\\\/Loi_relative_%C3%A0_la_transition_%C3%A9nerg%C3%A9tique_pour_la_croissance_verte'\\>loi de transition \u00e9nerg\u00e9tique\\<\\\/a\\> \\(TECV\\), elle fixe une trajectoire pour le \\<a title\\='Mix \u00e9nerg\u00e9tique' href\\='https\\:\\\/\\\/fr\\.wikipedia\\.org\\\/wiki\\\/Mix_%C3%A9nerg%C3%A9tique'\\>mix \u00e9nerg\u00e9tique\\<\\\/a\\>, ainsi que \\<span class\\='citation'\\>\u00ab\u00a0les priorit\u00e9s d'action pour la gestion de l\u2019ensemble des formes d'\u00e9nergie sur le territoire m\u00e9tropolitain continental, afin d\u2019atteindre les objectifs nationaux fix\u00e9s par la loi\u00a0\u00bb\\<\\\/span\\>\\. \\(Wikip\u00e9dia\\)\\<\\\/p\\>\"; toolTips('.classtoolTips164',tt_store_content,'7750'); <\/script><script type=\"text\/javascript\"> var tt_store_content = \"\\<p style\\='text\\-align\\: justify'\\>La \u00ab\u00a0\\<b\\>programmation pluriannuelle de l'\u00e9nergie\\<\\\/b\\>\u00a0\u00bb \\(PPE\\) est, en France, un document strat\u00e9gique de pilotage de la transition \u00e9nerg\u00e9tique\\. Institu\u00e9e par l'article 176 de la \\<a title\\='Loi relative \u00e0 la transition \u00e9nerg\u00e9tique pour la croissance verte' href\\='https\\:\\\/\\\/fr\\.wikipedia\\.org\\\/wiki\\\/Loi_relative_%C3%A0_la_transition_%C3%A9nerg%C3%A9tique_pour_la_croissance_verte'\\>loi de transition \u00e9nerg\u00e9tique\\<\\\/a\\> \\(TECV\\), elle fixe une trajectoire pour le \\<a title\\='Mix \u00e9nerg\u00e9tique' href\\='https\\:\\\/\\\/fr\\.wikipedia\\.org\\\/wiki\\\/Mix_%C3%A9nerg%C3%A9tique'\\>mix \u00e9nerg\u00e9tique\\<\\\/a\\>, ainsi que \\<span class\\='citation'\\>\u00ab\u00a0les priorit\u00e9s d'action pour la gestion de l\u2019ensemble des formes d'\u00e9nergie sur le territoire m\u00e9tropolitain continental, afin d\u2019atteindre les objectifs nationaux fix\u00e9s par la loi\u00a0\u00bb\\<\\\/span\\>\\. \\(Wikip\u00e9dia\\)\\<\\\/p\\>\"; toolTips('.classtoolTips164',tt_store_content,'7750'); <\/script><script type=\"text\/javascript\"> var tt_store_content = \"\\<p style\\='text\\-align\\: justify;'\\>Le Conseil d'Orientation des Retraites est une instance qui r\u00e9unit &nbsp;\\<span class\\='st'\\>les principaux acteurs du champ des retraites\\<\\\/span\\> et effectue un travail d'\u00e9tudes et de concertation\\. Compos\u00e9 de parlementaires, de repr\u00e9sentants des organisations professionnelles et syndicales, des retrait\u00e9s et des familles, de membres de l'administration et d'experts, le Conseil d'orientation des retraites \\(<span class='tooltipsall tooltip_post_id_7751 classtoolTips165'>COR<\/span>\\) est plac\u00e9 aupr\u00e8s du Premier ministre\\.\\<\\\/p\\>\"; toolTips('.classtoolTips165',tt_store_content,'7751'); <\/script><script type=\"text\/javascript\"> var tt_store_content = \"\\<p style\\='text\\-align\\: center;'\\>\\<em\\>\\<strong\\>Banque Centrale Europ\u00e9enne\\<\\\/strong\\>\\<\\\/em\\>\\<\\\/p\\><br\/>Aller sur \\<a href\\='http\\:\\\/\\\/www\\.ecb\\.europa\\.eu\\\/home\\\/languagepolicy\\\/html\\\/index\\.fr\\.html' target\\='_blank' rel\\='noopener'\\>le site de la BCE\\<\\\/a\\><br\/>Voir la \\<a href\\='https\\:\\\/\\\/fr\\.wikipedia\\.org\\\/wiki\\\/Banque_centrale_europ%C3%A9enne' target\\='_blank' rel\\='noopener'\\>fiche Wikipedia de la BCE\\<\\\/a\\>\"; toolTips('.classtoolTips166',tt_store_content,'4170'); <\/script><script type=\"text\/javascript\"> var tt_store_content = \"\\<p style\\='text\\-align\\: center;'\\>\\<span style\\='font\\-size\\: 14pt;'\\>\\<strong\\>O\\<\\\/strong\\>rganisation \\<strong\\>M\\<\\\/strong\\>\u00e9t\u00e9orologique \\<strong\\>M\\<\\\/strong\\>ondiale<br\/>\\<strong\\>W\\<\\\/strong\\>orld \\<strong\\>M\\<\\\/strong\\>eteorological \\<strong\\>O\\<\\\/strong\\>rganization\\<\\\/span\\>\\<\\\/p\\><br\/>&nbsp;<br\/><br\/>\\<a href\\='https\\:\\\/\\\/public\\.wmo\\.int\\\/fr' target\\='_blank' rel\\='noopener'\\>\\<em\\>Acc\u00e9der ici au site de l'organisation\\<\\\/em\\>\\<\\\/a\\>\"; toolTips('.classtoolTips168',tt_store_content,'7763'); <\/script><script type=\"text\/javascript\"> var tt_store_content = \"\\<p style\\='text\\-align\\: center;'\\>\\<span style\\='font\\-size\\: 14pt;'\\>\\<strong\\>\u00c9\\<\\\/strong\\>cole \\<strong\\>N\\<\\\/strong\\>ationale d'\\<strong\\>A\\<\\\/strong\\>dministration\\<\\\/span\\>\\<\\\/p\\>\"; toolTips('.classtoolTips170',tt_store_content,'5213'); <\/script><script type=\"text\/javascript\"> var tt_store_content = \"\\<p style\\='text\\-align\\: justify'\\>\\<span class\\='ILfuVd'\\>La politique agricole commune \\(\\<b\\><span class='tooltipsall tooltip_post_id_11364 classtoolTips174'>PAC<\/span>\\<\\\/b\\>\\) est une politique mise en place \u00e0 l'\u00e9chelle de l'Union europ\u00e9enne\\. \u00c0 l'origine, elle est fond\u00e9e principalement sur des mesures de contr\u00f4le des prix et de subventionnement, visant \u00e0 moderniser et d\u00e9velopper l'agriculture\\.\\<\\\/span\\> \\(source Wikipedia\\)\\<\\\/p\\>\"; toolTips('.classtoolTips174',tt_store_content,'11364'); <\/script><script type=\"text\/javascript\"> var tt_store_content = \"\\<p style\\='text\\-align\\: center;'\\>\\<span style\\='font\\-size\\: 14pt;'\\>\\<strong\\>P\\<\\\/strong\\>\\<\\\/span\\>\\<span style\\='font\\-size\\: 14pt;'\\>lan \\<strong\\>L\\<\\\/strong\\>\\<\\\/span\\>\\<span style\\='font\\-size\\: 14pt;'\\>ocal d'\\<strong\\>U\\<\\\/strong\\>\\<\\\/span\\>\\<span style\\='font\\-size\\: 14pt;'\\>rbanisme\\<\\\/span\\>\\<\\\/p\\><br\/>&nbsp;\"; toolTips('.classtoolTips176',tt_store_content,'4979'); <\/script><script type=\"text\/javascript\"> var tt_store_content = \"\\<p style\\='text\\-align\\: center;'\\>\\<strong\\>P\\<\\\/strong\\>roduit \\<strong\\>I\\<\\\/strong\\>nt\u00e9rieur \\<strong\\>B\\<\\\/strong\\>rut\\<\\\/p\\><br\/>Indicateur \u00e9conomique, le PIB repr\u00e9sente la valeur de la richesse \\('valeur ajout\u00e9e\\)' cr\u00e9\u00e9e par un territoire donn\u00e9, pendant une p\u00e9riode donn\u00e9e, par les activit\u00e9s \u00e9conomiques situ\u00e9es sur ce territoire\\. En g\u00e9n\u00e9ral, on parle de PIB pour une ann\u00e9e donn\u00e9e\\.<br\/><br\/>\\<a href\\='https\\:\\\/\\\/fr\\.wikipedia\\.org\\\/wiki\\\/Produit_int%C3%A9rieur_brut' target\\='_blank' rel\\='noopener'\\>Voir ici la fiche Wikipedia sur le sujet\\<\\\/a\\><br\/><br\/>&nbsp;\"; toolTips('.classtoolTips177',tt_store_content,'4470'); <\/script><script type=\"text\/javascript\"> var tt_store_content = \"\\<p\\>Conseil \u00c9conomique et Social\\<\\\/p\\>\"; toolTips('.classtoolTips180',tt_store_content,'29829'); <\/script><script type=\"text\/javascript\"> var tt_store_content = \"\\<p style\\='text\\-align\\: center;'\\>\\<span style\\='font\\-size\\: 14pt;'\\>\\<strong\\>A\\<\\\/strong\\>gence \\<strong\\>R\\<\\\/strong\\>\u00e9gionale de \\<strong\\>S\\<\\\/strong\\>ant\u00e9\\<\\\/span\\>\\<\\\/p\\>\"; toolTips('.classtoolTips188',tt_store_content,'18356'); <\/script><script type=\"text\/javascript\"> var tt_store_content = \"\\<p style\\='text\\-align\\: center;'\\>\\<span style\\='font\\-size\\: 14pt;'\\>\\<strong\\>G\\<\\\/strong\\>roupement \\<strong\\>H\\<\\\/strong\\>ospitalier de \\<strong\\>T\\<\\\/strong\\>erritoire\\<\\\/span\\>\\<\\\/p\\><br\/>\\<p style\\='text\\-align\\: justify;'\\>Les groupements hospitaliers de territoires, dispositif pr\u00e9vu par la loi de sant\u00e9 2016, sont un nouveau mode de coop\u00e9ration entre les \u00e9tablissements publics de sant\u00e9 \u00e0 l\u2019\u00e9chelle d\u2019un territoire\\<\\\/p\\>\"; toolTips('.classtoolTips189',tt_store_content,'18358'); <\/script><script type=\"text\/javascript\"> var tt_store_content = \"\\<p style\\='text\\-align\\: center;'\\>\\<span style\\='font\\-size\\: 14pt;'\\>\\<strong\\>C\\<\\\/strong\\>omit\u00e9 \\<strong\\>T\\<\\\/strong\\>echnique d'\\<strong\\>\u00c9\\<\\\/strong\\>tablissement\\<\\\/span\\>\\<\\\/p\\>\"; toolTips('.classtoolTips191',tt_store_content,'18359'); <\/script><script type=\"text\/javascript\"> var tt_store_content = \"\\<p style\\='text\\-align\\: center;'\\>\\<strong\\>\\<span style\\='font\\-size\\: 14pt;'\\>P\\<\\\/span\\>\\<\\\/strong\\>\\<span style\\='font\\-size\\: 14pt;'\\>rogrammation \\<strong\\>P\\<\\\/strong\\>luri\\-annuelle de l'\\<strong\\>\u00c9\\<\\\/strong\\>nergie\\<\\\/span\\>\\<\\\/p\\><br\/>La PPE est est en France un document strat\u00e9gique de pilotage de la transition \u00e9nerg\u00e9tique\\. Institu\u00e9e par l'article 176 de la loi transition \u00e9nerg\u00e9tique \\(TECV\\)\\. Elle fixe \\(par \u00e9nergie\\) une trajectoire pour le mix \u00e9nerg\u00e9tique, ainsi que \u00ab&nbsp;\\<em\\>les priorit\u00e9s d'action pour la gestion de l\u2019ensemble des formes d'\u00e9nergie sur le territoire m\u00e9tropolitain continental, afin d\u2019atteindre les objectifs nationaux fix\u00e9s par la loi\\<\\\/em\\>&nbsp;\u00bb\\.<br\/><br\/>Initi\u00e9e en 2016, elle est r\u00e9vis\u00e9e en 2018 puis ensuite tous les 5 ans\\.<br\/><br\/>\\<a href\\='https\\:\\\/\\\/fr\\.wikipedia\\.org\\\/wiki\\\/Programmation_pluriannuelle_de_l'\u00e9nergi' target\\='_blank' rel\\='noopener'\\>\\<em\\>Voir ici la page Wikipedia consacr\u00e9e \u00e0 la PPE\\<\\\/em\\>\\<\\\/a\\><br\/>\\<a href\\='https\\:\\\/\\\/ppe\\.debatpublic\\.fr\\\/' target\\='_blank' rel\\='noopener'\\>\\<em\\>Voir ici la page du site 'Commission du D\u00e9bat Public' consacr\u00e9e \u00e0 la PPE\\<\\\/em\\>\\<\\\/a\\>\"; toolTips('.classtoolTips193',tt_store_content,'7102'); <\/script><script type=\"text\/javascript\"> var tt_store_content = \"\\<p style\\='text\\-align\\: center;'\\>\\<span style\\='font\\-size\\: 14pt;'\\>\\<strong\\>E\\<\\\/strong\\>volutionary \\<strong\\>P\\<\\\/strong\\>ower \\<strong\\>R\\<\\\/strong\\>eactor\\<\\\/span\\>\\<\\\/p\\><br\/>\\<p style\\='text\\-align\\: justify;'\\>R\u00e9acteur nucl\u00e9aire de troisi\u00e8me g\u00e9n\u00e9ration \\(classification internationale\\), con\u00e7u et d\u00e9velopp\u00e9 par <span class='tooltipsall tooltip_post_id_5121 classtoolTips35'>Areva NP<\/span>&nbsp; au cours des ann\u00e9es 1990 et 2000\\. Il fait partie de la fili\u00e8re des r\u00e9acteurs \u00e0 eau pressuris\u00e9e\\.\\<\\\/p\\><br\/>\\<a href\\='https\\:\\\/\\\/fr\\.wikipedia\\.org\\\/wiki\\\/R%C3%A9acteur_pressuris%C3%A9_europ%C3%A9en' target\\='_blank' rel\\='noopener'\\>\\<em\\>Voir ici la fiche Wikipedia <span class='tooltipsall tooltip_post_id_5579 classtoolTips196'>EPR<\/span>\\<\\\/em\\>\\<\\\/a\\>\"; toolTips('.classtoolTips196',tt_store_content,'5579'); <\/script><script type=\"text\/javascript\"> var tt_store_content = \"\\<p\\><span class='tooltipsall tooltip_post_id_21204 classtoolTips199'>COV<\/span> \\= Compos\u00e9 Organique Volatile\\<\\\/p\\>\"; toolTips('.classtoolTips199',tt_store_content,'21204'); <\/script><script type=\"text\/javascript\"> var tt_store_content = \"\\<p style\\='text\\-align\\: center;'\\>\\<strong\\>R\\<\\\/strong\\>\u00e9seau \\<strong\\>A\\<\\\/strong\\>ction \\<strong\\>C\\<\\\/strong\\>limat\\<\\\/p\\><br\/>Le r\u00e9seau Action Climat '\\<em\\>f\u00e9d\u00e8re les associations impliqu\u00e9es dans la lutte contre les changements climatiques et pour une transition \u00e9cologique, solidaire et \u00e9quitable\\<\\\/em\\>'\\.<br\/><br\/>\\<a href\\='https\\:\\\/\\\/reseauactionclimat\\.org\\\/' target\\='_blank' rel\\='noopener'\\>Voir le site du <span class='tooltipsall tooltip_post_id_4309 classtoolTips200'>RAC<\/span>\\<\\\/a\\>\"; toolTips('.classtoolTips200',tt_store_content,'4309'); <\/script><script type=\"text\/javascript\"> var tt_store_content = \"\\<p style\\='text\\-align\\: center;'\\>\\<strong\\>\\<span style\\='font\\-size\\: 14pt;'\\>R\\<\\\/span\\>\\<\\\/strong\\>\\<span style\\='font\\-size\\: 14pt;'\\>eferendum d'\\<strong\\>I\\<\\\/strong\\>nitiative \\<strong\\>C\\<\\\/strong\\>itoyenne\\<\\\/span\\>\\<\\\/p\\>\"; toolTips('.classtoolTips205',tt_store_content,'12268'); <\/script><script type=\"text\/javascript\"> var tt_store_content = \"\\<p\\><span class='tooltipsall tooltip_post_id_25844 classtoolTips208'>RTE<\/span> \\= R\u00e9seau de Transport d'Electricit\u00e9 est une filiale d'<span class='tooltipsall tooltip_post_id_7035 classtoolTips178'>EDF<\/span> qui est l'actionnaire majoritaire avec 50,1% des parts le reste \u00e9tant partag\u00e9 par la CDC et la CNP\\<\\\/p\\>\"; toolTips('.classtoolTips208',tt_store_content,'25844'); <\/script><script type=\"text\/javascript\"> var tt_store_content = \"\\<p style\\='text\\-align\\: center;'\\>\\<span style\\='font\\-size\\: 14pt;'\\>\\<strong\\>O\\<\\\/strong\\>rganisation\\<strong\\> N\\<\\\/strong\\>on\\<strong\\> G\\<\\\/strong\\>ouvernementale\\<\\\/span\\>\\<\\\/p\\><br\/>Une organisation non gouvernementale \\(<span class='tooltipsall tooltip_post_id_3579 classtoolTips210'>ONG<\/span>\\) est une \\<a title\\='Association \u00e0 but non lucratif' href\\='https\\:\\\/\\\/fr\\.wikipedia\\.org\\\/wiki\\\/Association_%C3%A0_but_non_lucratif' target\\='_blank' rel\\='noopener'\\>association \u00e0 but non lucratif\\<\\\/a\\>, d'int\u00e9r\u00eat public, qui ne rel\u00e8ve ni de l'\u00c9tat, ni d'institutions internationales\\<sup id\\='cite_ref\\-novethic_1\\-0' class\\='reference'\\>\\<\\\/sup\\>\\. Les ONG n'ont pas le statut de sujet de \\<a title\\='Droit international public' href\\='https\\:\\\/\\\/fr\\.wikipedia\\.org\\\/wiki\\\/Droit_international_public' target\\='_blank' rel\\='noopener'\\>droit international\\<\\\/a\\>\\.\"; toolTips('.classtoolTips210',tt_store_content,'3579'); <\/script><script type=\"text\/javascript\"> var tt_store_content = \"\\<p style\\='text\\-align\\: center;'\\>\\<span style\\='font\\-size\\: 14pt;'\\>\\<strong\\>O\\<\\\/strong\\>rganisation\\<strong\\> N\\<\\\/strong\\>on\\<strong\\> G\\<\\\/strong\\>ouvernementale\\<\\\/span\\>\\<\\\/p\\><br\/>Une organisation non gouvernementale \\(ONG\\) est une \\<a title\\='Association \u00e0 but non lucratif' href\\='https\\:\\\/\\\/fr\\.wikipedia\\.org\\\/wiki\\\/Association_%C3%A0_but_non_lucratif' target\\='_blank' rel\\='noopener'\\>association \u00e0 but non lucratif\\<\\\/a\\>, d'int\u00e9r\u00eat public, qui ne rel\u00e8ve ni de l'\u00c9tat, ni d'institutions internationales\\<sup id\\='cite_ref\\-novethic_1\\-0' class\\='reference'\\>\\<\\\/sup\\>\\. Les ONG n'ont pas le statut de sujet de \\<a title\\='Droit international public' href\\='https\\:\\\/\\\/fr\\.wikipedia\\.org\\\/wiki\\\/Droit_international_public' target\\='_blank' rel\\='noopener'\\>droit international\\<\\\/a\\>\\.\"; toolTips('.classtoolTips210',tt_store_content,'3579'); <\/script><script type=\"text\/javascript\"> var tt_store_content = \"\\<p\\><span class='tooltipsall tooltip_post_id_24572 classtoolTips211'>MIT<\/span> \\= Massachussets Institute of Technology, prestigieuse universit\u00e9 am\u00e9ricaine de la c\u00f4te est\\<\\\/p\\>\"; toolTips('.classtoolTips211',tt_store_content,'24572'); <\/script><script type=\"text\/javascript\"> var tt_store_content = \"\\<p style\\='text\\-align\\: center;'\\>\\<strong\\>J\\<\\\/strong\\>eux \\<strong\\>O\\<\\\/strong\\>lympiques<br\/>ou<br\/>\\<strong\\>J\\<\\\/strong\\>ournal \\<strong\\>O\\<\\\/strong\\>fficiel de la R\u00e9publique Fran\u00e7aise\\<\\\/p\\>\"; toolTips('.classtoolTips213',tt_store_content,'4451'); <\/script><script type=\"text\/javascript\"> var tt_store_content = \"\\<p\\><span class='tooltipsall tooltip_post_id_30593 classtoolTips214'>RN<\/span> \\= Rassemble National, c'est le parti d'extr\u00eame droite de Marine Le Pen qui succ\u00e8de au FN \\= Front National fond\u00e9 par son p\u00e8re Jean Marie Le Pen\\<\\\/p\\>\"; toolTips('.classtoolTips214',tt_store_content,'30593'); <\/script><script type=\"text\/javascript\"> var tt_store_content = \"\\<p style\\='text\\-align\\: center;'\\>\\<span style\\='font\\-size\\: 14pt;'\\>\\<strong\\>C\\<\\\/strong\\>entre \\<strong\\>H\\<\\\/strong\\>ospitalier\\<\\\/span\\>\\<\\\/p\\>\"; toolTips('.classtoolTips220',tt_store_content,'18357'); <\/script><script type=\"text\/javascript\"> var tt_store_content = \"\\<p\\>D\u00e9chets radioactifs \u00e0 Haute Activit\u00e9 \\(classement <span class='tooltipsall tooltip_post_id_3612 classtoolTips79'>ANDRA<\/span>\\)\\<\\\/p\\>\"; toolTips('.classtoolTips223',tt_store_content,'19196'); <\/script>_______________________<br>Notes<ol class=\"footnotes\"><li id=\"footnote_1_21882\" class=\"footnote\">qui permet de passer un ordre boursier toutes le 40 micro secondes<span class=\"footnote-back-link-wrapper\">[<a href=\"#identifier_1_21882\" class=\"footnote-link footnote-back-link\">&#8617;<\/a>]<\/span><\/li><\/ol>_______________________","protected":false},"excerpt":{"rendered":"<p>D\u00e9mocratiser l\u2019entreprise ! Le capitalisme a toujours cherch\u00e9 \u00e0 rendre invisibles les travailleurs, et \u00e0 les transformer en \u00ab ressources \u00bb. Or, il n\u2019y a ni production ni service sans \u00ab investisseurs en travail \u00bb. Ils d\u00e9montrent chaque jour qu\u2019ils ne sont pas une simple \u00ab partie prenante \u00bb de l\u2019entreprise parmi d\u2019autres, mais une partie constituante incontournable, pourtant toujours pratiquement exclue du droit de participer au gouvernement de l\u2019entreprise, monopolis\u00e9 par les \u00ab investisseurs en capital \u00bb<script type=\"text\/javascript\"> var tt_store_content = \"Le <span class='tooltipsall tooltip_post_id_3743 classtoolTips128'>CIRC<\/span> est le&nbsp; \\<a href\\='https\\:\\\/\\\/fr\\.wikipedia\\.org\\\/wiki\\\/Centre_international_de_recherche_sur_le_cancer' target\\='_blank' rel\\='noopener'\\>Centre international de Recherche sur le Cancer\\<\\\/a\\>, cr\u00e9\u00e9 en 1965 par l\u2019\\<a href\\='https\\:\\\/\\\/fr\\.wikipedia\\.org\\\/wiki\\\/Organisation_mondiale_de_la_sant%C3%A9' target\\='_blank' rel\\='noopener'\\>Organisation Mondiale de la Sant\u00e9\\<\\\/a\\> \\(OMS\\) des \\<a href\\='https\\:\\\/\\\/fr\\.wikipedia\\.org\\\/wiki\\\/Organisation_des_Nations_unies' target\\='_blank' rel\\='noopener'\\>Nations Unies\\<\\\/a\\>\\.\"; toolTips('.classtoolTips128',tt_store_content,'3743'); <\/script><script type=\"text\/javascript\"> var tt_store_content = \"\\<\/p>\n<p style\\='text\\-align\\: center;'\\>\\<span style\\='font\\-size\\: 14pt;'\\>\\<strong\\>C\\<\\\/strong\\>entre \\<strong\\>C\\<\\\/strong\\>ommunal d'\\<strong\\>A\\<\\\/strong\\>ction \\<strong\\>S\\<\\\/strong\\>ociale\\<\\\/span\\>\\<\\\/p\\><br \/>\\<\/p>\n<p style\\='text\\-align\\: justify;'\\>Un centre communal d'action sociale \\(<span class='tooltipsall tooltip_post_id_18100 classtoolTips132'>CCAS<\/span>\\) est, en France, un \u00e9tablissement public administr\u00e9 par un conseil d'administration pr\u00e9sid\u00e9 par le maire de la commune\\. Il a pour mission d'animer une action g\u00e9n\u00e9rale de pr\u00e9vention et de d\u00e9veloppement social au sein de la commune en liaison \u00e9troite avec les institutions publiques et priv\u00e9es\\<\\\/p\\>\"; toolTips('.classtoolTips132',tt_store_content,'18100'); <\/script><script type=\"text\/javascript\"> var tt_store_content = \"\\<p\\><span class='tooltipsall tooltip_post_id_19394 classtoolTips134'>SAGE<\/span> \\= \\<span class\\='st'\\> sch\u00e9ma d'am\u00e9nagement et de gestion de l'eau\\<\\\/span\\> , c'est un outil de planification qui concerne l'ensemble des eaux situ\u00e9es dans un bassin versant\\<\\\/p\\>\"; toolTips('.classtoolTips134',tt_store_content,'19394'); <\/script><script type=\"text\/javascript\"> var tt_store_content = \"\\<\/p>\n<p style\\='text\\-align\\: center;'\\>\\<strong\\>\\<span style\\='font\\-size\\: 14pt;'\\>S\\<\\\/span\\>\\<\\\/strong\\>\\<span style\\='font\\-size\\: 14pt;'\\>oci\u00e9t\u00e9 d'\\<strong\\>\u00c9\\<\\\/strong\\>conomie \\<strong\\>M\\<\\\/strong\\>ixte\\<\\\/span\\>\\<\\\/p\\><br \/>\\<\/p>\n<p style\\='text\\-align\\: justify;'\\>En France, une soci\u00e9t\u00e9 d'\u00e9conomie mixte est une soci\u00e9t\u00e9 anonyme dont le capital est majoritairement d\u00e9tenu par une ou plusieurs personnes publiques \\(\u00e0 savoir l'\u00c9tat, une Collectivit\u00e9 territoriale, ou tout autre \u00c9tablissement public\\)\\. Cette participation majoritaire publique est plafonn\u00e9e \u00e0 85&nbsp;% du capital depuis la Loi du 2 janvier 2002\\. Au moins une personne priv\u00e9e doit participer au capital de la <span class='tooltipsall tooltip_post_id_7168 classtoolTips142'>SEM<\/span>, sachant qu'il peut s'agir d'une autre SEM\\.\\<\\\/p\\><br \/>\\<\/p>\n<p style\\='text\\-align\\: justify;'\\>\\<strong\\>Le recours \u00e0 la SEM garantit\\<\\\/strong\\> \u00e0 la collectivit\u00e9 publique actionnaire et cocontractante \\<strong\\>la prise en compte effective de l'int\u00e9r\u00eat g\u00e9n\u00e9ral\\<\\\/strong\\> dans les objectifs de l'entreprise \\<strong\\>et la souplesse de la soci\u00e9t\u00e9 de droit priv\u00e9\\<\\\/strong\\>\\.\\<\\\/p\\><br \/>\\<em\\>\\<a href\\='https\\:\\\/\\\/fr\\.wikipedia\\.org\\\/wiki\\\/Soci%C3%A9t%C3%A9_d%27%C3%A9conomie_mixte' target\\='_blank' rel\\='noopener'\\>Voir ici la page Wikipedia consacr\u00e9e aux SEM\\<\\\/a\\> \\<\\\/em\\><\/p>\n<p>&nbsp;\"; toolTips('.classtoolTips142',tt_store_content,'7168'); <\/script><script type=\"text\/javascript\"> var tt_store_content = \"\\<\/p>\n<p style\\='text\\-align\\: center;'\\>\\<span style\\='font\\-size\\: 14pt;'\\>\\<strong\\>B\\<\\\/strong\\>anque \\<strong\\>P\\<\\\/strong\\>ublique d\u2019\\<strong\\>I\\<\\\/strong\\>nvestissement\\<\\\/span\\>\\<\\\/p\\><br \/>Organisme fran\u00e7ais de financement et de d\u00e9veloppement des entreprises\\.<br \/>BPIFrance est pr\u00e9sid\u00e9e par la Caisse des D\u00e9p\u00f4ts, repr\u00e9sent\u00e9e par son directeur g\u00e9n\u00e9ral\\.<\/p>\n<p>\\<a href\\='https\\:\\\/\\\/fr\\.wikipedia\\.org\\\/wiki\\\/Bpifrance' target\\='_blank' rel\\='noopener'\\>Acc\u00e9der ici \u00e0 la fiche Wikipedia de la <span class='tooltipsall tooltip_post_id_5634 classtoolTips144'>BPI<\/span>\\<\\\/a\\><br \/>\\<a href\\='http\\:\\\/\\\/www\\.bpifrance\\.fr\\\/' target\\='_blank' rel\\='noopener'\\>Acc\u00e9der ici au site de BPIFrance\\<\\\/a\\>\"; toolTips('.classtoolTips144',tt_store_content,'5634'); <\/script><script type=\"text\/javascript\"> var tt_store_content = \"\\<\/p>\n<p style\\='text\\-align\\: center;'\\>\\<span style\\='font\\-size\\: 14pt;'\\>\\<strong\\>I\\<\\\/strong\\>mp\u00f4t sur la \\<strong\\>F\\<\\\/strong\\>ortune \\<strong\\>I\\<\\\/strong\\>mmobili\u00e8re\\<\\\/span\\>\\<\\\/p\\>\"; toolTips('.classtoolTips148',tt_store_content,'5643'); <\/script><script type=\"text\/javascript\"> var tt_store_content = \"\\<\/p>\n<p style\\='text\\-align\\: center;'\\>\\<strong\\>Imp\u00f4t de Solidarit\u00e9 sur la Fortune\\<\\\/strong\\>\\<\\\/p\\>\"; toolTips('.classtoolTips149',tt_store_content,'3596'); <\/script><script type=\"text\/javascript\"> var tt_store_content = \"\\<\/p>\n<p style\\='text\\-align\\: center;'\\>\\<span style\\='font\\-size\\: 14pt;'\\>\\<strong\\>R\\<\\\/strong\\>evenu de \\<strong\\>S\\<\\\/strong\\>olidarit\u00e9 \\<strong\\>A\\<\\\/strong\\>ctive\\<\\\/span\\>\\<\\\/p\\><br \/>\\<\/p>\n<p style\\='text\\-align\\: justify;'\\>Le revenu de solidarit\u00e9 active est une prestation sociale fran\u00e7aise, g\u00e9r\u00e9e par les conseils d\u00e9partementaux, vers\u00e9e par les <span class='tooltipsall tooltip_post_id_5652 classtoolTips155'>CAF<\/span> et les MSA et destin\u00e9e \u00e0 garantir \u00e0 ses b\u00e9n\u00e9ficiaires, qu'ils aient ou non la capacit\u00e9 de travailler, un revenu minimum, avec en contrepartie une obligation de chercher un emploi ou de d\u00e9finir et suivre un projet professionnel visant \u00e0 am\u00e9liorer sa situation financi\u00e8re\\.\\<\\\/p\\><br \/>\\<\/p>\n<p style\\='text\\-align\\: justify;'\\>Cette prestation sociale a \u00e9t\u00e9 mise en place en 2009, en remplacement du RMI \\(revenu minimum d'insertion\\), mis en place en 1988\\.\\<\\\/p\\><br \/>\\<\/p>\n<p style\\='text\\-align\\: justify;'\\>En 2016, 2,5 millions de personnes \u00e9taient b\u00e9n\u00e9ficiaires du <span class='tooltipsall tooltip_post_id_5651 classtoolTips154'>RSA<\/span>\\.\\<\\\/p\\><br \/>\\<em\\>\\<a href\\='https\\:\\\/\\\/fr\\.wikipedia\\.org\\\/wiki\\\/Revenu_de_solidarit%C3%A9_active' target\\='_blank' rel\\='noopener'\\>Acc\u00e9der ici \u00e0 la fiche Wikipedia traitant du RSA\\<\\\/a\\><br \/>\\<a href\\='https\\:\\\/\\\/www\\.insee\\.fr\\\/fr\\\/metadonnees\\\/definition\\\/c1718' target\\='_blank' rel\\='noopener'\\>Acc\u00e9der ici \u00e0 la d\u00e9finition du RSA fournie par l'<span class='tooltipsall tooltip_post_id_6978 classtoolTips82'>INSEE<\/span>\\<\\\/a\\>\\<\\\/em\\>\"; toolTips('.classtoolTips154',tt_store_content,'5651'); <\/script><script type=\"text\/javascript\"> var tt_store_content = \"\\<\/p>\n<p style\\='text\\-align\\: center;'\\>\\<span style\\='font\\-size\\: 14pt;'\\>\\<strong\\>R\\<\\\/strong\\>\u00e9pertoire \\<strong\\>N\\<\\\/strong\\>ational des \\<strong\\>A\\<\\\/strong\\>ssociations\\<\\\/span\\>\\<\\\/p\\>\"; toolTips('.classtoolTips159',tt_store_content,'24374'); <\/script><script type=\"text\/javascript\"> var tt_store_content = \"\\<\/p>\n<p style\\='text\\-align\\: center;'\\>\\<strong\\>\\<span style\\='font\\-size\\: 14pt;'\\>G\\<\\\/span\\>\\<\\\/strong\\>\\<span style\\='font\\-size\\: 14pt;'\\>az \u00e0 \\<strong\\>E\\<\\\/strong\\>ffet de \\<strong\\>S\\<\\\/strong\\>erre\\<\\\/span\\>\\<\\\/p\\><br \/>\\<\/p>\n<p style\\='text\\-align\\: justify;'\\>Les gaz \u00e0 effet de serre \\(<span class='tooltipsall tooltip_post_id_7232 classtoolTips161'>GES<\/span>\\) sont des composants gazeux qui absorbent le rayonnement infrarouge \u00e9mis par la surface terrestre et contribuent \u00e0 l'effet de serre\\. L'augmentation de leur concentration dans l'atmosph\u00e8re terrestre est l'un des facteurs \u00e0 l'origine du r\u00e9chauffement climatique\\.\\<\\\/p\\><br \/>\\<a href\\='https\\:\\\/\\\/fr\\.wikipedia\\.org\\\/wiki\\\/Gaz_%C3%A0_effet_de_serre' target\\='_blank' rel\\='noopener'\\>\\<em\\>Voir ici la fiche Wikipedia sur les gaz \u00e0 effet de serre\\<\\\/em\\>\\<\\\/a\\>\"; toolTips('.classtoolTips161',tt_store_content,'7232'); <\/script><script type=\"text\/javascript\"> var tt_store_content = \"\\<\/p>\n<p style\\='text\\-align\\: justify'\\>La \u00ab\u00a0\\<b\\>programmation pluriannuelle de l'\u00e9nergie\\<\\\/b\\>\u00a0\u00bb \\(<span class='tooltipsall tooltip_post_id_7750 classtoolTips164'>PPE<\/span>\\) est, en France, un document strat\u00e9gique de pilotage de la transition \u00e9nerg\u00e9tique\\. Institu\u00e9e par l'article 176 de la \\<a title\\='Loi relative \u00e0 la transition \u00e9nerg\u00e9tique pour la croissance verte' href\\='https\\:\\\/\\\/fr\\.wikipedia\\.org\\\/wiki\\\/Loi_relative_%C3%A0_la_transition_%C3%A9nerg%C3%A9tique_pour_la_croissance_verte'\\>loi de transition \u00e9nerg\u00e9tique\\<\\\/a\\> \\(TECV\\), elle fixe une trajectoire pour le \\<a title\\='Mix \u00e9nerg\u00e9tique' href\\='https\\:\\\/\\\/fr\\.wikipedia\\.org\\\/wiki\\\/Mix_%C3%A9nerg%C3%A9tique'\\>mix \u00e9nerg\u00e9tique\\<\\\/a\\>, ainsi que \\<span class\\='citation'\\>\u00ab\u00a0les priorit\u00e9s d'action pour la gestion de l\u2019ensemble des formes d'\u00e9nergie sur le territoire m\u00e9tropolitain continental, afin d\u2019atteindre les objectifs nationaux fix\u00e9s par la loi\u00a0\u00bb\\<\\\/span\\>\\. \\(Wikip\u00e9dia\\)\\<\\\/p\\>\"; toolTips('.classtoolTips164',tt_store_content,'7750'); <\/script><script type=\"text\/javascript\"> var tt_store_content = \"\\<\/p>\n<p style\\='text\\-align\\: justify'\\>La \u00ab\u00a0\\<b\\>programmation pluriannuelle de l'\u00e9nergie\\<\\\/b\\>\u00a0\u00bb \\(PPE\\) est, en France, un document strat\u00e9gique de pilotage de la transition \u00e9nerg\u00e9tique\\. Institu\u00e9e par l'article 176 de la \\<a title\\='Loi relative \u00e0 la transition \u00e9nerg\u00e9tique pour la croissance verte' href\\='https\\:\\\/\\\/fr\\.wikipedia\\.org\\\/wiki\\\/Loi_relative_%C3%A0_la_transition_%C3%A9nerg%C3%A9tique_pour_la_croissance_verte'\\>loi de transition \u00e9nerg\u00e9tique\\<\\\/a\\> \\(TECV\\), elle fixe une trajectoire pour le \\<a title\\='Mix \u00e9nerg\u00e9tique' href\\='https\\:\\\/\\\/fr\\.wikipedia\\.org\\\/wiki\\\/Mix_%C3%A9nerg%C3%A9tique'\\>mix \u00e9nerg\u00e9tique\\<\\\/a\\>, ainsi que \\<span class\\='citation'\\>\u00ab\u00a0les priorit\u00e9s d'action pour la gestion de l\u2019ensemble des formes d'\u00e9nergie sur le territoire m\u00e9tropolitain continental, afin d\u2019atteindre les objectifs nationaux fix\u00e9s par la loi\u00a0\u00bb\\<\\\/span\\>\\. \\(Wikip\u00e9dia\\)\\<\\\/p\\>\"; toolTips('.classtoolTips164',tt_store_content,'7750'); <\/script><script type=\"text\/javascript\"> var tt_store_content = \"\\<\/p>\n<p style\\='text\\-align\\: justify;'\\>Le Conseil d'Orientation des Retraites est une instance qui r\u00e9unit &nbsp;\\<span class\\='st'\\>les principaux acteurs du champ des retraites\\<\\\/span\\> et effectue un travail d'\u00e9tudes et de concertation\\. Compos\u00e9 de parlementaires, de repr\u00e9sentants des organisations professionnelles et syndicales, des retrait\u00e9s et des familles, de membres de l'administration et d'experts, le Conseil d'orientation des retraites \\(<span class='tooltipsall tooltip_post_id_7751 classtoolTips165'>COR<\/span>\\) est plac\u00e9 aupr\u00e8s du Premier ministre\\.\\<\\\/p\\>\"; toolTips('.classtoolTips165',tt_store_content,'7751'); <\/script><script type=\"text\/javascript\"> var tt_store_content = \"\\<\/p>\n<p style\\='text\\-align\\: center;'\\>\\<em\\>\\<strong\\>Banque Centrale Europ\u00e9enne\\<\\\/strong\\>\\<\\\/em\\>\\<\\\/p\\><br \/>Aller sur \\<a href\\='http\\:\\\/\\\/www\\.ecb\\.europa\\.eu\\\/home\\\/languagepolicy\\\/html\\\/index\\.fr\\.html' target\\='_blank' rel\\='noopener'\\>le site de la <span class='tooltipsall tooltip_post_id_4170 classtoolTips166'>BCE<\/span>\\<\\\/a\\><br \/>Voir la \\<a href\\='https\\:\\\/\\\/fr\\.wikipedia\\.org\\\/wiki\\\/Banque_centrale_europ%C3%A9enne' target\\='_blank' rel\\='noopener'\\>fiche Wikipedia de la BCE\\<\\\/a\\>\"; toolTips('.classtoolTips166',tt_store_content,'4170'); <\/script><script type=\"text\/javascript\"> var tt_store_content = \"\\<\/p>\n<p style\\='text\\-align\\: center;'\\>\\<span style\\='font\\-size\\: 14pt;'\\>\\<strong\\>O\\<\\\/strong\\>rganisation \\<strong\\>M\\<\\\/strong\\>\u00e9t\u00e9orologique \\<strong\\>M\\<\\\/strong\\>ondiale<br \/>\\<strong\\>W\\<\\\/strong\\>orld \\<strong\\>M\\<\\\/strong\\>eteorological \\<strong\\>O\\<\\\/strong\\>rganization\\<\\\/span\\>\\<\\\/p\\><br \/>&nbsp;<\/p>\n<p>\\<a href\\='https\\:\\\/\\\/public\\.wmo\\.int\\\/fr' target\\='_blank' rel\\='noopener'\\>\\<em\\>Acc\u00e9der ici au site de l'organisation\\<\\\/em\\>\\<\\\/a\\>\"; toolTips('.classtoolTips168',tt_store_content,'7763'); <\/script><script type=\"text\/javascript\"> var tt_store_content = \"\\<\/p>\n<p style\\='text\\-align\\: center;'\\>\\<span style\\='font\\-size\\: 14pt;'\\>\\<strong\\>\u00c9\\<\\\/strong\\>cole \\<strong\\>N\\<\\\/strong\\>ationale d'\\<strong\\>A\\<\\\/strong\\>dministration\\<\\\/span\\>\\<\\\/p\\>\"; toolTips('.classtoolTips170',tt_store_content,'5213'); <\/script><script type=\"text\/javascript\"> var tt_store_content = \"\\<\/p>\n<p style\\='text\\-align\\: justify'\\>\\<span class\\='ILfuVd'\\>La politique agricole commune \\(\\<b\\><span class='tooltipsall tooltip_post_id_11364 classtoolTips174'>PAC<\/span>\\<\\\/b\\>\\) est une politique mise en place \u00e0 l'\u00e9chelle de l'Union europ\u00e9enne\\. \u00c0 l'origine, elle est fond\u00e9e principalement sur des mesures de contr\u00f4le des prix et de subventionnement, visant \u00e0 moderniser et d\u00e9velopper l'agriculture\\.\\<\\\/span\\> \\(source Wikipedia\\)\\<\\\/p\\>\"; toolTips('.classtoolTips174',tt_store_content,'11364'); <\/script><script type=\"text\/javascript\"> var tt_store_content = \"\\<\/p>\n<p style\\='text\\-align\\: center;'\\>\\<span style\\='font\\-size\\: 14pt;'\\>\\<strong\\>P\\<\\\/strong\\>\\<\\\/span\\>\\<span style\\='font\\-size\\: 14pt;'\\>lan \\<strong\\>L\\<\\\/strong\\>\\<\\\/span\\>\\<span style\\='font\\-size\\: 14pt;'\\>ocal d'\\<strong\\>U\\<\\\/strong\\>\\<\\\/span\\>\\<span style\\='font\\-size\\: 14pt;'\\>rbanisme\\<\\\/span\\>\\<\\\/p\\><br \/>&nbsp;\"; toolTips('.classtoolTips176',tt_store_content,'4979'); <\/script><script type=\"text\/javascript\"> var tt_store_content = \"\\<\/p>\n<p style\\='text\\-align\\: center;'\\>\\<strong\\>P\\<\\\/strong\\>roduit \\<strong\\>I\\<\\\/strong\\>nt\u00e9rieur \\<strong\\>B\\<\\\/strong\\>rut\\<\\\/p\\><br \/>Indicateur \u00e9conomique, le <span class='tooltipsall tooltip_post_id_4470 classtoolTips177'>PIB<\/span> repr\u00e9sente la valeur de la richesse \\('valeur ajout\u00e9e\\)' cr\u00e9\u00e9e par un territoire donn\u00e9, pendant une p\u00e9riode donn\u00e9e, par les activit\u00e9s \u00e9conomiques situ\u00e9es sur ce territoire\\. En g\u00e9n\u00e9ral, on parle de PIB pour une ann\u00e9e donn\u00e9e\\.<\/p>\n<p>\\<a href\\='https\\:\\\/\\\/fr\\.wikipedia\\.org\\\/wiki\\\/Produit_int%C3%A9rieur_brut' target\\='_blank' rel\\='noopener'\\>Voir ici la fiche Wikipedia sur le sujet\\<\\\/a\\><\/p>\n<p>&nbsp;\"; toolTips('.classtoolTips177',tt_store_content,'4470'); <\/script><script type=\"text\/javascript\"> var tt_store_content = \"\\<p\\>Conseil \u00c9conomique et Social\\<\\\/p\\>\"; toolTips('.classtoolTips180',tt_store_content,'29829'); <\/script><script type=\"text\/javascript\"> var tt_store_content = \"\\<\/p>\n<p style\\='text\\-align\\: center;'\\>\\<span style\\='font\\-size\\: 14pt;'\\>\\<strong\\>A\\<\\\/strong\\>gence \\<strong\\>R\\<\\\/strong\\>\u00e9gionale de \\<strong\\>S\\<\\\/strong\\>ant\u00e9\\<\\\/span\\>\\<\\\/p\\>\"; toolTips('.classtoolTips188',tt_store_content,'18356'); <\/script><script type=\"text\/javascript\"> var tt_store_content = \"\\<\/p>\n<p style\\='text\\-align\\: center;'\\>\\<span style\\='font\\-size\\: 14pt;'\\>\\<strong\\>G\\<\\\/strong\\>roupement \\<strong\\>H\\<\\\/strong\\>ospitalier de \\<strong\\>T\\<\\\/strong\\>erritoire\\<\\\/span\\>\\<\\\/p\\><br \/>\\<\/p>\n<p style\\='text\\-align\\: justify;'\\>Les groupements hospitaliers de territoires, dispositif pr\u00e9vu par la loi de sant\u00e9 2016, sont un nouveau mode de coop\u00e9ration entre les \u00e9tablissements publics de sant\u00e9 \u00e0 l\u2019\u00e9chelle d\u2019un territoire\\<\\\/p\\>\"; toolTips('.classtoolTips189',tt_store_content,'18358'); <\/script><script type=\"text\/javascript\"> var tt_store_content = \"\\<\/p>\n<p style\\='text\\-align\\: center;'\\>\\<span style\\='font\\-size\\: 14pt;'\\>\\<strong\\>C\\<\\\/strong\\>omit\u00e9 \\<strong\\>T\\<\\\/strong\\>echnique d'\\<strong\\>\u00c9\\<\\\/strong\\>tablissement\\<\\\/span\\>\\<\\\/p\\>\"; toolTips('.classtoolTips191',tt_store_content,'18359'); <\/script><script type=\"text\/javascript\"> var tt_store_content = \"\\<\/p>\n<p style\\='text\\-align\\: center;'\\>\\<strong\\>\\<span style\\='font\\-size\\: 14pt;'\\>P\\<\\\/span\\>\\<\\\/strong\\>\\<span style\\='font\\-size\\: 14pt;'\\>rogrammation \\<strong\\>P\\<\\\/strong\\>luri\\-annuelle de l'\\<strong\\>\u00c9\\<\\\/strong\\>nergie\\<\\\/span\\>\\<\\\/p\\><br \/>La PPE est est en France un document strat\u00e9gique de pilotage de la transition \u00e9nerg\u00e9tique\\. Institu\u00e9e par l'article 176 de la loi transition \u00e9nerg\u00e9tique \\(TECV\\)\\. Elle fixe \\(par \u00e9nergie\\) une trajectoire pour le mix \u00e9nerg\u00e9tique, ainsi que \u00ab&nbsp;\\<em\\>les priorit\u00e9s d'action pour la gestion de l\u2019ensemble des formes d'\u00e9nergie sur le territoire m\u00e9tropolitain continental, afin d\u2019atteindre les objectifs nationaux fix\u00e9s par la loi\\<\\\/em\\>&nbsp;\u00bb\\.<\/p>\n<p>Initi\u00e9e en 2016, elle est r\u00e9vis\u00e9e en 2018 puis ensuite tous les 5 ans\\.<\/p>\n<p>\\<a href\\='https\\:\\\/\\\/fr\\.wikipedia\\.org\\\/wiki\\\/Programmation_pluriannuelle_de_l'\u00e9nergi' target\\='_blank' rel\\='noopener'\\>\\<em\\>Voir ici la page Wikipedia consacr\u00e9e \u00e0 la PPE\\<\\\/em\\>\\<\\\/a\\><br \/>\\<a href\\='https\\:\\\/\\\/ppe\\.debatpublic\\.fr\\\/' target\\='_blank' rel\\='noopener'\\>\\<em\\>Voir ici la page du site 'Commission du D\u00e9bat Public' consacr\u00e9e \u00e0 la PPE\\<\\\/em\\>\\<\\\/a\\>\"; toolTips('.classtoolTips193',tt_store_content,'7102'); <\/script><script type=\"text\/javascript\"> var tt_store_content = \"\\<\/p>\n<p style\\='text\\-align\\: center;'\\>\\<span style\\='font\\-size\\: 14pt;'\\>\\<strong\\>E\\<\\\/strong\\>volutionary \\<strong\\>P\\<\\\/strong\\>ower \\<strong\\>R\\<\\\/strong\\>eactor\\<\\\/span\\>\\<\\\/p\\><br \/>\\<\/p>\n<p style\\='text\\-align\\: justify;'\\>R\u00e9acteur nucl\u00e9aire de troisi\u00e8me g\u00e9n\u00e9ration \\(classification internationale\\), con\u00e7u et d\u00e9velopp\u00e9 par <span class='tooltipsall tooltip_post_id_5121 classtoolTips35'>Areva NP<\/span>&nbsp; au cours des ann\u00e9es 1990 et 2000\\. Il fait partie de la fili\u00e8re des r\u00e9acteurs \u00e0 eau pressuris\u00e9e\\.\\<\\\/p\\><br \/>\\<a href\\='https\\:\\\/\\\/fr\\.wikipedia\\.org\\\/wiki\\\/R%C3%A9acteur_pressuris%C3%A9_europ%C3%A9en' target\\='_blank' rel\\='noopener'\\>\\<em\\>Voir ici la fiche Wikipedia <span class='tooltipsall tooltip_post_id_5579 classtoolTips196'>EPR<\/span>\\<\\\/em\\>\\<\\\/a\\>\"; toolTips('.classtoolTips196',tt_store_content,'5579'); <\/script><script type=\"text\/javascript\"> var tt_store_content = \"\\<p\\><span class='tooltipsall tooltip_post_id_21204 classtoolTips199'>COV<\/span> \\= Compos\u00e9 Organique Volatile\\<\\\/p\\>\"; toolTips('.classtoolTips199',tt_store_content,'21204'); <\/script><script type=\"text\/javascript\"> var tt_store_content = \"\\<\/p>\n<p style\\='text\\-align\\: center;'\\>\\<strong\\>R\\<\\\/strong\\>\u00e9seau \\<strong\\>A\\<\\\/strong\\>ction \\<strong\\>C\\<\\\/strong\\>limat\\<\\\/p\\><br \/>Le r\u00e9seau Action Climat '\\<em\\>f\u00e9d\u00e8re les associations impliqu\u00e9es dans la lutte contre les changements climatiques et pour une transition \u00e9cologique, solidaire et \u00e9quitable\\<\\\/em\\>'\\.<\/p>\n<p>\\<a href\\='https\\:\\\/\\\/reseauactionclimat\\.org\\\/' target\\='_blank' rel\\='noopener'\\>Voir le site du <span class='tooltipsall tooltip_post_id_4309 classtoolTips200'>RAC<\/span>\\<\\\/a\\>\"; toolTips('.classtoolTips200',tt_store_content,'4309'); <\/script><script type=\"text\/javascript\"> var tt_store_content = \"\\<\/p>\n<p style\\='text\\-align\\: center;'\\>\\<strong\\>\\<span style\\='font\\-size\\: 14pt;'\\>R\\<\\\/span\\>\\<\\\/strong\\>\\<span style\\='font\\-size\\: 14pt;'\\>eferendum d'\\<strong\\>I\\<\\\/strong\\>nitiative \\<strong\\>C\\<\\\/strong\\>itoyenne\\<\\\/span\\>\\<\\\/p\\>\"; toolTips('.classtoolTips205',tt_store_content,'12268'); <\/script><script type=\"text\/javascript\"> var tt_store_content = \"\\<p\\><span class='tooltipsall tooltip_post_id_25844 classtoolTips208'>RTE<\/span> \\= R\u00e9seau de Transport d'Electricit\u00e9 est une filiale d'<span class='tooltipsall tooltip_post_id_7035 classtoolTips178'>EDF<\/span> qui est l'actionnaire majoritaire avec 50,1% des parts le reste \u00e9tant partag\u00e9 par la CDC et la CNP\\<\\\/p\\>\"; toolTips('.classtoolTips208',tt_store_content,'25844'); <\/script><script type=\"text\/javascript\"> var tt_store_content = \"\\<\/p>\n<p style\\='text\\-align\\: center;'\\>\\<span style\\='font\\-size\\: 14pt;'\\>\\<strong\\>O\\<\\\/strong\\>rganisation\\<strong\\> N\\<\\\/strong\\>on\\<strong\\> G\\<\\\/strong\\>ouvernementale\\<\\\/span\\>\\<\\\/p\\><br \/>Une organisation non gouvernementale \\(<span class='tooltipsall tooltip_post_id_3579 classtoolTips210'>ONG<\/span>\\) est une \\<a title\\='Association \u00e0 but non lucratif' href\\='https\\:\\\/\\\/fr\\.wikipedia\\.org\\\/wiki\\\/Association_%C3%A0_but_non_lucratif' target\\='_blank' rel\\='noopener'\\>association \u00e0 but non lucratif\\<\\\/a\\>, d'int\u00e9r\u00eat public, qui ne rel\u00e8ve ni de l'\u00c9tat, ni d'institutions internationales\\<sup id\\='cite_ref\\-novethic_1\\-0' class\\='reference'\\>\\<\\\/sup\\>\\. Les ONG n'ont pas le statut de sujet de \\<a title\\='Droit international public' href\\='https\\:\\\/\\\/fr\\.wikipedia\\.org\\\/wiki\\\/Droit_international_public' target\\='_blank' rel\\='noopener'\\>droit international\\<\\\/a\\>\\.\"; toolTips('.classtoolTips210',tt_store_content,'3579'); <\/script><script type=\"text\/javascript\"> var tt_store_content = \"\\<\/p>\n<p style\\='text\\-align\\: center;'\\>\\<span style\\='font\\-size\\: 14pt;'\\>\\<strong\\>O\\<\\\/strong\\>rganisation\\<strong\\> N\\<\\\/strong\\>on\\<strong\\> G\\<\\\/strong\\>ouvernementale\\<\\\/span\\>\\<\\\/p\\><br \/>Une organisation non gouvernementale \\(ONG\\) est une \\<a title\\='Association \u00e0 but non lucratif' href\\='https\\:\\\/\\\/fr\\.wikipedia\\.org\\\/wiki\\\/Association_%C3%A0_but_non_lucratif' target\\='_blank' rel\\='noopener'\\>association \u00e0 but non lucratif\\<\\\/a\\>, d'int\u00e9r\u00eat public, qui ne rel\u00e8ve ni de l'\u00c9tat, ni d'institutions internationales\\<sup id\\='cite_ref\\-novethic_1\\-0' class\\='reference'\\>\\<\\\/sup\\>\\. Les ONG n'ont pas le statut de sujet de \\<a title\\='Droit international public' href\\='https\\:\\\/\\\/fr\\.wikipedia\\.org\\\/wiki\\\/Droit_international_public' target\\='_blank' rel\\='noopener'\\>droit international\\<\\\/a\\>\\.\"; toolTips('.classtoolTips210',tt_store_content,'3579'); <\/script><script type=\"text\/javascript\"> var tt_store_content = \"\\<p\\><span class='tooltipsall tooltip_post_id_24572 classtoolTips211'>MIT<\/span> \\= Massachussets Institute of Technology, prestigieuse universit\u00e9 am\u00e9ricaine de la c\u00f4te est\\<\\\/p\\>\"; toolTips('.classtoolTips211',tt_store_content,'24572'); <\/script><script type=\"text\/javascript\"> var tt_store_content = \"\\<\/p>\n<p style\\='text\\-align\\: center;'\\>\\<strong\\>J\\<\\\/strong\\>eux \\<strong\\>O\\<\\\/strong\\>lympiques<br \/>ou<br \/>\\<strong\\>J\\<\\\/strong\\>ournal \\<strong\\>O\\<\\\/strong\\>fficiel de la R\u00e9publique Fran\u00e7aise\\<\\\/p\\>\"; toolTips('.classtoolTips213',tt_store_content,'4451'); <\/script><script type=\"text\/javascript\"> var tt_store_content = \"\\<p\\><span class='tooltipsall tooltip_post_id_30593 classtoolTips214'>RN<\/span> \\= Rassemble National, c'est le parti d'extr\u00eame droite de Marine Le Pen qui succ\u00e8de au FN \\= Front National fond\u00e9 par son p\u00e8re Jean Marie Le Pen\\<\\\/p\\>\"; toolTips('.classtoolTips214',tt_store_content,'30593'); <\/script><script type=\"text\/javascript\"> var tt_store_content = \"\\<\/p>\n<p style\\='text\\-align\\: center;'\\>\\<span style\\='font\\-size\\: 14pt;'\\>\\<strong\\>C\\<\\\/strong\\>entre \\<strong\\>H\\<\\\/strong\\>ospitalier\\<\\\/span\\>\\<\\\/p\\>\"; toolTips('.classtoolTips220',tt_store_content,'18357'); <\/script><script type=\"text\/javascript\"> var tt_store_content = \"\\<p\\>D\u00e9chets radioactifs \u00e0 Haute Activit\u00e9 \\(classement <span class='tooltipsall tooltip_post_id_3612 classtoolTips79'>ANDRA<\/span>\\)\\<\\\/p\\>\"; toolTips('.classtoolTips223',tt_store_content,'19196'); <\/script><\/p>\n","protected":false},"author":23,"featured_media":0,"comment_status":"open","ping_status":"open","sticky":false,"template":"","format":"standard","meta":{"_acf_changed":false,"ngg_post_thumbnail":0,"_jetpack_memberships_contains_paid_content":false,"footnotes":""},"categories":[6,9],"tags":[],"coauthors":[96],"class_list":["post-21882","post","type-post","status-publish","format-standard","hentry","category-actu","category-actu_gen","edition-edi_00066","type_art-type_art_onclejef","no-thumb"],"acf":[],"jetpack_featured_media_url":"","jetpack_sharing_enabled":true,"jetpack_shortlink":"https:\/\/wp.me\/p9B5TM-5GW","_links":{"self":[{"href":"https:\/\/le-clairon-nouveau.fr\/wordpress\/wp-json\/wp\/v2\/posts\/21882","targetHints":{"allow":["GET"]}}],"collection":[{"href":"https:\/\/le-clairon-nouveau.fr\/wordpress\/wp-json\/wp\/v2\/posts"}],"about":[{"href":"https:\/\/le-clairon-nouveau.fr\/wordpress\/wp-json\/wp\/v2\/types\/post"}],"author":[{"embeddable":true,"href":"https:\/\/le-clairon-nouveau.fr\/wordpress\/wp-json\/wp\/v2\/users\/23"}],"replies":[{"embeddable":true,"href":"https:\/\/le-clairon-nouveau.fr\/wordpress\/wp-json\/wp\/v2\/comments?post=21882"}],"version-history":[{"count":0,"href":"https:\/\/le-clairon-nouveau.fr\/wordpress\/wp-json\/wp\/v2\/posts\/21882\/revisions"}],"wp:attachment":[{"href":"https:\/\/le-clairon-nouveau.fr\/wordpress\/wp-json\/wp\/v2\/media?parent=21882"}],"wp:term":[{"taxonomy":"category","embeddable":true,"href":"https:\/\/le-clairon-nouveau.fr\/wordpress\/wp-json\/wp\/v2\/categories?post=21882"},{"taxonomy":"post_tag","embeddable":true,"href":"https:\/\/le-clairon-nouveau.fr\/wordpress\/wp-json\/wp\/v2\/tags?post=21882"},{"taxonomy":"author","embeddable":true,"href":"https:\/\/le-clairon-nouveau.fr\/wordpress\/wp-json\/wp\/v2\/coauthors?post=21882"}],"curies":[{"name":"wp","href":"https:\/\/api.w.org\/{rel}","templated":true}]}}