{"id":22390,"date":"2020-09-23T12:30:03","date_gmt":"2020-09-23T10:30:03","guid":{"rendered":"https:\/\/le-clairon-nouveau.fr\/wordpress\/?p=22390"},"modified":"2020-09-26T16:00:06","modified_gmt":"2020-09-26T14:00:06","slug":"un-projet-de-creation-dune-micro-ferme-permaculturelle-dans-laude","status":"publish","type":"post","link":"https:\/\/le-clairon-nouveau.fr\/wordpress\/blog\/2020\/09\/23\/un-projet-de-creation-dune-micro-ferme-permaculturelle-dans-laude\/","title":{"rendered":"Un projet  de cr\u00e9ation d\u2019une Micro-ferme permaculturelle dans l\u2019Aude"},"content":{"rendered":"<p style=\"text-align: justify\"><strong><em>Aujourd\u2019hui la question de l\u2019alimentation des populations se pose avec une acuit\u00e9 croissante, \u00e0 mesure\u00a0 que nous d\u00e9couvrons les limites et les dangers de l\u2019agro-industrie (pollutions, destruction des sols, r\u00e9duction des espaces cultivables, impacts sur la sant\u00e9, etc.). La crise de la Covid 19 a encore renforc\u00e9 nos inqui\u00e9tudes, en montrant combien les circuits d\u2019approvisionnement mondialis\u00e9s \u00e9taient fragiles. Il s\u2019agit donc de repenser nos modes d\u2019alimentation et en amont, les modes de production agricole.<br \/>\nDans l\u2019Aude, les sols disponibles pour l\u2019agriculture ne cessent de se r\u00e9duire, du fait de l\u2019\u00e9talement d\u2019autres activit\u00e9s \u00e9conomiques (industrie, commerce, tourisme), mais aussi parce que le mod\u00e8le traditionnel de polyculture vivri\u00e8re s\u2019est progressivement transform\u00e9 et sp\u00e9cialis\u00e9 au cours du si\u00e8cle dernier en une agriculture \u00e0 caract\u00e8re plus commercial. Cette \u00e9volution des activit\u00e9s viticoles contribue a cr\u00e9er de nombreuses friches, tandis que l\u2019\u00e9talement urbain artificialise d\u2019anciennes terres agricoles dans les p\u00e9riph\u00e9ries de villes et villages.<br \/>\nRepenser les modes de production agricole, les circuits d\u2019approvisionnement, la qualit\u00e9 des produits est l\u2019affaire de tous. Dans <span class='tooltipsall tooltip_post_id_29829 classtoolTips180'>ces<\/span> domaines des initiatives, chaque jour plus nombreuses, se prennent : certaines r\u00e9ussissent et passent de l\u2019essai \u00e0 des pratiques p\u00e9rennes, d\u2019autres \u00e9chouent tout en contribuant \u00e0 \u00e9largir les savoir-faire.<br \/>\nC\u2019est ce cheminement vers de nouvelles pratiques, de nouveaux modes de vie que le \u00ab\u00a0Clairon\u00a0\u00bb souhaite d\u00e9crire et accompagner. Dans cette \u00e9dition nous vous en pr\u00e9sentons un premier pas.<\/em><\/strong><\/p>\n<p style=\"text-align: right\"><strong><em>La r\u00e9daction du Clairon<\/em><\/strong><\/p>\n<p>&nbsp;<\/p>\n<p><img data-recalc-dims=\"1\" loading=\"lazy\" decoding=\"async\" class=\" wp-image-22393 aligncenter\" src=\"https:\/\/i0.wp.com\/le-clairon-nouveau.fr\/wordpress\/wp-content\/uploads\/2020\/09\/projet-ferme-68.2-JPG.jpg?resize=642%2C152&#038;ssl=1\" alt=\"\" width=\"642\" height=\"152\" srcset=\"https:\/\/i0.wp.com\/le-clairon-nouveau.fr\/wordpress\/wp-content\/uploads\/2020\/09\/projet-ferme-68.2-JPG.jpg?resize=300%2C71&amp;ssl=1 300w, https:\/\/i0.wp.com\/le-clairon-nouveau.fr\/wordpress\/wp-content\/uploads\/2020\/09\/projet-ferme-68.2-JPG.jpg?w=617&amp;ssl=1 617w\" sizes=\"auto, (max-width: 642px) 100vw, 642px\" \/><\/p>\n<p><span style=\"font-size: 14pt\">1\/ La Micro-ferme Permaculturelle\u00a0:<\/span><\/p>\n<p style=\"text-align: justify\"><span style=\"color: #3366ff\">Qu\u2019est-ce qu\u2019une Micro-ferme\u00a0?<\/span><br \/>\nIl s\u2019agit d\u2019une ferme cultivant en Bio (voire en agro\u00e9cologie et Permaculture), de petite taille (autour d\u2019un hectare), commercialisant en circuits courts, avec une grande diversit\u00e9 de cultures, visant l\u2019autonomie et associant le projet de ferme \u00e0 un projet de vie.<\/p>\n<p style=\"text-align: justify\"><span style=\"color: #3366ff\">Pourquoi Permaculturelle\u00a0?<\/span><br \/>\nLa permaculture, c\u2019est la science de mettre en place un syst\u00e8me qui va fonctionner comme un \u00e9cosyst\u00e8me.<br \/>\nLe but de la Micro-ferme Permaculturelle est d\u2019int\u00e9grer une r\u00e9silience en termes d\u2019\u00e9nergie utilis\u00e9e, pr\u00e9servant la biodiversit\u00e9 et favorisant le d\u00e9veloppement d\u2019\u00e9cosyst\u00e8mes \u00e9quilibr\u00e9s.<\/p>\n<p style=\"text-align: center\"><img data-recalc-dims=\"1\" loading=\"lazy\" decoding=\"async\" class=\" wp-image-22394 aligncenter\" src=\"https:\/\/i0.wp.com\/le-clairon-nouveau.fr\/wordpress\/wp-content\/uploads\/2020\/09\/Vue-aerienne-de-la-ferme-de-Bec-Hellouin-image-Bec-Hellouin.jpg?resize=508%2C293&#038;ssl=1\" alt=\"\" width=\"508\" height=\"293\" srcset=\"https:\/\/i0.wp.com\/le-clairon-nouveau.fr\/wordpress\/wp-content\/uploads\/2020\/09\/Vue-aerienne-de-la-ferme-de-Bec-Hellouin-image-Bec-Hellouin.jpg?resize=300%2C173&amp;ssl=1 300w, https:\/\/i0.wp.com\/le-clairon-nouveau.fr\/wordpress\/wp-content\/uploads\/2020\/09\/Vue-aerienne-de-la-ferme-de-Bec-Hellouin-image-Bec-Hellouin.jpg?w=768&amp;ssl=1 768w\" sizes=\"auto, (max-width: 508px) 100vw, 508px\" \/><strong><em><span style=\"font-size: 8pt\">La Micro-ferme du Bec Hellouin en Normandie vu du ciel, exemple en Europe de ce type d\u2019agriculture. (image Bec Hellouin)<\/span><\/em><\/strong><\/p>\n<p><span style=\"font-size: 14pt\">2\/ Pourquoi vouloir cr\u00e9er une Micro-ferme Permaculturelle\u00a0?<\/span><\/p>\n<p><span style=\"color: #3366ff\">Une agriculture saine \u00e0 tous les niveaux<\/span><br \/>\nD\u2019un point de vue \u00e9cologique, ce type d\u2019agriculture renforce la biodiversit\u00e9, augmente la teneur en mati\u00e8res organiques des sols, ann\u00e9e apr\u00e8s ann\u00e9e et pr\u00e9serve les \u00e9cosyst\u00e8mes. C\u2019est une agriculture durable, \u00e0 faible m\u00e9canisation, respectueuse des capacit\u00e9s contributives des sols qui s\u2019inscrit dans le temps. Cette agriculture d\u00e9pend essentiellement du soleil et non plus du p\u00e9trole. Le syst\u00e8me vertueux qui se met en place agrade sur tous les points la nature et l\u2019humain, c&rsquo;est-\u00e0-dire qu&rsquo;il les enrichit et les am\u00e9liore.<br \/>\nCr\u00e9er une Micro-ferme Permaculturelle, c\u2019est bon pour celui qui y vit et qui y travaille, mais c\u2019est \u00e9galement bon pour le consommateur qui b\u00e9n\u00e9ficie de produits de haute qualit\u00e9, bon pour la faune et la flore, bon pour le climat\u00a0 par s\u00e9questration du carbone dans les sols et dans les arbres et bon pour les sols qui s\u2019enrichissent en humus et mati\u00e8res organiques.<br \/>\nCe type de Micro-ferme peut-\u00eatre la solution pour nourrir l\u2019humanit\u00e9 de demain, tout en contribuant \u00e0 sa petite mesure \u00e0 la stabilit\u00e9 du climat.<\/p>\n<p style=\"text-align: center\"><img data-recalc-dims=\"1\" loading=\"lazy\" decoding=\"async\" class=\" wp-image-22395 aligncenter\" src=\"https:\/\/i0.wp.com\/le-clairon-nouveau.fr\/wordpress\/wp-content\/uploads\/2020\/09\/legumes-Image-par-Sven-Hilker-de-Pixabay.jpg?resize=516%2C344&#038;ssl=1\" alt=\"\" width=\"516\" height=\"344\" srcset=\"https:\/\/i0.wp.com\/le-clairon-nouveau.fr\/wordpress\/wp-content\/uploads\/2020\/09\/legumes-Image-par-Sven-Hilker-de-Pixabay.jpg?resize=300%2C200&amp;ssl=1 300w, https:\/\/i0.wp.com\/le-clairon-nouveau.fr\/wordpress\/wp-content\/uploads\/2020\/09\/legumes-Image-par-Sven-Hilker-de-Pixabay.jpg?resize=1024%2C682&amp;ssl=1 1024w, https:\/\/i0.wp.com\/le-clairon-nouveau.fr\/wordpress\/wp-content\/uploads\/2020\/09\/legumes-Image-par-Sven-Hilker-de-Pixabay.jpg?resize=768%2C511&amp;ssl=1 768w, https:\/\/i0.wp.com\/le-clairon-nouveau.fr\/wordpress\/wp-content\/uploads\/2020\/09\/legumes-Image-par-Sven-Hilker-de-Pixabay.jpg?resize=600%2C400&amp;ssl=1 600w, https:\/\/i0.wp.com\/le-clairon-nouveau.fr\/wordpress\/wp-content\/uploads\/2020\/09\/legumes-Image-par-Sven-Hilker-de-Pixabay.jpg?resize=272%2C182&amp;ssl=1 272w, https:\/\/i0.wp.com\/le-clairon-nouveau.fr\/wordpress\/wp-content\/uploads\/2020\/09\/legumes-Image-par-Sven-Hilker-de-Pixabay.jpg?w=1280&amp;ssl=1 1280w\" sizes=\"auto, (max-width: 516px) 100vw, 516px\" \/><span style=\"font-size: 8pt\"><em><strong>Un panier de l\u00e9gumes, bon pour les humains et bon pour leur plan\u00e8te. (legumes-Image par Sven Hilker de Pixabay)<\/strong><\/em><\/span><\/p>\n<p style=\"text-align: justify\"><span style=\"color: #3366ff\">D\u00e9velopper le lien social<br \/>\n<\/span>Ce type de projet, en ramenant de la vie, permet de redynamiser les villages qui ont vu fermer tous leurs commerces les uns apr\u00e8s les autres. Partout en France le m\u00eame ph\u00e9nom\u00e8ne se produit\u00a0: les centres-villes meurent. Les m\u00e9tiers de bouche et de savoir-faire, tenus par \u00ab\u00a0les personnes du coin\u00a0\u00bb, li\u00e9es par un attachement social fort avec les populations, sont remplac\u00e9s progressivement par des enseignes de franchise, d\u2019assurance ou des banques, sans \u00e2me, courant apr\u00e8s les promotions, renouvelant leurs \u00e9quipes fr\u00e9quemment, et avec qui aucun lien durable, professionnel et social, n\u2019est r\u00e9ellement envisageable.<br \/>\nAdieu boucher, charcutier, poissonnier, primeur\u2026<br \/>\nPlace aujourd\u2019hui \u00e0 ces zones d\u2019activit\u00e9s cr\u00e9\u00e9es en p\u00e9riph\u00e9rie des villes, qui asphyxient jusqu\u2019\u00e0 les supprimer les petits commer\u00e7ants, remplac\u00e9s par de grandes enseignes, temples modernes d\u00e9di\u00e9s \u00e0 la consommation de masse, adeptes des \u00e9conomies d\u2019\u00e9chelle, mais manquant cruellement de lien humain.<br \/>\n\u00c0 l\u2019inverse, la Micro-ferme est un commerce \u00e0 taille humaine qui produit et vend sur place. \u00c0 travers cette proximit\u00e9, elle cultive le lien social, et place la transmission sous toutes ses formes au c\u0153ur de la d\u00e9marche. En effet, cr\u00e9er une Micro-ferme r\u00e9pond \u00e9galement \u00e0 l\u2019ambition de pratiquer des m\u00e9thodes de culture respectueuses de la nature et de transmettre ses savoirs aux g\u00e9n\u00e9rations futures.<\/p>\n<p style=\"text-align: justify\">Ainsi, \u00e0 terme, la Micro-ferme a vocation \u00e0 d\u00e9velopper des partenariats avec des \u00e9coles et des associations pour accueillir des jeunes et leur faire d\u00e9couvrir les techniques de travail du jardinage permaculturel, des vergers agroforestiers, des for\u00eats comestibles, et pour leur enseigner la culture du go\u00fbt (et r\u00e9veiller leurs sens).<br \/>\nLa dimension transmission et p\u00e9dagogie du projet est essentielle.<\/p>\n<p style=\"text-align: center\"><img data-recalc-dims=\"1\" loading=\"lazy\" decoding=\"async\" class=\" wp-image-22396 aligncenter\" src=\"https:\/\/i0.wp.com\/le-clairon-nouveau.fr\/wordpress\/wp-content\/uploads\/2020\/09\/enfant-jardin-Image-par-Phichit-Wongsunthi-de-Pixabay.jpg?resize=588%2C327&#038;ssl=1\" alt=\"\" width=\"588\" height=\"327\" srcset=\"https:\/\/i0.wp.com\/le-clairon-nouveau.fr\/wordpress\/wp-content\/uploads\/2020\/09\/enfant-jardin-Image-par-Phichit-Wongsunthi-de-Pixabay.jpg?resize=300%2C167&amp;ssl=1 300w, https:\/\/i0.wp.com\/le-clairon-nouveau.fr\/wordpress\/wp-content\/uploads\/2020\/09\/enfant-jardin-Image-par-Phichit-Wongsunthi-de-Pixabay.jpg?resize=1024%2C571&amp;ssl=1 1024w, https:\/\/i0.wp.com\/le-clairon-nouveau.fr\/wordpress\/wp-content\/uploads\/2020\/09\/enfant-jardin-Image-par-Phichit-Wongsunthi-de-Pixabay.jpg?resize=768%2C428&amp;ssl=1 768w, https:\/\/i0.wp.com\/le-clairon-nouveau.fr\/wordpress\/wp-content\/uploads\/2020\/09\/enfant-jardin-Image-par-Phichit-Wongsunthi-de-Pixabay.jpg?w=1280&amp;ssl=1 1280w\" sizes=\"auto, (max-width: 588px) 100vw, 588px\" \/><em><span style=\"font-size: 8pt\">L\u2019\u00e9blouissement des enfants qui regardent pousser les l\u00e9gumes\u00a0! (Image par P. Wongsunthi de Pixabay)<\/span><\/em><\/p>\n<p><span style=\"font-size: 14pt\">3\/ Comment fonctionne une Micro-fermePermaculturelle\u00a0?<\/span><\/p>\n<p style=\"text-align: justify\">Par opposition aux fermes industrielles m\u00e9canis\u00e9es, qui exploitent des surfaces consid\u00e9rables, l\u2019ambition d\u2019une Micro-ferme Permaculturelle, est de travailler tout \u00e0 la main, sur des surfaces r\u00e9duites, tout en assurant une production de qualit\u00e9 et en quantit\u00e9 suffisante pour rendre l\u2019activit\u00e9 soutenable et viable. En effet, il existe aujourd\u2019hui des m\u00e9thodes et des outils permettant de produire de grandes quantit\u00e9s de nourriture (l\u00e9gumes, fruits, petits fruits\u2026) sur de tr\u00e8s petites surfaces, tout en am\u00e9liorant le sol en mati\u00e8res organiques. L\u2019\u00e9tude men\u00e9e \u00e0 la ferme du Bec Hellouin en Normandie entre 2011 et 2015, supervis\u00e9e par l\u2019<span class='tooltipsall tooltip_post_id_20857 classtoolTips125'>INRA<\/span> et AgroParisTech, a mis en \u00e9vidence qu\u2019il \u00e9tait possible de vivre d\u00e9cemment du m\u00e9tier de mara\u00eecher en cultivant une surface de seulement 1000m2, d\u00e9di\u00e9s exclusivement au mara\u00eechage, et laissant une place consid\u00e9rable pour pratiquer d\u2019autres activit\u00e9s compl\u00e9mentaires telles que\u00a0: l\u2019\u00e9levage de poules pondeuses, l\u2019arboriculture, les plantes m\u00e9dicinales, les produits de la ruche\u2026<\/p>\n<p style=\"text-align: justify\">Ce mode d\u2019agriculture ne cesse de se d\u00e9velopper en France et en Europe, et constitue une alternative cr\u00e9dible \u00e0 l\u2019agriculture industrielle.<\/p>\n<p><span style=\"font-size: 14pt\">4\/ Pourquoi une Micro-ferme Permaculturelle \u00e0 Fontcouverte sur le chemin de l\u2019Orto\u00a0?<\/span><\/p>\n<p style=\"text-align: justify\">Tout d\u2019abord, parce que c\u2019est mon village et que c\u2019est notre projet de vie. Le village o\u00f9 j\u2019ai grandi, o\u00f9 j\u2019ai pass\u00e9 mon enfance avec cousins et amis \u00e0 gambader dans la garrigue, \u00e0 me baigner \u00e0 la piscine, \u00e0 manger les fruits et les raisins dans les vignes et les jardins.<br \/>\nEnsuite, parce que ce sont les terres de mes grands-parents. Et bien qu\u2019\u00e0 leur \u00e9poque, ils \u00e9taient peu attach\u00e9s \u00e0 l\u2019\u00e9cologie, ils ont su me transmettre le go\u00fbt de la nature, du travail, de la rigueur. S\u2019ils \u00e9taient encore l\u00e0 aujourd\u2019hui, je suis s\u00fbr qu\u2019ils seraient enthousiastes \u00e0 l\u2019id\u00e9e que l\u2019un de leur petit fils d\u00e9cide de faire ce retour \u00e0 la terre.<br \/>\nEnfin, parce que \u2018\u2019la vigne du figuier\u2019\u2019 c\u2019est une des meilleures terres du village, d\u2019apr\u00e8s les anciens, ce que certains sp\u00e9cialistes en agroforesterie m\u2019ont confirm\u00e9. Elle est riche en azote, bien expos\u00e9e et proche d\u2019une source d\u2019eau.<br \/>\nEn outre, cette vigne est id\u00e9alement situ\u00e9e pour d\u00e9velopper cette activit\u00e9 et assurer une vente en circuit court\u00a0: \u00e0 proximit\u00e9 du village, \u00e0 1 min de la route d\u00e9partementale et \u00e0 moins de 10 km du march\u00e9 de L\u00e9zignan-Corbi\u00e8res. Elle permet la vente directe \u00e0 la ferme, au march\u00e9 et la livraison de paniers de l\u00e9gumes aux adh\u00e9rents d\u2019une AMAP. Tout cela, sur de faibles distances (20km par semaine, donc environ 1000km par an), ce qui garantit une faible d\u00e9pense \u00e9nerg\u00e9tique, coh\u00e9rente avec la dimension \u00e9cologique du projet. \u00c0 terme, la vente de la production pourra \u00e9galement s\u2019effectuer aupr\u00e8s de restaurateurs de la r\u00e9gion avec lesquels des\u00a0 partenariats pourront \u00eatre conclus (commande de vari\u00e9t\u00e9s anciennes, l\u00e9gumes de petites tailles\u2026) et aupr\u00e8s de collectivit\u00e9s territoriales dans leurs activit\u00e9s de restaurations collectives en direction des enfants et adolescents (\u00e9coles, coll\u00e8<span class='tooltipsall tooltip_post_id_7232 classtoolTips161'>ges<\/span>, lyc\u00e9es) ou des personnes \u00e2g\u00e9es (EHPAD).<\/p>\n<p style=\"text-align: justify\">Pour toutes ces raisons, c\u2019est \u00e0 mon avis un lieu id\u00e9al pour concevoir un projet \u00e0 taille humaine, r\u00e9pondant \u00e0 des probl\u00e9matiques soci\u00e9tales, et favorisant les pratiques sociales et \u00e9conomiques vertueuses.<\/p>\n<p><span style=\"font-size: 14pt\">5\/ Vivre son lieu de travail.<\/span><\/p>\n<p>Selon les principes de la permaculture, chaque \u00e9l\u00e9ment, que ce soit un lieu de vie, un \u00e9tang, un arbre, un animal ou une personne, est situ\u00e9 en fonction des autres \u00e9l\u00e9ments avec lesquels il est mis en relation de mani\u00e8re \u00e0 ce que ces \u00e9l\u00e9ments interagissent et coop\u00e8rent entre eux.<\/p>\n<p style=\"text-align: justify\">&#8211; Chaque \u00e9l\u00e9ment remplit plusieurs fonctions.<\/p>\n<p style=\"text-align: justify\">&#8211; Chaque fonction importante est assur\u00e9e par plusieurs \u00e9l\u00e9ments.<\/p>\n<p style=\"text-align: justify\">&#8211; Les zones et secteurs sont d\u00e9finis et utilis\u00e9s de mani\u00e8re \u00e0 assurer une conception \u00e9nerg\u00e9tique efficace des lieux de vie \u00a0et installations.<\/p>\n<p style=\"text-align: justify\">&#8211; Les ressources naturelles renouvelables sont utilis\u00e9es au mieux, plut\u00f4t que les \u00e9nergies fossiles.<\/p>\n<p style=\"text-align: justify\">&#8211; La polyculture et la diversit\u00e9 d\u2019esp\u00e8ces b\u00e9n\u00e9fiques assurent une meilleure productivit\u00e9 et davantage de synergies.<\/p>\n<p style=\"text-align: justify\">Dans la conception de ce type de Micro-ferme, tous ces \u00e9l\u00e9ments sont imbriqu\u00e9s les uns aux autres pour que le syst\u00e8me soit le plus efficient possible. Pour ce faire, un des outils prioritaires \u00e0 la conception, est l\u2019utilisation des zones. \u00c0 titre d\u2019exemple, nous mettrons en zone 1 (les herbes aromatiques, le potager\u2026), des \u00e9l\u00e9ments sur lesquels nous allons devoir tous les jours y consacrer un certain temps. Puis, en Zone 2 (les fruitiers, poulailler\u2026), zone 3 (moutons, fruits \u00e0 coque\u2026) et ainsi de suite jusqu\u2019\u00e0 une zone 4 ou 5 en fonction de la taille de la ferme.<br \/>\n\u00c9videmment, plus la zone s\u2019\u00e9loigne du centre d\u2019activit\u00e9, plus on installe des \u00e9l\u00e9ments qui n\u00e9cessitent peu ou pas de visite.<br \/>\nSi l\u2019on respecte ce syst\u00e8me de zonage, la zone 0 c\u2019est l\u2019humain.<br \/>\nLa Micro-ferme Permaculturelle est un \u00e9cosyst\u00e8me fond\u00e9 sur la symbiose entre l\u2019humain et la nature, qui implique de vivre au sein m\u00eame de cet \u00e9cosyst\u00e8me. Y renoncer, c\u2019est renoncer au projet qui, bien plus qu\u2019une activit\u00e9 professionnelle, constitue un v\u00e9ritable projet de vie qui s\u2019inscrit dans la dur\u00e9e.<br \/>\nD\u2019ailleurs pour le philosophe-paysan Pierre Rabhi, comment dissocier l\u2019humain de la nature, alors m\u00eame que l\u2019humain est la nature.<\/p>\n<p style=\"text-align: justify\">Concevoir une Micro-ferme Permaculturelle et enlever l\u2019humain, c\u2019est comme d\u00e9cider de faire de la confiture de fraise, sans y mettre de fraise, \u00e7a existe, mais \u00e7a ne nous int\u00e9resse pas\u00a0!<\/p>\n<p style=\"text-align: center\"><img data-recalc-dims=\"1\" loading=\"lazy\" decoding=\"async\" class=\" wp-image-22397 aligncenter\" src=\"https:\/\/i0.wp.com\/le-clairon-nouveau.fr\/wordpress\/wp-content\/uploads\/2020\/09\/Gilles-image-INA.3-JPG.jpg?resize=611%2C301&#038;ssl=1\" alt=\"\" width=\"611\" height=\"301\" srcset=\"https:\/\/i0.wp.com\/le-clairon-nouveau.fr\/wordpress\/wp-content\/uploads\/2020\/09\/Gilles-image-INA.3-JPG.jpg?resize=300%2C148&amp;ssl=1 300w, https:\/\/i0.wp.com\/le-clairon-nouveau.fr\/wordpress\/wp-content\/uploads\/2020\/09\/Gilles-image-INA.3-JPG.jpg?w=555&amp;ssl=1 555w\" sizes=\"auto, (max-width: 611px) 100vw, 611px\" \/><span style=\"font-size: 8pt\"><em><strong>Yves Gillen dans son jardin de la libert\u00e9. Pour lui, la partition est d\u00e9j\u00e0 \u00e9crite, et le jardinier est un chef d\u2019orchestre qui essaie de reproduire ce qui se passe dans la for\u00eat. (image FR3 \/ INA)<\/strong><\/em><\/span><\/p>\n<p><strong><span style=\"font-size: 14pt\">Conclusion<\/span> <\/strong><\/p>\n<p style=\"text-align: justify\">Contrairement aux id\u00e9es re\u00e7ues, une Micro-ferme ne saurait s\u2019apparenter aux fermes comme il y en avait par millier au si\u00e8cle dernier. Ce type de Micro-ferme, m\u00eame si par bien des c\u00f4t\u00e9s rappelle les fermes d\u2019autrefois, n\u2019est pas un retour au pass\u00e9. Car l\u2019agriculture pr\u00e9-industrielle n\u2019\u00e9tait pas si productive que \u00e7a et elle demandait \u00e9norm\u00e9ment de travail aux paysans qui y travaillaient. Ce type de Micro-ferme tire \u00e0 la fois le meilleur des diff\u00e9rentes traditions, mais \u00e9galement de tout ce que l\u2019on a appris de la nature et des sciences du vivant depuis 50 ou 60 ans. Elle est tr\u00e8s \u00e9conome en \u00e9nergie fossile et en moyen technique (pas d\u2019outil sophistiqu\u00e9 ni de grosse machine). Juste l\u2019utilisation de quelques outils manuels sont n\u00e9cessaires. Par contre, il s\u2019agit v\u00e9ritablement d\u2019une agriculture de la connaissance, une agriculture de l\u2019intelligence.<br \/>\nL\u2019agriculture de demain, c\u2019est une agriculture o\u00f9 l\u2019on va remplacer \u00e0 la fois l\u2019intensit\u00e9 du travail qui caract\u00e9risait les fermes d\u2019avant l\u2019\u00e8re industrielle et l\u2019intensit\u00e9 d\u2019\u00e9nergie propre aux fermes de l\u2019\u00e8re industrielle par de la connaissance, de l\u2019intelligence, de la conception.<br \/>\nCe type de micro-ferme permaculturelle, si elle est bien con\u00e7ue et bien travaill\u00e9e est naturellement extr\u00eamement productive, essentiellement gr\u00e2ce \u00e0 l&rsquo;\u00e9nergie du soleil, et ce, sur la dur\u00e9e car elle valorise en les enrichissant les ressources naturelles.<\/p>\n<p style=\"text-align: right\"><em>Sarah et Martin Malves<\/em><\/p>\n<p style=\"text-align: center\"><strong><span style=\"font-size: 14pt;color: #339966\">Planning d\u2019impulsion, de conception, de formation et d\u2019installation<\/span><\/strong><\/p>\n<p style=\"text-align: center\"><span style=\"color: #3366ff\"><strong>Novembre 2017<\/strong>\u00a0: naissance de Rose Malves,<\/span><br \/>\n<span style=\"color: #3366ff\">notre fille ador\u00e9e qui on l\u2019esp\u00e8re aura la chance de grandir sur une terre vivante, ou la folie des hommes aura cess\u00e9 de d\u00e9truire la biodiversit\u00e9 et les \u00e9cosyst\u00e8mes dont nous sommes tous issus.<\/span><\/p>\n<p>\u00a0<strong>2018\u00a0:<\/strong><\/p>\n<p>&#8211; Implantation d\u2019un verger fruitier permaculturel et d\u2019une for\u00eat jardin.<\/p>\n<p>&#8211; Plantation des haies brise-vent autour du terrain (avec Arbres &amp; Paysages 11)<\/p>\n<p>&#8211; Formations \u00e0 la ferme du Bec Hellouin (Martin)\u00a0: mara\u00eechage bio-intensif, micro-fermes, for\u00eat-jardin<\/p>\n<p>&#8211; Succession de stages chez Emile Pautou, mara\u00eecher Bio \u00e0 Montolieu (Martin)\u00a0.<\/p>\n<p>&#8211; Participation aux journ\u00e9es MSA (Mara\u00eechage sur Sol Vivant).<\/p>\n<p>&#8211; Formation sur les constructions en terre-paille (association les Terre-Pailleux)<\/p>\n<p>&#8211; Stages chez Andy Darlington sur la greffe et la taille des arbres fruitiers. (Martin).<\/p>\n<p><strong>2019\u00a0: <\/strong><\/p>\n<p>&#8211; Cursus des 3 Formations \u00e0 la ferme du Bec Hellouin (Sarah).<\/p>\n<p>&#8211; Formation Mara\u00ee<span class='tooltipsall tooltip_post_id_18357 classtoolTips220'>ch<\/span>\u00e8re tout au long de l\u2019ann\u00e9e (Martin).<\/p>\n<p>&#8211; Pr\u00e9paration du terrain sur la zone mara\u00eechage.<\/p>\n<p><strong>2020\u00a0: <\/strong><\/p>\n<p>&#8211; officialisation du statut d\u2019agriculteur \u00e0 la chambre d\u2019agriculture,<\/p>\n<p>&#8211; installation du poulailler,<\/p>\n<p>&#8211; vente des premiers \u0153ufs et des premiers l\u00e9gumes,<\/p>\n<p>&#8211; construction d\u2019un local de vente<\/p>\n<p>&nbsp;<\/p>\n<script type=\"text\/javascript\"> var tt_store_content = \"\\<p\\>INRA \\:\u00a0\u00a0 Institut national de la recherche agronomique \\(\\<em\\>source Gouv France\\<\\\/em\\>\\)\\<\\\/p\\>\"; toolTips('.classtoolTips125',tt_store_content,'20857'); <\/script><script type=\"text\/javascript\"> var tt_store_content = \"\\<p\\>INRA \\:\u00a0\u00a0 Institut national de la recherche agronomique \\(\\<em\\>source Gouv France\\<\\\/em\\>\\)\\<\\\/p\\>\"; toolTips('.classtoolTips125',tt_store_content,'20857'); <\/script><script type=\"text\/javascript\"> var tt_store_content = \"Le <span class='tooltipsall tooltip_post_id_3743 classtoolTips128'>CIRC<\/span> est le&nbsp; \\<a href\\='https\\:\\\/\\\/fr\\.wikipedia\\.org\\\/wiki\\\/Centre_international_de_recherche_sur_le_cancer' target\\='_blank' rel\\='noopener'\\>Centre international de Recherche sur le Cancer\\<\\\/a\\>, cr\u00e9\u00e9 en 1965 par l\u2019\\<a href\\='https\\:\\\/\\\/fr\\.wikipedia\\.org\\\/wiki\\\/Organisation_mondiale_de_la_sant%C3%A9' target\\='_blank' rel\\='noopener'\\>Organisation Mondiale de la Sant\u00e9\\<\\\/a\\> \\(OMS\\) des \\<a href\\='https\\:\\\/\\\/fr\\.wikipedia\\.org\\\/wiki\\\/Organisation_des_Nations_unies' target\\='_blank' rel\\='noopener'\\>Nations Unies\\<\\\/a\\>\\.\"; toolTips('.classtoolTips128',tt_store_content,'3743'); <\/script><script type=\"text\/javascript\"> var tt_store_content = \"\\<p\\><span class='tooltipsall tooltip_post_id_19394 classtoolTips134'>SAGE<\/span> \\= \\<span class\\='st'\\> sch\u00e9ma d'am\u00e9nagement et de gestion de l'eau\\<\\\/span\\> , c'est un outil de planification qui concerne l'ensemble des eaux situ\u00e9es dans un bassin versant\\<\\\/p\\>\"; toolTips('.classtoolTips134',tt_store_content,'19394'); <\/script><script type=\"text\/javascript\"> var tt_store_content = \"\\<p style\\='text\\-align\\: center;'\\>\\<strong\\>\\<span style\\='font\\-size\\: 14pt;'\\>S\\<\\\/span\\>\\<\\\/strong\\>\\<span style\\='font\\-size\\: 14pt;'\\>oci\u00e9t\u00e9 d'\\<strong\\>\u00c9\\<\\\/strong\\>conomie \\<strong\\>M\\<\\\/strong\\>ixte\\<\\\/span\\>\\<\\\/p\\><br\/>\\<p style\\='text\\-align\\: justify;'\\>En France, une soci\u00e9t\u00e9 d'\u00e9conomie mixte est une soci\u00e9t\u00e9 anonyme dont le capital est majoritairement d\u00e9tenu par une ou plusieurs personnes publiques \\(\u00e0 savoir l'\u00c9tat, une Collectivit\u00e9 territoriale, ou tout autre \u00c9tablissement public\\)\\. Cette participation majoritaire publique est plafonn\u00e9e \u00e0 85&nbsp;% du capital depuis la Loi du 2 janvier 2002\\. Au moins une personne priv\u00e9e doit participer au capital de la <span class='tooltipsall tooltip_post_id_7168 classtoolTips142'>SEM<\/span>, sachant qu'il peut s'agir d'une autre SEM\\.\\<\\\/p\\><br\/>\\<p style\\='text\\-align\\: justify;'\\>\\<strong\\>Le recours \u00e0 la SEM garantit\\<\\\/strong\\> \u00e0 la collectivit\u00e9 publique actionnaire et cocontractante \\<strong\\>la prise en compte effective de l'int\u00e9r\u00eat g\u00e9n\u00e9ral\\<\\\/strong\\> dans les objectifs de l'entreprise \\<strong\\>et la souplesse de la soci\u00e9t\u00e9 de droit priv\u00e9\\<\\\/strong\\>\\.\\<\\\/p\\><br\/>\\<em\\>\\<a href\\='https\\:\\\/\\\/fr\\.wikipedia\\.org\\\/wiki\\\/Soci%C3%A9t%C3%A9_d%27%C3%A9conomie_mixte' target\\='_blank' rel\\='noopener'\\>Voir ici la page Wikipedia consacr\u00e9e aux SEM\\<\\\/a\\> \\<\\\/em\\><br\/><br\/>&nbsp;\"; toolTips('.classtoolTips142',tt_store_content,'7168'); <\/script><script type=\"text\/javascript\"> var tt_store_content = \"\\<p style\\='text\\-align\\: center;'\\>\\<span style\\='font\\-size\\: 14pt;'\\>\\<strong\\>I\\<\\\/strong\\>mp\u00f4t sur la \\<strong\\>F\\<\\\/strong\\>ortune \\<strong\\>I\\<\\\/strong\\>mmobili\u00e8re\\<\\\/span\\>\\<\\\/p\\>\"; toolTips('.classtoolTips148',tt_store_content,'5643'); <\/script><script type=\"text\/javascript\"> var tt_store_content = \"\\<p style\\='text\\-align\\: center;'\\>\\<span style\\='font\\-size\\: 14pt;'\\>\\<strong\\>R\\<\\\/strong\\>\u00e9pertoire \\<strong\\>N\\<\\\/strong\\>ational des \\<strong\\>A\\<\\\/strong\\>ssociations\\<\\\/span\\>\\<\\\/p\\>\"; toolTips('.classtoolTips159',tt_store_content,'24374'); <\/script><script type=\"text\/javascript\"> var tt_store_content = \"\\<p style\\='text\\-align\\: center;'\\>\\<strong\\>\\<span style\\='font\\-size\\: 14pt;'\\>G\\<\\\/span\\>\\<\\\/strong\\>\\<span style\\='font\\-size\\: 14pt;'\\>az \u00e0 \\<strong\\>E\\<\\\/strong\\>ffet de \\<strong\\>S\\<\\\/strong\\>erre\\<\\\/span\\>\\<\\\/p\\><br\/>\\<p style\\='text\\-align\\: justify;'\\>Les gaz \u00e0 effet de serre \\(GES\\) sont des composants gazeux qui absorbent le rayonnement infrarouge \u00e9mis par la surface terrestre et contribuent \u00e0 l'effet de serre\\. L'augmentation de leur concentration dans l'atmosph\u00e8re terrestre est l'un des facteurs \u00e0 l'origine du r\u00e9chauffement climatique\\.\\<\\\/p\\><br\/>\\<a href\\='https\\:\\\/\\\/fr\\.wikipedia\\.org\\\/wiki\\\/Gaz_%C3%A0_effet_de_serre' target\\='_blank' rel\\='noopener'\\>\\<em\\>Voir ici la fiche Wikipedia sur les gaz \u00e0 effet de serre\\<\\\/em\\>\\<\\\/a\\>\"; toolTips('.classtoolTips161',tt_store_content,'7232'); <\/script><script type=\"text\/javascript\"> var tt_store_content = \"\\<p style\\='text\\-align\\: justify'\\>La \u00ab\u00a0\\<b\\>programmation pluriannuelle de l'\u00e9nergie\\<\\\/b\\>\u00a0\u00bb \\(<span class='tooltipsall tooltip_post_id_7750 classtoolTips164'>PPE<\/span>\\) est, en France, un document strat\u00e9gique de pilotage de la transition \u00e9nerg\u00e9tique\\. Institu\u00e9e par l'article 176 de la \\<a title\\='Loi relative \u00e0 la transition \u00e9nerg\u00e9tique pour la croissance verte' href\\='https\\:\\\/\\\/fr\\.wikipedia\\.org\\\/wiki\\\/Loi_relative_%C3%A0_la_transition_%C3%A9nerg%C3%A9tique_pour_la_croissance_verte'\\>loi de transition \u00e9nerg\u00e9tique\\<\\\/a\\> \\(TECV\\), elle fixe une trajectoire pour le \\<a title\\='Mix \u00e9nerg\u00e9tique' href\\='https\\:\\\/\\\/fr\\.wikipedia\\.org\\\/wiki\\\/Mix_%C3%A9nerg%C3%A9tique'\\>mix \u00e9nerg\u00e9tique\\<\\\/a\\>, ainsi que \\<span class\\='citation'\\>\u00ab\u00a0les priorit\u00e9s d'action pour la gestion de l\u2019ensemble des formes d'\u00e9nergie sur le territoire m\u00e9tropolitain continental, afin d\u2019atteindre les objectifs nationaux fix\u00e9s par la loi\u00a0\u00bb\\<\\\/span\\>\\. \\(Wikip\u00e9dia\\)\\<\\\/p\\>\"; toolTips('.classtoolTips164',tt_store_content,'7750'); <\/script><script type=\"text\/javascript\"> var tt_store_content = \"\\<p style\\='text\\-align\\: justify'\\>La \u00ab\u00a0\\<b\\>programmation pluriannuelle de l'\u00e9nergie\\<\\\/b\\>\u00a0\u00bb \\(PPE\\) est, en France, un document strat\u00e9gique de pilotage de la transition \u00e9nerg\u00e9tique\\. Institu\u00e9e par l'article 176 de la \\<a title\\='Loi relative \u00e0 la transition \u00e9nerg\u00e9tique pour la croissance verte' href\\='https\\:\\\/\\\/fr\\.wikipedia\\.org\\\/wiki\\\/Loi_relative_%C3%A0_la_transition_%C3%A9nerg%C3%A9tique_pour_la_croissance_verte'\\>loi de transition \u00e9nerg\u00e9tique\\<\\\/a\\> \\(TECV\\), elle fixe une trajectoire pour le \\<a title\\='Mix \u00e9nerg\u00e9tique' href\\='https\\:\\\/\\\/fr\\.wikipedia\\.org\\\/wiki\\\/Mix_%C3%A9nerg%C3%A9tique'\\>mix \u00e9nerg\u00e9tique\\<\\\/a\\>, ainsi que \\<span class\\='citation'\\>\u00ab\u00a0les priorit\u00e9s d'action pour la gestion de l\u2019ensemble des formes d'\u00e9nergie sur le territoire m\u00e9tropolitain continental, afin d\u2019atteindre les objectifs nationaux fix\u00e9s par la loi\u00a0\u00bb\\<\\\/span\\>\\. \\(Wikip\u00e9dia\\)\\<\\\/p\\>\"; toolTips('.classtoolTips164',tt_store_content,'7750'); <\/script><script type=\"text\/javascript\"> var tt_store_content = \"\\<p style\\='text\\-align\\: justify;'\\>Le Conseil d'Orientation des Retraites est une instance qui r\u00e9unit &nbsp;\\<span class\\='st'\\>les principaux acteurs du champ des retraites\\<\\\/span\\> et effectue un travail d'\u00e9tudes et de concertation\\. Compos\u00e9 de parlementaires, de repr\u00e9sentants des organisations professionnelles et syndicales, des retrait\u00e9s et des familles, de membres de l'administration et d'experts, le Conseil d'orientation des retraites \\(<span class='tooltipsall tooltip_post_id_7751 classtoolTips165'>COR<\/span>\\) est plac\u00e9 aupr\u00e8s du Premier ministre\\.\\<\\\/p\\>\"; toolTips('.classtoolTips165',tt_store_content,'7751'); <\/script><script type=\"text\/javascript\"> var tt_store_content = \"Energies Renouvelables\"; toolTips('.classtoolTips167',tt_store_content,'7758'); <\/script><script type=\"text\/javascript\"> var tt_store_content = \"Energies Renouvelables\"; toolTips('.classtoolTips167',tt_store_content,'7758'); <\/script><script type=\"text\/javascript\"> var tt_store_content = \"\\<p style\\='text\\-align\\: center;'\\>\\<span style\\='font\\-size\\: 14pt;'\\>\\<strong\\>O\\<\\\/strong\\>rganisation \\<strong\\>M\\<\\\/strong\\>\u00e9t\u00e9orologique \\<strong\\>M\\<\\\/strong\\>ondiale<br\/>\\<strong\\>W\\<\\\/strong\\>orld \\<strong\\>M\\<\\\/strong\\>eteorological \\<strong\\>O\\<\\\/strong\\>rganization\\<\\\/span\\>\\<\\\/p\\><br\/>&nbsp;<br\/><br\/>\\<a href\\='https\\:\\\/\\\/public\\.wmo\\.int\\\/fr' target\\='_blank' rel\\='noopener'\\>\\<em\\>Acc\u00e9der ici au site de l'organisation\\<\\\/em\\>\\<\\\/a\\>\"; toolTips('.classtoolTips168',tt_store_content,'7763'); <\/script><script type=\"text\/javascript\"> var tt_store_content = \"\\<p style\\='text\\-align\\: center;'\\>\\<span style\\='font\\-size\\: 14pt;'\\>\\<strong\\>\u00c9\\<\\\/strong\\>cole \\<strong\\>N\\<\\\/strong\\>ationale d'\\<strong\\>A\\<\\\/strong\\>dministration\\<\\\/span\\>\\<\\\/p\\>\"; toolTips('.classtoolTips170',tt_store_content,'5213'); <\/script><script type=\"text\/javascript\"> var tt_store_content = \"\\<p style\\='text\\-align\\: center;'\\>\\<span style\\='font\\-size\\: 14pt;'\\>\u00c9cole des<br\/>\\<strong\\>H\\<\\\/strong\\>autes \\<strong\\>\u00c9\\<\\\/strong\\>tudes \\<strong\\>C\\<\\\/strong\\>ommerciales\\<\\\/span\\>\\<\\\/p\\>\"; toolTips('.classtoolTips171',tt_store_content,'5214'); <\/script><script type=\"text\/javascript\"> var tt_store_content = \"\\<p style\\='text\\-align\\: justify'\\>\\<span class\\='ILfuVd'\\>La politique agricole commune \\(\\<b\\><span class='tooltipsall tooltip_post_id_11364 classtoolTips174'>PAC<\/span>\\<\\\/b\\>\\) est une politique mise en place \u00e0 l'\u00e9chelle de l'Union europ\u00e9enne\\. \u00c0 l'origine, elle est fond\u00e9e principalement sur des mesures de contr\u00f4le des prix et de subventionnement, visant \u00e0 moderniser et d\u00e9velopper l'agriculture\\.\\<\\\/span\\> \\(source Wikipedia\\)\\<\\\/p\\>\"; toolTips('.classtoolTips174',tt_store_content,'11364'); <\/script><script type=\"text\/javascript\"> var tt_store_content = \"\\<p style\\='text\\-align\\: center;'\\>\\<span style\\='font\\-size\\: 14pt;'\\>\\<strong\\>P\\<\\\/strong\\>\\<\\\/span\\>\\<span style\\='font\\-size\\: 14pt;'\\>lan \\<strong\\>L\\<\\\/strong\\>\\<\\\/span\\>\\<span style\\='font\\-size\\: 14pt;'\\>ocal d'\\<strong\\>U\\<\\\/strong\\>\\<\\\/span\\>\\<span style\\='font\\-size\\: 14pt;'\\>rbanisme\\<\\\/span\\>\\<\\\/p\\><br\/>&nbsp;\"; toolTips('.classtoolTips176',tt_store_content,'4979'); <\/script><script type=\"text\/javascript\"> var tt_store_content = \"\\<p\\>Conseil \u00c9conomique et Social\\<\\\/p\\>\"; toolTips('.classtoolTips180',tt_store_content,'29829'); <\/script><script type=\"text\/javascript\"> var tt_store_content = \"\\<p style\\='text\\-align\\: center;'\\>\\<span style\\='font\\-size\\: 14pt;'\\>\\<strong\\>G\\<\\\/strong\\>roupement \\<strong\\>H\\<\\\/strong\\>ospitalier de \\<strong\\>T\\<\\\/strong\\>erritoire\\<\\\/span\\>\\<\\\/p\\><br\/>\\<p style\\='text\\-align\\: justify;'\\>Les groupements hospitaliers de territoires, dispositif pr\u00e9vu par la loi de sant\u00e9 2016, sont un nouveau mode de coop\u00e9ration entre les \u00e9tablissements publics de sant\u00e9 \u00e0 l\u2019\u00e9chelle d\u2019un territoire\\<\\\/p\\>\"; toolTips('.classtoolTips189',tt_store_content,'18358'); <\/script><script type=\"text\/javascript\"> var tt_store_content = \"\\<p style\\='text\\-align\\: center;'\\>\\<span style\\='font\\-size\\: 14pt;'\\>\\<strong\\>C\\<\\\/strong\\>omit\u00e9 \\<strong\\>T\\<\\\/strong\\>echnique d'\\<strong\\>\u00c9\\<\\\/strong\\>tablissement\\<\\\/span\\>\\<\\\/p\\>\"; toolTips('.classtoolTips191',tt_store_content,'18359'); <\/script><script type=\"text\/javascript\"> var tt_store_content = \"\\<p style\\='text\\-align\\: center;'\\>\\<strong\\>\\<span style\\='font\\-size\\: 14pt;'\\>P\\<\\\/span\\>\\<\\\/strong\\>\\<span style\\='font\\-size\\: 14pt;'\\>rogrammation \\<strong\\>P\\<\\\/strong\\>luri\\-annuelle de l'\\<strong\\>\u00c9\\<\\\/strong\\>nergie\\<\\\/span\\>\\<\\\/p\\><br\/>La PPE est est en France un document strat\u00e9gique de pilotage de la transition \u00e9nerg\u00e9tique\\. Institu\u00e9e par l'article 176 de la loi transition \u00e9nerg\u00e9tique \\(TECV\\)\\. Elle fixe \\(par \u00e9nergie\\) une trajectoire pour le mix \u00e9nerg\u00e9tique, ainsi que \u00ab&nbsp;\\<em\\>les priorit\u00e9s d'action pour la gestion de l\u2019ensemble des formes d'\u00e9nergie sur le territoire m\u00e9tropolitain continental, afin d\u2019atteindre les objectifs nationaux fix\u00e9s par la loi\\<\\\/em\\>&nbsp;\u00bb\\.<br\/><br\/>Initi\u00e9e en 2016, elle est r\u00e9vis\u00e9e en 2018 puis ensuite tous les 5 ans\\.<br\/><br\/>\\<a href\\='https\\:\\\/\\\/fr\\.wikipedia\\.org\\\/wiki\\\/Programmation_pluriannuelle_de_l'\u00e9nergi' target\\='_blank' rel\\='noopener'\\>\\<em\\>Voir ici la page Wikipedia consacr\u00e9e \u00e0 la PPE\\<\\\/em\\>\\<\\\/a\\><br\/>\\<a href\\='https\\:\\\/\\\/ppe\\.debatpublic\\.fr\\\/' target\\='_blank' rel\\='noopener'\\>\\<em\\>Voir ici la page du site 'Commission du D\u00e9bat Public' consacr\u00e9e \u00e0 la PPE\\<\\\/em\\>\\<\\\/a\\>\"; toolTips('.classtoolTips193',tt_store_content,'7102'); <\/script><script type=\"text\/javascript\"> var tt_store_content = \"\\<p style\\='text\\-align\\: center;'\\>\\<span style\\='font\\-size\\: 14pt;'\\>\\<strong\\>E\\<\\\/strong\\>volutionary \\<strong\\>P\\<\\\/strong\\>ower \\<strong\\>R\\<\\\/strong\\>eactor\\<\\\/span\\>\\<\\\/p\\><br\/>\\<p style\\='text\\-align\\: justify;'\\>R\u00e9acteur nucl\u00e9aire de troisi\u00e8me g\u00e9n\u00e9ration \\(classification internationale\\), con\u00e7u et d\u00e9velopp\u00e9 par <span class='tooltipsall tooltip_post_id_5121 classtoolTips35'>Areva NP<\/span>&nbsp; au cours des ann\u00e9es 1990 et 2000\\. Il fait partie de la fili\u00e8re des r\u00e9acteurs \u00e0 eau pressuris\u00e9e\\.\\<\\\/p\\><br\/>\\<a href\\='https\\:\\\/\\\/fr\\.wikipedia\\.org\\\/wiki\\\/R%C3%A9acteur_pressuris%C3%A9_europ%C3%A9en' target\\='_blank' rel\\='noopener'\\>\\<em\\>Voir ici la fiche Wikipedia <span class='tooltipsall tooltip_post_id_5579 classtoolTips196'>EPR<\/span>\\<\\\/em\\>\\<\\\/a\\>\"; toolTips('.classtoolTips196',tt_store_content,'5579'); <\/script><script type=\"text\/javascript\"> var tt_store_content = \"\\<p\\><span class='tooltipsall tooltip_post_id_21204 classtoolTips199'>COV<\/span> \\= Compos\u00e9 Organique Volatile\\<\\\/p\\>\"; toolTips('.classtoolTips199',tt_store_content,'21204'); <\/script><script type=\"text\/javascript\"> var tt_store_content = \"\\<p style\\='text\\-align\\: center;'\\>\\<strong\\>R\\<\\\/strong\\>\u00e9seau \\<strong\\>A\\<\\\/strong\\>ction \\<strong\\>C\\<\\\/strong\\>limat\\<\\\/p\\><br\/>Le r\u00e9seau Action Climat '\\<em\\>f\u00e9d\u00e8re les associations impliqu\u00e9es dans la lutte contre les changements climatiques et pour une transition \u00e9cologique, solidaire et \u00e9quitable\\<\\\/em\\>'\\.<br\/><br\/>\\<a href\\='https\\:\\\/\\\/reseauactionclimat\\.org\\\/' target\\='_blank' rel\\='noopener'\\>Voir le site du <span class='tooltipsall tooltip_post_id_4309 classtoolTips200'>RAC<\/span>\\<\\\/a\\>\"; toolTips('.classtoolTips200',tt_store_content,'4309'); <\/script><script type=\"text\/javascript\"> var tt_store_content = \"\\<p style\\='text\\-align\\: center;'\\>\\<strong\\>\\<span style\\='font\\-size\\: 14pt;'\\>R\\<\\\/span\\>\\<\\\/strong\\>\\<span style\\='font\\-size\\: 14pt;'\\>eferendum d'\\<strong\\>I\\<\\\/strong\\>nitiative \\<strong\\>C\\<\\\/strong\\>itoyenne\\<\\\/span\\>\\<\\\/p\\>\"; toolTips('.classtoolTips205',tt_store_content,'12268'); <\/script><script type=\"text\/javascript\"> var tt_store_content = \"\\<p\\><span class='tooltipsall tooltip_post_id_25844 classtoolTips208'>RTE<\/span> \\= R\u00e9seau de Transport d'Electricit\u00e9 est une filiale d'<span class='tooltipsall tooltip_post_id_7035 classtoolTips178'>EDF<\/span> qui est l'actionnaire majoritaire avec 50,1% des parts le reste \u00e9tant partag\u00e9 par la CDC et la CNP\\<\\\/p\\>\"; toolTips('.classtoolTips208',tt_store_content,'25844'); <\/script><script type=\"text\/javascript\"> var tt_store_content = \"\\<p style\\='text\\-align\\: center;'\\>\\<span style\\='font\\-size\\: 14pt;'\\>\\<strong\\>O\\<\\\/strong\\>rganisation\\<strong\\> N\\<\\\/strong\\>on\\<strong\\> G\\<\\\/strong\\>ouvernementale\\<\\\/span\\>\\<\\\/p\\><br\/>Une organisation non gouvernementale \\(<span class='tooltipsall tooltip_post_id_3579 classtoolTips210'>ONG<\/span>\\) est une \\<a title\\='Association \u00e0 but non lucratif' href\\='https\\:\\\/\\\/fr\\.wikipedia\\.org\\\/wiki\\\/Association_%C3%A0_but_non_lucratif' target\\='_blank' rel\\='noopener'\\>association \u00e0 but non lucratif\\<\\\/a\\>, d'int\u00e9r\u00eat public, qui ne rel\u00e8ve ni de l'\u00c9tat, ni d'institutions internationales\\<sup id\\='cite_ref\\-novethic_1\\-0' class\\='reference'\\>\\<\\\/sup\\>\\. Les ONG n'ont pas le statut de sujet de \\<a title\\='Droit international public' href\\='https\\:\\\/\\\/fr\\.wikipedia\\.org\\\/wiki\\\/Droit_international_public' target\\='_blank' rel\\='noopener'\\>droit international\\<\\\/a\\>\\.\"; toolTips('.classtoolTips210',tt_store_content,'3579'); <\/script><script type=\"text\/javascript\"> var tt_store_content = \"\\<p style\\='text\\-align\\: center;'\\>\\<span style\\='font\\-size\\: 14pt;'\\>\\<strong\\>O\\<\\\/strong\\>rganisation\\<strong\\> N\\<\\\/strong\\>on\\<strong\\> G\\<\\\/strong\\>ouvernementale\\<\\\/span\\>\\<\\\/p\\><br\/>Une organisation non gouvernementale \\(ONG\\) est une \\<a title\\='Association \u00e0 but non lucratif' href\\='https\\:\\\/\\\/fr\\.wikipedia\\.org\\\/wiki\\\/Association_%C3%A0_but_non_lucratif' target\\='_blank' rel\\='noopener'\\>association \u00e0 but non lucratif\\<\\\/a\\>, d'int\u00e9r\u00eat public, qui ne rel\u00e8ve ni de l'\u00c9tat, ni d'institutions internationales\\<sup id\\='cite_ref\\-novethic_1\\-0' class\\='reference'\\>\\<\\\/sup\\>\\. Les ONG n'ont pas le statut de sujet de \\<a title\\='Droit international public' href\\='https\\:\\\/\\\/fr\\.wikipedia\\.org\\\/wiki\\\/Droit_international_public' target\\='_blank' rel\\='noopener'\\>droit international\\<\\\/a\\>\\.\"; toolTips('.classtoolTips210',tt_store_content,'3579'); <\/script><script type=\"text\/javascript\"> var tt_store_content = \"\\<p\\><span class='tooltipsall tooltip_post_id_24572 classtoolTips211'>MIT<\/span> \\= Massachussets Institute of Technology, prestigieuse universit\u00e9 am\u00e9ricaine de la c\u00f4te est\\<\\\/p\\>\"; toolTips('.classtoolTips211',tt_store_content,'24572'); <\/script><script type=\"text\/javascript\"> var tt_store_content = \"\\<p style\\='text\\-align\\: center;'\\>\\<strong\\>J\\<\\\/strong\\>eux \\<strong\\>O\\<\\\/strong\\>lympiques<br\/>ou<br\/>\\<strong\\>J\\<\\\/strong\\>ournal \\<strong\\>O\\<\\\/strong\\>fficiel de la R\u00e9publique Fran\u00e7aise\\<\\\/p\\>\"; toolTips('.classtoolTips213',tt_store_content,'4451'); <\/script><script type=\"text\/javascript\"> var tt_store_content = \"\\<p\\><span class='tooltipsall tooltip_post_id_30593 classtoolTips214'>RN<\/span> \\= Rassemble National, c'est le parti d'extr\u00eame droite de Marine Le Pen qui succ\u00e8de au FN \\= Front National fond\u00e9 par son p\u00e8re Jean Marie Le Pen\\<\\\/p\\>\"; toolTips('.classtoolTips214',tt_store_content,'30593'); <\/script><script type=\"text\/javascript\"> var tt_store_content = \"\\<p style\\='text\\-align\\: center;'\\>\\<span style\\='font\\-size\\: 14pt;'\\>\\<strong\\>C\\<\\\/strong\\>entre \\<strong\\>H\\<\\\/strong\\>ospitalier\\<\\\/span\\>\\<\\\/p\\>\"; toolTips('.classtoolTips220',tt_store_content,'18357'); <\/script><script type=\"text\/javascript\"> var tt_store_content = \"\\<p\\>D\u00e9chets radioactifs \u00e0 Haute Activit\u00e9 \\(classement <span class='tooltipsall tooltip_post_id_3612 classtoolTips79'>ANDRA<\/span>\\)\\<\\\/p\\>\"; toolTips('.classtoolTips223',tt_store_content,'19196'); <\/script>","protected":false},"excerpt":{"rendered":"<p>D\u2019un point de vue \u00e9cologique, ce type d\u2019agriculture renforce la biodiversit\u00e9, augmente la teneur en mati\u00e8res organiques des sols, ann\u00e9e apr\u00e8s ann\u00e9e et pr\u00e9serve les \u00e9cosyst\u00e8mes.<script type=\"text\/javascript\"> var tt_store_content = \"\\<p\\><span class='tooltipsall tooltip_post_id_20857 classtoolTips125'>INRA<\/span> \\:\u00a0\u00a0 Institut national de la recherche agronomique \\(\\<em\\>source Gouv France\\<\\\/em\\>\\)\\<\\\/p\\>\"; toolTips('.classtoolTips125',tt_store_content,'20857'); <\/script><script type=\"text\/javascript\"> var tt_store_content = \"\\<p\\>INRA \\:\u00a0\u00a0 Institut national de la recherche agronomique \\(\\<em\\>source Gouv France\\<\\\/em\\>\\)\\<\\\/p\\>\"; toolTips('.classtoolTips125',tt_store_content,'20857'); <\/script><script type=\"text\/javascript\"> var tt_store_content = \"Le <span class='tooltipsall tooltip_post_id_3743 classtoolTips128'>CIRC<\/span> est le&nbsp; \\<a href\\='https\\:\\\/\\\/fr\\.wikipedia\\.org\\\/wiki\\\/Centre_international_de_recherche_sur_le_cancer' target\\='_blank' rel\\='noopener'\\>Centre international de Recherche sur le Cancer\\<\\\/a\\>, cr\u00e9\u00e9 en 1965 par l\u2019\\<a href\\='https\\:\\\/\\\/fr\\.wikipedia\\.org\\\/wiki\\\/Organisation_mondiale_de_la_sant%C3%A9' target\\='_blank' rel\\='noopener'\\>Organisation Mondiale de la Sant\u00e9\\<\\\/a\\> \\(OMS\\) des \\<a href\\='https\\:\\\/\\\/fr\\.wikipedia\\.org\\\/wiki\\\/Organisation_des_Nations_unies' target\\='_blank' rel\\='noopener'\\>Nations Unies\\<\\\/a\\>\\.\"; toolTips('.classtoolTips128',tt_store_content,'3743'); <\/script><script type=\"text\/javascript\"> var tt_store_content = \"\\<p\\><span class='tooltipsall tooltip_post_id_19394 classtoolTips134'>SAGE<\/span> \\= \\<span class\\='st'\\> sch\u00e9ma d'am\u00e9nagement et de gestion de l'eau\\<\\\/span\\> , c'est un outil de planification qui concerne l'ensemble des eaux situ\u00e9es dans un bassin versant\\<\\\/p\\>\"; toolTips('.classtoolTips134',tt_store_content,'19394'); <\/script><script type=\"text\/javascript\"> var tt_store_content = \"\\<\/p>\n<p style\\='text\\-align\\: center;'\\>\\<strong\\>\\<span style\\='font\\-size\\: 14pt;'\\>S\\<\\\/span\\>\\<\\\/strong\\>\\<span style\\='font\\-size\\: 14pt;'\\>oci\u00e9t\u00e9 d'\\<strong\\>\u00c9\\<\\\/strong\\>conomie \\<strong\\>M\\<\\\/strong\\>ixte\\<\\\/span\\>\\<\\\/p\\><br \/>\\<\/p>\n<p style\\='text\\-align\\: justify;'\\>En France, une soci\u00e9t\u00e9 d'\u00e9conomie mixte est une soci\u00e9t\u00e9 anonyme dont le capital est majoritairement d\u00e9tenu par une ou plusieurs personnes publiques \\(\u00e0 savoir l'\u00c9tat, une Collectivit\u00e9 territoriale, ou tout autre \u00c9tablissement public\\)\\. Cette participation majoritaire publique est plafonn\u00e9e \u00e0 85&nbsp;% du capital depuis la Loi du 2 janvier 2002\\. Au moins une personne priv\u00e9e doit participer au capital de la <span class='tooltipsall tooltip_post_id_7168 classtoolTips142'>SEM<\/span>, sachant qu'il peut s'agir d'une autre SEM\\.\\<\\\/p\\><br \/>\\<\/p>\n<p style\\='text\\-align\\: justify;'\\>\\<strong\\>Le recours \u00e0 la SEM garantit\\<\\\/strong\\> \u00e0 la collectivit\u00e9 publique actionnaire et cocontractante \\<strong\\>la prise en compte effective de l'int\u00e9r\u00eat g\u00e9n\u00e9ral\\<\\\/strong\\> dans les objectifs de l'entreprise \\<strong\\>et la souplesse de la soci\u00e9t\u00e9 de droit priv\u00e9\\<\\\/strong\\>\\.\\<\\\/p\\><br \/>\\<em\\>\\<a href\\='https\\:\\\/\\\/fr\\.wikipedia\\.org\\\/wiki\\\/Soci%C3%A9t%C3%A9_d%27%C3%A9conomie_mixte' target\\='_blank' rel\\='noopener'\\>Voir ici la page Wikipedia consacr\u00e9e aux SEM\\<\\\/a\\> \\<\\\/em\\><\/p>\n<p>&nbsp;\"; toolTips('.classtoolTips142',tt_store_content,'7168'); <\/script><script type=\"text\/javascript\"> var tt_store_content = \"\\<\/p>\n<p style\\='text\\-align\\: center;'\\>\\<span style\\='font\\-size\\: 14pt;'\\>\\<strong\\>I\\<\\\/strong\\>mp\u00f4t sur la \\<strong\\>F\\<\\\/strong\\>ortune \\<strong\\>I\\<\\\/strong\\>mmobili\u00e8re\\<\\\/span\\>\\<\\\/p\\>\"; toolTips('.classtoolTips148',tt_store_content,'5643'); <\/script><script type=\"text\/javascript\"> var tt_store_content = \"\\<\/p>\n<p style\\='text\\-align\\: center;'\\>\\<span style\\='font\\-size\\: 14pt;'\\>\\<strong\\>R\\<\\\/strong\\>\u00e9pertoire \\<strong\\>N\\<\\\/strong\\>ational des \\<strong\\>A\\<\\\/strong\\>ssociations\\<\\\/span\\>\\<\\\/p\\>\"; toolTips('.classtoolTips159',tt_store_content,'24374'); <\/script><script type=\"text\/javascript\"> var tt_store_content = \"\\<\/p>\n<p style\\='text\\-align\\: center;'\\>\\<strong\\>\\<span style\\='font\\-size\\: 14pt;'\\>G\\<\\\/span\\>\\<\\\/strong\\>\\<span style\\='font\\-size\\: 14pt;'\\>az \u00e0 \\<strong\\>E\\<\\\/strong\\>ffet de \\<strong\\>S\\<\\\/strong\\>erre\\<\\\/span\\>\\<\\\/p\\><br \/>\\<\/p>\n<p style\\='text\\-align\\: justify;'\\>Les gaz \u00e0 effet de serre \\(<span class='tooltipsall tooltip_post_id_7232 classtoolTips161'>GES<\/span>\\) sont des composants gazeux qui absorbent le rayonnement infrarouge \u00e9mis par la surface terrestre et contribuent \u00e0 l'effet de serre\\. L'augmentation de leur concentration dans l'atmosph\u00e8re terrestre est l'un des facteurs \u00e0 l'origine du r\u00e9chauffement climatique\\.\\<\\\/p\\><br \/>\\<a href\\='https\\:\\\/\\\/fr\\.wikipedia\\.org\\\/wiki\\\/Gaz_%C3%A0_effet_de_serre' target\\='_blank' rel\\='noopener'\\>\\<em\\>Voir ici la fiche Wikipedia sur les gaz \u00e0 effet de serre\\<\\\/em\\>\\<\\\/a\\>\"; toolTips('.classtoolTips161',tt_store_content,'7232'); <\/script><script type=\"text\/javascript\"> var tt_store_content = \"\\<\/p>\n<p style\\='text\\-align\\: justify'\\>La \u00ab\u00a0\\<b\\>programmation pluriannuelle de l'\u00e9nergie\\<\\\/b\\>\u00a0\u00bb \\(<span class='tooltipsall tooltip_post_id_7750 classtoolTips164'>PPE<\/span>\\) est, en France, un document strat\u00e9gique de pilotage de la transition \u00e9nerg\u00e9tique\\. Institu\u00e9e par l'article 176 de la \\<a title\\='Loi relative \u00e0 la transition \u00e9nerg\u00e9tique pour la croissance verte' href\\='https\\:\\\/\\\/fr\\.wikipedia\\.org\\\/wiki\\\/Loi_relative_%C3%A0_la_transition_%C3%A9nerg%C3%A9tique_pour_la_croissance_verte'\\>loi de transition \u00e9nerg\u00e9tique\\<\\\/a\\> \\(TECV\\), elle fixe une trajectoire pour le \\<a title\\='Mix \u00e9nerg\u00e9tique' href\\='https\\:\\\/\\\/fr\\.wikipedia\\.org\\\/wiki\\\/Mix_%C3%A9nerg%C3%A9tique'\\>mix \u00e9nerg\u00e9tique\\<\\\/a\\>, ainsi que \\<span class\\='citation'\\>\u00ab\u00a0les priorit\u00e9s d'action pour la gestion de l\u2019ensemble des formes d'\u00e9nergie sur le territoire m\u00e9tropolitain continental, afin d\u2019atteindre les objectifs nationaux fix\u00e9s par la loi\u00a0\u00bb\\<\\\/span\\>\\. \\(Wikip\u00e9dia\\)\\<\\\/p\\>\"; toolTips('.classtoolTips164',tt_store_content,'7750'); <\/script><script type=\"text\/javascript\"> var tt_store_content = \"\\<\/p>\n<p style\\='text\\-align\\: justify'\\>La \u00ab\u00a0\\<b\\>programmation pluriannuelle de l'\u00e9nergie\\<\\\/b\\>\u00a0\u00bb \\(PPE\\) est, en France, un document strat\u00e9gique de pilotage de la transition \u00e9nerg\u00e9tique\\. Institu\u00e9e par l'article 176 de la \\<a title\\='Loi relative \u00e0 la transition \u00e9nerg\u00e9tique pour la croissance verte' href\\='https\\:\\\/\\\/fr\\.wikipedia\\.org\\\/wiki\\\/Loi_relative_%C3%A0_la_transition_%C3%A9nerg%C3%A9tique_pour_la_croissance_verte'\\>loi de transition \u00e9nerg\u00e9tique\\<\\\/a\\> \\(TECV\\), elle fixe une trajectoire pour le \\<a title\\='Mix \u00e9nerg\u00e9tique' href\\='https\\:\\\/\\\/fr\\.wikipedia\\.org\\\/wiki\\\/Mix_%C3%A9nerg%C3%A9tique'\\>mix \u00e9nerg\u00e9tique\\<\\\/a\\>, ainsi que \\<span class\\='citation'\\>\u00ab\u00a0les priorit\u00e9s d'action pour la gestion de l\u2019ensemble des formes d'\u00e9nergie sur le territoire m\u00e9tropolitain continental, afin d\u2019atteindre les objectifs nationaux fix\u00e9s par la loi\u00a0\u00bb\\<\\\/span\\>\\. \\(Wikip\u00e9dia\\)\\<\\\/p\\>\"; toolTips('.classtoolTips164',tt_store_content,'7750'); <\/script><script type=\"text\/javascript\"> var tt_store_content = \"\\<\/p>\n<p style\\='text\\-align\\: justify;'\\>Le Conseil d'Orientation des Retraites est une instance qui r\u00e9unit &nbsp;\\<span class\\='st'\\>les principaux acteurs du champ des retraites\\<\\\/span\\> et effectue un travail d'\u00e9tudes et de concertation\\. Compos\u00e9 de parlementaires, de repr\u00e9sentants des organisations professionnelles et syndicales, des retrait\u00e9s et des familles, de membres de l'administration et d'experts, le Conseil d'orientation des retraites \\(<span class='tooltipsall tooltip_post_id_7751 classtoolTips165'>COR<\/span>\\) est plac\u00e9 aupr\u00e8s du Premier ministre\\.\\<\\\/p\\>\"; toolTips('.classtoolTips165',tt_store_content,'7751'); <\/script><script type=\"text\/javascript\"> var tt_store_content = \"Energies Renouvelables\"; toolTips('.classtoolTips167',tt_store_content,'7758'); <\/script><script type=\"text\/javascript\"> var tt_store_content = \"Energies Renouvelables\"; toolTips('.classtoolTips167',tt_store_content,'7758'); <\/script><script type=\"text\/javascript\"> var tt_store_content = \"\\<\/p>\n<p style\\='text\\-align\\: center;'\\>\\<span style\\='font\\-size\\: 14pt;'\\>\\<strong\\>O\\<\\\/strong\\>rganisation \\<strong\\>M\\<\\\/strong\\>\u00e9t\u00e9orologique \\<strong\\>M\\<\\\/strong\\>ondiale<br \/>\\<strong\\>W\\<\\\/strong\\>orld \\<strong\\>M\\<\\\/strong\\>eteorological \\<strong\\>O\\<\\\/strong\\>rganization\\<\\\/span\\>\\<\\\/p\\><br \/>&nbsp;<\/p>\n<p>\\<a href\\='https\\:\\\/\\\/public\\.wmo\\.int\\\/fr' target\\='_blank' rel\\='noopener'\\>\\<em\\>Acc\u00e9der ici au site de l'organisation\\<\\\/em\\>\\<\\\/a\\>\"; toolTips('.classtoolTips168',tt_store_content,'7763'); <\/script><script type=\"text\/javascript\"> var tt_store_content = \"\\<\/p>\n<p style\\='text\\-align\\: center;'\\>\\<span style\\='font\\-size\\: 14pt;'\\>\\<strong\\>\u00c9\\<\\\/strong\\>cole \\<strong\\>N\\<\\\/strong\\>ationale d'\\<strong\\>A\\<\\\/strong\\>dministration\\<\\\/span\\>\\<\\\/p\\>\"; toolTips('.classtoolTips170',tt_store_content,'5213'); <\/script><script type=\"text\/javascript\"> var tt_store_content = \"\\<\/p>\n<p style\\='text\\-align\\: center;'\\>\\<span style\\='font\\-size\\: 14pt;'\\>\u00c9cole des<br \/>\\<strong\\>H\\<\\\/strong\\>autes \\<strong\\>\u00c9\\<\\\/strong\\>tudes \\<strong\\>C\\<\\\/strong\\>ommerciales\\<\\\/span\\>\\<\\\/p\\>\"; toolTips('.classtoolTips171',tt_store_content,'5214'); <\/script><script type=\"text\/javascript\"> var tt_store_content = \"\\<\/p>\n<p style\\='text\\-align\\: justify'\\>\\<span class\\='ILfuVd'\\>La politique agricole commune \\(\\<b\\><span class='tooltipsall tooltip_post_id_11364 classtoolTips174'>PAC<\/span>\\<\\\/b\\>\\) est une politique mise en place \u00e0 l'\u00e9chelle de l'Union europ\u00e9enne\\. \u00c0 l'origine, elle est fond\u00e9e principalement sur des mesures de contr\u00f4le des prix et de subventionnement, visant \u00e0 moderniser et d\u00e9velopper l'agriculture\\.\\<\\\/span\\> \\(source Wikipedia\\)\\<\\\/p\\>\"; toolTips('.classtoolTips174',tt_store_content,'11364'); <\/script><script type=\"text\/javascript\"> var tt_store_content = \"\\<\/p>\n<p style\\='text\\-align\\: center;'\\>\\<span style\\='font\\-size\\: 14pt;'\\>\\<strong\\>P\\<\\\/strong\\>\\<\\\/span\\>\\<span style\\='font\\-size\\: 14pt;'\\>lan \\<strong\\>L\\<\\\/strong\\>\\<\\\/span\\>\\<span style\\='font\\-size\\: 14pt;'\\>ocal d'\\<strong\\>U\\<\\\/strong\\>\\<\\\/span\\>\\<span style\\='font\\-size\\: 14pt;'\\>rbanisme\\<\\\/span\\>\\<\\\/p\\><br \/>&nbsp;\"; toolTips('.classtoolTips176',tt_store_content,'4979'); <\/script><script type=\"text\/javascript\"> var tt_store_content = \"\\<p\\>Conseil \u00c9conomique et Social\\<\\\/p\\>\"; toolTips('.classtoolTips180',tt_store_content,'29829'); <\/script><script type=\"text\/javascript\"> var tt_store_content = \"\\<\/p>\n<p style\\='text\\-align\\: center;'\\>\\<span style\\='font\\-size\\: 14pt;'\\>\\<strong\\>G\\<\\\/strong\\>roupement \\<strong\\>H\\<\\\/strong\\>ospitalier de \\<strong\\>T\\<\\\/strong\\>erritoire\\<\\\/span\\>\\<\\\/p\\><br \/>\\<\/p>\n<p style\\='text\\-align\\: justify;'\\>Les groupements hospitaliers de territoires, dispositif pr\u00e9vu par la loi de sant\u00e9 2016, sont un nouveau mode de coop\u00e9ration entre les \u00e9tablissements publics de sant\u00e9 \u00e0 l\u2019\u00e9chelle d\u2019un territoire\\<\\\/p\\>\"; toolTips('.classtoolTips189',tt_store_content,'18358'); <\/script><script type=\"text\/javascript\"> var tt_store_content = \"\\<\/p>\n<p style\\='text\\-align\\: center;'\\>\\<span style\\='font\\-size\\: 14pt;'\\>\\<strong\\>C\\<\\\/strong\\>omit\u00e9 \\<strong\\>T\\<\\\/strong\\>echnique d'\\<strong\\>\u00c9\\<\\\/strong\\>tablissement\\<\\\/span\\>\\<\\\/p\\>\"; toolTips('.classtoolTips191',tt_store_content,'18359'); <\/script><script type=\"text\/javascript\"> var tt_store_content = \"\\<\/p>\n<p style\\='text\\-align\\: center;'\\>\\<strong\\>\\<span style\\='font\\-size\\: 14pt;'\\>P\\<\\\/span\\>\\<\\\/strong\\>\\<span style\\='font\\-size\\: 14pt;'\\>rogrammation \\<strong\\>P\\<\\\/strong\\>luri\\-annuelle de l'\\<strong\\>\u00c9\\<\\\/strong\\>nergie\\<\\\/span\\>\\<\\\/p\\><br \/>La PPE est est en France un document strat\u00e9gique de pilotage de la transition \u00e9nerg\u00e9tique\\. Institu\u00e9e par l'article 176 de la loi transition \u00e9nerg\u00e9tique \\(TECV\\)\\. Elle fixe \\(par \u00e9nergie\\) une trajectoire pour le mix \u00e9nerg\u00e9tique, ainsi que \u00ab&nbsp;\\<em\\>les priorit\u00e9s d'action pour la gestion de l\u2019ensemble des formes d'\u00e9nergie sur le territoire m\u00e9tropolitain continental, afin d\u2019atteindre les objectifs nationaux fix\u00e9s par la loi\\<\\\/em\\>&nbsp;\u00bb\\.<\/p>\n<p>Initi\u00e9e en 2016, elle est r\u00e9vis\u00e9e en 2018 puis ensuite tous les 5 ans\\.<\/p>\n<p>\\<a href\\='https\\:\\\/\\\/fr\\.wikipedia\\.org\\\/wiki\\\/Programmation_pluriannuelle_de_l'\u00e9nergi' target\\='_blank' rel\\='noopener'\\>\\<em\\>Voir ici la page Wikipedia consacr\u00e9e \u00e0 la PPE\\<\\\/em\\>\\<\\\/a\\><br \/>\\<a href\\='https\\:\\\/\\\/ppe\\.debatpublic\\.fr\\\/' target\\='_blank' rel\\='noopener'\\>\\<em\\>Voir ici la page du site 'Commission du D\u00e9bat Public' consacr\u00e9e \u00e0 la PPE\\<\\\/em\\>\\<\\\/a\\>\"; toolTips('.classtoolTips193',tt_store_content,'7102'); <\/script><script type=\"text\/javascript\"> var tt_store_content = \"\\<\/p>\n<p style\\='text\\-align\\: center;'\\>\\<span style\\='font\\-size\\: 14pt;'\\>\\<strong\\>E\\<\\\/strong\\>volutionary \\<strong\\>P\\<\\\/strong\\>ower \\<strong\\>R\\<\\\/strong\\>eactor\\<\\\/span\\>\\<\\\/p\\><br \/>\\<\/p>\n<p style\\='text\\-align\\: justify;'\\>R\u00e9acteur nucl\u00e9aire de troisi\u00e8me g\u00e9n\u00e9ration \\(classification internationale\\), con\u00e7u et d\u00e9velopp\u00e9 par <span class='tooltipsall tooltip_post_id_5121 classtoolTips35'>Areva NP<\/span>&nbsp; au cours des ann\u00e9es 1990 et 2000\\. Il fait partie de la fili\u00e8re des r\u00e9acteurs \u00e0 eau pressuris\u00e9e\\.\\<\\\/p\\><br \/>\\<a href\\='https\\:\\\/\\\/fr\\.wikipedia\\.org\\\/wiki\\\/R%C3%A9acteur_pressuris%C3%A9_europ%C3%A9en' target\\='_blank' rel\\='noopener'\\>\\<em\\>Voir ici la fiche Wikipedia <span class='tooltipsall tooltip_post_id_5579 classtoolTips196'>EPR<\/span>\\<\\\/em\\>\\<\\\/a\\>\"; toolTips('.classtoolTips196',tt_store_content,'5579'); <\/script><script type=\"text\/javascript\"> var tt_store_content = \"\\<p\\><span class='tooltipsall tooltip_post_id_21204 classtoolTips199'>COV<\/span> \\= Compos\u00e9 Organique Volatile\\<\\\/p\\>\"; toolTips('.classtoolTips199',tt_store_content,'21204'); <\/script><script type=\"text\/javascript\"> var tt_store_content = \"\\<\/p>\n<p style\\='text\\-align\\: center;'\\>\\<strong\\>R\\<\\\/strong\\>\u00e9seau \\<strong\\>A\\<\\\/strong\\>ction \\<strong\\>C\\<\\\/strong\\>limat\\<\\\/p\\><br \/>Le r\u00e9seau Action Climat '\\<em\\>f\u00e9d\u00e8re les associations impliqu\u00e9es dans la lutte contre les changements climatiques et pour une transition \u00e9cologique, solidaire et \u00e9quitable\\<\\\/em\\>'\\.<\/p>\n<p>\\<a href\\='https\\:\\\/\\\/reseauactionclimat\\.org\\\/' target\\='_blank' rel\\='noopener'\\>Voir le site du <span class='tooltipsall tooltip_post_id_4309 classtoolTips200'>RAC<\/span>\\<\\\/a\\>\"; toolTips('.classtoolTips200',tt_store_content,'4309'); <\/script><script type=\"text\/javascript\"> var tt_store_content = \"\\<\/p>\n<p style\\='text\\-align\\: center;'\\>\\<strong\\>\\<span style\\='font\\-size\\: 14pt;'\\>R\\<\\\/span\\>\\<\\\/strong\\>\\<span style\\='font\\-size\\: 14pt;'\\>eferendum d'\\<strong\\>I\\<\\\/strong\\>nitiative \\<strong\\>C\\<\\\/strong\\>itoyenne\\<\\\/span\\>\\<\\\/p\\>\"; toolTips('.classtoolTips205',tt_store_content,'12268'); <\/script><script type=\"text\/javascript\"> var tt_store_content = \"\\<p\\><span class='tooltipsall tooltip_post_id_25844 classtoolTips208'>RTE<\/span> \\= R\u00e9seau de Transport d'Electricit\u00e9 est une filiale d'<span class='tooltipsall tooltip_post_id_7035 classtoolTips178'>EDF<\/span> qui est l'actionnaire majoritaire avec 50,1% des parts le reste \u00e9tant partag\u00e9 par la CDC et la CNP\\<\\\/p\\>\"; toolTips('.classtoolTips208',tt_store_content,'25844'); <\/script><script type=\"text\/javascript\"> var tt_store_content = \"\\<\/p>\n<p style\\='text\\-align\\: center;'\\>\\<span style\\='font\\-size\\: 14pt;'\\>\\<strong\\>O\\<\\\/strong\\>rganisation\\<strong\\> N\\<\\\/strong\\>on\\<strong\\> G\\<\\\/strong\\>ouvernementale\\<\\\/span\\>\\<\\\/p\\><br \/>Une organisation non gouvernementale \\(<span class='tooltipsall tooltip_post_id_3579 classtoolTips210'>ONG<\/span>\\) est une \\<a title\\='Association \u00e0 but non lucratif' href\\='https\\:\\\/\\\/fr\\.wikipedia\\.org\\\/wiki\\\/Association_%C3%A0_but_non_lucratif' target\\='_blank' rel\\='noopener'\\>association \u00e0 but non lucratif\\<\\\/a\\>, d'int\u00e9r\u00eat public, qui ne rel\u00e8ve ni de l'\u00c9tat, ni d'institutions internationales\\<sup id\\='cite_ref\\-novethic_1\\-0' class\\='reference'\\>\\<\\\/sup\\>\\. Les ONG n'ont pas le statut de sujet de \\<a title\\='Droit international public' href\\='https\\:\\\/\\\/fr\\.wikipedia\\.org\\\/wiki\\\/Droit_international_public' target\\='_blank' rel\\='noopener'\\>droit international\\<\\\/a\\>\\.\"; toolTips('.classtoolTips210',tt_store_content,'3579'); <\/script><script type=\"text\/javascript\"> var tt_store_content = \"\\<\/p>\n<p style\\='text\\-align\\: center;'\\>\\<span style\\='font\\-size\\: 14pt;'\\>\\<strong\\>O\\<\\\/strong\\>rganisation\\<strong\\> N\\<\\\/strong\\>on\\<strong\\> G\\<\\\/strong\\>ouvernementale\\<\\\/span\\>\\<\\\/p\\><br \/>Une organisation non gouvernementale \\(ONG\\) est une \\<a title\\='Association \u00e0 but non lucratif' href\\='https\\:\\\/\\\/fr\\.wikipedia\\.org\\\/wiki\\\/Association_%C3%A0_but_non_lucratif' target\\='_blank' rel\\='noopener'\\>association \u00e0 but non lucratif\\<\\\/a\\>, d'int\u00e9r\u00eat public, qui ne rel\u00e8ve ni de l'\u00c9tat, ni d'institutions internationales\\<sup id\\='cite_ref\\-novethic_1\\-0' class\\='reference'\\>\\<\\\/sup\\>\\. Les ONG n'ont pas le statut de sujet de \\<a title\\='Droit international public' href\\='https\\:\\\/\\\/fr\\.wikipedia\\.org\\\/wiki\\\/Droit_international_public' target\\='_blank' rel\\='noopener'\\>droit international\\<\\\/a\\>\\.\"; toolTips('.classtoolTips210',tt_store_content,'3579'); <\/script><script type=\"text\/javascript\"> var tt_store_content = \"\\<p\\><span class='tooltipsall tooltip_post_id_24572 classtoolTips211'>MIT<\/span> \\= Massachussets Institute of Technology, prestigieuse universit\u00e9 am\u00e9ricaine de la c\u00f4te est\\<\\\/p\\>\"; toolTips('.classtoolTips211',tt_store_content,'24572'); <\/script><script type=\"text\/javascript\"> var tt_store_content = \"\\<\/p>\n<p style\\='text\\-align\\: center;'\\>\\<strong\\>J\\<\\\/strong\\>eux \\<strong\\>O\\<\\\/strong\\>lympiques<br \/>ou<br \/>\\<strong\\>J\\<\\\/strong\\>ournal \\<strong\\>O\\<\\\/strong\\>fficiel de la R\u00e9publique Fran\u00e7aise\\<\\\/p\\>\"; toolTips('.classtoolTips213',tt_store_content,'4451'); <\/script><script type=\"text\/javascript\"> var tt_store_content = \"\\<p\\><span class='tooltipsall tooltip_post_id_30593 classtoolTips214'>RN<\/span> \\= Rassemble National, c'est le parti d'extr\u00eame droite de Marine Le Pen qui succ\u00e8de au FN \\= Front National fond\u00e9 par son p\u00e8re Jean Marie Le Pen\\<\\\/p\\>\"; toolTips('.classtoolTips214',tt_store_content,'30593'); <\/script><script type=\"text\/javascript\"> var tt_store_content = \"\\<\/p>\n<p style\\='text\\-align\\: center;'\\>\\<span style\\='font\\-size\\: 14pt;'\\>\\<strong\\>C\\<\\\/strong\\>entre \\<strong\\>H\\<\\\/strong\\>ospitalier\\<\\\/span\\>\\<\\\/p\\>\"; toolTips('.classtoolTips220',tt_store_content,'18357'); <\/script><script type=\"text\/javascript\"> var tt_store_content = \"\\<p\\>D\u00e9chets radioactifs \u00e0 Haute Activit\u00e9 \\(classement <span class='tooltipsall tooltip_post_id_3612 classtoolTips79'>ANDRA<\/span>\\)\\<\\\/p\\>\"; toolTips('.classtoolTips223',tt_store_content,'19196'); <\/script><\/p>\n","protected":false},"author":21,"featured_media":0,"comment_status":"open","ping_status":"open","sticky":false,"template":"","format":"standard","meta":{"_acf_changed":false,"ngg_post_thumbnail":0,"_jetpack_memberships_contains_paid_content":false,"footnotes":""},"categories":[6,37,98,28,27],"tags":[],"coauthors":[76],"class_list":["post-22390","post","type-post","status-publish","format-standard","hentry","category-actu","category-actu_loc","category-rub_pol_economie","category-rub_env","category-rub","edition-edi_00068","type_art-type_art_article","no-thumb"],"acf":[],"jetpack_featured_media_url":"","jetpack_sharing_enabled":true,"jetpack_shortlink":"https:\/\/wp.me\/p9B5TM-5P8","_links":{"self":[{"href":"https:\/\/le-clairon-nouveau.fr\/wordpress\/wp-json\/wp\/v2\/posts\/22390","targetHints":{"allow":["GET"]}}],"collection":[{"href":"https:\/\/le-clairon-nouveau.fr\/wordpress\/wp-json\/wp\/v2\/posts"}],"about":[{"href":"https:\/\/le-clairon-nouveau.fr\/wordpress\/wp-json\/wp\/v2\/types\/post"}],"author":[{"embeddable":true,"href":"https:\/\/le-clairon-nouveau.fr\/wordpress\/wp-json\/wp\/v2\/users\/21"}],"replies":[{"embeddable":true,"href":"https:\/\/le-clairon-nouveau.fr\/wordpress\/wp-json\/wp\/v2\/comments?post=22390"}],"version-history":[{"count":0,"href":"https:\/\/le-clairon-nouveau.fr\/wordpress\/wp-json\/wp\/v2\/posts\/22390\/revisions"}],"wp:attachment":[{"href":"https:\/\/le-clairon-nouveau.fr\/wordpress\/wp-json\/wp\/v2\/media?parent=22390"}],"wp:term":[{"taxonomy":"category","embeddable":true,"href":"https:\/\/le-clairon-nouveau.fr\/wordpress\/wp-json\/wp\/v2\/categories?post=22390"},{"taxonomy":"post_tag","embeddable":true,"href":"https:\/\/le-clairon-nouveau.fr\/wordpress\/wp-json\/wp\/v2\/tags?post=22390"},{"taxonomy":"author","embeddable":true,"href":"https:\/\/le-clairon-nouveau.fr\/wordpress\/wp-json\/wp\/v2\/coauthors?post=22390"}],"curies":[{"name":"wp","href":"https:\/\/api.w.org\/{rel}","templated":true}]}}