{"id":22522,"date":"2020-10-23T12:30:59","date_gmt":"2020-10-23T10:30:59","guid":{"rendered":"https:\/\/le-clairon-nouveau.fr\/wordpress\/?p=22522"},"modified":"2020-10-20T23:02:33","modified_gmt":"2020-10-20T21:02:33","slug":"linquietante-manipulation-sur-le-coronavirus","status":"publish","type":"post","link":"https:\/\/le-clairon-nouveau.fr\/wordpress\/blog\/2020\/10\/23\/linquietante-manipulation-sur-le-coronavirus\/","title":{"rendered":"L\u2019inqui\u00e9tante manipulation sur le coronavirus !"},"content":{"rendered":"<p><img data-recalc-dims=\"1\" loading=\"lazy\" decoding=\"async\" class=\" wp-image-19114 aligncenter\" src=\"https:\/\/i0.wp.com\/le-clairon-nouveau.fr\/wordpress\/wp-content\/uploads\/2019\/06\/La-Chronique-d%E2%80%99oncle-JEF.jpg?resize=255%2C57&#038;ssl=1\" alt=\"\" width=\"255\" height=\"57\" srcset=\"https:\/\/i0.wp.com\/le-clairon-nouveau.fr\/wordpress\/wp-content\/uploads\/2019\/06\/La-Chronique-d%E2%80%99oncle-JEF.jpg?resize=300%2C67&amp;ssl=1 300w, https:\/\/i0.wp.com\/le-clairon-nouveau.fr\/wordpress\/wp-content\/uploads\/2019\/06\/La-Chronique-d%E2%80%99oncle-JEF.jpg?resize=768%2C172&amp;ssl=1 768w, https:\/\/i0.wp.com\/le-clairon-nouveau.fr\/wordpress\/wp-content\/uploads\/2019\/06\/La-Chronique-d%E2%80%99oncle-JEF.jpg?w=912&amp;ssl=1 912w\" sizes=\"auto, (max-width: 255px) 100vw, 255px\" \/><\/p>\n<p style=\"text-align: center\"><img data-recalc-dims=\"1\" loading=\"lazy\" decoding=\"async\" class=\" wp-image-22523 aligncenter\" src=\"https:\/\/i0.wp.com\/le-clairon-nouveau.fr\/wordpress\/wp-content\/uploads\/2020\/10\/coronavirus-2-Image-par-Pete-Linforth-de-Pixabay.jpg?resize=584%2C292&#038;ssl=1\" alt=\"\" width=\"584\" height=\"292\" srcset=\"https:\/\/i0.wp.com\/le-clairon-nouveau.fr\/wordpress\/wp-content\/uploads\/2020\/10\/coronavirus-2-Image-par-Pete-Linforth-de-Pixabay.jpg?resize=300%2C150&amp;ssl=1 300w, https:\/\/i0.wp.com\/le-clairon-nouveau.fr\/wordpress\/wp-content\/uploads\/2020\/10\/coronavirus-2-Image-par-Pete-Linforth-de-Pixabay.jpg?resize=1024%2C512&amp;ssl=1 1024w, https:\/\/i0.wp.com\/le-clairon-nouveau.fr\/wordpress\/wp-content\/uploads\/2020\/10\/coronavirus-2-Image-par-Pete-Linforth-de-Pixabay.jpg?resize=768%2C384&amp;ssl=1 768w, https:\/\/i0.wp.com\/le-clairon-nouveau.fr\/wordpress\/wp-content\/uploads\/2020\/10\/coronavirus-2-Image-par-Pete-Linforth-de-Pixabay.jpg?w=1280&amp;ssl=1 1280w\" sizes=\"auto, (max-width: 584px) 100vw, 584px\" \/><span style=\"font-size: 8pt\"><strong><em>coronavirus-Image par Pete Linforth de Pixabay<\/em><\/strong><\/span><\/p>\n<p style=\"text-align: justify\">La manipulation, c\u2019est un th\u00e8me que j\u2019ai \u00e9voqu\u00e9 en mai 2019 dans une chronique titr\u00e9e \u00ab \u00c9mancipation ou manipulation \u00bb qui reprenait la r\u00e9flexion de Noam CHOMSKY de son livre \u00ab Propaganda \u00bb.<br \/>\nLe gouvernement vous veut du bien ? Ne le croyez pas sur parole ! Ne me croyez pas non plus sur parole\u2026 Faites des recherches, cultivez-vous, lisez\u2026 Vous \u00eates citoyen, vous avez la responsabilit\u00e9 de vous renseigner, de chercher, d\u2019analyser\u2026<\/p>\n<p style=\"text-align: justify\"><strong>Comprendre\u00a0? Que serions-nous sans cela\u00a0!<br \/>\n<\/strong>La philosophie nous enseigne \u00e0 douter de ce qui nous para\u00eet \u00e9vident, au contraire de la propagande qui nous induit \u00e0 accepter pour \u00e9vident, ce dont il serait raisonnable de douter.<br \/>\nC\u2019est sur <span class='tooltipsall tooltip_post_id_29829 classtoolTips180'>ces<\/span> bases que j\u2019ai men\u00e9 une enqu\u00eate sur les effets soci\u00e9taux du coronavirus\u2026 Je compare ma r\u00e9flexion, mes recherches \u00e0 la composition d\u2019un puzzle\u2026 Je mets des pi\u00e8ces l\u2019une apr\u00e8s l\u2019autre\u2026 avec, c\u2019est n\u00e9cessaire, un peu d\u2019humour\u2026 Et le tableau appara\u00eet\u2026 Avec toujours le doute au c\u0153ur de ma d\u00e9marche !\u00a0<\/p>\n<p style=\"text-align: justify\"><strong><span style=\"font-size: 14pt\">Historiquement d\u00e9j\u00e0. <\/span><br \/>\n<\/strong>Le coronavirus\u00a0? Plus de 5.000 types de coronavirus existent, et ce depuis des centaines de millions d&rsquo;ann\u00e9es. Sapiens vivait d\u00e9j\u00e0 avec.<br \/>\nPlus de 500 ont \u00e9t\u00e9 isol\u00e9s. Ils ont pris de plus en d\u2019importance au XXI\u00b0 si\u00e8cle. Leur propagation a \u00e9t\u00e9 facilit\u00e9e par une concentration urbaine de + en + importante et une acc\u00e9l\u00e9ration des modes de production et de transport. Nous consommons et d\u00e9truisons l\u2019espace vital des animaux. Se sont alors cr\u00e9\u00e9es des <strong>zoonoses <\/strong><sup><a href=\"#footnote_1_22522\" id=\"identifier_1_22522\" class=\"footnote-link footnote-identifier-link\" title=\"maladies infectieuses que les animaux peuvent transmettre aux humains\">(1)<\/a><\/sup><strong>,<\/strong> c\u2019est la premi\u00e8re cause de la crise sanitaire que nous vivons, elle est donc issue de notre responsabilit\u00e9 collective. Mais pourquoi avons-nous arr\u00eat\u00e9 les recherches publiques sur les coronavirus, mises en cale s\u00e8che en 2006\u00a0? On se dit tout de m\u00eame qu\u2019<strong>avec quinze ans de continuit\u00e9 dans l\u2019effort, on aurait pu en savoir un peu plus sur leur compte. <\/strong><\/p>\n<p style=\"text-align: justify\"><strong>Venons-en \u00e0 la crise du coronavirus 2020. <br \/>\n<\/strong>Non seulement les coronavirus existent depuis tr\u00e8s longtemps, mais ils \u00e9voluent et \u00e9volueront constamment\u2026 Ce qui veut dire que quand une \u00e9pid\u00e9mie d\u00e9marre on ne peut pas savoir, si elle sera forte, faible ou b\u00e9nigne\u2026 C\u2019est comme lorsqu\u2019un incendie se d\u00e9clare, il faut agir le plus vite possible. C\u2019est ce que <strong>l\u2019on n\u2019a pas fait\u00a0!<\/strong> Tout le monde convient que cette <strong>gestion de crise sanitaire <\/strong>par le pouvoir a \u00e9t\u00e9 <strong>lamentable.<br \/>\n<\/strong>J\u2019ai \u00e9voqu\u00e9 cela dans ma chronique de mai 2020 \u00ab\u00a0Comparaison n\u2019est pas raison\u00a0\u00bb. Avec le recul du temps, je me pose toujours la question du changement de strat\u00e9gie de Macron. Qui a influenc\u00e9 le pouvoir ex\u00e9cutif fran\u00e7ais\u00a0? Et pourquoi\u00a0? Sont-ce les fausses pr\u00e9visions statistiques de l\u2019\u00e9pid\u00e9miologiste britannique Neil Ferguson qui n\u2019a cess\u00e9 de faire des pr\u00e9dictions totalement erron\u00e9es\u00a0dans sa carri\u00e8re et qui ont conduit \u00e0 \u00ab\u00a0aggraver un probl\u00e8me sanitaire d\u2019ampleur parfaitement maitrisable\u00a0\u00bb ? (Il a d\u2019ailleurs d\u00e9missionn\u00e9 depuis).<br \/>\nEn tous cas, en France, la<strong> mauvaise strat\u00e9gie comme l\u2019impr\u00e9paration et affaiblissement depuis des ann\u00e9es de la recherche, de l\u2019h\u00f4pital,<\/strong> ont limit\u00e9 les r\u00e9ponses possibles jusqu\u2019\u00e0 conduire au choix le plus mauvais\u00a0: le<strong> confinement<\/strong> avec des<strong> cons\u00e9quences d\u00e9sastreuses<\/strong>. \u00a0<\/p>\n<ul>\n<li style=\"text-align: justify\"><strong>De sant\u00e9 d\u2019abord<\/strong>. En effet pourra-t-on compter le nombre de<strong> victimes collat\u00e9rales<\/strong> par retard ou manque de diagnostics et de soins\u00a0? Notamment pour les cancers (mais pas que) o\u00f9 un retard de 3 ou 6 mois \u00e9quivaut \u00e0 une perte de chance de gu\u00e9rison\u00a0;<\/li>\n<li style=\"text-align: justify\"><strong>\u00c9conomiques ensuite<\/strong>. Un d\u00e9sastre, \u00e0 priori incompr\u00e9hensible (\u00e0 priori seulement, je donnerai mon point de vue en fin de chronique). L\u2019\u00e9conomie <strong>r\u00e9elle<\/strong> a \u00e9t\u00e9 sinistr\u00e9e et risque de se d\u00e9grader encore plus fortement\u00a0(augmentation du <span class='tooltipsall tooltip_post_id_18357 classtoolTips220'>ch<\/span>\u00f4mage, de plus en plus de TPE, de PME et de commer\u00e7ants en difficult\u00e9)<\/li>\n<li style=\"text-align: justify\"><strong>Une augmentation des violences<\/strong> conjugales ou domestiques (+40%) ou d\u2019autres risques comme l\u2019alcoolisation, les maladies mentales. Les services sociaux et psychiatriques subissent une pression extraordinaire !<\/li>\n<li style=\"text-align: justify\"><strong>Une vie culturelle, sociale, associative, sportive<\/strong> en grande difficult\u00e9. Augmenter la distance entre les individus dans une soci\u00e9t\u00e9 de plus en plus individualiste : il fallait le faire\u00a0! Comment, apr\u00e8s cela, \u00ab\u00a0re-tricoter\u00a0\u00bb les liens sociaux\u00a0?<\/li>\n<li style=\"text-align: justify\"><strong>Des \u00ab\u00a0clusters\u00a0\u00bb familiaux\u00a0:<\/strong> les personnes se contaminaient entre elles. Ceci a \u00e9t\u00e9 confirm\u00e9 par deux \u00e9tudes en Italie et Espagne\u00a0! On a constat\u00e9 cela aussi dans des espaces particuliers comme les bateaux (cf. Le porte-avions Charles De Gaulle et des bateaux de croisi\u00e8re.)<\/li>\n<\/ul>\n<p style=\"text-align: justify\"><strong>Ce confinement a jou\u00e9 le r\u00f4le du \u00ab\u00a0pompier pyromane\u00a0\u00bb\u00a0! <br \/>\n<\/strong>Nous avons vu pendant cette p\u00e9riode.<br \/>\n<strong>De la part du pouvoir <\/strong>: des mensonges, une d\u00e9sinformation constante, une communication de crise d\u00e9lirante, irrationnelle, antinomique avec le calme et la coh\u00e9rence n\u00e9cessaires en de telles circonstances\u2026 Cela est tr\u00e8s grave. \u00c0 court terme, la manipulation se transforme en manque de confiance et de cr\u00e9dibilit\u00e9. Ce qui rend difficile la construction de toute soci\u00e9t\u00e9\u2026 Et pendant ce temps <strong>on n\u2019a plus parl\u00e9 des probl\u00e8mes sociaux, des migrants, des choix politiques en mati\u00e8re d\u2019\u00e9conomie, d\u2019\u00e9cologie,<\/strong> etc.\u2026 Tout a \u00e9t\u00e9 mis \u00e0 l\u2019arr\u00eat ou en hibernation. Pire on profite de cette situation pour passer en \u00e9tat d\u2019urgence sanitaire et favoriser l\u2019allongement de la dur\u00e9e du travail ou pour mettre la soci\u00e9t\u00e9 sous surveillance num\u00e9rique (smartphones connect\u00e9s).<br \/>\n<strong>De la part des principaux m\u00e9dias<\/strong>\u00a0: ils ont relay\u00e9, que dis-je, matraqu\u00e9 \u00e0 longueur de journ\u00e9e les chiffres li\u00e9s au coronavirus qui tournaient en boucle\u2026 diffusant des messages anxiog\u00e8nes, citant des chiffres bruts, sans les transposer en pourcentage, sans les mettre en perspective. Ce qui a g\u00e9n\u00e9r\u00e9 de l\u2019inqui\u00e9tude, de l\u2019angoisse\u00a0suppl\u00e9mentaires :<strong> une \u00e9pid\u00e9mie de peur\u2026<\/strong> Imaginons des bandes d\u2019annonces continuelles d\u00e9filant sous l\u2019\u00e9cran de BFM, C-News, ou France-info, etc. annoncer\u00a0: 460 morts \/ jours du cancer\u00a0! 420 morts \/ jours par maladies cardio-vasculaire\u00a0! 110 morts \/ jours par les maladies de l\u2019appareil respiratoire hors coronavirus\u00a0; 27 suicides \/ jours\u00a0! etc.<br \/>\n<strong>Le virus le plus dangereux, ce sont ces m\u00e9dias de formatage de l\u2019opinion<\/strong>\u00a0: la peur p\u00e9n\u00e8tre les esprits, les trouble et la raison d\u00e9raille\u2026<br \/>\nAfin de resituer les choses, il me semble n\u00e9cessaire de faire un <strong>rappel des grandes crises sanitaires pr\u00e9c\u00e9dentes.<\/strong> La <u>grippe espagnole<\/u>, dans les ann\u00e9es 1920, c\u2019est 50 millions de victimes sur un total de 1,9 milliards d\u2019habitants et une majorit\u00e9 des personnes jeunes. \u00a0La <u>grippe asiatique<\/u> en 1957, c\u2019est entre 1,1 et 2 millions de victimes sur 2,9 milliards d\u2019habitants.\u00a0 <u>La grippe de Hong Kong<\/u> en 1968 entre un million de victimes pour 3,6 milliards d\u2019habitants, dont 30 000 victimes en 2 mois en France. Ces derni\u00e8res ann\u00e9es les infections ont tu\u00e9 2,5 millions de personnes. Tout cela a \u00e9t\u00e9 <strong>g\u00e9r\u00e9 alors que les moyens disponibles \u00e9taient largement inf\u00e9rieurs.<br \/>\n<\/strong>Chaque ann\u00e9e, la grippe entra\u00eene en moyenne entre 15 000 et 30 000 d\u00e9c\u00e8s. En 2017, 17 000 victimes. En 2018, 13 000 victimes (dont 95% plus de 65 ans). Sur le <strong>site de <span class='tooltipsall tooltip_post_id_19690 classtoolTips3'>Sant\u00e9 Publique France<\/span>,<\/strong> les statistiques de la grippe, en 2020, ont \u00e9t\u00e9 stopp\u00e9s pour \u00eatre remplac\u00e9s par celles du coronavirus\u2026 Ainsi la grippe de 2020 n\u2019aurait tu\u00e9 que 72 personnes\u00a0?<br \/>\nBizarre, bizarre\u00a0! Tout cela m\u2019a intrigu\u00e9, je suis all\u00e9 sur le <strong>site de l\u2019<span class='tooltipsall tooltip_post_id_6978 classtoolTips82'>INSEE<\/span><\/strong> pour chercher le nombre de d\u00e9c\u00e8s, en France, des douze derniers mois de juillet \u00e0 ao\u00fbt, sur les deux derni\u00e8res ann\u00e9es.<br \/>\n2019\/2018 = 608.824 d\u00e9c\u00e8s sur 12 mois.<br \/>\n2020\/2019 = 621400 d\u00e9c\u00e8s sur 12 mois.<br \/>\nSouvenons-nous\u00a0: <strong>12752 d\u00e9c\u00e8s de plus\u00a0entre deux m\u00eames derni\u00e8res p\u00e9riodes\u00a0! <br \/>\n<\/strong>Encore, selon l\u2019INSEE\u00a0: entre le 1\u1d49\u02b3 mai et le 7 septembre 2020, 200\u00a0594 d\u00e9c\u00e8s sont enregistr\u00e9s en France \u00e0 la date du 18\u00a0septembre,<strong> soit le m\u00eame niveau qu\u2019en 2019 et 1\u00a0% de plus qu\u2019en 2018.\u00a0<\/strong><\/p>\n<p style=\"text-align: justify\">On sait maintenant que 98% des personnes infect\u00e9es gu\u00e9rissent spontan\u00e9ment, leur syst\u00e8me immunitaire \u00e9tant suffisamment robuste.<br \/>\nOn sait maintenant que le taux de l\u00e9talit\u00e9 de cette maladie se situe probablement autour de 0,2%, ce qui est comparable \u00e0 une grippe forte. Alors que l\u2019OMS indiquait un taux quinze fois sup\u00e9rieur \u00e0 la r\u00e9alit\u00e9 (voir le livre de Jean-Dominique Michel\u00a0 <sup><a href=\"#footnote_2_22522\" id=\"identifier_2_22522\" class=\"footnote-link footnote-identifier-link\" title=\"[1] Jean-Dominique Michel,&nbsp;Covid : anatomie d&rsquo;une crise sanitaire, Paris, HumenSciences, 2020\">(2)<\/a><\/sup>\nOn sait maintenant que le coronavirus g\u00e9n\u00e8re de complications respiratoires potentiellement mortelles chez les personnes les plus fragiles\u00a0: les personnes \u00e2g\u00e9es, les personnes ob\u00e8ses et les personnes d\u00e9j\u00e0 atteintes par d\u2019autres pathologies ayant s\u00e9rieusement entam\u00e9 leurs d\u00e9fenses (maladies auto-immunes, maladies respiratoires, maladies cardiovasculaires, cancers, diab\u00e8tes de type 2, etc.).<br \/>\nOn aurait pu croire \u00e0 la fin de cet \u00e9pisode chaotique et hyst\u00e9ris\u00e9,<strong> que la vraie-fausse pand\u00e9mie soit termin\u00e9e. <br \/>\n<\/strong><strong>Que nenni\u00a0! <br \/>\n<\/strong>Depuis le printemps, on nous annonce pour l\u2019automne ou le d\u00e9but de l\u2019hiver, la fameuse 2\u00b0 vague. <strong>Aujourd\u2019hui, <\/strong>de plus en plus de sp\u00e9cialistes, professeurs de m\u00e9decine, comme Christian PERRONE, Jean-Fran\u00e7ois TOUSSAINT, Didier RAOULT, etc. auxquels se joignent de plus en plus de m\u00e9decins, tous estiment que <strong>l\u2019\u00e9pid\u00e9mie de coronavirus est maintenant termin\u00e9e.<\/strong> Ce qui ne veut pas dire que le virus est mort\u2026 Il mute \u00ab\u00a0normalement\u00a0\u00bb, comme il a fait depuis des ann\u00e9es. On pourrait dire qu\u2019actuellement il s\u2019agit de formes b\u00e9nignes. En tous cas ce n\u2019est plus la m\u00eame maladie qu\u2019en f\u00e9vrier\u2026 Comme nous l\u2019expliquions en pr\u00e9ambule, le coronavirus fait partie de ces virus qui reviennent tous les ans. Cela n\u2019a rien d\u2019exceptionnel\u00a0!<br \/>\nAlors qu\u2019en Allemagne on a test\u00e9 d\u2019embl\u00e9e massivement pendant la crise sanitaire, en France, ces tests auraient \u00e9t\u00e9 tr\u00e8s utiles en F\u00e9vrier ou Mars 2020 pour isoler les vrais positifs avec une charge virale importante qu\u2019il aurait fallu traiter avec l\u2019hydroxychloroquine + azithromycine + zinc (HCQ+AZT+Zinc). Un traitement en phase pr\u00e9coce qui soigne sans garantir une gu\u00e9rison, mais appliqu\u00e9 dans 50% des pays.<br \/>\nMais il aura fallu attendre juin pour commencer \u00e0 <strong>tester massivement.<\/strong> Sauf que l\u2019<strong>on omet comme d\u2019habitude <\/strong>de mettre les chiffres en perspective\u2026 Par l\u2019interm\u00e9diaire des m\u00e9dias, on affole les gens, souvent des patients plus jeunes, souvent asymptomatiques, souvent en bonne sant\u00e9 et dont le risque de mort est ainsi n\u00e9gligeable. Et personne n\u2019y comprend plus rien\u00a0!<br \/>\nSur le site coronavirus.fr, on annonce, pour la France, au 28 septembre dernier\u00a0: 10 536 005 personnes test\u00e9es (co\u00fbt d\u2019environ un milliard d\u2019euros, pay\u00e9s par la s\u00e9curit\u00e9 sociale) pour 417 384 cas positifs soit 4%. On peut d\u00e9j\u00e0 dire que 96% des personnes sont test\u00e9es n\u00e9gatives parce que asymptomatiques. \u00a0<br \/>\nOr, les professeurs TOUSSAINT, PERRONE, RAOULT nous disent que les tests PCR effectu\u00e9s en France ne sont pas totalement fiables du fait du taux d\u2019amplification de l\u2019ADN qui serait trop haut (normalement 20 \u00e0 25, en France 40 \u00e0 45), et plus on amplifie, plus on a le risque d\u2019avoir des \u00ab\u00a0faux positifs\u00a0\u00bb. Ils sont de plus en plus nombreux pour dire que\u00a0le test ne d\u00e9tecte pas des virus entiers en \u00e9tat de marche, mais des morceaux de ce virus actifs ou non. Donc il peut d\u00e9tecter des petits morceaux de virus d&rsquo;une infection qui date de plusieurs semaines, voire plus. C\u2019est la raison pour laquelle, le nombre de cas <strong>\u00ab\u00a0faux-positifs\u00a0\u00bb augmente. <br \/>\n<\/strong>Rajoutons que le r\u00e9sultat du test arrive souvent plusieurs jours apr\u00e8s\u2026 Le temps pour une personne de contaminer tout son entourage\u2026 Une fois que sa <strong>contamination est av\u00e9r\u00e9e, on l\u2019appelle \u00ab\u00a0malade\u00a0\u00bb<\/strong> et on nous dit que la situation est grave\u2026 Dans les m\u00e9dias, <strong>la carte de la France passe du vert, <\/strong>lors de la fin de l\u2019\u00e9pid\u00e9mie, c\u2019est \u00e0 dire depuis fin mai, <strong>au rouge.<\/strong> M\u00eame le journaliste David PUJADAS s\u2019est montr\u00e9 surpris\u00a0!<br \/>\nOn nous annonce plus d\u2019hospitalisations. Comme la maladie s\u2019affaiblit et que les soignants connaissent mieux ce virus, les gens sont mieux soign\u00e9s et sortent plus vite.<br \/>\nIl n\u2019emp\u00eache, la campagne de peur continue.<br \/>\nR\u00e9cemment le d\u00e9partement de l\u2019<strong>Aude<\/strong> a \u00e9t\u00e9 class\u00e9 en zone rouge\u2026 plus de <strong>50 personnes contamin\u00e9es pour 100 000 personnes\u2026<\/strong> Depuis le 1\u00b0 juin 48270 personnes ont \u00e9t\u00e9 test\u00e9es dont 1159 positives. On compte 2 d\u00e9c\u00e8s, certes de trop, mais sur 380 000 habitants\u00a0! Pendant dans la m\u00eame p\u00e9riode, 317 personnes sont mortes du cancer et 290 de maladies cardio-vasculaires. Bref\u2026<br \/>\nMais on connait \u00e0 pr\u00e9sent les <strong>cons\u00e9quences possibles<\/strong> \u00e0 l\u2019initiative de la Pr\u00e9f\u00e8te\u00a0:<\/p>\n<ul>\n<li style=\"text-align: justify\">Limiter les d\u00e9placements \u00e0 un rayon de 100\u00a0km, \u00e0 un d\u00e9partement ou \u00e0 une ville\u00a0;<\/li>\n<li style=\"text-align: justify\">Fermer partiellement ou compl\u00e8tement les \u00e9tablissements recevant du public (ERP) non essentiels (par exemple des salles de spectacles, des centres commerciaux, des gymnases, des mus\u00e9es&#8230;), des lieux de r\u00e9unions ou des lieux publics (rues, jardins, parcs, plans d&rsquo;eau, plages &#8230;)\u00a0;<\/li>\n<li style=\"text-align: justify\">Interdire la tenue des march\u00e9s, couverts ou non et quel qu&rsquo;en soit l&rsquo;objet\u00a0;<\/li>\n<li style=\"text-align: justify\">Limiter voire interdire des rassemblements (\u00e0 plus de 10 personnes).<\/li>\n<\/ul>\n<p style=\"text-align: justify\">Pendant ce temps, le premier ministre annonce qu\u2019il faudra <strong>s\u2019habituer \u00e0 cette situation jusqu\u2019au printemps\u00a02021\u2026<\/strong> En arguant une <strong>prochaine grippe saisonni\u00e8re\u00a0<\/strong>: un nouveau <strong>coronavirus\u00a0?<\/strong> Avec le secret espoir que le pouvoir apparaisse \u00e0 ce moment-l\u00e0 comme un sauveur en vue des \u00e9lections 2022. Je ne peux m\u2019emp\u00eacher d\u2019y voir plus de la manipulation politique qu\u2019un v\u00e9ritable souci de sant\u00e9 publique, ce qui ne justifie pas de mettre la soci\u00e9t\u00e9 sous anesth\u00e9sie.<br \/>\nJe me pose maintenant une autre question. Ne sommes-nous pas, \u00e0 nouveau, devant une <strong>nouvelle erreur strat\u00e9gique<\/strong> ? Alors que le virus aujourd\u2019hui est affaibli, ne serait-ce pas le moment, comme en Su\u00e8de, au Danemark, aux Pays-Bas, en Finlande, de permettre une immunit\u00e9 collective ? J\u2019ai entendu le Professeur CAUMES \u00e9voquer cela, moyennant quoi il a re\u00e7u en retour une vol\u00e9e de bois vert ! C\u2019est pourtant la strat\u00e9gie des pays nordiques : dans les rues, les supermarch\u00e9s, dans les bus, 5 \u00e0 10% des personnes portent un masque (souvent les personnes \u00e0 risques), contre 78\u202f% en France, 88\u202f% en Espagne et 77\u202f% aux \u00c9tats-Unis. Les quatre pays nordiques attendent toujours les \u00ab\u00a0preuves\u00a0\u00bb de l\u2019efficacit\u00e9 du masque.<br \/>\nEn France, plut\u00f4t que de rassurer et de prendre en consid\u00e9ration la r\u00e9elle ampleur de la chose, on continue \u00e0 nous obliger \u00e0 <strong>porter un masque de plus en plus souvent,<\/strong> dans plus en plus de lieux et m\u00eame \u00e0 l\u2019ext\u00e9rieur ! On nous menace d\u2019amendes de 135 \u20ac avec une possibilit\u00e9 de peine de prisons en cas de r\u00e9cidive\u00a0! Et ceci, au moment o\u00f9 un nombre croissant de personnes d\u00e9noncent <strong>l\u2019inefficacit\u00e9<\/strong> technique des<strong> masques<\/strong> face \u00e0 un virus tr\u00e8s faible en \u00e9t\u00e9, voire du danger que le masque repr\u00e9sente lorsqu\u2019il est que mal utilis\u00e9, parce que g\u00eanant la respiration et parce que cumulant le CO<sup>2<\/sup> que nous \u00e9vacuons. Comment ne pas imaginer les d\u00e9g\u00e2ts physiques, psychiques, soci\u00e9taux, lorsqu\u2019on d\u00e9cide d\u2019emp\u00eacher, de <strong>g\u00eaner les gens de respirer\u00a0? <\/strong><strong>On va mourir \u00e9touff\u00e9s\u00a0si ce n\u2019est r\u00e9ellement, au moins symboliquement\u00a0!<\/strong>\u00a0 Le masque est un<strong> b\u00e2illon <\/strong>(ce qui constitue un symbole fort), le porter tend \u00e0 devenir comme une mode\u00a0: <strong>un<\/strong> <strong>ph\u00e9nom\u00e8ne moutonnier, sans fondement rationnel, juste de l\u2019imitation.<br \/>\n<\/strong>Il vient de se passer <strong>quelque chose de terrible<\/strong>, dont nous n\u2019avons pas encore conscience de toutes les cons\u00e9quences\u00a0: <strong>notre soci\u00e9t\u00e9 est anesth\u00e9si\u00e9e, sans ressorts,<\/strong> conditionn\u00e9e \u00e0 <strong>l\u2019acceptation passive d\u2019un syst\u00e8me de plus en plus contraignant et d\u00e9shumanisant\u2026 <br \/>\n<\/strong><strong>Confinement, masques, distanciation : c\u2019est toucher \u00e0 ce qu\u2019il y a de plus sacr\u00e9. <\/strong>Ce qui nous construit, nous constitue en tant qu\u2019\u00eatre humain. Quoi de plus beau qu\u2019un sourire pour dire que l\u2019on s\u2019est compris ou qu\u2019une expression de visage complice une expression d\u2019humanit\u00e9. Le masque c\u2019est l\u2019<strong>annulation d\u2019une grande partie des \u00e9motions<\/strong>. Le masque c\u2019est une approche dramatique de notre condition, alors qu\u2019il faudrait d\u00e9dramatiser. Nous devons <strong>r\u00e9sister \u00e0 cette mascarade<\/strong>\u00a0! Rire, \u00e9changer\u2026 VIVRE\u00a0!<br \/>\nA quoi pensent nos gouvernants pour prendre des d\u00e9cisions aussi traumatisantes ? Les enfants masqu\u00e9s \u00e0 l\u2019\u00e9cole ! Quelles cons\u00e9quences sur leur psychisme ? Sur leurs besoins de s\u00e9curit\u00e9, de confiance ? On a culpabilis\u00e9 les directeurs d\u2019\u00e9cole, on bloque tout, on s\u00e9curise tout\u2026 On est dans un d\u00e9lire collectif au sens psychologique du terme. Cela va produire des d\u00e9g\u00e2ts monstrueux. \u00a0<\/p>\n<p style=\"text-align: justify\">N\u2019ayant <strong>pas confiance aux m\u00e9dias dominants<\/strong> qui ne jouent pas leur r\u00f4le de contre-pouvoir et consid\u00e9rant que j\u2019ai acquis suffisamment d\u2019esprit critique, je regarde des vid\u00e9os sur les m\u00e9dias sociaux\u2026 Souvent, elles sont \u00e9mises par des soignants-es, des infirmiers-es, des m\u00e9decins, des scientifiques ou plus simplement des \u00ab\u00a0lanceurs d\u2019alerte\u00a0\u00bb, lesquels prennent des risques. Les <strong>vid\u00e9os sont<\/strong> quelquefois<strong> supprim\u00e9es <\/strong>dans la journ\u00e9e\u00a0! N\u2019y-a-t-il pas de quoi s\u2019inqui\u00e9ter\u00a0? Pourquoi les d\u00e9bats sont toujours orient\u00e9s dans le m\u00eame sens, avec les m\u00eames \u00ab\u00a0experts\u00a0\u00bb\u00a0?<br \/>\nJe ne suis pas le seul \u00e0 aboutir \u00e0 ce constat. Serais-je complotiste\u00a0? Une telle accusation est souvent le fait de gens qui, soumis au matraquage et au formatage des m\u00e9dias, ont perdu toutes capacit\u00e9s de pens\u00e9e critique, de d\u00e9bat. Elles sont tellement fragilis\u00e9es, conditionn\u00e9es, qu\u2019une argumentation ressentie par eux comme contraire, peut susciter leurs suspicions jusqu\u2019\u00e0 la haine. Dans de telles conditions, les gens n\u2019entendent plus que ce qu\u2019ils veulent bien entendre. Pour autant, quand je vois toute l\u2019intox, la manipulation de l\u2019opinion qui sont diffus\u00e9es jour apr\u00e8s jour, je pense qu\u2019on peut effectivement se demander <strong>s\u2019il y a complot et dans l\u2019affirmative de la part de qui\u00a0? <br \/>\n<\/strong>En cherchant, en r\u00e9fl\u00e9chissant un peu, on voit bien les int\u00e9r\u00eats de telles campagnes d\u2019intox\u2026<strong>Le fond du probl\u00e8me,<\/strong> <strong>est que cette crise rel\u00e8ve d\u2019un syst\u00e8me coh\u00e9rent avec une gouvernance n\u00e9olib\u00e9rale mondialis\u00e9e. <\/strong>Pour moi, il ne s\u2019agit pas d\u2019un complot, mais simplement de manipulations men\u00e9es par de nombreux acteurs, pr\u00eats \u00e0 se massacrer entre eux \u00e0 la premi\u00e8re occasion, et qui profitent de la situation pour servir leur propre cause : ainsi l\u2019industrie pharmaceutique qui y voit l\u2019occasion de multiplier ses b\u00e9n\u00e9fices. les organismes financiers (que l\u2019on annon\u00e7ait en d\u00e9route) qui pensent pouvoir \u00e9purer leurs dettes, les \u00c9tats pour se sauver face \u00e0 leur remise en question par leurs citoyens, les entreprises de communication et autres Gafa (qui ont vu leurs cours en bourse s\u2019envoler) pour vendre leur technologie et renforcer leur emprise plan\u00e9taire, les eug\u00e9nistes pour r\u00e9duire la population, les banques mondiales pour changer le syst\u00e8me \u00e9conomique, etc.\u2026<br \/>\n<strong>Autant de vautours<\/strong> qui se sont jet\u00e9s sur l\u2019opportunit\u00e9 du coronavirus en esp\u00e9rant qu\u2019il reviendra <strong>tous les ans (2\u00b0 vague\u00a0!). <\/strong>Il y aura toujours un coronavirus qui passe par l\u00e0, autant en profiter\u2026 Et la nouvelle normalit\u00e9 de nos soci\u00e9t\u00e9s sera la soumission\u00a0!<br \/>\nSouvenons-nous du discours de la <strong>servitude volontaire<\/strong> de La BO\u00c9TIE en 1576.<br \/>\n<em>\u00ab\u00a0Il est incroyable de voir comme le peuple, d\u00e8s qu\u2019il est assujetti, tombe soudain dans un si profond oubli de sa libert\u00e9, qu\u2019il lui est impossible de se r\u00e9veiller pour la conqu\u00e9rir, que l\u2019on dirait, \u00e0 le voir, qu\u2019il n\u2019a pas seulement perdu sa libert\u00e9, mais gagn\u00e9 sa servitude.\u00a0\u00bb <br \/>\n<\/em>Servitude\u00a0? On y va avec l\u2019annonce d\u2019un \u00ab\u00a0passeport sanitaire\u00a0\u00bb, r\u00e9serv\u00e9 \u00e0 ceux qui suivent les consignes, ceux qui se seront fait vacciner, qui accepteront d\u2019\u00eatre traqu\u00e9s au moyen leurs smartphones\u00a0; tout \u00e7a en attendant de b\u00e9n\u00e9ficier, comme en Chine, du \u00ab\u00a0cr\u00e9dit social\u00a0\u00bb r\u00e9serv\u00e9 \u00e0 ceux qui auront un bon comportement. Tu ob\u00e9is et tu as droit. Sinon tu es puni\u00a0! \u00a0<br \/>\nUne <strong>poign\u00e9e de psychopathes <\/strong>ne peut contr\u00f4ler le monde que si nous y consentons et nous l\u2019acceptons. Une <strong>poign\u00e9e de r\u00e9sistants <\/strong>peut le sauver\u00a0: ils n\u2019ont <strong>jamais \u00e9t\u00e9 bien nombreux. <\/strong>La psychologie sociale parle en g\u00e9n\u00e9ral de 1% capable de remettre en question le pouvoir lorsqu\u2019il d\u00e9rive sur un mode totalitaire.<br \/>\n<strong>La situation est grave\u00a0! <\/strong>Nous sommes pris entre \u00ab Big Brother \u00bb d\u2019ORWELL (d\u00e9j\u00e0 l\u00e0) et \u00ab Le Meilleur des mondes \u00bb d\u2019HUXLEY (qui arrive) ? (Ndlr. Il faut absolument lire ces ouvrages fondamentaux et oh combien, d\u2019actualit\u00e9 !) Quel est le but de cette diffusion constante de la peur ? (Lire Naomi KLEIN <sup><a href=\"#footnote_3_22522\" id=\"identifier_3_22522\" class=\"footnote-link footnote-identifier-link\" title=\"Naomi Klein la strat&eacute;gie du choc &nbsp;https:\/\/youtu.be\/Mm8PZFz9T-E\">(3)<\/a><\/sup>,\u00a0 ou encore Noam CHOMSKY et son livre \u00ab Propaganda \u00bb ! ).<\/p>\n<p style=\"text-align: justify\">Inqui\u00e9tant, n\u2019est-ce pas ? Tout ceci, au moment o\u00f9 nous sommes face \u00e0 des enjeux \u00e9cologiques colossaux, \u00e0 des bouleversements qui peuvent aller jusqu\u2019\u00e0 sa mise en p\u00e9ril de notre soci\u00e9t\u00e9, voire de l\u2019humanit\u00e9 ?<\/p>\n<p style=\"text-align: right\"><em>Oncle JEF (avec l\u2019aide de Mam\u00e9 Nicole) pour le Clairon de l\u2019Atax le 10\/10\/2020 <\/em><\/p>\n<p><em>\u00a0<\/em><\/p>\n<p><em>Quelques liens\u00a0pour compl\u00e9ter\u00a0: <\/em><\/p>\n<ul>\n<li>France-Soir a publi\u00e9 un message d\u2019alerte\u00a0: <a href=\"http:\/\/www.francesoir.fr\/opinions-tribunes-politique-monde\/message-dalerte-international-de-professionnels-de-sante-aux?utm_source=NL\">http:\/\/www.francesoir.fr\/opinions-tribunes-politique-monde\/message-dalerte-international-de-professionnels-de-sante-aux?utm_source=NL<\/a><\/li>\n<li>Martine WONNER \u00e0 l\u2019assembl\u00e9e\u00a0: <a href=\"https:\/\/youtu.be\/rKtoSTP9g-w\">https:\/\/youtu.be\/rKtoSTP9g-w<\/a><\/li>\n<li>Message \u00e0 Olivier V\u00c9RAN\u00a0: <a href=\"https:\/\/youtu.be\/baRauK8yV04\">https:\/\/youtu.be\/baRauK8yV04<\/a><\/li>\n<li>le port du masque (humour) <a href=\"https:\/\/www.facebook.com\/watch\/?v=367143471322156&amp;extid=mf9W8tGATqLwhZQp\">https:\/\/www.facebook.com\/watch\/?v=367143471322156&amp;extid=mf9W8tGATqLwhZQp<\/a><\/li>\n<\/ul>\n<p>&#8211; La m\u00e9decine d\u00e9raille gravement PERRONNE\u00a0: <a href=\"https:\/\/youtu.be\/WjJnYXVgyUo\">https:\/\/youtu.be\/WjJnYXVgyUo<\/a>\u00a0\u00a0\u00a0<\/p>\n<p>&#8211; Un pneumologue lanceur d\u2019alerte\u00a0: <a href=\"https:\/\/youtu.be\/NMXC8iVdEV0\">https:\/\/youtu.be\/NMXC8iVdEV0<\/a>\u00a0<\/p>\n<p>&#8211; JF TOUSSAINT : une \u00e9pid\u00e9mie due \u00e0 nos comportements ?<br \/>\n<a href=\"https:\/\/www.facebook.com\/watch\/?v=1045495292573170&amp;extid=R5aGaiIGjoGH1eoI\">https:\/\/www.facebook.com\/watch\/?v=1045495292573170&amp;extid=R5aGaiIGjoGH1eoI<\/a><\/p>\n<ul>\n<li>JF TOUSSAINT il n\u2019y a pas d\u2019argumentation scientifique <a href=\"https:\/\/youtu.be\/b6Yh1EQlYQw\">https:\/\/youtu.be\/b6Yh1EQlYQw<\/a><\/li>\n<\/ul>\n<p>&nbsp;<\/p>\n<p>&nbsp;<\/p>\n<p><em>\u00a0<\/em><\/p>\n<p>&nbsp;<\/p>\n<script type=\"text\/javascript\"> var tt_store_content = \"\\<p style\\='text\\-align\\: justify'\\>\u00ab\u00a0\\<b\\>Sant\u00e9 publique France\\<\\\/b\\> \u00bb est une agence nationale de sant\u00e9 publique constitu\u00e9e en 2016 sous forme d'un \u00e9tablissement public\u00a0 \u00e0 caract\u00e8re administratif plac\u00e9 sous la tutelle du ministre charg\u00e9 de la sant\u00e9\\.\\<\\\/p\\>\"; toolTips('.classtoolTips3',tt_store_content,'19690'); <\/script><script type=\"text\/javascript\"> var tt_store_content = \"\\<span class\\='st'\\>L'Institut National de la Statistique et des Etudes Economiques collecte, produit, analyse et diffuse des informations sur l'\u00e9conomie et la soci\u00e9t\u00e9 fran\u00e7aises\\.\\<\\\/span\\>\"; toolTips('.classtoolTips82',tt_store_content,'6978'); <\/script><script type=\"text\/javascript\"> var tt_store_content = \"\\<span class\\='st'\\>L'Institut National de la Statistique et des Etudes Economiques collecte, produit, analyse et diffuse des informations sur l'\u00e9conomie et la soci\u00e9t\u00e9 fran\u00e7aises\\.\\<\\\/span\\>\"; toolTips('.classtoolTips82',tt_store_content,'6978'); <\/script><script type=\"text\/javascript\"> var tt_store_content = \"Le <span class='tooltipsall tooltip_post_id_3743 classtoolTips128'>CIRC<\/span> est le&nbsp; \\<a href\\='https\\:\\\/\\\/fr\\.wikipedia\\.org\\\/wiki\\\/Centre_international_de_recherche_sur_le_cancer' target\\='_blank' rel\\='noopener'\\>Centre international de Recherche sur le Cancer\\<\\\/a\\>, cr\u00e9\u00e9 en 1965 par l\u2019\\<a href\\='https\\:\\\/\\\/fr\\.wikipedia\\.org\\\/wiki\\\/Organisation_mondiale_de_la_sant%C3%A9' target\\='_blank' rel\\='noopener'\\>Organisation Mondiale de la Sant\u00e9\\<\\\/a\\> \\(OMS\\) des \\<a href\\='https\\:\\\/\\\/fr\\.wikipedia\\.org\\\/wiki\\\/Organisation_des_Nations_unies' target\\='_blank' rel\\='noopener'\\>Nations Unies\\<\\\/a\\>\\.\"; toolTips('.classtoolTips128',tt_store_content,'3743'); <\/script><script type=\"text\/javascript\"> var tt_store_content = \"\\<p style\\='text\\-align\\: center;'\\>\\<span style\\='font\\-size\\: 14pt;'\\>\\<strong\\>C\\<\\\/strong\\>entre \\<strong\\>C\\<\\\/strong\\>ommunal d'\\<strong\\>A\\<\\\/strong\\>ction \\<strong\\>S\\<\\\/strong\\>ociale\\<\\\/span\\>\\<\\\/p\\><br\/>\\<p style\\='text\\-align\\: justify;'\\>Un centre communal d'action sociale \\(<span class='tooltipsall tooltip_post_id_18100 classtoolTips132'>CCAS<\/span>\\) est, en France, un \u00e9tablissement public administr\u00e9 par un conseil d'administration pr\u00e9sid\u00e9 par le maire de la commune\\. Il a pour mission d'animer une action g\u00e9n\u00e9rale de pr\u00e9vention et de d\u00e9veloppement social au sein de la commune en liaison \u00e9troite avec les institutions publiques et priv\u00e9es\\<\\\/p\\>\"; toolTips('.classtoolTips132',tt_store_content,'18100'); <\/script><script type=\"text\/javascript\"> var tt_store_content = \"\\<p\\><span class='tooltipsall tooltip_post_id_19394 classtoolTips134'>SAGE<\/span> \\= \\<span class\\='st'\\> sch\u00e9ma d'am\u00e9nagement et de gestion de l'eau\\<\\\/span\\> , c'est un outil de planification qui concerne l'ensemble des eaux situ\u00e9es dans un bassin versant\\<\\\/p\\>\"; toolTips('.classtoolTips134',tt_store_content,'19394'); <\/script><script type=\"text\/javascript\"> var tt_store_content = \"\\<p style\\='text\\-align\\: center;'\\>\\<strong\\>\\<span style\\='font\\-size\\: 14pt;'\\>S\\<\\\/span\\>\\<\\\/strong\\>\\<span style\\='font\\-size\\: 14pt;'\\>oci\u00e9t\u00e9 d'\\<strong\\>\u00c9\\<\\\/strong\\>conomie \\<strong\\>M\\<\\\/strong\\>ixte\\<\\\/span\\>\\<\\\/p\\><br\/>\\<p style\\='text\\-align\\: justify;'\\>En France, une soci\u00e9t\u00e9 d'\u00e9conomie mixte est une soci\u00e9t\u00e9 anonyme dont le capital est majoritairement d\u00e9tenu par une ou plusieurs personnes publiques \\(\u00e0 savoir l'\u00c9tat, une Collectivit\u00e9 territoriale, ou tout autre \u00c9tablissement public\\)\\. Cette participation majoritaire publique est plafonn\u00e9e \u00e0 85&nbsp;% du capital depuis la Loi du 2 janvier 2002\\. Au moins une personne priv\u00e9e doit participer au capital de la <span class='tooltipsall tooltip_post_id_7168 classtoolTips142'>SEM<\/span>, sachant qu'il peut s'agir d'une autre SEM\\.\\<\\\/p\\><br\/>\\<p style\\='text\\-align\\: justify;'\\>\\<strong\\>Le recours \u00e0 la SEM garantit\\<\\\/strong\\> \u00e0 la collectivit\u00e9 publique actionnaire et cocontractante \\<strong\\>la prise en compte effective de l'int\u00e9r\u00eat g\u00e9n\u00e9ral\\<\\\/strong\\> dans les objectifs de l'entreprise \\<strong\\>et la souplesse de la soci\u00e9t\u00e9 de droit priv\u00e9\\<\\\/strong\\>\\.\\<\\\/p\\><br\/>\\<em\\>\\<a href\\='https\\:\\\/\\\/fr\\.wikipedia\\.org\\\/wiki\\\/Soci%C3%A9t%C3%A9_d%27%C3%A9conomie_mixte' target\\='_blank' rel\\='noopener'\\>Voir ici la page Wikipedia consacr\u00e9e aux SEM\\<\\\/a\\> \\<\\\/em\\><br\/><br\/>&nbsp;\"; toolTips('.classtoolTips142',tt_store_content,'7168'); <\/script><script type=\"text\/javascript\"> var tt_store_content = \"\\<p style\\='text\\-align\\: center;'\\>\\<span style\\='font\\-size\\: 14pt;'\\>\\<strong\\>I\\<\\\/strong\\>mp\u00f4t sur la \\<strong\\>F\\<\\\/strong\\>ortune \\<strong\\>I\\<\\\/strong\\>mmobili\u00e8re\\<\\\/span\\>\\<\\\/p\\>\"; toolTips('.classtoolTips148',tt_store_content,'5643'); <\/script><script type=\"text\/javascript\"> var tt_store_content = \"\\<p style\\='text\\-align\\: center;'\\>\\<span style\\='font\\-size\\: 14pt;'\\>\\<strong\\>R\\<\\\/strong\\>\u00e9pertoire \\<strong\\>N\\<\\\/strong\\>ational des \\<strong\\>A\\<\\\/strong\\>ssociations\\<\\\/span\\>\\<\\\/p\\>\"; toolTips('.classtoolTips159',tt_store_content,'24374'); <\/script><script type=\"text\/javascript\"> var tt_store_content = \"\\<p style\\='text\\-align\\: center;'\\>\\<strong\\>\\<span style\\='font\\-size\\: 14pt;'\\>G\\<\\\/span\\>\\<\\\/strong\\>\\<span style\\='font\\-size\\: 14pt;'\\>az \u00e0 \\<strong\\>E\\<\\\/strong\\>ffet de \\<strong\\>S\\<\\\/strong\\>erre\\<\\\/span\\>\\<\\\/p\\><br\/>\\<p style\\='text\\-align\\: justify;'\\>Les gaz \u00e0 effet de serre \\(<span class='tooltipsall tooltip_post_id_7232 classtoolTips161'>GES<\/span>\\) sont des composants gazeux qui absorbent le rayonnement infrarouge \u00e9mis par la surface terrestre et contribuent \u00e0 l'effet de serre\\. L'augmentation de leur concentration dans l'atmosph\u00e8re terrestre est l'un des facteurs \u00e0 l'origine du r\u00e9chauffement climatique\\.\\<\\\/p\\><br\/>\\<a href\\='https\\:\\\/\\\/fr\\.wikipedia\\.org\\\/wiki\\\/Gaz_%C3%A0_effet_de_serre' target\\='_blank' rel\\='noopener'\\>\\<em\\>Voir ici la fiche Wikipedia sur les gaz \u00e0 effet de serre\\<\\\/em\\>\\<\\\/a\\>\"; toolTips('.classtoolTips161',tt_store_content,'7232'); <\/script><script type=\"text\/javascript\"> var tt_store_content = \"\\<p style\\='text\\-align\\: justify'\\>La \u00ab\u00a0\\<b\\>programmation pluriannuelle de l'\u00e9nergie\\<\\\/b\\>\u00a0\u00bb \\(<span class='tooltipsall tooltip_post_id_7750 classtoolTips164'>PPE<\/span>\\) est, en France, un document strat\u00e9gique de pilotage de la transition \u00e9nerg\u00e9tique\\. Institu\u00e9e par l'article 176 de la \\<a title\\='Loi relative \u00e0 la transition \u00e9nerg\u00e9tique pour la croissance verte' href\\='https\\:\\\/\\\/fr\\.wikipedia\\.org\\\/wiki\\\/Loi_relative_%C3%A0_la_transition_%C3%A9nerg%C3%A9tique_pour_la_croissance_verte'\\>loi de transition \u00e9nerg\u00e9tique\\<\\\/a\\> \\(TECV\\), elle fixe une trajectoire pour le \\<a title\\='Mix \u00e9nerg\u00e9tique' href\\='https\\:\\\/\\\/fr\\.wikipedia\\.org\\\/wiki\\\/Mix_%C3%A9nerg%C3%A9tique'\\>mix \u00e9nerg\u00e9tique\\<\\\/a\\>, ainsi que \\<span class\\='citation'\\>\u00ab\u00a0les priorit\u00e9s d'action pour la gestion de l\u2019ensemble des formes d'\u00e9nergie sur le territoire m\u00e9tropolitain continental, afin d\u2019atteindre les objectifs nationaux fix\u00e9s par la loi\u00a0\u00bb\\<\\\/span\\>\\. \\(Wikip\u00e9dia\\)\\<\\\/p\\>\"; toolTips('.classtoolTips164',tt_store_content,'7750'); <\/script><script type=\"text\/javascript\"> var tt_store_content = \"\\<p style\\='text\\-align\\: justify'\\>La \u00ab\u00a0\\<b\\>programmation pluriannuelle de l'\u00e9nergie\\<\\\/b\\>\u00a0\u00bb \\(PPE\\) est, en France, un document strat\u00e9gique de pilotage de la transition \u00e9nerg\u00e9tique\\. Institu\u00e9e par l'article 176 de la \\<a title\\='Loi relative \u00e0 la transition \u00e9nerg\u00e9tique pour la croissance verte' href\\='https\\:\\\/\\\/fr\\.wikipedia\\.org\\\/wiki\\\/Loi_relative_%C3%A0_la_transition_%C3%A9nerg%C3%A9tique_pour_la_croissance_verte'\\>loi de transition \u00e9nerg\u00e9tique\\<\\\/a\\> \\(TECV\\), elle fixe une trajectoire pour le \\<a title\\='Mix \u00e9nerg\u00e9tique' href\\='https\\:\\\/\\\/fr\\.wikipedia\\.org\\\/wiki\\\/Mix_%C3%A9nerg%C3%A9tique'\\>mix \u00e9nerg\u00e9tique\\<\\\/a\\>, ainsi que \\<span class\\='citation'\\>\u00ab\u00a0les priorit\u00e9s d'action pour la gestion de l\u2019ensemble des formes d'\u00e9nergie sur le territoire m\u00e9tropolitain continental, afin d\u2019atteindre les objectifs nationaux fix\u00e9s par la loi\u00a0\u00bb\\<\\\/span\\>\\. \\(Wikip\u00e9dia\\)\\<\\\/p\\>\"; toolTips('.classtoolTips164',tt_store_content,'7750'); <\/script><script type=\"text\/javascript\"> var tt_store_content = \"\\<p style\\='text\\-align\\: justify;'\\>Le Conseil d'Orientation des Retraites est une instance qui r\u00e9unit &nbsp;\\<span class\\='st'\\>les principaux acteurs du champ des retraites\\<\\\/span\\> et effectue un travail d'\u00e9tudes et de concertation\\. Compos\u00e9 de parlementaires, de repr\u00e9sentants des organisations professionnelles et syndicales, des retrait\u00e9s et des familles, de membres de l'administration et d'experts, le Conseil d'orientation des retraites \\(<span class='tooltipsall tooltip_post_id_7751 classtoolTips165'>COR<\/span>\\) est plac\u00e9 aupr\u00e8s du Premier ministre\\.\\<\\\/p\\>\"; toolTips('.classtoolTips165',tt_store_content,'7751'); <\/script><script type=\"text\/javascript\"> var tt_store_content = \"Energies Renouvelables\"; toolTips('.classtoolTips167',tt_store_content,'7758'); <\/script><script type=\"text\/javascript\"> var tt_store_content = \"Energies Renouvelables\"; toolTips('.classtoolTips167',tt_store_content,'7758'); <\/script><script type=\"text\/javascript\"> var tt_store_content = \"\\<p style\\='text\\-align\\: center;'\\>\\<span style\\='font\\-size\\: 14pt;'\\>\\<strong\\>O\\<\\\/strong\\>rganisation \\<strong\\>M\\<\\\/strong\\>\u00e9t\u00e9orologique \\<strong\\>M\\<\\\/strong\\>ondiale<br\/>\\<strong\\>W\\<\\\/strong\\>orld \\<strong\\>M\\<\\\/strong\\>eteorological \\<strong\\>O\\<\\\/strong\\>rganization\\<\\\/span\\>\\<\\\/p\\><br\/>&nbsp;<br\/><br\/>\\<a href\\='https\\:\\\/\\\/public\\.wmo\\.int\\\/fr' target\\='_blank' rel\\='noopener'\\>\\<em\\>Acc\u00e9der ici au site de l'organisation\\<\\\/em\\>\\<\\\/a\\>\"; toolTips('.classtoolTips168',tt_store_content,'7763'); <\/script><script type=\"text\/javascript\"> var tt_store_content = \"\\<p style\\='text\\-align\\: center;'\\>\\<span style\\='font\\-size\\: 14pt;'\\>\\<strong\\>\u00c9\\<\\\/strong\\>cole \\<strong\\>N\\<\\\/strong\\>ationale d'\\<strong\\>A\\<\\\/strong\\>dministration\\<\\\/span\\>\\<\\\/p\\>\"; toolTips('.classtoolTips170',tt_store_content,'5213'); <\/script><script type=\"text\/javascript\"> var tt_store_content = \"\\<p style\\='text\\-align\\: justify'\\>\\<span class\\='ILfuVd'\\>La politique agricole commune \\(\\<b\\><span class='tooltipsall tooltip_post_id_11364 classtoolTips174'>PAC<\/span>\\<\\\/b\\>\\) est une politique mise en place \u00e0 l'\u00e9chelle de l'Union europ\u00e9enne\\. \u00c0 l'origine, elle est fond\u00e9e principalement sur des mesures de contr\u00f4le des prix et de subventionnement, visant \u00e0 moderniser et d\u00e9velopper l'agriculture\\.\\<\\\/span\\> \\(source Wikipedia\\)\\<\\\/p\\>\"; toolTips('.classtoolTips174',tt_store_content,'11364'); <\/script><script type=\"text\/javascript\"> var tt_store_content = \"\\<p style\\='text\\-align\\: center;'\\>\\<span style\\='font\\-size\\: 14pt;'\\>\\<strong\\>P\\<\\\/strong\\>\\<\\\/span\\>\\<span style\\='font\\-size\\: 14pt;'\\>lan \\<strong\\>L\\<\\\/strong\\>\\<\\\/span\\>\\<span style\\='font\\-size\\: 14pt;'\\>ocal d'\\<strong\\>U\\<\\\/strong\\>\\<\\\/span\\>\\<span style\\='font\\-size\\: 14pt;'\\>rbanisme\\<\\\/span\\>\\<\\\/p\\><br\/>&nbsp;\"; toolTips('.classtoolTips176',tt_store_content,'4979'); <\/script><script type=\"text\/javascript\"> var tt_store_content = \"\\<p\\>Conseil \u00c9conomique et Social\\<\\\/p\\>\"; toolTips('.classtoolTips180',tt_store_content,'29829'); <\/script><script type=\"text\/javascript\"> var tt_store_content = \"\\<p\\><span class='tooltipsall tooltip_post_id_19888 classtoolTips186'>CEA<\/span> \\= Commissariat \u00e0 l'Energie Atomique et aux Energies Alternatives\\. C' est un organisme administratif\u00a0 fran\u00e7ais de recherche scientifique dans les domaines de l'\u00e9nergie , la d\u00e9fense, les technologies de l'information et de la communication, des sciences de la mati\u00e8re, de la vie, de la sant\u00e9\\.\\.\\.\\<\\\/p\\><br\/>\\<p\\>&nbsp;\\<\\\/p\\>\"; toolTips('.classtoolTips186',tt_store_content,'19888'); <\/script><script type=\"text\/javascript\"> var tt_store_content = \"\\<p style\\='text\\-align\\: center;'\\>\\<span style\\='font\\-size\\: 14pt;'\\>\\<strong\\>A\\<\\\/strong\\>gence \\<strong\\>R\\<\\\/strong\\>\u00e9gionale de \\<strong\\>S\\<\\\/strong\\>ant\u00e9\\<\\\/span\\>\\<\\\/p\\>\"; toolTips('.classtoolTips188',tt_store_content,'18356'); <\/script><script type=\"text\/javascript\"> var tt_store_content = \"\\<p style\\='text\\-align\\: center;'\\>\\<span style\\='font\\-size\\: 14pt;'\\>\\<strong\\>G\\<\\\/strong\\>roupement \\<strong\\>H\\<\\\/strong\\>ospitalier de \\<strong\\>T\\<\\\/strong\\>erritoire\\<\\\/span\\>\\<\\\/p\\><br\/>\\<p style\\='text\\-align\\: justify;'\\>Les groupements hospitaliers de territoires, dispositif pr\u00e9vu par la loi de sant\u00e9 2016, sont un nouveau mode de coop\u00e9ration entre les \u00e9tablissements publics de sant\u00e9 \u00e0 l\u2019\u00e9chelle d\u2019un territoire\\<\\\/p\\>\"; toolTips('.classtoolTips189',tt_store_content,'18358'); <\/script><script type=\"text\/javascript\"> var tt_store_content = \"\\<p style\\='text\\-align\\: center;'\\>\\<span style\\='font\\-size\\: 14pt;'\\>\\<strong\\>C\\<\\\/strong\\>omit\u00e9 \\<strong\\>T\\<\\\/strong\\>echnique d'\\<strong\\>\u00c9\\<\\\/strong\\>tablissement\\<\\\/span\\>\\<\\\/p\\>\"; toolTips('.classtoolTips191',tt_store_content,'18359'); <\/script><script type=\"text\/javascript\"> var tt_store_content = \"\\<p style\\='text\\-align\\: center;'\\>\\<strong\\>\\<span style\\='font\\-size\\: 14pt;'\\>P\\<\\\/span\\>\\<\\\/strong\\>\\<span style\\='font\\-size\\: 14pt;'\\>rogrammation \\<strong\\>P\\<\\\/strong\\>luri\\-annuelle de l'\\<strong\\>\u00c9\\<\\\/strong\\>nergie\\<\\\/span\\>\\<\\\/p\\><br\/>La PPE est est en France un document strat\u00e9gique de pilotage de la transition \u00e9nerg\u00e9tique\\. Institu\u00e9e par l'article 176 de la loi transition \u00e9nerg\u00e9tique \\(TECV\\)\\. Elle fixe \\(par \u00e9nergie\\) une trajectoire pour le mix \u00e9nerg\u00e9tique, ainsi que \u00ab&nbsp;\\<em\\>les priorit\u00e9s d'action pour la gestion de l\u2019ensemble des formes d'\u00e9nergie sur le territoire m\u00e9tropolitain continental, afin d\u2019atteindre les objectifs nationaux fix\u00e9s par la loi\\<\\\/em\\>&nbsp;\u00bb\\.<br\/><br\/>Initi\u00e9e en 2016, elle est r\u00e9vis\u00e9e en 2018 puis ensuite tous les 5 ans\\.<br\/><br\/>\\<a href\\='https\\:\\\/\\\/fr\\.wikipedia\\.org\\\/wiki\\\/Programmation_pluriannuelle_de_l'\u00e9nergi' target\\='_blank' rel\\='noopener'\\>\\<em\\>Voir ici la page Wikipedia consacr\u00e9e \u00e0 la PPE\\<\\\/em\\>\\<\\\/a\\><br\/>\\<a href\\='https\\:\\\/\\\/ppe\\.debatpublic\\.fr\\\/' target\\='_blank' rel\\='noopener'\\>\\<em\\>Voir ici la page du site 'Commission du D\u00e9bat Public' consacr\u00e9e \u00e0 la PPE\\<\\\/em\\>\\<\\\/a\\>\"; toolTips('.classtoolTips193',tt_store_content,'7102'); <\/script><script type=\"text\/javascript\"> var tt_store_content = \"\\<p style\\='text\\-align\\: center;'\\>\\<span style\\='font\\-size\\: 14pt;'\\>\\<strong\\>E\\<\\\/strong\\>volutionary \\<strong\\>P\\<\\\/strong\\>ower \\<strong\\>R\\<\\\/strong\\>eactor\\<\\\/span\\>\\<\\\/p\\><br\/>\\<p style\\='text\\-align\\: justify;'\\>R\u00e9acteur nucl\u00e9aire de troisi\u00e8me g\u00e9n\u00e9ration \\(classification internationale\\), con\u00e7u et d\u00e9velopp\u00e9 par <span class='tooltipsall tooltip_post_id_5121 classtoolTips35'>Areva NP<\/span>&nbsp; au cours des ann\u00e9es 1990 et 2000\\. Il fait partie de la fili\u00e8re des r\u00e9acteurs \u00e0 eau pressuris\u00e9e\\.\\<\\\/p\\><br\/>\\<a href\\='https\\:\\\/\\\/fr\\.wikipedia\\.org\\\/wiki\\\/R%C3%A9acteur_pressuris%C3%A9_europ%C3%A9en' target\\='_blank' rel\\='noopener'\\>\\<em\\>Voir ici la fiche Wikipedia <span class='tooltipsall tooltip_post_id_5579 classtoolTips196'>EPR<\/span>\\<\\\/em\\>\\<\\\/a\\>\"; toolTips('.classtoolTips196',tt_store_content,'5579'); <\/script><script type=\"text\/javascript\"> var tt_store_content = \"\\<p\\><span class='tooltipsall tooltip_post_id_21204 classtoolTips199'>COV<\/span> \\= Compos\u00e9 Organique Volatile\\<\\\/p\\>\"; toolTips('.classtoolTips199',tt_store_content,'21204'); <\/script><script type=\"text\/javascript\"> var tt_store_content = \"\\<p style\\='text\\-align\\: center;'\\>\\<strong\\>\\<span style\\='font\\-size\\: 14pt;'\\>R\\<\\\/span\\>\\<\\\/strong\\>\\<span style\\='font\\-size\\: 14pt;'\\>eferendum d'\\<strong\\>I\\<\\\/strong\\>nitiative \\<strong\\>C\\<\\\/strong\\>itoyenne\\<\\\/span\\>\\<\\\/p\\>\"; toolTips('.classtoolTips205',tt_store_content,'12268'); <\/script><script type=\"text\/javascript\"> var tt_store_content = \"\\<p\\><span class='tooltipsall tooltip_post_id_25844 classtoolTips208'>RTE<\/span> \\= R\u00e9seau de Transport d'Electricit\u00e9 est une filiale d'<span class='tooltipsall tooltip_post_id_7035 classtoolTips178'>EDF<\/span> qui est l'actionnaire majoritaire avec 50,1% des parts le reste \u00e9tant partag\u00e9 par la CDC et la CNP\\<\\\/p\\>\"; toolTips('.classtoolTips208',tt_store_content,'25844'); <\/script><script type=\"text\/javascript\"> var tt_store_content = \"\\<p style\\='text\\-align\\: center;'\\>\\<span style\\='font\\-size\\: 14pt;'\\>\\<strong\\>O\\<\\\/strong\\>rganisation\\<strong\\> N\\<\\\/strong\\>on\\<strong\\> G\\<\\\/strong\\>ouvernementale\\<\\\/span\\>\\<\\\/p\\><br\/>Une organisation non gouvernementale \\(<span class='tooltipsall tooltip_post_id_3579 classtoolTips210'>ONG<\/span>\\) est une \\<a title\\='Association \u00e0 but non lucratif' href\\='https\\:\\\/\\\/fr\\.wikipedia\\.org\\\/wiki\\\/Association_%C3%A0_but_non_lucratif' target\\='_blank' rel\\='noopener'\\>association \u00e0 but non lucratif\\<\\\/a\\>, d'int\u00e9r\u00eat public, qui ne rel\u00e8ve ni de l'\u00c9tat, ni d'institutions internationales\\<sup id\\='cite_ref\\-novethic_1\\-0' class\\='reference'\\>\\<\\\/sup\\>\\. Les ONG n'ont pas le statut de sujet de \\<a title\\='Droit international public' href\\='https\\:\\\/\\\/fr\\.wikipedia\\.org\\\/wiki\\\/Droit_international_public' target\\='_blank' rel\\='noopener'\\>droit international\\<\\\/a\\>\\.\"; toolTips('.classtoolTips210',tt_store_content,'3579'); <\/script><script type=\"text\/javascript\"> var tt_store_content = \"\\<p style\\='text\\-align\\: center;'\\>\\<span style\\='font\\-size\\: 14pt;'\\>\\<strong\\>O\\<\\\/strong\\>rganisation\\<strong\\> N\\<\\\/strong\\>on\\<strong\\> G\\<\\\/strong\\>ouvernementale\\<\\\/span\\>\\<\\\/p\\><br\/>Une organisation non gouvernementale \\(ONG\\) est une \\<a title\\='Association \u00e0 but non lucratif' href\\='https\\:\\\/\\\/fr\\.wikipedia\\.org\\\/wiki\\\/Association_%C3%A0_but_non_lucratif' target\\='_blank' rel\\='noopener'\\>association \u00e0 but non lucratif\\<\\\/a\\>, d'int\u00e9r\u00eat public, qui ne rel\u00e8ve ni de l'\u00c9tat, ni d'institutions internationales\\<sup id\\='cite_ref\\-novethic_1\\-0' class\\='reference'\\>\\<\\\/sup\\>\\. Les ONG n'ont pas le statut de sujet de \\<a title\\='Droit international public' href\\='https\\:\\\/\\\/fr\\.wikipedia\\.org\\\/wiki\\\/Droit_international_public' target\\='_blank' rel\\='noopener'\\>droit international\\<\\\/a\\>\\.\"; toolTips('.classtoolTips210',tt_store_content,'3579'); <\/script><script type=\"text\/javascript\"> var tt_store_content = \"\\<p\\><span class='tooltipsall tooltip_post_id_24572 classtoolTips211'>MIT<\/span> \\= Massachussets Institute of Technology, prestigieuse universit\u00e9 am\u00e9ricaine de la c\u00f4te est\\<\\\/p\\>\"; toolTips('.classtoolTips211',tt_store_content,'24572'); <\/script><script type=\"text\/javascript\"> var tt_store_content = \"\\<p style\\='text\\-align\\: center;'\\>\\<strong\\>J\\<\\\/strong\\>eux \\<strong\\>O\\<\\\/strong\\>lympiques<br\/>ou<br\/>\\<strong\\>J\\<\\\/strong\\>ournal \\<strong\\>O\\<\\\/strong\\>fficiel de la R\u00e9publique Fran\u00e7aise\\<\\\/p\\>\"; toolTips('.classtoolTips213',tt_store_content,'4451'); <\/script><script type=\"text\/javascript\"> var tt_store_content = \"\\<p\\><span class='tooltipsall tooltip_post_id_30593 classtoolTips214'>RN<\/span> \\= Rassemble National, c'est le parti d'extr\u00eame droite de Marine Le Pen qui succ\u00e8de au FN \\= Front National fond\u00e9 par son p\u00e8re Jean Marie Le Pen\\<\\\/p\\>\"; toolTips('.classtoolTips214',tt_store_content,'30593'); <\/script><script type=\"text\/javascript\"> var tt_store_content = \"\\<p\\><span class='tooltipsall tooltip_post_id_30594 classtoolTips215'>LR<\/span> \\= Les R\u00e9publicains, parti politique de droite fond\u00e9 par N; Sakozy qui succ\u00e8de en 2015 \u00e0 l'UMP, Union pour une Mouvement Populaire, fond\u00e9 en 2002 compos\u00e9 de conservateurs et de gaulistes\\.\\.\\.\\.\\<\\\/p\\>\"; toolTips('.classtoolTips215',tt_store_content,'30594'); <\/script><script type=\"text\/javascript\"> var tt_store_content = \"\\<p style\\='text\\-align\\: center;'\\>\\<span style\\='font\\-size\\: 14pt;'\\>\\<strong\\>C\\<\\\/strong\\>entre \\<strong\\>H\\<\\\/strong\\>ospitalier\\<\\\/span\\>\\<\\\/p\\>\"; toolTips('.classtoolTips220',tt_store_content,'18357'); <\/script><script type=\"text\/javascript\"> var tt_store_content = \"\\<p style\\='text\\-align\\: center;'\\>\\<strong\\>Mati\u00e8res Particulaires\\<\\\/strong\\><br\/>\\(de l'anglais \\<em\\>\\<strong\\>P\\<\\\/strong\\>articular \\<strong\\>M\\<\\\/strong\\>atter\\)\\<\\\/em\\>\\<\\\/p\\><br\/>Le terme 'mati\u00e8res particulaires' d\u00e9signe les particules en suspension dans l'atmosph\u00e8re terrestre ou dans l'eau\\.<br\/>On les appelle aussi \\<em\\>'particules\\<\\\/em\\> fines'\\.<br\/>La plupart des <span class='tooltipsall tooltip_post_id_4304 classtoolTips221'>PM<\/span> sont class\u00e9es canc\u00e9rig\u00e8nes\\.<br\/><br\/>Les PM10 sont des mati\u00e8res dont le diam\u00e8tre est inf\u00e9rieur \u00e0&nbsp; 10\u00b5 \\(10 microns, soit 1\\\/100\\<sup\\>\u00e8me\\<\\\/sup\\> de millim\u00e8tre\\)\\.<br\/><br\/>Voir article sur le site \\<a href\\='https\\:\\\/\\\/www\\.notre\\-planete\\.info\\\/environnement\\\/pollution_air\\\/particules\\-fines\\.php' target\\='_blank' rel\\='noopener'\\>notre\\-planete\\.info\\<\\\/a\\><br\/>Voir \\<a href\\='https\\:\\\/\\\/fr\\.wikipedia\\.org\\\/wiki\\\/Particules_en_suspension' target\\='_blank' rel\\='noopener'\\>fiche Wikipedia\\<\\\/a\\>\"; toolTips('.classtoolTips221',tt_store_content,'4304'); <\/script><script type=\"text\/javascript\"> var tt_store_content = \"\\<p style\\='text\\-align\\: center;'\\>\\<span style\\='font\\-size\\: 14pt;'\\>\\<strong\\><span class='tooltipsall tooltip_post_id_21736 classtoolTips222'>nm<\/span> \\= n\\<\\\/strong\\>ano\\<strong\\>m\\<\\\/strong\\>\u00e8tre \\<\\\/span\\>\\<\\\/p\\><br\/>\\<p style\\='text\\-align\\: justify;'\\>\\<em\\>le <span class='tooltipsall tooltip_post_id_21736 classtoolTips222'>nanom\u00e8tre<\/span>, de symbole nm, est une unit\u00e9 de longueur du Syst\u00e8me international\\. C'est un sous\\-multiple du m\u00e8tre, il vaut un milliardi\u00e8me de m\u00e8tre, soit un millioni\u00e8me de millim\u00e8tre\\.\\<\\\/em\\>\\<\\\/p\\><br\/>\\<p style\\='text\\-align\\: center;'\\>\\<strong\\>\\<em\\> 1 nm \\= 10\u207b\u00b3 \u00b5m \\= 10\\<sup\\>\u20136\\<\\\/sup\\> mm \\= 10\\<sup\\>\u20139\\<\\\/sup\\> m\\.\\<\\\/em\\>\\<\\\/strong\\>\\<\\\/p\\>\"; toolTips('.classtoolTips222',tt_store_content,'21736'); <\/script><script type=\"text\/javascript\"> var tt_store_content = \"\\<p\\>D\u00e9chets radioactifs \u00e0 Haute Activit\u00e9 \\(classement <span class='tooltipsall tooltip_post_id_3612 classtoolTips79'>ANDRA<\/span>\\)\\<\\\/p\\>\"; toolTips('.classtoolTips223',tt_store_content,'19196'); <\/script>_______________________<br>Notes<ol class=\"footnotes\"><li id=\"footnote_1_22522\" class=\"footnote\">maladies infectieuses que les animaux peuvent transmettre aux humains<span class=\"footnote-back-link-wrapper\">[<a href=\"#identifier_1_22522\" class=\"footnote-link footnote-back-link\">&#8617;<\/a>]<\/span><\/li><li id=\"footnote_2_22522\" class=\"footnote\">[1] Jean-Dominique Michel,\u00a0<em>Covid : anatomie d&rsquo;une crise sanitaire<\/em>, Paris, HumenSciences, 2020<span class=\"footnote-back-link-wrapper\">[<a href=\"#identifier_2_22522\" class=\"footnote-link footnote-back-link\">&#8617;<\/a>]<\/span><\/li><li id=\"footnote_3_22522\" class=\"footnote\"> Naomi Klein la strat\u00e9gie du choc \u00a0<a href=\"https:\/\/youtu.be\/Mm8PZFz9T-E\">https:\/\/youtu.be\/Mm8PZFz9T-E<\/a><span class=\"footnote-back-link-wrapper\">[<a href=\"#identifier_3_22522\" class=\"footnote-link footnote-back-link\">&#8617;<\/a>]<\/span><\/li><\/ol>_______________________","protected":false},"excerpt":{"rendered":"<p>coronavirus-Image par Pete Linforth de Pixabay La manipulation, c\u2019est un th\u00e8me que j\u2019ai \u00e9voqu\u00e9 en mai 2019 dans une chronique titr\u00e9e \u00ab \u00c9mancipation ou manipulation \u00bb qui reprenait la r\u00e9flexion de Noam CHOMSKY de son livre \u00ab Propaganda \u00bb. Le gouvernement vous veut du bien ? Ne le croyez pas sur parole ! Ne meLire la suite &rarr;<script type=\"text\/javascript\"> var tt_store_content = \"\\<\/p>\n<p style\\='text\\-align\\: justify'\\>\u00ab\u00a0\\<b\\><span class='tooltipsall tooltip_post_id_19690 classtoolTips3'>Sant\u00e9 publique France<\/span>\\<\\\/b\\> \u00bb est une agence nationale de sant\u00e9 publique constitu\u00e9e en 2016 sous forme d'un \u00e9tablissement public\u00a0 \u00e0 caract\u00e8re administratif plac\u00e9 sous la tutelle du ministre charg\u00e9 de la sant\u00e9\\.\\<\\\/p\\>\"; toolTips('.classtoolTips3',tt_store_content,'19690'); <\/script><script type=\"text\/javascript\"> var tt_store_content = \"\\<span class\\='st'\\>L'Institut National de la Statistique et des Etudes Economiques collecte, produit, analyse et diffuse des informations sur l'\u00e9conomie et la soci\u00e9t\u00e9 fran\u00e7aises\\.\\<\\\/span\\>\"; toolTips('.classtoolTips82',tt_store_content,'6978'); <\/script><script type=\"text\/javascript\"> var tt_store_content = \"\\<span class\\='st'\\>L'Institut National de la Statistique et des Etudes Economiques collecte, produit, analyse et diffuse des informations sur l'\u00e9conomie et la soci\u00e9t\u00e9 fran\u00e7aises\\.\\<\\\/span\\>\"; toolTips('.classtoolTips82',tt_store_content,'6978'); <\/script><script type=\"text\/javascript\"> var tt_store_content = \"Le <span class='tooltipsall tooltip_post_id_3743 classtoolTips128'>CIRC<\/span> est le&nbsp; \\<a href\\='https\\:\\\/\\\/fr\\.wikipedia\\.org\\\/wiki\\\/Centre_international_de_recherche_sur_le_cancer' target\\='_blank' rel\\='noopener'\\>Centre international de Recherche sur le Cancer\\<\\\/a\\>, cr\u00e9\u00e9 en 1965 par l\u2019\\<a href\\='https\\:\\\/\\\/fr\\.wikipedia\\.org\\\/wiki\\\/Organisation_mondiale_de_la_sant%C3%A9' target\\='_blank' rel\\='noopener'\\>Organisation Mondiale de la Sant\u00e9\\<\\\/a\\> \\(OMS\\) des \\<a href\\='https\\:\\\/\\\/fr\\.wikipedia\\.org\\\/wiki\\\/Organisation_des_Nations_unies' target\\='_blank' rel\\='noopener'\\>Nations Unies\\<\\\/a\\>\\.\"; toolTips('.classtoolTips128',tt_store_content,'3743'); <\/script><script type=\"text\/javascript\"> var tt_store_content = \"\\<\/p>\n<p style\\='text\\-align\\: center;'\\>\\<span style\\='font\\-size\\: 14pt;'\\>\\<strong\\>C\\<\\\/strong\\>entre \\<strong\\>C\\<\\\/strong\\>ommunal d'\\<strong\\>A\\<\\\/strong\\>ction \\<strong\\>S\\<\\\/strong\\>ociale\\<\\\/span\\>\\<\\\/p\\><br \/>\\<\/p>\n<p style\\='text\\-align\\: justify;'\\>Un centre communal d'action sociale \\(<span class='tooltipsall tooltip_post_id_18100 classtoolTips132'>CCAS<\/span>\\) est, en France, un \u00e9tablissement public administr\u00e9 par un conseil d'administration pr\u00e9sid\u00e9 par le maire de la commune\\. Il a pour mission d'animer une action g\u00e9n\u00e9rale de pr\u00e9vention et de d\u00e9veloppement social au sein de la commune en liaison \u00e9troite avec les institutions publiques et priv\u00e9es\\<\\\/p\\>\"; toolTips('.classtoolTips132',tt_store_content,'18100'); <\/script><script type=\"text\/javascript\"> var tt_store_content = \"\\<p\\><span class='tooltipsall tooltip_post_id_19394 classtoolTips134'>SAGE<\/span> \\= \\<span class\\='st'\\> sch\u00e9ma d'am\u00e9nagement et de gestion de l'eau\\<\\\/span\\> , c'est un outil de planification qui concerne l'ensemble des eaux situ\u00e9es dans un bassin versant\\<\\\/p\\>\"; toolTips('.classtoolTips134',tt_store_content,'19394'); <\/script><script type=\"text\/javascript\"> var tt_store_content = \"\\<\/p>\n<p style\\='text\\-align\\: center;'\\>\\<strong\\>\\<span style\\='font\\-size\\: 14pt;'\\>S\\<\\\/span\\>\\<\\\/strong\\>\\<span style\\='font\\-size\\: 14pt;'\\>oci\u00e9t\u00e9 d'\\<strong\\>\u00c9\\<\\\/strong\\>conomie \\<strong\\>M\\<\\\/strong\\>ixte\\<\\\/span\\>\\<\\\/p\\><br \/>\\<\/p>\n<p style\\='text\\-align\\: justify;'\\>En France, une soci\u00e9t\u00e9 d'\u00e9conomie mixte est une soci\u00e9t\u00e9 anonyme dont le capital est majoritairement d\u00e9tenu par une ou plusieurs personnes publiques \\(\u00e0 savoir l'\u00c9tat, une Collectivit\u00e9 territoriale, ou tout autre \u00c9tablissement public\\)\\. Cette participation majoritaire publique est plafonn\u00e9e \u00e0 85&nbsp;% du capital depuis la Loi du 2 janvier 2002\\. Au moins une personne priv\u00e9e doit participer au capital de la <span class='tooltipsall tooltip_post_id_7168 classtoolTips142'>SEM<\/span>, sachant qu'il peut s'agir d'une autre SEM\\.\\<\\\/p\\><br \/>\\<\/p>\n<p style\\='text\\-align\\: justify;'\\>\\<strong\\>Le recours \u00e0 la SEM garantit\\<\\\/strong\\> \u00e0 la collectivit\u00e9 publique actionnaire et cocontractante \\<strong\\>la prise en compte effective de l'int\u00e9r\u00eat g\u00e9n\u00e9ral\\<\\\/strong\\> dans les objectifs de l'entreprise \\<strong\\>et la souplesse de la soci\u00e9t\u00e9 de droit priv\u00e9\\<\\\/strong\\>\\.\\<\\\/p\\><br \/>\\<em\\>\\<a href\\='https\\:\\\/\\\/fr\\.wikipedia\\.org\\\/wiki\\\/Soci%C3%A9t%C3%A9_d%27%C3%A9conomie_mixte' target\\='_blank' rel\\='noopener'\\>Voir ici la page Wikipedia consacr\u00e9e aux SEM\\<\\\/a\\> \\<\\\/em\\><\/p>\n<p>&nbsp;\"; toolTips('.classtoolTips142',tt_store_content,'7168'); <\/script><script type=\"text\/javascript\"> var tt_store_content = \"\\<\/p>\n<p style\\='text\\-align\\: center;'\\>\\<span style\\='font\\-size\\: 14pt;'\\>\\<strong\\>I\\<\\\/strong\\>mp\u00f4t sur la \\<strong\\>F\\<\\\/strong\\>ortune \\<strong\\>I\\<\\\/strong\\>mmobili\u00e8re\\<\\\/span\\>\\<\\\/p\\>\"; toolTips('.classtoolTips148',tt_store_content,'5643'); <\/script><script type=\"text\/javascript\"> var tt_store_content = \"\\<\/p>\n<p style\\='text\\-align\\: center;'\\>\\<span style\\='font\\-size\\: 14pt;'\\>\\<strong\\>R\\<\\\/strong\\>\u00e9pertoire \\<strong\\>N\\<\\\/strong\\>ational des \\<strong\\>A\\<\\\/strong\\>ssociations\\<\\\/span\\>\\<\\\/p\\>\"; toolTips('.classtoolTips159',tt_store_content,'24374'); <\/script><script type=\"text\/javascript\"> var tt_store_content = \"\\<\/p>\n<p style\\='text\\-align\\: center;'\\>\\<strong\\>\\<span style\\='font\\-size\\: 14pt;'\\>G\\<\\\/span\\>\\<\\\/strong\\>\\<span style\\='font\\-size\\: 14pt;'\\>az \u00e0 \\<strong\\>E\\<\\\/strong\\>ffet de \\<strong\\>S\\<\\\/strong\\>erre\\<\\\/span\\>\\<\\\/p\\><br \/>\\<\/p>\n<p style\\='text\\-align\\: justify;'\\>Les gaz \u00e0 effet de serre \\(<span class='tooltipsall tooltip_post_id_7232 classtoolTips161'>GES<\/span>\\) sont des composants gazeux qui absorbent le rayonnement infrarouge \u00e9mis par la surface terrestre et contribuent \u00e0 l'effet de serre\\. L'augmentation de leur concentration dans l'atmosph\u00e8re terrestre est l'un des facteurs \u00e0 l'origine du r\u00e9chauffement climatique\\.\\<\\\/p\\><br \/>\\<a href\\='https\\:\\\/\\\/fr\\.wikipedia\\.org\\\/wiki\\\/Gaz_%C3%A0_effet_de_serre' target\\='_blank' rel\\='noopener'\\>\\<em\\>Voir ici la fiche Wikipedia sur les gaz \u00e0 effet de serre\\<\\\/em\\>\\<\\\/a\\>\"; toolTips('.classtoolTips161',tt_store_content,'7232'); <\/script><script type=\"text\/javascript\"> var tt_store_content = \"\\<\/p>\n<p style\\='text\\-align\\: justify'\\>La \u00ab\u00a0\\<b\\>programmation pluriannuelle de l'\u00e9nergie\\<\\\/b\\>\u00a0\u00bb \\(<span class='tooltipsall tooltip_post_id_7750 classtoolTips164'>PPE<\/span>\\) est, en France, un document strat\u00e9gique de pilotage de la transition \u00e9nerg\u00e9tique\\. Institu\u00e9e par l'article 176 de la \\<a title\\='Loi relative \u00e0 la transition \u00e9nerg\u00e9tique pour la croissance verte' href\\='https\\:\\\/\\\/fr\\.wikipedia\\.org\\\/wiki\\\/Loi_relative_%C3%A0_la_transition_%C3%A9nerg%C3%A9tique_pour_la_croissance_verte'\\>loi de transition \u00e9nerg\u00e9tique\\<\\\/a\\> \\(TECV\\), elle fixe une trajectoire pour le \\<a title\\='Mix \u00e9nerg\u00e9tique' href\\='https\\:\\\/\\\/fr\\.wikipedia\\.org\\\/wiki\\\/Mix_%C3%A9nerg%C3%A9tique'\\>mix \u00e9nerg\u00e9tique\\<\\\/a\\>, ainsi que \\<span class\\='citation'\\>\u00ab\u00a0les priorit\u00e9s d'action pour la gestion de l\u2019ensemble des formes d'\u00e9nergie sur le territoire m\u00e9tropolitain continental, afin d\u2019atteindre les objectifs nationaux fix\u00e9s par la loi\u00a0\u00bb\\<\\\/span\\>\\. \\(Wikip\u00e9dia\\)\\<\\\/p\\>\"; toolTips('.classtoolTips164',tt_store_content,'7750'); <\/script><script type=\"text\/javascript\"> var tt_store_content = \"\\<\/p>\n<p style\\='text\\-align\\: justify'\\>La \u00ab\u00a0\\<b\\>programmation pluriannuelle de l'\u00e9nergie\\<\\\/b\\>\u00a0\u00bb \\(PPE\\) est, en France, un document strat\u00e9gique de pilotage de la transition \u00e9nerg\u00e9tique\\. Institu\u00e9e par l'article 176 de la \\<a title\\='Loi relative \u00e0 la transition \u00e9nerg\u00e9tique pour la croissance verte' href\\='https\\:\\\/\\\/fr\\.wikipedia\\.org\\\/wiki\\\/Loi_relative_%C3%A0_la_transition_%C3%A9nerg%C3%A9tique_pour_la_croissance_verte'\\>loi de transition \u00e9nerg\u00e9tique\\<\\\/a\\> \\(TECV\\), elle fixe une trajectoire pour le \\<a title\\='Mix \u00e9nerg\u00e9tique' href\\='https\\:\\\/\\\/fr\\.wikipedia\\.org\\\/wiki\\\/Mix_%C3%A9nerg%C3%A9tique'\\>mix \u00e9nerg\u00e9tique\\<\\\/a\\>, ainsi que \\<span class\\='citation'\\>\u00ab\u00a0les priorit\u00e9s d'action pour la gestion de l\u2019ensemble des formes d'\u00e9nergie sur le territoire m\u00e9tropolitain continental, afin d\u2019atteindre les objectifs nationaux fix\u00e9s par la loi\u00a0\u00bb\\<\\\/span\\>\\. \\(Wikip\u00e9dia\\)\\<\\\/p\\>\"; toolTips('.classtoolTips164',tt_store_content,'7750'); <\/script><script type=\"text\/javascript\"> var tt_store_content = \"\\<\/p>\n<p style\\='text\\-align\\: justify;'\\>Le Conseil d'Orientation des Retraites est une instance qui r\u00e9unit &nbsp;\\<span class\\='st'\\>les principaux acteurs du champ des retraites\\<\\\/span\\> et effectue un travail d'\u00e9tudes et de concertation\\. Compos\u00e9 de parlementaires, de repr\u00e9sentants des organisations professionnelles et syndicales, des retrait\u00e9s et des familles, de membres de l'administration et d'experts, le Conseil d'orientation des retraites \\(<span class='tooltipsall tooltip_post_id_7751 classtoolTips165'>COR<\/span>\\) est plac\u00e9 aupr\u00e8s du Premier ministre\\.\\<\\\/p\\>\"; toolTips('.classtoolTips165',tt_store_content,'7751'); <\/script><script type=\"text\/javascript\"> var tt_store_content = \"Energies Renouvelables\"; toolTips('.classtoolTips167',tt_store_content,'7758'); <\/script><script type=\"text\/javascript\"> var tt_store_content = \"Energies Renouvelables\"; toolTips('.classtoolTips167',tt_store_content,'7758'); <\/script><script type=\"text\/javascript\"> var tt_store_content = \"\\<\/p>\n<p style\\='text\\-align\\: center;'\\>\\<span style\\='font\\-size\\: 14pt;'\\>\\<strong\\>O\\<\\\/strong\\>rganisation \\<strong\\>M\\<\\\/strong\\>\u00e9t\u00e9orologique \\<strong\\>M\\<\\\/strong\\>ondiale<br \/>\\<strong\\>W\\<\\\/strong\\>orld \\<strong\\>M\\<\\\/strong\\>eteorological \\<strong\\>O\\<\\\/strong\\>rganization\\<\\\/span\\>\\<\\\/p\\><br \/>&nbsp;<\/p>\n<p>\\<a href\\='https\\:\\\/\\\/public\\.wmo\\.int\\\/fr' target\\='_blank' rel\\='noopener'\\>\\<em\\>Acc\u00e9der ici au site de l'organisation\\<\\\/em\\>\\<\\\/a\\>\"; toolTips('.classtoolTips168',tt_store_content,'7763'); <\/script><script type=\"text\/javascript\"> var tt_store_content = \"\\<\/p>\n<p style\\='text\\-align\\: center;'\\>\\<span style\\='font\\-size\\: 14pt;'\\>\\<strong\\>\u00c9\\<\\\/strong\\>cole \\<strong\\>N\\<\\\/strong\\>ationale d'\\<strong\\>A\\<\\\/strong\\>dministration\\<\\\/span\\>\\<\\\/p\\>\"; toolTips('.classtoolTips170',tt_store_content,'5213'); <\/script><script type=\"text\/javascript\"> var tt_store_content = \"\\<\/p>\n<p style\\='text\\-align\\: justify'\\>\\<span class\\='ILfuVd'\\>La politique agricole commune \\(\\<b\\><span class='tooltipsall tooltip_post_id_11364 classtoolTips174'>PAC<\/span>\\<\\\/b\\>\\) est une politique mise en place \u00e0 l'\u00e9chelle de l'Union europ\u00e9enne\\. \u00c0 l'origine, elle est fond\u00e9e principalement sur des mesures de contr\u00f4le des prix et de subventionnement, visant \u00e0 moderniser et d\u00e9velopper l'agriculture\\.\\<\\\/span\\> \\(source Wikipedia\\)\\<\\\/p\\>\"; toolTips('.classtoolTips174',tt_store_content,'11364'); <\/script><script type=\"text\/javascript\"> var tt_store_content = \"\\<\/p>\n<p style\\='text\\-align\\: center;'\\>\\<span style\\='font\\-size\\: 14pt;'\\>\\<strong\\>P\\<\\\/strong\\>\\<\\\/span\\>\\<span style\\='font\\-size\\: 14pt;'\\>lan \\<strong\\>L\\<\\\/strong\\>\\<\\\/span\\>\\<span style\\='font\\-size\\: 14pt;'\\>ocal d'\\<strong\\>U\\<\\\/strong\\>\\<\\\/span\\>\\<span style\\='font\\-size\\: 14pt;'\\>rbanisme\\<\\\/span\\>\\<\\\/p\\><br \/>&nbsp;\"; toolTips('.classtoolTips176',tt_store_content,'4979'); <\/script><script type=\"text\/javascript\"> var tt_store_content = \"\\<p\\>Conseil \u00c9conomique et Social\\<\\\/p\\>\"; toolTips('.classtoolTips180',tt_store_content,'29829'); <\/script><script type=\"text\/javascript\"> var tt_store_content = \"\\<p\\><span class='tooltipsall tooltip_post_id_19888 classtoolTips186'>CEA<\/span> \\= Commissariat \u00e0 l'Energie Atomique et aux Energies Alternatives\\. C' est un organisme administratif\u00a0 fran\u00e7ais de recherche scientifique dans les domaines de l'\u00e9nergie , la d\u00e9fense, les technologies de l'information et de la communication, des sciences de la mati\u00e8re, de la vie, de la sant\u00e9\\.\\.\\.\\<\\\/p\\><br \/>\\<p\\>&nbsp;\\<\\\/p\\>\"; toolTips('.classtoolTips186',tt_store_content,'19888'); <\/script><script type=\"text\/javascript\"> var tt_store_content = \"\\<\/p>\n<p style\\='text\\-align\\: center;'\\>\\<span style\\='font\\-size\\: 14pt;'\\>\\<strong\\>A\\<\\\/strong\\>gence \\<strong\\>R\\<\\\/strong\\>\u00e9gionale de \\<strong\\>S\\<\\\/strong\\>ant\u00e9\\<\\\/span\\>\\<\\\/p\\>\"; toolTips('.classtoolTips188',tt_store_content,'18356'); <\/script><script type=\"text\/javascript\"> var tt_store_content = \"\\<\/p>\n<p style\\='text\\-align\\: center;'\\>\\<span style\\='font\\-size\\: 14pt;'\\>\\<strong\\>G\\<\\\/strong\\>roupement \\<strong\\>H\\<\\\/strong\\>ospitalier de \\<strong\\>T\\<\\\/strong\\>erritoire\\<\\\/span\\>\\<\\\/p\\><br \/>\\<\/p>\n<p style\\='text\\-align\\: justify;'\\>Les groupements hospitaliers de territoires, dispositif pr\u00e9vu par la loi de sant\u00e9 2016, sont un nouveau mode de coop\u00e9ration entre les \u00e9tablissements publics de sant\u00e9 \u00e0 l\u2019\u00e9chelle d\u2019un territoire\\<\\\/p\\>\"; toolTips('.classtoolTips189',tt_store_content,'18358'); <\/script><script type=\"text\/javascript\"> var tt_store_content = \"\\<\/p>\n<p style\\='text\\-align\\: center;'\\>\\<span style\\='font\\-size\\: 14pt;'\\>\\<strong\\>C\\<\\\/strong\\>omit\u00e9 \\<strong\\>T\\<\\\/strong\\>echnique d'\\<strong\\>\u00c9\\<\\\/strong\\>tablissement\\<\\\/span\\>\\<\\\/p\\>\"; toolTips('.classtoolTips191',tt_store_content,'18359'); <\/script><script type=\"text\/javascript\"> var tt_store_content = \"\\<\/p>\n<p style\\='text\\-align\\: center;'\\>\\<strong\\>\\<span style\\='font\\-size\\: 14pt;'\\>P\\<\\\/span\\>\\<\\\/strong\\>\\<span style\\='font\\-size\\: 14pt;'\\>rogrammation \\<strong\\>P\\<\\\/strong\\>luri\\-annuelle de l'\\<strong\\>\u00c9\\<\\\/strong\\>nergie\\<\\\/span\\>\\<\\\/p\\><br \/>La PPE est est en France un document strat\u00e9gique de pilotage de la transition \u00e9nerg\u00e9tique\\. Institu\u00e9e par l'article 176 de la loi transition \u00e9nerg\u00e9tique \\(TECV\\)\\. Elle fixe \\(par \u00e9nergie\\) une trajectoire pour le mix \u00e9nerg\u00e9tique, ainsi que \u00ab&nbsp;\\<em\\>les priorit\u00e9s d'action pour la gestion de l\u2019ensemble des formes d'\u00e9nergie sur le territoire m\u00e9tropolitain continental, afin d\u2019atteindre les objectifs nationaux fix\u00e9s par la loi\\<\\\/em\\>&nbsp;\u00bb\\.<\/p>\n<p>Initi\u00e9e en 2016, elle est r\u00e9vis\u00e9e en 2018 puis ensuite tous les 5 ans\\.<\/p>\n<p>\\<a href\\='https\\:\\\/\\\/fr\\.wikipedia\\.org\\\/wiki\\\/Programmation_pluriannuelle_de_l'\u00e9nergi' target\\='_blank' rel\\='noopener'\\>\\<em\\>Voir ici la page Wikipedia consacr\u00e9e \u00e0 la PPE\\<\\\/em\\>\\<\\\/a\\><br \/>\\<a href\\='https\\:\\\/\\\/ppe\\.debatpublic\\.fr\\\/' target\\='_blank' rel\\='noopener'\\>\\<em\\>Voir ici la page du site 'Commission du D\u00e9bat Public' consacr\u00e9e \u00e0 la PPE\\<\\\/em\\>\\<\\\/a\\>\"; toolTips('.classtoolTips193',tt_store_content,'7102'); <\/script><script type=\"text\/javascript\"> var tt_store_content = \"\\<\/p>\n<p style\\='text\\-align\\: center;'\\>\\<span style\\='font\\-size\\: 14pt;'\\>\\<strong\\>E\\<\\\/strong\\>volutionary \\<strong\\>P\\<\\\/strong\\>ower \\<strong\\>R\\<\\\/strong\\>eactor\\<\\\/span\\>\\<\\\/p\\><br \/>\\<\/p>\n<p style\\='text\\-align\\: justify;'\\>R\u00e9acteur nucl\u00e9aire de troisi\u00e8me g\u00e9n\u00e9ration \\(classification internationale\\), con\u00e7u et d\u00e9velopp\u00e9 par <span class='tooltipsall tooltip_post_id_5121 classtoolTips35'>Areva NP<\/span>&nbsp; au cours des ann\u00e9es 1990 et 2000\\. Il fait partie de la fili\u00e8re des r\u00e9acteurs \u00e0 eau pressuris\u00e9e\\.\\<\\\/p\\><br \/>\\<a href\\='https\\:\\\/\\\/fr\\.wikipedia\\.org\\\/wiki\\\/R%C3%A9acteur_pressuris%C3%A9_europ%C3%A9en' target\\='_blank' rel\\='noopener'\\>\\<em\\>Voir ici la fiche Wikipedia <span class='tooltipsall tooltip_post_id_5579 classtoolTips196'>EPR<\/span>\\<\\\/em\\>\\<\\\/a\\>\"; toolTips('.classtoolTips196',tt_store_content,'5579'); <\/script><script type=\"text\/javascript\"> var tt_store_content = \"\\<p\\><span class='tooltipsall tooltip_post_id_21204 classtoolTips199'>COV<\/span> \\= Compos\u00e9 Organique Volatile\\<\\\/p\\>\"; toolTips('.classtoolTips199',tt_store_content,'21204'); <\/script><script type=\"text\/javascript\"> var tt_store_content = \"\\<\/p>\n<p style\\='text\\-align\\: center;'\\>\\<strong\\>\\<span style\\='font\\-size\\: 14pt;'\\>R\\<\\\/span\\>\\<\\\/strong\\>\\<span style\\='font\\-size\\: 14pt;'\\>eferendum d'\\<strong\\>I\\<\\\/strong\\>nitiative \\<strong\\>C\\<\\\/strong\\>itoyenne\\<\\\/span\\>\\<\\\/p\\>\"; toolTips('.classtoolTips205',tt_store_content,'12268'); <\/script><script type=\"text\/javascript\"> var tt_store_content = \"\\<p\\><span class='tooltipsall tooltip_post_id_25844 classtoolTips208'>RTE<\/span> \\= R\u00e9seau de Transport d'Electricit\u00e9 est une filiale d'<span class='tooltipsall tooltip_post_id_7035 classtoolTips178'>EDF<\/span> qui est l'actionnaire majoritaire avec 50,1% des parts le reste \u00e9tant partag\u00e9 par la CDC et la CNP\\<\\\/p\\>\"; toolTips('.classtoolTips208',tt_store_content,'25844'); <\/script><script type=\"text\/javascript\"> var tt_store_content = \"\\<\/p>\n<p style\\='text\\-align\\: center;'\\>\\<span style\\='font\\-size\\: 14pt;'\\>\\<strong\\>O\\<\\\/strong\\>rganisation\\<strong\\> N\\<\\\/strong\\>on\\<strong\\> G\\<\\\/strong\\>ouvernementale\\<\\\/span\\>\\<\\\/p\\><br \/>Une organisation non gouvernementale \\(<span class='tooltipsall tooltip_post_id_3579 classtoolTips210'>ONG<\/span>\\) est une \\<a title\\='Association \u00e0 but non lucratif' href\\='https\\:\\\/\\\/fr\\.wikipedia\\.org\\\/wiki\\\/Association_%C3%A0_but_non_lucratif' target\\='_blank' rel\\='noopener'\\>association \u00e0 but non lucratif\\<\\\/a\\>, d'int\u00e9r\u00eat public, qui ne rel\u00e8ve ni de l'\u00c9tat, ni d'institutions internationales\\<sup id\\='cite_ref\\-novethic_1\\-0' class\\='reference'\\>\\<\\\/sup\\>\\. Les ONG n'ont pas le statut de sujet de \\<a title\\='Droit international public' href\\='https\\:\\\/\\\/fr\\.wikipedia\\.org\\\/wiki\\\/Droit_international_public' target\\='_blank' rel\\='noopener'\\>droit international\\<\\\/a\\>\\.\"; toolTips('.classtoolTips210',tt_store_content,'3579'); <\/script><script type=\"text\/javascript\"> var tt_store_content = \"\\<\/p>\n<p style\\='text\\-align\\: center;'\\>\\<span style\\='font\\-size\\: 14pt;'\\>\\<strong\\>O\\<\\\/strong\\>rganisation\\<strong\\> N\\<\\\/strong\\>on\\<strong\\> G\\<\\\/strong\\>ouvernementale\\<\\\/span\\>\\<\\\/p\\><br \/>Une organisation non gouvernementale \\(ONG\\) est une \\<a title\\='Association \u00e0 but non lucratif' href\\='https\\:\\\/\\\/fr\\.wikipedia\\.org\\\/wiki\\\/Association_%C3%A0_but_non_lucratif' target\\='_blank' rel\\='noopener'\\>association \u00e0 but non lucratif\\<\\\/a\\>, d'int\u00e9r\u00eat public, qui ne rel\u00e8ve ni de l'\u00c9tat, ni d'institutions internationales\\<sup id\\='cite_ref\\-novethic_1\\-0' class\\='reference'\\>\\<\\\/sup\\>\\. Les ONG n'ont pas le statut de sujet de \\<a title\\='Droit international public' href\\='https\\:\\\/\\\/fr\\.wikipedia\\.org\\\/wiki\\\/Droit_international_public' target\\='_blank' rel\\='noopener'\\>droit international\\<\\\/a\\>\\.\"; toolTips('.classtoolTips210',tt_store_content,'3579'); <\/script><script type=\"text\/javascript\"> var tt_store_content = \"\\<p\\><span class='tooltipsall tooltip_post_id_24572 classtoolTips211'>MIT<\/span> \\= Massachussets Institute of Technology, prestigieuse universit\u00e9 am\u00e9ricaine de la c\u00f4te est\\<\\\/p\\>\"; toolTips('.classtoolTips211',tt_store_content,'24572'); <\/script><script type=\"text\/javascript\"> var tt_store_content = \"\\<\/p>\n<p style\\='text\\-align\\: center;'\\>\\<strong\\>J\\<\\\/strong\\>eux \\<strong\\>O\\<\\\/strong\\>lympiques<br \/>ou<br \/>\\<strong\\>J\\<\\\/strong\\>ournal \\<strong\\>O\\<\\\/strong\\>fficiel de la R\u00e9publique Fran\u00e7aise\\<\\\/p\\>\"; toolTips('.classtoolTips213',tt_store_content,'4451'); <\/script><script type=\"text\/javascript\"> var tt_store_content = \"\\<p\\><span class='tooltipsall tooltip_post_id_30593 classtoolTips214'>RN<\/span> \\= Rassemble National, c'est le parti d'extr\u00eame droite de Marine Le Pen qui succ\u00e8de au FN \\= Front National fond\u00e9 par son p\u00e8re Jean Marie Le Pen\\<\\\/p\\>\"; toolTips('.classtoolTips214',tt_store_content,'30593'); <\/script><script type=\"text\/javascript\"> var tt_store_content = \"\\<p\\><span class='tooltipsall tooltip_post_id_30594 classtoolTips215'>LR<\/span> \\= Les R\u00e9publicains, parti politique de droite fond\u00e9 par N; Sakozy qui succ\u00e8de en 2015 \u00e0 l'UMP, Union pour une Mouvement Populaire, fond\u00e9 en 2002 compos\u00e9 de conservateurs et de gaulistes\\.\\.\\.\\.\\<\\\/p\\>\"; toolTips('.classtoolTips215',tt_store_content,'30594'); <\/script><script type=\"text\/javascript\"> var tt_store_content = \"\\<\/p>\n<p style\\='text\\-align\\: center;'\\>\\<span style\\='font\\-size\\: 14pt;'\\>\\<strong\\>C\\<\\\/strong\\>entre \\<strong\\>H\\<\\\/strong\\>ospitalier\\<\\\/span\\>\\<\\\/p\\>\"; toolTips('.classtoolTips220',tt_store_content,'18357'); <\/script><script type=\"text\/javascript\"> var tt_store_content = \"\\<\/p>\n<p style\\='text\\-align\\: center;'\\>\\<strong\\>Mati\u00e8res Particulaires\\<\\\/strong\\><br \/>\\(de l'anglais \\<em\\>\\<strong\\>P\\<\\\/strong\\>articular \\<strong\\>M\\<\\\/strong\\>atter\\)\\<\\\/em\\>\\<\\\/p\\><br \/>Le terme 'mati\u00e8res particulaires' d\u00e9signe les particules en suspension dans l'atmosph\u00e8re terrestre ou dans l'eau\\.<br \/>On les appelle aussi \\<em\\>'particules\\<\\\/em\\> fines'\\.<br \/>La plupart des <span class='tooltipsall tooltip_post_id_4304 classtoolTips221'>PM<\/span> sont class\u00e9es canc\u00e9rig\u00e8nes\\.<\/p>\n<p>Les PM10 sont des mati\u00e8res dont le diam\u00e8tre est inf\u00e9rieur \u00e0&nbsp; 10\u00b5 \\(10 microns, soit 1\\\/100\\<sup\\>\u00e8me\\<\\\/sup\\> de millim\u00e8tre\\)\\.<\/p>\n<p>Voir article sur le site \\<a href\\='https\\:\\\/\\\/www\\.notre\\-planete\\.info\\\/environnement\\\/pollution_air\\\/particules\\-fines\\.php' target\\='_blank' rel\\='noopener'\\>notre\\-planete\\.info\\<\\\/a\\><br \/>Voir \\<a href\\='https\\:\\\/\\\/fr\\.wikipedia\\.org\\\/wiki\\\/Particules_en_suspension' target\\='_blank' rel\\='noopener'\\>fiche Wikipedia\\<\\\/a\\>\"; toolTips('.classtoolTips221',tt_store_content,'4304'); <\/script><script type=\"text\/javascript\"> var tt_store_content = \"\\<\/p>\n<p style\\='text\\-align\\: center;'\\>\\<span style\\='font\\-size\\: 14pt;'\\>\\<strong\\><span class='tooltipsall tooltip_post_id_21736 classtoolTips222'>nm<\/span> \\= n\\<\\\/strong\\>ano\\<strong\\>m\\<\\\/strong\\>\u00e8tre \\<\\\/span\\>\\<\\\/p\\><br \/>\\<\/p>\n<p style\\='text\\-align\\: justify;'\\>\\<em\\>le <span class='tooltipsall tooltip_post_id_21736 classtoolTips222'>nanom\u00e8tre<\/span>, de symbole nm, est une unit\u00e9 de longueur du Syst\u00e8me international\\. C'est un sous\\-multiple du m\u00e8tre, il vaut un milliardi\u00e8me de m\u00e8tre, soit un millioni\u00e8me de millim\u00e8tre\\.\\<\\\/em\\>\\<\\\/p\\><br \/>\\<\/p>\n<p style\\='text\\-align\\: center;'\\>\\<strong\\>\\<em\\> 1 nm \\= 10\u207b\u00b3 \u00b5m \\= 10\\<sup\\>\u20136\\<\\\/sup\\> mm \\= 10\\<sup\\>\u20139\\<\\\/sup\\> m\\.\\<\\\/em\\>\\<\\\/strong\\>\\<\\\/p\\>\"; toolTips('.classtoolTips222',tt_store_content,'21736'); <\/script><script type=\"text\/javascript\"> var tt_store_content = \"\\<p\\>D\u00e9chets radioactifs \u00e0 Haute Activit\u00e9 \\(classement <span class='tooltipsall tooltip_post_id_3612 classtoolTips79'>ANDRA<\/span>\\)\\<\\\/p\\>\"; toolTips('.classtoolTips223',tt_store_content,'19196'); <\/script><\/p>\n","protected":false},"author":23,"featured_media":0,"comment_status":"open","ping_status":"open","sticky":false,"template":"","format":"standard","meta":{"_acf_changed":false,"ngg_post_thumbnail":0,"_jetpack_memberships_contains_paid_content":false,"footnotes":""},"categories":[6,9,5],"tags":[],"coauthors":[96],"class_list":["post-22522","post","type-post","status-publish","format-standard","hentry","category-actu","category-actu_gen","category-rub_pol","edition-edi_00069","type_art-type_art_onclejef","no-thumb"],"acf":[],"jetpack_featured_media_url":"","jetpack_sharing_enabled":true,"jetpack_shortlink":"https:\/\/wp.me\/p9B5TM-5Rg","_links":{"self":[{"href":"https:\/\/le-clairon-nouveau.fr\/wordpress\/wp-json\/wp\/v2\/posts\/22522","targetHints":{"allow":["GET"]}}],"collection":[{"href":"https:\/\/le-clairon-nouveau.fr\/wordpress\/wp-json\/wp\/v2\/posts"}],"about":[{"href":"https:\/\/le-clairon-nouveau.fr\/wordpress\/wp-json\/wp\/v2\/types\/post"}],"author":[{"embeddable":true,"href":"https:\/\/le-clairon-nouveau.fr\/wordpress\/wp-json\/wp\/v2\/users\/23"}],"replies":[{"embeddable":true,"href":"https:\/\/le-clairon-nouveau.fr\/wordpress\/wp-json\/wp\/v2\/comments?post=22522"}],"version-history":[{"count":0,"href":"https:\/\/le-clairon-nouveau.fr\/wordpress\/wp-json\/wp\/v2\/posts\/22522\/revisions"}],"wp:attachment":[{"href":"https:\/\/le-clairon-nouveau.fr\/wordpress\/wp-json\/wp\/v2\/media?parent=22522"}],"wp:term":[{"taxonomy":"category","embeddable":true,"href":"https:\/\/le-clairon-nouveau.fr\/wordpress\/wp-json\/wp\/v2\/categories?post=22522"},{"taxonomy":"post_tag","embeddable":true,"href":"https:\/\/le-clairon-nouveau.fr\/wordpress\/wp-json\/wp\/v2\/tags?post=22522"},{"taxonomy":"author","embeddable":true,"href":"https:\/\/le-clairon-nouveau.fr\/wordpress\/wp-json\/wp\/v2\/coauthors?post=22522"}],"curies":[{"name":"wp","href":"https:\/\/api.w.org\/{rel}","templated":true}]}}