{"id":23282,"date":"2020-11-23T12:30:09","date_gmt":"2020-11-23T11:30:09","guid":{"rendered":"https:\/\/le-clairon-nouveau.fr\/wordpress\/?p=23282"},"modified":"2020-11-19T12:31:18","modified_gmt":"2020-11-19T11:31:18","slug":"approche-anthropologique-de-la-crise-sanitaire","status":"publish","type":"post","link":"https:\/\/le-clairon-nouveau.fr\/wordpress\/blog\/2020\/11\/23\/approche-anthropologique-de-la-crise-sanitaire\/","title":{"rendered":"Approche anthropologique de la crise sanitaire"},"content":{"rendered":"<p><img data-recalc-dims=\"1\" loading=\"lazy\" decoding=\"async\" class=\" wp-image-19114 aligncenter\" src=\"https:\/\/i0.wp.com\/le-clairon-nouveau.fr\/wordpress\/wp-content\/uploads\/2019\/06\/La-Chronique-d%E2%80%99oncle-JEF.jpg?resize=233%2C52&#038;ssl=1\" alt=\"\" width=\"233\" height=\"52\" srcset=\"https:\/\/i0.wp.com\/le-clairon-nouveau.fr\/wordpress\/wp-content\/uploads\/2019\/06\/La-Chronique-d%E2%80%99oncle-JEF.jpg?resize=300%2C67&amp;ssl=1 300w, https:\/\/i0.wp.com\/le-clairon-nouveau.fr\/wordpress\/wp-content\/uploads\/2019\/06\/La-Chronique-d%E2%80%99oncle-JEF.jpg?resize=768%2C172&amp;ssl=1 768w, https:\/\/i0.wp.com\/le-clairon-nouveau.fr\/wordpress\/wp-content\/uploads\/2019\/06\/La-Chronique-d%E2%80%99oncle-JEF.jpg?w=912&amp;ssl=1 912w\" sizes=\"auto, (max-width: 233px) 100vw, 233px\" \/><\/p>\n<p style=\"text-align: justify\">\u00a0\u00a0\u00a0\u00a0\u00a0\u00a0\u00a0\u00a0\u00a0\u00a0\u00a0 L\u2019anthropologie du grec <em>antr\u00f4pos<\/em>\u00a0: homme, et <em>logos\u00a0<\/em>: science, parole, discours, est l\u2019\u00e9tude de la dimension sociale de l\u2019homme, avec de nombreuses et diverses sous-disciplines\u00a0: sociales, culturelles, \u00e9conomiques, politiques, religieuses, physiques ou biologiques voire mol\u00e9culaires, ou encore la pal\u00e9oanthropologie\u2026 C\u2019est un domaine vaste et int\u00e9ressant\u00a0!<br \/>\nCitons Claude L\u00c9VI-STRAUSS, anthropologue\u00a0: <em>\u00ab\u00a0l\u2019homme est un corps, un esprit, un \u00eatre relationnel avec les autres et l\u2019univers\u00a0\u00bb. <br \/>\n<\/em>L\u2019anthropologie incite \u00e0 \u00ab\u00a0penser et comprendre\u00a0\u00bb l\u2019unit\u00e9 de l\u2019homme \u00e0 travers la diversit\u00e9 des cultures, il est question de la fa\u00e7on dont nous nous comportons, nous construisons notre soci\u00e9t\u00e9\u2026 et bien s\u00fbr dont nous mourrons.<br \/>\nD\u2019o\u00f9 ma question\u00a0: comment la crise sanitaire actuelle a-t-elle g\u00e9n\u00e9r\u00e9 une telle \u00e9pid\u00e9mie de peur\u00a0? Au fond, elle nous a rappel\u00e9 la fragilit\u00e9 de notre condition, et r\u00e9aliment\u00e9 nos vieilles angoisses m\u00e9taphysiques, nos peurs collectives, notre rapport avec la mort, avec notre mort\u2026<\/p>\n<p style=\"text-align: center\"><img data-recalc-dims=\"1\" loading=\"lazy\" decoding=\"async\" class=\" wp-image-23283 aligncenter\" src=\"https:\/\/i0.wp.com\/le-clairon-nouveau.fr\/wordpress\/wp-content\/uploads\/2020\/11\/fantasy-Image-par-S.-Hermann-F.-Richter-de-Pixabay.jpg?resize=617%2C284&#038;ssl=1\" alt=\"\" width=\"617\" height=\"284\" srcset=\"https:\/\/i0.wp.com\/le-clairon-nouveau.fr\/wordpress\/wp-content\/uploads\/2020\/11\/fantasy-Image-par-S.-Hermann-F.-Richter-de-Pixabay.jpg?resize=300%2C138&amp;ssl=1 300w, https:\/\/i0.wp.com\/le-clairon-nouveau.fr\/wordpress\/wp-content\/uploads\/2020\/11\/fantasy-Image-par-S.-Hermann-F.-Richter-de-Pixabay.jpg?resize=1024%2C470&amp;ssl=1 1024w, https:\/\/i0.wp.com\/le-clairon-nouveau.fr\/wordpress\/wp-content\/uploads\/2020\/11\/fantasy-Image-par-S.-Hermann-F.-Richter-de-Pixabay.jpg?resize=768%2C353&amp;ssl=1 768w, https:\/\/i0.wp.com\/le-clairon-nouveau.fr\/wordpress\/wp-content\/uploads\/2020\/11\/fantasy-Image-par-S.-Hermann-F.-Richter-de-Pixabay.jpg?w=1280&amp;ssl=1 1280w\" sizes=\"auto, (max-width: 617px) 100vw, 617px\" \/><span style=\"font-size: 8pt\"><strong><em>fantasme-Image par S. Hermann &amp; F. Richter de Pixabay<\/em><\/strong><\/span><\/p>\n<p><strong><span style=\"font-size: 14pt\">Ah ! La mort\u00a0!..<\/span>. <\/strong><\/p>\n<p style=\"text-align: justify\">Dans nos soci\u00e9t\u00e9s, dites \u00ab\u00a0civilis\u00e9es\u00a0\u00bb, quelquefois au plus mauvais sens du terme, on \u00ab\u00a0met de c\u00f4t\u00e9\u00a0\u00bb la mort, on escamote sa pr\u00e9sence, on jette sur elle un voile pudique. Jusqu\u2019\u00e0, quelquefois, avoir des difficult\u00e9s pour en parler. Et ceci a, immanquablement, de graves cons\u00e9quences sur la fa\u00e7on dont nous conduisons notre vie quotidienne !<br \/>\nPlaton et Cic\u00e9ron, disaient <em>\u00ab\u00a0Philosopher, c\u2019est apprendre \u00e0 mourir\u00a0\u00bb<\/em>. Et Montaigne a rajout\u00e9 <em>\u00ab\u00a0apprendre \u00e0 mourir, c\u2019est apprendre \u00e0 vivre\u00a0\u00bb <\/em>Mais comment philosopher quand nous nous r\u00e9fugions dans la peur\u00a0?<br \/>\nTh\u00e8me \u00f4 combien anxiog\u00e8ne\u00a0! Ouvrant ainsi un vaste champ \u00e0 toutes les manipulations\u2026 (Voir chronique de mai 2019 \u00ab\u00a0\u00c9mancipation ou manipulation de l\u2019individu\u00a0\u00bb)<\/p>\n<p style=\"text-align: justify\"><strong>Tout commence avec Sapiens, et surement avant. <br \/>\n<\/strong>Sapiens a toujours v\u00e9cu dans des milieux, o\u00f9 il \u00e9tait en grand danger, o\u00f9 chaque jour se posait la question de manger ou d\u2019\u00eatre mang\u00e9<em>, et m\u00eame des virus le mena\u00e7aient d\u00e9j\u00e0\u00a0!<\/em> Les \u00e9l\u00e9ments naturels qu\u2019il ne comprenait pas comme les orages, les tremblements de terre, etc. laissaient place \u00e0 toutes les interpr\u00e9tations. Dans un tel contexte, il fallait bien se rassurer, donner une r\u00e9ponse \u00e0 <span class='tooltipsall tooltip_post_id_29829 classtoolTips180'>ces<\/span> peurs\u2026 C\u2019est, pourquoi je pense que Sapiens, animal social, depuis l\u2019aube des temps, a pass\u00e9 son temps \u00e0 se raconter des histoires, \u00e0 imaginer et construire des mythes qui nous fa\u00e7onnent encore. Ce ne sont jamais de pures inventions. Et si elles sont souvent factuellement fausses, elles sont bien r\u00e9elles dans leur dimension psychologique !<br \/>\nIl s\u2019agit en effet d\u2019un syst\u00e8me symbolique qui tend \u00e0 r\u00e9pondre \u00e0 la question\u00a0: qui sommes-nous\u00a0?<br \/>\nElie Wiesel\u00a0disait :<em> \u00ab Dieu a cr\u00e9\u00e9 l\u2019homme, ou le contraire, parce qu\u2019il aimait les histoires \u00bb.<\/em>\u00a0<br \/>\nPas \u00e9tonnant qu\u2019\u00e0 travers la civilisation, la prise de parole se fasse souvent \u00e0 partir de <em>\u00ab\u00a0Il \u00e9tait une fois\u00a0\u00bb.<\/em> La bible ne d\u00e9bute-t-elle pas sur ces mots <em>\u00ab\u00a0Au commencement\u2026\u00a0\u00bb\u00a0<\/em>! <em>\u00a0<br \/>\n<\/em>Raconter une histoire, notre histoire. Le r\u00e9cit est le premier rem\u00e8de contre tout mal.<br \/>\nImaginez Sapiens face \u00e0 une mort qu\u2019il ne comprend pas\u2026 Qu\u2019aujourd\u2019hui nous ne comprenons gu\u00e8re plus. Qui d\u2019ailleurs a des comp\u00e9tences pour en parler\u00a0? Personne n\u2019en est revenu, donc personne ne sait vraiment ce qu\u2019est la mort. Ce qui fait dire \u00e0 E. CIORAN <em>\u00ab\u00a0L\u2019avantage de se pencher sur la mort, c\u2019est que l\u2019on peut dire n\u2019importe quoi\u00a0!\u00a0\u00bb <\/em><\/p>\n<p style=\"text-align: justify\"><em><strong>Il ne s\u2019agit pas de vaincre la mort, mais de lui donner un sens, afin de pr\u00eater moins le flanc aux interpr\u00e9tations et manipulations.<br \/>\n<\/strong><\/em>Or, dans son incommensurable orgueil, l\u2019homme veut se croire immortel. S. FREUD disait <em>\u00ab\u00a0Nous nous savons tous mortels, mais notre inconscient nous croit immortel\u00a0\u00bb<br \/>\n<\/em>Tout est mis en \u0153uvre pour occulter cette \u00e9vidence, qui pourtant nous habite d\u00e8s les premiers instants de notre existence\u00a0: la mort nous met les menottes aux poignets&#8230; Il peut appara\u00eetre banal de rappeler que les \u00eatres humains soient mortels et, en m\u00eame temps, il leur semble insupportable de le concevoir. Et tout sera mis en \u0153uvre pour occulter cela\u2026<br \/>\nLa mort\u00a0? C\u2019est toujours celle de l\u2019autre. Pas la mienne\u00a0!<br \/>\nEt sans cesse notre ego, par son imagination d\u00e9bordante, a construit des remparts de s\u00e9curit\u00e9 et d\u2019ordre. Nous enfermant pour se prot\u00e9ger dans une prison faite de pr\u00e9tentions, de faux-semblants, emp\u00eachant ainsi une sorte de \u00ab\u00a0l\u00e2cher-prise\u00a0\u00bb, afin de rendre l\u2019homme plus vivant\u2026 face \u00e0 la mort.<br \/>\nD\u00e9passer cela, c\u2019est entreprendre un chantier colossal dans notre soci\u00e9t\u00e9, compos\u00e9e d\u2019egos de plus en plus surdimensionn\u00e9s\u2026<br \/>\nPar o\u00f9 commencer\u00a0? On pense d\u2019abord aux religions\u00a0qui parlent de la vie apr\u00e8s la mort. Imaginez les religions sans cette peur\u00a0de la mort ?<\/p>\n<p style=\"text-align: justify\">Est-ce que les \u00eatres humains de tout temps auraient \u00e9t\u00e9 aussi sensibles aux discours des pr\u00eatres de toute religion, et autres proph\u00e8tes, s\u2019ils n\u2019avaient connu ni l\u2019angoisse, ni la peur de mourir\u00a0?<br \/>\nEst-ce que les religions existeraient si l\u2019homme n\u2019\u00e9tait pas conscient de la fragilit\u00e9 de son existence\u00a0?<br \/>\nLa mort lance un d\u00e9fi \u00e0 la raison, suscite des croyances irrationnelles. Comme souvent avec ce que l\u2019on ne conna\u00eet pas, la mort nourrit les superstitions\u2026 Cette faiblesse de l\u2019individu, si c\u2019en est une, fait toute la force des religions. Toutes nous parlent d\u2019\u00e9ternit\u00e9 ou de paradis, avec un \u00e9ventuel purgatoire pour ceux qui auraient manqu\u00e9 le premier examen\u00a0!<br \/>\nG\u00e9nial\u00a0! Quelle imagination\u00a0! C\u2019est ce que l\u2019on appelle une croyance\u00a0! Chaque \u00e9poque a ses croyances, ou a cru \u00e0 cela ou \u00e0 ceci. \u00a0<br \/>\nNous ne comprenons pas ce passage du connu vers l\u2019inconnu, alors que nous avons un besoin essentiel que tout soit expliqu\u00e9. Tout ceci me semble humain, profond\u00e9ment et normalement humain. Posons que l\u2019\u00eatre humain est naturellement croyant, je dirai mieux\u00a0: esp\u00e9rant. Souvenons-nous, toutefois, que l\u2019esp\u00e9rance fait partie de la boite de Pandore. \u00c0 force d\u2019esp\u00e9rer le bonheur pour demain, nous oublions de vivre aujourd\u2019hui\u2026<br \/>\nDIDEROT pensait : <em>\u00ab Dieu est une invention qui fournit aux questions particuli\u00e8rement m\u00e9taphysiques, des r\u00e9ponses si obscures et si insatisfaisantes, qu\u2019elles poussent des hommes \u00e0 se <span class='tooltipsall tooltip_post_id_19196 classtoolTips223'>ha<\/span>\u00efr, et \u00e0 s\u2019entr\u2019\u00e9gorger\u00a0\u00bb <br \/>\n<\/em>Le XIX\u00b0 si\u00e8cle a cru dans la R\u00e9publique, le XX\u00b0 si\u00e8cle dans les R\u00e9volutions\u2026 Et le XIX\u00b0 si\u00e8cle ne croit ni \u00e0 l\u2019une, ni \u00e0 l\u2019autre.<\/p>\n<p style=\"text-align: justify\">Depuis 200 ans, au d\u00e9but de la r\u00e9volution industrielle, nous avons construit, d\u00e9velopp\u00e9 un syst\u00e8me, bas\u00e9 sur le scientisme, autour d\u2019une nouvelle croyance <em>car il faut bien \u00e9changer<\/em>\u00a0; celle en notre nouveau dieu immat\u00e9riel, intemporel et incontournable\u00a0: <strong>le March\u00e9\u00a0! Tel un dieu<\/strong>\u2026 \u00ab\u00a0IL est\u00a0\u00bb et \u00e9dicte sa loi\u00a0: celle du march\u00e9. Tout ce qui n\u2019est pas inscrit dans la \u00ab\u00a0loi du\u00a0march\u00e9\u00a0\u00bb est rejet\u00e9. Et \u00e7a tombe bien\u00a0: sa \u00ab\u00a0main serait invisible\u00a0\u00bb\u00a0! Se soustraire \u00e0 sa volont\u00e9, s\u2019en \u00e9carter, c\u2019est \u00eatre class\u00e9 p\u00e9jorativement comme h\u00e9r\u00e9tique\u2026 Souvenons-nous qu\u2019est consid\u00e9r\u00e9 comme h\u00e9r\u00e9tique quelqu\u2019un sortant du cadre, chose qui aujourd\u2019hui me semble plus que jamais n\u00e9cessaire\u2026<em> Aujourd\u2019hui, ne pas vouloir changer est une forme de suicide. <br \/>\n<\/em><strong>Le dieu March\u00e9<\/strong> <em>a construit son syst\u00e8me qui <\/em>exerce une influence majeure en utilisant tous les outils des ordres religieux\u2026 Il \u00e9l\u00e8ve des temples : sa bourse avec son cr\u00e9do mon\u00e9taire. Ses centres commerciaux pour le bas peuple, avec sa loi du pouvoir d\u2019achat, son rite des soldes, ses slogans publicitaires qui ont pris le relais des discours religieux, tels des \u00e9vangiles, tout aussi prometteurs, voire trompeurs\u2026 cr\u00e9ant des illusions consum\u00e9ristes\u2026 Et les consommateurs ont le sentiment d\u2019y retrouver leur compte, voire de quoi esp\u00e9rer (encore\u00a0!). Ses pr\u00eatres, pr\u00e9dicateurs et moines soldats, formant un clerg\u00e9 m\u00e9diatique : des \u00ab\u00a0experts \u00e9conomistes\u00a0\u00bb, des \u00ab\u00a0\u00e9ditocrates\u00a0\u00bb, omnipr\u00e9sents dans les m\u00e9dias, lesquels sont aux mains des plus riches. Ils diffusent leurs mantras, leurs pr\u00eaches constamment. Ils nous sermonnent en reprenant l\u2019id\u00e9e du paradis qui alors serait terrestre\u2026 Souvenez-vous d\u2019Alain MINC avec sa \u00ab\u00a0mondialisation heureuse\u00a0!\u00a0\u00bb En fait de paradis sur terre, je ne vois que les paradis fiscaux, avec un enfer pour les plus pauvres\u00a0!<br \/>\nSans oublier, bien s\u00fbr, le haut clerg\u00e9 de ce dieu March\u00e9, form\u00e9 par une \u00e9lite, qui pr\u00e9tend servir l\u2019\u00c9tat, qui est normalement en charge du bien commun et qui a trahi le peuple en devenant une <span class='tooltipsall tooltip_post_id_5217 classtoolTips24'>oligarchie<\/span> travaillant pour les biens priv\u00e9s de personnes hyper minoritaires et ultra-influentes\u2026 Pour ceux-l\u00e0, il faut que nous consommions pour que la machine \u00e9conomique, guid\u00e9e par le dieu-march\u00e9, fonctionne\u00a0et croisse !<\/p>\n<p><strong>Le dieu-march\u00e9<\/strong>, comme les religions jadis, a organis\u00e9 nos vies et notre soci\u00e9t\u00e9 entre\u00a0:<\/p>\n<ul>\n<li style=\"text-align: justify\">Ceux qui travaillent risquent constamment le burn-out (voire le bore-out),\u00a0occup\u00e9s dans des luttes quotidiennes comp\u00e9titives, \u00e0 la recherche du bien-\u00eatre par une consommation fr\u00e9n\u00e9tique, assur\u00e9e par une ascension hi\u00e9rarchique continue. Un travail accablant\u00a0!<\/li>\n<li style=\"text-align: justify\">Et ceux qui sont exclus et culpabilis\u00e9s, qui se d\u00e9battent dans des contraintes \u00e9conomiques, sociales journali\u00e8res. Une activit\u00e9 \u00e9puisante\u00a0!<\/li>\n<\/ul>\n<p style=\"text-align: justify\">Dans les deux cas, <em>tellement attir\u00e9s par la possession et la consommation<\/em>, nous passons notre temps \u00e0 \u00ab\u00a0gagner\u00a0\u00bb notre vie\u2026 pour peut \u00eatre finalement la perdre\u00a0! Une forme de \u00ab\u00a0bougisme\u00a0\u00bb, qui nous laisse peu de temps pour nous-m\u00eames ou pour les autres, ou encore pour s\u2019engager dans des actions politiques, syndicales, associatives, culturelles, artistiques, etc. <em>Le march\u00e9 produit des richesses, il ne produit en soi ni solidarit\u00e9, ni valeurs, ni projet, ni sens. <br \/>\n<\/em>Et tous, nous nous retrouvons devant des informations, souvent t\u00e9l\u00e9visuelles, invasives, compos\u00e9es de temps de publicit\u00e9 mix\u00e9s avec des temps de propagande\u2026 Le tout suivi d\u2019un feuilleton ou d\u2019un film qui vous emm\u00e8nera dans les bras de Morph\u00e9e avec l\u2019aide d\u2019un tranquillisant\u00a0!\u00a0<br \/>\nToujours moins de temps disponible dans nos cerveaux pour r\u00e9fl\u00e9chir \u00e0 ce que nous sommes, ce que nous faisons!\u00a0 <br \/>\nLe discours dominant, \u00e9conomique et m\u00e9dical, rend nos soci\u00e9t\u00e9s malades par l\u2019angoisse qu\u2019il g\u00e9n\u00e8re. Il s\u2019agit de consid\u00e9rer la vie comme un combat et la mort comme un \u00e9chec\u2026 Pour affronter cela, chacun se drogue, soit \u00e0 l\u2019argent ou au pouvoir, ou encore d\u2019autres substances reconnues comme toxiques, tels le tabac, l\u2019alcool sans oublier l\u2019arsenal de drogues illicites.<br \/>\nDans ces conditions, comment s\u2019\u00e9tonner que les humains se sentent mal\u2026 Alors ils se pr\u00e9cipitent chez le psychiatre, le m\u00e9decin, le pharmacien\u2026 Ils s\u2019empoisonnent la vie en consommant des montagnes de m\u00e9dicaments pour le plus grand bonheur de \u00ab\u00a0Big pharma\u00a0\u00bb. \u00a0<\/p>\n<p style=\"text-align: justify\">Et voil\u00e0 qu\u2019<strong>un virus invisible <\/strong>viendrait, par la peur qu\u2019il entra\u00eene, faire turbuler le syst\u00e8me encore davantage\u00a0! <em>Dans ce moment o\u00f9 nous avons d\u00e9truit dieu, nous allons perdre notre religion consum\u00e9riste\u00a0? <\/em>Et la peur se d\u00e9veloppe, ouvrant un champ illimit\u00e9 aux manipulations, ici, maintenant et ailleurs.<br \/>\nFace \u00e0 cela, quelles strat\u00e9gies d\u00e9velopper\u00a0?<br \/>\nCelle de la \u00ab\u00a0<strong>servitude volontaire\u00a0\u00bb<\/strong> d\u00e9crite par La BO\u00c9TIE en 1576. (Voir chronique du mois d\u2019octobre sur la manipulation du coronavirus), <strong>ou \u00e0 l\u2019oppos\u00e9,<\/strong> celle propos\u00e9e par Hannah Arendt qui \u00e9voque <strong>l\u2019esprit de d\u00e9sob\u00e9issance<\/strong> et qui nous dit \u00ab\u00a0quand quelque chose ne tourne pas rond dans la soci\u00e9t\u00e9, il faut <strong>r\u00e9sister,\u00a0la d\u00e9sob\u00e9issance morale est la cl\u00e9 du progr\u00e8s<\/strong>\u00a0\u00bb.<br \/>\n<strong>Alors servitude ou d\u00e9sob\u00e9issance ? <br \/>\n<\/strong>Rosa Luxembourg r\u00e9pond : \u00ab <em>Ceux qui ne bougent pas ne sentent pas leurs chaines\u00a0\u00bb<\/em><\/p>\n<p style=\"text-align: justify\"><strong>Servitude\u00a0?<\/strong> On y va\u00a0! Avec l\u2019annonce d\u2019un \u00ab\u00a0passeport sanitaire\u00a0\u00bb, r\u00e9serv\u00e9 \u00e0 ceux qui suivent les consignes, ceux qui seront vaccin\u00e9s, ceux qui accepteront d\u2019\u00eatre traqu\u00e9s au moyen leurs smartphones\u00a0; tout \u00e7a en attendant de \u00ab\u00a0b\u00e9n\u00e9ficier\u00a0\u00bb, comme en Chine, du \u00ab\u00a0cr\u00e9dit social\u00a0\u00bb, r\u00e9serv\u00e9 \u00e0 ceux qui ont un bon comportement. Tu ob\u00e9is et tu as droit. Sinon tu es puni\u00a0!<br \/>\n<strong>D\u00e9sob\u00e9issance ou remise en cause du syst\u00e8me\u00a0? <\/strong>Pouvons-nous continuer \u00e0 nous laisser contr\u00f4ler par une <strong>poign\u00e9e de n\u00e9vros\u00e9s, voire de psychopathes\u00a0<\/strong>et leur opposer <span style=\"text-decoration: line-through\">\u00e0<\/span> une<strong> petite poign\u00e9e de r\u00e9sistants <\/strong>pour sauver notre monde et proposer autre chose\u00a0?<br \/>\nCombien se disent lib\u00e9r\u00e9s alors qu\u2019ils adorent la servitude\u00a0?<br \/>\nEt voil\u00e0 o\u00f9 nous m\u00e8ne la peur, particuli\u00e8rement celle de mourir, dans ses diff\u00e9rentes cons\u00e9quences. Souvenons-nous que tant que nous aurons peur, nous ne serons pas dangereux. Si nous sommes incapables de vaincre cette peur, d\u2019acqu\u00e9rir la libert\u00e9 d\u2019action n\u00e9cessaire pour affronter les enjeux \u00e9cologiques colossaux qui peuvent aller jusqu\u2019\u00e0 la mise en p\u00e9ril de notre soci\u00e9t\u00e9, voire de l\u2019humanit\u00e9, alors quelle chance avons-nous d\u2019\u00e9viter l\u2019effondrement de cette soci\u00e9t\u00e9\u00a0? \u00a0<\/p>\n<p style=\"text-align: justify\"><strong><span style=\"font-size: 12pt\">Pour conclure<\/span><br \/>\n<\/strong>Imaginez, 2 minutes, que notre soci\u00e9t\u00e9 se mette \u00e0 changer, \u00e0 partir d\u2019une r\u00e9flexion authentique sur la mort et sur le sens de notre vie, de nos vies. Beaucoup de choses seraient alors diff\u00e9rentes\u00a0: tant au niveau de la probl\u00e9matique de l&rsquo;avoir et de l&rsquo;\u00eatre&#8230; que de l&rsquo;\u00e9ducation de nos enfants, des jeunes, des vieux, de la maladie, de l&rsquo;habitat, du travail, de l&rsquo;urbanisme&#8230; etc.<br \/>\nNous pourrions alors construire une autre philosophie de la vie, qui pourrait modifier notre existence.<br \/>\nIncontestablement, notre soci\u00e9t\u00e9 contemporaine a besoin d\u2019autres histoires que celles qui nous sont serin\u00e9es et que nous r\u00e9p\u00e9tons \u00e0 notre tour, en creusant notre malheur. Posons-nous la question : que valent ces mythes et ces histoires qui circulent aujourd\u2019hui dans notre soci\u00e9t\u00e9 ?<br \/>\nQuestion \u00f4 combien difficile qui justifierait de nombreux d\u00e9bats, de nombreuses remises en cause. Ceci au moment o\u00f9 notre soci\u00e9t\u00e9 \u00e9touffe derri\u00e8re des masques improbables et des confinements destructeurs de notre soci\u00e9t\u00e9.<\/p>\n<p style=\"text-align: right\"><em>Oncle JEF pour le Clairon de l\u2019Atax le 16\/11\/2020<\/em><\/p>\n<script type=\"text\/javascript\"> var tt_store_content = \"\\<p style\\='text\\-align\\: justify;'\\>Une oligarchie \\(du grec ancien \\<em\\>\u1f40\u03bb\u03b9\u03b3\u03b1\u03c1\u03c7\u03af\u03b1 \\\/ oligarkh\u00eda\\<\\\/em\\>, d\u00e9riv\u00e9 de \\<em\\>\u1f40\u03bb\u03af\u03b3\u03bf\u03c2 \\\/ ol\u00edgos\\<\\\/em\\> \\[\u00ab&nbsp;\\<em\\>petit\\<\\\/em\\>&nbsp;\u00bb, \u00ab&nbsp;\\<em\\>peu nombreux\\<\\\/em\\>&nbsp;\u00bb\\], et \\<em\\>\u1f04\u03c1\u03c7\u03c9 \\\/ \u00e1rkh\u00f4\\<\\\/em\\> \\[\u00ab&nbsp;\\<em\\>commander\\<\\\/em\\>&nbsp;\u00bb\\]\\) est une forme de gouvernement o\u00f9 le pouvoir est r\u00e9serv\u00e9 \u00e0 un petit groupe de personnes qui forment une classe dominante \\<em\\>\\(d\u00e9finition fournie par Wikipedia\\)\\<\\\/em\\>\\<\\\/p\\>\"; toolTips('.classtoolTips24',tt_store_content,'5217'); <\/script><script type=\"text\/javascript\"> var tt_store_content = \"Le <span class='tooltipsall tooltip_post_id_3743 classtoolTips128'>CIRC<\/span> est le&nbsp; \\<a href\\='https\\:\\\/\\\/fr\\.wikipedia\\.org\\\/wiki\\\/Centre_international_de_recherche_sur_le_cancer' target\\='_blank' rel\\='noopener'\\>Centre international de Recherche sur le Cancer\\<\\\/a\\>, cr\u00e9\u00e9 en 1965 par l\u2019\\<a href\\='https\\:\\\/\\\/fr\\.wikipedia\\.org\\\/wiki\\\/Organisation_mondiale_de_la_sant%C3%A9' target\\='_blank' rel\\='noopener'\\>Organisation Mondiale de la Sant\u00e9\\<\\\/a\\> \\(OMS\\) des \\<a href\\='https\\:\\\/\\\/fr\\.wikipedia\\.org\\\/wiki\\\/Organisation_des_Nations_unies' target\\='_blank' rel\\='noopener'\\>Nations Unies\\<\\\/a\\>\\.\"; toolTips('.classtoolTips128',tt_store_content,'3743'); <\/script><script type=\"text\/javascript\"> var tt_store_content = \"\\<p\\><span class='tooltipsall tooltip_post_id_19394 classtoolTips134'>SAGE<\/span> \\= \\<span class\\='st'\\> sch\u00e9ma d'am\u00e9nagement et de gestion de l'eau\\<\\\/span\\> , c'est un outil de planification qui concerne l'ensemble des eaux situ\u00e9es dans un bassin versant\\<\\\/p\\>\"; toolTips('.classtoolTips134',tt_store_content,'19394'); <\/script><script type=\"text\/javascript\"> var tt_store_content = \"\\<p style\\='text\\-align\\: center;'\\>\\<strong\\>\\<span style\\='font\\-size\\: 14pt;'\\>S\\<\\\/span\\>\\<\\\/strong\\>\\<span style\\='font\\-size\\: 14pt;'\\>oci\u00e9t\u00e9 d'\\<strong\\>\u00c9\\<\\\/strong\\>conomie \\<strong\\>M\\<\\\/strong\\>ixte\\<\\\/span\\>\\<\\\/p\\><br\/>\\<p style\\='text\\-align\\: justify;'\\>En France, une soci\u00e9t\u00e9 d'\u00e9conomie mixte est une soci\u00e9t\u00e9 anonyme dont le capital est majoritairement d\u00e9tenu par une ou plusieurs personnes publiques \\(\u00e0 savoir l'\u00c9tat, une Collectivit\u00e9 territoriale, ou tout autre \u00c9tablissement public\\)\\. Cette participation majoritaire publique est plafonn\u00e9e \u00e0 85&nbsp;% du capital depuis la Loi du 2 janvier 2002\\. Au moins une personne priv\u00e9e doit participer au capital de la <span class='tooltipsall tooltip_post_id_7168 classtoolTips142'>SEM<\/span>, sachant qu'il peut s'agir d'une autre SEM\\.\\<\\\/p\\><br\/>\\<p style\\='text\\-align\\: justify;'\\>\\<strong\\>Le recours \u00e0 la SEM garantit\\<\\\/strong\\> \u00e0 la collectivit\u00e9 publique actionnaire et cocontractante \\<strong\\>la prise en compte effective de l'int\u00e9r\u00eat g\u00e9n\u00e9ral\\<\\\/strong\\> dans les objectifs de l'entreprise \\<strong\\>et la souplesse de la soci\u00e9t\u00e9 de droit priv\u00e9\\<\\\/strong\\>\\.\\<\\\/p\\><br\/>\\<em\\>\\<a href\\='https\\:\\\/\\\/fr\\.wikipedia\\.org\\\/wiki\\\/Soci%C3%A9t%C3%A9_d%27%C3%A9conomie_mixte' target\\='_blank' rel\\='noopener'\\>Voir ici la page Wikipedia consacr\u00e9e aux SEM\\<\\\/a\\> \\<\\\/em\\><br\/><br\/>&nbsp;\"; toolTips('.classtoolTips142',tt_store_content,'7168'); <\/script><script type=\"text\/javascript\"> var tt_store_content = \"\\<p style\\='text\\-align\\: center;'\\>\\<span style\\='font\\-size\\: 14pt;'\\>\\<strong\\>I\\<\\\/strong\\>mp\u00f4t sur la \\<strong\\>F\\<\\\/strong\\>ortune \\<strong\\>I\\<\\\/strong\\>mmobili\u00e8re\\<\\\/span\\>\\<\\\/p\\>\"; toolTips('.classtoolTips148',tt_store_content,'5643'); <\/script><script type=\"text\/javascript\"> var tt_store_content = \"\\<p style\\='text\\-align\\: center;'\\>\\<strong\\>Imp\u00f4t de Solidarit\u00e9 sur la Fortune\\<\\\/strong\\>\\<\\\/p\\>\"; toolTips('.classtoolTips149',tt_store_content,'3596'); <\/script><script type=\"text\/javascript\"> var tt_store_content = \"\\<p style\\='text\\-align\\: center;'\\>\\<span style\\='font\\-size\\: 14pt;'\\>\\<strong\\>R\\<\\\/strong\\>\u00e9pertoire \\<strong\\>N\\<\\\/strong\\>ational des \\<strong\\>A\\<\\\/strong\\>ssociations\\<\\\/span\\>\\<\\\/p\\>\"; toolTips('.classtoolTips159',tt_store_content,'24374'); <\/script><script type=\"text\/javascript\"> var tt_store_content = \"\\<p style\\='text\\-align\\: center;'\\>\\<strong\\>\\<span style\\='font\\-size\\: 14pt;'\\>G\\<\\\/span\\>\\<\\\/strong\\>\\<span style\\='font\\-size\\: 14pt;'\\>az \u00e0 \\<strong\\>E\\<\\\/strong\\>ffet de \\<strong\\>S\\<\\\/strong\\>erre\\<\\\/span\\>\\<\\\/p\\><br\/>\\<p style\\='text\\-align\\: justify;'\\>Les gaz \u00e0 effet de serre \\(<span class='tooltipsall tooltip_post_id_7232 classtoolTips161'>GES<\/span>\\) sont des composants gazeux qui absorbent le rayonnement infrarouge \u00e9mis par la surface terrestre et contribuent \u00e0 l'effet de serre\\. L'augmentation de leur concentration dans l'atmosph\u00e8re terrestre est l'un des facteurs \u00e0 l'origine du r\u00e9chauffement climatique\\.\\<\\\/p\\><br\/>\\<a href\\='https\\:\\\/\\\/fr\\.wikipedia\\.org\\\/wiki\\\/Gaz_%C3%A0_effet_de_serre' target\\='_blank' rel\\='noopener'\\>\\<em\\>Voir ici la fiche Wikipedia sur les gaz \u00e0 effet de serre\\<\\\/em\\>\\<\\\/a\\>\"; toolTips('.classtoolTips161',tt_store_content,'7232'); <\/script><script type=\"text\/javascript\"> var tt_store_content = \"\\<p style\\='text\\-align\\: justify'\\>La \u00ab\u00a0\\<b\\>programmation pluriannuelle de l'\u00e9nergie\\<\\\/b\\>\u00a0\u00bb \\(<span class='tooltipsall tooltip_post_id_7750 classtoolTips164'>PPE<\/span>\\) est, en France, un document strat\u00e9gique de pilotage de la transition \u00e9nerg\u00e9tique\\. Institu\u00e9e par l'article 176 de la \\<a title\\='Loi relative \u00e0 la transition \u00e9nerg\u00e9tique pour la croissance verte' href\\='https\\:\\\/\\\/fr\\.wikipedia\\.org\\\/wiki\\\/Loi_relative_%C3%A0_la_transition_%C3%A9nerg%C3%A9tique_pour_la_croissance_verte'\\>loi de transition \u00e9nerg\u00e9tique\\<\\\/a\\> \\(TECV\\), elle fixe une trajectoire pour le \\<a title\\='Mix \u00e9nerg\u00e9tique' href\\='https\\:\\\/\\\/fr\\.wikipedia\\.org\\\/wiki\\\/Mix_%C3%A9nerg%C3%A9tique'\\>mix \u00e9nerg\u00e9tique\\<\\\/a\\>, ainsi que \\<span class\\='citation'\\>\u00ab\u00a0les priorit\u00e9s d'action pour la gestion de l\u2019ensemble des formes d'\u00e9nergie sur le territoire m\u00e9tropolitain continental, afin d\u2019atteindre les objectifs nationaux fix\u00e9s par la loi\u00a0\u00bb\\<\\\/span\\>\\. \\(Wikip\u00e9dia\\)\\<\\\/p\\>\"; toolTips('.classtoolTips164',tt_store_content,'7750'); <\/script><script type=\"text\/javascript\"> var tt_store_content = \"\\<p style\\='text\\-align\\: justify'\\>La \u00ab\u00a0\\<b\\>programmation pluriannuelle de l'\u00e9nergie\\<\\\/b\\>\u00a0\u00bb \\(PPE\\) est, en France, un document strat\u00e9gique de pilotage de la transition \u00e9nerg\u00e9tique\\. Institu\u00e9e par l'article 176 de la \\<a title\\='Loi relative \u00e0 la transition \u00e9nerg\u00e9tique pour la croissance verte' href\\='https\\:\\\/\\\/fr\\.wikipedia\\.org\\\/wiki\\\/Loi_relative_%C3%A0_la_transition_%C3%A9nerg%C3%A9tique_pour_la_croissance_verte'\\>loi de transition \u00e9nerg\u00e9tique\\<\\\/a\\> \\(TECV\\), elle fixe une trajectoire pour le \\<a title\\='Mix \u00e9nerg\u00e9tique' href\\='https\\:\\\/\\\/fr\\.wikipedia\\.org\\\/wiki\\\/Mix_%C3%A9nerg%C3%A9tique'\\>mix \u00e9nerg\u00e9tique\\<\\\/a\\>, ainsi que \\<span class\\='citation'\\>\u00ab\u00a0les priorit\u00e9s d'action pour la gestion de l\u2019ensemble des formes d'\u00e9nergie sur le territoire m\u00e9tropolitain continental, afin d\u2019atteindre les objectifs nationaux fix\u00e9s par la loi\u00a0\u00bb\\<\\\/span\\>\\. \\(Wikip\u00e9dia\\)\\<\\\/p\\>\"; toolTips('.classtoolTips164',tt_store_content,'7750'); <\/script><script type=\"text\/javascript\"> var tt_store_content = \"\\<p style\\='text\\-align\\: justify;'\\>Le Conseil d'Orientation des Retraites est une instance qui r\u00e9unit &nbsp;\\<span class\\='st'\\>les principaux acteurs du champ des retraites\\<\\\/span\\> et effectue un travail d'\u00e9tudes et de concertation\\. Compos\u00e9 de parlementaires, de repr\u00e9sentants des organisations professionnelles et syndicales, des retrait\u00e9s et des familles, de membres de l'administration et d'experts, le Conseil d'orientation des retraites \\(<span class='tooltipsall tooltip_post_id_7751 classtoolTips165'>COR<\/span>\\) est plac\u00e9 aupr\u00e8s du Premier ministre\\.\\<\\\/p\\>\"; toolTips('.classtoolTips165',tt_store_content,'7751'); <\/script><script type=\"text\/javascript\"> var tt_store_content = \"\\<p style\\='text\\-align\\: center;'\\>\\<span style\\='font\\-size\\: 14pt;'\\>\\<strong\\>O\\<\\\/strong\\>rganisation \\<strong\\>M\\<\\\/strong\\>\u00e9t\u00e9orologique \\<strong\\>M\\<\\\/strong\\>ondiale<br\/>\\<strong\\>W\\<\\\/strong\\>orld \\<strong\\>M\\<\\\/strong\\>eteorological \\<strong\\>O\\<\\\/strong\\>rganization\\<\\\/span\\>\\<\\\/p\\><br\/>&nbsp;<br\/><br\/>\\<a href\\='https\\:\\\/\\\/public\\.wmo\\.int\\\/fr' target\\='_blank' rel\\='noopener'\\>\\<em\\>Acc\u00e9der ici au site de l'organisation\\<\\\/em\\>\\<\\\/a\\>\"; toolTips('.classtoolTips168',tt_store_content,'7763'); <\/script><script type=\"text\/javascript\"> var tt_store_content = \"\\<p style\\='text\\-align\\: center;'\\>\\<span style\\='font\\-size\\: 14pt;'\\>\\<strong\\>\u00c9\\<\\\/strong\\>cole \\<strong\\>N\\<\\\/strong\\>ationale d'\\<strong\\>A\\<\\\/strong\\>dministration\\<\\\/span\\>\\<\\\/p\\>\"; toolTips('.classtoolTips170',tt_store_content,'5213'); <\/script><script type=\"text\/javascript\"> var tt_store_content = \"\\<p style\\='text\\-align\\: center;'\\>\\<span style\\='font\\-size\\: 14pt;'\\>\u00c9cole des<br\/>\\<strong\\>H\\<\\\/strong\\>autes \\<strong\\>\u00c9\\<\\\/strong\\>tudes \\<strong\\>C\\<\\\/strong\\>ommerciales\\<\\\/span\\>\\<\\\/p\\>\"; toolTips('.classtoolTips171',tt_store_content,'5214'); <\/script><script type=\"text\/javascript\"> var tt_store_content = \"\\<p style\\='text\\-align\\: center;'\\>\\<span style\\='font\\-size\\: 14pt;'\\>\\<strong\\>P\\<\\\/strong\\>\\<\\\/span\\>\\<span style\\='font\\-size\\: 14pt;'\\>lan \\<strong\\>L\\<\\\/strong\\>\\<\\\/span\\>\\<span style\\='font\\-size\\: 14pt;'\\>ocal d'\\<strong\\>U\\<\\\/strong\\>\\<\\\/span\\>\\<span style\\='font\\-size\\: 14pt;'\\>rbanisme\\<\\\/span\\>\\<\\\/p\\><br\/>&nbsp;\"; toolTips('.classtoolTips176',tt_store_content,'4979'); <\/script><script type=\"text\/javascript\"> var tt_store_content = \"\\<p\\>Conseil \u00c9conomique et Social\\<\\\/p\\>\"; toolTips('.classtoolTips180',tt_store_content,'29829'); <\/script><script type=\"text\/javascript\"> var tt_store_content = \"\\<p style\\='text\\-align\\: center;'\\>\\<span style\\='font\\-size\\: 14pt;'\\>\\<strong\\>A\\<\\\/strong\\>gence \\<strong\\>R\\<\\\/strong\\>\u00e9gionale de \\<strong\\>S\\<\\\/strong\\>ant\u00e9\\<\\\/span\\>\\<\\\/p\\>\"; toolTips('.classtoolTips188',tt_store_content,'18356'); <\/script><script type=\"text\/javascript\"> var tt_store_content = \"\\<p style\\='text\\-align\\: center;'\\>\\<span style\\='font\\-size\\: 14pt;'\\>\\<strong\\>G\\<\\\/strong\\>roupement \\<strong\\>H\\<\\\/strong\\>ospitalier de \\<strong\\>T\\<\\\/strong\\>erritoire\\<\\\/span\\>\\<\\\/p\\><br\/>\\<p style\\='text\\-align\\: justify;'\\>Les groupements hospitaliers de territoires, dispositif pr\u00e9vu par la loi de sant\u00e9 2016, sont un nouveau mode de coop\u00e9ration entre les \u00e9tablissements publics de sant\u00e9 \u00e0 l\u2019\u00e9chelle d\u2019un territoire\\<\\\/p\\>\"; toolTips('.classtoolTips189',tt_store_content,'18358'); <\/script><script type=\"text\/javascript\"> var tt_store_content = \"\\<p style\\='text\\-align\\: center;'\\>\\<span style\\='font\\-size\\: 14pt;'\\>\\<strong\\>C\\<\\\/strong\\>omit\u00e9 \\<strong\\>T\\<\\\/strong\\>echnique d'\\<strong\\>\u00c9\\<\\\/strong\\>tablissement\\<\\\/span\\>\\<\\\/p\\>\"; toolTips('.classtoolTips191',tt_store_content,'18359'); <\/script><script type=\"text\/javascript\"> var tt_store_content = \"\\<p style\\='text\\-align\\: center;'\\>\\<strong\\>\\<span style\\='font\\-size\\: 14pt;'\\>P\\<\\\/span\\>\\<\\\/strong\\>\\<span style\\='font\\-size\\: 14pt;'\\>rogrammation \\<strong\\>P\\<\\\/strong\\>luri\\-annuelle de l'\\<strong\\>\u00c9\\<\\\/strong\\>nergie\\<\\\/span\\>\\<\\\/p\\><br\/>La PPE est est en France un document strat\u00e9gique de pilotage de la transition \u00e9nerg\u00e9tique\\. Institu\u00e9e par l'article 176 de la loi transition \u00e9nerg\u00e9tique \\(TECV\\)\\. Elle fixe \\(par \u00e9nergie\\) une trajectoire pour le mix \u00e9nerg\u00e9tique, ainsi que \u00ab&nbsp;\\<em\\>les priorit\u00e9s d'action pour la gestion de l\u2019ensemble des formes d'\u00e9nergie sur le territoire m\u00e9tropolitain continental, afin d\u2019atteindre les objectifs nationaux fix\u00e9s par la loi\\<\\\/em\\>&nbsp;\u00bb\\.<br\/><br\/>Initi\u00e9e en 2016, elle est r\u00e9vis\u00e9e en 2018 puis ensuite tous les 5 ans\\.<br\/><br\/>\\<a href\\='https\\:\\\/\\\/fr\\.wikipedia\\.org\\\/wiki\\\/Programmation_pluriannuelle_de_l'\u00e9nergi' target\\='_blank' rel\\='noopener'\\>\\<em\\>Voir ici la page Wikipedia consacr\u00e9e \u00e0 la PPE\\<\\\/em\\>\\<\\\/a\\><br\/>\\<a href\\='https\\:\\\/\\\/ppe\\.debatpublic\\.fr\\\/' target\\='_blank' rel\\='noopener'\\>\\<em\\>Voir ici la page du site 'Commission du D\u00e9bat Public' consacr\u00e9e \u00e0 la PPE\\<\\\/em\\>\\<\\\/a\\>\"; toolTips('.classtoolTips193',tt_store_content,'7102'); <\/script><script type=\"text\/javascript\"> var tt_store_content = \"\\<p style\\='text\\-align\\: center;'\\>\\<span style\\='font\\-size\\: 14pt;'\\>\\<strong\\>E\\<\\\/strong\\>volutionary \\<strong\\>P\\<\\\/strong\\>ower \\<strong\\>R\\<\\\/strong\\>eactor\\<\\\/span\\>\\<\\\/p\\><br\/>\\<p style\\='text\\-align\\: justify;'\\>R\u00e9acteur nucl\u00e9aire de troisi\u00e8me g\u00e9n\u00e9ration \\(classification internationale\\), con\u00e7u et d\u00e9velopp\u00e9 par <span class='tooltipsall tooltip_post_id_5121 classtoolTips35'>Areva NP<\/span>&nbsp; au cours des ann\u00e9es 1990 et 2000\\. Il fait partie de la fili\u00e8re des r\u00e9acteurs \u00e0 eau pressuris\u00e9e\\.\\<\\\/p\\><br\/>\\<a href\\='https\\:\\\/\\\/fr\\.wikipedia\\.org\\\/wiki\\\/R%C3%A9acteur_pressuris%C3%A9_europ%C3%A9en' target\\='_blank' rel\\='noopener'\\>\\<em\\>Voir ici la fiche Wikipedia <span class='tooltipsall tooltip_post_id_5579 classtoolTips196'>EPR<\/span>\\<\\\/em\\>\\<\\\/a\\>\"; toolTips('.classtoolTips196',tt_store_content,'5579'); <\/script><script type=\"text\/javascript\"> var tt_store_content = \"\\<p style\\='text\\-align\\: center;'\\>\\<strong\\>R\\<\\\/strong\\>\u00e9seau \\<strong\\>A\\<\\\/strong\\>ction \\<strong\\>C\\<\\\/strong\\>limat\\<\\\/p\\><br\/>Le r\u00e9seau Action Climat '\\<em\\>f\u00e9d\u00e8re les associations impliqu\u00e9es dans la lutte contre les changements climatiques et pour une transition \u00e9cologique, solidaire et \u00e9quitable\\<\\\/em\\>'\\.<br\/><br\/>\\<a href\\='https\\:\\\/\\\/reseauactionclimat\\.org\\\/' target\\='_blank' rel\\='noopener'\\>Voir le site du <span class='tooltipsall tooltip_post_id_4309 classtoolTips200'>RAC<\/span>\\<\\\/a\\>\"; toolTips('.classtoolTips200',tt_store_content,'4309'); <\/script><script type=\"text\/javascript\"> var tt_store_content = \"\\<p style\\='text\\-align\\: center;'\\>\\<strong\\>\\<span style\\='font\\-size\\: 14pt;'\\>R\\<\\\/span\\>\\<\\\/strong\\>\\<span style\\='font\\-size\\: 14pt;'\\>eferendum d'\\<strong\\>I\\<\\\/strong\\>nitiative \\<strong\\>C\\<\\\/strong\\>itoyenne\\<\\\/span\\>\\<\\\/p\\>\"; toolTips('.classtoolTips205',tt_store_content,'12268'); <\/script><script type=\"text\/javascript\"> var tt_store_content = \"\\<p\\><span class='tooltipsall tooltip_post_id_25844 classtoolTips208'>RTE<\/span> \\= R\u00e9seau de Transport d'Electricit\u00e9 est une filiale d'<span class='tooltipsall tooltip_post_id_7035 classtoolTips178'>EDF<\/span> qui est l'actionnaire majoritaire avec 50,1% des parts le reste \u00e9tant partag\u00e9 par la CDC et la CNP\\<\\\/p\\>\"; toolTips('.classtoolTips208',tt_store_content,'25844'); <\/script><script type=\"text\/javascript\"> var tt_store_content = \"\\<p style\\='text\\-align\\: center;'\\>\\<span style\\='font\\-size\\: 14pt;'\\>\\<strong\\>O\\<\\\/strong\\>rganisation\\<strong\\> N\\<\\\/strong\\>on\\<strong\\> G\\<\\\/strong\\>ouvernementale\\<\\\/span\\>\\<\\\/p\\><br\/>Une organisation non gouvernementale \\(<span class='tooltipsall tooltip_post_id_3579 classtoolTips210'>ONG<\/span>\\) est une \\<a title\\='Association \u00e0 but non lucratif' href\\='https\\:\\\/\\\/fr\\.wikipedia\\.org\\\/wiki\\\/Association_%C3%A0_but_non_lucratif' target\\='_blank' rel\\='noopener'\\>association \u00e0 but non lucratif\\<\\\/a\\>, d'int\u00e9r\u00eat public, qui ne rel\u00e8ve ni de l'\u00c9tat, ni d'institutions internationales\\<sup id\\='cite_ref\\-novethic_1\\-0' class\\='reference'\\>\\<\\\/sup\\>\\. Les ONG n'ont pas le statut de sujet de \\<a title\\='Droit international public' href\\='https\\:\\\/\\\/fr\\.wikipedia\\.org\\\/wiki\\\/Droit_international_public' target\\='_blank' rel\\='noopener'\\>droit international\\<\\\/a\\>\\.\"; toolTips('.classtoolTips210',tt_store_content,'3579'); <\/script><script type=\"text\/javascript\"> var tt_store_content = \"\\<p style\\='text\\-align\\: center;'\\>\\<span style\\='font\\-size\\: 14pt;'\\>\\<strong\\>O\\<\\\/strong\\>rganisation\\<strong\\> N\\<\\\/strong\\>on\\<strong\\> G\\<\\\/strong\\>ouvernementale\\<\\\/span\\>\\<\\\/p\\><br\/>Une organisation non gouvernementale \\(ONG\\) est une \\<a title\\='Association \u00e0 but non lucratif' href\\='https\\:\\\/\\\/fr\\.wikipedia\\.org\\\/wiki\\\/Association_%C3%A0_but_non_lucratif' target\\='_blank' rel\\='noopener'\\>association \u00e0 but non lucratif\\<\\\/a\\>, d'int\u00e9r\u00eat public, qui ne rel\u00e8ve ni de l'\u00c9tat, ni d'institutions internationales\\<sup id\\='cite_ref\\-novethic_1\\-0' class\\='reference'\\>\\<\\\/sup\\>\\. Les ONG n'ont pas le statut de sujet de \\<a title\\='Droit international public' href\\='https\\:\\\/\\\/fr\\.wikipedia\\.org\\\/wiki\\\/Droit_international_public' target\\='_blank' rel\\='noopener'\\>droit international\\<\\\/a\\>\\.\"; toolTips('.classtoolTips210',tt_store_content,'3579'); <\/script><script type=\"text\/javascript\"> var tt_store_content = \"\\<p\\><span class='tooltipsall tooltip_post_id_24572 classtoolTips211'>MIT<\/span> \\= Massachussets Institute of Technology, prestigieuse universit\u00e9 am\u00e9ricaine de la c\u00f4te est\\<\\\/p\\>\"; toolTips('.classtoolTips211',tt_store_content,'24572'); <\/script><script type=\"text\/javascript\"> var tt_store_content = \"\\<p style\\='text\\-align\\: center;'\\>\\<strong\\>J\\<\\\/strong\\>eux \\<strong\\>O\\<\\\/strong\\>lympiques<br\/>ou<br\/>\\<strong\\>J\\<\\\/strong\\>ournal \\<strong\\>O\\<\\\/strong\\>fficiel de la R\u00e9publique Fran\u00e7aise\\<\\\/p\\>\"; toolTips('.classtoolTips213',tt_store_content,'4451'); <\/script><script type=\"text\/javascript\"> var tt_store_content = \"\\<p\\><span class='tooltipsall tooltip_post_id_30593 classtoolTips214'>RN<\/span> \\= Rassemble National, c'est le parti d'extr\u00eame droite de Marine Le Pen qui succ\u00e8de au FN \\= Front National fond\u00e9 par son p\u00e8re Jean Marie Le Pen\\<\\\/p\\>\"; toolTips('.classtoolTips214',tt_store_content,'30593'); <\/script><script type=\"text\/javascript\"> var tt_store_content = \"\\<p style\\='text\\-align\\: center;'\\>\\<span style\\='font\\-size\\: 14pt;'\\>\\<strong\\>C\\<\\\/strong\\>entre \\<strong\\>H\\<\\\/strong\\>ospitalier\\<\\\/span\\>\\<\\\/p\\>\"; toolTips('.classtoolTips220',tt_store_content,'18357'); <\/script><script type=\"text\/javascript\"> var tt_store_content = \"\\<p\\>D\u00e9chets radioactifs \u00e0 Haute Activit\u00e9 \\(classement <span class='tooltipsall tooltip_post_id_3612 classtoolTips79'>ANDRA<\/span>\\)\\<\\\/p\\>\"; toolTips('.classtoolTips223',tt_store_content,'19196'); <\/script>","protected":false},"excerpt":{"rendered":"<p>Raconter une histoire, notre histoire. Le r\u00e9cit est le premier rem\u00e8de contre tout mal.<script type=\"text\/javascript\"> var tt_store_content = \"\\<\/p>\n<p style\\='text\\-align\\: justify;'\\>Une <span class='tooltipsall tooltip_post_id_5217 classtoolTips24'>oligarchie<\/span> \\(du grec ancien \\<em\\>\u1f40\u03bb\u03b9\u03b3\u03b1\u03c1\u03c7\u03af\u03b1 \\\/ oligarkh\u00eda\\<\\\/em\\>, d\u00e9riv\u00e9 de \\<em\\>\u1f40\u03bb\u03af\u03b3\u03bf\u03c2 \\\/ ol\u00edgos\\<\\\/em\\> \\[\u00ab&nbsp;\\<em\\>petit\\<\\\/em\\>&nbsp;\u00bb, \u00ab&nbsp;\\<em\\>peu nombreux\\<\\\/em\\>&nbsp;\u00bb\\], et \\<em\\>\u1f04\u03c1\u03c7\u03c9 \\\/ \u00e1rkh\u00f4\\<\\\/em\\> \\[\u00ab&nbsp;\\<em\\>commander\\<\\\/em\\>&nbsp;\u00bb\\]\\) est une forme de gouvernement o\u00f9 le pouvoir est r\u00e9serv\u00e9 \u00e0 un petit groupe de personnes qui forment une classe dominante \\<em\\>\\(d\u00e9finition fournie par Wikipedia\\)\\<\\\/em\\>\\<\\\/p\\>\"; toolTips('.classtoolTips24',tt_store_content,'5217'); <\/script><script type=\"text\/javascript\"> var tt_store_content = \"Le <span class='tooltipsall tooltip_post_id_3743 classtoolTips128'>CIRC<\/span> est le&nbsp; \\<a href\\='https\\:\\\/\\\/fr\\.wikipedia\\.org\\\/wiki\\\/Centre_international_de_recherche_sur_le_cancer' target\\='_blank' rel\\='noopener'\\>Centre international de Recherche sur le Cancer\\<\\\/a\\>, cr\u00e9\u00e9 en 1965 par l\u2019\\<a href\\='https\\:\\\/\\\/fr\\.wikipedia\\.org\\\/wiki\\\/Organisation_mondiale_de_la_sant%C3%A9' target\\='_blank' rel\\='noopener'\\>Organisation Mondiale de la Sant\u00e9\\<\\\/a\\> \\(OMS\\) des \\<a href\\='https\\:\\\/\\\/fr\\.wikipedia\\.org\\\/wiki\\\/Organisation_des_Nations_unies' target\\='_blank' rel\\='noopener'\\>Nations Unies\\<\\\/a\\>\\.\"; toolTips('.classtoolTips128',tt_store_content,'3743'); <\/script><script type=\"text\/javascript\"> var tt_store_content = \"\\<p\\><span class='tooltipsall tooltip_post_id_19394 classtoolTips134'>SAGE<\/span> \\= \\<span class\\='st'\\> sch\u00e9ma d'am\u00e9nagement et de gestion de l'eau\\<\\\/span\\> , c'est un outil de planification qui concerne l'ensemble des eaux situ\u00e9es dans un bassin versant\\<\\\/p\\>\"; toolTips('.classtoolTips134',tt_store_content,'19394'); <\/script><script type=\"text\/javascript\"> var tt_store_content = \"\\<\/p>\n<p style\\='text\\-align\\: center;'\\>\\<strong\\>\\<span style\\='font\\-size\\: 14pt;'\\>S\\<\\\/span\\>\\<\\\/strong\\>\\<span style\\='font\\-size\\: 14pt;'\\>oci\u00e9t\u00e9 d'\\<strong\\>\u00c9\\<\\\/strong\\>conomie \\<strong\\>M\\<\\\/strong\\>ixte\\<\\\/span\\>\\<\\\/p\\><br \/>\\<\/p>\n<p style\\='text\\-align\\: justify;'\\>En France, une soci\u00e9t\u00e9 d'\u00e9conomie mixte est une soci\u00e9t\u00e9 anonyme dont le capital est majoritairement d\u00e9tenu par une ou plusieurs personnes publiques \\(\u00e0 savoir l'\u00c9tat, une Collectivit\u00e9 territoriale, ou tout autre \u00c9tablissement public\\)\\. Cette participation majoritaire publique est plafonn\u00e9e \u00e0 85&nbsp;% du capital depuis la Loi du 2 janvier 2002\\. Au moins une personne priv\u00e9e doit participer au capital de la <span class='tooltipsall tooltip_post_id_7168 classtoolTips142'>SEM<\/span>, sachant qu'il peut s'agir d'une autre SEM\\.\\<\\\/p\\><br \/>\\<\/p>\n<p style\\='text\\-align\\: justify;'\\>\\<strong\\>Le recours \u00e0 la SEM garantit\\<\\\/strong\\> \u00e0 la collectivit\u00e9 publique actionnaire et cocontractante \\<strong\\>la prise en compte effective de l'int\u00e9r\u00eat g\u00e9n\u00e9ral\\<\\\/strong\\> dans les objectifs de l'entreprise \\<strong\\>et la souplesse de la soci\u00e9t\u00e9 de droit priv\u00e9\\<\\\/strong\\>\\.\\<\\\/p\\><br \/>\\<em\\>\\<a href\\='https\\:\\\/\\\/fr\\.wikipedia\\.org\\\/wiki\\\/Soci%C3%A9t%C3%A9_d%27%C3%A9conomie_mixte' target\\='_blank' rel\\='noopener'\\>Voir ici la page Wikipedia consacr\u00e9e aux SEM\\<\\\/a\\> \\<\\\/em\\><\/p>\n<p>&nbsp;\"; toolTips('.classtoolTips142',tt_store_content,'7168'); <\/script><script type=\"text\/javascript\"> var tt_store_content = \"\\<\/p>\n<p style\\='text\\-align\\: center;'\\>\\<span style\\='font\\-size\\: 14pt;'\\>\\<strong\\>I\\<\\\/strong\\>mp\u00f4t sur la \\<strong\\>F\\<\\\/strong\\>ortune \\<strong\\>I\\<\\\/strong\\>mmobili\u00e8re\\<\\\/span\\>\\<\\\/p\\>\"; toolTips('.classtoolTips148',tt_store_content,'5643'); <\/script><script type=\"text\/javascript\"> var tt_store_content = \"\\<\/p>\n<p style\\='text\\-align\\: center;'\\>\\<strong\\>Imp\u00f4t de Solidarit\u00e9 sur la Fortune\\<\\\/strong\\>\\<\\\/p\\>\"; toolTips('.classtoolTips149',tt_store_content,'3596'); <\/script><script type=\"text\/javascript\"> var tt_store_content = \"\\<\/p>\n<p style\\='text\\-align\\: center;'\\>\\<span style\\='font\\-size\\: 14pt;'\\>\\<strong\\>R\\<\\\/strong\\>\u00e9pertoire \\<strong\\>N\\<\\\/strong\\>ational des \\<strong\\>A\\<\\\/strong\\>ssociations\\<\\\/span\\>\\<\\\/p\\>\"; toolTips('.classtoolTips159',tt_store_content,'24374'); <\/script><script type=\"text\/javascript\"> var tt_store_content = \"\\<\/p>\n<p style\\='text\\-align\\: center;'\\>\\<strong\\>\\<span style\\='font\\-size\\: 14pt;'\\>G\\<\\\/span\\>\\<\\\/strong\\>\\<span style\\='font\\-size\\: 14pt;'\\>az \u00e0 \\<strong\\>E\\<\\\/strong\\>ffet de \\<strong\\>S\\<\\\/strong\\>erre\\<\\\/span\\>\\<\\\/p\\><br \/>\\<\/p>\n<p style\\='text\\-align\\: justify;'\\>Les gaz \u00e0 effet de serre \\(<span class='tooltipsall tooltip_post_id_7232 classtoolTips161'>GES<\/span>\\) sont des composants gazeux qui absorbent le rayonnement infrarouge \u00e9mis par la surface terrestre et contribuent \u00e0 l'effet de serre\\. L'augmentation de leur concentration dans l'atmosph\u00e8re terrestre est l'un des facteurs \u00e0 l'origine du r\u00e9chauffement climatique\\.\\<\\\/p\\><br \/>\\<a href\\='https\\:\\\/\\\/fr\\.wikipedia\\.org\\\/wiki\\\/Gaz_%C3%A0_effet_de_serre' target\\='_blank' rel\\='noopener'\\>\\<em\\>Voir ici la fiche Wikipedia sur les gaz \u00e0 effet de serre\\<\\\/em\\>\\<\\\/a\\>\"; toolTips('.classtoolTips161',tt_store_content,'7232'); <\/script><script type=\"text\/javascript\"> var tt_store_content = \"\\<\/p>\n<p style\\='text\\-align\\: justify'\\>La \u00ab\u00a0\\<b\\>programmation pluriannuelle de l'\u00e9nergie\\<\\\/b\\>\u00a0\u00bb \\(<span class='tooltipsall tooltip_post_id_7750 classtoolTips164'>PPE<\/span>\\) est, en France, un document strat\u00e9gique de pilotage de la transition \u00e9nerg\u00e9tique\\. Institu\u00e9e par l'article 176 de la \\<a title\\='Loi relative \u00e0 la transition \u00e9nerg\u00e9tique pour la croissance verte' href\\='https\\:\\\/\\\/fr\\.wikipedia\\.org\\\/wiki\\\/Loi_relative_%C3%A0_la_transition_%C3%A9nerg%C3%A9tique_pour_la_croissance_verte'\\>loi de transition \u00e9nerg\u00e9tique\\<\\\/a\\> \\(TECV\\), elle fixe une trajectoire pour le \\<a title\\='Mix \u00e9nerg\u00e9tique' href\\='https\\:\\\/\\\/fr\\.wikipedia\\.org\\\/wiki\\\/Mix_%C3%A9nerg%C3%A9tique'\\>mix \u00e9nerg\u00e9tique\\<\\\/a\\>, ainsi que \\<span class\\='citation'\\>\u00ab\u00a0les priorit\u00e9s d'action pour la gestion de l\u2019ensemble des formes d'\u00e9nergie sur le territoire m\u00e9tropolitain continental, afin d\u2019atteindre les objectifs nationaux fix\u00e9s par la loi\u00a0\u00bb\\<\\\/span\\>\\. \\(Wikip\u00e9dia\\)\\<\\\/p\\>\"; toolTips('.classtoolTips164',tt_store_content,'7750'); <\/script><script type=\"text\/javascript\"> var tt_store_content = \"\\<\/p>\n<p style\\='text\\-align\\: justify'\\>La \u00ab\u00a0\\<b\\>programmation pluriannuelle de l'\u00e9nergie\\<\\\/b\\>\u00a0\u00bb \\(PPE\\) est, en France, un document strat\u00e9gique de pilotage de la transition \u00e9nerg\u00e9tique\\. Institu\u00e9e par l'article 176 de la \\<a title\\='Loi relative \u00e0 la transition \u00e9nerg\u00e9tique pour la croissance verte' href\\='https\\:\\\/\\\/fr\\.wikipedia\\.org\\\/wiki\\\/Loi_relative_%C3%A0_la_transition_%C3%A9nerg%C3%A9tique_pour_la_croissance_verte'\\>loi de transition \u00e9nerg\u00e9tique\\<\\\/a\\> \\(TECV\\), elle fixe une trajectoire pour le \\<a title\\='Mix \u00e9nerg\u00e9tique' href\\='https\\:\\\/\\\/fr\\.wikipedia\\.org\\\/wiki\\\/Mix_%C3%A9nerg%C3%A9tique'\\>mix \u00e9nerg\u00e9tique\\<\\\/a\\>, ainsi que \\<span class\\='citation'\\>\u00ab\u00a0les priorit\u00e9s d'action pour la gestion de l\u2019ensemble des formes d'\u00e9nergie sur le territoire m\u00e9tropolitain continental, afin d\u2019atteindre les objectifs nationaux fix\u00e9s par la loi\u00a0\u00bb\\<\\\/span\\>\\. \\(Wikip\u00e9dia\\)\\<\\\/p\\>\"; toolTips('.classtoolTips164',tt_store_content,'7750'); <\/script><script type=\"text\/javascript\"> var tt_store_content = \"\\<\/p>\n<p style\\='text\\-align\\: justify;'\\>Le Conseil d'Orientation des Retraites est une instance qui r\u00e9unit &nbsp;\\<span class\\='st'\\>les principaux acteurs du champ des retraites\\<\\\/span\\> et effectue un travail d'\u00e9tudes et de concertation\\. Compos\u00e9 de parlementaires, de repr\u00e9sentants des organisations professionnelles et syndicales, des retrait\u00e9s et des familles, de membres de l'administration et d'experts, le Conseil d'orientation des retraites \\(<span class='tooltipsall tooltip_post_id_7751 classtoolTips165'>COR<\/span>\\) est plac\u00e9 aupr\u00e8s du Premier ministre\\.\\<\\\/p\\>\"; toolTips('.classtoolTips165',tt_store_content,'7751'); <\/script><script type=\"text\/javascript\"> var tt_store_content = \"\\<\/p>\n<p style\\='text\\-align\\: center;'\\>\\<span style\\='font\\-size\\: 14pt;'\\>\\<strong\\>O\\<\\\/strong\\>rganisation \\<strong\\>M\\<\\\/strong\\>\u00e9t\u00e9orologique \\<strong\\>M\\<\\\/strong\\>ondiale<br \/>\\<strong\\>W\\<\\\/strong\\>orld \\<strong\\>M\\<\\\/strong\\>eteorological \\<strong\\>O\\<\\\/strong\\>rganization\\<\\\/span\\>\\<\\\/p\\><br \/>&nbsp;<\/p>\n<p>\\<a href\\='https\\:\\\/\\\/public\\.wmo\\.int\\\/fr' target\\='_blank' rel\\='noopener'\\>\\<em\\>Acc\u00e9der ici au site de l'organisation\\<\\\/em\\>\\<\\\/a\\>\"; toolTips('.classtoolTips168',tt_store_content,'7763'); <\/script><script type=\"text\/javascript\"> var tt_store_content = \"\\<\/p>\n<p style\\='text\\-align\\: center;'\\>\\<span style\\='font\\-size\\: 14pt;'\\>\\<strong\\>\u00c9\\<\\\/strong\\>cole \\<strong\\>N\\<\\\/strong\\>ationale d'\\<strong\\>A\\<\\\/strong\\>dministration\\<\\\/span\\>\\<\\\/p\\>\"; toolTips('.classtoolTips170',tt_store_content,'5213'); <\/script><script type=\"text\/javascript\"> var tt_store_content = \"\\<\/p>\n<p style\\='text\\-align\\: center;'\\>\\<span style\\='font\\-size\\: 14pt;'\\>\u00c9cole des<br \/>\\<strong\\>H\\<\\\/strong\\>autes \\<strong\\>\u00c9\\<\\\/strong\\>tudes \\<strong\\>C\\<\\\/strong\\>ommerciales\\<\\\/span\\>\\<\\\/p\\>\"; toolTips('.classtoolTips171',tt_store_content,'5214'); <\/script><script type=\"text\/javascript\"> var tt_store_content = \"\\<\/p>\n<p style\\='text\\-align\\: center;'\\>\\<span style\\='font\\-size\\: 14pt;'\\>\\<strong\\>P\\<\\\/strong\\>\\<\\\/span\\>\\<span style\\='font\\-size\\: 14pt;'\\>lan \\<strong\\>L\\<\\\/strong\\>\\<\\\/span\\>\\<span style\\='font\\-size\\: 14pt;'\\>ocal d'\\<strong\\>U\\<\\\/strong\\>\\<\\\/span\\>\\<span style\\='font\\-size\\: 14pt;'\\>rbanisme\\<\\\/span\\>\\<\\\/p\\><br \/>&nbsp;\"; toolTips('.classtoolTips176',tt_store_content,'4979'); <\/script><script type=\"text\/javascript\"> var tt_store_content = \"\\<p\\>Conseil \u00c9conomique et Social\\<\\\/p\\>\"; toolTips('.classtoolTips180',tt_store_content,'29829'); <\/script><script type=\"text\/javascript\"> var tt_store_content = \"\\<\/p>\n<p style\\='text\\-align\\: center;'\\>\\<span style\\='font\\-size\\: 14pt;'\\>\\<strong\\>A\\<\\\/strong\\>gence \\<strong\\>R\\<\\\/strong\\>\u00e9gionale de \\<strong\\>S\\<\\\/strong\\>ant\u00e9\\<\\\/span\\>\\<\\\/p\\>\"; toolTips('.classtoolTips188',tt_store_content,'18356'); <\/script><script type=\"text\/javascript\"> var tt_store_content = \"\\<\/p>\n<p style\\='text\\-align\\: center;'\\>\\<span style\\='font\\-size\\: 14pt;'\\>\\<strong\\>G\\<\\\/strong\\>roupement \\<strong\\>H\\<\\\/strong\\>ospitalier de \\<strong\\>T\\<\\\/strong\\>erritoire\\<\\\/span\\>\\<\\\/p\\><br \/>\\<\/p>\n<p style\\='text\\-align\\: justify;'\\>Les groupements hospitaliers de territoires, dispositif pr\u00e9vu par la loi de sant\u00e9 2016, sont un nouveau mode de coop\u00e9ration entre les \u00e9tablissements publics de sant\u00e9 \u00e0 l\u2019\u00e9chelle d\u2019un territoire\\<\\\/p\\>\"; toolTips('.classtoolTips189',tt_store_content,'18358'); <\/script><script type=\"text\/javascript\"> var tt_store_content = \"\\<\/p>\n<p style\\='text\\-align\\: center;'\\>\\<span style\\='font\\-size\\: 14pt;'\\>\\<strong\\>C\\<\\\/strong\\>omit\u00e9 \\<strong\\>T\\<\\\/strong\\>echnique d'\\<strong\\>\u00c9\\<\\\/strong\\>tablissement\\<\\\/span\\>\\<\\\/p\\>\"; toolTips('.classtoolTips191',tt_store_content,'18359'); <\/script><script type=\"text\/javascript\"> var tt_store_content = \"\\<\/p>\n<p style\\='text\\-align\\: center;'\\>\\<strong\\>\\<span style\\='font\\-size\\: 14pt;'\\>P\\<\\\/span\\>\\<\\\/strong\\>\\<span style\\='font\\-size\\: 14pt;'\\>rogrammation \\<strong\\>P\\<\\\/strong\\>luri\\-annuelle de l'\\<strong\\>\u00c9\\<\\\/strong\\>nergie\\<\\\/span\\>\\<\\\/p\\><br \/>La PPE est est en France un document strat\u00e9gique de pilotage de la transition \u00e9nerg\u00e9tique\\. Institu\u00e9e par l'article 176 de la loi transition \u00e9nerg\u00e9tique \\(TECV\\)\\. Elle fixe \\(par \u00e9nergie\\) une trajectoire pour le mix \u00e9nerg\u00e9tique, ainsi que \u00ab&nbsp;\\<em\\>les priorit\u00e9s d'action pour la gestion de l\u2019ensemble des formes d'\u00e9nergie sur le territoire m\u00e9tropolitain continental, afin d\u2019atteindre les objectifs nationaux fix\u00e9s par la loi\\<\\\/em\\>&nbsp;\u00bb\\.<\/p>\n<p>Initi\u00e9e en 2016, elle est r\u00e9vis\u00e9e en 2018 puis ensuite tous les 5 ans\\.<\/p>\n<p>\\<a href\\='https\\:\\\/\\\/fr\\.wikipedia\\.org\\\/wiki\\\/Programmation_pluriannuelle_de_l'\u00e9nergi' target\\='_blank' rel\\='noopener'\\>\\<em\\>Voir ici la page Wikipedia consacr\u00e9e \u00e0 la PPE\\<\\\/em\\>\\<\\\/a\\><br \/>\\<a href\\='https\\:\\\/\\\/ppe\\.debatpublic\\.fr\\\/' target\\='_blank' rel\\='noopener'\\>\\<em\\>Voir ici la page du site 'Commission du D\u00e9bat Public' consacr\u00e9e \u00e0 la PPE\\<\\\/em\\>\\<\\\/a\\>\"; toolTips('.classtoolTips193',tt_store_content,'7102'); <\/script><script type=\"text\/javascript\"> var tt_store_content = \"\\<\/p>\n<p style\\='text\\-align\\: center;'\\>\\<span style\\='font\\-size\\: 14pt;'\\>\\<strong\\>E\\<\\\/strong\\>volutionary \\<strong\\>P\\<\\\/strong\\>ower \\<strong\\>R\\<\\\/strong\\>eactor\\<\\\/span\\>\\<\\\/p\\><br \/>\\<\/p>\n<p style\\='text\\-align\\: justify;'\\>R\u00e9acteur nucl\u00e9aire de troisi\u00e8me g\u00e9n\u00e9ration \\(classification internationale\\), con\u00e7u et d\u00e9velopp\u00e9 par <span class='tooltipsall tooltip_post_id_5121 classtoolTips35'>Areva NP<\/span>&nbsp; au cours des ann\u00e9es 1990 et 2000\\. Il fait partie de la fili\u00e8re des r\u00e9acteurs \u00e0 eau pressuris\u00e9e\\.\\<\\\/p\\><br \/>\\<a href\\='https\\:\\\/\\\/fr\\.wikipedia\\.org\\\/wiki\\\/R%C3%A9acteur_pressuris%C3%A9_europ%C3%A9en' target\\='_blank' rel\\='noopener'\\>\\<em\\>Voir ici la fiche Wikipedia <span class='tooltipsall tooltip_post_id_5579 classtoolTips196'>EPR<\/span>\\<\\\/em\\>\\<\\\/a\\>\"; toolTips('.classtoolTips196',tt_store_content,'5579'); <\/script><script type=\"text\/javascript\"> var tt_store_content = \"\\<\/p>\n<p style\\='text\\-align\\: center;'\\>\\<strong\\>R\\<\\\/strong\\>\u00e9seau \\<strong\\>A\\<\\\/strong\\>ction \\<strong\\>C\\<\\\/strong\\>limat\\<\\\/p\\><br \/>Le r\u00e9seau Action Climat '\\<em\\>f\u00e9d\u00e8re les associations impliqu\u00e9es dans la lutte contre les changements climatiques et pour une transition \u00e9cologique, solidaire et \u00e9quitable\\<\\\/em\\>'\\.<\/p>\n<p>\\<a href\\='https\\:\\\/\\\/reseauactionclimat\\.org\\\/' target\\='_blank' rel\\='noopener'\\>Voir le site du <span class='tooltipsall tooltip_post_id_4309 classtoolTips200'>RAC<\/span>\\<\\\/a\\>\"; toolTips('.classtoolTips200',tt_store_content,'4309'); <\/script><script type=\"text\/javascript\"> var tt_store_content = \"\\<\/p>\n<p style\\='text\\-align\\: center;'\\>\\<strong\\>\\<span style\\='font\\-size\\: 14pt;'\\>R\\<\\\/span\\>\\<\\\/strong\\>\\<span style\\='font\\-size\\: 14pt;'\\>eferendum d'\\<strong\\>I\\<\\\/strong\\>nitiative \\<strong\\>C\\<\\\/strong\\>itoyenne\\<\\\/span\\>\\<\\\/p\\>\"; toolTips('.classtoolTips205',tt_store_content,'12268'); <\/script><script type=\"text\/javascript\"> var tt_store_content = \"\\<p\\><span class='tooltipsall tooltip_post_id_25844 classtoolTips208'>RTE<\/span> \\= R\u00e9seau de Transport d'Electricit\u00e9 est une filiale d'<span class='tooltipsall tooltip_post_id_7035 classtoolTips178'>EDF<\/span> qui est l'actionnaire majoritaire avec 50,1% des parts le reste \u00e9tant partag\u00e9 par la CDC et la CNP\\<\\\/p\\>\"; toolTips('.classtoolTips208',tt_store_content,'25844'); <\/script><script type=\"text\/javascript\"> var tt_store_content = \"\\<\/p>\n<p style\\='text\\-align\\: center;'\\>\\<span style\\='font\\-size\\: 14pt;'\\>\\<strong\\>O\\<\\\/strong\\>rganisation\\<strong\\> N\\<\\\/strong\\>on\\<strong\\> G\\<\\\/strong\\>ouvernementale\\<\\\/span\\>\\<\\\/p\\><br \/>Une organisation non gouvernementale \\(<span class='tooltipsall tooltip_post_id_3579 classtoolTips210'>ONG<\/span>\\) est une \\<a title\\='Association \u00e0 but non lucratif' href\\='https\\:\\\/\\\/fr\\.wikipedia\\.org\\\/wiki\\\/Association_%C3%A0_but_non_lucratif' target\\='_blank' rel\\='noopener'\\>association \u00e0 but non lucratif\\<\\\/a\\>, d'int\u00e9r\u00eat public, qui ne rel\u00e8ve ni de l'\u00c9tat, ni d'institutions internationales\\<sup id\\='cite_ref\\-novethic_1\\-0' class\\='reference'\\>\\<\\\/sup\\>\\. Les ONG n'ont pas le statut de sujet de \\<a title\\='Droit international public' href\\='https\\:\\\/\\\/fr\\.wikipedia\\.org\\\/wiki\\\/Droit_international_public' target\\='_blank' rel\\='noopener'\\>droit international\\<\\\/a\\>\\.\"; toolTips('.classtoolTips210',tt_store_content,'3579'); <\/script><script type=\"text\/javascript\"> var tt_store_content = \"\\<\/p>\n<p style\\='text\\-align\\: center;'\\>\\<span style\\='font\\-size\\: 14pt;'\\>\\<strong\\>O\\<\\\/strong\\>rganisation\\<strong\\> N\\<\\\/strong\\>on\\<strong\\> G\\<\\\/strong\\>ouvernementale\\<\\\/span\\>\\<\\\/p\\><br \/>Une organisation non gouvernementale \\(ONG\\) est une \\<a title\\='Association \u00e0 but non lucratif' href\\='https\\:\\\/\\\/fr\\.wikipedia\\.org\\\/wiki\\\/Association_%C3%A0_but_non_lucratif' target\\='_blank' rel\\='noopener'\\>association \u00e0 but non lucratif\\<\\\/a\\>, d'int\u00e9r\u00eat public, qui ne rel\u00e8ve ni de l'\u00c9tat, ni d'institutions internationales\\<sup id\\='cite_ref\\-novethic_1\\-0' class\\='reference'\\>\\<\\\/sup\\>\\. Les ONG n'ont pas le statut de sujet de \\<a title\\='Droit international public' href\\='https\\:\\\/\\\/fr\\.wikipedia\\.org\\\/wiki\\\/Droit_international_public' target\\='_blank' rel\\='noopener'\\>droit international\\<\\\/a\\>\\.\"; toolTips('.classtoolTips210',tt_store_content,'3579'); <\/script><script type=\"text\/javascript\"> var tt_store_content = \"\\<p\\><span class='tooltipsall tooltip_post_id_24572 classtoolTips211'>MIT<\/span> \\= Massachussets Institute of Technology, prestigieuse universit\u00e9 am\u00e9ricaine de la c\u00f4te est\\<\\\/p\\>\"; toolTips('.classtoolTips211',tt_store_content,'24572'); <\/script><script type=\"text\/javascript\"> var tt_store_content = \"\\<\/p>\n<p style\\='text\\-align\\: center;'\\>\\<strong\\>J\\<\\\/strong\\>eux \\<strong\\>O\\<\\\/strong\\>lympiques<br \/>ou<br \/>\\<strong\\>J\\<\\\/strong\\>ournal \\<strong\\>O\\<\\\/strong\\>fficiel de la R\u00e9publique Fran\u00e7aise\\<\\\/p\\>\"; toolTips('.classtoolTips213',tt_store_content,'4451'); <\/script><script type=\"text\/javascript\"> var tt_store_content = \"\\<p\\><span class='tooltipsall tooltip_post_id_30593 classtoolTips214'>RN<\/span> \\= Rassemble National, c'est le parti d'extr\u00eame droite de Marine Le Pen qui succ\u00e8de au FN \\= Front National fond\u00e9 par son p\u00e8re Jean Marie Le Pen\\<\\\/p\\>\"; toolTips('.classtoolTips214',tt_store_content,'30593'); <\/script><script type=\"text\/javascript\"> var tt_store_content = \"\\<\/p>\n<p style\\='text\\-align\\: center;'\\>\\<span style\\='font\\-size\\: 14pt;'\\>\\<strong\\>C\\<\\\/strong\\>entre \\<strong\\>H\\<\\\/strong\\>ospitalier\\<\\\/span\\>\\<\\\/p\\>\"; toolTips('.classtoolTips220',tt_store_content,'18357'); <\/script><script type=\"text\/javascript\"> var tt_store_content = \"\\<p\\>D\u00e9chets radioactifs \u00e0 Haute Activit\u00e9 \\(classement <span class='tooltipsall tooltip_post_id_3612 classtoolTips79'>ANDRA<\/span>\\)\\<\\\/p\\>\"; toolTips('.classtoolTips223',tt_store_content,'19196'); <\/script><\/p>\n","protected":false},"author":23,"featured_media":0,"comment_status":"open","ping_status":"open","sticky":false,"template":"","format":"standard","meta":{"_acf_changed":false,"ngg_post_thumbnail":0,"_jetpack_memberships_contains_paid_content":false,"footnotes":""},"categories":[6,9,5,27],"tags":[],"coauthors":[96],"class_list":["post-23282","post","type-post","status-publish","format-standard","hentry","category-actu","category-actu_gen","category-rub_pol","category-rub","edition-edi_00070","type_art-type_art_onclejef","no-thumb"],"acf":[],"jetpack_featured_media_url":"","jetpack_sharing_enabled":true,"jetpack_shortlink":"https:\/\/wp.me\/p9B5TM-63w","_links":{"self":[{"href":"https:\/\/le-clairon-nouveau.fr\/wordpress\/wp-json\/wp\/v2\/posts\/23282","targetHints":{"allow":["GET"]}}],"collection":[{"href":"https:\/\/le-clairon-nouveau.fr\/wordpress\/wp-json\/wp\/v2\/posts"}],"about":[{"href":"https:\/\/le-clairon-nouveau.fr\/wordpress\/wp-json\/wp\/v2\/types\/post"}],"author":[{"embeddable":true,"href":"https:\/\/le-clairon-nouveau.fr\/wordpress\/wp-json\/wp\/v2\/users\/23"}],"replies":[{"embeddable":true,"href":"https:\/\/le-clairon-nouveau.fr\/wordpress\/wp-json\/wp\/v2\/comments?post=23282"}],"version-history":[{"count":0,"href":"https:\/\/le-clairon-nouveau.fr\/wordpress\/wp-json\/wp\/v2\/posts\/23282\/revisions"}],"wp:attachment":[{"href":"https:\/\/le-clairon-nouveau.fr\/wordpress\/wp-json\/wp\/v2\/media?parent=23282"}],"wp:term":[{"taxonomy":"category","embeddable":true,"href":"https:\/\/le-clairon-nouveau.fr\/wordpress\/wp-json\/wp\/v2\/categories?post=23282"},{"taxonomy":"post_tag","embeddable":true,"href":"https:\/\/le-clairon-nouveau.fr\/wordpress\/wp-json\/wp\/v2\/tags?post=23282"},{"taxonomy":"author","embeddable":true,"href":"https:\/\/le-clairon-nouveau.fr\/wordpress\/wp-json\/wp\/v2\/coauthors?post=23282"}],"curies":[{"name":"wp","href":"https:\/\/api.w.org\/{rel}","templated":true}]}}