{"id":23520,"date":"2020-12-23T12:30:35","date_gmt":"2020-12-23T11:30:35","guid":{"rendered":"https:\/\/le-clairon-nouveau.fr\/wordpress\/?p=23520"},"modified":"2020-12-21T22:46:57","modified_gmt":"2020-12-21T21:46:57","slug":"vers-une-dictature-sanitaire","status":"publish","type":"post","link":"https:\/\/le-clairon-nouveau.fr\/wordpress\/blog\/2020\/12\/23\/vers-une-dictature-sanitaire\/","title":{"rendered":"Vers une dictature sanitaire ?"},"content":{"rendered":"<p><img data-recalc-dims=\"1\" loading=\"lazy\" decoding=\"async\" class=\" wp-image-23521 aligncenter\" src=\"https:\/\/i0.wp.com\/le-clairon-nouveau.fr\/wordpress\/wp-content\/uploads\/2020\/12\/La-Chronique-doncle-JEF.jpg?resize=255%2C57&#038;ssl=1\" alt=\"\" width=\"255\" height=\"57\" srcset=\"https:\/\/i0.wp.com\/le-clairon-nouveau.fr\/wordpress\/wp-content\/uploads\/2020\/12\/La-Chronique-doncle-JEF.jpg?resize=300%2C67&amp;ssl=1 300w, https:\/\/i0.wp.com\/le-clairon-nouveau.fr\/wordpress\/wp-content\/uploads\/2020\/12\/La-Chronique-doncle-JEF.jpg?resize=768%2C172&amp;ssl=1 768w, https:\/\/i0.wp.com\/le-clairon-nouveau.fr\/wordpress\/wp-content\/uploads\/2020\/12\/La-Chronique-doncle-JEF.jpg?w=912&amp;ssl=1 912w\" sizes=\"auto, (max-width: 255px) 100vw, 255px\" \/><\/p>\n<p style=\"text-align: center\"><img data-recalc-dims=\"1\" loading=\"lazy\" decoding=\"async\" class=\" wp-image-23522 aligncenter\" src=\"https:\/\/i0.wp.com\/le-clairon-nouveau.fr\/wordpress\/wp-content\/uploads\/2020\/12\/Image-par-Ria-Sopala-de-Pixabay.jpg?resize=598%2C337&#038;ssl=1\" alt=\"\" width=\"598\" height=\"337\" srcset=\"https:\/\/i0.wp.com\/le-clairon-nouveau.fr\/wordpress\/wp-content\/uploads\/2020\/12\/Image-par-Ria-Sopala-de-Pixabay.jpg?resize=300%2C169&amp;ssl=1 300w, https:\/\/i0.wp.com\/le-clairon-nouveau.fr\/wordpress\/wp-content\/uploads\/2020\/12\/Image-par-Ria-Sopala-de-Pixabay.jpg?resize=1024%2C576&amp;ssl=1 1024w, https:\/\/i0.wp.com\/le-clairon-nouveau.fr\/wordpress\/wp-content\/uploads\/2020\/12\/Image-par-Ria-Sopala-de-Pixabay.jpg?resize=768%2C432&amp;ssl=1 768w, https:\/\/i0.wp.com\/le-clairon-nouveau.fr\/wordpress\/wp-content\/uploads\/2020\/12\/Image-par-Ria-Sopala-de-Pixabay.jpg?w=1280&amp;ssl=1 1280w\" sizes=\"auto, (max-width: 598px) 100vw, 598px\" \/><strong><span style=\"font-size: 8pt\"><em>Image par Ria Sopala de Pixabay<\/em><\/span><\/strong><\/p>\n<p>\u00a0\u00a0\u00a0\u00a0\u00a0\u00a0\u00a0\u00a0\u00a0\u00a0\u00a0 Suite \u00e0 ma chronique d\u2019octobre dernier, intitul\u00e9e\u00a0: \u00ab\u00a0l\u2019inqui\u00e9tante manipulation du coronavirus\u00a0\u00bb, je voudrais prolonger ici ma r\u00e9flexion. Nous avions d\u2019abord constat\u00e9 l\u2019impr\u00e9paration de notre syst\u00e8me de protection sanitaire et m\u00e9dicale, depuis des ann\u00e9es, du fait d\u2019une<strong> politique n\u00e9olib\u00e9rale destructrice,\u00a0men\u00e9e par les gouvernements qui se sont succ\u00e9d\u00e9s au fil des ans : <\/strong><\/p>\n<ul>\n<li><strong>Arr\u00eat des recherches fondamentales au <span class='tooltipsall tooltip_post_id_5636 classtoolTips101'>CNRS<\/span><\/strong> dans les ann\u00e9es 2000, sur les coronavirus.<\/li>\n<li><strong>Destruction de l\u2019\u00c9PRUS<\/strong> (\u00c9tablissement Pour l\u2019Urgence Sanitaire en charge des \u00e9quipements et des proc\u00e9dures) sous le mandat Hollande. <sup><a href=\"#footnote_1_23520\" id=\"identifier_1_23520\" class=\"footnote-link footnote-identifier-link\" title=\"J&rsquo;ai trouv&eacute; &agrave; l&rsquo;OMS le Plan d&rsquo;Urgence Sanitaire obligatoire, sign&eacute; en 2005, avec 185 pays dont la France. Ce plan pr&eacute;voyait les mesures &agrave; prendre en cas d&rsquo;urgence sanitaire ainsi qu&rsquo;une m&eacute;thodologie. Notamment par rapport aux droits des personnes : prendre des d&eacute;cisions politiques adapt&eacute;es, &eacute;viter toutes les mesures qui feraient peur o&ugrave; ne seraient pas pour la sant&eacute; et le bien-&ecirc;tre de la population. Le bon sens populaire nous fait comprendre que la France a fait tout le contraire : masques ? amendes ? confinements ?\">(1)<\/a><\/sup><\/li>\n<li><strong>Destruction de l\u2019h\u00f4pital public\u00a0<\/strong>: suppression de personnels et de lits (96 000 lits supprim\u00e9s en 15 ans)<\/li>\n<\/ul>\n<p>Passons rapidement sur <strong>les \u00e9pisodes \u00ab\u00a0folkloriques\u00a0\u00bb <\/strong>du premier quadrimestre 2020\u00a0:<\/p>\n<ul>\n<li style=\"text-align: justify\">Les d\u00e9clarations \u00ab\u00a0rocambolesques\u00a0\u00bb sur <strong>l\u2019utilit\u00e9 ou non des masques <\/strong>de Sibeth DIAYE, J\u00e9r\u00f4me SALOMON, Olivier V\u00c9RAN resteront dans les m\u00e9moires\u00a0;<\/li>\n<li style=\"text-align: justify\">La d\u00e9cision d\u2019Agn\u00e8s BUZYN sur le classement de <strong>l\u2019hydroxychloroquine dans les substances ve\u0301ne\u0301neuses\u00a0<\/strong>: un vrai scandale sanitaire qui a entra\u00een\u00e9 des actions en justice\u00a0;<\/li>\n<li style=\"text-align: justify\">Alors qu\u2019il existe d\u00e9j\u00e0 des \u00ab\u00a0hauts-conseils\u00a0\u00bb de la S\u00e9curit\u00e9 Sociale, de la Sant\u00e9 et autres instances, pourquoi organiser un <strong>conseil scientifique \u00ab\u00a0ad\u2019hoc\u00a0\u00bb,<\/strong> compos\u00e9 de personnes ayant souvent des conflits d\u2019int\u00e9r\u00eat avec l\u2019industrie pharmaceutique\u00a0?<\/li>\n<\/ul>\n<p style=\"text-align: justify\">Tout cela a certainement contribu\u00e9 \u00e0 ce que la <strong>gestion de la crise<\/strong> par le pouvoir <strong>soit lamentable\u2026<\/strong> toujours \u00e0 contretemps.<br \/>\nC\u2019est dans un tel environnement que <strong>Macron a fait ensuite le plus mauvais choix : <\/strong>celui du <strong>confinement total d\u2019une population saine\u00a0!<\/strong> Cette d\u00e9cision a jou\u00e9 le r\u00f4le du \u00ab\u00a0pompier pyromane\u00a0\u00bb<strong> avec des cons\u00e9quences d\u00e9sastreuses <\/strong>:<strong> \u00ab\u00a0clusters\u00a0\u00bb familiaux <\/strong>(augmentation des contaminations familiales, tensions et violences),<strong> d\u00e9sastre \u00e9conomique, cons\u00e9quences sociales dramatiques, destruction de la vie culturelle, sociale, associative, sportive<\/strong>, <strong>scandale dans les EHPAD<\/strong>, sans oublier les nombreuses<strong> victimes collat\u00e9rales<\/strong> par manque de soins de sant\u00e9. Comme l\u2019a dit le professeur Marc GENTILLINI\u00a0:<em> \u00ab\u00a0le confinement fera plus de d\u00e9g\u00e2ts que le virus lui-m\u00eame.\u00a0\u00bb. <br \/>\n<\/em>Pendant cette p\u00e9riode, des<strong> messages anxiog\u00e8nes<\/strong> ont \u00e9t\u00e9 constamment diffus\u00e9s par les m\u00e9dias dominants, relay\u00e9s par l\u2019opportunisme du gouvernement qui<strong> utilise la peur pour gouverner\u2026 <\/strong>Cr\u00e9ant ainsi un climat de <strong>psychose collectiv<\/strong>e\u2026 C\u2019est une strat\u00e9gie classique de conditionnement : faire peur aux gens pour qu\u2019ils demandent des mesures, m\u00eame contraignantes. Une forme de servitude volontaire qui pourrait nous faire assumer notre condition de \u00ab\u00a0moutons\u00a0\u00bb. Ce qui n\u2019invite pas \u00e0 rationaliser la situation.<br \/>\nD\u00e8s la<strong> fin du premier confinement, <\/strong>nous avons entendu le premier ministre d\u00e9clarer\u00a0: <em>\u00ab\u00a0Il faudra s\u2019habituer a\u0300 cette situation jusqu\u2019au printemps 2021&#8230;\u00a0\u00bb, <\/em>ou encore <em>\u00ab\u00a0il faudra s\u2019attendre \u00e0\u00a0une seconde vague\u00a0\u00bb<\/em>\u00a0! Des pr\u00e9visions <strong>\u00ab\u00a0d\u2019astrologues\u00a0\u00bb, <\/strong>entendues tout au long de l\u2019\u00e9t\u00e9, qu\u2019aucun <strong>\u00e9pid\u00e9miologiste s\u00e9rieux<\/strong> n\u2019aurait os\u00e9 faire\u2026 Alors que, d\u00e8s avril, le nombre de d\u00e9c\u00e8s, comme celui des personnes hospitalis\u00e9es, baissait, il m\u2019a sembl\u00e9 que l\u2019id\u00e9e du pouvoir \u00e9tait de prolonger l\u2019\u00e9pid\u00e9mie jusqu\u2019\u00e0 l\u2019hiver\u2026 Comme si on esp\u00e9rait\u2026 qu\u2019elle reprenne\u00a0!<\/p>\n<p>ORWELL <em>\u00ab\u00a0\u00c0 une \u00e9poque de supercherie universelle, dire la v\u00e9rit\u00e9 est un acte r\u00e9volutionnaire\u00a0\u00bb<\/em><\/p>\n<p style=\"text-align: justify\">Chacun se jetant \u00e0 la figure \u00ab ses \u00bb chiffres sur la pand\u00e9mie. Le site -Reinfocovid- essaie de remettre les choses \u00e0 leur place :\u00a0<a href=\"https:\/\/youtu.be\/-1YVIYXXmew\">https:\/\/youtu.be\/-1YVIYXXmew<\/a> .<br \/>\nD\u00e9j\u00e0, en octobre, intrigu\u00e9 par les chiffres annonc\u00e9s, j\u2019\u00e9tais d\u00e9j\u00e0 all\u00e9 sur le site de l\u2019<span class='tooltipsall tooltip_post_id_6978 classtoolTips82'>INSEE<\/span><a href=\"#_ftn1\" name=\"_ftnref1\">[1]<\/a> pour comparer le nombre de d\u00e9c\u00e8s entre les ann\u00e9es. J\u2019avais remarqu\u00e9 un d\u00e9calage notable. Pour continuer ma recherche, j\u2019ai recompt\u00e9 les chiffres annonc\u00e9s\u2026 qui \u00e9taient diff\u00e9rents de ceux de septembre. Manipulations\u00a0? Je ne le crois pas. Simplement une inertie entre les faits et leurs int\u00e9grations dans les comptes.<br \/>\nPar rapport \u00e0 la <strong>moyenne des 9 premiers mois des 6 derni\u00e8res ann\u00e9es,<\/strong> on constate en 2020 une surmortalit\u00e9 de 26662 d\u00e9c\u00e8s, dont 23079 en mars et avril\u2026 Soit 3583 d\u00e9c\u00e8s de plus sur les sept autres mois. En se rappelant que dans notre France vieillissante, l\u2019arriv\u00e9e en fin de vie des g\u00e9n\u00e9rations nombreuses du baby-boom, devrait entra\u00eener une hausse du nombre annuel de d\u00e9c\u00e8s. \u00a0<br \/>\nPour ma part je retire de <span class='tooltipsall tooltip_post_id_29829 classtoolTips180'>ces<\/span> chiffres l\u2019id\u00e9e que le coronavirus a fait le m\u00eame travail <strong>en 2 mois <\/strong>(mars, avril 2020) <strong>alors que la grippe le fait en 6 mois.<\/strong> On ne meurt <strong>pas plus, mais plus vite. <\/strong>Passons sur les d\u00e9c\u00e8s attribu\u00e9s au coronavirus \u00ab\u00a0par d\u00e9faut ou facilit\u00e9\u00a0\u00bb.<\/p>\n<p><span style=\"font-size: 14pt\"><strong>La grippe ? Justement, parlons-en<\/strong><\/span><\/p>\n<p style=\"text-align: justify\"><strong>En f\u00e9vrier 2020<\/strong>, les personnes victimes de grippe sont pass\u00e9es dans les statistiques du coronavirus\u2026 De ce fait le virus de la grippe aurait cette ann\u00e9e quasiment tu\u00e9 personne\u00a0! Voir le site de la journaliste Pryska Ducoeurjoly<strong>\u00a0:\u00a0 <\/strong><a href=\"https:\/\/pryskaducoeurjoly.com\">https:\/\/pryskaducoeurjoly.com<\/a>. Si les virus sont diff\u00e9rents, les sympt\u00f4mes sont similaires\u2026 Habituellement, la grippe est class\u00e9e comme <strong>Infection Respiratoire Aigu\u00eb (IRA)<\/strong> ce qui est <strong>aussi le crit\u00e8re pour d\u00e9finir un cas probable de coronavirus.<\/strong> Chaque ann\u00e9e la grippe hivernale provoque entre 12000 et 30000 d\u00e9c\u00e8s, soit en moyenne 12 000 victimes\u2026 et 2 000 par mois. Ou beaucoup plus, si vous prenez une base de 30000 d\u00e9c\u00e8s\u2026 Quoiqu\u2019il en soit, une source suffisante pour alimenter, cet hiver, l\u2019angoisse de nos compatriotes, et le fonds de commerce des BFM TV et autres m\u00e9dias de formatage de l\u2019opinion.<br \/>\nLes deux virus ont pour caract\u00e9ristiques de s\u2019essouffler avec le temps, en fonction de la saison, la temp\u00e9rature, l\u2019humidit\u00e9, les indices UV, etc. Les virus des coronavirus seront toujours l\u00e0, comme ils l\u2019ont \u00e9t\u00e9, pour le moins, depuis Sapiens. Il faudra s\u2019habituer \u00e0 vivre avec les virus qui vont de d\u00e9velopper\u00a0dans les zoonoses cr\u00e9es par l\u2019activit\u00e9 humaine.<br \/>\nDonc, il y a <strong>peu de chance que nous gu\u00e9rissons du coronavirus&#8230;<\/strong> Ce qui ouvre un march\u00e9 consid\u00e9rable aux vaccins, chaque ann\u00e9e, comme celui de la grippe hivernale. Il va falloir en traiter les causes \u00e9cologiques et surtout soigner nos comorbidit\u00e9s, cons\u00e9quences de notre fa\u00e7on de vivre ou de mourir. On sait depuis longtemps que les Infections Respiratoires Aigu\u00eb s (IRA) affectent particuli\u00e8rement des victimes chez les personnes \u00e2g\u00e9es. Une forme de darwinisme qui ne fait qu\u2019acc\u00e9l\u00e9rer le processus de la vieillesse. On sait aussi \u00a0que la moyenne des d\u00e9c\u00e8s coronavirus se situe \u00e0 86 ans, alors que l\u2019esp\u00e9rance de vie moyenne est de 79 \u00e0 81 ans. On dit moins que nous avons d\u2019autres fa\u00e7ons de se soigner, r\u00e9sum\u00e9es dans ces deux vid\u00e9os :<br \/>\nMal trait\u00e9s <a href=\"https:\/\/youtu.be\/y-QoU5rzbP4\">https:\/\/youtu.be\/y-QoU5rzbP4<\/a>\u00a0<br \/>\nNous avons un traitement <a href=\"https:\/\/youtu.be\/blpV5QDJrn4\">https:\/\/youtu.be\/blpV5QDJrn4<\/a><br \/>\nOn sait aussi que les <strong>Infestions Respiratoires Aigu\u00ebs (IRA)<\/strong>, dont font partie les grippes et les coronavirus, se d\u00e9veloppent <strong>en hiver.<br \/>\n<\/strong>Mais pourquoi, dans ces p\u00e9riodes d\u2019accalmies, n\u2019a-t-on pas eu l\u2019id\u00e9e d&rsquo;une<strong> immunisation collective<\/strong> contrairement \u00e0 la Su\u00e8de, notamment par les jeunes qui ne risquent rien. Le gouvernement a \u00e9vinc\u00e9 cette strat\u00e9gie. Immunis\u00e9s\u00a0? <strong>Plus besoin de vaccins\u00a0<\/strong>!<\/p>\n<p style=\"text-align: justify\">On a pr\u00e9f\u00e9r\u00e9 d\u00e9clencher une <strong>\u00ab\u00a0\u00e9pid\u00e9mie de tests\u00a0\u00bb au printemps\u00a0! <\/strong>On a vu des gens paniqu\u00e9s arriver dans les labos et h\u00f4pitaux\u00a0! Entre juin et septembre, plus de 7 millions de personnes ont \u00e9t\u00e9 test\u00e9es, avec un nombre important de faux-positifs, pour un co\u00fbt de <strong>2,5 milliards d\u2019euros\u2026 pay\u00e9s par la S\u00e9cu.<\/strong> Et cela continue\u00a0: les biologistes vont rouler en Ferrari\u00a0!<br \/>\nTester plus. Donc <strong>plus de \u00ab\u00a0cas\u00a0\u00bb, mais pas malades<\/strong>\u00a0\u00e0 97% ! En changeant<strong> les donn\u00e9es des courbes statistiques <\/strong>(des \u00ab\u00a0cas\u00a0\u00bb \u00e0 la place des d\u00e9c\u00e8s\u00a0!). On a vu la <strong>carte de la France,<\/strong> dans les m\u00e9dias, <strong>devenue verte <\/strong>au printemps, passer progressivement <strong>au rouge<\/strong> en septembre.<br \/>\nTour cela au moment o\u00f9 de plus en plus de personnalit\u00e9s, de grandes institutions et instituts de recherche internationales, comme l\u2019OMS, <strong>remettent en cause l\u2019utilit\u00e9, l\u2019efficacit\u00e9 des masques,<\/strong> voire disent leurs dangerosit\u00e9s, <a href=\"https:\/\/youtu.be\/v_Cjet14e9M\">https:\/\/youtu.be\/v_Cjet14e9M<\/a>. On nous a impos\u00e9, et on nous impose encore, le <strong>port du masque, jusqu\u2019aux enfants<\/strong> dont on sait qu\u2019ils ne sont que tr\u00e8s, tr\u00e8s, rarement victimes du coronavirus. Ce qui va g\u00e9n\u00e9rer des s\u00e9quelles au plan psychique et mental. Mais \u00e0 quoi pensent nos gouvernants pour prendre de telles d\u00e9cisions\u00a0?<\/p>\n<p style=\"text-align: justify\">De la m\u00eame fa\u00e7on le <strong>confinement est remis en cause. <\/strong>Le Dr Louis FOUCH\u00c9, docteur r\u00e9animateur, explique bien cela <a href=\"https:\/\/youtu.be\/nq4-LeWjBWQ\">https:\/\/youtu.be\/nq4-LeWjBWQ<\/a>. Il n\u2019est pas le seul.<br \/>\nFaire que le virus ne se propage pas en utilisant le confinement est une absurdit\u00e9. Non seulement, il cr\u00e9\u00e9 des nids de contamination. Or un virus doit se propager dans l\u2019air o\u00f9 il meurt tr\u00e8s rapidement. Alors que confin\u00e9, il survit, mute, se propage. C\u2019est ce que l\u2019on voit dans tous les \u00e9levages industriels d\u2019animaux o\u00f9 les animaux sont entass\u00e9s\u2026 Donc au contraire, il faut aller o\u00f9 il y a de l\u2019air qui circule, bouger, se promener, se ventiler, faire du sport\u2026 Du ski par exemple\u2026 Ce qu\u2019apparemment n\u2019a pas compris notre \u00ab lumineux \u00bb premier ministre ! <sup><a href=\"#footnote_2_23520\" id=\"identifier_2_23520\" class=\"footnote-link footnote-identifier-link\" title=\"Lequel s&rsquo;est ent&ecirc;t&eacute; en permettant seulement aux professionnels et aux jeunes sportifs d&rsquo;utiliser les remontes-pentes&hellip; Quant aux autres, ils prendraient le virus&hellip; Surtout en plein air. Ridicule !\">(2)<\/a><\/sup>\n<p style=\"text-align: justify\">Et les <strong>mesures sanitaires sont devenues de plus en plus strictes\u00a0<\/strong>: nous avons connu les couvre-feux dans les grandes villes comme si le virus se transmettait davantage la nuit. Dans les restaurants, assis tu peux enlever ton masque, pour aller aux toilettes, il faut vite le remettre\u00a0!<br \/>\nNoam CHOMSKY l\u2019affirme : \u00ab\u00a0<em>Toute l\u2019histoire du contr\u00f4le du peuple se r\u00e9sume \u00e0 cela : isoler les gens des uns des autres, parce que si on peut les maintenir isoler assez longtemps, on peut leur faire croire n\u2019importe quoi !\u00a0\u00bb <br \/>\n<\/em>C\u2019est ainsi que l\u2019on a <strong>maintenu les gens dans des peurs et des d\u00e9lires les plus vari\u00e9s, <\/strong>avec comme message subliminal : on <strong>attend le vaccin\u00a0! <\/strong>Pourtant, en \u00e9coutant les sp\u00e9cialistes, on sait que le virus mute, comme tous les virus. Depuis juillet, il y aurait eu 7 mutations\u2026 Donc rien de comparable \u00e0 l\u2019\u00e9pid\u00e9mie de mars, avril pass\u00e9.<br \/>\nIl n\u2019est pas question de remettre en cause l\u2019efficacit\u00e9 des vaccins qui ont permis \u00e0 l\u2019humanit\u00e9 de vaincre de grandes pand\u00e9mies\u2026 Mais, ce que nous vivons est-ce une pand\u00e9mie ou une \u00e9pid\u00e9mie saisonni\u00e8re\u00a0?<br \/>\nLa l\u00e9talit\u00e9, soit le nombre de morts sur le nombre de cas, est de 0,5%, ce qui veut dire que <strong>99,5% des gens positifs survivent. <br \/>\n<\/strong>La mortalit\u00e9, soit le nombre de cas gens qui \u00ab\u00a0survivent\u00a0\u00bb en prenant en compte toute la population, est de 0,05%, soit <strong>99,95% des gens survivent\u00a0! <br \/>\n<\/strong>Tout cela sans vaccins et avec une <strong>prise en charge sanitaire absurde <\/strong>: confinements, tests, masques.<\/p>\n<p style=\"text-align: justify\">Tout cela, nous fait poser beaucoup de questions<br \/>\n<strong>Pourquoi avoir d\u00e9clarer l\u2019\u00e9tat d\u2019urgence sanitaire\u00a0? <br \/>\n<\/strong>Et <strong>pourquoi vacciner des personnes saines ? <\/strong>D\u2019autant plus que les essais cliniques sont r\u00e9alis\u00e9s par les fabricants\u2026 Pour eux, les vaccins sont une aubaine financi\u00e8re, une manne \u00e0 ne pas manquer et peu importe leur composition, peu importe l\u2019\u00e9thique\u2026 Il faut qu\u2019un maximum de personnes <strong>se fasse<\/strong> vacciner. On peut tout imaginer\u00a0!<br \/>\nMais pourquoi, le <strong>gouvernement, s\u2019il croyait \u00e0 une nouvelle vague, <\/strong>n\u2019a-t-il pas augment\u00e9 le nombre de lits \u00e0 l\u2019h\u00f4pital, les postes et les moyens de l\u2019h\u00f4pital ? J. CASTEX, haut fonctionnaire sous SARKOZY, a continu\u00e9 \u00e0 appliquer sa m\u00e9thode : il faut que les lits soient occup\u00e9s en permanence, sinon \u00ab pas rentables \u00bb, on les supprime\u2026 Alors on se \u00ab d\u00e9brouille \u00bb toujours pour que les lits soient \u00ab pleins \u00bb\u2026 Peut-\u00eatre l\u2019explication d\u2019une certaine saturation \u00e0 la fin de l\u2019automne ? Ce qui n\u2019emp\u00eache pas que, cette ann\u00e9e, 3700 lits vont \u00eatre supprim\u00e9s !<br \/>\nRevient alors cette <strong>question\u00a0lancinante<\/strong> : pourquoi la <strong>m\u00e9decine de proximit\u00e9<\/strong> a-t-elle \u00e9t\u00e9 shunt\u00e9e\u00a0? Alors que la logique aurait \u00e9t\u00e9 de prendre en charge les patients, de les diagnostiquer, de les rassurer, de les soigner et, \u00e9ventuellement tester. Les 100 000 m\u00e9decins lib\u00e9raux de proximit\u00e9, qui devaient \u00eatre en premi\u00e8re ligne, ont \u00e9t\u00e9 interdits de soigner\u2026 Idem pour les 140 000 infirmiers-es. Sans cela, peut-\u00eatre aurait-on mieux soign\u00e9 les personnes \u00ab\u00a0\u00e0 risques\u00a0\u00bb que sont les <strong>personnes \u00e2g\u00e9es<\/strong> dans les EHPAD, o\u00f9 elles auraient d\u00fb pouvoir mourir dignement, <strong>et les personnes souffrantes de<\/strong> \u00ab\u00a0comorbidit\u00e9s\u00a0\u00bb, ob\u00e9sit\u00e9, hypertension, diab\u00e9tique, immunod\u00e9pressif, cardiovasculaires, lesquelles sont des poly-pathologies, qui se traitent en amont\u2026 \u00a0<\/p>\n<p style=\"text-align: justify\">Apr\u00e8s ce premier manque d\u2019analyse, d\u2019approximations erratiques, nous subissons un <strong>deuxi\u00e8me confinement<\/strong>, r\u00e9put\u00e9 plus souple, <strong>mais tout aussi plein d\u2019incoh\u00e9rences\u2026<\/strong> M\u00eame la chaine de t\u00e9l\u00e9vision LCI s\u2019est pos\u00e9 des questions <a href=\"https:\/\/youtu.be\/YrxcrMekloQ\">https:\/\/youtu.be\/YrxcrMekloQ<\/a> \u00a0<br \/>\nAu point o\u00f9 l\u2019on peut se demander <strong>si c\u2019est vraiment l\u2019objectif du pouvoir d\u2019aider <\/strong>les gens \u00e0 aller mieux, \u00e0 se soigner mieux, \u00e0 se renseigner, \u00e0 se rassurer. J\u2019irai jusqu\u2019\u00e0 penser que la mauvaise gestion de la crise va entra\u00eener une surmortalit\u00e9. On verra cela dans quelques mois\u2026 Et on a vu Macron, et son gouvernement, <strong>continu\u00e9 \u00e0 angoisser les fran\u00e7ais\u2026<\/strong><\/p>\n<p>Ainsi, nous avons subi\u00a0:<\/p>\n<ul>\n<li style=\"text-align: justify\">Huit <strong>\u00ab\u00a0macronades\u00a0\u00bb,<\/strong> en 9 mois, distillant de la peur, de l\u2019infantilisation, de la culpabilit\u00e9 pour prendre encore plus de pouvoir sur nous\u00a0: Macron<strong> est-il en guerre contre son peuple\u00a0? <\/strong>En tous cas, il a bien compris que le confinement g\u00e9n\u00e8re le repli sur soi, facilite la prise de d\u00e9cisions liberticides\u00a0;<\/li>\n<li style=\"text-align: justify\">Une avalanche d\u2019informations, avec la complicit\u00e9 des ministres, faites d\u2019une s\u00e9rie de mensonges et d\u2019inepties, provoquant un <strong>sentiment brutal d\u2019abandon, une ins\u00e9curit\u00e9 absolue, un sentiment anxiog\u00e8ne<\/strong>. Affirmer des choses qui sont d\u00e9mont\u00e9es ensuite est un des moyens connus de la manipulation. <sup><a href=\"#footnote_3_23520\" id=\"identifier_3_23520\" class=\"footnote-link footnote-identifier-link\" title=\"Quelques inepties pour l&rsquo;humour : 6 adultes pour le repas de No&euml;l et les vieux &agrave; la cuisine \/ Savoir qui va cuisiner \/ Pr&eacute;voir un plan de table \/ A&eacute;rer la pi&egrave;ce, mais il est conseill&eacute; de ne pas sortir \/ Se laver les mains apr&egrave;s avoir ouvert son cadeau \/ Pas de bisous \/ R&eacute;duire la longueur des repas \/ Prendre l&rsquo;ap&eacute;ritif debout.\">(3)<\/a><\/sup><\/li>\n<\/ul>\n<p style=\"text-align: justify\">Hanna ARENDT : <em>\u00ab\u00a0Pour qu\u2019un peuple soit docile et ne comprenne plus rien afin qu\u2019il devienne ob\u00e9issant sans trop r\u00e9fl\u00e9chir, il faut lui donner des injonctions contradictoires en permanence\u2026 Et le peuple n\u2019y comprend plus rien.\u00a0\u00bb <br \/>\n<\/em>Tout cela s\u2019est fait avec l\u2019aide des m\u00e9dias dominants, qui utilisent des <strong>\u00ab\u00a0mots \u00e9tiquettes\u00a0\u00bb<\/strong> pour bloquer la pens\u00e9e et neutraliser le discours critique : complotistes <sup><a href=\"#footnote_4_23520\" id=\"identifier_4_23520\" class=\"footnote-link footnote-identifier-link\" title=\"Si complotisme il y a. De la part de qui et par qui ? Il faut se poser la question, en termes de profits et de pouvoir, &agrave; qui profite cette situation.\">(4)<\/a><\/sup>, n\u00e9gationnistes, rassuristes, etc. <strong>On s\u2019attaque aux personnes, <\/strong>pas aux id\u00e9es qu\u2019elles d\u00e9veloppent, <strong>sans engager de r\u00e9els d\u00e9bats<\/strong> entre les diff\u00e9rentes parties, pour se faire une id\u00e9e la plus claire possible de la crise que nous subissons.<\/p>\n<p style=\"text-align: justify\">Le lanceur d\u2019alerte am\u00e9ricain E. SNOWDEN formule cela clairement\u00a0:<em>\u00a0\u00ab\u00a0Vous ne r\u00e9alisez pas \u00e0 quel point il est difficile d\u2019exposer la v\u00e9rit\u00e9 dans un monde rempli de gens qui ne sont pas conscients de vivre dans le mensonge\u00a0\u00bb <br \/>\n<\/em>Quand tout le monde ment, on ne croit plus personne. Terrain id\u00e9al pour de<strong> bouff\u00e9es d\u00e9lirantes collectives,<\/strong> pour une psychose collective, un climat n\u00e9cessaire afin d\u2019imposer un projet politique, un mode de pens\u00e9e \u00e0 une population. La manipulation peut aller jusqu\u2019\u00e0 la terreur qui fait na\u00eetre des comportements inadapt\u00e9s. Individuellement, les gens ne d\u00e9lirent pas, mais les informations dont ils disposent n\u2019entrent pas dans le cadre d\u2019une <strong>discussion rationnelle.<\/strong> D\u00e8s que l\u2019on aborde le sujet de la pand\u00e9mie, les gens deviennent tr\u00e8s radicaux\u2026 Dans ces conditions, il convient de <strong>prendre soin de ceux qui ont peur<\/strong> afin d\u2019essayer de rouvrir l\u2019espace du d\u00e9bat d\u00e9mocratique et scientifique, d\u2019infl\u00e9chir l\u2019aberrante politique sanitaire actuelle.<br \/>\nOn nous a dit que <strong>les h\u00f4pitaux \u00e9taient satur\u00e9s<\/strong>, alors que l\u2019on savait bien que depuis des ann\u00e9es l\u2019h\u00f4pital public est en tension. En octobre 2020 les h\u00f4pitaux sont aussi satur\u00e9s :\u00a0 <a href=\"https:\/\/youtu.be\/H0uCrBF-7Bs\">https:\/\/youtu.be\/H0uCrBF-7Bs<\/a>. Surtout apr\u00e8s la suppression de milliers de lits.<\/p>\n<p><strong><span style=\"font-size: 14pt\">En conclusion, j\u2019h\u00e9site entre deux options.<\/span> <\/strong><\/p>\n<ul>\n<li style=\"text-align: justify\">Soit il s\u2019agit d\u2019une <strong>manipulation<\/strong> calcul\u00e9e qui serait<strong> mortif\u00e8re <\/strong>afin de nous faire accepter un syst\u00e8me politique que la majorit\u00e9 de nos concitoyens refusent\u2026<\/li>\n<li style=\"text-align: justify\">Soit nous sommes gouvern\u00e9s par une <strong>bande d\u2019incapables<\/strong> qui, \u00e0 force d\u2019erreurs successives, <strong>ont mis en grande difficult\u00e9 <\/strong>l\u2019\u00e9conomie, ont d\u00e9construit nos relations et anesth\u00e9sier notre soci\u00e9t\u00e9, laquelle n\u2019avait pas besoin de cela\u2026<\/li>\n<\/ul>\n<p style=\"text-align: justify\">En attendant, nous pouvons faire les <strong>constats concrets suivants\u00a0<\/strong>:<br \/>\n&#8211; atteintes aux libert\u00e9s de se d\u00e9placer, de r\u00e9union, de manifestation\u00a0; \u00a0<br \/>\n&#8211; tra\u00e7age par nos smartphones, alors que la censure s\u2019abat sur les r\u00e9seaux sociaux\u00a0; \u00a0<br \/>\n&#8211; r\u00e9organisation du travail\u00a0par le t\u00e9l\u00e9travail avec attaque contre ce qui reste du code du travail.<br \/>\n&#8211; r\u00e9forme du syst\u00e8me \u00e9ducatif\u00a0: t\u00e9l\u00e9-\u00e9ducation avec une fracture num\u00e9rique criante.<br \/>\n&#8211; r\u00e9forme de la sant\u00e9\u00a0: num\u00e9rique, t\u00e9l\u00e9consultations, en attendant le transhumanisme.<\/p>\n<p style=\"text-align: justify\">Et pendant ce temps, les m\u00e9dias dominants ne relatent pas toutes les manifestations en France et hors de France qui s\u2019opposent au n\u00e9olib\u00e9ralisme qui nous opprime.<br \/>\nEt pendant ce temps l\u2019\u00e9conomie fran\u00e7aise, mais aussi mondiale, est particuli\u00e8rement atteinte.<br \/>\nIl faut se creuser la t\u00eate pour comprendre pourquoi\u00a0? Disons plus trivialement\u00a0: \u00e0 qui profite le crime\u00a0? Suivez la piste de l\u2019argent et du pouvoir, vous serez sur la bonne voie.<\/p>\n<p>Terminons par deux citations \u00e0 m\u00e9diter\u00a0:<br \/>\nAlbert CAMUS <em>\u00ab\u00a0Quand une d\u00e9mocratie est malade, le fascisme vient \u00e0 son chevet, mais ce n\u2019est pas pour prendre de ses nouvelles\u00a0\u00bb <br \/>\n<\/em>Paul ARI\u00c8S <em>\u00ab Les crises donnent plus souvent naissance \u00e0 des Hitler et des Staline qu\u2019\u00e0 des Gandhi \u00bb<\/em><\/p>\n<p>&nbsp;<\/p>\n<p style=\"text-align: right\">\u00a0\u00a0\u00a0\u00a0\u00a0\u00a0\u00a0\u00a0\u00a0\u00a0\u00a0 Oncle JEF pour le Clairon de l\u2019Atax le 20\/12\/2020<\/p>\n<p>&nbsp;<\/p>\n<p>&nbsp;<\/p>\n<p>&nbsp;<\/p>\n<p>&nbsp;<\/p>\n<script type=\"text\/javascript\"> var tt_store_content = \"\\<p style\\='text\\-align\\: justify;'\\>\\<span class\\='ht'\\>Est <span class='tooltipsall tooltip_post_id_5157 classtoolTips23'>agnostique<\/span> celui \\<\\\/span\\>qui '\\<em\\>consid\u00e8re que l'absolu est inaccessible \u00e0 l'esprit humain et qui pr\u00e9conise le refus de toute solution aux probl\u00e8mes m\u00e9taphysiques\\<\\\/em\\>' \\(\\<em\\>Larousse\\)\\.\\<\\\/em\\>\\<\\\/p\\><br\/>\\<p style\\='text\\-align\\: justify;'\\>Vu sous l'angle des religions, on peut dire que l'agnostique \\<em\\>\\(prononcer ag\\-nostique\\) \\<\\\/em\\>consid\u00e8re l'absolu et sa dimension transcendantale, mais se refuse \u00e0 lui donner un nom \\(J\u00e9hovah, Dieu, Allah, Churchill, Dow\\-Jones, etc\\.\\), un discours, des attributs, un pouvoir sur l'humain, etc\\.\\<\\\/p\\>\"; toolTips('.classtoolTips23',tt_store_content,'5157'); <\/script><script type=\"text\/javascript\"> var tt_store_content = \"\\<span class\\='st'\\>L'Institut National de la Statistique et des Etudes Economiques collecte, produit, analyse et diffuse des informations sur l'\u00e9conomie et la soci\u00e9t\u00e9 fran\u00e7aises\\.\\<\\\/span\\>\"; toolTips('.classtoolTips82',tt_store_content,'6978'); <\/script><script type=\"text\/javascript\"> var tt_store_content = \"\\<span class\\='st'\\>L'Institut National de la Statistique et des Etudes Economiques collecte, produit, analyse et diffuse des informations sur l'\u00e9conomie et la soci\u00e9t\u00e9 fran\u00e7aises\\.\\<\\\/span\\>\"; toolTips('.classtoolTips82',tt_store_content,'6978'); <\/script><script type=\"text\/javascript\"> var tt_store_content = \"\\<p style\\='text\\-align\\: center;'\\>\\<span style\\='font\\-size\\: 14pt;'\\>\\<strong\\>C\\<\\\/strong\\>entre \\<strong\\>N\\<\\\/strong\\>ational de la \\<strong\\>R\\<\\\/strong\\>echerche \\<strong\\>S\\<\\\/strong\\>cientifique\\<\\\/span\\>\\<\\\/p\\><br\/>&nbsp;<br\/><br\/>\\<a href\\='https\\:\\\/\\\/fr\\.wikipedia\\.org\\\/wiki\\\/Centre_national_de_la_recherche_scientifique' target\\='_blank' rel\\='noopener'\\>Acc\u00e9der ici \u00e0 la fiche Wikipedia du CNRS\\<\\\/a\\><br\/>\\<a href\\='http\\:\\\/\\\/www\\.cnrs\\.fr\\\/' target\\='_blank' rel\\='noopener'\\>Acc\u00e9der ici au site du CNRS\\<\\\/a\\>\"; toolTips('.classtoolTips101',tt_store_content,'5636'); <\/script><script type=\"text\/javascript\"> var tt_store_content = \"Le <span class='tooltipsall tooltip_post_id_3743 classtoolTips128'>CIRC<\/span> est le&nbsp; \\<a href\\='https\\:\\\/\\\/fr\\.wikipedia\\.org\\\/wiki\\\/Centre_international_de_recherche_sur_le_cancer' target\\='_blank' rel\\='noopener'\\>Centre international de Recherche sur le Cancer\\<\\\/a\\>, cr\u00e9\u00e9 en 1965 par l\u2019\\<a href\\='https\\:\\\/\\\/fr\\.wikipedia\\.org\\\/wiki\\\/Organisation_mondiale_de_la_sant%C3%A9' target\\='_blank' rel\\='noopener'\\>Organisation Mondiale de la Sant\u00e9\\<\\\/a\\> \\(OMS\\) des \\<a href\\='https\\:\\\/\\\/fr\\.wikipedia\\.org\\\/wiki\\\/Organisation_des_Nations_unies' target\\='_blank' rel\\='noopener'\\>Nations Unies\\<\\\/a\\>\\.\"; toolTips('.classtoolTips128',tt_store_content,'3743'); <\/script><script type=\"text\/javascript\"> var tt_store_content = \"\\<p\\><span class='tooltipsall tooltip_post_id_19394 classtoolTips134'>SAGE<\/span> \\= \\<span class\\='st'\\> sch\u00e9ma d'am\u00e9nagement et de gestion de l'eau\\<\\\/span\\> , c'est un outil de planification qui concerne l'ensemble des eaux situ\u00e9es dans un bassin versant\\<\\\/p\\>\"; toolTips('.classtoolTips134',tt_store_content,'19394'); <\/script><script type=\"text\/javascript\"> var tt_store_content = \"\\<p style\\='text\\-align\\: center;'\\>\\<strong\\>\\<span style\\='font\\-size\\: 14pt;'\\>S\\<\\\/span\\>\\<\\\/strong\\>\\<span style\\='font\\-size\\: 14pt;'\\>oci\u00e9t\u00e9 d'\\<strong\\>\u00c9\\<\\\/strong\\>conomie \\<strong\\>M\\<\\\/strong\\>ixte\\<\\\/span\\>\\<\\\/p\\><br\/>\\<p style\\='text\\-align\\: justify;'\\>En France, une soci\u00e9t\u00e9 d'\u00e9conomie mixte est une soci\u00e9t\u00e9 anonyme dont le capital est majoritairement d\u00e9tenu par une ou plusieurs personnes publiques \\(\u00e0 savoir l'\u00c9tat, une Collectivit\u00e9 territoriale, ou tout autre \u00c9tablissement public\\)\\. Cette participation majoritaire publique est plafonn\u00e9e \u00e0 85&nbsp;% du capital depuis la Loi du 2 janvier 2002\\. Au moins une personne priv\u00e9e doit participer au capital de la <span class='tooltipsall tooltip_post_id_7168 classtoolTips142'>SEM<\/span>, sachant qu'il peut s'agir d'une autre SEM\\.\\<\\\/p\\><br\/>\\<p style\\='text\\-align\\: justify;'\\>\\<strong\\>Le recours \u00e0 la SEM garantit\\<\\\/strong\\> \u00e0 la collectivit\u00e9 publique actionnaire et cocontractante \\<strong\\>la prise en compte effective de l'int\u00e9r\u00eat g\u00e9n\u00e9ral\\<\\\/strong\\> dans les objectifs de l'entreprise \\<strong\\>et la souplesse de la soci\u00e9t\u00e9 de droit priv\u00e9\\<\\\/strong\\>\\.\\<\\\/p\\><br\/>\\<em\\>\\<a href\\='https\\:\\\/\\\/fr\\.wikipedia\\.org\\\/wiki\\\/Soci%C3%A9t%C3%A9_d%27%C3%A9conomie_mixte' target\\='_blank' rel\\='noopener'\\>Voir ici la page Wikipedia consacr\u00e9e aux SEM\\<\\\/a\\> \\<\\\/em\\><br\/><br\/>&nbsp;\"; toolTips('.classtoolTips142',tt_store_content,'7168'); <\/script><script type=\"text\/javascript\"> var tt_store_content = \"\\<p style\\='text\\-align\\: center;'\\>\\<span style\\='font\\-size\\: 14pt;'\\>\\<strong\\>I\\<\\\/strong\\>mp\u00f4t sur la \\<strong\\>F\\<\\\/strong\\>ortune \\<strong\\>I\\<\\\/strong\\>mmobili\u00e8re\\<\\\/span\\>\\<\\\/p\\>\"; toolTips('.classtoolTips148',tt_store_content,'5643'); <\/script><script type=\"text\/javascript\"> var tt_store_content = \"\\<p style\\='text\\-align\\: center;'\\>\\<span style\\='font\\-size\\: 14pt;'\\>\\<strong\\>R\\<\\\/strong\\>\u00e9pertoire \\<strong\\>N\\<\\\/strong\\>ational des \\<strong\\>A\\<\\\/strong\\>ssociations\\<\\\/span\\>\\<\\\/p\\>\"; toolTips('.classtoolTips159',tt_store_content,'24374'); <\/script><script type=\"text\/javascript\"> var tt_store_content = \"\\<p style\\='text\\-align\\: center;'\\>\\<strong\\>\\<span style\\='font\\-size\\: 14pt;'\\>G\\<\\\/span\\>\\<\\\/strong\\>\\<span style\\='font\\-size\\: 14pt;'\\>az \u00e0 \\<strong\\>E\\<\\\/strong\\>ffet de \\<strong\\>S\\<\\\/strong\\>erre\\<\\\/span\\>\\<\\\/p\\><br\/>\\<p style\\='text\\-align\\: justify;'\\>Les gaz \u00e0 effet de serre \\(<span class='tooltipsall tooltip_post_id_7232 classtoolTips161'>GES<\/span>\\) sont des composants gazeux qui absorbent le rayonnement infrarouge \u00e9mis par la surface terrestre et contribuent \u00e0 l'effet de serre\\. L'augmentation de leur concentration dans l'atmosph\u00e8re terrestre est l'un des facteurs \u00e0 l'origine du r\u00e9chauffement climatique\\.\\<\\\/p\\><br\/>\\<a href\\='https\\:\\\/\\\/fr\\.wikipedia\\.org\\\/wiki\\\/Gaz_%C3%A0_effet_de_serre' target\\='_blank' rel\\='noopener'\\>\\<em\\>Voir ici la fiche Wikipedia sur les gaz \u00e0 effet de serre\\<\\\/em\\>\\<\\\/a\\>\"; toolTips('.classtoolTips161',tt_store_content,'7232'); <\/script><script type=\"text\/javascript\"> var tt_store_content = \"\\<p style\\='text\\-align\\: justify'\\>La \u00ab\u00a0\\<b\\>programmation pluriannuelle de l'\u00e9nergie\\<\\\/b\\>\u00a0\u00bb \\(<span class='tooltipsall tooltip_post_id_7750 classtoolTips164'>PPE<\/span>\\) est, en France, un document strat\u00e9gique de pilotage de la transition \u00e9nerg\u00e9tique\\. Institu\u00e9e par l'article 176 de la \\<a title\\='Loi relative \u00e0 la transition \u00e9nerg\u00e9tique pour la croissance verte' href\\='https\\:\\\/\\\/fr\\.wikipedia\\.org\\\/wiki\\\/Loi_relative_%C3%A0_la_transition_%C3%A9nerg%C3%A9tique_pour_la_croissance_verte'\\>loi de transition \u00e9nerg\u00e9tique\\<\\\/a\\> \\(TECV\\), elle fixe une trajectoire pour le \\<a title\\='Mix \u00e9nerg\u00e9tique' href\\='https\\:\\\/\\\/fr\\.wikipedia\\.org\\\/wiki\\\/Mix_%C3%A9nerg%C3%A9tique'\\>mix \u00e9nerg\u00e9tique\\<\\\/a\\>, ainsi que \\<span class\\='citation'\\>\u00ab\u00a0les priorit\u00e9s d'action pour la gestion de l\u2019ensemble des formes d'\u00e9nergie sur le territoire m\u00e9tropolitain continental, afin d\u2019atteindre les objectifs nationaux fix\u00e9s par la loi\u00a0\u00bb\\<\\\/span\\>\\. \\(Wikip\u00e9dia\\)\\<\\\/p\\>\"; toolTips('.classtoolTips164',tt_store_content,'7750'); <\/script><script type=\"text\/javascript\"> var tt_store_content = \"\\<p style\\='text\\-align\\: justify'\\>La \u00ab\u00a0\\<b\\>programmation pluriannuelle de l'\u00e9nergie\\<\\\/b\\>\u00a0\u00bb \\(PPE\\) est, en France, un document strat\u00e9gique de pilotage de la transition \u00e9nerg\u00e9tique\\. Institu\u00e9e par l'article 176 de la \\<a title\\='Loi relative \u00e0 la transition \u00e9nerg\u00e9tique pour la croissance verte' href\\='https\\:\\\/\\\/fr\\.wikipedia\\.org\\\/wiki\\\/Loi_relative_%C3%A0_la_transition_%C3%A9nerg%C3%A9tique_pour_la_croissance_verte'\\>loi de transition \u00e9nerg\u00e9tique\\<\\\/a\\> \\(TECV\\), elle fixe une trajectoire pour le \\<a title\\='Mix \u00e9nerg\u00e9tique' href\\='https\\:\\\/\\\/fr\\.wikipedia\\.org\\\/wiki\\\/Mix_%C3%A9nerg%C3%A9tique'\\>mix \u00e9nerg\u00e9tique\\<\\\/a\\>, ainsi que \\<span class\\='citation'\\>\u00ab\u00a0les priorit\u00e9s d'action pour la gestion de l\u2019ensemble des formes d'\u00e9nergie sur le territoire m\u00e9tropolitain continental, afin d\u2019atteindre les objectifs nationaux fix\u00e9s par la loi\u00a0\u00bb\\<\\\/span\\>\\. \\(Wikip\u00e9dia\\)\\<\\\/p\\>\"; toolTips('.classtoolTips164',tt_store_content,'7750'); <\/script><script type=\"text\/javascript\"> var tt_store_content = \"\\<p style\\='text\\-align\\: justify;'\\>Le Conseil d'Orientation des Retraites est une instance qui r\u00e9unit &nbsp;\\<span class\\='st'\\>les principaux acteurs du champ des retraites\\<\\\/span\\> et effectue un travail d'\u00e9tudes et de concertation\\. Compos\u00e9 de parlementaires, de repr\u00e9sentants des organisations professionnelles et syndicales, des retrait\u00e9s et des familles, de membres de l'administration et d'experts, le Conseil d'orientation des retraites \\(<span class='tooltipsall tooltip_post_id_7751 classtoolTips165'>COR<\/span>\\) est plac\u00e9 aupr\u00e8s du Premier ministre\\.\\<\\\/p\\>\"; toolTips('.classtoolTips165',tt_store_content,'7751'); <\/script><script type=\"text\/javascript\"> var tt_store_content = \"\\<p style\\='text\\-align\\: center;'\\>\\<span style\\='font\\-size\\: 14pt;'\\>\\<strong\\>O\\<\\\/strong\\>rganisation \\<strong\\>M\\<\\\/strong\\>\u00e9t\u00e9orologique \\<strong\\>M\\<\\\/strong\\>ondiale<br\/>\\<strong\\>W\\<\\\/strong\\>orld \\<strong\\>M\\<\\\/strong\\>eteorological \\<strong\\>O\\<\\\/strong\\>rganization\\<\\\/span\\>\\<\\\/p\\><br\/>&nbsp;<br\/><br\/>\\<a href\\='https\\:\\\/\\\/public\\.wmo\\.int\\\/fr' target\\='_blank' rel\\='noopener'\\>\\<em\\>Acc\u00e9der ici au site de l'organisation\\<\\\/em\\>\\<\\\/a\\>\"; toolTips('.classtoolTips168',tt_store_content,'7763'); <\/script><script type=\"text\/javascript\"> var tt_store_content = \"\\<p style\\='text\\-align\\: center;'\\>\\<span style\\='font\\-size\\: 14pt;'\\>\\<strong\\>\u00c9\\<\\\/strong\\>cole \\<strong\\>N\\<\\\/strong\\>ationale d'\\<strong\\>A\\<\\\/strong\\>dministration\\<\\\/span\\>\\<\\\/p\\>\"; toolTips('.classtoolTips170',tt_store_content,'5213'); <\/script><script type=\"text\/javascript\"> var tt_store_content = \"\\<p style\\='text\\-align\\: justify'\\>\\<span class\\='ILfuVd'\\>La politique agricole commune \\(\\<b\\><span class='tooltipsall tooltip_post_id_11364 classtoolTips174'>PAC<\/span>\\<\\\/b\\>\\) est une politique mise en place \u00e0 l'\u00e9chelle de l'Union europ\u00e9enne\\. \u00c0 l'origine, elle est fond\u00e9e principalement sur des mesures de contr\u00f4le des prix et de subventionnement, visant \u00e0 moderniser et d\u00e9velopper l'agriculture\\.\\<\\\/span\\> \\(source Wikipedia\\)\\<\\\/p\\>\"; toolTips('.classtoolTips174',tt_store_content,'11364'); <\/script><script type=\"text\/javascript\"> var tt_store_content = \"\\<p style\\='text\\-align\\: center;'\\>\\<span style\\='font\\-size\\: 14pt;'\\>\\<strong\\>P\\<\\\/strong\\>\\<\\\/span\\>\\<span style\\='font\\-size\\: 14pt;'\\>lan \\<strong\\>L\\<\\\/strong\\>\\<\\\/span\\>\\<span style\\='font\\-size\\: 14pt;'\\>ocal d'\\<strong\\>U\\<\\\/strong\\>\\<\\\/span\\>\\<span style\\='font\\-size\\: 14pt;'\\>rbanisme\\<\\\/span\\>\\<\\\/p\\><br\/>&nbsp;\"; toolTips('.classtoolTips176',tt_store_content,'4979'); <\/script><script type=\"text\/javascript\"> var tt_store_content = \"\\<p\\>Conseil \u00c9conomique et Social\\<\\\/p\\>\"; toolTips('.classtoolTips180',tt_store_content,'29829'); <\/script><script type=\"text\/javascript\"> var tt_store_content = \"\\<p style\\='text\\-align\\: center;'\\>\\<strong\\>Conseil National de la R\u00e9sistance\\<\\\/strong\\>\\<\\\/p\\><br\/>\\<p style\\='text\\-align\\: center;'\\>\\<a href\\='https\\:\\\/\\\/fr\\.wikipedia\\.org\\\/wiki\\\/Conseil_national_de_la_R%C3%A9sistance' target\\='_blank' rel\\='noopener'\\>\\(voir ici la fiche Wikip\u00e9dia du <span class='tooltipsall tooltip_post_id_3761 classtoolTips187'>CNR<\/span>\\)\\<\\\/a\\>\\<\\\/p\\>\"; toolTips('.classtoolTips187',tt_store_content,'3761'); <\/script><script type=\"text\/javascript\"> var tt_store_content = \"\\<p style\\='text\\-align\\: center;'\\>\\<span style\\='font\\-size\\: 14pt;'\\>\\<strong\\>A\\<\\\/strong\\>gence \\<strong\\>R\\<\\\/strong\\>\u00e9gionale de \\<strong\\>S\\<\\\/strong\\>ant\u00e9\\<\\\/span\\>\\<\\\/p\\>\"; toolTips('.classtoolTips188',tt_store_content,'18356'); <\/script><script type=\"text\/javascript\"> var tt_store_content = \"\\<p style\\='text\\-align\\: center;'\\>\\<span style\\='font\\-size\\: 14pt;'\\>\\<strong\\>G\\<\\\/strong\\>roupement \\<strong\\>H\\<\\\/strong\\>ospitalier de \\<strong\\>T\\<\\\/strong\\>erritoire\\<\\\/span\\>\\<\\\/p\\><br\/>\\<p style\\='text\\-align\\: justify;'\\>Les groupements hospitaliers de territoires, dispositif pr\u00e9vu par la loi de sant\u00e9 2016, sont un nouveau mode de coop\u00e9ration entre les \u00e9tablissements publics de sant\u00e9 \u00e0 l\u2019\u00e9chelle d\u2019un territoire\\<\\\/p\\>\"; toolTips('.classtoolTips189',tt_store_content,'18358'); <\/script><script type=\"text\/javascript\"> var tt_store_content = \"\\<p style\\='text\\-align\\: center;'\\>\\<span style\\='font\\-size\\: 14pt;'\\>\\<strong\\>C\\<\\\/strong\\>omit\u00e9 \\<strong\\>T\\<\\\/strong\\>echnique d'\\<strong\\>\u00c9\\<\\\/strong\\>tablissement\\<\\\/span\\>\\<\\\/p\\>\"; toolTips('.classtoolTips191',tt_store_content,'18359'); <\/script><script type=\"text\/javascript\"> var tt_store_content = \"\\<p style\\='text\\-align\\: center;'\\>\\<strong\\>\\<span style\\='font\\-size\\: 14pt;'\\>P\\<\\\/span\\>\\<\\\/strong\\>\\<span style\\='font\\-size\\: 14pt;'\\>rogrammation \\<strong\\>P\\<\\\/strong\\>luri\\-annuelle de l'\\<strong\\>\u00c9\\<\\\/strong\\>nergie\\<\\\/span\\>\\<\\\/p\\><br\/>La PPE est est en France un document strat\u00e9gique de pilotage de la transition \u00e9nerg\u00e9tique\\. Institu\u00e9e par l'article 176 de la loi transition \u00e9nerg\u00e9tique \\(TECV\\)\\. Elle fixe \\(par \u00e9nergie\\) une trajectoire pour le mix \u00e9nerg\u00e9tique, ainsi que \u00ab&nbsp;\\<em\\>les priorit\u00e9s d'action pour la gestion de l\u2019ensemble des formes d'\u00e9nergie sur le territoire m\u00e9tropolitain continental, afin d\u2019atteindre les objectifs nationaux fix\u00e9s par la loi\\<\\\/em\\>&nbsp;\u00bb\\.<br\/><br\/>Initi\u00e9e en 2016, elle est r\u00e9vis\u00e9e en 2018 puis ensuite tous les 5 ans\\.<br\/><br\/>\\<a href\\='https\\:\\\/\\\/fr\\.wikipedia\\.org\\\/wiki\\\/Programmation_pluriannuelle_de_l'\u00e9nergi' target\\='_blank' rel\\='noopener'\\>\\<em\\>Voir ici la page Wikipedia consacr\u00e9e \u00e0 la PPE\\<\\\/em\\>\\<\\\/a\\><br\/>\\<a href\\='https\\:\\\/\\\/ppe\\.debatpublic\\.fr\\\/' target\\='_blank' rel\\='noopener'\\>\\<em\\>Voir ici la page du site 'Commission du D\u00e9bat Public' consacr\u00e9e \u00e0 la PPE\\<\\\/em\\>\\<\\\/a\\>\"; toolTips('.classtoolTips193',tt_store_content,'7102'); <\/script><script type=\"text\/javascript\"> var tt_store_content = \"\\<p style\\='text\\-align\\: center;'\\>\\<span style\\='font\\-size\\: 14pt;'\\>\\<strong\\>E\\<\\\/strong\\>volutionary \\<strong\\>P\\<\\\/strong\\>ower \\<strong\\>R\\<\\\/strong\\>eactor\\<\\\/span\\>\\<\\\/p\\><br\/>\\<p style\\='text\\-align\\: justify;'\\>R\u00e9acteur nucl\u00e9aire de troisi\u00e8me g\u00e9n\u00e9ration \\(classification internationale\\), con\u00e7u et d\u00e9velopp\u00e9 par <span class='tooltipsall tooltip_post_id_5121 classtoolTips35'>Areva NP<\/span>&nbsp; au cours des ann\u00e9es 1990 et 2000\\. Il fait partie de la fili\u00e8re des r\u00e9acteurs \u00e0 eau pressuris\u00e9e\\.\\<\\\/p\\><br\/>\\<a href\\='https\\:\\\/\\\/fr\\.wikipedia\\.org\\\/wiki\\\/R%C3%A9acteur_pressuris%C3%A9_europ%C3%A9en' target\\='_blank' rel\\='noopener'\\>\\<em\\>Voir ici la fiche Wikipedia <span class='tooltipsall tooltip_post_id_5579 classtoolTips196'>EPR<\/span>\\<\\\/em\\>\\<\\\/a\\>\"; toolTips('.classtoolTips196',tt_store_content,'5579'); <\/script><script type=\"text\/javascript\"> var tt_store_content = \"\\<p\\><span class='tooltipsall tooltip_post_id_21204 classtoolTips199'>COV<\/span> \\= Compos\u00e9 Organique Volatile\\<\\\/p\\>\"; toolTips('.classtoolTips199',tt_store_content,'21204'); <\/script><script type=\"text\/javascript\"> var tt_store_content = \"\\<p style\\='text\\-align\\: center;'\\>\\<strong\\>R\\<\\\/strong\\>\u00e9seau \\<strong\\>A\\<\\\/strong\\>ction \\<strong\\>C\\<\\\/strong\\>limat\\<\\\/p\\><br\/>Le r\u00e9seau Action Climat '\\<em\\>f\u00e9d\u00e8re les associations impliqu\u00e9es dans la lutte contre les changements climatiques et pour une transition \u00e9cologique, solidaire et \u00e9quitable\\<\\\/em\\>'\\.<br\/><br\/>\\<a href\\='https\\:\\\/\\\/reseauactionclimat\\.org\\\/' target\\='_blank' rel\\='noopener'\\>Voir le site du <span class='tooltipsall tooltip_post_id_4309 classtoolTips200'>RAC<\/span>\\<\\\/a\\>\"; toolTips('.classtoolTips200',tt_store_content,'4309'); <\/script><script type=\"text\/javascript\"> var tt_store_content = \"\\<p style\\='text\\-align\\: center;'\\>\\<strong\\>\\<span style\\='font\\-size\\: 14pt;'\\>R\\<\\\/span\\>\\<\\\/strong\\>\\<span style\\='font\\-size\\: 14pt;'\\>eferendum d'\\<strong\\>I\\<\\\/strong\\>nitiative \\<strong\\>C\\<\\\/strong\\>itoyenne\\<\\\/span\\>\\<\\\/p\\>\"; toolTips('.classtoolTips205',tt_store_content,'12268'); <\/script><script type=\"text\/javascript\"> var tt_store_content = \"\\<p\\><span class='tooltipsall tooltip_post_id_25844 classtoolTips208'>RTE<\/span> \\= R\u00e9seau de Transport d'Electricit\u00e9 est une filiale d'<span class='tooltipsall tooltip_post_id_7035 classtoolTips178'>EDF<\/span> qui est l'actionnaire majoritaire avec 50,1% des parts le reste \u00e9tant partag\u00e9 par la CDC et la CNP\\<\\\/p\\>\"; toolTips('.classtoolTips208',tt_store_content,'25844'); <\/script><script type=\"text\/javascript\"> var tt_store_content = \"\\<p style\\='text\\-align\\: center;'\\>\\<span style\\='font\\-size\\: 14pt;'\\>\\<strong\\>O\\<\\\/strong\\>rganisation\\<strong\\> N\\<\\\/strong\\>on\\<strong\\> G\\<\\\/strong\\>ouvernementale\\<\\\/span\\>\\<\\\/p\\><br\/>Une organisation non gouvernementale \\(<span class='tooltipsall tooltip_post_id_3579 classtoolTips210'>ONG<\/span>\\) est une \\<a title\\='Association \u00e0 but non lucratif' href\\='https\\:\\\/\\\/fr\\.wikipedia\\.org\\\/wiki\\\/Association_%C3%A0_but_non_lucratif' target\\='_blank' rel\\='noopener'\\>association \u00e0 but non lucratif\\<\\\/a\\>, d'int\u00e9r\u00eat public, qui ne rel\u00e8ve ni de l'\u00c9tat, ni d'institutions internationales\\<sup id\\='cite_ref\\-novethic_1\\-0' class\\='reference'\\>\\<\\\/sup\\>\\. Les ONG n'ont pas le statut de sujet de \\<a title\\='Droit international public' href\\='https\\:\\\/\\\/fr\\.wikipedia\\.org\\\/wiki\\\/Droit_international_public' target\\='_blank' rel\\='noopener'\\>droit international\\<\\\/a\\>\\.\"; toolTips('.classtoolTips210',tt_store_content,'3579'); <\/script><script type=\"text\/javascript\"> var tt_store_content = \"\\<p style\\='text\\-align\\: center;'\\>\\<span style\\='font\\-size\\: 14pt;'\\>\\<strong\\>O\\<\\\/strong\\>rganisation\\<strong\\> N\\<\\\/strong\\>on\\<strong\\> G\\<\\\/strong\\>ouvernementale\\<\\\/span\\>\\<\\\/p\\><br\/>Une organisation non gouvernementale \\(ONG\\) est une \\<a title\\='Association \u00e0 but non lucratif' href\\='https\\:\\\/\\\/fr\\.wikipedia\\.org\\\/wiki\\\/Association_%C3%A0_but_non_lucratif' target\\='_blank' rel\\='noopener'\\>association \u00e0 but non lucratif\\<\\\/a\\>, d'int\u00e9r\u00eat public, qui ne rel\u00e8ve ni de l'\u00c9tat, ni d'institutions internationales\\<sup id\\='cite_ref\\-novethic_1\\-0' class\\='reference'\\>\\<\\\/sup\\>\\. Les ONG n'ont pas le statut de sujet de \\<a title\\='Droit international public' href\\='https\\:\\\/\\\/fr\\.wikipedia\\.org\\\/wiki\\\/Droit_international_public' target\\='_blank' rel\\='noopener'\\>droit international\\<\\\/a\\>\\.\"; toolTips('.classtoolTips210',tt_store_content,'3579'); <\/script><script type=\"text\/javascript\"> var tt_store_content = \"\\<p\\><span class='tooltipsall tooltip_post_id_24572 classtoolTips211'>MIT<\/span> \\= Massachussets Institute of Technology, prestigieuse universit\u00e9 am\u00e9ricaine de la c\u00f4te est\\<\\\/p\\>\"; toolTips('.classtoolTips211',tt_store_content,'24572'); <\/script><script type=\"text\/javascript\"> var tt_store_content = \"\\<p style\\='text\\-align\\: center;'\\>\\<strong\\>J\\<\\\/strong\\>eux \\<strong\\>O\\<\\\/strong\\>lympiques<br\/>ou<br\/>\\<strong\\>J\\<\\\/strong\\>ournal \\<strong\\>O\\<\\\/strong\\>fficiel de la R\u00e9publique Fran\u00e7aise\\<\\\/p\\>\"; toolTips('.classtoolTips213',tt_store_content,'4451'); <\/script><script type=\"text\/javascript\"> var tt_store_content = \"\\<p\\><span class='tooltipsall tooltip_post_id_30593 classtoolTips214'>RN<\/span> \\= Rassemble National, c'est le parti d'extr\u00eame droite de Marine Le Pen qui succ\u00e8de au FN \\= Front National fond\u00e9 par son p\u00e8re Jean Marie Le Pen\\<\\\/p\\>\"; toolTips('.classtoolTips214',tt_store_content,'30593'); <\/script><script type=\"text\/javascript\"> var tt_store_content = \"\\<p style\\='text\\-align\\: center;'\\>\\<span style\\='font\\-size\\: 14pt;'\\>\\<strong\\>C\\<\\\/strong\\>entre \\<strong\\>H\\<\\\/strong\\>ospitalier\\<\\\/span\\>\\<\\\/p\\>\"; toolTips('.classtoolTips220',tt_store_content,'18357'); <\/script><script type=\"text\/javascript\"> var tt_store_content = \"\\<p\\>D\u00e9chets radioactifs \u00e0 Haute Activit\u00e9 \\(classement <span class='tooltipsall tooltip_post_id_3612 classtoolTips79'>ANDRA<\/span>\\)\\<\\\/p\\>\"; toolTips('.classtoolTips223',tt_store_content,'19196'); <\/script>_______________________<br>Notes<ol class=\"footnotes\"><li id=\"footnote_1_23520\" class=\"footnote\">J\u2019ai trouv\u00e9 \u00e0 l\u2019OMS le <strong>Plan d\u2019Urgence Sanitaire obligatoire,<\/strong> sign\u00e9 en 2005, avec 185 pays dont la France. Ce plan pr\u00e9voyait les mesures \u00e0 prendre en cas d\u2019urgence sanitaire ainsi qu\u2019une m\u00e9thodologie. Notamment par rapport aux droits des personnes : prendre des d\u00e9cisions politiques adapt\u00e9es, \u00e9viter toutes les mesures qui feraient peur o\u00f9 ne seraient pas pour la sant\u00e9 et le bien-\u00eatre de la population. Le bon sens populaire nous fait comprendre que la France a fait tout le contraire : masques ? amendes ? confinements ?<span class=\"footnote-back-link-wrapper\">[<a href=\"#identifier_1_23520\" class=\"footnote-link footnote-back-link\">&#8617;<\/a>]<\/span><\/li><li id=\"footnote_2_23520\" class=\"footnote\">Lequel s\u2019est ent\u00eat\u00e9 en permettant seulement aux professionnels et aux jeunes sportifs d\u2019utiliser les remontes-pentes\u2026 Quant aux autres, ils prendraient le virus\u2026 Surtout en plein air. Ridicule !<span class=\"footnote-back-link-wrapper\">[<a href=\"#identifier_2_23520\" class=\"footnote-link footnote-back-link\">&#8617;<\/a>]<\/span><\/li><li id=\"footnote_3_23520\" class=\"footnote\">Quelques inepties pour l\u2019humour : 6 adultes pour le repas de No\u00ebl et les vieux \u00e0 la cuisine \/ Savoir qui va cuisiner \/ Pr\u00e9voir un plan de table \/ A\u00e9rer la pi\u00e8ce, mais il est conseill\u00e9 de ne pas sortir \/ Se laver les mains apr\u00e8s avoir ouvert son cadeau \/ Pas de bisous \/ R\u00e9duire la longueur des repas \/ Prendre l\u2019ap\u00e9ritif debout.<span class=\"footnote-back-link-wrapper\">[<a href=\"#identifier_3_23520\" class=\"footnote-link footnote-back-link\">&#8617;<\/a>]<\/span><\/li><li id=\"footnote_4_23520\" class=\"footnote\">Si complotisme il y a. De la part de qui et par qui ? Il faut se poser la question, en termes de profits et de pouvoir, \u00e0 qui profite cette situation.<span class=\"footnote-back-link-wrapper\">[<a href=\"#identifier_4_23520\" class=\"footnote-link footnote-back-link\">&#8617;<\/a>]<\/span><\/li><\/ol>_______________________","protected":false},"excerpt":{"rendered":"<p>J\u2019h\u00e9site entre deux options.<br \/>\n&#8211;\tSoit il s\u2019agit d\u2019une manipulation calcul\u00e9e qui serait mortif\u00e8re afin de nous faire accepter un syst\u00e8me politique que la majorit\u00e9 de nos concitoyens refusent\u2026<br \/>\n&#8211;\tSoit nous sommes gouvern\u00e9s par une bande d\u2019incapables qui, \u00e0 force d\u2019erreurs successives, ont mis en grande difficult\u00e9 l\u2019\u00e9conomie, ont d\u00e9construit nos relations et anesth\u00e9sier notre soci\u00e9t\u00e9, laquelle n\u2019avait pas besoin de cela\u2026<br \/>\n<script type=\"text\/javascript\"> var tt_store_content = \"\\<\/p>\n<p style\\='text\\-align\\: justify;'\\>\\<span class\\='ht'\\>Est <span class='tooltipsall tooltip_post_id_5157 classtoolTips23'>agnostique<\/span> celui \\<\\\/span\\>qui '\\<em\\>consid\u00e8re que l'absolu est inaccessible \u00e0 l'esprit humain et qui pr\u00e9conise le refus de toute solution aux probl\u00e8mes m\u00e9taphysiques\\<\\\/em\\>' \\(\\<em\\>Larousse\\)\\.\\<\\\/em\\>\\<\\\/p\\><br \/>\\<\/p>\n<p style\\='text\\-align\\: justify;'\\>Vu sous l'angle des religions, on peut dire que l'agnostique \\<em\\>\\(prononcer ag\\-nostique\\) \\<\\\/em\\>consid\u00e8re l'absolu et sa dimension transcendantale, mais se refuse \u00e0 lui donner un nom \\(J\u00e9hovah, Dieu, Allah, Churchill, Dow\\-Jones, etc\\.\\), un discours, des attributs, un pouvoir sur l'humain, etc\\.\\<\\\/p\\>\"; toolTips('.classtoolTips23',tt_store_content,'5157'); <\/script><script type=\"text\/javascript\"> var tt_store_content = \"\\<span class\\='st'\\>L'Institut National de la Statistique et des Etudes Economiques collecte, produit, analyse et diffuse des informations sur l'\u00e9conomie et la soci\u00e9t\u00e9 fran\u00e7aises\\.\\<\\\/span\\>\"; toolTips('.classtoolTips82',tt_store_content,'6978'); <\/script><script type=\"text\/javascript\"> var tt_store_content = \"\\<span class\\='st'\\>L'Institut National de la Statistique et des Etudes Economiques collecte, produit, analyse et diffuse des informations sur l'\u00e9conomie et la soci\u00e9t\u00e9 fran\u00e7aises\\.\\<\\\/span\\>\"; toolTips('.classtoolTips82',tt_store_content,'6978'); <\/script><script type=\"text\/javascript\"> var tt_store_content = \"\\<\/p>\n<p style\\='text\\-align\\: center;'\\>\\<span style\\='font\\-size\\: 14pt;'\\>\\<strong\\>C\\<\\\/strong\\>entre \\<strong\\>N\\<\\\/strong\\>ational de la \\<strong\\>R\\<\\\/strong\\>echerche \\<strong\\>S\\<\\\/strong\\>cientifique\\<\\\/span\\>\\<\\\/p\\><br \/>&nbsp;<\/p>\n<p>\\<a href\\='https\\:\\\/\\\/fr\\.wikipedia\\.org\\\/wiki\\\/Centre_national_de_la_recherche_scientifique' target\\='_blank' rel\\='noopener'\\>Acc\u00e9der ici \u00e0 la fiche Wikipedia du <span class='tooltipsall tooltip_post_id_5636 classtoolTips101'>CNRS<\/span>\\<\\\/a\\><br \/>\\<a href\\='http\\:\\\/\\\/www\\.cnrs\\.fr\\\/' target\\='_blank' rel\\='noopener'\\>Acc\u00e9der ici au site du CNRS\\<\\\/a\\>\"; toolTips('.classtoolTips101',tt_store_content,'5636'); <\/script><script type=\"text\/javascript\"> var tt_store_content = \"Le <span class='tooltipsall tooltip_post_id_3743 classtoolTips128'>CIRC<\/span> est le&nbsp; \\<a href\\='https\\:\\\/\\\/fr\\.wikipedia\\.org\\\/wiki\\\/Centre_international_de_recherche_sur_le_cancer' target\\='_blank' rel\\='noopener'\\>Centre international de Recherche sur le Cancer\\<\\\/a\\>, cr\u00e9\u00e9 en 1965 par l\u2019\\<a href\\='https\\:\\\/\\\/fr\\.wikipedia\\.org\\\/wiki\\\/Organisation_mondiale_de_la_sant%C3%A9' target\\='_blank' rel\\='noopener'\\>Organisation Mondiale de la Sant\u00e9\\<\\\/a\\> \\(OMS\\) des \\<a href\\='https\\:\\\/\\\/fr\\.wikipedia\\.org\\\/wiki\\\/Organisation_des_Nations_unies' target\\='_blank' rel\\='noopener'\\>Nations Unies\\<\\\/a\\>\\.\"; toolTips('.classtoolTips128',tt_store_content,'3743'); <\/script><script type=\"text\/javascript\"> var tt_store_content = \"\\<p\\><span class='tooltipsall tooltip_post_id_19394 classtoolTips134'>SAGE<\/span> \\= \\<span class\\='st'\\> sch\u00e9ma d'am\u00e9nagement et de gestion de l'eau\\<\\\/span\\> , c'est un outil de planification qui concerne l'ensemble des eaux situ\u00e9es dans un bassin versant\\<\\\/p\\>\"; toolTips('.classtoolTips134',tt_store_content,'19394'); <\/script><script type=\"text\/javascript\"> var tt_store_content = \"\\<\/p>\n<p style\\='text\\-align\\: center;'\\>\\<strong\\>\\<span style\\='font\\-size\\: 14pt;'\\>S\\<\\\/span\\>\\<\\\/strong\\>\\<span style\\='font\\-size\\: 14pt;'\\>oci\u00e9t\u00e9 d'\\<strong\\>\u00c9\\<\\\/strong\\>conomie \\<strong\\>M\\<\\\/strong\\>ixte\\<\\\/span\\>\\<\\\/p\\><br \/>\\<\/p>\n<p style\\='text\\-align\\: justify;'\\>En France, une soci\u00e9t\u00e9 d'\u00e9conomie mixte est une soci\u00e9t\u00e9 anonyme dont le capital est majoritairement d\u00e9tenu par une ou plusieurs personnes publiques \\(\u00e0 savoir l'\u00c9tat, une Collectivit\u00e9 territoriale, ou tout autre \u00c9tablissement public\\)\\. Cette participation majoritaire publique est plafonn\u00e9e \u00e0 85&nbsp;% du capital depuis la Loi du 2 janvier 2002\\. Au moins une personne priv\u00e9e doit participer au capital de la <span class='tooltipsall tooltip_post_id_7168 classtoolTips142'>SEM<\/span>, sachant qu'il peut s'agir d'une autre SEM\\.\\<\\\/p\\><br \/>\\<\/p>\n<p style\\='text\\-align\\: justify;'\\>\\<strong\\>Le recours \u00e0 la SEM garantit\\<\\\/strong\\> \u00e0 la collectivit\u00e9 publique actionnaire et cocontractante \\<strong\\>la prise en compte effective de l'int\u00e9r\u00eat g\u00e9n\u00e9ral\\<\\\/strong\\> dans les objectifs de l'entreprise \\<strong\\>et la souplesse de la soci\u00e9t\u00e9 de droit priv\u00e9\\<\\\/strong\\>\\.\\<\\\/p\\><br \/>\\<em\\>\\<a href\\='https\\:\\\/\\\/fr\\.wikipedia\\.org\\\/wiki\\\/Soci%C3%A9t%C3%A9_d%27%C3%A9conomie_mixte' target\\='_blank' rel\\='noopener'\\>Voir ici la page Wikipedia consacr\u00e9e aux SEM\\<\\\/a\\> \\<\\\/em\\><\/p>\n<p>&nbsp;\"; toolTips('.classtoolTips142',tt_store_content,'7168'); <\/script><script type=\"text\/javascript\"> var tt_store_content = \"\\<\/p>\n<p style\\='text\\-align\\: center;'\\>\\<span style\\='font\\-size\\: 14pt;'\\>\\<strong\\>I\\<\\\/strong\\>mp\u00f4t sur la \\<strong\\>F\\<\\\/strong\\>ortune \\<strong\\>I\\<\\\/strong\\>mmobili\u00e8re\\<\\\/span\\>\\<\\\/p\\>\"; toolTips('.classtoolTips148',tt_store_content,'5643'); <\/script><script type=\"text\/javascript\"> var tt_store_content = \"\\<\/p>\n<p style\\='text\\-align\\: center;'\\>\\<span style\\='font\\-size\\: 14pt;'\\>\\<strong\\>R\\<\\\/strong\\>\u00e9pertoire \\<strong\\>N\\<\\\/strong\\>ational des \\<strong\\>A\\<\\\/strong\\>ssociations\\<\\\/span\\>\\<\\\/p\\>\"; toolTips('.classtoolTips159',tt_store_content,'24374'); <\/script><script type=\"text\/javascript\"> var tt_store_content = \"\\<\/p>\n<p style\\='text\\-align\\: center;'\\>\\<strong\\>\\<span style\\='font\\-size\\: 14pt;'\\>G\\<\\\/span\\>\\<\\\/strong\\>\\<span style\\='font\\-size\\: 14pt;'\\>az \u00e0 \\<strong\\>E\\<\\\/strong\\>ffet de \\<strong\\>S\\<\\\/strong\\>erre\\<\\\/span\\>\\<\\\/p\\><br \/>\\<\/p>\n<p style\\='text\\-align\\: justify;'\\>Les gaz \u00e0 effet de serre \\(<span class='tooltipsall tooltip_post_id_7232 classtoolTips161'>GES<\/span>\\) sont des composants gazeux qui absorbent le rayonnement infrarouge \u00e9mis par la surface terrestre et contribuent \u00e0 l'effet de serre\\. L'augmentation de leur concentration dans l'atmosph\u00e8re terrestre est l'un des facteurs \u00e0 l'origine du r\u00e9chauffement climatique\\.\\<\\\/p\\><br \/>\\<a href\\='https\\:\\\/\\\/fr\\.wikipedia\\.org\\\/wiki\\\/Gaz_%C3%A0_effet_de_serre' target\\='_blank' rel\\='noopener'\\>\\<em\\>Voir ici la fiche Wikipedia sur les gaz \u00e0 effet de serre\\<\\\/em\\>\\<\\\/a\\>\"; toolTips('.classtoolTips161',tt_store_content,'7232'); <\/script><script type=\"text\/javascript\"> var tt_store_content = \"\\<\/p>\n<p style\\='text\\-align\\: justify'\\>La \u00ab\u00a0\\<b\\>programmation pluriannuelle de l'\u00e9nergie\\<\\\/b\\>\u00a0\u00bb \\(<span class='tooltipsall tooltip_post_id_7750 classtoolTips164'>PPE<\/span>\\) est, en France, un document strat\u00e9gique de pilotage de la transition \u00e9nerg\u00e9tique\\. Institu\u00e9e par l'article 176 de la \\<a title\\='Loi relative \u00e0 la transition \u00e9nerg\u00e9tique pour la croissance verte' href\\='https\\:\\\/\\\/fr\\.wikipedia\\.org\\\/wiki\\\/Loi_relative_%C3%A0_la_transition_%C3%A9nerg%C3%A9tique_pour_la_croissance_verte'\\>loi de transition \u00e9nerg\u00e9tique\\<\\\/a\\> \\(TECV\\), elle fixe une trajectoire pour le \\<a title\\='Mix \u00e9nerg\u00e9tique' href\\='https\\:\\\/\\\/fr\\.wikipedia\\.org\\\/wiki\\\/Mix_%C3%A9nerg%C3%A9tique'\\>mix \u00e9nerg\u00e9tique\\<\\\/a\\>, ainsi que \\<span class\\='citation'\\>\u00ab\u00a0les priorit\u00e9s d'action pour la gestion de l\u2019ensemble des formes d'\u00e9nergie sur le territoire m\u00e9tropolitain continental, afin d\u2019atteindre les objectifs nationaux fix\u00e9s par la loi\u00a0\u00bb\\<\\\/span\\>\\. \\(Wikip\u00e9dia\\)\\<\\\/p\\>\"; toolTips('.classtoolTips164',tt_store_content,'7750'); <\/script><script type=\"text\/javascript\"> var tt_store_content = \"\\<\/p>\n<p style\\='text\\-align\\: justify'\\>La \u00ab\u00a0\\<b\\>programmation pluriannuelle de l'\u00e9nergie\\<\\\/b\\>\u00a0\u00bb \\(PPE\\) est, en France, un document strat\u00e9gique de pilotage de la transition \u00e9nerg\u00e9tique\\. Institu\u00e9e par l'article 176 de la \\<a title\\='Loi relative \u00e0 la transition \u00e9nerg\u00e9tique pour la croissance verte' href\\='https\\:\\\/\\\/fr\\.wikipedia\\.org\\\/wiki\\\/Loi_relative_%C3%A0_la_transition_%C3%A9nerg%C3%A9tique_pour_la_croissance_verte'\\>loi de transition \u00e9nerg\u00e9tique\\<\\\/a\\> \\(TECV\\), elle fixe une trajectoire pour le \\<a title\\='Mix \u00e9nerg\u00e9tique' href\\='https\\:\\\/\\\/fr\\.wikipedia\\.org\\\/wiki\\\/Mix_%C3%A9nerg%C3%A9tique'\\>mix \u00e9nerg\u00e9tique\\<\\\/a\\>, ainsi que \\<span class\\='citation'\\>\u00ab\u00a0les priorit\u00e9s d'action pour la gestion de l\u2019ensemble des formes d'\u00e9nergie sur le territoire m\u00e9tropolitain continental, afin d\u2019atteindre les objectifs nationaux fix\u00e9s par la loi\u00a0\u00bb\\<\\\/span\\>\\. \\(Wikip\u00e9dia\\)\\<\\\/p\\>\"; toolTips('.classtoolTips164',tt_store_content,'7750'); <\/script><script type=\"text\/javascript\"> var tt_store_content = \"\\<\/p>\n<p style\\='text\\-align\\: justify;'\\>Le Conseil d'Orientation des Retraites est une instance qui r\u00e9unit &nbsp;\\<span class\\='st'\\>les principaux acteurs du champ des retraites\\<\\\/span\\> et effectue un travail d'\u00e9tudes et de concertation\\. Compos\u00e9 de parlementaires, de repr\u00e9sentants des organisations professionnelles et syndicales, des retrait\u00e9s et des familles, de membres de l'administration et d'experts, le Conseil d'orientation des retraites \\(<span class='tooltipsall tooltip_post_id_7751 classtoolTips165'>COR<\/span>\\) est plac\u00e9 aupr\u00e8s du Premier ministre\\.\\<\\\/p\\>\"; toolTips('.classtoolTips165',tt_store_content,'7751'); <\/script><script type=\"text\/javascript\"> var tt_store_content = \"\\<\/p>\n<p style\\='text\\-align\\: center;'\\>\\<span style\\='font\\-size\\: 14pt;'\\>\\<strong\\>O\\<\\\/strong\\>rganisation \\<strong\\>M\\<\\\/strong\\>\u00e9t\u00e9orologique \\<strong\\>M\\<\\\/strong\\>ondiale<br \/>\\<strong\\>W\\<\\\/strong\\>orld \\<strong\\>M\\<\\\/strong\\>eteorological \\<strong\\>O\\<\\\/strong\\>rganization\\<\\\/span\\>\\<\\\/p\\><br \/>&nbsp;<\/p>\n<p>\\<a href\\='https\\:\\\/\\\/public\\.wmo\\.int\\\/fr' target\\='_blank' rel\\='noopener'\\>\\<em\\>Acc\u00e9der ici au site de l'organisation\\<\\\/em\\>\\<\\\/a\\>\"; toolTips('.classtoolTips168',tt_store_content,'7763'); <\/script><script type=\"text\/javascript\"> var tt_store_content = \"\\<\/p>\n<p style\\='text\\-align\\: center;'\\>\\<span style\\='font\\-size\\: 14pt;'\\>\\<strong\\>\u00c9\\<\\\/strong\\>cole \\<strong\\>N\\<\\\/strong\\>ationale d'\\<strong\\>A\\<\\\/strong\\>dministration\\<\\\/span\\>\\<\\\/p\\>\"; toolTips('.classtoolTips170',tt_store_content,'5213'); <\/script><script type=\"text\/javascript\"> var tt_store_content = \"\\<\/p>\n<p style\\='text\\-align\\: justify'\\>\\<span class\\='ILfuVd'\\>La politique agricole commune \\(\\<b\\><span class='tooltipsall tooltip_post_id_11364 classtoolTips174'>PAC<\/span>\\<\\\/b\\>\\) est une politique mise en place \u00e0 l'\u00e9chelle de l'Union europ\u00e9enne\\. \u00c0 l'origine, elle est fond\u00e9e principalement sur des mesures de contr\u00f4le des prix et de subventionnement, visant \u00e0 moderniser et d\u00e9velopper l'agriculture\\.\\<\\\/span\\> \\(source Wikipedia\\)\\<\\\/p\\>\"; toolTips('.classtoolTips174',tt_store_content,'11364'); <\/script><script type=\"text\/javascript\"> var tt_store_content = \"\\<\/p>\n<p style\\='text\\-align\\: center;'\\>\\<span style\\='font\\-size\\: 14pt;'\\>\\<strong\\>P\\<\\\/strong\\>\\<\\\/span\\>\\<span style\\='font\\-size\\: 14pt;'\\>lan \\<strong\\>L\\<\\\/strong\\>\\<\\\/span\\>\\<span style\\='font\\-size\\: 14pt;'\\>ocal d'\\<strong\\>U\\<\\\/strong\\>\\<\\\/span\\>\\<span style\\='font\\-size\\: 14pt;'\\>rbanisme\\<\\\/span\\>\\<\\\/p\\><br \/>&nbsp;\"; toolTips('.classtoolTips176',tt_store_content,'4979'); <\/script><script type=\"text\/javascript\"> var tt_store_content = \"\\<p\\>Conseil \u00c9conomique et Social\\<\\\/p\\>\"; toolTips('.classtoolTips180',tt_store_content,'29829'); <\/script><script type=\"text\/javascript\"> var tt_store_content = \"\\<\/p>\n<p style\\='text\\-align\\: center;'\\>\\<strong\\>Conseil National de la R\u00e9sistance\\<\\\/strong\\>\\<\\\/p\\><br \/>\\<\/p>\n<p style\\='text\\-align\\: center;'\\>\\<a href\\='https\\:\\\/\\\/fr\\.wikipedia\\.org\\\/wiki\\\/Conseil_national_de_la_R%C3%A9sistance' target\\='_blank' rel\\='noopener'\\>\\(voir ici la fiche Wikip\u00e9dia du <span class='tooltipsall tooltip_post_id_3761 classtoolTips187'>CNR<\/span>\\)\\<\\\/a\\>\\<\\\/p\\>\"; toolTips('.classtoolTips187',tt_store_content,'3761'); <\/script><script type=\"text\/javascript\"> var tt_store_content = \"\\<\/p>\n<p style\\='text\\-align\\: center;'\\>\\<span style\\='font\\-size\\: 14pt;'\\>\\<strong\\>A\\<\\\/strong\\>gence \\<strong\\>R\\<\\\/strong\\>\u00e9gionale de \\<strong\\>S\\<\\\/strong\\>ant\u00e9\\<\\\/span\\>\\<\\\/p\\>\"; toolTips('.classtoolTips188',tt_store_content,'18356'); <\/script><script type=\"text\/javascript\"> var tt_store_content = \"\\<\/p>\n<p style\\='text\\-align\\: center;'\\>\\<span style\\='font\\-size\\: 14pt;'\\>\\<strong\\>G\\<\\\/strong\\>roupement \\<strong\\>H\\<\\\/strong\\>ospitalier de \\<strong\\>T\\<\\\/strong\\>erritoire\\<\\\/span\\>\\<\\\/p\\><br \/>\\<\/p>\n<p style\\='text\\-align\\: justify;'\\>Les groupements hospitaliers de territoires, dispositif pr\u00e9vu par la loi de sant\u00e9 2016, sont un nouveau mode de coop\u00e9ration entre les \u00e9tablissements publics de sant\u00e9 \u00e0 l\u2019\u00e9chelle d\u2019un territoire\\<\\\/p\\>\"; toolTips('.classtoolTips189',tt_store_content,'18358'); <\/script><script type=\"text\/javascript\"> var tt_store_content = \"\\<\/p>\n<p style\\='text\\-align\\: center;'\\>\\<span style\\='font\\-size\\: 14pt;'\\>\\<strong\\>C\\<\\\/strong\\>omit\u00e9 \\<strong\\>T\\<\\\/strong\\>echnique d'\\<strong\\>\u00c9\\<\\\/strong\\>tablissement\\<\\\/span\\>\\<\\\/p\\>\"; toolTips('.classtoolTips191',tt_store_content,'18359'); <\/script><script type=\"text\/javascript\"> var tt_store_content = \"\\<\/p>\n<p style\\='text\\-align\\: center;'\\>\\<strong\\>\\<span style\\='font\\-size\\: 14pt;'\\>P\\<\\\/span\\>\\<\\\/strong\\>\\<span style\\='font\\-size\\: 14pt;'\\>rogrammation \\<strong\\>P\\<\\\/strong\\>luri\\-annuelle de l'\\<strong\\>\u00c9\\<\\\/strong\\>nergie\\<\\\/span\\>\\<\\\/p\\><br \/>La PPE est est en France un document strat\u00e9gique de pilotage de la transition \u00e9nerg\u00e9tique\\. Institu\u00e9e par l'article 176 de la loi transition \u00e9nerg\u00e9tique \\(TECV\\)\\. Elle fixe \\(par \u00e9nergie\\) une trajectoire pour le mix \u00e9nerg\u00e9tique, ainsi que \u00ab&nbsp;\\<em\\>les priorit\u00e9s d'action pour la gestion de l\u2019ensemble des formes d'\u00e9nergie sur le territoire m\u00e9tropolitain continental, afin d\u2019atteindre les objectifs nationaux fix\u00e9s par la loi\\<\\\/em\\>&nbsp;\u00bb\\.<\/p>\n<p>Initi\u00e9e en 2016, elle est r\u00e9vis\u00e9e en 2018 puis ensuite tous les 5 ans\\.<\/p>\n<p>\\<a href\\='https\\:\\\/\\\/fr\\.wikipedia\\.org\\\/wiki\\\/Programmation_pluriannuelle_de_l'\u00e9nergi' target\\='_blank' rel\\='noopener'\\>\\<em\\>Voir ici la page Wikipedia consacr\u00e9e \u00e0 la PPE\\<\\\/em\\>\\<\\\/a\\><br \/>\\<a href\\='https\\:\\\/\\\/ppe\\.debatpublic\\.fr\\\/' target\\='_blank' rel\\='noopener'\\>\\<em\\>Voir ici la page du site 'Commission du D\u00e9bat Public' consacr\u00e9e \u00e0 la PPE\\<\\\/em\\>\\<\\\/a\\>\"; toolTips('.classtoolTips193',tt_store_content,'7102'); <\/script><script type=\"text\/javascript\"> var tt_store_content = \"\\<\/p>\n<p style\\='text\\-align\\: center;'\\>\\<span style\\='font\\-size\\: 14pt;'\\>\\<strong\\>E\\<\\\/strong\\>volutionary \\<strong\\>P\\<\\\/strong\\>ower \\<strong\\>R\\<\\\/strong\\>eactor\\<\\\/span\\>\\<\\\/p\\><br \/>\\<\/p>\n<p style\\='text\\-align\\: justify;'\\>R\u00e9acteur nucl\u00e9aire de troisi\u00e8me g\u00e9n\u00e9ration \\(classification internationale\\), con\u00e7u et d\u00e9velopp\u00e9 par <span class='tooltipsall tooltip_post_id_5121 classtoolTips35'>Areva NP<\/span>&nbsp; au cours des ann\u00e9es 1990 et 2000\\. Il fait partie de la fili\u00e8re des r\u00e9acteurs \u00e0 eau pressuris\u00e9e\\.\\<\\\/p\\><br \/>\\<a href\\='https\\:\\\/\\\/fr\\.wikipedia\\.org\\\/wiki\\\/R%C3%A9acteur_pressuris%C3%A9_europ%C3%A9en' target\\='_blank' rel\\='noopener'\\>\\<em\\>Voir ici la fiche Wikipedia <span class='tooltipsall tooltip_post_id_5579 classtoolTips196'>EPR<\/span>\\<\\\/em\\>\\<\\\/a\\>\"; toolTips('.classtoolTips196',tt_store_content,'5579'); <\/script><script type=\"text\/javascript\"> var tt_store_content = \"\\<p\\><span class='tooltipsall tooltip_post_id_21204 classtoolTips199'>COV<\/span> \\= Compos\u00e9 Organique Volatile\\<\\\/p\\>\"; toolTips('.classtoolTips199',tt_store_content,'21204'); <\/script><script type=\"text\/javascript\"> var tt_store_content = \"\\<\/p>\n<p style\\='text\\-align\\: center;'\\>\\<strong\\>R\\<\\\/strong\\>\u00e9seau \\<strong\\>A\\<\\\/strong\\>ction \\<strong\\>C\\<\\\/strong\\>limat\\<\\\/p\\><br \/>Le r\u00e9seau Action Climat '\\<em\\>f\u00e9d\u00e8re les associations impliqu\u00e9es dans la lutte contre les changements climatiques et pour une transition \u00e9cologique, solidaire et \u00e9quitable\\<\\\/em\\>'\\.<\/p>\n<p>\\<a href\\='https\\:\\\/\\\/reseauactionclimat\\.org\\\/' target\\='_blank' rel\\='noopener'\\>Voir le site du <span class='tooltipsall tooltip_post_id_4309 classtoolTips200'>RAC<\/span>\\<\\\/a\\>\"; toolTips('.classtoolTips200',tt_store_content,'4309'); <\/script><script type=\"text\/javascript\"> var tt_store_content = \"\\<\/p>\n<p style\\='text\\-align\\: center;'\\>\\<strong\\>\\<span style\\='font\\-size\\: 14pt;'\\>R\\<\\\/span\\>\\<\\\/strong\\>\\<span style\\='font\\-size\\: 14pt;'\\>eferendum d'\\<strong\\>I\\<\\\/strong\\>nitiative \\<strong\\>C\\<\\\/strong\\>itoyenne\\<\\\/span\\>\\<\\\/p\\>\"; toolTips('.classtoolTips205',tt_store_content,'12268'); <\/script><script type=\"text\/javascript\"> var tt_store_content = \"\\<p\\><span class='tooltipsall tooltip_post_id_25844 classtoolTips208'>RTE<\/span> \\= R\u00e9seau de Transport d'Electricit\u00e9 est une filiale d'<span class='tooltipsall tooltip_post_id_7035 classtoolTips178'>EDF<\/span> qui est l'actionnaire majoritaire avec 50,1% des parts le reste \u00e9tant partag\u00e9 par la CDC et la CNP\\<\\\/p\\>\"; toolTips('.classtoolTips208',tt_store_content,'25844'); <\/script><script type=\"text\/javascript\"> var tt_store_content = \"\\<\/p>\n<p style\\='text\\-align\\: center;'\\>\\<span style\\='font\\-size\\: 14pt;'\\>\\<strong\\>O\\<\\\/strong\\>rganisation\\<strong\\> N\\<\\\/strong\\>on\\<strong\\> G\\<\\\/strong\\>ouvernementale\\<\\\/span\\>\\<\\\/p\\><br \/>Une organisation non gouvernementale \\(<span class='tooltipsall tooltip_post_id_3579 classtoolTips210'>ONG<\/span>\\) est une \\<a title\\='Association \u00e0 but non lucratif' href\\='https\\:\\\/\\\/fr\\.wikipedia\\.org\\\/wiki\\\/Association_%C3%A0_but_non_lucratif' target\\='_blank' rel\\='noopener'\\>association \u00e0 but non lucratif\\<\\\/a\\>, d'int\u00e9r\u00eat public, qui ne rel\u00e8ve ni de l'\u00c9tat, ni d'institutions internationales\\<sup id\\='cite_ref\\-novethic_1\\-0' class\\='reference'\\>\\<\\\/sup\\>\\. Les ONG n'ont pas le statut de sujet de \\<a title\\='Droit international public' href\\='https\\:\\\/\\\/fr\\.wikipedia\\.org\\\/wiki\\\/Droit_international_public' target\\='_blank' rel\\='noopener'\\>droit international\\<\\\/a\\>\\.\"; toolTips('.classtoolTips210',tt_store_content,'3579'); <\/script><script type=\"text\/javascript\"> var tt_store_content = \"\\<\/p>\n<p style\\='text\\-align\\: center;'\\>\\<span style\\='font\\-size\\: 14pt;'\\>\\<strong\\>O\\<\\\/strong\\>rganisation\\<strong\\> N\\<\\\/strong\\>on\\<strong\\> G\\<\\\/strong\\>ouvernementale\\<\\\/span\\>\\<\\\/p\\><br \/>Une organisation non gouvernementale \\(ONG\\) est une \\<a title\\='Association \u00e0 but non lucratif' href\\='https\\:\\\/\\\/fr\\.wikipedia\\.org\\\/wiki\\\/Association_%C3%A0_but_non_lucratif' target\\='_blank' rel\\='noopener'\\>association \u00e0 but non lucratif\\<\\\/a\\>, d'int\u00e9r\u00eat public, qui ne rel\u00e8ve ni de l'\u00c9tat, ni d'institutions internationales\\<sup id\\='cite_ref\\-novethic_1\\-0' class\\='reference'\\>\\<\\\/sup\\>\\. Les ONG n'ont pas le statut de sujet de \\<a title\\='Droit international public' href\\='https\\:\\\/\\\/fr\\.wikipedia\\.org\\\/wiki\\\/Droit_international_public' target\\='_blank' rel\\='noopener'\\>droit international\\<\\\/a\\>\\.\"; toolTips('.classtoolTips210',tt_store_content,'3579'); <\/script><script type=\"text\/javascript\"> var tt_store_content = \"\\<p\\><span class='tooltipsall tooltip_post_id_24572 classtoolTips211'>MIT<\/span> \\= Massachussets Institute of Technology, prestigieuse universit\u00e9 am\u00e9ricaine de la c\u00f4te est\\<\\\/p\\>\"; toolTips('.classtoolTips211',tt_store_content,'24572'); <\/script><script type=\"text\/javascript\"> var tt_store_content = \"\\<\/p>\n<p style\\='text\\-align\\: center;'\\>\\<strong\\>J\\<\\\/strong\\>eux \\<strong\\>O\\<\\\/strong\\>lympiques<br \/>ou<br \/>\\<strong\\>J\\<\\\/strong\\>ournal \\<strong\\>O\\<\\\/strong\\>fficiel de la R\u00e9publique Fran\u00e7aise\\<\\\/p\\>\"; toolTips('.classtoolTips213',tt_store_content,'4451'); <\/script><script type=\"text\/javascript\"> var tt_store_content = \"\\<p\\><span class='tooltipsall tooltip_post_id_30593 classtoolTips214'>RN<\/span> \\= Rassemble National, c'est le parti d'extr\u00eame droite de Marine Le Pen qui succ\u00e8de au FN \\= Front National fond\u00e9 par son p\u00e8re Jean Marie Le Pen\\<\\\/p\\>\"; toolTips('.classtoolTips214',tt_store_content,'30593'); <\/script><script type=\"text\/javascript\"> var tt_store_content = \"\\<\/p>\n<p style\\='text\\-align\\: center;'\\>\\<span style\\='font\\-size\\: 14pt;'\\>\\<strong\\>C\\<\\\/strong\\>entre \\<strong\\>H\\<\\\/strong\\>ospitalier\\<\\\/span\\>\\<\\\/p\\>\"; toolTips('.classtoolTips220',tt_store_content,'18357'); <\/script><script type=\"text\/javascript\"> var tt_store_content = \"\\<p\\>D\u00e9chets radioactifs \u00e0 Haute Activit\u00e9 \\(classement <span class='tooltipsall tooltip_post_id_3612 classtoolTips79'>ANDRA<\/span>\\)\\<\\\/p\\>\"; toolTips('.classtoolTips223',tt_store_content,'19196'); <\/script><\/p>\n","protected":false},"author":23,"featured_media":0,"comment_status":"open","ping_status":"open","sticky":false,"template":"","format":"standard","meta":{"_acf_changed":false,"ngg_post_thumbnail":0,"_jetpack_memberships_contains_paid_content":false,"footnotes":""},"categories":[5,27],"tags":[],"coauthors":[96],"class_list":["post-23520","post","type-post","status-publish","format-standard","hentry","category-rub_pol","category-rub","edition-edi_00071","type_art-type_art_onclejef","no-thumb"],"acf":[],"jetpack_featured_media_url":"","jetpack_sharing_enabled":true,"jetpack_shortlink":"https:\/\/wp.me\/p9B5TM-67m","_links":{"self":[{"href":"https:\/\/le-clairon-nouveau.fr\/wordpress\/wp-json\/wp\/v2\/posts\/23520","targetHints":{"allow":["GET"]}}],"collection":[{"href":"https:\/\/le-clairon-nouveau.fr\/wordpress\/wp-json\/wp\/v2\/posts"}],"about":[{"href":"https:\/\/le-clairon-nouveau.fr\/wordpress\/wp-json\/wp\/v2\/types\/post"}],"author":[{"embeddable":true,"href":"https:\/\/le-clairon-nouveau.fr\/wordpress\/wp-json\/wp\/v2\/users\/23"}],"replies":[{"embeddable":true,"href":"https:\/\/le-clairon-nouveau.fr\/wordpress\/wp-json\/wp\/v2\/comments?post=23520"}],"version-history":[{"count":0,"href":"https:\/\/le-clairon-nouveau.fr\/wordpress\/wp-json\/wp\/v2\/posts\/23520\/revisions"}],"wp:attachment":[{"href":"https:\/\/le-clairon-nouveau.fr\/wordpress\/wp-json\/wp\/v2\/media?parent=23520"}],"wp:term":[{"taxonomy":"category","embeddable":true,"href":"https:\/\/le-clairon-nouveau.fr\/wordpress\/wp-json\/wp\/v2\/categories?post=23520"},{"taxonomy":"post_tag","embeddable":true,"href":"https:\/\/le-clairon-nouveau.fr\/wordpress\/wp-json\/wp\/v2\/tags?post=23520"},{"taxonomy":"author","embeddable":true,"href":"https:\/\/le-clairon-nouveau.fr\/wordpress\/wp-json\/wp\/v2\/coauthors?post=23520"}],"curies":[{"name":"wp","href":"https:\/\/api.w.org\/{rel}","templated":true}]}}