{"id":24723,"date":"2021-05-23T12:30:25","date_gmt":"2021-05-23T10:30:25","guid":{"rendered":"https:\/\/le-clairon-nouveau.fr\/wordpress\/?p=24723"},"modified":"2021-05-22T19:04:31","modified_gmt":"2021-05-22T17:04:31","slug":"les-wc-bouches-du-nucleaire-francais","status":"publish","type":"post","link":"https:\/\/le-clairon-nouveau.fr\/wordpress\/blog\/2021\/05\/23\/les-wc-bouches-du-nucleaire-francais\/","title":{"rendered":"Les  WC bouch\u00e9s du nucl\u00e9aire fran\u00e7ais"},"content":{"rendered":"<p style=\"text-align: justify\"><strong><em>En France l\u2019avenir de la fili\u00e8re nucl\u00e9aire ne cesse de faire d\u00e9bat. Tandis que le gouvernement actuel consid\u00e8re qu\u2019il faut maintenir l\u2019existant et construire de nouveaux r\u00e9acteurs, une part importante de l\u2019opinion pense qu\u2019il faut la r\u00e9duire, voire l\u2019arr\u00eater. Pourtant le lobby nucl\u00e9aire fran\u00e7ais dispose d\u2019une pl\u00e9thore de communicants, d\u2019experts et d\u2019influenceurs appoint\u00e9s, pour d\u00e9fendre, aupr\u00e8s de l\u2019opinion publique et de la classe politique, la cause de cette fili\u00e8re de production d\u2019\u00e9lectricit\u00e9. Mais leurs argumentations sont g\u00e9n\u00e9ralement peu convaincantes pour ceux qui s\u2019int\u00e9ressent un tant soit peu \u00e0 la question\u00a0: soit parce que leur discours manque de rigueur scientifique, que leur approche du probl\u00e8me reste partielle, ou parce qu\u2019ils font plus appel aux affects qu\u2019\u00e0 la logique pour convaincre leur public.<br \/>\n<\/em><\/strong><strong><em>Toutefois, une personnalit\u00e9 \u00e9merge\u00a0dans le camp des pro-nucl\u00e9aires\u00a0: il s\u2019agit de Jean Marc Jancovici, ing\u00e9nieur polytechnicien, sp\u00e9cialiste de l\u2019\u00e9nergie et du climat. Ses talents de vulgarisateur et de p\u00e9dagogue et\u00a0 son argumentation \u00e9tay\u00e9e sur des faits scientifiquement valid\u00e9s, devraient n\u00e9cessairement conduire ses interlocuteurs \u00e0 partager ses conclusions\u00a0: en France le nucl\u00e9aire est un outil incontournable pour faire face au changement climatique et \u00e0 la rar\u00e9faction des sources d\u2019\u00e9nergie fossile. <br \/>\n<\/em><\/strong><strong><em>Mais voil\u00e0 : si l\u2019\u00c9tat ne peut pas tout, il en est de m\u00eame pour la science \u2026<\/em><\/strong><\/p>\n<p style=\"text-align: center\"><img data-recalc-dims=\"1\" loading=\"lazy\" decoding=\"async\" class=\" wp-image-24724 aligncenter\" src=\"https:\/\/i0.wp.com\/le-clairon-nouveau.fr\/wordpress\/wp-content\/uploads\/2021\/05\/dechets-nucleaires-Image-par-Dirk-Rabe-de-Pixabay-76.jpg?resize=538%2C278&#038;ssl=1\" alt=\"\" width=\"538\" height=\"278\" srcset=\"https:\/\/i0.wp.com\/le-clairon-nouveau.fr\/wordpress\/wp-content\/uploads\/2021\/05\/dechets-nucleaires-Image-par-Dirk-Rabe-de-Pixabay-76.jpg?resize=300%2C155&amp;ssl=1 300w, https:\/\/i0.wp.com\/le-clairon-nouveau.fr\/wordpress\/wp-content\/uploads\/2021\/05\/dechets-nucleaires-Image-par-Dirk-Rabe-de-Pixabay-76.jpg?resize=1024%2C529&amp;ssl=1 1024w, https:\/\/i0.wp.com\/le-clairon-nouveau.fr\/wordpress\/wp-content\/uploads\/2021\/05\/dechets-nucleaires-Image-par-Dirk-Rabe-de-Pixabay-76.jpg?resize=768%2C397&amp;ssl=1 768w, https:\/\/i0.wp.com\/le-clairon-nouveau.fr\/wordpress\/wp-content\/uploads\/2021\/05\/dechets-nucleaires-Image-par-Dirk-Rabe-de-Pixabay-76.jpg?w=1280&amp;ssl=1 1280w\" sizes=\"auto, (max-width: 538px) 100vw, 538px\" \/><strong><em><span style=\"font-size: 8pt\">D\u00e9chets nucl\u00e9aires (Image par Dirk Rabe de Pixabay)<\/span> <\/em><\/strong><\/p>\n<p><strong>\u00a0<\/strong><\/p>\n<p><strong>Pr\u00e9sentation sch\u00e9matique de l\u2019argumentation de Jean Marc Jancovici <\/strong><sup><a href=\"#footnote_1_24723\" id=\"identifier_1_24723\" class=\"footnote-link footnote-identifier-link\" title=\"voir en annexe les sources utilis&eacute;es\">(1)<\/a><\/sup>\n<ol>\n<li style=\"text-align: justify\">Depuis pr\u00e8s de 2 si\u00e8cles le passage de l\u2019utilisation d\u2019\u00e9nergies renouvelables \u00e0 celle des \u00e9nergies fossiles associ\u00e9 \u00e0 l\u2019emploi croissant de machines, \u00e0 permis \u00e0 l\u2019homme de multiplier ses capacit\u00e9s \u00e0 transformer son environnement<\/li>\n<li style=\"text-align: justify\">Cette dynamique exponentielle de croissance, qui a incontestablement am\u00e9lior\u00e9 les conditions de vie de l\u2019humanit\u00e9, a des cons\u00e9quences \u00e9conomiques (cr\u00e9ation de biens et de services)\u00a0; politiques (cf.\u00a0: possibilit\u00e9 d\u2019un fonctionnement d\u00e9mocratique, remplacement des esclaves par des machines plus efficientes, plus rentables), etc.<\/li>\n<li style=\"text-align: justify\">Jusqu\u2019\u00e0 pr\u00e9sent la croissance du <span class='tooltipsall tooltip_post_id_4470 classtoolTips177'>PIB<\/span> est corr\u00e9l\u00e9e avec la croissance de la consommation d\u2019\u00e9nergie. Mais cette croissance \u00e9conomique, imagin\u00e9e comme \u00ab\u00a0structurelle de long terme\u00a0\u00bb, d\u00e9pend essentiellement de 2 facteurs\u00a0: les ressources disponibles\u00a0et le travail \u00ab\u00a0hommes\/machines\u00a0\u00bb qui permet de les exploiter<\/li>\n<li style=\"text-align: justify\">Dans notre monde fini, les ressources fossiles, imagin\u00e9es d\u2019abord comme in\u00e9puisables, ont atteint un pic pour le p\u00e9trole et le gaz naturel lesquels tiennent avec le charbon une place <u>largement pr\u00e9pond\u00e9rante<\/u> dans la fourniture d\u2019\u00e9nergie, Actuellement <span class='tooltipsall tooltip_post_id_29829 classtoolTips180'>ces<\/span> 2 ressources non renouvelables ont amorc\u00e9 leur d\u00e9clin\u00a0: il est donc n\u00e9cessaire de les remplacer si l\u2019on veut maintenir, voire esp\u00e9rer d\u00e9velopper le niveau de vie actuel.<\/li>\n<li style=\"text-align: justify\">Mais l\u2019exploitation de ces \u00e9nergies carbon\u00e9es que sont le charbon, le p\u00e9trole et le gaz naturel a g\u00e9n\u00e9r\u00e9 la production massive de gaz \u00e0 effets de serre, dont le CO\u00b2, ce qui a provoqu\u00e9 un changement climatique irr\u00e9versible \u00e0 long terme (<em>le CO\u00b2, chimiquement inerte se r\u00e9sorbe tr\u00e8s lentement\u00a0: il faut 1000 ans pour baisser \u00e0 20% le CO\u00b2 \u00e9mis) <\/em><\/li>\n<li style=\"text-align: justify\">Le probl\u00e8me est donc double\u00a0: faire face \u00e0 une diminution de ressources \u00e9nerg\u00e9tiques encore largement pr\u00e9pond\u00e9rantes tout en att\u00e9nuant les effets du changement climatique par une r\u00e9duction drastique des \u00e9missions de <span class='tooltipsall tooltip_post_id_7232 classtoolTips161'>GES<\/span> et particuli\u00e8rement de CO\u00b2. Mais les objectifs de neutralit\u00e9 carbone ne peuvent se r\u00e9aliser sans d\u00e9croissance.<\/li>\n<li style=\"text-align: justify\">Les \u00e9nergies renouvelables (<span class='tooltipsall tooltip_post_id_7758 classtoolTips167'>EnR<\/span>) sont mises en avant pour remplacer les \u00e9nergies fossiles dans la production d\u2019\u00e9lectricit\u00e9, au pr\u00e9texte que la ressource (vent, soleil) est in\u00e9puisable et que leur mise en \u0153uvre ne produit que marginalement des GES (dont le CO\u00b2) par rapport aux \u00e9nergies fossiles \u00e0 remplacer.<\/li>\n<li>Mais les EnR cumulent les inconv\u00e9nients\u00a0:<\/li>\n<\/ol>\n<ul>\n<li style=\"text-align: justify\">leur production est irr\u00e9guli\u00e8re (d\u00e9pend du vent et de l\u2019ensoleillement) et n\u2019est donc pas pilotable, c&rsquo;est-\u00e0-dire mobilisable \u00e0 volont\u00e9<\/li>\n<li style=\"text-align: justify\">leur rendement est variable selon les conditions m\u00e9t\u00e9o et l\u2019ensoleillement<\/li>\n<li style=\"text-align: justify\">elles produisent tout de m\u00eame des GES lors de leur fabrication, de leur transport, de leur installation et de leur exploitation (<em>ainsi des panneaux solaires produits en Chine mettraient 30 ans pour effacer le bilan carbone induit par leur installation en France<\/em>)<\/li>\n<li style=\"text-align: justify\">l\u2019irr\u00e9gularit\u00e9 de leur production en dur\u00e9e et en quantit\u00e9, implique la cr\u00e9ation de stockages importants et de nombreux raccordements au r\u00e9seau pour aligner leur disponibilit\u00e9 avec la demande<\/li>\n<li style=\"text-align: justify\">la dur\u00e9e de vie des installations \u00e9oliennes et photovolta\u00efques est relativement courte (20 \u00e0 30 ans)<\/li>\n<li style=\"text-align: justify\">le faible \u00e9quipement actuel de la France en machines capables d\u2019exploiter les \u00e9nergies renouvelables, impliquerait des investissements consid\u00e9rables dans un temps tr\u00e8s court, si on veut \u00e0 la fois remplacer les \u00e9nergies fossiles et atteindre les objectifs de neutralit\u00e9 carbone \u00e0 l\u2019horizon 2050\u00a0: mais o\u00f9 trouver cet argent\u00a0introuvable ?<\/li>\n<\/ul>\n<p>\u00a0\u00a0\u00a0 9. Seul le nucl\u00e9aire permet actuellement de pallier les inconv\u00e9nients des EnR car :<\/p>\n<ul>\n<li style=\"text-align: justify\">la fili\u00e8re nucl\u00e9aire ne produit que marginalement du CO\u00b2<\/li>\n<li style=\"text-align: justify\">la puissance actuellement install\u00e9e est bien plus importante que celle des EnR<\/li>\n<li style=\"text-align: justify\">c\u2019est une \u00e9nergie pilotable et modulable, disponible quasiment \u00e0 volont\u00e9 \u00e0 tout moment\u2026<\/li>\n<li style=\"text-align: justify\">le transport de l\u2019\u00e9lectricit\u00e9 nucl\u00e9aire ne n\u00e9cessite pas de nouvelles lignes ou de nouveaux raccordements et les besoins en stockage sont faibles<\/li>\n<li style=\"text-align: justify\">le nucl\u00e9aire ne manipule que tr\u00e8s peu de mati\u00e8re dans le processus de fission pour produire en revanche une \u00e9norme quantit\u00e9 d\u2019\u00e9nergie et il n\u2019est pas expos\u00e9 aux m\u00eames difficult\u00e9s d\u2019approvisionnement que le p\u00e9trole, le gaz naturel ou le charbon<\/li>\n<li style=\"text-align: justify\">les d\u00e9chets produits par le nucl\u00e9aire constituent un \u00ab inconv\u00e9nient mineur\u00bb compar\u00e9 \u00e0 la pollution engendr\u00e9e par l\u2019utilisation de produits phytosanitaires et le stockage des d\u00e9chets les plus radioactifs tiendrait dans un gymnase ou dans l\u2019auditorium de Sciences Po\u2026<\/li>\n<\/ul>\n<p style=\"text-align: justify\"><strong>Pour Jean Marc Jancovici<\/strong> <strong>la conclusion s\u2019impose\u00a0: le maintien et le d\u00e9veloppement du nucl\u00e9aire est la seule solution qui permette d\u2019att\u00e9nuer la d\u00e9croissance d\u00e9j\u00e0 amorc\u00e9e qui, sans cela, risque d\u2019\u00eatre exponentielle. Et, il faut le reconnaitre\u00a0: sur le papier la logique de cette argumentation, \u00e0 la fois brillante et didactique, \u00e9tay\u00e9e par de nombreuses donn\u00e9es statistiques aux sources recoup\u00e9es est incontestable. Alors pourquoi tant de r\u00e9ticences, de d\u00e9bats\u00a0et de mobilisations?<br \/>\n<\/strong><strong>Pour Jean Marc Jancovici c\u2019est principalement la faute des m\u00e9dias\u00a0qui exag\u00e8re les dangers et les dysfonctionnements de la fili\u00e8re nucl\u00e9aire :<\/strong><span style=\"color: #0000ff\"> <strong>\u00ab\u00a0D\u00e8s qu\u2019il y a un WC bouch\u00e9 dans une centrale nucl\u00e9aire, vous en entendez parler dans la presse\u00a0\u00bb<\/strong> <\/span><sup><a href=\"#footnote_2_24723\" id=\"identifier_2_24723\" class=\"footnote-link footnote-identifier-link\" title=\"conf&eacute;rence &agrave; Sciences Po le 2\/08\/2019\">(2)<\/a><\/sup>.<\/p>\n<p style=\"text-align: justify\">C\u2019est l\u00e0 traiter un peu vite et avec d\u00e9sinvolture les questions de s\u00fbret\u00e9 et de s\u00e9curit\u00e9 pos\u00e9es par le fonctionnement de la fili\u00e8re nucl\u00e9aire fran\u00e7aise\u00a0!<\/p>\n<ul>\n<li style=\"text-align: justify\">Constatons tout d\u2019abord que l\u2019histoire du nucl\u00e9aire civil est balis\u00e9e par des accidents majeurs\u00a0: Three Mile Island (USA 1979), Tchernobyl (URSS 1986), Fukushima (Japon 2011). Ainsi les accidents et incidents se poursuivent malgr\u00e9 un renforcement continu des mesures de s\u00fbret\u00e9 et de s\u00e9curit\u00e9.<\/li>\n<li style=\"text-align: justify\">Une donn\u00e9e peu \u00e9voqu\u00e9e\u00a0dans les m\u00e9dias : avec 1 r\u00e9acteur nucl\u00e9aire op\u00e9rationnel pour 11482 km\u00b2, la France arrive en 2<sup>\u00e8me<\/sup> position en mati\u00e8re de densit\u00e9, juste derri\u00e8re le Japon (1\/9692 km\u00b2). Comparativement la densit\u00e9 est de 1\/103.515 km\u00b2 pour les USA, de 1\/130.000 km\u00b2 pour la Russie, de 1\/252.000 km\u00b2 pour la Chine, de 1\/164.350 km\u00b2 pour l\u2019Inde. <sup><a href=\"#footnote_3_24723\" id=\"identifier_3_24723\" class=\"footnote-link footnote-identifier-link\" title=\"Ukraine 1\/40.241 km&sup2;, Allemagne 1\/59.500 km&sup2;\">(3)<\/a><\/sup>.<\/li>\n<\/ul>\n<p style=\"text-align: justify\"><em><strong>Tout comme le Japon le territoire fran\u00e7ais est donc relativement plus expos\u00e9 en cas d\u2019accident nucl\u00e9aire majeur.<\/strong><\/em><\/p>\n<ul>\n<li style=\"text-align: justify\">L\u2019ind\u00e9pendance du nucl\u00e9aire civil par rapport \u00e0 son environnement et sa disponibilit\u00e9 en tout temps est un mythe. Ainsi en \u00e9t\u00e9, en cas de canicule,\u00a0la production des centrales est limit\u00e9e par l\u2019augmentation de temp\u00e9rature des eaux de refroidissement et la diminution du d\u00e9bit des eaux fluviales. Par ailleurs les centrales ne peuvent se passer de fioul (par ex\u00a0: pour l\u2019alimentation des g\u00e9n\u00e9rateurs de secours)\u2026<\/li>\n<li style=\"text-align: justify\">La France importe l\u2019uranium n\u00e9cessaire aux r\u00e9acteurs et n\u2019est donc pas ind\u00e9pendante en mati\u00e8re de ressource.<\/li>\n<li style=\"text-align: justify\">Le savoir faire des op\u00e9rateurs de la fili\u00e8re nucl\u00e9aire fran\u00e7aise est remis en cause tant par des experts ind\u00e9pendants (dont <span class='tooltipsall tooltip_post_id_3650 classtoolTips163'>ASN<\/span>, <span class='tooltipsall tooltip_post_id_3613 classtoolTips105'>IRSN<\/span>, <span class='tooltipsall tooltip_post_id_7025 classtoolTips55'>CRIIRAD<\/span>\u2026) que par les op\u00e9rateurs eux- m\u00eame (<span class='tooltipsall tooltip_post_id_7035 classtoolTips178'>EDF<\/span>, <span class='tooltipsall tooltip_post_id_5129 classtoolTips77'>ORANO<\/span> ex AREVA) et les incidents et dysfonctionnements s\u2019enchainent depuis de nombreuses ann\u00e9es avec des cons\u00e9quences sur l\u2019environnement des centrales <sup><a href=\"#footnote_4_24723\" id=\"identifier_4_24723\" class=\"footnote-link footnote-identifier-link\" title=\"cf. le dossier&nbsp;du Clairon de l&rsquo;Atax&nbsp;: https:\/\/le-clairon-nouveau.fr\/wordpress\/pages-visibles\/dossiers\/nucleaire-desastre-annonce\/\">(4)<\/a><\/sup><\/li>\n<li style=\"text-align: justify\">La question du traitement et du stockage des d\u00e9chets nucl\u00e9aires n\u2019est pas r\u00e9gl\u00e9e, particuli\u00e8rement en ce qui concerne les d\u00e9chets HAVL (\u00e0 Haute Activit\u00e9 et Vie Longue), dont les conditions de gestion ne sont pas \u00e9tablies sur la longue dur\u00e9e, ce qui fausse le calcul du co\u00fbt r\u00e9el au <span class='tooltipsall tooltip_post_id_30101 classtoolTips216'>kW<\/span>, donc de la rentabilit\u00e9 du nucl\u00e9aire civil.<\/li>\n<li style=\"text-align: justify\">Sur la dangerosit\u00e9 des centrales nucl\u00e9aires, la phrase choc de J.M.Jancovici <span style=\"color: #0000ff\"><em>\u00ab\u00a0<\/em>Il n\u2019y a plus de raison sanitaire, aujourd\u2019hui, d\u2019emp\u00eacher le retour des populations \u00e9vacu\u00e9es \u00e0 Fukushima, qui, au final, n\u2019aura fait aucun mort par irradiation \u00bb<\/span> <sup><a href=\"#footnote_5_24723\" id=\"identifier_5_24723\" class=\"footnote-link footnote-identifier-link\" title=\"entretien Reporterre du 10\/02\/2012\">(5)<\/a><\/sup> amalgame le nombre de morts par irradiation imm\u00e9diate et celui caus\u00e9 par les contaminations massives post-explosion, ce qui a \u00e9t\u00e9 le cas pour Tchernobyl comme pour Fukushima. Cet amalgame, tout \u00e0 fait inattendu de la part d\u2019un expert contribue \u00e0 mettre en doute sa bonne foi\u2026<\/li>\n<\/ul>\n<p style=\"text-align: justify\"><strong>En conclusion les d\u00e9clarations de Monsieur Jancovici, dont les travaux et l\u2019expertise en mati\u00e8re de climat et d\u2019\u00e9nergie sont incontestables et dont le talent didactique est particuli\u00e8rement brillant, sont en partie invalid\u00e9es par des omissions dont il est difficile d\u2019imaginer qu\u2019elles ne sont pas volontaires. Ainsi ses comparaisons entre les EnR et le nucl\u00e9aire favorisent nettement ce dernier, lorsqu\u2019entre-autres cet expert-consultant passe sous silence les conditions politiques et financi\u00e8res qui ont entrav\u00e9 le d\u00e9veloppement et fauss\u00e9 la rentabilit\u00e9 des ENR en France, ou lorsqu\u2019il minimise la dangerosit\u00e9 du nucl\u00e9aire ainsi que le besoin d\u00e9mesur\u00e9 en investissements n\u00e9cessit\u00e9\u00a0 par le maintien et le d\u00e9veloppement de la fili\u00e8re.<br \/>\n<\/strong><strong>Si les pr\u00e9occupations \u00e9cologiques de Monsieur Jancovici semblent incontestables, son parti-pris pour le nucl\u00e9aire l\u2019est aussi. Cela limite l\u2019objectivit\u00e9 de son expertise et invite \u00e0 un examen critique soutenu de ses d\u00e9monstrations.<\/strong><\/p>\n<p style=\"text-align: right\"><em>Hubert Reys pour le Clairon de l&rsquo;Atax le 20\/05\/2021<\/em><\/p>\n<p>&nbsp;<\/p>\n<p>&nbsp;<\/p>\n<p><strong>Les sources utilis\u00e9es\u00a0: <\/strong><\/p>\n<p><strong><em>Site de J.M. Jancovici\u00a0:<\/em><\/strong> <strong><em>https:\/\/jancovici.com\/ <\/em><\/strong><\/p>\n<p><strong><em>Vid\u00e9os sur Youtube\u00a0:<br \/>\n<\/em><\/strong><em>Jean-Marc Jancovici &#8211; Audition commission S\u00e9nat &#8211; 17 d\u00e9cembre 2014<br \/>\n<\/em><em>Jancovici : Audition Assembl\u00e9e Nationale : Impact des EnR &#8211; 16 Mai 2019<br \/>\nLe\u00e7on inaugurale de Jean-Marc Jancovici &#8211; rentr\u00e9e 2019 campus de Paris<br \/>\n<\/em><em>Jancovici \/ Polony : Pourquoi les m\u00e9dias ne comprennent-ils rien aux questions d\u2019\u00e9nergie<\/em> <em>?\u00a0 04\/03\/2021<\/em><em><br \/>\nDEBAT Jean-Marc JANCOVICI &amp; HEU?REKA &#8211; Quel avenir pour l&rsquo;humanit\u00e9 ? 28\/03\/21<\/em><\/p>\n<p><em><\/p>\n<p><\/em><\/p>\n<script type=\"text\/javascript\"> var tt_store_content = \"\\<p style\\='text\\-align\\: center;'\\>\\<span style\\='font\\-size\\: 14pt;'\\>\\<strong\\>T\\<\\\/strong\\>raitement\\<strong\\> D\\<\\\/strong\\>es\\<strong\\> N\\<\\\/strong\\>itrates\\<strong\\> \\(<span class='tooltipsall tooltip_post_id_3610 classtoolTips37'>TDN<\/span>\\)<br\/>TH\\<\\\/strong\\>ermal\\<strong\\> O\\<\\\/strong\\>rganic\\<strong\\> R\\<\\\/strong\\>eduction\\<strong\\> \\(<span class='tooltipsall tooltip_post_id_3610 classtoolTips37'>THOR<\/span>\\)\\<\\\/strong\\>\\<\\\/span\\>\\<\\\/p\\><br\/>\\<p style\\='text\\-align\\: justify;'\\>Proc\u00e9d\u00e9 envisag\u00e9 par la soci\u00e9t\u00e9 AREVA pour retraiter les d\u00e9chets nitrat\u00e9s et radio\\-actifs issus de son activit\u00e9 d'enrichissement de l'uranium, phase I de la pr\u00e9paration du combustible des centrales nucl\u00e9aires\\.\\<\\\/p\\><br\/>\\<p style\\='text\\-align\\: justify;'\\>Cette activit\u00e9 est mise en \u0153uvre dans l'usine de Malv\u00e9si \u00e0 quelques kilom\u00e8tres de Narbonne\\.\\<\\\/p\\><br\/>\\<p style\\='text\\-align\\: justify;'\\>Ce proc\u00e9d\u00e9, potentiellement tr\u00e8s toxique pour la sant\u00e9 et l'environnement, est au centre d'une vive opposition de la part des riverains et \u00e0 laquelle le Clairon s'associe \\(\\<a href\\='https\\:\\\/\\\/le\\-clairon\\-nouveau\\.fr\\\/wordpress\\\/dossiers\\\/dossier\\-malvesi\\-areva\\\/' target\\='_blank' rel\\='noopener'\\>voir notre dossier\\<\\\/a\\> sur le sujet\\)\\.\\<\\\/p\\>\"; toolTips('.classtoolTips37',tt_store_content,'3610'); <\/script><script type=\"text\/javascript\"> var tt_store_content = \"\\<p style\\='text\\-align\\: justify'\\>La \\<strong\\>C\\<\\\/strong\\>ommission de \\<strong\\>R\\<\\\/strong\\>echerche et d'\\<strong\\>I\\<\\\/strong\\>nformations \\<strong\\>I\\<\\\/strong\\>nd\u00e9pendantes sur la \\<strong\\>Rad\\<\\\/strong\\>ioactivit\u00e9 est une association fran\u00e7aise 'loi 1901'\\. Elle emploie une \u00e9quipe d'une douzaine de scientifiques\u00a0 et dispose d'un laboratoire d'analyse agr\u00e9e par le minist\u00e8re de la sant\u00e9 dans le cadre de la protection de l'environnement\\. Son domaine d'intervention est le d\u00e9pistage et \u00e0 l'identification des pollutions radioactives en France comme \u00e0 l'\u00e9tranger\\. Elle se finance par les cotisations de ses membres et la r\u00e9mun\u00e9ration de ses nombreux travaux \\(plus d'un millier depuis sa cr\u00e9ation\\)\\.\\<\\\/p\\>\"; toolTips('.classtoolTips55',tt_store_content,'7025'); <\/script><script type=\"text\/javascript\"> var tt_store_content = \"\\<p style\\='text\\-align\\: justify'\\>La \\<strong\\>C\\<\\\/strong\\>ommission de \\<strong\\>R\\<\\\/strong\\>echerche et d'\\<strong\\>I\\<\\\/strong\\>nformations \\<strong\\>I\\<\\\/strong\\>nd\u00e9pendantes sur la \\<strong\\>Rad\\<\\\/strong\\>ioactivit\u00e9 est une association fran\u00e7aise 'loi 1901'\\. Elle emploie une \u00e9quipe d'une douzaine de scientifiques\u00a0 et dispose d'un laboratoire d'analyse agr\u00e9e par le minist\u00e8re de la sant\u00e9 dans le cadre de la protection de l'environnement\\. Son domaine d'intervention est le d\u00e9pistage et \u00e0 l'identification des pollutions radioactives en France comme \u00e0 l'\u00e9tranger\\. Elle se finance par les cotisations de ses membres et la r\u00e9mun\u00e9ration de ses nombreux travaux \\(plus d'un millier depuis sa cr\u00e9ation\\)\\.\\<\\\/p\\>\"; toolTips('.classtoolTips55',tt_store_content,'7025'); <\/script><script type=\"text\/javascript\"> var tt_store_content = \"Nouveau nom que s'est donn\u00e9, en 2018, l'entreprise AREVA\"; toolTips('.classtoolTips77',tt_store_content,'5129'); <\/script><script type=\"text\/javascript\"> var tt_store_content = \"\\<p style\\='text\\-align\\: center;'\\>\\<span style\\='font\\-size\\: 14pt;'\\>\\<strong\\>I\\<\\\/strong\\>nstitut \\<strong\\>N\\<\\\/strong\\>ational de \\<strong\\>R\\<\\\/strong\\>adioprotection\\<\\\/span\\><br\/>\\<span style\\='font\\-size\\: 14pt;'\\> et de \\<strong\\>S\\<\\\/strong\\>\u00fbret\u00e9 \\<strong\\>N\\<\\\/strong\\>ucl\u00e9aire\\<\\\/span\\>\\<\\\/p\\>\"; toolTips('.classtoolTips105',tt_store_content,'3613'); <\/script><script type=\"text\/javascript\"> var tt_store_content = \"\\<p\\><span class='tooltipsall tooltip_post_id_19394 classtoolTips134'>SAGE<\/span> \\= \\<span class\\='st'\\> sch\u00e9ma d'am\u00e9nagement et de gestion de l'eau\\<\\\/span\\> , c'est un outil de planification qui concerne l'ensemble des eaux situ\u00e9es dans un bassin versant\\<\\\/p\\>\"; toolTips('.classtoolTips134',tt_store_content,'19394'); <\/script><script type=\"text\/javascript\"> var tt_store_content = \"\\<p style\\='text\\-align\\: center;'\\>\\<strong\\>\\<span style\\='font\\-size\\: 14pt;'\\>S\\<\\\/span\\>\\<\\\/strong\\>\\<span style\\='font\\-size\\: 14pt;'\\>oci\u00e9t\u00e9 d'\\<strong\\>\u00c9\\<\\\/strong\\>conomie \\<strong\\>M\\<\\\/strong\\>ixte\\<\\\/span\\>\\<\\\/p\\><br\/>\\<p style\\='text\\-align\\: justify;'\\>En France, une soci\u00e9t\u00e9 d'\u00e9conomie mixte est une soci\u00e9t\u00e9 anonyme dont le capital est majoritairement d\u00e9tenu par une ou plusieurs personnes publiques \\(\u00e0 savoir l'\u00c9tat, une Collectivit\u00e9 territoriale, ou tout autre \u00c9tablissement public\\)\\. Cette participation majoritaire publique est plafonn\u00e9e \u00e0 85&nbsp;% du capital depuis la Loi du 2 janvier 2002\\. Au moins une personne priv\u00e9e doit participer au capital de la <span class='tooltipsall tooltip_post_id_7168 classtoolTips142'>SEM<\/span>, sachant qu'il peut s'agir d'une autre SEM\\.\\<\\\/p\\><br\/>\\<p style\\='text\\-align\\: justify;'\\>\\<strong\\>Le recours \u00e0 la SEM garantit\\<\\\/strong\\> \u00e0 la collectivit\u00e9 publique actionnaire et cocontractante \\<strong\\>la prise en compte effective de l'int\u00e9r\u00eat g\u00e9n\u00e9ral\\<\\\/strong\\> dans les objectifs de l'entreprise \\<strong\\>et la souplesse de la soci\u00e9t\u00e9 de droit priv\u00e9\\<\\\/strong\\>\\.\\<\\\/p\\><br\/>\\<em\\>\\<a href\\='https\\:\\\/\\\/fr\\.wikipedia\\.org\\\/wiki\\\/Soci%C3%A9t%C3%A9_d%27%C3%A9conomie_mixte' target\\='_blank' rel\\='noopener'\\>Voir ici la page Wikipedia consacr\u00e9e aux SEM\\<\\\/a\\> \\<\\\/em\\><br\/><br\/>&nbsp;\"; toolTips('.classtoolTips142',tt_store_content,'7168'); <\/script><script type=\"text\/javascript\"> var tt_store_content = \"\\<p style\\='text\\-align\\: center;'\\>\\<span style\\='font\\-size\\: 14pt;'\\>\\<strong\\>I\\<\\\/strong\\>mp\u00f4t sur la \\<strong\\>F\\<\\\/strong\\>ortune \\<strong\\>I\\<\\\/strong\\>mmobili\u00e8re\\<\\\/span\\>\\<\\\/p\\>\"; toolTips('.classtoolTips148',tt_store_content,'5643'); <\/script><script type=\"text\/javascript\"> var tt_store_content = \"\\<p style\\='text\\-align\\: center;'\\>\\<span style\\='font\\-size\\: 14pt;'\\>\\<strong\\>R\\<\\\/strong\\>\u00e9pertoire \\<strong\\>N\\<\\\/strong\\>ational des \\<strong\\>A\\<\\\/strong\\>ssociations\\<\\\/span\\>\\<\\\/p\\>\"; toolTips('.classtoolTips159',tt_store_content,'24374'); <\/script><script type=\"text\/javascript\"> var tt_store_content = \"\\<p style\\='text\\-align\\: center;'\\>\\<strong\\>\\<span style\\='font\\-size\\: 14pt;'\\>G\\<\\\/span\\>\\<\\\/strong\\>\\<span style\\='font\\-size\\: 14pt;'\\>az \u00e0 \\<strong\\>E\\<\\\/strong\\>ffet de \\<strong\\>S\\<\\\/strong\\>erre\\<\\\/span\\>\\<\\\/p\\><br\/>\\<p style\\='text\\-align\\: justify;'\\>Les gaz \u00e0 effet de serre \\(GES\\) sont des composants gazeux qui absorbent le rayonnement infrarouge \u00e9mis par la surface terrestre et contribuent \u00e0 l'effet de serre\\. L'augmentation de leur concentration dans l'atmosph\u00e8re terrestre est l'un des facteurs \u00e0 l'origine du r\u00e9chauffement climatique\\.\\<\\\/p\\><br\/>\\<a href\\='https\\:\\\/\\\/fr\\.wikipedia\\.org\\\/wiki\\\/Gaz_%C3%A0_effet_de_serre' target\\='_blank' rel\\='noopener'\\>\\<em\\>Voir ici la fiche Wikipedia sur les gaz \u00e0 effet de serre\\<\\\/em\\>\\<\\\/a\\>\"; toolTips('.classtoolTips161',tt_store_content,'7232'); <\/script><script type=\"text\/javascript\"> var tt_store_content = \"\\<p style\\='text\\-align\\: center;'\\>\\<strong\\>Autorit\u00e9 de S\u00fbret\u00e9 Nucl\u00e9aire\\<\\\/strong\\>\\<\\\/p\\>\"; toolTips('.classtoolTips163',tt_store_content,'3650'); <\/script><script type=\"text\/javascript\"> var tt_store_content = \"\\<p style\\='text\\-align\\: justify'\\>La \u00ab\u00a0\\<b\\>programmation pluriannuelle de l'\u00e9nergie\\<\\\/b\\>\u00a0\u00bb \\(<span class='tooltipsall tooltip_post_id_7750 classtoolTips164'>PPE<\/span>\\) est, en France, un document strat\u00e9gique de pilotage de la transition \u00e9nerg\u00e9tique\\. Institu\u00e9e par l'article 176 de la \\<a title\\='Loi relative \u00e0 la transition \u00e9nerg\u00e9tique pour la croissance verte' href\\='https\\:\\\/\\\/fr\\.wikipedia\\.org\\\/wiki\\\/Loi_relative_%C3%A0_la_transition_%C3%A9nerg%C3%A9tique_pour_la_croissance_verte'\\>loi de transition \u00e9nerg\u00e9tique\\<\\\/a\\> \\(TECV\\), elle fixe une trajectoire pour le \\<a title\\='Mix \u00e9nerg\u00e9tique' href\\='https\\:\\\/\\\/fr\\.wikipedia\\.org\\\/wiki\\\/Mix_%C3%A9nerg%C3%A9tique'\\>mix \u00e9nerg\u00e9tique\\<\\\/a\\>, ainsi que \\<span class\\='citation'\\>\u00ab\u00a0les priorit\u00e9s d'action pour la gestion de l\u2019ensemble des formes d'\u00e9nergie sur le territoire m\u00e9tropolitain continental, afin d\u2019atteindre les objectifs nationaux fix\u00e9s par la loi\u00a0\u00bb\\<\\\/span\\>\\. \\(Wikip\u00e9dia\\)\\<\\\/p\\>\"; toolTips('.classtoolTips164',tt_store_content,'7750'); <\/script><script type=\"text\/javascript\"> var tt_store_content = \"\\<p style\\='text\\-align\\: justify'\\>La \u00ab\u00a0\\<b\\>programmation pluriannuelle de l'\u00e9nergie\\<\\\/b\\>\u00a0\u00bb \\(PPE\\) est, en France, un document strat\u00e9gique de pilotage de la transition \u00e9nerg\u00e9tique\\. Institu\u00e9e par l'article 176 de la \\<a title\\='Loi relative \u00e0 la transition \u00e9nerg\u00e9tique pour la croissance verte' href\\='https\\:\\\/\\\/fr\\.wikipedia\\.org\\\/wiki\\\/Loi_relative_%C3%A0_la_transition_%C3%A9nerg%C3%A9tique_pour_la_croissance_verte'\\>loi de transition \u00e9nerg\u00e9tique\\<\\\/a\\> \\(TECV\\), elle fixe une trajectoire pour le \\<a title\\='Mix \u00e9nerg\u00e9tique' href\\='https\\:\\\/\\\/fr\\.wikipedia\\.org\\\/wiki\\\/Mix_%C3%A9nerg%C3%A9tique'\\>mix \u00e9nerg\u00e9tique\\<\\\/a\\>, ainsi que \\<span class\\='citation'\\>\u00ab\u00a0les priorit\u00e9s d'action pour la gestion de l\u2019ensemble des formes d'\u00e9nergie sur le territoire m\u00e9tropolitain continental, afin d\u2019atteindre les objectifs nationaux fix\u00e9s par la loi\u00a0\u00bb\\<\\\/span\\>\\. \\(Wikip\u00e9dia\\)\\<\\\/p\\>\"; toolTips('.classtoolTips164',tt_store_content,'7750'); <\/script><script type=\"text\/javascript\"> var tt_store_content = \"\\<p style\\='text\\-align\\: justify;'\\>Le Conseil d'Orientation des Retraites est une instance qui r\u00e9unit &nbsp;\\<span class\\='st'\\>les principaux acteurs du champ des retraites\\<\\\/span\\> et effectue un travail d'\u00e9tudes et de concertation\\. Compos\u00e9 de parlementaires, de repr\u00e9sentants des organisations professionnelles et syndicales, des retrait\u00e9s et des familles, de membres de l'administration et d'experts, le Conseil d'orientation des retraites \\(<span class='tooltipsall tooltip_post_id_7751 classtoolTips165'>COR<\/span>\\) est plac\u00e9 aupr\u00e8s du Premier ministre\\.\\<\\\/p\\>\"; toolTips('.classtoolTips165',tt_store_content,'7751'); <\/script><script type=\"text\/javascript\"> var tt_store_content = \"Energies Renouvelables\"; toolTips('.classtoolTips167',tt_store_content,'7758'); <\/script><script type=\"text\/javascript\"> var tt_store_content = \"Energies Renouvelables\"; toolTips('.classtoolTips167',tt_store_content,'7758'); <\/script><script type=\"text\/javascript\"> var tt_store_content = \"\\<p style\\='text\\-align\\: center;'\\>\\<span style\\='font\\-size\\: 14pt;'\\>\\<strong\\>O\\<\\\/strong\\>rganisation \\<strong\\>M\\<\\\/strong\\>\u00e9t\u00e9orologique \\<strong\\>M\\<\\\/strong\\>ondiale<br\/>\\<strong\\>W\\<\\\/strong\\>orld \\<strong\\>M\\<\\\/strong\\>eteorological \\<strong\\>O\\<\\\/strong\\>rganization\\<\\\/span\\>\\<\\\/p\\><br\/>&nbsp;<br\/><br\/>\\<a href\\='https\\:\\\/\\\/public\\.wmo\\.int\\\/fr' target\\='_blank' rel\\='noopener'\\>\\<em\\>Acc\u00e9der ici au site de l'organisation\\<\\\/em\\>\\<\\\/a\\>\"; toolTips('.classtoolTips168',tt_store_content,'7763'); <\/script><script type=\"text\/javascript\"> var tt_store_content = \"\\<p style\\='text\\-align\\: justify'\\>\\<span class\\='ILfuVd'\\>La politique agricole commune \\(\\<b\\><span class='tooltipsall tooltip_post_id_11364 classtoolTips174'>PAC<\/span>\\<\\\/b\\>\\) est une politique mise en place \u00e0 l'\u00e9chelle de l'Union europ\u00e9enne\\. \u00c0 l'origine, elle est fond\u00e9e principalement sur des mesures de contr\u00f4le des prix et de subventionnement, visant \u00e0 moderniser et d\u00e9velopper l'agriculture\\.\\<\\\/span\\> \\(source Wikipedia\\)\\<\\\/p\\>\"; toolTips('.classtoolTips174',tt_store_content,'11364'); <\/script><script type=\"text\/javascript\"> var tt_store_content = \"\\<p style\\='text\\-align\\: center;'\\>\\<span style\\='font\\-size\\: 14pt;'\\>\\<strong\\>P\\<\\\/strong\\>\\<\\\/span\\>\\<span style\\='font\\-size\\: 14pt;'\\>lan \\<strong\\>L\\<\\\/strong\\>\\<\\\/span\\>\\<span style\\='font\\-size\\: 14pt;'\\>ocal d'\\<strong\\>U\\<\\\/strong\\>\\<\\\/span\\>\\<span style\\='font\\-size\\: 14pt;'\\>rbanisme\\<\\\/span\\>\\<\\\/p\\><br\/>&nbsp;\"; toolTips('.classtoolTips176',tt_store_content,'4979'); <\/script><script type=\"text\/javascript\"> var tt_store_content = \"\\<p style\\='text\\-align\\: center;'\\>\\<strong\\>P\\<\\\/strong\\>roduit \\<strong\\>I\\<\\\/strong\\>nt\u00e9rieur \\<strong\\>B\\<\\\/strong\\>rut\\<\\\/p\\><br\/>Indicateur \u00e9conomique, le PIB repr\u00e9sente la valeur de la richesse \\('valeur ajout\u00e9e\\)' cr\u00e9\u00e9e par un territoire donn\u00e9, pendant une p\u00e9riode donn\u00e9e, par les activit\u00e9s \u00e9conomiques situ\u00e9es sur ce territoire\\. En g\u00e9n\u00e9ral, on parle de PIB pour une ann\u00e9e donn\u00e9e\\.<br\/><br\/>\\<a href\\='https\\:\\\/\\\/fr\\.wikipedia\\.org\\\/wiki\\\/Produit_int%C3%A9rieur_brut' target\\='_blank' rel\\='noopener'\\>Voir ici la fiche Wikipedia sur le sujet\\<\\\/a\\><br\/><br\/>&nbsp;\"; toolTips('.classtoolTips177',tt_store_content,'4470'); <\/script><script type=\"text\/javascript\"> var tt_store_content = \"\\<p style\\='text\\-align\\: center;'\\>\\<strong\\>\\<span style\\='font\\-size\\: 14pt;'\\>E\\<\\\/span\\>\\<\\\/strong\\>\\<span style\\='font\\-size\\: 14pt;'\\>lectricit\u00e9 \\<strong\\>d\\<\\\/strong\\>e \\<strong\\>F\\<\\\/strong\\>rance\\<\\\/span\\>\\<\\\/p\\>\"; toolTips('.classtoolTips178',tt_store_content,'7035'); <\/script><script type=\"text\/javascript\"> var tt_store_content = \"\\<p style\\='text\\-align\\: center;'\\>\\<strong\\>\\<span style\\='font\\-size\\: 14pt;'\\>E\\<\\\/span\\>\\<\\\/strong\\>\\<span style\\='font\\-size\\: 14pt;'\\>lectricit\u00e9 \\<strong\\>d\\<\\\/strong\\>e \\<strong\\>F\\<\\\/strong\\>rance\\<\\\/span\\>\\<\\\/p\\>\"; toolTips('.classtoolTips178',tt_store_content,'7035'); <\/script><script type=\"text\/javascript\"> var tt_store_content = \"\\<p\\>Conseil \u00c9conomique et Social\\<\\\/p\\>\"; toolTips('.classtoolTips180',tt_store_content,'29829'); <\/script><script type=\"text\/javascript\"> var tt_store_content = \"\\<p style\\='text\\-align\\: center;'\\>\\<span style\\='font\\-size\\: 14pt;'\\>\\<strong\\>G\\<\\\/strong\\>roupement \\<strong\\>H\\<\\\/strong\\>ospitalier de \\<strong\\>T\\<\\\/strong\\>erritoire\\<\\\/span\\>\\<\\\/p\\><br\/>\\<p style\\='text\\-align\\: justify;'\\>Les groupements hospitaliers de territoires, dispositif pr\u00e9vu par la loi de sant\u00e9 2016, sont un nouveau mode de coop\u00e9ration entre les \u00e9tablissements publics de sant\u00e9 \u00e0 l\u2019\u00e9chelle d\u2019un territoire\\<\\\/p\\>\"; toolTips('.classtoolTips189',tt_store_content,'18358'); <\/script><script type=\"text\/javascript\"> var tt_store_content = \"\\<p style\\='text\\-align\\: center;'\\>\\<span style\\='font\\-size\\: 14pt;'\\>\\<strong\\>C\\<\\\/strong\\>omit\u00e9 \\<strong\\>T\\<\\\/strong\\>echnique d'\\<strong\\>\u00c9\\<\\\/strong\\>tablissement\\<\\\/span\\>\\<\\\/p\\>\"; toolTips('.classtoolTips191',tt_store_content,'18359'); <\/script><script type=\"text\/javascript\"> var tt_store_content = \"\\<p style\\='text\\-align\\: center;'\\>\\<strong\\>\\<span style\\='font\\-size\\: 14pt;'\\>P\\<\\\/span\\>\\<\\\/strong\\>\\<span style\\='font\\-size\\: 14pt;'\\>rogrammation \\<strong\\>P\\<\\\/strong\\>luri\\-annuelle de l'\\<strong\\>\u00c9\\<\\\/strong\\>nergie\\<\\\/span\\>\\<\\\/p\\><br\/>La PPE est est en France un document strat\u00e9gique de pilotage de la transition \u00e9nerg\u00e9tique\\. Institu\u00e9e par l'article 176 de la loi transition \u00e9nerg\u00e9tique \\(TECV\\)\\. Elle fixe \\(par \u00e9nergie\\) une trajectoire pour le mix \u00e9nerg\u00e9tique, ainsi que \u00ab&nbsp;\\<em\\>les priorit\u00e9s d'action pour la gestion de l\u2019ensemble des formes d'\u00e9nergie sur le territoire m\u00e9tropolitain continental, afin d\u2019atteindre les objectifs nationaux fix\u00e9s par la loi\\<\\\/em\\>&nbsp;\u00bb\\.<br\/><br\/>Initi\u00e9e en 2016, elle est r\u00e9vis\u00e9e en 2018 puis ensuite tous les 5 ans\\.<br\/><br\/>\\<a href\\='https\\:\\\/\\\/fr\\.wikipedia\\.org\\\/wiki\\\/Programmation_pluriannuelle_de_l'\u00e9nergi' target\\='_blank' rel\\='noopener'\\>\\<em\\>Voir ici la page Wikipedia consacr\u00e9e \u00e0 la PPE\\<\\\/em\\>\\<\\\/a\\><br\/>\\<a href\\='https\\:\\\/\\\/ppe\\.debatpublic\\.fr\\\/' target\\='_blank' rel\\='noopener'\\>\\<em\\>Voir ici la page du site 'Commission du D\u00e9bat Public' consacr\u00e9e \u00e0 la PPE\\<\\\/em\\>\\<\\\/a\\>\"; toolTips('.classtoolTips193',tt_store_content,'7102'); <\/script><script type=\"text\/javascript\"> var tt_store_content = \"\\<p\\><span class='tooltipsall tooltip_post_id_21204 classtoolTips199'>COV<\/span> \\= Compos\u00e9 Organique Volatile\\<\\\/p\\>\"; toolTips('.classtoolTips199',tt_store_content,'21204'); <\/script><script type=\"text\/javascript\"> var tt_store_content = \"\\<p style\\='text\\-align\\: center;'\\>\\<strong\\>R\\<\\\/strong\\>\u00e9seau \\<strong\\>A\\<\\\/strong\\>ction \\<strong\\>C\\<\\\/strong\\>limat\\<\\\/p\\><br\/>Le r\u00e9seau Action Climat '\\<em\\>f\u00e9d\u00e8re les associations impliqu\u00e9es dans la lutte contre les changements climatiques et pour une transition \u00e9cologique, solidaire et \u00e9quitable\\<\\\/em\\>'\\.<br\/><br\/>\\<a href\\='https\\:\\\/\\\/reseauactionclimat\\.org\\\/' target\\='_blank' rel\\='noopener'\\>Voir le site du <span class='tooltipsall tooltip_post_id_4309 classtoolTips200'>RAC<\/span>\\<\\\/a\\>\"; toolTips('.classtoolTips200',tt_store_content,'4309'); <\/script><script type=\"text\/javascript\"> var tt_store_content = \"\\<p style\\='text\\-align\\: center;'\\>\\<strong\\>\\<span style\\='font\\-size\\: 14pt;'\\>R\\<\\\/span\\>\\<\\\/strong\\>\\<span style\\='font\\-size\\: 14pt;'\\>eferendum d'\\<strong\\>I\\<\\\/strong\\>nitiative \\<strong\\>C\\<\\\/strong\\>itoyenne\\<\\\/span\\>\\<\\\/p\\>\"; toolTips('.classtoolTips205',tt_store_content,'12268'); <\/script><script type=\"text\/javascript\"> var tt_store_content = \"\\<p\\><span class='tooltipsall tooltip_post_id_25844 classtoolTips208'>RTE<\/span> \\= R\u00e9seau de Transport d'Electricit\u00e9 est une filiale d'EDF qui est l'actionnaire majoritaire avec 50,1% des parts le reste \u00e9tant partag\u00e9 par la CDC et la CNP\\<\\\/p\\>\"; toolTips('.classtoolTips208',tt_store_content,'25844'); <\/script><script type=\"text\/javascript\"> var tt_store_content = \"\\<p style\\='text\\-align\\: center;'\\>\\<span style\\='font\\-size\\: 14pt;'\\>\\<strong\\>O\\<\\\/strong\\>rganisation\\<strong\\> N\\<\\\/strong\\>on\\<strong\\> G\\<\\\/strong\\>ouvernementale\\<\\\/span\\>\\<\\\/p\\><br\/>Une organisation non gouvernementale \\(<span class='tooltipsall tooltip_post_id_3579 classtoolTips210'>ONG<\/span>\\) est une \\<a title\\='Association \u00e0 but non lucratif' href\\='https\\:\\\/\\\/fr\\.wikipedia\\.org\\\/wiki\\\/Association_%C3%A0_but_non_lucratif' target\\='_blank' rel\\='noopener'\\>association \u00e0 but non lucratif\\<\\\/a\\>, d'int\u00e9r\u00eat public, qui ne rel\u00e8ve ni de l'\u00c9tat, ni d'institutions internationales\\<sup id\\='cite_ref\\-novethic_1\\-0' class\\='reference'\\>\\<\\\/sup\\>\\. Les ONG n'ont pas le statut de sujet de \\<a title\\='Droit international public' href\\='https\\:\\\/\\\/fr\\.wikipedia\\.org\\\/wiki\\\/Droit_international_public' target\\='_blank' rel\\='noopener'\\>droit international\\<\\\/a\\>\\.\"; toolTips('.classtoolTips210',tt_store_content,'3579'); <\/script><script type=\"text\/javascript\"> var tt_store_content = \"\\<p style\\='text\\-align\\: center;'\\>\\<span style\\='font\\-size\\: 14pt;'\\>\\<strong\\>O\\<\\\/strong\\>rganisation\\<strong\\> N\\<\\\/strong\\>on\\<strong\\> G\\<\\\/strong\\>ouvernementale\\<\\\/span\\>\\<\\\/p\\><br\/>Une organisation non gouvernementale \\(ONG\\) est une \\<a title\\='Association \u00e0 but non lucratif' href\\='https\\:\\\/\\\/fr\\.wikipedia\\.org\\\/wiki\\\/Association_%C3%A0_but_non_lucratif' target\\='_blank' rel\\='noopener'\\>association \u00e0 but non lucratif\\<\\\/a\\>, d'int\u00e9r\u00eat public, qui ne rel\u00e8ve ni de l'\u00c9tat, ni d'institutions internationales\\<sup id\\='cite_ref\\-novethic_1\\-0' class\\='reference'\\>\\<\\\/sup\\>\\. Les ONG n'ont pas le statut de sujet de \\<a title\\='Droit international public' href\\='https\\:\\\/\\\/fr\\.wikipedia\\.org\\\/wiki\\\/Droit_international_public' target\\='_blank' rel\\='noopener'\\>droit international\\<\\\/a\\>\\.\"; toolTips('.classtoolTips210',tt_store_content,'3579'); <\/script><script type=\"text\/javascript\"> var tt_store_content = \"\\<p\\><span class='tooltipsall tooltip_post_id_24572 classtoolTips211'>MIT<\/span> \\= Massachussets Institute of Technology, prestigieuse universit\u00e9 am\u00e9ricaine de la c\u00f4te est\\<\\\/p\\>\"; toolTips('.classtoolTips211',tt_store_content,'24572'); <\/script><script type=\"text\/javascript\"> var tt_store_content = \"\\<p style\\='text\\-align\\: center;'\\>\\<strong\\>J\\<\\\/strong\\>eux \\<strong\\>O\\<\\\/strong\\>lympiques<br\/>ou<br\/>\\<strong\\>J\\<\\\/strong\\>ournal \\<strong\\>O\\<\\\/strong\\>fficiel de la R\u00e9publique Fran\u00e7aise\\<\\\/p\\>\"; toolTips('.classtoolTips213',tt_store_content,'4451'); <\/script><script type=\"text\/javascript\"> var tt_store_content = \"\\<p\\><span class='tooltipsall tooltip_post_id_30593 classtoolTips214'>RN<\/span> \\= Rassemble National, c'est le parti d'extr\u00eame droite de Marine Le Pen qui succ\u00e8de au FN \\= Front National fond\u00e9 par son p\u00e8re Jean Marie Le Pen\\<\\\/p\\>\"; toolTips('.classtoolTips214',tt_store_content,'30593'); <\/script><script type=\"text\/javascript\"> var tt_store_content = \"\\<p\\>\\<strong\\><span class='tooltipsall tooltip_post_id_30101 classtoolTips216'>KILOWATT<\/span> \\(KW\\) \\= 1000 watt \\<br \\\/\\><br\/>\\<\\\/strong\\>\\<\\\/p\\>\"; toolTips('.classtoolTips216',tt_store_content,'30101'); <\/script><script type=\"text\/javascript\"> var tt_store_content = \"\\<p style\\='text\\-align\\: center;'\\>\\<span style\\='font\\-size\\: 14pt;'\\>\\<strong\\>C\\<\\\/strong\\>entre \\<strong\\>H\\<\\\/strong\\>ospitalier\\<\\\/span\\>\\<\\\/p\\>\"; toolTips('.classtoolTips220',tt_store_content,'18357'); <\/script><script type=\"text\/javascript\"> var tt_store_content = \"\\<p\\>D\u00e9chets radioactifs \u00e0 Haute Activit\u00e9 \\(classement <span class='tooltipsall tooltip_post_id_3612 classtoolTips79'>ANDRA<\/span>\\)\\<\\\/p\\>\"; toolTips('.classtoolTips223',tt_store_content,'19196'); <\/script><script type=\"text\/javascript\"> var tt_store_content = \"\\<p\\>D\u00e9chets radioactifs \u00e0 Haute Activit\u00e9 \\(classement ANDRA\\)\\<\\\/p\\>\"; toolTips('.classtoolTips223',tt_store_content,'19196'); <\/script>_______________________<br>Notes<ol class=\"footnotes\"><li id=\"footnote_1_24723\" class=\"footnote\">voir en annexe les sources utilis\u00e9es<span class=\"footnote-back-link-wrapper\">[<a href=\"#identifier_1_24723\" class=\"footnote-link footnote-back-link\">&#8617;<\/a>]<\/span><\/li><li id=\"footnote_2_24723\" class=\"footnote\">conf\u00e9rence \u00e0 Sciences Po le 2\/08\/2019<span class=\"footnote-back-link-wrapper\">[<a href=\"#identifier_2_24723\" class=\"footnote-link footnote-back-link\">&#8617;<\/a>]<\/span><\/li><li id=\"footnote_3_24723\" class=\"footnote\">Ukraine 1\/40.241 km\u00b2, Allemagne 1\/59.500 km\u00b2<span class=\"footnote-back-link-wrapper\">[<a href=\"#identifier_3_24723\" class=\"footnote-link footnote-back-link\">&#8617;<\/a>]<\/span><\/li><li id=\"footnote_4_24723\" class=\"footnote\">cf. le dossier\u00a0du Clairon de l\u2019Atax\u00a0: <a href=\"https:\/\/le-clairon-nouveau.fr\/wordpress\/pages-visibles\/dossiers\/nucleaire-desastre-annonce\/\">https:\/\/le-clairon-nouveau.fr\/wordpress\/pages-visibles\/dossiers\/nucleaire-desastre-annonce\/<\/a> <span class=\"footnote-back-link-wrapper\">[<a href=\"#identifier_4_24723\" class=\"footnote-link footnote-back-link\">&#8617;<\/a>]<\/span><\/li><li id=\"footnote_5_24723\" class=\"footnote\">entretien Reporterre du 10\/02\/2012<span class=\"footnote-back-link-wrapper\">[<a href=\"#identifier_5_24723\" class=\"footnote-link footnote-back-link\">&#8617;<\/a>]<\/span><\/li><\/ol>_______________________","protected":false},"excerpt":{"rendered":"<p>En physique, l\u2019\u00e9nergie est ce qui r\u00e9sulte du changement d\u2019\u00e9tat d\u2019un corps ou d\u2019un syst\u00e8me. Ce changement peut exister dans la nature ou \u00eatre provoqu\u00e9 par l\u2019homme&#8230;<script type=\"text\/javascript\"> var tt_store_content = \"\\<\/p>\n<p style\\='text\\-align\\: center;'\\>\\<span style\\='font\\-size\\: 14pt;'\\>\\<strong\\>T\\<\\\/strong\\>raitement\\<strong\\> D\\<\\\/strong\\>es\\<strong\\> N\\<\\\/strong\\>itrates\\<strong\\> \\(<span class='tooltipsall tooltip_post_id_3610 classtoolTips37'>TDN<\/span>\\)<br \/>TH\\<\\\/strong\\>ermal\\<strong\\> O\\<\\\/strong\\>rganic\\<strong\\> R\\<\\\/strong\\>eduction\\<strong\\> \\(<span class='tooltipsall tooltip_post_id_3610 classtoolTips37'>THOR<\/span>\\)\\<\\\/strong\\>\\<\\\/span\\>\\<\\\/p\\><br \/>\\<\/p>\n<p style\\='text\\-align\\: justify;'\\>Proc\u00e9d\u00e9 envisag\u00e9 par la soci\u00e9t\u00e9 AREVA pour retraiter les d\u00e9chets nitrat\u00e9s et radio\\-actifs issus de son activit\u00e9 d'enrichissement de l'uranium, phase I de la pr\u00e9paration du combustible des centrales nucl\u00e9aires\\.\\<\\\/p\\><br \/>\\<\/p>\n<p style\\='text\\-align\\: justify;'\\>Cette activit\u00e9 est mise en \u0153uvre dans l'usine de Malv\u00e9si \u00e0 quelques kilom\u00e8tres de Narbonne\\.\\<\\\/p\\><br \/>\\<\/p>\n<p style\\='text\\-align\\: justify;'\\>Ce proc\u00e9d\u00e9, potentiellement tr\u00e8s toxique pour la sant\u00e9 et l'environnement, est au centre d'une vive opposition de la part des riverains et \u00e0 laquelle le Clairon s'associe \\(\\<a href\\='https\\:\\\/\\\/le\\-clairon\\-nouveau\\.fr\\\/wordpress\\\/dossiers\\\/dossier\\-malvesi\\-areva\\\/' target\\='_blank' rel\\='noopener'\\>voir notre dossier\\<\\\/a\\> sur le sujet\\)\\.\\<\\\/p\\>\"; toolTips('.classtoolTips37',tt_store_content,'3610'); <\/script><script type=\"text\/javascript\"> var tt_store_content = \"\\<\/p>\n<p style\\='text\\-align\\: justify'\\>La \\<strong\\>C\\<\\\/strong\\>ommission de \\<strong\\>R\\<\\\/strong\\>echerche et d'\\<strong\\>I\\<\\\/strong\\>nformations \\<strong\\>I\\<\\\/strong\\>nd\u00e9pendantes sur la \\<strong\\>Rad\\<\\\/strong\\>ioactivit\u00e9 est une association fran\u00e7aise 'loi 1901'\\. Elle emploie une \u00e9quipe d'une douzaine de scientifiques\u00a0 et dispose d'un laboratoire d'analyse agr\u00e9e par le minist\u00e8re de la sant\u00e9 dans le cadre de la protection de l'environnement\\. Son domaine d'intervention est le d\u00e9pistage et \u00e0 l'identification des pollutions radioactives en France comme \u00e0 l'\u00e9tranger\\. Elle se finance par les cotisations de ses membres et la r\u00e9mun\u00e9ration de ses nombreux travaux \\(plus d'un millier depuis sa cr\u00e9ation\\)\\.\\<\\\/p\\>\"; toolTips('.classtoolTips55',tt_store_content,'7025'); <\/script><script type=\"text\/javascript\"> var tt_store_content = \"\\<\/p>\n<p style\\='text\\-align\\: justify'\\>La \\<strong\\>C\\<\\\/strong\\>ommission de \\<strong\\>R\\<\\\/strong\\>echerche et d'\\<strong\\>I\\<\\\/strong\\>nformations \\<strong\\>I\\<\\\/strong\\>nd\u00e9pendantes sur la \\<strong\\>Rad\\<\\\/strong\\>ioactivit\u00e9 est une association fran\u00e7aise 'loi 1901'\\. Elle emploie une \u00e9quipe d'une douzaine de scientifiques\u00a0 et dispose d'un laboratoire d'analyse agr\u00e9e par le minist\u00e8re de la sant\u00e9 dans le cadre de la protection de l'environnement\\. Son domaine d'intervention est le d\u00e9pistage et \u00e0 l'identification des pollutions radioactives en France comme \u00e0 l'\u00e9tranger\\. Elle se finance par les cotisations de ses membres et la r\u00e9mun\u00e9ration de ses nombreux travaux \\(plus d'un millier depuis sa cr\u00e9ation\\)\\.\\<\\\/p\\>\"; toolTips('.classtoolTips55',tt_store_content,'7025'); <\/script><script type=\"text\/javascript\"> var tt_store_content = \"Nouveau nom que s'est donn\u00e9, en 2018, l'entreprise AREVA\"; toolTips('.classtoolTips77',tt_store_content,'5129'); <\/script><script type=\"text\/javascript\"> var tt_store_content = \"\\<\/p>\n<p style\\='text\\-align\\: center;'\\>\\<span style\\='font\\-size\\: 14pt;'\\>\\<strong\\>I\\<\\\/strong\\>nstitut \\<strong\\>N\\<\\\/strong\\>ational de \\<strong\\>R\\<\\\/strong\\>adioprotection\\<\\\/span\\><br \/>\\<span style\\='font\\-size\\: 14pt;'\\> et de \\<strong\\>S\\<\\\/strong\\>\u00fbret\u00e9 \\<strong\\>N\\<\\\/strong\\>ucl\u00e9aire\\<\\\/span\\>\\<\\\/p\\>\"; toolTips('.classtoolTips105',tt_store_content,'3613'); <\/script><script type=\"text\/javascript\"> var tt_store_content = \"\\<p\\><span class='tooltipsall tooltip_post_id_19394 classtoolTips134'>SAGE<\/span> \\= \\<span class\\='st'\\> sch\u00e9ma d'am\u00e9nagement et de gestion de l'eau\\<\\\/span\\> , c'est un outil de planification qui concerne l'ensemble des eaux situ\u00e9es dans un bassin versant\\<\\\/p\\>\"; toolTips('.classtoolTips134',tt_store_content,'19394'); <\/script><script type=\"text\/javascript\"> var tt_store_content = \"\\<\/p>\n<p style\\='text\\-align\\: center;'\\>\\<strong\\>\\<span style\\='font\\-size\\: 14pt;'\\>S\\<\\\/span\\>\\<\\\/strong\\>\\<span style\\='font\\-size\\: 14pt;'\\>oci\u00e9t\u00e9 d'\\<strong\\>\u00c9\\<\\\/strong\\>conomie \\<strong\\>M\\<\\\/strong\\>ixte\\<\\\/span\\>\\<\\\/p\\><br \/>\\<\/p>\n<p style\\='text\\-align\\: justify;'\\>En France, une soci\u00e9t\u00e9 d'\u00e9conomie mixte est une soci\u00e9t\u00e9 anonyme dont le capital est majoritairement d\u00e9tenu par une ou plusieurs personnes publiques \\(\u00e0 savoir l'\u00c9tat, une Collectivit\u00e9 territoriale, ou tout autre \u00c9tablissement public\\)\\. Cette participation majoritaire publique est plafonn\u00e9e \u00e0 85&nbsp;% du capital depuis la Loi du 2 janvier 2002\\. Au moins une personne priv\u00e9e doit participer au capital de la <span class='tooltipsall tooltip_post_id_7168 classtoolTips142'>SEM<\/span>, sachant qu'il peut s'agir d'une autre SEM\\.\\<\\\/p\\><br \/>\\<\/p>\n<p style\\='text\\-align\\: justify;'\\>\\<strong\\>Le recours \u00e0 la SEM garantit\\<\\\/strong\\> \u00e0 la collectivit\u00e9 publique actionnaire et cocontractante \\<strong\\>la prise en compte effective de l'int\u00e9r\u00eat g\u00e9n\u00e9ral\\<\\\/strong\\> dans les objectifs de l'entreprise \\<strong\\>et la souplesse de la soci\u00e9t\u00e9 de droit priv\u00e9\\<\\\/strong\\>\\.\\<\\\/p\\><br \/>\\<em\\>\\<a href\\='https\\:\\\/\\\/fr\\.wikipedia\\.org\\\/wiki\\\/Soci%C3%A9t%C3%A9_d%27%C3%A9conomie_mixte' target\\='_blank' rel\\='noopener'\\>Voir ici la page Wikipedia consacr\u00e9e aux SEM\\<\\\/a\\> \\<\\\/em\\><\/p>\n<p>&nbsp;\"; toolTips('.classtoolTips142',tt_store_content,'7168'); <\/script><script type=\"text\/javascript\"> var tt_store_content = \"\\<\/p>\n<p style\\='text\\-align\\: center;'\\>\\<span style\\='font\\-size\\: 14pt;'\\>\\<strong\\>I\\<\\\/strong\\>mp\u00f4t sur la \\<strong\\>F\\<\\\/strong\\>ortune \\<strong\\>I\\<\\\/strong\\>mmobili\u00e8re\\<\\\/span\\>\\<\\\/p\\>\"; toolTips('.classtoolTips148',tt_store_content,'5643'); <\/script><script type=\"text\/javascript\"> var tt_store_content = \"\\<\/p>\n<p style\\='text\\-align\\: center;'\\>\\<span style\\='font\\-size\\: 14pt;'\\>\\<strong\\>R\\<\\\/strong\\>\u00e9pertoire \\<strong\\>N\\<\\\/strong\\>ational des \\<strong\\>A\\<\\\/strong\\>ssociations\\<\\\/span\\>\\<\\\/p\\>\"; toolTips('.classtoolTips159',tt_store_content,'24374'); <\/script><script type=\"text\/javascript\"> var tt_store_content = \"\\<\/p>\n<p style\\='text\\-align\\: center;'\\>\\<strong\\>\\<span style\\='font\\-size\\: 14pt;'\\>G\\<\\\/span\\>\\<\\\/strong\\>\\<span style\\='font\\-size\\: 14pt;'\\>az \u00e0 \\<strong\\>E\\<\\\/strong\\>ffet de \\<strong\\>S\\<\\\/strong\\>erre\\<\\\/span\\>\\<\\\/p\\><br \/>\\<\/p>\n<p style\\='text\\-align\\: justify;'\\>Les gaz \u00e0 effet de serre \\(<span class='tooltipsall tooltip_post_id_7232 classtoolTips161'>GES<\/span>\\) sont des composants gazeux qui absorbent le rayonnement infrarouge \u00e9mis par la surface terrestre et contribuent \u00e0 l'effet de serre\\. L'augmentation de leur concentration dans l'atmosph\u00e8re terrestre est l'un des facteurs \u00e0 l'origine du r\u00e9chauffement climatique\\.\\<\\\/p\\><br \/>\\<a href\\='https\\:\\\/\\\/fr\\.wikipedia\\.org\\\/wiki\\\/Gaz_%C3%A0_effet_de_serre' target\\='_blank' rel\\='noopener'\\>\\<em\\>Voir ici la fiche Wikipedia sur les gaz \u00e0 effet de serre\\<\\\/em\\>\\<\\\/a\\>\"; toolTips('.classtoolTips161',tt_store_content,'7232'); <\/script><script type=\"text\/javascript\"> var tt_store_content = \"\\<\/p>\n<p style\\='text\\-align\\: center;'\\>\\<strong\\>Autorit\u00e9 de S\u00fbret\u00e9 Nucl\u00e9aire\\<\\\/strong\\>\\<\\\/p\\>\"; toolTips('.classtoolTips163',tt_store_content,'3650'); <\/script><script type=\"text\/javascript\"> var tt_store_content = \"\\<\/p>\n<p style\\='text\\-align\\: justify'\\>La \u00ab\u00a0\\<b\\>programmation pluriannuelle de l'\u00e9nergie\\<\\\/b\\>\u00a0\u00bb \\(<span class='tooltipsall tooltip_post_id_7750 classtoolTips164'>PPE<\/span>\\) est, en France, un document strat\u00e9gique de pilotage de la transition \u00e9nerg\u00e9tique\\. Institu\u00e9e par l'article 176 de la \\<a title\\='Loi relative \u00e0 la transition \u00e9nerg\u00e9tique pour la croissance verte' href\\='https\\:\\\/\\\/fr\\.wikipedia\\.org\\\/wiki\\\/Loi_relative_%C3%A0_la_transition_%C3%A9nerg%C3%A9tique_pour_la_croissance_verte'\\>loi de transition \u00e9nerg\u00e9tique\\<\\\/a\\> \\(TECV\\), elle fixe une trajectoire pour le \\<a title\\='Mix \u00e9nerg\u00e9tique' href\\='https\\:\\\/\\\/fr\\.wikipedia\\.org\\\/wiki\\\/Mix_%C3%A9nerg%C3%A9tique'\\>mix \u00e9nerg\u00e9tique\\<\\\/a\\>, ainsi que \\<span class\\='citation'\\>\u00ab\u00a0les priorit\u00e9s d'action pour la gestion de l\u2019ensemble des formes d'\u00e9nergie sur le territoire m\u00e9tropolitain continental, afin d\u2019atteindre les objectifs nationaux fix\u00e9s par la loi\u00a0\u00bb\\<\\\/span\\>\\. \\(Wikip\u00e9dia\\)\\<\\\/p\\>\"; toolTips('.classtoolTips164',tt_store_content,'7750'); <\/script><script type=\"text\/javascript\"> var tt_store_content = \"\\<\/p>\n<p style\\='text\\-align\\: justify'\\>La \u00ab\u00a0\\<b\\>programmation pluriannuelle de l'\u00e9nergie\\<\\\/b\\>\u00a0\u00bb \\(PPE\\) est, en France, un document strat\u00e9gique de pilotage de la transition \u00e9nerg\u00e9tique\\. Institu\u00e9e par l'article 176 de la \\<a title\\='Loi relative \u00e0 la transition \u00e9nerg\u00e9tique pour la croissance verte' href\\='https\\:\\\/\\\/fr\\.wikipedia\\.org\\\/wiki\\\/Loi_relative_%C3%A0_la_transition_%C3%A9nerg%C3%A9tique_pour_la_croissance_verte'\\>loi de transition \u00e9nerg\u00e9tique\\<\\\/a\\> \\(TECV\\), elle fixe une trajectoire pour le \\<a title\\='Mix \u00e9nerg\u00e9tique' href\\='https\\:\\\/\\\/fr\\.wikipedia\\.org\\\/wiki\\\/Mix_%C3%A9nerg%C3%A9tique'\\>mix \u00e9nerg\u00e9tique\\<\\\/a\\>, ainsi que \\<span class\\='citation'\\>\u00ab\u00a0les priorit\u00e9s d'action pour la gestion de l\u2019ensemble des formes d'\u00e9nergie sur le territoire m\u00e9tropolitain continental, afin d\u2019atteindre les objectifs nationaux fix\u00e9s par la loi\u00a0\u00bb\\<\\\/span\\>\\. \\(Wikip\u00e9dia\\)\\<\\\/p\\>\"; toolTips('.classtoolTips164',tt_store_content,'7750'); <\/script><script type=\"text\/javascript\"> var tt_store_content = \"\\<\/p>\n<p style\\='text\\-align\\: justify;'\\>Le Conseil d'Orientation des Retraites est une instance qui r\u00e9unit &nbsp;\\<span class\\='st'\\>les principaux acteurs du champ des retraites\\<\\\/span\\> et effectue un travail d'\u00e9tudes et de concertation\\. Compos\u00e9 de parlementaires, de repr\u00e9sentants des organisations professionnelles et syndicales, des retrait\u00e9s et des familles, de membres de l'administration et d'experts, le Conseil d'orientation des retraites \\(<span class='tooltipsall tooltip_post_id_7751 classtoolTips165'>COR<\/span>\\) est plac\u00e9 aupr\u00e8s du Premier ministre\\.\\<\\\/p\\>\"; toolTips('.classtoolTips165',tt_store_content,'7751'); <\/script><script type=\"text\/javascript\"> var tt_store_content = \"Energies Renouvelables\"; toolTips('.classtoolTips167',tt_store_content,'7758'); <\/script><script type=\"text\/javascript\"> var tt_store_content = \"Energies Renouvelables\"; toolTips('.classtoolTips167',tt_store_content,'7758'); <\/script><script type=\"text\/javascript\"> var tt_store_content = \"\\<\/p>\n<p style\\='text\\-align\\: center;'\\>\\<span style\\='font\\-size\\: 14pt;'\\>\\<strong\\>O\\<\\\/strong\\>rganisation \\<strong\\>M\\<\\\/strong\\>\u00e9t\u00e9orologique \\<strong\\>M\\<\\\/strong\\>ondiale<br \/>\\<strong\\>W\\<\\\/strong\\>orld \\<strong\\>M\\<\\\/strong\\>eteorological \\<strong\\>O\\<\\\/strong\\>rganization\\<\\\/span\\>\\<\\\/p\\><br \/>&nbsp;<\/p>\n<p>\\<a href\\='https\\:\\\/\\\/public\\.wmo\\.int\\\/fr' target\\='_blank' rel\\='noopener'\\>\\<em\\>Acc\u00e9der ici au site de l'organisation\\<\\\/em\\>\\<\\\/a\\>\"; toolTips('.classtoolTips168',tt_store_content,'7763'); <\/script><script type=\"text\/javascript\"> var tt_store_content = \"\\<\/p>\n<p style\\='text\\-align\\: justify'\\>\\<span class\\='ILfuVd'\\>La politique agricole commune \\(\\<b\\><span class='tooltipsall tooltip_post_id_11364 classtoolTips174'>PAC<\/span>\\<\\\/b\\>\\) est une politique mise en place \u00e0 l'\u00e9chelle de l'Union europ\u00e9enne\\. \u00c0 l'origine, elle est fond\u00e9e principalement sur des mesures de contr\u00f4le des prix et de subventionnement, visant \u00e0 moderniser et d\u00e9velopper l'agriculture\\.\\<\\\/span\\> \\(source Wikipedia\\)\\<\\\/p\\>\"; toolTips('.classtoolTips174',tt_store_content,'11364'); <\/script><script type=\"text\/javascript\"> var tt_store_content = \"\\<\/p>\n<p style\\='text\\-align\\: center;'\\>\\<span style\\='font\\-size\\: 14pt;'\\>\\<strong\\>P\\<\\\/strong\\>\\<\\\/span\\>\\<span style\\='font\\-size\\: 14pt;'\\>lan \\<strong\\>L\\<\\\/strong\\>\\<\\\/span\\>\\<span style\\='font\\-size\\: 14pt;'\\>ocal d'\\<strong\\>U\\<\\\/strong\\>\\<\\\/span\\>\\<span style\\='font\\-size\\: 14pt;'\\>rbanisme\\<\\\/span\\>\\<\\\/p\\><br \/>&nbsp;\"; toolTips('.classtoolTips176',tt_store_content,'4979'); <\/script><script type=\"text\/javascript\"> var tt_store_content = \"\\<\/p>\n<p style\\='text\\-align\\: center;'\\>\\<strong\\>P\\<\\\/strong\\>roduit \\<strong\\>I\\<\\\/strong\\>nt\u00e9rieur \\<strong\\>B\\<\\\/strong\\>rut\\<\\\/p\\><br \/>Indicateur \u00e9conomique, le <span class='tooltipsall tooltip_post_id_4470 classtoolTips177'>PIB<\/span> repr\u00e9sente la valeur de la richesse \\('valeur ajout\u00e9e\\)' cr\u00e9\u00e9e par un territoire donn\u00e9, pendant une p\u00e9riode donn\u00e9e, par les activit\u00e9s \u00e9conomiques situ\u00e9es sur ce territoire\\. En g\u00e9n\u00e9ral, on parle de PIB pour une ann\u00e9e donn\u00e9e\\.<\/p>\n<p>\\<a href\\='https\\:\\\/\\\/fr\\.wikipedia\\.org\\\/wiki\\\/Produit_int%C3%A9rieur_brut' target\\='_blank' rel\\='noopener'\\>Voir ici la fiche Wikipedia sur le sujet\\<\\\/a\\><\/p>\n<p>&nbsp;\"; toolTips('.classtoolTips177',tt_store_content,'4470'); <\/script><script type=\"text\/javascript\"> var tt_store_content = \"\\<\/p>\n<p style\\='text\\-align\\: center;'\\>\\<strong\\>\\<span style\\='font\\-size\\: 14pt;'\\>E\\<\\\/span\\>\\<\\\/strong\\>\\<span style\\='font\\-size\\: 14pt;'\\>lectricit\u00e9 \\<strong\\>d\\<\\\/strong\\>e \\<strong\\>F\\<\\\/strong\\>rance\\<\\\/span\\>\\<\\\/p\\>\"; toolTips('.classtoolTips178',tt_store_content,'7035'); <\/script><script type=\"text\/javascript\"> var tt_store_content = \"\\<\/p>\n<p style\\='text\\-align\\: center;'\\>\\<strong\\>\\<span style\\='font\\-size\\: 14pt;'\\>E\\<\\\/span\\>\\<\\\/strong\\>\\<span style\\='font\\-size\\: 14pt;'\\>lectricit\u00e9 \\<strong\\>d\\<\\\/strong\\>e \\<strong\\>F\\<\\\/strong\\>rance\\<\\\/span\\>\\<\\\/p\\>\"; toolTips('.classtoolTips178',tt_store_content,'7035'); <\/script><script type=\"text\/javascript\"> var tt_store_content = \"\\<p\\>Conseil \u00c9conomique et Social\\<\\\/p\\>\"; toolTips('.classtoolTips180',tt_store_content,'29829'); <\/script><script type=\"text\/javascript\"> var tt_store_content = \"\\<\/p>\n<p style\\='text\\-align\\: center;'\\>\\<span style\\='font\\-size\\: 14pt;'\\>\\<strong\\>G\\<\\\/strong\\>roupement \\<strong\\>H\\<\\\/strong\\>ospitalier de \\<strong\\>T\\<\\\/strong\\>erritoire\\<\\\/span\\>\\<\\\/p\\><br \/>\\<\/p>\n<p style\\='text\\-align\\: justify;'\\>Les groupements hospitaliers de territoires, dispositif pr\u00e9vu par la loi de sant\u00e9 2016, sont un nouveau mode de coop\u00e9ration entre les \u00e9tablissements publics de sant\u00e9 \u00e0 l\u2019\u00e9chelle d\u2019un territoire\\<\\\/p\\>\"; toolTips('.classtoolTips189',tt_store_content,'18358'); <\/script><script type=\"text\/javascript\"> var tt_store_content = \"\\<\/p>\n<p style\\='text\\-align\\: center;'\\>\\<span style\\='font\\-size\\: 14pt;'\\>\\<strong\\>C\\<\\\/strong\\>omit\u00e9 \\<strong\\>T\\<\\\/strong\\>echnique d'\\<strong\\>\u00c9\\<\\\/strong\\>tablissement\\<\\\/span\\>\\<\\\/p\\>\"; toolTips('.classtoolTips191',tt_store_content,'18359'); <\/script><script type=\"text\/javascript\"> var tt_store_content = \"\\<\/p>\n<p style\\='text\\-align\\: center;'\\>\\<strong\\>\\<span style\\='font\\-size\\: 14pt;'\\>P\\<\\\/span\\>\\<\\\/strong\\>\\<span style\\='font\\-size\\: 14pt;'\\>rogrammation \\<strong\\>P\\<\\\/strong\\>luri\\-annuelle de l'\\<strong\\>\u00c9\\<\\\/strong\\>nergie\\<\\\/span\\>\\<\\\/p\\><br \/>La PPE est est en France un document strat\u00e9gique de pilotage de la transition \u00e9nerg\u00e9tique\\. Institu\u00e9e par l'article 176 de la loi transition \u00e9nerg\u00e9tique \\(TECV\\)\\. Elle fixe \\(par \u00e9nergie\\) une trajectoire pour le mix \u00e9nerg\u00e9tique, ainsi que \u00ab&nbsp;\\<em\\>les priorit\u00e9s d'action pour la gestion de l\u2019ensemble des formes d'\u00e9nergie sur le territoire m\u00e9tropolitain continental, afin d\u2019atteindre les objectifs nationaux fix\u00e9s par la loi\\<\\\/em\\>&nbsp;\u00bb\\.<\/p>\n<p>Initi\u00e9e en 2016, elle est r\u00e9vis\u00e9e en 2018 puis ensuite tous les 5 ans\\.<\/p>\n<p>\\<a href\\='https\\:\\\/\\\/fr\\.wikipedia\\.org\\\/wiki\\\/Programmation_pluriannuelle_de_l'\u00e9nergi' target\\='_blank' rel\\='noopener'\\>\\<em\\>Voir ici la page Wikipedia consacr\u00e9e \u00e0 la PPE\\<\\\/em\\>\\<\\\/a\\><br \/>\\<a href\\='https\\:\\\/\\\/ppe\\.debatpublic\\.fr\\\/' target\\='_blank' rel\\='noopener'\\>\\<em\\>Voir ici la page du site 'Commission du D\u00e9bat Public' consacr\u00e9e \u00e0 la PPE\\<\\\/em\\>\\<\\\/a\\>\"; toolTips('.classtoolTips193',tt_store_content,'7102'); <\/script><script type=\"text\/javascript\"> var tt_store_content = \"\\<p\\><span class='tooltipsall tooltip_post_id_21204 classtoolTips199'>COV<\/span> \\= Compos\u00e9 Organique Volatile\\<\\\/p\\>\"; toolTips('.classtoolTips199',tt_store_content,'21204'); <\/script><script type=\"text\/javascript\"> var tt_store_content = \"\\<\/p>\n<p style\\='text\\-align\\: center;'\\>\\<strong\\>R\\<\\\/strong\\>\u00e9seau \\<strong\\>A\\<\\\/strong\\>ction \\<strong\\>C\\<\\\/strong\\>limat\\<\\\/p\\><br \/>Le r\u00e9seau Action Climat '\\<em\\>f\u00e9d\u00e8re les associations impliqu\u00e9es dans la lutte contre les changements climatiques et pour une transition \u00e9cologique, solidaire et \u00e9quitable\\<\\\/em\\>'\\.<\/p>\n<p>\\<a href\\='https\\:\\\/\\\/reseauactionclimat\\.org\\\/' target\\='_blank' rel\\='noopener'\\>Voir le site du <span class='tooltipsall tooltip_post_id_4309 classtoolTips200'>RAC<\/span>\\<\\\/a\\>\"; toolTips('.classtoolTips200',tt_store_content,'4309'); <\/script><script type=\"text\/javascript\"> var tt_store_content = \"\\<\/p>\n<p style\\='text\\-align\\: center;'\\>\\<strong\\>\\<span style\\='font\\-size\\: 14pt;'\\>R\\<\\\/span\\>\\<\\\/strong\\>\\<span style\\='font\\-size\\: 14pt;'\\>eferendum d'\\<strong\\>I\\<\\\/strong\\>nitiative \\<strong\\>C\\<\\\/strong\\>itoyenne\\<\\\/span\\>\\<\\\/p\\>\"; toolTips('.classtoolTips205',tt_store_content,'12268'); <\/script><script type=\"text\/javascript\"> var tt_store_content = \"\\<p\\><span class='tooltipsall tooltip_post_id_25844 classtoolTips208'>RTE<\/span> \\= R\u00e9seau de Transport d'Electricit\u00e9 est une filiale d'<span class='tooltipsall tooltip_post_id_7035 classtoolTips178'>EDF<\/span> qui est l'actionnaire majoritaire avec 50,1% des parts le reste \u00e9tant partag\u00e9 par la CDC et la CNP\\<\\\/p\\>\"; toolTips('.classtoolTips208',tt_store_content,'25844'); <\/script><script type=\"text\/javascript\"> var tt_store_content = \"\\<\/p>\n<p style\\='text\\-align\\: center;'\\>\\<span style\\='font\\-size\\: 14pt;'\\>\\<strong\\>O\\<\\\/strong\\>rganisation\\<strong\\> N\\<\\\/strong\\>on\\<strong\\> G\\<\\\/strong\\>ouvernementale\\<\\\/span\\>\\<\\\/p\\><br \/>Une organisation non gouvernementale \\(<span class='tooltipsall tooltip_post_id_3579 classtoolTips210'>ONG<\/span>\\) est une \\<a title\\='Association \u00e0 but non lucratif' href\\='https\\:\\\/\\\/fr\\.wikipedia\\.org\\\/wiki\\\/Association_%C3%A0_but_non_lucratif' target\\='_blank' rel\\='noopener'\\>association \u00e0 but non lucratif\\<\\\/a\\>, d'int\u00e9r\u00eat public, qui ne rel\u00e8ve ni de l'\u00c9tat, ni d'institutions internationales\\<sup id\\='cite_ref\\-novethic_1\\-0' class\\='reference'\\>\\<\\\/sup\\>\\. Les ONG n'ont pas le statut de sujet de \\<a title\\='Droit international public' href\\='https\\:\\\/\\\/fr\\.wikipedia\\.org\\\/wiki\\\/Droit_international_public' target\\='_blank' rel\\='noopener'\\>droit international\\<\\\/a\\>\\.\"; toolTips('.classtoolTips210',tt_store_content,'3579'); <\/script><script type=\"text\/javascript\"> var tt_store_content = \"\\<\/p>\n<p style\\='text\\-align\\: center;'\\>\\<span style\\='font\\-size\\: 14pt;'\\>\\<strong\\>O\\<\\\/strong\\>rganisation\\<strong\\> N\\<\\\/strong\\>on\\<strong\\> G\\<\\\/strong\\>ouvernementale\\<\\\/span\\>\\<\\\/p\\><br \/>Une organisation non gouvernementale \\(ONG\\) est une \\<a title\\='Association \u00e0 but non lucratif' href\\='https\\:\\\/\\\/fr\\.wikipedia\\.org\\\/wiki\\\/Association_%C3%A0_but_non_lucratif' target\\='_blank' rel\\='noopener'\\>association \u00e0 but non lucratif\\<\\\/a\\>, d'int\u00e9r\u00eat public, qui ne rel\u00e8ve ni de l'\u00c9tat, ni d'institutions internationales\\<sup id\\='cite_ref\\-novethic_1\\-0' class\\='reference'\\>\\<\\\/sup\\>\\. Les ONG n'ont pas le statut de sujet de \\<a title\\='Droit international public' href\\='https\\:\\\/\\\/fr\\.wikipedia\\.org\\\/wiki\\\/Droit_international_public' target\\='_blank' rel\\='noopener'\\>droit international\\<\\\/a\\>\\.\"; toolTips('.classtoolTips210',tt_store_content,'3579'); <\/script><script type=\"text\/javascript\"> var tt_store_content = \"\\<p\\><span class='tooltipsall tooltip_post_id_24572 classtoolTips211'>MIT<\/span> \\= Massachussets Institute of Technology, prestigieuse universit\u00e9 am\u00e9ricaine de la c\u00f4te est\\<\\\/p\\>\"; toolTips('.classtoolTips211',tt_store_content,'24572'); <\/script><script type=\"text\/javascript\"> var tt_store_content = \"\\<\/p>\n<p style\\='text\\-align\\: center;'\\>\\<strong\\>J\\<\\\/strong\\>eux \\<strong\\>O\\<\\\/strong\\>lympiques<br \/>ou<br \/>\\<strong\\>J\\<\\\/strong\\>ournal \\<strong\\>O\\<\\\/strong\\>fficiel de la R\u00e9publique Fran\u00e7aise\\<\\\/p\\>\"; toolTips('.classtoolTips213',tt_store_content,'4451'); <\/script><script type=\"text\/javascript\"> var tt_store_content = \"\\<p\\><span class='tooltipsall tooltip_post_id_30593 classtoolTips214'>RN<\/span> \\= Rassemble National, c'est le parti d'extr\u00eame droite de Marine Le Pen qui succ\u00e8de au FN \\= Front National fond\u00e9 par son p\u00e8re Jean Marie Le Pen\\<\\\/p\\>\"; toolTips('.classtoolTips214',tt_store_content,'30593'); <\/script><script type=\"text\/javascript\"> var tt_store_content = \"\\<p\\>\\<strong\\><span class='tooltipsall tooltip_post_id_30101 classtoolTips216'>KILOWATT<\/span> \\(<span class='tooltipsall tooltip_post_id_30101 classtoolTips216'>KW<\/span>\\) \\= 1000 watt \\<br \\\/\\><br \/>\\<\\\/strong\\>\\<\\\/p\\>\"; toolTips('.classtoolTips216',tt_store_content,'30101'); <\/script><script type=\"text\/javascript\"> var tt_store_content = \"\\<\/p>\n<p style\\='text\\-align\\: center;'\\>\\<span style\\='font\\-size\\: 14pt;'\\>\\<strong\\>C\\<\\\/strong\\>entre \\<strong\\>H\\<\\\/strong\\>ospitalier\\<\\\/span\\>\\<\\\/p\\>\"; toolTips('.classtoolTips220',tt_store_content,'18357'); <\/script><script type=\"text\/javascript\"> var tt_store_content = \"\\<p\\>D\u00e9chets radioactifs \u00e0 Haute Activit\u00e9 \\(classement <span class='tooltipsall tooltip_post_id_3612 classtoolTips79'>ANDRA<\/span>\\)\\<\\\/p\\>\"; toolTips('.classtoolTips223',tt_store_content,'19196'); <\/script><script type=\"text\/javascript\"> var tt_store_content = \"\\<p\\>D\u00e9chets radioactifs \u00e0 Haute Activit\u00e9 \\(classement ANDRA\\)\\<\\\/p\\>\"; toolTips('.classtoolTips223',tt_store_content,'19196'); <\/script><\/p>\n","protected":false},"author":2,"featured_media":0,"comment_status":"open","ping_status":"open","sticky":false,"template":"","format":"standard","meta":{"_acf_changed":false,"ngg_post_thumbnail":0,"_jetpack_memberships_contains_paid_content":false,"footnotes":""},"categories":[6,9,28,19,5,27],"tags":[],"coauthors":[4],"class_list":["post-24723","post","type-post","status-publish","format-standard","hentry","category-actu","category-actu_gen","category-rub_env","category-rub_env_nucl","category-rub_pol","category-rub","edition-edi_00076","type_art-type_art_article","dossier-dossiers_nucleaire_desastre","no-thumb"],"acf":[],"jetpack_featured_media_url":"","jetpack_sharing_enabled":true,"jetpack_shortlink":"https:\/\/wp.me\/p9B5TM-6qL","_links":{"self":[{"href":"https:\/\/le-clairon-nouveau.fr\/wordpress\/wp-json\/wp\/v2\/posts\/24723","targetHints":{"allow":["GET"]}}],"collection":[{"href":"https:\/\/le-clairon-nouveau.fr\/wordpress\/wp-json\/wp\/v2\/posts"}],"about":[{"href":"https:\/\/le-clairon-nouveau.fr\/wordpress\/wp-json\/wp\/v2\/types\/post"}],"author":[{"embeddable":true,"href":"https:\/\/le-clairon-nouveau.fr\/wordpress\/wp-json\/wp\/v2\/users\/2"}],"replies":[{"embeddable":true,"href":"https:\/\/le-clairon-nouveau.fr\/wordpress\/wp-json\/wp\/v2\/comments?post=24723"}],"version-history":[{"count":0,"href":"https:\/\/le-clairon-nouveau.fr\/wordpress\/wp-json\/wp\/v2\/posts\/24723\/revisions"}],"wp:attachment":[{"href":"https:\/\/le-clairon-nouveau.fr\/wordpress\/wp-json\/wp\/v2\/media?parent=24723"}],"wp:term":[{"taxonomy":"category","embeddable":true,"href":"https:\/\/le-clairon-nouveau.fr\/wordpress\/wp-json\/wp\/v2\/categories?post=24723"},{"taxonomy":"post_tag","embeddable":true,"href":"https:\/\/le-clairon-nouveau.fr\/wordpress\/wp-json\/wp\/v2\/tags?post=24723"},{"taxonomy":"author","embeddable":true,"href":"https:\/\/le-clairon-nouveau.fr\/wordpress\/wp-json\/wp\/v2\/coauthors?post=24723"}],"curies":[{"name":"wp","href":"https:\/\/api.w.org\/{rel}","templated":true}]}}