{"id":24899,"date":"2021-06-23T12:30:10","date_gmt":"2021-06-23T10:30:10","guid":{"rendered":"https:\/\/le-clairon-nouveau.fr\/wordpress\/?p=24899"},"modified":"2021-06-25T11:02:03","modified_gmt":"2021-06-25T09:02:03","slug":"le-nucleaire-cest-la-solutionsur-le-papier-mais-dans-la-vraie-vie","status":"publish","type":"post","link":"https:\/\/le-clairon-nouveau.fr\/wordpress\/blog\/2021\/06\/23\/le-nucleaire-cest-la-solutionsur-le-papier-mais-dans-la-vraie-vie\/","title":{"rendered":"Le nucl\u00e9aire c\u2019est la solution\u2026sur le papier\u2026 mais dans la vraie vie ?"},"content":{"rendered":"<p style=\"text-align: center;\"><strong><span style=\"font-size: 18pt;\">Chronique d&rsquo;une catastrophe annonc\u00e9e (suite)<\/span><\/strong><\/p>\n<p style=\"text-align: center;\"><strong><span style=\"font-size: 18pt;\"><img data-recalc-dims=\"1\" loading=\"lazy\" decoding=\"async\" class=\"alignnone  wp-image-24900\" src=\"https:\/\/i0.wp.com\/le-clairon-nouveau.fr\/wordpress\/wp-content\/uploads\/2021\/06\/Crayons-de-combustible-nucleaire-Image-par-2427999-de-Pixabay.jpg?resize=595%2C396&#038;ssl=1\" alt=\"\" width=\"595\" height=\"396\" srcset=\"https:\/\/i0.wp.com\/le-clairon-nouveau.fr\/wordpress\/wp-content\/uploads\/2021\/06\/Crayons-de-combustible-nucleaire-Image-par-2427999-de-Pixabay.jpg?resize=300%2C200&amp;ssl=1 300w, https:\/\/i0.wp.com\/le-clairon-nouveau.fr\/wordpress\/wp-content\/uploads\/2021\/06\/Crayons-de-combustible-nucleaire-Image-par-2427999-de-Pixabay.jpg?resize=1024%2C684&amp;ssl=1 1024w, https:\/\/i0.wp.com\/le-clairon-nouveau.fr\/wordpress\/wp-content\/uploads\/2021\/06\/Crayons-de-combustible-nucleaire-Image-par-2427999-de-Pixabay.jpg?resize=768%2C513&amp;ssl=1 768w, https:\/\/i0.wp.com\/le-clairon-nouveau.fr\/wordpress\/wp-content\/uploads\/2021\/06\/Crayons-de-combustible-nucleaire-Image-par-2427999-de-Pixabay.jpg?resize=600%2C400&amp;ssl=1 600w, https:\/\/i0.wp.com\/le-clairon-nouveau.fr\/wordpress\/wp-content\/uploads\/2021\/06\/Crayons-de-combustible-nucleaire-Image-par-2427999-de-Pixabay.jpg?resize=272%2C182&amp;ssl=1 272w, https:\/\/i0.wp.com\/le-clairon-nouveau.fr\/wordpress\/wp-content\/uploads\/2021\/06\/Crayons-de-combustible-nucleaire-Image-par-2427999-de-Pixabay.jpg?w=1280&amp;ssl=1 1280w\" sizes=\"auto, (max-width: 595px) 100vw, 595px\" \/><br \/>\n<\/span><em><span style=\"font-size: 8pt;\">Crayons de combustible nucl\u00e9aire Image-par-2427999-de-Pixabay.jpg<\/span><\/em><\/strong><\/p>\n<p><span style=\"font-size: 14pt;\"><strong>Un incident mal venu \u00e0 l\u2019<span class='tooltipsall tooltip_post_id_5579 classtoolTips196'>EPR<\/span> de Taishan<\/strong><\/span><\/p>\n<p style=\"text-align: justify;\">Dans un communiqu\u00e9 du 14 juin dernier, <span class='tooltipsall tooltip_post_id_7035 classtoolTips178'>EDF<\/span> annonce avoir \u00e9t\u00e9 inform\u00e9e par l\u2019exploitant chinois de l\u2019EPR de Taishan d\u2019une concentration anormale de certains gaz rares dans le circuit primaire du r\u00e9acteur n\u00b0 1 de cette centrale nucl\u00e9aire construite, par EDF qui en est aussi actionnaire \u00e0 30%.<\/p>\n<p style=\"text-align: justify;\">Dans ce type de r\u00e9acteur, la chaleur d\u00e9gag\u00e9e par le processus de fission du combustible nucl\u00e9aire est transport\u00e9e par le circuit primaire contenant de l\u2019eau sous pression \u00e0 haute temp\u00e9rature. L\u2019\u00e9change de chaleur avec un circuit secondaire produira la vapeur n\u00e9cessaire au fonctionnement d\u2019une turbine coupl\u00e9e \u00e0 un alternateur.<\/p>\n<p style=\"text-align: justify;\">Selon le communiqu\u00e9 EDF <em>\u00ab&nbsp;La pr\u00e9sence de certains gaz rares dans le circuit primaire est un ph\u00e9nom\u00e8ne connu, \u00e9tudi\u00e9 et pr\u00e9vu par les proc\u00e9dures d\u2019exploitation des r\u00e9acteurs.&nbsp;\u00bb. <\/em>Mais ce qui pose question ici, c\u2019est l\u2019augmentation de leur concentration dans l\u2019eau du circuit primaire. Cela implique l\u2019existence d\u2019une fuite dans les enveloppes des \u00abcrayons\u00bb qui contiennent le combustible nucl\u00e9aire. <span class='tooltipsall tooltip_post_id_29829 classtoolTips180'>Ces<\/span> fuites sont rares mais pas exceptionnelles, puisqu\u2019une telle fuite \u00e0 \u00e9t\u00e9 d\u00e9tect\u00e9e r\u00e9cemment \u00e0 la centrale fran\u00e7aise de Chooz et que l\u2019examen des crayons de combustible a fait appara\u00eetre que certains d\u2019entre eux \u00e9taient corrod\u00e9s.<br \/>\nLorsqu\u2019un tel incident se produit, les r\u00e8gles prudentielles varient selon les pays : en France, l\u2019<span class='tooltipsall tooltip_post_id_3650 classtoolTips163'>ASN<\/span>, qui est pointilleuse, aurait pu imposer une mise \u00e0 l\u2019arr\u00eat du r\u00e9acteur, tandis que dans d\u2019autres pays europ\u00e9ens, on aurait tout d\u2019abord interdit de faire varier le r\u00e9gime du r\u00e9acteur car les changements de r\u00e9gime, appel\u00e9s \u00ab\u00a0variations de charge\u00a0\u00bb, ont un impact sur le combustible qui se contracte ou se dilate, ce qui risque d\u2019augmenter les fuites des \u00ab crayons \u00bb d\u00e9fectueux.<\/p>\n<p style=\"text-align: justify;\">A Taishan, les deux r\u00e9acteurs fonctionnent \u00e0 charge maximale et la situation a \u00e9t\u00e9 jug\u00e9e suffisamment s\u00e9rieuse pour qu\u2019EDF \/ Framatome, constructeur et copropri\u00e9taire de la centrale alerte le gouvernement fran\u00e7ais et le d\u00e9partement de l\u2019\u00e9nergie des Etats-Unis aupr\u00e8s duquel &nbsp;elle a sollicit\u00e9 une \u00ab\u00a0assistance technique d\u2019urgence\u00a0\u00bb.<br \/>\nSelon Framatome, l\u2019organisme chinois, \u00e9quivalent \u00e0 l\u2019ASN, qui contr\u00f4le la s\u00e9curit\u00e9 des centrales, aurait permis le d\u00e9passement des normes de rayonnement afin d\u2019\u00e9viter l\u2019arr\u00eat du r\u00e9acteur dans un contexte de p\u00e9nurie d\u2019\u00e9lectricit\u00e9 pour l\u2019industrie. Mais les informations \u00e9manant du gouvernement chinois ne permettent pas de faire actuellement une analyse exhaustive de la situation.<\/p>\n<p><span style=\"font-size: 14pt;\"><strong>Taishan ou la fin d\u2019un mythe&nbsp;?<\/strong><\/span><\/p>\n<p style=\"text-align: justify;\">Si cette fuite radioactive ne constitue pas un al\u00e9a majeur et s\u2019ajoute \u00e0&nbsp; la kyrielle des accidents, incidents et dysfonctionnements qui jalonnent l\u2019histoire de l\u2019industrie nucl\u00e9aire, par contre elle met \u00e0 mal un discours qui tend \u00e0 se r\u00e9pandre dans le camp des pro-nucl\u00e9aires.<\/p>\n<p style=\"text-align: justify;\"><em><strong>Le nucl\u00e9aire est s\u00fbr et pilotable&nbsp; Taishan en serait la d\u00e9monstration.<\/strong><\/em><br \/>\nCes partisans du nucl\u00e9aire&nbsp; opposent la \u00abr\u00e9ussite\u00bb des deux EPR Chinois, construits en 9 ans et mis en service en 2018, aux rat\u00e9s de l\u2019EPR de Flamanville qui est toujours en chantier au bout de 13 ans de travaux. Pourtant les deux EPR ont le m\u00eame constructeur, EDF, qui d\u00e9ploie les m\u00eames m\u00e9thodes : le d\u00e9calage entre les deux projets ne serait donc pas d\u2019ordre technique et le savoir faire des ing\u00e9nieurs ne serait pas en cause, mais&nbsp; il trouverait sa source dans les diff\u00e9rences des syst\u00e8mes de gouvernance chinois et fran\u00e7ais. <br \/>\nAinsi les EPR de Taishan ont pu devenir la vitrine du savoir faire d\u2019EDF, parce que la Chine \u00abb\u00e9n\u00e9ficie\u00bb d\u2019un gouvernement autoritaire qui a facilit\u00e9 la r\u00e9alisation de la centrale en pr\u00e9servant les \u00abexperts et ing\u00e9nieurs\u00bb de toute obstruction ou contestation, tandis qu\u2019en France les d\u00e9bats et atermoiements inh\u00e9rents \u00e0 toute d\u00e9mocratie ont \u00e9t\u00e9 contreproductifs et ont g\u00ean\u00e9 le d\u00e9roulement harmonieux du chantier de l\u2019EPR de Flamanville.<br \/>\nPlus g\u00e9n\u00e9ralement : face la crise climatique, environnementale et \u00e9nerg\u00e9tique que nous affrontons, la d\u00e9mocratie n\u2019est pas un r\u00e9gime politique \u00e0 la hauteur des enjeux. Il serait n\u00e9cessaire pour combattre cette crise multiple de mettre en place, un r\u00e9gime fort et autoritaire o\u00f9 les d\u00e9cisions du politique inspir\u00e9es par des \u00ab experts \u00bb relaieraient les besoins des \u00ab ing\u00e9nieurs \u00bb.<\/p>\n<p style=\"text-align: justify;\">Cette type de raisonnement est notamment exprim\u00e9e dans un floril\u00e8ge de formules choc par Jean Marc Jancovici, un z\u00e9lote du pro-nucl\u00e9aire particuli\u00e8rement en vogue, dont :<\/p>\n<ul>\n<li style=\"text-align: justify;\"><em>\u00ab<\/em><em>Pour lutter contre le changement climatique, il faut \u00eatre capable d\u2019imposer des efforts extr\u00eamement significatifs, et cela veut dire qu\u2019il faut qu\u2019on ait un pouvoir tr\u00e8s fort pour \u00eatre capable de faire respecter ces efforts.<\/em><em>\u00bb<\/em> <sup><a href=\"#footnote_1_24899\" id=\"identifier_1_24899\" class=\"footnote-link footnote-identifier-link\" title=\"Vid&eacute;o cit&eacute;e par Reporterre &nbsp;#4 Jancovici a r&eacute;pondu &agrave; vos questions &mdash; 02\/12\/2019, &agrave; 3&rsquo;45&rsquo;&rsquo;\">(1)<\/a><\/sup>,<\/li>\n<li style=\"text-align: justify;\">Pour Jancovici la d\u00e9mocratie est un \u00ab&nbsp;<em>syst\u00e8me myope, lent, incoh\u00e9rent souvent<\/em><em>\u00bb<\/em>&nbsp;<sup><a href=\"#footnote_2_24899\" id=\"identifier_2_24899\" class=\"footnote-link footnote-identifier-link\" title=\"Jancovici, Jean-Marc, Dormez tranquilles jusqu&rsquo;en 2100, Odile Jacob Poche, 2017 (1e &eacute;d 2015), p. 191.\">(2)<\/a><\/sup>,<\/li>\n<li style=\"text-align: justify;\"><em>\u00ab<\/em><em>Un des drames de la d\u00e9mocratie moderne, c\u2019est la dichotomie entre la politique et l\u2019expertise<\/em><em>\u00bb<\/em> <sup><a href=\"#footnote_3_24899\" id=\"identifier_3_24899\" class=\"footnote-link footnote-identifier-link\" title=\"Conf&eacute;rence &agrave; Sciences Po, idem\">(3)<\/a><\/sup>,<\/li>\n<li style=\"text-align: justify;\">on ne r\u00e9pondra pas au changement climatique <em>\u00ab<\/em><em>sans l\u2019usage de la contrainte, s\u00fbrement pas<\/em><em>\u00bb<\/em>. <sup><a href=\"#footnote_4_24899\" id=\"identifier_4_24899\" class=\"footnote-link footnote-identifier-link\" title=\"conf&eacute;rence &agrave; Sciences Po&nbsp;: aout 2019 https:\/\/youtu.be\/Vjkq8V5rVy0\">(4)<\/a><\/sup>,<\/li>\n<li style=\"text-align: justify;\">il faut que la classe politique <em>\u00ab<\/em><em>se mette \u00e0 travailler pour comprendre le lien entre la physique et l\u2019\u00e9conomie, en s\u2019entourant de techniciens aptes \u00e0 raisonner<\/em><em>\u00bb<\/em>&nbsp;<sup><a href=\"#footnote_5_24899\" id=\"identifier_5_24899\" class=\"footnote-link footnote-identifier-link\" title=\"cit&eacute; par Reporterre&nbsp;: Jancovici, Jean-Marc, Dormez tranquilles jusqu&rsquo;en 2100, Odile Jacob Poche, 2017 (1e &eacute;d 2015), p. 165\">(5)<\/a><\/sup>.<\/li>\n<\/ul>\n<p style=\"text-align: justify;\">Dans une p\u00e9riode o\u00f9 nous sommes confront\u00e9s \u00e0 un syst\u00e8me de crises graves et interd\u00e9pendantes, le recours aux \u00abexperts\u00bb a souvent \u00e9t\u00e9 privil\u00e9gi\u00e9 par nos gouvernants au d\u00e9triment du d\u00e9bat d\u00e9mocratique. La dichotomie entre \u00ab\u00e9lites\u00bb et \u00abpeuple\u00bb est constitutive du macronisme qui se veut promouvoir une gouvernance par les \u00e9lites dans la mesure o\u00f9 le peuple ne pourrait pas tout comprendre, ou pas assez vite\u2026 Ces \u00ab\u00e9lites\u00bb constitu\u00e9es d\u2019\u00abexperts\u00bb et d\u2019\u00abing\u00e9nieurs\u00bb de tout poil, se sont souvent tromp\u00e9es, qu\u2019il s\u2019agisse de pand\u00e9mie ou de nucl\u00e9aire.<\/p>\n<p style=\"text-align: justify;\"><strong>L\u2019incident de Taishan qui s\u2019est produit dans un pays \u00e0 gouvernance autoritaire, devrait appeler nos \u00abpremiers de cord\u00e9e\u00bb \u00e0 plus de modestie : il t\u00e9moigne que les d\u00e9boires du nucl\u00e9aire se produisent quelle que soit la nature des r\u00e9gimes politiques et que la part in\u00e9vitable du facteur humain dans les retards, dysfonctionnements et accidents ne peut \u00eatre r\u00e9solue par une gouvernance autoritaire, qu\u2019elle soit chinoise, sovi\u00e9tique (Tchernobyl) ou autre\u2026 Peut \u00eatre est-ce l\u2019occasion pour eux de s\u2019interroger sur les limites d\u2019une gouvernance qui privil\u00e9gie la technique au d\u00e9triment de la science, c&rsquo;est-\u00e0-dire qui ne se pose plus qu\u2019accessoirement la question du sens\u2026<\/strong><\/p>\n<p style=\"text-align: right;\">Hubert Reys et Curly Mas Toole pour le Clairon de l\u2019Atax le 16\/06\/2021<\/p>\n<script type=\"text\/javascript\"> var tt_store_content = \"Le <span class='tooltipsall tooltip_post_id_3743 classtoolTips128'>CIRC<\/span> est le&nbsp; \\<a href\\='https\\:\\\/\\\/fr\\.wikipedia\\.org\\\/wiki\\\/Centre_international_de_recherche_sur_le_cancer' target\\='_blank' rel\\='noopener'\\>Centre international de Recherche sur le Cancer\\<\\\/a\\>, cr\u00e9\u00e9 en 1965 par l\u2019\\<a href\\='https\\:\\\/\\\/fr\\.wikipedia\\.org\\\/wiki\\\/Organisation_mondiale_de_la_sant%C3%A9' target\\='_blank' rel\\='noopener'\\>Organisation Mondiale de la Sant\u00e9\\<\\\/a\\> \\(OMS\\) des \\<a href\\='https\\:\\\/\\\/fr\\.wikipedia\\.org\\\/wiki\\\/Organisation_des_Nations_unies' target\\='_blank' rel\\='noopener'\\>Nations Unies\\<\\\/a\\>\\.\"; toolTips('.classtoolTips128',tt_store_content,'3743'); <\/script><script type=\"text\/javascript\"> var tt_store_content = \"\\<p style\\='text\\-align\\: center;'\\>\\<span style\\='font\\-size\\: 14pt;'\\>\\<strong\\>C\\<\\\/strong\\>entre \\<strong\\>C\\<\\\/strong\\>ommunal d'\\<strong\\>A\\<\\\/strong\\>ction \\<strong\\>S\\<\\\/strong\\>ociale\\<\\\/span\\>\\<\\\/p\\><br\/>\\<p style\\='text\\-align\\: justify;'\\>Un centre communal d'action sociale \\(<span class='tooltipsall tooltip_post_id_18100 classtoolTips132'>CCAS<\/span>\\) est, en France, un \u00e9tablissement public administr\u00e9 par un conseil d'administration pr\u00e9sid\u00e9 par le maire de la commune\\. Il a pour mission d'animer une action g\u00e9n\u00e9rale de pr\u00e9vention et de d\u00e9veloppement social au sein de la commune en liaison \u00e9troite avec les institutions publiques et priv\u00e9es\\<\\\/p\\>\"; toolTips('.classtoolTips132',tt_store_content,'18100'); <\/script><script type=\"text\/javascript\"> var tt_store_content = \"\\<p\\><span class='tooltipsall tooltip_post_id_19394 classtoolTips134'>SAGE<\/span> \\= \\<span class\\='st'\\> sch\u00e9ma d'am\u00e9nagement et de gestion de l'eau\\<\\\/span\\> , c'est un outil de planification qui concerne l'ensemble des eaux situ\u00e9es dans un bassin versant\\<\\\/p\\>\"; toolTips('.classtoolTips134',tt_store_content,'19394'); <\/script><script type=\"text\/javascript\"> var tt_store_content = \"\\<p style\\='text\\-align\\: center;'\\>\\<strong\\>\\<span style\\='font\\-size\\: 14pt;'\\>S\\<\\\/span\\>\\<\\\/strong\\>\\<span style\\='font\\-size\\: 14pt;'\\>oci\u00e9t\u00e9 d'\\<strong\\>\u00c9\\<\\\/strong\\>conomie \\<strong\\>M\\<\\\/strong\\>ixte\\<\\\/span\\>\\<\\\/p\\><br\/>\\<p style\\='text\\-align\\: justify;'\\>En France, une soci\u00e9t\u00e9 d'\u00e9conomie mixte est une soci\u00e9t\u00e9 anonyme dont le capital est majoritairement d\u00e9tenu par une ou plusieurs personnes publiques \\(\u00e0 savoir l'\u00c9tat, une Collectivit\u00e9 territoriale, ou tout autre \u00c9tablissement public\\)\\. Cette participation majoritaire publique est plafonn\u00e9e \u00e0 85&nbsp;% du capital depuis la Loi du 2 janvier 2002\\. Au moins une personne priv\u00e9e doit participer au capital de la <span class='tooltipsall tooltip_post_id_7168 classtoolTips142'>SEM<\/span>, sachant qu'il peut s'agir d'une autre SEM\\.\\<\\\/p\\><br\/>\\<p style\\='text\\-align\\: justify;'\\>\\<strong\\>Le recours \u00e0 la SEM garantit\\<\\\/strong\\> \u00e0 la collectivit\u00e9 publique actionnaire et cocontractante \\<strong\\>la prise en compte effective de l'int\u00e9r\u00eat g\u00e9n\u00e9ral\\<\\\/strong\\> dans les objectifs de l'entreprise \\<strong\\>et la souplesse de la soci\u00e9t\u00e9 de droit priv\u00e9\\<\\\/strong\\>\\.\\<\\\/p\\><br\/>\\<em\\>\\<a href\\='https\\:\\\/\\\/fr\\.wikipedia\\.org\\\/wiki\\\/Soci%C3%A9t%C3%A9_d%27%C3%A9conomie_mixte' target\\='_blank' rel\\='noopener'\\>Voir ici la page Wikipedia consacr\u00e9e aux SEM\\<\\\/a\\> \\<\\\/em\\><br\/><br\/>&nbsp;\"; toolTips('.classtoolTips142',tt_store_content,'7168'); <\/script><script type=\"text\/javascript\"> var tt_store_content = \"\\<p style\\='text\\-align\\: center;'\\>\\<span style\\='font\\-size\\: 14pt;'\\>\\<strong\\>I\\<\\\/strong\\>mp\u00f4t sur la \\<strong\\>F\\<\\\/strong\\>ortune \\<strong\\>I\\<\\\/strong\\>mmobili\u00e8re\\<\\\/span\\>\\<\\\/p\\>\"; toolTips('.classtoolTips148',tt_store_content,'5643'); <\/script><script type=\"text\/javascript\"> var tt_store_content = \"\\<p style\\='text\\-align\\: center;'\\>\\<span style\\='font\\-size\\: 14pt;'\\>\\<strong\\>R\\<\\\/strong\\>\u00e9pertoire \\<strong\\>N\\<\\\/strong\\>ational des \\<strong\\>A\\<\\\/strong\\>ssociations\\<\\\/span\\>\\<\\\/p\\>\"; toolTips('.classtoolTips159',tt_store_content,'24374'); <\/script><script type=\"text\/javascript\"> var tt_store_content = \"\\<p style\\='text\\-align\\: center;'\\>\\<strong\\>Autorit\u00e9 de S\u00fbret\u00e9 Nucl\u00e9aire\\<\\\/strong\\>\\<\\\/p\\>\"; toolTips('.classtoolTips163',tt_store_content,'3650'); <\/script><script type=\"text\/javascript\"> var tt_store_content = \"\\<p style\\='text\\-align\\: justify'\\>La \u00ab\u00a0\\<b\\>programmation pluriannuelle de l'\u00e9nergie\\<\\\/b\\>\u00a0\u00bb \\(<span class='tooltipsall tooltip_post_id_7750 classtoolTips164'>PPE<\/span>\\) est, en France, un document strat\u00e9gique de pilotage de la transition \u00e9nerg\u00e9tique\\. Institu\u00e9e par l'article 176 de la \\<a title\\='Loi relative \u00e0 la transition \u00e9nerg\u00e9tique pour la croissance verte' href\\='https\\:\\\/\\\/fr\\.wikipedia\\.org\\\/wiki\\\/Loi_relative_%C3%A0_la_transition_%C3%A9nerg%C3%A9tique_pour_la_croissance_verte'\\>loi de transition \u00e9nerg\u00e9tique\\<\\\/a\\> \\(TECV\\), elle fixe une trajectoire pour le \\<a title\\='Mix \u00e9nerg\u00e9tique' href\\='https\\:\\\/\\\/fr\\.wikipedia\\.org\\\/wiki\\\/Mix_%C3%A9nerg%C3%A9tique'\\>mix \u00e9nerg\u00e9tique\\<\\\/a\\>, ainsi que \\<span class\\='citation'\\>\u00ab\u00a0les priorit\u00e9s d'action pour la gestion de l\u2019ensemble des formes d'\u00e9nergie sur le territoire m\u00e9tropolitain continental, afin d\u2019atteindre les objectifs nationaux fix\u00e9s par la loi\u00a0\u00bb\\<\\\/span\\>\\. \\(Wikip\u00e9dia\\)\\<\\\/p\\>\"; toolTips('.classtoolTips164',tt_store_content,'7750'); <\/script><script type=\"text\/javascript\"> var tt_store_content = \"\\<p style\\='text\\-align\\: justify'\\>La \u00ab\u00a0\\<b\\>programmation pluriannuelle de l'\u00e9nergie\\<\\\/b\\>\u00a0\u00bb \\(PPE\\) est, en France, un document strat\u00e9gique de pilotage de la transition \u00e9nerg\u00e9tique\\. Institu\u00e9e par l'article 176 de la \\<a title\\='Loi relative \u00e0 la transition \u00e9nerg\u00e9tique pour la croissance verte' href\\='https\\:\\\/\\\/fr\\.wikipedia\\.org\\\/wiki\\\/Loi_relative_%C3%A0_la_transition_%C3%A9nerg%C3%A9tique_pour_la_croissance_verte'\\>loi de transition \u00e9nerg\u00e9tique\\<\\\/a\\> \\(TECV\\), elle fixe une trajectoire pour le \\<a title\\='Mix \u00e9nerg\u00e9tique' href\\='https\\:\\\/\\\/fr\\.wikipedia\\.org\\\/wiki\\\/Mix_%C3%A9nerg%C3%A9tique'\\>mix \u00e9nerg\u00e9tique\\<\\\/a\\>, ainsi que \\<span class\\='citation'\\>\u00ab\u00a0les priorit\u00e9s d'action pour la gestion de l\u2019ensemble des formes d'\u00e9nergie sur le territoire m\u00e9tropolitain continental, afin d\u2019atteindre les objectifs nationaux fix\u00e9s par la loi\u00a0\u00bb\\<\\\/span\\>\\. \\(Wikip\u00e9dia\\)\\<\\\/p\\>\"; toolTips('.classtoolTips164',tt_store_content,'7750'); <\/script><script type=\"text\/javascript\"> var tt_store_content = \"\\<p style\\='text\\-align\\: justify;'\\>Le Conseil d'Orientation des Retraites est une instance qui r\u00e9unit &nbsp;\\<span class\\='st'\\>les principaux acteurs du champ des retraites\\<\\\/span\\> et effectue un travail d'\u00e9tudes et de concertation\\. Compos\u00e9 de parlementaires, de repr\u00e9sentants des organisations professionnelles et syndicales, des retrait\u00e9s et des familles, de membres de l'administration et d'experts, le Conseil d'orientation des retraites \\(<span class='tooltipsall tooltip_post_id_7751 classtoolTips165'>COR<\/span>\\) est plac\u00e9 aupr\u00e8s du Premier ministre\\.\\<\\\/p\\>\"; toolTips('.classtoolTips165',tt_store_content,'7751'); <\/script><script type=\"text\/javascript\"> var tt_store_content = \"\\<p style\\='text\\-align\\: center;'\\>\\<span style\\='font\\-size\\: 14pt;'\\>\\<strong\\>O\\<\\\/strong\\>rganisation \\<strong\\>M\\<\\\/strong\\>\u00e9t\u00e9orologique \\<strong\\>M\\<\\\/strong\\>ondiale<br\/>\\<strong\\>W\\<\\\/strong\\>orld \\<strong\\>M\\<\\\/strong\\>eteorological \\<strong\\>O\\<\\\/strong\\>rganization\\<\\\/span\\>\\<\\\/p\\><br\/>&nbsp;<br\/><br\/>\\<a href\\='https\\:\\\/\\\/public\\.wmo\\.int\\\/fr' target\\='_blank' rel\\='noopener'\\>\\<em\\>Acc\u00e9der ici au site de l'organisation\\<\\\/em\\>\\<\\\/a\\>\"; toolTips('.classtoolTips168',tt_store_content,'7763'); <\/script><script type=\"text\/javascript\"> var tt_store_content = \"\\<p style\\='text\\-align\\: center;'\\>\\<span style\\='font\\-size\\: 14pt;'\\>\\<strong\\>\u00c9\\<\\\/strong\\>cole \\<strong\\>N\\<\\\/strong\\>ationale d'\\<strong\\>A\\<\\\/strong\\>dministration\\<\\\/span\\>\\<\\\/p\\>\"; toolTips('.classtoolTips170',tt_store_content,'5213'); <\/script><script type=\"text\/javascript\"> var tt_store_content = \"\\<p style\\='text\\-align\\: justify'\\>\\<span class\\='ILfuVd'\\>La politique agricole commune \\(\\<b\\><span class='tooltipsall tooltip_post_id_11364 classtoolTips174'>PAC<\/span>\\<\\\/b\\>\\) est une politique mise en place \u00e0 l'\u00e9chelle de l'Union europ\u00e9enne\\. \u00c0 l'origine, elle est fond\u00e9e principalement sur des mesures de contr\u00f4le des prix et de subventionnement, visant \u00e0 moderniser et d\u00e9velopper l'agriculture\\.\\<\\\/span\\> \\(source Wikipedia\\)\\<\\\/p\\>\"; toolTips('.classtoolTips174',tt_store_content,'11364'); <\/script><script type=\"text\/javascript\"> var tt_store_content = \"\\<p style\\='text\\-align\\: center;'\\>\\<span style\\='font\\-size\\: 14pt;'\\>\\<strong\\>P\\<\\\/strong\\>\\<\\\/span\\>\\<span style\\='font\\-size\\: 14pt;'\\>lan \\<strong\\>L\\<\\\/strong\\>\\<\\\/span\\>\\<span style\\='font\\-size\\: 14pt;'\\>ocal d'\\<strong\\>U\\<\\\/strong\\>\\<\\\/span\\>\\<span style\\='font\\-size\\: 14pt;'\\>rbanisme\\<\\\/span\\>\\<\\\/p\\><br\/>&nbsp;\"; toolTips('.classtoolTips176',tt_store_content,'4979'); <\/script><script type=\"text\/javascript\"> var tt_store_content = \"\\<p style\\='text\\-align\\: center;'\\>\\<strong\\>\\<span style\\='font\\-size\\: 14pt;'\\>E\\<\\\/span\\>\\<\\\/strong\\>\\<span style\\='font\\-size\\: 14pt;'\\>lectricit\u00e9 \\<strong\\>d\\<\\\/strong\\>e \\<strong\\>F\\<\\\/strong\\>rance\\<\\\/span\\>\\<\\\/p\\>\"; toolTips('.classtoolTips178',tt_store_content,'7035'); <\/script><script type=\"text\/javascript\"> var tt_store_content = \"\\<p style\\='text\\-align\\: center;'\\>\\<strong\\>\\<span style\\='font\\-size\\: 14pt;'\\>E\\<\\\/span\\>\\<\\\/strong\\>\\<span style\\='font\\-size\\: 14pt;'\\>lectricit\u00e9 \\<strong\\>d\\<\\\/strong\\>e \\<strong\\>F\\<\\\/strong\\>rance\\<\\\/span\\>\\<\\\/p\\>\"; toolTips('.classtoolTips178',tt_store_content,'7035'); <\/script><script type=\"text\/javascript\"> var tt_store_content = \"\\<p\\>Conseil \u00c9conomique et Social\\<\\\/p\\>\"; toolTips('.classtoolTips180',tt_store_content,'29829'); <\/script><script type=\"text\/javascript\"> var tt_store_content = \"\\<p style\\='text\\-align\\: center;'\\>\\<span style\\='font\\-size\\: 14pt;'\\>\\<strong\\>G\\<\\\/strong\\>roupement \\<strong\\>H\\<\\\/strong\\>ospitalier de \\<strong\\>T\\<\\\/strong\\>erritoire\\<\\\/span\\>\\<\\\/p\\><br\/>\\<p style\\='text\\-align\\: justify;'\\>Les groupements hospitaliers de territoires, dispositif pr\u00e9vu par la loi de sant\u00e9 2016, sont un nouveau mode de coop\u00e9ration entre les \u00e9tablissements publics de sant\u00e9 \u00e0 l\u2019\u00e9chelle d\u2019un territoire\\<\\\/p\\>\"; toolTips('.classtoolTips189',tt_store_content,'18358'); <\/script><script type=\"text\/javascript\"> var tt_store_content = \"\\<p style\\='text\\-align\\: center;'\\>\\<span style\\='font\\-size\\: 14pt;'\\>\\<strong\\>C\\<\\\/strong\\>omit\u00e9 \\<strong\\>T\\<\\\/strong\\>echnique d'\\<strong\\>\u00c9\\<\\\/strong\\>tablissement\\<\\\/span\\>\\<\\\/p\\>\"; toolTips('.classtoolTips191',tt_store_content,'18359'); <\/script><script type=\"text\/javascript\"> var tt_store_content = \"\\<p style\\='text\\-align\\: center;'\\>\\<strong\\>\\<span style\\='font\\-size\\: 14pt;'\\>P\\<\\\/span\\>\\<\\\/strong\\>\\<span style\\='font\\-size\\: 14pt;'\\>rogrammation \\<strong\\>P\\<\\\/strong\\>luri\\-annuelle de l'\\<strong\\>\u00c9\\<\\\/strong\\>nergie\\<\\\/span\\>\\<\\\/p\\><br\/>La PPE est est en France un document strat\u00e9gique de pilotage de la transition \u00e9nerg\u00e9tique\\. Institu\u00e9e par l'article 176 de la loi transition \u00e9nerg\u00e9tique \\(TECV\\)\\. Elle fixe \\(par \u00e9nergie\\) une trajectoire pour le mix \u00e9nerg\u00e9tique, ainsi que \u00ab&nbsp;\\<em\\>les priorit\u00e9s d'action pour la gestion de l\u2019ensemble des formes d'\u00e9nergie sur le territoire m\u00e9tropolitain continental, afin d\u2019atteindre les objectifs nationaux fix\u00e9s par la loi\\<\\\/em\\>&nbsp;\u00bb\\.<br\/><br\/>Initi\u00e9e en 2016, elle est r\u00e9vis\u00e9e en 2018 puis ensuite tous les 5 ans\\.<br\/><br\/>\\<a href\\='https\\:\\\/\\\/fr\\.wikipedia\\.org\\\/wiki\\\/Programmation_pluriannuelle_de_l'\u00e9nergi' target\\='_blank' rel\\='noopener'\\>\\<em\\>Voir ici la page Wikipedia consacr\u00e9e \u00e0 la PPE\\<\\\/em\\>\\<\\\/a\\><br\/>\\<a href\\='https\\:\\\/\\\/ppe\\.debatpublic\\.fr\\\/' target\\='_blank' rel\\='noopener'\\>\\<em\\>Voir ici la page du site 'Commission du D\u00e9bat Public' consacr\u00e9e \u00e0 la PPE\\<\\\/em\\>\\<\\\/a\\>\"; toolTips('.classtoolTips193',tt_store_content,'7102'); <\/script><script type=\"text\/javascript\"> var tt_store_content = \"\\<p style\\='text\\-align\\: center;'\\>\\<span style\\='font\\-size\\: 14pt;'\\>\\<strong\\>E\\<\\\/strong\\>volutionary \\<strong\\>P\\<\\\/strong\\>ower \\<strong\\>R\\<\\\/strong\\>eactor\\<\\\/span\\>\\<\\\/p\\><br\/>\\<p style\\='text\\-align\\: justify;'\\>R\u00e9acteur nucl\u00e9aire de troisi\u00e8me g\u00e9n\u00e9ration \\(classification internationale\\), con\u00e7u et d\u00e9velopp\u00e9 par <span class='tooltipsall tooltip_post_id_5121 classtoolTips35'>Areva NP<\/span>&nbsp; au cours des ann\u00e9es 1990 et 2000\\. Il fait partie de la fili\u00e8re des r\u00e9acteurs \u00e0 eau pressuris\u00e9e\\.\\<\\\/p\\><br\/>\\<a href\\='https\\:\\\/\\\/fr\\.wikipedia\\.org\\\/wiki\\\/R%C3%A9acteur_pressuris%C3%A9_europ%C3%A9en' target\\='_blank' rel\\='noopener'\\>\\<em\\>Voir ici la fiche Wikipedia EPR\\<\\\/em\\>\\<\\\/a\\>\"; toolTips('.classtoolTips196',tt_store_content,'5579'); <\/script><script type=\"text\/javascript\"> var tt_store_content = \"\\<p\\><span class='tooltipsall tooltip_post_id_21204 classtoolTips199'>COV<\/span> \\= Compos\u00e9 Organique Volatile\\<\\\/p\\>\"; toolTips('.classtoolTips199',tt_store_content,'21204'); <\/script><script type=\"text\/javascript\"> var tt_store_content = \"\\<p style\\='text\\-align\\: center;'\\>\\<strong\\>R\\<\\\/strong\\>\u00e9seau \\<strong\\>A\\<\\\/strong\\>ction \\<strong\\>C\\<\\\/strong\\>limat\\<\\\/p\\><br\/>Le r\u00e9seau Action Climat '\\<em\\>f\u00e9d\u00e8re les associations impliqu\u00e9es dans la lutte contre les changements climatiques et pour une transition \u00e9cologique, solidaire et \u00e9quitable\\<\\\/em\\>'\\.<br\/><br\/>\\<a href\\='https\\:\\\/\\\/reseauactionclimat\\.org\\\/' target\\='_blank' rel\\='noopener'\\>Voir le site du <span class='tooltipsall tooltip_post_id_4309 classtoolTips200'>RAC<\/span>\\<\\\/a\\>\"; toolTips('.classtoolTips200',tt_store_content,'4309'); <\/script><script type=\"text\/javascript\"> var tt_store_content = \"\\<p style\\='text\\-align\\: center;'\\>\\<strong\\>\\<span style\\='font\\-size\\: 14pt;'\\>R\\<\\\/span\\>\\<\\\/strong\\>\\<span style\\='font\\-size\\: 14pt;'\\>eferendum d'\\<strong\\>I\\<\\\/strong\\>nitiative \\<strong\\>C\\<\\\/strong\\>itoyenne\\<\\\/span\\>\\<\\\/p\\>\"; toolTips('.classtoolTips205',tt_store_content,'12268'); <\/script><script type=\"text\/javascript\"> var tt_store_content = \"\\<p\\><span class='tooltipsall tooltip_post_id_25844 classtoolTips208'>RTE<\/span> \\= R\u00e9seau de Transport d'Electricit\u00e9 est une filiale d'EDF qui est l'actionnaire majoritaire avec 50,1% des parts le reste \u00e9tant partag\u00e9 par la CDC et la CNP\\<\\\/p\\>\"; toolTips('.classtoolTips208',tt_store_content,'25844'); <\/script><script type=\"text\/javascript\"> var tt_store_content = \"\\<p style\\='text\\-align\\: center;'\\>\\<span style\\='font\\-size\\: 14pt;'\\>\\<strong\\>O\\<\\\/strong\\>rganisation\\<strong\\> N\\<\\\/strong\\>on\\<strong\\> G\\<\\\/strong\\>ouvernementale\\<\\\/span\\>\\<\\\/p\\><br\/>Une organisation non gouvernementale \\(<span class='tooltipsall tooltip_post_id_3579 classtoolTips210'>ONG<\/span>\\) est une \\<a title\\='Association \u00e0 but non lucratif' href\\='https\\:\\\/\\\/fr\\.wikipedia\\.org\\\/wiki\\\/Association_%C3%A0_but_non_lucratif' target\\='_blank' rel\\='noopener'\\>association \u00e0 but non lucratif\\<\\\/a\\>, d'int\u00e9r\u00eat public, qui ne rel\u00e8ve ni de l'\u00c9tat, ni d'institutions internationales\\<sup id\\='cite_ref\\-novethic_1\\-0' class\\='reference'\\>\\<\\\/sup\\>\\. Les ONG n'ont pas le statut de sujet de \\<a title\\='Droit international public' href\\='https\\:\\\/\\\/fr\\.wikipedia\\.org\\\/wiki\\\/Droit_international_public' target\\='_blank' rel\\='noopener'\\>droit international\\<\\\/a\\>\\.\"; toolTips('.classtoolTips210',tt_store_content,'3579'); <\/script><script type=\"text\/javascript\"> var tt_store_content = \"\\<p style\\='text\\-align\\: center;'\\>\\<span style\\='font\\-size\\: 14pt;'\\>\\<strong\\>O\\<\\\/strong\\>rganisation\\<strong\\> N\\<\\\/strong\\>on\\<strong\\> G\\<\\\/strong\\>ouvernementale\\<\\\/span\\>\\<\\\/p\\><br\/>Une organisation non gouvernementale \\(ONG\\) est une \\<a title\\='Association \u00e0 but non lucratif' href\\='https\\:\\\/\\\/fr\\.wikipedia\\.org\\\/wiki\\\/Association_%C3%A0_but_non_lucratif' target\\='_blank' rel\\='noopener'\\>association \u00e0 but non lucratif\\<\\\/a\\>, d'int\u00e9r\u00eat public, qui ne rel\u00e8ve ni de l'\u00c9tat, ni d'institutions internationales\\<sup id\\='cite_ref\\-novethic_1\\-0' class\\='reference'\\>\\<\\\/sup\\>\\. Les ONG n'ont pas le statut de sujet de \\<a title\\='Droit international public' href\\='https\\:\\\/\\\/fr\\.wikipedia\\.org\\\/wiki\\\/Droit_international_public' target\\='_blank' rel\\='noopener'\\>droit international\\<\\\/a\\>\\.\"; toolTips('.classtoolTips210',tt_store_content,'3579'); <\/script><script type=\"text\/javascript\"> var tt_store_content = \"\\<p\\><span class='tooltipsall tooltip_post_id_24572 classtoolTips211'>MIT<\/span> \\= Massachussets Institute of Technology, prestigieuse universit\u00e9 am\u00e9ricaine de la c\u00f4te est\\<\\\/p\\>\"; toolTips('.classtoolTips211',tt_store_content,'24572'); <\/script><script type=\"text\/javascript\"> var tt_store_content = \"\\<p style\\='text\\-align\\: center;'\\>\\<strong\\>J\\<\\\/strong\\>eux \\<strong\\>O\\<\\\/strong\\>lympiques<br\/>ou<br\/>\\<strong\\>J\\<\\\/strong\\>ournal \\<strong\\>O\\<\\\/strong\\>fficiel de la R\u00e9publique Fran\u00e7aise\\<\\\/p\\>\"; toolTips('.classtoolTips213',tt_store_content,'4451'); <\/script><script type=\"text\/javascript\"> var tt_store_content = \"\\<p\\><span class='tooltipsall tooltip_post_id_30593 classtoolTips214'>RN<\/span> \\= Rassemble National, c'est le parti d'extr\u00eame droite de Marine Le Pen qui succ\u00e8de au FN \\= Front National fond\u00e9 par son p\u00e8re Jean Marie Le Pen\\<\\\/p\\>\"; toolTips('.classtoolTips214',tt_store_content,'30593'); <\/script><script type=\"text\/javascript\"> var tt_store_content = \"\\<p style\\='text\\-align\\: center;'\\>\\<span style\\='font\\-size\\: 14pt;'\\>\\<strong\\>C\\<\\\/strong\\>entre \\<strong\\>H\\<\\\/strong\\>ospitalier\\<\\\/span\\>\\<\\\/p\\>\"; toolTips('.classtoolTips220',tt_store_content,'18357'); <\/script><script type=\"text\/javascript\"> var tt_store_content = \"\\<p\\>D\u00e9chets radioactifs \u00e0 Haute Activit\u00e9 \\(classement <span class='tooltipsall tooltip_post_id_3612 classtoolTips79'>ANDRA<\/span>\\)\\<\\\/p\\>\"; toolTips('.classtoolTips223',tt_store_content,'19196'); <\/script>_______________________<br>Notes<ol class=\"footnotes\"><li id=\"footnote_1_24899\" class=\"footnote\">Vid\u00e9o cit\u00e9e par Reporterre &nbsp;<a href=\"https:\/\/www.youtube.com\/watch?v=RIlh1MT9WsQ\">#4 Jancovici a r\u00e9pondu \u00e0 vos questions \u2014 02\/12\/2019<\/a>, \u00e0 3\u201945\u2019\u2019<span class=\"footnote-back-link-wrapper\">[<a href=\"#identifier_1_24899\" class=\"footnote-link footnote-back-link\">&#8617;<\/a>]<\/span><\/li><li id=\"footnote_2_24899\" class=\"footnote\">Jancovici, Jean-Marc, <em>Dormez tranquilles jusqu\u2019en 2100<\/em>, Odile Jacob Poche, 2017 (1<sup>e<\/sup> \u00e9d 2015), p. 191.<span class=\"footnote-back-link-wrapper\">[<a href=\"#identifier_2_24899\" class=\"footnote-link footnote-back-link\">&#8617;<\/a>]<\/span><\/li><li id=\"footnote_3_24899\" class=\"footnote\">Conf\u00e9rence \u00e0 Sciences Po, idem<span class=\"footnote-back-link-wrapper\">[<a href=\"#identifier_3_24899\" class=\"footnote-link footnote-back-link\">&#8617;<\/a>]<\/span><\/li><li id=\"footnote_4_24899\" class=\"footnote\">conf\u00e9rence \u00e0 Sciences Po&nbsp;: aout 2019 <a href=\"https:\/\/youtu.be\/Vjkq8V5rVy0\">https:\/\/youtu.be\/Vjkq8V5rVy0<\/a> <span class=\"footnote-back-link-wrapper\">[<a href=\"#identifier_4_24899\" class=\"footnote-link footnote-back-link\">&#8617;<\/a>]<\/span><\/li><li id=\"footnote_5_24899\" class=\"footnote\">cit\u00e9 par Reporterre&nbsp;: Jancovici, Jean-Marc, <em>Dormez tranquilles jusqu\u2019en 2100<\/em>, Odile Jacob Poche, 2017 (1<sup>e<\/sup> \u00e9d 2015), p. 165 <span class=\"footnote-back-link-wrapper\">[<a href=\"#identifier_5_24899\" class=\"footnote-link footnote-back-link\">&#8617;<\/a>]<\/span><\/li><\/ol>_______________________","protected":false},"excerpt":{"rendered":"<p>L\u2019incident de l&rsquo;<span class='tooltipsall tooltip_post_id_5579 classtoolTips196'>EPR<\/span> chinois de Taishan qui s\u2019est produit dans un pays \u00e0 gouvernance autoritaire, appelle nos \u00ab premiers de cord\u00e9e \u00bb \u00e0 plus de modestie : il t\u00e9moigne que les d\u00e9boires du nucl\u00e9aire fran\u00e7ais n&rsquo;est pas imputable au fonctionnement d\u00e9mocratique de nos institutions.<script type=\"text\/javascript\"> var tt_store_content = \"Le <span class='tooltipsall tooltip_post_id_3743 classtoolTips128'>CIRC<\/span> est le&nbsp; \\<a href\\='https\\:\\\/\\\/fr\\.wikipedia\\.org\\\/wiki\\\/Centre_international_de_recherche_sur_le_cancer' target\\='_blank' rel\\='noopener'\\>Centre international de Recherche sur le Cancer\\<\\\/a\\>, cr\u00e9\u00e9 en 1965 par l\u2019\\<a href\\='https\\:\\\/\\\/fr\\.wikipedia\\.org\\\/wiki\\\/Organisation_mondiale_de_la_sant%C3%A9' target\\='_blank' rel\\='noopener'\\>Organisation Mondiale de la Sant\u00e9\\<\\\/a\\> \\(OMS\\) des \\<a href\\='https\\:\\\/\\\/fr\\.wikipedia\\.org\\\/wiki\\\/Organisation_des_Nations_unies' target\\='_blank' rel\\='noopener'\\>Nations Unies\\<\\\/a\\>\\.\"; toolTips('.classtoolTips128',tt_store_content,'3743'); <\/script><script type=\"text\/javascript\"> var tt_store_content = \"\\<\/p>\n<p style\\='text\\-align\\: center;'\\>\\<span style\\='font\\-size\\: 14pt;'\\>\\<strong\\>C\\<\\\/strong\\>entre \\<strong\\>C\\<\\\/strong\\>ommunal d'\\<strong\\>A\\<\\\/strong\\>ction \\<strong\\>S\\<\\\/strong\\>ociale\\<\\\/span\\>\\<\\\/p\\><br \/>\\<\/p>\n<p style\\='text\\-align\\: justify;'\\>Un centre communal d'action sociale \\(<span class='tooltipsall tooltip_post_id_18100 classtoolTips132'>CCAS<\/span>\\) est, en France, un \u00e9tablissement public administr\u00e9 par un conseil d'administration pr\u00e9sid\u00e9 par le maire de la commune\\. Il a pour mission d'animer une action g\u00e9n\u00e9rale de pr\u00e9vention et de d\u00e9veloppement social au sein de la commune en liaison \u00e9troite avec les institutions publiques et priv\u00e9es\\<\\\/p\\>\"; toolTips('.classtoolTips132',tt_store_content,'18100'); <\/script><script type=\"text\/javascript\"> var tt_store_content = \"\\<p\\><span class='tooltipsall tooltip_post_id_19394 classtoolTips134'>SAGE<\/span> \\= \\<span class\\='st'\\> sch\u00e9ma d'am\u00e9nagement et de gestion de l'eau\\<\\\/span\\> , c'est un outil de planification qui concerne l'ensemble des eaux situ\u00e9es dans un bassin versant\\<\\\/p\\>\"; toolTips('.classtoolTips134',tt_store_content,'19394'); <\/script><script type=\"text\/javascript\"> var tt_store_content = \"\\<\/p>\n<p style\\='text\\-align\\: center;'\\>\\<strong\\>\\<span style\\='font\\-size\\: 14pt;'\\>S\\<\\\/span\\>\\<\\\/strong\\>\\<span style\\='font\\-size\\: 14pt;'\\>oci\u00e9t\u00e9 d'\\<strong\\>\u00c9\\<\\\/strong\\>conomie \\<strong\\>M\\<\\\/strong\\>ixte\\<\\\/span\\>\\<\\\/p\\><br \/>\\<\/p>\n<p style\\='text\\-align\\: justify;'\\>En France, une soci\u00e9t\u00e9 d'\u00e9conomie mixte est une soci\u00e9t\u00e9 anonyme dont le capital est majoritairement d\u00e9tenu par une ou plusieurs personnes publiques \\(\u00e0 savoir l'\u00c9tat, une Collectivit\u00e9 territoriale, ou tout autre \u00c9tablissement public\\)\\. Cette participation majoritaire publique est plafonn\u00e9e \u00e0 85&nbsp;% du capital depuis la Loi du 2 janvier 2002\\. Au moins une personne priv\u00e9e doit participer au capital de la <span class='tooltipsall tooltip_post_id_7168 classtoolTips142'>SEM<\/span>, sachant qu'il peut s'agir d'une autre SEM\\.\\<\\\/p\\><br \/>\\<\/p>\n<p style\\='text\\-align\\: justify;'\\>\\<strong\\>Le recours \u00e0 la SEM garantit\\<\\\/strong\\> \u00e0 la collectivit\u00e9 publique actionnaire et cocontractante \\<strong\\>la prise en compte effective de l'int\u00e9r\u00eat g\u00e9n\u00e9ral\\<\\\/strong\\> dans les objectifs de l'entreprise \\<strong\\>et la souplesse de la soci\u00e9t\u00e9 de droit priv\u00e9\\<\\\/strong\\>\\.\\<\\\/p\\><br \/>\\<em\\>\\<a href\\='https\\:\\\/\\\/fr\\.wikipedia\\.org\\\/wiki\\\/Soci%C3%A9t%C3%A9_d%27%C3%A9conomie_mixte' target\\='_blank' rel\\='noopener'\\>Voir ici la page Wikipedia consacr\u00e9e aux SEM\\<\\\/a\\> \\<\\\/em\\><\/p>\n<p>&nbsp;\"; toolTips('.classtoolTips142',tt_store_content,'7168'); <\/script><script type=\"text\/javascript\"> var tt_store_content = \"\\<\/p>\n<p style\\='text\\-align\\: center;'\\>\\<span style\\='font\\-size\\: 14pt;'\\>\\<strong\\>I\\<\\\/strong\\>mp\u00f4t sur la \\<strong\\>F\\<\\\/strong\\>ortune \\<strong\\>I\\<\\\/strong\\>mmobili\u00e8re\\<\\\/span\\>\\<\\\/p\\>\"; toolTips('.classtoolTips148',tt_store_content,'5643'); <\/script><script type=\"text\/javascript\"> var tt_store_content = \"\\<\/p>\n<p style\\='text\\-align\\: center;'\\>\\<span style\\='font\\-size\\: 14pt;'\\>\\<strong\\>R\\<\\\/strong\\>\u00e9pertoire \\<strong\\>N\\<\\\/strong\\>ational des \\<strong\\>A\\<\\\/strong\\>ssociations\\<\\\/span\\>\\<\\\/p\\>\"; toolTips('.classtoolTips159',tt_store_content,'24374'); <\/script><script type=\"text\/javascript\"> var tt_store_content = \"\\<\/p>\n<p style\\='text\\-align\\: center;'\\>\\<strong\\>Autorit\u00e9 de S\u00fbret\u00e9 Nucl\u00e9aire\\<\\\/strong\\>\\<\\\/p\\>\"; toolTips('.classtoolTips163',tt_store_content,'3650'); <\/script><script type=\"text\/javascript\"> var tt_store_content = \"\\<\/p>\n<p style\\='text\\-align\\: justify'\\>La \u00ab\u00a0\\<b\\>programmation pluriannuelle de l'\u00e9nergie\\<\\\/b\\>\u00a0\u00bb \\(<span class='tooltipsall tooltip_post_id_7750 classtoolTips164'>PPE<\/span>\\) est, en France, un document strat\u00e9gique de pilotage de la transition \u00e9nerg\u00e9tique\\. Institu\u00e9e par l'article 176 de la \\<a title\\='Loi relative \u00e0 la transition \u00e9nerg\u00e9tique pour la croissance verte' href\\='https\\:\\\/\\\/fr\\.wikipedia\\.org\\\/wiki\\\/Loi_relative_%C3%A0_la_transition_%C3%A9nerg%C3%A9tique_pour_la_croissance_verte'\\>loi de transition \u00e9nerg\u00e9tique\\<\\\/a\\> \\(TECV\\), elle fixe une trajectoire pour le \\<a title\\='Mix \u00e9nerg\u00e9tique' href\\='https\\:\\\/\\\/fr\\.wikipedia\\.org\\\/wiki\\\/Mix_%C3%A9nerg%C3%A9tique'\\>mix \u00e9nerg\u00e9tique\\<\\\/a\\>, ainsi que \\<span class\\='citation'\\>\u00ab\u00a0les priorit\u00e9s d'action pour la gestion de l\u2019ensemble des formes d'\u00e9nergie sur le territoire m\u00e9tropolitain continental, afin d\u2019atteindre les objectifs nationaux fix\u00e9s par la loi\u00a0\u00bb\\<\\\/span\\>\\. \\(Wikip\u00e9dia\\)\\<\\\/p\\>\"; toolTips('.classtoolTips164',tt_store_content,'7750'); <\/script><script type=\"text\/javascript\"> var tt_store_content = \"\\<\/p>\n<p style\\='text\\-align\\: justify'\\>La \u00ab\u00a0\\<b\\>programmation pluriannuelle de l'\u00e9nergie\\<\\\/b\\>\u00a0\u00bb \\(PPE\\) est, en France, un document strat\u00e9gique de pilotage de la transition \u00e9nerg\u00e9tique\\. Institu\u00e9e par l'article 176 de la \\<a title\\='Loi relative \u00e0 la transition \u00e9nerg\u00e9tique pour la croissance verte' href\\='https\\:\\\/\\\/fr\\.wikipedia\\.org\\\/wiki\\\/Loi_relative_%C3%A0_la_transition_%C3%A9nerg%C3%A9tique_pour_la_croissance_verte'\\>loi de transition \u00e9nerg\u00e9tique\\<\\\/a\\> \\(TECV\\), elle fixe une trajectoire pour le \\<a title\\='Mix \u00e9nerg\u00e9tique' href\\='https\\:\\\/\\\/fr\\.wikipedia\\.org\\\/wiki\\\/Mix_%C3%A9nerg%C3%A9tique'\\>mix \u00e9nerg\u00e9tique\\<\\\/a\\>, ainsi que \\<span class\\='citation'\\>\u00ab\u00a0les priorit\u00e9s d'action pour la gestion de l\u2019ensemble des formes d'\u00e9nergie sur le territoire m\u00e9tropolitain continental, afin d\u2019atteindre les objectifs nationaux fix\u00e9s par la loi\u00a0\u00bb\\<\\\/span\\>\\. \\(Wikip\u00e9dia\\)\\<\\\/p\\>\"; toolTips('.classtoolTips164',tt_store_content,'7750'); <\/script><script type=\"text\/javascript\"> var tt_store_content = \"\\<\/p>\n<p style\\='text\\-align\\: justify;'\\>Le Conseil d'Orientation des Retraites est une instance qui r\u00e9unit &nbsp;\\<span class\\='st'\\>les principaux acteurs du champ des retraites\\<\\\/span\\> et effectue un travail d'\u00e9tudes et de concertation\\. Compos\u00e9 de parlementaires, de repr\u00e9sentants des organisations professionnelles et syndicales, des retrait\u00e9s et des familles, de membres de l'administration et d'experts, le Conseil d'orientation des retraites \\(<span class='tooltipsall tooltip_post_id_7751 classtoolTips165'>COR<\/span>\\) est plac\u00e9 aupr\u00e8s du Premier ministre\\.\\<\\\/p\\>\"; toolTips('.classtoolTips165',tt_store_content,'7751'); <\/script><script type=\"text\/javascript\"> var tt_store_content = \"\\<\/p>\n<p style\\='text\\-align\\: center;'\\>\\<span style\\='font\\-size\\: 14pt;'\\>\\<strong\\>O\\<\\\/strong\\>rganisation \\<strong\\>M\\<\\\/strong\\>\u00e9t\u00e9orologique \\<strong\\>M\\<\\\/strong\\>ondiale<br \/>\\<strong\\>W\\<\\\/strong\\>orld \\<strong\\>M\\<\\\/strong\\>eteorological \\<strong\\>O\\<\\\/strong\\>rganization\\<\\\/span\\>\\<\\\/p\\><br \/>&nbsp;<\/p>\n<p>\\<a href\\='https\\:\\\/\\\/public\\.wmo\\.int\\\/fr' target\\='_blank' rel\\='noopener'\\>\\<em\\>Acc\u00e9der ici au site de l'organisation\\<\\\/em\\>\\<\\\/a\\>\"; toolTips('.classtoolTips168',tt_store_content,'7763'); <\/script><script type=\"text\/javascript\"> var tt_store_content = \"\\<\/p>\n<p style\\='text\\-align\\: center;'\\>\\<span style\\='font\\-size\\: 14pt;'\\>\\<strong\\>\u00c9\\<\\\/strong\\>cole \\<strong\\>N\\<\\\/strong\\>ationale d'\\<strong\\>A\\<\\\/strong\\>dministration\\<\\\/span\\>\\<\\\/p\\>\"; toolTips('.classtoolTips170',tt_store_content,'5213'); <\/script><script type=\"text\/javascript\"> var tt_store_content = \"\\<\/p>\n<p style\\='text\\-align\\: justify'\\>\\<span class\\='ILfuVd'\\>La politique agricole commune \\(\\<b\\><span class='tooltipsall tooltip_post_id_11364 classtoolTips174'>PAC<\/span>\\<\\\/b\\>\\) est une politique mise en place \u00e0 l'\u00e9chelle de l'Union europ\u00e9enne\\. \u00c0 l'origine, elle est fond\u00e9e principalement sur des mesures de contr\u00f4le des prix et de subventionnement, visant \u00e0 moderniser et d\u00e9velopper l'agriculture\\.\\<\\\/span\\> \\(source Wikipedia\\)\\<\\\/p\\>\"; toolTips('.classtoolTips174',tt_store_content,'11364'); <\/script><script type=\"text\/javascript\"> var tt_store_content = \"\\<\/p>\n<p style\\='text\\-align\\: center;'\\>\\<span style\\='font\\-size\\: 14pt;'\\>\\<strong\\>P\\<\\\/strong\\>\\<\\\/span\\>\\<span style\\='font\\-size\\: 14pt;'\\>lan \\<strong\\>L\\<\\\/strong\\>\\<\\\/span\\>\\<span style\\='font\\-size\\: 14pt;'\\>ocal d'\\<strong\\>U\\<\\\/strong\\>\\<\\\/span\\>\\<span style\\='font\\-size\\: 14pt;'\\>rbanisme\\<\\\/span\\>\\<\\\/p\\><br \/>&nbsp;\"; toolTips('.classtoolTips176',tt_store_content,'4979'); <\/script><script type=\"text\/javascript\"> var tt_store_content = \"\\<\/p>\n<p style\\='text\\-align\\: center;'\\>\\<strong\\>\\<span style\\='font\\-size\\: 14pt;'\\>E\\<\\\/span\\>\\<\\\/strong\\>\\<span style\\='font\\-size\\: 14pt;'\\>lectricit\u00e9 \\<strong\\>d\\<\\\/strong\\>e \\<strong\\>F\\<\\\/strong\\>rance\\<\\\/span\\>\\<\\\/p\\>\"; toolTips('.classtoolTips178',tt_store_content,'7035'); <\/script><script type=\"text\/javascript\"> var tt_store_content = \"\\<\/p>\n<p style\\='text\\-align\\: center;'\\>\\<strong\\>\\<span style\\='font\\-size\\: 14pt;'\\>E\\<\\\/span\\>\\<\\\/strong\\>\\<span style\\='font\\-size\\: 14pt;'\\>lectricit\u00e9 \\<strong\\>d\\<\\\/strong\\>e \\<strong\\>F\\<\\\/strong\\>rance\\<\\\/span\\>\\<\\\/p\\>\"; toolTips('.classtoolTips178',tt_store_content,'7035'); <\/script><script type=\"text\/javascript\"> var tt_store_content = \"\\<p\\>Conseil \u00c9conomique et Social\\<\\\/p\\>\"; toolTips('.classtoolTips180',tt_store_content,'29829'); <\/script><script type=\"text\/javascript\"> var tt_store_content = \"\\<\/p>\n<p style\\='text\\-align\\: center;'\\>\\<span style\\='font\\-size\\: 14pt;'\\>\\<strong\\>G\\<\\\/strong\\>roupement \\<strong\\>H\\<\\\/strong\\>ospitalier de \\<strong\\>T\\<\\\/strong\\>erritoire\\<\\\/span\\>\\<\\\/p\\><br \/>\\<\/p>\n<p style\\='text\\-align\\: justify;'\\>Les groupements hospitaliers de territoires, dispositif pr\u00e9vu par la loi de sant\u00e9 2016, sont un nouveau mode de coop\u00e9ration entre les \u00e9tablissements publics de sant\u00e9 \u00e0 l\u2019\u00e9chelle d\u2019un territoire\\<\\\/p\\>\"; toolTips('.classtoolTips189',tt_store_content,'18358'); <\/script><script type=\"text\/javascript\"> var tt_store_content = \"\\<\/p>\n<p style\\='text\\-align\\: center;'\\>\\<span style\\='font\\-size\\: 14pt;'\\>\\<strong\\>C\\<\\\/strong\\>omit\u00e9 \\<strong\\>T\\<\\\/strong\\>echnique d'\\<strong\\>\u00c9\\<\\\/strong\\>tablissement\\<\\\/span\\>\\<\\\/p\\>\"; toolTips('.classtoolTips191',tt_store_content,'18359'); <\/script><script type=\"text\/javascript\"> var tt_store_content = \"\\<\/p>\n<p style\\='text\\-align\\: center;'\\>\\<strong\\>\\<span style\\='font\\-size\\: 14pt;'\\>P\\<\\\/span\\>\\<\\\/strong\\>\\<span style\\='font\\-size\\: 14pt;'\\>rogrammation \\<strong\\>P\\<\\\/strong\\>luri\\-annuelle de l'\\<strong\\>\u00c9\\<\\\/strong\\>nergie\\<\\\/span\\>\\<\\\/p\\><br \/>La PPE est est en France un document strat\u00e9gique de pilotage de la transition \u00e9nerg\u00e9tique\\. Institu\u00e9e par l'article 176 de la loi transition \u00e9nerg\u00e9tique \\(TECV\\)\\. Elle fixe \\(par \u00e9nergie\\) une trajectoire pour le mix \u00e9nerg\u00e9tique, ainsi que \u00ab&nbsp;\\<em\\>les priorit\u00e9s d'action pour la gestion de l\u2019ensemble des formes d'\u00e9nergie sur le territoire m\u00e9tropolitain continental, afin d\u2019atteindre les objectifs nationaux fix\u00e9s par la loi\\<\\\/em\\>&nbsp;\u00bb\\.<\/p>\n<p>Initi\u00e9e en 2016, elle est r\u00e9vis\u00e9e en 2018 puis ensuite tous les 5 ans\\.<\/p>\n<p>\\<a href\\='https\\:\\\/\\\/fr\\.wikipedia\\.org\\\/wiki\\\/Programmation_pluriannuelle_de_l'\u00e9nergi' target\\='_blank' rel\\='noopener'\\>\\<em\\>Voir ici la page Wikipedia consacr\u00e9e \u00e0 la PPE\\<\\\/em\\>\\<\\\/a\\><br \/>\\<a href\\='https\\:\\\/\\\/ppe\\.debatpublic\\.fr\\\/' target\\='_blank' rel\\='noopener'\\>\\<em\\>Voir ici la page du site 'Commission du D\u00e9bat Public' consacr\u00e9e \u00e0 la PPE\\<\\\/em\\>\\<\\\/a\\>\"; toolTips('.classtoolTips193',tt_store_content,'7102'); <\/script><script type=\"text\/javascript\"> var tt_store_content = \"\\<\/p>\n<p style\\='text\\-align\\: center;'\\>\\<span style\\='font\\-size\\: 14pt;'\\>\\<strong\\>E\\<\\\/strong\\>volutionary \\<strong\\>P\\<\\\/strong\\>ower \\<strong\\>R\\<\\\/strong\\>eactor\\<\\\/span\\>\\<\\\/p\\><br \/>\\<\/p>\n<p style\\='text\\-align\\: justify;'\\>R\u00e9acteur nucl\u00e9aire de troisi\u00e8me g\u00e9n\u00e9ration \\(classification internationale\\), con\u00e7u et d\u00e9velopp\u00e9 par <span class='tooltipsall tooltip_post_id_5121 classtoolTips35'>Areva NP<\/span>&nbsp; au cours des ann\u00e9es 1990 et 2000\\. Il fait partie de la fili\u00e8re des r\u00e9acteurs \u00e0 eau pressuris\u00e9e\\.\\<\\\/p\\><br \/>\\<a href\\='https\\:\\\/\\\/fr\\.wikipedia\\.org\\\/wiki\\\/R%C3%A9acteur_pressuris%C3%A9_europ%C3%A9en' target\\='_blank' rel\\='noopener'\\>\\<em\\>Voir ici la fiche Wikipedia EPR\\<\\\/em\\>\\<\\\/a\\>\"; toolTips('.classtoolTips196',tt_store_content,'5579'); <\/script><script type=\"text\/javascript\"> var tt_store_content = \"\\<p\\><span class='tooltipsall tooltip_post_id_21204 classtoolTips199'>COV<\/span> \\= Compos\u00e9 Organique Volatile\\<\\\/p\\>\"; toolTips('.classtoolTips199',tt_store_content,'21204'); <\/script><script type=\"text\/javascript\"> var tt_store_content = \"\\<\/p>\n<p style\\='text\\-align\\: center;'\\>\\<strong\\>R\\<\\\/strong\\>\u00e9seau \\<strong\\>A\\<\\\/strong\\>ction \\<strong\\>C\\<\\\/strong\\>limat\\<\\\/p\\><br \/>Le r\u00e9seau Action Climat '\\<em\\>f\u00e9d\u00e8re les associations impliqu\u00e9es dans la lutte contre les changements climatiques et pour une transition \u00e9cologique, solidaire et \u00e9quitable\\<\\\/em\\>'\\.<\/p>\n<p>\\<a href\\='https\\:\\\/\\\/reseauactionclimat\\.org\\\/' target\\='_blank' rel\\='noopener'\\>Voir le site du <span class='tooltipsall tooltip_post_id_4309 classtoolTips200'>RAC<\/span>\\<\\\/a\\>\"; toolTips('.classtoolTips200',tt_store_content,'4309'); <\/script><script type=\"text\/javascript\"> var tt_store_content = \"\\<\/p>\n<p style\\='text\\-align\\: center;'\\>\\<strong\\>\\<span style\\='font\\-size\\: 14pt;'\\>R\\<\\\/span\\>\\<\\\/strong\\>\\<span style\\='font\\-size\\: 14pt;'\\>eferendum d'\\<strong\\>I\\<\\\/strong\\>nitiative \\<strong\\>C\\<\\\/strong\\>itoyenne\\<\\\/span\\>\\<\\\/p\\>\"; toolTips('.classtoolTips205',tt_store_content,'12268'); <\/script><script type=\"text\/javascript\"> var tt_store_content = \"\\<p\\><span class='tooltipsall tooltip_post_id_25844 classtoolTips208'>RTE<\/span> \\= R\u00e9seau de Transport d'Electricit\u00e9 est une filiale d'<span class='tooltipsall tooltip_post_id_7035 classtoolTips178'>EDF<\/span> qui est l'actionnaire majoritaire avec 50,1% des parts le reste \u00e9tant partag\u00e9 par la CDC et la CNP\\<\\\/p\\>\"; toolTips('.classtoolTips208',tt_store_content,'25844'); <\/script><script type=\"text\/javascript\"> var tt_store_content = \"\\<\/p>\n<p style\\='text\\-align\\: center;'\\>\\<span style\\='font\\-size\\: 14pt;'\\>\\<strong\\>O\\<\\\/strong\\>rganisation\\<strong\\> N\\<\\\/strong\\>on\\<strong\\> G\\<\\\/strong\\>ouvernementale\\<\\\/span\\>\\<\\\/p\\><br \/>Une organisation non gouvernementale \\(<span class='tooltipsall tooltip_post_id_3579 classtoolTips210'>ONG<\/span>\\) est une \\<a title\\='Association \u00e0 but non lucratif' href\\='https\\:\\\/\\\/fr\\.wikipedia\\.org\\\/wiki\\\/Association_%C3%A0_but_non_lucratif' target\\='_blank' rel\\='noopener'\\>association \u00e0 but non lucratif\\<\\\/a\\>, d'int\u00e9r\u00eat public, qui ne rel\u00e8ve ni de l'\u00c9tat, ni d'institutions internationales\\<sup id\\='cite_ref\\-novethic_1\\-0' class\\='reference'\\>\\<\\\/sup\\>\\. Les ONG n'ont pas le statut de sujet de \\<a title\\='Droit international public' href\\='https\\:\\\/\\\/fr\\.wikipedia\\.org\\\/wiki\\\/Droit_international_public' target\\='_blank' rel\\='noopener'\\>droit international\\<\\\/a\\>\\.\"; toolTips('.classtoolTips210',tt_store_content,'3579'); <\/script><script type=\"text\/javascript\"> var tt_store_content = \"\\<\/p>\n<p style\\='text\\-align\\: center;'\\>\\<span style\\='font\\-size\\: 14pt;'\\>\\<strong\\>O\\<\\\/strong\\>rganisation\\<strong\\> N\\<\\\/strong\\>on\\<strong\\> G\\<\\\/strong\\>ouvernementale\\<\\\/span\\>\\<\\\/p\\><br \/>Une organisation non gouvernementale \\(ONG\\) est une \\<a title\\='Association \u00e0 but non lucratif' href\\='https\\:\\\/\\\/fr\\.wikipedia\\.org\\\/wiki\\\/Association_%C3%A0_but_non_lucratif' target\\='_blank' rel\\='noopener'\\>association \u00e0 but non lucratif\\<\\\/a\\>, d'int\u00e9r\u00eat public, qui ne rel\u00e8ve ni de l'\u00c9tat, ni d'institutions internationales\\<sup id\\='cite_ref\\-novethic_1\\-0' class\\='reference'\\>\\<\\\/sup\\>\\. Les ONG n'ont pas le statut de sujet de \\<a title\\='Droit international public' href\\='https\\:\\\/\\\/fr\\.wikipedia\\.org\\\/wiki\\\/Droit_international_public' target\\='_blank' rel\\='noopener'\\>droit international\\<\\\/a\\>\\.\"; toolTips('.classtoolTips210',tt_store_content,'3579'); <\/script><script type=\"text\/javascript\"> var tt_store_content = \"\\<p\\><span class='tooltipsall tooltip_post_id_24572 classtoolTips211'>MIT<\/span> \\= Massachussets Institute of Technology, prestigieuse universit\u00e9 am\u00e9ricaine de la c\u00f4te est\\<\\\/p\\>\"; toolTips('.classtoolTips211',tt_store_content,'24572'); <\/script><script type=\"text\/javascript\"> var tt_store_content = \"\\<\/p>\n<p style\\='text\\-align\\: center;'\\>\\<strong\\>J\\<\\\/strong\\>eux \\<strong\\>O\\<\\\/strong\\>lympiques<br \/>ou<br \/>\\<strong\\>J\\<\\\/strong\\>ournal \\<strong\\>O\\<\\\/strong\\>fficiel de la R\u00e9publique Fran\u00e7aise\\<\\\/p\\>\"; toolTips('.classtoolTips213',tt_store_content,'4451'); <\/script><script type=\"text\/javascript\"> var tt_store_content = \"\\<p\\><span class='tooltipsall tooltip_post_id_30593 classtoolTips214'>RN<\/span> \\= Rassemble National, c'est le parti d'extr\u00eame droite de Marine Le Pen qui succ\u00e8de au FN \\= Front National fond\u00e9 par son p\u00e8re Jean Marie Le Pen\\<\\\/p\\>\"; toolTips('.classtoolTips214',tt_store_content,'30593'); <\/script><script type=\"text\/javascript\"> var tt_store_content = \"\\<\/p>\n<p style\\='text\\-align\\: center;'\\>\\<span style\\='font\\-size\\: 14pt;'\\>\\<strong\\>C\\<\\\/strong\\>entre \\<strong\\>H\\<\\\/strong\\>ospitalier\\<\\\/span\\>\\<\\\/p\\>\"; toolTips('.classtoolTips220',tt_store_content,'18357'); <\/script><script type=\"text\/javascript\"> var tt_store_content = \"\\<p\\>D\u00e9chets radioactifs \u00e0 Haute Activit\u00e9 \\(classement <span class='tooltipsall tooltip_post_id_3612 classtoolTips79'>ANDRA<\/span>\\)\\<\\\/p\\>\"; toolTips('.classtoolTips223',tt_store_content,'19196'); <\/script><\/p>\n","protected":false},"author":2,"featured_media":0,"comment_status":"open","ping_status":"open","sticky":false,"template":"","format":"standard","meta":{"_acf_changed":false,"ngg_post_thumbnail":0,"_jetpack_memberships_contains_paid_content":false,"footnotes":""},"categories":[6,9,28,19,27],"tags":[],"coauthors":[4,18],"class_list":["post-24899","post","type-post","status-publish","format-standard","hentry","category-actu","category-actu_gen","category-rub_env","category-rub_env_nucl","category-rub","edition-edi_00077","type_art-type_art_article","dossier-dossiers_nucleaire_desastre","no-thumb"],"acf":[],"jetpack_featured_media_url":"","jetpack_sharing_enabled":true,"jetpack_shortlink":"https:\/\/wp.me\/p9B5TM-6tB","_links":{"self":[{"href":"https:\/\/le-clairon-nouveau.fr\/wordpress\/wp-json\/wp\/v2\/posts\/24899","targetHints":{"allow":["GET"]}}],"collection":[{"href":"https:\/\/le-clairon-nouveau.fr\/wordpress\/wp-json\/wp\/v2\/posts"}],"about":[{"href":"https:\/\/le-clairon-nouveau.fr\/wordpress\/wp-json\/wp\/v2\/types\/post"}],"author":[{"embeddable":true,"href":"https:\/\/le-clairon-nouveau.fr\/wordpress\/wp-json\/wp\/v2\/users\/2"}],"replies":[{"embeddable":true,"href":"https:\/\/le-clairon-nouveau.fr\/wordpress\/wp-json\/wp\/v2\/comments?post=24899"}],"version-history":[{"count":0,"href":"https:\/\/le-clairon-nouveau.fr\/wordpress\/wp-json\/wp\/v2\/posts\/24899\/revisions"}],"wp:attachment":[{"href":"https:\/\/le-clairon-nouveau.fr\/wordpress\/wp-json\/wp\/v2\/media?parent=24899"}],"wp:term":[{"taxonomy":"category","embeddable":true,"href":"https:\/\/le-clairon-nouveau.fr\/wordpress\/wp-json\/wp\/v2\/categories?post=24899"},{"taxonomy":"post_tag","embeddable":true,"href":"https:\/\/le-clairon-nouveau.fr\/wordpress\/wp-json\/wp\/v2\/tags?post=24899"},{"taxonomy":"author","embeddable":true,"href":"https:\/\/le-clairon-nouveau.fr\/wordpress\/wp-json\/wp\/v2\/coauthors?post=24899"}],"curies":[{"name":"wp","href":"https:\/\/api.w.org\/{rel}","templated":true}]}}