{"id":25210,"date":"2021-09-23T12:30:00","date_gmt":"2021-09-23T10:30:00","guid":{"rendered":"https:\/\/le-clairon-nouveau.fr\/wordpress\/?p=25210"},"modified":"2021-09-20T23:07:50","modified_gmt":"2021-09-20T21:07:50","slug":"cigeo-enfouissons-ces-dechets-nucleaires-que-nous-ne-saurions-voir","status":"publish","type":"post","link":"https:\/\/le-clairon-nouveau.fr\/wordpress\/blog\/2021\/09\/23\/cigeo-enfouissons-ces-dechets-nucleaires-que-nous-ne-saurions-voir\/","title":{"rendered":"Cigeo : enfouissons ces d\u00e9chets nucl\u00e9aires que  nous ne saurions voir ! (*)"},"content":{"rendered":"<p style=\"text-align: center\"><span style=\"font-size: 18pt\"><strong>Chronique d\u2019une catastrophe annonc\u00e9e (suite)<\/strong><\/span><\/p>\n<p style=\"text-align: justify\"><strong><em>La France d\u00e9tient apr\u00e8s le Japon le record de densit\u00e9 de r\u00e9acteurs nucl\u00e9aires au Km\u00b2. Depuis 1963 <span class='tooltipsall tooltip_post_id_29829 classtoolTips180'>ces<\/span> r\u00e9acteurs produisent des d\u00e9chets de moyenne activit\u00e9 \u00e0 vie longue<\/em><\/strong><strong> (<span class='tooltipsall tooltip_post_id_19197 classtoolTips99'>MA-VL<\/span>) <em>et de haute activit\u00e9 \u00e0 vie longue<\/em> (<span class='tooltipsall tooltip_post_id_19196 classtoolTips223'>HA<\/span>-VL). <em>Ces d\u00e9chets ont \u00e9t\u00e9 entrepos\u00e9s dans des sites provisoires\u00a0; \u00e0 ce jour aucune solution de stockage d\u00e9finitif s\u00fbre et efficace n\u2019a \u00e9t\u00e9 trouv\u00e9e. L\u2019id\u00e9e d\u2019enfouir profond\u00e9ment ces d\u00e9chets a sembl\u00e9 \u00eatre la <\/em><\/strong><strong><em>\u00ab\u00a0<\/em><\/strong><strong><em>moins mauvaise solution<\/em><\/strong><strong><em>\u00ab\u00a0<\/em><\/strong><strong><em> pour la France, comme pour les autres puissances nucl\u00e9aires. <\/em><\/strong><\/p>\n<p style=\"text-align: center\"><img data-recalc-dims=\"1\" loading=\"lazy\" decoding=\"async\" class=\" wp-image-25211 aligncenter\" src=\"https:\/\/i0.wp.com\/le-clairon-nouveau.fr\/wordpress\/wp-content\/uploads\/2021\/09\/nuclear-waste-Image-par-Dirk-Rabe-de-Pixabay.jpg?resize=595%2C308&#038;ssl=1\" alt=\"\" width=\"595\" height=\"308\" srcset=\"https:\/\/i0.wp.com\/le-clairon-nouveau.fr\/wordpress\/wp-content\/uploads\/2021\/09\/nuclear-waste-Image-par-Dirk-Rabe-de-Pixabay.jpg?resize=300%2C155&amp;ssl=1 300w, https:\/\/i0.wp.com\/le-clairon-nouveau.fr\/wordpress\/wp-content\/uploads\/2021\/09\/nuclear-waste-Image-par-Dirk-Rabe-de-Pixabay.jpg?resize=1024%2C529&amp;ssl=1 1024w, https:\/\/i0.wp.com\/le-clairon-nouveau.fr\/wordpress\/wp-content\/uploads\/2021\/09\/nuclear-waste-Image-par-Dirk-Rabe-de-Pixabay.jpg?resize=768%2C397&amp;ssl=1 768w, https:\/\/i0.wp.com\/le-clairon-nouveau.fr\/wordpress\/wp-content\/uploads\/2021\/09\/nuclear-waste-Image-par-Dirk-Rabe-de-Pixabay.jpg?w=1280&amp;ssl=1 1280w\" sizes=\"auto, (max-width: 595px) 100vw, 595px\" \/><span style=\"font-size: 8pt\"><strong><em>O\u00f9 les mettre\u00a0?<\/em><\/strong> <strong><em>Image par Dirk Rabe de Pixabay.jpg<\/em><\/strong><\/span><\/p>\n<p><span style=\"font-size: 14pt\"><strong>Le projet Cig\u00e9o<\/strong><\/span> <sup><a href=\"#footnote_1_25210\" id=\"identifier_1_25210\" class=\"footnote-link footnote-identifier-link\" title=\"acronyme de centre industriel de stockage g&eacute;ologique\">(1)<\/a><\/sup>\n<p style=\"text-align: justify\">Un laboratoire de recherche g\u00e9r\u00e9 par l\u2019<span class='tooltipsall tooltip_post_id_3612 classtoolTips79'>ANDRA<\/span> \u00e0 \u00e9t\u00e9 cr\u00e9\u00e9 en 2000. Il s\u2019agissait de tester la faisabilit\u00e9 d\u2019un stockage de <span class='tooltipsall tooltip_post_id_19197 classtoolTips99'>d\u00e9chets MA-VL<\/span> et HA-VL dans un ensemble de galeries creus\u00e9es \u00e0 environ 500\u00a0 m\u00e8tres sous terre. Ce laboratoire occupe actuellement une surface au sol de 17 ha, r\u00e9partis sur les communes de Bure (Meuse) et Saudron (Haute Marne). La phase \u00ab\u00a0recherche\u00a0\u00bb \u00e9tant jug\u00e9e concluante par l\u2019ANDRA, il s\u2019agit maintenant de passer au stockage industriel de ces d\u00e9chets nucl\u00e9aires.<\/p>\n<p style=\"text-align: justify\"><span style=\"font-size: 14pt\"><strong>Une d\u00e9claration d\u2019utilit\u00e9 publique (DUP) pour conf\u00e9rer une l\u00e9gitimit\u00e9 au projet Cig\u00e9o<\/strong><\/span><\/p>\n<p style=\"text-align: justify\">La DUP est le premier acte officiel qui permet \u00e0 l\u2019Andra de passer de la phase exp\u00e9rimentale \u00e0 la r\u00e9alisation du projet. Un dossier de demande de DUP a \u00e9t\u00e9 d\u00e9pos\u00e9 par l\u2019Andra en ao\u00fbt 2020. Outre les caract\u00e9ristiques et implications techniques, environnementales et socio-\u00e9conomiques du projet, il comprend les avis des 24 collectivit\u00e9s concern\u00e9es. C\u2019est \u00e0 pr\u00e9sent l\u2019avis du public qui est sollicit\u00e9 : une enqu\u00eate publique, ouverte \u00e0 tous, a \u00e9t\u00e9 lanc\u00e9e le 15 septembre 2021 <sup><a href=\"#footnote_2_25210\" id=\"identifier_2_25210\" class=\"footnote-link footnote-identifier-link\" title=\"https:\/\/www.registre-numerique.fr\/dup-cigeo\">(2)<\/a><\/sup>, elle porte sur 114 communes environnantes et elle s\u2019ach\u00e8vera le 23 octobre 2021. C\u2019est une \u00e9tape indispensable \u00e0 franchir : lorsque la DUP est accord\u00e9e, l\u2019int\u00e9r\u00eat g\u00e9n\u00e9ral du projet et sa l\u00e9gitimit\u00e9 sont reconnus. <br \/>\nMais La DUP a aussi des effets concrets\u00a0: elle rend l\u00e9gales toute une s\u00e9rie de d\u00e9marches n\u00e9cessaires \u00e0 la r\u00e9alisation du projet\u00a0: modification des documents d\u2019urbanisme en vigueur, acquisitions fonci\u00e8res et le cas \u00e9<span class='tooltipsall tooltip_post_id_18357 classtoolTips220'>ch<\/span>\u00e9ant expropriations pour acqu\u00e9rir la ma\u00eetrise fonci\u00e8re des 665 ha en surface <sup><a href=\"#footnote_3_25210\" id=\"identifier_3_25210\" class=\"footnote-link footnote-identifier-link\" title=\"120 ha restent encore &agrave; acqu&eacute;rir\">(3)<\/a><\/sup> et 29 km\u00b2 de tr\u00e9fonds n\u00e9cessaires au projet Cig\u00e9o, ainsi que tous les am\u00e9nagements VRD <sup><a href=\"#footnote_4_25210\" id=\"identifier_4_25210\" class=\"footnote-link footnote-identifier-link\" title=\"voieries et r&eacute;seaux divers\">(4)<\/a><\/sup> n\u00e9cessaires.<\/p>\n<p><span style=\"font-size: 14pt\"><strong>La DUP n\u2019autorise pas de commencer les travaux.<\/strong><\/span><\/p>\n<p style=\"text-align: justify\">Si la DUP est obtenue, l\u2019Andra devra d\u00e9clencher une autre proc\u00e9dure afin obtenir un D\u00e9cret d&rsquo;Autorisation de Cr\u00e9ation (DAC). Un dossier de demande devra \u00eatre remis \u00e0 l\u2019<span class='tooltipsall tooltip_post_id_3650 classtoolTips163'>ASN<\/span> qui l\u2019instruira dans un d\u00e9lai de 3 \u00e0 5 ans et ce n\u2019est qu\u2019apr\u00e8s une nouvelle enqu\u00eate publique que le d\u00e9cret d\u2019autorisation de cr\u00e9ation pourra \u00eatre sign\u00e9&#8230;Si ce calendrier est tenu, Cig\u00e9o deviendrait op\u00e9rationnel au d\u00e9but des ann\u00e9es 2030.<\/p>\n<p><span style=\"font-size: 14pt\"><strong>Une enqu\u00eate publique contest\u00e9e<\/strong><\/span><\/p>\n<p style=\"text-align: justify\">Dans un contexte g\u00e9n\u00e9ral o\u00f9 les enqu\u00eates publiques sont de plus en plus contest\u00e9es, l\u2019enqu\u00eate DUP de Cig\u00e9o ne fait pas exception \u00e0 la r\u00e8gle. Les critiques ne sont pas seulement le fait des associations : 7 collectivit\u00e9s sur les 24 concern\u00e9es ont \u00e9mis un avis d\u00e9favorable, tandis que l\u2019Autorit\u00e9 environnementale (Ae) reprochait dans un avis tr\u00e8s critique des lacunes, dans la description du type de stockage, dans la justification du choix de la couche g\u00e9ologique, le mode de traitement des d\u00e9chets, l\u2019implantation des installations, l\u2019\u00e9volution dans le temps du site ! De leur c\u00f4t\u00e9 les associations parlent de \u00ab <em>simulation d\u2019exercice d\u00e9mocratique<\/em>\u00a0\u00bb et de \u00ab\u00a0<em>projet d\u00e9mentiel et impos\u00e9<\/em>\u00a0\u00bb <sup><a href=\"#footnote_5_25210\" id=\"identifier_5_25210\" class=\"footnote-link footnote-identifier-link\" title=\"Le Monde du 17 septembre 2021\">(5)<\/a><\/sup>, RSN <sup><a href=\"#footnote_6_25210\" id=\"identifier_6_25210\" class=\"footnote-link footnote-identifier-link\" title=\"R&eacute;seau sortir du Nucl&eacute;aire\">(6)<\/a><\/sup> appelle les citoyens \u00e0 s\u2019opposer au projet <em>\u00ab\u00a0Cette proc\u00e9dure officielle ne dupe personne\u00a0: pour les autorit\u00e9s comme pour l&rsquo;industrie nucl\u00e9aire, Cig\u00e9o doit avancer co\u00fbte que co\u00fbte, quelles que soient ses lacunes techniques\u00a0\u00bb\u00a0<\/em>et d\u00e9nonce une situation o\u00f9 les jeux sont d\u00e9j\u00e0 faits\u00a0: <em>\u00a0\u00ab\u00a0Quel sens a une consultation sur un projet d\u00e9j\u00e0 act\u00e9 et au dossier incomplet\u00a0?\u00a0\u00bb<\/em><\/p>\n<p><span style=\"font-size: 14pt\"><strong>L\u2019enfouissement en profondeur des d\u00e9chets ultimes\u00a0: une solution peu convaincante et dangereuse<\/strong><\/span><\/p>\n<p style=\"text-align: justify\"><strong><em><u>Stocamine<br \/>\n<\/u><\/em><\/strong>Alors que se d\u00e9roule l\u2019enqu\u00eate publique pr\u00e9alable \u00e0 la DUP de Cig\u00e9o, un autre site d\u2019enfouissement en profondeur fran\u00e7ais, donne bien des soucis aux autorit\u00e9s : il s\u2019agit du site Stocamine de Wittelsheim en Alsace. Il ne s\u2019agit pas de d\u00e9chets nucl\u00e9aires mais de d\u00e9chets chimiques, enfouis \u00e0 plus de 500 m de profondeur dans une ancienne mine de potasse : 42.000 tonnes de chrome, cadmium, cyanure, amiante et arsenic ! Ouvert en 2009, il a fonctionn\u00e9 pendant 3 ans avant qu\u2019un incendie ne contraigne l\u2019exploitant \u00e0 sa fermeture en 2002. Depuis les galeries bougent et se d\u00e9forment, tandis que des infiltrations d\u2019eau les sapent, ce qui rend quasi impossible l\u2019extraction des d\u00e9chets stock\u00e9s souhait\u00e9e par les \u00e9lus et responsables locaux qui d\u00e9noncent la conception et les conditions de r\u00e9alisation de ce projet. Selon Bruno Fuchs, d\u00e9put\u00e9 Modem de la 6<sup>\u00e8me<\/sup> circonscription du Haut Rhin\u00a0: \u00ab\u00a0<em>C\u2019est<\/em> <em>un cas d\u2019\u00e9cole de toutes les erreurs \u00e0 ne pas commettre dans la mise en \u0153uvre de ce genre de projet<\/em>. <em>A peu pr\u00e8s tous les experts qui ont \u00e9t\u00e9 consult\u00e9s \u00e0 l\u2019\u00e9poque ont donn\u00e9, de bonne foi ou non, des informations erron\u00e9es, ou qui se sont av\u00e9r\u00e9es erron\u00e9es.\u00a0\u00bb.<\/em><\/p>\n<p style=\"text-align: justify\">Les tentatives d\u2019extraire les d\u00e9chets stock\u00e9s ont \u00e9t\u00e9 abandonn\u00e9es compte tenu de la d\u00e9gradation du site et du co\u00fbt d\u2019une telle op\u00e9ration. C\u2019est pourquoi la ministre<em> de <\/em>la transition \u00e9cologique Barbara Pompili a confirm\u00e9, au grand dam des \u00e9lus locaux, la d\u00e9cision de confiner\u00a0 le centre d\u2019enfouissement en y laissant les d\u00e9chets.<br \/>\nLe risque majeur pr\u00e9sent\u00e9 par cette solution est la contamination de la nappe phr\u00e9atique alsacienne estim\u00e9e \u00e0 85 milliards de m3 qui alimente la France, l\u2019Allemagne et la Suisse. <br \/>\nLa ministre Pompili s\u2019est engag\u00e9e \u00e0 financer \u00e0 hauteur de 50 millions \u20ac un programme de protection de cette nappe <sup><a href=\"#footnote_7_25210\" id=\"identifier_7_25210\" class=\"footnote-link footnote-identifier-link\" title=\"Ndlr : les travaux d&rsquo;extractions des d&eacute;chets encore stock&eacute;s sont estim&eacute;s d&rsquo;un co&ucirc;t entre 230 &amp; 450 millions &euro; par les collectivit&eacute;s\">(7)<\/a><\/sup> . <br \/>\nCela n\u2019a pas convaincu les \u00e9lus locaux, c\u2019est pourquoi la Collectivit\u00e9 europ\u00e9enne d\u2019Alsace a d\u00e9pos\u00e9 le 10 septembre dernier, devant la cour administrative d\u2019appel de Nancy, une requ\u00eate en r\u00e9f\u00e9r\u00e9-suspension afin d&rsquo;\u00ab <em>emp\u00eacher les op\u00e9rations de confinement imminentes pr\u00e9vues sur le site de Stocamine<\/em> \u00bb.<\/p>\n<p style=\"text-align: justify\"><em><strong>Tout comme pour Cig\u00e9o,\u00a0 le projet Stocamine pr\u00e9voyait la r\u00e9versibilit\u00e9 du stockage et la possibilit\u00e9 d\u2019extraire les d\u00e9chets\u2026Allons recommencer les m\u00eames erreurs ?\u00a0<\/strong><\/em><\/p>\n<p style=\"text-align: justify\">Aux \u00c9tats-Unis l\u2019histoire des sites d\u2019enfouissement \u00a0r\u00e9v\u00e8le de nombreux incidents et accidents, ainsi :<\/p>\n<ul>\n<li style=\"text-align: justify\">WIPP (Nouveau-Mexique 2014) incendie \u00e0 650 m de profondeur cause inconnue, rejets radioactifs, personnel contamin\u00e9<\/li>\n<li style=\"text-align: justify\">Yucca Mountain projet suspendu en 2009 pour manque de garanties g\u00e9ologiques<\/li>\n<li style=\"text-align: justify\">Hanford 2014 un faille provoque l\u2019effondrement d\u2019un tunnel\u2026<\/li>\n<\/ul>\n<p style=\"text-align: justify\"><strong>En conclusion<\/strong> : les techniques d\u2019enfouissement en site profond sont loin d\u2019\u00eatre maitris\u00e9es. Les connaissances manquent tant en ce qui concerne l\u2019\u00e9volution g\u00e9ologique des sites, que les r\u00e9actions des mat\u00e9riaux stock\u00e9s. Une \u00e9tude de l\u2019universit\u00e9 de l\u2019Ohio, publi\u00e9e en janvier 2020 dans la revue \u00ab\u00a0Nature mat\u00e9rials\u00a0\u00bb, montre que les conditionnements, con\u00e7us en France et aux USA pour enfermer les d\u00e9chets nucl\u00e9aires tr\u00e8s radioactifs destin\u00e9s \u00e0 \u00eatre enfouis sous terre, pourraient de d\u00e9grader plus rapidement que pr\u00e9vu et provoquer des rejets radioactifs dans l\u2019environnement. Lorsque des infiltrations d\u2019eau arrivent en contact avec le verre des conditionnements, des interactions entre verre m\u00e9tal acc\u00e9l\u00e8rent la corrosion du conditionnement m\u00e9tallique qui devient hors de contr\u00f4le tandis que le verre se fragilise !<\/p>\n<p style=\"text-align: center\"><img data-recalc-dims=\"1\" loading=\"lazy\" decoding=\"async\" class=\" wp-image-25212 aligncenter\" src=\"https:\/\/i0.wp.com\/le-clairon-nouveau.fr\/wordpress\/wp-content\/uploads\/2021\/09\/dechets-nuke-Image-par-1tamara2-de-Pixabay.jpg?resize=398%2C378&#038;ssl=1\" alt=\"\" width=\"398\" height=\"378\" srcset=\"https:\/\/i0.wp.com\/le-clairon-nouveau.fr\/wordpress\/wp-content\/uploads\/2021\/09\/dechets-nuke-Image-par-1tamara2-de-Pixabay.jpg?resize=300%2C285&amp;ssl=1 300w, https:\/\/i0.wp.com\/le-clairon-nouveau.fr\/wordpress\/wp-content\/uploads\/2021\/09\/dechets-nuke-Image-par-1tamara2-de-Pixabay.jpg?resize=1024%2C971&amp;ssl=1 1024w, https:\/\/i0.wp.com\/le-clairon-nouveau.fr\/wordpress\/wp-content\/uploads\/2021\/09\/dechets-nuke-Image-par-1tamara2-de-Pixabay.jpg?resize=768%2C728&amp;ssl=1 768w, https:\/\/i0.wp.com\/le-clairon-nouveau.fr\/wordpress\/wp-content\/uploads\/2021\/09\/dechets-nuke-Image-par-1tamara2-de-Pixabay.jpg?w=1280&amp;ssl=1 1280w\" sizes=\"auto, (max-width: 398px) 100vw, 398px\" \/><span style=\"font-size: 8pt\"><strong><em>Quel futur\u00a0? Image par 1tamara2 de Pixabay.jpg<\/em><\/strong><\/span><\/p>\n<p style=\"text-align: justify\"><strong>Comment dans de tells conditions et avec des connaissances aussi incompl\u00e8tes, peut-on imaginer enfouir des mat\u00e9riaux hautement radioactifs qui perdureront des milliers d\u2019ann\u00e9es ? Leurs lieux et leurs conditions de stockage ne seront-ils pas oubli\u00e9s avec le temps qui passe ? Peut-on laisser un tel danger \u00e0 ceux qui nous suivent ?<\/strong><strong>\u00a0<\/strong><\/p>\n<p style=\"text-align: right\"><em>Curly Mac Toole pour le Clairon de l\u2019Atax le 19\/09\/2021<\/em><\/p>\n<p>&nbsp;<\/p>\n<p><strong>(*) \u00ab\u00a0<\/strong>Couvrez ce sein, que je ne saurais voir\u00a0\u00bb imitation parodique du<strong> \u00ab\u00a0<\/strong>Tartuffe de Moli\u00e8re\u00a0\u00bb<strong>, <\/strong>acte 3, sc\u00e8ne 2.<\/p>\n<script type=\"text\/javascript\"> var tt_store_content = \"\\<p style\\='text\\-align\\: center;'\\>\\<strong\\>Agence Nationale pour la gestion des D\u00e9chets RAdioactifs\\<\\\/strong\\>\\<\\\/p\\><br\/>\\<a href\\='https\\:\\\/\\\/fr\\.wikipedia\\.org\\\/wiki\\\/Agence_nationale_pour_la_gestion_des_d%C3%A9chets_radioactifs' target\\='_blank' rel\\='noopener'\\>Voir la fiche Wikipedia de l'ANDRA\\<\\\/a\\><br\/>\\<a href\\='http\\:\\\/\\\/www\\.andra\\.fr\\\/' target\\='_blank' rel\\='noopener'\\>Voir le site de l'agence\\<\\\/a\\>\"; toolTips('.classtoolTips79',tt_store_content,'3612'); <\/script><script type=\"text\/javascript\"> var tt_store_content = \"\\<p style\\='text\\-align\\: center;'\\>\\<strong\\>Centre Industriel de stockage GEOlogique\\<\\\/strong\\>\\<\\\/p\\><br\/>Projet fran\u00e7ais de centre de \\<strong\\>stockage\\<\\\/strong\\> des \\<strong\\>d\u00e9chets radioactifs\\<\\\/strong\\> en couche g\u00e9ologique profonde<br\/><br\/>\\<a href\\='https\\:\\\/\\\/fr\\.wikipedia\\.org\\\/wiki\\\/Cig%C3%A9o' target\\='_blank' rel\\='noopener'\\>Voir la fiche Wikipedia\\<\\\/a\\><br\/>\\<a href\\='http\\:\\\/\\\/cigeo\\.com\\\/' target\\='_blank' rel\\='noopener'\\>Voir le site du projet\\<\\\/a\\>\"; toolTips('.classtoolTips91',tt_store_content,'4298'); <\/script><script type=\"text\/javascript\"> var tt_store_content = \"\\<p\\>D\u00e9chets radioactifs de moyenne activit\u00e9 \u00e0 vie longue \\(classement ANDRA\\)\\<\\\/p\\>\"; toolTips('.classtoolTips99',tt_store_content,'19197'); <\/script><script type=\"text\/javascript\"> var tt_store_content = \"\\<p\\>D\u00e9chets radioactifs de moyenne activit\u00e9 \u00e0 vie longue \\(classement ANDRA\\)\\<\\\/p\\>\"; toolTips('.classtoolTips99',tt_store_content,'19197'); <\/script><script type=\"text\/javascript\"> var tt_store_content = \"\\<p style\\='text\\-align\\: center;'\\>\\<span style\\='font\\-size\\: 14pt;'\\>\\<strong\\>C\\<\\\/strong\\>r\u00e9dit d'Imp\u00f4t pour la \\<strong\\>C\\<\\\/strong\\>omp\u00e9titivit\u00e9 et l'\\<strong\\>E\\<\\\/strong\\>mploi\\<\\\/span\\>\\<\\\/p\\><br\/>\\<p style\\='text\\-align\\: justify;'\\>Mesure mise en place par le gouvernement de Jean\\-Marc Ayrault, en 2012 et entr\u00e9e en vigueur le 1\\<sup\\>er\\<\\\/sup\\> Janvier 2013, sous la pr\u00e9sidence de Fran\u00e7ois Hollande, visant \u00e0 soutenir les entreprises fran\u00e7aises par un all\u00e8gement des charges li\u00e9es aux salaires inf\u00e9rieurs \u00e0 2,5 SMIC\\. Le but de cette mesure, tr\u00e8s co\u00fbteuse pour la collectivit\u00e9 \\(13 mds \u20ac en 2013 et 20 mds&nbsp; \u20ac en 2014\\), \u00e9tait de dynamiser les embauches par les entreprises\\.<br\/>Dans les faits, elle aurait surtout servi aux entreprises \u00e0 reconstituer leurs marges et cela d'autant plus facilement qu'elle n'\u00e9tait assortie d'aucun contr\u00f4le du respect, par les entreprises, des conditions d'\u00e9ligibilit\u00e9\\.\\<\\\/p\\><br\/>\\<a href\\='https\\:\\\/\\\/fr\\.wikipedia\\.org\\\/wiki\\\/Cr%C3%A9dit_d%27imp%C3%B4t_pour_la_comp%C3%A9titivit%C3%A9_et_l%27emploi' target\\='_blank' rel\\='noopener'\\>Acc\u00e9der ici \u00e0 la fiche Wikipedia sur le <span class='tooltipsall tooltip_post_id_5648 classtoolTips102'>CICE<\/span>\\<\\\/a\\>\"; toolTips('.classtoolTips102',tt_store_content,'5648'); <\/script><script type=\"text\/javascript\"> var tt_store_content = \"Le <span class='tooltipsall tooltip_post_id_3743 classtoolTips128'>CIRC<\/span> est le&nbsp; \\<a href\\='https\\:\\\/\\\/fr\\.wikipedia\\.org\\\/wiki\\\/Centre_international_de_recherche_sur_le_cancer' target\\='_blank' rel\\='noopener'\\>Centre international de Recherche sur le Cancer\\<\\\/a\\>, cr\u00e9\u00e9 en 1965 par l\u2019\\<a href\\='https\\:\\\/\\\/fr\\.wikipedia\\.org\\\/wiki\\\/Organisation_mondiale_de_la_sant%C3%A9' target\\='_blank' rel\\='noopener'\\>Organisation Mondiale de la Sant\u00e9\\<\\\/a\\> \\(OMS\\) des \\<a href\\='https\\:\\\/\\\/fr\\.wikipedia\\.org\\\/wiki\\\/Organisation_des_Nations_unies' target\\='_blank' rel\\='noopener'\\>Nations Unies\\<\\\/a\\>\\.\"; toolTips('.classtoolTips128',tt_store_content,'3743'); <\/script><script type=\"text\/javascript\"> var tt_store_content = \"\\<p style\\='text\\-align\\: center;'\\>\\<strong\\>\\<span style\\='font\\-size\\: 14pt;'\\>S\\<\\\/span\\>\\<\\\/strong\\>\\<span style\\='font\\-size\\: 14pt;'\\>oci\u00e9t\u00e9 d'\\<strong\\>\u00c9\\<\\\/strong\\>conomie \\<strong\\>M\\<\\\/strong\\>ixte\\<\\\/span\\>\\<\\\/p\\><br\/>\\<p style\\='text\\-align\\: justify;'\\>En France, une soci\u00e9t\u00e9 d'\u00e9conomie mixte est une soci\u00e9t\u00e9 anonyme dont le capital est majoritairement d\u00e9tenu par une ou plusieurs personnes publiques \\(\u00e0 savoir l'\u00c9tat, une Collectivit\u00e9 territoriale, ou tout autre \u00c9tablissement public\\)\\. Cette participation majoritaire publique est plafonn\u00e9e \u00e0 85&nbsp;% du capital depuis la Loi du 2 janvier 2002\\. Au moins une personne priv\u00e9e doit participer au capital de la <span class='tooltipsall tooltip_post_id_7168 classtoolTips142'>SEM<\/span>, sachant qu'il peut s'agir d'une autre SEM\\.\\<\\\/p\\><br\/>\\<p style\\='text\\-align\\: justify;'\\>\\<strong\\>Le recours \u00e0 la SEM garantit\\<\\\/strong\\> \u00e0 la collectivit\u00e9 publique actionnaire et cocontractante \\<strong\\>la prise en compte effective de l'int\u00e9r\u00eat g\u00e9n\u00e9ral\\<\\\/strong\\> dans les objectifs de l'entreprise \\<strong\\>et la souplesse de la soci\u00e9t\u00e9 de droit priv\u00e9\\<\\\/strong\\>\\.\\<\\\/p\\><br\/>\\<em\\>\\<a href\\='https\\:\\\/\\\/fr\\.wikipedia\\.org\\\/wiki\\\/Soci%C3%A9t%C3%A9_d%27%C3%A9conomie_mixte' target\\='_blank' rel\\='noopener'\\>Voir ici la page Wikipedia consacr\u00e9e aux SEM\\<\\\/a\\> \\<\\\/em\\><br\/><br\/>&nbsp;\"; toolTips('.classtoolTips142',tt_store_content,'7168'); <\/script><script type=\"text\/javascript\"> var tt_store_content = \"\\<p style\\='text\\-align\\: center;'\\>\\<span style\\='font\\-size\\: 14pt;'\\>\\<strong\\>I\\<\\\/strong\\>mp\u00f4t sur la \\<strong\\>F\\<\\\/strong\\>ortune \\<strong\\>I\\<\\\/strong\\>mmobili\u00e8re\\<\\\/span\\>\\<\\\/p\\>\"; toolTips('.classtoolTips148',tt_store_content,'5643'); <\/script><script type=\"text\/javascript\"> var tt_store_content = \"\\<p style\\='text\\-align\\: center;'\\>\\<strong\\>Autorit\u00e9 de S\u00fbret\u00e9 Nucl\u00e9aire\\<\\\/strong\\>\\<\\\/p\\>\"; toolTips('.classtoolTips163',tt_store_content,'3650'); <\/script><script type=\"text\/javascript\"> var tt_store_content = \"\\<p style\\='text\\-align\\: justify'\\>La \u00ab\u00a0\\<b\\>programmation pluriannuelle de l'\u00e9nergie\\<\\\/b\\>\u00a0\u00bb \\(<span class='tooltipsall tooltip_post_id_7750 classtoolTips164'>PPE<\/span>\\) est, en France, un document strat\u00e9gique de pilotage de la transition \u00e9nerg\u00e9tique\\. Institu\u00e9e par l'article 176 de la \\<a title\\='Loi relative \u00e0 la transition \u00e9nerg\u00e9tique pour la croissance verte' href\\='https\\:\\\/\\\/fr\\.wikipedia\\.org\\\/wiki\\\/Loi_relative_%C3%A0_la_transition_%C3%A9nerg%C3%A9tique_pour_la_croissance_verte'\\>loi de transition \u00e9nerg\u00e9tique\\<\\\/a\\> \\(TECV\\), elle fixe une trajectoire pour le \\<a title\\='Mix \u00e9nerg\u00e9tique' href\\='https\\:\\\/\\\/fr\\.wikipedia\\.org\\\/wiki\\\/Mix_%C3%A9nerg%C3%A9tique'\\>mix \u00e9nerg\u00e9tique\\<\\\/a\\>, ainsi que \\<span class\\='citation'\\>\u00ab\u00a0les priorit\u00e9s d'action pour la gestion de l\u2019ensemble des formes d'\u00e9nergie sur le territoire m\u00e9tropolitain continental, afin d\u2019atteindre les objectifs nationaux fix\u00e9s par la loi\u00a0\u00bb\\<\\\/span\\>\\. \\(Wikip\u00e9dia\\)\\<\\\/p\\>\"; toolTips('.classtoolTips164',tt_store_content,'7750'); <\/script><script type=\"text\/javascript\"> var tt_store_content = \"\\<p style\\='text\\-align\\: justify'\\>La \u00ab\u00a0\\<b\\>programmation pluriannuelle de l'\u00e9nergie\\<\\\/b\\>\u00a0\u00bb \\(PPE\\) est, en France, un document strat\u00e9gique de pilotage de la transition \u00e9nerg\u00e9tique\\. Institu\u00e9e par l'article 176 de la \\<a title\\='Loi relative \u00e0 la transition \u00e9nerg\u00e9tique pour la croissance verte' href\\='https\\:\\\/\\\/fr\\.wikipedia\\.org\\\/wiki\\\/Loi_relative_%C3%A0_la_transition_%C3%A9nerg%C3%A9tique_pour_la_croissance_verte'\\>loi de transition \u00e9nerg\u00e9tique\\<\\\/a\\> \\(TECV\\), elle fixe une trajectoire pour le \\<a title\\='Mix \u00e9nerg\u00e9tique' href\\='https\\:\\\/\\\/fr\\.wikipedia\\.org\\\/wiki\\\/Mix_%C3%A9nerg%C3%A9tique'\\>mix \u00e9nerg\u00e9tique\\<\\\/a\\>, ainsi que \\<span class\\='citation'\\>\u00ab\u00a0les priorit\u00e9s d'action pour la gestion de l\u2019ensemble des formes d'\u00e9nergie sur le territoire m\u00e9tropolitain continental, afin d\u2019atteindre les objectifs nationaux fix\u00e9s par la loi\u00a0\u00bb\\<\\\/span\\>\\. \\(Wikip\u00e9dia\\)\\<\\\/p\\>\"; toolTips('.classtoolTips164',tt_store_content,'7750'); <\/script><script type=\"text\/javascript\"> var tt_store_content = \"\\<p style\\='text\\-align\\: justify;'\\>Le Conseil d'Orientation des Retraites est une instance qui r\u00e9unit &nbsp;\\<span class\\='st'\\>les principaux acteurs du champ des retraites\\<\\\/span\\> et effectue un travail d'\u00e9tudes et de concertation\\. Compos\u00e9 de parlementaires, de repr\u00e9sentants des organisations professionnelles et syndicales, des retrait\u00e9s et des familles, de membres de l'administration et d'experts, le Conseil d'orientation des retraites \\(<span class='tooltipsall tooltip_post_id_7751 classtoolTips165'>COR<\/span>\\) est plac\u00e9 aupr\u00e8s du Premier ministre\\.\\<\\\/p\\>\"; toolTips('.classtoolTips165',tt_store_content,'7751'); <\/script><script type=\"text\/javascript\"> var tt_store_content = \"Energies Renouvelables\"; toolTips('.classtoolTips167',tt_store_content,'7758'); <\/script><script type=\"text\/javascript\"> var tt_store_content = \"Energies Renouvelables\"; toolTips('.classtoolTips167',tt_store_content,'7758'); <\/script><script type=\"text\/javascript\"> var tt_store_content = \"\\<p style\\='text\\-align\\: center;'\\>\\<span style\\='font\\-size\\: 14pt;'\\>\\<strong\\>O\\<\\\/strong\\>rganisation \\<strong\\>M\\<\\\/strong\\>\u00e9t\u00e9orologique \\<strong\\>M\\<\\\/strong\\>ondiale<br\/>\\<strong\\>W\\<\\\/strong\\>orld \\<strong\\>M\\<\\\/strong\\>eteorological \\<strong\\>O\\<\\\/strong\\>rganization\\<\\\/span\\>\\<\\\/p\\><br\/>&nbsp;<br\/><br\/>\\<a href\\='https\\:\\\/\\\/public\\.wmo\\.int\\\/fr' target\\='_blank' rel\\='noopener'\\>\\<em\\>Acc\u00e9der ici au site de l'organisation\\<\\\/em\\>\\<\\\/a\\>\"; toolTips('.classtoolTips168',tt_store_content,'7763'); <\/script><script type=\"text\/javascript\"> var tt_store_content = \"\\<p style\\='text\\-align\\: center;'\\>\\<span style\\='font\\-size\\: 14pt;'\\>\\<strong\\>\u00c9\\<\\\/strong\\>cole \\<strong\\>N\\<\\\/strong\\>ationale d'\\<strong\\>A\\<\\\/strong\\>dministration\\<\\\/span\\>\\<\\\/p\\>\"; toolTips('.classtoolTips170',tt_store_content,'5213'); <\/script><script type=\"text\/javascript\"> var tt_store_content = \"\\<p style\\='text\\-align\\: center;'\\>\\<span style\\='font\\-size\\: 14pt;'\\>\\<strong\\>P\\<\\\/strong\\>\\<\\\/span\\>\\<span style\\='font\\-size\\: 14pt;'\\>lan \\<strong\\>L\\<\\\/strong\\>\\<\\\/span\\>\\<span style\\='font\\-size\\: 14pt;'\\>ocal d'\\<strong\\>U\\<\\\/strong\\>\\<\\\/span\\>\\<span style\\='font\\-size\\: 14pt;'\\>rbanisme\\<\\\/span\\>\\<\\\/p\\><br\/>&nbsp;\"; toolTips('.classtoolTips176',tt_store_content,'4979'); <\/script><script type=\"text\/javascript\"> var tt_store_content = \"\\<p\\>Conseil \u00c9conomique et Social\\<\\\/p\\>\"; toolTips('.classtoolTips180',tt_store_content,'29829'); <\/script><script type=\"text\/javascript\"> var tt_store_content = \"\\<p style\\='text\\-align\\: center;'\\>\\<span style\\='font\\-size\\: 14pt;'\\>\\<strong\\>A\\<\\\/strong\\>gence \\<strong\\>R\\<\\\/strong\\>\u00e9gionale de \\<strong\\>S\\<\\\/strong\\>ant\u00e9\\<\\\/span\\>\\<\\\/p\\>\"; toolTips('.classtoolTips188',tt_store_content,'18356'); <\/script><script type=\"text\/javascript\"> var tt_store_content = \"\\<p style\\='text\\-align\\: center;'\\>\\<span style\\='font\\-size\\: 14pt;'\\>\\<strong\\>G\\<\\\/strong\\>roupement \\<strong\\>H\\<\\\/strong\\>ospitalier de \\<strong\\>T\\<\\\/strong\\>erritoire\\<\\\/span\\>\\<\\\/p\\><br\/>\\<p style\\='text\\-align\\: justify;'\\>Les groupements hospitaliers de territoires, dispositif pr\u00e9vu par la loi de sant\u00e9 2016, sont un nouveau mode de coop\u00e9ration entre les \u00e9tablissements publics de sant\u00e9 \u00e0 l\u2019\u00e9chelle d\u2019un territoire\\<\\\/p\\>\"; toolTips('.classtoolTips189',tt_store_content,'18358'); <\/script><script type=\"text\/javascript\"> var tt_store_content = \"\\<p style\\='text\\-align\\: center;'\\>\\<span style\\='font\\-size\\: 14pt;'\\>\\<strong\\>C\\<\\\/strong\\>omit\u00e9 \\<strong\\>T\\<\\\/strong\\>echnique d'\\<strong\\>\u00c9\\<\\\/strong\\>tablissement\\<\\\/span\\>\\<\\\/p\\>\"; toolTips('.classtoolTips191',tt_store_content,'18359'); <\/script><script type=\"text\/javascript\"> var tt_store_content = \"\\<p style\\='text\\-align\\: center;'\\>\\<strong\\>\\<span style\\='font\\-size\\: 14pt;'\\>P\\<\\\/span\\>\\<\\\/strong\\>\\<span style\\='font\\-size\\: 14pt;'\\>rogrammation \\<strong\\>P\\<\\\/strong\\>luri\\-annuelle de l'\\<strong\\>\u00c9\\<\\\/strong\\>nergie\\<\\\/span\\>\\<\\\/p\\><br\/>La PPE est est en France un document strat\u00e9gique de pilotage de la transition \u00e9nerg\u00e9tique\\. Institu\u00e9e par l'article 176 de la loi transition \u00e9nerg\u00e9tique \\(TECV\\)\\. Elle fixe \\(par \u00e9nergie\\) une trajectoire pour le mix \u00e9nerg\u00e9tique, ainsi que \u00ab&nbsp;\\<em\\>les priorit\u00e9s d'action pour la gestion de l\u2019ensemble des formes d'\u00e9nergie sur le territoire m\u00e9tropolitain continental, afin d\u2019atteindre les objectifs nationaux fix\u00e9s par la loi\\<\\\/em\\>&nbsp;\u00bb\\.<br\/><br\/>Initi\u00e9e en 2016, elle est r\u00e9vis\u00e9e en 2018 puis ensuite tous les 5 ans\\.<br\/><br\/>\\<a href\\='https\\:\\\/\\\/fr\\.wikipedia\\.org\\\/wiki\\\/Programmation_pluriannuelle_de_l'\u00e9nergi' target\\='_blank' rel\\='noopener'\\>\\<em\\>Voir ici la page Wikipedia consacr\u00e9e \u00e0 la PPE\\<\\\/em\\>\\<\\\/a\\><br\/>\\<a href\\='https\\:\\\/\\\/ppe\\.debatpublic\\.fr\\\/' target\\='_blank' rel\\='noopener'\\>\\<em\\>Voir ici la page du site 'Commission du D\u00e9bat Public' consacr\u00e9e \u00e0 la PPE\\<\\\/em\\>\\<\\\/a\\>\"; toolTips('.classtoolTips193',tt_store_content,'7102'); <\/script><script type=\"text\/javascript\"> var tt_store_content = \"\\<p style\\='text\\-align\\: center;'\\>\\<span style\\='font\\-size\\: 14pt;'\\>\\<strong\\>E\\<\\\/strong\\>volutionary \\<strong\\>P\\<\\\/strong\\>ower \\<strong\\>R\\<\\\/strong\\>eactor\\<\\\/span\\>\\<\\\/p\\><br\/>\\<p style\\='text\\-align\\: justify;'\\>R\u00e9acteur nucl\u00e9aire de troisi\u00e8me g\u00e9n\u00e9ration \\(classification internationale\\), con\u00e7u et d\u00e9velopp\u00e9 par <span class='tooltipsall tooltip_post_id_5121 classtoolTips35'>Areva NP<\/span>&nbsp; au cours des ann\u00e9es 1990 et 2000\\. Il fait partie de la fili\u00e8re des r\u00e9acteurs \u00e0 eau pressuris\u00e9e\\.\\<\\\/p\\><br\/>\\<a href\\='https\\:\\\/\\\/fr\\.wikipedia\\.org\\\/wiki\\\/R%C3%A9acteur_pressuris%C3%A9_europ%C3%A9en' target\\='_blank' rel\\='noopener'\\>\\<em\\>Voir ici la fiche Wikipedia <span class='tooltipsall tooltip_post_id_5579 classtoolTips196'>EPR<\/span>\\<\\\/em\\>\\<\\\/a\\>\"; toolTips('.classtoolTips196',tt_store_content,'5579'); <\/script><script type=\"text\/javascript\"> var tt_store_content = \"\\<p style\\='text\\-align\\: center;'\\>\\<strong\\>R\\<\\\/strong\\>\u00e9seau \\<strong\\>A\\<\\\/strong\\>ction \\<strong\\>C\\<\\\/strong\\>limat\\<\\\/p\\><br\/>Le r\u00e9seau Action Climat '\\<em\\>f\u00e9d\u00e8re les associations impliqu\u00e9es dans la lutte contre les changements climatiques et pour une transition \u00e9cologique, solidaire et \u00e9quitable\\<\\\/em\\>'\\.<br\/><br\/>\\<a href\\='https\\:\\\/\\\/reseauactionclimat\\.org\\\/' target\\='_blank' rel\\='noopener'\\>Voir le site du <span class='tooltipsall tooltip_post_id_4309 classtoolTips200'>RAC<\/span>\\<\\\/a\\>\"; toolTips('.classtoolTips200',tt_store_content,'4309'); <\/script><script type=\"text\/javascript\"> var tt_store_content = \"\\<p\\><span class='tooltipsall tooltip_post_id_25844 classtoolTips208'>RTE<\/span> \\= R\u00e9seau de Transport d'Electricit\u00e9 est une filiale d'<span class='tooltipsall tooltip_post_id_7035 classtoolTips178'>EDF<\/span> qui est l'actionnaire majoritaire avec 50,1% des parts le reste \u00e9tant partag\u00e9 par la CDC et la CNP\\<\\\/p\\>\"; toolTips('.classtoolTips208',tt_store_content,'25844'); <\/script><script type=\"text\/javascript\"> var tt_store_content = \"\\<p style\\='text\\-align\\: center;'\\>\\<span style\\='font\\-size\\: 14pt;'\\>\\<strong\\>O\\<\\\/strong\\>rganisation\\<strong\\> N\\<\\\/strong\\>on\\<strong\\> G\\<\\\/strong\\>ouvernementale\\<\\\/span\\>\\<\\\/p\\><br\/>Une organisation non gouvernementale \\(<span class='tooltipsall tooltip_post_id_3579 classtoolTips210'>ONG<\/span>\\) est une \\<a title\\='Association \u00e0 but non lucratif' href\\='https\\:\\\/\\\/fr\\.wikipedia\\.org\\\/wiki\\\/Association_%C3%A0_but_non_lucratif' target\\='_blank' rel\\='noopener'\\>association \u00e0 but non lucratif\\<\\\/a\\>, d'int\u00e9r\u00eat public, qui ne rel\u00e8ve ni de l'\u00c9tat, ni d'institutions internationales\\<sup id\\='cite_ref\\-novethic_1\\-0' class\\='reference'\\>\\<\\\/sup\\>\\. Les ONG n'ont pas le statut de sujet de \\<a title\\='Droit international public' href\\='https\\:\\\/\\\/fr\\.wikipedia\\.org\\\/wiki\\\/Droit_international_public' target\\='_blank' rel\\='noopener'\\>droit international\\<\\\/a\\>\\.\"; toolTips('.classtoolTips210',tt_store_content,'3579'); <\/script><script type=\"text\/javascript\"> var tt_store_content = \"\\<p style\\='text\\-align\\: center;'\\>\\<span style\\='font\\-size\\: 14pt;'\\>\\<strong\\>O\\<\\\/strong\\>rganisation\\<strong\\> N\\<\\\/strong\\>on\\<strong\\> G\\<\\\/strong\\>ouvernementale\\<\\\/span\\>\\<\\\/p\\><br\/>Une organisation non gouvernementale \\(ONG\\) est une \\<a title\\='Association \u00e0 but non lucratif' href\\='https\\:\\\/\\\/fr\\.wikipedia\\.org\\\/wiki\\\/Association_%C3%A0_but_non_lucratif' target\\='_blank' rel\\='noopener'\\>association \u00e0 but non lucratif\\<\\\/a\\>, d'int\u00e9r\u00eat public, qui ne rel\u00e8ve ni de l'\u00c9tat, ni d'institutions internationales\\<sup id\\='cite_ref\\-novethic_1\\-0' class\\='reference'\\>\\<\\\/sup\\>\\. Les ONG n'ont pas le statut de sujet de \\<a title\\='Droit international public' href\\='https\\:\\\/\\\/fr\\.wikipedia\\.org\\\/wiki\\\/Droit_international_public' target\\='_blank' rel\\='noopener'\\>droit international\\<\\\/a\\>\\.\"; toolTips('.classtoolTips210',tt_store_content,'3579'); <\/script><script type=\"text\/javascript\"> var tt_store_content = \"\\<p\\><span class='tooltipsall tooltip_post_id_24572 classtoolTips211'>MIT<\/span> \\= Massachussets Institute of Technology, prestigieuse universit\u00e9 am\u00e9ricaine de la c\u00f4te est\\<\\\/p\\>\"; toolTips('.classtoolTips211',tt_store_content,'24572'); <\/script><script type=\"text\/javascript\"> var tt_store_content = \"\\<p style\\='text\\-align\\: center;'\\>\\<strong\\>J\\<\\\/strong\\>eux \\<strong\\>O\\<\\\/strong\\>lympiques<br\/>ou<br\/>\\<strong\\>J\\<\\\/strong\\>ournal \\<strong\\>O\\<\\\/strong\\>fficiel de la R\u00e9publique Fran\u00e7aise\\<\\\/p\\>\"; toolTips('.classtoolTips213',tt_store_content,'4451'); <\/script><script type=\"text\/javascript\"> var tt_store_content = \"\\<p\\><span class='tooltipsall tooltip_post_id_30593 classtoolTips214'>RN<\/span> \\= Rassemble National, c'est le parti d'extr\u00eame droite de Marine Le Pen qui succ\u00e8de au FN \\= Front National fond\u00e9 par son p\u00e8re Jean Marie Le Pen\\<\\\/p\\>\"; toolTips('.classtoolTips214',tt_store_content,'30593'); <\/script><script type=\"text\/javascript\"> var tt_store_content = \"\\<p\\><span class='tooltipsall tooltip_post_id_30594 classtoolTips215'>LR<\/span> \\= Les R\u00e9publicains, parti politique de droite fond\u00e9 par N; Sakozy qui succ\u00e8de en 2015 \u00e0 l'UMP, Union pour une Mouvement Populaire, fond\u00e9 en 2002 compos\u00e9 de conservateurs et de gaulistes\\.\\.\\.\\.\\<\\\/p\\>\"; toolTips('.classtoolTips215',tt_store_content,'30594'); <\/script><script type=\"text\/javascript\"> var tt_store_content = \"\\<p style\\='text\\-align\\: center;'\\>\\<span style\\='font\\-size\\: 14pt;'\\>\\<strong\\>C\\<\\\/strong\\>entre \\<strong\\>H\\<\\\/strong\\>ospitalier\\<\\\/span\\>\\<\\\/p\\>\"; toolTips('.classtoolTips220',tt_store_content,'18357'); <\/script><script type=\"text\/javascript\"> var tt_store_content = \"\\<p\\>D\u00e9chets radioactifs \u00e0 Haute Activit\u00e9 \\(classement ANDRA\\)\\<\\\/p\\>\"; toolTips('.classtoolTips223',tt_store_content,'19196'); <\/script>_______________________<br>Notes<ol class=\"footnotes\"><li id=\"footnote_1_25210\" class=\"footnote\">acronyme de centre industriel de stockage g\u00e9ologique<span class=\"footnote-back-link-wrapper\">[<a href=\"#identifier_1_25210\" class=\"footnote-link footnote-back-link\">&#8617;<\/a>]<\/span><\/li><li id=\"footnote_2_25210\" class=\"footnote\">https:\/\/www.registre-numerique.fr\/dup-cigeo<span class=\"footnote-back-link-wrapper\">[<a href=\"#identifier_2_25210\" class=\"footnote-link footnote-back-link\">&#8617;<\/a>]<\/span><\/li><li id=\"footnote_3_25210\" class=\"footnote\">120 ha restent encore \u00e0 acqu\u00e9rir<span class=\"footnote-back-link-wrapper\">[<a href=\"#identifier_3_25210\" class=\"footnote-link footnote-back-link\">&#8617;<\/a>]<\/span><\/li><li id=\"footnote_4_25210\" class=\"footnote\">voieries et r\u00e9seaux divers<span class=\"footnote-back-link-wrapper\">[<a href=\"#identifier_4_25210\" class=\"footnote-link footnote-back-link\">&#8617;<\/a>]<\/span><\/li><li id=\"footnote_5_25210\" class=\"footnote\">Le Monde du 17 septembre 2021<span class=\"footnote-back-link-wrapper\">[<a href=\"#identifier_5_25210\" class=\"footnote-link footnote-back-link\">&#8617;<\/a>]<\/span><\/li><li id=\"footnote_6_25210\" class=\"footnote\">R\u00e9seau sortir du Nucl\u00e9aire<span class=\"footnote-back-link-wrapper\">[<a href=\"#identifier_6_25210\" class=\"footnote-link footnote-back-link\">&#8617;<\/a>]<\/span><\/li><li id=\"footnote_7_25210\" class=\"footnote\"> Ndlr : les travaux d\u2019extractions des d\u00e9chets encore stock\u00e9s sont estim\u00e9s d\u2019un co\u00fbt entre 230 &amp; 450 millions \u20ac par les collectivit\u00e9s<span class=\"footnote-back-link-wrapper\">[<a href=\"#identifier_7_25210\" class=\"footnote-link footnote-back-link\">&#8617;<\/a>]<\/span><\/li><\/ol>_______________________","protected":false},"excerpt":{"rendered":"<p>La France d\u00e9tient apr\u00e8s le Japon le record de densit\u00e9 de r\u00e9acteurs nucl\u00e9aires au Km\u00b2. Depuis 1963 <span class='tooltipsall tooltip_post_id_29829 classtoolTips180'>ces<\/span> r\u00e9acteurs produisent des d\u00e9chets de moyenne activit\u00e9 \u00e0 vie longue (<span class='tooltipsall tooltip_post_id_19197 classtoolTips99'>MA-VL<\/span>) et de haute activit\u00e9 \u00e0 vie longue (<span class='tooltipsall tooltip_post_id_19196 classtoolTips223'>HA<\/span>-VL). Ces d\u00e9chets ont \u00e9t\u00e9 entrepos\u00e9s dans des sites provisoires ; \u00e0 ce jour aucune solution de stockage d\u00e9finitif s\u00fbre et efficace n\u2019a \u00e9t\u00e9 trouv\u00e9e. <script type=\"text\/javascript\"> var tt_store_content = \"\\<\/p>\n<p style\\='text\\-align\\: center;'\\>\\<strong\\>Agence Nationale pour la gestion des D\u00e9chets RAdioactifs\\<\\\/strong\\>\\<\\\/p\\><br \/>\\<a href\\='https\\:\\\/\\\/fr\\.wikipedia\\.org\\\/wiki\\\/Agence_nationale_pour_la_gestion_des_d%C3%A9chets_radioactifs' target\\='_blank' rel\\='noopener'\\>Voir la fiche Wikipedia de l'<span class='tooltipsall tooltip_post_id_3612 classtoolTips79'>ANDRA<\/span>\\<\\\/a\\><br \/>\\<a href\\='http\\:\\\/\\\/www\\.andra\\.fr\\\/' target\\='_blank' rel\\='noopener'\\>Voir le site de l'agence\\<\\\/a\\>\"; toolTips('.classtoolTips79',tt_store_content,'3612'); <\/script><script type=\"text\/javascript\"> var tt_store_content = \"\\<\/p>\n<p style\\='text\\-align\\: center;'\\>\\<strong\\>Centre Industriel de stockage GEOlogique\\<\\\/strong\\>\\<\\\/p\\><br \/>Projet fran\u00e7ais de centre de \\<strong\\>stockage\\<\\\/strong\\> des \\<strong\\>d\u00e9chets radioactifs\\<\\\/strong\\> en couche g\u00e9ologique profonde<\/p>\n<p>\\<a href\\='https\\:\\\/\\\/fr\\.wikipedia\\.org\\\/wiki\\\/Cig%C3%A9o' target\\='_blank' rel\\='noopener'\\>Voir la fiche Wikipedia\\<\\\/a\\><br \/>\\<a href\\='http\\:\\\/\\\/cigeo\\.com\\\/' target\\='_blank' rel\\='noopener'\\>Voir le site du projet\\<\\\/a\\>\"; toolTips('.classtoolTips91',tt_store_content,'4298'); <\/script><script type=\"text\/javascript\"> var tt_store_content = \"\\<p\\>D\u00e9chets radioactifs de moyenne activit\u00e9 \u00e0 vie longue \\(classement ANDRA\\)\\<\\\/p\\>\"; toolTips('.classtoolTips99',tt_store_content,'19197'); <\/script><script type=\"text\/javascript\"> var tt_store_content = \"\\<p\\>D\u00e9chets radioactifs de moyenne activit\u00e9 \u00e0 vie longue \\(classement ANDRA\\)\\<\\\/p\\>\"; toolTips('.classtoolTips99',tt_store_content,'19197'); <\/script><script type=\"text\/javascript\"> var tt_store_content = \"\\<\/p>\n<p style\\='text\\-align\\: center;'\\>\\<span style\\='font\\-size\\: 14pt;'\\>\\<strong\\>C\\<\\\/strong\\>r\u00e9dit d'Imp\u00f4t pour la \\<strong\\>C\\<\\\/strong\\>omp\u00e9titivit\u00e9 et l'\\<strong\\>E\\<\\\/strong\\>mploi\\<\\\/span\\>\\<\\\/p\\><br \/>\\<\/p>\n<p style\\='text\\-align\\: justify;'\\>Mesure mise en place par le gouvernement de Jean\\-Marc Ayrault, en 2012 et entr\u00e9e en vigueur le 1\\<sup\\>er\\<\\\/sup\\> Janvier 2013, sous la pr\u00e9sidence de Fran\u00e7ois Hollande, visant \u00e0 soutenir les entreprises fran\u00e7aises par un all\u00e8gement des charges li\u00e9es aux salaires inf\u00e9rieurs \u00e0 2,5 SMIC\\. Le but de cette mesure, tr\u00e8s co\u00fbteuse pour la collectivit\u00e9 \\(13 mds \u20ac en 2013 et 20 mds&nbsp; \u20ac en 2014\\), \u00e9tait de dynamiser les embauches par les entreprises\\.<br \/>Dans les faits, elle aurait surtout servi aux entreprises \u00e0 reconstituer leurs marges et cela d'autant plus facilement qu'elle n'\u00e9tait assortie d'aucun contr\u00f4le du respect, par les entreprises, des conditions d'\u00e9ligibilit\u00e9\\.\\<\\\/p\\><br \/>\\<a href\\='https\\:\\\/\\\/fr\\.wikipedia\\.org\\\/wiki\\\/Cr%C3%A9dit_d%27imp%C3%B4t_pour_la_comp%C3%A9titivit%C3%A9_et_l%27emploi' target\\='_blank' rel\\='noopener'\\>Acc\u00e9der ici \u00e0 la fiche Wikipedia sur le <span class='tooltipsall tooltip_post_id_5648 classtoolTips102'>CICE<\/span>\\<\\\/a\\>\"; toolTips('.classtoolTips102',tt_store_content,'5648'); <\/script><script type=\"text\/javascript\"> var tt_store_content = \"Le <span class='tooltipsall tooltip_post_id_3743 classtoolTips128'>CIRC<\/span> est le&nbsp; \\<a href\\='https\\:\\\/\\\/fr\\.wikipedia\\.org\\\/wiki\\\/Centre_international_de_recherche_sur_le_cancer' target\\='_blank' rel\\='noopener'\\>Centre international de Recherche sur le Cancer\\<\\\/a\\>, cr\u00e9\u00e9 en 1965 par l\u2019\\<a href\\='https\\:\\\/\\\/fr\\.wikipedia\\.org\\\/wiki\\\/Organisation_mondiale_de_la_sant%C3%A9' target\\='_blank' rel\\='noopener'\\>Organisation Mondiale de la Sant\u00e9\\<\\\/a\\> \\(OMS\\) des \\<a href\\='https\\:\\\/\\\/fr\\.wikipedia\\.org\\\/wiki\\\/Organisation_des_Nations_unies' target\\='_blank' rel\\='noopener'\\>Nations Unies\\<\\\/a\\>\\.\"; toolTips('.classtoolTips128',tt_store_content,'3743'); <\/script><script type=\"text\/javascript\"> var tt_store_content = \"\\<\/p>\n<p style\\='text\\-align\\: center;'\\>\\<strong\\>\\<span style\\='font\\-size\\: 14pt;'\\>S\\<\\\/span\\>\\<\\\/strong\\>\\<span style\\='font\\-size\\: 14pt;'\\>oci\u00e9t\u00e9 d'\\<strong\\>\u00c9\\<\\\/strong\\>conomie \\<strong\\>M\\<\\\/strong\\>ixte\\<\\\/span\\>\\<\\\/p\\><br \/>\\<\/p>\n<p style\\='text\\-align\\: justify;'\\>En France, une soci\u00e9t\u00e9 d'\u00e9conomie mixte est une soci\u00e9t\u00e9 anonyme dont le capital est majoritairement d\u00e9tenu par une ou plusieurs personnes publiques \\(\u00e0 savoir l'\u00c9tat, une Collectivit\u00e9 territoriale, ou tout autre \u00c9tablissement public\\)\\. Cette participation majoritaire publique est plafonn\u00e9e \u00e0 85&nbsp;% du capital depuis la Loi du 2 janvier 2002\\. Au moins une personne priv\u00e9e doit participer au capital de la <span class='tooltipsall tooltip_post_id_7168 classtoolTips142'>SEM<\/span>, sachant qu'il peut s'agir d'une autre SEM\\.\\<\\\/p\\><br \/>\\<\/p>\n<p style\\='text\\-align\\: justify;'\\>\\<strong\\>Le recours \u00e0 la SEM garantit\\<\\\/strong\\> \u00e0 la collectivit\u00e9 publique actionnaire et cocontractante \\<strong\\>la prise en compte effective de l'int\u00e9r\u00eat g\u00e9n\u00e9ral\\<\\\/strong\\> dans les objectifs de l'entreprise \\<strong\\>et la souplesse de la soci\u00e9t\u00e9 de droit priv\u00e9\\<\\\/strong\\>\\.\\<\\\/p\\><br \/>\\<em\\>\\<a href\\='https\\:\\\/\\\/fr\\.wikipedia\\.org\\\/wiki\\\/Soci%C3%A9t%C3%A9_d%27%C3%A9conomie_mixte' target\\='_blank' rel\\='noopener'\\>Voir ici la page Wikipedia consacr\u00e9e aux SEM\\<\\\/a\\> \\<\\\/em\\><\/p>\n<p>&nbsp;\"; toolTips('.classtoolTips142',tt_store_content,'7168'); <\/script><script type=\"text\/javascript\"> var tt_store_content = \"\\<\/p>\n<p style\\='text\\-align\\: center;'\\>\\<span style\\='font\\-size\\: 14pt;'\\>\\<strong\\>I\\<\\\/strong\\>mp\u00f4t sur la \\<strong\\>F\\<\\\/strong\\>ortune \\<strong\\>I\\<\\\/strong\\>mmobili\u00e8re\\<\\\/span\\>\\<\\\/p\\>\"; toolTips('.classtoolTips148',tt_store_content,'5643'); <\/script><script type=\"text\/javascript\"> var tt_store_content = \"\\<\/p>\n<p style\\='text\\-align\\: center;'\\>\\<strong\\>Autorit\u00e9 de S\u00fbret\u00e9 Nucl\u00e9aire\\<\\\/strong\\>\\<\\\/p\\>\"; toolTips('.classtoolTips163',tt_store_content,'3650'); <\/script><script type=\"text\/javascript\"> var tt_store_content = \"\\<\/p>\n<p style\\='text\\-align\\: justify'\\>La \u00ab\u00a0\\<b\\>programmation pluriannuelle de l'\u00e9nergie\\<\\\/b\\>\u00a0\u00bb \\(<span class='tooltipsall tooltip_post_id_7750 classtoolTips164'>PPE<\/span>\\) est, en France, un document strat\u00e9gique de pilotage de la transition \u00e9nerg\u00e9tique\\. Institu\u00e9e par l'article 176 de la \\<a title\\='Loi relative \u00e0 la transition \u00e9nerg\u00e9tique pour la croissance verte' href\\='https\\:\\\/\\\/fr\\.wikipedia\\.org\\\/wiki\\\/Loi_relative_%C3%A0_la_transition_%C3%A9nerg%C3%A9tique_pour_la_croissance_verte'\\>loi de transition \u00e9nerg\u00e9tique\\<\\\/a\\> \\(TECV\\), elle fixe une trajectoire pour le \\<a title\\='Mix \u00e9nerg\u00e9tique' href\\='https\\:\\\/\\\/fr\\.wikipedia\\.org\\\/wiki\\\/Mix_%C3%A9nerg%C3%A9tique'\\>mix \u00e9nerg\u00e9tique\\<\\\/a\\>, ainsi que \\<span class\\='citation'\\>\u00ab\u00a0les priorit\u00e9s d'action pour la gestion de l\u2019ensemble des formes d'\u00e9nergie sur le territoire m\u00e9tropolitain continental, afin d\u2019atteindre les objectifs nationaux fix\u00e9s par la loi\u00a0\u00bb\\<\\\/span\\>\\. \\(Wikip\u00e9dia\\)\\<\\\/p\\>\"; toolTips('.classtoolTips164',tt_store_content,'7750'); <\/script><script type=\"text\/javascript\"> var tt_store_content = \"\\<\/p>\n<p style\\='text\\-align\\: justify'\\>La \u00ab\u00a0\\<b\\>programmation pluriannuelle de l'\u00e9nergie\\<\\\/b\\>\u00a0\u00bb \\(PPE\\) est, en France, un document strat\u00e9gique de pilotage de la transition \u00e9nerg\u00e9tique\\. Institu\u00e9e par l'article 176 de la \\<a title\\='Loi relative \u00e0 la transition \u00e9nerg\u00e9tique pour la croissance verte' href\\='https\\:\\\/\\\/fr\\.wikipedia\\.org\\\/wiki\\\/Loi_relative_%C3%A0_la_transition_%C3%A9nerg%C3%A9tique_pour_la_croissance_verte'\\>loi de transition \u00e9nerg\u00e9tique\\<\\\/a\\> \\(TECV\\), elle fixe une trajectoire pour le \\<a title\\='Mix \u00e9nerg\u00e9tique' href\\='https\\:\\\/\\\/fr\\.wikipedia\\.org\\\/wiki\\\/Mix_%C3%A9nerg%C3%A9tique'\\>mix \u00e9nerg\u00e9tique\\<\\\/a\\>, ainsi que \\<span class\\='citation'\\>\u00ab\u00a0les priorit\u00e9s d'action pour la gestion de l\u2019ensemble des formes d'\u00e9nergie sur le territoire m\u00e9tropolitain continental, afin d\u2019atteindre les objectifs nationaux fix\u00e9s par la loi\u00a0\u00bb\\<\\\/span\\>\\. \\(Wikip\u00e9dia\\)\\<\\\/p\\>\"; toolTips('.classtoolTips164',tt_store_content,'7750'); <\/script><script type=\"text\/javascript\"> var tt_store_content = \"\\<\/p>\n<p style\\='text\\-align\\: justify;'\\>Le Conseil d'Orientation des Retraites est une instance qui r\u00e9unit &nbsp;\\<span class\\='st'\\>les principaux acteurs du champ des retraites\\<\\\/span\\> et effectue un travail d'\u00e9tudes et de concertation\\. Compos\u00e9 de parlementaires, de repr\u00e9sentants des organisations professionnelles et syndicales, des retrait\u00e9s et des familles, de membres de l'administration et d'experts, le Conseil d'orientation des retraites \\(<span class='tooltipsall tooltip_post_id_7751 classtoolTips165'>COR<\/span>\\) est plac\u00e9 aupr\u00e8s du Premier ministre\\.\\<\\\/p\\>\"; toolTips('.classtoolTips165',tt_store_content,'7751'); <\/script><script type=\"text\/javascript\"> var tt_store_content = \"Energies Renouvelables\"; toolTips('.classtoolTips167',tt_store_content,'7758'); <\/script><script type=\"text\/javascript\"> var tt_store_content = \"Energies Renouvelables\"; toolTips('.classtoolTips167',tt_store_content,'7758'); <\/script><script type=\"text\/javascript\"> var tt_store_content = \"\\<\/p>\n<p style\\='text\\-align\\: center;'\\>\\<span style\\='font\\-size\\: 14pt;'\\>\\<strong\\>O\\<\\\/strong\\>rganisation \\<strong\\>M\\<\\\/strong\\>\u00e9t\u00e9orologique \\<strong\\>M\\<\\\/strong\\>ondiale<br \/>\\<strong\\>W\\<\\\/strong\\>orld \\<strong\\>M\\<\\\/strong\\>eteorological \\<strong\\>O\\<\\\/strong\\>rganization\\<\\\/span\\>\\<\\\/p\\><br \/>&nbsp;<\/p>\n<p>\\<a href\\='https\\:\\\/\\\/public\\.wmo\\.int\\\/fr' target\\='_blank' rel\\='noopener'\\>\\<em\\>Acc\u00e9der ici au site de l'organisation\\<\\\/em\\>\\<\\\/a\\>\"; toolTips('.classtoolTips168',tt_store_content,'7763'); <\/script><script type=\"text\/javascript\"> var tt_store_content = \"\\<\/p>\n<p style\\='text\\-align\\: center;'\\>\\<span style\\='font\\-size\\: 14pt;'\\>\\<strong\\>\u00c9\\<\\\/strong\\>cole \\<strong\\>N\\<\\\/strong\\>ationale d'\\<strong\\>A\\<\\\/strong\\>dministration\\<\\\/span\\>\\<\\\/p\\>\"; toolTips('.classtoolTips170',tt_store_content,'5213'); <\/script><script type=\"text\/javascript\"> var tt_store_content = \"\\<\/p>\n<p style\\='text\\-align\\: center;'\\>\\<span style\\='font\\-size\\: 14pt;'\\>\\<strong\\>P\\<\\\/strong\\>\\<\\\/span\\>\\<span style\\='font\\-size\\: 14pt;'\\>lan \\<strong\\>L\\<\\\/strong\\>\\<\\\/span\\>\\<span style\\='font\\-size\\: 14pt;'\\>ocal d'\\<strong\\>U\\<\\\/strong\\>\\<\\\/span\\>\\<span style\\='font\\-size\\: 14pt;'\\>rbanisme\\<\\\/span\\>\\<\\\/p\\><br \/>&nbsp;\"; toolTips('.classtoolTips176',tt_store_content,'4979'); <\/script><script type=\"text\/javascript\"> var tt_store_content = \"\\<p\\>Conseil \u00c9conomique et Social\\<\\\/p\\>\"; toolTips('.classtoolTips180',tt_store_content,'29829'); <\/script><script type=\"text\/javascript\"> var tt_store_content = \"\\<\/p>\n<p style\\='text\\-align\\: center;'\\>\\<span style\\='font\\-size\\: 14pt;'\\>\\<strong\\>A\\<\\\/strong\\>gence \\<strong\\>R\\<\\\/strong\\>\u00e9gionale de \\<strong\\>S\\<\\\/strong\\>ant\u00e9\\<\\\/span\\>\\<\\\/p\\>\"; toolTips('.classtoolTips188',tt_store_content,'18356'); <\/script><script type=\"text\/javascript\"> var tt_store_content = \"\\<\/p>\n<p style\\='text\\-align\\: center;'\\>\\<span style\\='font\\-size\\: 14pt;'\\>\\<strong\\>G\\<\\\/strong\\>roupement \\<strong\\>H\\<\\\/strong\\>ospitalier de \\<strong\\>T\\<\\\/strong\\>erritoire\\<\\\/span\\>\\<\\\/p\\><br \/>\\<\/p>\n<p style\\='text\\-align\\: justify;'\\>Les groupements hospitaliers de territoires, dispositif pr\u00e9vu par la loi de sant\u00e9 2016, sont un nouveau mode de coop\u00e9ration entre les \u00e9tablissements publics de sant\u00e9 \u00e0 l\u2019\u00e9chelle d\u2019un territoire\\<\\\/p\\>\"; toolTips('.classtoolTips189',tt_store_content,'18358'); <\/script><script type=\"text\/javascript\"> var tt_store_content = \"\\<\/p>\n<p style\\='text\\-align\\: center;'\\>\\<span style\\='font\\-size\\: 14pt;'\\>\\<strong\\>C\\<\\\/strong\\>omit\u00e9 \\<strong\\>T\\<\\\/strong\\>echnique d'\\<strong\\>\u00c9\\<\\\/strong\\>tablissement\\<\\\/span\\>\\<\\\/p\\>\"; toolTips('.classtoolTips191',tt_store_content,'18359'); <\/script><script type=\"text\/javascript\"> var tt_store_content = \"\\<\/p>\n<p style\\='text\\-align\\: center;'\\>\\<strong\\>\\<span style\\='font\\-size\\: 14pt;'\\>P\\<\\\/span\\>\\<\\\/strong\\>\\<span style\\='font\\-size\\: 14pt;'\\>rogrammation \\<strong\\>P\\<\\\/strong\\>luri\\-annuelle de l'\\<strong\\>\u00c9\\<\\\/strong\\>nergie\\<\\\/span\\>\\<\\\/p\\><br \/>La PPE est est en France un document strat\u00e9gique de pilotage de la transition \u00e9nerg\u00e9tique\\. Institu\u00e9e par l'article 176 de la loi transition \u00e9nerg\u00e9tique \\(TECV\\)\\. Elle fixe \\(par \u00e9nergie\\) une trajectoire pour le mix \u00e9nerg\u00e9tique, ainsi que \u00ab&nbsp;\\<em\\>les priorit\u00e9s d'action pour la gestion de l\u2019ensemble des formes d'\u00e9nergie sur le territoire m\u00e9tropolitain continental, afin d\u2019atteindre les objectifs nationaux fix\u00e9s par la loi\\<\\\/em\\>&nbsp;\u00bb\\.<\/p>\n<p>Initi\u00e9e en 2016, elle est r\u00e9vis\u00e9e en 2018 puis ensuite tous les 5 ans\\.<\/p>\n<p>\\<a href\\='https\\:\\\/\\\/fr\\.wikipedia\\.org\\\/wiki\\\/Programmation_pluriannuelle_de_l'\u00e9nergi' target\\='_blank' rel\\='noopener'\\>\\<em\\>Voir ici la page Wikipedia consacr\u00e9e \u00e0 la PPE\\<\\\/em\\>\\<\\\/a\\><br \/>\\<a href\\='https\\:\\\/\\\/ppe\\.debatpublic\\.fr\\\/' target\\='_blank' rel\\='noopener'\\>\\<em\\>Voir ici la page du site 'Commission du D\u00e9bat Public' consacr\u00e9e \u00e0 la PPE\\<\\\/em\\>\\<\\\/a\\>\"; toolTips('.classtoolTips193',tt_store_content,'7102'); <\/script><script type=\"text\/javascript\"> var tt_store_content = \"\\<\/p>\n<p style\\='text\\-align\\: center;'\\>\\<span style\\='font\\-size\\: 14pt;'\\>\\<strong\\>E\\<\\\/strong\\>volutionary \\<strong\\>P\\<\\\/strong\\>ower \\<strong\\>R\\<\\\/strong\\>eactor\\<\\\/span\\>\\<\\\/p\\><br \/>\\<\/p>\n<p style\\='text\\-align\\: justify;'\\>R\u00e9acteur nucl\u00e9aire de troisi\u00e8me g\u00e9n\u00e9ration \\(classification internationale\\), con\u00e7u et d\u00e9velopp\u00e9 par <span class='tooltipsall tooltip_post_id_5121 classtoolTips35'>Areva NP<\/span>&nbsp; au cours des ann\u00e9es 1990 et 2000\\. Il fait partie de la fili\u00e8re des r\u00e9acteurs \u00e0 eau pressuris\u00e9e\\.\\<\\\/p\\><br \/>\\<a href\\='https\\:\\\/\\\/fr\\.wikipedia\\.org\\\/wiki\\\/R%C3%A9acteur_pressuris%C3%A9_europ%C3%A9en' target\\='_blank' rel\\='noopener'\\>\\<em\\>Voir ici la fiche Wikipedia <span class='tooltipsall tooltip_post_id_5579 classtoolTips196'>EPR<\/span>\\<\\\/em\\>\\<\\\/a\\>\"; toolTips('.classtoolTips196',tt_store_content,'5579'); <\/script><script type=\"text\/javascript\"> var tt_store_content = \"\\<\/p>\n<p style\\='text\\-align\\: center;'\\>\\<strong\\>R\\<\\\/strong\\>\u00e9seau \\<strong\\>A\\<\\\/strong\\>ction \\<strong\\>C\\<\\\/strong\\>limat\\<\\\/p\\><br \/>Le r\u00e9seau Action Climat '\\<em\\>f\u00e9d\u00e8re les associations impliqu\u00e9es dans la lutte contre les changements climatiques et pour une transition \u00e9cologique, solidaire et \u00e9quitable\\<\\\/em\\>'\\.<\/p>\n<p>\\<a href\\='https\\:\\\/\\\/reseauactionclimat\\.org\\\/' target\\='_blank' rel\\='noopener'\\>Voir le site du <span class='tooltipsall tooltip_post_id_4309 classtoolTips200'>RAC<\/span>\\<\\\/a\\>\"; toolTips('.classtoolTips200',tt_store_content,'4309'); <\/script><script type=\"text\/javascript\"> var tt_store_content = \"\\<p\\><span class='tooltipsall tooltip_post_id_25844 classtoolTips208'>RTE<\/span> \\= R\u00e9seau de Transport d'Electricit\u00e9 est une filiale d'<span class='tooltipsall tooltip_post_id_7035 classtoolTips178'>EDF<\/span> qui est l'actionnaire majoritaire avec 50,1% des parts le reste \u00e9tant partag\u00e9 par la CDC et la CNP\\<\\\/p\\>\"; toolTips('.classtoolTips208',tt_store_content,'25844'); <\/script><script type=\"text\/javascript\"> var tt_store_content = \"\\<\/p>\n<p style\\='text\\-align\\: center;'\\>\\<span style\\='font\\-size\\: 14pt;'\\>\\<strong\\>O\\<\\\/strong\\>rganisation\\<strong\\> N\\<\\\/strong\\>on\\<strong\\> G\\<\\\/strong\\>ouvernementale\\<\\\/span\\>\\<\\\/p\\><br \/>Une organisation non gouvernementale \\(<span class='tooltipsall tooltip_post_id_3579 classtoolTips210'>ONG<\/span>\\) est une \\<a title\\='Association \u00e0 but non lucratif' href\\='https\\:\\\/\\\/fr\\.wikipedia\\.org\\\/wiki\\\/Association_%C3%A0_but_non_lucratif' target\\='_blank' rel\\='noopener'\\>association \u00e0 but non lucratif\\<\\\/a\\>, d'int\u00e9r\u00eat public, qui ne rel\u00e8ve ni de l'\u00c9tat, ni d'institutions internationales\\<sup id\\='cite_ref\\-novethic_1\\-0' class\\='reference'\\>\\<\\\/sup\\>\\. Les ONG n'ont pas le statut de sujet de \\<a title\\='Droit international public' href\\='https\\:\\\/\\\/fr\\.wikipedia\\.org\\\/wiki\\\/Droit_international_public' target\\='_blank' rel\\='noopener'\\>droit international\\<\\\/a\\>\\.\"; toolTips('.classtoolTips210',tt_store_content,'3579'); <\/script><script type=\"text\/javascript\"> var tt_store_content = \"\\<\/p>\n<p style\\='text\\-align\\: center;'\\>\\<span style\\='font\\-size\\: 14pt;'\\>\\<strong\\>O\\<\\\/strong\\>rganisation\\<strong\\> N\\<\\\/strong\\>on\\<strong\\> G\\<\\\/strong\\>ouvernementale\\<\\\/span\\>\\<\\\/p\\><br \/>Une organisation non gouvernementale \\(ONG\\) est une \\<a title\\='Association \u00e0 but non lucratif' href\\='https\\:\\\/\\\/fr\\.wikipedia\\.org\\\/wiki\\\/Association_%C3%A0_but_non_lucratif' target\\='_blank' rel\\='noopener'\\>association \u00e0 but non lucratif\\<\\\/a\\>, d'int\u00e9r\u00eat public, qui ne rel\u00e8ve ni de l'\u00c9tat, ni d'institutions internationales\\<sup id\\='cite_ref\\-novethic_1\\-0' class\\='reference'\\>\\<\\\/sup\\>\\. Les ONG n'ont pas le statut de sujet de \\<a title\\='Droit international public' href\\='https\\:\\\/\\\/fr\\.wikipedia\\.org\\\/wiki\\\/Droit_international_public' target\\='_blank' rel\\='noopener'\\>droit international\\<\\\/a\\>\\.\"; toolTips('.classtoolTips210',tt_store_content,'3579'); <\/script><script type=\"text\/javascript\"> var tt_store_content = \"\\<p\\><span class='tooltipsall tooltip_post_id_24572 classtoolTips211'>MIT<\/span> \\= Massachussets Institute of Technology, prestigieuse universit\u00e9 am\u00e9ricaine de la c\u00f4te est\\<\\\/p\\>\"; toolTips('.classtoolTips211',tt_store_content,'24572'); <\/script><script type=\"text\/javascript\"> var tt_store_content = \"\\<\/p>\n<p style\\='text\\-align\\: center;'\\>\\<strong\\>J\\<\\\/strong\\>eux \\<strong\\>O\\<\\\/strong\\>lympiques<br \/>ou<br \/>\\<strong\\>J\\<\\\/strong\\>ournal \\<strong\\>O\\<\\\/strong\\>fficiel de la R\u00e9publique Fran\u00e7aise\\<\\\/p\\>\"; toolTips('.classtoolTips213',tt_store_content,'4451'); <\/script><script type=\"text\/javascript\"> var tt_store_content = \"\\<p\\><span class='tooltipsall tooltip_post_id_30593 classtoolTips214'>RN<\/span> \\= Rassemble National, c'est le parti d'extr\u00eame droite de Marine Le Pen qui succ\u00e8de au FN \\= Front National fond\u00e9 par son p\u00e8re Jean Marie Le Pen\\<\\\/p\\>\"; toolTips('.classtoolTips214',tt_store_content,'30593'); <\/script><script type=\"text\/javascript\"> var tt_store_content = \"\\<p\\><span class='tooltipsall tooltip_post_id_30594 classtoolTips215'>LR<\/span> \\= Les R\u00e9publicains, parti politique de droite fond\u00e9 par N; Sakozy qui succ\u00e8de en 2015 \u00e0 l'UMP, Union pour une Mouvement Populaire, fond\u00e9 en 2002 compos\u00e9 de conservateurs et de gaulistes\\.\\.\\.\\.\\<\\\/p\\>\"; toolTips('.classtoolTips215',tt_store_content,'30594'); <\/script><script type=\"text\/javascript\"> var tt_store_content = \"\\<\/p>\n<p style\\='text\\-align\\: center;'\\>\\<span style\\='font\\-size\\: 14pt;'\\>\\<strong\\>C\\<\\\/strong\\>entre \\<strong\\>H\\<\\\/strong\\>ospitalier\\<\\\/span\\>\\<\\\/p\\>\"; toolTips('.classtoolTips220',tt_store_content,'18357'); <\/script><script type=\"text\/javascript\"> var tt_store_content = \"\\<p\\>D\u00e9chets radioactifs \u00e0 Haute Activit\u00e9 \\(classement ANDRA\\)\\<\\\/p\\>\"; toolTips('.classtoolTips223',tt_store_content,'19196'); <\/script><\/p>\n","protected":false},"author":5,"featured_media":0,"comment_status":"open","ping_status":"open","sticky":false,"template":"","format":"standard","meta":{"_acf_changed":false,"ngg_post_thumbnail":0,"_jetpack_memberships_contains_paid_content":false,"footnotes":""},"categories":[6,9,28,19,27],"tags":[],"coauthors":[18],"class_list":["post-25210","post","type-post","status-publish","format-standard","hentry","category-actu","category-actu_gen","category-rub_env","category-rub_env_nucl","category-rub","edition-edi_00079","type_art-type_art_article","dossier-dossiers_nucleaire_desastre","no-thumb"],"acf":[],"jetpack_featured_media_url":"","jetpack_sharing_enabled":true,"jetpack_shortlink":"https:\/\/wp.me\/p9B5TM-6yC","_links":{"self":[{"href":"https:\/\/le-clairon-nouveau.fr\/wordpress\/wp-json\/wp\/v2\/posts\/25210","targetHints":{"allow":["GET"]}}],"collection":[{"href":"https:\/\/le-clairon-nouveau.fr\/wordpress\/wp-json\/wp\/v2\/posts"}],"about":[{"href":"https:\/\/le-clairon-nouveau.fr\/wordpress\/wp-json\/wp\/v2\/types\/post"}],"author":[{"embeddable":true,"href":"https:\/\/le-clairon-nouveau.fr\/wordpress\/wp-json\/wp\/v2\/users\/5"}],"replies":[{"embeddable":true,"href":"https:\/\/le-clairon-nouveau.fr\/wordpress\/wp-json\/wp\/v2\/comments?post=25210"}],"version-history":[{"count":0,"href":"https:\/\/le-clairon-nouveau.fr\/wordpress\/wp-json\/wp\/v2\/posts\/25210\/revisions"}],"wp:attachment":[{"href":"https:\/\/le-clairon-nouveau.fr\/wordpress\/wp-json\/wp\/v2\/media?parent=25210"}],"wp:term":[{"taxonomy":"category","embeddable":true,"href":"https:\/\/le-clairon-nouveau.fr\/wordpress\/wp-json\/wp\/v2\/categories?post=25210"},{"taxonomy":"post_tag","embeddable":true,"href":"https:\/\/le-clairon-nouveau.fr\/wordpress\/wp-json\/wp\/v2\/tags?post=25210"},{"taxonomy":"author","embeddable":true,"href":"https:\/\/le-clairon-nouveau.fr\/wordpress\/wp-json\/wp\/v2\/coauthors?post=25210"}],"curies":[{"name":"wp","href":"https:\/\/api.w.org\/{rel}","templated":true}]}}