{"id":25587,"date":"2021-12-23T12:30:53","date_gmt":"2021-12-23T11:30:53","guid":{"rendered":"https:\/\/le-clairon-nouveau.fr\/wordpress\/?p=25587"},"modified":"2021-12-23T15:05:49","modified_gmt":"2021-12-23T14:05:49","slug":"2-elues-narbonnaises-visitent-laire-daccueil-des-gens-du-voyage-de-cap-de-pla","status":"publish","type":"post","link":"https:\/\/le-clairon-nouveau.fr\/wordpress\/blog\/2021\/12\/23\/2-elues-narbonnaises-visitent-laire-daccueil-des-gens-du-voyage-de-cap-de-pla\/","title":{"rendered":"2 \u00e9lues narbonnaises visitent l\u2019aire d\u2019accueil des gens du voyage de Cap de Pla"},"content":{"rendered":"<p style=\"text-align: center\"><img data-recalc-dims=\"1\" loading=\"lazy\" decoding=\"async\" class=\"size-medium wp-image-25588 aligncenter\" src=\"https:\/\/i0.wp.com\/le-clairon-nouveau.fr\/wordpress\/wp-content\/uploads\/2021\/12\/aire-cap-de-pla-1.jpg?resize=300%2C169&#038;ssl=1\" alt=\"\" width=\"300\" height=\"169\" srcset=\"https:\/\/i0.wp.com\/le-clairon-nouveau.fr\/wordpress\/wp-content\/uploads\/2021\/12\/aire-cap-de-pla-1.jpg?resize=300%2C169&amp;ssl=1 300w, https:\/\/i0.wp.com\/le-clairon-nouveau.fr\/wordpress\/wp-content\/uploads\/2021\/12\/aire-cap-de-pla-1.jpg?resize=768%2C434&amp;ssl=1 768w, https:\/\/i0.wp.com\/le-clairon-nouveau.fr\/wordpress\/wp-content\/uploads\/2021\/12\/aire-cap-de-pla-1.jpg?w=1024&amp;ssl=1 1024w\" sizes=\"auto, (max-width: 300px) 100vw, 300px\" \/><span style=\"font-size: 8pt\"><strong><em>(Photo HR)<\/em><\/strong><\/span><\/p>\n<p style=\"text-align: justify\"><strong><em>Le 23 novembre dernier 2 \u00e9lues narbonnaises, Virginie Birocheau et Vivianne Thivent, se sont rendues \u00e0 l\u2019air d\u2019accueil des voyageurs situ\u00e9 au Cap de Pla sur la commune de Narbonne. Cette aire \u00a0comprend actuellement\u00a0 16 emplacements. <br \/>\n<\/em><\/strong><strong><em>Elles ont pu y rencontrer des r\u00e9sidents temporaires, notamment un pasteur \u00e9vang\u00e9lique accompagnant la communaut\u00e9 qui stationne actuellement sur cette aire. Le Clairon pr\u00e9sente ici la synth\u00e8se des informations recueillies.<\/em><\/strong><\/p>\n<p><span style=\"font-size: 14pt\"><strong>Le contexte g\u00e9n\u00e9ral<\/strong><\/span><\/p>\n<p><em>En France la r\u00e8glementation d\u00e9finit 6 cat\u00e9gories d\u2019aires parmi lesquelles\u00a0:<\/em><\/p>\n<ul>\n<li style=\"text-align: justify\"><em>Des aires permanentes d\u2019accueil\u00a0: destin\u00e9es au s\u00e9jour temporaire (trois \u00e0 cinq mois en g\u00e9n\u00e9ral),<\/em><\/li>\n<li style=\"text-align: justify\"><em>Des aires de grand passage qui accueillent des gens du voyage qui se d\u00e9placent collectivement \u00e0 l&rsquo;occasion de grands rassemblements traditionnels ou occasionnels. <span class='tooltipsall tooltip_post_id_29829 classtoolTips180'>Ces<\/span> aires occupent g\u00e9n\u00e9ralement plusieurs hectares et peuvent abriter jusqu&rsquo;\u00e0 200 caravanes.<\/em><\/li>\n<\/ul>\n<p style=\"text-align: justify\"><em>Selon la loi, les communes de plus de 5000 habitants doiv<\/em>ent<em> disposer d\u2018aires ou de terrains d\u2019accueil des gens du voyage sur leur territoire, ou \u00e0 d\u00e9faut de contribuer financi\u00e8rement \u00e0 la r\u00e9alisation de tels \u00e9quipement sur des communes faisant partie du m\u00eame <span class='tooltipsall tooltip_post_id_9056 classtoolTips116'>EPCI<\/span> <sup><a href=\"#footnote_1_25587\" id=\"identifier_1_25587\" class=\"footnote-link footnote-identifier-link\" title=\"communaut&eacute; de communes ou d&rsquo;agglom&eacute;ration\">(1)<\/a><\/sup>. Mais diff\u00e9rents obstacles d\u2019ordre administratif, politique, financier (l\u2019\u00c9tat s\u2019est d\u00e9sengag\u00e9), soci\u00e9taux, etc., n\u2019ont pas toujours permis que ces dispositions l\u00e9gales soient respect\u00e9es et que les aires d\u2019accueil r\u00e9alis\u00e9es fonctionnent \u00e0 la satisfaction de leurs usagers ou de leurs gestionnaires\u2026<\/em><\/p>\n<p style=\"text-align: justify\">L\u2019aire du Cap de Pla \u00e0 Narbonne est une aire permanente d\u2019accueil, mais elle ne suffit pas pour accueillir occasionnellement sur le territoire du Grand Narbonne des rassemblements importants de gens du voyage qui investissent des terrains inappropri\u00e9s.<br \/>\nPour r\u00e9pondre \u00e0 ce probl\u00e8me, le pr\u00e9sident du Grand Narbonne envisage de cr\u00e9er une aire de grand passage, \u00e9ventuellement par extension de l\u2019aire actuelle. Selon la loi, la surface d\u2019une telle aire doit \u00eatre d\u2019au moins 4 hectares, mais des d\u00e9rogations sont possibles s\u2019il n\u2019existe pas sur le territoire de la collectivit\u00e9 des terrains correspondant \u00e0 la r\u00e8glementation,<\/p>\n<p style=\"text-align: justify\"><strong><em>Une \u00e9ventuelle extension juxtaposant aire d\u2019accueil permanent et aire de grand passage sur le foncier du Cap de Pla poserait probl\u00e8me car :<\/em><\/strong><\/p>\n<ul>\n<li style=\"text-align: justify\">La surface disponible est inf\u00e9rieure \u00e0 4 hectares et n\u00e9cessiterait une d\u00e9rogation pr\u00e9fectorale<\/li>\n<li style=\"text-align: justify\">Les populations accueilles sur ces 2 types d\u2019aire qui disposent d\u2019\u00e9quipements diff\u00e9rents ont des modes de vie diff\u00e9rents, ce qui est susceptible d\u2019entrainer des conflits d\u2019usage et des cr\u00e9er des probl\u00e8mes de gestion de ces espaces<\/li>\n<\/ul>\n<p><strong>Situation actuelle de l&rsquo;aire d\u2019accueil permanent<\/strong><\/p>\n<p style=\"text-align: justify\">On acc\u00e8de \u00e0 l\u2019aire d\u2019accueil par un chemin d\u00e9bouchant sur la <span style=\"text-decoration: underline\">rocade de contournement ouest<\/span>.<br \/>\nElle est situ\u00e9e entre cette rocade ouest, la voie ferr\u00e9e Narbonne Carcassonne, une ligne \u00e0 haute tension et une route sans visibilit\u00e9 o\u00f9 circulent les camions desservant la plateforme de compostage \u00ab Bioterra \u00bb. Le terrain d\u2019assiette est en pente vers le barrage du Cap de Pla.<br \/>\nIl n\u2019y a pas de cheminement pi\u00e9tonnier reliant l\u2019aire d\u2019accueil \u00e0 la ville.<\/p>\n<p style=\"text-align: justify\">\u00a0<\/p>\n<p style=\"text-align: center\"><img data-recalc-dims=\"1\" loading=\"lazy\" decoding=\"async\" class=\" wp-image-25591 aligncenter\" src=\"https:\/\/i0.wp.com\/le-clairon-nouveau.fr\/wordpress\/wp-content\/uploads\/2021\/12\/Cappla-gene.jpg?resize=614%2C172&#038;ssl=1\" alt=\"\" width=\"614\" height=\"172\" srcset=\"https:\/\/i0.wp.com\/le-clairon-nouveau.fr\/wordpress\/wp-content\/uploads\/2021\/12\/Cappla-gene.jpg?resize=300%2C84&amp;ssl=1 300w, https:\/\/i0.wp.com\/le-clairon-nouveau.fr\/wordpress\/wp-content\/uploads\/2021\/12\/Cappla-gene.jpg?resize=768%2C214&amp;ssl=1 768w, https:\/\/i0.wp.com\/le-clairon-nouveau.fr\/wordpress\/wp-content\/uploads\/2021\/12\/Cappla-gene.jpg?w=960&amp;ssl=1 960w\" sizes=\"auto, (max-width: 614px) 100vw, 614px\" \/><em><strong><span style=\"font-size: 8pt\">L\u2019aire d\u2019accueil sous la rocade ouest (Photos HR)<\/span><\/strong><\/em><\/p>\n<p style=\"text-align: center\"><img data-recalc-dims=\"1\" loading=\"lazy\" decoding=\"async\" class=\"size-medium wp-image-25592 aligncenter\" src=\"https:\/\/i0.wp.com\/le-clairon-nouveau.fr\/wordpress\/wp-content\/uploads\/2021\/12\/Barriere-vb.jpg?resize=300%2C221&#038;ssl=1\" alt=\"\" width=\"300\" height=\"221\" srcset=\"https:\/\/i0.wp.com\/le-clairon-nouveau.fr\/wordpress\/wp-content\/uploads\/2021\/12\/Barriere-vb.jpg?resize=300%2C221&amp;ssl=1 300w, https:\/\/i0.wp.com\/le-clairon-nouveau.fr\/wordpress\/wp-content\/uploads\/2021\/12\/Barriere-vb.jpg?w=309&amp;ssl=1 309w\" sizes=\"auto, (max-width: 300px) 100vw, 300px\" \/><span style=\"font-size: 8pt\"><strong><em>Barri\u00e8re de l\u2019aire de retournement \u00e0 moiti\u00e9 ferm\u00e9e<\/em><\/strong> <strong><em>(Photo VB)<\/em><\/strong><\/span><\/p>\n<p style=\"text-align: justify\">L\u2019entr\u00e9e de l\u2019aire d\u2019accueil est command\u00e9e par une barri\u00e8re partiellement ferm\u00e9e et pr\u00e9c\u00e9d\u00e9e par une aire de retournement<\/p>\n<p><span style=\"font-size: 14pt\"><strong>L\u2019avis des r\u00e9sidents rencontr\u00e9s par les 2 \u00e9lues<\/strong><\/span><\/p>\n<p><strong><span style=\"color: #ff0000\">Ce qui ne va pas\u00a0:<\/span> <\/strong><\/p>\n<p style=\"text-align: justify\">* <strong><em>La barri\u00e8re d\u2019entr\u00e9e pose probl\u00e8me<\/em><\/strong> : pour sortir avec les caravanes, il faut faire appel \u00e0 un responsable de la soci\u00e9t\u00e9 Vago qui g\u00e8re par d\u00e9l\u00e9gation de service public plusieurs terrains de la r\u00e9gion et qui ne r\u00e9side pas \u00e0 proximit\u00e9. \u00a0Il faut pr\u00e9venir \u00e0 l\u2019avance quand on veut partir avec les caravanes, le \/ la responsable se d\u00e9place pour ouvrir la barri\u00e8re (actuellement depuis Lezignan ou Perpignan). Cela prend du temps et pose des probl\u00e8mes en cas d\u2019urgence.\u00a0 Dans sa configuration habituelle, semi ferm\u00e9e, la barri\u00e8re occasionne souvent des d\u00e9g\u00e2ts de carrosserie aux camionnettes et \u00a0fourgons qui sont aussi les outils de travail des r\u00e9sidents, lesquels travaillent g\u00e9n\u00e9ralement dans le second \u0153uvre BTP ou dans l\u2019entretien des espaces verts. Des lev\u00e9es de terre et des foss\u00e9s emp\u00eachent toute autre sortie.<br \/>\n* <strong><em>En cas de fortes pluies le bas du terrain est inond\u00e9<br \/>\n<\/em><\/strong>* <strong><em>L\u2019entretien du terrain n\u2019est pas r\u00e9gulier<\/em><\/strong>. L\u2019\u00e9t\u00e9, l\u2019aire ferme pendant 1 mois pendant lesquels des travaux de r\u00e9fection sont cens\u00e9s \u00eatre faits, mais au retour\u00a0 ces travaux \u00a0ne sont souvent pas r\u00e9alis\u00e9s ou alors partiellement\u2026. Ainsi, depuis plusieurs ann\u00e9es, les compteurs d\u2019eau et d\u2019\u00e9lectricit\u00e9 dysfonctionnent et indiquent des consommations erron\u00e9es mais les r\u00e9parations ne sont jamais faites.<br \/>\n* <strong><em>Le terrain est infest\u00e9 de rats<\/em><\/strong>, ce qui repr\u00e9sente un danger surtout pour les b\u00e9b\u00e9s et les jeunes enfants.<\/p>\n<p style=\"text-align: center\"><img data-recalc-dims=\"1\" loading=\"lazy\" decoding=\"async\" class=\" wp-image-25593 aligncenter\" src=\"https:\/\/i0.wp.com\/le-clairon-nouveau.fr\/wordpress\/wp-content\/uploads\/2021\/12\/aire-cap-de-pla-3.jpg?resize=537%2C254&#038;ssl=1\" alt=\"\" width=\"537\" height=\"254\" srcset=\"https:\/\/i0.wp.com\/le-clairon-nouveau.fr\/wordpress\/wp-content\/uploads\/2021\/12\/aire-cap-de-pla-3.jpg?resize=300%2C142&amp;ssl=1 300w, https:\/\/i0.wp.com\/le-clairon-nouveau.fr\/wordpress\/wp-content\/uploads\/2021\/12\/aire-cap-de-pla-3.jpg?resize=768%2C363&amp;ssl=1 768w, https:\/\/i0.wp.com\/le-clairon-nouveau.fr\/wordpress\/wp-content\/uploads\/2021\/12\/aire-cap-de-pla-3.jpg?w=922&amp;ssl=1 922w\" sizes=\"auto, (max-width: 537px) 100vw, 537px\" \/><span style=\"font-size: 8pt\"><strong><em>Bricolage de fortune pour emp\u00eacher les rats de sortir d\u2019un collecteur d\u2019eau de pluie (photo HR)<\/em><\/strong><\/span><\/p>\n<p style=\"text-align: justify\">* <strong><em>Les usagers trouvent les places de l\u2019aire du Cap de Pla trop petites et trop <span class='tooltipsall tooltip_post_id_18357 classtoolTips220'>ch<\/span>\u00e8res<\/em><\/strong>\u00a0: selon nos interlocuteurs il faut compter 150 \u20ac \/ mois pour un couple de retrait\u00e9s et un minimum de 300 \u20ac pour une famille. A l\u2019entr\u00e9e un caution de 150 \u20ac est exig\u00e9e pour l\u2019eau et l\u2019\u00e9lectricit\u00e9.<br \/>\n* <strong><em>la dur\u00e9e du s\u00e9jour est limit\u00e9e \u00e0 2 mois, ce qui est trop court<\/em><\/strong> : les r\u00e9sidents, dont beaucoup sont auto-entrepreneurs, ont souvent des chantiers qui durent plus longtemps : pass\u00e9 les 2 mois de d\u00e9lai, ils sont donc oblig\u00e9s de se d\u00e9placer \u00e0 l\u2019aire d\u2019accueil de L\u00e9zignan. Un dur\u00e9e de 3 mois (ce qui correspond \u00e0 la r\u00e8glementation en vigueur) serait plus adapt\u00e9e. Mais des d\u00e9rogations existent dans certains cas : ainsi pour les enfants scolaris\u00e9s, il est possible de rester 1 an, en cas de soins m\u00e9dicaux aussi, mais tout cela engendre des d\u00e9marches parfois compliqu\u00e9es.<br \/>\n* <strong><em>Il n\u2019y a aucune protection, aucun grillage entre l\u2019aire d\u2019accueil et la rocade<\/em><\/strong>. Il s\u2019agit d\u2019un environnement \u00ab\u00a0accidentog\u00e8ne\u00a0\u00bb et selon nos interlocuteurs, \u00e0 plusieurs reprises, des accidents ont \u00e9t\u00e9 \u00e9vit\u00e9s de justesse.<br \/>\n* <strong><em>Les occupants du terrain subissent plusieurs nuisances<\/em><\/strong>\u00a0: tout d\u2019abord celles li\u00e9e \u00e0 la proximit\u00e9 de la bretelle de contournement ouest dont le trafic apporte bruits et odeurs de gaz d\u2019\u00e9chappement. Les personnes rencontr\u00e9es d\u00e9clarent toutes prendre des m\u00e9dicaments pour dormir. Il y a aussi les odeurs provenant de la plate forme \u00ab\u00a0Bioterra\u00a0\u00bb plus ou moins forte en fonction du vent.<br \/>\n* <em><strong>L\u2019eau qui coule des robinets n\u2019est pas buvable<\/strong><\/em> selon les occupants et contraint ceux-cie \u00e0 boire de l\u2019eau min\u00e9rale&#8230;<br \/>\n*<em><strong> Il faut am\u00e9liore le carrefour d&rsquo;acc\u00e8s \u00e0 l&rsquo;aire d&rsquo;accueil :<\/strong><\/em> trop\u00a0 dangereux entre la rocade de contournement et le chemin de l\u2019Empriout o\u00f9 circulent de nombreux camions.<br \/>\n<em><strong>* les r\u00e9unions avec le gestionnaire du terrain Vago d\u00e9bouchent sur peu de r\u00e9sultats<\/strong><\/em>. Selon les personnes rencontr\u00e9es, l\u2019aire de L\u00e9zignan serait mieux g\u00e9r\u00e9e, car elle est prise en charge directement par les services techniques de cette ville.<\/p>\n<p style=\"text-align: justify\"><span style=\"text-decoration: underline\"><strong>Pour autant les occupants d\u00e9clarent appr\u00e9cier la proximit\u00e9 avec la ville de Narbonne o\u00f9 leurs enfants sont scolaris\u00e9s, o\u00f9 les maris travaillent, o\u00f9 il est facile de faire les courses\u2026<\/strong><\/span><\/p>\n<p><span style=\"color: #0a8f06\"><strong>Les propositions des personnes rencontr\u00e9es<\/strong><\/span><\/p>\n<p style=\"text-align: justify\"><strong><em>* Construire une barri\u00e8re grillag\u00e9e entre la rocade de contournement et l\u2019aire d\u2019accueil<br \/>\n<\/em><\/strong><strong><em>* Am\u00e9nager un terrain de jeux prot\u00e9g\u00e9 pour les enfants, <\/em><\/strong>avec une participation possible \u00e0 sa r\u00e9alisation par des familles r\u00e9sidentes<br \/>\n* <strong><em>Supprimer la barri\u00e8re d\u2019entr\u00e9e et la remplacer par un dispositif plus adapt\u00e9 au fonctionnement du terrain et aux besoins des usagers<br \/>\n* <\/em><\/strong><strong><em>Am\u00e9liorer la gestion et l\u2019entretien de l\u2019aire d\u2019accueil. <\/em><\/strong>Les occupants sont pr\u00eats \u00e0 donner un coup de main en cas de travaux d\u2019am\u00e9lioration<\/p>\n<p style=\"text-align: justify\"><span style=\"color: #008000\"><em>Sur le projet d\u2019agrandissement de l\u2019aire d\u2019accueil et de son \u00e9ventuelle extension \/ transformation en aire de grand passage.<\/em><\/span><\/p>\n<p style=\"text-align: justify\"><strong><em>* Il ne faut pas trop agrandir l\u2019aire d\u2019accueil existante. <\/em><\/strong>Pas plus de 5 \u00e0 10 emplacements suppl\u00e9mentaires. Le fonctionnement du site est familial, la communaut\u00e9 \u00e9vang\u00e9lique r\u00e9gule et arbitre les relations sociales et les usages du site. Cela devient difficilement possible sur une aire plus importante. Si le besoin en emplacements est plus important, il faut alors cr\u00e9er une autre aire d\u2019accueil temporaire.<br \/>\n* <em><strong>La transformation \/ extension en aire de grand passage n\u2019est ni souhaitable ni possible<\/strong><\/em>. Cela ne couvre pas les m\u00eames besoins et n\u2019implique pas les m\u00eames \u00e9quipements et la m\u00eame gestion. L\u2019auto contr\u00f4le du fonctionnement social et de l\u2019usage de l\u2019aire de grand passage n\u2019est pas possible par les petites communaut\u00e9s \u00e9vang\u00e9liques \u00e0 caract\u00e8re familial. De plus les aires de grand passage ont vocation \u00e0 rassembler sur un temps court des gens pour des f\u00eates et des missions et la proximit\u00e9 d\u2019une ville et de ses services est donc moins n\u00e9cessaire.<\/p>\n<p style=\"text-align: justify\"><strong>En conclusion \u00e0 cette visite, il apparait que l\u2019emplacement actuel de l\u2019aire d\u2019accueil est soumis \u00e0 toutes sortes de nuisances et dangers. La question de sa proximit\u00e9 avec la ville de Narbonne et ses services justifie-t-elle son maintien malgr\u00e9 les nuisances qui p\u00e8sent sur les occupants, ou faut il envisager un autre terrain avec la m\u00eame proximit\u00e9 \u00e0 la ville mais offrant plus de s\u00e9curit\u00e9, moins de pollution et des conditions d\u00e9centes d\u2019occupation ? Le site du Cap de Pla est manifestement impropre \u00e0 la r\u00e9alisation d\u2019une aire de grand passage.<\/strong><\/p>\n<p style=\"text-align: right\"><em>H<\/em><strong>.<\/strong><em>Reys pour le Clairon de l\u2019Atax le 25\/11\/2021<\/em><\/p>\n<p>Annexe\u00a0:<\/p>\n<p>D\u00e9cret n\u00b0 2019-1478 du 26 d\u00e9cembre 2019 relatif aux aires permanentes d&rsquo;accueil et aux terrains familiaux locatifs destin\u00e9s aux gens du voyage et pris pour l&rsquo;application de l&rsquo;article 149 de la loi n\u00b0 2017-86 du 27 janvier 2017 relative \u00e0 l&rsquo;\u00e9galit\u00e9 et la citoyennet\u00e9 :<br \/>\n<a href=\"https:\/\/www.legifrance.gouv.fr\/jorf\/id\/JORFTEXT000039683543\">https:\/\/www.legifrance.gouv.fr\/jorf\/id\/JORFTEXT000039683543<\/a><\/p>\n<p>&nbsp;<\/p>\n<p style=\"text-align: justify\">\u00a0<\/p>\n<script type=\"text\/javascript\"> var tt_store_content = \"\\<p style\\='text\\-align\\: justify'\\>Etablissement Public de Coop\u00e9ration Intercommunale \\: il s'agit d'u\\<span class\\='ILfuVd'\\>ne structure administrative fran\u00e7aise qui regroupe des communes afin d'exercer tout ou parties de leurs comp\u00e9tences en commun\\<\\\/span\\>\\<\\\/p\\>\"; toolTips('.classtoolTips116',tt_store_content,'9056'); <\/script><script type=\"text\/javascript\"> var tt_store_content = \"\\<p style\\='text\\-align\\: justify'\\>Etablissement Public de Coop\u00e9ration Intercommunale \\: il s'agit d'u\\<span class\\='ILfuVd'\\>ne structure administrative fran\u00e7aise qui regroupe des communes afin d'exercer tout ou parties de leurs comp\u00e9tences en commun\\<\\\/span\\>\\<\\\/p\\>\"; toolTips('.classtoolTips116',tt_store_content,'9056'); <\/script><script type=\"text\/javascript\"> var tt_store_content = \"Le <span class='tooltipsall tooltip_post_id_3743 classtoolTips128'>CIRC<\/span> est le&nbsp; \\<a href\\='https\\:\\\/\\\/fr\\.wikipedia\\.org\\\/wiki\\\/Centre_international_de_recherche_sur_le_cancer' target\\='_blank' rel\\='noopener'\\>Centre international de Recherche sur le Cancer\\<\\\/a\\>, cr\u00e9\u00e9 en 1965 par l\u2019\\<a href\\='https\\:\\\/\\\/fr\\.wikipedia\\.org\\\/wiki\\\/Organisation_mondiale_de_la_sant%C3%A9' target\\='_blank' rel\\='noopener'\\>Organisation Mondiale de la Sant\u00e9\\<\\\/a\\> \\(OMS\\) des \\<a href\\='https\\:\\\/\\\/fr\\.wikipedia\\.org\\\/wiki\\\/Organisation_des_Nations_unies' target\\='_blank' rel\\='noopener'\\>Nations Unies\\<\\\/a\\>\\.\"; toolTips('.classtoolTips128',tt_store_content,'3743'); <\/script><script type=\"text\/javascript\"> var tt_store_content = \"\\<p style\\='text\\-align\\: center;'\\>\\<span style\\='font\\-size\\: 14pt;'\\>\\<strong\\>C\\<\\\/strong\\>entre \\<strong\\>C\\<\\\/strong\\>ommunal d'\\<strong\\>A\\<\\\/strong\\>ction \\<strong\\>S\\<\\\/strong\\>ociale\\<\\\/span\\>\\<\\\/p\\><br\/>\\<p style\\='text\\-align\\: justify;'\\>Un centre communal d'action sociale \\(<span class='tooltipsall tooltip_post_id_18100 classtoolTips132'>CCAS<\/span>\\) est, en France, un \u00e9tablissement public administr\u00e9 par un conseil d'administration pr\u00e9sid\u00e9 par le maire de la commune\\. Il a pour mission d'animer une action g\u00e9n\u00e9rale de pr\u00e9vention et de d\u00e9veloppement social au sein de la commune en liaison \u00e9troite avec les institutions publiques et priv\u00e9es\\<\\\/p\\>\"; toolTips('.classtoolTips132',tt_store_content,'18100'); <\/script><script type=\"text\/javascript\"> var tt_store_content = \"\\<p\\><span class='tooltipsall tooltip_post_id_19394 classtoolTips134'>SAGE<\/span> \\= \\<span class\\='st'\\> sch\u00e9ma d'am\u00e9nagement et de gestion de l'eau\\<\\\/span\\> , c'est un outil de planification qui concerne l'ensemble des eaux situ\u00e9es dans un bassin versant\\<\\\/p\\>\"; toolTips('.classtoolTips134',tt_store_content,'19394'); <\/script><script type=\"text\/javascript\"> var tt_store_content = \"\\<p style\\='text\\-align\\: center;'\\>\\<strong\\>\\<span style\\='font\\-size\\: 14pt;'\\>S\\<\\\/span\\>\\<\\\/strong\\>\\<span style\\='font\\-size\\: 14pt;'\\>oci\u00e9t\u00e9 d'\\<strong\\>\u00c9\\<\\\/strong\\>conomie \\<strong\\>M\\<\\\/strong\\>ixte\\<\\\/span\\>\\<\\\/p\\><br\/>\\<p style\\='text\\-align\\: justify;'\\>En France, une soci\u00e9t\u00e9 d'\u00e9conomie mixte est une soci\u00e9t\u00e9 anonyme dont le capital est majoritairement d\u00e9tenu par une ou plusieurs personnes publiques \\(\u00e0 savoir l'\u00c9tat, une Collectivit\u00e9 territoriale, ou tout autre \u00c9tablissement public\\)\\. Cette participation majoritaire publique est plafonn\u00e9e \u00e0 85&nbsp;% du capital depuis la Loi du 2 janvier 2002\\. Au moins une personne priv\u00e9e doit participer au capital de la <span class='tooltipsall tooltip_post_id_7168 classtoolTips142'>SEM<\/span>, sachant qu'il peut s'agir d'une autre SEM\\.\\<\\\/p\\><br\/>\\<p style\\='text\\-align\\: justify;'\\>\\<strong\\>Le recours \u00e0 la SEM garantit\\<\\\/strong\\> \u00e0 la collectivit\u00e9 publique actionnaire et cocontractante \\<strong\\>la prise en compte effective de l'int\u00e9r\u00eat g\u00e9n\u00e9ral\\<\\\/strong\\> dans les objectifs de l'entreprise \\<strong\\>et la souplesse de la soci\u00e9t\u00e9 de droit priv\u00e9\\<\\\/strong\\>\\.\\<\\\/p\\><br\/>\\<em\\>\\<a href\\='https\\:\\\/\\\/fr\\.wikipedia\\.org\\\/wiki\\\/Soci%C3%A9t%C3%A9_d%27%C3%A9conomie_mixte' target\\='_blank' rel\\='noopener'\\>Voir ici la page Wikipedia consacr\u00e9e aux SEM\\<\\\/a\\> \\<\\\/em\\><br\/><br\/>&nbsp;\"; toolTips('.classtoolTips142',tt_store_content,'7168'); <\/script><script type=\"text\/javascript\"> var tt_store_content = \"\\<p style\\='text\\-align\\: center;'\\>\\<span style\\='font\\-size\\: 14pt;'\\>\\<strong\\>I\\<\\\/strong\\>mp\u00f4t sur la \\<strong\\>F\\<\\\/strong\\>ortune \\<strong\\>I\\<\\\/strong\\>mmobili\u00e8re\\<\\\/span\\>\\<\\\/p\\>\"; toolTips('.classtoolTips148',tt_store_content,'5643'); <\/script><script type=\"text\/javascript\"> var tt_store_content = \"\\<p style\\='text\\-align\\: center;'\\>\\<strong\\>Imp\u00f4t de Solidarit\u00e9 sur la Fortune\\<\\\/strong\\>\\<\\\/p\\>\"; toolTips('.classtoolTips149',tt_store_content,'3596'); <\/script><script type=\"text\/javascript\"> var tt_store_content = \"\\<p style\\='text\\-align\\: center;'\\>\\<strong\\>\\<span style\\='font\\-size\\: 14pt;'\\>G\\<\\\/span\\>\\<\\\/strong\\>\\<span style\\='font\\-size\\: 14pt;'\\>az \u00e0 \\<strong\\>E\\<\\\/strong\\>ffet de \\<strong\\>S\\<\\\/strong\\>erre\\<\\\/span\\>\\<\\\/p\\><br\/>\\<p style\\='text\\-align\\: justify;'\\>Les gaz \u00e0 effet de serre \\(<span class='tooltipsall tooltip_post_id_7232 classtoolTips161'>GES<\/span>\\) sont des composants gazeux qui absorbent le rayonnement infrarouge \u00e9mis par la surface terrestre et contribuent \u00e0 l'effet de serre\\. L'augmentation de leur concentration dans l'atmosph\u00e8re terrestre est l'un des facteurs \u00e0 l'origine du r\u00e9chauffement climatique\\.\\<\\\/p\\><br\/>\\<a href\\='https\\:\\\/\\\/fr\\.wikipedia\\.org\\\/wiki\\\/Gaz_%C3%A0_effet_de_serre' target\\='_blank' rel\\='noopener'\\>\\<em\\>Voir ici la fiche Wikipedia sur les gaz \u00e0 effet de serre\\<\\\/em\\>\\<\\\/a\\>\"; toolTips('.classtoolTips161',tt_store_content,'7232'); <\/script><script type=\"text\/javascript\"> var tt_store_content = \"\\<p style\\='text\\-align\\: justify'\\>La \u00ab\u00a0\\<b\\>programmation pluriannuelle de l'\u00e9nergie\\<\\\/b\\>\u00a0\u00bb \\(<span class='tooltipsall tooltip_post_id_7750 classtoolTips164'>PPE<\/span>\\) est, en France, un document strat\u00e9gique de pilotage de la transition \u00e9nerg\u00e9tique\\. Institu\u00e9e par l'article 176 de la \\<a title\\='Loi relative \u00e0 la transition \u00e9nerg\u00e9tique pour la croissance verte' href\\='https\\:\\\/\\\/fr\\.wikipedia\\.org\\\/wiki\\\/Loi_relative_%C3%A0_la_transition_%C3%A9nerg%C3%A9tique_pour_la_croissance_verte'\\>loi de transition \u00e9nerg\u00e9tique\\<\\\/a\\> \\(TECV\\), elle fixe une trajectoire pour le \\<a title\\='Mix \u00e9nerg\u00e9tique' href\\='https\\:\\\/\\\/fr\\.wikipedia\\.org\\\/wiki\\\/Mix_%C3%A9nerg%C3%A9tique'\\>mix \u00e9nerg\u00e9tique\\<\\\/a\\>, ainsi que \\<span class\\='citation'\\>\u00ab\u00a0les priorit\u00e9s d'action pour la gestion de l\u2019ensemble des formes d'\u00e9nergie sur le territoire m\u00e9tropolitain continental, afin d\u2019atteindre les objectifs nationaux fix\u00e9s par la loi\u00a0\u00bb\\<\\\/span\\>\\. \\(Wikip\u00e9dia\\)\\<\\\/p\\>\"; toolTips('.classtoolTips164',tt_store_content,'7750'); <\/script><script type=\"text\/javascript\"> var tt_store_content = \"\\<p style\\='text\\-align\\: justify'\\>La \u00ab\u00a0\\<b\\>programmation pluriannuelle de l'\u00e9nergie\\<\\\/b\\>\u00a0\u00bb \\(PPE\\) est, en France, un document strat\u00e9gique de pilotage de la transition \u00e9nerg\u00e9tique\\. Institu\u00e9e par l'article 176 de la \\<a title\\='Loi relative \u00e0 la transition \u00e9nerg\u00e9tique pour la croissance verte' href\\='https\\:\\\/\\\/fr\\.wikipedia\\.org\\\/wiki\\\/Loi_relative_%C3%A0_la_transition_%C3%A9nerg%C3%A9tique_pour_la_croissance_verte'\\>loi de transition \u00e9nerg\u00e9tique\\<\\\/a\\> \\(TECV\\), elle fixe une trajectoire pour le \\<a title\\='Mix \u00e9nerg\u00e9tique' href\\='https\\:\\\/\\\/fr\\.wikipedia\\.org\\\/wiki\\\/Mix_%C3%A9nerg%C3%A9tique'\\>mix \u00e9nerg\u00e9tique\\<\\\/a\\>, ainsi que \\<span class\\='citation'\\>\u00ab\u00a0les priorit\u00e9s d'action pour la gestion de l\u2019ensemble des formes d'\u00e9nergie sur le territoire m\u00e9tropolitain continental, afin d\u2019atteindre les objectifs nationaux fix\u00e9s par la loi\u00a0\u00bb\\<\\\/span\\>\\. \\(Wikip\u00e9dia\\)\\<\\\/p\\>\"; toolTips('.classtoolTips164',tt_store_content,'7750'); <\/script><script type=\"text\/javascript\"> var tt_store_content = \"\\<p style\\='text\\-align\\: justify;'\\>Le Conseil d'Orientation des Retraites est une instance qui r\u00e9unit &nbsp;\\<span class\\='st'\\>les principaux acteurs du champ des retraites\\<\\\/span\\> et effectue un travail d'\u00e9tudes et de concertation\\. Compos\u00e9 de parlementaires, de repr\u00e9sentants des organisations professionnelles et syndicales, des retrait\u00e9s et des familles, de membres de l'administration et d'experts, le Conseil d'orientation des retraites \\(<span class='tooltipsall tooltip_post_id_7751 classtoolTips165'>COR<\/span>\\) est plac\u00e9 aupr\u00e8s du Premier ministre\\.\\<\\\/p\\>\"; toolTips('.classtoolTips165',tt_store_content,'7751'); <\/script><script type=\"text\/javascript\"> var tt_store_content = \"\\<p style\\='text\\-align\\: center;'\\>\\<span style\\='font\\-size\\: 14pt;'\\>\\<strong\\>O\\<\\\/strong\\>rganisation \\<strong\\>M\\<\\\/strong\\>\u00e9t\u00e9orologique \\<strong\\>M\\<\\\/strong\\>ondiale<br\/>\\<strong\\>W\\<\\\/strong\\>orld \\<strong\\>M\\<\\\/strong\\>eteorological \\<strong\\>O\\<\\\/strong\\>rganization\\<\\\/span\\>\\<\\\/p\\><br\/>&nbsp;<br\/><br\/>\\<a href\\='https\\:\\\/\\\/public\\.wmo\\.int\\\/fr' target\\='_blank' rel\\='noopener'\\>\\<em\\>Acc\u00e9der ici au site de l'organisation\\<\\\/em\\>\\<\\\/a\\>\"; toolTips('.classtoolTips168',tt_store_content,'7763'); <\/script><script type=\"text\/javascript\"> var tt_store_content = \"\\<p style\\='text\\-align\\: center;'\\>\\<span style\\='font\\-size\\: 14pt;'\\>\\<strong\\>\u00c9\\<\\\/strong\\>cole \\<strong\\>N\\<\\\/strong\\>ationale d'\\<strong\\>A\\<\\\/strong\\>dministration\\<\\\/span\\>\\<\\\/p\\>\"; toolTips('.classtoolTips170',tt_store_content,'5213'); <\/script><script type=\"text\/javascript\"> var tt_store_content = \"\\<p style\\='text\\-align\\: center;'\\>\\<span style\\='font\\-size\\: 14pt;'\\>\u00c9cole des<br\/>\\<strong\\>H\\<\\\/strong\\>autes \\<strong\\>\u00c9\\<\\\/strong\\>tudes \\<strong\\>C\\<\\\/strong\\>ommerciales\\<\\\/span\\>\\<\\\/p\\>\"; toolTips('.classtoolTips171',tt_store_content,'5214'); <\/script><script type=\"text\/javascript\"> var tt_store_content = \"\\<p style\\='text\\-align\\: justify'\\>\\<span class\\='ILfuVd'\\>La politique agricole commune \\(\\<b\\><span class='tooltipsall tooltip_post_id_11364 classtoolTips174'>PAC<\/span>\\<\\\/b\\>\\) est une politique mise en place \u00e0 l'\u00e9chelle de l'Union europ\u00e9enne\\. \u00c0 l'origine, elle est fond\u00e9e principalement sur des mesures de contr\u00f4le des prix et de subventionnement, visant \u00e0 moderniser et d\u00e9velopper l'agriculture\\.\\<\\\/span\\> \\(source Wikipedia\\)\\<\\\/p\\>\"; toolTips('.classtoolTips174',tt_store_content,'11364'); <\/script><script type=\"text\/javascript\"> var tt_store_content = \"\\<p style\\='text\\-align\\: center;'\\>\\<span style\\='font\\-size\\: 14pt;'\\>\\<strong\\>P\\<\\\/strong\\>\\<\\\/span\\>\\<span style\\='font\\-size\\: 14pt;'\\>lan \\<strong\\>L\\<\\\/strong\\>\\<\\\/span\\>\\<span style\\='font\\-size\\: 14pt;'\\>ocal d'\\<strong\\>U\\<\\\/strong\\>\\<\\\/span\\>\\<span style\\='font\\-size\\: 14pt;'\\>rbanisme\\<\\\/span\\>\\<\\\/p\\><br\/>&nbsp;\"; toolTips('.classtoolTips176',tt_store_content,'4979'); <\/script><script type=\"text\/javascript\"> var tt_store_content = \"\\<p\\>Conseil \u00c9conomique et Social\\<\\\/p\\>\"; toolTips('.classtoolTips180',tt_store_content,'29829'); <\/script><script type=\"text\/javascript\"> var tt_store_content = \"\\<p style\\='text\\-align\\: center;'\\>\\<span style\\='font\\-size\\: 14pt;'\\>\\<strong\\>H\\<\\\/strong\\>ydrocarbure \\<strong\\>A\\<\\\/strong\\>romatique \\<strong\\>P\\<\\\/strong\\>olycyclique\\<\\\/span\\>\\<\\\/p\\><br\/>\\<p style\\='text\\-align\\: justify;'\\>Depuis de nombreuses ann\u00e9es, les <span class='tooltipsall tooltip_post_id_20397 classtoolTips184'>HAP<\/span> sont tr\u00e8s \u00e9tudi\u00e9s car ce sont des compos\u00e9s pr\u00e9sents dans tous les milieux environnementaux et qui montrent une forte toxicit\u00e9\\. On a pu \u00e9tablir la canc\u00e9rog\u00e9n\u00e8se de certains HPA, tels que le Benzo\\[a\\]anthrac\u00e8ne, le Chrys\u00e8ne et d'autres\\.\\<\\\/p\\><br\/>\\<p style\\='text\\-align\\: justify;'\\>Les HAP proviennent principalement de la combustion \u00e0 haute temp\u00e9rature \\(500\u00b0 C et plus\\) de mati\u00e8res fossiles telles que le bois, le charbon et le p\u00e9trole\\. Dans l'environnement, la production de HAP provient donc&nbsp; du chauffage domestique, de la circulation automobile, des centrales \u00e9lectriques fonctionnant au charbon ou au p\u00e9trole \\('fioul'\\), ainsi que des incin\u00e9rateurs\\.\\<\\\/p\\><br\/>\\<p\\>\\<a href\\='https\\:\\\/\\\/fr\\.wikipedia\\.org\\\/wiki\\\/Hydrocarbure_aromatique_polycyclique' target\\='_blank' rel\\='noopener noreferrer'\\>\\<em\\>Voir ici l'article Wikipedia consacr\u00e9 aux HAP\\<\\\/em\\>\\<\\\/a\\>\\<\\\/p\\>\"; toolTips('.classtoolTips184',tt_store_content,'20397'); <\/script><script type=\"text\/javascript\"> var tt_store_content = \"\\<p style\\='text\\-align\\: center;'\\>\\<span style\\='font\\-size\\: 14pt;'\\>\\<strong\\>G\\<\\\/strong\\>roupement \\<strong\\>H\\<\\\/strong\\>ospitalier de \\<strong\\>T\\<\\\/strong\\>erritoire\\<\\\/span\\>\\<\\\/p\\><br\/>\\<p style\\='text\\-align\\: justify;'\\>Les groupements hospitaliers de territoires, dispositif pr\u00e9vu par la loi de sant\u00e9 2016, sont un nouveau mode de coop\u00e9ration entre les \u00e9tablissements publics de sant\u00e9 \u00e0 l\u2019\u00e9chelle d\u2019un territoire\\<\\\/p\\>\"; toolTips('.classtoolTips189',tt_store_content,'18358'); <\/script><script type=\"text\/javascript\"> var tt_store_content = \"\\<p style\\='text\\-align\\: center;'\\>\\<span style\\='font\\-size\\: 14pt;'\\>\\<strong\\>C\\<\\\/strong\\>omit\u00e9 \\<strong\\>T\\<\\\/strong\\>echnique d'\\<strong\\>\u00c9\\<\\\/strong\\>tablissement\\<\\\/span\\>\\<\\\/p\\>\"; toolTips('.classtoolTips191',tt_store_content,'18359'); <\/script><script type=\"text\/javascript\"> var tt_store_content = \"\\<p style\\='text\\-align\\: center;'\\>\\<strong\\>\\<span style\\='font\\-size\\: 14pt;'\\>P\\<\\\/span\\>\\<\\\/strong\\>\\<span style\\='font\\-size\\: 14pt;'\\>rogrammation \\<strong\\>P\\<\\\/strong\\>luri\\-annuelle de l'\\<strong\\>\u00c9\\<\\\/strong\\>nergie\\<\\\/span\\>\\<\\\/p\\><br\/>La PPE est est en France un document strat\u00e9gique de pilotage de la transition \u00e9nerg\u00e9tique\\. Institu\u00e9e par l'article 176 de la loi transition \u00e9nerg\u00e9tique \\(TECV\\)\\. Elle fixe \\(par \u00e9nergie\\) une trajectoire pour le mix \u00e9nerg\u00e9tique, ainsi que \u00ab&nbsp;\\<em\\>les priorit\u00e9s d'action pour la gestion de l\u2019ensemble des formes d'\u00e9nergie sur le territoire m\u00e9tropolitain continental, afin d\u2019atteindre les objectifs nationaux fix\u00e9s par la loi\\<\\\/em\\>&nbsp;\u00bb\\.<br\/><br\/>Initi\u00e9e en 2016, elle est r\u00e9vis\u00e9e en 2018 puis ensuite tous les 5 ans\\.<br\/><br\/>\\<a href\\='https\\:\\\/\\\/fr\\.wikipedia\\.org\\\/wiki\\\/Programmation_pluriannuelle_de_l'\u00e9nergi' target\\='_blank' rel\\='noopener'\\>\\<em\\>Voir ici la page Wikipedia consacr\u00e9e \u00e0 la PPE\\<\\\/em\\>\\<\\\/a\\><br\/>\\<a href\\='https\\:\\\/\\\/ppe\\.debatpublic\\.fr\\\/' target\\='_blank' rel\\='noopener'\\>\\<em\\>Voir ici la page du site 'Commission du D\u00e9bat Public' consacr\u00e9e \u00e0 la PPE\\<\\\/em\\>\\<\\\/a\\>\"; toolTips('.classtoolTips193',tt_store_content,'7102'); <\/script><script type=\"text\/javascript\"> var tt_store_content = \"\\<p style\\='text\\-align\\: center;'\\>\\<span style\\='font\\-size\\: 14pt;'\\>\\<strong\\>E\\<\\\/strong\\>volutionary \\<strong\\>P\\<\\\/strong\\>ower \\<strong\\>R\\<\\\/strong\\>eactor\\<\\\/span\\>\\<\\\/p\\><br\/>\\<p style\\='text\\-align\\: justify;'\\>R\u00e9acteur nucl\u00e9aire de troisi\u00e8me g\u00e9n\u00e9ration \\(classification internationale\\), con\u00e7u et d\u00e9velopp\u00e9 par <span class='tooltipsall tooltip_post_id_5121 classtoolTips35'>Areva NP<\/span>&nbsp; au cours des ann\u00e9es 1990 et 2000\\. Il fait partie de la fili\u00e8re des r\u00e9acteurs \u00e0 eau pressuris\u00e9e\\.\\<\\\/p\\><br\/>\\<a href\\='https\\:\\\/\\\/fr\\.wikipedia\\.org\\\/wiki\\\/R%C3%A9acteur_pressuris%C3%A9_europ%C3%A9en' target\\='_blank' rel\\='noopener'\\>\\<em\\>Voir ici la fiche Wikipedia <span class='tooltipsall tooltip_post_id_5579 classtoolTips196'>EPR<\/span>\\<\\\/em\\>\\<\\\/a\\>\"; toolTips('.classtoolTips196',tt_store_content,'5579'); <\/script><script type=\"text\/javascript\"> var tt_store_content = \"\\<p style\\='text\\-align\\: center;'\\>\\<strong\\>R\\<\\\/strong\\>\u00e9seau \\<strong\\>A\\<\\\/strong\\>ction \\<strong\\>C\\<\\\/strong\\>limat\\<\\\/p\\><br\/>Le r\u00e9seau Action Climat '\\<em\\>f\u00e9d\u00e8re les associations impliqu\u00e9es dans la lutte contre les changements climatiques et pour une transition \u00e9cologique, solidaire et \u00e9quitable\\<\\\/em\\>'\\.<br\/><br\/>\\<a href\\='https\\:\\\/\\\/reseauactionclimat\\.org\\\/' target\\='_blank' rel\\='noopener'\\>Voir le site du <span class='tooltipsall tooltip_post_id_4309 classtoolTips200'>RAC<\/span>\\<\\\/a\\>\"; toolTips('.classtoolTips200',tt_store_content,'4309'); <\/script><script type=\"text\/javascript\"> var tt_store_content = \"\\<p style\\='text\\-align\\: center;'\\>\\<strong\\>\\<span style\\='font\\-size\\: 14pt;'\\>R\\<\\\/span\\>\\<\\\/strong\\>\\<span style\\='font\\-size\\: 14pt;'\\>eferendum d'\\<strong\\>I\\<\\\/strong\\>nitiative \\<strong\\>C\\<\\\/strong\\>itoyenne\\<\\\/span\\>\\<\\\/p\\>\"; toolTips('.classtoolTips205',tt_store_content,'12268'); <\/script><script type=\"text\/javascript\"> var tt_store_content = \"\\<p\\><span class='tooltipsall tooltip_post_id_25844 classtoolTips208'>RTE<\/span> \\= R\u00e9seau de Transport d'Electricit\u00e9 est une filiale d'<span class='tooltipsall tooltip_post_id_7035 classtoolTips178'>EDF<\/span> qui est l'actionnaire majoritaire avec 50,1% des parts le reste \u00e9tant partag\u00e9 par la CDC et la CNP\\<\\\/p\\>\"; toolTips('.classtoolTips208',tt_store_content,'25844'); <\/script><script type=\"text\/javascript\"> var tt_store_content = \"\\<p style\\='text\\-align\\: center;'\\>\\<span style\\='font\\-size\\: 14pt;'\\>\\<strong\\>O\\<\\\/strong\\>rganisation\\<strong\\> N\\<\\\/strong\\>on\\<strong\\> G\\<\\\/strong\\>ouvernementale\\<\\\/span\\>\\<\\\/p\\><br\/>Une organisation non gouvernementale \\(<span class='tooltipsall tooltip_post_id_3579 classtoolTips210'>ONG<\/span>\\) est une \\<a title\\='Association \u00e0 but non lucratif' href\\='https\\:\\\/\\\/fr\\.wikipedia\\.org\\\/wiki\\\/Association_%C3%A0_but_non_lucratif' target\\='_blank' rel\\='noopener'\\>association \u00e0 but non lucratif\\<\\\/a\\>, d'int\u00e9r\u00eat public, qui ne rel\u00e8ve ni de l'\u00c9tat, ni d'institutions internationales\\<sup id\\='cite_ref\\-novethic_1\\-0' class\\='reference'\\>\\<\\\/sup\\>\\. Les ONG n'ont pas le statut de sujet de \\<a title\\='Droit international public' href\\='https\\:\\\/\\\/fr\\.wikipedia\\.org\\\/wiki\\\/Droit_international_public' target\\='_blank' rel\\='noopener'\\>droit international\\<\\\/a\\>\\.\"; toolTips('.classtoolTips210',tt_store_content,'3579'); <\/script><script type=\"text\/javascript\"> var tt_store_content = \"\\<p style\\='text\\-align\\: center;'\\>\\<span style\\='font\\-size\\: 14pt;'\\>\\<strong\\>O\\<\\\/strong\\>rganisation\\<strong\\> N\\<\\\/strong\\>on\\<strong\\> G\\<\\\/strong\\>ouvernementale\\<\\\/span\\>\\<\\\/p\\><br\/>Une organisation non gouvernementale \\(ONG\\) est une \\<a title\\='Association \u00e0 but non lucratif' href\\='https\\:\\\/\\\/fr\\.wikipedia\\.org\\\/wiki\\\/Association_%C3%A0_but_non_lucratif' target\\='_blank' rel\\='noopener'\\>association \u00e0 but non lucratif\\<\\\/a\\>, d'int\u00e9r\u00eat public, qui ne rel\u00e8ve ni de l'\u00c9tat, ni d'institutions internationales\\<sup id\\='cite_ref\\-novethic_1\\-0' class\\='reference'\\>\\<\\\/sup\\>\\. Les ONG n'ont pas le statut de sujet de \\<a title\\='Droit international public' href\\='https\\:\\\/\\\/fr\\.wikipedia\\.org\\\/wiki\\\/Droit_international_public' target\\='_blank' rel\\='noopener'\\>droit international\\<\\\/a\\>\\.\"; toolTips('.classtoolTips210',tt_store_content,'3579'); <\/script><script type=\"text\/javascript\"> var tt_store_content = \"\\<p\\><span class='tooltipsall tooltip_post_id_24572 classtoolTips211'>MIT<\/span> \\= Massachussets Institute of Technology, prestigieuse universit\u00e9 am\u00e9ricaine de la c\u00f4te est\\<\\\/p\\>\"; toolTips('.classtoolTips211',tt_store_content,'24572'); <\/script><script type=\"text\/javascript\"> var tt_store_content = \"\\<p style\\='text\\-align\\: center;'\\>\\<strong\\>J\\<\\\/strong\\>eux \\<strong\\>O\\<\\\/strong\\>lympiques<br\/>ou<br\/>\\<strong\\>J\\<\\\/strong\\>ournal \\<strong\\>O\\<\\\/strong\\>fficiel de la R\u00e9publique Fran\u00e7aise\\<\\\/p\\>\"; toolTips('.classtoolTips213',tt_store_content,'4451'); <\/script><script type=\"text\/javascript\"> var tt_store_content = \"\\<p\\><span class='tooltipsall tooltip_post_id_30593 classtoolTips214'>RN<\/span> \\= Rassemble National, c'est le parti d'extr\u00eame droite de Marine Le Pen qui succ\u00e8de au FN \\= Front National fond\u00e9 par son p\u00e8re Jean Marie Le Pen\\<\\\/p\\>\"; toolTips('.classtoolTips214',tt_store_content,'30593'); <\/script><script type=\"text\/javascript\"> var tt_store_content = \"\\<p style\\='text\\-align\\: center;'\\>\\<span style\\='font\\-size\\: 14pt;'\\>\\<strong\\>C\\<\\\/strong\\>entre \\<strong\\>H\\<\\\/strong\\>ospitalier\\<\\\/span\\>\\<\\\/p\\>\"; toolTips('.classtoolTips220',tt_store_content,'18357'); <\/script><script type=\"text\/javascript\"> var tt_store_content = \"\\<p\\>D\u00e9chets radioactifs \u00e0 Haute Activit\u00e9 \\(classement <span class='tooltipsall tooltip_post_id_3612 classtoolTips79'>ANDRA<\/span>\\)\\<\\\/p\\>\"; toolTips('.classtoolTips223',tt_store_content,'19196'); <\/script>_______________________<br>Notes<ol class=\"footnotes\"><li id=\"footnote_1_25587\" class=\"footnote\">communaut\u00e9 de communes ou d\u2019agglom\u00e9ration<span class=\"footnote-back-link-wrapper\">[<a href=\"#identifier_1_25587\" class=\"footnote-link footnote-back-link\">&#8617;<\/a>]<\/span><\/li><\/ol>_______________________","protected":false},"excerpt":{"rendered":"<p>A Narbonne l\u2019emplacement actuel de l\u2019aire d\u2019accueil des voyageurs  est soumis \u00e0 toutes sortes de nuisances et dangers. La question de sa proximit\u00e9 avec la ville de Narbonne et ses services justifie-t-elle son maintien ou faut il envisager un autre terrain avec la m\u00eame proximit\u00e9 \u00e0 la ville mais offrant plus de s\u00e9curit\u00e9, moins de pollution et des conditions d\u00e9centes d\u2019occupation ?<script type=\"text\/javascript\"> var tt_store_content = \"\\<\/p>\n<p style\\='text\\-align\\: justify'\\>Etablissement Public de Coop\u00e9ration Intercommunale \\: il s'agit d'u\\<span class\\='ILfuVd'\\>ne structure administrative fran\u00e7aise qui regroupe des communes afin d'exercer tout ou parties de leurs comp\u00e9tences en commun\\<\\\/span\\>\\<\\\/p\\>\"; toolTips('.classtoolTips116',tt_store_content,'9056'); <\/script><script type=\"text\/javascript\"> var tt_store_content = \"\\<\/p>\n<p style\\='text\\-align\\: justify'\\>Etablissement Public de Coop\u00e9ration Intercommunale \\: il s'agit d'u\\<span class\\='ILfuVd'\\>ne structure administrative fran\u00e7aise qui regroupe des communes afin d'exercer tout ou parties de leurs comp\u00e9tences en commun\\<\\\/span\\>\\<\\\/p\\>\"; toolTips('.classtoolTips116',tt_store_content,'9056'); <\/script><script type=\"text\/javascript\"> var tt_store_content = \"Le <span class='tooltipsall tooltip_post_id_3743 classtoolTips128'>CIRC<\/span> est le&nbsp; \\<a href\\='https\\:\\\/\\\/fr\\.wikipedia\\.org\\\/wiki\\\/Centre_international_de_recherche_sur_le_cancer' target\\='_blank' rel\\='noopener'\\>Centre international de Recherche sur le Cancer\\<\\\/a\\>, cr\u00e9\u00e9 en 1965 par l\u2019\\<a href\\='https\\:\\\/\\\/fr\\.wikipedia\\.org\\\/wiki\\\/Organisation_mondiale_de_la_sant%C3%A9' target\\='_blank' rel\\='noopener'\\>Organisation Mondiale de la Sant\u00e9\\<\\\/a\\> \\(OMS\\) des \\<a href\\='https\\:\\\/\\\/fr\\.wikipedia\\.org\\\/wiki\\\/Organisation_des_Nations_unies' target\\='_blank' rel\\='noopener'\\>Nations Unies\\<\\\/a\\>\\.\"; toolTips('.classtoolTips128',tt_store_content,'3743'); <\/script><script type=\"text\/javascript\"> var tt_store_content = \"\\<\/p>\n<p style\\='text\\-align\\: center;'\\>\\<span style\\='font\\-size\\: 14pt;'\\>\\<strong\\>C\\<\\\/strong\\>entre \\<strong\\>C\\<\\\/strong\\>ommunal d'\\<strong\\>A\\<\\\/strong\\>ction \\<strong\\>S\\<\\\/strong\\>ociale\\<\\\/span\\>\\<\\\/p\\><br \/>\\<\/p>\n<p style\\='text\\-align\\: justify;'\\>Un centre communal d'action sociale \\(<span class='tooltipsall tooltip_post_id_18100 classtoolTips132'>CCAS<\/span>\\) est, en France, un \u00e9tablissement public administr\u00e9 par un conseil d'administration pr\u00e9sid\u00e9 par le maire de la commune\\. Il a pour mission d'animer une action g\u00e9n\u00e9rale de pr\u00e9vention et de d\u00e9veloppement social au sein de la commune en liaison \u00e9troite avec les institutions publiques et priv\u00e9es\\<\\\/p\\>\"; toolTips('.classtoolTips132',tt_store_content,'18100'); <\/script><script type=\"text\/javascript\"> var tt_store_content = \"\\<p\\><span class='tooltipsall tooltip_post_id_19394 classtoolTips134'>SAGE<\/span> \\= \\<span class\\='st'\\> sch\u00e9ma d'am\u00e9nagement et de gestion de l'eau\\<\\\/span\\> , c'est un outil de planification qui concerne l'ensemble des eaux situ\u00e9es dans un bassin versant\\<\\\/p\\>\"; toolTips('.classtoolTips134',tt_store_content,'19394'); <\/script><script type=\"text\/javascript\"> var tt_store_content = \"\\<\/p>\n<p style\\='text\\-align\\: center;'\\>\\<strong\\>\\<span style\\='font\\-size\\: 14pt;'\\>S\\<\\\/span\\>\\<\\\/strong\\>\\<span style\\='font\\-size\\: 14pt;'\\>oci\u00e9t\u00e9 d'\\<strong\\>\u00c9\\<\\\/strong\\>conomie \\<strong\\>M\\<\\\/strong\\>ixte\\<\\\/span\\>\\<\\\/p\\><br \/>\\<\/p>\n<p style\\='text\\-align\\: justify;'\\>En France, une soci\u00e9t\u00e9 d'\u00e9conomie mixte est une soci\u00e9t\u00e9 anonyme dont le capital est majoritairement d\u00e9tenu par une ou plusieurs personnes publiques \\(\u00e0 savoir l'\u00c9tat, une Collectivit\u00e9 territoriale, ou tout autre \u00c9tablissement public\\)\\. Cette participation majoritaire publique est plafonn\u00e9e \u00e0 85&nbsp;% du capital depuis la Loi du 2 janvier 2002\\. Au moins une personne priv\u00e9e doit participer au capital de la <span class='tooltipsall tooltip_post_id_7168 classtoolTips142'>SEM<\/span>, sachant qu'il peut s'agir d'une autre SEM\\.\\<\\\/p\\><br \/>\\<\/p>\n<p style\\='text\\-align\\: justify;'\\>\\<strong\\>Le recours \u00e0 la SEM garantit\\<\\\/strong\\> \u00e0 la collectivit\u00e9 publique actionnaire et cocontractante \\<strong\\>la prise en compte effective de l'int\u00e9r\u00eat g\u00e9n\u00e9ral\\<\\\/strong\\> dans les objectifs de l'entreprise \\<strong\\>et la souplesse de la soci\u00e9t\u00e9 de droit priv\u00e9\\<\\\/strong\\>\\.\\<\\\/p\\><br \/>\\<em\\>\\<a href\\='https\\:\\\/\\\/fr\\.wikipedia\\.org\\\/wiki\\\/Soci%C3%A9t%C3%A9_d%27%C3%A9conomie_mixte' target\\='_blank' rel\\='noopener'\\>Voir ici la page Wikipedia consacr\u00e9e aux SEM\\<\\\/a\\> \\<\\\/em\\><\/p>\n<p>&nbsp;\"; toolTips('.classtoolTips142',tt_store_content,'7168'); <\/script><script type=\"text\/javascript\"> var tt_store_content = \"\\<\/p>\n<p style\\='text\\-align\\: center;'\\>\\<span style\\='font\\-size\\: 14pt;'\\>\\<strong\\>I\\<\\\/strong\\>mp\u00f4t sur la \\<strong\\>F\\<\\\/strong\\>ortune \\<strong\\>I\\<\\\/strong\\>mmobili\u00e8re\\<\\\/span\\>\\<\\\/p\\>\"; toolTips('.classtoolTips148',tt_store_content,'5643'); <\/script><script type=\"text\/javascript\"> var tt_store_content = \"\\<\/p>\n<p style\\='text\\-align\\: center;'\\>\\<strong\\>Imp\u00f4t de Solidarit\u00e9 sur la Fortune\\<\\\/strong\\>\\<\\\/p\\>\"; toolTips('.classtoolTips149',tt_store_content,'3596'); <\/script><script type=\"text\/javascript\"> var tt_store_content = \"\\<\/p>\n<p style\\='text\\-align\\: center;'\\>\\<strong\\>\\<span style\\='font\\-size\\: 14pt;'\\>G\\<\\\/span\\>\\<\\\/strong\\>\\<span style\\='font\\-size\\: 14pt;'\\>az \u00e0 \\<strong\\>E\\<\\\/strong\\>ffet de \\<strong\\>S\\<\\\/strong\\>erre\\<\\\/span\\>\\<\\\/p\\><br \/>\\<\/p>\n<p style\\='text\\-align\\: justify;'\\>Les gaz \u00e0 effet de serre \\(<span class='tooltipsall tooltip_post_id_7232 classtoolTips161'>GES<\/span>\\) sont des composants gazeux qui absorbent le rayonnement infrarouge \u00e9mis par la surface terrestre et contribuent \u00e0 l'effet de serre\\. L'augmentation de leur concentration dans l'atmosph\u00e8re terrestre est l'un des facteurs \u00e0 l'origine du r\u00e9chauffement climatique\\.\\<\\\/p\\><br \/>\\<a href\\='https\\:\\\/\\\/fr\\.wikipedia\\.org\\\/wiki\\\/Gaz_%C3%A0_effet_de_serre' target\\='_blank' rel\\='noopener'\\>\\<em\\>Voir ici la fiche Wikipedia sur les gaz \u00e0 effet de serre\\<\\\/em\\>\\<\\\/a\\>\"; toolTips('.classtoolTips161',tt_store_content,'7232'); <\/script><script type=\"text\/javascript\"> var tt_store_content = \"\\<\/p>\n<p style\\='text\\-align\\: justify'\\>La \u00ab\u00a0\\<b\\>programmation pluriannuelle de l'\u00e9nergie\\<\\\/b\\>\u00a0\u00bb \\(<span class='tooltipsall tooltip_post_id_7750 classtoolTips164'>PPE<\/span>\\) est, en France, un document strat\u00e9gique de pilotage de la transition \u00e9nerg\u00e9tique\\. Institu\u00e9e par l'article 176 de la \\<a title\\='Loi relative \u00e0 la transition \u00e9nerg\u00e9tique pour la croissance verte' href\\='https\\:\\\/\\\/fr\\.wikipedia\\.org\\\/wiki\\\/Loi_relative_%C3%A0_la_transition_%C3%A9nerg%C3%A9tique_pour_la_croissance_verte'\\>loi de transition \u00e9nerg\u00e9tique\\<\\\/a\\> \\(TECV\\), elle fixe une trajectoire pour le \\<a title\\='Mix \u00e9nerg\u00e9tique' href\\='https\\:\\\/\\\/fr\\.wikipedia\\.org\\\/wiki\\\/Mix_%C3%A9nerg%C3%A9tique'\\>mix \u00e9nerg\u00e9tique\\<\\\/a\\>, ainsi que \\<span class\\='citation'\\>\u00ab\u00a0les priorit\u00e9s d'action pour la gestion de l\u2019ensemble des formes d'\u00e9nergie sur le territoire m\u00e9tropolitain continental, afin d\u2019atteindre les objectifs nationaux fix\u00e9s par la loi\u00a0\u00bb\\<\\\/span\\>\\. \\(Wikip\u00e9dia\\)\\<\\\/p\\>\"; toolTips('.classtoolTips164',tt_store_content,'7750'); <\/script><script type=\"text\/javascript\"> var tt_store_content = \"\\<\/p>\n<p style\\='text\\-align\\: justify'\\>La \u00ab\u00a0\\<b\\>programmation pluriannuelle de l'\u00e9nergie\\<\\\/b\\>\u00a0\u00bb \\(PPE\\) est, en France, un document strat\u00e9gique de pilotage de la transition \u00e9nerg\u00e9tique\\. Institu\u00e9e par l'article 176 de la \\<a title\\='Loi relative \u00e0 la transition \u00e9nerg\u00e9tique pour la croissance verte' href\\='https\\:\\\/\\\/fr\\.wikipedia\\.org\\\/wiki\\\/Loi_relative_%C3%A0_la_transition_%C3%A9nerg%C3%A9tique_pour_la_croissance_verte'\\>loi de transition \u00e9nerg\u00e9tique\\<\\\/a\\> \\(TECV\\), elle fixe une trajectoire pour le \\<a title\\='Mix \u00e9nerg\u00e9tique' href\\='https\\:\\\/\\\/fr\\.wikipedia\\.org\\\/wiki\\\/Mix_%C3%A9nerg%C3%A9tique'\\>mix \u00e9nerg\u00e9tique\\<\\\/a\\>, ainsi que \\<span class\\='citation'\\>\u00ab\u00a0les priorit\u00e9s d'action pour la gestion de l\u2019ensemble des formes d'\u00e9nergie sur le territoire m\u00e9tropolitain continental, afin d\u2019atteindre les objectifs nationaux fix\u00e9s par la loi\u00a0\u00bb\\<\\\/span\\>\\. \\(Wikip\u00e9dia\\)\\<\\\/p\\>\"; toolTips('.classtoolTips164',tt_store_content,'7750'); <\/script><script type=\"text\/javascript\"> var tt_store_content = \"\\<\/p>\n<p style\\='text\\-align\\: justify;'\\>Le Conseil d'Orientation des Retraites est une instance qui r\u00e9unit &nbsp;\\<span class\\='st'\\>les principaux acteurs du champ des retraites\\<\\\/span\\> et effectue un travail d'\u00e9tudes et de concertation\\. Compos\u00e9 de parlementaires, de repr\u00e9sentants des organisations professionnelles et syndicales, des retrait\u00e9s et des familles, de membres de l'administration et d'experts, le Conseil d'orientation des retraites \\(<span class='tooltipsall tooltip_post_id_7751 classtoolTips165'>COR<\/span>\\) est plac\u00e9 aupr\u00e8s du Premier ministre\\.\\<\\\/p\\>\"; toolTips('.classtoolTips165',tt_store_content,'7751'); <\/script><script type=\"text\/javascript\"> var tt_store_content = \"\\<\/p>\n<p style\\='text\\-align\\: center;'\\>\\<span style\\='font\\-size\\: 14pt;'\\>\\<strong\\>O\\<\\\/strong\\>rganisation \\<strong\\>M\\<\\\/strong\\>\u00e9t\u00e9orologique \\<strong\\>M\\<\\\/strong\\>ondiale<br \/>\\<strong\\>W\\<\\\/strong\\>orld \\<strong\\>M\\<\\\/strong\\>eteorological \\<strong\\>O\\<\\\/strong\\>rganization\\<\\\/span\\>\\<\\\/p\\><br \/>&nbsp;<\/p>\n<p>\\<a href\\='https\\:\\\/\\\/public\\.wmo\\.int\\\/fr' target\\='_blank' rel\\='noopener'\\>\\<em\\>Acc\u00e9der ici au site de l'organisation\\<\\\/em\\>\\<\\\/a\\>\"; toolTips('.classtoolTips168',tt_store_content,'7763'); <\/script><script type=\"text\/javascript\"> var tt_store_content = \"\\<\/p>\n<p style\\='text\\-align\\: center;'\\>\\<span style\\='font\\-size\\: 14pt;'\\>\\<strong\\>\u00c9\\<\\\/strong\\>cole \\<strong\\>N\\<\\\/strong\\>ationale d'\\<strong\\>A\\<\\\/strong\\>dministration\\<\\\/span\\>\\<\\\/p\\>\"; toolTips('.classtoolTips170',tt_store_content,'5213'); <\/script><script type=\"text\/javascript\"> var tt_store_content = \"\\<\/p>\n<p style\\='text\\-align\\: center;'\\>\\<span style\\='font\\-size\\: 14pt;'\\>\u00c9cole des<br \/>\\<strong\\>H\\<\\\/strong\\>autes \\<strong\\>\u00c9\\<\\\/strong\\>tudes \\<strong\\>C\\<\\\/strong\\>ommerciales\\<\\\/span\\>\\<\\\/p\\>\"; toolTips('.classtoolTips171',tt_store_content,'5214'); <\/script><script type=\"text\/javascript\"> var tt_store_content = \"\\<\/p>\n<p style\\='text\\-align\\: justify'\\>\\<span class\\='ILfuVd'\\>La politique agricole commune \\(\\<b\\><span class='tooltipsall tooltip_post_id_11364 classtoolTips174'>PAC<\/span>\\<\\\/b\\>\\) est une politique mise en place \u00e0 l'\u00e9chelle de l'Union europ\u00e9enne\\. \u00c0 l'origine, elle est fond\u00e9e principalement sur des mesures de contr\u00f4le des prix et de subventionnement, visant \u00e0 moderniser et d\u00e9velopper l'agriculture\\.\\<\\\/span\\> \\(source Wikipedia\\)\\<\\\/p\\>\"; toolTips('.classtoolTips174',tt_store_content,'11364'); <\/script><script type=\"text\/javascript\"> var tt_store_content = \"\\<\/p>\n<p style\\='text\\-align\\: center;'\\>\\<span style\\='font\\-size\\: 14pt;'\\>\\<strong\\>P\\<\\\/strong\\>\\<\\\/span\\>\\<span style\\='font\\-size\\: 14pt;'\\>lan \\<strong\\>L\\<\\\/strong\\>\\<\\\/span\\>\\<span style\\='font\\-size\\: 14pt;'\\>ocal d'\\<strong\\>U\\<\\\/strong\\>\\<\\\/span\\>\\<span style\\='font\\-size\\: 14pt;'\\>rbanisme\\<\\\/span\\>\\<\\\/p\\><br \/>&nbsp;\"; toolTips('.classtoolTips176',tt_store_content,'4979'); <\/script><script type=\"text\/javascript\"> var tt_store_content = \"\\<p\\>Conseil \u00c9conomique et Social\\<\\\/p\\>\"; toolTips('.classtoolTips180',tt_store_content,'29829'); <\/script><script type=\"text\/javascript\"> var tt_store_content = \"\\<\/p>\n<p style\\='text\\-align\\: center;'\\>\\<span style\\='font\\-size\\: 14pt;'\\>\\<strong\\>H\\<\\\/strong\\>ydrocarbure \\<strong\\>A\\<\\\/strong\\>romatique \\<strong\\>P\\<\\\/strong\\>olycyclique\\<\\\/span\\>\\<\\\/p\\><br \/>\\<\/p>\n<p style\\='text\\-align\\: justify;'\\>Depuis de nombreuses ann\u00e9es, les <span class='tooltipsall tooltip_post_id_20397 classtoolTips184'>HAP<\/span> sont tr\u00e8s \u00e9tudi\u00e9s car ce sont des compos\u00e9s pr\u00e9sents dans tous les milieux environnementaux et qui montrent une forte toxicit\u00e9\\. On a pu \u00e9tablir la canc\u00e9rog\u00e9n\u00e8se de certains HPA, tels que le Benzo\\[a\\]anthrac\u00e8ne, le Chrys\u00e8ne et d'autres\\.\\<\\\/p\\><br \/>\\<\/p>\n<p style\\='text\\-align\\: justify;'\\>Les HAP proviennent principalement de la combustion \u00e0 haute temp\u00e9rature \\(500\u00b0 C et plus\\) de mati\u00e8res fossiles telles que le bois, le charbon et le p\u00e9trole\\. Dans l'environnement, la production de HAP provient donc&nbsp; du chauffage domestique, de la circulation automobile, des centrales \u00e9lectriques fonctionnant au charbon ou au p\u00e9trole \\('fioul'\\), ainsi que des incin\u00e9rateurs\\.\\<\\\/p\\><br \/>\\<p\\>\\<a href\\='https\\:\\\/\\\/fr\\.wikipedia\\.org\\\/wiki\\\/Hydrocarbure_aromatique_polycyclique' target\\='_blank' rel\\='noopener noreferrer'\\>\\<em\\>Voir ici l'article Wikipedia consacr\u00e9 aux HAP\\<\\\/em\\>\\<\\\/a\\>\\<\\\/p\\>\"; toolTips('.classtoolTips184',tt_store_content,'20397'); <\/script><script type=\"text\/javascript\"> var tt_store_content = \"\\<\/p>\n<p style\\='text\\-align\\: center;'\\>\\<span style\\='font\\-size\\: 14pt;'\\>\\<strong\\>G\\<\\\/strong\\>roupement \\<strong\\>H\\<\\\/strong\\>ospitalier de \\<strong\\>T\\<\\\/strong\\>erritoire\\<\\\/span\\>\\<\\\/p\\><br \/>\\<\/p>\n<p style\\='text\\-align\\: justify;'\\>Les groupements hospitaliers de territoires, dispositif pr\u00e9vu par la loi de sant\u00e9 2016, sont un nouveau mode de coop\u00e9ration entre les \u00e9tablissements publics de sant\u00e9 \u00e0 l\u2019\u00e9chelle d\u2019un territoire\\<\\\/p\\>\"; toolTips('.classtoolTips189',tt_store_content,'18358'); <\/script><script type=\"text\/javascript\"> var tt_store_content = \"\\<\/p>\n<p style\\='text\\-align\\: center;'\\>\\<span style\\='font\\-size\\: 14pt;'\\>\\<strong\\>C\\<\\\/strong\\>omit\u00e9 \\<strong\\>T\\<\\\/strong\\>echnique d'\\<strong\\>\u00c9\\<\\\/strong\\>tablissement\\<\\\/span\\>\\<\\\/p\\>\"; toolTips('.classtoolTips191',tt_store_content,'18359'); <\/script><script type=\"text\/javascript\"> var tt_store_content = \"\\<\/p>\n<p style\\='text\\-align\\: center;'\\>\\<strong\\>\\<span style\\='font\\-size\\: 14pt;'\\>P\\<\\\/span\\>\\<\\\/strong\\>\\<span style\\='font\\-size\\: 14pt;'\\>rogrammation \\<strong\\>P\\<\\\/strong\\>luri\\-annuelle de l'\\<strong\\>\u00c9\\<\\\/strong\\>nergie\\<\\\/span\\>\\<\\\/p\\><br \/>La PPE est est en France un document strat\u00e9gique de pilotage de la transition \u00e9nerg\u00e9tique\\. Institu\u00e9e par l'article 176 de la loi transition \u00e9nerg\u00e9tique \\(TECV\\)\\. Elle fixe \\(par \u00e9nergie\\) une trajectoire pour le mix \u00e9nerg\u00e9tique, ainsi que \u00ab&nbsp;\\<em\\>les priorit\u00e9s d'action pour la gestion de l\u2019ensemble des formes d'\u00e9nergie sur le territoire m\u00e9tropolitain continental, afin d\u2019atteindre les objectifs nationaux fix\u00e9s par la loi\\<\\\/em\\>&nbsp;\u00bb\\.<\/p>\n<p>Initi\u00e9e en 2016, elle est r\u00e9vis\u00e9e en 2018 puis ensuite tous les 5 ans\\.<\/p>\n<p>\\<a href\\='https\\:\\\/\\\/fr\\.wikipedia\\.org\\\/wiki\\\/Programmation_pluriannuelle_de_l'\u00e9nergi' target\\='_blank' rel\\='noopener'\\>\\<em\\>Voir ici la page Wikipedia consacr\u00e9e \u00e0 la PPE\\<\\\/em\\>\\<\\\/a\\><br \/>\\<a href\\='https\\:\\\/\\\/ppe\\.debatpublic\\.fr\\\/' target\\='_blank' rel\\='noopener'\\>\\<em\\>Voir ici la page du site 'Commission du D\u00e9bat Public' consacr\u00e9e \u00e0 la PPE\\<\\\/em\\>\\<\\\/a\\>\"; toolTips('.classtoolTips193',tt_store_content,'7102'); <\/script><script type=\"text\/javascript\"> var tt_store_content = \"\\<\/p>\n<p style\\='text\\-align\\: center;'\\>\\<span style\\='font\\-size\\: 14pt;'\\>\\<strong\\>E\\<\\\/strong\\>volutionary \\<strong\\>P\\<\\\/strong\\>ower \\<strong\\>R\\<\\\/strong\\>eactor\\<\\\/span\\>\\<\\\/p\\><br \/>\\<\/p>\n<p style\\='text\\-align\\: justify;'\\>R\u00e9acteur nucl\u00e9aire de troisi\u00e8me g\u00e9n\u00e9ration \\(classification internationale\\), con\u00e7u et d\u00e9velopp\u00e9 par <span class='tooltipsall tooltip_post_id_5121 classtoolTips35'>Areva NP<\/span>&nbsp; au cours des ann\u00e9es 1990 et 2000\\. Il fait partie de la fili\u00e8re des r\u00e9acteurs \u00e0 eau pressuris\u00e9e\\.\\<\\\/p\\><br \/>\\<a href\\='https\\:\\\/\\\/fr\\.wikipedia\\.org\\\/wiki\\\/R%C3%A9acteur_pressuris%C3%A9_europ%C3%A9en' target\\='_blank' rel\\='noopener'\\>\\<em\\>Voir ici la fiche Wikipedia <span class='tooltipsall tooltip_post_id_5579 classtoolTips196'>EPR<\/span>\\<\\\/em\\>\\<\\\/a\\>\"; toolTips('.classtoolTips196',tt_store_content,'5579'); <\/script><script type=\"text\/javascript\"> var tt_store_content = \"\\<\/p>\n<p style\\='text\\-align\\: center;'\\>\\<strong\\>R\\<\\\/strong\\>\u00e9seau \\<strong\\>A\\<\\\/strong\\>ction \\<strong\\>C\\<\\\/strong\\>limat\\<\\\/p\\><br \/>Le r\u00e9seau Action Climat '\\<em\\>f\u00e9d\u00e8re les associations impliqu\u00e9es dans la lutte contre les changements climatiques et pour une transition \u00e9cologique, solidaire et \u00e9quitable\\<\\\/em\\>'\\.<\/p>\n<p>\\<a href\\='https\\:\\\/\\\/reseauactionclimat\\.org\\\/' target\\='_blank' rel\\='noopener'\\>Voir le site du <span class='tooltipsall tooltip_post_id_4309 classtoolTips200'>RAC<\/span>\\<\\\/a\\>\"; toolTips('.classtoolTips200',tt_store_content,'4309'); <\/script><script type=\"text\/javascript\"> var tt_store_content = \"\\<\/p>\n<p style\\='text\\-align\\: center;'\\>\\<strong\\>\\<span style\\='font\\-size\\: 14pt;'\\>R\\<\\\/span\\>\\<\\\/strong\\>\\<span style\\='font\\-size\\: 14pt;'\\>eferendum d'\\<strong\\>I\\<\\\/strong\\>nitiative \\<strong\\>C\\<\\\/strong\\>itoyenne\\<\\\/span\\>\\<\\\/p\\>\"; toolTips('.classtoolTips205',tt_store_content,'12268'); <\/script><script type=\"text\/javascript\"> var tt_store_content = \"\\<p\\><span class='tooltipsall tooltip_post_id_25844 classtoolTips208'>RTE<\/span> \\= R\u00e9seau de Transport d'Electricit\u00e9 est une filiale d'<span class='tooltipsall tooltip_post_id_7035 classtoolTips178'>EDF<\/span> qui est l'actionnaire majoritaire avec 50,1% des parts le reste \u00e9tant partag\u00e9 par la CDC et la CNP\\<\\\/p\\>\"; toolTips('.classtoolTips208',tt_store_content,'25844'); <\/script><script type=\"text\/javascript\"> var tt_store_content = \"\\<\/p>\n<p style\\='text\\-align\\: center;'\\>\\<span style\\='font\\-size\\: 14pt;'\\>\\<strong\\>O\\<\\\/strong\\>rganisation\\<strong\\> N\\<\\\/strong\\>on\\<strong\\> G\\<\\\/strong\\>ouvernementale\\<\\\/span\\>\\<\\\/p\\><br \/>Une organisation non gouvernementale \\(<span class='tooltipsall tooltip_post_id_3579 classtoolTips210'>ONG<\/span>\\) est une \\<a title\\='Association \u00e0 but non lucratif' href\\='https\\:\\\/\\\/fr\\.wikipedia\\.org\\\/wiki\\\/Association_%C3%A0_but_non_lucratif' target\\='_blank' rel\\='noopener'\\>association \u00e0 but non lucratif\\<\\\/a\\>, d'int\u00e9r\u00eat public, qui ne rel\u00e8ve ni de l'\u00c9tat, ni d'institutions internationales\\<sup id\\='cite_ref\\-novethic_1\\-0' class\\='reference'\\>\\<\\\/sup\\>\\. Les ONG n'ont pas le statut de sujet de \\<a title\\='Droit international public' href\\='https\\:\\\/\\\/fr\\.wikipedia\\.org\\\/wiki\\\/Droit_international_public' target\\='_blank' rel\\='noopener'\\>droit international\\<\\\/a\\>\\.\"; toolTips('.classtoolTips210',tt_store_content,'3579'); <\/script><script type=\"text\/javascript\"> var tt_store_content = \"\\<\/p>\n<p style\\='text\\-align\\: center;'\\>\\<span style\\='font\\-size\\: 14pt;'\\>\\<strong\\>O\\<\\\/strong\\>rganisation\\<strong\\> N\\<\\\/strong\\>on\\<strong\\> G\\<\\\/strong\\>ouvernementale\\<\\\/span\\>\\<\\\/p\\><br \/>Une organisation non gouvernementale \\(ONG\\) est une \\<a title\\='Association \u00e0 but non lucratif' href\\='https\\:\\\/\\\/fr\\.wikipedia\\.org\\\/wiki\\\/Association_%C3%A0_but_non_lucratif' target\\='_blank' rel\\='noopener'\\>association \u00e0 but non lucratif\\<\\\/a\\>, d'int\u00e9r\u00eat public, qui ne rel\u00e8ve ni de l'\u00c9tat, ni d'institutions internationales\\<sup id\\='cite_ref\\-novethic_1\\-0' class\\='reference'\\>\\<\\\/sup\\>\\. Les ONG n'ont pas le statut de sujet de \\<a title\\='Droit international public' href\\='https\\:\\\/\\\/fr\\.wikipedia\\.org\\\/wiki\\\/Droit_international_public' target\\='_blank' rel\\='noopener'\\>droit international\\<\\\/a\\>\\.\"; toolTips('.classtoolTips210',tt_store_content,'3579'); <\/script><script type=\"text\/javascript\"> var tt_store_content = \"\\<p\\><span class='tooltipsall tooltip_post_id_24572 classtoolTips211'>MIT<\/span> \\= Massachussets Institute of Technology, prestigieuse universit\u00e9 am\u00e9ricaine de la c\u00f4te est\\<\\\/p\\>\"; toolTips('.classtoolTips211',tt_store_content,'24572'); <\/script><script type=\"text\/javascript\"> var tt_store_content = \"\\<\/p>\n<p style\\='text\\-align\\: center;'\\>\\<strong\\>J\\<\\\/strong\\>eux \\<strong\\>O\\<\\\/strong\\>lympiques<br \/>ou<br \/>\\<strong\\>J\\<\\\/strong\\>ournal \\<strong\\>O\\<\\\/strong\\>fficiel de la R\u00e9publique Fran\u00e7aise\\<\\\/p\\>\"; toolTips('.classtoolTips213',tt_store_content,'4451'); <\/script><script type=\"text\/javascript\"> var tt_store_content = \"\\<p\\><span class='tooltipsall tooltip_post_id_30593 classtoolTips214'>RN<\/span> \\= Rassemble National, c'est le parti d'extr\u00eame droite de Marine Le Pen qui succ\u00e8de au FN \\= Front National fond\u00e9 par son p\u00e8re Jean Marie Le Pen\\<\\\/p\\>\"; toolTips('.classtoolTips214',tt_store_content,'30593'); <\/script><script type=\"text\/javascript\"> var tt_store_content = \"\\<\/p>\n<p style\\='text\\-align\\: center;'\\>\\<span style\\='font\\-size\\: 14pt;'\\>\\<strong\\>C\\<\\\/strong\\>entre \\<strong\\>H\\<\\\/strong\\>ospitalier\\<\\\/span\\>\\<\\\/p\\>\"; toolTips('.classtoolTips220',tt_store_content,'18357'); <\/script><script type=\"text\/javascript\"> var tt_store_content = \"\\<p\\>D\u00e9chets radioactifs \u00e0 Haute Activit\u00e9 \\(classement <span class='tooltipsall tooltip_post_id_3612 classtoolTips79'>ANDRA<\/span>\\)\\<\\\/p\\>\"; toolTips('.classtoolTips223',tt_store_content,'19196'); <\/script><\/p>\n","protected":false},"author":2,"featured_media":0,"comment_status":"open","ping_status":"open","sticky":false,"template":"","format":"standard","meta":{"_acf_changed":false,"ngg_post_thumbnail":0,"_jetpack_memberships_contains_paid_content":false,"footnotes":""},"categories":[6,37,170,5,27,23],"tags":[],"coauthors":[4],"class_list":["post-25587","post","type-post","status-publish","format-standard","hentry","category-actu","category-actu_loc","category-rub_pol_citoyennete","category-rub_pol","category-rub","category-rub_soc","edition-edi_00082","type_art-type_art_article","no-thumb"],"acf":[],"jetpack_featured_media_url":"","jetpack_sharing_enabled":true,"jetpack_shortlink":"https:\/\/wp.me\/p9B5TM-6EH","_links":{"self":[{"href":"https:\/\/le-clairon-nouveau.fr\/wordpress\/wp-json\/wp\/v2\/posts\/25587","targetHints":{"allow":["GET"]}}],"collection":[{"href":"https:\/\/le-clairon-nouveau.fr\/wordpress\/wp-json\/wp\/v2\/posts"}],"about":[{"href":"https:\/\/le-clairon-nouveau.fr\/wordpress\/wp-json\/wp\/v2\/types\/post"}],"author":[{"embeddable":true,"href":"https:\/\/le-clairon-nouveau.fr\/wordpress\/wp-json\/wp\/v2\/users\/2"}],"replies":[{"embeddable":true,"href":"https:\/\/le-clairon-nouveau.fr\/wordpress\/wp-json\/wp\/v2\/comments?post=25587"}],"version-history":[{"count":0,"href":"https:\/\/le-clairon-nouveau.fr\/wordpress\/wp-json\/wp\/v2\/posts\/25587\/revisions"}],"wp:attachment":[{"href":"https:\/\/le-clairon-nouveau.fr\/wordpress\/wp-json\/wp\/v2\/media?parent=25587"}],"wp:term":[{"taxonomy":"category","embeddable":true,"href":"https:\/\/le-clairon-nouveau.fr\/wordpress\/wp-json\/wp\/v2\/categories?post=25587"},{"taxonomy":"post_tag","embeddable":true,"href":"https:\/\/le-clairon-nouveau.fr\/wordpress\/wp-json\/wp\/v2\/tags?post=25587"},{"taxonomy":"author","embeddable":true,"href":"https:\/\/le-clairon-nouveau.fr\/wordpress\/wp-json\/wp\/v2\/coauthors?post=25587"}],"curies":[{"name":"wp","href":"https:\/\/api.w.org\/{rel}","templated":true}]}}