{"id":25803,"date":"2022-01-23T12:30:38","date_gmt":"2022-01-23T11:30:38","guid":{"rendered":"https:\/\/le-clairon-nouveau.fr\/wordpress\/?p=25803"},"modified":"2022-01-23T02:13:29","modified_gmt":"2022-01-23T01:13:29","slug":"nucleaire-meme-pour-les-sous-cest-flou","status":"publish","type":"post","link":"https:\/\/le-clairon-nouveau.fr\/wordpress\/blog\/2022\/01\/23\/nucleaire-meme-pour-les-sous-cest-flou\/","title":{"rendered":"Nucl\u00e9aire : m\u00eame pour les sous c\u2019est flou !"},"content":{"rendered":"<p style=\"text-align: center\"><span style=\"font-size: 18pt\"><strong>Chronique d\u2019une catastrophe annonc\u00e9e (suite)<\/strong><\/span><\/p>\n<p style=\"text-align: center\"><img data-recalc-dims=\"1\" loading=\"lazy\" decoding=\"async\" class=\" wp-image-25804 aligncenter\" src=\"https:\/\/i0.wp.com\/le-clairon-nouveau.fr\/wordpress\/wp-content\/uploads\/2022\/01\/Pylones-photo-analogicus-de-Pixabay.jpg?resize=598%2C399&#038;ssl=1\" alt=\"\" width=\"598\" height=\"399\" srcset=\"https:\/\/i0.wp.com\/le-clairon-nouveau.fr\/wordpress\/wp-content\/uploads\/2022\/01\/Pylones-photo-analogicus-de-Pixabay.jpg?resize=300%2C200&amp;ssl=1 300w, https:\/\/i0.wp.com\/le-clairon-nouveau.fr\/wordpress\/wp-content\/uploads\/2022\/01\/Pylones-photo-analogicus-de-Pixabay.jpg?resize=1024%2C682&amp;ssl=1 1024w, https:\/\/i0.wp.com\/le-clairon-nouveau.fr\/wordpress\/wp-content\/uploads\/2022\/01\/Pylones-photo-analogicus-de-Pixabay.jpg?resize=768%2C512&amp;ssl=1 768w, https:\/\/i0.wp.com\/le-clairon-nouveau.fr\/wordpress\/wp-content\/uploads\/2022\/01\/Pylones-photo-analogicus-de-Pixabay.jpg?resize=600%2C400&amp;ssl=1 600w, https:\/\/i0.wp.com\/le-clairon-nouveau.fr\/wordpress\/wp-content\/uploads\/2022\/01\/Pylones-photo-analogicus-de-Pixabay.jpg?resize=272%2C182&amp;ssl=1 272w, https:\/\/i0.wp.com\/le-clairon-nouveau.fr\/wordpress\/wp-content\/uploads\/2022\/01\/Pylones-photo-analogicus-de-Pixabay.jpg?w=1280&amp;ssl=1 1280w\" sizes=\"auto, (max-width: 598px) 100vw, 598px\" \/><span style=\"font-size: 8pt\"><em><strong>Pylones photo analogicus de Pixabay<\/strong><\/em><\/span><\/p>\n<p style=\"text-align: justify\"><strong><em>Alors que les partisans du nucl\u00e9aire et nos gouvernants vantent le nucl\u00e9aire comme source d\u2019\u00e9nergie \u00e0 bas prix, un rapport de la Cour des Comptes <sup><a href=\"#footnote_1_25803\" id=\"identifier_1_25803\" class=\"footnote-link footnote-identifier-link\" title=\"20211213-S2021-2052-analyse-couts-systeme-production-electrique-France\">(1)<\/a><\/sup> pointe des incertitudes et des approximations dans le calcul des co\u00fbts de la fili\u00e8re et du prix de revient de l\u2019\u00e9lectricit\u00e9 produite par les r\u00e9acteurs fran\u00e7ais. M\u00eame les 6 sc\u00e9narios intitul\u00e9s \u00ab Horizon 2050 \u00bb \u00e9tablis par <span class='tooltipsall tooltip_post_id_25844 classtoolTips208'>RTE<\/span> et pr\u00e9sent\u00e9s fin d\u00e9cembre 2021, comporteraient des approximations \u00e0 affiner et compl\u00e9ter.<\/em><\/strong><\/p>\n<p style=\"text-align: justify\"><span style=\"font-size: 14pt;color: #0f3fa6\"><strong>La Cour des Comptes recommande de mieux \u00e9valuer le co\u00fbt de l\u2019\u00e9lectricit\u00e9 historique.<\/strong><\/span><\/p>\n<p style=\"text-align: justify\"><em>L&rsquo;\u00ab <strong><span class='tooltipsall tooltip_post_id_24409 classtoolTips83'>ARENH<\/span><\/strong> \u00bb (Acc\u00e8s R\u00e9gul\u00e9 \u00e0 l&rsquo;Electricit\u00e9 Nucl\u00e9aire Historique) a \u00e9t\u00e9 mis en place dans le cadre de la loi NOME pour r\u00e9pondre \u00e0 la r\u00e8glementation europ\u00e9enne. Il permet \u00e0 tous les fournisseurs alternatifs de s&rsquo;approvisionner en \u00e9lectricit\u00e9 \u00ab\u00a0pas <span class='tooltipsall tooltip_post_id_18357 classtoolTips220'>ch<\/span>\u00e8re\u00a0\u00bb aupr\u00e8s d&rsquo;<span class='tooltipsall tooltip_post_id_7035 classtoolTips178'>EDF<\/span> dans des conditions fix\u00e9es par les pouvoirs publics <\/em><sup><a href=\"#footnote_2_25803\" id=\"identifier_2_25803\" class=\"footnote-link footnote-identifier-link\" title=\"https:\/\/opera-energie.com\/arenh\/\">(2)<\/a><\/sup>.<br \/>\nLa Cour des Comptes (CdC) souligne que dans le cadre de l\u2019ARENH, le prix du m\u00e9gawattheure fix\u00e9 \u00e0 42 euros\u00a0 (\u20ac\/<span class='tooltipsall tooltip_post_id_21007 classtoolTips152'>MWh<\/span>), est irr\u00e9aliste car bas\u00e9 sur une \u00e9valuation comptable qui ne prend plus en compte les investissements pass\u00e9s, car amortis en grande partie. Mais si on fait un calcul \u00e9conomique\u00a0 bas\u00e9 sur la dur\u00e9e de vie des r\u00e9acteurs, alors le calcul de la CdC \u00e9tablit le prix de revient \u00e0 64,80 \u20ac\/MWh pour l&rsquo;ann\u00e9e 2019. On est donc loin, dans les conditions actuelles, d\u2019un prix ARENH r\u00e9aliste.<br \/>\nNotons que le 14 janvier le gouvernement a d\u00e9cid\u00e9 de relever le prix du MWh ARENH \u00e0 46,20 euros et de passer de 100 \u00e0 120 terawattheure. Cette vente \u00e0 prix cass\u00e9s devrait co\u00fbter autour de 8 milliards de pertes \u00e0 EDF.<\/p>\n<p style=\"text-align: justify\">Selon la CdC dans le cas o\u00f9 le parc nucl\u00e9aire serait prolong\u00e9 \u00e0 50 ans, les calculs de prix seraient \u00e0 revoir et le prix estim\u00e9 de 64,80\u20ac\/MWh serait au minimum augment\u00e9 de 35\u20ac\/MWh.<br \/>\nPlus g\u00e9n\u00e9ralement la CdC estime que l\u2019int\u00e9r\u00eat \u00e9conomique d\u2019une prolongation de la vie des r\u00e9acteurs n\u2019est pas d\u00e9montr\u00e9. Elle sugg\u00e8re : <em>\u00ab\u00a0une meilleure identification des d\u00e9penses li\u00e9es \u00e0 cette prolongation permettrait de rendre compte de la pertinence d&rsquo;une telle prolongation par rapport au d\u00e9veloppement de nouveaux moyens de production\u00a0\u00bb<\/em>.<\/p>\n<p><span style=\"color: #0f3fa6;font-size: 14pt\"><strong>Quel co\u00fbt pour les nouvelles installations nucl\u00e9aires\u00a0?<\/strong><\/span><\/p>\n<p style=\"text-align: justify\">Pour l\u2019<span class='tooltipsall tooltip_post_id_5579 classtoolTips196'>EPR<\/span> de Flamanville, la CdC maintient son estimation de 2020 d\u2019un co\u00fbt de production entre 110\u00a0et\u00a0120\u00a0\u20ac\/MWh. <br \/>\nPour le futur <u>EPR2,<\/u> la cour souligne le caract\u00e8re probl\u00e9matique d\u2019une estimation en l\u2019\u00e9tat actuel. Elle avance cependant une fourchette qu\u2019elle qualifie de provisoire entre 85 et 110 \u20ac\/MWh compte tenu de : \u00ab <em>l&rsquo;absence de maturit\u00e9 de ce nouveau r\u00e9acteur<\/em>\u00a0\u00bb.<em>\u00a0<br \/>\n<\/em><strong><em>Pour m\u00e9moire et en comparaison des co\u00fbts de production des \u00e9nergies renouvelables avec le nucl\u00e9aire : le prix des \u00e9nergies renouvelables oscille actuellement entre 55 et 80\u20ac pour le solaire, de 50 \u00e0 70\u20ac pour l\u2019\u00e9olien terrestre et entre 98 et 117\u20ac l\u2019\u00e9olien maritime pos\u00e9 <sup><a href=\"#footnote_3_25803\" id=\"identifier_3_25803\" class=\"footnote-link footnote-identifier-link\" title=\"sources ADEME, CRE, CdC\">(3)<\/a><\/sup>.<br \/>\n<\/em><\/strong>Le calcul du prix de revient de l\u2019\u00e9lectricit\u00e9 produite par le futur EPR2 est d\u2019autant plus probl\u00e9matique que des investissements sont n\u00e9cessaires en aval du cycle du combustible. Que faire de tout le combustible us\u00e9 produit et \u00e0 produire par les nouveaux EPR ? De nombreuses d\u00e9cisions sur le traitement du combustible us\u00e9 et sur le stockage des d\u00e9chets restent \u00e0 prendre. \u00a0On ne connait pas le co\u00fbt d\u2019un \u00e9ventuel renouvellement de la Hague, dont la d\u00e9cision n\u2019a pas encore \u00e9t\u00e9 prise, ni le co\u00fbt d\u2019un possible site d\u2019enfouissement <span class='tooltipsall tooltip_post_id_4298 classtoolTips91'>CIGEO<\/span> 2. Selon la CdC : <em>\u00ab\u00a0<span class='tooltipsall tooltip_post_id_29829 classtoolTips180'>ces<\/span> co\u00fbts<\/em> <em>ne sont explicit\u00e9s dans aucun document \u00e0 l&rsquo;appui d&rsquo;hypoth\u00e8ses de co\u00fbts de production de futurs EPR\u00a0<\/em>\u00bb<\/p>\n<p><span style=\"color: #0f3fa6;font-size: 14pt\"><strong>Une question de m\u00e9thode de calcul pour le co\u00fbt des mix \u00e9lectriques<\/strong><\/span><\/p>\n<p style=\"text-align: justify\">Le rapport de la CdC revient sur les modes de calcul du co\u00fbt d\u2019un mix \u00e9lectrique : il ne faut pas simplement additionner le co\u00fbt de chaque fili\u00e8re. D\u2019autres param\u00e8tres entrent en ligne de compte : les co\u00fbts li\u00e9s au r\u00e9seau, au stockage, aux modes d\u2019approvisionnement en combustible, \u00e0 la prise en comte de la flexibilit\u00e9 de la demande, etc.<br \/>\nLa CdC constate que les calculs de co\u00fbt pour chaque mix sont incomplets et qu\u2019il est n\u00e9cessaire, une fois les co\u00fbts arr\u00eat\u00e9s, de pr\u00e9voir des variantes incluant des taux d\u2019actualisation, compte tenu des risques et incidents qui peuvent se produire lors du d\u00e9veloppement des fili\u00e8res.<\/p>\n<p style=\"text-align: justify\">En conclusion le rapport de la CDC insiste sur la difficult\u00e9 de pr\u00e9voir des investissements sur un terme aussi long (Horizon 2050), d\u2019autant plus que ces investissements correspondent souvent \u00e0 des technologies qui n\u2019ont pas fait suffisamment leurs preuves. Ainsi le nucl\u00e9aire, qui pour la CdC : <em>\u00ab\u00a0est \u00e0 nouveau en phase d&rsquo;apprentissage <\/em><em>\u00bb.<\/em><\/p>\n<p style=\"text-align: justify\">Dans de telle conditions comment comprendre l&rsquo;annonce faite par E.Macron de la construction de 6 nouveaux EPR et du lancement d&rsquo;une fili\u00e8re de production de r\u00e9acteurs de poche (SMR) ?<\/p>\n<p style=\"text-align: right\"><em>Curly Mac Toole pour le Clairon de l\u2019Atax le 10\/01\/2021<\/em><\/p>\n<p>&nbsp;<\/p>\n<script type=\"text\/javascript\"> var tt_store_content = \"\\<p style\\='text\\-align\\: justify'\\>Arenh \\(\\(Acc\u00e8s r\u00e9gul\u00e9 \u00e0 l\u2019\u00e9lectricit\u00e9 nucl\u00e9aire historique\\) \\: il s'agit d'un dispositif qui permet aux fournisseurs d'\u00e9lectricit\u00e9, concurrents fran\u00e7ais d'EDF, de lui racheter au tarif de 42 \u20ac \\\/ MWh, une partie de son \u00e9lectricit\u00e9 nucl\u00e9aire, ceci pendant une p\u00e9riode transitoire de 2011 \u00e0 2025\\. Ce m\u00e9canisme a \u00e9t\u00e9 mis en place suite \u00e0 la r\u00e8glementation europ\u00e9enne sur la concurrence en mati\u00e8re d'\u00e9nergie \u00e9lectrique\\. H\\.R\\.\\<\\\/p\\>\"; toolTips('.classtoolTips83',tt_store_content,'24409'); <\/script><script type=\"text\/javascript\"> var tt_store_content = \"\\<p style\\='text\\-align\\: justify'\\>Arenh \\(\\(Acc\u00e8s r\u00e9gul\u00e9 \u00e0 l\u2019\u00e9lectricit\u00e9 nucl\u00e9aire historique\\) \\: il s'agit d'un dispositif qui permet aux fournisseurs d'\u00e9lectricit\u00e9, concurrents fran\u00e7ais d'EDF, de lui racheter au tarif de 42 \u20ac \\\/ MWh, une partie de son \u00e9lectricit\u00e9 nucl\u00e9aire, ceci pendant une p\u00e9riode transitoire de 2011 \u00e0 2025\\. Ce m\u00e9canisme a \u00e9t\u00e9 mis en place suite \u00e0 la r\u00e8glementation europ\u00e9enne sur la concurrence en mati\u00e8re d'\u00e9nergie \u00e9lectrique\\. H\\.R\\.\\<\\\/p\\>\"; toolTips('.classtoolTips83',tt_store_content,'24409'); <\/script><script type=\"text\/javascript\"> var tt_store_content = \"\\<p style\\='text\\-align\\: center;'\\>\\<strong\\>Centre Industriel de stockage GEOlogique\\<\\\/strong\\>\\<\\\/p\\><br\/>Projet fran\u00e7ais de centre de \\<strong\\>stockage\\<\\\/strong\\> des \\<strong\\>d\u00e9chets radioactifs\\<\\\/strong\\> en couche g\u00e9ologique profonde<br\/><br\/>\\<a href\\='https\\:\\\/\\\/fr\\.wikipedia\\.org\\\/wiki\\\/Cig%C3%A9o' target\\='_blank' rel\\='noopener'\\>Voir la fiche Wikipedia\\<\\\/a\\><br\/>\\<a href\\='http\\:\\\/\\\/cigeo\\.com\\\/' target\\='_blank' rel\\='noopener'\\>Voir le site du projet\\<\\\/a\\>\"; toolTips('.classtoolTips91',tt_store_content,'4298'); <\/script><script type=\"text\/javascript\"> var tt_store_content = \"\\<p style\\='text\\-align\\: center;'\\>\\<strong\\>A\\<\\\/strong\\>gence\\<strong\\> D\\<\\\/strong\\>e l'\\<strong\\>E\\<\\\/strong\\>nvironnement et de la \\<strong\\>M\\<\\\/strong\\>a\u00eetrise de l'\\<strong\\>E\\<\\\/strong\\>nergie\\<\\\/p\\><br\/>La mission de l'<span class='tooltipsall tooltip_post_id_4303 classtoolTips92'>ADEME<\/span> est de susciter, animer, coordonner, faciliter ou r\u00e9aliser des op\u00e9rations ayant pour objet la protection de l'environnement et la ma\u00eetrise de l'\u00e9nergie\\.<br\/><br\/>\\<a href\\='http\\:\\\/\\\/www\\.ademe\\.fr\\\/' target\\='_blank' rel\\='noopener'\\>Voir le site de l'Agence\\<\\\/a\\><br\/>\\<a href\\='https\\:\\\/\\\/fr\\.wikipedia\\.org\\\/wiki\\\/Agence_de_l%27environnement_et_de_la_ma%C3%AEtrise_de_l%27%C3%A9nergie' target\\='_blank' rel\\='noopener'\\>Voir la fiche Wikipedia de l'Agence\\<\\\/a\\>\"; toolTips('.classtoolTips92',tt_store_content,'4303'); <\/script><script type=\"text\/javascript\"> var tt_store_content = \"\\<p\\><span class='tooltipsall tooltip_post_id_19394 classtoolTips134'>SAGE<\/span> \\= \\<span class\\='st'\\> sch\u00e9ma d'am\u00e9nagement et de gestion de l'eau\\<\\\/span\\> , c'est un outil de planification qui concerne l'ensemble des eaux situ\u00e9es dans un bassin versant\\<\\\/p\\>\"; toolTips('.classtoolTips134',tt_store_content,'19394'); <\/script><script type=\"text\/javascript\"> var tt_store_content = \"\\<p style\\='text\\-align\\: center;'\\>\\<strong\\>\\<span style\\='font\\-size\\: 14pt;'\\>S\\<\\\/span\\>\\<\\\/strong\\>\\<span style\\='font\\-size\\: 14pt;'\\>oci\u00e9t\u00e9 d'\\<strong\\>\u00c9\\<\\\/strong\\>conomie \\<strong\\>M\\<\\\/strong\\>ixte\\<\\\/span\\>\\<\\\/p\\><br\/>\\<p style\\='text\\-align\\: justify;'\\>En France, une soci\u00e9t\u00e9 d'\u00e9conomie mixte est une soci\u00e9t\u00e9 anonyme dont le capital est majoritairement d\u00e9tenu par une ou plusieurs personnes publiques \\(\u00e0 savoir l'\u00c9tat, une Collectivit\u00e9 territoriale, ou tout autre \u00c9tablissement public\\)\\. Cette participation majoritaire publique est plafonn\u00e9e \u00e0 85&nbsp;% du capital depuis la Loi du 2 janvier 2002\\. Au moins une personne priv\u00e9e doit participer au capital de la <span class='tooltipsall tooltip_post_id_7168 classtoolTips142'>SEM<\/span>, sachant qu'il peut s'agir d'une autre SEM\\.\\<\\\/p\\><br\/>\\<p style\\='text\\-align\\: justify;'\\>\\<strong\\>Le recours \u00e0 la SEM garantit\\<\\\/strong\\> \u00e0 la collectivit\u00e9 publique actionnaire et cocontractante \\<strong\\>la prise en compte effective de l'int\u00e9r\u00eat g\u00e9n\u00e9ral\\<\\\/strong\\> dans les objectifs de l'entreprise \\<strong\\>et la souplesse de la soci\u00e9t\u00e9 de droit priv\u00e9\\<\\\/strong\\>\\.\\<\\\/p\\><br\/>\\<em\\>\\<a href\\='https\\:\\\/\\\/fr\\.wikipedia\\.org\\\/wiki\\\/Soci%C3%A9t%C3%A9_d%27%C3%A9conomie_mixte' target\\='_blank' rel\\='noopener'\\>Voir ici la page Wikipedia consacr\u00e9e aux SEM\\<\\\/a\\> \\<\\\/em\\><br\/><br\/>&nbsp;\"; toolTips('.classtoolTips142',tt_store_content,'7168'); <\/script><script type=\"text\/javascript\"> var tt_store_content = \"\\<p style\\='text\\-align\\: center;'\\>\\<span style\\='font\\-size\\: 14pt;'\\>\\<strong\\>I\\<\\\/strong\\>mp\u00f4t sur la \\<strong\\>F\\<\\\/strong\\>ortune \\<strong\\>I\\<\\\/strong\\>mmobili\u00e8re\\<\\\/span\\>\\<\\\/p\\>\"; toolTips('.classtoolTips148',tt_store_content,'5643'); <\/script><script type=\"text\/javascript\"> var tt_store_content = \"\\<p\\>MWh \\= \\<span class\\='ILfuVd'\\>\\<span class\\='e24Kjd'\\>unit\u00e9 de mesure de l'\u00e9nergie, qui correspond \u00e0 la puissance d'un <span class='tooltipsall tooltip_post_id_30103 classtoolTips217'>m\u00e9gawatt<\/span> actif pendant une heure\\. Exemple \\: 1 \\<b\\>MWh\\<\\\/b\\> \u00e9quivaut \u00e0 1000 kWh\\<\\\/span\\>\\<\\\/span\\>\\<\\\/p\\>\"; toolTips('.classtoolTips152',tt_store_content,'21007'); <\/script><script type=\"text\/javascript\"> var tt_store_content = \"\\<p\\>MWh \\= \\<span class\\='ILfuVd'\\>\\<span class\\='e24Kjd'\\>unit\u00e9 de mesure de l'\u00e9nergie, qui correspond \u00e0 la puissance d'un m\u00e9gawatt actif pendant une heure\\. Exemple \\: 1 \\<b\\>MWh\\<\\\/b\\> \u00e9quivaut \u00e0 1000 kWh\\<\\\/span\\>\\<\\\/span\\>\\<\\\/p\\>\"; toolTips('.classtoolTips152',tt_store_content,'21007'); <\/script><script type=\"text\/javascript\"> var tt_store_content = \"\\<p style\\='text\\-align\\: center;'\\>\\<span style\\='font\\-size\\: 14pt;'\\>\\<strong\\>R\\<\\\/strong\\>\u00e9pertoire \\<strong\\>N\\<\\\/strong\\>ational des \\<strong\\>A\\<\\\/strong\\>ssociations\\<\\\/span\\>\\<\\\/p\\>\"; toolTips('.classtoolTips159',tt_store_content,'24374'); <\/script><script type=\"text\/javascript\"> var tt_store_content = \"\\<p style\\='text\\-align\\: justify'\\>La \u00ab\u00a0\\<b\\>programmation pluriannuelle de l'\u00e9nergie\\<\\\/b\\>\u00a0\u00bb \\(<span class='tooltipsall tooltip_post_id_7750 classtoolTips164'>PPE<\/span>\\) est, en France, un document strat\u00e9gique de pilotage de la transition \u00e9nerg\u00e9tique\\. Institu\u00e9e par l'article 176 de la \\<a title\\='Loi relative \u00e0 la transition \u00e9nerg\u00e9tique pour la croissance verte' href\\='https\\:\\\/\\\/fr\\.wikipedia\\.org\\\/wiki\\\/Loi_relative_%C3%A0_la_transition_%C3%A9nerg%C3%A9tique_pour_la_croissance_verte'\\>loi de transition \u00e9nerg\u00e9tique\\<\\\/a\\> \\(TECV\\), elle fixe une trajectoire pour le \\<a title\\='Mix \u00e9nerg\u00e9tique' href\\='https\\:\\\/\\\/fr\\.wikipedia\\.org\\\/wiki\\\/Mix_%C3%A9nerg%C3%A9tique'\\>mix \u00e9nerg\u00e9tique\\<\\\/a\\>, ainsi que \\<span class\\='citation'\\>\u00ab\u00a0les priorit\u00e9s d'action pour la gestion de l\u2019ensemble des formes d'\u00e9nergie sur le territoire m\u00e9tropolitain continental, afin d\u2019atteindre les objectifs nationaux fix\u00e9s par la loi\u00a0\u00bb\\<\\\/span\\>\\. \\(Wikip\u00e9dia\\)\\<\\\/p\\>\"; toolTips('.classtoolTips164',tt_store_content,'7750'); <\/script><script type=\"text\/javascript\"> var tt_store_content = \"\\<p style\\='text\\-align\\: justify'\\>La \u00ab\u00a0\\<b\\>programmation pluriannuelle de l'\u00e9nergie\\<\\\/b\\>\u00a0\u00bb \\(PPE\\) est, en France, un document strat\u00e9gique de pilotage de la transition \u00e9nerg\u00e9tique\\. Institu\u00e9e par l'article 176 de la \\<a title\\='Loi relative \u00e0 la transition \u00e9nerg\u00e9tique pour la croissance verte' href\\='https\\:\\\/\\\/fr\\.wikipedia\\.org\\\/wiki\\\/Loi_relative_%C3%A0_la_transition_%C3%A9nerg%C3%A9tique_pour_la_croissance_verte'\\>loi de transition \u00e9nerg\u00e9tique\\<\\\/a\\> \\(TECV\\), elle fixe une trajectoire pour le \\<a title\\='Mix \u00e9nerg\u00e9tique' href\\='https\\:\\\/\\\/fr\\.wikipedia\\.org\\\/wiki\\\/Mix_%C3%A9nerg%C3%A9tique'\\>mix \u00e9nerg\u00e9tique\\<\\\/a\\>, ainsi que \\<span class\\='citation'\\>\u00ab\u00a0les priorit\u00e9s d'action pour la gestion de l\u2019ensemble des formes d'\u00e9nergie sur le territoire m\u00e9tropolitain continental, afin d\u2019atteindre les objectifs nationaux fix\u00e9s par la loi\u00a0\u00bb\\<\\\/span\\>\\. \\(Wikip\u00e9dia\\)\\<\\\/p\\>\"; toolTips('.classtoolTips164',tt_store_content,'7750'); <\/script><script type=\"text\/javascript\"> var tt_store_content = \"\\<p style\\='text\\-align\\: justify;'\\>Le Conseil d'Orientation des Retraites est une instance qui r\u00e9unit &nbsp;\\<span class\\='st'\\>les principaux acteurs du champ des retraites\\<\\\/span\\> et effectue un travail d'\u00e9tudes et de concertation\\. Compos\u00e9 de parlementaires, de repr\u00e9sentants des organisations professionnelles et syndicales, des retrait\u00e9s et des familles, de membres de l'administration et d'experts, le Conseil d'orientation des retraites \\(<span class='tooltipsall tooltip_post_id_7751 classtoolTips165'>COR<\/span>\\) est plac\u00e9 aupr\u00e8s du Premier ministre\\.\\<\\\/p\\>\"; toolTips('.classtoolTips165',tt_store_content,'7751'); <\/script><script type=\"text\/javascript\"> var tt_store_content = \"\\<p style\\='text\\-align\\: center;'\\>\\<span style\\='font\\-size\\: 14pt;'\\>\\<strong\\>O\\<\\\/strong\\>rganisation \\<strong\\>M\\<\\\/strong\\>\u00e9t\u00e9orologique \\<strong\\>M\\<\\\/strong\\>ondiale<br\/>\\<strong\\>W\\<\\\/strong\\>orld \\<strong\\>M\\<\\\/strong\\>eteorological \\<strong\\>O\\<\\\/strong\\>rganization\\<\\\/span\\>\\<\\\/p\\><br\/>&nbsp;<br\/><br\/>\\<a href\\='https\\:\\\/\\\/public\\.wmo\\.int\\\/fr' target\\='_blank' rel\\='noopener'\\>\\<em\\>Acc\u00e9der ici au site de l'organisation\\<\\\/em\\>\\<\\\/a\\>\"; toolTips('.classtoolTips168',tt_store_content,'7763'); <\/script><script type=\"text\/javascript\"> var tt_store_content = \"\\<p style\\='text\\-align\\: center;'\\>\\<span style\\='font\\-size\\: 14pt;'\\>\\<strong\\>P\\<\\\/strong\\>\\<\\\/span\\>\\<span style\\='font\\-size\\: 14pt;'\\>lan \\<strong\\>L\\<\\\/strong\\>\\<\\\/span\\>\\<span style\\='font\\-size\\: 14pt;'\\>ocal d'\\<strong\\>U\\<\\\/strong\\>\\<\\\/span\\>\\<span style\\='font\\-size\\: 14pt;'\\>rbanisme\\<\\\/span\\>\\<\\\/p\\><br\/>&nbsp;\"; toolTips('.classtoolTips176',tt_store_content,'4979'); <\/script><script type=\"text\/javascript\"> var tt_store_content = \"\\<p style\\='text\\-align\\: center;'\\>\\<strong\\>\\<span style\\='font\\-size\\: 14pt;'\\>E\\<\\\/span\\>\\<\\\/strong\\>\\<span style\\='font\\-size\\: 14pt;'\\>lectricit\u00e9 \\<strong\\>d\\<\\\/strong\\>e \\<strong\\>F\\<\\\/strong\\>rance\\<\\\/span\\>\\<\\\/p\\>\"; toolTips('.classtoolTips178',tt_store_content,'7035'); <\/script><script type=\"text\/javascript\"> var tt_store_content = \"\\<p style\\='text\\-align\\: center;'\\>\\<strong\\>\\<span style\\='font\\-size\\: 14pt;'\\>E\\<\\\/span\\>\\<\\\/strong\\>\\<span style\\='font\\-size\\: 14pt;'\\>lectricit\u00e9 \\<strong\\>d\\<\\\/strong\\>e \\<strong\\>F\\<\\\/strong\\>rance\\<\\\/span\\>\\<\\\/p\\>\"; toolTips('.classtoolTips178',tt_store_content,'7035'); <\/script><script type=\"text\/javascript\"> var tt_store_content = \"\\<p\\>Conseil \u00c9conomique et Social\\<\\\/p\\>\"; toolTips('.classtoolTips180',tt_store_content,'29829'); <\/script><script type=\"text\/javascript\"> var tt_store_content = \"\\<p style\\='text\\-align\\: center;'\\>\\<span style\\='font\\-size\\: 14pt;'\\>\\<strong\\>G\\<\\\/strong\\>roupement \\<strong\\>H\\<\\\/strong\\>ospitalier de \\<strong\\>T\\<\\\/strong\\>erritoire\\<\\\/span\\>\\<\\\/p\\><br\/>\\<p style\\='text\\-align\\: justify;'\\>Les groupements hospitaliers de territoires, dispositif pr\u00e9vu par la loi de sant\u00e9 2016, sont un nouveau mode de coop\u00e9ration entre les \u00e9tablissements publics de sant\u00e9 \u00e0 l\u2019\u00e9chelle d\u2019un territoire\\<\\\/p\\>\"; toolTips('.classtoolTips189',tt_store_content,'18358'); <\/script><script type=\"text\/javascript\"> var tt_store_content = \"\\<p style\\='text\\-align\\: center;'\\>\\<span style\\='font\\-size\\: 14pt;'\\>\\<strong\\>C\\<\\\/strong\\>omit\u00e9 \\<strong\\>T\\<\\\/strong\\>echnique d'\\<strong\\>\u00c9\\<\\\/strong\\>tablissement\\<\\\/span\\>\\<\\\/p\\>\"; toolTips('.classtoolTips191',tt_store_content,'18359'); <\/script><script type=\"text\/javascript\"> var tt_store_content = \"\\<p style\\='text\\-align\\: center;'\\>\\<strong\\>\\<span style\\='font\\-size\\: 14pt;'\\>P\\<\\\/span\\>\\<\\\/strong\\>\\<span style\\='font\\-size\\: 14pt;'\\>rogrammation \\<strong\\>P\\<\\\/strong\\>luri\\-annuelle de l'\\<strong\\>\u00c9\\<\\\/strong\\>nergie\\<\\\/span\\>\\<\\\/p\\><br\/>La PPE est est en France un document strat\u00e9gique de pilotage de la transition \u00e9nerg\u00e9tique\\. Institu\u00e9e par l'article 176 de la loi transition \u00e9nerg\u00e9tique \\(TECV\\)\\. Elle fixe \\(par \u00e9nergie\\) une trajectoire pour le mix \u00e9nerg\u00e9tique, ainsi que \u00ab&nbsp;\\<em\\>les priorit\u00e9s d'action pour la gestion de l\u2019ensemble des formes d'\u00e9nergie sur le territoire m\u00e9tropolitain continental, afin d\u2019atteindre les objectifs nationaux fix\u00e9s par la loi\\<\\\/em\\>&nbsp;\u00bb\\.<br\/><br\/>Initi\u00e9e en 2016, elle est r\u00e9vis\u00e9e en 2018 puis ensuite tous les 5 ans\\.<br\/><br\/>\\<a href\\='https\\:\\\/\\\/fr\\.wikipedia\\.org\\\/wiki\\\/Programmation_pluriannuelle_de_l'\u00e9nergi' target\\='_blank' rel\\='noopener'\\>\\<em\\>Voir ici la page Wikipedia consacr\u00e9e \u00e0 la PPE\\<\\\/em\\>\\<\\\/a\\><br\/>\\<a href\\='https\\:\\\/\\\/ppe\\.debatpublic\\.fr\\\/' target\\='_blank' rel\\='noopener'\\>\\<em\\>Voir ici la page du site 'Commission du D\u00e9bat Public' consacr\u00e9e \u00e0 la PPE\\<\\\/em\\>\\<\\\/a\\>\"; toolTips('.classtoolTips193',tt_store_content,'7102'); <\/script><script type=\"text\/javascript\"> var tt_store_content = \"\\<p style\\='text\\-align\\: center;'\\>\\<span style\\='font\\-size\\: 14pt;'\\>\\<strong\\>E\\<\\\/strong\\>volutionary \\<strong\\>P\\<\\\/strong\\>ower \\<strong\\>R\\<\\\/strong\\>eactor\\<\\\/span\\>\\<\\\/p\\><br\/>\\<p style\\='text\\-align\\: justify;'\\>R\u00e9acteur nucl\u00e9aire de troisi\u00e8me g\u00e9n\u00e9ration \\(classification internationale\\), con\u00e7u et d\u00e9velopp\u00e9 par <span class='tooltipsall tooltip_post_id_5121 classtoolTips35'>Areva NP<\/span>&nbsp; au cours des ann\u00e9es 1990 et 2000\\. Il fait partie de la fili\u00e8re des r\u00e9acteurs \u00e0 eau pressuris\u00e9e\\.\\<\\\/p\\><br\/>\\<a href\\='https\\:\\\/\\\/fr\\.wikipedia\\.org\\\/wiki\\\/R%C3%A9acteur_pressuris%C3%A9_europ%C3%A9en' target\\='_blank' rel\\='noopener'\\>\\<em\\>Voir ici la fiche Wikipedia EPR\\<\\\/em\\>\\<\\\/a\\>\"; toolTips('.classtoolTips196',tt_store_content,'5579'); <\/script><script type=\"text\/javascript\"> var tt_store_content = \"\\<p style\\='text\\-align\\: center;'\\>\\<strong\\>R\\<\\\/strong\\>\u00e9seau \\<strong\\>A\\<\\\/strong\\>ction \\<strong\\>C\\<\\\/strong\\>limat\\<\\\/p\\><br\/>Le r\u00e9seau Action Climat '\\<em\\>f\u00e9d\u00e8re les associations impliqu\u00e9es dans la lutte contre les changements climatiques et pour une transition \u00e9cologique, solidaire et \u00e9quitable\\<\\\/em\\>'\\.<br\/><br\/>\\<a href\\='https\\:\\\/\\\/reseauactionclimat\\.org\\\/' target\\='_blank' rel\\='noopener'\\>Voir le site du <span class='tooltipsall tooltip_post_id_4309 classtoolTips200'>RAC<\/span>\\<\\\/a\\>\"; toolTips('.classtoolTips200',tt_store_content,'4309'); <\/script><script type=\"text\/javascript\"> var tt_store_content = \"\\<p style\\='text\\-align\\: center;'\\>\\<strong\\>\\<span style\\='font\\-size\\: 14pt;'\\>R\\<\\\/span\\>\\<\\\/strong\\>\\<span style\\='font\\-size\\: 14pt;'\\>eferendum d'\\<strong\\>I\\<\\\/strong\\>nitiative \\<strong\\>C\\<\\\/strong\\>itoyenne\\<\\\/span\\>\\<\\\/p\\>\"; toolTips('.classtoolTips205',tt_store_content,'12268'); <\/script><script type=\"text\/javascript\"> var tt_store_content = \"\\<p\\>RTE \\= R\u00e9seau de Transport d'Electricit\u00e9 est une filiale d'EDF qui est l'actionnaire majoritaire avec 50,1% des parts le reste \u00e9tant partag\u00e9 par la CDC et la CNP\\<\\\/p\\>\"; toolTips('.classtoolTips208',tt_store_content,'25844'); <\/script><script type=\"text\/javascript\"> var tt_store_content = \"\\<p style\\='text\\-align\\: center;'\\>\\<span style\\='font\\-size\\: 14pt;'\\>\\<strong\\>O\\<\\\/strong\\>rganisation\\<strong\\> N\\<\\\/strong\\>on\\<strong\\> G\\<\\\/strong\\>ouvernementale\\<\\\/span\\>\\<\\\/p\\><br\/>Une organisation non gouvernementale \\(<span class='tooltipsall tooltip_post_id_3579 classtoolTips210'>ONG<\/span>\\) est une \\<a title\\='Association \u00e0 but non lucratif' href\\='https\\:\\\/\\\/fr\\.wikipedia\\.org\\\/wiki\\\/Association_%C3%A0_but_non_lucratif' target\\='_blank' rel\\='noopener'\\>association \u00e0 but non lucratif\\<\\\/a\\>, d'int\u00e9r\u00eat public, qui ne rel\u00e8ve ni de l'\u00c9tat, ni d'institutions internationales\\<sup id\\='cite_ref\\-novethic_1\\-0' class\\='reference'\\>\\<\\\/sup\\>\\. Les ONG n'ont pas le statut de sujet de \\<a title\\='Droit international public' href\\='https\\:\\\/\\\/fr\\.wikipedia\\.org\\\/wiki\\\/Droit_international_public' target\\='_blank' rel\\='noopener'\\>droit international\\<\\\/a\\>\\.\"; toolTips('.classtoolTips210',tt_store_content,'3579'); <\/script><script type=\"text\/javascript\"> var tt_store_content = \"\\<p style\\='text\\-align\\: center;'\\>\\<span style\\='font\\-size\\: 14pt;'\\>\\<strong\\>O\\<\\\/strong\\>rganisation\\<strong\\> N\\<\\\/strong\\>on\\<strong\\> G\\<\\\/strong\\>ouvernementale\\<\\\/span\\>\\<\\\/p\\><br\/>Une organisation non gouvernementale \\(ONG\\) est une \\<a title\\='Association \u00e0 but non lucratif' href\\='https\\:\\\/\\\/fr\\.wikipedia\\.org\\\/wiki\\\/Association_%C3%A0_but_non_lucratif' target\\='_blank' rel\\='noopener'\\>association \u00e0 but non lucratif\\<\\\/a\\>, d'int\u00e9r\u00eat public, qui ne rel\u00e8ve ni de l'\u00c9tat, ni d'institutions internationales\\<sup id\\='cite_ref\\-novethic_1\\-0' class\\='reference'\\>\\<\\\/sup\\>\\. Les ONG n'ont pas le statut de sujet de \\<a title\\='Droit international public' href\\='https\\:\\\/\\\/fr\\.wikipedia\\.org\\\/wiki\\\/Droit_international_public' target\\='_blank' rel\\='noopener'\\>droit international\\<\\\/a\\>\\.\"; toolTips('.classtoolTips210',tt_store_content,'3579'); <\/script><script type=\"text\/javascript\"> var tt_store_content = \"\\<p\\><span class='tooltipsall tooltip_post_id_30593 classtoolTips214'>RN<\/span> \\= Rassemble National, c'est le parti d'extr\u00eame droite de Marine Le Pen qui succ\u00e8de au FN \\= Front National fond\u00e9 par son p\u00e8re Jean Marie Le Pen\\<\\\/p\\>\"; toolTips('.classtoolTips214',tt_store_content,'30593'); <\/script><script type=\"text\/javascript\"> var tt_store_content = \"<div class='tooltips_youtube_class' ><iframe width='100%' height='100%' src='http:\/\/www.youtube.com\/embed\/m\u00e9gawatt?rel=0&autoplay=1' frameborder='0' allowfullscreen><\/iframe><\/div>\\<p\\>\\<strong\\>MEGAWATT \\(<span class='tooltipsall tooltip_post_id_30103 classtoolTips217'>MW<\/span>\\) \\= 1\\.000\\.000 watts\\<\\\/strong\\>\\<\\\/p\\>\"; toolTips('.classtoolTips217',tt_store_content,'30103'); <\/script><script type=\"text\/javascript\"> var tt_store_content = \"<div class='tooltips_youtube_class' ><iframe width='100%' height='100%' src='http:\/\/www.youtube.com\/embed\/m\u00e9gawatt?rel=0&autoplay=1' frameborder='0' allowfullscreen><\/iframe><\/div>\\<p\\>\\<strong\\>MEGAWATT \\(MW\\) \\= 1\\.000\\.000 watts\\<\\\/strong\\>\\<\\\/p\\>\"; toolTips('.classtoolTips217',tt_store_content,'30103'); <\/script><script type=\"text\/javascript\"> var tt_store_content = \"\\<p style\\='text\\-align\\: center;'\\>\\<span style\\='font\\-size\\: 14pt;'\\>\\<strong\\>C\\<\\\/strong\\>entre \\<strong\\>H\\<\\\/strong\\>ospitalier\\<\\\/span\\>\\<\\\/p\\>\"; toolTips('.classtoolTips220',tt_store_content,'18357'); <\/script><script type=\"text\/javascript\"> var tt_store_content = \"\\<p\\>D\u00e9chets radioactifs \u00e0 Haute Activit\u00e9 \\(classement <span class='tooltipsall tooltip_post_id_3612 classtoolTips79'>ANDRA<\/span>\\)\\<\\\/p\\>\"; toolTips('.classtoolTips223',tt_store_content,'19196'); <\/script>_______________________<br>Notes<ol class=\"footnotes\"><li id=\"footnote_1_25803\" class=\"footnote\"><a href=\"https:\/\/le-clairon-nouveau.fr\/wordpress\/wp-content\/uploads\/2022\/01\/20211213-S2021-2052-analyse-couts-systeme-production-electrique-France.pdf\">20211213-S2021-2052-analyse-couts-systeme-production-electrique-France<\/a> <span class=\"footnote-back-link-wrapper\">[<a href=\"#identifier_1_25803\" class=\"footnote-link footnote-back-link\">&#8617;<\/a>]<\/span><\/li><li id=\"footnote_2_25803\" class=\"footnote\"><a href=\"https:\/\/opera-energie.com\/arenh\/\">https:\/\/opera-energie.com\/arenh\/<\/a><span class=\"footnote-back-link-wrapper\">[<a href=\"#identifier_2_25803\" class=\"footnote-link footnote-back-link\">&#8617;<\/a>]<\/span><\/li><li id=\"footnote_3_25803\" class=\"footnote\">sources ADEME, CRE, CdC<span class=\"footnote-back-link-wrapper\">[<a href=\"#identifier_3_25803\" class=\"footnote-link footnote-back-link\">&#8617;<\/a>]<\/span><\/li><\/ol>_______________________","protected":false},"excerpt":{"rendered":"<p>Pour la Cour des Comptes, dans son rapport du 13\/11\/2021, le nucl\u00e9aire fran\u00e7ais \u00ab\u00a0est \u00e0 nouveau en phase d&rsquo;apprentissage\u00a0\u00bb<script type=\"text\/javascript\"> var tt_store_content = \"\\<\/p>\n<p style\\='text\\-align\\: justify'\\><span class='tooltipsall tooltip_post_id_24409 classtoolTips83'>Arenh<\/span> \\(\\(Acc\u00e8s r\u00e9gul\u00e9 \u00e0 l\u2019\u00e9lectricit\u00e9 nucl\u00e9aire historique\\) \\: il s'agit d'un dispositif qui permet aux fournisseurs d'\u00e9lectricit\u00e9, concurrents fran\u00e7ais d'<span class='tooltipsall tooltip_post_id_7035 classtoolTips178'>EDF<\/span>, de lui racheter au tarif de 42 \u20ac \\\/ <span class='tooltipsall tooltip_post_id_21007 classtoolTips152'>MWh<\/span>, une partie de son \u00e9lectricit\u00e9 nucl\u00e9aire, ceci pendant une p\u00e9riode transitoire de 2011 \u00e0 2025\\. Ce m\u00e9canisme a \u00e9t\u00e9 mis en place suite \u00e0 la r\u00e8glementation europ\u00e9enne sur la concurrence en mati\u00e8re d'\u00e9nergie \u00e9lectrique\\. H\\.R\\.\\<\\\/p\\>\"; toolTips('.classtoolTips83',tt_store_content,'24409'); <\/script><script type=\"text\/javascript\"> var tt_store_content = \"\\<\/p>\n<p style\\='text\\-align\\: justify'\\>Arenh \\(\\(Acc\u00e8s r\u00e9gul\u00e9 \u00e0 l\u2019\u00e9lectricit\u00e9 nucl\u00e9aire historique\\) \\: il s'agit d'un dispositif qui permet aux fournisseurs d'\u00e9lectricit\u00e9, concurrents fran\u00e7ais d'EDF, de lui racheter au tarif de 42 \u20ac \\\/ MWh, une partie de son \u00e9lectricit\u00e9 nucl\u00e9aire, ceci pendant une p\u00e9riode transitoire de 2011 \u00e0 2025\\. Ce m\u00e9canisme a \u00e9t\u00e9 mis en place suite \u00e0 la r\u00e8glementation europ\u00e9enne sur la concurrence en mati\u00e8re d'\u00e9nergie \u00e9lectrique\\. H\\.R\\.\\<\\\/p\\>\"; toolTips('.classtoolTips83',tt_store_content,'24409'); <\/script><script type=\"text\/javascript\"> var tt_store_content = \"\\<\/p>\n<p style\\='text\\-align\\: center;'\\>\\<strong\\>Centre Industriel de stockage GEOlogique\\<\\\/strong\\>\\<\\\/p\\><br \/>Projet fran\u00e7ais de centre de \\<strong\\>stockage\\<\\\/strong\\> des \\<strong\\>d\u00e9chets radioactifs\\<\\\/strong\\> en couche g\u00e9ologique profonde<\/p>\n<p>\\<a href\\='https\\:\\\/\\\/fr\\.wikipedia\\.org\\\/wiki\\\/Cig%C3%A9o' target\\='_blank' rel\\='noopener'\\>Voir la fiche Wikipedia\\<\\\/a\\><br \/>\\<a href\\='http\\:\\\/\\\/cigeo\\.com\\\/' target\\='_blank' rel\\='noopener'\\>Voir le site du projet\\<\\\/a\\>\"; toolTips('.classtoolTips91',tt_store_content,'4298'); <\/script><script type=\"text\/javascript\"> var tt_store_content = \"\\<\/p>\n<p style\\='text\\-align\\: center;'\\>\\<strong\\>A\\<\\\/strong\\>gence\\<strong\\> D\\<\\\/strong\\>e l'\\<strong\\>E\\<\\\/strong\\>nvironnement et de la \\<strong\\>M\\<\\\/strong\\>a\u00eetrise de l'\\<strong\\>E\\<\\\/strong\\>nergie\\<\\\/p\\><br \/>La mission de l'<span class='tooltipsall tooltip_post_id_4303 classtoolTips92'>ADEME<\/span> est de susciter, animer, coordonner, faciliter ou r\u00e9aliser des op\u00e9rations ayant pour objet la protection de l'environnement et la ma\u00eetrise de l'\u00e9nergie\\.<\/p>\n<p>\\<a href\\='http\\:\\\/\\\/www\\.ademe\\.fr\\\/' target\\='_blank' rel\\='noopener'\\>Voir le site de l'Agence\\<\\\/a\\><br \/>\\<a href\\='https\\:\\\/\\\/fr\\.wikipedia\\.org\\\/wiki\\\/Agence_de_l%27environnement_et_de_la_ma%C3%AEtrise_de_l%27%C3%A9nergie' target\\='_blank' rel\\='noopener'\\>Voir la fiche Wikipedia de l'Agence\\<\\\/a\\>\"; toolTips('.classtoolTips92',tt_store_content,'4303'); <\/script><script type=\"text\/javascript\"> var tt_store_content = \"\\<p\\><span class='tooltipsall tooltip_post_id_19394 classtoolTips134'>SAGE<\/span> \\= \\<span class\\='st'\\> sch\u00e9ma d'am\u00e9nagement et de gestion de l'eau\\<\\\/span\\> , c'est un outil de planification qui concerne l'ensemble des eaux situ\u00e9es dans un bassin versant\\<\\\/p\\>\"; toolTips('.classtoolTips134',tt_store_content,'19394'); <\/script><script type=\"text\/javascript\"> var tt_store_content = \"\\<\/p>\n<p style\\='text\\-align\\: center;'\\>\\<strong\\>\\<span style\\='font\\-size\\: 14pt;'\\>S\\<\\\/span\\>\\<\\\/strong\\>\\<span style\\='font\\-size\\: 14pt;'\\>oci\u00e9t\u00e9 d'\\<strong\\>\u00c9\\<\\\/strong\\>conomie \\<strong\\>M\\<\\\/strong\\>ixte\\<\\\/span\\>\\<\\\/p\\><br \/>\\<\/p>\n<p style\\='text\\-align\\: justify;'\\>En France, une soci\u00e9t\u00e9 d'\u00e9conomie mixte est une soci\u00e9t\u00e9 anonyme dont le capital est majoritairement d\u00e9tenu par une ou plusieurs personnes publiques \\(\u00e0 savoir l'\u00c9tat, une Collectivit\u00e9 territoriale, ou tout autre \u00c9tablissement public\\)\\. Cette participation majoritaire publique est plafonn\u00e9e \u00e0 85&nbsp;% du capital depuis la Loi du 2 janvier 2002\\. Au moins une personne priv\u00e9e doit participer au capital de la <span class='tooltipsall tooltip_post_id_7168 classtoolTips142'>SEM<\/span>, sachant qu'il peut s'agir d'une autre SEM\\.\\<\\\/p\\><br \/>\\<\/p>\n<p style\\='text\\-align\\: justify;'\\>\\<strong\\>Le recours \u00e0 la SEM garantit\\<\\\/strong\\> \u00e0 la collectivit\u00e9 publique actionnaire et cocontractante \\<strong\\>la prise en compte effective de l'int\u00e9r\u00eat g\u00e9n\u00e9ral\\<\\\/strong\\> dans les objectifs de l'entreprise \\<strong\\>et la souplesse de la soci\u00e9t\u00e9 de droit priv\u00e9\\<\\\/strong\\>\\.\\<\\\/p\\><br \/>\\<em\\>\\<a href\\='https\\:\\\/\\\/fr\\.wikipedia\\.org\\\/wiki\\\/Soci%C3%A9t%C3%A9_d%27%C3%A9conomie_mixte' target\\='_blank' rel\\='noopener'\\>Voir ici la page Wikipedia consacr\u00e9e aux SEM\\<\\\/a\\> \\<\\\/em\\><\/p>\n<p>&nbsp;\"; toolTips('.classtoolTips142',tt_store_content,'7168'); <\/script><script type=\"text\/javascript\"> var tt_store_content = \"\\<\/p>\n<p style\\='text\\-align\\: center;'\\>\\<span style\\='font\\-size\\: 14pt;'\\>\\<strong\\>I\\<\\\/strong\\>mp\u00f4t sur la \\<strong\\>F\\<\\\/strong\\>ortune \\<strong\\>I\\<\\\/strong\\>mmobili\u00e8re\\<\\\/span\\>\\<\\\/p\\>\"; toolTips('.classtoolTips148',tt_store_content,'5643'); <\/script><script type=\"text\/javascript\"> var tt_store_content = \"\\<p\\>MWh \\= \\<span class\\='ILfuVd'\\>\\<span class\\='e24Kjd'\\>unit\u00e9 de mesure de l'\u00e9nergie, qui correspond \u00e0 la puissance d'un <span class='tooltipsall tooltip_post_id_30103 classtoolTips217'>m\u00e9gawatt<\/span> actif pendant une heure\\. Exemple \\: 1 \\<b\\>MWh\\<\\\/b\\> \u00e9quivaut \u00e0 1000 kWh\\<\\\/span\\>\\<\\\/span\\>\\<\\\/p\\>\"; toolTips('.classtoolTips152',tt_store_content,'21007'); <\/script><script type=\"text\/javascript\"> var tt_store_content = \"\\<p\\>MWh \\= \\<span class\\='ILfuVd'\\>\\<span class\\='e24Kjd'\\>unit\u00e9 de mesure de l'\u00e9nergie, qui correspond \u00e0 la puissance d'un m\u00e9gawatt actif pendant une heure\\. Exemple \\: 1 \\<b\\>MWh\\<\\\/b\\> \u00e9quivaut \u00e0 1000 kWh\\<\\\/span\\>\\<\\\/span\\>\\<\\\/p\\>\"; toolTips('.classtoolTips152',tt_store_content,'21007'); <\/script><script type=\"text\/javascript\"> var tt_store_content = \"\\<\/p>\n<p style\\='text\\-align\\: center;'\\>\\<span style\\='font\\-size\\: 14pt;'\\>\\<strong\\>R\\<\\\/strong\\>\u00e9pertoire \\<strong\\>N\\<\\\/strong\\>ational des \\<strong\\>A\\<\\\/strong\\>ssociations\\<\\\/span\\>\\<\\\/p\\>\"; toolTips('.classtoolTips159',tt_store_content,'24374'); <\/script><script type=\"text\/javascript\"> var tt_store_content = \"\\<\/p>\n<p style\\='text\\-align\\: justify'\\>La \u00ab\u00a0\\<b\\>programmation pluriannuelle de l'\u00e9nergie\\<\\\/b\\>\u00a0\u00bb \\(<span class='tooltipsall tooltip_post_id_7750 classtoolTips164'>PPE<\/span>\\) est, en France, un document strat\u00e9gique de pilotage de la transition \u00e9nerg\u00e9tique\\. Institu\u00e9e par l'article 176 de la \\<a title\\='Loi relative \u00e0 la transition \u00e9nerg\u00e9tique pour la croissance verte' href\\='https\\:\\\/\\\/fr\\.wikipedia\\.org\\\/wiki\\\/Loi_relative_%C3%A0_la_transition_%C3%A9nerg%C3%A9tique_pour_la_croissance_verte'\\>loi de transition \u00e9nerg\u00e9tique\\<\\\/a\\> \\(TECV\\), elle fixe une trajectoire pour le \\<a title\\='Mix \u00e9nerg\u00e9tique' href\\='https\\:\\\/\\\/fr\\.wikipedia\\.org\\\/wiki\\\/Mix_%C3%A9nerg%C3%A9tique'\\>mix \u00e9nerg\u00e9tique\\<\\\/a\\>, ainsi que \\<span class\\='citation'\\>\u00ab\u00a0les priorit\u00e9s d'action pour la gestion de l\u2019ensemble des formes d'\u00e9nergie sur le territoire m\u00e9tropolitain continental, afin d\u2019atteindre les objectifs nationaux fix\u00e9s par la loi\u00a0\u00bb\\<\\\/span\\>\\. \\(Wikip\u00e9dia\\)\\<\\\/p\\>\"; toolTips('.classtoolTips164',tt_store_content,'7750'); <\/script><script type=\"text\/javascript\"> var tt_store_content = \"\\<\/p>\n<p style\\='text\\-align\\: justify'\\>La \u00ab\u00a0\\<b\\>programmation pluriannuelle de l'\u00e9nergie\\<\\\/b\\>\u00a0\u00bb \\(PPE\\) est, en France, un document strat\u00e9gique de pilotage de la transition \u00e9nerg\u00e9tique\\. Institu\u00e9e par l'article 176 de la \\<a title\\='Loi relative \u00e0 la transition \u00e9nerg\u00e9tique pour la croissance verte' href\\='https\\:\\\/\\\/fr\\.wikipedia\\.org\\\/wiki\\\/Loi_relative_%C3%A0_la_transition_%C3%A9nerg%C3%A9tique_pour_la_croissance_verte'\\>loi de transition \u00e9nerg\u00e9tique\\<\\\/a\\> \\(TECV\\), elle fixe une trajectoire pour le \\<a title\\='Mix \u00e9nerg\u00e9tique' href\\='https\\:\\\/\\\/fr\\.wikipedia\\.org\\\/wiki\\\/Mix_%C3%A9nerg%C3%A9tique'\\>mix \u00e9nerg\u00e9tique\\<\\\/a\\>, ainsi que \\<span class\\='citation'\\>\u00ab\u00a0les priorit\u00e9s d'action pour la gestion de l\u2019ensemble des formes d'\u00e9nergie sur le territoire m\u00e9tropolitain continental, afin d\u2019atteindre les objectifs nationaux fix\u00e9s par la loi\u00a0\u00bb\\<\\\/span\\>\\. \\(Wikip\u00e9dia\\)\\<\\\/p\\>\"; toolTips('.classtoolTips164',tt_store_content,'7750'); <\/script><script type=\"text\/javascript\"> var tt_store_content = \"\\<\/p>\n<p style\\='text\\-align\\: justify;'\\>Le Conseil d'Orientation des Retraites est une instance qui r\u00e9unit &nbsp;\\<span class\\='st'\\>les principaux acteurs du champ des retraites\\<\\\/span\\> et effectue un travail d'\u00e9tudes et de concertation\\. Compos\u00e9 de parlementaires, de repr\u00e9sentants des organisations professionnelles et syndicales, des retrait\u00e9s et des familles, de membres de l'administration et d'experts, le Conseil d'orientation des retraites \\(<span class='tooltipsall tooltip_post_id_7751 classtoolTips165'>COR<\/span>\\) est plac\u00e9 aupr\u00e8s du Premier ministre\\.\\<\\\/p\\>\"; toolTips('.classtoolTips165',tt_store_content,'7751'); <\/script><script type=\"text\/javascript\"> var tt_store_content = \"\\<\/p>\n<p style\\='text\\-align\\: center;'\\>\\<span style\\='font\\-size\\: 14pt;'\\>\\<strong\\>O\\<\\\/strong\\>rganisation \\<strong\\>M\\<\\\/strong\\>\u00e9t\u00e9orologique \\<strong\\>M\\<\\\/strong\\>ondiale<br \/>\\<strong\\>W\\<\\\/strong\\>orld \\<strong\\>M\\<\\\/strong\\>eteorological \\<strong\\>O\\<\\\/strong\\>rganization\\<\\\/span\\>\\<\\\/p\\><br \/>&nbsp;<\/p>\n<p>\\<a href\\='https\\:\\\/\\\/public\\.wmo\\.int\\\/fr' target\\='_blank' rel\\='noopener'\\>\\<em\\>Acc\u00e9der ici au site de l'organisation\\<\\\/em\\>\\<\\\/a\\>\"; toolTips('.classtoolTips168',tt_store_content,'7763'); <\/script><script type=\"text\/javascript\"> var tt_store_content = \"\\<\/p>\n<p style\\='text\\-align\\: center;'\\>\\<span style\\='font\\-size\\: 14pt;'\\>\\<strong\\>P\\<\\\/strong\\>\\<\\\/span\\>\\<span style\\='font\\-size\\: 14pt;'\\>lan \\<strong\\>L\\<\\\/strong\\>\\<\\\/span\\>\\<span style\\='font\\-size\\: 14pt;'\\>ocal d'\\<strong\\>U\\<\\\/strong\\>\\<\\\/span\\>\\<span style\\='font\\-size\\: 14pt;'\\>rbanisme\\<\\\/span\\>\\<\\\/p\\><br \/>&nbsp;\"; toolTips('.classtoolTips176',tt_store_content,'4979'); <\/script><script type=\"text\/javascript\"> var tt_store_content = \"\\<\/p>\n<p style\\='text\\-align\\: center;'\\>\\<strong\\>\\<span style\\='font\\-size\\: 14pt;'\\>E\\<\\\/span\\>\\<\\\/strong\\>\\<span style\\='font\\-size\\: 14pt;'\\>lectricit\u00e9 \\<strong\\>d\\<\\\/strong\\>e \\<strong\\>F\\<\\\/strong\\>rance\\<\\\/span\\>\\<\\\/p\\>\"; toolTips('.classtoolTips178',tt_store_content,'7035'); <\/script><script type=\"text\/javascript\"> var tt_store_content = \"\\<\/p>\n<p style\\='text\\-align\\: center;'\\>\\<strong\\>\\<span style\\='font\\-size\\: 14pt;'\\>E\\<\\\/span\\>\\<\\\/strong\\>\\<span style\\='font\\-size\\: 14pt;'\\>lectricit\u00e9 \\<strong\\>d\\<\\\/strong\\>e \\<strong\\>F\\<\\\/strong\\>rance\\<\\\/span\\>\\<\\\/p\\>\"; toolTips('.classtoolTips178',tt_store_content,'7035'); <\/script><script type=\"text\/javascript\"> var tt_store_content = \"\\<p\\>Conseil \u00c9conomique et Social\\<\\\/p\\>\"; toolTips('.classtoolTips180',tt_store_content,'29829'); <\/script><script type=\"text\/javascript\"> var tt_store_content = \"\\<\/p>\n<p style\\='text\\-align\\: center;'\\>\\<span style\\='font\\-size\\: 14pt;'\\>\\<strong\\>G\\<\\\/strong\\>roupement \\<strong\\>H\\<\\\/strong\\>ospitalier de \\<strong\\>T\\<\\\/strong\\>erritoire\\<\\\/span\\>\\<\\\/p\\><br \/>\\<\/p>\n<p style\\='text\\-align\\: justify;'\\>Les groupements hospitaliers de territoires, dispositif pr\u00e9vu par la loi de sant\u00e9 2016, sont un nouveau mode de coop\u00e9ration entre les \u00e9tablissements publics de sant\u00e9 \u00e0 l\u2019\u00e9chelle d\u2019un territoire\\<\\\/p\\>\"; toolTips('.classtoolTips189',tt_store_content,'18358'); <\/script><script type=\"text\/javascript\"> var tt_store_content = \"\\<\/p>\n<p style\\='text\\-align\\: center;'\\>\\<span style\\='font\\-size\\: 14pt;'\\>\\<strong\\>C\\<\\\/strong\\>omit\u00e9 \\<strong\\>T\\<\\\/strong\\>echnique d'\\<strong\\>\u00c9\\<\\\/strong\\>tablissement\\<\\\/span\\>\\<\\\/p\\>\"; toolTips('.classtoolTips191',tt_store_content,'18359'); <\/script><script type=\"text\/javascript\"> var tt_store_content = \"\\<\/p>\n<p style\\='text\\-align\\: center;'\\>\\<strong\\>\\<span style\\='font\\-size\\: 14pt;'\\>P\\<\\\/span\\>\\<\\\/strong\\>\\<span style\\='font\\-size\\: 14pt;'\\>rogrammation \\<strong\\>P\\<\\\/strong\\>luri\\-annuelle de l'\\<strong\\>\u00c9\\<\\\/strong\\>nergie\\<\\\/span\\>\\<\\\/p\\><br \/>La PPE est est en France un document strat\u00e9gique de pilotage de la transition \u00e9nerg\u00e9tique\\. Institu\u00e9e par l'article 176 de la loi transition \u00e9nerg\u00e9tique \\(TECV\\)\\. Elle fixe \\(par \u00e9nergie\\) une trajectoire pour le mix \u00e9nerg\u00e9tique, ainsi que \u00ab&nbsp;\\<em\\>les priorit\u00e9s d'action pour la gestion de l\u2019ensemble des formes d'\u00e9nergie sur le territoire m\u00e9tropolitain continental, afin d\u2019atteindre les objectifs nationaux fix\u00e9s par la loi\\<\\\/em\\>&nbsp;\u00bb\\.<\/p>\n<p>Initi\u00e9e en 2016, elle est r\u00e9vis\u00e9e en 2018 puis ensuite tous les 5 ans\\.<\/p>\n<p>\\<a href\\='https\\:\\\/\\\/fr\\.wikipedia\\.org\\\/wiki\\\/Programmation_pluriannuelle_de_l'\u00e9nergi' target\\='_blank' rel\\='noopener'\\>\\<em\\>Voir ici la page Wikipedia consacr\u00e9e \u00e0 la PPE\\<\\\/em\\>\\<\\\/a\\><br \/>\\<a href\\='https\\:\\\/\\\/ppe\\.debatpublic\\.fr\\\/' target\\='_blank' rel\\='noopener'\\>\\<em\\>Voir ici la page du site 'Commission du D\u00e9bat Public' consacr\u00e9e \u00e0 la PPE\\<\\\/em\\>\\<\\\/a\\>\"; toolTips('.classtoolTips193',tt_store_content,'7102'); <\/script><script type=\"text\/javascript\"> var tt_store_content = \"\\<\/p>\n<p style\\='text\\-align\\: center;'\\>\\<span style\\='font\\-size\\: 14pt;'\\>\\<strong\\>E\\<\\\/strong\\>volutionary \\<strong\\>P\\<\\\/strong\\>ower \\<strong\\>R\\<\\\/strong\\>eactor\\<\\\/span\\>\\<\\\/p\\><br \/>\\<\/p>\n<p style\\='text\\-align\\: justify;'\\>R\u00e9acteur nucl\u00e9aire de troisi\u00e8me g\u00e9n\u00e9ration \\(classification internationale\\), con\u00e7u et d\u00e9velopp\u00e9 par <span class='tooltipsall tooltip_post_id_5121 classtoolTips35'>Areva NP<\/span>&nbsp; au cours des ann\u00e9es 1990 et 2000\\. Il fait partie de la fili\u00e8re des r\u00e9acteurs \u00e0 eau pressuris\u00e9e\\.\\<\\\/p\\><br \/>\\<a href\\='https\\:\\\/\\\/fr\\.wikipedia\\.org\\\/wiki\\\/R%C3%A9acteur_pressuris%C3%A9_europ%C3%A9en' target\\='_blank' rel\\='noopener'\\>\\<em\\>Voir ici la fiche Wikipedia <span class='tooltipsall tooltip_post_id_5579 classtoolTips196'>EPR<\/span>\\<\\\/em\\>\\<\\\/a\\>\"; toolTips('.classtoolTips196',tt_store_content,'5579'); <\/script><script type=\"text\/javascript\"> var tt_store_content = \"\\<\/p>\n<p style\\='text\\-align\\: center;'\\>\\<strong\\>R\\<\\\/strong\\>\u00e9seau \\<strong\\>A\\<\\\/strong\\>ction \\<strong\\>C\\<\\\/strong\\>limat\\<\\\/p\\><br \/>Le r\u00e9seau Action Climat '\\<em\\>f\u00e9d\u00e8re les associations impliqu\u00e9es dans la lutte contre les changements climatiques et pour une transition \u00e9cologique, solidaire et \u00e9quitable\\<\\\/em\\>'\\.<\/p>\n<p>\\<a href\\='https\\:\\\/\\\/reseauactionclimat\\.org\\\/' target\\='_blank' rel\\='noopener'\\>Voir le site du <span class='tooltipsall tooltip_post_id_4309 classtoolTips200'>RAC<\/span>\\<\\\/a\\>\"; toolTips('.classtoolTips200',tt_store_content,'4309'); <\/script><script type=\"text\/javascript\"> var tt_store_content = \"\\<\/p>\n<p style\\='text\\-align\\: center;'\\>\\<strong\\>\\<span style\\='font\\-size\\: 14pt;'\\>R\\<\\\/span\\>\\<\\\/strong\\>\\<span style\\='font\\-size\\: 14pt;'\\>eferendum d'\\<strong\\>I\\<\\\/strong\\>nitiative \\<strong\\>C\\<\\\/strong\\>itoyenne\\<\\\/span\\>\\<\\\/p\\>\"; toolTips('.classtoolTips205',tt_store_content,'12268'); <\/script><script type=\"text\/javascript\"> var tt_store_content = \"\\<p\\><span class='tooltipsall tooltip_post_id_25844 classtoolTips208'>RTE<\/span> \\= R\u00e9seau de Transport d'Electricit\u00e9 est une filiale d'EDF qui est l'actionnaire majoritaire avec 50,1% des parts le reste \u00e9tant partag\u00e9 par la CDC et la CNP\\<\\\/p\\>\"; toolTips('.classtoolTips208',tt_store_content,'25844'); <\/script><script type=\"text\/javascript\"> var tt_store_content = \"\\<\/p>\n<p style\\='text\\-align\\: center;'\\>\\<span style\\='font\\-size\\: 14pt;'\\>\\<strong\\>O\\<\\\/strong\\>rganisation\\<strong\\> N\\<\\\/strong\\>on\\<strong\\> G\\<\\\/strong\\>ouvernementale\\<\\\/span\\>\\<\\\/p\\><br \/>Une organisation non gouvernementale \\(<span class='tooltipsall tooltip_post_id_3579 classtoolTips210'>ONG<\/span>\\) est une \\<a title\\='Association \u00e0 but non lucratif' href\\='https\\:\\\/\\\/fr\\.wikipedia\\.org\\\/wiki\\\/Association_%C3%A0_but_non_lucratif' target\\='_blank' rel\\='noopener'\\>association \u00e0 but non lucratif\\<\\\/a\\>, d'int\u00e9r\u00eat public, qui ne rel\u00e8ve ni de l'\u00c9tat, ni d'institutions internationales\\<sup id\\='cite_ref\\-novethic_1\\-0' class\\='reference'\\>\\<\\\/sup\\>\\. Les ONG n'ont pas le statut de sujet de \\<a title\\='Droit international public' href\\='https\\:\\\/\\\/fr\\.wikipedia\\.org\\\/wiki\\\/Droit_international_public' target\\='_blank' rel\\='noopener'\\>droit international\\<\\\/a\\>\\.\"; toolTips('.classtoolTips210',tt_store_content,'3579'); <\/script><script type=\"text\/javascript\"> var tt_store_content = \"\\<\/p>\n<p style\\='text\\-align\\: center;'\\>\\<span style\\='font\\-size\\: 14pt;'\\>\\<strong\\>O\\<\\\/strong\\>rganisation\\<strong\\> N\\<\\\/strong\\>on\\<strong\\> G\\<\\\/strong\\>ouvernementale\\<\\\/span\\>\\<\\\/p\\><br \/>Une organisation non gouvernementale \\(ONG\\) est une \\<a title\\='Association \u00e0 but non lucratif' href\\='https\\:\\\/\\\/fr\\.wikipedia\\.org\\\/wiki\\\/Association_%C3%A0_but_non_lucratif' target\\='_blank' rel\\='noopener'\\>association \u00e0 but non lucratif\\<\\\/a\\>, d'int\u00e9r\u00eat public, qui ne rel\u00e8ve ni de l'\u00c9tat, ni d'institutions internationales\\<sup id\\='cite_ref\\-novethic_1\\-0' class\\='reference'\\>\\<\\\/sup\\>\\. Les ONG n'ont pas le statut de sujet de \\<a title\\='Droit international public' href\\='https\\:\\\/\\\/fr\\.wikipedia\\.org\\\/wiki\\\/Droit_international_public' target\\='_blank' rel\\='noopener'\\>droit international\\<\\\/a\\>\\.\"; toolTips('.classtoolTips210',tt_store_content,'3579'); <\/script><script type=\"text\/javascript\"> var tt_store_content = \"\\<p\\><span class='tooltipsall tooltip_post_id_30593 classtoolTips214'>RN<\/span> \\= Rassemble National, c'est le parti d'extr\u00eame droite de Marine Le Pen qui succ\u00e8de au FN \\= Front National fond\u00e9 par son p\u00e8re Jean Marie Le Pen\\<\\\/p\\>\"; toolTips('.classtoolTips214',tt_store_content,'30593'); <\/script><script type=\"text\/javascript\"> var tt_store_content = \"<\/p>\n<div class='tooltips_youtube_class' ><iframe width='100%' height='100%' src='http:\/\/www.youtube.com\/embed\/m\u00e9gawatt?rel=0&autoplay=1' frameborder='0' allowfullscreen><\/iframe><\/div>\n<p>\\<p\\>\\<strong\\>MEGAWATT \\(<span class='tooltipsall tooltip_post_id_30103 classtoolTips217'>MW<\/span>\\) \\= 1\\.000\\.000 watts\\<\\\/strong\\>\\<\\\/p\\>\"; toolTips('.classtoolTips217',tt_store_content,'30103'); <\/script><script type=\"text\/javascript\"> var tt_store_content = \"<\/p>\n<div class='tooltips_youtube_class' ><iframe width='100%' height='100%' src='http:\/\/www.youtube.com\/embed\/m\u00e9gawatt?rel=0&autoplay=1' frameborder='0' allowfullscreen><\/iframe><\/div>\n<p>\\<p\\>\\<strong\\>MEGAWATT \\(MW\\) \\= 1\\.000\\.000 watts\\<\\\/strong\\>\\<\\\/p\\>\"; toolTips('.classtoolTips217',tt_store_content,'30103'); <\/script><script type=\"text\/javascript\"> var tt_store_content = \"\\<\/p>\n<p style\\='text\\-align\\: center;'\\>\\<span style\\='font\\-size\\: 14pt;'\\>\\<strong\\>C\\<\\\/strong\\>entre \\<strong\\>H\\<\\\/strong\\>ospitalier\\<\\\/span\\>\\<\\\/p\\>\"; toolTips('.classtoolTips220',tt_store_content,'18357'); <\/script><script type=\"text\/javascript\"> var tt_store_content = \"\\<p\\>D\u00e9chets radioactifs \u00e0 Haute Activit\u00e9 \\(classement <span class='tooltipsall tooltip_post_id_3612 classtoolTips79'>ANDRA<\/span>\\)\\<\\\/p\\>\"; toolTips('.classtoolTips223',tt_store_content,'19196'); <\/script><\/p>\n","protected":false},"author":5,"featured_media":0,"comment_status":"open","ping_status":"open","sticky":false,"template":"","format":"standard","meta":{"_acf_changed":false,"ngg_post_thumbnail":0,"_jetpack_memberships_contains_paid_content":false,"footnotes":""},"categories":[6,9,28,19,27],"tags":[],"coauthors":[18],"class_list":["post-25803","post","type-post","status-publish","format-standard","hentry","category-actu","category-actu_gen","category-rub_env","category-rub_env_nucl","category-rub","edition-edi_00083","type_art-type_art_article","dossier-dossiers_nucleaire_desastre","no-thumb"],"acf":[],"jetpack_featured_media_url":"","jetpack_sharing_enabled":true,"jetpack_shortlink":"https:\/\/wp.me\/p9B5TM-6Ib","_links":{"self":[{"href":"https:\/\/le-clairon-nouveau.fr\/wordpress\/wp-json\/wp\/v2\/posts\/25803","targetHints":{"allow":["GET"]}}],"collection":[{"href":"https:\/\/le-clairon-nouveau.fr\/wordpress\/wp-json\/wp\/v2\/posts"}],"about":[{"href":"https:\/\/le-clairon-nouveau.fr\/wordpress\/wp-json\/wp\/v2\/types\/post"}],"author":[{"embeddable":true,"href":"https:\/\/le-clairon-nouveau.fr\/wordpress\/wp-json\/wp\/v2\/users\/5"}],"replies":[{"embeddable":true,"href":"https:\/\/le-clairon-nouveau.fr\/wordpress\/wp-json\/wp\/v2\/comments?post=25803"}],"version-history":[{"count":0,"href":"https:\/\/le-clairon-nouveau.fr\/wordpress\/wp-json\/wp\/v2\/posts\/25803\/revisions"}],"wp:attachment":[{"href":"https:\/\/le-clairon-nouveau.fr\/wordpress\/wp-json\/wp\/v2\/media?parent=25803"}],"wp:term":[{"taxonomy":"category","embeddable":true,"href":"https:\/\/le-clairon-nouveau.fr\/wordpress\/wp-json\/wp\/v2\/categories?post=25803"},{"taxonomy":"post_tag","embeddable":true,"href":"https:\/\/le-clairon-nouveau.fr\/wordpress\/wp-json\/wp\/v2\/tags?post=25803"},{"taxonomy":"author","embeddable":true,"href":"https:\/\/le-clairon-nouveau.fr\/wordpress\/wp-json\/wp\/v2\/coauthors?post=25803"}],"curies":[{"name":"wp","href":"https:\/\/api.w.org\/{rel}","templated":true}]}}