{"id":25983,"date":"2022-03-23T12:30:08","date_gmt":"2022-03-23T11:30:08","guid":{"rendered":"https:\/\/le-clairon-nouveau.fr\/wordpress\/?p=25983"},"modified":"2022-03-24T13:56:35","modified_gmt":"2022-03-24T12:56:35","slug":"a-la-tele-un-lundi-soir-poutine-est-il-un-dictateur","status":"publish","type":"post","link":"https:\/\/le-clairon-nouveau.fr\/wordpress\/blog\/2022\/03\/23\/a-la-tele-un-lundi-soir-poutine-est-il-un-dictateur\/","title":{"rendered":"A la t\u00e9l\u00e9 un lundi soir : \u00ab\u00a0Poutine est-il un dictateur ?\u00a0\u00bb"},"content":{"rendered":"<p style=\"text-align: justify\"><strong><em>Lundi 14 mars, dans une \u00e9mission de TF1, sept des candidats principaux \u00e0 la pr\u00e9sidence de la R\u00e9publique \u00e9taient confront\u00e9s aux questions de 2 journalistes, devant un public de 300 personnes. C\u2019est ainsi que A. Hidalgo, M. Le Pen, V. P\u00e9cresse, E. Macron, Jl. M\u00e9lenchon, F. Roussel, Y. Jadot, E. Zemmour, eurent \u00e0 r\u00e9pondre \u00e0 la question \u00ab\u00a0Poutine est-il un dictateur\u00a0? \u00bb, pos\u00e9e par les deux journalistes A-C. Coudray et G. Bouleau, animateurs de la soir\u00e9e. Cette question scinda les candidats en 2 groupes\u00a0: ceux qui \u00e9vit\u00e8rent de qualifier Poutine de dictateur et ceux qui n\u2019h\u00e9sit\u00e8rent pas \u00e0 le traiter comme tel. On peut d\u2019\u00e9tonner que des candidates et candidats \u00e0 la pr\u00e9sidence de la R\u00e9publique fassent preuve d\u2019un tel manque de discernement, qu\u2019ils ne semblent pas comprendre que lorsqu\u2019on est en n\u00e9gociations avec un adversaire (qui n\u2019est pas un ennemi puisque la guerre n\u2019est pas d\u00e9clar\u00e9e), on \u00e9vite des mots et des qualificatifs qui peuvent compromettre <span class='tooltipsall tooltip_post_id_29829 classtoolTips180'>ces<\/span> n\u00e9gociations.<\/em><\/strong><\/p>\n<p style=\"text-align: center\"><img data-recalc-dims=\"1\" loading=\"lazy\" decoding=\"async\" class=\" wp-image-25984 aligncenter\" src=\"https:\/\/i0.wp.com\/le-clairon-nouveau.fr\/wordpress\/wp-content\/uploads\/2022\/03\/Brochette-de-dictateurs-Images-Wikilmageset-Tiburi-de-Pixabay.jpg?resize=600%2C234&#038;ssl=1\" alt=\"\" width=\"600\" height=\"234\" srcset=\"https:\/\/i0.wp.com\/le-clairon-nouveau.fr\/wordpress\/wp-content\/uploads\/2022\/03\/Brochette-de-dictateurs-Images-Wikilmageset-Tiburi-de-Pixabay.jpg?resize=300%2C117&amp;ssl=1 300w, https:\/\/i0.wp.com\/le-clairon-nouveau.fr\/wordpress\/wp-content\/uploads\/2022\/03\/Brochette-de-dictateurs-Images-Wikilmageset-Tiburi-de-Pixabay.jpg?w=566&amp;ssl=1 566w\" sizes=\"auto, (max-width: 600px) 100vw, 600px\" \/><span style=\"font-size: 8pt\"><strong><em>Saddam Hussein, Kim jong-un, Kadafi\u00a0: \u00a0brochette de dictateurs\u00a0? Image de wikilimages et Tibury de Pixabay<\/em><\/strong><\/span><\/p>\n<p style=\"text-align: justify\">Mais quel \u00e9tait le sens de cette question ? Etait-ce une question pi\u00e8ge pour provoquer chez les 8 candidats des r\u00e9actions qui auraient titill\u00e9 les affects de l\u2019opinion ? Mais si le but de cette \u00e9mission avait \u00e9t\u00e9 de solliciter la r\u00e9flexion du public, n\u2019aurait\u2019 il pas \u00e9t\u00e9 judicieux de d\u00e9finir au pr\u00e9alable ce qu\u2019on entend par \u00ab dictature \u00bb, ou du moins de confronter les divers sens que les candidats donnaient \u00e0 ce mot?<br \/>\nMais voil\u00e0, \u00a0r\u00e9fl\u00e9chir \u00ab\u00a0\u00e7a fait pas le buzz coco\u00a0\u00bb\u00a0!<br \/>\nPourtant ce que nous entendons aujourd\u2019hui par tyran, dictateur, autocrate, implique toute une s\u00e9rie de nuances, m\u00eame si ces termes renvoient \u00e0 une situation o\u00f9 il s\u2019agit toujours d\u2019une personne qui monopolise le pouvoir (pour ne pas citer toujours les m\u00eames\u00a0: Franco, Ceausescu, Amin Dada, Nazarba\u00efef, Loukachenko, Kim Jong-il, etc.). Les nuances se situent\u00a0: <br \/>\n&#8211; dans les moyens d\u2019acc\u00e8s au pouvoir\u00a0: \u00e9lections ou coup de force\u00a0<br \/>\n&#8211; dans les modalit\u00e9s d\u2019exercice\u00a0: utilisation et d\u00e9tournement des institutions existantes ou fabrication d\u2019institutions sur mesure\u00a0;<br \/>\n&#8211; dans le niveau de brutalit\u00e9 accompagnant l\u2019exercice du pouvoir.<\/p>\n<p style=\"text-align: justify\">Tout cela n\u2019est qu\u2019une question de curseur qui se d\u00e9place sur une ligne trac\u00e9e entre abrutissement du peuple et soudoiement des \u00e9lites\u2026Certains syst\u00e8mes politiques qui instituent des r\u00e9gimes pr\u00e9sidentiels sont plus propices \u00e0 l\u2019\u00e9mergence d\u2019autocrates, voire de dictateurs ; mais en d\u00e9finitive c\u2019est le consentement des peuples qui donne son pouvoir au dictateur.<\/p>\n<p style=\"text-align: justify\"><strong><em>Le dictateur est-il\u00a0seul ? A-t-il des soutiens, des complices, avec quel moyens r\u00e8gne-t-il\u00a0? <br \/>\n<\/em><\/strong><strong><em>Voici un texte qui l\u2019explique de fa\u00e7on lumineuse : il est extrait du \u00ab Discours de la servitude volontaire \u00bb publi\u00e9 en 1576, l\u2019auteur en est \u00c9tienne de la Bo\u00e9tie.<\/em><\/strong><\/p>\n<p style=\"text-align: justify\"><span style=\"color: #139e2a\"><strong><em>\u00ab\u00a0J&rsquo;en arrive maintenant \u00e0 un point qui est, selon moi, le ressort et le secret de la domination, le soutien et le fondement de toute tyrannie. Celui qui penserait que les hallebardes, les gardes et le guet garantissent les tyrans se tromperait fort. Ils s&rsquo;en servent, je crois par forme et pour \u00e9pouvantail, plus qu&rsquo;ils ne s&rsquo;y fient. Les archers barrent l&rsquo;entr\u00e9e des palais aux malhabiles qui n&rsquo;ont aucun moyen de nuire, non aux audacieux bien arm\u00e9s. on voit ais\u00e9ment que, parmi les empereurs romains, moins nombreux sont ceux qui \u00e9chapp\u00e8rent au danger gr\u00e2ce au secours de leurs archers, qu&rsquo;il n&rsquo;y en eut de tu\u00e9s par ces archers m\u00eames. ce ne sont pas les bandes de gens \u00e0 cheval, les compagnies de fantassins, ce ne sont pas les armes qui d\u00e9fendent un tyran, mais toujours (on aura peine \u00e0 le croire d&rsquo;abord, quoique ce soit l&rsquo;exacte v\u00e9rit\u00e9) quatre ou cinq hommes qui le soutiennent et qui lui soumettent tout le pays. Il en a toujours \u00e9t\u00e9 ainsi\u00a0cinq ou six ont eu l\u2019oreille du tyran et s\u2019en sont approch\u00e9s d\u2019eux-m\u00eames, ou bien ils ont \u00e9t\u00e9 appel\u00e9s par lui pour \u00eatre les complices de ses cruaut\u00e9s, les compagnons de ses plaisirs, les maquereaux de ses volupt\u00e9s\u00a0 et les b\u00e9n\u00e9ficiaires de ses rapines. Ces six dressent si bien leur chef qu\u2019il en devient m\u00e9chant envers la soci\u00e9t\u00e9, non seulement de sa propre m\u00e9chancet\u00e9, mais encore des leurs. Ces six ont sous eux six cent, qu\u2019ils corrompent autant qu\u2019ils ont corrompu la tyran. Ces six cent tiennent sous leur d\u00e9pendance six mille qu\u2019ils \u00e9l\u00e8vent en dignit\u00e9. Ils leur font donner le gouvernement des provinces ou le maniement des deniers\u00a0 afin de les tenir par leur avidit\u00e9 ou leur cruaut\u00e9, afin qu\u2019ils les exercent \u00e0 point nomm\u00e9 et fassent d\u2019ailleurs tant de mal q\u2019ils ne puissent se maintenir que sous leur ombre, qu\u2019ils ne puissent s\u2019exempter des lois et des peines que gr\u00e2ce \u00e0 leur protection. Grande est la s\u00e9rie de ceux qui les suivent. Et qui voudra en d\u00e9vider le fil verra que, non pas six mille mais cent mille et des millions tiennent au tyran par cette chaine ininterrompue qui les soude et les attache \u00e0 lui {\u2026}. En somme par les gains et les faveurs que l\u2019on re\u00e7oit des tyrans, on en arrive \u00e0 ce point qu\u2019ils se trouvent presque aussi nombreux, ceux auxquels la tyrannie profite, que ceux auxquels la libert\u00e9 plairait.\u00a0\u00bb<\/em><\/strong><\/span><\/p>\n<p style=\"text-align: justify\"><strong><em>Ne devrait-on pas apprendre ce texte dans les \u00e9coles et le lire lors des \u00e9missions de t\u00e9l\u00e9vision ? <\/em><\/strong><\/p>\n<p style=\"text-align: right\"><em>La r\u00e9daction du Clairon de l\u2019Atax le 15\/03\/2022<\/em><\/p>\n<p>&nbsp;<\/p>\n<p style=\"text-align: center\"><img data-recalc-dims=\"1\" loading=\"lazy\" decoding=\"async\" class=\" wp-image-25985 aligncenter\" src=\"https:\/\/i0.wp.com\/le-clairon-nouveau.fr\/wordpress\/wp-content\/uploads\/2022\/03\/demagogue-image-johnain-de-Pixabay.jpg?resize=544%2C410&#038;ssl=1\" alt=\"\" width=\"544\" height=\"410\" srcset=\"https:\/\/i0.wp.com\/le-clairon-nouveau.fr\/wordpress\/wp-content\/uploads\/2022\/03\/demagogue-image-johnain-de-Pixabay.jpg?resize=300%2C226&amp;ssl=1 300w, https:\/\/i0.wp.com\/le-clairon-nouveau.fr\/wordpress\/wp-content\/uploads\/2022\/03\/demagogue-image-johnain-de-Pixabay.jpg?resize=1024%2C771&amp;ssl=1 1024w, https:\/\/i0.wp.com\/le-clairon-nouveau.fr\/wordpress\/wp-content\/uploads\/2022\/03\/demagogue-image-johnain-de-Pixabay.jpg?resize=768%2C578&amp;ssl=1 768w, https:\/\/i0.wp.com\/le-clairon-nouveau.fr\/wordpress\/wp-content\/uploads\/2022\/03\/demagogue-image-johnain-de-Pixabay.jpg?w=1280&amp;ssl=1 1280w\" sizes=\"auto, (max-width: 544px) 100vw, 544px\" \/><span style=\"font-size: 8pt\"><em><strong>D\u00e9magogue (image de Johnhain de Pixabay)<\/strong><\/em><\/span><\/p>\n<p>&nbsp;<\/p>\n<script type=\"text\/javascript\"> var tt_store_content = \"\\<p style\\='text\\-align\\: center;'\\>\\<span style\\='font\\-size\\: 14pt;'\\>\\<strong\\>C\\<\\\/strong\\>r\u00e9dit d'Imp\u00f4t pour la \\<strong\\>C\\<\\\/strong\\>omp\u00e9titivit\u00e9 et l'\\<strong\\>E\\<\\\/strong\\>mploi\\<\\\/span\\>\\<\\\/p\\><br\/>\\<p style\\='text\\-align\\: justify;'\\>Mesure mise en place par le gouvernement de Jean\\-Marc Ayrault, en 2012 et entr\u00e9e en vigueur le 1\\<sup\\>er\\<\\\/sup\\> Janvier 2013, sous la pr\u00e9sidence de Fran\u00e7ois Hollande, visant \u00e0 soutenir les entreprises fran\u00e7aises par un all\u00e8gement des charges li\u00e9es aux salaires inf\u00e9rieurs \u00e0 2,5 SMIC\\. Le but de cette mesure, tr\u00e8s co\u00fbteuse pour la collectivit\u00e9 \\(13 mds \u20ac en 2013 et 20 mds&nbsp; \u20ac en 2014\\), \u00e9tait de dynamiser les embauches par les entreprises\\.<br\/>Dans les faits, elle aurait surtout servi aux entreprises \u00e0 reconstituer leurs marges et cela d'autant plus facilement qu'elle n'\u00e9tait assortie d'aucun contr\u00f4le du respect, par les entreprises, des conditions d'\u00e9ligibilit\u00e9\\.\\<\\\/p\\><br\/>\\<a href\\='https\\:\\\/\\\/fr\\.wikipedia\\.org\\\/wiki\\\/Cr%C3%A9dit_d%27imp%C3%B4t_pour_la_comp%C3%A9titivit%C3%A9_et_l%27emploi' target\\='_blank' rel\\='noopener'\\>Acc\u00e9der ici \u00e0 la fiche Wikipedia sur le <span class='tooltipsall tooltip_post_id_5648 classtoolTips102'>CICE<\/span>\\<\\\/a\\>\"; toolTips('.classtoolTips102',tt_store_content,'5648'); <\/script><script type=\"text\/javascript\"> var tt_store_content = \"\\<p style\\='text\\-align\\: center;'\\>\\<strong\\>\\<span style\\='font\\-size\\: 14pt;'\\>S\\<\\\/span\\>\\<\\\/strong\\>\\<span style\\='font\\-size\\: 14pt;'\\>oci\u00e9t\u00e9 d'\\<strong\\>\u00c9\\<\\\/strong\\>conomie \\<strong\\>M\\<\\\/strong\\>ixte\\<\\\/span\\>\\<\\\/p\\><br\/>\\<p style\\='text\\-align\\: justify;'\\>En France, une soci\u00e9t\u00e9 d'\u00e9conomie mixte est une soci\u00e9t\u00e9 anonyme dont le capital est majoritairement d\u00e9tenu par une ou plusieurs personnes publiques \\(\u00e0 savoir l'\u00c9tat, une Collectivit\u00e9 territoriale, ou tout autre \u00c9tablissement public\\)\\. Cette participation majoritaire publique est plafonn\u00e9e \u00e0 85&nbsp;% du capital depuis la Loi du 2 janvier 2002\\. Au moins une personne priv\u00e9e doit participer au capital de la <span class='tooltipsall tooltip_post_id_7168 classtoolTips142'>SEM<\/span>, sachant qu'il peut s'agir d'une autre SEM\\.\\<\\\/p\\><br\/>\\<p style\\='text\\-align\\: justify;'\\>\\<strong\\>Le recours \u00e0 la SEM garantit\\<\\\/strong\\> \u00e0 la collectivit\u00e9 publique actionnaire et cocontractante \\<strong\\>la prise en compte effective de l'int\u00e9r\u00eat g\u00e9n\u00e9ral\\<\\\/strong\\> dans les objectifs de l'entreprise \\<strong\\>et la souplesse de la soci\u00e9t\u00e9 de droit priv\u00e9\\<\\\/strong\\>\\.\\<\\\/p\\><br\/>\\<em\\>\\<a href\\='https\\:\\\/\\\/fr\\.wikipedia\\.org\\\/wiki\\\/Soci%C3%A9t%C3%A9_d%27%C3%A9conomie_mixte' target\\='_blank' rel\\='noopener'\\>Voir ici la page Wikipedia consacr\u00e9e aux SEM\\<\\\/a\\> \\<\\\/em\\><br\/><br\/>&nbsp;\"; toolTips('.classtoolTips142',tt_store_content,'7168'); <\/script><script type=\"text\/javascript\"> var tt_store_content = \"\\<p style\\='text\\-align\\: center;'\\>\\<span style\\='font\\-size\\: 14pt;'\\>\\<strong\\>I\\<\\\/strong\\>mp\u00f4t sur la \\<strong\\>F\\<\\\/strong\\>ortune \\<strong\\>I\\<\\\/strong\\>mmobili\u00e8re\\<\\\/span\\>\\<\\\/p\\>\"; toolTips('.classtoolTips148',tt_store_content,'5643'); <\/script><script type=\"text\/javascript\"> var tt_store_content = \"\\<p style\\='text\\-align\\: center;'\\>\\<span style\\='font\\-size\\: 14pt;'\\>\\<strong\\>R\\<\\\/strong\\>evenu de \\<strong\\>S\\<\\\/strong\\>olidarit\u00e9 \\<strong\\>A\\<\\\/strong\\>ctive\\<\\\/span\\>\\<\\\/p\\><br\/>\\<p style\\='text\\-align\\: justify;'\\>Le revenu de solidarit\u00e9 active est une prestation sociale fran\u00e7aise, g\u00e9r\u00e9e par les conseils d\u00e9partementaux, vers\u00e9e par les <span class='tooltipsall tooltip_post_id_5652 classtoolTips155'>CAF<\/span> et les MSA et destin\u00e9e \u00e0 garantir \u00e0 ses b\u00e9n\u00e9ficiaires, qu'ils aient ou non la capacit\u00e9 de travailler, un revenu minimum, avec en contrepartie une obligation de chercher un emploi ou de d\u00e9finir et suivre un projet professionnel visant \u00e0 am\u00e9liorer sa situation financi\u00e8re\\.\\<\\\/p\\><br\/>\\<p style\\='text\\-align\\: justify;'\\>Cette prestation sociale a \u00e9t\u00e9 mise en place en 2009, en remplacement du RMI \\(revenu minimum d'insertion\\), mis en place en 1988\\.\\<\\\/p\\><br\/>\\<p style\\='text\\-align\\: justify;'\\>En 2016, 2,5 millions de personnes \u00e9taient b\u00e9n\u00e9ficiaires du <span class='tooltipsall tooltip_post_id_5651 classtoolTips154'>RSA<\/span>\\.\\<\\\/p\\><br\/>\\<em\\>\\<a href\\='https\\:\\\/\\\/fr\\.wikipedia\\.org\\\/wiki\\\/Revenu_de_solidarit%C3%A9_active' target\\='_blank' rel\\='noopener'\\>Acc\u00e9der ici \u00e0 la fiche Wikipedia traitant du RSA\\<\\\/a\\><br\/>\\<a href\\='https\\:\\\/\\\/www\\.insee\\.fr\\\/fr\\\/metadonnees\\\/definition\\\/c1718' target\\='_blank' rel\\='noopener'\\>Acc\u00e9der ici \u00e0 la d\u00e9finition du RSA fournie par l'<span class='tooltipsall tooltip_post_id_6978 classtoolTips82'>INSEE<\/span>\\<\\\/a\\>\\<\\\/em\\>\"; toolTips('.classtoolTips154',tt_store_content,'5651'); <\/script><script type=\"text\/javascript\"> var tt_store_content = \"\\<p style\\='text\\-align\\: center;'\\>\\<span style\\='font\\-size\\: 14pt;'\\>\\<strong\\>R\\<\\\/strong\\>\u00e9pertoire \\<strong\\>N\\<\\\/strong\\>ational des \\<strong\\>A\\<\\\/strong\\>ssociations\\<\\\/span\\>\\<\\\/p\\>\"; toolTips('.classtoolTips159',tt_store_content,'24374'); <\/script><script type=\"text\/javascript\"> var tt_store_content = \"\\<p style\\='text\\-align\\: center;'\\>\\<strong\\>\\<span style\\='font\\-size\\: 14pt;'\\>G\\<\\\/span\\>\\<\\\/strong\\>\\<span style\\='font\\-size\\: 14pt;'\\>az \u00e0 \\<strong\\>E\\<\\\/strong\\>ffet de \\<strong\\>S\\<\\\/strong\\>erre\\<\\\/span\\>\\<\\\/p\\><br\/>\\<p style\\='text\\-align\\: justify;'\\>Les gaz \u00e0 effet de serre \\(<span class='tooltipsall tooltip_post_id_7232 classtoolTips161'>GES<\/span>\\) sont des composants gazeux qui absorbent le rayonnement infrarouge \u00e9mis par la surface terrestre et contribuent \u00e0 l'effet de serre\\. L'augmentation de leur concentration dans l'atmosph\u00e8re terrestre est l'un des facteurs \u00e0 l'origine du r\u00e9chauffement climatique\\.\\<\\\/p\\><br\/>\\<a href\\='https\\:\\\/\\\/fr\\.wikipedia\\.org\\\/wiki\\\/Gaz_%C3%A0_effet_de_serre' target\\='_blank' rel\\='noopener'\\>\\<em\\>Voir ici la fiche Wikipedia sur les gaz \u00e0 effet de serre\\<\\\/em\\>\\<\\\/a\\>\"; toolTips('.classtoolTips161',tt_store_content,'7232'); <\/script><script type=\"text\/javascript\"> var tt_store_content = \"\\<p style\\='text\\-align\\: justify'\\>La \u00ab\u00a0\\<b\\>programmation pluriannuelle de l'\u00e9nergie\\<\\\/b\\>\u00a0\u00bb \\(<span class='tooltipsall tooltip_post_id_7750 classtoolTips164'>PPE<\/span>\\) est, en France, un document strat\u00e9gique de pilotage de la transition \u00e9nerg\u00e9tique\\. Institu\u00e9e par l'article 176 de la \\<a title\\='Loi relative \u00e0 la transition \u00e9nerg\u00e9tique pour la croissance verte' href\\='https\\:\\\/\\\/fr\\.wikipedia\\.org\\\/wiki\\\/Loi_relative_%C3%A0_la_transition_%C3%A9nerg%C3%A9tique_pour_la_croissance_verte'\\>loi de transition \u00e9nerg\u00e9tique\\<\\\/a\\> \\(TECV\\), elle fixe une trajectoire pour le \\<a title\\='Mix \u00e9nerg\u00e9tique' href\\='https\\:\\\/\\\/fr\\.wikipedia\\.org\\\/wiki\\\/Mix_%C3%A9nerg%C3%A9tique'\\>mix \u00e9nerg\u00e9tique\\<\\\/a\\>, ainsi que \\<span class\\='citation'\\>\u00ab\u00a0les priorit\u00e9s d'action pour la gestion de l\u2019ensemble des formes d'\u00e9nergie sur le territoire m\u00e9tropolitain continental, afin d\u2019atteindre les objectifs nationaux fix\u00e9s par la loi\u00a0\u00bb\\<\\\/span\\>\\. \\(Wikip\u00e9dia\\)\\<\\\/p\\>\"; toolTips('.classtoolTips164',tt_store_content,'7750'); <\/script><script type=\"text\/javascript\"> var tt_store_content = \"\\<p style\\='text\\-align\\: justify'\\>La \u00ab\u00a0\\<b\\>programmation pluriannuelle de l'\u00e9nergie\\<\\\/b\\>\u00a0\u00bb \\(PPE\\) est, en France, un document strat\u00e9gique de pilotage de la transition \u00e9nerg\u00e9tique\\. Institu\u00e9e par l'article 176 de la \\<a title\\='Loi relative \u00e0 la transition \u00e9nerg\u00e9tique pour la croissance verte' href\\='https\\:\\\/\\\/fr\\.wikipedia\\.org\\\/wiki\\\/Loi_relative_%C3%A0_la_transition_%C3%A9nerg%C3%A9tique_pour_la_croissance_verte'\\>loi de transition \u00e9nerg\u00e9tique\\<\\\/a\\> \\(TECV\\), elle fixe une trajectoire pour le \\<a title\\='Mix \u00e9nerg\u00e9tique' href\\='https\\:\\\/\\\/fr\\.wikipedia\\.org\\\/wiki\\\/Mix_%C3%A9nerg%C3%A9tique'\\>mix \u00e9nerg\u00e9tique\\<\\\/a\\>, ainsi que \\<span class\\='citation'\\>\u00ab\u00a0les priorit\u00e9s d'action pour la gestion de l\u2019ensemble des formes d'\u00e9nergie sur le territoire m\u00e9tropolitain continental, afin d\u2019atteindre les objectifs nationaux fix\u00e9s par la loi\u00a0\u00bb\\<\\\/span\\>\\. \\(Wikip\u00e9dia\\)\\<\\\/p\\>\"; toolTips('.classtoolTips164',tt_store_content,'7750'); <\/script><script type=\"text\/javascript\"> var tt_store_content = \"\\<p style\\='text\\-align\\: justify;'\\>Le Conseil d'Orientation des Retraites est une instance qui r\u00e9unit &nbsp;\\<span class\\='st'\\>les principaux acteurs du champ des retraites\\<\\\/span\\> et effectue un travail d'\u00e9tudes et de concertation\\. Compos\u00e9 de parlementaires, de repr\u00e9sentants des organisations professionnelles et syndicales, des retrait\u00e9s et des familles, de membres de l'administration et d'experts, le Conseil d'orientation des retraites \\(<span class='tooltipsall tooltip_post_id_7751 classtoolTips165'>COR<\/span>\\) est plac\u00e9 aupr\u00e8s du Premier ministre\\.\\<\\\/p\\>\"; toolTips('.classtoolTips165',tt_store_content,'7751'); <\/script><script type=\"text\/javascript\"> var tt_store_content = \"\\<p style\\='text\\-align\\: center;'\\>\\<span style\\='font\\-size\\: 14pt;'\\>\\<strong\\>O\\<\\\/strong\\>rganisation \\<strong\\>M\\<\\\/strong\\>\u00e9t\u00e9orologique \\<strong\\>M\\<\\\/strong\\>ondiale<br\/>\\<strong\\>W\\<\\\/strong\\>orld \\<strong\\>M\\<\\\/strong\\>eteorological \\<strong\\>O\\<\\\/strong\\>rganization\\<\\\/span\\>\\<\\\/p\\><br\/>&nbsp;<br\/><br\/>\\<a href\\='https\\:\\\/\\\/public\\.wmo\\.int\\\/fr' target\\='_blank' rel\\='noopener'\\>\\<em\\>Acc\u00e9der ici au site de l'organisation\\<\\\/em\\>\\<\\\/a\\>\"; toolTips('.classtoolTips168',tt_store_content,'7763'); <\/script><script type=\"text\/javascript\"> var tt_store_content = \"\\<p style\\='text\\-align\\: center;'\\>\\<span style\\='font\\-size\\: 14pt;'\\>\\<strong\\>\u00c9\\<\\\/strong\\>cole \\<strong\\>N\\<\\\/strong\\>ationale d'\\<strong\\>A\\<\\\/strong\\>dministration\\<\\\/span\\>\\<\\\/p\\>\"; toolTips('.classtoolTips170',tt_store_content,'5213'); <\/script><script type=\"text\/javascript\"> var tt_store_content = \"\\<p style\\='text\\-align\\: center;'\\>\\<span style\\='font\\-size\\: 14pt;'\\>\\<strong\\>P\\<\\\/strong\\>\\<\\\/span\\>\\<span style\\='font\\-size\\: 14pt;'\\>lan \\<strong\\>L\\<\\\/strong\\>\\<\\\/span\\>\\<span style\\='font\\-size\\: 14pt;'\\>ocal d'\\<strong\\>U\\<\\\/strong\\>\\<\\\/span\\>\\<span style\\='font\\-size\\: 14pt;'\\>rbanisme\\<\\\/span\\>\\<\\\/p\\><br\/>&nbsp;\"; toolTips('.classtoolTips176',tt_store_content,'4979'); <\/script><script type=\"text\/javascript\"> var tt_store_content = \"\\<p\\>Conseil \u00c9conomique et Social\\<\\\/p\\>\"; toolTips('.classtoolTips180',tt_store_content,'29829'); <\/script><script type=\"text\/javascript\"> var tt_store_content = \"\\<p style\\='text\\-align\\: center;'\\>\\<span style\\='font\\-size\\: 14pt;'\\>\\<strong\\>H\\<\\\/strong\\>ydrocarbure \\<strong\\>A\\<\\\/strong\\>romatique \\<strong\\>P\\<\\\/strong\\>olycyclique\\<\\\/span\\>\\<\\\/p\\><br\/>\\<p style\\='text\\-align\\: justify;'\\>Depuis de nombreuses ann\u00e9es, les <span class='tooltipsall tooltip_post_id_20397 classtoolTips184'>HAP<\/span> sont tr\u00e8s \u00e9tudi\u00e9s car ce sont des compos\u00e9s pr\u00e9sents dans tous les milieux environnementaux et qui montrent une forte toxicit\u00e9\\. On a pu \u00e9tablir la canc\u00e9rog\u00e9n\u00e8se de certains HPA, tels que le Benzo\\[a\\]anthrac\u00e8ne, le Chrys\u00e8ne et d'autres\\.\\<\\\/p\\><br\/>\\<p style\\='text\\-align\\: justify;'\\>Les HAP proviennent principalement de la combustion \u00e0 haute temp\u00e9rature \\(500\u00b0 C et plus\\) de mati\u00e8res fossiles telles que le bois, le charbon et le p\u00e9trole\\. Dans l'environnement, la production de HAP provient donc&nbsp; du chauffage domestique, de la circulation automobile, des centrales \u00e9lectriques fonctionnant au charbon ou au p\u00e9trole \\('fioul'\\), ainsi que des incin\u00e9rateurs\\.\\<\\\/p\\><br\/>\\<p\\>\\<a href\\='https\\:\\\/\\\/fr\\.wikipedia\\.org\\\/wiki\\\/Hydrocarbure_aromatique_polycyclique' target\\='_blank' rel\\='noopener noreferrer'\\>\\<em\\>Voir ici l'article Wikipedia consacr\u00e9 aux HAP\\<\\\/em\\>\\<\\\/a\\>\\<\\\/p\\>\"; toolTips('.classtoolTips184',tt_store_content,'20397'); <\/script><script type=\"text\/javascript\"> var tt_store_content = \"\\<p\\><span class='tooltipsall tooltip_post_id_19888 classtoolTips186'>CEA<\/span> \\= Commissariat \u00e0 l'Energie Atomique et aux Energies Alternatives\\. C' est un organisme administratif\u00a0 fran\u00e7ais de recherche scientifique dans les domaines de l'\u00e9nergie , la d\u00e9fense, les technologies de l'information et de la communication, des sciences de la mati\u00e8re, de la vie, de la sant\u00e9\\.\\.\\.\\<\\\/p\\><br\/>\\<p\\>&nbsp;\\<\\\/p\\>\"; toolTips('.classtoolTips186',tt_store_content,'19888'); <\/script><script type=\"text\/javascript\"> var tt_store_content = \"\\<p style\\='text\\-align\\: center;'\\>\\<span style\\='font\\-size\\: 14pt;'\\>\\<strong\\>A\\<\\\/strong\\>gence \\<strong\\>R\\<\\\/strong\\>\u00e9gionale de \\<strong\\>S\\<\\\/strong\\>ant\u00e9\\<\\\/span\\>\\<\\\/p\\>\"; toolTips('.classtoolTips188',tt_store_content,'18356'); <\/script><script type=\"text\/javascript\"> var tt_store_content = \"\\<p style\\='text\\-align\\: center;'\\>\\<span style\\='font\\-size\\: 14pt;'\\>\\<strong\\>G\\<\\\/strong\\>roupement \\<strong\\>H\\<\\\/strong\\>ospitalier de \\<strong\\>T\\<\\\/strong\\>erritoire\\<\\\/span\\>\\<\\\/p\\><br\/>\\<p style\\='text\\-align\\: justify;'\\>Les groupements hospitaliers de territoires, dispositif pr\u00e9vu par la loi de sant\u00e9 2016, sont un nouveau mode de coop\u00e9ration entre les \u00e9tablissements publics de sant\u00e9 \u00e0 l\u2019\u00e9chelle d\u2019un territoire\\<\\\/p\\>\"; toolTips('.classtoolTips189',tt_store_content,'18358'); <\/script><script type=\"text\/javascript\"> var tt_store_content = \"\\<p style\\='text\\-align\\: center;'\\>\\<span style\\='font\\-size\\: 14pt;'\\>\\<strong\\>C\\<\\\/strong\\>omit\u00e9 \\<strong\\>T\\<\\\/strong\\>echnique d'\\<strong\\>\u00c9\\<\\\/strong\\>tablissement\\<\\\/span\\>\\<\\\/p\\>\"; toolTips('.classtoolTips191',tt_store_content,'18359'); <\/script><script type=\"text\/javascript\"> var tt_store_content = \"\\<p style\\='text\\-align\\: center;'\\>\\<strong\\>\\<span style\\='font\\-size\\: 14pt;'\\>P\\<\\\/span\\>\\<\\\/strong\\>\\<span style\\='font\\-size\\: 14pt;'\\>rogrammation \\<strong\\>P\\<\\\/strong\\>luri\\-annuelle de l'\\<strong\\>\u00c9\\<\\\/strong\\>nergie\\<\\\/span\\>\\<\\\/p\\><br\/>La PPE est est en France un document strat\u00e9gique de pilotage de la transition \u00e9nerg\u00e9tique\\. Institu\u00e9e par l'article 176 de la loi transition \u00e9nerg\u00e9tique \\(TECV\\)\\. Elle fixe \\(par \u00e9nergie\\) une trajectoire pour le mix \u00e9nerg\u00e9tique, ainsi que \u00ab&nbsp;\\<em\\>les priorit\u00e9s d'action pour la gestion de l\u2019ensemble des formes d'\u00e9nergie sur le territoire m\u00e9tropolitain continental, afin d\u2019atteindre les objectifs nationaux fix\u00e9s par la loi\\<\\\/em\\>&nbsp;\u00bb\\.<br\/><br\/>Initi\u00e9e en 2016, elle est r\u00e9vis\u00e9e en 2018 puis ensuite tous les 5 ans\\.<br\/><br\/>\\<a href\\='https\\:\\\/\\\/fr\\.wikipedia\\.org\\\/wiki\\\/Programmation_pluriannuelle_de_l'\u00e9nergi' target\\='_blank' rel\\='noopener'\\>\\<em\\>Voir ici la page Wikipedia consacr\u00e9e \u00e0 la PPE\\<\\\/em\\>\\<\\\/a\\><br\/>\\<a href\\='https\\:\\\/\\\/ppe\\.debatpublic\\.fr\\\/' target\\='_blank' rel\\='noopener'\\>\\<em\\>Voir ici la page du site 'Commission du D\u00e9bat Public' consacr\u00e9e \u00e0 la PPE\\<\\\/em\\>\\<\\\/a\\>\"; toolTips('.classtoolTips193',tt_store_content,'7102'); <\/script><script type=\"text\/javascript\"> var tt_store_content = \"\\<p style\\='text\\-align\\: center;'\\>\\<strong\\>R\\<\\\/strong\\>\u00e9seau \\<strong\\>A\\<\\\/strong\\>ction \\<strong\\>C\\<\\\/strong\\>limat\\<\\\/p\\><br\/>Le r\u00e9seau Action Climat '\\<em\\>f\u00e9d\u00e8re les associations impliqu\u00e9es dans la lutte contre les changements climatiques et pour une transition \u00e9cologique, solidaire et \u00e9quitable\\<\\\/em\\>'\\.<br\/><br\/>\\<a href\\='https\\:\\\/\\\/reseauactionclimat\\.org\\\/' target\\='_blank' rel\\='noopener'\\>Voir le site du <span class='tooltipsall tooltip_post_id_4309 classtoolTips200'>RAC<\/span>\\<\\\/a\\>\"; toolTips('.classtoolTips200',tt_store_content,'4309'); <\/script><script type=\"text\/javascript\"> var tt_store_content = \"\\<p style\\='text\\-align\\: center;'\\>\\<strong\\>\\<span style\\='font\\-size\\: 14pt;'\\>R\\<\\\/span\\>\\<\\\/strong\\>\\<span style\\='font\\-size\\: 14pt;'\\>eferendum d'\\<strong\\>I\\<\\\/strong\\>nitiative \\<strong\\>C\\<\\\/strong\\>itoyenne\\<\\\/span\\>\\<\\\/p\\>\"; toolTips('.classtoolTips205',tt_store_content,'12268'); <\/script><script type=\"text\/javascript\"> var tt_store_content = \"\\<p style\\='text\\-align\\: center;'\\>\\<span style\\='font\\-size\\: 14pt;'\\>\\<strong\\>O\\<\\\/strong\\>rganisation\\<strong\\> N\\<\\\/strong\\>on\\<strong\\> G\\<\\\/strong\\>ouvernementale\\<\\\/span\\>\\<\\\/p\\><br\/>Une organisation non gouvernementale \\(<span class='tooltipsall tooltip_post_id_3579 classtoolTips210'>ONG<\/span>\\) est une \\<a title\\='Association \u00e0 but non lucratif' href\\='https\\:\\\/\\\/fr\\.wikipedia\\.org\\\/wiki\\\/Association_%C3%A0_but_non_lucratif' target\\='_blank' rel\\='noopener'\\>association \u00e0 but non lucratif\\<\\\/a\\>, d'int\u00e9r\u00eat public, qui ne rel\u00e8ve ni de l'\u00c9tat, ni d'institutions internationales\\<sup id\\='cite_ref\\-novethic_1\\-0' class\\='reference'\\>\\<\\\/sup\\>\\. Les ONG n'ont pas le statut de sujet de \\<a title\\='Droit international public' href\\='https\\:\\\/\\\/fr\\.wikipedia\\.org\\\/wiki\\\/Droit_international_public' target\\='_blank' rel\\='noopener'\\>droit international\\<\\\/a\\>\\.\"; toolTips('.classtoolTips210',tt_store_content,'3579'); <\/script><script type=\"text\/javascript\"> var tt_store_content = \"\\<p style\\='text\\-align\\: center;'\\>\\<span style\\='font\\-size\\: 14pt;'\\>\\<strong\\>O\\<\\\/strong\\>rganisation\\<strong\\> N\\<\\\/strong\\>on\\<strong\\> G\\<\\\/strong\\>ouvernementale\\<\\\/span\\>\\<\\\/p\\><br\/>Une organisation non gouvernementale \\(ONG\\) est une \\<a title\\='Association \u00e0 but non lucratif' href\\='https\\:\\\/\\\/fr\\.wikipedia\\.org\\\/wiki\\\/Association_%C3%A0_but_non_lucratif' target\\='_blank' rel\\='noopener'\\>association \u00e0 but non lucratif\\<\\\/a\\>, d'int\u00e9r\u00eat public, qui ne rel\u00e8ve ni de l'\u00c9tat, ni d'institutions internationales\\<sup id\\='cite_ref\\-novethic_1\\-0' class\\='reference'\\>\\<\\\/sup\\>\\. Les ONG n'ont pas le statut de sujet de \\<a title\\='Droit international public' href\\='https\\:\\\/\\\/fr\\.wikipedia\\.org\\\/wiki\\\/Droit_international_public' target\\='_blank' rel\\='noopener'\\>droit international\\<\\\/a\\>\\.\"; toolTips('.classtoolTips210',tt_store_content,'3579'); <\/script><script type=\"text\/javascript\"> var tt_store_content = \"\\<p style\\='text\\-align\\: center;'\\>\\<strong\\>J\\<\\\/strong\\>eux \\<strong\\>O\\<\\\/strong\\>lympiques<br\/>ou<br\/>\\<strong\\>J\\<\\\/strong\\>ournal \\<strong\\>O\\<\\\/strong\\>fficiel de la R\u00e9publique Fran\u00e7aise\\<\\\/p\\>\"; toolTips('.classtoolTips213',tt_store_content,'4451'); <\/script><script type=\"text\/javascript\"> var tt_store_content = \"\\<p\\><span class='tooltipsall tooltip_post_id_30593 classtoolTips214'>RN<\/span> \\= Rassemble National, c'est le parti d'extr\u00eame droite de Marine Le Pen qui succ\u00e8de au FN \\= Front National fond\u00e9 par son p\u00e8re Jean Marie Le Pen\\<\\\/p\\>\"; toolTips('.classtoolTips214',tt_store_content,'30593'); <\/script><script type=\"text\/javascript\"> var tt_store_content = \"\\<p style\\='text\\-align\\: center;'\\>\\<span style\\='font\\-size\\: 14pt;'\\>\\<strong\\>C\\<\\\/strong\\>entre \\<strong\\>H\\<\\\/strong\\>ospitalier\\<\\\/span\\>\\<\\\/p\\>\"; toolTips('.classtoolTips220',tt_store_content,'18357'); <\/script><script type=\"text\/javascript\"> var tt_store_content = \"\\<p\\>D\u00e9chets radioactifs \u00e0 Haute Activit\u00e9 \\(classement <span class='tooltipsall tooltip_post_id_3612 classtoolTips79'>ANDRA<\/span>\\)\\<\\\/p\\>\"; toolTips('.classtoolTips223',tt_store_content,'19196'); <\/script>","protected":false},"excerpt":{"rendered":"<p>\u00ab\u00a0En somme par les gains et les faveurs que l\u2019on re\u00e7oit des tyrans, on en arrive \u00e0 ce point qu\u2019ils se trouvent presque aussi nombreux, ceux auxquels la tyrannie profite, que ceux auxquels la libert\u00e9 plairait. \u00ab\u00a0<script type=\"text\/javascript\"> var tt_store_content = \"\\<\/p>\n<p style\\='text\\-align\\: center;'\\>\\<span style\\='font\\-size\\: 14pt;'\\>\\<strong\\>C\\<\\\/strong\\>r\u00e9dit d'Imp\u00f4t pour la \\<strong\\>C\\<\\\/strong\\>omp\u00e9titivit\u00e9 et l'\\<strong\\>E\\<\\\/strong\\>mploi\\<\\\/span\\>\\<\\\/p\\><br \/>\\<\/p>\n<p style\\='text\\-align\\: justify;'\\>Mesure mise en place par le gouvernement de Jean\\-Marc Ayrault, en 2012 et entr\u00e9e en vigueur le 1\\<sup\\>er\\<\\\/sup\\> Janvier 2013, sous la pr\u00e9sidence de Fran\u00e7ois Hollande, visant \u00e0 soutenir les entreprises fran\u00e7aises par un all\u00e8gement des charges li\u00e9es aux salaires inf\u00e9rieurs \u00e0 2,5 SMIC\\. Le but de cette mesure, tr\u00e8s co\u00fbteuse pour la collectivit\u00e9 \\(13 mds \u20ac en 2013 et 20 mds&nbsp; \u20ac en 2014\\), \u00e9tait de dynamiser les embauches par les entreprises\\.<br \/>Dans les faits, elle aurait surtout servi aux entreprises \u00e0 reconstituer leurs marges et cela d'autant plus facilement qu'elle n'\u00e9tait assortie d'aucun contr\u00f4le du respect, par les entreprises, des conditions d'\u00e9ligibilit\u00e9\\.\\<\\\/p\\><br \/>\\<a href\\='https\\:\\\/\\\/fr\\.wikipedia\\.org\\\/wiki\\\/Cr%C3%A9dit_d%27imp%C3%B4t_pour_la_comp%C3%A9titivit%C3%A9_et_l%27emploi' target\\='_blank' rel\\='noopener'\\>Acc\u00e9der ici \u00e0 la fiche Wikipedia sur le <span class='tooltipsall tooltip_post_id_5648 classtoolTips102'>CICE<\/span>\\<\\\/a\\>\"; toolTips('.classtoolTips102',tt_store_content,'5648'); <\/script><script type=\"text\/javascript\"> var tt_store_content = \"\\<\/p>\n<p style\\='text\\-align\\: center;'\\>\\<strong\\>\\<span style\\='font\\-size\\: 14pt;'\\>S\\<\\\/span\\>\\<\\\/strong\\>\\<span style\\='font\\-size\\: 14pt;'\\>oci\u00e9t\u00e9 d'\\<strong\\>\u00c9\\<\\\/strong\\>conomie \\<strong\\>M\\<\\\/strong\\>ixte\\<\\\/span\\>\\<\\\/p\\><br \/>\\<\/p>\n<p style\\='text\\-align\\: justify;'\\>En France, une soci\u00e9t\u00e9 d'\u00e9conomie mixte est une soci\u00e9t\u00e9 anonyme dont le capital est majoritairement d\u00e9tenu par une ou plusieurs personnes publiques \\(\u00e0 savoir l'\u00c9tat, une Collectivit\u00e9 territoriale, ou tout autre \u00c9tablissement public\\)\\. Cette participation majoritaire publique est plafonn\u00e9e \u00e0 85&nbsp;% du capital depuis la Loi du 2 janvier 2002\\. Au moins une personne priv\u00e9e doit participer au capital de la <span class='tooltipsall tooltip_post_id_7168 classtoolTips142'>SEM<\/span>, sachant qu'il peut s'agir d'une autre SEM\\.\\<\\\/p\\><br \/>\\<\/p>\n<p style\\='text\\-align\\: justify;'\\>\\<strong\\>Le recours \u00e0 la SEM garantit\\<\\\/strong\\> \u00e0 la collectivit\u00e9 publique actionnaire et cocontractante \\<strong\\>la prise en compte effective de l'int\u00e9r\u00eat g\u00e9n\u00e9ral\\<\\\/strong\\> dans les objectifs de l'entreprise \\<strong\\>et la souplesse de la soci\u00e9t\u00e9 de droit priv\u00e9\\<\\\/strong\\>\\.\\<\\\/p\\><br \/>\\<em\\>\\<a href\\='https\\:\\\/\\\/fr\\.wikipedia\\.org\\\/wiki\\\/Soci%C3%A9t%C3%A9_d%27%C3%A9conomie_mixte' target\\='_blank' rel\\='noopener'\\>Voir ici la page Wikipedia consacr\u00e9e aux SEM\\<\\\/a\\> \\<\\\/em\\><\/p>\n<p>&nbsp;\"; toolTips('.classtoolTips142',tt_store_content,'7168'); <\/script><script type=\"text\/javascript\"> var tt_store_content = \"\\<\/p>\n<p style\\='text\\-align\\: center;'\\>\\<span style\\='font\\-size\\: 14pt;'\\>\\<strong\\>I\\<\\\/strong\\>mp\u00f4t sur la \\<strong\\>F\\<\\\/strong\\>ortune \\<strong\\>I\\<\\\/strong\\>mmobili\u00e8re\\<\\\/span\\>\\<\\\/p\\>\"; toolTips('.classtoolTips148',tt_store_content,'5643'); <\/script><script type=\"text\/javascript\"> var tt_store_content = \"\\<\/p>\n<p style\\='text\\-align\\: center;'\\>\\<span style\\='font\\-size\\: 14pt;'\\>\\<strong\\>R\\<\\\/strong\\>evenu de \\<strong\\>S\\<\\\/strong\\>olidarit\u00e9 \\<strong\\>A\\<\\\/strong\\>ctive\\<\\\/span\\>\\<\\\/p\\><br \/>\\<\/p>\n<p style\\='text\\-align\\: justify;'\\>Le revenu de solidarit\u00e9 active est une prestation sociale fran\u00e7aise, g\u00e9r\u00e9e par les conseils d\u00e9partementaux, vers\u00e9e par les <span class='tooltipsall tooltip_post_id_5652 classtoolTips155'>CAF<\/span> et les MSA et destin\u00e9e \u00e0 garantir \u00e0 ses b\u00e9n\u00e9ficiaires, qu'ils aient ou non la capacit\u00e9 de travailler, un revenu minimum, avec en contrepartie une obligation de chercher un emploi ou de d\u00e9finir et suivre un projet professionnel visant \u00e0 am\u00e9liorer sa situation financi\u00e8re\\.\\<\\\/p\\><br \/>\\<\/p>\n<p style\\='text\\-align\\: justify;'\\>Cette prestation sociale a \u00e9t\u00e9 mise en place en 2009, en remplacement du RMI \\(revenu minimum d'insertion\\), mis en place en 1988\\.\\<\\\/p\\><br \/>\\<\/p>\n<p style\\='text\\-align\\: justify;'\\>En 2016, 2,5 millions de personnes \u00e9taient b\u00e9n\u00e9ficiaires du <span class='tooltipsall tooltip_post_id_5651 classtoolTips154'>RSA<\/span>\\.\\<\\\/p\\><br \/>\\<em\\>\\<a href\\='https\\:\\\/\\\/fr\\.wikipedia\\.org\\\/wiki\\\/Revenu_de_solidarit%C3%A9_active' target\\='_blank' rel\\='noopener'\\>Acc\u00e9der ici \u00e0 la fiche Wikipedia traitant du RSA\\<\\\/a\\><br \/>\\<a href\\='https\\:\\\/\\\/www\\.insee\\.fr\\\/fr\\\/metadonnees\\\/definition\\\/c1718' target\\='_blank' rel\\='noopener'\\>Acc\u00e9der ici \u00e0 la d\u00e9finition du RSA fournie par l'<span class='tooltipsall tooltip_post_id_6978 classtoolTips82'>INSEE<\/span>\\<\\\/a\\>\\<\\\/em\\>\"; toolTips('.classtoolTips154',tt_store_content,'5651'); <\/script><script type=\"text\/javascript\"> var tt_store_content = \"\\<\/p>\n<p style\\='text\\-align\\: center;'\\>\\<span style\\='font\\-size\\: 14pt;'\\>\\<strong\\>R\\<\\\/strong\\>\u00e9pertoire \\<strong\\>N\\<\\\/strong\\>ational des \\<strong\\>A\\<\\\/strong\\>ssociations\\<\\\/span\\>\\<\\\/p\\>\"; toolTips('.classtoolTips159',tt_store_content,'24374'); <\/script><script type=\"text\/javascript\"> var tt_store_content = \"\\<\/p>\n<p style\\='text\\-align\\: center;'\\>\\<strong\\>\\<span style\\='font\\-size\\: 14pt;'\\>G\\<\\\/span\\>\\<\\\/strong\\>\\<span style\\='font\\-size\\: 14pt;'\\>az \u00e0 \\<strong\\>E\\<\\\/strong\\>ffet de \\<strong\\>S\\<\\\/strong\\>erre\\<\\\/span\\>\\<\\\/p\\><br \/>\\<\/p>\n<p style\\='text\\-align\\: justify;'\\>Les gaz \u00e0 effet de serre \\(<span class='tooltipsall tooltip_post_id_7232 classtoolTips161'>GES<\/span>\\) sont des composants gazeux qui absorbent le rayonnement infrarouge \u00e9mis par la surface terrestre et contribuent \u00e0 l'effet de serre\\. L'augmentation de leur concentration dans l'atmosph\u00e8re terrestre est l'un des facteurs \u00e0 l'origine du r\u00e9chauffement climatique\\.\\<\\\/p\\><br \/>\\<a href\\='https\\:\\\/\\\/fr\\.wikipedia\\.org\\\/wiki\\\/Gaz_%C3%A0_effet_de_serre' target\\='_blank' rel\\='noopener'\\>\\<em\\>Voir ici la fiche Wikipedia sur les gaz \u00e0 effet de serre\\<\\\/em\\>\\<\\\/a\\>\"; toolTips('.classtoolTips161',tt_store_content,'7232'); <\/script><script type=\"text\/javascript\"> var tt_store_content = \"\\<\/p>\n<p style\\='text\\-align\\: justify'\\>La \u00ab\u00a0\\<b\\>programmation pluriannuelle de l'\u00e9nergie\\<\\\/b\\>\u00a0\u00bb \\(<span class='tooltipsall tooltip_post_id_7750 classtoolTips164'>PPE<\/span>\\) est, en France, un document strat\u00e9gique de pilotage de la transition \u00e9nerg\u00e9tique\\. Institu\u00e9e par l'article 176 de la \\<a title\\='Loi relative \u00e0 la transition \u00e9nerg\u00e9tique pour la croissance verte' href\\='https\\:\\\/\\\/fr\\.wikipedia\\.org\\\/wiki\\\/Loi_relative_%C3%A0_la_transition_%C3%A9nerg%C3%A9tique_pour_la_croissance_verte'\\>loi de transition \u00e9nerg\u00e9tique\\<\\\/a\\> \\(TECV\\), elle fixe une trajectoire pour le \\<a title\\='Mix \u00e9nerg\u00e9tique' href\\='https\\:\\\/\\\/fr\\.wikipedia\\.org\\\/wiki\\\/Mix_%C3%A9nerg%C3%A9tique'\\>mix \u00e9nerg\u00e9tique\\<\\\/a\\>, ainsi que \\<span class\\='citation'\\>\u00ab\u00a0les priorit\u00e9s d'action pour la gestion de l\u2019ensemble des formes d'\u00e9nergie sur le territoire m\u00e9tropolitain continental, afin d\u2019atteindre les objectifs nationaux fix\u00e9s par la loi\u00a0\u00bb\\<\\\/span\\>\\. \\(Wikip\u00e9dia\\)\\<\\\/p\\>\"; toolTips('.classtoolTips164',tt_store_content,'7750'); <\/script><script type=\"text\/javascript\"> var tt_store_content = \"\\<\/p>\n<p style\\='text\\-align\\: justify'\\>La \u00ab\u00a0\\<b\\>programmation pluriannuelle de l'\u00e9nergie\\<\\\/b\\>\u00a0\u00bb \\(PPE\\) est, en France, un document strat\u00e9gique de pilotage de la transition \u00e9nerg\u00e9tique\\. Institu\u00e9e par l'article 176 de la \\<a title\\='Loi relative \u00e0 la transition \u00e9nerg\u00e9tique pour la croissance verte' href\\='https\\:\\\/\\\/fr\\.wikipedia\\.org\\\/wiki\\\/Loi_relative_%C3%A0_la_transition_%C3%A9nerg%C3%A9tique_pour_la_croissance_verte'\\>loi de transition \u00e9nerg\u00e9tique\\<\\\/a\\> \\(TECV\\), elle fixe une trajectoire pour le \\<a title\\='Mix \u00e9nerg\u00e9tique' href\\='https\\:\\\/\\\/fr\\.wikipedia\\.org\\\/wiki\\\/Mix_%C3%A9nerg%C3%A9tique'\\>mix \u00e9nerg\u00e9tique\\<\\\/a\\>, ainsi que \\<span class\\='citation'\\>\u00ab\u00a0les priorit\u00e9s d'action pour la gestion de l\u2019ensemble des formes d'\u00e9nergie sur le territoire m\u00e9tropolitain continental, afin d\u2019atteindre les objectifs nationaux fix\u00e9s par la loi\u00a0\u00bb\\<\\\/span\\>\\. \\(Wikip\u00e9dia\\)\\<\\\/p\\>\"; toolTips('.classtoolTips164',tt_store_content,'7750'); <\/script><script type=\"text\/javascript\"> var tt_store_content = \"\\<\/p>\n<p style\\='text\\-align\\: justify;'\\>Le Conseil d'Orientation des Retraites est une instance qui r\u00e9unit &nbsp;\\<span class\\='st'\\>les principaux acteurs du champ des retraites\\<\\\/span\\> et effectue un travail d'\u00e9tudes et de concertation\\. Compos\u00e9 de parlementaires, de repr\u00e9sentants des organisations professionnelles et syndicales, des retrait\u00e9s et des familles, de membres de l'administration et d'experts, le Conseil d'orientation des retraites \\(<span class='tooltipsall tooltip_post_id_7751 classtoolTips165'>COR<\/span>\\) est plac\u00e9 aupr\u00e8s du Premier ministre\\.\\<\\\/p\\>\"; toolTips('.classtoolTips165',tt_store_content,'7751'); <\/script><script type=\"text\/javascript\"> var tt_store_content = \"\\<\/p>\n<p style\\='text\\-align\\: center;'\\>\\<span style\\='font\\-size\\: 14pt;'\\>\\<strong\\>O\\<\\\/strong\\>rganisation \\<strong\\>M\\<\\\/strong\\>\u00e9t\u00e9orologique \\<strong\\>M\\<\\\/strong\\>ondiale<br \/>\\<strong\\>W\\<\\\/strong\\>orld \\<strong\\>M\\<\\\/strong\\>eteorological \\<strong\\>O\\<\\\/strong\\>rganization\\<\\\/span\\>\\<\\\/p\\><br \/>&nbsp;<\/p>\n<p>\\<a href\\='https\\:\\\/\\\/public\\.wmo\\.int\\\/fr' target\\='_blank' rel\\='noopener'\\>\\<em\\>Acc\u00e9der ici au site de l'organisation\\<\\\/em\\>\\<\\\/a\\>\"; toolTips('.classtoolTips168',tt_store_content,'7763'); <\/script><script type=\"text\/javascript\"> var tt_store_content = \"\\<\/p>\n<p style\\='text\\-align\\: center;'\\>\\<span style\\='font\\-size\\: 14pt;'\\>\\<strong\\>\u00c9\\<\\\/strong\\>cole \\<strong\\>N\\<\\\/strong\\>ationale d'\\<strong\\>A\\<\\\/strong\\>dministration\\<\\\/span\\>\\<\\\/p\\>\"; toolTips('.classtoolTips170',tt_store_content,'5213'); <\/script><script type=\"text\/javascript\"> var tt_store_content = \"\\<\/p>\n<p style\\='text\\-align\\: center;'\\>\\<span style\\='font\\-size\\: 14pt;'\\>\\<strong\\>P\\<\\\/strong\\>\\<\\\/span\\>\\<span style\\='font\\-size\\: 14pt;'\\>lan \\<strong\\>L\\<\\\/strong\\>\\<\\\/span\\>\\<span style\\='font\\-size\\: 14pt;'\\>ocal d'\\<strong\\>U\\<\\\/strong\\>\\<\\\/span\\>\\<span style\\='font\\-size\\: 14pt;'\\>rbanisme\\<\\\/span\\>\\<\\\/p\\><br \/>&nbsp;\"; toolTips('.classtoolTips176',tt_store_content,'4979'); <\/script><script type=\"text\/javascript\"> var tt_store_content = \"\\<p\\>Conseil \u00c9conomique et Social\\<\\\/p\\>\"; toolTips('.classtoolTips180',tt_store_content,'29829'); <\/script><script type=\"text\/javascript\"> var tt_store_content = \"\\<\/p>\n<p style\\='text\\-align\\: center;'\\>\\<span style\\='font\\-size\\: 14pt;'\\>\\<strong\\>H\\<\\\/strong\\>ydrocarbure \\<strong\\>A\\<\\\/strong\\>romatique \\<strong\\>P\\<\\\/strong\\>olycyclique\\<\\\/span\\>\\<\\\/p\\><br \/>\\<\/p>\n<p style\\='text\\-align\\: justify;'\\>Depuis de nombreuses ann\u00e9es, les <span class='tooltipsall tooltip_post_id_20397 classtoolTips184'>HAP<\/span> sont tr\u00e8s \u00e9tudi\u00e9s car ce sont des compos\u00e9s pr\u00e9sents dans tous les milieux environnementaux et qui montrent une forte toxicit\u00e9\\. On a pu \u00e9tablir la canc\u00e9rog\u00e9n\u00e8se de certains HPA, tels que le Benzo\\[a\\]anthrac\u00e8ne, le Chrys\u00e8ne et d'autres\\.\\<\\\/p\\><br \/>\\<\/p>\n<p style\\='text\\-align\\: justify;'\\>Les HAP proviennent principalement de la combustion \u00e0 haute temp\u00e9rature \\(500\u00b0 C et plus\\) de mati\u00e8res fossiles telles que le bois, le charbon et le p\u00e9trole\\. Dans l'environnement, la production de HAP provient donc&nbsp; du chauffage domestique, de la circulation automobile, des centrales \u00e9lectriques fonctionnant au charbon ou au p\u00e9trole \\('fioul'\\), ainsi que des incin\u00e9rateurs\\.\\<\\\/p\\><br \/>\\<p\\>\\<a href\\='https\\:\\\/\\\/fr\\.wikipedia\\.org\\\/wiki\\\/Hydrocarbure_aromatique_polycyclique' target\\='_blank' rel\\='noopener noreferrer'\\>\\<em\\>Voir ici l'article Wikipedia consacr\u00e9 aux HAP\\<\\\/em\\>\\<\\\/a\\>\\<\\\/p\\>\"; toolTips('.classtoolTips184',tt_store_content,'20397'); <\/script><script type=\"text\/javascript\"> var tt_store_content = \"\\<p\\><span class='tooltipsall tooltip_post_id_19888 classtoolTips186'>CEA<\/span> \\= Commissariat \u00e0 l'Energie Atomique et aux Energies Alternatives\\. C' est un organisme administratif\u00a0 fran\u00e7ais de recherche scientifique dans les domaines de l'\u00e9nergie , la d\u00e9fense, les technologies de l'information et de la communication, des sciences de la mati\u00e8re, de la vie, de la sant\u00e9\\.\\.\\.\\<\\\/p\\><br \/>\\<p\\>&nbsp;\\<\\\/p\\>\"; toolTips('.classtoolTips186',tt_store_content,'19888'); <\/script><script type=\"text\/javascript\"> var tt_store_content = \"\\<\/p>\n<p style\\='text\\-align\\: center;'\\>\\<span style\\='font\\-size\\: 14pt;'\\>\\<strong\\>A\\<\\\/strong\\>gence \\<strong\\>R\\<\\\/strong\\>\u00e9gionale de \\<strong\\>S\\<\\\/strong\\>ant\u00e9\\<\\\/span\\>\\<\\\/p\\>\"; toolTips('.classtoolTips188',tt_store_content,'18356'); <\/script><script type=\"text\/javascript\"> var tt_store_content = \"\\<\/p>\n<p style\\='text\\-align\\: center;'\\>\\<span style\\='font\\-size\\: 14pt;'\\>\\<strong\\>G\\<\\\/strong\\>roupement \\<strong\\>H\\<\\\/strong\\>ospitalier de \\<strong\\>T\\<\\\/strong\\>erritoire\\<\\\/span\\>\\<\\\/p\\><br \/>\\<\/p>\n<p style\\='text\\-align\\: justify;'\\>Les groupements hospitaliers de territoires, dispositif pr\u00e9vu par la loi de sant\u00e9 2016, sont un nouveau mode de coop\u00e9ration entre les \u00e9tablissements publics de sant\u00e9 \u00e0 l\u2019\u00e9chelle d\u2019un territoire\\<\\\/p\\>\"; toolTips('.classtoolTips189',tt_store_content,'18358'); <\/script><script type=\"text\/javascript\"> var tt_store_content = \"\\<\/p>\n<p style\\='text\\-align\\: center;'\\>\\<span style\\='font\\-size\\: 14pt;'\\>\\<strong\\>C\\<\\\/strong\\>omit\u00e9 \\<strong\\>T\\<\\\/strong\\>echnique d'\\<strong\\>\u00c9\\<\\\/strong\\>tablissement\\<\\\/span\\>\\<\\\/p\\>\"; toolTips('.classtoolTips191',tt_store_content,'18359'); <\/script><script type=\"text\/javascript\"> var tt_store_content = \"\\<\/p>\n<p style\\='text\\-align\\: center;'\\>\\<strong\\>\\<span style\\='font\\-size\\: 14pt;'\\>P\\<\\\/span\\>\\<\\\/strong\\>\\<span style\\='font\\-size\\: 14pt;'\\>rogrammation \\<strong\\>P\\<\\\/strong\\>luri\\-annuelle de l'\\<strong\\>\u00c9\\<\\\/strong\\>nergie\\<\\\/span\\>\\<\\\/p\\><br \/>La PPE est est en France un document strat\u00e9gique de pilotage de la transition \u00e9nerg\u00e9tique\\. Institu\u00e9e par l'article 176 de la loi transition \u00e9nerg\u00e9tique \\(TECV\\)\\. Elle fixe \\(par \u00e9nergie\\) une trajectoire pour le mix \u00e9nerg\u00e9tique, ainsi que \u00ab&nbsp;\\<em\\>les priorit\u00e9s d'action pour la gestion de l\u2019ensemble des formes d'\u00e9nergie sur le territoire m\u00e9tropolitain continental, afin d\u2019atteindre les objectifs nationaux fix\u00e9s par la loi\\<\\\/em\\>&nbsp;\u00bb\\.<\/p>\n<p>Initi\u00e9e en 2016, elle est r\u00e9vis\u00e9e en 2018 puis ensuite tous les 5 ans\\.<\/p>\n<p>\\<a href\\='https\\:\\\/\\\/fr\\.wikipedia\\.org\\\/wiki\\\/Programmation_pluriannuelle_de_l'\u00e9nergi' target\\='_blank' rel\\='noopener'\\>\\<em\\>Voir ici la page Wikipedia consacr\u00e9e \u00e0 la PPE\\<\\\/em\\>\\<\\\/a\\><br \/>\\<a href\\='https\\:\\\/\\\/ppe\\.debatpublic\\.fr\\\/' target\\='_blank' rel\\='noopener'\\>\\<em\\>Voir ici la page du site 'Commission du D\u00e9bat Public' consacr\u00e9e \u00e0 la PPE\\<\\\/em\\>\\<\\\/a\\>\"; toolTips('.classtoolTips193',tt_store_content,'7102'); <\/script><script type=\"text\/javascript\"> var tt_store_content = \"\\<\/p>\n<p style\\='text\\-align\\: center;'\\>\\<strong\\>R\\<\\\/strong\\>\u00e9seau \\<strong\\>A\\<\\\/strong\\>ction \\<strong\\>C\\<\\\/strong\\>limat\\<\\\/p\\><br \/>Le r\u00e9seau Action Climat '\\<em\\>f\u00e9d\u00e8re les associations impliqu\u00e9es dans la lutte contre les changements climatiques et pour une transition \u00e9cologique, solidaire et \u00e9quitable\\<\\\/em\\>'\\.<\/p>\n<p>\\<a href\\='https\\:\\\/\\\/reseauactionclimat\\.org\\\/' target\\='_blank' rel\\='noopener'\\>Voir le site du <span class='tooltipsall tooltip_post_id_4309 classtoolTips200'>RAC<\/span>\\<\\\/a\\>\"; toolTips('.classtoolTips200',tt_store_content,'4309'); <\/script><script type=\"text\/javascript\"> var tt_store_content = \"\\<\/p>\n<p style\\='text\\-align\\: center;'\\>\\<strong\\>\\<span style\\='font\\-size\\: 14pt;'\\>R\\<\\\/span\\>\\<\\\/strong\\>\\<span style\\='font\\-size\\: 14pt;'\\>eferendum d'\\<strong\\>I\\<\\\/strong\\>nitiative \\<strong\\>C\\<\\\/strong\\>itoyenne\\<\\\/span\\>\\<\\\/p\\>\"; toolTips('.classtoolTips205',tt_store_content,'12268'); <\/script><script type=\"text\/javascript\"> var tt_store_content = \"\\<\/p>\n<p style\\='text\\-align\\: center;'\\>\\<span style\\='font\\-size\\: 14pt;'\\>\\<strong\\>O\\<\\\/strong\\>rganisation\\<strong\\> N\\<\\\/strong\\>on\\<strong\\> G\\<\\\/strong\\>ouvernementale\\<\\\/span\\>\\<\\\/p\\><br \/>Une organisation non gouvernementale \\(<span class='tooltipsall tooltip_post_id_3579 classtoolTips210'>ONG<\/span>\\) est une \\<a title\\='Association \u00e0 but non lucratif' href\\='https\\:\\\/\\\/fr\\.wikipedia\\.org\\\/wiki\\\/Association_%C3%A0_but_non_lucratif' target\\='_blank' rel\\='noopener'\\>association \u00e0 but non lucratif\\<\\\/a\\>, d'int\u00e9r\u00eat public, qui ne rel\u00e8ve ni de l'\u00c9tat, ni d'institutions internationales\\<sup id\\='cite_ref\\-novethic_1\\-0' class\\='reference'\\>\\<\\\/sup\\>\\. Les ONG n'ont pas le statut de sujet de \\<a title\\='Droit international public' href\\='https\\:\\\/\\\/fr\\.wikipedia\\.org\\\/wiki\\\/Droit_international_public' target\\='_blank' rel\\='noopener'\\>droit international\\<\\\/a\\>\\.\"; toolTips('.classtoolTips210',tt_store_content,'3579'); <\/script><script type=\"text\/javascript\"> var tt_store_content = \"\\<\/p>\n<p style\\='text\\-align\\: center;'\\>\\<span style\\='font\\-size\\: 14pt;'\\>\\<strong\\>O\\<\\\/strong\\>rganisation\\<strong\\> N\\<\\\/strong\\>on\\<strong\\> G\\<\\\/strong\\>ouvernementale\\<\\\/span\\>\\<\\\/p\\><br \/>Une organisation non gouvernementale \\(ONG\\) est une \\<a title\\='Association \u00e0 but non lucratif' href\\='https\\:\\\/\\\/fr\\.wikipedia\\.org\\\/wiki\\\/Association_%C3%A0_but_non_lucratif' target\\='_blank' rel\\='noopener'\\>association \u00e0 but non lucratif\\<\\\/a\\>, d'int\u00e9r\u00eat public, qui ne rel\u00e8ve ni de l'\u00c9tat, ni d'institutions internationales\\<sup id\\='cite_ref\\-novethic_1\\-0' class\\='reference'\\>\\<\\\/sup\\>\\. Les ONG n'ont pas le statut de sujet de \\<a title\\='Droit international public' href\\='https\\:\\\/\\\/fr\\.wikipedia\\.org\\\/wiki\\\/Droit_international_public' target\\='_blank' rel\\='noopener'\\>droit international\\<\\\/a\\>\\.\"; toolTips('.classtoolTips210',tt_store_content,'3579'); <\/script><script type=\"text\/javascript\"> var tt_store_content = \"\\<\/p>\n<p style\\='text\\-align\\: center;'\\>\\<strong\\>J\\<\\\/strong\\>eux \\<strong\\>O\\<\\\/strong\\>lympiques<br \/>ou<br \/>\\<strong\\>J\\<\\\/strong\\>ournal \\<strong\\>O\\<\\\/strong\\>fficiel de la R\u00e9publique Fran\u00e7aise\\<\\\/p\\>\"; toolTips('.classtoolTips213',tt_store_content,'4451'); <\/script><script type=\"text\/javascript\"> var tt_store_content = \"\\<p\\><span class='tooltipsall tooltip_post_id_30593 classtoolTips214'>RN<\/span> \\= Rassemble National, c'est le parti d'extr\u00eame droite de Marine Le Pen qui succ\u00e8de au FN \\= Front National fond\u00e9 par son p\u00e8re Jean Marie Le Pen\\<\\\/p\\>\"; toolTips('.classtoolTips214',tt_store_content,'30593'); <\/script><script type=\"text\/javascript\"> var tt_store_content = \"\\<\/p>\n<p style\\='text\\-align\\: center;'\\>\\<span style\\='font\\-size\\: 14pt;'\\>\\<strong\\>C\\<\\\/strong\\>entre \\<strong\\>H\\<\\\/strong\\>ospitalier\\<\\\/span\\>\\<\\\/p\\>\"; toolTips('.classtoolTips220',tt_store_content,'18357'); <\/script><script type=\"text\/javascript\"> var tt_store_content = \"\\<p\\>D\u00e9chets radioactifs \u00e0 Haute Activit\u00e9 \\(classement <span class='tooltipsall tooltip_post_id_3612 classtoolTips79'>ANDRA<\/span>\\)\\<\\\/p\\>\"; toolTips('.classtoolTips223',tt_store_content,'19196'); <\/script><\/p>\n","protected":false},"author":21,"featured_media":0,"comment_status":"open","ping_status":"open","sticky":false,"template":"","format":"standard","meta":{"_acf_changed":false,"ngg_post_thumbnail":0,"_jetpack_memberships_contains_paid_content":false,"footnotes":""},"categories":[6,9,170,5,27],"tags":[],"coauthors":[76],"class_list":["post-25983","post","type-post","status-publish","format-standard","hentry","category-actu","category-actu_gen","category-rub_pol_citoyennete","category-rub_pol","category-rub","edition-edi_00085","type_art-type_art_article","dossier-dossiers_changer_les_institutions","no-thumb"],"acf":[],"jetpack_featured_media_url":"","jetpack_sharing_enabled":true,"jetpack_shortlink":"https:\/\/wp.me\/p9B5TM-6L5","_links":{"self":[{"href":"https:\/\/le-clairon-nouveau.fr\/wordpress\/wp-json\/wp\/v2\/posts\/25983","targetHints":{"allow":["GET"]}}],"collection":[{"href":"https:\/\/le-clairon-nouveau.fr\/wordpress\/wp-json\/wp\/v2\/posts"}],"about":[{"href":"https:\/\/le-clairon-nouveau.fr\/wordpress\/wp-json\/wp\/v2\/types\/post"}],"author":[{"embeddable":true,"href":"https:\/\/le-clairon-nouveau.fr\/wordpress\/wp-json\/wp\/v2\/users\/21"}],"replies":[{"embeddable":true,"href":"https:\/\/le-clairon-nouveau.fr\/wordpress\/wp-json\/wp\/v2\/comments?post=25983"}],"version-history":[{"count":0,"href":"https:\/\/le-clairon-nouveau.fr\/wordpress\/wp-json\/wp\/v2\/posts\/25983\/revisions"}],"wp:attachment":[{"href":"https:\/\/le-clairon-nouveau.fr\/wordpress\/wp-json\/wp\/v2\/media?parent=25983"}],"wp:term":[{"taxonomy":"category","embeddable":true,"href":"https:\/\/le-clairon-nouveau.fr\/wordpress\/wp-json\/wp\/v2\/categories?post=25983"},{"taxonomy":"post_tag","embeddable":true,"href":"https:\/\/le-clairon-nouveau.fr\/wordpress\/wp-json\/wp\/v2\/tags?post=25983"},{"taxonomy":"author","embeddable":true,"href":"https:\/\/le-clairon-nouveau.fr\/wordpress\/wp-json\/wp\/v2\/coauthors?post=25983"}],"curies":[{"name":"wp","href":"https:\/\/api.w.org\/{rel}","templated":true}]}}