{"id":26185,"date":"2022-04-23T12:30:03","date_gmt":"2022-04-23T10:30:03","guid":{"rendered":"https:\/\/le-clairon-nouveau.fr\/wordpress\/?p=26185"},"modified":"2022-04-22T04:26:42","modified_gmt":"2022-04-22T02:26:42","slug":"vigilance-malvesi-quand-les-citoyens-font-le-travail","status":"publish","type":"post","link":"https:\/\/le-clairon-nouveau.fr\/wordpress\/blog\/2022\/04\/23\/vigilance-malvesi-quand-les-citoyens-font-le-travail\/","title":{"rendered":"Vigilance Malv\u00e9si : quand les citoyens font le travail"},"content":{"rendered":"<p>&nbsp;<\/p>\n<p><img data-recalc-dims=\"1\" loading=\"lazy\" decoding=\"async\" class=\" wp-image-26292 aligncenter\" src=\"https:\/\/i0.wp.com\/le-clairon-nouveau.fr\/wordpress\/wp-content\/uploads\/2022\/04\/Logo-Vigil-Malv-86.jpg?resize=583%2C245&#038;ssl=1\" alt=\"\" width=\"583\" height=\"245\" srcset=\"https:\/\/i0.wp.com\/le-clairon-nouveau.fr\/wordpress\/wp-content\/uploads\/2022\/04\/Logo-Vigil-Malv-86.jpg?resize=300%2C126&amp;ssl=1 300w, https:\/\/i0.wp.com\/le-clairon-nouveau.fr\/wordpress\/wp-content\/uploads\/2022\/04\/Logo-Vigil-Malv-86.jpg?w=572&amp;ssl=1 572w\" sizes=\"auto, (max-width: 583px) 100vw, 583px\" \/><\/p>\n<p>&nbsp;<\/p>\n<p style=\"text-align: justify\"><strong><em>A 3 kilom\u00e8tres du centre de Narbonne l\u2019usine <span class='tooltipsall tooltip_post_id_5129 classtoolTips77'>Orano<\/span> de Malv\u00e9si traite environ \u00bc de la production mondiale d\u2019uranium qui arrive de diff\u00e9rents pays sous forme d\u2019un concentr\u00e9 appel\u00e9 \u00ab\u00a0<span class='tooltipsall tooltip_post_id_6889 classtoolTips22'>Yellow cake<\/span>\u00a0\u00bb. Ce concentr\u00e9 r\u00e9alis\u00e9 \u00e0 proximit\u00e9 des sites miniers pour des raisons \u00e9conomiques, est obtenu suite \u00e0 un premier traitement du minerai d\u2019uranium. L\u2019usine de Malv\u00e9si le raffine et le convertit en t\u00e9tra fluorure d\u2019uranium (UF4), puis le conditionne pour l\u2019envoyer dans une autre usine d\u2019Orano au Tricastin qui le convertira hexafluorure d\u2019uranium (UF6) puis en combustible nucl\u00e9aire. <\/em><\/strong><\/p>\n<p style=\"text-align: justify\"><strong><em>L\u2019extraction, le raffinage, la concentration et la conversion de l\u2019uranium en combustible engendrent diverses \u00e9manations toxiques sous forme de rejets atmosph\u00e9riques, mais aussi de rejets liquides et solides. Cette toxicit\u00e9 est \u00e0 la fois chimique et radiologique\u00a0: c\u2019est pourquoi l\u2019usine <span class='tooltipsall tooltip_post_id_7214 classtoolTips0'>Orano \/ Malv\u00e9si<\/span> est class\u00e9e \u00ab\u00a0<span class='tooltipsall tooltip_post_id_19989 classtoolTips59'>Seveso<\/span> seuil haut\u00a0\u00bb pour les risques chimiques et <span class='tooltipsall tooltip_post_id_3616 classtoolTips158'>INB<\/span> (installation nucl\u00e9aire de base) en raison de ses activit\u00e9s de transformation du \u00ab\u00a0Yellow cake\u00a0\u00bb, mais aussi des d\u00e9chets solides et liquides radioactifs et des polluants chimiques qu\u2019elle stocke. <span class='tooltipsall tooltip_post_id_29829 classtoolTips180'>Ces<\/span> d\u00e9chets qui s\u00e9journent dans les divers bassins de l\u2019usine sont estim\u00e9s \u00e0 plus d\u20191.000.000 de m3.<\/em><\/strong><\/p>\n<p style=\"text-align: justify\"><span style=\"color: #2b9611\"><strong>Au-del\u00e0 de la question du choix d\u2019un site aussi potentiellement dangereux localis\u00e9 \u00e0 proximit\u00e9 d\u2019une ville et au c\u0153ur de son agglom\u00e9ration, se pose la question de la s\u00fbret\u00e9 et de la s\u00e9curit\u00e9 de ses installations. Quelles sont les mesures mises en place pour prot\u00e9ger d\u2019un \u00e9ventuel al\u00e9a la population riveraine, les personnels et l\u2019environnement du site ? Par qui sont-elles \u00e9dict\u00e9es\u00a0? Qui contr\u00f4le leur mise en \u0153uvre\u00a0? Qui fait quoi\u00a0?<\/strong><\/span><\/p>\n<p style=\"text-align: justify\"><strong><span style=\"color: #ff0000\">Si c\u2019est l\u2019\u00c9tat qui fixe les normes, les proc\u00e9dures et les seuils en mati\u00e8re de traitement des mat\u00e9riaux chimiques et radioactifs, il n\u2019assure pas le contr\u00f4le direct de leur respect par les diff\u00e9rents op\u00e9rateurs. Ainsi c\u2019est l\u2019op\u00e9rateur industriel Orano \/ Malv\u00e9si qui se charge de mettre en place et d\u2019effectuer les mesures de s\u00e9curit\u00e9 et de surveillance de l\u2019environnement du site ! Est-ce bien raisonnable ?<\/span><br \/>\n<\/strong>Ces 2 activit\u00e9s antinomiques de l\u2019entreprise Orano \/ Malv\u00e9si, l\u2019exposent \u00e0 un risque de conflit d\u2019int\u00e9r\u00eats entre les performances industrielles et financi\u00e8res attendues par ses commanditaires et les imp\u00e9ratifs de s\u00e9curit\u00e9 concernant le personnel et les populations riveraines. Ce risque s\u2019est concr\u00e9tis\u00e9\u00a0: divers incidents ont eu lieu et des omissions et des incoh\u00e9rences dans les informations fournies par l\u2019industriel ont alert\u00e9 les populations riveraines ainsi que des militants de la d\u00e9fense de l\u2019environnement. Consid\u00e9rant qu\u2019ils ne pouvaient plus se fier aux seules informations et mesures fournies par Orano \/ Malv\u00e9si ils ont d\u00e9cid\u00e9 de faire leur propres mesures et analyses autour du site.<\/p>\n<p><strong><u>Un collectif s\u2019est cr\u00e9\u00e9\u00a0sous l\u2019intitul\u00e9 \u00ab\u00a0Vigilance Malvezy\u00a0\u00bb<\/u><\/strong><\/p>\n<p style=\"text-align: justify\">Cr\u00e9\u00e9 \u00e0 l\u2019initiative <em>d\u2019<strong>Arr\u00eat du Nucl\u00e9aire 34 (<span class='tooltipsall tooltip_post_id_7259 classtoolTips85'>ADN34<\/span>), de Sortir du Nucl\u00e9aire Aude (<span class='tooltipsall tooltip_post_id_7258 classtoolTips84'>SDN11<\/span>) et de Greenpeace Montpellier, <\/strong><\/em>il est ouvert aux autres associations, c\u2019est ainsi que <strong><em><span class='tooltipsall tooltip_post_id_7257 classtoolTips115'>TCNA<\/span> (Transparence des Canaux de la Narbonnaise), <span class='tooltipsall tooltip_post_id_7256 classtoolTips52'>COVIDEM<\/span> (Collectif de Vigilance des D\u00e9chets de Malv\u00e9si) <\/em><\/strong><strong><em>et <span class='tooltipsall tooltip_post_id_19173 classtoolTips96'>ECCLA<\/span> (Ecologie du Carcassonnais des Corbi\u00e8res et du Littoral Audois)<\/em><\/strong> y sont repr\u00e9sent\u00e9es.<\/p>\n<p><strong><u>Une exigence de qualit\u00e9 dans la surveillance du site de Malv\u00e9si<\/u><\/strong><\/p>\n<p style=\"text-align: justify\">Une douzaine de \u00a0membres du collectif a suivi fin 2020 une formations \u00e0 la <span class='tooltipsall tooltip_post_id_7025 classtoolTips55'>CRIIRAD<\/span> <sup><a href=\"#footnote_1_26185\" id=\"identifier_1_26185\" class=\"footnote-link footnote-identifier-link\" title=\"(Commission de recherche et d&rsquo;information ind&eacute;pendantes sur la radioactivit&eacute;), laboratoire g&eacute;r&eacute; par une association 1901 qui facture ses prestations&nbsp; au collectif\">(1)<\/a><\/sup> afin de pouvoir fournir des mesures fiables en suivant un protocole pr\u00e9cis de recueil d\u2019\u00e9chantillons de sols et de v\u00e9g\u00e9taux. Compte tenu des moyens financiers dont dispose Vigilance Malvezy et du travail b\u00e9n\u00e9vole effectu\u00e9 par ses membres, l\u2019analyse en laboratoire des \u00e9chantillons pr\u00e9lev\u00e9s s\u2019est concentr\u00e9e sur l\u2019Uranium en tant que marqueur de l\u2019activit\u00e9 de l\u2019usine.<br \/>\nLes \u00e9chantillons pr\u00e9lev\u00e9s \u00e0 partir de 2021 sont exp\u00e9di\u00e9s pour analyse \u00e0 la CRIIRAD.<\/p>\n<p><strong><u>Les premiers constats de Vigilance Malvezy<\/u><\/strong><\/p>\n<p style=\"text-align: justify\">Lors d\u2019une conf\u00e9rence de presse tenue le samedi 2 avril, les repr\u00e9sentants du collectif ont fait part de leurs premiers constats apr\u00e8s une ann\u00e9e de pr\u00e9l\u00e8vements.<\/p>\n<ul>\n<li style=\"text-align: justify\">Selon Karine Michils l\u2019observation des rayons gamma (qui sont des marqueurs de la radioactivit\u00e9), effectu\u00e9e \u00e0 diff\u00e9rentes distances du site , a permis de constater que les concentrations d\u2019uranium sont de 4 \u00e0 5 fois plus \u00e9lev\u00e9es lorsqu\u2019on se rapproche des cl\u00f4tures l\u2019usine Orano. Cela implique que l\u2019exposition des personnes \u00e0 l\u2019int\u00e9rieur du site doit \u00eatre encore plus forte, y compris sur les parkings o\u00f9 les personnels ne portent pas toujours leurs dosim\u00e8tres<\/li>\n<li style=\"text-align: justify\">Selon Didier Latorre, il y aurait une corr\u00e9lation entre l\u2019augmentation de la radioactivit\u00e9 autour du site et le fait que\u00a0la production de l\u2019usine en UF4 a baiss\u00e9 alors que les arriv\u00e9es de \u00ab\u00a0yellow cake\u00a0\u00bb ont continu\u00e9 avec pour cons\u00e9quence un stockage plus important de ce concentr\u00e9.<\/li>\n<li style=\"text-align: justify\">16 \u00e9chantillons de feuillage persistants (cypr\u00e8s) ont \u00e9t\u00e9 pr\u00e9lev\u00e9s par les b\u00e9n\u00e9voles jusqu\u2019\u00e0 ce jour. Leur analyse par la CRIIRAD a r\u00e9v\u00e9l\u00e9 l\u2019existence d\u2019une pollution par l\u2019uranium de l\u2019environnement de l\u2019usine. Les \u00e9chantillons pr\u00e9lev\u00e9s \u00e0 8 km ont une concentration en uranium inf\u00e9rieure \u00e0 sa valeur limite de d\u00e9tection <sup><a href=\"#footnote_2_26185\" id=\"identifier_2_26185\" class=\"footnote-link footnote-identifier-link\" title=\"&lt;0,2 mg\/kg MS\">(2)<\/a><\/sup>, mais selon les vents dominants les valeurs changent de 5 fois &gt; \u00e0 la\u00a0 limite de d\u00e9tection <sup><a href=\"#footnote_3_26185\" id=\"identifier_3_26185\" class=\"footnote-link footnote-identifier-link\" title=\"1,1 mg\/kg MS\">(3)<\/a><\/sup>, \u00a0jusqu\u2019\u00e0 28 fois <sup><a href=\"#footnote_4_26185\" id=\"identifier_4_26185\" class=\"footnote-link footnote-identifier-link\" title=\"5,7 mg\/kg MS\">(4)<\/a><\/sup> sur des terrains situ\u00e9s \u00e0 300 m \u00e0 l\u2019est du site.<\/li>\n<li style=\"text-align: justify\">Plus g\u00e9n\u00e9ralement, selon Eric Latrille la pollution radioactive est d\u00e9tectable dans des zones expos\u00e9es aux vents dominants jusqu\u2019\u00e0 une distance de 2 km.<\/li>\n<\/ul>\n<p style=\"text-align: justify\">Pour les repr\u00e9sentants de Vigilance Malvezy, la carte de la zone impact\u00e9e par les activit\u00e9s d\u2019Orano \/ Malv\u00e9si reste \u00e0 affiner et compl\u00e9ter par d\u2019autres pr\u00e9l\u00e8vements et analyses, mais ce qui est confirm\u00e9 par ces premiers r\u00e9sultats c\u2019est que l\u2019air respir\u00e9 par les riverains est contamin\u00e9 par l\u2019uranium rejet\u00e9 par les installations d\u2019Orano. Or les isotopes naturels de l\u2019uranium produisent des particules alpha dont le rayonnement est tr\u00e8s toxique lorsqu\u2019elles sont inhal\u00e9es.<\/p>\n<p style=\"text-align: justify\">Compte tenu des moyens dont dispose Vigilance Malvezy il n\u2019est pas possible actuellement de pousser les analyses \u00e0 la recherche d\u2019autres polluants radiologiques qui sont probablement pr\u00e9sents dans l\u2019air ambiant. Le collectif compte poursuivre en 2022 son travail d\u2019observation et d\u2019information.<\/p>\n<p style=\"text-align: justify\"><strong>Il est tout \u00e0 fait regrettable que le collectif Vigilance Malvezy ne dispose pas des soutiens publics (dont une coop\u00e9ration de l\u2019industriel en mati\u00e8re d\u2019acc\u00e8s \u00e0 son site), n\u00e9cessaires au d\u00e9veloppement de ses actions de surveillance, de contr\u00f4le et d\u2019information du public. De plus, la dispersion par grand vent d\u2019autres substances, contenues dans les bassins d\u2019\u00e9vaporation de l\u2019usine reste \u00e0 \u00e9valuer\u00a0: ainsi quid du thorium 230, de l\u2019actinium 227, du plutonium 238 qui sont particuli\u00e8rement radiotoxiques par inhalation. Il reste aussi \u00e0 mesurer le risque chimique. En tout cas la gestion des risques encourus par l\u2019activit\u00e9 de l\u2019usine ne peut pas \u00eatre du seul ressort d\u2019Orano\u00a0: il revient aux populations concern\u00e9es d\u2019avoir leurs propres moyens d\u2019investigation, de contr\u00f4le et de communication avec les financements publics ad\u00e9quats.<\/strong><\/p>\n<p style=\"text-align: right\"><em>Hubert Reys pour le Clairon de l\u2019Atax le 18\/04\/2022<\/em><\/p>\n<p>Pour\u00a0 en savoir plus :<\/p>\n<p>lien vers le bilan de la CRIIRAD des actions 2020\/2021<br \/>\n<a href=\"http:\/\/www.criirad.org\/installations-nucl\/malvesi\/Synthese_CRIIRAD_Vigilance_Malvesi.pdf\">http:\/\/www.criirad.org\/installations-nucl\/malvesi\/Synthese_CRIIRAD_Vigilance_Malvesi.pdf<\/a><\/p>\n<p>lien vers le site d\u2019ADN 34 \u00f9 est d\u00e9crite son action sur Malvezy<br \/>\n<a href=\"http:\/\/www.arretdunucleaire34.org\/Vigilance-a-Malvezy\">http:\/\/www.arretdunucleaire34.org\/Vigilance-a-Malvezy<\/a><\/p>\n<script type=\"text\/javascript\"> var tt_store_content = \"\\<p style\\='text\\-align\\: justify'\\>\\<strong\\>Situ\u00e9e \u00e0 moins de 3 kilom\u00e8tres du centre ancien de Narbonne, l\u2019usine nucl\u00e9aire de Malv\u00e9si traite depuis plus de 50 ans du minerai d\u2019uranium \u00e0 usage civil ou militaire\\.\\<\\\/strong\\>\\<\\\/p\\><br\/>\\<p style\\='text\\-align\\: justify'\\>\\<strong\\>\u00a0\u00bc du minerai nucl\u00e9aire mondial passe par cet \u00e9tablissement qui raffine le minerai entrant sous forme de \u00ab\u00a0yellowcake\u00a0\u00bb en t\u00e9trafluorure d\u2019uranium \\(UF4\\) avant de le r\u00e9exp\u00e9dier \u00e0 l\u2019usine de Pierrelatte\\.\\<\\\/strong\\>\\<\\\/p\\><br\/>\\<p style\\='text\\-align\\: justify'\\>\\<strong\\>On estime a pr\u00e8s d\u20191 million de m3 les effluents nitrat\u00e9s et radioactifs qui sont issus de ce raffinage et actuellement stock\u00e9s\u00a0 dans des bassins d\u2019\u00e9vaporation et de d\u00e9cantation qui jouxtent l\u2019usine\\.\\<\\\/strong\\>\\<\\\/p\\><br\/>\\<p style\\='text\\-align\\: justify'\\>\\<strong\\>Depuis sa mise en service de nombreux incidents et accidents ont \u00e9maill\u00e9 le fonctionnement de cette installation class\u00e9e en partie INB \\(\\<em\\>Installation Nucl\u00e9aire de Base\\<\\\/em\\>\\), ICPE \\(\\<em\\>Installation Class\u00e9e pour la Protection de l\u2019Environnement\\<\\\/em\\>\\), SEVESO \\(seuil haut\\) tandis qu\u2019en mai 2016 le minist\u00e8re de la D\u00e9fense a class\u00e9 le site en ZNAR \\(Zone Nucl\u00e9aire \u00e0 Acc\u00e8s R\u00e9glement\u00e9\\)\\. Les communes les plus proches du site Narbonne et Moussan sont class\u00e9es comme comportant \u00ab\u00a0un risque technologique industriel de seuil haut\u00a0\u00bb\\<\\\/strong\\>\\<\\\/p\\>\"; toolTips('.classtoolTips0',tt_store_content,'7214'); <\/script><script type=\"text\/javascript\"> var tt_store_content = \"Minerai d'uranium concentr\u00e9\"; toolTips('.classtoolTips22',tt_store_content,'6889'); <\/script><script type=\"text\/javascript\"> var tt_store_content = \"Minerai d'uranium concentr\u00e9\"; toolTips('.classtoolTips22',tt_store_content,'6889'); <\/script><script type=\"text\/javascript\"> var tt_store_content = \"\\<p style\\='text\\-align\\: center;'\\>\\<span style\\='font\\-size\\: 14pt;'\\>\\<strong\\>T\\<\\\/strong\\>raitement\\<strong\\> D\\<\\\/strong\\>es\\<strong\\> N\\<\\\/strong\\>itrates\\<strong\\> \\(<span class='tooltipsall tooltip_post_id_3610 classtoolTips37'>TDN<\/span>\\)<br\/>TH\\<\\\/strong\\>ermal\\<strong\\> O\\<\\\/strong\\>rganic\\<strong\\> R\\<\\\/strong\\>eduction\\<strong\\> \\(<span class='tooltipsall tooltip_post_id_3610 classtoolTips37'>THOR<\/span>\\)\\<\\\/strong\\>\\<\\\/span\\>\\<\\\/p\\><br\/>\\<p style\\='text\\-align\\: justify;'\\>Proc\u00e9d\u00e9 envisag\u00e9 par la soci\u00e9t\u00e9 AREVA pour retraiter les d\u00e9chets nitrat\u00e9s et radio\\-actifs issus de son activit\u00e9 d'enrichissement de l'uranium, phase I de la pr\u00e9paration du combustible des centrales nucl\u00e9aires\\.\\<\\\/p\\><br\/>\\<p style\\='text\\-align\\: justify;'\\>Cette activit\u00e9 est mise en \u0153uvre dans l'usine de Malv\u00e9si \u00e0 quelques kilom\u00e8tres de Narbonne\\.\\<\\\/p\\><br\/>\\<p style\\='text\\-align\\: justify;'\\>Ce proc\u00e9d\u00e9, potentiellement tr\u00e8s toxique pour la sant\u00e9 et l'environnement, est au centre d'une vive opposition de la part des riverains et \u00e0 laquelle le Clairon s'associe \\(\\<a href\\='https\\:\\\/\\\/le\\-clairon\\-nouveau\\.fr\\\/wordpress\\\/dossiers\\\/dossier\\-malvesi\\-areva\\\/' target\\='_blank' rel\\='noopener'\\>voir notre dossier\\<\\\/a\\> sur le sujet\\)\\.\\<\\\/p\\>\"; toolTips('.classtoolTips37',tt_store_content,'3610'); <\/script><script type=\"text\/javascript\"> var tt_store_content = \"Collectif de vigilance des d\u00e9chets de Malv\u00e9si\"; toolTips('.classtoolTips52',tt_store_content,'7256'); <\/script><script type=\"text\/javascript\"> var tt_store_content = \"Collectif de vigilance des d\u00e9chets de Malv\u00e9si\"; toolTips('.classtoolTips52',tt_store_content,'7256'); <\/script><script type=\"text\/javascript\"> var tt_store_content = \"\\<p style\\='text\\-align\\: justify'\\>La \\<strong\\>C\\<\\\/strong\\>ommission de \\<strong\\>R\\<\\\/strong\\>echerche et d'\\<strong\\>I\\<\\\/strong\\>nformations \\<strong\\>I\\<\\\/strong\\>nd\u00e9pendantes sur la \\<strong\\>Rad\\<\\\/strong\\>ioactivit\u00e9 est une association fran\u00e7aise 'loi 1901'\\. Elle emploie une \u00e9quipe d'une douzaine de scientifiques\u00a0 et dispose d'un laboratoire d'analyse agr\u00e9e par le minist\u00e8re de la sant\u00e9 dans le cadre de la protection de l'environnement\\. Son domaine d'intervention est le d\u00e9pistage et \u00e0 l'identification des pollutions radioactives en France comme \u00e0 l'\u00e9tranger\\. Elle se finance par les cotisations de ses membres et la r\u00e9mun\u00e9ration de ses nombreux travaux \\(plus d'un millier depuis sa cr\u00e9ation\\)\\.\\<\\\/p\\>\"; toolTips('.classtoolTips55',tt_store_content,'7025'); <\/script><script type=\"text\/javascript\"> var tt_store_content = \"\\<p style\\='text\\-align\\: justify'\\>La \\<strong\\>C\\<\\\/strong\\>ommission de \\<strong\\>R\\<\\\/strong\\>echerche et d'\\<strong\\>I\\<\\\/strong\\>nformations \\<strong\\>I\\<\\\/strong\\>nd\u00e9pendantes sur la \\<strong\\>Rad\\<\\\/strong\\>ioactivit\u00e9 est une association fran\u00e7aise 'loi 1901'\\. Elle emploie une \u00e9quipe d'une douzaine de scientifiques\u00a0 et dispose d'un laboratoire d'analyse agr\u00e9e par le minist\u00e8re de la sant\u00e9 dans le cadre de la protection de l'environnement\\. Son domaine d'intervention est le d\u00e9pistage et \u00e0 l'identification des pollutions radioactives en France comme \u00e0 l'\u00e9tranger\\. Elle se finance par les cotisations de ses membres et la r\u00e9mun\u00e9ration de ses nombreux travaux \\(plus d'un millier depuis sa cr\u00e9ation\\)\\.\\<\\\/p\\>\"; toolTips('.classtoolTips55',tt_store_content,'7025'); <\/script><script type=\"text\/javascript\"> var tt_store_content = \"\\<p\\>Seveso \\: suite \u00e0 une directive europ\u00e9enne qui impose \u00e0 ses \u00e9tats membres d'identifier les sites industriels pr\u00e9sentant des risque majeurs sous la d\u00e9nomination 'sites seveso', les \u00e9tablissements industriels civils sont class\u00e9s selon leurs risques d'al\u00e9as 'seveso bas' , 'seveso moyen' et 'seveso haut'\\. Cette directive ne concerne pas les rayons ionisants\\.\\<\\\/p\\>\"; toolTips('.classtoolTips59',tt_store_content,'19989'); <\/script><script type=\"text\/javascript\"> var tt_store_content = \"\\<p\\>Seveso \\: suite \u00e0 une directive europ\u00e9enne qui impose \u00e0 ses \u00e9tats membres d'identifier les sites industriels pr\u00e9sentant des risque majeurs sous la d\u00e9nomination 'sites seveso', les \u00e9tablissements industriels civils sont class\u00e9s selon leurs risques d'al\u00e9as 'seveso bas' , 'seveso moyen' et 'seveso haut'\\. Cette directive ne concerne pas les rayons ionisants\\.\\<\\\/p\\>\"; toolTips('.classtoolTips59',tt_store_content,'19989'); <\/script><script type=\"text\/javascript\"> var tt_store_content = \"Nouveau nom que s'est donn\u00e9, en 2018, l'entreprise AREVA\"; toolTips('.classtoolTips77',tt_store_content,'5129'); <\/script><script type=\"text\/javascript\"> var tt_store_content = \"Sortir du nucl\u00e9aire Aude\"; toolTips('.classtoolTips84',tt_store_content,'7258'); <\/script><script type=\"text\/javascript\"> var tt_store_content = \"Arr\u00eat du nucl\u00e9aire H\u00e9rault\"; toolTips('.classtoolTips85',tt_store_content,'7259'); <\/script><script type=\"text\/javascript\"> var tt_store_content = \"Arr\u00eat du nucl\u00e9aire H\u00e9rault\"; toolTips('.classtoolTips85',tt_store_content,'7259'); <\/script><script type=\"text\/javascript\"> var tt_store_content = \"\\<p\\>Ecologie du Carcassonnais, des Corbi\u00e8res et du Littoral Audois\\<\\\/p\\>\"; toolTips('.classtoolTips96',tt_store_content,'19173'); <\/script><script type=\"text\/javascript\"> var tt_store_content = \"Transparence des canaux de la Narbonnaise\"; toolTips('.classtoolTips115',tt_store_content,'7257'); <\/script><script type=\"text\/javascript\"> var tt_store_content = \"Transparence des canaux de la Narbonnaise\"; toolTips('.classtoolTips115',tt_store_content,'7257'); <\/script><script type=\"text\/javascript\"> var tt_store_content = \"\\<p style\\='text\\-align\\: center;'\\>\\<strong\\>Installation Nucl\u00e9aire de Base\\<\\\/strong\\>\\<\\\/p\\>\"; toolTips('.classtoolTips158',tt_store_content,'3616'); <\/script><script type=\"text\/javascript\"> var tt_store_content = \"\\<p style\\='text\\-align\\: center;'\\>\\<span style\\='font\\-size\\: 14pt;'\\>\\<strong\\>R\\<\\\/strong\\>\u00e9pertoire \\<strong\\>N\\<\\\/strong\\>ational des \\<strong\\>A\\<\\\/strong\\>ssociations\\<\\\/span\\>\\<\\\/p\\>\"; toolTips('.classtoolTips159',tt_store_content,'24374'); <\/script><script type=\"text\/javascript\"> var tt_store_content = \"\\<p style\\='text\\-align\\: center;'\\>\\<strong\\>\\<span style\\='font\\-size\\: 14pt;'\\>G\\<\\\/span\\>\\<\\\/strong\\>\\<span style\\='font\\-size\\: 14pt;'\\>az \u00e0 \\<strong\\>E\\<\\\/strong\\>ffet de \\<strong\\>S\\<\\\/strong\\>erre\\<\\\/span\\>\\<\\\/p\\><br\/>\\<p style\\='text\\-align\\: justify;'\\>Les gaz \u00e0 effet de serre \\(<span class='tooltipsall tooltip_post_id_7232 classtoolTips161'>GES<\/span>\\) sont des composants gazeux qui absorbent le rayonnement infrarouge \u00e9mis par la surface terrestre et contribuent \u00e0 l'effet de serre\\. L'augmentation de leur concentration dans l'atmosph\u00e8re terrestre est l'un des facteurs \u00e0 l'origine du r\u00e9chauffement climatique\\.\\<\\\/p\\><br\/>\\<a href\\='https\\:\\\/\\\/fr\\.wikipedia\\.org\\\/wiki\\\/Gaz_%C3%A0_effet_de_serre' target\\='_blank' rel\\='noopener'\\>\\<em\\>Voir ici la fiche Wikipedia sur les gaz \u00e0 effet de serre\\<\\\/em\\>\\<\\\/a\\>\"; toolTips('.classtoolTips161',tt_store_content,'7232'); <\/script><script type=\"text\/javascript\"> var tt_store_content = \"\\<p style\\='text\\-align\\: justify'\\>La \u00ab\u00a0\\<b\\>programmation pluriannuelle de l'\u00e9nergie\\<\\\/b\\>\u00a0\u00bb \\(<span class='tooltipsall tooltip_post_id_7750 classtoolTips164'>PPE<\/span>\\) est, en France, un document strat\u00e9gique de pilotage de la transition \u00e9nerg\u00e9tique\\. Institu\u00e9e par l'article 176 de la \\<a title\\='Loi relative \u00e0 la transition \u00e9nerg\u00e9tique pour la croissance verte' href\\='https\\:\\\/\\\/fr\\.wikipedia\\.org\\\/wiki\\\/Loi_relative_%C3%A0_la_transition_%C3%A9nerg%C3%A9tique_pour_la_croissance_verte'\\>loi de transition \u00e9nerg\u00e9tique\\<\\\/a\\> \\(TECV\\), elle fixe une trajectoire pour le \\<a title\\='Mix \u00e9nerg\u00e9tique' href\\='https\\:\\\/\\\/fr\\.wikipedia\\.org\\\/wiki\\\/Mix_%C3%A9nerg%C3%A9tique'\\>mix \u00e9nerg\u00e9tique\\<\\\/a\\>, ainsi que \\<span class\\='citation'\\>\u00ab\u00a0les priorit\u00e9s d'action pour la gestion de l\u2019ensemble des formes d'\u00e9nergie sur le territoire m\u00e9tropolitain continental, afin d\u2019atteindre les objectifs nationaux fix\u00e9s par la loi\u00a0\u00bb\\<\\\/span\\>\\. \\(Wikip\u00e9dia\\)\\<\\\/p\\>\"; toolTips('.classtoolTips164',tt_store_content,'7750'); <\/script><script type=\"text\/javascript\"> var tt_store_content = \"\\<p style\\='text\\-align\\: justify'\\>La \u00ab\u00a0\\<b\\>programmation pluriannuelle de l'\u00e9nergie\\<\\\/b\\>\u00a0\u00bb \\(PPE\\) est, en France, un document strat\u00e9gique de pilotage de la transition \u00e9nerg\u00e9tique\\. Institu\u00e9e par l'article 176 de la \\<a title\\='Loi relative \u00e0 la transition \u00e9nerg\u00e9tique pour la croissance verte' href\\='https\\:\\\/\\\/fr\\.wikipedia\\.org\\\/wiki\\\/Loi_relative_%C3%A0_la_transition_%C3%A9nerg%C3%A9tique_pour_la_croissance_verte'\\>loi de transition \u00e9nerg\u00e9tique\\<\\\/a\\> \\(TECV\\), elle fixe une trajectoire pour le \\<a title\\='Mix \u00e9nerg\u00e9tique' href\\='https\\:\\\/\\\/fr\\.wikipedia\\.org\\\/wiki\\\/Mix_%C3%A9nerg%C3%A9tique'\\>mix \u00e9nerg\u00e9tique\\<\\\/a\\>, ainsi que \\<span class\\='citation'\\>\u00ab\u00a0les priorit\u00e9s d'action pour la gestion de l\u2019ensemble des formes d'\u00e9nergie sur le territoire m\u00e9tropolitain continental, afin d\u2019atteindre les objectifs nationaux fix\u00e9s par la loi\u00a0\u00bb\\<\\\/span\\>\\. \\(Wikip\u00e9dia\\)\\<\\\/p\\>\"; toolTips('.classtoolTips164',tt_store_content,'7750'); <\/script><script type=\"text\/javascript\"> var tt_store_content = \"\\<p style\\='text\\-align\\: justify;'\\>Le Conseil d'Orientation des Retraites est une instance qui r\u00e9unit &nbsp;\\<span class\\='st'\\>les principaux acteurs du champ des retraites\\<\\\/span\\> et effectue un travail d'\u00e9tudes et de concertation\\. Compos\u00e9 de parlementaires, de repr\u00e9sentants des organisations professionnelles et syndicales, des retrait\u00e9s et des familles, de membres de l'administration et d'experts, le Conseil d'orientation des retraites \\(<span class='tooltipsall tooltip_post_id_7751 classtoolTips165'>COR<\/span>\\) est plac\u00e9 aupr\u00e8s du Premier ministre\\.\\<\\\/p\\>\"; toolTips('.classtoolTips165',tt_store_content,'7751'); <\/script><script type=\"text\/javascript\"> var tt_store_content = \"\\<p style\\='text\\-align\\: center;'\\>\\<span style\\='font\\-size\\: 14pt;'\\>\\<strong\\>O\\<\\\/strong\\>rganisation \\<strong\\>M\\<\\\/strong\\>\u00e9t\u00e9orologique \\<strong\\>M\\<\\\/strong\\>ondiale<br\/>\\<strong\\>W\\<\\\/strong\\>orld \\<strong\\>M\\<\\\/strong\\>eteorological \\<strong\\>O\\<\\\/strong\\>rganization\\<\\\/span\\>\\<\\\/p\\><br\/>&nbsp;<br\/><br\/>\\<a href\\='https\\:\\\/\\\/public\\.wmo\\.int\\\/fr' target\\='_blank' rel\\='noopener'\\>\\<em\\>Acc\u00e9der ici au site de l'organisation\\<\\\/em\\>\\<\\\/a\\>\"; toolTips('.classtoolTips168',tt_store_content,'7763'); <\/script><script type=\"text\/javascript\"> var tt_store_content = \"\\<p style\\='text\\-align\\: justify'\\>\\<span class\\='ILfuVd'\\>La politique agricole commune \\(\\<b\\><span class='tooltipsall tooltip_post_id_11364 classtoolTips174'>PAC<\/span>\\<\\\/b\\>\\) est une politique mise en place \u00e0 l'\u00e9chelle de l'Union europ\u00e9enne\\. \u00c0 l'origine, elle est fond\u00e9e principalement sur des mesures de contr\u00f4le des prix et de subventionnement, visant \u00e0 moderniser et d\u00e9velopper l'agriculture\\.\\<\\\/span\\> \\(source Wikipedia\\)\\<\\\/p\\>\"; toolTips('.classtoolTips174',tt_store_content,'11364'); <\/script><script type=\"text\/javascript\"> var tt_store_content = \"\\<p style\\='text\\-align\\: center;'\\>\\<span style\\='font\\-size\\: 14pt;'\\>\\<strong\\>P\\<\\\/strong\\>\\<\\\/span\\>\\<span style\\='font\\-size\\: 14pt;'\\>lan \\<strong\\>L\\<\\\/strong\\>\\<\\\/span\\>\\<span style\\='font\\-size\\: 14pt;'\\>ocal d'\\<strong\\>U\\<\\\/strong\\>\\<\\\/span\\>\\<span style\\='font\\-size\\: 14pt;'\\>rbanisme\\<\\\/span\\>\\<\\\/p\\><br\/>&nbsp;\"; toolTips('.classtoolTips176',tt_store_content,'4979'); <\/script><script type=\"text\/javascript\"> var tt_store_content = \"\\<p\\>Conseil \u00c9conomique et Social\\<\\\/p\\>\"; toolTips('.classtoolTips180',tt_store_content,'29829'); <\/script><script type=\"text\/javascript\"> var tt_store_content = \"\\<p style\\='text\\-align\\: center;'\\>\\<span style\\='font\\-size\\: 14pt;'\\>\\<strong\\>G\\<\\\/strong\\>roupement \\<strong\\>H\\<\\\/strong\\>ospitalier de \\<strong\\>T\\<\\\/strong\\>erritoire\\<\\\/span\\>\\<\\\/p\\><br\/>\\<p style\\='text\\-align\\: justify;'\\>Les groupements hospitaliers de territoires, dispositif pr\u00e9vu par la loi de sant\u00e9 2016, sont un nouveau mode de coop\u00e9ration entre les \u00e9tablissements publics de sant\u00e9 \u00e0 l\u2019\u00e9chelle d\u2019un territoire\\<\\\/p\\>\"; toolTips('.classtoolTips189',tt_store_content,'18358'); <\/script><script type=\"text\/javascript\"> var tt_store_content = \"\\<p style\\='text\\-align\\: center;'\\>\\<strong\\>\\<span style\\='font\\-size\\: 14pt;'\\>P\\<\\\/span\\>\\<\\\/strong\\>\\<span style\\='font\\-size\\: 14pt;'\\>rogrammation \\<strong\\>P\\<\\\/strong\\>luri\\-annuelle de l'\\<strong\\>\u00c9\\<\\\/strong\\>nergie\\<\\\/span\\>\\<\\\/p\\><br\/>La PPE est est en France un document strat\u00e9gique de pilotage de la transition \u00e9nerg\u00e9tique\\. Institu\u00e9e par l'article 176 de la loi transition \u00e9nerg\u00e9tique \\(TECV\\)\\. Elle fixe \\(par \u00e9nergie\\) une trajectoire pour le mix \u00e9nerg\u00e9tique, ainsi que \u00ab&nbsp;\\<em\\>les priorit\u00e9s d'action pour la gestion de l\u2019ensemble des formes d'\u00e9nergie sur le territoire m\u00e9tropolitain continental, afin d\u2019atteindre les objectifs nationaux fix\u00e9s par la loi\\<\\\/em\\>&nbsp;\u00bb\\.<br\/><br\/>Initi\u00e9e en 2016, elle est r\u00e9vis\u00e9e en 2018 puis ensuite tous les 5 ans\\.<br\/><br\/>\\<a href\\='https\\:\\\/\\\/fr\\.wikipedia\\.org\\\/wiki\\\/Programmation_pluriannuelle_de_l'\u00e9nergi' target\\='_blank' rel\\='noopener'\\>\\<em\\>Voir ici la page Wikipedia consacr\u00e9e \u00e0 la PPE\\<\\\/em\\>\\<\\\/a\\><br\/>\\<a href\\='https\\:\\\/\\\/ppe\\.debatpublic\\.fr\\\/' target\\='_blank' rel\\='noopener'\\>\\<em\\>Voir ici la page du site 'Commission du D\u00e9bat Public' consacr\u00e9e \u00e0 la PPE\\<\\\/em\\>\\<\\\/a\\>\"; toolTips('.classtoolTips193',tt_store_content,'7102'); <\/script><script type=\"text\/javascript\"> var tt_store_content = \"\\<p style\\='text\\-align\\: center;'\\>\\<span style\\='font\\-size\\: 14pt;'\\>\\<strong\\>E\\<\\\/strong\\>volutionary \\<strong\\>P\\<\\\/strong\\>ower \\<strong\\>R\\<\\\/strong\\>eactor\\<\\\/span\\>\\<\\\/p\\><br\/>\\<p style\\='text\\-align\\: justify;'\\>R\u00e9acteur nucl\u00e9aire de troisi\u00e8me g\u00e9n\u00e9ration \\(classification internationale\\), con\u00e7u et d\u00e9velopp\u00e9 par <span class='tooltipsall tooltip_post_id_5121 classtoolTips35'>Areva NP<\/span>&nbsp; au cours des ann\u00e9es 1990 et 2000\\. Il fait partie de la fili\u00e8re des r\u00e9acteurs \u00e0 eau pressuris\u00e9e\\.\\<\\\/p\\><br\/>\\<a href\\='https\\:\\\/\\\/fr\\.wikipedia\\.org\\\/wiki\\\/R%C3%A9acteur_pressuris%C3%A9_europ%C3%A9en' target\\='_blank' rel\\='noopener'\\>\\<em\\>Voir ici la fiche Wikipedia <span class='tooltipsall tooltip_post_id_5579 classtoolTips196'>EPR<\/span>\\<\\\/em\\>\\<\\\/a\\>\"; toolTips('.classtoolTips196',tt_store_content,'5579'); <\/script><script type=\"text\/javascript\"> var tt_store_content = \"\\<p\\><span class='tooltipsall tooltip_post_id_21204 classtoolTips199'>COV<\/span> \\= Compos\u00e9 Organique Volatile\\<\\\/p\\>\"; toolTips('.classtoolTips199',tt_store_content,'21204'); <\/script><script type=\"text\/javascript\"> var tt_store_content = \"\\<p style\\='text\\-align\\: center;'\\>\\<strong\\>R\\<\\\/strong\\>\u00e9seau \\<strong\\>A\\<\\\/strong\\>ction \\<strong\\>C\\<\\\/strong\\>limat\\<\\\/p\\><br\/>Le r\u00e9seau Action Climat '\\<em\\>f\u00e9d\u00e8re les associations impliqu\u00e9es dans la lutte contre les changements climatiques et pour une transition \u00e9cologique, solidaire et \u00e9quitable\\<\\\/em\\>'\\.<br\/><br\/>\\<a href\\='https\\:\\\/\\\/reseauactionclimat\\.org\\\/' target\\='_blank' rel\\='noopener'\\>Voir le site du <span class='tooltipsall tooltip_post_id_4309 classtoolTips200'>RAC<\/span>\\<\\\/a\\>\"; toolTips('.classtoolTips200',tt_store_content,'4309'); <\/script><script type=\"text\/javascript\"> var tt_store_content = \"\\<p style\\='text\\-align\\: center;'\\>\\<strong\\>\\<span style\\='font\\-size\\: 14pt;'\\>R\\<\\\/span\\>\\<\\\/strong\\>\\<span style\\='font\\-size\\: 14pt;'\\>eferendum d'\\<strong\\>I\\<\\\/strong\\>nitiative \\<strong\\>C\\<\\\/strong\\>itoyenne\\<\\\/span\\>\\<\\\/p\\>\"; toolTips('.classtoolTips205',tt_store_content,'12268'); <\/script><script type=\"text\/javascript\"> var tt_store_content = \"\\<p\\><span class='tooltipsall tooltip_post_id_25844 classtoolTips208'>RTE<\/span> \\= R\u00e9seau de Transport d'Electricit\u00e9 est une filiale d'<span class='tooltipsall tooltip_post_id_7035 classtoolTips178'>EDF<\/span> qui est l'actionnaire majoritaire avec 50,1% des parts le reste \u00e9tant partag\u00e9 par la CDC et la CNP\\<\\\/p\\>\"; toolTips('.classtoolTips208',tt_store_content,'25844'); <\/script><script type=\"text\/javascript\"> var tt_store_content = \"\\<p style\\='text\\-align\\: center;'\\>\\<span style\\='font\\-size\\: 14pt;'\\>\\<strong\\>O\\<\\\/strong\\>rganisation\\<strong\\> N\\<\\\/strong\\>on\\<strong\\> G\\<\\\/strong\\>ouvernementale\\<\\\/span\\>\\<\\\/p\\><br\/>Une organisation non gouvernementale \\(<span class='tooltipsall tooltip_post_id_3579 classtoolTips210'>ONG<\/span>\\) est une \\<a title\\='Association \u00e0 but non lucratif' href\\='https\\:\\\/\\\/fr\\.wikipedia\\.org\\\/wiki\\\/Association_%C3%A0_but_non_lucratif' target\\='_blank' rel\\='noopener'\\>association \u00e0 but non lucratif\\<\\\/a\\>, d'int\u00e9r\u00eat public, qui ne rel\u00e8ve ni de l'\u00c9tat, ni d'institutions internationales\\<sup id\\='cite_ref\\-novethic_1\\-0' class\\='reference'\\>\\<\\\/sup\\>\\. Les ONG n'ont pas le statut de sujet de \\<a title\\='Droit international public' href\\='https\\:\\\/\\\/fr\\.wikipedia\\.org\\\/wiki\\\/Droit_international_public' target\\='_blank' rel\\='noopener'\\>droit international\\<\\\/a\\>\\.\"; toolTips('.classtoolTips210',tt_store_content,'3579'); <\/script><script type=\"text\/javascript\"> var tt_store_content = \"\\<p style\\='text\\-align\\: center;'\\>\\<span style\\='font\\-size\\: 14pt;'\\>\\<strong\\>O\\<\\\/strong\\>rganisation\\<strong\\> N\\<\\\/strong\\>on\\<strong\\> G\\<\\\/strong\\>ouvernementale\\<\\\/span\\>\\<\\\/p\\><br\/>Une organisation non gouvernementale \\(ONG\\) est une \\<a title\\='Association \u00e0 but non lucratif' href\\='https\\:\\\/\\\/fr\\.wikipedia\\.org\\\/wiki\\\/Association_%C3%A0_but_non_lucratif' target\\='_blank' rel\\='noopener'\\>association \u00e0 but non lucratif\\<\\\/a\\>, d'int\u00e9r\u00eat public, qui ne rel\u00e8ve ni de l'\u00c9tat, ni d'institutions internationales\\<sup id\\='cite_ref\\-novethic_1\\-0' class\\='reference'\\>\\<\\\/sup\\>\\. Les ONG n'ont pas le statut de sujet de \\<a title\\='Droit international public' href\\='https\\:\\\/\\\/fr\\.wikipedia\\.org\\\/wiki\\\/Droit_international_public' target\\='_blank' rel\\='noopener'\\>droit international\\<\\\/a\\>\\.\"; toolTips('.classtoolTips210',tt_store_content,'3579'); <\/script><script type=\"text\/javascript\"> var tt_store_content = \"\\<p\\><span class='tooltipsall tooltip_post_id_24572 classtoolTips211'>MIT<\/span> \\= Massachussets Institute of Technology, prestigieuse universit\u00e9 am\u00e9ricaine de la c\u00f4te est\\<\\\/p\\>\"; toolTips('.classtoolTips211',tt_store_content,'24572'); <\/script><script type=\"text\/javascript\"> var tt_store_content = \"\\<p style\\='text\\-align\\: center;'\\>\\<strong\\>J\\<\\\/strong\\>eux \\<strong\\>O\\<\\\/strong\\>lympiques<br\/>ou<br\/>\\<strong\\>J\\<\\\/strong\\>ournal \\<strong\\>O\\<\\\/strong\\>fficiel de la R\u00e9publique Fran\u00e7aise\\<\\\/p\\>\"; toolTips('.classtoolTips213',tt_store_content,'4451'); <\/script><script type=\"text\/javascript\"> var tt_store_content = \"\\<p\\><span class='tooltipsall tooltip_post_id_30593 classtoolTips214'>RN<\/span> \\= Rassemble National, c'est le parti d'extr\u00eame droite de Marine Le Pen qui succ\u00e8de au FN \\= Front National fond\u00e9 par son p\u00e8re Jean Marie Le Pen\\<\\\/p\\>\"; toolTips('.classtoolTips214',tt_store_content,'30593'); <\/script><script type=\"text\/javascript\"> var tt_store_content = \"\\<p style\\='text\\-align\\: center;'\\>\\<span style\\='font\\-size\\: 14pt;'\\>\\<strong\\>C\\<\\\/strong\\>entre \\<strong\\>H\\<\\\/strong\\>ospitalier\\<\\\/span\\>\\<\\\/p\\>\"; toolTips('.classtoolTips220',tt_store_content,'18357'); <\/script><script type=\"text\/javascript\"> var tt_store_content = \"\\<p\\>D\u00e9chets radioactifs \u00e0 Haute Activit\u00e9 \\(classement <span class='tooltipsall tooltip_post_id_3612 classtoolTips79'>ANDRA<\/span>\\)\\<\\\/p\\>\"; toolTips('.classtoolTips223',tt_store_content,'19196'); <\/script>_______________________<br>Notes<ol class=\"footnotes\"><li id=\"footnote_1_26185\" class=\"footnote\"><em>(<\/em><em>Commission de recherche et d&rsquo;information ind\u00e9pendantes sur la radioactivit\u00e9), <\/em><em>laboratoire g\u00e9r\u00e9 par une association 1901 qui facture ses prestations\u00a0 au collectif<\/em><span class=\"footnote-back-link-wrapper\">[<a href=\"#identifier_1_26185\" class=\"footnote-link footnote-back-link\">&#8617;<\/a>]<\/span><\/li><li id=\"footnote_2_26185\" class=\"footnote\">&lt;0,2 mg\/kg MS<span class=\"footnote-back-link-wrapper\">[<a href=\"#identifier_2_26185\" class=\"footnote-link footnote-back-link\">&#8617;<\/a>]<\/span><\/li><li id=\"footnote_3_26185\" class=\"footnote\">1,1 mg\/kg MS<span class=\"footnote-back-link-wrapper\">[<a href=\"#identifier_3_26185\" class=\"footnote-link footnote-back-link\">&#8617;<\/a>]<\/span><\/li><li id=\"footnote_4_26185\" class=\"footnote\">5,7 mg\/kg MS<span class=\"footnote-back-link-wrapper\">[<a href=\"#identifier_4_26185\" class=\"footnote-link footnote-back-link\">&#8617;<\/a>]<\/span><\/li><\/ol>_______________________","protected":false},"excerpt":{"rendered":"<p>En cas de risque industriel, il revient aux populations concern\u00e9es d\u2019avoir leurs propres moyens d\u2019investigation, de contr\u00f4le et de communication avec les financements publics ad\u00e9quats.<script type=\"text\/javascript\"> var tt_store_content = \"\\<\/p>\n<p style\\='text\\-align\\: justify'\\>\\<strong\\>Situ\u00e9e \u00e0 moins de 3 kilom\u00e8tres du centre ancien de Narbonne, l\u2019usine nucl\u00e9aire de Malv\u00e9si traite depuis plus de 50 ans du minerai d\u2019uranium \u00e0 usage civil ou militaire\\.\\<\\\/strong\\>\\<\\\/p\\><br \/>\\<\/p>\n<p style\\='text\\-align\\: justify'\\>\\<strong\\>\u00a0\u00bc du minerai nucl\u00e9aire mondial passe par cet \u00e9tablissement qui raffine le minerai entrant sous forme de \u00ab\u00a0yellowcake\u00a0\u00bb en t\u00e9trafluorure d\u2019uranium \\(UF4\\) avant de le r\u00e9exp\u00e9dier \u00e0 l\u2019usine de Pierrelatte\\.\\<\\\/strong\\>\\<\\\/p\\><br \/>\\<\/p>\n<p style\\='text\\-align\\: justify'\\>\\<strong\\>On estime a pr\u00e8s d\u20191 million de m3 les effluents nitrat\u00e9s et radioactifs qui sont issus de ce raffinage et actuellement stock\u00e9s\u00a0 dans des bassins d\u2019\u00e9vaporation et de d\u00e9cantation qui jouxtent l\u2019usine\\.\\<\\\/strong\\>\\<\\\/p\\><br \/>\\<\/p>\n<p style\\='text\\-align\\: justify'\\>\\<strong\\>Depuis sa mise en service de nombreux incidents et accidents ont \u00e9maill\u00e9 le fonctionnement de cette installation class\u00e9e en partie <span class='tooltipsall tooltip_post_id_3616 classtoolTips158'>INB<\/span> \\(\\<em\\>Installation Nucl\u00e9aire de Base\\<\\\/em\\>\\), ICPE \\(\\<em\\>Installation Class\u00e9e pour la Protection de l\u2019Environnement\\<\\\/em\\>\\), <span class='tooltipsall tooltip_post_id_19989 classtoolTips59'>SEVESO<\/span> \\(seuil haut\\) tandis qu\u2019en mai 2016 le minist\u00e8re de la D\u00e9fense a class\u00e9 le site en ZNAR \\(Zone Nucl\u00e9aire \u00e0 Acc\u00e8s R\u00e9glement\u00e9\\)\\. Les communes les plus proches du site Narbonne et Moussan sont class\u00e9es comme comportant \u00ab\u00a0un risque technologique industriel de seuil haut\u00a0\u00bb\\<\\\/strong\\>\\<\\\/p\\>\"; toolTips('.classtoolTips0',tt_store_content,'7214'); <\/script><script type=\"text\/javascript\"> var tt_store_content = \"Minerai d'uranium concentr\u00e9\"; toolTips('.classtoolTips22',tt_store_content,'6889'); <\/script><script type=\"text\/javascript\"> var tt_store_content = \"Minerai d'uranium concentr\u00e9\"; toolTips('.classtoolTips22',tt_store_content,'6889'); <\/script><script type=\"text\/javascript\"> var tt_store_content = \"\\<\/p>\n<p style\\='text\\-align\\: center;'\\>\\<span style\\='font\\-size\\: 14pt;'\\>\\<strong\\>T\\<\\\/strong\\>raitement\\<strong\\> D\\<\\\/strong\\>es\\<strong\\> N\\<\\\/strong\\>itrates\\<strong\\> \\(<span class='tooltipsall tooltip_post_id_3610 classtoolTips37'>TDN<\/span>\\)<br \/>TH\\<\\\/strong\\>ermal\\<strong\\> O\\<\\\/strong\\>rganic\\<strong\\> R\\<\\\/strong\\>eduction\\<strong\\> \\(<span class='tooltipsall tooltip_post_id_3610 classtoolTips37'>THOR<\/span>\\)\\<\\\/strong\\>\\<\\\/span\\>\\<\\\/p\\><br \/>\\<\/p>\n<p style\\='text\\-align\\: justify;'\\>Proc\u00e9d\u00e9 envisag\u00e9 par la soci\u00e9t\u00e9 AREVA pour retraiter les d\u00e9chets nitrat\u00e9s et radio\\-actifs issus de son activit\u00e9 d'enrichissement de l'uranium, phase I de la pr\u00e9paration du combustible des centrales nucl\u00e9aires\\.\\<\\\/p\\><br \/>\\<\/p>\n<p style\\='text\\-align\\: justify;'\\>Cette activit\u00e9 est mise en \u0153uvre dans l'usine de Malv\u00e9si \u00e0 quelques kilom\u00e8tres de Narbonne\\.\\<\\\/p\\><br \/>\\<\/p>\n<p style\\='text\\-align\\: justify;'\\>Ce proc\u00e9d\u00e9, potentiellement tr\u00e8s toxique pour la sant\u00e9 et l'environnement, est au centre d'une vive opposition de la part des riverains et \u00e0 laquelle le Clairon s'associe \\(\\<a href\\='https\\:\\\/\\\/le\\-clairon\\-nouveau\\.fr\\\/wordpress\\\/dossiers\\\/dossier\\-malvesi\\-areva\\\/' target\\='_blank' rel\\='noopener'\\>voir notre dossier\\<\\\/a\\> sur le sujet\\)\\.\\<\\\/p\\>\"; toolTips('.classtoolTips37',tt_store_content,'3610'); <\/script><script type=\"text\/javascript\"> var tt_store_content = \"Collectif de vigilance des d\u00e9chets de Malv\u00e9si\"; toolTips('.classtoolTips52',tt_store_content,'7256'); <\/script><script type=\"text\/javascript\"> var tt_store_content = \"Collectif de vigilance des d\u00e9chets de Malv\u00e9si\"; toolTips('.classtoolTips52',tt_store_content,'7256'); <\/script><script type=\"text\/javascript\"> var tt_store_content = \"\\<\/p>\n<p style\\='text\\-align\\: justify'\\>La \\<strong\\>C\\<\\\/strong\\>ommission de \\<strong\\>R\\<\\\/strong\\>echerche et d'\\<strong\\>I\\<\\\/strong\\>nformations \\<strong\\>I\\<\\\/strong\\>nd\u00e9pendantes sur la \\<strong\\>Rad\\<\\\/strong\\>ioactivit\u00e9 est une association fran\u00e7aise 'loi 1901'\\. Elle emploie une \u00e9quipe d'une douzaine de scientifiques\u00a0 et dispose d'un laboratoire d'analyse agr\u00e9e par le minist\u00e8re de la sant\u00e9 dans le cadre de la protection de l'environnement\\. Son domaine d'intervention est le d\u00e9pistage et \u00e0 l'identification des pollutions radioactives en France comme \u00e0 l'\u00e9tranger\\. Elle se finance par les cotisations de ses membres et la r\u00e9mun\u00e9ration de ses nombreux travaux \\(plus d'un millier depuis sa cr\u00e9ation\\)\\.\\<\\\/p\\>\"; toolTips('.classtoolTips55',tt_store_content,'7025'); <\/script><script type=\"text\/javascript\"> var tt_store_content = \"\\<\/p>\n<p style\\='text\\-align\\: justify'\\>La \\<strong\\>C\\<\\\/strong\\>ommission de \\<strong\\>R\\<\\\/strong\\>echerche et d'\\<strong\\>I\\<\\\/strong\\>nformations \\<strong\\>I\\<\\\/strong\\>nd\u00e9pendantes sur la \\<strong\\>Rad\\<\\\/strong\\>ioactivit\u00e9 est une association fran\u00e7aise 'loi 1901'\\. Elle emploie une \u00e9quipe d'une douzaine de scientifiques\u00a0 et dispose d'un laboratoire d'analyse agr\u00e9e par le minist\u00e8re de la sant\u00e9 dans le cadre de la protection de l'environnement\\. Son domaine d'intervention est le d\u00e9pistage et \u00e0 l'identification des pollutions radioactives en France comme \u00e0 l'\u00e9tranger\\. Elle se finance par les cotisations de ses membres et la r\u00e9mun\u00e9ration de ses nombreux travaux \\(plus d'un millier depuis sa cr\u00e9ation\\)\\.\\<\\\/p\\>\"; toolTips('.classtoolTips55',tt_store_content,'7025'); <\/script><script type=\"text\/javascript\"> var tt_store_content = \"\\<p\\>Seveso \\: suite \u00e0 une directive europ\u00e9enne qui impose \u00e0 ses \u00e9tats membres d'identifier les sites industriels pr\u00e9sentant des risque majeurs sous la d\u00e9nomination 'sites seveso', les \u00e9tablissements industriels civils sont class\u00e9s selon leurs risques d'al\u00e9as 'seveso bas' , 'seveso moyen' et 'seveso haut'\\. Cette directive ne concerne pas les rayons ionisants\\.\\<\\\/p\\>\"; toolTips('.classtoolTips59',tt_store_content,'19989'); <\/script><script type=\"text\/javascript\"> var tt_store_content = \"\\<p\\>Seveso \\: suite \u00e0 une directive europ\u00e9enne qui impose \u00e0 ses \u00e9tats membres d'identifier les sites industriels pr\u00e9sentant des risque majeurs sous la d\u00e9nomination 'sites seveso', les \u00e9tablissements industriels civils sont class\u00e9s selon leurs risques d'al\u00e9as 'seveso bas' , 'seveso moyen' et 'seveso haut'\\. Cette directive ne concerne pas les rayons ionisants\\.\\<\\\/p\\>\"; toolTips('.classtoolTips59',tt_store_content,'19989'); <\/script><script type=\"text\/javascript\"> var tt_store_content = \"Nouveau nom que s'est donn\u00e9, en 2018, l'entreprise AREVA\"; toolTips('.classtoolTips77',tt_store_content,'5129'); <\/script><script type=\"text\/javascript\"> var tt_store_content = \"Sortir du nucl\u00e9aire Aude\"; toolTips('.classtoolTips84',tt_store_content,'7258'); <\/script><script type=\"text\/javascript\"> var tt_store_content = \"Arr\u00eat du nucl\u00e9aire H\u00e9rault\"; toolTips('.classtoolTips85',tt_store_content,'7259'); <\/script><script type=\"text\/javascript\"> var tt_store_content = \"Arr\u00eat du nucl\u00e9aire H\u00e9rault\"; toolTips('.classtoolTips85',tt_store_content,'7259'); <\/script><script type=\"text\/javascript\"> var tt_store_content = \"\\<p\\>Ecologie du Carcassonnais, des Corbi\u00e8res et du Littoral Audois\\<\\\/p\\>\"; toolTips('.classtoolTips96',tt_store_content,'19173'); <\/script><script type=\"text\/javascript\"> var tt_store_content = \"Transparence des canaux de la Narbonnaise\"; toolTips('.classtoolTips115',tt_store_content,'7257'); <\/script><script type=\"text\/javascript\"> var tt_store_content = \"Transparence des canaux de la Narbonnaise\"; toolTips('.classtoolTips115',tt_store_content,'7257'); <\/script><script type=\"text\/javascript\"> var tt_store_content = \"\\<\/p>\n<p style\\='text\\-align\\: center;'\\>\\<strong\\>Installation Nucl\u00e9aire de Base\\<\\\/strong\\>\\<\\\/p\\>\"; toolTips('.classtoolTips158',tt_store_content,'3616'); <\/script><script type=\"text\/javascript\"> var tt_store_content = \"\\<\/p>\n<p style\\='text\\-align\\: center;'\\>\\<span style\\='font\\-size\\: 14pt;'\\>\\<strong\\>R\\<\\\/strong\\>\u00e9pertoire \\<strong\\>N\\<\\\/strong\\>ational des \\<strong\\>A\\<\\\/strong\\>ssociations\\<\\\/span\\>\\<\\\/p\\>\"; toolTips('.classtoolTips159',tt_store_content,'24374'); <\/script><script type=\"text\/javascript\"> var tt_store_content = \"\\<\/p>\n<p style\\='text\\-align\\: center;'\\>\\<strong\\>\\<span style\\='font\\-size\\: 14pt;'\\>G\\<\\\/span\\>\\<\\\/strong\\>\\<span style\\='font\\-size\\: 14pt;'\\>az \u00e0 \\<strong\\>E\\<\\\/strong\\>ffet de \\<strong\\>S\\<\\\/strong\\>erre\\<\\\/span\\>\\<\\\/p\\><br \/>\\<\/p>\n<p style\\='text\\-align\\: justify;'\\>Les gaz \u00e0 effet de serre \\(<span class='tooltipsall tooltip_post_id_7232 classtoolTips161'>GES<\/span>\\) sont des composants gazeux qui absorbent le rayonnement infrarouge \u00e9mis par la surface terrestre et contribuent \u00e0 l'effet de serre\\. L'augmentation de leur concentration dans l'atmosph\u00e8re terrestre est l'un des facteurs \u00e0 l'origine du r\u00e9chauffement climatique\\.\\<\\\/p\\><br \/>\\<a href\\='https\\:\\\/\\\/fr\\.wikipedia\\.org\\\/wiki\\\/Gaz_%C3%A0_effet_de_serre' target\\='_blank' rel\\='noopener'\\>\\<em\\>Voir ici la fiche Wikipedia sur les gaz \u00e0 effet de serre\\<\\\/em\\>\\<\\\/a\\>\"; toolTips('.classtoolTips161',tt_store_content,'7232'); <\/script><script type=\"text\/javascript\"> var tt_store_content = \"\\<\/p>\n<p style\\='text\\-align\\: justify'\\>La \u00ab\u00a0\\<b\\>programmation pluriannuelle de l'\u00e9nergie\\<\\\/b\\>\u00a0\u00bb \\(<span class='tooltipsall tooltip_post_id_7750 classtoolTips164'>PPE<\/span>\\) est, en France, un document strat\u00e9gique de pilotage de la transition \u00e9nerg\u00e9tique\\. Institu\u00e9e par l'article 176 de la \\<a title\\='Loi relative \u00e0 la transition \u00e9nerg\u00e9tique pour la croissance verte' href\\='https\\:\\\/\\\/fr\\.wikipedia\\.org\\\/wiki\\\/Loi_relative_%C3%A0_la_transition_%C3%A9nerg%C3%A9tique_pour_la_croissance_verte'\\>loi de transition \u00e9nerg\u00e9tique\\<\\\/a\\> \\(TECV\\), elle fixe une trajectoire pour le \\<a title\\='Mix \u00e9nerg\u00e9tique' href\\='https\\:\\\/\\\/fr\\.wikipedia\\.org\\\/wiki\\\/Mix_%C3%A9nerg%C3%A9tique'\\>mix \u00e9nerg\u00e9tique\\<\\\/a\\>, ainsi que \\<span class\\='citation'\\>\u00ab\u00a0les priorit\u00e9s d'action pour la gestion de l\u2019ensemble des formes d'\u00e9nergie sur le territoire m\u00e9tropolitain continental, afin d\u2019atteindre les objectifs nationaux fix\u00e9s par la loi\u00a0\u00bb\\<\\\/span\\>\\. \\(Wikip\u00e9dia\\)\\<\\\/p\\>\"; toolTips('.classtoolTips164',tt_store_content,'7750'); <\/script><script type=\"text\/javascript\"> var tt_store_content = \"\\<\/p>\n<p style\\='text\\-align\\: justify'\\>La \u00ab\u00a0\\<b\\>programmation pluriannuelle de l'\u00e9nergie\\<\\\/b\\>\u00a0\u00bb \\(PPE\\) est, en France, un document strat\u00e9gique de pilotage de la transition \u00e9nerg\u00e9tique\\. Institu\u00e9e par l'article 176 de la \\<a title\\='Loi relative \u00e0 la transition \u00e9nerg\u00e9tique pour la croissance verte' href\\='https\\:\\\/\\\/fr\\.wikipedia\\.org\\\/wiki\\\/Loi_relative_%C3%A0_la_transition_%C3%A9nerg%C3%A9tique_pour_la_croissance_verte'\\>loi de transition \u00e9nerg\u00e9tique\\<\\\/a\\> \\(TECV\\), elle fixe une trajectoire pour le \\<a title\\='Mix \u00e9nerg\u00e9tique' href\\='https\\:\\\/\\\/fr\\.wikipedia\\.org\\\/wiki\\\/Mix_%C3%A9nerg%C3%A9tique'\\>mix \u00e9nerg\u00e9tique\\<\\\/a\\>, ainsi que \\<span class\\='citation'\\>\u00ab\u00a0les priorit\u00e9s d'action pour la gestion de l\u2019ensemble des formes d'\u00e9nergie sur le territoire m\u00e9tropolitain continental, afin d\u2019atteindre les objectifs nationaux fix\u00e9s par la loi\u00a0\u00bb\\<\\\/span\\>\\. \\(Wikip\u00e9dia\\)\\<\\\/p\\>\"; toolTips('.classtoolTips164',tt_store_content,'7750'); <\/script><script type=\"text\/javascript\"> var tt_store_content = \"\\<\/p>\n<p style\\='text\\-align\\: justify;'\\>Le Conseil d'Orientation des Retraites est une instance qui r\u00e9unit &nbsp;\\<span class\\='st'\\>les principaux acteurs du champ des retraites\\<\\\/span\\> et effectue un travail d'\u00e9tudes et de concertation\\. Compos\u00e9 de parlementaires, de repr\u00e9sentants des organisations professionnelles et syndicales, des retrait\u00e9s et des familles, de membres de l'administration et d'experts, le Conseil d'orientation des retraites \\(<span class='tooltipsall tooltip_post_id_7751 classtoolTips165'>COR<\/span>\\) est plac\u00e9 aupr\u00e8s du Premier ministre\\.\\<\\\/p\\>\"; toolTips('.classtoolTips165',tt_store_content,'7751'); <\/script><script type=\"text\/javascript\"> var tt_store_content = \"\\<\/p>\n<p style\\='text\\-align\\: center;'\\>\\<span style\\='font\\-size\\: 14pt;'\\>\\<strong\\>O\\<\\\/strong\\>rganisation \\<strong\\>M\\<\\\/strong\\>\u00e9t\u00e9orologique \\<strong\\>M\\<\\\/strong\\>ondiale<br \/>\\<strong\\>W\\<\\\/strong\\>orld \\<strong\\>M\\<\\\/strong\\>eteorological \\<strong\\>O\\<\\\/strong\\>rganization\\<\\\/span\\>\\<\\\/p\\><br \/>&nbsp;<\/p>\n<p>\\<a href\\='https\\:\\\/\\\/public\\.wmo\\.int\\\/fr' target\\='_blank' rel\\='noopener'\\>\\<em\\>Acc\u00e9der ici au site de l'organisation\\<\\\/em\\>\\<\\\/a\\>\"; toolTips('.classtoolTips168',tt_store_content,'7763'); <\/script><script type=\"text\/javascript\"> var tt_store_content = \"\\<\/p>\n<p style\\='text\\-align\\: justify'\\>\\<span class\\='ILfuVd'\\>La politique agricole commune \\(\\<b\\><span class='tooltipsall tooltip_post_id_11364 classtoolTips174'>PAC<\/span>\\<\\\/b\\>\\) est une politique mise en place \u00e0 l'\u00e9chelle de l'Union europ\u00e9enne\\. \u00c0 l'origine, elle est fond\u00e9e principalement sur des mesures de contr\u00f4le des prix et de subventionnement, visant \u00e0 moderniser et d\u00e9velopper l'agriculture\\.\\<\\\/span\\> \\(source Wikipedia\\)\\<\\\/p\\>\"; toolTips('.classtoolTips174',tt_store_content,'11364'); <\/script><script type=\"text\/javascript\"> var tt_store_content = \"\\<\/p>\n<p style\\='text\\-align\\: center;'\\>\\<span style\\='font\\-size\\: 14pt;'\\>\\<strong\\>P\\<\\\/strong\\>\\<\\\/span\\>\\<span style\\='font\\-size\\: 14pt;'\\>lan \\<strong\\>L\\<\\\/strong\\>\\<\\\/span\\>\\<span style\\='font\\-size\\: 14pt;'\\>ocal d'\\<strong\\>U\\<\\\/strong\\>\\<\\\/span\\>\\<span style\\='font\\-size\\: 14pt;'\\>rbanisme\\<\\\/span\\>\\<\\\/p\\><br \/>&nbsp;\"; toolTips('.classtoolTips176',tt_store_content,'4979'); <\/script><script type=\"text\/javascript\"> var tt_store_content = \"\\<p\\>Conseil \u00c9conomique et Social\\<\\\/p\\>\"; toolTips('.classtoolTips180',tt_store_content,'29829'); <\/script><script type=\"text\/javascript\"> var tt_store_content = \"\\<\/p>\n<p style\\='text\\-align\\: center;'\\>\\<span style\\='font\\-size\\: 14pt;'\\>\\<strong\\>G\\<\\\/strong\\>roupement \\<strong\\>H\\<\\\/strong\\>ospitalier de \\<strong\\>T\\<\\\/strong\\>erritoire\\<\\\/span\\>\\<\\\/p\\><br \/>\\<\/p>\n<p style\\='text\\-align\\: justify;'\\>Les groupements hospitaliers de territoires, dispositif pr\u00e9vu par la loi de sant\u00e9 2016, sont un nouveau mode de coop\u00e9ration entre les \u00e9tablissements publics de sant\u00e9 \u00e0 l\u2019\u00e9chelle d\u2019un territoire\\<\\\/p\\>\"; toolTips('.classtoolTips189',tt_store_content,'18358'); <\/script><script type=\"text\/javascript\"> var tt_store_content = \"\\<\/p>\n<p style\\='text\\-align\\: center;'\\>\\<strong\\>\\<span style\\='font\\-size\\: 14pt;'\\>P\\<\\\/span\\>\\<\\\/strong\\>\\<span style\\='font\\-size\\: 14pt;'\\>rogrammation \\<strong\\>P\\<\\\/strong\\>luri\\-annuelle de l'\\<strong\\>\u00c9\\<\\\/strong\\>nergie\\<\\\/span\\>\\<\\\/p\\><br \/>La PPE est est en France un document strat\u00e9gique de pilotage de la transition \u00e9nerg\u00e9tique\\. Institu\u00e9e par l'article 176 de la loi transition \u00e9nerg\u00e9tique \\(TECV\\)\\. Elle fixe \\(par \u00e9nergie\\) une trajectoire pour le mix \u00e9nerg\u00e9tique, ainsi que \u00ab&nbsp;\\<em\\>les priorit\u00e9s d'action pour la gestion de l\u2019ensemble des formes d'\u00e9nergie sur le territoire m\u00e9tropolitain continental, afin d\u2019atteindre les objectifs nationaux fix\u00e9s par la loi\\<\\\/em\\>&nbsp;\u00bb\\.<\/p>\n<p>Initi\u00e9e en 2016, elle est r\u00e9vis\u00e9e en 2018 puis ensuite tous les 5 ans\\.<\/p>\n<p>\\<a href\\='https\\:\\\/\\\/fr\\.wikipedia\\.org\\\/wiki\\\/Programmation_pluriannuelle_de_l'\u00e9nergi' target\\='_blank' rel\\='noopener'\\>\\<em\\>Voir ici la page Wikipedia consacr\u00e9e \u00e0 la PPE\\<\\\/em\\>\\<\\\/a\\><br \/>\\<a href\\='https\\:\\\/\\\/ppe\\.debatpublic\\.fr\\\/' target\\='_blank' rel\\='noopener'\\>\\<em\\>Voir ici la page du site 'Commission du D\u00e9bat Public' consacr\u00e9e \u00e0 la PPE\\<\\\/em\\>\\<\\\/a\\>\"; toolTips('.classtoolTips193',tt_store_content,'7102'); <\/script><script type=\"text\/javascript\"> var tt_store_content = \"\\<\/p>\n<p style\\='text\\-align\\: center;'\\>\\<span style\\='font\\-size\\: 14pt;'\\>\\<strong\\>E\\<\\\/strong\\>volutionary \\<strong\\>P\\<\\\/strong\\>ower \\<strong\\>R\\<\\\/strong\\>eactor\\<\\\/span\\>\\<\\\/p\\><br \/>\\<\/p>\n<p style\\='text\\-align\\: justify;'\\>R\u00e9acteur nucl\u00e9aire de troisi\u00e8me g\u00e9n\u00e9ration \\(classification internationale\\), con\u00e7u et d\u00e9velopp\u00e9 par <span class='tooltipsall tooltip_post_id_5121 classtoolTips35'>Areva NP<\/span>&nbsp; au cours des ann\u00e9es 1990 et 2000\\. Il fait partie de la fili\u00e8re des r\u00e9acteurs \u00e0 eau pressuris\u00e9e\\.\\<\\\/p\\><br \/>\\<a href\\='https\\:\\\/\\\/fr\\.wikipedia\\.org\\\/wiki\\\/R%C3%A9acteur_pressuris%C3%A9_europ%C3%A9en' target\\='_blank' rel\\='noopener'\\>\\<em\\>Voir ici la fiche Wikipedia <span class='tooltipsall tooltip_post_id_5579 classtoolTips196'>EPR<\/span>\\<\\\/em\\>\\<\\\/a\\>\"; toolTips('.classtoolTips196',tt_store_content,'5579'); <\/script><script type=\"text\/javascript\"> var tt_store_content = \"\\<p\\><span class='tooltipsall tooltip_post_id_21204 classtoolTips199'>COV<\/span> \\= Compos\u00e9 Organique Volatile\\<\\\/p\\>\"; toolTips('.classtoolTips199',tt_store_content,'21204'); <\/script><script type=\"text\/javascript\"> var tt_store_content = \"\\<\/p>\n<p style\\='text\\-align\\: center;'\\>\\<strong\\>R\\<\\\/strong\\>\u00e9seau \\<strong\\>A\\<\\\/strong\\>ction \\<strong\\>C\\<\\\/strong\\>limat\\<\\\/p\\><br \/>Le r\u00e9seau Action Climat '\\<em\\>f\u00e9d\u00e8re les associations impliqu\u00e9es dans la lutte contre les changements climatiques et pour une transition \u00e9cologique, solidaire et \u00e9quitable\\<\\\/em\\>'\\.<\/p>\n<p>\\<a href\\='https\\:\\\/\\\/reseauactionclimat\\.org\\\/' target\\='_blank' rel\\='noopener'\\>Voir le site du <span class='tooltipsall tooltip_post_id_4309 classtoolTips200'>RAC<\/span>\\<\\\/a\\>\"; toolTips('.classtoolTips200',tt_store_content,'4309'); <\/script><script type=\"text\/javascript\"> var tt_store_content = \"\\<\/p>\n<p style\\='text\\-align\\: center;'\\>\\<strong\\>\\<span style\\='font\\-size\\: 14pt;'\\>R\\<\\\/span\\>\\<\\\/strong\\>\\<span style\\='font\\-size\\: 14pt;'\\>eferendum d'\\<strong\\>I\\<\\\/strong\\>nitiative \\<strong\\>C\\<\\\/strong\\>itoyenne\\<\\\/span\\>\\<\\\/p\\>\"; toolTips('.classtoolTips205',tt_store_content,'12268'); <\/script><script type=\"text\/javascript\"> var tt_store_content = \"\\<p\\><span class='tooltipsall tooltip_post_id_25844 classtoolTips208'>RTE<\/span> \\= R\u00e9seau de Transport d'Electricit\u00e9 est une filiale d'<span class='tooltipsall tooltip_post_id_7035 classtoolTips178'>EDF<\/span> qui est l'actionnaire majoritaire avec 50,1% des parts le reste \u00e9tant partag\u00e9 par la CDC et la CNP\\<\\\/p\\>\"; toolTips('.classtoolTips208',tt_store_content,'25844'); <\/script><script type=\"text\/javascript\"> var tt_store_content = \"\\<\/p>\n<p style\\='text\\-align\\: center;'\\>\\<span style\\='font\\-size\\: 14pt;'\\>\\<strong\\>O\\<\\\/strong\\>rganisation\\<strong\\> N\\<\\\/strong\\>on\\<strong\\> G\\<\\\/strong\\>ouvernementale\\<\\\/span\\>\\<\\\/p\\><br \/>Une organisation non gouvernementale \\(<span class='tooltipsall tooltip_post_id_3579 classtoolTips210'>ONG<\/span>\\) est une \\<a title\\='Association \u00e0 but non lucratif' href\\='https\\:\\\/\\\/fr\\.wikipedia\\.org\\\/wiki\\\/Association_%C3%A0_but_non_lucratif' target\\='_blank' rel\\='noopener'\\>association \u00e0 but non lucratif\\<\\\/a\\>, d'int\u00e9r\u00eat public, qui ne rel\u00e8ve ni de l'\u00c9tat, ni d'institutions internationales\\<sup id\\='cite_ref\\-novethic_1\\-0' class\\='reference'\\>\\<\\\/sup\\>\\. Les ONG n'ont pas le statut de sujet de \\<a title\\='Droit international public' href\\='https\\:\\\/\\\/fr\\.wikipedia\\.org\\\/wiki\\\/Droit_international_public' target\\='_blank' rel\\='noopener'\\>droit international\\<\\\/a\\>\\.\"; toolTips('.classtoolTips210',tt_store_content,'3579'); <\/script><script type=\"text\/javascript\"> var tt_store_content = \"\\<\/p>\n<p style\\='text\\-align\\: center;'\\>\\<span style\\='font\\-size\\: 14pt;'\\>\\<strong\\>O\\<\\\/strong\\>rganisation\\<strong\\> N\\<\\\/strong\\>on\\<strong\\> G\\<\\\/strong\\>ouvernementale\\<\\\/span\\>\\<\\\/p\\><br \/>Une organisation non gouvernementale \\(ONG\\) est une \\<a title\\='Association \u00e0 but non lucratif' href\\='https\\:\\\/\\\/fr\\.wikipedia\\.org\\\/wiki\\\/Association_%C3%A0_but_non_lucratif' target\\='_blank' rel\\='noopener'\\>association \u00e0 but non lucratif\\<\\\/a\\>, d'int\u00e9r\u00eat public, qui ne rel\u00e8ve ni de l'\u00c9tat, ni d'institutions internationales\\<sup id\\='cite_ref\\-novethic_1\\-0' class\\='reference'\\>\\<\\\/sup\\>\\. Les ONG n'ont pas le statut de sujet de \\<a title\\='Droit international public' href\\='https\\:\\\/\\\/fr\\.wikipedia\\.org\\\/wiki\\\/Droit_international_public' target\\='_blank' rel\\='noopener'\\>droit international\\<\\\/a\\>\\.\"; toolTips('.classtoolTips210',tt_store_content,'3579'); <\/script><script type=\"text\/javascript\"> var tt_store_content = \"\\<p\\><span class='tooltipsall tooltip_post_id_24572 classtoolTips211'>MIT<\/span> \\= Massachussets Institute of Technology, prestigieuse universit\u00e9 am\u00e9ricaine de la c\u00f4te est\\<\\\/p\\>\"; toolTips('.classtoolTips211',tt_store_content,'24572'); <\/script><script type=\"text\/javascript\"> var tt_store_content = \"\\<\/p>\n<p style\\='text\\-align\\: center;'\\>\\<strong\\>J\\<\\\/strong\\>eux \\<strong\\>O\\<\\\/strong\\>lympiques<br \/>ou<br \/>\\<strong\\>J\\<\\\/strong\\>ournal \\<strong\\>O\\<\\\/strong\\>fficiel de la R\u00e9publique Fran\u00e7aise\\<\\\/p\\>\"; toolTips('.classtoolTips213',tt_store_content,'4451'); <\/script><script type=\"text\/javascript\"> var tt_store_content = \"\\<p\\><span class='tooltipsall tooltip_post_id_30593 classtoolTips214'>RN<\/span> \\= Rassemble National, c'est le parti d'extr\u00eame droite de Marine Le Pen qui succ\u00e8de au FN \\= Front National fond\u00e9 par son p\u00e8re Jean Marie Le Pen\\<\\\/p\\>\"; toolTips('.classtoolTips214',tt_store_content,'30593'); <\/script><script type=\"text\/javascript\"> var tt_store_content = \"\\<\/p>\n<p style\\='text\\-align\\: center;'\\>\\<span style\\='font\\-size\\: 14pt;'\\>\\<strong\\>C\\<\\\/strong\\>entre \\<strong\\>H\\<\\\/strong\\>ospitalier\\<\\\/span\\>\\<\\\/p\\>\"; toolTips('.classtoolTips220',tt_store_content,'18357'); <\/script><script type=\"text\/javascript\"> var tt_store_content = \"\\<p\\>D\u00e9chets radioactifs \u00e0 Haute Activit\u00e9 \\(classement <span class='tooltipsall tooltip_post_id_3612 classtoolTips79'>ANDRA<\/span>\\)\\<\\\/p\\>\"; toolTips('.classtoolTips223',tt_store_content,'19196'); <\/script><\/p>\n","protected":false},"author":2,"featured_media":0,"comment_status":"open","ping_status":"open","sticky":false,"template":"","format":"standard","meta":{"_acf_changed":false,"ngg_post_thumbnail":0,"_jetpack_memberships_contains_paid_content":false,"footnotes":""},"categories":[6,9,28,19,27],"tags":[],"coauthors":[4],"class_list":["post-26185","post","type-post","status-publish","format-standard","hentry","category-actu","category-actu_gen","category-rub_env","category-rub_env_nucl","category-rub","edition-edi_00086","type_art-type_art_article","dossier-dossiers_areva_malvesi","no-thumb"],"acf":[],"jetpack_featured_media_url":"","jetpack_sharing_enabled":true,"jetpack_shortlink":"https:\/\/wp.me\/p9B5TM-6Ol","_links":{"self":[{"href":"https:\/\/le-clairon-nouveau.fr\/wordpress\/wp-json\/wp\/v2\/posts\/26185","targetHints":{"allow":["GET"]}}],"collection":[{"href":"https:\/\/le-clairon-nouveau.fr\/wordpress\/wp-json\/wp\/v2\/posts"}],"about":[{"href":"https:\/\/le-clairon-nouveau.fr\/wordpress\/wp-json\/wp\/v2\/types\/post"}],"author":[{"embeddable":true,"href":"https:\/\/le-clairon-nouveau.fr\/wordpress\/wp-json\/wp\/v2\/users\/2"}],"replies":[{"embeddable":true,"href":"https:\/\/le-clairon-nouveau.fr\/wordpress\/wp-json\/wp\/v2\/comments?post=26185"}],"version-history":[{"count":0,"href":"https:\/\/le-clairon-nouveau.fr\/wordpress\/wp-json\/wp\/v2\/posts\/26185\/revisions"}],"wp:attachment":[{"href":"https:\/\/le-clairon-nouveau.fr\/wordpress\/wp-json\/wp\/v2\/media?parent=26185"}],"wp:term":[{"taxonomy":"category","embeddable":true,"href":"https:\/\/le-clairon-nouveau.fr\/wordpress\/wp-json\/wp\/v2\/categories?post=26185"},{"taxonomy":"post_tag","embeddable":true,"href":"https:\/\/le-clairon-nouveau.fr\/wordpress\/wp-json\/wp\/v2\/tags?post=26185"},{"taxonomy":"author","embeddable":true,"href":"https:\/\/le-clairon-nouveau.fr\/wordpress\/wp-json\/wp\/v2\/coauthors?post=26185"}],"curies":[{"name":"wp","href":"https:\/\/api.w.org\/{rel}","templated":true}]}}