{"id":26416,"date":"2022-05-23T12:30:45","date_gmt":"2022-05-23T10:30:45","guid":{"rendered":"https:\/\/le-clairon-nouveau.fr\/wordpress\/?p=26416"},"modified":"2022-05-22T20:47:38","modified_gmt":"2022-05-22T18:47:38","slug":"nucleaire-il-faut-cesser-de-rever-ou-de-mentir","status":"publish","type":"post","link":"https:\/\/le-clairon-nouveau.fr\/wordpress\/blog\/2022\/05\/23\/nucleaire-il-faut-cesser-de-rever-ou-de-mentir\/","title":{"rendered":"Nucl\u00e9aire : il faut cesser de r\u00eaver ou de mentir !"},"content":{"rendered":"<p style=\"text-align: center\"><strong><span style=\"font-size: 18pt\">Chronique d\u2019une catastrophe annonc\u00e9e (suite)<\/span><br \/>\n<\/strong><\/p>\n<p style=\"text-align: center\"><img data-recalc-dims=\"1\" loading=\"lazy\" decoding=\"async\" class=\" wp-image-26417 aligncenter\" src=\"https:\/\/i0.wp.com\/le-clairon-nouveau.fr\/wordpress\/wp-content\/uploads\/2022\/05\/nucleaire-Image-par-ELG21-de-Pixabay.jpg?resize=584%2C389&#038;ssl=1\" alt=\"\" width=\"584\" height=\"389\" srcset=\"https:\/\/i0.wp.com\/le-clairon-nouveau.fr\/wordpress\/wp-content\/uploads\/2022\/05\/nucleaire-Image-par-ELG21-de-Pixabay.jpg?resize=300%2C200&amp;ssl=1 300w, https:\/\/i0.wp.com\/le-clairon-nouveau.fr\/wordpress\/wp-content\/uploads\/2022\/05\/nucleaire-Image-par-ELG21-de-Pixabay.jpg?resize=1024%2C682&amp;ssl=1 1024w, https:\/\/i0.wp.com\/le-clairon-nouveau.fr\/wordpress\/wp-content\/uploads\/2022\/05\/nucleaire-Image-par-ELG21-de-Pixabay.jpg?resize=768%2C512&amp;ssl=1 768w, https:\/\/i0.wp.com\/le-clairon-nouveau.fr\/wordpress\/wp-content\/uploads\/2022\/05\/nucleaire-Image-par-ELG21-de-Pixabay.jpg?resize=600%2C400&amp;ssl=1 600w, https:\/\/i0.wp.com\/le-clairon-nouveau.fr\/wordpress\/wp-content\/uploads\/2022\/05\/nucleaire-Image-par-ELG21-de-Pixabay.jpg?resize=272%2C182&amp;ssl=1 272w, https:\/\/i0.wp.com\/le-clairon-nouveau.fr\/wordpress\/wp-content\/uploads\/2022\/05\/nucleaire-Image-par-ELG21-de-Pixabay.jpg?w=1280&amp;ssl=1 1280w\" sizes=\"auto, (max-width: 584px) 100vw, 584px\" \/><span style=\"font-size: 8pt\"><em><strong>Nucl\u00e9aire (Image par ELG21 de Pixabay)<\/strong><\/em><\/span><\/p>\n<p style=\"text-align: justify\"><strong><em><span style=\"color: #ff0000\">Depuis pr\u00e8s de 8 ans, le Clairon alerte ses lecteurs sur la situation du nucl\u00e9aire fran\u00e7ais<\/span>.<\/em><\/strong> <sup><a href=\"#footnote_1_26416\" id=\"identifier_1_26416\" class=\"footnote-link footnote-identifier-link\" title=\"Voir notre dossier : &laquo;&nbsp;nucl&eacute;aire chronique d&rsquo;une catastrophe annonc&eacute;e&nbsp;&raquo;.\">(1)<\/a><\/sup> <span style=\"color: #ff0000\"><strong><em>Les incidents, malfa\u00e7ons, dysfonctionnements et retards, plus ou moins graves, s\u2019encha\u00eenent\u00a0: ils touchent l\u2019ensemble de la fili\u00e8re, de la production du combustible jusqu\u2019au stockage des d\u00e9chets, en passant par le fonctionnement des r\u00e9acteurs. A cela s\u2019ajoutent des probl\u00e8mes li\u00e9s \u00e0 la s\u00e9curit\u00e9 des installations, mais aussi \u00e0 des d\u00e9ficiences dans le contr\u00f4le des prestations de certains fournisseurs. Pourtant, bien que la kyrielle de probl\u00e8mes pos\u00e9s par le nucl\u00e9aire fran\u00e7ais soit loin d\u2019\u00eatre r\u00e9gl\u00e9e, le pr\u00e9sident E. Macron entend relancer la fili\u00e8re pour satisfaire les besoins en \u00e9nergie de sa politique ultralib\u00e9rale bas\u00e9e sur le cycle \u2013innovation, production, croissance-.<\/em><\/strong><\/span><\/p>\n<p><strong>La justification \u00ab\u00a0officielle\u00a0\u00bb de la relance du nucl\u00e9aire fran\u00e7ais.<\/strong><\/p>\n<p style=\"text-align: justify\">Elle repose sur le postulat que le besoin en \u00e9lectricit\u00e9 sera croissant pour faire face \u00e0 la crise climatique. Le nucl\u00e9aire serait la seule \u00e9nergie pilotable capable de r\u00e9pondre significativement \u00e0 ce besoin croissant. Les probl\u00e8mes de fonctionnement de la fili\u00e8re sont balay\u00e9s par l\u2019argumentation suivante\u00a0: la fin en 1999 de la construction de r\u00e9acteurs aurait provoqu\u00e9 une perte de savoir-faire en raison du d\u00e9part progressif des personnels comp\u00e9tents, mais depuis <span class='tooltipsall tooltip_post_id_29829 classtoolTips180'>ces<\/span> derni\u00e8res ann\u00e9es, dans le droit fil de l\u2019alerte provoqu\u00e9e par la catastrophe de Fukushima, il y aurait une reconqu\u00eate progressive des savoir-faire et une am\u00e9lioration constante de la suret\u00e9 des installations, ce qui permettrait \u00e0 pr\u00e9sent la relance de la fili\u00e8re\u2026<\/p>\n<p style=\"text-align: justify\"><strong>Des faits qui contredisent les discours l\u00e9nifiants\u00a0 sur l\u2019am\u00e9lioration du fonctionnement du parc nucl\u00e9aire fran\u00e7ais et sur les perspectives de relance.<\/strong><\/p>\n<p style=\"text-align: justify\">Pour les <span class='tooltipsall tooltip_post_id_5579 classtoolTips196'>EPR<\/span> les retards et surco\u00fbts \u00e9taient jusqu\u2019il y a peu imput\u00e9s aux malfa\u00e7ons dans la r\u00e9alisation de certaines pi\u00e8ces (d\u00e9fauts de forgeage des cuves et couvercles des r\u00e9acteurs, soudures ne correspondant pas au cahier des charges, etc.). <u>Mais voici que l\u2019on d\u00e9couvre qu\u2019ils seraient aussi handicap\u00e9s par des probl\u00e8mes de conception des r\u00e9acteurs\u00a0!<\/u> Avec la mise \u00e0 l\u2019arr\u00eat en 2021 de la centrale de Taishan, seule centrale EPR en service, suite \u00e0 des \u00ab\u00a0<em>d\u00e9gradations constat\u00e9es sur l\u2019assemblage des combustibles nucl\u00e9aire\u00a0\u00bb <\/em>dans le c\u0153ur du r\u00e9acteur. Celles-ci seraient dues \u00e0 \u00ab <em>un <u>d\u00e9faut dans la conception<\/u> de la cuve de la fili\u00e8re EPR<\/em>\u00a0\u00bb <sup><a href=\"#footnote_2_26416\" id=\"identifier_2_26416\" class=\"footnote-link footnote-identifier-link\" title=\"source CRIIRAD\">(2)<\/a><\/sup>.<br \/>\nA la fin de l\u2019ann\u00e9e 2020, <span class='tooltipsall tooltip_post_id_7035 classtoolTips178'>EDF<\/span> d\u00e9tectait des probl\u00e8mes de \u00ab\u00a0corrosion sous contrainte\u00a0\u00bb sur des portions de tuyauterie des 4 r\u00e9acteurs de Civaux et de Chooz d\u2019une puissance de 1\u00a0450\u00a0<span class='tooltipsall tooltip_post_id_30103 classtoolTips217'>MW<\/span>. En avril 2022 dans une mise \u00e0 jour de sa note d\u2019information EDF expliquait que ce ph\u00e9nom\u00e8ne pouvait concerner tous les mod\u00e8les de r\u00e9acteurs. Actuellement ce sont 12 r\u00e9acteurs (4 de 1\u00a0450\u00a0m\u00e9gawatts\u00a0(MW), 5 de 1\u00a0300\u00a0MW et 3 de 900\u00a0MW qui ont \u00e9t\u00e9 mis \u00e0 l\u2019arr\u00eat, ou ont vu leurs arr\u00eats prolong\u00e9s pour des contr\u00f4les li\u00e9s \u00e0 cette anomalie.<br \/>\nDans son rapport sur l\u2019\u00e9tat de la <span data-plexi=\"default\" data-bs-toggle=\"popover\" data-bs-content=\"La s\u00fbret\u00e9 nucl\u00e9aire est l'ensemble des dispositions techniques et des mesures d'organisation relatives \u00e0 la conception, \u00e0 la construction, au fonctionnement, \u00e0 l'arr\u00eat et au d\u00e9mant\u00e8lement des installations nucl\u00e9aires de base, ainsi qu'au transport des substances radioactives, prises en vue de pr\u00e9venir les accidents ou d'en limiter les effets. &lt;a href=&quot;\/lexique\/S\/Surete-nucleaire&quot;&gt;En savoir plus&lt;\/a&gt;\" data-bs-original-title=\"S\u00fbret\u00e9 nucl\u00e9aire\">s\u00fbret\u00e9 nucl\u00e9aire<\/span>, pr\u00e9sent\u00e9 le 17 mai 2022 aux parlementaires de l\u2019Office parlementaire d\u2019\u00e9valuation des choix scientifiques et technologiques (<span data-plexi=\"default\" data-bs-toggle=\"popover\" data-bs-content=\"&lt;img src=&quot;\/var\/asn\/storage\/images\/_aliases\/lexicon_thumb_medium\/portail\/lexique\/o\/opecst\/557570-2-fre-FR\/OPECST.jpg&quot;\/&gt;L'Office Parlementaire d'Evaluation des Choix Scientifiques et Technologiques a \u00e9t\u00e9 cr\u00e9\u00e9 par la loi du 8 juillet 1983. Il a pour mission, aux termes de la loi, d'informer le Parlement des cons\u00e9quences des choix de caract\u00e8re scientifique et technologique afin, notamment, d'\u00e9clairer ses d\u00e9cisions. A cet effet, l'Office recueille des informations, met en \u0153uvre des programmes d'\u00e9tudes et proc\u00e8de \u00e0 des \u00e9valuations. L'ASN pr\u00e9sente chaque ann\u00e9e son Rapport sur l'\u00e9tat de la s\u00fbret\u00e9 et de la radioprotectiondevant les parlementaires de l'OPECST, \u00e0 l'Assembl\u00e9e nationale. &lt;a href=&quot;\/lexique\/O\/OPECST&quot;&gt;En savoir plus&lt;\/a&gt;\" data-bs-original-title=\"OPECST\">OPECST<\/span>), le pr\u00e9sident de l\u2019<span class='tooltipsall tooltip_post_id_3650 classtoolTips163'>ASN<\/span> a r\u00e9v\u00e9l\u00e9 que ces corrosions ne seraient pas \u00ab\u00a0accidentelles\u00a0\u00bb mais \u00ab\u00a0conceptuelles\u00a0\u00bb, ce qui implique que <u>ce d\u00e9faut de conception pourrait se r\u00e9percuter sur l\u2019ensemble du parc nucl\u00e9aire\u00a0!<br \/>\n<\/u><strong><em>Ces d\u00e9fauts de conception relev\u00e9s tant pour les EPR que pour l\u2019ensemble des r\u00e9acteurs du parc, remettent en question l\u2019avenir de la fili\u00e8re nucl\u00e9aire fran\u00e7aise.<\/em><\/strong><\/p>\n<p><strong>Chute de la productivit\u00e9 du parc nucl\u00e9aire fran\u00e7ais<\/strong><\/p>\n<p style=\"text-align: justify\">Fait sans pr\u00e9c\u00e9dent depuis la mise en service des derniers r\u00e9acteurs en 1999, la puissance moyenne disponible du parc fran\u00e7ais est tomb\u00e9e en janvier 2022 \u00e0 48 gigawatts (<span class='tooltipsall tooltip_post_id_30104 classtoolTips218'>GW<\/span>) pour 61,4 GW de puissance install\u00e9e. Fin avril elle a encore baiss\u00e9 jusque sous la barre des 30 GW de puissance disponible. Cette baisse de la puissance disponible s\u2019accompagne d\u2019une baisse de la production : en 2015 les centrales nucl\u00e9aires fournissaient 78% de l\u2019\u00e9lectricit\u00e9 consomm\u00e9e en France, en 2020 elles ne fournissent plus que 67% \u00a0et les pr\u00e9visions d\u2019EDF pour 2022 sont \u00e0 la baisse. Diff\u00e9rents facteurs peuvent expliquer cette baisse de production, certains sont externes (comme par exemple les conditions climatiques) d\u2019autres concernent le vieillissement et le fonctionnement du parc. Dans les sc\u00e9narios sur le futur de la production d\u2019\u00e9lectricit\u00e9 <span class='tooltipsall tooltip_post_id_25844 classtoolTips208'>RTE<\/span> pr\u00e9voit un retour \u00e0 la hausse de la production d\u2019\u00e9lectricit\u00e9 nucl\u00e9aire mais cette hausse sera limit\u00e9e par l\u2019augmentation des travaux de maintenance du parc nucl\u00e9aire vieillissant et par les arr\u00eats prolong\u00e9s des r\u00e9acteurs suite aux travaux de \u00ab grand car\u00e9nage \u00bb destin\u00e9s \u00e0 prolonger leur fonctionnement au-del\u00e0 des 40 ans\u2026<br \/>\n<strong><em>Ces incertitudes sur la productivit\u00e9 du nucl\u00e9aire posent la question de sa place dans le futur mix \u00e9nerg\u00e9tique.<\/em><\/strong><\/p>\n<p style=\"text-align: justify\"><strong>La relance du nucl\u00e9aire fran\u00e7ais implique de faire face \u00e0 de nombreux d\u00e9fis<\/strong><\/p>\n<p style=\"text-align: justify\">Dans sa pr\u00e9sentation du rapport aux parlementaires pr\u00e9c\u00e9demment cit\u00e9 <sup><a href=\"#footnote_3_26416\" id=\"identifier_3_26416\" class=\"footnote-link footnote-identifier-link\" title=\"voir annexe\">(3)<\/a><\/sup>, Bernard Doroszczuk, pr\u00e9sident de l\u2019ASN, a fait l\u2019inventaire des d\u00e9fis \u00e0 r\u00e9soudre si l\u2019on veut r\u00e9ussir la relance de la fili\u00e8re. Des fragilit\u00e9s sont \u00e0 surmonter :<br \/>\n1\u00b0) <u>la disponibilit\u00e9 du parc actuel<\/u> dont certaines unit\u00e9s de production sont immobilis\u00e9es par manque d\u2019anticipation des travaux \u00e0 faire, mais aussi suite \u00e0 des d\u00e9fauts techniques.<br \/>\n2\u00b0) <u>le cycle du combustible<\/u> connait un certain nombre de probl\u00e8mes qui risquent, s\u2019ils s\u2019aggravaient, de bloquer le fonctionnement des centrales. Ainsi les piscines de stockage du combustible us\u00e9 arriveront \u00e0 saturation en 2030. \u00a0Ce probl\u00e8me connu depuis 10 ans n\u2019est toujours pas r\u00e9solu. La capacit\u00e9 de traitement des d\u00e9chets issus de ces piscines n\u2019est pas assur\u00e9e. L\u2019entreposage des d\u00e9chets issus de la fabrication du <span class='tooltipsall tooltip_post_id_7037 classtoolTips179'>MOX<\/span> n\u2019est pas suffisant.<br \/>\n3\u00b0) <u>la prolongation de vie des r\u00e9acteurs<\/u>. La r\u00e9alisation des sc\u00e9narios d\u00e9finissant un futur mix \u00e9nerg\u00e9tique d\u00e9pend du nombre de centrales capables de fonctionner au del\u00e0 de 50 ans, ce qui n\u2019est pas actuellement acquis. Dans le cas du sc\u00e9nario RTE o\u00f9 le nucl\u00e9aire repr\u00e9sente 50 %, <u>tous<\/u> les r\u00e9acteurs devraient \u00eatre prolong\u00e9s jusqu\u2019\u00e0 60 ans et parfois au-del\u00e0 ce qui est tr\u00e8s improbable si les normes de s\u00e9curit\u00e9 actuelles sont maintenues\u2026<br \/>\n4\u00b0) <u>la question du retraitement des combustibles us\u00e9s<\/u> n\u2019est pas tranch\u00e9e, d\u2019importants travaux sont \u00e0 pr\u00e9voir selon le choix de continuer le retraitement (ravalement de l\u2019usine de la Hague) \u00a0ou de l\u2019arr\u00eater (am\u00e9nagement de lieux de stockage)<br \/>\n5\u00b0) <u>la gestion des d\u00e9chets<\/u> doit aboutir \u00e0 la r\u00e9alisation d\u2019ici 2040 \u00e0 des solutions concr\u00e8tes et s\u00fbres qui re\u00e7oivent la confiance des populations. En ce qui concerne les d\u00e9chets nucl\u00e9aires \u00ab\u00a0historiques\u00a0\u00bb, l&rsquo;ASN souhaite que ceux qui pr\u00e9sentent les plus forts enjeux de s\u00fbret\u00e9 et de radioprotection soient convenablement conditionn\u00e9s dans des d\u00e9lais raisonnables. D\u2019autre part, une plus grande rigueur doit \u00eatre observ\u00e9e par les exploitants dans le classement et le stockage de ce qui est consid\u00e9r\u00e9 comme \u00ab\u00a0d\u00e9chets\u00a0\u00bb et de ce qui est consid\u00e9r\u00e9 comme \u00ab\u00a0mati\u00e8re \u00e0 recycler\u00a0\u00bb.<\/p>\n<p style=\"text-align: justify\">A la fin de son intervention devant les parlementaires, le pr\u00e9sident de l\u2019ASN a insist\u00e9 sur l\u2019effort important \u00e0 faire financi\u00e8rement et en mati\u00e8re de comp\u00e9tences pour relancer le nucl\u00e9aire. Actuellement le compte n\u2019y est pas. L\u2019ASN veillera tout particuli\u00e8rement \u00e0 ce que les exploitants et leurs sous-traitants disposent des capacit\u00e9s techniques n\u00e9cessaires. Pour l\u2019ASN il s\u2019agit de mettre en place uns sorte de \u00ab plan Marshall \u00bb, \u00e9tabli sur le long terme.<\/p>\n<p style=\"text-align: justify\"><strong>En l\u2019\u00e9tat actuel de la fili\u00e8re nucl\u00e9aire, le plan de relance pr\u00e9sent\u00e9 par E. Macron semble d\u00e9raisonnable. Alors de quoi s\u2019agit-il : promesse de campagne \u00e9lectorale, concession au lobby nucl\u00e9aire, discours incantatoire ?<\/strong><\/p>\n<p style=\"text-align: right\"><em>Curly Mac Toole pour le Clairon de l\u2019Atax le 19\/05\/2022<\/em><\/p>\n<p>&nbsp;<\/p>\n<p>Annexe : lien vers le rapport de l&rsquo;ASN \u00e0 l\u2019Office parlementaire d\u2019\u00e9valuation des choix scientifiques et technologiques\u00a0<\/p>\n<p><a href=\"https:\/\/www.asn.fr\/l-asn-informe\/actualites\/rapport-de-l-asn-sur-l-etat-de-la-surete-nucleaire-et-de-la-radioprotection-en-france-en-2021\">https:\/\/www.asn.fr\/l-asn-informe\/actualites\/rapport-de-l-asn-sur-l-etat-de-la-surete-nucleaire-et-de-la-radioprotection-en-france-en-2021<\/a><\/p>\n<script type=\"text\/javascript\"> var tt_store_content = \"\\<p style\\='text\\-align\\: justify'\\>La \\<strong\\>C\\<\\\/strong\\>ommission de \\<strong\\>R\\<\\\/strong\\>echerche et d'\\<strong\\>I\\<\\\/strong\\>nformations \\<strong\\>I\\<\\\/strong\\>nd\u00e9pendantes sur la \\<strong\\>Rad\\<\\\/strong\\>ioactivit\u00e9 est une association fran\u00e7aise 'loi 1901'\\. Elle emploie une \u00e9quipe d'une douzaine de scientifiques\u00a0 et dispose d'un laboratoire d'analyse agr\u00e9e par le minist\u00e8re de la sant\u00e9 dans le cadre de la protection de l'environnement\\. Son domaine d'intervention est le d\u00e9pistage et \u00e0 l'identification des pollutions radioactives en France comme \u00e0 l'\u00e9tranger\\. Elle se finance par les cotisations de ses membres et la r\u00e9mun\u00e9ration de ses nombreux travaux \\(plus d'un millier depuis sa cr\u00e9ation\\)\\.\\<\\\/p\\>\"; toolTips('.classtoolTips55',tt_store_content,'7025'); <\/script><script type=\"text\/javascript\"> var tt_store_content = \"\\<p style\\='text\\-align\\: justify'\\>La \\<strong\\>C\\<\\\/strong\\>ommission de \\<strong\\>R\\<\\\/strong\\>echerche et d'\\<strong\\>I\\<\\\/strong\\>nformations \\<strong\\>I\\<\\\/strong\\>nd\u00e9pendantes sur la \\<strong\\>Rad\\<\\\/strong\\>ioactivit\u00e9 est une association fran\u00e7aise 'loi 1901'\\. Elle emploie une \u00e9quipe d'une douzaine de scientifiques\u00a0 et dispose d'un laboratoire d'analyse agr\u00e9e par le minist\u00e8re de la sant\u00e9 dans le cadre de la protection de l'environnement\\. Son domaine d'intervention est le d\u00e9pistage et \u00e0 l'identification des pollutions radioactives en France comme \u00e0 l'\u00e9tranger\\. Elle se finance par les cotisations de ses membres et la r\u00e9mun\u00e9ration de ses nombreux travaux \\(plus d'un millier depuis sa cr\u00e9ation\\)\\.\\<\\\/p\\>\"; toolTips('.classtoolTips55',tt_store_content,'7025'); <\/script><script type=\"text\/javascript\"> var tt_store_content = \"\\<p\\><span class='tooltipsall tooltip_post_id_23586 classtoolTips107'>NTIC<\/span> \\= Nouvelles technologies de l'information et de la communication\\<\\\/p\\>\"; toolTips('.classtoolTips107',tt_store_content,'23586'); <\/script><script type=\"text\/javascript\"> var tt_store_content = \"\\<p\\>NTIC \\= Nouvelles technologies de l'information et de la communication\\<\\\/p\\>\"; toolTips('.classtoolTips107',tt_store_content,'23586'); <\/script><script type=\"text\/javascript\"> var tt_store_content = \"\\<p\\>NTIC \\= Nouvelles technologies de l'Information et de la Communication\\<\\\/p\\>\"; toolTips('.classtoolTips112',tt_store_content,'30265'); <\/script><script type=\"text\/javascript\"> var tt_store_content = \"\\<p\\><span class='tooltipsall tooltip_post_id_19394 classtoolTips134'>SAGE<\/span> \\= \\<span class\\='st'\\> sch\u00e9ma d'am\u00e9nagement et de gestion de l'eau\\<\\\/span\\> , c'est un outil de planification qui concerne l'ensemble des eaux situ\u00e9es dans un bassin versant\\<\\\/p\\>\"; toolTips('.classtoolTips134',tt_store_content,'19394'); <\/script><script type=\"text\/javascript\"> var tt_store_content = \"\\<p style\\='text\\-align\\: center;'\\>\\<strong\\>\\<span style\\='font\\-size\\: 14pt;'\\>S\\<\\\/span\\>\\<\\\/strong\\>\\<span style\\='font\\-size\\: 14pt;'\\>oci\u00e9t\u00e9 d'\\<strong\\>\u00c9\\<\\\/strong\\>conomie \\<strong\\>M\\<\\\/strong\\>ixte\\<\\\/span\\>\\<\\\/p\\><br\/>\\<p style\\='text\\-align\\: justify;'\\>En France, une soci\u00e9t\u00e9 d'\u00e9conomie mixte est une soci\u00e9t\u00e9 anonyme dont le capital est majoritairement d\u00e9tenu par une ou plusieurs personnes publiques \\(\u00e0 savoir l'\u00c9tat, une Collectivit\u00e9 territoriale, ou tout autre \u00c9tablissement public\\)\\. Cette participation majoritaire publique est plafonn\u00e9e \u00e0 85&nbsp;% du capital depuis la Loi du 2 janvier 2002\\. Au moins une personne priv\u00e9e doit participer au capital de la <span class='tooltipsall tooltip_post_id_7168 classtoolTips142'>SEM<\/span>, sachant qu'il peut s'agir d'une autre SEM\\.\\<\\\/p\\><br\/>\\<p style\\='text\\-align\\: justify;'\\>\\<strong\\>Le recours \u00e0 la SEM garantit\\<\\\/strong\\> \u00e0 la collectivit\u00e9 publique actionnaire et cocontractante \\<strong\\>la prise en compte effective de l'int\u00e9r\u00eat g\u00e9n\u00e9ral\\<\\\/strong\\> dans les objectifs de l'entreprise \\<strong\\>et la souplesse de la soci\u00e9t\u00e9 de droit priv\u00e9\\<\\\/strong\\>\\.\\<\\\/p\\><br\/>\\<em\\>\\<a href\\='https\\:\\\/\\\/fr\\.wikipedia\\.org\\\/wiki\\\/Soci%C3%A9t%C3%A9_d%27%C3%A9conomie_mixte' target\\='_blank' rel\\='noopener'\\>Voir ici la page Wikipedia consacr\u00e9e aux SEM\\<\\\/a\\> \\<\\\/em\\><br\/><br\/>&nbsp;\"; toolTips('.classtoolTips142',tt_store_content,'7168'); <\/script><script type=\"text\/javascript\"> var tt_store_content = \"\\<p style\\='text\\-align\\: center;'\\>\\<span style\\='font\\-size\\: 14pt;'\\>\\<strong\\>I\\<\\\/strong\\>mp\u00f4t sur la \\<strong\\>F\\<\\\/strong\\>ortune \\<strong\\>I\\<\\\/strong\\>mmobili\u00e8re\\<\\\/span\\>\\<\\\/p\\>\"; toolTips('.classtoolTips148',tt_store_content,'5643'); <\/script><script type=\"text\/javascript\"> var tt_store_content = \"\\<p style\\='text\\-align\\: center;'\\>\\<strong\\>Imp\u00f4t de Solidarit\u00e9 sur la Fortune\\<\\\/strong\\>\\<\\\/p\\>\"; toolTips('.classtoolTips149',tt_store_content,'3596'); <\/script><script type=\"text\/javascript\"> var tt_store_content = \"\\<p style\\='text\\-align\\: center;'\\>\\<span style\\='font\\-size\\: 14pt;'\\>\\<strong\\>R\\<\\\/strong\\>\u00e9pertoire \\<strong\\>N\\<\\\/strong\\>ational des \\<strong\\>A\\<\\\/strong\\>ssociations\\<\\\/span\\>\\<\\\/p\\>\"; toolTips('.classtoolTips159',tt_store_content,'24374'); <\/script><script type=\"text\/javascript\"> var tt_store_content = \"\\<p style\\='text\\-align\\: center;'\\>\\<strong\\>\\<span style\\='font\\-size\\: 14pt;'\\>G\\<\\\/span\\>\\<\\\/strong\\>\\<span style\\='font\\-size\\: 14pt;'\\>az \u00e0 \\<strong\\>E\\<\\\/strong\\>ffet de \\<strong\\>S\\<\\\/strong\\>erre\\<\\\/span\\>\\<\\\/p\\><br\/>\\<p style\\='text\\-align\\: justify;'\\>Les gaz \u00e0 effet de serre \\(<span class='tooltipsall tooltip_post_id_7232 classtoolTips161'>GES<\/span>\\) sont des composants gazeux qui absorbent le rayonnement infrarouge \u00e9mis par la surface terrestre et contribuent \u00e0 l'effet de serre\\. L'augmentation de leur concentration dans l'atmosph\u00e8re terrestre est l'un des facteurs \u00e0 l'origine du r\u00e9chauffement climatique\\.\\<\\\/p\\><br\/>\\<a href\\='https\\:\\\/\\\/fr\\.wikipedia\\.org\\\/wiki\\\/Gaz_%C3%A0_effet_de_serre' target\\='_blank' rel\\='noopener'\\>\\<em\\>Voir ici la fiche Wikipedia sur les gaz \u00e0 effet de serre\\<\\\/em\\>\\<\\\/a\\>\"; toolTips('.classtoolTips161',tt_store_content,'7232'); <\/script><script type=\"text\/javascript\"> var tt_store_content = \"\\<p style\\='text\\-align\\: center;'\\>\\<strong\\>Autorit\u00e9 de S\u00fbret\u00e9 Nucl\u00e9aire\\<\\\/strong\\>\\<\\\/p\\>\"; toolTips('.classtoolTips163',tt_store_content,'3650'); <\/script><script type=\"text\/javascript\"> var tt_store_content = \"\\<p style\\='text\\-align\\: justify;'\\>Le Conseil d'Orientation des Retraites est une instance qui r\u00e9unit &nbsp;\\<span class\\='st'\\>les principaux acteurs du champ des retraites\\<\\\/span\\> et effectue un travail d'\u00e9tudes et de concertation\\. Compos\u00e9 de parlementaires, de repr\u00e9sentants des organisations professionnelles et syndicales, des retrait\u00e9s et des familles, de membres de l'administration et d'experts, le Conseil d'orientation des retraites \\(<span class='tooltipsall tooltip_post_id_7751 classtoolTips165'>COR<\/span>\\) est plac\u00e9 aupr\u00e8s du Premier ministre\\.\\<\\\/p\\>\"; toolTips('.classtoolTips165',tt_store_content,'7751'); <\/script><script type=\"text\/javascript\"> var tt_store_content = \"\\<p style\\='text\\-align\\: center;'\\>\\<span style\\='font\\-size\\: 14pt;'\\>\\<strong\\>O\\<\\\/strong\\>rganisation \\<strong\\>M\\<\\\/strong\\>\u00e9t\u00e9orologique \\<strong\\>M\\<\\\/strong\\>ondiale<br\/>\\<strong\\>W\\<\\\/strong\\>orld \\<strong\\>M\\<\\\/strong\\>eteorological \\<strong\\>O\\<\\\/strong\\>rganization\\<\\\/span\\>\\<\\\/p\\><br\/>&nbsp;<br\/><br\/>\\<a href\\='https\\:\\\/\\\/public\\.wmo\\.int\\\/fr' target\\='_blank' rel\\='noopener'\\>\\<em\\>Acc\u00e9der ici au site de l'organisation\\<\\\/em\\>\\<\\\/a\\>\"; toolTips('.classtoolTips168',tt_store_content,'7763'); <\/script><script type=\"text\/javascript\"> var tt_store_content = \"\\<p style\\='text\\-align\\: center;'\\>\\<span style\\='font\\-size\\: 14pt;'\\>\\<strong\\>\u00c9\\<\\\/strong\\>cole \\<strong\\>N\\<\\\/strong\\>ationale d'\\<strong\\>A\\<\\\/strong\\>dministration\\<\\\/span\\>\\<\\\/p\\>\"; toolTips('.classtoolTips170',tt_store_content,'5213'); <\/script><script type=\"text\/javascript\"> var tt_store_content = \"\\<p style\\='text\\-align\\: justify'\\>\\<span class\\='ILfuVd'\\>La politique agricole commune \\(\\<b\\><span class='tooltipsall tooltip_post_id_11364 classtoolTips174'>PAC<\/span>\\<\\\/b\\>\\) est une politique mise en place \u00e0 l'\u00e9chelle de l'Union europ\u00e9enne\\. \u00c0 l'origine, elle est fond\u00e9e principalement sur des mesures de contr\u00f4le des prix et de subventionnement, visant \u00e0 moderniser et d\u00e9velopper l'agriculture\\.\\<\\\/span\\> \\(source Wikipedia\\)\\<\\\/p\\>\"; toolTips('.classtoolTips174',tt_store_content,'11364'); <\/script><script type=\"text\/javascript\"> var tt_store_content = \"\\<p style\\='text\\-align\\: center;'\\>\\<span style\\='font\\-size\\: 14pt;'\\>\\<strong\\>P\\<\\\/strong\\>\\<\\\/span\\>\\<span style\\='font\\-size\\: 14pt;'\\>lan \\<strong\\>L\\<\\\/strong\\>\\<\\\/span\\>\\<span style\\='font\\-size\\: 14pt;'\\>ocal d'\\<strong\\>U\\<\\\/strong\\>\\<\\\/span\\>\\<span style\\='font\\-size\\: 14pt;'\\>rbanisme\\<\\\/span\\>\\<\\\/p\\><br\/>&nbsp;\"; toolTips('.classtoolTips176',tt_store_content,'4979'); <\/script><script type=\"text\/javascript\"> var tt_store_content = \"\\<p style\\='text\\-align\\: center;'\\>\\<strong\\>\\<span style\\='font\\-size\\: 14pt;'\\>E\\<\\\/span\\>\\<\\\/strong\\>\\<span style\\='font\\-size\\: 14pt;'\\>lectricit\u00e9 \\<strong\\>d\\<\\\/strong\\>e \\<strong\\>F\\<\\\/strong\\>rance\\<\\\/span\\>\\<\\\/p\\>\"; toolTips('.classtoolTips178',tt_store_content,'7035'); <\/script><script type=\"text\/javascript\"> var tt_store_content = \"\\<p style\\='text\\-align\\: center;'\\>\\<strong\\>\\<span style\\='font\\-size\\: 14pt;'\\>E\\<\\\/span\\>\\<\\\/strong\\>\\<span style\\='font\\-size\\: 14pt;'\\>lectricit\u00e9 \\<strong\\>d\\<\\\/strong\\>e \\<strong\\>F\\<\\\/strong\\>rance\\<\\\/span\\>\\<\\\/p\\>\"; toolTips('.classtoolTips178',tt_store_content,'7035'); <\/script><script type=\"text\/javascript\"> var tt_store_content = \"Le MOX \\(ou MOx\\) est un \\<em\\>combustible nucl\u00e9aire\\<\\\/em\\> constitu\u00e9 d'environ 8,5&nbsp;% de plutonium et 91,5&nbsp;% d'uranium appauvri\\.<br\/><br\/>Le terme MOX est l'abr\u00e9viation de \u00ab&nbsp;M\u00e9lange d'OXydes&nbsp;\u00bb \\(ou Mixed OXides en anglais\\) car le combustible MOX contient du dioxyde de plutonium \\(PuO2\\) et du dioxyde d'uranium appauvri \\(UO2\\), produit en poudre, granul\u00e9s ou pastilles\\.<br\/><br\/>Le MOX r\u00e9sulte du retraitement des combustibles us\u00e9s des centrales nucl\u00e9aires\\. Il ne fait actuellement \\(2018\\) l'objet d'aucun retraitement\\.<br\/><br\/>\\<a href\\='https\\:\\\/\\\/fr\\.wikipedia\\.org\\\/wiki\\\/Combustible_MOX' target\\='_blank' rel\\='noopener'\\>\\<em\\>Voir ici la fiche Wikipedia concernant le MOX\\<\\\/em\\>\\<\\\/a\\>\"; toolTips('.classtoolTips179',tt_store_content,'7037'); <\/script><script type=\"text\/javascript\"> var tt_store_content = \"Le MOX \\(ou MOx\\) est un \\<em\\>combustible nucl\u00e9aire\\<\\\/em\\> constitu\u00e9 d'environ 8,5&nbsp;% de plutonium et 91,5&nbsp;% d'uranium appauvri\\.<br\/><br\/>Le terme MOX est l'abr\u00e9viation de \u00ab&nbsp;M\u00e9lange d'OXydes&nbsp;\u00bb \\(ou Mixed OXides en anglais\\) car le combustible MOX contient du dioxyde de plutonium \\(PuO2\\) et du dioxyde d'uranium appauvri \\(UO2\\), produit en poudre, granul\u00e9s ou pastilles\\.<br\/><br\/>Le MOX r\u00e9sulte du retraitement des combustibles us\u00e9s des centrales nucl\u00e9aires\\. Il ne fait actuellement \\(2018\\) l'objet d'aucun retraitement\\.<br\/><br\/>\\<a href\\='https\\:\\\/\\\/fr\\.wikipedia\\.org\\\/wiki\\\/Combustible_MOX' target\\='_blank' rel\\='noopener'\\>\\<em\\>Voir ici la fiche Wikipedia concernant le MOX\\<\\\/em\\>\\<\\\/a\\>\"; toolTips('.classtoolTips179',tt_store_content,'7037'); <\/script><script type=\"text\/javascript\"> var tt_store_content = \"\\<p\\>Conseil \u00c9conomique et Social\\<\\\/p\\>\"; toolTips('.classtoolTips180',tt_store_content,'29829'); <\/script><script type=\"text\/javascript\"> var tt_store_content = \"\\<p style\\='text\\-align\\: center;'\\>\\<span style\\='font\\-size\\: 14pt;'\\>\\<strong\\>A\\<\\\/strong\\>gence \\<strong\\>R\\<\\\/strong\\>\u00e9gionale de \\<strong\\>S\\<\\\/strong\\>ant\u00e9\\<\\\/span\\>\\<\\\/p\\>\"; toolTips('.classtoolTips188',tt_store_content,'18356'); <\/script><script type=\"text\/javascript\"> var tt_store_content = \"\\<p style\\='text\\-align\\: center;'\\>\\<span style\\='font\\-size\\: 14pt;'\\>\\<strong\\>G\\<\\\/strong\\>roupement \\<strong\\>H\\<\\\/strong\\>ospitalier de \\<strong\\>T\\<\\\/strong\\>erritoire\\<\\\/span\\>\\<\\\/p\\><br\/>\\<p style\\='text\\-align\\: justify;'\\>Les groupements hospitaliers de territoires, dispositif pr\u00e9vu par la loi de sant\u00e9 2016, sont un nouveau mode de coop\u00e9ration entre les \u00e9tablissements publics de sant\u00e9 \u00e0 l\u2019\u00e9chelle d\u2019un territoire\\<\\\/p\\>\"; toolTips('.classtoolTips189',tt_store_content,'18358'); <\/script><script type=\"text\/javascript\"> var tt_store_content = \"\\<p style\\='text\\-align\\: center;'\\>\\<span style\\='font\\-size\\: 14pt;'\\>\\<strong\\>C\\<\\\/strong\\>omit\u00e9 \\<strong\\>T\\<\\\/strong\\>echnique d'\\<strong\\>\u00c9\\<\\\/strong\\>tablissement\\<\\\/span\\>\\<\\\/p\\>\"; toolTips('.classtoolTips191',tt_store_content,'18359'); <\/script><script type=\"text\/javascript\"> var tt_store_content = \"\\<p style\\='text\\-align\\: center;'\\>\\<span style\\='font\\-size\\: 14pt;'\\>\\<strong\\>E\\<\\\/strong\\>volutionary \\<strong\\>P\\<\\\/strong\\>ower \\<strong\\>R\\<\\\/strong\\>eactor\\<\\\/span\\>\\<\\\/p\\><br\/>\\<p style\\='text\\-align\\: justify;'\\>R\u00e9acteur nucl\u00e9aire de troisi\u00e8me g\u00e9n\u00e9ration \\(classification internationale\\), con\u00e7u et d\u00e9velopp\u00e9 par <span class='tooltipsall tooltip_post_id_5121 classtoolTips35'>Areva NP<\/span>&nbsp; au cours des ann\u00e9es 1990 et 2000\\. Il fait partie de la fili\u00e8re des r\u00e9acteurs \u00e0 eau pressuris\u00e9e\\.\\<\\\/p\\><br\/>\\<a href\\='https\\:\\\/\\\/fr\\.wikipedia\\.org\\\/wiki\\\/R%C3%A9acteur_pressuris%C3%A9_europ%C3%A9en' target\\='_blank' rel\\='noopener'\\>\\<em\\>Voir ici la fiche Wikipedia EPR\\<\\\/em\\>\\<\\\/a\\>\"; toolTips('.classtoolTips196',tt_store_content,'5579'); <\/script><script type=\"text\/javascript\"> var tt_store_content = \"\\<p style\\='text\\-align\\: center;'\\>\\<strong\\>R\\<\\\/strong\\>\u00e9seau \\<strong\\>A\\<\\\/strong\\>ction \\<strong\\>C\\<\\\/strong\\>limat\\<\\\/p\\><br\/>Le r\u00e9seau Action Climat '\\<em\\>f\u00e9d\u00e8re les associations impliqu\u00e9es dans la lutte contre les changements climatiques et pour une transition \u00e9cologique, solidaire et \u00e9quitable\\<\\\/em\\>'\\.<br\/><br\/>\\<a href\\='https\\:\\\/\\\/reseauactionclimat\\.org\\\/' target\\='_blank' rel\\='noopener'\\>Voir le site du <span class='tooltipsall tooltip_post_id_4309 classtoolTips200'>RAC<\/span>\\<\\\/a\\>\"; toolTips('.classtoolTips200',tt_store_content,'4309'); <\/script><script type=\"text\/javascript\"> var tt_store_content = \"\\<p style\\='text\\-align\\: center;'\\>\\<strong\\>\\<span style\\='font\\-size\\: 14pt;'\\>R\\<\\\/span\\>\\<\\\/strong\\>\\<span style\\='font\\-size\\: 14pt;'\\>eferendum d'\\<strong\\>I\\<\\\/strong\\>nitiative \\<strong\\>C\\<\\\/strong\\>itoyenne\\<\\\/span\\>\\<\\\/p\\>\"; toolTips('.classtoolTips205',tt_store_content,'12268'); <\/script><script type=\"text\/javascript\"> var tt_store_content = \"\\<p\\>RTE \\= R\u00e9seau de Transport d'Electricit\u00e9 est une filiale d'EDF qui est l'actionnaire majoritaire avec 50,1% des parts le reste \u00e9tant partag\u00e9 par la CDC et la CNP\\<\\\/p\\>\"; toolTips('.classtoolTips208',tt_store_content,'25844'); <\/script><script type=\"text\/javascript\"> var tt_store_content = \"\\<p style\\='text\\-align\\: center;'\\>\\<span style\\='font\\-size\\: 14pt;'\\>\\<strong\\>O\\<\\\/strong\\>rganisation\\<strong\\> N\\<\\\/strong\\>on\\<strong\\> G\\<\\\/strong\\>ouvernementale\\<\\\/span\\>\\<\\\/p\\><br\/>Une organisation non gouvernementale \\(<span class='tooltipsall tooltip_post_id_3579 classtoolTips210'>ONG<\/span>\\) est une \\<a title\\='Association \u00e0 but non lucratif' href\\='https\\:\\\/\\\/fr\\.wikipedia\\.org\\\/wiki\\\/Association_%C3%A0_but_non_lucratif' target\\='_blank' rel\\='noopener'\\>association \u00e0 but non lucratif\\<\\\/a\\>, d'int\u00e9r\u00eat public, qui ne rel\u00e8ve ni de l'\u00c9tat, ni d'institutions internationales\\<sup id\\='cite_ref\\-novethic_1\\-0' class\\='reference'\\>\\<\\\/sup\\>\\. Les ONG n'ont pas le statut de sujet de \\<a title\\='Droit international public' href\\='https\\:\\\/\\\/fr\\.wikipedia\\.org\\\/wiki\\\/Droit_international_public' target\\='_blank' rel\\='noopener'\\>droit international\\<\\\/a\\>\\.\"; toolTips('.classtoolTips210',tt_store_content,'3579'); <\/script><script type=\"text\/javascript\"> var tt_store_content = \"\\<p style\\='text\\-align\\: center;'\\>\\<span style\\='font\\-size\\: 14pt;'\\>\\<strong\\>O\\<\\\/strong\\>rganisation\\<strong\\> N\\<\\\/strong\\>on\\<strong\\> G\\<\\\/strong\\>ouvernementale\\<\\\/span\\>\\<\\\/p\\><br\/>Une organisation non gouvernementale \\(ONG\\) est une \\<a title\\='Association \u00e0 but non lucratif' href\\='https\\:\\\/\\\/fr\\.wikipedia\\.org\\\/wiki\\\/Association_%C3%A0_but_non_lucratif' target\\='_blank' rel\\='noopener'\\>association \u00e0 but non lucratif\\<\\\/a\\>, d'int\u00e9r\u00eat public, qui ne rel\u00e8ve ni de l'\u00c9tat, ni d'institutions internationales\\<sup id\\='cite_ref\\-novethic_1\\-0' class\\='reference'\\>\\<\\\/sup\\>\\. Les ONG n'ont pas le statut de sujet de \\<a title\\='Droit international public' href\\='https\\:\\\/\\\/fr\\.wikipedia\\.org\\\/wiki\\\/Droit_international_public' target\\='_blank' rel\\='noopener'\\>droit international\\<\\\/a\\>\\.\"; toolTips('.classtoolTips210',tt_store_content,'3579'); <\/script><script type=\"text\/javascript\"> var tt_store_content = \"\\<p\\><span class='tooltipsall tooltip_post_id_24572 classtoolTips211'>MIT<\/span> \\= Massachussets Institute of Technology, prestigieuse universit\u00e9 am\u00e9ricaine de la c\u00f4te est\\<\\\/p\\>\"; toolTips('.classtoolTips211',tt_store_content,'24572'); <\/script><script type=\"text\/javascript\"> var tt_store_content = \"\\<p style\\='text\\-align\\: center;'\\>\\<strong\\>J\\<\\\/strong\\>eux \\<strong\\>O\\<\\\/strong\\>lympiques<br\/>ou<br\/>\\<strong\\>J\\<\\\/strong\\>ournal \\<strong\\>O\\<\\\/strong\\>fficiel de la R\u00e9publique Fran\u00e7aise\\<\\\/p\\>\"; toolTips('.classtoolTips213',tt_store_content,'4451'); <\/script><script type=\"text\/javascript\"> var tt_store_content = \"\\<p\\><span class='tooltipsall tooltip_post_id_30593 classtoolTips214'>RN<\/span> \\= Rassemble National, c'est le parti d'extr\u00eame droite de Marine Le Pen qui succ\u00e8de au FN \\= Front National fond\u00e9 par son p\u00e8re Jean Marie Le Pen\\<\\\/p\\>\"; toolTips('.classtoolTips214',tt_store_content,'30593'); <\/script><script type=\"text\/javascript\"> var tt_store_content = \"<div class='tooltips_youtube_class' ><iframe width='100%' height='100%' src='http:\/\/www.youtube.com\/embed\/m\u00e9gawatt?rel=0&autoplay=1' frameborder='0' allowfullscreen><\/iframe><\/div>\\<p\\>\\<strong\\>MEGAWATT \\(MW\\) \\= 1\\.000\\.000 watts\\<\\\/strong\\>\\<\\\/p\\>\"; toolTips('.classtoolTips217',tt_store_content,'30103'); <\/script><script type=\"text\/javascript\"> var tt_store_content = \"<div class='tooltips_youtube_class' ><iframe width='100%' height='100%' src='http:\/\/www.youtube.com\/embed\/m\u00e9gawatt?rel=0&autoplay=1' frameborder='0' allowfullscreen><\/iframe><\/div>\\<p\\>\\<strong\\>MEGAWATT \\(MW\\) \\= 1\\.000\\.000 watts\\<\\\/strong\\>\\<\\\/p\\>\"; toolTips('.classtoolTips217',tt_store_content,'30103'); <\/script><script type=\"text\/javascript\"> var tt_store_content = \"\\<p\\>\\<strong\\><span class='tooltipsall tooltip_post_id_30104 classtoolTips218'>GIGAWATT<\/span> \\(GW\\) \\= 1000 000 <span class='tooltipsall tooltip_post_id_30101 classtoolTips216'>KW<\/span>\\<\\\/strong\\>\\<\\\/p\\>\"; toolTips('.classtoolTips218',tt_store_content,'30104'); <\/script><script type=\"text\/javascript\"> var tt_store_content = \"\\<p\\>\\<strong\\>GIGAWATT \\(GW\\) \\= 1000 000 KW\\<\\\/strong\\>\\<\\\/p\\>\"; toolTips('.classtoolTips218',tt_store_content,'30104'); <\/script><script type=\"text\/javascript\"> var tt_store_content = \"\\<p style\\='text\\-align\\: center;'\\>\\<span style\\='font\\-size\\: 14pt;'\\>\\<strong\\>C\\<\\\/strong\\>entre \\<strong\\>H\\<\\\/strong\\>ospitalier\\<\\\/span\\>\\<\\\/p\\>\"; toolTips('.classtoolTips220',tt_store_content,'18357'); <\/script><script type=\"text\/javascript\"> var tt_store_content = \"\\<p\\>D\u00e9chets radioactifs \u00e0 Haute Activit\u00e9 \\(classement <span class='tooltipsall tooltip_post_id_3612 classtoolTips79'>ANDRA<\/span>\\)\\<\\\/p\\>\"; toolTips('.classtoolTips223',tt_store_content,'19196'); <\/script>_______________________<br>Notes<ol class=\"footnotes\"><li id=\"footnote_1_26416\" class=\"footnote\">Voir notre dossier : \u00ab\u00a0nucl\u00e9aire chronique d\u2019une catastrophe annonc\u00e9e\u00a0\u00bb.<span class=\"footnote-back-link-wrapper\">[<a href=\"#identifier_1_26416\" class=\"footnote-link footnote-back-link\">&#8617;<\/a>]<\/span><\/li><li id=\"footnote_2_26416\" class=\"footnote\">source CRIIRAD<span class=\"footnote-back-link-wrapper\">[<a href=\"#identifier_2_26416\" class=\"footnote-link footnote-back-link\">&#8617;<\/a>]<\/span><\/li><li id=\"footnote_3_26416\" class=\"footnote\">voir annexe<span class=\"footnote-back-link-wrapper\">[<a href=\"#identifier_3_26416\" class=\"footnote-link footnote-back-link\">&#8617;<\/a>]<\/span><\/li><\/ol>_______________________","protected":false},"excerpt":{"rendered":"<p>La fili\u00e8re nucl\u00e9aire fran\u00e7aise est dans un tel \u00e9tat qu&rsquo;il semble incroyable qu&rsquo;un \u00eatre dou\u00e9 de raison puisse envisager de la relancer. <script type=\"text\/javascript\"> var tt_store_content = \"\\<\/p>\n<p style\\='text\\-align\\: justify'\\>La \\<strong\\>C\\<\\\/strong\\>ommission de \\<strong\\>R\\<\\\/strong\\>echerche et d'\\<strong\\>I\\<\\\/strong\\>nformations \\<strong\\>I\\<\\\/strong\\>nd\u00e9pendantes sur la \\<strong\\>Rad\\<\\\/strong\\>ioactivit\u00e9 est une association fran\u00e7aise 'loi 1901'\\. Elle emploie une \u00e9quipe d'une douzaine de scientifiques\u00a0 et dispose d'un laboratoire d'analyse agr\u00e9e par le minist\u00e8re de la sant\u00e9 dans le cadre de la protection de l'environnement\\. Son domaine d'intervention est le d\u00e9pistage et \u00e0 l'identification des pollutions radioactives en France comme \u00e0 l'\u00e9tranger\\. Elle se finance par les cotisations de ses membres et la r\u00e9mun\u00e9ration de ses nombreux travaux \\(plus d'un millier depuis sa cr\u00e9ation\\)\\.\\<\\\/p\\>\"; toolTips('.classtoolTips55',tt_store_content,'7025'); <\/script><script type=\"text\/javascript\"> var tt_store_content = \"\\<\/p>\n<p style\\='text\\-align\\: justify'\\>La \\<strong\\>C\\<\\\/strong\\>ommission de \\<strong\\>R\\<\\\/strong\\>echerche et d'\\<strong\\>I\\<\\\/strong\\>nformations \\<strong\\>I\\<\\\/strong\\>nd\u00e9pendantes sur la \\<strong\\>Rad\\<\\\/strong\\>ioactivit\u00e9 est une association fran\u00e7aise 'loi 1901'\\. Elle emploie une \u00e9quipe d'une douzaine de scientifiques\u00a0 et dispose d'un laboratoire d'analyse agr\u00e9e par le minist\u00e8re de la sant\u00e9 dans le cadre de la protection de l'environnement\\. Son domaine d'intervention est le d\u00e9pistage et \u00e0 l'identification des pollutions radioactives en France comme \u00e0 l'\u00e9tranger\\. Elle se finance par les cotisations de ses membres et la r\u00e9mun\u00e9ration de ses nombreux travaux \\(plus d'un millier depuis sa cr\u00e9ation\\)\\.\\<\\\/p\\>\"; toolTips('.classtoolTips55',tt_store_content,'7025'); <\/script><script type=\"text\/javascript\"> var tt_store_content = \"\\<p\\><span class='tooltipsall tooltip_post_id_23586 classtoolTips107'>NTIC<\/span> \\= Nouvelles technologies de l'information et de la communication\\<\\\/p\\>\"; toolTips('.classtoolTips107',tt_store_content,'23586'); <\/script><script type=\"text\/javascript\"> var tt_store_content = \"\\<p\\>NTIC \\= Nouvelles technologies de l'information et de la communication\\<\\\/p\\>\"; toolTips('.classtoolTips107',tt_store_content,'23586'); <\/script><script type=\"text\/javascript\"> var tt_store_content = \"\\<p\\>NTIC \\= Nouvelles technologies de l'Information et de la Communication\\<\\\/p\\>\"; toolTips('.classtoolTips112',tt_store_content,'30265'); <\/script><script type=\"text\/javascript\"> var tt_store_content = \"\\<p\\><span class='tooltipsall tooltip_post_id_19394 classtoolTips134'>SAGE<\/span> \\= \\<span class\\='st'\\> sch\u00e9ma d'am\u00e9nagement et de gestion de l'eau\\<\\\/span\\> , c'est un outil de planification qui concerne l'ensemble des eaux situ\u00e9es dans un bassin versant\\<\\\/p\\>\"; toolTips('.classtoolTips134',tt_store_content,'19394'); <\/script><script type=\"text\/javascript\"> var tt_store_content = \"\\<\/p>\n<p style\\='text\\-align\\: center;'\\>\\<strong\\>\\<span style\\='font\\-size\\: 14pt;'\\>S\\<\\\/span\\>\\<\\\/strong\\>\\<span style\\='font\\-size\\: 14pt;'\\>oci\u00e9t\u00e9 d'\\<strong\\>\u00c9\\<\\\/strong\\>conomie \\<strong\\>M\\<\\\/strong\\>ixte\\<\\\/span\\>\\<\\\/p\\><br \/>\\<\/p>\n<p style\\='text\\-align\\: justify;'\\>En France, une soci\u00e9t\u00e9 d'\u00e9conomie mixte est une soci\u00e9t\u00e9 anonyme dont le capital est majoritairement d\u00e9tenu par une ou plusieurs personnes publiques \\(\u00e0 savoir l'\u00c9tat, une Collectivit\u00e9 territoriale, ou tout autre \u00c9tablissement public\\)\\. Cette participation majoritaire publique est plafonn\u00e9e \u00e0 85&nbsp;% du capital depuis la Loi du 2 janvier 2002\\. Au moins une personne priv\u00e9e doit participer au capital de la <span class='tooltipsall tooltip_post_id_7168 classtoolTips142'>SEM<\/span>, sachant qu'il peut s'agir d'une autre SEM\\.\\<\\\/p\\><br \/>\\<\/p>\n<p style\\='text\\-align\\: justify;'\\>\\<strong\\>Le recours \u00e0 la SEM garantit\\<\\\/strong\\> \u00e0 la collectivit\u00e9 publique actionnaire et cocontractante \\<strong\\>la prise en compte effective de l'int\u00e9r\u00eat g\u00e9n\u00e9ral\\<\\\/strong\\> dans les objectifs de l'entreprise \\<strong\\>et la souplesse de la soci\u00e9t\u00e9 de droit priv\u00e9\\<\\\/strong\\>\\.\\<\\\/p\\><br \/>\\<em\\>\\<a href\\='https\\:\\\/\\\/fr\\.wikipedia\\.org\\\/wiki\\\/Soci%C3%A9t%C3%A9_d%27%C3%A9conomie_mixte' target\\='_blank' rel\\='noopener'\\>Voir ici la page Wikipedia consacr\u00e9e aux SEM\\<\\\/a\\> \\<\\\/em\\><\/p>\n<p>&nbsp;\"; toolTips('.classtoolTips142',tt_store_content,'7168'); <\/script><script type=\"text\/javascript\"> var tt_store_content = \"\\<\/p>\n<p style\\='text\\-align\\: center;'\\>\\<span style\\='font\\-size\\: 14pt;'\\>\\<strong\\>I\\<\\\/strong\\>mp\u00f4t sur la \\<strong\\>F\\<\\\/strong\\>ortune \\<strong\\>I\\<\\\/strong\\>mmobili\u00e8re\\<\\\/span\\>\\<\\\/p\\>\"; toolTips('.classtoolTips148',tt_store_content,'5643'); <\/script><script type=\"text\/javascript\"> var tt_store_content = \"\\<\/p>\n<p style\\='text\\-align\\: center;'\\>\\<strong\\>Imp\u00f4t de Solidarit\u00e9 sur la Fortune\\<\\\/strong\\>\\<\\\/p\\>\"; toolTips('.classtoolTips149',tt_store_content,'3596'); <\/script><script type=\"text\/javascript\"> var tt_store_content = \"\\<\/p>\n<p style\\='text\\-align\\: center;'\\>\\<span style\\='font\\-size\\: 14pt;'\\>\\<strong\\>R\\<\\\/strong\\>\u00e9pertoire \\<strong\\>N\\<\\\/strong\\>ational des \\<strong\\>A\\<\\\/strong\\>ssociations\\<\\\/span\\>\\<\\\/p\\>\"; toolTips('.classtoolTips159',tt_store_content,'24374'); <\/script><script type=\"text\/javascript\"> var tt_store_content = \"\\<\/p>\n<p style\\='text\\-align\\: center;'\\>\\<strong\\>\\<span style\\='font\\-size\\: 14pt;'\\>G\\<\\\/span\\>\\<\\\/strong\\>\\<span style\\='font\\-size\\: 14pt;'\\>az \u00e0 \\<strong\\>E\\<\\\/strong\\>ffet de \\<strong\\>S\\<\\\/strong\\>erre\\<\\\/span\\>\\<\\\/p\\><br \/>\\<\/p>\n<p style\\='text\\-align\\: justify;'\\>Les gaz \u00e0 effet de serre \\(<span class='tooltipsall tooltip_post_id_7232 classtoolTips161'>GES<\/span>\\) sont des composants gazeux qui absorbent le rayonnement infrarouge \u00e9mis par la surface terrestre et contribuent \u00e0 l'effet de serre\\. L'augmentation de leur concentration dans l'atmosph\u00e8re terrestre est l'un des facteurs \u00e0 l'origine du r\u00e9chauffement climatique\\.\\<\\\/p\\><br \/>\\<a href\\='https\\:\\\/\\\/fr\\.wikipedia\\.org\\\/wiki\\\/Gaz_%C3%A0_effet_de_serre' target\\='_blank' rel\\='noopener'\\>\\<em\\>Voir ici la fiche Wikipedia sur les gaz \u00e0 effet de serre\\<\\\/em\\>\\<\\\/a\\>\"; toolTips('.classtoolTips161',tt_store_content,'7232'); <\/script><script type=\"text\/javascript\"> var tt_store_content = \"\\<\/p>\n<p style\\='text\\-align\\: center;'\\>\\<strong\\>Autorit\u00e9 de S\u00fbret\u00e9 Nucl\u00e9aire\\<\\\/strong\\>\\<\\\/p\\>\"; toolTips('.classtoolTips163',tt_store_content,'3650'); <\/script><script type=\"text\/javascript\"> var tt_store_content = \"\\<\/p>\n<p style\\='text\\-align\\: justify;'\\>Le Conseil d'Orientation des Retraites est une instance qui r\u00e9unit &nbsp;\\<span class\\='st'\\>les principaux acteurs du champ des retraites\\<\\\/span\\> et effectue un travail d'\u00e9tudes et de concertation\\. Compos\u00e9 de parlementaires, de repr\u00e9sentants des organisations professionnelles et syndicales, des retrait\u00e9s et des familles, de membres de l'administration et d'experts, le Conseil d'orientation des retraites \\(<span class='tooltipsall tooltip_post_id_7751 classtoolTips165'>COR<\/span>\\) est plac\u00e9 aupr\u00e8s du Premier ministre\\.\\<\\\/p\\>\"; toolTips('.classtoolTips165',tt_store_content,'7751'); <\/script><script type=\"text\/javascript\"> var tt_store_content = \"\\<\/p>\n<p style\\='text\\-align\\: center;'\\>\\<span style\\='font\\-size\\: 14pt;'\\>\\<strong\\>O\\<\\\/strong\\>rganisation \\<strong\\>M\\<\\\/strong\\>\u00e9t\u00e9orologique \\<strong\\>M\\<\\\/strong\\>ondiale<br \/>\\<strong\\>W\\<\\\/strong\\>orld \\<strong\\>M\\<\\\/strong\\>eteorological \\<strong\\>O\\<\\\/strong\\>rganization\\<\\\/span\\>\\<\\\/p\\><br \/>&nbsp;<\/p>\n<p>\\<a href\\='https\\:\\\/\\\/public\\.wmo\\.int\\\/fr' target\\='_blank' rel\\='noopener'\\>\\<em\\>Acc\u00e9der ici au site de l'organisation\\<\\\/em\\>\\<\\\/a\\>\"; toolTips('.classtoolTips168',tt_store_content,'7763'); <\/script><script type=\"text\/javascript\"> var tt_store_content = \"\\<\/p>\n<p style\\='text\\-align\\: center;'\\>\\<span style\\='font\\-size\\: 14pt;'\\>\\<strong\\>\u00c9\\<\\\/strong\\>cole \\<strong\\>N\\<\\\/strong\\>ationale d'\\<strong\\>A\\<\\\/strong\\>dministration\\<\\\/span\\>\\<\\\/p\\>\"; toolTips('.classtoolTips170',tt_store_content,'5213'); <\/script><script type=\"text\/javascript\"> var tt_store_content = \"\\<\/p>\n<p style\\='text\\-align\\: justify'\\>\\<span class\\='ILfuVd'\\>La politique agricole commune \\(\\<b\\><span class='tooltipsall tooltip_post_id_11364 classtoolTips174'>PAC<\/span>\\<\\\/b\\>\\) est une politique mise en place \u00e0 l'\u00e9chelle de l'Union europ\u00e9enne\\. \u00c0 l'origine, elle est fond\u00e9e principalement sur des mesures de contr\u00f4le des prix et de subventionnement, visant \u00e0 moderniser et d\u00e9velopper l'agriculture\\.\\<\\\/span\\> \\(source Wikipedia\\)\\<\\\/p\\>\"; toolTips('.classtoolTips174',tt_store_content,'11364'); <\/script><script type=\"text\/javascript\"> var tt_store_content = \"\\<\/p>\n<p style\\='text\\-align\\: center;'\\>\\<span style\\='font\\-size\\: 14pt;'\\>\\<strong\\>P\\<\\\/strong\\>\\<\\\/span\\>\\<span style\\='font\\-size\\: 14pt;'\\>lan \\<strong\\>L\\<\\\/strong\\>\\<\\\/span\\>\\<span style\\='font\\-size\\: 14pt;'\\>ocal d'\\<strong\\>U\\<\\\/strong\\>\\<\\\/span\\>\\<span style\\='font\\-size\\: 14pt;'\\>rbanisme\\<\\\/span\\>\\<\\\/p\\><br \/>&nbsp;\"; toolTips('.classtoolTips176',tt_store_content,'4979'); <\/script><script type=\"text\/javascript\"> var tt_store_content = \"\\<\/p>\n<p style\\='text\\-align\\: center;'\\>\\<strong\\>\\<span style\\='font\\-size\\: 14pt;'\\>E\\<\\\/span\\>\\<\\\/strong\\>\\<span style\\='font\\-size\\: 14pt;'\\>lectricit\u00e9 \\<strong\\>d\\<\\\/strong\\>e \\<strong\\>F\\<\\\/strong\\>rance\\<\\\/span\\>\\<\\\/p\\>\"; toolTips('.classtoolTips178',tt_store_content,'7035'); <\/script><script type=\"text\/javascript\"> var tt_store_content = \"\\<\/p>\n<p style\\='text\\-align\\: center;'\\>\\<strong\\>\\<span style\\='font\\-size\\: 14pt;'\\>E\\<\\\/span\\>\\<\\\/strong\\>\\<span style\\='font\\-size\\: 14pt;'\\>lectricit\u00e9 \\<strong\\>d\\<\\\/strong\\>e \\<strong\\>F\\<\\\/strong\\>rance\\<\\\/span\\>\\<\\\/p\\>\"; toolTips('.classtoolTips178',tt_store_content,'7035'); <\/script><script type=\"text\/javascript\"> var tt_store_content = \"Le <span class='tooltipsall tooltip_post_id_7037 classtoolTips179'>MOX<\/span> \\(ou MOx\\) est un \\<em\\>combustible nucl\u00e9aire\\<\\\/em\\> constitu\u00e9 d'environ 8,5&nbsp;% de plutonium et 91,5&nbsp;% d'uranium appauvri\\.<\/p>\n<p>Le terme MOX est l'abr\u00e9viation de \u00ab&nbsp;M\u00e9lange d'OXydes&nbsp;\u00bb \\(ou Mixed OXides en anglais\\) car le combustible MOX contient du dioxyde de plutonium \\(PuO2\\) et du dioxyde d'uranium appauvri \\(UO2\\), produit en poudre, granul\u00e9s ou pastilles\\.<\/p>\n<p>Le MOX r\u00e9sulte du retraitement des combustibles us\u00e9s des centrales nucl\u00e9aires\\. Il ne fait actuellement \\(2018\\) l'objet d'aucun retraitement\\.<\/p>\n<p>\\<a href\\='https\\:\\\/\\\/fr\\.wikipedia\\.org\\\/wiki\\\/Combustible_MOX' target\\='_blank' rel\\='noopener'\\>\\<em\\>Voir ici la fiche Wikipedia concernant le MOX\\<\\\/em\\>\\<\\\/a\\>\"; toolTips('.classtoolTips179',tt_store_content,'7037'); <\/script><script type=\"text\/javascript\"> var tt_store_content = \"Le MOX \\(ou MOx\\) est un \\<em\\>combustible nucl\u00e9aire\\<\\\/em\\> constitu\u00e9 d'environ 8,5&nbsp;% de plutonium et 91,5&nbsp;% d'uranium appauvri\\.<\/p>\n<p>Le terme MOX est l'abr\u00e9viation de \u00ab&nbsp;M\u00e9lange d'OXydes&nbsp;\u00bb \\(ou Mixed OXides en anglais\\) car le combustible MOX contient du dioxyde de plutonium \\(PuO2\\) et du dioxyde d'uranium appauvri \\(UO2\\), produit en poudre, granul\u00e9s ou pastilles\\.<\/p>\n<p>Le MOX r\u00e9sulte du retraitement des combustibles us\u00e9s des centrales nucl\u00e9aires\\. Il ne fait actuellement \\(2018\\) l'objet d'aucun retraitement\\.<\/p>\n<p>\\<a href\\='https\\:\\\/\\\/fr\\.wikipedia\\.org\\\/wiki\\\/Combustible_MOX' target\\='_blank' rel\\='noopener'\\>\\<em\\>Voir ici la fiche Wikipedia concernant le MOX\\<\\\/em\\>\\<\\\/a\\>\"; toolTips('.classtoolTips179',tt_store_content,'7037'); <\/script><script type=\"text\/javascript\"> var tt_store_content = \"\\<p\\>Conseil \u00c9conomique et Social\\<\\\/p\\>\"; toolTips('.classtoolTips180',tt_store_content,'29829'); <\/script><script type=\"text\/javascript\"> var tt_store_content = \"\\<\/p>\n<p style\\='text\\-align\\: center;'\\>\\<span style\\='font\\-size\\: 14pt;'\\>\\<strong\\>A\\<\\\/strong\\>gence \\<strong\\>R\\<\\\/strong\\>\u00e9gionale de \\<strong\\>S\\<\\\/strong\\>ant\u00e9\\<\\\/span\\>\\<\\\/p\\>\"; toolTips('.classtoolTips188',tt_store_content,'18356'); <\/script><script type=\"text\/javascript\"> var tt_store_content = \"\\<\/p>\n<p style\\='text\\-align\\: center;'\\>\\<span style\\='font\\-size\\: 14pt;'\\>\\<strong\\>G\\<\\\/strong\\>roupement \\<strong\\>H\\<\\\/strong\\>ospitalier de \\<strong\\>T\\<\\\/strong\\>erritoire\\<\\\/span\\>\\<\\\/p\\><br \/>\\<\/p>\n<p style\\='text\\-align\\: justify;'\\>Les groupements hospitaliers de territoires, dispositif pr\u00e9vu par la loi de sant\u00e9 2016, sont un nouveau mode de coop\u00e9ration entre les \u00e9tablissements publics de sant\u00e9 \u00e0 l\u2019\u00e9chelle d\u2019un territoire\\<\\\/p\\>\"; toolTips('.classtoolTips189',tt_store_content,'18358'); <\/script><script type=\"text\/javascript\"> var tt_store_content = \"\\<\/p>\n<p style\\='text\\-align\\: center;'\\>\\<span style\\='font\\-size\\: 14pt;'\\>\\<strong\\>C\\<\\\/strong\\>omit\u00e9 \\<strong\\>T\\<\\\/strong\\>echnique d'\\<strong\\>\u00c9\\<\\\/strong\\>tablissement\\<\\\/span\\>\\<\\\/p\\>\"; toolTips('.classtoolTips191',tt_store_content,'18359'); <\/script><script type=\"text\/javascript\"> var tt_store_content = \"\\<\/p>\n<p style\\='text\\-align\\: center;'\\>\\<span style\\='font\\-size\\: 14pt;'\\>\\<strong\\>E\\<\\\/strong\\>volutionary \\<strong\\>P\\<\\\/strong\\>ower \\<strong\\>R\\<\\\/strong\\>eactor\\<\\\/span\\>\\<\\\/p\\><br \/>\\<\/p>\n<p style\\='text\\-align\\: justify;'\\>R\u00e9acteur nucl\u00e9aire de troisi\u00e8me g\u00e9n\u00e9ration \\(classification internationale\\), con\u00e7u et d\u00e9velopp\u00e9 par <span class='tooltipsall tooltip_post_id_5121 classtoolTips35'>Areva NP<\/span>&nbsp; au cours des ann\u00e9es 1990 et 2000\\. Il fait partie de la fili\u00e8re des r\u00e9acteurs \u00e0 eau pressuris\u00e9e\\.\\<\\\/p\\><br \/>\\<a href\\='https\\:\\\/\\\/fr\\.wikipedia\\.org\\\/wiki\\\/R%C3%A9acteur_pressuris%C3%A9_europ%C3%A9en' target\\='_blank' rel\\='noopener'\\>\\<em\\>Voir ici la fiche Wikipedia <span class='tooltipsall tooltip_post_id_5579 classtoolTips196'>EPR<\/span>\\<\\\/em\\>\\<\\\/a\\>\"; toolTips('.classtoolTips196',tt_store_content,'5579'); <\/script><script type=\"text\/javascript\"> var tt_store_content = \"\\<\/p>\n<p style\\='text\\-align\\: center;'\\>\\<strong\\>R\\<\\\/strong\\>\u00e9seau \\<strong\\>A\\<\\\/strong\\>ction \\<strong\\>C\\<\\\/strong\\>limat\\<\\\/p\\><br \/>Le r\u00e9seau Action Climat '\\<em\\>f\u00e9d\u00e8re les associations impliqu\u00e9es dans la lutte contre les changements climatiques et pour une transition \u00e9cologique, solidaire et \u00e9quitable\\<\\\/em\\>'\\.<\/p>\n<p>\\<a href\\='https\\:\\\/\\\/reseauactionclimat\\.org\\\/' target\\='_blank' rel\\='noopener'\\>Voir le site du <span class='tooltipsall tooltip_post_id_4309 classtoolTips200'>RAC<\/span>\\<\\\/a\\>\"; toolTips('.classtoolTips200',tt_store_content,'4309'); <\/script><script type=\"text\/javascript\"> var tt_store_content = \"\\<\/p>\n<p style\\='text\\-align\\: center;'\\>\\<strong\\>\\<span style\\='font\\-size\\: 14pt;'\\>R\\<\\\/span\\>\\<\\\/strong\\>\\<span style\\='font\\-size\\: 14pt;'\\>eferendum d'\\<strong\\>I\\<\\\/strong\\>nitiative \\<strong\\>C\\<\\\/strong\\>itoyenne\\<\\\/span\\>\\<\\\/p\\>\"; toolTips('.classtoolTips205',tt_store_content,'12268'); <\/script><script type=\"text\/javascript\"> var tt_store_content = \"\\<p\\><span class='tooltipsall tooltip_post_id_25844 classtoolTips208'>RTE<\/span> \\= R\u00e9seau de Transport d'Electricit\u00e9 est une filiale d'<span class='tooltipsall tooltip_post_id_7035 classtoolTips178'>EDF<\/span> qui est l'actionnaire majoritaire avec 50,1% des parts le reste \u00e9tant partag\u00e9 par la CDC et la CNP\\<\\\/p\\>\"; toolTips('.classtoolTips208',tt_store_content,'25844'); <\/script><script type=\"text\/javascript\"> var tt_store_content = \"\\<\/p>\n<p style\\='text\\-align\\: center;'\\>\\<span style\\='font\\-size\\: 14pt;'\\>\\<strong\\>O\\<\\\/strong\\>rganisation\\<strong\\> N\\<\\\/strong\\>on\\<strong\\> G\\<\\\/strong\\>ouvernementale\\<\\\/span\\>\\<\\\/p\\><br \/>Une organisation non gouvernementale \\(<span class='tooltipsall tooltip_post_id_3579 classtoolTips210'>ONG<\/span>\\) est une \\<a title\\='Association \u00e0 but non lucratif' href\\='https\\:\\\/\\\/fr\\.wikipedia\\.org\\\/wiki\\\/Association_%C3%A0_but_non_lucratif' target\\='_blank' rel\\='noopener'\\>association \u00e0 but non lucratif\\<\\\/a\\>, d'int\u00e9r\u00eat public, qui ne rel\u00e8ve ni de l'\u00c9tat, ni d'institutions internationales\\<sup id\\='cite_ref\\-novethic_1\\-0' class\\='reference'\\>\\<\\\/sup\\>\\. Les ONG n'ont pas le statut de sujet de \\<a title\\='Droit international public' href\\='https\\:\\\/\\\/fr\\.wikipedia\\.org\\\/wiki\\\/Droit_international_public' target\\='_blank' rel\\='noopener'\\>droit international\\<\\\/a\\>\\.\"; toolTips('.classtoolTips210',tt_store_content,'3579'); <\/script><script type=\"text\/javascript\"> var tt_store_content = \"\\<\/p>\n<p style\\='text\\-align\\: center;'\\>\\<span style\\='font\\-size\\: 14pt;'\\>\\<strong\\>O\\<\\\/strong\\>rganisation\\<strong\\> N\\<\\\/strong\\>on\\<strong\\> G\\<\\\/strong\\>ouvernementale\\<\\\/span\\>\\<\\\/p\\><br \/>Une organisation non gouvernementale \\(ONG\\) est une \\<a title\\='Association \u00e0 but non lucratif' href\\='https\\:\\\/\\\/fr\\.wikipedia\\.org\\\/wiki\\\/Association_%C3%A0_but_non_lucratif' target\\='_blank' rel\\='noopener'\\>association \u00e0 but non lucratif\\<\\\/a\\>, d'int\u00e9r\u00eat public, qui ne rel\u00e8ve ni de l'\u00c9tat, ni d'institutions internationales\\<sup id\\='cite_ref\\-novethic_1\\-0' class\\='reference'\\>\\<\\\/sup\\>\\. Les ONG n'ont pas le statut de sujet de \\<a title\\='Droit international public' href\\='https\\:\\\/\\\/fr\\.wikipedia\\.org\\\/wiki\\\/Droit_international_public' target\\='_blank' rel\\='noopener'\\>droit international\\<\\\/a\\>\\.\"; toolTips('.classtoolTips210',tt_store_content,'3579'); <\/script><script type=\"text\/javascript\"> var tt_store_content = \"\\<p\\><span class='tooltipsall tooltip_post_id_24572 classtoolTips211'>MIT<\/span> \\= Massachussets Institute of Technology, prestigieuse universit\u00e9 am\u00e9ricaine de la c\u00f4te est\\<\\\/p\\>\"; toolTips('.classtoolTips211',tt_store_content,'24572'); <\/script><script type=\"text\/javascript\"> var tt_store_content = \"\\<\/p>\n<p style\\='text\\-align\\: center;'\\>\\<strong\\>J\\<\\\/strong\\>eux \\<strong\\>O\\<\\\/strong\\>lympiques<br \/>ou<br \/>\\<strong\\>J\\<\\\/strong\\>ournal \\<strong\\>O\\<\\\/strong\\>fficiel de la R\u00e9publique Fran\u00e7aise\\<\\\/p\\>\"; toolTips('.classtoolTips213',tt_store_content,'4451'); <\/script><script type=\"text\/javascript\"> var tt_store_content = \"\\<p\\><span class='tooltipsall tooltip_post_id_30593 classtoolTips214'>RN<\/span> \\= Rassemble National, c'est le parti d'extr\u00eame droite de Marine Le Pen qui succ\u00e8de au FN \\= Front National fond\u00e9 par son p\u00e8re Jean Marie Le Pen\\<\\\/p\\>\"; toolTips('.classtoolTips214',tt_store_content,'30593'); <\/script><script type=\"text\/javascript\"> var tt_store_content = \"<\/p>\n<div class='tooltips_youtube_class' ><iframe width='100%' height='100%' src='http:\/\/www.youtube.com\/embed\/m\u00e9gawatt?rel=0&autoplay=1' frameborder='0' allowfullscreen><\/iframe><\/div>\n<p>\\<p\\>\\<strong\\>MEGAWATT \\(<span class='tooltipsall tooltip_post_id_30103 classtoolTips217'>MW<\/span>\\) \\= 1\\.000\\.000 watts\\<\\\/strong\\>\\<\\\/p\\>\"; toolTips('.classtoolTips217',tt_store_content,'30103'); <\/script><script type=\"text\/javascript\"> var tt_store_content = \"<\/p>\n<div class='tooltips_youtube_class' ><iframe width='100%' height='100%' src='http:\/\/www.youtube.com\/embed\/m\u00e9gawatt?rel=0&autoplay=1' frameborder='0' allowfullscreen><\/iframe><\/div>\n<p>\\<p\\>\\<strong\\>MEGAWATT \\(MW\\) \\= 1\\.000\\.000 watts\\<\\\/strong\\>\\<\\\/p\\>\"; toolTips('.classtoolTips217',tt_store_content,'30103'); <\/script><script type=\"text\/javascript\"> var tt_store_content = \"\\<p\\>\\<strong\\><span class='tooltipsall tooltip_post_id_30104 classtoolTips218'>GIGAWATT<\/span> \\(<span class='tooltipsall tooltip_post_id_30104 classtoolTips218'>GW<\/span>\\) \\= 1000 000 <span class='tooltipsall tooltip_post_id_30101 classtoolTips216'>KW<\/span>\\<\\\/strong\\>\\<\\\/p\\>\"; toolTips('.classtoolTips218',tt_store_content,'30104'); <\/script><script type=\"text\/javascript\"> var tt_store_content = \"\\<p\\>\\<strong\\>GIGAWATT \\(GW\\) \\= 1000 000 KW\\<\\\/strong\\>\\<\\\/p\\>\"; toolTips('.classtoolTips218',tt_store_content,'30104'); <\/script><script type=\"text\/javascript\"> var tt_store_content = \"\\<\/p>\n<p style\\='text\\-align\\: center;'\\>\\<span style\\='font\\-size\\: 14pt;'\\>\\<strong\\>C\\<\\\/strong\\>entre \\<strong\\>H\\<\\\/strong\\>ospitalier\\<\\\/span\\>\\<\\\/p\\>\"; toolTips('.classtoolTips220',tt_store_content,'18357'); <\/script><script type=\"text\/javascript\"> var tt_store_content = \"\\<p\\>D\u00e9chets radioactifs \u00e0 Haute Activit\u00e9 \\(classement <span class='tooltipsall tooltip_post_id_3612 classtoolTips79'>ANDRA<\/span>\\)\\<\\\/p\\>\"; toolTips('.classtoolTips223',tt_store_content,'19196'); <\/script><\/p>\n","protected":false},"author":5,"featured_media":0,"comment_status":"open","ping_status":"open","sticky":false,"template":"","format":"standard","meta":{"_acf_changed":false,"ngg_post_thumbnail":0,"_jetpack_memberships_contains_paid_content":false,"footnotes":""},"categories":[6,9,28,19,27],"tags":[],"coauthors":[18],"class_list":["post-26416","post","type-post","status-publish","format-standard","hentry","category-actu","category-actu_gen","category-rub_env","category-rub_env_nucl","category-rub","edition-edi_00087","type_art-type_art_article","dossier-dossiers_nucleaire_desastre","no-thumb"],"acf":[],"jetpack_featured_media_url":"","jetpack_sharing_enabled":true,"jetpack_shortlink":"https:\/\/wp.me\/p9B5TM-6S4","_links":{"self":[{"href":"https:\/\/le-clairon-nouveau.fr\/wordpress\/wp-json\/wp\/v2\/posts\/26416","targetHints":{"allow":["GET"]}}],"collection":[{"href":"https:\/\/le-clairon-nouveau.fr\/wordpress\/wp-json\/wp\/v2\/posts"}],"about":[{"href":"https:\/\/le-clairon-nouveau.fr\/wordpress\/wp-json\/wp\/v2\/types\/post"}],"author":[{"embeddable":true,"href":"https:\/\/le-clairon-nouveau.fr\/wordpress\/wp-json\/wp\/v2\/users\/5"}],"replies":[{"embeddable":true,"href":"https:\/\/le-clairon-nouveau.fr\/wordpress\/wp-json\/wp\/v2\/comments?post=26416"}],"version-history":[{"count":0,"href":"https:\/\/le-clairon-nouveau.fr\/wordpress\/wp-json\/wp\/v2\/posts\/26416\/revisions"}],"wp:attachment":[{"href":"https:\/\/le-clairon-nouveau.fr\/wordpress\/wp-json\/wp\/v2\/media?parent=26416"}],"wp:term":[{"taxonomy":"category","embeddable":true,"href":"https:\/\/le-clairon-nouveau.fr\/wordpress\/wp-json\/wp\/v2\/categories?post=26416"},{"taxonomy":"post_tag","embeddable":true,"href":"https:\/\/le-clairon-nouveau.fr\/wordpress\/wp-json\/wp\/v2\/tags?post=26416"},{"taxonomy":"author","embeddable":true,"href":"https:\/\/le-clairon-nouveau.fr\/wordpress\/wp-json\/wp\/v2\/coauthors?post=26416"}],"curies":[{"name":"wp","href":"https:\/\/api.w.org\/{rel}","templated":true}]}}