{"id":27136,"date":"2022-11-23T11:30:02","date_gmt":"2022-11-23T10:30:02","guid":{"rendered":"https:\/\/le-clairon-nouveau.fr\/wordpress\/?p=27136"},"modified":"2022-11-23T11:55:52","modified_gmt":"2022-11-23T10:55:52","slug":"avenir-du-nucleaire-francais-des-debats-publics-fort-discrets","status":"publish","type":"post","link":"https:\/\/le-clairon-nouveau.fr\/wordpress\/blog\/2022\/11\/23\/avenir-du-nucleaire-francais-des-debats-publics-fort-discrets\/","title":{"rendered":"Avenir du nucl\u00e9aire fran\u00e7ais : des d\u00e9bats publics fort  discrets"},"content":{"rendered":"<p style=\"text-align: center\"><span style=\"font-size: 18pt\"><strong>Chronique d\u2019une catastrophe annonc\u00e9e (suite)<\/strong><\/span><\/p>\n<p style=\"text-align: justify\"><em><strong>La question de l\u2019\u00e9nergie tend \u00e0 devenir une pr\u00e9occupation quotidienne. D\u2019une part elle p\u00e8se d\u00e9sormais sur nos modes de vie, d\u2019autre part elle met nos soci\u00e9t\u00e9s devant des choix complexes et urgents face \u00e0 une crise climatique qui bouleversera profond\u00e9ment et sans retour possible leur fonctionnement. De tels enjeux devraient impliquer que nous soyons tous consult\u00e9s dans les choix \u00e0 faire en mati\u00e8re de politique \u00e9nerg\u00e9tique. Ce n\u2019est pas le chemin suivi actuellement en France, pays aux institutions hyper-centralis\u00e9es, \u00e0 r\u00e9gime pr\u00e9sidentiel, o\u00f9 les grands choix politiques semblent de plus en plus le fait d\u2019une minorit\u00e9 qui se pr\u00e9sente comme une \u00e9lite. Alors dans un tel contexte \u00e0 quoi servent les d\u00e9bats, concertations et autres conventions citoyennes ?<\/strong><\/em><\/p>\n<p style=\"text-align: center\"><img data-recalc-dims=\"1\" loading=\"lazy\" decoding=\"async\" class=\" wp-image-27137 aligncenter\" src=\"https:\/\/i0.wp.com\/le-clairon-nouveau.fr\/wordpress\/wp-content\/uploads\/2022\/11\/echande-didees-Image-par-Gerd-Altmann-de-Pixabay.jpg?resize=494%2C349&#038;ssl=1\" alt=\"\" width=\"494\" height=\"349\" srcset=\"https:\/\/i0.wp.com\/le-clairon-nouveau.fr\/wordpress\/wp-content\/uploads\/2022\/11\/echande-didees-Image-par-Gerd-Altmann-de-Pixabay.jpg?resize=300%2C212&amp;ssl=1 300w, https:\/\/i0.wp.com\/le-clairon-nouveau.fr\/wordpress\/wp-content\/uploads\/2022\/11\/echande-didees-Image-par-Gerd-Altmann-de-Pixabay.jpg?resize=1024%2C724&amp;ssl=1 1024w, https:\/\/i0.wp.com\/le-clairon-nouveau.fr\/wordpress\/wp-content\/uploads\/2022\/11\/echande-didees-Image-par-Gerd-Altmann-de-Pixabay.jpg?resize=768%2C543&amp;ssl=1 768w, https:\/\/i0.wp.com\/le-clairon-nouveau.fr\/wordpress\/wp-content\/uploads\/2022\/11\/echande-didees-Image-par-Gerd-Altmann-de-Pixabay.jpg?w=1280&amp;ssl=1 1280w\" sizes=\"auto, (max-width: 494px) 100vw, 494px\" \/><span style=\"font-size: 8pt\"><strong><em>\u00e9change d&rsquo;id\u00e9es (Image par Gerd Altmann de Pixabay)<\/em><\/strong><\/span><\/p>\n<p><strong>Actuellement 2 consultations publiques sont en cours : qui est au courant, qui participe ?<\/strong><\/p>\n<p style=\"text-align: justify\"><strong>1\u00b0)<\/strong> Il y a tout d\u2019abord le d\u00e9bat public sur la relance du nucl\u00e9aire organis\u00e9 par la <span class='tooltipsall tooltip_post_id_4067 classtoolTips139'>CNDP<\/span> \u00a0et intitul\u00e9 \u00ab Nouveaux r\u00e9acteurs nucl\u00e9aires et projet Penly \u00bb. La dur\u00e9e de ce d\u00e9bat est fix\u00e9e \u00e0 4 mois du 27\/10\/2022 au 27\/02\/2023. Ce d\u00e9bat organis\u00e9 par la CNDP sur saisie d\u2019<span class='tooltipsall tooltip_post_id_7035 classtoolTips178'>EDF<\/span> et de <span class='tooltipsall tooltip_post_id_25844 classtoolTips208'>RTE<\/span> vise \u00e0 conna\u00eetre l\u2019avis du public sur un projet de construction de 6 r\u00e9acteurs nucl\u00e9aires de type <span class='tooltipsall tooltip_post_id_5579 classtoolTips196'>EPR<\/span> \u00ab\u00a02\u00e8me version\u00a0\u00bb dont les 2 premiers exemplaires seraient construits sur le site de Penly, en Seine maritime. Ce site est d\u00e9j\u00e0 occup\u00e9 par une centrale nucl\u00e9aire \u00ab\u00a0classique\u00a0\u00bb.<br \/>\nLe d\u00e9bat public porte \u00e0 la fois sur le projet local des 2 EPR de Penly et au plan g\u00e9n\u00e9ral sur le projet industriel d\u2019EDF de d\u00e9velopper une fili\u00e8re d\u2019EPR 2 pour faire face aux futurs besoins d\u2019\u00e9nergie de la France. Il se d\u00e9roule sous forme de r\u00e9unions publiques, essentiellement \u00e0 Paris et en Normandie, mais il est aussi possible d\u2019y participer en ligne.<\/p>\n<p><em><strong>La CNDP a consacr\u00e9 un site d\u2019information claire et complet \u00e0 ce d\u00e9bat public :<\/strong><\/em><\/p>\n<p><a href=\"https:\/\/www.debatpublic.fr\/nouveaux-reacteurs-nucleaires-et-projet-penly\/agenda\">https:\/\/www.debatpublic.fr\/nouveaux-reacteurs-nucleaires-et-projet-penly\/agenda<\/a><\/p>\n<p style=\"text-align: justify\"><strong>2\u00b0)<\/strong> Il y a ensuite\u00a0 la <span style=\"text-decoration: underline\">Concertation nationale sur le syst\u00e8me \u00e9nerg\u00e9tique de demain<\/span> intitul\u00e9e \u00ab\u00a0Notre avenir \u00e9nerg\u00e9tique se d\u00e9cide maintenant\u00a0\u00bb. Cette concertation a \u00e9t\u00e9 lanc\u00e9e par le gouvernement : la CNDP a d\u2019abord \u00e9t\u00e9 sollicit\u00e9e par le minist\u00e8re de l&rsquo;\u00c9cologie pour une mission de conseil sur son organisation, puis, \u00e0 la demande de la 1\u00e8re ministre, en tant que garant, cette garantie \u00e9tant assur\u00e9e par 4 garants.e.s de la CNDP.<br \/>\nLe but de cette concertation est de permettre de contribuer au <span class='tooltipsall tooltip_post_id_6375 classtoolTips9'>projet de loi<\/span> de programmation sur l\u2019\u00e9nergie et le climat (LPEC) qui devrait \u00eatre vot\u00e9e en 2023, ainsi qu\u2019\u00e0 la r\u00e9vision de la programmation pluriannuelle de l\u2019\u00e9nergie (<span class='tooltipsall tooltip_post_id_7750 classtoolTips164'>PPE<\/span>) qui sera vot\u00e9e en 2024.<br \/>\nIl s\u2019agit selon le minist\u00e8re de la Transition \u00e9nerg\u00e9tique\u00a0\u00ab\u00a0<em>de mettre en discussion les enjeux de la transition \u00e9nerg\u00e9tique pour atteindre la neutralit\u00e9 carbone en 2050 et sortir de notre d\u00e9pendance aux \u00e9nergies fossiles, en \u00e9voquant notamment les implications concr\u00e8tes sur nos modes de vie\u00a0\u00bb et de permettre \u00ab\u00a0\u00e0 chacun de s&rsquo;exprimer sur les conditions de r\u00e9ussite et les mesures prioritaires \u00e0 mettre en \u0153uvre dans un esprit d&rsquo;ind\u00e9pendance \u00e9nerg\u00e9tique, de justice sociale et d&rsquo;\u00e9galit\u00e9 territoriale\u00a0<\/em>\u00bb.<\/p>\n<p style=\"text-align: justify\"><strong>Cette concertation nationale est ouverte au public pour en savoir plus et le cas \u00e9<span class='tooltipsall tooltip_post_id_18357 classtoolTips220'>ch<\/span>\u00e9ant y participer 2 liens\u00a0:<\/strong><\/p>\n<p style=\"text-align: justify\"><a href=\"https:\/\/www.participation-citoyenne.gouv.fr\/trouver-une-concertation\/152_notre-avenir-energetique-se-decide-maintenant-concertation-nationale\">https:\/\/www.participation-citoyenne.gouv.fr\/trouver-une-concertation\/152_notre-avenir-energetique-se-decide-maintenant-concertation-nationale<\/a><br \/>\n\u00a0<br \/>\n<a href=\"https:\/\/www.debatpublic.fr\/concertation-nationale-sur-le-systeme-energetique-de-demain-notre-avenir-energetique-se-decide-2980\">https:\/\/www.debatpublic.fr\/concertation-nationale-sur-le-systeme-energetique-de-demain-notre-avenir-energetique-se-decide-2980<\/a><br \/>\n\u00a0<br \/>\n<em><strong>Des r\u00e9actions de doute voir de rejet<\/strong><\/em><br \/>\nPour le moment les r\u00e9actions \u00e0 <span class='tooltipsall tooltip_post_id_29829 classtoolTips180'>ces<\/span> consultations ont fait ressortir le doute des participants quand \u00e0 leur utilit\u00e9 : l\u2019impression de beaucoup de participants \u00e9tant que les \u00ab jeux \u00e9taient faits d\u2019avance \u00bb. La <span style=\"text-decoration: underline\">Concertation nationale sur le syst\u00e8me \u00e9nerg\u00e9tique de demain<\/span> lanc\u00e9e par le gouvernement a \u00e9t\u00e9 contest\u00e9e par une centaine de d\u00e9put\u00e9s qui ont annonc\u00e9 le 25 octobre dernier saisir la CNDP pour demander l&rsquo;organisation d&rsquo;un d\u00e9bat public sur la place du nucl\u00e9aire dans le syst\u00e8me \u00e9nerg\u00e9tique de demain. (Il s&rsquo;agirait alors d&rsquo;un d\u00e9bat men\u00e9 par la CNDP et non par le gouvernement). Cette saisine pariculi\u00e8re de la CNDP repose sur un droit d\u2019initiative donn\u00e9 depuis 2016 aux citoyens, associations et \u00e9lus lorsqu\u2019ils lorsqu&rsquo;ils consid\u00e8rent que le niveau de garantie du processus de participation du public n&rsquo;est pas suffisamment \u00e9lev\u00e9. C\u2019est ce que reprochent ces d\u00e9put\u00e9s \u00e0 la \u00ab\u00a0Concertation nationale\u2026\u00a0\u00bb mene\u00e9 par le gouvernement : \u00ab<em>le gouvernement se contente, [.\u2026] de l&rsquo;organisation d&rsquo;une simple concertation nationale sur l&rsquo;\u00e9nergie pendant quelques semaines, sans offrir les m\u00eames garanties de neutralit\u00e9, d&rsquo;ind\u00e9pendance et d&rsquo;inclusion que garantit un d\u00e9bat public conduit sous l&rsquo;\u00e9gide de la CNDP, cette consultation est orient\u00e9e par ses questions et ne permet pas au public de comprendre l&rsquo;ensemble des enjeux du nucl\u00e9aire sur l&rsquo;environnemen<\/em>t \u00bb.<\/p>\n<p style=\"text-align: justify\"><em><strong>Ces 2 consultations publiques se d\u00e9roulent \u00e0 un moment o\u00f9 certains projets de relance du nucl\u00e9aire connaissent d\u00e9j\u00e0 un d\u00e9but de concr\u00e9tisation, ce qui contribue aux doutes du public quant \u00e0 leur utilit\u00e9. S\u2019agit-il alors d\u2019un simulacre de participation visant \u00e0 fabriquer le consentement de l\u2019opinion ou de la manifestation d\u2019un certain chaos dans la politique men\u00e9e par le pouvoir macroniste ? Pour autant, quelque soit la r\u00e9ponse \u00e0 ces interrogations, une participation importante des citoyens \u00e0 des consultations \u00ab\u00a0libres et non fauss\u00e9es\u00a0\u00bb ne peut que renforcer la d\u00e9mocratie et aboutir \u00e0 des solutions plus raisonnables que celles issue d\u2019une petite minorit\u00e9 sous influence d\u2019int\u00e9r\u00eats particuliers.<\/strong><\/em><\/p>\n<p style=\"text-align: right\">Curly Mac Toole pour le Clairon de l\u2019Atax le 20\/10\/11\/2022<\/p>\n<script type=\"text\/javascript\"> var tt_store_content = \"En France, il existe deux moyens principaux pour cr\u00e9er ou modifier une loi\\:<br\/>\\<ul\\><br\/> \t\\<li\\>le \\<strong\\>projet de loi\\<\\\/strong\\>, qui \u00e9mane du gouvernement,\\<\\\/li\\><br\/> \t\\<li\\>la \\<strong\\><span class='tooltipsall tooltip_post_id_6375 classtoolTips9'>proposition de loi<\/span>\\<\\\/strong\\>, qui \u00e9mane d'un ou plusieurs parlementaires\\. &nbsp;\\<\\\/li\\><br\/>\\<\\\/ul\\>\"; toolTips('.classtoolTips9',tt_store_content,'6375'); <\/script><script type=\"text\/javascript\"> var tt_store_content = \"\\<p style\\='text\\-align\\: center;'\\>\\<strong\\>Agence Europ\u00e9enne des produits CHimiques<br\/>\\(European CHemicals Agency\\)\\<\\\/strong\\>\\<\\\/p\\>\"; toolTips('.classtoolTips130',tt_store_content,'3745'); <\/script><script type=\"text\/javascript\"> var tt_store_content = \"\\<p style\\='text\\-align\\: center;'\\>\\<span style\\='font\\-size\\: 14pt;'\\>\\<strong\\>C\\<\\\/strong\\>ommission\\<strong\\> N\\<\\\/strong\\>ationale du \\<strong\\>D\\<\\\/strong\\>\u00e9bat\\<strong\\> P\\<\\\/strong\\>ublic\\<\\\/span\\>\\<\\\/p\\><br\/>\\<p style\\='text\\-align\\: center;'\\>La Commission nationale du d\u00e9bat public est une autorit\u00e9 administrative ind\u00e9pendante dont la mission est d\u2019informer les citoyens et de faire en sorte que leur point de vue soit pris en compte dans le processus de d\u00e9cision \\: \\<br\\><br\/>\u00ab Vous donner la parole et la faire entendre \u00bb\\.'\\<\\\/p\\><br\/>\\<p\\>Voir \\<a href\\='https\\:\\\/\\\/www\\.debatpublic\\.fr\\\/son\\-role' target\\='_blank' rel\\='noopener'\\>ici la d\u00e9finition compl\u00e8te du r\u00f4le de la CNDP\\<\\\/a\\>\\<br\\><br\/>Aller sur le \\<a href\\='https\\:\\\/\\\/www\\.debatpublic\\.fr\\\/' target\\='_blank' rel\\='noopener'\\>site de la CNDP\\<\\\/a\\>\\<\\\/p\\>\"; toolTips('.classtoolTips139',tt_store_content,'4067'); <\/script><script type=\"text\/javascript\"> var tt_store_content = \"\\<p style\\='text\\-align\\: center;'\\>\\<strong\\>\\<span style\\='font\\-size\\: 14pt;'\\>S\\<\\\/span\\>\\<\\\/strong\\>\\<span style\\='font\\-size\\: 14pt;'\\>oci\u00e9t\u00e9 d'\\<strong\\>\u00c9\\<\\\/strong\\>conomie \\<strong\\>M\\<\\\/strong\\>ixte\\<\\\/span\\>\\<\\\/p\\><br\/>\\<p style\\='text\\-align\\: justify;'\\>En France, une soci\u00e9t\u00e9 d'\u00e9conomie mixte est une soci\u00e9t\u00e9 anonyme dont le capital est majoritairement d\u00e9tenu par une ou plusieurs personnes publiques \\(\u00e0 savoir l'\u00c9tat, une Collectivit\u00e9 territoriale, ou tout autre \u00c9tablissement public\\)\\. Cette participation majoritaire publique est plafonn\u00e9e \u00e0 85&nbsp;% du capital depuis la Loi du 2 janvier 2002\\. Au moins une personne priv\u00e9e doit participer au capital de la <span class='tooltipsall tooltip_post_id_7168 classtoolTips142'>SEM<\/span>, sachant qu'il peut s'agir d'une autre SEM\\.\\<\\\/p\\><br\/>\\<p style\\='text\\-align\\: justify;'\\>\\<strong\\>Le recours \u00e0 la SEM garantit\\<\\\/strong\\> \u00e0 la collectivit\u00e9 publique actionnaire et cocontractante \\<strong\\>la prise en compte effective de l'int\u00e9r\u00eat g\u00e9n\u00e9ral\\<\\\/strong\\> dans les objectifs de l'entreprise \\<strong\\>et la souplesse de la soci\u00e9t\u00e9 de droit priv\u00e9\\<\\\/strong\\>\\.\\<\\\/p\\><br\/>\\<em\\>\\<a href\\='https\\:\\\/\\\/fr\\.wikipedia\\.org\\\/wiki\\\/Soci%C3%A9t%C3%A9_d%27%C3%A9conomie_mixte' target\\='_blank' rel\\='noopener'\\>Voir ici la page Wikipedia consacr\u00e9e aux SEM\\<\\\/a\\> \\<\\\/em\\><br\/><br\/>&nbsp;\"; toolTips('.classtoolTips142',tt_store_content,'7168'); <\/script><script type=\"text\/javascript\"> var tt_store_content = \"\\<p style\\='text\\-align\\: justify'\\>La \u00ab\u00a0\\<b\\>programmation pluriannuelle de l'\u00e9nergie\\<\\\/b\\>\u00a0\u00bb \\(PPE\\) est, en France, un document strat\u00e9gique de pilotage de la transition \u00e9nerg\u00e9tique\\. Institu\u00e9e par l'article 176 de la \\<a title\\='Loi relative \u00e0 la transition \u00e9nerg\u00e9tique pour la croissance verte' href\\='https\\:\\\/\\\/fr\\.wikipedia\\.org\\\/wiki\\\/Loi_relative_%C3%A0_la_transition_%C3%A9nerg%C3%A9tique_pour_la_croissance_verte'\\>loi de transition \u00e9nerg\u00e9tique\\<\\\/a\\> \\(TECV\\), elle fixe une trajectoire pour le \\<a title\\='Mix \u00e9nerg\u00e9tique' href\\='https\\:\\\/\\\/fr\\.wikipedia\\.org\\\/wiki\\\/Mix_%C3%A9nerg%C3%A9tique'\\>mix \u00e9nerg\u00e9tique\\<\\\/a\\>, ainsi que \\<span class\\='citation'\\>\u00ab\u00a0les priorit\u00e9s d'action pour la gestion de l\u2019ensemble des formes d'\u00e9nergie sur le territoire m\u00e9tropolitain continental, afin d\u2019atteindre les objectifs nationaux fix\u00e9s par la loi\u00a0\u00bb\\<\\\/span\\>\\. \\(Wikip\u00e9dia\\)\\<\\\/p\\>\"; toolTips('.classtoolTips164',tt_store_content,'7750'); <\/script><script type=\"text\/javascript\"> var tt_store_content = \"\\<p style\\='text\\-align\\: justify'\\>La \u00ab\u00a0\\<b\\>programmation pluriannuelle de l'\u00e9nergie\\<\\\/b\\>\u00a0\u00bb \\(PPE\\) est, en France, un document strat\u00e9gique de pilotage de la transition \u00e9nerg\u00e9tique\\. Institu\u00e9e par l'article 176 de la \\<a title\\='Loi relative \u00e0 la transition \u00e9nerg\u00e9tique pour la croissance verte' href\\='https\\:\\\/\\\/fr\\.wikipedia\\.org\\\/wiki\\\/Loi_relative_%C3%A0_la_transition_%C3%A9nerg%C3%A9tique_pour_la_croissance_verte'\\>loi de transition \u00e9nerg\u00e9tique\\<\\\/a\\> \\(TECV\\), elle fixe une trajectoire pour le \\<a title\\='Mix \u00e9nerg\u00e9tique' href\\='https\\:\\\/\\\/fr\\.wikipedia\\.org\\\/wiki\\\/Mix_%C3%A9nerg%C3%A9tique'\\>mix \u00e9nerg\u00e9tique\\<\\\/a\\>, ainsi que \\<span class\\='citation'\\>\u00ab\u00a0les priorit\u00e9s d'action pour la gestion de l\u2019ensemble des formes d'\u00e9nergie sur le territoire m\u00e9tropolitain continental, afin d\u2019atteindre les objectifs nationaux fix\u00e9s par la loi\u00a0\u00bb\\<\\\/span\\>\\. \\(Wikip\u00e9dia\\)\\<\\\/p\\>\"; toolTips('.classtoolTips164',tt_store_content,'7750'); <\/script><script type=\"text\/javascript\"> var tt_store_content = \"\\<p style\\='text\\-align\\: justify;'\\>Le Conseil d'Orientation des Retraites est une instance qui r\u00e9unit &nbsp;\\<span class\\='st'\\>les principaux acteurs du champ des retraites\\<\\\/span\\> et effectue un travail d'\u00e9tudes et de concertation\\. Compos\u00e9 de parlementaires, de repr\u00e9sentants des organisations professionnelles et syndicales, des retrait\u00e9s et des familles, de membres de l'administration et d'experts, le Conseil d'orientation des retraites \\(<span class='tooltipsall tooltip_post_id_7751 classtoolTips165'>COR<\/span>\\) est plac\u00e9 aupr\u00e8s du Premier ministre\\.\\<\\\/p\\>\"; toolTips('.classtoolTips165',tt_store_content,'7751'); <\/script><script type=\"text\/javascript\"> var tt_store_content = \"\\<p style\\='text\\-align\\: center;'\\>\\<span style\\='font\\-size\\: 14pt;'\\>\\<strong\\>O\\<\\\/strong\\>rganisation \\<strong\\>M\\<\\\/strong\\>\u00e9t\u00e9orologique \\<strong\\>M\\<\\\/strong\\>ondiale<br\/>\\<strong\\>W\\<\\\/strong\\>orld \\<strong\\>M\\<\\\/strong\\>eteorological \\<strong\\>O\\<\\\/strong\\>rganization\\<\\\/span\\>\\<\\\/p\\><br\/>&nbsp;<br\/><br\/>\\<a href\\='https\\:\\\/\\\/public\\.wmo\\.int\\\/fr' target\\='_blank' rel\\='noopener'\\>\\<em\\>Acc\u00e9der ici au site de l'organisation\\<\\\/em\\>\\<\\\/a\\>\"; toolTips('.classtoolTips168',tt_store_content,'7763'); <\/script><script type=\"text\/javascript\"> var tt_store_content = \"\\<p style\\='text\\-align\\: center;'\\>\\<span style\\='font\\-size\\: 14pt;'\\>\\<strong\\>\u00c9\\<\\\/strong\\>cole \\<strong\\>N\\<\\\/strong\\>ationale d'\\<strong\\>A\\<\\\/strong\\>dministration\\<\\\/span\\>\\<\\\/p\\>\"; toolTips('.classtoolTips170',tt_store_content,'5213'); <\/script><script type=\"text\/javascript\"> var tt_store_content = \"\\<p style\\='text\\-align\\: center;'\\>\\<span style\\='font\\-size\\: 14pt;'\\>\\<strong\\>P\\<\\\/strong\\>\\<\\\/span\\>\\<span style\\='font\\-size\\: 14pt;'\\>lan \\<strong\\>L\\<\\\/strong\\>\\<\\\/span\\>\\<span style\\='font\\-size\\: 14pt;'\\>ocal d'\\<strong\\>U\\<\\\/strong\\>\\<\\\/span\\>\\<span style\\='font\\-size\\: 14pt;'\\>rbanisme\\<\\\/span\\>\\<\\\/p\\><br\/>&nbsp;\"; toolTips('.classtoolTips176',tt_store_content,'4979'); <\/script><script type=\"text\/javascript\"> var tt_store_content = \"\\<p style\\='text\\-align\\: center;'\\>\\<strong\\>\\<span style\\='font\\-size\\: 14pt;'\\>E\\<\\\/span\\>\\<\\\/strong\\>\\<span style\\='font\\-size\\: 14pt;'\\>lectricit\u00e9 \\<strong\\>d\\<\\\/strong\\>e \\<strong\\>F\\<\\\/strong\\>rance\\<\\\/span\\>\\<\\\/p\\>\"; toolTips('.classtoolTips178',tt_store_content,'7035'); <\/script><script type=\"text\/javascript\"> var tt_store_content = \"\\<p style\\='text\\-align\\: center;'\\>\\<strong\\>\\<span style\\='font\\-size\\: 14pt;'\\>E\\<\\\/span\\>\\<\\\/strong\\>\\<span style\\='font\\-size\\: 14pt;'\\>lectricit\u00e9 \\<strong\\>d\\<\\\/strong\\>e \\<strong\\>F\\<\\\/strong\\>rance\\<\\\/span\\>\\<\\\/p\\>\"; toolTips('.classtoolTips178',tt_store_content,'7035'); <\/script><script type=\"text\/javascript\"> var tt_store_content = \"\\<p\\>Conseil \u00c9conomique et Social\\<\\\/p\\>\"; toolTips('.classtoolTips180',tt_store_content,'29829'); <\/script><script type=\"text\/javascript\"> var tt_store_content = \"\\<p style\\='text\\-align\\: center;'\\>\\<span style\\='font\\-size\\: 14pt;'\\>\\<strong\\>G\\<\\\/strong\\>roupement \\<strong\\>H\\<\\\/strong\\>ospitalier de \\<strong\\>T\\<\\\/strong\\>erritoire\\<\\\/span\\>\\<\\\/p\\><br\/>\\<p style\\='text\\-align\\: justify;'\\>Les groupements hospitaliers de territoires, dispositif pr\u00e9vu par la loi de sant\u00e9 2016, sont un nouveau mode de coop\u00e9ration entre les \u00e9tablissements publics de sant\u00e9 \u00e0 l\u2019\u00e9chelle d\u2019un territoire\\<\\\/p\\>\"; toolTips('.classtoolTips189',tt_store_content,'18358'); <\/script><script type=\"text\/javascript\"> var tt_store_content = \"\\<p style\\='text\\-align\\: center;'\\>\\<span style\\='font\\-size\\: 14pt;'\\>\\<strong\\>C\\<\\\/strong\\>omit\u00e9 \\<strong\\>T\\<\\\/strong\\>echnique d'\\<strong\\>\u00c9\\<\\\/strong\\>tablissement\\<\\\/span\\>\\<\\\/p\\>\"; toolTips('.classtoolTips191',tt_store_content,'18359'); <\/script><script type=\"text\/javascript\"> var tt_store_content = \"\\<p style\\='text\\-align\\: center;'\\>\\<strong\\>\\<span style\\='font\\-size\\: 14pt;'\\>P\\<\\\/span\\>\\<\\\/strong\\>\\<span style\\='font\\-size\\: 14pt;'\\>rogrammation \\<strong\\>P\\<\\\/strong\\>luri\\-annuelle de l'\\<strong\\>\u00c9\\<\\\/strong\\>nergie\\<\\\/span\\>\\<\\\/p\\><br\/>La PPE est est en France un document strat\u00e9gique de pilotage de la transition \u00e9nerg\u00e9tique\\. Institu\u00e9e par l'article 176 de la loi transition \u00e9nerg\u00e9tique \\(TECV\\)\\. Elle fixe \\(par \u00e9nergie\\) une trajectoire pour le mix \u00e9nerg\u00e9tique, ainsi que \u00ab&nbsp;\\<em\\>les priorit\u00e9s d'action pour la gestion de l\u2019ensemble des formes d'\u00e9nergie sur le territoire m\u00e9tropolitain continental, afin d\u2019atteindre les objectifs nationaux fix\u00e9s par la loi\\<\\\/em\\>&nbsp;\u00bb\\.<br\/><br\/>Initi\u00e9e en 2016, elle est r\u00e9vis\u00e9e en 2018 puis ensuite tous les 5 ans\\.<br\/><br\/>\\<a href\\='https\\:\\\/\\\/fr\\.wikipedia\\.org\\\/wiki\\\/Programmation_pluriannuelle_de_l'\u00e9nergi' target\\='_blank' rel\\='noopener'\\>\\<em\\>Voir ici la page Wikipedia consacr\u00e9e \u00e0 la PPE\\<\\\/em\\>\\<\\\/a\\><br\/>\\<a href\\='https\\:\\\/\\\/ppe\\.debatpublic\\.fr\\\/' target\\='_blank' rel\\='noopener'\\>\\<em\\>Voir ici la page du site 'Commission du D\u00e9bat Public' consacr\u00e9e \u00e0 la PPE\\<\\\/em\\>\\<\\\/a\\>\"; toolTips('.classtoolTips193',tt_store_content,'7102'); <\/script><script type=\"text\/javascript\"> var tt_store_content = \"\\<p style\\='text\\-align\\: center;'\\>\\<span style\\='font\\-size\\: 14pt;'\\>\\<strong\\>E\\<\\\/strong\\>volutionary \\<strong\\>P\\<\\\/strong\\>ower \\<strong\\>R\\<\\\/strong\\>eactor\\<\\\/span\\>\\<\\\/p\\><br\/>\\<p style\\='text\\-align\\: justify;'\\>R\u00e9acteur nucl\u00e9aire de troisi\u00e8me g\u00e9n\u00e9ration \\(classification internationale\\), con\u00e7u et d\u00e9velopp\u00e9 par <span class='tooltipsall tooltip_post_id_5121 classtoolTips35'>Areva NP<\/span>&nbsp; au cours des ann\u00e9es 1990 et 2000\\. Il fait partie de la fili\u00e8re des r\u00e9acteurs \u00e0 eau pressuris\u00e9e\\.\\<\\\/p\\><br\/>\\<a href\\='https\\:\\\/\\\/fr\\.wikipedia\\.org\\\/wiki\\\/R%C3%A9acteur_pressuris%C3%A9_europ%C3%A9en' target\\='_blank' rel\\='noopener'\\>\\<em\\>Voir ici la fiche Wikipedia EPR\\<\\\/em\\>\\<\\\/a\\>\"; toolTips('.classtoolTips196',tt_store_content,'5579'); <\/script><script type=\"text\/javascript\"> var tt_store_content = \"\\<p style\\='text\\-align\\: center;'\\>\\<strong\\>\\<span style\\='font\\-size\\: 14pt;'\\>R\\<\\\/span\\>\\<\\\/strong\\>\\<span style\\='font\\-size\\: 14pt;'\\>eferendum d'\\<strong\\>I\\<\\\/strong\\>nitiative \\<strong\\>C\\<\\\/strong\\>itoyenne\\<\\\/span\\>\\<\\\/p\\>\"; toolTips('.classtoolTips205',tt_store_content,'12268'); <\/script><script type=\"text\/javascript\"> var tt_store_content = \"\\<p\\>RTE \\= R\u00e9seau de Transport d'Electricit\u00e9 est une filiale d'EDF qui est l'actionnaire majoritaire avec 50,1% des parts le reste \u00e9tant partag\u00e9 par la CDC et la CNP\\<\\\/p\\>\"; toolTips('.classtoolTips208',tt_store_content,'25844'); <\/script><script type=\"text\/javascript\"> var tt_store_content = \"\\<p style\\='text\\-align\\: center;'\\>\\<span style\\='font\\-size\\: 14pt;'\\>\\<strong\\>O\\<\\\/strong\\>rganisation\\<strong\\> N\\<\\\/strong\\>on\\<strong\\> G\\<\\\/strong\\>ouvernementale\\<\\\/span\\>\\<\\\/p\\><br\/>Une organisation non gouvernementale \\(<span class='tooltipsall tooltip_post_id_3579 classtoolTips210'>ONG<\/span>\\) est une \\<a title\\='Association \u00e0 but non lucratif' href\\='https\\:\\\/\\\/fr\\.wikipedia\\.org\\\/wiki\\\/Association_%C3%A0_but_non_lucratif' target\\='_blank' rel\\='noopener'\\>association \u00e0 but non lucratif\\<\\\/a\\>, d'int\u00e9r\u00eat public, qui ne rel\u00e8ve ni de l'\u00c9tat, ni d'institutions internationales\\<sup id\\='cite_ref\\-novethic_1\\-0' class\\='reference'\\>\\<\\\/sup\\>\\. Les ONG n'ont pas le statut de sujet de \\<a title\\='Droit international public' href\\='https\\:\\\/\\\/fr\\.wikipedia\\.org\\\/wiki\\\/Droit_international_public' target\\='_blank' rel\\='noopener'\\>droit international\\<\\\/a\\>\\.\"; toolTips('.classtoolTips210',tt_store_content,'3579'); <\/script><script type=\"text\/javascript\"> var tt_store_content = \"\\<p style\\='text\\-align\\: center;'\\>\\<span style\\='font\\-size\\: 14pt;'\\>\\<strong\\>O\\<\\\/strong\\>rganisation\\<strong\\> N\\<\\\/strong\\>on\\<strong\\> G\\<\\\/strong\\>ouvernementale\\<\\\/span\\>\\<\\\/p\\><br\/>Une organisation non gouvernementale \\(ONG\\) est une \\<a title\\='Association \u00e0 but non lucratif' href\\='https\\:\\\/\\\/fr\\.wikipedia\\.org\\\/wiki\\\/Association_%C3%A0_but_non_lucratif' target\\='_blank' rel\\='noopener'\\>association \u00e0 but non lucratif\\<\\\/a\\>, d'int\u00e9r\u00eat public, qui ne rel\u00e8ve ni de l'\u00c9tat, ni d'institutions internationales\\<sup id\\='cite_ref\\-novethic_1\\-0' class\\='reference'\\>\\<\\\/sup\\>\\. Les ONG n'ont pas le statut de sujet de \\<a title\\='Droit international public' href\\='https\\:\\\/\\\/fr\\.wikipedia\\.org\\\/wiki\\\/Droit_international_public' target\\='_blank' rel\\='noopener'\\>droit international\\<\\\/a\\>\\.\"; toolTips('.classtoolTips210',tt_store_content,'3579'); <\/script><script type=\"text\/javascript\"> var tt_store_content = \"\\<p\\><span class='tooltipsall tooltip_post_id_30593 classtoolTips214'>RN<\/span> \\= Rassemble National, c'est le parti d'extr\u00eame droite de Marine Le Pen qui succ\u00e8de au FN \\= Front National fond\u00e9 par son p\u00e8re Jean Marie Le Pen\\<\\\/p\\>\"; toolTips('.classtoolTips214',tt_store_content,'30593'); <\/script><script type=\"text\/javascript\"> var tt_store_content = \"\\<p style\\='text\\-align\\: center;'\\>\\<span style\\='font\\-size\\: 14pt;'\\>\\<strong\\>C\\<\\\/strong\\>entre \\<strong\\>H\\<\\\/strong\\>ospitalier\\<\\\/span\\>\\<\\\/p\\>\"; toolTips('.classtoolTips220',tt_store_content,'18357'); <\/script><script type=\"text\/javascript\"> var tt_store_content = \"\\<p\\>D\u00e9chets radioactifs \u00e0 Haute Activit\u00e9 \\(classement <span class='tooltipsall tooltip_post_id_3612 classtoolTips79'>ANDRA<\/span>\\)\\<\\\/p\\>\"; toolTips('.classtoolTips223',tt_store_content,'19196'); <\/script>","protected":false},"excerpt":{"rendered":"<p>Une participation importante des citoyens \u00e0 des consultations \u00ab\u00a0libres et non fauss\u00e9es\u00a0\u00bb ne peut que renforcer la d\u00e9mocratie et aboutir \u00e0 des solutions plus raisonnables que celles issues d\u2019une petite minorit\u00e9 sous influence d\u2019int\u00e9r\u00eats particuliers.<script type=\"text\/javascript\"> var tt_store_content = \"En France, il existe deux moyens principaux pour cr\u00e9er ou modifier une loi\\:<br \/>\\<ul\\> \t\\<li\\>le \\<strong\\><span class='tooltipsall tooltip_post_id_6375 classtoolTips9'>projet de loi<\/span>\\<\\\/strong\\>, qui \u00e9mane du gouvernement,\\<\\\/li\\><br \/> \t\\<li\\>la \\<strong\\><span class='tooltipsall tooltip_post_id_6375 classtoolTips9'>proposition de loi<\/span>\\<\\\/strong\\>, qui \u00e9mane d'un ou plusieurs parlementaires\\. &nbsp;\\<\\\/li\\><br \/>\\<\\\/ul\\>\"; toolTips('.classtoolTips9',tt_store_content,'6375'); <\/script><script type=\"text\/javascript\"> var tt_store_content = \"\\<\/p>\n<p style\\='text\\-align\\: center;'\\>\\<strong\\>Agence Europ\u00e9enne des produits CHimiques<br \/>\\(European CHemicals Agency\\)\\<\\\/strong\\>\\<\\\/p\\>\"; toolTips('.classtoolTips130',tt_store_content,'3745'); <\/script><script type=\"text\/javascript\"> var tt_store_content = \"\\<\/p>\n<p style\\='text\\-align\\: center;'\\>\\<span style\\='font\\-size\\: 14pt;'\\>\\<strong\\>C\\<\\\/strong\\>ommission\\<strong\\> N\\<\\\/strong\\>ationale du \\<strong\\>D\\<\\\/strong\\>\u00e9bat\\<strong\\> P\\<\\\/strong\\>ublic\\<\\\/span\\>\\<\\\/p\\><br \/>\\<\/p>\n<p style\\='text\\-align\\: center;'\\>La Commission nationale du d\u00e9bat public est une autorit\u00e9 administrative ind\u00e9pendante dont la mission est d\u2019informer les citoyens et de faire en sorte que leur point de vue soit pris en compte dans le processus de d\u00e9cision \\: \\<br\\><br \/>\u00ab Vous donner la parole et la faire entendre \u00bb\\.'\\<\\\/p\\><br \/>\\<p\\>Voir \\<a href\\='https\\:\\\/\\\/www\\.debatpublic\\.fr\\\/son\\-role' target\\='_blank' rel\\='noopener'\\>ici la d\u00e9finition compl\u00e8te du r\u00f4le de la <span class='tooltipsall tooltip_post_id_4067 classtoolTips139'>CNDP<\/span>\\<\\\/a\\>\\<br\\><br \/>Aller sur le \\<a href\\='https\\:\\\/\\\/www\\.debatpublic\\.fr\\\/' target\\='_blank' rel\\='noopener'\\>site de la CNDP\\<\\\/a\\>\\<\\\/p\\>\"; toolTips('.classtoolTips139',tt_store_content,'4067'); <\/script><script type=\"text\/javascript\"> var tt_store_content = \"\\<\/p>\n<p style\\='text\\-align\\: center;'\\>\\<strong\\>\\<span style\\='font\\-size\\: 14pt;'\\>S\\<\\\/span\\>\\<\\\/strong\\>\\<span style\\='font\\-size\\: 14pt;'\\>oci\u00e9t\u00e9 d'\\<strong\\>\u00c9\\<\\\/strong\\>conomie \\<strong\\>M\\<\\\/strong\\>ixte\\<\\\/span\\>\\<\\\/p\\><br \/>\\<\/p>\n<p style\\='text\\-align\\: justify;'\\>En France, une soci\u00e9t\u00e9 d'\u00e9conomie mixte est une soci\u00e9t\u00e9 anonyme dont le capital est majoritairement d\u00e9tenu par une ou plusieurs personnes publiques \\(\u00e0 savoir l'\u00c9tat, une Collectivit\u00e9 territoriale, ou tout autre \u00c9tablissement public\\)\\. Cette participation majoritaire publique est plafonn\u00e9e \u00e0 85&nbsp;% du capital depuis la Loi du 2 janvier 2002\\. Au moins une personne priv\u00e9e doit participer au capital de la <span class='tooltipsall tooltip_post_id_7168 classtoolTips142'>SEM<\/span>, sachant qu'il peut s'agir d'une autre SEM\\.\\<\\\/p\\><br \/>\\<\/p>\n<p style\\='text\\-align\\: justify;'\\>\\<strong\\>Le recours \u00e0 la SEM garantit\\<\\\/strong\\> \u00e0 la collectivit\u00e9 publique actionnaire et cocontractante \\<strong\\>la prise en compte effective de l'int\u00e9r\u00eat g\u00e9n\u00e9ral\\<\\\/strong\\> dans les objectifs de l'entreprise \\<strong\\>et la souplesse de la soci\u00e9t\u00e9 de droit priv\u00e9\\<\\\/strong\\>\\.\\<\\\/p\\><br \/>\\<em\\>\\<a href\\='https\\:\\\/\\\/fr\\.wikipedia\\.org\\\/wiki\\\/Soci%C3%A9t%C3%A9_d%27%C3%A9conomie_mixte' target\\='_blank' rel\\='noopener'\\>Voir ici la page Wikipedia consacr\u00e9e aux SEM\\<\\\/a\\> \\<\\\/em\\><\/p>\n<p>&nbsp;\"; toolTips('.classtoolTips142',tt_store_content,'7168'); <\/script><script type=\"text\/javascript\"> var tt_store_content = \"\\<\/p>\n<p style\\='text\\-align\\: justify'\\>La \u00ab\u00a0\\<b\\>programmation pluriannuelle de l'\u00e9nergie\\<\\\/b\\>\u00a0\u00bb \\(<span class='tooltipsall tooltip_post_id_7750 classtoolTips164'>PPE<\/span>\\) est, en France, un document strat\u00e9gique de pilotage de la transition \u00e9nerg\u00e9tique\\. Institu\u00e9e par l'article 176 de la \\<a title\\='Loi relative \u00e0 la transition \u00e9nerg\u00e9tique pour la croissance verte' href\\='https\\:\\\/\\\/fr\\.wikipedia\\.org\\\/wiki\\\/Loi_relative_%C3%A0_la_transition_%C3%A9nerg%C3%A9tique_pour_la_croissance_verte'\\>loi de transition \u00e9nerg\u00e9tique\\<\\\/a\\> \\(TECV\\), elle fixe une trajectoire pour le \\<a title\\='Mix \u00e9nerg\u00e9tique' href\\='https\\:\\\/\\\/fr\\.wikipedia\\.org\\\/wiki\\\/Mix_%C3%A9nerg%C3%A9tique'\\>mix \u00e9nerg\u00e9tique\\<\\\/a\\>, ainsi que \\<span class\\='citation'\\>\u00ab\u00a0les priorit\u00e9s d'action pour la gestion de l\u2019ensemble des formes d'\u00e9nergie sur le territoire m\u00e9tropolitain continental, afin d\u2019atteindre les objectifs nationaux fix\u00e9s par la loi\u00a0\u00bb\\<\\\/span\\>\\. \\(Wikip\u00e9dia\\)\\<\\\/p\\>\"; toolTips('.classtoolTips164',tt_store_content,'7750'); <\/script><script type=\"text\/javascript\"> var tt_store_content = \"\\<\/p>\n<p style\\='text\\-align\\: justify'\\>La \u00ab\u00a0\\<b\\>programmation pluriannuelle de l'\u00e9nergie\\<\\\/b\\>\u00a0\u00bb \\(PPE\\) est, en France, un document strat\u00e9gique de pilotage de la transition \u00e9nerg\u00e9tique\\. Institu\u00e9e par l'article 176 de la \\<a title\\='Loi relative \u00e0 la transition \u00e9nerg\u00e9tique pour la croissance verte' href\\='https\\:\\\/\\\/fr\\.wikipedia\\.org\\\/wiki\\\/Loi_relative_%C3%A0_la_transition_%C3%A9nerg%C3%A9tique_pour_la_croissance_verte'\\>loi de transition \u00e9nerg\u00e9tique\\<\\\/a\\> \\(TECV\\), elle fixe une trajectoire pour le \\<a title\\='Mix \u00e9nerg\u00e9tique' href\\='https\\:\\\/\\\/fr\\.wikipedia\\.org\\\/wiki\\\/Mix_%C3%A9nerg%C3%A9tique'\\>mix \u00e9nerg\u00e9tique\\<\\\/a\\>, ainsi que \\<span class\\='citation'\\>\u00ab\u00a0les priorit\u00e9s d'action pour la gestion de l\u2019ensemble des formes d'\u00e9nergie sur le territoire m\u00e9tropolitain continental, afin d\u2019atteindre les objectifs nationaux fix\u00e9s par la loi\u00a0\u00bb\\<\\\/span\\>\\. \\(Wikip\u00e9dia\\)\\<\\\/p\\>\"; toolTips('.classtoolTips164',tt_store_content,'7750'); <\/script><script type=\"text\/javascript\"> var tt_store_content = \"\\<\/p>\n<p style\\='text\\-align\\: justify;'\\>Le Conseil d'Orientation des Retraites est une instance qui r\u00e9unit &nbsp;\\<span class\\='st'\\>les principaux acteurs du champ des retraites\\<\\\/span\\> et effectue un travail d'\u00e9tudes et de concertation\\. Compos\u00e9 de parlementaires, de repr\u00e9sentants des organisations professionnelles et syndicales, des retrait\u00e9s et des familles, de membres de l'administration et d'experts, le Conseil d'orientation des retraites \\(<span class='tooltipsall tooltip_post_id_7751 classtoolTips165'>COR<\/span>\\) est plac\u00e9 aupr\u00e8s du Premier ministre\\.\\<\\\/p\\>\"; toolTips('.classtoolTips165',tt_store_content,'7751'); <\/script><script type=\"text\/javascript\"> var tt_store_content = \"\\<\/p>\n<p style\\='text\\-align\\: center;'\\>\\<span style\\='font\\-size\\: 14pt;'\\>\\<strong\\>O\\<\\\/strong\\>rganisation \\<strong\\>M\\<\\\/strong\\>\u00e9t\u00e9orologique \\<strong\\>M\\<\\\/strong\\>ondiale<br \/>\\<strong\\>W\\<\\\/strong\\>orld \\<strong\\>M\\<\\\/strong\\>eteorological \\<strong\\>O\\<\\\/strong\\>rganization\\<\\\/span\\>\\<\\\/p\\><br \/>&nbsp;<\/p>\n<p>\\<a href\\='https\\:\\\/\\\/public\\.wmo\\.int\\\/fr' target\\='_blank' rel\\='noopener'\\>\\<em\\>Acc\u00e9der ici au site de l'organisation\\<\\\/em\\>\\<\\\/a\\>\"; toolTips('.classtoolTips168',tt_store_content,'7763'); <\/script><script type=\"text\/javascript\"> var tt_store_content = \"\\<\/p>\n<p style\\='text\\-align\\: center;'\\>\\<span style\\='font\\-size\\: 14pt;'\\>\\<strong\\>\u00c9\\<\\\/strong\\>cole \\<strong\\>N\\<\\\/strong\\>ationale d'\\<strong\\>A\\<\\\/strong\\>dministration\\<\\\/span\\>\\<\\\/p\\>\"; toolTips('.classtoolTips170',tt_store_content,'5213'); <\/script><script type=\"text\/javascript\"> var tt_store_content = \"\\<\/p>\n<p style\\='text\\-align\\: center;'\\>\\<span style\\='font\\-size\\: 14pt;'\\>\\<strong\\>P\\<\\\/strong\\>\\<\\\/span\\>\\<span style\\='font\\-size\\: 14pt;'\\>lan \\<strong\\>L\\<\\\/strong\\>\\<\\\/span\\>\\<span style\\='font\\-size\\: 14pt;'\\>ocal d'\\<strong\\>U\\<\\\/strong\\>\\<\\\/span\\>\\<span style\\='font\\-size\\: 14pt;'\\>rbanisme\\<\\\/span\\>\\<\\\/p\\><br \/>&nbsp;\"; toolTips('.classtoolTips176',tt_store_content,'4979'); <\/script><script type=\"text\/javascript\"> var tt_store_content = \"\\<\/p>\n<p style\\='text\\-align\\: center;'\\>\\<strong\\>\\<span style\\='font\\-size\\: 14pt;'\\>E\\<\\\/span\\>\\<\\\/strong\\>\\<span style\\='font\\-size\\: 14pt;'\\>lectricit\u00e9 \\<strong\\>d\\<\\\/strong\\>e \\<strong\\>F\\<\\\/strong\\>rance\\<\\\/span\\>\\<\\\/p\\>\"; toolTips('.classtoolTips178',tt_store_content,'7035'); <\/script><script type=\"text\/javascript\"> var tt_store_content = \"\\<\/p>\n<p style\\='text\\-align\\: center;'\\>\\<strong\\>\\<span style\\='font\\-size\\: 14pt;'\\>E\\<\\\/span\\>\\<\\\/strong\\>\\<span style\\='font\\-size\\: 14pt;'\\>lectricit\u00e9 \\<strong\\>d\\<\\\/strong\\>e \\<strong\\>F\\<\\\/strong\\>rance\\<\\\/span\\>\\<\\\/p\\>\"; toolTips('.classtoolTips178',tt_store_content,'7035'); <\/script><script type=\"text\/javascript\"> var tt_store_content = \"\\<p\\>Conseil \u00c9conomique et Social\\<\\\/p\\>\"; toolTips('.classtoolTips180',tt_store_content,'29829'); <\/script><script type=\"text\/javascript\"> var tt_store_content = \"\\<\/p>\n<p style\\='text\\-align\\: center;'\\>\\<span style\\='font\\-size\\: 14pt;'\\>\\<strong\\>G\\<\\\/strong\\>roupement \\<strong\\>H\\<\\\/strong\\>ospitalier de \\<strong\\>T\\<\\\/strong\\>erritoire\\<\\\/span\\>\\<\\\/p\\><br \/>\\<\/p>\n<p style\\='text\\-align\\: justify;'\\>Les groupements hospitaliers de territoires, dispositif pr\u00e9vu par la loi de sant\u00e9 2016, sont un nouveau mode de coop\u00e9ration entre les \u00e9tablissements publics de sant\u00e9 \u00e0 l\u2019\u00e9chelle d\u2019un territoire\\<\\\/p\\>\"; toolTips('.classtoolTips189',tt_store_content,'18358'); <\/script><script type=\"text\/javascript\"> var tt_store_content = \"\\<\/p>\n<p style\\='text\\-align\\: center;'\\>\\<span style\\='font\\-size\\: 14pt;'\\>\\<strong\\>C\\<\\\/strong\\>omit\u00e9 \\<strong\\>T\\<\\\/strong\\>echnique d'\\<strong\\>\u00c9\\<\\\/strong\\>tablissement\\<\\\/span\\>\\<\\\/p\\>\"; toolTips('.classtoolTips191',tt_store_content,'18359'); <\/script><script type=\"text\/javascript\"> var tt_store_content = \"\\<\/p>\n<p style\\='text\\-align\\: center;'\\>\\<strong\\>\\<span style\\='font\\-size\\: 14pt;'\\>P\\<\\\/span\\>\\<\\\/strong\\>\\<span style\\='font\\-size\\: 14pt;'\\>rogrammation \\<strong\\>P\\<\\\/strong\\>luri\\-annuelle de l'\\<strong\\>\u00c9\\<\\\/strong\\>nergie\\<\\\/span\\>\\<\\\/p\\><br \/>La PPE est est en France un document strat\u00e9gique de pilotage de la transition \u00e9nerg\u00e9tique\\. Institu\u00e9e par l'article 176 de la loi transition \u00e9nerg\u00e9tique \\(TECV\\)\\. Elle fixe \\(par \u00e9nergie\\) une trajectoire pour le mix \u00e9nerg\u00e9tique, ainsi que \u00ab&nbsp;\\<em\\>les priorit\u00e9s d'action pour la gestion de l\u2019ensemble des formes d'\u00e9nergie sur le territoire m\u00e9tropolitain continental, afin d\u2019atteindre les objectifs nationaux fix\u00e9s par la loi\\<\\\/em\\>&nbsp;\u00bb\\.<\/p>\n<p>Initi\u00e9e en 2016, elle est r\u00e9vis\u00e9e en 2018 puis ensuite tous les 5 ans\\.<\/p>\n<p>\\<a href\\='https\\:\\\/\\\/fr\\.wikipedia\\.org\\\/wiki\\\/Programmation_pluriannuelle_de_l'\u00e9nergi' target\\='_blank' rel\\='noopener'\\>\\<em\\>Voir ici la page Wikipedia consacr\u00e9e \u00e0 la PPE\\<\\\/em\\>\\<\\\/a\\><br \/>\\<a href\\='https\\:\\\/\\\/ppe\\.debatpublic\\.fr\\\/' target\\='_blank' rel\\='noopener'\\>\\<em\\>Voir ici la page du site 'Commission du D\u00e9bat Public' consacr\u00e9e \u00e0 la PPE\\<\\\/em\\>\\<\\\/a\\>\"; toolTips('.classtoolTips193',tt_store_content,'7102'); <\/script><script type=\"text\/javascript\"> var tt_store_content = \"\\<\/p>\n<p style\\='text\\-align\\: center;'\\>\\<span style\\='font\\-size\\: 14pt;'\\>\\<strong\\>E\\<\\\/strong\\>volutionary \\<strong\\>P\\<\\\/strong\\>ower \\<strong\\>R\\<\\\/strong\\>eactor\\<\\\/span\\>\\<\\\/p\\><br \/>\\<\/p>\n<p style\\='text\\-align\\: justify;'\\>R\u00e9acteur nucl\u00e9aire de troisi\u00e8me g\u00e9n\u00e9ration \\(classification internationale\\), con\u00e7u et d\u00e9velopp\u00e9 par <span class='tooltipsall tooltip_post_id_5121 classtoolTips35'>Areva NP<\/span>&nbsp; au cours des ann\u00e9es 1990 et 2000\\. Il fait partie de la fili\u00e8re des r\u00e9acteurs \u00e0 eau pressuris\u00e9e\\.\\<\\\/p\\><br \/>\\<a href\\='https\\:\\\/\\\/fr\\.wikipedia\\.org\\\/wiki\\\/R%C3%A9acteur_pressuris%C3%A9_europ%C3%A9en' target\\='_blank' rel\\='noopener'\\>\\<em\\>Voir ici la fiche Wikipedia <span class='tooltipsall tooltip_post_id_5579 classtoolTips196'>EPR<\/span>\\<\\\/em\\>\\<\\\/a\\>\"; toolTips('.classtoolTips196',tt_store_content,'5579'); <\/script><script type=\"text\/javascript\"> var tt_store_content = \"\\<\/p>\n<p style\\='text\\-align\\: center;'\\>\\<strong\\>\\<span style\\='font\\-size\\: 14pt;'\\>R\\<\\\/span\\>\\<\\\/strong\\>\\<span style\\='font\\-size\\: 14pt;'\\>eferendum d'\\<strong\\>I\\<\\\/strong\\>nitiative \\<strong\\>C\\<\\\/strong\\>itoyenne\\<\\\/span\\>\\<\\\/p\\>\"; toolTips('.classtoolTips205',tt_store_content,'12268'); <\/script><script type=\"text\/javascript\"> var tt_store_content = \"\\<p\\><span class='tooltipsall tooltip_post_id_25844 classtoolTips208'>RTE<\/span> \\= R\u00e9seau de Transport d'Electricit\u00e9 est une filiale d'<span class='tooltipsall tooltip_post_id_7035 classtoolTips178'>EDF<\/span> qui est l'actionnaire majoritaire avec 50,1% des parts le reste \u00e9tant partag\u00e9 par la CDC et la CNP\\<\\\/p\\>\"; toolTips('.classtoolTips208',tt_store_content,'25844'); <\/script><script type=\"text\/javascript\"> var tt_store_content = \"\\<\/p>\n<p style\\='text\\-align\\: center;'\\>\\<span style\\='font\\-size\\: 14pt;'\\>\\<strong\\>O\\<\\\/strong\\>rganisation\\<strong\\> N\\<\\\/strong\\>on\\<strong\\> G\\<\\\/strong\\>ouvernementale\\<\\\/span\\>\\<\\\/p\\><br \/>Une organisation non gouvernementale \\(<span class='tooltipsall tooltip_post_id_3579 classtoolTips210'>ONG<\/span>\\) est une \\<a title\\='Association \u00e0 but non lucratif' href\\='https\\:\\\/\\\/fr\\.wikipedia\\.org\\\/wiki\\\/Association_%C3%A0_but_non_lucratif' target\\='_blank' rel\\='noopener'\\>association \u00e0 but non lucratif\\<\\\/a\\>, d'int\u00e9r\u00eat public, qui ne rel\u00e8ve ni de l'\u00c9tat, ni d'institutions internationales\\<sup id\\='cite_ref\\-novethic_1\\-0' class\\='reference'\\>\\<\\\/sup\\>\\. Les ONG n'ont pas le statut de sujet de \\<a title\\='Droit international public' href\\='https\\:\\\/\\\/fr\\.wikipedia\\.org\\\/wiki\\\/Droit_international_public' target\\='_blank' rel\\='noopener'\\>droit international\\<\\\/a\\>\\.\"; toolTips('.classtoolTips210',tt_store_content,'3579'); <\/script><script type=\"text\/javascript\"> var tt_store_content = \"\\<\/p>\n<p style\\='text\\-align\\: center;'\\>\\<span style\\='font\\-size\\: 14pt;'\\>\\<strong\\>O\\<\\\/strong\\>rganisation\\<strong\\> N\\<\\\/strong\\>on\\<strong\\> G\\<\\\/strong\\>ouvernementale\\<\\\/span\\>\\<\\\/p\\><br \/>Une organisation non gouvernementale \\(ONG\\) est une \\<a title\\='Association \u00e0 but non lucratif' href\\='https\\:\\\/\\\/fr\\.wikipedia\\.org\\\/wiki\\\/Association_%C3%A0_but_non_lucratif' target\\='_blank' rel\\='noopener'\\>association \u00e0 but non lucratif\\<\\\/a\\>, d'int\u00e9r\u00eat public, qui ne rel\u00e8ve ni de l'\u00c9tat, ni d'institutions internationales\\<sup id\\='cite_ref\\-novethic_1\\-0' class\\='reference'\\>\\<\\\/sup\\>\\. Les ONG n'ont pas le statut de sujet de \\<a title\\='Droit international public' href\\='https\\:\\\/\\\/fr\\.wikipedia\\.org\\\/wiki\\\/Droit_international_public' target\\='_blank' rel\\='noopener'\\>droit international\\<\\\/a\\>\\.\"; toolTips('.classtoolTips210',tt_store_content,'3579'); <\/script><script type=\"text\/javascript\"> var tt_store_content = \"\\<p\\><span class='tooltipsall tooltip_post_id_30593 classtoolTips214'>RN<\/span> \\= Rassemble National, c'est le parti d'extr\u00eame droite de Marine Le Pen qui succ\u00e8de au FN \\= Front National fond\u00e9 par son p\u00e8re Jean Marie Le Pen\\<\\\/p\\>\"; toolTips('.classtoolTips214',tt_store_content,'30593'); <\/script><script type=\"text\/javascript\"> var tt_store_content = \"\\<\/p>\n<p style\\='text\\-align\\: center;'\\>\\<span style\\='font\\-size\\: 14pt;'\\>\\<strong\\>C\\<\\\/strong\\>entre \\<strong\\>H\\<\\\/strong\\>ospitalier\\<\\\/span\\>\\<\\\/p\\>\"; toolTips('.classtoolTips220',tt_store_content,'18357'); <\/script><script type=\"text\/javascript\"> var tt_store_content = \"\\<p\\>D\u00e9chets radioactifs \u00e0 Haute Activit\u00e9 \\(classement <span class='tooltipsall tooltip_post_id_3612 classtoolTips79'>ANDRA<\/span>\\)\\<\\\/p\\>\"; toolTips('.classtoolTips223',tt_store_content,'19196'); <\/script><\/p>\n","protected":false},"author":5,"featured_media":0,"comment_status":"open","ping_status":"open","sticky":false,"template":"","format":"standard","meta":{"_acf_changed":false,"ngg_post_thumbnail":0,"_jetpack_memberships_contains_paid_content":false,"footnotes":""},"categories":[6,9,170,28,19,5,27],"tags":[],"coauthors":[18],"class_list":["post-27136","post","type-post","status-publish","format-standard","hentry","category-actu","category-actu_gen","category-rub_pol_citoyennete","category-rub_env","category-rub_env_nucl","category-rub_pol","category-rub","edition-edi_00092","type_art-type_art_article","dossier-dossiers_nucleaire_desastre","no-thumb"],"acf":[],"jetpack_featured_media_url":"","jetpack_sharing_enabled":true,"jetpack_shortlink":"https:\/\/wp.me\/p9B5TM-73G","_links":{"self":[{"href":"https:\/\/le-clairon-nouveau.fr\/wordpress\/wp-json\/wp\/v2\/posts\/27136","targetHints":{"allow":["GET"]}}],"collection":[{"href":"https:\/\/le-clairon-nouveau.fr\/wordpress\/wp-json\/wp\/v2\/posts"}],"about":[{"href":"https:\/\/le-clairon-nouveau.fr\/wordpress\/wp-json\/wp\/v2\/types\/post"}],"author":[{"embeddable":true,"href":"https:\/\/le-clairon-nouveau.fr\/wordpress\/wp-json\/wp\/v2\/users\/5"}],"replies":[{"embeddable":true,"href":"https:\/\/le-clairon-nouveau.fr\/wordpress\/wp-json\/wp\/v2\/comments?post=27136"}],"version-history":[{"count":0,"href":"https:\/\/le-clairon-nouveau.fr\/wordpress\/wp-json\/wp\/v2\/posts\/27136\/revisions"}],"wp:attachment":[{"href":"https:\/\/le-clairon-nouveau.fr\/wordpress\/wp-json\/wp\/v2\/media?parent=27136"}],"wp:term":[{"taxonomy":"category","embeddable":true,"href":"https:\/\/le-clairon-nouveau.fr\/wordpress\/wp-json\/wp\/v2\/categories?post=27136"},{"taxonomy":"post_tag","embeddable":true,"href":"https:\/\/le-clairon-nouveau.fr\/wordpress\/wp-json\/wp\/v2\/tags?post=27136"},{"taxonomy":"author","embeddable":true,"href":"https:\/\/le-clairon-nouveau.fr\/wordpress\/wp-json\/wp\/v2\/coauthors?post=27136"}],"curies":[{"name":"wp","href":"https:\/\/api.w.org\/{rel}","templated":true}]}}