{"id":27339,"date":"2022-12-23T12:30:31","date_gmt":"2022-12-23T11:30:31","guid":{"rendered":"https:\/\/le-clairon-nouveau.fr\/wordpress\/?p=27339"},"modified":"2022-12-29T11:17:40","modified_gmt":"2022-12-29T10:17:40","slug":"2022-la-filiere-nucleaire-francaise-se-delite","status":"publish","type":"post","link":"https:\/\/le-clairon-nouveau.fr\/wordpress\/blog\/2022\/12\/23\/2022-la-filiere-nucleaire-francaise-se-delite\/","title":{"rendered":"2022 : la fili\u00e8re nucl\u00e9aire fran\u00e7aise se d\u00e9lite ?"},"content":{"rendered":"<p style=\"text-align: center\"><span style=\"font-size: 18pt\"><strong>Chronique d\u2019une catastrophe annonc\u00e9e (suite)<\/strong><\/span><\/p>\n<p style=\"text-align: center\"><span style=\"font-size: 8pt\"><em><strong><img data-recalc-dims=\"1\" loading=\"lazy\" decoding=\"async\" class=\" wp-image-27344 aligncenter\" src=\"https:\/\/i0.wp.com\/le-clairon-nouveau.fr\/wordpress\/wp-content\/uploads\/2022\/12\/girouette-Image-par-Dominik-Hintz-de-Pixabay.jpg?resize=484%2C321&#038;ssl=1\" alt=\"\" width=\"484\" height=\"321\" srcset=\"https:\/\/i0.wp.com\/le-clairon-nouveau.fr\/wordpress\/wp-content\/uploads\/2022\/12\/girouette-Image-par-Dominik-Hintz-de-Pixabay.jpg?resize=300%2C199&amp;ssl=1 300w, https:\/\/i0.wp.com\/le-clairon-nouveau.fr\/wordpress\/wp-content\/uploads\/2022\/12\/girouette-Image-par-Dominik-Hintz-de-Pixabay.jpg?resize=1024%2C681&amp;ssl=1 1024w, https:\/\/i0.wp.com\/le-clairon-nouveau.fr\/wordpress\/wp-content\/uploads\/2022\/12\/girouette-Image-par-Dominik-Hintz-de-Pixabay.jpg?resize=768%2C511&amp;ssl=1 768w, https:\/\/i0.wp.com\/le-clairon-nouveau.fr\/wordpress\/wp-content\/uploads\/2022\/12\/girouette-Image-par-Dominik-Hintz-de-Pixabay.jpg?w=1280&amp;ssl=1 1280w\" sizes=\"auto, (max-width: 484px) 100vw, 484px\" \/>La girouette ne produit pas d\u2019\u00e9nergie mais elle en consomme <\/strong><\/em><\/span><em><strong><span style=\"font-size: 8pt\">(Image par Dominik Hintz de Pixabay)<\/span><\/strong><\/em><\/p>\n<p style=\"text-align: justify\"><strong><em>\u00c9tonnante ann\u00e9e 2022 ! Elle commence par un pr\u00e9sident de la R\u00e9publique \u00ab\u00a0girouette\u00a0\u00bb, qui renie son engagement de 2017 \u00e0 r\u00e9duire \u00e0 50% la part du nucl\u00e9aire\u00a0 dans la production totale d\u2019\u00e9nergie et annonce le 10 f\u00e9vrier 2022, \u00e0 Belfort sur le site de <\/em><\/strong><strong><em>\u00ab\u00a0<\/em><\/strong><strong><em>G\u00e9n\u00e9ral \u00c9lectric<\/em><\/strong><strong><em>\u00ab\u00a0,<\/em><\/strong><strong><em> sa relance avec notamment la construction de 6 nouveaux <span class='tooltipsall tooltip_post_id_5579 classtoolTips196'>EPR<\/span>. <br \/>\n<\/em><\/strong><strong><em>Elle se termine par une quasi d\u00e9route de la fili\u00e8re nucl\u00e9aire fran\u00e7aise : multiplication, des pannes et des malfa\u00e7ons d\u00e9tect\u00e9es, retards suppl\u00e9mentaires et nouveaux surco\u00fbts pour l\u2019EPR de Flamanville, importation d&rsquo;\u00e9lectricit\u00e9 \u00ab\u00a0<span class='tooltipsall tooltip_post_id_18357 classtoolTips220'>ch<\/span>\u00e8re\u00a0\u00bb des pays voisins.<br \/>\n<\/em><\/strong><\/p>\n<p style=\"text-align: center\"><img data-recalc-dims=\"1\" loading=\"lazy\" decoding=\"async\" class=\" wp-image-25025 aligncenter\" src=\"https:\/\/i0.wp.com\/le-clairon-nouveau.fr\/wordpress\/wp-content\/uploads\/2021\/07\/jolie-centrale-nucleaire-suisse-dArgovie-Image-par-ramboldheiner-de-Pixabay.jpg?resize=582%2C235&#038;ssl=1\" alt=\"\" width=\"582\" height=\"235\" srcset=\"https:\/\/i0.wp.com\/le-clairon-nouveau.fr\/wordpress\/wp-content\/uploads\/2021\/07\/jolie-centrale-nucleaire-suisse-dArgovie-Image-par-ramboldheiner-de-Pixabay.jpg?resize=300%2C121&amp;ssl=1 300w, https:\/\/i0.wp.com\/le-clairon-nouveau.fr\/wordpress\/wp-content\/uploads\/2021\/07\/jolie-centrale-nucleaire-suisse-dArgovie-Image-par-ramboldheiner-de-Pixabay.jpg?resize=1024%2C414&amp;ssl=1 1024w, https:\/\/i0.wp.com\/le-clairon-nouveau.fr\/wordpress\/wp-content\/uploads\/2021\/07\/jolie-centrale-nucleaire-suisse-dArgovie-Image-par-ramboldheiner-de-Pixabay.jpg?resize=768%2C310&amp;ssl=1 768w, https:\/\/i0.wp.com\/le-clairon-nouveau.fr\/wordpress\/wp-content\/uploads\/2021\/07\/jolie-centrale-nucleaire-suisse-dArgovie-Image-par-ramboldheiner-de-Pixabay.jpg?w=1280&amp;ssl=1 1280w\" sizes=\"auto, (max-width: 582px) 100vw, 582px\" \/><span style=\"font-size: 8pt\"><strong><em>Centrale nucl\u00e9aire suisse d&rsquo;Argovie (Image par ramboldheiner de Pixabay)<\/em><\/strong><\/span><\/p>\n<p><strong>Un diagnostic pos\u00e9 depuis longtemps<\/strong><\/p>\n<p style=\"text-align: justify\">Depuis plusieurs ann\u00e9es des <span class='tooltipsall tooltip_post_id_3579 classtoolTips210'>ONG<\/span>, une partie de la presse ainsi que le \u00ab\u00a0Clairon\u00a0\u00bb, tentent d\u2019alerter l\u2019opinion sur la d\u00e9gradation de la fili\u00e8re nucl\u00e9aire fran\u00e7aise. A l\u2019int\u00e9rieur de cette fili\u00e8re, divers acteurs comme l\u2019<span class='tooltipsall tooltip_post_id_3650 classtoolTips163'>ASN<\/span> et m\u00eame <span class='tooltipsall tooltip_post_id_7035 classtoolTips178'>EDF<\/span> ont confirm\u00e9 cette situation.<\/p>\n<ul>\n<li style=\"text-align: justify\">Les pannes et dysfonctionnements s\u2019accumulent sur les r\u00e9acteurs ainsi que sur la fili\u00e8re combustibles et d\u00e9chets nucl\u00e9aires dont les conditions de stockage sont al\u00e9atoires<\/li>\n<li style=\"text-align: justify\">Les cahiers de charges ne sont pas respect\u00e9s par certains sous-traitants qui fabriquent les pi\u00e8<span class='tooltipsall tooltip_post_id_29829 classtoolTips180'>ces<\/span> et \u00e9quipements pour les centrales<\/li>\n<li style=\"text-align: justify\">Le d\u00e9part \u00e0 la retraite de personnels comp\u00e9tents et exp\u00e9riment\u00e9s n\u2019est pas remplac\u00e9 \u00e0 la hauteur des besoins et comp\u00e9tences n\u00e9cessaires<\/li>\n<li style=\"text-align: justify\">En bonne logique n\u00e9olib\u00e9rale, dans le souci d\u2019une hypoth\u00e9tique rentabilit\u00e9, certains personnels permanents sont remplac\u00e9s par des sous-traitants peu form\u00e9s et inexp\u00e9riment\u00e9s<\/li>\n<\/ul>\n<p style=\"text-align: justify\"><strong><em>Comment imaginer que, devant une telle accumulation de faits, d\u00e9crits par des observateurs d\u2019origines et d\u2019ob\u00e9diences diverses, mais aussi d\u2019acteurs directement impliqu\u00e9s dans l\u2019industrie nucl\u00e9aire, E. Macron qui se vante d&rsquo;\u00eatre rationnel et pragmatique, puisse d\u00e9cider de relancer une fili\u00e8re nucl\u00e9aire en si mauvais \u00e9tat et lui fixer l\u2019objectif irr\u00e9alisable de mise en service de 6 nouveaux EPR pour 2035 ?<\/em><\/strong><\/p>\n<p><strong>L\u2019intendance ne suit toujours pas<\/strong><\/p>\n<p style=\"text-align: justify\">L\u2019intendance qui ne suit pas n\u2019est pas une sp\u00e9cialit\u00e9 fran\u00e7aise, m\u00eame si nous avons fait fort dans ce domaine, que ce soit lors des guerres depuis 1870, ou plus r\u00e9cemment en p\u00e9riode de paix avec le d\u00e9montage de pans entier du service public (sant\u00e9, transport, \u00e9nergie, etc.).<br \/>\nEn tout cas l\u2019annonce de relance du nucl\u00e9aire par E Macron semble de plus en plus incantatoire et d\u00e9mentie par les faits.<\/p>\n<p><strong><em>Les faits en cette fin d\u00e9cembre 2022<\/em><\/strong><\/p>\n<p><u>Pour les r\u00e9acteurs existants<\/u><\/p>\n<ul>\n<li style=\"text-align: justify\">40 r\u00e9acteurs sur les 56 existants fonctionnaient le vendredi 16 d\u00e9cembre<\/li>\n<li style=\"text-align: justify\">2 nouveaux r\u00e9acteurs de 1300 <span class='tooltipsall tooltip_post_id_30103 classtoolTips217'>MW<\/span> (Penly 2 et Golfech1) sont touch\u00e9s par des probl\u00e8mes de corrosion, ne pourront red\u00e9marrer avant juin 2023 alors qu\u2019ils devaient \u00eatre remis en service fin-janvier pour l\u2019un et mi-f\u00e9vrier pour l\u2019autre, ce qui aurait permis de faire face aux besoins d\u2019\u00e9lectricit\u00e9 pr\u00e9vus pour la fin de l\u2019hiver.<\/li>\n<li style=\"text-align: justify\">Pour aller plus vite dans la r\u00e9paration des r\u00e9acteurs de 1300 MW de type \u00ab P\u20194 \u00bb, EDF a annonc\u00e9 sauter l\u2019\u00e9tape de l\u2019examen\/diagnostic des tuyauteries des r\u00e9acteurs en raison de la forte probabilit\u00e9 que tous soient atteints par des probl\u00e8mes de corrosion. Cette mesure permet, selon EDF, de gagner environ 120 jours sur la dur\u00e9e des travaux.<\/li>\n<li style=\"text-align: justify\">Sur les 12 r\u00e9acteurs de ce type : 1 est actuellement r\u00e9par\u00e9, 5 sont en cors de r\u00e9paration et 6 autres sont programm\u00e9s pour \u00eatre r\u00e9par\u00e9s courant 2023<\/li>\n<li style=\"text-align: justify\">Selon EDF les r\u00e9acteurs de 900 MW qui constituent la plus grande partie du parc \u00ab\u00a0seraient moins concern\u00e9s\u00a0\u00bb par les probl\u00e8mes de \u00ab\u00a0corrosion sous contrainte\u00a0\u00bb<\/li>\n<\/ul>\n<p><u>Pour l\u2019 EPR de Flamanville<\/u><\/p>\n<ul>\n<li style=\"text-align: justify\">Le vendredi 16 d\u00e9cembre, EDF a annonc\u00e9 un retard suppl\u00e9mentaire de 6 mois pour la mise en service de l\u2019 EPR initialement pr\u00e9vue pour fin 2023. Ce nouveau retard porte \u00e0 12 ans le retard total pris par le projet.<\/li>\n<li style=\"text-align: justify\">Ce report estim\u00e9 pour une mise en service \u00e0 la mi-2024, va co\u00fbter 500 millions \u20ac en plus pour ce projet dont la facture passera de 12,7 Mds \u20ac \u00e0 13,2 Mds \u20ac (rappelons que le co\u00fbt initialement pr\u00e9vu en 2006 \u00e9tait de 2 Mds \u20ac)<\/li>\n<li style=\"text-align: justify\">Ce nouveau retard est d\u00fb selon Alain Morvan, directeur EDF du projet d\u2019 EPR, \u00e0 la d\u00e9tection d&rsquo;un probl\u00e8me affectant 150 soudures du circuit secondaire qui contient de la vapeur \u00e0 une pression de 56 bars \u00e0 270 \u00b0 Celsius. Il est apparu lors du traitement thermique de ces soudures \u00ab une non-conformit\u00e9 de comportement \u00bb (sic). Il s\u2019agit de vannes proches de ces soudures. Alain Morvan a expliqu\u00e9 : \u00ab <em>Nous avions un comportement des temp\u00e9ratures des vannes non conforme \u00e0 ce que l\u2019on attendait <\/em>[\u2026] <em>Nous avons stopp\u00e9 le traitement thermique l\u2019\u00e9t\u00e9 dernier et repris les \u00e9tudes pour d\u00e9finir une m\u00e9thode, et r\u00e9alis\u00e9 des tests permettant de garantir le bon niveau de r\u00e9alisation de ces traitements thermiques\u00a0\u00bb<\/em><\/li>\n<\/ul>\n<p><u>Pour l\u2019ensemble de la fili\u00e8re nucl\u00e9aire<\/u><\/p>\n<ul>\n<li style=\"text-align: justify\">Le\u00a0 temps de l\u2019autosuffisance \u00e9nerg\u00e9tique semble termin\u00e9. Actuellement la production d\u2019\u00e9lectricit\u00e9 nucl\u00e9aire ne suffit pas pour faire face aux besoins de la France, ce qui l\u2019oblige \u00e0 importer aux prix du march\u00e9 de grosses quantit\u00e9s d\u2019\u00e9lectricit\u00e9 des pays voisins.<\/li>\n<li style=\"text-align: justify\">La fili\u00e8re nucl\u00e9aire manque de personnels, \u00e0 la fois pour assurer le fonctionnement des \u00e9quipements existants, mais aussi pour la r\u00e9alisation des projets li\u00e9es \u00e0 la \u00ab relance \u00bb. Selon C\u00e9cile Arbouille, directrice g\u00e9n\u00e9rale du GIFEN, le syndicat professionnel de la fili\u00e8re nucl\u00e9aire : \u00ab\u00a0<em>D\u2019ici 2023, nous devrions effectuer, \u00e0 minima, 22.500 recrutements. Nous tablons sur l\u2019embauche de 4000 ing\u00e9nieurs par an dans tous les domaines techniques : la m\u00e9canique, la robotique, l\u2019automatisme&#8230;<\/em> \u00bb<\/li>\n<\/ul>\n<p style=\"text-align: justify\"><strong><em>Dans de telles conditions r\u00e9elles, quel cr\u00e9dit accorder au projet de relance du nucl\u00e9aire ? Ne s\u2019agit-il pas de \u00ab\u00a0carabistouilles\u00a0\u00bb pour employer un mot cher \u00e0 Macron ? <br \/>\nLe projet suit son cours, br\u00fblant les \u00e9tapes, sautant par-dessus certaines proc\u00e9dures, puissamment soutenu par la propagande du lobby nucl\u00e9aire et du gouvernement. Mais o\u00f9 est la raison, lorsque l\u2019on consid\u00e8re l\u2019\u00e9tat actuel de la fili\u00e8re nucl\u00e9aire, lorsque l\u2019on sait l\u2019\u00e9normit\u00e9 des investissements n\u00e9cessaires \u00e0 l\u2019entretien et la prolongation du parc de r\u00e9acteurs existants et lorsque l\u2019on estime le co\u00fbt actuellement non ma\u00eetris\u00e9 de la construction de 6 nouveaux EPR : tout cela \u00a0alors qu\u2019EDF est en difficult\u00e9 financi\u00e8re ? La nationalisation d\u2019EDF voulue par le gouvernement, donne une id\u00e9e de la r\u00e9ponse sur l\u2019origine des fonds qui vont y \u00eatre engloutis. Dans la plus pure tradition n\u00e9olib\u00e9rale il y aura \u00ab\u00a0nationalisation des pertes et privatisation des profits\u00a0\u00bb<\/em><\/strong><\/p>\n<p style=\"text-align: right\"><em>Curly Mac Toole pour le Clairon de l\u2019Atax le 20\/12\/2022<\/em><\/p>\n<p style=\"text-align: right\"><strong><em>\u00a0<\/em><\/strong><\/p>\n<script type=\"text\/javascript\"> var tt_store_content = \"Le <span class='tooltipsall tooltip_post_id_3743 classtoolTips128'>CIRC<\/span> est le&nbsp; \\<a href\\='https\\:\\\/\\\/fr\\.wikipedia\\.org\\\/wiki\\\/Centre_international_de_recherche_sur_le_cancer' target\\='_blank' rel\\='noopener'\\>Centre international de Recherche sur le Cancer\\<\\\/a\\>, cr\u00e9\u00e9 en 1965 par l\u2019\\<a href\\='https\\:\\\/\\\/fr\\.wikipedia\\.org\\\/wiki\\\/Organisation_mondiale_de_la_sant%C3%A9' target\\='_blank' rel\\='noopener'\\>Organisation Mondiale de la Sant\u00e9\\<\\\/a\\> \\(OMS\\) des \\<a href\\='https\\:\\\/\\\/fr\\.wikipedia\\.org\\\/wiki\\\/Organisation_des_Nations_unies' target\\='_blank' rel\\='noopener'\\>Nations Unies\\<\\\/a\\>\\.\"; toolTips('.classtoolTips128',tt_store_content,'3743'); <\/script><script type=\"text\/javascript\"> var tt_store_content = \"\\<p style\\='text\\-align\\: center;'\\>\\<strong\\>\\<span style\\='font\\-size\\: 14pt;'\\>S\\<\\\/span\\>\\<\\\/strong\\>\\<span style\\='font\\-size\\: 14pt;'\\>oci\u00e9t\u00e9 d'\\<strong\\>\u00c9\\<\\\/strong\\>conomie \\<strong\\>M\\<\\\/strong\\>ixte\\<\\\/span\\>\\<\\\/p\\><br\/>\\<p style\\='text\\-align\\: justify;'\\>En France, une soci\u00e9t\u00e9 d'\u00e9conomie mixte est une soci\u00e9t\u00e9 anonyme dont le capital est majoritairement d\u00e9tenu par une ou plusieurs personnes publiques \\(\u00e0 savoir l'\u00c9tat, une Collectivit\u00e9 territoriale, ou tout autre \u00c9tablissement public\\)\\. Cette participation majoritaire publique est plafonn\u00e9e \u00e0 85&nbsp;% du capital depuis la Loi du 2 janvier 2002\\. Au moins une personne priv\u00e9e doit participer au capital de la <span class='tooltipsall tooltip_post_id_7168 classtoolTips142'>SEM<\/span>, sachant qu'il peut s'agir d'une autre SEM\\.\\<\\\/p\\><br\/>\\<p style\\='text\\-align\\: justify;'\\>\\<strong\\>Le recours \u00e0 la SEM garantit\\<\\\/strong\\> \u00e0 la collectivit\u00e9 publique actionnaire et cocontractante \\<strong\\>la prise en compte effective de l'int\u00e9r\u00eat g\u00e9n\u00e9ral\\<\\\/strong\\> dans les objectifs de l'entreprise \\<strong\\>et la souplesse de la soci\u00e9t\u00e9 de droit priv\u00e9\\<\\\/strong\\>\\.\\<\\\/p\\><br\/>\\<em\\>\\<a href\\='https\\:\\\/\\\/fr\\.wikipedia\\.org\\\/wiki\\\/Soci%C3%A9t%C3%A9_d%27%C3%A9conomie_mixte' target\\='_blank' rel\\='noopener'\\>Voir ici la page Wikipedia consacr\u00e9e aux SEM\\<\\\/a\\> \\<\\\/em\\><br\/><br\/>&nbsp;\"; toolTips('.classtoolTips142',tt_store_content,'7168'); <\/script><script type=\"text\/javascript\"> var tt_store_content = \"\\<p style\\='text\\-align\\: center;'\\>\\<strong\\>\\<span style\\='font\\-size\\: 14pt;'\\>G\\<\\\/span\\>\\<\\\/strong\\>\\<span style\\='font\\-size\\: 14pt;'\\>az \u00e0 \\<strong\\>E\\<\\\/strong\\>ffet de \\<strong\\>S\\<\\\/strong\\>erre\\<\\\/span\\>\\<\\\/p\\><br\/>\\<p style\\='text\\-align\\: justify;'\\>Les gaz \u00e0 effet de serre \\(<span class='tooltipsall tooltip_post_id_7232 classtoolTips161'>GES<\/span>\\) sont des composants gazeux qui absorbent le rayonnement infrarouge \u00e9mis par la surface terrestre et contribuent \u00e0 l'effet de serre\\. L'augmentation de leur concentration dans l'atmosph\u00e8re terrestre est l'un des facteurs \u00e0 l'origine du r\u00e9chauffement climatique\\.\\<\\\/p\\><br\/>\\<a href\\='https\\:\\\/\\\/fr\\.wikipedia\\.org\\\/wiki\\\/Gaz_%C3%A0_effet_de_serre' target\\='_blank' rel\\='noopener'\\>\\<em\\>Voir ici la fiche Wikipedia sur les gaz \u00e0 effet de serre\\<\\\/em\\>\\<\\\/a\\>\"; toolTips('.classtoolTips161',tt_store_content,'7232'); <\/script><script type=\"text\/javascript\"> var tt_store_content = \"\\<p style\\='text\\-align\\: center;'\\>\\<strong\\>Autorit\u00e9 de S\u00fbret\u00e9 Nucl\u00e9aire\\<\\\/strong\\>\\<\\\/p\\>\"; toolTips('.classtoolTips163',tt_store_content,'3650'); <\/script><script type=\"text\/javascript\"> var tt_store_content = \"\\<p style\\='text\\-align\\: justify'\\>La \u00ab\u00a0\\<b\\>programmation pluriannuelle de l'\u00e9nergie\\<\\\/b\\>\u00a0\u00bb \\(<span class='tooltipsall tooltip_post_id_7750 classtoolTips164'>PPE<\/span>\\) est, en France, un document strat\u00e9gique de pilotage de la transition \u00e9nerg\u00e9tique\\. Institu\u00e9e par l'article 176 de la \\<a title\\='Loi relative \u00e0 la transition \u00e9nerg\u00e9tique pour la croissance verte' href\\='https\\:\\\/\\\/fr\\.wikipedia\\.org\\\/wiki\\\/Loi_relative_%C3%A0_la_transition_%C3%A9nerg%C3%A9tique_pour_la_croissance_verte'\\>loi de transition \u00e9nerg\u00e9tique\\<\\\/a\\> \\(TECV\\), elle fixe une trajectoire pour le \\<a title\\='Mix \u00e9nerg\u00e9tique' href\\='https\\:\\\/\\\/fr\\.wikipedia\\.org\\\/wiki\\\/Mix_%C3%A9nerg%C3%A9tique'\\>mix \u00e9nerg\u00e9tique\\<\\\/a\\>, ainsi que \\<span class\\='citation'\\>\u00ab\u00a0les priorit\u00e9s d'action pour la gestion de l\u2019ensemble des formes d'\u00e9nergie sur le territoire m\u00e9tropolitain continental, afin d\u2019atteindre les objectifs nationaux fix\u00e9s par la loi\u00a0\u00bb\\<\\\/span\\>\\. \\(Wikip\u00e9dia\\)\\<\\\/p\\>\"; toolTips('.classtoolTips164',tt_store_content,'7750'); <\/script><script type=\"text\/javascript\"> var tt_store_content = \"\\<p style\\='text\\-align\\: justify'\\>La \u00ab\u00a0\\<b\\>programmation pluriannuelle de l'\u00e9nergie\\<\\\/b\\>\u00a0\u00bb \\(PPE\\) est, en France, un document strat\u00e9gique de pilotage de la transition \u00e9nerg\u00e9tique\\. Institu\u00e9e par l'article 176 de la \\<a title\\='Loi relative \u00e0 la transition \u00e9nerg\u00e9tique pour la croissance verte' href\\='https\\:\\\/\\\/fr\\.wikipedia\\.org\\\/wiki\\\/Loi_relative_%C3%A0_la_transition_%C3%A9nerg%C3%A9tique_pour_la_croissance_verte'\\>loi de transition \u00e9nerg\u00e9tique\\<\\\/a\\> \\(TECV\\), elle fixe une trajectoire pour le \\<a title\\='Mix \u00e9nerg\u00e9tique' href\\='https\\:\\\/\\\/fr\\.wikipedia\\.org\\\/wiki\\\/Mix_%C3%A9nerg%C3%A9tique'\\>mix \u00e9nerg\u00e9tique\\<\\\/a\\>, ainsi que \\<span class\\='citation'\\>\u00ab\u00a0les priorit\u00e9s d'action pour la gestion de l\u2019ensemble des formes d'\u00e9nergie sur le territoire m\u00e9tropolitain continental, afin d\u2019atteindre les objectifs nationaux fix\u00e9s par la loi\u00a0\u00bb\\<\\\/span\\>\\. \\(Wikip\u00e9dia\\)\\<\\\/p\\>\"; toolTips('.classtoolTips164',tt_store_content,'7750'); <\/script><script type=\"text\/javascript\"> var tt_store_content = \"\\<p style\\='text\\-align\\: justify;'\\>Le Conseil d'Orientation des Retraites est une instance qui r\u00e9unit &nbsp;\\<span class\\='st'\\>les principaux acteurs du champ des retraites\\<\\\/span\\> et effectue un travail d'\u00e9tudes et de concertation\\. Compos\u00e9 de parlementaires, de repr\u00e9sentants des organisations professionnelles et syndicales, des retrait\u00e9s et des familles, de membres de l'administration et d'experts, le Conseil d'orientation des retraites \\(<span class='tooltipsall tooltip_post_id_7751 classtoolTips165'>COR<\/span>\\) est plac\u00e9 aupr\u00e8s du Premier ministre\\.\\<\\\/p\\>\"; toolTips('.classtoolTips165',tt_store_content,'7751'); <\/script><script type=\"text\/javascript\"> var tt_store_content = \"\\<p style\\='text\\-align\\: center;'\\>\\<span style\\='font\\-size\\: 14pt;'\\>\\<strong\\>O\\<\\\/strong\\>rganisation \\<strong\\>M\\<\\\/strong\\>\u00e9t\u00e9orologique \\<strong\\>M\\<\\\/strong\\>ondiale<br\/>\\<strong\\>W\\<\\\/strong\\>orld \\<strong\\>M\\<\\\/strong\\>eteorological \\<strong\\>O\\<\\\/strong\\>rganization\\<\\\/span\\>\\<\\\/p\\><br\/>&nbsp;<br\/><br\/>\\<a href\\='https\\:\\\/\\\/public\\.wmo\\.int\\\/fr' target\\='_blank' rel\\='noopener'\\>\\<em\\>Acc\u00e9der ici au site de l'organisation\\<\\\/em\\>\\<\\\/a\\>\"; toolTips('.classtoolTips168',tt_store_content,'7763'); <\/script><script type=\"text\/javascript\"> var tt_store_content = \"\\<p style\\='text\\-align\\: center;'\\>\\<span style\\='font\\-size\\: 14pt;'\\>\\<strong\\>P\\<\\\/strong\\>\\<\\\/span\\>\\<span style\\='font\\-size\\: 14pt;'\\>lan \\<strong\\>L\\<\\\/strong\\>\\<\\\/span\\>\\<span style\\='font\\-size\\: 14pt;'\\>ocal d'\\<strong\\>U\\<\\\/strong\\>\\<\\\/span\\>\\<span style\\='font\\-size\\: 14pt;'\\>rbanisme\\<\\\/span\\>\\<\\\/p\\><br\/>&nbsp;\"; toolTips('.classtoolTips176',tt_store_content,'4979'); <\/script><script type=\"text\/javascript\"> var tt_store_content = \"\\<p style\\='text\\-align\\: center;'\\>\\<strong\\>\\<span style\\='font\\-size\\: 14pt;'\\>E\\<\\\/span\\>\\<\\\/strong\\>\\<span style\\='font\\-size\\: 14pt;'\\>lectricit\u00e9 \\<strong\\>d\\<\\\/strong\\>e \\<strong\\>F\\<\\\/strong\\>rance\\<\\\/span\\>\\<\\\/p\\>\"; toolTips('.classtoolTips178',tt_store_content,'7035'); <\/script><script type=\"text\/javascript\"> var tt_store_content = \"\\<p style\\='text\\-align\\: center;'\\>\\<strong\\>\\<span style\\='font\\-size\\: 14pt;'\\>E\\<\\\/span\\>\\<\\\/strong\\>\\<span style\\='font\\-size\\: 14pt;'\\>lectricit\u00e9 \\<strong\\>d\\<\\\/strong\\>e \\<strong\\>F\\<\\\/strong\\>rance\\<\\\/span\\>\\<\\\/p\\>\"; toolTips('.classtoolTips178',tt_store_content,'7035'); <\/script><script type=\"text\/javascript\"> var tt_store_content = \"\\<p\\>Conseil \u00c9conomique et Social\\<\\\/p\\>\"; toolTips('.classtoolTips180',tt_store_content,'29829'); <\/script><script type=\"text\/javascript\"> var tt_store_content = \"\\<p style\\='text\\-align\\: center;'\\>\\<span style\\='font\\-size\\: 14pt;'\\>\\<strong\\>A\\<\\\/strong\\>gence \\<strong\\>R\\<\\\/strong\\>\u00e9gionale de \\<strong\\>S\\<\\\/strong\\>ant\u00e9\\<\\\/span\\>\\<\\\/p\\>\"; toolTips('.classtoolTips188',tt_store_content,'18356'); <\/script><script type=\"text\/javascript\"> var tt_store_content = \"\\<p style\\='text\\-align\\: center;'\\>\\<span style\\='font\\-size\\: 14pt;'\\>\\<strong\\>G\\<\\\/strong\\>roupement \\<strong\\>H\\<\\\/strong\\>ospitalier de \\<strong\\>T\\<\\\/strong\\>erritoire\\<\\\/span\\>\\<\\\/p\\><br\/>\\<p style\\='text\\-align\\: justify;'\\>Les groupements hospitaliers de territoires, dispositif pr\u00e9vu par la loi de sant\u00e9 2016, sont un nouveau mode de coop\u00e9ration entre les \u00e9tablissements publics de sant\u00e9 \u00e0 l\u2019\u00e9chelle d\u2019un territoire\\<\\\/p\\>\"; toolTips('.classtoolTips189',tt_store_content,'18358'); <\/script><script type=\"text\/javascript\"> var tt_store_content = \"\\<p style\\='text\\-align\\: center;'\\>\\<span style\\='font\\-size\\: 14pt;'\\>\\<strong\\>C\\<\\\/strong\\>omit\u00e9 \\<strong\\>T\\<\\\/strong\\>echnique d'\\<strong\\>\u00c9\\<\\\/strong\\>tablissement\\<\\\/span\\>\\<\\\/p\\>\"; toolTips('.classtoolTips191',tt_store_content,'18359'); <\/script><script type=\"text\/javascript\"> var tt_store_content = \"\\<p style\\='text\\-align\\: center;'\\>\\<strong\\>\\<span style\\='font\\-size\\: 14pt;'\\>P\\<\\\/span\\>\\<\\\/strong\\>\\<span style\\='font\\-size\\: 14pt;'\\>rogrammation \\<strong\\>P\\<\\\/strong\\>luri\\-annuelle de l'\\<strong\\>\u00c9\\<\\\/strong\\>nergie\\<\\\/span\\>\\<\\\/p\\><br\/>La PPE est est en France un document strat\u00e9gique de pilotage de la transition \u00e9nerg\u00e9tique\\. Institu\u00e9e par l'article 176 de la loi transition \u00e9nerg\u00e9tique \\(TECV\\)\\. Elle fixe \\(par \u00e9nergie\\) une trajectoire pour le mix \u00e9nerg\u00e9tique, ainsi que \u00ab&nbsp;\\<em\\>les priorit\u00e9s d'action pour la gestion de l\u2019ensemble des formes d'\u00e9nergie sur le territoire m\u00e9tropolitain continental, afin d\u2019atteindre les objectifs nationaux fix\u00e9s par la loi\\<\\\/em\\>&nbsp;\u00bb\\.<br\/><br\/>Initi\u00e9e en 2016, elle est r\u00e9vis\u00e9e en 2018 puis ensuite tous les 5 ans\\.<br\/><br\/>\\<a href\\='https\\:\\\/\\\/fr\\.wikipedia\\.org\\\/wiki\\\/Programmation_pluriannuelle_de_l'\u00e9nergi' target\\='_blank' rel\\='noopener'\\>\\<em\\>Voir ici la page Wikipedia consacr\u00e9e \u00e0 la PPE\\<\\\/em\\>\\<\\\/a\\><br\/>\\<a href\\='https\\:\\\/\\\/ppe\\.debatpublic\\.fr\\\/' target\\='_blank' rel\\='noopener'\\>\\<em\\>Voir ici la page du site 'Commission du D\u00e9bat Public' consacr\u00e9e \u00e0 la PPE\\<\\\/em\\>\\<\\\/a\\>\"; toolTips('.classtoolTips193',tt_store_content,'7102'); <\/script><script type=\"text\/javascript\"> var tt_store_content = \"\\<p style\\='text\\-align\\: center;'\\>\\<span style\\='font\\-size\\: 14pt;'\\>\\<strong\\>E\\<\\\/strong\\>volutionary \\<strong\\>P\\<\\\/strong\\>ower \\<strong\\>R\\<\\\/strong\\>eactor\\<\\\/span\\>\\<\\\/p\\><br\/>\\<p style\\='text\\-align\\: justify;'\\>R\u00e9acteur nucl\u00e9aire de troisi\u00e8me g\u00e9n\u00e9ration \\(classification internationale\\), con\u00e7u et d\u00e9velopp\u00e9 par <span class='tooltipsall tooltip_post_id_5121 classtoolTips35'>Areva NP<\/span>&nbsp; au cours des ann\u00e9es 1990 et 2000\\. Il fait partie de la fili\u00e8re des r\u00e9acteurs \u00e0 eau pressuris\u00e9e\\.\\<\\\/p\\><br\/>\\<a href\\='https\\:\\\/\\\/fr\\.wikipedia\\.org\\\/wiki\\\/R%C3%A9acteur_pressuris%C3%A9_europ%C3%A9en' target\\='_blank' rel\\='noopener'\\>\\<em\\>Voir ici la fiche Wikipedia EPR\\<\\\/em\\>\\<\\\/a\\>\"; toolTips('.classtoolTips196',tt_store_content,'5579'); <\/script><script type=\"text\/javascript\"> var tt_store_content = \"\\<p style\\='text\\-align\\: center;'\\>\\<strong\\>\\<span style\\='font\\-size\\: 14pt;'\\>R\\<\\\/span\\>\\<\\\/strong\\>\\<span style\\='font\\-size\\: 14pt;'\\>eferendum d'\\<strong\\>I\\<\\\/strong\\>nitiative \\<strong\\>C\\<\\\/strong\\>itoyenne\\<\\\/span\\>\\<\\\/p\\>\"; toolTips('.classtoolTips205',tt_store_content,'12268'); <\/script><script type=\"text\/javascript\"> var tt_store_content = \"\\<p\\><span class='tooltipsall tooltip_post_id_25844 classtoolTips208'>RTE<\/span> \\= R\u00e9seau de Transport d'Electricit\u00e9 est une filiale d'EDF qui est l'actionnaire majoritaire avec 50,1% des parts le reste \u00e9tant partag\u00e9 par la CDC et la CNP\\<\\\/p\\>\"; toolTips('.classtoolTips208',tt_store_content,'25844'); <\/script><script type=\"text\/javascript\"> var tt_store_content = \"\\<p style\\='text\\-align\\: center;'\\>\\<span style\\='font\\-size\\: 14pt;'\\>\\<strong\\>O\\<\\\/strong\\>rganisation\\<strong\\> N\\<\\\/strong\\>on\\<strong\\> G\\<\\\/strong\\>ouvernementale\\<\\\/span\\>\\<\\\/p\\><br\/>Une organisation non gouvernementale \\(ONG\\) est une \\<a title\\='Association \u00e0 but non lucratif' href\\='https\\:\\\/\\\/fr\\.wikipedia\\.org\\\/wiki\\\/Association_%C3%A0_but_non_lucratif' target\\='_blank' rel\\='noopener'\\>association \u00e0 but non lucratif\\<\\\/a\\>, d'int\u00e9r\u00eat public, qui ne rel\u00e8ve ni de l'\u00c9tat, ni d'institutions internationales\\<sup id\\='cite_ref\\-novethic_1\\-0' class\\='reference'\\>\\<\\\/sup\\>\\. Les ONG n'ont pas le statut de sujet de \\<a title\\='Droit international public' href\\='https\\:\\\/\\\/fr\\.wikipedia\\.org\\\/wiki\\\/Droit_international_public' target\\='_blank' rel\\='noopener'\\>droit international\\<\\\/a\\>\\.\"; toolTips('.classtoolTips210',tt_store_content,'3579'); <\/script><script type=\"text\/javascript\"> var tt_store_content = \"\\<p style\\='text\\-align\\: center;'\\>\\<span style\\='font\\-size\\: 14pt;'\\>\\<strong\\>O\\<\\\/strong\\>rganisation\\<strong\\> N\\<\\\/strong\\>on\\<strong\\> G\\<\\\/strong\\>ouvernementale\\<\\\/span\\>\\<\\\/p\\><br\/>Une organisation non gouvernementale \\(ONG\\) est une \\<a title\\='Association \u00e0 but non lucratif' href\\='https\\:\\\/\\\/fr\\.wikipedia\\.org\\\/wiki\\\/Association_%C3%A0_but_non_lucratif' target\\='_blank' rel\\='noopener'\\>association \u00e0 but non lucratif\\<\\\/a\\>, d'int\u00e9r\u00eat public, qui ne rel\u00e8ve ni de l'\u00c9tat, ni d'institutions internationales\\<sup id\\='cite_ref\\-novethic_1\\-0' class\\='reference'\\>\\<\\\/sup\\>\\. Les ONG n'ont pas le statut de sujet de \\<a title\\='Droit international public' href\\='https\\:\\\/\\\/fr\\.wikipedia\\.org\\\/wiki\\\/Droit_international_public' target\\='_blank' rel\\='noopener'\\>droit international\\<\\\/a\\>\\.\"; toolTips('.classtoolTips210',tt_store_content,'3579'); <\/script><script type=\"text\/javascript\"> var tt_store_content = \"\\<p\\><span class='tooltipsall tooltip_post_id_24572 classtoolTips211'>MIT<\/span> \\= Massachussets Institute of Technology, prestigieuse universit\u00e9 am\u00e9ricaine de la c\u00f4te est\\<\\\/p\\>\"; toolTips('.classtoolTips211',tt_store_content,'24572'); <\/script><script type=\"text\/javascript\"> var tt_store_content = \"\\<p style\\='text\\-align\\: center;'\\>\\<strong\\>J\\<\\\/strong\\>eux \\<strong\\>O\\<\\\/strong\\>lympiques<br\/>ou<br\/>\\<strong\\>J\\<\\\/strong\\>ournal \\<strong\\>O\\<\\\/strong\\>fficiel de la R\u00e9publique Fran\u00e7aise\\<\\\/p\\>\"; toolTips('.classtoolTips213',tt_store_content,'4451'); <\/script><script type=\"text\/javascript\"> var tt_store_content = \"\\<p\\><span class='tooltipsall tooltip_post_id_30593 classtoolTips214'>RN<\/span> \\= Rassemble National, c'est le parti d'extr\u00eame droite de Marine Le Pen qui succ\u00e8de au FN \\= Front National fond\u00e9 par son p\u00e8re Jean Marie Le Pen\\<\\\/p\\>\"; toolTips('.classtoolTips214',tt_store_content,'30593'); <\/script><script type=\"text\/javascript\"> var tt_store_content = \"<div class='tooltips_youtube_class' ><iframe width='100%' height='100%' src='http:\/\/www.youtube.com\/embed\/m\u00e9gawatt?rel=0&autoplay=1' frameborder='0' allowfullscreen><\/iframe><\/div>\\<p\\>\\<strong\\>MEGAWATT \\(MW\\) \\= 1\\.000\\.000 watts\\<\\\/strong\\>\\<\\\/p\\>\"; toolTips('.classtoolTips217',tt_store_content,'30103'); <\/script><script type=\"text\/javascript\"> var tt_store_content = \"\\<p style\\='text\\-align\\: center;'\\>\\<span style\\='font\\-size\\: 14pt;'\\>\\<strong\\>C\\<\\\/strong\\>entre \\<strong\\>H\\<\\\/strong\\>ospitalier\\<\\\/span\\>\\<\\\/p\\>\"; toolTips('.classtoolTips220',tt_store_content,'18357'); <\/script><script type=\"text\/javascript\"> var tt_store_content = \"\\<p\\>D\u00e9chets radioactifs \u00e0 Haute Activit\u00e9 \\(classement <span class='tooltipsall tooltip_post_id_3612 classtoolTips79'>ANDRA<\/span>\\)\\<\\\/p\\>\"; toolTips('.classtoolTips223',tt_store_content,'19196'); <\/script>","protected":false},"excerpt":{"rendered":"<p>Comment imaginer que, devant une telle accumulation de faits, E. Macron qui se vante d&rsquo;\u00eatre rationnel et pragmatique, puisse d\u00e9cider de relancer une fili\u00e8re nucl\u00e9aire en si mauvais \u00e9tat et lui fixer l\u2019objectif irr\u00e9alisable de mise en service pour 2035 de 6 nouveaux <span class='tooltipsall tooltip_post_id_5579 classtoolTips196'>EPR<\/span>  ?<script type=\"text\/javascript\"> var tt_store_content = \"Le <span class='tooltipsall tooltip_post_id_3743 classtoolTips128'>CIRC<\/span> est le&nbsp; \\<a href\\='https\\:\\\/\\\/fr\\.wikipedia\\.org\\\/wiki\\\/Centre_international_de_recherche_sur_le_cancer' target\\='_blank' rel\\='noopener'\\>Centre international de Recherche sur le Cancer\\<\\\/a\\>, cr\u00e9\u00e9 en 1965 par l\u2019\\<a href\\='https\\:\\\/\\\/fr\\.wikipedia\\.org\\\/wiki\\\/Organisation_mondiale_de_la_sant%C3%A9' target\\='_blank' rel\\='noopener'\\>Organisation Mondiale de la Sant\u00e9\\<\\\/a\\> \\(OMS\\) des \\<a href\\='https\\:\\\/\\\/fr\\.wikipedia\\.org\\\/wiki\\\/Organisation_des_Nations_unies' target\\='_blank' rel\\='noopener'\\>Nations Unies\\<\\\/a\\>\\.\"; toolTips('.classtoolTips128',tt_store_content,'3743'); <\/script><script type=\"text\/javascript\"> var tt_store_content = \"\\<\/p>\n<p style\\='text\\-align\\: center;'\\>\\<strong\\>\\<span style\\='font\\-size\\: 14pt;'\\>S\\<\\\/span\\>\\<\\\/strong\\>\\<span style\\='font\\-size\\: 14pt;'\\>oci\u00e9t\u00e9 d'\\<strong\\>\u00c9\\<\\\/strong\\>conomie \\<strong\\>M\\<\\\/strong\\>ixte\\<\\\/span\\>\\<\\\/p\\><br \/>\\<\/p>\n<p style\\='text\\-align\\: justify;'\\>En France, une soci\u00e9t\u00e9 d'\u00e9conomie mixte est une soci\u00e9t\u00e9 anonyme dont le capital est majoritairement d\u00e9tenu par une ou plusieurs personnes publiques \\(\u00e0 savoir l'\u00c9tat, une Collectivit\u00e9 territoriale, ou tout autre \u00c9tablissement public\\)\\. Cette participation majoritaire publique est plafonn\u00e9e \u00e0 85&nbsp;% du capital depuis la Loi du 2 janvier 2002\\. Au moins une personne priv\u00e9e doit participer au capital de la <span class='tooltipsall tooltip_post_id_7168 classtoolTips142'>SEM<\/span>, sachant qu'il peut s'agir d'une autre SEM\\.\\<\\\/p\\><br \/>\\<\/p>\n<p style\\='text\\-align\\: justify;'\\>\\<strong\\>Le recours \u00e0 la SEM garantit\\<\\\/strong\\> \u00e0 la collectivit\u00e9 publique actionnaire et cocontractante \\<strong\\>la prise en compte effective de l'int\u00e9r\u00eat g\u00e9n\u00e9ral\\<\\\/strong\\> dans les objectifs de l'entreprise \\<strong\\>et la souplesse de la soci\u00e9t\u00e9 de droit priv\u00e9\\<\\\/strong\\>\\.\\<\\\/p\\><br \/>\\<em\\>\\<a href\\='https\\:\\\/\\\/fr\\.wikipedia\\.org\\\/wiki\\\/Soci%C3%A9t%C3%A9_d%27%C3%A9conomie_mixte' target\\='_blank' rel\\='noopener'\\>Voir ici la page Wikipedia consacr\u00e9e aux SEM\\<\\\/a\\> \\<\\\/em\\><\/p>\n<p>&nbsp;\"; toolTips('.classtoolTips142',tt_store_content,'7168'); <\/script><script type=\"text\/javascript\"> var tt_store_content = \"\\<\/p>\n<p style\\='text\\-align\\: center;'\\>\\<strong\\>\\<span style\\='font\\-size\\: 14pt;'\\>G\\<\\\/span\\>\\<\\\/strong\\>\\<span style\\='font\\-size\\: 14pt;'\\>az \u00e0 \\<strong\\>E\\<\\\/strong\\>ffet de \\<strong\\>S\\<\\\/strong\\>erre\\<\\\/span\\>\\<\\\/p\\><br \/>\\<\/p>\n<p style\\='text\\-align\\: justify;'\\>Les gaz \u00e0 effet de serre \\(<span class='tooltipsall tooltip_post_id_7232 classtoolTips161'>GES<\/span>\\) sont des composants gazeux qui absorbent le rayonnement infrarouge \u00e9mis par la surface terrestre et contribuent \u00e0 l'effet de serre\\. L'augmentation de leur concentration dans l'atmosph\u00e8re terrestre est l'un des facteurs \u00e0 l'origine du r\u00e9chauffement climatique\\.\\<\\\/p\\><br \/>\\<a href\\='https\\:\\\/\\\/fr\\.wikipedia\\.org\\\/wiki\\\/Gaz_%C3%A0_effet_de_serre' target\\='_blank' rel\\='noopener'\\>\\<em\\>Voir ici la fiche Wikipedia sur les gaz \u00e0 effet de serre\\<\\\/em\\>\\<\\\/a\\>\"; toolTips('.classtoolTips161',tt_store_content,'7232'); <\/script><script type=\"text\/javascript\"> var tt_store_content = \"\\<\/p>\n<p style\\='text\\-align\\: center;'\\>\\<strong\\>Autorit\u00e9 de S\u00fbret\u00e9 Nucl\u00e9aire\\<\\\/strong\\>\\<\\\/p\\>\"; toolTips('.classtoolTips163',tt_store_content,'3650'); <\/script><script type=\"text\/javascript\"> var tt_store_content = \"\\<\/p>\n<p style\\='text\\-align\\: justify'\\>La \u00ab\u00a0\\<b\\>programmation pluriannuelle de l'\u00e9nergie\\<\\\/b\\>\u00a0\u00bb \\(<span class='tooltipsall tooltip_post_id_7750 classtoolTips164'>PPE<\/span>\\) est, en France, un document strat\u00e9gique de pilotage de la transition \u00e9nerg\u00e9tique\\. Institu\u00e9e par l'article 176 de la \\<a title\\='Loi relative \u00e0 la transition \u00e9nerg\u00e9tique pour la croissance verte' href\\='https\\:\\\/\\\/fr\\.wikipedia\\.org\\\/wiki\\\/Loi_relative_%C3%A0_la_transition_%C3%A9nerg%C3%A9tique_pour_la_croissance_verte'\\>loi de transition \u00e9nerg\u00e9tique\\<\\\/a\\> \\(TECV\\), elle fixe une trajectoire pour le \\<a title\\='Mix \u00e9nerg\u00e9tique' href\\='https\\:\\\/\\\/fr\\.wikipedia\\.org\\\/wiki\\\/Mix_%C3%A9nerg%C3%A9tique'\\>mix \u00e9nerg\u00e9tique\\<\\\/a\\>, ainsi que \\<span class\\='citation'\\>\u00ab\u00a0les priorit\u00e9s d'action pour la gestion de l\u2019ensemble des formes d'\u00e9nergie sur le territoire m\u00e9tropolitain continental, afin d\u2019atteindre les objectifs nationaux fix\u00e9s par la loi\u00a0\u00bb\\<\\\/span\\>\\. \\(Wikip\u00e9dia\\)\\<\\\/p\\>\"; toolTips('.classtoolTips164',tt_store_content,'7750'); <\/script><script type=\"text\/javascript\"> var tt_store_content = \"\\<\/p>\n<p style\\='text\\-align\\: justify'\\>La \u00ab\u00a0\\<b\\>programmation pluriannuelle de l'\u00e9nergie\\<\\\/b\\>\u00a0\u00bb \\(PPE\\) est, en France, un document strat\u00e9gique de pilotage de la transition \u00e9nerg\u00e9tique\\. Institu\u00e9e par l'article 176 de la \\<a title\\='Loi relative \u00e0 la transition \u00e9nerg\u00e9tique pour la croissance verte' href\\='https\\:\\\/\\\/fr\\.wikipedia\\.org\\\/wiki\\\/Loi_relative_%C3%A0_la_transition_%C3%A9nerg%C3%A9tique_pour_la_croissance_verte'\\>loi de transition \u00e9nerg\u00e9tique\\<\\\/a\\> \\(TECV\\), elle fixe une trajectoire pour le \\<a title\\='Mix \u00e9nerg\u00e9tique' href\\='https\\:\\\/\\\/fr\\.wikipedia\\.org\\\/wiki\\\/Mix_%C3%A9nerg%C3%A9tique'\\>mix \u00e9nerg\u00e9tique\\<\\\/a\\>, ainsi que \\<span class\\='citation'\\>\u00ab\u00a0les priorit\u00e9s d'action pour la gestion de l\u2019ensemble des formes d'\u00e9nergie sur le territoire m\u00e9tropolitain continental, afin d\u2019atteindre les objectifs nationaux fix\u00e9s par la loi\u00a0\u00bb\\<\\\/span\\>\\. \\(Wikip\u00e9dia\\)\\<\\\/p\\>\"; toolTips('.classtoolTips164',tt_store_content,'7750'); <\/script><script type=\"text\/javascript\"> var tt_store_content = \"\\<\/p>\n<p style\\='text\\-align\\: justify;'\\>Le Conseil d'Orientation des Retraites est une instance qui r\u00e9unit &nbsp;\\<span class\\='st'\\>les principaux acteurs du champ des retraites\\<\\\/span\\> et effectue un travail d'\u00e9tudes et de concertation\\. Compos\u00e9 de parlementaires, de repr\u00e9sentants des organisations professionnelles et syndicales, des retrait\u00e9s et des familles, de membres de l'administration et d'experts, le Conseil d'orientation des retraites \\(<span class='tooltipsall tooltip_post_id_7751 classtoolTips165'>COR<\/span>\\) est plac\u00e9 aupr\u00e8s du Premier ministre\\.\\<\\\/p\\>\"; toolTips('.classtoolTips165',tt_store_content,'7751'); <\/script><script type=\"text\/javascript\"> var tt_store_content = \"\\<\/p>\n<p style\\='text\\-align\\: center;'\\>\\<span style\\='font\\-size\\: 14pt;'\\>\\<strong\\>O\\<\\\/strong\\>rganisation \\<strong\\>M\\<\\\/strong\\>\u00e9t\u00e9orologique \\<strong\\>M\\<\\\/strong\\>ondiale<br \/>\\<strong\\>W\\<\\\/strong\\>orld \\<strong\\>M\\<\\\/strong\\>eteorological \\<strong\\>O\\<\\\/strong\\>rganization\\<\\\/span\\>\\<\\\/p\\><br \/>&nbsp;<\/p>\n<p>\\<a href\\='https\\:\\\/\\\/public\\.wmo\\.int\\\/fr' target\\='_blank' rel\\='noopener'\\>\\<em\\>Acc\u00e9der ici au site de l'organisation\\<\\\/em\\>\\<\\\/a\\>\"; toolTips('.classtoolTips168',tt_store_content,'7763'); <\/script><script type=\"text\/javascript\"> var tt_store_content = \"\\<\/p>\n<p style\\='text\\-align\\: center;'\\>\\<span style\\='font\\-size\\: 14pt;'\\>\\<strong\\>P\\<\\\/strong\\>\\<\\\/span\\>\\<span style\\='font\\-size\\: 14pt;'\\>lan \\<strong\\>L\\<\\\/strong\\>\\<\\\/span\\>\\<span style\\='font\\-size\\: 14pt;'\\>ocal d'\\<strong\\>U\\<\\\/strong\\>\\<\\\/span\\>\\<span style\\='font\\-size\\: 14pt;'\\>rbanisme\\<\\\/span\\>\\<\\\/p\\><br \/>&nbsp;\"; toolTips('.classtoolTips176',tt_store_content,'4979'); <\/script><script type=\"text\/javascript\"> var tt_store_content = \"\\<\/p>\n<p style\\='text\\-align\\: center;'\\>\\<strong\\>\\<span style\\='font\\-size\\: 14pt;'\\>E\\<\\\/span\\>\\<\\\/strong\\>\\<span style\\='font\\-size\\: 14pt;'\\>lectricit\u00e9 \\<strong\\>d\\<\\\/strong\\>e \\<strong\\>F\\<\\\/strong\\>rance\\<\\\/span\\>\\<\\\/p\\>\"; toolTips('.classtoolTips178',tt_store_content,'7035'); <\/script><script type=\"text\/javascript\"> var tt_store_content = \"\\<\/p>\n<p style\\='text\\-align\\: center;'\\>\\<strong\\>\\<span style\\='font\\-size\\: 14pt;'\\>E\\<\\\/span\\>\\<\\\/strong\\>\\<span style\\='font\\-size\\: 14pt;'\\>lectricit\u00e9 \\<strong\\>d\\<\\\/strong\\>e \\<strong\\>F\\<\\\/strong\\>rance\\<\\\/span\\>\\<\\\/p\\>\"; toolTips('.classtoolTips178',tt_store_content,'7035'); <\/script><script type=\"text\/javascript\"> var tt_store_content = \"\\<p\\>Conseil \u00c9conomique et Social\\<\\\/p\\>\"; toolTips('.classtoolTips180',tt_store_content,'29829'); <\/script><script type=\"text\/javascript\"> var tt_store_content = \"\\<\/p>\n<p style\\='text\\-align\\: center;'\\>\\<span style\\='font\\-size\\: 14pt;'\\>\\<strong\\>A\\<\\\/strong\\>gence \\<strong\\>R\\<\\\/strong\\>\u00e9gionale de \\<strong\\>S\\<\\\/strong\\>ant\u00e9\\<\\\/span\\>\\<\\\/p\\>\"; toolTips('.classtoolTips188',tt_store_content,'18356'); <\/script><script type=\"text\/javascript\"> var tt_store_content = \"\\<\/p>\n<p style\\='text\\-align\\: center;'\\>\\<span style\\='font\\-size\\: 14pt;'\\>\\<strong\\>G\\<\\\/strong\\>roupement \\<strong\\>H\\<\\\/strong\\>ospitalier de \\<strong\\>T\\<\\\/strong\\>erritoire\\<\\\/span\\>\\<\\\/p\\><br \/>\\<\/p>\n<p style\\='text\\-align\\: justify;'\\>Les groupements hospitaliers de territoires, dispositif pr\u00e9vu par la loi de sant\u00e9 2016, sont un nouveau mode de coop\u00e9ration entre les \u00e9tablissements publics de sant\u00e9 \u00e0 l\u2019\u00e9chelle d\u2019un territoire\\<\\\/p\\>\"; toolTips('.classtoolTips189',tt_store_content,'18358'); <\/script><script type=\"text\/javascript\"> var tt_store_content = \"\\<\/p>\n<p style\\='text\\-align\\: center;'\\>\\<span style\\='font\\-size\\: 14pt;'\\>\\<strong\\>C\\<\\\/strong\\>omit\u00e9 \\<strong\\>T\\<\\\/strong\\>echnique d'\\<strong\\>\u00c9\\<\\\/strong\\>tablissement\\<\\\/span\\>\\<\\\/p\\>\"; toolTips('.classtoolTips191',tt_store_content,'18359'); <\/script><script type=\"text\/javascript\"> var tt_store_content = \"\\<\/p>\n<p style\\='text\\-align\\: center;'\\>\\<strong\\>\\<span style\\='font\\-size\\: 14pt;'\\>P\\<\\\/span\\>\\<\\\/strong\\>\\<span style\\='font\\-size\\: 14pt;'\\>rogrammation \\<strong\\>P\\<\\\/strong\\>luri\\-annuelle de l'\\<strong\\>\u00c9\\<\\\/strong\\>nergie\\<\\\/span\\>\\<\\\/p\\><br \/>La PPE est est en France un document strat\u00e9gique de pilotage de la transition \u00e9nerg\u00e9tique\\. Institu\u00e9e par l'article 176 de la loi transition \u00e9nerg\u00e9tique \\(TECV\\)\\. Elle fixe \\(par \u00e9nergie\\) une trajectoire pour le mix \u00e9nerg\u00e9tique, ainsi que \u00ab&nbsp;\\<em\\>les priorit\u00e9s d'action pour la gestion de l\u2019ensemble des formes d'\u00e9nergie sur le territoire m\u00e9tropolitain continental, afin d\u2019atteindre les objectifs nationaux fix\u00e9s par la loi\\<\\\/em\\>&nbsp;\u00bb\\.<\/p>\n<p>Initi\u00e9e en 2016, elle est r\u00e9vis\u00e9e en 2018 puis ensuite tous les 5 ans\\.<\/p>\n<p>\\<a href\\='https\\:\\\/\\\/fr\\.wikipedia\\.org\\\/wiki\\\/Programmation_pluriannuelle_de_l'\u00e9nergi' target\\='_blank' rel\\='noopener'\\>\\<em\\>Voir ici la page Wikipedia consacr\u00e9e \u00e0 la PPE\\<\\\/em\\>\\<\\\/a\\><br \/>\\<a href\\='https\\:\\\/\\\/ppe\\.debatpublic\\.fr\\\/' target\\='_blank' rel\\='noopener'\\>\\<em\\>Voir ici la page du site 'Commission du D\u00e9bat Public' consacr\u00e9e \u00e0 la PPE\\<\\\/em\\>\\<\\\/a\\>\"; toolTips('.classtoolTips193',tt_store_content,'7102'); <\/script><script type=\"text\/javascript\"> var tt_store_content = \"\\<\/p>\n<p style\\='text\\-align\\: center;'\\>\\<span style\\='font\\-size\\: 14pt;'\\>\\<strong\\>E\\<\\\/strong\\>volutionary \\<strong\\>P\\<\\\/strong\\>ower \\<strong\\>R\\<\\\/strong\\>eactor\\<\\\/span\\>\\<\\\/p\\><br \/>\\<\/p>\n<p style\\='text\\-align\\: justify;'\\>R\u00e9acteur nucl\u00e9aire de troisi\u00e8me g\u00e9n\u00e9ration \\(classification internationale\\), con\u00e7u et d\u00e9velopp\u00e9 par <span class='tooltipsall tooltip_post_id_5121 classtoolTips35'>Areva NP<\/span>&nbsp; au cours des ann\u00e9es 1990 et 2000\\. Il fait partie de la fili\u00e8re des r\u00e9acteurs \u00e0 eau pressuris\u00e9e\\.\\<\\\/p\\><br \/>\\<a href\\='https\\:\\\/\\\/fr\\.wikipedia\\.org\\\/wiki\\\/R%C3%A9acteur_pressuris%C3%A9_europ%C3%A9en' target\\='_blank' rel\\='noopener'\\>\\<em\\>Voir ici la fiche Wikipedia EPR\\<\\\/em\\>\\<\\\/a\\>\"; toolTips('.classtoolTips196',tt_store_content,'5579'); <\/script><script type=\"text\/javascript\"> var tt_store_content = \"\\<\/p>\n<p style\\='text\\-align\\: center;'\\>\\<strong\\>\\<span style\\='font\\-size\\: 14pt;'\\>R\\<\\\/span\\>\\<\\\/strong\\>\\<span style\\='font\\-size\\: 14pt;'\\>eferendum d'\\<strong\\>I\\<\\\/strong\\>nitiative \\<strong\\>C\\<\\\/strong\\>itoyenne\\<\\\/span\\>\\<\\\/p\\>\"; toolTips('.classtoolTips205',tt_store_content,'12268'); <\/script><script type=\"text\/javascript\"> var tt_store_content = \"\\<p\\><span class='tooltipsall tooltip_post_id_25844 classtoolTips208'>RTE<\/span> \\= R\u00e9seau de Transport d'Electricit\u00e9 est une filiale d'<span class='tooltipsall tooltip_post_id_7035 classtoolTips178'>EDF<\/span> qui est l'actionnaire majoritaire avec 50,1% des parts le reste \u00e9tant partag\u00e9 par la CDC et la CNP\\<\\\/p\\>\"; toolTips('.classtoolTips208',tt_store_content,'25844'); <\/script><script type=\"text\/javascript\"> var tt_store_content = \"\\<\/p>\n<p style\\='text\\-align\\: center;'\\>\\<span style\\='font\\-size\\: 14pt;'\\>\\<strong\\>O\\<\\\/strong\\>rganisation\\<strong\\> N\\<\\\/strong\\>on\\<strong\\> G\\<\\\/strong\\>ouvernementale\\<\\\/span\\>\\<\\\/p\\><br \/>Une organisation non gouvernementale \\(<span class='tooltipsall tooltip_post_id_3579 classtoolTips210'>ONG<\/span>\\) est une \\<a title\\='Association \u00e0 but non lucratif' href\\='https\\:\\\/\\\/fr\\.wikipedia\\.org\\\/wiki\\\/Association_%C3%A0_but_non_lucratif' target\\='_blank' rel\\='noopener'\\>association \u00e0 but non lucratif\\<\\\/a\\>, d'int\u00e9r\u00eat public, qui ne rel\u00e8ve ni de l'\u00c9tat, ni d'institutions internationales\\<sup id\\='cite_ref\\-novethic_1\\-0' class\\='reference'\\>\\<\\\/sup\\>\\. Les ONG n'ont pas le statut de sujet de \\<a title\\='Droit international public' href\\='https\\:\\\/\\\/fr\\.wikipedia\\.org\\\/wiki\\\/Droit_international_public' target\\='_blank' rel\\='noopener'\\>droit international\\<\\\/a\\>\\.\"; toolTips('.classtoolTips210',tt_store_content,'3579'); <\/script><script type=\"text\/javascript\"> var tt_store_content = \"\\<\/p>\n<p style\\='text\\-align\\: center;'\\>\\<span style\\='font\\-size\\: 14pt;'\\>\\<strong\\>O\\<\\\/strong\\>rganisation\\<strong\\> N\\<\\\/strong\\>on\\<strong\\> G\\<\\\/strong\\>ouvernementale\\<\\\/span\\>\\<\\\/p\\><br \/>Une organisation non gouvernementale \\(ONG\\) est une \\<a title\\='Association \u00e0 but non lucratif' href\\='https\\:\\\/\\\/fr\\.wikipedia\\.org\\\/wiki\\\/Association_%C3%A0_but_non_lucratif' target\\='_blank' rel\\='noopener'\\>association \u00e0 but non lucratif\\<\\\/a\\>, d'int\u00e9r\u00eat public, qui ne rel\u00e8ve ni de l'\u00c9tat, ni d'institutions internationales\\<sup id\\='cite_ref\\-novethic_1\\-0' class\\='reference'\\>\\<\\\/sup\\>\\. Les ONG n'ont pas le statut de sujet de \\<a title\\='Droit international public' href\\='https\\:\\\/\\\/fr\\.wikipedia\\.org\\\/wiki\\\/Droit_international_public' target\\='_blank' rel\\='noopener'\\>droit international\\<\\\/a\\>\\.\"; toolTips('.classtoolTips210',tt_store_content,'3579'); <\/script><script type=\"text\/javascript\"> var tt_store_content = \"\\<p\\><span class='tooltipsall tooltip_post_id_24572 classtoolTips211'>MIT<\/span> \\= Massachussets Institute of Technology, prestigieuse universit\u00e9 am\u00e9ricaine de la c\u00f4te est\\<\\\/p\\>\"; toolTips('.classtoolTips211',tt_store_content,'24572'); <\/script><script type=\"text\/javascript\"> var tt_store_content = \"\\<\/p>\n<p style\\='text\\-align\\: center;'\\>\\<strong\\>J\\<\\\/strong\\>eux \\<strong\\>O\\<\\\/strong\\>lympiques<br \/>ou<br \/>\\<strong\\>J\\<\\\/strong\\>ournal \\<strong\\>O\\<\\\/strong\\>fficiel de la R\u00e9publique Fran\u00e7aise\\<\\\/p\\>\"; toolTips('.classtoolTips213',tt_store_content,'4451'); <\/script><script type=\"text\/javascript\"> var tt_store_content = \"\\<p\\><span class='tooltipsall tooltip_post_id_30593 classtoolTips214'>RN<\/span> \\= Rassemble National, c'est le parti d'extr\u00eame droite de Marine Le Pen qui succ\u00e8de au FN \\= Front National fond\u00e9 par son p\u00e8re Jean Marie Le Pen\\<\\\/p\\>\"; toolTips('.classtoolTips214',tt_store_content,'30593'); <\/script><script type=\"text\/javascript\"> var tt_store_content = \"<\/p>\n<div class='tooltips_youtube_class' ><iframe width='100%' height='100%' src='http:\/\/www.youtube.com\/embed\/m\u00e9gawatt?rel=0&autoplay=1' frameborder='0' allowfullscreen><\/iframe><\/div>\n<p>\\<p\\>\\<strong\\>MEGAWATT \\(<span class='tooltipsall tooltip_post_id_30103 classtoolTips217'>MW<\/span>\\) \\= 1\\.000\\.000 watts\\<\\\/strong\\>\\<\\\/p\\>\"; toolTips('.classtoolTips217',tt_store_content,'30103'); <\/script><script type=\"text\/javascript\"> var tt_store_content = \"\\<\/p>\n<p style\\='text\\-align\\: center;'\\>\\<span style\\='font\\-size\\: 14pt;'\\>\\<strong\\>C\\<\\\/strong\\>entre \\<strong\\>H\\<\\\/strong\\>ospitalier\\<\\\/span\\>\\<\\\/p\\>\"; toolTips('.classtoolTips220',tt_store_content,'18357'); <\/script><script type=\"text\/javascript\"> var tt_store_content = \"\\<p\\>D\u00e9chets radioactifs \u00e0 Haute Activit\u00e9 \\(classement <span class='tooltipsall tooltip_post_id_3612 classtoolTips79'>ANDRA<\/span>\\)\\<\\\/p\\>\"; toolTips('.classtoolTips223',tt_store_content,'19196'); <\/script><\/p>\n","protected":false},"author":5,"featured_media":0,"comment_status":"open","ping_status":"open","sticky":false,"template":"","format":"standard","meta":{"_acf_changed":false,"ngg_post_thumbnail":0,"_jetpack_memberships_contains_paid_content":false,"footnotes":""},"categories":[6,9,28,19,27],"tags":[],"coauthors":[18],"class_list":["post-27339","post","type-post","status-publish","format-standard","hentry","category-actu","category-actu_gen","category-rub_env","category-rub_env_nucl","category-rub","edition-edi_00093","type_art-type_art_article","dossier-dossiers_nucleaire_desastre","no-thumb"],"acf":[],"jetpack_featured_media_url":"","jetpack_sharing_enabled":true,"jetpack_shortlink":"https:\/\/wp.me\/p9B5TM-76X","_links":{"self":[{"href":"https:\/\/le-clairon-nouveau.fr\/wordpress\/wp-json\/wp\/v2\/posts\/27339","targetHints":{"allow":["GET"]}}],"collection":[{"href":"https:\/\/le-clairon-nouveau.fr\/wordpress\/wp-json\/wp\/v2\/posts"}],"about":[{"href":"https:\/\/le-clairon-nouveau.fr\/wordpress\/wp-json\/wp\/v2\/types\/post"}],"author":[{"embeddable":true,"href":"https:\/\/le-clairon-nouveau.fr\/wordpress\/wp-json\/wp\/v2\/users\/5"}],"replies":[{"embeddable":true,"href":"https:\/\/le-clairon-nouveau.fr\/wordpress\/wp-json\/wp\/v2\/comments?post=27339"}],"version-history":[{"count":0,"href":"https:\/\/le-clairon-nouveau.fr\/wordpress\/wp-json\/wp\/v2\/posts\/27339\/revisions"}],"wp:attachment":[{"href":"https:\/\/le-clairon-nouveau.fr\/wordpress\/wp-json\/wp\/v2\/media?parent=27339"}],"wp:term":[{"taxonomy":"category","embeddable":true,"href":"https:\/\/le-clairon-nouveau.fr\/wordpress\/wp-json\/wp\/v2\/categories?post=27339"},{"taxonomy":"post_tag","embeddable":true,"href":"https:\/\/le-clairon-nouveau.fr\/wordpress\/wp-json\/wp\/v2\/tags?post=27339"},{"taxonomy":"author","embeddable":true,"href":"https:\/\/le-clairon-nouveau.fr\/wordpress\/wp-json\/wp\/v2\/coauthors?post=27339"}],"curies":[{"name":"wp","href":"https:\/\/api.w.org\/{rel}","templated":true}]}}