{"id":27465,"date":"2023-01-23T12:30:53","date_gmt":"2023-01-23T11:30:53","guid":{"rendered":"https:\/\/le-clairon-nouveau.fr\/wordpress\/?p=27465"},"modified":"2023-01-22T18:40:58","modified_gmt":"2023-01-22T17:40:58","slug":"nucleaire-la-duplicite-au-secours-du-deraisonnable","status":"publish","type":"post","link":"https:\/\/le-clairon-nouveau.fr\/wordpress\/blog\/2023\/01\/23\/nucleaire-la-duplicite-au-secours-du-deraisonnable\/","title":{"rendered":"Nucl\u00e9aire : la duplicit\u00e9 au secours du d\u00e9raisonnable"},"content":{"rendered":"<p style=\"text-align: center\"><span style=\"font-size: 18pt\"><strong>Chronique d\u2019une catastrophe annonc\u00e9e (suite<\/strong><strong>)<br \/>\n<\/strong><\/span><\/p>\n<p>&nbsp;<\/p>\n<p style=\"text-align: center\"><img data-recalc-dims=\"1\" loading=\"lazy\" decoding=\"async\" class=\" wp-image-27466 aligncenter\" src=\"https:\/\/i0.wp.com\/le-clairon-nouveau.fr\/wordpress\/wp-content\/uploads\/2023\/01\/atome-electrons-neutrons-Image-par-Gerd-Altmann-de-Pixabay.jpg?resize=584%2C412&#038;ssl=1\" alt=\"\" width=\"584\" height=\"412\" srcset=\"https:\/\/i0.wp.com\/le-clairon-nouveau.fr\/wordpress\/wp-content\/uploads\/2023\/01\/atome-electrons-neutrons-Image-par-Gerd-Altmann-de-Pixabay.jpg?resize=300%2C212&amp;ssl=1 300w, https:\/\/i0.wp.com\/le-clairon-nouveau.fr\/wordpress\/wp-content\/uploads\/2023\/01\/atome-electrons-neutrons-Image-par-Gerd-Altmann-de-Pixabay.jpg?resize=1024%2C722&amp;ssl=1 1024w, https:\/\/i0.wp.com\/le-clairon-nouveau.fr\/wordpress\/wp-content\/uploads\/2023\/01\/atome-electrons-neutrons-Image-par-Gerd-Altmann-de-Pixabay.jpg?resize=768%2C542&amp;ssl=1 768w, https:\/\/i0.wp.com\/le-clairon-nouveau.fr\/wordpress\/wp-content\/uploads\/2023\/01\/atome-electrons-neutrons-Image-par-Gerd-Altmann-de-Pixabay.jpg?w=1280&amp;ssl=1 1280w\" sizes=\"auto, (max-width: 584px) 100vw, 584px\" \/><span style=\"font-size: 8pt\"><strong><em>atome \u00e9lectrons neutrons (Image par<\/em><\/strong><\/span><span style=\"font-size: 8pt\"><em><strong>Gerd Altmann de Pixabay)<\/strong><\/em><\/span><\/p>\n<p style=\"text-align: justify\"><span style=\"font-size: 14pt\"><strong>La d\u00e9cision d\u2019E. Macron de relancer la fili\u00e8re nucl\u00e9aire fran\u00e7aise est actuellement confront\u00e9e \u00e0 un contexte d\u00e9favorable.<\/strong><\/span><\/p>\n<ul>\n<li style=\"text-align: justify\"><strong><em><u>Sur le plan technique<\/u><\/em><\/strong><strong><em>: <\/em><\/strong><em>les nombreux dysfonctionnements du parc existant, les p\u00e9rip\u00e9ties et retards ahurissants de la construction de l\u2019<span class='tooltipsall tooltip_post_id_5579 classtoolTips196'>EPR<\/span> de Flamanville, sens\u00e9 \u00eatre le prototype d\u2019une nouvelle g\u00e9n\u00e9ration de r\u00e9acteurs, \u00e0 quoi s\u2019joute le probl\u00e8me des d\u00e9chets radioactifs\u00a0: tout cela a entam\u00e9 la confiance d\u2019une grande partie de l\u2019opinion en l\u2019avenir de cette fili\u00e8re, alors que les \u00e9nergies renouvelables se r\u00e9v\u00e8lent de plus en plus performantes et rentables.<\/em><\/li>\n<li style=\"text-align: justify\"><strong><em><u>Sur le plan \u00e9conomique<\/u><\/em><\/strong><strong><em>: <\/em><\/strong><em>la dette abyssale d\u2019<span class='tooltipsall tooltip_post_id_7035 classtoolTips178'>EDF<\/span>, l\u2019\u00e9lectricien nucl\u00e9aire ma\u00eetre d\u2019ouvrage et exploitant des centrales fran\u00e7aises, pose la question des moyens financiers n\u00e9cessaires \u00e0 la construction de nouveau r\u00e9acteurs de type EPR, mais aussi celle du mur d\u2019investissements n\u00e9cessaires \u00e0 la prolongation de vie des centrales existantes.<\/em><\/li>\n<li style=\"text-align: justify\"><strong><em><u>Sur le plan politique<\/u><\/em><\/strong><strong><em>: <\/em><\/strong><em>entre l\u2019annonce de la relance de la fili\u00e8re nucl\u00e9aire faite par E. Macron en f\u00e9vrier 2022 \u00e0 la fin de son 1er mandat pr\u00e9sidentiel et la p\u00e9riode actuelle, qui d\u00e9bute son second et dernier mandat, le pr\u00e9sident de la R\u00e9publique \u00e0 perdu la majorit\u00e9 absolue qui lui permettait de r\u00e9gner sans partage sur le pays. Alors que sa gestion autocratique rencontre une opposition de plus en plus forte, il est dans une position moins favorable pour faire passer son projet.<\/em><\/li>\n<\/ul>\n<p style=\"text-align: justify\">Cette situation nourrit, chez une part importante de l\u2019opinion, une triple crise de confiance, sur les capacit\u00e9s techniques de la fili\u00e8re, sur les modes de financement de la relance, sur la pertinence la politique choisie par E. Macron pour faire face \u00e0 la crise climatique environnementale et sociale en cours.<\/p>\n<p style=\"text-align: justify\">Ce manque de confiance g\u00e9n\u00e9ralis\u00e9 rend de plus en plus d\u00e9licates les relations entre le pouvoir politique et la soci\u00e9t\u00e9 civile qui s\u2019interroge sur la nature des int\u00e9r\u00eats servis par cette d\u00e9cision pr\u00e9sidentielle\u00a0de relancer le nucl\u00e9aire : int\u00e9r\u00eat public ou int\u00e9r\u00eats particuliers\u00a0?<\/p>\n<p style=\"text-align: justify\"><strong><em>La solution choisie par nos gouvernants, pour \u00e9viter une radicalisation des oppositions au projet de relance, est de contourner les proc\u00e9dures qui instituent le d\u00e9bat public, en supprimant autant que possible les instances de consultation, mais aussi en contournant par toutes sortes d\u2019artifices les occasions o\u00f9 le d\u00e9bat ferait na\u00eetre de trop fortes oppositions. <br \/>\n<\/em><\/strong><span style=\"color: #ff0000\"><strong>Pour la macronie, tout doit garder l\u2019apparence d\u2019un fonctionnement d\u00e9mocratique\u00a0!<\/strong><\/span><\/p>\n<p><span style=\"font-size: 14pt\"><strong>Un exemple de contournement du d\u00e9bat public<\/strong><\/span><\/p>\n<p style=\"text-align: justify\">Le gouvernement a \u00e9labor\u00e9 un <span class='tooltipsall tooltip_post_id_6375 classtoolTips9'>projet de loi<\/span> visant \u00e0 acc\u00e9l\u00e9rer les proc\u00e9dures administratives de construction des nouvelles installations nucl\u00e9aires. Le but est de gagner du temps et de l\u2019argent, en simplifiant les d\u00e9marches, \u00e9tudes, d\u00e9bats et autorisations administratives actuellement prescrits par la loi. <strong><em>Selon le gouvernement il s\u2019agit d\u2019adopter de simples mesures administratives qui, en aucun cas, ne remettent en cause le d\u00e9bat public en cours sur la cr\u00e9ation de 6 nouveaux EPR<\/em><\/strong>.<\/p>\n<p style=\"text-align: justify\">Le projet est actuellement en discussion au S\u00e9nat dont la majorit\u00e9 de droite est tr\u00e8s favorable \u00e0 la relance du nucl\u00e9aire. C\u2019est ainsi que le S\u00e9nat vient de glisser dans ce projet de loi quelques <u>amendements<\/u> qui d\u00e9bordent largement du cadre de la \u00absimplification des proc\u00e9dures administratives\u00bb puisqu\u2019entre autres, ils :<\/p>\n<ul>\n<li style=\"text-align: justify\">suppriment l\u2019objectif du mix \u00e9nerg\u00e9tique, actuellement en vigueur, qui visait \u00e0 r\u00e9duire de 50 % la part du nucl\u00e9aire dans la production \u00e9lectrique.<\/li>\n<li style=\"text-align: justify\">reportent aussi le calendrier de fermeture des 12 r\u00e9acteurs pr\u00e9vus par la <span class='tooltipsall tooltip_post_id_7750 classtoolTips164'>PPE<\/span>.<\/li>\n<li style=\"text-align: justify\">\u00e9tendent les mesures de \u00ab\u00a0simplification administrative\u00a0\u00bb aux petits r\u00e9acteurs modulaires (SMR) et aux \u00e9lectrolyseurs d&rsquo;hydrog\u00e8ne<\/li>\n<li style=\"text-align: justify\">prolongent la dur\u00e9e d\u2019application de cette loi, initialement pr\u00e9vue pour quinze ans, jusqu\u2019en 2050<\/li>\n<\/ul>\n<p style=\"text-align: justify\">En accompagnement \u00e0 <span class='tooltipsall tooltip_post_id_29829 classtoolTips180'>ces<\/span> amendements s\u00e9natoriaux qui devraient \u00eatre vot\u00e9s le 24 janvier, le gouvernement a d\u00e9pos\u00e9 \u00e0 son tour un amendement qui supprime l\u2019objectif de r\u00e9duction \u00e0 50 % de la part du nucl\u00e9aire dans la production d\u2019\u00e9lectricit\u00e9\u2026<\/p>\n<p style=\"text-align: justify\"><strong><em>On est loin de propositions concernant de simples mesures de simplification administrative. Ces amendements ont toutes les chances de passer au S\u00e9nat, puis \u00e0 la Chambre des D\u00e9put\u00e9s. Malgr\u00e9 les d\u00e9n\u00e9gations du gouvernement, ils anticipent sur les r\u00e9sultats des <\/em><\/strong><strong><em>travaux sur la Strat\u00e9gie fran\u00e7aise relative \u00e0<\/em><\/strong><strong> <em>l&rsquo;\u00e9nergie et au climat et passent outre les concertations et d\u00e9bats en cours sur ces sujets. On fait comme si la construction des 6 nouveaux EPR, pr\u00e9vus par le gouvernement, \u00e9tait une affaire entendue !<br \/>\n<\/em><\/strong><strong><em>Or la constitution pr\u00e9voit que la politique \u00e9nerg\u00e9tique qui a des incidences sur l\u2019environnement doit faire l\u2019objet de consultations permettant \u00e0 toute personne de participer \u00e0 l\u2019\u00e9laboration des d\u00e9cisions publiques. <\/em><\/strong><\/p>\n<p style=\"text-align: justify\">C\u2019est ainsi qu\u2019un d\u00e9bat public organis\u00e9 par la <span class='tooltipsall tooltip_post_id_4067 classtoolTips139'>CNDP<\/span> <sup><a href=\"#footnote_1_27465\" id=\"identifier_1_27465\" class=\"footnote-link footnote-identifier-link\" title=\"Commission nationale du d&eacute;bat public\">(1)<\/a><\/sup> a cours du 27 octobre 2022 au 27 f\u00e9vrier 2023\u00a0: il porte sur la construction des 6 nouveaux EPR et sur les diff\u00e9rents enjeux que cette construction implique\u00a0: suret\u00e9, financement, impact environnemental, \u00e9volution climatique, etc.<br \/>\nLe projet de loi \u00ab simplification administrative \u00bb, augment\u00e9 des amendements s\u00e9natoriaux et gouvernementau, cour circuite ce d\u00e9bat public, notamment par les modifications qu\u2019il propose sur le mix \u00e9nerg\u00e9tique. Cela a fait r\u00e9agir la CNDP, organisme public ind\u00e9pendant et garant de l\u2019impartialit\u00e9 des consultations publiques.<\/p>\n<p><span style=\"font-size: 14pt\"><strong>Les r\u00e9actions de la CNDP \u00a0\u00a0<\/strong><\/span><\/p>\n<p style=\"text-align: justify\">C\u2019est un fait rarissime\u00a0: la CNDP a publi\u00e9 un <u>communiqu\u00e9 de presse<\/u> <sup><a href=\"#footnote_2_27465\" id=\"identifier_2_27465\" class=\"footnote-link footnote-identifier-link\" title=\"https:\/\/www.debatpublic.fr\/communique-le-nucleaire-la-loi-et-la-constitution-3896\">(2)<\/a><\/sup> critiquant le choix du gouvernement de passer-outre les objectifs actuels de la programmation pluriannuelle de l\u2019\u00e9nergie (PPE).<br \/>\nDans ce communiqu\u00e9 de presse Chantal Jouanno, la pr\u00e9sidente du CNDP, d\u00e9nonce le subterfuge consistant \u00e0 glisser dans un projet de loi technique un amendement sur la PPE qui pr\u00e9empte \u00a0les d\u00e9bats nationaux sur le sujet. Elle rappelle le caract\u00e8re anticonstitutionnel de ces pratiques qui bousculent le calendrier de la consultation en cours ce qui \u00ab\u00a0\u2026<em>revient \u00e0 consid\u00e9rer comme sans int\u00e9r\u00eat les remarques et les propositions faites lors du d\u00e9bat public en cours\u00a0<\/em>\u00bb<\/p>\n<p style=\"text-align: justify\">La CNDP n\u2019est pas la seule a d\u00e9noncer ces artifices gouvernementaux : ainsi Greenpeace pour qui : <em>\u00ab\u00a0[Ces] amendements (\u2026) visent \u00e0 d\u00e9tourner ce projet de loi de son objectif initial de pr\u00e9tendue simplification administrative pour la cr\u00e9ation d&rsquo;EPR2 en l&rsquo;\u00e9tendant \u00e0 toutes les installations nucl\u00e9aires, \u00e0 l&rsquo;exception de celles relatives aux acc\u00e9l\u00e9rateurs de particules et de Cig\u00e9o. La piscine de La Hague, les SMRs et toutes les installations nucl\u00e9aires seraient concern\u00e9es, sans aucune \u00e9tude d&rsquo;impact ou d\u00e9bat sur l&rsquo;impact de telles mesures sur ces installations\u00a0\u00bb<\/em><\/p>\n<p style=\"text-align: justify\"><span style=\"font-size: 14pt\"><em><strong>\u00ab\u00a0Quo usque tandem abutere<\/strong><\/em><strong><em>, <\/em><\/strong><em><strong>Macronus<\/strong><\/em><strong><em>, <\/em><\/strong><strong><em>patientia nostra<\/em>\u00a0? <\/strong><\/span><sup><a href=\"#footnote_3_27465\" id=\"identifier_3_27465\" class=\"footnote-link footnote-identifier-link\" title=\"Pastiche du premier discours contre Catilina prononc&eacute; par Cic&eacute;ron&nbsp;: Jusques &agrave; quand Catilina, abuseras-tu de notre patience?\">(3)<\/a><\/sup>\n<p style=\"text-align: right\"><em>Curly Mac Toole pour le Clairon de l\u2019Atax le 21\/01\/2023<\/em><\/p>\n<p><img data-recalc-dims=\"1\" loading=\"lazy\" decoding=\"async\" class=\" wp-image-27467 aligncenter\" src=\"https:\/\/i0.wp.com\/le-clairon-nouveau.fr\/wordpress\/wp-content\/uploads\/2023\/01\/alerte-nucleaire-europeenne-declenchee-L-1.jpeg?resize=138%2C121&#038;ssl=1\" alt=\"\" width=\"138\" height=\"121\" \/><\/p>\n<script type=\"text\/javascript\"> var tt_store_content = \"En France, il existe deux moyens principaux pour cr\u00e9er ou modifier une loi\\:<br\/>\\<ul\\><br\/> \t\\<li\\>le \\<strong\\>projet de loi\\<\\\/strong\\>, qui \u00e9mane du gouvernement,\\<\\\/li\\><br\/> \t\\<li\\>la \\<strong\\><span class='tooltipsall tooltip_post_id_6375 classtoolTips9'>proposition de loi<\/span>\\<\\\/strong\\>, qui \u00e9mane d'un ou plusieurs parlementaires\\. &nbsp;\\<\\\/li\\><br\/>\\<\\\/ul\\>\"; toolTips('.classtoolTips9',tt_store_content,'6375'); <\/script><script type=\"text\/javascript\"> var tt_store_content = \"\\<p\\><span class='tooltipsall tooltip_post_id_23586 classtoolTips107'>NTIC<\/span> \\= Nouvelles technologies de l'information et de la communication\\<\\\/p\\>\"; toolTips('.classtoolTips107',tt_store_content,'23586'); <\/script><script type=\"text\/javascript\"> var tt_store_content = \"\\<p\\>NTIC \\= Nouvelles technologies de l'information et de la communication\\<\\\/p\\>\"; toolTips('.classtoolTips107',tt_store_content,'23586'); <\/script><script type=\"text\/javascript\"> var tt_store_content = \"\\<p\\>NTIC \\= Nouvelles technologies de l'Information et de la Communication\\<\\\/p\\>\"; toolTips('.classtoolTips112',tt_store_content,'30265'); <\/script><script type=\"text\/javascript\"> var tt_store_content = \"Le <span class='tooltipsall tooltip_post_id_3743 classtoolTips128'>CIRC<\/span> est le&nbsp; \\<a href\\='https\\:\\\/\\\/fr\\.wikipedia\\.org\\\/wiki\\\/Centre_international_de_recherche_sur_le_cancer' target\\='_blank' rel\\='noopener'\\>Centre international de Recherche sur le Cancer\\<\\\/a\\>, cr\u00e9\u00e9 en 1965 par l\u2019\\<a href\\='https\\:\\\/\\\/fr\\.wikipedia\\.org\\\/wiki\\\/Organisation_mondiale_de_la_sant%C3%A9' target\\='_blank' rel\\='noopener'\\>Organisation Mondiale de la Sant\u00e9\\<\\\/a\\> \\(OMS\\) des \\<a href\\='https\\:\\\/\\\/fr\\.wikipedia\\.org\\\/wiki\\\/Organisation_des_Nations_unies' target\\='_blank' rel\\='noopener'\\>Nations Unies\\<\\\/a\\>\\.\"; toolTips('.classtoolTips128',tt_store_content,'3743'); <\/script><script type=\"text\/javascript\"> var tt_store_content = \"\\<p style\\='text\\-align\\: center;'\\>\\<span style\\='font\\-size\\: 14pt;'\\>\\<strong\\>C\\<\\\/strong\\>entre \\<strong\\>C\\<\\\/strong\\>ommunal d'\\<strong\\>A\\<\\\/strong\\>ction \\<strong\\>S\\<\\\/strong\\>ociale\\<\\\/span\\>\\<\\\/p\\><br\/>\\<p style\\='text\\-align\\: justify;'\\>Un centre communal d'action sociale \\(<span class='tooltipsall tooltip_post_id_18100 classtoolTips132'>CCAS<\/span>\\) est, en France, un \u00e9tablissement public administr\u00e9 par un conseil d'administration pr\u00e9sid\u00e9 par le maire de la commune\\. Il a pour mission d'animer une action g\u00e9n\u00e9rale de pr\u00e9vention et de d\u00e9veloppement social au sein de la commune en liaison \u00e9troite avec les institutions publiques et priv\u00e9es\\<\\\/p\\>\"; toolTips('.classtoolTips132',tt_store_content,'18100'); <\/script><script type=\"text\/javascript\"> var tt_store_content = \"\\<p style\\='text\\-align\\: center;'\\>\\<span style\\='font\\-size\\: 14pt;'\\>\\<strong\\>C\\<\\\/strong\\>ommission\\<strong\\> N\\<\\\/strong\\>ationale du \\<strong\\>D\\<\\\/strong\\>\u00e9bat\\<strong\\> P\\<\\\/strong\\>ublic\\<\\\/span\\>\\<\\\/p\\><br\/>\\<p style\\='text\\-align\\: center;'\\>La Commission nationale du d\u00e9bat public est une autorit\u00e9 administrative ind\u00e9pendante dont la mission est d\u2019informer les citoyens et de faire en sorte que leur point de vue soit pris en compte dans le processus de d\u00e9cision \\: \\<br\\><br\/>\u00ab Vous donner la parole et la faire entendre \u00bb\\.'\\<\\\/p\\><br\/>\\<p\\>Voir \\<a href\\='https\\:\\\/\\\/www\\.debatpublic\\.fr\\\/son\\-role' target\\='_blank' rel\\='noopener'\\>ici la d\u00e9finition compl\u00e8te du r\u00f4le de la CNDP\\<\\\/a\\>\\<br\\><br\/>Aller sur le \\<a href\\='https\\:\\\/\\\/www\\.debatpublic\\.fr\\\/' target\\='_blank' rel\\='noopener'\\>site de la CNDP\\<\\\/a\\>\\<\\\/p\\>\"; toolTips('.classtoolTips139',tt_store_content,'4067'); <\/script><script type=\"text\/javascript\"> var tt_store_content = \"\\<p style\\='text\\-align\\: center;'\\>\\<strong\\>\\<span style\\='font\\-size\\: 14pt;'\\>S\\<\\\/span\\>\\<\\\/strong\\>\\<span style\\='font\\-size\\: 14pt;'\\>oci\u00e9t\u00e9 d'\\<strong\\>\u00c9\\<\\\/strong\\>conomie \\<strong\\>M\\<\\\/strong\\>ixte\\<\\\/span\\>\\<\\\/p\\><br\/>\\<p style\\='text\\-align\\: justify;'\\>En France, une soci\u00e9t\u00e9 d'\u00e9conomie mixte est une soci\u00e9t\u00e9 anonyme dont le capital est majoritairement d\u00e9tenu par une ou plusieurs personnes publiques \\(\u00e0 savoir l'\u00c9tat, une Collectivit\u00e9 territoriale, ou tout autre \u00c9tablissement public\\)\\. Cette participation majoritaire publique est plafonn\u00e9e \u00e0 85&nbsp;% du capital depuis la Loi du 2 janvier 2002\\. Au moins une personne priv\u00e9e doit participer au capital de la <span class='tooltipsall tooltip_post_id_7168 classtoolTips142'>SEM<\/span>, sachant qu'il peut s'agir d'une autre SEM\\.\\<\\\/p\\><br\/>\\<p style\\='text\\-align\\: justify;'\\>\\<strong\\>Le recours \u00e0 la SEM garantit\\<\\\/strong\\> \u00e0 la collectivit\u00e9 publique actionnaire et cocontractante \\<strong\\>la prise en compte effective de l'int\u00e9r\u00eat g\u00e9n\u00e9ral\\<\\\/strong\\> dans les objectifs de l'entreprise \\<strong\\>et la souplesse de la soci\u00e9t\u00e9 de droit priv\u00e9\\<\\\/strong\\>\\.\\<\\\/p\\><br\/>\\<em\\>\\<a href\\='https\\:\\\/\\\/fr\\.wikipedia\\.org\\\/wiki\\\/Soci%C3%A9t%C3%A9_d%27%C3%A9conomie_mixte' target\\='_blank' rel\\='noopener'\\>Voir ici la page Wikipedia consacr\u00e9e aux SEM\\<\\\/a\\> \\<\\\/em\\><br\/><br\/>&nbsp;\"; toolTips('.classtoolTips142',tt_store_content,'7168'); <\/script><script type=\"text\/javascript\"> var tt_store_content = \"\\<p style\\='text\\-align\\: center;'\\>\\<span style\\='font\\-size\\: 14pt;'\\>\\<strong\\>I\\<\\\/strong\\>mp\u00f4t sur la \\<strong\\>F\\<\\\/strong\\>ortune \\<strong\\>I\\<\\\/strong\\>mmobili\u00e8re\\<\\\/span\\>\\<\\\/p\\>\"; toolTips('.classtoolTips148',tt_store_content,'5643'); <\/script><script type=\"text\/javascript\"> var tt_store_content = \"\\<p style\\='text\\-align\\: center;'\\>\\<span style\\='font\\-size\\: 14pt;'\\>\\<strong\\>R\\<\\\/strong\\>\u00e9pertoire \\<strong\\>N\\<\\\/strong\\>ational des \\<strong\\>A\\<\\\/strong\\>ssociations\\<\\\/span\\>\\<\\\/p\\>\"; toolTips('.classtoolTips159',tt_store_content,'24374'); <\/script><script type=\"text\/javascript\"> var tt_store_content = \"\\<p style\\='text\\-align\\: center;'\\>\\<strong\\>\\<span style\\='font\\-size\\: 14pt;'\\>G\\<\\\/span\\>\\<\\\/strong\\>\\<span style\\='font\\-size\\: 14pt;'\\>az \u00e0 \\<strong\\>E\\<\\\/strong\\>ffet de \\<strong\\>S\\<\\\/strong\\>erre\\<\\\/span\\>\\<\\\/p\\><br\/>\\<p style\\='text\\-align\\: justify;'\\>Les gaz \u00e0 effet de serre \\(<span class='tooltipsall tooltip_post_id_7232 classtoolTips161'>GES<\/span>\\) sont des composants gazeux qui absorbent le rayonnement infrarouge \u00e9mis par la surface terrestre et contribuent \u00e0 l'effet de serre\\. L'augmentation de leur concentration dans l'atmosph\u00e8re terrestre est l'un des facteurs \u00e0 l'origine du r\u00e9chauffement climatique\\.\\<\\\/p\\><br\/>\\<a href\\='https\\:\\\/\\\/fr\\.wikipedia\\.org\\\/wiki\\\/Gaz_%C3%A0_effet_de_serre' target\\='_blank' rel\\='noopener'\\>\\<em\\>Voir ici la fiche Wikipedia sur les gaz \u00e0 effet de serre\\<\\\/em\\>\\<\\\/a\\>\"; toolTips('.classtoolTips161',tt_store_content,'7232'); <\/script><script type=\"text\/javascript\"> var tt_store_content = \"\\<p style\\='text\\-align\\: justify'\\>La \u00ab\u00a0\\<b\\>programmation pluriannuelle de l'\u00e9nergie\\<\\\/b\\>\u00a0\u00bb \\(PPE\\) est, en France, un document strat\u00e9gique de pilotage de la transition \u00e9nerg\u00e9tique\\. Institu\u00e9e par l'article 176 de la \\<a title\\='Loi relative \u00e0 la transition \u00e9nerg\u00e9tique pour la croissance verte' href\\='https\\:\\\/\\\/fr\\.wikipedia\\.org\\\/wiki\\\/Loi_relative_%C3%A0_la_transition_%C3%A9nerg%C3%A9tique_pour_la_croissance_verte'\\>loi de transition \u00e9nerg\u00e9tique\\<\\\/a\\> \\(TECV\\), elle fixe une trajectoire pour le \\<a title\\='Mix \u00e9nerg\u00e9tique' href\\='https\\:\\\/\\\/fr\\.wikipedia\\.org\\\/wiki\\\/Mix_%C3%A9nerg%C3%A9tique'\\>mix \u00e9nerg\u00e9tique\\<\\\/a\\>, ainsi que \\<span class\\='citation'\\>\u00ab\u00a0les priorit\u00e9s d'action pour la gestion de l\u2019ensemble des formes d'\u00e9nergie sur le territoire m\u00e9tropolitain continental, afin d\u2019atteindre les objectifs nationaux fix\u00e9s par la loi\u00a0\u00bb\\<\\\/span\\>\\. \\(Wikip\u00e9dia\\)\\<\\\/p\\>\"; toolTips('.classtoolTips164',tt_store_content,'7750'); <\/script><script type=\"text\/javascript\"> var tt_store_content = \"\\<p style\\='text\\-align\\: justify'\\>La \u00ab\u00a0\\<b\\>programmation pluriannuelle de l'\u00e9nergie\\<\\\/b\\>\u00a0\u00bb \\(PPE\\) est, en France, un document strat\u00e9gique de pilotage de la transition \u00e9nerg\u00e9tique\\. Institu\u00e9e par l'article 176 de la \\<a title\\='Loi relative \u00e0 la transition \u00e9nerg\u00e9tique pour la croissance verte' href\\='https\\:\\\/\\\/fr\\.wikipedia\\.org\\\/wiki\\\/Loi_relative_%C3%A0_la_transition_%C3%A9nerg%C3%A9tique_pour_la_croissance_verte'\\>loi de transition \u00e9nerg\u00e9tique\\<\\\/a\\> \\(TECV\\), elle fixe une trajectoire pour le \\<a title\\='Mix \u00e9nerg\u00e9tique' href\\='https\\:\\\/\\\/fr\\.wikipedia\\.org\\\/wiki\\\/Mix_%C3%A9nerg%C3%A9tique'\\>mix \u00e9nerg\u00e9tique\\<\\\/a\\>, ainsi que \\<span class\\='citation'\\>\u00ab\u00a0les priorit\u00e9s d'action pour la gestion de l\u2019ensemble des formes d'\u00e9nergie sur le territoire m\u00e9tropolitain continental, afin d\u2019atteindre les objectifs nationaux fix\u00e9s par la loi\u00a0\u00bb\\<\\\/span\\>\\. \\(Wikip\u00e9dia\\)\\<\\\/p\\>\"; toolTips('.classtoolTips164',tt_store_content,'7750'); <\/script><script type=\"text\/javascript\"> var tt_store_content = \"\\<p style\\='text\\-align\\: center;'\\>\\<span style\\='font\\-size\\: 14pt;'\\>\\<strong\\>O\\<\\\/strong\\>rganisation \\<strong\\>M\\<\\\/strong\\>\u00e9t\u00e9orologique \\<strong\\>M\\<\\\/strong\\>ondiale<br\/>\\<strong\\>W\\<\\\/strong\\>orld \\<strong\\>M\\<\\\/strong\\>eteorological \\<strong\\>O\\<\\\/strong\\>rganization\\<\\\/span\\>\\<\\\/p\\><br\/>&nbsp;<br\/><br\/>\\<a href\\='https\\:\\\/\\\/public\\.wmo\\.int\\\/fr' target\\='_blank' rel\\='noopener'\\>\\<em\\>Acc\u00e9der ici au site de l'organisation\\<\\\/em\\>\\<\\\/a\\>\"; toolTips('.classtoolTips168',tt_store_content,'7763'); <\/script><script type=\"text\/javascript\"> var tt_store_content = \"\\<p style\\='text\\-align\\: justify'\\>\\<span class\\='ILfuVd'\\>La politique agricole commune \\(\\<b\\><span class='tooltipsall tooltip_post_id_11364 classtoolTips174'>PAC<\/span>\\<\\\/b\\>\\) est une politique mise en place \u00e0 l'\u00e9chelle de l'Union europ\u00e9enne\\. \u00c0 l'origine, elle est fond\u00e9e principalement sur des mesures de contr\u00f4le des prix et de subventionnement, visant \u00e0 moderniser et d\u00e9velopper l'agriculture\\.\\<\\\/span\\> \\(source Wikipedia\\)\\<\\\/p\\>\"; toolTips('.classtoolTips174',tt_store_content,'11364'); <\/script><script type=\"text\/javascript\"> var tt_store_content = \"\\<p style\\='text\\-align\\: center;'\\>\\<span style\\='font\\-size\\: 14pt;'\\>\\<strong\\>P\\<\\\/strong\\>\\<\\\/span\\>\\<span style\\='font\\-size\\: 14pt;'\\>lan \\<strong\\>L\\<\\\/strong\\>\\<\\\/span\\>\\<span style\\='font\\-size\\: 14pt;'\\>ocal d'\\<strong\\>U\\<\\\/strong\\>\\<\\\/span\\>\\<span style\\='font\\-size\\: 14pt;'\\>rbanisme\\<\\\/span\\>\\<\\\/p\\><br\/>&nbsp;\"; toolTips('.classtoolTips176',tt_store_content,'4979'); <\/script><script type=\"text\/javascript\"> var tt_store_content = \"\\<p style\\='text\\-align\\: center;'\\>\\<strong\\>\\<span style\\='font\\-size\\: 14pt;'\\>E\\<\\\/span\\>\\<\\\/strong\\>\\<span style\\='font\\-size\\: 14pt;'\\>lectricit\u00e9 \\<strong\\>d\\<\\\/strong\\>e \\<strong\\>F\\<\\\/strong\\>rance\\<\\\/span\\>\\<\\\/p\\>\"; toolTips('.classtoolTips178',tt_store_content,'7035'); <\/script><script type=\"text\/javascript\"> var tt_store_content = \"\\<p style\\='text\\-align\\: center;'\\>\\<strong\\>\\<span style\\='font\\-size\\: 14pt;'\\>E\\<\\\/span\\>\\<\\\/strong\\>\\<span style\\='font\\-size\\: 14pt;'\\>lectricit\u00e9 \\<strong\\>d\\<\\\/strong\\>e \\<strong\\>F\\<\\\/strong\\>rance\\<\\\/span\\>\\<\\\/p\\>\"; toolTips('.classtoolTips178',tt_store_content,'7035'); <\/script><script type=\"text\/javascript\"> var tt_store_content = \"\\<p\\>Conseil \u00c9conomique et Social\\<\\\/p\\>\"; toolTips('.classtoolTips180',tt_store_content,'29829'); <\/script><script type=\"text\/javascript\"> var tt_store_content = \"\\<p style\\='text\\-align\\: center;'\\>\\<span style\\='font\\-size\\: 14pt;'\\>\\<strong\\>G\\<\\\/strong\\>roupement \\<strong\\>H\\<\\\/strong\\>ospitalier de \\<strong\\>T\\<\\\/strong\\>erritoire\\<\\\/span\\>\\<\\\/p\\><br\/>\\<p style\\='text\\-align\\: justify;'\\>Les groupements hospitaliers de territoires, dispositif pr\u00e9vu par la loi de sant\u00e9 2016, sont un nouveau mode de coop\u00e9ration entre les \u00e9tablissements publics de sant\u00e9 \u00e0 l\u2019\u00e9chelle d\u2019un territoire\\<\\\/p\\>\"; toolTips('.classtoolTips189',tt_store_content,'18358'); <\/script><script type=\"text\/javascript\"> var tt_store_content = \"\\<p style\\='text\\-align\\: center;'\\>\\<span style\\='font\\-size\\: 14pt;'\\>\\<strong\\>C\\<\\\/strong\\>omit\u00e9 \\<strong\\>T\\<\\\/strong\\>echnique d'\\<strong\\>\u00c9\\<\\\/strong\\>tablissement\\<\\\/span\\>\\<\\\/p\\>\"; toolTips('.classtoolTips191',tt_store_content,'18359'); <\/script><script type=\"text\/javascript\"> var tt_store_content = \"\\<p style\\='text\\-align\\: center;'\\>\\<strong\\>\\<span style\\='font\\-size\\: 14pt;'\\>P\\<\\\/span\\>\\<\\\/strong\\>\\<span style\\='font\\-size\\: 14pt;'\\>rogrammation \\<strong\\>P\\<\\\/strong\\>luri\\-annuelle de l'\\<strong\\>\u00c9\\<\\\/strong\\>nergie\\<\\\/span\\>\\<\\\/p\\><br\/>La PPE est est en France un document strat\u00e9gique de pilotage de la transition \u00e9nerg\u00e9tique\\. Institu\u00e9e par l'article 176 de la loi transition \u00e9nerg\u00e9tique \\(TECV\\)\\. Elle fixe \\(par \u00e9nergie\\) une trajectoire pour le mix \u00e9nerg\u00e9tique, ainsi que \u00ab&nbsp;\\<em\\>les priorit\u00e9s d'action pour la gestion de l\u2019ensemble des formes d'\u00e9nergie sur le territoire m\u00e9tropolitain continental, afin d\u2019atteindre les objectifs nationaux fix\u00e9s par la loi\\<\\\/em\\>&nbsp;\u00bb\\.<br\/><br\/>Initi\u00e9e en 2016, elle est r\u00e9vis\u00e9e en 2018 puis ensuite tous les 5 ans\\.<br\/><br\/>\\<a href\\='https\\:\\\/\\\/fr\\.wikipedia\\.org\\\/wiki\\\/Programmation_pluriannuelle_de_l'\u00e9nergi' target\\='_blank' rel\\='noopener'\\>\\<em\\>Voir ici la page Wikipedia consacr\u00e9e \u00e0 la PPE\\<\\\/em\\>\\<\\\/a\\><br\/>\\<a href\\='https\\:\\\/\\\/ppe\\.debatpublic\\.fr\\\/' target\\='_blank' rel\\='noopener'\\>\\<em\\>Voir ici la page du site 'Commission du D\u00e9bat Public' consacr\u00e9e \u00e0 la PPE\\<\\\/em\\>\\<\\\/a\\>\"; toolTips('.classtoolTips193',tt_store_content,'7102'); <\/script><script type=\"text\/javascript\"> var tt_store_content = \"\\<p style\\='text\\-align\\: center;'\\>\\<span style\\='font\\-size\\: 14pt;'\\>\\<strong\\>E\\<\\\/strong\\>volutionary \\<strong\\>P\\<\\\/strong\\>ower \\<strong\\>R\\<\\\/strong\\>eactor\\<\\\/span\\>\\<\\\/p\\><br\/>\\<p style\\='text\\-align\\: justify;'\\>R\u00e9acteur nucl\u00e9aire de troisi\u00e8me g\u00e9n\u00e9ration \\(classification internationale\\), con\u00e7u et d\u00e9velopp\u00e9 par <span class='tooltipsall tooltip_post_id_5121 classtoolTips35'>Areva NP<\/span>&nbsp; au cours des ann\u00e9es 1990 et 2000\\. Il fait partie de la fili\u00e8re des r\u00e9acteurs \u00e0 eau pressuris\u00e9e\\.\\<\\\/p\\><br\/>\\<a href\\='https\\:\\\/\\\/fr\\.wikipedia\\.org\\\/wiki\\\/R%C3%A9acteur_pressuris%C3%A9_europ%C3%A9en' target\\='_blank' rel\\='noopener'\\>\\<em\\>Voir ici la fiche Wikipedia EPR\\<\\\/em\\>\\<\\\/a\\>\"; toolTips('.classtoolTips196',tt_store_content,'5579'); <\/script><script type=\"text\/javascript\"> var tt_store_content = \"\\<p style\\='text\\-align\\: center;'\\>\\<strong\\>R\\<\\\/strong\\>\u00e9seau \\<strong\\>A\\<\\\/strong\\>ction \\<strong\\>C\\<\\\/strong\\>limat\\<\\\/p\\><br\/>Le r\u00e9seau Action Climat '\\<em\\>f\u00e9d\u00e8re les associations impliqu\u00e9es dans la lutte contre les changements climatiques et pour une transition \u00e9cologique, solidaire et \u00e9quitable\\<\\\/em\\>'\\.<br\/><br\/>\\<a href\\='https\\:\\\/\\\/reseauactionclimat\\.org\\\/' target\\='_blank' rel\\='noopener'\\>Voir le site du <span class='tooltipsall tooltip_post_id_4309 classtoolTips200'>RAC<\/span>\\<\\\/a\\>\"; toolTips('.classtoolTips200',tt_store_content,'4309'); <\/script><script type=\"text\/javascript\"> var tt_store_content = \"\\<p style\\='text\\-align\\: center;'\\>\\<strong\\>\\<span style\\='font\\-size\\: 14pt;'\\>R\\<\\\/span\\>\\<\\\/strong\\>\\<span style\\='font\\-size\\: 14pt;'\\>eferendum d'\\<strong\\>I\\<\\\/strong\\>nitiative \\<strong\\>C\\<\\\/strong\\>itoyenne\\<\\\/span\\>\\<\\\/p\\>\"; toolTips('.classtoolTips205',tt_store_content,'12268'); <\/script><script type=\"text\/javascript\"> var tt_store_content = \"\\<p\\><span class='tooltipsall tooltip_post_id_25844 classtoolTips208'>RTE<\/span> \\= R\u00e9seau de Transport d'Electricit\u00e9 est une filiale d'EDF qui est l'actionnaire majoritaire avec 50,1% des parts le reste \u00e9tant partag\u00e9 par la CDC et la CNP\\<\\\/p\\>\"; toolTips('.classtoolTips208',tt_store_content,'25844'); <\/script><script type=\"text\/javascript\"> var tt_store_content = \"\\<p style\\='text\\-align\\: center;'\\>\\<span style\\='font\\-size\\: 14pt;'\\>\\<strong\\>O\\<\\\/strong\\>rganisation\\<strong\\> N\\<\\\/strong\\>on\\<strong\\> G\\<\\\/strong\\>ouvernementale\\<\\\/span\\>\\<\\\/p\\><br\/>Une organisation non gouvernementale \\(<span class='tooltipsall tooltip_post_id_3579 classtoolTips210'>ONG<\/span>\\) est une \\<a title\\='Association \u00e0 but non lucratif' href\\='https\\:\\\/\\\/fr\\.wikipedia\\.org\\\/wiki\\\/Association_%C3%A0_but_non_lucratif' target\\='_blank' rel\\='noopener'\\>association \u00e0 but non lucratif\\<\\\/a\\>, d'int\u00e9r\u00eat public, qui ne rel\u00e8ve ni de l'\u00c9tat, ni d'institutions internationales\\<sup id\\='cite_ref\\-novethic_1\\-0' class\\='reference'\\>\\<\\\/sup\\>\\. Les ONG n'ont pas le statut de sujet de \\<a title\\='Droit international public' href\\='https\\:\\\/\\\/fr\\.wikipedia\\.org\\\/wiki\\\/Droit_international_public' target\\='_blank' rel\\='noopener'\\>droit international\\<\\\/a\\>\\.\"; toolTips('.classtoolTips210',tt_store_content,'3579'); <\/script><script type=\"text\/javascript\"> var tt_store_content = \"\\<p style\\='text\\-align\\: center;'\\>\\<span style\\='font\\-size\\: 14pt;'\\>\\<strong\\>O\\<\\\/strong\\>rganisation\\<strong\\> N\\<\\\/strong\\>on\\<strong\\> G\\<\\\/strong\\>ouvernementale\\<\\\/span\\>\\<\\\/p\\><br\/>Une organisation non gouvernementale \\(ONG\\) est une \\<a title\\='Association \u00e0 but non lucratif' href\\='https\\:\\\/\\\/fr\\.wikipedia\\.org\\\/wiki\\\/Association_%C3%A0_but_non_lucratif' target\\='_blank' rel\\='noopener'\\>association \u00e0 but non lucratif\\<\\\/a\\>, d'int\u00e9r\u00eat public, qui ne rel\u00e8ve ni de l'\u00c9tat, ni d'institutions internationales\\<sup id\\='cite_ref\\-novethic_1\\-0' class\\='reference'\\>\\<\\\/sup\\>\\. Les ONG n'ont pas le statut de sujet de \\<a title\\='Droit international public' href\\='https\\:\\\/\\\/fr\\.wikipedia\\.org\\\/wiki\\\/Droit_international_public' target\\='_blank' rel\\='noopener'\\>droit international\\<\\\/a\\>\\.\"; toolTips('.classtoolTips210',tt_store_content,'3579'); <\/script><script type=\"text\/javascript\"> var tt_store_content = \"\\<p style\\='text\\-align\\: center;'\\>\\<strong\\>J\\<\\\/strong\\>eux \\<strong\\>O\\<\\\/strong\\>lympiques<br\/>ou<br\/>\\<strong\\>J\\<\\\/strong\\>ournal \\<strong\\>O\\<\\\/strong\\>fficiel de la R\u00e9publique Fran\u00e7aise\\<\\\/p\\>\"; toolTips('.classtoolTips213',tt_store_content,'4451'); <\/script><script type=\"text\/javascript\"> var tt_store_content = \"\\<p\\><span class='tooltipsall tooltip_post_id_30593 classtoolTips214'>RN<\/span> \\= Rassemble National, c'est le parti d'extr\u00eame droite de Marine Le Pen qui succ\u00e8de au FN \\= Front National fond\u00e9 par son p\u00e8re Jean Marie Le Pen\\<\\\/p\\>\"; toolTips('.classtoolTips214',tt_store_content,'30593'); <\/script><script type=\"text\/javascript\"> var tt_store_content = \"\\<p style\\='text\\-align\\: center;'\\>\\<span style\\='font\\-size\\: 14pt;'\\>\\<strong\\>C\\<\\\/strong\\>entre \\<strong\\>H\\<\\\/strong\\>ospitalier\\<\\\/span\\>\\<\\\/p\\>\"; toolTips('.classtoolTips220',tt_store_content,'18357'); <\/script><script type=\"text\/javascript\"> var tt_store_content = \"\\<p\\>D\u00e9chets radioactifs \u00e0 Haute Activit\u00e9 \\(classement <span class='tooltipsall tooltip_post_id_3612 classtoolTips79'>ANDRA<\/span>\\)\\<\\\/p\\>\"; toolTips('.classtoolTips223',tt_store_content,'19196'); <\/script>_______________________<br>Notes<ol class=\"footnotes\"><li id=\"footnote_1_27465\" class=\"footnote\">Commission nationale du d\u00e9bat public<span class=\"footnote-back-link-wrapper\">[<a href=\"#identifier_1_27465\" class=\"footnote-link footnote-back-link\">&#8617;<\/a>]<\/span><\/li><li id=\"footnote_2_27465\" class=\"footnote\"><a href=\"https:\/\/www.debatpublic.fr\/communique-le-nucleaire-la-loi-et-la-constitution-3896\">https:\/\/www.debatpublic.fr\/communique-le-nucleaire-la-loi-et-la-constitution-3896<\/a><span class=\"footnote-back-link-wrapper\">[<a href=\"#identifier_2_27465\" class=\"footnote-link footnote-back-link\">&#8617;<\/a>]<\/span><\/li><li id=\"footnote_3_27465\" class=\"footnote\">Pastiche du premier discours contre Catilina prononc\u00e9 par Cic\u00e9ron\u00a0: Jusques \u00e0 quand <em>Catilina<\/em>, abuseras-tu de notre patience?<span class=\"footnote-back-link-wrapper\">[<a href=\"#identifier_3_27465\" class=\"footnote-link footnote-back-link\">&#8617;<\/a>]<\/span><\/li><\/ol>_______________________","protected":false},"excerpt":{"rendered":"<p>La constitution pr\u00e9voit que la politique \u00e9nerg\u00e9tique qui a des incidences sur l\u2019environnement doit faire l\u2019objet de consultations permettant \u00e0 toute personne de participer \u00e0 l\u2019\u00e9laboration des d\u00e9cisions publiques. <script type=\"text\/javascript\"> var tt_store_content = \"En France, il existe deux moyens principaux pour cr\u00e9er ou modifier une loi\\:<br \/>\\<ul\\> \t\\<li\\>le \\<strong\\><span class='tooltipsall tooltip_post_id_6375 classtoolTips9'>projet de loi<\/span>\\<\\\/strong\\>, qui \u00e9mane du gouvernement,\\<\\\/li\\><br \/> \t\\<li\\>la \\<strong\\><span class='tooltipsall tooltip_post_id_6375 classtoolTips9'>proposition de loi<\/span>\\<\\\/strong\\>, qui \u00e9mane d'un ou plusieurs parlementaires\\. &nbsp;\\<\\\/li\\><br \/>\\<\\\/ul\\>\"; toolTips('.classtoolTips9',tt_store_content,'6375'); <\/script><script type=\"text\/javascript\"> var tt_store_content = \"\\<p\\><span class='tooltipsall tooltip_post_id_23586 classtoolTips107'>NTIC<\/span> \\= Nouvelles technologies de l'information et de la communication\\<\\\/p\\>\"; toolTips('.classtoolTips107',tt_store_content,'23586'); <\/script><script type=\"text\/javascript\"> var tt_store_content = \"\\<p\\>NTIC \\= Nouvelles technologies de l'information et de la communication\\<\\\/p\\>\"; toolTips('.classtoolTips107',tt_store_content,'23586'); <\/script><script type=\"text\/javascript\"> var tt_store_content = \"\\<p\\>NTIC \\= Nouvelles technologies de l'Information et de la Communication\\<\\\/p\\>\"; toolTips('.classtoolTips112',tt_store_content,'30265'); <\/script><script type=\"text\/javascript\"> var tt_store_content = \"Le <span class='tooltipsall tooltip_post_id_3743 classtoolTips128'>CIRC<\/span> est le&nbsp; \\<a href\\='https\\:\\\/\\\/fr\\.wikipedia\\.org\\\/wiki\\\/Centre_international_de_recherche_sur_le_cancer' target\\='_blank' rel\\='noopener'\\>Centre international de Recherche sur le Cancer\\<\\\/a\\>, cr\u00e9\u00e9 en 1965 par l\u2019\\<a href\\='https\\:\\\/\\\/fr\\.wikipedia\\.org\\\/wiki\\\/Organisation_mondiale_de_la_sant%C3%A9' target\\='_blank' rel\\='noopener'\\>Organisation Mondiale de la Sant\u00e9\\<\\\/a\\> \\(OMS\\) des \\<a href\\='https\\:\\\/\\\/fr\\.wikipedia\\.org\\\/wiki\\\/Organisation_des_Nations_unies' target\\='_blank' rel\\='noopener'\\>Nations Unies\\<\\\/a\\>\\.\"; toolTips('.classtoolTips128',tt_store_content,'3743'); <\/script><script type=\"text\/javascript\"> var tt_store_content = \"\\<\/p>\n<p style\\='text\\-align\\: center;'\\>\\<span style\\='font\\-size\\: 14pt;'\\>\\<strong\\>C\\<\\\/strong\\>entre \\<strong\\>C\\<\\\/strong\\>ommunal d'\\<strong\\>A\\<\\\/strong\\>ction \\<strong\\>S\\<\\\/strong\\>ociale\\<\\\/span\\>\\<\\\/p\\><br \/>\\<\/p>\n<p style\\='text\\-align\\: justify;'\\>Un centre communal d'action sociale \\(<span class='tooltipsall tooltip_post_id_18100 classtoolTips132'>CCAS<\/span>\\) est, en France, un \u00e9tablissement public administr\u00e9 par un conseil d'administration pr\u00e9sid\u00e9 par le maire de la commune\\. Il a pour mission d'animer une action g\u00e9n\u00e9rale de pr\u00e9vention et de d\u00e9veloppement social au sein de la commune en liaison \u00e9troite avec les institutions publiques et priv\u00e9es\\<\\\/p\\>\"; toolTips('.classtoolTips132',tt_store_content,'18100'); <\/script><script type=\"text\/javascript\"> var tt_store_content = \"\\<\/p>\n<p style\\='text\\-align\\: center;'\\>\\<span style\\='font\\-size\\: 14pt;'\\>\\<strong\\>C\\<\\\/strong\\>ommission\\<strong\\> N\\<\\\/strong\\>ationale du \\<strong\\>D\\<\\\/strong\\>\u00e9bat\\<strong\\> P\\<\\\/strong\\>ublic\\<\\\/span\\>\\<\\\/p\\><br \/>\\<\/p>\n<p style\\='text\\-align\\: center;'\\>La Commission nationale du d\u00e9bat public est une autorit\u00e9 administrative ind\u00e9pendante dont la mission est d\u2019informer les citoyens et de faire en sorte que leur point de vue soit pris en compte dans le processus de d\u00e9cision \\: \\<br\\><br \/>\u00ab Vous donner la parole et la faire entendre \u00bb\\.'\\<\\\/p\\><br \/>\\<p\\>Voir \\<a href\\='https\\:\\\/\\\/www\\.debatpublic\\.fr\\\/son\\-role' target\\='_blank' rel\\='noopener'\\>ici la d\u00e9finition compl\u00e8te du r\u00f4le de la <span class='tooltipsall tooltip_post_id_4067 classtoolTips139'>CNDP<\/span>\\<\\\/a\\>\\<br\\><br \/>Aller sur le \\<a href\\='https\\:\\\/\\\/www\\.debatpublic\\.fr\\\/' target\\='_blank' rel\\='noopener'\\>site de la CNDP\\<\\\/a\\>\\<\\\/p\\>\"; toolTips('.classtoolTips139',tt_store_content,'4067'); <\/script><script type=\"text\/javascript\"> var tt_store_content = \"\\<\/p>\n<p style\\='text\\-align\\: center;'\\>\\<strong\\>\\<span style\\='font\\-size\\: 14pt;'\\>S\\<\\\/span\\>\\<\\\/strong\\>\\<span style\\='font\\-size\\: 14pt;'\\>oci\u00e9t\u00e9 d'\\<strong\\>\u00c9\\<\\\/strong\\>conomie \\<strong\\>M\\<\\\/strong\\>ixte\\<\\\/span\\>\\<\\\/p\\><br \/>\\<\/p>\n<p style\\='text\\-align\\: justify;'\\>En France, une soci\u00e9t\u00e9 d'\u00e9conomie mixte est une soci\u00e9t\u00e9 anonyme dont le capital est majoritairement d\u00e9tenu par une ou plusieurs personnes publiques \\(\u00e0 savoir l'\u00c9tat, une Collectivit\u00e9 territoriale, ou tout autre \u00c9tablissement public\\)\\. Cette participation majoritaire publique est plafonn\u00e9e \u00e0 85&nbsp;% du capital depuis la Loi du 2 janvier 2002\\. Au moins une personne priv\u00e9e doit participer au capital de la <span class='tooltipsall tooltip_post_id_7168 classtoolTips142'>SEM<\/span>, sachant qu'il peut s'agir d'une autre SEM\\.\\<\\\/p\\><br \/>\\<\/p>\n<p style\\='text\\-align\\: justify;'\\>\\<strong\\>Le recours \u00e0 la SEM garantit\\<\\\/strong\\> \u00e0 la collectivit\u00e9 publique actionnaire et cocontractante \\<strong\\>la prise en compte effective de l'int\u00e9r\u00eat g\u00e9n\u00e9ral\\<\\\/strong\\> dans les objectifs de l'entreprise \\<strong\\>et la souplesse de la soci\u00e9t\u00e9 de droit priv\u00e9\\<\\\/strong\\>\\.\\<\\\/p\\><br \/>\\<em\\>\\<a href\\='https\\:\\\/\\\/fr\\.wikipedia\\.org\\\/wiki\\\/Soci%C3%A9t%C3%A9_d%27%C3%A9conomie_mixte' target\\='_blank' rel\\='noopener'\\>Voir ici la page Wikipedia consacr\u00e9e aux SEM\\<\\\/a\\> \\<\\\/em\\><\/p>\n<p>&nbsp;\"; toolTips('.classtoolTips142',tt_store_content,'7168'); <\/script><script type=\"text\/javascript\"> var tt_store_content = \"\\<\/p>\n<p style\\='text\\-align\\: center;'\\>\\<span style\\='font\\-size\\: 14pt;'\\>\\<strong\\>I\\<\\\/strong\\>mp\u00f4t sur la \\<strong\\>F\\<\\\/strong\\>ortune \\<strong\\>I\\<\\\/strong\\>mmobili\u00e8re\\<\\\/span\\>\\<\\\/p\\>\"; toolTips('.classtoolTips148',tt_store_content,'5643'); <\/script><script type=\"text\/javascript\"> var tt_store_content = \"\\<\/p>\n<p style\\='text\\-align\\: center;'\\>\\<span style\\='font\\-size\\: 14pt;'\\>\\<strong\\>R\\<\\\/strong\\>\u00e9pertoire \\<strong\\>N\\<\\\/strong\\>ational des \\<strong\\>A\\<\\\/strong\\>ssociations\\<\\\/span\\>\\<\\\/p\\>\"; toolTips('.classtoolTips159',tt_store_content,'24374'); <\/script><script type=\"text\/javascript\"> var tt_store_content = \"\\<\/p>\n<p style\\='text\\-align\\: center;'\\>\\<strong\\>\\<span style\\='font\\-size\\: 14pt;'\\>G\\<\\\/span\\>\\<\\\/strong\\>\\<span style\\='font\\-size\\: 14pt;'\\>az \u00e0 \\<strong\\>E\\<\\\/strong\\>ffet de \\<strong\\>S\\<\\\/strong\\>erre\\<\\\/span\\>\\<\\\/p\\><br \/>\\<\/p>\n<p style\\='text\\-align\\: justify;'\\>Les gaz \u00e0 effet de serre \\(<span class='tooltipsall tooltip_post_id_7232 classtoolTips161'>GES<\/span>\\) sont des composants gazeux qui absorbent le rayonnement infrarouge \u00e9mis par la surface terrestre et contribuent \u00e0 l'effet de serre\\. L'augmentation de leur concentration dans l'atmosph\u00e8re terrestre est l'un des facteurs \u00e0 l'origine du r\u00e9chauffement climatique\\.\\<\\\/p\\><br \/>\\<a href\\='https\\:\\\/\\\/fr\\.wikipedia\\.org\\\/wiki\\\/Gaz_%C3%A0_effet_de_serre' target\\='_blank' rel\\='noopener'\\>\\<em\\>Voir ici la fiche Wikipedia sur les gaz \u00e0 effet de serre\\<\\\/em\\>\\<\\\/a\\>\"; toolTips('.classtoolTips161',tt_store_content,'7232'); <\/script><script type=\"text\/javascript\"> var tt_store_content = \"\\<\/p>\n<p style\\='text\\-align\\: justify'\\>La \u00ab\u00a0\\<b\\>programmation pluriannuelle de l'\u00e9nergie\\<\\\/b\\>\u00a0\u00bb \\(<span class='tooltipsall tooltip_post_id_7750 classtoolTips164'>PPE<\/span>\\) est, en France, un document strat\u00e9gique de pilotage de la transition \u00e9nerg\u00e9tique\\. Institu\u00e9e par l'article 176 de la \\<a title\\='Loi relative \u00e0 la transition \u00e9nerg\u00e9tique pour la croissance verte' href\\='https\\:\\\/\\\/fr\\.wikipedia\\.org\\\/wiki\\\/Loi_relative_%C3%A0_la_transition_%C3%A9nerg%C3%A9tique_pour_la_croissance_verte'\\>loi de transition \u00e9nerg\u00e9tique\\<\\\/a\\> \\(TECV\\), elle fixe une trajectoire pour le \\<a title\\='Mix \u00e9nerg\u00e9tique' href\\='https\\:\\\/\\\/fr\\.wikipedia\\.org\\\/wiki\\\/Mix_%C3%A9nerg%C3%A9tique'\\>mix \u00e9nerg\u00e9tique\\<\\\/a\\>, ainsi que \\<span class\\='citation'\\>\u00ab\u00a0les priorit\u00e9s d'action pour la gestion de l\u2019ensemble des formes d'\u00e9nergie sur le territoire m\u00e9tropolitain continental, afin d\u2019atteindre les objectifs nationaux fix\u00e9s par la loi\u00a0\u00bb\\<\\\/span\\>\\. \\(Wikip\u00e9dia\\)\\<\\\/p\\>\"; toolTips('.classtoolTips164',tt_store_content,'7750'); <\/script><script type=\"text\/javascript\"> var tt_store_content = \"\\<\/p>\n<p style\\='text\\-align\\: justify'\\>La \u00ab\u00a0\\<b\\>programmation pluriannuelle de l'\u00e9nergie\\<\\\/b\\>\u00a0\u00bb \\(PPE\\) est, en France, un document strat\u00e9gique de pilotage de la transition \u00e9nerg\u00e9tique\\. Institu\u00e9e par l'article 176 de la \\<a title\\='Loi relative \u00e0 la transition \u00e9nerg\u00e9tique pour la croissance verte' href\\='https\\:\\\/\\\/fr\\.wikipedia\\.org\\\/wiki\\\/Loi_relative_%C3%A0_la_transition_%C3%A9nerg%C3%A9tique_pour_la_croissance_verte'\\>loi de transition \u00e9nerg\u00e9tique\\<\\\/a\\> \\(TECV\\), elle fixe une trajectoire pour le \\<a title\\='Mix \u00e9nerg\u00e9tique' href\\='https\\:\\\/\\\/fr\\.wikipedia\\.org\\\/wiki\\\/Mix_%C3%A9nerg%C3%A9tique'\\>mix \u00e9nerg\u00e9tique\\<\\\/a\\>, ainsi que \\<span class\\='citation'\\>\u00ab\u00a0les priorit\u00e9s d'action pour la gestion de l\u2019ensemble des formes d'\u00e9nergie sur le territoire m\u00e9tropolitain continental, afin d\u2019atteindre les objectifs nationaux fix\u00e9s par la loi\u00a0\u00bb\\<\\\/span\\>\\. \\(Wikip\u00e9dia\\)\\<\\\/p\\>\"; toolTips('.classtoolTips164',tt_store_content,'7750'); <\/script><script type=\"text\/javascript\"> var tt_store_content = \"\\<\/p>\n<p style\\='text\\-align\\: center;'\\>\\<span style\\='font\\-size\\: 14pt;'\\>\\<strong\\>O\\<\\\/strong\\>rganisation \\<strong\\>M\\<\\\/strong\\>\u00e9t\u00e9orologique \\<strong\\>M\\<\\\/strong\\>ondiale<br \/>\\<strong\\>W\\<\\\/strong\\>orld \\<strong\\>M\\<\\\/strong\\>eteorological \\<strong\\>O\\<\\\/strong\\>rganization\\<\\\/span\\>\\<\\\/p\\><br \/>&nbsp;<\/p>\n<p>\\<a href\\='https\\:\\\/\\\/public\\.wmo\\.int\\\/fr' target\\='_blank' rel\\='noopener'\\>\\<em\\>Acc\u00e9der ici au site de l'organisation\\<\\\/em\\>\\<\\\/a\\>\"; toolTips('.classtoolTips168',tt_store_content,'7763'); <\/script><script type=\"text\/javascript\"> var tt_store_content = \"\\<\/p>\n<p style\\='text\\-align\\: justify'\\>\\<span class\\='ILfuVd'\\>La politique agricole commune \\(\\<b\\><span class='tooltipsall tooltip_post_id_11364 classtoolTips174'>PAC<\/span>\\<\\\/b\\>\\) est une politique mise en place \u00e0 l'\u00e9chelle de l'Union europ\u00e9enne\\. \u00c0 l'origine, elle est fond\u00e9e principalement sur des mesures de contr\u00f4le des prix et de subventionnement, visant \u00e0 moderniser et d\u00e9velopper l'agriculture\\.\\<\\\/span\\> \\(source Wikipedia\\)\\<\\\/p\\>\"; toolTips('.classtoolTips174',tt_store_content,'11364'); <\/script><script type=\"text\/javascript\"> var tt_store_content = \"\\<\/p>\n<p style\\='text\\-align\\: center;'\\>\\<span style\\='font\\-size\\: 14pt;'\\>\\<strong\\>P\\<\\\/strong\\>\\<\\\/span\\>\\<span style\\='font\\-size\\: 14pt;'\\>lan \\<strong\\>L\\<\\\/strong\\>\\<\\\/span\\>\\<span style\\='font\\-size\\: 14pt;'\\>ocal d'\\<strong\\>U\\<\\\/strong\\>\\<\\\/span\\>\\<span style\\='font\\-size\\: 14pt;'\\>rbanisme\\<\\\/span\\>\\<\\\/p\\><br \/>&nbsp;\"; toolTips('.classtoolTips176',tt_store_content,'4979'); <\/script><script type=\"text\/javascript\"> var tt_store_content = \"\\<\/p>\n<p style\\='text\\-align\\: center;'\\>\\<strong\\>\\<span style\\='font\\-size\\: 14pt;'\\>E\\<\\\/span\\>\\<\\\/strong\\>\\<span style\\='font\\-size\\: 14pt;'\\>lectricit\u00e9 \\<strong\\>d\\<\\\/strong\\>e \\<strong\\>F\\<\\\/strong\\>rance\\<\\\/span\\>\\<\\\/p\\>\"; toolTips('.classtoolTips178',tt_store_content,'7035'); <\/script><script type=\"text\/javascript\"> var tt_store_content = \"\\<\/p>\n<p style\\='text\\-align\\: center;'\\>\\<strong\\>\\<span style\\='font\\-size\\: 14pt;'\\>E\\<\\\/span\\>\\<\\\/strong\\>\\<span style\\='font\\-size\\: 14pt;'\\>lectricit\u00e9 \\<strong\\>d\\<\\\/strong\\>e \\<strong\\>F\\<\\\/strong\\>rance\\<\\\/span\\>\\<\\\/p\\>\"; toolTips('.classtoolTips178',tt_store_content,'7035'); <\/script><script type=\"text\/javascript\"> var tt_store_content = \"\\<p\\>Conseil \u00c9conomique et Social\\<\\\/p\\>\"; toolTips('.classtoolTips180',tt_store_content,'29829'); <\/script><script type=\"text\/javascript\"> var tt_store_content = \"\\<\/p>\n<p style\\='text\\-align\\: center;'\\>\\<span style\\='font\\-size\\: 14pt;'\\>\\<strong\\>G\\<\\\/strong\\>roupement \\<strong\\>H\\<\\\/strong\\>ospitalier de \\<strong\\>T\\<\\\/strong\\>erritoire\\<\\\/span\\>\\<\\\/p\\><br \/>\\<\/p>\n<p style\\='text\\-align\\: justify;'\\>Les groupements hospitaliers de territoires, dispositif pr\u00e9vu par la loi de sant\u00e9 2016, sont un nouveau mode de coop\u00e9ration entre les \u00e9tablissements publics de sant\u00e9 \u00e0 l\u2019\u00e9chelle d\u2019un territoire\\<\\\/p\\>\"; toolTips('.classtoolTips189',tt_store_content,'18358'); <\/script><script type=\"text\/javascript\"> var tt_store_content = \"\\<\/p>\n<p style\\='text\\-align\\: center;'\\>\\<span style\\='font\\-size\\: 14pt;'\\>\\<strong\\>C\\<\\\/strong\\>omit\u00e9 \\<strong\\>T\\<\\\/strong\\>echnique d'\\<strong\\>\u00c9\\<\\\/strong\\>tablissement\\<\\\/span\\>\\<\\\/p\\>\"; toolTips('.classtoolTips191',tt_store_content,'18359'); <\/script><script type=\"text\/javascript\"> var tt_store_content = \"\\<\/p>\n<p style\\='text\\-align\\: center;'\\>\\<strong\\>\\<span style\\='font\\-size\\: 14pt;'\\>P\\<\\\/span\\>\\<\\\/strong\\>\\<span style\\='font\\-size\\: 14pt;'\\>rogrammation \\<strong\\>P\\<\\\/strong\\>luri\\-annuelle de l'\\<strong\\>\u00c9\\<\\\/strong\\>nergie\\<\\\/span\\>\\<\\\/p\\><br \/>La PPE est est en France un document strat\u00e9gique de pilotage de la transition \u00e9nerg\u00e9tique\\. Institu\u00e9e par l'article 176 de la loi transition \u00e9nerg\u00e9tique \\(TECV\\)\\. Elle fixe \\(par \u00e9nergie\\) une trajectoire pour le mix \u00e9nerg\u00e9tique, ainsi que \u00ab&nbsp;\\<em\\>les priorit\u00e9s d'action pour la gestion de l\u2019ensemble des formes d'\u00e9nergie sur le territoire m\u00e9tropolitain continental, afin d\u2019atteindre les objectifs nationaux fix\u00e9s par la loi\\<\\\/em\\>&nbsp;\u00bb\\.<\/p>\n<p>Initi\u00e9e en 2016, elle est r\u00e9vis\u00e9e en 2018 puis ensuite tous les 5 ans\\.<\/p>\n<p>\\<a href\\='https\\:\\\/\\\/fr\\.wikipedia\\.org\\\/wiki\\\/Programmation_pluriannuelle_de_l'\u00e9nergi' target\\='_blank' rel\\='noopener'\\>\\<em\\>Voir ici la page Wikipedia consacr\u00e9e \u00e0 la PPE\\<\\\/em\\>\\<\\\/a\\><br \/>\\<a href\\='https\\:\\\/\\\/ppe\\.debatpublic\\.fr\\\/' target\\='_blank' rel\\='noopener'\\>\\<em\\>Voir ici la page du site 'Commission du D\u00e9bat Public' consacr\u00e9e \u00e0 la PPE\\<\\\/em\\>\\<\\\/a\\>\"; toolTips('.classtoolTips193',tt_store_content,'7102'); <\/script><script type=\"text\/javascript\"> var tt_store_content = \"\\<\/p>\n<p style\\='text\\-align\\: center;'\\>\\<span style\\='font\\-size\\: 14pt;'\\>\\<strong\\>E\\<\\\/strong\\>volutionary \\<strong\\>P\\<\\\/strong\\>ower \\<strong\\>R\\<\\\/strong\\>eactor\\<\\\/span\\>\\<\\\/p\\><br \/>\\<\/p>\n<p style\\='text\\-align\\: justify;'\\>R\u00e9acteur nucl\u00e9aire de troisi\u00e8me g\u00e9n\u00e9ration \\(classification internationale\\), con\u00e7u et d\u00e9velopp\u00e9 par <span class='tooltipsall tooltip_post_id_5121 classtoolTips35'>Areva NP<\/span>&nbsp; au cours des ann\u00e9es 1990 et 2000\\. Il fait partie de la fili\u00e8re des r\u00e9acteurs \u00e0 eau pressuris\u00e9e\\.\\<\\\/p\\><br \/>\\<a href\\='https\\:\\\/\\\/fr\\.wikipedia\\.org\\\/wiki\\\/R%C3%A9acteur_pressuris%C3%A9_europ%C3%A9en' target\\='_blank' rel\\='noopener'\\>\\<em\\>Voir ici la fiche Wikipedia <span class='tooltipsall tooltip_post_id_5579 classtoolTips196'>EPR<\/span>\\<\\\/em\\>\\<\\\/a\\>\"; toolTips('.classtoolTips196',tt_store_content,'5579'); <\/script><script type=\"text\/javascript\"> var tt_store_content = \"\\<\/p>\n<p style\\='text\\-align\\: center;'\\>\\<strong\\>R\\<\\\/strong\\>\u00e9seau \\<strong\\>A\\<\\\/strong\\>ction \\<strong\\>C\\<\\\/strong\\>limat\\<\\\/p\\><br \/>Le r\u00e9seau Action Climat '\\<em\\>f\u00e9d\u00e8re les associations impliqu\u00e9es dans la lutte contre les changements climatiques et pour une transition \u00e9cologique, solidaire et \u00e9quitable\\<\\\/em\\>'\\.<\/p>\n<p>\\<a href\\='https\\:\\\/\\\/reseauactionclimat\\.org\\\/' target\\='_blank' rel\\='noopener'\\>Voir le site du <span class='tooltipsall tooltip_post_id_4309 classtoolTips200'>RAC<\/span>\\<\\\/a\\>\"; toolTips('.classtoolTips200',tt_store_content,'4309'); <\/script><script type=\"text\/javascript\"> var tt_store_content = \"\\<\/p>\n<p style\\='text\\-align\\: center;'\\>\\<strong\\>\\<span style\\='font\\-size\\: 14pt;'\\>R\\<\\\/span\\>\\<\\\/strong\\>\\<span style\\='font\\-size\\: 14pt;'\\>eferendum d'\\<strong\\>I\\<\\\/strong\\>nitiative \\<strong\\>C\\<\\\/strong\\>itoyenne\\<\\\/span\\>\\<\\\/p\\>\"; toolTips('.classtoolTips205',tt_store_content,'12268'); <\/script><script type=\"text\/javascript\"> var tt_store_content = \"\\<p\\><span class='tooltipsall tooltip_post_id_25844 classtoolTips208'>RTE<\/span> \\= R\u00e9seau de Transport d'Electricit\u00e9 est une filiale d'<span class='tooltipsall tooltip_post_id_7035 classtoolTips178'>EDF<\/span> qui est l'actionnaire majoritaire avec 50,1% des parts le reste \u00e9tant partag\u00e9 par la CDC et la CNP\\<\\\/p\\>\"; toolTips('.classtoolTips208',tt_store_content,'25844'); <\/script><script type=\"text\/javascript\"> var tt_store_content = \"\\<\/p>\n<p style\\='text\\-align\\: center;'\\>\\<span style\\='font\\-size\\: 14pt;'\\>\\<strong\\>O\\<\\\/strong\\>rganisation\\<strong\\> N\\<\\\/strong\\>on\\<strong\\> G\\<\\\/strong\\>ouvernementale\\<\\\/span\\>\\<\\\/p\\><br \/>Une organisation non gouvernementale \\(<span class='tooltipsall tooltip_post_id_3579 classtoolTips210'>ONG<\/span>\\) est une \\<a title\\='Association \u00e0 but non lucratif' href\\='https\\:\\\/\\\/fr\\.wikipedia\\.org\\\/wiki\\\/Association_%C3%A0_but_non_lucratif' target\\='_blank' rel\\='noopener'\\>association \u00e0 but non lucratif\\<\\\/a\\>, d'int\u00e9r\u00eat public, qui ne rel\u00e8ve ni de l'\u00c9tat, ni d'institutions internationales\\<sup id\\='cite_ref\\-novethic_1\\-0' class\\='reference'\\>\\<\\\/sup\\>\\. Les ONG n'ont pas le statut de sujet de \\<a title\\='Droit international public' href\\='https\\:\\\/\\\/fr\\.wikipedia\\.org\\\/wiki\\\/Droit_international_public' target\\='_blank' rel\\='noopener'\\>droit international\\<\\\/a\\>\\.\"; toolTips('.classtoolTips210',tt_store_content,'3579'); <\/script><script type=\"text\/javascript\"> var tt_store_content = \"\\<\/p>\n<p style\\='text\\-align\\: center;'\\>\\<span style\\='font\\-size\\: 14pt;'\\>\\<strong\\>O\\<\\\/strong\\>rganisation\\<strong\\> N\\<\\\/strong\\>on\\<strong\\> G\\<\\\/strong\\>ouvernementale\\<\\\/span\\>\\<\\\/p\\><br \/>Une organisation non gouvernementale \\(ONG\\) est une \\<a title\\='Association \u00e0 but non lucratif' href\\='https\\:\\\/\\\/fr\\.wikipedia\\.org\\\/wiki\\\/Association_%C3%A0_but_non_lucratif' target\\='_blank' rel\\='noopener'\\>association \u00e0 but non lucratif\\<\\\/a\\>, d'int\u00e9r\u00eat public, qui ne rel\u00e8ve ni de l'\u00c9tat, ni d'institutions internationales\\<sup id\\='cite_ref\\-novethic_1\\-0' class\\='reference'\\>\\<\\\/sup\\>\\. Les ONG n'ont pas le statut de sujet de \\<a title\\='Droit international public' href\\='https\\:\\\/\\\/fr\\.wikipedia\\.org\\\/wiki\\\/Droit_international_public' target\\='_blank' rel\\='noopener'\\>droit international\\<\\\/a\\>\\.\"; toolTips('.classtoolTips210',tt_store_content,'3579'); <\/script><script type=\"text\/javascript\"> var tt_store_content = \"\\<\/p>\n<p style\\='text\\-align\\: center;'\\>\\<strong\\>J\\<\\\/strong\\>eux \\<strong\\>O\\<\\\/strong\\>lympiques<br \/>ou<br \/>\\<strong\\>J\\<\\\/strong\\>ournal \\<strong\\>O\\<\\\/strong\\>fficiel de la R\u00e9publique Fran\u00e7aise\\<\\\/p\\>\"; toolTips('.classtoolTips213',tt_store_content,'4451'); <\/script><script type=\"text\/javascript\"> var tt_store_content = \"\\<p\\><span class='tooltipsall tooltip_post_id_30593 classtoolTips214'>RN<\/span> \\= Rassemble National, c'est le parti d'extr\u00eame droite de Marine Le Pen qui succ\u00e8de au FN \\= Front National fond\u00e9 par son p\u00e8re Jean Marie Le Pen\\<\\\/p\\>\"; toolTips('.classtoolTips214',tt_store_content,'30593'); <\/script><script type=\"text\/javascript\"> var tt_store_content = \"\\<\/p>\n<p style\\='text\\-align\\: center;'\\>\\<span style\\='font\\-size\\: 14pt;'\\>\\<strong\\>C\\<\\\/strong\\>entre \\<strong\\>H\\<\\\/strong\\>ospitalier\\<\\\/span\\>\\<\\\/p\\>\"; toolTips('.classtoolTips220',tt_store_content,'18357'); <\/script><script type=\"text\/javascript\"> var tt_store_content = \"\\<p\\>D\u00e9chets radioactifs \u00e0 Haute Activit\u00e9 \\(classement <span class='tooltipsall tooltip_post_id_3612 classtoolTips79'>ANDRA<\/span>\\)\\<\\\/p\\>\"; toolTips('.classtoolTips223',tt_store_content,'19196'); <\/script><\/p>\n","protected":false},"author":5,"featured_media":0,"comment_status":"open","ping_status":"open","sticky":false,"template":"","format":"standard","meta":{"_acf_changed":false,"ngg_post_thumbnail":0,"_jetpack_memberships_contains_paid_content":false,"footnotes":""},"categories":[6,9,19,5,27],"tags":[],"coauthors":[18],"class_list":["post-27465","post","type-post","status-publish","format-standard","hentry","category-actu","category-actu_gen","category-rub_env_nucl","category-rub_pol","category-rub","edition-edi_00094","type_art-type_art_article","dossier-dossiers_nucleaire_desastre","no-thumb"],"acf":[],"jetpack_featured_media_url":"","jetpack_sharing_enabled":true,"jetpack_shortlink":"https:\/\/wp.me\/p9B5TM-78Z","_links":{"self":[{"href":"https:\/\/le-clairon-nouveau.fr\/wordpress\/wp-json\/wp\/v2\/posts\/27465","targetHints":{"allow":["GET"]}}],"collection":[{"href":"https:\/\/le-clairon-nouveau.fr\/wordpress\/wp-json\/wp\/v2\/posts"}],"about":[{"href":"https:\/\/le-clairon-nouveau.fr\/wordpress\/wp-json\/wp\/v2\/types\/post"}],"author":[{"embeddable":true,"href":"https:\/\/le-clairon-nouveau.fr\/wordpress\/wp-json\/wp\/v2\/users\/5"}],"replies":[{"embeddable":true,"href":"https:\/\/le-clairon-nouveau.fr\/wordpress\/wp-json\/wp\/v2\/comments?post=27465"}],"version-history":[{"count":0,"href":"https:\/\/le-clairon-nouveau.fr\/wordpress\/wp-json\/wp\/v2\/posts\/27465\/revisions"}],"wp:attachment":[{"href":"https:\/\/le-clairon-nouveau.fr\/wordpress\/wp-json\/wp\/v2\/media?parent=27465"}],"wp:term":[{"taxonomy":"category","embeddable":true,"href":"https:\/\/le-clairon-nouveau.fr\/wordpress\/wp-json\/wp\/v2\/categories?post=27465"},{"taxonomy":"post_tag","embeddable":true,"href":"https:\/\/le-clairon-nouveau.fr\/wordpress\/wp-json\/wp\/v2\/tags?post=27465"},{"taxonomy":"author","embeddable":true,"href":"https:\/\/le-clairon-nouveau.fr\/wordpress\/wp-json\/wp\/v2\/coauthors?post=27465"}],"curies":[{"name":"wp","href":"https:\/\/api.w.org\/{rel}","templated":true}]}}