{"id":28396,"date":"2023-06-19T01:09:10","date_gmt":"2023-06-18T23:09:10","guid":{"rendered":"https:\/\/le-clairon-nouveau.fr\/wordpress\/?p=28396"},"modified":"2023-06-21T17:03:50","modified_gmt":"2023-06-21T15:03:50","slug":"a-propos-dune-proposition-de-loi-sur-les-deserts-medicaux","status":"publish","type":"post","link":"https:\/\/le-clairon-nouveau.fr\/wordpress\/blog\/2023\/06\/19\/a-propos-dune-proposition-de-loi-sur-les-deserts-medicaux\/","title":{"rendered":"A propos d&rsquo;une proposition de loi sur les d\u00e9serts m\u00e9dicaux"},"content":{"rendered":"<p style=\"text-align: justify\"><em><strong>La pand\u00e9mie du Covid 19 a peut \u00eatre contribu\u00e9 \u00e0 r\u00e9v\u00e9ler combien notre syst\u00e8me de sant\u00e9 s&rsquo;\u00e9tait d\u00e9grad\u00e9.\u00a0 Et cette d\u00e9gradation ne s&rsquo;est pas arr\u00eat\u00e9e depuis la fin de la pand\u00e9mie, bien au contraire et malgr\u00e9 de grandes annonces gouvernementales qui ont fait long feu, c&rsquo;est un public de plus en plus nombreux qui d\u00e9couvre, lorsqu&rsquo;il a besoin de recourir \u00e0 des soins m\u00e9dicaux ou dentaires, \u00e0 quel point l&rsquo;acc\u00e8s aux praticiens publics ou priv\u00e9s est devenu d\u00e9licat et implique des d\u00e9lais qui peuvent s&rsquo;av\u00e9rer n\u00e9fastes aux patients&#8230;<\/strong><\/em><br \/>\n<em><strong>La gravit\u00e9 de la situation n\u00e9cessite des mesures d&rsquo;urgence, mais certainement pas du bricolage ou des exp\u00e9dients. Il s&rsquo;agit aussi d&rsquo;\u00eatre vigilant \u00e0 ce que les solutions aux probl\u00e8mes actuels du syst\u00e8me de sant\u00e9 ne servent pas \u00e0 installer un peu plus une m\u00e9decine priv\u00e9e, o\u00f9 le profit deviendrait le crit\u00e8re pr\u00e9valent.<\/strong><\/em><\/p>\n<p style=\"text-align: justify\"><span style=\"color: #0b11bd\"><strong>Nous avons publi\u00e9 une enqu\u00eate faites par des militants du PCF de la Narbonnaise sur la d\u00e9sertification m\u00e9dicale en cours sur ce territoire. Voici en contrepoint, fid\u00e8les \u00e0 notre devise \u00ab\u00a0s&rsquo;exercer \u00e0 r\u00e9fl\u00e9chir\u00a0\u00bb, un texte de Dominique SENAC que nous proposons \u00e0 nos lecteurs. Il s&rsquo;agit d&rsquo;un travail fouill\u00e9 et document\u00e9, susceptible d&rsquo;alimenter nos r\u00e9flexions mais aussi de nous aider \u00e0 prendre position. En mati\u00e8re de sant\u00e9, aussi, il est temps que les citoyens d&rsquo;en m\u00ealent.<\/strong><\/span><\/p>\n<p style=\"text-align: right\"><em><span style=\"color: #000000\">La r\u00e9daction du Clairon<\/span><\/em><\/p>\n<p style=\"text-align: center\"><img data-recalc-dims=\"1\" loading=\"lazy\" decoding=\"async\" class=\" wp-image-28397 aligncenter\" src=\"https:\/\/i0.wp.com\/le-clairon-nouveau.fr\/wordpress\/wp-content\/uploads\/2023\/06\/hopital-Image-par-Silas-Camargo-Silao-de-Pixabay.jpg?resize=598%2C397&#038;ssl=1\" alt=\"\" width=\"598\" height=\"397\" srcset=\"https:\/\/i0.wp.com\/le-clairon-nouveau.fr\/wordpress\/wp-content\/uploads\/2023\/06\/hopital-Image-par-Silas-Camargo-Silao-de-Pixabay.jpg?resize=300%2C199&amp;ssl=1 300w, https:\/\/i0.wp.com\/le-clairon-nouveau.fr\/wordpress\/wp-content\/uploads\/2023\/06\/hopital-Image-par-Silas-Camargo-Silao-de-Pixabay.jpg?resize=1024%2C678&amp;ssl=1 1024w, https:\/\/i0.wp.com\/le-clairon-nouveau.fr\/wordpress\/wp-content\/uploads\/2023\/06\/hopital-Image-par-Silas-Camargo-Silao-de-Pixabay.jpg?resize=768%2C509&amp;ssl=1 768w, https:\/\/i0.wp.com\/le-clairon-nouveau.fr\/wordpress\/wp-content\/uploads\/2023\/06\/hopital-Image-par-Silas-Camargo-Silao-de-Pixabay.jpg?resize=272%2C182&amp;ssl=1 272w, https:\/\/i0.wp.com\/le-clairon-nouveau.fr\/wordpress\/wp-content\/uploads\/2023\/06\/hopital-Image-par-Silas-Camargo-Silao-de-Pixabay.jpg?w=1280&amp;ssl=1 1280w\" sizes=\"auto, (max-width: 598px) 100vw, 598px\" \/><span style=\"font-size: 8pt\"><em><strong>H\u00f4pital (Image par Silas Camargo Sil\u00e3o de Pixabay)<\/strong><\/em><\/span><\/p>\n<p>&nbsp;<\/p>\n<p><span style=\"font-family: arial, helvetica, sans-serif;color: #0b11bd\"><strong><span style=\"font-size: 14pt\">Un diagnostic pip\u00e9<\/span><\/strong><\/span><\/p>\n<p style=\"text-align: justify\">L\u00e9gif\u00e9rer contre les d\u00e9serts m\u00e9dicaux\u00a0? L\u2019id\u00e9e n\u2019est pas nouvelle, les mesures pr\u00e9conis\u00e9es non plus. La <span class='tooltipsall tooltip_post_id_6375 classtoolTips9'>proposition de loi<\/span> \u00ab<em>\u00a0transpartisane<\/em>\u00a0\u00bb remise \u00e0 la pr\u00e9sidence de l\u2019Assembl\u00e9e nationale, le 17 janvier 2023, est-elle plus pertinente que celles qui l\u2019ont pr\u00e9c\u00e9d\u00e9e\u00a0? Examinons\u00a0:<\/p>\n<p style=\"text-align: justify\">Incontestablement, il y a un vrai et grave probl\u00e8me d\u2019acc\u00e8s aux soins dans la France de 2023. Tout le monde le constate, il devient de plus en plus difficile, voire impossible, de trouver un m\u00e9decin g\u00e9n\u00e9raliste (ou un dentiste) \u00e0 proximit\u00e9 de chez soi. Soit il n\u2019y en a plus, soit sa patient\u00e8le est d\u00e9j\u00e0 trop importante et il n\u2019a d\u2019autre choix que de refuser de devenir votre \u00ab\u00a0<em>m\u00e9decin r\u00e9f\u00e9rent<\/em>\u00a0\u00bb. Dans le meilleur des cas, les d\u00e9lais pour un rendez-vous s\u2019allongent, et que dire du temps d\u2019attente pour voir un sp\u00e9cialiste\u00a0! Il faut donc chercher \u00e0 r\u00e9pondre, au plus vite, \u00e0 cette situation dans l\u2019int\u00e9r\u00eat de la population tout enti\u00e8re. Mais pour cela, il faut d\u2019abord \u00e9tablir un diagnostic exact et d\u00e9finir des perspectives et des objectifs r\u00e9alistes.<\/p>\n<p style=\"text-align: justify\">Dire\u00a0: \u00ab\u00a0<em>d\u00e9serts m\u00e9dicaux<\/em>\u00a0\u00bb sugg\u00e8re qu\u2019il y aurait des territoires totalement d\u00e9laiss\u00e9s par les professionnels de sant\u00e9, particuli\u00e8rement les m\u00e9decins, et d\u2019autres pourvus correctement. Qu\u2019en est-il en r\u00e9alit\u00e9\u00a0? Partons des faits\u00a0:<\/p>\n<p style=\"text-align: justify\">Un article <em>de France Altzheimer<\/em>, (13 f\u00e9vrier 2023) <sup>1 <\/sup>rectifie, \u00e0 juste titre\u00a0: \u00ab\u00a0<span style=\"color: #0b35b5\"><em>Aucune r\u00e9gion, qu\u2019elle soit rurale ou urbaine, n\u2019est \u00e9pargn\u00e9e par la probl\u00e9matique des d\u00e9serts m\u00e9dicaux. L\u2019\u00eele de France est d\u2019ailleurs devenue le premier d\u00e9sert m\u00e9dical de France.<\/em>\u00a0<em>La probl\u00e9matique de la p\u00e9nurie de m\u00e9decins, qu\u2019ils soient g\u00e9n\u00e9ralistes ou sp\u00e9cialis\u00e9s, n\u2019\u00e9pargne personne. Elle concerne tous les Fran\u00e7ais, tant en zone rurale qu\u2019en zone urbaine,\u00a0tant en m\u00e9tropole que dans l\u2019outre-mer. La situation est telle que des m\u00e9decins \u00e0 la retraite reprennent du service, et le st\u00e9thoscope.<\/em> <\/span>\u00bb<\/p>\n<p style=\"text-align: justify\">La tribune de Jean-Ren\u00e9 Binet, professeur de droit priv\u00e9 et science politique \u00e0 Rennes et Fr\u00e9d\u00e9<span class='tooltipsall tooltip_post_id_12268 classtoolTips205'>ric<\/span> Paing, m\u00e9decin g\u00e9n\u00e9raliste \u00e0 Saint-L\u00f4, <em>(le Figaro.fr<\/em> 15\/02\/2023) fait le m\u00eame constat : \u00ab\u00a0<em><span style=\"color: #0b35b5\">La r\u00e9alit\u00e9 est que la p\u00e9nurie est omnipr\u00e9sente,\u00a0la r\u00e9alit\u00e9 est surtout que 87% du territoire fran\u00e7ais est sous-dot\u00e9 en m\u00e9decins g\u00e9n\u00e9ralistes. Outre l&rsquo;importance de la proportion de territoires sous-denses, cela ne signifie pas malheureusement que les 13% restants seraient surdot\u00e9s\u00a0: le ratio entre zones \u00ab surdot\u00e9es \u00bb et d\u00e9serts m\u00e9dicaux n&rsquo;est en effet que de 1,7<\/span>.\u00a0<\/em>\u00bb <sup>2<\/sup><\/p>\n<p><span style=\"font-size: 14pt;font-family: arial, helvetica, sans-serif;color: #0b11bd\"><strong>Le c\u0153ur du probl\u00e8me c\u2019est la p\u00e9nurie de m\u00e9decins\u00a0<\/strong><\/span><\/p>\n<p style=\"text-align: justify\">Selon les chiffres de la Caisse autonome de retraite des m\u00e9decins de France (CARMF), publi\u00e9s par le <em>Quotidien du m\u00e9decin.fr <\/em>(14\/04\/2023),<sup>3<\/sup> 124 389 m\u00e9decins lib\u00e9raux exercent actuellement en France. La moyenne d\u2019\u00e2ge est de 52 ans. Le nombre de d\u00e9part en retraite a fortement augment\u00e9.<\/p>\n<p style=\"text-align: justify\">L\u2019<span class='tooltipsall tooltip_post_id_6978 classtoolTips82'>INSEE<\/span> pr\u00e9sente un tableau de la densit\u00e9 moyenne des m\u00e9decins sp\u00e9cialistes et g\u00e9n\u00e9ralistes pour 100 000 habitants en France. Il \u00e9tablit une moyenne de 338 individus en 2022. <sup>4<br \/>\n<\/sup>L\u2019INSEE publie \u00e9galement plusieurs cartes de la densit\u00e9 des professionnels de sant\u00e9 au 1<sup>er<\/sup> janvier 2022. Il y aurait une densit\u00e9 totale de 290 m\u00e9decins dans l\u2019Aude pour 100 000 habitants.<sup>5<\/sup><\/p>\n<p style=\"text-align: justify\">Selon <em>Statista <\/em>(10 f\u00e9vrier 2023), il y aurait, au 1<sup>er<\/sup> janvier 2022, une densit\u00e9 de 148 m\u00e9decins lib\u00e9raux pour 100 000 habitants dans l\u2019Aude. <sup>6<\/sup><\/p>\n<p style=\"text-align: justify\">L\u2019article de <em>France Altzheimer <\/em>cit\u00e9 plus haut, apporte les pr\u00e9cisions suivantes\u00a0: \u00ab\u00a0<em><span style=\"color: #0b35b5\">Quelques chiffres de la Direction de la recherche, des \u00e9tudes, de l\u2019\u00e9valuation et des statistiques (Drees) illustrent cette probl\u00e9matique, dont ceux relatifs \u00e0 la densit\u00e9 de m\u00e9decins g\u00e9n\u00e9ralistes sur le territoire fran\u00e7ais, qui <strong>a chut\u00e9 entre 2012 et 2021<\/strong>. Elle est pass\u00e9e de 153 pour 100 000 habitants en 2012 \u00e0 140 en 2021. Les r\u00e9gions Nouvelle-Aquitaine et Provence- Alpes-C\u00f4te d\u2019Azur sont les mieux loties. Tout en bas du classement, on retrouve la r\u00e9gion Centre-Val de Loire, avec 107 g\u00e9n\u00e9ralistes pour 100 000 habitants.<\/span><\/em><span style=\"color: #0b35b5\">\u00a0<\/span>\u00bb<\/p>\n<p style=\"text-align: justify\"><strong><span style=\"color: #0b11bd;font-size: 14pt;font-family: arial, helvetica, sans-serif\">Comment en est-on arriv\u00e9 l\u00e0 ?<br \/>\n<\/span><\/strong>Il n\u2019y a aucun hasard ni aucune fatalit\u00e9 dans cette situation catastrophique pour la sant\u00e9 publique. Elle a \u00e9t\u00e9 fabriqu\u00e9e. C\u2019est le r\u00e9sultat attendu de la politique r\u00e9actionnaire de la V<sup>e<\/sup> R\u00e9publique. \u00a0D\u00e9monstration\u00a0:<\/p>\n<p style=\"text-align: justify\"><strong>1\u00b0 <\/strong>Le Num\u00e9rus clausus<br \/>\nLa loi du 30 juin 1971 du gouvernement Pompidou-Chaban-Delmas, cr\u00e9e le \u00ab\u00a0num\u00e9rus clausus\u00a0\u00bb. C\u2019est-\u00e0-dire qu\u2019elle fixe une limite au nombre d\u2019\u00e9tudiants en m\u00e9decine de premi\u00e8re ann\u00e9e admis en deuxi\u00e8me ann\u00e9e. Robert Boulin est alors ministre de la Sant\u00e9 et de la S\u00e9curit\u00e9 Sociale et Marie-Madeleine Dienesh secr\u00e9taire d\u2019Etat aupr\u00e8s du ministre de la Sant\u00e9. Cette mesure a \u00e9t\u00e9 pr\u00e9par\u00e9e par tout ce que les facult\u00e9s de m\u00e9decine de l\u2019\u00e9poque comptent de r\u00e9actionnaires. Au lendemain de mai 1968, ils ont investi une organisation moribonde, le <em>Syndicat autonome des enseignants de m\u00e9decine<\/em> (SAEM), cr\u00e9\u00e9 en 1946 mais totalement exsangue vingt ans plus tard. Ils refondent le SAEM en juin 1968 et se d\u00e9clarent \u00ab\u00a0<em>contre-r\u00e9volutionnaires<\/em>\u00a0\u00bb. Ils pr\u00e9tendent\u00a0restaurer l\u2019ordre dans les facult\u00e9s de m\u00e9decine et les h\u00f4pitaux universitaires, rendre plus s\u00e9lectif l\u2019acc\u00e8s aux \u00e9tudes m\u00e9dicales et maintenir le prestige de leur profession (Marc-Olivier D\u00e9plaude). Bien entendu, leur revendication conforte les attentes de la Direction du budget et du gouvernement.<\/p>\n<p style=\"text-align: justify\">Il y avait 35 300 \u00e9tudiants en m\u00e9decine en 1963-64 pour une population fran\u00e7aise totale de 48 millions d\u2019habitants. Ils \u00e9taient 59 800 en 1967-68 pour une population de 50 millions d\u2019habitants. En 1971, il y avait 60 000 \u00e9tudiants en m\u00e9decine pour 51 millions d\u2019habitants. Le num\u00e9rus clausus avait alors \u00e9t\u00e9 fix\u00e9 \u00e0 8588 \u00e9tudiants mais ils ont \u00e9t\u00e9 11200, en fait, \u00e0 passer en 2<sup>e<\/sup> ann\u00e9e en 1972. En 1983, Jack Ralite, ministre de la Sant\u00e9 abaisse le num\u00e9rus clausus de 30% et met en place la Dotation g\u00e9n\u00e9rale de financement (DGF). En 1993, succ\u00e9dant \u00e0 Kouchner, Simone Veil est ministre d\u2019Etat des affaires sociales, de la Sant\u00e9 et de la Ville, Douste-Blazy, ministre d\u00e9l\u00e9gu\u00e9 \u00e0 la sant\u00e9\u00a0; le num\u00e9rus clausus tombe \u00e0 3500 places. Il remontera par la suite. Aujourd\u2019hui, la France compte 68 millions d\u2019habitants. Rien n\u2019a \u00e9t\u00e9 r\u00e9gl\u00e9. Le num\u00e9rus clausus a \u00e9t\u00e9 abandonn\u00e9 en 2019. Mais les capacit\u00e9s d\u2019accueil, fix\u00e9es par les universit\u00e9s, elles-m\u00eames, \u00ab\u00a0<em>en concertation avec les Agences r\u00e9gionales de sant\u00e9<\/em> (<span class='tooltipsall tooltip_post_id_18356 classtoolTips188'>ARS<\/span>)\u00a0\u00bb, sont limit\u00e9es \u00e0 10 000 places. L\u2019article de Louis Mollier-Sabet, (<em>Public S\u00e9nat<\/em> 06\/01\/2023) \u00e9tablit le bilan suivant\u00a0:<br \/>\n\u00ab\u00a0<span style=\"color: #0b35b5\"><em>Apr\u00e8s 50 ans de r\u00e9gulation du nombre de m\u00e9decins par l\u2019\u00c9tat, <span style=\"background-color: #ffff00\">les effets de la suppression du numerus clausus en 2019 ne se feront pas sentir avant 2030<\/span><\/em><span style=\"background-color: #ffff00\">.<\/span>\u00a0\u00bb\u00a0;\u00a0\u00ab\u00a0<em>Les effectifs de m\u00e9decins g\u00e9n\u00e9ralistes devraient encore diminuer entre\u00a02021 et\u00a02026, passant de 95\u00a0400 \u00e0 92\u00a0300, et ne retrouveraient leur niveau actuel qu\u2019au-del\u00e0 de 2030.<\/em><\/span>\u00a0\u00bb\u00a0;\u00a0\u00ab\u00a0<span style=\"color: #0b35b5\"><em>Patrice Diot, le pr\u00e9sident de la conf\u00e9rence des doyens des universit\u00e9s de m\u00e9decine, avait ainsi\u00a0expliqu\u00e9 devant la commission d\u2019enqu\u00eate\u00a0que la suppression du numerus clausus n\u2019\u00e9tait pas \u00ab\u00a0la solution \u00e0 tous les probl\u00e8mes\u00a0\u00bb\u00a0: \u00ab\u00a0L\u2019augmentation qui a \u00e9t\u00e9 apport\u00e9e l\u2019ann\u00e9e derni\u00e8re, c\u2019est-\u00e0-dire environ 10\u00a0000 \u00e9tudiants, c\u2019est le maximum de nos capacit\u00e9s de formation dans notre pays.\u00a0\u00bb <span style=\"background-color: #ffff00\">Numerus clausus ou pas, la p\u00e9nurie de m\u00e9decins est donc partie pour durer. <\/span><\/em><\/span><span style=\"background-color: #ffff00\">\u00bb<\/span> <sup>7<\/sup><\/p>\n<p style=\"text-align: justify\"><strong>2\u00b0 L\u2019effondrement programm\u00e9 de l\u2019h\u00f4pital public<br \/>\n<\/strong>Les agences r\u00e9gionales de sant\u00e9 (ARS) ont \u00e9t\u00e9 instaur\u00e9es par la loi H\u00f4pital, patients, sant\u00e9 et territoires du\u00a021 juillet 2009\u00a0(\u00ab\u00a0Loi HPST\u00a0\u00bb). \u00a0C\u2019est une mesure du gouvernement Sarkozy-Fillon. Roselyne Bachelot est alors ministre de la Sant\u00e9, de la jeunesse et des sports et de la vie associative. Les 26 agences ont \u00e9t\u00e9 install\u00e9es le 1<sup>er<\/sup> avril 2010 (elles ne sont plus que 17 apr\u00e8s la cr\u00e9ation des grandes r\u00e9gions). La cr\u00e9ation des ARS s&rsquo;inscrit dans une politique de territorialisation du syst\u00e8me de sant\u00e9 initi\u00e9e dans les ann\u00e9es 1970. En 2016, la loi Touraine aggrave les dispositions de la loi Bachelot. La proposition de loi relative \u00e0 l\u2019h\u00f4pital public, des \u00e9lus PCF, remise le 16 octobre 2019, \u00e0 la pr\u00e9sidence de l\u2019Assembl\u00e9e nationale, constate :<br \/>\n\u00ab\u00a0<em>Depuis trop longtemps, l\u2019assurance maladie et l\u2019h\u00f4pital public souffrent de sous\u2011financement. Cette situation tient autant \u00e0 une compression des d\u00e9penses de sant\u00e9 qu\u2019\u00e0 une insuffisance des recettes. D\u2019une part, l\u2019objectif national des d\u00e9penses d\u2019assurance maladie (ONDAM) est, chaque ann\u00e9e, limit\u00e9 par le Gouvernement \u00e0 environ 2\u00a0%, alors qu\u2019il faudrait le porter \u00e0 4,5\u00a0% pour r\u00e9pondre \u00e0 l\u2019\u00e9volution naturelle des d\u00e9penses de sant\u00e9 et exiger dans le m\u00eame temps un effort de rattrapage pour combler trente ans d\u2019aust\u00e9rit\u00e9. Premi\u00e8re victime de <span class='tooltipsall tooltip_post_id_29829 classtoolTips180'>ces<\/span> logiques comptables, le budget hospitalier est devenu, pour les gouvernements successifs, la principale variable d\u2019ajustement de l\u2019\u00e9quilibre financier des comptes de la s\u00e9curit\u00e9 sociale. En France, six h\u00f4pitaux sur dix sont d\u00e9sormais en d\u00e9ficit, ce qui emp\u00eache m\u00e9caniquement l\u2019investissement dans les services, et p\u00e8se ensuite sur la qualit\u00e9 de l\u2019accueil des patientes et patients et sur la qualit\u00e9 des soins. D\u2019autre part, les multiples dispositifs d\u2019exon\u00e9rations de cotisations sociales patronales qui sont faites au nom de la baisse du pr\u00e9tendu \u00ab\u00a0co\u00fbt du travail\u00a0\u00bb ass\u00e8chent les recettes de la s\u00e9curit\u00e9 sociale. En 2019, ces dispositifs repr\u00e9sentent une somme de 63\u00a0milliards d\u2019euros, en augmentation de 40\u00a0% par rapport \u00e0 2017. Si l\u2019\u00c9tat s\u2019engageait initialement \u00e0 compenser int\u00e9gralement ces pertes pour le budget de la s\u00e9curit\u00e9 sociale, ce n\u2019est plus le cas d\u00e9sormais. \u00c0 cela s\u2019ajoute la fraude patronale aux cotisations sociales (travail ill\u00e9gal ou dissimul\u00e9) qui repr\u00e9senterait une perte annuelle de 20\u00a0milliards d\u2019euros selon la Cour des comptes. Pour les \u00e9tablissements hospitaliers des outre\u2011mer, la situation financi\u00e8re se complique davantage avec l\u2019inadaptation du coefficient g\u00e9ographique.<\/em>\u00a0\u00bb <sup>8<\/sup><\/p>\n<p style=\"text-align: justify\">Dans son \u00e9dition 2021 de l\u2019ouvrage\u00a0\u00ab <em>Les \u00e9tablissements de sant\u00e9 <\/em>\u00bb, la Direction de la recherche, de l\u2019\u00e9valuation et des statistiques (DREES) rappelle tout d\u2019abord que :<br \/>\n\u00ab\u00a0<em>Le secteur hospitalier fran\u00e7ais compte 3 008 \u00e9tablissements de sant\u00e9 au 31 d\u00e9cembre 2019 : 1 354 h\u00f4pitaux publics, 983 cliniques priv\u00e9es et 671 \u00e9tablissements priv\u00e9s \u00e0 but non lucratif. L\u2019augmentation du nombre de prises en charge hospitali\u00e8res se poursuit dans toutes les disciplines, sous l\u2019effet du vieillissement de la population et de la hausse du nombre de patients atteints de maladies chroniques ou de polypathologies. Mais les modalit\u00e9s de ces prises en charge continuent aussi d\u2019\u00e9voluer. Pour la troisi\u00e8me ann\u00e9e cons\u00e9cutive, le nombre de s\u00e9jours en hospitalisation compl\u00e8te se replie (- 0,9 %, apr\u00e8s -1,0 % en 2018 et -0,7 % en 2017). Alternatives \u00e0 cette forme de prise en charge, les hospitalisations partielles (sans nuit\u00e9e) continuent de progresser, tout comme les s\u00e9ances. Le recours aux urgences progresse de 1,0 % en 2019, \u00e0 un rythme inf\u00e9rieur depuis 2016 \u00e0 celui observ\u00e9 sur plus longue p\u00e9riode (3,4 % par an).<\/em>\u00a0\u00bb <sup>9<\/sup><\/p>\n<p style=\"text-align: justify\">La Drees observe ensuite\u00a0:\u00a0<span style=\"background-color: #ffff00\">\u00ab <em>La baisse r\u00e9guli\u00e8re du nombre d\u2019\u00e9tablissements de sant\u00e9 est plus marqu\u00e9e pour les h\u00f4pitaux publics<\/em>\u00a0\u00bb<\/span>\u00a0; \u00ab entre\u00a0<em>2003 et 2019, le nombre de lits d\u2019hospitalisation compl\u00e8te install\u00e9s, tous \u00e9tablissements, toutes disciplines et tous secteurs confondus, est pass\u00e9 de 468 000 \u00e0 393 000 <\/em>\u00bb<em>\u00a0<\/em>(arrondis \u00e0 mille lits pr\u00e8s). Ce qui repr\u00e9sente une d\u00e9crue globale du nombre de lits de l\u2019ordre de 75 000, ou, en proportion, d\u2019environ 16%, en seize ann\u00e9es o\u00f9 se sont succ\u00e9d\u00e9 quatre pr\u00e9sidents diff\u00e9rents.\u00a0\u00ab <em>La fermeture de ces lits s\u2019est effectu\u00e9e \u00e0 un rythme assez r\u00e9gulier et concerne la quasi-totalit\u00e9 des disciplines <\/em>\u00bb.<\/p>\n<p style=\"text-align: justify\"><span style=\"background-color: #ffff00\">Macron a ferm\u00e9 17000 lits d\u2019h\u00f4pitaux entre 2017 et 2020<\/span>.\u00a0 Instrument des directives du gouvernement, \u00ab\u00a0<em>selon une logique purement comptable<\/em>\u00a0\u00bb, les ARS ont continu\u00e9 \u00e0 fermer des milliers de lits d\u2019h\u00f4pitaux au plus fort de la pand\u00e9mie de Covid19 (5768 lits en 2020\u00a0; 4300 en 2021). Ce n\u2019est pas fini\u00a0!<\/p>\n<p style=\"text-align: justify\">Tout le monde a pu mesurer les r\u00e9sultats de cette politique criminelle contre la sant\u00e9 publique. Dans un pays pr\u00e9tendument 5<sup>e<\/sup> puissance \u00e9conomique mondiale (r\u00e9trograd\u00e9 au 8<sup>e<\/sup> rang en 2023), qui s\u2019attendait, d\u00e9but 2020, \u00e0 voir ces 1000 chefs de service menacer de d\u00e9missionner si des moyens financiers n\u2019\u00e9taient pas attribu\u00e9s d\u2019urgence \u00e0 l\u2019h\u00f4pital\u00a0? Qui \u00e9tait pr\u00e9par\u00e9 au spectacle affligeant de ces soignants, en premi\u00e8re ligne contre le virus, contraint de rev\u00eatir un ersatz de surblouse et de charlotte, bricol\u00e9 \u00e0 partir de sacs poubelles\u00a0? Personne n\u2019a oubli\u00e9. *<\/p>\n<p style=\"text-align: justify\">Les conditions de travail des soignants se sont tellement d\u00e9grad\u00e9es qu\u2019en novembre 2022, plus de 29 % des personnels r\u00e9pondant \u00e0 un sondage ont d\u00e9clar\u00e9 envisager de quitter le m\u00e9tier dans les douze prochains mois. Selon <em>France 3 Ile de France<\/em> (15\/01\/2023)\u00a0:<br \/>\n\u00ab\u00a0<em>Entre mai 2021 et mai 2022, l\u2019AP-HP a perdu 1000 infirmiers suite \u00e0 des d\u00e9missions. 1000 infirmiers qui manquaient en septembre dernier \u00e0 l\u2019institution qui a d\u00fb fermer 18% de ses lits<\/em>\u00a0\u00bb.\u00a0<\/p>\n<p style=\"text-align: justify\">Il a fallu attendre le 14 mai 2023 pour que les milliers de soignants suspendus depuis deux ans pour avoir refus\u00e9 de se faire vacciner contre le covid19, soient r\u00e9int\u00e9gr\u00e9s.<\/p>\n<p style=\"text-align: justify\"><strong>3\u00b0 les attaques incessantes contre la S\u00e9curit\u00e9 sociale<\/strong>\u00a0:<br \/>\nA la Lib\u00e9ration, le patronat, totalement discr\u00e9dit\u00e9 pour s\u2019\u00eatre vautr\u00e9 dans la collaboration, avait d\u00fb faire d\u2019importantes concessions aux travailleurs en armes, par peur de tout perdre. La classe ouvri\u00e8re fran\u00e7aise avait alors arrach\u00e9 toute une s\u00e9rie de conqu\u00eates sociales majeures dont la plus \u00e9minente est la S\u00e9curit\u00e9 Sociale de 1945. Mais le patronat a vite regrett\u00e9 ce moment de faiblesse et n\u2019a cess\u00e9 depuis, de tout faire pour reprendre ce qu\u2019il avait \u00e9t\u00e9 contraint de c\u00e9der. Apr\u00e8s le coup d\u2019\u00c9tat du 13 mai 1958 qui ram\u00e8ne le g\u00e9n\u00e9ral de Gaulle aux affaires, la bourgeoisie dispose d\u00e8s octobre de la m\u00eame ann\u00e9e d\u2019une arme redoutable pour cela : la V<sup>e<\/sup> R\u00e9publique.<\/p>\n<p style=\"text-align: justify\">Les ordonnances Jeanneney de 1967 modifient l\u2019organisation de la S\u00e9curit\u00e9 sociale par la cr\u00e9ation de quatre caisses nationales du r\u00e9gime g\u00e9n\u00e9ral\u00a0: la CNAM, la CNAF, la CNAV et l\u2019ACOSS.<\/p>\n<p style=\"text-align: justify\">En 1990, Rocard, premier ministre de Fran\u00e7ois Mitterrand, cr\u00e9e la Contribution sociale g\u00e9n\u00e9ralis\u00e9e (<span class='tooltipsall tooltip_post_id_5647 classtoolTips151'>CSG<\/span>) qui d\u00e9nature le financement de la S\u00e9curit\u00e9 sociale.<\/p>\n<p style=\"text-align: justify\">En 1993, le gouvernement Balladur augmente la dur\u00e9e des cotisations pour les retraites des salari\u00e9s du priv\u00e9 et met en place les premi\u00e8res mesures d\u2019all\u00e8gement du co\u00fbt du travail. Les taux d\u2019exon\u00e9ration de cotisations sociales n\u2019ont ensuite cess\u00e9 d\u2019augmenter. Le rapport 2022 des comptes de la S\u00e9curit\u00e9 sociale indique (page 58)\u00a0:<br \/>\n<span style=\"color: #0b11bd\">\u00ab\u00a0<em>En 2021, le montant total des exon\u00e9rations de cotisations et contributions sociales (r\u00e9duction g\u00e9n\u00e9rale de cotisations patronales, application de taux r\u00e9duits de cotisation et mesures d\u2019exon\u00e9rations cibl\u00e9es y compris celles d\u00e9cid\u00e9es lors de la crise) et des aides au paiement s\u2019est \u00e9lev\u00e9 \u00e0 63,6 Md\u20ac sur le champ du r\u00e9gime g\u00e9n\u00e9ral de la s\u00e9curit\u00e9 sociale, soit un rebond de 10,6% induit par la reprise de l\u2019activit\u00e9 \u00e9conomique apr\u00e8s le repli historique de 2020. Cette hausse a \u00e9t\u00e9 accentu\u00e9e par la poursuite des dispositifs d\u2019aide aux entreprises dans le cadre de la crise. Hors aides au paiement, ces dispositifs ont entra\u00een\u00e9 en 2021 une perte de recettes de 33,4 Md\u20ac pour la branche maladie, 14,9 Md\u20ac pour la branche vieillesse, 12,9 Md\u20ac pour la branche famille, 0,3 Md\u20ac pour la branche AT-MP et enfin 0,4 Md\u20ac pour la <span class='tooltipsall tooltip_post_id_18354 classtoolTips131'>CNSA<\/span> qui a int\u00e9gr\u00e9 le p\u00e9rim\u00e8tre du r\u00e9gime g\u00e9n\u00e9ral en 2021 (cf. tableau 1). En 2022, le co\u00fbt de ces dispositifs progresserait \u00e0 nouveau, mais moins rapidement (+5,1%), pour s\u2019\u00e9tablir \u00e0 65,6 Md\u20ac sur le champ du r\u00e9gime g\u00e9n\u00e9ral. Les all\u00e8gements g\u00e9n\u00e9raux conna\u00eetraient \u00e0 nouveau une croissance soutenue, tir\u00e9s par l\u2019effet de l\u2019inflation sur les revalorisations successives du SMIC et de la hausse attendue des salaires. A l\u2019inverse, l\u2019\u00e9volution des exon\u00e9rations en faveur de l\u2019emploi serait frein\u00e9e par la fin des exon\u00e9rations exceptionnelles en soutien aux entreprises face \u00e0 la crise.<\/em>\u00a0\u00bb<\/span> <sup>10<\/sup><\/p>\n<p style=\"text-align: justify\">Le plan Jupp\u00e9 annonc\u00e9 en novembre 1995 pr\u00e9voit, outre des mesures contre les retraites (liquidation des <em>r\u00e9gimes sp\u00e9ciaux, et du code des pensions civiles et militaires, etc.), la cr\u00e9ation d\u2019un nouvel imp\u00f4t\u00a0: le<\/em> Remboursement de la dette sociale, le rationnement des soins et une r\u00e9forme de la gestion des caisses. La gr\u00e8ve g\u00e9n\u00e9rale interprofessionnelle de trois semaines contraint Chirac \u00e0 abandonner une partie du plan Jupp\u00e9 (les ordonnances d\u2019avril 1996 pr\u00e9voient un Objectif national de d\u00e9penses de l\u2019assurance maladie (ONDAM), cr\u00e9ent la Contribution remboursement de la dette sociale (<span class='tooltipsall tooltip_post_id_5688 classtoolTips111'>CRDS<\/span>), les Agences r\u00e9gionales d\u2019hospitalisation, etc. mais ne touchent pas aux retraites, r\u00e9gimes sp\u00e9ciaux). En 2003, la r\u00e9duction Fillon des cotisations patronales sur les bas salaires ampute encore plus les recettes de la S\u00e9curit\u00e9 sociale (23 milliards d\u2019euros en 2018 dont 11 milliards pris \u00e0 l\u2019Assurance maladie). En 2019, il y avait 92 dispositifs d\u2019exon\u00e9ration ou d\u2019exemption de cotisations patronales.<\/p>\n<p style=\"text-align: justify\"><span style=\"font-family: arial, helvetica, sans-serif;font-size: 14pt;color: #0b11bd\">La proposition de loi \u00ab\u00a0<em>transpartisane<\/em>\u00a0\u00bb est-elle de nature \u00e0 en finir avec la p\u00e9nurie de m\u00e9decins et d\u2019autres soignants et les \u00ab\u00a0d\u00e9serts m\u00e9dicaux\u00a0\u00bb\u00a0?<\/span><\/p>\n<p style=\"text-align: justify\">L\u2019id\u00e9e de l\u00e9gif\u00e9rer \u00e0 ce sujet n\u2019est pas neuve. Les mesures contraignantes propos\u00e9es, non plus. On a commenc\u00e9 \u00e0 parler de \u00ab\u00a0<em>d\u00e9serts m\u00e9dicaux<\/em>\u00a0\u00bb d\u00e8s 1991.<\/p>\n<p style=\"text-align: justify\">En novembre 2011, le d\u00e9put\u00e9 \u00ab\u00a0<em>Nouveau centre<\/em>\u00a0\u00bb d\u2019Eure et Loir, Philippe Vigier, d\u00e9pose une proposition de loi visant \u00e0 garantir un acc\u00e8s <em>\u00e9quitable<\/em> aux soins m\u00e9dicaux sur l&rsquo;ensemble du territoire. Il d\u00e9clare alors sans rire\u00a0: \u00ab\u00a0<em>le nombre de m\u00e9decins n&rsquo;a jamais \u00e9t\u00e9 aussi important<\/em>\u00a0\u00bb mais \u00ab\u00a0<em>les in\u00e9galit\u00e9s d&rsquo;acc\u00e8s aux soins s&rsquo;accroissent<\/em>\u00a0\u00bb en France. Il avance quatre mesures\u00a0:<\/p>\n<ul>\n<li style=\"text-align: justify\">Remplacer le concours de l&rsquo;internat national par un syst\u00e8me r\u00e9gional ;<\/li>\n<li style=\"text-align: justify\">Pr\u00e9voir qu&rsquo;au cours de leurs ann\u00e9es d&rsquo;internat, les \u00e9tudiants en m\u00e9decine passent un an dans les zones souffrant de d\u00e9sertification m\u00e9dicale ;<\/li>\n<li style=\"text-align: justify\">Pr\u00e9voir qu&rsquo;\u00e0 l&rsquo;issue de leur formation, les m\u00e9decins exercent obligatoirement pendant trois ans dans un secteur g\u00e9ographique dot\u00e9 d&rsquo;un nombre insuffisant de praticiens ;<\/li>\n<li style=\"text-align: justify\">Interdire l&rsquo;installation de nouveaux m\u00e9decins dans les zones d\u00e9j\u00e0 surdot\u00e9es.<\/li>\n<\/ul>\n<p style=\"text-align: justify\">Le mythe des \u00ab\u00a0<em>zones surdot\u00e9es<\/em>\u00a0\u00bbne r\u00e9siste pas \u00e0 l\u2019examen des faits. Ce r\u00e9actionnaire fait plus qu\u2019esquiver l\u2019analyse des causes du probl\u00e8me, il les camoufle d\u00e9lib\u00e9r\u00e9ment. Sa solution\u00a0: la contrainte. Sa cible\u00a0: les \u00e9tudiants en m\u00e9decine et les jeunes praticiens. Comme s\u2019ils \u00e9taient responsables du d\u00e9sastre.<\/p>\n<p style=\"text-align: justify\"><span style=\"background-color: #ffff00\">Cette orientation est totalement contradictoire avec la notion de m\u00e9decine lib\u00e9rale et avec les principes sur lesquels est fond\u00e9e la S\u00e9curit\u00e9 sociale de 1945<\/span>. Son v\u00e9ritable p\u00e8re fondateur, le syndicaliste, Georges Buisson [1878-1946], a pr\u00e9sent\u00e9 son plan devant l\u2019Assembl\u00e9e consultative d\u2019Alger, le 6 d\u00e9cembre 1944. Son rapport est intitul\u00e9\u00a0: \u00ab\u00a0<em>Pour la grande loi de S\u00e9curit\u00e9 sociale<\/em>\u00a0\u00bb.<br \/>\nIl affirme tout d\u2019abord\u00a0: <span style=\"color: #0b11bd\">\u00ab\u00a0<em>La S\u00e9curit\u00e9 sociale ne saurait \u00eatre subordonn\u00e9e aux traditions <span class='tooltipsall tooltip_post_id_18357 classtoolTips220'>ch<\/span>\u00e8res aux ministres des Finances du pass\u00e9 et \u00e0 l\u2019\u00e9go\u00efsme patronal de tous les temps qui condamnent les organismes d\u2019action sociale \u00e0 ne disposer que de moyens financiers \u00e9triqu\u00e9s<\/em>.\u00a0\u00bb<\/span><\/p>\n<p style=\"text-align: justify\">Apr\u00e8s avoir d\u00e9velopp\u00e9 ce point, il \u00e9tablit ce que doivent \u00eatre les relations avec le corps m\u00e9dical\u00a0:<br \/>\n<span style=\"color: #0b11bd\">\u00ab\u00a0<em>Les ressources doivent permettre en premier lieu de soigner et d\u2019indemniser les malades pendant toute la dur\u00e9e de leur affection. Pour assurer la qualit\u00e9 des soins m\u00e9dicaux donn\u00e9s \u00e0 domicile, au cabinet du praticien, \u00e0 la clinique ou au dispensaire, il ne suffit pas d\u2019une entente avec le corps m\u00e9dical\u00a0; il faut que les honoraires toujours d\u00e9termin\u00e9s au pr\u00e9alable soient dans tous les cas pleinement r\u00e9mun\u00e9rateurs pour que le m\u00e9decin ne voie plus dans son malade un \u00ab\u00a0client\u00a0\u00bb d\u2019autant plus int\u00e9ressant que l\u2019affection sera longue ou les rechutes plus fr\u00e9quentes.<\/em>\u00a0\u00bb<\/span><sup> 11<\/sup><\/p>\n<p style=\"text-align: justify\">Ce qui, avec la revendication de caisse unique, formul\u00e9e par ailleurs, revient \u00e0 dire en substance\u00a0:<br \/>\n<span style=\"background-color: #ffff00\">\u00ab <em>Nous pouvons mettre en commun une partie du salaire pour payer les soins dans une caisse unique et dire aux m\u00e9decins qu\u2019ils n\u2019auront rien \u00e0 craindre de nous car nous rembourserons\u00a0les soins prescrits en respectant leur ind\u00e9pendance.<\/em> \u00bb<\/span> <sup>12<\/sup><\/p>\n<p style=\"text-align: justify\">Mais que lit-on dans l\u2019expos\u00e9 des motifs de la Proposition de loi du PCF d\u00e9pos\u00e9e le 19 octobre 2021\u00a0?<br \/>\n<span style=\"color: #0b11bd\">\u00ab\u00a0<em>En attendant, dans le temps qui nous s\u00e9pare de la r\u00e9sorption de cette p\u00e9nurie, il semble incontournable de r\u00e9orienter notre politique de sant\u00e9 territoriale vers des mesures plus contraignantes. <\/em>[\u2026] <em>Devant la n\u00e9cessit\u00e9 de tendre vers l\u2019\u00e9galit\u00e9 d\u2019acc\u00e8s aux soins pour tous et partout, les incitations seules, ne peuvent r\u00e9soudre et g\u00e9rer la p\u00e9nurie de m\u00e9decins que nous devons affronter apr\u00e8s l\u2019application de pr\u00e8s de quarante ans du \u00ab\u00a0num\u00e9rus clausus\u00a0\u00bb\u00a0; des mesures plus contraignantes doivent \u00eatre envisag\u00e9es. Ensuite, parce qu\u2019il semble \u00e9vident, qu\u2019accompagner des jeunes m\u00e9decins \u00e0 d\u00e9velopper leurs activit\u00e9s dans des zones sous\u2011denses m\u00e9rite un encadrement capable de r\u00e9pondre \u00e0 leurs d\u00e9sirs de libert\u00e9, d\u2019autonomie et de s\u00e9curit\u00e9 que la solidarit\u00e9 nationale doit soutenir. Enfin, parce que les jeunes m\u00e9decins ont comme d\u2019autres professions d\u2019encadrement, de soins, un devoir de responsabilit\u00e9 \u00e0 l\u2019\u00e9gard des patients et de la collectivit\u00e9 qui a particip\u00e9 \u00e0 leur formation. La sant\u00e9 n\u2019est pas qu\u2019une affaire individuelle, mais aussi un enjeu social pour lequel la puissance publique a l\u2019obligation d\u2019agir afin de faire du droit \u00e0 la sant\u00e9 un droit effectif<strong>.<\/strong><\/em> <em>Le principe de libert\u00e9 d\u2019installation ne saurait \u00eatre oppos\u00e9 \u00e0 l\u2019imp\u00e9rieuse n\u00e9cessit\u00e9 de r\u00e9pondre aux besoins de sant\u00e9 de la population, c\u2019est la raison pour laquelle plusieurs institutions ont d\u00e9j\u00e0 commenc\u00e9 \u00e0 r\u00e9fl\u00e9chir \u00e0 la mise en place de mesures plus contraignantes et directives. Le conventionnement s\u00e9lectif appara\u00eet par exemple comme une mesure largement consensuelle.\u00a0<\/em>\u00bb<\/span> <sup>13<\/sup><\/p>\n<p style=\"text-align: justify\">Que lit-on dans l\u2019expos\u00e9 des motifs de la Proposition de loi \u00ab\u00a0<em>transpartisane<\/em>\u00a0\u00bb,\u00a0du 17 janvier 2023 ? Tout d\u2019abord, une formulation assez vague qui laisse perplexe\u00a0:<br \/>\n<span style=\"color: #0b11bd\">\u00ab\u00a0<em>Depuis plusieurs d\u00e9cennies, la combinaison de facteurs d\u00e9mographiques et de politiques publiques soit inadapt\u00e9es, soit insuffisamment volontaristes, a conduit \u00e0 une croissance continue de la d\u00e9sertification m\u00e9dicale.\u00a0<\/em><\/span>\u00bb<\/p>\n<p style=\"text-align: justify\">Puis ceci\u00a0:<br \/>\n<span style=\"color: #0b11bd\">\u00ab\u00a0<em>De nombreuses politiques d\u2019incitation \u00e0 l\u2019installation des m\u00e9decins dans les zones sous\u2011denses ont d\u00e9j\u00e0 \u00e9t\u00e9 mises en \u0153uvre depuis les ann\u00e9es\u00a02000, qu\u2019ils s\u2019agissent du financement d\u2019assistants m\u00e9dicaux, d\u2019avantages mat\u00e9riels, des contrats d\u2019engagement de service public (CESP) pass\u00e9s avec des \u00e9tudiants, des maisons de sant\u00e9 ou encore du passage du\u00a0numerus clausus\u00a0\u00e0 un\u00a0numerus apertus. Bien que ces mesures soient n\u00e9cessaires et utiles,<span style=\"background-color: #ffff00\"> elles ne sont pas suffisantes<\/span> pour lutter contre la d\u00e9sertification m\u00e9dicale.<\/em> [\u2026]<em>Les incitations financi\u00e8res ne suffisent pas \u00e0 attirer et retenir les m\u00e9decins dans les zones sous\u2011denses, et l\u2019impact de ces mesures est assez faible au regard des co\u00fbts qu\u2019elles engendrent<\/em>.[\u2026] <em><span style=\"background-color: #ffff00\">Surtout, la r\u00e9gulation de l\u2019installation est une mesure probante<\/span> qui a d\u00e9j\u00e0 \u00e9t\u00e9 mise en place dans plusieurs \u00c9tats comparables \u00e0 la France. Au Danemark, les m\u00e9decins g\u00e9n\u00e9ralistes doivent passer contrat avec les autorit\u00e9s r\u00e9gionales qui r\u00e9gulent la distribution g\u00e9ographique de l\u2019offre m\u00e9dicale. En Allemagne, depuis le d\u00e9but des ann\u00e9es 1990, un nombre de m\u00e9decins pouvant \u00eatre conventionn\u00e9s avec l\u2019Assurance maladie a \u00e9t\u00e9 fix\u00e9 pour chaque zone g\u00e9ographique. En Norv\u00e8ge, les g\u00e9n\u00e9ralistes sont en majorit\u00e9 sous contrat avec les municipalit\u00e9s. Selon une \u00e9tude de la DREES datant de d\u00e9cembre 2021, \u00ab\u00a0ces quelques exemples montrent une distribution plus homog\u00e8ne dans certains pays qui r\u00e9gulent l\u2019installation, sans que l\u2019on puisse en tirer une conclusion g\u00e9n\u00e9rale, faute de pouvoir syst\u00e9matiser les comparaisons\u00a0\u00bb. La r\u00e9gulation de l\u2019installation ne doit pas \u00eatre per\u00e7ue comme une solution unique. Il faut qu\u2019elle soit accompagn\u00e9e d\u2019une am\u00e9lioration du cadre d\u2019exercice pour former une politique globale. La DREES indique que \u00ab\u00a0la r\u00e9gulation de l\u2019installation conduit sans doute \u00e0 une distribution g\u00e9ographique plus \u00e9quitable\u00a0\u00bb. Malgr\u00e9 des r\u00e9sultats encourageants dans les autres pays, la r\u00e9gulation de l\u2019installation des m\u00e9decins n\u2019a encore jamais \u00e9t\u00e9 essay\u00e9e en France. La d\u00e9gradation de l\u2019acc\u00e8s aux soins justifie aujourd\u2019hui plus que jamais cette mesure de courage politique. Face \u00e0 l\u2019urgence de la situation et au regard de l\u2019importance du sujet de la d\u00e9sertification m\u00e9dicale pour nos concitoyens, il est n\u00e9cessaire de relancer le dialogue et la recherche d\u2019un consensus dans la lutte contre la d\u00e9sertification m\u00e9dicale.\u00a0<\/em>\u00bb<\/span><\/p>\n<p style=\"text-align: justify\"><span style=\"color: #0b11bd\">\u00ab\u00a0<em>L\u2019article 1<sup>er<\/sup><strong>\u00a0<\/strong>permet de <span style=\"background-color: #ffff00\">fl\u00e9cher l\u2019installation des m\u00e9decins<\/span> \u2013 g\u00e9n\u00e9ralistes et sp\u00e9cialistes \u2013 et des chirurgiens\u2011dentistes vers les zones o\u00f9 l\u2019offre de soins est insuffisante.<\/em><em> Il cr\u00e9e une autorisation d\u2019installation des m\u00e9decins et des chirurgiens\u2011dentistes, <span style=\"background-color: #ffff00\">d\u00e9livr\u00e9e par l\u2019ARS.<\/span> En zone sous\u2011dot\u00e9e, l\u2019autorisation est d\u00e9livr\u00e9e de droit pour toute nouvelle installation. Dans tous les autres cas, <span style=\"background-color: #ffff00\">c\u2019est\u2011\u00e0\u2011dire lorsque l\u2019offre de soins est au moins suffisante, l\u2019autorisation est d\u00e9livr\u00e9e uniquement si l\u2019installation fait suite \u00e0 la cessation d\u2019activit\u00e9 d\u2019un praticien pratiquant la m\u00eame sp\u00e9cialit\u00e9 sur ce territoire<\/span><\/em><span style=\"background-color: #ffff00\">.<\/span>\u00a0\u00bb<\/span>\u00a0;<br \/>\n<span style=\"color: #0b11bd\">\u00ab\u00a0<em><span style=\"background-color: #ffff00\">Il s\u2019agit d\u2019un premier pas dans la r\u00e9gulation<\/span> de l\u2019installation des m\u00e9decins et des chirurgiens\u2011dentistes sur le territoire, qui permettra, \u00e0 tout le moins, de stopper la progression des in\u00e9galit\u00e9s entre territoires<\/em>.\u00a0<\/span>\u00bb\u00a0;<\/p>\n<p>\u00ab\u00a0<em>L\u2019article 2<strong>\u00a0<\/strong><span style=\"background-color: #ffff00\">impose<\/span> (sauf, bien entendu, cas de force majeure pr\u00e9vus par d\u00e9cret\u00a0: d\u00e9c\u00e8s, maladie grave\u2026) <span style=\"background-color: #ffff00\">un pr\u00e9avis de six mois<\/span> aux m\u00e9decins, aux chirurgiens\u2011dentistes et aux sages-femmes quittant leur lieu d\u2019exercice.<\/em>\u00a0\u00bb\u00a0;<sup> 14<\/sup><\/p>\n<p>Etc.<\/p>\n<p><span style=\"font-family: arial, helvetica, sans-serif;font-size: 14pt;color: #0b11bd\">Qu\u2019en disent les premiers concern\u00e9s\u00a0?<\/span><\/p>\n<p style=\"text-align: justify\">\u00a0(<em>20 Minutes<\/em> 27\/10\/2022) \u00ab\u00a0Le couperet est tomb\u00e9.\u00a0<a href=\"https:\/\/www.20minutes.fr\/politique\/elisabeth-borne\/\">Elisabeth Borne<\/a>\u00a0a actionn\u00e9 mercredi soir\u00a0<a href=\"https:\/\/www.20minutes.fr\/politique\/4007365-20221027-budget-securite-sociale-elisabeth-borne-actionne-nouveau-49-3\">le 49.3\u00a0<\/a>pour faire adopter l\u2019ensemble du <span class='tooltipsall tooltip_post_id_6375 classtoolTips9'>projet de loi<\/span> de financement de la S\u00e9curit\u00e9 sociale (PLFSS), qui contient un article tr\u00e8s controvers\u00e9 parmi les \u00e9tudiants de m\u00e9decine. A savoir l\u2019ajout d\u2019une quatri\u00e8me ann\u00e9e d\u2019internat pour les g\u00e9n\u00e9ralistes, laquelle serait effectu\u00e9e \u00ab\u00a0<span style=\"color: #0b11bd\"><em>en priorit\u00e9 dans des zones o\u00f9 la d\u00e9mographie m\u00e9dicale est sous\u2011dense<\/em><\/span>\u00a0\u00bb, selon le projet de loi. Une disposition qui s\u2019appliquera aux \u00e9tudiants commen\u00e7ant le troisi\u00e8me cycle \u00e0 la rentr\u00e9e de l\u2019ann\u00e9e universitaire 2023. [\u2026] \u00ab\u00a0<span style=\"color: #0b11bd\"><em>Le gouvernement a refus\u00e9 tout dialogue avec nous. A d\u00e9faut, nous avons fait des mois de travail aupr\u00e8s des parlementaires pour leur expliquer pourquoi cette quatri\u00e8me ann\u00e9e d\u2019internat n\u2019\u00e9tait pas judicieuse. Et l\u00e0, le gouvernement passe en force\u00a0<\/em><\/span>\u00bb, d\u00e9plore Th\u00e9ophile Denise, vice-pr\u00e9sident de l\u2019Isnar-IMG, syndicat national des internes de m\u00e9decine g\u00e9n\u00e9rale. En r\u00e9action, son syndicat appelle les internes \u00e0 la gr\u00e8ve d\u00e8s ce jeudi soir, jusqu\u2019au 2\u00a0novembre\u00a0: \u00ab\u00a0<span style=\"color: #0b11bd\"><em>On veut purement et simplement que<\/em><\/span><a href=\"https:\/\/www.assemblee-nationale.fr\/dyn\/16\/textes\/l16b0274_projet-loi\"><em>\u00a0l\u2019article\u00a023<\/em><\/a><em>\u00a0<span style=\"color: #0b11bd\">soit retir\u00e9 <\/span><\/em>\u00bb, d\u00e9clare-t-il \u00e0\u00a0<em>20 Minutes.<\/em>\u00a0 L\u2019Intersyndicale nationale des internes (Isni) a elle aussi lanc\u00e9 un appel \u00e0 la gr\u00e8ve \u00e0 partir de vendredi, jusqu\u2019\u00e0 mercredi prochain. \u00ab\u00a0<em><span style=\"color: #0b11bd\">Nous refusons de pallier le manque de m\u00e9decins et une ann\u00e9e d\u2019exploitation o\u00f9 nous travaillerons 48 heures en \u00e9tant pay\u00e9s 2.500 euros bruts par mois. Le manque de m\u00e9decin \u00e9tait pr\u00e9visible depuis des ann\u00e9es, ce n\u2019est pas \u00e0 nous d\u2019en payer le prix<\/span>\u00a0<\/em>\u00bb, r\u00e9sume Th\u00e9ophile Denise. Les internes redoutent toujours de ne pas \u00eatre assez bien accompagn\u00e9s sur le terrain\u00a0: \u00ab\u00a0<span style=\"color: #0b11bd\"><em>Nous n\u2019avons toujours aucune assurance d\u2019avoir suffisamment de ma\u00eetres de stages, sachant que 25\u00a0% de ceux qui exercent actuellement vont partir \u00e0 la retraite dans les cinq prochaines ann\u00e9es. Et nous craignons que l\u2019encadrement ne soit surtout fait \u00e0 distance<\/em><\/span>\u00a0\u00bb, d\u00e9clare Th\u00e9ophile Denise. Ce dernier d\u00e9nonce aussi le fait \u00ab\u00a0<span style=\"color: #0b11bd\"><em>que le contenu p\u00e9dagogique de cette quatri\u00e8me ann\u00e9e n\u2019est toujours pas connu<\/em><\/span>.\u00a0\u00bb \u00a0<sup>15<\/sup><\/p>\n<p style=\"text-align: right\"><em>Dominique Senac pour le Clairon de l&rsquo;Atax le 03\/06\/2023<\/em><\/p>\n<p><strong>Notes :<\/strong><\/p>\n<p><span style=\"font-size: 10pt\">1 https:\/\/www.francealzheimer.org\/penurie-de-medecins-et-plethore-de-problemes\/#:~:text=Aucune%20r%C3%A9gion%2C%20qu&rsquo;elle%20soit,premier%20d%C3%A9sert%20m%C3%A9dical%20de%20France.<\/span><\/p>\n<p><span style=\"font-size: 10pt\">2\u00a0 https:\/\/www.lefigaro.fr\/vox\/societe\/proposition-de-loi-contre-les-deserts-medicaux-cessons-d-accabler-les-medecins-20230215<\/span><\/p>\n<p><span style=\"font-size: 10pt\">3 https:\/\/www.lequotidiendumedecin.fr\/liberal\/retraites\/carmf-124-389-medecins-liberaux-cotisants-en-2023-52-ans-en-moyenne#:~:text=Carmf%20%3A%20124%20389%20m%C3%A9decins%20lib%C3%A9raux,moyenne%20%7C%20Le%20Quotidien%20du%20M%C3%A9decin<\/span><\/p>\n<p><span style=\"font-size: 10pt\">4 https:\/\/www.insee.fr\/fr\/statistiques\/serie\/010761293<\/span><\/p>\n<p><span style=\"font-size: 10pt\">5 <a href=\"https:\/\/www.insee.fr\/fr\/statistiques\/2012677\">https:\/\/www.insee.fr\/fr\/statistiques\/2012677<\/a><\/span><\/p>\n<p><span style=\"font-size: 10pt\">6 https:\/\/fr.statista.com\/statistiques\/651168\/densite-medecins-generalistes-departements-france\/<\/span><\/p>\n<p><span style=\"font-size: 10pt\">7 https:\/\/www.publicsenat.fr\/actualites\/societe\/d-ou-vient-le-fameux-numerus-clausus-qui-limite-le-nombre-de-medecins-pendant-50-ans<\/span><\/p>\n<p><span style=\"font-size: 10pt\">8 https:\/\/www.assemblee-nationale.fr\/dyn\/15\/textes\/l15b2330_proposition-loi<\/span><\/p>\n<p><span style=\"font-size: 10pt\">9 https:\/\/drees.solidarites-sante.gouv.fr\/sites\/default\/files\/2021-07\/ES2021.pdf<\/span><\/p>\n<p><span style=\"font-size: 10pt\">10 https:\/\/www.securite-sociale.fr\/files\/live\/sites\/SSFR\/files\/medias\/CCSS\/2022\/CCSS-Rapport-juillet-2022.pdf<\/span><\/p>\n<p><span style=\"font-size: 10pt\">11 G\u00e9rard Da Silva, <em>Georges Buisson, p\u00e8re de la S\u00e9curit\u00e9 sociale<\/em>, L\u2019Harmattan-2016, pages 226-229.<\/span><\/p>\n<p><span style=\"font-size: 10pt\">12\u00a0 Dr Jean-Charles Tenev et Philippe Navarro, <em>Quo Vadis\u00a0?<\/em>, in Informations Ouvri\u00e8res n\u00b0755, semaine du 4 au 10 mai 2023<\/span><\/p>\n<p><span style=\"font-size: 10pt\">13 <a href=\"https:\/\/www.assemblee-nationale.fr\/dyn\/15\/textes\/l15b4589_proposition-loi\">https:\/\/www.assemblee-nationale.fr\/dyn\/15\/textes\/l15b4589_proposition-loi<\/a><\/span><\/p>\n<p><span style=\"font-size: 10pt\">14 https:\/\/www.assemblee-nationale.fr\/dyn\/16\/textes\/l16b0741_proposition-loi#:~:text=De%20nombreuses%20politiques%20d&rsquo;incitation,des%20%C3%A9tudiants%2C%20des%20maisons%20de<\/span><\/p>\n<p><span style=\"font-size: 10pt\">15 https:\/\/www.20minutes.fr\/societe\/4007419-20221027-etudes-medecine-assemblee-valide-4e-annee-internat-deserts-medicaux-<span class='tooltipsall tooltip_post_id_19946 classtoolTips72'>colere<\/span>-chez-etudiants<\/span><\/p>\n<p style=\"text-align: justify\"><span style=\"font-size: 10pt\">*\u00a0\u00a0 Personne n\u2019a oubli\u00e9 le flot continu de mensonges et d\u2019inepties gouvernementales, et les restrictions aux libert\u00e9s publiques (confinement, \u00ab\u00a0ausweis\u00a0\u00bb,\u00a0 protocoles en milieu scolaire , etc.), pour tenter de camoufler la p\u00e9nurie de mat\u00e9riel, de tests, de gel hydroalcoolique, de masques FFP2 ainsi que la suppression de budget de recherche sur les coronavirus, cependant que des groupes pharmaceutiques priv\u00e9s s\u2019empiffraient d\u2019argent public (Sanofi), tardaient \u00e0 mettre au point un vaccin fiable et licenciaient du personnel\u2026 Qui pourrait oublier les 116 000 morts ? Ce n\u2019est pas seulement de l\u2019incurie, C\u2019est une politique au service du CAC40, du capital financier et des multinationales.<\/span><\/p>\n<p style=\"text-align: justify\"><span style=\"font-size: 10pt\">Entre le 23 mars 2020 et le 1<sup>er<\/sup> ao\u00fbt 2022, l\u2019\u00e9tat d\u2019urgence soi-disant \u00ab\u00a0sanitaire\u00a0\u00bb, assorti d\u2019une intense propagande visant \u00e0 installer la peur dans toute la population, a surtout servi \u00e0 camoufler les effets du krach boursier et l\u2019ensemble des mesures antisociales et de destruction des services publics de Macron qui ont continu\u00e9 \u00e0 \u00eatre mises en \u0153uvre.\u00a0<\/span><\/p>\n<p style=\"text-align: justify\"><span style=\"font-size: 10pt\">* \u00a0\u00a0L\u2019offensive continue contre la S\u00e9curit\u00e9 sociale prend tr\u00e8s souvent pour cible les retraites. En 1953, le gouvernement Laniel tente de financer sa guerre coloniale en Indochine par le report de deux ans (d\u00e9j\u00e0 !) de la date de d\u00e9part en retraite des fonctionnaires. La gr\u00e8ve g\u00e9n\u00e9rale d\u2019ao\u00fbt 1953 l\u2019oblige \u00e0 reculer. Cinq ans plus tard, apr\u00e8s le coup d\u2019Etat du 13 mai 1958 qui ram\u00e8ne le g\u00e9n\u00e9ral de Gaulle aux affaires, la bourgeoisie dispose d\u00e8s octobre de la m\u00eame ann\u00e9e d\u2019une arme redoutable : la V<sup>e<\/sup> R\u00e9publique. Appuy\u00e9 sur ses institutions et ses dispositions antid\u00e9mocratiques, le capital en attend l\u2019int\u00e9gration des organisations syndicales \u00e0 l\u2019appareil d\u2019Etat et la liquidation des acquis sociaux. Mais la gr\u00e8ve g\u00e9n\u00e9rale des mineurs en 1963 marque la recomposition du mouvement ouvrier. La gr\u00e8ve g\u00e9n\u00e9rale de 1968 et l\u2019\u00e9chec du r\u00e9f\u00e9rendum de 1969 portent un coup s\u00e9v\u00e8re aux tentatives d\u2019int\u00e9gration corporatiste. L\u2019ordonnance Auroux\u00a0du 25 mars 1982\u00a0a instaur\u00e9\u00a0un syst\u00e8me de\u00a0d\u00e9cote\u00a0par trimestre de\u00a0cotisation\u00a0manquant, qui accompagne l&rsquo;instauration d&rsquo;un droit \u00e0 prendre sa retraite \u00e0 partir de 60 ans. En novembre 1995 le plan Jupp\u00e9 pr\u00e9voit la cr\u00e9ation d\u2019un nouvel imp\u00f4t le Remboursement de la dette sociale, la liquidation des r\u00e9gimes sp\u00e9ciaux, le rationnement des soins et une r\u00e9forme de la gestion des caisses. La gr\u00e8ve g\u00e9n\u00e9rale interprofessionnelle de trois semaines contraint Chirac \u00e0 abandonner une partie du plan Jupp\u00e9 (les ordonnances d\u2019avril 1996 pr\u00e9voient un Objectif national de d\u00e9penses de l\u2019assurance maladie (ONDAM), cr\u00e9ent la Contribution remboursement de la dette sociale (CRDS), les Agences r\u00e9gionales d\u2019hospitalisation, etc. mais ne touchent pas aux retraites, r\u00e9gimes sp\u00e9ciaux et code des pensions civiles et militaires). \u00a0En 2003, Fillon allonge encore la dur\u00e9e de cotisation pour la retraite \u00e0 taux plein apr\u00e8s 60 ans. La dur\u00e9e de cotisation des fonctionnaires est align\u00e9e sur celle des salari\u00e9s du priv\u00e9. En 2010, l\u2019\u00e2ge l\u00e9gal de d\u00e9part en retraite est relev\u00e9 progressivement de 60 \u00e0 62 ans et de 65 \u00e0 67 ans pour une retraite \u00e0 taux plein lorsque les annuit\u00e9s de cotisation sont insuffisantes. En 2014, nouvel allongement progressif de la dur\u00e9e de cotisation. Du 5 d\u00e9cembre 2019 au printemps 2020, le projet de retraite \u00e0 points de Macron est combattu par un puissant mouvement social. Il est abandonn\u00e9 \u2013 officiellement \u00e0 cause de la pand\u00e9mie\u00a0; et en 2023\u00a0Macron remet \u00e7a\u00a0: deux ans fermes pour tous, liquidation des r\u00e9gimes sp\u00e9ciaux\u2026\u00a0!<\/span><\/p>\n<script type=\"text\/javascript\"> var tt_store_content = \"En France, il existe deux moyens principaux pour cr\u00e9er ou modifier une loi\\:<br\/>\\<ul\\><br\/> \t\\<li\\>le \\<strong\\>projet de loi\\<\\\/strong\\>, qui \u00e9mane du gouvernement,\\<\\\/li\\><br\/> \t\\<li\\>la \\<strong\\>proposition de loi\\<\\\/strong\\>, qui \u00e9mane d'un ou plusieurs parlementaires\\. &nbsp;\\<\\\/li\\><br\/>\\<\\\/ul\\>\"; toolTips('.classtoolTips9',tt_store_content,'6375'); <\/script><script type=\"text\/javascript\"> var tt_store_content = \"En France, il existe deux moyens principaux pour cr\u00e9er ou modifier une loi\\:<br\/>\\<ul\\><br\/> \t\\<li\\>le \\<strong\\>projet de loi\\<\\\/strong\\>, qui \u00e9mane du gouvernement,\\<\\\/li\\><br\/> \t\\<li\\>la \\<strong\\>proposition de loi\\<\\\/strong\\>, qui \u00e9mane d'un ou plusieurs parlementaires\\. &nbsp;\\<\\\/li\\><br\/>\\<\\\/ul\\>\"; toolTips('.classtoolTips9',tt_store_content,'6375'); <\/script><script type=\"text\/javascript\"> var tt_store_content = \"\\<p style\\='text\\-align\\: center;'\\>\\<span style\\='font\\-size\\: 14pt;'\\>\\<strong\\>T\\<\\\/strong\\>raitement\\<strong\\> D\\<\\\/strong\\>es\\<strong\\> N\\<\\\/strong\\>itrates\\<strong\\> \\(<span class='tooltipsall tooltip_post_id_3610 classtoolTips37'>TDN<\/span>\\)<br\/>TH\\<\\\/strong\\>ermal\\<strong\\> O\\<\\\/strong\\>rganic\\<strong\\> R\\<\\\/strong\\>eduction\\<strong\\> \\(<span class='tooltipsall tooltip_post_id_3610 classtoolTips37'>THOR<\/span>\\)\\<\\\/strong\\>\\<\\\/span\\>\\<\\\/p\\><br\/>\\<p style\\='text\\-align\\: justify;'\\>Proc\u00e9d\u00e9 envisag\u00e9 par la soci\u00e9t\u00e9 AREVA pour retraiter les d\u00e9chets nitrat\u00e9s et radio\\-actifs issus de son activit\u00e9 d'enrichissement de l'uranium, phase I de la pr\u00e9paration du combustible des centrales nucl\u00e9aires\\.\\<\\\/p\\><br\/>\\<p style\\='text\\-align\\: justify;'\\>Cette activit\u00e9 est mise en \u0153uvre dans l'usine de Malv\u00e9si \u00e0 quelques kilom\u00e8tres de Narbonne\\.\\<\\\/p\\><br\/>\\<p style\\='text\\-align\\: justify;'\\>Ce proc\u00e9d\u00e9, potentiellement tr\u00e8s toxique pour la sant\u00e9 et l'environnement, est au centre d'une vive opposition de la part des riverains et \u00e0 laquelle le Clairon s'associe \\(\\<a href\\='https\\:\\\/\\\/le\\-clairon\\-nouveau\\.fr\\\/wordpress\\\/dossiers\\\/dossier\\-malvesi\\-areva\\\/' target\\='_blank' rel\\='noopener'\\>voir notre dossier\\<\\\/a\\> sur le sujet\\)\\.\\<\\\/p\\>\"; toolTips('.classtoolTips37',tt_store_content,'3610'); <\/script><script type=\"text\/javascript\"> var tt_store_content = \"\\<p\\>COLERE \\= Collectif pour l'Environnement des Riverains Elisyques \u00e0 Narbonne\\<\\\/p\\>\"; toolTips('.classtoolTips72',tt_store_content,'19946'); <\/script><script type=\"text\/javascript\"> var tt_store_content = \"\\<span class\\='st'\\>L'Institut National de la Statistique et des Etudes Economiques collecte, produit, analyse et diffuse des informations sur l'\u00e9conomie et la soci\u00e9t\u00e9 fran\u00e7aises\\.\\<\\\/span\\>\"; toolTips('.classtoolTips82',tt_store_content,'6978'); <\/script><script type=\"text\/javascript\"> var tt_store_content = \"\\<span class\\='st'\\>L'Institut National de la Statistique et des Etudes Economiques collecte, produit, analyse et diffuse des informations sur l'\u00e9conomie et la soci\u00e9t\u00e9 fran\u00e7aises\\.\\<\\\/span\\>\"; toolTips('.classtoolTips82',tt_store_content,'6978'); <\/script><script type=\"text\/javascript\"> var tt_store_content = \"\\<p style\\='text\\-align\\: center;'\\>\\<span style\\='font\\-size\\: 14pt;'\\>\\<strong\\>C\\<\\\/strong\\>r\u00e9dit d'Imp\u00f4t pour la \\<strong\\>C\\<\\\/strong\\>omp\u00e9titivit\u00e9 et l'\\<strong\\>E\\<\\\/strong\\>mploi\\<\\\/span\\>\\<\\\/p\\><br\/>\\<p style\\='text\\-align\\: justify;'\\>Mesure mise en place par le gouvernement de Jean\\-Marc Ayrault, en 2012 et entr\u00e9e en vigueur le 1\\<sup\\>er\\<\\\/sup\\> Janvier 2013, sous la pr\u00e9sidence de Fran\u00e7ois Hollande, visant \u00e0 soutenir les entreprises fran\u00e7aises par un all\u00e8gement des charges li\u00e9es aux salaires inf\u00e9rieurs \u00e0 2,5 SMIC\\. Le but de cette mesure, tr\u00e8s co\u00fbteuse pour la collectivit\u00e9 \\(13 mds \u20ac en 2013 et 20 mds&nbsp; \u20ac en 2014\\), \u00e9tait de dynamiser les embauches par les entreprises\\.<br\/>Dans les faits, elle aurait surtout servi aux entreprises \u00e0 reconstituer leurs marges et cela d'autant plus facilement qu'elle n'\u00e9tait assortie d'aucun contr\u00f4le du respect, par les entreprises, des conditions d'\u00e9ligibilit\u00e9\\.\\<\\\/p\\><br\/>\\<a href\\='https\\:\\\/\\\/fr\\.wikipedia\\.org\\\/wiki\\\/Cr%C3%A9dit_d%27imp%C3%B4t_pour_la_comp%C3%A9titivit%C3%A9_et_l%27emploi' target\\='_blank' rel\\='noopener'\\>Acc\u00e9der ici \u00e0 la fiche Wikipedia sur le <span class='tooltipsall tooltip_post_id_5648 classtoolTips102'>CICE<\/span>\\<\\\/a\\>\"; toolTips('.classtoolTips102',tt_store_content,'5648'); <\/script><script type=\"text\/javascript\"> var tt_store_content = \"\\<p style\\='text\\-align\\: center;'\\>\\<span style\\='font\\-size\\: 14pt;'\\>\\<strong\\>C\\<\\\/strong\\>ontribution pour le \\<strong\\>R\\<\\\/strong\\>emboursement de la \\<strong\\>D\\<\\\/strong\\>ette \\<strong\\>S\\<\\\/strong\\>ociale\\<\\\/span\\>\\<\\\/p\\><br\/>Imp\u00f4t fran\u00e7ais cr\u00e9\u00e9 en 1996 dans le but de r\u00e9sorber l'endettement de la S\u00e9curit\u00e9 Sociale\\. Elle a \u00e9t\u00e9 cr\u00e9\u00e9e par l'ordonnance no&nbsp;96\\-50 du 24 janvier 1996\\.<br\/><br\/>\\<a href\\='https\\:\\\/\\\/fr\\.wikipedia\\.org\\\/wiki\\\/Contribution_pour_le_remboursement_de_la_dette_sociale' target\\='_blank' rel\\='noopener'\\>Acc\u00e9der ici \u00e0 la fiche Wikipedia traitant de la CRDS\\<\\\/a\\>\"; toolTips('.classtoolTips111',tt_store_content,'5688'); <\/script><script type=\"text\/javascript\"> var tt_store_content = \"\\<p style\\='text\\-align\\: center;'\\>\\<span style\\='font\\-size\\: 14pt;'\\>\\<strong\\>C\\<\\\/strong\\>aisse \\<strong\\>N\\<\\\/strong\\>ationale de \\<strong\\>S\\<\\\/strong\\>olidarit\u00e9 pour l'\\<strong\\>A\\<\\\/strong\\>utonomie\\<\\\/span\\>\\<\\\/p\\>\"; toolTips('.classtoolTips131',tt_store_content,'18354'); <\/script><script type=\"text\/javascript\"> var tt_store_content = \"\\<p\\><span class='tooltipsall tooltip_post_id_19394 classtoolTips134'>SAGE<\/span> \\= \\<span class\\='st'\\> sch\u00e9ma d'am\u00e9nagement et de gestion de l'eau\\<\\\/span\\> , c'est un outil de planification qui concerne l'ensemble des eaux situ\u00e9es dans un bassin versant\\<\\\/p\\>\"; toolTips('.classtoolTips134',tt_store_content,'19394'); <\/script><script type=\"text\/javascript\"> var tt_store_content = \"\\<p style\\='text\\-align\\: center;'\\>\\<strong\\>\\<span style\\='font\\-size\\: 14pt;'\\>S\\<\\\/span\\>\\<\\\/strong\\>\\<span style\\='font\\-size\\: 14pt;'\\>oci\u00e9t\u00e9 d'\\<strong\\>\u00c9\\<\\\/strong\\>conomie \\<strong\\>M\\<\\\/strong\\>ixte\\<\\\/span\\>\\<\\\/p\\><br\/>\\<p style\\='text\\-align\\: justify;'\\>En France, une soci\u00e9t\u00e9 d'\u00e9conomie mixte est une soci\u00e9t\u00e9 anonyme dont le capital est majoritairement d\u00e9tenu par une ou plusieurs personnes publiques \\(\u00e0 savoir l'\u00c9tat, une Collectivit\u00e9 territoriale, ou tout autre \u00c9tablissement public\\)\\. Cette participation majoritaire publique est plafonn\u00e9e \u00e0 85&nbsp;% du capital depuis la Loi du 2 janvier 2002\\. Au moins une personne priv\u00e9e doit participer au capital de la <span class='tooltipsall tooltip_post_id_7168 classtoolTips142'>SEM<\/span>, sachant qu'il peut s'agir d'une autre SEM\\.\\<\\\/p\\><br\/>\\<p style\\='text\\-align\\: justify;'\\>\\<strong\\>Le recours \u00e0 la SEM garantit\\<\\\/strong\\> \u00e0 la collectivit\u00e9 publique actionnaire et cocontractante \\<strong\\>la prise en compte effective de l'int\u00e9r\u00eat g\u00e9n\u00e9ral\\<\\\/strong\\> dans les objectifs de l'entreprise \\<strong\\>et la souplesse de la soci\u00e9t\u00e9 de droit priv\u00e9\\<\\\/strong\\>\\.\\<\\\/p\\><br\/>\\<em\\>\\<a href\\='https\\:\\\/\\\/fr\\.wikipedia\\.org\\\/wiki\\\/Soci%C3%A9t%C3%A9_d%27%C3%A9conomie_mixte' target\\='_blank' rel\\='noopener'\\>Voir ici la page Wikipedia consacr\u00e9e aux SEM\\<\\\/a\\> \\<\\\/em\\><br\/><br\/>&nbsp;\"; toolTips('.classtoolTips142',tt_store_content,'7168'); <\/script><script type=\"text\/javascript\"> var tt_store_content = \"\\<p style\\='text\\-align\\: center;'\\>\\<span style\\='font\\-size\\: 14pt;'\\>\\<strong\\>I\\<\\\/strong\\>mp\u00f4t sur la \\<strong\\>F\\<\\\/strong\\>ortune \\<strong\\>I\\<\\\/strong\\>mmobili\u00e8re\\<\\\/span\\>\\<\\\/p\\>\"; toolTips('.classtoolTips148',tt_store_content,'5643'); <\/script><script type=\"text\/javascript\"> var tt_store_content = \"\\<p style\\='text\\-align\\: center;'\\>\\<span style\\='font\\-size\\: 14pt;'\\>\\<strong\\>\u00c9\\<\\\/strong\\>tablissement \\<strong\\>F\\<\\\/strong\\>ran\u00e7ais du \\<strong\\>S\\<\\\/strong\\>ang\\<\\\/span\\>\\<\\\/p\\><br\/>\\<p\\>\\<a href\\='https\\:\\\/\\\/www\\.efs\\.sante\\.fr\\\/' target\\='_blank' rel\\='noopener noreferrer'\\>\\<em\\>Acc\u00e9der ici au site de l'<span class='tooltipsall tooltip_post_id_21261 classtoolTips150'>EFS<\/span>\\<\\\/em\\>\\<\\\/a\\>\\<\\\/p\\>\"; toolTips('.classtoolTips150',tt_store_content,'21261'); <\/script><script type=\"text\/javascript\"> var tt_store_content = \"\\<p style\\='text\\-align\\: center;'\\>\\<span style\\='font\\-size\\: 14pt;'\\>\\<strong\\>C\\<\\\/strong\\>ontribution \\<strong\\>S\\<\\\/strong\\>ociale \\<strong\\>G\\<\\\/strong\\>\u00e9n\u00e9ralis\u00e9e\\<\\\/span\\>\\<\\\/p\\><br\/>\\<a href\\='https\\:\\\/\\\/fr\\.wikipedia\\.org\\\/wiki\\\/Contribution_sociale_g%C3%A9n%C3%A9ralis%C3%A9e' target\\='_blank' rel\\='noopener'\\>Acc\u00e9der ici \u00e0 la fiche Wikipedia de la CSG\\<\\\/a\\><br\/>\\<a href\\='http\\:\\\/\\\/www\\.vie\\-publique\\.fr\\\/decouverte\\-institutions\\\/finances\\-publiques\\\/protection\\-sociale\\\/financement\\\/qu\\-est\\-ce\\-que\\-csg\\.html' target\\='_blank' rel\\='noopener'\\>Voir ici la d\u00e9finition de la CSG selon le site vie\\-publique\\.fr\\<\\\/a\\>\"; toolTips('.classtoolTips151',tt_store_content,'5647'); <\/script><script type=\"text\/javascript\"> var tt_store_content = \"\\<p style\\='text\\-align\\: center;'\\>\\<span style\\='font\\-size\\: 14pt;'\\>\\<strong\\>R\\<\\\/strong\\>evenu de \\<strong\\>S\\<\\\/strong\\>olidarit\u00e9 \\<strong\\>A\\<\\\/strong\\>ctive\\<\\\/span\\>\\<\\\/p\\><br\/>\\<p style\\='text\\-align\\: justify;'\\>Le revenu de solidarit\u00e9 active est une prestation sociale fran\u00e7aise, g\u00e9r\u00e9e par les conseils d\u00e9partementaux, vers\u00e9e par les <span class='tooltipsall tooltip_post_id_5652 classtoolTips155'>CAF<\/span> et les MSA et destin\u00e9e \u00e0 garantir \u00e0 ses b\u00e9n\u00e9ficiaires, qu'ils aient ou non la capacit\u00e9 de travailler, un revenu minimum, avec en contrepartie une obligation de chercher un emploi ou de d\u00e9finir et suivre un projet professionnel visant \u00e0 am\u00e9liorer sa situation financi\u00e8re\\.\\<\\\/p\\><br\/>\\<p style\\='text\\-align\\: justify;'\\>Cette prestation sociale a \u00e9t\u00e9 mise en place en 2009, en remplacement du RMI \\(revenu minimum d'insertion\\), mis en place en 1988\\.\\<\\\/p\\><br\/>\\<p style\\='text\\-align\\: justify;'\\>En 2016, 2,5 millions de personnes \u00e9taient b\u00e9n\u00e9ficiaires du <span class='tooltipsall tooltip_post_id_5651 classtoolTips154'>RSA<\/span>\\.\\<\\\/p\\><br\/>\\<em\\>\\<a href\\='https\\:\\\/\\\/fr\\.wikipedia\\.org\\\/wiki\\\/Revenu_de_solidarit%C3%A9_active' target\\='_blank' rel\\='noopener'\\>Acc\u00e9der ici \u00e0 la fiche Wikipedia traitant du RSA\\<\\\/a\\><br\/>\\<a href\\='https\\:\\\/\\\/www\\.insee\\.fr\\\/fr\\\/metadonnees\\\/definition\\\/c1718' target\\='_blank' rel\\='noopener'\\>Acc\u00e9der ici \u00e0 la d\u00e9finition du RSA fournie par l'INSEE\\<\\\/a\\>\\<\\\/em\\>\"; toolTips('.classtoolTips154',tt_store_content,'5651'); <\/script><script type=\"text\/javascript\"> var tt_store_content = \"\\<p style\\='text\\-align\\: center;'\\>\\<span style\\='font\\-size\\: 14pt;'\\>\\<strong\\>R\\<\\\/strong\\>\u00e9pertoire \\<strong\\>N\\<\\\/strong\\>ational des \\<strong\\>A\\<\\\/strong\\>ssociations\\<\\\/span\\>\\<\\\/p\\>\"; toolTips('.classtoolTips159',tt_store_content,'24374'); <\/script><script type=\"text\/javascript\"> var tt_store_content = \"\\<p style\\='text\\-align\\: center;'\\>\\<strong\\>\\<span style\\='font\\-size\\: 14pt;'\\>G\\<\\\/span\\>\\<\\\/strong\\>\\<span style\\='font\\-size\\: 14pt;'\\>az \u00e0 \\<strong\\>E\\<\\\/strong\\>ffet de \\<strong\\>S\\<\\\/strong\\>erre\\<\\\/span\\>\\<\\\/p\\><br\/>\\<p style\\='text\\-align\\: justify;'\\>Les gaz \u00e0 effet de serre \\(<span class='tooltipsall tooltip_post_id_7232 classtoolTips161'>GES<\/span>\\) sont des composants gazeux qui absorbent le rayonnement infrarouge \u00e9mis par la surface terrestre et contribuent \u00e0 l'effet de serre\\. L'augmentation de leur concentration dans l'atmosph\u00e8re terrestre est l'un des facteurs \u00e0 l'origine du r\u00e9chauffement climatique\\.\\<\\\/p\\><br\/>\\<a href\\='https\\:\\\/\\\/fr\\.wikipedia\\.org\\\/wiki\\\/Gaz_%C3%A0_effet_de_serre' target\\='_blank' rel\\='noopener'\\>\\<em\\>Voir ici la fiche Wikipedia sur les gaz \u00e0 effet de serre\\<\\\/em\\>\\<\\\/a\\>\"; toolTips('.classtoolTips161',tt_store_content,'7232'); <\/script><script type=\"text\/javascript\"> var tt_store_content = \"\\<p style\\='text\\-align\\: justify'\\>La \u00ab\u00a0\\<b\\>programmation pluriannuelle de l'\u00e9nergie\\<\\\/b\\>\u00a0\u00bb \\(<span class='tooltipsall tooltip_post_id_7750 classtoolTips164'>PPE<\/span>\\) est, en France, un document strat\u00e9gique de pilotage de la transition \u00e9nerg\u00e9tique\\. Institu\u00e9e par l'article 176 de la \\<a title\\='Loi relative \u00e0 la transition \u00e9nerg\u00e9tique pour la croissance verte' href\\='https\\:\\\/\\\/fr\\.wikipedia\\.org\\\/wiki\\\/Loi_relative_%C3%A0_la_transition_%C3%A9nerg%C3%A9tique_pour_la_croissance_verte'\\>loi de transition \u00e9nerg\u00e9tique\\<\\\/a\\> \\(TECV\\), elle fixe une trajectoire pour le \\<a title\\='Mix \u00e9nerg\u00e9tique' href\\='https\\:\\\/\\\/fr\\.wikipedia\\.org\\\/wiki\\\/Mix_%C3%A9nerg%C3%A9tique'\\>mix \u00e9nerg\u00e9tique\\<\\\/a\\>, ainsi que \\<span class\\='citation'\\>\u00ab\u00a0les priorit\u00e9s d'action pour la gestion de l\u2019ensemble des formes d'\u00e9nergie sur le territoire m\u00e9tropolitain continental, afin d\u2019atteindre les objectifs nationaux fix\u00e9s par la loi\u00a0\u00bb\\<\\\/span\\>\\. \\(Wikip\u00e9dia\\)\\<\\\/p\\>\"; toolTips('.classtoolTips164',tt_store_content,'7750'); <\/script><script type=\"text\/javascript\"> var tt_store_content = \"\\<p style\\='text\\-align\\: justify'\\>La \u00ab\u00a0\\<b\\>programmation pluriannuelle de l'\u00e9nergie\\<\\\/b\\>\u00a0\u00bb \\(PPE\\) est, en France, un document strat\u00e9gique de pilotage de la transition \u00e9nerg\u00e9tique\\. Institu\u00e9e par l'article 176 de la \\<a title\\='Loi relative \u00e0 la transition \u00e9nerg\u00e9tique pour la croissance verte' href\\='https\\:\\\/\\\/fr\\.wikipedia\\.org\\\/wiki\\\/Loi_relative_%C3%A0_la_transition_%C3%A9nerg%C3%A9tique_pour_la_croissance_verte'\\>loi de transition \u00e9nerg\u00e9tique\\<\\\/a\\> \\(TECV\\), elle fixe une trajectoire pour le \\<a title\\='Mix \u00e9nerg\u00e9tique' href\\='https\\:\\\/\\\/fr\\.wikipedia\\.org\\\/wiki\\\/Mix_%C3%A9nerg%C3%A9tique'\\>mix \u00e9nerg\u00e9tique\\<\\\/a\\>, ainsi que \\<span class\\='citation'\\>\u00ab\u00a0les priorit\u00e9s d'action pour la gestion de l\u2019ensemble des formes d'\u00e9nergie sur le territoire m\u00e9tropolitain continental, afin d\u2019atteindre les objectifs nationaux fix\u00e9s par la loi\u00a0\u00bb\\<\\\/span\\>\\. \\(Wikip\u00e9dia\\)\\<\\\/p\\>\"; toolTips('.classtoolTips164',tt_store_content,'7750'); <\/script><script type=\"text\/javascript\"> var tt_store_content = \"\\<p style\\='text\\-align\\: justify;'\\>Le Conseil d'Orientation des Retraites est une instance qui r\u00e9unit &nbsp;\\<span class\\='st'\\>les principaux acteurs du champ des retraites\\<\\\/span\\> et effectue un travail d'\u00e9tudes et de concertation\\. Compos\u00e9 de parlementaires, de repr\u00e9sentants des organisations professionnelles et syndicales, des retrait\u00e9s et des familles, de membres de l'administration et d'experts, le Conseil d'orientation des retraites \\(<span class='tooltipsall tooltip_post_id_7751 classtoolTips165'>COR<\/span>\\) est plac\u00e9 aupr\u00e8s du Premier ministre\\.\\<\\\/p\\>\"; toolTips('.classtoolTips165',tt_store_content,'7751'); <\/script><script type=\"text\/javascript\"> var tt_store_content = \"\\<p style\\='text\\-align\\: center;'\\>\\<span style\\='font\\-size\\: 14pt;'\\>\\<strong\\>O\\<\\\/strong\\>rganisation \\<strong\\>M\\<\\\/strong\\>\u00e9t\u00e9orologique \\<strong\\>M\\<\\\/strong\\>ondiale<br\/>\\<strong\\>W\\<\\\/strong\\>orld \\<strong\\>M\\<\\\/strong\\>eteorological \\<strong\\>O\\<\\\/strong\\>rganization\\<\\\/span\\>\\<\\\/p\\><br\/>&nbsp;<br\/><br\/>\\<a href\\='https\\:\\\/\\\/public\\.wmo\\.int\\\/fr' target\\='_blank' rel\\='noopener'\\>\\<em\\>Acc\u00e9der ici au site de l'organisation\\<\\\/em\\>\\<\\\/a\\>\"; toolTips('.classtoolTips168',tt_store_content,'7763'); <\/script><script type=\"text\/javascript\"> var tt_store_content = \"\\<p style\\='text\\-align\\: center;'\\>\\<span style\\='font\\-size\\: 14pt;'\\>\\<strong\\>\u00c9\\<\\\/strong\\>cole \\<strong\\>N\\<\\\/strong\\>ationale d'\\<strong\\>A\\<\\\/strong\\>dministration\\<\\\/span\\>\\<\\\/p\\>\"; toolTips('.classtoolTips170',tt_store_content,'5213'); <\/script><script type=\"text\/javascript\"> var tt_store_content = \"\\<p style\\='text\\-align\\: center;'\\>\\<span style\\='font\\-size\\: 14pt;'\\>\u00c9cole des<br\/>\\<strong\\>H\\<\\\/strong\\>autes \\<strong\\>\u00c9\\<\\\/strong\\>tudes \\<strong\\>C\\<\\\/strong\\>ommerciales\\<\\\/span\\>\\<\\\/p\\>\"; toolTips('.classtoolTips171',tt_store_content,'5214'); <\/script><script type=\"text\/javascript\"> var tt_store_content = \"\\<p style\\='text\\-align\\: justify'\\>\\<span class\\='ILfuVd'\\>La politique agricole commune \\(\\<b\\><span class='tooltipsall tooltip_post_id_11364 classtoolTips174'>PAC<\/span>\\<\\\/b\\>\\) est une politique mise en place \u00e0 l'\u00e9chelle de l'Union europ\u00e9enne\\. \u00c0 l'origine, elle est fond\u00e9e principalement sur des mesures de contr\u00f4le des prix et de subventionnement, visant \u00e0 moderniser et d\u00e9velopper l'agriculture\\.\\<\\\/span\\> \\(source Wikipedia\\)\\<\\\/p\\>\"; toolTips('.classtoolTips174',tt_store_content,'11364'); <\/script><script type=\"text\/javascript\"> var tt_store_content = \"\\<p style\\='text\\-align\\: center;'\\>\\<span style\\='font\\-size\\: 14pt;'\\>\\<strong\\>P\\<\\\/strong\\>\\<\\\/span\\>\\<span style\\='font\\-size\\: 14pt;'\\>lan \\<strong\\>L\\<\\\/strong\\>\\<\\\/span\\>\\<span style\\='font\\-size\\: 14pt;'\\>ocal d'\\<strong\\>U\\<\\\/strong\\>\\<\\\/span\\>\\<span style\\='font\\-size\\: 14pt;'\\>rbanisme\\<\\\/span\\>\\<\\\/p\\><br\/>&nbsp;\"; toolTips('.classtoolTips176',tt_store_content,'4979'); <\/script><script type=\"text\/javascript\"> var tt_store_content = \"\\<p\\>Conseil \u00c9conomique et Social\\<\\\/p\\>\"; toolTips('.classtoolTips180',tt_store_content,'29829'); <\/script><script type=\"text\/javascript\"> var tt_store_content = \"\\<p\\><span class='tooltipsall tooltip_post_id_19888 classtoolTips186'>CEA<\/span> \\= Commissariat \u00e0 l'Energie Atomique et aux Energies Alternatives\\. C' est un organisme administratif\u00a0 fran\u00e7ais de recherche scientifique dans les domaines de l'\u00e9nergie , la d\u00e9fense, les technologies de l'information et de la communication, des sciences de la mati\u00e8re, de la vie, de la sant\u00e9\\.\\.\\.\\<\\\/p\\><br\/>\\<p\\>&nbsp;\\<\\\/p\\>\"; toolTips('.classtoolTips186',tt_store_content,'19888'); <\/script><script type=\"text\/javascript\"> var tt_store_content = \"\\<p style\\='text\\-align\\: center;'\\>\\<span style\\='font\\-size\\: 14pt;'\\>\\<strong\\>A\\<\\\/strong\\>gence \\<strong\\>R\\<\\\/strong\\>\u00e9gionale de \\<strong\\>S\\<\\\/strong\\>ant\u00e9\\<\\\/span\\>\\<\\\/p\\>\"; toolTips('.classtoolTips188',tt_store_content,'18356'); <\/script><script type=\"text\/javascript\"> var tt_store_content = \"\\<p style\\='text\\-align\\: center;'\\>\\<span style\\='font\\-size\\: 14pt;'\\>\\<strong\\>G\\<\\\/strong\\>roupement \\<strong\\>H\\<\\\/strong\\>ospitalier de \\<strong\\>T\\<\\\/strong\\>erritoire\\<\\\/span\\>\\<\\\/p\\><br\/>\\<p style\\='text\\-align\\: justify;'\\>Les groupements hospitaliers de territoires, dispositif pr\u00e9vu par la loi de sant\u00e9 2016, sont un nouveau mode de coop\u00e9ration entre les \u00e9tablissements publics de sant\u00e9 \u00e0 l\u2019\u00e9chelle d\u2019un territoire\\<\\\/p\\>\"; toolTips('.classtoolTips189',tt_store_content,'18358'); <\/script><script type=\"text\/javascript\"> var tt_store_content = \"\\<p style\\='text\\-align\\: center;'\\>\\<span style\\='font\\-size\\: 14pt;'\\>\\<strong\\>C\\<\\\/strong\\>omit\u00e9 \\<strong\\>T\\<\\\/strong\\>echnique d'\\<strong\\>\u00c9\\<\\\/strong\\>tablissement\\<\\\/span\\>\\<\\\/p\\>\"; toolTips('.classtoolTips191',tt_store_content,'18359'); <\/script><script type=\"text\/javascript\"> var tt_store_content = \"\\<p style\\='text\\-align\\: center;'\\>\\<strong\\>\\<span style\\='font\\-size\\: 14pt;'\\>P\\<\\\/span\\>\\<\\\/strong\\>\\<span style\\='font\\-size\\: 14pt;'\\>rogrammation \\<strong\\>P\\<\\\/strong\\>luri\\-annuelle de l'\\<strong\\>\u00c9\\<\\\/strong\\>nergie\\<\\\/span\\>\\<\\\/p\\><br\/>La PPE est est en France un document strat\u00e9gique de pilotage de la transition \u00e9nerg\u00e9tique\\. Institu\u00e9e par l'article 176 de la loi transition \u00e9nerg\u00e9tique \\(TECV\\)\\. Elle fixe \\(par \u00e9nergie\\) une trajectoire pour le mix \u00e9nerg\u00e9tique, ainsi que \u00ab&nbsp;\\<em\\>les priorit\u00e9s d'action pour la gestion de l\u2019ensemble des formes d'\u00e9nergie sur le territoire m\u00e9tropolitain continental, afin d\u2019atteindre les objectifs nationaux fix\u00e9s par la loi\\<\\\/em\\>&nbsp;\u00bb\\.<br\/><br\/>Initi\u00e9e en 2016, elle est r\u00e9vis\u00e9e en 2018 puis ensuite tous les 5 ans\\.<br\/><br\/>\\<a href\\='https\\:\\\/\\\/fr\\.wikipedia\\.org\\\/wiki\\\/Programmation_pluriannuelle_de_l'\u00e9nergi' target\\='_blank' rel\\='noopener'\\>\\<em\\>Voir ici la page Wikipedia consacr\u00e9e \u00e0 la PPE\\<\\\/em\\>\\<\\\/a\\><br\/>\\<a href\\='https\\:\\\/\\\/ppe\\.debatpublic\\.fr\\\/' target\\='_blank' rel\\='noopener'\\>\\<em\\>Voir ici la page du site 'Commission du D\u00e9bat Public' consacr\u00e9e \u00e0 la PPE\\<\\\/em\\>\\<\\\/a\\>\"; toolTips('.classtoolTips193',tt_store_content,'7102'); <\/script><script type=\"text\/javascript\"> var tt_store_content = \"\\<p style\\='text\\-align\\: center;'\\>\\<span style\\='font\\-size\\: 14pt;'\\>\\<strong\\>E\\<\\\/strong\\>volutionary \\<strong\\>P\\<\\\/strong\\>ower \\<strong\\>R\\<\\\/strong\\>eactor\\<\\\/span\\>\\<\\\/p\\><br\/>\\<p style\\='text\\-align\\: justify;'\\>R\u00e9acteur nucl\u00e9aire de troisi\u00e8me g\u00e9n\u00e9ration \\(classification internationale\\), con\u00e7u et d\u00e9velopp\u00e9 par <span class='tooltipsall tooltip_post_id_5121 classtoolTips35'>Areva NP<\/span>&nbsp; au cours des ann\u00e9es 1990 et 2000\\. Il fait partie de la fili\u00e8re des r\u00e9acteurs \u00e0 eau pressuris\u00e9e\\.\\<\\\/p\\><br\/>\\<a href\\='https\\:\\\/\\\/fr\\.wikipedia\\.org\\\/wiki\\\/R%C3%A9acteur_pressuris%C3%A9_europ%C3%A9en' target\\='_blank' rel\\='noopener'\\>\\<em\\>Voir ici la fiche Wikipedia <span class='tooltipsall tooltip_post_id_5579 classtoolTips196'>EPR<\/span>\\<\\\/em\\>\\<\\\/a\\>\"; toolTips('.classtoolTips196',tt_store_content,'5579'); <\/script><script type=\"text\/javascript\"> var tt_store_content = \"\\<p\\><span class='tooltipsall tooltip_post_id_21204 classtoolTips199'>COV<\/span> \\= Compos\u00e9 Organique Volatile\\<\\\/p\\>\"; toolTips('.classtoolTips199',tt_store_content,'21204'); <\/script><script type=\"text\/javascript\"> var tt_store_content = \"\\<p style\\='text\\-align\\: center;'\\>\\<strong\\>R\\<\\\/strong\\>\u00e9seau \\<strong\\>A\\<\\\/strong\\>ction \\<strong\\>C\\<\\\/strong\\>limat\\<\\\/p\\><br\/>Le r\u00e9seau Action Climat '\\<em\\>f\u00e9d\u00e8re les associations impliqu\u00e9es dans la lutte contre les changements climatiques et pour une transition \u00e9cologique, solidaire et \u00e9quitable\\<\\\/em\\>'\\.<br\/><br\/>\\<a href\\='https\\:\\\/\\\/reseauactionclimat\\.org\\\/' target\\='_blank' rel\\='noopener'\\>Voir le site du <span class='tooltipsall tooltip_post_id_4309 classtoolTips200'>RAC<\/span>\\<\\\/a\\>\"; toolTips('.classtoolTips200',tt_store_content,'4309'); <\/script><script type=\"text\/javascript\"> var tt_store_content = \"\\<p style\\='text\\-align\\: center;'\\>\\<strong\\>\\<span style\\='font\\-size\\: 14pt;'\\>R\\<\\\/span\\>\\<\\\/strong\\>\\<span style\\='font\\-size\\: 14pt;'\\>eferendum d'\\<strong\\>I\\<\\\/strong\\>nitiative \\<strong\\>C\\<\\\/strong\\>itoyenne\\<\\\/span\\>\\<\\\/p\\>\"; toolTips('.classtoolTips205',tt_store_content,'12268'); <\/script><script type=\"text\/javascript\"> var tt_store_content = \"\\<p\\><span class='tooltipsall tooltip_post_id_25844 classtoolTips208'>RTE<\/span> \\= R\u00e9seau de Transport d'Electricit\u00e9 est une filiale d'<span class='tooltipsall tooltip_post_id_7035 classtoolTips178'>EDF<\/span> qui est l'actionnaire majoritaire avec 50,1% des parts le reste \u00e9tant partag\u00e9 par la CDC et la CNP\\<\\\/p\\>\"; toolTips('.classtoolTips208',tt_store_content,'25844'); <\/script><script type=\"text\/javascript\"> var tt_store_content = \"\\<p style\\='text\\-align\\: center;'\\>\\<span style\\='font\\-size\\: 14pt;'\\>\\<strong\\>O\\<\\\/strong\\>rganisation\\<strong\\> N\\<\\\/strong\\>on\\<strong\\> G\\<\\\/strong\\>ouvernementale\\<\\\/span\\>\\<\\\/p\\><br\/>Une organisation non gouvernementale \\(<span class='tooltipsall tooltip_post_id_3579 classtoolTips210'>ONG<\/span>\\) est une \\<a title\\='Association \u00e0 but non lucratif' href\\='https\\:\\\/\\\/fr\\.wikipedia\\.org\\\/wiki\\\/Association_%C3%A0_but_non_lucratif' target\\='_blank' rel\\='noopener'\\>association \u00e0 but non lucratif\\<\\\/a\\>, d'int\u00e9r\u00eat public, qui ne rel\u00e8ve ni de l'\u00c9tat, ni d'institutions internationales\\<sup id\\='cite_ref\\-novethic_1\\-0' class\\='reference'\\>\\<\\\/sup\\>\\. Les ONG n'ont pas le statut de sujet de \\<a title\\='Droit international public' href\\='https\\:\\\/\\\/fr\\.wikipedia\\.org\\\/wiki\\\/Droit_international_public' target\\='_blank' rel\\='noopener'\\>droit international\\<\\\/a\\>\\.\"; toolTips('.classtoolTips210',tt_store_content,'3579'); <\/script><script type=\"text\/javascript\"> var tt_store_content = \"\\<p style\\='text\\-align\\: center;'\\>\\<span style\\='font\\-size\\: 14pt;'\\>\\<strong\\>O\\<\\\/strong\\>rganisation\\<strong\\> N\\<\\\/strong\\>on\\<strong\\> G\\<\\\/strong\\>ouvernementale\\<\\\/span\\>\\<\\\/p\\><br\/>Une organisation non gouvernementale \\(ONG\\) est une \\<a title\\='Association \u00e0 but non lucratif' href\\='https\\:\\\/\\\/fr\\.wikipedia\\.org\\\/wiki\\\/Association_%C3%A0_but_non_lucratif' target\\='_blank' rel\\='noopener'\\>association \u00e0 but non lucratif\\<\\\/a\\>, d'int\u00e9r\u00eat public, qui ne rel\u00e8ve ni de l'\u00c9tat, ni d'institutions internationales\\<sup id\\='cite_ref\\-novethic_1\\-0' class\\='reference'\\>\\<\\\/sup\\>\\. Les ONG n'ont pas le statut de sujet de \\<a title\\='Droit international public' href\\='https\\:\\\/\\\/fr\\.wikipedia\\.org\\\/wiki\\\/Droit_international_public' target\\='_blank' rel\\='noopener'\\>droit international\\<\\\/a\\>\\.\"; toolTips('.classtoolTips210',tt_store_content,'3579'); <\/script><script type=\"text\/javascript\"> var tt_store_content = \"\\<p\\><span class='tooltipsall tooltip_post_id_24572 classtoolTips211'>MIT<\/span> \\= Massachussets Institute of Technology, prestigieuse universit\u00e9 am\u00e9ricaine de la c\u00f4te est\\<\\\/p\\>\"; toolTips('.classtoolTips211',tt_store_content,'24572'); <\/script><script type=\"text\/javascript\"> var tt_store_content = \"\\<p style\\='text\\-align\\: center;'\\>\\<strong\\>J\\<\\\/strong\\>eux \\<strong\\>O\\<\\\/strong\\>lympiques<br\/>ou<br\/>\\<strong\\>J\\<\\\/strong\\>ournal \\<strong\\>O\\<\\\/strong\\>fficiel de la R\u00e9publique Fran\u00e7aise\\<\\\/p\\>\"; toolTips('.classtoolTips213',tt_store_content,'4451'); <\/script><script type=\"text\/javascript\"> var tt_store_content = \"\\<p\\><span class='tooltipsall tooltip_post_id_30593 classtoolTips214'>RN<\/span> \\= Rassemble National, c'est le parti d'extr\u00eame droite de Marine Le Pen qui succ\u00e8de au FN \\= Front National fond\u00e9 par son p\u00e8re Jean Marie Le Pen\\<\\\/p\\>\"; toolTips('.classtoolTips214',tt_store_content,'30593'); <\/script><script type=\"text\/javascript\"> var tt_store_content = \"\\<p style\\='text\\-align\\: center;'\\>\\<span style\\='font\\-size\\: 14pt;'\\>\\<strong\\>C\\<\\\/strong\\>entre \\<strong\\>H\\<\\\/strong\\>ospitalier\\<\\\/span\\>\\<\\\/p\\>\"; toolTips('.classtoolTips220',tt_store_content,'18357'); <\/script><script type=\"text\/javascript\"> var tt_store_content = \"\\<p\\>D\u00e9chets radioactifs \u00e0 Haute Activit\u00e9 \\(classement <span class='tooltipsall tooltip_post_id_3612 classtoolTips79'>ANDRA<\/span>\\)\\<\\\/p\\>\"; toolTips('.classtoolTips223',tt_store_content,'19196'); <\/script>","protected":false},"excerpt":{"rendered":"<p>Dire : \u00ab d\u00e9serts m\u00e9dicaux \u00bb sugg\u00e8re qu\u2019il y aurait des territoires totalement d\u00e9laiss\u00e9s par les professionnels de sant\u00e9, particuli\u00e8rement les m\u00e9decins, et d\u2019autres pourvus correctement. Qu\u2019en est-il en r\u00e9alit\u00e9 ? Partons des faits :<script type=\"text\/javascript\"> var tt_store_content = \"En France, il existe deux moyens principaux pour cr\u00e9er ou modifier une loi\\:<br \/>\\<ul\\> \t\\<li\\>le \\<strong\\><span class='tooltipsall tooltip_post_id_6375 classtoolTips9'>projet de loi<\/span>\\<\\\/strong\\>, qui \u00e9mane du gouvernement,\\<\\\/li\\><br \/> \t\\<li\\>la \\<strong\\><span class='tooltipsall tooltip_post_id_6375 classtoolTips9'>proposition de loi<\/span>\\<\\\/strong\\>, qui \u00e9mane d'un ou plusieurs parlementaires\\. &nbsp;\\<\\\/li\\><br \/>\\<\\\/ul\\>\"; toolTips('.classtoolTips9',tt_store_content,'6375'); <\/script><script type=\"text\/javascript\"> var tt_store_content = \"En France, il existe deux moyens principaux pour cr\u00e9er ou modifier une loi\\:<br \/>\\<ul\\> \t\\<li\\>le \\<strong\\>projet de loi\\<\\\/strong\\>, qui \u00e9mane du gouvernement,\\<\\\/li\\><br \/> \t\\<li\\>la \\<strong\\>proposition de loi\\<\\\/strong\\>, qui \u00e9mane d'un ou plusieurs parlementaires\\. &nbsp;\\<\\\/li\\><br \/>\\<\\\/ul\\>\"; toolTips('.classtoolTips9',tt_store_content,'6375'); <\/script><script type=\"text\/javascript\"> var tt_store_content = \"\\<\/p>\n<p style\\='text\\-align\\: center;'\\>\\<span style\\='font\\-size\\: 14pt;'\\>\\<strong\\>T\\<\\\/strong\\>raitement\\<strong\\> D\\<\\\/strong\\>es\\<strong\\> N\\<\\\/strong\\>itrates\\<strong\\> \\(<span class='tooltipsall tooltip_post_id_3610 classtoolTips37'>TDN<\/span>\\)<br \/>TH\\<\\\/strong\\>ermal\\<strong\\> O\\<\\\/strong\\>rganic\\<strong\\> R\\<\\\/strong\\>eduction\\<strong\\> \\(<span class='tooltipsall tooltip_post_id_3610 classtoolTips37'>THOR<\/span>\\)\\<\\\/strong\\>\\<\\\/span\\>\\<\\\/p\\><br \/>\\<\/p>\n<p style\\='text\\-align\\: justify;'\\>Proc\u00e9d\u00e9 envisag\u00e9 par la soci\u00e9t\u00e9 AREVA pour retraiter les d\u00e9chets nitrat\u00e9s et radio\\-actifs issus de son activit\u00e9 d'enrichissement de l'uranium, phase I de la pr\u00e9paration du combustible des centrales nucl\u00e9aires\\.\\<\\\/p\\><br \/>\\<\/p>\n<p style\\='text\\-align\\: justify;'\\>Cette activit\u00e9 est mise en \u0153uvre dans l'usine de Malv\u00e9si \u00e0 quelques kilom\u00e8tres de Narbonne\\.\\<\\\/p\\><br \/>\\<\/p>\n<p style\\='text\\-align\\: justify;'\\>Ce proc\u00e9d\u00e9, potentiellement tr\u00e8s toxique pour la sant\u00e9 et l'environnement, est au centre d'une vive opposition de la part des riverains et \u00e0 laquelle le Clairon s'associe \\(\\<a href\\='https\\:\\\/\\\/le\\-clairon\\-nouveau\\.fr\\\/wordpress\\\/dossiers\\\/dossier\\-malvesi\\-areva\\\/' target\\='_blank' rel\\='noopener'\\>voir notre dossier\\<\\\/a\\> sur le sujet\\)\\.\\<\\\/p\\>\"; toolTips('.classtoolTips37',tt_store_content,'3610'); <\/script><script type=\"text\/javascript\"> var tt_store_content = \"\\<p\\><span class='tooltipsall tooltip_post_id_19946 classtoolTips72'>COLERE<\/span> \\= Collectif pour l'Environnement des Riverains Elisyques \u00e0 Narbonne\\<\\\/p\\>\"; toolTips('.classtoolTips72',tt_store_content,'19946'); <\/script><script type=\"text\/javascript\"> var tt_store_content = \"\\<span class\\='st'\\>L'Institut National de la Statistique et des Etudes Economiques collecte, produit, analyse et diffuse des informations sur l'\u00e9conomie et la soci\u00e9t\u00e9 fran\u00e7aises\\.\\<\\\/span\\>\"; toolTips('.classtoolTips82',tt_store_content,'6978'); <\/script><script type=\"text\/javascript\"> var tt_store_content = \"\\<span class\\='st'\\>L'Institut National de la Statistique et des Etudes Economiques collecte, produit, analyse et diffuse des informations sur l'\u00e9conomie et la soci\u00e9t\u00e9 fran\u00e7aises\\.\\<\\\/span\\>\"; toolTips('.classtoolTips82',tt_store_content,'6978'); <\/script><script type=\"text\/javascript\"> var tt_store_content = \"\\<\/p>\n<p style\\='text\\-align\\: center;'\\>\\<span style\\='font\\-size\\: 14pt;'\\>\\<strong\\>C\\<\\\/strong\\>r\u00e9dit d'Imp\u00f4t pour la \\<strong\\>C\\<\\\/strong\\>omp\u00e9titivit\u00e9 et l'\\<strong\\>E\\<\\\/strong\\>mploi\\<\\\/span\\>\\<\\\/p\\><br \/>\\<\/p>\n<p style\\='text\\-align\\: justify;'\\>Mesure mise en place par le gouvernement de Jean\\-Marc Ayrault, en 2012 et entr\u00e9e en vigueur le 1\\<sup\\>er\\<\\\/sup\\> Janvier 2013, sous la pr\u00e9sidence de Fran\u00e7ois Hollande, visant \u00e0 soutenir les entreprises fran\u00e7aises par un all\u00e8gement des charges li\u00e9es aux salaires inf\u00e9rieurs \u00e0 2,5 SMIC\\. Le but de cette mesure, tr\u00e8s co\u00fbteuse pour la collectivit\u00e9 \\(13 mds \u20ac en 2013 et 20 mds&nbsp; \u20ac en 2014\\), \u00e9tait de dynamiser les embauches par les entreprises\\.<br \/>Dans les faits, elle aurait surtout servi aux entreprises \u00e0 reconstituer leurs marges et cela d'autant plus facilement qu'elle n'\u00e9tait assortie d'aucun contr\u00f4le du respect, par les entreprises, des conditions d'\u00e9ligibilit\u00e9\\.\\<\\\/p\\><br \/>\\<a href\\='https\\:\\\/\\\/fr\\.wikipedia\\.org\\\/wiki\\\/Cr%C3%A9dit_d%27imp%C3%B4t_pour_la_comp%C3%A9titivit%C3%A9_et_l%27emploi' target\\='_blank' rel\\='noopener'\\>Acc\u00e9der ici \u00e0 la fiche Wikipedia sur le <span class='tooltipsall tooltip_post_id_5648 classtoolTips102'>CICE<\/span>\\<\\\/a\\>\"; toolTips('.classtoolTips102',tt_store_content,'5648'); <\/script><script type=\"text\/javascript\"> var tt_store_content = \"\\<\/p>\n<p style\\='text\\-align\\: center;'\\>\\<span style\\='font\\-size\\: 14pt;'\\>\\<strong\\>C\\<\\\/strong\\>ontribution pour le \\<strong\\>R\\<\\\/strong\\>emboursement de la \\<strong\\>D\\<\\\/strong\\>ette \\<strong\\>S\\<\\\/strong\\>ociale\\<\\\/span\\>\\<\\\/p\\><br \/>Imp\u00f4t fran\u00e7ais cr\u00e9\u00e9 en 1996 dans le but de r\u00e9sorber l'endettement de la S\u00e9curit\u00e9 Sociale\\. Elle a \u00e9t\u00e9 cr\u00e9\u00e9e par l'ordonnance no&nbsp;96\\-50 du 24 janvier 1996\\.<\/p>\n<p>\\<a href\\='https\\:\\\/\\\/fr\\.wikipedia\\.org\\\/wiki\\\/Contribution_pour_le_remboursement_de_la_dette_sociale' target\\='_blank' rel\\='noopener'\\>Acc\u00e9der ici \u00e0 la fiche Wikipedia traitant de la <span class='tooltipsall tooltip_post_id_5688 classtoolTips111'>CRDS<\/span>\\<\\\/a\\>\"; toolTips('.classtoolTips111',tt_store_content,'5688'); <\/script><script type=\"text\/javascript\"> var tt_store_content = \"\\<\/p>\n<p style\\='text\\-align\\: center;'\\>\\<span style\\='font\\-size\\: 14pt;'\\>\\<strong\\>C\\<\\\/strong\\>aisse \\<strong\\>N\\<\\\/strong\\>ationale de \\<strong\\>S\\<\\\/strong\\>olidarit\u00e9 pour l'\\<strong\\>A\\<\\\/strong\\>utonomie\\<\\\/span\\>\\<\\\/p\\>\"; toolTips('.classtoolTips131',tt_store_content,'18354'); <\/script><script type=\"text\/javascript\"> var tt_store_content = \"\\<p\\><span class='tooltipsall tooltip_post_id_19394 classtoolTips134'>SAGE<\/span> \\= \\<span class\\='st'\\> sch\u00e9ma d'am\u00e9nagement et de gestion de l'eau\\<\\\/span\\> , c'est un outil de planification qui concerne l'ensemble des eaux situ\u00e9es dans un bassin versant\\<\\\/p\\>\"; toolTips('.classtoolTips134',tt_store_content,'19394'); <\/script><script type=\"text\/javascript\"> var tt_store_content = \"\\<\/p>\n<p style\\='text\\-align\\: center;'\\>\\<strong\\>\\<span style\\='font\\-size\\: 14pt;'\\>S\\<\\\/span\\>\\<\\\/strong\\>\\<span style\\='font\\-size\\: 14pt;'\\>oci\u00e9t\u00e9 d'\\<strong\\>\u00c9\\<\\\/strong\\>conomie \\<strong\\>M\\<\\\/strong\\>ixte\\<\\\/span\\>\\<\\\/p\\><br \/>\\<\/p>\n<p style\\='text\\-align\\: justify;'\\>En France, une soci\u00e9t\u00e9 d'\u00e9conomie mixte est une soci\u00e9t\u00e9 anonyme dont le capital est majoritairement d\u00e9tenu par une ou plusieurs personnes publiques \\(\u00e0 savoir l'\u00c9tat, une Collectivit\u00e9 territoriale, ou tout autre \u00c9tablissement public\\)\\. Cette participation majoritaire publique est plafonn\u00e9e \u00e0 85&nbsp;% du capital depuis la Loi du 2 janvier 2002\\. Au moins une personne priv\u00e9e doit participer au capital de la <span class='tooltipsall tooltip_post_id_7168 classtoolTips142'>SEM<\/span>, sachant qu'il peut s'agir d'une autre SEM\\.\\<\\\/p\\><br \/>\\<\/p>\n<p style\\='text\\-align\\: justify;'\\>\\<strong\\>Le recours \u00e0 la SEM garantit\\<\\\/strong\\> \u00e0 la collectivit\u00e9 publique actionnaire et cocontractante \\<strong\\>la prise en compte effective de l'int\u00e9r\u00eat g\u00e9n\u00e9ral\\<\\\/strong\\> dans les objectifs de l'entreprise \\<strong\\>et la souplesse de la soci\u00e9t\u00e9 de droit priv\u00e9\\<\\\/strong\\>\\.\\<\\\/p\\><br \/>\\<em\\>\\<a href\\='https\\:\\\/\\\/fr\\.wikipedia\\.org\\\/wiki\\\/Soci%C3%A9t%C3%A9_d%27%C3%A9conomie_mixte' target\\='_blank' rel\\='noopener'\\>Voir ici la page Wikipedia consacr\u00e9e aux SEM\\<\\\/a\\> \\<\\\/em\\><\/p>\n<p>&nbsp;\"; toolTips('.classtoolTips142',tt_store_content,'7168'); <\/script><script type=\"text\/javascript\"> var tt_store_content = \"\\<\/p>\n<p style\\='text\\-align\\: center;'\\>\\<span style\\='font\\-size\\: 14pt;'\\>\\<strong\\>I\\<\\\/strong\\>mp\u00f4t sur la \\<strong\\>F\\<\\\/strong\\>ortune \\<strong\\>I\\<\\\/strong\\>mmobili\u00e8re\\<\\\/span\\>\\<\\\/p\\>\"; toolTips('.classtoolTips148',tt_store_content,'5643'); <\/script><script type=\"text\/javascript\"> var tt_store_content = \"\\<\/p>\n<p style\\='text\\-align\\: center;'\\>\\<span style\\='font\\-size\\: 14pt;'\\>\\<strong\\>\u00c9\\<\\\/strong\\>tablissement \\<strong\\>F\\<\\\/strong\\>ran\u00e7ais du \\<strong\\>S\\<\\\/strong\\>ang\\<\\\/span\\>\\<\\\/p\\><br \/>\\<p\\>\\<a href\\='https\\:\\\/\\\/www\\.efs\\.sante\\.fr\\\/' target\\='_blank' rel\\='noopener noreferrer'\\>\\<em\\>Acc\u00e9der ici au site de l'<span class='tooltipsall tooltip_post_id_21261 classtoolTips150'>EFS<\/span>\\<\\\/em\\>\\<\\\/a\\>\\<\\\/p\\>\"; toolTips('.classtoolTips150',tt_store_content,'21261'); <\/script><script type=\"text\/javascript\"> var tt_store_content = \"\\<\/p>\n<p style\\='text\\-align\\: center;'\\>\\<span style\\='font\\-size\\: 14pt;'\\>\\<strong\\>C\\<\\\/strong\\>ontribution \\<strong\\>S\\<\\\/strong\\>ociale \\<strong\\>G\\<\\\/strong\\>\u00e9n\u00e9ralis\u00e9e\\<\\\/span\\>\\<\\\/p\\><br \/>\\<a href\\='https\\:\\\/\\\/fr\\.wikipedia\\.org\\\/wiki\\\/Contribution_sociale_g%C3%A9n%C3%A9ralis%C3%A9e' target\\='_blank' rel\\='noopener'\\>Acc\u00e9der ici \u00e0 la fiche Wikipedia de la <span class='tooltipsall tooltip_post_id_5647 classtoolTips151'>CSG<\/span>\\<\\\/a\\><br \/>\\<a href\\='http\\:\\\/\\\/www\\.vie\\-publique\\.fr\\\/decouverte\\-institutions\\\/finances\\-publiques\\\/protection\\-sociale\\\/financement\\\/qu\\-est\\-ce\\-que\\-csg\\.html' target\\='_blank' rel\\='noopener'\\>Voir ici la d\u00e9finition de la CSG selon le site vie\\-publique\\.fr\\<\\\/a\\>\"; toolTips('.classtoolTips151',tt_store_content,'5647'); <\/script><script type=\"text\/javascript\"> var tt_store_content = \"\\<\/p>\n<p style\\='text\\-align\\: center;'\\>\\<span style\\='font\\-size\\: 14pt;'\\>\\<strong\\>R\\<\\\/strong\\>evenu de \\<strong\\>S\\<\\\/strong\\>olidarit\u00e9 \\<strong\\>A\\<\\\/strong\\>ctive\\<\\\/span\\>\\<\\\/p\\><br \/>\\<\/p>\n<p style\\='text\\-align\\: justify;'\\>Le revenu de solidarit\u00e9 active est une prestation sociale fran\u00e7aise, g\u00e9r\u00e9e par les conseils d\u00e9partementaux, vers\u00e9e par les <span class='tooltipsall tooltip_post_id_5652 classtoolTips155'>CAF<\/span> et les MSA et destin\u00e9e \u00e0 garantir \u00e0 ses b\u00e9n\u00e9ficiaires, qu'ils aient ou non la capacit\u00e9 de travailler, un revenu minimum, avec en contrepartie une obligation de chercher un emploi ou de d\u00e9finir et suivre un projet professionnel visant \u00e0 am\u00e9liorer sa situation financi\u00e8re\\.\\<\\\/p\\><br \/>\\<\/p>\n<p style\\='text\\-align\\: justify;'\\>Cette prestation sociale a \u00e9t\u00e9 mise en place en 2009, en remplacement du RMI \\(revenu minimum d'insertion\\), mis en place en 1988\\.\\<\\\/p\\><br \/>\\<\/p>\n<p style\\='text\\-align\\: justify;'\\>En 2016, 2,5 millions de personnes \u00e9taient b\u00e9n\u00e9ficiaires du <span class='tooltipsall tooltip_post_id_5651 classtoolTips154'>RSA<\/span>\\.\\<\\\/p\\><br \/>\\<em\\>\\<a href\\='https\\:\\\/\\\/fr\\.wikipedia\\.org\\\/wiki\\\/Revenu_de_solidarit%C3%A9_active' target\\='_blank' rel\\='noopener'\\>Acc\u00e9der ici \u00e0 la fiche Wikipedia traitant du RSA\\<\\\/a\\><br \/>\\<a href\\='https\\:\\\/\\\/www\\.insee\\.fr\\\/fr\\\/metadonnees\\\/definition\\\/c1718' target\\='_blank' rel\\='noopener'\\>Acc\u00e9der ici \u00e0 la d\u00e9finition du RSA fournie par l'<span class='tooltipsall tooltip_post_id_6978 classtoolTips82'>INSEE<\/span>\\<\\\/a\\>\\<\\\/em\\>\"; toolTips('.classtoolTips154',tt_store_content,'5651'); <\/script><script type=\"text\/javascript\"> var tt_store_content = \"\\<\/p>\n<p style\\='text\\-align\\: center;'\\>\\<span style\\='font\\-size\\: 14pt;'\\>\\<strong\\>R\\<\\\/strong\\>\u00e9pertoire \\<strong\\>N\\<\\\/strong\\>ational des \\<strong\\>A\\<\\\/strong\\>ssociations\\<\\\/span\\>\\<\\\/p\\>\"; toolTips('.classtoolTips159',tt_store_content,'24374'); <\/script><script type=\"text\/javascript\"> var tt_store_content = \"\\<\/p>\n<p style\\='text\\-align\\: center;'\\>\\<strong\\>\\<span style\\='font\\-size\\: 14pt;'\\>G\\<\\\/span\\>\\<\\\/strong\\>\\<span style\\='font\\-size\\: 14pt;'\\>az \u00e0 \\<strong\\>E\\<\\\/strong\\>ffet de \\<strong\\>S\\<\\\/strong\\>erre\\<\\\/span\\>\\<\\\/p\\><br \/>\\<\/p>\n<p style\\='text\\-align\\: justify;'\\>Les gaz \u00e0 effet de serre \\(<span class='tooltipsall tooltip_post_id_7232 classtoolTips161'>GES<\/span>\\) sont des composants gazeux qui absorbent le rayonnement infrarouge \u00e9mis par la surface terrestre et contribuent \u00e0 l'effet de serre\\. L'augmentation de leur concentration dans l'atmosph\u00e8re terrestre est l'un des facteurs \u00e0 l'origine du r\u00e9chauffement climatique\\.\\<\\\/p\\><br \/>\\<a href\\='https\\:\\\/\\\/fr\\.wikipedia\\.org\\\/wiki\\\/Gaz_%C3%A0_effet_de_serre' target\\='_blank' rel\\='noopener'\\>\\<em\\>Voir ici la fiche Wikipedia sur les gaz \u00e0 effet de serre\\<\\\/em\\>\\<\\\/a\\>\"; toolTips('.classtoolTips161',tt_store_content,'7232'); <\/script><script type=\"text\/javascript\"> var tt_store_content = \"\\<\/p>\n<p style\\='text\\-align\\: justify'\\>La \u00ab\u00a0\\<b\\>programmation pluriannuelle de l'\u00e9nergie\\<\\\/b\\>\u00a0\u00bb \\(<span class='tooltipsall tooltip_post_id_7750 classtoolTips164'>PPE<\/span>\\) est, en France, un document strat\u00e9gique de pilotage de la transition \u00e9nerg\u00e9tique\\. Institu\u00e9e par l'article 176 de la \\<a title\\='Loi relative \u00e0 la transition \u00e9nerg\u00e9tique pour la croissance verte' href\\='https\\:\\\/\\\/fr\\.wikipedia\\.org\\\/wiki\\\/Loi_relative_%C3%A0_la_transition_%C3%A9nerg%C3%A9tique_pour_la_croissance_verte'\\>loi de transition \u00e9nerg\u00e9tique\\<\\\/a\\> \\(TECV\\), elle fixe une trajectoire pour le \\<a title\\='Mix \u00e9nerg\u00e9tique' href\\='https\\:\\\/\\\/fr\\.wikipedia\\.org\\\/wiki\\\/Mix_%C3%A9nerg%C3%A9tique'\\>mix \u00e9nerg\u00e9tique\\<\\\/a\\>, ainsi que \\<span class\\='citation'\\>\u00ab\u00a0les priorit\u00e9s d'action pour la gestion de l\u2019ensemble des formes d'\u00e9nergie sur le territoire m\u00e9tropolitain continental, afin d\u2019atteindre les objectifs nationaux fix\u00e9s par la loi\u00a0\u00bb\\<\\\/span\\>\\. \\(Wikip\u00e9dia\\)\\<\\\/p\\>\"; toolTips('.classtoolTips164',tt_store_content,'7750'); <\/script><script type=\"text\/javascript\"> var tt_store_content = \"\\<\/p>\n<p style\\='text\\-align\\: justify'\\>La \u00ab\u00a0\\<b\\>programmation pluriannuelle de l'\u00e9nergie\\<\\\/b\\>\u00a0\u00bb \\(PPE\\) est, en France, un document strat\u00e9gique de pilotage de la transition \u00e9nerg\u00e9tique\\. Institu\u00e9e par l'article 176 de la \\<a title\\='Loi relative \u00e0 la transition \u00e9nerg\u00e9tique pour la croissance verte' href\\='https\\:\\\/\\\/fr\\.wikipedia\\.org\\\/wiki\\\/Loi_relative_%C3%A0_la_transition_%C3%A9nerg%C3%A9tique_pour_la_croissance_verte'\\>loi de transition \u00e9nerg\u00e9tique\\<\\\/a\\> \\(TECV\\), elle fixe une trajectoire pour le \\<a title\\='Mix \u00e9nerg\u00e9tique' href\\='https\\:\\\/\\\/fr\\.wikipedia\\.org\\\/wiki\\\/Mix_%C3%A9nerg%C3%A9tique'\\>mix \u00e9nerg\u00e9tique\\<\\\/a\\>, ainsi que \\<span class\\='citation'\\>\u00ab\u00a0les priorit\u00e9s d'action pour la gestion de l\u2019ensemble des formes d'\u00e9nergie sur le territoire m\u00e9tropolitain continental, afin d\u2019atteindre les objectifs nationaux fix\u00e9s par la loi\u00a0\u00bb\\<\\\/span\\>\\. \\(Wikip\u00e9dia\\)\\<\\\/p\\>\"; toolTips('.classtoolTips164',tt_store_content,'7750'); <\/script><script type=\"text\/javascript\"> var tt_store_content = \"\\<\/p>\n<p style\\='text\\-align\\: justify;'\\>Le Conseil d'Orientation des Retraites est une instance qui r\u00e9unit &nbsp;\\<span class\\='st'\\>les principaux acteurs du champ des retraites\\<\\\/span\\> et effectue un travail d'\u00e9tudes et de concertation\\. Compos\u00e9 de parlementaires, de repr\u00e9sentants des organisations professionnelles et syndicales, des retrait\u00e9s et des familles, de membres de l'administration et d'experts, le Conseil d'orientation des retraites \\(<span class='tooltipsall tooltip_post_id_7751 classtoolTips165'>COR<\/span>\\) est plac\u00e9 aupr\u00e8s du Premier ministre\\.\\<\\\/p\\>\"; toolTips('.classtoolTips165',tt_store_content,'7751'); <\/script><script type=\"text\/javascript\"> var tt_store_content = \"\\<\/p>\n<p style\\='text\\-align\\: center;'\\>\\<span style\\='font\\-size\\: 14pt;'\\>\\<strong\\>O\\<\\\/strong\\>rganisation \\<strong\\>M\\<\\\/strong\\>\u00e9t\u00e9orologique \\<strong\\>M\\<\\\/strong\\>ondiale<br \/>\\<strong\\>W\\<\\\/strong\\>orld \\<strong\\>M\\<\\\/strong\\>eteorological \\<strong\\>O\\<\\\/strong\\>rganization\\<\\\/span\\>\\<\\\/p\\><br \/>&nbsp;<\/p>\n<p>\\<a href\\='https\\:\\\/\\\/public\\.wmo\\.int\\\/fr' target\\='_blank' rel\\='noopener'\\>\\<em\\>Acc\u00e9der ici au site de l'organisation\\<\\\/em\\>\\<\\\/a\\>\"; toolTips('.classtoolTips168',tt_store_content,'7763'); <\/script><script type=\"text\/javascript\"> var tt_store_content = \"\\<\/p>\n<p style\\='text\\-align\\: center;'\\>\\<span style\\='font\\-size\\: 14pt;'\\>\\<strong\\>\u00c9\\<\\\/strong\\>cole \\<strong\\>N\\<\\\/strong\\>ationale d'\\<strong\\>A\\<\\\/strong\\>dministration\\<\\\/span\\>\\<\\\/p\\>\"; toolTips('.classtoolTips170',tt_store_content,'5213'); <\/script><script type=\"text\/javascript\"> var tt_store_content = \"\\<\/p>\n<p style\\='text\\-align\\: center;'\\>\\<span style\\='font\\-size\\: 14pt;'\\>\u00c9cole des<br \/>\\<strong\\>H\\<\\\/strong\\>autes \\<strong\\>\u00c9\\<\\\/strong\\>tudes \\<strong\\>C\\<\\\/strong\\>ommerciales\\<\\\/span\\>\\<\\\/p\\>\"; toolTips('.classtoolTips171',tt_store_content,'5214'); <\/script><script type=\"text\/javascript\"> var tt_store_content = \"\\<\/p>\n<p style\\='text\\-align\\: justify'\\>\\<span class\\='ILfuVd'\\>La politique agricole commune \\(\\<b\\><span class='tooltipsall tooltip_post_id_11364 classtoolTips174'>PAC<\/span>\\<\\\/b\\>\\) est une politique mise en place \u00e0 l'\u00e9chelle de l'Union europ\u00e9enne\\. \u00c0 l'origine, elle est fond\u00e9e principalement sur des mesures de contr\u00f4le des prix et de subventionnement, visant \u00e0 moderniser et d\u00e9velopper l'agriculture\\.\\<\\\/span\\> \\(source Wikipedia\\)\\<\\\/p\\>\"; toolTips('.classtoolTips174',tt_store_content,'11364'); <\/script><script type=\"text\/javascript\"> var tt_store_content = \"\\<\/p>\n<p style\\='text\\-align\\: center;'\\>\\<span style\\='font\\-size\\: 14pt;'\\>\\<strong\\>P\\<\\\/strong\\>\\<\\\/span\\>\\<span style\\='font\\-size\\: 14pt;'\\>lan \\<strong\\>L\\<\\\/strong\\>\\<\\\/span\\>\\<span style\\='font\\-size\\: 14pt;'\\>ocal d'\\<strong\\>U\\<\\\/strong\\>\\<\\\/span\\>\\<span style\\='font\\-size\\: 14pt;'\\>rbanisme\\<\\\/span\\>\\<\\\/p\\><br \/>&nbsp;\"; toolTips('.classtoolTips176',tt_store_content,'4979'); <\/script><script type=\"text\/javascript\"> var tt_store_content = \"\\<p\\>Conseil \u00c9conomique et Social\\<\\\/p\\>\"; toolTips('.classtoolTips180',tt_store_content,'29829'); <\/script><script type=\"text\/javascript\"> var tt_store_content = \"\\<p\\><span class='tooltipsall tooltip_post_id_19888 classtoolTips186'>CEA<\/span> \\= Commissariat \u00e0 l'Energie Atomique et aux Energies Alternatives\\. C' est un organisme administratif\u00a0 fran\u00e7ais de recherche scientifique dans les domaines de l'\u00e9nergie , la d\u00e9fense, les technologies de l'information et de la communication, des sciences de la mati\u00e8re, de la vie, de la sant\u00e9\\.\\.\\.\\<\\\/p\\><br \/>\\<p\\>&nbsp;\\<\\\/p\\>\"; toolTips('.classtoolTips186',tt_store_content,'19888'); <\/script><script type=\"text\/javascript\"> var tt_store_content = \"\\<\/p>\n<p style\\='text\\-align\\: center;'\\>\\<span style\\='font\\-size\\: 14pt;'\\>\\<strong\\>A\\<\\\/strong\\>gence \\<strong\\>R\\<\\\/strong\\>\u00e9gionale de \\<strong\\>S\\<\\\/strong\\>ant\u00e9\\<\\\/span\\>\\<\\\/p\\>\"; toolTips('.classtoolTips188',tt_store_content,'18356'); <\/script><script type=\"text\/javascript\"> var tt_store_content = \"\\<\/p>\n<p style\\='text\\-align\\: center;'\\>\\<span style\\='font\\-size\\: 14pt;'\\>\\<strong\\>G\\<\\\/strong\\>roupement \\<strong\\>H\\<\\\/strong\\>ospitalier de \\<strong\\>T\\<\\\/strong\\>erritoire\\<\\\/span\\>\\<\\\/p\\><br \/>\\<\/p>\n<p style\\='text\\-align\\: justify;'\\>Les groupements hospitaliers de territoires, dispositif pr\u00e9vu par la loi de sant\u00e9 2016, sont un nouveau mode de coop\u00e9ration entre les \u00e9tablissements publics de sant\u00e9 \u00e0 l\u2019\u00e9chelle d\u2019un territoire\\<\\\/p\\>\"; toolTips('.classtoolTips189',tt_store_content,'18358'); <\/script><script type=\"text\/javascript\"> var tt_store_content = \"\\<\/p>\n<p style\\='text\\-align\\: center;'\\>\\<span style\\='font\\-size\\: 14pt;'\\>\\<strong\\>C\\<\\\/strong\\>omit\u00e9 \\<strong\\>T\\<\\\/strong\\>echnique d'\\<strong\\>\u00c9\\<\\\/strong\\>tablissement\\<\\\/span\\>\\<\\\/p\\>\"; toolTips('.classtoolTips191',tt_store_content,'18359'); <\/script><script type=\"text\/javascript\"> var tt_store_content = \"\\<\/p>\n<p style\\='text\\-align\\: center;'\\>\\<strong\\>\\<span style\\='font\\-size\\: 14pt;'\\>P\\<\\\/span\\>\\<\\\/strong\\>\\<span style\\='font\\-size\\: 14pt;'\\>rogrammation \\<strong\\>P\\<\\\/strong\\>luri\\-annuelle de l'\\<strong\\>\u00c9\\<\\\/strong\\>nergie\\<\\\/span\\>\\<\\\/p\\><br \/>La PPE est est en France un document strat\u00e9gique de pilotage de la transition \u00e9nerg\u00e9tique\\. Institu\u00e9e par l'article 176 de la loi transition \u00e9nerg\u00e9tique \\(TECV\\)\\. Elle fixe \\(par \u00e9nergie\\) une trajectoire pour le mix \u00e9nerg\u00e9tique, ainsi que \u00ab&nbsp;\\<em\\>les priorit\u00e9s d'action pour la gestion de l\u2019ensemble des formes d'\u00e9nergie sur le territoire m\u00e9tropolitain continental, afin d\u2019atteindre les objectifs nationaux fix\u00e9s par la loi\\<\\\/em\\>&nbsp;\u00bb\\.<\/p>\n<p>Initi\u00e9e en 2016, elle est r\u00e9vis\u00e9e en 2018 puis ensuite tous les 5 ans\\.<\/p>\n<p>\\<a href\\='https\\:\\\/\\\/fr\\.wikipedia\\.org\\\/wiki\\\/Programmation_pluriannuelle_de_l'\u00e9nergi' target\\='_blank' rel\\='noopener'\\>\\<em\\>Voir ici la page Wikipedia consacr\u00e9e \u00e0 la PPE\\<\\\/em\\>\\<\\\/a\\><br \/>\\<a href\\='https\\:\\\/\\\/ppe\\.debatpublic\\.fr\\\/' target\\='_blank' rel\\='noopener'\\>\\<em\\>Voir ici la page du site 'Commission du D\u00e9bat Public' consacr\u00e9e \u00e0 la PPE\\<\\\/em\\>\\<\\\/a\\>\"; toolTips('.classtoolTips193',tt_store_content,'7102'); <\/script><script type=\"text\/javascript\"> var tt_store_content = \"\\<\/p>\n<p style\\='text\\-align\\: center;'\\>\\<span style\\='font\\-size\\: 14pt;'\\>\\<strong\\>E\\<\\\/strong\\>volutionary \\<strong\\>P\\<\\\/strong\\>ower \\<strong\\>R\\<\\\/strong\\>eactor\\<\\\/span\\>\\<\\\/p\\><br \/>\\<\/p>\n<p style\\='text\\-align\\: justify;'\\>R\u00e9acteur nucl\u00e9aire de troisi\u00e8me g\u00e9n\u00e9ration \\(classification internationale\\), con\u00e7u et d\u00e9velopp\u00e9 par <span class='tooltipsall tooltip_post_id_5121 classtoolTips35'>Areva NP<\/span>&nbsp; au cours des ann\u00e9es 1990 et 2000\\. Il fait partie de la fili\u00e8re des r\u00e9acteurs \u00e0 eau pressuris\u00e9e\\.\\<\\\/p\\><br \/>\\<a href\\='https\\:\\\/\\\/fr\\.wikipedia\\.org\\\/wiki\\\/R%C3%A9acteur_pressuris%C3%A9_europ%C3%A9en' target\\='_blank' rel\\='noopener'\\>\\<em\\>Voir ici la fiche Wikipedia <span class='tooltipsall tooltip_post_id_5579 classtoolTips196'>EPR<\/span>\\<\\\/em\\>\\<\\\/a\\>\"; toolTips('.classtoolTips196',tt_store_content,'5579'); <\/script><script type=\"text\/javascript\"> var tt_store_content = \"\\<p\\><span class='tooltipsall tooltip_post_id_21204 classtoolTips199'>COV<\/span> \\= Compos\u00e9 Organique Volatile\\<\\\/p\\>\"; toolTips('.classtoolTips199',tt_store_content,'21204'); <\/script><script type=\"text\/javascript\"> var tt_store_content = \"\\<\/p>\n<p style\\='text\\-align\\: center;'\\>\\<strong\\>R\\<\\\/strong\\>\u00e9seau \\<strong\\>A\\<\\\/strong\\>ction \\<strong\\>C\\<\\\/strong\\>limat\\<\\\/p\\><br \/>Le r\u00e9seau Action Climat '\\<em\\>f\u00e9d\u00e8re les associations impliqu\u00e9es dans la lutte contre les changements climatiques et pour une transition \u00e9cologique, solidaire et \u00e9quitable\\<\\\/em\\>'\\.<\/p>\n<p>\\<a href\\='https\\:\\\/\\\/reseauactionclimat\\.org\\\/' target\\='_blank' rel\\='noopener'\\>Voir le site du <span class='tooltipsall tooltip_post_id_4309 classtoolTips200'>RAC<\/span>\\<\\\/a\\>\"; toolTips('.classtoolTips200',tt_store_content,'4309'); <\/script><script type=\"text\/javascript\"> var tt_store_content = \"\\<\/p>\n<p style\\='text\\-align\\: center;'\\>\\<strong\\>\\<span style\\='font\\-size\\: 14pt;'\\>R\\<\\\/span\\>\\<\\\/strong\\>\\<span style\\='font\\-size\\: 14pt;'\\>eferendum d'\\<strong\\>I\\<\\\/strong\\>nitiative \\<strong\\>C\\<\\\/strong\\>itoyenne\\<\\\/span\\>\\<\\\/p\\>\"; toolTips('.classtoolTips205',tt_store_content,'12268'); <\/script><script type=\"text\/javascript\"> var tt_store_content = \"\\<p\\><span class='tooltipsall tooltip_post_id_25844 classtoolTips208'>RTE<\/span> \\= R\u00e9seau de Transport d'Electricit\u00e9 est une filiale d'<span class='tooltipsall tooltip_post_id_7035 classtoolTips178'>EDF<\/span> qui est l'actionnaire majoritaire avec 50,1% des parts le reste \u00e9tant partag\u00e9 par la CDC et la CNP\\<\\\/p\\>\"; toolTips('.classtoolTips208',tt_store_content,'25844'); <\/script><script type=\"text\/javascript\"> var tt_store_content = \"\\<\/p>\n<p style\\='text\\-align\\: center;'\\>\\<span style\\='font\\-size\\: 14pt;'\\>\\<strong\\>O\\<\\\/strong\\>rganisation\\<strong\\> N\\<\\\/strong\\>on\\<strong\\> G\\<\\\/strong\\>ouvernementale\\<\\\/span\\>\\<\\\/p\\><br \/>Une organisation non gouvernementale \\(<span class='tooltipsall tooltip_post_id_3579 classtoolTips210'>ONG<\/span>\\) est une \\<a title\\='Association \u00e0 but non lucratif' href\\='https\\:\\\/\\\/fr\\.wikipedia\\.org\\\/wiki\\\/Association_%C3%A0_but_non_lucratif' target\\='_blank' rel\\='noopener'\\>association \u00e0 but non lucratif\\<\\\/a\\>, d'int\u00e9r\u00eat public, qui ne rel\u00e8ve ni de l'\u00c9tat, ni d'institutions internationales\\<sup id\\='cite_ref\\-novethic_1\\-0' class\\='reference'\\>\\<\\\/sup\\>\\. Les ONG n'ont pas le statut de sujet de \\<a title\\='Droit international public' href\\='https\\:\\\/\\\/fr\\.wikipedia\\.org\\\/wiki\\\/Droit_international_public' target\\='_blank' rel\\='noopener'\\>droit international\\<\\\/a\\>\\.\"; toolTips('.classtoolTips210',tt_store_content,'3579'); <\/script><script type=\"text\/javascript\"> var tt_store_content = \"\\<\/p>\n<p style\\='text\\-align\\: center;'\\>\\<span style\\='font\\-size\\: 14pt;'\\>\\<strong\\>O\\<\\\/strong\\>rganisation\\<strong\\> N\\<\\\/strong\\>on\\<strong\\> G\\<\\\/strong\\>ouvernementale\\<\\\/span\\>\\<\\\/p\\><br \/>Une organisation non gouvernementale \\(ONG\\) est une \\<a title\\='Association \u00e0 but non lucratif' href\\='https\\:\\\/\\\/fr\\.wikipedia\\.org\\\/wiki\\\/Association_%C3%A0_but_non_lucratif' target\\='_blank' rel\\='noopener'\\>association \u00e0 but non lucratif\\<\\\/a\\>, d'int\u00e9r\u00eat public, qui ne rel\u00e8ve ni de l'\u00c9tat, ni d'institutions internationales\\<sup id\\='cite_ref\\-novethic_1\\-0' class\\='reference'\\>\\<\\\/sup\\>\\. Les ONG n'ont pas le statut de sujet de \\<a title\\='Droit international public' href\\='https\\:\\\/\\\/fr\\.wikipedia\\.org\\\/wiki\\\/Droit_international_public' target\\='_blank' rel\\='noopener'\\>droit international\\<\\\/a\\>\\.\"; toolTips('.classtoolTips210',tt_store_content,'3579'); <\/script><script type=\"text\/javascript\"> var tt_store_content = \"\\<p\\><span class='tooltipsall tooltip_post_id_24572 classtoolTips211'>MIT<\/span> \\= Massachussets Institute of Technology, prestigieuse universit\u00e9 am\u00e9ricaine de la c\u00f4te est\\<\\\/p\\>\"; toolTips('.classtoolTips211',tt_store_content,'24572'); <\/script><script type=\"text\/javascript\"> var tt_store_content = \"\\<\/p>\n<p style\\='text\\-align\\: center;'\\>\\<strong\\>J\\<\\\/strong\\>eux \\<strong\\>O\\<\\\/strong\\>lympiques<br \/>ou<br \/>\\<strong\\>J\\<\\\/strong\\>ournal \\<strong\\>O\\<\\\/strong\\>fficiel de la R\u00e9publique Fran\u00e7aise\\<\\\/p\\>\"; toolTips('.classtoolTips213',tt_store_content,'4451'); <\/script><script type=\"text\/javascript\"> var tt_store_content = \"\\<p\\><span class='tooltipsall tooltip_post_id_30593 classtoolTips214'>RN<\/span> \\= Rassemble National, c'est le parti d'extr\u00eame droite de Marine Le Pen qui succ\u00e8de au FN \\= Front National fond\u00e9 par son p\u00e8re Jean Marie Le Pen\\<\\\/p\\>\"; toolTips('.classtoolTips214',tt_store_content,'30593'); <\/script><script type=\"text\/javascript\"> var tt_store_content = \"\\<\/p>\n<p style\\='text\\-align\\: center;'\\>\\<span style\\='font\\-size\\: 14pt;'\\>\\<strong\\>C\\<\\\/strong\\>entre \\<strong\\>H\\<\\\/strong\\>ospitalier\\<\\\/span\\>\\<\\\/p\\>\"; toolTips('.classtoolTips220',tt_store_content,'18357'); <\/script><script type=\"text\/javascript\"> var tt_store_content = \"\\<p\\>D\u00e9chets radioactifs \u00e0 Haute Activit\u00e9 \\(classement <span class='tooltipsall tooltip_post_id_3612 classtoolTips79'>ANDRA<\/span>\\)\\<\\\/p\\>\"; toolTips('.classtoolTips223',tt_store_content,'19196'); <\/script><\/p>\n","protected":false},"author":52,"featured_media":0,"comment_status":"open","ping_status":"open","sticky":false,"template":"","format":"standard","meta":{"_acf_changed":false,"ngg_post_thumbnail":0,"_jetpack_memberships_contains_paid_content":false,"footnotes":""},"categories":[6,9,5,23],"tags":[],"coauthors":[253],"class_list":["post-28396","post","type-post","status-publish","format-standard","hentry","category-actu","category-actu_gen","category-rub_pol","category-rub_soc","edition-edi_00098","edition-edi_00099","type_art-type_art_article","dossier-dossiers_changer_les_institutions","no-thumb"],"acf":[],"jetpack_featured_media_url":"","jetpack_sharing_enabled":true,"jetpack_shortlink":"https:\/\/wp.me\/p9B5TM-7o0","_links":{"self":[{"href":"https:\/\/le-clairon-nouveau.fr\/wordpress\/wp-json\/wp\/v2\/posts\/28396","targetHints":{"allow":["GET"]}}],"collection":[{"href":"https:\/\/le-clairon-nouveau.fr\/wordpress\/wp-json\/wp\/v2\/posts"}],"about":[{"href":"https:\/\/le-clairon-nouveau.fr\/wordpress\/wp-json\/wp\/v2\/types\/post"}],"author":[{"embeddable":true,"href":"https:\/\/le-clairon-nouveau.fr\/wordpress\/wp-json\/wp\/v2\/users\/52"}],"replies":[{"embeddable":true,"href":"https:\/\/le-clairon-nouveau.fr\/wordpress\/wp-json\/wp\/v2\/comments?post=28396"}],"version-history":[{"count":0,"href":"https:\/\/le-clairon-nouveau.fr\/wordpress\/wp-json\/wp\/v2\/posts\/28396\/revisions"}],"wp:attachment":[{"href":"https:\/\/le-clairon-nouveau.fr\/wordpress\/wp-json\/wp\/v2\/media?parent=28396"}],"wp:term":[{"taxonomy":"category","embeddable":true,"href":"https:\/\/le-clairon-nouveau.fr\/wordpress\/wp-json\/wp\/v2\/categories?post=28396"},{"taxonomy":"post_tag","embeddable":true,"href":"https:\/\/le-clairon-nouveau.fr\/wordpress\/wp-json\/wp\/v2\/tags?post=28396"},{"taxonomy":"author","embeddable":true,"href":"https:\/\/le-clairon-nouveau.fr\/wordpress\/wp-json\/wp\/v2\/coauthors?post=28396"}],"curies":[{"name":"wp","href":"https:\/\/api.w.org\/{rel}","templated":true}]}}