{"id":29113,"date":"2023-11-23T12:30:29","date_gmt":"2023-11-23T11:30:29","guid":{"rendered":"https:\/\/le-clairon-nouveau.fr\/wordpress\/?p=29113"},"modified":"2023-11-22T23:55:26","modified_gmt":"2023-11-22T22:55:26","slug":"mais-que-faut-il-pour-interdire-le-glyphosate","status":"publish","type":"post","link":"https:\/\/le-clairon-nouveau.fr\/wordpress\/blog\/2023\/11\/23\/mais-que-faut-il-pour-interdire-le-glyphosate\/","title":{"rendered":"Mais que faut-il pour interdire le glyphosate ?"},"content":{"rendered":"<p style=\"text-align: justify\"><strong><em>La d\u00e9cision est tomb\u00e9e le 16 novembre 2023 : la Commission europ\u00e9enne r\u00e9-autorise l\u2019emploi du\u00a0 <span class='tooltipsall tooltip_post_id_3742 classtoolTips27'>Glyphosate<\/span> pour une p\u00e9riode de 10 ans. Pourquoi la Commission europ\u00e9enne d\u00e9cide ? <\/em><\/strong><strong><em>Parce ce que par 2 fois les membres du Comit\u00e9 permanent des v\u00e9g\u00e9taux, des animaux, des denr\u00e9es alimentaires et des aliments pour animaux (SCoPAFF) <\/em><\/strong><strong><sup><a href=\"#footnote_1_29113\" id=\"identifier_1_29113\" class=\"footnote-link footnote-identifier-link\" title=\"pour &laquo;&nbsp;Standing Committee on Plants, Animals, Food and Feed&nbsp;&raquo;\">(1)<\/a><\/sup> <strong><em>n\u2019ont pas r\u00e9ussi \u00e0 se mettre d\u2019accord pour voter pour ou contre l\u2019interdiction du glyphosate et que dans ce cas le r\u00e8glement europ\u00e9en transf\u00e8re le pouvoir de d\u00e9cision \u00e0 la Commission europ\u00e9enne.<\/em><\/strong><\/p>\n<p style=\"text-align: center\"><img data-recalc-dims=\"1\" loading=\"lazy\" decoding=\"async\" class=\" wp-image-29116 aligncenter\" src=\"https:\/\/i0.wp.com\/le-clairon-nouveau.fr\/wordpress\/wp-content\/uploads\/2023\/11\/Labyrinthe-bruxellois-Image-par-Gino-Crescoli-de-Pixabay.jpg?resize=590%2C393&#038;ssl=1\" alt=\"\" width=\"590\" height=\"393\" srcset=\"https:\/\/i0.wp.com\/le-clairon-nouveau.fr\/wordpress\/wp-content\/uploads\/2023\/11\/Labyrinthe-bruxellois-Image-par-Gino-Crescoli-de-Pixabay.jpg?resize=300%2C200&amp;ssl=1 300w, https:\/\/i0.wp.com\/le-clairon-nouveau.fr\/wordpress\/wp-content\/uploads\/2023\/11\/Labyrinthe-bruxellois-Image-par-Gino-Crescoli-de-Pixabay.jpg?resize=1024%2C682&amp;ssl=1 1024w, https:\/\/i0.wp.com\/le-clairon-nouveau.fr\/wordpress\/wp-content\/uploads\/2023\/11\/Labyrinthe-bruxellois-Image-par-Gino-Crescoli-de-Pixabay.jpg?resize=768%2C512&amp;ssl=1 768w, https:\/\/i0.wp.com\/le-clairon-nouveau.fr\/wordpress\/wp-content\/uploads\/2023\/11\/Labyrinthe-bruxellois-Image-par-Gino-Crescoli-de-Pixabay.jpg?resize=600%2C400&amp;ssl=1 600w, https:\/\/i0.wp.com\/le-clairon-nouveau.fr\/wordpress\/wp-content\/uploads\/2023\/11\/Labyrinthe-bruxellois-Image-par-Gino-Crescoli-de-Pixabay.jpg?resize=272%2C182&amp;ssl=1 272w, https:\/\/i0.wp.com\/le-clairon-nouveau.fr\/wordpress\/wp-content\/uploads\/2023\/11\/Labyrinthe-bruxellois-Image-par-Gino-Crescoli-de-Pixabay.jpg?w=1280&amp;ssl=1 1280w\" sizes=\"auto, (max-width: 590px) 100vw, 590px\" \/><span style=\"font-size: 8pt\"><em><strong>Labyrinthe bruxellois (Image par Gino Crescoli de Pixabay)<\/p>\n<p><\/strong><\/em><\/span><\/p>\n<p><span style=\"font-size: 14pt\"><strong>Un m\u00e9canisme de d\u00e9cision peu repr\u00e9sentatif des citoyens<\/strong><\/span><\/p>\n<p style=\"text-align: justify\">Les membres du SCoPAFF ne sont pas \u00e9lus, ce sont des repr\u00e9sentants anonymes de chaque \u00c9tat membre, cens\u00e9 les avoir recrut\u00e9s pour leur expertise. Ce -Comit\u00e9 permanent- est pr\u00e9sid\u00e9 par un membre la Commission europ\u00e9enne <sup><a href=\"#footnote_2_29113\" id=\"identifier_2_29113\" class=\"footnote-link footnote-identifier-link\" title=\"dont les Commissaires sont choisis par les &Eacute;tats et avalis&eacute;s par le Parlement europ&eacute;en\">(2)<\/a><\/sup>. Les r\u00e9unions de cet organisme sont cens\u00e9es se passer \u00e0 huis clos et les arguments \u00e9chang\u00e9s lors des d\u00e9bats ne sont pas communiqu\u00e9s au public. Cette structure opaque et perm\u00e9able aux lobbies, permet aux \u00c9tats membres de prendre des d\u00e9cisions impopulaires, voire contraires \u00e0 l\u2019int\u00e9r\u00eat, g\u00e9n\u00e9ral sans avoir \u00e0 se justifier aupr\u00e8s de leurs citoyens.<\/p>\n<p style=\"text-align: justify\">En France, la question de la r\u00e9-autorisation du Glyphosate a fait d\u00e9bat au sein de la classe politique, tandis que le lobby agro-industriel poussait de toutes ses forces pour sa reconduction. Au sein m\u00eame du gouvernement et de Renaissance les avis divergent. L\u2019 \u00c9lys\u00e9e a finalement tranch\u00e9 en faveur de l\u2019abstention. <br \/>\nCompte tenu de la proc\u00e9dure d\u00e9cisionnelle pr\u00e9c\u00e9demment expos\u00e9e, c\u2019\u00e9tait une fa\u00e7on sournoise de dire \u00ab\u00a0oui\u00a0\u00bb \u00e0 la reconduction, puisqu\u2019en cas probable de nouvelle ind\u00e9cision du SCoPAFF\u00a0 la d\u00e9cision finale serait prise par la Commission europ\u00e9enne, favorable \u00e0 la r\u00e9-autorisation.\u00a0 Il s\u2019agissait pour Macron et son gouvernement de \u00ab m\u00e9nager la <span class='tooltipsall tooltip_post_id_18357 classtoolTips220'>ch<\/span>\u00e8vre et le chou \u00bb pour des raisons de politique int\u00e9rieure, compr\u00e9hensibles de la part d\u2019un ex\u00e9cutif toujours en recherche de majorit\u00e9 parlementaire, mais aussi pour obtenir un affichage international pas trop p\u00e9nalisant pour la France, alors que ses r\u00e9alisations en mati\u00e8re d\u2019environnement et de lutte contre la crise climatique sont nettement en retrait de ses engagements.<\/p>\n<p style=\"text-align: justify\"><strong><em>On peut consid\u00e9rer que la d\u00e9cision de r\u00e9-autorisation du glyphosate a \u00e9t\u00e9 prise pour des raisons essentiellement politiques et \u00e9conomiques<\/em><\/strong><\/p>\n<p style=\"text-align: justify\">D\u00e9j\u00e0 Bruxelles, comme le Gouvernement fran\u00e7ais, envisagent des modulations qui ne feront pas de mal \u00e0 l\u2019agro-industrie, tout en att\u00e9nuant la vindicte populaire.\u00a0 Par exemple : la limitation des possibilit\u00e9s d\u2019association de la mol\u00e9cule glyphosate avec d\u2019autres mol\u00e9cules, la r\u00e9duction de l&rsquo;application du glyphosate \u00e0 un nombre limit\u00e9 d&rsquo;utilisations ou, cerise sur le g\u00e2teau, l\u2019obligation pour chaque agriculteur de fournir des informations sur <em>\u00ab\u00a0les possibles impacts indirects sur la biodiversit\u00e9 locale\u00a0\u00bb\u00a0<\/em>!!!! Pour le moment <span class='tooltipsall tooltip_post_id_29829 classtoolTips180'>ces<\/span> dispositions restent floues, dans l&rsquo;attente d\u2019un nouveau document r\u00e8glementaire pr\u00e9cisant les mesures d\u2019encadrement et les \u00ab bonnes pratiques \u00bb qui sera pondu par l\u2019 <span class='tooltipsall tooltip_post_id_3744 classtoolTips129'>Efsa<\/span>.<\/p>\n<p><span style=\"font-size: 14pt\"><strong>Et la sant\u00e9 dans tout \u00e7a\u00a0?<\/strong><\/span><\/p>\n<p style=\"text-align: justify\">Les d\u00e9cisions de r\u00e9-autorisation prises par Bruxelles s\u2019appuient sur les avis de l\u2019Efsa et de l\u2019<span class='tooltipsall tooltip_post_id_3745 classtoolTips130'>Echa<\/span> qui sont les 2 organismes d\u2019expertise de l\u2019Union europ\u00e9enne. Selon ces 2 organismes, la mol\u00e9cule ne pr\u00e9sente pas de danger pour la sant\u00e9 humaine. Ainsi pour l\u2019Echa \u00ab <em>Le comit\u00e9 (d&rsquo;\u00e9valuation des risques) a constat\u00e9 que les preuves scientifiques disponibles ne r\u00e9pondaient pas aux crit\u00e8res de classification du glyphosate pour une toxicit\u00e9 sp\u00e9cifique pour un organe cible ou comme substance canc\u00e9rog\u00e8ne, mutag\u00e8ne ou <span class='tooltipsall tooltip_post_id_18727 classtoolTips16'>reprotoxique<\/span> <\/em>\u00bb<\/p>\n<p style=\"text-align: justify\"><strong><em>Au mode d\u00e9valuation reposant sur des travaux universitaires ou de recherche scientifique ; l\u2019Echa et l&rsquo;Efsa opposent des \u00e9tudes souvent pr\u00e9sent\u00e9es par les industriels producteurs de la mol\u00e9cule. Ces \u00e9tudes sont format\u00e9es en fonction de crit\u00e8res et de normes bureaucratiques d\u00e9finies pare UE qui limitent les domaines de recherche. Ce mode de fonctionnement est en contradiction avec les principes de base de la m\u00e9thode scientifique ; il n\u2019est donc pas \u00e9tonnant que des organismes comme le <span class='tooltipsall tooltip_post_id_3743 classtoolTips128'>CIRC<\/span> ou l\u2019<span class='tooltipsall tooltip_post_id_6878 classtoolTips70'>Inserm<\/span> en France arrivent \u00e0 des conclusions diff\u00e9rentes sur la dangerosit\u00e9 du Glyphosate pour l\u2019homme et l\u2019environnement<\/em><\/strong><strong> <sup><a href=\"#footnote_3_29113\" id=\"identifier_3_29113\" class=\"footnote-link footnote-identifier-link\" title=\"le Glyphosate est class&eacute; depuis mars 2015 comme canc&eacute;rog&egrave;ne probable par le CICR\">(3)<\/a><\/sup>.<\/strong><\/p>\n<p style=\"text-align: justify\">Mais au del\u00e0 de la question de la toxicit\u00e9 du Glyphosate, la d\u00e9cision de Bruxelles implique qu\u2019il est devenu tol\u00e9rable que la quasi-totalit\u00e9 de la population europ\u00e9enne soit impr\u00e9gn\u00e9e d\u00e9finitivement de cette substance. En France, une \u00e9tude portant sur un \u00e9chantillon de 7000 personnes a montr\u00e9 que 99,7 % d\u2019entre elles pr\u00e9sentaient des traces importantes de glyphosate dans leurs urines. <sup><a href=\"#footnote_4_29113\" id=\"identifier_4_29113\" class=\"footnote-link footnote-identifier-link\" title=\"voir l&rsquo;article du Clairon dans le N&deg;102 d&rsquo;octobre \/ novembre : https:\/\/le-clairon-nouveau.fr\/wordpress\/blog\/2023\/10\/23\/glyphosate-tuer-lentement-nest-pas-tuer\/\">(4)<\/a><\/sup>.<\/p>\n<p><span style=\"color: #ff0000\"><strong><em>Dit brutalement, cela signifie que les int\u00e9r\u00eats de l\u2019agro-industrie passent avant la sant\u00e9 humaine.<\/em><\/strong><\/span><\/p>\n<p><span style=\"font-size: 14pt\"><strong>Le glyphosate, un avenir radieux\u00a0?<\/strong><\/span><\/p>\n<p style=\"text-align: justify\"><strong><em>Malgr\u00e9 la d\u00e9cision de la Commission europ\u00e9enne l\u2019affaire n\u2019est pas r\u00e9gl\u00e9e. Ce que le politique n\u2019a pas voulu faire sera peut \u00eatre r\u00e9alis\u00e9 par la justice.<\/em><\/strong><\/p>\n<p style=\"text-align: justify\"><u>En France<\/u> une coalition de 10 associations \u00e9cologistes dont Nature et Progr\u00e8s France, Campagne Glyphosate France et G\u00e9n\u00e9rations futures regroup\u00e9es sous le sigle \u00ab\u00a0Secrets toxiques\u00a0\u00bb, en partenariat avec plusieurs d\u00e9put\u00e9s europ\u00e9ens dont Michelle Rivasi, a annonc\u00e9 son intention de d\u00e9poser un recours en annulation devant la Cour de justice de l\u2019Union europ\u00e9enne (<span class='tooltipsall tooltip_post_id_19745 classtoolTips106'>CJUE<\/span>). Les requ\u00e9rants contestent les m\u00e9thodes d\u00e9valuation qui ont servi de base \u00e0 la d\u00e9cision de la Commission.<br \/>\nPar ailleurs, pour la premi\u00e8re fois en France une famille expos\u00e9e au glyphosate a obtenu une indemnisation par le Fonds d\u2019indemnisation des victimes de pesticides (FIVP). D\u2019autres dossiers sont en cours de traitement.<\/p>\n<p style=\"text-align: justify\"><span style=\"text-decoration: underline\">En Allemagne et aux USA<\/span> : Le groupe allemand de chimie-pharmacie <a href=\"https:\/\/www.capital.fr\/votre-carriere\/arkema-bayer-totalenergies-voici-les-entreprises-preferees-des-salaries-dans-le-petrole-et-la-chimie-1430977\">Bayer <\/a>a chut\u00e9 \u00e0 la bourse de Francfort de plus de 19% le lundi 20 novembre dernier. Cette chute est due en partie \u00e0 la condamnation du groupe par un jury am\u00e9ricain, au <u>versement de 1,5\u00a0 milliards de $ <\/u>\u00e0 3 plaignants dont les cancers ont \u00e9t\u00e9 reconnus comme provoqu\u00e9s par le d\u00e9sherbant \u00ab\u00a0Roundup\u00a0\u00bb \u00e0 base de Glyphosate. Cette condamnation de Montsanto la filiale US de Bayer est la 4<sup>\u00e8me<\/sup> \u00a0en 1 mois\u00a0!<\/p>\n<p style=\"text-align: justify\"><strong>Dans ces conditions, l\u2019emploi du Glyphosate va co\u00fbter de plus en plus cher \u00e0 l\u2019agro-industrie\u2026<\/strong><\/p>\n<p><strong><em>\u00a0<\/em><\/strong><\/p>\n<p style=\"text-align: right\"><em>Louise B. Velpeau pour le Clairon de l\u2019Atax le 21\/11\/2023<br \/>\n<\/em><\/p>\n<script type=\"text\/javascript\"> var tt_store_content = \"\\<p\\>La <span class='tooltipsall tooltip_post_id_18727 classtoolTips16'>reprotoxicit\u00e9<\/span> est tout ph\u00e9nom\u00e8ne de toxicit\u00e9 \\(en particulier par substances chimiques ou rayonnements\\) pouvant alt\u00e9rer la fertilit\u00e9 de l\u2019homme ou de la femme, ou alt\u00e9rer le d\u00e9veloppement de l\u2019enfant \u00e0 na\u00eetre \\(avortement spontan\u00e9, malformation\u2026\\) \\- Source Wikipedia\\<\\\/p\\>\"; toolTips('.classtoolTips16',tt_store_content,'18727'); <\/script><script type=\"text\/javascript\"> var tt_store_content = \"Le \\<strong\\>glyphosate\\<\\\/strong\\> est un \\<strong\\>herbicide non s\u00e9lectif\\<\\\/strong\\> absorb\u00e9 par les feuilles et ayant une action g\u00e9n\u00e9ralis\u00e9e\\. Produit \u00e0 partir de 1974 sous \\<a href\\='https\\:\\\/\\\/fr\\.wikipedia\\.org\\\/wiki\\\/Brevet'\\>brevet\\<\\\/a\\> par la firme MONSANTO sous la marque ROUNDUP, ce brevet est tomb\u00e9 dans le domaine public en 2000\\. Il est produit depuis cette date par d\u2019autres firmes de l\u2019agrochimie\\.\"; toolTips('.classtoolTips27',tt_store_content,'3742'); <\/script><script type=\"text\/javascript\"> var tt_store_content = \"\\<p style\\='text\\-align\\: center'\\>\\<span style\\='font\\-size\\: 14pt'\\>\\<strong\\>I\\<\\\/strong\\>nstitut National de la \\<strong\\>S\\<\\\/strong\\>ant\u00e9 et de la \\<strong\\>R\\<\\\/strong\\>echerche M\u00e9dicale\\<\\\/span\\>\\<\\\/p\\>\"; toolTips('.classtoolTips70',tt_store_content,'6878'); <\/script><script type=\"text\/javascript\"> var tt_store_content = \"\\<p style\\='text\\-align\\: center'\\>\\<span style\\='font\\-size\\: 14pt'\\>\\<strong\\>I\\<\\\/strong\\>nstitut National de la \\<strong\\>S\\<\\\/strong\\>ant\u00e9 et de la \\<strong\\>R\\<\\\/strong\\>echerche M\u00e9dicale\\<\\\/span\\>\\<\\\/p\\>\"; toolTips('.classtoolTips70',tt_store_content,'6878'); <\/script><script type=\"text\/javascript\"> var tt_store_content = \"\\<p style\\='text\\-align\\: center'\\>\\<span style\\='font\\-size\\: 14pt'\\>\\<strong\\>I\\<\\\/strong\\>nstitut National de la \\<strong\\>S\\<\\\/strong\\>ant\u00e9 et de la \\<strong\\>R\\<\\\/strong\\>echerche M\u00e9dicale\\<\\\/span\\>\\<\\\/p\\>\"; toolTips('.classtoolTips70',tt_store_content,'6878'); <\/script><script type=\"text\/javascript\"> var tt_store_content = \"\\<p\\>Cour de Justice de l'Union Europ\u00e9enne\\<\\\/p\\>\"; toolTips('.classtoolTips106',tt_store_content,'19745'); <\/script><script type=\"text\/javascript\"> var tt_store_content = \"Le CIRC est le&nbsp; \\<a href\\='https\\:\\\/\\\/fr\\.wikipedia\\.org\\\/wiki\\\/Centre_international_de_recherche_sur_le_cancer' target\\='_blank' rel\\='noopener'\\>Centre international de Recherche sur le Cancer\\<\\\/a\\>, cr\u00e9\u00e9 en 1965 par l\u2019\\<a href\\='https\\:\\\/\\\/fr\\.wikipedia\\.org\\\/wiki\\\/Organisation_mondiale_de_la_sant%C3%A9' target\\='_blank' rel\\='noopener'\\>Organisation Mondiale de la Sant\u00e9\\<\\\/a\\> \\(OMS\\) des \\<a href\\='https\\:\\\/\\\/fr\\.wikipedia\\.org\\\/wiki\\\/Organisation_des_Nations_unies' target\\='_blank' rel\\='noopener'\\>Nations Unies\\<\\\/a\\>\\.\"; toolTips('.classtoolTips128',tt_store_content,'3743'); <\/script><script type=\"text\/javascript\"> var tt_store_content = \"\\<p style\\='text\\-align\\: center;'\\>\\<span style\\='font\\-size\\: 14pt;'\\>\\<strong\\>E\\<\\\/strong\\>uropean \\<strong\\>F\\<\\\/strong\\>ood \\<strong\\>S\\<\\\/strong\\>afety \\<strong\\>A\\<\\\/strong\\>uthority\\<\\\/span\\>\\<\\\/p\\><br\/>\\<p style\\='text\\-align\\: center;'\\>\\<span style\\='font\\-size\\: 14pt;'\\>\\<strong\\>A\\<\\\/strong\\>utorit\u00e9 \\<strong\\>E\\<\\\/strong\\>urop\u00e9enne de \\<strong\\>S\\<\\\/strong\\>\u00e9curit\u00e9 des \\<strong\\>A\\<\\\/strong\\>liments \\- \\<strong\\><span class='tooltipsall tooltip_post_id_3744 classtoolTips129'>AESA<\/span>\\<\\\/strong\\>\\<\\\/span\\><br\/>\\<strong\\><br\/>\\<\\\/strong\\>\\<\\\/p\\>\"; toolTips('.classtoolTips129',tt_store_content,'3744'); <\/script><script type=\"text\/javascript\"> var tt_store_content = \"\\<p style\\='text\\-align\\: center;'\\>\\<strong\\>Agence Europ\u00e9enne des produits CHimiques<br\/>\\(European CHemicals Agency\\)\\<\\\/strong\\>\\<\\\/p\\>\"; toolTips('.classtoolTips130',tt_store_content,'3745'); <\/script><script type=\"text\/javascript\"> var tt_store_content = \"\\<p\\><span class='tooltipsall tooltip_post_id_19394 classtoolTips134'>SAGE<\/span> \\= \\<span class\\='st'\\> sch\u00e9ma d'am\u00e9nagement et de gestion de l'eau\\<\\\/span\\> , c'est un outil de planification qui concerne l'ensemble des eaux situ\u00e9es dans un bassin versant\\<\\\/p\\>\"; toolTips('.classtoolTips134',tt_store_content,'19394'); <\/script><script type=\"text\/javascript\"> var tt_store_content = \"\\<p style\\='text\\-align\\: center;'\\>\\<strong\\>\\<span style\\='font\\-size\\: 14pt;'\\>S\\<\\\/span\\>\\<\\\/strong\\>\\<span style\\='font\\-size\\: 14pt;'\\>oci\u00e9t\u00e9 d'\\<strong\\>\u00c9\\<\\\/strong\\>conomie \\<strong\\>M\\<\\\/strong\\>ixte\\<\\\/span\\>\\<\\\/p\\><br\/>\\<p style\\='text\\-align\\: justify;'\\>En France, une soci\u00e9t\u00e9 d'\u00e9conomie mixte est une soci\u00e9t\u00e9 anonyme dont le capital est majoritairement d\u00e9tenu par une ou plusieurs personnes publiques \\(\u00e0 savoir l'\u00c9tat, une Collectivit\u00e9 territoriale, ou tout autre \u00c9tablissement public\\)\\. Cette participation majoritaire publique est plafonn\u00e9e \u00e0 85&nbsp;% du capital depuis la Loi du 2 janvier 2002\\. Au moins une personne priv\u00e9e doit participer au capital de la <span class='tooltipsall tooltip_post_id_7168 classtoolTips142'>SEM<\/span>, sachant qu'il peut s'agir d'une autre SEM\\.\\<\\\/p\\><br\/>\\<p style\\='text\\-align\\: justify;'\\>\\<strong\\>Le recours \u00e0 la SEM garantit\\<\\\/strong\\> \u00e0 la collectivit\u00e9 publique actionnaire et cocontractante \\<strong\\>la prise en compte effective de l'int\u00e9r\u00eat g\u00e9n\u00e9ral\\<\\\/strong\\> dans les objectifs de l'entreprise \\<strong\\>et la souplesse de la soci\u00e9t\u00e9 de droit priv\u00e9\\<\\\/strong\\>\\.\\<\\\/p\\><br\/>\\<em\\>\\<a href\\='https\\:\\\/\\\/fr\\.wikipedia\\.org\\\/wiki\\\/Soci%C3%A9t%C3%A9_d%27%C3%A9conomie_mixte' target\\='_blank' rel\\='noopener'\\>Voir ici la page Wikipedia consacr\u00e9e aux SEM\\<\\\/a\\> \\<\\\/em\\><br\/><br\/>&nbsp;\"; toolTips('.classtoolTips142',tt_store_content,'7168'); <\/script><script type=\"text\/javascript\"> var tt_store_content = \"\\<p style\\='text\\-align\\: center;'\\>\\<span style\\='font\\-size\\: 14pt;'\\>\\<strong\\>I\\<\\\/strong\\>mp\u00f4t sur la \\<strong\\>F\\<\\\/strong\\>ortune \\<strong\\>I\\<\\\/strong\\>mmobili\u00e8re\\<\\\/span\\>\\<\\\/p\\>\"; toolTips('.classtoolTips148',tt_store_content,'5643'); <\/script><script type=\"text\/javascript\"> var tt_store_content = \"\\<p style\\='text\\-align\\: center;'\\>\\<span style\\='font\\-size\\: 14pt;'\\>\\<strong\\>\u00c9\\<\\\/strong\\>tablissement \\<strong\\>F\\<\\\/strong\\>ran\u00e7ais du \\<strong\\>S\\<\\\/strong\\>ang\\<\\\/span\\>\\<\\\/p\\><br\/>\\<p\\>\\<a href\\='https\\:\\\/\\\/www\\.efs\\.sante\\.fr\\\/' target\\='_blank' rel\\='noopener noreferrer'\\>\\<em\\>Acc\u00e9der ici au site de l'<span class='tooltipsall tooltip_post_id_21261 classtoolTips150'>EFS<\/span>\\<\\\/em\\>\\<\\\/a\\>\\<\\\/p\\>\"; toolTips('.classtoolTips150',tt_store_content,'21261'); <\/script><script type=\"text\/javascript\"> var tt_store_content = \"\\<p style\\='text\\-align\\: center;'\\>\\<span style\\='font\\-size\\: 14pt;'\\>\\<strong\\>R\\<\\\/strong\\>\u00e9pertoire \\<strong\\>N\\<\\\/strong\\>ational des \\<strong\\>A\\<\\\/strong\\>ssociations\\<\\\/span\\>\\<\\\/p\\>\"; toolTips('.classtoolTips159',tt_store_content,'24374'); <\/script><script type=\"text\/javascript\"> var tt_store_content = \"\\<p style\\='text\\-align\\: justify;'\\>Le Conseil d'Orientation des Retraites est une instance qui r\u00e9unit &nbsp;\\<span class\\='st'\\>les principaux acteurs du champ des retraites\\<\\\/span\\> et effectue un travail d'\u00e9tudes et de concertation\\. Compos\u00e9 de parlementaires, de repr\u00e9sentants des organisations professionnelles et syndicales, des retrait\u00e9s et des familles, de membres de l'administration et d'experts, le Conseil d'orientation des retraites \\(<span class='tooltipsall tooltip_post_id_7751 classtoolTips165'>COR<\/span>\\) est plac\u00e9 aupr\u00e8s du Premier ministre\\.\\<\\\/p\\>\"; toolTips('.classtoolTips165',tt_store_content,'7751'); <\/script><script type=\"text\/javascript\"> var tt_store_content = \"Energies Renouvelables\"; toolTips('.classtoolTips167',tt_store_content,'7758'); <\/script><script type=\"text\/javascript\"> var tt_store_content = \"Energies Renouvelables\"; toolTips('.classtoolTips167',tt_store_content,'7758'); <\/script><script type=\"text\/javascript\"> var tt_store_content = \"\\<p style\\='text\\-align\\: center;'\\>\\<span style\\='font\\-size\\: 14pt;'\\>\\<strong\\>O\\<\\\/strong\\>rganisation \\<strong\\>M\\<\\\/strong\\>\u00e9t\u00e9orologique \\<strong\\>M\\<\\\/strong\\>ondiale<br\/>\\<strong\\>W\\<\\\/strong\\>orld \\<strong\\>M\\<\\\/strong\\>eteorological \\<strong\\>O\\<\\\/strong\\>rganization\\<\\\/span\\>\\<\\\/p\\><br\/>&nbsp;<br\/><br\/>\\<a href\\='https\\:\\\/\\\/public\\.wmo\\.int\\\/fr' target\\='_blank' rel\\='noopener'\\>\\<em\\>Acc\u00e9der ici au site de l'organisation\\<\\\/em\\>\\<\\\/a\\>\"; toolTips('.classtoolTips168',tt_store_content,'7763'); <\/script><script type=\"text\/javascript\"> var tt_store_content = \"\\<p style\\='text\\-align\\: center;'\\>\\<span style\\='font\\-size\\: 14pt;'\\>\\<strong\\>\u00c9\\<\\\/strong\\>cole \\<strong\\>N\\<\\\/strong\\>ationale d'\\<strong\\>A\\<\\\/strong\\>dministration\\<\\\/span\\>\\<\\\/p\\>\"; toolTips('.classtoolTips170',tt_store_content,'5213'); <\/script><script type=\"text\/javascript\"> var tt_store_content = \"\\<p style\\='text\\-align\\: justify'\\>\\<span class\\='ILfuVd'\\>La politique agricole commune \\(\\<b\\><span class='tooltipsall tooltip_post_id_11364 classtoolTips174'>PAC<\/span>\\<\\\/b\\>\\) est une politique mise en place \u00e0 l'\u00e9chelle de l'Union europ\u00e9enne\\. \u00c0 l'origine, elle est fond\u00e9e principalement sur des mesures de contr\u00f4le des prix et de subventionnement, visant \u00e0 moderniser et d\u00e9velopper l'agriculture\\.\\<\\\/span\\> \\(source Wikipedia\\)\\<\\\/p\\>\"; toolTips('.classtoolTips174',tt_store_content,'11364'); <\/script><script type=\"text\/javascript\"> var tt_store_content = \"\\<p style\\='text\\-align\\: center;'\\>\\<span style\\='font\\-size\\: 14pt;'\\>\\<strong\\>P\\<\\\/strong\\>\\<\\\/span\\>\\<span style\\='font\\-size\\: 14pt;'\\>lan \\<strong\\>L\\<\\\/strong\\>\\<\\\/span\\>\\<span style\\='font\\-size\\: 14pt;'\\>ocal d'\\<strong\\>U\\<\\\/strong\\>\\<\\\/span\\>\\<span style\\='font\\-size\\: 14pt;'\\>rbanisme\\<\\\/span\\>\\<\\\/p\\><br\/>&nbsp;\"; toolTips('.classtoolTips176',tt_store_content,'4979'); <\/script><script type=\"text\/javascript\"> var tt_store_content = \"\\<p\\>Conseil \u00c9conomique et Social\\<\\\/p\\>\"; toolTips('.classtoolTips180',tt_store_content,'29829'); <\/script><script type=\"text\/javascript\"> var tt_store_content = \"\\<p style\\='text\\-align\\: center;'\\>\\<span style\\='font\\-size\\: 14pt;'\\>\\<strong\\>A\\<\\\/strong\\>gence \\<strong\\>R\\<\\\/strong\\>\u00e9gionale de \\<strong\\>S\\<\\\/strong\\>ant\u00e9\\<\\\/span\\>\\<\\\/p\\>\"; toolTips('.classtoolTips188',tt_store_content,'18356'); <\/script><script type=\"text\/javascript\"> var tt_store_content = \"\\<p style\\='text\\-align\\: center;'\\>\\<span style\\='font\\-size\\: 14pt;'\\>\\<strong\\>G\\<\\\/strong\\>roupement \\<strong\\>H\\<\\\/strong\\>ospitalier de \\<strong\\>T\\<\\\/strong\\>erritoire\\<\\\/span\\>\\<\\\/p\\><br\/>\\<p style\\='text\\-align\\: justify;'\\>Les groupements hospitaliers de territoires, dispositif pr\u00e9vu par la loi de sant\u00e9 2016, sont un nouveau mode de coop\u00e9ration entre les \u00e9tablissements publics de sant\u00e9 \u00e0 l\u2019\u00e9chelle d\u2019un territoire\\<\\\/p\\>\"; toolTips('.classtoolTips189',tt_store_content,'18358'); <\/script><script type=\"text\/javascript\"> var tt_store_content = \"\\<p style\\='text\\-align\\: center;'\\>\\<span style\\='font\\-size\\: 14pt;'\\>\\<strong\\>C\\<\\\/strong\\>omit\u00e9 \\<strong\\>T\\<\\\/strong\\>echnique d'\\<strong\\>\u00c9\\<\\\/strong\\>tablissement\\<\\\/span\\>\\<\\\/p\\>\"; toolTips('.classtoolTips191',tt_store_content,'18359'); <\/script><script type=\"text\/javascript\"> var tt_store_content = \"\\<p style\\='text\\-align\\: center;'\\>\\<span style\\='font\\-size\\: 14pt;'\\>\\<strong\\>E\\<\\\/strong\\>volutionary \\<strong\\>P\\<\\\/strong\\>ower \\<strong\\>R\\<\\\/strong\\>eactor\\<\\\/span\\>\\<\\\/p\\><br\/>\\<p style\\='text\\-align\\: justify;'\\>R\u00e9acteur nucl\u00e9aire de troisi\u00e8me g\u00e9n\u00e9ration \\(classification internationale\\), con\u00e7u et d\u00e9velopp\u00e9 par <span class='tooltipsall tooltip_post_id_5121 classtoolTips35'>Areva NP<\/span>&nbsp; au cours des ann\u00e9es 1990 et 2000\\. Il fait partie de la fili\u00e8re des r\u00e9acteurs \u00e0 eau pressuris\u00e9e\\.\\<\\\/p\\><br\/>\\<a href\\='https\\:\\\/\\\/fr\\.wikipedia\\.org\\\/wiki\\\/R%C3%A9acteur_pressuris%C3%A9_europ%C3%A9en' target\\='_blank' rel\\='noopener'\\>\\<em\\>Voir ici la fiche Wikipedia <span class='tooltipsall tooltip_post_id_5579 classtoolTips196'>EPR<\/span>\\<\\\/em\\>\\<\\\/a\\>\"; toolTips('.classtoolTips196',tt_store_content,'5579'); <\/script><script type=\"text\/javascript\"> var tt_store_content = \"\\<p style\\='text\\-align\\: center;'\\>\\<strong\\>R\\<\\\/strong\\>\u00e9seau \\<strong\\>A\\<\\\/strong\\>ction \\<strong\\>C\\<\\\/strong\\>limat\\<\\\/p\\><br\/>Le r\u00e9seau Action Climat '\\<em\\>f\u00e9d\u00e8re les associations impliqu\u00e9es dans la lutte contre les changements climatiques et pour une transition \u00e9cologique, solidaire et \u00e9quitable\\<\\\/em\\>'\\.<br\/><br\/>\\<a href\\='https\\:\\\/\\\/reseauactionclimat\\.org\\\/' target\\='_blank' rel\\='noopener'\\>Voir le site du <span class='tooltipsall tooltip_post_id_4309 classtoolTips200'>RAC<\/span>\\<\\\/a\\>\"; toolTips('.classtoolTips200',tt_store_content,'4309'); <\/script><script type=\"text\/javascript\"> var tt_store_content = \"\\<p style\\='text\\-align\\: center;'\\>\\<strong\\>\\<span style\\='font\\-size\\: 14pt;'\\>R\\<\\\/span\\>\\<\\\/strong\\>\\<span style\\='font\\-size\\: 14pt;'\\>eferendum d'\\<strong\\>I\\<\\\/strong\\>nitiative \\<strong\\>C\\<\\\/strong\\>itoyenne\\<\\\/span\\>\\<\\\/p\\>\"; toolTips('.classtoolTips205',tt_store_content,'12268'); <\/script><script type=\"text\/javascript\"> var tt_store_content = \"\\<p\\><span class='tooltipsall tooltip_post_id_25844 classtoolTips208'>RTE<\/span> \\= R\u00e9seau de Transport d'Electricit\u00e9 est une filiale d'<span class='tooltipsall tooltip_post_id_7035 classtoolTips178'>EDF<\/span> qui est l'actionnaire majoritaire avec 50,1% des parts le reste \u00e9tant partag\u00e9 par la CDC et la CNP\\<\\\/p\\>\"; toolTips('.classtoolTips208',tt_store_content,'25844'); <\/script><script type=\"text\/javascript\"> var tt_store_content = \"\\<p style\\='text\\-align\\: center;'\\>\\<span style\\='font\\-size\\: 14pt;'\\>\\<strong\\>O\\<\\\/strong\\>rganisation\\<strong\\> N\\<\\\/strong\\>on\\<strong\\> G\\<\\\/strong\\>ouvernementale\\<\\\/span\\>\\<\\\/p\\><br\/>Une organisation non gouvernementale \\(<span class='tooltipsall tooltip_post_id_3579 classtoolTips210'>ONG<\/span>\\) est une \\<a title\\='Association \u00e0 but non lucratif' href\\='https\\:\\\/\\\/fr\\.wikipedia\\.org\\\/wiki\\\/Association_%C3%A0_but_non_lucratif' target\\='_blank' rel\\='noopener'\\>association \u00e0 but non lucratif\\<\\\/a\\>, d'int\u00e9r\u00eat public, qui ne rel\u00e8ve ni de l'\u00c9tat, ni d'institutions internationales\\<sup id\\='cite_ref\\-novethic_1\\-0' class\\='reference'\\>\\<\\\/sup\\>\\. Les ONG n'ont pas le statut de sujet de \\<a title\\='Droit international public' href\\='https\\:\\\/\\\/fr\\.wikipedia\\.org\\\/wiki\\\/Droit_international_public' target\\='_blank' rel\\='noopener'\\>droit international\\<\\\/a\\>\\.\"; toolTips('.classtoolTips210',tt_store_content,'3579'); <\/script><script type=\"text\/javascript\"> var tt_store_content = \"\\<p style\\='text\\-align\\: center;'\\>\\<span style\\='font\\-size\\: 14pt;'\\>\\<strong\\>O\\<\\\/strong\\>rganisation\\<strong\\> N\\<\\\/strong\\>on\\<strong\\> G\\<\\\/strong\\>ouvernementale\\<\\\/span\\>\\<\\\/p\\><br\/>Une organisation non gouvernementale \\(ONG\\) est une \\<a title\\='Association \u00e0 but non lucratif' href\\='https\\:\\\/\\\/fr\\.wikipedia\\.org\\\/wiki\\\/Association_%C3%A0_but_non_lucratif' target\\='_blank' rel\\='noopener'\\>association \u00e0 but non lucratif\\<\\\/a\\>, d'int\u00e9r\u00eat public, qui ne rel\u00e8ve ni de l'\u00c9tat, ni d'institutions internationales\\<sup id\\='cite_ref\\-novethic_1\\-0' class\\='reference'\\>\\<\\\/sup\\>\\. Les ONG n'ont pas le statut de sujet de \\<a title\\='Droit international public' href\\='https\\:\\\/\\\/fr\\.wikipedia\\.org\\\/wiki\\\/Droit_international_public' target\\='_blank' rel\\='noopener'\\>droit international\\<\\\/a\\>\\.\"; toolTips('.classtoolTips210',tt_store_content,'3579'); <\/script><script type=\"text\/javascript\"> var tt_store_content = \"\\<p\\><span class='tooltipsall tooltip_post_id_24572 classtoolTips211'>MIT<\/span> \\= Massachussets Institute of Technology, prestigieuse universit\u00e9 am\u00e9ricaine de la c\u00f4te est\\<\\\/p\\>\"; toolTips('.classtoolTips211',tt_store_content,'24572'); <\/script><script type=\"text\/javascript\"> var tt_store_content = \"\\<p style\\='text\\-align\\: center;'\\>\\<strong\\>J\\<\\\/strong\\>eux \\<strong\\>O\\<\\\/strong\\>lympiques<br\/>ou<br\/>\\<strong\\>J\\<\\\/strong\\>ournal \\<strong\\>O\\<\\\/strong\\>fficiel de la R\u00e9publique Fran\u00e7aise\\<\\\/p\\>\"; toolTips('.classtoolTips213',tt_store_content,'4451'); <\/script><script type=\"text\/javascript\"> var tt_store_content = \"\\<p\\><span class='tooltipsall tooltip_post_id_30593 classtoolTips214'>RN<\/span> \\= Rassemble National, c'est le parti d'extr\u00eame droite de Marine Le Pen qui succ\u00e8de au FN \\= Front National fond\u00e9 par son p\u00e8re Jean Marie Le Pen\\<\\\/p\\>\"; toolTips('.classtoolTips214',tt_store_content,'30593'); <\/script><script type=\"text\/javascript\"> var tt_store_content = \"\\<p style\\='text\\-align\\: center;'\\>\\<span style\\='font\\-size\\: 14pt;'\\>\\<strong\\>C\\<\\\/strong\\>entre \\<strong\\>H\\<\\\/strong\\>ospitalier\\<\\\/span\\>\\<\\\/p\\>\"; toolTips('.classtoolTips220',tt_store_content,'18357'); <\/script><script type=\"text\/javascript\"> var tt_store_content = \"\\<p\\>D\u00e9chets radioactifs \u00e0 Haute Activit\u00e9 \\(classement <span class='tooltipsall tooltip_post_id_3612 classtoolTips79'>ANDRA<\/span>\\)\\<\\\/p\\>\"; toolTips('.classtoolTips223',tt_store_content,'19196'); <\/script>_______________________<br>Notes<ol class=\"footnotes\"><li id=\"footnote_1_29113\" class=\"footnote\"><\/strong>pour \u00ab\u00a0Standing Committee on Plants, Animals, Food and Feed\u00a0\u00bb<span class=\"footnote-back-link-wrapper\">[<a href=\"#identifier_1_29113\" class=\"footnote-link footnote-back-link\">&#8617;<\/a>]<\/span><\/li><li id=\"footnote_2_29113\" class=\"footnote\">dont les Commissaires sont choisis par les \u00c9tats et avalis\u00e9s par le Parlement europ\u00e9en<span class=\"footnote-back-link-wrapper\">[<a href=\"#identifier_2_29113\" class=\"footnote-link footnote-back-link\">&#8617;<\/a>]<\/span><\/li><li id=\"footnote_3_29113\" class=\"footnote\">le Glyphosate est class\u00e9 depuis mars 2015 comme canc\u00e9rog\u00e8ne probable par le CICR<span class=\"footnote-back-link-wrapper\">[<a href=\"#identifier_3_29113\" class=\"footnote-link footnote-back-link\">&#8617;<\/a>]<\/span><\/li><li id=\"footnote_4_29113\" class=\"footnote\"> voir l\u2019article du Clairon dans le N\u00b0102 d\u2019octobre \/ novembre : <a href=\"https:\/\/le-clairon-nouveau.fr\/wordpress\/blog\/2023\/10\/23\/glyphosate-tuer-lentement-nest-pas-tuer\/\">https:\/\/le-clairon-nouveau.fr\/wordpress\/blog\/2023\/10\/23\/glyphosate-tuer-lentement-nest-pas-tuer\/<\/a><span class=\"footnote-back-link-wrapper\">[<a href=\"#identifier_4_29113\" class=\"footnote-link footnote-back-link\">&#8617;<\/a>]<\/span><\/li><\/ol>_______________________","protected":false},"excerpt":{"rendered":"<p>Alors que l&rsquo;on constate une impr\u00e9gnation massive au <span class='tooltipsall tooltip_post_id_3742 classtoolTips27'>Glyphosate<\/span> de la population fran\u00e7aise, les int\u00e9r\u00eats de l\u2019agro-industrie passeraient-ils avant la sant\u00e9 humaine ?<script type=\"text\/javascript\"> var tt_store_content = \"\\<p\\>La <span class='tooltipsall tooltip_post_id_18727 classtoolTips16'>reprotoxicit\u00e9<\/span> est tout ph\u00e9nom\u00e8ne de toxicit\u00e9 \\(en particulier par substances chimiques ou rayonnements\\) pouvant alt\u00e9rer la fertilit\u00e9 de l\u2019homme ou de la femme, ou alt\u00e9rer le d\u00e9veloppement de l\u2019enfant \u00e0 na\u00eetre \\(avortement spontan\u00e9, malformation\u2026\\) \\- Source Wikipedia\\<\\\/p\\>\"; toolTips('.classtoolTips16',tt_store_content,'18727'); <\/script><script type=\"text\/javascript\"> var tt_store_content = \"Le \\<strong\\>glyphosate\\<\\\/strong\\> est un \\<strong\\>herbicide non s\u00e9lectif\\<\\\/strong\\> absorb\u00e9 par les feuilles et ayant une action g\u00e9n\u00e9ralis\u00e9e\\. Produit \u00e0 partir de 1974 sous \\<a href\\='https\\:\\\/\\\/fr\\.wikipedia\\.org\\\/wiki\\\/Brevet'\\>brevet\\<\\\/a\\> par la firme MONSANTO sous la marque ROUNDUP, ce brevet est tomb\u00e9 dans le domaine public en 2000\\. Il est produit depuis cette date par d\u2019autres firmes de l\u2019agrochimie\\.\"; toolTips('.classtoolTips27',tt_store_content,'3742'); <\/script><script type=\"text\/javascript\"> var tt_store_content = \"\\<\/p>\n<p style\\='text\\-align\\: center'\\>\\<span style\\='font\\-size\\: 14pt'\\>\\<strong\\>I\\<\\\/strong\\>nstitut National de la \\<strong\\>S\\<\\\/strong\\>ant\u00e9 et de la \\<strong\\>R\\<\\\/strong\\>echerche M\u00e9dicale\\<\\\/span\\>\\<\\\/p\\>\"; toolTips('.classtoolTips70',tt_store_content,'6878'); <\/script><script type=\"text\/javascript\"> var tt_store_content = \"\\<\/p>\n<p style\\='text\\-align\\: center'\\>\\<span style\\='font\\-size\\: 14pt'\\>\\<strong\\>I\\<\\\/strong\\>nstitut National de la \\<strong\\>S\\<\\\/strong\\>ant\u00e9 et de la \\<strong\\>R\\<\\\/strong\\>echerche M\u00e9dicale\\<\\\/span\\>\\<\\\/p\\>\"; toolTips('.classtoolTips70',tt_store_content,'6878'); <\/script><script type=\"text\/javascript\"> var tt_store_content = \"\\<\/p>\n<p style\\='text\\-align\\: center'\\>\\<span style\\='font\\-size\\: 14pt'\\>\\<strong\\>I\\<\\\/strong\\>nstitut National de la \\<strong\\>S\\<\\\/strong\\>ant\u00e9 et de la \\<strong\\>R\\<\\\/strong\\>echerche M\u00e9dicale\\<\\\/span\\>\\<\\\/p\\>\"; toolTips('.classtoolTips70',tt_store_content,'6878'); <\/script><script type=\"text\/javascript\"> var tt_store_content = \"\\<p\\>Cour de Justice de l'Union Europ\u00e9enne\\<\\\/p\\>\"; toolTips('.classtoolTips106',tt_store_content,'19745'); <\/script><script type=\"text\/javascript\"> var tt_store_content = \"Le <span class='tooltipsall tooltip_post_id_3743 classtoolTips128'>CIRC<\/span> est le&nbsp; \\<a href\\='https\\:\\\/\\\/fr\\.wikipedia\\.org\\\/wiki\\\/Centre_international_de_recherche_sur_le_cancer' target\\='_blank' rel\\='noopener'\\>Centre international de Recherche sur le Cancer\\<\\\/a\\>, cr\u00e9\u00e9 en 1965 par l\u2019\\<a href\\='https\\:\\\/\\\/fr\\.wikipedia\\.org\\\/wiki\\\/Organisation_mondiale_de_la_sant%C3%A9' target\\='_blank' rel\\='noopener'\\>Organisation Mondiale de la Sant\u00e9\\<\\\/a\\> \\(OMS\\) des \\<a href\\='https\\:\\\/\\\/fr\\.wikipedia\\.org\\\/wiki\\\/Organisation_des_Nations_unies' target\\='_blank' rel\\='noopener'\\>Nations Unies\\<\\\/a\\>\\.\"; toolTips('.classtoolTips128',tt_store_content,'3743'); <\/script><script type=\"text\/javascript\"> var tt_store_content = \"\\<\/p>\n<p style\\='text\\-align\\: center;'\\>\\<span style\\='font\\-size\\: 14pt;'\\>\\<strong\\>E\\<\\\/strong\\>uropean \\<strong\\>F\\<\\\/strong\\>ood \\<strong\\>S\\<\\\/strong\\>afety \\<strong\\>A\\<\\\/strong\\>uthority\\<\\\/span\\>\\<\\\/p\\><br \/>\\<\/p>\n<p style\\='text\\-align\\: center;'\\>\\<span style\\='font\\-size\\: 14pt;'\\>\\<strong\\>A\\<\\\/strong\\>utorit\u00e9 \\<strong\\>E\\<\\\/strong\\>urop\u00e9enne de \\<strong\\>S\\<\\\/strong\\>\u00e9curit\u00e9 des \\<strong\\>A\\<\\\/strong\\>liments \\- \\<strong\\><span class='tooltipsall tooltip_post_id_3744 classtoolTips129'>AESA<\/span>\\<\\\/strong\\>\\<\\\/span\\><br \/>\\<strong\\><br \/>\\<\\\/strong\\>\\<\\\/p\\>\"; toolTips('.classtoolTips129',tt_store_content,'3744'); <\/script><script type=\"text\/javascript\"> var tt_store_content = \"\\<\/p>\n<p style\\='text\\-align\\: center;'\\>\\<strong\\>Agence Europ\u00e9enne des produits CHimiques<br \/>\\(European CHemicals Agency\\)\\<\\\/strong\\>\\<\\\/p\\>\"; toolTips('.classtoolTips130',tt_store_content,'3745'); <\/script><script type=\"text\/javascript\"> var tt_store_content = \"\\<p\\><span class='tooltipsall tooltip_post_id_19394 classtoolTips134'>SAGE<\/span> \\= \\<span class\\='st'\\> sch\u00e9ma d'am\u00e9nagement et de gestion de l'eau\\<\\\/span\\> , c'est un outil de planification qui concerne l'ensemble des eaux situ\u00e9es dans un bassin versant\\<\\\/p\\>\"; toolTips('.classtoolTips134',tt_store_content,'19394'); <\/script><script type=\"text\/javascript\"> var tt_store_content = \"\\<\/p>\n<p style\\='text\\-align\\: center;'\\>\\<strong\\>\\<span style\\='font\\-size\\: 14pt;'\\>S\\<\\\/span\\>\\<\\\/strong\\>\\<span style\\='font\\-size\\: 14pt;'\\>oci\u00e9t\u00e9 d'\\<strong\\>\u00c9\\<\\\/strong\\>conomie \\<strong\\>M\\<\\\/strong\\>ixte\\<\\\/span\\>\\<\\\/p\\><br \/>\\<\/p>\n<p style\\='text\\-align\\: justify;'\\>En France, une soci\u00e9t\u00e9 d'\u00e9conomie mixte est une soci\u00e9t\u00e9 anonyme dont le capital est majoritairement d\u00e9tenu par une ou plusieurs personnes publiques \\(\u00e0 savoir l'\u00c9tat, une Collectivit\u00e9 territoriale, ou tout autre \u00c9tablissement public\\)\\. Cette participation majoritaire publique est plafonn\u00e9e \u00e0 85&nbsp;% du capital depuis la Loi du 2 janvier 2002\\. Au moins une personne priv\u00e9e doit participer au capital de la <span class='tooltipsall tooltip_post_id_7168 classtoolTips142'>SEM<\/span>, sachant qu'il peut s'agir d'une autre SEM\\.\\<\\\/p\\><br \/>\\<\/p>\n<p style\\='text\\-align\\: justify;'\\>\\<strong\\>Le recours \u00e0 la SEM garantit\\<\\\/strong\\> \u00e0 la collectivit\u00e9 publique actionnaire et cocontractante \\<strong\\>la prise en compte effective de l'int\u00e9r\u00eat g\u00e9n\u00e9ral\\<\\\/strong\\> dans les objectifs de l'entreprise \\<strong\\>et la souplesse de la soci\u00e9t\u00e9 de droit priv\u00e9\\<\\\/strong\\>\\.\\<\\\/p\\><br \/>\\<em\\>\\<a href\\='https\\:\\\/\\\/fr\\.wikipedia\\.org\\\/wiki\\\/Soci%C3%A9t%C3%A9_d%27%C3%A9conomie_mixte' target\\='_blank' rel\\='noopener'\\>Voir ici la page Wikipedia consacr\u00e9e aux SEM\\<\\\/a\\> \\<\\\/em\\><\/p>\n<p>&nbsp;\"; toolTips('.classtoolTips142',tt_store_content,'7168'); <\/script><script type=\"text\/javascript\"> var tt_store_content = \"\\<\/p>\n<p style\\='text\\-align\\: center;'\\>\\<span style\\='font\\-size\\: 14pt;'\\>\\<strong\\>I\\<\\\/strong\\>mp\u00f4t sur la \\<strong\\>F\\<\\\/strong\\>ortune \\<strong\\>I\\<\\\/strong\\>mmobili\u00e8re\\<\\\/span\\>\\<\\\/p\\>\"; toolTips('.classtoolTips148',tt_store_content,'5643'); <\/script><script type=\"text\/javascript\"> var tt_store_content = \"\\<\/p>\n<p style\\='text\\-align\\: center;'\\>\\<span style\\='font\\-size\\: 14pt;'\\>\\<strong\\>\u00c9\\<\\\/strong\\>tablissement \\<strong\\>F\\<\\\/strong\\>ran\u00e7ais du \\<strong\\>S\\<\\\/strong\\>ang\\<\\\/span\\>\\<\\\/p\\><br \/>\\<p\\>\\<a href\\='https\\:\\\/\\\/www\\.efs\\.sante\\.fr\\\/' target\\='_blank' rel\\='noopener noreferrer'\\>\\<em\\>Acc\u00e9der ici au site de l'<span class='tooltipsall tooltip_post_id_21261 classtoolTips150'>EFS<\/span>\\<\\\/em\\>\\<\\\/a\\>\\<\\\/p\\>\"; toolTips('.classtoolTips150',tt_store_content,'21261'); <\/script><script type=\"text\/javascript\"> var tt_store_content = \"\\<\/p>\n<p style\\='text\\-align\\: center;'\\>\\<span style\\='font\\-size\\: 14pt;'\\>\\<strong\\>R\\<\\\/strong\\>\u00e9pertoire \\<strong\\>N\\<\\\/strong\\>ational des \\<strong\\>A\\<\\\/strong\\>ssociations\\<\\\/span\\>\\<\\\/p\\>\"; toolTips('.classtoolTips159',tt_store_content,'24374'); <\/script><script type=\"text\/javascript\"> var tt_store_content = \"\\<\/p>\n<p style\\='text\\-align\\: justify;'\\>Le Conseil d'Orientation des Retraites est une instance qui r\u00e9unit &nbsp;\\<span class\\='st'\\>les principaux acteurs du champ des retraites\\<\\\/span\\> et effectue un travail d'\u00e9tudes et de concertation\\. Compos\u00e9 de parlementaires, de repr\u00e9sentants des organisations professionnelles et syndicales, des retrait\u00e9s et des familles, de membres de l'administration et d'experts, le Conseil d'orientation des retraites \\(<span class='tooltipsall tooltip_post_id_7751 classtoolTips165'>COR<\/span>\\) est plac\u00e9 aupr\u00e8s du Premier ministre\\.\\<\\\/p\\>\"; toolTips('.classtoolTips165',tt_store_content,'7751'); <\/script><script type=\"text\/javascript\"> var tt_store_content = \"Energies Renouvelables\"; toolTips('.classtoolTips167',tt_store_content,'7758'); <\/script><script type=\"text\/javascript\"> var tt_store_content = \"Energies Renouvelables\"; toolTips('.classtoolTips167',tt_store_content,'7758'); <\/script><script type=\"text\/javascript\"> var tt_store_content = \"\\<\/p>\n<p style\\='text\\-align\\: center;'\\>\\<span style\\='font\\-size\\: 14pt;'\\>\\<strong\\>O\\<\\\/strong\\>rganisation \\<strong\\>M\\<\\\/strong\\>\u00e9t\u00e9orologique \\<strong\\>M\\<\\\/strong\\>ondiale<br \/>\\<strong\\>W\\<\\\/strong\\>orld \\<strong\\>M\\<\\\/strong\\>eteorological \\<strong\\>O\\<\\\/strong\\>rganization\\<\\\/span\\>\\<\\\/p\\><br \/>&nbsp;<\/p>\n<p>\\<a href\\='https\\:\\\/\\\/public\\.wmo\\.int\\\/fr' target\\='_blank' rel\\='noopener'\\>\\<em\\>Acc\u00e9der ici au site de l'organisation\\<\\\/em\\>\\<\\\/a\\>\"; toolTips('.classtoolTips168',tt_store_content,'7763'); <\/script><script type=\"text\/javascript\"> var tt_store_content = \"\\<\/p>\n<p style\\='text\\-align\\: center;'\\>\\<span style\\='font\\-size\\: 14pt;'\\>\\<strong\\>\u00c9\\<\\\/strong\\>cole \\<strong\\>N\\<\\\/strong\\>ationale d'\\<strong\\>A\\<\\\/strong\\>dministration\\<\\\/span\\>\\<\\\/p\\>\"; toolTips('.classtoolTips170',tt_store_content,'5213'); <\/script><script type=\"text\/javascript\"> var tt_store_content = \"\\<\/p>\n<p style\\='text\\-align\\: justify'\\>\\<span class\\='ILfuVd'\\>La politique agricole commune \\(\\<b\\><span class='tooltipsall tooltip_post_id_11364 classtoolTips174'>PAC<\/span>\\<\\\/b\\>\\) est une politique mise en place \u00e0 l'\u00e9chelle de l'Union europ\u00e9enne\\. \u00c0 l'origine, elle est fond\u00e9e principalement sur des mesures de contr\u00f4le des prix et de subventionnement, visant \u00e0 moderniser et d\u00e9velopper l'agriculture\\.\\<\\\/span\\> \\(source Wikipedia\\)\\<\\\/p\\>\"; toolTips('.classtoolTips174',tt_store_content,'11364'); <\/script><script type=\"text\/javascript\"> var tt_store_content = \"\\<\/p>\n<p style\\='text\\-align\\: center;'\\>\\<span style\\='font\\-size\\: 14pt;'\\>\\<strong\\>P\\<\\\/strong\\>\\<\\\/span\\>\\<span style\\='font\\-size\\: 14pt;'\\>lan \\<strong\\>L\\<\\\/strong\\>\\<\\\/span\\>\\<span style\\='font\\-size\\: 14pt;'\\>ocal d'\\<strong\\>U\\<\\\/strong\\>\\<\\\/span\\>\\<span style\\='font\\-size\\: 14pt;'\\>rbanisme\\<\\\/span\\>\\<\\\/p\\><br \/>&nbsp;\"; toolTips('.classtoolTips176',tt_store_content,'4979'); <\/script><script type=\"text\/javascript\"> var tt_store_content = \"\\<p\\>Conseil \u00c9conomique et Social\\<\\\/p\\>\"; toolTips('.classtoolTips180',tt_store_content,'29829'); <\/script><script type=\"text\/javascript\"> var tt_store_content = \"\\<\/p>\n<p style\\='text\\-align\\: center;'\\>\\<span style\\='font\\-size\\: 14pt;'\\>\\<strong\\>A\\<\\\/strong\\>gence \\<strong\\>R\\<\\\/strong\\>\u00e9gionale de \\<strong\\>S\\<\\\/strong\\>ant\u00e9\\<\\\/span\\>\\<\\\/p\\>\"; toolTips('.classtoolTips188',tt_store_content,'18356'); <\/script><script type=\"text\/javascript\"> var tt_store_content = \"\\<\/p>\n<p style\\='text\\-align\\: center;'\\>\\<span style\\='font\\-size\\: 14pt;'\\>\\<strong\\>G\\<\\\/strong\\>roupement \\<strong\\>H\\<\\\/strong\\>ospitalier de \\<strong\\>T\\<\\\/strong\\>erritoire\\<\\\/span\\>\\<\\\/p\\><br \/>\\<\/p>\n<p style\\='text\\-align\\: justify;'\\>Les groupements hospitaliers de territoires, dispositif pr\u00e9vu par la loi de sant\u00e9 2016, sont un nouveau mode de coop\u00e9ration entre les \u00e9tablissements publics de sant\u00e9 \u00e0 l\u2019\u00e9chelle d\u2019un territoire\\<\\\/p\\>\"; toolTips('.classtoolTips189',tt_store_content,'18358'); <\/script><script type=\"text\/javascript\"> var tt_store_content = \"\\<\/p>\n<p style\\='text\\-align\\: center;'\\>\\<span style\\='font\\-size\\: 14pt;'\\>\\<strong\\>C\\<\\\/strong\\>omit\u00e9 \\<strong\\>T\\<\\\/strong\\>echnique d'\\<strong\\>\u00c9\\<\\\/strong\\>tablissement\\<\\\/span\\>\\<\\\/p\\>\"; toolTips('.classtoolTips191',tt_store_content,'18359'); <\/script><script type=\"text\/javascript\"> var tt_store_content = \"\\<\/p>\n<p style\\='text\\-align\\: center;'\\>\\<span style\\='font\\-size\\: 14pt;'\\>\\<strong\\>E\\<\\\/strong\\>volutionary \\<strong\\>P\\<\\\/strong\\>ower \\<strong\\>R\\<\\\/strong\\>eactor\\<\\\/span\\>\\<\\\/p\\><br \/>\\<\/p>\n<p style\\='text\\-align\\: justify;'\\>R\u00e9acteur nucl\u00e9aire de troisi\u00e8me g\u00e9n\u00e9ration \\(classification internationale\\), con\u00e7u et d\u00e9velopp\u00e9 par <span class='tooltipsall tooltip_post_id_5121 classtoolTips35'>Areva NP<\/span>&nbsp; au cours des ann\u00e9es 1990 et 2000\\. Il fait partie de la fili\u00e8re des r\u00e9acteurs \u00e0 eau pressuris\u00e9e\\.\\<\\\/p\\><br \/>\\<a href\\='https\\:\\\/\\\/fr\\.wikipedia\\.org\\\/wiki\\\/R%C3%A9acteur_pressuris%C3%A9_europ%C3%A9en' target\\='_blank' rel\\='noopener'\\>\\<em\\>Voir ici la fiche Wikipedia <span class='tooltipsall tooltip_post_id_5579 classtoolTips196'>EPR<\/span>\\<\\\/em\\>\\<\\\/a\\>\"; toolTips('.classtoolTips196',tt_store_content,'5579'); <\/script><script type=\"text\/javascript\"> var tt_store_content = \"\\<\/p>\n<p style\\='text\\-align\\: center;'\\>\\<strong\\>R\\<\\\/strong\\>\u00e9seau \\<strong\\>A\\<\\\/strong\\>ction \\<strong\\>C\\<\\\/strong\\>limat\\<\\\/p\\><br \/>Le r\u00e9seau Action Climat '\\<em\\>f\u00e9d\u00e8re les associations impliqu\u00e9es dans la lutte contre les changements climatiques et pour une transition \u00e9cologique, solidaire et \u00e9quitable\\<\\\/em\\>'\\.<\/p>\n<p>\\<a href\\='https\\:\\\/\\\/reseauactionclimat\\.org\\\/' target\\='_blank' rel\\='noopener'\\>Voir le site du <span class='tooltipsall tooltip_post_id_4309 classtoolTips200'>RAC<\/span>\\<\\\/a\\>\"; toolTips('.classtoolTips200',tt_store_content,'4309'); <\/script><script type=\"text\/javascript\"> var tt_store_content = \"\\<\/p>\n<p style\\='text\\-align\\: center;'\\>\\<strong\\>\\<span style\\='font\\-size\\: 14pt;'\\>R\\<\\\/span\\>\\<\\\/strong\\>\\<span style\\='font\\-size\\: 14pt;'\\>eferendum d'\\<strong\\>I\\<\\\/strong\\>nitiative \\<strong\\>C\\<\\\/strong\\>itoyenne\\<\\\/span\\>\\<\\\/p\\>\"; toolTips('.classtoolTips205',tt_store_content,'12268'); <\/script><script type=\"text\/javascript\"> var tt_store_content = \"\\<p\\><span class='tooltipsall tooltip_post_id_25844 classtoolTips208'>RTE<\/span> \\= R\u00e9seau de Transport d'Electricit\u00e9 est une filiale d'<span class='tooltipsall tooltip_post_id_7035 classtoolTips178'>EDF<\/span> qui est l'actionnaire majoritaire avec 50,1% des parts le reste \u00e9tant partag\u00e9 par la CDC et la CNP\\<\\\/p\\>\"; toolTips('.classtoolTips208',tt_store_content,'25844'); <\/script><script type=\"text\/javascript\"> var tt_store_content = \"\\<\/p>\n<p style\\='text\\-align\\: center;'\\>\\<span style\\='font\\-size\\: 14pt;'\\>\\<strong\\>O\\<\\\/strong\\>rganisation\\<strong\\> N\\<\\\/strong\\>on\\<strong\\> G\\<\\\/strong\\>ouvernementale\\<\\\/span\\>\\<\\\/p\\><br \/>Une organisation non gouvernementale \\(<span class='tooltipsall tooltip_post_id_3579 classtoolTips210'>ONG<\/span>\\) est une \\<a title\\='Association \u00e0 but non lucratif' href\\='https\\:\\\/\\\/fr\\.wikipedia\\.org\\\/wiki\\\/Association_%C3%A0_but_non_lucratif' target\\='_blank' rel\\='noopener'\\>association \u00e0 but non lucratif\\<\\\/a\\>, d'int\u00e9r\u00eat public, qui ne rel\u00e8ve ni de l'\u00c9tat, ni d'institutions internationales\\<sup id\\='cite_ref\\-novethic_1\\-0' class\\='reference'\\>\\<\\\/sup\\>\\. Les ONG n'ont pas le statut de sujet de \\<a title\\='Droit international public' href\\='https\\:\\\/\\\/fr\\.wikipedia\\.org\\\/wiki\\\/Droit_international_public' target\\='_blank' rel\\='noopener'\\>droit international\\<\\\/a\\>\\.\"; toolTips('.classtoolTips210',tt_store_content,'3579'); <\/script><script type=\"text\/javascript\"> var tt_store_content = \"\\<\/p>\n<p style\\='text\\-align\\: center;'\\>\\<span style\\='font\\-size\\: 14pt;'\\>\\<strong\\>O\\<\\\/strong\\>rganisation\\<strong\\> N\\<\\\/strong\\>on\\<strong\\> G\\<\\\/strong\\>ouvernementale\\<\\\/span\\>\\<\\\/p\\><br \/>Une organisation non gouvernementale \\(ONG\\) est une \\<a title\\='Association \u00e0 but non lucratif' href\\='https\\:\\\/\\\/fr\\.wikipedia\\.org\\\/wiki\\\/Association_%C3%A0_but_non_lucratif' target\\='_blank' rel\\='noopener'\\>association \u00e0 but non lucratif\\<\\\/a\\>, d'int\u00e9r\u00eat public, qui ne rel\u00e8ve ni de l'\u00c9tat, ni d'institutions internationales\\<sup id\\='cite_ref\\-novethic_1\\-0' class\\='reference'\\>\\<\\\/sup\\>\\. Les ONG n'ont pas le statut de sujet de \\<a title\\='Droit international public' href\\='https\\:\\\/\\\/fr\\.wikipedia\\.org\\\/wiki\\\/Droit_international_public' target\\='_blank' rel\\='noopener'\\>droit international\\<\\\/a\\>\\.\"; toolTips('.classtoolTips210',tt_store_content,'3579'); <\/script><script type=\"text\/javascript\"> var tt_store_content = \"\\<p\\><span class='tooltipsall tooltip_post_id_24572 classtoolTips211'>MIT<\/span> \\= Massachussets Institute of Technology, prestigieuse universit\u00e9 am\u00e9ricaine de la c\u00f4te est\\<\\\/p\\>\"; toolTips('.classtoolTips211',tt_store_content,'24572'); <\/script><script type=\"text\/javascript\"> var tt_store_content = \"\\<\/p>\n<p style\\='text\\-align\\: center;'\\>\\<strong\\>J\\<\\\/strong\\>eux \\<strong\\>O\\<\\\/strong\\>lympiques<br \/>ou<br \/>\\<strong\\>J\\<\\\/strong\\>ournal \\<strong\\>O\\<\\\/strong\\>fficiel de la R\u00e9publique Fran\u00e7aise\\<\\\/p\\>\"; toolTips('.classtoolTips213',tt_store_content,'4451'); <\/script><script type=\"text\/javascript\"> var tt_store_content = \"\\<p\\><span class='tooltipsall tooltip_post_id_30593 classtoolTips214'>RN<\/span> \\= Rassemble National, c'est le parti d'extr\u00eame droite de Marine Le Pen qui succ\u00e8de au FN \\= Front National fond\u00e9 par son p\u00e8re Jean Marie Le Pen\\<\\\/p\\>\"; toolTips('.classtoolTips214',tt_store_content,'30593'); <\/script><script type=\"text\/javascript\"> var tt_store_content = \"\\<\/p>\n<p style\\='text\\-align\\: center;'\\>\\<span style\\='font\\-size\\: 14pt;'\\>\\<strong\\>C\\<\\\/strong\\>entre \\<strong\\>H\\<\\\/strong\\>ospitalier\\<\\\/span\\>\\<\\\/p\\>\"; toolTips('.classtoolTips220',tt_store_content,'18357'); <\/script><script type=\"text\/javascript\"> var tt_store_content = \"\\<p\\>D\u00e9chets radioactifs \u00e0 Haute Activit\u00e9 \\(classement <span class='tooltipsall tooltip_post_id_3612 classtoolTips79'>ANDRA<\/span>\\)\\<\\\/p\\>\"; toolTips('.classtoolTips223',tt_store_content,'19196'); <\/script><\/p>\n","protected":false},"author":37,"featured_media":0,"comment_status":"open","ping_status":"open","sticky":false,"template":"","format":"standard","meta":{"_acf_changed":false,"ngg_post_thumbnail":0,"_jetpack_memberships_contains_paid_content":false,"footnotes":""},"categories":[6,9,28,130,5,27],"tags":[],"coauthors":[141],"class_list":["post-29113","post","type-post","status-publish","format-standard","hentry","category-actu","category-actu_gen","category-rub_env","category-rub_env_pesticides","category-rub_pol","category-rub","edition-edi_00103","type_art-type_art_article","no-thumb"],"acf":[],"jetpack_featured_media_url":"","jetpack_sharing_enabled":true,"jetpack_shortlink":"https:\/\/wp.me\/p9B5TM-7zz","_links":{"self":[{"href":"https:\/\/le-clairon-nouveau.fr\/wordpress\/wp-json\/wp\/v2\/posts\/29113","targetHints":{"allow":["GET"]}}],"collection":[{"href":"https:\/\/le-clairon-nouveau.fr\/wordpress\/wp-json\/wp\/v2\/posts"}],"about":[{"href":"https:\/\/le-clairon-nouveau.fr\/wordpress\/wp-json\/wp\/v2\/types\/post"}],"author":[{"embeddable":true,"href":"https:\/\/le-clairon-nouveau.fr\/wordpress\/wp-json\/wp\/v2\/users\/37"}],"replies":[{"embeddable":true,"href":"https:\/\/le-clairon-nouveau.fr\/wordpress\/wp-json\/wp\/v2\/comments?post=29113"}],"version-history":[{"count":0,"href":"https:\/\/le-clairon-nouveau.fr\/wordpress\/wp-json\/wp\/v2\/posts\/29113\/revisions"}],"wp:attachment":[{"href":"https:\/\/le-clairon-nouveau.fr\/wordpress\/wp-json\/wp\/v2\/media?parent=29113"}],"wp:term":[{"taxonomy":"category","embeddable":true,"href":"https:\/\/le-clairon-nouveau.fr\/wordpress\/wp-json\/wp\/v2\/categories?post=29113"},{"taxonomy":"post_tag","embeddable":true,"href":"https:\/\/le-clairon-nouveau.fr\/wordpress\/wp-json\/wp\/v2\/tags?post=29113"},{"taxonomy":"author","embeddable":true,"href":"https:\/\/le-clairon-nouveau.fr\/wordpress\/wp-json\/wp\/v2\/coauthors?post=29113"}],"curies":[{"name":"wp","href":"https:\/\/api.w.org\/{rel}","templated":true}]}}