{"id":29141,"date":"2023-11-23T12:52:32","date_gmt":"2023-11-23T11:52:32","guid":{"rendered":"https:\/\/le-clairon-nouveau.fr\/wordpress\/?p=29141"},"modified":"2024-02-23T16:32:40","modified_gmt":"2024-02-23T15:32:40","slug":"anti-sionisme-ou-anti-semitisme","status":"publish","type":"post","link":"https:\/\/le-clairon-nouveau.fr\/wordpress\/blog\/2023\/11\/23\/anti-sionisme-ou-anti-semitisme\/","title":{"rendered":"Anti-sionisme ou anti-s\u00e9mitisme ?"},"content":{"rendered":"<p style=\"text-align: justify;\"><span style=\"color: #186bde;\"><strong><u>Depuis le 7 octobre 2023<\/u><\/strong><strong><em> nous avons beaucoup lu, \u00e9cout\u00e9, r\u00e9fl\u00e9chi \u00e0 ce qui s\u2019est pass\u00e9 et qui se passe encore en Isra\u00ebl et en Palestine. Le torrent d\u2019informations, de r\u00e9cits, d\u2019hypoth\u00e8ses et d\u2019explications que nous recevons en continu, semble avoir cr\u00e9\u00e9 de la compr\u00e9hension, mais aussi de l\u2019incompr\u00e9hension, en tout cas beaucoup d\u2019affects, souvent stimul\u00e9s par les grands m\u00e9dias de formatage. Il nous a sembl\u00e9 n\u00e9cessaire, fid\u00e8les \u00e0 notre devise \u00ab <\/em><\/strong><strong>s\u2019exercer \u00e0 r\u00e9fl\u00e9chir<em>&nbsp;\u00bb, de recourir \u00e0 l\u2019histoire pour tenter d\u2019expliquer ce que veulent dire certains mots comme <\/em>antisionisme<em> ou <\/em>antis\u00e9mitisme <em>que d\u2019aucuns se jettent mutuellement \u00e0 la t\u00eate. C\u2019est pourquoi nous avons le plaisir de publier un excellent article \/ document de l\u2019historien Dominique Senac qui contribue r\u00e9guli\u00e8rement au Clairon. Il nous semble que vous y trouverez des explications utiles \u00e0 ce qui se passe actuellement au Moyen-Orient. <\/em><\/strong><\/span><\/p>\n<p style=\"text-align: right;\"><span style=\"color: #186bde;\"><em>La r\u00e9daction du Clairon<\/em><\/span><\/p>\n<ul>\n<li><span style=\"font-size: 10pt;\"><em><strong>Pour les&nbsp; images utilis\u00e9es dans cet article (auteurs et droits) voir notes en fin d&rsquo;article<\/strong><\/em><\/span><\/li>\n<\/ul>\n<h2 style=\"text-align: center;\">Antis\u00e9mitisme<\/h2>\n<p style=\"text-align: justify;\">Lexique : le mot \u00ab\u00a0<em>s\u00e9mite\u00a0\u00bb<\/em> a \u00e9t\u00e9 invent\u00e9 par Ludwig Sch\u00f6lzer [1735-1809], un linguiste allemand en 1781. <em><span class='tooltipsall tooltip_post_id_7168 classtoolTips142'>Sem<\/span><\/em> est un personnage biblique, l\u2019un des trois fils de No\u00e9, et l\u2019anc\u00eatre d\u2019Abraham. \u00ab\u00a0<em>S\u00e9mite<\/em>\u00a0\u00bb d\u00e9signait, \u00e0 l\u2019origine, un groupe de langues comprenant : l&rsquo;h\u00e9breu, l&rsquo;arabe, l&rsquo;aram\u00e9en, l&rsquo;akkadien, le sab\u00e9en, le mehri ou le ghez, des langues parl\u00e9es un peu partout entre la Corne D&rsquo;or et le Golfe Persique et entre le Yemen et la Syrie. Par extension, il d\u00e9signe aussi les peuples cens\u00e9s \u00eatre les descendants de Sem (dont les Juifs et les Arabes, mais pas seulement).<\/p>\n<p style=\"text-align: justify;\">Le terme \u00ab\u00a0<em>antis\u00e9mitisme\u00a0\u00bb<\/em> a \u00e9t\u00e9 invent\u00e9 par un journaliste allemand, Wilhelm Marr [1819-1904], en 1879. La m\u00eame ann\u00e9e, Marr a fond\u00e9 une \u00e9ph\u00e9m\u00e8re <em>Ligue antis\u00e9mitique<\/em> dont l\u2019organe officiel, <em>Die neue deutsche Wacht<\/em> (La nouvelle garde allemande), militait pour l\u2019expulsion de tous les Juifs vers la Palestine. Mais la \u00ab\u00a0haine des Juifs\u00a0\u00bb pr\u00e9existait \u00e0 l\u2019invention du terme.<\/p>\n<p style=\"text-align: justify;\"><strong>Les H\u00e9breux&nbsp;:<\/strong> au Moyen-Orient, au second mill\u00e9naire avant notre \u00e8re, entre 2000 av. <sup><a href=\"#footnote_1_29141\" id=\"identifier_1_29141\" class=\"footnote-link footnote-identifier-link\" title=\"tout au long de ce ce texte, &laquo;&nbsp;av.&nbsp;&raquo; est utilis&eacute; pour &laquo;&nbsp;av. JC&nbsp;&raquo;\">(1)<\/a><\/sup> et 1750 av (\u00e2ge du bronze), des tribus nomades, venues de Sumer (M\u00e9sopotamie) et du d\u00e9sert syro-arabe, parcourent le pays de Canaan. Les pluies y sont suffisamment abondantes et les points d\u2019eau nombreux. Puis elles se rendent en Egypte. Vers 1200 av., elles se s\u00e9dentarisent au pays de Canaan.<br \/>\nDeux petits royaumes naissent :Image<a href=\"https:\/\/i0.wp.com\/le-clairon-nouveau.fr\/wordpress\/wp-content\/uploads\/2023\/11\/Israel-Palestine-01.png?ssl=1\"><img data-recalc-dims=\"1\" loading=\"lazy\" decoding=\"async\" class=\"alignright wp-image-29161 size-medium\" src=\"https:\/\/i0.wp.com\/le-clairon-nouveau.fr\/wordpress\/wp-content\/uploads\/2023\/11\/Israel-Palestine-01.png?resize=252%2C300&#038;ssl=1\" alt=\"\" width=\"252\" height=\"300\" srcset=\"https:\/\/i0.wp.com\/le-clairon-nouveau.fr\/wordpress\/wp-content\/uploads\/2023\/11\/Israel-Palestine-01.png?resize=252%2C300&amp;ssl=1 252w, https:\/\/i0.wp.com\/le-clairon-nouveau.fr\/wordpress\/wp-content\/uploads\/2023\/11\/Israel-Palestine-01.png?w=276&amp;ssl=1 276w\" sizes=\"auto, (max-width: 252px) 100vw, 252px\" \/><\/a><\/p>\n<ul>\n<li style=\"text-align: justify;\">au nord et \u00e0 l\u2019est de la Mer Morte, Isra\u00ebl vers 930 av., dont la capitale est Samarie,<\/li>\n<li style=\"text-align: justify;\">\u00e0 l\u2019ouest de la Mer Morte, le royaume de Juda, vers 930 av., dont la capitale est J\u00e9rusalem.<\/li>\n<\/ul>\n<p style=\"text-align: justify;\">Vers 720 av., Isra\u00ebl est envahi par l\u2019Empire assyrien. Au d\u00e9but du VI<sup>e<\/sup> si\u00e8cle av., le royaume de Juda est envahi par les Babyloniens. J\u00e9rusalem est d\u00e9truite en 587 av. Nabuchodonosor II d\u00e9porte \u00e0 Babylone les \u00e9lites politiques et intellectuelles, mais les autres habitants ne sont pas contraints \u00e0 l\u2019exil. L\u2019historien Shlomo Sand montre que l\u2019arch\u00e9ologie contredit la plupart des mythes bibliques <sup><a href=\"#footnote_2_29141\" id=\"identifier_2_29141\" class=\"footnote-link footnote-identifier-link\" title=\"Le r&eacute;cit biblique n&rsquo;est pas un texte historique. La plupart des faits relat&eacute;s et des personnages cit&eacute;s n&rsquo;ont pas d&rsquo;historicit&eacute; attest&eacute;e. Il n&rsquo;existe, par exemple, aucune trace historique ou arch&eacute;ologique de l&rsquo;Exode. Mo&iuml;se n&rsquo;est cit&eacute; dans aucune source &eacute;gyptienne.\">(2)<\/a><\/sup>. La Diaspora n\u2019est pas le r\u00e9sultat de l\u2019expulsion des H\u00e9breux de Palestine mais celui du pros\u00e9lytisme, de conversions, parfois forc\u00e9es, au Proche-Orient, en Afrique du Nord, et en Europe du Sud : \u00ab\u00a0<em>le peuple juif<\/em>\u00a0\u00bb est un mythe, une invention du XIX<sup>e<\/sup> si\u00e8cle.<\/p>\n<p style=\"text-align: justify;\"><strong>Naissance du juda\u00efsme&nbsp;:<\/strong> la bible h\u00e9bra\u00efque a \u00e9t\u00e9 compos\u00e9e en plusieurs fois, du X<sup>e<\/sup> si\u00e8cle avant notre \u00e8re au 1<sup>er<\/sup> si\u00e8cle de notre \u00e8re. Elle rassemble et transcrit divers r\u00e9cits traditionnels oraux. Le juda\u00efsme, religion monoth\u00e9iste, a \u00e9volu\u00e9 sous l\u2019influence du syncr\u00e9tisme oriental. Les H\u00e9breux se distinguent des autres peuples par leur croyance en un dieu unique. En 622 av., cherchant \u00e0 recouvrer son ind\u00e9pendance et \u00e0 exploiter les difficult\u00e9s de Babylone et de l\u2019Egypte, le roi Josias [&nbsp;?av.-609 av.] fait r\u00e9diger le Deut\u00e9ronome pour unifier les H\u00e9breux. C\u2019est un acte fondateur.<\/p>\n<p><strong>L\u2019antijuda\u00efsme<\/strong>&nbsp;(id\u00e9ologie religieuse) pr\u00e9c\u00e8de puis nourrit l\u2019antis\u00e9mitisme (id\u00e9ologie raciste) : la stricte d\u00e9limitation entre <span class='tooltipsall tooltip_post_id_29829 classtoolTips180'>ces<\/span> deux notions, jusqu\u2019alors admise, est actuellement contest\u00e9e par les historiens.<\/p>\n<p><strong>Antiquit\u00e9<\/strong> : les Egyptiens, polyth\u00e9istes, manifestaient une extr\u00eame m\u00e9fiance \u00e0 l\u2019\u00e9gard des H\u00e9breux et des Perses mazd\u00e9istes. <br \/>\nDe la seconde moiti\u00e9 du II<sup>e<\/sup> si\u00e8cle avant notre \u00e8re datent \u00ab\u00a0<em>les premiers textes r\u00e9solument anti-juifs que nous ait laiss\u00e9 la tradition gr\u00e9co-romaine<\/em>\u00a0\u00bb (Adalberto Giovannini).<br \/>\nPaul de Tarse [vers 967], premier propagandiste du christianisme (ses treize lettres pr\u00e9c\u00e8dent les \u00e9vangiles), \u00e9crit dans sa premi\u00e8re \u00e9p\u00eetre aux Thessaloniciens : \u00ab\u00a0<em>Ce sont ces Juifs qui ont fait mourir le Seigneur J\u00e9sus et les proph\u00e8tes, qui nous ont pers\u00e9cut\u00e9s, qui ne plaisent point \u00e0 Dieu, et qui sont ennemis de tous les hommes<\/em>\u00ab\u00a0.<\/p>\n<p style=\"text-align: justify;\">Mais, c\u2019est surtout apr\u00e8s l\u2019institutionnalisation du christianisme au IV<sup>e<\/sup> si\u00e8cle, que sont syst\u00e9matis\u00e9es les vexations et les mesures d\u2019exclusion, d\u2019interdits, d\u2019oppression des Juifs et que se forge contre eux un corpus d\u2019inepties, de calomnies et de l\u00e9gendes noires :<\/p>\n<blockquote>\n<p style=\"text-align: justify;\">\u00ab\u00a0<em>Lorsque, par un des plus \u00e9tonnants renversements que l\u2019histoire connaisse, l\u2019\u00c9glise chr\u00e9tienne du rang de pers\u00e9cut\u00e9e s\u2019\u00e9leva (ou s\u2019abaissa) au rang d\u2019\u00c9glise victorieuse et bient\u00f4t officielle, il y a de cela quelque seize cents ans, au temps de Constantin empereur, entre les ann\u00e9es 312 et 337, du m\u00eame coup, le juda\u00efsme connut un \u00e9gal renversement de situation, mais en sens inverse. Lui qui avait b\u00e9n\u00e9fici\u00e9 jusque-l\u00e0 dans l\u2019Empire d\u2019un statut privil\u00e9gi\u00e9, se vit en peu de temps humili\u00e9, vilipend\u00e9, raval\u00e9. D\u00e8s lors, par l\u2019\u00e9troite collaboration de l\u2019\u00c9glise et de l\u2019\u00c9tat (chr\u00e9tien), commen\u00e7a de s\u2019\u00e9laborer un syst\u00e8me d\u2019exclusions, d\u2019interdictions, de vexations, lequel soumis \u00e0 d\u2019innombrables vicissitudes, atteignit son apog\u00e9e \u00e0 l\u2019\u00e9poque o\u00f9 l\u2019\u00c9glise elle-m\u00eame \u2013 l\u2019\u00c9glise romaine \u2013 parvenait au fa\u00eete du pouvoir, dans la grande chr\u00e9tient\u00e9 du XIII<sup>e<\/sup> si\u00e8cle<\/em>\u00ab\u00a0. (Jules Isaac, Gen\u00e8se de l\u2019antis\u00e9mitisme, 1956)<\/p>\n<\/blockquote>\n<p style=\"text-align: justify;\">Entre le II<sup>e<\/sup> et le VIII<sup>e<\/sup> si\u00e8cle, les P\u00e8res de l\u2019\u00c9glise nourrissent l\u2019hostilit\u00e9 des chr\u00e9tiens \u00e0 l\u2019\u00e9gard des Juifs. Jean Chrysostome [vers 344-407] est l\u2019auteur de huit hom\u00e9lies \u00ab\u00a0<em>Adversus Judaeos<\/em>\u00ab\u00a0. Le corpus anti-juda\u00efque chr\u00e9tien ressasse deux th\u00e8mes principaux :<\/p>\n<ol>\n<li>les Juifs sont collectivement d\u00e9icides et la dispersion est le <span class='tooltipsall tooltip_post_id_18357 classtoolTips220'>ch<\/span>\u00e2timent perp\u00e9tuel de ce crime,<\/li>\n<li>Dieu a choisi de substituer la foi chr\u00e9tienne au juda\u00efsme. Le christianisme est \u00ab\u00a0<em>Verus Isra\u00ebl\u00a0\u00bb<\/em> (le v\u00e9ritable Isra\u00ebl), mais les Juifs ont eu le tort de n\u2019avoir pas reconnu cette \u00ab\u00a0<em>nouvelle Alliance<\/em>\u00ab\u00a0.<\/li>\n<\/ol>\n<p style=\"text-align: justify;\"><strong>Au Moyen-\u00c2ge<\/strong>, l\u2019\u00e9tude du Talmud est, le plus souvent, tol\u00e9r\u00e9e mais surveill\u00e9e dans l\u2019Occident chr\u00e9tien &#8211; du moins jusqu\u2019au XIII<sup>e<\/sup> si\u00e8cle.<br \/>\nEn 1095, le pape Urbain II appelle \u00e0 la croisade, lors du concile de Clermont. Au cri de \u00ab\u00a0<em>Dieu le veut !<\/em>\u00ab\u00a0, des foules de croyants se jettent sur les chemins pour aller \u00ab\u00a0<em>d\u00e9livrer J\u00e9rusalem<\/em>\u00a0\u00bb des \u00ab\u00a0<em>infid\u00e8les<\/em>\u00ab\u00a0. Des pogroms pr\u00e9c\u00e8dent leur d\u00e9part \u00e0 Rouen, Metz, Cologne, Mayence, Worms, etc.<br \/>\nVers 1140, Pierre le V\u00e9n\u00e9rable [vers 1092-1156], abb\u00e9 de Cluny, r\u00e9dige des \u00e9crits tr\u00e8s violents contre les Juifs.<br \/>\nEn novembre 1215, le canon 67 du quatri\u00e8me concile du Latran interdit l\u2019usure et restreint le pr\u00eat \u00e0 int\u00e9r\u00eat&nbsp;; le canon 68 impose le port d\u2019un signe distinctif pour les Juifs et les Sarrazins&nbsp;; le canon 69 les exclut des charges publiques. La rumeur pr\u00e9tend que les Juifs r\u00e9pandraient du sang humain et proc\u00e9deraient \u00e0 des meurtres rituels (Narbonne en 1236).<br \/>\nLouis IX, dit Saint-Louis [1214-1270], tente de convertir de force les Juifs au christianisme et leur impose le br\u00fblement du Talmud entre 1242 et 1244 et le port de la rouelle en 1269.<br \/>\nA la fin du Moyen-\u00e2ge, les pers\u00e9cutions s\u2019amplifient. Au XIV<sup>e<\/sup> si\u00e8cle, les Juifs sont accus\u00e9s d\u2019empoisonner les puits, d\u2019avoir propag\u00e9 la peste noire de 1348-1350, de profaner les hosties, etc. En 1349, les Juifs de Strasbourg sont br\u00fbl\u00e9s vifs par les chr\u00e9tiens. Au XV<sup>e<\/sup> si\u00e8cle, en Espagne, 200&nbsp;000 Juifs sont forc\u00e9s \u00e0 la conversion ou \u00e0 l\u2019exil. Etc.<\/p>\n<p style=\"text-align: justify;\"><strong>A l\u2019Epoque Moderne&nbsp;<\/strong>:&nbsp;\u00e0 la Renaissance, en 1516, Venise impose aux Juifs de se regrouper et d\u2019habiter dans un quartier ferm\u00e9&nbsp;: le tout premier ghetto.<br \/>\nAu XVII<sup>e<\/sup> si\u00e8cle, en Ukraine de 1646 \u00e0 1648, plus de 100 000 Juifs sont massacr\u00e9s\u2026<\/p>\n<p style=\"text-align: justify;\"><strong>Histoire contemporaine&nbsp;:<\/strong> la R\u00e9volution fran\u00e7aise \u00e9mancipe les Juifs. Le 27 septembre 1791, l\u2019Assembl\u00e9e nationale Constituante leur reconna\u00eet l\u2019\u00e9galit\u00e9 des droits, l\u2019\u00e9galit\u00e9 politique et juridique. Cela a un retentissement dans toute l\u2019Europe. De ce jour, la question semblait d\u00e9finitivement r\u00e9gl\u00e9e en France. Mais 91 ans plus tard\u2026<\/p>\n<h2 style=\"text-align: center;\">L\u2019antis\u00e9mitisme : une id\u00e9ologie raciste<\/h2>\n<p style=\"text-align: justify;\"><strong>L\u2019Union G\u00e9n\u00e9rale<\/strong>, petite banque lyonnaise, fond\u00e9e en 1875, par des catholiques l\u00e9gitimistes, aspirait \u00e0 devenir la grande banque catholique qui arracherait \u00ab\u00a0<em>les grandes forces du capital associ\u00e9 aux isra\u00e9lites et aux protestants<\/em>\u00ab\u00a0. Le comte de Chambord [1820-1883], chef des l\u00e9gitimistes, le pape L\u00e9on XIII [1810-1903], et de nombreux eccl\u00e9siastiques en \u00e9taient actionnaires. En 1878, la banque fit appel \u00e0 l\u2019homme d\u2019affaires Paul Eug\u00e8ne Bontoux [1820-1904]. A la suite d\u2019op\u00e9rations risqu\u00e9es, et pour certaines d\u00e9lictueuses, l\u2019Union G\u00e9n\u00e9rale r\u00e9alisa des profits colossaux. En d\u00e9pit des mises en garde, la fi\u00e8vre sp\u00e9culative s\u2019emballa. L\u2019action de l\u2019Union G\u00e9n\u00e9rale, \u00e9mise \u00e0 500 francs en 1878, atteignit 3000 francs en d\u00e9cembre 1881. Le 19 janvier 1882 elle s\u2019effondra. Le 30, la banque fut d\u00e9clar\u00e9e en faillite, entra\u00eenant un tr\u00e8s grand nombre de faillites industrielles. Bontoux pr\u00e9tendit que Rothschild \u00e9tait responsable du krach. L\u2019enqu\u00eate judiciaire r\u00e9v\u00e9la des irr\u00e9gularit\u00e9s dans la gestion de l\u2019Union G\u00e9n\u00e9rale : souscriptions factices, comptes falsifi\u00e9s, profits fictifs.<\/p>\n<blockquote>\n<p style=\"text-align: justify;\">\u00ab\u00a0<em>La chute de l\u2019Union G\u00e9n\u00e9rale fut, en France, une affaire politique consid\u00e9rable ; les \u00e9l\u00e9ments conservateurs, qui s\u2019\u00e9taient d\u2019enthousiasme, embarqu\u00e9s dans la gal\u00e8re, accus\u00e8rent de leur \u00e9chec \u00ab les juifs \u00bb, \u00ab les francs-ma\u00e7ons \u00bb, les radicaux, la R\u00e9publique, \u00ab la gueuse \u00bb [\u2026] Toutes les contradictions et les mis\u00e8res qu\u2019engendrait naturellement l\u2019\u00e9volution du syst\u00e8me \u00e9conomique de la \u00ab libre-entreprise \u00bb furent mises au compte du juif. Le d\u00e9lire antis\u00e9mite avait trouv\u00e9 l\u00e0 mati\u00e8re \u00e0 se r\u00e9pandre et \u00e0 consumer les capacit\u00e9s de r\u00e9flexion de ceux qui en \u00e9taient saisis<\/em>\u00ab\u00a0. (Jean Bouvier)<\/p>\n<\/blockquote>\n<p style=\"text-align: justify;\">Le krach de L\u2019Union G\u00e9n\u00e9rale, est l\u2019\u00e9l\u00e9ment d\u00e9clencheur du r\u00e9veil de de l\u2019antis\u00e9mitisme, aussi bien litt\u00e9raire que populaire. Le journaliste Edouard Drumont [1844-1917] publie \u00ab\u00a0<em>La France Juive<\/em>\u00a0\u00bb en 1886 et fonde \u00ab\u00a0<em>La Libre Parole<\/em>\u00a0\u00bb en 1892. Le journaliste Jules-Napol\u00e9on Gu\u00e9rin [1860-1910], futur protagoniste de l\u2019affaire du Fort Chabrol en1899, fonde la \u00ab\u00a0<em>Ligue antima\u00e7onnique et antis\u00e9mitique du Grand Occident de France<\/em>\u00a0\u00bb en 1897. La Croix se proclame \u00ab\u00a0<em>Le journal le plus antis\u00e9mite de France<\/em>\u00ab\u00a0. Maurice Barr\u00e8s [1862-1923], Jacques Bainville [1879-1935], L\u00e9on Daudet [1867-1942] en d\u00e9goulinent.<\/p>\n<p style=\"text-align: justify;\"><strong>L\u2019Affaire Dreyfus<\/strong> \u00e9clate le 13 janvier 1898. Dans \u00ab\u00a0<em>J\u2019accuse !<\/em>\u00ab\u00a0, Emile Zola d\u00e9nonce l\u2019erreur judiciaire, l\u2019absence de mobile et de preuves, les pr\u00e9jug\u00e9s, mensonges, l\u2019usage de faux, la duplicit\u00e9 et les man\u0153uvres d\u2019officiers sup\u00e9rieurs de l\u2019Arm\u00e9e fran\u00e7aise et \u00ab\u00a0<em>l\u2019odieux antis\u00e9mitisme dont la grande France lib\u00e9rale des droits de l\u2019homme mourra si elle n\u2019en est pas gu\u00e9rie<\/em>\u00ab\u00a0.<br \/>\nC\u2019est ce qui a fait condamner, en 1894, un innocent \u00e0 la d\u00e9gradation militaire et \u00e0 la d\u00e9portation \u00e0 vie au bagne de Cayenne en Guyane. Le capitaine Alfred Dreyfus [1859-1935], officier d\u2019\u00e9tat-major, \u00e9tait pr\u00e9sum\u00e9 coupable, parce qu\u2019il \u00e9tait juif !<br \/>\nLa France se divise aussit\u00f4t en deux camps oppos\u00e9s : dreyfusards, partisans de la r\u00e9vision du proc\u00e8s (dont Jean Jaur\u00e8s [1859-1914]) et antidreyfusards, soutenant la hi\u00e9rarchie militaire. La presse est alors majoritairement antidreyfusarde. Des manifestations antis\u00e9mites se succ\u00e8dent dans toute la France aux cris de \u00ab\u00a0<em>Vive l\u2019Arm\u00e9e ! Mort aux Juifs !<\/em>\u00ab\u00a0. En 1899, la Cour de cassation invalide le jugement de 1894. Puis le Conseil de guerre de Rennes, rend un verdict grotesque : \u00ab\u00a0<em>coupable de haute trahison avec circonstances att\u00e9nuantes<\/em>\u00a0\u00bb ! Graci\u00e9 en septembre 1899, Dreyfus sera r\u00e9habilit\u00e9 en 1906.<br \/>\nC&rsquo;est au cours de l&rsquo;affaire Dreyfus, en 1899, que Charles Maurras [1868-1952], journaliste et \u00e9crivain r\u00e9actionnaire, a fond\u00e9 l\u2019<em>Action fran\u00e7aise<\/em>, mouvement d\u2019extr\u00eame-droite, nationaliste, monarchiste, catholique et antis\u00e9mite. Sa pens\u00e9e a inspir\u00e9 la <em>R\u00e9volution nationale<\/em> du mar\u00e9chal P\u00e9tain [1856-1951] et du r\u00e9gime de Vichy (juin 1940-ao\u00fbt 1944), sa l\u00e9gislation antis\u00e9mite et la collaboration avec l\u2019Allemagne nazie.<br \/>\nDe nos jours, les fondateurs du Front national devenu Rassemblement national, ainsi que M\u00e9nard, Zemmour ou Marion Mar\u00e9chal Le Pen, s\u2019en r\u00e9clament. Ces gens-l\u00e0 manifestant contre l\u2019antis\u00e9mitisme ? &#8230; Une farce cynique !<br \/>\nL\u2019actualit\u00e9 de l\u2019influence de Maurras ne s\u2019arr\u00eate d\u2019ailleurs pas l\u00e0, mais c\u2019est une autre histoire.<\/p>\n<p style=\"text-align: justify;\">L\u2019Eglise catholique avait beaucoup \u00e0 se faire pardonner, outre l\u2019antijuda\u00efsme et autres p\u00e9ch\u00e9s v\u00e9niels, son attitude \u00e0 l\u2019\u00e9gard du r\u00e9gime nazi : concordat de 1933 avec le r\u00e9gime nazi, silence de Pie XII sur le g\u00e9nocide juif, collaboration ouverte &#8211; notamment en France -, fili\u00e8res d\u2019\u00e9vasion des criminels nazis, etc. <br \/>\nEn octobre 1965, la d\u00e9claration <em>Nostra Aetate<\/em> du concile Vatican II (1962-1965) sur les relations de l\u2019Eglise catholique avec les religions non chr\u00e9tiennes, dont le juda\u00efsme, a rompu avec la <em>doctrine du Syllabus<\/em> de 1864 et a encourag\u00e9 la reconnaissance et l\u2019estime mutuelle entre juifs et chr\u00e9tiens. L\u2019\u00c9glise avait-elle vraiment chang\u00e9 ou s\u2019\u00e9tait-elle seulement conform\u00e9e aux besoins de l\u2019ordre de Yalta ?<br \/>\nEn 1993, le Vatican a reconnu l\u2019Etat d\u2019Isra\u00ebl\u2026<\/p>\n<h2 style=\"text-align: center;\">Sionisme<\/h2>\n<p style=\"text-align: justify;\">Lexique : <em><strong>Sion<\/strong><\/em> est une colline au sud de la vieille ville de J\u00e9rusalem. Par m\u00e9tonymie, \u00ab\u00a0<em>Sion<\/em>\u00a0\u00bb d\u00e9signe, dans la Bible h\u00e9bra\u00efque, la ville de J\u00e9rusalem et par extension le peuple juif. <br \/>\n<em><strong>Sionisme<\/strong><\/em> : est un mot apparu vers 1880. Il d\u00e9signe un projet politique de colonisation dont le but est de cr\u00e9er \u00e0 terme un \u00c9tat pour le \u00ab\u00a0<em>peuple juif<\/em>\u00ab\u00a0, un Etat th\u00e9ocratique, sur les \u00ab\u00a0<em>terres ancestrales du peuple juif<\/em>\u00ab\u00a0, c&rsquo;est-\u00e0-dire les anciens royaumes de Juda et d&rsquo;Isra\u00ebl.<br \/>\n<strong><em>L\u2019antisionisme<\/em><\/strong> est une opinion politique oppos\u00e9e \u00e0 la colonisation de la Palestine, favorable \u00e0 la reconnaissance des droits du peuple palestinien dont le droit au retour, favorable \u00e0 l\u2019abolition de l\u2019\u00c9tat th\u00e9ocratique sioniste pr\u00e9dateur, remplac\u00e9 par un \u00c9tat la\u00efque et d\u00e9mocratique.<\/p>\n<p style=\"text-align: justify;\"><strong>La Palestine&nbsp;:<\/strong> durant les quatre si\u00e8cles de domination ottomane, ce n\u2019est qu\u2019une expression g\u00e9ographique de 27&nbsp;009 km\u00b2. En 1864, l\u2019Empire ottoman est divis\u00e9 administrativement en 27 provinces (vilayet).<br \/>\nLe territoire de la Palestine est r\u00e9parti entre la province de Beyrouth et la circonscription ind\u00e9pendante de J\u00e9rusalem, directement rattach\u00e9e au pouvoir central. Sur une population totale de 470&nbsp;000 habitants en 1882, il y a moins de 25&nbsp;000 Juifs en Palestine, la plupart s\u00e9farades, habitant J\u00e9rusalem, H\u00e9bron, Gaza, Tib\u00e9riade et Safed.<br \/>\nLa population de la Palestine a plus que doubl\u00e9 entre 1880 et 1914. Cela a stimul\u00e9 l\u2019\u00e9conomie qui s\u2019est modernis\u00e9e. D\u00e8s 1869, la grande propri\u00e9t\u00e9 fonci\u00e8re domine. Les capitalistes des villes c\u00f4ti\u00e8res (principalement Libanais) investissent dans la terre. La premi\u00e8re route carrossable est ouverte entre Jaffa et J\u00e9rusalem la m\u00eame ann\u00e9e. En 1892, ces deux villes sont reli\u00e9es par une ligne de chemin de fer.<\/p>\n<p style=\"text-align: justify;\"><strong>Les pogroms<\/strong>&nbsp;: l\u2019assassinat du tsar Alexandre II, en mars 1881, par l\u2019organisation populiste <em>Narodna\u00efa Volia<\/em> (<em>La Volont\u00e9 du Peuple<\/em>), d\u00e9cha\u00eene une vague de pogroms dans l\u2019Empire russe&nbsp;: \u00e0 Elizavetgrad, puis dans 160 villes et bourgs du sud de l\u2019Ukraine dont Kiev, en 1881, parfois avec le soutien de la police&nbsp;; \u00e0 Varsovie \u00e0 No\u00ebl 1881, \u00e0 Balta en 1882, \u00e0 Rostov-sur-le Don en 1883, \u00e0 Nijni-Novgorod en 1884, \u00e0 Kichinev en 1903&nbsp;et 1905. Le tsar Alexandre III a fait adopter des lois discriminatoires en 1882. L\u2019<em>Okhrana<\/em>, sa police secr\u00e8te, attise la haine des Juifs en fabriquant un faux historique&nbsp;en 1903 : <em>Les protocoles des Sages de Sion<\/em> visant \u00e0 accr\u00e9diter la fable d\u2019un vaste complot juif et franc-ma\u00e7on de conqu\u00eate du monde.<\/p>\n<p style=\"text-align: justify;\"><strong>Naissance du sionisme<\/strong>&nbsp;: 3,3 millions de Juifs fuient les pogroms. 85,4% d\u2019entre eux s\u2019\u00e9tablissent aux Etats-Unis. Une petite minorit\u00e9 d\u00e9veloppe le mythe du&nbsp; \u00ab\u00a0<em>peuple juif<\/em>\u00a0\u00bb et d\u2019un \u00ab\u00a0<em>retour des Juifs en Palestine<\/em>\u00a0\u00bb afin d\u2019y cr\u00e9er un Etat th\u00e9ocratique. Le sionisme est un projet politique de colonisation ne tenant aucun compte de l\u2019existence et des droits des Arabes \u00e9tablis sur leurs terres ancestrales de Palestine.<br \/>\nL\u00e9on Pinsker [1821-1891], fonde le mouvement \u00ab\u00a0<em>Amour de Sion<\/em>\u00a0\u00bb en 1881, Isra\u00ebl Belkind [1861-1929], le mouvement <em>Bilou<\/em> en 1882.<br \/>\nTh\u00e9odor Herzl [1860-1904], journaliste austro-hongrois, publie <em>L\u2019Etat des Juifs<\/em> en 1896 et fonde le <em>mouvement sioniste<\/em> au Congr\u00e8s mondial de B\u00e2le en 1897, auquel se rallient tous les groupes sionistes jusque-l\u00e0 \u00e9pars.<br \/>\nEn 1899, Herzl cr\u00e9e une banque, le <em>Fonds pour l\u2019implantation juive, pour l\u2019achat de terre en Palestine<\/em>. D\u00e8s 1882, le baron Edmond de Rothschild [1845-1934] ach\u00e8te des terres en Palestine et finance l\u2019implantation de colonies sionistes (la premi\u00e8re s\u2019installe \u00e0 Rishon-LeZion). Les sionistes sont ultra minoritaires parmi les Juifs de ce temps. 35&nbsp;000 Juifs russes s\u2019installent en Palestine entre 1882 et 1903 (1\u00e8re <em>aliyah<\/em>)&nbsp;; 40&nbsp;000 entre 1903 et 1914 (2e <em>aliyah<\/em>). Peu avant 1914, ils repr\u00e9sentent \u00e0 peine 8% de la population en Palestine.<\/p>\n<p style=\"text-align: justify;\"><strong>Le Bund antisioniste<\/strong>&nbsp;: sauf exception, les Juifs aspirent \u00e0 l\u2019assimilation. L\u2019<em>Union G\u00e9n\u00e9rale des Travailleurs Juifs de Lituanie, de Pologne et de Russie<\/em> (le <em>Bund<\/em>), fond\u00e9e en octobre 1897 \u00e0 Vilnius, en est l\u2019organisation la plus repr\u00e9sentative. Son audience est consid\u00e9rable parmi les ouvriers, les artisans et les intellectuels juifs. Le Bund, parti politique r\u00e9volutionnaire, la\u00efque et socialiste, revendique le droit des Juifs \u00e0 fonder une nation de langue yiddish. Il s\u2019oppose \u00e0 la reconstitution de l\u2019h\u00e9breu comme langue nationale et aux rabbins, \u00ab\u00a0<em>agents de la r\u00e9action<\/em>\u00ab\u00a0. Il condamne \u00ab\u00a0<em>l\u2019\u00e9migration en Palestine, qui est une fuite en avant<\/em>\u00ab\u00a0. Son 4<sup>e<\/sup> congr\u00e8s \u00ab\u00a0<em>consid\u00e8re le sionisme comme une r\u00e9action de la classe bourgeoise contre l&rsquo;antis\u00e9mitisme et la situation anormale du peuple juif. Le sionisme politique \u00e9rigeant pour but la cr\u00e9ation d&rsquo;un territoire pour le peuple juif ne peut pr\u00e9tendre r\u00e9soudre la question juive, [&#8230;] ni satisfaire le peuple dans son ensemble\u00a0\u00bb<\/em> <sup><a href=\"#footnote_3_29141\" id=\"identifier_3_29141\" class=\"footnote-link footnote-identifier-link\" title=\"Cit&eacute; par Henri Minczeles,&nbsp;Histoire g&eacute;n&eacute;rale du Bund, un mouvement r&eacute;volutionnaire juif, Deno&euml;l, 1999,&nbsp;p.&nbsp;68\">(3)<\/a><\/sup>. Le Bund contribue \u00e0 la fondation du <em>parti ouvrier d\u00e9mocrate socialiste de Russie<\/em> (PODSR), \u00e0 Minsk en 1898.<\/p>\n<p style=\"text-align: left;\"><strong>Le jeu trouble des puissances imp\u00e9rialistes<\/strong><\/p>\n<p>Fin octobre 1914, l\u2019Empire ottoman entre en guerre aux c\u00f4t\u00e9s des puissances centrales : Allemagne, Autriche-Hongrie.<\/p>\n<p style=\"text-align: justify;\"><strong>L\u2019accord secret Sykes-Picot,<\/strong> sign\u00e9 le 16 mai 1916, par le Royaume Uni et la France, avec l\u2019approbation de la Russie et de l\u2019Italie, pr\u00e9voit le d\u00e9coupage du Proche-Orient en cinq zones, au m\u00e9pris des aspirations nationales arabes et des engagements pris aupr\u00e8s du ch\u00e9rif Hussein Ibn Ali [1853-1931] \u00e0 qui avait \u00e9t\u00e9 promis la cr\u00e9ation d\u2019un Etat arabe ind\u00e9pendant. Le territoire de la future Palestine mandataire, fait partie de la zone d\u2019influence britannique. L\u2019enjeu est g\u00e9ostrat\u00e9gique : contr\u00f4ler les ports d\u2019Acre et d\u2019<span class='tooltipsall tooltip_post_id_19196 classtoolTips223'>Ha<\/span>\u00effa en Palestine, c\u2019est s\u00e9curiser le canal de Suez \u00ab\u00a0<em>point nodal dans tout le syst\u00e8me de communication de l\u2019Empire britannique<\/em>\u00a0\u00bb comprenant la route des Indes, et s\u2019assurer le contr\u00f4le des richesses p\u00e9troli\u00e8res du Moyen-Orient&#8230;<\/p>\n<p style=\"text-align: justify;\"><strong>La D\u00e9claration Balfour<\/strong> du 2 novembre 1917 est une lettre ouverte du secr\u00e9taire d\u2019Etat aux Affaires \u00e9trang\u00e8res britannique, Arthur Balfour [1848-1930], adress\u00e9e au baron Lionel Walther de Rothschild [1868-1937]. Elle soutient le projet d\u2019\u00e9tablissement en Palestine \u00ab\u00a0<em>d\u2019un foyer national pour le peuple juif<\/em>\u00ab\u00a0. L\u2019imp\u00e9rialisme britannique veut exploiter la colonisation sioniste pour ses propres int\u00e9r\u00eats, contre les masses arabes (diviser pour r\u00e9gner) et assurer son h\u00e9g\u00e9monie dans la r\u00e9gion au d\u00e9triment de son \u00ab\u00a0<em>alli\u00e9<\/em>\u00a0\u00bb fran\u00e7ais. La conf\u00e9rence de San R\u00e9mo de la Soci\u00e9t\u00e9 des Nations (SDN), de 1920, ent\u00e9rine les accords Sykes-Picot et donne mandat provisoire au Royaume Uni sur la Palestine, confirm\u00e9 en 1922. Le trait\u00e9 de S\u00e8vres du 10 ao\u00fbt 1920, organise le d\u00e9pe\u00e7age de l\u2019Empire ottoman. Sa brutalit\u00e9 provoque la r\u00e9volte nationaliste de Mustapha Kemal [1881-1938]. L\u2019imp\u00e9rialisme britannique a \u00e9tabli un protectorat sur l\u2019Egypte et le Koweit. L\u2019Irak est sous mandat et l\u2019\u00e9mirat Hach\u00e9mite de Transjordanie a \u00e9t\u00e9 cr\u00e9\u00e9 en 1921. L\u2019\u00e9mir Abdallah 1er est aux ordres de Britanniques. Le Congr\u00e8s am\u00e9ricain approuve la D\u00e9claration Balfour en 1922<\/p>\n<p style=\"text-align: justify;\"><strong>La Palestine mandataire<\/strong>&nbsp;: pour assurer sa domination, l\u2019imp\u00e9rialisme britannique instrumentalise \u00e0 la fois le sionisme et les rivalit\u00e9s claniques et tribales arabes. Les Arabes refusent la cr\u00e9ation d\u2019un \u00ab\u00a0<em>foyer national juif<\/em>\u00a0\u00bb en Palestine et revendiquent la cr\u00e9ation d\u2019un Etat ind\u00e9pendant de Palestine, la fin de l\u2019immigration juive et de l\u2019achat de terres. Mais ils sont divis\u00e9s.<br \/>\nLes sionistes ont cr\u00e9\u00e9 une milice d\u2019auto-d\u00e9fense en 1920 : la <em>Haganah<\/em>.<br \/>\nUne fraction plus droiti\u00e8re s\u2019en s\u00e9pare en 1931 et cr\u00e9e l\u2019<em>Irgoun Tzva\u00ef L\u00e9houmi<\/em>, qui organise l\u2019immigration clandestine de Juifs en Palestine, des op\u00e9rations de repr\u00e9sailles et des attentats contre des civils arabes et les forces d\u2019occupation britanniques.<br \/>\nL\u2019<em>Agence juive<\/em>, cr\u00e9\u00e9e en 1929 est un gouvernement de fait de la population juive en Palestine.<\/p>\n<p style=\"text-align: justify;\"><strong>La R\u00e9volte arabe de 1936-1939<\/strong>&nbsp;: \u00e9meutes urbaines et affrontements sanglants se succ\u00e8dent de 1920 \u00e0 1936. L\u2019arriv\u00e9e au pouvoir d\u2019Adolf Hitler en Allemagne, et l\u2019accord <em>Haavara<\/em>, sign\u00e9 le 25 ao\u00fbt 1933 par les sionistes et le r\u00e9gime nazi, amplifient la vague d\u2019immigration juive en Palestine. En avril 1936, un mouvement de gr\u00e8ve g\u00e9n\u00e9rale et de boycott des produits anglais et sionistes, se transforme en insurrection. Pour la premi\u00e8re fois, toute la Palestine se soul\u00e8ve. En juillet 1937, la <em>commission Peel<\/em> propose la partition de la Palestine en deux Etats distincts, l\u2019un Juif et l\u2019autre Arabe. Ces propositions sont rejet\u00e9es. La r\u00e9volte reprend. Les Britanniques soutiennent la <em>Haganah<\/em> contre les milices palestiniennes et d\u00e9chainent une r\u00e9pression f\u00e9roce. La r\u00e9volte prend fin en 1939. Les Britanniques limitent l&rsquo;immigration des Juifs en Palestine (3e livre blanc). En 1939, il y a 1,07 million d\u2019Arabes et 460 000 Juifs en Palestine. Le mythe d&rsquo;<em> \u00ab\u00a0une terre sans peuple pour un peuple sans terre\u00a0\u00bb<\/em> ne r\u00e9siste pas \u00e0 l\u2019examen des faits.<\/p>\n<p style=\"text-align: justify;\"><strong>De la duplicit\u00e9 des dirigeants sionistes<\/strong>&nbsp;: en 1939, le gouvernement antis\u00e9mite polonais, qui veut chasser tous les Juifs de Pologne, finance l\u2019<em>Irgoun<\/em> et lui remet 5000 fusils. L\u2019arm\u00e9e polonaise entraine 25 officiers de l\u2019<em>Irgoun<\/em> aux techniques de sabotage. A l\u2019exception de raids a\u00e9riens italiens en 1940 et en juin 1941, sur le port d\u2019Ha\u00effa et sur Tel Aviv, la Palestine est \u00e9pargn\u00e9e durant la Seconde Guerre Mondiale. Montgomery [1887-1976] \u00e9carte d\u00e9finitivement toute menace sur la Palestine en repoussant l\u2019Afrikakorps \u00e0 El Alamein en novembre 1942. Jusqu\u2019alors, les dirigeants sionistes, parfaitement renseign\u00e9s, ont tu ou minimis\u00e9 le g\u00e9nocide des Juifs en cours en Europe. Aucun Etat n\u2019a ouvert ses fronti\u00e8res aux pers\u00e9cut\u00e9s. D\u00e8s 1944, les Etats-Unis interdisent la d\u00e9livrance de visas pour les Juifs d\u2019Europe centrale et orientale afin de les drainer vers la Palestine.<\/p>\n<p style=\"text-align: justify;\"><strong>La naissance de l\u2019Etat d\u2019Isra\u00ebl<\/strong>&nbsp;: l\u2019histoire du sionisme, c\u2019est celle d\u2019une colonisation ; l\u2019histoire de l\u2019Etat sioniste d\u2019Isra\u00ebl, c\u2019est celle d\u2019un nettoyage ethnique et d\u2019un r\u00e9gime d\u2019apartheid, toujours d\u2019actualit\u00e9.<br \/>\nLa r\u00e9v\u00e9lation de l\u2019extermination de 6 millions de Juifs par le r\u00e9gime nazi, a produit un choc \u00e9motionnel dans le monde entier, aussit\u00f4t instrumentalis\u00e9 par l\u2019imp\u00e9rialisme et le sionisme : \u00ab\u00a0<em>par son impact psychologique et moral, la Shoah a ind\u00e9niablement ouvert la voie aux objectifs sionistes en Palestine<\/em>\u00a0\u00bb (Catherine Nicault). D\u00e8s l\u2019Entre-deux-guerres, les compagnies p\u00e9troli\u00e8res am\u00e9ricaines s\u2019\u00e9taient solidement implant\u00e9es au Moyen-Orient. Au lendemain de la Seconde Guerre Mondiale, l\u2019imp\u00e9rialisme am\u00e9ricain supplante l\u2019imp\u00e9rialisme britannique. Il a besoin d\u2019un gendarme dans cette r\u00e9gion strat\u00e9gique, c\u2019est-\u00e0-dire d\u2019un Etat comprador et d\u2019une arm\u00e9e, capables d\u2019interdire toute remise en cause de l\u2019 \u00ab\u00a0<em>ordre<\/em>\u00a0\u00bb imp\u00e9rialiste. Entre 1946 et 2023, les \u00c9tats-Unis ont vers\u00e9 260 milliards de dollars \u00e0 Isra\u00ebl, dont la moiti\u00e9 au titre de l\u2019aide militaire (Rapport du Congr\u00e8s US de mars 2023). Sans cet argent, l\u2019Etat sioniste ne serait pas viable.<\/p>\n<p style=\"text-align: justify;\">Le 22 juillet 1946, l\u2019attentat \u00e0 la bombe de l\u2019h\u00f4tel King David de J\u00e9rusalem, organis\u00e9 par l\u2019Irgoun, et dirig\u00e9 contre le quartier g\u00e9n\u00e9ral britannique, fait 91 morts et 46 bless\u00e9s. Le gouvernement britannique renonce \u00e0 son mandat sur la Palestine et informe l\u2019ONU qu\u2019il cessera de l\u2019exercer en 1948. Ordre de Yalta oblige, la bureaucratie stalinienne apporte son concours au projet sioniste. Le 14 mai1947, Andre\u00ef Gromyko [1909-1989], ministre des affaires \u00e9trang\u00e8res de l\u2019URSS, se d\u00e9clare \u00ab\u00a0<em>favorable \u00e0 la partition<\/em>\u00ab\u00a0. Le 29 novembre 1947, la r\u00e9solution 181 de l\u2019ONU est approuv\u00e9e. Elle pr\u00e9voit la cr\u00e9ation d\u2019un Etat juif, d\u2019un Etat arabe et d\u2019un territoire, englobant J\u00e9rusalem et ses environs proches, plac\u00e9 sous contr\u00f4le international. 55% des territoires sont attribu\u00e9s aux sionistes et 40% aux Arabes qui constituent pourtant les deux tiers de la population. L\u2019Agence juive l\u2019accepte mais pas l\u2019Irgoun ni le Lehi. Les Arabes la rejettent. La guerre civile commence d\u00e8s le lendemain. Le 14 mai 1948, David Ben Gourion [1886-1973] proclame \u00ab\u00a0<em>l\u2019ind\u00e9pendance <\/em>\u00a0\u00bb de l\u2019\u00c9tat d\u2019Isra\u00ebl. Il est aussit\u00f4t reconnu par les \u00c9tats-Unis et l\u2019URSS\u2026<\/p>\n<p style=\"text-align: justify;\"><strong>La Nakba&nbsp;(catastrophe)&nbsp;:<\/strong> le petit village martyr de Deir Yassin en devient le symbole. Le 9 avril 1948, l\u2019<em>Irgoun<\/em> y abat de sang-froid 250 habitants, surtout des femmes et des enfants, avec la b\u00e9n\u00e9diction de sa rivale, la <em>Haganah<\/em>. 800&nbsp;000 Palestiniens, brutalement expuls\u00e9s, sont contraints d\u2019abandonner leurs maisons, leurs terres ancestrales, avant le 1<sup>er<\/sup> juin 1948. 531 villages sont ras\u00e9s. Au moment de la partition, les sionistes \u00e9taient propri\u00e9taires de 7% du territoire. En 1948, plus de la moiti\u00e9 des terres cultiv\u00e9es ont \u00e9t\u00e9 vol\u00e9es avec leurs r\u00e9coltes. 700 villes et villages arabes avec leurs terres, leurs maisons et d\u00e9pendances, 7800 bureaux, boutiques, entrep\u00f4ts, usines, ont \u00e9t\u00e9 confisqu\u00e9s. Soit pr\u00e8s de 4 milliards de livres sterling de pr\u00e9judice. Une loi de 1953 l\u00e9galisera le vol de ces terres. En septembre 1949, 170&nbsp;000 Arabes, sous-citoyens isra\u00e9liens, sont parqu\u00e9s dans des villes et villages sans continuit\u00e9 territoriale, soumis \u00e0 un contr\u00f4le militaire. Pr\u00e8s d\u2019un million s\u2019installent en Cisjordanie, \u00e0 Gaza, en Jordanie, au Liban ou en Syrie dans des camps de r\u00e9fugi\u00e9s. Ils ne cesseront de revendiquer leur droit au retour. Les colons continuent d\u2019accaparer terres et maisons, avec l\u2019aide de <em>Tsahal<\/em>, l\u2019arm\u00e9e isra\u00e9lienne. La Cisjordanie et Gaza sont occup\u00e9s par Isra\u00ebl \u00e0 partir de 1967. Les \u00ab\u00a0<em>accords d\u2019Oslo<\/em>\u00a0\u00bb de 1993 ont aggrav\u00e9 la situation.<\/p>\n<p style=\"text-align: justify;\"><strong>Pour la paix, la terre, la libert\u00e9&nbsp;!<\/strong> Malgr\u00e9 la r\u00e9pression et toutes les difficult\u00e9s, tous les revers, toutes les trahisons, la R\u00e9volution palestinienne est toujours debout. La barbarie, les crimes de guerre du Hamas, du 7 octobre 2023, ne peuvent justifier les bombardements intensifs qui n\u2019ont cess\u00e9 depuis, et frappent des populations civiles, ni servir d\u2019alibi aux massacres, aux crimes de guerre de Tsahal \u00e0 Gaza et en Cisjordanie, qui virent de plus en plus au g\u00e9nocide. En fait, la <em>Nakba<\/em> n\u2019a jamais cess\u00e9.<br \/>\n<em>\u00ab\u00a0Enfant de Gaza, enfant de Palestine, c\u2019est l\u2019humanit\u00e9 qu\u2019on assassine&nbsp;!\u00a0\u00bb<\/em> Cessez-le-Feu imm\u00e9diat&nbsp;!<\/p>\n<h2 style=\"text-align: center;\">ANNEXE<\/h2>\n<p style=\"text-align: center;\"><a href=\"https:\/\/i0.wp.com\/le-clairon-nouveau.fr\/wordpress\/wp-content\/uploads\/2023\/11\/Israel-Palestine-02-03.jpg?ssl=1\" target=\"_blank\" rel=\"noopener\"><img data-recalc-dims=\"1\" loading=\"lazy\" decoding=\"async\" class=\"aligncenter wp-image-29164 size-full\" src=\"https:\/\/i0.wp.com\/le-clairon-nouveau.fr\/wordpress\/wp-content\/uploads\/2023\/11\/Israel-Palestine-02-03.jpg?resize=1440%2C480&#038;ssl=1\" alt=\"\" width=\"1440\" height=\"480\" srcset=\"https:\/\/i0.wp.com\/le-clairon-nouveau.fr\/wordpress\/wp-content\/uploads\/2023\/11\/Israel-Palestine-02-03.jpg?w=1490&amp;ssl=1 1490w, https:\/\/i0.wp.com\/le-clairon-nouveau.fr\/wordpress\/wp-content\/uploads\/2023\/11\/Israel-Palestine-02-03.jpg?resize=300%2C100&amp;ssl=1 300w, https:\/\/i0.wp.com\/le-clairon-nouveau.fr\/wordpress\/wp-content\/uploads\/2023\/11\/Israel-Palestine-02-03.jpg?resize=1024%2C342&amp;ssl=1 1024w, https:\/\/i0.wp.com\/le-clairon-nouveau.fr\/wordpress\/wp-content\/uploads\/2023\/11\/Israel-Palestine-02-03.jpg?resize=768%2C256&amp;ssl=1 768w\" sizes=\"auto, (max-width: 1440px) 100vw, 1440px\" \/><\/a><strong><span style=\"font-size: 10pt;\"><em>(origine des cartes utilis\u00e9es voir *)<\/em><\/span><\/strong><\/p>\n<p style=\"text-align: justify;\"><span style=\"font-size: 14pt;\">\u00ab\u00a0<em>La lutte arm\u00e9e du peuple palestinien n\u2019est pas une lutte raciale ou religieuse dirig\u00e9e contre les Juifs. C\u2019est pourquoi, l\u2019Etat futur qui sera \u00e9tabli en Palestine lib\u00e9r\u00e9e de l\u2019imp\u00e9rialisme sioniste sera l\u2019Etat d\u00e9mocratique palestinien. Tous ceux qui le d\u00e9sirent pourront y vivre en paix avec les m\u00eames droits et les m\u00eames devoirs, dans le cadre des aspirations de la Nation arabe \u00e0 la lib\u00e9ration nationale et \u00e0 l\u2019unit\u00e9 totale\u00a0\u00bb<\/em><\/span><\/p>\n<p style=\"text-align: right;\">R\u00e9solution du 8e CNP [Conseil National Palestinien], r\u00e9uni au Caire du 28 f\u00e9vrier au 5 mars 1971,<br \/>\ncit\u00e9e par Alain Gresh in La R\u00e9volution palestinienne et les Juifs, Les Editions de Minuit -1970, r\u00e9\u00e9dit\u00e9 par Libertalia-2021, page 26<\/p>\n<p style=\"text-align: center;\"><span style=\"font-size: 14pt;\"><strong>18 septembre 1982 : le monde d\u00e9couvre le massacre de Sabra et Chatila<\/strong><\/span><\/p>\n<p style=\"text-align: justify;\">Entre le 16 et 18 septembre 1982, en pleine guerre civile libanaise (1975-1990), les milices chr\u00e9tiennes des Phalangistes libanais sont entr\u00e9es dans les camps de r\u00e9fugi\u00e9s palestiniens de Sabra et Chatila \u00e0 Beyrouth pour s&rsquo;attaquer \u00e0 la population. Le bilan sera lourd : au moins des centaines de civils seront tu\u00e9s, sous les yeux de l\u2019arm\u00e9e isra\u00e9lienne qui occupait alors la ville. La pr\u00e9sence de r\u00e9fugi\u00e9s palestiniens \u00e0 Beyrouth s\u2019inscrit dans le long conflit isra\u00e9lo-arabe. En 1982, l\u2019arm\u00e9e isra\u00e9lienne a envahi le Liban dans l\u2019espoir d\u2019en chasser l\u2019Organisation de lib\u00e9ration de la Palestine (OLP), dans une op\u00e9ration nomm\u00e9e <em>\u00ab\u00a0Paix&nbsp;en&nbsp;Galil\u00e9e\u00a0\u00bb<\/em>. Au cours de l&rsquo;\u00e9t\u00e9 de cette ann\u00e9e-l\u00e0, l&rsquo;OLP est contrainte de quitter le Liban. Un nouveau Pr\u00e9sident est \u00e9lu dans le pays le 23 ao\u00fbt : Bachir Gemayel, chef d&rsquo;une milice chr\u00e9tienne. Il est assassin\u00e9 quelques jours plus tard, le 14 septembre. Pour garder l\u2019ordre, les forces isra\u00e9liennes entrent alors dans Beyrouth-Ouest, avec des Phalangistes chr\u00e9tiens et des soldats des forces libanaises, proches du pr\u00e9sident assassin\u00e9. L\u2019op\u00e9ration dans les camps de Sabra et Chatila avait pour objectif de retrouver les derniers combattants palestiniens pr\u00e9sents. C\u2019est dans ces camps qu&rsquo;un terrible massacre va se produire pendant trois jours. [\u2026]\n<p>\u00ab\u00a0<em>Qui a donc massacr\u00e9 ces gens sans d\u00e9fense pendant 36 heures entre jeudi soir et samedi matin<\/em>\u00ab\u00a0, interpelle Christine Ockrent dans cette archive ci-dessous issue du journal de 20h du 20 septembre 1982.<br \/>\n\u00ab\u00a0<em>Il semble bien en effet que les hommes du commandant Haddad, inf\u00e9od\u00e9s depuis des ann\u00e9es \u00e0 Isra\u00ebl, soient \u00e0 l\u2019origine du massacre m\u00eame si le commandant s\u2019en d\u00e9fend\u00a0\u00bb<\/em>,&nbsp;annonce-t-on.<\/p>\n<p style=\"text-align: right;\">(INA. Publi\u00e9 le&nbsp;16.09.2022)<\/p>\n<p style=\"text-align: center;\"><span style=\"font-size: 14pt;\"><strong>ISRA\u00cbL ET TERRITOIRES PALESTINIENS OCCUP\u00c9S 2022<\/strong><\/span><\/p>\n<p style=\"text-align: justify;\">Les autorit\u00e9s isra\u00e9liennes ont continu\u00e9 d\u2019imposer \u00e0 la population palestinienne en Isra\u00ebl et dans les territoires occup\u00e9s un r\u00e9gime oppressif et discriminatoire qui constituait un syst\u00e8me d\u2019apartheid, crime inscrit dans le droit international. En ao\u00fbt, les forces arm\u00e9es isra\u00e9liennes ont lanc\u00e9 une offensive de trois jours dans la bande de Gaza occup\u00e9e, au cours de laquelle elles ont commis de probables crimes de guerre.<\/p>\n<p style=\"text-align: justify;\">Cette incursion a aggrav\u00e9 les cons\u00e9quences du blocus isra\u00e9lien en vigueur depuis 15&nbsp;ans, qui constituait une sanction collective ill\u00e9gale et fragmentait davantage encore le territoire palestinien. Les autorit\u00e9s isra\u00e9liennes ont intensifi\u00e9 la r\u00e9pression de la libert\u00e9 d\u2019association des Palestiniens et Palestiniennes. Invoquant des attaques arm\u00e9es de Palestinien\u00b7ne\u00b7s contre des militaires et des colons isra\u00e9liens, elles ont en outre impos\u00e9 des restrictions arbitraires de la libert\u00e9 de circulation ainsi que des fermetures d\u2019\u00e9tablissements pouvant s\u2019apparenter \u00e0 des sanctions collectives, principalement dans le nord de la Cisjordanie. Le nombre de Palestinien\u00b7ne\u00b7s tu\u00e9\u00b7e\u00b7s ill\u00e9galement ou gravement bless\u00e9\u00b7e\u00b7s par les forces isra\u00e9liennes lors d\u2019attaques en Cisjordanie a augment\u00e9. Les d\u00e9tentions administratives de Palestinien\u00b7ne\u00b7s ont atteint leur niveau le plus \u00e9lev\u00e9 depuis 14&nbsp;ans&nbsp;; la pratique de la torture et d\u2019autres formes de mauvais traitements s\u2019est poursuivie. Les autorit\u00e9s ont d\u00e9moli le village d\u2019Al&nbsp;Araqib, dans le N\u00e9guev\/Naqab, pour la 211<sup>e<\/sup>&nbsp;fois. Trente-cinq autres villes b\u00e9douines palestiniennes en Isra\u00ebl n\u2019\u00e9taient toujours pas reconnues officiellement et leurs habitant\u00b7e\u00b7s risquaient \u00e0 tout moment un transfert forc\u00e9. Des milliers de personnes attendaient que leur demande d\u2019asile soit trait\u00e9e par les autorit\u00e9s, qui leur imposaient dans l\u2019intervalle des restrictions de leur droit de travailler.<\/p>\n<p><a href=\"https:\/\/www.amnesty.org\/fr\/location\/middle-east-and-north-africa\/israel-and-occupied-palestinian-territories\/report-israel-and-occupied-palestinian-territories\" target=\"_blank\" rel=\"noopener\">https:\/\/www.amnesty.org\/fr\/location\/middle-east-and-north-africa\/israel-and-occupied-palestinian-territories\/report-israel-and-occupied-palestinian-territories<\/a><\/p>\n<p>&nbsp;<\/p>\n<p style=\"text-align: justify;\"><strong>(*)Origine des carte utilis\u00e9es :<\/strong> <span style=\"font-size: 10pt;\">Carte n\u00b01 : merci \u00e0&nbsp;<a href=\"https:\/\/www.worldhistory.org\/image\/285\/map-of-the-levant-circa-830-bce\/\"><strong>World History Encyclopedia<\/strong><\/a>&nbsp;|&nbsp;<a href=\"http:\/\/www.gnu.org\/licenses\/fdl-1.3.en.html\"><strong>D\u00e9tails de la licence <\/strong><\/a>Cr\u00e9ateur : Richardprins | Cr\u00e9dits : Richardprins \/ World History Encyclopedia Droits d&rsquo;auteur : Richardprins &#8211; GNU FDL &#8211; Permission is granted to copy, distribute and\/or modify this document under the terms of the GNU Free Documentation License. <br \/>\nCarte N\u00b0 2 : merci \u00e0 la revue \u00ab\u00a0L&rsquo;Histoire\u00a0\u00bb Source : Isra\u00ebl : \u00e9volution des fronti\u00e8res du partage de l\u2019ONU aux accords d\u2019Oslo 1947 1993<br \/>\nCartes N\u00b0 3 ; 4 ; 5 ; 6 : merci au \u00ab\u00a0Monde Diplomatique\u00a0\u00bb cartes publi\u00e9es dans \u00e9dition \u00ab\u00a0Mani\u00e8re de voir\u00a0\u00bb&nbsp; F\u00e9vrier- Mars 2018 \u00a0\u00bb Palestine. Un peuple, une colonisation\u00a0\u00bb<br \/>\n<\/span><\/p>\n<p>&nbsp;<\/p>\n<script type=\"text\/javascript\"> var tt_store_content = \"\\<p style\\='text\\-align\\: center;'\\>\\<strong\\>Agence Nationale pour la gestion des D\u00e9chets RAdioactifs\\<\\\/strong\\>\\<\\\/p\\><br\/>\\<a href\\='https\\:\\\/\\\/fr\\.wikipedia\\.org\\\/wiki\\\/Agence_nationale_pour_la_gestion_des_d%C3%A9chets_radioactifs' target\\='_blank' rel\\='noopener'\\>Voir la fiche Wikipedia de l'<span class='tooltipsall tooltip_post_id_3612 classtoolTips79'>ANDRA<\/span>\\<\\\/a\\><br\/>\\<a href\\='http\\:\\\/\\\/www\\.andra\\.fr\\\/' target\\='_blank' rel\\='noopener'\\>Voir le site de l'agence\\<\\\/a\\>\"; toolTips('.classtoolTips79',tt_store_content,'3612'); <\/script><script type=\"text\/javascript\"> var tt_store_content = \"Le <span class='tooltipsall tooltip_post_id_3743 classtoolTips128'>CIRC<\/span> est le&nbsp; \\<a href\\='https\\:\\\/\\\/fr\\.wikipedia\\.org\\\/wiki\\\/Centre_international_de_recherche_sur_le_cancer' target\\='_blank' rel\\='noopener'\\>Centre international de Recherche sur le Cancer\\<\\\/a\\>, cr\u00e9\u00e9 en 1965 par l\u2019\\<a href\\='https\\:\\\/\\\/fr\\.wikipedia\\.org\\\/wiki\\\/Organisation_mondiale_de_la_sant%C3%A9' target\\='_blank' rel\\='noopener'\\>Organisation Mondiale de la Sant\u00e9\\<\\\/a\\> \\(OMS\\) des \\<a href\\='https\\:\\\/\\\/fr\\.wikipedia\\.org\\\/wiki\\\/Organisation_des_Nations_unies' target\\='_blank' rel\\='noopener'\\>Nations Unies\\<\\\/a\\>\\.\"; toolTips('.classtoolTips128',tt_store_content,'3743'); <\/script><script type=\"text\/javascript\"> var tt_store_content = \"\\<p\\><span class='tooltipsall tooltip_post_id_19394 classtoolTips134'>SAGE<\/span> \\= \\<span class\\='st'\\> sch\u00e9ma d'am\u00e9nagement et de gestion de l'eau\\<\\\/span\\> , c'est un outil de planification qui concerne l'ensemble des eaux situ\u00e9es dans un bassin versant\\<\\\/p\\>\"; toolTips('.classtoolTips134',tt_store_content,'19394'); <\/script><script type=\"text\/javascript\"> var tt_store_content = \"\\<p style\\='text\\-align\\: center;'\\>\\<strong\\>\\<span style\\='font\\-size\\: 14pt;'\\>S\\<\\\/span\\>\\<\\\/strong\\>\\<span style\\='font\\-size\\: 14pt;'\\>oci\u00e9t\u00e9 d'\\<strong\\>\u00c9\\<\\\/strong\\>conomie \\<strong\\>M\\<\\\/strong\\>ixte\\<\\\/span\\>\\<\\\/p\\><br\/>\\<p style\\='text\\-align\\: justify;'\\>En France, une soci\u00e9t\u00e9 d'\u00e9conomie mixte est une soci\u00e9t\u00e9 anonyme dont le capital est majoritairement d\u00e9tenu par une ou plusieurs personnes publiques \\(\u00e0 savoir l'\u00c9tat, une Collectivit\u00e9 territoriale, ou tout autre \u00c9tablissement public\\)\\. Cette participation majoritaire publique est plafonn\u00e9e \u00e0 85&nbsp;% du capital depuis la Loi du 2 janvier 2002\\. Au moins une personne priv\u00e9e doit participer au capital de la SEM, sachant qu'il peut s'agir d'une autre SEM\\.\\<\\\/p\\><br\/>\\<p style\\='text\\-align\\: justify;'\\>\\<strong\\>Le recours \u00e0 la SEM garantit\\<\\\/strong\\> \u00e0 la collectivit\u00e9 publique actionnaire et cocontractante \\<strong\\>la prise en compte effective de l'int\u00e9r\u00eat g\u00e9n\u00e9ral\\<\\\/strong\\> dans les objectifs de l'entreprise \\<strong\\>et la souplesse de la soci\u00e9t\u00e9 de droit priv\u00e9\\<\\\/strong\\>\\.\\<\\\/p\\><br\/>\\<em\\>\\<a href\\='https\\:\\\/\\\/fr\\.wikipedia\\.org\\\/wiki\\\/Soci%C3%A9t%C3%A9_d%27%C3%A9conomie_mixte' target\\='_blank' rel\\='noopener'\\>Voir ici la page Wikipedia consacr\u00e9e aux SEM\\<\\\/a\\> \\<\\\/em\\><br\/><br\/>&nbsp;\"; toolTips('.classtoolTips142',tt_store_content,'7168'); <\/script><script type=\"text\/javascript\"> var tt_store_content = \"\\<p style\\='text\\-align\\: center;'\\>\\<span style\\='font\\-size\\: 14pt;'\\>\\<strong\\>I\\<\\\/strong\\>mp\u00f4t sur la \\<strong\\>F\\<\\\/strong\\>ortune \\<strong\\>I\\<\\\/strong\\>mmobili\u00e8re\\<\\\/span\\>\\<\\\/p\\>\"; toolTips('.classtoolTips148',tt_store_content,'5643'); <\/script><script type=\"text\/javascript\"> var tt_store_content = \"\\<p style\\='text\\-align\\: center;'\\>\\<strong\\>Imp\u00f4t de Solidarit\u00e9 sur la Fortune\\<\\\/strong\\>\\<\\\/p\\>\"; toolTips('.classtoolTips149',tt_store_content,'3596'); <\/script><script type=\"text\/javascript\"> var tt_store_content = \"\\<p style\\='text\\-align\\: center;'\\>\\<span style\\='font\\-size\\: 14pt;'\\>\\<strong\\>R\\<\\\/strong\\>\u00e9pertoire \\<strong\\>N\\<\\\/strong\\>ational des \\<strong\\>A\\<\\\/strong\\>ssociations\\<\\\/span\\>\\<\\\/p\\>\"; toolTips('.classtoolTips159',tt_store_content,'24374'); <\/script><script type=\"text\/javascript\"> var tt_store_content = \"\\<p style\\='text\\-align\\: center;'\\>\\<strong\\>\\<span style\\='font\\-size\\: 14pt;'\\>G\\<\\\/span\\>\\<\\\/strong\\>\\<span style\\='font\\-size\\: 14pt;'\\>az \u00e0 \\<strong\\>E\\<\\\/strong\\>ffet de \\<strong\\>S\\<\\\/strong\\>erre\\<\\\/span\\>\\<\\\/p\\><br\/>\\<p style\\='text\\-align\\: justify;'\\>Les gaz \u00e0 effet de serre \\(<span class='tooltipsall tooltip_post_id_7232 classtoolTips161'>GES<\/span>\\) sont des composants gazeux qui absorbent le rayonnement infrarouge \u00e9mis par la surface terrestre et contribuent \u00e0 l'effet de serre\\. L'augmentation de leur concentration dans l'atmosph\u00e8re terrestre est l'un des facteurs \u00e0 l'origine du r\u00e9chauffement climatique\\.\\<\\\/p\\><br\/>\\<a href\\='https\\:\\\/\\\/fr\\.wikipedia\\.org\\\/wiki\\\/Gaz_%C3%A0_effet_de_serre' target\\='_blank' rel\\='noopener'\\>\\<em\\>Voir ici la fiche Wikipedia sur les gaz \u00e0 effet de serre\\<\\\/em\\>\\<\\\/a\\>\"; toolTips('.classtoolTips161',tt_store_content,'7232'); <\/script><script type=\"text\/javascript\"> var tt_store_content = \"\\<p style\\='text\\-align\\: justify'\\>La \u00ab\u00a0\\<b\\>programmation pluriannuelle de l'\u00e9nergie\\<\\\/b\\>\u00a0\u00bb \\(<span class='tooltipsall tooltip_post_id_7750 classtoolTips164'>PPE<\/span>\\) est, en France, un document strat\u00e9gique de pilotage de la transition \u00e9nerg\u00e9tique\\. Institu\u00e9e par l'article 176 de la \\<a title\\='Loi relative \u00e0 la transition \u00e9nerg\u00e9tique pour la croissance verte' href\\='https\\:\\\/\\\/fr\\.wikipedia\\.org\\\/wiki\\\/Loi_relative_%C3%A0_la_transition_%C3%A9nerg%C3%A9tique_pour_la_croissance_verte'\\>loi de transition \u00e9nerg\u00e9tique\\<\\\/a\\> \\(TECV\\), elle fixe une trajectoire pour le \\<a title\\='Mix \u00e9nerg\u00e9tique' href\\='https\\:\\\/\\\/fr\\.wikipedia\\.org\\\/wiki\\\/Mix_%C3%A9nerg%C3%A9tique'\\>mix \u00e9nerg\u00e9tique\\<\\\/a\\>, ainsi que \\<span class\\='citation'\\>\u00ab\u00a0les priorit\u00e9s d'action pour la gestion de l\u2019ensemble des formes d'\u00e9nergie sur le territoire m\u00e9tropolitain continental, afin d\u2019atteindre les objectifs nationaux fix\u00e9s par la loi\u00a0\u00bb\\<\\\/span\\>\\. \\(Wikip\u00e9dia\\)\\<\\\/p\\>\"; toolTips('.classtoolTips164',tt_store_content,'7750'); <\/script><script type=\"text\/javascript\"> var tt_store_content = \"\\<p style\\='text\\-align\\: justify'\\>La \u00ab\u00a0\\<b\\>programmation pluriannuelle de l'\u00e9nergie\\<\\\/b\\>\u00a0\u00bb \\(PPE\\) est, en France, un document strat\u00e9gique de pilotage de la transition \u00e9nerg\u00e9tique\\. Institu\u00e9e par l'article 176 de la \\<a title\\='Loi relative \u00e0 la transition \u00e9nerg\u00e9tique pour la croissance verte' href\\='https\\:\\\/\\\/fr\\.wikipedia\\.org\\\/wiki\\\/Loi_relative_%C3%A0_la_transition_%C3%A9nerg%C3%A9tique_pour_la_croissance_verte'\\>loi de transition \u00e9nerg\u00e9tique\\<\\\/a\\> \\(TECV\\), elle fixe une trajectoire pour le \\<a title\\='Mix \u00e9nerg\u00e9tique' href\\='https\\:\\\/\\\/fr\\.wikipedia\\.org\\\/wiki\\\/Mix_%C3%A9nerg%C3%A9tique'\\>mix \u00e9nerg\u00e9tique\\<\\\/a\\>, ainsi que \\<span class\\='citation'\\>\u00ab\u00a0les priorit\u00e9s d'action pour la gestion de l\u2019ensemble des formes d'\u00e9nergie sur le territoire m\u00e9tropolitain continental, afin d\u2019atteindre les objectifs nationaux fix\u00e9s par la loi\u00a0\u00bb\\<\\\/span\\>\\. \\(Wikip\u00e9dia\\)\\<\\\/p\\>\"; toolTips('.classtoolTips164',tt_store_content,'7750'); <\/script><script type=\"text\/javascript\"> var tt_store_content = \"\\<p style\\='text\\-align\\: justify;'\\>Le Conseil d'Orientation des Retraites est une instance qui r\u00e9unit &nbsp;\\<span class\\='st'\\>les principaux acteurs du champ des retraites\\<\\\/span\\> et effectue un travail d'\u00e9tudes et de concertation\\. Compos\u00e9 de parlementaires, de repr\u00e9sentants des organisations professionnelles et syndicales, des retrait\u00e9s et des familles, de membres de l'administration et d'experts, le Conseil d'orientation des retraites \\(<span class='tooltipsall tooltip_post_id_7751 classtoolTips165'>COR<\/span>\\) est plac\u00e9 aupr\u00e8s du Premier ministre\\.\\<\\\/p\\>\"; toolTips('.classtoolTips165',tt_store_content,'7751'); <\/script><script type=\"text\/javascript\"> var tt_store_content = \"\\<p style\\='text\\-align\\: center;'\\>\\<em\\>\\<strong\\>Banque Centrale Europ\u00e9enne\\<\\\/strong\\>\\<\\\/em\\>\\<\\\/p\\><br\/>Aller sur \\<a href\\='http\\:\\\/\\\/www\\.ecb\\.europa\\.eu\\\/home\\\/languagepolicy\\\/html\\\/index\\.fr\\.html' target\\='_blank' rel\\='noopener'\\>le site de la <span class='tooltipsall tooltip_post_id_4170 classtoolTips166'>BCE<\/span>\\<\\\/a\\><br\/>Voir la \\<a href\\='https\\:\\\/\\\/fr\\.wikipedia\\.org\\\/wiki\\\/Banque_centrale_europ%C3%A9enne' target\\='_blank' rel\\='noopener'\\>fiche Wikipedia de la BCE\\<\\\/a\\>\"; toolTips('.classtoolTips166',tt_store_content,'4170'); <\/script><script type=\"text\/javascript\"> var tt_store_content = \"Energies Renouvelables\"; toolTips('.classtoolTips167',tt_store_content,'7758'); <\/script><script type=\"text\/javascript\"> var tt_store_content = \"Energies Renouvelables\"; toolTips('.classtoolTips167',tt_store_content,'7758'); <\/script><script type=\"text\/javascript\"> var tt_store_content = \"\\<p style\\='text\\-align\\: center;'\\>\\<span style\\='font\\-size\\: 14pt;'\\>\\<strong\\>O\\<\\\/strong\\>rganisation \\<strong\\>M\\<\\\/strong\\>\u00e9t\u00e9orologique \\<strong\\>M\\<\\\/strong\\>ondiale<br\/>\\<strong\\>W\\<\\\/strong\\>orld \\<strong\\>M\\<\\\/strong\\>eteorological \\<strong\\>O\\<\\\/strong\\>rganization\\<\\\/span\\>\\<\\\/p\\><br\/>&nbsp;<br\/><br\/>\\<a href\\='https\\:\\\/\\\/public\\.wmo\\.int\\\/fr' target\\='_blank' rel\\='noopener'\\>\\<em\\>Acc\u00e9der ici au site de l'organisation\\<\\\/em\\>\\<\\\/a\\>\"; toolTips('.classtoolTips168',tt_store_content,'7763'); <\/script><script type=\"text\/javascript\"> var tt_store_content = \"\\<p\\><span class='tooltipsall tooltip_post_id_20308 classtoolTips169'>FED<\/span> \\= abr\u00e9viation de 'Federal Reserve System'\\. C'est la banque centrale des Etats Unis\\. elle est ind\u00e9pendante du pouvoir politique\\.\\<\\\/p\\>\"; toolTips('.classtoolTips169',tt_store_content,'20308'); <\/script><script type=\"text\/javascript\"> var tt_store_content = \"\\<p\\>FED \\= abr\u00e9viation de 'Federal Reserve System'\\. C'est la banque centrale des Etats Unis\\. elle est ind\u00e9pendante du pouvoir politique\\.\\<\\\/p\\>\"; toolTips('.classtoolTips169',tt_store_content,'20308'); <\/script><script type=\"text\/javascript\"> var tt_store_content = \"\\<p style\\='text\\-align\\: center;'\\>\\<span style\\='font\\-size\\: 14pt;'\\>\\<strong\\>\u00c9\\<\\\/strong\\>cole \\<strong\\>N\\<\\\/strong\\>ationale d'\\<strong\\>A\\<\\\/strong\\>dministration\\<\\\/span\\>\\<\\\/p\\>\"; toolTips('.classtoolTips170',tt_store_content,'5213'); <\/script><script type=\"text\/javascript\"> var tt_store_content = \"\\<p style\\='text\\-align\\: center;'\\>\\<span style\\='font\\-size\\: 14pt;'\\>\u00c9cole des<br\/>\\<strong\\>H\\<\\\/strong\\>autes \\<strong\\>\u00c9\\<\\\/strong\\>tudes \\<strong\\>C\\<\\\/strong\\>ommerciales\\<\\\/span\\>\\<\\\/p\\>\"; toolTips('.classtoolTips171',tt_store_content,'5214'); <\/script><script type=\"text\/javascript\"> var tt_store_content = \"\\<p style\\='text\\-align\\: justify'\\>\\<span class\\='ILfuVd'\\>La politique agricole commune \\(\\<b\\><span class='tooltipsall tooltip_post_id_11364 classtoolTips174'>PAC<\/span>\\<\\\/b\\>\\) est une politique mise en place \u00e0 l'\u00e9chelle de l'Union europ\u00e9enne\\. \u00c0 l'origine, elle est fond\u00e9e principalement sur des mesures de contr\u00f4le des prix et de subventionnement, visant \u00e0 moderniser et d\u00e9velopper l'agriculture\\.\\<\\\/span\\> \\(source Wikipedia\\)\\<\\\/p\\>\"; toolTips('.classtoolTips174',tt_store_content,'11364'); <\/script><script type=\"text\/javascript\"> var tt_store_content = \"\\<p style\\='text\\-align\\: center;'\\>\\<span style\\='font\\-size\\: 14pt;'\\>\\<strong\\>P\\<\\\/strong\\>\\<\\\/span\\>\\<span style\\='font\\-size\\: 14pt;'\\>lan \\<strong\\>L\\<\\\/strong\\>\\<\\\/span\\>\\<span style\\='font\\-size\\: 14pt;'\\>ocal d'\\<strong\\>U\\<\\\/strong\\>\\<\\\/span\\>\\<span style\\='font\\-size\\: 14pt;'\\>rbanisme\\<\\\/span\\>\\<\\\/p\\><br\/>&nbsp;\"; toolTips('.classtoolTips176',tt_store_content,'4979'); <\/script><script type=\"text\/javascript\"> var tt_store_content = \"\\<p\\>Conseil \u00c9conomique et Social\\<\\\/p\\>\"; toolTips('.classtoolTips180',tt_store_content,'29829'); <\/script><script type=\"text\/javascript\"> var tt_store_content = \"\\<p style\\='text\\-align\\: center;'\\>\\<span style\\='font\\-size\\: 14pt;'\\>\\<strong\\>A\\<\\\/strong\\>gence \\<strong\\>R\\<\\\/strong\\>\u00e9gionale de \\<strong\\>S\\<\\\/strong\\>ant\u00e9\\<\\\/span\\>\\<\\\/p\\>\"; toolTips('.classtoolTips188',tt_store_content,'18356'); <\/script><script type=\"text\/javascript\"> var tt_store_content = \"\\<p style\\='text\\-align\\: center;'\\>\\<span style\\='font\\-size\\: 14pt;'\\>\\<strong\\>G\\<\\\/strong\\>roupement \\<strong\\>H\\<\\\/strong\\>ospitalier de \\<strong\\>T\\<\\\/strong\\>erritoire\\<\\\/span\\>\\<\\\/p\\><br\/>\\<p style\\='text\\-align\\: justify;'\\>Les groupements hospitaliers de territoires, dispositif pr\u00e9vu par la loi de sant\u00e9 2016, sont un nouveau mode de coop\u00e9ration entre les \u00e9tablissements publics de sant\u00e9 \u00e0 l\u2019\u00e9chelle d\u2019un territoire\\<\\\/p\\>\"; toolTips('.classtoolTips189',tt_store_content,'18358'); <\/script><script type=\"text\/javascript\"> var tt_store_content = \"\\<p style\\='text\\-align\\: center;'\\>\\<span style\\='font\\-size\\: 14pt;'\\>\\<strong\\>C\\<\\\/strong\\>omit\u00e9 \\<strong\\>T\\<\\\/strong\\>echnique d'\\<strong\\>\u00c9\\<\\\/strong\\>tablissement\\<\\\/span\\>\\<\\\/p\\>\"; toolTips('.classtoolTips191',tt_store_content,'18359'); <\/script><script type=\"text\/javascript\"> var tt_store_content = \"\\<p style\\='text\\-align\\: center;'\\>\\<strong\\>\\<span style\\='font\\-size\\: 14pt;'\\>P\\<\\\/span\\>\\<\\\/strong\\>\\<span style\\='font\\-size\\: 14pt;'\\>rogrammation \\<strong\\>P\\<\\\/strong\\>luri\\-annuelle de l'\\<strong\\>\u00c9\\<\\\/strong\\>nergie\\<\\\/span\\>\\<\\\/p\\><br\/>La PPE est est en France un document strat\u00e9gique de pilotage de la transition \u00e9nerg\u00e9tique\\. Institu\u00e9e par l'article 176 de la loi transition \u00e9nerg\u00e9tique \\(TECV\\)\\. Elle fixe \\(par \u00e9nergie\\) une trajectoire pour le mix \u00e9nerg\u00e9tique, ainsi que \u00ab&nbsp;\\<em\\>les priorit\u00e9s d'action pour la gestion de l\u2019ensemble des formes d'\u00e9nergie sur le territoire m\u00e9tropolitain continental, afin d\u2019atteindre les objectifs nationaux fix\u00e9s par la loi\\<\\\/em\\>&nbsp;\u00bb\\.<br\/><br\/>Initi\u00e9e en 2016, elle est r\u00e9vis\u00e9e en 2018 puis ensuite tous les 5 ans\\.<br\/><br\/>\\<a href\\='https\\:\\\/\\\/fr\\.wikipedia\\.org\\\/wiki\\\/Programmation_pluriannuelle_de_l'\u00e9nergi' target\\='_blank' rel\\='noopener'\\>\\<em\\>Voir ici la page Wikipedia consacr\u00e9e \u00e0 la PPE\\<\\\/em\\>\\<\\\/a\\><br\/>\\<a href\\='https\\:\\\/\\\/ppe\\.debatpublic\\.fr\\\/' target\\='_blank' rel\\='noopener'\\>\\<em\\>Voir ici la page du site 'Commission du D\u00e9bat Public' consacr\u00e9e \u00e0 la PPE\\<\\\/em\\>\\<\\\/a\\>\"; toolTips('.classtoolTips193',tt_store_content,'7102'); <\/script><script type=\"text\/javascript\"> var tt_store_content = \"\\<p style\\='text\\-align\\: center;'\\>\\<span style\\='font\\-size\\: 14pt;'\\>\\<strong\\>E\\<\\\/strong\\>volutionary \\<strong\\>P\\<\\\/strong\\>ower \\<strong\\>R\\<\\\/strong\\>eactor\\<\\\/span\\>\\<\\\/p\\><br\/>\\<p style\\='text\\-align\\: justify;'\\>R\u00e9acteur nucl\u00e9aire de troisi\u00e8me g\u00e9n\u00e9ration \\(classification internationale\\), con\u00e7u et d\u00e9velopp\u00e9 par <span class='tooltipsall tooltip_post_id_5121 classtoolTips35'>Areva NP<\/span>&nbsp; au cours des ann\u00e9es 1990 et 2000\\. Il fait partie de la fili\u00e8re des r\u00e9acteurs \u00e0 eau pressuris\u00e9e\\.\\<\\\/p\\><br\/>\\<a href\\='https\\:\\\/\\\/fr\\.wikipedia\\.org\\\/wiki\\\/R%C3%A9acteur_pressuris%C3%A9_europ%C3%A9en' target\\='_blank' rel\\='noopener'\\>\\<em\\>Voir ici la fiche Wikipedia <span class='tooltipsall tooltip_post_id_5579 classtoolTips196'>EPR<\/span>\\<\\\/em\\>\\<\\\/a\\>\"; toolTips('.classtoolTips196',tt_store_content,'5579'); <\/script><script type=\"text\/javascript\"> var tt_store_content = \"\\<p style\\='text\\-align\\: center;'\\>\\<strong\\>R\\<\\\/strong\\>\u00e9seau \\<strong\\>A\\<\\\/strong\\>ction \\<strong\\>C\\<\\\/strong\\>limat\\<\\\/p\\><br\/>Le r\u00e9seau Action Climat '\\<em\\>f\u00e9d\u00e8re les associations impliqu\u00e9es dans la lutte contre les changements climatiques et pour une transition \u00e9cologique, solidaire et \u00e9quitable\\<\\\/em\\>'\\.<br\/><br\/>\\<a href\\='https\\:\\\/\\\/reseauactionclimat\\.org\\\/' target\\='_blank' rel\\='noopener'\\>Voir le site du <span class='tooltipsall tooltip_post_id_4309 classtoolTips200'>RAC<\/span>\\<\\\/a\\>\"; toolTips('.classtoolTips200',tt_store_content,'4309'); <\/script><script type=\"text\/javascript\"> var tt_store_content = \"\\<p style\\='text\\-align\\: center;'\\>\\<strong\\>\\<span style\\='font\\-size\\: 14pt;'\\>R\\<\\\/span\\>\\<\\\/strong\\>\\<span style\\='font\\-size\\: 14pt;'\\>eferendum d'\\<strong\\>I\\<\\\/strong\\>nitiative \\<strong\\>C\\<\\\/strong\\>itoyenne\\<\\\/span\\>\\<\\\/p\\>\"; toolTips('.classtoolTips205',tt_store_content,'12268'); <\/script><script type=\"text\/javascript\"> var tt_store_content = \"\\<p\\><span class='tooltipsall tooltip_post_id_25844 classtoolTips208'>RTE<\/span> \\= R\u00e9seau de Transport d'Electricit\u00e9 est une filiale d'<span class='tooltipsall tooltip_post_id_7035 classtoolTips178'>EDF<\/span> qui est l'actionnaire majoritaire avec 50,1% des parts le reste \u00e9tant partag\u00e9 par la CDC et la CNP\\<\\\/p\\>\"; toolTips('.classtoolTips208',tt_store_content,'25844'); <\/script><script type=\"text\/javascript\"> var tt_store_content = \"\\<p style\\='text\\-align\\: center;'\\>\\<span style\\='font\\-size\\: 14pt;'\\>\\<strong\\>O\\<\\\/strong\\>rganisation\\<strong\\> N\\<\\\/strong\\>on\\<strong\\> G\\<\\\/strong\\>ouvernementale\\<\\\/span\\>\\<\\\/p\\><br\/>Une organisation non gouvernementale \\(<span class='tooltipsall tooltip_post_id_3579 classtoolTips210'>ONG<\/span>\\) est une \\<a title\\='Association \u00e0 but non lucratif' href\\='https\\:\\\/\\\/fr\\.wikipedia\\.org\\\/wiki\\\/Association_%C3%A0_but_non_lucratif' target\\='_blank' rel\\='noopener'\\>association \u00e0 but non lucratif\\<\\\/a\\>, d'int\u00e9r\u00eat public, qui ne rel\u00e8ve ni de l'\u00c9tat, ni d'institutions internationales\\<sup id\\='cite_ref\\-novethic_1\\-0' class\\='reference'\\>\\<\\\/sup\\>\\. Les ONG n'ont pas le statut de sujet de \\<a title\\='Droit international public' href\\='https\\:\\\/\\\/fr\\.wikipedia\\.org\\\/wiki\\\/Droit_international_public' target\\='_blank' rel\\='noopener'\\>droit international\\<\\\/a\\>\\.\"; toolTips('.classtoolTips210',tt_store_content,'3579'); <\/script><script type=\"text\/javascript\"> var tt_store_content = \"\\<p style\\='text\\-align\\: center;'\\>\\<span style\\='font\\-size\\: 14pt;'\\>\\<strong\\>O\\<\\\/strong\\>rganisation\\<strong\\> N\\<\\\/strong\\>on\\<strong\\> G\\<\\\/strong\\>ouvernementale\\<\\\/span\\>\\<\\\/p\\><br\/>Une organisation non gouvernementale \\(ONG\\) est une \\<a title\\='Association \u00e0 but non lucratif' href\\='https\\:\\\/\\\/fr\\.wikipedia\\.org\\\/wiki\\\/Association_%C3%A0_but_non_lucratif' target\\='_blank' rel\\='noopener'\\>association \u00e0 but non lucratif\\<\\\/a\\>, d'int\u00e9r\u00eat public, qui ne rel\u00e8ve ni de l'\u00c9tat, ni d'institutions internationales\\<sup id\\='cite_ref\\-novethic_1\\-0' class\\='reference'\\>\\<\\\/sup\\>\\. Les ONG n'ont pas le statut de sujet de \\<a title\\='Droit international public' href\\='https\\:\\\/\\\/fr\\.wikipedia\\.org\\\/wiki\\\/Droit_international_public' target\\='_blank' rel\\='noopener'\\>droit international\\<\\\/a\\>\\.\"; toolTips('.classtoolTips210',tt_store_content,'3579'); <\/script><script type=\"text\/javascript\"> var tt_store_content = \"\\<p\\><span class='tooltipsall tooltip_post_id_24572 classtoolTips211'>MIT<\/span> \\= Massachussets Institute of Technology, prestigieuse universit\u00e9 am\u00e9ricaine de la c\u00f4te est\\<\\\/p\\>\"; toolTips('.classtoolTips211',tt_store_content,'24572'); <\/script><script type=\"text\/javascript\"> var tt_store_content = \"\\<p style\\='text\\-align\\: center;'\\>\\<strong\\>J\\<\\\/strong\\>eux \\<strong\\>O\\<\\\/strong\\>lympiques<br\/>ou<br\/>\\<strong\\>J\\<\\\/strong\\>ournal \\<strong\\>O\\<\\\/strong\\>fficiel de la R\u00e9publique Fran\u00e7aise\\<\\\/p\\>\"; toolTips('.classtoolTips213',tt_store_content,'4451'); <\/script><script type=\"text\/javascript\"> var tt_store_content = \"\\<p\\><span class='tooltipsall tooltip_post_id_30593 classtoolTips214'>RN<\/span> \\= Rassemble National, c'est le parti d'extr\u00eame droite de Marine Le Pen qui succ\u00e8de au FN \\= Front National fond\u00e9 par son p\u00e8re Jean Marie Le Pen\\<\\\/p\\>\"; toolTips('.classtoolTips214',tt_store_content,'30593'); <\/script><script type=\"text\/javascript\"> var tt_store_content = \"\\<p style\\='text\\-align\\: center;'\\>\\<span style\\='font\\-size\\: 14pt;'\\>\\<strong\\>C\\<\\\/strong\\>entre \\<strong\\>H\\<\\\/strong\\>ospitalier\\<\\\/span\\>\\<\\\/p\\>\"; toolTips('.classtoolTips220',tt_store_content,'18357'); <\/script><script type=\"text\/javascript\"> var tt_store_content = \"\\<p\\>D\u00e9chets radioactifs \u00e0 Haute Activit\u00e9 \\(classement ANDRA\\)\\<\\\/p\\>\"; toolTips('.classtoolTips223',tt_store_content,'19196'); <\/script>_______________________<br>Notes<ol class=\"footnotes\"><li id=\"footnote_1_29141\" class=\"footnote\">tout au long de ce ce texte, \u00ab\u00a0av.\u00a0\u00bb est utilis\u00e9 pour \u00ab\u00a0av. JC\u00a0\u00bb<span class=\"footnote-back-link-wrapper\">[<a href=\"#identifier_1_29141\" class=\"footnote-link footnote-back-link\">&#8617;<\/a>]<\/span><\/li><li id=\"footnote_2_29141\" class=\"footnote\">Le r\u00e9cit biblique n\u2019est pas un texte historique. La plupart des faits relat\u00e9s et des personnages cit\u00e9s n\u2019ont pas d\u2019historicit\u00e9 attest\u00e9e. Il n\u2019existe, par exemple, aucune trace historique ou arch\u00e9ologique de l\u2019Exode. Mo\u00efse n\u2019est cit\u00e9 dans aucune source \u00e9gyptienne.<span class=\"footnote-back-link-wrapper\">[<a href=\"#identifier_2_29141\" class=\"footnote-link footnote-back-link\">&#8617;<\/a>]<\/span><\/li><li id=\"footnote_3_29141\" class=\"footnote\">Cit\u00e9 par Henri Minczeles,&nbsp;<em>Histoire g\u00e9n\u00e9rale du Bund, un mouvement r\u00e9volutionnaire juif<\/em>, Deno\u00ebl, 1999,&nbsp;p.&nbsp;68<span class=\"footnote-back-link-wrapper\">[<a href=\"#identifier_3_29141\" class=\"footnote-link footnote-back-link\">&#8617;<\/a>]<\/span><\/li><\/ol>_______________________","protected":false},"excerpt":{"rendered":"<p>Il n\u2019y a jamais eu identit\u00e9 entre \u00ab\u00a0antisionisme\u00a0\u00bb et \u00ab\u00a0antis\u00e9mitisme\u00a0\u00bb &#8211; L\u2019amalgame entre <span class='tooltipsall tooltip_post_id_29829 classtoolTips180'>ces<\/span> deux notions rel\u00e8ve du terrorisme intellectuel. C\u2019est inacceptable\u00a0!<script type=\"text\/javascript\"> var tt_store_content = \"\\<\/p>\n<p style\\='text\\-align\\: center;'\\>\\<strong\\>Agence Nationale pour la gestion des D\u00e9chets RAdioactifs\\<\\\/strong\\>\\<\\\/p\\><br \/>\\<a href\\='https\\:\\\/\\\/fr\\.wikipedia\\.org\\\/wiki\\\/Agence_nationale_pour_la_gestion_des_d%C3%A9chets_radioactifs' target\\='_blank' rel\\='noopener'\\>Voir la fiche Wikipedia de l'<span class='tooltipsall tooltip_post_id_3612 classtoolTips79'>ANDRA<\/span>\\<\\\/a\\><br \/>\\<a href\\='http\\:\\\/\\\/www\\.andra\\.fr\\\/' target\\='_blank' rel\\='noopener'\\>Voir le site de l'agence\\<\\\/a\\>\"; toolTips('.classtoolTips79',tt_store_content,'3612'); <\/script><script type=\"text\/javascript\"> var tt_store_content = \"Le <span class='tooltipsall tooltip_post_id_3743 classtoolTips128'>CIRC<\/span> est le&nbsp; \\<a href\\='https\\:\\\/\\\/fr\\.wikipedia\\.org\\\/wiki\\\/Centre_international_de_recherche_sur_le_cancer' target\\='_blank' rel\\='noopener'\\>Centre international de Recherche sur le Cancer\\<\\\/a\\>, cr\u00e9\u00e9 en 1965 par l\u2019\\<a href\\='https\\:\\\/\\\/fr\\.wikipedia\\.org\\\/wiki\\\/Organisation_mondiale_de_la_sant%C3%A9' target\\='_blank' rel\\='noopener'\\>Organisation Mondiale de la Sant\u00e9\\<\\\/a\\> \\(OMS\\) des \\<a href\\='https\\:\\\/\\\/fr\\.wikipedia\\.org\\\/wiki\\\/Organisation_des_Nations_unies' target\\='_blank' rel\\='noopener'\\>Nations Unies\\<\\\/a\\>\\.\"; toolTips('.classtoolTips128',tt_store_content,'3743'); <\/script><script type=\"text\/javascript\"> var tt_store_content = \"\\<p\\><span class='tooltipsall tooltip_post_id_19394 classtoolTips134'>SAGE<\/span> \\= \\<span class\\='st'\\> sch\u00e9ma d'am\u00e9nagement et de gestion de l'eau\\<\\\/span\\> , c'est un outil de planification qui concerne l'ensemble des eaux situ\u00e9es dans un bassin versant\\<\\\/p\\>\"; toolTips('.classtoolTips134',tt_store_content,'19394'); <\/script><script type=\"text\/javascript\"> var tt_store_content = \"\\<\/p>\n<p style\\='text\\-align\\: center;'\\>\\<strong\\>\\<span style\\='font\\-size\\: 14pt;'\\>S\\<\\\/span\\>\\<\\\/strong\\>\\<span style\\='font\\-size\\: 14pt;'\\>oci\u00e9t\u00e9 d'\\<strong\\>\u00c9\\<\\\/strong\\>conomie \\<strong\\>M\\<\\\/strong\\>ixte\\<\\\/span\\>\\<\\\/p\\><br \/>\\<\/p>\n<p style\\='text\\-align\\: justify;'\\>En France, une soci\u00e9t\u00e9 d'\u00e9conomie mixte est une soci\u00e9t\u00e9 anonyme dont le capital est majoritairement d\u00e9tenu par une ou plusieurs personnes publiques \\(\u00e0 savoir l'\u00c9tat, une Collectivit\u00e9 territoriale, ou tout autre \u00c9tablissement public\\)\\. Cette participation majoritaire publique est plafonn\u00e9e \u00e0 85&nbsp;% du capital depuis la Loi du 2 janvier 2002\\. Au moins une personne priv\u00e9e doit participer au capital de la <span class='tooltipsall tooltip_post_id_7168 classtoolTips142'>SEM<\/span>, sachant qu'il peut s'agir d'une autre SEM\\.\\<\\\/p\\><br \/>\\<\/p>\n<p style\\='text\\-align\\: justify;'\\>\\<strong\\>Le recours \u00e0 la SEM garantit\\<\\\/strong\\> \u00e0 la collectivit\u00e9 publique actionnaire et cocontractante \\<strong\\>la prise en compte effective de l'int\u00e9r\u00eat g\u00e9n\u00e9ral\\<\\\/strong\\> dans les objectifs de l'entreprise \\<strong\\>et la souplesse de la soci\u00e9t\u00e9 de droit priv\u00e9\\<\\\/strong\\>\\.\\<\\\/p\\><br \/>\\<em\\>\\<a href\\='https\\:\\\/\\\/fr\\.wikipedia\\.org\\\/wiki\\\/Soci%C3%A9t%C3%A9_d%27%C3%A9conomie_mixte' target\\='_blank' rel\\='noopener'\\>Voir ici la page Wikipedia consacr\u00e9e aux SEM\\<\\\/a\\> \\<\\\/em\\><\/p>\n<p>&nbsp;\"; toolTips('.classtoolTips142',tt_store_content,'7168'); <\/script><script type=\"text\/javascript\"> var tt_store_content = \"\\<\/p>\n<p style\\='text\\-align\\: center;'\\>\\<span style\\='font\\-size\\: 14pt;'\\>\\<strong\\>I\\<\\\/strong\\>mp\u00f4t sur la \\<strong\\>F\\<\\\/strong\\>ortune \\<strong\\>I\\<\\\/strong\\>mmobili\u00e8re\\<\\\/span\\>\\<\\\/p\\>\"; toolTips('.classtoolTips148',tt_store_content,'5643'); <\/script><script type=\"text\/javascript\"> var tt_store_content = \"\\<\/p>\n<p style\\='text\\-align\\: center;'\\>\\<strong\\>Imp\u00f4t de Solidarit\u00e9 sur la Fortune\\<\\\/strong\\>\\<\\\/p\\>\"; toolTips('.classtoolTips149',tt_store_content,'3596'); <\/script><script type=\"text\/javascript\"> var tt_store_content = \"\\<\/p>\n<p style\\='text\\-align\\: center;'\\>\\<span style\\='font\\-size\\: 14pt;'\\>\\<strong\\>R\\<\\\/strong\\>\u00e9pertoire \\<strong\\>N\\<\\\/strong\\>ational des \\<strong\\>A\\<\\\/strong\\>ssociations\\<\\\/span\\>\\<\\\/p\\>\"; toolTips('.classtoolTips159',tt_store_content,'24374'); <\/script><script type=\"text\/javascript\"> var tt_store_content = \"\\<\/p>\n<p style\\='text\\-align\\: center;'\\>\\<strong\\>\\<span style\\='font\\-size\\: 14pt;'\\>G\\<\\\/span\\>\\<\\\/strong\\>\\<span style\\='font\\-size\\: 14pt;'\\>az \u00e0 \\<strong\\>E\\<\\\/strong\\>ffet de \\<strong\\>S\\<\\\/strong\\>erre\\<\\\/span\\>\\<\\\/p\\><br \/>\\<\/p>\n<p style\\='text\\-align\\: justify;'\\>Les gaz \u00e0 effet de serre \\(<span class='tooltipsall tooltip_post_id_7232 classtoolTips161'>GES<\/span>\\) sont des composants gazeux qui absorbent le rayonnement infrarouge \u00e9mis par la surface terrestre et contribuent \u00e0 l'effet de serre\\. L'augmentation de leur concentration dans l'atmosph\u00e8re terrestre est l'un des facteurs \u00e0 l'origine du r\u00e9chauffement climatique\\.\\<\\\/p\\><br \/>\\<a href\\='https\\:\\\/\\\/fr\\.wikipedia\\.org\\\/wiki\\\/Gaz_%C3%A0_effet_de_serre' target\\='_blank' rel\\='noopener'\\>\\<em\\>Voir ici la fiche Wikipedia sur les gaz \u00e0 effet de serre\\<\\\/em\\>\\<\\\/a\\>\"; toolTips('.classtoolTips161',tt_store_content,'7232'); <\/script><script type=\"text\/javascript\"> var tt_store_content = \"\\<\/p>\n<p style\\='text\\-align\\: justify'\\>La \u00ab\u00a0\\<b\\>programmation pluriannuelle de l'\u00e9nergie\\<\\\/b\\>\u00a0\u00bb \\(<span class='tooltipsall tooltip_post_id_7750 classtoolTips164'>PPE<\/span>\\) est, en France, un document strat\u00e9gique de pilotage de la transition \u00e9nerg\u00e9tique\\. Institu\u00e9e par l'article 176 de la \\<a title\\='Loi relative \u00e0 la transition \u00e9nerg\u00e9tique pour la croissance verte' href\\='https\\:\\\/\\\/fr\\.wikipedia\\.org\\\/wiki\\\/Loi_relative_%C3%A0_la_transition_%C3%A9nerg%C3%A9tique_pour_la_croissance_verte'\\>loi de transition \u00e9nerg\u00e9tique\\<\\\/a\\> \\(TECV\\), elle fixe une trajectoire pour le \\<a title\\='Mix \u00e9nerg\u00e9tique' href\\='https\\:\\\/\\\/fr\\.wikipedia\\.org\\\/wiki\\\/Mix_%C3%A9nerg%C3%A9tique'\\>mix \u00e9nerg\u00e9tique\\<\\\/a\\>, ainsi que \\<span class\\='citation'\\>\u00ab\u00a0les priorit\u00e9s d'action pour la gestion de l\u2019ensemble des formes d'\u00e9nergie sur le territoire m\u00e9tropolitain continental, afin d\u2019atteindre les objectifs nationaux fix\u00e9s par la loi\u00a0\u00bb\\<\\\/span\\>\\. \\(Wikip\u00e9dia\\)\\<\\\/p\\>\"; toolTips('.classtoolTips164',tt_store_content,'7750'); <\/script><script type=\"text\/javascript\"> var tt_store_content = \"\\<\/p>\n<p style\\='text\\-align\\: justify'\\>La \u00ab\u00a0\\<b\\>programmation pluriannuelle de l'\u00e9nergie\\<\\\/b\\>\u00a0\u00bb \\(PPE\\) est, en France, un document strat\u00e9gique de pilotage de la transition \u00e9nerg\u00e9tique\\. Institu\u00e9e par l'article 176 de la \\<a title\\='Loi relative \u00e0 la transition \u00e9nerg\u00e9tique pour la croissance verte' href\\='https\\:\\\/\\\/fr\\.wikipedia\\.org\\\/wiki\\\/Loi_relative_%C3%A0_la_transition_%C3%A9nerg%C3%A9tique_pour_la_croissance_verte'\\>loi de transition \u00e9nerg\u00e9tique\\<\\\/a\\> \\(TECV\\), elle fixe une trajectoire pour le \\<a title\\='Mix \u00e9nerg\u00e9tique' href\\='https\\:\\\/\\\/fr\\.wikipedia\\.org\\\/wiki\\\/Mix_%C3%A9nerg%C3%A9tique'\\>mix \u00e9nerg\u00e9tique\\<\\\/a\\>, ainsi que \\<span class\\='citation'\\>\u00ab\u00a0les priorit\u00e9s d'action pour la gestion de l\u2019ensemble des formes d'\u00e9nergie sur le territoire m\u00e9tropolitain continental, afin d\u2019atteindre les objectifs nationaux fix\u00e9s par la loi\u00a0\u00bb\\<\\\/span\\>\\. \\(Wikip\u00e9dia\\)\\<\\\/p\\>\"; toolTips('.classtoolTips164',tt_store_content,'7750'); <\/script><script type=\"text\/javascript\"> var tt_store_content = \"\\<\/p>\n<p style\\='text\\-align\\: justify;'\\>Le Conseil d'Orientation des Retraites est une instance qui r\u00e9unit &nbsp;\\<span class\\='st'\\>les principaux acteurs du champ des retraites\\<\\\/span\\> et effectue un travail d'\u00e9tudes et de concertation\\. Compos\u00e9 de parlementaires, de repr\u00e9sentants des organisations professionnelles et syndicales, des retrait\u00e9s et des familles, de membres de l'administration et d'experts, le Conseil d'orientation des retraites \\(<span class='tooltipsall tooltip_post_id_7751 classtoolTips165'>COR<\/span>\\) est plac\u00e9 aupr\u00e8s du Premier ministre\\.\\<\\\/p\\>\"; toolTips('.classtoolTips165',tt_store_content,'7751'); <\/script><script type=\"text\/javascript\"> var tt_store_content = \"\\<\/p>\n<p style\\='text\\-align\\: center;'\\>\\<em\\>\\<strong\\>Banque Centrale Europ\u00e9enne\\<\\\/strong\\>\\<\\\/em\\>\\<\\\/p\\><br \/>Aller sur \\<a href\\='http\\:\\\/\\\/www\\.ecb\\.europa\\.eu\\\/home\\\/languagepolicy\\\/html\\\/index\\.fr\\.html' target\\='_blank' rel\\='noopener'\\>le site de la <span class='tooltipsall tooltip_post_id_4170 classtoolTips166'>BCE<\/span>\\<\\\/a\\><br \/>Voir la \\<a href\\='https\\:\\\/\\\/fr\\.wikipedia\\.org\\\/wiki\\\/Banque_centrale_europ%C3%A9enne' target\\='_blank' rel\\='noopener'\\>fiche Wikipedia de la BCE\\<\\\/a\\>\"; toolTips('.classtoolTips166',tt_store_content,'4170'); <\/script><script type=\"text\/javascript\"> var tt_store_content = \"Energies Renouvelables\"; toolTips('.classtoolTips167',tt_store_content,'7758'); <\/script><script type=\"text\/javascript\"> var tt_store_content = \"Energies Renouvelables\"; toolTips('.classtoolTips167',tt_store_content,'7758'); <\/script><script type=\"text\/javascript\"> var tt_store_content = \"\\<\/p>\n<p style\\='text\\-align\\: center;'\\>\\<span style\\='font\\-size\\: 14pt;'\\>\\<strong\\>O\\<\\\/strong\\>rganisation \\<strong\\>M\\<\\\/strong\\>\u00e9t\u00e9orologique \\<strong\\>M\\<\\\/strong\\>ondiale<br \/>\\<strong\\>W\\<\\\/strong\\>orld \\<strong\\>M\\<\\\/strong\\>eteorological \\<strong\\>O\\<\\\/strong\\>rganization\\<\\\/span\\>\\<\\\/p\\><br \/>&nbsp;<\/p>\n<p>\\<a href\\='https\\:\\\/\\\/public\\.wmo\\.int\\\/fr' target\\='_blank' rel\\='noopener'\\>\\<em\\>Acc\u00e9der ici au site de l'organisation\\<\\\/em\\>\\<\\\/a\\>\"; toolTips('.classtoolTips168',tt_store_content,'7763'); <\/script><script type=\"text\/javascript\"> var tt_store_content = \"\\<p\\><span class='tooltipsall tooltip_post_id_20308 classtoolTips169'>FED<\/span> \\= abr\u00e9viation de 'Federal Reserve System'\\. C'est la banque centrale des Etats Unis\\. elle est ind\u00e9pendante du pouvoir politique\\.\\<\\\/p\\>\"; toolTips('.classtoolTips169',tt_store_content,'20308'); <\/script><script type=\"text\/javascript\"> var tt_store_content = \"\\<p\\>FED \\= abr\u00e9viation de 'Federal Reserve System'\\. C'est la banque centrale des Etats Unis\\. elle est ind\u00e9pendante du pouvoir politique\\.\\<\\\/p\\>\"; toolTips('.classtoolTips169',tt_store_content,'20308'); <\/script><script type=\"text\/javascript\"> var tt_store_content = \"\\<\/p>\n<p style\\='text\\-align\\: center;'\\>\\<span style\\='font\\-size\\: 14pt;'\\>\\<strong\\>\u00c9\\<\\\/strong\\>cole \\<strong\\>N\\<\\\/strong\\>ationale d'\\<strong\\>A\\<\\\/strong\\>dministration\\<\\\/span\\>\\<\\\/p\\>\"; toolTips('.classtoolTips170',tt_store_content,'5213'); <\/script><script type=\"text\/javascript\"> var tt_store_content = \"\\<\/p>\n<p style\\='text\\-align\\: center;'\\>\\<span style\\='font\\-size\\: 14pt;'\\>\u00c9cole des<br \/>\\<strong\\>H\\<\\\/strong\\>autes \\<strong\\>\u00c9\\<\\\/strong\\>tudes \\<strong\\>C\\<\\\/strong\\>ommerciales\\<\\\/span\\>\\<\\\/p\\>\"; toolTips('.classtoolTips171',tt_store_content,'5214'); <\/script><script type=\"text\/javascript\"> var tt_store_content = \"\\<\/p>\n<p style\\='text\\-align\\: justify'\\>\\<span class\\='ILfuVd'\\>La politique agricole commune \\(\\<b\\><span class='tooltipsall tooltip_post_id_11364 classtoolTips174'>PAC<\/span>\\<\\\/b\\>\\) est une politique mise en place \u00e0 l'\u00e9chelle de l'Union europ\u00e9enne\\. \u00c0 l'origine, elle est fond\u00e9e principalement sur des mesures de contr\u00f4le des prix et de subventionnement, visant \u00e0 moderniser et d\u00e9velopper l'agriculture\\.\\<\\\/span\\> \\(source Wikipedia\\)\\<\\\/p\\>\"; toolTips('.classtoolTips174',tt_store_content,'11364'); <\/script><script type=\"text\/javascript\"> var tt_store_content = \"\\<\/p>\n<p style\\='text\\-align\\: center;'\\>\\<span style\\='font\\-size\\: 14pt;'\\>\\<strong\\>P\\<\\\/strong\\>\\<\\\/span\\>\\<span style\\='font\\-size\\: 14pt;'\\>lan \\<strong\\>L\\<\\\/strong\\>\\<\\\/span\\>\\<span style\\='font\\-size\\: 14pt;'\\>ocal d'\\<strong\\>U\\<\\\/strong\\>\\<\\\/span\\>\\<span style\\='font\\-size\\: 14pt;'\\>rbanisme\\<\\\/span\\>\\<\\\/p\\><br \/>&nbsp;\"; toolTips('.classtoolTips176',tt_store_content,'4979'); <\/script><script type=\"text\/javascript\"> var tt_store_content = \"\\<p\\>Conseil \u00c9conomique et Social\\<\\\/p\\>\"; toolTips('.classtoolTips180',tt_store_content,'29829'); <\/script><script type=\"text\/javascript\"> var tt_store_content = \"\\<\/p>\n<p style\\='text\\-align\\: center;'\\>\\<span style\\='font\\-size\\: 14pt;'\\>\\<strong\\>A\\<\\\/strong\\>gence \\<strong\\>R\\<\\\/strong\\>\u00e9gionale de \\<strong\\>S\\<\\\/strong\\>ant\u00e9\\<\\\/span\\>\\<\\\/p\\>\"; toolTips('.classtoolTips188',tt_store_content,'18356'); <\/script><script type=\"text\/javascript\"> var tt_store_content = \"\\<\/p>\n<p style\\='text\\-align\\: center;'\\>\\<span style\\='font\\-size\\: 14pt;'\\>\\<strong\\>G\\<\\\/strong\\>roupement \\<strong\\>H\\<\\\/strong\\>ospitalier de \\<strong\\>T\\<\\\/strong\\>erritoire\\<\\\/span\\>\\<\\\/p\\><br \/>\\<\/p>\n<p style\\='text\\-align\\: justify;'\\>Les groupements hospitaliers de territoires, dispositif pr\u00e9vu par la loi de sant\u00e9 2016, sont un nouveau mode de coop\u00e9ration entre les \u00e9tablissements publics de sant\u00e9 \u00e0 l\u2019\u00e9chelle d\u2019un territoire\\<\\\/p\\>\"; toolTips('.classtoolTips189',tt_store_content,'18358'); <\/script><script type=\"text\/javascript\"> var tt_store_content = \"\\<\/p>\n<p style\\='text\\-align\\: center;'\\>\\<span style\\='font\\-size\\: 14pt;'\\>\\<strong\\>C\\<\\\/strong\\>omit\u00e9 \\<strong\\>T\\<\\\/strong\\>echnique d'\\<strong\\>\u00c9\\<\\\/strong\\>tablissement\\<\\\/span\\>\\<\\\/p\\>\"; toolTips('.classtoolTips191',tt_store_content,'18359'); <\/script><script type=\"text\/javascript\"> var tt_store_content = \"\\<\/p>\n<p style\\='text\\-align\\: center;'\\>\\<strong\\>\\<span style\\='font\\-size\\: 14pt;'\\>P\\<\\\/span\\>\\<\\\/strong\\>\\<span style\\='font\\-size\\: 14pt;'\\>rogrammation \\<strong\\>P\\<\\\/strong\\>luri\\-annuelle de l'\\<strong\\>\u00c9\\<\\\/strong\\>nergie\\<\\\/span\\>\\<\\\/p\\><br \/>La PPE est est en France un document strat\u00e9gique de pilotage de la transition \u00e9nerg\u00e9tique\\. Institu\u00e9e par l'article 176 de la loi transition \u00e9nerg\u00e9tique \\(TECV\\)\\. Elle fixe \\(par \u00e9nergie\\) une trajectoire pour le mix \u00e9nerg\u00e9tique, ainsi que \u00ab&nbsp;\\<em\\>les priorit\u00e9s d'action pour la gestion de l\u2019ensemble des formes d'\u00e9nergie sur le territoire m\u00e9tropolitain continental, afin d\u2019atteindre les objectifs nationaux fix\u00e9s par la loi\\<\\\/em\\>&nbsp;\u00bb\\.<\/p>\n<p>Initi\u00e9e en 2016, elle est r\u00e9vis\u00e9e en 2018 puis ensuite tous les 5 ans\\.<\/p>\n<p>\\<a href\\='https\\:\\\/\\\/fr\\.wikipedia\\.org\\\/wiki\\\/Programmation_pluriannuelle_de_l'\u00e9nergi' target\\='_blank' rel\\='noopener'\\>\\<em\\>Voir ici la page Wikipedia consacr\u00e9e \u00e0 la PPE\\<\\\/em\\>\\<\\\/a\\><br \/>\\<a href\\='https\\:\\\/\\\/ppe\\.debatpublic\\.fr\\\/' target\\='_blank' rel\\='noopener'\\>\\<em\\>Voir ici la page du site 'Commission du D\u00e9bat Public' consacr\u00e9e \u00e0 la PPE\\<\\\/em\\>\\<\\\/a\\>\"; toolTips('.classtoolTips193',tt_store_content,'7102'); <\/script><script type=\"text\/javascript\"> var tt_store_content = \"\\<\/p>\n<p style\\='text\\-align\\: center;'\\>\\<span style\\='font\\-size\\: 14pt;'\\>\\<strong\\>E\\<\\\/strong\\>volutionary \\<strong\\>P\\<\\\/strong\\>ower \\<strong\\>R\\<\\\/strong\\>eactor\\<\\\/span\\>\\<\\\/p\\><br \/>\\<\/p>\n<p style\\='text\\-align\\: justify;'\\>R\u00e9acteur nucl\u00e9aire de troisi\u00e8me g\u00e9n\u00e9ration \\(classification internationale\\), con\u00e7u et d\u00e9velopp\u00e9 par <span class='tooltipsall tooltip_post_id_5121 classtoolTips35'>Areva NP<\/span>&nbsp; au cours des ann\u00e9es 1990 et 2000\\. Il fait partie de la fili\u00e8re des r\u00e9acteurs \u00e0 eau pressuris\u00e9e\\.\\<\\\/p\\><br \/>\\<a href\\='https\\:\\\/\\\/fr\\.wikipedia\\.org\\\/wiki\\\/R%C3%A9acteur_pressuris%C3%A9_europ%C3%A9en' target\\='_blank' rel\\='noopener'\\>\\<em\\>Voir ici la fiche Wikipedia <span class='tooltipsall tooltip_post_id_5579 classtoolTips196'>EPR<\/span>\\<\\\/em\\>\\<\\\/a\\>\"; toolTips('.classtoolTips196',tt_store_content,'5579'); <\/script><script type=\"text\/javascript\"> var tt_store_content = \"\\<\/p>\n<p style\\='text\\-align\\: center;'\\>\\<strong\\>R\\<\\\/strong\\>\u00e9seau \\<strong\\>A\\<\\\/strong\\>ction \\<strong\\>C\\<\\\/strong\\>limat\\<\\\/p\\><br \/>Le r\u00e9seau Action Climat '\\<em\\>f\u00e9d\u00e8re les associations impliqu\u00e9es dans la lutte contre les changements climatiques et pour une transition \u00e9cologique, solidaire et \u00e9quitable\\<\\\/em\\>'\\.<\/p>\n<p>\\<a href\\='https\\:\\\/\\\/reseauactionclimat\\.org\\\/' target\\='_blank' rel\\='noopener'\\>Voir le site du <span class='tooltipsall tooltip_post_id_4309 classtoolTips200'>RAC<\/span>\\<\\\/a\\>\"; toolTips('.classtoolTips200',tt_store_content,'4309'); <\/script><script type=\"text\/javascript\"> var tt_store_content = \"\\<\/p>\n<p style\\='text\\-align\\: center;'\\>\\<strong\\>\\<span style\\='font\\-size\\: 14pt;'\\>R\\<\\\/span\\>\\<\\\/strong\\>\\<span style\\='font\\-size\\: 14pt;'\\>eferendum d'\\<strong\\>I\\<\\\/strong\\>nitiative \\<strong\\>C\\<\\\/strong\\>itoyenne\\<\\\/span\\>\\<\\\/p\\>\"; toolTips('.classtoolTips205',tt_store_content,'12268'); <\/script><script type=\"text\/javascript\"> var tt_store_content = \"\\<p\\><span class='tooltipsall tooltip_post_id_25844 classtoolTips208'>RTE<\/span> \\= R\u00e9seau de Transport d'Electricit\u00e9 est une filiale d'<span class='tooltipsall tooltip_post_id_7035 classtoolTips178'>EDF<\/span> qui est l'actionnaire majoritaire avec 50,1% des parts le reste \u00e9tant partag\u00e9 par la CDC et la CNP\\<\\\/p\\>\"; toolTips('.classtoolTips208',tt_store_content,'25844'); <\/script><script type=\"text\/javascript\"> var tt_store_content = \"\\<\/p>\n<p style\\='text\\-align\\: center;'\\>\\<span style\\='font\\-size\\: 14pt;'\\>\\<strong\\>O\\<\\\/strong\\>rganisation\\<strong\\> N\\<\\\/strong\\>on\\<strong\\> G\\<\\\/strong\\>ouvernementale\\<\\\/span\\>\\<\\\/p\\><br \/>Une organisation non gouvernementale \\(<span class='tooltipsall tooltip_post_id_3579 classtoolTips210'>ONG<\/span>\\) est une \\<a title\\='Association \u00e0 but non lucratif' href\\='https\\:\\\/\\\/fr\\.wikipedia\\.org\\\/wiki\\\/Association_%C3%A0_but_non_lucratif' target\\='_blank' rel\\='noopener'\\>association \u00e0 but non lucratif\\<\\\/a\\>, d'int\u00e9r\u00eat public, qui ne rel\u00e8ve ni de l'\u00c9tat, ni d'institutions internationales\\<sup id\\='cite_ref\\-novethic_1\\-0' class\\='reference'\\>\\<\\\/sup\\>\\. Les ONG n'ont pas le statut de sujet de \\<a title\\='Droit international public' href\\='https\\:\\\/\\\/fr\\.wikipedia\\.org\\\/wiki\\\/Droit_international_public' target\\='_blank' rel\\='noopener'\\>droit international\\<\\\/a\\>\\.\"; toolTips('.classtoolTips210',tt_store_content,'3579'); <\/script><script type=\"text\/javascript\"> var tt_store_content = \"\\<\/p>\n<p style\\='text\\-align\\: center;'\\>\\<span style\\='font\\-size\\: 14pt;'\\>\\<strong\\>O\\<\\\/strong\\>rganisation\\<strong\\> N\\<\\\/strong\\>on\\<strong\\> G\\<\\\/strong\\>ouvernementale\\<\\\/span\\>\\<\\\/p\\><br \/>Une organisation non gouvernementale \\(ONG\\) est une \\<a title\\='Association \u00e0 but non lucratif' href\\='https\\:\\\/\\\/fr\\.wikipedia\\.org\\\/wiki\\\/Association_%C3%A0_but_non_lucratif' target\\='_blank' rel\\='noopener'\\>association \u00e0 but non lucratif\\<\\\/a\\>, d'int\u00e9r\u00eat public, qui ne rel\u00e8ve ni de l'\u00c9tat, ni d'institutions internationales\\<sup id\\='cite_ref\\-novethic_1\\-0' class\\='reference'\\>\\<\\\/sup\\>\\. Les ONG n'ont pas le statut de sujet de \\<a title\\='Droit international public' href\\='https\\:\\\/\\\/fr\\.wikipedia\\.org\\\/wiki\\\/Droit_international_public' target\\='_blank' rel\\='noopener'\\>droit international\\<\\\/a\\>\\.\"; toolTips('.classtoolTips210',tt_store_content,'3579'); <\/script><script type=\"text\/javascript\"> var tt_store_content = \"\\<p\\><span class='tooltipsall tooltip_post_id_24572 classtoolTips211'>MIT<\/span> \\= Massachussets Institute of Technology, prestigieuse universit\u00e9 am\u00e9ricaine de la c\u00f4te est\\<\\\/p\\>\"; toolTips('.classtoolTips211',tt_store_content,'24572'); <\/script><script type=\"text\/javascript\"> var tt_store_content = \"\\<\/p>\n<p style\\='text\\-align\\: center;'\\>\\<strong\\>J\\<\\\/strong\\>eux \\<strong\\>O\\<\\\/strong\\>lympiques<br \/>ou<br \/>\\<strong\\>J\\<\\\/strong\\>ournal \\<strong\\>O\\<\\\/strong\\>fficiel de la R\u00e9publique Fran\u00e7aise\\<\\\/p\\>\"; toolTips('.classtoolTips213',tt_store_content,'4451'); <\/script><script type=\"text\/javascript\"> var tt_store_content = \"\\<p\\><span class='tooltipsall tooltip_post_id_30593 classtoolTips214'>RN<\/span> \\= Rassemble National, c'est le parti d'extr\u00eame droite de Marine Le Pen qui succ\u00e8de au FN \\= Front National fond\u00e9 par son p\u00e8re Jean Marie Le Pen\\<\\\/p\\>\"; toolTips('.classtoolTips214',tt_store_content,'30593'); <\/script><script type=\"text\/javascript\"> var tt_store_content = \"\\<\/p>\n<p style\\='text\\-align\\: center;'\\>\\<span style\\='font\\-size\\: 14pt;'\\>\\<strong\\>C\\<\\\/strong\\>entre \\<strong\\>H\\<\\\/strong\\>ospitalier\\<\\\/span\\>\\<\\\/p\\>\"; toolTips('.classtoolTips220',tt_store_content,'18357'); <\/script><script type=\"text\/javascript\"> var tt_store_content = \"\\<p\\>D\u00e9chets radioactifs \u00e0 Haute Activit\u00e9 \\(classement ANDRA\\)\\<\\\/p\\>\"; toolTips('.classtoolTips223',tt_store_content,'19196'); <\/script><\/p>\n","protected":false},"author":52,"featured_media":0,"comment_status":"open","ping_status":"open","sticky":false,"template":"","format":"standard","meta":{"_acf_changed":false,"ngg_post_thumbnail":0,"_jetpack_memberships_contains_paid_content":false,"footnotes":""},"categories":[6,9],"tags":[],"coauthors":[253],"class_list":["post-29141","post","type-post","status-publish","format-standard","hentry","category-actu","category-actu_gen","edition-edi_00103","edition-edi_00104","type_art-type_art_article","no-thumb"],"acf":[],"jetpack_featured_media_url":"","jetpack_sharing_enabled":true,"jetpack_shortlink":"https:\/\/wp.me\/p9B5TM-7A1","_links":{"self":[{"href":"https:\/\/le-clairon-nouveau.fr\/wordpress\/wp-json\/wp\/v2\/posts\/29141","targetHints":{"allow":["GET"]}}],"collection":[{"href":"https:\/\/le-clairon-nouveau.fr\/wordpress\/wp-json\/wp\/v2\/posts"}],"about":[{"href":"https:\/\/le-clairon-nouveau.fr\/wordpress\/wp-json\/wp\/v2\/types\/post"}],"author":[{"embeddable":true,"href":"https:\/\/le-clairon-nouveau.fr\/wordpress\/wp-json\/wp\/v2\/users\/52"}],"replies":[{"embeddable":true,"href":"https:\/\/le-clairon-nouveau.fr\/wordpress\/wp-json\/wp\/v2\/comments?post=29141"}],"version-history":[{"count":0,"href":"https:\/\/le-clairon-nouveau.fr\/wordpress\/wp-json\/wp\/v2\/posts\/29141\/revisions"}],"wp:attachment":[{"href":"https:\/\/le-clairon-nouveau.fr\/wordpress\/wp-json\/wp\/v2\/media?parent=29141"}],"wp:term":[{"taxonomy":"category","embeddable":true,"href":"https:\/\/le-clairon-nouveau.fr\/wordpress\/wp-json\/wp\/v2\/categories?post=29141"},{"taxonomy":"post_tag","embeddable":true,"href":"https:\/\/le-clairon-nouveau.fr\/wordpress\/wp-json\/wp\/v2\/tags?post=29141"},{"taxonomy":"author","embeddable":true,"href":"https:\/\/le-clairon-nouveau.fr\/wordpress\/wp-json\/wp\/v2\/coauthors?post=29141"}],"curies":[{"name":"wp","href":"https:\/\/api.w.org\/{rel}","templated":true}]}}