{"id":29804,"date":"2024-04-23T12:30:58","date_gmt":"2024-04-23T10:30:58","guid":{"rendered":"https:\/\/le-clairon-nouveau.fr\/wordpress\/?p=29804"},"modified":"2024-04-23T13:10:16","modified_gmt":"2024-04-23T11:10:16","slug":"la-rsa-favorise-til-lassistanat-pour-une-evaluation-raisonnee-du-rsa","status":"publish","type":"post","link":"https:\/\/le-clairon-nouveau.fr\/wordpress\/blog\/2024\/04\/23\/la-rsa-favorise-til-lassistanat-pour-une-evaluation-raisonnee-du-rsa\/","title":{"rendered":"La RSA favorise-t-il l&rsquo;assistanat ? Pour une \u00e9valuation raisonn\u00e9e du RSA"},"content":{"rendered":"<p style=\"text-align: justify;\"><em><strong>Les gouvernements qui se succ\u00e8dent en France depuis pr\u00e8s d\u2019une cinquantaine d\u2019ann\u00e9es, mettent en \u0153uvre avec plus ou moins d\u2019efficacit\u00e9 des politiques inspir\u00e9es de la pens\u00e9e n\u00e9olib\u00e9rale. Les mesures qui en d\u00e9coulent visent \u00e0 provoquer et entretenir une croissance continue par une politique de l\u2019offre qui rendrait les produits et services fran\u00e7ais comp\u00e9titifs sur le march\u00e9 national et mondial. Pour y parvenir il s\u2019agirait de diminuer les co\u00fbts de production et particuli\u00e8rement un co\u00fbt du travail consid\u00e9r\u00e9 comme excessif, qu\u2019il s\u2018agisse des salaires vers\u00e9s directement aux travailleurs, ou des couts indirects provoqu\u00e9s par les prestations sociales. Cette politique appliqu\u00e9e avec constance n\u2019aboutit cependant pas aux r\u00e9sultats escompt\u00e9s, bien au contraire. Les crises et d\u00e9ficits s\u2019enchainent&nbsp;: loin de changer de logiciel, nos dirigeants s\u2019acharnent \u00e0 r\u00e9duire le co\u00fbt social du travail, responsable selon eux des \u00e9checs de l\u2019\u00e9conomie fran\u00e7aise. <sup><a href=\"#footnote_1_29804\" id=\"identifier_1_29804\" class=\"footnote-link footnote-identifier-link\" title=\"cf. le cri du c&oelig;ur d&rsquo;Emmanuel Macron en juin 2018 &laquo;&nbsp;on met un pognon de dingue dans les minima sociaux&nbsp;&raquo;, annonciateur d&rsquo;un renforcement de cette politique.\">(1)<\/a><\/sup>.<\/strong><\/em><br \/>\n<em><strong>Apr\u00e8s s\u2019\u00eatre attaqu\u00e9s aux retraites E. Macron et son gouvernement et ses alli\u00e9s s\u2019attaquent \u00e0 pr\u00e9sent au <span class='tooltipsall tooltip_post_id_5651 classtoolTips154'>RSA<\/span> (Revenu de Solidarit\u00e9 Active) une prestation sociale destin\u00e9e aux <span class='tooltipsall tooltip_post_id_18357 classtoolTips220'>ch<\/span>\u00f4meurs qui vise leur retour \u00e0 l\u2019emploi. La communication gouvernementale, relay\u00e9e par les m\u00e9dias de formatage, vise \u00e0 persuader l\u2019opinion, \u00e0 coup d\u2019approximations et de contrev\u00e9rit\u00e9s, du caract\u00e8re socialement et \u00e9conomiquement contre-productif de ce dispositif. Cette campagne de propagande connait actuellement un certain succ\u00e8s, il faut bien le reconnaitre.<\/strong><\/em><\/p>\n<p style=\"text-align: justify;\"><em><strong>Rogner le financement du RSA contribuerait \u00e0 mieux r\u00e9duire la dette de la France&nbsp;plut\u00f4t que de taxer les superprofits des milliardaires du <span class='tooltipsall tooltip_post_id_30440 classtoolTips71'>CAC 40<\/span>&nbsp;? C\u2019est ce qu\u2019ont l\u2019air de penser E. Macron et ses affid\u00e9s.<\/strong><\/em><\/p>\n<p style=\"text-align: justify;\"><em><strong>C\u2019est dans un tel contexte que le Clairon de l\u2019Atax a souhait\u00e9 pr\u00e9senter \u00e0 ses lecteurs l\u2019article document\u00e9 de Dominique Senac sur le RSA. Nous leur souhaitons une lecture attentive de ce texte qui fait la part des choses et r\u00e9tablit certains faits embarassants pour nos gouvernants.<\/strong><\/em><\/p>\n<p style=\"text-align: right;\"><em>La r\u00e9daction du Clairon<\/em><\/p>\n<p>&nbsp;<\/p>\n<p style=\"text-align: center;\"><span style=\"font-size: 18pt; color: #1d3bb3;\"><strong>&nbsp;Arguments \u00e0 propos du RSA et de \u00ab&nbsp;l\u2019assistanat&nbsp;\u00bb&nbsp;<\/strong><\/span><\/p>\n<p style=\"text-align: justify;\">Le Revenu de solidarit\u00e9 active (RSA) est une \u00ab&nbsp;<em>prestation de protection sociale<\/em>&nbsp;\u00bb, une \u00ab&nbsp;<em>aide en faveur de l\u2019emploi et de l\u2019insertion professionnelle<\/em>&nbsp;\u00bb. Elle d\u00e9coule de \u00ab&nbsp;<em>la loi en faveur du travail, de l\u2019emploi et du pouvoir d\u2019achat<\/em>&nbsp;\u00bb du 21 ao\u00fbt 2007, dite \u00ab&nbsp;<em>loi TEPA<\/em>&nbsp;\u00bb. Le RSA se substitue au RMI cr\u00e9\u00e9 en 1988. &nbsp;Son montant s\u2019\u00e9chelonne actuellement de 607, 75 euros pour une personne seule sans enfant, \u00e0 1519, 39 euros pour un couple avec 3 enfants et ne b\u00e9n\u00e9ficiant pas de l\u2019Aide personnalis\u00e9e au logement (<span class='tooltipsall tooltip_post_id_3595 classtoolTips147'>APL<\/span>). A titre de comparaison le SMIC brut est pass\u00e9 \u00e0 1766,92 euros mensuels depuis le 1<sup>er<\/sup> janvier 2024.<\/p>\n<p><span style=\"color: #ff0000; font-size: 14pt;\"><strong>Qui sont les ayant droits au Revenu de solidarit\u00e9 active (RSA)&nbsp;?<\/strong><\/span><\/p>\n<p>On recense pr\u00e8s de 2 millions de b\u00e9n\u00e9ficiaires du RSA. Pour y avoir droit,&nbsp;il faut remplir plusieurs conditions, notamment&nbsp;: \u00eatre adulte de plus de 25 ans (ou \u00eatre jeune actif de 18 \u00e0 24 ans ayant travaill\u00e9 au moins deux ans \u00e0 temps plein ou bien encore, \u00eatre parent isol\u00e9), n\u2019avoir aucune ressource, r\u00e9sider en France de mani\u00e8re stable et r\u00e9guli\u00e8re. En un mot&nbsp;: ce sont des pauvres&nbsp;; des \u00ab&nbsp;<em>indigents<\/em>&nbsp;\u00bb comme on disait autrefois&nbsp;; le plus souvent des ch\u00f4meurs de longue dur\u00e9e. La France compte 5,3 millions de pauvres si l\u2019on fixe le&nbsp;<a href=\"https:\/\/www.inegalites.fr\/A-quels-niveaux-se-situent-les-seuils-de-pauvrete-en-France\">seuil de pauvret\u00e9<\/a>&nbsp;\u00e0 50&nbsp;% du niveau de vie m\u00e9dian (<em><strong>salaire m\u00e9dian<\/strong><\/em>&nbsp;net en 2023 est de 2187\u20ac net\/mois) et 9,1 millions si l\u2019on utilise le seuil de 60&nbsp;%, selon les donn\u00e9es provisoires 2021 (derni\u00e8re ann\u00e9e disponible) de l\u2019<span class='tooltipsall tooltip_post_id_6978 classtoolTips82'>Insee<\/span>. &nbsp;Dans le premier cas, le taux de pauvret\u00e9 est de 8,3&nbsp;% et, dans le second, de 14,5&nbsp;%. Quel que soit le seuil utilis\u00e9, la pauvret\u00e9 augmente en France depuis le milieu des ann\u00e9es 2000. Souvent par d\u00e9ficit d\u2018information, des millions de personnes qui pourraient pr\u00e9tendre b\u00e9n\u00e9ficier du RSA n\u2019en font pas la demande (Lire \u00e0 ce propos l\u2019excellent dossier du <em>Monde<\/em> <sup><a href=\"#footnote_2_29804\" id=\"identifier_2_29804\" class=\"footnote-link footnote-identifier-link\" title=\"https:\/\/www.lemonde.fr\/les-decodeurs\/article\/2017\/10\/17\/assistes-profiteurs-paresseux-en-finir-avec-les-cliches-sur-les-pauvres_5201892_4355770.html\">(2)<\/a><\/sup>.<\/p>\n<p style=\"text-align: justify;\"><span style=\"text-decoration: underline;\">En 2022, le nombre de sans domicile fixe en France \u00e9tait de 330 000 personnes, il a \u00e9t\u00e9 multipli\u00e9 par deux en dix ans (<span class='tooltipsall tooltip_post_id_4451 classtoolTips213'>JO<\/span> S\u00e9nat 18\/01\/2024).<\/span><\/p>\n<p style=\"text-align: center;\"><img data-recalc-dims=\"1\" loading=\"lazy\" decoding=\"async\" class=\" wp-image-29805 aligncenter\" src=\"https:\/\/i0.wp.com\/le-clairon-nouveau.fr\/wordpress\/wp-content\/uploads\/2024\/04\/Mendiant-Image-par-Dean-Moriarty-de-Pixabay.jpg?resize=497%2C331&#038;ssl=1\" alt=\"\" width=\"497\" height=\"331\" srcset=\"https:\/\/i0.wp.com\/le-clairon-nouveau.fr\/wordpress\/wp-content\/uploads\/2024\/04\/Mendiant-Image-par-Dean-Moriarty-de-Pixabay.jpg?resize=300%2C200&amp;ssl=1 300w, https:\/\/i0.wp.com\/le-clairon-nouveau.fr\/wordpress\/wp-content\/uploads\/2024\/04\/Mendiant-Image-par-Dean-Moriarty-de-Pixabay.jpg?resize=1024%2C682&amp;ssl=1 1024w, https:\/\/i0.wp.com\/le-clairon-nouveau.fr\/wordpress\/wp-content\/uploads\/2024\/04\/Mendiant-Image-par-Dean-Moriarty-de-Pixabay.jpg?resize=768%2C512&amp;ssl=1 768w, https:\/\/i0.wp.com\/le-clairon-nouveau.fr\/wordpress\/wp-content\/uploads\/2024\/04\/Mendiant-Image-par-Dean-Moriarty-de-Pixabay.jpg?resize=600%2C400&amp;ssl=1 600w, https:\/\/i0.wp.com\/le-clairon-nouveau.fr\/wordpress\/wp-content\/uploads\/2024\/04\/Mendiant-Image-par-Dean-Moriarty-de-Pixabay.jpg?resize=272%2C182&amp;ssl=1 272w, https:\/\/i0.wp.com\/le-clairon-nouveau.fr\/wordpress\/wp-content\/uploads\/2024\/04\/Mendiant-Image-par-Dean-Moriarty-de-Pixabay.jpg?w=1280&amp;ssl=1 1280w\" sizes=\"auto, (max-width: 497px) 100vw, 497px\" \/><span style=\"font-size: 8pt;\"><em><strong>Mendiant (Image par Dean Moriarty de Pixabay)<\/strong><\/em><\/span><\/p>\n<p><span style=\"font-size: 14pt; color: #ff0000;\">L\u2019inflation&nbsp;: un drame pour les pauvres provoqu\u00e9 par les ultra-riches<\/span><\/p>\n<p style=\"text-align: justify;\">Le 23 novembre 2023, Michel-Edouard Leclerc se r\u00e9f\u00e8re \u00e0 un rapport de l\u2019Inspection g\u00e9n\u00e9rale des Finances (IGF) et d\u00e9nonce sur l\u2019antenne de Sud-Radio les marges des industriels internationaux responsables de 20% de l\u2019inflation. (<em>Capital <\/em>23\/11\/2023). Toute la population subit un brutal recul de son pouvoir d\u2019achat. Pour les plus fragiles et notamment les b\u00e9n\u00e9ficiaires du RSA c\u2019est un drame. &nbsp;L\u2019Observatoire des in\u00e9galit\u00e9s constate (15\/01\/2024)&nbsp;: \u00ab&nbsp;<span style=\"color: #0000ff;\"><em>Si<\/em> <em>les effectifs des allocataires de minima sociaux restent globalement stables, la question de la revalorisation du montant des prestations devient cruciale en p\u00e9riode de forte inflation. Pour des personnes qui n\u2019\u00e9pargnent rien, chaque hausse de prix non compens\u00e9e se traduit par des restrictions fortes sur des postes essentiels, comme la nourriture, le chauffage ou l\u2019habillement. C\u2019est d\u2019autant plus vrai pour des m\u00e9nages chez qui l\u2019indice des prix \u00e0 la consommation \u2013 calcul\u00e9 pour un m\u00e9nage moyen \u2013 refl\u00e8te mal la hausse qu\u2019ils subissent car, pour eux, la part des produits de base et de l\u2019\u00e9nergie est plus importante dans leur budget. Selon la note de conjoncture de l\u2019Insee du mois de mars dernier, l\u2019inflation, pour un m\u00e9nage \u00e2g\u00e9 de plus de 75 ans, habitant \u00e0 la campagne et class\u00e9 dans le cinqui\u00e8me des revenus les plus bas, atteignait 9&nbsp;% en janvier 2023, soit trois points de plus que la hausse des prix concernant l\u2019ensemble de la population. Au total, depuis le retour de l\u2019inflation en 2021, le rythme d\u2019indexation est tr\u00e8s fluctuant selon les ann\u00e9es mais, au bout du compte les allocataires de minima sociaux accumulent une perte de pouvoir d\u2019achat significative. Dans un document r\u00e9cent, la Direction de la recherche, des \u00e9tudes, de l\u2019\u00e9valuation et des statistiques (Drees) fait \u00e9tat, pour l\u2019ann\u00e9e 2021, d\u2019une baisse de 2,7&nbsp;% du pouvoir d\u2019achat des b\u00e9n\u00e9ficiaires du RSA. Si l\u2019ann\u00e9e 2022 a vu une revalorisation \u00e0 la hauteur moyenne de l\u2019inflation, ce n\u2019est pas la maigre <\/em><\/span><em><span style=\"color: #0000ff;\">augmentation de 1,6&nbsp;% consentie en avril 2023 qui peut compenser, pour cette ann\u00e9e, la hausse des prix de 5&nbsp;%. Les allocataires du RSA et de toutes les prestations familiales devront attendre avril 2024 pour connaitre une revalorisation de 4,6&nbsp;%. Une note de la Fondation Jean-Jaur\u00e8s calcule que la perte cumul\u00e9e de pouvoir d\u2019achat du RSA en trois ans, de mi-2020 \u00e0 mi-2023, atteint 30 euros par mois, soit 5&nbsp;% du montant de l\u2019allocation de base. Au vu de <span class='tooltipsall tooltip_post_id_29829 classtoolTips180'>ces<\/span> chiffres, il devient compr\u00e9hensible que les Restaurants du c\u0153ur voient un afflux de population auquel ils ont du mal \u00e0 faire face. Compter sur les b\u00e9n\u00e9voles pour pallier le d\u00e9sengagement de l\u2019\u00c9tat est une solution qui att<\/span>eint ses limites. Fonder des espoirs sur une hausse des revenus d\u2019activit\u00e9 semble assez illusoire, alors que les cr\u00e9ations d\u2019emploi vont se tarir.&nbsp;<\/em>\u00bb <sup><a href=\"#footnote_3_29804\" id=\"identifier_3_29804\" class=\"footnote-link footnote-identifier-link\" title=\"https:\/\/inegalites.fr\/Inflation-le-RSA-ne-suit-pas\">(3)<\/a><\/sup>.<br \/>\nLe Monde (26 \/03\/2023)&nbsp;:&nbsp;\u00ab <span style=\"color: #0000ff;\"><em>En Europe, l\u2019inflation provoque une flamb\u00e9e des vols de nourriture dans les magasins&nbsp;\u00bb&nbsp;; \u00ab&nbsp;<\/em><em>De la Gr\u00e8ce au Royaume-Uni, en passant par la France, ces vols ont fait un bond, cons\u00e9quence de la hausse des prix, mais aussi du d\u00e9veloppement des caisses automatiques.<\/em><\/span>&nbsp;\u00bb<\/p>\n<p style=\"text-align: center;\"><img data-recalc-dims=\"1\" loading=\"lazy\" decoding=\"async\" class=\" wp-image-29808 aligncenter\" src=\"https:\/\/i0.wp.com\/le-clairon-nouveau.fr\/wordpress\/wp-content\/uploads\/2024\/04\/dette-2-Image-par-Mohamed-Hassan-de-Pixabay.png?resize=500%2C357&#038;ssl=1\" alt=\"\" width=\"500\" height=\"357\" srcset=\"https:\/\/i0.wp.com\/le-clairon-nouveau.fr\/wordpress\/wp-content\/uploads\/2024\/04\/dette-2-Image-par-Mohamed-Hassan-de-Pixabay.png?resize=300%2C214&amp;ssl=1 300w, https:\/\/i0.wp.com\/le-clairon-nouveau.fr\/wordpress\/wp-content\/uploads\/2024\/04\/dette-2-Image-par-Mohamed-Hassan-de-Pixabay.png?resize=1024%2C732&amp;ssl=1 1024w, https:\/\/i0.wp.com\/le-clairon-nouveau.fr\/wordpress\/wp-content\/uploads\/2024\/04\/dette-2-Image-par-Mohamed-Hassan-de-Pixabay.png?resize=768%2C549&amp;ssl=1 768w, https:\/\/i0.wp.com\/le-clairon-nouveau.fr\/wordpress\/wp-content\/uploads\/2024\/04\/dette-2-Image-par-Mohamed-Hassan-de-Pixabay.png?w=1280&amp;ssl=1 1280w\" sizes=\"auto, (max-width: 500px) 100vw, 500px\" \/><span style=\"font-size: 8pt;\"><strong><em>Surendettement (Image par Mohamed Hassan de Pixabay)<\/em><\/strong><\/span><\/p>\n<p><span style=\"color: #ff0000;\"><strong><span style=\"font-size: 14pt;\">D\u00e9fendre le droit au RSA est-ce flatter l\u2019oisivet\u00e9&nbsp;?&nbsp;:<\/span><\/strong><\/span><\/p>\n<p style=\"text-align: justify;\">Cette question est en fait un avatar contemporain d\u2019une tr\u00e8s ancienne controverse. Elle r\u00e9sulte de la perception de la pauvret\u00e9 et de la compr\u00e9hension ou non de ses causes et de ses cons\u00e9quences.<\/p>\n<p style=\"text-align: justify;\">\u21d2 Sous l\u2019Ancien R\u00e9gime, la pauvret\u00e9 a longtemps \u00e9t\u00e9 consid\u00e9r\u00e9e comme une punition divine ou une fatalit\u00e9. Le cur\u00e9 de la paroisse \u00e9tait en charge de <strong>la charit\u00e9<\/strong>. Dans les premiers mois de la R\u00e9volution fran\u00e7aise, en octobre 1789, l\u2019auteur de l\u2019\u00ab&nbsp;<em>A<span style=\"color: #0000ff;\">ppel \u00e0 la charit\u00e9 publique en faveur du bureau de filature des pauvres<\/span><\/em><span style=\"color: #0000ff;\">&nbsp;<\/span>\u00bb \u00e9crit&nbsp;encore : &nbsp;\u00ab&nbsp; [\u2026] <span style=\"color: #0000ff;\"><em>on peut dire, \u00e0 la louange de notre si\u00e8cle, que jamais la bienfaisance publique ne s\u2019est signal\u00e9e par des effusions plus abondantes, par un plus grand nombre d\u2019institutions destin\u00e9es au soulagement des malheureux.<\/em><\/span>&nbsp;\u00bb &nbsp;Sa pens\u00e9e est empreinte de morale chr\u00e9tienne et particuli\u00e8rement du pr\u00e9cepte suivant&nbsp;: \u00ab&nbsp;<span style=\"color: #0000ff;\"><em>Tu gagneras ton pain \u00e0 la sueur de ton front<\/em><\/span>&nbsp;\u00bb (Gen\u00e8se 3&nbsp;:19). Sa d\u00e9marche intellectuelle consiste \u00e0 <strong>faire du pauvre<\/strong> <strong><u>le responsable de sa propre mis\u00e8re<\/u><\/strong>. A aucun moment, l\u2019auteur de ce rapport n\u2019\u00e9voque le contexte, la crise \u00e9conomique qui s\u00e9vit en France depuis la fin des ann\u00e9es 1770 et qui s\u2019est aggrav\u00e9e \u00e0 la veille de la R\u00e9volution. &nbsp;A aucun moment, il n\u2019\u00e9tablit une relation de cause \u00e0 effet entre l\u2019\u00e9tat de l\u2019\u00e9conomie et l\u2019accroissement du ch\u00f4mage. Ses pr\u00e9jug\u00e9s s\u2019expriment ainsi&nbsp;: &nbsp;\u00ab&nbsp;<span style=\"color: #0000ff;\"><em>Avec tant de secours, il doit paraitre \u00e9tonnant que la mis\u00e8re, ou du moins la mendicit\u00e9 assi\u00e8ge encore toutes les places, tous les passages de la capitale.<\/em> <\/span><em><span style=\"color: #0000ff;\">On ne peut faire un pas dans Paris sans \u00eatre entour\u00e9s de mendiants la plupart valides et d\u2019un \u00e2ge que le travail devrait pr\u00e9server de l\u2019indigence, ne serait-ce point que l\u2019on s\u2019est plus occup\u00e9 d\u2019assister le pauvre dans son besoin que de l\u2019aider \u00e0 en sortir ? Parlons clairement : n\u2019est-ce point qu\u2019on a donn\u00e9 au pauvre ce qu\u2019il fallait lui faire acheter par le travail ? Tout homme en naissant contracte l\u2019obligation de travailler, ce n\u2019est qu\u2019\u00e0 ce prix que la nature lui promet ses secours, et le pauvre n\u2019est pas dispens\u00e9 de cette dette, mais la paresse fait \u00e9luder \u00e0 l\u2019homme ce premier des engagements, et sans l\u2019aiguillon du besoin, il ob\u00e9irait rarement aux lois de la nature.<\/span> \u00bb <\/em><sup><a href=\"#footnote_4_29804\" id=\"identifier_4_29804\" class=\"footnote-link footnote-identifier-link\" title=\"https:\/\/gallica.bnf.fr\/ark:\/12148\/bpt6k49177t\/f564.item\">(4)<\/a><\/sup><\/a><\/p>\n<p style=\"text-align: justify;\">\u00ab&nbsp;<span style=\"color: #0000ff;\"><em>Laurent Wauquiez veut une Europe fi\u00e8re de ses racines chr\u00e9tiennes<\/em>&nbsp;<\/span>\u00bb titrait <em>La Croix<\/em> (15\/02\/2011). Il \u00e9tait alors ministre de Sarkozy. Deux semaines plus tard, ce dernier, en visite au Puy en Velay, appelait \u00e0 assumer sans complexe l\u2019h\u00e9ritage chr\u00e9tien de la France. Dans sa grande bont\u00e9, Wauquiez d\u00e9non\u00e7ait le 8 mai 2011 de pr\u00e9tendues <em>\u00ab&nbsp;<\/em><em><span style=\"color: #0000ff;\">d\u00e9rives de&nbsp;l&rsquo;assistanat<\/span>&nbsp;\u00bb,&nbsp;<\/em>qualifi\u00e9es de<em>&nbsp;\u00ab&nbsp;<span style=\"color: #0000ff;\">cancer de la soci\u00e9t\u00e9 fran\u00e7aise<\/span>&nbsp;\u00bb <span style=\"color: #0000ff;\">et mentait comme un arracheur de dents \u00e0 propos du RSA, affirmant sans rire qu\u2019<\/span><\/em><span style=\"color: #0000ff;\">&nbsp;\u00ab&nbsp;<\/span><em><span style=\"color: #0000ff;\">un couple qui est au RSA, en cumulant les diff\u00e9rents syst\u00e8mes de minima sociaux, peut gagner plus qu&rsquo;un couple dans lequel il y a une personne qui travaille au smic&nbsp;<\/span>\u00bb<\/em>. Le journaliste du <em>Monde<\/em> n\u2019a eu aucun mal \u00e0 d\u00e9montrer que tout cela ne tenait pas debout <sup><a href=\"#footnote_5_29804\" id=\"identifier_5_29804\" class=\"footnote-link footnote-identifier-link\" title=\"&nbsp;https:\/\/www.lemonde.fr\/politique\/article\/2011\/05\/09\/assistanat-les-mauvais-exemples-de-laurent-wauquiez_1518985_823448.html\">(5)<\/a><\/sup>\n<p style=\"text-align: justify;\">M\u00e9diavenir (2\/10\/2023)&nbsp;: \u00ab&nbsp;<span style=\"color: #0000ff;\"><em>La pauvret\u00e9 \u00e9volue et touche d\u00e9sormais de nouvelles cat\u00e9gories de travailleurs. Parmi eux, les auto-entrepreneurs semblent particuli\u00e8rement vuln\u00e9rables et se retrouvent souvent dans une situation pr\u00e9caire.<\/em> [\u2026] <em>Les auto-entrepreneurs proviennent fr\u00e9quemment de&nbsp;<\/em><strong><em>milieux \u00e9conomiquement fragiles<\/em><\/strong><em>&nbsp;et optent pour le&nbsp;<\/em><strong><em>r\u00e9gime de micro-entreprise<\/em><\/strong><em>&nbsp;afin d\u2019am\u00e9liorer leur situation. Cette formule attire en raison de sa simplicit\u00e9, de sa rapidit\u00e9 et de ses formalit\u00e9s r\u00e9duites. Ceci \u00e9tant dit, elle ne garantit pas n\u00e9cessairement un revenu suffisant pour vivre dignement. En r\u00e9alit\u00e9, le&nbsp;<\/em><strong><em>faible revenu moyen<\/em><\/strong><\/span><em><span style=\"color: #0000ff;\">&nbsp;des auto-entrepreneurs est g\u00e9n\u00e9ralement \u00e0 peine sup\u00e9rieur au seuil du RSA, ce qui les place dans une situation pr\u00e9caire. Cette vuln\u00e9rabilit\u00e9 financi\u00e8re s\u2019explique en partie par le manque de comp\u00e9tences en gestion et d\u2019accompagnement. Les auto-entrepreneurs se lancent sans disposer d\u2019informations suffisantes sur les contraintes li\u00e9es \u00e0 leur statut, et d\u00e9couvrent trop tard que leurs revenus sont amput\u00e9s par diverses charges sociales et fiscales. De ce fait, ils se retrouvent d\u00e9munis face \u00e0 la r\u00e9alit\u00e9 \u00e9conomique et ont du mal \u00e0 s\u2019en sortir<\/span>.<\/em> [\u2026] <span style=\"color: #0000ff;\"><em>Les auto-entrepreneurs sont particuli\u00e8rement touch\u00e9s par l\u2019inflation et la hausse des prix du carburant. Environ un tiers d\u2019entre eux exercent dans les&nbsp;services \u00e0 la personne, un secteur qui n\u00e9cessite souvent l\u2019utilisation d\u2019un v\u00e9hicule. Lorsque le co\u00fbt du carburant augmente, leurs charges s\u2019alourdissent, et il leur est difficile de r\u00e9percuter cette hausse sur les prix de leurs prestations sans perdre des clients.<\/em> <em>Cette situation les conduit \u00e0 rogner sur leurs marges et \u00e0 voir leur revenu diminuer, accentuant leur pr\u00e9carit\u00e9 financi\u00e8re.<\/em> <\/span>\u00bb <sup><a href=\"#footnote_6_29804\" id=\"identifier_6_29804\" class=\"footnote-link footnote-identifier-link\" title=\"https:\/\/www.mediavenir.fr\/pauvrete-2-0-auto-entrepreneurs-devenus-nouveaux-laisses-pour-compte\/]]\nLe droit au secours s&rsquo;est peu &agrave; peu substitu&eacute; &agrave; la charit&eacute;\n&rArr;Pourtant les Lumi&egrave;res s&rsquo;&eacute;taient empar&eacute;es de cette question. Dans la philosophie des Lumi&egrave;res, le mat&eacute;rialisme fran&ccedil;ais du XVIIIe Si&egrave;cle occupe une place importante mais non majoritaire. Montesquieu, &eacute;crit, par exemple&nbsp;: &laquo;&nbsp;Les richesses d&rsquo;un &Eacute;tat supposent beaucoup d&rsquo;industrie. Il n&rsquo;est pas possible que, dans un si grand nombre de branches de commerce, il n&rsquo;y en ait toujours quelqu&rsquo;une qui souffre &amp; dont, par cons&eacute;quent, les ouvriers ne soient dans une n&eacute;cessit&eacute; momentan&eacute;e. C&rsquo;est pour lors que l&rsquo;Etat a besoin d&rsquo;apporter un prompt secours, soit pour emp&ecirc;cher le peuple de souffrir, soit pour &eacute;viter qu&rsquo;il ne se r&eacute;volte : c&rsquo;est dans ce cas qu&rsquo;il faut des h&ocirc;pitaux, ou quelque r&egrave;glement &eacute;quivalent, qui puisse pr&eacute;venir cette mis&egrave;re.&nbsp;&raquo; (Montesquieu, De l&rsquo;esprit des lois, XXIII).\n&rArr;Ces r&eacute;flexions aboutissent, sous la R&eacute;volution fran&ccedil;aise, &agrave; de tout autres conception et perspective que celles envisag&eacute;es autrefois. Le rapport du Comit&eacute; de mendicit&eacute; du 12 juin 1790, pr&eacute;sent&eacute; par La Rochefoucauld-Liancourt, affirme que &laquo; La mis&egrave;re des peuples est un tort des gouvernements&nbsp;&raquo;. &nbsp;&nbsp;Puis, lorsqu&rsquo;en 1793, la R&eacute;volution approfondit son cours, cette question est &agrave; nouveau examin&eacute;e et l&rsquo;article 21 de la D&eacute;claration des droits de l&rsquo;homme du 24 juin 1793 dispose&nbsp;:&laquo;&nbsp;Les secours publics sont une dette sacr&eacute;e. La soci&eacute;t&eacute; doit la subsistance aux citoyens malheureux, soit en leur procurant du travail, soit en assurant les moyens d&rsquo;exister &agrave; ceux qui sont hors d&rsquo;&eacute;tat de travailler.&nbsp;&raquo;\n&rArr;Louis Chevalier d&eacute;crit l&rsquo;&eacute;volution de la perception de la mendicit&eacute; aux XVIIIe et XIXe si&egrave;cles en ces termes&nbsp;: &laquo;&nbsp;Au XVIIIe si&egrave;cle, les mendiants, dans la r&eacute;alit&eacute; et dans la description que l&rsquo;on fait d&rsquo;eux, restent en marge de la ville, int&eacute;ressants mais peu redoutables, encombrants mais non g&ecirc;nants. Sans doute, expriment-ils de toute &eacute;vidence un &eacute;tat d&eacute;mographique et social et constituent-ils un exc&eacute;dent de population. Mais le fait n&rsquo;est pas nettement con&ccedil;u. L&rsquo;attitude des pouvoirs publics et des classes dominantes n&rsquo;est gu&egrave;re diff&eacute;rente &agrave; leur &eacute;gard, au XVIIIe si&egrave;cle, de ce qu&rsquo;elle &eacute;tait auparavant. Elle consiste &agrave; tenter de refouler ces &eacute;vad&eacute;s dans la condition productive. Innombrables sont les mesures concernant la mendicit&eacute;. Toutes apparemment et momentan&eacute;ment efficaces, comme ce renfermement des pauvres que Sauval d&eacute;crit [&hellip;] Mesure toujours &agrave; reprendre cependant, en raison du d&eacute;s&eacute;quilibre permanent entre les ressources et les populations. Soulignons surtout cette ignorance des causes d&eacute;mographiques et &eacute;conomiques de la mendicit&eacute;, ou cette indiff&eacute;rence &agrave; leur &eacute;gard. Pendant tout le XVIIIe si&egrave;cle, les philosophes ou les hommes politiques qui &eacute;laborent des plans pour chasser les mendiants ou renvoyer &agrave; la terre les parasites qui encombrent les villes, restent favorables &agrave; l&rsquo;accroissement de la population&nbsp;: populationnistes contre toute &eacute;vidence. A partir de la premi&egrave;re moiti&eacute; du XIXe si&egrave;cle, au contraire, interviennent des faits nouveaux : d&rsquo;une part, un accroissement du d&eacute;s&eacute;quilibre ancien &ndash; premier effet, paradoxal, du progr&egrave;s technique &ndash; d&rsquo;autre part une prise de conscience d&rsquo;une situation dont nous dirons qu&rsquo;elle n&rsquo;est plus consid&eacute;r&eacute;e comme &eacute;tant de conjoncture, mais de structure, et dont on juge qu&rsquo;elle ne peut plus &ecirc;tre combattue par des mesures administratives, mais par des d&eacute;cisions plus &eacute;tendues et plus complexes. A cette sorte de r&eacute;v&eacute;lation s&rsquo;attache le nom de Malthus, mais elle correspond &agrave; une &eacute;volution psychologique bien plus g&eacute;n&eacute;rale. Il ne s&rsquo;agit plus seulement d&rsquo;enfermer pauvres et mendiants, de les chasser des villes, mais de lutter contre leur dangereuse f&eacute;condit&eacute; et plus g&eacute;n&eacute;ralement contre la f&eacute;condit&eacute; des classes populaires. C&rsquo;est ainsi que la mendicit&eacute; cesse d&rsquo;&ecirc;tre consid&eacute;r&eacute;e comme exceptionnelle, limit&eacute;e et qu&rsquo;elle prend de plus en plus une signification sociale. &raquo;&nbsp;&nbsp;&nbsp;&nbsp;&nbsp; \n&nbsp;&nbsp;&nbsp;&nbsp;&nbsp;&nbsp;&nbsp;&nbsp;&nbsp;&nbsp;&nbsp;&nbsp;&nbsp;&nbsp;&nbsp;&nbsp;&nbsp;&nbsp;&nbsp;&nbsp;&nbsp;&nbsp;&nbsp;&nbsp;&nbsp;&nbsp;&nbsp;&nbsp;&nbsp;&nbsp;&nbsp;&nbsp;&nbsp;&nbsp;&nbsp;&nbsp;&nbsp;&nbsp;&nbsp;&nbsp;&nbsp;&nbsp;&nbsp;&nbsp;&nbsp;&nbsp;&nbsp;&nbsp;&nbsp;&nbsp;&nbsp;&nbsp;&nbsp;&nbsp;&nbsp;&nbsp;&nbsp;&nbsp;&nbsp;&nbsp;&nbsp;&nbsp;&nbsp;&nbsp;&nbsp;&nbsp;&nbsp;&nbsp;&nbsp;&nbsp;&nbsp;&nbsp;&nbsp;&nbsp; Louis Chevalier, Classes laborieuses et classes dangereuses, Tempus\/Perrin- 2007, pages 124-125\nD&egrave;s le Moyen-&Acirc;ge, des compagnons d&rsquo;un m&ecirc;me m&eacute;tier cr&eacute;ent une caisse commune de secours pour venir en aide aux compagnons de leur Devoir, malades, invalides et subvenir aux besoins de leur famille. C&rsquo;est une exception. La R&eacute;volution fran&ccedil;aise abolit les corporations (D&eacute;crets d&rsquo;Allarde) en mars1791 mais la loi le Chapelier (juin 1791) interdit tout regroupement professionnel et surtout ouvrier. Tant&ocirc;t tol&eacute;r&eacute;es, tant&ocirc;t r&eacute;prim&eacute;es, c&rsquo;est d&rsquo;abord dans la clandestinit&eacute; que se constituent ou se reconstituent des Soci&eacute;t&eacute;s de Secours mutuel, souvent &eacute;ph&eacute;m&egrave;res. Elles seront reconnues en 1852 par le Second Empire et largement plac&eacute;es sous tutelle. En &eacute;change d&rsquo;une cotisation, ces associations versent des prestations &agrave; leurs membres en cas de maladie, prennent en charge les obs&egrave;ques et, si les finances le permettent, versent une pension de retraite. La loi Waldeck-Rousseau de 1884, l&eacute;galise les syndicats. Des caisses syndicales et patronales, organis&eacute;es par m&eacute;tier sont cr&eacute;&eacute;es. Certaines garantissent une protection contre le ch&ocirc;mage. Le 20 ao&ucirc;t 1914, l&rsquo;&Eacute;tat cr&eacute;e le Fonds national du ch&ocirc;mage pour indemniser les travailleurs qui ont perdu leur emploi en raison de la d&eacute;sorganisation provoqu&eacute;e par la guerre.\nC&rsquo;est au lendemain de la Seconde guerre mondiale qu&rsquo;un pas d&eacute;cisif est r&eacute;alis&eacute; pour la protection sociale des travailleurs et de leurs familles. La lib&eacute;ration (juin 1944- mai 1945) est une p&eacute;riode tr&egrave;s agit&eacute;e. La classe ouvri&egrave;re a pris une place majeure dans la lutte contre l&rsquo;occupant et contre le r&eacute;gime de Vichy. Celui-ci s&rsquo;est effondr&eacute; laissant un vide politique b&eacute;ant. Dans toute la France, des groupes arm&eacute;s, issus de la R&eacute;sistance, constituent des &laquo; autorit&eacute;s de fait &raquo;. Pour la classe ouvri&egrave;re, il est temps d&rsquo;en finir non seulement avec la barbarie et la terreur nazie, mais plus g&eacute;n&eacute;ralement avec le capitalisme. Le patronat s&rsquo;est vautr&eacute; dans la collaboration avec P&eacute;tain. Si tous les patrons n&rsquo;ont pas &eacute;t&eacute; des &laquo; collabos &raquo;, au sens strict, la plupart d&rsquo;entre eux se sont montr&eacute;s dans l&rsquo;ensemble peu regardant pour remplir leurs carnets de commande. Mais, sauf exception, &laquo; l&rsquo;&eacute;puration &raquo; &eacute;pargne les capitalistes. Le g&eacute;n&eacute;ral de Gaulle aurait d&rsquo;ailleurs fait une remarque ironique &agrave; une d&eacute;l&eacute;gation du patronat fran&ccedil;ais : &laquo; Messieurs, je n&rsquo;ai vu aucun d&rsquo;entre vous &agrave; Londres. Ma foi, apr&egrave;s tout, vous n&rsquo;&ecirc;tes pas en prison ! &raquo; En 1945, les patrons ont peur de tout perdre et sont dispos&eacute;s &agrave; faire d&rsquo;importantes concessions aux travailleurs. Le 24 juillet 1945, le r&eacute;formiste Georges Buisson [1878-1946], Secr&eacute;taire conf&eacute;d&eacute;ral de la CGT et ami de L&eacute;on Jouhaux [1879-1954], pr&eacute;sente devant l&rsquo;Assembl&eacute;e Consultative Provisoire le projet d&rsquo;ordonnance fondant la S&eacute;curit&eacute; sociale en 88 articles. Ce sera apr&egrave;s quelques amendements la matrice des ordonnances des 4 et 19 octobre 1945. L&rsquo;article premier de l&rsquo;ordonnance du 4 octobre 1945 proclame : &laquo;&nbsp;Il est institu&eacute; une organisation de la s&eacute;curit&eacute; sociale destin&eacute;e &agrave; garantir les travailleurs et leurs familles contre les risques de toute nature, susceptibles de r&eacute;duire ou de supprimer leur capacit&eacute; de gain, &agrave; couvrir les charges de maternit&eacute; et les charges de famille qu&rsquo;ils supportent.&nbsp;&raquo;\nComme la S&eacute;curit&eacute; sociale (1945), le statut de la fonction publique (1946), ou l&rsquo;enseignement professionnel public et la&iuml;que, sous statut scolaire (1949), sont des conqu&ecirc;tes de la classe ouvri&egrave;re &agrave; la Lib&eacute;ration. Le pr&eacute;ambule de la Constitution du 27 octobre 1946 proclame&nbsp;: &laquo;&nbsp;Art.5&nbsp;: Chacun a le devoir de travailler et le droit d&rsquo;obtenir un emploi. Nul ne peut &ecirc;tre l&eacute;s&eacute;, dans son travail ou son emploi, en raison de ses origines, de ses opinions ou de ses croyances.&nbsp;&raquo;&nbsp;; &laquo;&nbsp;Art.10&nbsp;: La Nation assure &agrave; l&rsquo;individu et &agrave; la famille les conditions n&eacute;cessaires &agrave; leur d&eacute;veloppement.&nbsp;&raquo;&nbsp;; &laquo;&nbsp;Art. 11&nbsp;: Elle garantit &agrave; tous, notamment &agrave; l&rsquo;enfant, &agrave; la m&egrave;re et aux vieux travailleurs, la protection de la sant&eacute;, la s&eacute;curit&eacute; mat&eacute;rielle, le repos et les loisirs. Tout &ecirc;tre humain qui, en raison de son &acirc;ge, de son &eacute;tat physique ou mental, de la situation &eacute;conomique, se trouve dans l&rsquo;incapacit&eacute; de travailler a le droit d&rsquo;obtenir de la collectivit&eacute; des moyens convenables d&rsquo;existence.&nbsp;&raquo;\nL&rsquo;Assurance ch&ocirc;mage est cr&eacute;&eacute;e le 31 d&eacute;cembre 1958. Elle est initialement exclusivement financ&eacute;e par les employeurs. A partir de 1990, elle est &eacute;galement financ&eacute;e par la Contribution Sociale G&eacute;n&eacute;ralis&eacute;e (CSG). Le calcul du montant de l&rsquo;indemnisation du ch&ocirc;mage et sa dur&eacute;e ont &eacute;t&eacute; modifi&eacute;s &agrave; plusieurs reprises depuis. Il faut satisfaire plusieurs conditions pour y avoir droit&nbsp;: avoir travaill&eacute; 130 jours ou 910 heures dans une p&eacute;riode de 24 ou 36 mois&nbsp;; &ecirc;tre &agrave; la recherche effective et permanente d&rsquo;un emploi&nbsp;; etc. Jusqu&rsquo;en 1982, l&rsquo;indemnisation &eacute;tait g&eacute;n&eacute;rale et assurait 90&nbsp;% du salaire brut. Pour les ch&ocirc;meurs dits &laquo;&nbsp;en fin de droits&laquo;&nbsp;, l&rsquo;assistance de l&rsquo;&Eacute;tat suppl&eacute;e l&rsquo;Un&eacute;dic. &nbsp;En 1984 est cr&eacute;&eacute;e l&rsquo;allocation sp&eacute;cifique de solidarit&eacute;, puis&nbsp; le&nbsp;revenu minimum d&rsquo;insertion (RMI), en 1988.\nQuelle est la cause du ch&ocirc;mage de masse dont d&eacute;coule principalement la pr&eacute;carit&eacute; des b&eacute;n&eacute;ficiaires du RSA ?\nLa crise &eacute;conomique, politique, sociale mondiale n&rsquo;est pas due aux ch&ocirc;meurs. Le ch&ocirc;mage de longue dur&eacute;e (un an et plus), a des cons&eacute;quences graves sur le niveau d&rsquo;indemnisation, les relations sociales et l&rsquo;&eacute;tat psychologique des personnes concern&eacute;es. En revanche, le ch&ocirc;mage de masse est une des cons&eacute;quences majeures de la crise du capitalisme. Comme l&rsquo;avait constat&eacute; Karl Marx, le ch&ocirc;mage a toujours &eacute;t&eacute; utile au capitalisme. Il permettait de constituer une &laquo;&nbsp;arm&eacute;e de r&eacute;serve&nbsp;&raquo; pour faire face &agrave; un accroissement subit de la production et, habituellement, il freinait la revendication salariale. Mais, aujourd&rsquo;hui, la situation s&rsquo;est aggrav&eacute;e.&nbsp; Le capital financier qui domine l&rsquo;&eacute;conomie est dans l&rsquo;impasse. Le principal &eacute;cueil auquel il se heurte depuis plusieurs d&eacute;cennies, c&rsquo;est l&rsquo;exc&egrave;s de capitaux qui ne trouvent pas de placements rentables pour les actionnaires. La situation ne cesse de s&rsquo;aggraver. Ni la &laquo;&nbsp;mondialisation&nbsp;&raquo; marqu&eacute;e par les d&eacute;localisations des lieux de production vers les pays &agrave; bas co&ucirc;t salarial et social, et la d&eacute;sindustrialisation des pays europ&eacute;ens (et plus particuli&egrave;rement de la France), ni aucune des politiques dites de &laquo; relance &raquo; tent&eacute;es par les diff&eacute;rents gouvernements, n&rsquo;a permis de modifier significativement cette situation. Mais elles ont install&eacute; durablement la d&eacute;r&eacute;glementation, le d&eacute;sengagement de l&rsquo;&Eacute;tat dans de nombreux secteurs de l&rsquo;&eacute;conomie, le d&eacute;mant&egrave;lement des services publics&hellip; la remise en cause de droits et acquis sociaux, la casse du code du travail&hellip; et au bout du compte, la pr&eacute;carit&eacute; et la mis&egrave;re pour un grand nombre de personnes. C&rsquo;est aussi la racine de la marche &agrave; la guerre &agrave; laquelle nous assistons aujourd&rsquo;hui. Le tr&egrave;s s&eacute;rieux journal patronal Les Echos (13\/02\/2024) titrait&nbsp;: &laquo;&nbsp;Le ch&ocirc;mage appel&eacute; &agrave; encore s&rsquo;aggraver en 2024&nbsp;en France &raquo; et indiquait&nbsp;:&nbsp;&laquo; Au quatri&egrave;me trimestre 2023, le taux de ch&ocirc;mage dans l&rsquo;Hexagone a atteint 7,5 % de la population active, selon les donn&eacute;es publi&eacute;es par l&rsquo;INSEE ce mardi.&nbsp;&raquo;\nEst-il exact qu&rsquo;on peut trouver du travail en traversant la rue&nbsp;?\nC&rsquo;est en tout cas ce qu&rsquo;a d&eacute;clar&eacute; sa Suffisance Macron le 15 septembre 2018. D&rsquo;apr&egrave;s la DARES, au 4e trimestre 2023, le taux d&rsquo;emplois vacants s&rsquo;&eacute;l&egrave;ve &agrave; 2,2%. Il recule dans tous les grands secteurs. Au total, on compte 347 500 emplois vacants au 4e trimestre 2023 dans les entreprises de 10 salari&eacute;s ou plus du secteur priv&eacute; (hors agriculture, particuliers employeurs et activit&eacute;s extraterritoriales), soit une baisse de 2 % par rapport au trimestre pr&eacute;c&eacute;dent. Le nombre d&rsquo;emplois vacants se replie fortement dans l&rsquo;industrie (&ndash;16 %) ; il reste stable dans la construction et le tertiaire non-marchand, tandis qu&rsquo;il augmente de 2 % dans le tertiaire marchand. Le nombre d&rsquo;emplois vacants demeure beaucoup plus &eacute;lev&eacute; qu&rsquo;avant la crise sanitaire (+60 % par rapport au 4e trimestre 2019). [[https:\/\/dares.travail-emploi.gouv.fr\/donnees\/les-emplois-vacants\">(6)<\/a><\/sup>\n<p style=\"text-align: center;\"><img data-recalc-dims=\"1\" loading=\"lazy\" decoding=\"async\" class=\"wp-image-29811 aligncenter\" src=\"https:\/\/i0.wp.com\/le-clairon-nouveau.fr\/wordpress\/wp-content\/uploads\/2024\/04\/attention-chomeur-Image-par-CopyrightFreePictures-de-Pixabay.png?resize=439%2C392&#038;ssl=1\" alt=\"\" width=\"439\" height=\"392\" srcset=\"https:\/\/i0.wp.com\/le-clairon-nouveau.fr\/wordpress\/wp-content\/uploads\/2024\/04\/attention-chomeur-Image-par-CopyrightFreePictures-de-Pixabay.png?resize=300%2C268&amp;ssl=1 300w, https:\/\/i0.wp.com\/le-clairon-nouveau.fr\/wordpress\/wp-content\/uploads\/2024\/04\/attention-chomeur-Image-par-CopyrightFreePictures-de-Pixabay.png?resize=1024%2C914&amp;ssl=1 1024w, https:\/\/i0.wp.com\/le-clairon-nouveau.fr\/wordpress\/wp-content\/uploads\/2024\/04\/attention-chomeur-Image-par-CopyrightFreePictures-de-Pixabay.png?resize=768%2C685&amp;ssl=1 768w, https:\/\/i0.wp.com\/le-clairon-nouveau.fr\/wordpress\/wp-content\/uploads\/2024\/04\/attention-chomeur-Image-par-CopyrightFreePictures-de-Pixabay.png?w=1280&amp;ssl=1 1280w\" sizes=\"auto, (max-width: 439px) 100vw, 439px\" \/><span style=\"font-size: 8pt;\"><em><strong>attention ch\u00f4meur (Image par CopyrightFreePictures de Pixabay)<\/strong><\/em><\/span><\/p>\n<p><span style=\"font-size: 14pt; color: #ff0000;\"><strong>A quels obstacles se heurtent les demandeurs d\u2019emploi&nbsp;?<\/strong><\/span><\/p>\n<p style=\"text-align: justify;\">Qualification insuffisante, \u00e9loignement du domicile, absence de moyen de transport, p\u00e9nibilit\u00e9, sont souvent \u00e9voqu\u00e9s mais ce n\u2019est pas tout. Un travail scientifique vient r\u00e9guli\u00e8rement \u00e9clairer les motifs du non-pourvoi en France. Il s\u2019agit de l\u2019enqu\u00eate \u00ab Besoins en Main d\u2019\u0152uvre \u00bb, r\u00e9alis\u00e9e sous le pilotage de P\u00f4le emploi et du Cr\u00e9doc. Pour 2017, elle indique que 7,5 % des \u00e9tablissements qui ont essay\u00e9 de recruter n\u2019y sont pas parvenus. Ont-ils manqu\u00e9 de candidats ? Effectivement, dans\u2026 16 % des cas ! <strong>Dans l\u2019\u00e9crasante majorit\u00e9 des situations, plusieurs candidats se sont manifest\u00e9s, mais n\u2019ont pas \u00e9t\u00e9 retenus.<\/strong> Dans d\u2019autres \u00e9tablissements, le besoin \u00e9conomique avait disparu, ou les moyens financiers n\u2019\u00e9taient plus disponibles. Une telle enqu\u00eate d\u00e9clarative ne r\u00e9v\u00e8le pas non plus l\u2019ampleur des infractions, comme les fausses offres d\u2019emploi qui servent uniquement \u00e0 compiler des bases de CV pour l\u2019avenir. Et certaines offres n\u2019attirent aucun candidat car elles proposent des conditions de travail tr\u00e8s mauvaises, voire ill\u00e9gales : salaires inf\u00e9rieurs au smic (via les heures non pay\u00e9es), de nuit, en horaires discontinus\u2026 Le refus de certains candidats indique qu\u2019en France, les normes l\u00e9gales constituent encore une r\u00e9f\u00e9rence. <sup><a href=\"#footnote_7_29804\" id=\"identifier_7_29804\" class=\"footnote-link footnote-identifier-link\" title=\"https:\/\/www.ouest-france.fr\/leditiondusoir\/2018-09-18\/suffit-il-vraiment-de-traverser-la-rue-pour-trouver-un-emploi-bd842d67-0e1d-4638-9a07-e55adb769c24\">(7)<\/a><\/sup>\n<p style=\"text-align: justify;\">Selon 20 minutes (18\/03\/2024) \u00ab&nbsp;<em>Les jeux olympiques de Paris d\u00e9butent dans quatre mois et tous les postes n\u2019ont pas \u00e9t\u00e9 pourvus. Il y a encore 12 500 postes en attente, parmi lesquels beaucoup de contrats \u00e0 courte dur\u00e9e (CDD).<\/em>&nbsp;[\u2026] <em>Pr\u00e8s de 4000 demandeurs d\u2019emploi se sont press\u00e9s en fin de semaine derni\u00e8re au \u00ab&nbsp;job dating&nbsp;\u00bb g\u00e9ant (forum de recrutement) organis\u00e9 par les organisateurs des JO et par France Travail (ex-P\u00f4le-Emploi) dans le nord de Paris<\/em>. \u00bb <sup><a href=\"#footnote_8_29804\" id=\"identifier_8_29804\" class=\"footnote-link footnote-identifier-link\" title=\"https:\/\/www.20minutes.fr\/economie\/4081831-20240318-jo-paris-2024-encore-milliers-postes-pourvoir-voici-secteurs-recrutent\">(8)<\/a><\/sup><\/span><\/span><\/p>\n<p><strong><span style=\"color: #ff0000; font-size: 14pt;\">De \u00ab&nbsp;l\u2019assistanat&nbsp;\u00bb&nbsp;: Qui est \u00ab&nbsp;assist\u00e9&nbsp;\u00bb&nbsp;sous la V<sup>e<\/sup> R\u00e9publique ?<\/span><\/strong><\/p>\n<p style=\"text-align: justify;\">R\u00e9agissant au scandale de la <em>Garantie fonci\u00e8re<\/em> qui \u00e9clate \u00e0 l\u2019automne 1971, Michel Poniatowski, proche de Giscard d\u2019Estaing, d\u00e9nonce la \u00ab&nbsp;<span style=\"color: #0000ff;\"><em>R\u00e9publique des copains et des coquins<\/em><\/span>&nbsp;\u00bb. La presse a r\u00e9v\u00e9l\u00e9 que cette Soci\u00e9t\u00e9 civile de placement immobilier (SCPI), accus\u00e9e d\u2019escroquerie (pyramide de Ponzi) et de malversations diverses, \u00e9tait li\u00e9e \u00e0 des \u00e9lus gaullistes. Ce n\u2019est d\u2019ailleurs que l\u2019un des tr\u00e8s nombreux scandales li\u00e9s au BTP et que l\u2019une des innombrables \u00ab&nbsp;affaires&nbsp;\u00bb de l\u2019histoire secr\u00e8te de la V<sup>e<\/sup> R\u00e9publique dont les coulisses sont particuli\u00e8rement riches en fraudes, corruption, coups tordus et autres exactions. Aucun secteur de l\u2019\u00e9conomie n\u2019en est exempt. En fait, toute l\u2019histoire de la V<sup>e<\/sup> R\u00e9publique est constell\u00e9e de scandales&nbsp;&#8211; souvent \u00e9touff\u00e9s, mais parfois retentissants. <strong>Selon une \u00e9tude d\u2019universitaires lillois, l\u2019Etat d\u00e9pense des centaines de milliards d\u2019euros en subventions, cr\u00e9dits d\u2019imp\u00f4ts et exon\u00e9rations de cotisations au profit des entreprises priv\u00e9es de toutes tailles et de tous secteurs (157 milliards d\u2019euros en 2021), sans la moindre contrepartie.&nbsp; C\u2019est deux fois&nbsp;<\/strong><a href=\"https:\/\/www.education.gouv.fr\/le-budget-et-les-finances-du-systeme-educatif-89252\"><strong>le budget de l\u2019Education nationale<\/strong><\/a><strong>, et cela repr\u00e9sente 30% du budget de l\u2019\u00c9tat en 2021. Mais \u00e7a ne cr\u00e9e pas d\u2019emploi et \u00e7a ne restaure pas la comp\u00e9titivit\u00e9 des entreprises. L\u2019essentiel de ces fonds se noie dans la sp\u00e9culation.<br \/>\n<\/strong><span style=\"font-size: 10pt;\">(Frustration Magazine, 16 novembre 2022, <em>La grande subvention : le capitalisme fran\u00e7ais sous perfusion)<br \/>\n<\/em>Vie publique, 13 septembre 2023 &nbsp;&nbsp;&nbsp;<a href=\"https:\/\/www.vie-publique.fr\/eclairage\/289629-aides-publiques-aux-entreprises-un-etat-des-lieux\">https:\/\/www.vie-publique.fr\/eclairage\/289629-aides-publiques-aux-entreprises-un-etat-des-lieux<\/a>)<\/span><\/p>\n<p style=\"text-align: justify;\">Selon Le Parisien (29 \/02\/2024) \u00ab&nbsp;<em>E<span style=\"color: #0000ff;\">n France, 10% des plus riches poss\u00e8dent la moiti\u00e9 du patrimoine total du pays<\/span><\/em><span style=\"color: #0000ff;\">&nbsp;\u00bb<\/span>. Or, selon l\u2019INSEE (19\/11\/2019), \u00ab&nbsp;<span style=\"color: #0000ff;\"><em>Les personnes les plus ais\u00e9es sont celles qui b\u00e9n\u00e9ficient le plus des mesures socio-fiscales mises en \u0153uvre en 2018, principalement du fait des r\u00e9formes qui concernent les d\u00e9tenteurs du capital.<\/em>&nbsp;<\/span>\u00bb<\/p>\n<p style=\"text-align: justify;\"><em>Le Monde<\/em> (07 \/03\/2024) titre : \u00ab <span style=\"color: #0000ff;\"><em>Des milliards d\u2019euros de profits et de dividendes, une ann\u00e9e record pour les entreprises du CAC40&nbsp;<\/em>\u00bb et pr\u00e9cise&nbsp;:&nbsp;\u00ab&nbsp;<em>Les principaux groupes fran\u00e7ais ont r\u00e9alis\u00e9 153,6&nbsp;milliards d\u2019euros de profits l\u2019an dernier. Les dividendes, 67,8&nbsp;milliards d\u2019euros, tout comme les rachats d\u2019actions, 30,1&nbsp;milliards, atteignent des montants in\u00e9gal\u00e9s.<\/em><\/span>\u00bb<\/p>\n<p>Les \u00c9chos (7\/03\/2024) titre : \u00ab&nbsp;<span style=\"color: #0000ff;\"><strong><em>CAC au-dessus des 8.000 points&nbsp;: les raisons d&rsquo;un record historique<\/em><\/strong><\/span><strong><span style=\"color: #0000ff;\">&nbsp;<\/span>\u00bb <\/strong>et pr\u00e9cise&nbsp;: \u00ab&nbsp;<span style=\"color: #0000ff;\"><em>L&rsquo;indice CAC&nbsp;40 a \u00e9tabli un nouveau record absolu \u00e0 plus de 8.000 points jeudi. L&rsquo;essor de l&rsquo;indice parisien est sans pareil en Europe. Il domine d\u00e9sormais largement ses concurrents europ\u00e9ens, port\u00e9 par les performances remarquables des poids lourds fran\u00e7ais de la cote. L&rsquo;indice CAC&nbsp;40 p\u00e8se aujourd&rsquo;hui plus de 250&nbsp;milliards d&rsquo;euros de plus que son rival londonien, le FTSE&nbsp;100<\/em>. (ERIC PIERMONT\/AFP)<\/span>&nbsp;\u00bb<\/p>\n<p style=\"text-align: justify;\">La crise, ce n\u2019est pas pour tout le monde ! Au regard de ces cadeaux aux ultra-riches du CAC40, le montant total du RSA est une goutte d\u2019eau dans l\u2019oc\u00e9an. &nbsp;Ce sont les D\u00e9partements qui financent le RSA et sont responsables des politiques d\u2019insertion. Le RSA est en vigueur en m\u00e9tropole depuis 2009 et depuis 2011 dans les D\u00e9partements et Collectivit\u00e9s d\u2019Outre-Mer. Il ne s\u2019applique pas en Polyn\u00e9sie fran\u00e7aise, en Nouvelle Cal\u00e9donie et \u00e0 Wallis et Futuna. Certains D\u00e9partements ont trop peu de moyens et beaucoup trop de b\u00e9n\u00e9ficiaires du RSA. Cela a amen\u00e9 l\u2019\u00c9tat \u00e0 <em>\u00ab&nbsp;recentraliser<\/em> \u00bb une partie de l\u2019allocation RSA. Dans le <span class='tooltipsall tooltip_post_id_6375 classtoolTips9'>projet de loi<\/span> de Finances (PLF) 2023, le montant allou\u00e9 au RSA recentralis\u00e9 \u00e9tait de 1,6 milliards d\u2019euros. <sup><a href=\"#footnote_9_29804\" id=\"identifier_9_29804\" class=\"footnote-link footnote-identifier-link\" title=\"(https:\/\/www.senat.fr\/rap\/l23-128-330\/l23-128-330_mono.html).\">(9)<\/a><\/sup>\n<p><span style=\"font-size: 14pt; color: #ff0000;\"><strong>De la fraude au RSA&nbsp;:<\/strong><\/span><\/p>\n<p style=\"text-align: justify;\">La fraude au RSA n\u2019est pas un mythe. <em>Les Echos<\/em> (6\/06\/2023)&nbsp;: \u00ab&nbsp;<span style=\"color: #0000ff;\"><em>la fraude sociale a atteint un \u00ab montant record \u00bb en 2022. L&rsquo;an dernier,&nbsp;<\/em><em>351,4 millions d&rsquo;euros<\/em><em>&nbsp;de versements frauduleux ont \u00e9t\u00e9 recens\u00e9s par la Caisse nationale d&rsquo;allocations familiales (Cnaf), en hausse de 13,5 % par rapport \u00e0 2021<\/em>.&nbsp;<\/span>\u00bb<br \/>\nSans excuser le moins du monde la fraude au RSA, il faut tout d\u2019abord remarquer que rapport\u00e9e aux 12,9 milliards de d\u00e9pense globale pour le RSA cette somme est peu importante. On peut d\u2019ailleurs \u00e9tablir que la fraude des ultra riches, le plus souvent occult\u00e9e par les m\u00e9dias, est sans commune mesure avec celle des pauvres&nbsp;:<\/p>\n<p style=\"text-align: justify;\"><em>Le Monde<\/em> (22\/10\/2023)&nbsp;: L\u2019\u00e9vasion fiscale (profits transf\u00e9r\u00e9s par les multinationales dans les paradis fiscaux) serait sup\u00e9rieure \u00e0 1000 milliards d\u2019euros, selon l\u2019Observatoire europ\u00e9en de la fiscalit\u00e9. \u2018<\/p>\n<p style=\"text-align: justify;\"><em>Le Monde<\/em> (15\/11\/2023) indique que la fraude fiscale en France est pour sa part estim\u00e9e entre 60 et 80 milliards d\u2019euros par la Cour des comptes et \u00e0 100 milliards d\u2019euros par le syndicat Solidaires Finances publiques.<\/p>\n<p><img data-recalc-dims=\"1\" loading=\"lazy\" decoding=\"async\" class=\" wp-image-29812 aligncenter\" src=\"https:\/\/i0.wp.com\/le-clairon-nouveau.fr\/wordpress\/wp-content\/uploads\/2024\/04\/il-coute-un-pognon-de-dingue-Image-par-HANSUAN-FABREGAS-de-Pixabay.jpg?resize=511%2C511&#038;ssl=1\" alt=\"\" width=\"511\" height=\"511\" srcset=\"https:\/\/i0.wp.com\/le-clairon-nouveau.fr\/wordpress\/wp-content\/uploads\/2024\/04\/il-coute-un-pognon-de-dingue-Image-par-HANSUAN-FABREGAS-de-Pixabay.jpg?resize=300%2C300&amp;ssl=1 300w, https:\/\/i0.wp.com\/le-clairon-nouveau.fr\/wordpress\/wp-content\/uploads\/2024\/04\/il-coute-un-pognon-de-dingue-Image-par-HANSUAN-FABREGAS-de-Pixabay.jpg?resize=1024%2C1024&amp;ssl=1 1024w, https:\/\/i0.wp.com\/le-clairon-nouveau.fr\/wordpress\/wp-content\/uploads\/2024\/04\/il-coute-un-pognon-de-dingue-Image-par-HANSUAN-FABREGAS-de-Pixabay.jpg?resize=150%2C150&amp;ssl=1 150w, https:\/\/i0.wp.com\/le-clairon-nouveau.fr\/wordpress\/wp-content\/uploads\/2024\/04\/il-coute-un-pognon-de-dingue-Image-par-HANSUAN-FABREGAS-de-Pixabay.jpg?resize=768%2C768&amp;ssl=1 768w, https:\/\/i0.wp.com\/le-clairon-nouveau.fr\/wordpress\/wp-content\/uploads\/2024\/04\/il-coute-un-pognon-de-dingue-Image-par-HANSUAN-FABREGAS-de-Pixabay.jpg?w=1280&amp;ssl=1 1280w\" sizes=\"auto, (max-width: 511px) 100vw, 511px\" \/><\/p>\n<p style=\"text-align: center;\"><span style=\"font-size: 8pt;\"><em><strong>\u00ab\u00a0il co\u00fbte un pognon de dingue\u00a0\u00bb (Image par HANSUAN FABREGAS de Pixabay)<\/strong><\/em><\/span><\/p>\n<p style=\"text-align: center;\">&nbsp;<\/p>\n<p><span style=\"color: #ff0000;\"><strong><span style=\"font-size: 14pt;\">Les effets d\u00e9l\u00e9t\u00e8res de la d\u00e9composition sociale<\/span><\/strong><\/span><\/p>\n<p style=\"text-align: justify;\">La crise \u00e9conomique, politique, sociale et culturelle a fortement d\u00e9grad\u00e9 l\u2019ensemble des relations sociales dans ce pays. La d\u00e9composition sociale produit \u00e0 chaque \u00e9poque son lot de d\u00e9linquance et d\u2019individus ayant perdu tout rep\u00e8re.<\/p>\n<p style=\"text-align: justify;\">La population carc\u00e9rale s\u2019\u00e9l\u00e8ve \u00e0 76 258 personnes au 1<sup>er<\/sup> f\u00e9vrier 2024. C&rsquo;est le chiffre de d\u00e9tenus le plus \u00e9lev\u00e9 jamais enregistr\u00e9, selon les statistiques de l&rsquo;administration p\u00e9nitentiaire. Le nombre de d\u00e9tenus en France est en augmentation de 5,5% en un an. La densit\u00e9 carc\u00e9rale globale s\u2019\u00e9tablit \u00e0 123,5% De plus, 16383 personnes ne sont pas incarc\u00e9r\u00e9es mais plac\u00e9es sous bracelet \u00e9lectronique ou en placement externe. Les premiers chiffres de la criminalit\u00e9 et de la d\u00e9linquance constat\u00e9es en France en 2023 ont \u00e9t\u00e9 publi\u00e9s par le minist\u00e8re de l&rsquo;int\u00e9rieur le 31&nbsp;janvier 2024. La quasi-totalit\u00e9 des indicateurs sont en hausse par rapport \u00e0 l&rsquo;ann\u00e9e 2022. La hausse est cependant moins forte que celle mesur\u00e9e en 2023 par rapport \u00e0 2022.<br \/>\n&nbsp;&nbsp;&nbsp;&nbsp;&nbsp;&nbsp;&nbsp;&nbsp;&nbsp;&nbsp;&nbsp;&nbsp;&nbsp;&nbsp;&nbsp;&nbsp;&nbsp;&nbsp;&nbsp;&nbsp;&nbsp;&nbsp;&nbsp;&nbsp;&nbsp;&nbsp;&nbsp;&nbsp;&nbsp;&nbsp;&nbsp;&nbsp;&nbsp;&nbsp;&nbsp;&nbsp;&nbsp;&nbsp;&nbsp;&nbsp;&nbsp;&nbsp;&nbsp;&nbsp;&nbsp;&nbsp;&nbsp;&nbsp;&nbsp;&nbsp;&nbsp;&nbsp;&nbsp;&nbsp;&nbsp;&nbsp;&nbsp;&nbsp;&nbsp;&nbsp;&nbsp;&nbsp;&nbsp;&nbsp;&nbsp;&nbsp;&nbsp;&nbsp;&nbsp;&nbsp;&nbsp;&nbsp;&nbsp;&nbsp;&nbsp;&nbsp;&nbsp;&nbsp;&nbsp;&nbsp;&nbsp;&nbsp;&nbsp;&nbsp;&nbsp;&nbsp;&nbsp;&nbsp;&nbsp;&nbsp;&nbsp;&nbsp;&nbsp;&nbsp;&nbsp;&nbsp;&nbsp;&nbsp;&nbsp;&nbsp;&nbsp;&nbsp;&nbsp;&nbsp;&nbsp;&nbsp;&nbsp;&nbsp;&nbsp;&nbsp;&nbsp;&nbsp;&nbsp;&nbsp;&nbsp;&nbsp;&nbsp;&nbsp;&nbsp;&nbsp;&nbsp;&nbsp;&nbsp;&nbsp;&nbsp;&nbsp;&nbsp;&nbsp;&nbsp;&nbsp;&nbsp;&nbsp;&nbsp;&nbsp;&nbsp;&nbsp;&nbsp;&nbsp;&nbsp;&nbsp;&nbsp;&nbsp;&nbsp;&nbsp;&nbsp;&nbsp;&nbsp;&nbsp;&nbsp;&nbsp;&nbsp;&nbsp;&nbsp;&nbsp;&nbsp;&nbsp;&nbsp;&nbsp;&nbsp;&nbsp;&nbsp;&nbsp;&nbsp;&nbsp;&nbsp;&nbsp;&nbsp;&nbsp;<span style=\"font-size: 10pt;\">&nbsp; <em>Le Parisien<\/em> (29\/02\/2024)<\/span><\/p>\n<p style=\"text-align: justify;\">Selon <em>l\u2019Observatoire international des prisons<\/em>&nbsp;(8\/02\/2021) :&nbsp;\u00ab&nbsp;<span style=\"color: #0000ff;\"><em>96,4% des d\u00e9tenus sont des hommes, la moiti\u00e9 des personnes d\u00e9tenues a moins de 33 ans, et plus d&rsquo;un sur cinq a moins de 25 ans. <\/em><em>Une large proportion de personnes d\u00e9tenues est issue d\u2019un milieu d\u00e9favoris\u00e9 et conna\u00eet&nbsp;<\/em><a style=\"color: #0000ff;\" href=\"https:\/\/oip.org\/infographie\/on-incarcere-les-plus-pauvres-et-les-plus-precaires\/\"><em>une situation de grande pr\u00e9carit\u00e9<\/em><\/a><em>, l\u2019incarc\u00e9ration \u00e9tant souvent le r\u00e9sultat d\u2019un long processus de d\u00e9saffiliation par lequel les personnes s\u2019\u00e9loignent des syst\u00e8mes sociaux.<\/em><em> Formation&nbsp;: 44 % des personnes d\u00e9tenues n\u2019ont aucun dipl\u00f4me <\/em><em>; plus de 80% ont un niveau inf\u00e9rieur au baccalaur\u00e9at ; un quart ont des besoins importants dans la ma\u00eetrise des savoirs de base <\/em><em>; 10% sont en situation d\u2019illettrisme. <\/em><em>Emploi&nbsp;: plus de la moiti\u00e9 sont sans emploi avant l\u2019incarc\u00e9ration. <\/em><\/span><em><span style=\"color: #0000ff;\">Addiction&nbsp;: 38 % des personnes incarc\u00e9r\u00e9es depuis moins de six mois souffrent d\u2019une addiction aux substances illicites et 30% \u00e0 l\u2019alcool. Psychiatrie&nbsp;: 7,3 % des personnes d\u00e9tenues sont atteintes de schizophr\u00e9nie, 21 % de troubles psychotiques dont des psychoses hallucinatoires, 33 % d\u2019anxi\u00e9t\u00e9 g\u00e9n\u00e9ralis\u00e9e et 40 % d\u2019un syndrome d\u00e9pressif s\u00e9v\u00e8re. Au total, huit hommes d\u00e9tenus sur dix et plus de sept femmes sur dix pr\u00e9sentent au moins un trouble psychiatrique, la grande major<\/span>it\u00e9 <span style=\"color: #0000ff;\">en cumulant plusieurs et des d\u00e9pendances.<\/span><\/em><span style=\"color: #0000ff;\">&nbsp; <\/span><em><span style=\"color: #0000ff;\">Les personnes sans domicile fixe et celles n\u00e9es \u00e0 l\u2019\u00e9tranger sont surrepr\u00e9sent\u00e9es dans les prison<\/span>s.<\/em> \u00bb<\/p>\n<p style=\"text-align: justify;\">Selon Statista&nbsp;(13\/12\/2023) : \u00ab&nbsp;<span style=\"color: #0000ff;\"><em>On comptait&nbsp;<\/em><a style=\"color: #0000ff;\" href=\"https:\/\/fr.statista.com\/statistiques\/1410240\/nombre-mineurs-victimes-proxenetisme-france\/\"><em>quatre fois plus de mineurs<\/em><\/a><em>&nbsp;victimes de prox\u00e9n\u00e9tisme en France en 2020 qu\u2019en 2016, une tendance qui serait li\u00e9e aux r\u00e9seaux sociaux<\/em>.<\/span>&nbsp;\u00bb&nbsp;;&nbsp;\u00ab&nbsp;<span style=\"color: #0000ff;\"><em>En France, il est estim\u00e9 qu\u2019il y aurait&nbsp;<\/em><a style=\"color: #0000ff;\" href=\"https:\/\/fr.statista.com\/statistiques\/896266\/nombre-personnes-prostituees-en-france\/\"><em>entre 30.000 et 44.000<\/em><\/a><em>&nbsp;personnes en situation de prostitution, dont&nbsp;<\/em><a style=\"color: #0000ff;\" href=\"https:\/\/fr.statista.com\/statistiques\/896245\/repartition-personnes-prostituees-en-france\/\"><em>85% de femmes<\/em><\/a><em>&nbsp;et dont la majorit\u00e9 ont&nbsp;<\/em><a style=\"color: #0000ff;\" href=\"https:\/\/fr.statista.com\/statistiques\/1406402\/tranche-age-personnes-prostitution-france\/\"><em>entre 25 et 44 ans<\/em><\/a><em>.<\/em><\/span>&nbsp;\u00bb&nbsp;;&nbsp; \u00ab&nbsp;<span style=\"color: #0000ff;\"><em>Ce qui est certain, c\u2019est que la majorit\u00e9 des personnes prostitu\u00e9es en France vient de l\u2019\u00e9tranger, la plupart d\u2019<\/em><a style=\"color: #0000ff;\" href=\"https:\/\/fr.statista.com\/statistiques\/1406390\/pays-region-provenance-personnes-prostitution-france\/\"><em>Afrique subsaharienne<\/em><\/a>.<\/span>&nbsp;\u00bb<\/p>\n<p style=\"text-align: right;\"><em>Dominique SENAC pour le Clairon de l&rsquo;Atax le 18\/04\/2024<\/em><\/p>\n<p>&nbsp;<\/p>\n<p>&nbsp;<\/p>\n<p>&nbsp;<\/p>\n<p>&nbsp;<\/p>\n<script type=\"text\/javascript\"> var tt_store_content = \"En France, il existe deux moyens principaux pour cr\u00e9er ou modifier une loi\\:<br\/>\\<ul\\><br\/> \t\\<li\\>le \\<strong\\>projet de loi\\<\\\/strong\\>, qui \u00e9mane du gouvernement,\\<\\\/li\\><br\/> \t\\<li\\>la \\<strong\\><span class='tooltipsall tooltip_post_id_6375 classtoolTips9'>proposition de loi<\/span>\\<\\\/strong\\>, qui \u00e9mane d'un ou plusieurs parlementaires\\. &nbsp;\\<\\\/li\\><br\/>\\<\\\/ul\\>\"; toolTips('.classtoolTips9',tt_store_content,'6375'); <\/script><script type=\"text\/javascript\"> var tt_store_content = \"\\<p\\>CAC 40 \\= principal indice boursier de la Bourse de Paris qui prend en compte la performance des 40 actions des entreprises fran\u00e7aises\u00a0 les plus importantes\\.\\.\\.\\<\\\/p\\>\"; toolTips('.classtoolTips71',tt_store_content,'30440'); <\/script><script type=\"text\/javascript\"> var tt_store_content = \"\\<p\\>CAC 40 \\= principal indice boursier de la Bourse de Paris qui prend en compte la performance des 40 actions des entreprises fran\u00e7aises\u00a0 les plus importantes\\.\\.\\.\\<\\\/p\\>\"; toolTips('.classtoolTips71',tt_store_content,'30440'); <\/script><script type=\"text\/javascript\"> var tt_store_content = \"\\<span class\\='st'\\>L'Institut National de la Statistique et des Etudes Economiques collecte, produit, analyse et diffuse des informations sur l'\u00e9conomie et la soci\u00e9t\u00e9 fran\u00e7aises\\.\\<\\\/span\\>\"; toolTips('.classtoolTips82',tt_store_content,'6978'); <\/script><script type=\"text\/javascript\"> var tt_store_content = \"\\<span class\\='st'\\>L'Institut National de la Statistique et des Etudes Economiques collecte, produit, analyse et diffuse des informations sur l'\u00e9conomie et la soci\u00e9t\u00e9 fran\u00e7aises\\.\\<\\\/span\\>\"; toolTips('.classtoolTips82',tt_store_content,'6978'); <\/script><script type=\"text\/javascript\"> var tt_store_content = \"\\<p style\\='text\\-align\\: center;'\\>\\<span style\\='font\\-size\\: 14pt;'\\>\\<strong\\>\u00c9\\<\\\/strong\\>tablissement \\<strong\\>P\\<\\\/strong\\>ublic \u00e0 caract\u00e8re \\<strong\\>I\\<\\\/strong\\>ndustriel et \\<strong\\>C\\<\\\/strong\\>ommercial\\<\\\/span\\>\\<\\\/p\\>\"; toolTips('.classtoolTips114',tt_store_content,'5707'); <\/script><script type=\"text\/javascript\"> var tt_store_content = \"\\<p style\\='text\\-align\\: center;'\\>\\<span style\\='font\\-size\\: 14pt;'\\>\\<strong\\>\u00c9\\<\\\/strong\\>tablissement \\<strong\\>P\\<\\\/strong\\>ublic \u00e0 caract\u00e8re \\<strong\\>I\\<\\\/strong\\>ndustriel et \\<strong\\>C\\<\\\/strong\\>ommercial\\<\\\/span\\>\\<\\\/p\\>\"; toolTips('.classtoolTips114',tt_store_content,'5707'); <\/script><script type=\"text\/javascript\"> var tt_store_content = \"\\<p\\><span class='tooltipsall tooltip_post_id_19394 classtoolTips134'>SAGE<\/span> \\= \\<span class\\='st'\\> sch\u00e9ma d'am\u00e9nagement et de gestion de l'eau\\<\\\/span\\> , c'est un outil de planification qui concerne l'ensemble des eaux situ\u00e9es dans un bassin versant\\<\\\/p\\>\"; toolTips('.classtoolTips134',tt_store_content,'19394'); <\/script><script type=\"text\/javascript\"> var tt_store_content = \"\\<p style\\='text\\-align\\: center;'\\>\\<strong\\>\\<span style\\='font\\-size\\: 14pt;'\\>S\\<\\\/span\\>\\<\\\/strong\\>\\<span style\\='font\\-size\\: 14pt;'\\>oci\u00e9t\u00e9 d'\\<strong\\>\u00c9\\<\\\/strong\\>conomie \\<strong\\>M\\<\\\/strong\\>ixte\\<\\\/span\\>\\<\\\/p\\><br\/>\\<p style\\='text\\-align\\: justify;'\\>En France, une soci\u00e9t\u00e9 d'\u00e9conomie mixte est une soci\u00e9t\u00e9 anonyme dont le capital est majoritairement d\u00e9tenu par une ou plusieurs personnes publiques \\(\u00e0 savoir l'\u00c9tat, une Collectivit\u00e9 territoriale, ou tout autre \u00c9tablissement public\\)\\. Cette participation majoritaire publique est plafonn\u00e9e \u00e0 85&nbsp;% du capital depuis la Loi du 2 janvier 2002\\. Au moins une personne priv\u00e9e doit participer au capital de la <span class='tooltipsall tooltip_post_id_7168 classtoolTips142'>SEM<\/span>, sachant qu'il peut s'agir d'une autre SEM\\.\\<\\\/p\\><br\/>\\<p style\\='text\\-align\\: justify;'\\>\\<strong\\>Le recours \u00e0 la SEM garantit\\<\\\/strong\\> \u00e0 la collectivit\u00e9 publique actionnaire et cocontractante \\<strong\\>la prise en compte effective de l'int\u00e9r\u00eat g\u00e9n\u00e9ral\\<\\\/strong\\> dans les objectifs de l'entreprise \\<strong\\>et la souplesse de la soci\u00e9t\u00e9 de droit priv\u00e9\\<\\\/strong\\>\\.\\<\\\/p\\><br\/>\\<em\\>\\<a href\\='https\\:\\\/\\\/fr\\.wikipedia\\.org\\\/wiki\\\/Soci%C3%A9t%C3%A9_d%27%C3%A9conomie_mixte' target\\='_blank' rel\\='noopener'\\>Voir ici la page Wikipedia consacr\u00e9e aux SEM\\<\\\/a\\> \\<\\\/em\\><br\/><br\/>&nbsp;\"; toolTips('.classtoolTips142',tt_store_content,'7168'); <\/script><script type=\"text\/javascript\"> var tt_store_content = \"\\<p style\\='text\\-align\\: center;'\\>\\<strong\\>Aide Personnalis\u00e9e au Logement\\<\\\/strong\\>\\<\\\/p\\>\"; toolTips('.classtoolTips147',tt_store_content,'3595'); <\/script><script type=\"text\/javascript\"> var tt_store_content = \"\\<p style\\='text\\-align\\: center;'\\>\\<span style\\='font\\-size\\: 14pt;'\\>\\<strong\\>I\\<\\\/strong\\>mp\u00f4t sur la \\<strong\\>F\\<\\\/strong\\>ortune \\<strong\\>I\\<\\\/strong\\>mmobili\u00e8re\\<\\\/span\\>\\<\\\/p\\>\"; toolTips('.classtoolTips148',tt_store_content,'5643'); <\/script><script type=\"text\/javascript\"> var tt_store_content = \"\\<p style\\='text\\-align\\: center;'\\>\\<strong\\>Imp\u00f4t de Solidarit\u00e9 sur la Fortune\\<\\\/strong\\>\\<\\\/p\\>\"; toolTips('.classtoolTips149',tt_store_content,'3596'); <\/script><script type=\"text\/javascript\"> var tt_store_content = \"\\<p style\\='text\\-align\\: center;'\\>\\<span style\\='font\\-size\\: 14pt;'\\>\\<strong\\>C\\<\\\/strong\\>ontribution \\<strong\\>S\\<\\\/strong\\>ociale \\<strong\\>G\\<\\\/strong\\>\u00e9n\u00e9ralis\u00e9e\\<\\\/span\\>\\<\\\/p\\><br\/>\\<a href\\='https\\:\\\/\\\/fr\\.wikipedia\\.org\\\/wiki\\\/Contribution_sociale_g%C3%A9n%C3%A9ralis%C3%A9e' target\\='_blank' rel\\='noopener'\\>Acc\u00e9der ici \u00e0 la fiche Wikipedia de la CSG\\<\\\/a\\><br\/>\\<a href\\='http\\:\\\/\\\/www\\.vie\\-publique\\.fr\\\/decouverte\\-institutions\\\/finances\\-publiques\\\/protection\\-sociale\\\/financement\\\/qu\\-est\\-ce\\-que\\-csg\\.html' target\\='_blank' rel\\='noopener'\\>Voir ici la d\u00e9finition de la CSG selon le site vie\\-publique\\.fr\\<\\\/a\\>\"; toolTips('.classtoolTips151',tt_store_content,'5647'); <\/script><script type=\"text\/javascript\"> var tt_store_content = \"\\<p style\\='text\\-align\\: center;'\\>\\<span style\\='font\\-size\\: 14pt;'\\>\\<strong\\>R\\<\\\/strong\\>evenu de \\<strong\\>S\\<\\\/strong\\>olidarit\u00e9 \\<strong\\>A\\<\\\/strong\\>ctive\\<\\\/span\\>\\<\\\/p\\><br\/>\\<p style\\='text\\-align\\: justify;'\\>Le revenu de solidarit\u00e9 active est une prestation sociale fran\u00e7aise, g\u00e9r\u00e9e par les conseils d\u00e9partementaux, vers\u00e9e par les <span class='tooltipsall tooltip_post_id_5652 classtoolTips155'>CAF<\/span> et les MSA et destin\u00e9e \u00e0 garantir \u00e0 ses b\u00e9n\u00e9ficiaires, qu'ils aient ou non la capacit\u00e9 de travailler, un revenu minimum, avec en contrepartie une obligation de chercher un emploi ou de d\u00e9finir et suivre un projet professionnel visant \u00e0 am\u00e9liorer sa situation financi\u00e8re\\.\\<\\\/p\\><br\/>\\<p style\\='text\\-align\\: justify;'\\>Cette prestation sociale a \u00e9t\u00e9 mise en place en 2009, en remplacement du RMI \\(revenu minimum d'insertion\\), mis en place en 1988\\.\\<\\\/p\\><br\/>\\<p style\\='text\\-align\\: justify;'\\>En 2016, 2,5 millions de personnes \u00e9taient b\u00e9n\u00e9ficiaires du RSA\\.\\<\\\/p\\><br\/>\\<em\\>\\<a href\\='https\\:\\\/\\\/fr\\.wikipedia\\.org\\\/wiki\\\/Revenu_de_solidarit%C3%A9_active' target\\='_blank' rel\\='noopener'\\>Acc\u00e9der ici \u00e0 la fiche Wikipedia traitant du RSA\\<\\\/a\\><br\/>\\<a href\\='https\\:\\\/\\\/www\\.insee\\.fr\\\/fr\\\/metadonnees\\\/definition\\\/c1718' target\\='_blank' rel\\='noopener'\\>Acc\u00e9der ici \u00e0 la d\u00e9finition du RSA fournie par l'INSEE\\<\\\/a\\>\\<\\\/em\\>\"; toolTips('.classtoolTips154',tt_store_content,'5651'); <\/script><script type=\"text\/javascript\"> var tt_store_content = \"\\<p style\\='text\\-align\\: center;'\\>\\<span style\\='font\\-size\\: 14pt;'\\>\\<strong\\>R\\<\\\/strong\\>\u00e9pertoire \\<strong\\>N\\<\\\/strong\\>ational des \\<strong\\>A\\<\\\/strong\\>ssociations\\<\\\/span\\>\\<\\\/p\\>\"; toolTips('.classtoolTips159',tt_store_content,'24374'); <\/script><script type=\"text\/javascript\"> var tt_store_content = \"\\<p style\\='text\\-align\\: center;'\\>\\<strong\\>\\<span style\\='font\\-size\\: 14pt;'\\>G\\<\\\/span\\>\\<\\\/strong\\>\\<span style\\='font\\-size\\: 14pt;'\\>az \u00e0 \\<strong\\>E\\<\\\/strong\\>ffet de \\<strong\\>S\\<\\\/strong\\>erre\\<\\\/span\\>\\<\\\/p\\><br\/>\\<p style\\='text\\-align\\: justify;'\\>Les gaz \u00e0 effet de serre \\(<span class='tooltipsall tooltip_post_id_7232 classtoolTips161'>GES<\/span>\\) sont des composants gazeux qui absorbent le rayonnement infrarouge \u00e9mis par la surface terrestre et contribuent \u00e0 l'effet de serre\\. L'augmentation de leur concentration dans l'atmosph\u00e8re terrestre est l'un des facteurs \u00e0 l'origine du r\u00e9chauffement climatique\\.\\<\\\/p\\><br\/>\\<a href\\='https\\:\\\/\\\/fr\\.wikipedia\\.org\\\/wiki\\\/Gaz_%C3%A0_effet_de_serre' target\\='_blank' rel\\='noopener'\\>\\<em\\>Voir ici la fiche Wikipedia sur les gaz \u00e0 effet de serre\\<\\\/em\\>\\<\\\/a\\>\"; toolTips('.classtoolTips161',tt_store_content,'7232'); <\/script><script type=\"text\/javascript\"> var tt_store_content = \"\\<p style\\='text\\-align\\: justify'\\>La \u00ab\u00a0\\<b\\>programmation pluriannuelle de l'\u00e9nergie\\<\\\/b\\>\u00a0\u00bb \\(<span class='tooltipsall tooltip_post_id_7750 classtoolTips164'>PPE<\/span>\\) est, en France, un document strat\u00e9gique de pilotage de la transition \u00e9nerg\u00e9tique\\. Institu\u00e9e par l'article 176 de la \\<a title\\='Loi relative \u00e0 la transition \u00e9nerg\u00e9tique pour la croissance verte' href\\='https\\:\\\/\\\/fr\\.wikipedia\\.org\\\/wiki\\\/Loi_relative_%C3%A0_la_transition_%C3%A9nerg%C3%A9tique_pour_la_croissance_verte'\\>loi de transition \u00e9nerg\u00e9tique\\<\\\/a\\> \\(TECV\\), elle fixe une trajectoire pour le \\<a title\\='Mix \u00e9nerg\u00e9tique' href\\='https\\:\\\/\\\/fr\\.wikipedia\\.org\\\/wiki\\\/Mix_%C3%A9nerg%C3%A9tique'\\>mix \u00e9nerg\u00e9tique\\<\\\/a\\>, ainsi que \\<span class\\='citation'\\>\u00ab\u00a0les priorit\u00e9s d'action pour la gestion de l\u2019ensemble des formes d'\u00e9nergie sur le territoire m\u00e9tropolitain continental, afin d\u2019atteindre les objectifs nationaux fix\u00e9s par la loi\u00a0\u00bb\\<\\\/span\\>\\. \\(Wikip\u00e9dia\\)\\<\\\/p\\>\"; toolTips('.classtoolTips164',tt_store_content,'7750'); <\/script><script type=\"text\/javascript\"> var tt_store_content = \"\\<p style\\='text\\-align\\: justify'\\>La \u00ab\u00a0\\<b\\>programmation pluriannuelle de l'\u00e9nergie\\<\\\/b\\>\u00a0\u00bb \\(PPE\\) est, en France, un document strat\u00e9gique de pilotage de la transition \u00e9nerg\u00e9tique\\. Institu\u00e9e par l'article 176 de la \\<a title\\='Loi relative \u00e0 la transition \u00e9nerg\u00e9tique pour la croissance verte' href\\='https\\:\\\/\\\/fr\\.wikipedia\\.org\\\/wiki\\\/Loi_relative_%C3%A0_la_transition_%C3%A9nerg%C3%A9tique_pour_la_croissance_verte'\\>loi de transition \u00e9nerg\u00e9tique\\<\\\/a\\> \\(TECV\\), elle fixe une trajectoire pour le \\<a title\\='Mix \u00e9nerg\u00e9tique' href\\='https\\:\\\/\\\/fr\\.wikipedia\\.org\\\/wiki\\\/Mix_%C3%A9nerg%C3%A9tique'\\>mix \u00e9nerg\u00e9tique\\<\\\/a\\>, ainsi que \\<span class\\='citation'\\>\u00ab\u00a0les priorit\u00e9s d'action pour la gestion de l\u2019ensemble des formes d'\u00e9nergie sur le territoire m\u00e9tropolitain continental, afin d\u2019atteindre les objectifs nationaux fix\u00e9s par la loi\u00a0\u00bb\\<\\\/span\\>\\. \\(Wikip\u00e9dia\\)\\<\\\/p\\>\"; toolTips('.classtoolTips164',tt_store_content,'7750'); <\/script><script type=\"text\/javascript\"> var tt_store_content = \"\\<p style\\='text\\-align\\: justify;'\\>Le Conseil d'Orientation des Retraites est une instance qui r\u00e9unit &nbsp;\\<span class\\='st'\\>les principaux acteurs du champ des retraites\\<\\\/span\\> et effectue un travail d'\u00e9tudes et de concertation\\. Compos\u00e9 de parlementaires, de repr\u00e9sentants des organisations professionnelles et syndicales, des retrait\u00e9s et des familles, de membres de l'administration et d'experts, le Conseil d'orientation des retraites \\(<span class='tooltipsall tooltip_post_id_7751 classtoolTips165'>COR<\/span>\\) est plac\u00e9 aupr\u00e8s du Premier ministre\\.\\<\\\/p\\>\"; toolTips('.classtoolTips165',tt_store_content,'7751'); <\/script><script type=\"text\/javascript\"> var tt_store_content = \"Energies Renouvelables\"; toolTips('.classtoolTips167',tt_store_content,'7758'); <\/script><script type=\"text\/javascript\"> var tt_store_content = \"Energies Renouvelables\"; toolTips('.classtoolTips167',tt_store_content,'7758'); <\/script><script type=\"text\/javascript\"> var tt_store_content = \"\\<p style\\='text\\-align\\: center;'\\>\\<span style\\='font\\-size\\: 14pt;'\\>\\<strong\\>O\\<\\\/strong\\>rganisation \\<strong\\>M\\<\\\/strong\\>\u00e9t\u00e9orologique \\<strong\\>M\\<\\\/strong\\>ondiale<br\/>\\<strong\\>W\\<\\\/strong\\>orld \\<strong\\>M\\<\\\/strong\\>eteorological \\<strong\\>O\\<\\\/strong\\>rganization\\<\\\/span\\>\\<\\\/p\\><br\/>&nbsp;<br\/><br\/>\\<a href\\='https\\:\\\/\\\/public\\.wmo\\.int\\\/fr' target\\='_blank' rel\\='noopener'\\>\\<em\\>Acc\u00e9der ici au site de l'organisation\\<\\\/em\\>\\<\\\/a\\>\"; toolTips('.classtoolTips168',tt_store_content,'7763'); <\/script><script type=\"text\/javascript\"> var tt_store_content = \"\\<p style\\='text\\-align\\: center;'\\>\\<span style\\='font\\-size\\: 14pt;'\\>\\<strong\\>\u00c9\\<\\\/strong\\>cole \\<strong\\>N\\<\\\/strong\\>ationale d'\\<strong\\>A\\<\\\/strong\\>dministration\\<\\\/span\\>\\<\\\/p\\>\"; toolTips('.classtoolTips170',tt_store_content,'5213'); <\/script><script type=\"text\/javascript\"> var tt_store_content = \"\\<p style\\='text\\-align\\: center;'\\>\\<span style\\='font\\-size\\: 14pt;'\\>\u00c9cole des<br\/>\\<strong\\>H\\<\\\/strong\\>autes \\<strong\\>\u00c9\\<\\\/strong\\>tudes \\<strong\\>C\\<\\\/strong\\>ommerciales\\<\\\/span\\>\\<\\\/p\\>\"; toolTips('.classtoolTips171',tt_store_content,'5214'); <\/script><script type=\"text\/javascript\"> var tt_store_content = \"\\<p style\\='text\\-align\\: justify'\\>\\<span class\\='ILfuVd'\\>La politique agricole commune \\(\\<b\\><span class='tooltipsall tooltip_post_id_11364 classtoolTips174'>PAC<\/span>\\<\\\/b\\>\\) est une politique mise en place \u00e0 l'\u00e9chelle de l'Union europ\u00e9enne\\. \u00c0 l'origine, elle est fond\u00e9e principalement sur des mesures de contr\u00f4le des prix et de subventionnement, visant \u00e0 moderniser et d\u00e9velopper l'agriculture\\.\\<\\\/span\\> \\(source Wikipedia\\)\\<\\\/p\\>\"; toolTips('.classtoolTips174',tt_store_content,'11364'); <\/script><script type=\"text\/javascript\"> var tt_store_content = \"\\<p style\\='text\\-align\\: center;'\\>\\<span style\\='font\\-size\\: 14pt;'\\>\\<strong\\>P\\<\\\/strong\\>\\<\\\/span\\>\\<span style\\='font\\-size\\: 14pt;'\\>lan \\<strong\\>L\\<\\\/strong\\>\\<\\\/span\\>\\<span style\\='font\\-size\\: 14pt;'\\>ocal d'\\<strong\\>U\\<\\\/strong\\>\\<\\\/span\\>\\<span style\\='font\\-size\\: 14pt;'\\>rbanisme\\<\\\/span\\>\\<\\\/p\\><br\/>&nbsp;\"; toolTips('.classtoolTips176',tt_store_content,'4979'); <\/script><script type=\"text\/javascript\"> var tt_store_content = \"\\<p\\>Conseil \u00c9conomique et Social\\<\\\/p\\>\"; toolTips('.classtoolTips180',tt_store_content,'29829'); <\/script><script type=\"text\/javascript\"> var tt_store_content = \"\\<p style\\='text\\-align\\: center;'\\>\\<span style\\='font\\-size\\: 14pt;'\\>\\<strong\\>H\\<\\\/strong\\>ydrocarbure \\<strong\\>A\\<\\\/strong\\>romatique \\<strong\\>P\\<\\\/strong\\>olycyclique\\<\\\/span\\>\\<\\\/p\\><br\/>\\<p style\\='text\\-align\\: justify;'\\>Depuis de nombreuses ann\u00e9es, les <span class='tooltipsall tooltip_post_id_20397 classtoolTips184'>HAP<\/span> sont tr\u00e8s \u00e9tudi\u00e9s car ce sont des compos\u00e9s pr\u00e9sents dans tous les milieux environnementaux et qui montrent une forte toxicit\u00e9\\. On a pu \u00e9tablir la canc\u00e9rog\u00e9n\u00e8se de certains HPA, tels que le Benzo\\[a\\]anthrac\u00e8ne, le Chrys\u00e8ne et d'autres\\.\\<\\\/p\\><br\/>\\<p style\\='text\\-align\\: justify;'\\>Les HAP proviennent principalement de la combustion \u00e0 haute temp\u00e9rature \\(500\u00b0 C et plus\\) de mati\u00e8res fossiles telles que le bois, le charbon et le p\u00e9trole\\. Dans l'environnement, la production de HAP provient donc&nbsp; du chauffage domestique, de la circulation automobile, des centrales \u00e9lectriques fonctionnant au charbon ou au p\u00e9trole \\('fioul'\\), ainsi que des incin\u00e9rateurs\\.\\<\\\/p\\><br\/>\\<p\\>\\<a href\\='https\\:\\\/\\\/fr\\.wikipedia\\.org\\\/wiki\\\/Hydrocarbure_aromatique_polycyclique' target\\='_blank' rel\\='noopener noreferrer'\\>\\<em\\>Voir ici l'article Wikipedia consacr\u00e9 aux HAP\\<\\\/em\\>\\<\\\/a\\>\\<\\\/p\\>\"; toolTips('.classtoolTips184',tt_store_content,'20397'); <\/script><script type=\"text\/javascript\"> var tt_store_content = \"\\<p style\\='text\\-align\\: center;'\\>\\<span style\\='font\\-size\\: 14pt;'\\>\\<strong\\>A\\<\\\/strong\\>gence \\<strong\\>R\\<\\\/strong\\>\u00e9gionale de \\<strong\\>S\\<\\\/strong\\>ant\u00e9\\<\\\/span\\>\\<\\\/p\\>\"; toolTips('.classtoolTips188',tt_store_content,'18356'); <\/script><script type=\"text\/javascript\"> var tt_store_content = \"\\<p style\\='text\\-align\\: center;'\\>\\<span style\\='font\\-size\\: 14pt;'\\>\\<strong\\>G\\<\\\/strong\\>roupement \\<strong\\>H\\<\\\/strong\\>ospitalier de \\<strong\\>T\\<\\\/strong\\>erritoire\\<\\\/span\\>\\<\\\/p\\><br\/>\\<p style\\='text\\-align\\: justify;'\\>Les groupements hospitaliers de territoires, dispositif pr\u00e9vu par la loi de sant\u00e9 2016, sont un nouveau mode de coop\u00e9ration entre les \u00e9tablissements publics de sant\u00e9 \u00e0 l\u2019\u00e9chelle d\u2019un territoire\\<\\\/p\\>\"; toolTips('.classtoolTips189',tt_store_content,'18358'); <\/script><script type=\"text\/javascript\"> var tt_store_content = \"\\<p style\\='text\\-align\\: center;'\\>\\<span style\\='font\\-size\\: 14pt;'\\>\\<strong\\>C\\<\\\/strong\\>omit\u00e9 \\<strong\\>T\\<\\\/strong\\>echnique d'\\<strong\\>\u00c9\\<\\\/strong\\>tablissement\\<\\\/span\\>\\<\\\/p\\>\"; toolTips('.classtoolTips191',tt_store_content,'18359'); <\/script><script type=\"text\/javascript\"> var tt_store_content = \"\\<p style\\='text\\-align\\: center;'\\>\\<strong\\>\\<span style\\='font\\-size\\: 14pt;'\\>P\\<\\\/span\\>\\<\\\/strong\\>\\<span style\\='font\\-size\\: 14pt;'\\>rogrammation \\<strong\\>P\\<\\\/strong\\>luri\\-annuelle de l'\\<strong\\>\u00c9\\<\\\/strong\\>nergie\\<\\\/span\\>\\<\\\/p\\><br\/>La PPE est est en France un document strat\u00e9gique de pilotage de la transition \u00e9nerg\u00e9tique\\. Institu\u00e9e par l'article 176 de la loi transition \u00e9nerg\u00e9tique \\(TECV\\)\\. Elle fixe \\(par \u00e9nergie\\) une trajectoire pour le mix \u00e9nerg\u00e9tique, ainsi que \u00ab&nbsp;\\<em\\>les priorit\u00e9s d'action pour la gestion de l\u2019ensemble des formes d'\u00e9nergie sur le territoire m\u00e9tropolitain continental, afin d\u2019atteindre les objectifs nationaux fix\u00e9s par la loi\\<\\\/em\\>&nbsp;\u00bb\\.<br\/><br\/>Initi\u00e9e en 2016, elle est r\u00e9vis\u00e9e en 2018 puis ensuite tous les 5 ans\\.<br\/><br\/>\\<a href\\='https\\:\\\/\\\/fr\\.wikipedia\\.org\\\/wiki\\\/Programmation_pluriannuelle_de_l'\u00e9nergi' target\\='_blank' rel\\='noopener'\\>\\<em\\>Voir ici la page Wikipedia consacr\u00e9e \u00e0 la PPE\\<\\\/em\\>\\<\\\/a\\><br\/>\\<a href\\='https\\:\\\/\\\/ppe\\.debatpublic\\.fr\\\/' target\\='_blank' rel\\='noopener'\\>\\<em\\>Voir ici la page du site 'Commission du D\u00e9bat Public' consacr\u00e9e \u00e0 la PPE\\<\\\/em\\>\\<\\\/a\\>\"; toolTips('.classtoolTips193',tt_store_content,'7102'); <\/script><script type=\"text\/javascript\"> var tt_store_content = \"\\<p style\\='text\\-align\\: center;'\\>\\<span style\\='font\\-size\\: 14pt;'\\>\\<strong\\>E\\<\\\/strong\\>volutionary \\<strong\\>P\\<\\\/strong\\>ower \\<strong\\>R\\<\\\/strong\\>eactor\\<\\\/span\\>\\<\\\/p\\><br\/>\\<p style\\='text\\-align\\: justify;'\\>R\u00e9acteur nucl\u00e9aire de troisi\u00e8me g\u00e9n\u00e9ration \\(classification internationale\\), con\u00e7u et d\u00e9velopp\u00e9 par <span class='tooltipsall tooltip_post_id_5121 classtoolTips35'>Areva NP<\/span>&nbsp; au cours des ann\u00e9es 1990 et 2000\\. Il fait partie de la fili\u00e8re des r\u00e9acteurs \u00e0 eau pressuris\u00e9e\\.\\<\\\/p\\><br\/>\\<a href\\='https\\:\\\/\\\/fr\\.wikipedia\\.org\\\/wiki\\\/R%C3%A9acteur_pressuris%C3%A9_europ%C3%A9en' target\\='_blank' rel\\='noopener'\\>\\<em\\>Voir ici la fiche Wikipedia <span class='tooltipsall tooltip_post_id_5579 classtoolTips196'>EPR<\/span>\\<\\\/em\\>\\<\\\/a\\>\"; toolTips('.classtoolTips196',tt_store_content,'5579'); <\/script><script type=\"text\/javascript\"> var tt_store_content = \"\\<p style\\='text\\-align\\: center;'\\>\\<strong\\>R\\<\\\/strong\\>\u00e9seau \\<strong\\>A\\<\\\/strong\\>ction \\<strong\\>C\\<\\\/strong\\>limat\\<\\\/p\\><br\/>Le r\u00e9seau Action Climat '\\<em\\>f\u00e9d\u00e8re les associations impliqu\u00e9es dans la lutte contre les changements climatiques et pour une transition \u00e9cologique, solidaire et \u00e9quitable\\<\\\/em\\>'\\.<br\/><br\/>\\<a href\\='https\\:\\\/\\\/reseauactionclimat\\.org\\\/' target\\='_blank' rel\\='noopener'\\>Voir le site du <span class='tooltipsall tooltip_post_id_4309 classtoolTips200'>RAC<\/span>\\<\\\/a\\>\"; toolTips('.classtoolTips200',tt_store_content,'4309'); <\/script><script type=\"text\/javascript\"> var tt_store_content = \"\\<p style\\='text\\-align\\: center;'\\>\\<strong\\>\\<span style\\='font\\-size\\: 14pt;'\\>R\\<\\\/span\\>\\<\\\/strong\\>\\<span style\\='font\\-size\\: 14pt;'\\>eferendum d'\\<strong\\>I\\<\\\/strong\\>nitiative \\<strong\\>C\\<\\\/strong\\>itoyenne\\<\\\/span\\>\\<\\\/p\\>\"; toolTips('.classtoolTips205',tt_store_content,'12268'); <\/script><script type=\"text\/javascript\"> var tt_store_content = \"\\<p\\><span class='tooltipsall tooltip_post_id_25844 classtoolTips208'>RTE<\/span> \\= R\u00e9seau de Transport d'Electricit\u00e9 est une filiale d'<span class='tooltipsall tooltip_post_id_7035 classtoolTips178'>EDF<\/span> qui est l'actionnaire majoritaire avec 50,1% des parts le reste \u00e9tant partag\u00e9 par la CDC et la CNP\\<\\\/p\\>\"; toolTips('.classtoolTips208',tt_store_content,'25844'); <\/script><script type=\"text\/javascript\"> var tt_store_content = \"\\<p style\\='text\\-align\\: center;'\\>\\<span style\\='font\\-size\\: 14pt;'\\>\\<strong\\>O\\<\\\/strong\\>rganisation\\<strong\\> N\\<\\\/strong\\>on\\<strong\\> G\\<\\\/strong\\>ouvernementale\\<\\\/span\\>\\<\\\/p\\><br\/>Une organisation non gouvernementale \\(<span class='tooltipsall tooltip_post_id_3579 classtoolTips210'>ONG<\/span>\\) est une \\<a title\\='Association \u00e0 but non lucratif' href\\='https\\:\\\/\\\/fr\\.wikipedia\\.org\\\/wiki\\\/Association_%C3%A0_but_non_lucratif' target\\='_blank' rel\\='noopener'\\>association \u00e0 but non lucratif\\<\\\/a\\>, d'int\u00e9r\u00eat public, qui ne rel\u00e8ve ni de l'\u00c9tat, ni d'institutions internationales\\<sup id\\='cite_ref\\-novethic_1\\-0' class\\='reference'\\>\\<\\\/sup\\>\\. Les ONG n'ont pas le statut de sujet de \\<a title\\='Droit international public' href\\='https\\:\\\/\\\/fr\\.wikipedia\\.org\\\/wiki\\\/Droit_international_public' target\\='_blank' rel\\='noopener'\\>droit international\\<\\\/a\\>\\.\"; toolTips('.classtoolTips210',tt_store_content,'3579'); <\/script><script type=\"text\/javascript\"> var tt_store_content = \"\\<p style\\='text\\-align\\: center;'\\>\\<span style\\='font\\-size\\: 14pt;'\\>\\<strong\\>O\\<\\\/strong\\>rganisation\\<strong\\> N\\<\\\/strong\\>on\\<strong\\> G\\<\\\/strong\\>ouvernementale\\<\\\/span\\>\\<\\\/p\\><br\/>Une organisation non gouvernementale \\(ONG\\) est une \\<a title\\='Association \u00e0 but non lucratif' href\\='https\\:\\\/\\\/fr\\.wikipedia\\.org\\\/wiki\\\/Association_%C3%A0_but_non_lucratif' target\\='_blank' rel\\='noopener'\\>association \u00e0 but non lucratif\\<\\\/a\\>, d'int\u00e9r\u00eat public, qui ne rel\u00e8ve ni de l'\u00c9tat, ni d'institutions internationales\\<sup id\\='cite_ref\\-novethic_1\\-0' class\\='reference'\\>\\<\\\/sup\\>\\. Les ONG n'ont pas le statut de sujet de \\<a title\\='Droit international public' href\\='https\\:\\\/\\\/fr\\.wikipedia\\.org\\\/wiki\\\/Droit_international_public' target\\='_blank' rel\\='noopener'\\>droit international\\<\\\/a\\>\\.\"; toolTips('.classtoolTips210',tt_store_content,'3579'); <\/script><script type=\"text\/javascript\"> var tt_store_content = \"\\<p\\><span class='tooltipsall tooltip_post_id_24572 classtoolTips211'>MIT<\/span> \\= Massachussets Institute of Technology, prestigieuse universit\u00e9 am\u00e9ricaine de la c\u00f4te est\\<\\\/p\\>\"; toolTips('.classtoolTips211',tt_store_content,'24572'); <\/script><script type=\"text\/javascript\"> var tt_store_content = \"\\<p style\\='text\\-align\\: center;'\\>\\<strong\\>J\\<\\\/strong\\>eux \\<strong\\>O\\<\\\/strong\\>lympiques<br\/>ou<br\/>\\<strong\\>J\\<\\\/strong\\>ournal \\<strong\\>O\\<\\\/strong\\>fficiel de la R\u00e9publique Fran\u00e7aise\\<\\\/p\\>\"; toolTips('.classtoolTips213',tt_store_content,'4451'); <\/script><script type=\"text\/javascript\"> var tt_store_content = \"\\<p\\><span class='tooltipsall tooltip_post_id_30593 classtoolTips214'>RN<\/span> \\= Rassemble National, c'est le parti d'extr\u00eame droite de Marine Le Pen qui succ\u00e8de au FN \\= Front National fond\u00e9 par son p\u00e8re Jean Marie Le Pen\\<\\\/p\\>\"; toolTips('.classtoolTips214',tt_store_content,'30593'); <\/script><script type=\"text\/javascript\"> var tt_store_content = \"\\<p style\\='text\\-align\\: center;'\\>\\<span style\\='font\\-size\\: 14pt;'\\>\\<strong\\>C\\<\\\/strong\\>entre \\<strong\\>H\\<\\\/strong\\>ospitalier\\<\\\/span\\>\\<\\\/p\\>\"; toolTips('.classtoolTips220',tt_store_content,'18357'); <\/script><script type=\"text\/javascript\"> var tt_store_content = \"\\<p\\>D\u00e9chets radioactifs \u00e0 Haute Activit\u00e9 \\(classement <span class='tooltipsall tooltip_post_id_3612 classtoolTips79'>ANDRA<\/span>\\)\\<\\\/p\\>\"; toolTips('.classtoolTips223',tt_store_content,'19196'); <\/script>_______________________<br>Notes<ol class=\"footnotes\"><li id=\"footnote_1_29804\" class=\"footnote\">cf. le cri du c\u0153ur d\u2019Emmanuel Macron en juin 2018 \u00ab&nbsp;on met un pognon de dingue dans les minima sociaux&nbsp;\u00bb, annonciateur d\u2019un renforcement de cette politique.<span class=\"footnote-back-link-wrapper\">[<a href=\"#identifier_1_29804\" class=\"footnote-link footnote-back-link\">&#8617;<\/a>]<\/span><\/li><li id=\"footnote_2_29804\" class=\"footnote\"><a href=\"https:\/\/www.lemonde.fr\/les-decodeurs\/article\/2017\/10\/17\/assistes-profiteurs-paresseux-en-finir-avec-les-cliches-sur-les-pauvres_5201892_4355770.html\"><span style=\"font-size: 10pt;\">https:\/\/www.lemonde.fr\/les-decodeurs\/article\/2017\/10\/17\/assistes-profiteurs-paresseux-en-finir-avec-les-cliches-sur-les-pauvres_5201892_4355770.html<\/span><\/a><span class=\"footnote-back-link-wrapper\">[<a href=\"#identifier_2_29804\" class=\"footnote-link footnote-back-link\">&#8617;<\/a>]<\/span><\/li><li id=\"footnote_3_29804\" class=\"footnote\"><a href=\"https:\/\/inegalites.fr\/Inflation-le-RSA-ne-suit-pas\"><span style=\"font-size: 10pt;\">https:\/\/inegalites.fr\/Inflation-le-RSA-ne-suit-pas<\/span><\/a><span class=\"footnote-back-link-wrapper\">[<a href=\"#identifier_3_29804\" class=\"footnote-link footnote-back-link\">&#8617;<\/a>]<\/span><\/li><li id=\"footnote_4_29804\" class=\"footnote\"><a href=\"https:\/\/gallica.bnf.fr\/ark:\/12148\/bpt6k49177t\/f564.item\"><span style=\"font-size: 10pt;\">https:\/\/gallica.bnf.fr\/ark:\/12148\/bpt6k49177t\/f564.item<\/span><\/a><a href=\"https:\/\/gallica.bnf.fr\/ark:\/12148\/bpt6k49177t\/f564.item\"><span class=\"footnote-back-link-wrapper\">[<a href=\"#identifier_4_29804\" class=\"footnote-link footnote-back-link\">&#8617;<\/a>]<\/span><\/li><li id=\"footnote_5_29804\" class=\"footnote\">&nbsp;<span style=\"font-size: 10pt;\"><a href=\"https:\/\/www.lemonde.fr\/politique\/article\/2011\/05\/09\/assistanat-les-mauvais-exemples-de-laurent-wauquiez_1518985_823448.html\">https:\/\/www.lemonde.fr\/politique\/article\/2011\/05\/09\/assistanat-les-mauvais-exemples-de-laurent-wauquiez_1518985_823448.html<\/a><\/span> <span class=\"footnote-back-link-wrapper\">[<a href=\"#identifier_5_29804\" class=\"footnote-link footnote-back-link\">&#8617;<\/a>]<\/span><\/li><li id=\"footnote_6_29804\" class=\"footnote\"><a href=\"https:\/\/www.mediavenir.fr\/pauvrete-2-0-auto-entrepreneurs-devenus-nouveaux-laisses-pour-compte\/]\"><span style=\"font-size: 10pt;\">https:\/\/www.mediavenir.fr\/pauvrete-2-0-auto-entrepreneurs-devenus-nouveaux-laisses-pour-compte\/]<\/span><\/a>]\n<p><strong><span style=\"font-size: 14pt; color: #ff0000;\">Le droit au secours s\u2019est peu \u00e0 peu substitu\u00e9 \u00e0 la charit\u00e9<\/span><\/strong><\/p>\n<p style=\"text-align: justify;\">\u21d2Pourtant les Lumi\u00e8res s\u2019\u00e9taient empar\u00e9es de cette question. Dans la philosophie des Lumi\u00e8res, le mat\u00e9rialisme fran\u00e7ais du XVIII<sup>e<\/sup> Si\u00e8cle occupe une place importante mais non majoritaire. Montesquieu, \u00e9crit, par exemple&nbsp;: \u00ab&nbsp;<span style=\"color: #0000ff;\"><em>Les richesses d\u2019un \u00c9tat supposent beaucoup d\u2019industrie. Il n\u2019est pas possible que, dans un si grand nombre de branches de commerce, il n\u2019y en ait toujours quelqu\u2019une qui souffre &amp; dont, par cons\u00e9quent, les ouvriers ne soient dans une n\u00e9cessit\u00e9 momentan\u00e9e.<\/em><\/span><em><span style=\"color: #0000ff;\"> C\u2019est pour lors que l\u2019Etat a besoin d\u2019apporter un prompt secours, soit pour emp\u00eacher le peuple de souffrir, soit pour \u00e9viter qu\u2019il ne se r\u00e9volte : c\u2019est dans ce cas qu\u2019il faut des h\u00f4pitaux, ou quelque r\u00e8glement \u00e9quivalent, qui puisse pr\u00e9venir cette mis\u00e8re.&nbsp;<\/span>\u00bb <\/em>(Montesquieu, <em>De l\u2019esprit des lois<\/em>, XXIII).<\/p>\n<p style=\"text-align: justify;\">\u21d2Ces r\u00e9flexions aboutissent, sous la R\u00e9volution fran\u00e7aise, \u00e0 de tout autres conception et perspective que celles envisag\u00e9es autrefois. Le rapport du Comit\u00e9 de mendicit\u00e9 du 12 juin 1790, pr\u00e9sent\u00e9 par La Rochefoucauld-Liancourt, affirme que \u00ab <em>La mis\u00e8re des peuples est un tort des gouvernements<\/em>&nbsp;\u00bb. &nbsp;&nbsp;Puis, lorsqu\u2019en 1793, la R\u00e9volution approfondit son cours, cette question est \u00e0 nouveau examin\u00e9e et l\u2019article 21 de la D\u00e9claration des droits de l\u2019homme du 24 juin 1793 dispose&nbsp;:\u00ab&nbsp;<span style=\"color: #163ea1;\"><em><span style=\"color: #0000ff;\">Les secours publics sont une dette sacr\u00e9e. La soci\u00e9t\u00e9 doit la subsistance aux citoyens malheureux, soit en leur procurant du travail, soit en assurant les moyens d&rsquo;exister \u00e0 ceux qui sont hors d&rsquo;\u00e9tat de travailler<\/span>.<\/em><\/span>&nbsp;\u00bb<\/p>\n<p style=\"text-align: justify;\">\u21d2Louis Chevalier d\u00e9crit l\u2019\u00e9volution de la perception de la mendicit\u00e9 aux XVIII<sup>e<\/sup> et XIX<sup>e<\/sup> si\u00e8cles en ces termes&nbsp;: \u00ab&nbsp;<span style=\"color: #0000ff;\"><em>Au XVIII<sup>e<\/sup> si\u00e8cle, les mendiants, dans la r\u00e9alit\u00e9 et dans la description que l\u2019on fait d\u2019eux, restent en marge de la ville, int\u00e9ressants mais peu redoutables, encombrants mais non g\u00eanants. Sans doute, expriment-ils de toute \u00e9vidence un \u00e9tat d\u00e9mographique et social et constituent-ils un exc\u00e9dent de population. Mais le fait n\u2019est pas nettement con\u00e7u. L\u2019attitude des pouvoirs publics et des classes dominantes n\u2019est gu\u00e8re diff\u00e9rente \u00e0 leur \u00e9gard, au XVIII<sup>e<\/sup> si\u00e8cle, de ce qu\u2019elle \u00e9tait auparavant. Elle consiste \u00e0 tenter de refouler ces \u00e9vad\u00e9s dans la condition productive. Innombrables sont les mesures concernant la mendicit\u00e9. Toutes apparemment et momentan\u00e9ment efficaces, comme ce renfermement des pauvres que Sauval d\u00e9crit<\/em> [\u2026] <\/span><em><span style=\"color: #0000ff;\">Mesure toujours \u00e0 reprendre cependant, en raison du d\u00e9s\u00e9quilibre permanent entre les ressources et les populations. Soulignons surtout cette ignorance des causes d\u00e9mographiques et \u00e9conomiques de la mendicit\u00e9, ou cette indiff\u00e9rence \u00e0 leur \u00e9gard. Pendant tout le XVIII<sup>e<\/sup> si\u00e8cle, les philosophes ou les hommes politiques qui \u00e9laborent des plans pour chasser les mendiants ou renvoyer \u00e0 la terre les parasites qui encombrent les villes, restent favorables \u00e0 l\u2019accroissement de la population&nbsp;: populationnistes contre toute \u00e9vidence. A partir de la premi\u00e8re moiti\u00e9 du XIX<sup>e<\/sup> si\u00e8cle, au contraire, interviennent des faits nouveaux : d\u2019une part, un accroissement du d\u00e9s\u00e9quilibre ancien &#8211; premier effet, paradoxal, du progr\u00e8s technique \u2013 d\u2019autre part une prise de conscience d\u2019une situation dont nous dirons qu\u2019elle n\u2019est plus consid\u00e9r\u00e9e comme \u00e9tant de conjoncture, mais de structure, et dont on juge qu\u2019elle ne peut plus \u00eatre combattue par des mesures administratives, mais par des d\u00e9cisions plus \u00e9tendues et plus complexes. A cette sorte de r\u00e9v\u00e9lation s\u2019attache le nom de Malthus, mais elle correspond \u00e0 une \u00e9volution psychologique bien plus g\u00e9n\u00e9rale. Il ne s\u2019agit plus seulement d\u2019enfermer pauvres et mendiants, de les chasser des villes, mais de lutter contre leur dangereuse f\u00e9condit\u00e9 et plus g\u00e9n\u00e9ralement contre la f\u00e9condit\u00e9 des classes populaires. C\u2019est ainsi que la mendicit\u00e9 cesse d\u2019\u00eatre consid\u00e9r\u00e9e comme exceptionnelle, limit\u00e9e et qu\u2019elle prend de plus en plus une signification sociale. <\/span>\u00bb&nbsp;&nbsp;&nbsp;&nbsp;&nbsp; <br \/>\n<\/em>&nbsp;&nbsp;&nbsp;&nbsp;&nbsp;&nbsp;&nbsp;&nbsp;&nbsp;&nbsp;&nbsp;&nbsp;&nbsp;&nbsp;&nbsp;&nbsp;&nbsp;&nbsp;&nbsp;&nbsp;&nbsp;&nbsp;&nbsp;&nbsp;&nbsp;&nbsp;&nbsp;&nbsp;&nbsp;&nbsp;&nbsp;&nbsp;&nbsp;&nbsp;&nbsp;&nbsp;&nbsp;&nbsp;&nbsp;&nbsp;&nbsp;&nbsp;&nbsp;&nbsp;&nbsp;&nbsp;&nbsp;&nbsp;&nbsp;&nbsp;&nbsp;&nbsp;&nbsp;&nbsp;&nbsp;&nbsp;&nbsp;&nbsp;&nbsp;&nbsp;&nbsp;&nbsp;&nbsp;&nbsp;&nbsp;&nbsp;&nbsp;&nbsp;&nbsp;&nbsp;&nbsp;&nbsp;&nbsp;<span style=\"font-size: 10pt;\">&nbsp; Louis Chevalier,<em> Classes laborieuses et classes dangereuses, <\/em>Tempus\/Perrin- 2007, pages 124-125<\/span><\/p>\n<p style=\"text-align: justify;\">D\u00e8s le Moyen-\u00c2ge, des compagnons d\u2019un m\u00eame m\u00e9tier cr\u00e9ent une caisse commune de secours pour venir en aide aux compagnons de leur Devoir, malades, invalides et subvenir aux besoins de leur famille. C\u2019est une exception. La R\u00e9volution fran\u00e7aise abolit les corporations (D\u00e9crets d\u2019Allarde) en mars1791 mais la loi le Chapelier (juin 1791) interdit tout regroupement professionnel et surtout ouvrier. Tant\u00f4t tol\u00e9r\u00e9es, tant\u00f4t r\u00e9prim\u00e9es, c\u2019est d\u2019abord dans la clandestinit\u00e9 que se constituent ou se reconstituent des Soci\u00e9t\u00e9s de Secours mutuel, souvent \u00e9ph\u00e9m\u00e8res. Elles seront reconnues en 1852 par le Second Empire et largement plac\u00e9es sous tutelle. En \u00e9change d\u2019une cotisation, ces associations versent des prestations \u00e0 leurs membres en cas de maladie, prennent en charge les obs\u00e8ques et, si les finances le permettent, versent une pension de retraite. La loi Waldeck-Rousseau de 1884, l\u00e9galise les syndicats. Des caisses syndicales et patronales, organis\u00e9es par m\u00e9tier sont cr\u00e9\u00e9es. Certaines garantissent une protection contre le ch\u00f4mage. Le 20 ao\u00fbt 1914, l\u2019\u00c9tat cr\u00e9e le Fonds national du ch\u00f4mage pour indemniser les travailleurs qui ont perdu leur emploi en raison de la d\u00e9sorganisation provoqu\u00e9e par la guerre.<\/p>\n<p style=\"text-align: justify;\">C\u2019est au lendemain de la Seconde guerre mondiale qu\u2019un pas d\u00e9cisif est r\u00e9alis\u00e9 pour la protection sociale des travailleurs et de leurs familles. La lib\u00e9ration (juin 1944- mai 1945) est une p\u00e9riode tr\u00e8s agit\u00e9e. La classe ouvri\u00e8re a pris une place majeure dans la lutte contre l\u2019occupant et contre le r\u00e9gime de Vichy. Celui-ci s\u2019est effondr\u00e9 laissant un vide politique b\u00e9ant. Dans toute la France, des groupes arm\u00e9s, issus de la R\u00e9sistance, constituent des \u00ab <em>autorit\u00e9s de fait<\/em> \u00bb. Pour la classe ouvri\u00e8re, il est temps d\u2019en finir non seulement avec la barbarie et la terreur nazie, mais plus g\u00e9n\u00e9ralement avec le capitalisme. Le patronat s\u2019est vautr\u00e9 dans la collaboration avec P\u00e9tain. Si tous les patrons n\u2019ont pas \u00e9t\u00e9 des \u00ab collabos \u00bb, au sens strict, la plupart d\u2019entre eux se sont montr\u00e9s dans l\u2019ensemble peu regardant pour remplir leurs carnets de commande. Mais, sauf exception, \u00ab <em>l\u2019\u00e9puration<\/em> \u00bb \u00e9pargne les capitalistes. Le g\u00e9n\u00e9ral de Gaulle aurait d\u2019ailleurs fait une remarque ironique \u00e0 une d\u00e9l\u00e9gation du patronat fran\u00e7ais : \u00ab <em><span style=\"color: #0000ff;\">Messieurs, je n\u2019ai vu aucun d\u2019entre vous \u00e0 Londres. Ma foi, apr\u00e8s tout, vous n\u2019\u00eates pas en prison !<\/span> <\/em>\u00bb En 1945, les patrons ont peur de tout perdre et sont dispos\u00e9s \u00e0 faire d\u2019importantes concessions aux travailleurs. Le 24 juillet 1945, le r\u00e9formiste Georges Buisson [1878-1946], Secr\u00e9taire conf\u00e9d\u00e9ral de la CGT et ami de L\u00e9on Jouhaux [1879-1954], pr\u00e9sente devant l\u2019Assembl\u00e9e Consultative Provisoire le projet d\u2019ordonnance fondant la S\u00e9curit\u00e9 sociale en 88 articles. Ce sera apr\u00e8s quelques amendements la matrice des ordonnances des 4 et 19 octobre 1945. L\u2019article premier de l\u2019ordonnance du 4 octobre 1945 proclame : \u00ab&nbsp;<span style=\"color: #163ea1;\"><span style=\"color: #0000ff;\"><em>Il est institu\u00e9 une organisation de la s\u00e9curit\u00e9 sociale destin\u00e9e \u00e0 garantir les travailleurs et leurs familles contre les risques de toute nature, susceptibles de r\u00e9duire ou de supprimer leur capacit\u00e9 de gain, \u00e0 couvrir les charges de maternit\u00e9 et les charges de famille qu&rsquo;ils supportent.<\/em><\/span>&nbsp;<\/span>\u00bb<\/p>\n<p style=\"text-align: justify;\">Comme la S\u00e9curit\u00e9 sociale (1945), le statut de la fonction publique (1946), ou l\u2019enseignement professionnel public et la\u00efque, sous statut scolaire (1949), sont des conqu\u00eates de la classe ouvri\u00e8re \u00e0 la Lib\u00e9ration. Le pr\u00e9ambule de la Constitution du 27 octobre 1946 proclame&nbsp;: \u00ab&nbsp;<em><span style=\"color: #0000ff;\">Art.5&nbsp;: Chacun a le devoir de travailler et le<\/span> <span style=\"color: #0000ff;\">droit d&rsquo;obtenir un emploi. Nul ne peut \u00eatre l\u00e9s\u00e9, dans son travail ou son emploi, en raison de ses origines, de ses opinions ou de ses croyances<\/span><\/em><span style=\"color: #0000ff;\">.&nbsp;<\/span>\u00bb&nbsp;; \u00ab&nbsp;<span style=\"color: #0000ff;\"><em>Art.<\/em><strong><em>10<\/em><\/strong><strong><em>&nbsp;: <\/em><\/strong><em>La Nation assure \u00e0 l&rsquo;individu et \u00e0 la famille les conditions n\u00e9cessaires \u00e0 leur d\u00e9veloppement.<\/em>&nbsp;<\/span>\u00bb&nbsp;; <em>\u00ab&nbsp;<span style=\"color: #0000ff;\">Art. <strong>11<\/strong>&nbsp;: Elle garantit \u00e0 tous, notamment \u00e0 l&rsquo;enfant, \u00e0 la m\u00e8re et aux vieux travailleurs, la protection de la sant\u00e9, la s\u00e9curit\u00e9 mat\u00e9rielle, le repos et les loisirs. Tout \u00eatre humain qui, en raison de son \u00e2ge, de son \u00e9tat physique ou mental, de la situation \u00e9conomique, se trouve dans l&rsquo;incapacit\u00e9 de travailler a le droit d&rsquo;obtenir de la collectivit\u00e9 des moyens convenables d&rsquo;existence.<\/span><\/em><span style=\"color: #0000ff;\">&nbsp;<\/span>\u00bb<\/p>\n<p style=\"text-align: justify;\">L\u2019Assurance ch\u00f4mage est cr\u00e9\u00e9e le 31 d\u00e9cembre 1958. Elle est initialement exclusivement financ\u00e9e par les employeurs. A partir de 1990, elle est \u00e9galement financ\u00e9e par la Contribution Sociale G\u00e9n\u00e9ralis\u00e9e (<span class='tooltipsall tooltip_post_id_5647 classtoolTips151'>CSG<\/span>). Le calcul du montant de l\u2019indemnisation du ch\u00f4mage et sa dur\u00e9e ont \u00e9t\u00e9 modifi\u00e9s \u00e0 plusieurs reprises depuis. Il faut satisfaire plusieurs conditions pour y avoir droit&nbsp;: avoir travaill\u00e9 130 jours ou 910 heures dans une p\u00e9riode de 24 ou 36 mois&nbsp;; \u00eatre \u00e0 la recherche effective et permanente d\u2019un emploi&nbsp;; etc. Jusqu&rsquo;en 1982, l&rsquo;indemnisation \u00e9tait g\u00e9n\u00e9rale et assurait 90&nbsp;% du salaire brut. Pour les ch\u00f4meurs dits \u00ab\u00a0<em>en fin de droits<\/em>\u00ab\u00a0, l&rsquo;assistance de l&rsquo;\u00c9tat suppl\u00e9e l&rsquo;<a href=\"https:\/\/fr.wikipedia.org\/wiki\/Un%C3%A9dic\"><span style=\"color: #0000ff;\">Un\u00e9dic<\/span><\/a><span style=\"color: #0000ff;\">.<\/span> &nbsp;En 1984 est cr\u00e9\u00e9e <span style=\"color: #0000ff;\">l&rsquo;<a style=\"color: #0000ff;\" href=\"https:\/\/fr.wikipedia.org\/wiki\/Allocation_sp%C3%A9cifique_de_solidarit%C3%A9\">allocation sp\u00e9cifique de solidarit\u00e9<\/a>, puis&nbsp; le&nbsp;<a style=\"color: #0000ff;\" href=\"https:\/\/fr.wikipedia.org\/wiki\/Revenu_minimum_d%27insertion\">revenu minimum d&rsquo;insertion<\/a><\/span> (RMI), en 1988.<\/p>\n<p><span style=\"color: #ff0000;\"><strong><span style=\"font-size: 14pt;\">Quelle est la cause du ch\u00f4mage de masse dont d\u00e9coule principalement la pr\u00e9carit\u00e9 des b\u00e9n\u00e9ficiaires du RSA ?<\/span><\/strong><\/span><\/p>\n<p style=\"text-align: justify;\">La crise \u00e9conomique, politique, sociale mondiale n\u2019est pas due aux ch\u00f4meurs. Le ch\u00f4mage de longue dur\u00e9e (un an et plus), a des cons\u00e9quences graves sur le niveau d\u2019indemnisation, les relations sociales et l\u2019\u00e9tat psychologique des personnes concern\u00e9es. En revanche, le ch\u00f4mage de masse est une des cons\u00e9quences majeures de la crise du capitalisme. Comme l\u2019avait constat\u00e9 Karl Marx, le ch\u00f4mage a toujours \u00e9t\u00e9 utile au capitalisme. Il permettait de constituer une \u00ab&nbsp;<em>arm\u00e9e de r\u00e9serve<\/em>&nbsp;\u00bb pour faire face \u00e0 un accroissement subit de la production et, habituellement, il freinait la revendication salariale. Mais, aujourd\u2019hui, la situation s\u2019est aggrav\u00e9e.&nbsp; Le capital financier qui domine l\u2019\u00e9conomie est dans l\u2019impasse. Le principal \u00e9cueil auquel il se heurte depuis plusieurs d\u00e9cennies, c\u2019est l\u2019exc\u00e8s de capitaux qui ne trouvent pas de placements rentables pour les actionnaires. La situation ne cesse de s\u2019aggraver. Ni la \u00ab&nbsp;<em>mondialisation&nbsp;<\/em>\u00bb marqu\u00e9e par les d\u00e9localisations des lieux de production vers les pays \u00e0 bas co\u00fbt salarial et social, et la d\u00e9sindustrialisation des pays europ\u00e9ens (et plus particuli\u00e8rement de la France), ni aucune des politiques dites de \u00ab relance \u00bb tent\u00e9es par les diff\u00e9rents gouvernements, n\u2019a permis de modifier significativement cette situation. Mais elles ont install\u00e9 durablement la d\u00e9r\u00e9glementation, le d\u00e9sengagement de l\u2019\u00c9tat dans de nombreux secteurs de l\u2019\u00e9conomie, le d\u00e9mant\u00e8lement des services publics\u2026 la remise en cause de droits et acquis sociaux, la casse du code du travail\u2026 et au bout du compte, la pr\u00e9carit\u00e9 et la mis\u00e8re pour un grand nombre de personnes. C\u2019est aussi la racine de la marche \u00e0 la guerre \u00e0 laquelle nous assistons aujourd\u2019hui. Le tr\u00e8s s\u00e9rieux journal patronal <em>Les Echos<\/em> (13\/02\/2024) titrait&nbsp;: \u00ab&nbsp;<em><span style=\"color: #0000ff;\">Le ch\u00f4mage appel\u00e9 \u00e0 encore s\u2019aggraver en 2024&nbsp;en France<\/span> \u00bb et indiquait&nbsp;:&nbsp;\u00ab <span style=\"color: #0000ff;\">Au quatri\u00e8me trimestre 2023, le taux de ch\u00f4mage dans l\u2019Hexagone a atteint 7,5 % de la population active, selon les donn\u00e9es publi\u00e9es par l\u2019INSEE ce mardi<\/span><\/em>.&nbsp;\u00bb<\/p>\n<p><strong><span style=\"color: #ff0000; font-size: 14pt;\">Est-il exact qu\u2019on peut trouver du travail en traversant la rue&nbsp;?<\/span><\/strong><\/p>\n<p style=\"text-align: justify;\">C\u2019est en tout cas ce qu\u2019a d\u00e9clar\u00e9 sa Suffisance Macron le 15 septembre 2018. D\u2019apr\u00e8s la DARES, au 4<sup>e<\/sup> trimestre 2023, le taux d\u2019emplois vacants s\u2019\u00e9l\u00e8ve \u00e0 2,2%. Il recule dans tous les grands secteurs. Au total, on compte 347 500 emplois vacants au 4e trimestre 2023 dans les entreprises de 10 salari\u00e9s ou plus du secteur priv\u00e9 (hors agriculture, particuliers employeurs et activit\u00e9s extraterritoriales), soit une baisse de 2 % par rapport au trimestre pr\u00e9c\u00e9dent. Le nombre d\u2019emplois vacants se replie fortement dans l\u2019industrie (\u201316 %) ; il reste stable dans la construction et le tertiaire non-marchand, tandis qu\u2019il augmente de 2 % dans le tertiaire marchand. Le nombre d\u2019emplois vacants demeure beaucoup plus \u00e9lev\u00e9 qu\u2019avant la crise sanitaire (+60 % par rapport au 4e trimestre 2019). [[<a href=\"https:\/\/dares.travail-emploi.gouv.fr\/donnees\/les-emplois-vacants\"><span style=\"font-size: 10pt;\">https:\/\/dares.travail-emploi.gouv.fr\/donnees\/les-emplois-vacants<\/span><\/a><span class=\"footnote-back-link-wrapper\">[<a href=\"#identifier_6_29804\" class=\"footnote-link footnote-back-link\">&#8617;<\/a>]<\/span><\/li><li id=\"footnote_7_29804\" class=\"footnote\"><a href=\"https:\/\/www.ouest-france.fr\/leditiondusoir\/2018-09-18\/suffit-il-vraiment-de-traverser-la-rue-pour-trouver-un-emploi-bd842d67-0e1d-4638-9a07-e55adb769c24\"><span style=\"font-size: 10pt;\">https:\/\/www.ouest-france.fr\/leditiondusoir\/2018-09-18\/suffit-il-vraiment-de-traverser-la-rue-pour-trouver-un-emploi-bd842d67-0e1d-4638-9a07-e55adb769c24<\/span><\/a><span class=\"footnote-back-link-wrapper\">[<a href=\"#identifier_7_29804\" class=\"footnote-link footnote-back-link\">&#8617;<\/a>]<\/span><\/li><li id=\"footnote_8_29804\" class=\"footnote\"><span style=\"font-size: 10pt;\"><a href=\"https:\/\/www.20minutes.fr\/economie\/4081831-20240318-jo-paris-2024-encore-milliers-postes-pourvoir-voici-secteurs-recrutent\">https:\/\/www.20minutes.fr\/economie\/4081831-20240318-jo-paris-2024-encore-milliers-postes-pourvoir-voici-secteurs-recrutent<\/a><span style=\"font-size: 12pt;\"><span class=\"footnote-back-link-wrapper\">[<a href=\"#identifier_8_29804\" class=\"footnote-link footnote-back-link\">&#8617;<\/a>]<\/span><\/li><li id=\"footnote_9_29804\" class=\"footnote\">(<a href=\"https:\/\/www.senat.fr\/rap\/l23-128-330\/l23-128-330_mono.html\">https:\/\/www.senat.fr\/rap\/l23-128-330\/l23-128-330_mono.html<\/a>).<span class=\"footnote-back-link-wrapper\">[<a href=\"#identifier_9_29804\" class=\"footnote-link footnote-back-link\">&#8617;<\/a>]<\/span><\/li><\/ol>_______________________","protected":false},"excerpt":{"rendered":"<p>Les gouvernements qui se succ\u00e8dent en France depuis pr\u00e8s d\u2019une cinquantaine d\u2019ann\u00e9es, mettent en \u0153uvre avec plus ou moins d\u2019efficacit\u00e9 des politiques inspir\u00e9es de la pens\u00e9e n\u00e9olib\u00e9rale. Les mesures qui en d\u00e9coulent visent \u00e0 provoquer et entretenir une croissance continue par une politique de l\u2019offre qui rendrait les produits et services fran\u00e7ais comp\u00e9titifs sur leLire la suite &rarr;<script type=\"text\/javascript\"> var tt_store_content = \"En France, il existe deux moyens principaux pour cr\u00e9er ou modifier une loi\\:<br \/>\\<ul\\> \t\\<li\\>le \\<strong\\><span class='tooltipsall tooltip_post_id_6375 classtoolTips9'>projet de loi<\/span>\\<\\\/strong\\>, qui \u00e9mane du gouvernement,\\<\\\/li\\><br \/> \t\\<li\\>la \\<strong\\><span class='tooltipsall tooltip_post_id_6375 classtoolTips9'>proposition de loi<\/span>\\<\\\/strong\\>, qui \u00e9mane d'un ou plusieurs parlementaires\\. &nbsp;\\<\\\/li\\><br \/>\\<\\\/ul\\>\"; toolTips('.classtoolTips9',tt_store_content,'6375'); <\/script><script type=\"text\/javascript\"> var tt_store_content = \"\\<p\\><span class='tooltipsall tooltip_post_id_30440 classtoolTips71'>CAC 40<\/span> \\= principal indice boursier de la Bourse de Paris qui prend en compte la performance des 40 actions des entreprises fran\u00e7aises\u00a0 les plus importantes\\.\\.\\.\\<\\\/p\\>\"; toolTips('.classtoolTips71',tt_store_content,'30440'); <\/script><script type=\"text\/javascript\"> var tt_store_content = \"\\<p\\>CAC 40 \\= principal indice boursier de la Bourse de Paris qui prend en compte la performance des 40 actions des entreprises fran\u00e7aises\u00a0 les plus importantes\\.\\.\\.\\<\\\/p\\>\"; toolTips('.classtoolTips71',tt_store_content,'30440'); <\/script><script type=\"text\/javascript\"> var tt_store_content = \"\\<span class\\='st'\\>L'Institut National de la Statistique et des Etudes Economiques collecte, produit, analyse et diffuse des informations sur l'\u00e9conomie et la soci\u00e9t\u00e9 fran\u00e7aises\\.\\<\\\/span\\>\"; toolTips('.classtoolTips82',tt_store_content,'6978'); <\/script><script type=\"text\/javascript\"> var tt_store_content = \"\\<span class\\='st'\\>L'Institut National de la Statistique et des Etudes Economiques collecte, produit, analyse et diffuse des informations sur l'\u00e9conomie et la soci\u00e9t\u00e9 fran\u00e7aises\\.\\<\\\/span\\>\"; toolTips('.classtoolTips82',tt_store_content,'6978'); <\/script><script type=\"text\/javascript\"> var tt_store_content = \"\\<\/p>\n<p style\\='text\\-align\\: center;'\\>\\<span style\\='font\\-size\\: 14pt;'\\>\\<strong\\>\u00c9\\<\\\/strong\\>tablissement \\<strong\\>P\\<\\\/strong\\>ublic \u00e0 caract\u00e8re \\<strong\\>I\\<\\\/strong\\>ndustriel et \\<strong\\>C\\<\\\/strong\\>ommercial\\<\\\/span\\>\\<\\\/p\\>\"; toolTips('.classtoolTips114',tt_store_content,'5707'); <\/script><script type=\"text\/javascript\"> var tt_store_content = \"\\<\/p>\n<p style\\='text\\-align\\: center;'\\>\\<span style\\='font\\-size\\: 14pt;'\\>\\<strong\\>\u00c9\\<\\\/strong\\>tablissement \\<strong\\>P\\<\\\/strong\\>ublic \u00e0 caract\u00e8re \\<strong\\>I\\<\\\/strong\\>ndustriel et \\<strong\\>C\\<\\\/strong\\>ommercial\\<\\\/span\\>\\<\\\/p\\>\"; toolTips('.classtoolTips114',tt_store_content,'5707'); <\/script><script type=\"text\/javascript\"> var tt_store_content = \"\\<p\\><span class='tooltipsall tooltip_post_id_19394 classtoolTips134'>SAGE<\/span> \\= \\<span class\\='st'\\> sch\u00e9ma d'am\u00e9nagement et de gestion de l'eau\\<\\\/span\\> , c'est un outil de planification qui concerne l'ensemble des eaux situ\u00e9es dans un bassin versant\\<\\\/p\\>\"; toolTips('.classtoolTips134',tt_store_content,'19394'); <\/script><script type=\"text\/javascript\"> var tt_store_content = \"\\<\/p>\n<p style\\='text\\-align\\: center;'\\>\\<strong\\>\\<span style\\='font\\-size\\: 14pt;'\\>S\\<\\\/span\\>\\<\\\/strong\\>\\<span style\\='font\\-size\\: 14pt;'\\>oci\u00e9t\u00e9 d'\\<strong\\>\u00c9\\<\\\/strong\\>conomie \\<strong\\>M\\<\\\/strong\\>ixte\\<\\\/span\\>\\<\\\/p\\><br \/>\\<\/p>\n<p style\\='text\\-align\\: justify;'\\>En France, une soci\u00e9t\u00e9 d'\u00e9conomie mixte est une soci\u00e9t\u00e9 anonyme dont le capital est majoritairement d\u00e9tenu par une ou plusieurs personnes publiques \\(\u00e0 savoir l'\u00c9tat, une Collectivit\u00e9 territoriale, ou tout autre \u00c9tablissement public\\)\\. Cette participation majoritaire publique est plafonn\u00e9e \u00e0 85&nbsp;% du capital depuis la Loi du 2 janvier 2002\\. Au moins une personne priv\u00e9e doit participer au capital de la <span class='tooltipsall tooltip_post_id_7168 classtoolTips142'>SEM<\/span>, sachant qu'il peut s'agir d'une autre SEM\\.\\<\\\/p\\><br \/>\\<\/p>\n<p style\\='text\\-align\\: justify;'\\>\\<strong\\>Le recours \u00e0 la SEM garantit\\<\\\/strong\\> \u00e0 la collectivit\u00e9 publique actionnaire et cocontractante \\<strong\\>la prise en compte effective de l'int\u00e9r\u00eat g\u00e9n\u00e9ral\\<\\\/strong\\> dans les objectifs de l'entreprise \\<strong\\>et la souplesse de la soci\u00e9t\u00e9 de droit priv\u00e9\\<\\\/strong\\>\\.\\<\\\/p\\><br \/>\\<em\\>\\<a href\\='https\\:\\\/\\\/fr\\.wikipedia\\.org\\\/wiki\\\/Soci%C3%A9t%C3%A9_d%27%C3%A9conomie_mixte' target\\='_blank' rel\\='noopener'\\>Voir ici la page Wikipedia consacr\u00e9e aux SEM\\<\\\/a\\> \\<\\\/em\\><\/p>\n<p>&nbsp;\"; toolTips('.classtoolTips142',tt_store_content,'7168'); <\/script><script type=\"text\/javascript\"> var tt_store_content = \"\\<\/p>\n<p style\\='text\\-align\\: center;'\\>\\<strong\\>Aide Personnalis\u00e9e au Logement\\<\\\/strong\\>\\<\\\/p\\>\"; toolTips('.classtoolTips147',tt_store_content,'3595'); <\/script><script type=\"text\/javascript\"> var tt_store_content = \"\\<\/p>\n<p style\\='text\\-align\\: center;'\\>\\<span style\\='font\\-size\\: 14pt;'\\>\\<strong\\>I\\<\\\/strong\\>mp\u00f4t sur la \\<strong\\>F\\<\\\/strong\\>ortune \\<strong\\>I\\<\\\/strong\\>mmobili\u00e8re\\<\\\/span\\>\\<\\\/p\\>\"; toolTips('.classtoolTips148',tt_store_content,'5643'); <\/script><script type=\"text\/javascript\"> var tt_store_content = \"\\<\/p>\n<p style\\='text\\-align\\: center;'\\>\\<strong\\>Imp\u00f4t de Solidarit\u00e9 sur la Fortune\\<\\\/strong\\>\\<\\\/p\\>\"; toolTips('.classtoolTips149',tt_store_content,'3596'); <\/script><script type=\"text\/javascript\"> var tt_store_content = \"\\<\/p>\n<p style\\='text\\-align\\: center;'\\>\\<span style\\='font\\-size\\: 14pt;'\\>\\<strong\\>C\\<\\\/strong\\>ontribution \\<strong\\>S\\<\\\/strong\\>ociale \\<strong\\>G\\<\\\/strong\\>\u00e9n\u00e9ralis\u00e9e\\<\\\/span\\>\\<\\\/p\\><br \/>\\<a href\\='https\\:\\\/\\\/fr\\.wikipedia\\.org\\\/wiki\\\/Contribution_sociale_g%C3%A9n%C3%A9ralis%C3%A9e' target\\='_blank' rel\\='noopener'\\>Acc\u00e9der ici \u00e0 la fiche Wikipedia de la <span class='tooltipsall tooltip_post_id_5647 classtoolTips151'>CSG<\/span>\\<\\\/a\\><br \/>\\<a href\\='http\\:\\\/\\\/www\\.vie\\-publique\\.fr\\\/decouverte\\-institutions\\\/finances\\-publiques\\\/protection\\-sociale\\\/financement\\\/qu\\-est\\-ce\\-que\\-csg\\.html' target\\='_blank' rel\\='noopener'\\>Voir ici la d\u00e9finition de la CSG selon le site vie\\-publique\\.fr\\<\\\/a\\>\"; toolTips('.classtoolTips151',tt_store_content,'5647'); <\/script><script type=\"text\/javascript\"> var tt_store_content = \"\\<\/p>\n<p style\\='text\\-align\\: center;'\\>\\<span style\\='font\\-size\\: 14pt;'\\>\\<strong\\>R\\<\\\/strong\\>evenu de \\<strong\\>S\\<\\\/strong\\>olidarit\u00e9 \\<strong\\>A\\<\\\/strong\\>ctive\\<\\\/span\\>\\<\\\/p\\><br \/>\\<\/p>\n<p style\\='text\\-align\\: justify;'\\>Le revenu de solidarit\u00e9 active est une prestation sociale fran\u00e7aise, g\u00e9r\u00e9e par les conseils d\u00e9partementaux, vers\u00e9e par les <span class='tooltipsall tooltip_post_id_5652 classtoolTips155'>CAF<\/span> et les MSA et destin\u00e9e \u00e0 garantir \u00e0 ses b\u00e9n\u00e9ficiaires, qu'ils aient ou non la capacit\u00e9 de travailler, un revenu minimum, avec en contrepartie une obligation de chercher un emploi ou de d\u00e9finir et suivre un projet professionnel visant \u00e0 am\u00e9liorer sa situation financi\u00e8re\\.\\<\\\/p\\><br \/>\\<\/p>\n<p style\\='text\\-align\\: justify;'\\>Cette prestation sociale a \u00e9t\u00e9 mise en place en 2009, en remplacement du RMI \\(revenu minimum d'insertion\\), mis en place en 1988\\.\\<\\\/p\\><br \/>\\<\/p>\n<p style\\='text\\-align\\: justify;'\\>En 2016, 2,5 millions de personnes \u00e9taient b\u00e9n\u00e9ficiaires du <span class='tooltipsall tooltip_post_id_5651 classtoolTips154'>RSA<\/span>\\.\\<\\\/p\\><br \/>\\<em\\>\\<a href\\='https\\:\\\/\\\/fr\\.wikipedia\\.org\\\/wiki\\\/Revenu_de_solidarit%C3%A9_active' target\\='_blank' rel\\='noopener'\\>Acc\u00e9der ici \u00e0 la fiche Wikipedia traitant du RSA\\<\\\/a\\><br \/>\\<a href\\='https\\:\\\/\\\/www\\.insee\\.fr\\\/fr\\\/metadonnees\\\/definition\\\/c1718' target\\='_blank' rel\\='noopener'\\>Acc\u00e9der ici \u00e0 la d\u00e9finition du RSA fournie par l'<span class='tooltipsall tooltip_post_id_6978 classtoolTips82'>INSEE<\/span>\\<\\\/a\\>\\<\\\/em\\>\"; toolTips('.classtoolTips154',tt_store_content,'5651'); <\/script><script type=\"text\/javascript\"> var tt_store_content = \"\\<\/p>\n<p style\\='text\\-align\\: center;'\\>\\<span style\\='font\\-size\\: 14pt;'\\>\\<strong\\>R\\<\\\/strong\\>\u00e9pertoire \\<strong\\>N\\<\\\/strong\\>ational des \\<strong\\>A\\<\\\/strong\\>ssociations\\<\\\/span\\>\\<\\\/p\\>\"; toolTips('.classtoolTips159',tt_store_content,'24374'); <\/script><script type=\"text\/javascript\"> var tt_store_content = \"\\<\/p>\n<p style\\='text\\-align\\: center;'\\>\\<strong\\>\\<span style\\='font\\-size\\: 14pt;'\\>G\\<\\\/span\\>\\<\\\/strong\\>\\<span style\\='font\\-size\\: 14pt;'\\>az \u00e0 \\<strong\\>E\\<\\\/strong\\>ffet de \\<strong\\>S\\<\\\/strong\\>erre\\<\\\/span\\>\\<\\\/p\\><br \/>\\<\/p>\n<p style\\='text\\-align\\: justify;'\\>Les gaz \u00e0 effet de serre \\(<span class='tooltipsall tooltip_post_id_7232 classtoolTips161'>GES<\/span>\\) sont des composants gazeux qui absorbent le rayonnement infrarouge \u00e9mis par la surface terrestre et contribuent \u00e0 l'effet de serre\\. L'augmentation de leur concentration dans l'atmosph\u00e8re terrestre est l'un des facteurs \u00e0 l'origine du r\u00e9chauffement climatique\\.\\<\\\/p\\><br \/>\\<a href\\='https\\:\\\/\\\/fr\\.wikipedia\\.org\\\/wiki\\\/Gaz_%C3%A0_effet_de_serre' target\\='_blank' rel\\='noopener'\\>\\<em\\>Voir ici la fiche Wikipedia sur les gaz \u00e0 effet de serre\\<\\\/em\\>\\<\\\/a\\>\"; toolTips('.classtoolTips161',tt_store_content,'7232'); <\/script><script type=\"text\/javascript\"> var tt_store_content = \"\\<\/p>\n<p style\\='text\\-align\\: justify'\\>La \u00ab\u00a0\\<b\\>programmation pluriannuelle de l'\u00e9nergie\\<\\\/b\\>\u00a0\u00bb \\(<span class='tooltipsall tooltip_post_id_7750 classtoolTips164'>PPE<\/span>\\) est, en France, un document strat\u00e9gique de pilotage de la transition \u00e9nerg\u00e9tique\\. Institu\u00e9e par l'article 176 de la \\<a title\\='Loi relative \u00e0 la transition \u00e9nerg\u00e9tique pour la croissance verte' href\\='https\\:\\\/\\\/fr\\.wikipedia\\.org\\\/wiki\\\/Loi_relative_%C3%A0_la_transition_%C3%A9nerg%C3%A9tique_pour_la_croissance_verte'\\>loi de transition \u00e9nerg\u00e9tique\\<\\\/a\\> \\(TECV\\), elle fixe une trajectoire pour le \\<a title\\='Mix \u00e9nerg\u00e9tique' href\\='https\\:\\\/\\\/fr\\.wikipedia\\.org\\\/wiki\\\/Mix_%C3%A9nerg%C3%A9tique'\\>mix \u00e9nerg\u00e9tique\\<\\\/a\\>, ainsi que \\<span class\\='citation'\\>\u00ab\u00a0les priorit\u00e9s d'action pour la gestion de l\u2019ensemble des formes d'\u00e9nergie sur le territoire m\u00e9tropolitain continental, afin d\u2019atteindre les objectifs nationaux fix\u00e9s par la loi\u00a0\u00bb\\<\\\/span\\>\\. \\(Wikip\u00e9dia\\)\\<\\\/p\\>\"; toolTips('.classtoolTips164',tt_store_content,'7750'); <\/script><script type=\"text\/javascript\"> var tt_store_content = \"\\<\/p>\n<p style\\='text\\-align\\: justify'\\>La \u00ab\u00a0\\<b\\>programmation pluriannuelle de l'\u00e9nergie\\<\\\/b\\>\u00a0\u00bb \\(PPE\\) est, en France, un document strat\u00e9gique de pilotage de la transition \u00e9nerg\u00e9tique\\. Institu\u00e9e par l'article 176 de la \\<a title\\='Loi relative \u00e0 la transition \u00e9nerg\u00e9tique pour la croissance verte' href\\='https\\:\\\/\\\/fr\\.wikipedia\\.org\\\/wiki\\\/Loi_relative_%C3%A0_la_transition_%C3%A9nerg%C3%A9tique_pour_la_croissance_verte'\\>loi de transition \u00e9nerg\u00e9tique\\<\\\/a\\> \\(TECV\\), elle fixe une trajectoire pour le \\<a title\\='Mix \u00e9nerg\u00e9tique' href\\='https\\:\\\/\\\/fr\\.wikipedia\\.org\\\/wiki\\\/Mix_%C3%A9nerg%C3%A9tique'\\>mix \u00e9nerg\u00e9tique\\<\\\/a\\>, ainsi que \\<span class\\='citation'\\>\u00ab\u00a0les priorit\u00e9s d'action pour la gestion de l\u2019ensemble des formes d'\u00e9nergie sur le territoire m\u00e9tropolitain continental, afin d\u2019atteindre les objectifs nationaux fix\u00e9s par la loi\u00a0\u00bb\\<\\\/span\\>\\. \\(Wikip\u00e9dia\\)\\<\\\/p\\>\"; toolTips('.classtoolTips164',tt_store_content,'7750'); <\/script><script type=\"text\/javascript\"> var tt_store_content = \"\\<\/p>\n<p style\\='text\\-align\\: justify;'\\>Le Conseil d'Orientation des Retraites est une instance qui r\u00e9unit &nbsp;\\<span class\\='st'\\>les principaux acteurs du champ des retraites\\<\\\/span\\> et effectue un travail d'\u00e9tudes et de concertation\\. Compos\u00e9 de parlementaires, de repr\u00e9sentants des organisations professionnelles et syndicales, des retrait\u00e9s et des familles, de membres de l'administration et d'experts, le Conseil d'orientation des retraites \\(<span class='tooltipsall tooltip_post_id_7751 classtoolTips165'>COR<\/span>\\) est plac\u00e9 aupr\u00e8s du Premier ministre\\.\\<\\\/p\\>\"; toolTips('.classtoolTips165',tt_store_content,'7751'); <\/script><script type=\"text\/javascript\"> var tt_store_content = \"Energies Renouvelables\"; toolTips('.classtoolTips167',tt_store_content,'7758'); <\/script><script type=\"text\/javascript\"> var tt_store_content = \"Energies Renouvelables\"; toolTips('.classtoolTips167',tt_store_content,'7758'); <\/script><script type=\"text\/javascript\"> var tt_store_content = \"\\<\/p>\n<p style\\='text\\-align\\: center;'\\>\\<span style\\='font\\-size\\: 14pt;'\\>\\<strong\\>O\\<\\\/strong\\>rganisation \\<strong\\>M\\<\\\/strong\\>\u00e9t\u00e9orologique \\<strong\\>M\\<\\\/strong\\>ondiale<br \/>\\<strong\\>W\\<\\\/strong\\>orld \\<strong\\>M\\<\\\/strong\\>eteorological \\<strong\\>O\\<\\\/strong\\>rganization\\<\\\/span\\>\\<\\\/p\\><br \/>&nbsp;<\/p>\n<p>\\<a href\\='https\\:\\\/\\\/public\\.wmo\\.int\\\/fr' target\\='_blank' rel\\='noopener'\\>\\<em\\>Acc\u00e9der ici au site de l'organisation\\<\\\/em\\>\\<\\\/a\\>\"; toolTips('.classtoolTips168',tt_store_content,'7763'); <\/script><script type=\"text\/javascript\"> var tt_store_content = \"\\<\/p>\n<p style\\='text\\-align\\: center;'\\>\\<span style\\='font\\-size\\: 14pt;'\\>\\<strong\\>\u00c9\\<\\\/strong\\>cole \\<strong\\>N\\<\\\/strong\\>ationale d'\\<strong\\>A\\<\\\/strong\\>dministration\\<\\\/span\\>\\<\\\/p\\>\"; toolTips('.classtoolTips170',tt_store_content,'5213'); <\/script><script type=\"text\/javascript\"> var tt_store_content = \"\\<\/p>\n<p style\\='text\\-align\\: center;'\\>\\<span style\\='font\\-size\\: 14pt;'\\>\u00c9cole des<br \/>\\<strong\\>H\\<\\\/strong\\>autes \\<strong\\>\u00c9\\<\\\/strong\\>tudes \\<strong\\>C\\<\\\/strong\\>ommerciales\\<\\\/span\\>\\<\\\/p\\>\"; toolTips('.classtoolTips171',tt_store_content,'5214'); <\/script><script type=\"text\/javascript\"> var tt_store_content = \"\\<\/p>\n<p style\\='text\\-align\\: justify'\\>\\<span class\\='ILfuVd'\\>La politique agricole commune \\(\\<b\\><span class='tooltipsall tooltip_post_id_11364 classtoolTips174'>PAC<\/span>\\<\\\/b\\>\\) est une politique mise en place \u00e0 l'\u00e9chelle de l'Union europ\u00e9enne\\. \u00c0 l'origine, elle est fond\u00e9e principalement sur des mesures de contr\u00f4le des prix et de subventionnement, visant \u00e0 moderniser et d\u00e9velopper l'agriculture\\.\\<\\\/span\\> \\(source Wikipedia\\)\\<\\\/p\\>\"; toolTips('.classtoolTips174',tt_store_content,'11364'); <\/script><script type=\"text\/javascript\"> var tt_store_content = \"\\<\/p>\n<p style\\='text\\-align\\: center;'\\>\\<span style\\='font\\-size\\: 14pt;'\\>\\<strong\\>P\\<\\\/strong\\>\\<\\\/span\\>\\<span style\\='font\\-size\\: 14pt;'\\>lan \\<strong\\>L\\<\\\/strong\\>\\<\\\/span\\>\\<span style\\='font\\-size\\: 14pt;'\\>ocal d'\\<strong\\>U\\<\\\/strong\\>\\<\\\/span\\>\\<span style\\='font\\-size\\: 14pt;'\\>rbanisme\\<\\\/span\\>\\<\\\/p\\><br \/>&nbsp;\"; toolTips('.classtoolTips176',tt_store_content,'4979'); <\/script><script type=\"text\/javascript\"> var tt_store_content = \"\\<p\\>Conseil \u00c9conomique et Social\\<\\\/p\\>\"; toolTips('.classtoolTips180',tt_store_content,'29829'); <\/script><script type=\"text\/javascript\"> var tt_store_content = \"\\<\/p>\n<p style\\='text\\-align\\: center;'\\>\\<span style\\='font\\-size\\: 14pt;'\\>\\<strong\\>H\\<\\\/strong\\>ydrocarbure \\<strong\\>A\\<\\\/strong\\>romatique \\<strong\\>P\\<\\\/strong\\>olycyclique\\<\\\/span\\>\\<\\\/p\\><br \/>\\<\/p>\n<p style\\='text\\-align\\: justify;'\\>Depuis de nombreuses ann\u00e9es, les <span class='tooltipsall tooltip_post_id_20397 classtoolTips184'>HAP<\/span> sont tr\u00e8s \u00e9tudi\u00e9s car ce sont des compos\u00e9s pr\u00e9sents dans tous les milieux environnementaux et qui montrent une forte toxicit\u00e9\\. On a pu \u00e9tablir la canc\u00e9rog\u00e9n\u00e8se de certains HPA, tels que le Benzo\\[a\\]anthrac\u00e8ne, le Chrys\u00e8ne et d'autres\\.\\<\\\/p\\><br \/>\\<\/p>\n<p style\\='text\\-align\\: justify;'\\>Les HAP proviennent principalement de la combustion \u00e0 haute temp\u00e9rature \\(500\u00b0 C et plus\\) de mati\u00e8res fossiles telles que le bois, le charbon et le p\u00e9trole\\. Dans l'environnement, la production de HAP provient donc&nbsp; du chauffage domestique, de la circulation automobile, des centrales \u00e9lectriques fonctionnant au charbon ou au p\u00e9trole \\('fioul'\\), ainsi que des incin\u00e9rateurs\\.\\<\\\/p\\><br \/>\\<p\\>\\<a href\\='https\\:\\\/\\\/fr\\.wikipedia\\.org\\\/wiki\\\/Hydrocarbure_aromatique_polycyclique' target\\='_blank' rel\\='noopener noreferrer'\\>\\<em\\>Voir ici l'article Wikipedia consacr\u00e9 aux HAP\\<\\\/em\\>\\<\\\/a\\>\\<\\\/p\\>\"; toolTips('.classtoolTips184',tt_store_content,'20397'); <\/script><script type=\"text\/javascript\"> var tt_store_content = \"\\<\/p>\n<p style\\='text\\-align\\: center;'\\>\\<span style\\='font\\-size\\: 14pt;'\\>\\<strong\\>A\\<\\\/strong\\>gence \\<strong\\>R\\<\\\/strong\\>\u00e9gionale de \\<strong\\>S\\<\\\/strong\\>ant\u00e9\\<\\\/span\\>\\<\\\/p\\>\"; toolTips('.classtoolTips188',tt_store_content,'18356'); <\/script><script type=\"text\/javascript\"> var tt_store_content = \"\\<\/p>\n<p style\\='text\\-align\\: center;'\\>\\<span style\\='font\\-size\\: 14pt;'\\>\\<strong\\>G\\<\\\/strong\\>roupement \\<strong\\>H\\<\\\/strong\\>ospitalier de \\<strong\\>T\\<\\\/strong\\>erritoire\\<\\\/span\\>\\<\\\/p\\><br \/>\\<\/p>\n<p style\\='text\\-align\\: justify;'\\>Les groupements hospitaliers de territoires, dispositif pr\u00e9vu par la loi de sant\u00e9 2016, sont un nouveau mode de coop\u00e9ration entre les \u00e9tablissements publics de sant\u00e9 \u00e0 l\u2019\u00e9chelle d\u2019un territoire\\<\\\/p\\>\"; toolTips('.classtoolTips189',tt_store_content,'18358'); <\/script><script type=\"text\/javascript\"> var tt_store_content = \"\\<\/p>\n<p style\\='text\\-align\\: center;'\\>\\<span style\\='font\\-size\\: 14pt;'\\>\\<strong\\>C\\<\\\/strong\\>omit\u00e9 \\<strong\\>T\\<\\\/strong\\>echnique d'\\<strong\\>\u00c9\\<\\\/strong\\>tablissement\\<\\\/span\\>\\<\\\/p\\>\"; toolTips('.classtoolTips191',tt_store_content,'18359'); <\/script><script type=\"text\/javascript\"> var tt_store_content = \"\\<\/p>\n<p style\\='text\\-align\\: center;'\\>\\<strong\\>\\<span style\\='font\\-size\\: 14pt;'\\>P\\<\\\/span\\>\\<\\\/strong\\>\\<span style\\='font\\-size\\: 14pt;'\\>rogrammation \\<strong\\>P\\<\\\/strong\\>luri\\-annuelle de l'\\<strong\\>\u00c9\\<\\\/strong\\>nergie\\<\\\/span\\>\\<\\\/p\\><br \/>La PPE est est en France un document strat\u00e9gique de pilotage de la transition \u00e9nerg\u00e9tique\\. Institu\u00e9e par l'article 176 de la loi transition \u00e9nerg\u00e9tique \\(TECV\\)\\. Elle fixe \\(par \u00e9nergie\\) une trajectoire pour le mix \u00e9nerg\u00e9tique, ainsi que \u00ab&nbsp;\\<em\\>les priorit\u00e9s d'action pour la gestion de l\u2019ensemble des formes d'\u00e9nergie sur le territoire m\u00e9tropolitain continental, afin d\u2019atteindre les objectifs nationaux fix\u00e9s par la loi\\<\\\/em\\>&nbsp;\u00bb\\.<\/p>\n<p>Initi\u00e9e en 2016, elle est r\u00e9vis\u00e9e en 2018 puis ensuite tous les 5 ans\\.<\/p>\n<p>\\<a href\\='https\\:\\\/\\\/fr\\.wikipedia\\.org\\\/wiki\\\/Programmation_pluriannuelle_de_l'\u00e9nergi' target\\='_blank' rel\\='noopener'\\>\\<em\\>Voir ici la page Wikipedia consacr\u00e9e \u00e0 la PPE\\<\\\/em\\>\\<\\\/a\\><br \/>\\<a href\\='https\\:\\\/\\\/ppe\\.debatpublic\\.fr\\\/' target\\='_blank' rel\\='noopener'\\>\\<em\\>Voir ici la page du site 'Commission du D\u00e9bat Public' consacr\u00e9e \u00e0 la PPE\\<\\\/em\\>\\<\\\/a\\>\"; toolTips('.classtoolTips193',tt_store_content,'7102'); <\/script><script type=\"text\/javascript\"> var tt_store_content = \"\\<\/p>\n<p style\\='text\\-align\\: center;'\\>\\<span style\\='font\\-size\\: 14pt;'\\>\\<strong\\>E\\<\\\/strong\\>volutionary \\<strong\\>P\\<\\\/strong\\>ower \\<strong\\>R\\<\\\/strong\\>eactor\\<\\\/span\\>\\<\\\/p\\><br \/>\\<\/p>\n<p style\\='text\\-align\\: justify;'\\>R\u00e9acteur nucl\u00e9aire de troisi\u00e8me g\u00e9n\u00e9ration \\(classification internationale\\), con\u00e7u et d\u00e9velopp\u00e9 par <span class='tooltipsall tooltip_post_id_5121 classtoolTips35'>Areva NP<\/span>&nbsp; au cours des ann\u00e9es 1990 et 2000\\. Il fait partie de la fili\u00e8re des r\u00e9acteurs \u00e0 eau pressuris\u00e9e\\.\\<\\\/p\\><br \/>\\<a href\\='https\\:\\\/\\\/fr\\.wikipedia\\.org\\\/wiki\\\/R%C3%A9acteur_pressuris%C3%A9_europ%C3%A9en' target\\='_blank' rel\\='noopener'\\>\\<em\\>Voir ici la fiche Wikipedia <span class='tooltipsall tooltip_post_id_5579 classtoolTips196'>EPR<\/span>\\<\\\/em\\>\\<\\\/a\\>\"; toolTips('.classtoolTips196',tt_store_content,'5579'); <\/script><script type=\"text\/javascript\"> var tt_store_content = \"\\<\/p>\n<p style\\='text\\-align\\: center;'\\>\\<strong\\>R\\<\\\/strong\\>\u00e9seau \\<strong\\>A\\<\\\/strong\\>ction \\<strong\\>C\\<\\\/strong\\>limat\\<\\\/p\\><br \/>Le r\u00e9seau Action Climat '\\<em\\>f\u00e9d\u00e8re les associations impliqu\u00e9es dans la lutte contre les changements climatiques et pour une transition \u00e9cologique, solidaire et \u00e9quitable\\<\\\/em\\>'\\.<\/p>\n<p>\\<a href\\='https\\:\\\/\\\/reseauactionclimat\\.org\\\/' target\\='_blank' rel\\='noopener'\\>Voir le site du <span class='tooltipsall tooltip_post_id_4309 classtoolTips200'>RAC<\/span>\\<\\\/a\\>\"; toolTips('.classtoolTips200',tt_store_content,'4309'); <\/script><script type=\"text\/javascript\"> var tt_store_content = \"\\<\/p>\n<p style\\='text\\-align\\: center;'\\>\\<strong\\>\\<span style\\='font\\-size\\: 14pt;'\\>R\\<\\\/span\\>\\<\\\/strong\\>\\<span style\\='font\\-size\\: 14pt;'\\>eferendum d'\\<strong\\>I\\<\\\/strong\\>nitiative \\<strong\\>C\\<\\\/strong\\>itoyenne\\<\\\/span\\>\\<\\\/p\\>\"; toolTips('.classtoolTips205',tt_store_content,'12268'); <\/script><script type=\"text\/javascript\"> var tt_store_content = \"\\<p\\><span class='tooltipsall tooltip_post_id_25844 classtoolTips208'>RTE<\/span> \\= R\u00e9seau de Transport d'Electricit\u00e9 est une filiale d'<span class='tooltipsall tooltip_post_id_7035 classtoolTips178'>EDF<\/span> qui est l'actionnaire majoritaire avec 50,1% des parts le reste \u00e9tant partag\u00e9 par la CDC et la CNP\\<\\\/p\\>\"; toolTips('.classtoolTips208',tt_store_content,'25844'); <\/script><script type=\"text\/javascript\"> var tt_store_content = \"\\<\/p>\n<p style\\='text\\-align\\: center;'\\>\\<span style\\='font\\-size\\: 14pt;'\\>\\<strong\\>O\\<\\\/strong\\>rganisation\\<strong\\> N\\<\\\/strong\\>on\\<strong\\> G\\<\\\/strong\\>ouvernementale\\<\\\/span\\>\\<\\\/p\\><br \/>Une organisation non gouvernementale \\(<span class='tooltipsall tooltip_post_id_3579 classtoolTips210'>ONG<\/span>\\) est une \\<a title\\='Association \u00e0 but non lucratif' href\\='https\\:\\\/\\\/fr\\.wikipedia\\.org\\\/wiki\\\/Association_%C3%A0_but_non_lucratif' target\\='_blank' rel\\='noopener'\\>association \u00e0 but non lucratif\\<\\\/a\\>, d'int\u00e9r\u00eat public, qui ne rel\u00e8ve ni de l'\u00c9tat, ni d'institutions internationales\\<sup id\\='cite_ref\\-novethic_1\\-0' class\\='reference'\\>\\<\\\/sup\\>\\. Les ONG n'ont pas le statut de sujet de \\<a title\\='Droit international public' href\\='https\\:\\\/\\\/fr\\.wikipedia\\.org\\\/wiki\\\/Droit_international_public' target\\='_blank' rel\\='noopener'\\>droit international\\<\\\/a\\>\\.\"; toolTips('.classtoolTips210',tt_store_content,'3579'); <\/script><script type=\"text\/javascript\"> var tt_store_content = \"\\<\/p>\n<p style\\='text\\-align\\: center;'\\>\\<span style\\='font\\-size\\: 14pt;'\\>\\<strong\\>O\\<\\\/strong\\>rganisation\\<strong\\> N\\<\\\/strong\\>on\\<strong\\> G\\<\\\/strong\\>ouvernementale\\<\\\/span\\>\\<\\\/p\\><br \/>Une organisation non gouvernementale \\(ONG\\) est une \\<a title\\='Association \u00e0 but non lucratif' href\\='https\\:\\\/\\\/fr\\.wikipedia\\.org\\\/wiki\\\/Association_%C3%A0_but_non_lucratif' target\\='_blank' rel\\='noopener'\\>association \u00e0 but non lucratif\\<\\\/a\\>, d'int\u00e9r\u00eat public, qui ne rel\u00e8ve ni de l'\u00c9tat, ni d'institutions internationales\\<sup id\\='cite_ref\\-novethic_1\\-0' class\\='reference'\\>\\<\\\/sup\\>\\. Les ONG n'ont pas le statut de sujet de \\<a title\\='Droit international public' href\\='https\\:\\\/\\\/fr\\.wikipedia\\.org\\\/wiki\\\/Droit_international_public' target\\='_blank' rel\\='noopener'\\>droit international\\<\\\/a\\>\\.\"; toolTips('.classtoolTips210',tt_store_content,'3579'); <\/script><script type=\"text\/javascript\"> var tt_store_content = \"\\<p\\><span class='tooltipsall tooltip_post_id_24572 classtoolTips211'>MIT<\/span> \\= Massachussets Institute of Technology, prestigieuse universit\u00e9 am\u00e9ricaine de la c\u00f4te est\\<\\\/p\\>\"; toolTips('.classtoolTips211',tt_store_content,'24572'); <\/script><script type=\"text\/javascript\"> var tt_store_content = \"\\<\/p>\n<p style\\='text\\-align\\: center;'\\>\\<strong\\>J\\<\\\/strong\\>eux \\<strong\\>O\\<\\\/strong\\>lympiques<br \/>ou<br \/>\\<strong\\>J\\<\\\/strong\\>ournal \\<strong\\>O\\<\\\/strong\\>fficiel de la R\u00e9publique Fran\u00e7aise\\<\\\/p\\>\"; toolTips('.classtoolTips213',tt_store_content,'4451'); <\/script><script type=\"text\/javascript\"> var tt_store_content = \"\\<p\\><span class='tooltipsall tooltip_post_id_30593 classtoolTips214'>RN<\/span> \\= Rassemble National, c'est le parti d'extr\u00eame droite de Marine Le Pen qui succ\u00e8de au FN \\= Front National fond\u00e9 par son p\u00e8re Jean Marie Le Pen\\<\\\/p\\>\"; toolTips('.classtoolTips214',tt_store_content,'30593'); <\/script><script type=\"text\/javascript\"> var tt_store_content = \"\\<\/p>\n<p style\\='text\\-align\\: center;'\\>\\<span style\\='font\\-size\\: 14pt;'\\>\\<strong\\>C\\<\\\/strong\\>entre \\<strong\\>H\\<\\\/strong\\>ospitalier\\<\\\/span\\>\\<\\\/p\\>\"; toolTips('.classtoolTips220',tt_store_content,'18357'); <\/script><script type=\"text\/javascript\"> var tt_store_content = \"\\<p\\>D\u00e9chets radioactifs \u00e0 Haute Activit\u00e9 \\(classement <span class='tooltipsall tooltip_post_id_3612 classtoolTips79'>ANDRA<\/span>\\)\\<\\\/p\\>\"; toolTips('.classtoolTips223',tt_store_content,'19196'); <\/script><\/p>\n","protected":false},"author":52,"featured_media":0,"comment_status":"open","ping_status":"open","sticky":false,"template":"","format":"standard","meta":{"_acf_changed":false,"ngg_post_thumbnail":0,"_jetpack_memberships_contains_paid_content":false,"footnotes":""},"categories":[6,9,170,98,5,16,27],"tags":[],"coauthors":[253],"class_list":["post-29804","post","type-post","status-publish","format-standard","hentry","category-actu","category-actu_gen","category-rub_pol_citoyennete","category-rub_pol_economie","category-rub_pol","category-rub_pol_revenu_de_base","category-rub","edition-edi_00108","type_art-type_art_article","dossier-dossiers_changer_les_institutions","no-thumb"],"acf":[],"jetpack_featured_media_url":"","jetpack_sharing_enabled":true,"jetpack_shortlink":"https:\/\/wp.me\/p9B5TM-7KI","_links":{"self":[{"href":"https:\/\/le-clairon-nouveau.fr\/wordpress\/wp-json\/wp\/v2\/posts\/29804","targetHints":{"allow":["GET"]}}],"collection":[{"href":"https:\/\/le-clairon-nouveau.fr\/wordpress\/wp-json\/wp\/v2\/posts"}],"about":[{"href":"https:\/\/le-clairon-nouveau.fr\/wordpress\/wp-json\/wp\/v2\/types\/post"}],"author":[{"embeddable":true,"href":"https:\/\/le-clairon-nouveau.fr\/wordpress\/wp-json\/wp\/v2\/users\/52"}],"replies":[{"embeddable":true,"href":"https:\/\/le-clairon-nouveau.fr\/wordpress\/wp-json\/wp\/v2\/comments?post=29804"}],"version-history":[{"count":0,"href":"https:\/\/le-clairon-nouveau.fr\/wordpress\/wp-json\/wp\/v2\/posts\/29804\/revisions"}],"wp:attachment":[{"href":"https:\/\/le-clairon-nouveau.fr\/wordpress\/wp-json\/wp\/v2\/media?parent=29804"}],"wp:term":[{"taxonomy":"category","embeddable":true,"href":"https:\/\/le-clairon-nouveau.fr\/wordpress\/wp-json\/wp\/v2\/categories?post=29804"},{"taxonomy":"post_tag","embeddable":true,"href":"https:\/\/le-clairon-nouveau.fr\/wordpress\/wp-json\/wp\/v2\/tags?post=29804"},{"taxonomy":"author","embeddable":true,"href":"https:\/\/le-clairon-nouveau.fr\/wordpress\/wp-json\/wp\/v2\/coauthors?post=29804"}],"curies":[{"name":"wp","href":"https:\/\/api.w.org\/{rel}","templated":true}]}}