{"id":30402,"date":"2024-09-12T17:45:42","date_gmt":"2024-09-12T15:45:42","guid":{"rendered":"https:\/\/le-clairon-nouveau.fr\/wordpress\/?p=30402"},"modified":"2024-09-22T07:37:07","modified_gmt":"2024-09-22T05:37:07","slug":"trois-deputes-dextreme-droite","status":"publish","type":"post","link":"https:\/\/le-clairon-nouveau.fr\/wordpress\/blog\/2024\/09\/12\/trois-deputes-dextreme-droite\/","title":{"rendered":"TROIS D\u00c9PUTES D\u2019EXTREME-DROITE"},"content":{"rendered":"<p style=\"text-align: center\"><img data-recalc-dims=\"1\" loading=\"lazy\" decoding=\"async\" class=\" wp-image-30403 aligncenter\" src=\"https:\/\/i0.wp.com\/le-clairon-nouveau.fr\/wordpress\/wp-content\/uploads\/2024\/09\/Mairie-Image-par-Fabien-de-Pixabay.jpg?resize=708%2C470&#038;ssl=1\" alt=\"\" width=\"708\" height=\"470\" srcset=\"https:\/\/i0.wp.com\/le-clairon-nouveau.fr\/wordpress\/wp-content\/uploads\/2024\/09\/Mairie-Image-par-Fabien-de-Pixabay.jpg?resize=300%2C199&amp;ssl=1 300w, https:\/\/i0.wp.com\/le-clairon-nouveau.fr\/wordpress\/wp-content\/uploads\/2024\/09\/Mairie-Image-par-Fabien-de-Pixabay.jpg?resize=1024%2C678&amp;ssl=1 1024w, https:\/\/i0.wp.com\/le-clairon-nouveau.fr\/wordpress\/wp-content\/uploads\/2024\/09\/Mairie-Image-par-Fabien-de-Pixabay.jpg?resize=768%2C509&amp;ssl=1 768w, https:\/\/i0.wp.com\/le-clairon-nouveau.fr\/wordpress\/wp-content\/uploads\/2024\/09\/Mairie-Image-par-Fabien-de-Pixabay.jpg?resize=272%2C182&amp;ssl=1 272w, https:\/\/i0.wp.com\/le-clairon-nouveau.fr\/wordpress\/wp-content\/uploads\/2024\/09\/Mairie-Image-par-Fabien-de-Pixabay.jpg?w=1280&amp;ssl=1 1280w\" sizes=\"auto, (max-width: 708px) 100vw, 708px\" \/><span style=\"font-size: 8pt\"><em><strong>Sur les meurs des mairies du nord au sud (Mairie (Image par Fabien de Pixabay)<\/strong><\/em><\/span><\/p>\n<p style=\"text-align: justify\"><em><strong>Les trois d\u00e9put\u00e9s Rassemblement National (<span class='tooltipsall tooltip_post_id_30593 classtoolTips214'>RN<\/span>) de l\u2019Aude, \u00e9lus depuis 2022, refusent avec v\u00e9h\u00e9mence l\u2019\u00e9tiquette d\u2019extr\u00eame-droite.<\/strong><\/em><\/p>\n<p style=\"text-align: justify\">Christophe Barth\u00e8s, Fr\u00e9d\u00e9<span class='tooltipsall tooltip_post_id_12268 classtoolTips205'>ric<\/span> Falcon et Julien Rancoule ont notamment d\u00e9pos\u00e9 une plainte pour \u00ab\u00a0<span style=\"text-decoration: underline\">diffamation publique en raison de ses fonctions envers un citoyen membre d&rsquo;une chambre<\/span>\u00a0\u00bb contre Herv\u00e9 Baro, vice pr\u00e9sident du conseil d\u00e9partemental de l\u2019Aude et Kattalin Fortun\u00e9 conseill\u00e8re d\u00e9partementale d\u00e9l\u00e9gu\u00e9e. Ceux-ci avaient \u00e9crit sur un r\u00e9seau social le 15 ao\u00fbt 2022 :\u00a0<\/p>\n<p style=\"text-align: justify;padding-left: 40px\"><em>Nous \u00e9tions hier \u00e0 la comm\u00e9moration de l\u2019assassinat des 4 r\u00e9sistants du maquis de Fa\u00efta, en pr\u00e9sence de 2 anciens r\u00e9sistants: Jean Tailhan et Joseph Fernandez. Le repr\u00e9sentant de l\u2019Association nationale des anciens combattants et amis de la R\u00e9sistance (ANACR) Patrick Bacot, a fait un discours dont voici quelques extraits:<\/em><\/p>\n<p style=\"text-align: justify;padding-left: 40px\">\u00ab<em>Fran\u00e7ais, espagnols, italiens, am\u00e9ricains, mais aussi allemands bannis et exil\u00e9s des premi\u00e8res heures, du nazisme, africains de toutes les latitudes, ils brandissaient ce drapeau, celui de la R\u00e9publique universaliste, affirmant les principes de libert\u00e9, d&rsquo;\u00e9galit\u00e9 et de fraternit\u00e9.<\/em> \u00bb<\/p>\n<p style=\"text-align: justify;padding-left: 40px\">\u00ab <em>77 ans apr\u00e8s la fin de la guerre, force est de constater que notre monde est fort loin des aspirations des peuples \u00e0 la solidarit\u00e9 et \u00e0 la fraternit\u00e9, \u00e0 un monde en paix tel que l&rsquo;avaient con\u00e7u les 51 pays fondateurs de l&rsquo;ONU, \u00e0 une soci\u00e9t\u00e9 humaniste, d\u00e9mocratique et solidaire dans laquelle l&rsquo;int\u00e9r\u00eat g\u00e9n\u00e9ral primerait sur les int\u00e9r\u00eats particuliers ainsi que l&rsquo;avait exprim\u00e9 le conseil national de la r\u00e9sistance le 15 mars 1944 dans son programme<\/em>. \u00bb<\/p>\n<p style=\"text-align: justify;padding-left: 40px\">\u00ab <em>Le racisme, la mont\u00e9e des int\u00e9grismes, des exclusions, en France et dans quasiment tous les pays, s&rsquo;accompagne d&rsquo;une d\u00e9marche n\u00e9gationiste de r\u00e9habilitation des r\u00e9gimes collaborateurs des nazis, tel qu&rsquo;en France le r\u00e9gime p\u00e9tainiste.<\/em> \u00bb<\/p>\n<p style=\"text-align: justify;padding-left: 40px\">\u00ab <em>Ce contexte d\u00e9coule largement d&rsquo;une m\u00e9connaissance de l&rsquo;histoire qui favorise le regain des id\u00e9ologies fascisantes [\u2026] de l&rsquo;extr\u00eame droite, qui sont bas\u00e9s sur cette ignorance et qui se permettent d&rsquo;\u00e9noncer de monstrueuses contre-v\u00e9rit\u00e9s historiques.<\/em> \u00bb<\/p>\n<p style=\"padding-left: 40px\"><em>\u2026 comme le font les 3 d\u00e9put\u00e9s RN de l\u2019Aude.<\/em><\/p>\n<p style=\"padding-left: 40px;text-align: justify\"><em>Ne vous y trompez pas, les id\u00e9aux et les valeurs qui guident les partisans de l\u2019extr\u00eame-droite sont les m\u00eames que celles du r\u00e9gime de Vichy : x\u00e9nophobie, racisme, exclusion, repli sur soi, populisme.<\/em><\/p>\n<p style=\"padding-left: 40px\"><em>Le fait que certains d\u2019entre eux aient des a\u00efeux qui se sont battus pour la France, n\u2019y change rien.<\/em><\/p>\n<p>Le 3 septembre, les deux conseillers d\u00e9partementaux ont \u00e9t\u00e9 mis en examen. Conform\u00e9ment \u00e0 la l\u00e9gislation sur la presse, celle-ci s\u2019est faite sans examen du fond. Les conseillers d\u00e9partementaux d\u00e9noncent une proc\u00e9dure b\u00e2illon.<\/p>\n<p style=\"text-align: justify\">Pendant\u00a0 la campagne des \u00e9lections l\u00e9gislatives de 2024, les trois d\u00e9put\u00e9s audois seraient all\u00e9s jusqu\u2019\u00e0 transformer une conf\u00e9rence de presse en s\u00e9ance d\u2019intimidation envers le journaliste de L\u2019Ind\u00e9pendant <sup><a href=\"#footnote_1_30402\" id=\"identifier_1_30402\" class=\"footnote-link footnote-identifier-link\" title=\"L&rsquo;Ind&eacute;pendant Quand le Rassemblement National perd ses nerfs 17 juin 2024\">(1)<\/a><\/sup> le seul journal local, venu recueillir leurs propos.<\/p>\n<p>Ils tiennent beaucoup \u00e0 ne pas \u00eatre class\u00e9s \u00e0 l\u2019extr\u00eame-droite, ce doit \u00eatre important.<\/p>\n<p style=\"text-align: justify\">Plus g\u00e9n\u00e9ralement, certains de leurs soutiens r\u00e9futent l\u2019existence m\u00eame d\u2019une droite qui soit extr\u00eame. Derri\u00e8re cette insistance se cache \u00e9videment le souhait de ne pas \u00eatre associ\u00e9 \u00e0 certains \u00e9pisodes de l\u2019histoire connot\u00e9s n\u00e9gativement. Il s\u2019agit aussi d\u2019une tactique politique visant \u00e0 phagocyter la droite r\u00e9publicaine moribonde dans des r\u00e9gions enti\u00e8res. Le Rassemblement National cherche ainsi \u00e0 se d\u00e9diaboliser, selon le terme consacr\u00e9, pour attirer des \u00e9lecteurs plus mod\u00e9r\u00e9s et pour d\u00e9l\u00e9gitimer le vote de rejet dont il p\u00e2tit.<\/p>\n<p style=\"text-align: justify\">En effet, \u00e0 chaque \u00e9lection, les \u00e9lecteurs sont appel\u00e9s \u00e0 former un front r\u00e9publicain contre l\u2019extr\u00eame-droite. Mais cette tentative autoritaire d\u2019effacer un mot fait n\u00e9cessairement penser \u00e0 la c\u00e9l\u00e8bre dystopie de George Orwell <sup><a href=\"#footnote_2_30402\" id=\"identifier_2_30402\" class=\"footnote-link footnote-identifier-link\" title=\"George Orwell 1984 1949\">(2)<\/a><\/sup> d\u00e9crite dans le roman 1984, o\u00f9 le parti efface des mots du vocabulaire pour emp\u00eacher les citoyens de s\u2019en servir pour penser.\u00a0\u00a0\u00a0<\/p>\n<p><strong>\u00a0\u00a0 Alors pensons&#8230;<\/strong><\/p>\n<p style=\"text-align: justify\">Il convient de s\u2019interroger sur ce qu\u2019est l\u2019extr\u00eame-droite. En quoi elle est suffisamment dangereuse pour la R\u00e9publique au point de justifier un barrage r\u00e9publicain. Et en quoi les d\u00e9put\u00e9s du Rassemblement national de l\u2019Aude et d\u2019autres territoires sont d\u2019extr\u00eame-droite.<\/p>\n<p style=\"text-align: justify\">Donner une d\u00e9finition des cat\u00e9gories politiques appel\u00e9es \u00ab\u00a0gauche\u00a0\u00bb, \u00ab\u00a0droite\u00a0\u00bb ou \u00ab\u00a0extr\u00eame-droite\u00a0\u00bb est un objet de d\u00e9bat. La r\u00e9ponse la plus objective et \u00e9tay\u00e9e \u00e0 cette question, vient du consensus scientifique. Des chercheurs appliquant une m\u00e9thode impartiale ont essay\u00e9 d\u2019y r\u00e9pondre avec objectivit\u00e9 et sont arriv\u00e9s \u00e0 une conclusion sans qu\u2019aucun contre-argument r\u00e9pondant au m\u00eame niveau d\u2019exigence n\u2019ait \u00e9t\u00e9 formul\u00e9.<\/p>\n<p style=\"text-align: justify\">Ce consensus form\u00e9 autour de sp\u00e9cialistes en science politique comme Pierre-Andr\u00e9 Taguieff <sup><a href=\"#footnote_3_30402\" id=\"identifier_3_30402\" class=\"footnote-link footnote-identifier-link\" title=\"Pierre-Andr&eacute; Taguieff L&rsquo;illusion populiste : Essai sur les d&eacute;magogies de l&rsquo;&acirc;ge d&eacute;mocratique&nbsp; 2002\">(3)<\/a><\/sup> et Cas Mudde <sup><a href=\"#footnote_4_30402\" id=\"identifier_4_30402\" class=\"footnote-link footnote-identifier-link\" title=\"Cas Mudde The Far Right Today&nbsp; 2019\">(4)<\/a><\/sup> identifie trois \u00e9l\u00e9ments n\u00e9cessaires et suffisants pour caract\u00e9riser l\u2019extr\u00eame-droite : <em><strong>le nativisme, le populisme autoritaire et la x\u00e9nophobie<\/strong><\/em>.<\/p>\n<p style=\"text-align: justify\">Selon Pierre-Andr\u00e9 Taguieff la droite et l\u2019extr\u00eame-droite ne seraient pas de m\u00eame nature. L\u2019extr\u00eame-droite ne serait pas la continuit\u00e9 de la droite mais une famille politique singuli\u00e8re.<\/p>\n<h2><span style=\"color: #bd11ae\">Nativisme et X\u00e9nophobie<\/span><\/h2>\n<p style=\"text-align: justify\">\u00a0\u00a0 Selon Cas Mudde, le premier \u00e9l\u00e9ment qui caract\u00e9rise l\u2019extr\u00eame-droite est le nativisme. Le Rassemblement National est souvent cit\u00e9 comme arch\u00e9type. Ses propositions politiques s\u2019articulent autour d\u2019une forme ou une autre de priorit\u00e9 nationale en mati\u00e8re d&#8217;emploi, de logement et de prestations sociales. Sa conception de la nation est volontiers excluante en remettant en cause le droit du sol ou en limitant les droits des binationaux par exemple. Cette forme de nationalisme voit les minorit\u00e9s ethniques ou religieuses comme des menaces pour la coh\u00e9sion sociale et la s\u00e9curit\u00e9 nationale. Ce nativisme est souvent associ\u00e9 \u00e0 une vision hi\u00e9rarchique de la soci\u00e9t\u00e9, o\u00f9 l&rsquo;ordre social est per\u00e7u comme naturel et n\u00e9cessaire, et o\u00f9 toute d\u00e9viance est vue comme une menace \u00e0 cet ordre.<\/p>\n<p style=\"text-align: justify\">\u00a0\u00a0 Ainsi, le Rassemblement National d\u00e9fend une vision traditionaliste et conservatrice du r\u00f4le des femmes dans la soci\u00e9t\u00e9. Cette position a \u00e9t\u00e9 illustr\u00e9e avec fracas lorsque les trois d\u00e9put\u00e9s de l\u2019Aude le 26 janvier 2024 pos\u00e8rent hilares devant une pancarte o\u00f9 se lisait \u00ab Va faire la soupe salope \u00bb, en marge d\u2019une manifestation agricole \u00e0 Narbonne. La pancarte reprenait une insulte sexiste adress\u00e9e \u00e0 des \u00e9lues \u00e9cologistes en visite dans le d\u00e9partement quelques mois plus t\u00f4t.\u00a0<\/p>\n<p style=\"text-align: justify\">\u00a0\u00a0 Les minorit\u00e9s les plus souvent cibl\u00e9es par l\u2019extr\u00eame-droite en France sont les populations d&rsquo;origine immigr\u00e9e et la minorit\u00e9 musulmane. Celles-ci sont accus\u00e9es de mettre en danger l&rsquo;identit\u00e9 fran\u00e7aise et de ne pas s\u2019assimiler aux valeurs r\u00e9publicaines. En cela, le nativisme se confond parfois avec de la x\u00e9nophobie, le second \u00e9l\u00e9ment caract\u00e9ristique de l\u2019extr\u00eame droite.<\/p>\n<p style=\"text-align: justify\">\u00a0\u00a0 Le Rassemblement National, bien qu&rsquo;ayant mod\u00e9r\u00e9 son discours par rapport \u00e0 la p\u00e9riode d\u2019h\u00e9g\u00e9monie de Jean-Marie Le Pen, continue d\u2019entretenir une rh\u00e9torique plus insidieuse mais toujours x\u00e9nophobe, notamment \u00e0 l\u2019\u00e9gard des populations d\u2019origine maghr\u00e9bine. La critique se concentre aujourd\u2019hui sur l\u2019islam et revendique de s\u2019inscrire dans la tradition r\u00e9publicaine \u00e0 travers une certaine conception de la la\u00efcit\u00e9. Toute personne ayant des origines au sud ou \u00e0 l\u2019est de la M\u00e9diterran\u00e9e est somm\u00e9e de se positionner face \u00e0 <span class='tooltipsall tooltip_post_id_29829 classtoolTips180'>ces<\/span> critiques et face \u00e0 cette religion. Quelle que soit son attitude, la personne est ainsi essentialis\u00e9e et ramen\u00e9e \u00e0 une identit\u00e9 \u00e9trang\u00e8re. En empruntant ce d\u00e9tour pervers, la critique prend un caract\u00e8re x\u00e9nophobe. Parmi ces personnes, celles qui revendiquent publiquement leur rejet de l\u2019islam sont accueillies parmi les bons fran\u00e7ais. Mais cet accueil est r\u00e9versible et leur all\u00e9geance doit sans cesse \u00eatre r\u00e9p\u00e9t\u00e9e. Autant n\u2019est pas attendu de tous les fran\u00e7ais&#8230;<\/p>\n<p style=\"text-align: justify\">\u00a0\u00a0 Il convient de remarquer que le Rassemblement National, s\u2019il doit \u00eatre analys\u00e9 comme nativiste et x\u00e9nophobe, ne reprend pas tous les concepts qui fleurissent dans les sph\u00e8res d\u2019extr\u00eame-droite.<\/p>\n<p style=\"text-align: justify\">\u00a0\u00a0 Par exemple, l\u2019usage du terme \u00ab\u00a0narbono\u00efde\u00a0\u00bb qui s\u2019\u00e9panouit dans des r\u00e9seaux d\u2019extr\u00eame-droite, lui reste \u00e9tranger. Ce terme, forg\u00e9 par Louis-Ferdinand C\u00e9line <sup><a href=\"#footnote_5_30402\" id=\"identifier_5_30402\" class=\"footnote-link footnote-identifier-link\" title=\"Louis Ferdinand C&eacute;line, novembre 1942\">(5)<\/a><\/sup> \u00e0 partir du nom de la premi\u00e8re capitale de la Gaule Romaine, Narbonne, revendique une hi\u00e9rarchie ethnique entre une population fran\u00e7aise pure venue du nord et les populations du midi.\u00a0<\/p>\n<p style=\"text-align: justify\">\u00a0\u00a0\u00a0 Le nativisme du Rassemblement National, en mat\u00e9rialisant une fronti\u00e8re entre les bons fran\u00e7ais et les autres, porte en lui le risque pour chacun de ses \u00e9lecteurs de se r\u00e9v\u00e9ler \u00eatre du mauvais c\u00f4t\u00e9.<\/p>\n<h2><span style=\"color: #bd11ae\">Populisme autoritaire<\/span><\/h2>\n<p style=\"text-align: justify\">\u00a0\u00a0 Le troisi\u00e8me \u00e9l\u00e9ment caract\u00e9ristique de l\u2019extr\u00eame-droite selon Taguieff est le populisme autoritaire. Il s\u2019agit de mettre en opposition la volont\u00e9 populaire avec celle des \u00e9lites, qu\u2019elles soient politiques, judiciaires, \u00e9conomiques ou m\u00e9diatiques, pour restaurer l&rsquo;autorit\u00e9 et l&rsquo;ordre. Cette d\u00e9nonciation des \u00e9lites s\u2019\u00e9tend de mani\u00e8re plus ou moins assum\u00e9e aux contre-pouvoirs qu\u2019elles incarnent. L\u2019extr\u00eame-droite est profond\u00e9ment sceptique \u00e0 l\u2019\u00e9gard des principes fondateurs de l\u2019\u00c9tat de droit, comme l\u2019ind\u00e9pendance des institutions et les libert\u00e9s fondamentales qui constituent le mod\u00e8le r\u00e9publicain. Ceux-ci sont vus comme autant d\u2019obstacles \u00e0 la souverainet\u00e9 populaire. Elle pr\u00e9f\u00e8re une conception autoritaire et centralis\u00e9e de l&rsquo;\u00c9tat.<\/p>\n<p style=\"text-align: justify\">\u00a0\u00a0 Le Rassemblement National d\u00e9nonce l\u2019existence d\u2019une caste, terme r\u00e9current dans le vocabulaire populiste, pour d\u00e9signer les \u00e9lites technocratiques et politiques qui gouverneraient en d\u00e9pit des int\u00e9r\u00eats des citoyens ordinaires. Dans l\u2019Aude, les d\u00e9put\u00e9s focalisent leurs attaques sur le Parti Socialiste et son tissu d\u2019\u00e9lus locaux ainsi que sur des lobbies \u00e9cologistes qui dirigeraient dans l\u2019ombre. Dans ce cadre, le Rassemblement National se positionne comme le repr\u00e9sentant authentique du peuple, oppos\u00e9 \u00e0 une classe politique d\u00e9nonc\u00e9e comme d\u00e9connect\u00e9e ou corrompue.<\/p>\n<p style=\"text-align: justify\">\u00a0\u00a0 Le Rassemblement National, par son programme s\u00e9curitaire, plaide pour un renforcement des pouvoirs de la police et une surveillance accrue des populations, au d\u00e9triment des droits civils et du droit \u00e0 la vie priv\u00e9e. Les juges, en mod\u00e9rant ces vell\u00e9it\u00e9s par l\u2019application des lois et des principes constitutionnels, sont des cibles fr\u00e9quentes de critiques. En mettant en avant la s\u00e9curit\u00e9 comme priorit\u00e9 absolue, le RN l\u00e9gitime un \u00c9tat de plus en plus intrusif, qui pourrait ais\u00e9ment contourner les protections constitutionnelles et porter atteinte \u00e0 des libert\u00e9s fondamentales, telles que le droit de r\u00e9union, de manifestation ou de protestation et la libert\u00e9 de la presse.<\/p>\n<p style=\"text-align: justify\">\u00a0\u00a0 Le parti propose des mesures de plus en plus restrictives en mati\u00e8re de manifestations, de mouvements sociaux et de r\u00e9union, particuli\u00e8rement lorsque ces mouvements sont per\u00e7us comme allant \u00e0 l&rsquo;encontre de son id\u00e9ologie. Ainsi, le d\u00e9put\u00e9 de la deuxi\u00e8me circonscription de l\u2019Aude, Fr\u00e9d\u00e9ric Falcon a demand\u00e9 au Pr\u00e9fet l\u2019interdiction de l\u2019universit\u00e9 d\u2019\u00e9t\u00e9 du Nouveau Parti Anticapitaliste programm\u00e9e \u00e0 Leucate du 25 au 28 ao\u00fbt 2024.<\/p>\n<p style=\"text-align: justify\">\u00a0\u00a0 Ce renforcement de l\u2019autorit\u00e9 de l\u2019\u00c9tat au d\u00e9triment des libert\u00e9s civiques est un trait caract\u00e9ristique des r\u00e9gimes autoritaires, qui privil\u00e9gient la stabilit\u00e9 et l&rsquo;ordre, \u00e0 la diversit\u00e9 des opinions et \u00e0 la libert\u00e9 d&rsquo;expression.<\/p>\n<p style=\"text-align: justify\">\u00a0\u00a0 La libert\u00e9 de la presse, cruciale pour la d\u00e9mocratie, est \u00e9galement menac\u00e9e par l\u2019attitude des d\u00e9put\u00e9s de l\u2019Aude et plus g\u00e9n\u00e9ralement du Rassemblement National. Cette attitude laisse anticiper la mise en place de politiques r\u00e9pressives contre la libert\u00e9 d&rsquo;information, voire de la censure.<\/p>\n<h2><span style=\"color: #bd11ae\">Une menace pour la R\u00e9publique<\/span><\/h2>\n<p style=\"text-align: justify\">\u00a0\u00a0 Le mod\u00e8le r\u00e9publicain est fond\u00e9 sur la recherche de la volont\u00e9 g\u00e9n\u00e9rale, th\u00e9oris\u00e9e par Jean-Jacques Rousseau <sup><a href=\"#footnote_6_30402\" id=\"identifier_6_30402\" class=\"footnote-link footnote-identifier-link\" title=\"Jean-Jacques Rousseau, Le Contrat social 1762\">(6)<\/a><\/sup>. Il consiste \u00e0 d\u00e9velopper un r\u00e9seau de proc\u00e9dures et de contre-pouvoirs pour \u00e9viter que l\u2019\u00c9tat ne se soumette \u00e0 des int\u00e9r\u00eats particuliers, ou qu\u2019il se laisse emporter par les passions fugaces des foules. Cet \u00e9difice savant, connu sous le nom de d\u00e9mocratie lib\u00e9rale, vise \u00e0 prot\u00e9ger notre soci\u00e9t\u00e9 du despotisme, comme de la tyrannie de la majorit\u00e9 crainte par Alexis de Tocqueville <sup><a href=\"#footnote_7_30402\" id=\"identifier_7_30402\" class=\"footnote-link footnote-identifier-link\" title=\"Alexis de Tocqueville De la D&eacute;mocratie en Am&eacute;rique 1835 1840\">(7)<\/a><\/sup>.<\/p>\n<p style=\"text-align: justify\">\u00a0\u00a0 Le Rassemblement National, malgr\u00e9 sa tentative de mod\u00e9ration dans son expression publique, reste fondamentalement ancr\u00e9 dans une id\u00e9ologie d&rsquo;extr\u00eame-droite qui menace l\u2019\u00c9tat de droit et les libert\u00e9s fondamentales. Son nationalisme exclusif, son populisme autoritaire, et sa rh\u00e9torique x\u00e9nophobe sapent les bases m\u00eames de la R\u00e9publique Fran\u00e7aise. \u00a0\u00a0<\/p>\n<p style=\"text-align: justify\">\u00a0\u00a0<span style=\"color: #bd11ae\"> <em><strong>Les d\u00e9put\u00e9s de l\u2019Aude sont donc bien d\u2019extr\u00eame-droite.<\/strong><\/em><\/span><\/p>\n<p style=\"text-align: justify\">\u00a0\u00a0 Leur opposer un Front R\u00e9publicain est une n\u00e9cessit\u00e9 morale pour tous ceux qui croient en la devise Libert\u00e9, \u00c9galit\u00e9, Fraternit\u00e9. Pourtant il est difficile de reprocher \u00e0 beaucoup de nos concitoyens de ne pas le percevoir. Notre impl\u00e9mentation du mod\u00e8le r\u00e9publicain est en question. \u00c9tant cantonn\u00e9s \u00e0 \u00eatre des spectateurs du d\u00e9bat politique, plut\u00f4t que des acteurs, beaucoup de citoyens manquent de culture politique.<\/p>\n<p style=\"text-align: justify\">\u00a0\u00a0 Depuis 2007 et l\u2019av\u00e8nement de Nicolas Sarkozy les gouvernements de droite r\u00e9publicaine comme de gauche qui se sont succ\u00e9d\u00e9 ont particip\u00e9 \u00e0 brouiller les clivages en tentant de s\u2019approprier beaucoup des th\u00e8mes de l\u2019extr\u00eame-droite pour siphonner son \u00e9lectorat. Cette strat\u00e9gie a \u00e9chou\u00e9. Ils n\u2019ont r\u00e9ussi qu\u2019\u00e0 l\u00e9gitimer des id\u00e9es dangereuses et \u00e0 rogner les libert\u00e9s fondamentales. Ils ont mis en place des variantes de mesures d\u2019extr\u00eame-droite, tout en revendiquant leur compatibilit\u00e9 avec le mod\u00e8le r\u00e9publicain. Ces mesures ont \u00e9chou\u00e9. Mais au lieu de d\u00e9montrer leur inefficacit\u00e9, elles ont permis aux portes-paroles de l\u2019extr\u00eame-droite d\u2019expliquer leur \u00e9chec par les limites de l\u2019\u00c9tat de droit.<\/p>\n<p style=\"text-align: justify\">\u00a0\u00a0 L\u2019ascension du Rassemblement National en France, doit \u00eatre per\u00e7ue comme un danger imm\u00e9diat pour la pluralit\u00e9 des opinions, l\u2019\u00e9galit\u00e9 des citoyens, et la pr\u00e9servation des droits individuels. Ce danger ne se limite d\u2019ailleurs pas au risque bien r\u00e9el d\u2019accession au pouvoir de cette formation, mais il commence par les attitudes des politiciens nationaux qui cherchent \u00e0 y faire face.\u00a0<\/p>\n<p style=\"text-align: justify\">\u00a0\u00a0 L\u2019extr\u00eame-droite rec\u00e8le de nombreux courants. La l\u00e9gitimation d\u2019une de ses composantes les renforce tous. Ainsi entre les deux tours de l\u2019\u00e9lection l\u00e9gislative de 2024, un groupuscule se r\u00e9clamant d\u2019une figure de la collaboration avec le Troisi\u00e8me Reich, n\u2019a pas h\u00e9sit\u00e9 \u00e0 interpr\u00e9ter le r\u00e9sultat du scrutin comme une validation de ses th\u00e8ses. Ainsi, dans une lettre, des menaces ont \u00e9t\u00e9 prof\u00e9r\u00e9es contre une commer\u00e7ante pour qu\u2019elle vende son affaire et quitte le pays <sup><a href=\"#footnote_8_30402\" id=\"identifier_8_30402\" class=\"footnote-link footnote-identifier-link\" title=\"Lib&eacute;ration &laquo;Pr&eacute;parez votre d&eacute;part pour l&rsquo;Afrique&raquo; 4 juillet 2024\">(8)<\/a><\/sup>.<\/p>\n<h2><span style=\"color: #bd11ae\">Les barrages finissent toujours par c\u00e9der<\/span><\/h2>\n<p style=\"text-align: justify\">\u00a0\u00a0 Dans l\u2019Aude, nous avions une fiert\u00e9. Le barrage r\u00e9publicain avait toujours tenu. Chaque assaut du Front National, devenu Rassemblement National avait \u00e9t\u00e9 contenu depuis des d\u00e9cennies. Dans chaque circonscription, aux municipales, aux d\u00e9partementales, aux l\u00e9gislatives, face \u00e0 la menace de l\u2019extr\u00eame-droite au second tour, nous avions connu un sursaut pour nous y opposer.<\/p>\n<p style=\"text-align: justify\">\u00a0\u00a0 Autour de nous, B\u00e9ziers, puis Perpignan tombaient. Nous seuls, restions debout. Nous restions les h\u00e9ritiers des combats pour la R\u00e9publique de 1848 et 1870 qui nous avaient valu d\u2019\u00eatre nomm\u00e9s le Midi Rouge. Nous pouvions encore saluer, la t\u00eate haute, la m\u00e9moire de ceux de nos a\u00efeux qui avaient fui le fascisme en Espagne.<\/p>\n<p style=\"text-align: justify\">\u00a0\u00a0 A notre tour, nous avons failli. Dimanche 19 juin 2022 le barrage a c\u00e9d\u00e9. Une mer brune s\u2019est brusquement d\u00e9vers\u00e9e sur toutes les circonscriptions alentour. Depuis Narbonne, il faut d\u00e9sormais 45 minutes d\u2019autoroute pour quitter cette mer par le chemin le plus rapide.<\/p>\n<p style=\"text-align: justify\">\u00a0\u00a0 Les barrages finissent toujours par c\u00e9der. Ce principe d\u2019hydraulique s\u2019applique donc aussi \u00e0 la politique. Les commentateurs nationaux balaient l\u2019\u00e9v\u00e8nement en rappelant l\u2019ancrage ancien du Rassemblement National sur le pourtour m\u00e9diterran\u00e9en. Localement, l\u2019effet est \u00e9touffant. Le territoire incluant l\u2019ouest de l\u2019H\u00e9rault, l\u2019Aude et par beaucoup d\u2019aspects les Pyr\u00e9n\u00e9es Orientales, dispose d\u2019une grande coh\u00e9rence culturelle et \u00e9conomique qui s\u2019enracine tr\u00e8s profond\u00e9ment dans l\u2019histoire. Il s\u2019agit de la portion de l\u2019Occitanie et de la France m\u00e9tropolitaine o\u00f9 la pauvret\u00e9, le <span class='tooltipsall tooltip_post_id_18357 classtoolTips220'>ch<\/span>\u00f4mage des jeunes et l\u2019exode des actifs sont les plus dramatiques. Mais cette situation difficile est masqu\u00e9e dans les statistiques nationales par le flux constant de nouveaux arrivants, venus profiter des am\u00e9nit\u00e9s du climat. La zone submerg\u00e9e est vaste. Plus d\u2019un million d\u2019habitants. Tous les candidats r\u00e9publicains, quel que soit leur couleur politique ou leur enracinement, ont \u00e9t\u00e9 balay\u00e9s.<\/p>\n<p style=\"text-align: justify\">\u00a0\u00a0 Il serait faux, mais savoureux, d\u2019attribuer ce changement aux effets des migrations. Notre territoire accueille massivement de nouvelles populations venues de r\u00e9gions fran\u00e7aises plus au nord. Cette migration interne se fait souvent au moment de la retraite. A contrario, de nombreux jeunes gens partent pour leurs \u00e9tudes, ou pour trouver un emploi et ne reviennent pas. Ce grand remplacement de population, dont on peut appr\u00e9cier l\u2019ironie, dilue la m\u00e9moire des luttes sociales des vignerons, comme celle des r\u00e9fugi\u00e9s ayant fui le fascisme, l\u2019arbitraire ou la mis\u00e8re, pour choisir la France. En vieillissant artificiellement la population, il provoque un d\u00e9calage des suffrages vers des candidats plus conservateurs, voire r\u00e9actionnaires. Il serait facile de d\u00e9signer ces migrants h\u00e9liotropes comme bouc-\u00e9missaire. Mais, comme pour les autres migrants, ce serait faux.<\/p>\n<p style=\"text-align: justify\">\u00a0\u00a0 Le barrage n\u2019a pas tenu parce que nous l\u2019avons laiss\u00e9 s\u2019effondrer. Trop d\u2019\u00e9lus ont, avec constance, ignor\u00e9 ceux de leurs \u00e9lecteurs qui leur avaient offert leur vote, non pas par conviction mais par devoir r\u00e9publicain. Certains ont, par leurs fautes, contribu\u00e9 \u00e0 \u00e9corner leur image \u00e0 tous. Les repr\u00e9sentants de la droite se sont \u00e9vertu\u00e9s \u00e0 effacer la fronti\u00e8re qui les s\u00e9parait de l\u2019extr\u00eame ,tout en d\u00e9non\u00e7ant la gauche comme un autre danger pour la R\u00e9publique. Ceux de gauche se sont laiss\u00e9 aveugler par leur rejet des politiques \u00e9conomiques n\u00e9olib\u00e9rales et des pratiques s\u00e9curitaires de leurs adversaires, au point de ne plus vraiment faire la diff\u00e9rence. Tous se sont r\u00e9v\u00e9l\u00e9s faillibles, basiquement humains, dans un syst\u00e8me institutionnel qui attend d\u2019eux d\u2019\u00eatre bien plus. Le barrage s\u2019est effondr\u00e9 parce que notre syst\u00e8me institutionnel cr\u00e9e une fissure entre citoyens et \u00e9lus.<\/p>\n<p style=\"text-align: justify\">\u00a0\u00a0 Deux jours apr\u00e8s le second tour des l\u00e9gislatives de 2022 se d\u00e9roulait la f\u00eate de la musique. Cette f\u00eate si populaire dont nous avions \u00e9t\u00e9 priv\u00e9s deux ann\u00e9es de suite fut un succ\u00e8s. A Narbonne, les Barques \u00e9taient bond\u00e9es. Les visages \u00e9taient souriants. L\u00e0 se trouvaient ces m\u00eames visages jeunes et ces \u00e9nergies que nous aurions voulu voir plus nombreux dans les isoloirs. Dans l\u2019Aude nous avions une fiert\u00e9 que nous n\u2019avons pas su transmettre aux g\u00e9n\u00e9rations plus jeunes. Mais cette fiert\u00e9 ne faisait que masquer les probl\u00e8mes. Il nous reste d\u00e9sormais un espoir. L\u2019espoir que ce vote des l\u00e9gislatives 2022, confirm\u00e9 en 2024, soit compris pour ce qu\u2019il est : un appel \u00e0 l\u2019aide.<\/p>\n<p style=\"text-align: right\"><em>Laurent Fabas pour le Clairon de l&rsquo;Atax le 12\/09\/2024<\/em><\/p>\n<p><a href=\"#_ftnref1\" name=\"_ftn1\"><\/a><\/p>\n<script type=\"text\/javascript\"> var tt_store_content = \"\\<p\\><span class='tooltipsall tooltip_post_id_23586 classtoolTips107'>NTIC<\/span> \\= Nouvelles technologies de l'information et de la communication\\<\\\/p\\>\"; toolTips('.classtoolTips107',tt_store_content,'23586'); <\/script><script type=\"text\/javascript\"> var tt_store_content = \"\\<p\\>NTIC \\= Nouvelles technologies de l'information et de la communication\\<\\\/p\\>\"; toolTips('.classtoolTips107',tt_store_content,'23586'); <\/script><script type=\"text\/javascript\"> var tt_store_content = \"\\<p\\>NTIC \\= Nouvelles technologies de l'Information et de la Communication\\<\\\/p\\>\"; toolTips('.classtoolTips112',tt_store_content,'30265'); <\/script><script type=\"text\/javascript\"> var tt_store_content = \"Le <span class='tooltipsall tooltip_post_id_3743 classtoolTips128'>CIRC<\/span> est le&nbsp; \\<a href\\='https\\:\\\/\\\/fr\\.wikipedia\\.org\\\/wiki\\\/Centre_international_de_recherche_sur_le_cancer' target\\='_blank' rel\\='noopener'\\>Centre international de Recherche sur le Cancer\\<\\\/a\\>, cr\u00e9\u00e9 en 1965 par l\u2019\\<a href\\='https\\:\\\/\\\/fr\\.wikipedia\\.org\\\/wiki\\\/Organisation_mondiale_de_la_sant%C3%A9' target\\='_blank' rel\\='noopener'\\>Organisation Mondiale de la Sant\u00e9\\<\\\/a\\> \\(OMS\\) des \\<a href\\='https\\:\\\/\\\/fr\\.wikipedia\\.org\\\/wiki\\\/Organisation_des_Nations_unies' target\\='_blank' rel\\='noopener'\\>Nations Unies\\<\\\/a\\>\\.\"; toolTips('.classtoolTips128',tt_store_content,'3743'); <\/script><script type=\"text\/javascript\"> var tt_store_content = \"\\<p\\><span class='tooltipsall tooltip_post_id_19394 classtoolTips134'>SAGE<\/span> \\= \\<span class\\='st'\\> sch\u00e9ma d'am\u00e9nagement et de gestion de l'eau\\<\\\/span\\> , c'est un outil de planification qui concerne l'ensemble des eaux situ\u00e9es dans un bassin versant\\<\\\/p\\>\"; toolTips('.classtoolTips134',tt_store_content,'19394'); <\/script><script type=\"text\/javascript\"> var tt_store_content = \"\\<p style\\='text\\-align\\: center;'\\>\\<strong\\>\\<span style\\='font\\-size\\: 14pt;'\\>S\\<\\\/span\\>\\<\\\/strong\\>\\<span style\\='font\\-size\\: 14pt;'\\>oci\u00e9t\u00e9 d'\\<strong\\>\u00c9\\<\\\/strong\\>conomie \\<strong\\>M\\<\\\/strong\\>ixte\\<\\\/span\\>\\<\\\/p\\><br\/>\\<p style\\='text\\-align\\: justify;'\\>En France, une soci\u00e9t\u00e9 d'\u00e9conomie mixte est une soci\u00e9t\u00e9 anonyme dont le capital est majoritairement d\u00e9tenu par une ou plusieurs personnes publiques \\(\u00e0 savoir l'\u00c9tat, une Collectivit\u00e9 territoriale, ou tout autre \u00c9tablissement public\\)\\. Cette participation majoritaire publique est plafonn\u00e9e \u00e0 85&nbsp;% du capital depuis la Loi du 2 janvier 2002\\. Au moins une personne priv\u00e9e doit participer au capital de la <span class='tooltipsall tooltip_post_id_7168 classtoolTips142'>SEM<\/span>, sachant qu'il peut s'agir d'une autre SEM\\.\\<\\\/p\\><br\/>\\<p style\\='text\\-align\\: justify;'\\>\\<strong\\>Le recours \u00e0 la SEM garantit\\<\\\/strong\\> \u00e0 la collectivit\u00e9 publique actionnaire et cocontractante \\<strong\\>la prise en compte effective de l'int\u00e9r\u00eat g\u00e9n\u00e9ral\\<\\\/strong\\> dans les objectifs de l'entreprise \\<strong\\>et la souplesse de la soci\u00e9t\u00e9 de droit priv\u00e9\\<\\\/strong\\>\\.\\<\\\/p\\><br\/>\\<em\\>\\<a href\\='https\\:\\\/\\\/fr\\.wikipedia\\.org\\\/wiki\\\/Soci%C3%A9t%C3%A9_d%27%C3%A9conomie_mixte' target\\='_blank' rel\\='noopener'\\>Voir ici la page Wikipedia consacr\u00e9e aux SEM\\<\\\/a\\> \\<\\\/em\\><br\/><br\/>&nbsp;\"; toolTips('.classtoolTips142',tt_store_content,'7168'); <\/script><script type=\"text\/javascript\"> var tt_store_content = \"\\<p style\\='text\\-align\\: center;'\\>\\<span style\\='font\\-size\\: 14pt;'\\>\\<strong\\>I\\<\\\/strong\\>mp\u00f4t sur la \\<strong\\>F\\<\\\/strong\\>ortune \\<strong\\>I\\<\\\/strong\\>mmobili\u00e8re\\<\\\/span\\>\\<\\\/p\\>\"; toolTips('.classtoolTips148',tt_store_content,'5643'); <\/script><script type=\"text\/javascript\"> var tt_store_content = \"\\<p style\\='text\\-align\\: center;'\\>\\<span style\\='font\\-size\\: 14pt;'\\>\\<strong\\>R\\<\\\/strong\\>evenu de \\<strong\\>S\\<\\\/strong\\>olidarit\u00e9 \\<strong\\>A\\<\\\/strong\\>ctive\\<\\\/span\\>\\<\\\/p\\><br\/>\\<p style\\='text\\-align\\: justify;'\\>Le revenu de solidarit\u00e9 active est une prestation sociale fran\u00e7aise, g\u00e9r\u00e9e par les conseils d\u00e9partementaux, vers\u00e9e par les <span class='tooltipsall tooltip_post_id_5652 classtoolTips155'>CAF<\/span> et les MSA et destin\u00e9e \u00e0 garantir \u00e0 ses b\u00e9n\u00e9ficiaires, qu'ils aient ou non la capacit\u00e9 de travailler, un revenu minimum, avec en contrepartie une obligation de chercher un emploi ou de d\u00e9finir et suivre un projet professionnel visant \u00e0 am\u00e9liorer sa situation financi\u00e8re\\.\\<\\\/p\\><br\/>\\<p style\\='text\\-align\\: justify;'\\>Cette prestation sociale a \u00e9t\u00e9 mise en place en 2009, en remplacement du RMI \\(revenu minimum d'insertion\\), mis en place en 1988\\.\\<\\\/p\\><br\/>\\<p style\\='text\\-align\\: justify;'\\>En 2016, 2,5 millions de personnes \u00e9taient b\u00e9n\u00e9ficiaires du <span class='tooltipsall tooltip_post_id_5651 classtoolTips154'>RSA<\/span>\\.\\<\\\/p\\><br\/>\\<em\\>\\<a href\\='https\\:\\\/\\\/fr\\.wikipedia\\.org\\\/wiki\\\/Revenu_de_solidarit%C3%A9_active' target\\='_blank' rel\\='noopener'\\>Acc\u00e9der ici \u00e0 la fiche Wikipedia traitant du RSA\\<\\\/a\\><br\/>\\<a href\\='https\\:\\\/\\\/www\\.insee\\.fr\\\/fr\\\/metadonnees\\\/definition\\\/c1718' target\\='_blank' rel\\='noopener'\\>Acc\u00e9der ici \u00e0 la d\u00e9finition du RSA fournie par l'<span class='tooltipsall tooltip_post_id_6978 classtoolTips82'>INSEE<\/span>\\<\\\/a\\>\\<\\\/em\\>\"; toolTips('.classtoolTips154',tt_store_content,'5651'); <\/script><script type=\"text\/javascript\"> var tt_store_content = \"\\<p style\\='text\\-align\\: center;'\\>\\<span style\\='font\\-size\\: 14pt;'\\>\\<strong\\>R\\<\\\/strong\\>\u00e9pertoire \\<strong\\>N\\<\\\/strong\\>ational des \\<strong\\>A\\<\\\/strong\\>ssociations\\<\\\/span\\>\\<\\\/p\\>\"; toolTips('.classtoolTips159',tt_store_content,'24374'); <\/script><script type=\"text\/javascript\"> var tt_store_content = \"\\<p style\\='text\\-align\\: center;'\\>\\<strong\\>\\<span style\\='font\\-size\\: 14pt;'\\>G\\<\\\/span\\>\\<\\\/strong\\>\\<span style\\='font\\-size\\: 14pt;'\\>az \u00e0 \\<strong\\>E\\<\\\/strong\\>ffet de \\<strong\\>S\\<\\\/strong\\>erre\\<\\\/span\\>\\<\\\/p\\><br\/>\\<p style\\='text\\-align\\: justify;'\\>Les gaz \u00e0 effet de serre \\(<span class='tooltipsall tooltip_post_id_7232 classtoolTips161'>GES<\/span>\\) sont des composants gazeux qui absorbent le rayonnement infrarouge \u00e9mis par la surface terrestre et contribuent \u00e0 l'effet de serre\\. L'augmentation de leur concentration dans l'atmosph\u00e8re terrestre est l'un des facteurs \u00e0 l'origine du r\u00e9chauffement climatique\\.\\<\\\/p\\><br\/>\\<a href\\='https\\:\\\/\\\/fr\\.wikipedia\\.org\\\/wiki\\\/Gaz_%C3%A0_effet_de_serre' target\\='_blank' rel\\='noopener'\\>\\<em\\>Voir ici la fiche Wikipedia sur les gaz \u00e0 effet de serre\\<\\\/em\\>\\<\\\/a\\>\"; toolTips('.classtoolTips161',tt_store_content,'7232'); <\/script><script type=\"text\/javascript\"> var tt_store_content = \"\\<p style\\='text\\-align\\: justify'\\>La \u00ab\u00a0\\<b\\>programmation pluriannuelle de l'\u00e9nergie\\<\\\/b\\>\u00a0\u00bb \\(<span class='tooltipsall tooltip_post_id_7750 classtoolTips164'>PPE<\/span>\\) est, en France, un document strat\u00e9gique de pilotage de la transition \u00e9nerg\u00e9tique\\. Institu\u00e9e par l'article 176 de la \\<a title\\='Loi relative \u00e0 la transition \u00e9nerg\u00e9tique pour la croissance verte' href\\='https\\:\\\/\\\/fr\\.wikipedia\\.org\\\/wiki\\\/Loi_relative_%C3%A0_la_transition_%C3%A9nerg%C3%A9tique_pour_la_croissance_verte'\\>loi de transition \u00e9nerg\u00e9tique\\<\\\/a\\> \\(TECV\\), elle fixe une trajectoire pour le \\<a title\\='Mix \u00e9nerg\u00e9tique' href\\='https\\:\\\/\\\/fr\\.wikipedia\\.org\\\/wiki\\\/Mix_%C3%A9nerg%C3%A9tique'\\>mix \u00e9nerg\u00e9tique\\<\\\/a\\>, ainsi que \\<span class\\='citation'\\>\u00ab\u00a0les priorit\u00e9s d'action pour la gestion de l\u2019ensemble des formes d'\u00e9nergie sur le territoire m\u00e9tropolitain continental, afin d\u2019atteindre les objectifs nationaux fix\u00e9s par la loi\u00a0\u00bb\\<\\\/span\\>\\. \\(Wikip\u00e9dia\\)\\<\\\/p\\>\"; toolTips('.classtoolTips164',tt_store_content,'7750'); <\/script><script type=\"text\/javascript\"> var tt_store_content = \"\\<p style\\='text\\-align\\: justify'\\>La \u00ab\u00a0\\<b\\>programmation pluriannuelle de l'\u00e9nergie\\<\\\/b\\>\u00a0\u00bb \\(PPE\\) est, en France, un document strat\u00e9gique de pilotage de la transition \u00e9nerg\u00e9tique\\. Institu\u00e9e par l'article 176 de la \\<a title\\='Loi relative \u00e0 la transition \u00e9nerg\u00e9tique pour la croissance verte' href\\='https\\:\\\/\\\/fr\\.wikipedia\\.org\\\/wiki\\\/Loi_relative_%C3%A0_la_transition_%C3%A9nerg%C3%A9tique_pour_la_croissance_verte'\\>loi de transition \u00e9nerg\u00e9tique\\<\\\/a\\> \\(TECV\\), elle fixe une trajectoire pour le \\<a title\\='Mix \u00e9nerg\u00e9tique' href\\='https\\:\\\/\\\/fr\\.wikipedia\\.org\\\/wiki\\\/Mix_%C3%A9nerg%C3%A9tique'\\>mix \u00e9nerg\u00e9tique\\<\\\/a\\>, ainsi que \\<span class\\='citation'\\>\u00ab\u00a0les priorit\u00e9s d'action pour la gestion de l\u2019ensemble des formes d'\u00e9nergie sur le territoire m\u00e9tropolitain continental, afin d\u2019atteindre les objectifs nationaux fix\u00e9s par la loi\u00a0\u00bb\\<\\\/span\\>\\. \\(Wikip\u00e9dia\\)\\<\\\/p\\>\"; toolTips('.classtoolTips164',tt_store_content,'7750'); <\/script><script type=\"text\/javascript\"> var tt_store_content = \"\\<p style\\='text\\-align\\: justify;'\\>Le Conseil d'Orientation des Retraites est une instance qui r\u00e9unit &nbsp;\\<span class\\='st'\\>les principaux acteurs du champ des retraites\\<\\\/span\\> et effectue un travail d'\u00e9tudes et de concertation\\. Compos\u00e9 de parlementaires, de repr\u00e9sentants des organisations professionnelles et syndicales, des retrait\u00e9s et des familles, de membres de l'administration et d'experts, le Conseil d'orientation des retraites \\(<span class='tooltipsall tooltip_post_id_7751 classtoolTips165'>COR<\/span>\\) est plac\u00e9 aupr\u00e8s du Premier ministre\\.\\<\\\/p\\>\"; toolTips('.classtoolTips165',tt_store_content,'7751'); <\/script><script type=\"text\/javascript\"> var tt_store_content = \"Energies Renouvelables\"; toolTips('.classtoolTips167',tt_store_content,'7758'); <\/script><script type=\"text\/javascript\"> var tt_store_content = \"Energies Renouvelables\"; toolTips('.classtoolTips167',tt_store_content,'7758'); <\/script><script type=\"text\/javascript\"> var tt_store_content = \"\\<p style\\='text\\-align\\: center;'\\>\\<span style\\='font\\-size\\: 14pt;'\\>\\<strong\\>O\\<\\\/strong\\>rganisation \\<strong\\>M\\<\\\/strong\\>\u00e9t\u00e9orologique \\<strong\\>M\\<\\\/strong\\>ondiale<br\/>\\<strong\\>W\\<\\\/strong\\>orld \\<strong\\>M\\<\\\/strong\\>eteorological \\<strong\\>O\\<\\\/strong\\>rganization\\<\\\/span\\>\\<\\\/p\\><br\/>&nbsp;<br\/><br\/>\\<a href\\='https\\:\\\/\\\/public\\.wmo\\.int\\\/fr' target\\='_blank' rel\\='noopener'\\>\\<em\\>Acc\u00e9der ici au site de l'organisation\\<\\\/em\\>\\<\\\/a\\>\"; toolTips('.classtoolTips168',tt_store_content,'7763'); <\/script><script type=\"text\/javascript\"> var tt_store_content = \"\\<p style\\='text\\-align\\: center;'\\>\\<span style\\='font\\-size\\: 14pt;'\\>\\<strong\\>\u00c9\\<\\\/strong\\>cole \\<strong\\>N\\<\\\/strong\\>ationale d'\\<strong\\>A\\<\\\/strong\\>dministration\\<\\\/span\\>\\<\\\/p\\>\"; toolTips('.classtoolTips170',tt_store_content,'5213'); <\/script><script type=\"text\/javascript\"> var tt_store_content = \"\\<p style\\='text\\-align\\: center;'\\>\\<span style\\='font\\-size\\: 14pt;'\\>\u00c9cole des<br\/>\\<strong\\>H\\<\\\/strong\\>autes \\<strong\\>\u00c9\\<\\\/strong\\>tudes \\<strong\\>C\\<\\\/strong\\>ommerciales\\<\\\/span\\>\\<\\\/p\\>\"; toolTips('.classtoolTips171',tt_store_content,'5214'); <\/script><script type=\"text\/javascript\"> var tt_store_content = \"\\<p style\\='text\\-align\\: center;'\\>\\<span style\\='font\\-size\\: 14pt;'\\>\\<strong\\>P\\<\\\/strong\\>\\<\\\/span\\>\\<span style\\='font\\-size\\: 14pt;'\\>lan \\<strong\\>L\\<\\\/strong\\>\\<\\\/span\\>\\<span style\\='font\\-size\\: 14pt;'\\>ocal d'\\<strong\\>U\\<\\\/strong\\>\\<\\\/span\\>\\<span style\\='font\\-size\\: 14pt;'\\>rbanisme\\<\\\/span\\>\\<\\\/p\\><br\/>&nbsp;\"; toolTips('.classtoolTips176',tt_store_content,'4979'); <\/script><script type=\"text\/javascript\"> var tt_store_content = \"\\<p\\>Conseil \u00c9conomique et Social\\<\\\/p\\>\"; toolTips('.classtoolTips180',tt_store_content,'29829'); <\/script><script type=\"text\/javascript\"> var tt_store_content = \"\\<p style\\='text\\-align\\: center;'\\>\\<span style\\='font\\-size\\: 14pt;'\\>\\<strong\\>A\\<\\\/strong\\>gence \\<strong\\>R\\<\\\/strong\\>\u00e9gionale de \\<strong\\>S\\<\\\/strong\\>ant\u00e9\\<\\\/span\\>\\<\\\/p\\>\"; toolTips('.classtoolTips188',tt_store_content,'18356'); <\/script><script type=\"text\/javascript\"> var tt_store_content = \"\\<p style\\='text\\-align\\: center;'\\>\\<span style\\='font\\-size\\: 14pt;'\\>\\<strong\\>G\\<\\\/strong\\>roupement \\<strong\\>H\\<\\\/strong\\>ospitalier de \\<strong\\>T\\<\\\/strong\\>erritoire\\<\\\/span\\>\\<\\\/p\\><br\/>\\<p style\\='text\\-align\\: justify;'\\>Les groupements hospitaliers de territoires, dispositif pr\u00e9vu par la loi de sant\u00e9 2016, sont un nouveau mode de coop\u00e9ration entre les \u00e9tablissements publics de sant\u00e9 \u00e0 l\u2019\u00e9chelle d\u2019un territoire\\<\\\/p\\>\"; toolTips('.classtoolTips189',tt_store_content,'18358'); <\/script><script type=\"text\/javascript\"> var tt_store_content = \"\\<p style\\='text\\-align\\: center;'\\>\\<span style\\='font\\-size\\: 14pt;'\\>\\<strong\\>C\\<\\\/strong\\>omit\u00e9 \\<strong\\>T\\<\\\/strong\\>echnique d'\\<strong\\>\u00c9\\<\\\/strong\\>tablissement\\<\\\/span\\>\\<\\\/p\\>\"; toolTips('.classtoolTips191',tt_store_content,'18359'); <\/script><script type=\"text\/javascript\"> var tt_store_content = \"\\<p style\\='text\\-align\\: center;'\\>\\<strong\\>\\<span style\\='font\\-size\\: 14pt;'\\>P\\<\\\/span\\>\\<\\\/strong\\>\\<span style\\='font\\-size\\: 14pt;'\\>rogrammation \\<strong\\>P\\<\\\/strong\\>luri\\-annuelle de l'\\<strong\\>\u00c9\\<\\\/strong\\>nergie\\<\\\/span\\>\\<\\\/p\\><br\/>La PPE est est en France un document strat\u00e9gique de pilotage de la transition \u00e9nerg\u00e9tique\\. Institu\u00e9e par l'article 176 de la loi transition \u00e9nerg\u00e9tique \\(TECV\\)\\. Elle fixe \\(par \u00e9nergie\\) une trajectoire pour le mix \u00e9nerg\u00e9tique, ainsi que \u00ab&nbsp;\\<em\\>les priorit\u00e9s d'action pour la gestion de l\u2019ensemble des formes d'\u00e9nergie sur le territoire m\u00e9tropolitain continental, afin d\u2019atteindre les objectifs nationaux fix\u00e9s par la loi\\<\\\/em\\>&nbsp;\u00bb\\.<br\/><br\/>Initi\u00e9e en 2016, elle est r\u00e9vis\u00e9e en 2018 puis ensuite tous les 5 ans\\.<br\/><br\/>\\<a href\\='https\\:\\\/\\\/fr\\.wikipedia\\.org\\\/wiki\\\/Programmation_pluriannuelle_de_l'\u00e9nergi' target\\='_blank' rel\\='noopener'\\>\\<em\\>Voir ici la page Wikipedia consacr\u00e9e \u00e0 la PPE\\<\\\/em\\>\\<\\\/a\\><br\/>\\<a href\\='https\\:\\\/\\\/ppe\\.debatpublic\\.fr\\\/' target\\='_blank' rel\\='noopener'\\>\\<em\\>Voir ici la page du site 'Commission du D\u00e9bat Public' consacr\u00e9e \u00e0 la PPE\\<\\\/em\\>\\<\\\/a\\>\"; toolTips('.classtoolTips193',tt_store_content,'7102'); <\/script><script type=\"text\/javascript\"> var tt_store_content = \"\\<p style\\='text\\-align\\: center;'\\>\\<span style\\='font\\-size\\: 14pt;'\\>\\<strong\\>E\\<\\\/strong\\>volutionary \\<strong\\>P\\<\\\/strong\\>ower \\<strong\\>R\\<\\\/strong\\>eactor\\<\\\/span\\>\\<\\\/p\\><br\/>\\<p style\\='text\\-align\\: justify;'\\>R\u00e9acteur nucl\u00e9aire de troisi\u00e8me g\u00e9n\u00e9ration \\(classification internationale\\), con\u00e7u et d\u00e9velopp\u00e9 par <span class='tooltipsall tooltip_post_id_5121 classtoolTips35'>Areva NP<\/span>&nbsp; au cours des ann\u00e9es 1990 et 2000\\. Il fait partie de la fili\u00e8re des r\u00e9acteurs \u00e0 eau pressuris\u00e9e\\.\\<\\\/p\\><br\/>\\<a href\\='https\\:\\\/\\\/fr\\.wikipedia\\.org\\\/wiki\\\/R%C3%A9acteur_pressuris%C3%A9_europ%C3%A9en' target\\='_blank' rel\\='noopener'\\>\\<em\\>Voir ici la fiche Wikipedia <span class='tooltipsall tooltip_post_id_5579 classtoolTips196'>EPR<\/span>\\<\\\/em\\>\\<\\\/a\\>\"; toolTips('.classtoolTips196',tt_store_content,'5579'); <\/script><script type=\"text\/javascript\"> var tt_store_content = \"\\<p style\\='text\\-align\\: center;'\\>\\<strong\\>R\\<\\\/strong\\>\u00e9seau \\<strong\\>A\\<\\\/strong\\>ction \\<strong\\>C\\<\\\/strong\\>limat\\<\\\/p\\><br\/>Le r\u00e9seau Action Climat '\\<em\\>f\u00e9d\u00e8re les associations impliqu\u00e9es dans la lutte contre les changements climatiques et pour une transition \u00e9cologique, solidaire et \u00e9quitable\\<\\\/em\\>'\\.<br\/><br\/>\\<a href\\='https\\:\\\/\\\/reseauactionclimat\\.org\\\/' target\\='_blank' rel\\='noopener'\\>Voir le site du <span class='tooltipsall tooltip_post_id_4309 classtoolTips200'>RAC<\/span>\\<\\\/a\\>\"; toolTips('.classtoolTips200',tt_store_content,'4309'); <\/script><script type=\"text\/javascript\"> var tt_store_content = \"\\<p style\\='text\\-align\\: center;'\\>\\<strong\\>\\<span style\\='font\\-size\\: 14pt;'\\>R\\<\\\/span\\>\\<\\\/strong\\>\\<span style\\='font\\-size\\: 14pt;'\\>eferendum d'\\<strong\\>I\\<\\\/strong\\>nitiative \\<strong\\>C\\<\\\/strong\\>itoyenne\\<\\\/span\\>\\<\\\/p\\>\"; toolTips('.classtoolTips205',tt_store_content,'12268'); <\/script><script type=\"text\/javascript\"> var tt_store_content = \"\\<p\\><span class='tooltipsall tooltip_post_id_25844 classtoolTips208'>RTE<\/span> \\= R\u00e9seau de Transport d'Electricit\u00e9 est une filiale d'<span class='tooltipsall tooltip_post_id_7035 classtoolTips178'>EDF<\/span> qui est l'actionnaire majoritaire avec 50,1% des parts le reste \u00e9tant partag\u00e9 par la CDC et la CNP\\<\\\/p\\>\"; toolTips('.classtoolTips208',tt_store_content,'25844'); <\/script><script type=\"text\/javascript\"> var tt_store_content = \"\\<p style\\='text\\-align\\: center;'\\>\\<span style\\='font\\-size\\: 14pt;'\\>\\<strong\\>O\\<\\\/strong\\>rganisation\\<strong\\> N\\<\\\/strong\\>on\\<strong\\> G\\<\\\/strong\\>ouvernementale\\<\\\/span\\>\\<\\\/p\\><br\/>Une organisation non gouvernementale \\(<span class='tooltipsall tooltip_post_id_3579 classtoolTips210'>ONG<\/span>\\) est une \\<a title\\='Association \u00e0 but non lucratif' href\\='https\\:\\\/\\\/fr\\.wikipedia\\.org\\\/wiki\\\/Association_%C3%A0_but_non_lucratif' target\\='_blank' rel\\='noopener'\\>association \u00e0 but non lucratif\\<\\\/a\\>, d'int\u00e9r\u00eat public, qui ne rel\u00e8ve ni de l'\u00c9tat, ni d'institutions internationales\\<sup id\\='cite_ref\\-novethic_1\\-0' class\\='reference'\\>\\<\\\/sup\\>\\. Les ONG n'ont pas le statut de sujet de \\<a title\\='Droit international public' href\\='https\\:\\\/\\\/fr\\.wikipedia\\.org\\\/wiki\\\/Droit_international_public' target\\='_blank' rel\\='noopener'\\>droit international\\<\\\/a\\>\\.\"; toolTips('.classtoolTips210',tt_store_content,'3579'); <\/script><script type=\"text\/javascript\"> var tt_store_content = \"\\<p style\\='text\\-align\\: center;'\\>\\<span style\\='font\\-size\\: 14pt;'\\>\\<strong\\>O\\<\\\/strong\\>rganisation\\<strong\\> N\\<\\\/strong\\>on\\<strong\\> G\\<\\\/strong\\>ouvernementale\\<\\\/span\\>\\<\\\/p\\><br\/>Une organisation non gouvernementale \\(ONG\\) est une \\<a title\\='Association \u00e0 but non lucratif' href\\='https\\:\\\/\\\/fr\\.wikipedia\\.org\\\/wiki\\\/Association_%C3%A0_but_non_lucratif' target\\='_blank' rel\\='noopener'\\>association \u00e0 but non lucratif\\<\\\/a\\>, d'int\u00e9r\u00eat public, qui ne rel\u00e8ve ni de l'\u00c9tat, ni d'institutions internationales\\<sup id\\='cite_ref\\-novethic_1\\-0' class\\='reference'\\>\\<\\\/sup\\>\\. Les ONG n'ont pas le statut de sujet de \\<a title\\='Droit international public' href\\='https\\:\\\/\\\/fr\\.wikipedia\\.org\\\/wiki\\\/Droit_international_public' target\\='_blank' rel\\='noopener'\\>droit international\\<\\\/a\\>\\.\"; toolTips('.classtoolTips210',tt_store_content,'3579'); <\/script><script type=\"text\/javascript\"> var tt_store_content = \"\\<p\\><span class='tooltipsall tooltip_post_id_24572 classtoolTips211'>MIT<\/span> \\= Massachussets Institute of Technology, prestigieuse universit\u00e9 am\u00e9ricaine de la c\u00f4te est\\<\\\/p\\>\"; toolTips('.classtoolTips211',tt_store_content,'24572'); <\/script><script type=\"text\/javascript\"> var tt_store_content = \"\\<p style\\='text\\-align\\: center;'\\>\\<strong\\>J\\<\\\/strong\\>eux \\<strong\\>O\\<\\\/strong\\>lympiques<br\/>ou<br\/>\\<strong\\>J\\<\\\/strong\\>ournal \\<strong\\>O\\<\\\/strong\\>fficiel de la R\u00e9publique Fran\u00e7aise\\<\\\/p\\>\"; toolTips('.classtoolTips213',tt_store_content,'4451'); <\/script><script type=\"text\/javascript\"> var tt_store_content = \"\\<p\\>RN \\= Rassemble National, c'est le parti d'extr\u00eame droite de Marine Le Pen qui succ\u00e8de au FN \\= Front National fond\u00e9 par son p\u00e8re Jean Marie Le Pen\\<\\\/p\\>\"; toolTips('.classtoolTips214',tt_store_content,'30593'); <\/script><script type=\"text\/javascript\"> var tt_store_content = \"\\<p style\\='text\\-align\\: center;'\\>\\<span style\\='font\\-size\\: 14pt;'\\>\\<strong\\>C\\<\\\/strong\\>entre \\<strong\\>H\\<\\\/strong\\>ospitalier\\<\\\/span\\>\\<\\\/p\\>\"; toolTips('.classtoolTips220',tt_store_content,'18357'); <\/script><script type=\"text\/javascript\"> var tt_store_content = \"\\<p\\>D\u00e9chets radioactifs \u00e0 Haute Activit\u00e9 \\(classement <span class='tooltipsall tooltip_post_id_3612 classtoolTips79'>ANDRA<\/span>\\)\\<\\\/p\\>\"; toolTips('.classtoolTips223',tt_store_content,'19196'); <\/script>_______________________<br>Notes<ol class=\"footnotes\"><li id=\"footnote_1_30402\" class=\"footnote\">L\u2019Ind\u00e9pendant <em>Quand le Rassemblement National perd ses nerfs<\/em> 17 juin 2024<span class=\"footnote-back-link-wrapper\">[<a href=\"#identifier_1_30402\" class=\"footnote-link footnote-back-link\">&#8617;<\/a>]<\/span><\/li><li id=\"footnote_2_30402\" class=\"footnote\">George Orwell <em>1984<\/em> 1949<span class=\"footnote-back-link-wrapper\">[<a href=\"#identifier_2_30402\" class=\"footnote-link footnote-back-link\">&#8617;<\/a>]<\/span><\/li><li id=\"footnote_3_30402\" class=\"footnote\">Pierre-Andr\u00e9 Taguieff <em>L&rsquo;illusion populiste : Essai sur les d\u00e9magogies de l&rsquo;\u00e2ge d\u00e9mocratique<\/em>\u00a0 2002<span class=\"footnote-back-link-wrapper\">[<a href=\"#identifier_3_30402\" class=\"footnote-link footnote-back-link\">&#8617;<\/a>]<\/span><\/li><li id=\"footnote_4_30402\" class=\"footnote\">Cas Mudde <em>The Far Right Today<\/em>\u00a0 2019<span class=\"footnote-back-link-wrapper\">[<a href=\"#identifier_4_30402\" class=\"footnote-link footnote-back-link\">&#8617;<\/a>]<\/span><\/li><li id=\"footnote_5_30402\" class=\"footnote\">Louis Ferdinand C\u00e9line, novembre 1942<span class=\"footnote-back-link-wrapper\">[<a href=\"#identifier_5_30402\" class=\"footnote-link footnote-back-link\">&#8617;<\/a>]<\/span><\/li><li id=\"footnote_6_30402\" class=\"footnote\">Jean-Jacques Rousseau, <em>Le Contrat social<\/em> 1762 <span class=\"footnote-back-link-wrapper\">[<a href=\"#identifier_6_30402\" class=\"footnote-link footnote-back-link\">&#8617;<\/a>]<\/span><\/li><li id=\"footnote_7_30402\" class=\"footnote\">Alexis de Tocqueville <em>De la D\u00e9mocratie en Am\u00e9rique<\/em> 1835 1840<span class=\"footnote-back-link-wrapper\">[<a href=\"#identifier_7_30402\" class=\"footnote-link footnote-back-link\">&#8617;<\/a>]<\/span><\/li><li id=\"footnote_8_30402\" class=\"footnote\">Lib\u00e9ration<em> \u00abPr\u00e9parez votre d\u00e9part pour l\u2019Afrique\u00bb <\/em>4 juillet 2024<span class=\"footnote-back-link-wrapper\">[<a href=\"#identifier_8_30402\" class=\"footnote-link footnote-back-link\">&#8617;<\/a>]<\/span><\/li><\/ol>_______________________","protected":false},"excerpt":{"rendered":"<p>Un consensus s&rsquo;est \u00e9tabli au sein des sp\u00e9cialistes en science politique : il identifie trois \u00e9l\u00e9ments n\u00e9cessaires et suffisants pour caract\u00e9riser l\u2019extr\u00eame-droite : le nativisme, le populisme autoritaire et la x\u00e9nophobie.<script type=\"text\/javascript\"> var tt_store_content = \"\\<p\\><span class='tooltipsall tooltip_post_id_23586 classtoolTips107'>NTIC<\/span> \\= Nouvelles technologies de l'information et de la communication\\<\\\/p\\>\"; toolTips('.classtoolTips107',tt_store_content,'23586'); <\/script><script type=\"text\/javascript\"> var tt_store_content = \"\\<p\\>NTIC \\= Nouvelles technologies de l'information et de la communication\\<\\\/p\\>\"; toolTips('.classtoolTips107',tt_store_content,'23586'); <\/script><script type=\"text\/javascript\"> var tt_store_content = \"\\<p\\>NTIC \\= Nouvelles technologies de l'Information et de la Communication\\<\\\/p\\>\"; toolTips('.classtoolTips112',tt_store_content,'30265'); <\/script><script type=\"text\/javascript\"> var tt_store_content = \"Le <span class='tooltipsall tooltip_post_id_3743 classtoolTips128'>CIRC<\/span> est le&nbsp; \\<a href\\='https\\:\\\/\\\/fr\\.wikipedia\\.org\\\/wiki\\\/Centre_international_de_recherche_sur_le_cancer' target\\='_blank' rel\\='noopener'\\>Centre international de Recherche sur le Cancer\\<\\\/a\\>, cr\u00e9\u00e9 en 1965 par l\u2019\\<a href\\='https\\:\\\/\\\/fr\\.wikipedia\\.org\\\/wiki\\\/Organisation_mondiale_de_la_sant%C3%A9' target\\='_blank' rel\\='noopener'\\>Organisation Mondiale de la Sant\u00e9\\<\\\/a\\> \\(OMS\\) des \\<a href\\='https\\:\\\/\\\/fr\\.wikipedia\\.org\\\/wiki\\\/Organisation_des_Nations_unies' target\\='_blank' rel\\='noopener'\\>Nations Unies\\<\\\/a\\>\\.\"; toolTips('.classtoolTips128',tt_store_content,'3743'); <\/script><script type=\"text\/javascript\"> var tt_store_content = \"\\<p\\><span class='tooltipsall tooltip_post_id_19394 classtoolTips134'>SAGE<\/span> \\= \\<span class\\='st'\\> sch\u00e9ma d'am\u00e9nagement et de gestion de l'eau\\<\\\/span\\> , c'est un outil de planification qui concerne l'ensemble des eaux situ\u00e9es dans un bassin versant\\<\\\/p\\>\"; toolTips('.classtoolTips134',tt_store_content,'19394'); <\/script><script type=\"text\/javascript\"> var tt_store_content = \"\\<\/p>\n<p style\\='text\\-align\\: center;'\\>\\<strong\\>\\<span style\\='font\\-size\\: 14pt;'\\>S\\<\\\/span\\>\\<\\\/strong\\>\\<span style\\='font\\-size\\: 14pt;'\\>oci\u00e9t\u00e9 d'\\<strong\\>\u00c9\\<\\\/strong\\>conomie \\<strong\\>M\\<\\\/strong\\>ixte\\<\\\/span\\>\\<\\\/p\\><br \/>\\<\/p>\n<p style\\='text\\-align\\: justify;'\\>En France, une soci\u00e9t\u00e9 d'\u00e9conomie mixte est une soci\u00e9t\u00e9 anonyme dont le capital est majoritairement d\u00e9tenu par une ou plusieurs personnes publiques \\(\u00e0 savoir l'\u00c9tat, une Collectivit\u00e9 territoriale, ou tout autre \u00c9tablissement public\\)\\. Cette participation majoritaire publique est plafonn\u00e9e \u00e0 85&nbsp;% du capital depuis la Loi du 2 janvier 2002\\. Au moins une personne priv\u00e9e doit participer au capital de la <span class='tooltipsall tooltip_post_id_7168 classtoolTips142'>SEM<\/span>, sachant qu'il peut s'agir d'une autre SEM\\.\\<\\\/p\\><br \/>\\<\/p>\n<p style\\='text\\-align\\: justify;'\\>\\<strong\\>Le recours \u00e0 la SEM garantit\\<\\\/strong\\> \u00e0 la collectivit\u00e9 publique actionnaire et cocontractante \\<strong\\>la prise en compte effective de l'int\u00e9r\u00eat g\u00e9n\u00e9ral\\<\\\/strong\\> dans les objectifs de l'entreprise \\<strong\\>et la souplesse de la soci\u00e9t\u00e9 de droit priv\u00e9\\<\\\/strong\\>\\.\\<\\\/p\\><br \/>\\<em\\>\\<a href\\='https\\:\\\/\\\/fr\\.wikipedia\\.org\\\/wiki\\\/Soci%C3%A9t%C3%A9_d%27%C3%A9conomie_mixte' target\\='_blank' rel\\='noopener'\\>Voir ici la page Wikipedia consacr\u00e9e aux SEM\\<\\\/a\\> \\<\\\/em\\><\/p>\n<p>&nbsp;\"; toolTips('.classtoolTips142',tt_store_content,'7168'); <\/script><script type=\"text\/javascript\"> var tt_store_content = \"\\<\/p>\n<p style\\='text\\-align\\: center;'\\>\\<span style\\='font\\-size\\: 14pt;'\\>\\<strong\\>I\\<\\\/strong\\>mp\u00f4t sur la \\<strong\\>F\\<\\\/strong\\>ortune \\<strong\\>I\\<\\\/strong\\>mmobili\u00e8re\\<\\\/span\\>\\<\\\/p\\>\"; toolTips('.classtoolTips148',tt_store_content,'5643'); <\/script><script type=\"text\/javascript\"> var tt_store_content = \"\\<\/p>\n<p style\\='text\\-align\\: center;'\\>\\<span style\\='font\\-size\\: 14pt;'\\>\\<strong\\>R\\<\\\/strong\\>evenu de \\<strong\\>S\\<\\\/strong\\>olidarit\u00e9 \\<strong\\>A\\<\\\/strong\\>ctive\\<\\\/span\\>\\<\\\/p\\><br \/>\\<\/p>\n<p style\\='text\\-align\\: justify;'\\>Le revenu de solidarit\u00e9 active est une prestation sociale fran\u00e7aise, g\u00e9r\u00e9e par les conseils d\u00e9partementaux, vers\u00e9e par les <span class='tooltipsall tooltip_post_id_5652 classtoolTips155'>CAF<\/span> et les MSA et destin\u00e9e \u00e0 garantir \u00e0 ses b\u00e9n\u00e9ficiaires, qu'ils aient ou non la capacit\u00e9 de travailler, un revenu minimum, avec en contrepartie une obligation de chercher un emploi ou de d\u00e9finir et suivre un projet professionnel visant \u00e0 am\u00e9liorer sa situation financi\u00e8re\\.\\<\\\/p\\><br \/>\\<\/p>\n<p style\\='text\\-align\\: justify;'\\>Cette prestation sociale a \u00e9t\u00e9 mise en place en 2009, en remplacement du RMI \\(revenu minimum d'insertion\\), mis en place en 1988\\.\\<\\\/p\\><br \/>\\<\/p>\n<p style\\='text\\-align\\: justify;'\\>En 2016, 2,5 millions de personnes \u00e9taient b\u00e9n\u00e9ficiaires du <span class='tooltipsall tooltip_post_id_5651 classtoolTips154'>RSA<\/span>\\.\\<\\\/p\\><br \/>\\<em\\>\\<a href\\='https\\:\\\/\\\/fr\\.wikipedia\\.org\\\/wiki\\\/Revenu_de_solidarit%C3%A9_active' target\\='_blank' rel\\='noopener'\\>Acc\u00e9der ici \u00e0 la fiche Wikipedia traitant du RSA\\<\\\/a\\><br \/>\\<a href\\='https\\:\\\/\\\/www\\.insee\\.fr\\\/fr\\\/metadonnees\\\/definition\\\/c1718' target\\='_blank' rel\\='noopener'\\>Acc\u00e9der ici \u00e0 la d\u00e9finition du RSA fournie par l'<span class='tooltipsall tooltip_post_id_6978 classtoolTips82'>INSEE<\/span>\\<\\\/a\\>\\<\\\/em\\>\"; toolTips('.classtoolTips154',tt_store_content,'5651'); <\/script><script type=\"text\/javascript\"> var tt_store_content = \"\\<\/p>\n<p style\\='text\\-align\\: center;'\\>\\<span style\\='font\\-size\\: 14pt;'\\>\\<strong\\>R\\<\\\/strong\\>\u00e9pertoire \\<strong\\>N\\<\\\/strong\\>ational des \\<strong\\>A\\<\\\/strong\\>ssociations\\<\\\/span\\>\\<\\\/p\\>\"; toolTips('.classtoolTips159',tt_store_content,'24374'); <\/script><script type=\"text\/javascript\"> var tt_store_content = \"\\<\/p>\n<p style\\='text\\-align\\: center;'\\>\\<strong\\>\\<span style\\='font\\-size\\: 14pt;'\\>G\\<\\\/span\\>\\<\\\/strong\\>\\<span style\\='font\\-size\\: 14pt;'\\>az \u00e0 \\<strong\\>E\\<\\\/strong\\>ffet de \\<strong\\>S\\<\\\/strong\\>erre\\<\\\/span\\>\\<\\\/p\\><br \/>\\<\/p>\n<p style\\='text\\-align\\: justify;'\\>Les gaz \u00e0 effet de serre \\(<span class='tooltipsall tooltip_post_id_7232 classtoolTips161'>GES<\/span>\\) sont des composants gazeux qui absorbent le rayonnement infrarouge \u00e9mis par la surface terrestre et contribuent \u00e0 l'effet de serre\\. L'augmentation de leur concentration dans l'atmosph\u00e8re terrestre est l'un des facteurs \u00e0 l'origine du r\u00e9chauffement climatique\\.\\<\\\/p\\><br \/>\\<a href\\='https\\:\\\/\\\/fr\\.wikipedia\\.org\\\/wiki\\\/Gaz_%C3%A0_effet_de_serre' target\\='_blank' rel\\='noopener'\\>\\<em\\>Voir ici la fiche Wikipedia sur les gaz \u00e0 effet de serre\\<\\\/em\\>\\<\\\/a\\>\"; toolTips('.classtoolTips161',tt_store_content,'7232'); <\/script><script type=\"text\/javascript\"> var tt_store_content = \"\\<\/p>\n<p style\\='text\\-align\\: justify'\\>La \u00ab\u00a0\\<b\\>programmation pluriannuelle de l'\u00e9nergie\\<\\\/b\\>\u00a0\u00bb \\(<span class='tooltipsall tooltip_post_id_7750 classtoolTips164'>PPE<\/span>\\) est, en France, un document strat\u00e9gique de pilotage de la transition \u00e9nerg\u00e9tique\\. Institu\u00e9e par l'article 176 de la \\<a title\\='Loi relative \u00e0 la transition \u00e9nerg\u00e9tique pour la croissance verte' href\\='https\\:\\\/\\\/fr\\.wikipedia\\.org\\\/wiki\\\/Loi_relative_%C3%A0_la_transition_%C3%A9nerg%C3%A9tique_pour_la_croissance_verte'\\>loi de transition \u00e9nerg\u00e9tique\\<\\\/a\\> \\(TECV\\), elle fixe une trajectoire pour le \\<a title\\='Mix \u00e9nerg\u00e9tique' href\\='https\\:\\\/\\\/fr\\.wikipedia\\.org\\\/wiki\\\/Mix_%C3%A9nerg%C3%A9tique'\\>mix \u00e9nerg\u00e9tique\\<\\\/a\\>, ainsi que \\<span class\\='citation'\\>\u00ab\u00a0les priorit\u00e9s d'action pour la gestion de l\u2019ensemble des formes d'\u00e9nergie sur le territoire m\u00e9tropolitain continental, afin d\u2019atteindre les objectifs nationaux fix\u00e9s par la loi\u00a0\u00bb\\<\\\/span\\>\\. \\(Wikip\u00e9dia\\)\\<\\\/p\\>\"; toolTips('.classtoolTips164',tt_store_content,'7750'); <\/script><script type=\"text\/javascript\"> var tt_store_content = \"\\<\/p>\n<p style\\='text\\-align\\: justify'\\>La \u00ab\u00a0\\<b\\>programmation pluriannuelle de l'\u00e9nergie\\<\\\/b\\>\u00a0\u00bb \\(PPE\\) est, en France, un document strat\u00e9gique de pilotage de la transition \u00e9nerg\u00e9tique\\. Institu\u00e9e par l'article 176 de la \\<a title\\='Loi relative \u00e0 la transition \u00e9nerg\u00e9tique pour la croissance verte' href\\='https\\:\\\/\\\/fr\\.wikipedia\\.org\\\/wiki\\\/Loi_relative_%C3%A0_la_transition_%C3%A9nerg%C3%A9tique_pour_la_croissance_verte'\\>loi de transition \u00e9nerg\u00e9tique\\<\\\/a\\> \\(TECV\\), elle fixe une trajectoire pour le \\<a title\\='Mix \u00e9nerg\u00e9tique' href\\='https\\:\\\/\\\/fr\\.wikipedia\\.org\\\/wiki\\\/Mix_%C3%A9nerg%C3%A9tique'\\>mix \u00e9nerg\u00e9tique\\<\\\/a\\>, ainsi que \\<span class\\='citation'\\>\u00ab\u00a0les priorit\u00e9s d'action pour la gestion de l\u2019ensemble des formes d'\u00e9nergie sur le territoire m\u00e9tropolitain continental, afin d\u2019atteindre les objectifs nationaux fix\u00e9s par la loi\u00a0\u00bb\\<\\\/span\\>\\. \\(Wikip\u00e9dia\\)\\<\\\/p\\>\"; toolTips('.classtoolTips164',tt_store_content,'7750'); <\/script><script type=\"text\/javascript\"> var tt_store_content = \"\\<\/p>\n<p style\\='text\\-align\\: justify;'\\>Le Conseil d'Orientation des Retraites est une instance qui r\u00e9unit &nbsp;\\<span class\\='st'\\>les principaux acteurs du champ des retraites\\<\\\/span\\> et effectue un travail d'\u00e9tudes et de concertation\\. Compos\u00e9 de parlementaires, de repr\u00e9sentants des organisations professionnelles et syndicales, des retrait\u00e9s et des familles, de membres de l'administration et d'experts, le Conseil d'orientation des retraites \\(<span class='tooltipsall tooltip_post_id_7751 classtoolTips165'>COR<\/span>\\) est plac\u00e9 aupr\u00e8s du Premier ministre\\.\\<\\\/p\\>\"; toolTips('.classtoolTips165',tt_store_content,'7751'); <\/script><script type=\"text\/javascript\"> var tt_store_content = \"Energies Renouvelables\"; toolTips('.classtoolTips167',tt_store_content,'7758'); <\/script><script type=\"text\/javascript\"> var tt_store_content = \"Energies Renouvelables\"; toolTips('.classtoolTips167',tt_store_content,'7758'); <\/script><script type=\"text\/javascript\"> var tt_store_content = \"\\<\/p>\n<p style\\='text\\-align\\: center;'\\>\\<span style\\='font\\-size\\: 14pt;'\\>\\<strong\\>O\\<\\\/strong\\>rganisation \\<strong\\>M\\<\\\/strong\\>\u00e9t\u00e9orologique \\<strong\\>M\\<\\\/strong\\>ondiale<br \/>\\<strong\\>W\\<\\\/strong\\>orld \\<strong\\>M\\<\\\/strong\\>eteorological \\<strong\\>O\\<\\\/strong\\>rganization\\<\\\/span\\>\\<\\\/p\\><br \/>&nbsp;<\/p>\n<p>\\<a href\\='https\\:\\\/\\\/public\\.wmo\\.int\\\/fr' target\\='_blank' rel\\='noopener'\\>\\<em\\>Acc\u00e9der ici au site de l'organisation\\<\\\/em\\>\\<\\\/a\\>\"; toolTips('.classtoolTips168',tt_store_content,'7763'); <\/script><script type=\"text\/javascript\"> var tt_store_content = \"\\<\/p>\n<p style\\='text\\-align\\: center;'\\>\\<span style\\='font\\-size\\: 14pt;'\\>\\<strong\\>\u00c9\\<\\\/strong\\>cole \\<strong\\>N\\<\\\/strong\\>ationale d'\\<strong\\>A\\<\\\/strong\\>dministration\\<\\\/span\\>\\<\\\/p\\>\"; toolTips('.classtoolTips170',tt_store_content,'5213'); <\/script><script type=\"text\/javascript\"> var tt_store_content = \"\\<\/p>\n<p style\\='text\\-align\\: center;'\\>\\<span style\\='font\\-size\\: 14pt;'\\>\u00c9cole des<br \/>\\<strong\\>H\\<\\\/strong\\>autes \\<strong\\>\u00c9\\<\\\/strong\\>tudes \\<strong\\>C\\<\\\/strong\\>ommerciales\\<\\\/span\\>\\<\\\/p\\>\"; toolTips('.classtoolTips171',tt_store_content,'5214'); <\/script><script type=\"text\/javascript\"> var tt_store_content = \"\\<\/p>\n<p style\\='text\\-align\\: center;'\\>\\<span style\\='font\\-size\\: 14pt;'\\>\\<strong\\>P\\<\\\/strong\\>\\<\\\/span\\>\\<span style\\='font\\-size\\: 14pt;'\\>lan \\<strong\\>L\\<\\\/strong\\>\\<\\\/span\\>\\<span style\\='font\\-size\\: 14pt;'\\>ocal d'\\<strong\\>U\\<\\\/strong\\>\\<\\\/span\\>\\<span style\\='font\\-size\\: 14pt;'\\>rbanisme\\<\\\/span\\>\\<\\\/p\\><br \/>&nbsp;\"; toolTips('.classtoolTips176',tt_store_content,'4979'); <\/script><script type=\"text\/javascript\"> var tt_store_content = \"\\<p\\>Conseil \u00c9conomique et Social\\<\\\/p\\>\"; toolTips('.classtoolTips180',tt_store_content,'29829'); <\/script><script type=\"text\/javascript\"> var tt_store_content = \"\\<\/p>\n<p style\\='text\\-align\\: center;'\\>\\<span style\\='font\\-size\\: 14pt;'\\>\\<strong\\>A\\<\\\/strong\\>gence \\<strong\\>R\\<\\\/strong\\>\u00e9gionale de \\<strong\\>S\\<\\\/strong\\>ant\u00e9\\<\\\/span\\>\\<\\\/p\\>\"; toolTips('.classtoolTips188',tt_store_content,'18356'); <\/script><script type=\"text\/javascript\"> var tt_store_content = \"\\<\/p>\n<p style\\='text\\-align\\: center;'\\>\\<span style\\='font\\-size\\: 14pt;'\\>\\<strong\\>G\\<\\\/strong\\>roupement \\<strong\\>H\\<\\\/strong\\>ospitalier de \\<strong\\>T\\<\\\/strong\\>erritoire\\<\\\/span\\>\\<\\\/p\\><br \/>\\<\/p>\n<p style\\='text\\-align\\: justify;'\\>Les groupements hospitaliers de territoires, dispositif pr\u00e9vu par la loi de sant\u00e9 2016, sont un nouveau mode de coop\u00e9ration entre les \u00e9tablissements publics de sant\u00e9 \u00e0 l\u2019\u00e9chelle d\u2019un territoire\\<\\\/p\\>\"; toolTips('.classtoolTips189',tt_store_content,'18358'); <\/script><script type=\"text\/javascript\"> var tt_store_content = \"\\<\/p>\n<p style\\='text\\-align\\: center;'\\>\\<span style\\='font\\-size\\: 14pt;'\\>\\<strong\\>C\\<\\\/strong\\>omit\u00e9 \\<strong\\>T\\<\\\/strong\\>echnique d'\\<strong\\>\u00c9\\<\\\/strong\\>tablissement\\<\\\/span\\>\\<\\\/p\\>\"; toolTips('.classtoolTips191',tt_store_content,'18359'); <\/script><script type=\"text\/javascript\"> var tt_store_content = \"\\<\/p>\n<p style\\='text\\-align\\: center;'\\>\\<strong\\>\\<span style\\='font\\-size\\: 14pt;'\\>P\\<\\\/span\\>\\<\\\/strong\\>\\<span style\\='font\\-size\\: 14pt;'\\>rogrammation \\<strong\\>P\\<\\\/strong\\>luri\\-annuelle de l'\\<strong\\>\u00c9\\<\\\/strong\\>nergie\\<\\\/span\\>\\<\\\/p\\><br \/>La PPE est est en France un document strat\u00e9gique de pilotage de la transition \u00e9nerg\u00e9tique\\. Institu\u00e9e par l'article 176 de la loi transition \u00e9nerg\u00e9tique \\(TECV\\)\\. Elle fixe \\(par \u00e9nergie\\) une trajectoire pour le mix \u00e9nerg\u00e9tique, ainsi que \u00ab&nbsp;\\<em\\>les priorit\u00e9s d'action pour la gestion de l\u2019ensemble des formes d'\u00e9nergie sur le territoire m\u00e9tropolitain continental, afin d\u2019atteindre les objectifs nationaux fix\u00e9s par la loi\\<\\\/em\\>&nbsp;\u00bb\\.<\/p>\n<p>Initi\u00e9e en 2016, elle est r\u00e9vis\u00e9e en 2018 puis ensuite tous les 5 ans\\.<\/p>\n<p>\\<a href\\='https\\:\\\/\\\/fr\\.wikipedia\\.org\\\/wiki\\\/Programmation_pluriannuelle_de_l'\u00e9nergi' target\\='_blank' rel\\='noopener'\\>\\<em\\>Voir ici la page Wikipedia consacr\u00e9e \u00e0 la PPE\\<\\\/em\\>\\<\\\/a\\><br \/>\\<a href\\='https\\:\\\/\\\/ppe\\.debatpublic\\.fr\\\/' target\\='_blank' rel\\='noopener'\\>\\<em\\>Voir ici la page du site 'Commission du D\u00e9bat Public' consacr\u00e9e \u00e0 la PPE\\<\\\/em\\>\\<\\\/a\\>\"; toolTips('.classtoolTips193',tt_store_content,'7102'); <\/script><script type=\"text\/javascript\"> var tt_store_content = \"\\<\/p>\n<p style\\='text\\-align\\: center;'\\>\\<span style\\='font\\-size\\: 14pt;'\\>\\<strong\\>E\\<\\\/strong\\>volutionary \\<strong\\>P\\<\\\/strong\\>ower \\<strong\\>R\\<\\\/strong\\>eactor\\<\\\/span\\>\\<\\\/p\\><br \/>\\<\/p>\n<p style\\='text\\-align\\: justify;'\\>R\u00e9acteur nucl\u00e9aire de troisi\u00e8me g\u00e9n\u00e9ration \\(classification internationale\\), con\u00e7u et d\u00e9velopp\u00e9 par <span class='tooltipsall tooltip_post_id_5121 classtoolTips35'>Areva NP<\/span>&nbsp; au cours des ann\u00e9es 1990 et 2000\\. Il fait partie de la fili\u00e8re des r\u00e9acteurs \u00e0 eau pressuris\u00e9e\\.\\<\\\/p\\><br \/>\\<a href\\='https\\:\\\/\\\/fr\\.wikipedia\\.org\\\/wiki\\\/R%C3%A9acteur_pressuris%C3%A9_europ%C3%A9en' target\\='_blank' rel\\='noopener'\\>\\<em\\>Voir ici la fiche Wikipedia <span class='tooltipsall tooltip_post_id_5579 classtoolTips196'>EPR<\/span>\\<\\\/em\\>\\<\\\/a\\>\"; toolTips('.classtoolTips196',tt_store_content,'5579'); <\/script><script type=\"text\/javascript\"> var tt_store_content = \"\\<\/p>\n<p style\\='text\\-align\\: center;'\\>\\<strong\\>R\\<\\\/strong\\>\u00e9seau \\<strong\\>A\\<\\\/strong\\>ction \\<strong\\>C\\<\\\/strong\\>limat\\<\\\/p\\><br \/>Le r\u00e9seau Action Climat '\\<em\\>f\u00e9d\u00e8re les associations impliqu\u00e9es dans la lutte contre les changements climatiques et pour une transition \u00e9cologique, solidaire et \u00e9quitable\\<\\\/em\\>'\\.<\/p>\n<p>\\<a href\\='https\\:\\\/\\\/reseauactionclimat\\.org\\\/' target\\='_blank' rel\\='noopener'\\>Voir le site du <span class='tooltipsall tooltip_post_id_4309 classtoolTips200'>RAC<\/span>\\<\\\/a\\>\"; toolTips('.classtoolTips200',tt_store_content,'4309'); <\/script><script type=\"text\/javascript\"> var tt_store_content = \"\\<\/p>\n<p style\\='text\\-align\\: center;'\\>\\<strong\\>\\<span style\\='font\\-size\\: 14pt;'\\>R\\<\\\/span\\>\\<\\\/strong\\>\\<span style\\='font\\-size\\: 14pt;'\\>eferendum d'\\<strong\\>I\\<\\\/strong\\>nitiative \\<strong\\>C\\<\\\/strong\\>itoyenne\\<\\\/span\\>\\<\\\/p\\>\"; toolTips('.classtoolTips205',tt_store_content,'12268'); <\/script><script type=\"text\/javascript\"> var tt_store_content = \"\\<p\\><span class='tooltipsall tooltip_post_id_25844 classtoolTips208'>RTE<\/span> \\= R\u00e9seau de Transport d'Electricit\u00e9 est une filiale d'<span class='tooltipsall tooltip_post_id_7035 classtoolTips178'>EDF<\/span> qui est l'actionnaire majoritaire avec 50,1% des parts le reste \u00e9tant partag\u00e9 par la CDC et la CNP\\<\\\/p\\>\"; toolTips('.classtoolTips208',tt_store_content,'25844'); <\/script><script type=\"text\/javascript\"> var tt_store_content = \"\\<\/p>\n<p style\\='text\\-align\\: center;'\\>\\<span style\\='font\\-size\\: 14pt;'\\>\\<strong\\>O\\<\\\/strong\\>rganisation\\<strong\\> N\\<\\\/strong\\>on\\<strong\\> G\\<\\\/strong\\>ouvernementale\\<\\\/span\\>\\<\\\/p\\><br \/>Une organisation non gouvernementale \\(<span class='tooltipsall tooltip_post_id_3579 classtoolTips210'>ONG<\/span>\\) est une \\<a title\\='Association \u00e0 but non lucratif' href\\='https\\:\\\/\\\/fr\\.wikipedia\\.org\\\/wiki\\\/Association_%C3%A0_but_non_lucratif' target\\='_blank' rel\\='noopener'\\>association \u00e0 but non lucratif\\<\\\/a\\>, d'int\u00e9r\u00eat public, qui ne rel\u00e8ve ni de l'\u00c9tat, ni d'institutions internationales\\<sup id\\='cite_ref\\-novethic_1\\-0' class\\='reference'\\>\\<\\\/sup\\>\\. Les ONG n'ont pas le statut de sujet de \\<a title\\='Droit international public' href\\='https\\:\\\/\\\/fr\\.wikipedia\\.org\\\/wiki\\\/Droit_international_public' target\\='_blank' rel\\='noopener'\\>droit international\\<\\\/a\\>\\.\"; toolTips('.classtoolTips210',tt_store_content,'3579'); <\/script><script type=\"text\/javascript\"> var tt_store_content = \"\\<\/p>\n<p style\\='text\\-align\\: center;'\\>\\<span style\\='font\\-size\\: 14pt;'\\>\\<strong\\>O\\<\\\/strong\\>rganisation\\<strong\\> N\\<\\\/strong\\>on\\<strong\\> G\\<\\\/strong\\>ouvernementale\\<\\\/span\\>\\<\\\/p\\><br \/>Une organisation non gouvernementale \\(ONG\\) est une \\<a title\\='Association \u00e0 but non lucratif' href\\='https\\:\\\/\\\/fr\\.wikipedia\\.org\\\/wiki\\\/Association_%C3%A0_but_non_lucratif' target\\='_blank' rel\\='noopener'\\>association \u00e0 but non lucratif\\<\\\/a\\>, d'int\u00e9r\u00eat public, qui ne rel\u00e8ve ni de l'\u00c9tat, ni d'institutions internationales\\<sup id\\='cite_ref\\-novethic_1\\-0' class\\='reference'\\>\\<\\\/sup\\>\\. Les ONG n'ont pas le statut de sujet de \\<a title\\='Droit international public' href\\='https\\:\\\/\\\/fr\\.wikipedia\\.org\\\/wiki\\\/Droit_international_public' target\\='_blank' rel\\='noopener'\\>droit international\\<\\\/a\\>\\.\"; toolTips('.classtoolTips210',tt_store_content,'3579'); <\/script><script type=\"text\/javascript\"> var tt_store_content = \"\\<p\\><span class='tooltipsall tooltip_post_id_24572 classtoolTips211'>MIT<\/span> \\= Massachussets Institute of Technology, prestigieuse universit\u00e9 am\u00e9ricaine de la c\u00f4te est\\<\\\/p\\>\"; toolTips('.classtoolTips211',tt_store_content,'24572'); <\/script><script type=\"text\/javascript\"> var tt_store_content = \"\\<\/p>\n<p style\\='text\\-align\\: center;'\\>\\<strong\\>J\\<\\\/strong\\>eux \\<strong\\>O\\<\\\/strong\\>lympiques<br \/>ou<br \/>\\<strong\\>J\\<\\\/strong\\>ournal \\<strong\\>O\\<\\\/strong\\>fficiel de la R\u00e9publique Fran\u00e7aise\\<\\\/p\\>\"; toolTips('.classtoolTips213',tt_store_content,'4451'); <\/script><script type=\"text\/javascript\"> var tt_store_content = \"\\<p\\><span class='tooltipsall tooltip_post_id_30593 classtoolTips214'>RN<\/span> \\= Rassemble National, c'est le parti d'extr\u00eame droite de Marine Le Pen qui succ\u00e8de au FN \\= Front National fond\u00e9 par son p\u00e8re Jean Marie Le Pen\\<\\\/p\\>\"; toolTips('.classtoolTips214',tt_store_content,'30593'); <\/script><script type=\"text\/javascript\"> var tt_store_content = \"\\<\/p>\n<p style\\='text\\-align\\: center;'\\>\\<span style\\='font\\-size\\: 14pt;'\\>\\<strong\\>C\\<\\\/strong\\>entre \\<strong\\>H\\<\\\/strong\\>ospitalier\\<\\\/span\\>\\<\\\/p\\>\"; toolTips('.classtoolTips220',tt_store_content,'18357'); <\/script><script type=\"text\/javascript\"> var tt_store_content = \"\\<p\\>D\u00e9chets radioactifs \u00e0 Haute Activit\u00e9 \\(classement <span class='tooltipsall tooltip_post_id_3612 classtoolTips79'>ANDRA<\/span>\\)\\<\\\/p\\>\"; toolTips('.classtoolTips223',tt_store_content,'19196'); <\/script><\/p>\n","protected":false},"author":47,"featured_media":0,"comment_status":"open","ping_status":"open","sticky":false,"template":"","format":"standard","meta":{"_acf_changed":false,"ngg_post_thumbnail":0,"_jetpack_memberships_contains_paid_content":false,"footnotes":""},"categories":[6,9,5,27],"tags":[],"coauthors":[211],"class_list":["post-30402","post","type-post","status-publish","format-standard","hentry","category-actu","category-actu_gen","category-rub_pol","category-rub","edition-edi_00111","edition-edi_00112","type_art-type_art_article","dossier-dossiers_changer_les_institutions","no-thumb"],"acf":[],"jetpack_featured_media_url":"","jetpack_sharing_enabled":true,"jetpack_shortlink":"https:\/\/wp.me\/p9B5TM-7Um","_links":{"self":[{"href":"https:\/\/le-clairon-nouveau.fr\/wordpress\/wp-json\/wp\/v2\/posts\/30402","targetHints":{"allow":["GET"]}}],"collection":[{"href":"https:\/\/le-clairon-nouveau.fr\/wordpress\/wp-json\/wp\/v2\/posts"}],"about":[{"href":"https:\/\/le-clairon-nouveau.fr\/wordpress\/wp-json\/wp\/v2\/types\/post"}],"author":[{"embeddable":true,"href":"https:\/\/le-clairon-nouveau.fr\/wordpress\/wp-json\/wp\/v2\/users\/47"}],"replies":[{"embeddable":true,"href":"https:\/\/le-clairon-nouveau.fr\/wordpress\/wp-json\/wp\/v2\/comments?post=30402"}],"version-history":[{"count":0,"href":"https:\/\/le-clairon-nouveau.fr\/wordpress\/wp-json\/wp\/v2\/posts\/30402\/revisions"}],"wp:attachment":[{"href":"https:\/\/le-clairon-nouveau.fr\/wordpress\/wp-json\/wp\/v2\/media?parent=30402"}],"wp:term":[{"taxonomy":"category","embeddable":true,"href":"https:\/\/le-clairon-nouveau.fr\/wordpress\/wp-json\/wp\/v2\/categories?post=30402"},{"taxonomy":"post_tag","embeddable":true,"href":"https:\/\/le-clairon-nouveau.fr\/wordpress\/wp-json\/wp\/v2\/tags?post=30402"},{"taxonomy":"author","embeddable":true,"href":"https:\/\/le-clairon-nouveau.fr\/wordpress\/wp-json\/wp\/v2\/coauthors?post=30402"}],"curies":[{"name":"wp","href":"https:\/\/api.w.org\/{rel}","templated":true}]}}