{"id":30434,"date":"2024-09-23T12:30:36","date_gmt":"2024-09-23T10:30:36","guid":{"rendered":"https:\/\/le-clairon-nouveau.fr\/wordpress\/?p=30434"},"modified":"2024-09-23T11:43:07","modified_gmt":"2024-09-23T09:43:07","slug":"le-pire-du-parlementarisme-le-pire-du-presidentialisme","status":"publish","type":"post","link":"https:\/\/le-clairon-nouveau.fr\/wordpress\/blog\/2024\/09\/23\/le-pire-du-parlementarisme-le-pire-du-presidentialisme\/","title":{"rendered":"Le pire du parlementarisme, le pire du pr\u00e9sidentialisme."},"content":{"rendered":"<p>&nbsp;<\/p>\n<p style=\"text-align: justify;\"><em><strong>Fid\u00e8le \u00e0 notre devise \u00ab\u00a0Le Clairon, un journal qui s&rsquo;exerce \u00e0 r\u00e9fl\u00e9chir\u00a0\u00bb, il nous a sembl\u00e9 utile, dans la p\u00e9riode de grande confusion que nous traversons, de pr\u00e9senter \u00e0 nos lecteurs ce texte qui nous semble plus propice \u00e0 la r\u00e9flexion que le tourbillon d&rsquo;\u00e9l\u00e9ments de langage et de palynodies qui saturent la communication politique actuelle.<\/strong><\/em><\/p>\n<p style=\"text-align: right;\"><em>La r\u00e9daction<\/em><\/p>\n<div id=\"attachment_30485\" style=\"width: 644px\" class=\"wp-caption aligncenter\"><img data-recalc-dims=\"1\" loading=\"lazy\" decoding=\"async\" aria-describedby=\"caption-attachment-30485\" class=\"wp-image-30485\" src=\"https:\/\/i0.wp.com\/le-clairon-nouveau.fr\/wordpress\/wp-content\/uploads\/2024\/09\/Monopoly.png?resize=634%2C421&#038;ssl=1\" alt=\"\" width=\"634\" height=\"421\" srcset=\"https:\/\/i0.wp.com\/le-clairon-nouveau.fr\/wordpress\/wp-content\/uploads\/2024\/09\/Monopoly.png?resize=300%2C199&amp;ssl=1 300w, https:\/\/i0.wp.com\/le-clairon-nouveau.fr\/wordpress\/wp-content\/uploads\/2024\/09\/Monopoly.png?resize=1024%2C678&amp;ssl=1 1024w, https:\/\/i0.wp.com\/le-clairon-nouveau.fr\/wordpress\/wp-content\/uploads\/2024\/09\/Monopoly.png?resize=272%2C182&amp;ssl=1 272w, https:\/\/i0.wp.com\/le-clairon-nouveau.fr\/wordpress\/wp-content\/uploads\/2024\/09\/Monopoly.png?w=1280&amp;ssl=1 1280w\" sizes=\"auto, (max-width: 634px) 100vw, 634px\" \/><p id=\"caption-attachment-30485\" class=\"wp-caption-text\"><center><b><i>Monopoly (Image par Gordon Johnson de Pixabay)<\/i><\/b><\/center><\/p><\/div>\n<p>&nbsp;<\/p>\n<p>&nbsp;<\/p>\n<p style=\"text-align: justify;\">Voici que nous red\u00e9couvrons le syst\u00e8me parlementaire&nbsp;! Pour les militants qui d\u00e9fendent des mesures telles que la <span class='tooltipsall tooltip_post_id_29822 classtoolTips1'>proportionnelle<\/span> ou un pouvoir accru pour l\u2019Assembl\u00e9e Nationale, les deux derni\u00e8res ann\u00e9es sont quelque peu \u00e9c\u0153urantes. Nous ne sommes plus vraiment en V<sup>\u00e8me<\/sup> R\u00e9publique, le parlement ressemble \u00e0 un parlement \u00e9lu \u00e0 la proportionnelle, le pr\u00e9sident est d\u00e9savou\u00e9, et pourtant les champions de la bourgeoisie commettent les pires forfaits d\u00e9mocratiques impun\u00e9ment. Ce triste spectacle nous am\u00e8ne \u00e0 nous poser la question :<br \/>\n<strong><em>Est-ce qu\u2019une VI<sup>\u00e8me<\/sup> R\u00e9publique changerait \u00e0 elle-seule le rapport de forces, notoirement favorable au patronat&nbsp;?<\/p>\n<p>\n<\/em><\/strong><\/p>\n<p><span style=\"font-size: 14pt;\"><strong><u>Une strat\u00e9gie pour la VI<sup>\u00e8me<\/sup> R\u00e9publique &nbsp;qui a bien v\u00e9cu, mais qui a v\u00e9cu.<\/u><\/strong><\/span><\/p>\n<p style=\"text-align: justify;\">Pour les pr\u00e9sidentielles de 2012 et 2017, la question d\u2019une VI<sup>\u00e8me<\/sup> R\u00e9publique a \u00e9t\u00e9 habilement mise au centre du d\u00e9bat par le candidat du Front de Gauche (2012) puis de la France Insoumise (2017). L\u2019id\u00e9e n\u2019\u00e9tait pas nouvelle, puisqu\u2019elle \u00e9tait en fait aussi vieille que la V<sup>\u00e8me<\/sup> &nbsp;R\u00e9publique, mais elle est revenue en force dans le d\u00e9bat \u00e0 cette occasion. Quels \u00e9taient les avantages de la r\u00e9forme constitutionnelle voulue par la gauche radicale de l\u2019\u00e9poque&nbsp;?<\/p>\n<ul>\n<li style=\"text-align: justify;\">En finir avec le pr\u00e9sidentialisme, et renouer avec le meilleur des traditions r\u00e9publicaines fran\u00e7aises.<\/li>\n<li style=\"text-align: justify;\">S\u2019ouvrir \u00e0 plus de pluralisme \u00e0 l\u2019Assembl\u00e9e nationale. Rappelons qu\u2019\u00e0 l\u2019\u00e9poque, le bipartisme pr\u00e9valait, et qu\u2019il \u00e9tait tr\u00e8s difficile pour une force de gauche alternative au PS d\u2019\u00eatre repr\u00e9sent\u00e9e. L\u2019inspiration provenait des r\u00e9gimes parlementaires europ\u00e9ens.<\/li>\n<li style=\"text-align: justify;\">Profiter de l\u2019\u00e9tat de gr\u00e2ce pr\u00e9sidentiel et du K.O technique de la bourgeoisie pour convoquer une Assembl\u00e9e constituante, et faire passer des r\u00e9formes progressistes facilement. L\u2019inspiration provenait de l\u2019Equateur de Rafael Correa, qui se dota de l\u2019une des constitutions les plus progressistes et \u00e9cologiques du monde en 2006.<\/li>\n<li style=\"text-align: justify;\">Innover, cr\u00e9er une v\u00e9ritable d\u00e9mocratie du citoyen et du travailleur. Le <span class='tooltipsall tooltip_post_id_12268 classtoolTips205'>RIC<\/span> <sup><a href=\"#footnote_1_30434\" id=\"identifier_1_30434\" class=\"footnote-link footnote-identifier-link\" title=\"R&eacute;f&eacute;rendum d&rsquo;initiative citoyenne\">(1)<\/a><\/sup> popularis\u00e9 par le mouvement des gilets jaunes, l\u2019introduction de la d\u00e9mocratie en entreprise, la transformation du S\u00e9nat en chambre repr\u00e9sentative des forces syndicales et associatives. Pr\u00e9cisons que toutes <span class='tooltipsall tooltip_post_id_29829 classtoolTips180'>ces<\/span> mesures ne figuraient pas dans les programmes de 2012 et 2017.<\/li>\n<\/ul>\n<p style=\"text-align: justify;\">La tactique \u00e9lectorale pour arriver \u00e0 cette fin \u00e9tait simple : 1) \u00c9lection de M\u00e9lenchon, 2) Convocation de l\u2019Assembl\u00e9e constituante 3) Mise en place du nouveau r\u00e9gime. Le changement de r\u00e9gime \u00e9tait difficilement envisageable sans l\u2019impulsion de la pr\u00e9sidentielle.<\/p>\n<p style=\"text-align: justify;\">Mais l\u2019Histoire est fac\u00e9tieuse : \u00e0 partir de 2022, les perspectives \u00e9lectorales les plus favorables \u00e0 la gauche ne vinrent plus de la pr\u00e9sidentielle mais des l\u00e9gislatives. Il \u00e9tait dans ce cas difficile de proc\u00e9der \u00e0 des changements constitutionnels du fait de la cohabitation et de l\u2019inclusion dans la <span class='tooltipsall tooltip_post_id_27252 classtoolTips87'>NUPES<\/span> ou du <span class='tooltipsall tooltip_post_id_30597 classtoolTips181'>NFP<\/span> de forces politique moins favorables \u00e0 une VI<sup>\u00e8me<\/sup> R\u00e9publique.<\/p>\n<p><span style=\"font-size: 14pt;\"><strong><u>Le parlementarisme ne donne pas si envie que \u00e7a.<\/u><\/strong><\/span><\/p>\n<p style=\"text-align: justify;\"><strong><em>Pire ! Nous d\u00e9couvrons aujourd\u2019hui le \u00ab\u00a0worst-off \u00a0\u00bb du parlementarisme et du pr\u00e9sidentialisme : <\/em><\/strong><\/p>\n<p style=\"text-align: justify;\">\u00ab\u00a0Vous avez vot\u00e9 pour que le NFP soit en t\u00eate ? Eh bien on va&nbsp; mixer des petits morceaux de gauche avec <span class='tooltipsall tooltip_post_id_30594 classtoolTips215'>LR<\/span> pour vous proposer Cazeneuve, Bertrand ou Barnier. Apr\u00e8s tout n\u2019y a-t-il pas en Allemagne ou au parlement europ\u00e9en des coalitions entre le centre droit et le centre gauche&nbsp;?\u00a0\u00bb<\/p>\n<p style=\"text-align: justify;\">\u00ab\u00a0Vous avez fait le front r\u00e9publicain en faveur de candidats macronistes&nbsp;? \u00c7a n\u2019existe plus, mon ennemi c\u2019est toujours l\u2019<span class='tooltipsall tooltip_post_id_3596 classtoolTips149'>ISF<\/span>&nbsp;! Maintenant le gouvernement tient avec l\u2019abstention du <span class='tooltipsall tooltip_post_id_30593 classtoolTips214'>RN<\/span>.\u00a0\u00bb<\/p>\n<p style=\"text-align: justify;\">Une seule bonne nouvelle : priv\u00e9 du pouvoir, l\u2019unit\u00e9 du NFP a surv\u00e9cu, alors que des coalitions de gauche n\u2019existent pas en Allemagne ou en Belgique. Pourquoi ? D\u00e9veloppons cet aspect de mani\u00e8re moins pol\u00e9mique, qu\u2019est-ce qui a fait tenir le NFP, qui n\u2019existe pas dans de nombreux r\u00e9gimes parlementaires ? <u>C\u2019est le <span class='tooltipsall tooltip_post_id_29824 classtoolTips7'>scrutin majoritaire<\/span>.<\/u><\/p>\n<p style=\"text-align: justify;\">En Allemagne, un \u00e9lecteur du SPD vote pour le SPD seul, avec la perspective admise que ce parti gouverne la plupart du temps avec la droite. En France, un d\u00e9put\u00e9 PS est \u00e9lu avec des voix insoumises, \u00e9cologistes, communistes. Ce mode de scrutin oblige \u00e0 une solidarit\u00e9 entre les d\u00e9put\u00e9s d\u2019une coalition, pour r\u00e9sumer : avec un scrutin proportionnel, les coalitions se forment <strong><u>apr\u00e8s<\/u> <\/strong>les \u00e9lections ; avec un scrutin majoritaire, les coalitions se forment <strong><u>avant<\/u><\/strong> les \u00e9lections.<\/p>\n<p style=\"text-align: justify;\">Former un gouvernement d\u2019unit\u00e9 allant du PS \u00e0 LR n\u2019a aucun sens d\u00e9mocratique en France. Les Cazeneuve et consorts ne peuvent pas l\u2019ignorer.<\/p>\n<p style=\"text-align: justify;\">Car oui, r\u00e9p\u00e9tons-le : l\u2019esprit de la V<sup>\u00e8me<\/sup> R\u00e9publique, bas\u00e9 sur la transformation d\u2019une majorit\u00e9 relative en majorit\u00e9 absolue, aurait d\u00fb amener \u00e0 un gouvernement men\u00e9 par Lucie Castets.<br \/>\nIl est \u00e9vident que la gauche a raison de s\u2019indigner&#8230;n\u2019y a-t-il pas autre chose \u00e0 mettre en place ?<\/p>\n<p>&nbsp;<\/p>\n<p><span style=\"font-size: 14pt;\"><strong><u>Des na\u00efvet\u00e9s de la gauche parlementaire.<\/u><\/strong><\/span><\/p>\n<p>Car une fois l\u2019indignation pass\u00e9e, on ne peut que constater que&nbsp;:<\/p>\n<ul>\n<li style=\"text-align: justify;\">La bourgeoisie se fiche de l\u2019esprit du scrutin, 140 d\u00e9put\u00e9s RN, c\u2019est avant tout des d\u00e9put\u00e9s qui votent potentiellement dans leur int\u00e9r\u00eat. <strong>Un gouvernement tributaire du RN \u00e9tait \u00e0 pr\u00e9voir, c\u2019est d\u2019ailleurs d\u00e9j\u00e0 arriv\u00e9 en Su\u00e8de.<\/strong><\/li>\n<li style=\"text-align: justify;\">La gauche, ironie du sort, se retrouve alors \u00e0 d\u00e9fendre l\u2019esprit de la V<sup>\u00e8me<\/sup> R\u00e9publique pour d\u00e9fendre son droit \u00e0 gouverner ? Demander le gouvernement avec une majorit\u00e9 relative seulement n\u2019est-il pas un raisonnement vici\u00e9 par le scrutin majoritaire de la cinqui\u00e8me ?<\/li>\n<\/ul>\n<p style=\"text-align: justify;\"><strong><em>Nous avons commis une erreur collective. C\u2019est de croire que le champion de la bourgeoisie nous octroierait un gouvernement avec 210 d\u00e9put\u00e9s au mieux. Bien s\u00fbr que le gouvernement par la <\/em><\/strong><strong><em>gauche est l\u00e9gitime, bien s\u00fbr que la nomination de Barnier est un d\u00e9ni d\u00e9mocratique. Le forfait de Macron n\u2019\u00e9tait-il pas pr\u00e9visible&nbsp;?<\/em><\/strong><\/p>\n<p style=\"text-align: justify;\">A ce sujet, il est amusant de constater que les factions les plus oppos\u00e9es de la gauche (Cazeneuve et <span class='tooltipsall tooltip_post_id_27250 classtoolTips175'>LFI<\/span>), ont toutes les deux \u00e9t\u00e9 tr\u00e8s na\u00efves sur le rapport de forces actuel.<br \/>\nQuel est le point commun entre croire \u00e0 Cazeneuve faisant une politique de gauche et croire \u00e0 Castets <strong>pouvant<\/strong> faire une politique de gauche&nbsp;? L\u2019oubli que le <span class='tooltipsall tooltip_post_id_5650 classtoolTips78'>Medef<\/span> et le <span class='tooltipsall tooltip_post_id_30440 classtoolTips71'>CAC 40<\/span> existent.<\/p>\n<p style=\"text-align: justify;\">Au lieu de nous \u00e9mouvoir tout l\u2019\u00e9t\u00e9 des libert\u00e9s que prenait Macron avec les r\u00e9sultats de l\u2019\u00e9lection parlementaire, n\u2019aurait-il pas \u00e9t\u00e9 plus utile de construire un mouvement populaire coh\u00e9rent&nbsp;en pr\u00e9vision d\u2019un \u00e9ni\u00e8me virage \u00e0 droite du pr\u00e9sident&nbsp;? La gauche parlementaire ne devrait-elle pas nourrir le mouvement social plut\u00f4t que lui qu\u00e9mander de l\u2019aide&nbsp;?<\/p>\n<p style=\"text-align: justify;\">A ce sujet, le fait que la manifestation du 07\/09 ne compte que trois organisations signataires me semble particuli\u00e8rement r\u00e9v\u00e9lateur&nbsp;: suite \u00e0 ses bons r\u00e9sultats aux l\u00e9gislatives, la gauche s\u2019est concentr\u00e9e sur une prise de pouvoir institutionnelle, ce qui est hasardeux lorsque l\u2019on a 200 d\u00e9put\u00e9s et la bourgeoisie contre soi.<\/p>\n<p style=\"text-align: justify;\"><strong><em>Le rapport de forces \u00e0 l\u2019Assembl\u00e9e nationale n\u2019est pas favorable \u00e0 la gauche : construisons un mouvement social puissant et long, en coh\u00e9rence avec les organisations syndicales et les associations, et r\u00e9fl\u00e9chissons d\u2019ores et d\u00e9j\u00e0 \u00e0 de nouvelles formes d\u00e9mocratiques dans les collectivit\u00e9s et les entreprises.<\/em><\/strong><\/p>\n<p style=\"text-align: justify;\"><strong><em>Cela para\u00eet quelque peu incantatoire, et du travail reste \u00e0 faire, mais il est clair qu\u2019aujourd\u2019hui, la perspective d\u2019avanc\u00e9es sociales g\u00e9n\u00e9r\u00e9es par une VI<sup>\u00e8me<\/sup> R\u00e9publique, mise en place de mani\u00e8re verticale, s\u2019\u00e9loigne plus que ne se rapproche. Il ne tient qu\u2019\u00e0 nous de changer notre strat\u00e9gie.<\/em><\/strong><\/p>\n<p><strong>&nbsp;<\/strong><\/p>\n<p><span style=\"font-size: 14pt;\"><strong><u>La majorit\u00e9 relative de la gauche au service des luttes sociales.<\/u><\/strong><\/span><\/p>\n<p><strong><em>Donnons une piste.<\/em><\/strong><\/p>\n<p style=\"text-align: justify;\">Aujourd\u2019hui, il y a \u00e0 l\u2019Assembl\u00e9e une majorit\u00e9 contre la r\u00e9forme des retraites, si l\u2019on compte les d\u00e9put\u00e9s RN et ceux du NFP.<\/p>\n<p style=\"text-align: justify;\">Bien s\u00fbr, une alliance formelle n\u2019est pas envisageable, et la sinc\u00e9rit\u00e9 des d\u00e9put\u00e9s frontistes sur cette question est l\u00e9gitimement remise en cause, rendant toute abrogation par la voie parlementaire incertaine et au co\u00fbt politique exorbitant.<br \/>\nReste que les \u00e9lecteurs frontistes ont aussi vot\u00e9 pour sanctionner le vote de cette r\u00e9forme, que faire de cette donn\u00e9e&nbsp;?<\/p>\n<p style=\"text-align: justify;\">Je citerai alors Denis Renard, membre de l\u2019ex\u00e9cutif d\u00e9partemental 11 du PCF \u00ab&nbsp;A minima, la position unitaire des 8 organisations syndicales devrait \u00eatre, \u00e0 mon avis, de lancer une p\u00e9tition pour demander l&rsquo;abrogation de cette r\u00e9forme des retraites en s&rsquo;appuyant sur le fait qu&rsquo;il y a une majorit\u00e9 possible \u00e0 l&rsquo;Assembl\u00e9e nationale pour la voter.&nbsp;\u00bb<\/p>\n<p style=\"text-align: justify;\">Voil\u00e0 un exemple de parlementarisme qui pourrait nourrir la lutte. En retour, une victoire du mouvement social est, il me semble, la seule chose capable d\u2019unir la gauche et la sortir de son nombrilisme.<br \/>\n&nbsp;&nbsp;&nbsp;&nbsp;&nbsp;&nbsp;&nbsp;&nbsp;&nbsp;&nbsp;&nbsp;&nbsp;&nbsp;&nbsp;&nbsp;&nbsp;&nbsp;&nbsp;&nbsp;&nbsp;&nbsp;&nbsp;&nbsp;&nbsp;&nbsp;&nbsp;&nbsp;&nbsp;&nbsp;&nbsp;&nbsp;&nbsp;&nbsp;&nbsp;&nbsp;&nbsp;&nbsp;&nbsp;&nbsp;&nbsp;&nbsp;&nbsp;&nbsp;&nbsp;&nbsp;&nbsp;&nbsp;&nbsp;&nbsp;&nbsp;&nbsp;&nbsp;&nbsp;&nbsp;&nbsp;&nbsp;&nbsp;&nbsp;&nbsp;&nbsp;&nbsp;&nbsp;&nbsp;&nbsp;&nbsp;&nbsp;&nbsp;&nbsp;&nbsp;&nbsp;&nbsp;&nbsp;&nbsp;&nbsp;&nbsp;&nbsp;&nbsp;&nbsp;&nbsp;&nbsp;&nbsp;&nbsp;&nbsp;&nbsp;&nbsp;&nbsp;&nbsp;&nbsp;&nbsp;&nbsp;&nbsp;&nbsp;&nbsp;&nbsp;&nbsp;&nbsp;&nbsp;&nbsp;&nbsp;&nbsp;&nbsp;&nbsp;&nbsp;&nbsp;&nbsp;<\/p>\n<p style=\"text-align: right;\"><em>Th\u00e9o Demenge pour le Clairon de l&rsquo;Atax le 12\/09\/2024<\/em><\/p>\n<script type=\"text\/javascript\"> var tt_store_content = \"\\<p style\\='text\\-align\\: justify'\\>Le mode de scrutin proportionnel attribue les si\u00e8<span class='tooltipsall tooltip_post_id_7232 classtoolTips161'>ges<\/span> selon le nombre de voix\\. Le scrutin proportionnel ne concerne que les \u00e9lections pour des listes de candidats \\(scrutin de liste\\)\\.\\<\\\/p\\><br\/>\\<p style\\='text\\-align\\: justify'\\>\\(source vie publique\u00a0 \\: \\<a href\\='https\\:\\\/\\\/www\\.vie\\-publique\\.fr\\\/fiches\\\/23948\\-quels\\-sont\\-les\\-differents\\-modes\\-de\\-scrutin'\\>https\\:\\\/\\\/www\\.vie\\-publique\\.fr\\\/fiches\\\/23948\\-quels\\-sont\\-les\\-differents\\-modes\\-de\\-scrutin\\<\\\/a\\> \\)\\<\\\/p\\>\"; toolTips('.classtoolTips1',tt_store_content,'29822'); <\/script><script type=\"text\/javascript\"> var tt_store_content = \"\\<p style\\='text\\-align\\: justify'\\>Le scrutin majoritaire permet l'\u00e9lection de celui ou de ceux qui ont obtenu le plus de voix\\. Quand il s'agit d\u2019attribuer un si\u00e8ge, on dit que le scrutin est uninominal\\.\\<\\\/p\\><br\/>\\<p style\\='text\\-align\\: justify'\\>Dans \\<strong\\>le scrutin majoritaire \u00e0 deux tours\\<\\\/strong\\>, la victoire d\u00e8s le premier tour requiert l'obtention d\u2019une \\<a class\\='vp\\-glossary\\-word' href\\='https\\:\\\/\\\/www\\.vie\\-publique\\.fr\\\/fiches\\\/23948\\-quels\\-sont\\-les\\-differents\\-modes\\-de\\-scrutin\\#' aria\\-describedby\\='tooltip\\-8279' data\\-fr\\-js\\-tooltip\\-referent\\='true'\\>majorit\u00e9 absolue\\<\\\/a\\> des voix, avec parfois l\u2019obligation de r\u00e9unir un nombre minimal d\u2019\u00e9lecteurs inscrits\\. Si ces conditions ne sont pas remplies, un second tour est organis\u00e9\\.\\<\\\/p\\><br\/>\\<p\\>\\(source vie publique \\: \\<a href\\='https\\:\\\/\\\/www\\.vie\\-publique\\.fr\\\/fiches\\\/23948\\-quels\\-sont\\-les\\-differents\\-modes\\-de\\-scrutin'\\>https\\:\\\/\\\/www\\.vie\\-publique\\.fr\\\/fiches\\\/23948\\-quels\\-sont\\-les\\-differents\\-modes\\-de\\-scrutin\\<\\\/a\\> \\)\\<\\\/p\\>\"; toolTips('.classtoolTips7',tt_store_content,'29824'); <\/script><script type=\"text\/javascript\"> var tt_store_content = \"\\<p\\>CAC 40 \\= principal indice boursier de la Bourse de Paris qui prend en compte la performance des 40 actions des entreprises fran\u00e7aises\u00a0 les plus importantes\\.\\.\\.\\<\\\/p\\>\"; toolTips('.classtoolTips71',tt_store_content,'30440'); <\/script><script type=\"text\/javascript\"> var tt_store_content = \"\\<p\\>CAC 40 \\= principal indice boursier de la Bourse de Paris qui prend en compte la performance des 40 actions des entreprises fran\u00e7aises\u00a0 les plus importantes\\.\\.\\.\\<\\\/p\\>\"; toolTips('.classtoolTips71',tt_store_content,'30440'); <\/script><script type=\"text\/javascript\"> var tt_store_content = \"\\<p style\\='text\\-align\\: center;'\\>\\<span style\\='font\\-size\\: 14pt;'\\>\\<strong\\>M\\<\\\/strong\\>ouvement des \\<strong\\>E\\<\\\/strong\\>ntreprises \\<strong\\>DE\\<\\\/strong\\> \\<strong\\>F\\<\\\/strong\\>rance\\<\\\/span\\>\\<\\\/p\\><br\/>Syndicat patronal qui remplace, le 27 octobre 1998, le CNPF \\(Conseil National du Patronat Fran\u00e7ais\\)\\.<br\/><br\/>\\<a href\\='https\\:\\\/\\\/fr\\.wikipedia\\.org\\\/wiki\\\/Mouvement_des_entreprises_de_France' target\\='_blank' rel\\='noopener'\\>Acc\u00e9der ici \u00e0 la fiche Wikipedia du MEDEF\\<\\\/a\\><br\/>\\<a href\\='http\\:\\\/\\\/www\\.medef\\.com\\\/fr\\\/' target\\='_blank' rel\\='noopener'\\>Acc\u00e9der ici au site du MEDEF\\<\\\/a\\>\"; toolTips('.classtoolTips78',tt_store_content,'5650'); <\/script><script type=\"text\/javascript\"> var tt_store_content = \"\\<p style\\='text\\-align\\: justify'\\>NUPES \\=\\<span class\\='ILfuVd' lang\\='fr'\\>\\<span class\\='hgKElc'\\>\\<strong\\>\\<em\\> Nouvelle Union Populaire\\<\\\/em\\> \\<em\\>\u00c9cologique et Sociale\\<\\\/em\\>\\<\\\/strong\\> \\(NUPES ou <span class='tooltipsall tooltip_post_id_27252 classtoolTips87'>NUP<\/span>\\)\\.\u00a0 C'est une coalition de partis politiques fran\u00e7ais de gauche\\<\\\/span\\>\\<\\\/span\\>\\<\\\/p\\>\"; toolTips('.classtoolTips87',tt_store_content,'27252'); <\/script><script type=\"text\/javascript\"> var tt_store_content = \"\\<p style\\='text\\-align\\: justify'\\>NUPES \\=\\<span class\\='ILfuVd' lang\\='fr'\\>\\<span class\\='hgKElc'\\>\\<strong\\>\\<em\\> Nouvelle Union Populaire\\<\\\/em\\> \\<em\\>\u00c9cologique et Sociale\\<\\\/em\\>\\<\\\/strong\\> \\(NUPES ou NUP\\)\\.\u00a0 C'est une coalition de partis politiques fran\u00e7ais de gauche\\<\\\/span\\>\\<\\\/span\\>\\<\\\/p\\>\"; toolTips('.classtoolTips87',tt_store_content,'27252'); <\/script><script type=\"text\/javascript\"> var tt_store_content = \"\\<p style\\='text\\-align\\: center;'\\>\\<span style\\='font\\-size\\: 14pt;'\\>\\<strong\\>C\\<\\\/strong\\>entre \\<strong\\>C\\<\\\/strong\\>ommunal d'\\<strong\\>A\\<\\\/strong\\>ction \\<strong\\>S\\<\\\/strong\\>ociale\\<\\\/span\\>\\<\\\/p\\><br\/>\\<p style\\='text\\-align\\: justify;'\\>Un centre communal d'action sociale \\(<span class='tooltipsall tooltip_post_id_18100 classtoolTips132'>CCAS<\/span>\\) est, en France, un \u00e9tablissement public administr\u00e9 par un conseil d'administration pr\u00e9sid\u00e9 par le maire de la commune\\. Il a pour mission d'animer une action g\u00e9n\u00e9rale de pr\u00e9vention et de d\u00e9veloppement social au sein de la commune en liaison \u00e9troite avec les institutions publiques et priv\u00e9es\\<\\\/p\\>\"; toolTips('.classtoolTips132',tt_store_content,'18100'); <\/script><script type=\"text\/javascript\"> var tt_store_content = \"\\<p\\><span class='tooltipsall tooltip_post_id_19394 classtoolTips134'>SAGE<\/span> \\= \\<span class\\='st'\\> sch\u00e9ma d'am\u00e9nagement et de gestion de l'eau\\<\\\/span\\> , c'est un outil de planification qui concerne l'ensemble des eaux situ\u00e9es dans un bassin versant\\<\\\/p\\>\"; toolTips('.classtoolTips134',tt_store_content,'19394'); <\/script><script type=\"text\/javascript\"> var tt_store_content = \"\\<p style\\='text\\-align\\: center;'\\>\\<strong\\>\\<span style\\='font\\-size\\: 14pt;'\\>S\\<\\\/span\\>\\<\\\/strong\\>\\<span style\\='font\\-size\\: 14pt;'\\>oci\u00e9t\u00e9 d'\\<strong\\>\u00c9\\<\\\/strong\\>conomie \\<strong\\>M\\<\\\/strong\\>ixte\\<\\\/span\\>\\<\\\/p\\><br\/>\\<p style\\='text\\-align\\: justify;'\\>En France, une soci\u00e9t\u00e9 d'\u00e9conomie mixte est une soci\u00e9t\u00e9 anonyme dont le capital est majoritairement d\u00e9tenu par une ou plusieurs personnes publiques \\(\u00e0 savoir l'\u00c9tat, une Collectivit\u00e9 territoriale, ou tout autre \u00c9tablissement public\\)\\. Cette participation majoritaire publique est plafonn\u00e9e \u00e0 85&nbsp;% du capital depuis la Loi du 2 janvier 2002\\. Au moins une personne priv\u00e9e doit participer au capital de la <span class='tooltipsall tooltip_post_id_7168 classtoolTips142'>SEM<\/span>, sachant qu'il peut s'agir d'une autre SEM\\.\\<\\\/p\\><br\/>\\<p style\\='text\\-align\\: justify;'\\>\\<strong\\>Le recours \u00e0 la SEM garantit\\<\\\/strong\\> \u00e0 la collectivit\u00e9 publique actionnaire et cocontractante \\<strong\\>la prise en compte effective de l'int\u00e9r\u00eat g\u00e9n\u00e9ral\\<\\\/strong\\> dans les objectifs de l'entreprise \\<strong\\>et la souplesse de la soci\u00e9t\u00e9 de droit priv\u00e9\\<\\\/strong\\>\\.\\<\\\/p\\><br\/>\\<em\\>\\<a href\\='https\\:\\\/\\\/fr\\.wikipedia\\.org\\\/wiki\\\/Soci%C3%A9t%C3%A9_d%27%C3%A9conomie_mixte' target\\='_blank' rel\\='noopener'\\>Voir ici la page Wikipedia consacr\u00e9e aux SEM\\<\\\/a\\> \\<\\\/em\\><br\/><br\/>&nbsp;\"; toolTips('.classtoolTips142',tt_store_content,'7168'); <\/script><script type=\"text\/javascript\"> var tt_store_content = \"\\<p style\\='text\\-align\\: center;'\\>\\<strong\\>Imp\u00f4t de Solidarit\u00e9 sur la Fortune\\<\\\/strong\\>\\<\\\/p\\>\"; toolTips('.classtoolTips149',tt_store_content,'3596'); <\/script><script type=\"text\/javascript\"> var tt_store_content = \"\\<p style\\='text\\-align\\: center;'\\>\\<span style\\='font\\-size\\: 14pt;'\\>\\<strong\\>R\\<\\\/strong\\>\u00e9pertoire \\<strong\\>N\\<\\\/strong\\>ational des \\<strong\\>A\\<\\\/strong\\>ssociations\\<\\\/span\\>\\<\\\/p\\>\"; toolTips('.classtoolTips159',tt_store_content,'24374'); <\/script><script type=\"text\/javascript\"> var tt_store_content = \"\\<p style\\='text\\-align\\: center;'\\>\\<strong\\>\\<span style\\='font\\-size\\: 14pt;'\\>G\\<\\\/span\\>\\<\\\/strong\\>\\<span style\\='font\\-size\\: 14pt;'\\>az \u00e0 \\<strong\\>E\\<\\\/strong\\>ffet de \\<strong\\>S\\<\\\/strong\\>erre\\<\\\/span\\>\\<\\\/p\\><br\/>\\<p style\\='text\\-align\\: justify;'\\>Les gaz \u00e0 effet de serre \\(GES\\) sont des composants gazeux qui absorbent le rayonnement infrarouge \u00e9mis par la surface terrestre et contribuent \u00e0 l'effet de serre\\. L'augmentation de leur concentration dans l'atmosph\u00e8re terrestre est l'un des facteurs \u00e0 l'origine du r\u00e9chauffement climatique\\.\\<\\\/p\\><br\/>\\<a href\\='https\\:\\\/\\\/fr\\.wikipedia\\.org\\\/wiki\\\/Gaz_%C3%A0_effet_de_serre' target\\='_blank' rel\\='noopener'\\>\\<em\\>Voir ici la fiche Wikipedia sur les gaz \u00e0 effet de serre\\<\\\/em\\>\\<\\\/a\\>\"; toolTips('.classtoolTips161',tt_store_content,'7232'); <\/script><script type=\"text\/javascript\"> var tt_store_content = \"\\<p style\\='text\\-align\\: justify'\\>La \u00ab\u00a0\\<b\\>programmation pluriannuelle de l'\u00e9nergie\\<\\\/b\\>\u00a0\u00bb \\(<span class='tooltipsall tooltip_post_id_7750 classtoolTips164'>PPE<\/span>\\) est, en France, un document strat\u00e9gique de pilotage de la transition \u00e9nerg\u00e9tique\\. Institu\u00e9e par l'article 176 de la \\<a title\\='Loi relative \u00e0 la transition \u00e9nerg\u00e9tique pour la croissance verte' href\\='https\\:\\\/\\\/fr\\.wikipedia\\.org\\\/wiki\\\/Loi_relative_%C3%A0_la_transition_%C3%A9nerg%C3%A9tique_pour_la_croissance_verte'\\>loi de transition \u00e9nerg\u00e9tique\\<\\\/a\\> \\(TECV\\), elle fixe une trajectoire pour le \\<a title\\='Mix \u00e9nerg\u00e9tique' href\\='https\\:\\\/\\\/fr\\.wikipedia\\.org\\\/wiki\\\/Mix_%C3%A9nerg%C3%A9tique'\\>mix \u00e9nerg\u00e9tique\\<\\\/a\\>, ainsi que \\<span class\\='citation'\\>\u00ab\u00a0les priorit\u00e9s d'action pour la gestion de l\u2019ensemble des formes d'\u00e9nergie sur le territoire m\u00e9tropolitain continental, afin d\u2019atteindre les objectifs nationaux fix\u00e9s par la loi\u00a0\u00bb\\<\\\/span\\>\\. \\(Wikip\u00e9dia\\)\\<\\\/p\\>\"; toolTips('.classtoolTips164',tt_store_content,'7750'); <\/script><script type=\"text\/javascript\"> var tt_store_content = \"\\<p style\\='text\\-align\\: justify'\\>La \u00ab\u00a0\\<b\\>programmation pluriannuelle de l'\u00e9nergie\\<\\\/b\\>\u00a0\u00bb \\(PPE\\) est, en France, un document strat\u00e9gique de pilotage de la transition \u00e9nerg\u00e9tique\\. Institu\u00e9e par l'article 176 de la \\<a title\\='Loi relative \u00e0 la transition \u00e9nerg\u00e9tique pour la croissance verte' href\\='https\\:\\\/\\\/fr\\.wikipedia\\.org\\\/wiki\\\/Loi_relative_%C3%A0_la_transition_%C3%A9nerg%C3%A9tique_pour_la_croissance_verte'\\>loi de transition \u00e9nerg\u00e9tique\\<\\\/a\\> \\(TECV\\), elle fixe une trajectoire pour le \\<a title\\='Mix \u00e9nerg\u00e9tique' href\\='https\\:\\\/\\\/fr\\.wikipedia\\.org\\\/wiki\\\/Mix_%C3%A9nerg%C3%A9tique'\\>mix \u00e9nerg\u00e9tique\\<\\\/a\\>, ainsi que \\<span class\\='citation'\\>\u00ab\u00a0les priorit\u00e9s d'action pour la gestion de l\u2019ensemble des formes d'\u00e9nergie sur le territoire m\u00e9tropolitain continental, afin d\u2019atteindre les objectifs nationaux fix\u00e9s par la loi\u00a0\u00bb\\<\\\/span\\>\\. \\(Wikip\u00e9dia\\)\\<\\\/p\\>\"; toolTips('.classtoolTips164',tt_store_content,'7750'); <\/script><script type=\"text\/javascript\"> var tt_store_content = \"\\<p style\\='text\\-align\\: justify;'\\>Le Conseil d'Orientation des Retraites est une instance qui r\u00e9unit &nbsp;\\<span class\\='st'\\>les principaux acteurs du champ des retraites\\<\\\/span\\> et effectue un travail d'\u00e9tudes et de concertation\\. Compos\u00e9 de parlementaires, de repr\u00e9sentants des organisations professionnelles et syndicales, des retrait\u00e9s et des familles, de membres de l'administration et d'experts, le Conseil d'orientation des retraites \\(<span class='tooltipsall tooltip_post_id_7751 classtoolTips165'>COR<\/span>\\) est plac\u00e9 aupr\u00e8s du Premier ministre\\.\\<\\\/p\\>\"; toolTips('.classtoolTips165',tt_store_content,'7751'); <\/script><script type=\"text\/javascript\"> var tt_store_content = \"\\<p style\\='text\\-align\\: center;'\\>\\<span style\\='font\\-size\\: 14pt;'\\>\\<strong\\>O\\<\\\/strong\\>rganisation \\<strong\\>M\\<\\\/strong\\>\u00e9t\u00e9orologique \\<strong\\>M\\<\\\/strong\\>ondiale<br\/>\\<strong\\>W\\<\\\/strong\\>orld \\<strong\\>M\\<\\\/strong\\>eteorological \\<strong\\>O\\<\\\/strong\\>rganization\\<\\\/span\\>\\<\\\/p\\><br\/>&nbsp;<br\/><br\/>\\<a href\\='https\\:\\\/\\\/public\\.wmo\\.int\\\/fr' target\\='_blank' rel\\='noopener'\\>\\<em\\>Acc\u00e9der ici au site de l'organisation\\<\\\/em\\>\\<\\\/a\\>\"; toolTips('.classtoolTips168',tt_store_content,'7763'); <\/script><script type=\"text\/javascript\"> var tt_store_content = \"\\<p style\\='text\\-align\\: center;'\\>\\<span style\\='font\\-size\\: 14pt;'\\>\\<strong\\>\u00c9\\<\\\/strong\\>cole \\<strong\\>N\\<\\\/strong\\>ationale d'\\<strong\\>A\\<\\\/strong\\>dministration\\<\\\/span\\>\\<\\\/p\\>\"; toolTips('.classtoolTips170',tt_store_content,'5213'); <\/script><script type=\"text\/javascript\"> var tt_store_content = \"\\<p\\>LFI \\= La France Insoumise,\u00a0 parti politique cr\u00e9\u00e9 en 2016\\<\\\/p\\>\"; toolTips('.classtoolTips175',tt_store_content,'27250'); <\/script><script type=\"text\/javascript\"> var tt_store_content = \"\\<p\\>LFI \\= La France Insoumise,\u00a0 parti politique cr\u00e9\u00e9 en 2016\\<\\\/p\\>\"; toolTips('.classtoolTips175',tt_store_content,'27250'); <\/script><script type=\"text\/javascript\"> var tt_store_content = \"\\<p style\\='text\\-align\\: center;'\\>\\<span style\\='font\\-size\\: 14pt;'\\>\\<strong\\>P\\<\\\/strong\\>\\<\\\/span\\>\\<span style\\='font\\-size\\: 14pt;'\\>lan \\<strong\\>L\\<\\\/strong\\>\\<\\\/span\\>\\<span style\\='font\\-size\\: 14pt;'\\>ocal d'\\<strong\\>U\\<\\\/strong\\>\\<\\\/span\\>\\<span style\\='font\\-size\\: 14pt;'\\>rbanisme\\<\\\/span\\>\\<\\\/p\\><br\/>&nbsp;\"; toolTips('.classtoolTips176',tt_store_content,'4979'); <\/script><script type=\"text\/javascript\"> var tt_store_content = \"\\<p\\>Conseil \u00c9conomique et Social\\<\\\/p\\>\"; toolTips('.classtoolTips180',tt_store_content,'29829'); <\/script><script type=\"text\/javascript\"> var tt_store_content = \"\\<p\\>NFP \\= coalition des principaux partis politiques de gauche form\u00e9e en vue des \u00e9lections l\u00e9gislatives de 2024 provoqu\u00e9es par la dissolution de l'Assembl\u00e9e nationale par E\\. Macron\\. Le NFP s'oppose aux partis de l'ancienne majorit\u00e9 pr\u00e9sidentielle macroniste battue aux \u00e9lections europ\u00e9ennes et au Rassemblement National\\.\\<\\\/p\\>\"; toolTips('.classtoolTips181',tt_store_content,'30597'); <\/script><script type=\"text\/javascript\"> var tt_store_content = \"\\<p\\><span class='tooltipsall tooltip_post_id_19888 classtoolTips186'>CEA<\/span> \\= Commissariat \u00e0 l'Energie Atomique et aux Energies Alternatives\\. C' est un organisme administratif\u00a0 fran\u00e7ais de recherche scientifique dans les domaines de l'\u00e9nergie , la d\u00e9fense, les technologies de l'information et de la communication, des sciences de la mati\u00e8re, de la vie, de la sant\u00e9\\.\\.\\.\\<\\\/p\\><br\/>\\<p\\>&nbsp;\\<\\\/p\\>\"; toolTips('.classtoolTips186',tt_store_content,'19888'); <\/script><script type=\"text\/javascript\"> var tt_store_content = \"\\<p style\\='text\\-align\\: center;'\\>\\<span style\\='font\\-size\\: 14pt;'\\>\\<strong\\>G\\<\\\/strong\\>roupement \\<strong\\>H\\<\\\/strong\\>ospitalier de \\<strong\\>T\\<\\\/strong\\>erritoire\\<\\\/span\\>\\<\\\/p\\><br\/>\\<p style\\='text\\-align\\: justify;'\\>Les groupements hospitaliers de territoires, dispositif pr\u00e9vu par la loi de sant\u00e9 2016, sont un nouveau mode de coop\u00e9ration entre les \u00e9tablissements publics de sant\u00e9 \u00e0 l\u2019\u00e9chelle d\u2019un territoire\\<\\\/p\\>\"; toolTips('.classtoolTips189',tt_store_content,'18358'); <\/script><script type=\"text\/javascript\"> var tt_store_content = \"\\<p style\\='text\\-align\\: center;'\\>\\<span style\\='font\\-size\\: 14pt;'\\>\\<strong\\>C\\<\\\/strong\\>omit\u00e9 \\<strong\\>T\\<\\\/strong\\>echnique d'\\<strong\\>\u00c9\\<\\\/strong\\>tablissement\\<\\\/span\\>\\<\\\/p\\>\"; toolTips('.classtoolTips191',tt_store_content,'18359'); <\/script><script type=\"text\/javascript\"> var tt_store_content = \"\\<p style\\='text\\-align\\: center;'\\>\\<strong\\>\\<span style\\='font\\-size\\: 14pt;'\\>P\\<\\\/span\\>\\<\\\/strong\\>\\<span style\\='font\\-size\\: 14pt;'\\>rogrammation \\<strong\\>P\\<\\\/strong\\>luri\\-annuelle de l'\\<strong\\>\u00c9\\<\\\/strong\\>nergie\\<\\\/span\\>\\<\\\/p\\><br\/>La PPE est est en France un document strat\u00e9gique de pilotage de la transition \u00e9nerg\u00e9tique\\. Institu\u00e9e par l'article 176 de la loi transition \u00e9nerg\u00e9tique \\(TECV\\)\\. Elle fixe \\(par \u00e9nergie\\) une trajectoire pour le mix \u00e9nerg\u00e9tique, ainsi que \u00ab&nbsp;\\<em\\>les priorit\u00e9s d'action pour la gestion de l\u2019ensemble des formes d'\u00e9nergie sur le territoire m\u00e9tropolitain continental, afin d\u2019atteindre les objectifs nationaux fix\u00e9s par la loi\\<\\\/em\\>&nbsp;\u00bb\\.<br\/><br\/>Initi\u00e9e en 2016, elle est r\u00e9vis\u00e9e en 2018 puis ensuite tous les 5 ans\\.<br\/><br\/>\\<a href\\='https\\:\\\/\\\/fr\\.wikipedia\\.org\\\/wiki\\\/Programmation_pluriannuelle_de_l'\u00e9nergi' target\\='_blank' rel\\='noopener'\\>\\<em\\>Voir ici la page Wikipedia consacr\u00e9e \u00e0 la PPE\\<\\\/em\\>\\<\\\/a\\><br\/>\\<a href\\='https\\:\\\/\\\/ppe\\.debatpublic\\.fr\\\/' target\\='_blank' rel\\='noopener'\\>\\<em\\>Voir ici la page du site 'Commission du D\u00e9bat Public' consacr\u00e9e \u00e0 la PPE\\<\\\/em\\>\\<\\\/a\\>\"; toolTips('.classtoolTips193',tt_store_content,'7102'); <\/script><script type=\"text\/javascript\"> var tt_store_content = \"\\<p style\\='text\\-align\\: center;'\\>\\<span style\\='font\\-size\\: 14pt;'\\>\\<strong\\>E\\<\\\/strong\\>volutionary \\<strong\\>P\\<\\\/strong\\>ower \\<strong\\>R\\<\\\/strong\\>eactor\\<\\\/span\\>\\<\\\/p\\><br\/>\\<p style\\='text\\-align\\: justify;'\\>R\u00e9acteur nucl\u00e9aire de troisi\u00e8me g\u00e9n\u00e9ration \\(classification internationale\\), con\u00e7u et d\u00e9velopp\u00e9 par <span class='tooltipsall tooltip_post_id_5121 classtoolTips35'>Areva NP<\/span>&nbsp; au cours des ann\u00e9es 1990 et 2000\\. Il fait partie de la fili\u00e8re des r\u00e9acteurs \u00e0 eau pressuris\u00e9e\\.\\<\\\/p\\><br\/>\\<a href\\='https\\:\\\/\\\/fr\\.wikipedia\\.org\\\/wiki\\\/R%C3%A9acteur_pressuris%C3%A9_europ%C3%A9en' target\\='_blank' rel\\='noopener'\\>\\<em\\>Voir ici la fiche Wikipedia <span class='tooltipsall tooltip_post_id_5579 classtoolTips196'>EPR<\/span>\\<\\\/em\\>\\<\\\/a\\>\"; toolTips('.classtoolTips196',tt_store_content,'5579'); <\/script><script type=\"text\/javascript\"> var tt_store_content = \"\\<p style\\='text\\-align\\: center;'\\>\\<strong\\>\\<span style\\='font\\-size\\: 14pt;'\\>R\\<\\\/span\\>\\<\\\/strong\\>\\<span style\\='font\\-size\\: 14pt;'\\>eferendum d'\\<strong\\>I\\<\\\/strong\\>nitiative \\<strong\\>C\\<\\\/strong\\>itoyenne\\<\\\/span\\>\\<\\\/p\\>\"; toolTips('.classtoolTips205',tt_store_content,'12268'); <\/script><script type=\"text\/javascript\"> var tt_store_content = \"\\<p\\><span class='tooltipsall tooltip_post_id_25844 classtoolTips208'>RTE<\/span> \\= R\u00e9seau de Transport d'Electricit\u00e9 est une filiale d'<span class='tooltipsall tooltip_post_id_7035 classtoolTips178'>EDF<\/span> qui est l'actionnaire majoritaire avec 50,1% des parts le reste \u00e9tant partag\u00e9 par la CDC et la CNP\\<\\\/p\\>\"; toolTips('.classtoolTips208',tt_store_content,'25844'); <\/script><script type=\"text\/javascript\"> var tt_store_content = \"\\<p style\\='text\\-align\\: center;'\\>\\<span style\\='font\\-size\\: 14pt;'\\>\\<strong\\>O\\<\\\/strong\\>rganisation\\<strong\\> N\\<\\\/strong\\>on\\<strong\\> G\\<\\\/strong\\>ouvernementale\\<\\\/span\\>\\<\\\/p\\><br\/>Une organisation non gouvernementale \\(<span class='tooltipsall tooltip_post_id_3579 classtoolTips210'>ONG<\/span>\\) est une \\<a title\\='Association \u00e0 but non lucratif' href\\='https\\:\\\/\\\/fr\\.wikipedia\\.org\\\/wiki\\\/Association_%C3%A0_but_non_lucratif' target\\='_blank' rel\\='noopener'\\>association \u00e0 but non lucratif\\<\\\/a\\>, d'int\u00e9r\u00eat public, qui ne rel\u00e8ve ni de l'\u00c9tat, ni d'institutions internationales\\<sup id\\='cite_ref\\-novethic_1\\-0' class\\='reference'\\>\\<\\\/sup\\>\\. Les ONG n'ont pas le statut de sujet de \\<a title\\='Droit international public' href\\='https\\:\\\/\\\/fr\\.wikipedia\\.org\\\/wiki\\\/Droit_international_public' target\\='_blank' rel\\='noopener'\\>droit international\\<\\\/a\\>\\.\"; toolTips('.classtoolTips210',tt_store_content,'3579'); <\/script><script type=\"text\/javascript\"> var tt_store_content = \"\\<p style\\='text\\-align\\: center;'\\>\\<span style\\='font\\-size\\: 14pt;'\\>\\<strong\\>O\\<\\\/strong\\>rganisation\\<strong\\> N\\<\\\/strong\\>on\\<strong\\> G\\<\\\/strong\\>ouvernementale\\<\\\/span\\>\\<\\\/p\\><br\/>Une organisation non gouvernementale \\(ONG\\) est une \\<a title\\='Association \u00e0 but non lucratif' href\\='https\\:\\\/\\\/fr\\.wikipedia\\.org\\\/wiki\\\/Association_%C3%A0_but_non_lucratif' target\\='_blank' rel\\='noopener'\\>association \u00e0 but non lucratif\\<\\\/a\\>, d'int\u00e9r\u00eat public, qui ne rel\u00e8ve ni de l'\u00c9tat, ni d'institutions internationales\\<sup id\\='cite_ref\\-novethic_1\\-0' class\\='reference'\\>\\<\\\/sup\\>\\. Les ONG n'ont pas le statut de sujet de \\<a title\\='Droit international public' href\\='https\\:\\\/\\\/fr\\.wikipedia\\.org\\\/wiki\\\/Droit_international_public' target\\='_blank' rel\\='noopener'\\>droit international\\<\\\/a\\>\\.\"; toolTips('.classtoolTips210',tt_store_content,'3579'); <\/script><script type=\"text\/javascript\"> var tt_store_content = \"\\<p style\\='text\\-align\\: center;'\\>\\<strong\\>J\\<\\\/strong\\>eux \\<strong\\>O\\<\\\/strong\\>lympiques<br\/>ou<br\/>\\<strong\\>J\\<\\\/strong\\>ournal \\<strong\\>O\\<\\\/strong\\>fficiel de la R\u00e9publique Fran\u00e7aise\\<\\\/p\\>\"; toolTips('.classtoolTips213',tt_store_content,'4451'); <\/script><script type=\"text\/javascript\"> var tt_store_content = \"\\<p\\>RN \\= Rassemble National, c'est le parti d'extr\u00eame droite de Marine Le Pen qui succ\u00e8de au FN \\= Front National fond\u00e9 par son p\u00e8re Jean Marie Le Pen\\<\\\/p\\>\"; toolTips('.classtoolTips214',tt_store_content,'30593'); <\/script><script type=\"text\/javascript\"> var tt_store_content = \"\\<p\\>LR \\= Les R\u00e9publicains, parti politique de droite fond\u00e9 par N; Sakozy qui succ\u00e8de en 2015 \u00e0 l'UMP, Union pour une Mouvement Populaire, fond\u00e9 en 2002 compos\u00e9 de conservateurs et de gaulistes\\.\\.\\.\\.\\<\\\/p\\>\"; toolTips('.classtoolTips215',tt_store_content,'30594'); <\/script><script type=\"text\/javascript\"> var tt_store_content = \"\\<p style\\='text\\-align\\: center;'\\>\\<span style\\='font\\-size\\: 14pt;'\\>\\<strong\\>C\\<\\\/strong\\>entre \\<strong\\>H\\<\\\/strong\\>ospitalier\\<\\\/span\\>\\<\\\/p\\>\"; toolTips('.classtoolTips220',tt_store_content,'18357'); <\/script><script type=\"text\/javascript\"> var tt_store_content = \"\\<p\\>D\u00e9chets radioactifs \u00e0 Haute Activit\u00e9 \\(classement <span class='tooltipsall tooltip_post_id_3612 classtoolTips79'>ANDRA<\/span>\\)\\<\\\/p\\>\"; toolTips('.classtoolTips223',tt_store_content,'19196'); <\/script>_______________________<br>Notes<ol class=\"footnotes\"><li id=\"footnote_1_30434\" class=\"footnote\">R\u00e9f\u00e9rendum d\u2019initiative citoyenne<span class=\"footnote-back-link-wrapper\">[<a href=\"#identifier_1_30434\" class=\"footnote-link footnote-back-link\">&#8617;<\/a>]<\/span><\/li><\/ol>_______________________","protected":false},"excerpt":{"rendered":"<p>Nous avons commis une erreur collective. C\u2019est de croire que le champion de la bourgeoisie nous octroierait un gouvernement avec 210 d\u00e9put\u00e9s au mieux.<script type=\"text\/javascript\"> var tt_store_content = \"\\<\/p>\n<p style\\='text\\-align\\: justify'\\>Le mode de scrutin proportionnel attribue les si\u00e8<span class='tooltipsall tooltip_post_id_7232 classtoolTips161'>ges<\/span> selon le nombre de voix\\. Le scrutin proportionnel ne concerne que les \u00e9lections pour des listes de candidats \\(scrutin de liste\\)\\.\\<\\\/p\\><br \/>\\<\/p>\n<p style\\='text\\-align\\: justify'\\>\\(source vie publique\u00a0 \\: \\<a href\\='https\\:\\\/\\\/www\\.vie\\-publique\\.fr\\\/fiches\\\/23948\\-quels\\-sont\\-les\\-differents\\-modes\\-de\\-scrutin'\\>https\\:\\\/\\\/www\\.vie\\-publique\\.fr\\\/fiches\\\/23948\\-quels\\-sont\\-les\\-differents\\-modes\\-de\\-scrutin\\<\\\/a\\> \\)\\<\\\/p\\>\"; toolTips('.classtoolTips1',tt_store_content,'29822'); <\/script><script type=\"text\/javascript\"> var tt_store_content = \"\\<\/p>\n<p style\\='text\\-align\\: justify'\\>Le <span class='tooltipsall tooltip_post_id_29824 classtoolTips7'>scrutin majoritaire<\/span> permet l'\u00e9lection de celui ou de ceux qui ont obtenu le plus de voix\\. Quand il s'agit d\u2019attribuer un si\u00e8ge, on dit que le scrutin est uninominal\\.\\<\\\/p\\><br \/>\\<\/p>\n<p style\\='text\\-align\\: justify'\\>Dans \\<strong\\>le scrutin majoritaire \u00e0 deux tours\\<\\\/strong\\>, la victoire d\u00e8s le premier tour requiert l'obtention d\u2019une \\<a class\\='vp\\-glossary\\-word' href\\='https\\:\\\/\\\/www\\.vie\\-publique\\.fr\\\/fiches\\\/23948\\-quels\\-sont\\-les\\-differents\\-modes\\-de\\-scrutin\\#' aria\\-describedby\\='tooltip\\-8279' data\\-fr\\-js\\-tooltip\\-referent\\='true'\\>majorit\u00e9 absolue\\<\\\/a\\> des voix, avec parfois l\u2019obligation de r\u00e9unir un nombre minimal d\u2019\u00e9lecteurs inscrits\\. Si <span class='tooltipsall tooltip_post_id_29829 classtoolTips180'>ces<\/span> conditions ne sont pas remplies, un second tour est organis\u00e9\\.\\<\\\/p\\><br \/>\\<p\\>\\(source vie publique \\: \\<a href\\='https\\:\\\/\\\/www\\.vie\\-publique\\.fr\\\/fiches\\\/23948\\-quels\\-sont\\-les\\-differents\\-modes\\-de\\-scrutin'\\>https\\:\\\/\\\/www\\.vie\\-publique\\.fr\\\/fiches\\\/23948\\-quels\\-sont\\-les\\-differents\\-modes\\-de\\-scrutin\\<\\\/a\\> \\)\\<\\\/p\\>\"; toolTips('.classtoolTips7',tt_store_content,'29824'); <\/script><script type=\"text\/javascript\"> var tt_store_content = \"\\<p\\><span class='tooltipsall tooltip_post_id_30440 classtoolTips71'>CAC 40<\/span> \\= principal indice boursier de la Bourse de Paris qui prend en compte la performance des 40 actions des entreprises fran\u00e7aises\u00a0 les plus importantes\\.\\.\\.\\<\\\/p\\>\"; toolTips('.classtoolTips71',tt_store_content,'30440'); <\/script><script type=\"text\/javascript\"> var tt_store_content = \"\\<p\\>CAC 40 \\= principal indice boursier de la Bourse de Paris qui prend en compte la performance des 40 actions des entreprises fran\u00e7aises\u00a0 les plus importantes\\.\\.\\.\\<\\\/p\\>\"; toolTips('.classtoolTips71',tt_store_content,'30440'); <\/script><script type=\"text\/javascript\"> var tt_store_content = \"\\<\/p>\n<p style\\='text\\-align\\: center;'\\>\\<span style\\='font\\-size\\: 14pt;'\\>\\<strong\\>M\\<\\\/strong\\>ouvement des \\<strong\\>E\\<\\\/strong\\>ntreprises \\<strong\\>DE\\<\\\/strong\\> \\<strong\\>F\\<\\\/strong\\>rance\\<\\\/span\\>\\<\\\/p\\><br \/>Syndicat patronal qui remplace, le 27 octobre 1998, le CNPF \\(Conseil National du Patronat Fran\u00e7ais\\)\\.<\/p>\n<p>\\<a href\\='https\\:\\\/\\\/fr\\.wikipedia\\.org\\\/wiki\\\/Mouvement_des_entreprises_de_France' target\\='_blank' rel\\='noopener'\\>Acc\u00e9der ici \u00e0 la fiche Wikipedia du <span class='tooltipsall tooltip_post_id_5650 classtoolTips78'>MEDEF<\/span>\\<\\\/a\\><br \/>\\<a href\\='http\\:\\\/\\\/www\\.medef\\.com\\\/fr\\\/' target\\='_blank' rel\\='noopener'\\>Acc\u00e9der ici au site du MEDEF\\<\\\/a\\>\"; toolTips('.classtoolTips78',tt_store_content,'5650'); <\/script><script type=\"text\/javascript\"> var tt_store_content = \"\\<\/p>\n<p style\\='text\\-align\\: justify'\\><span class='tooltipsall tooltip_post_id_27252 classtoolTips87'>NUPES<\/span> \\=\\<span class\\='ILfuVd' lang\\='fr'\\>\\<span class\\='hgKElc'\\>\\<strong\\>\\<em\\> Nouvelle Union Populaire\\<\\\/em\\> \\<em\\>\u00c9cologique et Sociale\\<\\\/em\\>\\<\\\/strong\\> \\(NUPES ou <span class='tooltipsall tooltip_post_id_27252 classtoolTips87'>NUP<\/span>\\)\\.\u00a0 C'est une coalition de partis politiques fran\u00e7ais de gauche\\<\\\/span\\>\\<\\\/span\\>\\<\\\/p\\>\"; toolTips('.classtoolTips87',tt_store_content,'27252'); <\/script><script type=\"text\/javascript\"> var tt_store_content = \"\\<\/p>\n<p style\\='text\\-align\\: justify'\\>NUPES \\=\\<span class\\='ILfuVd' lang\\='fr'\\>\\<span class\\='hgKElc'\\>\\<strong\\>\\<em\\> Nouvelle Union Populaire\\<\\\/em\\> \\<em\\>\u00c9cologique et Sociale\\<\\\/em\\>\\<\\\/strong\\> \\(NUPES ou NUP\\)\\.\u00a0 C'est une coalition de partis politiques fran\u00e7ais de gauche\\<\\\/span\\>\\<\\\/span\\>\\<\\\/p\\>\"; toolTips('.classtoolTips87',tt_store_content,'27252'); <\/script><script type=\"text\/javascript\"> var tt_store_content = \"\\<\/p>\n<p style\\='text\\-align\\: center;'\\>\\<span style\\='font\\-size\\: 14pt;'\\>\\<strong\\>C\\<\\\/strong\\>entre \\<strong\\>C\\<\\\/strong\\>ommunal d'\\<strong\\>A\\<\\\/strong\\>ction \\<strong\\>S\\<\\\/strong\\>ociale\\<\\\/span\\>\\<\\\/p\\><br \/>\\<\/p>\n<p style\\='text\\-align\\: justify;'\\>Un centre communal d'action sociale \\(<span class='tooltipsall tooltip_post_id_18100 classtoolTips132'>CCAS<\/span>\\) est, en France, un \u00e9tablissement public administr\u00e9 par un conseil d'administration pr\u00e9sid\u00e9 par le maire de la commune\\. Il a pour mission d'animer une action g\u00e9n\u00e9rale de pr\u00e9vention et de d\u00e9veloppement social au sein de la commune en liaison \u00e9troite avec les institutions publiques et priv\u00e9es\\<\\\/p\\>\"; toolTips('.classtoolTips132',tt_store_content,'18100'); <\/script><script type=\"text\/javascript\"> var tt_store_content = \"\\<p\\><span class='tooltipsall tooltip_post_id_19394 classtoolTips134'>SAGE<\/span> \\= \\<span class\\='st'\\> sch\u00e9ma d'am\u00e9nagement et de gestion de l'eau\\<\\\/span\\> , c'est un outil de planification qui concerne l'ensemble des eaux situ\u00e9es dans un bassin versant\\<\\\/p\\>\"; toolTips('.classtoolTips134',tt_store_content,'19394'); <\/script><script type=\"text\/javascript\"> var tt_store_content = \"\\<\/p>\n<p style\\='text\\-align\\: center;'\\>\\<strong\\>\\<span style\\='font\\-size\\: 14pt;'\\>S\\<\\\/span\\>\\<\\\/strong\\>\\<span style\\='font\\-size\\: 14pt;'\\>oci\u00e9t\u00e9 d'\\<strong\\>\u00c9\\<\\\/strong\\>conomie \\<strong\\>M\\<\\\/strong\\>ixte\\<\\\/span\\>\\<\\\/p\\><br \/>\\<\/p>\n<p style\\='text\\-align\\: justify;'\\>En France, une soci\u00e9t\u00e9 d'\u00e9conomie mixte est une soci\u00e9t\u00e9 anonyme dont le capital est majoritairement d\u00e9tenu par une ou plusieurs personnes publiques \\(\u00e0 savoir l'\u00c9tat, une Collectivit\u00e9 territoriale, ou tout autre \u00c9tablissement public\\)\\. Cette participation majoritaire publique est plafonn\u00e9e \u00e0 85&nbsp;% du capital depuis la Loi du 2 janvier 2002\\. Au moins une personne priv\u00e9e doit participer au capital de la <span class='tooltipsall tooltip_post_id_7168 classtoolTips142'>SEM<\/span>, sachant qu'il peut s'agir d'une autre SEM\\.\\<\\\/p\\><br \/>\\<\/p>\n<p style\\='text\\-align\\: justify;'\\>\\<strong\\>Le recours \u00e0 la SEM garantit\\<\\\/strong\\> \u00e0 la collectivit\u00e9 publique actionnaire et cocontractante \\<strong\\>la prise en compte effective de l'int\u00e9r\u00eat g\u00e9n\u00e9ral\\<\\\/strong\\> dans les objectifs de l'entreprise \\<strong\\>et la souplesse de la soci\u00e9t\u00e9 de droit priv\u00e9\\<\\\/strong\\>\\.\\<\\\/p\\><br \/>\\<em\\>\\<a href\\='https\\:\\\/\\\/fr\\.wikipedia\\.org\\\/wiki\\\/Soci%C3%A9t%C3%A9_d%27%C3%A9conomie_mixte' target\\='_blank' rel\\='noopener'\\>Voir ici la page Wikipedia consacr\u00e9e aux SEM\\<\\\/a\\> \\<\\\/em\\><\/p>\n<p>&nbsp;\"; toolTips('.classtoolTips142',tt_store_content,'7168'); <\/script><script type=\"text\/javascript\"> var tt_store_content = \"\\<\/p>\n<p style\\='text\\-align\\: center;'\\>\\<strong\\>Imp\u00f4t de Solidarit\u00e9 sur la Fortune\\<\\\/strong\\>\\<\\\/p\\>\"; toolTips('.classtoolTips149',tt_store_content,'3596'); <\/script><script type=\"text\/javascript\"> var tt_store_content = \"\\<\/p>\n<p style\\='text\\-align\\: center;'\\>\\<span style\\='font\\-size\\: 14pt;'\\>\\<strong\\>R\\<\\\/strong\\>\u00e9pertoire \\<strong\\>N\\<\\\/strong\\>ational des \\<strong\\>A\\<\\\/strong\\>ssociations\\<\\\/span\\>\\<\\\/p\\>\"; toolTips('.classtoolTips159',tt_store_content,'24374'); <\/script><script type=\"text\/javascript\"> var tt_store_content = \"\\<\/p>\n<p style\\='text\\-align\\: center;'\\>\\<strong\\>\\<span style\\='font\\-size\\: 14pt;'\\>G\\<\\\/span\\>\\<\\\/strong\\>\\<span style\\='font\\-size\\: 14pt;'\\>az \u00e0 \\<strong\\>E\\<\\\/strong\\>ffet de \\<strong\\>S\\<\\\/strong\\>erre\\<\\\/span\\>\\<\\\/p\\><br \/>\\<\/p>\n<p style\\='text\\-align\\: justify;'\\>Les gaz \u00e0 effet de serre \\(GES\\) sont des composants gazeux qui absorbent le rayonnement infrarouge \u00e9mis par la surface terrestre et contribuent \u00e0 l'effet de serre\\. L'augmentation de leur concentration dans l'atmosph\u00e8re terrestre est l'un des facteurs \u00e0 l'origine du r\u00e9chauffement climatique\\.\\<\\\/p\\><br \/>\\<a href\\='https\\:\\\/\\\/fr\\.wikipedia\\.org\\\/wiki\\\/Gaz_%C3%A0_effet_de_serre' target\\='_blank' rel\\='noopener'\\>\\<em\\>Voir ici la fiche Wikipedia sur les gaz \u00e0 effet de serre\\<\\\/em\\>\\<\\\/a\\>\"; toolTips('.classtoolTips161',tt_store_content,'7232'); <\/script><script type=\"text\/javascript\"> var tt_store_content = \"\\<\/p>\n<p style\\='text\\-align\\: justify'\\>La \u00ab\u00a0\\<b\\>programmation pluriannuelle de l'\u00e9nergie\\<\\\/b\\>\u00a0\u00bb \\(<span class='tooltipsall tooltip_post_id_7750 classtoolTips164'>PPE<\/span>\\) est, en France, un document strat\u00e9gique de pilotage de la transition \u00e9nerg\u00e9tique\\. Institu\u00e9e par l'article 176 de la \\<a title\\='Loi relative \u00e0 la transition \u00e9nerg\u00e9tique pour la croissance verte' href\\='https\\:\\\/\\\/fr\\.wikipedia\\.org\\\/wiki\\\/Loi_relative_%C3%A0_la_transition_%C3%A9nerg%C3%A9tique_pour_la_croissance_verte'\\>loi de transition \u00e9nerg\u00e9tique\\<\\\/a\\> \\(TECV\\), elle fixe une trajectoire pour le \\<a title\\='Mix \u00e9nerg\u00e9tique' href\\='https\\:\\\/\\\/fr\\.wikipedia\\.org\\\/wiki\\\/Mix_%C3%A9nerg%C3%A9tique'\\>mix \u00e9nerg\u00e9tique\\<\\\/a\\>, ainsi que \\<span class\\='citation'\\>\u00ab\u00a0les priorit\u00e9s d'action pour la gestion de l\u2019ensemble des formes d'\u00e9nergie sur le territoire m\u00e9tropolitain continental, afin d\u2019atteindre les objectifs nationaux fix\u00e9s par la loi\u00a0\u00bb\\<\\\/span\\>\\. \\(Wikip\u00e9dia\\)\\<\\\/p\\>\"; toolTips('.classtoolTips164',tt_store_content,'7750'); <\/script><script type=\"text\/javascript\"> var tt_store_content = \"\\<\/p>\n<p style\\='text\\-align\\: justify'\\>La \u00ab\u00a0\\<b\\>programmation pluriannuelle de l'\u00e9nergie\\<\\\/b\\>\u00a0\u00bb \\(PPE\\) est, en France, un document strat\u00e9gique de pilotage de la transition \u00e9nerg\u00e9tique\\. Institu\u00e9e par l'article 176 de la \\<a title\\='Loi relative \u00e0 la transition \u00e9nerg\u00e9tique pour la croissance verte' href\\='https\\:\\\/\\\/fr\\.wikipedia\\.org\\\/wiki\\\/Loi_relative_%C3%A0_la_transition_%C3%A9nerg%C3%A9tique_pour_la_croissance_verte'\\>loi de transition \u00e9nerg\u00e9tique\\<\\\/a\\> \\(TECV\\), elle fixe une trajectoire pour le \\<a title\\='Mix \u00e9nerg\u00e9tique' href\\='https\\:\\\/\\\/fr\\.wikipedia\\.org\\\/wiki\\\/Mix_%C3%A9nerg%C3%A9tique'\\>mix \u00e9nerg\u00e9tique\\<\\\/a\\>, ainsi que \\<span class\\='citation'\\>\u00ab\u00a0les priorit\u00e9s d'action pour la gestion de l\u2019ensemble des formes d'\u00e9nergie sur le territoire m\u00e9tropolitain continental, afin d\u2019atteindre les objectifs nationaux fix\u00e9s par la loi\u00a0\u00bb\\<\\\/span\\>\\. \\(Wikip\u00e9dia\\)\\<\\\/p\\>\"; toolTips('.classtoolTips164',tt_store_content,'7750'); <\/script><script type=\"text\/javascript\"> var tt_store_content = \"\\<\/p>\n<p style\\='text\\-align\\: justify;'\\>Le Conseil d'Orientation des Retraites est une instance qui r\u00e9unit &nbsp;\\<span class\\='st'\\>les principaux acteurs du champ des retraites\\<\\\/span\\> et effectue un travail d'\u00e9tudes et de concertation\\. Compos\u00e9 de parlementaires, de repr\u00e9sentants des organisations professionnelles et syndicales, des retrait\u00e9s et des familles, de membres de l'administration et d'experts, le Conseil d'orientation des retraites \\(<span class='tooltipsall tooltip_post_id_7751 classtoolTips165'>COR<\/span>\\) est plac\u00e9 aupr\u00e8s du Premier ministre\\.\\<\\\/p\\>\"; toolTips('.classtoolTips165',tt_store_content,'7751'); <\/script><script type=\"text\/javascript\"> var tt_store_content = \"\\<\/p>\n<p style\\='text\\-align\\: center;'\\>\\<span style\\='font\\-size\\: 14pt;'\\>\\<strong\\>O\\<\\\/strong\\>rganisation \\<strong\\>M\\<\\\/strong\\>\u00e9t\u00e9orologique \\<strong\\>M\\<\\\/strong\\>ondiale<br \/>\\<strong\\>W\\<\\\/strong\\>orld \\<strong\\>M\\<\\\/strong\\>eteorological \\<strong\\>O\\<\\\/strong\\>rganization\\<\\\/span\\>\\<\\\/p\\><br \/>&nbsp;<\/p>\n<p>\\<a href\\='https\\:\\\/\\\/public\\.wmo\\.int\\\/fr' target\\='_blank' rel\\='noopener'\\>\\<em\\>Acc\u00e9der ici au site de l'organisation\\<\\\/em\\>\\<\\\/a\\>\"; toolTips('.classtoolTips168',tt_store_content,'7763'); <\/script><script type=\"text\/javascript\"> var tt_store_content = \"\\<\/p>\n<p style\\='text\\-align\\: center;'\\>\\<span style\\='font\\-size\\: 14pt;'\\>\\<strong\\>\u00c9\\<\\\/strong\\>cole \\<strong\\>N\\<\\\/strong\\>ationale d'\\<strong\\>A\\<\\\/strong\\>dministration\\<\\\/span\\>\\<\\\/p\\>\"; toolTips('.classtoolTips170',tt_store_content,'5213'); <\/script><script type=\"text\/javascript\"> var tt_store_content = \"\\<p\\><span class='tooltipsall tooltip_post_id_27250 classtoolTips175'>LFI<\/span> \\= La France Insoumise,\u00a0 parti politique cr\u00e9\u00e9 en 2016\\<\\\/p\\>\"; toolTips('.classtoolTips175',tt_store_content,'27250'); <\/script><script type=\"text\/javascript\"> var tt_store_content = \"\\<p\\>LFI \\= La France Insoumise,\u00a0 parti politique cr\u00e9\u00e9 en 2016\\<\\\/p\\>\"; toolTips('.classtoolTips175',tt_store_content,'27250'); <\/script><script type=\"text\/javascript\"> var tt_store_content = \"\\<\/p>\n<p style\\='text\\-align\\: center;'\\>\\<span style\\='font\\-size\\: 14pt;'\\>\\<strong\\>P\\<\\\/strong\\>\\<\\\/span\\>\\<span style\\='font\\-size\\: 14pt;'\\>lan \\<strong\\>L\\<\\\/strong\\>\\<\\\/span\\>\\<span style\\='font\\-size\\: 14pt;'\\>ocal d'\\<strong\\>U\\<\\\/strong\\>\\<\\\/span\\>\\<span style\\='font\\-size\\: 14pt;'\\>rbanisme\\<\\\/span\\>\\<\\\/p\\><br \/>&nbsp;\"; toolTips('.classtoolTips176',tt_store_content,'4979'); <\/script><script type=\"text\/javascript\"> var tt_store_content = \"\\<p\\>Conseil \u00c9conomique et Social\\<\\\/p\\>\"; toolTips('.classtoolTips180',tt_store_content,'29829'); <\/script><script type=\"text\/javascript\"> var tt_store_content = \"\\<p\\><span class='tooltipsall tooltip_post_id_30597 classtoolTips181'>NFP<\/span> \\= coalition des principaux partis politiques de gauche form\u00e9e en vue des \u00e9lections l\u00e9gislatives de 2024 provoqu\u00e9es par la dissolution de l'Assembl\u00e9e nationale par E\\. Macron\\. Le NFP s'oppose aux partis de l'ancienne majorit\u00e9 pr\u00e9sidentielle macroniste battue aux \u00e9lections europ\u00e9ennes et au Rassemblement National\\.\\<\\\/p\\>\"; toolTips('.classtoolTips181',tt_store_content,'30597'); <\/script><script type=\"text\/javascript\"> var tt_store_content = \"\\<p\\><span class='tooltipsall tooltip_post_id_19888 classtoolTips186'>CEA<\/span> \\= Commissariat \u00e0 l'Energie Atomique et aux Energies Alternatives\\. C' est un organisme administratif\u00a0 fran\u00e7ais de recherche scientifique dans les domaines de l'\u00e9nergie , la d\u00e9fense, les technologies de l'information et de la communication, des sciences de la mati\u00e8re, de la vie, de la sant\u00e9\\.\\.\\.\\<\\\/p\\><br \/>\\<p\\>&nbsp;\\<\\\/p\\>\"; toolTips('.classtoolTips186',tt_store_content,'19888'); <\/script><script type=\"text\/javascript\"> var tt_store_content = \"\\<\/p>\n<p style\\='text\\-align\\: center;'\\>\\<span style\\='font\\-size\\: 14pt;'\\>\\<strong\\>G\\<\\\/strong\\>roupement \\<strong\\>H\\<\\\/strong\\>ospitalier de \\<strong\\>T\\<\\\/strong\\>erritoire\\<\\\/span\\>\\<\\\/p\\><br \/>\\<\/p>\n<p style\\='text\\-align\\: justify;'\\>Les groupements hospitaliers de territoires, dispositif pr\u00e9vu par la loi de sant\u00e9 2016, sont un nouveau mode de coop\u00e9ration entre les \u00e9tablissements publics de sant\u00e9 \u00e0 l\u2019\u00e9chelle d\u2019un territoire\\<\\\/p\\>\"; toolTips('.classtoolTips189',tt_store_content,'18358'); <\/script><script type=\"text\/javascript\"> var tt_store_content = \"\\<\/p>\n<p style\\='text\\-align\\: center;'\\>\\<span style\\='font\\-size\\: 14pt;'\\>\\<strong\\>C\\<\\\/strong\\>omit\u00e9 \\<strong\\>T\\<\\\/strong\\>echnique d'\\<strong\\>\u00c9\\<\\\/strong\\>tablissement\\<\\\/span\\>\\<\\\/p\\>\"; toolTips('.classtoolTips191',tt_store_content,'18359'); <\/script><script type=\"text\/javascript\"> var tt_store_content = \"\\<\/p>\n<p style\\='text\\-align\\: center;'\\>\\<strong\\>\\<span style\\='font\\-size\\: 14pt;'\\>P\\<\\\/span\\>\\<\\\/strong\\>\\<span style\\='font\\-size\\: 14pt;'\\>rogrammation \\<strong\\>P\\<\\\/strong\\>luri\\-annuelle de l'\\<strong\\>\u00c9\\<\\\/strong\\>nergie\\<\\\/span\\>\\<\\\/p\\><br \/>La PPE est est en France un document strat\u00e9gique de pilotage de la transition \u00e9nerg\u00e9tique\\. Institu\u00e9e par l'article 176 de la loi transition \u00e9nerg\u00e9tique \\(TECV\\)\\. Elle fixe \\(par \u00e9nergie\\) une trajectoire pour le mix \u00e9nerg\u00e9tique, ainsi que \u00ab&nbsp;\\<em\\>les priorit\u00e9s d'action pour la gestion de l\u2019ensemble des formes d'\u00e9nergie sur le territoire m\u00e9tropolitain continental, afin d\u2019atteindre les objectifs nationaux fix\u00e9s par la loi\\<\\\/em\\>&nbsp;\u00bb\\.<\/p>\n<p>Initi\u00e9e en 2016, elle est r\u00e9vis\u00e9e en 2018 puis ensuite tous les 5 ans\\.<\/p>\n<p>\\<a href\\='https\\:\\\/\\\/fr\\.wikipedia\\.org\\\/wiki\\\/Programmation_pluriannuelle_de_l'\u00e9nergi' target\\='_blank' rel\\='noopener'\\>\\<em\\>Voir ici la page Wikipedia consacr\u00e9e \u00e0 la PPE\\<\\\/em\\>\\<\\\/a\\><br \/>\\<a href\\='https\\:\\\/\\\/ppe\\.debatpublic\\.fr\\\/' target\\='_blank' rel\\='noopener'\\>\\<em\\>Voir ici la page du site 'Commission du D\u00e9bat Public' consacr\u00e9e \u00e0 la PPE\\<\\\/em\\>\\<\\\/a\\>\"; toolTips('.classtoolTips193',tt_store_content,'7102'); <\/script><script type=\"text\/javascript\"> var tt_store_content = \"\\<\/p>\n<p style\\='text\\-align\\: center;'\\>\\<span style\\='font\\-size\\: 14pt;'\\>\\<strong\\>E\\<\\\/strong\\>volutionary \\<strong\\>P\\<\\\/strong\\>ower \\<strong\\>R\\<\\\/strong\\>eactor\\<\\\/span\\>\\<\\\/p\\><br \/>\\<\/p>\n<p style\\='text\\-align\\: justify;'\\>R\u00e9acteur nucl\u00e9aire de troisi\u00e8me g\u00e9n\u00e9ration \\(classification internationale\\), con\u00e7u et d\u00e9velopp\u00e9 par <span class='tooltipsall tooltip_post_id_5121 classtoolTips35'>Areva NP<\/span>&nbsp; au cours des ann\u00e9es 1990 et 2000\\. Il fait partie de la fili\u00e8re des r\u00e9acteurs \u00e0 eau pressuris\u00e9e\\.\\<\\\/p\\><br \/>\\<a href\\='https\\:\\\/\\\/fr\\.wikipedia\\.org\\\/wiki\\\/R%C3%A9acteur_pressuris%C3%A9_europ%C3%A9en' target\\='_blank' rel\\='noopener'\\>\\<em\\>Voir ici la fiche Wikipedia <span class='tooltipsall tooltip_post_id_5579 classtoolTips196'>EPR<\/span>\\<\\\/em\\>\\<\\\/a\\>\"; toolTips('.classtoolTips196',tt_store_content,'5579'); <\/script><script type=\"text\/javascript\"> var tt_store_content = \"\\<\/p>\n<p style\\='text\\-align\\: center;'\\>\\<strong\\>\\<span style\\='font\\-size\\: 14pt;'\\>R\\<\\\/span\\>\\<\\\/strong\\>\\<span style\\='font\\-size\\: 14pt;'\\>eferendum d'\\<strong\\>I\\<\\\/strong\\>nitiative \\<strong\\>C\\<\\\/strong\\>itoyenne\\<\\\/span\\>\\<\\\/p\\>\"; toolTips('.classtoolTips205',tt_store_content,'12268'); <\/script><script type=\"text\/javascript\"> var tt_store_content = \"\\<p\\><span class='tooltipsall tooltip_post_id_25844 classtoolTips208'>RTE<\/span> \\= R\u00e9seau de Transport d'Electricit\u00e9 est une filiale d'<span class='tooltipsall tooltip_post_id_7035 classtoolTips178'>EDF<\/span> qui est l'actionnaire majoritaire avec 50,1% des parts le reste \u00e9tant partag\u00e9 par la CDC et la CNP\\<\\\/p\\>\"; toolTips('.classtoolTips208',tt_store_content,'25844'); <\/script><script type=\"text\/javascript\"> var tt_store_content = \"\\<\/p>\n<p style\\='text\\-align\\: center;'\\>\\<span style\\='font\\-size\\: 14pt;'\\>\\<strong\\>O\\<\\\/strong\\>rganisation\\<strong\\> N\\<\\\/strong\\>on\\<strong\\> G\\<\\\/strong\\>ouvernementale\\<\\\/span\\>\\<\\\/p\\><br \/>Une organisation non gouvernementale \\(<span class='tooltipsall tooltip_post_id_3579 classtoolTips210'>ONG<\/span>\\) est une \\<a title\\='Association \u00e0 but non lucratif' href\\='https\\:\\\/\\\/fr\\.wikipedia\\.org\\\/wiki\\\/Association_%C3%A0_but_non_lucratif' target\\='_blank' rel\\='noopener'\\>association \u00e0 but non lucratif\\<\\\/a\\>, d'int\u00e9r\u00eat public, qui ne rel\u00e8ve ni de l'\u00c9tat, ni d'institutions internationales\\<sup id\\='cite_ref\\-novethic_1\\-0' class\\='reference'\\>\\<\\\/sup\\>\\. Les ONG n'ont pas le statut de sujet de \\<a title\\='Droit international public' href\\='https\\:\\\/\\\/fr\\.wikipedia\\.org\\\/wiki\\\/Droit_international_public' target\\='_blank' rel\\='noopener'\\>droit international\\<\\\/a\\>\\.\"; toolTips('.classtoolTips210',tt_store_content,'3579'); <\/script><script type=\"text\/javascript\"> var tt_store_content = \"\\<\/p>\n<p style\\='text\\-align\\: center;'\\>\\<span style\\='font\\-size\\: 14pt;'\\>\\<strong\\>O\\<\\\/strong\\>rganisation\\<strong\\> N\\<\\\/strong\\>on\\<strong\\> G\\<\\\/strong\\>ouvernementale\\<\\\/span\\>\\<\\\/p\\><br \/>Une organisation non gouvernementale \\(ONG\\) est une \\<a title\\='Association \u00e0 but non lucratif' href\\='https\\:\\\/\\\/fr\\.wikipedia\\.org\\\/wiki\\\/Association_%C3%A0_but_non_lucratif' target\\='_blank' rel\\='noopener'\\>association \u00e0 but non lucratif\\<\\\/a\\>, d'int\u00e9r\u00eat public, qui ne rel\u00e8ve ni de l'\u00c9tat, ni d'institutions internationales\\<sup id\\='cite_ref\\-novethic_1\\-0' class\\='reference'\\>\\<\\\/sup\\>\\. Les ONG n'ont pas le statut de sujet de \\<a title\\='Droit international public' href\\='https\\:\\\/\\\/fr\\.wikipedia\\.org\\\/wiki\\\/Droit_international_public' target\\='_blank' rel\\='noopener'\\>droit international\\<\\\/a\\>\\.\"; toolTips('.classtoolTips210',tt_store_content,'3579'); <\/script><script type=\"text\/javascript\"> var tt_store_content = \"\\<\/p>\n<p style\\='text\\-align\\: center;'\\>\\<strong\\>J\\<\\\/strong\\>eux \\<strong\\>O\\<\\\/strong\\>lympiques<br \/>ou<br \/>\\<strong\\>J\\<\\\/strong\\>ournal \\<strong\\>O\\<\\\/strong\\>fficiel de la R\u00e9publique Fran\u00e7aise\\<\\\/p\\>\"; toolTips('.classtoolTips213',tt_store_content,'4451'); <\/script><script type=\"text\/javascript\"> var tt_store_content = \"\\<p\\><span class='tooltipsall tooltip_post_id_30593 classtoolTips214'>RN<\/span> \\= Rassemble National, c'est le parti d'extr\u00eame droite de Marine Le Pen qui succ\u00e8de au FN \\= Front National fond\u00e9 par son p\u00e8re Jean Marie Le Pen\\<\\\/p\\>\"; toolTips('.classtoolTips214',tt_store_content,'30593'); <\/script><script type=\"text\/javascript\"> var tt_store_content = \"\\<p\\><span class='tooltipsall tooltip_post_id_30594 classtoolTips215'>LR<\/span> \\= Les R\u00e9publicains, parti politique de droite fond\u00e9 par N; Sakozy qui succ\u00e8de en 2015 \u00e0 l'UMP, Union pour une Mouvement Populaire, fond\u00e9 en 2002 compos\u00e9 de conservateurs et de gaulistes\\.\\.\\.\\.\\<\\\/p\\>\"; toolTips('.classtoolTips215',tt_store_content,'30594'); <\/script><script type=\"text\/javascript\"> var tt_store_content = \"\\<\/p>\n<p style\\='text\\-align\\: center;'\\>\\<span style\\='font\\-size\\: 14pt;'\\>\\<strong\\>C\\<\\\/strong\\>entre \\<strong\\>H\\<\\\/strong\\>ospitalier\\<\\\/span\\>\\<\\\/p\\>\"; toolTips('.classtoolTips220',tt_store_content,'18357'); <\/script><script type=\"text\/javascript\"> var tt_store_content = \"\\<p\\>D\u00e9chets radioactifs \u00e0 Haute Activit\u00e9 \\(classement <span class='tooltipsall tooltip_post_id_3612 classtoolTips79'>ANDRA<\/span>\\)\\<\\\/p\\>\"; toolTips('.classtoolTips223',tt_store_content,'19196'); <\/script><\/p>\n","protected":false},"author":21,"featured_media":0,"comment_status":"open","ping_status":"open","sticky":false,"template":"","format":"standard","meta":{"_acf_changed":false,"ngg_post_thumbnail":0,"_jetpack_memberships_contains_paid_content":false,"footnotes":""},"categories":[6,9,5,27],"tags":[],"coauthors":[76],"class_list":["post-30434","post","type-post","status-publish","format-standard","hentry","category-actu","category-actu_gen","category-rub_pol","category-rub","edition-edi_00112","type_art-type_art_article","dossier-dossiers_changer_les_institutions","no-thumb"],"acf":[],"jetpack_featured_media_url":"","jetpack_sharing_enabled":true,"jetpack_shortlink":"https:\/\/wp.me\/p9B5TM-7US","_links":{"self":[{"href":"https:\/\/le-clairon-nouveau.fr\/wordpress\/wp-json\/wp\/v2\/posts\/30434","targetHints":{"allow":["GET"]}}],"collection":[{"href":"https:\/\/le-clairon-nouveau.fr\/wordpress\/wp-json\/wp\/v2\/posts"}],"about":[{"href":"https:\/\/le-clairon-nouveau.fr\/wordpress\/wp-json\/wp\/v2\/types\/post"}],"author":[{"embeddable":true,"href":"https:\/\/le-clairon-nouveau.fr\/wordpress\/wp-json\/wp\/v2\/users\/21"}],"replies":[{"embeddable":true,"href":"https:\/\/le-clairon-nouveau.fr\/wordpress\/wp-json\/wp\/v2\/comments?post=30434"}],"version-history":[{"count":0,"href":"https:\/\/le-clairon-nouveau.fr\/wordpress\/wp-json\/wp\/v2\/posts\/30434\/revisions"}],"wp:attachment":[{"href":"https:\/\/le-clairon-nouveau.fr\/wordpress\/wp-json\/wp\/v2\/media?parent=30434"}],"wp:term":[{"taxonomy":"category","embeddable":true,"href":"https:\/\/le-clairon-nouveau.fr\/wordpress\/wp-json\/wp\/v2\/categories?post=30434"},{"taxonomy":"post_tag","embeddable":true,"href":"https:\/\/le-clairon-nouveau.fr\/wordpress\/wp-json\/wp\/v2\/tags?post=30434"},{"taxonomy":"author","embeddable":true,"href":"https:\/\/le-clairon-nouveau.fr\/wordpress\/wp-json\/wp\/v2\/coauthors?post=30434"}],"curies":[{"name":"wp","href":"https:\/\/api.w.org\/{rel}","templated":true}]}}