{"id":30607,"date":"2024-10-23T12:30:02","date_gmt":"2024-10-23T10:30:02","guid":{"rendered":"https:\/\/le-clairon-nouveau.fr\/wordpress\/?p=30607"},"modified":"2024-10-30T07:43:22","modified_gmt":"2024-10-30T06:43:22","slug":"chants-revolutionnaires","status":"publish","type":"post","link":"https:\/\/le-clairon-nouveau.fr\/wordpress\/blog\/2024\/10\/23\/chants-revolutionnaires\/","title":{"rendered":"Chants R\u00e9volutionnaires"},"content":{"rendered":"<p><img data-recalc-dims=\"1\" loading=\"lazy\" decoding=\"async\" class=\" wp-image-23558 aligncenter\" src=\"https:\/\/i0.wp.com\/le-clairon-nouveau.fr\/wordpress\/wp-content\/uploads\/2020\/12\/Breves-du-Clairon-nvelle.jpg?resize=123%2C52&#038;ssl=1\" alt=\"\" width=\"123\" height=\"52\" srcset=\"https:\/\/i0.wp.com\/le-clairon-nouveau.fr\/wordpress\/wp-content\/uploads\/2020\/12\/Breves-du-Clairon-nvelle.jpg?resize=300%2C127&amp;ssl=1 300w, https:\/\/i0.wp.com\/le-clairon-nouveau.fr\/wordpress\/wp-content\/uploads\/2020\/12\/Breves-du-Clairon-nvelle.jpg?w=329&amp;ssl=1 329w\" sizes=\"auto, (max-width: 123px) 100vw, 123px\" \/><\/p>\n<p>&nbsp;<\/p>\n<p style=\"text-align: center\"><img data-recalc-dims=\"1\" loading=\"lazy\" decoding=\"async\" class=\" wp-image-30609 aligncenter\" src=\"https:\/\/i0.wp.com\/le-clairon-nouveau.fr\/wordpress\/wp-content\/uploads\/2024\/10\/Maximilien-Robespierre-Image-par-Vizetelly-de-Pixabay.jpg?resize=468%2C526&#038;ssl=1\" alt=\"\" width=\"468\" height=\"526\" srcset=\"https:\/\/i0.wp.com\/le-clairon-nouveau.fr\/wordpress\/wp-content\/uploads\/2024\/10\/Maximilien-Robespierre-Image-par-Vizetelly-de-Pixabay.jpg?resize=267%2C300&amp;ssl=1 267w, https:\/\/i0.wp.com\/le-clairon-nouveau.fr\/wordpress\/wp-content\/uploads\/2024\/10\/Maximilien-Robespierre-Image-par-Vizetelly-de-Pixabay.jpg?resize=911%2C1024&amp;ssl=1 911w, https:\/\/i0.wp.com\/le-clairon-nouveau.fr\/wordpress\/wp-content\/uploads\/2024\/10\/Maximilien-Robespierre-Image-par-Vizetelly-de-Pixabay.jpg?resize=768%2C863&amp;ssl=1 768w, https:\/\/i0.wp.com\/le-clairon-nouveau.fr\/wordpress\/wp-content\/uploads\/2024\/10\/Maximilien-Robespierre-Image-par-Vizetelly-de-Pixabay.jpg?w=1139&amp;ssl=1 1139w\" sizes=\"auto, (max-width: 468px) 100vw, 468px\" \/><span style=\"font-size: 8pt\"><em><strong>Maximilien Robespierre (Image par Vizetelly de Pixabay)<\/strong><\/em><\/span><\/p>\n<p>&nbsp;<\/p>\n<p style=\"text-align: justify\"><em><strong>Nous avons le plaisir de pr\u00e9senter \u00e0 nos lecteurs un article encyclop\u00e9dique consacr\u00e9 au chants r\u00e9volutionnaires.<\/strong><\/em><br \/>\n<em><strong>Certains sont connus des fran\u00e7ais, au moins partiellement, mais tr\u00e8s peu de gens savent dans quel contexte et pour quelles causes <span class='tooltipsall tooltip_post_id_29829 classtoolTips180'>ces<\/span> chants ont \u00e9t\u00e9, compos\u00e9s, diffus\u00e9s, remani\u00e9s. <br \/>\n<\/strong><\/em><em><strong>Ainsi,\u00a0 le chant quasi-universellement connu \u00ab\u00a0La Marseillaise\u00a0\u00bb, n&rsquo;est pas un chant r\u00e9volutionnaire mais un chant de marche. Beaucoup le croient compos\u00e9 \u00e0 Marseille et \/ou par des Marseillais, mais il a \u00e9t\u00e9 compos\u00e9 pour les paroles et la musique par Rouget de Lisle, un jeune officier. Celui-ci le chante pour la premi\u00e8re fois \u00e0 Strasbourg en 1792&#8230;<br \/>\nQuelques uns de ces chants continuent \u00e0 \u00eatre chant\u00e9s collectivement lors de manifestations ou d&rsquo;assembl\u00e9es syndicales ou politiques&#8230;<br \/>\n<\/strong><\/em><\/p>\n<p style=\"text-align: justify\"><em><strong>Dominique SENAC, historien, a consacr\u00e9 dans son travail solidement document\u00e9 sur l&rsquo;histoire du monde ouvrier, un chapitre important sur ces chants r\u00e9volutionnaires du 19\u00e9me au 20\u00e9m\u00e9 si\u00e8cle. C&rsquo;est ce travail, illustr\u00e9 de diff\u00e9rentes reproductions de tableaux, dessins, gravures, partitions musicales et affiches, que nous avons le plaisir de vous pr\u00e9senter ci-dessous.<\/strong><\/em><\/p>\n<p style=\"text-align: right\"><em>La r\u00e9daction du Clairon\u00a0 le 20\/10\/2024<\/em><\/p>\n<p><img data-recalc-dims=\"1\" loading=\"lazy\" decoding=\"async\" class=\" wp-image-30643 aligncenter\" src=\"https:\/\/i0.wp.com\/le-clairon-nouveau.fr\/wordpress\/wp-content\/uploads\/2024\/10\/Capture-decran-2024-10-25-164845.png?resize=871%2C895&#038;ssl=1\" alt=\"\" width=\"871\" height=\"895\" srcset=\"https:\/\/i0.wp.com\/le-clairon-nouveau.fr\/wordpress\/wp-content\/uploads\/2024\/10\/Capture-decran-2024-10-25-164845.png?resize=292%2C300&amp;ssl=1 292w, https:\/\/i0.wp.com\/le-clairon-nouveau.fr\/wordpress\/wp-content\/uploads\/2024\/10\/Capture-decran-2024-10-25-164845.png?resize=768%2C788&amp;ssl=1 768w, https:\/\/i0.wp.com\/le-clairon-nouveau.fr\/wordpress\/wp-content\/uploads\/2024\/10\/Capture-decran-2024-10-25-164845.png?w=842&amp;ssl=1 842w\" sizes=\"auto, (max-width: 871px) 100vw, 871px\" \/><\/p>\n<p style=\"text-align: center\"><img data-recalc-dims=\"1\" loading=\"lazy\" decoding=\"async\" class=\" wp-image-30645 aligncenter\" src=\"https:\/\/i0.wp.com\/le-clairon-nouveau.fr\/wordpress\/wp-content\/uploads\/2024\/10\/combat-de-rue-AI-gen-Image-par-Robert-Krasiuk-de-Pixabay.jpg?resize=411%2C411&#038;ssl=1\" alt=\"\" width=\"411\" height=\"411\" srcset=\"https:\/\/i0.wp.com\/le-clairon-nouveau.fr\/wordpress\/wp-content\/uploads\/2024\/10\/combat-de-rue-AI-gen-Image-par-Robert-Krasiuk-de-Pixabay.jpg?resize=300%2C300&amp;ssl=1 300w, https:\/\/i0.wp.com\/le-clairon-nouveau.fr\/wordpress\/wp-content\/uploads\/2024\/10\/combat-de-rue-AI-gen-Image-par-Robert-Krasiuk-de-Pixabay.jpg?resize=1024%2C1024&amp;ssl=1 1024w, https:\/\/i0.wp.com\/le-clairon-nouveau.fr\/wordpress\/wp-content\/uploads\/2024\/10\/combat-de-rue-AI-gen-Image-par-Robert-Krasiuk-de-Pixabay.jpg?resize=150%2C150&amp;ssl=1 150w, https:\/\/i0.wp.com\/le-clairon-nouveau.fr\/wordpress\/wp-content\/uploads\/2024\/10\/combat-de-rue-AI-gen-Image-par-Robert-Krasiuk-de-Pixabay.jpg?resize=768%2C768&amp;ssl=1 768w, https:\/\/i0.wp.com\/le-clairon-nouveau.fr\/wordpress\/wp-content\/uploads\/2024\/10\/combat-de-rue-AI-gen-Image-par-Robert-Krasiuk-de-Pixabay.jpg?w=1280&amp;ssl=1 1280w\" sizes=\"auto, (max-width: 411px) 100vw, 411px\" \/><span style=\"font-size: 8pt\"><em>combat de rue (AI gen Image par Robert Krasiuk de Pixabay)<\/em><\/span><\/p>\n<p style=\"text-align: center\"><span style=\"font-size: 18pt\"><strong><span style=\"color: #ff0000\">Histoire du Mouvement Ouvrier<\/span><\/strong><\/span><\/p>\n<p style=\"text-align: left\"><em><span style=\"font-size: 18pt;font-family: comic sans ms, sans-serif\"><strong> La premi\u00e8re insurrection des Canuts<\/strong><\/span><\/em><\/p>\n<p style=\"text-align: justify\">La crise \u00e9conomique s\u00e9vit en France depuis 1827. Les canuts (6000 artisans tisseurs de soie lyonnais qui emploient 30 000 ouvriers) ont r\u00e9duit leur production durant de longs mois. Il fallait pourtant entretenir les m\u00e9tiers \u00e0 tisser et payer compagnons et apprentis. Les salaires se sont effondr\u00e9s. Pour beaucoup c\u2019est la mis\u00e8re. En 1831, malgr\u00e9 la reprise de l\u2019activit\u00e9 et des journ\u00e9es de travail de 14 \u00e0 18 heures, les 1400 \u00ab soyeux \u00bb (banquiers-n\u00e9gociants &#8211; donneurs d\u2019ordre, aussi appel\u00e9s \u00ab fabricants \u00bb) refusent d\u2019augmenter les salaires&#8230; Le 18 octobre 1831, une d\u00e9l\u00e9gation de canuts rencontre le pr\u00e9fet du Rh\u00f4ne et des repr\u00e9sentants des soyeux.<br \/>\nOn est alors au temps du \u00ab socialisme utopique \u00bb. Le mode de production capitaliste, la grande industrie, sont encore relativement peu d\u00e9velopp\u00e9s en Angleterre et presque compl\u00e8tement inexistants en France. Lyon est alors l\u2019exception.<\/p>\n<p style=\"text-align: justify\">Les contradictions, les conflits en r\u00e9sultant, ne sont encore qu\u2019en devenir. Ces conditions ne permettent pas de comprendre la nature et les causes des probl\u00e8mes sociaux et encore moins d\u2019y rem\u00e9dier. Des humanistes, des philanthropes (Saint-Simon, Cabet, Leroux, Fourier\u2026), s\u2019efforcent d\u2019\u00e9laborer des syst\u00e8mes id\u00e9aux, issus de leur cerveau, cens\u00e9s supprimer l\u2019injustice et la mis\u00e8re qui accablent les travailleurs. Ces id\u00e9es nouvelles se r\u00e9pandent parmi les ouvriers. Tant\u00f4t tol\u00e9r\u00e9es, tant\u00f4t r\u00e9prim\u00e9es pour cause de loi Le Chapelier de 1791, les soci\u00e9t\u00e9s de secours mutuel, produit du compagnonnage, deviennent parfois le paravent d\u2019embryons d\u2019organisations ouvri\u00e8res clandestines : les Soci\u00e9t\u00e9s de R\u00e9sistance ouvri\u00e8re ou \u00ab R\u00e9sistances \u00bb qui luttent pour des am\u00e9liorations de salaire et de conditions de travail. Les Canuts ont cr\u00e9\u00e9 leur Soci\u00e9t\u00e9 secr\u00e8te de R\u00e9sistance : le Devoir mutuel.<br \/>\nLe 26 octobre, les canuts obtiennent le tarif (prix minimum garanti de la fa\u00e7on). Mais 104 soyeux, invoquant la loi Le Chapelier, refusent de l\u2019appliquer. Le 21 novembre, les canuts cessent le travail. La gr\u00e8ve est g\u00e9n\u00e9rale. Ils descendent de la Croix-Rousse en manifestation. La Garde nationale tente de leur barrer la route et tire sans sommation. Il y a des morts. Les canuts s\u2019arment, des barricades sont \u00e9difi\u00e9es. Sur leur drapeau noir figure la devise \u00ab Vivre en travaillant ou mourir en combattant \u00bb. Les ouvriers d\u2019autres corps de m\u00e9tiers (notamment les ma\u00e7ons) se joignent aux canuts. Le 23 novembre, ils sont ma\u00eetres de Lyon. Ils veillent \u00e0 ce qu\u2019il n\u2019y ait aucun pillage. La plupart des ouvriers, croyant le tarif acquit, reprennent le travail la semaine suivante. Le 3 d\u00e9cembre, une arm\u00e9e de 20 000 hommes, conduite par le duc d\u2019Orl\u00e9ans [1810-1842] et le g\u00e9n\u00e9ral Soult [1769-1851], reprend la ville. 90 ouvriers sont arr\u00eat\u00e9s, 11 sont poursuivis en justice (Ils seront acquitt\u00e9s \u00e0 Riom en juin 1832). Malgr\u00e9 son \u00e9chec imm\u00e9diat, la r\u00e9volte des canuts a un retentissement international. Le ministre-banquier Casimir-P\u00e9rier [1777-1832] d\u00e9clare avec suffisance : \u00ab Il faut que les ouvriers sachent bien qu&rsquo;il n&rsquo;y a de rem\u00e8des pour eux que la patience et la r\u00e9signation. \u00bb<br \/>\nLe 2 f\u00e9vrier 1832, Auguste Blanqui [1805-1881] prononce ce discours devant la Soci\u00e9t\u00e9 des amis du peuple :<br \/>\n\u00ab Il ne faut pas dissimuler qu\u2019il y a guerre \u00e0 mort entre les classes qui composent la nation. Cette v\u00e9rit\u00e9 \u00e9tant bien reconnue, le parti vraiment national, celui auquel les patriotes doivent se rallier, c\u2019est le parti des masses. [\u2026] Telle est donc la situation des partis imm\u00e9diatement apr\u00e8s la r\u00e9volution de juillet. La haute classe est \u00e9cras\u00e9e. La classe moyenne qui s\u2019est cach\u00e9e pendant le combat et qui l\u2019a d\u00e9sapprouv\u00e9, montrant autant d\u2019habilet\u00e9 qu\u2019elle avait montr\u00e9 de prudence, a escamot\u00e9 le fruit de la victoire remport\u00e9e malgr\u00e9 elle. Le peuple, qui a tout fait, reste z\u00e9ro comme devant. Mais un fait terrible s\u2019est accompli. Le peuple est entr\u00e9 brusquement comme un coup de tonnerre sur la sc\u00e8ne politique qu\u2019il a enlev\u00e9e d\u2019assaut, et, bien que chass\u00e9 presque au m\u00eame instant, il n\u2019en a pas moins fait acte de ma\u00eetre, il a repris sa d\u00e9mission. C\u2019est d\u00e9sormais entre la classe moyenne et lui que va se livrer une guerre acharn\u00e9e. Ce n\u2019est plus entre les hautes classes et les bourgeois, ceux-ci auront m\u00eame besoin d\u2019appeler \u00e0 leur aide leurs anciens ennemis pour mieux lui r\u00e9sister. En effet, la bourgeoisie n\u2019a pas longtemps dissimul\u00e9 sa haine contre le peuple. \u00bb<br \/>\nEn avril 1834 une nouvelle r\u00e9volte des canuts est \u00e9cras\u00e9e dans le sang\u2026<\/p>\n<p style=\"text-align: justify\">\n<img data-recalc-dims=\"1\" loading=\"lazy\" decoding=\"async\" class=\" wp-image-30646 alignleft\" src=\"https:\/\/i0.wp.com\/le-clairon-nouveau.fr\/wordpress\/wp-content\/uploads\/2024\/10\/Capture-decran-2024-10-25-185304.png?resize=286%2C219&#038;ssl=1\" alt=\"\" width=\"286\" height=\"219\" \/><\/p>\n<p>&nbsp;<\/p>\n<p style=\"text-align: justify\">Plaque comm\u00e9morative de l\u2019insurrection des canuts<br \/>\n(Mairie du IVe Arrondissement de Lyon).<\/p>\n<p>&nbsp;<\/p>\n<p>&nbsp;<\/p>\n<p>&nbsp;<\/p>\n<p><img data-recalc-dims=\"1\" loading=\"lazy\" decoding=\"async\" class=\" wp-image-30647 aligncenter\" src=\"https:\/\/i0.wp.com\/le-clairon-nouveau.fr\/wordpress\/wp-content\/uploads\/2024\/10\/Capture-decran-2024-10-25-185551.png?resize=763%2C1090&#038;ssl=1\" alt=\"\" width=\"763\" height=\"1090\" \/><\/p>\n<p style=\"text-align: center\"><span style=\"color: #ff0000;font-size: 18pt\"><strong>Histoire du Mouvement Ouvrier<\/strong><\/span><\/p>\n<p style=\"text-align: justify\">Le 27 janvier 1848, le perspicace vicomte Alexis de Tocqueville [1805-1859] alerte la chambre des d\u00e9put\u00e9s :<br \/>\n\u00ab <em>Regardez ce qui se passe au sein de ces classes ouvri\u00e8res [&#8230;]. Ne voyez-vous pas que leurs passions, de politiques sont devenues sociales ? N\u2019\u00e9coutez-vous pas ce qui se dit tous les jours dans leur sein ? [\u2026] que la division des biens faite jusqu\u2019\u00e0 pr\u00e9sent dans le monde est injuste, que la propri\u00e9t\u00e9 repose sur des bases qui ne sont pas des bases \u00e9quitables ? [\u2026] et ne pensez-vous pas que lorsque de telles opinions prennent racine, quand elles se r\u00e9pandent d\u2019une mani\u00e8re presque g\u00e9n\u00e9rale, que, quand elles descendent profond\u00e9ment dans les masses, qu\u2019elles doivent amener t\u00f4t ou tard les r\u00e9volutions les plus redoutables ? Telle est, Messieurs, ma conviction profonde : je crois que nous nous endormons \u00e0 l\u2019heure qu\u2019il est sur un volcan<\/em> <em>[\u2026]<\/em> \u00bb<\/p>\n<p style=\"text-align: justify\">La r\u00e9volution chasse Louis-Philippe qui abdique le 24 f\u00e9vrier 1848 et fuit. Le lendemain, les ouvriers exigent du gouvernement provisoire qu\u2019il proclame la R\u00e9publique. Alphonse de Lamartine [1790-1869] refuse le drapeau rouge des ouvriers et impose le maintien du drapeau tricolore. Au m\u00eame moment, Karl Marx [1818-1883] et Friedrich Engels [1820-1895] publient Le Manifeste du parti communiste qui constate :<br \/>\n\u00ab <span style=\"color: #ff0000\"><em>La soci\u00e9t\u00e9 bourgeoise moderne, \u00e9lev\u00e9e sur les ruines de la soci\u00e9t\u00e9 f\u00e9odale, n\u2019a pas aboli les antagonismes de classes. Elle n\u2019a fait que substituer de nouvelles classes, de nouvelles conditions d\u2019oppression, de nouvelles formes de lutte \u00e0 celles d\u2019autrefois. Cependant le caract\u00e8re distinctif de notre \u00e9poque, de l\u2019\u00e9poque de la bourgeoisie, est d\u2019avoir simplifi\u00e9 les antagonismes de classes. La soci\u00e9t\u00e9 se divise de plus en plus en deux vastes camps ennemis, en deux grandes classes diam\u00e9tralement oppos\u00e9es : la bourgeoisie et le prol\u00e9tariat<\/em><\/span> \u00bb. Il se conclut par cette adresse aux travailleurs : \u00ab <em><span style=\"color: #ff0000\">Prol\u00e9taires de tous les pays, unissez-vous<\/span> <\/em>! \u00bb.<\/p>\n<p style=\"text-align: justify\">La IIe R\u00e9publique apporte le suffrage universel masculin, l\u2019abolition de l\u2019esclavage, et des flots d\u2019illusions : c\u2019est une R\u00e9publique bourgeoise. Durant tout le mois de mars des assembl\u00e9es, des meetings, de plusieurs centaines, parfois plusieurs milliers, d\u2019ouvriers, occupent divers lieux dont les places publiques de la capitale. Ils y discutent essentiellement de leurs int\u00e9r\u00eats mat\u00e9riels et moraux, de la formulation de revendications que des d\u00e9l\u00e9gations portent au gouvernement. Chaque corps d\u2019\u00e9tat organise sa propre r\u00e9union et \u00e9lit ses d\u00e9l\u00e9gu\u00e9s. Les organisations ouvri\u00e8res, jusqu\u2019alors secr\u00e8tes, sont l\u00e9galis\u00e9es. Les corps d\u2019\u00e9tat cr\u00e9ent leur Association, leur \u00ab corporation ouvri\u00e8re \u00bb. Certaines reproduisent les formes traditionnelles h\u00e9rit\u00e9es des Devoirs, mais d\u2019autres sont d\u00e9j\u00e0 des \u00ab prototypes \u00bb d\u2019organisations syndicales (R\u00e9mi Gossez). Le calme, la discipline et la d\u00e9termination de la puissante manifestation pacifique de 200 000 ouvriers d\u00e9filant \u00e0 Paris le 17 mars, ont terrifi\u00e9 la bourgeoisie. Pendant 20 jours, Limoges (\u00ab La Rome du socialisme \u00bb selon l\u2019expression de Pauline Roland [1805-1852]) a \u00e9t\u00e9 administr\u00e9e par un pouvoir ouvrier, avant que l\u2019Arm\u00e9e ne r\u00e9tablisse \u00ab l\u2019ordre \u00bb. La bourgeoisie massacre \u00e0 Rouen, complote et manoeuvre \u00e0 Paris. Le brutal d\u00e9nouement survient en juin. La fermeture des Ateliers nationaux pousse les ouvriers \u00e0 la r\u00e9volte. Le 23 juin 1848, des barricades sont dress\u00e9es dans les quartiers populaires de Paris. Le g\u00e9n\u00e9ral Cavaignac [1802-1854] dirige la f\u00e9roce r\u00e9pression qui s\u2019ensuit (5000 ouvriers tu\u00e9s dans les combats et 1500 fusill\u00e9s ult\u00e9rieurement). C\u2019est la plus effroyable clarification des rapports r\u00e9els entre les classes. La R\u00e9publique sans r\u00e9publicains est balay\u00e9e par le coup d\u2019\u00c9tat du 2 d\u00e9cembre 1851 de Louis-Napol\u00e9on Bonaparte\u2026<\/p>\n<p><img data-recalc-dims=\"1\" loading=\"lazy\" decoding=\"async\" class=\" wp-image-30650 aligncenter\" src=\"https:\/\/i0.wp.com\/le-clairon-nouveau.fr\/wordpress\/wp-content\/uploads\/2024\/10\/Capture-decran-2024-10-25-212409.png?resize=768%2C1052&#038;ssl=1\" alt=\"\" width=\"768\" height=\"1052\" srcset=\"https:\/\/i0.wp.com\/le-clairon-nouveau.fr\/wordpress\/wp-content\/uploads\/2024\/10\/Capture-decran-2024-10-25-212409.png?resize=219%2C300&amp;ssl=1 219w, https:\/\/i0.wp.com\/le-clairon-nouveau.fr\/wordpress\/wp-content\/uploads\/2024\/10\/Capture-decran-2024-10-25-212409.png?w=634&amp;ssl=1 634w\" sizes=\"auto, (max-width: 768px) 100vw, 768px\" \/><\/p>\n<p><img data-recalc-dims=\"1\" loading=\"lazy\" decoding=\"async\" class=\" wp-image-30652 aligncenter\" src=\"https:\/\/i0.wp.com\/le-clairon-nouveau.fr\/wordpress\/wp-content\/uploads\/2024\/10\/Capture-decran-2024-10-25-212729.png?resize=764%2C1076&#038;ssl=1\" alt=\"\" width=\"764\" height=\"1076\" \/><\/p>\n<p><img data-recalc-dims=\"1\" loading=\"lazy\" decoding=\"async\" class=\" wp-image-30654 aligncenter\" src=\"https:\/\/i0.wp.com\/le-clairon-nouveau.fr\/wordpress\/wp-content\/uploads\/2024\/10\/Capture-decran-2024-10-25-213031.png?resize=764%2C1076&#038;ssl=1\" alt=\"\" width=\"764\" height=\"1076\" srcset=\"https:\/\/i0.wp.com\/le-clairon-nouveau.fr\/wordpress\/wp-content\/uploads\/2024\/10\/Capture-decran-2024-10-25-213031.png?resize=213%2C300&amp;ssl=1 213w, https:\/\/i0.wp.com\/le-clairon-nouveau.fr\/wordpress\/wp-content\/uploads\/2024\/10\/Capture-decran-2024-10-25-213031.png?w=641&amp;ssl=1 641w\" sizes=\"auto, (max-width: 764px) 100vw, 764px\" \/><\/p>\n<p style=\"text-align: center\"><span style=\"font-size: 18pt;color: #ff0000\"><strong>Histoire du Mouvement Ouvrier<\/strong><\/span><\/p>\n<p style=\"text-align: center\"><img data-recalc-dims=\"1\" loading=\"lazy\" decoding=\"async\" class=\" wp-image-30656 aligncenter\" src=\"https:\/\/i0.wp.com\/le-clairon-nouveau.fr\/wordpress\/wp-content\/uploads\/2024\/10\/revolution-Image-par-Clker-Free-Vector-Images-de-Pixabay.png?resize=734%2C367&#038;ssl=1\" alt=\"\" width=\"734\" height=\"367\" srcset=\"https:\/\/i0.wp.com\/le-clairon-nouveau.fr\/wordpress\/wp-content\/uploads\/2024\/10\/revolution-Image-par-Clker-Free-Vector-Images-de-Pixabay.png?resize=300%2C150&amp;ssl=1 300w, https:\/\/i0.wp.com\/le-clairon-nouveau.fr\/wordpress\/wp-content\/uploads\/2024\/10\/revolution-Image-par-Clker-Free-Vector-Images-de-Pixabay.png?resize=1024%2C512&amp;ssl=1 1024w, https:\/\/i0.wp.com\/le-clairon-nouveau.fr\/wordpress\/wp-content\/uploads\/2024\/10\/revolution-Image-par-Clker-Free-Vector-Images-de-Pixabay.png?resize=768%2C384&amp;ssl=1 768w, https:\/\/i0.wp.com\/le-clairon-nouveau.fr\/wordpress\/wp-content\/uploads\/2024\/10\/revolution-Image-par-Clker-Free-Vector-Images-de-Pixabay.png?w=1280&amp;ssl=1 1280w\" sizes=\"auto, (max-width: 734px) 100vw, 734px\" \/><span style=\"font-size: 8pt\"><em><strong>r\u00e9volution-(Image par Clker-Free-Vector-Images de Pixabay)<\/strong><\/em><\/span><\/p>\n<p style=\"text-align: justify\">Apr\u00e8s le d\u00e9sastre de Sedan, l\u2019Empire s\u2019est effondr\u00e9. La R\u00e9publique a \u00e9t\u00e9 proclam\u00e9e le 4 septembre 1870 \u00e0 Paris ; le IIe Reich allemand, le 18 janvier 1871, dans la Galerie des Glaces \u00e0 Versailles. L\u2019armistice du 28 janvier 1871 met fin \u00e0 la guerre franco-prussienne. La France est occup\u00e9e et amput\u00e9e de l\u2019Alsace et d\u2019une partie de la Lorraine. Elle doit payer une indemnit\u00e9 de guerre. Les \u00e9lections l\u00e9gislatives du 8 f\u00e9vrier sont remport\u00e9es par les monarchistes. Mais ils ne peuvent restaurer la monarchie car ils sont divis\u00e9s entre \u00ab l\u00e9gitimistes \u00bb et \u00ab orl\u00e9anistes \u00bb, Adolphe Thiers [1797-1877], est d\u00e9sign\u00e9 comme chef du pouvoir ex\u00e9cutif de la R\u00e9publique fran\u00e7aise.<br \/>\nLe 18 mars 1871, sur ordre de Thiers, l\u2019arm\u00e9e tente de saisir les canons de la Garde nationale, pay\u00e9s par souscription populaire pendant la guerre franco-prussienne et le si\u00e8ge de Paris. La population s\u2019y oppose. C\u2019est un \u00e9chec. Thiers et les bourgeois des beaux quartiers fuient \u00e0 Versailles. Le pouvoir vient de passer au prol\u00e9tariat sans qu&rsquo;il l&rsquo;ait cherch\u00e9. Les communards n\u2019y \u00e9taient pas pr\u00e9par\u00e9s. N\u00e9anmoins, pendant 72 jours, la Commune de Paris, oblig\u00e9e de consacrer l\u2019essentiel de ses forces \u00e0 combattre pour se d\u00e9fendre contre les Versaillais, va tenter, avec peu de moyens et beaucoup d\u2019amateurisme, de confusion, d\u2019improvisations, et d\u2019erreurs, de r\u00e9pondre aux besoins de la population parisienne. Les Communards ont os\u00e9 monter \u00e0 l\u2019assaut du Ciel ! (Marx) Dans la pr\u00e9face de La guerre civile en France, Friedrich Engels note cependant : \u00ab Le plus difficile \u00e0 saisir est certainement le saint respect avec lequel on s&rsquo;arr\u00eata devant les portes de la Banque de France. Ce fut d&rsquo;ailleurs une lourde faute politique. La Banque aux mains de la Commune, cela valait mieux que dix mille otages. Cela signifiait toute la bourgeoisie fran\u00e7aise faisant pression sur le gouvernement de Versailles pour conclure la paix avec la Commune. \u00bb<\/p>\n<p style=\"text-align: center\"><img data-recalc-dims=\"1\" loading=\"lazy\" decoding=\"async\" class=\" wp-image-30659 aligncenter\" src=\"https:\/\/i0.wp.com\/le-clairon-nouveau.fr\/wordpress\/wp-content\/uploads\/2024\/10\/Capture-decran-2024-10-25-215321.png?resize=748%2C972&#038;ssl=1\" alt=\"\" width=\"748\" height=\"972\" \/><em><strong><span style=\"font-size: 8pt\">Affiche de la Commune de Paris N\u00b0 170 du 19 avril 1871 &#8211; D\u00e9claration au Peuple Fran\u00e7ais (Source : argonnaute.parisnanterre.fr)<\/p>\n<p><\/span><\/strong><\/em><\/p>\n<p style=\"text-align: center\"><strong><span style=\"font-size: 18pt;color: #ff0000\">Histoire du Mouvement Ouvrier<\/span><\/strong><\/p>\n<p><strong><span style=\"font-size: 14pt\">La semaine sanglante<\/span><\/strong><br \/>\n<strong><span style=\"font-size: 14pt\">(Paroles : Jean-Baptiste Cl\u00e9ment, 1871 \u2013 Musique : Pierre Dupond\u2013 1849)<\/span><\/strong><\/p>\n<p><img data-recalc-dims=\"1\" loading=\"lazy\" decoding=\"async\" class=\" wp-image-30742 aligncenter\" src=\"https:\/\/i0.wp.com\/le-clairon-nouveau.fr\/wordpress\/wp-content\/uploads\/2024\/10\/Capture-decran-2024-10-30-072054.png?resize=745%2C512&#038;ssl=1\" alt=\"\" width=\"745\" height=\"512\" srcset=\"https:\/\/i0.wp.com\/le-clairon-nouveau.fr\/wordpress\/wp-content\/uploads\/2024\/10\/Capture-decran-2024-10-30-072054.png?resize=300%2C206&amp;ssl=1 300w, https:\/\/i0.wp.com\/le-clairon-nouveau.fr\/wordpress\/wp-content\/uploads\/2024\/10\/Capture-decran-2024-10-30-072054.png?resize=768%2C528&amp;ssl=1 768w, https:\/\/i0.wp.com\/le-clairon-nouveau.fr\/wordpress\/wp-content\/uploads\/2024\/10\/Capture-decran-2024-10-30-072054.png?w=931&amp;ssl=1 931w\" sizes=\"auto, (max-width: 745px) 100vw, 745px\" \/><\/p>\n<p><img data-recalc-dims=\"1\" loading=\"lazy\" decoding=\"async\" class=\" wp-image-30661 aligncenter\" src=\"https:\/\/i0.wp.com\/le-clairon-nouveau.fr\/wordpress\/wp-content\/uploads\/2024\/10\/Capture-decran-2024-10-25-215910.png?resize=744%2C610&#038;ssl=1\" alt=\"\" width=\"744\" height=\"610\" srcset=\"https:\/\/i0.wp.com\/le-clairon-nouveau.fr\/wordpress\/wp-content\/uploads\/2024\/10\/Capture-decran-2024-10-25-215910.png?resize=300%2C246&amp;ssl=1 300w, https:\/\/i0.wp.com\/le-clairon-nouveau.fr\/wordpress\/wp-content\/uploads\/2024\/10\/Capture-decran-2024-10-25-215910.png?w=642&amp;ssl=1 642w\" sizes=\"auto, (max-width: 744px) 100vw, 744px\" \/><\/p>\n<p style=\"text-align: center\"><img data-recalc-dims=\"1\" loading=\"lazy\" decoding=\"async\" class=\"wp-image-30662 aligncenter\" src=\"https:\/\/i0.wp.com\/le-clairon-nouveau.fr\/wordpress\/wp-content\/uploads\/2024\/10\/affiche-Image-par-Clker-Free-Vector-Images-de-Pixabay.png?resize=498%2C704&#038;ssl=1\" alt=\"\" width=\"498\" height=\"704\" srcset=\"https:\/\/i0.wp.com\/le-clairon-nouveau.fr\/wordpress\/wp-content\/uploads\/2024\/10\/affiche-Image-par-Clker-Free-Vector-Images-de-Pixabay.png?resize=212%2C300&amp;ssl=1 212w, https:\/\/i0.wp.com\/le-clairon-nouveau.fr\/wordpress\/wp-content\/uploads\/2024\/10\/affiche-Image-par-Clker-Free-Vector-Images-de-Pixabay.png?resize=724%2C1024&amp;ssl=1 724w, https:\/\/i0.wp.com\/le-clairon-nouveau.fr\/wordpress\/wp-content\/uploads\/2024\/10\/affiche-Image-par-Clker-Free-Vector-Images-de-Pixabay.png?resize=768%2C1086&amp;ssl=1 768w, https:\/\/i0.wp.com\/le-clairon-nouveau.fr\/wordpress\/wp-content\/uploads\/2024\/10\/affiche-Image-par-Clker-Free-Vector-Images-de-Pixabay.png?w=905&amp;ssl=1 905w\" sizes=\"auto, (max-width: 498px) 100vw, 498px\" \/><span style=\"font-size: 8pt\"><em><strong>affiche en r\u00e9f\u00e9rence \u00e0 la Commune (Image par Clker-Free-Vector-Images de Pixabay)<\/strong><\/em><\/span><\/p>\n<p><img data-recalc-dims=\"1\" loading=\"lazy\" decoding=\"async\" class=\" wp-image-30663 aligncenter\" src=\"https:\/\/i0.wp.com\/le-clairon-nouveau.fr\/wordpress\/wp-content\/uploads\/2024\/10\/Capture-decran-2024-10-25-220854.png?resize=747%2C575&#038;ssl=1\" alt=\"\" width=\"747\" height=\"575\" srcset=\"https:\/\/i0.wp.com\/le-clairon-nouveau.fr\/wordpress\/wp-content\/uploads\/2024\/10\/Capture-decran-2024-10-25-220854.png?resize=300%2C231&amp;ssl=1 300w, https:\/\/i0.wp.com\/le-clairon-nouveau.fr\/wordpress\/wp-content\/uploads\/2024\/10\/Capture-decran-2024-10-25-220854.png?w=748&amp;ssl=1 748w\" sizes=\"auto, (max-width: 747px) 100vw, 747px\" \/><\/p>\n<p style=\"text-align: justify\">On ne conna\u00eet pas le nombre exact de victimes de la Semaine sanglante. Selon une estimation, il y aurait eu 4000 Parisiens tu\u00e9s au combat, environ 20 000 personnes ex\u00e9cut\u00e9es sommairement. Un charnier de 800 communards n\u2019a \u00e9t\u00e9 d\u00e9couvert qu\u2019en 1897 dans le quartier Charonne. Selon le rapport Appert 46 835 personnes ont \u00e9t\u00e9 arr\u00eat\u00e9es. Vingt-six Conseils de guerre \u00e0 la justice exp\u00e9ditive, ont prononc\u00e9 10137 condamnations dont 270 peines de mort. La presse r\u00e9actionnaire a forg\u00e9 la l\u00e9gende noire de la Commune et des Communards, notamment le mythe des \u00ab p\u00e9troleuses \u00bb. 20 000 F\u00e9d\u00e9r\u00e9s survivants, extraits de leurs ge\u00f4les, ont \u00e9t\u00e9 d\u00e9lib\u00e9r\u00e9ment transport\u00e9s dans des conditions inhumaines, dans des wagons \u00e0 bestiaux, \u00e0 destination de Fort Boyard, des pontons, ou des ge\u00f4les des forts militaires de la c\u00f4te atlantique.<br \/>\nLes d\u00e9partements les plus durement touch\u00e9s par la r\u00e9pression sont, par ordre d\u00e9croissant : la Seine : 8938 arrestations, la Seine et Oise : 1267 arrestations, la Creuse : 953 arrestations. Au total 1334 ma\u00e7ons de la Creuse ne reverront jamais leur village : tu\u00e9s au combat, fusill\u00e9s, incarc\u00e9r\u00e9s, d\u00e9port\u00e9s au bagne \u2026<br \/>\nApr\u00e8s l\u2019\u00e9crasement de la Commune de Paris, le mouvement ouvrier fran\u00e7ais est d\u00e9capit\u00e9 et va mettre des ann\u00e9es \u00e0 se relever. Les militants qui ont r\u00e9ussi \u00e0 \u00e9chapper \u00e0 la mort et aux arrestations, fuient ou se cachent en attendant le moment propice pour partir en exil \u00e0 l\u2019\u00e9tranger. N\u00e9anmoins, d\u00e8s 1871, quelques syndicats se r\u00e9organisent dans la clandestinit\u00e9. Six ans plus tard, en octobre 1876, un congr\u00e8s corporatif est autoris\u00e9, rue d\u2019Arras \u00e0 Paris. Les 360 d\u00e9l\u00e9gu\u00e9s, repr\u00e9sentant 72 chambres syndicales parisiennes et 16 provinciales, \u00e9cartent toute discussion \u00e0 caract\u00e8re politique par crainte de la r\u00e9pression. On ne discute que des questions \u00e9conomiques. L\u2019\u00e9preuve de la Commune a aiguis\u00e9 les profonds d\u00e9saccords entre communistes et anarchistes. L\u2019AIT n\u2019y survit pas. Elle est dissoute lors d\u2019une conf\u00e9rence \u00e0 Philadelphie en juillet 1876. La premi\u00e8re loi d\u2019amnistie des Communards est vot\u00e9e le 3 mars 1879.<\/p>\n<p><img data-recalc-dims=\"1\" loading=\"lazy\" decoding=\"async\" class=\" wp-image-30666 aligncenter\" src=\"https:\/\/i0.wp.com\/le-clairon-nouveau.fr\/wordpress\/wp-content\/uploads\/2024\/10\/Capture-decran-2024-10-25-221910.png?resize=744%2C1083&#038;ssl=1\" alt=\"\" width=\"744\" height=\"1083\" srcset=\"https:\/\/i0.wp.com\/le-clairon-nouveau.fr\/wordpress\/wp-content\/uploads\/2024\/10\/Capture-decran-2024-10-25-221910.png?resize=206%2C300&amp;ssl=1 206w, https:\/\/i0.wp.com\/le-clairon-nouveau.fr\/wordpress\/wp-content\/uploads\/2024\/10\/Capture-decran-2024-10-25-221910.png?w=627&amp;ssl=1 627w\" sizes=\"auto, (max-width: 744px) 100vw, 744px\" \/><\/p>\n<p><img data-recalc-dims=\"1\" loading=\"lazy\" decoding=\"async\" class=\" wp-image-30667 aligncenter\" src=\"https:\/\/i0.wp.com\/le-clairon-nouveau.fr\/wordpress\/wp-content\/uploads\/2024\/10\/Capture-decran-2024-10-25-222152.png?resize=763%2C112&#038;ssl=1\" alt=\"\" width=\"763\" height=\"112\" srcset=\"https:\/\/i0.wp.com\/le-clairon-nouveau.fr\/wordpress\/wp-content\/uploads\/2024\/10\/Capture-decran-2024-10-25-222152.png?resize=300%2C44&amp;ssl=1 300w, https:\/\/i0.wp.com\/le-clairon-nouveau.fr\/wordpress\/wp-content\/uploads\/2024\/10\/Capture-decran-2024-10-25-222152.png?w=638&amp;ssl=1 638w\" sizes=\"auto, (max-width: 763px) 100vw, 763px\" \/><\/p>\n<p style=\"text-align: center\"><span style=\"color: #3366ff\">C\u2019\u00e9tait hier, samedi, jour de paye, <\/span><br \/>\n<span style=\"color: #3366ff\">Et le soleil se levait sur nos fronts J\u2019avais d\u00e9j\u00e0 vid\u00e9 plus d\u2019une bouteille, <\/span><br \/>\n<span style=\"color: #3366ff\">Si bien que je m\u2019avais jamais trouv\u00e9 si rond. <\/span><br \/>\n<span style=\"color: #3366ff\">Voil\u00e0 la bourgeoise qui rapplique devant le zingue: <\/span><br \/>\n<span style=\"color: #3366ff\">\u00ab Feignant, qu\u2019elle dit, t\u2019as donc l\u00e2<span class='tooltipsall tooltip_post_id_18357 classtoolTips220'>ch<\/span>\u00e9 le turbin ? \u00bb \u00b5<\/span><br \/>\n<span style=\"color: #3366ff\">\u00ab Oui, que je r\u00e9ponds, car je vais au m\u00e9tingue, <\/span><br \/>\n<span style=\"color: #3366ff\">Au grand m\u00e9tingue du M\u00e9tropolitain ! \u00bb <\/span><\/p>\n<p style=\"text-align: center\"><span style=\"color: #3366ff\">Les citoyens, dans un \u00e9lan sublime, \u00c9taient venus guid\u00e9s par la raison. <\/span><br \/>\n<span style=\"color: #3366ff\">\u00c0 la porte, on donnait vingt-cinq centimes <\/span><br \/>\n<span style=\"color: #3366ff\">Pour soutenir les gr\u00e8ves de Vierzon. <\/span><br \/>\n<span style=\"color: #3366ff\">Bref, \u00e0 part quatre municipaux qui chlinguent <\/span><br \/>\n<span style=\"color: #3366ff\">Et trois sergots d\u00e9guis\u00e9s en p\u00e9kins, <\/span><br \/>\n<span style=\"color: #3366ff\">J\u2019ai jamais vu de plus chouette m\u00e9tingue, \u00b5<\/span><br \/>\n<span style=\"color: #3366ff\">Que le m\u00e9tingue du M\u00e9tropolitain ! <\/span><\/p>\n<p style=\"text-align: center\"><span style=\"color: #3366ff\">Y avait Basly, le mineur indomptable, <\/span><br \/>\n<span style=\"color: #3366ff\">Cam\u00e9linat, l\u2019orgueille du pays. <\/span><br \/>\n<span style=\"color: #3366ff\">Ils sont grimp\u00e9s tous deux sur une table, <\/span><br \/>\n<span style=\"color: #3366ff\">Pour mettre la question sur le tapis. <\/span><br \/>\n<span style=\"color: #3366ff\">Mais, tout \u00e0 coup, on entend du bastringue ; <\/span><br \/>\n<span style=\"color: #3366ff\">C\u2019est un mouchard qui veut faire le malin ! <\/span><br \/>\n<span style=\"color: #3366ff\">Il est venu pour troubler le m\u00e9tingue, <\/span><br \/>\n<span style=\"color: #3366ff\">Le grand m\u00e9tingue du M\u00e9tropolitain !<\/span><\/p>\n<p style=\"text-align: center\"><span style=\"color: #3366ff\">Moi je tombe dessus, et pendant qu\u2019il proteste, <\/span><br \/>\n<span style=\"color: #3366ff\">D\u2019un grand coup de poing, j\u2019y renfonce son chapeau. <\/span><br \/>\n<span style=\"color: #3366ff\">Il d\u00e9guerpit sans demander son reste, <\/span><br \/>\n<span style=\"color: #3366ff\">En faisant signe aux quatre municipaux <\/span><br \/>\n<span style=\"color: #3366ff\">\u00c0 la faveur de c&rsquo;que j\u2019\u00e9tais brind&rsquo;zingue, <\/span><br \/>\n<span style=\"color: #3366ff\">On m\u2019a conduit jusqu\u2019au poste voisin <\/span><br \/>\n<span style=\"color: #3366ff\">Et c\u2019est comme \u00e7a qu\u2019a fini le m\u00e9tingue, <\/span><br \/>\n<span style=\"color: #3366ff\">Le grand m\u00e9tingue du M\u00e9tropolitain ! <\/span><\/p>\n<p style=\"text-align: center\"><span style=\"color: #3366ff\">Morale : <\/span><\/p>\n<p style=\"text-align: center\"><span style=\"color: #3366ff\">Peuple fran\u00e7ais, la Bastille est d\u00e9truite, <\/span><br \/>\n<span style=\"color: #3366ff\">Et y a z&rsquo;encor des cachots pour tes fils ! <\/span><br \/>\n<span style=\"color: #3366ff\">Souviens-toi des g\u00e9ants de quarante-huit <\/span><br \/>\n<span style=\"color: #3366ff\">Qu\u2019\u00e9taient plus grands que ceusses d\u2019au jour d\u2019aujourd\u2019hui, <\/span><br \/>\n<span style=\"color: #3366ff\">Car c\u2019est toujours le pauvre ouverrier qui trinque, <\/span><br \/>\n<span style=\"color: #3366ff\">M\u00eame qu\u2019on le fourre au violon pour un rien. <\/span><br \/>\n<span style=\"color: #3366ff\">C\u2019\u00e9tait tout de m\u00eame un bien chouette m\u00e9tingue, <\/span><br \/>\n<span style=\"color: #3366ff\">Que le m\u00e9tingue du M\u00e9tropolitain !<\/span><\/p>\n<p style=\"text-align: justify\">Le Congr\u00e8s ouvrier de Lyon d\u2019octobre 1886 fonde la F\u00e9d\u00e9ration Nationale des Syndicats (FNS). C\u2019est un progr\u00e8s consid\u00e9rable. Dans les ann\u00e9es 1890, des Bourses du Travail ouvrent dans plusieurs grandes villes. Elles accueillent les syndicats d\u2019une m\u00eame localit\u00e9. Gr\u00e2ce aux subventions municipales, les Bourses du Travail disposent de moyens mat\u00e9riels et financiers beaucoup plus importants que les Chambres syndicales et les F\u00e9d\u00e9rations de M\u00e9tier de la FNS. Mais les Bourses du Travail doivent aussi lutter pour pr\u00e9server leur ind\u00e9pendance \u00e0 l\u2019\u00e9gard des municipalit\u00e9s. En f\u00e9vrier 1892, \u00e0 Saint-Etienne, 15 Bourses r\u00e9unies en Congr\u00e8s, fondent la F\u00e9d\u00e9ration nationale des Bourses du Travail de France et des colonies (FNB). Les deux organisations sont rivales.<br \/>\nL\u2019unit\u00e9 de la classe ouvri\u00e8re organis\u00e9e devient un enjeu majeur. La Conf\u00e9d\u00e9ration G\u00e9n\u00e9rale du Travail (CGT) est fond\u00e9e par le Congr\u00e8s, r\u00e9uni du 23 au 28 septembre 1895, \u00e0 Limoges. Mais tout reste \u00e0 faire : la Conf\u00e9d\u00e9ration est tr\u00e8s mal organis\u00e9e, son existence m\u00eame est pr\u00e9caire, ses moyens et son action, tr\u00e8s limit\u00e9s. Ce n\u2019est qu\u2019au Congr\u00e8s de Montpellier de 1902 que sera r\u00e9alis\u00e9e l\u2019unit\u00e9 organique tant recherch\u00e9e et que des statuts plus rationnels seront adopt\u00e9s&#8230;.<\/p>\n<p style=\"text-align: justify\"><span style=\"color: #0000ff\"><em><strong>Sous la pression du mouvement ouvrier, l\u2019id\u00e9e de l\u00e9gislations sociales et d\u2019une r\u00e9glementation internationale du travail fait son chemin en Europe. En France, la loi du 2 novembre 1892 limite \u00e0 10 heures par jour le travail des enfants de moins de seize ans. Elle interdit le travail des enfants de moins de 13 ans, le travail de nuit des enfants de moins de dix-huit ans, des filles mineures et des femmes dans l\u2019industrie.<\/p>\n<p><\/strong><\/em><\/span><\/p>\n<p><em><span style=\"font-family: comic sans ms, sans-serif;font-size: 18pt\"><strong>La gr\u00e8ve insurrectionnelle de Limoges<\/strong><\/span><\/em><\/p>\n<p style=\"text-align: justify\">En f\u00e9vrier 1905, \u00e0 Limoges, ouvriers et ouvri\u00e8res de la chaussure ont fait gr\u00e8ve pour des augmentations de salaires mais aussi pour exiger le renvoi du directeur tyrannique et pervers, instituant un v\u00e9ritable droit de cuissage dans l\u2019entreprise. La gr\u00e8ve a \u00e9t\u00e9 victorieuse. Le 27 mars 1905 les porcelainiers gr\u00e9vistes de l\u2019usine de Th\u00e9odore Haviland [1842-1919] obtiennent la r\u00e9int\u00e9gration de trois ouvriers licenci\u00e9s. Mais le conflit gagne l\u2019usine de son fr\u00e8re, Charles Haviland [1839-1921]. Les ouvriers exigent le renvoi du contrema\u00eetre Penaud dont l\u2019autoritarisme et le comportement r\u00e9voltant \u00e0 l\u2019\u00e9gard des ouvri\u00e8res sont connus et d\u00e9nonc\u00e9s en vain depuis longtemps. Les patrons ripostent par un lock-out g\u00e9n\u00e9ral \u00e0 partir du 13 avril.<br \/>\nLe 14 avril, 1200 ouvriers forcent les portes de l\u2019usine Haviland, incendient l\u2019automobile de Th\u00e9odore Haviland. 500 ouvriers font le tour des fabriques et d\u00e9busquent les Jaunes. Un premier accrochage a lieu Route d\u2019Aixe avec un peloton du 20e chasseur qui attend les ouvriers, sabre au clair. Des barricades sont dress\u00e9es. Deux armureries sont pill\u00e9es. Des arrestations suivent. Le 17 avril, \u00e0 l\u2019issue d\u2019un meeting \u00e0 la Bourse du Travail \u00e0 l\u2019initiative de la CGT, un cort\u00e8ge se rend \u00e0 la pr\u00e9fecture pour exiger la lib\u00e9ration des ouvriers arr\u00eat\u00e9s. Le pr\u00e9fet refuse. Le maire socialiste Emile Labussi\u00e8re [1853-1924] condamne le lock-out qu\u2019il qualifie de \u00ab pacte de famine \u00bb. Il tente une d\u00e9marche qui \u00e9choue. Alors, la foule envahit le champ de foire et d\u00e9fonce la porte de la prison. Les dragons chargent. Les ouvriers se r\u00e9fugient dans les jardins d\u2019Orsay en surplomb du champ de foire. De nouvelles barricades sont \u00e9difi\u00e9es. Une gr\u00eale de pierres s\u2019abat sur les cavaliers. Mais une heure plus tard, une compagnie d\u2019infanterie arriv\u00e9e en renfort, ouvre le feu et prend d\u2019assaut les barricades. Plusieurs corps gisent sur le sol. La plupart ne sont que bless\u00e9s et choqu\u00e9s. Camille Vardel [1883-1905], 19 ans a \u00e9t\u00e9 tu\u00e9, atteint par une balle. Toute la presse fran\u00e7aise et \u00e9trang\u00e8re rend compte des \u00e9v\u00e9nements de Limoges, \u00ab La ville rouge \u00bb. Le 20 avril, 30 000 personnes sont pr\u00e9sentes aux obs\u00e8ques de Vardel. Le secr\u00e9taire de la CGT d\u00e9clare : \u00ab Nous voulons que, dans nos ateliers, on respecte nos femmes et nos enfants \u00bb Dat\u00e9 du m\u00eame jour, un communiqu\u00e9 du Comit\u00e9 conf\u00e9d\u00e9ral de la CGT indique : \u00ab Le conflit actuel a eu pour origine les actes immondes d&rsquo;un contrema\u00eetre, soutenu par tous les patrons porcelainiers. Le Comit\u00e9 conf\u00e9d\u00e9ral souligne que c&rsquo;est pour prot\u00e9ger ce pourceau que l&rsquo;arm\u00e9e a \u00e9t\u00e9 lanc\u00e9e par le gouvernement contre les travailleurs limousins. \u00bb. Les ouvriers des usines Haviland reprennent le travail ; l\u2019arm\u00e9e quitte la ville. Le 26 avril, toutes les usines rouvrent leurs portes.<br \/>\nLe Congr\u00e8s ouvrier r\u00e9uni salle du Globe \u00e0 Paris, du 23 au 25 avril 1905, fonde le Parti socialiste-Section fran\u00e7aise de l&rsquo;Internationale ouvri\u00e8re (SFIO). Sa d\u00e9claration de principe proclame : \u00ab <em><span style=\"color: #ff0000\">1\u00b0) Le parti socialiste est un parti de classe qui a pour but de socialiser les moyens de production et d&rsquo;\u00e9change, c&rsquo;est-\u00e0-dire de transformer la soci\u00e9t\u00e9 capitaliste en une soci\u00e9t\u00e9 collectiviste ou communiste, et pour moyen l&rsquo;organisation \u00e9conomique et politique du prol\u00e9tariat. Par son but, par son id\u00e9al, par les moyens qu&rsquo;il emploie, le parti socialiste, tout en poursuivant la r\u00e9alisation des r\u00e9formes imm\u00e9diates revendiqu\u00e9es par la classe ouvri\u00e8re, n&rsquo;est pas un parti de r\u00e9forme, mais un parti de lutte de classe et de r\u00e9volution<\/span> <\/em>\u00bb.<\/p>\n<p><img data-recalc-dims=\"1\" loading=\"lazy\" decoding=\"async\" class=\" wp-image-30668 aligncenter\" src=\"https:\/\/i0.wp.com\/le-clairon-nouveau.fr\/wordpress\/wp-content\/uploads\/2024\/10\/Capture-decran-2024-10-25-223521.png?resize=746%2C401&#038;ssl=1\" alt=\"\" width=\"746\" height=\"401\" srcset=\"https:\/\/i0.wp.com\/le-clairon-nouveau.fr\/wordpress\/wp-content\/uploads\/2024\/10\/Capture-decran-2024-10-25-223521.png?resize=300%2C161&amp;ssl=1 300w, https:\/\/i0.wp.com\/le-clairon-nouveau.fr\/wordpress\/wp-content\/uploads\/2024\/10\/Capture-decran-2024-10-25-223521.png?resize=768%2C412&amp;ssl=1 768w, https:\/\/i0.wp.com\/le-clairon-nouveau.fr\/wordpress\/wp-content\/uploads\/2024\/10\/Capture-decran-2024-10-25-223521.png?w=841&amp;ssl=1 841w\" sizes=\"auto, (max-width: 746px) 100vw, 746px\" \/><\/p>\n<p style=\"text-align: justify\">Le 12 mai 1905, plus de 44 000 ouvriers du textile de la r\u00e9gion d\u2019Ivanovo-Voznessensk, \u00e0 250 km au Nord-Est de Moscou, inventent dans le feu de l\u2019action une nouvelle forme d\u2019organisation : ils constituent le premier \u00ab soviet \u00bb (Conseil des d\u00e9l\u00e9gu\u00e9s ouvriers) de l\u2019Histoire. Il se r\u00e9unit pendant 72 jours, dirige la gr\u00e8ve. Des soviets se constituent dans 58 villes. Trotski [1879-1940], rentr\u00e9 d\u2019exil en f\u00e9vrier, co-pr\u00e9side pendant 7 semaines, le soviet de Saint-P\u00e9tersbourg. Le 17 octobre, Nicolas II accorde un parlement \u00e9lu : \u00ab la Douma \u00bb et une amnistie des condamn\u00e9s politiques. Les exil\u00e9s rentrent en Russie. Le 9 novembre, L\u00e9nine [1870-1924] arrive \u00e0 Saint-P\u00e9tersbourg.<\/p>\n<p><img data-recalc-dims=\"1\" loading=\"lazy\" decoding=\"async\" class=\" wp-image-30669 aligncenter\" src=\"https:\/\/i0.wp.com\/le-clairon-nouveau.fr\/wordpress\/wp-content\/uploads\/2024\/10\/Capture-decran-2024-10-25-223744.png?resize=747%2C605&#038;ssl=1\" alt=\"\" width=\"747\" height=\"605\" srcset=\"https:\/\/i0.wp.com\/le-clairon-nouveau.fr\/wordpress\/wp-content\/uploads\/2024\/10\/Capture-decran-2024-10-25-223744.png?resize=300%2C243&amp;ssl=1 300w, https:\/\/i0.wp.com\/le-clairon-nouveau.fr\/wordpress\/wp-content\/uploads\/2024\/10\/Capture-decran-2024-10-25-223744.png?resize=768%2C622&amp;ssl=1 768w, https:\/\/i0.wp.com\/le-clairon-nouveau.fr\/wordpress\/wp-content\/uploads\/2024\/10\/Capture-decran-2024-10-25-223744.png?w=834&amp;ssl=1 834w\" sizes=\"auto, (max-width: 747px) 100vw, 747px\" \/><\/p>\n<p><img data-recalc-dims=\"1\" loading=\"lazy\" decoding=\"async\" class=\" wp-image-30670 aligncenter\" src=\"https:\/\/i0.wp.com\/le-clairon-nouveau.fr\/wordpress\/wp-content\/uploads\/2024\/10\/Capture-decran-2024-10-25-223942.png?resize=745%2C645&#038;ssl=1\" alt=\"\" width=\"745\" height=\"645\" \/><\/p>\n<p>&nbsp;<\/p>\n<p style=\"text-align: justify\">Le 19 juin, les arrestations commencent au petit matin. A Narbonne, les dragons tirent sur la foule. Il y a deux morts le 19 et 4 autres le 20 juin dont une jeune fille de 20 ans : Julie Bourrel dit \u00ab C\u00e9cile \u00bb. Dans la soir\u00e9e, la nouvelle de la fusillade parvient \u00e0 Agde. 500 soldats du 17e R\u00e9giment d\u2019Infanterie se mutinent, pillent l\u2019armurerie et marchent de nuit jusqu\u2019\u00e0 B\u00e9ziers o\u00f9 ils arrivent le lendemain et fraternisent avec la population. Cl\u00e9menceau ordonne de faire cesser la mutinerie dans la journ\u00e9e. Apr\u00e8s n\u00e9gociation et la garantie qu\u2019il n\u2019y aura ni sanction, ni poursuite, les soldats du 17e RI rentrent \u00e0 Agde par le train le 22 juin. Le r\u00e9giment est envoy\u00e9 \u00e0 Gafsa en Tunisie.<\/p>\n<p><img data-recalc-dims=\"1\" loading=\"lazy\" decoding=\"async\" class=\" wp-image-30672 aligncenter\" src=\"https:\/\/i0.wp.com\/le-clairon-nouveau.fr\/wordpress\/wp-content\/uploads\/2024\/10\/Capture-decran-2024-10-25-224719.png?resize=743%2C1032&#038;ssl=1\" alt=\"\" width=\"743\" height=\"1032\" srcset=\"https:\/\/i0.wp.com\/le-clairon-nouveau.fr\/wordpress\/wp-content\/uploads\/2024\/10\/Capture-decran-2024-10-25-224719.png?resize=216%2C300&amp;ssl=1 216w, https:\/\/i0.wp.com\/le-clairon-nouveau.fr\/wordpress\/wp-content\/uploads\/2024\/10\/Capture-decran-2024-10-25-224719.png?w=637&amp;ssl=1 637w\" sizes=\"auto, (max-width: 743px) 100vw, 743px\" \/><\/p>\n<p style=\"text-align: justify\">L\u2019Industrial Workers of the World (IWW) est un syndicat am\u00e9ricain fond\u00e9 \u00e0 Chicago en 1905. Ses militants ont adopt\u00e9 les principes et les pratiques du syndicalisme r\u00e9volutionnaire. C\u2019est la seule organisation ouvri\u00e8re am\u00e9ricaine \u00e0 s\u2019\u00eatre oppos\u00e9e \u00e0 l\u2019entr\u00e9e en guerre des Etats-Unis en 1917. \u00a0<\/p>\n<p style=\"text-align: center\"><strong><span style=\"font-size: 18pt\">Le mouvement ouvrier dans la guerre<\/span><\/strong><\/p>\n<p><img data-recalc-dims=\"1\" loading=\"lazy\" decoding=\"async\" class=\" wp-image-30733 aligncenter\" src=\"https:\/\/i0.wp.com\/le-clairon-nouveau.fr\/wordpress\/wp-content\/uploads\/2024\/10\/Capture-decran-2024-10-30-062948.png?resize=740%2C37&#038;ssl=1\" alt=\"\" width=\"740\" height=\"37\" srcset=\"https:\/\/i0.wp.com\/le-clairon-nouveau.fr\/wordpress\/wp-content\/uploads\/2024\/10\/Capture-decran-2024-10-30-062948.png?resize=300%2C15&amp;ssl=1 300w, https:\/\/i0.wp.com\/le-clairon-nouveau.fr\/wordpress\/wp-content\/uploads\/2024\/10\/Capture-decran-2024-10-30-062948.png?resize=768%2C39&amp;ssl=1 768w, https:\/\/i0.wp.com\/le-clairon-nouveau.fr\/wordpress\/wp-content\/uploads\/2024\/10\/Capture-decran-2024-10-30-062948.png?w=781&amp;ssl=1 781w\" sizes=\"auto, (max-width: 740px) 100vw, 740px\" \/><\/p>\n<p><img data-recalc-dims=\"1\" loading=\"lazy\" decoding=\"async\" class=\" wp-image-30732 aligncenter\" src=\"https:\/\/i0.wp.com\/le-clairon-nouveau.fr\/wordpress\/wp-content\/uploads\/2024\/10\/Capture-decran-2024-10-30-062311.png?resize=746%2C917&#038;ssl=1\" alt=\"\" width=\"746\" height=\"917\" srcset=\"https:\/\/i0.wp.com\/le-clairon-nouveau.fr\/wordpress\/wp-content\/uploads\/2024\/10\/Capture-decran-2024-10-30-062311.png?resize=244%2C300&amp;ssl=1 244w, https:\/\/i0.wp.com\/le-clairon-nouveau.fr\/wordpress\/wp-content\/uploads\/2024\/10\/Capture-decran-2024-10-30-062311.png?w=585&amp;ssl=1 585w\" sizes=\"auto, (max-width: 746px) 100vw, 746px\" \/><\/p>\n<p><img data-recalc-dims=\"1\" loading=\"lazy\" decoding=\"async\" class=\" wp-image-30722 aligncenter\" src=\"https:\/\/i0.wp.com\/le-clairon-nouveau.fr\/wordpress\/wp-content\/uploads\/2024\/10\/Capture-decran-2024-10-29-213801.png?resize=749%2C65&#038;ssl=1\" alt=\"\" width=\"749\" height=\"65\" srcset=\"https:\/\/i0.wp.com\/le-clairon-nouveau.fr\/wordpress\/wp-content\/uploads\/2024\/10\/Capture-decran-2024-10-29-213801.png?resize=300%2C26&amp;ssl=1 300w, https:\/\/i0.wp.com\/le-clairon-nouveau.fr\/wordpress\/wp-content\/uploads\/2024\/10\/Capture-decran-2024-10-29-213801.png?w=775&amp;ssl=1 775w\" sizes=\"auto, (max-width: 749px) 100vw, 749px\" \/><\/p>\n<p>&nbsp;<\/p>\n<p><img data-recalc-dims=\"1\" loading=\"lazy\" decoding=\"async\" class=\" wp-image-30737 aligncenter\" src=\"https:\/\/i0.wp.com\/le-clairon-nouveau.fr\/wordpress\/wp-content\/uploads\/2024\/10\/Capture-decran-2024-10-30-063846.png?resize=746%2C567&#038;ssl=1\" alt=\"\" width=\"746\" height=\"567\" srcset=\"https:\/\/i0.wp.com\/le-clairon-nouveau.fr\/wordpress\/wp-content\/uploads\/2024\/10\/Capture-decran-2024-10-30-063846.png?resize=300%2C228&amp;ssl=1 300w, https:\/\/i0.wp.com\/le-clairon-nouveau.fr\/wordpress\/wp-content\/uploads\/2024\/10\/Capture-decran-2024-10-30-063846.png?resize=768%2C583&amp;ssl=1 768w, https:\/\/i0.wp.com\/le-clairon-nouveau.fr\/wordpress\/wp-content\/uploads\/2024\/10\/Capture-decran-2024-10-30-063846.png?w=899&amp;ssl=1 899w\" sizes=\"auto, (max-width: 746px) 100vw, 746px\" \/><\/p>\n<p style=\"text-align: center\"><img data-recalc-dims=\"1\" loading=\"lazy\" decoding=\"async\" class=\"size-medium wp-image-30675 aligncenter\" src=\"https:\/\/i0.wp.com\/le-clairon-nouveau.fr\/wordpress\/wp-content\/uploads\/2024\/10\/soldats-14_18-Image-par-Gregory-ROOSE-de-Pixabay.png?resize=300%2C298&#038;ssl=1\" alt=\"\" width=\"300\" height=\"298\" srcset=\"https:\/\/i0.wp.com\/le-clairon-nouveau.fr\/wordpress\/wp-content\/uploads\/2024\/10\/soldats-14_18-Image-par-Gregory-ROOSE-de-Pixabay.png?resize=300%2C298&amp;ssl=1 300w, https:\/\/i0.wp.com\/le-clairon-nouveau.fr\/wordpress\/wp-content\/uploads\/2024\/10\/soldats-14_18-Image-par-Gregory-ROOSE-de-Pixabay.png?resize=1024%2C1018&amp;ssl=1 1024w, https:\/\/i0.wp.com\/le-clairon-nouveau.fr\/wordpress\/wp-content\/uploads\/2024\/10\/soldats-14_18-Image-par-Gregory-ROOSE-de-Pixabay.png?resize=150%2C150&amp;ssl=1 150w, https:\/\/i0.wp.com\/le-clairon-nouveau.fr\/wordpress\/wp-content\/uploads\/2024\/10\/soldats-14_18-Image-par-Gregory-ROOSE-de-Pixabay.png?resize=768%2C764&amp;ssl=1 768w, https:\/\/i0.wp.com\/le-clairon-nouveau.fr\/wordpress\/wp-content\/uploads\/2024\/10\/soldats-14_18-Image-par-Gregory-ROOSE-de-Pixabay.png?w=1280&amp;ssl=1 1280w\" sizes=\"auto, (max-width: 300px) 100vw, 300px\" \/><span style=\"font-size: 8pt\"><em><strong>soldats 14_18 (Image par Gr\u00e9gory ROOSE de Pixabay)<\/strong><\/em><\/span><\/p>\n<p><img data-recalc-dims=\"1\" loading=\"lazy\" decoding=\"async\" class=\" wp-image-30738 aligncenter\" src=\"https:\/\/i0.wp.com\/le-clairon-nouveau.fr\/wordpress\/wp-content\/uploads\/2024\/10\/Capture-decran-2024-10-30-070411.png?resize=743%2C57&#038;ssl=1\" alt=\"\" width=\"743\" height=\"57\" srcset=\"https:\/\/i0.wp.com\/le-clairon-nouveau.fr\/wordpress\/wp-content\/uploads\/2024\/10\/Capture-decran-2024-10-30-070411.png?resize=300%2C23&amp;ssl=1 300w, https:\/\/i0.wp.com\/le-clairon-nouveau.fr\/wordpress\/wp-content\/uploads\/2024\/10\/Capture-decran-2024-10-30-070411.png?resize=768%2C58&amp;ssl=1 768w, https:\/\/i0.wp.com\/le-clairon-nouveau.fr\/wordpress\/wp-content\/uploads\/2024\/10\/Capture-decran-2024-10-30-070411.png?w=874&amp;ssl=1 874w\" sizes=\"auto, (max-width: 743px) 100vw, 743px\" \/><\/p>\n<p><img data-recalc-dims=\"1\" loading=\"lazy\" decoding=\"async\" class=\" wp-image-30739 aligncenter\" src=\"https:\/\/i0.wp.com\/le-clairon-nouveau.fr\/wordpress\/wp-content\/uploads\/2024\/10\/Capture-decran-2024-10-30-070640.png?resize=744%2C694&#038;ssl=1\" alt=\"\" width=\"744\" height=\"694\" srcset=\"https:\/\/i0.wp.com\/le-clairon-nouveau.fr\/wordpress\/wp-content\/uploads\/2024\/10\/Capture-decran-2024-10-30-070640.png?resize=300%2C280&amp;ssl=1 300w, https:\/\/i0.wp.com\/le-clairon-nouveau.fr\/wordpress\/wp-content\/uploads\/2024\/10\/Capture-decran-2024-10-30-070640.png?w=671&amp;ssl=1 671w\" sizes=\"auto, (max-width: 744px) 100vw, 744px\" \/><\/p>\n<p style=\"text-align: justify\"><strong><span style=\"font-size: 10pt\"><em><span style=\"color: #ff0000\">Mont\u00e9hus pensait-il vraiment \u00e0 un lieu r\u00e9el ou \u00e0 des faits pr\u00e9cis, lorsqu\u2019il a \u00e9crit La Butte rouge ?<\/span> Difficile de trancher. Pol\u00e9miquer sur la localisation de la \u00ab\u00a0Butte rouge\u00a0\u00bb n\u2019a gu\u00e8re de sens, tant la part d\u2019imaginaire est \u00e9vidente dans les paroles de la chanson.<\/em><\/span><\/strong><br \/>\n<strong><span style=\"font-size: 10pt\"><em>Butte de Warlencourt pr\u00e8s de Bapaume dans le Pas-de-Calais ou Butte Bapaume pr\u00e8s du village de Berzieux dans La Marne\u00a0? Peut-\u00eatre\u2026<br \/>\nMais l\u00e0 s\u2019arr\u00eate la vraisemblance. En 1923, date de cr\u00e9ation de la chanson, il n\u2019aurait pas \u00e9t\u00e9 envisageable de faire pousser de la vigne sur la Butte rouge. Y faire des vendanges aurait \u00e9t\u00e9, par cons\u00e9quent, compl\u00e8tement impossible.<br \/>\nLes sols des sites o\u00f9 se sont d\u00e9roul\u00e9s les plus intenses combats de la Grande Guerre 1914-1918 \u00e9taient extr\u00eamement pollu\u00e9s par toutes sortes de d\u00e9bris, et d\u2019engins dangereux enfouis. 110 ans plus tard, certains sites, class\u00e9s en \u00ab\u00a0zone rouge \u00bb regorgent encore d\u2019obus, de grenades et autres munitions actives non neutralis\u00e9s et de diverses substances toxiques. En admettant m\u00eame qu\u2019un viticulteur t\u00e9m\u00e9raire s\u2019y soit aventur\u00e9 et qu\u2019il ait tent\u00e9 de faire pousser de la vigne sur la \u00ab Butte rouge\u00a0\u00bb, Au plus t\u00f4t, il aurait plant\u00e9 ses ceps en mars 1919 puisque la guerre s\u2019est achev\u00e9e le 11 novembre 1918. Or, il faut en moyenne 4 ans dans les conditions les plus favorables entre la plantation d\u2019un cep et la premi\u00e8re vendange&#8230;<\/em><\/span><\/strong><\/p>\n<p style=\"text-align: center\"><strong>____________________________________________<\/strong><\/p>\n<p style=\"text-align: justify\">La Grande guerre finit le 11 novembre 1918 \u00e0 11 heures. Le bilan est terrible : parmi les militaires, 10 millions de morts, 8 millions d\u2019invalides, un d\u00e9ficit de naissances impossible \u00e0 quantifier ; 8 millions de civils, victimes directes ou indirectes des combats. Sans parler des 20 millions de morts de la \u00ab grippe espagnole \u00bb. Toutes les zones de combat sont d\u00e9vast\u00e9es. Le quart nord-est de la France est sinistr\u00e9. Des villages entiers ont \u00e9t\u00e9 ras\u00e9s, 20 000 usines, des centaines de milliers de maisons et la quasi-totalit\u00e9 des infrastructures ont \u00e9t\u00e9 d\u00e9truites. Trois millions d\u2019hectares sont d\u00e9finitivement impropres \u00e0 l\u2019agriculture. Les\u00c9tats-Unis sont devenus le principal cr\u00e9ancier de l\u2019Europe.<br \/>\nEn Russie, La r\u00e9volte des 50 000 soldats de la L\u00e9gion tch\u00e9coslovaque, le 25 mai 1918, donne le signal de l\u2019intervention de troupes \u00e9trang\u00e8res pour \u00e9craser le bolch\u00e9visme. Les \u00c9tats-Unis, la France, le Royaume-Uni, le Japon, y envoient des corps exp\u00e9ditionnaires et arment et soutiennent les \u00ab Blancs \u00bb (tsaristes) contre les \u00ab Rouges \u00bb (Bolch\u00e9viks).<\/p>\n<p>&nbsp;<\/p>\n<p><img data-recalc-dims=\"1\" loading=\"lazy\" decoding=\"async\" class=\" wp-image-30676 aligncenter\" src=\"https:\/\/i0.wp.com\/le-clairon-nouveau.fr\/wordpress\/wp-content\/uploads\/2024\/10\/Capture-decran-2024-10-25-230157.png?resize=747%2C516&#038;ssl=1\" alt=\"\" width=\"747\" height=\"516\" \/><\/p>\n<p>&nbsp;<\/p>\n<p><img data-recalc-dims=\"1\" loading=\"lazy\" decoding=\"async\" class=\"wp-image-30702  aligncenter\" src=\"https:\/\/i0.wp.com\/le-clairon-nouveau.fr\/wordpress\/wp-content\/uploads\/2024\/10\/Capture-decran-2024-10-26-190907-1.png?resize=747%2C900&#038;ssl=1\" alt=\"\" width=\"747\" height=\"900\" srcset=\"https:\/\/i0.wp.com\/le-clairon-nouveau.fr\/wordpress\/wp-content\/uploads\/2024\/10\/Capture-decran-2024-10-26-190907-1.png?resize=249%2C300&amp;ssl=1 249w, https:\/\/i0.wp.com\/le-clairon-nouveau.fr\/wordpress\/wp-content\/uploads\/2024\/10\/Capture-decran-2024-10-26-190907-1.png?w=743&amp;ssl=1 743w\" sizes=\"auto, (max-width: 747px) 100vw, 747px\" \/><\/p>\n<p><img data-recalc-dims=\"1\" loading=\"lazy\" decoding=\"async\" class=\" wp-image-30679 aligncenter\" src=\"https:\/\/i0.wp.com\/le-clairon-nouveau.fr\/wordpress\/wp-content\/uploads\/2024\/10\/Capture-decran-2024-10-25-230529.png?resize=744%2C695&#038;ssl=1\" alt=\"\" width=\"744\" height=\"695\" srcset=\"https:\/\/i0.wp.com\/le-clairon-nouveau.fr\/wordpress\/wp-content\/uploads\/2024\/10\/Capture-decran-2024-10-25-230529.png?resize=300%2C280&amp;ssl=1 300w, https:\/\/i0.wp.com\/le-clairon-nouveau.fr\/wordpress\/wp-content\/uploads\/2024\/10\/Capture-decran-2024-10-25-230529.png?w=638&amp;ssl=1 638w\" sizes=\"auto, (max-width: 744px) 100vw, 744px\" \/><\/p>\n<p><img data-recalc-dims=\"1\" loading=\"lazy\" decoding=\"async\" class=\" wp-image-30680 aligncenter\" src=\"https:\/\/i0.wp.com\/le-clairon-nouveau.fr\/wordpress\/wp-content\/uploads\/2024\/10\/Capture-decran-2024-10-25-230647.png?resize=748%2C359&#038;ssl=1\" alt=\"\" width=\"748\" height=\"359\" srcset=\"https:\/\/i0.wp.com\/le-clairon-nouveau.fr\/wordpress\/wp-content\/uploads\/2024\/10\/Capture-decran-2024-10-25-230647.png?resize=300%2C144&amp;ssl=1 300w, https:\/\/i0.wp.com\/le-clairon-nouveau.fr\/wordpress\/wp-content\/uploads\/2024\/10\/Capture-decran-2024-10-25-230647.png?w=639&amp;ssl=1 639w\" sizes=\"auto, (max-width: 748px) 100vw, 748px\" \/><\/p>\n<p style=\"text-align: center\"><img data-recalc-dims=\"1\" loading=\"lazy\" decoding=\"async\" class=\"alignnone  wp-image-30744\" src=\"https:\/\/i0.wp.com\/le-clairon-nouveau.fr\/wordpress\/wp-content\/uploads\/2024\/10\/Capture-decran-2024-10-30-073053.png?resize=749%2C287&#038;ssl=1\" alt=\"\" width=\"749\" height=\"287\" srcset=\"https:\/\/i0.wp.com\/le-clairon-nouveau.fr\/wordpress\/wp-content\/uploads\/2024\/10\/Capture-decran-2024-10-30-073053.png?resize=300%2C115&amp;ssl=1 300w, https:\/\/i0.wp.com\/le-clairon-nouveau.fr\/wordpress\/wp-content\/uploads\/2024\/10\/Capture-decran-2024-10-30-073053.png?resize=768%2C295&amp;ssl=1 768w, https:\/\/i0.wp.com\/le-clairon-nouveau.fr\/wordpress\/wp-content\/uploads\/2024\/10\/Capture-decran-2024-10-30-073053.png?w=955&amp;ssl=1 955w\" sizes=\"auto, (max-width: 749px) 100vw, 749px\" \/><\/p>\n<p><img data-recalc-dims=\"1\" loading=\"lazy\" decoding=\"async\" class=\" wp-image-30681 aligncenter\" src=\"https:\/\/i0.wp.com\/le-clairon-nouveau.fr\/wordpress\/wp-content\/uploads\/2024\/10\/Capture-decran-2024-10-25-231758.png?resize=744%2C387&#038;ssl=1\" alt=\"\" width=\"744\" height=\"387\" srcset=\"https:\/\/i0.wp.com\/le-clairon-nouveau.fr\/wordpress\/wp-content\/uploads\/2024\/10\/Capture-decran-2024-10-25-231758.png?resize=300%2C156&amp;ssl=1 300w, https:\/\/i0.wp.com\/le-clairon-nouveau.fr\/wordpress\/wp-content\/uploads\/2024\/10\/Capture-decran-2024-10-25-231758.png?w=751&amp;ssl=1 751w\" sizes=\"auto, (max-width: 744px) 100vw, 744px\" \/><\/p>\n<p style=\"text-align: center\"><span style=\"background-color: #ffcc00\"><em><span style=\"font-size: 14pt;background-color: #ffcc00\">L&rsquo;appel du Komintern<\/span><\/em><\/span><br \/>\nHans Eisler &#8211; Stephan Hermlin (1926)<\/p>\n<p style=\"text-align: center\"><span style=\"color: #0000ff\"><img data-recalc-dims=\"1\" loading=\"lazy\" decoding=\"async\" class=\"alignnone  wp-image-30746\" src=\"https:\/\/i0.wp.com\/le-clairon-nouveau.fr\/wordpress\/wp-content\/uploads\/2024\/10\/Capture-decran-2024-10-30-074140.png?resize=745%2C397&#038;ssl=1\" alt=\"\" width=\"745\" height=\"397\" srcset=\"https:\/\/i0.wp.com\/le-clairon-nouveau.fr\/wordpress\/wp-content\/uploads\/2024\/10\/Capture-decran-2024-10-30-074140.png?resize=300%2C160&amp;ssl=1 300w, https:\/\/i0.wp.com\/le-clairon-nouveau.fr\/wordpress\/wp-content\/uploads\/2024\/10\/Capture-decran-2024-10-30-074140.png?resize=768%2C408&amp;ssl=1 768w, https:\/\/i0.wp.com\/le-clairon-nouveau.fr\/wordpress\/wp-content\/uploads\/2024\/10\/Capture-decran-2024-10-30-074140.png?w=820&amp;ssl=1 820w\" sizes=\"auto, (max-width: 745px) 100vw, 745px\" \/><\/span><\/p>\n<p style=\"text-align: justify\">En r\u00e9ponse au coup de force du 6 f\u00e9vrier 1934 et au danger fasciste, la classe ouvri\u00e8re fran\u00e7aise impose l\u2019unit\u00e9 \u00e0 ses chefs. Le 12 f\u00e9vrier 1934, il y a 4 millions de gr\u00e9vistes ; d\u2019impressionnants cort\u00e8<span class='tooltipsall tooltip_post_id_7232 classtoolTips161'>ges<\/span> d\u00e9filent un peu partout en France. 100 000 manifestants marchent en rangs serr\u00e9s sur le Cours de Vincennes \u00e0 Paris. Un immense espoir est n\u00e9. Une dynamique s\u2019est engag\u00e9e. La base veut l\u2019unit\u00e9 mais les dirigeants des organisations ouvri\u00e8res continuent de diviser et freinent le mouvement. Enfin, le 27 juillet 1934, la SFIO et le PC-SFIC signent un pacte d\u2019unit\u00e9 d\u2019action. Le 17 juin 1935, une dizaine d\u2019organisations dont le parti communiste, la SFIO, les centrales syndicales, la Ligue des droits de l\u2019homme, lancent un appel pour \u00ab <em>Le pain, la paix, la libert\u00e9<\/em> \u00bb et forment le \u00ab <em>Rassemblement populaire<\/em> \u00bb, pr\u00e9sid\u00e9 par Victor Basch [1863-1944], par ailleurs pr\u00e9sident de la LDH. A l\u2019issue du Congr\u00e8s r\u00e9uni \u00e0 Toulouse, du 2 au 5 mars 1936, la Conf\u00e9d\u00e9ration G\u00e9n\u00e9rale du Travail est r\u00e9unifi\u00e9e et elle adh\u00e8re \u00e0 la F\u00e9d\u00e9ration syndicale internationale (FSI). L\u00e9on Jouhaux [1879-1954] est ovationn\u00e9. Les \u00e9lections l\u00e9gislatives des 26 avril et 3 mai 1936 traduisent une forte pouss\u00e9e ouvri\u00e8re**. La journ\u00e9e du 1er mai 1936 \u2013 juste entre les deux tours &#8211; est marqu\u00e9e par une puissante mobilisation. Le nombre de gr\u00e9vistes, de participants aux meetings et aux manifestations, d\u00e9passe souvent les attentes des organisateurs. <em>La victoire du Front Populaire est nette.<\/em><\/p>\n<p><img data-recalc-dims=\"1\" loading=\"lazy\" decoding=\"async\" class=\" wp-image-30682 aligncenter\" src=\"https:\/\/i0.wp.com\/le-clairon-nouveau.fr\/wordpress\/wp-content\/uploads\/2024\/10\/Capture-decran-2024-10-25-232330.png?resize=747%2C1028&#038;ssl=1\" alt=\"\" width=\"747\" height=\"1028\" srcset=\"https:\/\/i0.wp.com\/le-clairon-nouveau.fr\/wordpress\/wp-content\/uploads\/2024\/10\/Capture-decran-2024-10-25-232330.png?resize=218%2C300&amp;ssl=1 218w, https:\/\/i0.wp.com\/le-clairon-nouveau.fr\/wordpress\/wp-content\/uploads\/2024\/10\/Capture-decran-2024-10-25-232330.png?w=646&amp;ssl=1 646w\" sizes=\"auto, (max-width: 747px) 100vw, 747px\" \/><\/p>\n<p><img data-recalc-dims=\"1\" loading=\"lazy\" decoding=\"async\" class=\" wp-image-30683 aligncenter\" src=\"https:\/\/i0.wp.com\/le-clairon-nouveau.fr\/wordpress\/wp-content\/uploads\/2024\/10\/Capture-decran-2024-10-25-232448.png?resize=748%2C564&#038;ssl=1\" alt=\"\" width=\"748\" height=\"564\" srcset=\"https:\/\/i0.wp.com\/le-clairon-nouveau.fr\/wordpress\/wp-content\/uploads\/2024\/10\/Capture-decran-2024-10-25-232448.png?resize=300%2C226&amp;ssl=1 300w, https:\/\/i0.wp.com\/le-clairon-nouveau.fr\/wordpress\/wp-content\/uploads\/2024\/10\/Capture-decran-2024-10-25-232448.png?w=637&amp;ssl=1 637w\" sizes=\"auto, (max-width: 748px) 100vw, 748px\" \/><\/p>\n<p><img data-recalc-dims=\"1\" loading=\"lazy\" decoding=\"async\" class=\" wp-image-30684 aligncenter\" src=\"https:\/\/i0.wp.com\/le-clairon-nouveau.fr\/wordpress\/wp-content\/uploads\/2024\/10\/Capture-decran-2024-10-25-232547.png?resize=745%2C1049&#038;ssl=1\" alt=\"\" width=\"745\" height=\"1049\" \/><\/p>\n<p><img data-recalc-dims=\"1\" loading=\"lazy\" decoding=\"async\" class=\" wp-image-30685 aligncenter\" src=\"https:\/\/i0.wp.com\/le-clairon-nouveau.fr\/wordpress\/wp-content\/uploads\/2024\/10\/Capture-decran-2024-10-25-232700.png?resize=747%2C1048&#038;ssl=1\" alt=\"\" width=\"747\" height=\"1048\" srcset=\"https:\/\/i0.wp.com\/le-clairon-nouveau.fr\/wordpress\/wp-content\/uploads\/2024\/10\/Capture-decran-2024-10-25-232700.png?resize=214%2C300&amp;ssl=1 214w, https:\/\/i0.wp.com\/le-clairon-nouveau.fr\/wordpress\/wp-content\/uploads\/2024\/10\/Capture-decran-2024-10-25-232700.png?w=640&amp;ssl=1 640w\" sizes=\"auto, (max-width: 747px) 100vw, 747px\" \/><\/p>\n<p><img data-recalc-dims=\"1\" loading=\"lazy\" decoding=\"async\" class=\" wp-image-30686 aligncenter\" src=\"https:\/\/i0.wp.com\/le-clairon-nouveau.fr\/wordpress\/wp-content\/uploads\/2024\/10\/Capture-decran-2024-10-25-232805.png?resize=748%2C1048&#038;ssl=1\" alt=\"\" width=\"748\" height=\"1048\" srcset=\"https:\/\/i0.wp.com\/le-clairon-nouveau.fr\/wordpress\/wp-content\/uploads\/2024\/10\/Capture-decran-2024-10-25-232805.png?resize=214%2C300&amp;ssl=1 214w, https:\/\/i0.wp.com\/le-clairon-nouveau.fr\/wordpress\/wp-content\/uploads\/2024\/10\/Capture-decran-2024-10-25-232805.png?w=639&amp;ssl=1 639w\" sizes=\"auto, (max-width: 748px) 100vw, 748px\" \/><\/p>\n<p><img data-recalc-dims=\"1\" loading=\"lazy\" decoding=\"async\" class=\" wp-image-30687 aligncenter\" src=\"https:\/\/i0.wp.com\/le-clairon-nouveau.fr\/wordpress\/wp-content\/uploads\/2024\/10\/Capture-decran-2024-10-25-232907.png?resize=743%2C1046&#038;ssl=1\" alt=\"\" width=\"743\" height=\"1046\" \/><\/p>\n<p>&nbsp;<\/p>\n<p>&nbsp;<\/p>\n<p>&nbsp;<\/p>\n<p>&nbsp;<\/p>\n<p>&nbsp;<\/p>\n<p>&nbsp;<\/p>\n<p>&nbsp;<\/p>\n<p>&nbsp;<\/p>\n<p>&nbsp;<\/p>\n<p>&nbsp;<\/p>\n<p>&nbsp;<\/p>\n<p>&nbsp;<\/p>\n<p>&nbsp;<\/p>\n<p><img data-recalc-dims=\"1\" loading=\"lazy\" decoding=\"async\" class=\" wp-image-30669 aligncenter\" src=\"https:\/\/i0.wp.com\/le-clairon-nouveau.fr\/wordpress\/wp-content\/uploads\/2024\/10\/Capture-decran-2024-10-25-223744.png?resize=746%2C604&#038;ssl=1\" alt=\"\" width=\"746\" height=\"604\" srcset=\"https:\/\/i0.wp.com\/le-clairon-nouveau.fr\/wordpress\/wp-content\/uploads\/2024\/10\/Capture-decran-2024-10-25-223744.png?resize=300%2C243&amp;ssl=1 300w, https:\/\/i0.wp.com\/le-clairon-nouveau.fr\/wordpress\/wp-content\/uploads\/2024\/10\/Capture-decran-2024-10-25-223744.png?resize=768%2C622&amp;ssl=1 768w, https:\/\/i0.wp.com\/le-clairon-nouveau.fr\/wordpress\/wp-content\/uploads\/2024\/10\/Capture-decran-2024-10-25-223744.png?w=834&amp;ssl=1 834w\" sizes=\"auto, (max-width: 746px) 100vw, 746px\" \/><\/p>\n<p>&nbsp;<\/p>\n<p>&nbsp;<\/p>\n<script type=\"text\/javascript\"> var tt_store_content = \"\\<p style\\='text\\-align\\: center;'\\>\\<em\\>\\<strong\\>South Transit East Pyrenees\\<\\\/strong\\>\\<\\\/em\\>\\<\\\/p\\><br\/>Projet de canalisation gazi\u00e8re de 120 km de long, destin\u00e9e \u00e0 relier la fronti\u00e8re espagnole \u00e0 la station <span class='tooltipsall tooltip_post_id_3941 classtoolTips117'>TIGF<\/span> de Barbaira \\(Aude\\)\\.<br\/>Voir le \\<a href\\='https\\:\\\/\\\/www\\.step\\-tigf\\.fr\\\/projet\\-step\\\/' target\\='_blank' rel\\='noopener'\\>site du projet <span class='tooltipsall tooltip_post_id_3950 classtoolTips118'>STEP<\/span>\\<\\\/a\\>\\.\"; toolTips('.classtoolTips118',tt_store_content,'3950'); <\/script><script type=\"text\/javascript\"> var tt_store_content = \"\\<p\\><span class='tooltipsall tooltip_post_id_19394 classtoolTips134'>SAGE<\/span> \\= \\<span class\\='st'\\> sch\u00e9ma d'am\u00e9nagement et de gestion de l'eau\\<\\\/span\\> , c'est un outil de planification qui concerne l'ensemble des eaux situ\u00e9es dans un bassin versant\\<\\\/p\\>\"; toolTips('.classtoolTips134',tt_store_content,'19394'); <\/script><script type=\"text\/javascript\"> var tt_store_content = \"\\<p style\\='text\\-align\\: center;'\\>\\<strong\\>\\<span style\\='font\\-size\\: 14pt;'\\>S\\<\\\/span\\>\\<\\\/strong\\>\\<span style\\='font\\-size\\: 14pt;'\\>oci\u00e9t\u00e9 d'\\<strong\\>\u00c9\\<\\\/strong\\>conomie \\<strong\\>M\\<\\\/strong\\>ixte\\<\\\/span\\>\\<\\\/p\\><br\/>\\<p style\\='text\\-align\\: justify;'\\>En France, une soci\u00e9t\u00e9 d'\u00e9conomie mixte est une soci\u00e9t\u00e9 anonyme dont le capital est majoritairement d\u00e9tenu par une ou plusieurs personnes publiques \\(\u00e0 savoir l'\u00c9tat, une Collectivit\u00e9 territoriale, ou tout autre \u00c9tablissement public\\)\\. Cette participation majoritaire publique est plafonn\u00e9e \u00e0 85&nbsp;% du capital depuis la Loi du 2 janvier 2002\\. Au moins une personne priv\u00e9e doit participer au capital de la <span class='tooltipsall tooltip_post_id_7168 classtoolTips142'>SEM<\/span>, sachant qu'il peut s'agir d'une autre SEM\\.\\<\\\/p\\><br\/>\\<p style\\='text\\-align\\: justify;'\\>\\<strong\\>Le recours \u00e0 la SEM garantit\\<\\\/strong\\> \u00e0 la collectivit\u00e9 publique actionnaire et cocontractante \\<strong\\>la prise en compte effective de l'int\u00e9r\u00eat g\u00e9n\u00e9ral\\<\\\/strong\\> dans les objectifs de l'entreprise \\<strong\\>et la souplesse de la soci\u00e9t\u00e9 de droit priv\u00e9\\<\\\/strong\\>\\.\\<\\\/p\\><br\/>\\<em\\>\\<a href\\='https\\:\\\/\\\/fr\\.wikipedia\\.org\\\/wiki\\\/Soci%C3%A9t%C3%A9_d%27%C3%A9conomie_mixte' target\\='_blank' rel\\='noopener'\\>Voir ici la page Wikipedia consacr\u00e9e aux SEM\\<\\\/a\\> \\<\\\/em\\><br\/><br\/>&nbsp;\"; toolTips('.classtoolTips142',tt_store_content,'7168'); <\/script><script type=\"text\/javascript\"> var tt_store_content = \"\\<p style\\='text\\-align\\: center;'\\>\\<span style\\='font\\-size\\: 14pt;'\\>\\<strong\\>I\\<\\\/strong\\>mp\u00f4t sur la \\<strong\\>F\\<\\\/strong\\>ortune \\<strong\\>I\\<\\\/strong\\>mmobili\u00e8re\\<\\\/span\\>\\<\\\/p\\>\"; toolTips('.classtoolTips148',tt_store_content,'5643'); <\/script><script type=\"text\/javascript\"> var tt_store_content = \"\\<p style\\='text\\-align\\: center;'\\>\\<span style\\='font\\-size\\: 14pt;'\\>\\<strong\\>\u00c9\\<\\\/strong\\>tablissement \\<strong\\>F\\<\\\/strong\\>ran\u00e7ais du \\<strong\\>S\\<\\\/strong\\>ang\\<\\\/span\\>\\<\\\/p\\><br\/>\\<p\\>\\<a href\\='https\\:\\\/\\\/www\\.efs\\.sante\\.fr\\\/' target\\='_blank' rel\\='noopener noreferrer'\\>\\<em\\>Acc\u00e9der ici au site de l'<span class='tooltipsall tooltip_post_id_21261 classtoolTips150'>EFS<\/span>\\<\\\/em\\>\\<\\\/a\\>\\<\\\/p\\>\"; toolTips('.classtoolTips150',tt_store_content,'21261'); <\/script><script type=\"text\/javascript\"> var tt_store_content = \"\\<p style\\='text\\-align\\: center;'\\>\\<span style\\='font\\-size\\: 14pt;'\\>\\<strong\\>R\\<\\\/strong\\>evenu de \\<strong\\>S\\<\\\/strong\\>olidarit\u00e9 \\<strong\\>A\\<\\\/strong\\>ctive\\<\\\/span\\>\\<\\\/p\\><br\/>\\<p style\\='text\\-align\\: justify;'\\>Le revenu de solidarit\u00e9 active est une prestation sociale fran\u00e7aise, g\u00e9r\u00e9e par les conseils d\u00e9partementaux, vers\u00e9e par les <span class='tooltipsall tooltip_post_id_5652 classtoolTips155'>CAF<\/span> et les MSA et destin\u00e9e \u00e0 garantir \u00e0 ses b\u00e9n\u00e9ficiaires, qu'ils aient ou non la capacit\u00e9 de travailler, un revenu minimum, avec en contrepartie une obligation de chercher un emploi ou de d\u00e9finir et suivre un projet professionnel visant \u00e0 am\u00e9liorer sa situation financi\u00e8re\\.\\<\\\/p\\><br\/>\\<p style\\='text\\-align\\: justify;'\\>Cette prestation sociale a \u00e9t\u00e9 mise en place en 2009, en remplacement du RMI \\(revenu minimum d'insertion\\), mis en place en 1988\\.\\<\\\/p\\><br\/>\\<p style\\='text\\-align\\: justify;'\\>En 2016, 2,5 millions de personnes \u00e9taient b\u00e9n\u00e9ficiaires du <span class='tooltipsall tooltip_post_id_5651 classtoolTips154'>RSA<\/span>\\.\\<\\\/p\\><br\/>\\<em\\>\\<a href\\='https\\:\\\/\\\/fr\\.wikipedia\\.org\\\/wiki\\\/Revenu_de_solidarit%C3%A9_active' target\\='_blank' rel\\='noopener'\\>Acc\u00e9der ici \u00e0 la fiche Wikipedia traitant du RSA\\<\\\/a\\><br\/>\\<a href\\='https\\:\\\/\\\/www\\.insee\\.fr\\\/fr\\\/metadonnees\\\/definition\\\/c1718' target\\='_blank' rel\\='noopener'\\>Acc\u00e9der ici \u00e0 la d\u00e9finition du RSA fournie par l'<span class='tooltipsall tooltip_post_id_6978 classtoolTips82'>INSEE<\/span>\\<\\\/a\\>\\<\\\/em\\>\"; toolTips('.classtoolTips154',tt_store_content,'5651'); <\/script><script type=\"text\/javascript\"> var tt_store_content = \"\\<p style\\='text\\-align\\: center;'\\>\\<span style\\='font\\-size\\: 14pt;'\\>\\<strong\\>R\\<\\\/strong\\>\u00e9pertoire \\<strong\\>N\\<\\\/strong\\>ational des \\<strong\\>A\\<\\\/strong\\>ssociations\\<\\\/span\\>\\<\\\/p\\>\"; toolTips('.classtoolTips159',tt_store_content,'24374'); <\/script><script type=\"text\/javascript\"> var tt_store_content = \"\\<p style\\='text\\-align\\: center;'\\>\\<strong\\>\\<span style\\='font\\-size\\: 14pt;'\\>G\\<\\\/span\\>\\<\\\/strong\\>\\<span style\\='font\\-size\\: 14pt;'\\>az \u00e0 \\<strong\\>E\\<\\\/strong\\>ffet de \\<strong\\>S\\<\\\/strong\\>erre\\<\\\/span\\>\\<\\\/p\\><br\/>\\<p style\\='text\\-align\\: justify;'\\>Les gaz \u00e0 effet de serre \\(GES\\) sont des composants gazeux qui absorbent le rayonnement infrarouge \u00e9mis par la surface terrestre et contribuent \u00e0 l'effet de serre\\. L'augmentation de leur concentration dans l'atmosph\u00e8re terrestre est l'un des facteurs \u00e0 l'origine du r\u00e9chauffement climatique\\.\\<\\\/p\\><br\/>\\<a href\\='https\\:\\\/\\\/fr\\.wikipedia\\.org\\\/wiki\\\/Gaz_%C3%A0_effet_de_serre' target\\='_blank' rel\\='noopener'\\>\\<em\\>Voir ici la fiche Wikipedia sur les gaz \u00e0 effet de serre\\<\\\/em\\>\\<\\\/a\\>\"; toolTips('.classtoolTips161',tt_store_content,'7232'); <\/script><script type=\"text\/javascript\"> var tt_store_content = \"\\<p style\\='text\\-align\\: justify'\\>La \u00ab\u00a0\\<b\\>programmation pluriannuelle de l'\u00e9nergie\\<\\\/b\\>\u00a0\u00bb \\(<span class='tooltipsall tooltip_post_id_7750 classtoolTips164'>PPE<\/span>\\) est, en France, un document strat\u00e9gique de pilotage de la transition \u00e9nerg\u00e9tique\\. Institu\u00e9e par l'article 176 de la \\<a title\\='Loi relative \u00e0 la transition \u00e9nerg\u00e9tique pour la croissance verte' href\\='https\\:\\\/\\\/fr\\.wikipedia\\.org\\\/wiki\\\/Loi_relative_%C3%A0_la_transition_%C3%A9nerg%C3%A9tique_pour_la_croissance_verte'\\>loi de transition \u00e9nerg\u00e9tique\\<\\\/a\\> \\(TECV\\), elle fixe une trajectoire pour le \\<a title\\='Mix \u00e9nerg\u00e9tique' href\\='https\\:\\\/\\\/fr\\.wikipedia\\.org\\\/wiki\\\/Mix_%C3%A9nerg%C3%A9tique'\\>mix \u00e9nerg\u00e9tique\\<\\\/a\\>, ainsi que \\<span class\\='citation'\\>\u00ab\u00a0les priorit\u00e9s d'action pour la gestion de l\u2019ensemble des formes d'\u00e9nergie sur le territoire m\u00e9tropolitain continental, afin d\u2019atteindre les objectifs nationaux fix\u00e9s par la loi\u00a0\u00bb\\<\\\/span\\>\\. \\(Wikip\u00e9dia\\)\\<\\\/p\\>\"; toolTips('.classtoolTips164',tt_store_content,'7750'); <\/script><script type=\"text\/javascript\"> var tt_store_content = \"\\<p style\\='text\\-align\\: justify'\\>La \u00ab\u00a0\\<b\\>programmation pluriannuelle de l'\u00e9nergie\\<\\\/b\\>\u00a0\u00bb \\(PPE\\) est, en France, un document strat\u00e9gique de pilotage de la transition \u00e9nerg\u00e9tique\\. Institu\u00e9e par l'article 176 de la \\<a title\\='Loi relative \u00e0 la transition \u00e9nerg\u00e9tique pour la croissance verte' href\\='https\\:\\\/\\\/fr\\.wikipedia\\.org\\\/wiki\\\/Loi_relative_%C3%A0_la_transition_%C3%A9nerg%C3%A9tique_pour_la_croissance_verte'\\>loi de transition \u00e9nerg\u00e9tique\\<\\\/a\\> \\(TECV\\), elle fixe une trajectoire pour le \\<a title\\='Mix \u00e9nerg\u00e9tique' href\\='https\\:\\\/\\\/fr\\.wikipedia\\.org\\\/wiki\\\/Mix_%C3%A9nerg%C3%A9tique'\\>mix \u00e9nerg\u00e9tique\\<\\\/a\\>, ainsi que \\<span class\\='citation'\\>\u00ab\u00a0les priorit\u00e9s d'action pour la gestion de l\u2019ensemble des formes d'\u00e9nergie sur le territoire m\u00e9tropolitain continental, afin d\u2019atteindre les objectifs nationaux fix\u00e9s par la loi\u00a0\u00bb\\<\\\/span\\>\\. \\(Wikip\u00e9dia\\)\\<\\\/p\\>\"; toolTips('.classtoolTips164',tt_store_content,'7750'); <\/script><script type=\"text\/javascript\"> var tt_store_content = \"\\<p style\\='text\\-align\\: justify;'\\>Le Conseil d'Orientation des Retraites est une instance qui r\u00e9unit &nbsp;\\<span class\\='st'\\>les principaux acteurs du champ des retraites\\<\\\/span\\> et effectue un travail d'\u00e9tudes et de concertation\\. Compos\u00e9 de parlementaires, de repr\u00e9sentants des organisations professionnelles et syndicales, des retrait\u00e9s et des familles, de membres de l'administration et d'experts, le Conseil d'orientation des retraites \\(<span class='tooltipsall tooltip_post_id_7751 classtoolTips165'>COR<\/span>\\) est plac\u00e9 aupr\u00e8s du Premier ministre\\.\\<\\\/p\\>\"; toolTips('.classtoolTips165',tt_store_content,'7751'); <\/script><script type=\"text\/javascript\"> var tt_store_content = \"\\<p style\\='text\\-align\\: center;'\\>\\<span style\\='font\\-size\\: 14pt;'\\>\\<strong\\>O\\<\\\/strong\\>rganisation \\<strong\\>M\\<\\\/strong\\>\u00e9t\u00e9orologique \\<strong\\>M\\<\\\/strong\\>ondiale<br\/>\\<strong\\>W\\<\\\/strong\\>orld \\<strong\\>M\\<\\\/strong\\>eteorological \\<strong\\>O\\<\\\/strong\\>rganization\\<\\\/span\\>\\<\\\/p\\><br\/>&nbsp;<br\/><br\/>\\<a href\\='https\\:\\\/\\\/public\\.wmo\\.int\\\/fr' target\\='_blank' rel\\='noopener'\\>\\<em\\>Acc\u00e9der ici au site de l'organisation\\<\\\/em\\>\\<\\\/a\\>\"; toolTips('.classtoolTips168',tt_store_content,'7763'); <\/script><script type=\"text\/javascript\"> var tt_store_content = \"\\<p style\\='text\\-align\\: center;'\\>\\<span style\\='font\\-size\\: 14pt;'\\>\\<strong\\>\u00c9\\<\\\/strong\\>cole \\<strong\\>N\\<\\\/strong\\>ationale d'\\<strong\\>A\\<\\\/strong\\>dministration\\<\\\/span\\>\\<\\\/p\\>\"; toolTips('.classtoolTips170',tt_store_content,'5213'); <\/script><script type=\"text\/javascript\"> var tt_store_content = \"\\<p style\\='text\\-align\\: center;'\\>\\<span style\\='font\\-size\\: 14pt;'\\>\u00c9cole des<br\/>\\<strong\\>H\\<\\\/strong\\>autes \\<strong\\>\u00c9\\<\\\/strong\\>tudes \\<strong\\>C\\<\\\/strong\\>ommerciales\\<\\\/span\\>\\<\\\/p\\>\"; toolTips('.classtoolTips171',tt_store_content,'5214'); <\/script><script type=\"text\/javascript\"> var tt_store_content = \"\\<p style\\='text\\-align\\: justify'\\>\\<span class\\='ILfuVd'\\>La politique agricole commune \\(\\<b\\><span class='tooltipsall tooltip_post_id_11364 classtoolTips174'>PAC<\/span>\\<\\\/b\\>\\) est une politique mise en place \u00e0 l'\u00e9chelle de l'Union europ\u00e9enne\\. \u00c0 l'origine, elle est fond\u00e9e principalement sur des mesures de contr\u00f4le des prix et de subventionnement, visant \u00e0 moderniser et d\u00e9velopper l'agriculture\\.\\<\\\/span\\> \\(source Wikipedia\\)\\<\\\/p\\>\"; toolTips('.classtoolTips174',tt_store_content,'11364'); <\/script><script type=\"text\/javascript\"> var tt_store_content = \"\\<p style\\='text\\-align\\: center;'\\>\\<span style\\='font\\-size\\: 14pt;'\\>\\<strong\\>P\\<\\\/strong\\>\\<\\\/span\\>\\<span style\\='font\\-size\\: 14pt;'\\>lan \\<strong\\>L\\<\\\/strong\\>\\<\\\/span\\>\\<span style\\='font\\-size\\: 14pt;'\\>ocal d'\\<strong\\>U\\<\\\/strong\\>\\<\\\/span\\>\\<span style\\='font\\-size\\: 14pt;'\\>rbanisme\\<\\\/span\\>\\<\\\/p\\><br\/>&nbsp;\"; toolTips('.classtoolTips176',tt_store_content,'4979'); <\/script><script type=\"text\/javascript\"> var tt_store_content = \"\\<p\\>Conseil \u00c9conomique et Social\\<\\\/p\\>\"; toolTips('.classtoolTips180',tt_store_content,'29829'); <\/script><script type=\"text\/javascript\"> var tt_store_content = \"\\<p style\\='text\\-align\\: center;'\\>\\<span style\\='font\\-size\\: 14pt;'\\>\\<strong\\>H\\<\\\/strong\\>ydrocarbure \\<strong\\>A\\<\\\/strong\\>romatique \\<strong\\>P\\<\\\/strong\\>olycyclique\\<\\\/span\\>\\<\\\/p\\><br\/>\\<p style\\='text\\-align\\: justify;'\\>Depuis de nombreuses ann\u00e9es, les <span class='tooltipsall tooltip_post_id_20397 classtoolTips184'>HAP<\/span> sont tr\u00e8s \u00e9tudi\u00e9s car ce sont des compos\u00e9s pr\u00e9sents dans tous les milieux environnementaux et qui montrent une forte toxicit\u00e9\\. On a pu \u00e9tablir la canc\u00e9rog\u00e9n\u00e8se de certains HPA, tels que le Benzo\\[a\\]anthrac\u00e8ne, le Chrys\u00e8ne et d'autres\\.\\<\\\/p\\><br\/>\\<p style\\='text\\-align\\: justify;'\\>Les HAP proviennent principalement de la combustion \u00e0 haute temp\u00e9rature \\(500\u00b0 C et plus\\) de mati\u00e8res fossiles telles que le bois, le charbon et le p\u00e9trole\\. Dans l'environnement, la production de HAP provient donc&nbsp; du chauffage domestique, de la circulation automobile, des centrales \u00e9lectriques fonctionnant au charbon ou au p\u00e9trole \\('fioul'\\), ainsi que des incin\u00e9rateurs\\.\\<\\\/p\\><br\/>\\<p\\>\\<a href\\='https\\:\\\/\\\/fr\\.wikipedia\\.org\\\/wiki\\\/Hydrocarbure_aromatique_polycyclique' target\\='_blank' rel\\='noopener noreferrer'\\>\\<em\\>Voir ici l'article Wikipedia consacr\u00e9 aux HAP\\<\\\/em\\>\\<\\\/a\\>\\<\\\/p\\>\"; toolTips('.classtoolTips184',tt_store_content,'20397'); <\/script><script type=\"text\/javascript\"> var tt_store_content = \"\\<p\\><span class='tooltipsall tooltip_post_id_19888 classtoolTips186'>CEA<\/span> \\= Commissariat \u00e0 l'Energie Atomique et aux Energies Alternatives\\. C' est un organisme administratif\u00a0 fran\u00e7ais de recherche scientifique dans les domaines de l'\u00e9nergie , la d\u00e9fense, les technologies de l'information et de la communication, des sciences de la mati\u00e8re, de la vie, de la sant\u00e9\\.\\.\\.\\<\\\/p\\><br\/>\\<p\\>&nbsp;\\<\\\/p\\>\"; toolTips('.classtoolTips186',tt_store_content,'19888'); <\/script><script type=\"text\/javascript\"> var tt_store_content = \"\\<p style\\='text\\-align\\: center;'\\>\\<span style\\='font\\-size\\: 14pt;'\\>\\<strong\\>A\\<\\\/strong\\>gence \\<strong\\>R\\<\\\/strong\\>\u00e9gionale de \\<strong\\>S\\<\\\/strong\\>ant\u00e9\\<\\\/span\\>\\<\\\/p\\>\"; toolTips('.classtoolTips188',tt_store_content,'18356'); <\/script><script type=\"text\/javascript\"> var tt_store_content = \"\\<p style\\='text\\-align\\: center;'\\>\\<span style\\='font\\-size\\: 14pt;'\\>\\<strong\\>G\\<\\\/strong\\>roupement \\<strong\\>H\\<\\\/strong\\>ospitalier de \\<strong\\>T\\<\\\/strong\\>erritoire\\<\\\/span\\>\\<\\\/p\\><br\/>\\<p style\\='text\\-align\\: justify;'\\>Les groupements hospitaliers de territoires, dispositif pr\u00e9vu par la loi de sant\u00e9 2016, sont un nouveau mode de coop\u00e9ration entre les \u00e9tablissements publics de sant\u00e9 \u00e0 l\u2019\u00e9chelle d\u2019un territoire\\<\\\/p\\>\"; toolTips('.classtoolTips189',tt_store_content,'18358'); <\/script><script type=\"text\/javascript\"> var tt_store_content = \"\\<p style\\='text\\-align\\: center;'\\>\\<span style\\='font\\-size\\: 14pt;'\\>\\<strong\\>C\\<\\\/strong\\>omit\u00e9 \\<strong\\>T\\<\\\/strong\\>echnique d'\\<strong\\>\u00c9\\<\\\/strong\\>tablissement\\<\\\/span\\>\\<\\\/p\\>\"; toolTips('.classtoolTips191',tt_store_content,'18359'); <\/script><script type=\"text\/javascript\"> var tt_store_content = \"\\<p style\\='text\\-align\\: center;'\\>\\<strong\\>\\<span style\\='font\\-size\\: 14pt;'\\>P\\<\\\/span\\>\\<\\\/strong\\>\\<span style\\='font\\-size\\: 14pt;'\\>rogrammation \\<strong\\>P\\<\\\/strong\\>luri\\-annuelle de l'\\<strong\\>\u00c9\\<\\\/strong\\>nergie\\<\\\/span\\>\\<\\\/p\\><br\/>La PPE est est en France un document strat\u00e9gique de pilotage de la transition \u00e9nerg\u00e9tique\\. Institu\u00e9e par l'article 176 de la loi transition \u00e9nerg\u00e9tique \\(TECV\\)\\. Elle fixe \\(par \u00e9nergie\\) une trajectoire pour le mix \u00e9nerg\u00e9tique, ainsi que \u00ab&nbsp;\\<em\\>les priorit\u00e9s d'action pour la gestion de l\u2019ensemble des formes d'\u00e9nergie sur le territoire m\u00e9tropolitain continental, afin d\u2019atteindre les objectifs nationaux fix\u00e9s par la loi\\<\\\/em\\>&nbsp;\u00bb\\.<br\/><br\/>Initi\u00e9e en 2016, elle est r\u00e9vis\u00e9e en 2018 puis ensuite tous les 5 ans\\.<br\/><br\/>\\<a href\\='https\\:\\\/\\\/fr\\.wikipedia\\.org\\\/wiki\\\/Programmation_pluriannuelle_de_l'\u00e9nergi' target\\='_blank' rel\\='noopener'\\>\\<em\\>Voir ici la page Wikipedia consacr\u00e9e \u00e0 la PPE\\<\\\/em\\>\\<\\\/a\\><br\/>\\<a href\\='https\\:\\\/\\\/ppe\\.debatpublic\\.fr\\\/' target\\='_blank' rel\\='noopener'\\>\\<em\\>Voir ici la page du site 'Commission du D\u00e9bat Public' consacr\u00e9e \u00e0 la PPE\\<\\\/em\\>\\<\\\/a\\>\"; toolTips('.classtoolTips193',tt_store_content,'7102'); <\/script><script type=\"text\/javascript\"> var tt_store_content = \"\\<p style\\='text\\-align\\: center;'\\>\\<span style\\='font\\-size\\: 14pt;'\\>\\<strong\\>E\\<\\\/strong\\>volutionary \\<strong\\>P\\<\\\/strong\\>ower \\<strong\\>R\\<\\\/strong\\>eactor\\<\\\/span\\>\\<\\\/p\\><br\/>\\<p style\\='text\\-align\\: justify;'\\>R\u00e9acteur nucl\u00e9aire de troisi\u00e8me g\u00e9n\u00e9ration \\(classification internationale\\), con\u00e7u et d\u00e9velopp\u00e9 par <span class='tooltipsall tooltip_post_id_5121 classtoolTips35'>Areva NP<\/span>&nbsp; au cours des ann\u00e9es 1990 et 2000\\. Il fait partie de la fili\u00e8re des r\u00e9acteurs \u00e0 eau pressuris\u00e9e\\.\\<\\\/p\\><br\/>\\<a href\\='https\\:\\\/\\\/fr\\.wikipedia\\.org\\\/wiki\\\/R%C3%A9acteur_pressuris%C3%A9_europ%C3%A9en' target\\='_blank' rel\\='noopener'\\>\\<em\\>Voir ici la fiche Wikipedia <span class='tooltipsall tooltip_post_id_5579 classtoolTips196'>EPR<\/span>\\<\\\/em\\>\\<\\\/a\\>\"; toolTips('.classtoolTips196',tt_store_content,'5579'); <\/script><script type=\"text\/javascript\"> var tt_store_content = \"\\<p style\\='text\\-align\\: center;'\\>\\<strong\\>R\\<\\\/strong\\>\u00e9seau \\<strong\\>A\\<\\\/strong\\>ction \\<strong\\>C\\<\\\/strong\\>limat\\<\\\/p\\><br\/>Le r\u00e9seau Action Climat '\\<em\\>f\u00e9d\u00e8re les associations impliqu\u00e9es dans la lutte contre les changements climatiques et pour une transition \u00e9cologique, solidaire et \u00e9quitable\\<\\\/em\\>'\\.<br\/><br\/>\\<a href\\='https\\:\\\/\\\/reseauactionclimat\\.org\\\/' target\\='_blank' rel\\='noopener'\\>Voir le site du <span class='tooltipsall tooltip_post_id_4309 classtoolTips200'>RAC<\/span>\\<\\\/a\\>\"; toolTips('.classtoolTips200',tt_store_content,'4309'); <\/script><script type=\"text\/javascript\"> var tt_store_content = \"\\<p style\\='text\\-align\\: center;'\\>\\<strong\\>\\<span style\\='font\\-size\\: 14pt;'\\>R\\<\\\/span\\>\\<\\\/strong\\>\\<span style\\='font\\-size\\: 14pt;'\\>eferendum d'\\<strong\\>I\\<\\\/strong\\>nitiative \\<strong\\>C\\<\\\/strong\\>itoyenne\\<\\\/span\\>\\<\\\/p\\>\"; toolTips('.classtoolTips205',tt_store_content,'12268'); <\/script><script type=\"text\/javascript\"> var tt_store_content = \"\\<p\\><span class='tooltipsall tooltip_post_id_25844 classtoolTips208'>RTE<\/span> \\= R\u00e9seau de Transport d'Electricit\u00e9 est une filiale d'<span class='tooltipsall tooltip_post_id_7035 classtoolTips178'>EDF<\/span> qui est l'actionnaire majoritaire avec 50,1% des parts le reste \u00e9tant partag\u00e9 par la CDC et la CNP\\<\\\/p\\>\"; toolTips('.classtoolTips208',tt_store_content,'25844'); <\/script><script type=\"text\/javascript\"> var tt_store_content = \"\\<p style\\='text\\-align\\: center;'\\>\\<span style\\='font\\-size\\: 14pt;'\\>\\<strong\\>O\\<\\\/strong\\>rganisation\\<strong\\> N\\<\\\/strong\\>on\\<strong\\> G\\<\\\/strong\\>ouvernementale\\<\\\/span\\>\\<\\\/p\\><br\/>Une organisation non gouvernementale \\(<span class='tooltipsall tooltip_post_id_3579 classtoolTips210'>ONG<\/span>\\) est une \\<a title\\='Association \u00e0 but non lucratif' href\\='https\\:\\\/\\\/fr\\.wikipedia\\.org\\\/wiki\\\/Association_%C3%A0_but_non_lucratif' target\\='_blank' rel\\='noopener'\\>association \u00e0 but non lucratif\\<\\\/a\\>, d'int\u00e9r\u00eat public, qui ne rel\u00e8ve ni de l'\u00c9tat, ni d'institutions internationales\\<sup id\\='cite_ref\\-novethic_1\\-0' class\\='reference'\\>\\<\\\/sup\\>\\. Les ONG n'ont pas le statut de sujet de \\<a title\\='Droit international public' href\\='https\\:\\\/\\\/fr\\.wikipedia\\.org\\\/wiki\\\/Droit_international_public' target\\='_blank' rel\\='noopener'\\>droit international\\<\\\/a\\>\\.\"; toolTips('.classtoolTips210',tt_store_content,'3579'); <\/script><script type=\"text\/javascript\"> var tt_store_content = \"\\<p style\\='text\\-align\\: center;'\\>\\<span style\\='font\\-size\\: 14pt;'\\>\\<strong\\>O\\<\\\/strong\\>rganisation\\<strong\\> N\\<\\\/strong\\>on\\<strong\\> G\\<\\\/strong\\>ouvernementale\\<\\\/span\\>\\<\\\/p\\><br\/>Une organisation non gouvernementale \\(ONG\\) est une \\<a title\\='Association \u00e0 but non lucratif' href\\='https\\:\\\/\\\/fr\\.wikipedia\\.org\\\/wiki\\\/Association_%C3%A0_but_non_lucratif' target\\='_blank' rel\\='noopener'\\>association \u00e0 but non lucratif\\<\\\/a\\>, d'int\u00e9r\u00eat public, qui ne rel\u00e8ve ni de l'\u00c9tat, ni d'institutions internationales\\<sup id\\='cite_ref\\-novethic_1\\-0' class\\='reference'\\>\\<\\\/sup\\>\\. Les ONG n'ont pas le statut de sujet de \\<a title\\='Droit international public' href\\='https\\:\\\/\\\/fr\\.wikipedia\\.org\\\/wiki\\\/Droit_international_public' target\\='_blank' rel\\='noopener'\\>droit international\\<\\\/a\\>\\.\"; toolTips('.classtoolTips210',tt_store_content,'3579'); <\/script><script type=\"text\/javascript\"> var tt_store_content = \"\\<p\\><span class='tooltipsall tooltip_post_id_24572 classtoolTips211'>MIT<\/span> \\= Massachussets Institute of Technology, prestigieuse universit\u00e9 am\u00e9ricaine de la c\u00f4te est\\<\\\/p\\>\"; toolTips('.classtoolTips211',tt_store_content,'24572'); <\/script><script type=\"text\/javascript\"> var tt_store_content = \"\\<p style\\='text\\-align\\: center;'\\>\\<strong\\>J\\<\\\/strong\\>eux \\<strong\\>O\\<\\\/strong\\>lympiques<br\/>ou<br\/>\\<strong\\>J\\<\\\/strong\\>ournal \\<strong\\>O\\<\\\/strong\\>fficiel de la R\u00e9publique Fran\u00e7aise\\<\\\/p\\>\"; toolTips('.classtoolTips213',tt_store_content,'4451'); <\/script><script type=\"text\/javascript\"> var tt_store_content = \"\\<p\\><span class='tooltipsall tooltip_post_id_30593 classtoolTips214'>RN<\/span> \\= Rassemble National, c'est le parti d'extr\u00eame droite de Marine Le Pen qui succ\u00e8de au FN \\= Front National fond\u00e9 par son p\u00e8re Jean Marie Le Pen\\<\\\/p\\>\"; toolTips('.classtoolTips214',tt_store_content,'30593'); <\/script><script type=\"text\/javascript\"> var tt_store_content = \"\\<p style\\='text\\-align\\: center;'\\>\\<span style\\='font\\-size\\: 14pt;'\\>\\<strong\\>C\\<\\\/strong\\>entre \\<strong\\>H\\<\\\/strong\\>ospitalier\\<\\\/span\\>\\<\\\/p\\>\"; toolTips('.classtoolTips220',tt_store_content,'18357'); <\/script><script type=\"text\/javascript\"> var tt_store_content = \"\\<p style\\='text\\-align\\: center;'\\>\\<span style\\='font\\-size\\: 14pt;'\\>\\<strong\\><span class='tooltipsall tooltip_post_id_21736 classtoolTips222'>nm<\/span> \\= n\\<\\\/strong\\>ano\\<strong\\>m\\<\\\/strong\\>\u00e8tre \\<\\\/span\\>\\<\\\/p\\><br\/>\\<p style\\='text\\-align\\: justify;'\\>\\<em\\>le <span class='tooltipsall tooltip_post_id_21736 classtoolTips222'>nanom\u00e8tre<\/span>, de symbole nm, est une unit\u00e9 de longueur du Syst\u00e8me international\\. C'est un sous\\-multiple du m\u00e8tre, il vaut un milliardi\u00e8me de m\u00e8tre, soit un millioni\u00e8me de millim\u00e8tre\\.\\<\\\/em\\>\\<\\\/p\\><br\/>\\<p style\\='text\\-align\\: center;'\\>\\<strong\\>\\<em\\> 1 nm \\= 10\u207b\u00b3 \u00b5m \\= 10\\<sup\\>\u20136\\<\\\/sup\\> mm \\= 10\\<sup\\>\u20139\\<\\\/sup\\> m\\.\\<\\\/em\\>\\<\\\/strong\\>\\<\\\/p\\>\"; toolTips('.classtoolTips222',tt_store_content,'21736'); <\/script><script type=\"text\/javascript\"> var tt_store_content = \"\\<p\\>D\u00e9chets radioactifs \u00e0 Haute Activit\u00e9 \\(classement <span class='tooltipsall tooltip_post_id_3612 classtoolTips79'>ANDRA<\/span>\\)\\<\\\/p\\>\"; toolTips('.classtoolTips223',tt_store_content,'19196'); <\/script>","protected":false},"excerpt":{"rendered":"<p>&nbsp; Maximilien Robespierre (Image par Vizetelly de Pixabay) &nbsp; Nous avons le plaisir de pr\u00e9senter \u00e0 nos lecteurs un article encyclop\u00e9dique consacr\u00e9 au chants r\u00e9volutionnaires. Certains sont connus des fran\u00e7ais, au moins partiellement, mais tr\u00e8s peu de gens savent dans quel contexte et pour quelles causes <span class='tooltipsall tooltip_post_id_29829 classtoolTips180'>ces<\/span> chants ont \u00e9t\u00e9, compos\u00e9s, diffus\u00e9s, remani\u00e9s. Ainsi,\u00a0 leLire la suite &rarr;<script type=\"text\/javascript\"> var tt_store_content = \"\\<\/p>\n<p style\\='text\\-align\\: center;'\\>\\<em\\>\\<strong\\>South Transit East Pyrenees\\<\\\/strong\\>\\<\\\/em\\>\\<\\\/p\\><br \/>Projet de canalisation gazi\u00e8re de 120 km de long, destin\u00e9e \u00e0 relier la fronti\u00e8re espagnole \u00e0 la station <span class='tooltipsall tooltip_post_id_3941 classtoolTips117'>TIGF<\/span> de Barbaira \\(Aude\\)\\.<br \/>Voir le \\<a href\\='https\\:\\\/\\\/www\\.step\\-tigf\\.fr\\\/projet\\-step\\\/' target\\='_blank' rel\\='noopener'\\>site du projet <span class='tooltipsall tooltip_post_id_3950 classtoolTips118'>STEP<\/span>\\<\\\/a\\>\\.\"; toolTips('.classtoolTips118',tt_store_content,'3950'); <\/script><script type=\"text\/javascript\"> var tt_store_content = \"\\<p\\><span class='tooltipsall tooltip_post_id_19394 classtoolTips134'>SAGE<\/span> \\= \\<span class\\='st'\\> sch\u00e9ma d'am\u00e9nagement et de gestion de l'eau\\<\\\/span\\> , c'est un outil de planification qui concerne l'ensemble des eaux situ\u00e9es dans un bassin versant\\<\\\/p\\>\"; toolTips('.classtoolTips134',tt_store_content,'19394'); <\/script><script type=\"text\/javascript\"> var tt_store_content = \"\\<\/p>\n<p style\\='text\\-align\\: center;'\\>\\<strong\\>\\<span style\\='font\\-size\\: 14pt;'\\>S\\<\\\/span\\>\\<\\\/strong\\>\\<span style\\='font\\-size\\: 14pt;'\\>oci\u00e9t\u00e9 d'\\<strong\\>\u00c9\\<\\\/strong\\>conomie \\<strong\\>M\\<\\\/strong\\>ixte\\<\\\/span\\>\\<\\\/p\\><br \/>\\<\/p>\n<p style\\='text\\-align\\: justify;'\\>En France, une soci\u00e9t\u00e9 d'\u00e9conomie mixte est une soci\u00e9t\u00e9 anonyme dont le capital est majoritairement d\u00e9tenu par une ou plusieurs personnes publiques \\(\u00e0 savoir l'\u00c9tat, une Collectivit\u00e9 territoriale, ou tout autre \u00c9tablissement public\\)\\. Cette participation majoritaire publique est plafonn\u00e9e \u00e0 85&nbsp;% du capital depuis la Loi du 2 janvier 2002\\. Au moins une personne priv\u00e9e doit participer au capital de la <span class='tooltipsall tooltip_post_id_7168 classtoolTips142'>SEM<\/span>, sachant qu'il peut s'agir d'une autre SEM\\.\\<\\\/p\\><br \/>\\<\/p>\n<p style\\='text\\-align\\: justify;'\\>\\<strong\\>Le recours \u00e0 la SEM garantit\\<\\\/strong\\> \u00e0 la collectivit\u00e9 publique actionnaire et cocontractante \\<strong\\>la prise en compte effective de l'int\u00e9r\u00eat g\u00e9n\u00e9ral\\<\\\/strong\\> dans les objectifs de l'entreprise \\<strong\\>et la souplesse de la soci\u00e9t\u00e9 de droit priv\u00e9\\<\\\/strong\\>\\.\\<\\\/p\\><br \/>\\<em\\>\\<a href\\='https\\:\\\/\\\/fr\\.wikipedia\\.org\\\/wiki\\\/Soci%C3%A9t%C3%A9_d%27%C3%A9conomie_mixte' target\\='_blank' rel\\='noopener'\\>Voir ici la page Wikipedia consacr\u00e9e aux SEM\\<\\\/a\\> \\<\\\/em\\><\/p>\n<p>&nbsp;\"; toolTips('.classtoolTips142',tt_store_content,'7168'); <\/script><script type=\"text\/javascript\"> var tt_store_content = \"\\<\/p>\n<p style\\='text\\-align\\: center;'\\>\\<span style\\='font\\-size\\: 14pt;'\\>\\<strong\\>I\\<\\\/strong\\>mp\u00f4t sur la \\<strong\\>F\\<\\\/strong\\>ortune \\<strong\\>I\\<\\\/strong\\>mmobili\u00e8re\\<\\\/span\\>\\<\\\/p\\>\"; toolTips('.classtoolTips148',tt_store_content,'5643'); <\/script><script type=\"text\/javascript\"> var tt_store_content = \"\\<\/p>\n<p style\\='text\\-align\\: center;'\\>\\<span style\\='font\\-size\\: 14pt;'\\>\\<strong\\>\u00c9\\<\\\/strong\\>tablissement \\<strong\\>F\\<\\\/strong\\>ran\u00e7ais du \\<strong\\>S\\<\\\/strong\\>ang\\<\\\/span\\>\\<\\\/p\\><br \/>\\<p\\>\\<a href\\='https\\:\\\/\\\/www\\.efs\\.sante\\.fr\\\/' target\\='_blank' rel\\='noopener noreferrer'\\>\\<em\\>Acc\u00e9der ici au site de l'<span class='tooltipsall tooltip_post_id_21261 classtoolTips150'>EFS<\/span>\\<\\\/em\\>\\<\\\/a\\>\\<\\\/p\\>\"; toolTips('.classtoolTips150',tt_store_content,'21261'); <\/script><script type=\"text\/javascript\"> var tt_store_content = \"\\<\/p>\n<p style\\='text\\-align\\: center;'\\>\\<span style\\='font\\-size\\: 14pt;'\\>\\<strong\\>R\\<\\\/strong\\>evenu de \\<strong\\>S\\<\\\/strong\\>olidarit\u00e9 \\<strong\\>A\\<\\\/strong\\>ctive\\<\\\/span\\>\\<\\\/p\\><br \/>\\<\/p>\n<p style\\='text\\-align\\: justify;'\\>Le revenu de solidarit\u00e9 active est une prestation sociale fran\u00e7aise, g\u00e9r\u00e9e par les conseils d\u00e9partementaux, vers\u00e9e par les <span class='tooltipsall tooltip_post_id_5652 classtoolTips155'>CAF<\/span> et les MSA et destin\u00e9e \u00e0 garantir \u00e0 ses b\u00e9n\u00e9ficiaires, qu'ils aient ou non la capacit\u00e9 de travailler, un revenu minimum, avec en contrepartie une obligation de chercher un emploi ou de d\u00e9finir et suivre un projet professionnel visant \u00e0 am\u00e9liorer sa situation financi\u00e8re\\.\\<\\\/p\\><br \/>\\<\/p>\n<p style\\='text\\-align\\: justify;'\\>Cette prestation sociale a \u00e9t\u00e9 mise en place en 2009, en remplacement du RMI \\(revenu minimum d'insertion\\), mis en place en 1988\\.\\<\\\/p\\><br \/>\\<\/p>\n<p style\\='text\\-align\\: justify;'\\>En 2016, 2,5 millions de personnes \u00e9taient b\u00e9n\u00e9ficiaires du <span class='tooltipsall tooltip_post_id_5651 classtoolTips154'>RSA<\/span>\\.\\<\\\/p\\><br \/>\\<em\\>\\<a href\\='https\\:\\\/\\\/fr\\.wikipedia\\.org\\\/wiki\\\/Revenu_de_solidarit%C3%A9_active' target\\='_blank' rel\\='noopener'\\>Acc\u00e9der ici \u00e0 la fiche Wikipedia traitant du RSA\\<\\\/a\\><br \/>\\<a href\\='https\\:\\\/\\\/www\\.insee\\.fr\\\/fr\\\/metadonnees\\\/definition\\\/c1718' target\\='_blank' rel\\='noopener'\\>Acc\u00e9der ici \u00e0 la d\u00e9finition du RSA fournie par l'<span class='tooltipsall tooltip_post_id_6978 classtoolTips82'>INSEE<\/span>\\<\\\/a\\>\\<\\\/em\\>\"; toolTips('.classtoolTips154',tt_store_content,'5651'); <\/script><script type=\"text\/javascript\"> var tt_store_content = \"\\<\/p>\n<p style\\='text\\-align\\: center;'\\>\\<span style\\='font\\-size\\: 14pt;'\\>\\<strong\\>R\\<\\\/strong\\>\u00e9pertoire \\<strong\\>N\\<\\\/strong\\>ational des \\<strong\\>A\\<\\\/strong\\>ssociations\\<\\\/span\\>\\<\\\/p\\>\"; toolTips('.classtoolTips159',tt_store_content,'24374'); <\/script><script type=\"text\/javascript\"> var tt_store_content = \"\\<\/p>\n<p style\\='text\\-align\\: center;'\\>\\<strong\\>\\<span style\\='font\\-size\\: 14pt;'\\>G\\<\\\/span\\>\\<\\\/strong\\>\\<span style\\='font\\-size\\: 14pt;'\\>az \u00e0 \\<strong\\>E\\<\\\/strong\\>ffet de \\<strong\\>S\\<\\\/strong\\>erre\\<\\\/span\\>\\<\\\/p\\><br \/>\\<\/p>\n<p style\\='text\\-align\\: justify;'\\>Les gaz \u00e0 effet de serre \\(<span class='tooltipsall tooltip_post_id_7232 classtoolTips161'>GES<\/span>\\) sont des composants gazeux qui absorbent le rayonnement infrarouge \u00e9mis par la surface terrestre et contribuent \u00e0 l'effet de serre\\. L'augmentation de leur concentration dans l'atmosph\u00e8re terrestre est l'un des facteurs \u00e0 l'origine du r\u00e9chauffement climatique\\.\\<\\\/p\\><br \/>\\<a href\\='https\\:\\\/\\\/fr\\.wikipedia\\.org\\\/wiki\\\/Gaz_%C3%A0_effet_de_serre' target\\='_blank' rel\\='noopener'\\>\\<em\\>Voir ici la fiche Wikipedia sur les gaz \u00e0 effet de serre\\<\\\/em\\>\\<\\\/a\\>\"; toolTips('.classtoolTips161',tt_store_content,'7232'); <\/script><script type=\"text\/javascript\"> var tt_store_content = \"\\<\/p>\n<p style\\='text\\-align\\: justify'\\>La \u00ab\u00a0\\<b\\>programmation pluriannuelle de l'\u00e9nergie\\<\\\/b\\>\u00a0\u00bb \\(<span class='tooltipsall tooltip_post_id_7750 classtoolTips164'>PPE<\/span>\\) est, en France, un document strat\u00e9gique de pilotage de la transition \u00e9nerg\u00e9tique\\. Institu\u00e9e par l'article 176 de la \\<a title\\='Loi relative \u00e0 la transition \u00e9nerg\u00e9tique pour la croissance verte' href\\='https\\:\\\/\\\/fr\\.wikipedia\\.org\\\/wiki\\\/Loi_relative_%C3%A0_la_transition_%C3%A9nerg%C3%A9tique_pour_la_croissance_verte'\\>loi de transition \u00e9nerg\u00e9tique\\<\\\/a\\> \\(TECV\\), elle fixe une trajectoire pour le \\<a title\\='Mix \u00e9nerg\u00e9tique' href\\='https\\:\\\/\\\/fr\\.wikipedia\\.org\\\/wiki\\\/Mix_%C3%A9nerg%C3%A9tique'\\>mix \u00e9nerg\u00e9tique\\<\\\/a\\>, ainsi que \\<span class\\='citation'\\>\u00ab\u00a0les priorit\u00e9s d'action pour la gestion de l\u2019ensemble des formes d'\u00e9nergie sur le territoire m\u00e9tropolitain continental, afin d\u2019atteindre les objectifs nationaux fix\u00e9s par la loi\u00a0\u00bb\\<\\\/span\\>\\. \\(Wikip\u00e9dia\\)\\<\\\/p\\>\"; toolTips('.classtoolTips164',tt_store_content,'7750'); <\/script><script type=\"text\/javascript\"> var tt_store_content = \"\\<\/p>\n<p style\\='text\\-align\\: justify'\\>La \u00ab\u00a0\\<b\\>programmation pluriannuelle de l'\u00e9nergie\\<\\\/b\\>\u00a0\u00bb \\(PPE\\) est, en France, un document strat\u00e9gique de pilotage de la transition \u00e9nerg\u00e9tique\\. Institu\u00e9e par l'article 176 de la \\<a title\\='Loi relative \u00e0 la transition \u00e9nerg\u00e9tique pour la croissance verte' href\\='https\\:\\\/\\\/fr\\.wikipedia\\.org\\\/wiki\\\/Loi_relative_%C3%A0_la_transition_%C3%A9nerg%C3%A9tique_pour_la_croissance_verte'\\>loi de transition \u00e9nerg\u00e9tique\\<\\\/a\\> \\(TECV\\), elle fixe une trajectoire pour le \\<a title\\='Mix \u00e9nerg\u00e9tique' href\\='https\\:\\\/\\\/fr\\.wikipedia\\.org\\\/wiki\\\/Mix_%C3%A9nerg%C3%A9tique'\\>mix \u00e9nerg\u00e9tique\\<\\\/a\\>, ainsi que \\<span class\\='citation'\\>\u00ab\u00a0les priorit\u00e9s d'action pour la gestion de l\u2019ensemble des formes d'\u00e9nergie sur le territoire m\u00e9tropolitain continental, afin d\u2019atteindre les objectifs nationaux fix\u00e9s par la loi\u00a0\u00bb\\<\\\/span\\>\\. \\(Wikip\u00e9dia\\)\\<\\\/p\\>\"; toolTips('.classtoolTips164',tt_store_content,'7750'); <\/script><script type=\"text\/javascript\"> var tt_store_content = \"\\<\/p>\n<p style\\='text\\-align\\: justify;'\\>Le Conseil d'Orientation des Retraites est une instance qui r\u00e9unit &nbsp;\\<span class\\='st'\\>les principaux acteurs du champ des retraites\\<\\\/span\\> et effectue un travail d'\u00e9tudes et de concertation\\. Compos\u00e9 de parlementaires, de repr\u00e9sentants des organisations professionnelles et syndicales, des retrait\u00e9s et des familles, de membres de l'administration et d'experts, le Conseil d'orientation des retraites \\(<span class='tooltipsall tooltip_post_id_7751 classtoolTips165'>COR<\/span>\\) est plac\u00e9 aupr\u00e8s du Premier ministre\\.\\<\\\/p\\>\"; toolTips('.classtoolTips165',tt_store_content,'7751'); <\/script><script type=\"text\/javascript\"> var tt_store_content = \"\\<\/p>\n<p style\\='text\\-align\\: center;'\\>\\<span style\\='font\\-size\\: 14pt;'\\>\\<strong\\>O\\<\\\/strong\\>rganisation \\<strong\\>M\\<\\\/strong\\>\u00e9t\u00e9orologique \\<strong\\>M\\<\\\/strong\\>ondiale<br \/>\\<strong\\>W\\<\\\/strong\\>orld \\<strong\\>M\\<\\\/strong\\>eteorological \\<strong\\>O\\<\\\/strong\\>rganization\\<\\\/span\\>\\<\\\/p\\><br \/>&nbsp;<\/p>\n<p>\\<a href\\='https\\:\\\/\\\/public\\.wmo\\.int\\\/fr' target\\='_blank' rel\\='noopener'\\>\\<em\\>Acc\u00e9der ici au site de l'organisation\\<\\\/em\\>\\<\\\/a\\>\"; toolTips('.classtoolTips168',tt_store_content,'7763'); <\/script><script type=\"text\/javascript\"> var tt_store_content = \"\\<\/p>\n<p style\\='text\\-align\\: center;'\\>\\<span style\\='font\\-size\\: 14pt;'\\>\\<strong\\>\u00c9\\<\\\/strong\\>cole \\<strong\\>N\\<\\\/strong\\>ationale d'\\<strong\\>A\\<\\\/strong\\>dministration\\<\\\/span\\>\\<\\\/p\\>\"; toolTips('.classtoolTips170',tt_store_content,'5213'); <\/script><script type=\"text\/javascript\"> var tt_store_content = \"\\<\/p>\n<p style\\='text\\-align\\: center;'\\>\\<span style\\='font\\-size\\: 14pt;'\\>\u00c9cole des<br \/>\\<strong\\>H\\<\\\/strong\\>autes \\<strong\\>\u00c9\\<\\\/strong\\>tudes \\<strong\\>C\\<\\\/strong\\>ommerciales\\<\\\/span\\>\\<\\\/p\\>\"; toolTips('.classtoolTips171',tt_store_content,'5214'); <\/script><script type=\"text\/javascript\"> var tt_store_content = \"\\<\/p>\n<p style\\='text\\-align\\: justify'\\>\\<span class\\='ILfuVd'\\>La politique agricole commune \\(\\<b\\><span class='tooltipsall tooltip_post_id_11364 classtoolTips174'>PAC<\/span>\\<\\\/b\\>\\) est une politique mise en place \u00e0 l'\u00e9chelle de l'Union europ\u00e9enne\\. \u00c0 l'origine, elle est fond\u00e9e principalement sur des mesures de contr\u00f4le des prix et de subventionnement, visant \u00e0 moderniser et d\u00e9velopper l'agriculture\\.\\<\\\/span\\> \\(source Wikipedia\\)\\<\\\/p\\>\"; toolTips('.classtoolTips174',tt_store_content,'11364'); <\/script><script type=\"text\/javascript\"> var tt_store_content = \"\\<\/p>\n<p style\\='text\\-align\\: center;'\\>\\<span style\\='font\\-size\\: 14pt;'\\>\\<strong\\>P\\<\\\/strong\\>\\<\\\/span\\>\\<span style\\='font\\-size\\: 14pt;'\\>lan \\<strong\\>L\\<\\\/strong\\>\\<\\\/span\\>\\<span style\\='font\\-size\\: 14pt;'\\>ocal d'\\<strong\\>U\\<\\\/strong\\>\\<\\\/span\\>\\<span style\\='font\\-size\\: 14pt;'\\>rbanisme\\<\\\/span\\>\\<\\\/p\\><br \/>&nbsp;\"; toolTips('.classtoolTips176',tt_store_content,'4979'); <\/script><script type=\"text\/javascript\"> var tt_store_content = \"\\<p\\>Conseil \u00c9conomique et Social\\<\\\/p\\>\"; toolTips('.classtoolTips180',tt_store_content,'29829'); <\/script><script type=\"text\/javascript\"> var tt_store_content = \"\\<\/p>\n<p style\\='text\\-align\\: center;'\\>\\<span style\\='font\\-size\\: 14pt;'\\>\\<strong\\>H\\<\\\/strong\\>ydrocarbure \\<strong\\>A\\<\\\/strong\\>romatique \\<strong\\>P\\<\\\/strong\\>olycyclique\\<\\\/span\\>\\<\\\/p\\><br \/>\\<\/p>\n<p style\\='text\\-align\\: justify;'\\>Depuis de nombreuses ann\u00e9es, les <span class='tooltipsall tooltip_post_id_20397 classtoolTips184'>HAP<\/span> sont tr\u00e8s \u00e9tudi\u00e9s car ce sont des compos\u00e9s pr\u00e9sents dans tous les milieux environnementaux et qui montrent une forte toxicit\u00e9\\. On a pu \u00e9tablir la canc\u00e9rog\u00e9n\u00e8se de certains HPA, tels que le Benzo\\[a\\]anthrac\u00e8ne, le Chrys\u00e8ne et d'autres\\.\\<\\\/p\\><br \/>\\<\/p>\n<p style\\='text\\-align\\: justify;'\\>Les HAP proviennent principalement de la combustion \u00e0 haute temp\u00e9rature \\(500\u00b0 C et plus\\) de mati\u00e8res fossiles telles que le bois, le charbon et le p\u00e9trole\\. Dans l'environnement, la production de HAP provient donc&nbsp; du chauffage domestique, de la circulation automobile, des centrales \u00e9lectriques fonctionnant au charbon ou au p\u00e9trole \\('fioul'\\), ainsi que des incin\u00e9rateurs\\.\\<\\\/p\\><br \/>\\<p\\>\\<a href\\='https\\:\\\/\\\/fr\\.wikipedia\\.org\\\/wiki\\\/Hydrocarbure_aromatique_polycyclique' target\\='_blank' rel\\='noopener noreferrer'\\>\\<em\\>Voir ici l'article Wikipedia consacr\u00e9 aux HAP\\<\\\/em\\>\\<\\\/a\\>\\<\\\/p\\>\"; toolTips('.classtoolTips184',tt_store_content,'20397'); <\/script><script type=\"text\/javascript\"> var tt_store_content = \"\\<p\\><span class='tooltipsall tooltip_post_id_19888 classtoolTips186'>CEA<\/span> \\= Commissariat \u00e0 l'Energie Atomique et aux Energies Alternatives\\. C' est un organisme administratif\u00a0 fran\u00e7ais de recherche scientifique dans les domaines de l'\u00e9nergie , la d\u00e9fense, les technologies de l'information et de la communication, des sciences de la mati\u00e8re, de la vie, de la sant\u00e9\\.\\.\\.\\<\\\/p\\><br \/>\\<p\\>&nbsp;\\<\\\/p\\>\"; toolTips('.classtoolTips186',tt_store_content,'19888'); <\/script><script type=\"text\/javascript\"> var tt_store_content = \"\\<\/p>\n<p style\\='text\\-align\\: center;'\\>\\<span style\\='font\\-size\\: 14pt;'\\>\\<strong\\>A\\<\\\/strong\\>gence \\<strong\\>R\\<\\\/strong\\>\u00e9gionale de \\<strong\\>S\\<\\\/strong\\>ant\u00e9\\<\\\/span\\>\\<\\\/p\\>\"; toolTips('.classtoolTips188',tt_store_content,'18356'); <\/script><script type=\"text\/javascript\"> var tt_store_content = \"\\<\/p>\n<p style\\='text\\-align\\: center;'\\>\\<span style\\='font\\-size\\: 14pt;'\\>\\<strong\\>G\\<\\\/strong\\>roupement \\<strong\\>H\\<\\\/strong\\>ospitalier de \\<strong\\>T\\<\\\/strong\\>erritoire\\<\\\/span\\>\\<\\\/p\\><br \/>\\<\/p>\n<p style\\='text\\-align\\: justify;'\\>Les groupements hospitaliers de territoires, dispositif pr\u00e9vu par la loi de sant\u00e9 2016, sont un nouveau mode de coop\u00e9ration entre les \u00e9tablissements publics de sant\u00e9 \u00e0 l\u2019\u00e9chelle d\u2019un territoire\\<\\\/p\\>\"; toolTips('.classtoolTips189',tt_store_content,'18358'); <\/script><script type=\"text\/javascript\"> var tt_store_content = \"\\<\/p>\n<p style\\='text\\-align\\: center;'\\>\\<span style\\='font\\-size\\: 14pt;'\\>\\<strong\\>C\\<\\\/strong\\>omit\u00e9 \\<strong\\>T\\<\\\/strong\\>echnique d'\\<strong\\>\u00c9\\<\\\/strong\\>tablissement\\<\\\/span\\>\\<\\\/p\\>\"; toolTips('.classtoolTips191',tt_store_content,'18359'); <\/script><script type=\"text\/javascript\"> var tt_store_content = \"\\<\/p>\n<p style\\='text\\-align\\: center;'\\>\\<strong\\>\\<span style\\='font\\-size\\: 14pt;'\\>P\\<\\\/span\\>\\<\\\/strong\\>\\<span style\\='font\\-size\\: 14pt;'\\>rogrammation \\<strong\\>P\\<\\\/strong\\>luri\\-annuelle de l'\\<strong\\>\u00c9\\<\\\/strong\\>nergie\\<\\\/span\\>\\<\\\/p\\><br \/>La PPE est est en France un document strat\u00e9gique de pilotage de la transition \u00e9nerg\u00e9tique\\. Institu\u00e9e par l'article 176 de la loi transition \u00e9nerg\u00e9tique \\(TECV\\)\\. Elle fixe \\(par \u00e9nergie\\) une trajectoire pour le mix \u00e9nerg\u00e9tique, ainsi que \u00ab&nbsp;\\<em\\>les priorit\u00e9s d'action pour la gestion de l\u2019ensemble des formes d'\u00e9nergie sur le territoire m\u00e9tropolitain continental, afin d\u2019atteindre les objectifs nationaux fix\u00e9s par la loi\\<\\\/em\\>&nbsp;\u00bb\\.<\/p>\n<p>Initi\u00e9e en 2016, elle est r\u00e9vis\u00e9e en 2018 puis ensuite tous les 5 ans\\.<\/p>\n<p>\\<a href\\='https\\:\\\/\\\/fr\\.wikipedia\\.org\\\/wiki\\\/Programmation_pluriannuelle_de_l'\u00e9nergi' target\\='_blank' rel\\='noopener'\\>\\<em\\>Voir ici la page Wikipedia consacr\u00e9e \u00e0 la PPE\\<\\\/em\\>\\<\\\/a\\><br \/>\\<a href\\='https\\:\\\/\\\/ppe\\.debatpublic\\.fr\\\/' target\\='_blank' rel\\='noopener'\\>\\<em\\>Voir ici la page du site 'Commission du D\u00e9bat Public' consacr\u00e9e \u00e0 la PPE\\<\\\/em\\>\\<\\\/a\\>\"; toolTips('.classtoolTips193',tt_store_content,'7102'); <\/script><script type=\"text\/javascript\"> var tt_store_content = \"\\<\/p>\n<p style\\='text\\-align\\: center;'\\>\\<span style\\='font\\-size\\: 14pt;'\\>\\<strong\\>E\\<\\\/strong\\>volutionary \\<strong\\>P\\<\\\/strong\\>ower \\<strong\\>R\\<\\\/strong\\>eactor\\<\\\/span\\>\\<\\\/p\\><br \/>\\<\/p>\n<p style\\='text\\-align\\: justify;'\\>R\u00e9acteur nucl\u00e9aire de troisi\u00e8me g\u00e9n\u00e9ration \\(classification internationale\\), con\u00e7u et d\u00e9velopp\u00e9 par <span class='tooltipsall tooltip_post_id_5121 classtoolTips35'>Areva NP<\/span>&nbsp; au cours des ann\u00e9es 1990 et 2000\\. Il fait partie de la fili\u00e8re des r\u00e9acteurs \u00e0 eau pressuris\u00e9e\\.\\<\\\/p\\><br \/>\\<a href\\='https\\:\\\/\\\/fr\\.wikipedia\\.org\\\/wiki\\\/R%C3%A9acteur_pressuris%C3%A9_europ%C3%A9en' target\\='_blank' rel\\='noopener'\\>\\<em\\>Voir ici la fiche Wikipedia <span class='tooltipsall tooltip_post_id_5579 classtoolTips196'>EPR<\/span>\\<\\\/em\\>\\<\\\/a\\>\"; toolTips('.classtoolTips196',tt_store_content,'5579'); <\/script><script type=\"text\/javascript\"> var tt_store_content = \"\\<\/p>\n<p style\\='text\\-align\\: center;'\\>\\<strong\\>R\\<\\\/strong\\>\u00e9seau \\<strong\\>A\\<\\\/strong\\>ction \\<strong\\>C\\<\\\/strong\\>limat\\<\\\/p\\><br \/>Le r\u00e9seau Action Climat '\\<em\\>f\u00e9d\u00e8re les associations impliqu\u00e9es dans la lutte contre les changements climatiques et pour une transition \u00e9cologique, solidaire et \u00e9quitable\\<\\\/em\\>'\\.<\/p>\n<p>\\<a href\\='https\\:\\\/\\\/reseauactionclimat\\.org\\\/' target\\='_blank' rel\\='noopener'\\>Voir le site du <span class='tooltipsall tooltip_post_id_4309 classtoolTips200'>RAC<\/span>\\<\\\/a\\>\"; toolTips('.classtoolTips200',tt_store_content,'4309'); <\/script><script type=\"text\/javascript\"> var tt_store_content = \"\\<\/p>\n<p style\\='text\\-align\\: center;'\\>\\<strong\\>\\<span style\\='font\\-size\\: 14pt;'\\>R\\<\\\/span\\>\\<\\\/strong\\>\\<span style\\='font\\-size\\: 14pt;'\\>eferendum d'\\<strong\\>I\\<\\\/strong\\>nitiative \\<strong\\>C\\<\\\/strong\\>itoyenne\\<\\\/span\\>\\<\\\/p\\>\"; toolTips('.classtoolTips205',tt_store_content,'12268'); <\/script><script type=\"text\/javascript\"> var tt_store_content = \"\\<p\\><span class='tooltipsall tooltip_post_id_25844 classtoolTips208'>RTE<\/span> \\= R\u00e9seau de Transport d'Electricit\u00e9 est une filiale d'<span class='tooltipsall tooltip_post_id_7035 classtoolTips178'>EDF<\/span> qui est l'actionnaire majoritaire avec 50,1% des parts le reste \u00e9tant partag\u00e9 par la CDC et la CNP\\<\\\/p\\>\"; toolTips('.classtoolTips208',tt_store_content,'25844'); <\/script><script type=\"text\/javascript\"> var tt_store_content = \"\\<\/p>\n<p style\\='text\\-align\\: center;'\\>\\<span style\\='font\\-size\\: 14pt;'\\>\\<strong\\>O\\<\\\/strong\\>rganisation\\<strong\\> N\\<\\\/strong\\>on\\<strong\\> G\\<\\\/strong\\>ouvernementale\\<\\\/span\\>\\<\\\/p\\><br \/>Une organisation non gouvernementale \\(<span class='tooltipsall tooltip_post_id_3579 classtoolTips210'>ONG<\/span>\\) est une \\<a title\\='Association \u00e0 but non lucratif' href\\='https\\:\\\/\\\/fr\\.wikipedia\\.org\\\/wiki\\\/Association_%C3%A0_but_non_lucratif' target\\='_blank' rel\\='noopener'\\>association \u00e0 but non lucratif\\<\\\/a\\>, d'int\u00e9r\u00eat public, qui ne rel\u00e8ve ni de l'\u00c9tat, ni d'institutions internationales\\<sup id\\='cite_ref\\-novethic_1\\-0' class\\='reference'\\>\\<\\\/sup\\>\\. Les ONG n'ont pas le statut de sujet de \\<a title\\='Droit international public' href\\='https\\:\\\/\\\/fr\\.wikipedia\\.org\\\/wiki\\\/Droit_international_public' target\\='_blank' rel\\='noopener'\\>droit international\\<\\\/a\\>\\.\"; toolTips('.classtoolTips210',tt_store_content,'3579'); <\/script><script type=\"text\/javascript\"> var tt_store_content = \"\\<\/p>\n<p style\\='text\\-align\\: center;'\\>\\<span style\\='font\\-size\\: 14pt;'\\>\\<strong\\>O\\<\\\/strong\\>rganisation\\<strong\\> N\\<\\\/strong\\>on\\<strong\\> G\\<\\\/strong\\>ouvernementale\\<\\\/span\\>\\<\\\/p\\><br \/>Une organisation non gouvernementale \\(ONG\\) est une \\<a title\\='Association \u00e0 but non lucratif' href\\='https\\:\\\/\\\/fr\\.wikipedia\\.org\\\/wiki\\\/Association_%C3%A0_but_non_lucratif' target\\='_blank' rel\\='noopener'\\>association \u00e0 but non lucratif\\<\\\/a\\>, d'int\u00e9r\u00eat public, qui ne rel\u00e8ve ni de l'\u00c9tat, ni d'institutions internationales\\<sup id\\='cite_ref\\-novethic_1\\-0' class\\='reference'\\>\\<\\\/sup\\>\\. Les ONG n'ont pas le statut de sujet de \\<a title\\='Droit international public' href\\='https\\:\\\/\\\/fr\\.wikipedia\\.org\\\/wiki\\\/Droit_international_public' target\\='_blank' rel\\='noopener'\\>droit international\\<\\\/a\\>\\.\"; toolTips('.classtoolTips210',tt_store_content,'3579'); <\/script><script type=\"text\/javascript\"> var tt_store_content = \"\\<p\\><span class='tooltipsall tooltip_post_id_24572 classtoolTips211'>MIT<\/span> \\= Massachussets Institute of Technology, prestigieuse universit\u00e9 am\u00e9ricaine de la c\u00f4te est\\<\\\/p\\>\"; toolTips('.classtoolTips211',tt_store_content,'24572'); <\/script><script type=\"text\/javascript\"> var tt_store_content = \"\\<\/p>\n<p style\\='text\\-align\\: center;'\\>\\<strong\\>J\\<\\\/strong\\>eux \\<strong\\>O\\<\\\/strong\\>lympiques<br \/>ou<br \/>\\<strong\\>J\\<\\\/strong\\>ournal \\<strong\\>O\\<\\\/strong\\>fficiel de la R\u00e9publique Fran\u00e7aise\\<\\\/p\\>\"; toolTips('.classtoolTips213',tt_store_content,'4451'); <\/script><script type=\"text\/javascript\"> var tt_store_content = \"\\<p\\><span class='tooltipsall tooltip_post_id_30593 classtoolTips214'>RN<\/span> \\= Rassemble National, c'est le parti d'extr\u00eame droite de Marine Le Pen qui succ\u00e8de au FN \\= Front National fond\u00e9 par son p\u00e8re Jean Marie Le Pen\\<\\\/p\\>\"; toolTips('.classtoolTips214',tt_store_content,'30593'); <\/script><script type=\"text\/javascript\"> var tt_store_content = \"\\<\/p>\n<p style\\='text\\-align\\: center;'\\>\\<span style\\='font\\-size\\: 14pt;'\\>\\<strong\\>C\\<\\\/strong\\>entre \\<strong\\>H\\<\\\/strong\\>ospitalier\\<\\\/span\\>\\<\\\/p\\>\"; toolTips('.classtoolTips220',tt_store_content,'18357'); <\/script><script type=\"text\/javascript\"> var tt_store_content = \"\\<\/p>\n<p style\\='text\\-align\\: center;'\\>\\<span style\\='font\\-size\\: 14pt;'\\>\\<strong\\><span class='tooltipsall tooltip_post_id_21736 classtoolTips222'>nm<\/span> \\= n\\<\\\/strong\\>ano\\<strong\\>m\\<\\\/strong\\>\u00e8tre \\<\\\/span\\>\\<\\\/p\\><br \/>\\<\/p>\n<p style\\='text\\-align\\: justify;'\\>\\<em\\>le <span class='tooltipsall tooltip_post_id_21736 classtoolTips222'>nanom\u00e8tre<\/span>, de symbole nm, est une unit\u00e9 de longueur du Syst\u00e8me international\\. C'est un sous\\-multiple du m\u00e8tre, il vaut un milliardi\u00e8me de m\u00e8tre, soit un millioni\u00e8me de millim\u00e8tre\\.\\<\\\/em\\>\\<\\\/p\\><br \/>\\<\/p>\n<p style\\='text\\-align\\: center;'\\>\\<strong\\>\\<em\\> 1 nm \\= 10\u207b\u00b3 \u00b5m \\= 10\\<sup\\>\u20136\\<\\\/sup\\> mm \\= 10\\<sup\\>\u20139\\<\\\/sup\\> m\\.\\<\\\/em\\>\\<\\\/strong\\>\\<\\\/p\\>\"; toolTips('.classtoolTips222',tt_store_content,'21736'); <\/script><script type=\"text\/javascript\"> var tt_store_content = \"\\<p\\>D\u00e9chets radioactifs \u00e0 Haute Activit\u00e9 \\(classement <span class='tooltipsall tooltip_post_id_3612 classtoolTips79'>ANDRA<\/span>\\)\\<\\\/p\\>\"; toolTips('.classtoolTips223',tt_store_content,'19196'); <\/script><\/p>\n","protected":false},"author":21,"featured_media":0,"comment_status":"open","ping_status":"open","sticky":false,"template":"","format":"standard","meta":{"_acf_changed":false,"ngg_post_thumbnail":0,"_jetpack_memberships_contains_paid_content":false,"footnotes":""},"categories":[62,67,5,27],"tags":[],"coauthors":[76],"class_list":["post-30607","post","type-post","status-publish","format-standard","hentry","category-rub_cult","category-rub_cult_musique","category-rub_pol","category-rub","edition-edi_00113","type_art-type_art_article","no-thumb"],"acf":[],"jetpack_featured_media_url":"","jetpack_sharing_enabled":true,"jetpack_shortlink":"https:\/\/wp.me\/p9B5TM-7XF","_links":{"self":[{"href":"https:\/\/le-clairon-nouveau.fr\/wordpress\/wp-json\/wp\/v2\/posts\/30607","targetHints":{"allow":["GET"]}}],"collection":[{"href":"https:\/\/le-clairon-nouveau.fr\/wordpress\/wp-json\/wp\/v2\/posts"}],"about":[{"href":"https:\/\/le-clairon-nouveau.fr\/wordpress\/wp-json\/wp\/v2\/types\/post"}],"author":[{"embeddable":true,"href":"https:\/\/le-clairon-nouveau.fr\/wordpress\/wp-json\/wp\/v2\/users\/21"}],"replies":[{"embeddable":true,"href":"https:\/\/le-clairon-nouveau.fr\/wordpress\/wp-json\/wp\/v2\/comments?post=30607"}],"version-history":[{"count":0,"href":"https:\/\/le-clairon-nouveau.fr\/wordpress\/wp-json\/wp\/v2\/posts\/30607\/revisions"}],"wp:attachment":[{"href":"https:\/\/le-clairon-nouveau.fr\/wordpress\/wp-json\/wp\/v2\/media?parent=30607"}],"wp:term":[{"taxonomy":"category","embeddable":true,"href":"https:\/\/le-clairon-nouveau.fr\/wordpress\/wp-json\/wp\/v2\/categories?post=30607"},{"taxonomy":"post_tag","embeddable":true,"href":"https:\/\/le-clairon-nouveau.fr\/wordpress\/wp-json\/wp\/v2\/tags?post=30607"},{"taxonomy":"author","embeddable":true,"href":"https:\/\/le-clairon-nouveau.fr\/wordpress\/wp-json\/wp\/v2\/coauthors?post=30607"}],"curies":[{"name":"wp","href":"https:\/\/api.w.org\/{rel}","templated":true}]}}