{"id":31015,"date":"2025-01-23T12:30:39","date_gmt":"2025-01-23T11:30:39","guid":{"rendered":"https:\/\/le-clairon-nouveau.fr\/wordpress\/?p=31015"},"modified":"2025-01-23T14:00:34","modified_gmt":"2025-01-23T13:00:34","slug":"federalisme-subsidiarite-interdependance","status":"publish","type":"post","link":"https:\/\/le-clairon-nouveau.fr\/wordpress\/blog\/2025\/01\/23\/federalisme-subsidiarite-interdependance\/","title":{"rendered":"F\u00c9D\u00c9RALISME   SUBSIDIARIT\u00c9   INTERD\u00c9PENDANCE"},"content":{"rendered":"<p style=\"text-align: center\"><img data-recalc-dims=\"1\" loading=\"lazy\" decoding=\"async\" class=\" wp-image-31032 aligncenter\" src=\"https:\/\/i0.wp.com\/le-clairon-nouveau.fr\/wordpress\/wp-content\/uploads\/2025\/01\/federal-building-Berne-2-Image-par-Daniel-Keller-de-Pixabay-1.jpg?resize=636%2C500&#038;ssl=1\" alt=\"\" width=\"636\" height=\"500\" srcset=\"https:\/\/i0.wp.com\/le-clairon-nouveau.fr\/wordpress\/wp-content\/uploads\/2025\/01\/federal-building-Berne-2-Image-par-Daniel-Keller-de-Pixabay-1.jpg?resize=300%2C236&amp;ssl=1 300w, https:\/\/i0.wp.com\/le-clairon-nouveau.fr\/wordpress\/wp-content\/uploads\/2025\/01\/federal-building-Berne-2-Image-par-Daniel-Keller-de-Pixabay-1.jpg?resize=1024%2C806&amp;ssl=1 1024w, https:\/\/i0.wp.com\/le-clairon-nouveau.fr\/wordpress\/wp-content\/uploads\/2025\/01\/federal-building-Berne-2-Image-par-Daniel-Keller-de-Pixabay-1.jpg?resize=768%2C604&amp;ssl=1 768w, https:\/\/i0.wp.com\/le-clairon-nouveau.fr\/wordpress\/wp-content\/uploads\/2025\/01\/federal-building-Berne-2-Image-par-Daniel-Keller-de-Pixabay-1.jpg?w=1440&amp;ssl=1 1440w\" sizes=\"auto, (max-width: 636px) 100vw, 636px\" \/><span style=\"font-size: 8pt\"><em><strong>Parlement f\u00e9d\u00e9ral Suisse Berne (image par Daniel Keller de Pixabay)<\/strong><\/em><\/span><\/p>\n<p style=\"text-align: justify\"><em><strong>La crise institutionnelle couvait depuis longtemps, mais \u00e0 pr\u00e9sent 7 ans de gouvernance macroniste l&rsquo;on conduite \u00e0 son acm\u00e9. La question de son rem\u00e8de se pose avec urgence, mais aurons-nous les capacit\u00e9s intellectuelles, morales et politiques n\u00e9cessaires pour le trouver et l&rsquo;appliquer ? Le Clairon publie ici un texte qui, sous un apparent d\u00e9senchantement, nous invite \u00e0 r\u00e9fl\u00e9chir \u00e0 des formes d&rsquo;\u00c9tat susceptibles de permettre le d\u00e9passement de cette crise.<\/strong><\/em><br \/>\n\u00a0\u00a0\u00a0\u00a0\u00a0\u00a0\u00a0\u00a0\u00a0\u00a0\u00a0\u00a0\u00a0\u00a0\u00a0\u00a0\u00a0\u00a0\u00a0\u00a0\u00a0\u00a0\u00a0\u00a0\u00a0\u00a0\u00a0\u00a0\u00a0\u00a0\u00a0\u00a0\u00a0\u00a0\u00a0\u00a0\u00a0\u00a0\u00a0\u00a0\u00a0\u00a0\u00a0\u00a0\u00a0\u00a0\u00a0\u00a0\u00a0\u00a0\u00a0\u00a0\u00a0\u00a0\u00a0\u00a0\u00a0\u00a0\u00a0\u00a0\u00a0\u00a0\u00a0\u00a0\u00a0\u00a0\u00a0\u00a0\u00a0\u00a0\u00a0\u00a0\u00a0\u00a0\u00a0\u00a0\u00a0\u00a0\u00a0\u00a0\u00a0\u00a0\u00a0\u00a0\u00a0\u00a0\u00a0\u00a0\u00a0\u00a0\u00a0\u00a0\u00a0\u00a0\u00a0\u00a0\u00a0\u00a0\u00a0\u00a0\u00a0\u00a0\u00a0\u00a0\u00a0\u00a0\u00a0\u00a0\u00a0\u00a0\u00a0\u00a0\u00a0\u00a0\u00a0\u00a0\u00a0\u00a0\u00a0\u00a0\u00a0\u00a0\u00a0\u00a0\u00a0\u00a0\u00a0\u00a0\u00a0\u00a0\u00a0\u00a0\u00a0\u00a0\u00a0\u00a0\u00a0\u00a0\u00a0\u00a0\u00a0\u00a0\u00a0\u00a0\u00a0\u00a0\u00a0\u00a0\u00a0\u00a0\u00a0\u00a0\u00a0\u00a0\u00a0\u00a0\u00a0\u00a0\u00a0\u00a0\u00a0\u00a0\u00a0\u00a0\u00a0\u00a0\u00a0\u00a0\u00a0\u00a0\u00a0\u00a0 \u00a0 \u00a0 \u00a0 \u00a0 \u00a0 \u00a0 \u00a0 \u00a0 \u00a0 \u00a0 \u00a0 \u00a0 \u00a0 \u00a0 \u00a0 \u00a0 <em>\u00a0 \u00a0 La r\u00e9daction<\/em><\/p>\n<p style=\"text-align: center\">\u00a0<\/p>\n<p style=\"text-align: justify\">\u00a0\u00a0 J\u2019aurais tant aim\u00e9 vivre dans une France qui soit la patrie des droits de l\u2019homme, et donc respectueuse des cultures, et des histoires qui l\u2019ont constitu\u00e9.<br \/>\n\u00a0\u00a0 H\u00e9las les cultures de France sont ni\u00e9es, et peu \u00e0 peu oubli\u00e9es, ramen\u00e9es au rang de folklore, les langues de France ne sont ni reconnues, ni enseign\u00e9es, ni m\u00eame l\u00e9gales. Radio France interdit m\u00eame \u00e0 France Bleu Occitanie de passer de la musique en occitan, m\u00eame de quelqu\u2019un reconnu comme Francis Cabrel.<\/p>\n<p style=\"text-align: justify\">\u00a0\u00a0 J\u2019aurais tant aim\u00e9 vivre dans une France o\u00f9 les gens soient entrepreneurs, aillent de l\u2019avant, ne soient pas dans une critique syst\u00e9matique, dans une victimisation, dans une d\u00e9ploration collective.<br \/>\nCela passe par le fait de confier des responsabilit\u00e9s globales aux \u00e9chelons municipaux et r\u00e9gionaux. Cela conduit \u00e0 supprimer les frustrations des partis politiques de l\u2019opposition qui exerceraient un vrai pouvoir dans <span class='tooltipsall tooltip_post_id_29829 classtoolTips180'>ces<\/span> \u00e9chelons.<br \/>\n\u00a0\u00a0 H\u00e9las l\u2019autonomie, la subsidiarit\u00e9 sont des notions taboues en France et personne dans la presse, la radio ou la t\u00e9l\u00e9vision n\u2019expliquera la descente aux enfers o\u00f9 nous conduit le centralisme et le jacobinisme que la France a h\u00e9rit\u00e9 autant de ses Rois que de sa R\u00e9volution.<\/p>\n<p style=\"text-align: justify\">\u00a0\u00a0 J\u2019aimerai tant vivre dans une France fi\u00e8re de sa diversit\u00e9, et qui en prenne soin.<br \/>\nUn pays o\u00f9 chaque r\u00e9gion, outre le fran\u00e7ais, pratiquerait sa langue, d\u00e9velopperait sa culture, o\u00f9 certains jours f\u00e9ri\u00e9s seraient sp\u00e9cifiques, o\u00f9 l\u2019architecture, la gastronomie serait diff\u00e9rente, o\u00f9 les r\u00e8gles d\u2019urbanisme ne seraient pas les m\u00eames, o\u00f9 la diversit\u00e9 se verrait et enrichirait la France dans son ensemble.<br \/>\n\u00a0\u00a0 H\u00e9las, le rouleau compresseur est en marche, chaque jour les diff\u00e9rences s\u2019amenuisent. De toutes petites diff\u00e9rences telles que l\u2019usage du mot chocolatine qui est maintenant interdit d\u2019affichage dans les magasins des chaines fran\u00e7aise de boulangerie en Occitanie. On court vers l\u2019uniformit\u00e9, on ne veut voir qu\u2019une t\u00eate, on ne veut qu\u2019un pays, qu\u2019une langue, qu\u2019une culture, qu\u2019une histoire, qu\u2019une architecture et qu\u2019une gastronomie.<\/p>\n<p style=\"text-align: justify\">\u00a0\u00a0 J\u2019aurais tant aim\u00e9 vivre dans une France o\u00f9 les richesses seraient uniform\u00e9ment r\u00e9parties sur le territoire, o\u00f9 il n\u2019y aurait pas d\u2019\u00e9cart de revenu, d\u2019imp\u00f4t et redistribution en fonction de la r\u00e9gion o\u00f9 l\u2019on vit.<br \/>\n\u00a0\u00a0 H\u00e9las le revenu net en parit\u00e9 de pouvoir d\u2019achat est \u00e0 Paris de + 300% de celui de la moyenne de la France, par comparaison en Allemagne le revenu net en parit\u00e9 de pouvoir d\u2019achat \u00e0 Berlin est de -1% de celui de la moyenne de l\u2019Allemagne et Madrid est \u00e0 +14% de celui de la moyenne de l\u2019Espagne.<br \/>\nCet \u00e9cart inacceptable, jamais d\u00e9nonc\u00e9 ni par la presse, ni par les politiques, est entretenu car l\u2019\u00c9tat Fran\u00e7ais redistribue 3 fois plus d\u2019argent par habitant en Ile de France que dans la moyenne des r\u00e9gions en France. Cela ne se fait pas \u00e0 travers les dotations r\u00e9gionales, ce serait trop voyant, mais cela est d\u00fb au fait que toutes les agences de l\u2019Etat sont \u00e0 Paris et qu\u2019en Ile de France les m\u00e9tros, trains de banlieue, op\u00e9ras, mus\u00e9es, th\u00e9\u00e2tres, Jeux Olympiques\u2026sont des structures nationales. Elles sont donc financ\u00e9es par la France enti\u00e8re, alors que dans tout le reste de la France ces m\u00eames d\u00e9penses sont support\u00e9es uniquement par les municipalit\u00e9s ou les r\u00e9gions dans le cadre de leurs dotations.<\/p>\n<p style=\"text-align: justify\">\u00a0\u00a0 J\u2019aurais tant aim\u00e9 vivre dans une France qui serait un pays performant et en devenir pour mes enfants et mes petits-enfants.<br \/>\n\u00a0 H\u00e9las le meilleur indicateur : le nombre d\u2019emploi public par habitant (tous niveaux confondus : Etat, r\u00e9gions, d\u00e9partements, communes) est \u00e9loquent.<br \/>\nOn rel\u00e8ve 35 emplois publics\/ habitant pour le Suisse, 44 emplois publics\/habitant pour l\u2019Allemagne, l\u2019Espagne et la Grande Bretagne. Avec 85 emplois public\/ habitant, la France d\u00e9tient un bien triste record. Le co\u00fbt des d\u00e9penses publiques est donc par habitant 3 fois plus \u00e9lev\u00e9 en France qu\u2019en Suisse et 2 fois plus \u00e9lev\u00e9 qu\u2019en Allemagne, Espagne ou Grande Bretagne. S\u2019ajoute \u00e0 ces couts \u00e9normes le fait que la qualit\u00e9 des services publics est en France bien moins bonne que dans les autres pays.<\/p>\n<p style=\"text-align: justify\">\u00a0\u00a0 J\u2019aurais tant aim\u00e9 vivre dans une France o\u00f9 je ne transmettrais pas \u00e0 mes enfants et petits-enfants une dette consid\u00e9rable, et o\u00f9 ma g\u00e9n\u00e9ration aurait g\u00e9r\u00e9 en prenant en compte l\u2019int\u00e9r\u00eat des g\u00e9n\u00e9rations futures.<br \/>\n\u00a0\u00a0 H\u00e9las la dette officielle de la France est de 3400 milliards d\u2019\u20ac.<br \/>\nLes gouvernements de droite et de gauche ont invent\u00e9 le hors bilan qui comprend 2 types de d\u00e9penses\u00a0: d\u2019une part le cout des retraites de la SNCF et des fonctionnaires et d\u2019autre part les d\u00e9penses de d\u00e9veloppement du pays type CNES, <span class='tooltipsall tooltip_post_id_5636 classtoolTips101'>CNRS<\/span>\u2026, ce hors bilan repr\u00e9sente 4300 milliards d\u2019\u20ac. Si on additionne les deux on arrive \u00e0 7700 milliards soit 257% du <span class='tooltipsall tooltip_post_id_4470 classtoolTips177'>PIB<\/span>, le record du monde, pire que le Soudan qui est \u00e0 183% du PIB. Depuis 50 ans la France est devenue addict au d\u00e9ficit.<\/p>\n<p style=\"text-align: center\"><img data-recalc-dims=\"1\" loading=\"lazy\" decoding=\"async\" class=\" wp-image-31030 aligncenter\" src=\"https:\/\/i0.wp.com\/le-clairon-nouveau.fr\/wordpress\/wp-content\/uploads\/2025\/01\/Palais-du-congres-republique-federale-du-Bresil-Image-par-Renato-Laky-de-Pixabay.jpg?resize=655%2C369&#038;ssl=1\" alt=\"\" width=\"655\" height=\"369\" srcset=\"https:\/\/i0.wp.com\/le-clairon-nouveau.fr\/wordpress\/wp-content\/uploads\/2025\/01\/Palais-du-congres-republique-federale-du-Bresil-Image-par-Renato-Laky-de-Pixabay.jpg?resize=300%2C169&amp;ssl=1 300w, https:\/\/i0.wp.com\/le-clairon-nouveau.fr\/wordpress\/wp-content\/uploads\/2025\/01\/Palais-du-congres-republique-federale-du-Bresil-Image-par-Renato-Laky-de-Pixabay.jpg?resize=1024%2C575&amp;ssl=1 1024w, https:\/\/i0.wp.com\/le-clairon-nouveau.fr\/wordpress\/wp-content\/uploads\/2025\/01\/Palais-du-congres-republique-federale-du-Bresil-Image-par-Renato-Laky-de-Pixabay.jpg?resize=768%2C431&amp;ssl=1 768w, https:\/\/i0.wp.com\/le-clairon-nouveau.fr\/wordpress\/wp-content\/uploads\/2025\/01\/Palais-du-congres-republique-federale-du-Bresil-Image-par-Renato-Laky-de-Pixabay.jpg?w=1280&amp;ssl=1 1280w\" sizes=\"auto, (max-width: 655px) 100vw, 655px\" \/><span style=\"font-size: 8pt\"><strong><em>Palais du congr\u00e8s, R\u00e9publique f\u00e9d\u00e9rale du Br\u00e9sil (Image par Renato Laky de Pixabay)<\/em><\/strong><\/span><\/p>\n<p style=\"text-align: justify\">\u00a0\u00a0 Avant de conclure, je voudrais vous lire un petit texte \u00e9crit par Yuval Noah Harari l\u2019auteur des deux best sellers Homo Sapiens et Homo Deus.<br \/>\n\u00ab\u00a0Si le f\u00e9d\u00e9ralisme a vaincu le centralisme (au plan mondial), ce n\u2019est pas lie \u00e0 un probl\u00e8me \u00e9thique ou \u00e0 un probl\u00e8me humain. C\u2019est parce que le traitement distribu\u00e9 et direct des donn\u00e9es marche mieux que le traitement centralis\u00e9 des donn\u00e9es dans ces p\u00e9riodes d\u2019acc\u00e9l\u00e9ration du changement technique.\u00a0\u00bb<br \/>\nCela veut dire que : Lorsque la totalit\u00e9 des donn\u00e9es doivent remonter et \u00eatre concentr\u00e9es et trait\u00e9es par un petit nombre d\u2019individus, le syst\u00e8me peut produire des bombes atomiques, mais il ne peut produire ni Apple, ni Wikip\u00e9dia.<br \/>\nPour expliciter cette id\u00e9e, je vais vous raconter une anecdote\u00a0:<br \/>\nLorsque Mikael Gorbatchev tenta de ressusciter l\u2019\u00e9conomie sovi\u00e9tique, il envoya un de ses principaux collaborateurs \u00e0 Londres pour voir comment fonctionnait le capitalisme sous Margaret Thatcher.<br \/>\nSes h\u00f4tes guid\u00e8rent le visiteur sovi\u00e9tique \u00e0 la City, \u00e0 la bourse, dans des conf\u00e9rences\u2026\u2026.<br \/>\nApr\u00e8s de longues heures l\u2019expert ne put se retenir\u00a0:<br \/>\n\u00ab Oubliez vos th\u00e9ories compliqu\u00e9es, \u00e7a fait deux jours que nous parcourons Londres, et il y a quelque chose que je n\u2019arrive pas \u00e0 comprendre : A Moscou les meilleurs esprits travaillent sur le syst\u00e8me de fourniture du pain, et il y a des queues partout. Ici je n\u2019ai pas vu une seule queue. Conduisez-moi aupr\u00e8s de la personne charg\u00e9e d\u2019approvisionner Londres en pain, il faut que je connaisse son secret.\u00a0\u00bb<br \/>\nIl n\u2019y a personne qui g\u00e8re le pain, l\u2019information circule librement entre les consommateurs, les producteurs, les boulangers, les moulins, les producteurs de bl\u00e9, les agriculteurs, les hommes de science\u2026.<br \/>\nLes liens directs d\u00e9terminent le prix du pain, le nombre de pain fabriqu\u00e9 par jour, les priorit\u00e9s en mati\u00e8re de R et D.<br \/>\nSi une mauvaise d\u00e9cision est prise, elle est imm\u00e9diatement corrig\u00e9e.<br \/>\nCe qui est important c\u2019est de comprendre l\u2019effet pervers de la centralisation du pouvoir et des donn\u00e9es, l\u2019effet destructeur qu\u2019il engendre au niveau du service rendu et du co\u00fbt \u00e9norme qu\u2019il g\u00e9n\u00e8re pour quelque-chose de parfaitement inutile.<\/p>\n<p style=\"text-align: justify\">\u00a0\u00a0 Nous sommes bien l\u00e0 au c\u0153ur de la probl\u00e9matique fran\u00e7aise. Ce centralisme, ce jacobinisme exacerb\u00e9 est \u00e0 la fois destructeur sur le plan humain : \u00ab Personne n\u2019est responsable, l\u2019\u00c9tat peut tout, l\u2019\u00c9tat doit tout, aucun respect pour les langues et les cultures de France \u00bb, et il conduit \u00e0 une impasse sur le plan \u00e9conomique et \u00e0 une d\u00e9gradation des services publics et \u00e0 une absence de justice sociale.<\/p>\n<p style=\"text-align: justify\"><strong>La quasi-totalit\u00e9 des pays du monde sont des pays f\u00e9d\u00e9raux comme le dit Yuval Harari. Tous les pays Europ\u00e9ens de plus de 5 millions d\u2019habitants le sont. Pourquoi la France s\u2019obstine-t-elle \u00e0 persister dans son erreur mortif\u00e8re ? Est-ce par choix, par int\u00e9r\u00eat, par ignorance, par fuite en avant ?<\/strong><\/p>\n<p style=\"text-align: right\"><em>Dominique Drouet pour le Clairon de l&rsquo;Atax le 16\/01\/2025<\/em><\/p>\n<p>&nbsp;<\/p>\n<p style=\"text-align: center\">\u00a0<\/p>\n<p>&nbsp;<\/p>\n<script type=\"text\/javascript\"> var tt_store_content = \"L'acception la plus r\u00e9pandue du terme '\\<em\\><span class='tooltipsall tooltip_post_id_5218 classtoolTips53'>jacobin<\/span>\\<\\\/em\\>' peut se r\u00e9sumer \u00e0 ce qui suit, trouv\u00e9 sur Wikipedia\\. Cela n'en constitue pas pour autant une d\u00e9finition absolue\\.<br\/>\\<p style\\='text\\-align\\: justify;'\\><br\/>Le mot \\<em\\>jacobinisme\\<\\\/em\\> d\u00e9signe aujourd'hui une doctrine qui tend \u00e0 organiser le pouvoir de fa\u00e7on administrative \\(bureaucratie\\) et centralis\u00e9e \\(centralisation\\) et \u00e0 le faire exercer par une petite \u00e9lite de techniciens \\(technocratie\\) qui \u00e9tendent leur comp\u00e9tence \u00e0 tous les \u00e9chelons g\u00e9ographiques et \u00e0 tous les domaines de la vie sociale afin de les rendre uniformes, ce qui en fait l'adversaire du r\u00e9gionalisme\\.\\<\\\/p\\>\"; toolTips('.classtoolTips53',tt_store_content,'5218'); <\/script><script type=\"text\/javascript\"> var tt_store_content = \"L'acception la plus r\u00e9pandue du terme '\\<em\\>jacobin\\<\\\/em\\>' peut se r\u00e9sumer \u00e0 ce qui suit, trouv\u00e9 sur Wikipedia\\. Cela n'en constitue pas pour autant une d\u00e9finition absolue\\.<br\/>\\<p style\\='text\\-align\\: justify;'\\><br\/>Le mot \\<em\\>jacobinisme\\<\\\/em\\> d\u00e9signe aujourd'hui une doctrine qui tend \u00e0 organiser le pouvoir de fa\u00e7on administrative \\(bureaucratie\\) et centralis\u00e9e \\(centralisation\\) et \u00e0 le faire exercer par une petite \u00e9lite de techniciens \\(technocratie\\) qui \u00e9tendent leur comp\u00e9tence \u00e0 tous les \u00e9chelons g\u00e9ographiques et \u00e0 tous les domaines de la vie sociale afin de les rendre uniformes, ce qui en fait l'adversaire du r\u00e9gionalisme\\.\\<\\\/p\\>\"; toolTips('.classtoolTips53',tt_store_content,'5218'); <\/script><script type=\"text\/javascript\"> var tt_store_content = \"\\<p style\\='text\\-align\\: center;'\\>\\<span style\\='font\\-size\\: 14pt;'\\>\\<strong\\>C\\<\\\/strong\\>entre \\<strong\\>N\\<\\\/strong\\>ational de la \\<strong\\>R\\<\\\/strong\\>echerche \\<strong\\>S\\<\\\/strong\\>cientifique\\<\\\/span\\>\\<\\\/p\\><br\/>&nbsp;<br\/><br\/>\\<a href\\='https\\:\\\/\\\/fr\\.wikipedia\\.org\\\/wiki\\\/Centre_national_de_la_recherche_scientifique' target\\='_blank' rel\\='noopener'\\>Acc\u00e9der ici \u00e0 la fiche Wikipedia du CNRS\\<\\\/a\\><br\/>\\<a href\\='http\\:\\\/\\\/www\\.cnrs\\.fr\\\/' target\\='_blank' rel\\='noopener'\\>Acc\u00e9der ici au site du CNRS\\<\\\/a\\>\"; toolTips('.classtoolTips101',tt_store_content,'5636'); <\/script><script type=\"text\/javascript\"> var tt_store_content = \"Le <span class='tooltipsall tooltip_post_id_3743 classtoolTips128'>CIRC<\/span> est le&nbsp; \\<a href\\='https\\:\\\/\\\/fr\\.wikipedia\\.org\\\/wiki\\\/Centre_international_de_recherche_sur_le_cancer' target\\='_blank' rel\\='noopener'\\>Centre international de Recherche sur le Cancer\\<\\\/a\\>, cr\u00e9\u00e9 en 1965 par l\u2019\\<a href\\='https\\:\\\/\\\/fr\\.wikipedia\\.org\\\/wiki\\\/Organisation_mondiale_de_la_sant%C3%A9' target\\='_blank' rel\\='noopener'\\>Organisation Mondiale de la Sant\u00e9\\<\\\/a\\> \\(OMS\\) des \\<a href\\='https\\:\\\/\\\/fr\\.wikipedia\\.org\\\/wiki\\\/Organisation_des_Nations_unies' target\\='_blank' rel\\='noopener'\\>Nations Unies\\<\\\/a\\>\\.\"; toolTips('.classtoolTips128',tt_store_content,'3743'); <\/script><script type=\"text\/javascript\"> var tt_store_content = \"\\<p\\><span class='tooltipsall tooltip_post_id_19394 classtoolTips134'>SAGE<\/span> \\= \\<span class\\='st'\\> sch\u00e9ma d'am\u00e9nagement et de gestion de l'eau\\<\\\/span\\> , c'est un outil de planification qui concerne l'ensemble des eaux situ\u00e9es dans un bassin versant\\<\\\/p\\>\"; toolTips('.classtoolTips134',tt_store_content,'19394'); <\/script><script type=\"text\/javascript\"> var tt_store_content = \"\\<p style\\='text\\-align\\: center;'\\>\\<strong\\>\\<span style\\='font\\-size\\: 14pt;'\\>S\\<\\\/span\\>\\<\\\/strong\\>\\<span style\\='font\\-size\\: 14pt;'\\>oci\u00e9t\u00e9 d'\\<strong\\>\u00c9\\<\\\/strong\\>conomie \\<strong\\>M\\<\\\/strong\\>ixte\\<\\\/span\\>\\<\\\/p\\><br\/>\\<p style\\='text\\-align\\: justify;'\\>En France, une soci\u00e9t\u00e9 d'\u00e9conomie mixte est une soci\u00e9t\u00e9 anonyme dont le capital est majoritairement d\u00e9tenu par une ou plusieurs personnes publiques \\(\u00e0 savoir l'\u00c9tat, une Collectivit\u00e9 territoriale, ou tout autre \u00c9tablissement public\\)\\. Cette participation majoritaire publique est plafonn\u00e9e \u00e0 85&nbsp;% du capital depuis la Loi du 2 janvier 2002\\. Au moins une personne priv\u00e9e doit participer au capital de la <span class='tooltipsall tooltip_post_id_7168 classtoolTips142'>SEM<\/span>, sachant qu'il peut s'agir d'une autre SEM\\.\\<\\\/p\\><br\/>\\<p style\\='text\\-align\\: justify;'\\>\\<strong\\>Le recours \u00e0 la SEM garantit\\<\\\/strong\\> \u00e0 la collectivit\u00e9 publique actionnaire et cocontractante \\<strong\\>la prise en compte effective de l'int\u00e9r\u00eat g\u00e9n\u00e9ral\\<\\\/strong\\> dans les objectifs de l'entreprise \\<strong\\>et la souplesse de la soci\u00e9t\u00e9 de droit priv\u00e9\\<\\\/strong\\>\\.\\<\\\/p\\><br\/>\\<em\\>\\<a href\\='https\\:\\\/\\\/fr\\.wikipedia\\.org\\\/wiki\\\/Soci%C3%A9t%C3%A9_d%27%C3%A9conomie_mixte' target\\='_blank' rel\\='noopener'\\>Voir ici la page Wikipedia consacr\u00e9e aux SEM\\<\\\/a\\> \\<\\\/em\\><br\/><br\/>&nbsp;\"; toolTips('.classtoolTips142',tt_store_content,'7168'); <\/script><script type=\"text\/javascript\"> var tt_store_content = \"\\<p style\\='text\\-align\\: center;'\\>\\<span style\\='font\\-size\\: 14pt;'\\>\\<strong\\>I\\<\\\/strong\\>mp\u00f4t sur la \\<strong\\>F\\<\\\/strong\\>ortune \\<strong\\>I\\<\\\/strong\\>mmobili\u00e8re\\<\\\/span\\>\\<\\\/p\\>\"; toolTips('.classtoolTips148',tt_store_content,'5643'); <\/script><script type=\"text\/javascript\"> var tt_store_content = \"\\<p style\\='text\\-align\\: center;'\\>\\<span style\\='font\\-size\\: 14pt;'\\>\\<strong\\>R\\<\\\/strong\\>\u00e9pertoire \\<strong\\>N\\<\\\/strong\\>ational des \\<strong\\>A\\<\\\/strong\\>ssociations\\<\\\/span\\>\\<\\\/p\\>\"; toolTips('.classtoolTips159',tt_store_content,'24374'); <\/script><script type=\"text\/javascript\"> var tt_store_content = \"\\<p style\\='text\\-align\\: justify'\\>La \u00ab\u00a0\\<b\\>programmation pluriannuelle de l'\u00e9nergie\\<\\\/b\\>\u00a0\u00bb \\(<span class='tooltipsall tooltip_post_id_7750 classtoolTips164'>PPE<\/span>\\) est, en France, un document strat\u00e9gique de pilotage de la transition \u00e9nerg\u00e9tique\\. Institu\u00e9e par l'article 176 de la \\<a title\\='Loi relative \u00e0 la transition \u00e9nerg\u00e9tique pour la croissance verte' href\\='https\\:\\\/\\\/fr\\.wikipedia\\.org\\\/wiki\\\/Loi_relative_%C3%A0_la_transition_%C3%A9nerg%C3%A9tique_pour_la_croissance_verte'\\>loi de transition \u00e9nerg\u00e9tique\\<\\\/a\\> \\(TECV\\), elle fixe une trajectoire pour le \\<a title\\='Mix \u00e9nerg\u00e9tique' href\\='https\\:\\\/\\\/fr\\.wikipedia\\.org\\\/wiki\\\/Mix_%C3%A9nerg%C3%A9tique'\\>mix \u00e9nerg\u00e9tique\\<\\\/a\\>, ainsi que \\<span class\\='citation'\\>\u00ab\u00a0les priorit\u00e9s d'action pour la gestion de l\u2019ensemble des formes d'\u00e9nergie sur le territoire m\u00e9tropolitain continental, afin d\u2019atteindre les objectifs nationaux fix\u00e9s par la loi\u00a0\u00bb\\<\\\/span\\>\\. \\(Wikip\u00e9dia\\)\\<\\\/p\\>\"; toolTips('.classtoolTips164',tt_store_content,'7750'); <\/script><script type=\"text\/javascript\"> var tt_store_content = \"\\<p style\\='text\\-align\\: justify'\\>La \u00ab\u00a0\\<b\\>programmation pluriannuelle de l'\u00e9nergie\\<\\\/b\\>\u00a0\u00bb \\(PPE\\) est, en France, un document strat\u00e9gique de pilotage de la transition \u00e9nerg\u00e9tique\\. Institu\u00e9e par l'article 176 de la \\<a title\\='Loi relative \u00e0 la transition \u00e9nerg\u00e9tique pour la croissance verte' href\\='https\\:\\\/\\\/fr\\.wikipedia\\.org\\\/wiki\\\/Loi_relative_%C3%A0_la_transition_%C3%A9nerg%C3%A9tique_pour_la_croissance_verte'\\>loi de transition \u00e9nerg\u00e9tique\\<\\\/a\\> \\(TECV\\), elle fixe une trajectoire pour le \\<a title\\='Mix \u00e9nerg\u00e9tique' href\\='https\\:\\\/\\\/fr\\.wikipedia\\.org\\\/wiki\\\/Mix_%C3%A9nerg%C3%A9tique'\\>mix \u00e9nerg\u00e9tique\\<\\\/a\\>, ainsi que \\<span class\\='citation'\\>\u00ab\u00a0les priorit\u00e9s d'action pour la gestion de l\u2019ensemble des formes d'\u00e9nergie sur le territoire m\u00e9tropolitain continental, afin d\u2019atteindre les objectifs nationaux fix\u00e9s par la loi\u00a0\u00bb\\<\\\/span\\>\\. \\(Wikip\u00e9dia\\)\\<\\\/p\\>\"; toolTips('.classtoolTips164',tt_store_content,'7750'); <\/script><script type=\"text\/javascript\"> var tt_store_content = \"\\<p style\\='text\\-align\\: justify;'\\>Le Conseil d'Orientation des Retraites est une instance qui r\u00e9unit &nbsp;\\<span class\\='st'\\>les principaux acteurs du champ des retraites\\<\\\/span\\> et effectue un travail d'\u00e9tudes et de concertation\\. Compos\u00e9 de parlementaires, de repr\u00e9sentants des organisations professionnelles et syndicales, des retrait\u00e9s et des familles, de membres de l'administration et d'experts, le Conseil d'orientation des retraites \\(<span class='tooltipsall tooltip_post_id_7751 classtoolTips165'>COR<\/span>\\) est plac\u00e9 aupr\u00e8s du Premier ministre\\.\\<\\\/p\\>\"; toolTips('.classtoolTips165',tt_store_content,'7751'); <\/script><script type=\"text\/javascript\"> var tt_store_content = \"Energies Renouvelables\"; toolTips('.classtoolTips167',tt_store_content,'7758'); <\/script><script type=\"text\/javascript\"> var tt_store_content = \"Energies Renouvelables\"; toolTips('.classtoolTips167',tt_store_content,'7758'); <\/script><script type=\"text\/javascript\"> var tt_store_content = \"\\<p style\\='text\\-align\\: center;'\\>\\<span style\\='font\\-size\\: 14pt;'\\>\\<strong\\>O\\<\\\/strong\\>rganisation \\<strong\\>M\\<\\\/strong\\>\u00e9t\u00e9orologique \\<strong\\>M\\<\\\/strong\\>ondiale<br\/>\\<strong\\>W\\<\\\/strong\\>orld \\<strong\\>M\\<\\\/strong\\>eteorological \\<strong\\>O\\<\\\/strong\\>rganization\\<\\\/span\\>\\<\\\/p\\><br\/>&nbsp;<br\/><br\/>\\<a href\\='https\\:\\\/\\\/public\\.wmo\\.int\\\/fr' target\\='_blank' rel\\='noopener'\\>\\<em\\>Acc\u00e9der ici au site de l'organisation\\<\\\/em\\>\\<\\\/a\\>\"; toolTips('.classtoolTips168',tt_store_content,'7763'); <\/script><script type=\"text\/javascript\"> var tt_store_content = \"\\<p\\><span class='tooltipsall tooltip_post_id_20308 classtoolTips169'>FED<\/span> \\= abr\u00e9viation de 'Federal Reserve System'\\. C'est la banque centrale des Etats Unis\\. elle est ind\u00e9pendante du pouvoir politique\\.\\<\\\/p\\>\"; toolTips('.classtoolTips169',tt_store_content,'20308'); <\/script><script type=\"text\/javascript\"> var tt_store_content = \"\\<p\\>FED \\= abr\u00e9viation de 'Federal Reserve System'\\. C'est la banque centrale des Etats Unis\\. elle est ind\u00e9pendante du pouvoir politique\\.\\<\\\/p\\>\"; toolTips('.classtoolTips169',tt_store_content,'20308'); <\/script><script type=\"text\/javascript\"> var tt_store_content = \"\\<p style\\='text\\-align\\: center;'\\>\\<span style\\='font\\-size\\: 14pt;'\\>\\<strong\\>\u00c9\\<\\\/strong\\>cole \\<strong\\>N\\<\\\/strong\\>ationale d'\\<strong\\>A\\<\\\/strong\\>dministration\\<\\\/span\\>\\<\\\/p\\>\"; toolTips('.classtoolTips170',tt_store_content,'5213'); <\/script><script type=\"text\/javascript\"> var tt_store_content = \"\\<p style\\='text\\-align\\: justify'\\>\\<span class\\='ILfuVd'\\>La politique agricole commune \\(\\<b\\><span class='tooltipsall tooltip_post_id_11364 classtoolTips174'>PAC<\/span>\\<\\\/b\\>\\) est une politique mise en place \u00e0 l'\u00e9chelle de l'Union europ\u00e9enne\\. \u00c0 l'origine, elle est fond\u00e9e principalement sur des mesures de contr\u00f4le des prix et de subventionnement, visant \u00e0 moderniser et d\u00e9velopper l'agriculture\\.\\<\\\/span\\> \\(source Wikipedia\\)\\<\\\/p\\>\"; toolTips('.classtoolTips174',tt_store_content,'11364'); <\/script><script type=\"text\/javascript\"> var tt_store_content = \"\\<p style\\='text\\-align\\: center;'\\>\\<span style\\='font\\-size\\: 14pt;'\\>\\<strong\\>P\\<\\\/strong\\>\\<\\\/span\\>\\<span style\\='font\\-size\\: 14pt;'\\>lan \\<strong\\>L\\<\\\/strong\\>\\<\\\/span\\>\\<span style\\='font\\-size\\: 14pt;'\\>ocal d'\\<strong\\>U\\<\\\/strong\\>\\<\\\/span\\>\\<span style\\='font\\-size\\: 14pt;'\\>rbanisme\\<\\\/span\\>\\<\\\/p\\><br\/>&nbsp;\"; toolTips('.classtoolTips176',tt_store_content,'4979'); <\/script><script type=\"text\/javascript\"> var tt_store_content = \"\\<p style\\='text\\-align\\: center;'\\>\\<strong\\>P\\<\\\/strong\\>roduit \\<strong\\>I\\<\\\/strong\\>nt\u00e9rieur \\<strong\\>B\\<\\\/strong\\>rut\\<\\\/p\\><br\/>Indicateur \u00e9conomique, le PIB repr\u00e9sente la valeur de la richesse \\('valeur ajout\u00e9e\\)' cr\u00e9\u00e9e par un territoire donn\u00e9, pendant une p\u00e9riode donn\u00e9e, par les activit\u00e9s \u00e9conomiques situ\u00e9es sur ce territoire\\. En g\u00e9n\u00e9ral, on parle de PIB pour une ann\u00e9e donn\u00e9e\\.<br\/><br\/>\\<a href\\='https\\:\\\/\\\/fr\\.wikipedia\\.org\\\/wiki\\\/Produit_int%C3%A9rieur_brut' target\\='_blank' rel\\='noopener'\\>Voir ici la fiche Wikipedia sur le sujet\\<\\\/a\\><br\/><br\/>&nbsp;\"; toolTips('.classtoolTips177',tt_store_content,'4470'); <\/script><script type=\"text\/javascript\"> var tt_store_content = \"\\<p\\>Conseil \u00c9conomique et Social\\<\\\/p\\>\"; toolTips('.classtoolTips180',tt_store_content,'29829'); <\/script><script type=\"text\/javascript\"> var tt_store_content = \"\\<p style\\='text\\-align\\: center;'\\>\\<strong\\>Conseil National de la R\u00e9sistance\\<\\\/strong\\>\\<\\\/p\\><br\/>\\<p style\\='text\\-align\\: center;'\\>\\<a href\\='https\\:\\\/\\\/fr\\.wikipedia\\.org\\\/wiki\\\/Conseil_national_de_la_R%C3%A9sistance' target\\='_blank' rel\\='noopener'\\>\\(voir ici la fiche Wikip\u00e9dia du <span class='tooltipsall tooltip_post_id_3761 classtoolTips187'>CNR<\/span>\\)\\<\\\/a\\>\\<\\\/p\\>\"; toolTips('.classtoolTips187',tt_store_content,'3761'); <\/script><script type=\"text\/javascript\"> var tt_store_content = \"\\<p style\\='text\\-align\\: center;'\\>\\<span style\\='font\\-size\\: 14pt;'\\>\\<strong\\>G\\<\\\/strong\\>roupement \\<strong\\>H\\<\\\/strong\\>ospitalier de \\<strong\\>T\\<\\\/strong\\>erritoire\\<\\\/span\\>\\<\\\/p\\><br\/>\\<p style\\='text\\-align\\: justify;'\\>Les groupements hospitaliers de territoires, dispositif pr\u00e9vu par la loi de sant\u00e9 2016, sont un nouveau mode de coop\u00e9ration entre les \u00e9tablissements publics de sant\u00e9 \u00e0 l\u2019\u00e9chelle d\u2019un territoire\\<\\\/p\\>\"; toolTips('.classtoolTips189',tt_store_content,'18358'); <\/script><script type=\"text\/javascript\"> var tt_store_content = \"\\<p style\\='text\\-align\\: center;'\\>\\<span style\\='font\\-size\\: 14pt;'\\>\\<strong\\>C\\<\\\/strong\\>omit\u00e9 \\<strong\\>T\\<\\\/strong\\>echnique d'\\<strong\\>\u00c9\\<\\\/strong\\>tablissement\\<\\\/span\\>\\<\\\/p\\>\"; toolTips('.classtoolTips191',tt_store_content,'18359'); <\/script><script type=\"text\/javascript\"> var tt_store_content = \"\\<p style\\='text\\-align\\: center;'\\>\\<strong\\>\\<span style\\='font\\-size\\: 14pt;'\\>P\\<\\\/span\\>\\<\\\/strong\\>\\<span style\\='font\\-size\\: 14pt;'\\>rogrammation \\<strong\\>P\\<\\\/strong\\>luri\\-annuelle de l'\\<strong\\>\u00c9\\<\\\/strong\\>nergie\\<\\\/span\\>\\<\\\/p\\><br\/>La PPE est est en France un document strat\u00e9gique de pilotage de la transition \u00e9nerg\u00e9tique\\. Institu\u00e9e par l'article 176 de la loi transition \u00e9nerg\u00e9tique \\(TECV\\)\\. Elle fixe \\(par \u00e9nergie\\) une trajectoire pour le mix \u00e9nerg\u00e9tique, ainsi que \u00ab&nbsp;\\<em\\>les priorit\u00e9s d'action pour la gestion de l\u2019ensemble des formes d'\u00e9nergie sur le territoire m\u00e9tropolitain continental, afin d\u2019atteindre les objectifs nationaux fix\u00e9s par la loi\\<\\\/em\\>&nbsp;\u00bb\\.<br\/><br\/>Initi\u00e9e en 2016, elle est r\u00e9vis\u00e9e en 2018 puis ensuite tous les 5 ans\\.<br\/><br\/>\\<a href\\='https\\:\\\/\\\/fr\\.wikipedia\\.org\\\/wiki\\\/Programmation_pluriannuelle_de_l'\u00e9nergi' target\\='_blank' rel\\='noopener'\\>\\<em\\>Voir ici la page Wikipedia consacr\u00e9e \u00e0 la PPE\\<\\\/em\\>\\<\\\/a\\><br\/>\\<a href\\='https\\:\\\/\\\/ppe\\.debatpublic\\.fr\\\/' target\\='_blank' rel\\='noopener'\\>\\<em\\>Voir ici la page du site 'Commission du D\u00e9bat Public' consacr\u00e9e \u00e0 la PPE\\<\\\/em\\>\\<\\\/a\\>\"; toolTips('.classtoolTips193',tt_store_content,'7102'); <\/script><script type=\"text\/javascript\"> var tt_store_content = \"\\<p style\\='text\\-align\\: center;'\\>\\<span style\\='font\\-size\\: 14pt;'\\>\\<strong\\>E\\<\\\/strong\\>volutionary \\<strong\\>P\\<\\\/strong\\>ower \\<strong\\>R\\<\\\/strong\\>eactor\\<\\\/span\\>\\<\\\/p\\><br\/>\\<p style\\='text\\-align\\: justify;'\\>R\u00e9acteur nucl\u00e9aire de troisi\u00e8me g\u00e9n\u00e9ration \\(classification internationale\\), con\u00e7u et d\u00e9velopp\u00e9 par <span class='tooltipsall tooltip_post_id_5121 classtoolTips35'>Areva NP<\/span>&nbsp; au cours des ann\u00e9es 1990 et 2000\\. Il fait partie de la fili\u00e8re des r\u00e9acteurs \u00e0 eau pressuris\u00e9e\\.\\<\\\/p\\><br\/>\\<a href\\='https\\:\\\/\\\/fr\\.wikipedia\\.org\\\/wiki\\\/R%C3%A9acteur_pressuris%C3%A9_europ%C3%A9en' target\\='_blank' rel\\='noopener'\\>\\<em\\>Voir ici la fiche Wikipedia <span class='tooltipsall tooltip_post_id_5579 classtoolTips196'>EPR<\/span>\\<\\\/em\\>\\<\\\/a\\>\"; toolTips('.classtoolTips196',tt_store_content,'5579'); <\/script><script type=\"text\/javascript\"> var tt_store_content = \"\\<p style\\='text\\-align\\: center;'\\>\\<strong\\>R\\<\\\/strong\\>\u00e9seau \\<strong\\>A\\<\\\/strong\\>ction \\<strong\\>C\\<\\\/strong\\>limat\\<\\\/p\\><br\/>Le r\u00e9seau Action Climat '\\<em\\>f\u00e9d\u00e8re les associations impliqu\u00e9es dans la lutte contre les changements climatiques et pour une transition \u00e9cologique, solidaire et \u00e9quitable\\<\\\/em\\>'\\.<br\/><br\/>\\<a href\\='https\\:\\\/\\\/reseauactionclimat\\.org\\\/' target\\='_blank' rel\\='noopener'\\>Voir le site du <span class='tooltipsall tooltip_post_id_4309 classtoolTips200'>RAC<\/span>\\<\\\/a\\>\"; toolTips('.classtoolTips200',tt_store_content,'4309'); <\/script><script type=\"text\/javascript\"> var tt_store_content = \"\\<p style\\='text\\-align\\: center;'\\>\\<strong\\>\\<span style\\='font\\-size\\: 14pt;'\\>R\\<\\\/span\\>\\<\\\/strong\\>\\<span style\\='font\\-size\\: 14pt;'\\>eferendum d'\\<strong\\>I\\<\\\/strong\\>nitiative \\<strong\\>C\\<\\\/strong\\>itoyenne\\<\\\/span\\>\\<\\\/p\\>\"; toolTips('.classtoolTips205',tt_store_content,'12268'); <\/script><script type=\"text\/javascript\"> var tt_store_content = \"\\<p\\><span class='tooltipsall tooltip_post_id_25844 classtoolTips208'>RTE<\/span> \\= R\u00e9seau de Transport d'Electricit\u00e9 est une filiale d'<span class='tooltipsall tooltip_post_id_7035 classtoolTips178'>EDF<\/span> qui est l'actionnaire majoritaire avec 50,1% des parts le reste \u00e9tant partag\u00e9 par la CDC et la CNP\\<\\\/p\\>\"; toolTips('.classtoolTips208',tt_store_content,'25844'); <\/script><script type=\"text\/javascript\"> var tt_store_content = \"\\<p style\\='text\\-align\\: center;'\\>\\<span style\\='font\\-size\\: 14pt;'\\>\\<strong\\>O\\<\\\/strong\\>rganisation\\<strong\\> N\\<\\\/strong\\>on\\<strong\\> G\\<\\\/strong\\>ouvernementale\\<\\\/span\\>\\<\\\/p\\><br\/>Une organisation non gouvernementale \\(<span class='tooltipsall tooltip_post_id_3579 classtoolTips210'>ONG<\/span>\\) est une \\<a title\\='Association \u00e0 but non lucratif' href\\='https\\:\\\/\\\/fr\\.wikipedia\\.org\\\/wiki\\\/Association_%C3%A0_but_non_lucratif' target\\='_blank' rel\\='noopener'\\>association \u00e0 but non lucratif\\<\\\/a\\>, d'int\u00e9r\u00eat public, qui ne rel\u00e8ve ni de l'\u00c9tat, ni d'institutions internationales\\<sup id\\='cite_ref\\-novethic_1\\-0' class\\='reference'\\>\\<\\\/sup\\>\\. Les ONG n'ont pas le statut de sujet de \\<a title\\='Droit international public' href\\='https\\:\\\/\\\/fr\\.wikipedia\\.org\\\/wiki\\\/Droit_international_public' target\\='_blank' rel\\='noopener'\\>droit international\\<\\\/a\\>\\.\"; toolTips('.classtoolTips210',tt_store_content,'3579'); <\/script><script type=\"text\/javascript\"> var tt_store_content = \"\\<p style\\='text\\-align\\: center;'\\>\\<span style\\='font\\-size\\: 14pt;'\\>\\<strong\\>O\\<\\\/strong\\>rganisation\\<strong\\> N\\<\\\/strong\\>on\\<strong\\> G\\<\\\/strong\\>ouvernementale\\<\\\/span\\>\\<\\\/p\\><br\/>Une organisation non gouvernementale \\(ONG\\) est une \\<a title\\='Association \u00e0 but non lucratif' href\\='https\\:\\\/\\\/fr\\.wikipedia\\.org\\\/wiki\\\/Association_%C3%A0_but_non_lucratif' target\\='_blank' rel\\='noopener'\\>association \u00e0 but non lucratif\\<\\\/a\\>, d'int\u00e9r\u00eat public, qui ne rel\u00e8ve ni de l'\u00c9tat, ni d'institutions internationales\\<sup id\\='cite_ref\\-novethic_1\\-0' class\\='reference'\\>\\<\\\/sup\\>\\. Les ONG n'ont pas le statut de sujet de \\<a title\\='Droit international public' href\\='https\\:\\\/\\\/fr\\.wikipedia\\.org\\\/wiki\\\/Droit_international_public' target\\='_blank' rel\\='noopener'\\>droit international\\<\\\/a\\>\\.\"; toolTips('.classtoolTips210',tt_store_content,'3579'); <\/script><script type=\"text\/javascript\"> var tt_store_content = \"\\<p\\><span class='tooltipsall tooltip_post_id_24572 classtoolTips211'>MIT<\/span> \\= Massachussets Institute of Technology, prestigieuse universit\u00e9 am\u00e9ricaine de la c\u00f4te est\\<\\\/p\\>\"; toolTips('.classtoolTips211',tt_store_content,'24572'); <\/script><script type=\"text\/javascript\"> var tt_store_content = \"\\<p style\\='text\\-align\\: center;'\\>\\<strong\\>J\\<\\\/strong\\>eux \\<strong\\>O\\<\\\/strong\\>lympiques<br\/>ou<br\/>\\<strong\\>J\\<\\\/strong\\>ournal \\<strong\\>O\\<\\\/strong\\>fficiel de la R\u00e9publique Fran\u00e7aise\\<\\\/p\\>\"; toolTips('.classtoolTips213',tt_store_content,'4451'); <\/script><script type=\"text\/javascript\"> var tt_store_content = \"\\<p\\><span class='tooltipsall tooltip_post_id_30593 classtoolTips214'>RN<\/span> \\= Rassemble National, c'est le parti d'extr\u00eame droite de Marine Le Pen qui succ\u00e8de au FN \\= Front National fond\u00e9 par son p\u00e8re Jean Marie Le Pen\\<\\\/p\\>\"; toolTips('.classtoolTips214',tt_store_content,'30593'); <\/script><script type=\"text\/javascript\"> var tt_store_content = \"\\<p style\\='text\\-align\\: center;'\\>\\<span style\\='font\\-size\\: 14pt;'\\>\\<strong\\>C\\<\\\/strong\\>entre \\<strong\\>H\\<\\\/strong\\>ospitalier\\<\\\/span\\>\\<\\\/p\\>\"; toolTips('.classtoolTips220',tt_store_content,'18357'); <\/script><script type=\"text\/javascript\"> var tt_store_content = \"\\<p\\>D\u00e9chets radioactifs \u00e0 Haute Activit\u00e9 \\(classement <span class='tooltipsall tooltip_post_id_3612 classtoolTips79'>ANDRA<\/span>\\)\\<\\\/p\\>\"; toolTips('.classtoolTips223',tt_store_content,'19196'); <\/script>","protected":false},"excerpt":{"rendered":"<p>Parlement f\u00e9d\u00e9ral Suisse Berne (image par Daniel Keller de Pixabay) La crise institutionnelle couvait depuis longtemps, mais \u00e0 pr\u00e9sent 7 ans de gouvernance macroniste l&rsquo;on conduite \u00e0 son acm\u00e9. La question de son rem\u00e8de se pose avec urgence, mais aurons-nous les capacit\u00e9s intellectuelles, morales et politiques n\u00e9cessaires pour le trouver et l&rsquo;appliquer ? Le ClaironLire la suite &rarr;<script type=\"text\/javascript\"> var tt_store_content = \"L'acception la plus r\u00e9pandue du terme '\\<em\\><span class='tooltipsall tooltip_post_id_5218 classtoolTips53'>jacobin<\/span>\\<\\\/em\\>' peut se r\u00e9sumer \u00e0 ce qui suit, trouv\u00e9 sur Wikipedia\\. Cela n'en constitue pas pour autant une d\u00e9finition absolue\\.<br \/>\\<\/p>\n<p style\\='text\\-align\\: justify;'\\>Le mot \\<em\\>jacobinisme\\<\\\/em\\> d\u00e9signe aujourd'hui une doctrine qui tend \u00e0 organiser le pouvoir de fa\u00e7on administrative \\(bureaucratie\\) et centralis\u00e9e \\(centralisation\\) et \u00e0 le faire exercer par une petite \u00e9lite de techniciens \\(technocratie\\) qui \u00e9tendent leur comp\u00e9tence \u00e0 tous les \u00e9chelons g\u00e9ographiques et \u00e0 tous les domaines de la vie sociale afin de les rendre uniformes, ce qui en fait l'adversaire du r\u00e9gionalisme\\.\\<\\\/p\\>\"; toolTips('.classtoolTips53',tt_store_content,'5218'); <\/script><script type=\"text\/javascript\"> var tt_store_content = \"L'acception la plus r\u00e9pandue du terme '\\<em\\>jacobin\\<\\\/em\\>' peut se r\u00e9sumer \u00e0 ce qui suit, trouv\u00e9 sur Wikipedia\\. Cela n'en constitue pas pour autant une d\u00e9finition absolue\\.<br \/>\\<\/p>\n<p style\\='text\\-align\\: justify;'\\>Le mot \\<em\\>jacobinisme\\<\\\/em\\> d\u00e9signe aujourd'hui une doctrine qui tend \u00e0 organiser le pouvoir de fa\u00e7on administrative \\(bureaucratie\\) et centralis\u00e9e \\(centralisation\\) et \u00e0 le faire exercer par une petite \u00e9lite de techniciens \\(technocratie\\) qui \u00e9tendent leur comp\u00e9tence \u00e0 tous les \u00e9chelons g\u00e9ographiques et \u00e0 tous les domaines de la vie sociale afin de les rendre uniformes, ce qui en fait l'adversaire du r\u00e9gionalisme\\.\\<\\\/p\\>\"; toolTips('.classtoolTips53',tt_store_content,'5218'); <\/script><script type=\"text\/javascript\"> var tt_store_content = \"\\<\/p>\n<p style\\='text\\-align\\: center;'\\>\\<span style\\='font\\-size\\: 14pt;'\\>\\<strong\\>C\\<\\\/strong\\>entre \\<strong\\>N\\<\\\/strong\\>ational de la \\<strong\\>R\\<\\\/strong\\>echerche \\<strong\\>S\\<\\\/strong\\>cientifique\\<\\\/span\\>\\<\\\/p\\><br \/>&nbsp;<\/p>\n<p>\\<a href\\='https\\:\\\/\\\/fr\\.wikipedia\\.org\\\/wiki\\\/Centre_national_de_la_recherche_scientifique' target\\='_blank' rel\\='noopener'\\>Acc\u00e9der ici \u00e0 la fiche Wikipedia du <span class='tooltipsall tooltip_post_id_5636 classtoolTips101'>CNRS<\/span>\\<\\\/a\\><br \/>\\<a href\\='http\\:\\\/\\\/www\\.cnrs\\.fr\\\/' target\\='_blank' rel\\='noopener'\\>Acc\u00e9der ici au site du CNRS\\<\\\/a\\>\"; toolTips('.classtoolTips101',tt_store_content,'5636'); <\/script><script type=\"text\/javascript\"> var tt_store_content = \"Le <span class='tooltipsall tooltip_post_id_3743 classtoolTips128'>CIRC<\/span> est le&nbsp; \\<a href\\='https\\:\\\/\\\/fr\\.wikipedia\\.org\\\/wiki\\\/Centre_international_de_recherche_sur_le_cancer' target\\='_blank' rel\\='noopener'\\>Centre international de Recherche sur le Cancer\\<\\\/a\\>, cr\u00e9\u00e9 en 1965 par l\u2019\\<a href\\='https\\:\\\/\\\/fr\\.wikipedia\\.org\\\/wiki\\\/Organisation_mondiale_de_la_sant%C3%A9' target\\='_blank' rel\\='noopener'\\>Organisation Mondiale de la Sant\u00e9\\<\\\/a\\> \\(OMS\\) des \\<a href\\='https\\:\\\/\\\/fr\\.wikipedia\\.org\\\/wiki\\\/Organisation_des_Nations_unies' target\\='_blank' rel\\='noopener'\\>Nations Unies\\<\\\/a\\>\\.\"; toolTips('.classtoolTips128',tt_store_content,'3743'); <\/script><script type=\"text\/javascript\"> var tt_store_content = \"\\<p\\><span class='tooltipsall tooltip_post_id_19394 classtoolTips134'>SAGE<\/span> \\= \\<span class\\='st'\\> sch\u00e9ma d'am\u00e9nagement et de gestion de l'eau\\<\\\/span\\> , c'est un outil de planification qui concerne l'ensemble des eaux situ\u00e9es dans un bassin versant\\<\\\/p\\>\"; toolTips('.classtoolTips134',tt_store_content,'19394'); <\/script><script type=\"text\/javascript\"> var tt_store_content = \"\\<\/p>\n<p style\\='text\\-align\\: center;'\\>\\<strong\\>\\<span style\\='font\\-size\\: 14pt;'\\>S\\<\\\/span\\>\\<\\\/strong\\>\\<span style\\='font\\-size\\: 14pt;'\\>oci\u00e9t\u00e9 d'\\<strong\\>\u00c9\\<\\\/strong\\>conomie \\<strong\\>M\\<\\\/strong\\>ixte\\<\\\/span\\>\\<\\\/p\\><br \/>\\<\/p>\n<p style\\='text\\-align\\: justify;'\\>En France, une soci\u00e9t\u00e9 d'\u00e9conomie mixte est une soci\u00e9t\u00e9 anonyme dont le capital est majoritairement d\u00e9tenu par une ou plusieurs personnes publiques \\(\u00e0 savoir l'\u00c9tat, une Collectivit\u00e9 territoriale, ou tout autre \u00c9tablissement public\\)\\. Cette participation majoritaire publique est plafonn\u00e9e \u00e0 85&nbsp;% du capital depuis la Loi du 2 janvier 2002\\. Au moins une personne priv\u00e9e doit participer au capital de la <span class='tooltipsall tooltip_post_id_7168 classtoolTips142'>SEM<\/span>, sachant qu'il peut s'agir d'une autre SEM\\.\\<\\\/p\\><br \/>\\<\/p>\n<p style\\='text\\-align\\: justify;'\\>\\<strong\\>Le recours \u00e0 la SEM garantit\\<\\\/strong\\> \u00e0 la collectivit\u00e9 publique actionnaire et cocontractante \\<strong\\>la prise en compte effective de l'int\u00e9r\u00eat g\u00e9n\u00e9ral\\<\\\/strong\\> dans les objectifs de l'entreprise \\<strong\\>et la souplesse de la soci\u00e9t\u00e9 de droit priv\u00e9\\<\\\/strong\\>\\.\\<\\\/p\\><br \/>\\<em\\>\\<a href\\='https\\:\\\/\\\/fr\\.wikipedia\\.org\\\/wiki\\\/Soci%C3%A9t%C3%A9_d%27%C3%A9conomie_mixte' target\\='_blank' rel\\='noopener'\\>Voir ici la page Wikipedia consacr\u00e9e aux SEM\\<\\\/a\\> \\<\\\/em\\><\/p>\n<p>&nbsp;\"; toolTips('.classtoolTips142',tt_store_content,'7168'); <\/script><script type=\"text\/javascript\"> var tt_store_content = \"\\<\/p>\n<p style\\='text\\-align\\: center;'\\>\\<span style\\='font\\-size\\: 14pt;'\\>\\<strong\\>I\\<\\\/strong\\>mp\u00f4t sur la \\<strong\\>F\\<\\\/strong\\>ortune \\<strong\\>I\\<\\\/strong\\>mmobili\u00e8re\\<\\\/span\\>\\<\\\/p\\>\"; toolTips('.classtoolTips148',tt_store_content,'5643'); <\/script><script type=\"text\/javascript\"> var tt_store_content = \"\\<\/p>\n<p style\\='text\\-align\\: center;'\\>\\<span style\\='font\\-size\\: 14pt;'\\>\\<strong\\>R\\<\\\/strong\\>\u00e9pertoire \\<strong\\>N\\<\\\/strong\\>ational des \\<strong\\>A\\<\\\/strong\\>ssociations\\<\\\/span\\>\\<\\\/p\\>\"; toolTips('.classtoolTips159',tt_store_content,'24374'); <\/script><script type=\"text\/javascript\"> var tt_store_content = \"\\<\/p>\n<p style\\='text\\-align\\: justify'\\>La \u00ab\u00a0\\<b\\>programmation pluriannuelle de l'\u00e9nergie\\<\\\/b\\>\u00a0\u00bb \\(<span class='tooltipsall tooltip_post_id_7750 classtoolTips164'>PPE<\/span>\\) est, en France, un document strat\u00e9gique de pilotage de la transition \u00e9nerg\u00e9tique\\. Institu\u00e9e par l'article 176 de la \\<a title\\='Loi relative \u00e0 la transition \u00e9nerg\u00e9tique pour la croissance verte' href\\='https\\:\\\/\\\/fr\\.wikipedia\\.org\\\/wiki\\\/Loi_relative_%C3%A0_la_transition_%C3%A9nerg%C3%A9tique_pour_la_croissance_verte'\\>loi de transition \u00e9nerg\u00e9tique\\<\\\/a\\> \\(TECV\\), elle fixe une trajectoire pour le \\<a title\\='Mix \u00e9nerg\u00e9tique' href\\='https\\:\\\/\\\/fr\\.wikipedia\\.org\\\/wiki\\\/Mix_%C3%A9nerg%C3%A9tique'\\>mix \u00e9nerg\u00e9tique\\<\\\/a\\>, ainsi que \\<span class\\='citation'\\>\u00ab\u00a0les priorit\u00e9s d'action pour la gestion de l\u2019ensemble des formes d'\u00e9nergie sur le territoire m\u00e9tropolitain continental, afin d\u2019atteindre les objectifs nationaux fix\u00e9s par la loi\u00a0\u00bb\\<\\\/span\\>\\. \\(Wikip\u00e9dia\\)\\<\\\/p\\>\"; toolTips('.classtoolTips164',tt_store_content,'7750'); <\/script><script type=\"text\/javascript\"> var tt_store_content = \"\\<\/p>\n<p style\\='text\\-align\\: justify'\\>La \u00ab\u00a0\\<b\\>programmation pluriannuelle de l'\u00e9nergie\\<\\\/b\\>\u00a0\u00bb \\(PPE\\) est, en France, un document strat\u00e9gique de pilotage de la transition \u00e9nerg\u00e9tique\\. Institu\u00e9e par l'article 176 de la \\<a title\\='Loi relative \u00e0 la transition \u00e9nerg\u00e9tique pour la croissance verte' href\\='https\\:\\\/\\\/fr\\.wikipedia\\.org\\\/wiki\\\/Loi_relative_%C3%A0_la_transition_%C3%A9nerg%C3%A9tique_pour_la_croissance_verte'\\>loi de transition \u00e9nerg\u00e9tique\\<\\\/a\\> \\(TECV\\), elle fixe une trajectoire pour le \\<a title\\='Mix \u00e9nerg\u00e9tique' href\\='https\\:\\\/\\\/fr\\.wikipedia\\.org\\\/wiki\\\/Mix_%C3%A9nerg%C3%A9tique'\\>mix \u00e9nerg\u00e9tique\\<\\\/a\\>, ainsi que \\<span class\\='citation'\\>\u00ab\u00a0les priorit\u00e9s d'action pour la gestion de l\u2019ensemble des formes d'\u00e9nergie sur le territoire m\u00e9tropolitain continental, afin d\u2019atteindre les objectifs nationaux fix\u00e9s par la loi\u00a0\u00bb\\<\\\/span\\>\\. \\(Wikip\u00e9dia\\)\\<\\\/p\\>\"; toolTips('.classtoolTips164',tt_store_content,'7750'); <\/script><script type=\"text\/javascript\"> var tt_store_content = \"\\<\/p>\n<p style\\='text\\-align\\: justify;'\\>Le Conseil d'Orientation des Retraites est une instance qui r\u00e9unit &nbsp;\\<span class\\='st'\\>les principaux acteurs du champ des retraites\\<\\\/span\\> et effectue un travail d'\u00e9tudes et de concertation\\. Compos\u00e9 de parlementaires, de repr\u00e9sentants des organisations professionnelles et syndicales, des retrait\u00e9s et des familles, de membres de l'administration et d'experts, le Conseil d'orientation des retraites \\(<span class='tooltipsall tooltip_post_id_7751 classtoolTips165'>COR<\/span>\\) est plac\u00e9 aupr\u00e8s du Premier ministre\\.\\<\\\/p\\>\"; toolTips('.classtoolTips165',tt_store_content,'7751'); <\/script><script type=\"text\/javascript\"> var tt_store_content = \"Energies Renouvelables\"; toolTips('.classtoolTips167',tt_store_content,'7758'); <\/script><script type=\"text\/javascript\"> var tt_store_content = \"Energies Renouvelables\"; toolTips('.classtoolTips167',tt_store_content,'7758'); <\/script><script type=\"text\/javascript\"> var tt_store_content = \"\\<\/p>\n<p style\\='text\\-align\\: center;'\\>\\<span style\\='font\\-size\\: 14pt;'\\>\\<strong\\>O\\<\\\/strong\\>rganisation \\<strong\\>M\\<\\\/strong\\>\u00e9t\u00e9orologique \\<strong\\>M\\<\\\/strong\\>ondiale<br \/>\\<strong\\>W\\<\\\/strong\\>orld \\<strong\\>M\\<\\\/strong\\>eteorological \\<strong\\>O\\<\\\/strong\\>rganization\\<\\\/span\\>\\<\\\/p\\><br \/>&nbsp;<\/p>\n<p>\\<a href\\='https\\:\\\/\\\/public\\.wmo\\.int\\\/fr' target\\='_blank' rel\\='noopener'\\>\\<em\\>Acc\u00e9der ici au site de l'organisation\\<\\\/em\\>\\<\\\/a\\>\"; toolTips('.classtoolTips168',tt_store_content,'7763'); <\/script><script type=\"text\/javascript\"> var tt_store_content = \"\\<p\\><span class='tooltipsall tooltip_post_id_20308 classtoolTips169'>FED<\/span> \\= abr\u00e9viation de 'Federal Reserve System'\\. C'est la banque centrale des Etats Unis\\. elle est ind\u00e9pendante du pouvoir politique\\.\\<\\\/p\\>\"; toolTips('.classtoolTips169',tt_store_content,'20308'); <\/script><script type=\"text\/javascript\"> var tt_store_content = \"\\<p\\>FED \\= abr\u00e9viation de 'Federal Reserve System'\\. C'est la banque centrale des Etats Unis\\. elle est ind\u00e9pendante du pouvoir politique\\.\\<\\\/p\\>\"; toolTips('.classtoolTips169',tt_store_content,'20308'); <\/script><script type=\"text\/javascript\"> var tt_store_content = \"\\<\/p>\n<p style\\='text\\-align\\: center;'\\>\\<span style\\='font\\-size\\: 14pt;'\\>\\<strong\\>\u00c9\\<\\\/strong\\>cole \\<strong\\>N\\<\\\/strong\\>ationale d'\\<strong\\>A\\<\\\/strong\\>dministration\\<\\\/span\\>\\<\\\/p\\>\"; toolTips('.classtoolTips170',tt_store_content,'5213'); <\/script><script type=\"text\/javascript\"> var tt_store_content = \"\\<\/p>\n<p style\\='text\\-align\\: justify'\\>\\<span class\\='ILfuVd'\\>La politique agricole commune \\(\\<b\\><span class='tooltipsall tooltip_post_id_11364 classtoolTips174'>PAC<\/span>\\<\\\/b\\>\\) est une politique mise en place \u00e0 l'\u00e9chelle de l'Union europ\u00e9enne\\. \u00c0 l'origine, elle est fond\u00e9e principalement sur des mesures de contr\u00f4le des prix et de subventionnement, visant \u00e0 moderniser et d\u00e9velopper l'agriculture\\.\\<\\\/span\\> \\(source Wikipedia\\)\\<\\\/p\\>\"; toolTips('.classtoolTips174',tt_store_content,'11364'); <\/script><script type=\"text\/javascript\"> var tt_store_content = \"\\<\/p>\n<p style\\='text\\-align\\: center;'\\>\\<span style\\='font\\-size\\: 14pt;'\\>\\<strong\\>P\\<\\\/strong\\>\\<\\\/span\\>\\<span style\\='font\\-size\\: 14pt;'\\>lan \\<strong\\>L\\<\\\/strong\\>\\<\\\/span\\>\\<span style\\='font\\-size\\: 14pt;'\\>ocal d'\\<strong\\>U\\<\\\/strong\\>\\<\\\/span\\>\\<span style\\='font\\-size\\: 14pt;'\\>rbanisme\\<\\\/span\\>\\<\\\/p\\><br \/>&nbsp;\"; toolTips('.classtoolTips176',tt_store_content,'4979'); <\/script><script type=\"text\/javascript\"> var tt_store_content = \"\\<\/p>\n<p style\\='text\\-align\\: center;'\\>\\<strong\\>P\\<\\\/strong\\>roduit \\<strong\\>I\\<\\\/strong\\>nt\u00e9rieur \\<strong\\>B\\<\\\/strong\\>rut\\<\\\/p\\><br \/>Indicateur \u00e9conomique, le <span class='tooltipsall tooltip_post_id_4470 classtoolTips177'>PIB<\/span> repr\u00e9sente la valeur de la richesse \\('valeur ajout\u00e9e\\)' cr\u00e9\u00e9e par un territoire donn\u00e9, pendant une p\u00e9riode donn\u00e9e, par les activit\u00e9s \u00e9conomiques situ\u00e9es sur ce territoire\\. En g\u00e9n\u00e9ral, on parle de PIB pour une ann\u00e9e donn\u00e9e\\.<\/p>\n<p>\\<a href\\='https\\:\\\/\\\/fr\\.wikipedia\\.org\\\/wiki\\\/Produit_int%C3%A9rieur_brut' target\\='_blank' rel\\='noopener'\\>Voir ici la fiche Wikipedia sur le sujet\\<\\\/a\\><\/p>\n<p>&nbsp;\"; toolTips('.classtoolTips177',tt_store_content,'4470'); <\/script><script type=\"text\/javascript\"> var tt_store_content = \"\\<p\\>Conseil \u00c9conomique et Social\\<\\\/p\\>\"; toolTips('.classtoolTips180',tt_store_content,'29829'); <\/script><script type=\"text\/javascript\"> var tt_store_content = \"\\<\/p>\n<p style\\='text\\-align\\: center;'\\>\\<strong\\>Conseil National de la R\u00e9sistance\\<\\\/strong\\>\\<\\\/p\\><br \/>\\<\/p>\n<p style\\='text\\-align\\: center;'\\>\\<a href\\='https\\:\\\/\\\/fr\\.wikipedia\\.org\\\/wiki\\\/Conseil_national_de_la_R%C3%A9sistance' target\\='_blank' rel\\='noopener'\\>\\(voir ici la fiche Wikip\u00e9dia du <span class='tooltipsall tooltip_post_id_3761 classtoolTips187'>CNR<\/span>\\)\\<\\\/a\\>\\<\\\/p\\>\"; toolTips('.classtoolTips187',tt_store_content,'3761'); <\/script><script type=\"text\/javascript\"> var tt_store_content = \"\\<\/p>\n<p style\\='text\\-align\\: center;'\\>\\<span style\\='font\\-size\\: 14pt;'\\>\\<strong\\>G\\<\\\/strong\\>roupement \\<strong\\>H\\<\\\/strong\\>ospitalier de \\<strong\\>T\\<\\\/strong\\>erritoire\\<\\\/span\\>\\<\\\/p\\><br \/>\\<\/p>\n<p style\\='text\\-align\\: justify;'\\>Les groupements hospitaliers de territoires, dispositif pr\u00e9vu par la loi de sant\u00e9 2016, sont un nouveau mode de coop\u00e9ration entre les \u00e9tablissements publics de sant\u00e9 \u00e0 l\u2019\u00e9chelle d\u2019un territoire\\<\\\/p\\>\"; toolTips('.classtoolTips189',tt_store_content,'18358'); <\/script><script type=\"text\/javascript\"> var tt_store_content = \"\\<\/p>\n<p style\\='text\\-align\\: center;'\\>\\<span style\\='font\\-size\\: 14pt;'\\>\\<strong\\>C\\<\\\/strong\\>omit\u00e9 \\<strong\\>T\\<\\\/strong\\>echnique d'\\<strong\\>\u00c9\\<\\\/strong\\>tablissement\\<\\\/span\\>\\<\\\/p\\>\"; toolTips('.classtoolTips191',tt_store_content,'18359'); <\/script><script type=\"text\/javascript\"> var tt_store_content = \"\\<\/p>\n<p style\\='text\\-align\\: center;'\\>\\<strong\\>\\<span style\\='font\\-size\\: 14pt;'\\>P\\<\\\/span\\>\\<\\\/strong\\>\\<span style\\='font\\-size\\: 14pt;'\\>rogrammation \\<strong\\>P\\<\\\/strong\\>luri\\-annuelle de l'\\<strong\\>\u00c9\\<\\\/strong\\>nergie\\<\\\/span\\>\\<\\\/p\\><br \/>La PPE est est en France un document strat\u00e9gique de pilotage de la transition \u00e9nerg\u00e9tique\\. Institu\u00e9e par l'article 176 de la loi transition \u00e9nerg\u00e9tique \\(TECV\\)\\. Elle fixe \\(par \u00e9nergie\\) une trajectoire pour le mix \u00e9nerg\u00e9tique, ainsi que \u00ab&nbsp;\\<em\\>les priorit\u00e9s d'action pour la gestion de l\u2019ensemble des formes d'\u00e9nergie sur le territoire m\u00e9tropolitain continental, afin d\u2019atteindre les objectifs nationaux fix\u00e9s par la loi\\<\\\/em\\>&nbsp;\u00bb\\.<\/p>\n<p>Initi\u00e9e en 2016, elle est r\u00e9vis\u00e9e en 2018 puis ensuite tous les 5 ans\\.<\/p>\n<p>\\<a href\\='https\\:\\\/\\\/fr\\.wikipedia\\.org\\\/wiki\\\/Programmation_pluriannuelle_de_l'\u00e9nergi' target\\='_blank' rel\\='noopener'\\>\\<em\\>Voir ici la page Wikipedia consacr\u00e9e \u00e0 la PPE\\<\\\/em\\>\\<\\\/a\\><br \/>\\<a href\\='https\\:\\\/\\\/ppe\\.debatpublic\\.fr\\\/' target\\='_blank' rel\\='noopener'\\>\\<em\\>Voir ici la page du site 'Commission du D\u00e9bat Public' consacr\u00e9e \u00e0 la PPE\\<\\\/em\\>\\<\\\/a\\>\"; toolTips('.classtoolTips193',tt_store_content,'7102'); <\/script><script type=\"text\/javascript\"> var tt_store_content = \"\\<\/p>\n<p style\\='text\\-align\\: center;'\\>\\<span style\\='font\\-size\\: 14pt;'\\>\\<strong\\>E\\<\\\/strong\\>volutionary \\<strong\\>P\\<\\\/strong\\>ower \\<strong\\>R\\<\\\/strong\\>eactor\\<\\\/span\\>\\<\\\/p\\><br \/>\\<\/p>\n<p style\\='text\\-align\\: justify;'\\>R\u00e9acteur nucl\u00e9aire de troisi\u00e8me g\u00e9n\u00e9ration \\(classification internationale\\), con\u00e7u et d\u00e9velopp\u00e9 par <span class='tooltipsall tooltip_post_id_5121 classtoolTips35'>Areva NP<\/span>&nbsp; au cours des ann\u00e9es 1990 et 2000\\. Il fait partie de la fili\u00e8re des r\u00e9acteurs \u00e0 eau pressuris\u00e9e\\.\\<\\\/p\\><br \/>\\<a href\\='https\\:\\\/\\\/fr\\.wikipedia\\.org\\\/wiki\\\/R%C3%A9acteur_pressuris%C3%A9_europ%C3%A9en' target\\='_blank' rel\\='noopener'\\>\\<em\\>Voir ici la fiche Wikipedia <span class='tooltipsall tooltip_post_id_5579 classtoolTips196'>EPR<\/span>\\<\\\/em\\>\\<\\\/a\\>\"; toolTips('.classtoolTips196',tt_store_content,'5579'); <\/script><script type=\"text\/javascript\"> var tt_store_content = \"\\<\/p>\n<p style\\='text\\-align\\: center;'\\>\\<strong\\>R\\<\\\/strong\\>\u00e9seau \\<strong\\>A\\<\\\/strong\\>ction \\<strong\\>C\\<\\\/strong\\>limat\\<\\\/p\\><br \/>Le r\u00e9seau Action Climat '\\<em\\>f\u00e9d\u00e8re les associations impliqu\u00e9es dans la lutte contre les changements climatiques et pour une transition \u00e9cologique, solidaire et \u00e9quitable\\<\\\/em\\>'\\.<\/p>\n<p>\\<a href\\='https\\:\\\/\\\/reseauactionclimat\\.org\\\/' target\\='_blank' rel\\='noopener'\\>Voir le site du <span class='tooltipsall tooltip_post_id_4309 classtoolTips200'>RAC<\/span>\\<\\\/a\\>\"; toolTips('.classtoolTips200',tt_store_content,'4309'); <\/script><script type=\"text\/javascript\"> var tt_store_content = \"\\<\/p>\n<p style\\='text\\-align\\: center;'\\>\\<strong\\>\\<span style\\='font\\-size\\: 14pt;'\\>R\\<\\\/span\\>\\<\\\/strong\\>\\<span style\\='font\\-size\\: 14pt;'\\>eferendum d'\\<strong\\>I\\<\\\/strong\\>nitiative \\<strong\\>C\\<\\\/strong\\>itoyenne\\<\\\/span\\>\\<\\\/p\\>\"; toolTips('.classtoolTips205',tt_store_content,'12268'); <\/script><script type=\"text\/javascript\"> var tt_store_content = \"\\<p\\><span class='tooltipsall tooltip_post_id_25844 classtoolTips208'>RTE<\/span> \\= R\u00e9seau de Transport d'Electricit\u00e9 est une filiale d'<span class='tooltipsall tooltip_post_id_7035 classtoolTips178'>EDF<\/span> qui est l'actionnaire majoritaire avec 50,1% des parts le reste \u00e9tant partag\u00e9 par la CDC et la CNP\\<\\\/p\\>\"; toolTips('.classtoolTips208',tt_store_content,'25844'); <\/script><script type=\"text\/javascript\"> var tt_store_content = \"\\<\/p>\n<p style\\='text\\-align\\: center;'\\>\\<span style\\='font\\-size\\: 14pt;'\\>\\<strong\\>O\\<\\\/strong\\>rganisation\\<strong\\> N\\<\\\/strong\\>on\\<strong\\> G\\<\\\/strong\\>ouvernementale\\<\\\/span\\>\\<\\\/p\\><br \/>Une organisation non gouvernementale \\(<span class='tooltipsall tooltip_post_id_3579 classtoolTips210'>ONG<\/span>\\) est une \\<a title\\='Association \u00e0 but non lucratif' href\\='https\\:\\\/\\\/fr\\.wikipedia\\.org\\\/wiki\\\/Association_%C3%A0_but_non_lucratif' target\\='_blank' rel\\='noopener'\\>association \u00e0 but non lucratif\\<\\\/a\\>, d'int\u00e9r\u00eat public, qui ne rel\u00e8ve ni de l'\u00c9tat, ni d'institutions internationales\\<sup id\\='cite_ref\\-novethic_1\\-0' class\\='reference'\\>\\<\\\/sup\\>\\. Les ONG n'ont pas le statut de sujet de \\<a title\\='Droit international public' href\\='https\\:\\\/\\\/fr\\.wikipedia\\.org\\\/wiki\\\/Droit_international_public' target\\='_blank' rel\\='noopener'\\>droit international\\<\\\/a\\>\\.\"; toolTips('.classtoolTips210',tt_store_content,'3579'); <\/script><script type=\"text\/javascript\"> var tt_store_content = \"\\<\/p>\n<p style\\='text\\-align\\: center;'\\>\\<span style\\='font\\-size\\: 14pt;'\\>\\<strong\\>O\\<\\\/strong\\>rganisation\\<strong\\> N\\<\\\/strong\\>on\\<strong\\> G\\<\\\/strong\\>ouvernementale\\<\\\/span\\>\\<\\\/p\\><br \/>Une organisation non gouvernementale \\(ONG\\) est une \\<a title\\='Association \u00e0 but non lucratif' href\\='https\\:\\\/\\\/fr\\.wikipedia\\.org\\\/wiki\\\/Association_%C3%A0_but_non_lucratif' target\\='_blank' rel\\='noopener'\\>association \u00e0 but non lucratif\\<\\\/a\\>, d'int\u00e9r\u00eat public, qui ne rel\u00e8ve ni de l'\u00c9tat, ni d'institutions internationales\\<sup id\\='cite_ref\\-novethic_1\\-0' class\\='reference'\\>\\<\\\/sup\\>\\. Les ONG n'ont pas le statut de sujet de \\<a title\\='Droit international public' href\\='https\\:\\\/\\\/fr\\.wikipedia\\.org\\\/wiki\\\/Droit_international_public' target\\='_blank' rel\\='noopener'\\>droit international\\<\\\/a\\>\\.\"; toolTips('.classtoolTips210',tt_store_content,'3579'); <\/script><script type=\"text\/javascript\"> var tt_store_content = \"\\<p\\><span class='tooltipsall tooltip_post_id_24572 classtoolTips211'>MIT<\/span> \\= Massachussets Institute of Technology, prestigieuse universit\u00e9 am\u00e9ricaine de la c\u00f4te est\\<\\\/p\\>\"; toolTips('.classtoolTips211',tt_store_content,'24572'); <\/script><script type=\"text\/javascript\"> var tt_store_content = \"\\<\/p>\n<p style\\='text\\-align\\: center;'\\>\\<strong\\>J\\<\\\/strong\\>eux \\<strong\\>O\\<\\\/strong\\>lympiques<br \/>ou<br \/>\\<strong\\>J\\<\\\/strong\\>ournal \\<strong\\>O\\<\\\/strong\\>fficiel de la R\u00e9publique Fran\u00e7aise\\<\\\/p\\>\"; toolTips('.classtoolTips213',tt_store_content,'4451'); <\/script><script type=\"text\/javascript\"> var tt_store_content = \"\\<p\\><span class='tooltipsall tooltip_post_id_30593 classtoolTips214'>RN<\/span> \\= Rassemble National, c'est le parti d'extr\u00eame droite de Marine Le Pen qui succ\u00e8de au FN \\= Front National fond\u00e9 par son p\u00e8re Jean Marie Le Pen\\<\\\/p\\>\"; toolTips('.classtoolTips214',tt_store_content,'30593'); <\/script><script type=\"text\/javascript\"> var tt_store_content = \"\\<\/p>\n<p style\\='text\\-align\\: center;'\\>\\<span style\\='font\\-size\\: 14pt;'\\>\\<strong\\>C\\<\\\/strong\\>entre \\<strong\\>H\\<\\\/strong\\>ospitalier\\<\\\/span\\>\\<\\\/p\\>\"; toolTips('.classtoolTips220',tt_store_content,'18357'); <\/script><script type=\"text\/javascript\"> var tt_store_content = \"\\<p\\>D\u00e9chets radioactifs \u00e0 Haute Activit\u00e9 \\(classement <span class='tooltipsall tooltip_post_id_3612 classtoolTips79'>ANDRA<\/span>\\)\\<\\\/p\\>\"; toolTips('.classtoolTips223',tt_store_content,'19196'); <\/script><\/p>\n","protected":false},"author":54,"featured_media":0,"comment_status":"open","ping_status":"open","sticky":false,"template":"","format":"standard","meta":{"_acf_changed":false,"ngg_post_thumbnail":0,"_jetpack_memberships_contains_paid_content":false,"footnotes":""},"categories":[6,9,5,27],"tags":[],"coauthors":[288],"class_list":["post-31015","post","type-post","status-publish","format-standard","hentry","category-actu","category-actu_gen","category-rub_pol","category-rub","edition-edi_00116","type_art-type_art_article","dossier-dossiers_changer_les_institutions","no-thumb"],"acf":[],"jetpack_featured_media_url":"","jetpack_sharing_enabled":true,"jetpack_shortlink":"https:\/\/wp.me\/p9B5TM-84f","_links":{"self":[{"href":"https:\/\/le-clairon-nouveau.fr\/wordpress\/wp-json\/wp\/v2\/posts\/31015","targetHints":{"allow":["GET"]}}],"collection":[{"href":"https:\/\/le-clairon-nouveau.fr\/wordpress\/wp-json\/wp\/v2\/posts"}],"about":[{"href":"https:\/\/le-clairon-nouveau.fr\/wordpress\/wp-json\/wp\/v2\/types\/post"}],"author":[{"embeddable":true,"href":"https:\/\/le-clairon-nouveau.fr\/wordpress\/wp-json\/wp\/v2\/users\/54"}],"replies":[{"embeddable":true,"href":"https:\/\/le-clairon-nouveau.fr\/wordpress\/wp-json\/wp\/v2\/comments?post=31015"}],"version-history":[{"count":2,"href":"https:\/\/le-clairon-nouveau.fr\/wordpress\/wp-json\/wp\/v2\/posts\/31015\/revisions"}],"predecessor-version":[{"id":31038,"href":"https:\/\/le-clairon-nouveau.fr\/wordpress\/wp-json\/wp\/v2\/posts\/31015\/revisions\/31038"}],"wp:attachment":[{"href":"https:\/\/le-clairon-nouveau.fr\/wordpress\/wp-json\/wp\/v2\/media?parent=31015"}],"wp:term":[{"taxonomy":"category","embeddable":true,"href":"https:\/\/le-clairon-nouveau.fr\/wordpress\/wp-json\/wp\/v2\/categories?post=31015"},{"taxonomy":"post_tag","embeddable":true,"href":"https:\/\/le-clairon-nouveau.fr\/wordpress\/wp-json\/wp\/v2\/tags?post=31015"},{"taxonomy":"author","embeddable":true,"href":"https:\/\/le-clairon-nouveau.fr\/wordpress\/wp-json\/wp\/v2\/coauthors?post=31015"}],"curies":[{"name":"wp","href":"https:\/\/api.w.org\/{rel}","templated":true}]}}