{"id":32119,"date":"2025-06-23T12:30:55","date_gmt":"2025-06-23T10:30:55","guid":{"rendered":"https:\/\/le-clairon-nouveau.fr\/wordpress\/?p=32119"},"modified":"2025-06-25T13:09:28","modified_gmt":"2025-06-25T11:09:28","slug":"la-crise-des-subprimes-et-son-impact-sur-les-retraites-par-capitalisation","status":"publish","type":"post","link":"https:\/\/le-clairon-nouveau.fr\/wordpress\/blog\/2025\/06\/23\/la-crise-des-subprimes-et-son-impact-sur-les-retraites-par-capitalisation\/","title":{"rendered":"La crise des Subprimes et son impact sur les retraites par capitalisation"},"content":{"rendered":"<p style=\"text-align: justify\"><strong><em>Selon l\u2019extr\u00eame centre qui nous gouverne actuellement, il faudrait pour sauver les retraites par r\u00e9partition d\u00e9velopper les retraites par capitalisation. Encore faudrait-il d\u2019abord \u00a0v\u00e9rifier s\u2019il y a crise du syst\u00e8me de retraite par r\u00e9partition et \u00e0 quoi elle serait due. Ce qui est s\u00fbr c\u2019est que les retraites par capitalisation permettent de pomper directement une partie du revenu des travailleurs au b\u00e9n\u00e9fice d\u2019organisations financi\u00e8res diverses, qui sp\u00e9culent sur les march\u00e9s au risque et p\u00e9ril des cotisants. Le krash de 2008 a laiss\u00e9 dans la g\u00eane, sinon dans la d\u00e9tresse, de nombreux retrait\u00e9s aux Etats Unis, e, Australie, <\/em><\/strong><em>au <\/em><strong><em>Canada, aux Pays-Bas et au Royaume-Uni. Ils<\/em><\/strong><strong><em> avaient cotis\u00e9 \u00e0 des fonds priv\u00e9s pour s\u2019assurer une retraite tranquille. C\u2019est ce que d\u00e9crit le pr\u00e9sent article de l\u2019historien Dominique SENAC.<\/em><\/strong><\/p>\n<p style=\"text-align: right\"><em>La r\u00e9daction<\/em><\/p>\n<p style=\"text-align: center\"><img data-recalc-dims=\"1\" loading=\"lazy\" decoding=\"async\" class=\" wp-image-32120 aligncenter\" src=\"https:\/\/i0.wp.com\/le-clairon-nouveau.fr\/wordpress\/wp-content\/uploads\/2025\/06\/ruine-ai-generated-9018072_12801.jpg?resize=655%2C655&#038;ssl=1\" alt=\"\" width=\"655\" height=\"655\" srcset=\"https:\/\/i0.wp.com\/le-clairon-nouveau.fr\/wordpress\/wp-content\/uploads\/2025\/06\/ruine-ai-generated-9018072_12801.jpg?resize=300%2C300&amp;ssl=1 300w, https:\/\/i0.wp.com\/le-clairon-nouveau.fr\/wordpress\/wp-content\/uploads\/2025\/06\/ruine-ai-generated-9018072_12801.jpg?resize=1024%2C1024&amp;ssl=1 1024w, https:\/\/i0.wp.com\/le-clairon-nouveau.fr\/wordpress\/wp-content\/uploads\/2025\/06\/ruine-ai-generated-9018072_12801.jpg?resize=150%2C150&amp;ssl=1 150w, https:\/\/i0.wp.com\/le-clairon-nouveau.fr\/wordpress\/wp-content\/uploads\/2025\/06\/ruine-ai-generated-9018072_12801.jpg?resize=768%2C768&amp;ssl=1 768w, https:\/\/i0.wp.com\/le-clairon-nouveau.fr\/wordpress\/wp-content\/uploads\/2025\/06\/ruine-ai-generated-9018072_12801.jpg?resize=16%2C16&amp;ssl=1 16w, https:\/\/i0.wp.com\/le-clairon-nouveau.fr\/wordpress\/wp-content\/uploads\/2025\/06\/ruine-ai-generated-9018072_12801.jpg?resize=50%2C50&amp;ssl=1 50w, https:\/\/i0.wp.com\/le-clairon-nouveau.fr\/wordpress\/wp-content\/uploads\/2025\/06\/ruine-ai-generated-9018072_12801.jpg?w=1280&amp;ssl=1 1280w\" sizes=\"auto, (max-width: 655px) 100vw, 655px\" \/><strong><em>Ruin\u00e9 (image g\u00e9n\u00e9r\u00e9e IA \/ Pixabay)<\/em><\/strong><\/p>\n<p>&nbsp;<\/p>\n<p><strong><span style=\"font-size: 14pt\">Une crise aussi brutale que le Krach de 1929<\/span><\/strong><\/p>\n<p style=\"text-align: justify\">Le\u00a015 septembre 2008, l\u2019impensable se produit\u00a0: <em>Lehman Brothers<\/em>, une multinationale, quatri\u00e8me banque d\u2019affaires am\u00e9ricaine, est d\u00e9clar\u00e9e en faillite. 600 milliards de dollars (USD) sont partis en fum\u00e9e. C\u2019est le d\u00e9but d\u2019un cataclysme, qualifi\u00e9 parfois de \u00ab\u00a0<em>Krach de 2008<\/em>\u00a0\u00bb, qui frappe tout le syst\u00e8me bancaire am\u00e9ricain puis s\u2019\u00e9tend en quelques semaines \u00e0 toutes les bourses mondiales.<\/p>\n<p style=\"text-align: justify\">Le 8 f\u00e9vrier 2007, la banque HSBC avait pourtant averti ses actionnaires qu\u2019elle ne serait pas en mesure de r\u00e9aliser ses objectifs. Elle avait perdu 24 milliards de dollars et mettait en cause \u00ab\u00a0<em>la d\u00e9rive des cr\u00e9dits immobiliers douteux aux \u00c9tats-Unis<\/em>\u00a0\u00bb Ce \u00ab\u00a0<em>profit warning\u00a0<\/em>\u00bb \u00e9tait tout \u00e0 fait in\u00e9dit, une <em>premi\u00e8re<\/em>, pour l\u2019honorable HSBC (Hong-Kong &amp; Shanghai Banking Corporation), fond\u00e9e en 1865 par des trafiquants \u00e9cossais pour g\u00e9rer et blanchir les profits du commerce de l\u2019opium, impos\u00e9 \u00e0 la Chine par les Anglais, \u00e0 la suite de deux guerres. HSBC\u00a0! Les analystes financiers \u00e9taient stup\u00e9faits. Mais la presse avait relativis\u00e9\u00a0: \u00ab\u00a0<em>Catastrophique\u00a0? L\u2019alerte ne l\u2019est pas autant que le laisse penser la r\u00e9action \u00e0 chaud de certains courtiers.<\/em>\u00a0\u00bb (<em>Les \u00c9chos<\/em>, 26\/02\/2007).<\/p>\n<p style=\"text-align: justify\">Le 16 septembre 2008, le gouvernement am\u00e9ricain et la R\u00e9serve f\u00e9d\u00e9rale ach\u00e8tent pr\u00e8s de 80% du capital de la plus importante compagnie d\u2019assurances du monde, l\u2019<em>American International Group<\/em> (AIG), qui proposait et gr\u00e9ait des retraites par capitalisation, pour 85 milliards de dollars (USD). La caisse d\u2019\u00e9pargne <em>WaMu<\/em> est ferm\u00e9e le 25 septembre 2008 et aussit\u00f4t vendue \u00e0 <em>JP Morgan Chase<\/em> pour 1,9 milliards de dollars (USD) La banque <em>Merill Lynch<\/em> est rachet\u00e9e par <em>Bank of America<\/em> pour \u00e0 peine 50 millions de dollars (USD)\u00a0! Le Tr\u00e9sor am\u00e9ricain est contraint de se porter au secours de plusieurs institutions financi\u00e8res dont les deux g\u00e9ants <em>Fannie Mae<\/em> et <em>Freddie Mac<\/em>, sp\u00e9cialistes du march\u00e9 des pr\u00eats hypoth\u00e9caires. <span class='tooltipsall tooltip_post_id_29829 classtoolTips180'>Ces<\/span> deux soci\u00e9t\u00e9s d\u2019\u00e9conomie mixte ont une responsabilit\u00e9 majeure dans la crise des <em>subprimes<\/em>. Elles ont eu massivement recours \u00e0 la pratique de la titrisation\u00a0: technique bancaire consistant \u00e0 transformer des pr\u00eats bancaires en titres financiers n\u00e9gociables sur les march\u00e9s. <em>Goldman Sachs<\/em> qui a anticip\u00e9 la crise des <em>subprimes <\/em>est l\u2019une des tr\u00e8s rares banques \u00e0 n\u2019avoir pas perdu d\u2019argent \u00e0 cette occasion. Mais la presse flaire quelque chose de louche et les autorit\u00e9s f\u00e9d\u00e9rales enqu\u00eatent sur cette soci\u00e9t\u00e9. Soup\u00e7onn\u00e9e de fraude, elle fait l\u2019objet de plusieurs poursuites \u00e0 partir de 2010. La crise qui s\u2019est install\u00e9e aux \u00c9tats-Unis \u00e0 la fin de 2007 est appel\u00e9e la \u00ab\u00a0<em>Grande R\u00e9cession<\/em>\u00a0\u00bb La banque Lehman Brothers aurait proc\u00e9d\u00e9 \u00e0 des cessions fictives d\u2019actifs douteux \u00e0 des filiales britanniques (ARTE, 18\/09\/2008). En 2010, la justice am\u00e9ricaine a \u00e9tabli que Lehman Brothers camouflait son endettement depuis 2007.<\/p>\n<p><span style=\"font-size: 14pt\"><strong>Comment en est-on arriv\u00e9 l\u00e0\u00a0?<\/strong><\/span><\/p>\n<p style=\"text-align: justify\">A l\u2019origine de cette crise majeure, la d\u00e9rive du march\u00e9 immobilier \u00e0 risque aux \u00c9tats-Unis. Les banques ont accord\u00e9 des cr\u00e9dits immobiliers \u00e0 taux \u00e9volutifs, les <em>subprimes<\/em>, \u00e0 des familles ayant de faibles revenus et \u00e9tant peu solvables, mais souhaitant devenir propri\u00e9taires. \u00a0Ce sont des cr\u00e9dits hypoth\u00e9caires particuli\u00e8rement risqu\u00e9s (taux \u00e9lev\u00e9s pour l\u2019emprunteur, et fort rendement pour le pr\u00eateur). La baisse du prix de l&rsquo;immobilier et la hausse des taux d&rsquo;int\u00e9r\u00eat a entra\u00een\u00e9 la faillite du syst\u00e8me : les m\u00e9nages n&rsquo;ont plus \u00e9t\u00e9 en mesure de rembourser leurs emprunts et les \u00e9tablissements de cr\u00e9dit qui les avaient accord\u00e9s se sont effondr\u00e9s. La titrisation a \u00e9t\u00e9 le vecteur de la g\u00e9n\u00e9ralisation de la crise \u00e0 tout le syst\u00e8me financier am\u00e9ricain puis \u00e0 l\u2019ensemble du syst\u00e8me bancaire mondial.<\/p>\n<p style=\"text-align: justify\">Trois millions d\u2019Am\u00e9ricains qui avaient r\u00eav\u00e9 de devenir propri\u00e9taires, n\u2019ont plus \u00e9t\u00e9 en mesure de s\u2019acquitter des \u00e9<span class='tooltipsall tooltip_post_id_18357 classtoolTips220'>ch<\/span>\u00e9ances de leur cr\u00e9dit, parce que les taux variables n\u2019avaient cess\u00e9 de grimper. Leur maison a \u00e9t\u00e9 saisie par la banque pour \u00eatre ensuite revendue \u00e0 prix cass\u00e9. \u00a0Des familles ont \u00e9t\u00e9 expuls\u00e9es, souvent du jour au lendemain et parfois sans m\u00e9nagement. Un s\u00e9nateur du Connecticut a d\u00e9nonc\u00e9 le plus haut niveau de saisies de logements depuis pr\u00e8s de quarante ans. <br \/>\n<span style=\"text-decoration: underline\">Un reportage de Lib\u00e9ration a rendu compte de cette brutalit\u00e9<\/span> (extrait)) :<br \/>\n\u00ab\u00a0<em>Aux Etats-Unis, la crise des subprimes vide des rang\u00e9es de\u00a0maisons de\u00a0leurs\u00a0habitants, propri\u00e9taires insolvables. Reportage \u00e0\u00a0Cleveland<\/em><em>\u00a0<br \/>\n<\/em><em>L&rsquo;ordre d&rsquo;expulsion est arriv\u00e9 la veille chez Tim et Gloria Ferris. A 9\u00a0heures tapantes, un policier frappe \u00e0 leur porte, tandis que deux\u00a0camions de d\u00e9m\u00e9nagement pay\u00e9s par la banque se garent devant la petite maison de bois de ce couple de sexag\u00e9naires.\u00a0\u00ab Je passe mon temps \u00e0 faire des expulsions \u00bb,\u00a0l\u00e2che le policier du bureau du sh\u00e9rif.\u00a0\u00ab J&rsquo;en fais onze\u00a0tous les jours, de neuf\u00a0heures du matin \u00e0 une\u00a0heure et demie de l&rsquo;apr\u00e8s-midi. \u00bb\u00a0Il ajoute qu&rsquo;\u00e0 Cleveland, o\u00f9 les temp\u00e9ratures peuvent chuter \u00e0 &#8211; 20 \u00b0C l&rsquo;hiver, les saisies ont lieu quelle que soit la saison.<\/em>\u00a0\u00bb \u00a0(Lib\u00e9ration 14\/11\/2007)<\/p>\n<p style=\"text-align: justify\"><span style=\"text-decoration: underline\">Un article de <em>G\u00e9o confluences<\/em>, site de l\u2019ENS de Lyon, apporte les pr\u00e9cisions utiles suivantes<\/span>\u00a0:<br \/>\n\u00ab\u00a0<em>Le d\u00e9veloppement des\u00a0<\/em><em>subprimes<\/em><em>\u00a0est le r\u00e9sultat d\u2019une politique volontaire, men\u00e9e aux \u00c9tats-Unis \u00e0 partir de la fin des ann\u00e9es 1990, pour faire acc\u00e9der \u00e0 la propri\u00e9t\u00e9 de leur maison une cat\u00e9gorie de personnes pauvres ou d\u2019immigr\u00e9s qui en \u00e9taient exclus jusqu\u2019alors, y compris les NINJA (\u00ab\u00a0<\/em><em>No income, no job, no asset\u00a0\u00bb\u00a0c\u2019est-\u00e0-dire, ni revenu, ni emploi, ni patrimoine<\/em><em>). \u00ab L\u2019\u00e9conomie va mal parce que nous avons construit trop de maisons \u00bb, avait d\u00e9clar\u00e9 George W. Bush. En effet, \u00e0 l&rsquo;origine de la crise des\u00a0subprimes, on trouve la multiplication par 7 des montants concern\u00e9s par ce type de pr\u00eats entre 2001 et 2007. En 2006, sur la production de nouveaux pr\u00eats immobiliers pour une valeur de 3\u00a0000 milliards de dollars, 21\u00a0% \u00e9taient subprime. Cette envol\u00e9e est \u00e0 relier \u00e0 l&rsquo;inflation des prix immobiliers (\u00ab\u00a0bulle immobili\u00e8re\u00a0\u00bb) qui rend possible le remboursement du pr\u00eateur sur le bien revendu plus cher, \u00e0 l&rsquo;accroissement des liquidit\u00e9s mondiales qui facilite l&rsquo;expansion du cr\u00e9dit, et \u00e0 l&rsquo;encouragement du gouvernement\u00a0<\/em><a href=\"https:\/\/geoconfluences.ens-lyon.fr\/glossaire\/federal-federe\"><em>f\u00e9d\u00e9ral<\/em><\/a><em>\u00a0envers les emprunts des\u00a0<\/em><a href=\"https:\/\/geoconfluences.ens-lyon.fr\/glossaire\/communaute-community\"><em>communaut\u00e9s<\/em><\/a><em>\u00a0locales des quartiers \u00e0 revenus faibles ou mod\u00e9r\u00e9s (il y a trente fois plus de pr\u00eats\u00a0subprime\u00a0dans le Bronx qu\u2019\u00e0 Manhattan). En effet, les zones d\u00e9limit\u00e9es par une ligne rouge et interdites de cr\u00e9dit depuis les ann\u00e9es 1930 (redlining) se retrouvent surinvesties par les\u00a0subprimes\u00a0:\u00a0on parle de\u00a0redlining invers\u00e9\u00a0puisque ces quartiers ont soudain \u00e9t\u00e9 cibl\u00e9s par les institutions bancaires.\u00a0<\/em>\u00bb<\/p>\n<p><span style=\"font-size: 14pt\"><strong>Parmi les cons\u00e9quences de la crise financi\u00e8re de 2008<\/strong><\/span><\/p>\n<p style=\"text-align: justify\">Le <span class='tooltipsall tooltip_post_id_27153 classtoolTips153'>FMI<\/span> a estim\u00e9 que d\u2019importantes banques am\u00e9ricaines et europ\u00e9ennes ont perdu plus de mille milliards de dollars sur des actifs toxiques et sur des pr\u00eats douteux de janvier 2007 \u00e0 septembre 2009, et que plus de 200 organismes pr\u00eateurs ont fait faillite. De nombreuses institutions majeures ont \u00e9galement fait faillite, ont \u00e9t\u00e9 acquises sous la contrainte, ou bien ont \u00e9t\u00e9 soumises \u00e0 une prise de contr\u00f4le par le gouvernement. \u00a0Entre janvier 2008 et juin 2009, les fonds de pension ont perdu 3.900 milliards de dollars en raison de la chute des march\u00e9s boursiers. Ils ont investi dans des actifs \u00e0 risque et cela pourrait alourdir la note. Selon l\u2019OCDE, 40% des revenus des retrait\u00e9s en Australie, au Canada, aux \u00c9tats-Unis, aux Pays-Bas et au Royaume-Uni, proviennent de fonds priv\u00e9s, principalement de l\u2019\u00e9pargne retraite contre 8% en France (Capital16\/11\/ 2009). Apr\u00e8s le krach de 2008, 51 millions d&rsquo;Am\u00e9ricains ont vu fondre leur capital retraite en quelques mois et dispara\u00eetre des ann\u00e9es d&rsquo;\u00e9conomies (Le Monde 29\/10\/2008).<\/p>\n<p style=\"text-align: justify\">Les \u00e9tablissements bancaires ne se faisaient d\u00e9j\u00e0 plus confiance depuis ao\u00fbt 2007. Apr\u00e8s la faillite de Lehman Brothers, cela a empir\u00e9 dans des proportions inconnues jusqu\u2019alors. Le r\u00e9sultat c\u2019est que la circulation mon\u00e9taire s\u2019est ass\u00e9ch\u00e9e. Selon Antonio Maria Costa, chef du bureau des Nations Unies contre la drogue et le crime\u00a0:\u00a0\u00ab <em>Des milliards de dollars d\u2019argent de la drogue ont maintenu \u00e0 flot le syst\u00e8me financier au plus fort de la crise mondiale<\/em>\u00a0\u00bb Il indique avoir constat\u00e9 que les recettes du crime organis\u00e9 \u00e9taient \u00ab\u00a0<em>le seul capital d\u2019investissement liquide<\/em>\u00a0\u00bb accessible pour certaines banques au bord de la faillite l\u2019an dernier, et que la majeure partie des 352 milliards de dollars (216 milliards de livres sterling) des profits de la drogue avaient par cons\u00e9quent \u00e9t\u00e9 absorb\u00e9s par le syst\u00e8me \u00e9conomique. (<em>The Gardian<\/em> ,13\/12\/2009).<\/p>\n<p style=\"text-align: justify\">Ce blanchiment massif d\u2019argent du crime organis\u00e9 a \u00e9t\u00e9 favoris\u00e9 par les paradis fiscaux. Les banques ne r\u00e9pugnent pas \u00e0 y transf\u00e9rer des fonds, le plus l\u00e9galement du monde. C\u2019est aussi l\u00e0 que le crime organis\u00e9 s\u00e9curise les siens. La \u00ab\u00a0mafiosisation\u00a0\u00bb de l\u2019\u00e9conomie inqui\u00e8te mais pour la Finance internationale les affaires passent avant toute consid\u00e9ration morale. La traite des \u00eatres humains concerne 50 millions de personnes dans le monde (OIT 2022) et rapporte 150 milliards de dollars par an, le trafic de drogue entre 400 et 600 milliards de dollars (rapport ONUDS cit\u00e9 par IRIS 20\/09\/2023), etc. A la demande de l\u2019Institut <span class='tooltipsall tooltip_post_id_6977 classtoolTips42'>Eurostat<\/span> en 2013, l\u2019<span class='tooltipsall tooltip_post_id_6978 classtoolTips82'>INSEE<\/span> a int\u00e9gr\u00e9 les flux financiers g\u00e9n\u00e9r\u00e9s par le trafic de drogue et la prostitution pour le calcul du produit int\u00e9rieur brut (<span class='tooltipsall tooltip_post_id_4470 classtoolTips177'>PIB<\/span>) \u00e0 partir de 2014. \u00a0Est-ce sans rapport avec ce qui pr\u00e9c\u00e8de ?<\/p>\n<p style=\"text-align: justify\">Selon Nicolas V\u00e9ron, de l\u2019Institut Peterson,\u00a0en 2023 :\u00a0\u00ab <em>le syst\u00e8me bancaire est plus robuste qu\u2019\u00e0 l\u2019\u00e9poque <\/em>\u00bb\u00a0; \u00ab\u00a0<em>mais sans le secours des banques centrales et de l\u2019argent public, il serait incapable de r\u00e9sister \u00e0 une nouvelle crise majeure\u00a0\u00bb<\/em> nuance Thierry Philipponnat, \u00e9conomiste en chef de Finance de l\u2019<span class='tooltipsall tooltip_post_id_3579 classtoolTips210'>ONG<\/span> Watch (Le Monde 15\/09\/2023)<\/p>\n<p style=\"text-align: right\"><em>Dominique SENAC pour le Clairon de l\u2019Atax le 18\/06\/2025<\/em><\/p>\n<p>&nbsp;<\/p>\n<p>&nbsp;<\/p>\n<script type=\"text\/javascript\"> var tt_store_content = \"\\<b\\>Eurostat\\<\\\/b\\> est une direction g\u00e9n\u00e9rale de la \\<a title\\='Commission europ\u00e9enne' href\\='https\\:\\\/\\\/fr\\.wikipedia\\.org\\\/wiki\\\/Commission_europ%C3%A9enne'\\>Commission europ\u00e9enne\\<\\\/a\\> charg\u00e9e de l'information\\<span style\\='color\\: \\#000000'\\> statistique\\<\\\/span\\> \u00e0 l'\u00e9chelle communautaire\\. Elle a pour r\u00f4le de produire les statistiques officielles de l'\\<a title\\='Union europ\u00e9enne' href\\='https\\:\\\/\\\/fr\\.wikipedia\\.org\\\/wiki\\\/Union_europ%C3%A9enne'\\>Union europ\u00e9enne\\<\\\/a\\>, principalement en collectant, harmonisant et agr\u00e9geant les donn\u00e9es publi\u00e9es par les \\<a title\\='Liste des instituts officiels de statistique' href\\='https\\:\\\/\\\/fr\\.wikipedia\\.org\\\/wiki\\\/Liste_des_instituts_officiels_de_statistique'\\>instituts nationaux de statistiques\\<\\\/a\\> des \\<a class\\='mw\\-redirect' title\\='Etats membres de l'Union europ\u00e9enne' href\\='https\\:\\\/\\\/fr\\.wikipedia\\.org\\\/wiki\\\/Etats_membres_de_l%27Union_europ%C3%A9enne'\\>pays membres de l'Union europ\u00e9enne\\<\\\/a\\>, des pays \\<a title\\='Futur \u00e9largissement de l'Union europ\u00e9enne' href\\='https\\:\\\/\\\/fr\\.wikipedia\\.org\\\/wiki\\\/Futur_%C3%A9largissement_de_l%27Union_europ%C3%A9enne'\\>candidats \u00e0 l'adh\u00e9sion\\<\\\/a\\> et des pays de l'Association europ\u00e9enne de libre\\-\u00e9change\\. \\(D\u00e9finition Wikip\u00e9dia\\)\"; toolTips('.classtoolTips42',tt_store_content,'6977'); <\/script><script type=\"text\/javascript\"> var tt_store_content = \"\\<span class\\='st'\\>L'Institut National de la Statistique et des Etudes Economiques collecte, produit, analyse et diffuse des informations sur l'\u00e9conomie et la soci\u00e9t\u00e9 fran\u00e7aises\\.\\<\\\/span\\>\"; toolTips('.classtoolTips82',tt_store_content,'6978'); <\/script><script type=\"text\/javascript\"> var tt_store_content = \"\\<span class\\='st'\\>L'Institut National de la Statistique et des Etudes Economiques collecte, produit, analyse et diffuse des informations sur l'\u00e9conomie et la soci\u00e9t\u00e9 fran\u00e7aises\\.\\<\\\/span\\>\"; toolTips('.classtoolTips82',tt_store_content,'6978'); <\/script><script type=\"text\/javascript\"> var tt_store_content = \"\\<p\\><span class='tooltipsall tooltip_post_id_23586 classtoolTips107'>NTIC<\/span> \\= Nouvelles technologies de l'information et de la communication\\<\\\/p\\>\"; toolTips('.classtoolTips107',tt_store_content,'23586'); <\/script><script type=\"text\/javascript\"> var tt_store_content = \"\\<p\\>NTIC \\= Nouvelles technologies de l'information et de la communication\\<\\\/p\\>\"; toolTips('.classtoolTips107',tt_store_content,'23586'); <\/script><script type=\"text\/javascript\"> var tt_store_content = \"\\<p\\>NTIC \\= Nouvelles technologies de l'Information et de la Communication\\<\\\/p\\>\"; toolTips('.classtoolTips112',tt_store_content,'30265'); <\/script><script type=\"text\/javascript\"> var tt_store_content = \"Le <span class='tooltipsall tooltip_post_id_3743 classtoolTips128'>CIRC<\/span> est le&nbsp; \\<a href\\='https\\:\\\/\\\/fr\\.wikipedia\\.org\\\/wiki\\\/Centre_international_de_recherche_sur_le_cancer' target\\='_blank' rel\\='noopener'\\>Centre international de Recherche sur le Cancer\\<\\\/a\\>, cr\u00e9\u00e9 en 1965 par l\u2019\\<a href\\='https\\:\\\/\\\/fr\\.wikipedia\\.org\\\/wiki\\\/Organisation_mondiale_de_la_sant%C3%A9' target\\='_blank' rel\\='noopener'\\>Organisation Mondiale de la Sant\u00e9\\<\\\/a\\> \\(OMS\\) des \\<a href\\='https\\:\\\/\\\/fr\\.wikipedia\\.org\\\/wiki\\\/Organisation_des_Nations_unies' target\\='_blank' rel\\='noopener'\\>Nations Unies\\<\\\/a\\>\\.\"; toolTips('.classtoolTips128',tt_store_content,'3743'); <\/script><script type=\"text\/javascript\"> var tt_store_content = \"\\<p style\\='text\\-align\\: center;'\\>\\<span style\\='font\\-size\\: 14pt;'\\>\\<strong\\>C\\<\\\/strong\\>entre \\<strong\\>C\\<\\\/strong\\>ommunal d'\\<strong\\>A\\<\\\/strong\\>ction \\<strong\\>S\\<\\\/strong\\>ociale\\<\\\/span\\>\\<\\\/p\\><br\/>\\<p style\\='text\\-align\\: justify;'\\>Un centre communal d'action sociale \\(<span class='tooltipsall tooltip_post_id_18100 classtoolTips132'>CCAS<\/span>\\) est, en France, un \u00e9tablissement public administr\u00e9 par un conseil d'administration pr\u00e9sid\u00e9 par le maire de la commune\\. Il a pour mission d'animer une action g\u00e9n\u00e9rale de pr\u00e9vention et de d\u00e9veloppement social au sein de la commune en liaison \u00e9troite avec les institutions publiques et priv\u00e9es\\<\\\/p\\>\"; toolTips('.classtoolTips132',tt_store_content,'18100'); <\/script><script type=\"text\/javascript\"> var tt_store_content = \"\\<p style\\='text\\-align\\: center;'\\>\\<strong\\>\\<span style\\='font\\-size\\: 14pt;'\\>S\\<\\\/span\\>\\<\\\/strong\\>\\<span style\\='font\\-size\\: 14pt;'\\>oci\u00e9t\u00e9 d'\\<strong\\>\u00c9\\<\\\/strong\\>conomie \\<strong\\>M\\<\\\/strong\\>ixte\\<\\\/span\\>\\<\\\/p\\><br\/>\\<p style\\='text\\-align\\: justify;'\\>En France, une soci\u00e9t\u00e9 d'\u00e9conomie mixte est une soci\u00e9t\u00e9 anonyme dont le capital est majoritairement d\u00e9tenu par une ou plusieurs personnes publiques \\(\u00e0 savoir l'\u00c9tat, une Collectivit\u00e9 territoriale, ou tout autre \u00c9tablissement public\\)\\. Cette participation majoritaire publique est plafonn\u00e9e \u00e0 85&nbsp;% du capital depuis la Loi du 2 janvier 2002\\. Au moins une personne priv\u00e9e doit participer au capital de la <span class='tooltipsall tooltip_post_id_7168 classtoolTips142'>SEM<\/span>, sachant qu'il peut s'agir d'une autre SEM\\.\\<\\\/p\\><br\/>\\<p style\\='text\\-align\\: justify;'\\>\\<strong\\>Le recours \u00e0 la SEM garantit\\<\\\/strong\\> \u00e0 la collectivit\u00e9 publique actionnaire et cocontractante \\<strong\\>la prise en compte effective de l'int\u00e9r\u00eat g\u00e9n\u00e9ral\\<\\\/strong\\> dans les objectifs de l'entreprise \\<strong\\>et la souplesse de la soci\u00e9t\u00e9 de droit priv\u00e9\\<\\\/strong\\>\\.\\<\\\/p\\><br\/>\\<em\\>\\<a href\\='https\\:\\\/\\\/fr\\.wikipedia\\.org\\\/wiki\\\/Soci%C3%A9t%C3%A9_d%27%C3%A9conomie_mixte' target\\='_blank' rel\\='noopener'\\>Voir ici la page Wikipedia consacr\u00e9e aux SEM\\<\\\/a\\> \\<\\\/em\\><br\/><br\/>&nbsp;\"; toolTips('.classtoolTips142',tt_store_content,'7168'); <\/script><script type=\"text\/javascript\"> var tt_store_content = \"\\<p style\\='text\\-align\\: center;'\\>\\<span style\\='font\\-size\\: 14pt;'\\>\\<strong\\>I\\<\\\/strong\\>mp\u00f4t sur la \\<strong\\>F\\<\\\/strong\\>ortune \\<strong\\>I\\<\\\/strong\\>mmobili\u00e8re\\<\\\/span\\>\\<\\\/p\\>\"; toolTips('.classtoolTips148',tt_store_content,'5643'); <\/script><script type=\"text\/javascript\"> var tt_store_content = \"\\<p style\\='text\\-align\\: justify'\\>FMI \\= Fonds Mon\u00e9taire International\\. \\<em\\>Le Fonds mon\u00e9taire international \\(FMI\\) s\u2019emploie \u00e0 assurer la croissance et la prosp\u00e9rit\u00e9 durables de l\u2019ensemble de ses 190 pays membres\\. Pour y parvenir, il soutient des politiques \u00e9conomiques qui favorisent la stabilit\u00e9 financi\u00e8re et la coop\u00e9ration mon\u00e9taire, essentielles \u00e0 la productivit\u00e9, la cr\u00e9ation d\u2019emplois et le bien\\-\u00eatre \u00e9conomique\\. Le FMI est gouvern\u00e9 par ses pays membres, auxquels il rend compte de son action\\. \\(source FMI\\)\\<\\\/em\\>\\<\\\/p\\>\"; toolTips('.classtoolTips153',tt_store_content,'27153'); <\/script><script type=\"text\/javascript\"> var tt_store_content = \"\\<p style\\='text\\-align\\: justify'\\>FMI \\= Fonds Mon\u00e9taire International\\. \\<em\\>Le Fonds mon\u00e9taire international \\(FMI\\) s\u2019emploie \u00e0 assurer la croissance et la prosp\u00e9rit\u00e9 durables de l\u2019ensemble de ses 190 pays membres\\. Pour y parvenir, il soutient des politiques \u00e9conomiques qui favorisent la stabilit\u00e9 financi\u00e8re et la coop\u00e9ration mon\u00e9taire, essentielles \u00e0 la productivit\u00e9, la cr\u00e9ation d\u2019emplois et le bien\\-\u00eatre \u00e9conomique\\. Le FMI est gouvern\u00e9 par ses pays membres, auxquels il rend compte de son action\\. \\(source FMI\\)\\<\\\/em\\>\\<\\\/p\\>\"; toolTips('.classtoolTips153',tt_store_content,'27153'); <\/script><script type=\"text\/javascript\"> var tt_store_content = \"\\<p style\\='text\\-align\\: center;'\\>\\<span style\\='font\\-size\\: 14pt;'\\>\\<strong\\>R\\<\\\/strong\\>\u00e9pertoire \\<strong\\>N\\<\\\/strong\\>ational des \\<strong\\>A\\<\\\/strong\\>ssociations\\<\\\/span\\>\\<\\\/p\\>\"; toolTips('.classtoolTips159',tt_store_content,'24374'); <\/script><script type=\"text\/javascript\"> var tt_store_content = \"\\<p style\\='text\\-align\\: center;'\\>\\<strong\\>\\<span style\\='font\\-size\\: 14pt;'\\>G\\<\\\/span\\>\\<\\\/strong\\>\\<span style\\='font\\-size\\: 14pt;'\\>az \u00e0 \\<strong\\>E\\<\\\/strong\\>ffet de \\<strong\\>S\\<\\\/strong\\>erre\\<\\\/span\\>\\<\\\/p\\><br\/>\\<p style\\='text\\-align\\: justify;'\\>Les gaz \u00e0 effet de serre \\(<span class='tooltipsall tooltip_post_id_7232 classtoolTips161'>GES<\/span>\\) sont des composants gazeux qui absorbent le rayonnement infrarouge \u00e9mis par la surface terrestre et contribuent \u00e0 l'effet de serre\\. L'augmentation de leur concentration dans l'atmosph\u00e8re terrestre est l'un des facteurs \u00e0 l'origine du r\u00e9chauffement climatique\\.\\<\\\/p\\><br\/>\\<a href\\='https\\:\\\/\\\/fr\\.wikipedia\\.org\\\/wiki\\\/Gaz_%C3%A0_effet_de_serre' target\\='_blank' rel\\='noopener'\\>\\<em\\>Voir ici la fiche Wikipedia sur les gaz \u00e0 effet de serre\\<\\\/em\\>\\<\\\/a\\>\"; toolTips('.classtoolTips161',tt_store_content,'7232'); <\/script><script type=\"text\/javascript\"> var tt_store_content = \"\\<p style\\='text\\-align\\: justify'\\>La \u00ab\u00a0\\<b\\>programmation pluriannuelle de l'\u00e9nergie\\<\\\/b\\>\u00a0\u00bb \\(<span class='tooltipsall tooltip_post_id_7750 classtoolTips164'>PPE<\/span>\\) est, en France, un document strat\u00e9gique de pilotage de la transition \u00e9nerg\u00e9tique\\. Institu\u00e9e par l'article 176 de la \\<a title\\='Loi relative \u00e0 la transition \u00e9nerg\u00e9tique pour la croissance verte' href\\='https\\:\\\/\\\/fr\\.wikipedia\\.org\\\/wiki\\\/Loi_relative_%C3%A0_la_transition_%C3%A9nerg%C3%A9tique_pour_la_croissance_verte'\\>loi de transition \u00e9nerg\u00e9tique\\<\\\/a\\> \\(TECV\\), elle fixe une trajectoire pour le \\<a title\\='Mix \u00e9nerg\u00e9tique' href\\='https\\:\\\/\\\/fr\\.wikipedia\\.org\\\/wiki\\\/Mix_%C3%A9nerg%C3%A9tique'\\>mix \u00e9nerg\u00e9tique\\<\\\/a\\>, ainsi que \\<span class\\='citation'\\>\u00ab\u00a0les priorit\u00e9s d'action pour la gestion de l\u2019ensemble des formes d'\u00e9nergie sur le territoire m\u00e9tropolitain continental, afin d\u2019atteindre les objectifs nationaux fix\u00e9s par la loi\u00a0\u00bb\\<\\\/span\\>\\. \\(Wikip\u00e9dia\\)\\<\\\/p\\>\"; toolTips('.classtoolTips164',tt_store_content,'7750'); <\/script><script type=\"text\/javascript\"> var tt_store_content = \"\\<p style\\='text\\-align\\: justify'\\>La \u00ab\u00a0\\<b\\>programmation pluriannuelle de l'\u00e9nergie\\<\\\/b\\>\u00a0\u00bb \\(PPE\\) est, en France, un document strat\u00e9gique de pilotage de la transition \u00e9nerg\u00e9tique\\. Institu\u00e9e par l'article 176 de la \\<a title\\='Loi relative \u00e0 la transition \u00e9nerg\u00e9tique pour la croissance verte' href\\='https\\:\\\/\\\/fr\\.wikipedia\\.org\\\/wiki\\\/Loi_relative_%C3%A0_la_transition_%C3%A9nerg%C3%A9tique_pour_la_croissance_verte'\\>loi de transition \u00e9nerg\u00e9tique\\<\\\/a\\> \\(TECV\\), elle fixe une trajectoire pour le \\<a title\\='Mix \u00e9nerg\u00e9tique' href\\='https\\:\\\/\\\/fr\\.wikipedia\\.org\\\/wiki\\\/Mix_%C3%A9nerg%C3%A9tique'\\>mix \u00e9nerg\u00e9tique\\<\\\/a\\>, ainsi que \\<span class\\='citation'\\>\u00ab\u00a0les priorit\u00e9s d'action pour la gestion de l\u2019ensemble des formes d'\u00e9nergie sur le territoire m\u00e9tropolitain continental, afin d\u2019atteindre les objectifs nationaux fix\u00e9s par la loi\u00a0\u00bb\\<\\\/span\\>\\. \\(Wikip\u00e9dia\\)\\<\\\/p\\>\"; toolTips('.classtoolTips164',tt_store_content,'7750'); <\/script><script type=\"text\/javascript\"> var tt_store_content = \"\\<p style\\='text\\-align\\: justify;'\\>Le Conseil d'Orientation des Retraites est une instance qui r\u00e9unit &nbsp;\\<span class\\='st'\\>les principaux acteurs du champ des retraites\\<\\\/span\\> et effectue un travail d'\u00e9tudes et de concertation\\. Compos\u00e9 de parlementaires, de repr\u00e9sentants des organisations professionnelles et syndicales, des retrait\u00e9s et des familles, de membres de l'administration et d'experts, le Conseil d'orientation des retraites \\(<span class='tooltipsall tooltip_post_id_7751 classtoolTips165'>COR<\/span>\\) est plac\u00e9 aupr\u00e8s du Premier ministre\\.\\<\\\/p\\>\"; toolTips('.classtoolTips165',tt_store_content,'7751'); <\/script><script type=\"text\/javascript\"> var tt_store_content = \"\\<p style\\='text\\-align\\: center;'\\>\\<span style\\='font\\-size\\: 14pt;'\\>\\<strong\\>O\\<\\\/strong\\>rganisation \\<strong\\>M\\<\\\/strong\\>\u00e9t\u00e9orologique \\<strong\\>M\\<\\\/strong\\>ondiale<br\/>\\<strong\\>W\\<\\\/strong\\>orld \\<strong\\>M\\<\\\/strong\\>eteorological \\<strong\\>O\\<\\\/strong\\>rganization\\<\\\/span\\>\\<\\\/p\\><br\/>&nbsp;<br\/><br\/>\\<a href\\='https\\:\\\/\\\/public\\.wmo\\.int\\\/fr' target\\='_blank' rel\\='noopener'\\>\\<em\\>Acc\u00e9der ici au site de l'organisation\\<\\\/em\\>\\<\\\/a\\>\"; toolTips('.classtoolTips168',tt_store_content,'7763'); <\/script><script type=\"text\/javascript\"> var tt_store_content = \"\\<p\\><span class='tooltipsall tooltip_post_id_20308 classtoolTips169'>FED<\/span> \\= abr\u00e9viation de 'Federal Reserve System'\\. C'est la banque centrale des Etats Unis\\. elle est ind\u00e9pendante du pouvoir politique\\.\\<\\\/p\\>\"; toolTips('.classtoolTips169',tt_store_content,'20308'); <\/script><script type=\"text\/javascript\"> var tt_store_content = \"\\<p\\>FED \\= abr\u00e9viation de 'Federal Reserve System'\\. C'est la banque centrale des Etats Unis\\. elle est ind\u00e9pendante du pouvoir politique\\.\\<\\\/p\\>\"; toolTips('.classtoolTips169',tt_store_content,'20308'); <\/script><script type=\"text\/javascript\"> var tt_store_content = \"\\<p style\\='text\\-align\\: center;'\\>\\<span style\\='font\\-size\\: 14pt;'\\>\\<strong\\>\u00c9\\<\\\/strong\\>cole \\<strong\\>N\\<\\\/strong\\>ationale d'\\<strong\\>A\\<\\\/strong\\>dministration\\<\\\/span\\>\\<\\\/p\\>\"; toolTips('.classtoolTips170',tt_store_content,'5213'); <\/script><script type=\"text\/javascript\"> var tt_store_content = \"\\<p style\\='text\\-align\\: center;'\\>\\<span style\\='font\\-size\\: 14pt;'\\>\\<strong\\>P\\<\\\/strong\\>\\<\\\/span\\>\\<span style\\='font\\-size\\: 14pt;'\\>lan \\<strong\\>L\\<\\\/strong\\>\\<\\\/span\\>\\<span style\\='font\\-size\\: 14pt;'\\>ocal d'\\<strong\\>U\\<\\\/strong\\>\\<\\\/span\\>\\<span style\\='font\\-size\\: 14pt;'\\>rbanisme\\<\\\/span\\>\\<\\\/p\\><br\/>&nbsp;\"; toolTips('.classtoolTips176',tt_store_content,'4979'); <\/script><script type=\"text\/javascript\"> var tt_store_content = \"\\<p style\\='text\\-align\\: center;'\\>\\<strong\\>P\\<\\\/strong\\>roduit \\<strong\\>I\\<\\\/strong\\>nt\u00e9rieur \\<strong\\>B\\<\\\/strong\\>rut\\<\\\/p\\><br\/>Indicateur \u00e9conomique, le PIB repr\u00e9sente la valeur de la richesse \\('valeur ajout\u00e9e\\)' cr\u00e9\u00e9e par un territoire donn\u00e9, pendant une p\u00e9riode donn\u00e9e, par les activit\u00e9s \u00e9conomiques situ\u00e9es sur ce territoire\\. En g\u00e9n\u00e9ral, on parle de PIB pour une ann\u00e9e donn\u00e9e\\.<br\/><br\/>\\<a href\\='https\\:\\\/\\\/fr\\.wikipedia\\.org\\\/wiki\\\/Produit_int%C3%A9rieur_brut' target\\='_blank' rel\\='noopener'\\>Voir ici la fiche Wikipedia sur le sujet\\<\\\/a\\><br\/><br\/>&nbsp;\"; toolTips('.classtoolTips177',tt_store_content,'4470'); <\/script><script type=\"text\/javascript\"> var tt_store_content = \"\\<p\\>Conseil \u00c9conomique et Social\\<\\\/p\\>\"; toolTips('.classtoolTips180',tt_store_content,'29829'); <\/script><script type=\"text\/javascript\"> var tt_store_content = \"\\<p style\\='text\\-align\\: center;'\\>\\<span style\\='font\\-size\\: 14pt;'\\>\\<strong\\>A\\<\\\/strong\\>gence \\<strong\\>R\\<\\\/strong\\>\u00e9gionale de \\<strong\\>S\\<\\\/strong\\>ant\u00e9\\<\\\/span\\>\\<\\\/p\\>\"; toolTips('.classtoolTips188',tt_store_content,'18356'); <\/script><script type=\"text\/javascript\"> var tt_store_content = \"\\<p style\\='text\\-align\\: center;'\\>\\<span style\\='font\\-size\\: 14pt;'\\>\\<strong\\>G\\<\\\/strong\\>roupement \\<strong\\>H\\<\\\/strong\\>ospitalier de \\<strong\\>T\\<\\\/strong\\>erritoire\\<\\\/span\\>\\<\\\/p\\><br\/>\\<p style\\='text\\-align\\: justify;'\\>Les groupements hospitaliers de territoires, dispositif pr\u00e9vu par la loi de sant\u00e9 2016, sont un nouveau mode de coop\u00e9ration entre les \u00e9tablissements publics de sant\u00e9 \u00e0 l\u2019\u00e9chelle d\u2019un territoire\\<\\\/p\\>\"; toolTips('.classtoolTips189',tt_store_content,'18358'); <\/script><script type=\"text\/javascript\"> var tt_store_content = \"\\<p style\\='text\\-align\\: center;'\\>\\<span style\\='font\\-size\\: 14pt;'\\>\\<strong\\>C\\<\\\/strong\\>omit\u00e9 \\<strong\\>T\\<\\\/strong\\>echnique d'\\<strong\\>\u00c9\\<\\\/strong\\>tablissement\\<\\\/span\\>\\<\\\/p\\>\"; toolTips('.classtoolTips191',tt_store_content,'18359'); <\/script><script type=\"text\/javascript\"> var tt_store_content = \"\\<p style\\='text\\-align\\: center;'\\>\\<strong\\>\\<span style\\='font\\-size\\: 14pt;'\\>P\\<\\\/span\\>\\<\\\/strong\\>\\<span style\\='font\\-size\\: 14pt;'\\>rogrammation \\<strong\\>P\\<\\\/strong\\>luri\\-annuelle de l'\\<strong\\>\u00c9\\<\\\/strong\\>nergie\\<\\\/span\\>\\<\\\/p\\><br\/>La PPE est est en France un document strat\u00e9gique de pilotage de la transition \u00e9nerg\u00e9tique\\. Institu\u00e9e par l'article 176 de la loi transition \u00e9nerg\u00e9tique \\(TECV\\)\\. Elle fixe \\(par \u00e9nergie\\) une trajectoire pour le mix \u00e9nerg\u00e9tique, ainsi que \u00ab&nbsp;\\<em\\>les priorit\u00e9s d'action pour la gestion de l\u2019ensemble des formes d'\u00e9nergie sur le territoire m\u00e9tropolitain continental, afin d\u2019atteindre les objectifs nationaux fix\u00e9s par la loi\\<\\\/em\\>&nbsp;\u00bb\\.<br\/><br\/>Initi\u00e9e en 2016, elle est r\u00e9vis\u00e9e en 2018 puis ensuite tous les 5 ans\\.<br\/><br\/>\\<a href\\='https\\:\\\/\\\/fr\\.wikipedia\\.org\\\/wiki\\\/Programmation_pluriannuelle_de_l'\u00e9nergi' target\\='_blank' rel\\='noopener'\\>\\<em\\>Voir ici la page Wikipedia consacr\u00e9e \u00e0 la PPE\\<\\\/em\\>\\<\\\/a\\><br\/>\\<a href\\='https\\:\\\/\\\/ppe\\.debatpublic\\.fr\\\/' target\\='_blank' rel\\='noopener'\\>\\<em\\>Voir ici la page du site 'Commission du D\u00e9bat Public' consacr\u00e9e \u00e0 la PPE\\<\\\/em\\>\\<\\\/a\\>\"; toolTips('.classtoolTips193',tt_store_content,'7102'); <\/script><script type=\"text\/javascript\"> var tt_store_content = \"\\<p style\\='text\\-align\\: center;'\\>\\<strong\\>R\\<\\\/strong\\>\u00e9seau \\<strong\\>A\\<\\\/strong\\>ction \\<strong\\>C\\<\\\/strong\\>limat\\<\\\/p\\><br\/>Le r\u00e9seau Action Climat '\\<em\\>f\u00e9d\u00e8re les associations impliqu\u00e9es dans la lutte contre les changements climatiques et pour une transition \u00e9cologique, solidaire et \u00e9quitable\\<\\\/em\\>'\\.<br\/><br\/>\\<a href\\='https\\:\\\/\\\/reseauactionclimat\\.org\\\/' target\\='_blank' rel\\='noopener'\\>Voir le site du <span class='tooltipsall tooltip_post_id_4309 classtoolTips200'>RAC<\/span>\\<\\\/a\\>\"; toolTips('.classtoolTips200',tt_store_content,'4309'); <\/script><script type=\"text\/javascript\"> var tt_store_content = \"\\<p style\\='text\\-align\\: center;'\\>\\<strong\\>\\<span style\\='font\\-size\\: 14pt;'\\>R\\<\\\/span\\>\\<\\\/strong\\>\\<span style\\='font\\-size\\: 14pt;'\\>eferendum d'\\<strong\\>I\\<\\\/strong\\>nitiative \\<strong\\>C\\<\\\/strong\\>itoyenne\\<\\\/span\\>\\<\\\/p\\>\"; toolTips('.classtoolTips205',tt_store_content,'12268'); <\/script><script type=\"text\/javascript\"> var tt_store_content = \"\\<p\\><span class='tooltipsall tooltip_post_id_25844 classtoolTips208'>RTE<\/span> \\= R\u00e9seau de Transport d'Electricit\u00e9 est une filiale d'<span class='tooltipsall tooltip_post_id_7035 classtoolTips178'>EDF<\/span> qui est l'actionnaire majoritaire avec 50,1% des parts le reste \u00e9tant partag\u00e9 par la CDC et la CNP\\<\\\/p\\>\"; toolTips('.classtoolTips208',tt_store_content,'25844'); <\/script><script type=\"text\/javascript\"> var tt_store_content = \"\\<p style\\='text\\-align\\: center;'\\>\\<span style\\='font\\-size\\: 14pt;'\\>\\<strong\\>O\\<\\\/strong\\>rganisation\\<strong\\> N\\<\\\/strong\\>on\\<strong\\> G\\<\\\/strong\\>ouvernementale\\<\\\/span\\>\\<\\\/p\\><br\/>Une organisation non gouvernementale \\(ONG\\) est une \\<a title\\='Association \u00e0 but non lucratif' href\\='https\\:\\\/\\\/fr\\.wikipedia\\.org\\\/wiki\\\/Association_%C3%A0_but_non_lucratif' target\\='_blank' rel\\='noopener'\\>association \u00e0 but non lucratif\\<\\\/a\\>, d'int\u00e9r\u00eat public, qui ne rel\u00e8ve ni de l'\u00c9tat, ni d'institutions internationales\\<sup id\\='cite_ref\\-novethic_1\\-0' class\\='reference'\\>\\<\\\/sup\\>\\. Les ONG n'ont pas le statut de sujet de \\<a title\\='Droit international public' href\\='https\\:\\\/\\\/fr\\.wikipedia\\.org\\\/wiki\\\/Droit_international_public' target\\='_blank' rel\\='noopener'\\>droit international\\<\\\/a\\>\\.\"; toolTips('.classtoolTips210',tt_store_content,'3579'); <\/script><script type=\"text\/javascript\"> var tt_store_content = \"\\<p style\\='text\\-align\\: center;'\\>\\<span style\\='font\\-size\\: 14pt;'\\>\\<strong\\>O\\<\\\/strong\\>rganisation\\<strong\\> N\\<\\\/strong\\>on\\<strong\\> G\\<\\\/strong\\>ouvernementale\\<\\\/span\\>\\<\\\/p\\><br\/>Une organisation non gouvernementale \\(ONG\\) est une \\<a title\\='Association \u00e0 but non lucratif' href\\='https\\:\\\/\\\/fr\\.wikipedia\\.org\\\/wiki\\\/Association_%C3%A0_but_non_lucratif' target\\='_blank' rel\\='noopener'\\>association \u00e0 but non lucratif\\<\\\/a\\>, d'int\u00e9r\u00eat public, qui ne rel\u00e8ve ni de l'\u00c9tat, ni d'institutions internationales\\<sup id\\='cite_ref\\-novethic_1\\-0' class\\='reference'\\>\\<\\\/sup\\>\\. Les ONG n'ont pas le statut de sujet de \\<a title\\='Droit international public' href\\='https\\:\\\/\\\/fr\\.wikipedia\\.org\\\/wiki\\\/Droit_international_public' target\\='_blank' rel\\='noopener'\\>droit international\\<\\\/a\\>\\.\"; toolTips('.classtoolTips210',tt_store_content,'3579'); <\/script><script type=\"text\/javascript\"> var tt_store_content = \"\\<p\\><span class='tooltipsall tooltip_post_id_24572 classtoolTips211'>MIT<\/span> \\= Massachussets Institute of Technology, prestigieuse universit\u00e9 am\u00e9ricaine de la c\u00f4te est\\<\\\/p\\>\"; toolTips('.classtoolTips211',tt_store_content,'24572'); <\/script><script type=\"text\/javascript\"> var tt_store_content = \"\\<p style\\='text\\-align\\: center;'\\>\\<strong\\>J\\<\\\/strong\\>eux \\<strong\\>O\\<\\\/strong\\>lympiques<br\/>ou<br\/>\\<strong\\>J\\<\\\/strong\\>ournal \\<strong\\>O\\<\\\/strong\\>fficiel de la R\u00e9publique Fran\u00e7aise\\<\\\/p\\>\"; toolTips('.classtoolTips213',tt_store_content,'4451'); <\/script><script type=\"text\/javascript\"> var tt_store_content = \"\\<p\\><span class='tooltipsall tooltip_post_id_30593 classtoolTips214'>RN<\/span> \\= Rassemble National, c'est le parti d'extr\u00eame droite de Marine Le Pen qui succ\u00e8de au FN \\= Front National fond\u00e9 par son p\u00e8re Jean Marie Le Pen\\<\\\/p\\>\"; toolTips('.classtoolTips214',tt_store_content,'30593'); <\/script><script type=\"text\/javascript\"> var tt_store_content = \"\\<p style\\='text\\-align\\: center;'\\>\\<span style\\='font\\-size\\: 14pt;'\\>\\<strong\\>C\\<\\\/strong\\>entre \\<strong\\>H\\<\\\/strong\\>ospitalier\\<\\\/span\\>\\<\\\/p\\>\"; toolTips('.classtoolTips220',tt_store_content,'18357'); <\/script><script type=\"text\/javascript\"> var tt_store_content = \"\\<p\\>D\u00e9chets radioactifs \u00e0 Haute Activit\u00e9 \\(classement <span class='tooltipsall tooltip_post_id_3612 classtoolTips79'>ANDRA<\/span>\\)\\<\\\/p\\>\"; toolTips('.classtoolTips223',tt_store_content,'19196'); <\/script>","protected":false},"excerpt":{"rendered":"<p>La retraite par capitalisation confie notre \u00e9pargne \u00e0 des op\u00e9rateurs financiers qui s\u2019enrichissent en nous laissant tous les risques.<script type=\"text\/javascript\"> var tt_store_content = \"\\<b\\><span class='tooltipsall tooltip_post_id_6977 classtoolTips42'>Eurostat<\/span>\\<\\\/b\\> est une direction g\u00e9n\u00e9rale de la \\<a title\\='Commission europ\u00e9enne' href\\='https\\:\\\/\\\/fr\\.wikipedia\\.org\\\/wiki\\\/Commission_europ%C3%A9enne'\\>Commission europ\u00e9enne\\<\\\/a\\> charg\u00e9e de l'information\\<span style\\='color\\: \\#000000'\\> statistique\\<\\\/span\\> \u00e0 l'\u00e9chelle communautaire\\. Elle a pour r\u00f4le de produire les statistiques officielles de l'\\<a title\\='Union europ\u00e9enne' href\\='https\\:\\\/\\\/fr\\.wikipedia\\.org\\\/wiki\\\/Union_europ%C3%A9enne'\\>Union europ\u00e9enne\\<\\\/a\\>, principalement en collectant, harmonisant et agr\u00e9geant les donn\u00e9es publi\u00e9es par les \\<a title\\='Liste des instituts officiels de statistique' href\\='https\\:\\\/\\\/fr\\.wikipedia\\.org\\\/wiki\\\/Liste_des_instituts_officiels_de_statistique'\\>instituts nationaux de statistiques\\<\\\/a\\> des \\<a class\\='mw\\-redirect' title\\='Etats membres de l'Union europ\u00e9enne' href\\='https\\:\\\/\\\/fr\\.wikipedia\\.org\\\/wiki\\\/Etats_membres_de_l%27Union_europ%C3%A9enne'\\>pays membres de l'Union europ\u00e9enne\\<\\\/a\\>, des pays \\<a title\\='Futur \u00e9largissement de l'Union europ\u00e9enne' href\\='https\\:\\\/\\\/fr\\.wikipedia\\.org\\\/wiki\\\/Futur_%C3%A9largissement_de_l%27Union_europ%C3%A9enne'\\>candidats \u00e0 l'adh\u00e9sion\\<\\\/a\\> et des pays de l'Association europ\u00e9enne de libre\\-\u00e9change\\. \\(D\u00e9finition Wikip\u00e9dia\\)\"; toolTips('.classtoolTips42',tt_store_content,'6977'); <\/script><script type=\"text\/javascript\"> var tt_store_content = \"\\<span class\\='st'\\>L'Institut National de la Statistique et des Etudes Economiques collecte, produit, analyse et diffuse des informations sur l'\u00e9conomie et la soci\u00e9t\u00e9 fran\u00e7aises\\.\\<\\\/span\\>\"; toolTips('.classtoolTips82',tt_store_content,'6978'); <\/script><script type=\"text\/javascript\"> var tt_store_content = \"\\<span class\\='st'\\>L'Institut National de la Statistique et des Etudes Economiques collecte, produit, analyse et diffuse des informations sur l'\u00e9conomie et la soci\u00e9t\u00e9 fran\u00e7aises\\.\\<\\\/span\\>\"; toolTips('.classtoolTips82',tt_store_content,'6978'); <\/script><script type=\"text\/javascript\"> var tt_store_content = \"\\<p\\><span class='tooltipsall tooltip_post_id_23586 classtoolTips107'>NTIC<\/span> \\= Nouvelles technologies de l'information et de la communication\\<\\\/p\\>\"; toolTips('.classtoolTips107',tt_store_content,'23586'); <\/script><script type=\"text\/javascript\"> var tt_store_content = \"\\<p\\>NTIC \\= Nouvelles technologies de l'information et de la communication\\<\\\/p\\>\"; toolTips('.classtoolTips107',tt_store_content,'23586'); <\/script><script type=\"text\/javascript\"> var tt_store_content = \"\\<p\\>NTIC \\= Nouvelles technologies de l'Information et de la Communication\\<\\\/p\\>\"; toolTips('.classtoolTips112',tt_store_content,'30265'); <\/script><script type=\"text\/javascript\"> var tt_store_content = \"Le <span class='tooltipsall tooltip_post_id_3743 classtoolTips128'>CIRC<\/span> est le&nbsp; \\<a href\\='https\\:\\\/\\\/fr\\.wikipedia\\.org\\\/wiki\\\/Centre_international_de_recherche_sur_le_cancer' target\\='_blank' rel\\='noopener'\\>Centre international de Recherche sur le Cancer\\<\\\/a\\>, cr\u00e9\u00e9 en 1965 par l\u2019\\<a href\\='https\\:\\\/\\\/fr\\.wikipedia\\.org\\\/wiki\\\/Organisation_mondiale_de_la_sant%C3%A9' target\\='_blank' rel\\='noopener'\\>Organisation Mondiale de la Sant\u00e9\\<\\\/a\\> \\(OMS\\) des \\<a href\\='https\\:\\\/\\\/fr\\.wikipedia\\.org\\\/wiki\\\/Organisation_des_Nations_unies' target\\='_blank' rel\\='noopener'\\>Nations Unies\\<\\\/a\\>\\.\"; toolTips('.classtoolTips128',tt_store_content,'3743'); <\/script><script type=\"text\/javascript\"> var tt_store_content = \"\\<\/p>\n<p style\\='text\\-align\\: center;'\\>\\<span style\\='font\\-size\\: 14pt;'\\>\\<strong\\>C\\<\\\/strong\\>entre \\<strong\\>C\\<\\\/strong\\>ommunal d'\\<strong\\>A\\<\\\/strong\\>ction \\<strong\\>S\\<\\\/strong\\>ociale\\<\\\/span\\>\\<\\\/p\\><br \/>\\<\/p>\n<p style\\='text\\-align\\: justify;'\\>Un centre communal d'action sociale \\(<span class='tooltipsall tooltip_post_id_18100 classtoolTips132'>CCAS<\/span>\\) est, en France, un \u00e9tablissement public administr\u00e9 par un conseil d'administration pr\u00e9sid\u00e9 par le maire de la commune\\. Il a pour mission d'animer une action g\u00e9n\u00e9rale de pr\u00e9vention et de d\u00e9veloppement social au sein de la commune en liaison \u00e9troite avec les institutions publiques et priv\u00e9es\\<\\\/p\\>\"; toolTips('.classtoolTips132',tt_store_content,'18100'); <\/script><script type=\"text\/javascript\"> var tt_store_content = \"\\<\/p>\n<p style\\='text\\-align\\: center;'\\>\\<strong\\>\\<span style\\='font\\-size\\: 14pt;'\\>S\\<\\\/span\\>\\<\\\/strong\\>\\<span style\\='font\\-size\\: 14pt;'\\>oci\u00e9t\u00e9 d'\\<strong\\>\u00c9\\<\\\/strong\\>conomie \\<strong\\>M\\<\\\/strong\\>ixte\\<\\\/span\\>\\<\\\/p\\><br \/>\\<\/p>\n<p style\\='text\\-align\\: justify;'\\>En France, une soci\u00e9t\u00e9 d'\u00e9conomie mixte est une soci\u00e9t\u00e9 anonyme dont le capital est majoritairement d\u00e9tenu par une ou plusieurs personnes publiques \\(\u00e0 savoir l'\u00c9tat, une Collectivit\u00e9 territoriale, ou tout autre \u00c9tablissement public\\)\\. Cette participation majoritaire publique est plafonn\u00e9e \u00e0 85&nbsp;% du capital depuis la Loi du 2 janvier 2002\\. Au moins une personne priv\u00e9e doit participer au capital de la <span class='tooltipsall tooltip_post_id_7168 classtoolTips142'>SEM<\/span>, sachant qu'il peut s'agir d'une autre SEM\\.\\<\\\/p\\><br \/>\\<\/p>\n<p style\\='text\\-align\\: justify;'\\>\\<strong\\>Le recours \u00e0 la SEM garantit\\<\\\/strong\\> \u00e0 la collectivit\u00e9 publique actionnaire et cocontractante \\<strong\\>la prise en compte effective de l'int\u00e9r\u00eat g\u00e9n\u00e9ral\\<\\\/strong\\> dans les objectifs de l'entreprise \\<strong\\>et la souplesse de la soci\u00e9t\u00e9 de droit priv\u00e9\\<\\\/strong\\>\\.\\<\\\/p\\><br \/>\\<em\\>\\<a href\\='https\\:\\\/\\\/fr\\.wikipedia\\.org\\\/wiki\\\/Soci%C3%A9t%C3%A9_d%27%C3%A9conomie_mixte' target\\='_blank' rel\\='noopener'\\>Voir ici la page Wikipedia consacr\u00e9e aux SEM\\<\\\/a\\> \\<\\\/em\\><\/p>\n<p>&nbsp;\"; toolTips('.classtoolTips142',tt_store_content,'7168'); <\/script><script type=\"text\/javascript\"> var tt_store_content = \"\\<\/p>\n<p style\\='text\\-align\\: center;'\\>\\<span style\\='font\\-size\\: 14pt;'\\>\\<strong\\>I\\<\\\/strong\\>mp\u00f4t sur la \\<strong\\>F\\<\\\/strong\\>ortune \\<strong\\>I\\<\\\/strong\\>mmobili\u00e8re\\<\\\/span\\>\\<\\\/p\\>\"; toolTips('.classtoolTips148',tt_store_content,'5643'); <\/script><script type=\"text\/javascript\"> var tt_store_content = \"\\<\/p>\n<p style\\='text\\-align\\: justify'\\><span class='tooltipsall tooltip_post_id_27153 classtoolTips153'>FMI<\/span> \\= Fonds Mon\u00e9taire International\\. \\<em\\>Le Fonds mon\u00e9taire international \\(FMI\\) s\u2019emploie \u00e0 assurer la croissance et la prosp\u00e9rit\u00e9 durables de l\u2019ensemble de ses 190 pays membres\\. Pour y parvenir, il soutient des politiques \u00e9conomiques qui favorisent la stabilit\u00e9 financi\u00e8re et la coop\u00e9ration mon\u00e9taire, essentielles \u00e0 la productivit\u00e9, la cr\u00e9ation d\u2019emplois et le bien\\-\u00eatre \u00e9conomique\\. Le FMI est gouvern\u00e9 par ses pays membres, auxquels il rend compte de son action\\. \\(source FMI\\)\\<\\\/em\\>\\<\\\/p\\>\"; toolTips('.classtoolTips153',tt_store_content,'27153'); <\/script><script type=\"text\/javascript\"> var tt_store_content = \"\\<\/p>\n<p style\\='text\\-align\\: justify'\\>FMI \\= Fonds Mon\u00e9taire International\\. \\<em\\>Le Fonds mon\u00e9taire international \\(FMI\\) s\u2019emploie \u00e0 assurer la croissance et la prosp\u00e9rit\u00e9 durables de l\u2019ensemble de ses 190 pays membres\\. Pour y parvenir, il soutient des politiques \u00e9conomiques qui favorisent la stabilit\u00e9 financi\u00e8re et la coop\u00e9ration mon\u00e9taire, essentielles \u00e0 la productivit\u00e9, la cr\u00e9ation d\u2019emplois et le bien\\-\u00eatre \u00e9conomique\\. Le FMI est gouvern\u00e9 par ses pays membres, auxquels il rend compte de son action\\. \\(source FMI\\)\\<\\\/em\\>\\<\\\/p\\>\"; toolTips('.classtoolTips153',tt_store_content,'27153'); <\/script><script type=\"text\/javascript\"> var tt_store_content = \"\\<\/p>\n<p style\\='text\\-align\\: center;'\\>\\<span style\\='font\\-size\\: 14pt;'\\>\\<strong\\>R\\<\\\/strong\\>\u00e9pertoire \\<strong\\>N\\<\\\/strong\\>ational des \\<strong\\>A\\<\\\/strong\\>ssociations\\<\\\/span\\>\\<\\\/p\\>\"; toolTips('.classtoolTips159',tt_store_content,'24374'); <\/script><script type=\"text\/javascript\"> var tt_store_content = \"\\<\/p>\n<p style\\='text\\-align\\: center;'\\>\\<strong\\>\\<span style\\='font\\-size\\: 14pt;'\\>G\\<\\\/span\\>\\<\\\/strong\\>\\<span style\\='font\\-size\\: 14pt;'\\>az \u00e0 \\<strong\\>E\\<\\\/strong\\>ffet de \\<strong\\>S\\<\\\/strong\\>erre\\<\\\/span\\>\\<\\\/p\\><br \/>\\<\/p>\n<p style\\='text\\-align\\: justify;'\\>Les gaz \u00e0 effet de serre \\(<span class='tooltipsall tooltip_post_id_7232 classtoolTips161'>GES<\/span>\\) sont des composants gazeux qui absorbent le rayonnement infrarouge \u00e9mis par la surface terrestre et contribuent \u00e0 l'effet de serre\\. L'augmentation de leur concentration dans l'atmosph\u00e8re terrestre est l'un des facteurs \u00e0 l'origine du r\u00e9chauffement climatique\\.\\<\\\/p\\><br \/>\\<a href\\='https\\:\\\/\\\/fr\\.wikipedia\\.org\\\/wiki\\\/Gaz_%C3%A0_effet_de_serre' target\\='_blank' rel\\='noopener'\\>\\<em\\>Voir ici la fiche Wikipedia sur les gaz \u00e0 effet de serre\\<\\\/em\\>\\<\\\/a\\>\"; toolTips('.classtoolTips161',tt_store_content,'7232'); <\/script><script type=\"text\/javascript\"> var tt_store_content = \"\\<\/p>\n<p style\\='text\\-align\\: justify'\\>La \u00ab\u00a0\\<b\\>programmation pluriannuelle de l'\u00e9nergie\\<\\\/b\\>\u00a0\u00bb \\(<span class='tooltipsall tooltip_post_id_7750 classtoolTips164'>PPE<\/span>\\) est, en France, un document strat\u00e9gique de pilotage de la transition \u00e9nerg\u00e9tique\\. Institu\u00e9e par l'article 176 de la \\<a title\\='Loi relative \u00e0 la transition \u00e9nerg\u00e9tique pour la croissance verte' href\\='https\\:\\\/\\\/fr\\.wikipedia\\.org\\\/wiki\\\/Loi_relative_%C3%A0_la_transition_%C3%A9nerg%C3%A9tique_pour_la_croissance_verte'\\>loi de transition \u00e9nerg\u00e9tique\\<\\\/a\\> \\(TECV\\), elle fixe une trajectoire pour le \\<a title\\='Mix \u00e9nerg\u00e9tique' href\\='https\\:\\\/\\\/fr\\.wikipedia\\.org\\\/wiki\\\/Mix_%C3%A9nerg%C3%A9tique'\\>mix \u00e9nerg\u00e9tique\\<\\\/a\\>, ainsi que \\<span class\\='citation'\\>\u00ab\u00a0les priorit\u00e9s d'action pour la gestion de l\u2019ensemble des formes d'\u00e9nergie sur le territoire m\u00e9tropolitain continental, afin d\u2019atteindre les objectifs nationaux fix\u00e9s par la loi\u00a0\u00bb\\<\\\/span\\>\\. \\(Wikip\u00e9dia\\)\\<\\\/p\\>\"; toolTips('.classtoolTips164',tt_store_content,'7750'); <\/script><script type=\"text\/javascript\"> var tt_store_content = \"\\<\/p>\n<p style\\='text\\-align\\: justify'\\>La \u00ab\u00a0\\<b\\>programmation pluriannuelle de l'\u00e9nergie\\<\\\/b\\>\u00a0\u00bb \\(PPE\\) est, en France, un document strat\u00e9gique de pilotage de la transition \u00e9nerg\u00e9tique\\. Institu\u00e9e par l'article 176 de la \\<a title\\='Loi relative \u00e0 la transition \u00e9nerg\u00e9tique pour la croissance verte' href\\='https\\:\\\/\\\/fr\\.wikipedia\\.org\\\/wiki\\\/Loi_relative_%C3%A0_la_transition_%C3%A9nerg%C3%A9tique_pour_la_croissance_verte'\\>loi de transition \u00e9nerg\u00e9tique\\<\\\/a\\> \\(TECV\\), elle fixe une trajectoire pour le \\<a title\\='Mix \u00e9nerg\u00e9tique' href\\='https\\:\\\/\\\/fr\\.wikipedia\\.org\\\/wiki\\\/Mix_%C3%A9nerg%C3%A9tique'\\>mix \u00e9nerg\u00e9tique\\<\\\/a\\>, ainsi que \\<span class\\='citation'\\>\u00ab\u00a0les priorit\u00e9s d'action pour la gestion de l\u2019ensemble des formes d'\u00e9nergie sur le territoire m\u00e9tropolitain continental, afin d\u2019atteindre les objectifs nationaux fix\u00e9s par la loi\u00a0\u00bb\\<\\\/span\\>\\. \\(Wikip\u00e9dia\\)\\<\\\/p\\>\"; toolTips('.classtoolTips164',tt_store_content,'7750'); <\/script><script type=\"text\/javascript\"> var tt_store_content = \"\\<\/p>\n<p style\\='text\\-align\\: justify;'\\>Le Conseil d'Orientation des Retraites est une instance qui r\u00e9unit &nbsp;\\<span class\\='st'\\>les principaux acteurs du champ des retraites\\<\\\/span\\> et effectue un travail d'\u00e9tudes et de concertation\\. Compos\u00e9 de parlementaires, de repr\u00e9sentants des organisations professionnelles et syndicales, des retrait\u00e9s et des familles, de membres de l'administration et d'experts, le Conseil d'orientation des retraites \\(<span class='tooltipsall tooltip_post_id_7751 classtoolTips165'>COR<\/span>\\) est plac\u00e9 aupr\u00e8s du Premier ministre\\.\\<\\\/p\\>\"; toolTips('.classtoolTips165',tt_store_content,'7751'); <\/script><script type=\"text\/javascript\"> var tt_store_content = \"\\<\/p>\n<p style\\='text\\-align\\: center;'\\>\\<span style\\='font\\-size\\: 14pt;'\\>\\<strong\\>O\\<\\\/strong\\>rganisation \\<strong\\>M\\<\\\/strong\\>\u00e9t\u00e9orologique \\<strong\\>M\\<\\\/strong\\>ondiale<br \/>\\<strong\\>W\\<\\\/strong\\>orld \\<strong\\>M\\<\\\/strong\\>eteorological \\<strong\\>O\\<\\\/strong\\>rganization\\<\\\/span\\>\\<\\\/p\\><br \/>&nbsp;<\/p>\n<p>\\<a href\\='https\\:\\\/\\\/public\\.wmo\\.int\\\/fr' target\\='_blank' rel\\='noopener'\\>\\<em\\>Acc\u00e9der ici au site de l'organisation\\<\\\/em\\>\\<\\\/a\\>\"; toolTips('.classtoolTips168',tt_store_content,'7763'); <\/script><script type=\"text\/javascript\"> var tt_store_content = \"\\<p\\><span class='tooltipsall tooltip_post_id_20308 classtoolTips169'>FED<\/span> \\= abr\u00e9viation de 'Federal Reserve System'\\. C'est la banque centrale des Etats Unis\\. elle est ind\u00e9pendante du pouvoir politique\\.\\<\\\/p\\>\"; toolTips('.classtoolTips169',tt_store_content,'20308'); <\/script><script type=\"text\/javascript\"> var tt_store_content = \"\\<p\\>FED \\= abr\u00e9viation de 'Federal Reserve System'\\. C'est la banque centrale des Etats Unis\\. elle est ind\u00e9pendante du pouvoir politique\\.\\<\\\/p\\>\"; toolTips('.classtoolTips169',tt_store_content,'20308'); <\/script><script type=\"text\/javascript\"> var tt_store_content = \"\\<\/p>\n<p style\\='text\\-align\\: center;'\\>\\<span style\\='font\\-size\\: 14pt;'\\>\\<strong\\>\u00c9\\<\\\/strong\\>cole \\<strong\\>N\\<\\\/strong\\>ationale d'\\<strong\\>A\\<\\\/strong\\>dministration\\<\\\/span\\>\\<\\\/p\\>\"; toolTips('.classtoolTips170',tt_store_content,'5213'); <\/script><script type=\"text\/javascript\"> var tt_store_content = \"\\<\/p>\n<p style\\='text\\-align\\: center;'\\>\\<span style\\='font\\-size\\: 14pt;'\\>\\<strong\\>P\\<\\\/strong\\>\\<\\\/span\\>\\<span style\\='font\\-size\\: 14pt;'\\>lan \\<strong\\>L\\<\\\/strong\\>\\<\\\/span\\>\\<span style\\='font\\-size\\: 14pt;'\\>ocal d'\\<strong\\>U\\<\\\/strong\\>\\<\\\/span\\>\\<span style\\='font\\-size\\: 14pt;'\\>rbanisme\\<\\\/span\\>\\<\\\/p\\><br \/>&nbsp;\"; toolTips('.classtoolTips176',tt_store_content,'4979'); <\/script><script type=\"text\/javascript\"> var tt_store_content = \"\\<\/p>\n<p style\\='text\\-align\\: center;'\\>\\<strong\\>P\\<\\\/strong\\>roduit \\<strong\\>I\\<\\\/strong\\>nt\u00e9rieur \\<strong\\>B\\<\\\/strong\\>rut\\<\\\/p\\><br \/>Indicateur \u00e9conomique, le <span class='tooltipsall tooltip_post_id_4470 classtoolTips177'>PIB<\/span> repr\u00e9sente la valeur de la richesse \\('valeur ajout\u00e9e\\)' cr\u00e9\u00e9e par un territoire donn\u00e9, pendant une p\u00e9riode donn\u00e9e, par les activit\u00e9s \u00e9conomiques situ\u00e9es sur ce territoire\\. En g\u00e9n\u00e9ral, on parle de PIB pour une ann\u00e9e donn\u00e9e\\.<\/p>\n<p>\\<a href\\='https\\:\\\/\\\/fr\\.wikipedia\\.org\\\/wiki\\\/Produit_int%C3%A9rieur_brut' target\\='_blank' rel\\='noopener'\\>Voir ici la fiche Wikipedia sur le sujet\\<\\\/a\\><\/p>\n<p>&nbsp;\"; toolTips('.classtoolTips177',tt_store_content,'4470'); <\/script><script type=\"text\/javascript\"> var tt_store_content = \"\\<p\\>Conseil \u00c9conomique et Social\\<\\\/p\\>\"; toolTips('.classtoolTips180',tt_store_content,'29829'); <\/script><script type=\"text\/javascript\"> var tt_store_content = \"\\<\/p>\n<p style\\='text\\-align\\: center;'\\>\\<span style\\='font\\-size\\: 14pt;'\\>\\<strong\\>A\\<\\\/strong\\>gence \\<strong\\>R\\<\\\/strong\\>\u00e9gionale de \\<strong\\>S\\<\\\/strong\\>ant\u00e9\\<\\\/span\\>\\<\\\/p\\>\"; toolTips('.classtoolTips188',tt_store_content,'18356'); <\/script><script type=\"text\/javascript\"> var tt_store_content = \"\\<\/p>\n<p style\\='text\\-align\\: center;'\\>\\<span style\\='font\\-size\\: 14pt;'\\>\\<strong\\>G\\<\\\/strong\\>roupement \\<strong\\>H\\<\\\/strong\\>ospitalier de \\<strong\\>T\\<\\\/strong\\>erritoire\\<\\\/span\\>\\<\\\/p\\><br \/>\\<\/p>\n<p style\\='text\\-align\\: justify;'\\>Les groupements hospitaliers de territoires, dispositif pr\u00e9vu par la loi de sant\u00e9 2016, sont un nouveau mode de coop\u00e9ration entre les \u00e9tablissements publics de sant\u00e9 \u00e0 l\u2019\u00e9chelle d\u2019un territoire\\<\\\/p\\>\"; toolTips('.classtoolTips189',tt_store_content,'18358'); <\/script><script type=\"text\/javascript\"> var tt_store_content = \"\\<\/p>\n<p style\\='text\\-align\\: center;'\\>\\<span style\\='font\\-size\\: 14pt;'\\>\\<strong\\>C\\<\\\/strong\\>omit\u00e9 \\<strong\\>T\\<\\\/strong\\>echnique d'\\<strong\\>\u00c9\\<\\\/strong\\>tablissement\\<\\\/span\\>\\<\\\/p\\>\"; toolTips('.classtoolTips191',tt_store_content,'18359'); <\/script><script type=\"text\/javascript\"> var tt_store_content = \"\\<\/p>\n<p style\\='text\\-align\\: center;'\\>\\<strong\\>\\<span style\\='font\\-size\\: 14pt;'\\>P\\<\\\/span\\>\\<\\\/strong\\>\\<span style\\='font\\-size\\: 14pt;'\\>rogrammation \\<strong\\>P\\<\\\/strong\\>luri\\-annuelle de l'\\<strong\\>\u00c9\\<\\\/strong\\>nergie\\<\\\/span\\>\\<\\\/p\\><br \/>La PPE est est en France un document strat\u00e9gique de pilotage de la transition \u00e9nerg\u00e9tique\\. Institu\u00e9e par l'article 176 de la loi transition \u00e9nerg\u00e9tique \\(TECV\\)\\. Elle fixe \\(par \u00e9nergie\\) une trajectoire pour le mix \u00e9nerg\u00e9tique, ainsi que \u00ab&nbsp;\\<em\\>les priorit\u00e9s d'action pour la gestion de l\u2019ensemble des formes d'\u00e9nergie sur le territoire m\u00e9tropolitain continental, afin d\u2019atteindre les objectifs nationaux fix\u00e9s par la loi\\<\\\/em\\>&nbsp;\u00bb\\.<\/p>\n<p>Initi\u00e9e en 2016, elle est r\u00e9vis\u00e9e en 2018 puis ensuite tous les 5 ans\\.<\/p>\n<p>\\<a href\\='https\\:\\\/\\\/fr\\.wikipedia\\.org\\\/wiki\\\/Programmation_pluriannuelle_de_l'\u00e9nergi' target\\='_blank' rel\\='noopener'\\>\\<em\\>Voir ici la page Wikipedia consacr\u00e9e \u00e0 la PPE\\<\\\/em\\>\\<\\\/a\\><br \/>\\<a href\\='https\\:\\\/\\\/ppe\\.debatpublic\\.fr\\\/' target\\='_blank' rel\\='noopener'\\>\\<em\\>Voir ici la page du site 'Commission du D\u00e9bat Public' consacr\u00e9e \u00e0 la PPE\\<\\\/em\\>\\<\\\/a\\>\"; toolTips('.classtoolTips193',tt_store_content,'7102'); <\/script><script type=\"text\/javascript\"> var tt_store_content = \"\\<\/p>\n<p style\\='text\\-align\\: center;'\\>\\<strong\\>R\\<\\\/strong\\>\u00e9seau \\<strong\\>A\\<\\\/strong\\>ction \\<strong\\>C\\<\\\/strong\\>limat\\<\\\/p\\><br \/>Le r\u00e9seau Action Climat '\\<em\\>f\u00e9d\u00e8re les associations impliqu\u00e9es dans la lutte contre les changements climatiques et pour une transition \u00e9cologique, solidaire et \u00e9quitable\\<\\\/em\\>'\\.<\/p>\n<p>\\<a href\\='https\\:\\\/\\\/reseauactionclimat\\.org\\\/' target\\='_blank' rel\\='noopener'\\>Voir le site du <span class='tooltipsall tooltip_post_id_4309 classtoolTips200'>RAC<\/span>\\<\\\/a\\>\"; toolTips('.classtoolTips200',tt_store_content,'4309'); <\/script><script type=\"text\/javascript\"> var tt_store_content = \"\\<\/p>\n<p style\\='text\\-align\\: center;'\\>\\<strong\\>\\<span style\\='font\\-size\\: 14pt;'\\>R\\<\\\/span\\>\\<\\\/strong\\>\\<span style\\='font\\-size\\: 14pt;'\\>eferendum d'\\<strong\\>I\\<\\\/strong\\>nitiative \\<strong\\>C\\<\\\/strong\\>itoyenne\\<\\\/span\\>\\<\\\/p\\>\"; toolTips('.classtoolTips205',tt_store_content,'12268'); <\/script><script type=\"text\/javascript\"> var tt_store_content = \"\\<p\\><span class='tooltipsall tooltip_post_id_25844 classtoolTips208'>RTE<\/span> \\= R\u00e9seau de Transport d'Electricit\u00e9 est une filiale d'<span class='tooltipsall tooltip_post_id_7035 classtoolTips178'>EDF<\/span> qui est l'actionnaire majoritaire avec 50,1% des parts le reste \u00e9tant partag\u00e9 par la CDC et la CNP\\<\\\/p\\>\"; toolTips('.classtoolTips208',tt_store_content,'25844'); <\/script><script type=\"text\/javascript\"> var tt_store_content = \"\\<\/p>\n<p style\\='text\\-align\\: center;'\\>\\<span style\\='font\\-size\\: 14pt;'\\>\\<strong\\>O\\<\\\/strong\\>rganisation\\<strong\\> N\\<\\\/strong\\>on\\<strong\\> G\\<\\\/strong\\>ouvernementale\\<\\\/span\\>\\<\\\/p\\><br \/>Une organisation non gouvernementale \\(<span class='tooltipsall tooltip_post_id_3579 classtoolTips210'>ONG<\/span>\\) est une \\<a title\\='Association \u00e0 but non lucratif' href\\='https\\:\\\/\\\/fr\\.wikipedia\\.org\\\/wiki\\\/Association_%C3%A0_but_non_lucratif' target\\='_blank' rel\\='noopener'\\>association \u00e0 but non lucratif\\<\\\/a\\>, d'int\u00e9r\u00eat public, qui ne rel\u00e8ve ni de l'\u00c9tat, ni d'institutions internationales\\<sup id\\='cite_ref\\-novethic_1\\-0' class\\='reference'\\>\\<\\\/sup\\>\\. Les ONG n'ont pas le statut de sujet de \\<a title\\='Droit international public' href\\='https\\:\\\/\\\/fr\\.wikipedia\\.org\\\/wiki\\\/Droit_international_public' target\\='_blank' rel\\='noopener'\\>droit international\\<\\\/a\\>\\.\"; toolTips('.classtoolTips210',tt_store_content,'3579'); <\/script><script type=\"text\/javascript\"> var tt_store_content = \"\\<\/p>\n<p style\\='text\\-align\\: center;'\\>\\<span style\\='font\\-size\\: 14pt;'\\>\\<strong\\>O\\<\\\/strong\\>rganisation\\<strong\\> N\\<\\\/strong\\>on\\<strong\\> G\\<\\\/strong\\>ouvernementale\\<\\\/span\\>\\<\\\/p\\><br \/>Une organisation non gouvernementale \\(ONG\\) est une \\<a title\\='Association \u00e0 but non lucratif' href\\='https\\:\\\/\\\/fr\\.wikipedia\\.org\\\/wiki\\\/Association_%C3%A0_but_non_lucratif' target\\='_blank' rel\\='noopener'\\>association \u00e0 but non lucratif\\<\\\/a\\>, d'int\u00e9r\u00eat public, qui ne rel\u00e8ve ni de l'\u00c9tat, ni d'institutions internationales\\<sup id\\='cite_ref\\-novethic_1\\-0' class\\='reference'\\>\\<\\\/sup\\>\\. Les ONG n'ont pas le statut de sujet de \\<a title\\='Droit international public' href\\='https\\:\\\/\\\/fr\\.wikipedia\\.org\\\/wiki\\\/Droit_international_public' target\\='_blank' rel\\='noopener'\\>droit international\\<\\\/a\\>\\.\"; toolTips('.classtoolTips210',tt_store_content,'3579'); <\/script><script type=\"text\/javascript\"> var tt_store_content = \"\\<p\\><span class='tooltipsall tooltip_post_id_24572 classtoolTips211'>MIT<\/span> \\= Massachussets Institute of Technology, prestigieuse universit\u00e9 am\u00e9ricaine de la c\u00f4te est\\<\\\/p\\>\"; toolTips('.classtoolTips211',tt_store_content,'24572'); <\/script><script type=\"text\/javascript\"> var tt_store_content = \"\\<\/p>\n<p style\\='text\\-align\\: center;'\\>\\<strong\\>J\\<\\\/strong\\>eux \\<strong\\>O\\<\\\/strong\\>lympiques<br \/>ou<br \/>\\<strong\\>J\\<\\\/strong\\>ournal \\<strong\\>O\\<\\\/strong\\>fficiel de la R\u00e9publique Fran\u00e7aise\\<\\\/p\\>\"; toolTips('.classtoolTips213',tt_store_content,'4451'); <\/script><script type=\"text\/javascript\"> var tt_store_content = \"\\<p\\><span class='tooltipsall tooltip_post_id_30593 classtoolTips214'>RN<\/span> \\= Rassemble National, c'est le parti d'extr\u00eame droite de Marine Le Pen qui succ\u00e8de au FN \\= Front National fond\u00e9 par son p\u00e8re Jean Marie Le Pen\\<\\\/p\\>\"; toolTips('.classtoolTips214',tt_store_content,'30593'); <\/script><script type=\"text\/javascript\"> var tt_store_content = \"\\<\/p>\n<p style\\='text\\-align\\: center;'\\>\\<span style\\='font\\-size\\: 14pt;'\\>\\<strong\\>C\\<\\\/strong\\>entre \\<strong\\>H\\<\\\/strong\\>ospitalier\\<\\\/span\\>\\<\\\/p\\>\"; toolTips('.classtoolTips220',tt_store_content,'18357'); <\/script><script type=\"text\/javascript\"> var tt_store_content = \"\\<p\\>D\u00e9chets radioactifs \u00e0 Haute Activit\u00e9 \\(classement <span class='tooltipsall tooltip_post_id_3612 classtoolTips79'>ANDRA<\/span>\\)\\<\\\/p\\>\"; toolTips('.classtoolTips223',tt_store_content,'19196'); <\/script><\/p>\n","protected":false},"author":52,"featured_media":0,"comment_status":"open","ping_status":"open","sticky":false,"template":"","format":"standard","meta":{"_acf_changed":false,"ngg_post_thumbnail":0,"_jetpack_memberships_contains_paid_content":false,"footnotes":""},"categories":[6,9,98,5,27],"tags":[],"coauthors":[253],"class_list":["post-32119","post","type-post","status-publish","format-standard","hentry","category-actu","category-actu_gen","category-rub_pol_economie","category-rub_pol","category-rub","edition-edi_00121","type_art-type_art_article","dossier-dossiers_changer_les_institutions","no-thumb"],"acf":[],"jetpack_featured_media_url":"","jetpack_sharing_enabled":true,"jetpack_shortlink":"https:\/\/wp.me\/p9B5TM-8m3","_links":{"self":[{"href":"https:\/\/le-clairon-nouveau.fr\/wordpress\/wp-json\/wp\/v2\/posts\/32119","targetHints":{"allow":["GET"]}}],"collection":[{"href":"https:\/\/le-clairon-nouveau.fr\/wordpress\/wp-json\/wp\/v2\/posts"}],"about":[{"href":"https:\/\/le-clairon-nouveau.fr\/wordpress\/wp-json\/wp\/v2\/types\/post"}],"author":[{"embeddable":true,"href":"https:\/\/le-clairon-nouveau.fr\/wordpress\/wp-json\/wp\/v2\/users\/52"}],"replies":[{"embeddable":true,"href":"https:\/\/le-clairon-nouveau.fr\/wordpress\/wp-json\/wp\/v2\/comments?post=32119"}],"version-history":[{"count":2,"href":"https:\/\/le-clairon-nouveau.fr\/wordpress\/wp-json\/wp\/v2\/posts\/32119\/revisions"}],"predecessor-version":[{"id":32195,"href":"https:\/\/le-clairon-nouveau.fr\/wordpress\/wp-json\/wp\/v2\/posts\/32119\/revisions\/32195"}],"wp:attachment":[{"href":"https:\/\/le-clairon-nouveau.fr\/wordpress\/wp-json\/wp\/v2\/media?parent=32119"}],"wp:term":[{"taxonomy":"category","embeddable":true,"href":"https:\/\/le-clairon-nouveau.fr\/wordpress\/wp-json\/wp\/v2\/categories?post=32119"},{"taxonomy":"post_tag","embeddable":true,"href":"https:\/\/le-clairon-nouveau.fr\/wordpress\/wp-json\/wp\/v2\/tags?post=32119"},{"taxonomy":"author","embeddable":true,"href":"https:\/\/le-clairon-nouveau.fr\/wordpress\/wp-json\/wp\/v2\/coauthors?post=32119"}],"curies":[{"name":"wp","href":"https:\/\/api.w.org\/{rel}","templated":true}]}}