{"id":32228,"date":"2025-07-07T21:46:45","date_gmt":"2025-07-07T19:46:45","guid":{"rendered":"https:\/\/le-clairon-nouveau.fr\/wordpress\/?p=32228"},"modified":"2025-09-25T12:38:53","modified_gmt":"2025-09-25T10:38:53","slug":"assemblee-generale-de-lassociation-rubresus","status":"publish","type":"post","link":"https:\/\/le-clairon-nouveau.fr\/wordpress\/blog\/2025\/07\/07\/assemblee-generale-de-lassociation-rubresus\/","title":{"rendered":"Assembl\u00e9e g\u00e9n\u00e9rale de l\u2019association RUBRESUS"},"content":{"rendered":"<p><img data-recalc-dims=\"1\" loading=\"lazy\" decoding=\"async\" class=\" wp-image-23558 aligncenter\" src=\"https:\/\/i0.wp.com\/le-clairon-nouveau.fr\/wordpress\/wp-content\/uploads\/2020\/12\/Breves-du-Clairon-nvelle.jpg?resize=177%2C75&#038;ssl=1\" alt=\"\" width=\"177\" height=\"75\" srcset=\"https:\/\/i0.wp.com\/le-clairon-nouveau.fr\/wordpress\/wp-content\/uploads\/2020\/12\/Breves-du-Clairon-nvelle.jpg?resize=300%2C127&amp;ssl=1 300w, https:\/\/i0.wp.com\/le-clairon-nouveau.fr\/wordpress\/wp-content\/uploads\/2020\/12\/Breves-du-Clairon-nvelle.jpg?w=329&amp;ssl=1 329w\" sizes=\"auto, (max-width: 177px) 100vw, 177px\" \/><\/p>\n<p>&nbsp;<\/p>\n<p><img data-recalc-dims=\"1\" loading=\"lazy\" decoding=\"async\" class=\" wp-image-32229 aligncenter\" src=\"https:\/\/i0.wp.com\/le-clairon-nouveau.fr\/wordpress\/wp-content\/uploads\/2025\/07\/Logo-Rubresus.jpg?resize=678%2C113&#038;ssl=1\" alt=\"\" width=\"678\" height=\"113\" srcset=\"https:\/\/i0.wp.com\/le-clairon-nouveau.fr\/wordpress\/wp-content\/uploads\/2025\/07\/Logo-Rubresus.jpg?resize=300%2C50&amp;ssl=1 300w, https:\/\/i0.wp.com\/le-clairon-nouveau.fr\/wordpress\/wp-content\/uploads\/2025\/07\/Logo-Rubresus.jpg?resize=768%2C127&amp;ssl=1 768w, https:\/\/i0.wp.com\/le-clairon-nouveau.fr\/wordpress\/wp-content\/uploads\/2025\/07\/Logo-Rubresus.jpg?w=921&amp;ssl=1 921w\" sizes=\"auto, (max-width: 678px) 100vw, 678px\" \/><\/p>\n<p>&nbsp;<\/p>\n<p style=\"text-align: justify\"><strong><em>\u00a0 \u00a0L\u2019association <span class='tooltipsall tooltip_post_id_7255 classtoolTips44'>RUBRESUS<\/span> a tenu son Assembl\u00e9e g\u00e9n\u00e9rale annuelle le 27 juin dernier. Cette association de protection et de sauvegarde de l\u2019environnement bas\u00e9e dans la Narbonnaise intervient principalement dans l\u2019est du d\u00e9partement de l\u2019Aude.\u00a0 \u00a0<br \/>\n<\/em><\/strong><strong><em>\u00a0 \u00a0Son nom fait r\u00e9f\u00e9rence \u00e0 un lac, le \u00ab Lacus Rubresus \u00bb en latin, qui se traduit par \u00ab lac rouge\u00e2tre \u00bb. Cette \u00e9tendue d\u2019eau lagunaire submergeait \u00e0 l\u2019\u00e9poque romaine une partie des basses plaines de l\u2019Aude. Elle recevait les alluvions de lu fleuve Aude ce qui lui conf\u00e9rait une couleur rouge\u00e2tre.<\/em><\/strong><\/p>\n<p style=\"text-align: justify\"><strong><em>En raison de la canicule qui s\u00e9vissait le\u00a0 27 juin dernier, et qui rendait inutilisable la salle de r\u00e9union initialement pr\u00e9vue \u00e0 Vinassan, l\u2019Assembl\u00e9e g\u00e9n\u00e9rale s\u2019est tenue en plein air sur un mode rappelant les agoras antiques, pratiqu\u00e9es peut \u00eatre dans les m\u00eames lieux il y a 2000 ans\u2026 \u00a0<\/em><\/strong><\/p>\n<p><span style=\"font-size: 14pt\"><strong>Rubresus : une activit\u00e9 sans rel\u00e2che :<\/strong><\/span><\/p>\n<p style=\"text-align: justify\">\u00a0 \u00a0Depuis sa naissance en 1998, Rubresus n\u2019a cess\u00e9 de combattre les projets et pratiques polluantes qui d\u00e9gradent l\u2019environnement et menacent la sant\u00e9 des populations audoises. Pour ce faire, elle mobilise au sein ses membres et dans des partenariats avec des organisations de m\u00eame sensibilit\u00e9s les comp\u00e9tences techniques et scientifiques qui lui permettent d\u2019analyser les projets et pratiques qui posent des probl\u00e8mes d\u2019ordre environnemental, climatique ou de sant\u00e9 publique.<\/p>\n<p style=\"text-align: justify\">\u00a0 \u00a0Ainsi Rubresus continue \u00e0 \u00eatre mobilis\u00e9e actuellement contre des projets de l\u2019industriel nucl\u00e9aire <span class='tooltipsall tooltip_post_id_7214 classtoolTips0'><span class='tooltipsall tooltip_post_id_5129 classtoolTips77'>ORANO<\/span> \/ Malv\u00e9si<\/span> qui repr\u00e9sentent un danger pour la sant\u00e9 des habitants de l\u2019agglom\u00e9ration de Narbonne. Il s\u2019agit notamment du projet <span class='tooltipsall tooltip_post_id_3610 classtoolTips37'>TDN<\/span> de traitement thermique des effluents nitrat\u00e9s issus du raffinage du concentr\u00e9 d\u2019uranium alimentant la fili\u00e8re nucl\u00e9aire. <span class='tooltipsall tooltip_post_id_29829 classtoolTips180'>Ces<\/span> effluents sont actuellement stock\u00e9s dans des bassins g\u00e9ants \u00e0 3 km du centre de Narbonne et le projet TDN risque de disperser des fum\u00e9es toxiques sur l\u2019agglom\u00e9ration\u2026Il s\u2019agit aussi des conditions d\u2019installation et de fonctionnement sur le m\u00eame site d\u2019une nouvelle activit\u00e9 de l\u2019industriel, qui produit la NVH (Nouvelle voie Humide) fournissant en oxyde d\u2019uranium l\u2019usine M\u00e9lox de Marcoule o\u00f9 est produit le combustible <span class='tooltipsall tooltip_post_id_7037 classtoolTips179'>MOX<\/span> dop\u00e9 au plutonium de La Hague\u2026.<\/p>\n<p style=\"text-align: justify\"><strong><em>On peut s\u2019interroger sur la compatibilit\u00e9 de ce d\u00e9veloppement d\u2019activit\u00e9s chimico-nucl\u00e9aires<\/em> <\/strong><em><strong>au milieu d\u2019une agglom\u00e9ration qui ne cesse de s&rsquo;agrandir\u2026<\/strong>. <\/em><\/p>\n<p style=\"text-align: justify\">\u00a0 \u00a0Le combat juridique engag\u00e9 par Rubresus contre le projet TDN, a atteint le stade du recours en Conseil d\u2019Etat. S\u2019il n\u2019a pas permis jusque-l\u00e0 de rejeter le projet TDN, il a du moins retard\u00e9 sa r\u00e9alisation au point de la rendre improbable\u2026<\/p>\n<p><span style=\"text-decoration: underline\">Mais d\u2019autres projets et pratiques mobilisent aussi l\u2019association, parmi lesquels\u00a0<\/span>:<\/p>\n<ul>\n<li>Le projet de protection de l\u2019ouest de Narbonne contre les inondations dont le co\u00fbt a \u00e9volu\u00e9 de fa\u00e7on pharamineuse en changeant de bureau tout en proposant des solutions \u00e0 l\u2019efficacit\u00e9 discutable avec un fort impact sur l\u2019environnement<\/li>\n<li>La question de la s\u00e9curisation des berges et digues de l\u2019Aude dans la travers\u00e9e de Coursan<\/li>\n<li>La question des ressources en eau et de la qualit\u00e9 de l\u2019eau dans l\u2019agglom\u00e9ration narbonnaise<\/li>\n<li>La question du curetage du Canal du Midi, du canal de la Robine et du canal de jonction par VNF et des d\u00e9p\u00f4ts de boues pollu\u00e9es<\/li>\n<\/ul>\n<p style=\"text-align: justify\">Toutes les recherches et les actions engag\u00e9es par Rubresus sont le fait de b\u00e9n\u00e9voles. La qualit\u00e9 et le s\u00e9rieux de leurs prestations a convaincu un certain nombre de m\u00e9c\u00e8nes qui leur ont apport\u00e9 leur soutien, notamment dans les recours en justice entrepris contre ORANO Malv\u00e9si.<\/p>\n<p style=\"text-align: justify\">Rubresus, ainsi que d&rsquo;autres d\u2019autres organisations issues de la soci\u00e9t\u00e9 civile, ont prouv\u00e9 leur comp\u00e9tence \u00e0 analyser des projets et pratiques concernant leur environnement, il est regrettable que les politiques men\u00e9es actuellement par l\u2019\u00c9tat tendent moins prendre en compte les avis de ces organisations et plus g\u00e9n\u00e9ralement \u00e0 r\u00e9duire les instances de consultation et de d\u00e9bat avec le public.<\/p>\n<p style=\"text-align: justify\">Apr\u00e8s le vote du rapport d\u2019activit\u00e9s et du rapport financier et la reconduction de l\u2019\u00e9quipe dirigeante, un pot de l\u2019amiti\u00e9 a \u00e9t\u00e9 partag\u00e9 entre les membres de l\u2019association.<\/p>\n<p>&nbsp;<\/p>\n<p style=\"text-align: right\"><em>La r\u00e9daction du Clairon de l&rsquo;Atax le 30 juin 2025<\/em><\/p>\n<script type=\"text\/javascript\"> var tt_store_content = \"\\<p style\\='text\\-align\\: justify'\\>\\<strong\\>Situ\u00e9e \u00e0 moins de 3 kilom\u00e8tres du centre ancien de Narbonne, l\u2019usine nucl\u00e9aire de Malv\u00e9si traite depuis plus de 50 ans du minerai d\u2019uranium \u00e0 usage civil ou militaire\\.\\<\\\/strong\\>\\<\\\/p\\><br\/>\\<p style\\='text\\-align\\: justify'\\>\\<strong\\>\u00a0\u00bc du minerai nucl\u00e9aire mondial passe par cet \u00e9tablissement qui raffine le minerai entrant sous forme de \u00ab\u00a0yellowcake\u00a0\u00bb en t\u00e9trafluorure d\u2019uranium \\(UF4\\) avant de le r\u00e9exp\u00e9dier \u00e0 l\u2019usine de Pierrelatte\\.\\<\\\/strong\\>\\<\\\/p\\><br\/>\\<p style\\='text\\-align\\: justify'\\>\\<strong\\>On estime a pr\u00e8s d\u20191 million de m3 les effluents nitrat\u00e9s et radioactifs qui sont issus de ce raffinage et actuellement stock\u00e9s\u00a0 dans des bassins d\u2019\u00e9vaporation et de d\u00e9cantation qui jouxtent l\u2019usine\\.\\<\\\/strong\\>\\<\\\/p\\><br\/>\\<p style\\='text\\-align\\: justify'\\>\\<strong\\>Depuis sa mise en service de nombreux incidents et accidents ont \u00e9maill\u00e9 le fonctionnement de cette installation class\u00e9e en partie <span class='tooltipsall tooltip_post_id_3616 classtoolTips158'>INB<\/span> \\(\\<em\\>Installation Nucl\u00e9aire de Base\\<\\\/em\\>\\), ICPE \\(\\<em\\>Installation Class\u00e9e pour la Protection de l\u2019Environnement\\<\\\/em\\>\\), <span class='tooltipsall tooltip_post_id_19989 classtoolTips59'>SEVESO<\/span> \\(seuil haut\\) tandis qu\u2019en mai 2016 le minist\u00e8re de la D\u00e9fense a class\u00e9 le site en ZNAR \\(Zone Nucl\u00e9aire \u00e0 Acc\u00e8s R\u00e9glement\u00e9\\)\\. Les communes les plus proches du site Narbonne et Moussan sont class\u00e9es comme comportant \u00ab\u00a0un risque technologique industriel de seuil haut\u00a0\u00bb\\<\\\/strong\\>\\<\\\/p\\>\"; toolTips('.classtoolTips0',tt_store_content,'7214'); <\/script><script type=\"text\/javascript\"> var tt_store_content = \"\\<p style\\='text\\-align\\: center;'\\>\\<span style\\='font\\-size\\: 14pt;'\\>\\<strong\\>T\\<\\\/strong\\>raitement\\<strong\\> D\\<\\\/strong\\>es\\<strong\\> N\\<\\\/strong\\>itrates\\<strong\\> \\(TDN\\)<br\/>TH\\<\\\/strong\\>ermal\\<strong\\> O\\<\\\/strong\\>rganic\\<strong\\> R\\<\\\/strong\\>eduction\\<strong\\> \\(<span class='tooltipsall tooltip_post_id_3610 classtoolTips37'>THOR<\/span>\\)\\<\\\/strong\\>\\<\\\/span\\>\\<\\\/p\\><br\/>\\<p style\\='text\\-align\\: justify;'\\>Proc\u00e9d\u00e9 envisag\u00e9 par la soci\u00e9t\u00e9 AREVA pour retraiter les d\u00e9chets nitrat\u00e9s et radio\\-actifs issus de son activit\u00e9 d'enrichissement de l'uranium, phase I de la pr\u00e9paration du combustible des centrales nucl\u00e9aires\\.\\<\\\/p\\><br\/>\\<p style\\='text\\-align\\: justify;'\\>Cette activit\u00e9 est mise en \u0153uvre dans l'usine de Malv\u00e9si \u00e0 quelques kilom\u00e8tres de Narbonne\\.\\<\\\/p\\><br\/>\\<p style\\='text\\-align\\: justify;'\\>Ce proc\u00e9d\u00e9, potentiellement tr\u00e8s toxique pour la sant\u00e9 et l'environnement, est au centre d'une vive opposition de la part des riverains et \u00e0 laquelle le Clairon s'associe \\(\\<a href\\='https\\:\\\/\\\/le\\-clairon\\-nouveau\\.fr\\\/wordpress\\\/dossiers\\\/dossier\\-malvesi\\-areva\\\/' target\\='_blank' rel\\='noopener'\\>voir notre dossier\\<\\\/a\\> sur le sujet\\)\\.\\<\\\/p\\>\"; toolTips('.classtoolTips37',tt_store_content,'3610'); <\/script><script type=\"text\/javascript\"> var tt_store_content = \"\\<p\\>Association de protection et sauvegarde de l\u2019environnement des Basses Plaines de l\u2019Aude\\<\\\/p\\>\"; toolTips('.classtoolTips44',tt_store_content,'7255'); <\/script><script type=\"text\/javascript\"> var tt_store_content = \"\\<p\\>Association de protection et sauvegarde de l\u2019environnement des Basses Plaines de l\u2019Aude\\<\\\/p\\>\"; toolTips('.classtoolTips44',tt_store_content,'7255'); <\/script><script type=\"text\/javascript\"> var tt_store_content = \"Nouveau nom que s'est donn\u00e9, en 2018, l'entreprise AREVA\"; toolTips('.classtoolTips77',tt_store_content,'5129'); <\/script><script type=\"text\/javascript\"> var tt_store_content = \"\\<p style\\='text\\-align\\: center;'\\>\\<strong\\>\\<span style\\='font\\-size\\: 14pt;'\\>S\\<\\\/span\\>\\<\\\/strong\\>\\<span style\\='font\\-size\\: 14pt;'\\>oci\u00e9t\u00e9 d'\\<strong\\>\u00c9\\<\\\/strong\\>conomie \\<strong\\>M\\<\\\/strong\\>ixte\\<\\\/span\\>\\<\\\/p\\><br\/>\\<p style\\='text\\-align\\: justify;'\\>En France, une soci\u00e9t\u00e9 d'\u00e9conomie mixte est une soci\u00e9t\u00e9 anonyme dont le capital est majoritairement d\u00e9tenu par une ou plusieurs personnes publiques \\(\u00e0 savoir l'\u00c9tat, une Collectivit\u00e9 territoriale, ou tout autre \u00c9tablissement public\\)\\. Cette participation majoritaire publique est plafonn\u00e9e \u00e0 85&nbsp;% du capital depuis la Loi du 2 janvier 2002\\. Au moins une personne priv\u00e9e doit participer au capital de la <span class='tooltipsall tooltip_post_id_7168 classtoolTips142'>SEM<\/span>, sachant qu'il peut s'agir d'une autre SEM\\.\\<\\\/p\\><br\/>\\<p style\\='text\\-align\\: justify;'\\>\\<strong\\>Le recours \u00e0 la SEM garantit\\<\\\/strong\\> \u00e0 la collectivit\u00e9 publique actionnaire et cocontractante \\<strong\\>la prise en compte effective de l'int\u00e9r\u00eat g\u00e9n\u00e9ral\\<\\\/strong\\> dans les objectifs de l'entreprise \\<strong\\>et la souplesse de la soci\u00e9t\u00e9 de droit priv\u00e9\\<\\\/strong\\>\\.\\<\\\/p\\><br\/>\\<em\\>\\<a href\\='https\\:\\\/\\\/fr\\.wikipedia\\.org\\\/wiki\\\/Soci%C3%A9t%C3%A9_d%27%C3%A9conomie_mixte' target\\='_blank' rel\\='noopener'\\>Voir ici la page Wikipedia consacr\u00e9e aux SEM\\<\\\/a\\> \\<\\\/em\\><br\/><br\/>&nbsp;\"; toolTips('.classtoolTips142',tt_store_content,'7168'); <\/script><script type=\"text\/javascript\"> var tt_store_content = \"\\<p style\\='text\\-align\\: center;'\\>\\<span style\\='font\\-size\\: 14pt;'\\>\\<strong\\>I\\<\\\/strong\\>mp\u00f4t sur la \\<strong\\>F\\<\\\/strong\\>ortune \\<strong\\>I\\<\\\/strong\\>mmobili\u00e8re\\<\\\/span\\>\\<\\\/p\\>\"; toolTips('.classtoolTips148',tt_store_content,'5643'); <\/script><script type=\"text\/javascript\"> var tt_store_content = \"\\<p style\\='text\\-align\\: center;'\\>\\<span style\\='font\\-size\\: 14pt;'\\>\\<strong\\>R\\<\\\/strong\\>evenu de \\<strong\\>S\\<\\\/strong\\>olidarit\u00e9 \\<strong\\>A\\<\\\/strong\\>ctive\\<\\\/span\\>\\<\\\/p\\><br\/>\\<p style\\='text\\-align\\: justify;'\\>Le revenu de solidarit\u00e9 active est une prestation sociale fran\u00e7aise, g\u00e9r\u00e9e par les conseils d\u00e9partementaux, vers\u00e9e par les <span class='tooltipsall tooltip_post_id_5652 classtoolTips155'>CAF<\/span> et les MSA et destin\u00e9e \u00e0 garantir \u00e0 ses b\u00e9n\u00e9ficiaires, qu'ils aient ou non la capacit\u00e9 de travailler, un revenu minimum, avec en contrepartie une obligation de chercher un emploi ou de d\u00e9finir et suivre un projet professionnel visant \u00e0 am\u00e9liorer sa situation financi\u00e8re\\.\\<\\\/p\\><br\/>\\<p style\\='text\\-align\\: justify;'\\>Cette prestation sociale a \u00e9t\u00e9 mise en place en 2009, en remplacement du RMI \\(revenu minimum d'insertion\\), mis en place en 1988\\.\\<\\\/p\\><br\/>\\<p style\\='text\\-align\\: justify;'\\>En 2016, 2,5 millions de personnes \u00e9taient b\u00e9n\u00e9ficiaires du <span class='tooltipsall tooltip_post_id_5651 classtoolTips154'>RSA<\/span>\\.\\<\\\/p\\><br\/>\\<em\\>\\<a href\\='https\\:\\\/\\\/fr\\.wikipedia\\.org\\\/wiki\\\/Revenu_de_solidarit%C3%A9_active' target\\='_blank' rel\\='noopener'\\>Acc\u00e9der ici \u00e0 la fiche Wikipedia traitant du RSA\\<\\\/a\\><br\/>\\<a href\\='https\\:\\\/\\\/www\\.insee\\.fr\\\/fr\\\/metadonnees\\\/definition\\\/c1718' target\\='_blank' rel\\='noopener'\\>Acc\u00e9der ici \u00e0 la d\u00e9finition du RSA fournie par l'<span class='tooltipsall tooltip_post_id_6978 classtoolTips82'>INSEE<\/span>\\<\\\/a\\>\\<\\\/em\\>\"; toolTips('.classtoolTips154',tt_store_content,'5651'); <\/script><script type=\"text\/javascript\"> var tt_store_content = \"\\<p style\\='text\\-align\\: center;'\\>\\<span style\\='font\\-size\\: 14pt;'\\>\\<strong\\>R\\<\\\/strong\\>\u00e9pertoire \\<strong\\>N\\<\\\/strong\\>ational des \\<strong\\>A\\<\\\/strong\\>ssociations\\<\\\/span\\>\\<\\\/p\\>\"; toolTips('.classtoolTips159',tt_store_content,'24374'); <\/script><script type=\"text\/javascript\"> var tt_store_content = \"\\<p style\\='text\\-align\\: center;'\\>\\<strong\\>\\<span style\\='font\\-size\\: 14pt;'\\>G\\<\\\/span\\>\\<\\\/strong\\>\\<span style\\='font\\-size\\: 14pt;'\\>az \u00e0 \\<strong\\>E\\<\\\/strong\\>ffet de \\<strong\\>S\\<\\\/strong\\>erre\\<\\\/span\\>\\<\\\/p\\><br\/>\\<p style\\='text\\-align\\: justify;'\\>Les gaz \u00e0 effet de serre \\(<span class='tooltipsall tooltip_post_id_7232 classtoolTips161'>GES<\/span>\\) sont des composants gazeux qui absorbent le rayonnement infrarouge \u00e9mis par la surface terrestre et contribuent \u00e0 l'effet de serre\\. L'augmentation de leur concentration dans l'atmosph\u00e8re terrestre est l'un des facteurs \u00e0 l'origine du r\u00e9chauffement climatique\\.\\<\\\/p\\><br\/>\\<a href\\='https\\:\\\/\\\/fr\\.wikipedia\\.org\\\/wiki\\\/Gaz_%C3%A0_effet_de_serre' target\\='_blank' rel\\='noopener'\\>\\<em\\>Voir ici la fiche Wikipedia sur les gaz \u00e0 effet de serre\\<\\\/em\\>\\<\\\/a\\>\"; toolTips('.classtoolTips161',tt_store_content,'7232'); <\/script><script type=\"text\/javascript\"> var tt_store_content = \"\\<p style\\='text\\-align\\: justify'\\>La \u00ab\u00a0\\<b\\>programmation pluriannuelle de l'\u00e9nergie\\<\\\/b\\>\u00a0\u00bb \\(<span class='tooltipsall tooltip_post_id_7750 classtoolTips164'>PPE<\/span>\\) est, en France, un document strat\u00e9gique de pilotage de la transition \u00e9nerg\u00e9tique\\. Institu\u00e9e par l'article 176 de la \\<a title\\='Loi relative \u00e0 la transition \u00e9nerg\u00e9tique pour la croissance verte' href\\='https\\:\\\/\\\/fr\\.wikipedia\\.org\\\/wiki\\\/Loi_relative_%C3%A0_la_transition_%C3%A9nerg%C3%A9tique_pour_la_croissance_verte'\\>loi de transition \u00e9nerg\u00e9tique\\<\\\/a\\> \\(TECV\\), elle fixe une trajectoire pour le \\<a title\\='Mix \u00e9nerg\u00e9tique' href\\='https\\:\\\/\\\/fr\\.wikipedia\\.org\\\/wiki\\\/Mix_%C3%A9nerg%C3%A9tique'\\>mix \u00e9nerg\u00e9tique\\<\\\/a\\>, ainsi que \\<span class\\='citation'\\>\u00ab\u00a0les priorit\u00e9s d'action pour la gestion de l\u2019ensemble des formes d'\u00e9nergie sur le territoire m\u00e9tropolitain continental, afin d\u2019atteindre les objectifs nationaux fix\u00e9s par la loi\u00a0\u00bb\\<\\\/span\\>\\. \\(Wikip\u00e9dia\\)\\<\\\/p\\>\"; toolTips('.classtoolTips164',tt_store_content,'7750'); <\/script><script type=\"text\/javascript\"> var tt_store_content = \"\\<p style\\='text\\-align\\: justify'\\>La \u00ab\u00a0\\<b\\>programmation pluriannuelle de l'\u00e9nergie\\<\\\/b\\>\u00a0\u00bb \\(PPE\\) est, en France, un document strat\u00e9gique de pilotage de la transition \u00e9nerg\u00e9tique\\. Institu\u00e9e par l'article 176 de la \\<a title\\='Loi relative \u00e0 la transition \u00e9nerg\u00e9tique pour la croissance verte' href\\='https\\:\\\/\\\/fr\\.wikipedia\\.org\\\/wiki\\\/Loi_relative_%C3%A0_la_transition_%C3%A9nerg%C3%A9tique_pour_la_croissance_verte'\\>loi de transition \u00e9nerg\u00e9tique\\<\\\/a\\> \\(TECV\\), elle fixe une trajectoire pour le \\<a title\\='Mix \u00e9nerg\u00e9tique' href\\='https\\:\\\/\\\/fr\\.wikipedia\\.org\\\/wiki\\\/Mix_%C3%A9nerg%C3%A9tique'\\>mix \u00e9nerg\u00e9tique\\<\\\/a\\>, ainsi que \\<span class\\='citation'\\>\u00ab\u00a0les priorit\u00e9s d'action pour la gestion de l\u2019ensemble des formes d'\u00e9nergie sur le territoire m\u00e9tropolitain continental, afin d\u2019atteindre les objectifs nationaux fix\u00e9s par la loi\u00a0\u00bb\\<\\\/span\\>\\. \\(Wikip\u00e9dia\\)\\<\\\/p\\>\"; toolTips('.classtoolTips164',tt_store_content,'7750'); <\/script><script type=\"text\/javascript\"> var tt_store_content = \"\\<p style\\='text\\-align\\: justify;'\\>Le Conseil d'Orientation des Retraites est une instance qui r\u00e9unit &nbsp;\\<span class\\='st'\\>les principaux acteurs du champ des retraites\\<\\\/span\\> et effectue un travail d'\u00e9tudes et de concertation\\. Compos\u00e9 de parlementaires, de repr\u00e9sentants des organisations professionnelles et syndicales, des retrait\u00e9s et des familles, de membres de l'administration et d'experts, le Conseil d'orientation des retraites \\(<span class='tooltipsall tooltip_post_id_7751 classtoolTips165'>COR<\/span>\\) est plac\u00e9 aupr\u00e8s du Premier ministre\\.\\<\\\/p\\>\"; toolTips('.classtoolTips165',tt_store_content,'7751'); <\/script><script type=\"text\/javascript\"> var tt_store_content = \"\\<p style\\='text\\-align\\: center;'\\>\\<span style\\='font\\-size\\: 14pt;'\\>\\<strong\\>\u00c9\\<\\\/strong\\>cole \\<strong\\>N\\<\\\/strong\\>ationale d'\\<strong\\>A\\<\\\/strong\\>dministration\\<\\\/span\\>\\<\\\/p\\>\"; toolTips('.classtoolTips170',tt_store_content,'5213'); <\/script><script type=\"text\/javascript\"> var tt_store_content = \"\\<p style\\='text\\-align\\: justify'\\>\\<span class\\='ILfuVd'\\>La politique agricole commune \\(\\<b\\><span class='tooltipsall tooltip_post_id_11364 classtoolTips174'>PAC<\/span>\\<\\\/b\\>\\) est une politique mise en place \u00e0 l'\u00e9chelle de l'Union europ\u00e9enne\\. \u00c0 l'origine, elle est fond\u00e9e principalement sur des mesures de contr\u00f4le des prix et de subventionnement, visant \u00e0 moderniser et d\u00e9velopper l'agriculture\\.\\<\\\/span\\> \\(source Wikipedia\\)\\<\\\/p\\>\"; toolTips('.classtoolTips174',tt_store_content,'11364'); <\/script><script type=\"text\/javascript\"> var tt_store_content = \"\\<p style\\='text\\-align\\: center;'\\>\\<span style\\='font\\-size\\: 14pt;'\\>\\<strong\\>P\\<\\\/strong\\>\\<\\\/span\\>\\<span style\\='font\\-size\\: 14pt;'\\>lan \\<strong\\>L\\<\\\/strong\\>\\<\\\/span\\>\\<span style\\='font\\-size\\: 14pt;'\\>ocal d'\\<strong\\>U\\<\\\/strong\\>\\<\\\/span\\>\\<span style\\='font\\-size\\: 14pt;'\\>rbanisme\\<\\\/span\\>\\<\\\/p\\><br\/>&nbsp;\"; toolTips('.classtoolTips176',tt_store_content,'4979'); <\/script><script type=\"text\/javascript\"> var tt_store_content = \"Le MOX \\(ou MOx\\) est un \\<em\\>combustible nucl\u00e9aire\\<\\\/em\\> constitu\u00e9 d'environ 8,5&nbsp;% de plutonium et 91,5&nbsp;% d'uranium appauvri\\.<br\/><br\/>Le terme MOX est l'abr\u00e9viation de \u00ab&nbsp;M\u00e9lange d'OXydes&nbsp;\u00bb \\(ou Mixed OXides en anglais\\) car le combustible MOX contient du dioxyde de plutonium \\(PuO2\\) et du dioxyde d'uranium appauvri \\(UO2\\), produit en poudre, granul\u00e9s ou pastilles\\.<br\/><br\/>Le MOX r\u00e9sulte du retraitement des combustibles us\u00e9s des centrales nucl\u00e9aires\\. Il ne fait actuellement \\(2018\\) l'objet d'aucun retraitement\\.<br\/><br\/>\\<a href\\='https\\:\\\/\\\/fr\\.wikipedia\\.org\\\/wiki\\\/Combustible_MOX' target\\='_blank' rel\\='noopener'\\>\\<em\\>Voir ici la fiche Wikipedia concernant le MOX\\<\\\/em\\>\\<\\\/a\\>\"; toolTips('.classtoolTips179',tt_store_content,'7037'); <\/script><script type=\"text\/javascript\"> var tt_store_content = \"Le MOX \\(ou MOx\\) est un \\<em\\>combustible nucl\u00e9aire\\<\\\/em\\> constitu\u00e9 d'environ 8,5&nbsp;% de plutonium et 91,5&nbsp;% d'uranium appauvri\\.<br\/><br\/>Le terme MOX est l'abr\u00e9viation de \u00ab&nbsp;M\u00e9lange d'OXydes&nbsp;\u00bb \\(ou Mixed OXides en anglais\\) car le combustible MOX contient du dioxyde de plutonium \\(PuO2\\) et du dioxyde d'uranium appauvri \\(UO2\\), produit en poudre, granul\u00e9s ou pastilles\\.<br\/><br\/>Le MOX r\u00e9sulte du retraitement des combustibles us\u00e9s des centrales nucl\u00e9aires\\. Il ne fait actuellement \\(2018\\) l'objet d'aucun retraitement\\.<br\/><br\/>\\<a href\\='https\\:\\\/\\\/fr\\.wikipedia\\.org\\\/wiki\\\/Combustible_MOX' target\\='_blank' rel\\='noopener'\\>\\<em\\>Voir ici la fiche Wikipedia concernant le MOX\\<\\\/em\\>\\<\\\/a\\>\"; toolTips('.classtoolTips179',tt_store_content,'7037'); <\/script><script type=\"text\/javascript\"> var tt_store_content = \"\\<p\\>Conseil \u00c9conomique et Social\\<\\\/p\\>\"; toolTips('.classtoolTips180',tt_store_content,'29829'); <\/script><script type=\"text\/javascript\"> var tt_store_content = \"\\<p style\\='text\\-align\\: center;'\\>\\<span style\\='font\\-size\\: 14pt;'\\>\\<strong\\>G\\<\\\/strong\\>roupement \\<strong\\>H\\<\\\/strong\\>ospitalier de \\<strong\\>T\\<\\\/strong\\>erritoire\\<\\\/span\\>\\<\\\/p\\><br\/>\\<p style\\='text\\-align\\: justify;'\\>Les groupements hospitaliers de territoires, dispositif pr\u00e9vu par la loi de sant\u00e9 2016, sont un nouveau mode de coop\u00e9ration entre les \u00e9tablissements publics de sant\u00e9 \u00e0 l\u2019\u00e9chelle d\u2019un territoire\\<\\\/p\\>\"; toolTips('.classtoolTips189',tt_store_content,'18358'); <\/script><script type=\"text\/javascript\"> var tt_store_content = \"\\<p style\\='text\\-align\\: center;'\\>\\<strong\\>\\<span style\\='font\\-size\\: 14pt;'\\>P\\<\\\/span\\>\\<\\\/strong\\>\\<span style\\='font\\-size\\: 14pt;'\\>rogrammation \\<strong\\>P\\<\\\/strong\\>luri\\-annuelle de l'\\<strong\\>\u00c9\\<\\\/strong\\>nergie\\<\\\/span\\>\\<\\\/p\\><br\/>La PPE est est en France un document strat\u00e9gique de pilotage de la transition \u00e9nerg\u00e9tique\\. Institu\u00e9e par l'article 176 de la loi transition \u00e9nerg\u00e9tique \\(TECV\\)\\. Elle fixe \\(par \u00e9nergie\\) une trajectoire pour le mix \u00e9nerg\u00e9tique, ainsi que \u00ab&nbsp;\\<em\\>les priorit\u00e9s d'action pour la gestion de l\u2019ensemble des formes d'\u00e9nergie sur le territoire m\u00e9tropolitain continental, afin d\u2019atteindre les objectifs nationaux fix\u00e9s par la loi\\<\\\/em\\>&nbsp;\u00bb\\.<br\/><br\/>Initi\u00e9e en 2016, elle est r\u00e9vis\u00e9e en 2018 puis ensuite tous les 5 ans\\.<br\/><br\/>\\<a href\\='https\\:\\\/\\\/fr\\.wikipedia\\.org\\\/wiki\\\/Programmation_pluriannuelle_de_l'\u00e9nergi' target\\='_blank' rel\\='noopener'\\>\\<em\\>Voir ici la page Wikipedia consacr\u00e9e \u00e0 la PPE\\<\\\/em\\>\\<\\\/a\\><br\/>\\<a href\\='https\\:\\\/\\\/ppe\\.debatpublic\\.fr\\\/' target\\='_blank' rel\\='noopener'\\>\\<em\\>Voir ici la page du site 'Commission du D\u00e9bat Public' consacr\u00e9e \u00e0 la PPE\\<\\\/em\\>\\<\\\/a\\>\"; toolTips('.classtoolTips193',tt_store_content,'7102'); <\/script><script type=\"text\/javascript\"> var tt_store_content = \"\\<p style\\='text\\-align\\: center;'\\>\\<span style\\='font\\-size\\: 14pt;'\\>\\<strong\\>E\\<\\\/strong\\>volutionary \\<strong\\>P\\<\\\/strong\\>ower \\<strong\\>R\\<\\\/strong\\>eactor\\<\\\/span\\>\\<\\\/p\\><br\/>\\<p style\\='text\\-align\\: justify;'\\>R\u00e9acteur nucl\u00e9aire de troisi\u00e8me g\u00e9n\u00e9ration \\(classification internationale\\), con\u00e7u et d\u00e9velopp\u00e9 par <span class='tooltipsall tooltip_post_id_5121 classtoolTips35'>Areva NP<\/span>&nbsp; au cours des ann\u00e9es 1990 et 2000\\. Il fait partie de la fili\u00e8re des r\u00e9acteurs \u00e0 eau pressuris\u00e9e\\.\\<\\\/p\\><br\/>\\<a href\\='https\\:\\\/\\\/fr\\.wikipedia\\.org\\\/wiki\\\/R%C3%A9acteur_pressuris%C3%A9_europ%C3%A9en' target\\='_blank' rel\\='noopener'\\>\\<em\\>Voir ici la fiche Wikipedia <span class='tooltipsall tooltip_post_id_5579 classtoolTips196'>EPR<\/span>\\<\\\/em\\>\\<\\\/a\\>\"; toolTips('.classtoolTips196',tt_store_content,'5579'); <\/script><script type=\"text\/javascript\"> var tt_store_content = \"\\<p\\><span class='tooltipsall tooltip_post_id_25844 classtoolTips208'>RTE<\/span> \\= R\u00e9seau de Transport d'Electricit\u00e9 est une filiale d'<span class='tooltipsall tooltip_post_id_7035 classtoolTips178'>EDF<\/span> qui est l'actionnaire majoritaire avec 50,1% des parts le reste \u00e9tant partag\u00e9 par la CDC et la CNP\\<\\\/p\\>\"; toolTips('.classtoolTips208',tt_store_content,'25844'); <\/script><script type=\"text\/javascript\"> var tt_store_content = \"\\<p style\\='text\\-align\\: center;'\\>\\<span style\\='font\\-size\\: 14pt;'\\>\\<strong\\>O\\<\\\/strong\\>rganisation\\<strong\\> N\\<\\\/strong\\>on\\<strong\\> G\\<\\\/strong\\>ouvernementale\\<\\\/span\\>\\<\\\/p\\><br\/>Une organisation non gouvernementale \\(<span class='tooltipsall tooltip_post_id_3579 classtoolTips210'>ONG<\/span>\\) est une \\<a title\\='Association \u00e0 but non lucratif' href\\='https\\:\\\/\\\/fr\\.wikipedia\\.org\\\/wiki\\\/Association_%C3%A0_but_non_lucratif' target\\='_blank' rel\\='noopener'\\>association \u00e0 but non lucratif\\<\\\/a\\>, d'int\u00e9r\u00eat public, qui ne rel\u00e8ve ni de l'\u00c9tat, ni d'institutions internationales\\<sup id\\='cite_ref\\-novethic_1\\-0' class\\='reference'\\>\\<\\\/sup\\>\\. Les ONG n'ont pas le statut de sujet de \\<a title\\='Droit international public' href\\='https\\:\\\/\\\/fr\\.wikipedia\\.org\\\/wiki\\\/Droit_international_public' target\\='_blank' rel\\='noopener'\\>droit international\\<\\\/a\\>\\.\"; toolTips('.classtoolTips210',tt_store_content,'3579'); <\/script><script type=\"text\/javascript\"> var tt_store_content = \"\\<p style\\='text\\-align\\: center;'\\>\\<span style\\='font\\-size\\: 14pt;'\\>\\<strong\\>O\\<\\\/strong\\>rganisation\\<strong\\> N\\<\\\/strong\\>on\\<strong\\> G\\<\\\/strong\\>ouvernementale\\<\\\/span\\>\\<\\\/p\\><br\/>Une organisation non gouvernementale \\(ONG\\) est une \\<a title\\='Association \u00e0 but non lucratif' href\\='https\\:\\\/\\\/fr\\.wikipedia\\.org\\\/wiki\\\/Association_%C3%A0_but_non_lucratif' target\\='_blank' rel\\='noopener'\\>association \u00e0 but non lucratif\\<\\\/a\\>, d'int\u00e9r\u00eat public, qui ne rel\u00e8ve ni de l'\u00c9tat, ni d'institutions internationales\\<sup id\\='cite_ref\\-novethic_1\\-0' class\\='reference'\\>\\<\\\/sup\\>\\. Les ONG n'ont pas le statut de sujet de \\<a title\\='Droit international public' href\\='https\\:\\\/\\\/fr\\.wikipedia\\.org\\\/wiki\\\/Droit_international_public' target\\='_blank' rel\\='noopener'\\>droit international\\<\\\/a\\>\\.\"; toolTips('.classtoolTips210',tt_store_content,'3579'); <\/script><script type=\"text\/javascript\"> var tt_store_content = \"\\<p\\><span class='tooltipsall tooltip_post_id_24572 classtoolTips211'>MIT<\/span> \\= Massachussets Institute of Technology, prestigieuse universit\u00e9 am\u00e9ricaine de la c\u00f4te est\\<\\\/p\\>\"; toolTips('.classtoolTips211',tt_store_content,'24572'); <\/script><script type=\"text\/javascript\"> var tt_store_content = \"\\<p style\\='text\\-align\\: center;'\\>\\<strong\\>J\\<\\\/strong\\>eux \\<strong\\>O\\<\\\/strong\\>lympiques<br\/>ou<br\/>\\<strong\\>J\\<\\\/strong\\>ournal \\<strong\\>O\\<\\\/strong\\>fficiel de la R\u00e9publique Fran\u00e7aise\\<\\\/p\\>\"; toolTips('.classtoolTips213',tt_store_content,'4451'); <\/script><script type=\"text\/javascript\"> var tt_store_content = \"\\<p\\><span class='tooltipsall tooltip_post_id_30593 classtoolTips214'>RN<\/span> \\= Rassemble National, c'est le parti d'extr\u00eame droite de Marine Le Pen qui succ\u00e8de au FN \\= Front National fond\u00e9 par son p\u00e8re Jean Marie Le Pen\\<\\\/p\\>\"; toolTips('.classtoolTips214',tt_store_content,'30593'); <\/script><script type=\"text\/javascript\"> var tt_store_content = \"\\<p style\\='text\\-align\\: center;'\\>\\<span style\\='font\\-size\\: 14pt;'\\>\\<strong\\>C\\<\\\/strong\\>entre \\<strong\\>H\\<\\\/strong\\>ospitalier\\<\\\/span\\>\\<\\\/p\\>\"; toolTips('.classtoolTips220',tt_store_content,'18357'); <\/script><script type=\"text\/javascript\"> var tt_store_content = \"\\<p\\>D\u00e9chets radioactifs \u00e0 Haute Activit\u00e9 \\(classement <span class='tooltipsall tooltip_post_id_3612 classtoolTips79'>ANDRA<\/span>\\)\\<\\\/p\\>\"; toolTips('.classtoolTips223',tt_store_content,'19196'); <\/script>","protected":false},"excerpt":{"rendered":"<p>&nbsp; &nbsp; \u00a0 \u00a0L\u2019association <span class='tooltipsall tooltip_post_id_7255 classtoolTips44'>RUBRESUS<\/span> a tenu son Assembl\u00e9e g\u00e9n\u00e9rale annuelle le 27 juin dernier. Cette association de protection et de sauvegarde de l\u2019environnement bas\u00e9e dans la Narbonnaise intervient principalement dans l\u2019est du d\u00e9partement de l\u2019Aude.\u00a0 \u00a0 \u00a0 \u00a0Son nom fait r\u00e9f\u00e9rence \u00e0 un lac, le \u00ab Lacus Rubresus \u00bb en latin, qui se traduitLire la suite &rarr;<script type=\"text\/javascript\"> var tt_store_content = \"\\<\/p>\n<p style\\='text\\-align\\: justify'\\>\\<strong\\>Situ\u00e9e \u00e0 moins de 3 kilom\u00e8tres du centre ancien de Narbonne, l\u2019usine nucl\u00e9aire de Malv\u00e9si traite depuis plus de 50 ans du minerai d\u2019uranium \u00e0 usage civil ou militaire\\.\\<\\\/strong\\>\\<\\\/p\\><br \/>\\<\/p>\n<p style\\='text\\-align\\: justify'\\>\\<strong\\>\u00a0\u00bc du minerai nucl\u00e9aire mondial passe par cet \u00e9tablissement qui raffine le minerai entrant sous forme de \u00ab\u00a0yellowcake\u00a0\u00bb en t\u00e9trafluorure d\u2019uranium \\(UF4\\) avant de le r\u00e9exp\u00e9dier \u00e0 l\u2019usine de Pierrelatte\\.\\<\\\/strong\\>\\<\\\/p\\><br \/>\\<\/p>\n<p style\\='text\\-align\\: justify'\\>\\<strong\\>On estime a pr\u00e8s d\u20191 million de m3 les effluents nitrat\u00e9s et radioactifs qui sont issus de ce raffinage et actuellement stock\u00e9s\u00a0 dans des bassins d\u2019\u00e9vaporation et de d\u00e9cantation qui jouxtent l\u2019usine\\.\\<\\\/strong\\>\\<\\\/p\\><br \/>\\<\/p>\n<p style\\='text\\-align\\: justify'\\>\\<strong\\>Depuis sa mise en service de nombreux incidents et accidents ont \u00e9maill\u00e9 le fonctionnement de cette installation class\u00e9e en partie <span class='tooltipsall tooltip_post_id_3616 classtoolTips158'>INB<\/span> \\(\\<em\\>Installation Nucl\u00e9aire de Base\\<\\\/em\\>\\), ICPE \\(\\<em\\>Installation Class\u00e9e pour la Protection de l\u2019Environnement\\<\\\/em\\>\\), <span class='tooltipsall tooltip_post_id_19989 classtoolTips59'>SEVESO<\/span> \\(seuil haut\\) tandis qu\u2019en mai 2016 le minist\u00e8re de la D\u00e9fense a class\u00e9 le site en ZNAR \\(Zone Nucl\u00e9aire \u00e0 Acc\u00e8s R\u00e9glement\u00e9\\)\\. Les communes les plus proches du site Narbonne et Moussan sont class\u00e9es comme comportant \u00ab\u00a0un risque technologique industriel de seuil haut\u00a0\u00bb\\<\\\/strong\\>\\<\\\/p\\>\"; toolTips('.classtoolTips0',tt_store_content,'7214'); <\/script><script type=\"text\/javascript\"> var tt_store_content = \"\\<\/p>\n<p style\\='text\\-align\\: center;'\\>\\<span style\\='font\\-size\\: 14pt;'\\>\\<strong\\>T\\<\\\/strong\\>raitement\\<strong\\> D\\<\\\/strong\\>es\\<strong\\> N\\<\\\/strong\\>itrates\\<strong\\> \\(<span class='tooltipsall tooltip_post_id_3610 classtoolTips37'>TDN<\/span>\\)<br \/>TH\\<\\\/strong\\>ermal\\<strong\\> O\\<\\\/strong\\>rganic\\<strong\\> R\\<\\\/strong\\>eduction\\<strong\\> \\(<span class='tooltipsall tooltip_post_id_3610 classtoolTips37'>THOR<\/span>\\)\\<\\\/strong\\>\\<\\\/span\\>\\<\\\/p\\><br \/>\\<\/p>\n<p style\\='text\\-align\\: justify;'\\>Proc\u00e9d\u00e9 envisag\u00e9 par la soci\u00e9t\u00e9 AREVA pour retraiter les d\u00e9chets nitrat\u00e9s et radio\\-actifs issus de son activit\u00e9 d'enrichissement de l'uranium, phase I de la pr\u00e9paration du combustible des centrales nucl\u00e9aires\\.\\<\\\/p\\><br \/>\\<\/p>\n<p style\\='text\\-align\\: justify;'\\>Cette activit\u00e9 est mise en \u0153uvre dans l'usine de Malv\u00e9si \u00e0 quelques kilom\u00e8tres de Narbonne\\.\\<\\\/p\\><br \/>\\<\/p>\n<p style\\='text\\-align\\: justify;'\\>Ce proc\u00e9d\u00e9, potentiellement tr\u00e8s toxique pour la sant\u00e9 et l'environnement, est au centre d'une vive opposition de la part des riverains et \u00e0 laquelle le Clairon s'associe \\(\\<a href\\='https\\:\\\/\\\/le\\-clairon\\-nouveau\\.fr\\\/wordpress\\\/dossiers\\\/dossier\\-malvesi\\-areva\\\/' target\\='_blank' rel\\='noopener'\\>voir notre dossier\\<\\\/a\\> sur le sujet\\)\\.\\<\\\/p\\>\"; toolTips('.classtoolTips37',tt_store_content,'3610'); <\/script><script type=\"text\/javascript\"> var tt_store_content = \"\\<p\\>Association de protection et sauvegarde de l\u2019environnement des Basses Plaines de l\u2019Aude\\<\\\/p\\>\"; toolTips('.classtoolTips44',tt_store_content,'7255'); <\/script><script type=\"text\/javascript\"> var tt_store_content = \"\\<p\\>Association de protection et sauvegarde de l\u2019environnement des Basses Plaines de l\u2019Aude\\<\\\/p\\>\"; toolTips('.classtoolTips44',tt_store_content,'7255'); <\/script><script type=\"text\/javascript\"> var tt_store_content = \"Nouveau nom que s'est donn\u00e9, en 2018, l'entreprise AREVA\"; toolTips('.classtoolTips77',tt_store_content,'5129'); <\/script><script type=\"text\/javascript\"> var tt_store_content = \"\\<\/p>\n<p style\\='text\\-align\\: center;'\\>\\<strong\\>\\<span style\\='font\\-size\\: 14pt;'\\>S\\<\\\/span\\>\\<\\\/strong\\>\\<span style\\='font\\-size\\: 14pt;'\\>oci\u00e9t\u00e9 d'\\<strong\\>\u00c9\\<\\\/strong\\>conomie \\<strong\\>M\\<\\\/strong\\>ixte\\<\\\/span\\>\\<\\\/p\\><br \/>\\<\/p>\n<p style\\='text\\-align\\: justify;'\\>En France, une soci\u00e9t\u00e9 d'\u00e9conomie mixte est une soci\u00e9t\u00e9 anonyme dont le capital est majoritairement d\u00e9tenu par une ou plusieurs personnes publiques \\(\u00e0 savoir l'\u00c9tat, une Collectivit\u00e9 territoriale, ou tout autre \u00c9tablissement public\\)\\. Cette participation majoritaire publique est plafonn\u00e9e \u00e0 85&nbsp;% du capital depuis la Loi du 2 janvier 2002\\. Au moins une personne priv\u00e9e doit participer au capital de la <span class='tooltipsall tooltip_post_id_7168 classtoolTips142'>SEM<\/span>, sachant qu'il peut s'agir d'une autre SEM\\.\\<\\\/p\\><br \/>\\<\/p>\n<p style\\='text\\-align\\: justify;'\\>\\<strong\\>Le recours \u00e0 la SEM garantit\\<\\\/strong\\> \u00e0 la collectivit\u00e9 publique actionnaire et cocontractante \\<strong\\>la prise en compte effective de l'int\u00e9r\u00eat g\u00e9n\u00e9ral\\<\\\/strong\\> dans les objectifs de l'entreprise \\<strong\\>et la souplesse de la soci\u00e9t\u00e9 de droit priv\u00e9\\<\\\/strong\\>\\.\\<\\\/p\\><br \/>\\<em\\>\\<a href\\='https\\:\\\/\\\/fr\\.wikipedia\\.org\\\/wiki\\\/Soci%C3%A9t%C3%A9_d%27%C3%A9conomie_mixte' target\\='_blank' rel\\='noopener'\\>Voir ici la page Wikipedia consacr\u00e9e aux SEM\\<\\\/a\\> \\<\\\/em\\><\/p>\n<p>&nbsp;\"; toolTips('.classtoolTips142',tt_store_content,'7168'); <\/script><script type=\"text\/javascript\"> var tt_store_content = \"\\<\/p>\n<p style\\='text\\-align\\: center;'\\>\\<span style\\='font\\-size\\: 14pt;'\\>\\<strong\\>I\\<\\\/strong\\>mp\u00f4t sur la \\<strong\\>F\\<\\\/strong\\>ortune \\<strong\\>I\\<\\\/strong\\>mmobili\u00e8re\\<\\\/span\\>\\<\\\/p\\>\"; toolTips('.classtoolTips148',tt_store_content,'5643'); <\/script><script type=\"text\/javascript\"> var tt_store_content = \"\\<\/p>\n<p style\\='text\\-align\\: center;'\\>\\<span style\\='font\\-size\\: 14pt;'\\>\\<strong\\>R\\<\\\/strong\\>evenu de \\<strong\\>S\\<\\\/strong\\>olidarit\u00e9 \\<strong\\>A\\<\\\/strong\\>ctive\\<\\\/span\\>\\<\\\/p\\><br \/>\\<\/p>\n<p style\\='text\\-align\\: justify;'\\>Le revenu de solidarit\u00e9 active est une prestation sociale fran\u00e7aise, g\u00e9r\u00e9e par les conseils d\u00e9partementaux, vers\u00e9e par les <span class='tooltipsall tooltip_post_id_5652 classtoolTips155'>CAF<\/span> et les MSA et destin\u00e9e \u00e0 garantir \u00e0 ses b\u00e9n\u00e9ficiaires, qu'ils aient ou non la capacit\u00e9 de travailler, un revenu minimum, avec en contrepartie une obligation de chercher un emploi ou de d\u00e9finir et suivre un projet professionnel visant \u00e0 am\u00e9liorer sa situation financi\u00e8re\\.\\<\\\/p\\><br \/>\\<\/p>\n<p style\\='text\\-align\\: justify;'\\>Cette prestation sociale a \u00e9t\u00e9 mise en place en 2009, en remplacement du RMI \\(revenu minimum d'insertion\\), mis en place en 1988\\.\\<\\\/p\\><br \/>\\<\/p>\n<p style\\='text\\-align\\: justify;'\\>En 2016, 2,5 millions de personnes \u00e9taient b\u00e9n\u00e9ficiaires du <span class='tooltipsall tooltip_post_id_5651 classtoolTips154'>RSA<\/span>\\.\\<\\\/p\\><br \/>\\<em\\>\\<a href\\='https\\:\\\/\\\/fr\\.wikipedia\\.org\\\/wiki\\\/Revenu_de_solidarit%C3%A9_active' target\\='_blank' rel\\='noopener'\\>Acc\u00e9der ici \u00e0 la fiche Wikipedia traitant du RSA\\<\\\/a\\><br \/>\\<a href\\='https\\:\\\/\\\/www\\.insee\\.fr\\\/fr\\\/metadonnees\\\/definition\\\/c1718' target\\='_blank' rel\\='noopener'\\>Acc\u00e9der ici \u00e0 la d\u00e9finition du RSA fournie par l'<span class='tooltipsall tooltip_post_id_6978 classtoolTips82'>INSEE<\/span>\\<\\\/a\\>\\<\\\/em\\>\"; toolTips('.classtoolTips154',tt_store_content,'5651'); <\/script><script type=\"text\/javascript\"> var tt_store_content = \"\\<\/p>\n<p style\\='text\\-align\\: center;'\\>\\<span style\\='font\\-size\\: 14pt;'\\>\\<strong\\>R\\<\\\/strong\\>\u00e9pertoire \\<strong\\>N\\<\\\/strong\\>ational des \\<strong\\>A\\<\\\/strong\\>ssociations\\<\\\/span\\>\\<\\\/p\\>\"; toolTips('.classtoolTips159',tt_store_content,'24374'); <\/script><script type=\"text\/javascript\"> var tt_store_content = \"\\<\/p>\n<p style\\='text\\-align\\: center;'\\>\\<strong\\>\\<span style\\='font\\-size\\: 14pt;'\\>G\\<\\\/span\\>\\<\\\/strong\\>\\<span style\\='font\\-size\\: 14pt;'\\>az \u00e0 \\<strong\\>E\\<\\\/strong\\>ffet de \\<strong\\>S\\<\\\/strong\\>erre\\<\\\/span\\>\\<\\\/p\\><br \/>\\<\/p>\n<p style\\='text\\-align\\: justify;'\\>Les gaz \u00e0 effet de serre \\(<span class='tooltipsall tooltip_post_id_7232 classtoolTips161'>GES<\/span>\\) sont des composants gazeux qui absorbent le rayonnement infrarouge \u00e9mis par la surface terrestre et contribuent \u00e0 l'effet de serre\\. L'augmentation de leur concentration dans l'atmosph\u00e8re terrestre est l'un des facteurs \u00e0 l'origine du r\u00e9chauffement climatique\\.\\<\\\/p\\><br \/>\\<a href\\='https\\:\\\/\\\/fr\\.wikipedia\\.org\\\/wiki\\\/Gaz_%C3%A0_effet_de_serre' target\\='_blank' rel\\='noopener'\\>\\<em\\>Voir ici la fiche Wikipedia sur les gaz \u00e0 effet de serre\\<\\\/em\\>\\<\\\/a\\>\"; toolTips('.classtoolTips161',tt_store_content,'7232'); <\/script><script type=\"text\/javascript\"> var tt_store_content = \"\\<\/p>\n<p style\\='text\\-align\\: justify'\\>La \u00ab\u00a0\\<b\\>programmation pluriannuelle de l'\u00e9nergie\\<\\\/b\\>\u00a0\u00bb \\(<span class='tooltipsall tooltip_post_id_7750 classtoolTips164'>PPE<\/span>\\) est, en France, un document strat\u00e9gique de pilotage de la transition \u00e9nerg\u00e9tique\\. Institu\u00e9e par l'article 176 de la \\<a title\\='Loi relative \u00e0 la transition \u00e9nerg\u00e9tique pour la croissance verte' href\\='https\\:\\\/\\\/fr\\.wikipedia\\.org\\\/wiki\\\/Loi_relative_%C3%A0_la_transition_%C3%A9nerg%C3%A9tique_pour_la_croissance_verte'\\>loi de transition \u00e9nerg\u00e9tique\\<\\\/a\\> \\(TECV\\), elle fixe une trajectoire pour le \\<a title\\='Mix \u00e9nerg\u00e9tique' href\\='https\\:\\\/\\\/fr\\.wikipedia\\.org\\\/wiki\\\/Mix_%C3%A9nerg%C3%A9tique'\\>mix \u00e9nerg\u00e9tique\\<\\\/a\\>, ainsi que \\<span class\\='citation'\\>\u00ab\u00a0les priorit\u00e9s d'action pour la gestion de l\u2019ensemble des formes d'\u00e9nergie sur le territoire m\u00e9tropolitain continental, afin d\u2019atteindre les objectifs nationaux fix\u00e9s par la loi\u00a0\u00bb\\<\\\/span\\>\\. \\(Wikip\u00e9dia\\)\\<\\\/p\\>\"; toolTips('.classtoolTips164',tt_store_content,'7750'); <\/script><script type=\"text\/javascript\"> var tt_store_content = \"\\<\/p>\n<p style\\='text\\-align\\: justify'\\>La \u00ab\u00a0\\<b\\>programmation pluriannuelle de l'\u00e9nergie\\<\\\/b\\>\u00a0\u00bb \\(PPE\\) est, en France, un document strat\u00e9gique de pilotage de la transition \u00e9nerg\u00e9tique\\. Institu\u00e9e par l'article 176 de la \\<a title\\='Loi relative \u00e0 la transition \u00e9nerg\u00e9tique pour la croissance verte' href\\='https\\:\\\/\\\/fr\\.wikipedia\\.org\\\/wiki\\\/Loi_relative_%C3%A0_la_transition_%C3%A9nerg%C3%A9tique_pour_la_croissance_verte'\\>loi de transition \u00e9nerg\u00e9tique\\<\\\/a\\> \\(TECV\\), elle fixe une trajectoire pour le \\<a title\\='Mix \u00e9nerg\u00e9tique' href\\='https\\:\\\/\\\/fr\\.wikipedia\\.org\\\/wiki\\\/Mix_%C3%A9nerg%C3%A9tique'\\>mix \u00e9nerg\u00e9tique\\<\\\/a\\>, ainsi que \\<span class\\='citation'\\>\u00ab\u00a0les priorit\u00e9s d'action pour la gestion de l\u2019ensemble des formes d'\u00e9nergie sur le territoire m\u00e9tropolitain continental, afin d\u2019atteindre les objectifs nationaux fix\u00e9s par la loi\u00a0\u00bb\\<\\\/span\\>\\. \\(Wikip\u00e9dia\\)\\<\\\/p\\>\"; toolTips('.classtoolTips164',tt_store_content,'7750'); <\/script><script type=\"text\/javascript\"> var tt_store_content = \"\\<\/p>\n<p style\\='text\\-align\\: justify;'\\>Le Conseil d'Orientation des Retraites est une instance qui r\u00e9unit &nbsp;\\<span class\\='st'\\>les principaux acteurs du champ des retraites\\<\\\/span\\> et effectue un travail d'\u00e9tudes et de concertation\\. Compos\u00e9 de parlementaires, de repr\u00e9sentants des organisations professionnelles et syndicales, des retrait\u00e9s et des familles, de membres de l'administration et d'experts, le Conseil d'orientation des retraites \\(<span class='tooltipsall tooltip_post_id_7751 classtoolTips165'>COR<\/span>\\) est plac\u00e9 aupr\u00e8s du Premier ministre\\.\\<\\\/p\\>\"; toolTips('.classtoolTips165',tt_store_content,'7751'); <\/script><script type=\"text\/javascript\"> var tt_store_content = \"\\<\/p>\n<p style\\='text\\-align\\: center;'\\>\\<span style\\='font\\-size\\: 14pt;'\\>\\<strong\\>\u00c9\\<\\\/strong\\>cole \\<strong\\>N\\<\\\/strong\\>ationale d'\\<strong\\>A\\<\\\/strong\\>dministration\\<\\\/span\\>\\<\\\/p\\>\"; toolTips('.classtoolTips170',tt_store_content,'5213'); <\/script><script type=\"text\/javascript\"> var tt_store_content = \"\\<\/p>\n<p style\\='text\\-align\\: justify'\\>\\<span class\\='ILfuVd'\\>La politique agricole commune \\(\\<b\\><span class='tooltipsall tooltip_post_id_11364 classtoolTips174'>PAC<\/span>\\<\\\/b\\>\\) est une politique mise en place \u00e0 l'\u00e9chelle de l'Union europ\u00e9enne\\. \u00c0 l'origine, elle est fond\u00e9e principalement sur des mesures de contr\u00f4le des prix et de subventionnement, visant \u00e0 moderniser et d\u00e9velopper l'agriculture\\.\\<\\\/span\\> \\(source Wikipedia\\)\\<\\\/p\\>\"; toolTips('.classtoolTips174',tt_store_content,'11364'); <\/script><script type=\"text\/javascript\"> var tt_store_content = \"\\<\/p>\n<p style\\='text\\-align\\: center;'\\>\\<span style\\='font\\-size\\: 14pt;'\\>\\<strong\\>P\\<\\\/strong\\>\\<\\\/span\\>\\<span style\\='font\\-size\\: 14pt;'\\>lan \\<strong\\>L\\<\\\/strong\\>\\<\\\/span\\>\\<span style\\='font\\-size\\: 14pt;'\\>ocal d'\\<strong\\>U\\<\\\/strong\\>\\<\\\/span\\>\\<span style\\='font\\-size\\: 14pt;'\\>rbanisme\\<\\\/span\\>\\<\\\/p\\><br \/>&nbsp;\"; toolTips('.classtoolTips176',tt_store_content,'4979'); <\/script><script type=\"text\/javascript\"> var tt_store_content = \"Le <span class='tooltipsall tooltip_post_id_7037 classtoolTips179'>MOX<\/span> \\(ou MOx\\) est un \\<em\\>combustible nucl\u00e9aire\\<\\\/em\\> constitu\u00e9 d'environ 8,5&nbsp;% de plutonium et 91,5&nbsp;% d'uranium appauvri\\.<\/p>\n<p>Le terme MOX est l'abr\u00e9viation de \u00ab&nbsp;M\u00e9lange d'OXydes&nbsp;\u00bb \\(ou Mixed OXides en anglais\\) car le combustible MOX contient du dioxyde de plutonium \\(PuO2\\) et du dioxyde d'uranium appauvri \\(UO2\\), produit en poudre, granul\u00e9s ou pastilles\\.<\/p>\n<p>Le MOX r\u00e9sulte du retraitement des combustibles us\u00e9s des centrales nucl\u00e9aires\\. Il ne fait actuellement \\(2018\\) l'objet d'aucun retraitement\\.<\/p>\n<p>\\<a href\\='https\\:\\\/\\\/fr\\.wikipedia\\.org\\\/wiki\\\/Combustible_MOX' target\\='_blank' rel\\='noopener'\\>\\<em\\>Voir ici la fiche Wikipedia concernant le MOX\\<\\\/em\\>\\<\\\/a\\>\"; toolTips('.classtoolTips179',tt_store_content,'7037'); <\/script><script type=\"text\/javascript\"> var tt_store_content = \"Le MOX \\(ou MOx\\) est un \\<em\\>combustible nucl\u00e9aire\\<\\\/em\\> constitu\u00e9 d'environ 8,5&nbsp;% de plutonium et 91,5&nbsp;% d'uranium appauvri\\.<\/p>\n<p>Le terme MOX est l'abr\u00e9viation de \u00ab&nbsp;M\u00e9lange d'OXydes&nbsp;\u00bb \\(ou Mixed OXides en anglais\\) car le combustible MOX contient du dioxyde de plutonium \\(PuO2\\) et du dioxyde d'uranium appauvri \\(UO2\\), produit en poudre, granul\u00e9s ou pastilles\\.<\/p>\n<p>Le MOX r\u00e9sulte du retraitement des combustibles us\u00e9s des centrales nucl\u00e9aires\\. Il ne fait actuellement \\(2018\\) l'objet d'aucun retraitement\\.<\/p>\n<p>\\<a href\\='https\\:\\\/\\\/fr\\.wikipedia\\.org\\\/wiki\\\/Combustible_MOX' target\\='_blank' rel\\='noopener'\\>\\<em\\>Voir ici la fiche Wikipedia concernant le MOX\\<\\\/em\\>\\<\\\/a\\>\"; toolTips('.classtoolTips179',tt_store_content,'7037'); <\/script><script type=\"text\/javascript\"> var tt_store_content = \"\\<p\\>Conseil \u00c9conomique et Social\\<\\\/p\\>\"; toolTips('.classtoolTips180',tt_store_content,'29829'); <\/script><script type=\"text\/javascript\"> var tt_store_content = \"\\<\/p>\n<p style\\='text\\-align\\: center;'\\>\\<span style\\='font\\-size\\: 14pt;'\\>\\<strong\\>G\\<\\\/strong\\>roupement \\<strong\\>H\\<\\\/strong\\>ospitalier de \\<strong\\>T\\<\\\/strong\\>erritoire\\<\\\/span\\>\\<\\\/p\\><br \/>\\<\/p>\n<p style\\='text\\-align\\: justify;'\\>Les groupements hospitaliers de territoires, dispositif pr\u00e9vu par la loi de sant\u00e9 2016, sont un nouveau mode de coop\u00e9ration entre les \u00e9tablissements publics de sant\u00e9 \u00e0 l\u2019\u00e9chelle d\u2019un territoire\\<\\\/p\\>\"; toolTips('.classtoolTips189',tt_store_content,'18358'); <\/script><script type=\"text\/javascript\"> var tt_store_content = \"\\<\/p>\n<p style\\='text\\-align\\: center;'\\>\\<strong\\>\\<span style\\='font\\-size\\: 14pt;'\\>P\\<\\\/span\\>\\<\\\/strong\\>\\<span style\\='font\\-size\\: 14pt;'\\>rogrammation \\<strong\\>P\\<\\\/strong\\>luri\\-annuelle de l'\\<strong\\>\u00c9\\<\\\/strong\\>nergie\\<\\\/span\\>\\<\\\/p\\><br \/>La PPE est est en France un document strat\u00e9gique de pilotage de la transition \u00e9nerg\u00e9tique\\. Institu\u00e9e par l'article 176 de la loi transition \u00e9nerg\u00e9tique \\(TECV\\)\\. Elle fixe \\(par \u00e9nergie\\) une trajectoire pour le mix \u00e9nerg\u00e9tique, ainsi que \u00ab&nbsp;\\<em\\>les priorit\u00e9s d'action pour la gestion de l\u2019ensemble des formes d'\u00e9nergie sur le territoire m\u00e9tropolitain continental, afin d\u2019atteindre les objectifs nationaux fix\u00e9s par la loi\\<\\\/em\\>&nbsp;\u00bb\\.<\/p>\n<p>Initi\u00e9e en 2016, elle est r\u00e9vis\u00e9e en 2018 puis ensuite tous les 5 ans\\.<\/p>\n<p>\\<a href\\='https\\:\\\/\\\/fr\\.wikipedia\\.org\\\/wiki\\\/Programmation_pluriannuelle_de_l'\u00e9nergi' target\\='_blank' rel\\='noopener'\\>\\<em\\>Voir ici la page Wikipedia consacr\u00e9e \u00e0 la PPE\\<\\\/em\\>\\<\\\/a\\><br \/>\\<a href\\='https\\:\\\/\\\/ppe\\.debatpublic\\.fr\\\/' target\\='_blank' rel\\='noopener'\\>\\<em\\>Voir ici la page du site 'Commission du D\u00e9bat Public' consacr\u00e9e \u00e0 la PPE\\<\\\/em\\>\\<\\\/a\\>\"; toolTips('.classtoolTips193',tt_store_content,'7102'); <\/script><script type=\"text\/javascript\"> var tt_store_content = \"\\<\/p>\n<p style\\='text\\-align\\: center;'\\>\\<span style\\='font\\-size\\: 14pt;'\\>\\<strong\\>E\\<\\\/strong\\>volutionary \\<strong\\>P\\<\\\/strong\\>ower \\<strong\\>R\\<\\\/strong\\>eactor\\<\\\/span\\>\\<\\\/p\\><br \/>\\<\/p>\n<p style\\='text\\-align\\: justify;'\\>R\u00e9acteur nucl\u00e9aire de troisi\u00e8me g\u00e9n\u00e9ration \\(classification internationale\\), con\u00e7u et d\u00e9velopp\u00e9 par <span class='tooltipsall tooltip_post_id_5121 classtoolTips35'>Areva NP<\/span>&nbsp; au cours des ann\u00e9es 1990 et 2000\\. Il fait partie de la fili\u00e8re des r\u00e9acteurs \u00e0 eau pressuris\u00e9e\\.\\<\\\/p\\><br \/>\\<a href\\='https\\:\\\/\\\/fr\\.wikipedia\\.org\\\/wiki\\\/R%C3%A9acteur_pressuris%C3%A9_europ%C3%A9en' target\\='_blank' rel\\='noopener'\\>\\<em\\>Voir ici la fiche Wikipedia <span class='tooltipsall tooltip_post_id_5579 classtoolTips196'>EPR<\/span>\\<\\\/em\\>\\<\\\/a\\>\"; toolTips('.classtoolTips196',tt_store_content,'5579'); <\/script><script type=\"text\/javascript\"> var tt_store_content = \"\\<p\\><span class='tooltipsall tooltip_post_id_25844 classtoolTips208'>RTE<\/span> \\= R\u00e9seau de Transport d'Electricit\u00e9 est une filiale d'<span class='tooltipsall tooltip_post_id_7035 classtoolTips178'>EDF<\/span> qui est l'actionnaire majoritaire avec 50,1% des parts le reste \u00e9tant partag\u00e9 par la CDC et la CNP\\<\\\/p\\>\"; toolTips('.classtoolTips208',tt_store_content,'25844'); <\/script><script type=\"text\/javascript\"> var tt_store_content = \"\\<\/p>\n<p style\\='text\\-align\\: center;'\\>\\<span style\\='font\\-size\\: 14pt;'\\>\\<strong\\>O\\<\\\/strong\\>rganisation\\<strong\\> N\\<\\\/strong\\>on\\<strong\\> G\\<\\\/strong\\>ouvernementale\\<\\\/span\\>\\<\\\/p\\><br \/>Une organisation non gouvernementale \\(<span class='tooltipsall tooltip_post_id_3579 classtoolTips210'>ONG<\/span>\\) est une \\<a title\\='Association \u00e0 but non lucratif' href\\='https\\:\\\/\\\/fr\\.wikipedia\\.org\\\/wiki\\\/Association_%C3%A0_but_non_lucratif' target\\='_blank' rel\\='noopener'\\>association \u00e0 but non lucratif\\<\\\/a\\>, d'int\u00e9r\u00eat public, qui ne rel\u00e8ve ni de l'\u00c9tat, ni d'institutions internationales\\<sup id\\='cite_ref\\-novethic_1\\-0' class\\='reference'\\>\\<\\\/sup\\>\\. Les ONG n'ont pas le statut de sujet de \\<a title\\='Droit international public' href\\='https\\:\\\/\\\/fr\\.wikipedia\\.org\\\/wiki\\\/Droit_international_public' target\\='_blank' rel\\='noopener'\\>droit international\\<\\\/a\\>\\.\"; toolTips('.classtoolTips210',tt_store_content,'3579'); <\/script><script type=\"text\/javascript\"> var tt_store_content = \"\\<\/p>\n<p style\\='text\\-align\\: center;'\\>\\<span style\\='font\\-size\\: 14pt;'\\>\\<strong\\>O\\<\\\/strong\\>rganisation\\<strong\\> N\\<\\\/strong\\>on\\<strong\\> G\\<\\\/strong\\>ouvernementale\\<\\\/span\\>\\<\\\/p\\><br \/>Une organisation non gouvernementale \\(ONG\\) est une \\<a title\\='Association \u00e0 but non lucratif' href\\='https\\:\\\/\\\/fr\\.wikipedia\\.org\\\/wiki\\\/Association_%C3%A0_but_non_lucratif' target\\='_blank' rel\\='noopener'\\>association \u00e0 but non lucratif\\<\\\/a\\>, d'int\u00e9r\u00eat public, qui ne rel\u00e8ve ni de l'\u00c9tat, ni d'institutions internationales\\<sup id\\='cite_ref\\-novethic_1\\-0' class\\='reference'\\>\\<\\\/sup\\>\\. Les ONG n'ont pas le statut de sujet de \\<a title\\='Droit international public' href\\='https\\:\\\/\\\/fr\\.wikipedia\\.org\\\/wiki\\\/Droit_international_public' target\\='_blank' rel\\='noopener'\\>droit international\\<\\\/a\\>\\.\"; toolTips('.classtoolTips210',tt_store_content,'3579'); <\/script><script type=\"text\/javascript\"> var tt_store_content = \"\\<p\\><span class='tooltipsall tooltip_post_id_24572 classtoolTips211'>MIT<\/span> \\= Massachussets Institute of Technology, prestigieuse universit\u00e9 am\u00e9ricaine de la c\u00f4te est\\<\\\/p\\>\"; toolTips('.classtoolTips211',tt_store_content,'24572'); <\/script><script type=\"text\/javascript\"> var tt_store_content = \"\\<\/p>\n<p style\\='text\\-align\\: center;'\\>\\<strong\\>J\\<\\\/strong\\>eux \\<strong\\>O\\<\\\/strong\\>lympiques<br \/>ou<br \/>\\<strong\\>J\\<\\\/strong\\>ournal \\<strong\\>O\\<\\\/strong\\>fficiel de la R\u00e9publique Fran\u00e7aise\\<\\\/p\\>\"; toolTips('.classtoolTips213',tt_store_content,'4451'); <\/script><script type=\"text\/javascript\"> var tt_store_content = \"\\<p\\><span class='tooltipsall tooltip_post_id_30593 classtoolTips214'>RN<\/span> \\= Rassemble National, c'est le parti d'extr\u00eame droite de Marine Le Pen qui succ\u00e8de au FN \\= Front National fond\u00e9 par son p\u00e8re Jean Marie Le Pen\\<\\\/p\\>\"; toolTips('.classtoolTips214',tt_store_content,'30593'); <\/script><script type=\"text\/javascript\"> var tt_store_content = \"\\<\/p>\n<p style\\='text\\-align\\: center;'\\>\\<span style\\='font\\-size\\: 14pt;'\\>\\<strong\\>C\\<\\\/strong\\>entre \\<strong\\>H\\<\\\/strong\\>ospitalier\\<\\\/span\\>\\<\\\/p\\>\"; toolTips('.classtoolTips220',tt_store_content,'18357'); <\/script><script type=\"text\/javascript\"> var tt_store_content = \"\\<p\\>D\u00e9chets radioactifs \u00e0 Haute Activit\u00e9 \\(classement <span class='tooltipsall tooltip_post_id_3612 classtoolTips79'>ANDRA<\/span>\\)\\<\\\/p\\>\"; toolTips('.classtoolTips223',tt_store_content,'19196'); <\/script><\/p>\n","protected":false},"author":2,"featured_media":0,"comment_status":"open","ping_status":"open","sticky":false,"template":"","format":"standard","meta":{"_acf_changed":false,"ngg_post_thumbnail":0,"_jetpack_memberships_contains_paid_content":false,"footnotes":""},"categories":[6,37,28,19,27],"tags":[],"coauthors":[4,76],"class_list":["post-32228","post","type-post","status-publish","format-standard","hentry","category-actu","category-actu_loc","category-rub_env","category-rub_env_nucl","category-rub","edition-edi_00121","edition-edi_00122","type_art-type_art_breve","no-thumb"],"acf":[],"jetpack_featured_media_url":"","jetpack_sharing_enabled":true,"jetpack_shortlink":"https:\/\/wp.me\/p9B5TM-8nO","_links":{"self":[{"href":"https:\/\/le-clairon-nouveau.fr\/wordpress\/wp-json\/wp\/v2\/posts\/32228","targetHints":{"allow":["GET"]}}],"collection":[{"href":"https:\/\/le-clairon-nouveau.fr\/wordpress\/wp-json\/wp\/v2\/posts"}],"about":[{"href":"https:\/\/le-clairon-nouveau.fr\/wordpress\/wp-json\/wp\/v2\/types\/post"}],"author":[{"embeddable":true,"href":"https:\/\/le-clairon-nouveau.fr\/wordpress\/wp-json\/wp\/v2\/users\/2"}],"replies":[{"embeddable":true,"href":"https:\/\/le-clairon-nouveau.fr\/wordpress\/wp-json\/wp\/v2\/comments?post=32228"}],"version-history":[{"count":2,"href":"https:\/\/le-clairon-nouveau.fr\/wordpress\/wp-json\/wp\/v2\/posts\/32228\/revisions"}],"predecessor-version":[{"id":32238,"href":"https:\/\/le-clairon-nouveau.fr\/wordpress\/wp-json\/wp\/v2\/posts\/32228\/revisions\/32238"}],"wp:attachment":[{"href":"https:\/\/le-clairon-nouveau.fr\/wordpress\/wp-json\/wp\/v2\/media?parent=32228"}],"wp:term":[{"taxonomy":"category","embeddable":true,"href":"https:\/\/le-clairon-nouveau.fr\/wordpress\/wp-json\/wp\/v2\/categories?post=32228"},{"taxonomy":"post_tag","embeddable":true,"href":"https:\/\/le-clairon-nouveau.fr\/wordpress\/wp-json\/wp\/v2\/tags?post=32228"},{"taxonomy":"author","embeddable":true,"href":"https:\/\/le-clairon-nouveau.fr\/wordpress\/wp-json\/wp\/v2\/coauthors?post=32228"}],"curies":[{"name":"wp","href":"https:\/\/api.w.org\/{rel}","templated":true}]}}