{"id":32526,"date":"2025-10-23T12:30:53","date_gmt":"2025-10-23T10:30:53","guid":{"rendered":"https:\/\/le-clairon-nouveau.fr\/wordpress\/?p=32526"},"modified":"2025-10-22T23:32:51","modified_gmt":"2025-10-22T21:32:51","slug":"au-cinema-sirat","status":"publish","type":"post","link":"https:\/\/le-clairon-nouveau.fr\/wordpress\/blog\/2025\/10\/23\/au-cinema-sirat\/","title":{"rendered":"Au cin\u00e9ma : SIRAT"},"content":{"rendered":"<p style=\"text-align: center\"><span style=\"font-size: 14pt\"><strong>Espagne, France \u2013 1h55 \u2013 2025 \u2013 Prix du Jury au Festival de Cannes<\/strong><\/span><\/p>\n<p style=\"text-align: center\"><span style=\"font-size: 14pt\"><strong>Un film de Oliver Laxe avec Sergi Lopez, Bruno Nunez Arjona, Richard Bellamy.<\/strong><\/span><\/p>\n<p>&nbsp;<\/p>\n<p style=\"text-align: center\"><span style=\"font-size: 18pt\"><strong>\u00ab\u00a0Un choc \u00e9motionnel \u00ab\u00a0(dont on ne sort pas indemne)<\/strong><\/span><\/p>\n<div id=\"attachment_32527\" style=\"width: 354px\" class=\"wp-caption alignleft\"><img data-recalc-dims=\"1\" loading=\"lazy\" decoding=\"async\" aria-describedby=\"caption-attachment-32527\" class=\" wp-image-32527\" src=\"https:\/\/i0.wp.com\/le-clairon-nouveau.fr\/wordpress\/wp-content\/uploads\/2025\/10\/Passerelle-magique-Image-par-SerenityArt-de-Pixabay.jpg?resize=344%2C344&#038;ssl=1\" alt=\"\" width=\"344\" height=\"344\" srcset=\"https:\/\/i0.wp.com\/le-clairon-nouveau.fr\/wordpress\/wp-content\/uploads\/2025\/10\/Passerelle-magique-Image-par-SerenityArt-de-Pixabay.jpg?resize=300%2C300&amp;ssl=1 300w, https:\/\/i0.wp.com\/le-clairon-nouveau.fr\/wordpress\/wp-content\/uploads\/2025\/10\/Passerelle-magique-Image-par-SerenityArt-de-Pixabay.jpg?resize=1024%2C1024&amp;ssl=1 1024w, https:\/\/i0.wp.com\/le-clairon-nouveau.fr\/wordpress\/wp-content\/uploads\/2025\/10\/Passerelle-magique-Image-par-SerenityArt-de-Pixabay.jpg?resize=150%2C150&amp;ssl=1 150w, https:\/\/i0.wp.com\/le-clairon-nouveau.fr\/wordpress\/wp-content\/uploads\/2025\/10\/Passerelle-magique-Image-par-SerenityArt-de-Pixabay.jpg?resize=768%2C768&amp;ssl=1 768w, https:\/\/i0.wp.com\/le-clairon-nouveau.fr\/wordpress\/wp-content\/uploads\/2025\/10\/Passerelle-magique-Image-par-SerenityArt-de-Pixabay.jpg?resize=16%2C16&amp;ssl=1 16w, https:\/\/i0.wp.com\/le-clairon-nouveau.fr\/wordpress\/wp-content\/uploads\/2025\/10\/Passerelle-magique-Image-par-SerenityArt-de-Pixabay.jpg?resize=50%2C50&amp;ssl=1 50w, https:\/\/i0.wp.com\/le-clairon-nouveau.fr\/wordpress\/wp-content\/uploads\/2025\/10\/Passerelle-magique-Image-par-SerenityArt-de-Pixabay.jpg?w=1280&amp;ssl=1 1280w\" sizes=\"auto, (max-width: 344px) 100vw, 344px\" \/><p id=\"caption-attachment-32527\" class=\"wp-caption-text\">Passerelle magique (Image par SerenityArt de Pixabay)<\/p><\/div>\n<p style=\"text-align: justify\"><strong><span style=\"font-family: comic sans ms, sans-serif\">Mar, la fille ain\u00e9e de Luis a disparu et celui-ci part la chercher au Maroc en plein d\u00e9sert avec son jeune fils Esteban. Ils rejoignent une rave-party esp\u00e9rant retrouver la jeune disparue. Ils vont rencontrer un groupe de ravers et avec eux entamer un p\u00e9riple entre montagnes et d\u00e9serts.<\/span><\/strong><\/p>\n<p style=\"text-align: justify\"><strong><span style=\"font-family: comic sans ms, sans-serif\">Dans la tradition islamique, \u00ab\u00a0Sir\u00e2t d\u00e9signe le pont reliant l&rsquo;enfer et le paradis, plus fin qu&rsquo;un cheveu et plus tranchant qu&rsquo;une \u00e9p\u00e9e, et que chaque \u00e2me doit traverser au jour du Jugement dernier\u00a0\u00bb.<\/span><\/strong><\/p>\n<p style=\"text-align: justify\"><strong><span style=\"font-family: comic sans ms, sans-serif\">Le th\u00e8me de ce film est simple et bien souvent ressass\u00e9 mais ce qui fait sa force, ce sont \u00e0 la fois les images et la musique. On plonge dans l&rsquo;univers d&rsquo;une rave-party o\u00f9 les basses pulsent au rythme du c\u0153ur,\u00a0 on entre dans la \u00ab\u00a0Cour des Miracles\u00a0\u00bb version 3<sup>e<\/sup> mill\u00e9naire. On croise des individus submerg\u00e9s par la vie, immerg\u00e9s dans les paradis artificiels, trainant avec d\u00e9sesp\u00e9rance leurs corps et leurs c\u0153urs amput\u00e9s. Tout y est grandiose et mis\u00e9rable, la qu\u00eate improbable de cette jeune femme s&rsquo;av\u00e8re la qu\u00eate du Graal et la plong\u00e9e dans l&rsquo;Enfer.<\/span><\/strong><\/p>\n<p style=\"text-align: justify\">\u00a0<\/p>\n<p style=\"text-align: justify\"><strong><span style=\"font-family: comic sans ms, sans-serif\">Cette travers\u00e9e du d\u00e9sert dans un monde confront\u00e9 \u00e0 une guerre dont on ne sait rien, guerre universelle, civile ou militaire, guerre de religions ou de territoires, le choix est infini. Dans toutes <span class='tooltipsall tooltip_post_id_29829 classtoolTips180'>ces<\/span> guerres, il y a des sacrifi\u00e9s et Luis n&rsquo;en ressortira pas indemne.<\/span><\/strong><\/p>\n<p style=\"text-align: justify\"><strong><span style=\"font-family: comic sans ms, sans-serif\">Sergi Lopez est confondant de justesse entour\u00e9 d&rsquo;acteurs amateurs qui n&rsquo;expriment que leur d\u00e9sarroi personnel mais avec tellement de force.<\/span><\/strong><\/p>\n<p style=\"text-align: justify\"><strong><span style=\"font-family: comic sans ms, sans-serif\">On sort du cin\u00e9ma \u00e9tonn\u00e9 d&rsquo;\u00eatre encore vivant et plus vraiment semblable \u00e0 l&rsquo;instant pass\u00e9.<\/span><\/strong><\/p>\n<p style=\"text-align: justify\"><strong><span style=\"font-family: comic sans ms, sans-serif\">Il faut ce genre de film pour nous questionner sur notre passage sur la terre mais pas trop souvent quand m\u00eame pour qu&rsquo;on puisse y survivre.<\/span><\/strong><\/p>\n<p style=\"text-align: right\"><em>Patricia Renaud pour le Clairon de l&rsquo;Atax le 19\/10\/2025<\/em><\/p>\n<script type=\"text\/javascript\"> var tt_store_content = \"\\<p style\\='text\\-align\\: center;'\\>\\<span style\\='font\\-size\\: 14pt;'\\>\\<strong\\>C\\<\\\/strong\\>onseil \\<strong\\>R\\<\\\/strong\\><span class='tooltipsall tooltip_post_id_5579 classtoolTips196'>epr<\/span>\u00e9sentatif des \\<strong\\>I\\<\\\/strong\\>nstitutions Juives de \\<strong\\>F\\<\\\/strong\\>rance\\<\\\/span\\>\\<\\\/p\\>\"; toolTips('.classtoolTips121',tt_store_content,'5749'); <\/script><script type=\"text\/javascript\"> var tt_store_content = \"\\<p\\><span class='tooltipsall tooltip_post_id_19394 classtoolTips134'>SAGE<\/span> \\= \\<span class\\='st'\\> sch\u00e9ma d'am\u00e9nagement et de gestion de l'eau\\<\\\/span\\> , c'est un outil de planification qui concerne l'ensemble des eaux situ\u00e9es dans un bassin versant\\<\\\/p\\>\"; toolTips('.classtoolTips134',tt_store_content,'19394'); <\/script><script type=\"text\/javascript\"> var tt_store_content = \"\\<p style\\='text\\-align\\: center;'\\>\\<strong\\>\\<span style\\='font\\-size\\: 14pt;'\\>S\\<\\\/span\\>\\<\\\/strong\\>\\<span style\\='font\\-size\\: 14pt;'\\>oci\u00e9t\u00e9 d'\\<strong\\>\u00c9\\<\\\/strong\\>conomie \\<strong\\>M\\<\\\/strong\\>ixte\\<\\\/span\\>\\<\\\/p\\><br\/>\\<p style\\='text\\-align\\: justify;'\\>En France, une soci\u00e9t\u00e9 d'\u00e9conomie mixte est une soci\u00e9t\u00e9 anonyme dont le capital est majoritairement d\u00e9tenu par une ou plusieurs personnes publiques \\(\u00e0 savoir l'\u00c9tat, une Collectivit\u00e9 territoriale, ou tout autre \u00c9tablissement public\\)\\. Cette participation majoritaire publique est plafonn\u00e9e \u00e0 85&nbsp;% du capital depuis la Loi du 2 janvier 2002\\. Au moins une personne priv\u00e9e doit participer au capital de la <span class='tooltipsall tooltip_post_id_7168 classtoolTips142'>SEM<\/span>, sachant qu'il peut s'agir d'une autre SEM\\.\\<\\\/p\\><br\/>\\<p style\\='text\\-align\\: justify;'\\>\\<strong\\>Le recours \u00e0 la SEM garantit\\<\\\/strong\\> \u00e0 la collectivit\u00e9 publique actionnaire et cocontractante \\<strong\\>la prise en compte effective de l'int\u00e9r\u00eat g\u00e9n\u00e9ral\\<\\\/strong\\> dans les objectifs de l'entreprise \\<strong\\>et la souplesse de la soci\u00e9t\u00e9 de droit priv\u00e9\\<\\\/strong\\>\\.\\<\\\/p\\><br\/>\\<em\\>\\<a href\\='https\\:\\\/\\\/fr\\.wikipedia\\.org\\\/wiki\\\/Soci%C3%A9t%C3%A9_d%27%C3%A9conomie_mixte' target\\='_blank' rel\\='noopener'\\>Voir ici la page Wikipedia consacr\u00e9e aux SEM\\<\\\/a\\> \\<\\\/em\\><br\/><br\/>&nbsp;\"; toolTips('.classtoolTips142',tt_store_content,'7168'); <\/script><script type=\"text\/javascript\"> var tt_store_content = \"\\<p style\\='text\\-align\\: center;'\\>\\<span style\\='font\\-size\\: 14pt;'\\>\\<strong\\>I\\<\\\/strong\\>mp\u00f4t sur la \\<strong\\>F\\<\\\/strong\\>ortune \\<strong\\>I\\<\\\/strong\\>mmobili\u00e8re\\<\\\/span\\>\\<\\\/p\\>\"; toolTips('.classtoolTips148',tt_store_content,'5643'); <\/script><script type=\"text\/javascript\"> var tt_store_content = \"\\<p style\\='text\\-align\\: center;'\\>\\<strong\\>\\<span style\\='font\\-size\\: 14pt;'\\>G\\<\\\/span\\>\\<\\\/strong\\>\\<span style\\='font\\-size\\: 14pt;'\\>az \u00e0 \\<strong\\>E\\<\\\/strong\\>ffet de \\<strong\\>S\\<\\\/strong\\>erre\\<\\\/span\\>\\<\\\/p\\><br\/>\\<p style\\='text\\-align\\: justify;'\\>Les gaz \u00e0 effet de serre \\(<span class='tooltipsall tooltip_post_id_7232 classtoolTips161'>GES<\/span>\\) sont des composants gazeux qui absorbent le rayonnement infrarouge \u00e9mis par la surface terrestre et contribuent \u00e0 l'effet de serre\\. L'augmentation de leur concentration dans l'atmosph\u00e8re terrestre est l'un des facteurs \u00e0 l'origine du r\u00e9chauffement climatique\\.\\<\\\/p\\><br\/>\\<a href\\='https\\:\\\/\\\/fr\\.wikipedia\\.org\\\/wiki\\\/Gaz_%C3%A0_effet_de_serre' target\\='_blank' rel\\='noopener'\\>\\<em\\>Voir ici la fiche Wikipedia sur les gaz \u00e0 effet de serre\\<\\\/em\\>\\<\\\/a\\>\"; toolTips('.classtoolTips161',tt_store_content,'7232'); <\/script><script type=\"text\/javascript\"> var tt_store_content = \"\\<p style\\='text\\-align\\: justify;'\\>Le Conseil d'Orientation des Retraites est une instance qui r\u00e9unit &nbsp;\\<span class\\='st'\\>les principaux acteurs du champ des retraites\\<\\\/span\\> et effectue un travail d'\u00e9tudes et de concertation\\. Compos\u00e9 de parlementaires, de repr\u00e9sentants des organisations professionnelles et syndicales, des retrait\u00e9s et des familles, de membres de l'administration et d'experts, le Conseil d'orientation des retraites \\(<span class='tooltipsall tooltip_post_id_7751 classtoolTips165'>COR<\/span>\\) est plac\u00e9 aupr\u00e8s du Premier ministre\\.\\<\\\/p\\>\"; toolTips('.classtoolTips165',tt_store_content,'7751'); <\/script><script type=\"text\/javascript\"> var tt_store_content = \"Energies Renouvelables\"; toolTips('.classtoolTips167',tt_store_content,'7758'); <\/script><script type=\"text\/javascript\"> var tt_store_content = \"Energies Renouvelables\"; toolTips('.classtoolTips167',tt_store_content,'7758'); <\/script><script type=\"text\/javascript\"> var tt_store_content = \"\\<p style\\='text\\-align\\: center;'\\>\\<span style\\='font\\-size\\: 14pt;'\\>\\<strong\\>\u00c9\\<\\\/strong\\>cole \\<strong\\>N\\<\\\/strong\\>ationale d'\\<strong\\>A\\<\\\/strong\\>dministration\\<\\\/span\\>\\<\\\/p\\>\"; toolTips('.classtoolTips170',tt_store_content,'5213'); <\/script><script type=\"text\/javascript\"> var tt_store_content = \"\\<p style\\='text\\-align\\: center;'\\>\\<span style\\='font\\-size\\: 14pt;'\\>\\<strong\\>P\\<\\\/strong\\>\\<\\\/span\\>\\<span style\\='font\\-size\\: 14pt;'\\>lan \\<strong\\>L\\<\\\/strong\\>\\<\\\/span\\>\\<span style\\='font\\-size\\: 14pt;'\\>ocal d'\\<strong\\>U\\<\\\/strong\\>\\<\\\/span\\>\\<span style\\='font\\-size\\: 14pt;'\\>rbanisme\\<\\\/span\\>\\<\\\/p\\><br\/>&nbsp;\"; toolTips('.classtoolTips176',tt_store_content,'4979'); <\/script><script type=\"text\/javascript\"> var tt_store_content = \"\\<p\\>Conseil \u00c9conomique et Social\\<\\\/p\\>\"; toolTips('.classtoolTips180',tt_store_content,'29829'); <\/script><script type=\"text\/javascript\"> var tt_store_content = \"\\<p style\\='text\\-align\\: center;'\\>\\<span style\\='font\\-size\\: 14pt;'\\>\\<strong\\>G\\<\\\/strong\\>roupement \\<strong\\>H\\<\\\/strong\\>ospitalier de \\<strong\\>T\\<\\\/strong\\>erritoire\\<\\\/span\\>\\<\\\/p\\><br\/>\\<p style\\='text\\-align\\: justify;'\\>Les groupements hospitaliers de territoires, dispositif pr\u00e9vu par la loi de sant\u00e9 2016, sont un nouveau mode de coop\u00e9ration entre les \u00e9tablissements publics de sant\u00e9 \u00e0 l\u2019\u00e9chelle d\u2019un territoire\\<\\\/p\\>\"; toolTips('.classtoolTips189',tt_store_content,'18358'); <\/script><script type=\"text\/javascript\"> var tt_store_content = \"\\<p style\\='text\\-align\\: center;'\\>\\<span style\\='font\\-size\\: 14pt;'\\>\\<strong\\>C\\<\\\/strong\\>omit\u00e9 \\<strong\\>T\\<\\\/strong\\>echnique d'\\<strong\\>\u00c9\\<\\\/strong\\>tablissement\\<\\\/span\\>\\<\\\/p\\>\"; toolTips('.classtoolTips191',tt_store_content,'18359'); <\/script><script type=\"text\/javascript\"> var tt_store_content = \"\\<p style\\='text\\-align\\: center;'\\>\\<strong\\>R\\<\\\/strong\\>\u00e9seau \\<strong\\>A\\<\\\/strong\\>ction \\<strong\\>C\\<\\\/strong\\>limat\\<\\\/p\\><br\/>Le r\u00e9seau Action Climat '\\<em\\>f\u00e9d\u00e8re les associations impliqu\u00e9es dans la lutte contre les changements climatiques et pour une transition \u00e9cologique, solidaire et \u00e9quitable\\<\\\/em\\>'\\.<br\/><br\/>\\<a href\\='https\\:\\\/\\\/reseauactionclimat\\.org\\\/' target\\='_blank' rel\\='noopener'\\>Voir le site du <span class='tooltipsall tooltip_post_id_4309 classtoolTips200'>RAC<\/span>\\<\\\/a\\>\"; toolTips('.classtoolTips200',tt_store_content,'4309'); <\/script><script type=\"text\/javascript\"> var tt_store_content = \"\\<p style\\='text\\-align\\: center;'\\>\\<strong\\>\\<span style\\='font\\-size\\: 14pt;'\\>R\\<\\\/span\\>\\<\\\/strong\\>\\<span style\\='font\\-size\\: 14pt;'\\>eferendum d'\\<strong\\>I\\<\\\/strong\\>nitiative \\<strong\\>C\\<\\\/strong\\>itoyenne\\<\\\/span\\>\\<\\\/p\\>\"; toolTips('.classtoolTips205',tt_store_content,'12268'); <\/script><script type=\"text\/javascript\"> var tt_store_content = \"\\<p style\\='text\\-align\\: center;'\\>\\<span style\\='font\\-size\\: 14pt;'\\>\\<strong\\>O\\<\\\/strong\\>rganisation\\<strong\\> N\\<\\\/strong\\>on\\<strong\\> G\\<\\\/strong\\>ouvernementale\\<\\\/span\\>\\<\\\/p\\><br\/>Une organisation non gouvernementale \\(<span class='tooltipsall tooltip_post_id_3579 classtoolTips210'>ONG<\/span>\\) est une \\<a title\\='Association \u00e0 but non lucratif' href\\='https\\:\\\/\\\/fr\\.wikipedia\\.org\\\/wiki\\\/Association_%C3%A0_but_non_lucratif' target\\='_blank' rel\\='noopener'\\>association \u00e0 but non lucratif\\<\\\/a\\>, d'int\u00e9r\u00eat public, qui ne rel\u00e8ve ni de l'\u00c9tat, ni d'institutions internationales\\<sup id\\='cite_ref\\-novethic_1\\-0' class\\='reference'\\>\\<\\\/sup\\>\\. Les ONG n'ont pas le statut de sujet de \\<a title\\='Droit international public' href\\='https\\:\\\/\\\/fr\\.wikipedia\\.org\\\/wiki\\\/Droit_international_public' target\\='_blank' rel\\='noopener'\\>droit international\\<\\\/a\\>\\.\"; toolTips('.classtoolTips210',tt_store_content,'3579'); <\/script><script type=\"text\/javascript\"> var tt_store_content = \"\\<p style\\='text\\-align\\: center;'\\>\\<span style\\='font\\-size\\: 14pt;'\\>\\<strong\\>O\\<\\\/strong\\>rganisation\\<strong\\> N\\<\\\/strong\\>on\\<strong\\> G\\<\\\/strong\\>ouvernementale\\<\\\/span\\>\\<\\\/p\\><br\/>Une organisation non gouvernementale \\(ONG\\) est une \\<a title\\='Association \u00e0 but non lucratif' href\\='https\\:\\\/\\\/fr\\.wikipedia\\.org\\\/wiki\\\/Association_%C3%A0_but_non_lucratif' target\\='_blank' rel\\='noopener'\\>association \u00e0 but non lucratif\\<\\\/a\\>, d'int\u00e9r\u00eat public, qui ne rel\u00e8ve ni de l'\u00c9tat, ni d'institutions internationales\\<sup id\\='cite_ref\\-novethic_1\\-0' class\\='reference'\\>\\<\\\/sup\\>\\. Les ONG n'ont pas le statut de sujet de \\<a title\\='Droit international public' href\\='https\\:\\\/\\\/fr\\.wikipedia\\.org\\\/wiki\\\/Droit_international_public' target\\='_blank' rel\\='noopener'\\>droit international\\<\\\/a\\>\\.\"; toolTips('.classtoolTips210',tt_store_content,'3579'); <\/script><script type=\"text\/javascript\"> var tt_store_content = \"\\<p style\\='text\\-align\\: center;'\\>\\<strong\\>J\\<\\\/strong\\>eux \\<strong\\>O\\<\\\/strong\\>lympiques<br\/>ou<br\/>\\<strong\\>J\\<\\\/strong\\>ournal \\<strong\\>O\\<\\\/strong\\>fficiel de la R\u00e9publique Fran\u00e7aise\\<\\\/p\\>\"; toolTips('.classtoolTips213',tt_store_content,'4451'); <\/script><script type=\"text\/javascript\"> var tt_store_content = \"\\<p\\><span class='tooltipsall tooltip_post_id_30593 classtoolTips214'>RN<\/span> \\= Rassemble National, c'est le parti d'extr\u00eame droite de Marine Le Pen qui succ\u00e8de au FN \\= Front National fond\u00e9 par son p\u00e8re Jean Marie Le Pen\\<\\\/p\\>\"; toolTips('.classtoolTips214',tt_store_content,'30593'); <\/script><script type=\"text\/javascript\"> var tt_store_content = \"\\<p style\\='text\\-align\\: center;'\\>\\<span style\\='font\\-size\\: 14pt;'\\>\\<strong\\>C\\<\\\/strong\\>entre \\<strong\\>H\\<\\\/strong\\>ospitalier\\<\\\/span\\>\\<\\\/p\\>\"; toolTips('.classtoolTips220',tt_store_content,'18357'); <\/script><script type=\"text\/javascript\"> var tt_store_content = \"\\<p\\>D\u00e9chets radioactifs \u00e0 Haute Activit\u00e9 \\(classement <span class='tooltipsall tooltip_post_id_3612 classtoolTips79'>ANDRA<\/span>\\)\\<\\\/p\\>\"; toolTips('.classtoolTips223',tt_store_content,'19196'); <\/script>","protected":false},"excerpt":{"rendered":"<p>Espagne, France \u2013 1h55 \u2013 2025 \u2013 Prix du Jury au Festival de Cannes Un film de Oliver Laxe avec Sergi Lopez, Bruno Nunez Arjona, Richard Bellamy. &nbsp; \u00ab\u00a0Un choc \u00e9motionnel \u00ab\u00a0(dont on ne sort pas indemne) Mar, la fille ain\u00e9e de Luis a disparu et celui-ci part la chercher au Maroc en plein d\u00e9sertLire la suite &rarr;<script type=\"text\/javascript\"> var tt_store_content = \"\\<\/p>\n<p style\\='text\\-align\\: center;'\\>\\<span style\\='font\\-size\\: 14pt;'\\>\\<strong\\>C\\<\\\/strong\\>onseil \\<strong\\>R\\<\\\/strong\\><span class='tooltipsall tooltip_post_id_5579 classtoolTips196'>epr<\/span>\u00e9sentatif des \\<strong\\>I\\<\\\/strong\\>nstitutions Juives de \\<strong\\>F\\<\\\/strong\\>rance\\<\\\/span\\>\\<\\\/p\\>\"; toolTips('.classtoolTips121',tt_store_content,'5749'); <\/script><script type=\"text\/javascript\"> var tt_store_content = \"\\<p\\><span class='tooltipsall tooltip_post_id_19394 classtoolTips134'>SAGE<\/span> \\= \\<span class\\='st'\\> sch\u00e9ma d'am\u00e9nagement et de gestion de l'eau\\<\\\/span\\> , c'est un outil de planification qui concerne l'ensemble des eaux situ\u00e9es dans un bassin versant\\<\\\/p\\>\"; toolTips('.classtoolTips134',tt_store_content,'19394'); <\/script><script type=\"text\/javascript\"> var tt_store_content = \"\\<\/p>\n<p style\\='text\\-align\\: center;'\\>\\<strong\\>\\<span style\\='font\\-size\\: 14pt;'\\>S\\<\\\/span\\>\\<\\\/strong\\>\\<span style\\='font\\-size\\: 14pt;'\\>oci\u00e9t\u00e9 d'\\<strong\\>\u00c9\\<\\\/strong\\>conomie \\<strong\\>M\\<\\\/strong\\>ixte\\<\\\/span\\>\\<\\\/p\\><br \/>\\<\/p>\n<p style\\='text\\-align\\: justify;'\\>En France, une soci\u00e9t\u00e9 d'\u00e9conomie mixte est une soci\u00e9t\u00e9 anonyme dont le capital est majoritairement d\u00e9tenu par une ou plusieurs personnes publiques \\(\u00e0 savoir l'\u00c9tat, une Collectivit\u00e9 territoriale, ou tout autre \u00c9tablissement public\\)\\. Cette participation majoritaire publique est plafonn\u00e9e \u00e0 85&nbsp;% du capital depuis la Loi du 2 janvier 2002\\. Au moins une personne priv\u00e9e doit participer au capital de la <span class='tooltipsall tooltip_post_id_7168 classtoolTips142'>SEM<\/span>, sachant qu'il peut s'agir d'une autre SEM\\.\\<\\\/p\\><br \/>\\<\/p>\n<p style\\='text\\-align\\: justify;'\\>\\<strong\\>Le recours \u00e0 la SEM garantit\\<\\\/strong\\> \u00e0 la collectivit\u00e9 publique actionnaire et cocontractante \\<strong\\>la prise en compte effective de l'int\u00e9r\u00eat g\u00e9n\u00e9ral\\<\\\/strong\\> dans les objectifs de l'entreprise \\<strong\\>et la souplesse de la soci\u00e9t\u00e9 de droit priv\u00e9\\<\\\/strong\\>\\.\\<\\\/p\\><br \/>\\<em\\>\\<a href\\='https\\:\\\/\\\/fr\\.wikipedia\\.org\\\/wiki\\\/Soci%C3%A9t%C3%A9_d%27%C3%A9conomie_mixte' target\\='_blank' rel\\='noopener'\\>Voir ici la page Wikipedia consacr\u00e9e aux SEM\\<\\\/a\\> \\<\\\/em\\><\/p>\n<p>&nbsp;\"; toolTips('.classtoolTips142',tt_store_content,'7168'); <\/script><script type=\"text\/javascript\"> var tt_store_content = \"\\<\/p>\n<p style\\='text\\-align\\: center;'\\>\\<span style\\='font\\-size\\: 14pt;'\\>\\<strong\\>I\\<\\\/strong\\>mp\u00f4t sur la \\<strong\\>F\\<\\\/strong\\>ortune \\<strong\\>I\\<\\\/strong\\>mmobili\u00e8re\\<\\\/span\\>\\<\\\/p\\>\"; toolTips('.classtoolTips148',tt_store_content,'5643'); <\/script><script type=\"text\/javascript\"> var tt_store_content = \"\\<\/p>\n<p style\\='text\\-align\\: center;'\\>\\<strong\\>\\<span style\\='font\\-size\\: 14pt;'\\>G\\<\\\/span\\>\\<\\\/strong\\>\\<span style\\='font\\-size\\: 14pt;'\\>az \u00e0 \\<strong\\>E\\<\\\/strong\\>ffet de \\<strong\\>S\\<\\\/strong\\>erre\\<\\\/span\\>\\<\\\/p\\><br \/>\\<\/p>\n<p style\\='text\\-align\\: justify;'\\>Les gaz \u00e0 effet de serre \\(<span class='tooltipsall tooltip_post_id_7232 classtoolTips161'>GES<\/span>\\) sont des composants gazeux qui absorbent le rayonnement infrarouge \u00e9mis par la surface terrestre et contribuent \u00e0 l'effet de serre\\. L'augmentation de leur concentration dans l'atmosph\u00e8re terrestre est l'un des facteurs \u00e0 l'origine du r\u00e9chauffement climatique\\.\\<\\\/p\\><br \/>\\<a href\\='https\\:\\\/\\\/fr\\.wikipedia\\.org\\\/wiki\\\/Gaz_%C3%A0_effet_de_serre' target\\='_blank' rel\\='noopener'\\>\\<em\\>Voir ici la fiche Wikipedia sur les gaz \u00e0 effet de serre\\<\\\/em\\>\\<\\\/a\\>\"; toolTips('.classtoolTips161',tt_store_content,'7232'); <\/script><script type=\"text\/javascript\"> var tt_store_content = \"\\<\/p>\n<p style\\='text\\-align\\: justify;'\\>Le Conseil d'Orientation des Retraites est une instance qui r\u00e9unit &nbsp;\\<span class\\='st'\\>les principaux acteurs du champ des retraites\\<\\\/span\\> et effectue un travail d'\u00e9tudes et de concertation\\. Compos\u00e9 de parlementaires, de repr\u00e9sentants des organisations professionnelles et syndicales, des retrait\u00e9s et des familles, de membres de l'administration et d'experts, le Conseil d'orientation des retraites \\(<span class='tooltipsall tooltip_post_id_7751 classtoolTips165'>COR<\/span>\\) est plac\u00e9 aupr\u00e8s du Premier ministre\\.\\<\\\/p\\>\"; toolTips('.classtoolTips165',tt_store_content,'7751'); <\/script><script type=\"text\/javascript\"> var tt_store_content = \"Energies Renouvelables\"; toolTips('.classtoolTips167',tt_store_content,'7758'); <\/script><script type=\"text\/javascript\"> var tt_store_content = \"Energies Renouvelables\"; toolTips('.classtoolTips167',tt_store_content,'7758'); <\/script><script type=\"text\/javascript\"> var tt_store_content = \"\\<\/p>\n<p style\\='text\\-align\\: center;'\\>\\<span style\\='font\\-size\\: 14pt;'\\>\\<strong\\>\u00c9\\<\\\/strong\\>cole \\<strong\\>N\\<\\\/strong\\>ationale d'\\<strong\\>A\\<\\\/strong\\>dministration\\<\\\/span\\>\\<\\\/p\\>\"; toolTips('.classtoolTips170',tt_store_content,'5213'); <\/script><script type=\"text\/javascript\"> var tt_store_content = \"\\<\/p>\n<p style\\='text\\-align\\: center;'\\>\\<span style\\='font\\-size\\: 14pt;'\\>\\<strong\\>P\\<\\\/strong\\>\\<\\\/span\\>\\<span style\\='font\\-size\\: 14pt;'\\>lan \\<strong\\>L\\<\\\/strong\\>\\<\\\/span\\>\\<span style\\='font\\-size\\: 14pt;'\\>ocal d'\\<strong\\>U\\<\\\/strong\\>\\<\\\/span\\>\\<span style\\='font\\-size\\: 14pt;'\\>rbanisme\\<\\\/span\\>\\<\\\/p\\><br \/>&nbsp;\"; toolTips('.classtoolTips176',tt_store_content,'4979'); <\/script><script type=\"text\/javascript\"> var tt_store_content = \"\\<p\\>Conseil \u00c9conomique et Social\\<\\\/p\\>\"; toolTips('.classtoolTips180',tt_store_content,'29829'); <\/script><script type=\"text\/javascript\"> var tt_store_content = \"\\<\/p>\n<p style\\='text\\-align\\: center;'\\>\\<span style\\='font\\-size\\: 14pt;'\\>\\<strong\\>G\\<\\\/strong\\>roupement \\<strong\\>H\\<\\\/strong\\>ospitalier de \\<strong\\>T\\<\\\/strong\\>erritoire\\<\\\/span\\>\\<\\\/p\\><br \/>\\<\/p>\n<p style\\='text\\-align\\: justify;'\\>Les groupements hospitaliers de territoires, dispositif pr\u00e9vu par la loi de sant\u00e9 2016, sont un nouveau mode de coop\u00e9ration entre les \u00e9tablissements publics de sant\u00e9 \u00e0 l\u2019\u00e9chelle d\u2019un territoire\\<\\\/p\\>\"; toolTips('.classtoolTips189',tt_store_content,'18358'); <\/script><script type=\"text\/javascript\"> var tt_store_content = \"\\<\/p>\n<p style\\='text\\-align\\: center;'\\>\\<span style\\='font\\-size\\: 14pt;'\\>\\<strong\\>C\\<\\\/strong\\>omit\u00e9 \\<strong\\>T\\<\\\/strong\\>echnique d'\\<strong\\>\u00c9\\<\\\/strong\\>tablissement\\<\\\/span\\>\\<\\\/p\\>\"; toolTips('.classtoolTips191',tt_store_content,'18359'); <\/script><script type=\"text\/javascript\"> var tt_store_content = \"\\<\/p>\n<p style\\='text\\-align\\: center;'\\>\\<strong\\>R\\<\\\/strong\\>\u00e9seau \\<strong\\>A\\<\\\/strong\\>ction \\<strong\\>C\\<\\\/strong\\>limat\\<\\\/p\\><br \/>Le r\u00e9seau Action Climat '\\<em\\>f\u00e9d\u00e8re les associations impliqu\u00e9es dans la lutte contre les changements climatiques et pour une transition \u00e9cologique, solidaire et \u00e9quitable\\<\\\/em\\>'\\.<\/p>\n<p>\\<a href\\='https\\:\\\/\\\/reseauactionclimat\\.org\\\/' target\\='_blank' rel\\='noopener'\\>Voir le site du <span class='tooltipsall tooltip_post_id_4309 classtoolTips200'>RAC<\/span>\\<\\\/a\\>\"; toolTips('.classtoolTips200',tt_store_content,'4309'); <\/script><script type=\"text\/javascript\"> var tt_store_content = \"\\<\/p>\n<p style\\='text\\-align\\: center;'\\>\\<strong\\>\\<span style\\='font\\-size\\: 14pt;'\\>R\\<\\\/span\\>\\<\\\/strong\\>\\<span style\\='font\\-size\\: 14pt;'\\>eferendum d'\\<strong\\>I\\<\\\/strong\\>nitiative \\<strong\\>C\\<\\\/strong\\>itoyenne\\<\\\/span\\>\\<\\\/p\\>\"; toolTips('.classtoolTips205',tt_store_content,'12268'); <\/script><script type=\"text\/javascript\"> var tt_store_content = \"\\<\/p>\n<p style\\='text\\-align\\: center;'\\>\\<span style\\='font\\-size\\: 14pt;'\\>\\<strong\\>O\\<\\\/strong\\>rganisation\\<strong\\> N\\<\\\/strong\\>on\\<strong\\> G\\<\\\/strong\\>ouvernementale\\<\\\/span\\>\\<\\\/p\\><br \/>Une organisation non gouvernementale \\(<span class='tooltipsall tooltip_post_id_3579 classtoolTips210'>ONG<\/span>\\) est une \\<a title\\='Association \u00e0 but non lucratif' href\\='https\\:\\\/\\\/fr\\.wikipedia\\.org\\\/wiki\\\/Association_%C3%A0_but_non_lucratif' target\\='_blank' rel\\='noopener'\\>association \u00e0 but non lucratif\\<\\\/a\\>, d'int\u00e9r\u00eat public, qui ne rel\u00e8ve ni de l'\u00c9tat, ni d'institutions internationales\\<sup id\\='cite_ref\\-novethic_1\\-0' class\\='reference'\\>\\<\\\/sup\\>\\. Les ONG n'ont pas le statut de sujet de \\<a title\\='Droit international public' href\\='https\\:\\\/\\\/fr\\.wikipedia\\.org\\\/wiki\\\/Droit_international_public' target\\='_blank' rel\\='noopener'\\>droit international\\<\\\/a\\>\\.\"; toolTips('.classtoolTips210',tt_store_content,'3579'); <\/script><script type=\"text\/javascript\"> var tt_store_content = \"\\<\/p>\n<p style\\='text\\-align\\: center;'\\>\\<span style\\='font\\-size\\: 14pt;'\\>\\<strong\\>O\\<\\\/strong\\>rganisation\\<strong\\> N\\<\\\/strong\\>on\\<strong\\> G\\<\\\/strong\\>ouvernementale\\<\\\/span\\>\\<\\\/p\\><br \/>Une organisation non gouvernementale \\(ONG\\) est une \\<a title\\='Association \u00e0 but non lucratif' href\\='https\\:\\\/\\\/fr\\.wikipedia\\.org\\\/wiki\\\/Association_%C3%A0_but_non_lucratif' target\\='_blank' rel\\='noopener'\\>association \u00e0 but non lucratif\\<\\\/a\\>, d'int\u00e9r\u00eat public, qui ne rel\u00e8ve ni de l'\u00c9tat, ni d'institutions internationales\\<sup id\\='cite_ref\\-novethic_1\\-0' class\\='reference'\\>\\<\\\/sup\\>\\. Les ONG n'ont pas le statut de sujet de \\<a title\\='Droit international public' href\\='https\\:\\\/\\\/fr\\.wikipedia\\.org\\\/wiki\\\/Droit_international_public' target\\='_blank' rel\\='noopener'\\>droit international\\<\\\/a\\>\\.\"; toolTips('.classtoolTips210',tt_store_content,'3579'); <\/script><script type=\"text\/javascript\"> var tt_store_content = \"\\<\/p>\n<p style\\='text\\-align\\: center;'\\>\\<strong\\>J\\<\\\/strong\\>eux \\<strong\\>O\\<\\\/strong\\>lympiques<br \/>ou<br \/>\\<strong\\>J\\<\\\/strong\\>ournal \\<strong\\>O\\<\\\/strong\\>fficiel de la R\u00e9publique Fran\u00e7aise\\<\\\/p\\>\"; toolTips('.classtoolTips213',tt_store_content,'4451'); <\/script><script type=\"text\/javascript\"> var tt_store_content = \"\\<p\\><span class='tooltipsall tooltip_post_id_30593 classtoolTips214'>RN<\/span> \\= Rassemble National, c'est le parti d'extr\u00eame droite de Marine Le Pen qui succ\u00e8de au FN \\= Front National fond\u00e9 par son p\u00e8re Jean Marie Le Pen\\<\\\/p\\>\"; toolTips('.classtoolTips214',tt_store_content,'30593'); <\/script><script type=\"text\/javascript\"> var tt_store_content = \"\\<\/p>\n<p style\\='text\\-align\\: center;'\\>\\<span style\\='font\\-size\\: 14pt;'\\>\\<strong\\>C\\<\\\/strong\\>entre \\<strong\\>H\\<\\\/strong\\>ospitalier\\<\\\/span\\>\\<\\\/p\\>\"; toolTips('.classtoolTips220',tt_store_content,'18357'); <\/script><script type=\"text\/javascript\"> var tt_store_content = \"\\<p\\>D\u00e9chets radioactifs \u00e0 Haute Activit\u00e9 \\(classement <span class='tooltipsall tooltip_post_id_3612 classtoolTips79'>ANDRA<\/span>\\)\\<\\\/p\\>\"; toolTips('.classtoolTips223',tt_store_content,'19196'); <\/script><\/p>\n","protected":false},"author":2,"featured_media":0,"comment_status":"open","ping_status":"open","sticky":false,"template":"","format":"standard","meta":{"_acf_changed":false,"ngg_post_thumbnail":0,"_jetpack_memberships_contains_paid_content":false,"footnotes":""},"categories":[63,62,27],"tags":[],"coauthors":[4,137],"class_list":["post-32526","post","type-post","status-publish","format-standard","hentry","category-rub_cult_cine","category-rub_cult","category-rub","edition-edi_00124","type_art-type_art_article","no-thumb"],"acf":[],"jetpack_featured_media_url":"","jetpack_sharing_enabled":true,"jetpack_shortlink":"https:\/\/wp.me\/p9B5TM-8sC","_links":{"self":[{"href":"https:\/\/le-clairon-nouveau.fr\/wordpress\/wp-json\/wp\/v2\/posts\/32526","targetHints":{"allow":["GET"]}}],"collection":[{"href":"https:\/\/le-clairon-nouveau.fr\/wordpress\/wp-json\/wp\/v2\/posts"}],"about":[{"href":"https:\/\/le-clairon-nouveau.fr\/wordpress\/wp-json\/wp\/v2\/types\/post"}],"author":[{"embeddable":true,"href":"https:\/\/le-clairon-nouveau.fr\/wordpress\/wp-json\/wp\/v2\/users\/2"}],"replies":[{"embeddable":true,"href":"https:\/\/le-clairon-nouveau.fr\/wordpress\/wp-json\/wp\/v2\/comments?post=32526"}],"version-history":[{"count":1,"href":"https:\/\/le-clairon-nouveau.fr\/wordpress\/wp-json\/wp\/v2\/posts\/32526\/revisions"}],"predecessor-version":[{"id":32528,"href":"https:\/\/le-clairon-nouveau.fr\/wordpress\/wp-json\/wp\/v2\/posts\/32526\/revisions\/32528"}],"wp:attachment":[{"href":"https:\/\/le-clairon-nouveau.fr\/wordpress\/wp-json\/wp\/v2\/media?parent=32526"}],"wp:term":[{"taxonomy":"category","embeddable":true,"href":"https:\/\/le-clairon-nouveau.fr\/wordpress\/wp-json\/wp\/v2\/categories?post=32526"},{"taxonomy":"post_tag","embeddable":true,"href":"https:\/\/le-clairon-nouveau.fr\/wordpress\/wp-json\/wp\/v2\/tags?post=32526"},{"taxonomy":"author","embeddable":true,"href":"https:\/\/le-clairon-nouveau.fr\/wordpress\/wp-json\/wp\/v2\/coauthors?post=32526"}],"curies":[{"name":"wp","href":"https:\/\/api.w.org\/{rel}","templated":true}]}}