{"id":32610,"date":"2025-11-23T12:30:53","date_gmt":"2025-11-23T11:30:53","guid":{"rendered":"https:\/\/le-clairon-nouveau.fr\/wordpress\/?p=32610"},"modified":"2025-11-22T18:32:59","modified_gmt":"2025-11-22T17:32:59","slug":"narbonne-lorganisation-politique-de-la-ruine","status":"publish","type":"post","link":"https:\/\/le-clairon-nouveau.fr\/wordpress\/blog\/2025\/11\/23\/narbonne-lorganisation-politique-de-la-ruine\/","title":{"rendered":"Narbonne, l\u2019organisation politique de la ruine"},"content":{"rendered":"<p style=\"text-align: center\"><img data-recalc-dims=\"1\" loading=\"lazy\" decoding=\"async\" class=\" wp-image-32611 aligncenter\" src=\"https:\/\/i0.wp.com\/le-clairon-nouveau.fr\/wordpress\/wp-content\/uploads\/2025\/11\/Demolition-5-Image-par-G.C.-de-Pixabay.jpg?resize=684%2C513&#038;ssl=1\" alt=\"\" width=\"684\" height=\"513\" srcset=\"https:\/\/i0.wp.com\/le-clairon-nouveau.fr\/wordpress\/wp-content\/uploads\/2025\/11\/Demolition-5-Image-par-G.C.-de-Pixabay.jpg?resize=300%2C225&amp;ssl=1 300w, https:\/\/i0.wp.com\/le-clairon-nouveau.fr\/wordpress\/wp-content\/uploads\/2025\/11\/Demolition-5-Image-par-G.C.-de-Pixabay.jpg?resize=1024%2C768&amp;ssl=1 1024w, https:\/\/i0.wp.com\/le-clairon-nouveau.fr\/wordpress\/wp-content\/uploads\/2025\/11\/Demolition-5-Image-par-G.C.-de-Pixabay.jpg?resize=768%2C576&amp;ssl=1 768w, https:\/\/i0.wp.com\/le-clairon-nouveau.fr\/wordpress\/wp-content\/uploads\/2025\/11\/Demolition-5-Image-par-G.C.-de-Pixabay.jpg?w=1280&amp;ssl=1 1280w\" sizes=\"auto, (max-width: 684px) 100vw, 684px\" \/><strong><em>D\u00e9molition (Image par G.C. de Pixabay)<\/em><\/strong><\/p>\n<p style=\"text-align: justify\">\u00a0 \u00a0L\u2019effondrement d\u2019une partie du plafond de la piscine du Palais du Travail le 15 novembre 2025 aurait pu transformer un apr\u00e8s-midi de loisirs en trag\u00e9die nationale. Les enfants venaient \u00e0 peine de quitter le bassin lorsque les mat\u00e9riaux se sont fracass\u00e9s sur les tribunes. L\u2019absence de victimes rel\u00e8ve du miracle. Mais cet \u00e9v\u00e9nement ne doit pas tromper l\u2019observateur. Il ne constitue pas un simple accident impr\u00e9visible. Il repr\u00e9sente le point d\u2019orgue d\u2019une gestion municipale o\u00f9 la d\u00e9gradation des infrastructures semble devenir un outil de gouvernance.<\/p>\n<p style=\"text-align: justify\">\u00a0 \u00a0L\u2019analyse de plusieurs dossiers embl\u00e9matiques de la ville r\u00e9v\u00e8le une inqui\u00e9tante convergence. Du Pont des Marchands \u00e0 la Marquise des Dames de France, en passant par le Pont de Carcassonne, une m\u00eame m\u00e9canique se d\u00e9ploie. Le retard dans l\u2019entretien et l\u2019absence d\u2019anticipation finissent par cr\u00e9er des situations d\u2019urgence absolue. Cette urgence permet ensuite \u00e0 la municipalit\u00e9 de justifier des d\u00e9penses publiques colossales ou des d\u00e9cisions impopulaires que le cours normal des choses n\u2019aurait jamais permises. La ville ne manque pourtant pas de connaissance sur l\u2019\u00e9tat de son patrimoine comme le prouve le Plan de Sauvegarde et Mise en Valeur (PSMV) approuv\u00e9 le 16 juillet 2024. Celui-ci rend publiques une collection d\u2019\u00e9tudes r\u00e9alis\u00e9es au cours des 15 ann\u00e9es pr\u00e9c\u00e9dentes. Narbonne offre ainsi le spectacle d\u2019une ville o\u00f9 la ruine ne survient pas par hasard mais sert de levier politique.<\/p>\n<h3><span style=\"font-size: 14pt\">La socialisation des pertes priv\u00e9es<\/span><\/h3>\n<p style=\"text-align: justify\">\u00a0 \u00a0Le cas du Pont des Marchands illustre parfaitement le premier volet de ce syst\u00e8me. Il s\u2019agit ici de transf\u00e9rer la charge financi\u00e8re de propri\u00e9taires priv\u00e9s vers le contribuable local. Ce monument historique tr\u00e8s singulier abrite des logements et des commerces construits sur un pont d\u2019origine romaine qui enjambe une voie navigable. La loi fran\u00e7aise reste pourtant claire sur le sujet. L\u2019entretien des murs, des dalles et des r\u00e9seaux incombe aux propri\u00e9taires des lieux. Les titres de propri\u00e9t\u00e9 d\u00e9finissent sans ambigu\u00eft\u00e9 les responsabilit\u00e9s de chacun.<\/p>\n<p style=\"text-align: justify\">\u00a0 \u00a0Pourtant, l\u2019\u00e9tat du pont a fait l\u2019objet d\u2019une d\u00e9gradation continue sur plusieurs d\u00e9cennies. Les escaliers d\u2019acc\u00e8s aux \u00e9tages ont \u00e9t\u00e9 d\u00e9truits pour augmenter la surface commerciale en rez-de-chauss\u00e9e. Les goutti\u00e8res se sont multipli\u00e9es. Des fissures sont apparues dans les planchers. Les fa\u00e7ades se sont fragilis\u00e9es jusqu\u2019\u00e0 menacer la structure m\u00eame du pont qui les porte. Durant toute cette p\u00e9riode, la mairie disposait d\u2019armes juridiques pour contraindre les propri\u00e9taires \u00e0 agir. Les arr\u00eat\u00e9s de p\u00e9ril et les injonctions de travaux existent pr\u00e9cis\u00e9ment pour \u00e9viter le pourrissement d\u2019une situation. Mais l\u2019ex\u00e9cutif municipal a choisi la voie du laisser-faire.<\/p>\n<p style=\"text-align: justify\">\u00a0 \u00a0L\u2019absence de contrainte forte a produit un r\u00e9sultat pr\u00e9visible. Les travaux n\u00e9cessaires ont atteint des montants tels que les propri\u00e9taires priv\u00e9s ne pouvaient plus les assumer seuls. Le dossier a alors bascul\u00e9 du domaine priv\u00e9 vers la sph\u00e8re publique. La municipalit\u00e9 a \u00e9voqu\u00e9 la sauvegarde d\u2019un patrimoine exceptionnel pour justifier son intervention. La fermeture du pont pour motif de s\u00e9curit\u00e9 pendant l\u2019\u00e9t\u00e9 2023 a \u00e9mu les habitants. Il s\u2019agit d\u2019une art\u00e8re commerciale vitale du centre-ville.<\/p>\n<p style=\"text-align: justify\">\u00a0 \u00a0Pour cela la mairie s\u2019est appuy\u00e9e sur une d\u00e9cision du tribunal administratif de Montpellier validant le constat de p\u00e9ril imminent. Le juge a soulign\u00e9 l\u2019unicit\u00e9 de l\u2019ouvrage et la n\u00e9cessit\u00e9 d\u2019une action coordonn\u00e9e pour garantir la s\u00e9curit\u00e9 publique. L\u2019intervention publique ne relevait plus d\u2019un choix politique mais d\u2019une obligation l\u00e9gale et s\u00e9curitaire. L\u2019urgence construite du moment imposant un consensus.<\/p>\n<p style=\"text-align: justify\">\u00a0 \u00a0Le contribuable se retrouve ainsi \u00e0 financer un sauvetage estim\u00e9 entre vingt et vingt-cinq millions d\u2019euros. La Ville, l\u2019Agglom\u00e9ration, le D\u00e9partement et l\u2019\u00c9tat mettront la main \u00e0 la poche pour r\u00e9nover des biens priv\u00e9s. Les propri\u00e9taires eux ont \u00e9t\u00e9 d\u00e9dommag\u00e9s au prix du march\u00e9 et exon\u00e9r\u00e9s de toute responsabilit\u00e9 financi\u00e8re, pour \u00e9viter une proc\u00e9dure interminable selon l\u2019argument d\u00e9ploy\u00e9 par le maire. La rh\u00e9torique patrimoniale du maire et de son \u00e9quipe permet de masquer cette r\u00e9alit\u00e9 comptable. Le discours officiel transforme une carence de l\u2019autorit\u00e9 municipale en une op\u00e9ration de sauvetage h\u00e9ro\u00efque.<\/p>\n<p style=\"text-align: justify\">\u00a0 \u00a0La Marquise des Dames de France ob\u00e9it \u00e0 une logique strictement identique. Cette structure en verre appartient \u00e0 un ensemble immobilier priv\u00e9. Lorsqu\u2019elle a menac\u00e9 de s\u2019effondrer, la mairie a rapidement invoqu\u00e9 le risque pour les passants. Au lieu d\u2019obliger les propri\u00e9taires \u00e0 s\u00e9curiser leur bien, la collectivit\u00e9 a d\u00e9bloqu\u00e9 des fonds d\u2019urgence. Pr\u00e8s d\u2019un million deux cent mille euros d\u2019argent public ont servi \u00e0 restaurer cet ouvrage. La man\u0153uvre r\u00e9ussit le tour de force de faire payer \u00e0 la communaut\u00e9 les d\u00e9faillances d\u2019une poign\u00e9e de propri\u00e9taires, le tout sous les applaudissements de ceux qui pensent sauver l\u2019histoire de la ville.<\/p>\n<h3>L\u2019instrumentalisation de l\u2019accident<\/h3>\n<p style=\"text-align: justify\">\u00a0 \u00a0Le second m\u00e9canisme \u00e0 l\u2019\u0153uvre concerne les \u00e9quipements publics et la gestion de leur obsolescence. Le Palais du Travail en fournit l\u2019exemple le plus frappant. Ce b\u00e2timent occupe une place centrale dans le c\u0153ur des Narbonnais. H\u00e9ritage du temps du Front Populaire, beaucoup y ont appris a nager ou particip\u00e9 \u00e0 la chor\u00e9graphie d\u2019un spectacle de fin d\u2019ann\u00e9e. Mais sa v\u00e9tust\u00e9 ne constituait un secret pour personne. Les ferrailles \u00e0 nu laiss\u00e9es apparentes apr\u00e8s une pr\u00e9c\u00e9dente phase de travaux d\u2019urgence pr\u00e9paraient les esprits. Des filets de protection, install\u00e9s en hauteur pour retenir les chutes de mat\u00e9riaux, faisaient partie du d\u00e9<span class='tooltipsall tooltip_post_id_7751 classtoolTips165'>cor<\/span> depuis des ann\u00e9es.<\/p>\n<p style=\"text-align: justify\">\u00a0 \u00a0La pr\u00e9sence de <span class='tooltipsall tooltip_post_id_29829 classtoolTips180'>ces<\/span> filets d\u00e9montre la connaissance du risque par les services municipaux. Un filet ne r\u00e9pare rien. Il signale simplement qu\u2019un danger existe et que l\u2019on choisit de ne pas le traiter \u00e0 la racine. L\u2019inaction a perdur\u00e9 jusqu\u2019\u00e0 l\u2019incident de la piscine. La chute du plafond a instantan\u00e9ment modifi\u00e9 le statut du b\u00e2timent. Le lieu v\u00e9tuste est devenu un lieu dangereux.<\/p>\n<p style=\"text-align: justify\">\u00a0 \u00a0Cette transformation sert paradoxalement les int\u00e9r\u00eats de la municipalit\u00e9. Fermer un \u00e9quipement aussi populaire que le Palais du Travail aurait soulev\u00e9 une fronde immense en temps normal. Les associations sportives et les usagers auraient bloqu\u00e9 tout projet de fermeture. Les partis politiques gardiens de la m\u00e9moire de ses b\u00e2tisseurs et les syndicats qu\u2019il abrite dans une de ses ailes se seraient mobilis\u00e9s r\u00e9solument. L\u2019accident change la donne. L\u2019\u00e9motion et la peur prennent le pas sur la contestation. La mairie peut alors fermer le site au nom de la s\u00e9curit\u00e9 des enfants. Personne ne peut s\u2019opposer \u00e0 un tel argument.<\/p>\n<p style=\"text-align: justify\">\u00a0 \u00a0Le temps joue ensuite en faveur du pouvoir en place. Un b\u00e2timent ferm\u00e9 se d\u00e9grade \u00e0 une vitesse acc\u00e9l\u00e9r\u00e9e. L\u2019absence de chauffage et de ventilation transforme rapidement des d\u00e9sordres r\u00e9parables en ruines structurelles. Les co\u00fbts de r\u00e9habilitation grimpent en fl\u00e8che mois apr\u00e8s mois. La municipalit\u00e9 pourra bient\u00f4t pr\u00e9senter des devis exorbitants pour expliquer que la r\u00e9novation est devenue impossible.<\/p>\n<p style=\"text-align: justify\">\u00a0 \u00a0L\u2019accident initial permet ainsi d\u2019ouvrir la voie \u00e0 des projets alternatifs. D\u00e9molition, reconstruction totale ou changement d\u2019affectation deviennent des options audibles. La strat\u00e9gie consiste \u00e0 laisser la situation pourrir jusqu\u2019\u00e0 ce que la solution radicale apparaisse comme la seule issue raisonnable. Le manque d\u2019entretien initial ne rel\u00e8ve pas de l\u2019\u00e9tourderie. Il participe d\u2019une politique du fait accompli. L\u2019incident offre l\u2019opportunit\u00e9 de se d\u00e9barrasser d\u2019un patrimoine jug\u00e9 encombrant ou trop co\u00fbteux \u00e0 entretenir.<\/p>\n<h3>L\u2019\u00e9chec de l\u2019ing\u00e9nierie publique<\/h3>\n<p style=\"text-align: justify\">\u00a0 \u00a0Le troisi\u00e8me volet de cette analyse concerne l\u2019incapacit\u00e9 structurelle \u00e0 anticiper. Le Pont de Carcassonne ne d\u00e9pend pas de propri\u00e9taires priv\u00e9s complexes. Il s\u2019agit d\u2019une infrastructure purement publique. Pourtant, sa gestion reproduit les m\u00eames sch\u00e9mas d\u2019\u00e9chec. En 2014 le pont de Carcassonne fut brusquement ferm\u00e9 et avec lui l\u2019un principaux axes routiers de la ville. Il ne fut rouvert \u00e0 la circulation des v\u00e9hicules l\u00e9gers qu\u2019en 2017 Cet \u00e9v\u00e8nement provoqua la faillite de nombreux commerces du secteur et une reconfiguration sociale du quartier impossible \u00e0 ignorer. Depuis des ann\u00e9es, les rapports techniques s\u2019accumulaient. Ils pointent la corrosion, la fatigue des mat\u00e9riaux et la fragilit\u00e9 des appuis.<\/p>\n<p style=\"text-align: justify\">\u00a0 \u00a0La multiplicit\u00e9 des acteurs explique en partie ce d\u00e9sastre. La ville, le Grand Narbonne, la SNCF, le d\u00e9partement et les services de l\u2019\u00c9tat se renvoient la balle. Cette dilution des responsabilit\u00e9s paralyse l\u2019action. Le sujet est bien plus complexe sur le plan organisationnel et politique que technique. Apr\u00e8s un bras de fer entre l\u2019agglom\u00e9ration, alors tenue par les opposants socialistes, et la mairie le pont sera rouvert. Apr\u00e8s plusieurs reports, les travaux d\u00e9finitifs de consolidation sont programm\u00e9s pour 2026 lors d\u2019une fen\u00eatre de travaux ferroviaires sans en profiter pour r\u00e9soudre les probl\u00e8mes urbains que pose ce pont.\u00a0<\/p>\n<p style=\"text-align: justify\">\u00a0 Les r\u00e9parations effectu\u00e9es dans l\u2019urgence reviennent toujours plus cher que la maintenance pr\u00e9ventive. L\u2019ing\u00e9nierie publique narbonnaise semble avoir perdu la capacit\u00e9 de planifier sur le long terme. Elle subit les \u00e9v\u00e9nements au lieu de les piloter.<\/p>\n<p style=\"text-align: justify\">\u00a0 \u00a0Les \u00e9lus justifient ces situations par la complexit\u00e9 technique ou les contraintes r\u00e9glementaires. Ces explications ne r\u00e9sistent pas \u00e0 l\u2019analyse des faits. D\u2019autres villes parviennent \u00e0 entretenir leur patrimoine sans attendre l\u2019effondrement. Le probl\u00e8me r\u00e9side bien dans des arbitrages politiques qui privil\u00e9gient le court terme et les projets visibles, comme l\u2019Arena ou l\u2019Espace Libert\u00e9 au d\u00e9triment de la maintenance obscure et ingrate des infrastructures existantes, surtout si elles ont une charge symbolique forte pour les opposants municipaux.<\/p>\n<h3>La convergence des m\u00e9thodes<\/h3>\n<p style=\"text-align: justify\">\u00a0 \u00a0L\u2019examen simultan\u00e9 de ces trois dossiers permet de dessiner un syst\u00e8me coh\u00e9rent. Narbonne ne souffre pas d\u2019une mal\u00e9diction qui ferait s\u2019effondrer ses b\u00e2timents. La ville subit les cons\u00e9quences d\u2019un mode de gestion sp\u00e9cifique. Ce mod\u00e8le repose sur trois piliers.<\/p>\n<p style=\"text-align: justify\">\u00a0 \u00a0Le premier pilier concerne l\u2019attentisme. L\u2019ex\u00e9cutif laisse les situations se d\u00e9grader. Il ignore les rapports d\u2019alarme ou pose des pansements d\u00e9risoires comme des filets de s\u00e9curit\u00e9. Cette phase de latence permet d\u2019\u00e9viter les d\u00e9penses imm\u00e9diates et de repousser les d\u00e9cisions difficiles.<\/p>\n<p style=\"text-align: justify\">\u00a0 \u00a0Le deuxi\u00e8me pilier correspond \u00e0 l\u2019\u00e9v\u00e9nement d\u00e9clencheur. Il peut prendre la forme d\u2019un accident physique comme au Palais du Travail ou d\u2019une d\u00e9cision de justice comme pour le Pont des Marchands. Cet \u00e9v\u00e9nement marque une rupture. Il permet de sortir du cadre de la gestion courante pour entrer dans celui de la gestion de crise.<\/p>\n<p style=\"text-align: justify\">\u00a0 \u00a0Le troisi\u00e8me pilier r\u00e9side dans la socialisation des co\u00fbts et la radicalit\u00e9 des solutions. L\u2019urgence l\u00e9gitime l\u2019usage massif de l\u2019argent public pour des biens priv\u00e9s ou justifie l\u2019abandon d\u2019\u00e9quipements publics historiques. La population accepte sous le choc ce qu\u2019elle aurait refus\u00e9 dans le calme.<\/p>\n<p style=\"text-align: justify\">\u00a0 \u00a0Les \u00e9lus narbonnais, Didier Mouly hier et Bertrand Malquier aujourd\u2019hui, ont construit leur communication sur la notion de bonne gestion. Ils se pr\u00e9sentent comme les gardiens rigoureux des deniers publics. La r\u00e9alit\u00e9 de ces dossiers contredit frontalement cette image. La m\u00e9thode employ\u00e9e aboutit \u00e0 un gaspillage massif de ressources. R\u00e9parer un pont au bord de l\u2019effondrement co\u00fbte infiniment plus cher que d\u2019entretenir sa structure r\u00e9guli\u00e8rement. Racheter des immeubles en p\u00e9ril p\u00e8se plus lourd sur les finances que de forcer les propri\u00e9taires \u00e0 faire leurs travaux \u00e0 temps.<\/p>\n<p style=\"text-align: justify\">\u00a0 \u00a0Ce syst\u00e8me g\u00e9n\u00e8re \u00e9galement une forme d\u2019injustice profonde. Les citoyens qui entretiennent leurs propres biens voient leurs imp\u00f4ts servir \u00e0 r\u00e9parer ceux des autres. Les usagers des services publics perdent l\u2019acc\u00e8s \u00e0 leurs \u00e9quipements. La ville se transforme au gr\u00e9 des p\u00e9rils et des effondrements et non selon une vision urbaine concert\u00e9e.<\/p>\n<p style=\"text-align: justify\">\u00a0 \u00a0La municipalit\u00e9 actuelle tente de transformer ces \u00e9checs en \u00e9pop\u00e9e. Chaque chantier d\u2019urgence devient une preuve d\u2019action. Les communiqu\u00e9s de presse c\u00e9l\u00e8brent le sauvetage du patrimoine. Il faut pourtant lire ces \u00e9v\u00e9nements dans leur juste sens. Chaque ouverture de chantier d\u2019urgence signe l\u2019\u00e9chec d\u2019une politique de pr\u00e9vention. Chaque euro d\u00e9pens\u00e9 pour \u00e9viter l\u2019effondrement d\u2019un immeuble priv\u00e9 repr\u00e9sente un euro soustrait aux investissements d\u2019avenir pour la communaut\u00e9.<\/p>\n<p style=\"text-align: justify\">\u00a0 \u00a0Narbonne offre aujourd\u2019hui le visage d\u2019une ville qui court apr\u00e8s sa propre d\u00e9cr\u00e9pitude. La strat\u00e9gie de l\u2019autruche, \u00e9lev\u00e9e au rang de politique publique, a fini par pr\u00e9senter sa facture. Elle se chiffre en dizaines de millions d\u2019euros et en ann\u00e9es de fermeture pour les \u00e9quipements structurants. L\u2019incident de la piscine doit agir comme un r\u00e9v\u00e9lateur. Il ne faut plus regarder seulement le plafond qui tombe, mais la main qui, pendant des ann\u00e9es, a d\u00e9cid\u00e9 de ne pas le r\u00e9parer.<\/p>\n<p style=\"text-align: right\"><em>Laurent Fabas pour le Clairon de l\u2019Atax le 21\/11\/2025<\/em><\/p>\n<p>&nbsp;<\/p>\n<h2><span style=\"font-size: 12pt\">(*) Lien vers le plan de Sauvegarde et de Mise en Valeur (PSMV) du Site Patrimonial Remarquable (SPR)\u00a0: <\/span><\/h2>\n<h2><a href=\"https:\/\/www.narbonne.fr\/site-patrimonial-remarquable\"><span style=\"font-size: 12pt\">https:\/\/www.narbonne.fr\/site-patrimonial-remarquable<\/span><\/a><\/h2>\n<p>&nbsp;<\/p>\n<script type=\"text\/javascript\"> var tt_store_content = \"\\<p\\><span class='tooltipsall tooltip_post_id_23586 classtoolTips107'>NTIC<\/span> \\= Nouvelles technologies de l'information et de la communication\\<\\\/p\\>\"; toolTips('.classtoolTips107',tt_store_content,'23586'); <\/script><script type=\"text\/javascript\"> var tt_store_content = \"\\<p\\>NTIC \\= Nouvelles technologies de l'information et de la communication\\<\\\/p\\>\"; toolTips('.classtoolTips107',tt_store_content,'23586'); <\/script><script type=\"text\/javascript\"> var tt_store_content = \"\\<p\\>NTIC \\= Nouvelles technologies de l'Information et de la Communication\\<\\\/p\\>\"; toolTips('.classtoolTips112',tt_store_content,'30265'); <\/script><script type=\"text\/javascript\"> var tt_store_content = \"Le <span class='tooltipsall tooltip_post_id_3743 classtoolTips128'>CIRC<\/span> est le&nbsp; \\<a href\\='https\\:\\\/\\\/fr\\.wikipedia\\.org\\\/wiki\\\/Centre_international_de_recherche_sur_le_cancer' target\\='_blank' rel\\='noopener'\\>Centre international de Recherche sur le Cancer\\<\\\/a\\>, cr\u00e9\u00e9 en 1965 par l\u2019\\<a href\\='https\\:\\\/\\\/fr\\.wikipedia\\.org\\\/wiki\\\/Organisation_mondiale_de_la_sant%C3%A9' target\\='_blank' rel\\='noopener'\\>Organisation Mondiale de la Sant\u00e9\\<\\\/a\\> \\(OMS\\) des \\<a href\\='https\\:\\\/\\\/fr\\.wikipedia\\.org\\\/wiki\\\/Organisation_des_Nations_unies' target\\='_blank' rel\\='noopener'\\>Nations Unies\\<\\\/a\\>\\.\"; toolTips('.classtoolTips128',tt_store_content,'3743'); <\/script><script type=\"text\/javascript\"> var tt_store_content = \"\\<p\\><span class='tooltipsall tooltip_post_id_19394 classtoolTips134'>SAGE<\/span> \\= \\<span class\\='st'\\> sch\u00e9ma d'am\u00e9nagement et de gestion de l'eau\\<\\\/span\\> , c'est un outil de planification qui concerne l'ensemble des eaux situ\u00e9es dans un bassin versant\\<\\\/p\\>\"; toolTips('.classtoolTips134',tt_store_content,'19394'); <\/script><script type=\"text\/javascript\"> var tt_store_content = \"\\<p style\\='text\\-align\\: center;'\\>\\<strong\\>\\<span style\\='font\\-size\\: 14pt;'\\>S\\<\\\/span\\>\\<\\\/strong\\>\\<span style\\='font\\-size\\: 14pt;'\\>oci\u00e9t\u00e9 d'\\<strong\\>\u00c9\\<\\\/strong\\>conomie \\<strong\\>M\\<\\\/strong\\>ixte\\<\\\/span\\>\\<\\\/p\\><br\/>\\<p style\\='text\\-align\\: justify;'\\>En France, une soci\u00e9t\u00e9 d'\u00e9conomie mixte est une soci\u00e9t\u00e9 anonyme dont le capital est majoritairement d\u00e9tenu par une ou plusieurs personnes publiques \\(\u00e0 savoir l'\u00c9tat, une Collectivit\u00e9 territoriale, ou tout autre \u00c9tablissement public\\)\\. Cette participation majoritaire publique est plafonn\u00e9e \u00e0 85&nbsp;% du capital depuis la Loi du 2 janvier 2002\\. Au moins une personne priv\u00e9e doit participer au capital de la <span class='tooltipsall tooltip_post_id_7168 classtoolTips142'>SEM<\/span>, sachant qu'il peut s'agir d'une autre SEM\\.\\<\\\/p\\><br\/>\\<p style\\='text\\-align\\: justify;'\\>\\<strong\\>Le recours \u00e0 la SEM garantit\\<\\\/strong\\> \u00e0 la collectivit\u00e9 publique actionnaire et cocontractante \\<strong\\>la prise en compte effective de l'int\u00e9r\u00eat g\u00e9n\u00e9ral\\<\\\/strong\\> dans les objectifs de l'entreprise \\<strong\\>et la souplesse de la soci\u00e9t\u00e9 de droit priv\u00e9\\<\\\/strong\\>\\.\\<\\\/p\\><br\/>\\<em\\>\\<a href\\='https\\:\\\/\\\/fr\\.wikipedia\\.org\\\/wiki\\\/Soci%C3%A9t%C3%A9_d%27%C3%A9conomie_mixte' target\\='_blank' rel\\='noopener'\\>Voir ici la page Wikipedia consacr\u00e9e aux SEM\\<\\\/a\\> \\<\\\/em\\><br\/><br\/>&nbsp;\"; toolTips('.classtoolTips142',tt_store_content,'7168'); <\/script><script type=\"text\/javascript\"> var tt_store_content = \"\\<p style\\='text\\-align\\: center;'\\>\\<span style\\='font\\-size\\: 14pt;'\\>\\<strong\\>I\\<\\\/strong\\>mp\u00f4t sur la \\<strong\\>F\\<\\\/strong\\>ortune \\<strong\\>I\\<\\\/strong\\>mmobili\u00e8re\\<\\\/span\\>\\<\\\/p\\>\"; toolTips('.classtoolTips148',tt_store_content,'5643'); <\/script><script type=\"text\/javascript\"> var tt_store_content = \"\\<p style\\='text\\-align\\: center;'\\>\\<span style\\='font\\-size\\: 14pt;'\\>\\<strong\\>R\\<\\\/strong\\>\u00e9pertoire \\<strong\\>N\\<\\\/strong\\>ational des \\<strong\\>A\\<\\\/strong\\>ssociations\\<\\\/span\\>\\<\\\/p\\>\"; toolTips('.classtoolTips159',tt_store_content,'24374'); <\/script><script type=\"text\/javascript\"> var tt_store_content = \"\\<p style\\='text\\-align\\: center;'\\>\\<strong\\>\\<span style\\='font\\-size\\: 14pt;'\\>G\\<\\\/span\\>\\<\\\/strong\\>\\<span style\\='font\\-size\\: 14pt;'\\>az \u00e0 \\<strong\\>E\\<\\\/strong\\>ffet de \\<strong\\>S\\<\\\/strong\\>erre\\<\\\/span\\>\\<\\\/p\\><br\/>\\<p style\\='text\\-align\\: justify;'\\>Les gaz \u00e0 effet de serre \\(<span class='tooltipsall tooltip_post_id_7232 classtoolTips161'>GES<\/span>\\) sont des composants gazeux qui absorbent le rayonnement infrarouge \u00e9mis par la surface terrestre et contribuent \u00e0 l'effet de serre\\. L'augmentation de leur concentration dans l'atmosph\u00e8re terrestre est l'un des facteurs \u00e0 l'origine du r\u00e9chauffement climatique\\.\\<\\\/p\\><br\/>\\<a href\\='https\\:\\\/\\\/fr\\.wikipedia\\.org\\\/wiki\\\/Gaz_%C3%A0_effet_de_serre' target\\='_blank' rel\\='noopener'\\>\\<em\\>Voir ici la fiche Wikipedia sur les gaz \u00e0 effet de serre\\<\\\/em\\>\\<\\\/a\\>\"; toolTips('.classtoolTips161',tt_store_content,'7232'); <\/script><script type=\"text\/javascript\"> var tt_store_content = \"\\<p style\\='text\\-align\\: justify;'\\>Le Conseil d'Orientation des Retraites est une instance qui r\u00e9unit &nbsp;\\<span class\\='st'\\>les principaux acteurs du champ des retraites\\<\\\/span\\> et effectue un travail d'\u00e9tudes et de concertation\\. Compos\u00e9 de parlementaires, de repr\u00e9sentants des organisations professionnelles et syndicales, des retrait\u00e9s et des familles, de membres de l'administration et d'experts, le Conseil d'orientation des retraites \\(COR\\) est plac\u00e9 aupr\u00e8s du Premier ministre\\.\\<\\\/p\\>\"; toolTips('.classtoolTips165',tt_store_content,'7751'); <\/script><script type=\"text\/javascript\"> var tt_store_content = \"\\<p style\\='text\\-align\\: center;'\\>\\<span style\\='font\\-size\\: 14pt;'\\>\\<strong\\>O\\<\\\/strong\\>rganisation \\<strong\\>M\\<\\\/strong\\>\u00e9t\u00e9orologique \\<strong\\>M\\<\\\/strong\\>ondiale<br\/>\\<strong\\>W\\<\\\/strong\\>orld \\<strong\\>M\\<\\\/strong\\>eteorological \\<strong\\>O\\<\\\/strong\\>rganization\\<\\\/span\\>\\<\\\/p\\><br\/>&nbsp;<br\/><br\/>\\<a href\\='https\\:\\\/\\\/public\\.wmo\\.int\\\/fr' target\\='_blank' rel\\='noopener'\\>\\<em\\>Acc\u00e9der ici au site de l'organisation\\<\\\/em\\>\\<\\\/a\\>\"; toolTips('.classtoolTips168',tt_store_content,'7763'); <\/script><script type=\"text\/javascript\"> var tt_store_content = \"\\<p style\\='text\\-align\\: center;'\\>\\<span style\\='font\\-size\\: 14pt;'\\>\\<strong\\>\u00c9\\<\\\/strong\\>cole \\<strong\\>N\\<\\\/strong\\>ationale d'\\<strong\\>A\\<\\\/strong\\>dministration\\<\\\/span\\>\\<\\\/p\\>\"; toolTips('.classtoolTips170',tt_store_content,'5213'); <\/script><script type=\"text\/javascript\"> var tt_store_content = \"\\<p style\\='text\\-align\\: center;'\\>\\<span style\\='font\\-size\\: 14pt;'\\>\u00c9cole des<br\/>\\<strong\\>H\\<\\\/strong\\>autes \\<strong\\>\u00c9\\<\\\/strong\\>tudes \\<strong\\>C\\<\\\/strong\\>ommerciales\\<\\\/span\\>\\<\\\/p\\>\"; toolTips('.classtoolTips171',tt_store_content,'5214'); <\/script><script type=\"text\/javascript\"> var tt_store_content = \"\\<p style\\='text\\-align\\: justify'\\>\\<span class\\='ILfuVd'\\>La politique agricole commune \\(\\<b\\><span class='tooltipsall tooltip_post_id_11364 classtoolTips174'>PAC<\/span>\\<\\\/b\\>\\) est une politique mise en place \u00e0 l'\u00e9chelle de l'Union europ\u00e9enne\\. \u00c0 l'origine, elle est fond\u00e9e principalement sur des mesures de contr\u00f4le des prix et de subventionnement, visant \u00e0 moderniser et d\u00e9velopper l'agriculture\\.\\<\\\/span\\> \\(source Wikipedia\\)\\<\\\/p\\>\"; toolTips('.classtoolTips174',tt_store_content,'11364'); <\/script><script type=\"text\/javascript\"> var tt_store_content = \"\\<p style\\='text\\-align\\: center;'\\>\\<span style\\='font\\-size\\: 14pt;'\\>\\<strong\\>P\\<\\\/strong\\>\\<\\\/span\\>\\<span style\\='font\\-size\\: 14pt;'\\>lan \\<strong\\>L\\<\\\/strong\\>\\<\\\/span\\>\\<span style\\='font\\-size\\: 14pt;'\\>ocal d'\\<strong\\>U\\<\\\/strong\\>\\<\\\/span\\>\\<span style\\='font\\-size\\: 14pt;'\\>rbanisme\\<\\\/span\\>\\<\\\/p\\><br\/>&nbsp;\"; toolTips('.classtoolTips176',tt_store_content,'4979'); <\/script><script type=\"text\/javascript\"> var tt_store_content = \"\\<p\\>Conseil \u00c9conomique et Social\\<\\\/p\\>\"; toolTips('.classtoolTips180',tt_store_content,'29829'); <\/script><script type=\"text\/javascript\"> var tt_store_content = \"\\<p style\\='text\\-align\\: center;'\\>\\<span style\\='font\\-size\\: 14pt;'\\>\\<strong\\>G\\<\\\/strong\\>roupement \\<strong\\>H\\<\\\/strong\\>ospitalier de \\<strong\\>T\\<\\\/strong\\>erritoire\\<\\\/span\\>\\<\\\/p\\><br\/>\\<p style\\='text\\-align\\: justify;'\\>Les groupements hospitaliers de territoires, dispositif pr\u00e9vu par la loi de sant\u00e9 2016, sont un nouveau mode de coop\u00e9ration entre les \u00e9tablissements publics de sant\u00e9 \u00e0 l\u2019\u00e9chelle d\u2019un territoire\\<\\\/p\\>\"; toolTips('.classtoolTips189',tt_store_content,'18358'); <\/script><script type=\"text\/javascript\"> var tt_store_content = \"\\<p style\\='text\\-align\\: center;'\\>\\<span style\\='font\\-size\\: 14pt;'\\>\\<strong\\>C\\<\\\/strong\\>omit\u00e9 \\<strong\\>T\\<\\\/strong\\>echnique d'\\<strong\\>\u00c9\\<\\\/strong\\>tablissement\\<\\\/span\\>\\<\\\/p\\>\"; toolTips('.classtoolTips191',tt_store_content,'18359'); <\/script><script type=\"text\/javascript\"> var tt_store_content = \"\\<p style\\='text\\-align\\: center;'\\>\\<span style\\='font\\-size\\: 14pt;'\\>\\<strong\\>E\\<\\\/strong\\>volutionary \\<strong\\>P\\<\\\/strong\\>ower \\<strong\\>R\\<\\\/strong\\>eactor\\<\\\/span\\>\\<\\\/p\\><br\/>\\<p style\\='text\\-align\\: justify;'\\>R\u00e9acteur nucl\u00e9aire de troisi\u00e8me g\u00e9n\u00e9ration \\(classification internationale\\), con\u00e7u et d\u00e9velopp\u00e9 par <span class='tooltipsall tooltip_post_id_5121 classtoolTips35'>Areva NP<\/span>&nbsp; au cours des ann\u00e9es 1990 et 2000\\. Il fait partie de la fili\u00e8re des r\u00e9acteurs \u00e0 eau pressuris\u00e9e\\.\\<\\\/p\\><br\/>\\<a href\\='https\\:\\\/\\\/fr\\.wikipedia\\.org\\\/wiki\\\/R%C3%A9acteur_pressuris%C3%A9_europ%C3%A9en' target\\='_blank' rel\\='noopener'\\>\\<em\\>Voir ici la fiche Wikipedia <span class='tooltipsall tooltip_post_id_5579 classtoolTips196'>EPR<\/span>\\<\\\/em\\>\\<\\\/a\\>\"; toolTips('.classtoolTips196',tt_store_content,'5579'); <\/script><script type=\"text\/javascript\"> var tt_store_content = \"\\<p style\\='text\\-align\\: center;'\\>\\<strong\\>R\\<\\\/strong\\>\u00e9seau \\<strong\\>A\\<\\\/strong\\>ction \\<strong\\>C\\<\\\/strong\\>limat\\<\\\/p\\><br\/>Le r\u00e9seau Action Climat '\\<em\\>f\u00e9d\u00e8re les associations impliqu\u00e9es dans la lutte contre les changements climatiques et pour une transition \u00e9cologique, solidaire et \u00e9quitable\\<\\\/em\\>'\\.<br\/><br\/>\\<a href\\='https\\:\\\/\\\/reseauactionclimat\\.org\\\/' target\\='_blank' rel\\='noopener'\\>Voir le site du <span class='tooltipsall tooltip_post_id_4309 classtoolTips200'>RAC<\/span>\\<\\\/a\\>\"; toolTips('.classtoolTips200',tt_store_content,'4309'); <\/script><script type=\"text\/javascript\"> var tt_store_content = \"\\<p style\\='text\\-align\\: center;'\\>\\<strong\\>\\<span style\\='font\\-size\\: 14pt;'\\>R\\<\\\/span\\>\\<\\\/strong\\>\\<span style\\='font\\-size\\: 14pt;'\\>eferendum d'\\<strong\\>I\\<\\\/strong\\>nitiative \\<strong\\>C\\<\\\/strong\\>itoyenne\\<\\\/span\\>\\<\\\/p\\>\"; toolTips('.classtoolTips205',tt_store_content,'12268'); <\/script><script type=\"text\/javascript\"> var tt_store_content = \"\\<p\\><span class='tooltipsall tooltip_post_id_25844 classtoolTips208'>RTE<\/span> \\= R\u00e9seau de Transport d'Electricit\u00e9 est une filiale d'<span class='tooltipsall tooltip_post_id_7035 classtoolTips178'>EDF<\/span> qui est l'actionnaire majoritaire avec 50,1% des parts le reste \u00e9tant partag\u00e9 par la CDC et la CNP\\<\\\/p\\>\"; toolTips('.classtoolTips208',tt_store_content,'25844'); <\/script><script type=\"text\/javascript\"> var tt_store_content = \"\\<p style\\='text\\-align\\: center;'\\>\\<span style\\='font\\-size\\: 14pt;'\\>\\<strong\\>O\\<\\\/strong\\>rganisation\\<strong\\> N\\<\\\/strong\\>on\\<strong\\> G\\<\\\/strong\\>ouvernementale\\<\\\/span\\>\\<\\\/p\\><br\/>Une organisation non gouvernementale \\(<span class='tooltipsall tooltip_post_id_3579 classtoolTips210'>ONG<\/span>\\) est une \\<a title\\='Association \u00e0 but non lucratif' href\\='https\\:\\\/\\\/fr\\.wikipedia\\.org\\\/wiki\\\/Association_%C3%A0_but_non_lucratif' target\\='_blank' rel\\='noopener'\\>association \u00e0 but non lucratif\\<\\\/a\\>, d'int\u00e9r\u00eat public, qui ne rel\u00e8ve ni de l'\u00c9tat, ni d'institutions internationales\\<sup id\\='cite_ref\\-novethic_1\\-0' class\\='reference'\\>\\<\\\/sup\\>\\. Les ONG n'ont pas le statut de sujet de \\<a title\\='Droit international public' href\\='https\\:\\\/\\\/fr\\.wikipedia\\.org\\\/wiki\\\/Droit_international_public' target\\='_blank' rel\\='noopener'\\>droit international\\<\\\/a\\>\\.\"; toolTips('.classtoolTips210',tt_store_content,'3579'); <\/script><script type=\"text\/javascript\"> var tt_store_content = \"\\<p style\\='text\\-align\\: center;'\\>\\<span style\\='font\\-size\\: 14pt;'\\>\\<strong\\>O\\<\\\/strong\\>rganisation\\<strong\\> N\\<\\\/strong\\>on\\<strong\\> G\\<\\\/strong\\>ouvernementale\\<\\\/span\\>\\<\\\/p\\><br\/>Une organisation non gouvernementale \\(ONG\\) est une \\<a title\\='Association \u00e0 but non lucratif' href\\='https\\:\\\/\\\/fr\\.wikipedia\\.org\\\/wiki\\\/Association_%C3%A0_but_non_lucratif' target\\='_blank' rel\\='noopener'\\>association \u00e0 but non lucratif\\<\\\/a\\>, d'int\u00e9r\u00eat public, qui ne rel\u00e8ve ni de l'\u00c9tat, ni d'institutions internationales\\<sup id\\='cite_ref\\-novethic_1\\-0' class\\='reference'\\>\\<\\\/sup\\>\\. Les ONG n'ont pas le statut de sujet de \\<a title\\='Droit international public' href\\='https\\:\\\/\\\/fr\\.wikipedia\\.org\\\/wiki\\\/Droit_international_public' target\\='_blank' rel\\='noopener'\\>droit international\\<\\\/a\\>\\.\"; toolTips('.classtoolTips210',tt_store_content,'3579'); <\/script><script type=\"text\/javascript\"> var tt_store_content = \"\\<p style\\='text\\-align\\: center;'\\>\\<strong\\>J\\<\\\/strong\\>eux \\<strong\\>O\\<\\\/strong\\>lympiques<br\/>ou<br\/>\\<strong\\>J\\<\\\/strong\\>ournal \\<strong\\>O\\<\\\/strong\\>fficiel de la R\u00e9publique Fran\u00e7aise\\<\\\/p\\>\"; toolTips('.classtoolTips213',tt_store_content,'4451'); <\/script><script type=\"text\/javascript\"> var tt_store_content = \"\\<p\\><span class='tooltipsall tooltip_post_id_30593 classtoolTips214'>RN<\/span> \\= Rassemble National, c'est le parti d'extr\u00eame droite de Marine Le Pen qui succ\u00e8de au FN \\= Front National fond\u00e9 par son p\u00e8re Jean Marie Le Pen\\<\\\/p\\>\"; toolTips('.classtoolTips214',tt_store_content,'30593'); <\/script><script type=\"text\/javascript\"> var tt_store_content = \"\\<p style\\='text\\-align\\: center;'\\>\\<span style\\='font\\-size\\: 14pt;'\\>\\<strong\\>C\\<\\\/strong\\>entre \\<strong\\>H\\<\\\/strong\\>ospitalier\\<\\\/span\\>\\<\\\/p\\>\"; toolTips('.classtoolTips220',tt_store_content,'18357'); <\/script><script type=\"text\/javascript\"> var tt_store_content = \"\\<p\\>D\u00e9chets radioactifs \u00e0 Haute Activit\u00e9 \\(classement <span class='tooltipsall tooltip_post_id_3612 classtoolTips79'>ANDRA<\/span>\\)\\<\\\/p\\>\"; toolTips('.classtoolTips223',tt_store_content,'19196'); <\/script>","protected":false},"excerpt":{"rendered":"<p>R\u00e9parer un ouvrage au bord de l\u2019effondrement co\u00fbte infiniment plus cher que d\u2019entretenir sa structure r\u00e9guli\u00e8rement.<script type=\"text\/javascript\"> var tt_store_content = \"\\<p\\><span class='tooltipsall tooltip_post_id_23586 classtoolTips107'>NTIC<\/span> \\= Nouvelles technologies de l'information et de la communication\\<\\\/p\\>\"; toolTips('.classtoolTips107',tt_store_content,'23586'); <\/script><script type=\"text\/javascript\"> var tt_store_content = \"\\<p\\>NTIC \\= Nouvelles technologies de l'information et de la communication\\<\\\/p\\>\"; toolTips('.classtoolTips107',tt_store_content,'23586'); <\/script><script type=\"text\/javascript\"> var tt_store_content = \"\\<p\\>NTIC \\= Nouvelles technologies de l'Information et de la Communication\\<\\\/p\\>\"; toolTips('.classtoolTips112',tt_store_content,'30265'); <\/script><script type=\"text\/javascript\"> var tt_store_content = \"Le <span class='tooltipsall tooltip_post_id_3743 classtoolTips128'>CIRC<\/span> est le&nbsp; \\<a href\\='https\\:\\\/\\\/fr\\.wikipedia\\.org\\\/wiki\\\/Centre_international_de_recherche_sur_le_cancer' target\\='_blank' rel\\='noopener'\\>Centre international de Recherche sur le Cancer\\<\\\/a\\>, cr\u00e9\u00e9 en 1965 par l\u2019\\<a href\\='https\\:\\\/\\\/fr\\.wikipedia\\.org\\\/wiki\\\/Organisation_mondiale_de_la_sant%C3%A9' target\\='_blank' rel\\='noopener'\\>Organisation Mondiale de la Sant\u00e9\\<\\\/a\\> \\(OMS\\) des \\<a href\\='https\\:\\\/\\\/fr\\.wikipedia\\.org\\\/wiki\\\/Organisation_des_Nations_unies' target\\='_blank' rel\\='noopener'\\>Nations Unies\\<\\\/a\\>\\.\"; toolTips('.classtoolTips128',tt_store_content,'3743'); <\/script><script type=\"text\/javascript\"> var tt_store_content = \"\\<p\\><span class='tooltipsall tooltip_post_id_19394 classtoolTips134'>SAGE<\/span> \\= \\<span class\\='st'\\> sch\u00e9ma d'am\u00e9nagement et de gestion de l'eau\\<\\\/span\\> , c'est un outil de planification qui concerne l'ensemble des eaux situ\u00e9es dans un bassin versant\\<\\\/p\\>\"; toolTips('.classtoolTips134',tt_store_content,'19394'); <\/script><script type=\"text\/javascript\"> var tt_store_content = \"\\<\/p>\n<p style\\='text\\-align\\: center;'\\>\\<strong\\>\\<span style\\='font\\-size\\: 14pt;'\\>S\\<\\\/span\\>\\<\\\/strong\\>\\<span style\\='font\\-size\\: 14pt;'\\>oci\u00e9t\u00e9 d'\\<strong\\>\u00c9\\<\\\/strong\\>conomie \\<strong\\>M\\<\\\/strong\\>ixte\\<\\\/span\\>\\<\\\/p\\><br \/>\\<\/p>\n<p style\\='text\\-align\\: justify;'\\>En France, une soci\u00e9t\u00e9 d'\u00e9conomie mixte est une soci\u00e9t\u00e9 anonyme dont le capital est majoritairement d\u00e9tenu par une ou plusieurs personnes publiques \\(\u00e0 savoir l'\u00c9tat, une Collectivit\u00e9 territoriale, ou tout autre \u00c9tablissement public\\)\\. Cette participation majoritaire publique est plafonn\u00e9e \u00e0 85&nbsp;% du capital depuis la Loi du 2 janvier 2002\\. Au moins une personne priv\u00e9e doit participer au capital de la <span class='tooltipsall tooltip_post_id_7168 classtoolTips142'>SEM<\/span>, sachant qu'il peut s'agir d'une autre SEM\\.\\<\\\/p\\><br \/>\\<\/p>\n<p style\\='text\\-align\\: justify;'\\>\\<strong\\>Le recours \u00e0 la SEM garantit\\<\\\/strong\\> \u00e0 la collectivit\u00e9 publique actionnaire et cocontractante \\<strong\\>la prise en compte effective de l'int\u00e9r\u00eat g\u00e9n\u00e9ral\\<\\\/strong\\> dans les objectifs de l'entreprise \\<strong\\>et la souplesse de la soci\u00e9t\u00e9 de droit priv\u00e9\\<\\\/strong\\>\\.\\<\\\/p\\><br \/>\\<em\\>\\<a href\\='https\\:\\\/\\\/fr\\.wikipedia\\.org\\\/wiki\\\/Soci%C3%A9t%C3%A9_d%27%C3%A9conomie_mixte' target\\='_blank' rel\\='noopener'\\>Voir ici la page Wikipedia consacr\u00e9e aux SEM\\<\\\/a\\> \\<\\\/em\\><\/p>\n<p>&nbsp;\"; toolTips('.classtoolTips142',tt_store_content,'7168'); <\/script><script type=\"text\/javascript\"> var tt_store_content = \"\\<\/p>\n<p style\\='text\\-align\\: center;'\\>\\<span style\\='font\\-size\\: 14pt;'\\>\\<strong\\>I\\<\\\/strong\\>mp\u00f4t sur la \\<strong\\>F\\<\\\/strong\\>ortune \\<strong\\>I\\<\\\/strong\\>mmobili\u00e8re\\<\\\/span\\>\\<\\\/p\\>\"; toolTips('.classtoolTips148',tt_store_content,'5643'); <\/script><script type=\"text\/javascript\"> var tt_store_content = \"\\<\/p>\n<p style\\='text\\-align\\: center;'\\>\\<span style\\='font\\-size\\: 14pt;'\\>\\<strong\\>R\\<\\\/strong\\>\u00e9pertoire \\<strong\\>N\\<\\\/strong\\>ational des \\<strong\\>A\\<\\\/strong\\>ssociations\\<\\\/span\\>\\<\\\/p\\>\"; toolTips('.classtoolTips159',tt_store_content,'24374'); <\/script><script type=\"text\/javascript\"> var tt_store_content = \"\\<\/p>\n<p style\\='text\\-align\\: center;'\\>\\<strong\\>\\<span style\\='font\\-size\\: 14pt;'\\>G\\<\\\/span\\>\\<\\\/strong\\>\\<span style\\='font\\-size\\: 14pt;'\\>az \u00e0 \\<strong\\>E\\<\\\/strong\\>ffet de \\<strong\\>S\\<\\\/strong\\>erre\\<\\\/span\\>\\<\\\/p\\><br \/>\\<\/p>\n<p style\\='text\\-align\\: justify;'\\>Les gaz \u00e0 effet de serre \\(<span class='tooltipsall tooltip_post_id_7232 classtoolTips161'>GES<\/span>\\) sont des composants gazeux qui absorbent le rayonnement infrarouge \u00e9mis par la surface terrestre et contribuent \u00e0 l'effet de serre\\. L'augmentation de leur concentration dans l'atmosph\u00e8re terrestre est l'un des facteurs \u00e0 l'origine du r\u00e9chauffement climatique\\.\\<\\\/p\\><br \/>\\<a href\\='https\\:\\\/\\\/fr\\.wikipedia\\.org\\\/wiki\\\/Gaz_%C3%A0_effet_de_serre' target\\='_blank' rel\\='noopener'\\>\\<em\\>Voir ici la fiche Wikipedia sur les gaz \u00e0 effet de serre\\<\\\/em\\>\\<\\\/a\\>\"; toolTips('.classtoolTips161',tt_store_content,'7232'); <\/script><script type=\"text\/javascript\"> var tt_store_content = \"\\<\/p>\n<p style\\='text\\-align\\: justify;'\\>Le Conseil d'Orientation des Retraites est une instance qui r\u00e9unit &nbsp;\\<span class\\='st'\\>les principaux acteurs du champ des retraites\\<\\\/span\\> et effectue un travail d'\u00e9tudes et de concertation\\. Compos\u00e9 de parlementaires, de repr\u00e9sentants des organisations professionnelles et syndicales, des retrait\u00e9s et des familles, de membres de l'administration et d'experts, le Conseil d'orientation des retraites \\(<span class='tooltipsall tooltip_post_id_7751 classtoolTips165'>COR<\/span>\\) est plac\u00e9 aupr\u00e8s du Premier ministre\\.\\<\\\/p\\>\"; toolTips('.classtoolTips165',tt_store_content,'7751'); <\/script><script type=\"text\/javascript\"> var tt_store_content = \"\\<\/p>\n<p style\\='text\\-align\\: center;'\\>\\<span style\\='font\\-size\\: 14pt;'\\>\\<strong\\>O\\<\\\/strong\\>rganisation \\<strong\\>M\\<\\\/strong\\>\u00e9t\u00e9orologique \\<strong\\>M\\<\\\/strong\\>ondiale<br \/>\\<strong\\>W\\<\\\/strong\\>orld \\<strong\\>M\\<\\\/strong\\>eteorological \\<strong\\>O\\<\\\/strong\\>rganization\\<\\\/span\\>\\<\\\/p\\><br \/>&nbsp;<\/p>\n<p>\\<a href\\='https\\:\\\/\\\/public\\.wmo\\.int\\\/fr' target\\='_blank' rel\\='noopener'\\>\\<em\\>Acc\u00e9der ici au site de l'organisation\\<\\\/em\\>\\<\\\/a\\>\"; toolTips('.classtoolTips168',tt_store_content,'7763'); <\/script><script type=\"text\/javascript\"> var tt_store_content = \"\\<\/p>\n<p style\\='text\\-align\\: center;'\\>\\<span style\\='font\\-size\\: 14pt;'\\>\\<strong\\>\u00c9\\<\\\/strong\\>cole \\<strong\\>N\\<\\\/strong\\>ationale d'\\<strong\\>A\\<\\\/strong\\>dministration\\<\\\/span\\>\\<\\\/p\\>\"; toolTips('.classtoolTips170',tt_store_content,'5213'); <\/script><script type=\"text\/javascript\"> var tt_store_content = \"\\<\/p>\n<p style\\='text\\-align\\: center;'\\>\\<span style\\='font\\-size\\: 14pt;'\\>\u00c9cole des<br \/>\\<strong\\>H\\<\\\/strong\\>autes \\<strong\\>\u00c9\\<\\\/strong\\>tudes \\<strong\\>C\\<\\\/strong\\>ommerciales\\<\\\/span\\>\\<\\\/p\\>\"; toolTips('.classtoolTips171',tt_store_content,'5214'); <\/script><script type=\"text\/javascript\"> var tt_store_content = \"\\<\/p>\n<p style\\='text\\-align\\: justify'\\>\\<span class\\='ILfuVd'\\>La politique agricole commune \\(\\<b\\><span class='tooltipsall tooltip_post_id_11364 classtoolTips174'>PAC<\/span>\\<\\\/b\\>\\) est une politique mise en place \u00e0 l'\u00e9chelle de l'Union europ\u00e9enne\\. \u00c0 l'origine, elle est fond\u00e9e principalement sur des mesures de contr\u00f4le des prix et de subventionnement, visant \u00e0 moderniser et d\u00e9velopper l'agriculture\\.\\<\\\/span\\> \\(source Wikipedia\\)\\<\\\/p\\>\"; toolTips('.classtoolTips174',tt_store_content,'11364'); <\/script><script type=\"text\/javascript\"> var tt_store_content = \"\\<\/p>\n<p style\\='text\\-align\\: center;'\\>\\<span style\\='font\\-size\\: 14pt;'\\>\\<strong\\>P\\<\\\/strong\\>\\<\\\/span\\>\\<span style\\='font\\-size\\: 14pt;'\\>lan \\<strong\\>L\\<\\\/strong\\>\\<\\\/span\\>\\<span style\\='font\\-size\\: 14pt;'\\>ocal d'\\<strong\\>U\\<\\\/strong\\>\\<\\\/span\\>\\<span style\\='font\\-size\\: 14pt;'\\>rbanisme\\<\\\/span\\>\\<\\\/p\\><br \/>&nbsp;\"; toolTips('.classtoolTips176',tt_store_content,'4979'); <\/script><script type=\"text\/javascript\"> var tt_store_content = \"\\<p\\>Conseil \u00c9conomique et Social\\<\\\/p\\>\"; toolTips('.classtoolTips180',tt_store_content,'29829'); <\/script><script type=\"text\/javascript\"> var tt_store_content = \"\\<\/p>\n<p style\\='text\\-align\\: center;'\\>\\<span style\\='font\\-size\\: 14pt;'\\>\\<strong\\>G\\<\\\/strong\\>roupement \\<strong\\>H\\<\\\/strong\\>ospitalier de \\<strong\\>T\\<\\\/strong\\>erritoire\\<\\\/span\\>\\<\\\/p\\><br \/>\\<\/p>\n<p style\\='text\\-align\\: justify;'\\>Les groupements hospitaliers de territoires, dispositif pr\u00e9vu par la loi de sant\u00e9 2016, sont un nouveau mode de coop\u00e9ration entre les \u00e9tablissements publics de sant\u00e9 \u00e0 l\u2019\u00e9chelle d\u2019un territoire\\<\\\/p\\>\"; toolTips('.classtoolTips189',tt_store_content,'18358'); <\/script><script type=\"text\/javascript\"> var tt_store_content = \"\\<\/p>\n<p style\\='text\\-align\\: center;'\\>\\<span style\\='font\\-size\\: 14pt;'\\>\\<strong\\>C\\<\\\/strong\\>omit\u00e9 \\<strong\\>T\\<\\\/strong\\>echnique d'\\<strong\\>\u00c9\\<\\\/strong\\>tablissement\\<\\\/span\\>\\<\\\/p\\>\"; toolTips('.classtoolTips191',tt_store_content,'18359'); <\/script><script type=\"text\/javascript\"> var tt_store_content = \"\\<\/p>\n<p style\\='text\\-align\\: center;'\\>\\<span style\\='font\\-size\\: 14pt;'\\>\\<strong\\>E\\<\\\/strong\\>volutionary \\<strong\\>P\\<\\\/strong\\>ower \\<strong\\>R\\<\\\/strong\\>eactor\\<\\\/span\\>\\<\\\/p\\><br \/>\\<\/p>\n<p style\\='text\\-align\\: justify;'\\>R\u00e9acteur nucl\u00e9aire de troisi\u00e8me g\u00e9n\u00e9ration \\(classification internationale\\), con\u00e7u et d\u00e9velopp\u00e9 par <span class='tooltipsall tooltip_post_id_5121 classtoolTips35'>Areva NP<\/span>&nbsp; au cours des ann\u00e9es 1990 et 2000\\. Il fait partie de la fili\u00e8re des r\u00e9acteurs \u00e0 eau pressuris\u00e9e\\.\\<\\\/p\\><br \/>\\<a href\\='https\\:\\\/\\\/fr\\.wikipedia\\.org\\\/wiki\\\/R%C3%A9acteur_pressuris%C3%A9_europ%C3%A9en' target\\='_blank' rel\\='noopener'\\>\\<em\\>Voir ici la fiche Wikipedia <span class='tooltipsall tooltip_post_id_5579 classtoolTips196'>EPR<\/span>\\<\\\/em\\>\\<\\\/a\\>\"; toolTips('.classtoolTips196',tt_store_content,'5579'); <\/script><script type=\"text\/javascript\"> var tt_store_content = \"\\<\/p>\n<p style\\='text\\-align\\: center;'\\>\\<strong\\>R\\<\\\/strong\\>\u00e9seau \\<strong\\>A\\<\\\/strong\\>ction \\<strong\\>C\\<\\\/strong\\>limat\\<\\\/p\\><br \/>Le r\u00e9seau Action Climat '\\<em\\>f\u00e9d\u00e8re les associations impliqu\u00e9es dans la lutte contre les changements climatiques et pour une transition \u00e9cologique, solidaire et \u00e9quitable\\<\\\/em\\>'\\.<\/p>\n<p>\\<a href\\='https\\:\\\/\\\/reseauactionclimat\\.org\\\/' target\\='_blank' rel\\='noopener'\\>Voir le site du <span class='tooltipsall tooltip_post_id_4309 classtoolTips200'>RAC<\/span>\\<\\\/a\\>\"; toolTips('.classtoolTips200',tt_store_content,'4309'); <\/script><script type=\"text\/javascript\"> var tt_store_content = \"\\<\/p>\n<p style\\='text\\-align\\: center;'\\>\\<strong\\>\\<span style\\='font\\-size\\: 14pt;'\\>R\\<\\\/span\\>\\<\\\/strong\\>\\<span style\\='font\\-size\\: 14pt;'\\>eferendum d'\\<strong\\>I\\<\\\/strong\\>nitiative \\<strong\\>C\\<\\\/strong\\>itoyenne\\<\\\/span\\>\\<\\\/p\\>\"; toolTips('.classtoolTips205',tt_store_content,'12268'); <\/script><script type=\"text\/javascript\"> var tt_store_content = \"\\<p\\><span class='tooltipsall tooltip_post_id_25844 classtoolTips208'>RTE<\/span> \\= R\u00e9seau de Transport d'Electricit\u00e9 est une filiale d'<span class='tooltipsall tooltip_post_id_7035 classtoolTips178'>EDF<\/span> qui est l'actionnaire majoritaire avec 50,1% des parts le reste \u00e9tant partag\u00e9 par la CDC et la CNP\\<\\\/p\\>\"; toolTips('.classtoolTips208',tt_store_content,'25844'); <\/script><script type=\"text\/javascript\"> var tt_store_content = \"\\<\/p>\n<p style\\='text\\-align\\: center;'\\>\\<span style\\='font\\-size\\: 14pt;'\\>\\<strong\\>O\\<\\\/strong\\>rganisation\\<strong\\> N\\<\\\/strong\\>on\\<strong\\> G\\<\\\/strong\\>ouvernementale\\<\\\/span\\>\\<\\\/p\\><br \/>Une organisation non gouvernementale \\(<span class='tooltipsall tooltip_post_id_3579 classtoolTips210'>ONG<\/span>\\) est une \\<a title\\='Association \u00e0 but non lucratif' href\\='https\\:\\\/\\\/fr\\.wikipedia\\.org\\\/wiki\\\/Association_%C3%A0_but_non_lucratif' target\\='_blank' rel\\='noopener'\\>association \u00e0 but non lucratif\\<\\\/a\\>, d'int\u00e9r\u00eat public, qui ne rel\u00e8ve ni de l'\u00c9tat, ni d'institutions internationales\\<sup id\\='cite_ref\\-novethic_1\\-0' class\\='reference'\\>\\<\\\/sup\\>\\. Les ONG n'ont pas le statut de sujet de \\<a title\\='Droit international public' href\\='https\\:\\\/\\\/fr\\.wikipedia\\.org\\\/wiki\\\/Droit_international_public' target\\='_blank' rel\\='noopener'\\>droit international\\<\\\/a\\>\\.\"; toolTips('.classtoolTips210',tt_store_content,'3579'); <\/script><script type=\"text\/javascript\"> var tt_store_content = \"\\<\/p>\n<p style\\='text\\-align\\: center;'\\>\\<span style\\='font\\-size\\: 14pt;'\\>\\<strong\\>O\\<\\\/strong\\>rganisation\\<strong\\> N\\<\\\/strong\\>on\\<strong\\> G\\<\\\/strong\\>ouvernementale\\<\\\/span\\>\\<\\\/p\\><br \/>Une organisation non gouvernementale \\(ONG\\) est une \\<a title\\='Association \u00e0 but non lucratif' href\\='https\\:\\\/\\\/fr\\.wikipedia\\.org\\\/wiki\\\/Association_%C3%A0_but_non_lucratif' target\\='_blank' rel\\='noopener'\\>association \u00e0 but non lucratif\\<\\\/a\\>, d'int\u00e9r\u00eat public, qui ne rel\u00e8ve ni de l'\u00c9tat, ni d'institutions internationales\\<sup id\\='cite_ref\\-novethic_1\\-0' class\\='reference'\\>\\<\\\/sup\\>\\. Les ONG n'ont pas le statut de sujet de \\<a title\\='Droit international public' href\\='https\\:\\\/\\\/fr\\.wikipedia\\.org\\\/wiki\\\/Droit_international_public' target\\='_blank' rel\\='noopener'\\>droit international\\<\\\/a\\>\\.\"; toolTips('.classtoolTips210',tt_store_content,'3579'); <\/script><script type=\"text\/javascript\"> var tt_store_content = \"\\<\/p>\n<p style\\='text\\-align\\: center;'\\>\\<strong\\>J\\<\\\/strong\\>eux \\<strong\\>O\\<\\\/strong\\>lympiques<br \/>ou<br \/>\\<strong\\>J\\<\\\/strong\\>ournal \\<strong\\>O\\<\\\/strong\\>fficiel de la R\u00e9publique Fran\u00e7aise\\<\\\/p\\>\"; toolTips('.classtoolTips213',tt_store_content,'4451'); <\/script><script type=\"text\/javascript\"> var tt_store_content = \"\\<p\\><span class='tooltipsall tooltip_post_id_30593 classtoolTips214'>RN<\/span> \\= Rassemble National, c'est le parti d'extr\u00eame droite de Marine Le Pen qui succ\u00e8de au FN \\= Front National fond\u00e9 par son p\u00e8re Jean Marie Le Pen\\<\\\/p\\>\"; toolTips('.classtoolTips214',tt_store_content,'30593'); <\/script><script type=\"text\/javascript\"> var tt_store_content = \"\\<\/p>\n<p style\\='text\\-align\\: center;'\\>\\<span style\\='font\\-size\\: 14pt;'\\>\\<strong\\>C\\<\\\/strong\\>entre \\<strong\\>H\\<\\\/strong\\>ospitalier\\<\\\/span\\>\\<\\\/p\\>\"; toolTips('.classtoolTips220',tt_store_content,'18357'); <\/script><script type=\"text\/javascript\"> var tt_store_content = \"\\<p\\>D\u00e9chets radioactifs \u00e0 Haute Activit\u00e9 \\(classement <span class='tooltipsall tooltip_post_id_3612 classtoolTips79'>ANDRA<\/span>\\)\\<\\\/p\\>\"; toolTips('.classtoolTips223',tt_store_content,'19196'); <\/script><\/p>\n","protected":false},"author":47,"featured_media":0,"comment_status":"open","ping_status":"open","sticky":false,"template":"","format":"standard","meta":{"_acf_changed":false,"ngg_post_thumbnail":0,"_jetpack_memberships_contains_paid_content":false,"footnotes":""},"categories":[6,37,5,27],"tags":[],"coauthors":[211],"class_list":["post-32610","post","type-post","status-publish","format-standard","hentry","category-actu","category-actu_loc","category-rub_pol","category-rub","edition-edi_00125","type_art-type_art_article","no-thumb"],"acf":[],"jetpack_featured_media_url":"","jetpack_sharing_enabled":true,"jetpack_shortlink":"https:\/\/wp.me\/p9B5TM-8tY","_links":{"self":[{"href":"https:\/\/le-clairon-nouveau.fr\/wordpress\/wp-json\/wp\/v2\/posts\/32610","targetHints":{"allow":["GET"]}}],"collection":[{"href":"https:\/\/le-clairon-nouveau.fr\/wordpress\/wp-json\/wp\/v2\/posts"}],"about":[{"href":"https:\/\/le-clairon-nouveau.fr\/wordpress\/wp-json\/wp\/v2\/types\/post"}],"author":[{"embeddable":true,"href":"https:\/\/le-clairon-nouveau.fr\/wordpress\/wp-json\/wp\/v2\/users\/47"}],"replies":[{"embeddable":true,"href":"https:\/\/le-clairon-nouveau.fr\/wordpress\/wp-json\/wp\/v2\/comments?post=32610"}],"version-history":[{"count":2,"href":"https:\/\/le-clairon-nouveau.fr\/wordpress\/wp-json\/wp\/v2\/posts\/32610\/revisions"}],"predecessor-version":[{"id":32613,"href":"https:\/\/le-clairon-nouveau.fr\/wordpress\/wp-json\/wp\/v2\/posts\/32610\/revisions\/32613"}],"wp:attachment":[{"href":"https:\/\/le-clairon-nouveau.fr\/wordpress\/wp-json\/wp\/v2\/media?parent=32610"}],"wp:term":[{"taxonomy":"category","embeddable":true,"href":"https:\/\/le-clairon-nouveau.fr\/wordpress\/wp-json\/wp\/v2\/categories?post=32610"},{"taxonomy":"post_tag","embeddable":true,"href":"https:\/\/le-clairon-nouveau.fr\/wordpress\/wp-json\/wp\/v2\/tags?post=32610"},{"taxonomy":"author","embeddable":true,"href":"https:\/\/le-clairon-nouveau.fr\/wordpress\/wp-json\/wp\/v2\/coauthors?post=32610"}],"curies":[{"name":"wp","href":"https:\/\/api.w.org\/{rel}","templated":true}]}}