{"id":32692,"date":"2025-12-23T12:30:52","date_gmt":"2025-12-23T11:30:52","guid":{"rendered":"https:\/\/le-clairon-nouveau.fr\/wordpress\/?p=32692"},"modified":"2025-12-22T16:42:20","modified_gmt":"2025-12-22T15:42:20","slug":"chronique-dune-emancipation-citoyenne","status":"publish","type":"post","link":"https:\/\/le-clairon-nouveau.fr\/wordpress\/blog\/2025\/12\/23\/chronique-dune-emancipation-citoyenne\/","title":{"rendered":"Chronique d\u2019une \u00e9mancipation citoyenne"},"content":{"rendered":"<p style=\"text-align: center\"><img data-recalc-dims=\"1\" loading=\"lazy\" decoding=\"async\" class=\" wp-image-32693 aligncenter\" src=\"https:\/\/i0.wp.com\/le-clairon-nouveau.fr\/wordpress\/wp-content\/uploads\/2025\/12\/forum-lieu-de-la-democratieforum-Image-par-Adam-de-Pixabay.jpg?resize=696%2C436&#038;ssl=1\" alt=\"\" width=\"696\" height=\"436\" srcset=\"https:\/\/i0.wp.com\/le-clairon-nouveau.fr\/wordpress\/wp-content\/uploads\/2025\/12\/forum-lieu-de-la-democratieforum-Image-par-Adam-de-Pixabay.jpg?resize=300%2C188&amp;ssl=1 300w, https:\/\/i0.wp.com\/le-clairon-nouveau.fr\/wordpress\/wp-content\/uploads\/2025\/12\/forum-lieu-de-la-democratieforum-Image-par-Adam-de-Pixabay.jpg?resize=1024%2C642&amp;ssl=1 1024w, https:\/\/i0.wp.com\/le-clairon-nouveau.fr\/wordpress\/wp-content\/uploads\/2025\/12\/forum-lieu-de-la-democratieforum-Image-par-Adam-de-Pixabay.jpg?resize=768%2C482&amp;ssl=1 768w, https:\/\/i0.wp.com\/le-clairon-nouveau.fr\/wordpress\/wp-content\/uploads\/2025\/12\/forum-lieu-de-la-democratieforum-Image-par-Adam-de-Pixabay.jpg?w=1280&amp;ssl=1 1280w\" sizes=\"auto, (max-width: 696px) 100vw, 696px\" \/><span style=\"font-size: 10pt\"><em><strong>Forum romain lieu du d\u00e9bat public (mage par Adam de Pixabay)<\/strong><\/em><\/span><\/p>\n<p style=\"text-align: justify\">\u00a0 \u00a0<em><strong>Il aura fallu dix-huit mois. Dix-huit mois d&rsquo;un interminable tunnel politique pour qu&rsquo;\u00e9merge enfin une proposition claire \u00e0 Narbonne. Pour comprendre la naissance de la liste \u00ab Nous sommes Narbonne \u00bb, il ne suffit pas de regarder les \u00e9v\u00e9nements des derni\u00e8res semaines. Il faut remonter le fil d&rsquo;une m\u00e9canique de l&rsquo;\u00e9chec soigneusement entretenue par ceux qui pr\u00e9tendent aujourd&rsquo;hui incarner l&rsquo;union ou la radicalit\u00e9. Nous avons reconstitu\u00e9 l&rsquo;histoire souterraine d&rsquo;une \u00e9mancipation citoyenne qui s&rsquo;est construite contre les appareils politiques locaux.<\/strong><\/em><\/p>\n<h3>Le p\u00e9<span class='tooltipsall tooltip_post_id_18357 classtoolTips220'>ch<\/span>\u00e9 originel de l\u2019\u00e9t\u00e9 2024<\/h3>\n<p style=\"text-align: justify\">\u00a0 \u00a0Tout remonte \u00e0 la vague d&rsquo;espoir cr\u00e9\u00e9e par Nouveau Front Populaire. \u00c0 l&rsquo;\u00e9t\u00e9 2024, les urnes narbonnaises envoyaient un message sans \u00e9quivoque. Malgr\u00e9 son \u00e9chec dans la circonscription, sur la commune de Narbonne, la gauche pouvait encore gagner. L&rsquo;\u00e9lan citoyen \u00e9tait l\u00e0, palpable, pr\u00eat \u00e0 d\u00e9border sur le municipal. Mais cet \u00e9lan se brisa net contre un mur de proc\u00e9dure.<br \/>\n\u00a0 \u00a0La candidate aux l\u00e9gislatives, aujourd&rsquo;hui recas\u00e9e confortablement au sein de \u00ab\u00a0Narbonne en Grand\u00a0\u00bb, imagina une structure cens\u00e9e organiser la suite. Elle imposa la cr\u00e9ation d&rsquo;un \u00ab\u00a0bureau politique\u00a0\u00bb. Sous ce nom, vite reni\u00e9, se cachait une machine \u00e0 broyer les initiatives. Ce c\u00e9nacle r\u00e9unissait les chefs locaux des partis, avec pour certains un seul objectif cynique. Ils venaient simuler le dialogue pour mieux acter, semaine apr\u00e8s semaine, l\u2019impossibilit\u00e9 de s\u2019entendre. L&rsquo;\u00e9nergie citoyenne de l&rsquo;\u00e9t\u00e9 2024 mourut dans <span class='tooltipsall tooltip_post_id_29829 classtoolTips180'>ces<\/span> r\u00e9unions st\u00e9riles. Le message envoy\u00e9 \u00e0 la population fut d\u00e9sastreux.<\/p>\n<h3><span style=\"font-size: 14pt\">L\u2019imbroglio de l\u2019automne 2024<\/span><\/h3>\n<p style=\"text-align: justify\">\u00a0 \u00a0D\u00e8s l\u2019automne, des partis commenc\u00e8rent \u00e0 se rencontrer selon un autre format, calqu\u00e9 sur celui des d\u00e9partementales de 2021. Autour du PS se rassembl\u00e8rent le PCF, EELV et le PRG. <span class='tooltipsall tooltip_post_id_27250 classtoolTips175'>LFI<\/span> n\u2019\u00e9tait pas invit\u00e9, pas plus que le MCN (Mouvement Citoyen Narbonnais), pourtant \u00e9lu avec eux en 2020 dans l\u2019opposition municipale. En coulisse l\u2019explication de ce format \u00e9tait l\u2019impossibilit\u00e9 de travailler avec un animateur LFI local jug\u00e9 trop conflictuel. Le MCN constituait un dommage collat\u00e9ral. Mais le vrai motif \u00e9tait strat\u00e9gique. En cr\u00e9ant un arc politique dont il occupait le centre, le PS \u00e9tait m\u00e9caniquement positionn\u00e9 en point d\u2019\u00e9quilibre et son candidat devenait naturel. Au sein du PS, la d\u00e9signation de Nicolas Sainte-Cluque comme chef de file provoqua des remous. Les d\u00e9missions se succ\u00e9d\u00e8rent au conseil municipal r\u00e9v\u00e9lant son isolement. Sur les 7 postes obtenus en 2020, seulement 4 seront encore occup\u00e9s par ses fid\u00e8les en fin de mandat. \u00c9cart\u00e9s des tractations, les conseillers municipaux du MCN d\u00e9cid\u00e8rent alors de reprendre leur autonomie.<\/p>\n<h3>L\u2019espoir d\u00e9\u00e7u de mai<\/h3>\n<p style=\"text-align: justify\">\u00a0 \u00a0La riposte au meeting du <span class='tooltipsall tooltip_post_id_30593 classtoolTips214'>RN<\/span> le 1<sup>er<\/sup> mai 2025 rassembla 8000 personnes. Comme les appareils \u00e9chouaient \u00e0 travailler ensemble, la dynamique fut citoyenne. Des figures \u00e9merg\u00e8rent comme celle de Laurent Fabas qui animait l\u2019organisation. Malgr\u00e9 le soutien national de La France Insoumise, l\u2019animateur local de LFI et son comparse se lanc\u00e8rent dans une campagne de sabotage et de d\u00e9nigrement. En parall\u00e8le, le PS tenta de pr\u00e9empter l\u2019\u00e9v\u00e8nement en lan\u00e7ant sa plateforme \u00ab\u00a0Narbonne en Grand\u00a0\u00bb. En r\u00e9ponse, un appel pour le rassemblement d\u2019\u00ab\u00a0Une Seule Gauche\u00a0\u00bb fut lanc\u00e9 par la base. Les protagonistes politiques, pour pr\u00e9server les chances d\u2019une hypoth\u00e9tique union, rest\u00e8rent muets dans la presse face \u00e0 la man\u0153uvre. Une omerta m\u00e9diatique s&rsquo;installa pour ne pas insulter l&rsquo;avenir, laissant le champ libre au narratif du PS.<\/p>\n<h3>Le pi\u00e8ge d&rsquo;octobre<\/h3>\n<p style=\"text-align: justify\">\u00a0 \u00a0\u00c0 la rentr\u00e9e 2025, le collectif \u00ab Une Seule Gauche \u00bb d\u00e9cida, apr\u00e8s des mois de r\u00e9unions discr\u00e8tes, de mettre la question de l\u2019union sur la place publique. Il proposait que la m\u00e9thode change. Il avait identifi\u00e9 un pr\u00e9requis pour que l\u2019union soit possible : il fallait que personne ne soit exclu des prises de d\u00e9cision<br \/>\n\u00a0 \u00a0Les postures de LFI et du PS form\u00e8rent une sorte de \u2033miroir bloquant\u2033. LFI posait son programme comme un pr\u00e9alable, le reste pourrait \u00eatre d\u00e9battu ensuite. Le PS voulait une t\u00eate de liste vite, le reste serait pour plus tard. \u00ab Une seule Gauche \u00bb organisa une r\u00e9union publique le 7 octobre pour montrer que ces positions n\u2019\u00e9taient pas incompatibles. Le collectif choisit d\u2019envoyer un communiqu\u00e9 et de ne pas avoir de porte-parole. Le journaliste de l\u2019Ind\u00e9pendant contacta alors Nicolas Sainte-Cluque et le 30 septembre celui-ci tira une premi\u00e8re salve dans la presse locale. Il afficha son scepticisme face \u00e0 l\u2019initiative qui contestait de facto son leadership, attaqua sur la la\u00efcit\u00e9 du collectif et \u00e9voqua la probabilit\u00e9 d\u2019un pugilat dans l\u2019article qui annon\u00e7ait la tenue de la r\u00e9union.<\/p>\n<p style=\"text-align: justify\">\u00a0 \u00a0Lors des s\u00e9ances pr\u00e9paratoires \u00e0 cette r\u00e9union publique se produisit alors un moment lunaire. \u00ab Narbonne en Grand \u00bb demanda \u00e0 \u00ab Une Seule Gauche \u00bb s\u2019ils avaient une candidature \u00e0 proposer pour la t\u00eate de liste. La r\u00e9ponse fut claire : m\u00eame Nicolas Sainte-Cluque pouvait \u00eatre t\u00eate de liste, si cette d\u00e9cision \u00e9tait prise en commun. La semaine suivante, son camp annon\u00e7ait \u00ab Puisqu&rsquo;il vous convient, nous l\u2019avons d\u00e9sign\u00e9 \u00bb.<br \/>\n\u00a0 \u00a0La r\u00e9union publique du 7 octobre scella en r\u00e9alit\u00e9 le divorce. Quatre-vingts personnes vot\u00e8rent \u00e0 l&rsquo;unanimit\u00e9 pour poursuivre la d\u00e9marche engag\u00e9e par le collectif\u00a0 \u00ab Une seule gauche \u00bb. L&rsquo;image \u00e9tait belle : la r\u00e9alit\u00e9 \u00e9tait plus sombre. Le secr\u00e9taire de section du Parti Socialiste prit la parole pour expliquer calmement qu&rsquo;une strat\u00e9gie \u00e0 deux listes au premier tour constituerait une option viable. Le masque tomba. : plus question d\u2019une seule liste\u2026<br \/>\n\u00a0 \u00a0Il fut alors clair pour le Mouvement Citoyen Narbonnais (MCN) que \u00ab\u00a0Narbonne en Grand\u00a0\u00bb ne cherchait pas des partenaires, mais des vassaux. Le 10 octobre, le MCN annon\u00e7a \u00e0 Nicolas Sainte-Cluque son refus d&rsquo;attendre davantage le bon vouloir d&rsquo;un calendrier socialiste qui jouait la montre. Celui-ci y vit une menace.<\/p>\n<p style=\"text-align: justify\">\u00a0 \u00a0Des figures de m\u00e9diation comme Beno\u00eet Perez, us\u00e9es par ce double jeu permanent, jet\u00e8rent l&rsquo;\u00e9ponge. D\u2019autres comme Laurent Fabas prirent acte de ce naufrage. Celui-ci tenta d&rsquo;abord de recoller les morceaux, se rendit aux ateliers de \u00ab\u00a0Narbonne en Grand\u00a0\u00bb mais se heurta \u00e0 un mur. Le refus de travailler avec La France Insoumise \u00e9tait visc\u00e9ral et d\u00e9finitif.<br \/>\n\u00a0 \u00a0L\u2019id\u00e9e s\u2019imposa que la seule strat\u00e9gie pouvant permettre la victoire de la gauche \u00e9tait d\u2019aller renforcer le camp de ceux qu\u2019on n\u2019\u00e9coute pas, pour rouvrir les portes qui venaient de se fermer.<\/p>\n<h3>La guerre d&rsquo;usure des commissions<\/h3>\n<p style=\"text-align: justify\">\u00a0 \u00a0Une nouvelle dynamique s&rsquo;enclencha alors. Elle regroupait dans un nouveau collectif r\u00e9unissant LFI, le MCN, le NPA ainsi que des citoyens non encart\u00e9s. L&rsquo;espoir renaissait, vite douch\u00e9 par une nouvelle forme de bureaucratie, plus radicale mais tout aussi bloquante.<br \/>\n\u00a0 \u00a0Le 7 novembre marqua le d\u00e9but d\u2019hostilit\u00e9s internes. Lors de la premi\u00e8re r\u00e9union publique de ce nouveau collectif, l\u2019animateur local LFI s\u2019empara de la parole en fin de s\u00e9ance. Il annon\u00e7a unilat\u00e9ralement la d\u00e9nonciation des D\u00e9l\u00e9gations de Service Public (DSP) sur l\u2019eau comme premi\u00e8re mesure phare d\u2019un futur programme. Cette annonce stup\u00e9fia les participants. La mesure avait \u00e9t\u00e9 \u00e9cart\u00e9e en r\u00e9union pr\u00e9paratoire, compte tenu de son co\u00fbt et de sa non-conformit\u00e9 au programme nationalde LFI qui aborde cette question avec pragmatisme.<br \/>\n\u00a0 \u00a0Laurent Fabas fut charg\u00e9 du compte-rendu de cette r\u00e9union, mais son texte, fid\u00e8le aux d\u00e9bats, fut rejet\u00e9 par les animateurs LFI qui attendaient un tract politique et non un proc\u00e8s-verbal circonstanci\u00e9 et d\u00e9mocratique.<br \/>\n\u00a0 \u00a0S&rsquo;ouvrit alors une p\u00e9riode surr\u00e9aliste. Les r\u00e9unions hebdomadaires du collectif se tenaient dans des <span class='tooltipsall tooltip_post_id_5652 classtoolTips155'>caf<\/span>\u00e9s. Que ce soit au Th\u00e9\u00e2tre ou aux Quatre Fontaines, le sc\u00e9nario se r\u00e9p\u00e9tait inlassablement. Les animateurs LFI ouvraient chaque s\u00e9ance en remettant en cause les d\u00e9cisions valid\u00e9es la semaine pr\u00e9c\u00e9dente. La r\u00e9union consistait alors \u00e0 leur r\u00e9expliquer des \u00e9vidences, pour tout recommencer sept jours plus tard. Ils faisaient ainsi subir \u00e0 leurs plus proches alli\u00e9s ce qui avait fait exploser le bureau politique du <span class='tooltipsall tooltip_post_id_30597 classtoolTips181'>NFP<\/span> un an auparavant.<\/p>\n<p style=\"text-align: justify\">\u00a0 \u00a0Le dossier des DSP ( D\u00e9l\u00e9gation de service public) devint le symbole de cette incomp\u00e9tence dogmatique. Une note technique \u00e9valua le co\u00fbt de la d\u00e9nonciation brutale des contrats \u00e0 34 millions d&rsquo;euros de p\u00e9nalit\u00e9s pour l\u2019agglom\u00e9ration. Ce chiffre enterrait le sujet pour toute personne raisonnable. Pourtant, la semaine suivante, le bin\u00f4me revint \u00e0 la charge avec le terme \u00ab\u00a0ren\u00e9gociation\u00a0\u00bb. Leur seul argument face au risque de faillite municipale tenait en trois mots : \u00ab\u00a0rapport de force\u00a0\u00bb. Comme si manifester sous les fen\u00eatres de l&rsquo;H\u00f4tel de Ville allait effacer les clauses juridiques d&rsquo;un contrat.<\/p>\n<h3>Le coup de force rat\u00e9 du 3 d\u00e9cembre<\/h3>\n<p style=\"text-align: justify\">\u00a0 \u00a0La situation devint intenable. Une deuxi\u00e8me r\u00e9union publique \u00e9tait programm\u00e9e pour le 12 d\u00e9cembre. L&rsquo;ordre du jour pr\u00e9voyait la d\u00e9signation d\u00e9mocratique de la t\u00eate de liste et le choix du nom du mouvement par un vote public. <br \/>\n\u00a0 \u00a0Conscients de leur position ultra-minoritaire et du fait que l&rsquo;assembl\u00e9e ne suivrait pas leurs directives, les animateurs LFI tent\u00e8rent un coup de force. Ils annonc\u00e8rent qu&rsquo;il n&rsquo;\u00e9tait pas question de laisser l&rsquo;assembl\u00e9e d\u00e9cider, car elle risquerait de prendre une d\u00e9cision qui ne leur conviendrait pas. Au-del\u00e0 de cet aveu de faiblesse, ils s\u2019opposaient ouvertement au premier point du programme de LFI : la r\u00e9volution citoyenne. Ils r\u00e9v\u00e9laient ainsi que leur conception de la d\u00e9mocratie participative se limitait \u00e0 faire valider par la foule leurs propres d\u00e9cisions. <br \/>\n\u00a0 \u00a0Le 3 d\u00e9cembre, la r\u00e9union de travail tourna \u00e0 la dispute. Accul\u00e9s, l\u2019animateur probl\u00e9matique et ses suivants d\u00e9cid\u00e8rent de faire scission. L\u2019autre animateur LFI d\u00e9missionna sur le champ.<br \/>\n\u00a0 \u00a0Ils partirent seuls.\u00a0 Les habitants de quartier rest\u00e8rent \u00e0 la r\u00e9union ! la plupart des militants insoumis resta aussi ainsi que les \u00e9cologistes pr\u00e9sents et les autres participants \u00e0 titre personnel. L&rsquo;ambiance changea instantan\u00e9ment. Le d\u00e9part des saboteurs agit comme une lib\u00e9ration. Le travail reprit, all\u00e9g\u00e9, efficace, joyeux.<\/p>\n<h3>La naissance d&rsquo;une force adulte<\/h3>\n<p style=\"text-align: justify\">\u00a0 \u00a0Ce que les Narbonnais d\u00e9couvrent aujourd&rsquo;hui sous le nom \u00ab\u00a0Nous sommes Narbonne\u00a0\u00bb est le fruit de cette s\u00e9lection radicale. Cette liste rassemble ceux qui ont tenu jusqu\u2019au bout dans leur projet d\u2019une candidature d\u00e9mocratiquement d\u00e9sign\u00e9e, ceux qui ont refus\u00e9 la tutelle anesth\u00e9siante des appareils et le caporalisme inefficace de petits chefs insoumis.<br \/>\n\u00a0 \u00a0Ces mois de lutte n&rsquo;auront pas \u00e9t\u00e9 inutiles : ils ont forg\u00e9 un collectif immunis\u00e9 contre le leurre dess \u00e9l\u00e9ments de langage et se sont rod\u00e9s \u00e0 l&rsquo;exercice de la contradiction. Jean-Luc Maury et Nicolas Sainte-Cluque ont rendu, bien malgr\u00e9 eux, un fier service \u00e0 cette liste citoyenne. En essayant de l&rsquo;\u00e9touffer, ils l&rsquo;ont oblig\u00e9e \u00e0 devenir adulte, comp\u00e9tente et totalement ind\u00e9pendante.<\/p>\n<p><strong><em>Il y a une ironie f\u00e9roce \u00e0 regarder la situation politique \u00e0 Narbonne aujourd\u2019hui. Pour comprendre ce qui se joue avec \u00ab Nous sommes Narbonne \u00bb, il faut ouvrir les livres d\u2019histoire.<\/em><\/strong><\/p>\n<p style=\"text-align: justify\">\u00a0\u00a0 Lors des \u00e9lections municipales de 1971, un avocat nomm\u00e9 Hubert Mouly faisait irruption dans une ville verrouill\u00e9e depuis des lustres par la gauche traditionnelle. Face \u00e0 l&rsquo;h\u00e9g\u00e9monie des appareils et des candidats \u00ab\u00a0sortants\u00a0\u00bb, il avait refus\u00e9 les \u00e9tiquettes. Il avait rassembl\u00e9 la soci\u00e9t\u00e9 civile et les comp\u00e9tences localement disponibles sous une banni\u00e8re in\u00e9dite, \u00ab\u00a0Nouveau Narbonne\u00a0\u00bb. Son credo \u00e9tait simple\u00a0: la ville avant les partis. A l\u2019issue du scrutin, il avait balay\u00e9 le vieux monde.<\/p>\n<p>\u00a0 \u00a0<strong><em>Cinquante-cinq ans plus tard, la boucle est boucl\u00e9e. \u00ab\u00a0Nouveau Narbonne\u00a0\u00bb est devenue cette baronnie immobile, convaincue d\u2019\u00eatre d\u00e9positaire d\u2019un droit divin et us\u00e9e par le pouvoir.<br \/>\n\u00a0 \u00a0<\/em><\/strong>Et face \u00e0 elle, que voyons-nous ? Une liste citoyenne, men\u00e9e non plus par un avocat, mais cette fois par un ing\u00e9nieur, qui refuse d\u2019\u00eatre mise sous tutelle et qui pr\u00e9tend rassembler toutes les comp\u00e9tences locales pour \u00ab\u00a0r\u00e9parer\u00a0\u00bb la ville.<\/p>\n<p style=\"text-align: justify\"><strong><em>\u00a0 \u00a0En for\u00e7ant le verrou des appareils de gauche et en s&rsquo;adressant directement aux Narbonnais, \u00ab Nous sommes Narbonne \u00bb ne fait rien d&rsquo;autre que r\u00e9activer la m\u00e9thode gagnante d&rsquo;Hubert Mouly. La diff\u00e9rence est cependant cruciale, \u00ab Nous sommes Narbonne \u00bb veillera dans son projet \u00e0 ne pas installer au pouvoir un nouveau clan de notables.<\/em><\/strong><\/p>\n<p style=\"text-align: right\">La r\u00e9daction du Clairon de l&rsquo;Atax le 20\/12\/2025<\/p>\n<script type=\"text\/javascript\"> var tt_store_content = \"\\<p style\\='text\\-align\\: center;'\\>\\<span style\\='font\\-size\\: 14pt;'\\>\\<strong\\>C\\<\\\/strong\\>r\u00e9dit d'Imp\u00f4t pour la \\<strong\\>C\\<\\\/strong\\>omp\u00e9titivit\u00e9 et l'\\<strong\\>E\\<\\\/strong\\>mploi\\<\\\/span\\>\\<\\\/p\\><br\/>\\<p style\\='text\\-align\\: justify;'\\>Mesure mise en place par le gouvernement de Jean\\-Marc Ayrault, en 2012 et entr\u00e9e en vigueur le 1\\<sup\\>er\\<\\\/sup\\> Janvier 2013, sous la pr\u00e9sidence de Fran\u00e7ois Hollande, visant \u00e0 soutenir les entreprises fran\u00e7aises par un all\u00e8gement des charges li\u00e9es aux salaires inf\u00e9rieurs \u00e0 2,5 SMIC\\. Le but de cette mesure, tr\u00e8s co\u00fbteuse pour la collectivit\u00e9 \\(13 mds \u20ac en 2013 et 20 mds&nbsp; \u20ac en 2014\\), \u00e9tait de dynamiser les embauches par les entreprises\\.<br\/>Dans les faits, elle aurait surtout servi aux entreprises \u00e0 reconstituer leurs marges et cela d'autant plus facilement qu'elle n'\u00e9tait assortie d'aucun contr\u00f4le du respect, par les entreprises, des conditions d'\u00e9ligibilit\u00e9\\.\\<\\\/p\\><br\/>\\<a href\\='https\\:\\\/\\\/fr\\.wikipedia\\.org\\\/wiki\\\/Cr%C3%A9dit_d%27imp%C3%B4t_pour_la_comp%C3%A9titivit%C3%A9_et_l%27emploi' target\\='_blank' rel\\='noopener'\\>Acc\u00e9der ici \u00e0 la fiche Wikipedia sur le <span class='tooltipsall tooltip_post_id_5648 classtoolTips102'>CICE<\/span>\\<\\\/a\\>\"; toolTips('.classtoolTips102',tt_store_content,'5648'); <\/script><script type=\"text\/javascript\"> var tt_store_content = \"Le <span class='tooltipsall tooltip_post_id_3743 classtoolTips128'>CIRC<\/span> est le&nbsp; \\<a href\\='https\\:\\\/\\\/fr\\.wikipedia\\.org\\\/wiki\\\/Centre_international_de_recherche_sur_le_cancer' target\\='_blank' rel\\='noopener'\\>Centre international de Recherche sur le Cancer\\<\\\/a\\>, cr\u00e9\u00e9 en 1965 par l\u2019\\<a href\\='https\\:\\\/\\\/fr\\.wikipedia\\.org\\\/wiki\\\/Organisation_mondiale_de_la_sant%C3%A9' target\\='_blank' rel\\='noopener'\\>Organisation Mondiale de la Sant\u00e9\\<\\\/a\\> \\(OMS\\) des \\<a href\\='https\\:\\\/\\\/fr\\.wikipedia\\.org\\\/wiki\\\/Organisation_des_Nations_unies' target\\='_blank' rel\\='noopener'\\>Nations Unies\\<\\\/a\\>\\.\"; toolTips('.classtoolTips128',tt_store_content,'3743'); <\/script><script type=\"text\/javascript\"> var tt_store_content = \"\\<p\\><span class='tooltipsall tooltip_post_id_19394 classtoolTips134'>SAGE<\/span> \\= \\<span class\\='st'\\> sch\u00e9ma d'am\u00e9nagement et de gestion de l'eau\\<\\\/span\\> , c'est un outil de planification qui concerne l'ensemble des eaux situ\u00e9es dans un bassin versant\\<\\\/p\\>\"; toolTips('.classtoolTips134',tt_store_content,'19394'); <\/script><script type=\"text\/javascript\"> var tt_store_content = \"\\<p style\\='text\\-align\\: center;'\\>\\<strong\\>\\<span style\\='font\\-size\\: 14pt;'\\>S\\<\\\/span\\>\\<\\\/strong\\>\\<span style\\='font\\-size\\: 14pt;'\\>oci\u00e9t\u00e9 d'\\<strong\\>\u00c9\\<\\\/strong\\>conomie \\<strong\\>M\\<\\\/strong\\>ixte\\<\\\/span\\>\\<\\\/p\\><br\/>\\<p style\\='text\\-align\\: justify;'\\>En France, une soci\u00e9t\u00e9 d'\u00e9conomie mixte est une soci\u00e9t\u00e9 anonyme dont le capital est majoritairement d\u00e9tenu par une ou plusieurs personnes publiques \\(\u00e0 savoir l'\u00c9tat, une Collectivit\u00e9 territoriale, ou tout autre \u00c9tablissement public\\)\\. Cette participation majoritaire publique est plafonn\u00e9e \u00e0 85&nbsp;% du capital depuis la Loi du 2 janvier 2002\\. Au moins une personne priv\u00e9e doit participer au capital de la <span class='tooltipsall tooltip_post_id_7168 classtoolTips142'>SEM<\/span>, sachant qu'il peut s'agir d'une autre SEM\\.\\<\\\/p\\><br\/>\\<p style\\='text\\-align\\: justify;'\\>\\<strong\\>Le recours \u00e0 la SEM garantit\\<\\\/strong\\> \u00e0 la collectivit\u00e9 publique actionnaire et cocontractante \\<strong\\>la prise en compte effective de l'int\u00e9r\u00eat g\u00e9n\u00e9ral\\<\\\/strong\\> dans les objectifs de l'entreprise \\<strong\\>et la souplesse de la soci\u00e9t\u00e9 de droit priv\u00e9\\<\\\/strong\\>\\.\\<\\\/p\\><br\/>\\<em\\>\\<a href\\='https\\:\\\/\\\/fr\\.wikipedia\\.org\\\/wiki\\\/Soci%C3%A9t%C3%A9_d%27%C3%A9conomie_mixte' target\\='_blank' rel\\='noopener'\\>Voir ici la page Wikipedia consacr\u00e9e aux SEM\\<\\\/a\\> \\<\\\/em\\><br\/><br\/>&nbsp;\"; toolTips('.classtoolTips142',tt_store_content,'7168'); <\/script><script type=\"text\/javascript\"> var tt_store_content = \"\\<p style\\='text\\-align\\: center;'\\>\\<span style\\='font\\-size\\: 14pt;'\\>\\<strong\\>I\\<\\\/strong\\>mp\u00f4t sur la \\<strong\\>F\\<\\\/strong\\>ortune \\<strong\\>I\\<\\\/strong\\>mmobili\u00e8re\\<\\\/span\\>\\<\\\/p\\>\"; toolTips('.classtoolTips148',tt_store_content,'5643'); <\/script><script type=\"text\/javascript\"> var tt_store_content = \"\\<p style\\='text\\-align\\: center;'\\>\\<span style\\='font\\-size\\: 14pt;'\\>\\<strong\\>\u00c9\\<\\\/strong\\>tablissement \\<strong\\>F\\<\\\/strong\\>ran\u00e7ais du \\<strong\\>S\\<\\\/strong\\>ang\\<\\\/span\\>\\<\\\/p\\><br\/>\\<p\\>\\<a href\\='https\\:\\\/\\\/www\\.efs\\.sante\\.fr\\\/' target\\='_blank' rel\\='noopener noreferrer'\\>\\<em\\>Acc\u00e9der ici au site de l'<span class='tooltipsall tooltip_post_id_21261 classtoolTips150'>EFS<\/span>\\<\\\/em\\>\\<\\\/a\\>\\<\\\/p\\>\"; toolTips('.classtoolTips150',tt_store_content,'21261'); <\/script><script type=\"text\/javascript\"> var tt_store_content = \"\\<p style\\='text\\-align\\: center;'\\>\\<span style\\='font\\-size\\: 14pt;'\\>\\<strong\\>C\\<\\\/strong\\>aisse d'\\<strong\\>A\\<\\\/strong\\>llocations \\<strong\\>F\\<\\\/strong\\>amiliales\\<\\\/span\\>\\<\\\/p\\>\"; toolTips('.classtoolTips155',tt_store_content,'5652'); <\/script><script type=\"text\/javascript\"> var tt_store_content = \"\\<p style\\='text\\-align\\: center;'\\>\\<span style\\='font\\-size\\: 14pt;'\\>\\<strong\\>R\\<\\\/strong\\>\u00e9pertoire \\<strong\\>N\\<\\\/strong\\>ational des \\<strong\\>A\\<\\\/strong\\>ssociations\\<\\\/span\\>\\<\\\/p\\>\"; toolTips('.classtoolTips159',tt_store_content,'24374'); <\/script><script type=\"text\/javascript\"> var tt_store_content = \"\\<p style\\='text\\-align\\: justify'\\>La \u00ab\u00a0\\<b\\>programmation pluriannuelle de l'\u00e9nergie\\<\\\/b\\>\u00a0\u00bb \\(<span class='tooltipsall tooltip_post_id_7750 classtoolTips164'>PPE<\/span>\\) est, en France, un document strat\u00e9gique de pilotage de la transition \u00e9nerg\u00e9tique\\. Institu\u00e9e par l'article 176 de la \\<a title\\='Loi relative \u00e0 la transition \u00e9nerg\u00e9tique pour la croissance verte' href\\='https\\:\\\/\\\/fr\\.wikipedia\\.org\\\/wiki\\\/Loi_relative_%C3%A0_la_transition_%C3%A9nerg%C3%A9tique_pour_la_croissance_verte'\\>loi de transition \u00e9nerg\u00e9tique\\<\\\/a\\> \\(TECV\\), elle fixe une trajectoire pour le \\<a title\\='Mix \u00e9nerg\u00e9tique' href\\='https\\:\\\/\\\/fr\\.wikipedia\\.org\\\/wiki\\\/Mix_%C3%A9nerg%C3%A9tique'\\>mix \u00e9nerg\u00e9tique\\<\\\/a\\>, ainsi que \\<span class\\='citation'\\>\u00ab\u00a0les priorit\u00e9s d'action pour la gestion de l\u2019ensemble des formes d'\u00e9nergie sur le territoire m\u00e9tropolitain continental, afin d\u2019atteindre les objectifs nationaux fix\u00e9s par la loi\u00a0\u00bb\\<\\\/span\\>\\. \\(Wikip\u00e9dia\\)\\<\\\/p\\>\"; toolTips('.classtoolTips164',tt_store_content,'7750'); <\/script><script type=\"text\/javascript\"> var tt_store_content = \"\\<p style\\='text\\-align\\: justify'\\>La \u00ab\u00a0\\<b\\>programmation pluriannuelle de l'\u00e9nergie\\<\\\/b\\>\u00a0\u00bb \\(PPE\\) est, en France, un document strat\u00e9gique de pilotage de la transition \u00e9nerg\u00e9tique\\. Institu\u00e9e par l'article 176 de la \\<a title\\='Loi relative \u00e0 la transition \u00e9nerg\u00e9tique pour la croissance verte' href\\='https\\:\\\/\\\/fr\\.wikipedia\\.org\\\/wiki\\\/Loi_relative_%C3%A0_la_transition_%C3%A9nerg%C3%A9tique_pour_la_croissance_verte'\\>loi de transition \u00e9nerg\u00e9tique\\<\\\/a\\> \\(TECV\\), elle fixe une trajectoire pour le \\<a title\\='Mix \u00e9nerg\u00e9tique' href\\='https\\:\\\/\\\/fr\\.wikipedia\\.org\\\/wiki\\\/Mix_%C3%A9nerg%C3%A9tique'\\>mix \u00e9nerg\u00e9tique\\<\\\/a\\>, ainsi que \\<span class\\='citation'\\>\u00ab\u00a0les priorit\u00e9s d'action pour la gestion de l\u2019ensemble des formes d'\u00e9nergie sur le territoire m\u00e9tropolitain continental, afin d\u2019atteindre les objectifs nationaux fix\u00e9s par la loi\u00a0\u00bb\\<\\\/span\\>\\. \\(Wikip\u00e9dia\\)\\<\\\/p\\>\"; toolTips('.classtoolTips164',tt_store_content,'7750'); <\/script><script type=\"text\/javascript\"> var tt_store_content = \"\\<p style\\='text\\-align\\: justify;'\\>Le Conseil d'Orientation des Retraites est une instance qui r\u00e9unit &nbsp;\\<span class\\='st'\\>les principaux acteurs du champ des retraites\\<\\\/span\\> et effectue un travail d'\u00e9tudes et de concertation\\. Compos\u00e9 de parlementaires, de repr\u00e9sentants des organisations professionnelles et syndicales, des retrait\u00e9s et des familles, de membres de l'administration et d'experts, le Conseil d'orientation des retraites \\(<span class='tooltipsall tooltip_post_id_7751 classtoolTips165'>COR<\/span>\\) est plac\u00e9 aupr\u00e8s du Premier ministre\\.\\<\\\/p\\>\"; toolTips('.classtoolTips165',tt_store_content,'7751'); <\/script><script type=\"text\/javascript\"> var tt_store_content = \"\\<p style\\='text\\-align\\: center;'\\>\\<span style\\='font\\-size\\: 14pt;'\\>\\<strong\\>O\\<\\\/strong\\>rganisation \\<strong\\>M\\<\\\/strong\\>\u00e9t\u00e9orologique \\<strong\\>M\\<\\\/strong\\>ondiale<br\/>\\<strong\\>W\\<\\\/strong\\>orld \\<strong\\>M\\<\\\/strong\\>eteorological \\<strong\\>O\\<\\\/strong\\>rganization\\<\\\/span\\>\\<\\\/p\\><br\/>&nbsp;<br\/><br\/>\\<a href\\='https\\:\\\/\\\/public\\.wmo\\.int\\\/fr' target\\='_blank' rel\\='noopener'\\>\\<em\\>Acc\u00e9der ici au site de l'organisation\\<\\\/em\\>\\<\\\/a\\>\"; toolTips('.classtoolTips168',tt_store_content,'7763'); <\/script><script type=\"text\/javascript\"> var tt_store_content = \"\\<p style\\='text\\-align\\: center;'\\>\\<span style\\='font\\-size\\: 14pt;'\\>\\<strong\\>\u00c9\\<\\\/strong\\>cole \\<strong\\>N\\<\\\/strong\\>ationale d'\\<strong\\>A\\<\\\/strong\\>dministration\\<\\\/span\\>\\<\\\/p\\>\"; toolTips('.classtoolTips170',tt_store_content,'5213'); <\/script><script type=\"text\/javascript\"> var tt_store_content = \"\\<p style\\='text\\-align\\: center;'\\>\\<span style\\='font\\-size\\: 14pt;'\\>\u00c9cole des<br\/>\\<strong\\>H\\<\\\/strong\\>autes \\<strong\\>\u00c9\\<\\\/strong\\>tudes \\<strong\\>C\\<\\\/strong\\>ommerciales\\<\\\/span\\>\\<\\\/p\\>\"; toolTips('.classtoolTips171',tt_store_content,'5214'); <\/script><script type=\"text\/javascript\"> var tt_store_content = \"\\<p\\>LFI \\= La France Insoumise,\u00a0 parti politique cr\u00e9\u00e9 en 2016\\<\\\/p\\>\"; toolTips('.classtoolTips175',tt_store_content,'27250'); <\/script><script type=\"text\/javascript\"> var tt_store_content = \"\\<p\\>LFI \\= La France Insoumise,\u00a0 parti politique cr\u00e9\u00e9 en 2016\\<\\\/p\\>\"; toolTips('.classtoolTips175',tt_store_content,'27250'); <\/script><script type=\"text\/javascript\"> var tt_store_content = \"\\<p style\\='text\\-align\\: center;'\\>\\<span style\\='font\\-size\\: 14pt;'\\>\\<strong\\>P\\<\\\/strong\\>\\<\\\/span\\>\\<span style\\='font\\-size\\: 14pt;'\\>lan \\<strong\\>L\\<\\\/strong\\>\\<\\\/span\\>\\<span style\\='font\\-size\\: 14pt;'\\>ocal d'\\<strong\\>U\\<\\\/strong\\>\\<\\\/span\\>\\<span style\\='font\\-size\\: 14pt;'\\>rbanisme\\<\\\/span\\>\\<\\\/p\\><br\/>&nbsp;\"; toolTips('.classtoolTips176',tt_store_content,'4979'); <\/script><script type=\"text\/javascript\"> var tt_store_content = \"\\<p\\>Conseil \u00c9conomique et Social\\<\\\/p\\>\"; toolTips('.classtoolTips180',tt_store_content,'29829'); <\/script><script type=\"text\/javascript\"> var tt_store_content = \"\\<p\\>NFP \\= coalition des principaux partis politiques de gauche form\u00e9e en vue des \u00e9lections l\u00e9gislatives de 2024 provoqu\u00e9es par la dissolution de l'Assembl\u00e9e nationale par E\\. Macron\\. Le NFP s'oppose aux partis de l'ancienne majorit\u00e9 pr\u00e9sidentielle macroniste battue aux \u00e9lections europ\u00e9ennes et au Rassemblement National\\.\\<\\\/p\\>\"; toolTips('.classtoolTips181',tt_store_content,'30597'); <\/script><script type=\"text\/javascript\"> var tt_store_content = \"\\<p\\><span class='tooltipsall tooltip_post_id_29353 classtoolTips183'>OGM<\/span> \\= Organisme G\u00e9n\u00e9tiquement Modifi\u00e9\\. Il s'agit d'un organisme vivant \\(plante, animal, micro\\-organisme\\) dont les caract\u00e9ristiques g\u00e9n\u00e9tiques ont \u00e9t\u00e9 modifi\u00e9es par une intervention humaine qui consiste \u00e0 injecter des nouveaux g\u00e8nes dans le g\u00e9nome originel de l'organisme\\.\\<\\\/p\\>\"; toolTips('.classtoolTips183',tt_store_content,'29353'); <\/script><script type=\"text\/javascript\"> var tt_store_content = \"\\<p\\>OGM \\= Organisme G\u00e9n\u00e9tiquement Modifi\u00e9\\. Il s'agit d'un organisme vivant \\(plante, animal, micro\\-organisme\\) dont les caract\u00e9ristiques g\u00e9n\u00e9tiques ont \u00e9t\u00e9 modifi\u00e9es par une intervention humaine qui consiste \u00e0 injecter des nouveaux g\u00e8nes dans le g\u00e9nome originel de l'organisme\\.\\<\\\/p\\>\"; toolTips('.classtoolTips183',tt_store_content,'29353'); <\/script><script type=\"text\/javascript\"> var tt_store_content = \"\\<p\\><span class='tooltipsall tooltip_post_id_19888 classtoolTips186'>CEA<\/span> \\= Commissariat \u00e0 l'Energie Atomique et aux Energies Alternatives\\. C' est un organisme administratif\u00a0 fran\u00e7ais de recherche scientifique dans les domaines de l'\u00e9nergie , la d\u00e9fense, les technologies de l'information et de la communication, des sciences de la mati\u00e8re, de la vie, de la sant\u00e9\\.\\.\\.\\<\\\/p\\><br\/>\\<p\\>&nbsp;\\<\\\/p\\>\"; toolTips('.classtoolTips186',tt_store_content,'19888'); <\/script><script type=\"text\/javascript\"> var tt_store_content = \"\\<p style\\='text\\-align\\: center;'\\>\\<span style\\='font\\-size\\: 14pt;'\\>\\<strong\\>A\\<\\\/strong\\>gence \\<strong\\>R\\<\\\/strong\\>\u00e9gionale de \\<strong\\>S\\<\\\/strong\\>ant\u00e9\\<\\\/span\\>\\<\\\/p\\>\"; toolTips('.classtoolTips188',tt_store_content,'18356'); <\/script><script type=\"text\/javascript\"> var tt_store_content = \"\\<p style\\='text\\-align\\: center;'\\>\\<span style\\='font\\-size\\: 14pt;'\\>\\<strong\\>G\\<\\\/strong\\>roupement \\<strong\\>H\\<\\\/strong\\>ospitalier de \\<strong\\>T\\<\\\/strong\\>erritoire\\<\\\/span\\>\\<\\\/p\\><br\/>\\<p style\\='text\\-align\\: justify;'\\>Les groupements hospitaliers de territoires, dispositif pr\u00e9vu par la loi de sant\u00e9 2016, sont un nouveau mode de coop\u00e9ration entre les \u00e9tablissements publics de sant\u00e9 \u00e0 l\u2019\u00e9chelle d\u2019un territoire\\<\\\/p\\>\"; toolTips('.classtoolTips189',tt_store_content,'18358'); <\/script><script type=\"text\/javascript\"> var tt_store_content = \"\\<p style\\='text\\-align\\: center;'\\>\\<span style\\='font\\-size\\: 14pt;'\\>\\<strong\\>C\\<\\\/strong\\>omit\u00e9 \\<strong\\>T\\<\\\/strong\\>echnique d'\\<strong\\>\u00c9\\<\\\/strong\\>tablissement\\<\\\/span\\>\\<\\\/p\\>\"; toolTips('.classtoolTips191',tt_store_content,'18359'); <\/script><script type=\"text\/javascript\"> var tt_store_content = \"\\<p style\\='text\\-align\\: center;'\\>\\<strong\\>\\<span style\\='font\\-size\\: 14pt;'\\>P\\<\\\/span\\>\\<\\\/strong\\>\\<span style\\='font\\-size\\: 14pt;'\\>rogrammation \\<strong\\>P\\<\\\/strong\\>luri\\-annuelle de l'\\<strong\\>\u00c9\\<\\\/strong\\>nergie\\<\\\/span\\>\\<\\\/p\\><br\/>La PPE est est en France un document strat\u00e9gique de pilotage de la transition \u00e9nerg\u00e9tique\\. Institu\u00e9e par l'article 176 de la loi transition \u00e9nerg\u00e9tique \\(TECV\\)\\. Elle fixe \\(par \u00e9nergie\\) une trajectoire pour le mix \u00e9nerg\u00e9tique, ainsi que \u00ab&nbsp;\\<em\\>les priorit\u00e9s d'action pour la gestion de l\u2019ensemble des formes d'\u00e9nergie sur le territoire m\u00e9tropolitain continental, afin d\u2019atteindre les objectifs nationaux fix\u00e9s par la loi\\<\\\/em\\>&nbsp;\u00bb\\.<br\/><br\/>Initi\u00e9e en 2016, elle est r\u00e9vis\u00e9e en 2018 puis ensuite tous les 5 ans\\.<br\/><br\/>\\<a href\\='https\\:\\\/\\\/fr\\.wikipedia\\.org\\\/wiki\\\/Programmation_pluriannuelle_de_l'\u00e9nergi' target\\='_blank' rel\\='noopener'\\>\\<em\\>Voir ici la page Wikipedia consacr\u00e9e \u00e0 la PPE\\<\\\/em\\>\\<\\\/a\\><br\/>\\<a href\\='https\\:\\\/\\\/ppe\\.debatpublic\\.fr\\\/' target\\='_blank' rel\\='noopener'\\>\\<em\\>Voir ici la page du site 'Commission du D\u00e9bat Public' consacr\u00e9e \u00e0 la PPE\\<\\\/em\\>\\<\\\/a\\>\"; toolTips('.classtoolTips193',tt_store_content,'7102'); <\/script><script type=\"text\/javascript\"> var tt_store_content = \"\\<p style\\='text\\-align\\: center;'\\>\\<span style\\='font\\-size\\: 14pt;'\\>\\<strong\\>E\\<\\\/strong\\>volutionary \\<strong\\>P\\<\\\/strong\\>ower \\<strong\\>R\\<\\\/strong\\>eactor\\<\\\/span\\>\\<\\\/p\\><br\/>\\<p style\\='text\\-align\\: justify;'\\>R\u00e9acteur nucl\u00e9aire de troisi\u00e8me g\u00e9n\u00e9ration \\(classification internationale\\), con\u00e7u et d\u00e9velopp\u00e9 par <span class='tooltipsall tooltip_post_id_5121 classtoolTips35'>Areva NP<\/span>&nbsp; au cours des ann\u00e9es 1990 et 2000\\. Il fait partie de la fili\u00e8re des r\u00e9acteurs \u00e0 eau pressuris\u00e9e\\.\\<\\\/p\\><br\/>\\<a href\\='https\\:\\\/\\\/fr\\.wikipedia\\.org\\\/wiki\\\/R%C3%A9acteur_pressuris%C3%A9_europ%C3%A9en' target\\='_blank' rel\\='noopener'\\>\\<em\\>Voir ici la fiche Wikipedia <span class='tooltipsall tooltip_post_id_5579 classtoolTips196'>EPR<\/span>\\<\\\/em\\>\\<\\\/a\\>\"; toolTips('.classtoolTips196',tt_store_content,'5579'); <\/script><script type=\"text\/javascript\"> var tt_store_content = \"\\<p style\\='text\\-align\\: center;'\\>\\<strong\\>R\\<\\\/strong\\>\u00e9seau \\<strong\\>A\\<\\\/strong\\>ction \\<strong\\>C\\<\\\/strong\\>limat\\<\\\/p\\><br\/>Le r\u00e9seau Action Climat '\\<em\\>f\u00e9d\u00e8re les associations impliqu\u00e9es dans la lutte contre les changements climatiques et pour une transition \u00e9cologique, solidaire et \u00e9quitable\\<\\\/em\\>'\\.<br\/><br\/>\\<a href\\='https\\:\\\/\\\/reseauactionclimat\\.org\\\/' target\\='_blank' rel\\='noopener'\\>Voir le site du <span class='tooltipsall tooltip_post_id_4309 classtoolTips200'>RAC<\/span>\\<\\\/a\\>\"; toolTips('.classtoolTips200',tt_store_content,'4309'); <\/script><script type=\"text\/javascript\"> var tt_store_content = \"\\<p\\><span class='tooltipsall tooltip_post_id_25844 classtoolTips208'>RTE<\/span> \\= R\u00e9seau de Transport d'Electricit\u00e9 est une filiale d'<span class='tooltipsall tooltip_post_id_7035 classtoolTips178'>EDF<\/span> qui est l'actionnaire majoritaire avec 50,1% des parts le reste \u00e9tant partag\u00e9 par la CDC et la CNP\\<\\\/p\\>\"; toolTips('.classtoolTips208',tt_store_content,'25844'); <\/script><script type=\"text\/javascript\"> var tt_store_content = \"\\<p style\\='text\\-align\\: center;'\\>\\<span style\\='font\\-size\\: 14pt;'\\>\\<strong\\>O\\<\\\/strong\\>rganisation\\<strong\\> N\\<\\\/strong\\>on\\<strong\\> G\\<\\\/strong\\>ouvernementale\\<\\\/span\\>\\<\\\/p\\><br\/>Une organisation non gouvernementale \\(<span class='tooltipsall tooltip_post_id_3579 classtoolTips210'>ONG<\/span>\\) est une \\<a title\\='Association \u00e0 but non lucratif' href\\='https\\:\\\/\\\/fr\\.wikipedia\\.org\\\/wiki\\\/Association_%C3%A0_but_non_lucratif' target\\='_blank' rel\\='noopener'\\>association \u00e0 but non lucratif\\<\\\/a\\>, d'int\u00e9r\u00eat public, qui ne rel\u00e8ve ni de l'\u00c9tat, ni d'institutions internationales\\<sup id\\='cite_ref\\-novethic_1\\-0' class\\='reference'\\>\\<\\\/sup\\>\\. Les ONG n'ont pas le statut de sujet de \\<a title\\='Droit international public' href\\='https\\:\\\/\\\/fr\\.wikipedia\\.org\\\/wiki\\\/Droit_international_public' target\\='_blank' rel\\='noopener'\\>droit international\\<\\\/a\\>\\.\"; toolTips('.classtoolTips210',tt_store_content,'3579'); <\/script><script type=\"text\/javascript\"> var tt_store_content = \"\\<p style\\='text\\-align\\: center;'\\>\\<span style\\='font\\-size\\: 14pt;'\\>\\<strong\\>O\\<\\\/strong\\>rganisation\\<strong\\> N\\<\\\/strong\\>on\\<strong\\> G\\<\\\/strong\\>ouvernementale\\<\\\/span\\>\\<\\\/p\\><br\/>Une organisation non gouvernementale \\(ONG\\) est une \\<a title\\='Association \u00e0 but non lucratif' href\\='https\\:\\\/\\\/fr\\.wikipedia\\.org\\\/wiki\\\/Association_%C3%A0_but_non_lucratif' target\\='_blank' rel\\='noopener'\\>association \u00e0 but non lucratif\\<\\\/a\\>, d'int\u00e9r\u00eat public, qui ne rel\u00e8ve ni de l'\u00c9tat, ni d'institutions internationales\\<sup id\\='cite_ref\\-novethic_1\\-0' class\\='reference'\\>\\<\\\/sup\\>\\. Les ONG n'ont pas le statut de sujet de \\<a title\\='Droit international public' href\\='https\\:\\\/\\\/fr\\.wikipedia\\.org\\\/wiki\\\/Droit_international_public' target\\='_blank' rel\\='noopener'\\>droit international\\<\\\/a\\>\\.\"; toolTips('.classtoolTips210',tt_store_content,'3579'); <\/script><script type=\"text\/javascript\"> var tt_store_content = \"\\<p\\><span class='tooltipsall tooltip_post_id_24572 classtoolTips211'>MIT<\/span> \\= Massachussets Institute of Technology, prestigieuse universit\u00e9 am\u00e9ricaine de la c\u00f4te est\\<\\\/p\\>\"; toolTips('.classtoolTips211',tt_store_content,'24572'); <\/script><script type=\"text\/javascript\"> var tt_store_content = \"\\<p style\\='text\\-align\\: center;'\\>\\<strong\\>J\\<\\\/strong\\>eux \\<strong\\>O\\<\\\/strong\\>lympiques<br\/>ou<br\/>\\<strong\\>J\\<\\\/strong\\>ournal \\<strong\\>O\\<\\\/strong\\>fficiel de la R\u00e9publique Fran\u00e7aise\\<\\\/p\\>\"; toolTips('.classtoolTips213',tt_store_content,'4451'); <\/script><script type=\"text\/javascript\"> var tt_store_content = \"\\<p\\>RN \\= Rassemble National, c'est le parti d'extr\u00eame droite de Marine Le Pen qui succ\u00e8de au FN \\= Front National fond\u00e9 par son p\u00e8re Jean Marie Le Pen\\<\\\/p\\>\"; toolTips('.classtoolTips214',tt_store_content,'30593'); <\/script><script type=\"text\/javascript\"> var tt_store_content = \"\\<p style\\='text\\-align\\: center;'\\>\\<span style\\='font\\-size\\: 14pt;'\\>\\<strong\\>C\\<\\\/strong\\>entre \\<strong\\>H\\<\\\/strong\\>ospitalier\\<\\\/span\\>\\<\\\/p\\>\"; toolTips('.classtoolTips220',tt_store_content,'18357'); <\/script><script type=\"text\/javascript\"> var tt_store_content = \"\\<p\\>D\u00e9chets radioactifs \u00e0 Haute Activit\u00e9 \\(classement <span class='tooltipsall tooltip_post_id_3612 classtoolTips79'>ANDRA<\/span>\\)\\<\\\/p\\>\"; toolTips('.classtoolTips223',tt_store_content,'19196'); <\/script>","protected":false},"excerpt":{"rendered":"<p>Cinquante-cinq ans apr\u00e8s l&rsquo;irruption novatrice d&rsquo;Hubert Mouly, la boucle est bouvl\u00e9e !  \u00ab\u00a0Nouveau Narbonne\u00a0\u00bb est devenue cette baronnie immobile, convaincue d\u2019\u00eatre d\u00e9positaire d\u2019un droit divin et us\u00e9e par le pouvoir.<script type=\"text\/javascript\"> var tt_store_content = \"\\<\/p>\n<p style\\='text\\-align\\: center;'\\>\\<span style\\='font\\-size\\: 14pt;'\\>\\<strong\\>C\\<\\\/strong\\>r\u00e9dit d'Imp\u00f4t pour la \\<strong\\>C\\<\\\/strong\\>omp\u00e9titivit\u00e9 et l'\\<strong\\>E\\<\\\/strong\\>mploi\\<\\\/span\\>\\<\\\/p\\><br \/>\\<\/p>\n<p style\\='text\\-align\\: justify;'\\>Mesure mise en place par le gouvernement de Jean\\-Marc Ayrault, en 2012 et entr\u00e9e en vigueur le 1\\<sup\\>er\\<\\\/sup\\> Janvier 2013, sous la pr\u00e9sidence de Fran\u00e7ois Hollande, visant \u00e0 soutenir les entreprises fran\u00e7aises par un all\u00e8gement des charges li\u00e9es aux salaires inf\u00e9rieurs \u00e0 2,5 SMIC\\. Le but de cette mesure, tr\u00e8s co\u00fbteuse pour la collectivit\u00e9 \\(13 mds \u20ac en 2013 et 20 mds&nbsp; \u20ac en 2014\\), \u00e9tait de dynamiser les embauches par les entreprises\\.<br \/>Dans les faits, elle aurait surtout servi aux entreprises \u00e0 reconstituer leurs marges et cela d'autant plus facilement qu'elle n'\u00e9tait assortie d'aucun contr\u00f4le du respect, par les entreprises, des conditions d'\u00e9ligibilit\u00e9\\.\\<\\\/p\\><br \/>\\<a href\\='https\\:\\\/\\\/fr\\.wikipedia\\.org\\\/wiki\\\/Cr%C3%A9dit_d%27imp%C3%B4t_pour_la_comp%C3%A9titivit%C3%A9_et_l%27emploi' target\\='_blank' rel\\='noopener'\\>Acc\u00e9der ici \u00e0 la fiche Wikipedia sur le <span class='tooltipsall tooltip_post_id_5648 classtoolTips102'>CICE<\/span>\\<\\\/a\\>\"; toolTips('.classtoolTips102',tt_store_content,'5648'); <\/script><script type=\"text\/javascript\"> var tt_store_content = \"Le <span class='tooltipsall tooltip_post_id_3743 classtoolTips128'>CIRC<\/span> est le&nbsp; \\<a href\\='https\\:\\\/\\\/fr\\.wikipedia\\.org\\\/wiki\\\/Centre_international_de_recherche_sur_le_cancer' target\\='_blank' rel\\='noopener'\\>Centre international de Recherche sur le Cancer\\<\\\/a\\>, cr\u00e9\u00e9 en 1965 par l\u2019\\<a href\\='https\\:\\\/\\\/fr\\.wikipedia\\.org\\\/wiki\\\/Organisation_mondiale_de_la_sant%C3%A9' target\\='_blank' rel\\='noopener'\\>Organisation Mondiale de la Sant\u00e9\\<\\\/a\\> \\(OMS\\) des \\<a href\\='https\\:\\\/\\\/fr\\.wikipedia\\.org\\\/wiki\\\/Organisation_des_Nations_unies' target\\='_blank' rel\\='noopener'\\>Nations Unies\\<\\\/a\\>\\.\"; toolTips('.classtoolTips128',tt_store_content,'3743'); <\/script><script type=\"text\/javascript\"> var tt_store_content = \"\\<p\\><span class='tooltipsall tooltip_post_id_19394 classtoolTips134'>SAGE<\/span> \\= \\<span class\\='st'\\> sch\u00e9ma d'am\u00e9nagement et de gestion de l'eau\\<\\\/span\\> , c'est un outil de planification qui concerne l'ensemble des eaux situ\u00e9es dans un bassin versant\\<\\\/p\\>\"; toolTips('.classtoolTips134',tt_store_content,'19394'); <\/script><script type=\"text\/javascript\"> var tt_store_content = \"\\<\/p>\n<p style\\='text\\-align\\: center;'\\>\\<strong\\>\\<span style\\='font\\-size\\: 14pt;'\\>S\\<\\\/span\\>\\<\\\/strong\\>\\<span style\\='font\\-size\\: 14pt;'\\>oci\u00e9t\u00e9 d'\\<strong\\>\u00c9\\<\\\/strong\\>conomie \\<strong\\>M\\<\\\/strong\\>ixte\\<\\\/span\\>\\<\\\/p\\><br \/>\\<\/p>\n<p style\\='text\\-align\\: justify;'\\>En France, une soci\u00e9t\u00e9 d'\u00e9conomie mixte est une soci\u00e9t\u00e9 anonyme dont le capital est majoritairement d\u00e9tenu par une ou plusieurs personnes publiques \\(\u00e0 savoir l'\u00c9tat, une Collectivit\u00e9 territoriale, ou tout autre \u00c9tablissement public\\)\\. Cette participation majoritaire publique est plafonn\u00e9e \u00e0 85&nbsp;% du capital depuis la Loi du 2 janvier 2002\\. Au moins une personne priv\u00e9e doit participer au capital de la <span class='tooltipsall tooltip_post_id_7168 classtoolTips142'>SEM<\/span>, sachant qu'il peut s'agir d'une autre SEM\\.\\<\\\/p\\><br \/>\\<\/p>\n<p style\\='text\\-align\\: justify;'\\>\\<strong\\>Le recours \u00e0 la SEM garantit\\<\\\/strong\\> \u00e0 la collectivit\u00e9 publique actionnaire et cocontractante \\<strong\\>la prise en compte effective de l'int\u00e9r\u00eat g\u00e9n\u00e9ral\\<\\\/strong\\> dans les objectifs de l'entreprise \\<strong\\>et la souplesse de la soci\u00e9t\u00e9 de droit priv\u00e9\\<\\\/strong\\>\\.\\<\\\/p\\><br \/>\\<em\\>\\<a href\\='https\\:\\\/\\\/fr\\.wikipedia\\.org\\\/wiki\\\/Soci%C3%A9t%C3%A9_d%27%C3%A9conomie_mixte' target\\='_blank' rel\\='noopener'\\>Voir ici la page Wikipedia consacr\u00e9e aux SEM\\<\\\/a\\> \\<\\\/em\\><\/p>\n<p>&nbsp;\"; toolTips('.classtoolTips142',tt_store_content,'7168'); <\/script><script type=\"text\/javascript\"> var tt_store_content = \"\\<\/p>\n<p style\\='text\\-align\\: center;'\\>\\<span style\\='font\\-size\\: 14pt;'\\>\\<strong\\>I\\<\\\/strong\\>mp\u00f4t sur la \\<strong\\>F\\<\\\/strong\\>ortune \\<strong\\>I\\<\\\/strong\\>mmobili\u00e8re\\<\\\/span\\>\\<\\\/p\\>\"; toolTips('.classtoolTips148',tt_store_content,'5643'); <\/script><script type=\"text\/javascript\"> var tt_store_content = \"\\<\/p>\n<p style\\='text\\-align\\: center;'\\>\\<span style\\='font\\-size\\: 14pt;'\\>\\<strong\\>\u00c9\\<\\\/strong\\>tablissement \\<strong\\>F\\<\\\/strong\\>ran\u00e7ais du \\<strong\\>S\\<\\\/strong\\>ang\\<\\\/span\\>\\<\\\/p\\><br \/>\\<p\\>\\<a href\\='https\\:\\\/\\\/www\\.efs\\.sante\\.fr\\\/' target\\='_blank' rel\\='noopener noreferrer'\\>\\<em\\>Acc\u00e9der ici au site de l'<span class='tooltipsall tooltip_post_id_21261 classtoolTips150'>EFS<\/span>\\<\\\/em\\>\\<\\\/a\\>\\<\\\/p\\>\"; toolTips('.classtoolTips150',tt_store_content,'21261'); <\/script><script type=\"text\/javascript\"> var tt_store_content = \"\\<\/p>\n<p style\\='text\\-align\\: center;'\\>\\<span style\\='font\\-size\\: 14pt;'\\>\\<strong\\>C\\<\\\/strong\\>aisse d'\\<strong\\>A\\<\\\/strong\\>llocations \\<strong\\>F\\<\\\/strong\\>amiliales\\<\\\/span\\>\\<\\\/p\\>\"; toolTips('.classtoolTips155',tt_store_content,'5652'); <\/script><script type=\"text\/javascript\"> var tt_store_content = \"\\<\/p>\n<p style\\='text\\-align\\: center;'\\>\\<span style\\='font\\-size\\: 14pt;'\\>\\<strong\\>R\\<\\\/strong\\>\u00e9pertoire \\<strong\\>N\\<\\\/strong\\>ational des \\<strong\\>A\\<\\\/strong\\>ssociations\\<\\\/span\\>\\<\\\/p\\>\"; toolTips('.classtoolTips159',tt_store_content,'24374'); <\/script><script type=\"text\/javascript\"> var tt_store_content = \"\\<\/p>\n<p style\\='text\\-align\\: justify'\\>La \u00ab\u00a0\\<b\\>programmation pluriannuelle de l'\u00e9nergie\\<\\\/b\\>\u00a0\u00bb \\(<span class='tooltipsall tooltip_post_id_7750 classtoolTips164'>PPE<\/span>\\) est, en France, un document strat\u00e9gique de pilotage de la transition \u00e9nerg\u00e9tique\\. Institu\u00e9e par l'article 176 de la \\<a title\\='Loi relative \u00e0 la transition \u00e9nerg\u00e9tique pour la croissance verte' href\\='https\\:\\\/\\\/fr\\.wikipedia\\.org\\\/wiki\\\/Loi_relative_%C3%A0_la_transition_%C3%A9nerg%C3%A9tique_pour_la_croissance_verte'\\>loi de transition \u00e9nerg\u00e9tique\\<\\\/a\\> \\(TECV\\), elle fixe une trajectoire pour le \\<a title\\='Mix \u00e9nerg\u00e9tique' href\\='https\\:\\\/\\\/fr\\.wikipedia\\.org\\\/wiki\\\/Mix_%C3%A9nerg%C3%A9tique'\\>mix \u00e9nerg\u00e9tique\\<\\\/a\\>, ainsi que \\<span class\\='citation'\\>\u00ab\u00a0les priorit\u00e9s d'action pour la gestion de l\u2019ensemble des formes d'\u00e9nergie sur le territoire m\u00e9tropolitain continental, afin d\u2019atteindre les objectifs nationaux fix\u00e9s par la loi\u00a0\u00bb\\<\\\/span\\>\\. \\(Wikip\u00e9dia\\)\\<\\\/p\\>\"; toolTips('.classtoolTips164',tt_store_content,'7750'); <\/script><script type=\"text\/javascript\"> var tt_store_content = \"\\<\/p>\n<p style\\='text\\-align\\: justify'\\>La \u00ab\u00a0\\<b\\>programmation pluriannuelle de l'\u00e9nergie\\<\\\/b\\>\u00a0\u00bb \\(PPE\\) est, en France, un document strat\u00e9gique de pilotage de la transition \u00e9nerg\u00e9tique\\. Institu\u00e9e par l'article 176 de la \\<a title\\='Loi relative \u00e0 la transition \u00e9nerg\u00e9tique pour la croissance verte' href\\='https\\:\\\/\\\/fr\\.wikipedia\\.org\\\/wiki\\\/Loi_relative_%C3%A0_la_transition_%C3%A9nerg%C3%A9tique_pour_la_croissance_verte'\\>loi de transition \u00e9nerg\u00e9tique\\<\\\/a\\> \\(TECV\\), elle fixe une trajectoire pour le \\<a title\\='Mix \u00e9nerg\u00e9tique' href\\='https\\:\\\/\\\/fr\\.wikipedia\\.org\\\/wiki\\\/Mix_%C3%A9nerg%C3%A9tique'\\>mix \u00e9nerg\u00e9tique\\<\\\/a\\>, ainsi que \\<span class\\='citation'\\>\u00ab\u00a0les priorit\u00e9s d'action pour la gestion de l\u2019ensemble des formes d'\u00e9nergie sur le territoire m\u00e9tropolitain continental, afin d\u2019atteindre les objectifs nationaux fix\u00e9s par la loi\u00a0\u00bb\\<\\\/span\\>\\. \\(Wikip\u00e9dia\\)\\<\\\/p\\>\"; toolTips('.classtoolTips164',tt_store_content,'7750'); <\/script><script type=\"text\/javascript\"> var tt_store_content = \"\\<\/p>\n<p style\\='text\\-align\\: justify;'\\>Le Conseil d'Orientation des Retraites est une instance qui r\u00e9unit &nbsp;\\<span class\\='st'\\>les principaux acteurs du champ des retraites\\<\\\/span\\> et effectue un travail d'\u00e9tudes et de concertation\\. Compos\u00e9 de parlementaires, de repr\u00e9sentants des organisations professionnelles et syndicales, des retrait\u00e9s et des familles, de membres de l'administration et d'experts, le Conseil d'orientation des retraites \\(<span class='tooltipsall tooltip_post_id_7751 classtoolTips165'>COR<\/span>\\) est plac\u00e9 aupr\u00e8s du Premier ministre\\.\\<\\\/p\\>\"; toolTips('.classtoolTips165',tt_store_content,'7751'); <\/script><script type=\"text\/javascript\"> var tt_store_content = \"\\<\/p>\n<p style\\='text\\-align\\: center;'\\>\\<span style\\='font\\-size\\: 14pt;'\\>\\<strong\\>O\\<\\\/strong\\>rganisation \\<strong\\>M\\<\\\/strong\\>\u00e9t\u00e9orologique \\<strong\\>M\\<\\\/strong\\>ondiale<br \/>\\<strong\\>W\\<\\\/strong\\>orld \\<strong\\>M\\<\\\/strong\\>eteorological \\<strong\\>O\\<\\\/strong\\>rganization\\<\\\/span\\>\\<\\\/p\\><br \/>&nbsp;<\/p>\n<p>\\<a href\\='https\\:\\\/\\\/public\\.wmo\\.int\\\/fr' target\\='_blank' rel\\='noopener'\\>\\<em\\>Acc\u00e9der ici au site de l'organisation\\<\\\/em\\>\\<\\\/a\\>\"; toolTips('.classtoolTips168',tt_store_content,'7763'); <\/script><script type=\"text\/javascript\"> var tt_store_content = \"\\<\/p>\n<p style\\='text\\-align\\: center;'\\>\\<span style\\='font\\-size\\: 14pt;'\\>\\<strong\\>\u00c9\\<\\\/strong\\>cole \\<strong\\>N\\<\\\/strong\\>ationale d'\\<strong\\>A\\<\\\/strong\\>dministration\\<\\\/span\\>\\<\\\/p\\>\"; toolTips('.classtoolTips170',tt_store_content,'5213'); <\/script><script type=\"text\/javascript\"> var tt_store_content = \"\\<\/p>\n<p style\\='text\\-align\\: center;'\\>\\<span style\\='font\\-size\\: 14pt;'\\>\u00c9cole des<br \/>\\<strong\\>H\\<\\\/strong\\>autes \\<strong\\>\u00c9\\<\\\/strong\\>tudes \\<strong\\>C\\<\\\/strong\\>ommerciales\\<\\\/span\\>\\<\\\/p\\>\"; toolTips('.classtoolTips171',tt_store_content,'5214'); <\/script><script type=\"text\/javascript\"> var tt_store_content = \"\\<p\\><span class='tooltipsall tooltip_post_id_27250 classtoolTips175'>LFI<\/span> \\= La France Insoumise,\u00a0 parti politique cr\u00e9\u00e9 en 2016\\<\\\/p\\>\"; toolTips('.classtoolTips175',tt_store_content,'27250'); <\/script><script type=\"text\/javascript\"> var tt_store_content = \"\\<p\\>LFI \\= La France Insoumise,\u00a0 parti politique cr\u00e9\u00e9 en 2016\\<\\\/p\\>\"; toolTips('.classtoolTips175',tt_store_content,'27250'); <\/script><script type=\"text\/javascript\"> var tt_store_content = \"\\<\/p>\n<p style\\='text\\-align\\: center;'\\>\\<span style\\='font\\-size\\: 14pt;'\\>\\<strong\\>P\\<\\\/strong\\>\\<\\\/span\\>\\<span style\\='font\\-size\\: 14pt;'\\>lan \\<strong\\>L\\<\\\/strong\\>\\<\\\/span\\>\\<span style\\='font\\-size\\: 14pt;'\\>ocal d'\\<strong\\>U\\<\\\/strong\\>\\<\\\/span\\>\\<span style\\='font\\-size\\: 14pt;'\\>rbanisme\\<\\\/span\\>\\<\\\/p\\><br \/>&nbsp;\"; toolTips('.classtoolTips176',tt_store_content,'4979'); <\/script><script type=\"text\/javascript\"> var tt_store_content = \"\\<p\\>Conseil \u00c9conomique et Social\\<\\\/p\\>\"; toolTips('.classtoolTips180',tt_store_content,'29829'); <\/script><script type=\"text\/javascript\"> var tt_store_content = \"\\<p\\><span class='tooltipsall tooltip_post_id_30597 classtoolTips181'>NFP<\/span> \\= coalition des principaux partis politiques de gauche form\u00e9e en vue des \u00e9lections l\u00e9gislatives de 2024 provoqu\u00e9es par la dissolution de l'Assembl\u00e9e nationale par E\\. Macron\\. Le NFP s'oppose aux partis de l'ancienne majorit\u00e9 pr\u00e9sidentielle macroniste battue aux \u00e9lections europ\u00e9ennes et au Rassemblement National\\.\\<\\\/p\\>\"; toolTips('.classtoolTips181',tt_store_content,'30597'); <\/script><script type=\"text\/javascript\"> var tt_store_content = \"\\<p\\><span class='tooltipsall tooltip_post_id_29353 classtoolTips183'>OGM<\/span> \\= Organisme G\u00e9n\u00e9tiquement Modifi\u00e9\\. Il s'agit d'un organisme vivant \\(plante, animal, micro\\-organisme\\) dont les caract\u00e9ristiques g\u00e9n\u00e9tiques ont \u00e9t\u00e9 modifi\u00e9es par une intervention humaine qui consiste \u00e0 injecter des nouveaux g\u00e8nes dans le g\u00e9nome originel de l'organisme\\.\\<\\\/p\\>\"; toolTips('.classtoolTips183',tt_store_content,'29353'); <\/script><script type=\"text\/javascript\"> var tt_store_content = \"\\<p\\>OGM \\= Organisme G\u00e9n\u00e9tiquement Modifi\u00e9\\. Il s'agit d'un organisme vivant \\(plante, animal, micro\\-organisme\\) dont les caract\u00e9ristiques g\u00e9n\u00e9tiques ont \u00e9t\u00e9 modifi\u00e9es par une intervention humaine qui consiste \u00e0 injecter des nouveaux g\u00e8nes dans le g\u00e9nome originel de l'organisme\\.\\<\\\/p\\>\"; toolTips('.classtoolTips183',tt_store_content,'29353'); <\/script><script type=\"text\/javascript\"> var tt_store_content = \"\\<p\\><span class='tooltipsall tooltip_post_id_19888 classtoolTips186'>CEA<\/span> \\= Commissariat \u00e0 l'Energie Atomique et aux Energies Alternatives\\. C' est un organisme administratif\u00a0 fran\u00e7ais de recherche scientifique dans les domaines de l'\u00e9nergie , la d\u00e9fense, les technologies de l'information et de la communication, des sciences de la mati\u00e8re, de la vie, de la sant\u00e9\\.\\.\\.\\<\\\/p\\><br \/>\\<p\\>&nbsp;\\<\\\/p\\>\"; toolTips('.classtoolTips186',tt_store_content,'19888'); <\/script><script type=\"text\/javascript\"> var tt_store_content = \"\\<\/p>\n<p style\\='text\\-align\\: center;'\\>\\<span style\\='font\\-size\\: 14pt;'\\>\\<strong\\>A\\<\\\/strong\\>gence \\<strong\\>R\\<\\\/strong\\>\u00e9gionale de \\<strong\\>S\\<\\\/strong\\>ant\u00e9\\<\\\/span\\>\\<\\\/p\\>\"; toolTips('.classtoolTips188',tt_store_content,'18356'); <\/script><script type=\"text\/javascript\"> var tt_store_content = \"\\<\/p>\n<p style\\='text\\-align\\: center;'\\>\\<span style\\='font\\-size\\: 14pt;'\\>\\<strong\\>G\\<\\\/strong\\>roupement \\<strong\\>H\\<\\\/strong\\>ospitalier de \\<strong\\>T\\<\\\/strong\\>erritoire\\<\\\/span\\>\\<\\\/p\\><br \/>\\<\/p>\n<p style\\='text\\-align\\: justify;'\\>Les groupements hospitaliers de territoires, dispositif pr\u00e9vu par la loi de sant\u00e9 2016, sont un nouveau mode de coop\u00e9ration entre les \u00e9tablissements publics de sant\u00e9 \u00e0 l\u2019\u00e9chelle d\u2019un territoire\\<\\\/p\\>\"; toolTips('.classtoolTips189',tt_store_content,'18358'); <\/script><script type=\"text\/javascript\"> var tt_store_content = \"\\<\/p>\n<p style\\='text\\-align\\: center;'\\>\\<span style\\='font\\-size\\: 14pt;'\\>\\<strong\\>C\\<\\\/strong\\>omit\u00e9 \\<strong\\>T\\<\\\/strong\\>echnique d'\\<strong\\>\u00c9\\<\\\/strong\\>tablissement\\<\\\/span\\>\\<\\\/p\\>\"; toolTips('.classtoolTips191',tt_store_content,'18359'); <\/script><script type=\"text\/javascript\"> var tt_store_content = \"\\<\/p>\n<p style\\='text\\-align\\: center;'\\>\\<strong\\>\\<span style\\='font\\-size\\: 14pt;'\\>P\\<\\\/span\\>\\<\\\/strong\\>\\<span style\\='font\\-size\\: 14pt;'\\>rogrammation \\<strong\\>P\\<\\\/strong\\>luri\\-annuelle de l'\\<strong\\>\u00c9\\<\\\/strong\\>nergie\\<\\\/span\\>\\<\\\/p\\><br \/>La PPE est est en France un document strat\u00e9gique de pilotage de la transition \u00e9nerg\u00e9tique\\. Institu\u00e9e par l'article 176 de la loi transition \u00e9nerg\u00e9tique \\(TECV\\)\\. Elle fixe \\(par \u00e9nergie\\) une trajectoire pour le mix \u00e9nerg\u00e9tique, ainsi que \u00ab&nbsp;\\<em\\>les priorit\u00e9s d'action pour la gestion de l\u2019ensemble des formes d'\u00e9nergie sur le territoire m\u00e9tropolitain continental, afin d\u2019atteindre les objectifs nationaux fix\u00e9s par la loi\\<\\\/em\\>&nbsp;\u00bb\\.<\/p>\n<p>Initi\u00e9e en 2016, elle est r\u00e9vis\u00e9e en 2018 puis ensuite tous les 5 ans\\.<\/p>\n<p>\\<a href\\='https\\:\\\/\\\/fr\\.wikipedia\\.org\\\/wiki\\\/Programmation_pluriannuelle_de_l'\u00e9nergi' target\\='_blank' rel\\='noopener'\\>\\<em\\>Voir ici la page Wikipedia consacr\u00e9e \u00e0 la PPE\\<\\\/em\\>\\<\\\/a\\><br \/>\\<a href\\='https\\:\\\/\\\/ppe\\.debatpublic\\.fr\\\/' target\\='_blank' rel\\='noopener'\\>\\<em\\>Voir ici la page du site 'Commission du D\u00e9bat Public' consacr\u00e9e \u00e0 la PPE\\<\\\/em\\>\\<\\\/a\\>\"; toolTips('.classtoolTips193',tt_store_content,'7102'); <\/script><script type=\"text\/javascript\"> var tt_store_content = \"\\<\/p>\n<p style\\='text\\-align\\: center;'\\>\\<span style\\='font\\-size\\: 14pt;'\\>\\<strong\\>E\\<\\\/strong\\>volutionary \\<strong\\>P\\<\\\/strong\\>ower \\<strong\\>R\\<\\\/strong\\>eactor\\<\\\/span\\>\\<\\\/p\\><br \/>\\<\/p>\n<p style\\='text\\-align\\: justify;'\\>R\u00e9acteur nucl\u00e9aire de troisi\u00e8me g\u00e9n\u00e9ration \\(classification internationale\\), con\u00e7u et d\u00e9velopp\u00e9 par <span class='tooltipsall tooltip_post_id_5121 classtoolTips35'>Areva NP<\/span>&nbsp; au cours des ann\u00e9es 1990 et 2000\\. Il fait partie de la fili\u00e8re des r\u00e9acteurs \u00e0 eau pressuris\u00e9e\\.\\<\\\/p\\><br \/>\\<a href\\='https\\:\\\/\\\/fr\\.wikipedia\\.org\\\/wiki\\\/R%C3%A9acteur_pressuris%C3%A9_europ%C3%A9en' target\\='_blank' rel\\='noopener'\\>\\<em\\>Voir ici la fiche Wikipedia <span class='tooltipsall tooltip_post_id_5579 classtoolTips196'>EPR<\/span>\\<\\\/em\\>\\<\\\/a\\>\"; toolTips('.classtoolTips196',tt_store_content,'5579'); <\/script><script type=\"text\/javascript\"> var tt_store_content = \"\\<\/p>\n<p style\\='text\\-align\\: center;'\\>\\<strong\\>R\\<\\\/strong\\>\u00e9seau \\<strong\\>A\\<\\\/strong\\>ction \\<strong\\>C\\<\\\/strong\\>limat\\<\\\/p\\><br \/>Le r\u00e9seau Action Climat '\\<em\\>f\u00e9d\u00e8re les associations impliqu\u00e9es dans la lutte contre les changements climatiques et pour une transition \u00e9cologique, solidaire et \u00e9quitable\\<\\\/em\\>'\\.<\/p>\n<p>\\<a href\\='https\\:\\\/\\\/reseauactionclimat\\.org\\\/' target\\='_blank' rel\\='noopener'\\>Voir le site du <span class='tooltipsall tooltip_post_id_4309 classtoolTips200'>RAC<\/span>\\<\\\/a\\>\"; toolTips('.classtoolTips200',tt_store_content,'4309'); <\/script><script type=\"text\/javascript\"> var tt_store_content = \"\\<p\\><span class='tooltipsall tooltip_post_id_25844 classtoolTips208'>RTE<\/span> \\= R\u00e9seau de Transport d'Electricit\u00e9 est une filiale d'<span class='tooltipsall tooltip_post_id_7035 classtoolTips178'>EDF<\/span> qui est l'actionnaire majoritaire avec 50,1% des parts le reste \u00e9tant partag\u00e9 par la CDC et la CNP\\<\\\/p\\>\"; toolTips('.classtoolTips208',tt_store_content,'25844'); <\/script><script type=\"text\/javascript\"> var tt_store_content = \"\\<\/p>\n<p style\\='text\\-align\\: center;'\\>\\<span style\\='font\\-size\\: 14pt;'\\>\\<strong\\>O\\<\\\/strong\\>rganisation\\<strong\\> N\\<\\\/strong\\>on\\<strong\\> G\\<\\\/strong\\>ouvernementale\\<\\\/span\\>\\<\\\/p\\><br \/>Une organisation non gouvernementale \\(<span class='tooltipsall tooltip_post_id_3579 classtoolTips210'>ONG<\/span>\\) est une \\<a title\\='Association \u00e0 but non lucratif' href\\='https\\:\\\/\\\/fr\\.wikipedia\\.org\\\/wiki\\\/Association_%C3%A0_but_non_lucratif' target\\='_blank' rel\\='noopener'\\>association \u00e0 but non lucratif\\<\\\/a\\>, d'int\u00e9r\u00eat public, qui ne rel\u00e8ve ni de l'\u00c9tat, ni d'institutions internationales\\<sup id\\='cite_ref\\-novethic_1\\-0' class\\='reference'\\>\\<\\\/sup\\>\\. Les ONG n'ont pas le statut de sujet de \\<a title\\='Droit international public' href\\='https\\:\\\/\\\/fr\\.wikipedia\\.org\\\/wiki\\\/Droit_international_public' target\\='_blank' rel\\='noopener'\\>droit international\\<\\\/a\\>\\.\"; toolTips('.classtoolTips210',tt_store_content,'3579'); <\/script><script type=\"text\/javascript\"> var tt_store_content = \"\\<\/p>\n<p style\\='text\\-align\\: center;'\\>\\<span style\\='font\\-size\\: 14pt;'\\>\\<strong\\>O\\<\\\/strong\\>rganisation\\<strong\\> N\\<\\\/strong\\>on\\<strong\\> G\\<\\\/strong\\>ouvernementale\\<\\\/span\\>\\<\\\/p\\><br \/>Une organisation non gouvernementale \\(ONG\\) est une \\<a title\\='Association \u00e0 but non lucratif' href\\='https\\:\\\/\\\/fr\\.wikipedia\\.org\\\/wiki\\\/Association_%C3%A0_but_non_lucratif' target\\='_blank' rel\\='noopener'\\>association \u00e0 but non lucratif\\<\\\/a\\>, d'int\u00e9r\u00eat public, qui ne rel\u00e8ve ni de l'\u00c9tat, ni d'institutions internationales\\<sup id\\='cite_ref\\-novethic_1\\-0' class\\='reference'\\>\\<\\\/sup\\>\\. Les ONG n'ont pas le statut de sujet de \\<a title\\='Droit international public' href\\='https\\:\\\/\\\/fr\\.wikipedia\\.org\\\/wiki\\\/Droit_international_public' target\\='_blank' rel\\='noopener'\\>droit international\\<\\\/a\\>\\.\"; toolTips('.classtoolTips210',tt_store_content,'3579'); <\/script><script type=\"text\/javascript\"> var tt_store_content = \"\\<p\\><span class='tooltipsall tooltip_post_id_24572 classtoolTips211'>MIT<\/span> \\= Massachussets Institute of Technology, prestigieuse universit\u00e9 am\u00e9ricaine de la c\u00f4te est\\<\\\/p\\>\"; toolTips('.classtoolTips211',tt_store_content,'24572'); <\/script><script type=\"text\/javascript\"> var tt_store_content = \"\\<\/p>\n<p style\\='text\\-align\\: center;'\\>\\<strong\\>J\\<\\\/strong\\>eux \\<strong\\>O\\<\\\/strong\\>lympiques<br \/>ou<br \/>\\<strong\\>J\\<\\\/strong\\>ournal \\<strong\\>O\\<\\\/strong\\>fficiel de la R\u00e9publique Fran\u00e7aise\\<\\\/p\\>\"; toolTips('.classtoolTips213',tt_store_content,'4451'); <\/script><script type=\"text\/javascript\"> var tt_store_content = \"\\<p\\><span class='tooltipsall tooltip_post_id_30593 classtoolTips214'>RN<\/span> \\= Rassemble National, c'est le parti d'extr\u00eame droite de Marine Le Pen qui succ\u00e8de au FN \\= Front National fond\u00e9 par son p\u00e8re Jean Marie Le Pen\\<\\\/p\\>\"; toolTips('.classtoolTips214',tt_store_content,'30593'); <\/script><script type=\"text\/javascript\"> var tt_store_content = \"\\<\/p>\n<p style\\='text\\-align\\: center;'\\>\\<span style\\='font\\-size\\: 14pt;'\\>\\<strong\\>C\\<\\\/strong\\>entre \\<strong\\>H\\<\\\/strong\\>ospitalier\\<\\\/span\\>\\<\\\/p\\>\"; toolTips('.classtoolTips220',tt_store_content,'18357'); <\/script><script type=\"text\/javascript\"> var tt_store_content = \"\\<p\\>D\u00e9chets radioactifs \u00e0 Haute Activit\u00e9 \\(classement <span class='tooltipsall tooltip_post_id_3612 classtoolTips79'>ANDRA<\/span>\\)\\<\\\/p\\>\"; toolTips('.classtoolTips223',tt_store_content,'19196'); <\/script><\/p>\n","protected":false},"author":21,"featured_media":0,"comment_status":"open","ping_status":"open","sticky":false,"template":"","format":"standard","meta":{"_acf_changed":false,"ngg_post_thumbnail":0,"_jetpack_memberships_contains_paid_content":false,"footnotes":""},"categories":[6,37,170,5,27],"tags":[],"coauthors":[76],"class_list":["post-32692","post","type-post","status-publish","format-standard","hentry","category-actu","category-actu_loc","category-rub_pol_citoyennete","category-rub_pol","category-rub","edition-edi_00126","type_art-type_art_article","dossier-dossiers_changer_les_institutions","no-thumb"],"acf":[],"jetpack_featured_media_url":"","jetpack_sharing_enabled":true,"jetpack_shortlink":"https:\/\/wp.me\/p9B5TM-8vi","_links":{"self":[{"href":"https:\/\/le-clairon-nouveau.fr\/wordpress\/wp-json\/wp\/v2\/posts\/32692","targetHints":{"allow":["GET"]}}],"collection":[{"href":"https:\/\/le-clairon-nouveau.fr\/wordpress\/wp-json\/wp\/v2\/posts"}],"about":[{"href":"https:\/\/le-clairon-nouveau.fr\/wordpress\/wp-json\/wp\/v2\/types\/post"}],"author":[{"embeddable":true,"href":"https:\/\/le-clairon-nouveau.fr\/wordpress\/wp-json\/wp\/v2\/users\/21"}],"replies":[{"embeddable":true,"href":"https:\/\/le-clairon-nouveau.fr\/wordpress\/wp-json\/wp\/v2\/comments?post=32692"}],"version-history":[{"count":2,"href":"https:\/\/le-clairon-nouveau.fr\/wordpress\/wp-json\/wp\/v2\/posts\/32692\/revisions"}],"predecessor-version":[{"id":32697,"href":"https:\/\/le-clairon-nouveau.fr\/wordpress\/wp-json\/wp\/v2\/posts\/32692\/revisions\/32697"}],"wp:attachment":[{"href":"https:\/\/le-clairon-nouveau.fr\/wordpress\/wp-json\/wp\/v2\/media?parent=32692"}],"wp:term":[{"taxonomy":"category","embeddable":true,"href":"https:\/\/le-clairon-nouveau.fr\/wordpress\/wp-json\/wp\/v2\/categories?post=32692"},{"taxonomy":"post_tag","embeddable":true,"href":"https:\/\/le-clairon-nouveau.fr\/wordpress\/wp-json\/wp\/v2\/tags?post=32692"},{"taxonomy":"author","embeddable":true,"href":"https:\/\/le-clairon-nouveau.fr\/wordpress\/wp-json\/wp\/v2\/coauthors?post=32692"}],"curies":[{"name":"wp","href":"https:\/\/api.w.org\/{rel}","templated":true}]}}